{"id":58754,"date":"2025-03-03T21:09:50","date_gmt":"2025-03-03T20:09:50","guid":{"rendered":"https:\/\/cparici.com\/?p=58754"},"modified":"2026-02-03T14:21:51","modified_gmt":"2026-02-03T13:21:51","slug":"roscoff-2","status":"publish","type":"post","link":"https:\/\/cparici.com\/de\/roscoff-2\/","title":{"rendered":"Roscoff - eine kleine Stadt zum Entdecken"},"content":{"rendered":"\t\t<div data-elementor-type=\"wp-post\" data-elementor-id=\"58754\" class=\"elementor elementor-58754\" data-elementor-post-type=\"post\">\n\t\t\t\t<div class=\"elementor-element elementor-element-509d97e e-con-full e-flex e-con e-parent\" data-id=\"509d97e\" data-element_type=\"container\" data-e-type=\"container\">\n\t\t\t\t<div class=\"elementor-element elementor-element-18d6d25 elementor-widget elementor-widget-image\" data-id=\"18d6d25\" data-element_type=\"widget\" data-e-type=\"widget\" data-widget_type=\"image.default\">\n\t\t\t\t\t\t\t\t\t\t\t\t\t\t\t<img decoding=\"async\" width=\"1500\" height=\"530\" src=\"https:\/\/cparici.com\/wp-content\/uploads\/2025\/03\/cparici-2025-03-03T210310.209.jpg\" class=\"attachment-full size-full wp-image-58755\" alt=\"Roscoff\" srcset=\"https:\/\/cparici.com\/wp-content\/uploads\/2025\/03\/cparici-2025-03-03T210310.209.jpg 1500w, https:\/\/cparici.com\/wp-content\/uploads\/2025\/03\/cparici-2025-03-03T210310.209-300x106.jpg 300w, https:\/\/cparici.com\/wp-content\/uploads\/2025\/03\/cparici-2025-03-03T210310.209-1024x362.jpg 1024w, https:\/\/cparici.com\/wp-content\/uploads\/2025\/03\/cparici-2025-03-03T210310.209-768x271.jpg 768w, https:\/\/cparici.com\/wp-content\/uploads\/2025\/03\/cparici-2025-03-03T210310.209-18x6.jpg 18w, https:\/\/cparici.com\/wp-content\/uploads\/2025\/03\/cparici-2025-03-03T210310.209-590x208.jpg 590w, https:\/\/cparici.com\/wp-content\/uploads\/2025\/03\/cparici-2025-03-03T210310.209-1200x424.jpg 1200w, https:\/\/cparici.com\/wp-content\/uploads\/2025\/03\/cparici-2025-03-03T210310.209-577x204.jpg 577w, https:\/\/cparici.com\/wp-content\/uploads\/2025\/03\/cparici-2025-03-03T210310.209-600x212.jpg 600w\" sizes=\"(max-width: 1500px) 100vw, 1500px\" \/>\t\t\t\t\t\t\t\t\t\t\t\t\t\t\t<\/div>\n\t\t\t\t<\/div>\n\t\t<aside class=\"elementor-element elementor-element-fba6cec e-flex e-con-boxed e-con e-parent\" data-id=\"fba6cec\" data-element_type=\"container\" data-e-type=\"container\">\n\t\t\t\t\t<div class=\"e-con-inner\">\n\t\t\t\t<div class=\"elementor-element elementor-element-266e06f elementor-widget elementor-widget-global elementor-global-62046 elementor-widget-eael-advanced-search\" data-id=\"266e06f\" data-element_type=\"widget\" data-e-type=\"widget\" data-widget_type=\"eael-advanced-search.default\">\n\t\t\t\t\t        <div class=\"eael-adv-search-wrapper\">\n            <div id=\"eael-advanced-search-widget-266e06f\" class=\"eael-advanced-search-widget\">\n                <form data-settings=\"{&quot;post_per_page&quot;:5,&quot;search_among_taxonomies&quot;:&quot;&quot;,&quot;search_among_sku&quot;:&quot;no&quot;,&quot;show_popular_keyword&quot;:0,&quot;show_category&quot;:0,&quot;show_content_image&quot;:1,&quot;show_search_result_all_results&quot;:0,&quot;result_on_new_tab&quot;:&quot;no&quot;,&quot;show_product_price&quot;:&quot;no&quot;,&quot;include_current_page&quot;:&quot;no&quot;,&quot;current_post_id&quot;:58754,&quot;post_type&quot;:[&quot;post&quot;,&quot;listing&quot;]}\" method=\"POST\" name=\"eael-advanced-search-form-266e06f\" class=\"eael-advanced-search-form eael-advanced-search-form-style-2\">\n                    <div class=\"eael-advanced-search-wrap\">\n                        <span class=\"eael-adv-search-loader\"><\/span>\n                        <span class=\"eael-adv-search-close\"><i class=\"fas fa-times\"><\/i><\/span>\n                        <span class=\"icon \"><i class=\"fas fa-search\"><\/i><\/span>\n\n                        <input type=\"text\"\n                               placeholder=\"Votre destination\"\n                               class=\"eael-advanced-search\" autocomplete=\"off\" name=\"eael_advanced_search\">\n                    <\/div>\n\t\t\t\t\t                                    <\/form>\n\n\t\t\t\t\n\t\t\t\t        <div class=\"eael-advanced-search-result\">\n            <div class=\"eael-advanced-search-popular-keyword\">\n\t\t\t\t<h4 class=\"eael-advanced-search-popular-keyword-text\">Recherches populaires<\/h4>                <div class=\"eael-popular-keyword-content\"><\/div>\n            <\/div>\n            <div class=\"eael-advanced-search-category\">\n\t\t\t\t<h4 class=\"eael-advanced-search-category-text\">Categories<\/h4>                <div class=\"eael-popular-category-content\"><\/div>\n            <\/div>\n\t\t\t<div class=\"eael-advanced-search-total-results-section\">\n\t\t\t\t\t\t\t<\/div>\n            <div class=\"eael-advanced-search-content eael-item-style-3\">\n            <\/div>\n            <div class=\"eael-advanced-search-not-found\">\n                <p>Pas de r\u00e9sultats<\/p><\/div>\n            <div class=\"eael-advanced-search-load-more\">\n\t\t\t\t<a \tclass=\"eael-advanced-search-load-more-button\"\n                \thref=\"#\">Voir tous les r\u00e9sultats<\/a>\n            <\/div>\n        <\/div>\n\n\t\t            <\/div>\n        <\/div>\n\n\t\t\t\t\t\t<\/div>\n\t\t\t\t\t<\/div>\n\t\t\t\t<\/aside>\n\t\t<div class=\"elementor-element elementor-element-12c97634 e-flex e-con-boxed e-con e-parent\" data-id=\"12c97634\" data-element_type=\"container\" data-e-type=\"container\">\n\t\t\t\t\t<div class=\"e-con-inner\">\n\t\t\t\t<div class=\"elementor-element elementor-element-e2e0a01 elementor-widget elementor-widget-text-editor\" data-id=\"e2e0a01\" data-element_type=\"widget\" data-e-type=\"widget\" data-widget_type=\"text-editor.default\">\n\t\t\t\t\t\t\t\t\t<h1 style=\"text-align: center;\" data-start=\"40\" data-end=\"85\"><strong data-start=\"40\" data-end=\"85\">Roscoff<\/strong><\/h1><p data-start=\"87\" data-end=\"206\">Situ\u00e9e sur la c\u00f4te nord du <a href=\"https:\/\/cparici.com\/visiter-le-finistere-guide-ultime-des-lieux-a-decouvrir\/\">Finist\u00e8re<\/a>, <strong data-start=\"38\" data-end=\"49\">Roscoff<\/strong> est une petite cit\u00e9 de caract\u00e8re qui s\u00e9duit par son riche patrimoine, ses paysages c\u00f4tiers pittoresques et son ambiance authentique. Cette charmante commune <a href=\"https:\/\/cparici.com\/visiter-la-bretagne-guide-des-sites-et-villes-a-explorer\/\">bretonne<\/a> offre une multitude d&#8217;activit\u00e9s et de d\u00e9couvertes pour les visiteurs en qu\u00eate d&#8217;authenticit\u00e9 et de beaut\u00e9 naturelle.\u200b<\/p><h2 data-start=\"208\" data-end=\"233\"><strong data-start=\"208\" data-end=\"233\">D\u00e9couverte de Roscoff<\/strong><\/h2><p data-start=\"235\" data-end=\"392\">Fond\u00e9e au XVI\u1d49 si\u00e8cle, Roscoff a su pr\u00e9server son architecture traditionnelle avec ses maisons en granit orn\u00e9es de lucarnes finement sculpt\u00e9es et ses ruelles pav\u00e9es. Le vieux port, autrefois rep\u00e8re de corsaires et de contrebandiers, est aujourd&#8217;hui un lieu de promenade incontournable o\u00f9 l&#8217;on peut admirer les bateaux color\u00e9s et les allers-retours des p\u00eacheurs. \u200b<\/p><p data-start=\"394\" data-end=\"555\">L&#8217;\u00e9glise Notre-Dame-de-Croaz-Batz, \u00e9difi\u00e9e entre 1522 et 1545, est un exemple remarquable du style gothique flamboyant breton. Son clocher Renaissance et ses ornements sculpt\u00e9s t\u00e9moignent de la prosp\u00e9rit\u00e9 pass\u00e9e de la ville.<\/p>\t\t\t\t\t\t\t\t<\/div>\n\t\t\t\t\t<\/div>\n\t\t\t\t<\/div>\n\t\t<aside class=\"elementor-element elementor-element-5090fd46 e-flex e-con-boxed e-con e-parent\" data-id=\"5090fd46\" data-element_type=\"container\" data-e-type=\"container\" data-settings=\"{&quot;background_background&quot;:&quot;classic&quot;}\">\n\t\t\t\t\t<div class=\"e-con-inner\">\n\t\t\t\t<div class=\"elementor-element elementor-element-2242153f elementor-widget elementor-widget-spacer\" data-id=\"2242153f\" data-element_type=\"widget\" data-e-type=\"widget\" data-widget_type=\"spacer.default\">\n\t\t\t\t\t\t\t<div class=\"elementor-spacer\">\n\t\t\t<div class=\"elementor-spacer-inner\"><\/div>\n\t\t<\/div>\n\t\t\t\t\t\t<\/div>\n\t\t\t\t<div class=\"elementor-element elementor-element-58059dd1 elementor-widget elementor-widget-heading\" data-id=\"58059dd1\" data-element_type=\"widget\" data-e-type=\"widget\" data-widget_type=\"heading.default\">\n\t\t\t\t\t<h2 class=\"elementor-heading-title elementor-size-default\">H\u00e9bergements de Vacances Roscoff en direct<\/h2>\t\t\t\t<\/div>\n\t\t\t\t<div class=\"elementor-element elementor-element-1268c21a elementor-widget elementor-widget-listeo-listings-carousel\" data-id=\"1268c21a\" data-element_type=\"widget\" data-e-type=\"widget\" data-widget_type=\"listeo-listings-carousel.default\">\n\t\t\t\t<div class=\"elementor-widget-container\">\n\t\t\t\t\t        <!-- Carousel \/ Start -->\n        \t<div class=\"simple-slick-carousel dots-nav\" data-slick='{&quot;autoplay&quot;:true,&quot;autoplaySpeed&quot;:3000,&quot;slidesToShow&quot;:3,&quot;slidesToScroll&quot;:1,&quot;responsive&quot;:[{&quot;breakpoint&quot;:1024,&quot;settings&quot;:{&quot;slidesToShow&quot;:2,&quot;slidesToScroll&quot;:1}},{&quot;breakpoint&quot;:768,&quot;settings&quot;:{&quot;slidesToShow&quot;:1,&quot;slidesToScroll&quot;:1}}]}'>\n                            <div class=\"fw-carousel-item\">                    \n                        <!-- Listing Item -->\r\n            <div class=\"col-lg-6 col-md-12\">\r\n                <a href=\"https:\/\/cparici.com\/de\/annonce\/maison-de-vacances-ty-roscoff\/\" class=\"listing-item-container listing-geo-data compact\" data-title=\"Maison de vacances Ty Rosc&#8217;OFF\" data-listing-type=\"rental\" data-classifieds-price=\"&euro;\" data-friendly-address=\"Roscoff 400m du centre historique\" data-address=\"Roscoff 400m du centre historique\" data-image=\"https:\/\/cparici.com\/wp-content\/uploads\/2026\/01\/maison-roscoff-520x397.jpeg\" data-longitude=\"-3.971965312957764\" data-latitude=\"48.72219081931061\" data-rating=\"0\" data-reviews=\"0\" data-icon=\"&lt;svg xmlns=&quot;http:\/\/www.w3.org\/2000\/svg&quot; width=&quot;800px&quot; height=&quot;800px&quot; viewBox=&quot;0 0 45 45&quot; fill=&quot;none&quot;&gt;\n&lt;path d=&quot;M24.155 8.78099L24.33 8.94499L37.402 21.787L36 23.213L34.2 21.445L34.201 35C34.201 36.054 33.385 36.918 32.35 36.994L32.201 37H12.201C11.147 37 10.283 36.184 10.206 35.149L10.201 35L10.2 21.446L8.402 23.213L7 21.787L20.058 8.95799C21.171 7.82199 22.966 7.75899 24.155 8.78099ZM21.569 10.285L21.473 10.372L12.2 19.481L12.201 35L17.2 34.999L17.201 25C17.201 23.946 18.017 23.082 19.052 23.005L19.201 23H25.201C26.255 23 27.119 23.816 27.196 24.851L27.201 25L27.2 34.999L32.201 35L32.2 19.48L22.901 10.344C22.537 9.98699 21.969 9.96499 21.569 10.285ZM25.201 25H19.201L19.2 34.999H25.2L25.201 25Z&quot; fill=&quot;#3C3C3C&quot;\/&gt;\n&lt;\/svg&gt;\">\r\n            <div class=\"listing-item  \">\r\n                <div class=\"listing-small-badges-container\">\r\n                                                                <div class=\"listing-small-badge pricing-badge\"><i class=\"fa fa-tag\"><\/i>140,00&euro; - 280,00&euro;<\/div>\r\n                                                            \r\n                                        \r\n                                        \r\n                <\/div>\r\n                <img decoding=\"async\" src=\"https:\/\/cparici.com\/wp-content\/uploads\/2026\/01\/maison-roscoff-520x397.jpeg\" alt=\"Maison de vacances Ty Rosc&#8217;OFF\" class=\"listing-thumbnail\">\r\n                \r\n\r\n                <div class=\"listing-item-content\">\r\n                    \r\n                    <h3> Maison de vacances Ty Rosc&#8217;OFF <\/h3>\r\n                    <span>Roscoff 400m du centre historique<\/span>\r\n                <\/div>\r\n                                        <span class=\"save like-icon tooltip left\" title=\"Login To Bookmark Items\"><\/span>\r\n                                                <\/div>\r\n        <\/a>\r\n                    <\/div>\r\n        \r\n\r\n        <!-- Listing Item \/ End -->\n                    <\/div>\n                                      <div class=\"fw-carousel-item\">                    \n                        <!-- Listing Item -->\r\n            <div class=\"col-lg-6 col-md-12\">\r\n                <a href=\"https:\/\/cparici.com\/de\/annonce\/maison-de-vacances-ty-eon-mor\/\" class=\"listing-item-container listing-geo-data compact\" data-title=\"Maison de Vacances Ty Eon Mor\" data-listing-type=\"rental\" data-classifieds-price=\"&euro;\" data-friendly-address=\"saint-Pol-de-L\u00e9on , 150 m plage de Sainte-Anne\" data-address=\"saint-Pol-de-L\u00e9on , 150 m plage de Sainte-Anne\" data-image=\"https:\/\/cparici.com\/wp-content\/uploads\/2026\/01\/IMG-20260130-WA0028-520x397.jpg\" data-longitude=\"-3.969706\" data-latitude=\"48.6889036\" data-rating=\"0\" data-reviews=\"0\" data-icon=\"&lt;svg xmlns=&quot;http:\/\/www.w3.org\/2000\/svg&quot; width=&quot;800px&quot; height=&quot;800px&quot; viewBox=&quot;0 0 45 45&quot; fill=&quot;none&quot;&gt;\n&lt;path d=&quot;M24.155 8.78099L24.33 8.94499L37.402 21.787L36 23.213L34.2 21.445L34.201 35C34.201 36.054 33.385 36.918 32.35 36.994L32.201 37H12.201C11.147 37 10.283 36.184 10.206 35.149L10.201 35L10.2 21.446L8.402 23.213L7 21.787L20.058 8.95799C21.171 7.82199 22.966 7.75899 24.155 8.78099ZM21.569 10.285L21.473 10.372L12.2 19.481L12.201 35L17.2 34.999L17.201 25C17.201 23.946 18.017 23.082 19.052 23.005L19.201 23H25.201C26.255 23 27.119 23.816 27.196 24.851L27.201 25L27.2 34.999L32.201 35L32.2 19.48L22.901 10.344C22.537 9.98699 21.969 9.96499 21.569 10.285ZM25.201 25H19.201L19.2 34.999H25.2L25.201 25Z&quot; fill=&quot;#3C3C3C&quot;\/&gt;\n&lt;\/svg&gt;\">\r\n            <div class=\"listing-item  featured-listing\">\r\n                <div class=\"listing-small-badges-container\">\r\n                                            <div class=\"listing-small-badge featured-badge\"><i class=\"fa fa-star\"><\/i> Featured<\/div>\r\n                                                                <div class=\"listing-small-badge pricing-badge\"><i class=\"fa fa-tag\"><\/i>93,00&euro; - 207,00&euro;<\/div>\r\n                                                            \r\n                                        \r\n                                        \r\n                <\/div>\r\n                <img decoding=\"async\" src=\"https:\/\/cparici.com\/wp-content\/uploads\/2026\/01\/IMG-20260130-WA0028-520x397.jpg\" alt=\"Maison de Vacances Ty Eon Mor\" class=\"listing-thumbnail\">\r\n                \r\n\r\n                <div class=\"listing-item-content\">\r\n                    \r\n                    <h3> Maison de Vacances Ty Eon Mor <\/h3>\r\n                    <span>saint-Pol-de-L\u00e9on , 150 m plage de Sainte-Anne<\/span>\r\n                <\/div>\r\n                                        <span class=\"save like-icon tooltip left\" title=\"Login To Bookmark Items\"><\/span>\r\n                                                <\/div>\r\n        <\/a>\r\n                    <\/div>\r\n        \r\n\r\n        <!-- Listing Item \/ End -->\n                    <\/div>\n                          <\/div>\n        \t\t\t\t<\/div>\n\t\t\t\t<\/div>\n\t\t\t\t\t<\/div>\n\t\t\t\t<\/aside>\n\t\t<div class=\"elementor-element elementor-element-aedefa9 e-flex e-con-boxed e-con e-parent\" data-id=\"aedefa9\" data-element_type=\"container\" data-e-type=\"container\">\n\t\t\t\t\t<div class=\"e-con-inner\">\n\t\t\t\t<div class=\"elementor-element elementor-element-74e0379 elementor-widget elementor-widget-text-editor\" data-id=\"74e0379\" data-element_type=\"widget\" data-e-type=\"widget\" data-widget_type=\"text-editor.default\">\n\t\t\t\t\t\t\t\t\t<h3 data-start=\"557\" data-end=\"582\"><strong data-start=\"557\" data-end=\"582\">Les plages de Roscoff<\/strong><\/h3><p data-start=\"584\" data-end=\"789\">Roscoff est bord\u00e9e de plages pittoresques qui invitent \u00e0 la d\u00e9tente et \u00e0 la contemplation. La plage de Rockroum, situ\u00e9e \u00e0 proximit\u00e9 du centre-ville, est id\u00e9ale pour une baignade en famille gr\u00e2ce \u00e0 ses eaux calmes et son sable fin. Un peu plus \u00e0 l&#8217;ouest, la plage de la Pointe de Perharidy offre un cadre sauvage avec ses dunes et ses rochers, propice aux balades et \u00e0 la d\u00e9couverte de la faune et de la flore locales. \u200b<\/p><h3 data-start=\"791\" data-end=\"831\"><strong data-start=\"791\" data-end=\"831\">Les \u00eeles \u00e0 visiter autour de Roscoff<\/strong><\/h3><p data-start=\"833\" data-end=\"1038\">Parmi les tr\u00e9sors \u00e0 d\u00e9couvrir autour de Roscoff, l&#8217;<strong data-start=\"51\" data-end=\"66\">\u00cele de Batz<\/strong> est incontournable. Accessible en seulement 15 minutes de travers\u00e9e depuis le vieux port, cette \u00eele pr\u00e9serv\u00e9e offre des paysages vari\u00e9s entre plages de sable fin, sentiers c\u00f4tiers et jardins exotiques. Le <strong data-start=\"3\" data-end=\"31\">Jardin Georges Delaselle<\/strong>, cr\u00e9\u00e9 en 1897, abrite une collection impressionnante de plantes exotiques provenant des cinq continents. \u200b<\/p><figure id=\"attachment_67347\" aria-describedby=\"caption-attachment-67347\" style=\"width: 1024px\" class=\"wp-caption aligncenter\"><a href=\"https:\/\/cparici.com\/wp-content\/uploads\/2025\/03\/cparici-24-1.jpg\"><img decoding=\"async\" class=\"wp-image-67347 size-large\" src=\"https:\/\/cparici.com\/wp-content\/uploads\/2025\/03\/cparici-24-1-1024x362.jpg\" alt=\"Roscoff port de plaisance\" width=\"1024\" height=\"362\" srcset=\"https:\/\/cparici.com\/wp-content\/uploads\/2025\/03\/cparici-24-1-1024x362.jpg 1024w, https:\/\/cparici.com\/wp-content\/uploads\/2025\/03\/cparici-24-1-300x106.jpg 300w, https:\/\/cparici.com\/wp-content\/uploads\/2025\/03\/cparici-24-1-768x271.jpg 768w, https:\/\/cparici.com\/wp-content\/uploads\/2025\/03\/cparici-24-1-18x6.jpg 18w, https:\/\/cparici.com\/wp-content\/uploads\/2025\/03\/cparici-24-1-590x208.jpg 590w, https:\/\/cparici.com\/wp-content\/uploads\/2025\/03\/cparici-24-1-1200x424.jpg 1200w, https:\/\/cparici.com\/wp-content\/uploads\/2025\/03\/cparici-24-1-577x204.jpg 577w, https:\/\/cparici.com\/wp-content\/uploads\/2025\/03\/cparici-24-1-600x212.jpg 600w, https:\/\/cparici.com\/wp-content\/uploads\/2025\/03\/cparici-24-1.jpg 1500w\" sizes=\"(max-width: 1024px) 100vw, 1024px\" \/><\/a><figcaption id=\"caption-attachment-67347\" class=\"wp-caption-text\">Roscoff port de plaisance<\/figcaption><\/figure><h2 data-start=\"1040\" data-end=\"1092\"><strong data-start=\"1040\" data-end=\"1092\">Les sites touristiques \u00e0 Roscoff et ses environs<\/strong><\/h2><p data-start=\"1094\" data-end=\"1221\">Roscoff et ses alentours regorgent de sites touristiques qui raviront les amateurs d&#8217;histoire, de nature et de gastronomie. Voici une s\u00e9lection des incontournables :\u200b<\/p><ul data-start=\"1223\" data-end=\"1900\"><li data-start=\"1223\" data-end=\"1405\"><p data-start=\"1225\" data-end=\"1405\"><strong data-start=\"1225\" data-end=\"1277\">La Maison des Johnnies et de l&#8217;Oignon de Roscoff<\/strong> : Ce mus\u00e9e retrace l&#8217;histoire des &#8220;Johnnies&#8221;, ces marchands d&#8217;oignons ros\u00e9s qui traversaient la Manche pour vendre leur production en Angleterre. Une immersion dans une tradition locale unique. \u200b<\/p><\/li><li data-start=\"1407\" data-end=\"1583\"><p data-start=\"1409\" data-end=\"1583\"><strong data-start=\"1409\" data-end=\"1455\">Le Jardin Exotique et Botanique de Roscoff<\/strong> : Perch\u00e9 sur une falaise surplombant la mer, ce jardin pr\u00e9sente plus de 3 500 esp\u00e8ces de plantes originaires de l&#8217;h\u00e9misph\u00e8re sud. Une balade d\u00e9paysante au milieu de cactus, palmiers et autres curiosit\u00e9s botaniques.<\/p><\/li><li data-start=\"1585\" data-end=\"1743\"><p data-start=\"1587\" data-end=\"1743\"><strong data-start=\"1587\" data-end=\"1615\">La Chapelle Sainte-Barbe<\/strong> : Situ\u00e9e sur une colline offrant une vue panoramique sur la baie de Morlaix, cette chapelle du XVII\u1d49 si\u00e8cle est un lieu paisible propice \u00e0 la m\u00e9ditation et \u00e0 la contemplation. \u200b<\/p><\/li><li data-start=\"1745\" data-end=\"1900\"><p data-start=\"1747\" data-end=\"1900\"><strong data-start=\"1747\" data-end=\"1772\">Le Ch\u00e2teau de Kerjean<\/strong> : \u00c0 une vingtaine de kilom\u00e8tres de Roscoff, ce ch\u00e2teau Renaissance est un t\u00e9moignage de l&#8217;architecture bretonne du XVI\u1d49 si\u00e8cle. Ses jardins et son mus\u00e9e offrent une plong\u00e9e dans l&#8217;histoire r\u00e9gionale. \u200b<\/p><\/li><\/ul><figure id=\"attachment_67348\" aria-describedby=\"caption-attachment-67348\" style=\"width: 1024px\" class=\"wp-caption aligncenter\"><a href=\"https:\/\/cparici.com\/wp-content\/uploads\/2025\/03\/cparici-25-1.jpg\"><img decoding=\"async\" class=\"wp-image-67348 size-large\" src=\"https:\/\/cparici.com\/wp-content\/uploads\/2025\/03\/cparici-25-1-1024x362.jpg\" alt=\"Roscoff ville\" width=\"1024\" height=\"362\" srcset=\"https:\/\/cparici.com\/wp-content\/uploads\/2025\/03\/cparici-25-1-1024x362.jpg 1024w, https:\/\/cparici.com\/wp-content\/uploads\/2025\/03\/cparici-25-1-300x106.jpg 300w, https:\/\/cparici.com\/wp-content\/uploads\/2025\/03\/cparici-25-1-768x271.jpg 768w, https:\/\/cparici.com\/wp-content\/uploads\/2025\/03\/cparici-25-1-18x6.jpg 18w, https:\/\/cparici.com\/wp-content\/uploads\/2025\/03\/cparici-25-1-590x208.jpg 590w, https:\/\/cparici.com\/wp-content\/uploads\/2025\/03\/cparici-25-1-1200x424.jpg 1200w, https:\/\/cparici.com\/wp-content\/uploads\/2025\/03\/cparici-25-1-577x204.jpg 577w, https:\/\/cparici.com\/wp-content\/uploads\/2025\/03\/cparici-25-1-600x212.jpg 600w, https:\/\/cparici.com\/wp-content\/uploads\/2025\/03\/cparici-25-1.jpg 1500w\" sizes=\"(max-width: 1024px) 100vw, 1024px\" \/><\/a><figcaption id=\"caption-attachment-67348\" class=\"wp-caption-text\">Roscoff ville<\/figcaption><\/figure><h3 data-start=\"1902\" data-end=\"1933\"><strong data-start=\"1902\" data-end=\"1933\">La r\u00e9gion autour de Roscoff<\/strong><\/h3><p data-start=\"1935\" data-end=\"2140\">Le pays de L\u00e9on, dont Roscoff fait partie, est une r\u00e9gion riche en patrimoine et en paysages vari\u00e9s. Les <strong data-start=\"4\" data-end=\"26\">enclos paroissiaux<\/strong>, ensembles architecturaux typiques du Finist\u00e8re nord, sont des tr\u00e9sors \u00e0 d\u00e9couvrir. Le <strong data-start=\"3\" data-end=\"53\">Centre d&#8217;Interpr\u00e9tation des Enclos Paroissiaux<\/strong> de Guimiliau propose une immersion dans l&#8217;histoire de ces monuments uniques.<\/p><p data-start=\"2142\" data-end=\"2267\">Les amateurs de nature appr\u00e9cieront les <strong data-start=\"40\" data-end=\"60\">dunes de Keremma<\/strong>, un espace naturel prot\u00e9g\u00e9 offrant des paysages dunaires exceptionnels et une biodiversit\u00e9 remarquable. \u200b<\/p><h2 data-start=\"44\" data-end=\"109\">Restaurant \u00e0 Roscoff : saveurs locales et exp\u00e9riences marines<\/h2><p data-start=\"111\" data-end=\"148\"><span class=\"relative -mx-px my-[-0.2rem] rounded px-px py-[0.2rem] transition-colors duration-100 ease-in-out\">Roscoff, charmante cit\u00e9 bretonne au bord de la Manche, est avant tout une destination gourmande. Entre architectures pittoresques, <strong data-start=\"131\" data-end=\"153\">produits de la mer<\/strong> et traditions locales, les restaurants de Roscoff s\u00e9duisent les amateurs de bonne cuisine. Ce guide explore les meilleures adresses et les sp\u00e9cialit\u00e9s culinaires \u00e0 go\u00fbter absolument.<\/span><\/p><h3 data-start=\"150\" data-end=\"207\">Des \u00e9tablissements \u00e9toil\u00e9s et gastronomiques de renom<\/h3><p data-start=\"209\" data-end=\"323\"><span class=\"relative -mx-px my-[-0.2rem] rounded px-px py-[0.2rem] transition-colors duration-100 ease-in-out\">Parmi les tables les plus prestigieuses se distingue <strong data-start=\"53\" data-end=\"68\">Le Brittany<\/strong>, \u00e9tablissement Relais &amp; Ch\u00e2teaux dot\u00e9 d\u2019une \u00e9toile Michelin 2025. Install\u00e9 face \u00e0 la baie, ce restaurant propose une <strong data-start=\"186\" data-end=\"212\">cuisine marine moderne<\/strong>, sublim\u00e9e par l\u2019influence japonaise, orchestr\u00e9e par le chef Lo\u00efc Le\u202fBail<\/span>. <span class=\"relative -mx-px my-[-0.2rem] rounded px-px py-[0.2rem] transition-colors duration-100 ease-in-out\">Les fruits de mer sont mis \u00e0 l\u2019honneur dans une ambiance \u00e9l\u00e9gante avec vue panoramique.<\/span><\/p><p data-start=\"325\" data-end=\"401\"><span class=\"relative -mx-px my-[-0.2rem] rounded px-px py-[0.2rem] transition-colors duration-100 ease-in-out\">Autre adresse culinaire remarquable, <strong data-start=\"37\" data-end=\"58\">L\u2019\u00c9cume des Jours<\/strong>, reconnue par des toques gastronomiques, offre une exp\u00e9rience raffin\u00e9e et ax\u00e9e sur la <strong data-start=\"145\" data-end=\"152\">mer<\/strong>, dans un cadre cosy<\/span>.<\/p><h3 data-start=\"403\" data-end=\"461\">Brasseries et restaurants de fruits de mer accessibles<\/h3><p data-start=\"463\" data-end=\"539\"><span class=\"relative -mx-px my-[-0.2rem] rounded px-px py-[0.2rem] transition-colors duration-100 ease-in-out\">Les restaurants plus abordables sont nombreux\u202f: <strong data-start=\"48\" data-end=\"63\">Le Bellevue<\/strong> (note 4,5 sur TripAdvisor), <strong data-start=\"92\" data-end=\"106\">Les Aliz\u00e9s<\/strong>, <strong data-start=\"108\" data-end=\"123\">Les Arcades<\/strong> ou encore <strong data-start=\"134\" data-end=\"150\">Fleur Marine<\/strong> offrent un excellent rapport qualit\u00e9-prix. Ils mettent en avant poissons, crustac\u00e9s et <strong data-start=\"238\" data-end=\"267\">plateaux de fruits de mer<\/strong>, souvent avec vue sur l\u2019oc\u00e9an<\/span>.<\/p><ul data-start=\"541\" data-end=\"870\"><li data-start=\"541\" data-end=\"621\"><p data-start=\"543\" data-end=\"621\"><span class=\"relative -mx-px my-[-0.2rem] rounded px-px py-[0.2rem] transition-colors duration-100 ease-in-out\"><strong data-start=\"0\" data-end=\"15\" data-is-only-node=\"\">Le Bellevue<\/strong>, id\u00e9al en famille, propose une cuisine traditionnelle ax\u00e9e sur la mer, avec terrasse face au port<\/span> .<\/p><\/li><li data-start=\"622\" data-end=\"704\"><p data-start=\"624\" data-end=\"704\"><span class=\"relative -mx-px my-[-0.2rem] rounded px-px py-[0.2rem] transition-colors duration-100 ease-in-out\"><strong data-start=\"0\" data-end=\"14\" data-is-only-node=\"\">Les Aliz\u00e9s<\/strong>, brasserie conviviale, sert moules-frites et poissons dans un d\u00e9cor convivial<\/span> .<\/p><\/li><li data-start=\"705\" data-end=\"787\"><p data-start=\"707\" data-end=\"787\"><span class=\"relative -mx-px my-[-0.2rem] rounded px-px py-[0.2rem] transition-colors duration-100 ease-in-out\"><strong data-start=\"0\" data-end=\"15\" data-is-only-node=\"\">Les Arcades<\/strong> offre une brasserie anim\u00e9e, parfaitement adapt\u00e9e aux groupes, avec des plats de poissons, fruits de mer et vue sur mer<\/span>.<\/p><\/li><li data-start=\"788\" data-end=\"870\"><p data-start=\"790\" data-end=\"870\"><span class=\"relative -mx-px my-[-0.2rem] rounded px-px py-[0.2rem] transition-colors duration-100 ease-in-out\"><strong data-start=\"0\" data-end=\"16\" data-is-only-node=\"\">Fleur Marine<\/strong>, not\u00e9 8,5\/10 sur TheFork, propose une cuisine cr\u00e9ative de terroir, poissons et fruits de mer, dans un cadre panoramique<\/span><\/p><\/li><\/ul><h3 data-start=\"872\" data-end=\"913\">Saveurs du monde et cr\u00eaperies locales<\/h3><p data-start=\"915\" data-end=\"954\"><span class=\"relative -mx-px my-[-0.2rem] rounded px-px py-[0.2rem] transition-colors duration-100 ease-in-out\">Roscoff s\u00e9duit aussi les amateurs de cuisine du monde et de sp\u00e9cialit\u00e9s bretonnes\u202f:<\/span><\/p><ul data-start=\"956\" data-end=\"1285\"><li data-start=\"956\" data-end=\"1038\"><p data-start=\"958\" data-end=\"1038\"><span class=\"relative -mx-px my-[-0.2rem] rounded px-px py-[0.2rem] transition-colors duration-100 ease-in-out\"><strong data-start=\"0\" data-end=\"20\" data-is-only-node=\"\">La Baie d\u2019Halong<\/strong> (cuisine chinoise\/vietnamienne\/th\u00e9) propose des plats asiatiques raffin\u00e9s dans un d\u00e9cor moderne.<\/span><\/p><\/li><li data-start=\"1039\" data-end=\"1121\"><p data-start=\"1041\" data-end=\"1121\"><span class=\"relative -mx-px my-[-0.2rem] rounded px-px py-[0.2rem] transition-colors duration-100 ease-in-out\"><strong data-start=\"0\" data-end=\"14\" data-is-only-node=\"\">Chez Janie<\/strong>, institution locale \u00e0 l\u2019esprit familial, propose des fruits de mer et pizzas, appr\u00e9ci\u00e9e pour son accueil convivial<\/span>.<\/p><\/li><li data-start=\"1122\" data-end=\"1285\"><p data-start=\"1124\" data-end=\"1285\"><span class=\"relative -mx-px my-[-0.2rem] rounded px-px py-[0.2rem] transition-colors duration-100 ease-in-out\">La ville compte plusieurs cr\u00eaperies authentiques : <strong data-start=\"51\" data-end=\"71\">Cr\u00eaperie du Quai<\/strong>, <strong data-start=\"73\" data-end=\"97\">Cr\u00eaperie de la Poste<\/strong>, <strong data-start=\"99\" data-end=\"112\">Ti Saozon<\/strong>, <strong data-start=\"114\" data-end=\"135\">Les Amours Jaunes<\/strong>, ainsi que la cr\u00eaperie-bistrot <strong data-start=\"167\" data-end=\"186\">La P\u2019Tit Fabrik<\/strong> qui combine cr\u00eapes sal\u00e9es\/sucr\u00e9es et tartes<\/span> . <span class=\"relative -mx-px my-[-0.2rem] rounded px-px py-[0.2rem] transition-colors duration-100 ease-in-out\">Les cr\u00eapes et galettes bretonnes mettent \u00e0 l\u2019honneur les ingr\u00e9dients locaux, dont l\u2019<strong data-start=\"84\" data-end=\"109\">oignon de Roscoff AOP<\/strong>, c\u00e9l\u00e8bre produit local<\/span><\/p><\/li><\/ul><h3 data-start=\"1287\" data-end=\"1333\">Un terroir iod\u00e9 et une ambiance conviviale<\/h3><p data-start=\"1335\" data-end=\"1455\"><span class=\"relative -mx-px my-[-0.2rem] rounded px-px py-[0.2rem] transition-colors duration-100 ease-in-out\">Les tables de Roscoff exploitent pleinement les richesses du terroir breton\u202f: fruits de mer ultra-frais, poissons p\u00each\u00e9s localement, et l\u00e9gumes de saison compl\u00e9t\u00e9s par l\u2019<strong data-start=\"170\" data-end=\"191\">oignon de Roscoff<\/strong> \u2013 une fiert\u00e9 r\u00e9gionale AOP<\/span> . <span class=\"relative -mx-px my-[-0.2rem] rounded px-px py-[0.2rem] transition-colors duration-100 ease-in-out\">L\u2019ambiance oscille entre raffinement au bord de l\u2019eau et convivialit\u00e9 des brasseries, souvent familiales.<\/span><\/p><p data-start=\"1457\" data-end=\"1537\"><span class=\"relative -mx-px my-[-0.2rem] rounded px-px py-[0.2rem] transition-colors duration-100 ease-in-out\">Le march\u00e9 du mercredi et des producteurs locaux alentour renforcent le lien entre cuisine et terroir, valorisant les circuits courts et les produits ultra-frais<\/span> .<\/p><h3 data-start=\"1539\" data-end=\"1588\">Bien s\u2019y retrouver\u202f: recommandations par type<\/h3><div class=\"_tableContainer_80l1q_1\"><div class=\"_tableWrapper_80l1q_14 group flex w-fit flex-col-reverse\" tabindex=\"-1\"><table class=\"w-fit min-w-(--thread-content-width)\" data-start=\"1590\" data-end=\"2419\"><thead data-start=\"1590\" data-end=\"1680\"><tr data-start=\"1590\" data-end=\"1680\"><th data-start=\"1590\" data-end=\"1626\" data-col-size=\"sm\">Cat\u00e9gorie<\/th><th data-start=\"1626\" data-end=\"1680\" data-col-size=\"sm\">Restaurant recommand\u00e9<\/th><\/tr><\/thead><tbody data-start=\"1772\" data-end=\"2419\"><tr data-start=\"1772\" data-end=\"1877\"><td data-start=\"1772\" data-end=\"1807\" data-col-size=\"sm\">Gastronomique \u00e9toil\u00e9<\/td><td data-start=\"1807\" data-end=\"1877\" data-col-size=\"sm\"><span class=\"relative -mx-px my-[-0.2rem] rounded px-px py-[0.2rem] transition-colors duration-100 ease-in-out\">Le Brittany (Michelin)<\/span><\/td><\/tr><tr data-start=\"1878\" data-end=\"2001\"><td data-start=\"1878\" data-end=\"1925\" data-col-size=\"sm\"><span class=\"relative -mx-px my-[-0.2rem] rounded px-px py-[0.2rem] transition-colors duration-100 ease-in-out\">Raffin\u00e9 mais plus abordable<\/span><\/td><td data-start=\"1925\" data-end=\"2001\" data-col-size=\"sm\"><span class=\"relative -mx-px my-[-0.2rem] rounded px-px py-[0.2rem] transition-colors duration-100 ease-in-out\">L\u2019\u00c9cume des Jours<\/span><\/td><\/tr><tr data-start=\"2002\" data-end=\"2099\"><td data-start=\"2002\" data-end=\"2044\" data-col-size=\"sm\"><span class=\"relative -mx-px my-[-0.2rem] rounded px-px py-[0.2rem] transition-colors duration-100 ease-in-out\">Fruits de mer &amp; brasserie marine<\/span><\/td><td data-start=\"2044\" data-end=\"2099\" data-col-size=\"sm\"><span class=\"relative -mx-px my-[-0.2rem] rounded px-px py-[0.2rem] transition-colors duration-100 ease-in-out\">Le Bellevue, Les Aliz\u00e9s, Fleur Marine<\/span><\/td><\/tr><tr data-start=\"2100\" data-end=\"2235\"><td data-start=\"2100\" data-end=\"2158\" data-col-size=\"sm\"><span class=\"relative -mx-px my-[-0.2rem] rounded px-px py-[0.2rem] transition-colors duration-100 ease-in-out\">Cuisine du monde<\/span><\/td><td data-start=\"2158\" data-end=\"2235\" data-col-size=\"sm\"><span class=\"relative -mx-px my-[-0.2rem] rounded px-px py-[0.2rem] transition-colors duration-100 ease-in-out\">La Baie d\u2019Halong<\/span><\/td><\/tr><tr data-start=\"2236\" data-end=\"2317\"><td data-start=\"2236\" data-end=\"2271\" data-col-size=\"sm\">Cr\u00eaperies traditionnelles<\/td><td data-start=\"2271\" data-end=\"2317\" data-col-size=\"sm\"><span class=\"relative -mx-px my-[-0.2rem] rounded px-px py-[0.2rem] transition-colors duration-100 ease-in-out\">Cr\u00eaperie du Quai, Ti Saozon, Les Amours Jaunes<\/span><\/td><\/tr><tr data-start=\"2318\" data-end=\"2419\"><td data-start=\"2318\" data-end=\"2353\" data-col-size=\"sm\">Ambiance familiale<\/td><td data-col-size=\"sm\" data-start=\"2353\" data-end=\"2419\"><span class=\"relative -mx-px my-[-0.2rem] rounded px-px py-[0.2rem] transition-colors duration-100 ease-in-out\">Chez Janie, La P\u2019Tit Fabrik<\/span><\/td><\/tr><\/tbody><\/table><div class=\"sticky end-(--thread-content-margin) h-0 self-end select-none\"><div class=\"absolute end-0 flex items-end\">\u00a0<\/div><\/div><\/div><\/div><h3 data-start=\"2426\" data-end=\"2454\">Astuces pour bien choisir<\/h3><ul data-start=\"2456\" data-end=\"2622\"><li data-start=\"2456\" data-end=\"2497\"><p data-start=\"2458\" data-end=\"2497\"><span class=\"relative -mx-px my-[-0.2rem] rounded px-px py-[0.2rem] transition-colors duration-100 ease-in-out\"><strong data-start=\"0\" data-end=\"26\" data-is-only-node=\"\">R\u00e9servation conseill\u00e9e<\/strong> pour Le Brittany et L\u2019\u00c9cume des Jours, notamment en \u00e9t\u00e9.<\/span><\/p><\/li><li data-start=\"2498\" data-end=\"2539\"><p data-start=\"2500\" data-end=\"2539\"><span class=\"relative -mx-px my-[-0.2rem] rounded px-px py-[0.2rem] transition-colors duration-100 ease-in-out\"><strong data-start=\"0\" data-end=\"12\" data-is-only-node=\"\">Horaires<\/strong>\u202f: la plupart ouvrent midi et soir, certaines cr\u00eaperies ferment l\u2019apr\u00e8s-midi.<\/span><\/p><\/li><li data-start=\"2540\" data-end=\"2622\"><p data-start=\"2542\" data-end=\"2622\"><span class=\"relative -mx-px my-[-0.2rem] rounded px-px py-[0.2rem] transition-colors duration-100 ease-in-out\"><strong data-start=\"0\" data-end=\"20\" data-is-only-node=\"\">\u00c9viter le march\u00e9<\/strong>\u202f? Pensez aux menus \u201cformule\u201d pour d\u00e9jeuner (&lt;\u202f30\u202f\u20ac) dans des adresses comme Le Local<\/span><\/p><\/li><\/ul><h2 data-start=\"44\" data-end=\"118\">La thalassoth\u00e9rapie \u00e0 Roscoff : un bien-\u00eatre d\u2019exception en bord de mer<\/h2><p data-start=\"120\" data-end=\"196\"><span class=\"relative -mx-px my-[-0.2rem] rounded px-px py-[0.2rem] transition-colors duration-100 ease-in-out\">Roscoff est le <strong data-start=\"15\" data-end=\"49\">berceau de la thalassoth\u00e9rapie<\/strong> moderne en France. C\u2019est ici, en 1899, que le Dr Louis\u2011Eug\u00e8ne\u202fBagot a fond\u00e9 le premier institut de thalasso, posant les bases d\u2019une approche th\u00e9rapeutique bas\u00e9e sur l\u2019<strong data-start=\"217\" data-end=\"240\">eau de mer chauff\u00e9e<\/strong>, les <strong data-start=\"246\" data-end=\"264\">algues marines<\/strong> et l\u2019<strong data-start=\"270\" data-end=\"282\" data-is-last-node=\"\">air iod\u00e9<\/strong><\/span>.<\/p><h3 data-start=\"198\" data-end=\"250\">Origines de la thalasso : l\u2019histoire du Dr\u202fBagot<\/h3><p data-start=\"252\" data-end=\"366\"><span class=\"relative -mx-px my-[-0.2rem] rounded px-px py-[0.2rem] transition-colors duration-100 ease-in-out\">Louis\u2011Eug\u00e8ne\u202fBagot, m\u00e9decin d\u2019abord marin, s\u2019installa \u00e0 Roscoff et y d\u00e9couvrit les vertus curatives de l\u2019eau de mer bouillonnante. Il cr\u00e9a l\u2019Institut marin de Roc\u2019h Kroum pour traiter rhumatismes, tuberculose et affections cutan\u00e9es gr\u00e2ce \u00e0 l\u2019eau de mer chauff\u00e9e et les \u00e9l\u00e9ments marins<\/span>. <span class=\"relative -mx-px my-[-0.2rem] rounded px-px py-[0.2rem] transition-colors duration-100 ease-in-out\">Cette m\u00e9thode a depuis \u00e9t\u00e9 adopt\u00e9e \u00e0 travers le monde.<\/span><\/p><h3 data-start=\"368\" data-end=\"403\">Les centres de thalasso actuels<\/h3><p data-start=\"405\" data-end=\"494\"><span class=\"relative -mx-px my-[-0.2rem] rounded px-px py-[0.2rem] transition-colors duration-100 ease-in-out\">Le c\u0153ur de la thalasso \u00e0 Roscoff est repr\u00e9sent\u00e9 par le <strong data-start=\"55\" data-end=\"103\">Valdys Resort Roscoff \u2013 H\u00f4tel Thalasso &amp; Spa<\/strong>, h\u00e9ritier direct de l\u2019institut de Bagot<\/span>. Il propose :<\/p><ul data-start=\"496\" data-end=\"658\"><li data-start=\"496\" data-end=\"535\"><p data-start=\"498\" data-end=\"535\"><span class=\"relative -mx-px my-[-0.2rem] rounded px-px py-[0.2rem] transition-colors duration-100 ease-in-out\">Un <strong data-start=\"3\" data-end=\"16\">spa marin<\/strong> avec piscine d\u2019eau de mer chauff\u00e9e, sauna, hammam, bains \u00e0 remous panoramiques et solarium ;<\/span><\/p><\/li><li data-start=\"536\" data-end=\"575\"><p data-start=\"538\" data-end=\"575\"><span class=\"relative -mx-px my-[-0.2rem] rounded px-px py-[0.2rem] transition-colors duration-100 ease-in-out\">Des soins \u00e0 la carte : <strong data-start=\"23\" data-end=\"50\">enveloppements d\u2019algues<\/strong>, gommages, massages, soins visage et anti-\u00e2ge ;<\/span><\/p><\/li><li data-start=\"576\" data-end=\"658\"><p data-start=\"578\" data-end=\"658\"><span class=\"relative -mx-px my-[-0.2rem] rounded px-px py-[0.2rem] transition-colors duration-100 ease-in-out\">Une ambiance align\u00e9e avec les traditions de la thalasso, int\u00e9gr\u00e9e dans un cadre avec vue sur l\u2019\u00cele de Batz et bord de plage<\/span> .<\/p><\/li><\/ul><h3 data-start=\"660\" data-end=\"721\">Pourquoi choisir Roscoff pour votre s\u00e9jour de bien-\u00eatre ?<\/h3><ol data-start=\"723\" data-end=\"978\"><li data-start=\"723\" data-end=\"808\"><p data-start=\"726\" data-end=\"808\"><span class=\"relative -mx-px my-[-0.2rem] rounded px-px py-[0.2rem] transition-colors duration-100 ease-in-out\"><strong data-start=\"0\" data-end=\"21\" data-is-only-node=\"\">Patrimoine unique<\/strong> : Roscoff est consid\u00e9r\u00e9 comme la \u00ab\u202fsource de la thalassoth\u00e9rapie moderne\u202f\u00bb, ce qui en fait une destination privil\u00e9gi\u00e9e pour les passionn\u00e9s du bien-\u00eatre<\/span> .<\/p><\/li><li data-start=\"809\" data-end=\"894\"><p data-start=\"812\" data-end=\"894\"><span class=\"relative -mx-px my-[-0.2rem] rounded px-px py-[0.2rem] transition-colors duration-100 ease-in-out\"><strong data-start=\"0\" data-end=\"31\" data-is-only-node=\"\">Environnement marin reconnu<\/strong> : l&#8217;air iod\u00e9, les mar\u00e9e oscillantes et l&#8217;eau de mer locale enrichie en min\u00e9raux font de ce site un lieu th\u00e9rapeutique complet<\/span> .<\/p><\/li><li data-start=\"895\" data-end=\"978\"><p data-start=\"898\" data-end=\"978\"><span class=\"relative -mx-px my-[-0.2rem] rounded px-px py-[0.2rem] transition-colors duration-100 ease-in-out\"><strong data-start=\"0\" data-end=\"22\" data-is-only-node=\"\">\u00c9quipement complet<\/strong> : le resort dispose de tout sur place \u2013 spa, hammam, piscines, restaurant, fitness \u2013 pour un s\u00e9jour sans contraintes<\/span> .<\/p><\/li><\/ol><h3 data-start=\"980\" data-end=\"1014\">Avis clients et reconnaissance<\/h3><p data-start=\"1016\" data-end=\"1096\"><span class=\"relative -mx-px my-[-0.2rem] rounded px-px py-[0.2rem] transition-colors duration-100 ease-in-out\">Les retours sont tr\u00e8s positifs. Sur TripAdvisor, les visiteurs soulignent la <strong data-start=\"77\" data-end=\"109\">professionnalit\u00e9 des \u00e9quipes<\/strong>, la qualit\u00e9 des soins, et une <strong data-start=\"140\" data-end=\"158\">vue imprenable<\/strong> sur la baie, indiquant une tr\u00e8s bonne exp\u00e9rience de relaxation<\/span> .<\/p><h3 data-start=\"1098\" data-end=\"1120\">Formules et tarifs<\/h3><p data-start=\"1122\" data-end=\"1242\"><span class=\"relative -mx-px my-[-0.2rem] rounded px-px py-[0.2rem] transition-colors duration-100 ease-in-out\">L&#8217;acc\u00e8s au <strong data-start=\"11\" data-end=\"24\">spa marin<\/strong> d\u00e9bute \u00e0 environ 29\u202f\u2013\u202f31\u202f\u20ac selon la saison, avec des soins sp\u00e9cifiques \u00e0 la carte (52\u202f\u20ac pour un soin, jusqu\u2019\u00e0 85\u202f\u20ac pour des massages ou soins visage)<\/span>. <span class=\"relative -mx-px my-[-0.2rem] rounded px-px py-[0.2rem] transition-colors duration-100 ease-in-out\">Le resort propose des s\u00e9jours courts (week-end) ou cures de 3 \u00e0 6 jours, incluant h\u00e9bergement et soins.<\/span><\/p><h3 data-start=\"1244\" data-end=\"1288\">Conseils pour bien pr\u00e9parer votre s\u00e9jour<\/h3><ul data-start=\"1290\" data-end=\"1460\"><li data-start=\"1290\" data-end=\"1333\"><p data-start=\"1292\" data-end=\"1333\"><span class=\"relative -mx-px my-[-0.2rem] rounded px-px py-[0.2rem] transition-colors duration-100 ease-in-out\">Pensez \u00e0 <strong data-start=\"9\" data-end=\"32\">r\u00e9server \u00e0 l\u2019avance<\/strong>, surtout en haute saison (\u00e9t\u00e9 et scolaires).<\/span><\/p><\/li><li data-start=\"1334\" data-end=\"1377\"><p data-start=\"1336\" data-end=\"1377\"><span class=\"relative -mx-px my-[-0.2rem] rounded px-px py-[0.2rem] transition-colors duration-100 ease-in-out\">Optez pour un s\u00e9jour minimum de 3 jours pour b\u00e9n\u00e9ficier pleinement des effets cumulatifs des soins marins.<\/span><\/p><\/li><li data-start=\"1378\" data-end=\"1460\"><p data-start=\"1380\" data-end=\"1460\"><span class=\"relative -mx-px my-[-0.2rem] rounded px-px py-[0.2rem] transition-colors duration-100 ease-in-out\">Combinez les soins avec des <strong data-start=\"28\" data-end=\"60\">promenades sur l\u2019\u00cele de Batz<\/strong> ou des randonn\u00e9es littorales pour une immersion totale dans l\u2019environnement marin<\/span><\/p><\/li><\/ul><h3 data-start=\"1467\" data-end=\"1480\">En r\u00e9sum\u00e9<\/h3><p data-start=\"1482\" data-end=\"1909\">La thalasso \u00e0 Roscoff, c\u2019est une histoire unique de plus de 120\u202fans, li\u00e9e aux origines de la thalassoth\u00e9rapie moderne. Le <strong data-start=\"1604\" data-end=\"1652\">Valdys Resort Roscoff \u2013 H\u00f4tel Thalasso &amp; Spa<\/strong> incarne ce patrimoine avec des soins vari\u00e9s, un cadre maritime exceptionnel et un engagement qualit\u00e9 pl\u00e9biscit\u00e9 par les visiteurs. Que ce soit pour une escapade bien-\u00eatre ou une cure compl\u00e8te, Roscoff offre une exp\u00e9rience marine authentique et r\u00e9paratrice.<\/p><h2 data-start=\"44\" data-end=\"103\">Les mar\u00e9es \u00e0 Roscoff : comprendre les rythmes de l\u2019oc\u00e9an<\/h2><p data-start=\"105\" data-end=\"142\"><span class=\"relative -mx-px my-[-0.2rem] rounded px-px py-[0.2rem] transition-colors duration-100 ease-in-out\">Roscoff, sur la c\u00f4te nord du Finist\u00e8re, conna\u00eet un <strong data-start=\"51\" data-end=\"87\">environnement maritime dynamique<\/strong>\u202f: les mar\u00e9es dictent la vie locale, la p\u00eache \u00e0 pied, la navigation et m\u00eame le tourisme. Avec des amplitudes pouvant d\u00e9passer 8\u202fm, ces mar\u00e9es bretonnes imposent respect et fascination.<\/span><\/p><h3 data-start=\"144\" data-end=\"191\">Les horaires de mar\u00e9e aujourd\u2019hui et demain<\/h3><p data-start=\"352\" data-end=\"466\"><script src=\"https:\/\/services.data.shom.fr\/hdm\/vignette\/petite\/ROSCOFF?locale=fr\"><\/script><\/p><h3 data-start=\"468\" data-end=\"508\">Coefficients et amplitude des mar\u00e9es<\/h3><p data-start=\"510\" data-end=\"669\"><span class=\"relative -mx-px my-[-0.2rem] rounded px-px py-[0.2rem] transition-colors duration-100 ease-in-out\">Le <strong data-start=\"3\" data-end=\"27\">coefficient de mar\u00e9e<\/strong>, indicateur essentiel \u00e0 Roscoff, varie significativement : autour de 40\u201350 en pleine lune (mar\u00e9es de <strong data-start=\"129\" data-end=\"143\">vives-eaux<\/strong>) et jusqu&#8217;\u00e0 80+ lors des p\u00e9riodes de grande mar\u00e9e<\/span>. <span class=\"relative -mx-px my-[-0.2rem] rounded px-px py-[0.2rem] transition-colors duration-100 ease-in-out\">Plus le coefficient est \u00e9lev\u00e9, plus l\u2019\u00e9cart entre la haute et la basse mer est important. En juillet 2025, ce coefficient passe de 44\u202f\u00e0\u202f47 ce lundi, puis atteint 50\u201354 mardi, montant progressivement jusqu\u2019\u00e0 80\u201381 dimanche prochain<\/span><\/p><h3 data-start=\"671\" data-end=\"711\">Cycle hebdomadaire et grandes mar\u00e9es<\/h3><p data-start=\"713\" data-end=\"752\"><span class=\"relative -mx-px my-[-0.2rem] rounded px-px py-[0.2rem] transition-colors duration-100 ease-in-out\">Entre le 6 et le 13 juillet, les niveaux de mar\u00e9e haute augmentent :<\/span><\/p><ul data-start=\"753\" data-end=\"922\"><li data-start=\"753\" data-end=\"796\"><p data-start=\"755\" data-end=\"796\"><span class=\"relative -mx-px my-[-0.2rem] rounded px-px py-[0.2rem] transition-colors duration-100 ease-in-out\">Mardi 8 : haute vers 05\u202fh\u202f08 (~7,16\u202fm) et 17\u202fh\u202f33 (~7,52\u202fm)<\/span><\/p><\/li><li data-start=\"797\" data-end=\"840\"><p data-start=\"799\" data-end=\"840\"><span class=\"relative -mx-px my-[-0.2rem] rounded px-px py-[0.2rem] transition-colors duration-100 ease-in-out\">Jeudi 10 : haute \u00e0 06\u202fh\u202f39 (~7,69\u202fm) et 18\u202fh\u202f55 (~8,08\u202fm)<\/span><\/p><\/li><li data-start=\"841\" data-end=\"922\"><p data-start=\"843\" data-end=\"922\"><span class=\"relative -mx-px my-[-0.2rem] rounded px-px py-[0.2rem] transition-colors duration-100 ease-in-out\">Dimanche 13 : point culminant de la semaine avec hautes eaux vers 08\u202fh\u202f36 (\u22488,20\u202fm) et 20\u202fh\u202f51 (\u22488,55\u202fm), avec un coefficient atteignant 80\u201381<\/span><\/p><\/li><\/ul><p data-start=\"924\" data-end=\"963\"><span class=\"relative -mx-px my-[-0.2rem] rounded px-px py-[0.2rem] transition-colors duration-100 ease-in-out\">Ces mar\u00e9es de fortes amplitudes offrent des conditions id\u00e9ales pour la p\u00eache \u00e0 pied, la navigation s\u00e9curis\u00e9e et les promenades c\u00f4ti\u00e8res spectaculaires.<\/span><\/p><h3 data-start=\"965\" data-end=\"994\">Impacts sur la vie locale<\/h3><ul data-start=\"996\" data-end=\"1166\"><li data-start=\"996\" data-end=\"1080\"><p data-start=\"998\" data-end=\"1080\"><span class=\"relative -mx-px my-[-0.2rem] rounded px-px py-[0.2rem] transition-colors duration-100 ease-in-out\"><strong data-start=\"0\" data-end=\"16\" data-is-only-node=\"\">P\u00eache \u00e0 pied<\/strong> : \u00e0 mar\u00e9e basse, la c\u00f4te se d\u00e9couvre largement, permettant la r\u00e9colte de coquillages et crustac\u00e9s. Il est vital de suivre les <strong data-start=\"143\" data-end=\"155\">horaires<\/strong> pour garantir s\u00e9curit\u00e9 et ressources<\/span> .<\/p><\/li><li data-start=\"1081\" data-end=\"1124\"><p data-start=\"1083\" data-end=\"1124\"><span class=\"relative -mx-px my-[-0.2rem] rounded px-px py-[0.2rem] transition-colors duration-100 ease-in-out\"><strong data-start=\"0\" data-end=\"14\" data-is-only-node=\"\">Navigation<\/strong> : les plaisanciers doivent planifier leurs sorties en fonction des mar\u00e9es hautes, surtout \u00e0 coefficient \u00e9lev\u00e9 pour \u00e9viter les courants forts.<\/span><\/p><\/li><li data-start=\"1125\" data-end=\"1166\"><p data-start=\"1127\" data-end=\"1166\"><span class=\"relative -mx-px my-[-0.2rem] rounded px-px py-[0.2rem] transition-colors duration-100 ease-in-out\"><strong data-start=\"0\" data-end=\"19\" data-is-only-node=\"\">Plages &amp; plages<\/strong> : les cr\u00e9neaux de haute mer sont parfaits pour la baignade ou les sports nautiques ; en basse mer, les plages s\u2019\u00e9tendent \u00e0 perte de vue.<\/span><\/p><\/li><\/ul><h3 data-start=\"1168\" data-end=\"1207\">Comment suivre les mar\u00e9es \u00e0 Roscoff<\/h3><ul data-start=\"1209\" data-end=\"1461\"><li data-start=\"1209\" data-end=\"1293\"><p data-start=\"1211\" data-end=\"1293\"><span class=\"relative -mx-px my-[-0.2rem] rounded px-px py-[0.2rem] transition-colors duration-100 ease-in-out\">Sites comme <strong data-start=\"12\" data-end=\"29\">Tide\u2011Forecast<\/strong> \u00e9num\u00e8rent les heures et hauteurs pr\u00e9cises de chaque mar\u00e9e haute et basse, fournissant un calendrier complet sur plusieurs jours<\/span>.<\/p><\/li><li data-start=\"1294\" data-end=\"1378\"><p data-start=\"1296\" data-end=\"1378\"><span class=\"relative -mx-px my-[-0.2rem] rounded px-px py-[0.2rem] transition-colors duration-100 ease-in-out\">L\u2019<strong data-start=\"2\" data-end=\"35\">Office de tourisme de Roscoff<\/strong> propose aussi les coefficients et horaires selon la date, essentiels pour les visiteurs<\/span><\/p><\/li><li data-start=\"1379\" data-end=\"1461\"><p data-start=\"1381\" data-end=\"1461\"><span class=\"relative -mx-px my-[-0.2rem] rounded px-px py-[0.2rem] transition-colors duration-100 ease-in-out\">Le <strong data-start=\"3\" data-end=\"11\">SHOM<\/strong> (service hydrographique fran\u00e7ais) offre un acc\u00e8s calibr\u00e9 sur l\u2019ann\u00e9e pour toutes les grandes mar\u00e9es\u202f; utile pour anticiper les grands coefficients<\/span>.<\/p><\/li><\/ul><h2 data-start=\"2142\" data-end=\"2267\">M\u00e9t\u00e9o Roscoff<\/h2><h3 data-start=\"86\" data-end=\"129\">Un climat oc\u00e9anique frais et r\u00e9gulier<\/h3><p data-start=\"130\" data-end=\"360\"><span class=\"relative -mx-px my-[-0.2rem] rounded px-px py-[0.2rem] transition-colors duration-100 ease-in-out\">Roscoff b\u00e9n\u00e9ficie d\u2019un <strong data-start=\"23\" data-end=\"49\">climat oc\u00e9anique franc<\/strong>, influenc\u00e9 par la Manche et un courant marin mod\u00e9r\u00e9 (8\u201318\u202f\u00b0C), qui temp\u00e8re les variations saisonni\u00e8res<\/span>. <span class=\"relative -mx-px my-[-0.2rem] rounded px-px py-[0.2rem] transition-colors duration-100 ease-in-out\">En hiver, les temp\u00e9ratures moyennes sont basses mais rarement extr\u00eames : les maximales tournent autour de 10\u202f\u00b0C \u2013 11\u202f\u00b0C, les minimales autour de 4\u202f\u00b0C \u2013 5\u202f\u00b0C<\/span> . <span class=\"relative -mx-px my-[-0.2rem] rounded px-px py-[0.2rem] transition-colors duration-100 ease-in-out\">Les conditions sont humides, avec des pr\u00e9cipitations cons\u00e9quentes en janvier, pr\u00e8s de 133\u202fmm sur une vingtaine de jours<\/span><\/p><h3 data-start=\"362\" data-end=\"403\">\u00c9t\u00e9s doux, agr\u00e9ables et ensoleill\u00e9s<\/h3><p data-start=\"404\" data-end=\"723\"><span class=\"relative -mx-px my-[-0.2rem] rounded px-px py-[0.2rem] transition-colors duration-100 ease-in-out\">L\u2019\u00e9t\u00e9 \u00e0 Roscoff est frais et agr\u00e9able, avec des temp\u00e9ratures quotidiennes qui grimpent lentement de 17\u202f\u00b0C en juin \u00e0 21\u202f\u00b0C en juillet et ao\u00fbt<\/span>. <span class=\"relative -mx-px my-[-0.2rem] rounded px-px py-[0.2rem] transition-colors duration-100 ease-in-out\">Le mois de juillet est le plus doux : journ\u00e9es autour de 21\u202f\u00b0C \u2013 23\u202f\u00b0C, nuits \u00e0 13\u202f\u00b0C \u2013 14\u202f\u00b0C<\/span>. <span class=\"relative -mx-px my-[-0.2rem] rounded px-px py-[0.2rem] transition-colors duration-100 ease-in-out\">Le pic de chaleur est mod\u00e9r\u00e9 : rarement plus de 24\u202f\u00b0C. L&#8217;ensoleillement augmente sensiblement, avec environ 61\u202f% de ciel clair fin juillet<\/span> . <span class=\"relative -mx-px my-[-0.2rem] rounded px-px py-[0.2rem] transition-colors duration-100 ease-in-out\">En ao\u00fbt, les journ\u00e9es comptent environ 11,8\u202fh de soleil et des maxima autour de 20\u202f\u00b0C<\/span> .<\/p><h3 data-start=\"725\" data-end=\"768\">Pr\u00e9cipitations et humidit\u00e9 r\u00e9guli\u00e8res<\/h3><p data-start=\"769\" data-end=\"1011\"><span class=\"relative -mx-px my-[-0.2rem] rounded px-px py-[0.2rem] transition-colors duration-100 ease-in-out\">La pluviom\u00e9trie est r\u00e9partie toute l\u2019ann\u00e9e : environ 1\u202f000\u202fmm annuels<\/span>, <span class=\"relative -mx-px my-[-0.2rem] rounded px-px py-[0.2rem] transition-colors duration-100 ease-in-out\">soit une cinquantaine \u00e0 cent jours de pluie par an. Les mois les plus pluvieux sont d\u00e9cembre, novembre et janvier (plus de 120\u202fmm\/mois)<\/span> . <span class=\"relative -mx-px my-[-0.2rem] rounded px-px py-[0.2rem] transition-colors duration-100 ease-in-out\">L\u2019\u00e9t\u00e9 est plus sec : en juillet, \u00e0 peine 47\u202fmm sur douze jours ; en ao\u00fbt, 8,9\u202fmm\/jour, soit 24\u202f% de jours pluvieux<\/span> .<\/p><h3 data-start=\"1013\" data-end=\"1042\">Vent et humidit\u00e9 marine<\/h3><p data-start=\"1043\" data-end=\"1285\"><span class=\"relative -mx-px my-[-0.2rem] rounded px-px py-[0.2rem] transition-colors duration-100 ease-in-out\">Roscoff est connu pour ses <strong data-start=\"27\" data-end=\"46\">vents constants<\/strong>. La vitesse moyenne de vent est \u00e9lev\u00e9e : environ 28\u202fkm\/h en moyenne annuelle, jusqu\u2019\u00e0 32\u201333\u202fkm\/h en hiver<\/span>. <span class=\"relative -mx-px my-[-0.2rem] rounded px-px py-[0.2rem] transition-colors duration-100 ease-in-out\">M\u00eame en \u00e9t\u00e9, on ressent une brise marine rafra\u00eechissante (15\u201317\u202fmph, soit 24\u201328\u202fkm\/h)<\/span> . <span class=\"relative -mx-px my-[-0.2rem] rounded px-px py-[0.2rem] transition-colors duration-100 ease-in-out\">L\u2019humidit\u00e9 relative reste \u00e9lev\u00e9e (80\u202f% \u00e0 85\u202f%), avec un pic \u00e0 88\u202f% en automne et hiver<\/span> .<\/p><h3 data-start=\"1287\" data-end=\"1324\">Ensoleillement et dur\u00e9e du jour<\/h3><p data-start=\"1325\" data-end=\"1526\"><span class=\"relative -mx-px my-[-0.2rem] rounded px-px py-[0.2rem] transition-colors duration-100 ease-in-out\">Les jours sont tr\u00e8s longs en \u00e9t\u00e9 : jusqu\u2019\u00e0 16\u202fh de lumi\u00e8re autour du 21 juin, puis d\u00e9clinant \u00e0 13\u202fh fin ao\u00fbt<\/span> . <span class=\"relative -mx-px my-[-0.2rem] rounded px-px py-[0.2rem] transition-colors duration-100 ease-in-out\">En avril, les journ\u00e9es durent d\u00e9j\u00e0 13,6\u202fh avec pr\u00e8s de 48\u202f% de ciel d\u00e9gag\u00e9<\/span>. <span class=\"relative -mx-px my-[-0.2rem] rounded px-px py-[0.2rem] transition-colors duration-100 ease-in-out\">En revanche en hiver, jours courts et gris dominent.<\/span><\/p><h3 data-start=\"1528\" data-end=\"1572\">Climat favorable \u00e0 la thalassoth\u00e9rapie<\/h3><p data-start=\"1573\" data-end=\"1653\"><span class=\"relative -mx-px my-[-0.2rem] rounded px-px py-[0.2rem] transition-colors duration-100 ease-in-out\">Gr\u00e2ce \u00e0 ses brises iod\u00e9es et temp\u00e9ratures mod\u00e9r\u00e9es, Roscoff est un haut lieu de <strong data-start=\"80\" data-end=\"100\">thalassoth\u00e9rapie<\/strong> : d\u00e8s 1899, ce climat marin a inspir\u00e9 la cr\u00e9ation d\u2019instituts pour traiter par l\u2019eau de mer<\/span><\/p><h3 data-start=\"1660\" data-end=\"1683\">R\u00e9sum\u00e9 saisonnier<\/h3><ul data-start=\"1684\" data-end=\"1997\"><li data-start=\"1684\" data-end=\"1747\"><p data-start=\"1686\" data-end=\"1747\"><strong data-start=\"1686\" data-end=\"1705\">Hiver (d\u00e9c\u2013f\u00e9v)<\/strong> : frais (4\u201310\u202f\u00b0C), humide, vents forts.<\/p><\/li><li data-start=\"1748\" data-end=\"1853\"><p data-start=\"1750\" data-end=\"1853\"><strong data-start=\"1750\" data-end=\"1774\">Printemps (mars\u2013mai)<\/strong> : temp\u00e9ratures doubl\u00e9es (8\u201314\u202f\u00b0C), pluies fr\u00e9quentes, ciel en partie d\u00e9gag\u00e9.<\/p><\/li><li data-start=\"1854\" data-end=\"1924\"><p data-start=\"1856\" data-end=\"1924\"><strong data-start=\"1856\" data-end=\"1875\">\u00c9t\u00e9 (juin\u2013ao\u00fbt)<\/strong> : doux (17\u201321\u202f\u00b0C), ensoleill\u00e9, sec et venteux.<\/p><\/li><li data-start=\"1925\" data-end=\"1997\"><p data-start=\"1927\" data-end=\"1997\"><strong data-start=\"1927\" data-end=\"1949\">Automne (sept\u2013nov)<\/strong> : retour des pluies, 11\u201316\u202f\u00b0C, humidit\u00e9 \u00e9lev\u00e9e.<\/p><\/li><\/ul><h3 data-start=\"2004\" data-end=\"2043\">Pourquoi c\u2019est agr\u00e9able \u00e0 visiter<\/h3><p data-start=\"2044\" data-end=\"2330\">Le climat de Roscoff est id\u00e9al pour profiter de la c\u00f4te bretonne sans canicule ; les temp\u00e9ratures estivales restent confortables. La diversit\u00e9 des saisons permet d\u2019adapter sa visite selon ses envies : randonn\u00e9es printani\u00e8res, bains \u00e0 la plage l\u2019\u00e9t\u00e9, soins en centre marin toute l\u2019ann\u00e9e.<\/p><h2 data-start=\"2269\" data-end=\"2310\"><strong data-start=\"2269\" data-end=\"2310\">Foire Aux Questions (FAQ) sur Roscoff<\/strong><\/h2><p data-start=\"2312\" data-end=\"2345\"><strong data-start=\"2312\" data-end=\"2345\">Comment se rendre \u00e0 Roscoff ?<\/strong><\/p><p data-start=\"2347\" data-end=\"2512\">Roscoff est accessible par la route via la D58 depuis Morlaix. <a href=\"https:\/\/www.roscoff-tourisme.com\/fr\/\" target=\"_blank\" rel=\"noopener\">La ville<\/a> dispose \u00e9galement d&#8217;un port en eau profonde desservi par des ferries en provenance du Royaume-Uni et de l&#8217;Irlande, op\u00e9r\u00e9s notamment par Brittany Ferries.<\/p><p data-start=\"2514\" data-end=\"2572\"><strong data-start=\"2514\" data-end=\"2572\">Quelle est la meilleure p\u00e9riode pour visiter Roscoff ?<\/strong><\/p><p data-start=\"2574\" data-end=\"2699\">La p\u00e9riode estivale, de juin \u00e0 septembre, est id\u00e9ale pour profiter des plages et des activit\u00e9s nautiques. Cependant, le climat doux de Roscoff permet des visites agr\u00e9ables tout au long de l&#8217;ann\u00e9e.\u200b<\/p><p data-start=\"2701\" data-end=\"2757\"><strong data-start=\"2701\" data-end=\"2757\">Quelles sont les sp\u00e9cialit\u00e9s culinaires de Roscoff ?<\/strong><\/p><p data-start=\"2759\" data-end=\"2924\">Roscoff est r\u00e9put\u00e9e pour son oignon ros\u00e9, labellis\u00e9 AOC depuis 2009. Les produits de la mer, tels que les coquillages et crustac\u00e9s, sont \u00e9galement des incontournables de la gastronomie locale.<\/p>\t\t\t\t\t\t\t\t<\/div>\n\t\t\t\t\t<\/div>\n\t\t\t\t<\/div>\n\t\t<aside class=\"elementor-element elementor-element-4cf2a13 e-flex e-con-boxed e-con e-parent\" data-id=\"4cf2a13\" data-element_type=\"container\" data-e-type=\"container\">\n\t\t\t\t\t<div class=\"e-con-inner\">\n\t\t\t\t<div class=\"elementor-element elementor-element-b14764a elementor-widget elementor-widget-listeo-posts-grid\" data-id=\"b14764a\" data-element_type=\"widget\" data-e-type=\"widget\" data-widget_type=\"listeo-posts-grid.default\">\n\t\t\t\t<div class=\"elementor-widget-container\">\n\t\t\t\t\t\t\t\n\t\t<div class=\"listeo-post-grid-wrapper\">\n\t\t\t<div class=\"row\">\n\n\t\t\t\n\n\t\t\t\t\t\t\t<div class=\"col-md-4\">\n                <a href=\"https:\/\/cparici.com\/de\/douarnenez\/\" class=\"blog-compact-item-container\">\n                    <div class=\"blog-compact-item\">\n                        <img decoding=\"async\" width=\"577\" height=\"200\" src=\"https:\/\/cparici.com\/wp-content\/uploads\/2024\/05\/douarnenez.jpg\" class=\"attachment-listeo-blog-related-post size-listeo-blog-related-post wp-post-image\" alt=\"douarnenez\" srcset=\"https:\/\/cparici.com\/wp-content\/uploads\/2024\/05\/douarnenez.jpg 1550w, https:\/\/cparici.com\/wp-content\/uploads\/2024\/05\/douarnenez-600x208.jpg 600w, https:\/\/cparici.com\/wp-content\/uploads\/2024\/05\/douarnenez-300x104.jpg 300w, https:\/\/cparici.com\/wp-content\/uploads\/2024\/05\/douarnenez-1024x355.jpg 1024w, https:\/\/cparici.com\/wp-content\/uploads\/2024\/05\/douarnenez-768x266.jpg 768w, https:\/\/cparici.com\/wp-content\/uploads\/2024\/05\/douarnenez-1536x532.jpg 1536w\" sizes=\"(max-width: 577px) 100vw, 577px\" \/><span class=\"blog-item-tag\">Bretagne<\/span>                        \n                        <div class=\"blog-compact-item-content\">\n                                                        <h3>Douarnenez &#8211; un port en bretagne<\/h3>\n                                                        <p>Douarnenez Douarnenez, une ville pittoresque situ\u00e9e dans le d\u00e9partement du Finist\u00e8re, en Bretagne, est une...                            <\/p>\n                                                    <\/div>\n                    <\/div>\n                <\/a>\n            <\/div>\n\t\t\t<div class=\"col-md-4\">\n                <a href=\"https:\/\/cparici.com\/de\/nevez\/\" class=\"blog-compact-item-container\">\n                    <div class=\"blog-compact-item\">\n                        <img decoding=\"async\" width=\"577\" height=\"160\" src=\"https:\/\/cparici.com\/wp-content\/uploads\/2022\/09\/plage-de-port-manech-a-nevez-en-finistere-banniere.jpg\" class=\"attachment-listeo-blog-related-post size-listeo-blog-related-post wp-post-image\" alt=\"plage de port manech a n\u00e9vez en finist\u00e8re\" srcset=\"https:\/\/cparici.com\/wp-content\/uploads\/2022\/09\/plage-de-port-manech-a-nevez-en-finistere-banniere.jpg 1520w, https:\/\/cparici.com\/wp-content\/uploads\/2022\/09\/plage-de-port-manech-a-nevez-en-finistere-banniere-600x166.jpg 600w, https:\/\/cparici.com\/wp-content\/uploads\/2022\/09\/plage-de-port-manech-a-nevez-en-finistere-banniere-768x212.jpg 768w\" sizes=\"(max-width: 577px) 100vw, 577px\" \/><span class=\"blog-item-tag\">Bretagne<\/span>                        \n                        <div class=\"blog-compact-item-content\">\n                                                        <h3>Bretagne, Nevez &#8211; guide complet pour des vacances r\u00e9ussies<\/h3>\n                                                        <p>Envie de changer d'air ? Partez \u00e0 la d\u00e9couverte de Bretagne Nevez, un lieu magique...                            <\/p>\n                                                    <\/div>\n                    <\/div>\n                <\/a>\n            <\/div>\n\t\t\t<div class=\"col-md-4\">\n                <a href=\"https:\/\/cparici.com\/de\/visiter-le-finistere-guide-ultime-des-lieux-a-decouvrir\/\" class=\"blog-compact-item-container\">\n                    <div class=\"blog-compact-item\">\n                        <img decoding=\"async\" width=\"577\" height=\"143\" src=\"https:\/\/cparici.com\/wp-content\/uploads\/2022\/09\/plage-de-dourveil-a-nevez-en-finistere-banniere.jpg\" class=\"attachment-listeo-blog-related-post size-listeo-blog-related-post wp-post-image\" alt=\"plage de dourveil a nevez -visiter le finistere\" srcset=\"https:\/\/cparici.com\/wp-content\/uploads\/2022\/09\/plage-de-dourveil-a-nevez-en-finistere-banniere.jpg 1520w, https:\/\/cparici.com\/wp-content\/uploads\/2022\/09\/plage-de-dourveil-a-nevez-en-finistere-banniere-600x148.jpg 600w, https:\/\/cparici.com\/wp-content\/uploads\/2022\/09\/plage-de-dourveil-a-nevez-en-finistere-banniere-768x189.jpg 768w\" sizes=\"(max-width: 577px) 100vw, 577px\" \/><span class=\"blog-item-tag\">Bretagne<\/span>                        \n                        <div class=\"blog-compact-item-content\">\n                                                        <h3>Visiter le Finist\u00e8re &#8211; guide ultime des lieux \u00e0 d\u00e9couvrir<\/h3>\n                                                        <p>Visiter le Finist\u00e8re : notre guide des plus beaux sites, activit\u00e9s, et loisirs en finist\u00e8re,...                            <\/p>\n                                                    <\/div>\n                    <\/div>\n                <\/a>\n            <\/div>\n  <\/div>\n        <\/div>\n        \t\t\t\t<\/div>\n\t\t\t\t<\/div>\n\t\t\t\t\t<\/div>\n\t\t\t\t<\/aside>\n\t\t\t\t<\/div>\n\t\t","protected":false},"excerpt":{"rendered":"<p>Recherches populaires Categories Pas de r\u00e9sultats Voir tous les r\u00e9sultats Roscoff Situ\u00e9e sur la c\u00f4te nord du Finist\u00e8re, Roscoff est une petite cit\u00e9 de caract\u00e8re qui s\u00e9duit par son riche patrimoine, ses paysages c\u00f4tiers pittoresques et son ambiance authentique. Cette charmante commune bretonne offre une multitude d&#8217;activit\u00e9s et de d\u00e9couvertes pour les visiteurs en qu\u00eate [&hellip;]<\/p>\n","protected":false},"author":97,"featured_media":58755,"comment_status":"closed","ping_status":"closed","sticky":false,"template":"","format":"standard","meta":{"ngg_post_thumbnail":0,"footnotes":""},"categories":[1036,478,479,477],"tags":[],"class_list":["post-58754","post","type-post","status-publish","format-standard","has-post-thumbnail","hentry","category-roscoff","category-bretagne","category-finistere","category-france"],"_links":{"self":[{"href":"https:\/\/cparici.com\/de\/wp-json\/wp\/v2\/posts\/58754","targetHints":{"allow":["GET"]}}],"collection":[{"href":"https:\/\/cparici.com\/de\/wp-json\/wp\/v2\/posts"}],"about":[{"href":"https:\/\/cparici.com\/de\/wp-json\/wp\/v2\/types\/post"}],"author":[{"embeddable":true,"href":"https:\/\/cparici.com\/de\/wp-json\/wp\/v2\/users\/97"}],"replies":[{"embeddable":true,"href":"https:\/\/cparici.com\/de\/wp-json\/wp\/v2\/comments?post=58754"}],"version-history":[{"count":0,"href":"https:\/\/cparici.com\/de\/wp-json\/wp\/v2\/posts\/58754\/revisions"}],"wp:featuredmedia":[{"embeddable":true,"href":"https:\/\/cparici.com\/de\/wp-json\/wp\/v2\/media\/58755"}],"wp:attachment":[{"href":"https:\/\/cparici.com\/de\/wp-json\/wp\/v2\/media?parent=58754"}],"wp:term":[{"taxonomy":"category","embeddable":true,"href":"https:\/\/cparici.com\/de\/wp-json\/wp\/v2\/categories?post=58754"},{"taxonomy":"post_tag","embeddable":true,"href":"https:\/\/cparici.com\/de\/wp-json\/wp\/v2\/tags?post=58754"}],"curies":[{"name":"wp","href":"https:\/\/api.w.org\/{rel}","templated":true}]}}