{"id":64722,"date":"2025-04-16T20:50:28","date_gmt":"2025-04-16T18:50:28","guid":{"rendered":"https:\/\/cparici.com\/?p=64722"},"modified":"2025-04-16T20:56:59","modified_gmt":"2025-04-16T18:56:59","slug":"louis-vuitton-stiftung","status":"publish","type":"post","link":"https:\/\/cparici.com\/de\/fondation-louis-vuitton\/","title":{"rendered":"Louis Vuitton Stiftung: Architektur und Kunst im Herzen von Paris"},"content":{"rendered":"\t\t<div data-elementor-type=\"wp-post\" data-elementor-id=\"64722\" class=\"elementor elementor-64722\" data-elementor-post-type=\"post\">\n\t\t\t\t<div class=\"elementor-element elementor-element-38babe6 e-con-full e-flex e-con e-parent\" data-id=\"38babe6\" data-element_type=\"container\" data-e-type=\"container\">\n\t\t\t\t<div class=\"elementor-element elementor-element-8c22689 elementor-widget elementor-widget-image\" data-id=\"8c22689\" data-element_type=\"widget\" data-e-type=\"widget\" data-widget_type=\"image.default\">\n\t\t\t\t\t\t\t\t\t\t\t\t\t\t\t<img decoding=\"async\" width=\"1500\" height=\"530\" src=\"https:\/\/cparici.com\/wp-content\/uploads\/2025\/04\/cparici-2025-04-16T194723.016.jpg\" class=\"attachment-full size-full wp-image-64723\" alt=\"Fondation Louis Vuitton\" srcset=\"https:\/\/cparici.com\/wp-content\/uploads\/2025\/04\/cparici-2025-04-16T194723.016.jpg 1500w, https:\/\/cparici.com\/wp-content\/uploads\/2025\/04\/cparici-2025-04-16T194723.016-300x106.jpg 300w, https:\/\/cparici.com\/wp-content\/uploads\/2025\/04\/cparici-2025-04-16T194723.016-1024x362.jpg 1024w, https:\/\/cparici.com\/wp-content\/uploads\/2025\/04\/cparici-2025-04-16T194723.016-768x271.jpg 768w, https:\/\/cparici.com\/wp-content\/uploads\/2025\/04\/cparici-2025-04-16T194723.016-18x6.jpg 18w, https:\/\/cparici.com\/wp-content\/uploads\/2025\/04\/cparici-2025-04-16T194723.016-590x208.jpg 590w, https:\/\/cparici.com\/wp-content\/uploads\/2025\/04\/cparici-2025-04-16T194723.016-1200x424.jpg 1200w, https:\/\/cparici.com\/wp-content\/uploads\/2025\/04\/cparici-2025-04-16T194723.016-577x204.jpg 577w, https:\/\/cparici.com\/wp-content\/uploads\/2025\/04\/cparici-2025-04-16T194723.016-600x212.jpg 600w\" sizes=\"(max-width: 1500px) 100vw, 1500px\" \/>\t\t\t\t\t\t\t\t\t\t\t\t\t\t\t<\/div>\n\t\t\t\t<\/div>\n\t\t<div class=\"elementor-element elementor-element-21fe417 e-flex e-con-boxed e-con e-parent\" data-id=\"21fe417\" data-element_type=\"container\" data-e-type=\"container\">\n\t\t\t\t\t<div class=\"e-con-inner\">\n\t\t\t\t<div class=\"elementor-element elementor-element-103d542 elementor-widget elementor-widget-global elementor-global-62046 elementor-widget-eael-advanced-search\" data-id=\"103d542\" data-element_type=\"widget\" data-e-type=\"widget\" data-widget_type=\"eael-advanced-search.default\">\n\t\t\t\t\t        <div class=\"eael-adv-search-wrapper\">\n            <div id=\"eael-advanced-search-widget-103d542\" class=\"eael-advanced-search-widget\">\n                <form data-settings=\"{&quot;post_per_page&quot;:5,&quot;search_among_taxonomies&quot;:&quot;&quot;,&quot;search_among_sku&quot;:&quot;no&quot;,&quot;show_popular_keyword&quot;:0,&quot;show_category&quot;:0,&quot;show_content_image&quot;:1,&quot;show_search_result_all_results&quot;:0,&quot;result_on_new_tab&quot;:&quot;no&quot;,&quot;show_product_price&quot;:&quot;no&quot;,&quot;include_current_page&quot;:&quot;no&quot;,&quot;orderby&quot;:&quot;default&quot;,&quot;order&quot;:&quot;DESC&quot;,&quot;current_post_id&quot;:64722,&quot;post_type&quot;:[&quot;post&quot;,&quot;listing&quot;]}\" method=\"POST\" name=\"eael-advanced-search-form-103d542\" class=\"eael-advanced-search-form eael-advanced-search-form-style-2\">\n                    <div class=\"eael-advanced-search-wrap\">\n                        <span class=\"eael-adv-search-loader\"><\/span>\n                        <span class=\"eael-adv-search-close\"><i class=\"fas fa-times\"><\/i><\/span>\n                        <span class=\"icon \"><i class=\"fas fa-search\"><\/i><\/span>\n\n                        <input type=\"text\"\n                               placeholder=\"Votre destination\"\n                               class=\"eael-advanced-search\" autocomplete=\"off\" name=\"eael_advanced_search\">\n                    <\/div>\n\t\t\t\t\t                                    <\/form>\n\n\t\t\t\t\n\t\t\t\t        <div class=\"eael-advanced-search-result\">\n            <div class=\"eael-advanced-search-popular-keyword\">\n\t\t\t\t<h4 class=\"eael-advanced-search-popular-keyword-text\">Recherches populaires<\/h4>                <div class=\"eael-popular-keyword-content\"><\/div>\n            <\/div>\n            <div class=\"eael-advanced-search-category\">\n\t\t\t\t<h4 class=\"eael-advanced-search-category-text\">Categories<\/h4>                <div class=\"eael-popular-category-content\"><\/div>\n            <\/div>\n\t\t\t<div class=\"eael-advanced-search-total-results-section\">\n\t\t\t\t\t\t\t<\/div>\n            <div class=\"eael-advanced-search-content eael-item-style-3\">\n            <\/div>\n            <div class=\"eael-advanced-search-not-found\">\n                <p>Pas de r\u00e9sultats<\/p><\/div>\n            <div class=\"eael-advanced-search-load-more\">\n\t\t\t\t<a \tclass=\"eael-advanced-search-load-more-button\"\n                \thref=\"#\">Voir tous les r\u00e9sultats<\/a>\n            <\/div>\n        <\/div>\n\n\t\t            <\/div>\n        <\/div>\n\n\t\t\t\t\t\t<\/div>\n\t\t\t\t\t<\/div>\n\t\t\t\t<\/div>\n\t\t<div class=\"elementor-element elementor-element-7fa747b1 e-flex e-con-boxed e-con e-parent\" data-id=\"7fa747b1\" data-element_type=\"container\" data-e-type=\"container\">\n\t\t\t\t\t<div class=\"e-con-inner\">\n\t\t\t\t<div class=\"elementor-element elementor-element-67495417 elementor-widget elementor-widget-text-editor\" data-id=\"67495417\" data-element_type=\"widget\" data-e-type=\"widget\" data-widget_type=\"text-editor.default\">\n\t\t\t\t\t\t\t\t\t<h1 class=\"\" style=\"text-align: center;\" data-start=\"128\" data-end=\"209\">Fondation Louis Vuitton : architecture et arts au c\u0153ur de Paris<\/h1>\n<p class=\"\" data-start=\"228\" data-end=\"385\"><span class=\"relative -mx-px my-[-0.2rem] rounded px-px py-[0.2rem] transition-colors duration-100 ease-in-out\"><strong>La Fondation Louis Vuitton<\/strong> est bien plus qu\u2019un <a href=\"https:\/\/cparici.com\/musees-en-france\/\">mus\u00e9e<\/a> : c\u2019est une \u0153uvre d\u2019art en soi.<\/span> <span class=\"relative -mx-px my-[-0.2rem] rounded px-px py-[0.2rem] transition-colors duration-100 ease-in-out\">Situ\u00e9e dans le Bois de Boulogne, \u00e0 l\u2019ouest de <a href=\"https:\/\/cparici.com\/paris\/\">Paris<\/a>, elle incarne l\u2019alliance parfaite entre l\u2019architecture audacieuse de Frank Gehry et l\u2019engagement du groupe LVMH pour la promotion de l\u2019art contemporain.<\/span> <span class=\"relative -mx-px my-[-0.2rem] rounded px-px py-[0.2rem] transition-colors duration-100 ease-in-out\">Depuis son inauguration en 2014, la Fondation s\u2019est impos\u00e9e comme un lieu incontournable pour les amateurs d\u2019art et d\u2019architecture.<\/span><\/p>\n<p class=\"\" data-start=\"228\" data-end=\"385\"><div id=\"ez-toc-container\" class=\"ez-toc-v2_0_82_2 counter-hierarchy ez-toc-counter ez-toc-custom ez-toc-container-direction\">\n<div class=\"ez-toc-title-container\">\n<p class=\"ez-toc-title\" style=\"cursor:inherit\">Dans cet article<\/p>\n<span class=\"ez-toc-title-toggle\"><\/span><\/div>\n<nav><ul class='ez-toc-list ez-toc-list-level-1 ' ><li class='ez-toc-page-1 ez-toc-heading-level-2'><a class=\"ez-toc-link ez-toc-heading-1\" href=\"https:\/\/cparici.com\/de\/fondation-louis-vuitton\/#Historique_et_mission_de_la_Fondation_Louis_Vuitton\">Historique et mission de la Fondation Louis Vuitton<\/a><\/li><li class='ez-toc-page-1 ez-toc-heading-level-2'><a class=\"ez-toc-link ez-toc-heading-2\" href=\"https:\/\/cparici.com\/de\/fondation-louis-vuitton\/#Une_architecture_signee_Frank_Gehry\">Une architecture sign\u00e9e Frank Gehry<\/a><\/li><li class='ez-toc-page-1 ez-toc-heading-level-2'><a class=\"ez-toc-link ez-toc-heading-3\" href=\"https:\/\/cparici.com\/de\/fondation-louis-vuitton\/#Frank_Gehry_et_Louis_Vuitton_larchitecte_des_formes_libres_en_action\">Frank Gehry et Louis Vuitton: l\u2019architecte des formes libres en action<\/a><\/li><li class='ez-toc-page-1 ez-toc-heading-level-2'><a class=\"ez-toc-link ez-toc-heading-4\" href=\"https:\/\/cparici.com\/de\/fondation-louis-vuitton\/#Exposition_Fondation_Louis_Vuitton_immersion_dans_lart_contemporain\">Exposition Fondation Louis Vuitton : immersion dans l\u2019art contemporain<\/a><\/li><li class='ez-toc-page-1 ez-toc-heading-level-2'><a class=\"ez-toc-link ez-toc-heading-5\" href=\"https:\/\/cparici.com\/de\/fondation-louis-vuitton\/#Expositions_majeures\">Expositions majeures<\/a><\/li><li class='ez-toc-page-1 ez-toc-heading-level-2'><a class=\"ez-toc-link ez-toc-heading-6\" href=\"https:\/\/cparici.com\/de\/fondation-louis-vuitton\/#Matisse_Fondation_Louis_Vuitton_un_hommage_au_maitre_de_la_couleur\">Matisse Fondation Louis Vuitton : un hommage au ma\u00eetre de la couleur<\/a><\/li><li class='ez-toc-page-1 ez-toc-heading-level-2'><a class=\"ez-toc-link ez-toc-heading-7\" href=\"https:\/\/cparici.com\/de\/fondation-louis-vuitton\/#Rothko_Fondation_Louis_Vuitton_une_immersion_dans_la_couleur\">Rothko Fondation Louis Vuitton : une immersion dans la couleur<\/a><\/li><li class='ez-toc-page-1 ez-toc-heading-level-2'><a class=\"ez-toc-link ez-toc-heading-8\" href=\"https:\/\/cparici.com\/de\/fondation-louis-vuitton\/#Informations_pratiques_pour_la_visite\">Informations pratiques pour la visite<\/a><\/li><li class='ez-toc-page-1 ez-toc-heading-level-2'><a class=\"ez-toc-link ez-toc-heading-9\" href=\"https:\/\/cparici.com\/de\/fondation-louis-vuitton\/#Billets_pour_Fondation_Louis_Vuitton_infos_tarifs_et_reservation\">Billets pour Fondation Louis Vuitton : infos, tarifs et r\u00e9servation<\/a><\/li><li class='ez-toc-page-1 ez-toc-heading-level-2'><a class=\"ez-toc-link ez-toc-heading-10\" href=\"https:\/\/cparici.com\/de\/fondation-louis-vuitton\/#Fondation_Louis_Vuitton_gratuit_dimanche_ce_quil_faut_savoir\">Fondation Louis Vuitton gratuit dimanche : ce qu\u2019il faut savoir<\/a><\/li><li class='ez-toc-page-1 ez-toc-heading-level-2'><a class=\"ez-toc-link ez-toc-heading-11\" href=\"https:\/\/cparici.com\/de\/fondation-louis-vuitton\/#Fondation_Louis_Vuitton_parking_ou_se_garer_facilement\">Fondation Louis Vuitton parking : o\u00f9 se garer facilement<\/a><\/li><li class='ez-toc-page-1 ez-toc-heading-level-2'><a class=\"ez-toc-link ez-toc-heading-12\" href=\"https:\/\/cparici.com\/de\/fondation-louis-vuitton\/#Navette_Fondation_Louis_Vuitton_un_acces_simple_et_rapide\">Navette Fondation Louis Vuitton : un acc\u00e8s simple et rapide<\/a><\/li><li class='ez-toc-page-1 ez-toc-heading-level-2'><a class=\"ez-toc-link ez-toc-heading-13\" href=\"https:\/\/cparici.com\/de\/fondation-louis-vuitton\/#Services_et_commodites\">Services et commodit\u00e9s<\/a><\/li><li class='ez-toc-page-1 ez-toc-heading-level-2'><a class=\"ez-toc-link ez-toc-heading-14\" href=\"https:\/\/cparici.com\/de\/fondation-louis-vuitton\/#Conclusion\">Conclusion<\/a><\/li><li class='ez-toc-page-1 ez-toc-heading-level-2'><a class=\"ez-toc-link ez-toc-heading-15\" href=\"https:\/\/cparici.com\/de\/fondation-louis-vuitton\/#FAQ_Fondation_Louis_Vuitton\">FAQ Fondation Louis Vuitton<\/a><\/li><\/ul><\/nav><\/div>\n\u200b<\/p>\n\n<h2 class=\"\" data-start=\"387\" data-end=\"441\"><span class=\"ez-toc-section\" id=\"Historique_et_mission_de_la_Fondation_Louis_Vuitton\"><\/span>Historique et mission de la Fondation Louis Vuitton<span class=\"ez-toc-section-end\"><\/span><\/h2>\n<p class=\"\" data-start=\"443\" data-end=\"944\">La <strong data-start=\"446\" data-end=\"473\">Fondation Louis Vuitton<\/strong> a \u00e9t\u00e9 cr\u00e9\u00e9e \u00e0 l\u2019initiative de Bernard Arnault, pr\u00e9sident-directeur g\u00e9n\u00e9ral de LVMH, avec pour objectif de p\u00e9renniser les actions de m\u00e9c\u00e9nat engag\u00e9es depuis 1990 par le groupe. Inaugur\u00e9e le 24 octobre 2014, la Fondation vise \u00e0 promouvoir l\u2019art contemporain et moderne \u00e0 travers des expositions temporaires et permanentes, des commandes d\u2019artistes et des manifestations pluridisciplinaires. <span class=\"ms-1 inline-flex max-w-full items-center relative top-[-0.094rem] animate-[show_150ms_ease-in]\"><a class=\"flex h-6 overflow-hidden rounded-xl px-2.5 text-[0.5625em] font-medium text-token-text-secondary! bg-[#F4F4F4]! dark:bg-[#303030]! transition-colors duration-150 ease-in-out\" href=\"https:\/\/www.fondationlouisvuitton.fr\/en\/fondation?utm_source=chatgpt.com\" target=\"_blank\" rel=\"noopener\"><span class=\"relative start-0 bottom-0 flex h-full w-full items-center\"><span class=\"flex h-4 w-full items-center justify-between overflow-hidden\"><span class=\"max-w-full grow truncate overflow-hidden text-center\">Fondation Louis Vuitton<\/span><\/span><\/span><\/a><\/span>\u200b<\/p>\n\n<h2 class=\"\" data-start=\"946\" data-end=\"984\"><span class=\"ez-toc-section\" id=\"Une_architecture_signee_Frank_Gehry\"><\/span>Une architecture sign\u00e9e Frank Gehry<span class=\"ez-toc-section-end\"><\/span><\/h2>\n<p class=\"\" data-start=\"986\" data-end=\"1573\">L\u2019\u00e9difice de la <strong data-start=\"1002\" data-end=\"1029\">Fondation Louis Vuitton<\/strong> est une prouesse architecturale con\u00e7ue par Frank Gehry. Inspir\u00e9 des structures en verre et acier du XIXe si\u00e8cle, le b\u00e2timent se compose de douze voiles de verre qui enveloppent une structure centrale surnomm\u00e9e \u201cl\u2019Iceberg\u201d. Cette conception audacieuse \u00e9voque un voilier gonfl\u00e9 par le vent, symbolisant le mouvement et la l\u00e9g\u00e8ret\u00e9. Le b\u00e2timent s\u2019int\u00e8gre harmonieusement dans le paysage du Jardin d\u2019Acclimatation, cr\u00e9ant un dialogue entre nature et architecture. <span class=\"ms-1 inline-flex max-w-full items-center relative top-[-0.094rem] animate-[show_150ms_ease-in]\"><a class=\"flex h-6 overflow-hidden rounded-xl px-2.5 text-[0.5625em] font-medium text-token-text-secondary! bg-[#F4F4F4]! dark:bg-[#303030]! transition-colors duration-150 ease-in-out\" href=\"https:\/\/www.fondationlouisvuitton.fr\/en\/fondation\/the-building?utm_source=chatgpt.com\" target=\"_blank\" rel=\"noopener\"><span class=\"relative start-0 bottom-0 flex h-full w-full items-center\"><span class=\"flex h-4 w-full items-center justify-between overflow-hidden\"><span class=\"max-w-full grow truncate overflow-hidden text-center\">Fondation Louis Vuitton<\/span><\/span><\/span><\/a><\/span>\u200b<\/p>\n\n\n<figure id=\"attachment_64724\" aria-describedby=\"caption-attachment-64724\" style=\"width: 471px\" class=\"wp-caption aligncenter\"><a href=\"https:\/\/cparici.com\/wp-content\/uploads\/2025\/04\/ChatGPT-Image-16-avr.-2025-19_49_53.jpg\"><img decoding=\"async\" class=\"wp-image-64724 \" src=\"https:\/\/cparici.com\/wp-content\/uploads\/2025\/04\/ChatGPT-Image-16-avr.-2025-19_49_53-683x1024.jpg\" alt=\"Fondation Louis Vuitton architecture\" width=\"471\" height=\"707\" srcset=\"https:\/\/cparici.com\/wp-content\/uploads\/2025\/04\/ChatGPT-Image-16-avr.-2025-19_49_53-683x1024.jpg 683w, https:\/\/cparici.com\/wp-content\/uploads\/2025\/04\/ChatGPT-Image-16-avr.-2025-19_49_53-200x300.jpg 200w, https:\/\/cparici.com\/wp-content\/uploads\/2025\/04\/ChatGPT-Image-16-avr.-2025-19_49_53-768x1152.jpg 768w, https:\/\/cparici.com\/wp-content\/uploads\/2025\/04\/ChatGPT-Image-16-avr.-2025-19_49_53-8x12.jpg 8w, https:\/\/cparici.com\/wp-content\/uploads\/2025\/04\/ChatGPT-Image-16-avr.-2025-19_49_53-393x590.jpg 393w, https:\/\/cparici.com\/wp-content\/uploads\/2025\/04\/ChatGPT-Image-16-avr.-2025-19_49_53-447x670.jpg 447w, https:\/\/cparici.com\/wp-content\/uploads\/2025\/04\/ChatGPT-Image-16-avr.-2025-19_49_53-577x866.jpg 577w, https:\/\/cparici.com\/wp-content\/uploads\/2025\/04\/ChatGPT-Image-16-avr.-2025-19_49_53-600x900.jpg 600w, https:\/\/cparici.com\/wp-content\/uploads\/2025\/04\/ChatGPT-Image-16-avr.-2025-19_49_53.jpg 1024w\" sizes=\"(max-width: 471px) 100vw, 471px\" \/><\/a><figcaption id=\"caption-attachment-64724\" class=\"wp-caption-text\">Fondation Louis Vuitton architecture<\/figcaption><\/figure>\n<h3 class=\"\" data-start=\"764\" data-end=\"812\">Une architecture comme une sculpture vivante<\/h3>\n<p class=\"\" data-start=\"814\" data-end=\"1273\">Le b\u00e2timent de la <strong data-start=\"832\" data-end=\"859\">Fondation Louis Vuitton<\/strong> s\u2019\u00e9l\u00e8ve tel un navire pr\u00eat \u00e0 appareiller, avec ses <strong data-start=\"911\" data-end=\"945\">douze immenses voiles de verre<\/strong> courb\u00e9es qui captent la lumi\u00e8re \u00e0 toutes les heures du jour. Ces voiles enveloppent un noyau central surnomm\u00e9 \u201cl\u2019Iceberg\u201d, compos\u00e9 de blocs blancs formant un ensemble g\u00e9om\u00e9trique aux allures cristallines. L\u2019ensemble repose sur un bassin d\u2019eau qui accentue l\u2019impression de flottaison et refl\u00e8te l\u2019\u00e9difice sous diff\u00e9rents angles.<\/p>\n<p class=\"\" data-start=\"1275\" data-end=\"1739\">Le jeu entre les mat\u00e9riaux \u2013 <strong data-start=\"1304\" data-end=\"1328\">verre, acier et bois<\/strong> \u2013 traduit l\u2019ambition de cr\u00e9er un b\u00e2timent \u00e0 la fois l\u00e9ger et imposant. Les surfaces vitr\u00e9es permettent une <strong data-start=\"1436\" data-end=\"1505\">int\u00e9gration harmonieuse avec le paysage du Jardin d\u2019Acclimatation<\/strong>, offrant aux visiteurs des perspectives uniques sur la nature environnante. Gehry a voulu, d\u00e8s le d\u00e9part, que l\u2019\u00e9difice s\u2019inscrive dans un dialogue avec son environnement : il n\u2019est pas pos\u00e9 sur le site, il en fait partie int\u00e9grante.<\/p>\n\n<h3 class=\"\" data-start=\"1741\" data-end=\"1769\">Un exploit technologique<\/h3>\n<p class=\"\" data-start=\"1771\" data-end=\"2195\">La complexit\u00e9 du b\u00e2timent de la <strong data-start=\"1803\" data-end=\"1830\">Fondation Louis Vuitton<\/strong> repose sur l\u2019ing\u00e9niosit\u00e9 de sa conception num\u00e9rique. Frank Gehry et son agence ont utilis\u00e9 des technologies de mod\u00e9lisation 3D de pointe, notamment le logiciel CATIA, initialement d\u00e9velopp\u00e9 pour l\u2019industrie a\u00e9ronautique. Ce recours \u00e0 des outils technologiques de pointe a permis de concevoir les courbes complexes du verre et de l\u2019acier avec une extr\u00eame pr\u00e9cision.<\/p>\n<p class=\"\" data-start=\"2197\" data-end=\"2621\">Chaque voile de verre est unique : <strong data-start=\"2232\" data-end=\"2289\">il a fallu plus de 3 500 panneaux de verre diff\u00e9rents<\/strong>, chacun fa\u00e7onn\u00e9 sur mesure, pour cr\u00e9er l\u2019effet ondulant caract\u00e9ristique du b\u00e2timent. La structure repose sur un cadre en acier de 19 000 tonnes, elle-m\u00eame soutenue par des poutres en bois lamell\u00e9-coll\u00e9. Ce mariage entre <strong data-start=\"2510\" data-end=\"2534\">tradition artisanale<\/strong> et <strong data-start=\"2538\" data-end=\"2562\">innovation num\u00e9rique<\/strong> est au c\u0153ur de l\u2019\u0153uvre de Gehry, et atteint ici un sommet.<\/p>\n\n<h3 class=\"\" data-start=\"2623\" data-end=\"2673\">Une \u0153uvre inspir\u00e9e par Paris et son patrimoine<\/h3>\n<p class=\"\" data-start=\"2675\" data-end=\"3145\">Frank Gehry s\u2019est inspir\u00e9 des <strong data-start=\"2705\" data-end=\"2741\">grandes verri\u00e8res du XIXe si\u00e8cle<\/strong>, telles que celles du Grand Palais, mais aussi du Palmarium du Jardin d\u2019Acclimatation, aujourd\u2019hui disparu. L\u2019objectif \u00e9tait de cr\u00e9er une <strong data-start=\"2880\" data-end=\"2909\">architecture du mouvement<\/strong>, en hommage \u00e0 Paris, ville des arts et de la lumi\u00e8re. Les jeux d\u2019ombres, de transparences et de reflets changent continuellement selon l\u2019heure, les saisons et le point de vue du visiteur, donnant au b\u00e2timent une <strong data-start=\"3122\" data-end=\"3144\">dimension po\u00e9tique<\/strong>.<\/p>\n<p class=\"\" data-start=\"3147\" data-end=\"3442\">L\u2019\u00e9difice est \u00e9galement respectueux de l\u2019environnement. Il int\u00e8gre des dispositifs de r\u00e9cup\u00e9ration d\u2019eau, des syst\u00e8mes d\u2019\u00e9clairage naturel et une isolation optimis\u00e9e, dans un souci de durabilit\u00e9. Cette conscience \u00e9cologique, bien que discr\u00e8te, fait partie int\u00e9grante de la philosophie du projet.<\/p>\n\n<h2 class=\"\" data-start=\"3449\" data-end=\"3496\"><span class=\"ez-toc-section\" id=\"Frank_Gehry_et_Louis_Vuitton_larchitecte_des_formes_libres_en_action\"><\/span>Frank Gehry et Louis Vuitton: l\u2019architecte des formes libres en action<span class=\"ez-toc-section-end\"><\/span><\/h2>\n<p class=\"\" data-start=\"3498\" data-end=\"3809\"><strong data-start=\"3498\" data-end=\"3513\">Frank Gehry<\/strong>, n\u00e9 en 1929 \u00e0 Toronto (Canada), est l\u2019un des architectes les plus influents et controvers\u00e9s de notre \u00e9poque. Install\u00e9 \u00e0 Los Angeles, il est reconnu pour son style <strong data-start=\"3677\" data-end=\"3698\">d\u00e9constructiviste<\/strong>, caract\u00e9ris\u00e9 par des formes fragment\u00e9es, des volumes inattendus et une approche sculpturale de l\u2019architecture.<\/p>\n\n\n<figure id=\"attachment_64726\" aria-describedby=\"caption-attachment-64726\" style=\"width: 1024px\" class=\"wp-caption aligncenter\"><a href=\"https:\/\/cparici.com\/wp-content\/uploads\/2025\/04\/cparici-2025-04-16T195820.898.jpg\"><img decoding=\"async\" class=\"wp-image-64726 size-large\" src=\"https:\/\/cparici.com\/wp-content\/uploads\/2025\/04\/cparici-2025-04-16T195820.898-1024x362.jpg\" alt=\"Guggenheim Museum \u00e0 Bilbao Franck Gehri\" width=\"1024\" height=\"362\" srcset=\"https:\/\/cparici.com\/wp-content\/uploads\/2025\/04\/cparici-2025-04-16T195820.898-1024x362.jpg 1024w, https:\/\/cparici.com\/wp-content\/uploads\/2025\/04\/cparici-2025-04-16T195820.898-300x106.jpg 300w, https:\/\/cparici.com\/wp-content\/uploads\/2025\/04\/cparici-2025-04-16T195820.898-768x271.jpg 768w, https:\/\/cparici.com\/wp-content\/uploads\/2025\/04\/cparici-2025-04-16T195820.898-18x6.jpg 18w, https:\/\/cparici.com\/wp-content\/uploads\/2025\/04\/cparici-2025-04-16T195820.898-590x208.jpg 590w, https:\/\/cparici.com\/wp-content\/uploads\/2025\/04\/cparici-2025-04-16T195820.898-1200x424.jpg 1200w, https:\/\/cparici.com\/wp-content\/uploads\/2025\/04\/cparici-2025-04-16T195820.898-577x204.jpg 577w, https:\/\/cparici.com\/wp-content\/uploads\/2025\/04\/cparici-2025-04-16T195820.898-600x212.jpg 600w, https:\/\/cparici.com\/wp-content\/uploads\/2025\/04\/cparici-2025-04-16T195820.898.jpg 1500w\" sizes=\"(max-width: 1024px) 100vw, 1024px\" \/><\/a><figcaption id=\"caption-attachment-64726\" class=\"wp-caption-text\">Guggenheim Museum \u00e0 Bilbao Franck Gehri<\/figcaption><\/figure>\n<p class=\"\" data-start=\"3811\" data-end=\"4113\">Parmi ses \u0153uvres les plus c\u00e9l\u00e8bres figurent le <strong data-start=\"3858\" data-end=\"3888\">Guggenheim Museum \u00e0 Bilbao<\/strong>, la <strong data-start=\"3893\" data-end=\"3921\">Walt Disney Concert Hall<\/strong> \u00e0 Los Angeles, et la <strong data-start=\"3943\" data-end=\"3962\">Maison dansante<\/strong> \u00e0 Prague. \u00c0 travers ces projets, Gehry a red\u00e9fini les limites de l\u2019architecture traditionnelle, brouillant la fronti\u00e8re entre b\u00e2timent et \u0153uvre d\u2019art.<\/p>\n<p class=\"\" data-start=\"4115\" data-end=\"4497\">Pour la <strong data-start=\"4123\" data-end=\"4150\">Fondation Louis Vuitton<\/strong>, Frank Gehry a \u00e9t\u00e9 s\u00e9lectionn\u00e9 en 2006 apr\u00e8s un concours restreint. Son approche, radicalement artistique, a s\u00e9duit Bernard Arnault, pr\u00e9sident du groupe LVMH, qui souhaitait un b\u00e2timent \u201caussi audacieux que les \u0153uvres qu\u2019il abritera\u201d. Le projet a n\u00e9cessit\u00e9 plus de 8 ans de conception et de construction, jusqu\u2019\u00e0 son inauguration en octobre 2014.<\/p>\n<p class=\"\" data-start=\"4499\" data-end=\"4786\">Gehry a qualifi\u00e9 la Fondation de \u00ab b\u00e2timent le plus complexe de sa carri\u00e8re \u00bb. En effet, la fluidit\u00e9 des formes, la diversit\u00e9 des mat\u00e9riaux et l\u2019adaptation au site parisien ont repr\u00e9sent\u00e9 un d\u00e9fi colossal, relev\u00e9 gr\u00e2ce \u00e0 une collaboration \u00e9troite entre ing\u00e9nieurs, artisans et designers.<\/p>\n\n<h3 class=\"\" data-start=\"4793\" data-end=\"4821\">Une ic\u00f4ne du XXIe si\u00e8cle<\/h3>\n<p class=\"\" data-start=\"4823\" data-end=\"5157\">Aujourd\u2019hui, la <strong data-start=\"4839\" data-end=\"4866\">Fondation Louis Vuitton<\/strong> est non seulement un haut lieu de la culture, mais aussi une <strong data-start=\"4928\" data-end=\"4980\">r\u00e9f\u00e9rence mondiale en architecture contemporaine<\/strong>. Elle attire des passionn\u00e9s d\u2019art, des \u00e9tudiants en architecture, des touristes et des critiques venus admirer l\u2019harmonie entre une structure audacieuse et sa fonction mus\u00e9ale.<\/p>\n<p class=\"\" data-start=\"5159\" data-end=\"5310\">L\u2019\u00e9difice est une invitation \u00e0 la contemplation, un espace o\u00f9 la forme devient message, et o\u00f9 l\u2019architecture est \u00e0 la hauteur de l\u2019art qu\u2019elle c\u00e9l\u00e8bre.<\/p>\n\n\n<figure id=\"attachment_64725\" aria-describedby=\"caption-attachment-64725\" style=\"width: 1024px\" class=\"wp-caption aligncenter\"><a href=\"https:\/\/cparici.com\/wp-content\/uploads\/2025\/04\/cparici-2025-04-16T195038.850.jpg\"><img decoding=\"async\" class=\"wp-image-64725 size-large\" src=\"https:\/\/cparici.com\/wp-content\/uploads\/2025\/04\/cparici-2025-04-16T195038.850-1024x362.jpg\" alt=\"Fondation Louis Vuitton architecte Franck Gehri\" width=\"1024\" height=\"362\" srcset=\"https:\/\/cparici.com\/wp-content\/uploads\/2025\/04\/cparici-2025-04-16T195038.850-1024x362.jpg 1024w, https:\/\/cparici.com\/wp-content\/uploads\/2025\/04\/cparici-2025-04-16T195038.850-300x106.jpg 300w, https:\/\/cparici.com\/wp-content\/uploads\/2025\/04\/cparici-2025-04-16T195038.850-768x271.jpg 768w, https:\/\/cparici.com\/wp-content\/uploads\/2025\/04\/cparici-2025-04-16T195038.850-18x6.jpg 18w, https:\/\/cparici.com\/wp-content\/uploads\/2025\/04\/cparici-2025-04-16T195038.850-590x208.jpg 590w, https:\/\/cparici.com\/wp-content\/uploads\/2025\/04\/cparici-2025-04-16T195038.850-1200x424.jpg 1200w, https:\/\/cparici.com\/wp-content\/uploads\/2025\/04\/cparici-2025-04-16T195038.850-577x204.jpg 577w, https:\/\/cparici.com\/wp-content\/uploads\/2025\/04\/cparici-2025-04-16T195038.850-600x212.jpg 600w, https:\/\/cparici.com\/wp-content\/uploads\/2025\/04\/cparici-2025-04-16T195038.850.jpg 1500w\" sizes=\"(max-width: 1024px) 100vw, 1024px\" \/><\/a><figcaption id=\"caption-attachment-64725\" class=\"wp-caption-text\">Fondation Louis Vuitton architecte Franck Gehri<\/figcaption><\/figure>\n<h2 class=\"\" data-start=\"157\" data-end=\"230\"><span class=\"ez-toc-section\" id=\"Exposition_Fondation_Louis_Vuitton_immersion_dans_lart_contemporain\"><\/span>Exposition Fondation Louis Vuitton : immersion dans l\u2019art contemporain<span class=\"ez-toc-section-end\"><\/span><\/h2>\n<p class=\"\" data-start=\"232\" data-end=\"712\">Assister \u00e0 une <strong data-start=\"247\" data-end=\"290\">exposition \u00e0 la Fondation Louis Vuitton<\/strong> est bien plus qu\u2019une simple visite de mus\u00e9e : c\u2019est une exp\u00e9rience artistique compl\u00e8te, qui m\u00eale innovation, \u00e9motion et d\u00e9couverte dans un \u00e9crin architectural exceptionnel. Depuis son ouverture en 2014, la <strong data-start=\"497\" data-end=\"524\">Fondation Louis Vuitton<\/strong> s\u2019est impos\u00e9e comme un acteur majeur de la sc\u00e8ne culturelle <strong data-start=\"585\" data-end=\"596\">du pays<\/strong>, notamment gr\u00e2ce \u00e0 ses expositions ambitieuses qui font dialoguer les grands noms de l\u2019art moderne et contemporain.<\/p>\n<p class=\"\" data-start=\"714\" data-end=\"1137\">Chaque <strong data-start=\"721\" data-end=\"764\">exposition \u00e0 la Fondation Louis Vuitton<\/strong> est soigneusement con\u00e7ue pour offrir au visiteur un voyage th\u00e9matique ou chronologique \u00e0 travers des \u0153uvres embl\u00e9matiques, souvent rares ou in\u00e9dites. Les expositions sont organis\u00e9es selon deux grands axes : une s\u00e9rie consacr\u00e9e \u00e0 l\u2019art contemporain, et une autre ax\u00e9e sur l\u2019art moderne, permettant d\u2019\u00e9tablir des passerelles entre les \u00e9poques, les styles et les disciplines.<\/p>\n<p class=\"\" data-start=\"1139\" data-end=\"1573\">Parmi les expositions marquantes, on retient notamment <em data-start=\"1194\" data-end=\"1231\">Jean-Michel Basquiat & Egon Schiele<\/em>, pr\u00e9sent\u00e9e en 2018, qui confrontait les univers de deux artistes provocateurs s\u00e9par\u00e9s par un si\u00e8cle. <em data-start=\"1333\" data-end=\"1377\">Charlotte Perriand : Inventing a New World<\/em> a mis \u00e0 l\u2019honneur l\u2019une des grandes figures de l\u2019architecture du XXe si\u00e8cle, tandis que <em data-start=\"1466\" data-end=\"1481\">Cindy Sherman<\/em> a offert une r\u00e9trospective puissante sur la question de l\u2019identit\u00e9 et de la repr\u00e9sentation.<\/p>\n<p class=\"\" data-start=\"1575\" data-end=\"2054\">Actuellement, la <strong data-start=\"1592\" data-end=\"1619\">Fondation Louis Vuitton<\/strong> propose une exposition exceptionnelle : <em data-start=\"1660\" data-end=\"1678\">David Hockney 25<\/em>. Cette r\u00e9trospective couvre 70 ans de cr\u00e9ation du ma\u00eetre britannique, de ses toiles pop aux dessins sur iPad. Riche de plus de 400 \u0153uvres, cette exposition illustre l\u2019\u00e9volution d\u2019un regard unique sur le monde, les saisons, la m\u00e9moire et la couleur. L\u2019exposition se d\u00e9ploie dans plusieurs galeries et inclut aussi des installations immersives, tr\u00e8s appr\u00e9ci\u00e9es du grand public.<\/p>\n<p class=\"\" data-start=\"2056\" data-end=\"2408\">Les <strong data-start=\"2060\" data-end=\"2105\">expositions de la Fondation Louis Vuitton<\/strong> se distinguent \u00e9galement par leur sc\u00e9nographie immersive, pens\u00e9e pour mettre en valeur chaque \u0153uvre tout en cr\u00e9ant une narration visuelle captivante. L\u2019interaction entre la lumi\u00e8re naturelle du b\u00e2timent \u2013 filtr\u00e9e par les fameuses voiles de verre de Frank Gehry \u2013 et les \u0153uvres cr\u00e9e une ambiance unique.<\/p>\n<p class=\"\" data-start=\"2410\" data-end=\"2700\">Chaque visite est enrichie par des outils de m\u00e9diation : cartels explicatifs, visites guid\u00e9es, applications mobiles, podcasts, et parfois m\u00eame des ateliers en lien avec les th\u00e8mes de l\u2019exposition. Ces dispositifs permettent de rendre l\u2019art accessible \u00e0 tous, des n\u00e9ophytes aux connaisseurs.<\/p>\n<p class=\"\" data-start=\"2702\" data-end=\"2948\">Enfin, il est recommand\u00e9 de r\u00e9server ses <strong data-start=\"2743\" data-end=\"2803\">billets pour une exposition \u00e0 la Fondation Louis Vuitton<\/strong> \u00e0 l\u2019avance, surtout lors des grandes r\u00e9trospectives, pour garantir l\u2019acc\u00e8s aux galeries et profiter de la visite dans les meilleures conditions.<\/p>\n<p class=\"\" data-start=\"2950\" data-end=\"3323\">La <strong data-start=\"2953\" data-end=\"2980\">Fondation Louis Vuitton<\/strong>, par la qualit\u00e9 de ses expositions, son exigence artistique et son architecture magistrale, s\u2019impose comme un lieu de r\u00e9f\u00e9rence pour tous ceux qui souhaitent d\u00e9couvrir ou red\u00e9couvrir les grandes figures de l\u2019art contemporain et moderne. Une <strong data-start=\"3222\" data-end=\"3260\">exposition Fondation Louis Vuitton<\/strong>, c\u2019est toujours une promesse de rencontre et d\u2019\u00e9merveillement.<\/p>\n\n<h2 class=\"\" data-start=\"1575\" data-end=\"1598\"><span class=\"ez-toc-section\" id=\"Expositions_majeures\"><\/span>Expositions majeures<span class=\"ez-toc-section-end\"><\/span><\/h2>\n<h3 class=\"\" data-start=\"1600\" data-end=\"1657\">\u201cDavid Hockney 25\u201d : une r\u00e9trospective exceptionnelle<\/h3>\n<p class=\"\" data-start=\"1659\" data-end=\"1864\"><span class=\"relative -mx-px my-[-0.2rem] rounded px-px py-[0.2rem] transition-colors duration-100 ease-in-out\">Du 9 avril au 31 ao\u00fbt 2025, la <strong data-start=\"31\" data-end=\"58\">Fondation Louis Vuitton<\/strong> accueille l\u2019exposition \u201cDavid Hockney 25\u201d, la plus grande r\u00e9trospective jamais consacr\u00e9e \u00e0 l\u2019artiste britannique.<\/span> <span class=\"relative -mx-px my-[-0.2rem] rounded px-px py-[0.2rem] transition-colors duration-100 ease-in-out\">Pr\u00e9sentant plus de 400 \u0153uvres r\u00e9alis\u00e9es entre 1955 et 2025, l\u2019exposition met en lumi\u00e8re les paysages vibrants du Yorkshire et de la Normandie, des portraits, ainsi que des cr\u00e9ations num\u00e9riques r\u00e9alis\u00e9es sur iPad.<\/span> <span class=\"relative -mx-px my-[-0.2rem] rounded px-px py-[0.2rem] transition-colors duration-100 ease-in-out\">Cette exposition souligne l\u2019innovation constante de Hockney et son exploration des th\u00e8mes tels que la nature, la connexion humaine et la perspective.<\/span><\/p>\n\n<h3 class=\"\" data-start=\"1866\" data-end=\"1897\">Autres expositions notables<\/h3>\n<p class=\"\" data-start=\"1899\" data-end=\"2064\"><span class=\"relative -mx-px my-[-0.2rem] rounded px-px py-[0.2rem] transition-colors duration-100 ease-in-out\">La Fondation a \u00e9galement pr\u00e9sent\u00e9 des expositions consacr\u00e9es \u00e0 des artistes majeurs tels que <\/span><\/p>\n<p class=\"\" data-start=\"1899\" data-end=\"2064\"><span class=\"relative -mx-px my-[-0.2rem] rounded px-px py-[0.2rem] transition-colors duration-100 ease-in-out\">, Egon Schiele, Olafur Eliasson, Charlotte Perriand, Cindy Sherman et Simon Hanta\u00ef.<\/span> <span class=\"relative -mx-px my-[-0.2rem] rounded px-px py-[0.2rem] transition-colors duration-100 ease-in-out\">Chaque ann\u00e9e, elle organise deux expositions temporaires : l\u2019une d\u00e9di\u00e9e \u00e0 l\u2019art moderne, l\u2019autre \u00e0 l\u2019art contemporain.<\/span> \u200b<\/p>\n\n<h2 class=\"\" data-start=\"159\" data-end=\"230\"><span class=\"ez-toc-section\" id=\"Matisse_Fondation_Louis_Vuitton_un_hommage_au_maitre_de_la_couleur\"><\/span>Matisse Fondation Louis Vuitton : un hommage au ma\u00eetre de la couleur<span class=\"ez-toc-section-end\"><\/span><\/h2>\n<p class=\"\" data-start=\"232\" data-end=\"637\">La <strong data-start=\"235\" data-end=\"262\">Fondation Louis Vuitton<\/strong> a consacr\u00e9 une exposition remarquable \u00e0 <strong data-start=\"303\" data-end=\"320\">Henri Matisse<\/strong>, figure incontournable de l\u2019art moderne, renfor\u00e7ant ainsi son r\u00f4le de r\u00e9f\u00e9rence dans la mise en lumi\u00e8re des grands ma\u00eetres du XXe si\u00e8cle. L\u2019exposition, intitul\u00e9e <em data-start=\"483\" data-end=\"510\">\u201cMatisse, comme un roman\u201d<\/em>, proposait une approche in\u00e9dite de l\u2019\u0153uvre de l\u2019artiste, en s\u2019appuyant sur des textes litt\u00e9raires qui ont jalonn\u00e9 sa carri\u00e8re.<\/p>\n<p class=\"\" data-start=\"639\" data-end=\"1069\">Cette r\u00e9trospective, riche de plus de 230 \u0153uvres \u2013 peintures, dessins, sculptures et papiers d\u00e9coup\u00e9s \u2013 a permis aux visiteurs de red\u00e9couvrir l\u2019univers vibrant et expressif de Matisse, de ses d\u00e9buts fauves jusqu\u2019\u00e0 ses c\u00e9l\u00e8bres gouaches d\u00e9coup\u00e9es. Organis\u00e9e en 2020-2021, cette exposition a marqu\u00e9 un temps fort de la programmation artistique de la <strong data-start=\"987\" data-end=\"1014\">Fondation Louis Vuitton<\/strong>, salu\u00e9e pour sa sc\u00e9nographie immersive et p\u00e9dagogique.<\/p>\n<p class=\"\" data-start=\"1071\" data-end=\"1306\">L\u2019exposition <strong data-start=\"1084\" data-end=\"1119\">Matisse Fondation Louis Vuitton<\/strong> illustrait parfaitement la volont\u00e9 de l\u2019institution de croiser art et litt\u00e9rature, modernit\u00e9 et contemplation. Une occasion rare d\u2019approcher l\u2019intimit\u00e9 cr\u00e9ative d\u2019un artiste visionnaire.<\/p>\n\n<h2 class=\"\" data-start=\"99\" data-end=\"164\"><span class=\"ez-toc-section\" id=\"Rothko_Fondation_Louis_Vuitton_une_immersion_dans_la_couleur\"><\/span>Rothko Fondation Louis Vuitton : une immersion dans la couleur<span class=\"ez-toc-section-end\"><\/span><\/h2>\n<p class=\"\" data-start=\"166\" data-end=\"526\">L\u2019exposition <strong data-start=\"179\" data-end=\"213\">Rothko Fondation Louis Vuitton<\/strong>, pr\u00e9sent\u00e9e de fin 2023 \u00e0 d\u00e9but 2024, fut l\u2019un des \u00e9v\u00e9nements artistiques les plus marquants <strong data-start=\"306\" data-end=\"317\">du pays<\/strong>. Consacr\u00e9e \u00e0 <strong data-start=\"331\" data-end=\"346\">Mark Rothko<\/strong>, figure majeure de l\u2019expressionnisme abstrait, cette r\u00e9trospective exceptionnelle rassemblait plus d\u2019une centaine de toiles provenant de prestigieuses collections internationales.<\/p>\n<p class=\"\" data-start=\"528\" data-end=\"1022\">L\u2019exposition retra\u00e7ait l\u2019\u00e9volution du style de Rothko, depuis ses d\u00e9buts figuratifs jusqu\u2019\u00e0 ses c\u00e9l\u00e8bres compositions aux aplats de <strong data-start=\"660\" data-end=\"682\">couleurs vibrantes<\/strong>, v\u00e9ritables fen\u00eatres ouvertes sur l\u2019\u00e9motion pure. La <strong data-start=\"736\" data-end=\"763\">Fondation Louis Vuitton<\/strong> a su mettre en sc\u00e8ne l\u2019intensit\u00e9 silencieuse de ces \u0153uvres gr\u00e2ce \u00e0 une sc\u00e9nographie sobre, laissant toute la place \u00e0 la contemplation. Chaque salle offrait une atmosph\u00e8re diff\u00e9rente, \u00e9pousant les variations de tons et d\u2019intensit\u00e9 caract\u00e9ristiques du peintre.<\/p>\n<p class=\"\" data-start=\"1024\" data-end=\"1340\">Cette exposition fut l\u2019occasion pour de nombreux visiteurs de red\u00e9couvrir l\u2019\u0153uvre de Rothko dans un lieu qui, par son architecture lumineuse et ses volumes, magnifie la peinture. C\u2019est un bel exemple de la mission de la fondation : faire dialoguer les grands ma\u00eetres de l\u2019art moderne avec un public large et curieux.<\/p>\n\n<h2 class=\"\" data-start=\"2066\" data-end=\"2106\"><span class=\"ez-toc-section\" id=\"Informations_pratiques_pour_la_visite\"><\/span>Informations pratiques pour la visite<span class=\"ez-toc-section-end\"><\/span><\/h2>\n<ul data-start=\"2108\" data-end=\"2420\">\n \t<li class=\"\" data-start=\"2108\" data-end=\"2163\">\n<p class=\"\" data-start=\"2110\" data-end=\"2163\"><strong data-start=\"2110\" data-end=\"2121\">Adresse<\/strong> : <span class=\"relative -mx-px my-[-0.2rem] rounded px-px py-[0.2rem] transition-colors duration-100 ease-in-out\">8 Avenue du Mahatma Gandhi, 75116 Paris, France.<\/span><\/p>\n<\/li>\n \t<li class=\"\" data-start=\"2164\" data-end=\"2220\">\n<p class=\"\" data-start=\"2166\" data-end=\"2220\"><strong data-start=\"2166\" data-end=\"2178\">Horaires<\/strong> : <span class=\"relative -mx-px my-[-0.2rem] rounded px-px py-[0.2rem] transition-colors duration-100 ease-in-out\">Ouvert du mercredi au lundi de 10h \u00e0 20h, avec une nocturne jusqu\u2019\u00e0 21h le vendredi. Ferm\u00e9 le mardi.<\/span><\/p>\n<\/li>\n \t<li class=\"\" data-start=\"2221\" data-end=\"2274\">\n<p class=\"\" data-start=\"2223\" data-end=\"2274\"><strong data-start=\"2223\" data-end=\"2232\">Acc\u00e8s<\/strong> : <span class=\"relative -mx-px my-[-0.2rem] rounded px-px py-[0.2rem] transition-colors duration-100 ease-in-out\">M\u00e9tro ligne 1, station Les Sablons, puis 10 minutes de marche. Une navette est \u00e9galement disponible depuis Charles de Gaulle \u2013 \u00c9toile.<\/span><\/p>\n<\/li>\n \t<li class=\"\" data-start=\"2275\" data-end=\"2420\">\n<p class=\"\" data-start=\"2277\" data-end=\"2420\"><strong data-start=\"2277\" data-end=\"2292\">Billetterie<\/strong> : <span class=\"relative -mx-px my-[-0.2rem] rounded px-px py-[0.2rem] transition-colors duration-100 ease-in-out\">Il est recommand\u00e9 de r\u00e9server les billets en ligne pour choisir un cr\u00e9neau horaire et \u00e9viter l\u2019attente.<\/span> \u200b<\/p>\n<\/li>\n<\/ul>\n<h2 class=\"\" data-start=\"170\" data-end=\"240\"><span class=\"ez-toc-section\" id=\"Billets_pour_Fondation_Louis_Vuitton_infos_tarifs_et_reservation\"><\/span>Billets pour Fondation Louis Vuitton : infos, tarifs et r\u00e9servation<span class=\"ez-toc-section-end\"><\/span><\/h2>\n<p class=\"\" data-start=\"242\" data-end=\"810\">Acheter ses <strong data-start=\"254\" data-end=\"297\">billets pour la Fondation Louis Vuitton<\/strong> est une \u00e9tape essentielle pour profiter pleinement de cette exp\u00e9rience culturelle unique \u00e0 Paris. Situ\u00e9e dans le <strong data-start=\"411\" data-end=\"431\">Bois de Boulogne<\/strong>, cette institution d\u00e9di\u00e9e \u00e0 l\u2019<strong data-start=\"462\" data-end=\"482\">art contemporain<\/strong> attire chaque ann\u00e9e des milliers de visiteurs venus d\u00e9couvrir des expositions prestigieuses, comme la r\u00e9trospective <em data-start=\"599\" data-end=\"617\">David Hockney 25<\/em> ou les \u0153uvres de Basquiat et Schiele. Pour garantir l\u2019acc\u00e8s, il est vivement conseill\u00e9 de r\u00e9server ses <strong data-start=\"721\" data-end=\"741\">billets en ligne<\/strong>, directement sur le site officiel de la <strong data-start=\"782\" data-end=\"809\">Fondation Louis Vuitton<\/strong>.<\/p>\n<p class=\"\" data-start=\"812\" data-end=\"1289\">Les tarifs varient selon les profils : le plein tarif est d\u2019environ <strong data-start=\"880\" data-end=\"892\">16 euros<\/strong>, mais des r\u00e9ductions sont disponibles pour les jeunes, les \u00e9tudiants, les enseignants, ou encore les demandeurs d\u2019emploi. L\u2019entr\u00e9e est <strong data-start=\"1028\" data-end=\"1064\">gratuite pour les moins de 3 ans<\/strong>, et les personnes en situation de handicap b\u00e9n\u00e9ficient \u00e9galement d\u2019un acc\u00e8s gratuit et prioritaire. Des <strong data-start=\"1169\" data-end=\"1188\">pass coupe-file<\/strong> permettent de gagner du temps, notamment lors des grandes expositions o\u00f9 l\u2019affluence est importante.<\/p>\n<p class=\"\" data-start=\"1291\" data-end=\"1541\">Lors de l\u2019achat en ligne, il est n\u00e9cessaire de <strong data-start=\"1338\" data-end=\"1368\">choisir un cr\u00e9neau horaire<\/strong>, afin de r\u00e9guler le flux de visiteurs et garantir une exp\u00e9rience optimale. Vous recevrez vos <strong data-start=\"1462\" data-end=\"1487\">billets \u00e9lectroniques<\/strong> par mail ou sur votre mobile, \u00e0 pr\u00e9senter \u00e0 l\u2019entr\u00e9e.<\/p>\n<p class=\"\" data-start=\"1543\" data-end=\"1947\">Enfin, il est aussi possible d\u2019associer l\u2019entr\u00e9e \u00e0 une <strong data-start=\"1598\" data-end=\"1615\">visite guid\u00e9e<\/strong>, un atelier pour enfants, ou un d\u00e9jeuner au restaurant \u201cLe Frank\u201d, pour enrichir votre visite. Que vous soyez parisien ou touriste, r\u00e9server vos <strong data-start=\"1761\" data-end=\"1804\">billets pour la Fondation Louis Vuitton<\/strong> \u00e0 l\u2019avance est la meilleure fa\u00e7on de d\u00e9couvrir l\u2019un des lieux les plus embl\u00e9matiques <strong data-start=\"1890\" data-end=\"1901\">du pays<\/strong> d\u00e9di\u00e9 \u00e0 la cr\u00e9ation artistique contemporaine.<\/p>\n\n<h2 class=\"\" data-start=\"169\" data-end=\"235\"><span class=\"ez-toc-section\" id=\"Fondation_Louis_Vuitton_gratuit_dimanche_ce_quil_faut_savoir\"><\/span>Fondation Louis Vuitton gratuit dimanche : ce qu\u2019il faut savoir<span class=\"ez-toc-section-end\"><\/span><\/h2>\n<p class=\"\" data-start=\"237\" data-end=\"818\">Visiter la <strong data-start=\"248\" data-end=\"295\">Fondation Louis Vuitton gratuit le dimanche<\/strong> est possible \u00e0 certaines occasions sp\u00e9ciales organis\u00e9es tout au long de l\u2019ann\u00e9e. Contrairement \u00e0 certains mus\u00e9es nationaux parisiens qui offrent un acc\u00e8s gratuit chaque premier dimanche du mois, la <strong data-start=\"494\" data-end=\"521\">Fondation Louis Vuitton<\/strong> ne propose pas cette gratuit\u00e9 de mani\u00e8re syst\u00e9matique. Toutefois, elle participe r\u00e9guli\u00e8rement \u00e0 des \u00e9v\u00e9nements comme les <a href=\"https:\/\/cparici.com\/journee-du-patrimoine-en-france\/\"><strong data-start=\"644\" data-end=\"682\">Journ\u00e9es europ\u00e9ennes du patrimoine<\/strong><\/a>, la <strong data-start=\"687\" data-end=\"706\">Nuit des mus\u00e9es<\/strong> ou des <strong data-start=\"714\" data-end=\"742\">journ\u00e9es portes ouvertes<\/strong>, durant lesquelles l\u2019entr\u00e9e peut \u00eatre <strong data-start=\"781\" data-end=\"817\">gratuite pour tous les visiteurs<\/strong>.<\/p>\n<p class=\"\" data-start=\"820\" data-end=\"1175\">Lors de ces journ\u00e9es, l\u2019acc\u00e8s aux expositions temporaires, \u00e0 la collection permanente et au b\u00e2timent con\u00e7u par <strong data-start=\"931\" data-end=\"946\">Frank Gehry<\/strong> est libre, souvent accompagn\u00e9 d\u2019animations ou de visites guid\u00e9es sp\u00e9ciales. Ces dimanches gratuits sont tr\u00e8s pris\u00e9s : il est donc recommand\u00e9 de r\u00e9server en ligne \u00e0 l\u2019avance pour garantir son entr\u00e9e et choisir un cr\u00e9neau horaire.<\/p>\n<p class=\"\" data-start=\"1177\" data-end=\"1380\">Il est \u00e9galement utile de suivre l\u2019actualit\u00e9 sur le site officiel de la <strong data-start=\"1249\" data-end=\"1276\">Fondation Louis Vuitton<\/strong> ou sur ses r\u00e9seaux sociaux pour ne pas manquer les annonces de <strong data-start=\"1340\" data-end=\"1379\">gratuit\u00e9 exceptionnelle le dimanche<\/strong>.<\/p>\n\n<h2 class=\"\" data-start=\"100\" data-end=\"159\"><span class=\"ez-toc-section\" id=\"Fondation_Louis_Vuitton_parking_ou_se_garer_facilement\"><\/span>Fondation Louis Vuitton parking : o\u00f9 se garer facilement<span class=\"ez-toc-section-end\"><\/span><\/h2>\n<p class=\"\" data-start=\"161\" data-end=\"511\">Se rendre \u00e0 la <strong data-start=\"176\" data-end=\"203\">Fondation Louis Vuitton<\/strong> en voiture est tout \u00e0 fait possible, m\u00eame si le site se situe dans un environnement bois\u00e9 \u00e0 l\u2019ouest de Paris. Pour cela, il est important de bien conna\u00eetre les solutions de <strong data-start=\"377\" data-end=\"400\">parking \u00e0 proximit\u00e9<\/strong>. La fondation ne dispose pas d\u2019un parking souterrain d\u00e9di\u00e9, mais plusieurs options pratiques s\u2019offrent \u00e0 vous.<\/p>\n<p class=\"\" data-start=\"513\" data-end=\"920\">Le <strong data-start=\"516\" data-end=\"566\">parking Vinci Indigo du Jardin d\u2019Acclimatation<\/strong>, situ\u00e9 \u00e0 quelques minutes \u00e0 pied de l\u2019entr\u00e9e de la <strong data-start=\"618\" data-end=\"645\">Fondation Louis Vuitton<\/strong>, est la solution la plus courante. Accessible par la Route de la Porte des Sablons, ce parking est surveill\u00e9, payant et ouvert 24h\/24. Il est souvent utilis\u00e9 par les visiteurs qui souhaitent combiner la visite de la fondation avec celle du jardin ou de la zone environnante.<\/p>\n<p class=\"\" data-start=\"922\" data-end=\"1109\">Des places de stationnement sont \u00e9galement disponibles le long du <strong data-start=\"988\" data-end=\"1016\">Boulevard Maurice Barr\u00e8s<\/strong> (c\u00f4t\u00e9 Neuilly), mais elles sont en nombre limit\u00e9 et souvent occup\u00e9es, surtout les week-ends.<\/p>\n<p class=\"\" data-start=\"1111\" data-end=\"1320\">Pour ceux qui souhaitent \u00e9viter les tracas li\u00e9s au stationnement, la meilleure alternative reste d\u2019utiliser les transports en commun ou la <strong data-start=\"1250\" data-end=\"1285\">navette Fondation Louis Vuitton<\/strong> depuis Charles de Gaulle \u2013 \u00c9toile.<\/p>\n\n<h2 class=\"\" data-start=\"100\" data-end=\"162\"><span class=\"ez-toc-section\" id=\"Navette_Fondation_Louis_Vuitton_un_acces_simple_et_rapide\"><\/span>Navette Fondation Louis Vuitton : un acc\u00e8s simple et rapide<span class=\"ez-toc-section-end\"><\/span><\/h2>\n<p class=\"\" data-start=\"164\" data-end=\"548\">Pour faciliter l\u2019acc\u00e8s \u00e0 ses visiteurs, la <strong data-start=\"207\" data-end=\"234\">Fondation Louis Vuitton<\/strong> met \u00e0 disposition une <strong data-start=\"257\" data-end=\"275\">navette d\u00e9di\u00e9e<\/strong>, pratique et \u00e9conomique, au d\u00e9part de la <strong data-start=\"317\" data-end=\"353\">Place Charles de Gaulle \u2013 \u00c9toile<\/strong> (sortie Avenue Friedland). Ce service est particuli\u00e8rement appr\u00e9ci\u00e9 des touristes et des Parisiens souhaitant rejoindre rapidement le site sans se soucier des correspondances de m\u00e9tro ou de bus.<\/p>\n<p class=\"\" data-start=\"550\" data-end=\"975\">La <strong data-start=\"553\" data-end=\"588\">navette Fondation Louis Vuitton<\/strong> circule toutes les 15 \u00e0 20 minutes environ pendant les heures d\u2019ouverture du mus\u00e9e. Le trajet dure en moyenne <strong data-start=\"699\" data-end=\"713\">15 minutes<\/strong>, permettant une liaison directe entre le centre de Paris et le <strong data-start=\"777\" data-end=\"797\">Bois de Boulogne<\/strong>, o\u00f9 se trouve la fondation. Les billets pour la navette sont propos\u00e9s \u00e0 un tarif modique et peuvent \u00eatre r\u00e9serv\u00e9s en ligne en m\u00eame temps que les billets d\u2019entr\u00e9e \u00e0 l\u2019exposition.<\/p>\n<p class=\"\" data-start=\"977\" data-end=\"1262\">Accessible \u00e0 tous, y compris aux personnes \u00e0 mobilit\u00e9 r\u00e9duite, la navette garantit un confort optimal jusqu\u2019\u00e0 l\u2019entr\u00e9e de l\u2019\u00e9difice con\u00e7u par <strong data-start=\"1119\" data-end=\"1134\">Frank Gehry<\/strong>. Ce service est un vrai plus pour profiter pleinement d\u2019une visite \u00e0 la <strong data-start=\"1207\" data-end=\"1234\">Fondation Louis Vuitton<\/strong>, sans stress ni contrainte.<\/p>\n\n<h2 class=\"\" data-start=\"2422\" data-end=\"2447\"><span class=\"ez-toc-section\" id=\"Services_et_commodites\"><\/span>Services et commodit\u00e9s<span class=\"ez-toc-section-end\"><\/span><\/h2>\n<ul data-start=\"2449\" data-end=\"2733\">\n \t<li class=\"\" data-start=\"2449\" data-end=\"2518\">\n<p class=\"\" data-start=\"2451\" data-end=\"2518\"><strong data-start=\"2451\" data-end=\"2476\">Restaurant \u201cLe Frank\u201d<\/strong> : <span class=\"relative -mx-px my-[-0.2rem] rounded px-px py-[0.2rem] transition-colors duration-100 ease-in-out\">Ouvert tous les jours (sauf mardi) de 12h \u00e0 19h, offrant une cuisine raffin\u00e9e dans un cadre \u00e9l\u00e9gant.<\/span><\/p>\n<\/li>\n \t<li class=\"\" data-start=\"2519\" data-end=\"2585\">\n<p class=\"\" data-start=\"2521\" data-end=\"2585\"><strong data-start=\"2521\" data-end=\"2543\">Boutique\/librairie<\/strong> : <span class=\"relative -mx-px my-[-0.2rem] rounded px-px py-[0.2rem] transition-colors duration-100 ease-in-out\">Propose des catalogues d\u2019expositions, des ouvrages d\u2019art et des objets design.<\/span><\/p>\n<\/li>\n \t<li class=\"\" data-start=\"2586\" data-end=\"2733\">\n<p class=\"\" data-start=\"2588\" data-end=\"2733\"><strong data-start=\"2588\" data-end=\"2605\">Accessibilit\u00e9<\/strong> : <span class=\"relative -mx-px my-[-0.2rem] rounded px-px py-[0.2rem] transition-colors duration-100 ease-in-out\">La Fondation est accessible aux personnes en situation de handicap, avec une entr\u00e9e gratuite et prioritaire, ainsi que des fauteuils roulants disponibles sur demande.<\/span> \u200b<\/p>\n<\/li>\n<\/ul>\n<h3 data-start=\"103\" data-end=\"184\">Restaurant Fondation Louis Vuitton : Le Frank, une pause gourmande d\u2019exception<\/h3>\n<p class=\"\" data-start=\"186\" data-end=\"572\">Le <strong data-start=\"189\" data-end=\"233\">restaurant de la Fondation Louis Vuitton<\/strong>, baptis\u00e9 <strong data-start=\"243\" data-end=\"255\">Le Frank<\/strong>, est bien plus qu\u2019un simple lieu de restauration : c\u2019est une exp\u00e9rience gastronomique \u00e0 part enti\u00e8re, nich\u00e9e dans un cadre architectural spectaculaire con\u00e7u par <strong data-start=\"417\" data-end=\"432\">Frank Gehry<\/strong>. Situ\u00e9 au rez-de-chauss\u00e9e de la fondation, ce restaurant \u00e9l\u00e9gant et lumineux propose une cuisine raffin\u00e9e qui \u00e9volue au rythme des saisons.<\/p>\n<p class=\"\" data-start=\"574\" data-end=\"980\"><strong data-start=\"574\" data-end=\"586\">Le Frank<\/strong> est ouvert tous les jours (sauf le mardi, jour de fermeture de la fondation) de 12h \u00e0 19h, avec un service continu. Le chef, inspir\u00e9 par les expositions en cours et les produits du terroir, compose une carte m\u00ealant <strong data-start=\"802\" data-end=\"837\">cuisine fran\u00e7aise contemporaine<\/strong> et touches internationales. Les plats sont \u00e0 la fois esth\u00e9tiques et savoureux, parfaits pour une pause apr\u00e8s avoir explor\u00e9 les galeries d\u2019art.<\/p>\n<p class=\"\" data-start=\"982\" data-end=\"1280\">Le cadre du <strong data-start=\"994\" data-end=\"1032\">restaurant Fondation Louis Vuitton<\/strong> est sign\u00e9 par l\u2019architecte Jean-Michel Wilmotte, avec ses luminaires spectaculaires en forme de poissons suspendus, hommage discret \u00e0 l\u2019univers marin cher \u00e0 Gehry. C\u2019est l\u2019endroit id\u00e9al pour allier art, culture et gastronomie lors de votre visite.<\/p>\n\n<h2 class=\"\" data-start=\"2735\" data-end=\"2748\"><span class=\"ez-toc-section\" id=\"Conclusion\"><\/span>Conclusion<span class=\"ez-toc-section-end\"><\/span><\/h2>\n<p class=\"\" data-start=\"2750\" data-end=\"3120\">La <strong data-start=\"2753\" data-end=\"2780\">Fondation Louis Vuitton<\/strong> est un lieu unique o\u00f9 l\u2019art et l\u2019architecture se rencontrent pour offrir une exp\u00e9rience culturelle inoubliable. Que vous soyez passionn\u00e9 d\u2019art contemporain, amateur d\u2019architecture ou simplement curieux, une visite \u00e0 la Fondation est une immersion dans un univers de cr\u00e9ativit\u00e9 et d\u2019innovation.\u200b<\/p>\n\n<h2 class=\"\" data-start=\"3127\" data-end=\"3133\"><span class=\"ez-toc-section\" id=\"FAQ_Fondation_Louis_Vuitton\"><\/span>FAQ Fondation Louis Vuitton<span class=\"ez-toc-section-end\"><\/span><\/h2>\n<p class=\"\" data-start=\"3135\" data-end=\"3182\"><strong data-start=\"3135\" data-end=\"3182\">1. O\u00f9 se situe la Fondation Louis Vuitton ?<\/strong><\/p>\n<p class=\"\" data-start=\"3184\" data-end=\"3311\">Elle est situ\u00e9e au 8 Avenue du Mahatma Gandhi, dans le Bois de Boulogne, \u00e0 Paris.\u200b<\/p>\n<p class=\"\" data-start=\"3313\" data-end=\"3357\"><strong data-start=\"3313\" data-end=\"3357\">2. Quels sont les horaires d\u2019ouverture ?<\/strong><\/p>\n<p class=\"\" data-start=\"3359\" data-end=\"3524\">La Fondation est ouverte du mercredi au lundi de 10h \u00e0 20h, avec une nocturne jusqu\u2019\u00e0 21h le vendredi. Ferm\u00e9e le mardi.\u200b<\/p>\n<p class=\"\" data-start=\"3526\" data-end=\"3588\"><strong data-start=\"3526\" data-end=\"3588\">3. Comment acc\u00e9der \u00e0 la Fondation en transport en commun ?<\/strong><\/p>\n<p class=\"\" data-start=\"3590\" data-end=\"3799\">Prenez la ligne 1 du m\u00e9tro jusqu\u2019\u00e0 la station Les Sablons, puis marchez environ 10 minutes. Une navette est \u00e9galement disponible depuis Charles de Gaulle \u2013 \u00c9toile.\u200b<\/p>\n<p class=\"\" data-start=\"3801\" data-end=\"3849\"><strong data-start=\"3801\" data-end=\"3849\">4. Faut-il r\u00e9server ses billets \u00e0 l\u2019avance ?<\/strong><\/p>\n<p class=\"\" data-start=\"3851\" data-end=\"3993\">Oui, il est recommand\u00e9 de r\u00e9server en ligne pour choisir un cr\u00e9neau horaire et \u00e9viter l\u2019attente.\u200b<\/p>\n<p class=\"\" data-start=\"3995\" data-end=\"4062\"><strong data-start=\"3995\" data-end=\"4062\">5. L\u2019exposition \u201cDavid Hockney 25\u201d est-elle accessible \u00e0 tous ?<\/strong><\/p>\n<p class=\"\" data-start=\"4064\" data-end=\"4241\">Oui, l\u2019exposition est ouverte \u00e0 tous les publics, avec des dispositifs d\u2019accessibilit\u00e9 pour les personnes en situation de handicap.\u200b<\/p>\t\t\t\t\t\t\t\t<\/div>\n\t\t\t\t\t<\/div>\n\t\t\t\t<\/div>\n\t\t\t\t<\/div>\n\t\t","protected":false},"excerpt":{"rendered":"<p>Recherches populaires Categories Pas de r\u00e9sultats Voir tous les r\u00e9sultats Fondation Louis Vuitton : architecture et arts au c\u0153ur de Paris La Fondation Louis Vuitton est bien plus qu\u2019un mus\u00e9e : c\u2019est une \u0153uvre d\u2019art en soi. Situ\u00e9e dans le Bois de Boulogne, \u00e0 l\u2019ouest de Paris, elle incarne l\u2019alliance parfaite entre l\u2019architecture audacieuse de [&hellip;]<\/p>\n","protected":false},"author":97,"featured_media":64723,"comment_status":"closed","ping_status":"closed","sticky":false,"template":"elementor_header_footer","format":"standard","meta":{"ngg_post_thumbnail":0,"footnotes":""},"categories":[477],"tags":[],"class_list":["post-64722","post","type-post","status-publish","format-standard","has-post-thumbnail","hentry","category-france"],"_links":{"self":[{"href":"https:\/\/cparici.com\/de\/wp-json\/wp\/v2\/posts\/64722","targetHints":{"allow":["GET"]}}],"collection":[{"href":"https:\/\/cparici.com\/de\/wp-json\/wp\/v2\/posts"}],"about":[{"href":"https:\/\/cparici.com\/de\/wp-json\/wp\/v2\/types\/post"}],"author":[{"embeddable":true,"href":"https:\/\/cparici.com\/de\/wp-json\/wp\/v2\/users\/97"}],"replies":[{"embeddable":true,"href":"https:\/\/cparici.com\/de\/wp-json\/wp\/v2\/comments?post=64722"}],"version-history":[{"count":0,"href":"https:\/\/cparici.com\/de\/wp-json\/wp\/v2\/posts\/64722\/revisions"}],"wp:featuredmedia":[{"embeddable":true,"href":"https:\/\/cparici.com\/de\/wp-json\/wp\/v2\/media\/64723"}],"wp:attachment":[{"href":"https:\/\/cparici.com\/de\/wp-json\/wp\/v2\/media?parent=64722"}],"wp:term":[{"taxonomy":"category","embeddable":true,"href":"https:\/\/cparici.com\/de\/wp-json\/wp\/v2\/categories?post=64722"},{"taxonomy":"post_tag","embeddable":true,"href":"https:\/\/cparici.com\/de\/wp-json\/wp\/v2\/tags?post=64722"}],"curies":[{"name":"wp","href":"https:\/\/api.w.org\/{rel}","templated":true}]}}