{"id":67360,"date":"2025-07-08T11:02:08","date_gmt":"2025-07-08T09:02:08","guid":{"rendered":"https:\/\/cparici.com\/?p=67360"},"modified":"2026-02-20T19:39:02","modified_gmt":"2026-02-20T18:39:02","slug":"plougerneau","status":"publish","type":"post","link":"https:\/\/cparici.com\/de\/plougerneau\/","title":{"rendered":"Plougerneau"},"content":{"rendered":"\t\t<div data-elementor-type=\"wp-post\" data-elementor-id=\"67360\" class=\"elementor elementor-67360\" data-elementor-post-type=\"post\">\n\t\t\t\t<div class=\"elementor-element elementor-element-906762c e-con-full e-flex e-con e-parent\" data-id=\"906762c\" data-element_type=\"container\" data-e-type=\"container\">\n\t\t\t\t<div class=\"elementor-element elementor-element-f432512 elementor-widget elementor-widget-image\" data-id=\"f432512\" data-element_type=\"widget\" data-e-type=\"widget\" data-widget_type=\"image.default\">\n\t\t\t\t\t\t\t\t\t\t\t\t\t\t\t<img decoding=\"async\" width=\"1550\" height=\"687\" src=\"https:\/\/cparici.com\/wp-content\/uploads\/2025\/07\/Plougerneau-3.jpg\" class=\"attachment-full size-full wp-image-67361\" alt=\"Plougerneau\" srcset=\"https:\/\/cparici.com\/wp-content\/uploads\/2025\/07\/Plougerneau-3.jpg 1550w, https:\/\/cparici.com\/wp-content\/uploads\/2025\/07\/Plougerneau-3-300x133.jpg 300w, https:\/\/cparici.com\/wp-content\/uploads\/2025\/07\/Plougerneau-3-1024x454.jpg 1024w, https:\/\/cparici.com\/wp-content\/uploads\/2025\/07\/Plougerneau-3-768x340.jpg 768w, https:\/\/cparici.com\/wp-content\/uploads\/2025\/07\/Plougerneau-3-1536x681.jpg 1536w, https:\/\/cparici.com\/wp-content\/uploads\/2025\/07\/Plougerneau-3-18x8.jpg 18w, https:\/\/cparici.com\/wp-content\/uploads\/2025\/07\/Plougerneau-3-590x262.jpg 590w, https:\/\/cparici.com\/wp-content\/uploads\/2025\/07\/Plougerneau-3-1200x532.jpg 1200w, https:\/\/cparici.com\/wp-content\/uploads\/2025\/07\/Plougerneau-3-577x256.jpg 577w, https:\/\/cparici.com\/wp-content\/uploads\/2025\/07\/Plougerneau-3-600x266.jpg 600w\" sizes=\"(max-width: 1550px) 100vw, 1550px\" \/>\t\t\t\t\t\t\t\t\t\t\t\t\t\t\t<\/div>\n\t\t\t\t<\/div>\n\t\t<aside class=\"elementor-element elementor-element-4028921 e-flex e-con-boxed e-con e-parent\" data-id=\"4028921\" data-element_type=\"container\" data-e-type=\"container\">\n\t\t\t\t\t<div class=\"e-con-inner\">\n\t\t\t\t<div class=\"elementor-element elementor-element-f61e9ad elementor-widget elementor-widget-global elementor-global-62046 elementor-widget-eael-advanced-search\" data-id=\"f61e9ad\" data-element_type=\"widget\" data-e-type=\"widget\" data-widget_type=\"eael-advanced-search.default\">\n\t\t\t\t\t        <div class=\"eael-adv-search-wrapper\">\n            <div id=\"eael-advanced-search-widget-f61e9ad\" class=\"eael-advanced-search-widget\">\n                <form data-settings=\"{&quot;post_per_page&quot;:5,&quot;search_among_taxonomies&quot;:&quot;&quot;,&quot;search_among_sku&quot;:&quot;no&quot;,&quot;show_popular_keyword&quot;:0,&quot;show_category&quot;:0,&quot;show_content_image&quot;:1,&quot;show_search_result_all_results&quot;:0,&quot;result_on_new_tab&quot;:&quot;no&quot;,&quot;show_product_price&quot;:&quot;no&quot;,&quot;include_current_page&quot;:&quot;no&quot;,&quot;current_post_id&quot;:67360,&quot;post_type&quot;:[&quot;post&quot;,&quot;listing&quot;]}\" method=\"POST\" name=\"eael-advanced-search-form-f61e9ad\" class=\"eael-advanced-search-form eael-advanced-search-form-style-2\">\n                    <div class=\"eael-advanced-search-wrap\">\n                        <span class=\"eael-adv-search-loader\"><\/span>\n                        <span class=\"eael-adv-search-close\"><i class=\"fas fa-times\"><\/i><\/span>\n                        <span class=\"icon \"><i class=\"fas fa-search\"><\/i><\/span>\n\n                        <input type=\"text\"\n                               placeholder=\"Votre destination\"\n                               class=\"eael-advanced-search\" autocomplete=\"off\" name=\"eael_advanced_search\">\n                    <\/div>\n\t\t\t\t\t                                    <\/form>\n\n\t\t\t\t\n\t\t\t\t        <div class=\"eael-advanced-search-result\">\n            <div class=\"eael-advanced-search-popular-keyword\">\n\t\t\t\t<h4 class=\"eael-advanced-search-popular-keyword-text\">Recherches populaires<\/h4>                <div class=\"eael-popular-keyword-content\"><\/div>\n            <\/div>\n            <div class=\"eael-advanced-search-category\">\n\t\t\t\t<h4 class=\"eael-advanced-search-category-text\">Categories<\/h4>                <div class=\"eael-popular-category-content\"><\/div>\n            <\/div>\n\t\t\t<div class=\"eael-advanced-search-total-results-section\">\n\t\t\t\t\t\t\t<\/div>\n            <div class=\"eael-advanced-search-content eael-item-style-3\">\n            <\/div>\n            <div class=\"eael-advanced-search-not-found\">\n                <p>Pas de r\u00e9sultats<\/p><\/div>\n            <div class=\"eael-advanced-search-load-more\">\n\t\t\t\t<a \tclass=\"eael-advanced-search-load-more-button\"\n                \thref=\"#\">Voir tous les r\u00e9sultats<\/a>\n            <\/div>\n        <\/div>\n\n\t\t            <\/div>\n        <\/div>\n\n\t\t\t\t\t\t<\/div>\n\t\t\t\t\t<\/div>\n\t\t\t\t<\/aside>\n\t\t<div class=\"elementor-element elementor-element-1a52f8d2 e-flex e-con-boxed e-con e-parent\" data-id=\"1a52f8d2\" data-element_type=\"container\" data-e-type=\"container\">\n\t\t\t\t\t<div class=\"e-con-inner\">\n\t\t\t\t<div class=\"elementor-element elementor-element-6d97899b elementor-widget elementor-widget-text-editor\" data-id=\"6d97899b\" data-element_type=\"widget\" data-e-type=\"widget\" data-widget_type=\"text-editor.default\">\n\t\t\t\t\t\t\t\t\t<h1 style=\"text-align: center;\" data-start=\"1230\" data-end=\"1245\">Plougerneau<\/h1><p data-start=\"1247\" data-end=\"1605\"><strong data-start=\"1247\" data-end=\"1262\">Plougerneau<\/strong> est une commune bretonne exceptionnelle situ\u00e9e dans le nord du Finist\u00e8re, fi\u00e8re de son littoral long de 45\u202fkm, de ses phares majestueux et de son riche patrimoine historique et religieux. \u00c0 seulement 27\u202fkm de <a href=\"https:\/\/cparici.com\/brest\/\">Brest<\/a>, Plougerneau invite le visiteur \u00e0 une immersion entre <strong data-start=\"1531\" data-end=\"1551\">balades c\u00f4ti\u00e8res<\/strong>, traditions ancestrales et <strong data-start=\"1579\" data-end=\"1604\">richesses culturelles<\/strong>.<\/p>\t\t\t\t\t\t\t\t<\/div>\n\t\t\t\t\t<\/div>\n\t\t\t\t<\/div>\n\t\t<aside class=\"elementor-element elementor-element-5cf3fc90 e-flex e-con-boxed e-con e-parent\" data-id=\"5cf3fc90\" data-element_type=\"container\" data-e-type=\"container\" data-settings=\"{&quot;background_background&quot;:&quot;classic&quot;}\">\n\t\t\t\t\t<div class=\"e-con-inner\">\n\t\t\t\t<div class=\"elementor-element elementor-element-4674d47c elementor-widget elementor-widget-spacer\" data-id=\"4674d47c\" data-element_type=\"widget\" data-e-type=\"widget\" data-widget_type=\"spacer.default\">\n\t\t\t\t\t\t\t<div class=\"elementor-spacer\">\n\t\t\t<div class=\"elementor-spacer-inner\"><\/div>\n\t\t<\/div>\n\t\t\t\t\t\t<\/div>\n\t\t\t\t<div class=\"elementor-element elementor-element-11f2dd29 elementor-widget elementor-widget-heading\" data-id=\"11f2dd29\" data-element_type=\"widget\" data-e-type=\"widget\" data-widget_type=\"heading.default\">\n\t\t\t\t\t<h2 class=\"elementor-heading-title elementor-size-default\">H\u00e9bergements de Vacances Plougerneau en direct<\/h2>\t\t\t\t<\/div>\n\t\t\t\t<div class=\"elementor-element elementor-element-7cb043ef elementor-widget elementor-widget-listeo-listings-carousel\" data-id=\"7cb043ef\" data-element_type=\"widget\" data-e-type=\"widget\" data-widget_type=\"listeo-listings-carousel.default\">\n\t\t\t\t<div class=\"elementor-widget-container\">\n\t\t\t\t\t        <!-- Carousel \/ Start -->\n        \t<div class=\"simple-slick-carousel dots-nav\" data-slick='{&quot;autoplay&quot;:true,&quot;autoplaySpeed&quot;:3000,&quot;slidesToShow&quot;:3,&quot;slidesToScroll&quot;:1,&quot;responsive&quot;:[{&quot;breakpoint&quot;:1024,&quot;settings&quot;:{&quot;slidesToShow&quot;:2,&quot;slidesToScroll&quot;:1}},{&quot;breakpoint&quot;:768,&quot;settings&quot;:{&quot;slidesToShow&quot;:1,&quot;slidesToScroll&quot;:1}}]}'>\n                            <div class=\"fw-carousel-item\">                    \n                        <!-- Listing Item -->\r\n            <div class=\"col-lg-6 col-md-12\">\r\n                <a href=\"https:\/\/cparici.com\/de\/annonce\/villa-leonie\/\" class=\"listing-item-container listing-geo-data compact\" data-title=\"Villa L\u00e9onie\" data-listing-type=\"rental\" data-classifieds-price=\"\u20ac\" data-friendly-address=\"Kerlouan\" data-address=\"Kerlouan\" data-image=\"https:\/\/cparici.com\/wp-content\/uploads\/2025\/03\/1-520x397.jpg\" data-longitude=\"-4.357733\" data-latitude=\"48.651003\" data-rating=\"5\" data-reviews=\"31\" data-icon=\"<svg xmlns=&quot;http:\/\/www.w3.org\/2000\/svg&quot; width=&quot;800px&quot; height=&quot;800px&quot; viewBox=&quot;0 0 45 45&quot; fill=&quot;none&quot;>\n<path d=&quot;M24.155 8.78099L24.33 8.94499L37.402 21.787L36 23.213L34.2 21.445L34.201 35C34.201 36.054 33.385 36.918 32.35 36.994L32.201 37H12.201C11.147 37 10.283 36.184 10.206 35.149L10.201 35L10.2 21.446L8.402 23.213L7 21.787L20.058 8.95799C21.171 7.82199 22.966 7.75899 24.155 8.78099ZM21.569 10.285L21.473 10.372L12.2 19.481L12.201 35L17.2 34.999L17.201 25C17.201 23.946 18.017 23.082 19.052 23.005L19.201 23H25.201C26.255 23 27.119 23.816 27.196 24.851L27.201 25L27.2 34.999L32.201 35L32.2 19.48L22.901 10.344C22.537 9.98699 21.969 9.96499 21.569 10.285ZM25.201 25H19.201L19.2 34.999H25.2L25.201 25Z&quot; fill=&quot;#3C3C3C&quot;\/>\n<\/svg>\">\r\n            <div class=\"listing-item  featured-listing\">\r\n                <div class=\"listing-small-badges-container\">\r\n                                            <div class=\"listing-small-badge featured-badge\"><i class=\"fa fa-star\"><\/i> Featured<\/div>\r\n                                                                <div class=\"listing-small-badge pricing-badge\"><i class=\"fa fa-tag\"><\/i>360,00\u20ac - 800,00\u20ac<\/div>\r\n                                                            \r\n                                        \r\n                                        \r\n                <\/div>\r\n                <img decoding=\"async\" src=\"https:\/\/cparici.com\/wp-content\/uploads\/2025\/03\/1-520x397.jpg\" alt=\"Villa L\u00e9onie\" class=\"listing-thumbnail\">\r\n                \r\n\r\n                <div class=\"listing-item-content\">\r\n                                                <div class=\"numerical-rating\" data-rating=\"5.0\"><\/div>\r\n                    \r\n                    <h3> Villa L\u00e9onie <\/h3>\r\n                    <span>Kerlouan<\/span>\r\n                <\/div>\r\n                                        <span class=\"save like-icon tooltip left\" title=\"Login To Bookmark Items\"><\/span>\r\n                                                <\/div>\r\n        <\/a>\r\n                    <\/div>\r\n        \r\n\r\n        <!-- Listing Item \/ End -->\n                    <\/div>\n                          <\/div>\n        \t\t\t\t<\/div>\n\t\t\t\t<\/div>\n\t\t\t\t\t<\/div>\n\t\t\t\t<\/aside>\n\t\t<div class=\"elementor-element elementor-element-05e1194 e-flex e-con-boxed e-con e-parent\" data-id=\"05e1194\" data-element_type=\"container\" data-e-type=\"container\">\n\t\t\t\t\t<div class=\"e-con-inner\">\n\t\t\t\t<div class=\"elementor-element elementor-element-d548814 elementor-widget elementor-widget-text-editor\" data-id=\"d548814\" data-element_type=\"widget\" data-e-type=\"widget\" data-widget_type=\"text-editor.default\">\n\t\t\t\t\t\t\t\t\t<h2 data-start=\"1612\" data-end=\"1659\">D\u00e9couvrir Plougerneau, perle du Finist\u00e8re<\/h2><p data-start=\"1661\" data-end=\"2050\"><strong data-start=\"1661\" data-end=\"1676\">Plougerneau<\/strong> (Plougerne en breton) est une commune du <a href=\"https:\/\/cparici.com\/visiter-le-finistere-guide-ultime-des-lieux-a-decouvrir\/\">Finist\u00e8re<\/a> situ\u00e9e en <a href=\"https:\/\/cparici.com\/visiter-la-bretagne-guide-des-sites-et-villes-a-explorer\/\">Bretagne<\/a>, bord\u00e9e \u00e0 la fois par l\u2019Aber\u2011Wrac\u2019h et la Manche\u2014une originalit\u00e9 partag\u00e9e avec Marck (Pas\u2010de\u2010Calais). <span class=\"relative -mx-px my-[-0.2rem] rounded px-px py-[0.2rem] transition-colors duration-100 ease-in-out\">Sa population de 6\u202f682 habitants (2021), sur 43,33\u202fkm\u00b2, pr\u00e9sente une densit\u00e9 de 154 hab\/km\u00b2<\/span> . <span class=\"relative -mx-px my-[-0.2rem] rounded px-px py-[0.2rem] transition-colors duration-100 ease-in-out\">Le nom vient de \u00ab\u202fploe\u202f\u00bb (paroisse) et \u00ab\u202fKerneo\u202f\u00bb (Cornouaille), traduisant ses racines m\u00e9di\u00e9vales et bretonnes<\/span><\/p><h3 data-start=\"2057\" data-end=\"2105\">Un littoral exceptionnel entre mer et \u00eeles<\/h3><p data-start=\"2107\" data-end=\"2389\"><span class=\"relative -mx-px my-[-0.2rem] rounded px-px py-[0.2rem] transition-colors duration-100 ease-in-out\">Le littoral de <strong data-start=\"15\" data-end=\"30\">Plougerneau<\/strong> s\u2019\u00e9tend sur environ 45\u202fkm, alternant plages de sable fin, falaises et presqu\u2019\u00eeles<\/span> . <span class=\"relative -mx-px my-[-0.2rem] rounded px-px py-[0.2rem] transition-colors duration-100 ease-in-out\">Parmi les plages phares, on trouve Gr\u00e8ve\u202fBlanche, Kervenni, Saint\u2011Cava et Porz\u202fGwenn<\/span>\u00a0<span class=\"relative -mx-px my-[-0.2rem] rounded px-px py-[0.2rem] transition-colors duration-100 ease-in-out\">La <strong data-start=\"3\" data-end=\"24\">plage de Kervenni<\/strong>, situ\u00e9e \u00e0 l\u2019embouchure de l\u2019Aber\u2011Wrac\u2019h, offre une vue imprenable sur l\u2019\u00cele\u202fVierge et ses phares avec des activit\u00e9s de p\u00eache \u00e0 pied et farniente<\/span>. <span class=\"relative -mx-px my-[-0.2rem] rounded px-px py-[0.2rem] transition-colors duration-100 ease-in-out\">Ce phare de l\u2019\u00cele\u202fVierge, embl\u00e8me du site, attire chaque ann\u00e9e de nombreux visiteurs.<\/span><\/p><p data-start=\"2391\" data-end=\"2471\"><span class=\"relative -mx-px my-[-0.2rem] rounded px-px py-[0.2rem] transition-colors duration-100 ease-in-out\">Les \u00eeles de la commune telles que l\u2019\u00cele\u202fWrac\u2019h (avec sa maison s\u00e9maphore devenue r\u00e9sidence d\u2019artistes), l\u2019\u00cele\u202fStagadon (accessible \u00e0 pied \u00e0 mar\u00e9e basse) et l\u2019\u00cele\u202fVierge compl\u00e8tent ce tableau maritime unique<\/span>.<\/p><h3 data-start=\"2391\" data-end=\"2471\"><span class=\"relative -mx-px my-[-0.2rem] rounded px-px py-[0.2rem] transition-colors duration-100 ease-in-out\">La <strong data-start=\"3\" data-end=\"33\">Maison de garde du Kor\u00e9jou<\/strong><\/span><\/h3><p data-start=\"42\" data-end=\"118\"><span class=\"relative -mx-px my-[-0.2rem] rounded px-px py-[0.2rem] transition-colors duration-100 ease-in-out\">La <strong data-start=\"3\" data-end=\"33\">Maison de garde du Kor\u00e9jou<\/strong> est un petit \u00e9difice militaire en granit, situ\u00e9 \u00e0 l\u2019extr\u00e9mit\u00e9 de la presqu\u2019\u00eele de Pen Enez, face au port du Kor\u00e9jou. Construit \u00e0 la fin du XVII\u1d49 si\u00e8cle dans le cadre de la surveillance c\u00f4ti\u00e8re impuls\u00e9e par Colbert et organis\u00e9e par Vauban, ce b\u00e2timent servait de poste de garde pour contr\u00f4ler l\u2019acc\u00e8s maritime dans l\u2019Aber-Wrac\u2019h<\/span>.<\/p><p data-start=\"120\" data-end=\"273\"><span class=\"relative -mx-px my-[-0.2rem] rounded px-px py-[0.2rem] transition-colors duration-100 ease-in-out\">Au fil des si\u00e8cles, la b\u00e2tisse a \u00e9volu\u00e9 : corps de garde, puis maison des douaniers au XIX\u1d49 si\u00e8cle, espace de stockage pour les go\u00e9moniers, et aujourd\u2019hui, elle fait peau neuve gr\u00e2ce \u00e0 des chantiers de restauration coordonn\u00e9s par la mairie avec l\u2019appui de volontaires internationaux<\/span>. <span class=\"relative -mx-px my-[-0.2rem] rounded px-px py-[0.2rem] transition-colors duration-100 ease-in-out\">En juillet 2024, huit jeunes venus d\u2019Espagne, du Vietnam, d\u2019Allemagne, de France et des Pays-Bas ont r\u00e9nov\u00e9 l\u2019enduit int\u00e9rieur et le dallage sous terre<\/span> .<\/p><figure id=\"attachment_67365\" aria-describedby=\"caption-attachment-67365\" style=\"width: 1024px\" class=\"wp-caption aligncenter\"><a href=\"https:\/\/cparici.com\/wp-content\/uploads\/2025\/07\/Plougerneau-2.jpg\"><img decoding=\"async\" class=\"wp-image-67365 size-large\" src=\"https:\/\/cparici.com\/wp-content\/uploads\/2025\/07\/Plougerneau-2-1024x432.jpg\" alt=\"Plougerneau La Maison de garde du Kor\u00e9jou\" width=\"1024\" height=\"432\" srcset=\"https:\/\/cparici.com\/wp-content\/uploads\/2025\/07\/Plougerneau-2-1024x432.jpg 1024w, https:\/\/cparici.com\/wp-content\/uploads\/2025\/07\/Plougerneau-2-300x127.jpg 300w, https:\/\/cparici.com\/wp-content\/uploads\/2025\/07\/Plougerneau-2-768x324.jpg 768w, https:\/\/cparici.com\/wp-content\/uploads\/2025\/07\/Plougerneau-2-1536x648.jpg 1536w, https:\/\/cparici.com\/wp-content\/uploads\/2025\/07\/Plougerneau-2-18x8.jpg 18w, https:\/\/cparici.com\/wp-content\/uploads\/2025\/07\/Plougerneau-2-590x249.jpg 590w, https:\/\/cparici.com\/wp-content\/uploads\/2025\/07\/Plougerneau-2-1200x506.jpg 1200w, https:\/\/cparici.com\/wp-content\/uploads\/2025\/07\/Plougerneau-2-577x243.jpg 577w, https:\/\/cparici.com\/wp-content\/uploads\/2025\/07\/Plougerneau-2-600x253.jpg 600w, https:\/\/cparici.com\/wp-content\/uploads\/2025\/07\/Plougerneau-2.jpg 1550w\" sizes=\"(max-width: 1024px) 100vw, 1024px\" \/><\/a><figcaption id=\"caption-attachment-67365\" class=\"wp-caption-text\">Plougerneau La Maison de garde du Kor\u00e9jou<\/figcaption><\/figure><p data-start=\"275\" data-end=\"351\"><span class=\"relative -mx-px my-[-0.2rem] rounded px-px py-[0.2rem] transition-colors duration-100 ease-in-out\">Chaque \u00e9t\u00e9, la maison de garde devient un espace culturel dynamique. De juillet \u00e0 d\u00e9but septembre 2024, par exemple, elle a accueilli quatre artistes successifs : Emmanuelle Cl\u00e9ry\u2011P\u00e9dron, Pierre Talec, Chantal Toutain, Nora Galvez, Camille Bernicot et Dominique Urdiel, exposant leurs peintures, collages et cr\u00e9ations \u00e0 base de voiles recycl\u00e9es<\/span>.<\/p><p data-start=\"353\" data-end=\"431\"><span class=\"relative -mx-px my-[-0.2rem] rounded px-px py-[0.2rem] transition-colors duration-100 ease-in-out\">Accessibilit\u00e9 et animations sont gratuites et ouvertes \u00e0 tous. En plus des expositions estivales quotidiennes, la maison participe aux Journ\u00e9es du patrimoine (souvent en septembre, de 14h \u00e0 17h) et propose ponctuellement des visites comment\u00e9es centr\u00e9es sur l\u2019histoire militaire, les go\u00e9moniers et le littoral<\/span> .<\/p><h4 data-start=\"438\" data-end=\"466\">Informations pratiques :<\/h4><ul data-start=\"467\" data-end=\"827\"><li data-start=\"467\" data-end=\"550\"><p data-start=\"469\" data-end=\"550\"><span class=\"relative -mx-px my-[-0.2rem] rounded px-px py-[0.2rem] transition-colors duration-100 ease-in-out\"><strong data-start=\"0\" data-end=\"11\" data-is-only-node=\"\">Adresse<\/strong> : Maison de garde du Kor\u00e9jou, Pen Enez, 29880 Plouguerneau<\/span><\/p><\/li><li data-start=\"551\" data-end=\"741\"><p data-start=\"553\" data-end=\"569\"><strong data-start=\"553\" data-end=\"565\">Horaires<\/strong> :<\/p><ul data-start=\"572\" data-end=\"741\"><li data-start=\"572\" data-end=\"655\"><p data-start=\"574\" data-end=\"655\"><span class=\"relative -mx-px my-[-0.2rem] rounded px-px py-[0.2rem] transition-colors duration-100 ease-in-out\">En \u00e9t\u00e9 (juillet\u2013ao\u00fbt) : g\u00e9n\u00e9ralement 10h\u201319h selon planning annuel<\/span><\/p><\/li><li data-start=\"658\" data-end=\"741\"><p data-start=\"660\" data-end=\"741\"><span class=\"relative -mx-px my-[-0.2rem] rounded px-px py-[0.2rem] transition-colors duration-100 ease-in-out\">Journ\u00e9es europ\u00e9ennes du patrimoine : de 14h \u00e0 17h<\/span><\/p><\/li><\/ul><\/li><li data-start=\"742\" data-end=\"785\"><p data-start=\"744\" data-end=\"785\"><span class=\"relative -mx-px my-[-0.2rem] rounded px-px py-[0.2rem] transition-colors duration-100 ease-in-out\"><strong data-start=\"0\" data-end=\"10\" data-is-only-node=\"\">Entr\u00e9e<\/strong> : libre et gratuite<\/span><\/p><\/li><li data-start=\"786\" data-end=\"827\"><p data-start=\"788\" data-end=\"827\"><span class=\"relative -mx-px my-[-0.2rem] rounded px-px py-[0.2rem] transition-colors duration-100 ease-in-out\"><strong data-start=\"0\" data-end=\"9\" data-is-only-node=\"\">Acc\u00e8s<\/strong> : parking \u00e0 proximit\u00e9 du port du Kor\u00e9jou ; accessible \u00e0 pied depuis la cale ou en voiture<\/span><\/p><\/li><\/ul><h3><span class=\"relative -mx-px my-[-0.2rem] rounded px-px py-[0.2rem] transition-colors duration-100 ease-in-out\">Le <strong data-start=\"3\" data-end=\"27\">Calvaire de l\u2019Estran<\/strong><\/span><\/h3><p data-start=\"42\" data-end=\"118\"><span class=\"relative -mx-px my-[-0.2rem] rounded px-px py-[0.2rem] transition-colors duration-100 ease-in-out\">Le <strong data-start=\"3\" data-end=\"27\">Calvaire de l\u2019Estran<\/strong> \u00e0 Plouguerneau est un ensemble sculptural exceptionnel situ\u00e9 sur la dune du Korejou, \u00e0 l\u2019extr\u00e9mit\u00e9 de la presqu\u2019\u00eele de Penn Enez. \u0152uvre contemporaine d\u2019un nouveau genre, il s\u2019int\u00e8gre harmonieusement au paysage littoral et s\u2019inscrit dans la longue tradition bretonne de calvaires, alliant m\u00e9moire maritime et spiritualit\u00e9 rurale<\/span> .<\/p><h4 data-start=\"125\" data-end=\"153\">Gen\u00e8se et sculpteur<\/h4><p data-start=\"154\" data-end=\"232\"><span class=\"relative -mx-px my-[-0.2rem] rounded px-px py-[0.2rem] transition-colors duration-100 ease-in-out\">Ce calvaire unique a \u00e9t\u00e9 initi\u00e9 en 2006 par l\u2019artiste Fran\u00e7ois \u00ab\u202fFa\u00f1ch\u202f\u00bb Breton, dipl\u00f4m\u00e9 des Beaux-Arts et revenu \u00e0 la Bretagne pour s\u2019installer \u00e0 Plouguerneau. Son ambition : \u00e9riger pas moins de 300 sculptures en granit, un v\u00e9ritable <strong data-start=\"235\" data-end=\"254\">chantier de vie<\/strong> racontant les r\u00e9cits individuels et collectifs du littoral<\/span>.<\/p><p data-start=\"234\" data-end=\"310\"><span class=\"relative -mx-px my-[-0.2rem] rounded px-px py-[0.2rem] transition-colors duration-100 ease-in-out\">Le sculpteur fa\u00e7onne patiemment bas-reliefs et statues, figurant marins, go\u00e9moniers, mais aussi figures protectrices comme Saint-Tariec, destin\u00e9es \u00e0 prot\u00e9ger la presqu\u2019\u00eele des temp\u00eates. Chaque sculpture est \u00e0 la fois hommage aux <strong data-start=\"229\" data-end=\"255\">travailleurs de la mer<\/strong> et miroir des \u00e9preuves humaines<\/span>.<\/p><h4 data-start=\"317\" data-end=\"347\">Description et style<\/h4><p data-start=\"348\" data-end=\"426\"><span class=\"relative -mx-px my-[-0.2rem] rounded px-px py-[0.2rem] transition-colors duration-100 ease-in-out\">Le calvaire se d\u00e9ploie sur un tumulus proche de la mer, o\u00f9 se d\u00e9tachent silhouettes, symboles religieux et sc\u00e8nes de la vie locale. Les \u0153uvres prennent vie sous les coups de massette et de gravelet, conf\u00e9rant un <strong data-start=\"212\" data-end=\"254\" data-is-last-node=\"\">visage singulier et vivant \u00e0 la pierre<\/strong><\/span>.<\/p><p data-start=\"428\" data-end=\"506\"><span class=\"relative -mx-px my-[-0.2rem] rounded px-px py-[0.2rem] transition-colors duration-100 ease-in-out\">On y reconna\u00eet les repr\u00e9sentations \u00e9mouvantes d\u2019un \u201chomme de pierre\u201d \u2014 figure souvent inspir\u00e9e du p\u00e8re de Fa\u00f1ch \u2014 ainsi que des sc\u00e8nes de travail ou de pri\u00e8re, dans un dialogue constant avec l\u2019oc\u00e9an<\/span>.<\/p><h4 data-start=\"513\" data-end=\"538\">\u00c9tapes du projet<\/h4><p data-start=\"539\" data-end=\"621\"><span class=\"relative -mx-px my-[-0.2rem] rounded px-px py-[0.2rem] transition-colors duration-100 ease-in-out\">Au fil des ann\u00e9es, l\u2019association \u201cLe Calvaire de l\u2019Estran\u201d et des b\u00e9n\u00e9voles ont accompagn\u00e9 l\u2019\u00e9volution du site. En 2017, une \u00e9tape importante a \u00e9t\u00e9 franchie avec l\u2019installation d\u2019un linteau sculpt\u00e9, aidant \u00e0 structurer l\u2019ensemble des \u0153uvres<\/span>.<\/p><p data-start=\"623\" data-end=\"703\"><span class=\"relative -mx-px my-[-0.2rem] rounded px-px py-[0.2rem] transition-colors duration-100 ease-in-out\">Le projet est toujours en cours \u2014 environ 150 pi\u00e8ces sont aujourd\u2019hui visibles, mais Fa\u00f1ch poursuit inlassablement la cr\u00e9ation de nouvelles sculptures pour atteindre, ensuite, environ 300 pi\u00e8ces<\/span> .<\/p><figure id=\"attachment_67366\" aria-describedby=\"caption-attachment-67366\" style=\"width: 1550px\" class=\"wp-caption aligncenter\"><a href=\"https:\/\/cparici.com\/wp-content\/uploads\/2025\/07\/Plougerneau.jpg\"><img decoding=\"async\" class=\"wp-image-67366 size-full\" src=\"https:\/\/cparici.com\/wp-content\/uploads\/2025\/07\/Plougerneau.jpg\" alt=\"Plougerneau le calvaire de l'Estran\" width=\"1550\" height=\"589\" srcset=\"https:\/\/cparici.com\/wp-content\/uploads\/2025\/07\/Plougerneau.jpg 1550w, https:\/\/cparici.com\/wp-content\/uploads\/2025\/07\/Plougerneau-300x114.jpg 300w, https:\/\/cparici.com\/wp-content\/uploads\/2025\/07\/Plougerneau-1024x389.jpg 1024w, https:\/\/cparici.com\/wp-content\/uploads\/2025\/07\/Plougerneau-768x292.jpg 768w, https:\/\/cparici.com\/wp-content\/uploads\/2025\/07\/Plougerneau-1536x584.jpg 1536w, https:\/\/cparici.com\/wp-content\/uploads\/2025\/07\/Plougerneau-18x7.jpg 18w, https:\/\/cparici.com\/wp-content\/uploads\/2025\/07\/Plougerneau-590x224.jpg 590w, https:\/\/cparici.com\/wp-content\/uploads\/2025\/07\/Plougerneau-1200x456.jpg 1200w, https:\/\/cparici.com\/wp-content\/uploads\/2025\/07\/Plougerneau-577x219.jpg 577w, https:\/\/cparici.com\/wp-content\/uploads\/2025\/07\/Plougerneau-600x228.jpg 600w\" sizes=\"(max-width: 1550px) 100vw, 1550px\" \/><\/a><figcaption id=\"caption-attachment-67366\" class=\"wp-caption-text\">Plougerneau le calvaire de l\u2019Estran<\/figcaption><\/figure><h3 data-start=\"710\" data-end=\"748\">Signification et attractivit\u00e9<\/h3><p data-start=\"749\" data-end=\"829\"><span class=\"relative -mx-px my-[-0.2rem] rounded px-px py-[0.2rem] transition-colors duration-100 ease-in-out\">Ce calvaire contemporain joue un double r\u00f4le : il rend hommage \u00e0 l\u2019histoire maritime du Korejou et \u00e9voque la <strong data-start=\"109\" data-end=\"144\">tradition des calvaires bretons<\/strong>, symboles de protection et de foi. Il sert aussi d\u2019attraction culturelle, invitant promeneurs et curieux \u00e0 une <strong data-start=\"256\" data-end=\"295\" data-is-last-node=\"\">exp\u00e9rience m\u00e9ditative face \u00e0 la mer<\/strong><\/span>.<\/p><h3 data-start=\"836\" data-end=\"860\">Visite pratique<\/h3><ul data-start=\"861\" data-end=\"1187\"><li data-start=\"861\" data-end=\"972\"><p data-start=\"863\" data-end=\"972\"><strong data-start=\"863\" data-end=\"872\">Acc\u00e8s<\/strong> : depuis le parking du port du Kor\u00e9jou, suivez la dune jusqu\u2019au tumulus o\u00f9 se trouve le calvaire.<\/p><\/li><li data-start=\"973\" data-end=\"1081\"><p data-start=\"975\" data-end=\"1081\"><strong data-start=\"975\" data-end=\"991\">Entr\u00e9e libre<\/strong> toute l\u2019ann\u00e9e, mais l\u2019animation se concentre en \u00e9t\u00e9 et lors des Journ\u00e9es du Patrimoine.<\/p><\/li><li data-start=\"1082\" data-end=\"1187\"><p data-start=\"1084\" data-end=\"1187\"><strong data-start=\"1084\" data-end=\"1110\">Rendez-vous artistique<\/strong> : des visites guid\u00e9es sont parfois propos\u00e9es par l\u2019association et la mairie.<\/p><\/li><\/ul><h2 data-start=\"2478\" data-end=\"2528\">Histoire et patrimoine \u00e0 travers les \u00e9poques<\/h2><p data-start=\"2530\" data-end=\"2628\"><strong data-start=\"2530\" data-end=\"2545\">Pr\u00e9histoire<\/strong><br data-start=\"2545\" data-end=\"2548\" \/><span class=\"relative -mx-px my-[-0.2rem] rounded px-px py-[0.2rem] transition-colors duration-100 ease-in-out\">Les m\u00e9galithes t\u00e9moignent d\u2019une occupation ancienne : menhir de Goarivan, menhir de Menozac\u2019h, dolmen de Lilia, st\u00e8le de Prad\u2011Paol\u2026 Ces monuments de l\u2019\u00e2ge du fer et du n\u00e9olithique soulignent la richesse arch\u00e9ologique locale<\/span>.<\/p><p data-start=\"2630\" data-end=\"2726\"><strong data-start=\"2630\" data-end=\"2643\">Moyen \u00c2ge<\/strong><br data-start=\"2643\" data-end=\"2646\" \/><span class=\"relative -mx-px my-[-0.2rem] rounded px-px py-[0.2rem] transition-colors duration-100 ease-in-out\">Plougerneau connut la construction de mottes f\u00e9odales et d\u2019ouvrage cyclop\u00e9ens comme le Pont du Diable (Pont\u2011Krac\u2019h), aux 7 arches, immerg\u00e9 \u00e0 mar\u00e9e haute<\/span>.<\/p><p data-start=\"2728\" data-end=\"2835\"><strong data-start=\"2728\" data-end=\"2752\">Modernit\u00e9 et guerres<\/strong><br data-start=\"2752\" data-end=\"2755\" \/><span class=\"relative -mx-px my-[-0.2rem] rounded px-px py-[0.2rem] transition-colors duration-100 ease-in-out\">La procession annuelle des \u201cpetits saints\u201d, n\u00e9e d\u2019une tradition du XVII\u1d49 si\u00e8cle, perp\u00e9tue un rite religieux local. Plougerneau a vu passer guerres et r\u00e9voltes, br\u00fblots de la R\u00e9volution, naufrages (fr\u00e9gate anglaise La Blanche en 1806) et engage un \u00e9pisode dramatique durant les Cent\u2011Jours. Pendant les Deux Guerres mondiales, de nombreuses victimes maritimes mais aussi la lib\u00e9ration en ao\u00fbt 1944, sont comm\u00e9mor\u00e9es par st\u00e8les et monuments locaux<\/span>.<\/p><h2 data-start=\"2728\" data-end=\"2835\">\u00c9glises, chapelles et patrimoine religieux<\/h2><p data-start=\"2892\" data-end=\"3014\"><span class=\"relative -mx-px my-[-0.2rem] rounded px-px py-[0.2rem] transition-colors duration-100 ease-in-out\">La commune compte pr\u00e8s de 300 \u00e9difices religieux\u2014\u00e9glises, chapelles, croix, calvaires\u202f!<\/span>\u00a0<span class=\"relative -mx-px my-[-0.2rem] rounded px-px py-[0.2rem] transition-colors duration-100 ease-in-out\">On y trouve notamment :<\/span><\/p><ul data-start=\"3015\" data-end=\"3228\"><li data-start=\"3015\" data-end=\"3058\"><p data-start=\"3017\" data-end=\"3058\"><span class=\"relative -mx-px my-[-0.2rem] rounded px-px py-[0.2rem] transition-colors duration-100 ease-in-out\">L\u2019\u00e9glise Saint\u2011Pierre\u2011et\u2011Saint\u2011Paul (XIX\u1d49 si\u00e8cle)<\/span><\/p><\/li><li data-start=\"3059\" data-end=\"3102\"><p data-start=\"3061\" data-end=\"3102\"><span class=\"relative -mx-px my-[-0.2rem] rounded px-px py-[0.2rem] transition-colors duration-100 ease-in-out\">Chapelle Notre\u2011Dame du Grouanec (enclos paroissial), chapelle du Traon<\/span><\/p><\/li><li data-start=\"3103\" data-end=\"3146\"><p data-start=\"3105\" data-end=\"3146\"><span class=\"relative -mx-px my-[-0.2rem] rounded px-px py-[0.2rem] transition-colors duration-100 ease-in-out\">De multiples croix de pierre, calvaires, monuments de d\u00e9votion, calvaires en granite<\/span><\/p><\/li><li data-start=\"3147\" data-end=\"3228\"><p data-start=\"3149\" data-end=\"3228\"><span class=\"relative -mx-px my-[-0.2rem] rounded px-px py-[0.2rem] transition-colors duration-100 ease-in-out\">Tradition s\u00e9culaire de la procession des <strong data-start=\"41\" data-end=\"58\">petits saints<\/strong> le 15 ao\u00fbt<\/span><\/p><\/li><\/ul><figure id=\"attachment_67362\" aria-describedby=\"caption-attachment-67362\" style=\"width: 1024px\" class=\"wp-caption aligncenter\"><a href=\"https:\/\/cparici.com\/wp-content\/uploads\/2025\/07\/Plougerneau-4.jpg\"><img decoding=\"async\" class=\"wp-image-67362 size-large\" src=\"https:\/\/cparici.com\/wp-content\/uploads\/2025\/07\/Plougerneau-4-1024x551.jpg\" alt=\"Plougerneau Eglise et centre ville\" width=\"1024\" height=\"551\" srcset=\"https:\/\/cparici.com\/wp-content\/uploads\/2025\/07\/Plougerneau-4-1024x551.jpg 1024w, https:\/\/cparici.com\/wp-content\/uploads\/2025\/07\/Plougerneau-4-300x161.jpg 300w, https:\/\/cparici.com\/wp-content\/uploads\/2025\/07\/Plougerneau-4-768x413.jpg 768w, https:\/\/cparici.com\/wp-content\/uploads\/2025\/07\/Plougerneau-4-1536x826.jpg 1536w, https:\/\/cparici.com\/wp-content\/uploads\/2025\/07\/Plougerneau-4-18x10.jpg 18w, https:\/\/cparici.com\/wp-content\/uploads\/2025\/07\/Plougerneau-4-590x317.jpg 590w, https:\/\/cparici.com\/wp-content\/uploads\/2025\/07\/Plougerneau-4-1200x646.jpg 1200w, https:\/\/cparici.com\/wp-content\/uploads\/2025\/07\/Plougerneau-4-577x310.jpg 577w, https:\/\/cparici.com\/wp-content\/uploads\/2025\/07\/Plougerneau-4-600x323.jpg 600w, https:\/\/cparici.com\/wp-content\/uploads\/2025\/07\/Plougerneau-4.jpg 1550w\" sizes=\"(max-width: 1024px) 100vw, 1024px\" \/><\/a><figcaption id=\"caption-attachment-67362\" class=\"wp-caption-text\">Plougerneau Eglise et centre ville<\/figcaption><\/figure><h3><span class=\"relative -mx-px my-[-0.2rem] rounded px-px py-[0.2rem] transition-colors duration-100 ease-in-out\">La <strong data-start=\"3\" data-end=\"28\">Chapelle Saint\u2011Michel<\/strong> de Plouguerneau<\/span><\/h3><p data-start=\"42\" data-end=\"195\"><span class=\"relative -mx-px my-[-0.2rem] rounded px-px py-[0.2rem] transition-colors duration-100 ease-in-out\">La <strong data-start=\"3\" data-end=\"28\">Chapelle Saint\u2011Michel<\/strong> de Plouguerneau, situ\u00e9e \u00e0 environ 2,5\u202fkm au nord du bourg, domine un plateau rocheux non loin de la dune et des pr\u00e9s littoraux de Tr\u00e9menac\u2019h<\/span>. <span class=\"relative -mx-px my-[-0.2rem] rounded px-px py-[0.2rem] transition-colors duration-100 ease-in-out\">Construite en 1707 \u2014 grav\u00e9e sur le linteau de la porte \u2014 elle a \u00e9t\u00e9 \u00e9rig\u00e9e sur les lieux d\u2019un ancien ermitage fond\u00e9 vers 1607 par <strong data-start=\"130\" data-end=\"151\">Michel Le\u202fNobletz<\/strong>, figure majeure des missions bretonnes<\/span> .<\/p><p data-start=\"197\" data-end=\"350\"><span class=\"relative -mx-px my-[-0.2rem] rounded px-px py-[0.2rem] transition-colors duration-100 ease-in-out\">Cette chapelle de <strong data-start=\"18\" data-end=\"42\">plan en croix latine<\/strong> avec chevet \u00e0 pans coup\u00e9s est un lieu de p\u00e8lerinage et de d\u00e9votion. Pendant la R\u00e9volution, elle est tomb\u00e9e en ruines mais a \u00e9t\u00e9 restaur\u00e9e en 1828, puis de nouveau en 1974<\/span>. <span class=\"relative -mx-px my-[-0.2rem] rounded px-px py-[0.2rem] transition-colors duration-100 ease-in-out\">Depuis 2004, des b\u00e9n\u00e9voles ont remis en place un ma\u00eetre\u2011autel baroque dans le ch\u0153ur<\/span>.<\/p><p data-start=\"352\" data-end=\"511\"><span class=\"relative -mx-px my-[-0.2rem] rounded px-px py-[0.2rem] transition-colors duration-100 ease-in-out\">\u00c0 l\u2019int\u00e9rieur, plusieurs statues anciennes t\u00e9moignent de la pi\u00e9t\u00e9 populaire : statuettes de la Vierge m\u00e8re, de <strong data-start=\"111\" data-end=\"136\">Saint Michel Archange<\/strong>, de <strong data-start=\"141\" data-end=\"156\">Sainte Anne<\/strong>, de <strong data-start=\"161\" data-end=\"180\">Saint S\u00e9bastien<\/strong> et un Ecce Homo sur le tabernacle<\/span>. <span class=\"relative -mx-px my-[-0.2rem] rounded px-px py-[0.2rem] transition-colors duration-100 ease-in-out\">En dehors, une <strong data-start=\"15\" data-end=\"34\">croix monolithe<\/strong> portant un crucifix marque l\u2019entr\u00e9e de l\u2019enclos<\/span>.<\/p><p data-start=\"513\" data-end=\"593\"><span class=\"relative -mx-px my-[-0.2rem] rounded px-px py-[0.2rem] transition-colors duration-100 ease-in-out\">Ce lieu abrite aussi deux anciennes <strong data-start=\"36\" data-end=\"61\">fontaines de d\u00e9votion<\/strong>\u202f: l\u2019une, disparue, \u00e9tait sous l\u2019autel\u202f; l\u2019autre, nomm\u00e9e <em data-start=\"118\" data-end=\"137\">Aotig ar Feunteun<\/em>, se trouvait \u00e0 la petite gr\u00e8ve voisine<\/span>.<\/p><p data-start=\"595\" data-end=\"675\"><span class=\"relative -mx-px my-[-0.2rem] rounded px-px py-[0.2rem] transition-colors duration-100 ease-in-out\">Deux pardons annuels s\u2019y tiennent\u202f: une messe de fin juin (veille du pardon de Saint\u2011Pierre-et\u2011Saint\u2011Paul) et un second, courant septembre, en l\u2019honneur de Saint Michel, accompagn\u00e9e de la traditionnelle procession des petits saints<\/span>.<\/p><p data-start=\"677\" data-end=\"882\"><span class=\"relative -mx-px my-[-0.2rem] rounded px-px py-[0.2rem] transition-colors duration-100 ease-in-out\">Aujourd\u2019hui, la chapelle Saint\u2011Michel est une halte privil\u00e9gi\u00e9e pour les randonneurs (nombreux sentiers balis\u00e9s passent \u00e0 proximit\u00e9), les p\u00e8lerins et les passionn\u00e9s d\u2019histoire bretonne<\/span>. Accessible gratuitement, elle est visible le long de la c\u00f4te, avec un petit parking d\u00e9di\u00e9 \u00e0 l\u2019embranchement vers Tr\u00e9menac\u2019h.<\/p><figure id=\"attachment_67367\" aria-describedby=\"caption-attachment-67367\" style=\"width: 1024px\" class=\"wp-caption aligncenter\"><a href=\"https:\/\/cparici.com\/wp-content\/uploads\/2025\/07\/cparici-29.jpg\"><img decoding=\"async\" class=\"wp-image-67367 size-large\" src=\"https:\/\/cparici.com\/wp-content\/uploads\/2025\/07\/cparici-29-1024x362.jpg\" alt=\"La chapelle Saint Michel Plougerneau\" width=\"1024\" height=\"362\" srcset=\"https:\/\/cparici.com\/wp-content\/uploads\/2025\/07\/cparici-29-1024x362.jpg 1024w, https:\/\/cparici.com\/wp-content\/uploads\/2025\/07\/cparici-29-300x106.jpg 300w, https:\/\/cparici.com\/wp-content\/uploads\/2025\/07\/cparici-29-768x271.jpg 768w, https:\/\/cparici.com\/wp-content\/uploads\/2025\/07\/cparici-29-18x6.jpg 18w, https:\/\/cparici.com\/wp-content\/uploads\/2025\/07\/cparici-29-590x208.jpg 590w, https:\/\/cparici.com\/wp-content\/uploads\/2025\/07\/cparici-29-1200x424.jpg 1200w, https:\/\/cparici.com\/wp-content\/uploads\/2025\/07\/cparici-29-577x204.jpg 577w, https:\/\/cparici.com\/wp-content\/uploads\/2025\/07\/cparici-29-600x212.jpg 600w, https:\/\/cparici.com\/wp-content\/uploads\/2025\/07\/cparici-29.jpg 1500w\" sizes=\"(max-width: 1024px) 100vw, 1024px\" \/><\/a><figcaption id=\"caption-attachment-67367\" class=\"wp-caption-text\">La chapelle Saint Michel Plougerneau<\/figcaption><\/figure><h2 data-start=\"3235\" data-end=\"3271\">Activit\u00e9s & traditions locales<\/h2><p data-start=\"3273\" data-end=\"3464\"><strong data-start=\"3273\" data-end=\"3314\">\u00c9comus\u00e9e des go\u00e9moniers et des algues<\/strong> : Plougerneau, capitale des go\u00e9moniers, valorise son savoir-faire ancestral li\u00e9 \u00e0 la r\u00e9colte d\u2019algues vertes .<\/p><p data-start=\"3466\" data-end=\"3570\"><strong data-start=\"3466\" data-end=\"3487\">Sports et loisirs<\/strong><br data-start=\"3487\" data-end=\"3490\" \/><span class=\"relative -mx-px my-[-0.2rem] rounded px-px py-[0.2rem] transition-colors duration-100 ease-in-out\">\u00c9cole de voile, aviron au Kor\u00e9jou, rink\u2011hockey, gouren (lutte bretonne), football et tennis sont pr\u00e9sents, illustrant le dynamisme associatif local.<\/span><\/p><p data-start=\"3572\" data-end=\"3588\"><strong data-start=\"3572\" data-end=\"3586\">Festivit\u00e9s<\/strong><\/p><ul data-start=\"3589\" data-end=\"3758\"><li data-start=\"3589\" data-end=\"3632\"><p data-start=\"3591\" data-end=\"3632\"><span class=\"relative -mx-px my-[-0.2rem] rounded px-px py-[0.2rem] transition-colors duration-100 ease-in-out\">La procession des petits saints (15\u202fao\u00fbt)<\/span><\/p><\/li><li data-start=\"3633\" data-end=\"3676\"><p data-start=\"3635\" data-end=\"3676\"><span class=\"relative -mx-px my-[-0.2rem] rounded px-px py-[0.2rem] transition-colors duration-100 ease-in-out\">Festival de la Saint\u2011Jean\/Tantad Plouken, m\u00ealant feux de joie et musique traditionnelle<\/span><\/p><\/li><li data-start=\"3677\" data-end=\"3758\"><p data-start=\"3679\" data-end=\"3758\"><span class=\"relative -mx-px my-[-0.2rem] rounded px-px py-[0.2rem] transition-colors duration-100 ease-in-out\">F\u00eate des go\u00e9moniers<\/span><\/p><\/li><\/ul><h2 data-start=\"3765\" data-end=\"3810\">Restaurant \u00e0 Plougerneau<\/h2><p data-start=\"44\" data-end=\"121\"><span class=\"relative -mx-px my-[-0.2rem] rounded px-px py-[0.2rem] transition-colors duration-100 ease-in-out\">Plougerneau offre une diversit\u00e9\u202fculinaire remarquable en bord de mer, id\u00e9ale pour gourmands et amateurs d\u2019ar\u00f4mes iod\u00e9s. <strong data-start=\"120\" data-end=\"135\">\u00c0\u202fLa\u202fMaison<\/strong>, au centre-bourg, b\u00e9n\u00e9ficie d\u2019une note exceptionnelle (4,9\/5 sur 1\u202f419 avis), prix raisonnables, et une carte bistronomique mettant en valeur les produits locaux comme le bar c\u00f4tier ou les Saint-Jacques de Brest\u202f<\/span><\/p><p data-start=\"123\" data-end=\"274\"><span class=\"relative -mx-px my-[-0.2rem] rounded px-px py-[0.2rem] transition-colors duration-100 ease-in-out\">Face au port de Korejou, le <strong data-start=\"28\" data-end=\"47\">Carr\u00e9 St\u202fMichel<\/strong> est renomm\u00e9 pour sa <strong data-start=\"68\" data-end=\"96\">bistronomie d\u00e9contract\u00e9e<\/strong>, vue panoramique, service convivial et cuisine de saison<\/span>. <span class=\"relative -mx-px my-[-0.2rem] rounded px-px py-[0.2rem] transition-colors duration-100 ease-in-out\">Les plats propos\u00e9s, entre terre et\u202fmer, oscillent autour de 30\u201345\u202f\u20ac, avec des menus all\u00e9chants (risotto, soupe potimarron, cr\u00e8me br\u00fbl\u00e9e)\u202f<\/span>.<\/p><p data-start=\"276\" data-end=\"353\"><span class=\"relative -mx-px my-[-0.2rem] rounded px-px py-[0.2rem] transition-colors duration-100 ease-in-out\">C\u00f4t\u00e9 fruits de mer, <strong data-start=\"20\" data-end=\"34\">M\u00e9m\u00e9 Lilia<\/strong> et <strong data-start=\"38\" data-end=\"54\">Casting Ac\u2019h<\/strong> s\u00e9duisent les amateurs gr\u00e2ce \u00e0 un excellent rapport qualit\u00e9-prix. M\u00e9m\u00e9 Lilia (4,8\/5, 76 avis) offre une cuisine simple et savoureuse, service attentif dans un cadre chaleureux<\/span>.<\/p><p data-start=\"355\" data-end=\"432\"><span class=\"relative -mx-px my-[-0.2rem] rounded px-px py-[0.2rem] transition-colors duration-100 ease-in-out\">Ajoutez pour les gourmands la <strong data-start=\"30\" data-end=\"48\">Route du Phare<\/strong>, cr\u00eaperie typique avec cr\u00eapes classiques et originales, ainsi que des \u00e9tablissements comme Le\u202fLizen, La\u202fScud\u00e9ria ou Le\u202fXV\u202fBreizh, parfaits pour d\u00e9jeuner en amoureux ou entre amis<\/span>.<\/p><p data-start=\"3812\" data-end=\"3853\"><span class=\"relative -mx-px my-[-0.2rem] rounded px-px py-[0.2rem] transition-colors duration-100 ease-in-out\">La commune propose une exp\u00e9rience authentique :<\/span><\/p><ul data-start=\"3854\" data-end=\"3979\"><li data-start=\"3854\" data-end=\"3897\"><p data-start=\"3856\" data-end=\"3897\"><span class=\"relative -mx-px my-[-0.2rem] rounded px-px py-[0.2rem] transition-colors duration-100 ease-in-out\">Cr\u00eaperies et restaurants face \u00e0 la mer (ex. Castel Ac\u2019h, Route du phare)<\/span><\/p><\/li><li data-start=\"3898\" data-end=\"3979\"><p data-start=\"3900\" data-end=\"3979\"><span class=\"relative -mx-px my-[-0.2rem] rounded px-px py-[0.2rem] transition-colors duration-100 ease-in-out\">H\u00e9bergements vari\u00e9s : camping pr\u00e8s du phare de l\u2019\u00cele\u202fVierge, g\u00eetes, tiny houses [du camping du phare]<\/span><\/p><\/li><\/ul><h2>H\u00f4tel \u00e0 Plougerneau<\/h2><p data-start=\"44\" data-end=\"199\"><span class=\"relative -mx-px my-[-0.2rem] rounded px-px py-[0.2rem] transition-colors duration-100 ease-in-out\">\u00c0 Plougerneau, un <strong data-start=\"17\" data-end=\"41\">h\u00f4tel connu<\/strong> est le <strong data-start=\"60\" data-end=\"84\">Logis Le Castel Ac\u2019h<\/strong>, un \u00e9tablissement 3 \u00e9toiles en bord de mer, id\u00e9alement situ\u00e9 \u00e0 proximit\u00e9 de la plage de Kervenni et du phare de l\u2019\u00cele Vierge<\/span>. <span class=\"relative -mx-px my-[-0.2rem] rounded px-px py-[0.2rem] transition-colors duration-100 ease-in-out\">Avec 24 chambres modernes et \u00e9l\u00e9gantes, chacune dot\u00e9e d\u2019un balcon ou d\u2019une terrasse face \u00e0 l\u2019oc\u00e9an, l\u2019h\u00f4tel offre une vue imprenable sur les abers et les \u00eeles<\/span>.<\/p><p data-start=\"437\" data-end=\"598\"><span class=\"relative -mx-px my-[-0.2rem] rounded px-px py-[0.2rem] transition-colors duration-100 ease-in-out\">Autour, on trouve des <strong data-start=\"22\" data-end=\"53\">maisons de p\u00eacheur r\u00e9nov\u00e9es<\/strong> (maison familiale, studio ou villa vue mer), tr\u00e8s bien not\u00e9es et adapt\u00e9es aux petits groupes ou couples<\/span>. <span class=\"relative -mx-px my-[-0.2rem] rounded px-px py-[0.2rem] transition-colors duration-100 ease-in-out\">Enfin, pour un s\u00e9jour plus nature, le <strong data-start=\"38\" data-end=\"66\">camping La Gr\u00e8ve Blanche<\/strong> propose des emplacements avec vue et une ambiance conviviale<\/span>.<\/p><h2 data-start=\"437\" data-end=\"598\">Autour de Plougerneau<\/h2><h3 data-start=\"86\" data-end=\"107\">L\u2019Aber Wrac\u2019h<\/h3><p data-start=\"108\" data-end=\"340\"><span class=\"relative -mx-px my-[-0.2rem] rounded px-px py-[0.2rem] transition-colors duration-100 ease-in-out\">L\u2019Aber Wrac\u2019h est un large estuaire \u2014 ou aber \u2014 qui s\u2019enfonce sur environ 33\u202fkm \u00e0 l\u2019int\u00e9rieur des terres entre Plouguerneau, Lannilis et Land\u00e9da<\/span>. <span class=\"relative -mx-px my-[-0.2rem] rounded px-px py-[0.2rem] transition-colors duration-100 ease-in-out\">Bord\u00e9 de dunes, de plages, et d\u2019\u00eeles pittoresques, cet espace naturel est pris\u00e9 pour la randonn\u00e9e, la voile, le kitesurf et le windsurf<\/span>. <span class=\"relative -mx-px my-[-0.2rem] rounded px-px py-[0.2rem] transition-colors duration-100 ease-in-out\">Son port de plaisance est le seul de haute mer entre Brest et Roscoff, offrant une base id\u00e9ale pour explorer la c\u00f4te nord\u2011bretonne<\/span>.<\/p><p data-start=\"342\" data-end=\"499\"><span class=\"relative -mx-px my-[-0.2rem] rounded px-px py-[0.2rem] transition-colors duration-100 ease-in-out\">Son nom provient peut-\u00eatre du breton <em data-start=\"37\" data-end=\"46\">gwrac\u2019h<\/em>, une \u201cvieille femme\u201d ou \u201cf\u00e9e\u201d, ou bien de \u201cPays d\u2019Ac\u2019h\u201d<\/span>. <span class=\"relative -mx-px my-[-0.2rem] rounded px-px py-[0.2rem] transition-colors duration-100 ease-in-out\">Une l\u00e9gende associe l\u2019Aber \u00e0 un pont surnomm\u00e9 \u201cPont du Diable\u201d, renfor\u00e7ant son myst\u00e8re<\/span>.<\/p><figure id=\"attachment_67369\" aria-describedby=\"caption-attachment-67369\" style=\"width: 1500px\" class=\"wp-caption aligncenter\"><a href=\"https:\/\/cparici.com\/wp-content\/uploads\/2025\/07\/Aber-wrach.jpg\"><img decoding=\"async\" class=\"wp-image-67369 size-full\" src=\"https:\/\/cparici.com\/wp-content\/uploads\/2025\/07\/Aber-wrach.jpg\" alt=\"Aber wrach\" width=\"1500\" height=\"657\" srcset=\"https:\/\/cparici.com\/wp-content\/uploads\/2025\/07\/Aber-wrach.jpg 1500w, https:\/\/cparici.com\/wp-content\/uploads\/2025\/07\/Aber-wrach-300x131.jpg 300w, https:\/\/cparici.com\/wp-content\/uploads\/2025\/07\/Aber-wrach-1024x449.jpg 1024w, https:\/\/cparici.com\/wp-content\/uploads\/2025\/07\/Aber-wrach-768x336.jpg 768w, https:\/\/cparici.com\/wp-content\/uploads\/2025\/07\/Aber-wrach-18x8.jpg 18w, https:\/\/cparici.com\/wp-content\/uploads\/2025\/07\/Aber-wrach-590x258.jpg 590w, https:\/\/cparici.com\/wp-content\/uploads\/2025\/07\/Aber-wrach-1200x526.jpg 1200w, https:\/\/cparici.com\/wp-content\/uploads\/2025\/07\/Aber-wrach-577x253.jpg 577w, https:\/\/cparici.com\/wp-content\/uploads\/2025\/07\/Aber-wrach-600x263.jpg 600w\" sizes=\"(max-width: 1500px) 100vw, 1500px\" \/><\/a><figcaption id=\"caption-attachment-67369\" class=\"wp-caption-text\">Aber wrach<\/figcaption><\/figure><h3 data-start=\"506\" data-end=\"529\">L\u2019\u00cele Stagadon<\/h3><p data-start=\"530\" data-end=\"693\"><span class=\"relative -mx-px my-[-0.2rem] rounded px-px py-[0.2rem] transition-colors duration-100 ease-in-out\">L\u2019\u00cele Stagadon, petite \u00eele de 4\u202fhectares \u00e0 l\u2019entr\u00e9e de l\u2019Aber, est accessible \u00e0 pied \u00e0 mar\u00e9e basse ou en bateau<\/span>. <span class=\"relative -mx-px my-[-0.2rem] rounded px-px py-[0.2rem] transition-colors duration-100 ease-in-out\">Elle poss\u00e8de deux plages en arc de cercle au sud-est, aux eaux claires tr\u00e8s appr\u00e9ci\u00e9es des plaisanciers<\/span>.<\/p><p data-start=\"695\" data-end=\"856\"><span class=\"relative -mx-px my-[-0.2rem] rounded px-px py-[0.2rem] transition-colors duration-100 ease-in-out\">Habit\u00e9e jusqu\u2019en 1967 par go\u00e9moniers, elle a ensuite \u00e9t\u00e9 donn\u00e9e aux Amis du Jeudi\u2011Dimanche et transform\u00e9e en g\u00eete<\/span>. <span class=\"relative -mx-px my-[-0.2rem] rounded px-px py-[0.2rem] transition-colors duration-100 ease-in-out\">Son ambiance paisible en fait un lieu de pique-nique ou de nuit\u00e9e dans un d\u00e9cor naturel exceptionnel<\/span>.<\/p><h3 data-start=\"863\" data-end=\"895\">Le phare de l\u2019\u00eele Vierge<\/h3><p data-start=\"896\" data-end=\"1059\"><span class=\"relative -mx-px my-[-0.2rem] rounded px-px py-[0.2rem] transition-colors duration-100 ease-in-out\">Perch\u00e9 sur l\u2019\u00eelot du m\u00eame nom, le <strong data-start=\"34\" data-end=\"59\">phare de l\u2019\u00eele Vierge<\/strong> est l\u2019un des symboles de Plouguerneau. Avec ses <strong data-start=\"108\" data-end=\"118\">82,5\u202fm<\/strong>, il s\u2019agit du phare en pierre le plus haut d\u2019Europe et offre une port\u00e9e de 50\u202fkm<\/span>. <span class=\"relative -mx-px my-[-0.2rem] rounded px-px py-[0.2rem] transition-colors duration-100 ease-in-out\">Construit entre 1897 et 1902 en granite local, il remplace un ancien phare de 33\u202fm datant de 1845<\/span> .<\/p><p data-start=\"1061\" data-end=\"1303\"><span class=\"relative -mx-px my-[-0.2rem] rounded px-px py-[0.2rem] transition-colors duration-100 ease-in-out\">L\u2019ascension de ses 383 marches (plus 32 suppl\u00e9mentaires) m\u00e8ne \u00e0 un panorama \u00e0 360\u00b0, offrant une vue spectaculaire sur la Manche, les abers et les \u00eeles alentour<\/span>. <span class=\"relative -mx-px my-[-0.2rem] rounded px-px py-[0.2rem] transition-colors duration-100 ease-in-out\">Le phare est class\u00e9 Monument Historique depuis 2011<\/span> . <span class=\"relative -mx-px my-[-0.2rem] rounded px-px py-[0.2rem] transition-colors duration-100 ease-in-out\">Il est visitable de mars \u00e0 octobre, souvent associ\u00e9 \u00e0 la mar\u00e9e haute ou basse<\/span> .<\/p><h3 data-start=\"1310\" data-end=\"1344\">\u00a0conseils de visite<\/h3><ul data-start=\"1345\" data-end=\"1656\"><li data-start=\"1345\" data-end=\"1460\"><p data-start=\"1347\" data-end=\"1460\"><strong data-start=\"1347\" data-end=\"1357\">Balade<\/strong> : suivre les sentiers autour de l\u2019Aber Wrac\u2019h pour d\u00e9couvrir des paysages changeants selon la mar\u00e9e.<\/p><\/li><li data-start=\"1461\" data-end=\"1564\"><p data-start=\"1463\" data-end=\"1564\"><strong data-start=\"1463\" data-end=\"1476\">Excursion<\/strong>\u202f: embarquez depuis le port vers l\u2019\u00eele Vierge et Stagadon pour une escapade originale.<\/p><\/li><li data-start=\"1565\" data-end=\"1656\"><p data-start=\"1567\" data-end=\"1656\"><strong data-start=\"1567\" data-end=\"1579\">Panorama<\/strong> : gravissez le phare de l\u2019\u00eele Vierge pour contempler un horizon inoubliable.<\/p><\/li><\/ul><p data-start=\"1658\" data-end=\"1865\">Ces trois sites \u2014 l\u2019Aber Wrac\u2019h, l\u2019\u00eele Stagadon et le phare de l\u2019\u00eele Vierge \u2014 constituent un trio embl\u00e9matique du <em data-start=\"1772\" data-end=\"1788\">Pays des Abers<\/em>, combinant <strong data-start=\"1800\" data-end=\"1810\">nature<\/strong>, <strong data-start=\"1812\" data-end=\"1833\">histoire maritime<\/strong> et <strong data-start=\"1837\" data-end=\"1864\">patrimoine exceptionnel<\/strong>.<\/p><h2 data-start=\"437\" data-end=\"598\">Informations administratives Plougerneau<\/h2><h3 data-start=\"44\" data-end=\"76\">Mairie de Plouguerneau<\/h3><p data-start=\"77\" data-end=\"168\"><strong data-start=\"77\" data-end=\"88\">Adresse<\/strong><br data-start=\"88\" data-end=\"91\" \/><span class=\"relative -mx-px my-[-0.2rem] rounded px-px py-[0.2rem] transition-colors duration-100 ease-in-out\">Place (ou Rue) du Verger \u2013 BP\u202f1, 29880\u202fPlouguerneau<\/span><\/p><p data-start=\"170\" data-end=\"458\"><strong data-start=\"170\" data-end=\"182\">Contacts<\/strong><br data-start=\"182\" data-end=\"185\" \/><span class=\"relative -mx-px my-[-0.2rem] rounded px-px py-[0.2rem] transition-colors duration-100 ease-in-out\">T\u00e9l\u00e9phone : 02\u202f98\u202f04\u202f71\u202f06<\/span><br data-start=\"222\" data-end=\"225\" \/><span class=\"relative -mx-px my-[-0.2rem] rounded px-px py-[0.2rem] transition-colors duration-100 ease-in-out\">Fax : 02\u202f98\u202f04\u202f59\u202f60<\/span>\u00a0<br data-start=\"300\" data-end=\"303\" \/><span class=\"relative -mx-px my-[-0.2rem] rounded px-px py-[0.2rem] transition-colors duration-100 ease-in-out\">Courriel : <a href=\"mailto:ma****@**********au.bzh\" data-original-string=\"My0zjZrXkIzHpdP6K3eQlg==256bStLWcxqYZmK1cls7laCyai72sVbRETwad1mWkhWAzI=\" title=\"Dieser Kontakt wurde von Anti-Spam by CleanTalk verschl\u00fcsselt. Klicken Sie hier, um ihn zu entschl\u00fcsseln. Um die Entschl\u00fcsselung abzuschlie\u00dfen, stellen Sie sicher, dass JavaScript in Ihrem Browser aktiviert ist.\" data-start=\"11\" data-end=\"34\" data-is-last-node=\"\"><span \n                data-original-string='QobufZiDOQfniHw3jFbkzg==256xZYOiRC\/MFZmPlmbRNUaesg8Q7B\/aqlTl9wZISYzAP4='\n                class='apbct-email-encoder'\n                title='Dieser Kontakt wurde von Anti-Spam by CleanTalk verschl\u00fcsselt. Klicken Sie hier, um ihn zu entschl\u00fcsseln. Um die Entschl\u00fcsselung abzuschlie\u00dfen, stellen Sie sicher, dass JavaScript in Ihrem Browser aktiviert ist.'>ma<span class=\"apbct-blur\">****<\/span>@<span class=\"apbct-blur\">**********<\/span>au.bzh<\/span><\/a><\/span>\u00a0<br data-start=\"378\" data-end=\"381\" \/><span class=\"relative -mx-px my-[-0.2rem] rounded px-px py-[0.2rem] transition-colors duration-100 ease-in-out\">Site-web officiel : <a href=\"http:\/\/www.plouguerneau.bzh\" target=\"_new\" rel=\"noopener noreferrer\" data-start=\"20\" data-end=\"40\" data-is-last-node=\"\">www.plouguerneau.bzh<\/a><\/span><\/p><figure id=\"attachment_67368\" aria-describedby=\"caption-attachment-67368\" style=\"width: 1024px\" class=\"wp-caption aligncenter\"><a href=\"https:\/\/cparici.com\/wp-content\/uploads\/2025\/07\/Plougerneau-site-internet-officiel-de-la-ville.jpg\"><img decoding=\"async\" class=\"wp-image-67368 size-large\" src=\"https:\/\/cparici.com\/wp-content\/uploads\/2025\/07\/Plougerneau-site-internet-officiel-de-la-ville-1024x467.jpg\" alt=\"Plougerneau site internet officiel de la ville\" width=\"1024\" height=\"467\" srcset=\"https:\/\/cparici.com\/wp-content\/uploads\/2025\/07\/Plougerneau-site-internet-officiel-de-la-ville-1024x467.jpg 1024w, https:\/\/cparici.com\/wp-content\/uploads\/2025\/07\/Plougerneau-site-internet-officiel-de-la-ville-300x137.jpg 300w, https:\/\/cparici.com\/wp-content\/uploads\/2025\/07\/Plougerneau-site-internet-officiel-de-la-ville-768x351.jpg 768w, https:\/\/cparici.com\/wp-content\/uploads\/2025\/07\/Plougerneau-site-internet-officiel-de-la-ville-1536x701.jpg 1536w, https:\/\/cparici.com\/wp-content\/uploads\/2025\/07\/Plougerneau-site-internet-officiel-de-la-ville-18x8.jpg 18w, https:\/\/cparici.com\/wp-content\/uploads\/2025\/07\/Plougerneau-site-internet-officiel-de-la-ville-590x269.jpg 590w, https:\/\/cparici.com\/wp-content\/uploads\/2025\/07\/Plougerneau-site-internet-officiel-de-la-ville-1200x548.jpg 1200w, https:\/\/cparici.com\/wp-content\/uploads\/2025\/07\/Plougerneau-site-internet-officiel-de-la-ville-577x263.jpg 577w, https:\/\/cparici.com\/wp-content\/uploads\/2025\/07\/Plougerneau-site-internet-officiel-de-la-ville-600x274.jpg 600w, https:\/\/cparici.com\/wp-content\/uploads\/2025\/07\/Plougerneau-site-internet-officiel-de-la-ville.jpg 1897w\" sizes=\"(max-width: 1024px) 100vw, 1024px\" \/><\/a><figcaption id=\"caption-attachment-67368\" class=\"wp-caption-text\">Plougerneau site internet officiel de la ville<\/figcaption><\/figure><p data-start=\"460\" data-end=\"496\"><strong data-start=\"460\" data-end=\"494\">Horaires d\u2019ouverture au public<\/strong><\/p><ul data-start=\"497\" data-end=\"668\"><li data-start=\"497\" data-end=\"540\"><p data-start=\"499\" data-end=\"540\"><span class=\"relative -mx-px my-[-0.2rem] rounded px-px py-[0.2rem] transition-colors duration-100 ease-in-out\">Lundi, mercredi, jeudi, vendredi : 09h00\u201312h00 et 14h00\u201317h00<\/span><\/p><\/li><li data-start=\"541\" data-end=\"584\"><p data-start=\"543\" data-end=\"584\"><span class=\"relative -mx-px my-[-0.2rem] rounded px-px py-[0.2rem] transition-colors duration-100 ease-in-out\">Mardi : 09h00\u201312h00<\/span><\/p><\/li><li data-start=\"585\" data-end=\"668\"><p data-start=\"587\" data-end=\"668\"><span class=\"relative -mx-px my-[-0.2rem] rounded px-px py-[0.2rem] transition-colors duration-100 ease-in-out\">Samedi : 09h00\u201312h00<\/span><\/p><\/li><\/ul><h3 data-start=\"675\" data-end=\"720\">Administration & services municipaux<\/h3><ul data-start=\"721\" data-end=\"1140\"><li data-start=\"721\" data-end=\"804\"><p data-start=\"723\" data-end=\"804\"><span class=\"relative -mx-px my-[-0.2rem] rounded px-px py-[0.2rem] transition-colors duration-100 ease-in-out\"><strong data-start=\"0\" data-end=\"14\" data-is-only-node=\"\">\u00c9tat civil<\/strong> : d\u00e9livrance d\u2019actes (naissance, mariage, d\u00e9c\u00e8s), pr\u00e9-d\u00e9marches passeport & carte nationale d\u2019identit\u00e9<\/span><\/p><\/li><li data-start=\"805\" data-end=\"888\"><p data-start=\"807\" data-end=\"888\"><span class=\"relative -mx-px my-[-0.2rem] rounded px-px py-[0.2rem] transition-colors duration-100 ease-in-out\"><strong data-start=\"0\" data-end=\"13\" data-is-only-node=\"\">Urbanisme<\/strong> : information et d\u00e9p\u00f4t des demandes de permis de construire, d\u00e9clarations de travaux<\/span><\/p><\/li><li data-start=\"889\" data-end=\"972\"><p data-start=\"891\" data-end=\"972\"><span class=\"relative -mx-px my-[-0.2rem] rounded px-px py-[0.2rem] transition-colors duration-100 ease-in-out\"><strong data-start=\"0\" data-end=\"25\" data-is-only-node=\"\">CCAS (action sociale)<\/strong> : accueil du lundi au vendredi, 9h\u201312h, contact au 02\u202f98\u202f04\u202f59\u202f52,\u00a0<\/span><\/p><\/li><li data-start=\"973\" data-end=\"1056\"><p data-start=\"975\" data-end=\"1056\"><span class=\"relative -mx-px my-[-0.2rem] rounded px-px py-[0.2rem] transition-colors duration-100 ease-in-out\"><strong data-start=\"0\" data-end=\"23\" data-is-only-node=\"\">Services techniques<\/strong> : 02\u202f98\u202f04\u202f55\u202f16<\/span><\/p><\/li><li data-start=\"1057\" data-end=\"1140\"><p data-start=\"1059\" data-end=\"1140\"><span class=\"relative -mx-px my-[-0.2rem] rounded px-px py-[0.2rem] transition-colors duration-100 ease-in-out\"><strong data-start=\"0\" data-end=\"21\" data-is-only-node=\"\">Accueil urbanisme<\/strong> : ouvert lun\u2011ven 9h\u201312h, t\u00e9l\u00e9phone 02\u202f98\u202f04\u202f59\u202f61<\/span><\/p><\/li><\/ul><h3 data-start=\"1147\" data-end=\"1182\">\u00c9lus & intercommunalit\u00e9<\/h3><ul data-start=\"1183\" data-end=\"1434\"><li data-start=\"1183\" data-end=\"1266\"><p data-start=\"1185\" data-end=\"1266\"><span class=\"relative -mx-px my-[-0.2rem] rounded px-px py-[0.2rem] transition-colors duration-100 ease-in-out\"><strong data-start=\"0\" data-end=\"9\" data-is-only-node=\"\">Maire<\/strong> : M. Yannig\u202fRobin, \u00e9lu en mai 2020 pour un mandat 2020\u20132026<\/span><\/p><\/li><li data-start=\"1267\" data-end=\"1350\"><p data-start=\"1269\" data-end=\"1350\"><span class=\"relative -mx-px my-[-0.2rem] rounded px-px py-[0.2rem] transition-colors duration-100 ease-in-out\"><strong data-start=\"0\" data-end=\"24\" data-is-only-node=\"\">Codes administratifs<\/strong> : INSEE\u202f29195 \u2013 Code postal\u202f29880<\/span><\/p><\/li><li data-start=\"1351\" data-end=\"1434\"><p data-start=\"1353\" data-end=\"1434\"><span class=\"relative -mx-px my-[-0.2rem] rounded px-px py-[0.2rem] transition-colors duration-100 ease-in-out\"><strong data-start=\"0\" data-end=\"20\" data-is-only-node=\"\">Intercommunalit\u00e9<\/strong> : membre de la Communaut\u00e9 de communes du Pays des Abers (13 communes)<\/span><\/p><\/li><\/ul><h3 data-start=\"1441\" data-end=\"1478\">Informations compl\u00e9mentaires<\/h3><ul data-start=\"1479\" data-end=\"1730\"><li data-start=\"1479\" data-end=\"1562\"><p data-start=\"1481\" data-end=\"1562\"><span class=\"relative -mx-px my-[-0.2rem] rounded px-px py-[0.2rem] transition-colors duration-100 ease-in-out\"><strong data-start=\"0\" data-end=\"14\" data-is-only-node=\"\">Population<\/strong> : environ 6\u202f700 habitants (Plouguern\u00e9ens) \u2013 densit\u00e9 ~153\u202fhab\/km\u00b2 sur 43,33\u202fkm\u00b2<\/span><\/p><\/li><li data-start=\"1563\" data-end=\"1646\"><p data-start=\"1565\" data-end=\"1646\"><span class=\"relative -mx-px my-[-0.2rem] rounded px-px py-[0.2rem] transition-colors duration-100 ease-in-out\"><strong data-start=\"0\" data-end=\"12\" data-is-only-node=\"\">Altitude<\/strong> : de 0 \u00e0 79\u202fm, moyenne 63\u202fm<\/span><\/p><\/li><li data-start=\"1647\" data-end=\"1730\"><p data-start=\"1649\" data-end=\"1730\"><span class=\"relative -mx-px my-[-0.2rem] rounded px-px py-[0.2rem] transition-colors duration-100 ease-in-out\"><strong data-start=\"0\" data-end=\"13\" data-is-only-node=\"\">Typologie<\/strong> : bourg rural, aire urbaine de Brest<\/span><\/p><\/li><\/ul><h2 data-start=\"3986\" data-end=\"4024\">Foire aux questions sur Plougerneau<\/h2><h3 data-start=\"4026\" data-end=\"4169\"><strong data-start=\"4026\" data-end=\"4086\">Quelles sont les plus belles plages de Plougerneau\u202f?<\/strong><\/h3><p data-start=\"4026\" data-end=\"4169\"><span class=\"relative -mx-px my-[-0.2rem] rounded px-px py-[0.2rem] transition-colors duration-100 ease-in-out\">Les incontournables sont la Gr\u00e8ve\u202fBlanche, la plage de Kervenni (avec panorama sur l\u2019\u00cele\u202fVierge), Saint\u2011Cava ou Porz\u202fGwenn<\/span>.<\/p><h3 data-start=\"4171\" data-end=\"4251\"><strong data-start=\"4171\" data-end=\"4209\">Peut-on visiter l\u2019\u00cele\u202fVierge\u202f?<\/strong><\/h3><p data-start=\"4171\" data-end=\"4251\"><span class=\"relative -mx-px my-[-0.2rem] rounded px-px py-[0.2rem] transition-colors duration-100 ease-in-out\">L\u2019acc\u00e8s est possible en bateau ou via la plage de Kervenni, les guides locaux proposent des tours comment\u00e9s.<\/span><\/p><h3 data-start=\"4253\" data-end=\"4401\"><strong data-start=\"4253\" data-end=\"4318\">Plougerneau est\u2011elle accessible en transports en commun\u202f?<\/strong><\/h3><p data-start=\"4253\" data-end=\"4401\"><span class=\"relative -mx-px my-[-0.2rem] rounded px-px py-[0.2rem] transition-colors duration-100 ease-in-out\">Elle est reli\u00e9e \u00e0 Brest via la D32 et \u00e0 Lannilis par le pont de Paluden ; les liaisons bus\/d\u00e9partementales desservent la commune.<\/span><\/p><h3 data-start=\"4403\" data-end=\"4511\"><strong data-start=\"4403\" data-end=\"4469\">Quels sont les \u00e9v\u00e9nements traditionnels \u00e0 ne pas manquer\u202f?<\/strong><\/h3><p data-start=\"4403\" data-end=\"4511\"><span class=\"relative -mx-px my-[-0.2rem] rounded px-px py-[0.2rem] transition-colors duration-100 ease-in-out\">La procession des petits saints le 15\u202fao\u00fbt, la f\u00eate des go\u00e9moniers et la Saint\u2011Jean (fin juin).<\/span><\/p><h3 data-start=\"4513\" data-end=\"4640\"><strong data-start=\"4513\" data-end=\"4557\">Quels sites pr\u00e9historiques visiter\u202f?<\/strong><\/h3><p data-start=\"4513\" data-end=\"4640\"><span class=\"relative -mx-px my-[-0.2rem] rounded px-px py-[0.2rem] transition-colors duration-100 ease-in-out\">Le menhir de Goarivan, le dolmen de Lilia, la st\u00e8le de Prad\u2011Paol, le menhir de Menozac\u2019h en bord de mer<\/span><\/p><h3 data-start=\"4642\" data-end=\"4743\"><strong data-start=\"4642\" data-end=\"4701\">Y a\u2011t\u2011il des structures pour les sports nautiques\u202f?<\/strong><\/h3><p data-start=\"4642\" data-end=\"4743\"><span class=\"relative -mx-px my-[-0.2rem] rounded px-px py-[0.2rem] transition-colors duration-100 ease-in-out\">Oui : \u00e9cole de voile du Kor\u00e9jou, aviron, accueil pluridisciplinaire avec base de loisirs.<\/span><\/p><h3 data-start=\"4745\" data-end=\"4907\"><strong data-start=\"4745\" data-end=\"4824\">Comment en savoir plus sur l\u2019histoire maritime tragique de la commune\u202f?<\/strong><\/h3><p data-start=\"4745\" data-end=\"4907\"><span class=\"relative -mx-px my-[-0.2rem] rounded px-px py-[0.2rem] transition-colors duration-100 ease-in-out\">Visitez les monuments aux morts et la st\u00e8le de lib\u00e9ration de Plougerneau, sur la place publique<\/span><\/p><h2 data-start=\"4914\" data-end=\"4927\">Conclusion<\/h2><p data-start=\"4929\" data-end=\"5399\"><strong data-start=\"4929\" data-end=\"4944\">Plougerneau<\/strong> est une commune qui combine un littoral exceptionnel, un patrimoine historique et religieux riche, des traditions vivantes et une activit\u00e9 maritime forte. Avec ses plages, ses festivals, ses m\u00e9galithes, ses chapelles, la r\u00e9colte du go\u00e9mon et ses animations locales, Plougerneau s\u2019impose comme une destination authentique et pleine de charme. Une visite au c\u0153ur du <strong data-start=\"5309\" data-end=\"5325\">pays du pays<\/strong> s\u2019impose pour qui cherche un v\u00e9ritable contact avec la Bretagne profonde.<\/p><p data-start=\"5401\" data-end=\"5532\">Pour en savoir plus sur son riche pass\u00e9 et ses traditions, consultez \u00e9galement la page Wikip\u00e9dia d\u00e9di\u00e9e \u00e0 ce territoire historique.<\/p>\t\t\t\t\t\t\t\t<\/div>\n\t\t\t\t\t<\/div>\n\t\t\t\t<\/div>\n\t\t<aside class=\"elementor-element elementor-element-92b9a42 e-flex e-con-boxed e-con e-parent\" data-id=\"92b9a42\" data-element_type=\"container\" data-e-type=\"container\">\n\t\t\t\t\t<div class=\"e-con-inner\">\n\t\t\t\t<div class=\"elementor-element elementor-element-a7786e2 elementor-widget elementor-widget-listeo-posts-grid\" data-id=\"a7786e2\" data-element_type=\"widget\" data-e-type=\"widget\" data-widget_type=\"listeo-posts-grid.default\">\n\t\t\t\t<div class=\"elementor-widget-container\">\n\t\t\t\t\t\t\t\n\t\t<div class=\"listeo-post-grid-wrapper\">\n\t\t\t<div class=\"row\">\n\n\t\t\t\n\n\t\t\t\t\t\t\t<div class=\"col-md-4\">\n                <a href=\"https:\/\/cparici.com\/de\/audierne\/\" class=\"blog-compact-item-container\">\n                    <div class=\"blog-compact-item\">\n                        <img decoding=\"async\" width=\"577\" height=\"204\" src=\"https:\/\/cparici.com\/wp-content\/uploads\/2026\/02\/cparici-2026-02-28T081305.733-577x204.jpg\" class=\"attachment-listeo-blog-related-post size-listeo-blog-related-post wp-post-image\" alt=\"Audierne\" srcset=\"https:\/\/cparici.com\/wp-content\/uploads\/2026\/02\/cparici-2026-02-28T081305.733-577x204.jpg 577w, https:\/\/cparici.com\/wp-content\/uploads\/2026\/02\/cparici-2026-02-28T081305.733-300x106.jpg 300w, https:\/\/cparici.com\/wp-content\/uploads\/2026\/02\/cparici-2026-02-28T081305.733-1024x362.jpg 1024w, https:\/\/cparici.com\/wp-content\/uploads\/2026\/02\/cparici-2026-02-28T081305.733-768x271.jpg 768w, https:\/\/cparici.com\/wp-content\/uploads\/2026\/02\/cparici-2026-02-28T081305.733-18x6.jpg 18w, https:\/\/cparici.com\/wp-content\/uploads\/2026\/02\/cparici-2026-02-28T081305.733-590x208.jpg 590w, https:\/\/cparici.com\/wp-content\/uploads\/2026\/02\/cparici-2026-02-28T081305.733-1200x424.jpg 1200w, https:\/\/cparici.com\/wp-content\/uploads\/2026\/02\/cparici-2026-02-28T081305.733-600x212.jpg 600w, https:\/\/cparici.com\/wp-content\/uploads\/2026\/02\/cparici-2026-02-28T081305.733.jpg 1500w\" sizes=\"(max-width: 577px) 100vw, 577px\" \/><span class=\"blog-item-tag\">Audierne<\/span>                        \n                        <div class=\"blog-compact-item-content\">\n                                                        <h3>Audierne : Guide 2026 pour D\u00e9couvrir la Perle du Cap Sizun<\/h3>\n                                                        <p>Recherches populaires Categories Pas de r\u00e9sultats Voir tous les r\u00e9sultats Audierne : Guide 2026 pour...                            <\/p>\n                                                    <\/div>\n                    <\/div>\n                <\/a>\n            <\/div>\n\t\t\t<div class=\"col-md-4\">\n                <a href=\"https:\/\/cparici.com\/de\/trevignon-pointe-de-trevignon-a-tregunc-en-finistere\/\" class=\"blog-compact-item-container\">\n                    <div class=\"blog-compact-item\">\n                        <img decoding=\"async\" width=\"577\" height=\"167\" src=\"https:\/\/cparici.com\/wp-content\/uploads\/2022\/09\/Trevignon-Pointe-de-Trevignon-a-Tregunc-en-finistere-banniere.jpg\" class=\"attachment-listeo-blog-related-post size-listeo-blog-related-post wp-post-image\" alt=\"Trevignon - Pointe de Tr\u00e9vignon \u00e0 Tr\u00e9gunc en finist\u00e8re\" srcset=\"https:\/\/cparici.com\/wp-content\/uploads\/2022\/09\/Trevignon-Pointe-de-Trevignon-a-Tregunc-en-finistere-banniere.jpg 1520w, https:\/\/cparici.com\/wp-content\/uploads\/2022\/09\/Trevignon-Pointe-de-Trevignon-a-Tregunc-en-finistere-banniere-600x174.jpg 600w, https:\/\/cparici.com\/wp-content\/uploads\/2022\/09\/Trevignon-Pointe-de-Trevignon-a-Tregunc-en-finistere-banniere-768x222.jpg 768w, https:\/\/cparici.com\/wp-content\/uploads\/2022\/09\/Trevignon-Pointe-de-Trevignon-a-Tregunc-en-finistere-banniere-350x100.jpg 350w\" sizes=\"(max-width: 577px) 100vw, 577px\" \/><span class=\"blog-item-tag\">Bretagne<\/span>                        \n                        <div class=\"blog-compact-item-content\">\n                                                        <h3>Trevignon \u2013 Pointe de Tr\u00e9vignon \u00e0 Tr\u00e9gunc en finist\u00e8re<\/h3>\n                                                        <p>Pointe de Tr\u00e9vignon. Cette pointe \u00e0 d\u00e9couvrir se trouve sur la commune de Tr\u00e9gunc, mais...                            <\/p>\n                                                    <\/div>\n                    <\/div>\n                <\/a>\n            <\/div>\n\t\t\t<div class=\"col-md-4\">\n                <a href=\"https:\/\/cparici.com\/de\/ile-de-sein-guide\/\" class=\"blog-compact-item-container\">\n                    <div class=\"blog-compact-item\">\n                        <img decoding=\"async\" width=\"577\" height=\"190\" src=\"https:\/\/cparici.com\/wp-content\/uploads\/2024\/05\/ile-de-sein.jpg\" class=\"attachment-listeo-blog-related-post size-listeo-blog-related-post wp-post-image\" alt=\"ile de sein\" srcset=\"https:\/\/cparici.com\/wp-content\/uploads\/2024\/05\/ile-de-sein.jpg 1500w, https:\/\/cparici.com\/wp-content\/uploads\/2024\/05\/ile-de-sein-600x198.jpg 600w, https:\/\/cparici.com\/wp-content\/uploads\/2024\/05\/ile-de-sein-300x99.jpg 300w, https:\/\/cparici.com\/wp-content\/uploads\/2024\/05\/ile-de-sein-1024x338.jpg 1024w, https:\/\/cparici.com\/wp-content\/uploads\/2024\/05\/ile-de-sein-768x253.jpg 768w\" sizes=\"(max-width: 577px) 100vw, 577px\" \/><span class=\"blog-item-tag\">Bretagne<\/span>                        \n                        <div class=\"blog-compact-item-content\">\n                                                        <h3>Ile de Sein : guide complet pour une visite inoubliable<\/h3>\n                                                        <p>L'ile de Sein vous attend pour une escapade d\u00e9paysante et ressour\u00e7ante. Dans ce guide complet,...                            <\/p>\n                                                    <\/div>\n                    <\/div>\n                <\/a>\n            <\/div>\n  <\/div>\n        <\/div>\n        \t\t\t\t<\/div>\n\t\t\t\t<\/div>\n\t\t\t\t\t<\/div>\n\t\t\t\t<\/aside>\n\t\t\t\t<\/div>\n\t\t","protected":false},"excerpt":{"rendered":"<p>Recherches populaires Categories Pas de r\u00e9sultats Voir tous les r\u00e9sultats Plougerneau Plougerneau est une commune bretonne exceptionnelle situ\u00e9e dans le nord du Finist\u00e8re, fi\u00e8re de son littoral long de 45\u202fkm, de ses phares majestueux et de son riche patrimoine historique et religieux. \u00c0 seulement 27\u202fkm de Brest, Plougerneau invite le visiteur \u00e0 une immersion entre [&hellip;]<\/p>\n","protected":false},"author":97,"featured_media":67361,"comment_status":"closed","ping_status":"closed","sticky":false,"template":"","format":"standard","meta":{"ngg_post_thumbnail":0,"footnotes":""},"categories":[2723,478,479,477],"tags":[],"class_list":["post-67360","post","type-post","status-publish","format-standard","has-post-thumbnail","hentry","category-plougerneau","category-bretagne","category-finistere","category-france"],"_links":{"self":[{"href":"https:\/\/cparici.com\/de\/wp-json\/wp\/v2\/posts\/67360","targetHints":{"allow":["GET"]}}],"collection":[{"href":"https:\/\/cparici.com\/de\/wp-json\/wp\/v2\/posts"}],"about":[{"href":"https:\/\/cparici.com\/de\/wp-json\/wp\/v2\/types\/post"}],"author":[{"embeddable":true,"href":"https:\/\/cparici.com\/de\/wp-json\/wp\/v2\/users\/97"}],"replies":[{"embeddable":true,"href":"https:\/\/cparici.com\/de\/wp-json\/wp\/v2\/comments?post=67360"}],"version-history":[{"count":0,"href":"https:\/\/cparici.com\/de\/wp-json\/wp\/v2\/posts\/67360\/revisions"}],"wp:featuredmedia":[{"embeddable":true,"href":"https:\/\/cparici.com\/de\/wp-json\/wp\/v2\/media\/67361"}],"wp:attachment":[{"href":"https:\/\/cparici.com\/de\/wp-json\/wp\/v2\/media?parent=67360"}],"wp:term":[{"taxonomy":"category","embeddable":true,"href":"https:\/\/cparici.com\/de\/wp-json\/wp\/v2\/categories?post=67360"},{"taxonomy":"post_tag","embeddable":true,"href":"https:\/\/cparici.com\/de\/wp-json\/wp\/v2\/tags?post=67360"}],"curies":[{"name":"wp","href":"https:\/\/api.w.org\/{rel}","templated":true}]}}