{"id":67507,"date":"2025-07-11T08:46:56","date_gmt":"2025-07-11T06:46:56","guid":{"rendered":"https:\/\/cparici.com\/?p=67507"},"modified":"2026-05-01T13:34:45","modified_gmt":"2026-05-01T11:34:45","slug":"meneham","status":"publish","type":"post","link":"https:\/\/cparici.com\/de\/meneham\/","title":{"rendered":"Meneham ein Juwel der Bretagne"},"content":{"rendered":"\t\t<div data-elementor-type=\"wp-post\" data-elementor-id=\"67507\" class=\"elementor elementor-67507\" data-elementor-post-type=\"post\">\n\t\t\t\t<div class=\"elementor-element elementor-element-270fd83 e-con-full e-flex e-con e-parent\" data-id=\"270fd83\" data-element_type=\"container\" data-e-type=\"container\">\n\t\t\t\t<div class=\"elementor-element elementor-element-0e69cae elementor-widget elementor-widget-image\" data-id=\"0e69cae\" data-element_type=\"widget\" data-e-type=\"widget\" data-widget_type=\"image.default\">\n\t\t\t\t\t\t\t\t\t\t\t\t\t\t\t<img decoding=\"async\" width=\"1500\" height=\"530\" src=\"https:\/\/cparici.com\/wp-content\/uploads\/2025\/07\/cparici-42.jpg\" class=\"attachment-full size-full wp-image-67508\" alt=\"Meneham\" srcset=\"https:\/\/cparici.com\/wp-content\/uploads\/2025\/07\/cparici-42.jpg 1500w, https:\/\/cparici.com\/wp-content\/uploads\/2025\/07\/cparici-42-300x106.jpg 300w, https:\/\/cparici.com\/wp-content\/uploads\/2025\/07\/cparici-42-1024x362.jpg 1024w, https:\/\/cparici.com\/wp-content\/uploads\/2025\/07\/cparici-42-768x271.jpg 768w, https:\/\/cparici.com\/wp-content\/uploads\/2025\/07\/cparici-42-18x6.jpg 18w, https:\/\/cparici.com\/wp-content\/uploads\/2025\/07\/cparici-42-590x208.jpg 590w, https:\/\/cparici.com\/wp-content\/uploads\/2025\/07\/cparici-42-1200x424.jpg 1200w, https:\/\/cparici.com\/wp-content\/uploads\/2025\/07\/cparici-42-577x204.jpg 577w, https:\/\/cparici.com\/wp-content\/uploads\/2025\/07\/cparici-42-600x212.jpg 600w\" sizes=\"(max-width: 1500px) 100vw, 1500px\" \/>\t\t\t\t\t\t\t\t\t\t\t\t\t\t\t<\/div>\n\t\t\t\t<\/div>\n\t\t<aside class=\"elementor-element elementor-element-217f00e e-flex e-con-boxed e-con e-parent\" data-id=\"217f00e\" data-element_type=\"container\" data-e-type=\"container\">\n\t\t\t\t\t<div class=\"e-con-inner\">\n\t\t\t\t<div class=\"elementor-element elementor-element-5569340 elementor-widget elementor-widget-global elementor-global-62046 elementor-widget-eael-advanced-search\" data-id=\"5569340\" data-element_type=\"widget\" data-e-type=\"widget\" data-widget_type=\"eael-advanced-search.default\">\n\t\t\t\t\t        <div class=\"eael-adv-search-wrapper\">\n            <div id=\"eael-advanced-search-widget-5569340\" class=\"eael-advanced-search-widget\">\n                <form data-settings=\"{&quot;post_per_page&quot;:5,&quot;search_among_taxonomies&quot;:&quot;&quot;,&quot;search_among_sku&quot;:&quot;no&quot;,&quot;show_popular_keyword&quot;:0,&quot;show_category&quot;:0,&quot;show_content_image&quot;:1,&quot;show_search_result_all_results&quot;:0,&quot;result_on_new_tab&quot;:&quot;no&quot;,&quot;show_product_price&quot;:&quot;no&quot;,&quot;include_current_page&quot;:&quot;no&quot;,&quot;orderby&quot;:&quot;default&quot;,&quot;order&quot;:&quot;DESC&quot;,&quot;current_post_id&quot;:67507,&quot;post_type&quot;:[&quot;post&quot;,&quot;listing&quot;]}\" method=\"POST\" name=\"eael-advanced-search-form-5569340\" class=\"eael-advanced-search-form eael-advanced-search-form-style-2\">\n                    <div class=\"eael-advanced-search-wrap\">\n                        <span class=\"eael-adv-search-loader\"><\/span>\n                        <span class=\"eael-adv-search-close\"><i class=\"fas fa-times\"><\/i><\/span>\n                        <span class=\"icon \"><i class=\"fas fa-search\"><\/i><\/span>\n\n                        <input type=\"text\"\n                               placeholder=\"Votre destination\"\n                               class=\"eael-advanced-search\" autocomplete=\"off\" name=\"eael_advanced_search\">\n                    <\/div>\n\t\t\t\t\t                                    <\/form>\n\n\t\t\t\t\n\t\t\t\t        <div class=\"eael-advanced-search-result\">\n            <div class=\"eael-advanced-search-popular-keyword\">\n\t\t\t\t<h4 class=\"eael-advanced-search-popular-keyword-text\">Recherches populaires<\/h4>                <div class=\"eael-popular-keyword-content\"><\/div>\n            <\/div>\n            <div class=\"eael-advanced-search-category\">\n\t\t\t\t<h4 class=\"eael-advanced-search-category-text\">Categories<\/h4>                <div class=\"eael-popular-category-content\"><\/div>\n            <\/div>\n\t\t\t<div class=\"eael-advanced-search-total-results-section\">\n\t\t\t\t\t\t\t<\/div>\n            <div class=\"eael-advanced-search-content eael-item-style-3\">\n            <\/div>\n            <div class=\"eael-advanced-search-not-found\">\n                <p>Pas de r\u00e9sultats<\/p><\/div>\n            <div class=\"eael-advanced-search-load-more\">\n\t\t\t\t<a \tclass=\"eael-advanced-search-load-more-button\"\n                \thref=\"#\">Voir tous les r\u00e9sultats<\/a>\n            <\/div>\n        <\/div>\n\n\t\t            <\/div>\n        <\/div>\n\n\t\t\t\t\t\t<\/div>\n\t\t\t\t\t<\/div>\n\t\t\t\t<\/aside>\n\t\t<div class=\"elementor-element elementor-element-75741cbd e-flex e-con-boxed e-con e-parent\" data-id=\"75741cbd\" data-element_type=\"container\" data-e-type=\"container\">\n\t\t\t\t\t<div class=\"e-con-inner\">\n\t\t\t\t<div class=\"elementor-element elementor-element-628cf38c elementor-widget elementor-widget-text-editor\" data-id=\"628cf38c\" data-element_type=\"widget\" data-e-type=\"widget\" data-widget_type=\"text-editor.default\">\n\t\t\t\t\t\t\t\t\t<h1 style=\"text-align: center;\" data-start=\"86\" data-end=\"123\">MENEHAM : un joyau de Bretagne<\/h1><p data-start=\"125\" data-end=\"352\"><span class=\"relative -mx-px my-[-0.2rem] rounded px-px py-[0.2rem] transition-colors duration-100 ease-in-out\">Meneham est un <strong data-start=\"15\" data-end=\"25\">hameau<\/strong> du Finist\u00e8re, sur la commune de <a href=\"https:\/\/cparici.com\/kerlouan\/\">Kerlouan<\/a>, situ\u00e9 dans le <strong data-start=\"82\" data-end=\"96\">Pays Pagan<\/strong><\/span>. <span class=\"relative -mx-px my-[-0.2rem] rounded px-px py-[0.2rem] transition-colors duration-100 ease-in-out\">Sa renomm\u00e9e tient \u00e0 son <strong data-start=\"24\" data-end=\"42\">corps de garde<\/strong> du XVIII\u1d49 si\u00e8cle, b\u00e2ti vers 1756, positionn\u00e9 entre deux \u00e9normes blocs granitiques<\/span>. <span class=\"relative -mx-px my-[-0.2rem] rounded px-px py-[0.2rem] transition-colors duration-100 ease-in-out\">Ce bastion pr\u00e9vient les naufrages et les contrebandes, t\u00e9moin de l\u2019histoire maritime de la <strong data-start=\"91\" data-end=\"112\">C\u00f4te des L\u00e9gendes<\/strong>, face \u00e0 la Manche<\/span>.<\/p><h2 data-start=\"359\" data-end=\"382\">D\u00e9couverte de Meneham<\/h2><h3 data-start=\"359\" data-end=\"382\">Histoire & h\u00e9ritage<\/h3><ul data-start=\"384\" data-end=\"625\"><li data-start=\"384\" data-end=\"461\"><p data-start=\"386\" data-end=\"461\"><span class=\"relative -mx-px my-[-0.2rem] rounded px-px py-[0.2rem] transition-colors duration-100 ease-in-out\">D\u2019abord occup\u00e9 par des <strong data-start=\"23\" data-end=\"37\">militaires<\/strong> (miliciens puis douaniers) d\u00e8s 1756, le site b\u00e9n\u00e9ficiait de la surveillance du littoral sous ordre du duc d\u2019Aiguillon<\/span>.<\/p><\/li><li data-start=\"462\" data-end=\"543\"><p data-start=\"464\" data-end=\"543\"><span class=\"relative -mx-px my-[-0.2rem] rounded px-px py-[0.2rem] transition-colors duration-100 ease-in-out\">Comme l\u2019indique Wikip\u00e9dia, le village s\u2019est d\u00e9velopp\u00e9 au XIX\u1d49 si\u00e8cle, puis s\u2019est progressivement vid\u00e9 \u00e0 partir des ann\u00e9es 1950<\/span>.<\/p><\/li><li data-start=\"544\" data-end=\"625\"><p data-start=\"546\" data-end=\"625\"><span class=\"relative -mx-px my-[-0.2rem] rounded px-px py-[0.2rem] transition-colors duration-100 ease-in-out\">Restaur\u00e9 entre 2004 et 2009, il propose d\u00e9sormais des <strong data-start=\"54\" data-end=\"68\">chaumi\u00e8res<\/strong>, du chaume r\u00e9cup\u00e9r\u00e9 de Camargue, en r\u00e9habilitation <strong data-start=\"120\" data-end=\"137\">\u00e0 l\u2019identique<\/strong><\/span>.<\/p><\/li><\/ul>\t\t\t\t\t\t\t\t<\/div>\n\t\t\t\t\t<\/div>\n\t\t\t\t<\/div>\n\t\t<aside class=\"elementor-element elementor-element-16f04e95 e-flex e-con-boxed e-con e-parent\" data-id=\"16f04e95\" data-element_type=\"container\" data-e-type=\"container\" data-settings=\"{&quot;background_background&quot;:&quot;classic&quot;}\">\n\t\t\t\t\t<div class=\"e-con-inner\">\n\t\t\t\t<div class=\"elementor-element elementor-element-5c5c7801 elementor-widget elementor-widget-spacer\" data-id=\"5c5c7801\" data-element_type=\"widget\" data-e-type=\"widget\" data-widget_type=\"spacer.default\">\n\t\t\t\t\t\t\t<div class=\"elementor-spacer\">\n\t\t\t<div class=\"elementor-spacer-inner\"><\/div>\n\t\t<\/div>\n\t\t\t\t\t\t<\/div>\n\t\t\t\t<div class=\"elementor-element elementor-element-365814db elementor-widget elementor-widget-heading\" data-id=\"365814db\" data-element_type=\"widget\" data-e-type=\"widget\" data-widget_type=\"heading.default\">\n\t\t\t\t\t<h2 class=\"elementor-heading-title elementor-size-default\">H\u00e9bergements de Vacances Kerlouan en direct<\/h2>\t\t\t\t<\/div>\n\t\t\t\t<div class=\"elementor-element elementor-element-4abe6c3d elementor-widget elementor-widget-listeo-listings-carousel\" data-id=\"4abe6c3d\" data-element_type=\"widget\" data-e-type=\"widget\" data-widget_type=\"listeo-listings-carousel.default\">\n\t\t\t\t<div class=\"elementor-widget-container\">\n\t\t\t\t\t        <!-- Carousel \/ Start -->\n        \t<div class=\"simple-slick-carousel dots-nav\" data-slick='{&quot;autoplay&quot;:true,&quot;autoplaySpeed&quot;:3000,&quot;slidesToShow&quot;:3,&quot;slidesToScroll&quot;:1,&quot;responsive&quot;:[{&quot;breakpoint&quot;:1024,&quot;settings&quot;:{&quot;slidesToShow&quot;:2,&quot;slidesToScroll&quot;:1}},{&quot;breakpoint&quot;:768,&quot;settings&quot;:{&quot;slidesToShow&quot;:1,&quot;slidesToScroll&quot;:1}}]}'>\n                            <div class=\"fw-carousel-item\">                    \n                        <!-- Listing Item -->\r\n            <div class=\"col-lg-6 col-md-12\">\r\n                <a href=\"https:\/\/cparici.com\/de\/annonce\/villa-leonie\/\" class=\"listing-item-container listing-geo-data compact\" data-title=\"Villa L\u00e9onie\" data-listing-type=\"rental\" data-classifieds-price=\"\u20ac\" data-friendly-address=\"Kerlouan\" data-address=\"Kerlouan\" data-image=\"https:\/\/cparici.com\/wp-content\/uploads\/2025\/03\/1-520x397.jpg\" data-longitude=\"-4.357733\" data-latitude=\"48.651003\" data-rating=\"5\" data-reviews=\"31\" data-icon=\"<svg xmlns=&quot;http:\/\/www.w3.org\/2000\/svg&quot; width=&quot;800px&quot; height=&quot;800px&quot; viewBox=&quot;0 0 45 45&quot; fill=&quot;none&quot;>\n<path d=&quot;M24.155 8.78099L24.33 8.94499L37.402 21.787L36 23.213L34.2 21.445L34.201 35C34.201 36.054 33.385 36.918 32.35 36.994L32.201 37H12.201C11.147 37 10.283 36.184 10.206 35.149L10.201 35L10.2 21.446L8.402 23.213L7 21.787L20.058 8.95799C21.171 7.82199 22.966 7.75899 24.155 8.78099ZM21.569 10.285L21.473 10.372L12.2 19.481L12.201 35L17.2 34.999L17.201 25C17.201 23.946 18.017 23.082 19.052 23.005L19.201 23H25.201C26.255 23 27.119 23.816 27.196 24.851L27.201 25L27.2 34.999L32.201 35L32.2 19.48L22.901 10.344C22.537 9.98699 21.969 9.96499 21.569 10.285ZM25.201 25H19.201L19.2 34.999H25.2L25.201 25Z&quot; fill=&quot;#3C3C3C&quot;\/>\n<\/svg>\">\r\n            <div class=\"listing-item  featured-listing\">\r\n                <div class=\"listing-small-badges-container\">\r\n                                            <div class=\"listing-small-badge featured-badge\"><i class=\"fa fa-star\"><\/i> Featured<\/div>\r\n                                                                <div class=\"listing-small-badge pricing-badge\"><i class=\"fa fa-tag\"><\/i>360,00\u20ac - 800,00\u20ac<\/div>\r\n                                                            \r\n                                        \r\n                                        \r\n                <\/div>\r\n                <img decoding=\"async\" src=\"https:\/\/cparici.com\/wp-content\/uploads\/2025\/03\/1-520x397.jpg\" alt=\"Villa L\u00e9onie\" class=\"listing-thumbnail\">\r\n                \r\n\r\n                <div class=\"listing-item-content\">\r\n                                                <div class=\"numerical-rating\" data-rating=\"5.0\"><\/div>\r\n                    \r\n                    <h3> Villa L\u00e9onie <\/h3>\r\n                    <span>Kerlouan<\/span>\r\n                <\/div>\r\n                                        <span class=\"save like-icon tooltip left\" title=\"Login To Bookmark Items\"><\/span>\r\n                                                <\/div>\r\n        <\/a>\r\n                    <\/div>\r\n        \r\n\r\n        <!-- Listing Item \/ End -->\n                    <\/div>\n                          <\/div>\n        \t\t\t\t<\/div>\n\t\t\t\t<\/div>\n\t\t\t\t\t<\/div>\n\t\t\t\t<\/aside>\n\t\t<div class=\"elementor-element elementor-element-0ed3038 e-flex e-con-boxed e-con e-parent\" data-id=\"0ed3038\" data-element_type=\"container\" data-e-type=\"container\">\n\t\t\t\t\t<div class=\"e-con-inner\">\n\t\t\t\t<div class=\"elementor-element elementor-element-0577631 elementor-widget elementor-widget-text-editor\" data-id=\"0577631\" data-element_type=\"widget\" data-e-type=\"widget\" data-widget_type=\"text-editor.default\">\n\t\t\t\t\t\t\t\t\t<ul data-start=\"384\" data-end=\"625\"><li data-start=\"544\" data-end=\"625\"><p data-start=\"546\" data-end=\"625\"><span style=\"color: #222222; font-size: 15px;\">Architecture et patrimoine de Meneham<\/span><\/p><\/li><\/ul><ul data-start=\"663\" data-end=\"908\"><li data-start=\"663\" data-end=\"744\"><p data-start=\"665\" data-end=\"744\"><span class=\"relative -mx-px my-[-0.2rem] rounded px-px py-[0.2rem] transition-colors duration-100 ease-in-out\">Les <strong data-start=\"4\" data-end=\"18\">chaumi\u00e8res<\/strong> aux toits de chaume, nich\u00e9es entre les rochers, sont embl\u00e9matiques<\/span>.<\/p><\/li><\/ul><figure id=\"attachment_67514\" aria-describedby=\"caption-attachment-67514\" style=\"width: 1024px\" class=\"wp-caption aligncenter\"><a href=\"https:\/\/cparici.com\/wp-content\/uploads\/2025\/07\/cparici-43.jpg\"><img decoding=\"async\" class=\"wp-image-67514 size-large\" src=\"https:\/\/cparici.com\/wp-content\/uploads\/2025\/07\/cparici-43-1024x362.jpg\" alt=\"Meneham chaumi\u00e8res et rochers\" width=\"1024\" height=\"362\" srcset=\"https:\/\/cparici.com\/wp-content\/uploads\/2025\/07\/cparici-43-1024x362.jpg 1024w, https:\/\/cparici.com\/wp-content\/uploads\/2025\/07\/cparici-43-300x106.jpg 300w, https:\/\/cparici.com\/wp-content\/uploads\/2025\/07\/cparici-43-768x271.jpg 768w, https:\/\/cparici.com\/wp-content\/uploads\/2025\/07\/cparici-43-18x6.jpg 18w, https:\/\/cparici.com\/wp-content\/uploads\/2025\/07\/cparici-43-590x208.jpg 590w, https:\/\/cparici.com\/wp-content\/uploads\/2025\/07\/cparici-43-1200x424.jpg 1200w, https:\/\/cparici.com\/wp-content\/uploads\/2025\/07\/cparici-43-577x204.jpg 577w, https:\/\/cparici.com\/wp-content\/uploads\/2025\/07\/cparici-43-600x212.jpg 600w, https:\/\/cparici.com\/wp-content\/uploads\/2025\/07\/cparici-43.jpg 1500w\" sizes=\"(max-width: 1024px) 100vw, 1024px\" \/><\/a><figcaption id=\"caption-attachment-67514\" class=\"wp-caption-text\">Meneham chaumi\u00e8res et rochers<\/figcaption><\/figure><ul data-start=\"663\" data-end=\"908\"><li data-start=\"745\" data-end=\"826\"><p data-start=\"747\" data-end=\"826\"><span class=\"relative -mx-px my-[-0.2rem] rounded px-px py-[0.2rem] transition-colors duration-100 ease-in-out\">Le <strong data-start=\"3\" data-end=\"20\">four \u00e0 go\u00e9mon<\/strong> : trap\u00e9zo\u00efdal, exploit\u00e9 pour produire de la soude et de l\u2019iode, rappelant l\u2019activit\u00e9 maritime ancienne<\/span>.<\/p><\/li><\/ul><h3 data-start=\"829\" data-end=\"908\"><span class=\"relative -mx-px my-[-0.2rem] rounded px-px py-[0.2rem] transition-colors duration-100 ease-in-out\">Le <strong data-start=\"3\" data-end=\"21\">corps de garde de Meneham<\/strong><\/span><\/h3><p><span class=\"relative -mx-px my-[-0.2rem] rounded px-px py-[0.2rem] transition-colors duration-100 ease-in-out\">Le <strong data-start=\"3\" data-end=\"32\">corps de garde de Meneham<\/strong>, \u2013 brique ma\u00eetresse du site, avec toit de pierre, figure historique et atout visuel \u2013 \u00e9rig\u00e9 vers 1756 \u00e0 21\u202fm au\u2011dessus du niveau de la mer, est le tout premier \u00e9difice du hameau, construit parmi les rochers pour surveiller la c\u00f4te bretonne et pr\u00e9venir contrebandes et naufrages<\/span>. <span class=\"relative -mx-px my-[-0.2rem] rounded px-px py-[0.2rem] transition-colors duration-100 ease-in-out\">Strat\u00e9gique et imposant, ce poste de guet command\u00e9 par le duc d\u2019Aiguillon est tourn\u00e9 vers la mer, avec un toit de pierre pour r\u00e9sister aux temp\u00eates et d\u00e9courager le vol de charpente<\/span>. <span class=\"relative -mx-px my-[-0.2rem] rounded px-px py-[0.2rem] transition-colors duration-100 ease-in-out\">Il a ensuite accueilli miliciens, puis douaniers d\u00e8s 1792, contribuant \u00e0 l\u2019histoire maritime et douani\u00e8re de Meneham<\/span>. Accessible gratuitement, c\u2019est un symbole fort de la <strong data-start=\"325\" data-end=\"346\">C\u00f4te des L\u00e9gendes<\/strong> et un incontournable d\u2019un s\u00e9jour en Finist\u00e8re.<\/p><h3 data-start=\"915\" data-end=\"936\">Nature et paysages<\/h3><ul data-start=\"938\" data-end=\"1183\"><li data-start=\"938\" data-end=\"1019\"><p data-start=\"940\" data-end=\"1019\"><span class=\"relative -mx-px my-[-0.2rem] rounded px-px py-[0.2rem] transition-colors duration-100 ease-in-out\">En plein c\u0153ur de la <strong data-start=\"20\" data-end=\"41\">C\u00f4te des L\u00e9gendes<\/strong>, Meneham offre un d\u00e9cor sauvage, entre <strong data-start=\"81\" data-end=\"106\">plages de sable blanc<\/strong>, dunes et chaos de granit<\/span>.<\/p><\/li><li data-start=\"1020\" data-end=\"1101\"><p data-start=\"1022\" data-end=\"1101\"><span class=\"relative -mx-px my-[-0.2rem] rounded px-px py-[0.2rem] transition-colors duration-100 ease-in-out\">Le lieu est souvent compar\u00e9 \u00e0 des paysages envo\u00fbtants, parfois qualifi\u00e9s \u00ab\u202fd\u2019autre monde\u202f\u00bb\u202f<\/span>.<\/p><\/li><li data-start=\"1102\" data-end=\"1183\"><p data-start=\"1104\" data-end=\"1183\"><span class=\"relative -mx-px my-[-0.2rem] rounded px-px py-[0.2rem] transition-colors duration-100 ease-in-out\">Point de d\u00e9part du c\u00e9l\u00e8bre <strong data-start=\"27\" data-end=\"59\"><a href=\"https:\/\/cparici.com\/gr-34\/\">GR34<\/a> (sentier des douaniers)<\/strong>, offrant de splendides balades<\/span>.<\/p><\/li><\/ul><h3 data-start=\"1190\" data-end=\"1215\">Activit\u00e9s et animation<\/h3><ul data-start=\"1217\" data-end=\"1462\"><li data-start=\"1217\" data-end=\"1298\"><p data-start=\"1219\" data-end=\"1298\"><span class=\"relative -mx-px my-[-0.2rem] rounded px-px py-[0.2rem] transition-colors duration-100 ease-in-out\">Le site est anim\u00e9 : <strong data-start=\"20\" data-end=\"43\">ateliers artisanaux<\/strong> (mus\u00e9e, sabotier, exposition) et un <strong data-start=\"80\" data-end=\"102\">restaurant-auberge<\/strong>\u202f<\/span>.<\/p><\/li><li data-start=\"1299\" data-end=\"1380\"><p data-start=\"1301\" data-end=\"1380\"><span class=\"relative -mx-px my-[-0.2rem] rounded px-px py-[0.2rem] transition-colors duration-100 ease-in-out\">On y trouve un <strong data-start=\"15\" data-end=\"31\">g\u00eete d\u2019\u00e9tape<\/strong> charmant, une boutique, un espace mus\u00e9ographique\u2026 acc\u00e8s libre et gratuit<\/span>.<\/p><\/li><li data-start=\"1381\" data-end=\"1462\"><p data-start=\"1383\" data-end=\"1462\"><span class=\"relative -mx-px my-[-0.2rem] rounded px-px py-[0.2rem] transition-colors duration-100 ease-in-out\">Activit\u00e9s vari\u00e9es : balade, randonn\u00e9e, <strong data-start=\"39\" data-end=\"51\">escalade<\/strong>, nautisme<\/span>.<\/p><\/li><\/ul><h2 data-start=\"1469\" data-end=\"1499\">Pourquoi visiter Meneham\u202f?<\/h2><ul data-start=\"1501\" data-end=\"1668\"><li data-start=\"1501\" data-end=\"1542\"><p data-start=\"1503\" data-end=\"1542\"><span class=\"relative -mx-px my-[-0.2rem] rounded px-px py-[0.2rem] transition-colors duration-100 ease-in-out\"><strong data-start=\"0\" data-end=\"21\" data-is-only-node=\"\">Patrimoine vivant<\/strong> : un lieu restaur\u00e9, symbole historique fort avec ses chaumi\u00e8res et son four \u00e0 go\u00e9mon.<\/span><\/p><\/li><li data-start=\"1543\" data-end=\"1584\"><p data-start=\"1545\" data-end=\"1584\"><span class=\"relative -mx-px my-[-0.2rem] rounded px-px py-[0.2rem] transition-colors duration-100 ease-in-out\"><strong data-start=\"0\" data-end=\"27\" data-is-only-node=\"\">Paysages spectaculaires<\/strong> : rochers sculpt\u00e9s, plages immacul\u00e9es, atmosph\u00e8re \u00ab\u202fsauvage\u202f\u00bb.<\/span><\/p><\/li><li data-start=\"1585\" data-end=\"1626\"><p data-start=\"1587\" data-end=\"1626\"><span class=\"relative -mx-px my-[-0.2rem] rounded px-px py-[0.2rem] transition-colors duration-100 ease-in-out\"><strong data-start=\"0\" data-end=\"24\" data-is-only-node=\"\">Ambiance authentique<\/strong> : ateliers d\u2019artisans, auberge locale et convivialit\u00e9.<\/span><\/p><\/li><li data-start=\"1627\" data-end=\"1668\"><p data-start=\"1629\" data-end=\"1668\"><span class=\"relative -mx-px my-[-0.2rem] rounded px-px py-[0.2rem] transition-colors duration-100 ease-in-out\"><strong data-start=\"0\" data-end=\"17\" data-is-only-node=\"\">Accessibilit\u00e9<\/strong> : proche du GR34, facilement accessible depuis Brest ou Lesneven.<\/span><\/p><\/li><\/ul><h3 data-start=\"1675\" data-end=\"1697\">Conseils pratiques<\/h3><div class=\"_tableContainer_80l1q_1\"><div class=\"_tableWrapper_80l1q_14 group flex w-fit flex-col-reverse\" tabindex=\"-1\"><table class=\"w-fit min-w-(--thread-content-width)\" data-start=\"1699\" data-end=\"2044\"><thead data-start=\"1699\" data-end=\"1717\"><tr data-start=\"1699\" data-end=\"1717\"><th data-start=\"1699\" data-end=\"1706\" data-col-size=\"sm\">Info<\/th><th data-start=\"1706\" data-end=\"1717\" data-col-size=\"sm\">D\u00e9tails<\/th><\/tr><\/thead><tbody data-start=\"1737\" data-end=\"2044\"><tr data-start=\"1737\" data-end=\"1788\"><td data-start=\"1737\" data-end=\"1745\" data-col-size=\"sm\">Acc\u00e8s<\/td><td data-start=\"1745\" data-end=\"1788\" data-col-size=\"sm\"><span class=\"relative -mx-px my-[-0.2rem] rounded px-px py-[0.2rem] transition-colors duration-100 ease-in-out\">Via Kerlouan, \u00e0 100\u202fm du GR34<\/span><\/td><\/tr><tr data-start=\"1789\" data-end=\"1874\"><td data-start=\"1789\" data-end=\"1831\" data-col-size=\"sm\"><span class=\"relative -mx-px my-[-0.2rem] rounded px-px py-[0.2rem] transition-colors duration-100 ease-in-out\">P\u00e9riode \u00e0 privil\u00e9gier<\/span><\/td><td data-start=\"1831\" data-end=\"1874\" data-col-size=\"sm\"><span class=\"relative -mx-px my-[-0.2rem] rounded px-px py-[0.2rem] transition-colors duration-100 ease-in-out\">Printemps\/\u00e9t\u00e9 \u2013 animations, visites guid\u00e9es<\/span><\/td><\/tr><tr data-start=\"1875\" data-end=\"1930\"><td data-start=\"1875\" data-end=\"1887\" data-col-size=\"sm\">\u00c0 pr\u00e9voir<\/td><td data-start=\"1887\" data-end=\"1930\" data-col-size=\"sm\"><span class=\"relative -mx-px my-[-0.2rem] rounded px-px py-[0.2rem] transition-colors duration-100 ease-in-out\">Chaussures de randonn\u00e9e, appareil photo<\/span><\/td><\/tr><tr data-start=\"1931\" data-end=\"1989\"><td data-start=\"1931\" data-end=\"1946\" data-col-size=\"sm\">H\u00e9bergements<\/td><td data-start=\"1946\" data-end=\"1989\" data-col-size=\"sm\"><span class=\"relative -mx-px my-[-0.2rem] rounded px-px py-[0.2rem] transition-colors duration-100 ease-in-out\">G\u00eete on\u2011site, auberge, campings ou B&B alentour<\/span><\/td><\/tr><tr data-start=\"1990\" data-end=\"2044\"><td data-start=\"1990\" data-end=\"2001\" data-col-size=\"sm\">Gratuit\u00e9<\/td><td data-start=\"2001\" data-end=\"2044\" data-col-size=\"sm\"><span class=\"relative -mx-px my-[-0.2rem] rounded px-px py-[0.2rem] transition-colors duration-100 ease-in-out\">Village accessible toute l\u2019ann\u00e9e gratuitement<\/span><\/td><\/tr><\/tbody><\/table><div class=\"sticky end-(--thread-content-margin) h-0 self-end select-none\"><div class=\"absolute end-0 flex items-end\">\u00a0<\/div><\/div><\/div><\/div><h2 data-start=\"44\" data-end=\"197\"><span class=\"relative -mx-px my-[-0.2rem] rounded px-px py-[0.2rem] transition-colors duration-100 ease-in-out\">Le <strong data-start=\"3\" data-end=\"27\">Bistrot des L\u00e9gendes<\/strong> \u00e0 Meneham<\/span><\/h2><p data-start=\"44\" data-end=\"197\"><span class=\"relative -mx-px my-[-0.2rem] rounded px-px py-[0.2rem] transition-colors duration-100 ease-in-out\">Le <strong data-start=\"3\" data-end=\"27\">Bistrot des L\u00e9gendes<\/strong> \u00e0 Meneham, nich\u00e9 entre les rochers de granit sur la <strong data-start=\"80\" data-end=\"101\">C\u00f4te des L\u00e9gendes<\/strong>, est l\u2019adresse incontournable pour une <strong data-start=\"141\" data-end=\"160\">pause gourmande<\/strong> dans un cadre authentiquement breton<\/span>. <span class=\"relative -mx-px my-[-0.2rem] rounded px-px py-[0.2rem] transition-colors duration-100 ease-in-out\">Restaur\u00e9 dans l\u2019ancien bistrot du village, ce restaurant-bar propose une cuisine de <strong data-start=\"84\" data-end=\"95\">terroir<\/strong> pr\u00e9par\u00e9e avec des produits frais et de saison, dans une ambiance conviviale et chaleureuse<\/span>.<\/p><p data-start=\"199\" data-end=\"352\"><span class=\"relative -mx-px my-[-0.2rem] rounded px-px py-[0.2rem] transition-colors duration-100 ease-in-out\">La carte met en avant des sp\u00e9cialit\u00e9s r\u00e9gionales embl\u00e9matiques, comme le traditionnel <strong data-start=\"86\" data-end=\"101\">kig ha farz<\/strong>, ainsi que des galettes bretonnes garnies d\u2019ingr\u00e9dients locaux (andouille de Gu\u00e9m\u00e9n\u00e9, fromage de ch\u00e8vre fermier)<\/span>. <span class=\"relative -mx-px my-[-0.2rem] rounded px-px py-[0.2rem] transition-colors duration-100 ease-in-out\">\u00c0 la fin du repas, les douceurs typiquement bretonnes \u2013 <strong data-start=\"56\" data-end=\"70\">far breton<\/strong>, kouign\u2011aman, cr\u00eapes \u2013 et les glaces locales offrent la touche gourmande parfaite<\/span> <span class=\"\" data-state=\"closed\"><span class=\"ms-1 inline-flex max-w-full items-center relative top-[-0.094rem] animate-[show_150ms_ease-in]\"><a class=\"flex h-4.5 overflow-hidden rounded-xl px-2 text-[9px] font-medium text-token-text-secondary! bg-[#F4F4F4]! dark:bg-[#303030]! transition-colors duration-150 ease-in-out\" href=\"https:\/\/www.meneham.bzh\/pratique\/manger-a-meneham\/?utm_source=chatgpt.com\" target=\"_blank\" rel=\"noopener\"><span class=\"relative start-0 bottom-0 flex h-full w-full items-center\"><span class=\"flex h-4 w-full items-center justify-between overflow-hidden\"><span class=\"max-w-full grow truncate overflow-hidden text-center\">Meneham<\/span><\/span><\/span><\/a><\/span><\/span>.<\/p><figure id=\"attachment_67515\" aria-describedby=\"caption-attachment-67515\" style=\"width: 1024px\" class=\"wp-caption aligncenter\"><a href=\"https:\/\/cparici.com\/wp-content\/uploads\/2025\/07\/cparici-44.jpg\"><img decoding=\"async\" class=\"wp-image-67515 size-large\" src=\"https:\/\/cparici.com\/wp-content\/uploads\/2025\/07\/cparici-44-1024x362.jpg\" alt=\"Le bistrot des l\u00e9gendes Meneham\" width=\"1024\" height=\"362\" srcset=\"https:\/\/cparici.com\/wp-content\/uploads\/2025\/07\/cparici-44-1024x362.jpg 1024w, https:\/\/cparici.com\/wp-content\/uploads\/2025\/07\/cparici-44-300x106.jpg 300w, https:\/\/cparici.com\/wp-content\/uploads\/2025\/07\/cparici-44-768x271.jpg 768w, https:\/\/cparici.com\/wp-content\/uploads\/2025\/07\/cparici-44-18x6.jpg 18w, https:\/\/cparici.com\/wp-content\/uploads\/2025\/07\/cparici-44-590x208.jpg 590w, https:\/\/cparici.com\/wp-content\/uploads\/2025\/07\/cparici-44-1200x424.jpg 1200w, https:\/\/cparici.com\/wp-content\/uploads\/2025\/07\/cparici-44-577x204.jpg 577w, https:\/\/cparici.com\/wp-content\/uploads\/2025\/07\/cparici-44-600x212.jpg 600w, https:\/\/cparici.com\/wp-content\/uploads\/2025\/07\/cparici-44.jpg 1500w\" sizes=\"(max-width: 1024px) 100vw, 1024px\" \/><\/a><figcaption id=\"caption-attachment-67515\" class=\"wp-caption-text\">Meneham sur la c\u00f4te des l\u00e9gendes<\/figcaption><\/figure><p data-start=\"354\" data-end=\"594\"><span class=\"relative -mx-px my-[-0.2rem] rounded px-px py-[0.2rem] transition-colors duration-100 ease-in-out\">L\u2019accueil y est unanimement salu\u00e9\u202f: \u00ab\u202fservice souriant\u202f\u00bb, \u00ab\u202fpersonnel au top\u202f\u00bb, \u00ab\u202fserveuse connaissant parfaitement la carte\u202f\u00bb<\/span>. <span class=\"relative -mx-px my-[-0.2rem] rounded px-px py-[0.2rem] transition-colors duration-100 ease-in-out\">Le cadre est \u00e9galement mis en avant par les visiteurs\u202f: site bucolique, terrasse en front de mer, d\u00e9cor familial et ambiance feutr\u00e9e<\/span> . <span class=\"relative -mx-px my-[-0.2rem] rounded px-px py-[0.2rem] transition-colors duration-100 ease-in-out\">Quelques avis mentionnent que le prix est un peu \u00e9lev\u00e9, mais g\u00e9n\u00e9reux en portions<\/span>.<\/p><p data-start=\"596\" data-end=\"887\"><span class=\"relative -mx-px my-[-0.2rem] rounded px-px py-[0.2rem] transition-colors duration-100 ease-in-out\">Le <strong data-start=\"3\" data-end=\"27\">Bistrot des L\u00e9gendes<\/strong> accueille jusqu\u2019\u00e0 55 couverts en salle et 56 couverts hors\u2011saison, avec terrasse et Wi\u2011Fi, accessible aux personnes \u00e0 mobilit\u00e9 r\u00e9duite et aux groupes<\/span>. <span class=\"relative -mx-px my-[-0.2rem] rounded px-px py-[0.2rem] transition-colors duration-100 ease-in-out\">Ouvert tous les jours de 10h30 \u00e0 21h (carte r\u00e9duite l\u2019apr\u00e8s-midi), il est conseill\u00e9 de r\u00e9server, surtout en haute saison<\/span>. Le restaurant s\u2019inscrit parfaitement dans la visite du hameau de Meneham, point de halte gourmande pour les randonneurs du GR\u00ae34.<\/p><p data-start=\"889\" data-end=\"1159\">En r\u00e9sum\u00e9, le <strong data-start=\"903\" data-end=\"938\">Bistrot des L\u00e9gendes de Meneham<\/strong> est un lieu id\u00e9al pour allier <strong data-start=\"969\" data-end=\"983\">patrimoine<\/strong>, <strong data-start=\"985\" data-end=\"1009\">gastronomie bretonne<\/strong> et <strong data-start=\"1013\" data-end=\"1036\">ambiance conviviale<\/strong> dans un environnement naturel exceptionnel. Parfait pour une halte savoureuse apr\u00e8s une balade sur la <em data-start=\"1139\" data-end=\"1158\">C\u00f4te des L\u00e9gendes<\/em>.<\/p><h2 data-start=\"889\" data-end=\"1159\"><span class=\"relative -mx-px my-[-0.2rem] rounded px-px py-[0.2rem] transition-colors duration-100 ease-in-out\">Le <strong data-start=\"3\" data-end=\"31\">Camping Plage de Meneham<\/strong><\/span><\/h2><p data-start=\"44\" data-end=\"197\"><span class=\"relative -mx-px my-[-0.2rem] rounded px-px py-[0.2rem] transition-colors duration-100 ease-in-out\">Le <strong data-start=\"3\" data-end=\"31\">Camping Plage de Meneham<\/strong>, situ\u00e9 \u00e0 Kerlouan sur la <strong data-start=\"57\" data-end=\"78\">C\u00f4te des L\u00e9gendes<\/strong>, est un v\u00e9ritable joyau pour les amoureux de la nature. Avec un <strong data-start=\"143\" data-end=\"181\">acc\u00e8s direct \u00e0 la plage de Meneham<\/strong> et au GR\u00ae34, il offre une immersion unique dans un d\u00e9cor de sable blanc, rochers de granit et dunes sauvages<\/span>. <span class=\"relative -mx-px my-[-0.2rem] rounded px-px py-[0.2rem] transition-colors duration-100 ease-in-out\">Id\u00e9al pour les familles comme pour les randonneurs, ce camping 2 \u00e9toiles propose des <strong data-start=\"85\" data-end=\"110\">emplacements spacieux<\/strong> pour tentes, caravanes et camping-cars, ainsi que <strong data-start=\"161\" data-end=\"190\" data-is-last-node=\"\">mobile-homes tout confort<\/strong><\/span>.<\/p><h3 data-start=\"44\" data-end=\"197\"><span class=\"relative -mx-px my-[-0.2rem] rounded px-px py-[0.2rem] transition-colors duration-100 ease-in-out\">Le <strong data-start=\"3\" data-end=\"31\">Camping Plage de Meneham \u2013 dates d\u2019ouverture<\/strong><\/span><\/h3><p data-start=\"199\" data-end=\"431\"><span class=\"relative -mx-px my-[-0.2rem] rounded px-px py-[0.2rem] transition-colors duration-100 ease-in-out\">Ouvert du 1er juin au 15 septembre 2025 (emplacements) et locations du 30 mai au 5 septembre, il accueille jusqu\u2019\u00e0 100 emplacements, 60 avec \u00e9lectricit\u00e9, et autorise les animaux de compagnie<\/span>. <span class=\"relative -mx-px my-[-0.2rem] rounded px-px py-[0.2rem] transition-colors duration-100 ease-in-out\">Les installations comprennent <strong data-start=\"30\" data-end=\"60\">aires de jeux pour enfants<\/strong>, terrain de p\u00e9tanque, tennis, ping-pong, lave-linge et sanitaires adapt\u00e9s<\/span> . <span class=\"relative -mx-px my-[-0.2rem] rounded px-px py-[0.2rem] transition-colors duration-100 ease-in-out\">De plus, les <strong data-start=\"13\" data-end=\"38\">aires de camping-cars<\/strong> sont dot\u00e9es de points d\u2019eau et d\u2019\u00e9vacuation sp\u00e9cifiques<\/span>.<\/p><p data-start=\"433\" data-end=\"594\"><span class=\"relative -mx-px my-[-0.2rem] rounded px-px py-[0.2rem] transition-colors duration-100 ease-in-out\">Les campeurs appr\u00e9cient l\u2019<strong data-start=\"26\" data-end=\"48\">accueil chaleureux<\/strong> et l\u2019ambiance familiale : \u201ccalm and peaceful\u201d, \u201cvery clean facilities\u201d, \u201clarge beautiful beach\u201d<\/span>. <span class=\"relative -mx-px my-[-0.2rem] rounded px-px py-[0.2rem] transition-colors duration-100 ease-in-out\">Les amateurs de plage et sports nautiques profiteront d\u2019activit\u00e9s comme la p\u00eache, la baignade et la cueillette de coquillages au plus pr\u00e8s du littoral<\/span> .<\/p><figure id=\"attachment_67517\" aria-describedby=\"caption-attachment-67517\" style=\"width: 1024px\" class=\"wp-caption aligncenter\"><a href=\"https:\/\/cparici.com\/wp-content\/uploads\/2025\/07\/cparici-45.jpg\"><img decoding=\"async\" class=\"wp-image-67517 size-large\" src=\"https:\/\/cparici.com\/wp-content\/uploads\/2025\/07\/cparici-45-1024x362.jpg\" alt=\"Meneham itin\u00e9raire\" width=\"1024\" height=\"362\" srcset=\"https:\/\/cparici.com\/wp-content\/uploads\/2025\/07\/cparici-45-1024x362.jpg 1024w, https:\/\/cparici.com\/wp-content\/uploads\/2025\/07\/cparici-45-300x106.jpg 300w, https:\/\/cparici.com\/wp-content\/uploads\/2025\/07\/cparici-45-768x271.jpg 768w, https:\/\/cparici.com\/wp-content\/uploads\/2025\/07\/cparici-45-18x6.jpg 18w, https:\/\/cparici.com\/wp-content\/uploads\/2025\/07\/cparici-45-590x208.jpg 590w, https:\/\/cparici.com\/wp-content\/uploads\/2025\/07\/cparici-45-1200x424.jpg 1200w, https:\/\/cparici.com\/wp-content\/uploads\/2025\/07\/cparici-45-577x204.jpg 577w, https:\/\/cparici.com\/wp-content\/uploads\/2025\/07\/cparici-45-600x212.jpg 600w, https:\/\/cparici.com\/wp-content\/uploads\/2025\/07\/cparici-45.jpg 1500w\" sizes=\"(max-width: 1024px) 100vw, 1024px\" \/><\/a><figcaption id=\"caption-attachment-67517\" class=\"wp-caption-text\">Meneham<\/figcaption><\/figure><p data-start=\"596\" data-end=\"757\"><span class=\"relative -mx-px my-[-0.2rem] rounded px-px py-[0.2rem] transition-colors duration-100 ease-in-out\">L\u2019emplacement du camping facilite l\u2019exploration du <strong data-start=\"51\" data-end=\"82\">village restaur\u00e9 de Meneham<\/strong> \u00e0 seulement 300\u2013400\u202fm, et permet de d\u00e9couvrir ses chaumi\u00e8res, son corps de garde et ses ateliers artisanaux<\/span>. <span class=\"relative -mx-px my-[-0.2rem] rounded px-px py-[0.2rem] transition-colors duration-100 ease-in-out\">\u00c0 proximit\u00e9 (3 km), on trouve commerces et boulangerie \u00e0 Kerlouan, facilitant les courses pendant votre s\u00e9jour<\/span>.<\/p><p data-start=\"759\" data-end=\"1017\">En r\u00e9sum\u00e9, le <strong data-start=\"773\" data-end=\"801\">camping Plage de Meneham<\/strong> est une option parfaite pour un s\u00e9jour breton authentique : confort vari\u00e9 (emplacements ou mobil\u2011homes), ambiance conviviale, animations nature, et situation exceptionnelle en premi\u00e8re ligne sur la plage de Meneham.<\/p><h2 data-start=\"759\" data-end=\"1017\">Meneham Itin\u00e9raire<\/h2><p data-start=\"72\" data-end=\"527\">Organisez votre <strong data-start=\"88\" data-end=\"112\">itin\u00e9raire \u00e0 Meneham<\/strong> pour d\u00e9couvrir l\u2019un des plus beaux tr\u00e9sors bretons. Commencez votre voyage depuis <strong data-start=\"195\" data-end=\"207\">Kerlouan<\/strong>, point de d\u00e9part id\u00e9al. \u00c0 pied : prenez le <strong data-start=\"251\" data-end=\"260\">GR\u00ae34<\/strong> vers le nord sur environ 1\u202fkm \u00e0 travers dunes et chaos de granit jusqu\u2019\u00e0 l\u2019entr\u00e9e du hameau\u202f; c\u2019est l\u2019itin\u00e9raire le plus pittoresque. En voiture : suivez la D17 jusqu\u2019au parking de Meneham, puis marchez 5\u202fminutes via le sentier balis\u00e9 vers le <strong data-start=\"504\" data-end=\"526\">village de Meneham<\/strong>.<\/p><p data-start=\"529\" data-end=\"583\">Sur place, int\u00e9grez un itin\u00e9raire complet comprenant\u202f:<\/p><ul data-start=\"584\" data-end=\"899\"><li data-start=\"584\" data-end=\"657\"><p data-start=\"586\" data-end=\"657\">visite du <strong data-start=\"596\" data-end=\"614\">corps de garde<\/strong> du XVIII\u1d49 si\u00e8cle, point fort historique.<\/p><\/li><li data-start=\"658\" data-end=\"778\"><p data-start=\"660\" data-end=\"778\">d\u00e9couverte des <strong data-start=\"675\" data-end=\"689\">chaumi\u00e8res<\/strong> et du <strong data-start=\"696\" data-end=\"713\">four \u00e0 go\u00e9mon<\/strong>, utilisant l\u2019itin\u00e9raire p\u00e9dagogique avec panneaux explicatifs.<\/p><\/li><li data-start=\"779\" data-end=\"899\"><p data-start=\"781\" data-end=\"899\">balade sur les sentiers c\u00f4tiers jusqu\u2019\u00e0 la <strong data-start=\"824\" data-end=\"844\">plage de Meneham<\/strong>, parfait pour se d\u00e9tendre au bout de votre itin\u00e9raire.<\/p><\/li><\/ul><p data-start=\"901\" data-end=\"1249\">Pour prolonger l\u2019itin\u00e9raire, empruntez le GR\u00ae34 en direction de la <strong data-start=\"968\" data-end=\"989\">C\u00f4te des L\u00e9gendes<\/strong>, vers la plage de Keremma ou les menhirs alentours. Cet itin\u00e9raire boucle en revenant via les <strong data-start=\"1084\" data-end=\"1113\">vieux chemins de Kerlouan<\/strong>, totalisant 6 \u00e0 8\u202fkm de d\u00e9couverte naturelle et culturelle. Pr\u00e9voyez 3 \u00e0 4\u202fh, chaussures de marche, bouteille\u202fd\u2019eau et appareil photo\u202f!<\/p><p data-start=\"1251\" data-end=\"1375\">Cet itin\u00e9raire \u00e0 Meneham combine <strong data-start=\"1284\" data-end=\"1294\">nature<\/strong>, <strong data-start=\"1296\" data-end=\"1310\">patrimoine<\/strong> et <strong data-start=\"1314\" data-end=\"1326\">panorama<\/strong>, parfait pour une <strong data-start=\"1345\" data-end=\"1366\">escapade bretonne<\/strong> r\u00e9ussie.<\/p><h2 data-start=\"86\" data-end=\"130\">La plage de Meneham<\/h2><p data-start=\"131\" data-end=\"284\"><span class=\"relative -mx-px my-[-0.2rem] rounded px-px py-[0.2rem] transition-colors duration-100 ease-in-out\">La <strong data-start=\"3\" data-end=\"23\">plage de Meneham<\/strong>, proche imm\u00e9diate de l\u2019hameau restaur\u00e9, s\u2019\u00e9tend sur pr\u00e8s de 2\u202fkm de <strong data-start=\"92\" data-end=\"105\">sable fin<\/strong> entre de majestueux <strong data-start=\"126\" data-end=\"147\" data-is-last-node=\"\">rochers de granit<\/strong><\/span>. <span class=\"relative -mx-px my-[-0.2rem] rounded px-px py-[0.2rem] transition-colors duration-100 ease-in-out\">Sauvage et peu am\u00e9nag\u00e9e, elle offre un cadre presque vierge. Id\u00e9ale pour les amoureux de la nature, les <strong data-start=\"104\" data-end=\"118\">promenades<\/strong>, la photographie ou le farniente hors des foules. Baignade \u00e0 surveiller (non surveill\u00e9e), mais l\u2019eau y est <strong data-start=\"226\" data-end=\"241\">cristalline<\/strong> et souvent compar\u00e9e aux <strong data-start=\"266\" data-end=\"280\" data-is-last-node=\"\">Seychelles<\/strong><\/span> .<\/p><h3 data-start=\"291\" data-end=\"339\">Plage du C\u2019hi Du : crique intime et intime<\/h3><p data-start=\"340\" data-end=\"416\"><span class=\"relative -mx-px my-[-0.2rem] rounded px-px py-[0.2rem] transition-colors duration-100 ease-in-out\">Juste en contrebas du hameau, la <strong data-start=\"33\" data-end=\"53\">plage du C\u2019hi Du<\/strong> (ou Plage du C\u2019hi Du de Kerlouan) est une petite crique nich\u00e9e entre dunes et chaos granitiques. Plus intime que la plage principale, elle s\u00e9duit par son ambiance <strong data-start=\"217\" data-end=\"229\">paisible<\/strong>, son sable prot\u00e9g\u00e9 des vagues, parfaite pour les familles ou les moments de tranquillit\u00e9<\/span>.<\/p><h3 data-start=\"423\" data-end=\"472\">Plage de Boutrouilles : active et familiale<\/h3><p data-start=\"473\" data-end=\"630\"><span class=\"relative -mx-px my-[-0.2rem] rounded px-px py-[0.2rem] transition-colors duration-100 ease-in-out\">\u00c0 quelques minutes de Meneham, la <strong data-start=\"34\" data-end=\"59\">plage de Boutrouilles<\/strong> est la plus anim\u00e9e de Kerlouan. Supervision en \u00e9t\u00e9, \u00e9coles de voile et activit\u00e9s nautiques en font un spot <strong data-start=\"167\" data-end=\"179\">familial<\/strong> tr\u00e8s pris\u00e9<\/span>. <span class=\"relative -mx-px my-[-0.2rem] rounded px-px py-[0.2rem] transition-colors duration-100 ease-in-out\">Son sable blanc \u00e9clatant et ses amas rocheux cr\u00e9ent un d\u00e9cor photog\u00e9nique appr\u00e9ci\u00e9 des vacanciers<\/span>.<\/p><h3 data-start=\"637\" data-end=\"678\">Nodeven \/ Rudoloc : nature paisible<\/h3><p data-start=\"679\" data-end=\"799\"><span class=\"relative -mx-px my-[-0.2rem] rounded px-px py-[0.2rem] transition-colors duration-100 ease-in-out\">La <strong data-start=\"3\" data-end=\"28\">plage Nodeven Rudoloc<\/strong> (ou Nodewen) offre une vaste \u00e9tendue de sable fin bord\u00e9e de dunes. Elle b\u00e9n\u00e9ficie d\u2019une ambiance plus <strong data-start=\"131\" data-end=\"155\">naturelle et sauvage<\/strong>, id\u00e9ale pour les longues marches, la p\u00eache \u00e0 pied ou l\u2019observation des oiseaux<\/span>. <span class=\"relative -mx-px my-[-0.2rem] rounded px-px py-[0.2rem] transition-colors duration-100 ease-in-out\">Peu connue, elle est moins fr\u00e9quent\u00e9e tout en rappelant l\u2019esth\u00e9tique de Meneham, mais avec plus d\u2019espace.<\/span><\/p><h3 data-start=\"806\" data-end=\"866\">Plage de Neiz Vran (Kareg Hir) : dunes et embarcations<\/h3><p data-start=\"867\" data-end=\"947\"><span class=\"relative -mx-px my-[-0.2rem] rounded px-px py-[0.2rem] transition-colors duration-100 ease-in-out\">La <strong data-start=\"3\" data-end=\"25\">plage de Neiz Vran<\/strong>, aussi appel\u00e9e <strong data-start=\"41\" data-end=\"54\">Kareg Hir<\/strong>, est une grande \u00e9tendue sablonneuse id\u00e9ale pour les activit\u00e9s nautiques. Quelques barques y mouillent l\u2019\u00e9t\u00e9, et ses <strong data-start=\"171\" data-end=\"189\">dunes sauvages<\/strong> offrent un cadre authentique, propice \u00e0 la contemplation<\/span>.<\/p><h3 data-start=\"954\" data-end=\"985\">Comparatif en un coup d\u2019\u0153il<\/h3><div class=\"_tableContainer_80l1q_1\"><div class=\"_tableWrapper_80l1q_14 group flex w-fit flex-col-reverse\" tabindex=\"-1\"><table class=\"w-fit min-w-(--thread-content-width)\" data-start=\"987\" data-end=\"1637\"><thead data-start=\"987\" data-end=\"1071\"><tr data-start=\"987\" data-end=\"1071\"><th data-start=\"987\" data-end=\"1007\" data-col-size=\"sm\">Plage<\/th><th data-start=\"1007\" data-end=\"1027\" data-col-size=\"sm\">Ambiance<\/th><th data-start=\"1027\" data-end=\"1050\" data-col-size=\"sm\">Public cible<\/th><th data-start=\"1050\" data-end=\"1071\" data-col-size=\"sm\">Atouts principaux<\/th><\/tr><\/thead><tbody data-start=\"1157\" data-end=\"1637\"><tr data-start=\"1157\" data-end=\"1262\"><td data-start=\"1157\" data-end=\"1176\" data-col-size=\"sm\">Meneham<\/td><td data-start=\"1176\" data-end=\"1200\" data-col-size=\"sm\">Sauvage, photog\u00e9nique<\/td><td data-start=\"1200\" data-end=\"1231\" data-col-size=\"sm\">Randonneurs, familles nature<\/td><td data-start=\"1231\" data-end=\"1262\" data-col-size=\"sm\">Granit, sable, authenticit\u00e9<\/td><\/tr><tr data-start=\"1263\" data-end=\"1359\"><td data-start=\"1263\" data-end=\"1282\" data-col-size=\"sm\">C\u2019hi Du<\/td><td data-start=\"1282\" data-end=\"1303\" data-col-size=\"sm\">Intime, tranquille<\/td><td data-start=\"1303\" data-end=\"1330\" data-col-size=\"sm\">Couples, familles calmes<\/td><td data-start=\"1330\" data-end=\"1359\" data-col-size=\"sm\">Crique prot\u00e9g\u00e9e, pose zen<\/td><\/tr><tr data-start=\"1360\" data-end=\"1451\"><td data-start=\"1360\" data-end=\"1379\" data-col-size=\"sm\">Boutrouilles<\/td><td data-start=\"1379\" data-end=\"1399\" data-col-size=\"sm\">Anim\u00e9e, s\u00e9curis\u00e9e<\/td><td data-start=\"1399\" data-end=\"1424\" data-col-size=\"sm\">Familles, sportifs<\/td><td data-start=\"1424\" data-end=\"1451\" data-col-size=\"sm\">Surveillance, activit\u00e9s<\/td><\/tr><tr data-start=\"1452\" data-end=\"1546\"><td data-start=\"1452\" data-end=\"1471\" data-col-size=\"sm\">Nodeven<\/td><td data-start=\"1471\" data-end=\"1496\" data-col-size=\"sm\">Nature, peu fr\u00e9quent\u00e9e<\/td><td data-start=\"1496\" data-end=\"1522\" data-col-size=\"sm\">Marcheurs, p\u00eache \u00e0 pied<\/td><td data-start=\"1522\" data-end=\"1546\" data-col-size=\"sm\">Dunes, espace ouvert<\/td><\/tr><tr data-start=\"1547\" data-end=\"1637\"><td data-start=\"1547\" data-end=\"1566\" data-col-size=\"sm\">Neiz Vran<\/td><td data-start=\"1566\" data-end=\"1586\" data-col-size=\"sm\">Espac\u00e9e, sauvage<\/td><td data-start=\"1586\" data-end=\"1611\" data-col-size=\"sm\">Baigneurs, p\u00eacheurs<\/td><td data-start=\"1611\" data-end=\"1637\" data-col-size=\"sm\">Dunes, barques, nature<\/td><\/tr><\/tbody><\/table><div class=\"sticky end-(--thread-content-margin) h-0 self-end select-none\"><div class=\"absolute end-0 flex items-end\">\u00a0<\/div><\/div><\/div><\/div><h3 data-start=\"1644\" data-end=\"1668\">Conseils pratiques<\/h3><ul data-start=\"1669\" data-end=\"2108\"><li data-start=\"1669\" data-end=\"1760\"><p data-start=\"1671\" data-end=\"1760\"><strong data-start=\"1671\" data-end=\"1680\">Acc\u00e8s<\/strong>\u202f: toutes accessibles via le GR\u00ae34 ou en voiture depuis le parking de Meneham.<\/p><\/li><li data-start=\"1761\" data-end=\"1878\"><p data-start=\"1763\" data-end=\"1878\"><strong data-start=\"1763\" data-end=\"1778\">\u00c9quipements<\/strong>\u202f: seule Boutrouilles dispose d\u2019une surveillance estivale et d\u2019\u00e9quipements (WC, poste de secours).<\/p><\/li><li data-start=\"1879\" data-end=\"2108\"><p data-start=\"1881\" data-end=\"1898\"><strong data-start=\"1881\" data-end=\"1894\">Activit\u00e9s<\/strong>\u202f:<\/p><ul data-start=\"1901\" data-end=\"2108\"><li data-start=\"1901\" data-end=\"1975\"><p data-start=\"1903\" data-end=\"1975\">Meneham\u202f: exploration des rochers, observation de la faune, panoramas.<\/p><\/li><li data-start=\"1978\" data-end=\"2034\"><p data-start=\"1980\" data-end=\"2034\">Boutrouilles\u202f: voile, kite\u2011surf, baignade s\u00e9curis\u00e9e.<\/p><\/li><li data-start=\"2037\" data-end=\"2108\"><p data-start=\"2039\" data-end=\"2108\">Nodeven & Neiz\u202fVran\u202f: p\u00eache \u00e0 pied, longues marches, calme garanti.<\/p><\/li><\/ul><\/li><\/ul><h3 data-start=\"2115\" data-end=\"2130\">En r\u00e9sum\u00e9<\/h3><p data-start=\"2131\" data-end=\"2610\">La <strong data-start=\"2134\" data-end=\"2154\">plage de Meneham<\/strong> reste l\u2019\u00e9crin sauvage phare autour du hameau, sublim\u00e9e par ses rochers gigantesques et son cadre intimiste. Les plages voisines (C\u2019hi Du, Boutrouilles, Nodeven, Neiz\u202fVran) offrent diff\u00e9rentes ambiances \u2013 de l\u2019intimit\u00e9 \u00e0 l\u2019animation familiale \u2013 pour s\u2019adapter \u00e0 tous les go\u00fbts. Ensemble, elles composent un <strong data-start=\"2461\" data-end=\"2486\">ensemble c\u00f4tier vari\u00e9<\/strong>, id\u00e9al pour un s\u00e9jour m\u00ealant <strong data-start=\"2516\" data-end=\"2526\">nature<\/strong>, <strong data-start=\"2528\" data-end=\"2539\">d\u00e9tente<\/strong>, <strong data-start=\"2541\" data-end=\"2555\">patrimoine<\/strong> et <strong data-start=\"2559\" data-end=\"2572\">activit\u00e9s<\/strong>, au c\u0153ur de la <strong data-start=\"2588\" data-end=\"2609\">C\u00f4te des L\u00e9gendes<\/strong>.<\/p><h2 data-start=\"2131\" data-end=\"2610\"><span class=\"relative -mx-px my-[-0.2rem] rounded px-px py-[0.2rem] transition-colors duration-100 ease-in-out\">Le <strong data-start=\"3\" data-end=\"22\">G\u00eete de Meneham<\/strong><\/span><\/h2><p data-start=\"42\" data-end=\"118\"><span class=\"relative -mx-px my-[-0.2rem] rounded px-px py-[0.2rem] transition-colors duration-100 ease-in-out\">Le <strong data-start=\"3\" data-end=\"22\">G\u00eete de Meneham<\/strong>, nich\u00e9 dans l\u2019authentique hameau restaur\u00e9 de Meneham \u00e0 Kerlouan, offre une <strong data-start=\"98\" data-end=\"119\">escapade bretonne<\/strong> inoubliable entre histoire, nature et convivialit\u00e9. Implant\u00e9 \u00e0 seulement 100\u202fm du GR\u00ae34 et des plages, ce <strong data-start=\"226\" data-end=\"255\">g\u00eete d\u2019\u00e9tape et de groupe<\/strong> accueille les visiteurs tout au long de l\u2019ann\u00e9e, pour une nuit\u00e9e, un week-end ou un s\u00e9jour prolong\u00e9<\/span>.<\/p><h3 data-start=\"120\" data-end=\"160\">\ud83d\udecf H\u00e9bergements vari\u00e9s et typiques<\/h3><p data-start=\"161\" data-end=\"198\"><span class=\"relative -mx-px my-[-0.2rem] rounded px-px py-[0.2rem] transition-colors duration-100 ease-in-out\">Le g\u00eete propose plusieurs formules :<\/span><\/p><ul data-start=\"199\" data-end=\"435\"><li data-start=\"199\" data-end=\"277\"><p data-start=\"201\" data-end=\"277\"><span class=\"relative -mx-px my-[-0.2rem] rounded px-px py-[0.2rem] transition-colors duration-100 ease-in-out\"><strong data-start=\"0\" data-end=\"39\" data-is-only-node=\"\">Chambres partag\u00e9es ou individuelles<\/strong> : 6 chambres de 2 \u00e0 6 places, \u00e0 partir de 25\u202f\u20ac \/ personne (38\u202f\u20ac en chambre individuelle)<\/span> .<\/p><\/li><li data-start=\"278\" data-end=\"356\"><p data-start=\"280\" data-end=\"356\"><span class=\"relative -mx-px my-[-0.2rem] rounded px-px py-[0.2rem] transition-colors duration-100 ease-in-out\"><strong data-start=\"0\" data-end=\"26\" data-is-only-node=\"\">Appartements autonomes<\/strong> pour 6 personnes, avec kitchenette, de 155\u202f\u20ac la nuit ou 950\u202f\u20ac la semaine<\/span>.<\/p><\/li><li data-start=\"357\" data-end=\"435\"><p data-start=\"359\" data-end=\"435\"><span class=\"relative -mx-px my-[-0.2rem] rounded px-px py-[0.2rem] transition-colors duration-100 ease-in-out\"><strong data-start=\"0\" data-end=\"22\" data-is-only-node=\"\">Chaumi\u00e8res priv\u00e9es<\/strong> allant de 11 \u00e0 19 places, de 340\u202f\u20ac \u00e0 505\u202f\u20ac la nuit ou jusqu\u2019\u00e0 3\u202f220\u202f\u20ac la semaine selon la capacit\u00e9<\/span>.<\/p><\/li><\/ul><p data-start=\"437\" data-end=\"517\"><span class=\"relative -mx-px my-[-0.2rem] rounded px-px py-[0.2rem] transition-colors duration-100 ease-in-out\">Certaines chambres int\u00e8grent le <strong data-start=\"32\" data-end=\"51\">lit clos breton<\/strong>, une immersion nostalgique dans la tradition locale<\/span>.<\/p><h3 data-start=\"519\" data-end=\"547\">Services & formules<\/h3><ul data-start=\"548\" data-end=\"879\"><li data-start=\"548\" data-end=\"630\"><p data-start=\"550\" data-end=\"630\"><span class=\"relative -mx-px my-[-0.2rem] rounded px-px py-[0.2rem] transition-colors duration-100 ease-in-out\">Petit-d\u00e9jeuner (6\u202f\u20ac adulte, 5\u202f\u20ac enfant), demi-pension possible au bistrot voisin ou au g\u00eete<\/span>.<\/p><\/li><li data-start=\"631\" data-end=\"713\"><p data-start=\"633\" data-end=\"713\"><span class=\"relative -mx-px my-[-0.2rem] rounded px-px py-[0.2rem] transition-colors duration-100 ease-in-out\">Cuisine partag\u00e9e et espaces communs conviviaux : salon, deux cuisines, salle \u00e0 manger<\/span>.<\/p><\/li><li data-start=\"714\" data-end=\"796\"><p data-start=\"716\" data-end=\"796\"><span class=\"relative -mx-px my-[-0.2rem] rounded px-px py-[0.2rem] transition-colors duration-100 ease-in-out\">Accueil V\u00e9lo : services adapt\u00e9s pour les cyclistes<\/span>.<\/p><\/li><li data-start=\"797\" data-end=\"879\"><p data-start=\"799\" data-end=\"879\"><span class=\"relative -mx-px my-[-0.2rem] rounded px-px py-[0.2rem] transition-colors duration-100 ease-in-out\">Demi-pension ou traiteur pour groupes, service \u00ab \u00e0 la carte \u00bb<\/span>.<\/p><\/li><\/ul><h3 data-start=\"881\" data-end=\"920\">Confort, ambiance et activit\u00e9s<\/h3><p data-start=\"921\" data-end=\"1084\"><span class=\"relative -mx-px my-[-0.2rem] rounded px-px py-[0.2rem] transition-colors duration-100 ease-in-out\">Les voyageurs saluent le confort, la propret\u00e9 et l\u2019accueil chaleureux, avec des notes exemplaires (4.8) pour l\u2019emplacement, le service et la qualit\u00e9 du sommeil<\/span> .<br data-start=\"1001\" data-end=\"1004\" \/><span class=\"relative -mx-px my-[-0.2rem] rounded px-px py-[0.2rem] transition-colors duration-100 ease-in-out\">Au c\u0153ur d\u2019un village class\u00e9, le g\u00eete permet de vivre au rythme des <strong data-start=\"67\" data-end=\"81\">chaumi\u00e8res<\/strong>, du <strong data-start=\"86\" data-end=\"104\">corps de garde<\/strong> et du <strong data-start=\"111\" data-end=\"128\">four \u00e0 go\u00e9mon<\/strong>, tout en profitant du littoral et des activit\u00e9s de pleine nature (randonn\u00e9e, v\u00e9lo, escalade, sports nautiques)<\/span> .<\/p><h3 data-start=\"1086\" data-end=\"1130\">Pourquoi choisir le G\u00eete de Meneham<\/h3><ul data-start=\"1131\" data-end=\"1427\"><li data-start=\"1131\" data-end=\"1215\"><p data-start=\"1133\" data-end=\"1215\"><span class=\"relative -mx-px my-[-0.2rem] rounded px-px py-[0.2rem] transition-colors duration-100 ease-in-out\"><strong data-start=\"0\" data-end=\"23\" data-is-only-node=\"\">Proximit\u00e9 imm\u00e9diate<\/strong> avec la mer, le GR\u00ae34 et les plages de sable blanc<\/span>.<\/p><\/li><li data-start=\"1216\" data-end=\"1259\"><p data-start=\"1218\" data-end=\"1259\"><span class=\"relative -mx-px my-[-0.2rem] rounded px-px py-[0.2rem] transition-colors duration-100 ease-in-out\">Un <strong data-start=\"3\" data-end=\"30\">h\u00e9bergement authentique<\/strong> dans un site restaur\u00e9, m\u00ealant ambiance traditionnelle et accueil moderne.<\/span><\/p><\/li><li data-start=\"1260\" data-end=\"1344\"><p data-start=\"1262\" data-end=\"1344\"><span class=\"relative -mx-px my-[-0.2rem] rounded px-px py-[0.2rem] transition-colors duration-100 ease-in-out\"><strong data-start=\"0\" data-end=\"25\" data-is-only-node=\"\">Flexibilit\u00e9 d\u2019accueil<\/strong> : solos, couples, familles ou grands groupes jusqu\u2019\u00e0 19 personnes<\/span>.<\/p><\/li><li data-start=\"1345\" data-end=\"1427\"><p data-start=\"1347\" data-end=\"1427\"><span class=\"relative -mx-px my-[-0.2rem] rounded px-px py-[0.2rem] transition-colors duration-100 ease-in-out\"><strong data-start=\"0\" data-end=\"23\" data-is-only-node=\"\">Excellence reconnue<\/strong> : g\u00eete class\u00e9 3 \u00e9pis G\u00eetes de France avec avis tr\u00e8s positifs<\/span>.<\/p><\/li><\/ul><h3 data-start=\"1434\" data-end=\"1461\">Conseils pratiques<\/h3><ul data-start=\"1462\" data-end=\"1770\"><li data-start=\"1462\" data-end=\"1539\"><p data-start=\"1464\" data-end=\"1539\"><strong data-start=\"1464\" data-end=\"1487\">R\u00e9server \u00e0 l\u2019avance<\/strong>, surtout pour les formules chaumi\u00e8res et groupes.<\/p><\/li><li data-start=\"1540\" data-end=\"1681\"><p data-start=\"1542\" data-end=\"1681\"><strong data-start=\"1542\" data-end=\"1562\">P\u00e9riodes id\u00e9ales<\/strong> : \u00e9t\u00e9 et printemps pour profiter des activit\u00e9s nature, mais \u00e9galement hiver pour une ambiance calme et ressour\u00e7ante.<\/p><\/li><li data-start=\"1682\" data-end=\"1770\"><p data-start=\"1684\" data-end=\"1770\"><strong data-start=\"1684\" data-end=\"1701\">Pack cycliste<\/strong> : pr\u00e9voir casque et antivol, le g\u00eete offre abri et services adapt\u00e9s.<\/p><\/li><\/ul><p data-start=\"1777\" data-end=\"1972\"><strong data-start=\"1777\" data-end=\"1790\">En r\u00e9sum\u00e9<\/strong>, le <strong data-start=\"1795\" data-end=\"1814\">G\u00eete de Meneham<\/strong> conjugue <strong data-start=\"1824\" data-end=\"1848\">hospitalit\u00e9 bretonne<\/strong>, <strong data-start=\"1850\" data-end=\"1876\">patrimoine authentique<\/strong> et <strong data-start=\"1880\" data-end=\"1908\">acc\u00e8s direct \u00e0 la nature<\/strong>, id\u00e9al pour une immersion r\u00e9ussie sur la <strong data-start=\"1950\" data-end=\"1971\">C\u00f4te des L\u00e9gendes<\/strong>.<\/p><h2 data-start=\"2051\" data-end=\"2072\">Autour de Meneham<\/h2><ul data-start=\"2074\" data-end=\"2279\"><li data-start=\"2074\" data-end=\"2155\"><p data-start=\"2076\" data-end=\"2155\"><span class=\"relative -mx-px my-[-0.2rem] rounded px-px py-[0.2rem] transition-colors duration-100 ease-in-out\"><strong data-start=\"0\" data-end=\"14\" data-is-only-node=\"\">Pays Pagan<\/strong> : riche en l\u00e9gendes, menhirs, cultures bretonnes<\/span>.<\/p><\/li><li data-start=\"2156\" data-end=\"2197\"><p data-start=\"2158\" data-end=\"2197\"><span class=\"relative -mx-px my-[-0.2rem] rounded px-px py-[0.2rem] transition-colors duration-100 ease-in-out\">Autres sites \u00e0 d\u00e9couvrir : dunes, plages comme celle de Keremma, menhirs et petits ports.<\/span><\/p><\/li><li data-start=\"2198\" data-end=\"2279\"><p data-start=\"2200\" data-end=\"2279\"><span class=\"relative -mx-px my-[-0.2rem] rounded px-px py-[0.2rem] transition-colors duration-100 ease-in-out\">Point de d\u00e9part pour explorer la <a href=\"https:\/\/cparici.com\/cote-de-granit-rose\/\"><strong data-start=\"33\" data-end=\"56\">C\u00f4te de Granit Rose<\/strong><\/a>, notamment vers l\u2019Ouest<\/span>.<\/p><\/li><\/ul>\t\t\t\t\t\t\t\t<\/div>\n\t\t\t\t\t<\/div>\n\t\t\t\t<\/div>\n\t\t<aside class=\"elementor-element elementor-element-17809c0 e-flex e-con-boxed e-con e-parent\" data-id=\"17809c0\" data-element_type=\"container\" data-e-type=\"container\">\n\t\t\t\t\t<div class=\"e-con-inner\">\n\t\t\t\t<div class=\"elementor-element elementor-element-5c0e4c3 elementor-widget elementor-widget-listeo-posts-grid\" data-id=\"5c0e4c3\" data-element_type=\"widget\" data-e-type=\"widget\" data-widget_type=\"listeo-posts-grid.default\">\n\t\t\t\t<div class=\"elementor-widget-container\">\n\t\t\t\t\t\t\t\n\t\t<div class=\"listeo-post-grid-wrapper\">\n\t\t\t<div class=\"row\">\n\n\t\t\t\n\n\t\t\t\t\t\t\t<div class=\"col-md-4\">\n                <a href=\"https:\/\/cparici.com\/de\/location-vacances-a-concarneau\/\" class=\"blog-compact-item-container\">\n                    <div class=\"blog-compact-item\">\n                        <img decoding=\"async\" width=\"577\" height=\"380\" src=\"https:\/\/cparici.com\/wp-content\/uploads\/2024\/06\/Concarneau-ville-close.jpg\" class=\"attachment-listeo-blog-related-post size-listeo-blog-related-post wp-post-image\" alt=\"Concarneau et sa ville close\" srcset=\"https:\/\/cparici.com\/wp-content\/uploads\/2024\/06\/Concarneau-ville-close.jpg 1920w, https:\/\/cparici.com\/wp-content\/uploads\/2024\/06\/Concarneau-ville-close-600x395.jpg 600w, https:\/\/cparici.com\/wp-content\/uploads\/2024\/06\/Concarneau-ville-close-300x198.jpg 300w, https:\/\/cparici.com\/wp-content\/uploads\/2024\/06\/Concarneau-ville-close-1024x675.jpg 1024w, https:\/\/cparici.com\/wp-content\/uploads\/2024\/06\/Concarneau-ville-close-768x506.jpg 768w, https:\/\/cparici.com\/wp-content\/uploads\/2024\/06\/Concarneau-ville-close-1536x1012.jpg 1536w\" sizes=\"(max-width: 577px) 100vw, 577px\" \/><span class=\"blog-item-tag\">Bretagne<\/span>                        \n                        <div class=\"blog-compact-item-content\">\n                                                        <h3>Location Vacances \u00e0 Concarneau<\/h3>\n                                                        <p>Recherches populaires Categories Pas de r\u00e9sultats Voir tous les r\u00e9sultats Location vacances \u00e0 Concarneau \u00a0...                            <\/p>\n                                                    <\/div>\n                    <\/div>\n                <\/a>\n            <\/div>\n\t\t\t<div class=\"col-md-4\">\n                <a href=\"https:\/\/cparici.com\/de\/les-vieilles-charrues-festival\/\" class=\"blog-compact-item-container\">\n                    <div class=\"blog-compact-item\">\n                        <img decoding=\"async\" width=\"577\" height=\"204\" src=\"https:\/\/cparici.com\/wp-content\/uploads\/2024\/08\/Vieilles-Charrues-Festival.jpg\" class=\"attachment-listeo-blog-related-post size-listeo-blog-related-post wp-post-image\" alt=\"Vieilles Charrues Festival\" srcset=\"https:\/\/cparici.com\/wp-content\/uploads\/2024\/08\/Vieilles-Charrues-Festival.jpg 1500w, https:\/\/cparici.com\/wp-content\/uploads\/2024\/08\/Vieilles-Charrues-Festival-600x212.jpg 600w, https:\/\/cparici.com\/wp-content\/uploads\/2024\/08\/Vieilles-Charrues-Festival-300x106.jpg 300w, https:\/\/cparici.com\/wp-content\/uploads\/2024\/08\/Vieilles-Charrues-Festival-1024x362.jpg 1024w, https:\/\/cparici.com\/wp-content\/uploads\/2024\/08\/Vieilles-Charrues-Festival-768x271.jpg 768w\" sizes=\"(max-width: 577px) 100vw, 577px\" \/><span class=\"blog-item-tag\">Bretagne<\/span>                        \n                        <div class=\"blog-compact-item-content\">\n                                                        <h3>Les Vieilles Charrues \u2013 Le Festival Incontournable de Bretagne<\/h3>\n                                                        <p>Explorez l'histoire, les stars, les infos pratiques, le logement, et les tarifs du festival Les...                            <\/p>\n                                                    <\/div>\n                    <\/div>\n                <\/a>\n            <\/div>\n\t\t\t<div class=\"col-md-4\">\n                <a href=\"https:\/\/cparici.com\/de\/oceanopolis\/\" class=\"blog-compact-item-container\">\n                    <div class=\"blog-compact-item\">\n                        <img decoding=\"async\" width=\"577\" height=\"204\" src=\"https:\/\/cparici.com\/wp-content\/uploads\/2025\/03\/cparici-2025-03-03T200351.574-577x204.jpg\" class=\"attachment-listeo-blog-related-post size-listeo-blog-related-post wp-post-image\" alt=\"Oc\u00e9anopolis\" srcset=\"https:\/\/cparici.com\/wp-content\/uploads\/2025\/03\/cparici-2025-03-03T200351.574-577x204.jpg 577w, https:\/\/cparici.com\/wp-content\/uploads\/2025\/03\/cparici-2025-03-03T200351.574-300x106.jpg 300w, https:\/\/cparici.com\/wp-content\/uploads\/2025\/03\/cparici-2025-03-03T200351.574-1024x362.jpg 1024w, https:\/\/cparici.com\/wp-content\/uploads\/2025\/03\/cparici-2025-03-03T200351.574-768x271.jpg 768w, https:\/\/cparici.com\/wp-content\/uploads\/2025\/03\/cparici-2025-03-03T200351.574-18x6.jpg 18w, https:\/\/cparici.com\/wp-content\/uploads\/2025\/03\/cparici-2025-03-03T200351.574-590x208.jpg 590w, https:\/\/cparici.com\/wp-content\/uploads\/2025\/03\/cparici-2025-03-03T200351.574-1200x424.jpg 1200w, https:\/\/cparici.com\/wp-content\/uploads\/2025\/03\/cparici-2025-03-03T200351.574-600x212.jpg 600w, https:\/\/cparici.com\/wp-content\/uploads\/2025\/03\/cparici-2025-03-03T200351.574.jpg 1500w\" sizes=\"(max-width: 577px) 100vw, 577px\" \/><span class=\"blog-item-tag\">Brest<\/span>                        \n                        <div class=\"blog-compact-item-content\">\n                                                        <h3>Oc\u00e9anopolis : Plong\u00e9e au c\u0153ur des oc\u00e9ans \u00e0 Brest<\/h3>\n                                                        <p>Recherches populaires Categories Pas de r\u00e9sultats Voir tous les r\u00e9sultats Oc\u00e9anopolis Situ\u00e9 \u00e0 Brest, Oc\u00e9anopolis...                            <\/p>\n                                                    <\/div>\n                    <\/div>\n                <\/a>\n            <\/div>\n  <\/div>\n        <\/div>\n        \t\t\t\t<\/div>\n\t\t\t\t<\/div>\n\t\t\t\t\t<\/div>\n\t\t\t\t<\/aside>\n\t\t<div class=\"elementor-element elementor-element-1fca33de e-flex e-con-boxed e-con e-parent\" data-id=\"1fca33de\" data-element_type=\"container\" data-e-type=\"container\">\n\t\t\t\t\t<div class=\"e-con-inner\">\n\t\t<div class=\"elementor-element elementor-element-3b89b059 e-con-full e-flex e-con e-child\" data-id=\"3b89b059\" data-element_type=\"container\" data-e-type=\"container\">\n\t\t\t\t<div class=\"elementor-element elementor-element-3b8b2d82 elementor-widget elementor-widget-text-editor\" data-id=\"3b8b2d82\" data-element_type=\"widget\" data-e-type=\"widget\" data-widget_type=\"text-editor.default\">\n\t\t\t\t\t\t\t\t\t<p>Cet article a \u00e9t\u00e9 r\u00e9dig\u00e9 par Alex Arts,\u00a0<a href=\"https:\/\/alexantoine-photos.weebly.com\/\" target=\"_blank\" rel=\"noopener\">photographe<\/a>,\u00a0<a href=\"https:\/\/www.linkedin.com\/in\/alex-b-arts\/\" target=\"_blank\" rel=\"noopener\">cr\u00e9ateur de contenu<\/a>, et <a href=\"https:\/\/www.google.com\/maps\/contrib\/100986619723712834113\/reviews\/@45.8933481,-4.1449199,6z\/data=!4m3!8m2!3m1!1e1?entry=ttu&g_ep=EgoyMDI1MTIwOS4wIKXMDSoKLDEwMDc5MjA2OUgBUAM%3D\" target=\"_blank\" rel=\"noopener\">guide local de niveau 6 sur Google Maps<\/a><\/p>\t\t\t\t\t\t\t\t<\/div>\n\t\t\t\t<div class=\"elementor-element elementor-element-6e11e72f elementor-widget elementor-widget-author-box\" data-id=\"6e11e72f\" data-element_type=\"widget\" data-e-type=\"widget\" data-widget_type=\"author-box.default\">\n\t\t\t\t\t\t\t<div class=\"elementor-author-box\">\n\t\t\t\t\t\t\t<a href=\"https:\/\/www.linkedin.com\/in\/alex-b-arts\/\" class=\"elementor-author-box__avatar\" target=\"_blank\" rel=\"noopener\">\n\t\t\t\t\t<img decoding=\"async\" src=\"https:\/\/cparici.com\/wp-content\/uploads\/2024\/09\/photo-alex-arts-300x300.jpeg\" alt=\"Bild von Alex Arts\" loading=\"lazy\">\n\t\t\t\t<\/a>\n\t\t\t\n\t\t\t<div class=\"elementor-author-box__text\">\n\t\t\t\t\t\t\t\t\t<a href=\"https:\/\/www.linkedin.com\/in\/alex-b-arts\/\" target=\"_blank\" rel=\"noopener\">\n\t\t\t\t\t\t<h4 class=\"elementor-author-box__name\">\n\t\t\t\t\t\t\tAlex Arts\t\t\t\t\t\t<\/h4>\n\t\t\t\t\t<\/a>\n\t\t\t\t\n\t\t\t\t\t\t\t\t\t<div class=\"elementor-author-box__bio\">\n\t\t\t\t\t\t<p>Photographe, cr\u00e9ateur de contenu et local guide<\/p>\n\t\t\t\t\t<\/div>\n\t\t\t\t\n\t\t\t\t\t\t\t<\/div>\n\t\t<\/div>\n\t\t\t\t\t\t<\/div>\n\t\t\t\t<\/div>\n\t\t\t\t\t<\/div>\n\t\t\t\t<\/div>\n\t\t<div class=\"elementor-element elementor-element-12217522 e-flex e-con-boxed e-con e-parent\" data-id=\"12217522\" data-element_type=\"container\" data-e-type=\"container\">\n\t\t\t\t\t<div class=\"e-con-inner\">\n\t\t\t\t<div class=\"elementor-element elementor-element-1d85f5 elementor-widget elementor-widget-text-editor\" data-id=\"1d85f5\" data-element_type=\"widget\" data-e-type=\"widget\" data-widget_type=\"text-editor.default\">\n\t\t\t\t\t\t\t\t\t<h3 style=\"text-align: center;\"><strong><span style=\"color: #003366;\">Nos autres articles pour d\u00e9couvrir le Finist\u00e8re<\/span><\/strong><\/h3><hr \/>\t\t\t\t\t\t\t\t<\/div>\n\t\t<div class=\"elementor-element elementor-element-13f9d647 e-grid e-con-full e-con e-child\" data-id=\"13f9d647\" data-element_type=\"container\" data-e-type=\"container\">\n\t\t\t\t<div class=\"elementor-element elementor-element-50e6bcd5 elementor-widget elementor-widget-text-editor\" data-id=\"50e6bcd5\" data-element_type=\"widget\" data-e-type=\"widget\" data-widget_type=\"text-editor.default\">\n\t\t\t\t\t\t\t\t\t<p><a href=\"https:\/\/cparici.com\/fr\/gr-34\/\"><span style=\"font-weight: 400;\"><span style=\"color: #003366;\">GR 34<\/span><\/span><\/a><\/p><p><span style=\"color: #003366;\"><a style=\"color: #003366;\" href=\"https:\/\/cparici.com\/fr\/visiter-le-finistere-guide-ultime-des-lieux-a-decouvrir\/\"><span style=\"font-weight: 400;\">Finist\u00e8re<\/span><\/a><\/span><\/p><p><span style=\"color: #003366;\"><a style=\"color: #003366;\" href=\"https:\/\/cparici.com\/fr\/gites-de-france-du-finistere\/\"><span style=\"font-weight: 400;\">Gites de France du Finist\u00e8re<\/span><\/a><\/span><\/p><p><span style=\"color: #003366;\"><a style=\"color: #003366;\" href=\"https:\/\/cparici.com\/fr\/la-foret-fouesnant\/\"><span style=\"font-weight: 400;\">La For\u00eat-Fouesnant<\/span><\/a><\/span><\/p><p><span style=\"color: #003366;\"><a style=\"color: #003366;\" href=\"https:\/\/cparici.com\/fr\/location-saisonniere-la-foret-fouesnant\/\"><span style=\"font-weight: 400;\">Location saisonni\u00e8re la for\u00eat-Fouesnant<\/span><\/a><\/span><\/p><p><span style=\"color: #003366;\"><a style=\"color: #003366;\" href=\"https:\/\/cparici.com\/fr\/visiter-fouesnant-guide-des-incontournables-et-bons-plans\/\"><span style=\"font-weight: 400;\">Visiter Fouesnant<\/span><\/a><\/span><\/p><p><span style=\"color: #003366;\"><a style=\"color: #003366;\" href=\"https:\/\/cparici.com\/fr\/fouesnant-plage-guide-des-spots-familiaux-et-des-clubs-nautiques\/\"><span style=\"font-weight: 400;\">Fouesnant Plage<\/span><\/a><\/span><\/p><p><span style=\"color: #003366;\"><a style=\"color: #003366;\" href=\"https:\/\/cparici.com\/fr\/benodet-guide-ultime-pour-decouvrir-la-perle-du-finistere\/\"><span style=\"font-weight: 400;\">B\u00e9nodet<\/span><\/a><\/span><\/p><p><span style=\"color: #003366;\"><a style=\"color: #003366;\" href=\"https:\/\/cparici.com\/fr\/beg-meil-un-village-de-charme\/\"><span style=\"font-weight: 400;\">Beg-Meil<\/span><\/a><\/span><\/p><p><span style=\"color: #003366;\"><a style=\"color: #003366;\" href=\"https:\/\/cparici.com\/fr\/cap-coz\/\"><span style=\"font-weight: 400;\">Cap Coz<\/span><\/a><\/span><\/p><p><span style=\"color: #003366;\"><a style=\"color: #003366;\" href=\"https:\/\/cparici.com\/fr\/pointe-de-mousterlin\/\"><span style=\"font-weight: 400;\">Pointe de Mousterlin<\/span><\/a><\/span><\/p><p><span style=\"color: #003366;\"><a style=\"color: #003366;\" href=\"https:\/\/cparici.com\/fr\/loctudy-guide-complet\/\"><span style=\"font-weight: 400;\">Loctudy<\/span><\/a><\/span><\/p><p><span style=\"color: #003366;\"><a style=\"color: #003366;\" href=\"https:\/\/cparici.com\/fr\/ile-tudy\/\"><span style=\"font-weight: 400;\">Ile Tudy<\/span><\/a><\/span><\/p><p><span style=\"color: #003366;\"><a style=\"color: #003366;\" href=\"https:\/\/cparici.com\/fr\/location-vacances-a-benodet\/\"><span style=\"font-weight: 400;\">Location de vacances B\u00e9nodet<\/span><\/a><\/span><\/p><p><span style=\"color: #003366;\"><a style=\"color: #003366;\" href=\"https:\/\/cparici.com\/fr\/sainte-marine\/\"><span style=\"font-weight: 400;\">Sainte-Marine<\/span><\/a><\/span><\/p>\t\t\t\t\t\t\t\t<\/div>\n\t\t\t\t<div class=\"elementor-element elementor-element-424981f3 elementor-widget elementor-widget-text-editor\" data-id=\"424981f3\" data-element_type=\"widget\" data-e-type=\"widget\" data-widget_type=\"text-editor.default\">\n\t\t\t\t\t\t\t\t\t<p><span style=\"color: #003366;\"><a style=\"color: #003366;\" href=\"https:\/\/cparici.com\/fr\/visiter-concarneau-guide-des-meilleurs-sites-et-activites\/\"><span style=\"font-weight: 400;\">Visiter Concarneau<\/span><\/a><\/span><\/p><p><span style=\"color: #003366;\"><a style=\"color: #003366;\" href=\"https:\/\/cparici.com\/fr\/ville-close-de-concarneau-en-finistere\/\"><span style=\"font-weight: 400;\">Ville close de Concarneau<\/span><\/a><\/span><\/p><p><span style=\"color: #003366;\"><a style=\"color: #003366;\" href=\"https:\/\/cparici.com\/fr\/location-vacances-a-concarneau\/\"><span style=\"font-weight: 400;\">Location de vacances Concarneau<\/span><\/a><\/span><\/p><p><span style=\"color: #003366;\"><a style=\"color: #003366;\" href=\"https:\/\/cparici.com\/fr\/visiter-quimper-top-des-lieux-incontournables-et-secrets\/\"><span style=\"font-weight: 400;\">Quimper<\/span><\/a><\/span><\/p><p><span style=\"color: #003366;\"><a style=\"color: #003366;\" href=\"https:\/\/cparici.com\/fr\/hotel-quimper\/\"><span style=\"font-weight: 400;\">Hotel Quimper<\/span><\/a><\/span><\/p><p><span style=\"color: #003366;\"><a style=\"color: #003366;\" href=\"https:\/\/cparici.com\/fr\/armor-lux\/\"><span style=\"font-weight: 400;\">Armor Lux<\/span><\/a><\/span><\/p><p><span style=\"color: #003366;\"><a style=\"color: #003366;\" href=\"https:\/\/cparici.com\/fr\/locronan-bretagne-guide-complet-du-village\/\"><span style=\"font-weight: 400;\">Locronan<\/span><\/a><\/span><\/p><p><span style=\"color: #003366;\"><a style=\"color: #003366;\" href=\"https:\/\/cparici.com\/fr\/audierne\/\"><span style=\"font-weight: 400;\">Audierne<\/span><\/a><\/span><\/p><p><span style=\"color: #003366;\"><a style=\"color: #003366;\" href=\"https:\/\/cparici.com\/fr\/douarnenez\/\"><span style=\"font-weight: 400;\">Douarnenez<\/span><\/a><\/span><\/p><p><span style=\"color: #003366;\"><a style=\"color: #003366;\" href=\"https:\/\/cparici.com\/fr\/penmarc-h\/\"><span style=\"font-weight: 400;\">Penmarch<\/span><\/a><\/span><\/p><p><span style=\"color: #003366;\"><a style=\"color: #003366;\" href=\"https:\/\/cparici.com\/fr\/le-guilvinec\/\"><span style=\"font-weight: 400;\">Le Guilvinec<\/span><\/a><\/span><\/p><p><span style=\"color: #003366;\"><a style=\"color: #003366;\" href=\"https:\/\/cparici.com\/fr\/telgruc-sur-mer\/\"><span style=\"font-weight: 400;\">Telgruc sur mer<\/span><\/a><\/span><\/p><p><span style=\"color: #003366;\"><a style=\"color: #003366;\" href=\"https:\/\/cparici.com\/fr\/crozon-dans-le-finistere\/\"><span style=\"font-weight: 400;\">Crozon<\/span><\/a><\/span><\/p><p><span style=\"color: #003366;\"><a style=\"color: #003366;\" href=\"https:\/\/cparici.com\/fr\/camaret-sur-mer\/\"><span style=\"font-weight: 400;\">Camaret sur mer<\/span><\/a><\/span><\/p><p><span style=\"color: #003366;\"><a style=\"color: #003366;\" href=\"https:\/\/cparici.com\/fr\/bigoudene-bigouden\/\"><span style=\"font-weight: 400;\">Bigouden<\/span><\/a><\/span><\/p>\t\t\t\t\t\t\t\t<\/div>\n\t\t\t\t<div class=\"elementor-element elementor-element-60651d89 elementor-widget elementor-widget-text-editor\" data-id=\"60651d89\" data-element_type=\"widget\" data-e-type=\"widget\" data-widget_type=\"text-editor.default\">\n\t\t\t\t\t\t\t\t\t<p><span style=\"color: #003366;\"><a style=\"color: #003366;\" href=\"https:\/\/cparici.com\/fr\/brest\/\"><span style=\"font-weight: 400;\">Brest<\/span><\/a><\/span><\/p><p><span style=\"color: #003366;\"><a style=\"color: #003366;\" href=\"https:\/\/cparici.com\/fr\/oceanopolis\/\"><span style=\"font-weight: 400;\">Oc\u00e9anopolis<\/span><\/a><\/span><\/p><p><span style=\"font-weight: 400; color: #003366;\">Rade de Brest<\/span><\/p><p><span style=\"color: #003366;\"><a style=\"color: #003366;\" href=\"https:\/\/cparici.com\/fr\/fetes-maritimes-brest-2024\/\"><span style=\"font-weight: 400;\">F\u00eates maritimes Brest<\/span><\/a><\/span><\/p><p><span style=\"color: #003366;\"><a style=\"color: #003366;\" href=\"https:\/\/cparici.com\/fr\/quimperle\/\"><span style=\"font-weight: 400;\">Quimperl\u00e9<\/span><\/a><\/span><\/p><p><span style=\"color: #003366;\"><a style=\"color: #003366;\" href=\"https:\/\/cparici.com\/fr\/laita\/\"><span style=\"font-weight: 400;\">La Laita<\/span><\/a><\/span><\/p><p><span style=\"color: #003366;\"><a style=\"color: #003366;\" href=\"https:\/\/cparici.com\/fr\/les-monts-darree\/\"><span style=\"font-weight: 400;\">Les Monts d\u2019arr\u00e9e<\/span><\/a><\/span><\/p><p><span style=\"color: #003366;\"><a style=\"color: #003366;\" href=\"https:\/\/cparici.com\/fr\/roscoff-2\/\"><span style=\"font-weight: 400;\">Roscoff<\/span><\/a><\/span><\/p><p><span style=\"color: #003366;\"><a style=\"color: #003366;\" href=\"https:\/\/cparici.com\/fr\/saint-pol-de-leon\/\"><span style=\"font-weight: 400;\">Saint-Pol-de-L\u00e9on<\/span><\/a><\/span><\/p><p><span style=\"color: #003366;\"><a style=\"color: #003366;\" href=\"https:\/\/cparici.com\/fr\/coatreven\/\"><span style=\"font-weight: 400;\">Coatreven<\/span><\/a><\/span><\/p><p><span style=\"color: #003366;\"><a style=\"color: #003366;\" href=\"https:\/\/cparici.com\/fr\/meneham\/\"><span style=\"font-weight: 400;\">M\u00e9neham<\/span><\/a><\/span><\/p><p><span style=\"color: #003366;\"><a style=\"color: #003366;\" href=\"https:\/\/cparici.com\/fr\/kerlouan\/\"><span style=\"font-weight: 400;\">Kerlouan<\/span><\/a><\/span><\/p><p><span style=\"color: #003366;\"><a style=\"color: #003366;\" href=\"https:\/\/cparici.com\/fr\/morlaix\/\"><span style=\"font-weight: 400;\">Morlaix<\/span><\/a><\/span><\/p><p><span style=\"color: #003366;\"><a style=\"color: #003366;\" href=\"https:\/\/cparici.com\/fr\/plouegat-moysan\/\"><span style=\"font-weight: 400;\">Plouegat Moysan<\/span><\/a><\/span><\/p><p><span style=\"color: #003366;\"><a style=\"color: #003366;\" href=\"https:\/\/cparici.com\/fr\/plougerneau\/\"><span style=\"font-weight: 400;\">Plougerneau<\/span><\/a><\/span><\/p>\t\t\t\t\t\t\t\t<\/div>\n\t\t\t\t<\/div>\n\t\t\t\t\t<\/div>\n\t\t\t\t<\/div>\n\t\t\t\t<\/div>\n\t\t","protected":false},"excerpt":{"rendered":"<p>Recherches populaires Categories Pas de r\u00e9sultats Voir tous les r\u00e9sultats MENEHAM : un joyau de Bretagne Meneham est un hameau du Finist\u00e8re, sur la commune de Kerlouan, situ\u00e9 dans le Pays Pagan. Sa renomm\u00e9e tient \u00e0 son corps de garde du XVIII\u1d49 si\u00e8cle, b\u00e2ti vers 1756, positionn\u00e9 entre deux \u00e9normes blocs granitiques. Ce bastion pr\u00e9vient [&hellip;]<\/p>\n","protected":false},"author":97,"featured_media":67508,"comment_status":"closed","ping_status":"closed","sticky":false,"template":"","format":"standard","meta":{"ngg_post_thumbnail":0,"footnotes":""},"categories":[2728,478,479,477,1048],"tags":[],"class_list":["post-67507","post","type-post","status-publish","format-standard","has-post-thumbnail","hentry","category-meneham","category-bretagne","category-finistere","category-france","category-kerlouan"],"_links":{"self":[{"href":"https:\/\/cparici.com\/de\/wp-json\/wp\/v2\/posts\/67507","targetHints":{"allow":["GET"]}}],"collection":[{"href":"https:\/\/cparici.com\/de\/wp-json\/wp\/v2\/posts"}],"about":[{"href":"https:\/\/cparici.com\/de\/wp-json\/wp\/v2\/types\/post"}],"author":[{"embeddable":true,"href":"https:\/\/cparici.com\/de\/wp-json\/wp\/v2\/users\/97"}],"replies":[{"embeddable":true,"href":"https:\/\/cparici.com\/de\/wp-json\/wp\/v2\/comments?post=67507"}],"version-history":[{"count":3,"href":"https:\/\/cparici.com\/de\/wp-json\/wp\/v2\/posts\/67507\/revisions"}],"predecessor-version":[{"id":90838,"href":"https:\/\/cparici.com\/de\/wp-json\/wp\/v2\/posts\/67507\/revisions\/90838"}],"wp:featuredmedia":[{"embeddable":true,"href":"https:\/\/cparici.com\/de\/wp-json\/wp\/v2\/media\/67508"}],"wp:attachment":[{"href":"https:\/\/cparici.com\/de\/wp-json\/wp\/v2\/media?parent=67507"}],"wp:term":[{"taxonomy":"category","embeddable":true,"href":"https:\/\/cparici.com\/de\/wp-json\/wp\/v2\/categories?post=67507"},{"taxonomy":"post_tag","embeddable":true,"href":"https:\/\/cparici.com\/de\/wp-json\/wp\/v2\/tags?post=67507"}],"curies":[{"name":"wp","href":"https:\/\/api.w.org\/{rel}","templated":true}]}}