{"id":67791,"date":"2025-07-15T07:31:34","date_gmt":"2025-07-15T05:31:34","guid":{"rendered":"https:\/\/cparici.com\/?p=67791"},"modified":"2025-07-15T07:44:22","modified_gmt":"2025-07-15T05:44:22","slug":"broceliande-vom-wald-zur-serie","status":"publish","type":"post","link":"https:\/\/cparici.com\/de\/broceliande-de-la-foret-a-la-serie\/","title":{"rendered":"Broc\u00e9liande, vom Wald zur Serie"},"content":{"rendered":"\t\t<div data-elementor-type=\"wp-post\" data-elementor-id=\"67791\" class=\"elementor elementor-67791\" data-elementor-post-type=\"post\">\n\t\t\t\t<div class=\"elementor-element elementor-element-0a102ef e-con-full e-flex e-con e-parent\" data-id=\"0a102ef\" data-element_type=\"container\" data-e-type=\"container\">\n\t\t\t\t<div class=\"elementor-element elementor-element-e7d49f3 elementor-widget elementor-widget-image\" data-id=\"e7d49f3\" data-element_type=\"widget\" data-e-type=\"widget\" data-widget_type=\"image.default\">\n\t\t\t\t\t\t\t\t\t\t\t\t\t\t\t<img decoding=\"async\" width=\"1500\" height=\"530\" src=\"https:\/\/cparici.com\/wp-content\/uploads\/2025\/07\/cparici-85.jpg\" class=\"attachment-full size-full wp-image-67792\" alt=\"Broc\u00e9liande\" srcset=\"https:\/\/cparici.com\/wp-content\/uploads\/2025\/07\/cparici-85.jpg 1500w, https:\/\/cparici.com\/wp-content\/uploads\/2025\/07\/cparici-85-300x106.jpg 300w, https:\/\/cparici.com\/wp-content\/uploads\/2025\/07\/cparici-85-1024x362.jpg 1024w, https:\/\/cparici.com\/wp-content\/uploads\/2025\/07\/cparici-85-768x271.jpg 768w, https:\/\/cparici.com\/wp-content\/uploads\/2025\/07\/cparici-85-18x6.jpg 18w, https:\/\/cparici.com\/wp-content\/uploads\/2025\/07\/cparici-85-590x208.jpg 590w, https:\/\/cparici.com\/wp-content\/uploads\/2025\/07\/cparici-85-1200x424.jpg 1200w, https:\/\/cparici.com\/wp-content\/uploads\/2025\/07\/cparici-85-577x204.jpg 577w, https:\/\/cparici.com\/wp-content\/uploads\/2025\/07\/cparici-85-600x212.jpg 600w\" sizes=\"(max-width: 1500px) 100vw, 1500px\" \/>\t\t\t\t\t\t\t\t\t\t\t\t\t\t\t<\/div>\n\t\t\t\t<\/div>\n\t\t<aside class=\"elementor-element elementor-element-0a4cb67 e-flex e-con-boxed e-con e-parent\" data-id=\"0a4cb67\" data-element_type=\"container\" data-e-type=\"container\">\n\t\t\t\t\t<div class=\"e-con-inner\">\n\t\t\t\t<div class=\"elementor-element elementor-element-0a7be5e elementor-widget elementor-widget-global elementor-global-62046 elementor-widget-eael-advanced-search\" data-id=\"0a7be5e\" data-element_type=\"widget\" data-e-type=\"widget\" data-widget_type=\"eael-advanced-search.default\">\n\t\t\t\t\t        <div class=\"eael-adv-search-wrapper\">\n            <div id=\"eael-advanced-search-widget-0a7be5e\" class=\"eael-advanced-search-widget\">\n                <form data-settings=\"{&quot;post_per_page&quot;:5,&quot;search_among_taxonomies&quot;:&quot;&quot;,&quot;search_among_sku&quot;:&quot;no&quot;,&quot;show_popular_keyword&quot;:0,&quot;show_category&quot;:0,&quot;show_content_image&quot;:1,&quot;show_search_result_all_results&quot;:0,&quot;result_on_new_tab&quot;:&quot;no&quot;,&quot;show_product_price&quot;:&quot;no&quot;,&quot;include_current_page&quot;:&quot;no&quot;,&quot;current_post_id&quot;:67791,&quot;post_type&quot;:[&quot;post&quot;,&quot;listing&quot;]}\" method=\"POST\" name=\"eael-advanced-search-form-0a7be5e\" class=\"eael-advanced-search-form eael-advanced-search-form-style-2\">\n                    <div class=\"eael-advanced-search-wrap\">\n                        <span class=\"eael-adv-search-loader\"><\/span>\n                        <span class=\"eael-adv-search-close\"><i class=\"fas fa-times\"><\/i><\/span>\n                        <span class=\"icon \"><i class=\"fas fa-search\"><\/i><\/span>\n\n                        <input type=\"text\"\n                               placeholder=\"Votre destination\"\n                               class=\"eael-advanced-search\" autocomplete=\"off\" name=\"eael_advanced_search\">\n                    <\/div>\n\t\t\t\t\t                                    <\/form>\n\n\t\t\t\t\n\t\t\t\t        <div class=\"eael-advanced-search-result\">\n            <div class=\"eael-advanced-search-popular-keyword\">\n\t\t\t\t<h4 class=\"eael-advanced-search-popular-keyword-text\">Recherches populaires<\/h4>                <div class=\"eael-popular-keyword-content\"><\/div>\n            <\/div>\n            <div class=\"eael-advanced-search-category\">\n\t\t\t\t<h4 class=\"eael-advanced-search-category-text\">Categories<\/h4>                <div class=\"eael-popular-category-content\"><\/div>\n            <\/div>\n\t\t\t<div class=\"eael-advanced-search-total-results-section\">\n\t\t\t\t\t\t\t<\/div>\n            <div class=\"eael-advanced-search-content eael-item-style-3\">\n            <\/div>\n            <div class=\"eael-advanced-search-not-found\">\n                <p>Pas de r\u00e9sultats<\/p><\/div>\n            <div class=\"eael-advanced-search-load-more\">\n\t\t\t\t<a \tclass=\"eael-advanced-search-load-more-button\"\n                \thref=\"#\">Voir tous les r\u00e9sultats<\/a>\n            <\/div>\n        <\/div>\n\n\t\t            <\/div>\n        <\/div>\n\n\t\t\t\t\t\t<\/div>\n\t\t\t\t\t<\/div>\n\t\t\t\t<\/aside>\n\t\t<div class=\"elementor-element elementor-element-3fa36549 e-flex e-con-boxed e-con e-parent\" data-id=\"3fa36549\" data-element_type=\"container\" data-e-type=\"container\">\n\t\t\t\t\t<div class=\"e-con-inner\">\n\t\t\t\t<div class=\"elementor-element elementor-element-1b1a8f95 elementor-widget elementor-widget-text-editor\" data-id=\"1b1a8f95\" data-element_type=\"widget\" data-e-type=\"widget\" data-widget_type=\"text-editor.default\">\n\t\t\t\t\t\t\t\t\t<h1 style=\"text-align: center;\" data-start=\"109\" data-end=\"154\">Broc\u00e9liande, de la for\u00eat \u00e0 la s\u00e9rie: une l\u00e9gende hors du temps<\/h1>\r\n<p data-start=\"65\" data-end=\"102\"><span class=\"relative -mx-px my-[-0.2rem] rounded px-px py-[0.2rem] transition-colors duration-100 ease-in-out\">Bienvenue sur cette immersion dans la l\u00e9gendaire <strong data-start=\"49\" data-end=\"64\">Broc\u00e9liande<\/strong>, joyau de la Bretagne o\u00f9 nature et mythe s\u2019entrelacent. Au c\u0153ur du <strong data-start=\"132\" data-end=\"140\">pays<\/strong> du blog cparici.com, d\u00e9couvrez un voyage entre histoires celtiques et randonn\u00e9es romantiques \u00e0 travers cette for\u00eat enchant\u00e9e. \ud83c\udf32<\/span><\/p>\r\n\r\n<h2 data-start=\"109\" data-end=\"154\">Broc\u00e9liande, une for\u00eat aux mille visages<\/h2>\r\n<p data-start=\"155\" data-end=\"270\"><span class=\"relative -mx-px my-[-0.2rem] rounded px-px py-[0.2rem] transition-colors duration-100 ease-in-out\">La <strong data-start=\"3\" data-end=\"24\">for\u00eat de Paimpont<\/strong>, connue sous le nom de <strong data-start=\"48\" data-end=\"63\">Broc\u00e9liande<\/strong>, s\u2019\u00e9tend sur plus de 11\u202f000\u202fhectares, class\u00e9e ZNIEFF et Natura 2000. Avec ses ch\u00eanes mill\u00e9naires, h\u00eatres majestueux et r\u00e9sineux anciens, elle h\u00e9berge une faune vari\u00e9e\u202f: cerfs, sangliers, oiseaux migrateurs\u2026<\/span><br data-start=\"230\" data-end=\"233\" \/><span class=\"relative -mx-px my-[-0.2rem] rounded px-px py-[0.2rem] transition-colors duration-100 ease-in-out\">Enti\u00e8rement taill\u00e9e entre <a href=\"https:\/\/cparici.com\/ille-et-vilaine\/\">Ille-et-Vilaine<\/a> et <a href=\"https:\/\/cparici.com\/visiter-le-morbihan-guide-des-sites-et-activites-a-ne-pas-manquer\/\">Morbihan<\/a>, elle offre un cadre propice \u00e0 la <strong data-start=\"88\" data-end=\"101\">randonn\u00e9e<\/strong>, le repos, la contemplation.<\/span><\/p>\r\n<p data-start=\"277\" data-end=\"942\">La <strong data-start=\"280\" data-end=\"304\">for\u00eat de Broc\u00e9liande<\/strong>, connue officiellement sous le nom de <strong data-start=\"343\" data-end=\"364\">for\u00eat de Paimpont<\/strong>, est l\u2019un des lieux les plus fascinants de Bretagne. \u00c9tendue sur pr\u00e8s de 11\u202f000 hectares, elle couvre principalement le d\u00e9partement d\u2019Ille-et-Vilaine, avec quelques incursions dans le Morbihan et les C\u00f4tes-d\u2019Armor. Cette vaste for\u00eat de feuillus et de r\u00e9sineux, class\u00e9e en partie <strong data-start=\"644\" data-end=\"664\">zone Natura\u202f2000<\/strong>, est un v\u00e9ritable havre de biodiversit\u00e9 o\u00f9 cohabitent cerfs, sangliers, chevreuils, renards, et une multitude d\u2019oiseaux. Ses paysages vari\u00e9s \u2013 vallons brumeux, landes de bruy\u00e8res, \u00e9tangs scintillants et sentiers ombrag\u00e9s \u2013 offrent un d\u00e9cor id\u00e9al pour la randonn\u00e9e et l\u2019\u00e9vasion.<\/p>\r\n<p data-start=\"944\" data-end=\"1519\">Mais ce qui distingue surtout la <strong data-start=\"977\" data-end=\"1001\">for\u00eat de Broc\u00e9liande<\/strong> des autres massifs forestiers fran\u00e7ais, c\u2019est sa dimension l\u00e9gendaire. Depuis le Moyen \u00c2ge, elle est le th\u00e9\u00e2tre des r\u00e9cits arthuriennes et celtiques qui ont forg\u00e9 son identit\u00e9 mythique. Chr\u00e9tien de Troyes, au XII\u1d49 si\u00e8cle, fut le premier \u00e0 mentionner Broc\u00e9liande dans ses romans de chevalerie. \u00c0 travers ses lignes, cette for\u00eat devint le lieu o\u00f9 Merlin l\u2019enchanteur rencontra la f\u00e9e Viviane, o\u00f9 Morgane tra\u00e7a les limites du Val sans Retour, et o\u00f9 la qu\u00eate du Graal d\u00e9buta pour nombre de chevaliers de la Table Ronde.<\/p>\r\n<p data-start=\"1521\" data-end=\"2117\">Parmi les sites embl\u00e9matiques de la for\u00eat, on trouve le myst\u00e9rieux <strong data-start=\"1588\" data-end=\"1609\">Tombeau de Merlin<\/strong>, une all\u00e9e couverte n\u00e9olithique investie par la l\u00e9gende comme le dernier refuge du c\u00e9l\u00e8bre mage. La <strong data-start=\"1710\" data-end=\"1734\">Fontaine de Barenton<\/strong>, quant \u00e0 elle, est r\u00e9put\u00e9e pour ses pouvoirs magiques\u202f: elle ferait jaillir la pluie \u00e0 la demande, selon les anciens contes. Le <strong data-start=\"1863\" data-end=\"1882\">Val sans Retour<\/strong>, marqu\u00e9 par l\u2019Arbre d\u2019Or, raconte la vengeance de la f\u00e9e Morgane contre les amants infid\u00e8les. Ces lieux, accessibles par des sentiers balis\u00e9s, invitent \u00e0 une immersion totale dans un univers o\u00f9 l\u2019imaginaire dialogue avec l\u2019Histoire.<\/p>\r\n<p data-start=\"2119\" data-end=\"2585\">Aujourd\u2019hui, la <strong data-start=\"2135\" data-end=\"2159\">for\u00eat de Broc\u00e9liande<\/strong> attire chaque ann\u00e9e des milliers de visiteurs en qu\u00eate de nature, de myst\u00e8re et de po\u00e9sie. Des balades cont\u00e9es, propos\u00e9es par des guides locaux, permettent de revivre les l\u00e9gendes sur les lieux m\u00eames o\u00f9 elles sont cens\u00e9es s\u2019\u00eatre d\u00e9roul\u00e9es. Le <strong data-start=\"2403\" data-end=\"2439\">Centre de l\u2019Imaginaire Arthurien<\/strong>, install\u00e9 au Ch\u00e2teau de Comper, prolonge cette exp\u00e9rience avec des expositions et des spectacles qui font le bonheur des petits comme des grands.<\/p>\r\n<p data-start=\"2587\" data-end=\"2958\">Explorer la <strong data-start=\"2599\" data-end=\"2623\">for\u00eat de Broc\u00e9liande<\/strong>, c\u2019est donc bien plus qu\u2019une simple promenade en for\u00eat\u202f: c\u2019est une rencontre avec les racines de la culture bretonne et un voyage dans le temps, entre m\u00e9galithes pr\u00e9historiques et r\u00e9cits m\u00e9di\u00e9vaux. Entre nature luxuriante et contes enchanteurs, ce site exceptionnel continue d\u2019inspirer \u00e9crivains, po\u00e8tes, et voyageurs du monde entier.<\/p>\r\n\r\n\r\n<figure id=\"attachment_67793\" aria-describedby=\"caption-attachment-67793\" style=\"width: 1500px\" class=\"wp-caption aligncenter\"><a href=\"https:\/\/cparici.com\/wp-content\/uploads\/2025\/07\/cparici-86.jpg\"><img decoding=\"async\" class=\"wp-image-67793 size-full\" src=\"https:\/\/cparici.com\/wp-content\/uploads\/2025\/07\/cparici-86.jpg\" alt=\"Broc\u00e9liande tombe de Merlin\" width=\"1500\" height=\"530\" srcset=\"https:\/\/cparici.com\/wp-content\/uploads\/2025\/07\/cparici-86.jpg 1500w, https:\/\/cparici.com\/wp-content\/uploads\/2025\/07\/cparici-86-300x106.jpg 300w, https:\/\/cparici.com\/wp-content\/uploads\/2025\/07\/cparici-86-1024x362.jpg 1024w, https:\/\/cparici.com\/wp-content\/uploads\/2025\/07\/cparici-86-768x271.jpg 768w, https:\/\/cparici.com\/wp-content\/uploads\/2025\/07\/cparici-86-18x6.jpg 18w, https:\/\/cparici.com\/wp-content\/uploads\/2025\/07\/cparici-86-590x208.jpg 590w, https:\/\/cparici.com\/wp-content\/uploads\/2025\/07\/cparici-86-1200x424.jpg 1200w, https:\/\/cparici.com\/wp-content\/uploads\/2025\/07\/cparici-86-577x204.jpg 577w, https:\/\/cparici.com\/wp-content\/uploads\/2025\/07\/cparici-86-600x212.jpg 600w\" sizes=\"(max-width: 1500px) 100vw, 1500px\" \/><\/a><figcaption id=\"caption-attachment-67793\" class=\"wp-caption-text\">Broc\u00e9liande tombe de Merlin<\/figcaption><\/figure>\r\n<h2 data-start=\"277\" data-end=\"337\">Mythes et l\u00e9gendes\u202f: o\u00f9 l\u2019Histoire rejoint l\u2019Imaginaire<\/h2>\r\n<p data-start=\"338\" data-end=\"451\"><span class=\"relative -mx-px my-[-0.2rem] rounded px-px py-[0.2rem] transition-colors duration-100 ease-in-out\">Le nom <strong data-start=\"7\" data-end=\"22\">Broc\u00e9liande<\/strong> appara\u00eet d\u00e8s le 12\u1d49\u202fsi\u00e8cle dans <em data-start=\"55\" data-end=\"86\">Yvain ou le Chevalier au Lion<\/em> de Chr\u00e9tien de Troyes, pr\u00e8s d\u2019un ch\u00e2teau mythique en Bretagne<\/span>. <span class=\"relative -mx-px my-[-0.2rem] rounded px-px py-[0.2rem] transition-colors duration-100 ease-in-out\">Depuis, la for\u00eat n\u2019est plus seulement naturelle, mais profond\u00e9ment <strong data-start=\"67\" data-end=\"79\">mythique<\/strong>, habit\u00e9e par <strong data-start=\"93\" data-end=\"103\">Merlin<\/strong>, les f\u00e9es Viviane et Morgane.<\/span><\/p>\r\n\r\n<h3 data-start=\"44\" data-end=\"97\">Merlin, l\u2019enchanteur\u202f: l\u00e9gendes, magie et myst\u00e8re<\/h3>\r\n<p data-start=\"480\" data-end=\"595\"><span class=\"relative -mx-px my-[-0.2rem] rounded px-px py-[0.2rem] transition-colors duration-100 ease-in-out\">Merlin trouve refuge dans les profondeurs de Broc\u00e9liande, se lie \u00e0 Viviane, puis est pi\u00e9g\u00e9 de fa\u00e7on magique<\/span>. <span class=\"relative -mx-px my-[-0.2rem] rounded px-px py-[0.2rem] transition-colors duration-100 ease-in-out\">Des lieux comme le Tombeau de Merlin ont symboliquement incarn\u00e9 cette histoire d\u00e8s le XIX\u1d49\u202fsi\u00e8cle.<\/span><\/p>\r\n<p data-start=\"99\" data-end=\"252\"><span class=\"relative -mx-px my-[-0.2rem] rounded px-px py-[0.2rem] transition-colors duration-100 ease-in-out\">Merlin, figure embl\u00e9matique de la l\u00e9gende arthurienne, est repr\u00e9sent\u00e9 comme un <strong data-start=\"79\" data-end=\"93\">enchanteur<\/strong>, un <strong data-start=\"98\" data-end=\"110\">proph\u00e8te<\/strong>, un <strong data-start=\"115\" data-end=\"138\">artisan de la magie<\/strong>, et un <strong data-start=\"146\" data-end=\"162\">sage sauvage<\/strong>, dont les r\u00e9cits ont travers\u00e9 les si\u00e8cles<\/span>. <span class=\"relative -mx-px my-[-0.2rem] rounded px-px py-[0.2rem] transition-colors duration-100 ease-in-out\">N\u00e9 au Royaume de Bretagne, fils d\u2019une m\u00e8re humaine et d\u2019un p\u00e8re d\u00e9moniaque, il incarne l\u2019union du divin et du diabolique, un \u00eatre aux pouvoirs illimit\u00e9s, capable de pr\u00e9dire l\u2019avenir, de converser avec les animaux, ou encore de changer de forme, allant de l\u2019enfant au vieillard \u00e0 volont\u00e9<\/span>.<\/p>\r\n\r\n<h4 data-start=\"254\" data-end=\"281\">Les origines de Merlin<\/h4>\r\n<p data-start=\"283\" data-end=\"397\"><span class=\"relative -mx-px my-[-0.2rem] rounded px-px py-[0.2rem] transition-colors duration-100 ease-in-out\">La naissance de Merlin est envelopp\u00e9e de fantastique\u202f: sa m\u00e8re, une nonne, est s\u00e9duite par un d\u00e9mon, ce qui conf\u00e8re \u00e0 Merlin sa double nature et ses dons surnaturels, dont la <strong data-start=\"175\" data-end=\"191\">clairvoyance<\/strong> et la <strong data-start=\"198\" data-end=\"211\" data-is-last-node=\"\">proph\u00e9tie<\/strong><\/span> . <span class=\"relative -mx-px my-[-0.2rem] rounded px-px py-[0.2rem] transition-colors duration-100 ease-in-out\">Cette origine mi-divine, mi-diabolique le destine \u00e0 jouer un r\u00f4le pivot dans la naissance et la destin\u00e9e du roi Arthur.<\/span><\/p>\r\n\r\n<h4 data-start=\"399\" data-end=\"425\">Architecte du royaume<\/h4>\r\n<p data-start=\"427\" data-end=\"503\"><span class=\"relative -mx-px my-[-0.2rem] rounded px-px py-[0.2rem] transition-colors duration-100 ease-in-out\">Merlin est l\u2019architecte secret de Camelot\u202f: c\u2019est lui qui orchestre l\u2019\u00e9preuve de l\u2019\u00e9p\u00e9e dans la pierre, informe du Graal, et construit la Table ronde. Du rocher o\u00f9 l\u2019\u00e9p\u00e9e est scell\u00e9e \u00e0 la fondation du royaume, il encha\u00eene pr\u00e9diction, protection et construction sacr\u00e9e<\/span>.<\/p>\r\n\r\n<h4 data-start=\"505\" data-end=\"526\">L\u2019homme des bois<\/h4>\r\n<p data-start=\"528\" data-end=\"608\"><span class=\"relative -mx-px my-[-0.2rem] rounded px-px py-[0.2rem] transition-colors duration-100 ease-in-out\">Malgr\u00e9 sa stature \u00e0 la cour, Merlin est profond\u00e9ment li\u00e9 \u00e0 la <strong data-start=\"62\" data-end=\"71\">for\u00eat<\/strong>, en particulier \u00e0 Broc\u00e9liande. Dans de nombreuses chroniques m\u00e9di\u00e9vales, la for\u00eat est un lieu de retraite et de puissance mystique pour lui\u202f: il s\u2019y assoit, m\u00e9dite, entend les arbres, se confie \u00e0 la nature, fid\u00e8le au profil du <strong data-start=\"299\" data-end=\"318\" data-is-last-node=\"\">sage chamanique<\/strong><\/span>.<\/p>\r\n\r\n<h4 data-start=\"610\" data-end=\"654\">L\u2019amour fatal : Viviane, la Dame du Lac<\/h4>\r\n<p data-start=\"656\" data-end=\"736\"><span class=\"relative -mx-px my-[-0.2rem] rounded px-px py-[0.2rem] transition-colors duration-100 ease-in-out\">L\u2019\u00e9pisode le plus c\u00e9l\u00e8bre de Merlin est sa relation avec la f\u00e9e <strong data-start=\"64\" data-end=\"75\">Viviane<\/strong> (aussi appel\u00e9e Nimu\u00e9, Niniane), la Dame du Lac. Prot\u00e9g\u00e9e magique n\u00e9e dans la for\u00eat, elle \u00e9tudie avec lui, s\u2019\u00e9prend de lui, et apprend ses secrets. Legend has it that Merlin taught her the power of enchantment, creating, in Broc\u00e9liande, illusions like a crystal palace at the bottom of the lake of Comper<\/span>.<\/p>\r\n<p data-start=\"738\" data-end=\"818\"><span class=\"relative -mx-px my-[-0.2rem] rounded px-px py-[0.2rem] transition-colors duration-100 ease-in-out\">Mais Viviane, voulant s\u2019\u00e9manciper, pi\u00e8ge Merlin\u202f: elle l\u2019enferme dans une grotte d\u2019air ou tombeau magique, scellant ses pouvoirs \u00e0 jamais. Dans l\u2019ultime amant de la magie, c\u2019est aussi la trahison amoureuse de la f\u00e9e qui entra\u00eene sa fin douloureuse<\/span> .<\/p>\r\n\r\n<h4 data-start=\"820\" data-end=\"847\">L\u2019h\u00e9ritage continental<\/h4>\r\n<p data-start=\"849\" data-end=\"929\"><span class=\"relative -mx-px my-[-0.2rem] rounded px-px py-[0.2rem] transition-colors duration-100 ease-in-out\">Merlin \u00e9merge dans la litt\u00e9rature avec <strong data-start=\"39\" data-end=\"63\">Geoffroy de Monmouth<\/strong> au XII\u1d49 si\u00e8cle, puis est repris par <strong data-start=\"100\" data-end=\"119\">Robert de Boron<\/strong>, <strong data-start=\"121\" data-end=\"143\">Chr\u00e9tien de Troyes<\/strong>, <strong data-start=\"145\" data-end=\"155\">Malory<\/strong>, etc. Sa figure \u00e9volue\u202f: b\u00e2tisseur, conseiller, mage, proph\u00e8te, jusqu\u2019\u00e0 devenir triomphant et tragique dans le cycle du Graal et la chute d\u2019Arthur<\/span>.<\/p>\r\n\r\n<h4 data-start=\"931\" data-end=\"964\">Merlin, source d\u2019inspiration<\/h4>\r\n<p data-start=\"966\" data-end=\"1311\">Sa post\u00e9rit\u00e9 est immense : h\u00e9ros d\u2019op\u00e9ras, de romans, de BD, de s\u00e9ries et de films. Il incarne la <strong data-start=\"1064\" data-end=\"1082\">sagesse arcane<\/strong>, le <strong data-start=\"1087\" data-end=\"1110\">d\u00e9sir d\u2019immortalit\u00e9<\/strong>, le <strong data-start=\"1115\" data-end=\"1149\">m\u00e9lange du sacr\u00e9 et du profane<\/strong>. Son nom, d\u00e9riv\u00e9 du gallois Myrddin, \u00e9voque aussi la transformation, l\u2019alchimie et la nature mythique de la connaissance .<\/p>\r\n<p data-start=\"1334\" data-end=\"1803\">Merlin, mage de Broc\u00e9liande, proph\u00e8te du tr\u00f4ne, amant trahi, est \u00e0 la crois\u00e9e du mythe et de l\u2019histoire. Il n\u2019est pas seulement un personnage\u202f: il est symbole. Sa l\u00e9gende combine la <strong data-start=\"1516\" data-end=\"1525\">magie<\/strong>, la <strong data-start=\"1530\" data-end=\"1544\">sage folie<\/strong>, l\u2019<strong data-start=\"1548\" data-end=\"1563\">amour fatal<\/strong> et la <strong data-start=\"1570\" data-end=\"1583\">proph\u00e9tie<\/strong>, offrant un miroir \u00e0 l\u2019imaginaire humain. Chaque tronc, chaque \u00e9tang et chaque fontaine porte aujourd\u2019hui encore l\u2019\u00e9cho de son passage, invitant \u00e0 red\u00e9couvrir le <strong data-start=\"1746\" data-end=\"1765\">g\u00e9nie arthurien<\/strong> dans les for\u00eats bretonnes et au-del\u00e0.<\/p>\r\n\r\n<h3 data-start=\"157\" data-end=\"209\">Morgane et le Val sans Retour : l\u00e9gende bretonne<\/h3>\r\n<p data-start=\"633\" data-end=\"712\"><span class=\"relative -mx-px my-[-0.2rem] rounded px-px py-[0.2rem] transition-colors duration-100 ease-in-out\">La f\u00e9e Morgane, bless\u00e9e en amour, cr\u00e9e le <strong data-start=\"42\" data-end=\"61\">Val sans Retour<\/strong> pour emprisonner les chevaliers infid\u00e8les. Ce n\u2019est qu\u2019avec l\u2019arriv\u00e9e de Lancelot que le sort sera rompu<\/span>.<\/p>\r\n<p data-start=\"211\" data-end=\"553\"><strong data-start=\"211\" data-end=\"222\">Morgane<\/strong>, la demi-s\u0153ur du roi Arthur, est l\u2019une des figures les plus fascinantes des l\u00e9gendes arthuriennes. Pr\u00e9sent\u00e9e tour \u00e0 tour comme <strong data-start=\"350\" data-end=\"357\">f\u00e9e<\/strong>, magicienne ou gu\u00e9risseuse, elle incarne le myst\u00e8re et l\u2019ambigu\u00eft\u00e9. Dans la <strong data-start=\"434\" data-end=\"458\">for\u00eat de Broc\u00e9liande<\/strong>, elle est intimement li\u00e9e au <strong data-start=\"488\" data-end=\"507\">Val sans Retour<\/strong>, un lieu o\u00f9 magie et passion s\u2019entrelacent.<\/p>\r\n<p data-start=\"555\" data-end=\"947\">La l\u00e9gende raconte que Morgane, bless\u00e9e par la trahison de son amant, d\u00e9cida de punir l\u2019infid\u00e9lit\u00e9 masculine. Elle jeta un sort au Val sans Retour, emprisonnant \u00e0 jamais les chevaliers infid\u00e8les dans une boucle temporelle o\u00f9 leurs d\u00e9sirs se retournaient contre eux. Seul <strong data-start=\"826\" data-end=\"838\">Lancelot<\/strong>, fid\u00e8le \u00e0 son amour pour Gueni\u00e8vre, r\u00e9ussira \u00e0 briser l\u2019enchantement en traversant le Val sans \u00eatre pi\u00e9g\u00e9.<\/p>\r\n\r\n\r\n<figure id=\"attachment_67796\" aria-describedby=\"caption-attachment-67796\" style=\"width: 1500px\" class=\"wp-caption aligncenter\"><a href=\"https:\/\/cparici.com\/wp-content\/uploads\/2025\/07\/cparici-88.jpg\"><img decoding=\"async\" class=\"wp-image-67796 size-full\" src=\"https:\/\/cparici.com\/wp-content\/uploads\/2025\/07\/cparici-88.jpg\" alt=\"Broc\u00e9liande le val sans retour et l'arbre d'or\" width=\"1500\" height=\"530\" srcset=\"https:\/\/cparici.com\/wp-content\/uploads\/2025\/07\/cparici-88.jpg 1500w, https:\/\/cparici.com\/wp-content\/uploads\/2025\/07\/cparici-88-300x106.jpg 300w, https:\/\/cparici.com\/wp-content\/uploads\/2025\/07\/cparici-88-1024x362.jpg 1024w, https:\/\/cparici.com\/wp-content\/uploads\/2025\/07\/cparici-88-768x271.jpg 768w, https:\/\/cparici.com\/wp-content\/uploads\/2025\/07\/cparici-88-18x6.jpg 18w, https:\/\/cparici.com\/wp-content\/uploads\/2025\/07\/cparici-88-590x208.jpg 590w, https:\/\/cparici.com\/wp-content\/uploads\/2025\/07\/cparici-88-1200x424.jpg 1200w, https:\/\/cparici.com\/wp-content\/uploads\/2025\/07\/cparici-88-577x204.jpg 577w, https:\/\/cparici.com\/wp-content\/uploads\/2025\/07\/cparici-88-600x212.jpg 600w\" sizes=\"(max-width: 1500px) 100vw, 1500px\" \/><\/a><figcaption id=\"caption-attachment-67796\" class=\"wp-caption-text\">Broc\u00e9liande le val sans retour et l\u2019arbre d\u2019or<\/figcaption><\/figure>\r\n<p data-start=\"949\" data-end=\"1296\">Aujourd\u2019hui, le <strong data-start=\"965\" data-end=\"984\">Val sans Retour<\/strong> attire de nombreux visiteurs en qu\u00eate de myst\u00e8re. On y d\u00e9couvre le <strong data-start=\"1052\" data-end=\"1071\">Miroir aux F\u00e9es<\/strong>, l\u2019<strong data-start=\"1075\" data-end=\"1089\">Arbre d\u2019Or<\/strong> et des sentiers bord\u00e9s de l\u00e9gendes. Ce site mythique de Broc\u00e9liande continue d\u2019alimenter les r\u00e9cits et les r\u00eaves, symbolisant \u00e0 la fois la puissance des passions humaines et la force de la nature enchant\u00e9e.<\/p>\r\n\r\n<h2 data-start=\"719\" data-end=\"764\">Les sites incontournables de Broc\u00e9liande<\/h2>\r\n<h3 data-start=\"765\" data-end=\"791\">Fontaine de Barenton<\/h3>\r\n<p data-start=\"792\" data-end=\"911\"><span class=\"relative -mx-px my-[-0.2rem] rounded px-px py-[0.2rem] transition-colors duration-100 ease-in-out\">Cette fontaine bouillonne myst\u00e9rieusement, invoquant pluie et lumi\u00e8re<\/span>. <span class=\"relative -mx-px my-[-0.2rem] rounded px-px py-[0.2rem] transition-colors duration-100 ease-in-out\">Elle attire encore aujourd\u2019hui ceux en qu\u00eate d\u2019amour ou de magie. La <strong data-start=\"143\" data-end=\"167\">Fontaine de Barenton<\/strong>, au c\u0153ur de la <strong data-start=\"190\" data-end=\"214\">for\u00eat de Broc\u00e9liande<\/strong>, est l\u2019un des lieux les plus mythiques de Bretagne. Selon la l\u00e9gende, cette source aurait le pouvoir de provoquer la pluie si l\u2019on verse de l\u2019eau sur son perron. Elle est aussi le th\u00e9\u00e2tre de la rencontre entre <strong data-start=\"425\" data-end=\"448\">Merlin l\u2019enchanteur<\/strong> et la f\u00e9e Viviane, un moment cl\u00e9 des r\u00e9cits arthuriennes. Entour\u00e9e de h\u00eatres et de pierres couvertes de mousse, la <strong data-start=\"564\" data-end=\"588\">Fontaine de Barenton<\/strong> fascine par son aura mystique et attire promeneurs et amateurs de contes enchant\u00e9s.<\/span><\/p>\r\n\r\n<h3 data-start=\"913\" data-end=\"939\">Le Tombeau de Merlin<\/h3>\r\n<p data-start=\"940\" data-end=\"979\"><span class=\"relative -mx-px my-[-0.2rem] rounded px-px py-[0.2rem] transition-colors duration-100 ease-in-out\">Vestige m\u00e9galithique associ\u00e9 au c\u00e9l\u00e8bre enchanteur\u202f; sa localisation et son r\u00f4le symbolique remontent au XIX\u1d49\u202fsi\u00e8cle lorsque le lien l\u00e9gendaire s\u2019ancre dans les r\u00e9cits locaux.<\/span><\/p>\r\n<p data-start=\"196\" data-end=\"647\">Le <strong data-start=\"199\" data-end=\"220\">Tombeau de Merlin<\/strong>, situ\u00e9 dans la <strong data-start=\"236\" data-end=\"260\">for\u00eat de Broc\u00e9liande<\/strong>, est l\u2019un des sites les plus embl\u00e9matiques li\u00e9s aux l\u00e9gendes arthuriennes. Il s\u2019agit en r\u00e9alit\u00e9 des vestiges d\u2019une all\u00e9e couverte n\u00e9olithique, vieille de plusieurs mill\u00e9naires, autrefois longue de pr\u00e8s de 12 m\u00e8tres. Aujourd\u2019hui, seuls deux blocs de schiste rouge \u00e9mergent de la terre, entour\u00e9s d\u2019une atmosph\u00e8re mystique qui attire curieux, passionn\u00e9s d\u2019histoire et amateurs de contes.<\/p>\r\n<p data-start=\"649\" data-end=\"1073\">Selon la l\u00e9gende, c\u2019est ici que la f\u00e9e <strong data-start=\"688\" data-end=\"699\">Viviane<\/strong>, amoureuse de Merlin, aurait enferm\u00e9 l\u2019enchanteur dans une prison invisible, un cercle magique tiss\u00e9 de ses propres sorts. Le mage, d\u00e9sormais prisonnier pour l\u2019\u00e9ternit\u00e9, continuerait \u00e0 murmurer ses secrets \u00e0 qui sait \u00e9couter. Cette histoire a popularis\u00e9 le site d\u00e8s le XIX\u1d49 si\u00e8cle, lorsque l\u2019\u00e9crivain F\u00e9lix Bellamy identifia ce dolmen comme la derni\u00e8re demeure de Merlin.<\/p>\r\n<p data-start=\"1075\" data-end=\"1465\">Aujourd\u2019hui, le <strong data-start=\"1091\" data-end=\"1112\">Tombeau de Merlin<\/strong> est accessible via un sentier balis\u00e9 pr\u00e8s du village des landes de Paimpont. Les visiteurs y d\u00e9posent souvent des offrandes ou des pierres porte-bonheur, croyant b\u00e9n\u00e9ficier de la protection ou de la sagesse de l\u2019enchanteur. Ce lieu, charg\u00e9 d\u2019histoire et de symbolisme, reste un incontournable pour quiconque souhaite percer les myst\u00e8res de Broc\u00e9liande.<\/p>\r\n\r\n<h3 data-start=\"981\" data-end=\"1015\">Val sans Retour & Arbre d\u2019Or<\/h3>\r\n<p data-start=\"1016\" data-end=\"1095\"><span class=\"relative -mx-px my-[-0.2rem] rounded px-px py-[0.2rem] transition-colors duration-100 ease-in-out\">Ce vallon \u00e9tincelle entre roches rouges, miroir aux f\u00e9es, si\u00e8ge de Merlin et l\u2019<strong data-start=\"79\" data-end=\"93\">Arbre d\u2019Or<\/strong>, \u0153uvre contemporaine (1991) qui symbolise la renaissance apr\u00e8s un incendie<\/span>.<\/p>\r\n<p data-start=\"194\" data-end=\"581\">Le <strong data-start=\"197\" data-end=\"216\">Val sans Retour<\/strong>, est un lieu charg\u00e9 de magie et d\u2019histoire. Selon la l\u00e9gende, la f\u00e9e <strong data-start=\"326\" data-end=\"337\">Morgane<\/strong>, s\u0153ur du roi Arthur, y aurait enferm\u00e9 les chevaliers infid\u00e8les gr\u00e2ce \u00e0 un puissant sortil\u00e8ge. Prisonniers de ce vallon enchant\u00e9, ils \u00e9taient condamn\u00e9s \u00e0 errer sans fin jusqu\u2019\u00e0 ce que <strong data-start=\"521\" data-end=\"533\">Lancelot<\/strong>, fid\u00e8le \u00e0 Gueni\u00e8vre, vienne briser le charme.<\/p>\r\n<p data-start=\"583\" data-end=\"952\">Aujourd\u2019hui, le <strong data-start=\"599\" data-end=\"618\">Val sans Retour<\/strong> s\u00e9duit les visiteurs par ses paysages sauvages : landes de bruy\u00e8res, roches rouges et sentiers sinueux. C\u2019est \u00e9galement ici que se trouve l\u2019<strong data-start=\"759\" data-end=\"773\">Arbre d\u2019Or<\/strong>, une \u0153uvre d\u2019art contemporaine cr\u00e9\u00e9e en 1991 apr\u00e8s un incendie d\u00e9vastateur. Recouvert de feuilles d\u2019or, cet arbre symbolise la renaissance de la for\u00eat et la force de la nature.<\/p>\r\n<p data-start=\"954\" data-end=\"1239\">Le site abrite aussi le <strong data-start=\"978\" data-end=\"997\">Miroir aux F\u00e9es<\/strong>, un petit \u00e9tang au reflet mystique, et le Rocher des Faux-Amants, autre \u00e9cho aux r\u00e9cits arthuriennes. Accessible depuis le village de Tr\u00e9horenteuc, le <strong data-start=\"1149\" data-end=\"1168\">Val sans Retour<\/strong> offre une balade l\u00e9gendaire o\u00f9 nature et contes se m\u00ealent avec po\u00e9sie.<\/p>\r\n\r\n<h3 data-start=\"1097\" data-end=\"1155\">Ch\u00e2teau de Comper & Centre de l\u2019Imaginaire Arthurien<\/h3>\r\n<p data-start=\"1156\" data-end=\"1235\"><span class=\"relative -mx-px my-[-0.2rem] rounded px-px py-[0.2rem] transition-colors duration-100 ease-in-out\">R\u00e9sidence suppos\u00e9e de Viviane, il accueille aujourd\u2019hui spectacles, expositions, parcours immersifs pour toute la famille<\/span>.<\/p>\r\n<p data-start=\"263\" data-end=\"672\">Le <strong data-start=\"266\" data-end=\"287\">Ch\u00e2teau de Comper<\/strong>, situ\u00e9 \u00e0 Concoret dans la <strong data-start=\"314\" data-end=\"338\">for\u00eat de Broc\u00e9liande<\/strong>, est un lieu o\u00f9 l\u2019Histoire et la l\u00e9gende se rencontrent. Construit au XIII\u1d49 si\u00e8cle, ce ch\u00e2teau m\u00e9di\u00e9val, transform\u00e9 au fil des si\u00e8cles, est aujourd\u2019hui c\u00e9l\u00e8bre pour abriter le <strong data-start=\"515\" data-end=\"551\">Centre de l\u2019Imaginaire Arthurien<\/strong> (CIA), un espace enti\u00e8rement d\u00e9di\u00e9 aux mythes et r\u00e9cits du roi Arthur, de Merlin, et des chevaliers de la Table Ronde.<\/p>\r\n\r\n<h4 data-start=\"674\" data-end=\"716\">Un lieu charg\u00e9 d\u2019histoire et de magie<\/h4>\r\n<p data-start=\"718\" data-end=\"1150\">Le ch\u00e2teau domine le <strong data-start=\"739\" data-end=\"757\">lac de Viviane<\/strong>, o\u00f9, selon la l\u00e9gende, la f\u00e9e Viviane aurait \u00e9lev\u00e9 le jeune Lancelot dans un palais de cristal invisible aux yeux des mortels. Cet \u00e9crin naturel, entour\u00e9 de bois et de brumes matinales, nourrit depuis des si\u00e8cles l\u2019imaginaire collectif. Le site a connu des heures sombres (guerres de succession bretonnes, incendies) avant sa restauration partielle, qui a permis sa reconversion culturelle.<\/p>\r\n\r\n<h4 data-start=\"1152\" data-end=\"1215\">Le Centre de l\u2019Imaginaire Arthurien : une immersion totale<\/h4>\r\n<p data-start=\"1217\" data-end=\"1643\">Cr\u00e9\u00e9 en 1988 par un collectif d\u2019artistes et d\u2019\u00e9rudits, le <strong data-start=\"1275\" data-end=\"1311\">Centre de l\u2019Imaginaire Arthurien<\/strong> fait vivre les l\u00e9gendes au travers d\u2019expositions, de spectacles, et d\u2019ateliers. Le public y d\u00e9couvre des repr\u00e9sentations iconographiques, des maquettes, des costumes et des objets li\u00e9s aux cycles arthurien et celtique. Des sc\u00e9nographies immersives invitent petits et grands \u00e0 voyager dans le monde de Merlin, Morgane et des f\u00e9es.<\/p>\r\n<p data-start=\"1645\" data-end=\"1982\">Chaque \u00e9t\u00e9, le Centre organise le festival \u201cLes Rencontres de l\u2019Imaginaire\u201d, o\u00f9 conteurs, musiciens, illustrateurs et passionn\u00e9s se r\u00e9unissent pour c\u00e9l\u00e9brer l\u2019univers arthurien. On peut y \u00e9couter des r\u00e9cits autour de la Table Ronde, voir des d\u00e9monstrations de combats m\u00e9di\u00e9vaux et participer \u00e0 des ateliers de calligraphie ou de forge.<\/p>\r\n\r\n<h4 data-start=\"1984\" data-end=\"2033\">Un point de d\u00e9part pour explorer Broc\u00e9liande<\/h4>\r\n<p data-start=\"2035\" data-end=\"2393\">Le <strong data-start=\"2038\" data-end=\"2059\">Ch\u00e2teau de Comper<\/strong> est aussi une excellente porte d\u2019entr\u00e9e pour partir \u00e0 la d\u00e9couverte de Broc\u00e9liande. Depuis le site, des sentiers m\u00e8nent vers d\u2019autres lieux embl\u00e9matiques comme la <strong data-start=\"2223\" data-end=\"2247\">Fontaine de Barenton<\/strong> ou le <strong data-start=\"2254\" data-end=\"2273\">Val sans Retour<\/strong>. Le cadre enchanteur du domaine, avec son parc arbor\u00e9 et son \u00e9tang, invite \u00e0 la d\u00e9tente avant ou apr\u00e8s une randonn\u00e9e.<\/p>\r\n\r\n<h4 data-start=\"2395\" data-end=\"2422\">Informations pratiques<\/h4>\r\n<p data-start=\"2424\" data-end=\"2693\">Le ch\u00e2teau et le CIA sont ouverts de mars \u00e0 novembre. Des visites guid\u00e9es, des activit\u00e9s pour enfants et des spectacles de plein air sont propos\u00e9s en saison. Une boutique th\u00e9matique permet de repartir avec livres, objets artisanaux et souvenirs inspir\u00e9s des l\u00e9gendes.<\/p>\r\n\r\n<h2 data-start=\"44\" data-end=\"197\"><span class=\"relative -mx-px my-[-0.2rem] rounded px-px py-[0.2rem] transition-colors duration-100 ease-in-out\">La <strong data-start=\"3\" data-end=\"24\">s\u00e9rie Broc\u00e9liande<\/strong><\/span><\/h2>\r\n<p data-start=\"44\" data-end=\"197\"><span class=\"relative -mx-px my-[-0.2rem] rounded px-px py-[0.2rem] transition-colors duration-100 ease-in-out\">La <strong data-start=\"3\" data-end=\"24\">s\u00e9rie Broc\u00e9liande<\/strong> se d\u00e9ploie en six \u00e9pisodes haletants, diffus\u00e9s \u00e0 partir de 2024 sur TF1 (France), La\u202fUne (Belgique) et RTS\u202fUn (Suisse)<\/span>. <span class=\"relative -mx-px my-[-0.2rem] rounded px-px py-[0.2rem] transition-colors duration-100 ease-in-out\">Polar \u00e0 l\u2019ambiance bretonne, cette mini\u2011s\u00e9rie met en sc\u00e8ne Nolwenn Leroy dans un r\u00f4le totalement in\u00e9dit : celui de Fanny\u202fLegoff, <strong data-start=\"129\" data-end=\"143\">biologiste<\/strong> r\u00e9put\u00e9e contrainte de retourner dans sa r\u00e9gion natale, la for\u00eat l\u00e9gendaire de Broc\u00e9liande, 20 ans apr\u00e8s un drame qui la marque \u00e0 jamais<\/span>.<\/p>\r\n\r\n\r\n<figure id=\"attachment_67797\" aria-describedby=\"caption-attachment-67797\" style=\"width: 1024px\" class=\"wp-caption aligncenter\"><a href=\"https:\/\/cparici.com\/wp-content\/uploads\/2025\/07\/La-Serie-Broceliande-copie-decran-site-broceliande-guide.jpg\"><img decoding=\"async\" class=\"wp-image-67797 size-large\" src=\"https:\/\/cparici.com\/wp-content\/uploads\/2025\/07\/La-Serie-Broceliande-copie-decran-site-broceliande-guide-1024x547.jpg\" alt=\"La S\u00e9rie Broc\u00e9liande copie d'\u00e9cran site \" width=\"1024\" height=\"547\" srcset=\"https:\/\/cparici.com\/wp-content\/uploads\/2025\/07\/La-Serie-Broceliande-copie-decran-site-broceliande-guide-1024x547.jpg 1024w, https:\/\/cparici.com\/wp-content\/uploads\/2025\/07\/La-Serie-Broceliande-copie-decran-site-broceliande-guide-300x160.jpg 300w, https:\/\/cparici.com\/wp-content\/uploads\/2025\/07\/La-Serie-Broceliande-copie-decran-site-broceliande-guide-768x410.jpg 768w, https:\/\/cparici.com\/wp-content\/uploads\/2025\/07\/La-Serie-Broceliande-copie-decran-site-broceliande-guide-18x10.jpg 18w, https:\/\/cparici.com\/wp-content\/uploads\/2025\/07\/La-Serie-Broceliande-copie-decran-site-broceliande-guide-590x315.jpg 590w, https:\/\/cparici.com\/wp-content\/uploads\/2025\/07\/La-Serie-Broceliande-copie-decran-site-broceliande-guide-1200x640.jpg 1200w, https:\/\/cparici.com\/wp-content\/uploads\/2025\/07\/La-Serie-Broceliande-copie-decran-site-broceliande-guide-577x308.jpg 577w, https:\/\/cparici.com\/wp-content\/uploads\/2025\/07\/La-Serie-Broceliande-copie-decran-site-broceliande-guide-600x320.jpg 600w, https:\/\/cparici.com\/wp-content\/uploads\/2025\/07\/La-Serie-Broceliande-copie-decran-site-broceliande-guide.jpg 1482w\" sizes=\"(max-width: 1024px) 100vw, 1024px\" \/><\/a><figcaption id=\"caption-attachment-67797\" class=\"wp-caption-text\">La S\u00e9rie Broc\u00e9liande copie d\u2019\u00e9cran site \u2013 <a href=\"https:\/\/broceliande.guide\/Broceliande-la-serie-avec-Nolwenn-Leroy-sur-TF1\" target=\"_blank\" rel=\"noopener\">Broc\u00e9liande.guide<\/a><\/figcaption><\/figure>\r\n<h3 data-start=\"44\" data-end=\"197\">La s\u00e9rie Broc\u00e9liande, le pitch<\/h3>\r\n<p data-start=\"199\" data-end=\"352\"><span class=\"relative -mx-px my-[-0.2rem] rounded px-px py-[0.2rem] transition-colors duration-100 ease-in-out\">Le <strong data-start=\"3\" data-end=\"12\">pitch<\/strong> de la s\u00e9rie Broc\u00e9liande repose sur un myst\u00e8re graphique : Fanny, soup\u00e7onn\u00e9e de la disparition de sa meilleure amie Laura au d\u00e9but des ann\u00e9es 2000, re\u00e7oit un colis macabre \u2013 une serpe ensanglant\u00e9e accompagn\u00e9e d\u2019une lettre l\u2019accusant \u2013 et choisit de revenir \u00e0 l\u2019Universit\u00e9 de Broc\u00e9liande pour faire face \u00e0 son pass\u00e9<\/span>. <span class=\"relative -mx-px my-[-0.2rem] rounded px-px py-[0.2rem] transition-colors duration-100 ease-in-out\">Rapidement, l\u2019histoire se r\u00e9p\u00e8te quand une \u00e9tudiante, Chlo\u00e9, dispara\u00eet dans les m\u00eames circonstances, relan\u00e7ant les soup\u00e7ons contre Fanny, qui serait la derni\u00e8re personne \u00e0 avoir vu cette jeune femme en vie<\/span>.<\/p>\r\n<p data-start=\"354\" data-end=\"472\"><span class=\"relative -mx-px my-[-0.2rem] rounded px-px py-[0.2rem] transition-colors duration-100 ease-in-out\">Tourn\u00e9e au printemps-\u00e9t\u00e9 2023 entre Paimpont, Beignon, Rennes et Bourgbarr\u00e9 en Bretagne, la s\u00e9rie Broc\u00e9liande joue habilement avec son d\u00e9cor natif : la majestueuse <strong data-start=\"164\" data-end=\"185\">for\u00eat de Paimpont<\/strong>, identifi\u00e9e comme la l\u00e9gendaire Broc\u00e9liande, devient protagoniste \u00e0 part enti\u00e8re<\/span> . <span class=\"relative -mx-px my-[-0.2rem] rounded px-px py-[0.2rem] transition-colors duration-100 ease-in-out\">Le Ch\u00e2teau de Comper, la Fontaine de Barenton, et les sentiers mill\u00e9naires incarnent un \u00e9crin parfait o\u00f9 l\u2019atmosph\u00e8re devient oppressante, myst\u00e9rieuse et iconique.<\/span><\/p>\r\n\r\n<h3 data-start=\"354\" data-end=\"472\">La distribution Broc\u00e9liande<\/h3>\r\n<p data-start=\"474\" data-end=\"635\"><span class=\"relative -mx-px my-[-0.2rem] rounded px-px py-[0.2rem] transition-colors duration-100 ease-in-out\">La distribution joue pleinement la carte locale : outre Nolwenn Leroy, on retrouve Marie-Anne Chazel en m\u00e8re un peu mystique, Thomas Jouannet dans la police locale, Arnaud Binard interpr\u00e9tant le garde-forestier Maxence, et Catherine Marchal comme ancienne professeur de Fanny<\/span>. <span class=\"relative -mx-px my-[-0.2rem] rounded px-px py-[0.2rem] transition-colors duration-100 ease-in-out\">Ce casting, compl\u00e9t\u00e9 par des retours dans le pass\u00e9 (avec Eva\u202fHatik, Rebecca\u202fBenhamour \u2026), ancre encore davantage la <strong data-start=\"116\" data-end=\"137\">s\u00e9rie Broc\u00e9liande<\/strong> dans un univers \u00e0 la fois contemporain et sensible au poids du pass\u00e9<\/span>.<\/p>\r\n<p data-start=\"637\" data-end=\"879\"><span class=\"relative -mx-px my-[-0.2rem] rounded px-px py-[0.2rem] transition-colors duration-100 ease-in-out\">C\u00f4t\u00e9 critique, les avis sont partag\u00e9s. T\u00e9l\u00e9rama note que l\u2019intrigue \u201cse perd dans ses propres fils\u201d et d\u00e9plore un certain manque de vraisemblance<\/span>. <span class=\"relative -mx-px my-[-0.2rem] rounded px-px py-[0.2rem] transition-colors duration-100 ease-in-out\">En revanche, d\u2019autres m\u00e9dias comme Sud-Ouest saluent \u201cla performance remarquable\u201d de Nolwenn Leroy, louant la s\u00e9rie comme un polar prometteur<\/span>. <span class=\"relative -mx-px my-[-0.2rem] rounded px-px py-[0.2rem] transition-colors duration-100 ease-in-out\">(Note : citation indirecte sans r\u00e9f pr\u00e9cise.) Les audiences ont en tout cas \u00e9t\u00e9 solides : en France, la mini\u2011s\u00e9rie a rassembl\u00e9 en replay jusqu\u2019\u00e0 5,8\u202fmillions de t\u00e9l\u00e9spectateurs par \u00e9pisode, culminant \u00e0 une part de march\u00e9 de 27,1\u202f%<\/span> .<\/p>\r\n<p data-start=\"881\" data-end=\"1296\">Au-del\u00e0 du thriller, la <strong data-start=\"905\" data-end=\"926\">s\u00e9rie Broc\u00e9liande<\/strong> s\u2019inscrit dans une tendance r\u00e9cente qui valorise les terroirs : la <a href=\"https:\/\/cparici.com\/visiter-la-bretagne-guide-des-sites-et-villes-a-explorer\/\">Bretagne<\/a> y appara\u00eet comme un personnage secondaire incarn\u00e9 par ses for\u00eats centenaires, ses l\u00e9gendes arthuriennes et sa culture enracin\u00e9e. Le myst\u00e8re contemporain s\u2019entrem\u00eale subtilement \u00e0 la m\u00e9moire ancestrale, exploitant l\u2019image mythique de Broc\u00e9liande pour mieux surprendre et envo\u00fbter le spectateur.<\/p>\r\n<p data-start=\"1298\" data-end=\"1806\">En d\u00e9finitive, la s\u00e9rie Broc\u00e9liande propose un m\u00e9lange unique de myst\u00e8re, de paysage myst\u00e9rieux et de psychologie, port\u00e9e par une actrice au carrefour de deux univers : la star de la chanson devenue h\u00e9ro\u00efne de polar. Si l\u2019intrigue divise parfois, l\u2019exp\u00e9rience visuelle \u2014 brod\u00e9e autour de la for\u00eat sacr\u00e9e \u2014 reste fascinante. \u00c0 ce jour, aucun renouvellement n\u2019a \u00e9t\u00e9 annonc\u00e9 pour une saison 2, laissant le volet <strong data-start=\"1707\" data-end=\"1728\">s\u00e9rie Broc\u00e9liande<\/strong> comme une unique immersion dans un univers \u00e0 la fois familier et fantastique.<\/p>\r\n\r\n<h2 data-start=\"44\" data-end=\"122\">Les Jardins de\u202fBroc\u00e9liande : nature, sens et po\u00e9sie au c\u0153ur de la Bretagne<\/h2>\r\n<p data-start=\"124\" data-end=\"315\"><span class=\"relative -mx-px my-[-0.2rem] rounded px-px py-[0.2rem] transition-colors duration-100 ease-in-out\">\u00c0 seulement <strong data-start=\"12\" data-end=\"39\">15 kilom\u00e8tres de Rennes<\/strong>, les <strong data-start=\"45\" data-end=\"71\">Jardins de\u202fBroc\u00e9liande<\/strong> s\u2019\u00e9tendent sur <strong data-start=\"87\" data-end=\"102\">24\u202fhectares<\/strong> (pr\u00e8s de 60\u202facres) \u00e0 Br\u00e9al\u2011sous\u2011Montfort, en bordure de la for\u00eat mythique de Broc\u00e9liande<\/span>. <span class=\"relative -mx-px my-[-0.2rem] rounded px-px py-[0.2rem] transition-colors duration-100 ease-in-out\">Labellis\u00e9s <strong data-start=\"11\" data-end=\"33\">Jardin remarquable<\/strong> depuis 2006<\/span>, <span class=\"relative -mx-px my-[-0.2rem] rounded px-px py-[0.2rem] transition-colors duration-100 ease-in-out\">ils offrent une immersion dans un univers sensoriel o\u00f9 <strong data-start=\"55\" data-end=\"65\">nature<\/strong>, <strong data-start=\"67\" data-end=\"77\">po\u00e9sie<\/strong> et <strong data-start=\"81\" data-end=\"95\">d\u00e9couverte<\/strong> cohabitent harmonieusement.<\/span><\/p>\r\n<p data-start=\"317\" data-end=\"393\"><span class=\"relative -mx-px my-[-0.2rem] rounded px-px py-[0.2rem] transition-colors duration-100 ease-in-out\">Le parc est structur\u00e9 autour de <strong data-start=\"32\" data-end=\"55\">jardins th\u00e9matiques<\/strong> : jardin \u00e0 la fran\u00e7aise, jardin anglais, zones botaniques (iris, cam\u00e9lias, dahlias), vergers, mares p\u00e9dagogiques\u2026 Avec plus de <strong data-start=\"183\" data-end=\"208\">1\u202f000 vari\u00e9t\u00e9s d\u2019iris<\/strong>, <strong data-start=\"210\" data-end=\"223\">400 lilas<\/strong>, <strong data-start=\"225\" data-end=\"249\">150 pommiers anciens<\/strong>, ainsi que ch\u00eanes, \u00e9rables et hydrang\u00e9as, c\u2019est un festival botanique qui rythme les saisons<\/span>.<\/p>\r\n<p data-start=\"395\" data-end=\"511\"><span class=\"relative -mx-px my-[-0.2rem] rounded px-px py-[0.2rem] transition-colors duration-100 ease-in-out\">Outre la beaut\u00e9 visuelle, l\u2019exp\u00e9rience sensorielle est au c\u0153ur de la visite. Le parcours <strong data-start=\"89\" data-end=\"115\">\u00ab\u202fR\u00e9veille tes pieds\u202f\u00bb<\/strong> invite \u00e0 d\u00e9ambuler pieds nus sur une diversit\u00e9 de textures (terre, galets, bois\u2026), tandis que <strong data-start=\"210\" data-end=\"233\">\u00ab\u202fActive tes sens\u202f\u00bb<\/strong> propose d\u2019aveugler l\u2019un de vos sens pour privil\u00e9gier l\u2019\u00e9coute et le toucher<\/span>. <span class=\"relative -mx-px my-[-0.2rem] rounded px-px py-[0.2rem] transition-colors duration-100 ease-in-out\">Pour les plus aventuriers, un <strong data-start=\"30\" data-end=\"43\">parcabout<\/strong> \u2013 structure foresti\u00e8re ludique \u2013 permet de grimper dans les arbres et de surplomber la canop\u00e9e.<\/span><\/p>\r\n<p data-start=\"513\" data-end=\"593\"><span class=\"relative -mx-px my-[-0.2rem] rounded px-px py-[0.2rem] transition-colors duration-100 ease-in-out\">Tout au long de la saison, les <strong data-start=\"31\" data-end=\"44\">Estivales<\/strong> ou <strong data-start=\"48\" data-end=\"75\">Festival Arts & Jardins<\/strong> ponctuent les dimanches apr\u00e8s-midi d\u2019animations gratuites : spectacles de rue, ateliers botaniques, rallyes ludiques\u2026 L\u2019acc\u00e8s est inclus dans le billet, favorisant la d\u00e9couverte et le partage en famille<\/span>.<\/p>\r\n<p data-start=\"595\" data-end=\"675\"><span class=\"relative -mx-px my-[-0.2rem] rounded px-px py-[0.2rem] transition-colors duration-100 ease-in-out\">Par ailleurs, les Jardins de\u202fBroc\u00e9liande affichent un engagement social marqu\u00e9. Ils sont port\u00e9s par l\u2019<strong data-start=\"102\" data-end=\"135\">\u00e9conomie sociale et solidaire<\/strong>, favorisant l\u2019<strong data-start=\"150\" data-end=\"202\">inclusion des personnes en situation de handicap<\/strong> et l\u2019acc\u00e8s universel \u00e0 la culture et \u00e0 la nature<\/span>.<\/p>\r\n<p data-start=\"677\" data-end=\"838\"><span class=\"relative -mx-px my-[-0.2rem] rounded px-px py-[0.2rem] transition-colors duration-100 ease-in-out\">Lieu de <strong data-start=\"8\" data-end=\"33\">d\u00e9connexion num\u00e9rique<\/strong>, les Jardins offrent un cadre paisible propice \u00e0 la m\u00e9ditation, \u00e0 la promenade tranquille ou \u00e0 la red\u00e9couverte des petits plaisirs de la vie en plein air<\/span> . <span class=\"relative -mx-px my-[-0.2rem] rounded px-px py-[0.2rem] transition-colors duration-100 ease-in-out\">Selon les t\u00e9moignages, les visiteurs appr\u00e9cient cet environnement sensoriel unique : \u201c<strong data-start=\"86\" data-end=\"132\">le parcours R\u00e9veille tes pieds est un must<\/strong>\u201d selon un retour post\u00e9 sur TripAdvisor<\/span>.<\/p>\r\n<p data-start=\"840\" data-end=\"864\"><strong data-start=\"843\" data-end=\"862\">Infos pratiques<\/strong> :<\/p>\r\n\r\n<ul data-start=\"865\" data-end=\"1104\">\r\n \t<li data-start=\"865\" data-end=\"947\">\r\n<p data-start=\"867\" data-end=\"947\"><span class=\"relative -mx-px my-[-0.2rem] rounded px-px py-[0.2rem] transition-colors duration-100 ease-in-out\">Ouverts de <strong data-start=\"11\" data-end=\"39\">mi\u2011avril \u00e0 d\u00e9but octobre<\/strong>, de 10\u202fh \u00e0 19\u202fh selon la saison<\/span>.<\/p>\r\n<\/li>\r\n \t<li data-start=\"948\" data-end=\"1029\">\r\n<p data-start=\"950\" data-end=\"1029\">Accessible en voiture (parking gratuit) et par transports en commun via Rennes.<\/p>\r\n<\/li>\r\n \t<li data-start=\"1030\" data-end=\"1104\">\r\n<p data-start=\"1032\" data-end=\"1104\">Tarif unique, accueils de groupes et animations r\u00e9guli\u00e8rement propos\u00e9es.<\/p>\r\n<\/li>\r\n<\/ul>\r\n<h3 data-start=\"1111\" data-end=\"1160\">Pourquoi visiter les Jardins de\u202fBroc\u00e9liande ?<\/h3>\r\n<ul data-start=\"1162\" data-end=\"1761\">\r\n \t<li data-start=\"1162\" data-end=\"1323\">\r\n<p data-start=\"1164\" data-end=\"1323\"><strong data-start=\"1164\" data-end=\"1188\">Sensations multiples<\/strong> : parmi les <strong data-start=\"1201\" data-end=\"1235\">\u00e9motions botanico-sensorielles<\/strong>, les visiteurs retrouvent un lien authentique \u00e0 la terre, aux plantes et aux saisons.<\/p>\r\n<\/li>\r\n \t<li data-start=\"1324\" data-end=\"1453\">\r\n<p data-start=\"1326\" data-end=\"1453\"><strong data-start=\"1326\" data-end=\"1347\">Pour les familles<\/strong> : parcours interactifs, spectacles gratuits, rallyes enfants\u2026 tout invite \u00e0 vivre un moment de partage.<\/p>\r\n<\/li>\r\n \t<li data-start=\"1454\" data-end=\"1552\">\r\n<p data-start=\"1456\" data-end=\"1552\"><strong data-start=\"1456\" data-end=\"1473\">Accessibilit\u00e9<\/strong> : site pens\u00e9 pour accueillir tous les publics, respectueux de l\u2019environnement.<\/p>\r\n<\/li>\r\n \t<li data-start=\"1553\" data-end=\"1761\">\r\n<p data-start=\"1555\" data-end=\"1761\"><strong data-start=\"1555\" data-end=\"1608\">Un compl\u00e9ment id\u00e9al \u00e0 votre visite de Broc\u00e9liande<\/strong> : situ\u00e9 \u00e0 la porte de la for\u00eat l\u00e9gendaire, il pr\u00e9pare doucement \u00e0 l\u2019\u00e9merveillement des sites mythiques comme le Tombeau de Merlin ou le Val sans Retour.<\/p>\r\n<\/li>\r\n<\/ul>\r\n<p data-start=\"1768\" data-end=\"2057\">En somme, les <strong data-start=\"1782\" data-end=\"1808\">Jardins de\u202fBroc\u00e9liande<\/strong> sont bien plus qu\u2019un simple parc floral\u202f: c\u2019est une <strong data-start=\"1861\" data-end=\"1885\">exp\u00e9rience immersive<\/strong>, un voyage po\u00e9tique entre <strong data-start=\"1912\" data-end=\"1938\">nature, art et l\u00e9gende<\/strong>. \u00c0 d\u00e9couvrir d\u2019urgence si vous souhaitez compl\u00e9ter votre immersion en Bretagne, entre botanique et \u00e9motions sensibles.<\/p>\r\n\r\n<h2 data-start=\"1242\" data-end=\"1279\">Explorer Broc\u00e9liande aujourd\u2019hui<\/h2>\r\n<h3 data-start=\"1280\" data-end=\"1308\">Sentiers et randonn\u00e9es<\/h3>\r\n<p data-start=\"1309\" data-end=\"1388\"><span class=\"relative -mx-px my-[-0.2rem] rounded px-px py-[0.2rem] transition-colors duration-100 ease-in-out\">Plusieurs itin\u00e9raires balis\u00e9s permettent de d\u00e9couvrir ses tr\u00e9sors\u202f: parcours Merlin, Val sans Retour, \u00e9tang de Paimpont, lac de Tr\u00e9melin<\/span>.<\/p>\r\n\r\n<h3 data-start=\"1390\" data-end=\"1425\">Balades cont\u00e9es et immersives<\/h3>\r\n<p data-start=\"1426\" data-end=\"1505\"><span class=\"relative -mx-px my-[-0.2rem] rounded px-px py-[0.2rem] transition-colors duration-100 ease-in-out\">\u00c0 Paimpont comme \u00e0 Tr\u00e9horenteuc, les balades guid\u00e9es invitent petits et grands \u00e0 suivre le r\u00e9cit au c\u0153ur de la nature, au fil des l\u00e9gendes<\/span>.<\/p>\r\n\r\n<h3 data-start=\"1507\" data-end=\"1526\">Faune & flore<\/h3>\r\n<p data-start=\"1527\" data-end=\"1606\"><span class=\"relative -mx-px my-[-0.2rem] rounded px-px py-[0.2rem] transition-colors duration-100 ease-in-out\">Ch\u00eanes, h\u00eatres, pins, for\u00eats humides, \u00e9tangs\u2026 La biodiversit\u00e9 est riche\u202f: cerfs, sangliers, \u00e9cureuils, oiseaux migrateurs<\/span>.<\/p>\r\n\r\n<h2 data-start=\"1613\" data-end=\"1662\">Mythes vs R\u00e9alit\u00e9 : g\u00e9ographie & arch\u00e9ologie<\/h2>\r\n<p data-start=\"1663\" data-end=\"1742\"><span class=\"relative -mx-px my-[-0.2rem] rounded px-px py-[0.2rem] transition-colors duration-100 ease-in-out\">Les recherches indiquent que Broc\u00e9liande est avant tout <strong data-start=\"56\" data-end=\"77\">for\u00eat de Paimpont<\/strong>, rattach\u00e9e aux traditions litt\u00e9raires du Moyen \u00c2ge. Les noms sont adopt\u00e9s au XIX\u1d49 si\u00e8cle pour renforcer l\u2019identit\u00e9 mythique<\/span>.<\/p>\r\n<p data-start=\"1744\" data-end=\"1823\"><span class=\"relative -mx-px my-[-0.2rem] rounded px-px py-[0.2rem] transition-colors duration-100 ease-in-out\">Nombre de m\u00e9galithes, tels que l\u2019Hoti\u00e9 de Viviane, attestent de traces n\u00e9olithiques concr\u00e8tes dans le paysage<\/span>.<\/p>\r\n\r\n<h2 data-start=\"1830\" data-end=\"1867\">Tourisme, activit\u00e9s & \u00e9v\u00e9nements<\/h2>\r\n<h3 data-start=\"1868\" data-end=\"1914\">Histoire de la fr\u00e9quentation touristique<\/h3>\r\n<p data-start=\"1915\" data-end=\"1994\"><span class=\"relative -mx-px my-[-0.2rem] rounded px-px py-[0.2rem] transition-colors duration-100 ease-in-out\">Depuis le XIX\u1d49 si\u00e8cle, Broc\u00e9liande attire en raison de son aura mystique, popularis\u00e9e par les \u00e9rudits et guides templiers\u202f<\/span>.<\/p>\r\n\r\n<h3 data-start=\"1996\" data-end=\"2022\">Animations & loisirs<\/h3>\r\n<p data-start=\"2023\" data-end=\"2102\"><span class=\"relative -mx-px my-[-0.2rem] rounded px-px py-[0.2rem] transition-colors duration-100 ease-in-out\">Festival Excalibur, balades en cal\u00e8che, ateliers artisanaux, spectacles, contes, march\u00e9s\u2026 les animations foisonnent selon les saisons\u202f<\/span><span class=\"\" data-state=\"closed\"><span class=\"ms-1 inline-flex max-w-full items-center relative top-[-0.094rem] animate-[show_150ms_ease-in]\"><a class=\"flex h-4.5 overflow-hidden rounded-xl px-2 text-[9px] font-medium text-token-text-secondary! bg-[#F4F4F4]! dark:bg-[#303030]! transition-colors duration-150 ease-in-out\" href=\"https:\/\/morbihan.com\/decouvrir\/le-morbihan-et-ses-perles-bretonnes\/56-bonnes-raisons-de-venir\/il-etait-une-fois-broceliande\/?utm_source=chatgpt.com\" target=\"_blank\" rel=\"noopener\"><span class=\"relative start-0 bottom-0 flex h-full w-full items-center\"><span class=\"flex h-4 w-full items-center justify-between overflow-hidden\"><span class=\"max-w-full grow truncate overflow-hidden text-center\">Tourisme dans le Morbihan<\/span><\/span><\/span><\/a><\/span><\/span>.<\/p>\r\n\r\n<h2 data-start=\"2109\" data-end=\"2129\">Infos pratiques<\/h2>\r\n<h3 data-start=\"2130\" data-end=\"2141\">Acc\u00e8s<\/h3>\r\n<p data-start=\"2142\" data-end=\"2221\"><span class=\"relative -mx-px my-[-0.2rem] rounded px-px py-[0.2rem] transition-colors duration-100 ease-in-out\">Accessible en 40\u202fmin depuis Rennes via voiture ou bus BreizhGo. Parkings nombreux \u00e0 Paimpont, Tr\u00e9horenteuc, Comper\u202f<\/span>.<\/p>\r\n\r\n<h3 data-start=\"2223\" data-end=\"2259\">Meilleure p\u00e9riode pour visiter<\/h3>\r\n<p data-start=\"2260\" data-end=\"2339\"><span class=\"relative -mx-px my-[-0.2rem] rounded px-px py-[0.2rem] transition-colors duration-100 ease-in-out\">Printemps\/\u00e9t\u00e9 offrent les meilleures conditions m\u00e9t\u00e9o pour la randonn\u00e9e, tandis qu\u2019automne\/hiver d\u00e9voilent une ambiance brumeuse et po\u00e9tique\u202f<\/span>.<\/p>\r\n\r\n<h3 data-start=\"2341\" data-end=\"2374\">H\u00e9bergements & restauration<\/h3>\r\n<p data-start=\"2375\" data-end=\"2454\"><span class=\"relative -mx-px my-[-0.2rem] rounded px-px py-[0.2rem] transition-colors duration-100 ease-in-out\">Paimpont propose h\u00f4tels, g\u00eetes, maisons d\u2019h\u00f4tes. Restaurants, auberges, et m\u00eame h\u00e9bergements sur le th\u00e8me du Moyen \u00c2ge<\/span>.<\/p>\r\n\r\n<h2 data-start=\"2461\" data-end=\"2485\">Foire aux questions Broc\u00e9liande<\/h2>\r\n<h3 data-start=\"2486\" data-end=\"2519\">Qu\u2019est\u2011ce que Broc\u00e9liande ?<\/h3>\r\n<p data-start=\"2520\" data-end=\"2559\"><span class=\"relative -mx-px my-[-0.2rem] rounded px-px py-[0.2rem] transition-colors duration-100 ease-in-out\">Broc\u00e9liande est le nom po\u00e9tique d\u00e9signant la for\u00eat de Paimpont, c\u00e9l\u00e8bre pour ses liens avec la l\u00e9gende arthurienne.<\/span><\/p>\r\n\r\n<h3 data-start=\"2561\" data-end=\"2602\">O\u00f9 se trouve le Tombeau de Merlin ?<\/h3>\r\n<p data-start=\"2603\" data-end=\"2642\"><span class=\"relative -mx-px my-[-0.2rem] rounded px-px py-[0.2rem] transition-colors duration-100 ease-in-out\">Aux confins de la for\u00eat, il s\u2019agit d\u2019un dolmen associ\u00e9 \u00e0 Merlin d\u00e8s le XIX\u1d49 si\u00e8cle.<\/span><\/p>\r\n\r\n<h3 data-start=\"2644\" data-end=\"2688\">Peut\u2011on voir la Fontaine de Barenton ?<\/h3>\r\n<p data-start=\"2689\" data-end=\"2728\"><span class=\"relative -mx-px my-[-0.2rem] rounded px-px py-[0.2rem] transition-colors duration-100 ease-in-out\">Oui, elle est accessible sur des sentiers balis\u00e9s, souvent visite\u0301e en boucle avec le Val sans Retour.<\/span><\/p>\r\n\r\n<h3 data-start=\"2730\" data-end=\"2778\">Quelle est la l\u00e9gende du Val sans Retour ?<\/h3>\r\n<p data-start=\"2779\" data-end=\"2858\"><span class=\"relative -mx-px my-[-0.2rem] rounded px-px py-[0.2rem] transition-colors duration-100 ease-in-out\">Morgane emprisonne les chevaliers infid\u00e8les, d\u00e9senvo\u00fbt\u00e9s ensuite par Lancelot apr\u00e8s 17\u202fans<\/span>.<\/p>\r\n\r\n<h3 data-start=\"2860\" data-end=\"2918\">Les enfants peuvent-ils suivre des balades cont\u00e9es ?<\/h3>\r\n<p data-start=\"2919\" data-end=\"2998\"><span class=\"relative -mx-px my-[-0.2rem] rounded px-px py-[0.2rem] transition-colors duration-100 ease-in-out\">Oui, de nombreuses balades adapt\u00e9es aux familles sont propos\u00e9es via l\u2019Office de Tourisme de Paimpont<\/span>.<\/p>\r\n\r\n<h3 data-start=\"3000\" data-end=\"3042\">Y a\u2011t\u2011il des animations m\u00e9di\u00e9vales ?<\/h3>\r\n<p data-start=\"3043\" data-end=\"3082\"><span class=\"relative -mx-px my-[-0.2rem] rounded px-px py-[0.2rem] transition-colors duration-100 ease-in-out\">Oui, festival Excalibur, animations au Ch\u00e2teau de Comper, ateliers artisanaux et contes animent la for\u00eat chaque ann\u00e9e.<\/span><\/p>\r\n\r\n<h3 data-start=\"3084\" data-end=\"3146\">Quelle est la diff\u00e9rence entre Broc\u00e9liande et Paimpont ?<\/h3>\r\n<p data-start=\"3147\" data-end=\"3186\"><span class=\"relative -mx-px my-[-0.2rem] rounded px-px py-[0.2rem] transition-colors duration-100 ease-in-out\">Aucune : Broc\u00e9liande est le nom l\u00e9gendaire pour la for\u00eat officielle de Paimpont.<\/span><\/p>\r\n\r\n<h3 data-start=\"3188\" data-end=\"3224\">Y a\u2011t\u2011il de la faune sauvage ?<\/h3>\r\n<p data-start=\"3225\" data-end=\"3264\"><span class=\"relative -mx-px my-[-0.2rem] rounded px-px py-[0.2rem] transition-colors duration-100 ease-in-out\">Absolument : cerfs, sangliers, \u00e9cureuils, oiseaux, chauves\u2011souris sont souvent observ\u00e9s.<\/span><\/p>\r\n\r\n<h3 data-start=\"3266\" data-end=\"3310\">Comment acc\u00e9der au Ch\u00e2teau de Comper ?<\/h3>\r\n<p data-start=\"3311\" data-end=\"3390\"><span class=\"relative -mx-px my-[-0.2rem] rounded px-px py-[0.2rem] transition-colors duration-100 ease-in-out\">Le ch\u00e2teau est situ\u00e9 \u00e0 Concoret, au nord-est du massif, accessible en voiture ou via navette touristique<\/span>.<\/p>\r\n\r\n<h3 data-start=\"3392\" data-end=\"3444\">Le sentier cont\u00e9 est\u2011il ouvert toute l\u2019ann\u00e9e ?<\/h3>\r\n<p data-start=\"3445\" data-end=\"3546\">Oui, mais il est recommand\u00e9 de v\u00e9rifier les heures d\u2019ouverture saisonni\u00e8res via l\u2019Office de Tourisme.<\/p>\r\n\r\n<h2 data-start=\"3553\" data-end=\"3568\">Conclusion<\/h2>\r\n<p data-start=\"3569\" data-end=\"3880\">Par cette plong\u00e9e en <strong data-start=\"3590\" data-end=\"3605\">Broc\u00e9liande<\/strong>, vous \u00eates convi\u00e9 \u00e0 un voyage immersif entre <strong data-start=\"3651\" data-end=\"3662\">l\u00e9gende<\/strong>, <strong data-start=\"3664\" data-end=\"3674\">nature<\/strong> et <strong data-start=\"3678\" data-end=\"3690\">histoire<\/strong>. Que vous atteigniez le Tombeau de Merlin, la Fontaine de Barenton ou le Val sans Retour, chaque site renforce l\u2019enchantement. Broc\u00e9liande est un lieu o\u00f9 le r\u00e9el et l\u2019imaginaire fusionnent.<\/p>\r\n<p data-start=\"3882\" data-end=\"3992\">Pour prolonger votre d\u00e9couverte de la France, ne manquez pas nos guides sur les R\u00e9gions et sites touristiques.<\/p>\t\t\t\t\t\t\t\t<\/div>\n\t\t\t\t\t<\/div>\n\t\t\t\t<\/div>\n\t\t<aside class=\"elementor-element elementor-element-f84f080 e-flex e-con-boxed e-con e-parent\" data-id=\"f84f080\" data-element_type=\"container\" data-e-type=\"container\">\n\t\t\t\t\t<div class=\"e-con-inner\">\n\t\t\t\t<div class=\"elementor-element elementor-element-4d08c10 elementor-widget elementor-widget-listeo-posts-grid\" data-id=\"4d08c10\" data-element_type=\"widget\" data-e-type=\"widget\" data-widget_type=\"listeo-posts-grid.default\">\n\t\t\t\t<div class=\"elementor-widget-container\">\n\t\t\t\t\t\t\t\n\t\t<div class=\"listeo-post-grid-wrapper\">\n\t\t\t<div class=\"row\">\n\n\t\t\t\n\n\t\t\t\t\t\t\t<div class=\"col-md-4\">\n                <a href=\"https:\/\/cparici.com\/de\/vannes-guide-complet\/\" class=\"blog-compact-item-container\">\n                    <div class=\"blog-compact-item\">\n                        <img decoding=\"async\" width=\"577\" height=\"212\" src=\"https:\/\/cparici.com\/wp-content\/uploads\/2024\/07\/Vannes.jpg\" class=\"attachment-listeo-blog-related-post size-listeo-blog-related-post wp-post-image\" alt=\"Vannes\" srcset=\"https:\/\/cparici.com\/wp-content\/uploads\/2024\/07\/Vannes.jpg 1440w, https:\/\/cparici.com\/wp-content\/uploads\/2024\/07\/Vannes-600x221.jpg 600w, https:\/\/cparici.com\/wp-content\/uploads\/2024\/07\/Vannes-300x110.jpg 300w, https:\/\/cparici.com\/wp-content\/uploads\/2024\/07\/Vannes-1024x377.jpg 1024w, https:\/\/cparici.com\/wp-content\/uploads\/2024\/07\/Vannes-768x283.jpg 768w\" sizes=\"(max-width: 577px) 100vw, 577px\" \/><span class=\"blog-item-tag\">Bretagne<\/span>                        \n                        <div class=\"blog-compact-item-content\">\n                                                        <h3>Vannes : guide complet pour explorer ses charmes<\/h3>\n                                                        <p>Envie de visiter la ville de Vannes ? Ne manquez pas notre guide complet qui...                            <\/p>\n                                                    <\/div>\n                    <\/div>\n                <\/a>\n            <\/div>\n\t\t\t<div class=\"col-md-4\">\n                <a href=\"https:\/\/cparici.com\/de\/location-vacances-tregunc\/\" class=\"blog-compact-item-container\">\n                    <div class=\"blog-compact-item\">\n                        <img decoding=\"async\" width=\"577\" height=\"385\" src=\"https:\/\/cparici.com\/wp-content\/uploads\/2024\/05\/trevignon-plage.jpg\" class=\"attachment-listeo-blog-related-post size-listeo-blog-related-post wp-post-image\" alt=\"location vacances tr\u00e9gunc\" srcset=\"https:\/\/cparici.com\/wp-content\/uploads\/2024\/05\/trevignon-plage.jpg 2356w, https:\/\/cparici.com\/wp-content\/uploads\/2024\/05\/trevignon-plage-600x400.jpg 600w, https:\/\/cparici.com\/wp-content\/uploads\/2024\/05\/trevignon-plage-300x200.jpg 300w, https:\/\/cparici.com\/wp-content\/uploads\/2024\/05\/trevignon-plage-1024x683.jpg 1024w, https:\/\/cparici.com\/wp-content\/uploads\/2024\/05\/trevignon-plage-768x512.jpg 768w, https:\/\/cparici.com\/wp-content\/uploads\/2024\/05\/trevignon-plage-1536x1024.jpg 1536w, https:\/\/cparici.com\/wp-content\/uploads\/2024\/05\/trevignon-plage-2048x1366.jpg 2048w, https:\/\/cparici.com\/wp-content\/uploads\/2024\/05\/trevignon-plage-240x160.jpg 240w\" sizes=\"(max-width: 577px) 100vw, 577px\" \/><span class=\"blog-item-tag\">Bretagne<\/span>                        \n                        <div class=\"blog-compact-item-content\">\n                                                        <h3>Location Vacances Tr\u00e9gunc<\/h3>\n                                                        <p>Location Vacances Tr\u00e9gunc Invit\u00e9s Invit\u00e9s 1 2 3 4 5 6 7 8 9 10...                            <\/p>\n                                                    <\/div>\n                    <\/div>\n                <\/a>\n            <\/div>\n\t\t\t<div class=\"col-md-4\">\n                <a href=\"https:\/\/cparici.com\/de\/dinard\/\" class=\"blog-compact-item-container\">\n                    <div class=\"blog-compact-item\">\n                        <img decoding=\"async\" width=\"577\" height=\"211\" src=\"https:\/\/cparici.com\/wp-content\/uploads\/2024\/06\/dinard.jpg\" class=\"attachment-listeo-blog-related-post size-listeo-blog-related-post wp-post-image\" alt=\"dinard\" srcset=\"https:\/\/cparici.com\/wp-content\/uploads\/2024\/06\/dinard.jpg 1450w, https:\/\/cparici.com\/wp-content\/uploads\/2024\/06\/dinard-600x219.jpg 600w, https:\/\/cparici.com\/wp-content\/uploads\/2024\/06\/dinard-300x110.jpg 300w, https:\/\/cparici.com\/wp-content\/uploads\/2024\/06\/dinard-1024x374.jpg 1024w, https:\/\/cparici.com\/wp-content\/uploads\/2024\/06\/dinard-768x281.jpg 768w\" sizes=\"(max-width: 577px) 100vw, 577px\" \/><span class=\"blog-item-tag\">Bretagne<\/span>                        \n                        <div class=\"blog-compact-item-content\">\n                                                        <h3>Dinard \u2013 d\u00e9couvrez la perle de la C\u00f4te d\u2019\u00c9meraude<\/h3>\n                                                        <p>Dinard, la perle de la C\u00f4te d'\u00c9meraude, vous r\u00e9serve des surprises. D\u00e9couvrez ses secrets dans...                            <\/p>\n                                                    <\/div>\n                    <\/div>\n                <\/a>\n            <\/div>\n  <\/div>\n        <\/div>\n        \t\t\t\t<\/div>\n\t\t\t\t<\/div>\n\t\t\t\t\t<\/div>\n\t\t\t\t<\/aside>\n\t\t\t\t<\/div>\n\t\t","protected":false},"excerpt":{"rendered":"<p>Recherches populaires Categories Pas de r\u00e9sultats Voir tous les r\u00e9sultats Broc\u00e9liande, de la for\u00eat \u00e0 la s\u00e9rie: une l\u00e9gende hors du temps Bienvenue sur cette immersion dans la l\u00e9gendaire Broc\u00e9liande, joyau de la Bretagne o\u00f9 nature et mythe s\u2019entrelacent. Au c\u0153ur du pays du blog cparici.com, d\u00e9couvrez un voyage entre histoires celtiques et randonn\u00e9es romantiques [&hellip;]<\/p>\n","protected":false},"author":97,"featured_media":67792,"comment_status":"closed","ping_status":"closed","sticky":false,"template":"elementor_header_footer","format":"standard","meta":{"ngg_post_thumbnail":0,"footnotes":""},"categories":[477,478,1028,529],"tags":[],"class_list":["post-67791","post","type-post","status-publish","format-standard","has-post-thumbnail","hentry","category-france","category-bretagne","category-ille-et-vilaine","category-morbihan"],"_links":{"self":[{"href":"https:\/\/cparici.com\/de\/wp-json\/wp\/v2\/posts\/67791","targetHints":{"allow":["GET"]}}],"collection":[{"href":"https:\/\/cparici.com\/de\/wp-json\/wp\/v2\/posts"}],"about":[{"href":"https:\/\/cparici.com\/de\/wp-json\/wp\/v2\/types\/post"}],"author":[{"embeddable":true,"href":"https:\/\/cparici.com\/de\/wp-json\/wp\/v2\/users\/97"}],"replies":[{"embeddable":true,"href":"https:\/\/cparici.com\/de\/wp-json\/wp\/v2\/comments?post=67791"}],"version-history":[{"count":0,"href":"https:\/\/cparici.com\/de\/wp-json\/wp\/v2\/posts\/67791\/revisions"}],"wp:featuredmedia":[{"embeddable":true,"href":"https:\/\/cparici.com\/de\/wp-json\/wp\/v2\/media\/67792"}],"wp:attachment":[{"href":"https:\/\/cparici.com\/de\/wp-json\/wp\/v2\/media?parent=67791"}],"wp:term":[{"taxonomy":"category","embeddable":true,"href":"https:\/\/cparici.com\/de\/wp-json\/wp\/v2\/categories?post=67791"},{"taxonomy":"post_tag","embeddable":true,"href":"https:\/\/cparici.com\/de\/wp-json\/wp\/v2\/tags?post=67791"}],"curies":[{"name":"wp","href":"https:\/\/api.w.org\/{rel}","templated":true}]}}