{"id":67818,"date":"2025-07-16T06:51:51","date_gmt":"2025-07-16T04:51:51","guid":{"rendered":"https:\/\/cparici.com\/?p=67818"},"modified":"2025-07-16T06:56:06","modified_gmt":"2025-07-16T04:56:06","slug":"clisson-un-passe-medieval-revisite-a-litalienne","status":"publish","type":"post","link":"https:\/\/cparici.com\/de\/clisson-un-passe-medieval-revisite-a-litalienne\/","title":{"rendered":"Clisson, eine mittelalterliche Vergangenheit, die auf italienische Art wiederbelebt wird"},"content":{"rendered":"\t\t<div data-elementor-type=\"wp-post\" data-elementor-id=\"67818\" class=\"elementor elementor-67818\" data-elementor-post-type=\"post\">\n\t\t\t\t<div class=\"elementor-element elementor-element-768cc6b e-con-full e-flex e-con e-parent\" data-id=\"768cc6b\" data-element_type=\"container\" data-e-type=\"container\">\n\t\t\t\t<div class=\"elementor-element elementor-element-aff4455 elementor-widget elementor-widget-image\" data-id=\"aff4455\" data-element_type=\"widget\" data-e-type=\"widget\" data-widget_type=\"image.default\">\n\t\t\t\t\t\t\t\t\t\t\t\t\t\t\t<img decoding=\"async\" width=\"1500\" height=\"530\" src=\"https:\/\/cparici.com\/wp-content\/uploads\/2025\/07\/cparici-93.jpg\" class=\"attachment-full size-full wp-image-67821\" alt=\"Clisson\" srcset=\"https:\/\/cparici.com\/wp-content\/uploads\/2025\/07\/cparici-93.jpg 1500w, https:\/\/cparici.com\/wp-content\/uploads\/2025\/07\/cparici-93-300x106.jpg 300w, https:\/\/cparici.com\/wp-content\/uploads\/2025\/07\/cparici-93-1024x362.jpg 1024w, https:\/\/cparici.com\/wp-content\/uploads\/2025\/07\/cparici-93-768x271.jpg 768w, https:\/\/cparici.com\/wp-content\/uploads\/2025\/07\/cparici-93-18x6.jpg 18w, https:\/\/cparici.com\/wp-content\/uploads\/2025\/07\/cparici-93-590x208.jpg 590w, https:\/\/cparici.com\/wp-content\/uploads\/2025\/07\/cparici-93-1200x424.jpg 1200w, https:\/\/cparici.com\/wp-content\/uploads\/2025\/07\/cparici-93-577x204.jpg 577w, https:\/\/cparici.com\/wp-content\/uploads\/2025\/07\/cparici-93-600x212.jpg 600w\" sizes=\"(max-width: 1500px) 100vw, 1500px\" \/>\t\t\t\t\t\t\t\t\t\t\t\t\t\t\t<\/div>\n\t\t\t\t<\/div>\n\t\t<aside class=\"elementor-element elementor-element-edaed5d e-flex e-con-boxed e-con e-parent\" data-id=\"edaed5d\" data-element_type=\"container\" data-e-type=\"container\">\n\t\t\t\t\t<div class=\"e-con-inner\">\n\t\t\t\t<div class=\"elementor-element elementor-element-89124a4 elementor-widget elementor-widget-global elementor-global-62046 elementor-widget-eael-advanced-search\" data-id=\"89124a4\" data-element_type=\"widget\" data-e-type=\"widget\" data-widget_type=\"eael-advanced-search.default\">\n\t\t\t\t\t        <div class=\"eael-adv-search-wrapper\">\n            <div id=\"eael-advanced-search-widget-89124a4\" class=\"eael-advanced-search-widget\">\n                <form data-settings=\"{&quot;post_per_page&quot;:5,&quot;search_among_taxonomies&quot;:&quot;&quot;,&quot;search_among_sku&quot;:&quot;no&quot;,&quot;show_popular_keyword&quot;:0,&quot;show_category&quot;:0,&quot;show_content_image&quot;:1,&quot;show_search_result_all_results&quot;:0,&quot;result_on_new_tab&quot;:&quot;no&quot;,&quot;show_product_price&quot;:&quot;no&quot;,&quot;include_current_page&quot;:&quot;no&quot;,&quot;orderby&quot;:&quot;default&quot;,&quot;order&quot;:&quot;DESC&quot;,&quot;current_post_id&quot;:67818,&quot;post_type&quot;:[&quot;post&quot;,&quot;listing&quot;]}\" method=\"POST\" name=\"eael-advanced-search-form-89124a4\" class=\"eael-advanced-search-form eael-advanced-search-form-style-2\">\n                    <div class=\"eael-advanced-search-wrap\">\n                        <span class=\"eael-adv-search-loader\"><\/span>\n                        <span class=\"eael-adv-search-close\"><i class=\"fas fa-times\"><\/i><\/span>\n                        <span class=\"icon \"><i class=\"fas fa-search\"><\/i><\/span>\n\n                        <input type=\"text\"\n                               placeholder=\"Votre destination\"\n                               class=\"eael-advanced-search\" autocomplete=\"off\" name=\"eael_advanced_search\">\n                    <\/div>\n\t\t\t\t\t                                    <\/form>\n\n\t\t\t\t\n\t\t\t\t        <div class=\"eael-advanced-search-result\">\n            <div class=\"eael-advanced-search-popular-keyword\">\n\t\t\t\t<h4 class=\"eael-advanced-search-popular-keyword-text\">Recherches populaires<\/h4>                <div class=\"eael-popular-keyword-content\"><\/div>\n            <\/div>\n            <div class=\"eael-advanced-search-category\">\n\t\t\t\t<h4 class=\"eael-advanced-search-category-text\">Categories<\/h4>                <div class=\"eael-popular-category-content\"><\/div>\n            <\/div>\n\t\t\t<div class=\"eael-advanced-search-total-results-section\">\n\t\t\t\t\t\t\t<\/div>\n            <div class=\"eael-advanced-search-content eael-item-style-3\">\n            <\/div>\n            <div class=\"eael-advanced-search-not-found\">\n                <p>Pas de r\u00e9sultats<\/p><\/div>\n            <div class=\"eael-advanced-search-load-more\">\n\t\t\t\t<a \tclass=\"eael-advanced-search-load-more-button\"\n                \thref=\"#\">Voir tous les r\u00e9sultats<\/a>\n            <\/div>\n        <\/div>\n\n\t\t            <\/div>\n        <\/div>\n\n\t\t\t\t\t\t<\/div>\n\t\t\t\t\t<\/div>\n\t\t\t\t<\/aside>\n\t\t<div class=\"elementor-element elementor-element-7e4d2aad e-flex e-con-boxed e-con e-parent\" data-id=\"7e4d2aad\" data-element_type=\"container\" data-e-type=\"container\">\n\t\t\t\t\t<div class=\"e-con-inner\">\n\t\t\t\t<div class=\"elementor-element elementor-element-6f1160b0 elementor-widget elementor-widget-text-editor\" data-id=\"6f1160b0\" data-element_type=\"widget\" data-e-type=\"widget\" data-widget_type=\"text-editor.default\">\n\t\t\t\t\t\t\t\t\t<h1 style=\"text-align: center;\" data-start=\"86\" data-end=\"135\">Clisson, pass\u00e9 m\u00e9di\u00e9val revisit\u00e9 \u00e0 l\u2019italienne<\/h1>\r\n<p data-start=\"137\" data-end=\"472\"><strong data-start=\"137\" data-end=\"148\">Clisson<\/strong> est une petite cit\u00e9 charg\u00e9e d\u2019histoire, <strong data-start=\"189\" data-end=\"202\">italienne<\/strong>, m\u00e9di\u00e9vale et pittoresque situ\u00e9e dans le <strong data-start=\"244\" data-end=\"264\">Vignoble <a href=\"https:\/\/cparici.com\/nantes\/\">nantais<\/a><\/strong>. D\u00e9couvrez dans ce guide les tr\u00e9sors \u00e0 ne pas manquer, les meilleures p\u00e9riodes pour la visiter, et des conseils pour profiter pleinement de Clisson\u00a0 en explorant notamment ses sites incontournables.<\/p>\r\n\r\n<h2 data-start=\"479\" data-end=\"520\">Clisson, un pass\u00e9 m\u00e9di\u00e9val riche en patrimoine<\/h2>\r\n<p data-start=\"522\" data-end=\"675\"><span class=\"relative -mx-px my-[-0.2rem] rounded px-px py-[0.2rem] transition-colors duration-100 ease-in-out\">Clisson fut un poste strat\u00e9gique du <strong data-start=\"36\" data-end=\"57\">Duch\u00e9 de Bretagne<\/strong>, d\u00e9fendant la fronti\u00e8re avec l\u2019<a href=\"https:\/\/cparici.com\/angers\/\">Anjou<\/a> et le Poitou d\u00e8s le XI\u1d49 si\u00e8cle. Son <strong data-start=\"131\" data-end=\"142\">ch\u00e2teau<\/strong> fort construit au XII\u1d49 si\u00e8cle domine la S\u00e8vre Nantaise et offre des remparts impressionnants \u00e0 explorer<\/span>. <span class=\"relative -mx-px my-[-0.2rem] rounded px-px py-[0.2rem] transition-colors duration-100 ease-in-out\">Incendi\u00e9 pendant la Guerre de Vend\u00e9e, il a \u00e9t\u00e9 restaur\u00e9 depuis les ann\u00e9es\u202f1970 par le d\u00e9partement<\/span>.<\/p>\r\n<p data-start=\"677\" data-end=\"830\"><span class=\"relative -mx-px my-[-0.2rem] rounded px-px py-[0.2rem] transition-colors duration-100 ease-in-out\">Le c\u0153ur m\u00e9di\u00e9val rec\u00e8le aussi les <strong data-start=\"34\" data-end=\"52\">Halles du XIV\u1d49<\/strong>, l\u2019<strong data-start=\"56\" data-end=\"77\">\u00e9glise Notre\u2011Dame<\/strong> avec fresques et clocher, et la porte sud, class\u00e9e monument historique<\/span>. <span class=\"relative -mx-px my-[-0.2rem] rounded px-px py-[0.2rem] transition-colors duration-100 ease-in-out\">Une balade ici autour des vestiges et cours pav\u00e9es permet de plonger au c\u0153ur de la ville, souvent guid\u00e9e par l\u2019Office de tourisme lors de visites guid\u00e9es d\u20191\u202fh\u202f30<\/span>.<\/p>\r\n\r\n<h3 data-start=\"837\" data-end=\"874\">L\u2019empreinte italienne d\u2019exception<\/h3>\r\n<p data-start=\"876\" data-end=\"1037\"><span class=\"relative -mx-px my-[-0.2rem] rounded px-px py-[0.2rem] transition-colors duration-100 ease-in-out\">Clisson est surnomm\u00e9e <strong data-start=\"22\" data-end=\"47\">\u201cClisson l\u2019Italienne\u201d<\/strong> pour ses villas, arcades aux toits de <strong data-start=\"86\" data-end=\"111\">tuiles en terre cuite<\/strong>, et jardins inspir\u00e9s de la Toscane<\/span> . <span class=\"relative -mx-px my-[-0.2rem] rounded px-px py-[0.2rem] transition-colors duration-100 ease-in-out\">Ce style italien poignant remonte \u00e0 Fran\u00e7ois\u2011Fr\u00e9d\u00e9ric Lemot et aux fr\u00e8res Cacault, qui remodel\u00e8rent la ville au d\u00e9but du XIX\u1d49 si\u00e8cle, recr\u00e9ant des paysages rappelant l\u2019Italie rurale<\/span>.<\/p>\r\n<p data-start=\"1039\" data-end=\"1119\"><span class=\"relative -mx-px my-[-0.2rem] rounded px-px py-[0.2rem] transition-colors duration-100 ease-in-out\">Le <strong data-start=\"3\" data-end=\"34\">Domaine de la Garenne Lemot<\/strong>, domaine \u00e0 l\u2019italienne avec villa n\u00e9o\u2011palladienne, fabriques et jardins m\u00e9diterran\u00e9ens, en est le c\u0153ur. Il propose des expositions et promenades libres ou guid\u00e9es, notamment post\u2011expositions estivales<\/span>.<\/p>\r\n\r\n\r\n<figure id=\"attachment_67825\" aria-describedby=\"caption-attachment-67825\" style=\"width: 1500px\" class=\"wp-caption aligncenter\"><a href=\"https:\/\/cparici.com\/wp-content\/uploads\/2025\/07\/cparici-94-1.jpg\"><img decoding=\"async\" class=\"wp-image-67825 size-full\" src=\"https:\/\/cparici.com\/wp-content\/uploads\/2025\/07\/cparici-94-1.jpg\" alt=\"Ch\u00e2teau de Clisson\" width=\"1500\" height=\"530\" srcset=\"https:\/\/cparici.com\/wp-content\/uploads\/2025\/07\/cparici-94-1.jpg 1500w, https:\/\/cparici.com\/wp-content\/uploads\/2025\/07\/cparici-94-1-300x106.jpg 300w, https:\/\/cparici.com\/wp-content\/uploads\/2025\/07\/cparici-94-1-1024x362.jpg 1024w, https:\/\/cparici.com\/wp-content\/uploads\/2025\/07\/cparici-94-1-768x271.jpg 768w, https:\/\/cparici.com\/wp-content\/uploads\/2025\/07\/cparici-94-1-18x6.jpg 18w, https:\/\/cparici.com\/wp-content\/uploads\/2025\/07\/cparici-94-1-590x208.jpg 590w, https:\/\/cparici.com\/wp-content\/uploads\/2025\/07\/cparici-94-1-1200x424.jpg 1200w, https:\/\/cparici.com\/wp-content\/uploads\/2025\/07\/cparici-94-1-577x204.jpg 577w, https:\/\/cparici.com\/wp-content\/uploads\/2025\/07\/cparici-94-1-600x212.jpg 600w\" sizes=\"(max-width: 1500px) 100vw, 1500px\" \/><\/a><figcaption id=\"caption-attachment-67825\" class=\"wp-caption-text\">Ch\u00e2teau de Clisson<\/figcaption><\/figure>\r\n<h2 data-start=\"1039\" data-end=\"1119\"><span class=\"relative -mx-px my-[-0.2rem] rounded px-px py-[0.2rem] transition-colors duration-100 ease-in-out\">Le <strong data-start=\"3\" data-end=\"25\">ch\u00e2teau de Clisson<\/strong><\/span><\/h2>\r\n<p data-start=\"42\" data-end=\"118\"><span class=\"relative -mx-px my-[-0.2rem] rounded px-px py-[0.2rem] transition-colors duration-100 ease-in-out\">Le <strong data-start=\"3\" data-end=\"25\">ch\u00e2teau de Clisson<\/strong>, perch\u00e9 sur un promontoire rocheux dominant la S\u00e8vre Nantaise, est une forteresse m\u00e9di\u00e9vale embl\u00e9matique de <strong data-start=\"134\" data-end=\"145\">Clisson<\/strong>. Sa construction d\u00e9bute au XII\u1d49 si\u00e8cle, initi\u00e9e par la puissante famille \u00e9ponyme, avec une enceinte polygonale flanqu\u00e9e de <strong data-start=\"269\" data-end=\"291\">tours cylindriques<\/strong> pour prot\u00e9ger la fronti\u00e8re du Duch\u00e9 de Bretagne<\/span>.<\/p>\r\n<p data-start=\"120\" data-end=\"273\"><span class=\"relative -mx-px my-[-0.2rem] rounded px-px py-[0.2rem] transition-colors duration-100 ease-in-out\">Au XVe si\u00e8cle, sous le r\u00e8gne de Fran\u00e7ois II, d\u2019importants travaux modernisent le ch\u00e2teau : ajout d\u2019une seconde enceinte, tours d\u2019artillerie, barbacanes et bastions construits pour faire face aux innovations militaires<\/span>. <span class=\"relative -mx-px my-[-0.2rem] rounded px-px py-[0.2rem] transition-colors duration-100 ease-in-out\">Cet am\u00e9nagement profond, de pr\u00e8s de 100\u202fm \u00e0 l\u2019ouest, en renforce notablement la d\u00e9fense<\/span>.<\/p>\r\n<p data-start=\"275\" data-end=\"351\"><span class=\"relative -mx-px my-[-0.2rem] rounded px-px py-[0.2rem] transition-colors duration-100 ease-in-out\">Abandonn\u00e9 aux XVII\u1d49 si\u00e8cle, le ch\u00e2teau est incendi\u00e9 en 1793 lors de la Guerre de <a href=\"https:\/\/cparici.com\/vendee\/\">Vend\u00e9e<\/a>, provoquant d\u00e9g\u00e2ts et reconversion en carri\u00e8re de pierre. En 1807, le sculpteur Fran\u00e7ois\u2011Fr\u00e9d\u00e9ric Lemot acquiert les ruines pour pr\u00e9server le site, int\u00e9grant la forteresse dans son domaine \u00e0 l\u2019italienne, \u00e0 l\u2019image de la Garenne Lemot<\/span>.<\/p>\r\n<p data-start=\"275\" data-end=\"351\"><span class=\"relative -mx-px my-[-0.2rem] rounded px-px py-[0.2rem] transition-colors duration-100 ease-in-out\">Le <strong data-start=\"3\" data-end=\"25\">ch\u00e2teau de Clisson \u2013 des restaurations successives<\/strong><\/span><\/p>\r\n<p data-start=\"353\" data-end=\"512\"><span class=\"relative -mx-px my-[-0.2rem] rounded px-px py-[0.2rem] transition-colors duration-100 ease-in-out\">Monument class\u00e9 en 1924, le ch\u00e2teau est restaur\u00e9 \u00e0 plusieurs reprises (ann\u00e9es\u202f1970, 1980\u20131990) par le Conseil d\u00e9partemental de <a href=\"https:\/\/cparici.com\/loire-atlantique\/\">Loire\u2011Atlantique<\/a>, avec l\u2019appui du minist\u00e8re de la Culture, afin d\u2019assurer sa conservation et sa mise en valeur<\/span>. <span class=\"relative -mx-px my-[-0.2rem] rounded px-px py-[0.2rem] transition-colors duration-100 ease-in-out\">Aujourd\u2019hui, le site offre un formidable t\u00e9moignage de l\u2019architecture militaire m\u00e9di\u00e9vale : tours, arch\u00e8res, canonni\u00e8res, chemin de ronde et remparts en granit sont visibles lors de la <strong data-start=\"185\" data-end=\"211\">visite libre ou guid\u00e9e<\/strong> d\u2019environ une heure<\/span>.<\/p>\r\n<p data-start=\"514\" data-end=\"675\"><span class=\"relative -mx-px my-[-0.2rem] rounded px-px py-[0.2rem] transition-colors duration-100 ease-in-out\">Ouvert toute l\u2019ann\u00e9e, le <strong data-start=\"25\" data-end=\"47\">ch\u00e2teau de Clisson<\/strong> accueille r\u00e9guli\u00e8rement des animations culturelles, des ateliers destin\u00e9s aux familles et des spectacles au c\u0153ur m\u00eame de ses ruines<\/span>. <span class=\"relative -mx-px my-[-0.2rem] rounded px-px py-[0.2rem] transition-colors duration-100 ease-in-out\">Tarifs : adulte entre 3\u202f\u20ac et 6\u202f\u20ac, gratuit\u00e9 partielle selon profils. Des visites en audio\u2011guide sont \u00e9galement disponibles et recommand\u00e9es pour enrichir l\u2019exp\u00e9rience<\/span> .<\/p>\r\n<p data-start=\"677\" data-end=\"931\">En somme, ce ch\u00e2teau, \u00e0 la fois forteresse d\u00e9fensive, r\u00e9sidence ducale et aujourd\u2019hui lieu patrimonial, incarne l\u2019\u00e2me historique de la ville et constitue un passage oblig\u00e9 pour les amateurs d\u2019<strong data-start=\"872\" data-end=\"898\">architecture m\u00e9di\u00e9vale<\/strong> et de <strong data-start=\"905\" data-end=\"930\">romantisme historique<\/strong>.<\/p>\r\n\r\n<h3 data-start=\"1126\" data-end=\"1176\">Balades, paysages et activit\u00e9s au fil de l\u2019eau<\/h3>\r\n<p data-start=\"1178\" data-end=\"1339\"><span class=\"relative -mx-px my-[-0.2rem] rounded px-px py-[0.2rem] transition-colors duration-100 ease-in-out\">Clisson s\u2019\u00e9tend \u00e0 la confluence de la S\u00e8vre Nantaise et de la Moine, bord\u00e9e par des ponts m\u00e9di\u00e9vaux iconiques comme <strong data-start=\"116\" data-end=\"137\">Pont de la Vall\u00e9e<\/strong> et <strong data-start=\"141\" data-end=\"163\" data-is-last-node=\"\">Pont Saint\u2011Antoine<\/strong><\/span>. <span class=\"relative -mx-px my-[-0.2rem] rounded px-px py-[0.2rem] transition-colors duration-100 ease-in-out\">Les amateurs de plein air peuvent explorer les rives en cano\u00eb, paddle ou \u00e0 pied le long de promenades panoramiques agr\u00e9ment\u00e9es de street art et fresques<\/span> .<\/p>\r\n\r\n<h3 data-start=\"1346\" data-end=\"1385\">March\u00e9s, gastronomie et vins locaux<\/h3>\r\n<p data-start=\"1387\" data-end=\"1548\"><span class=\"relative -mx-px my-[-0.2rem] rounded px-px py-[0.2rem] transition-colors duration-100 ease-in-out\">Sous les <strong data-start=\"9\" data-end=\"19\">Halles<\/strong>, un march\u00e9 anim\u00e9 se tient chaque vendredi matin, avec artisans, produits frais et sp\u00e9cialit\u00e9s locales<\/span> . <span class=\"relative -mx-px my-[-0.2rem] rounded px-px py-[0.2rem] transition-colors duration-100 ease-in-out\">La ville<\/span><span class=\"relative -mx-px my-[-0.2rem] rounded px-px py-[0.2rem] transition-colors duration-100 ease-in-out\">\u00a0est au c\u0153ur du vignoble Muscadet\u2011S\u00e8vre\u2011et\u2011Maine\u202f: d\u00e9gustations de <strong data-start=\"74\" data-end=\"86\">Muscadet<\/strong>, cabernets francs et autres vins blancs secs sont ais\u00e9ment possibles dans les domaines voisins<\/span>.<\/p>\r\n\r\n<h2 data-start=\"1387\" data-end=\"1548\">Restaurant Clisson<\/h2>\r\n<p data-start=\"44\" data-end=\"81\"><span class=\"relative -mx-px my-[-0.2rem] rounded px-px py-[0.2rem] transition-colors duration-100 ease-in-out\">Clisson offre une sc\u00e8ne gastronomique riche, m\u00ealant <strong data-start=\"52\" data-end=\"78\">cuisine traditionnelle<\/strong>, ambiance conviviale et tables avec vue sur la S\u00e8vre.<\/span><\/p>\r\n<p data-start=\"83\" data-end=\"120\"><span class=\"relative -mx-px my-[-0.2rem] rounded px-px py-[0.2rem] transition-colors duration-100 ease-in-out\">Parmi les offres incontournables :<\/span><\/p>\r\n\r\n<h3 data-start=\"83\" data-end=\"120\"><span class=\"relative -mx-px my-[-0.2rem] rounded px-px py-[0.2rem] transition-colors duration-100 ease-in-out\"><strong data-start=\"3\" data-end=\"17\">La Cascade Clisson<\/strong><\/span><\/h3>\r\n<ul data-start=\"122\" data-end=\"526\">\r\n \t<li data-start=\"122\" data-end=\"200\">\r\n<p data-start=\"124\" data-end=\"200\"><span class=\"relative -mx-px my-[-0.2rem] rounded px-px py-[0.2rem] transition-colors duration-100 ease-in-out\"><strong data-start=\"0\" data-end=\"14\" data-is-only-node=\"\">La Cascade<\/strong> : <strong data-start=\"17\" data-end=\"35\">restaurant-bar<\/strong> situ\u00e9 au bord de la rivi\u00e8re, propose une cuisine <strong data-start=\"85\" data-end=\"110\">\u00e9legante et originale<\/strong>, avec des tapas, produits locaux et vins biologiques. Cadre bucolique et terrasse guinguette tr\u00e8s appr\u00e9ci\u00e9s l\u2019\u00e9t\u00e9<\/span>.<\/p>\r\n<\/li>\r\n<\/ul>\r\n<p data-start=\"44\" data-end=\"121\"><span class=\"relative -mx-px my-[-0.2rem] rounded px-px py-[0.2rem] transition-colors duration-100 ease-in-out\"><strong data-start=\"3\" data-end=\"17\">La Cascade<\/strong> est un \u00e9tablissement incontournable \u00e0 <strong data-start=\"56\" data-end=\"67\">Clisson<\/strong>, combinant <strong data-start=\"79\" data-end=\"93\">bar \u00e0 vins<\/strong>, <strong data-start=\"95\" data-end=\"123\">restaurant bistronomique<\/strong> et <strong data-start=\"127\" data-end=\"141\">h\u00f4tel cosy<\/strong> au bord de la S\u00e8vre Nantaise<\/span>.<\/p>\r\n\r\n<h4 data-start=\"123\" data-end=\"145\">Restaurant & bar<\/h4>\r\n<p data-start=\"146\" data-end=\"376\"><span class=\"relative -mx-px my-[-0.2rem] rounded px-px py-[0.2rem] transition-colors duration-100 ease-in-out\">Dans une ambiance \u00ab\u202fguinguette chic\u202f\u00bb, le restaurant propose une <strong data-start=\"65\" data-end=\"85\">cuisine cr\u00e9ative<\/strong>, raffin\u00e9e, \u00e9labor\u00e9e \u00e0 partir de <strong data-start=\"118\" data-end=\"146\">produits frais et locaux<\/strong>, avec des influences m\u00e9diterran\u00e9ennes et asiatiques<\/span>. <span class=\"relative -mx-px my-[-0.2rem] rounded px-px py-[0.2rem] transition-colors duration-100 ease-in-out\">La terrasse au bord de l\u2019eau, ouverte d\u2019avril \u00e0 fin ao\u00fbt, est le cadre id\u00e9al pour d\u00e9guster foie gras, tataki de thon, risotto, burgers ou plats du march\u00e9<\/span>. <span class=\"relative -mx-px my-[-0.2rem] rounded px-px py-[0.2rem] transition-colors duration-100 ease-in-out\">L\u2019\u00e9tablissement dispose aussi d\u2019un bar \u00e0 vins et bi\u00e8res biologiques, avec tapas et planches ap\u00e9ritives<\/span>.<\/p>\r\n\r\n<h4 data-start=\"378\" data-end=\"389\">H\u00f4tel<\/h4>\r\n<p data-start=\"390\" data-end=\"549\"><span class=\"relative -mx-px my-[-0.2rem] rounded px-px py-[0.2rem] transition-colors duration-100 ease-in-out\">L\u2019h\u00f4tel comprend des chambres \u00e9l\u00e9gantes et confortables, tr\u00e8s bien not\u00e9es sur Booking (9,3\/10 pour l\u2019emplacement, note globale\u202f8,5\/10)<\/span>. <span class=\"relative -mx-px my-[-0.2rem] rounded px-px py-[0.2rem] transition-colors duration-100 ease-in-out\">Les clients soulignent la literie de qualit\u00e9, le petit-d\u00e9jeuner g\u00e9n\u00e9reux, le parking priv\u00e9, le jardin et la proximit\u00e9 du centre-ville<\/span> .<\/p>\r\n\r\n<h4 data-start=\"551\" data-end=\"576\">Ambiance & services<\/h4>\r\n<p data-start=\"577\" data-end=\"805\"><span class=\"relative -mx-px my-[-0.2rem] rounded px-px py-[0.2rem] transition-colors duration-100 ease-in-out\">Ouvert toute l\u2019ann\u00e9e, l\u2019\u00e9tablissement propose concerts en saison, s\u00e9minaires, et une atmosph\u00e8re chaleureuse entre d\u00e9tente et convivialit\u00e9<\/span> . Avec son d\u00e9cor vintage, jungle et bucolique, c\u2019est une adresse parfaite pour un <strong data-start=\"738\" data-end=\"757\">repas convivial<\/strong>, un s\u00e9jour relaxant ou un ap\u00e9ritif en terrasse.<\/p>\r\n<p data-start=\"812\" data-end=\"993\">En r\u00e9sum\u00e9, <strong data-start=\"823\" data-end=\"845\">La Cascade Clisson<\/strong> incarne l\u2019art de vivre local avec son trio restaurant\u2011bar\u2011h\u00f4tel, offrant <strong data-start=\"919\" data-end=\"934\">gastronomie<\/strong> soign\u00e9e, <strong data-start=\"944\" data-end=\"962\">cadre charmant<\/strong> et <strong data-start=\"966\" data-end=\"992\">hospitalit\u00e9 de qualit\u00e9<\/strong>.<\/p>\r\n\r\n<ul data-start=\"122\" data-end=\"526\">\r\n \t<li data-start=\"202\" data-end=\"280\">\r\n<p data-start=\"204\" data-end=\"280\"><span class=\"relative -mx-px my-[-0.2rem] rounded px-px py-[0.2rem] transition-colors duration-100 ease-in-out\"><strong data-start=\"0\" data-end=\"24\" data-is-only-node=\"\">La Brasserie de Papa<\/strong> : \u00e9tablissement chaleureux, bien not\u00e9, offre <strong data-start=\"78\" data-end=\"88\">burger<\/strong>, viande et poissons frais, service amical en terrasse avec vue sur le ch\u00e2teau<\/span>.<\/p>\r\n<\/li>\r\n \t<li data-start=\"282\" data-end=\"360\">\r\n<p data-start=\"284\" data-end=\"360\"><span class=\"relative -mx-px my-[-0.2rem] rounded px-px py-[0.2rem] transition-colors duration-100 ease-in-out\"><strong data-start=\"0\" data-end=\"27\" data-is-only-node=\"\">Restaurant de la Vall\u00e9e<\/strong> : table gastronomique raffin\u00e9e nich\u00e9e au bord de la S\u00e8vre. Cuisine m\u00e9diterran\u00e9enne soign\u00e9e, excellente carte de vins, cadre romantique avec vue panoramique<\/span>.<\/p>\r\n<\/li>\r\n \t<li data-start=\"362\" data-end=\"442\">\r\n<p data-start=\"364\" data-end=\"442\"><span class=\"relative -mx-px my-[-0.2rem] rounded px-px py-[0.2rem] transition-colors duration-100 ease-in-out\"><strong data-start=\"0\" data-end=\"23\" data-is-only-node=\"\">Villa Saint\u2011Antoine<\/strong> : ancienne filature reconvertie en brasserie moderne (guide Michelin), cadre \u00e9l\u00e9gant, \u00e9quipe dynamique et cuisine contemporaine \u00e0 partir de produits frais locaux<\/span>.<\/p>\r\n<\/li>\r\n \t<li data-start=\"444\" data-end=\"526\">\r\n<p data-start=\"446\" data-end=\"526\"><span class=\"relative -mx-px my-[-0.2rem] rounded px-px py-[0.2rem] transition-colors duration-100 ease-in-out\"><strong data-start=\"0\" data-end=\"16\" data-is-only-node=\"\">La Pizza\u00efola<\/strong> : pizzeria conviviale au centre-ville. Pizzas savoureuses, service d\u00e9contract\u00e9 ; avis mitig\u00e9 mais globalement appr\u00e9ci\u00e9<\/span> .<\/p>\r\n<\/li>\r\n<\/ul>\r\n<p data-start=\"528\" data-end=\"935\">Ces \u00e9tablissements repr\u00e9sentent la diversit\u00e9 culinaire de la ville : de la <strong data-start=\"602\" data-end=\"618\">cuisine fine<\/strong> \u00e0 la <strong data-start=\"624\" data-end=\"648\">simplicit\u00e9 gourmande<\/strong>, avec des options <strong data-start=\"667\" data-end=\"681\">italiennes<\/strong> et <strong data-start=\"685\" data-end=\"699\">fran\u00e7aises<\/strong>. Pour une soir\u00e9e romantique, optez pour La Cascade ou la Vall\u00e9e ; pour un moment convivial, Brasserie de Papa ou Pizza\u00efola sont des choix s\u00fbrs. La Villa Saint\u2011Antoine s\u00e9duira les amateurs de gastronomie contemporaine et de raffinement.<\/p>\r\n\r\n<h3 data-start=\"1346\" data-end=\"1385\">March\u00e9s, gastronomie et vins locaux<\/h3>\r\n<p data-start=\"1387\" data-end=\"1548\"><span class=\"relative -mx-px my-[-0.2rem] rounded px-px py-[0.2rem] transition-colors duration-100 ease-in-out\">Sous les <strong data-start=\"9\" data-end=\"19\">Halles<\/strong>, un march\u00e9 anim\u00e9 se tient chaque vendredi matin, avec artisans, produits frais et sp\u00e9cialit\u00e9s locales<\/span> . <span class=\"relative -mx-px my-[-0.2rem] rounded px-px py-[0.2rem] transition-colors duration-100 ease-in-out\">Clisson est au c\u0153ur du vignoble Muscadet\u2011S\u00e8vre\u2011et\u2011Maine\u202f: d\u00e9gustations de <strong data-start=\"74\" data-end=\"86\">Muscadet<\/strong>, cabernets francs et autres vins blancs secs sont ais\u00e9ment possibles dans les domaines voisins<\/span>.<\/p>\r\n<p data-start=\"44\" data-end=\"81\"><span class=\"relative -mx-px my-[-0.2rem] rounded px-px py-[0.2rem] transition-colors duration-100 ease-in-out\">Clisson, situ\u00e9 au c\u0153ur du <strong data-start=\"26\" data-end=\"46\">Vignoble nantais<\/strong>, offre un univers culinaire riche, nourri par la <strong data-start=\"96\" data-end=\"113\">terroir local<\/strong>, les traditions bretonnes et vend\u00e9ennes. Voici les incontournables :<\/span><\/p>\r\n<p data-start=\"83\" data-end=\"198\"><strong data-start=\"83\" data-end=\"119\">Beurre blanc & poissons de Loire<\/strong><br data-start=\"119\" data-end=\"122\" \/><span class=\"relative -mx-px my-[-0.2rem] rounded px-px py-[0.2rem] transition-colors duration-100 ease-in-out\">Invent\u00e9 au XIX\u1d49 si\u00e8cle par Cl\u00e9mence Lefeuvre \u00e0 Saint\u2011Julien\u2011de\u2011Concelles, l\u2019embl\u00e9matique <strong data-start=\"89\" data-end=\"105\">beurre blanc<\/strong> accompagne \u00e0 merveille les poissons de la r\u00e9gion \u2014 brochet, sandre, lamproies \u2014 souvent d\u00e9gust\u00e9s \u00e0 Clisson dans des restaurants de la vall\u00e9e<\/span>.<\/p>\r\n<p data-start=\"200\" data-end=\"310\"><strong data-start=\"200\" data-end=\"231\">Muscadet S\u00e8vre\u2011et\u2011Maine AOC<\/strong><br data-start=\"231\" data-end=\"234\" \/><span class=\"relative -mx-px my-[-0.2rem] rounded px-px py-[0.2rem] transition-colors duration-100 ease-in-out\">Produit phare des vignobles autour de Clisson, ce vin blanc sec, fruit\u00e9 et l\u00e9ger est id\u00e9al \u00e0 l\u2019ap\u00e9ro. Les <strong data-start=\"106\" data-end=\"124\">Crus communaux<\/strong>, dont celui de Clisson, offrent des cuv\u00e9es plus structur\u00e9es et de garde<\/span> .<\/p>\r\n<p data-start=\"312\" data-end=\"409\"><strong data-start=\"312\" data-end=\"330\">M\u00e2che nantaise<\/strong><br data-start=\"330\" data-end=\"333\" \/><span class=\"relative -mx-px my-[-0.2rem] rounded px-px py-[0.2rem] transition-colors duration-100 ease-in-out\">Cette salade douce et tendre, premi\u00e8re r\u00e9colte printani\u00e8re, fait partie des <strong data-start=\"76\" data-end=\"96\">l\u00e9gumes primeurs<\/strong> du terroir et s\u2019invite dans les assiettes modernes<\/span> .<\/p>\r\n<p data-start=\"411\" data-end=\"508\"><a href=\"https:\/\/cparici.com\/gateau-nantais\/\"><strong data-start=\"411\" data-end=\"429\">G\u00e2teau nantais<\/strong><\/a><br data-start=\"429\" data-end=\"432\" \/><span class=\"relative -mx-px my-[-0.2rem] rounded px-px py-[0.2rem] transition-colors duration-100 ease-in-out\">Parfum\u00e9 au rhum, moelleux et glac\u00e9, ce dessert embl\u00e9matique s\u2019ach\u00e8te facilement dans les boulangeries ou \u00e0 la table des restaurants locaux<\/span> .<\/p>\r\n<p data-start=\"510\" data-end=\"623\"><strong data-start=\"510\" data-end=\"540\">Fouace & brioche vend\u00e9enne<\/strong><br data-start=\"540\" data-end=\"543\" \/><span class=\"relative -mx-px my-[-0.2rem] rounded px-px py-[0.2rem] transition-colors duration-100 ease-in-out\">Ces gourmandises sucr\u00e9es et brioch\u00e9es, populaires dans la r\u00e9gion, s\u00e9duisent au petit-d\u00e9jeuner ou en en-cas<\/span><\/p>\r\n<p data-start=\"625\" data-end=\"728\"><strong data-start=\"625\" data-end=\"645\">Galette-saucisse<\/strong><br data-start=\"645\" data-end=\"648\" \/><span class=\"relative -mx-px my-[-0.2rem] rounded px-px py-[0.2rem] transition-colors duration-100 ease-in-out\">Snacking typiquement breton adapt\u00e9 aux f\u00eates ou march\u00e9s, ce sandwich chaud-froid se retrouve aussi dans la Loire-Atlantique, parfaite avec un verre de cidre ou de Muscadet<\/span> .<\/p>\r\n<p data-start=\"730\" data-end=\"853\"><strong data-start=\"730\" data-end=\"770\">Rillauds d\u2019Anjou & Mogette vend\u00e9enne<\/strong><br data-start=\"770\" data-end=\"773\" \/><span class=\"relative -mx-px my-[-0.2rem] rounded px-px py-[0.2rem] transition-colors duration-100 ease-in-out\">Aux portes de la ville, ces produits charcutiers \u2014 poitrine de porc confite \u2014 et ce haricot sec typiquement vend\u00e9en compl\u00e8tent l\u2019exp\u00e9rience terroir<\/span>.<\/p>\r\n\r\n\r\n<figure id=\"attachment_67829\" aria-describedby=\"caption-attachment-67829\" style=\"width: 1500px\" class=\"wp-caption aligncenter\"><a href=\"https:\/\/cparici.com\/wp-content\/uploads\/2025\/07\/cparici-96.jpg\"><img decoding=\"async\" class=\"wp-image-67829 size-full\" src=\"https:\/\/cparici.com\/wp-content\/uploads\/2025\/07\/cparici-96.jpg\" alt=\"Clisson vue sur la ville\" width=\"1500\" height=\"530\" srcset=\"https:\/\/cparici.com\/wp-content\/uploads\/2025\/07\/cparici-96.jpg 1500w, https:\/\/cparici.com\/wp-content\/uploads\/2025\/07\/cparici-96-300x106.jpg 300w, https:\/\/cparici.com\/wp-content\/uploads\/2025\/07\/cparici-96-1024x362.jpg 1024w, https:\/\/cparici.com\/wp-content\/uploads\/2025\/07\/cparici-96-768x271.jpg 768w, https:\/\/cparici.com\/wp-content\/uploads\/2025\/07\/cparici-96-18x6.jpg 18w, https:\/\/cparici.com\/wp-content\/uploads\/2025\/07\/cparici-96-590x208.jpg 590w, https:\/\/cparici.com\/wp-content\/uploads\/2025\/07\/cparici-96-1200x424.jpg 1200w, https:\/\/cparici.com\/wp-content\/uploads\/2025\/07\/cparici-96-577x204.jpg 577w, https:\/\/cparici.com\/wp-content\/uploads\/2025\/07\/cparici-96-600x212.jpg 600w\" sizes=\"(max-width: 1500px) 100vw, 1500px\" \/><\/a><figcaption id=\"caption-attachment-67829\" class=\"wp-caption-text\">Clisson vue sur la ville<\/figcaption><\/figure>\r\n<h2 data-start=\"730\" data-end=\"853\">H\u00f4tel \u00e0 Clisson<\/h2>\r\n<p data-start=\"44\" data-end=\"81\"><span class=\"relative -mx-px my-[-0.2rem] rounded px-px py-[0.2rem] transition-colors duration-100 ease-in-out\">Clisson offre une gamme d\u2019<strong data-start=\"26\" data-end=\"52\">h\u00f4tels et h\u00e9bergements<\/strong> adapt\u00e9s \u00e0 tous les profils de voyageurs\u202f: de l\u2019\u00e9tablissement 4 \u00e9toiles avec spa aux studios cosy en centre-ville.<\/span><\/p>\r\n<p data-start=\"83\" data-end=\"236\"><span class=\"relative -mx-px my-[-0.2rem] rounded px-px py-[0.2rem] transition-colors duration-100 ease-in-out\">Le fleuron de l\u2019h\u00f4tellerie locale est sans conteste le <strong data-start=\"55\" data-end=\"108\">Best Western Plus Villa\u202fSaint\u202fAntoine Hotel\u202f& Spa<\/strong>, un h\u00f4tel boutique 4\u202f\u00e9toiles implant\u00e9 en bord de S\u00e8vre, avec vue sur le ch\u00e2teau de Clisson. Il propose piscine ext\u00e9rieure saisonni\u00e8re, spa, hammam, jacuzzi, et un restaurant labellis\u00e9 Ma\u00eetre Restaurateur servant des plats <strong data-start=\"331\" data-end=\"349\">gastronomiques<\/strong> issus de produits locaux<\/span> . <span class=\"relative -mx-px my-[-0.2rem] rounded px-px py-[0.2rem] transition-colors duration-100 ease-in-out\">Les avis vantent son cadre, sa literie et ses prestations haut de gamme (note 8,5\/10), bien qu\u2019un point n\u00e9gatif \u00e0 surveiller concerne le buffet du petit d\u00e9jeuner jug\u00e9 insuffisamment renouvel\u00e9<\/span> .<\/p>\r\n<p data-start=\"238\" data-end=\"352\"><span class=\"relative -mx-px my-[-0.2rem] rounded px-px py-[0.2rem] transition-colors duration-100 ease-in-out\">Pour un s\u00e9jour au c\u0153ur du centre historique, optez pour des h\u00e9bergements de charme comme <strong data-start=\"89\" data-end=\"131\">Le P\u2019Tivoli \u2013 Maison centre historique<\/strong>, <strong data-start=\"133\" data-end=\"159\">Duplex vue sur ch\u00e2teau<\/strong>, <strong data-start=\"161\" data-end=\"197\">Escale \u00e0 Clisson \u2013 La Parenth\u00e8se<\/strong> ou <strong data-start=\"201\" data-end=\"214\">L\u2019\u00c9choppe<\/strong>, tous tr\u00e8s bien not\u00e9s<\/span>. <span class=\"relative -mx-px my-[-0.2rem] rounded px-px py-[0.2rem] transition-colors duration-100 ease-in-out\">Ces appartements et studios cosy offrent confort, propret\u00e9, et une proximit\u00e9 id\u00e9ale des sites touristiques, de la gare TER et des restaurants.<\/span><\/p>\r\n<p data-start=\"354\" data-end=\"432\"><span class=\"relative -mx-px my-[-0.2rem] rounded px-px py-[0.2rem] transition-colors duration-100 ease-in-out\">Plus \u00e9conomique et convivial, le <strong data-start=\"33\" data-end=\"65\">Camping du Moulin \u2013 OnlyCamp<\/strong> attire les amateurs de plein air et de festivit\u00e9s, notamment pendant le Hellfest<\/span>.<\/p>\r\n<p data-start=\"434\" data-end=\"514\"><span class=\"relative -mx-px my-[-0.2rem] rounded px-px py-[0.2rem] transition-colors duration-100 ease-in-out\">Enfin, si vous recherchez un h\u00f4tel familial de qualit\u00e9 dans les environs, l\u2019 <strong data-start=\"77\" data-end=\"97\">H\u00f4tel de Clisson<\/strong> \u00e0 Saint-Brieuc (non \u00e0 Clisson m\u00eame, mais au nord) offre chambres spacieuses, parking gratuit, petit d\u00e9jeuner copieux et personnel chaleureux. Il est appr\u00e9ci\u00e9 par les voyageurs d\u2019affaires et de loisirs<\/span>.<\/p>\r\n\r\n<h3 data-start=\"521\" data-end=\"546\">Conseils pratiques<\/h3>\r\n<ul data-start=\"548\" data-end=\"969\">\r\n \t<li data-start=\"548\" data-end=\"689\">\r\n<p data-start=\"550\" data-end=\"689\">Privil\u00e9giez <strong data-start=\"562\" data-end=\"606\">le Best Western Plus Villa Saint Antoine<\/strong> pour un s\u00e9jour d\u00e9tente ou romantique, id\u00e9al pour les escapades spa pr\u00e8s de Nantes.<\/p>\r\n<\/li>\r\n \t<li data-start=\"690\" data-end=\"829\">\r\n<p data-start=\"692\" data-end=\"829\">Pour une immersion totale dans la ville, choisissez un <strong data-start=\"746\" data-end=\"784\">studio\/appartement en centre-ville<\/strong> : proximit\u00e9 des sites, train et restaurants.<\/p>\r\n<\/li>\r\n \t<li data-start=\"830\" data-end=\"969\">\r\n<p data-start=\"832\" data-end=\"969\">Si vous voyagez avec un budget serr\u00e9 ou pr\u00e9voyez une exp\u00e9rience conviviale (ex. Hellfest), le <strong data-start=\"926\" data-end=\"947\">camping du Moulin<\/strong> est une bonne option.<\/p>\r\n<\/li>\r\n<\/ul>\r\n<h2 data-start=\"730\" data-end=\"853\">Clisson Hellfest<\/h2>\r\n<p data-start=\"44\" data-end=\"120\"><span class=\"relative -mx-px my-[-0.2rem] rounded px-px py-[0.2rem] transition-colors duration-100 ease-in-out\">Le <strong data-start=\"3\" data-end=\"15\">Hellfest<\/strong> est un <strong data-start=\"23\" data-end=\"54\">festival de musique extr\u00eame<\/strong> devenu une v\u00e9ritable institution \u00e0 <strong data-start=\"90\" data-end=\"101\">Clisson<\/strong>. Depuis sa premi\u00e8re \u00e9dition en 2006, n\u00e9e de la r\u00e9surgence du Furyfest, il s\u2019est impos\u00e9 comme le <strong data-start=\"198\" data-end=\"237\">plus grand festival metal en France<\/strong> et l\u2019un des plus marquants d\u2019Europe<\/span><\/p>\r\n<p data-start=\"122\" data-end=\"352\"><span class=\"relative -mx-px my-[-0.2rem] rounded px-px py-[0.2rem] transition-colors duration-100 ease-in-out\">Chaque ann\u00e9e, <strong data-start=\"14\" data-end=\"25\">Clisson<\/strong> se transforme en <strong data-start=\"43\" data-end=\"56\">Rock City<\/strong>, accueillant plus de <strong data-start=\"78\" data-end=\"102\">240\u202f000 festivaliers<\/strong> sur quatre jours, r\u00e9partis sur six \u00e0 sept sc\u00e8nes th\u00e9matiques<\/span>. <span class=\"relative -mx-px my-[-0.2rem] rounded px-px py-[0.2rem] transition-colors duration-100 ease-in-out\">Cette \u00e9dition 2026 se d\u00e9roulera du 18 au 21 juin<\/span>. <span class=\"relative -mx-px my-[-0.2rem] rounded px-px py-[0.2rem] transition-colors duration-100 ease-in-out\">Au programme : un m\u00e9lange explosif de <strong data-start=\"38\" data-end=\"53\">heavy metal<\/strong>, <strong data-start=\"55\" data-end=\"68\">hard rock<\/strong>, <strong data-start=\"70\" data-end=\"79\">death<\/strong>, <strong data-start=\"81\" data-end=\"90\">black<\/strong>, <strong data-start=\"92\" data-end=\"109\">punk hardcore<\/strong>, <strong data-start=\"111\" data-end=\"121\">stoner<\/strong>, <strong data-start=\"123\" data-end=\"133\">sludge<\/strong> et d\u2019autres genres extr\u00eames<\/span>.<\/p>\r\n\r\n<h3 data-start=\"122\" data-end=\"352\">Clisson Hellfest \u2013 le site du festival<\/h3>\r\n<p data-start=\"354\" data-end=\"472\"><span class=\"relative -mx-px my-[-0.2rem] rounded px-px py-[0.2rem] transition-colors duration-100 ease-in-out\">Le site du festival, situ\u00e9 \u00e0 seulement 2\u202fkm de la gare de <strong data-start=\"58\" data-end=\"69\">Clisson<\/strong>, est facilement accessible via <strong data-start=\"101\" data-end=\"113\">shuttles<\/strong>, voiture (parkings \u00e0 Gorges) ou train depuis Nantes<\/span>. <span class=\"relative -mx-px my-[-0.2rem] rounded px-px py-[0.2rem] transition-colors duration-100 ease-in-out\">En compl\u00e9ment, le camping sur place et des campings partenaires dans les environs permettent une immersion totale dans l\u2019esprit du Hellfest.<\/span><\/p>\r\n<p data-start=\"474\" data-end=\"635\"><span class=\"relative -mx-px my-[-0.2rem] rounded px-px py-[0.2rem] transition-colors duration-100 ease-in-out\">Au-del\u00e0 de la musique, la ville\u00a0vit \u00e0 l\u2019unisson du festival : d\u00e9corations permanentes (HellCity square, statues, braseros), ambiance de village tout en conservant son charme pittoresque de cit\u00e9 italienne<\/span>. <span class=\"relative -mx-px my-[-0.2rem] rounded px-px py-[0.2rem] transition-colors duration-100 ease-in-out\">L\u2019ancien club Looksor, r\u00e9nov\u00e9 en bar-brasserie \u00ab\u202fM\u00e9lusine\u202f\u00bb, devient un lieu convivial attach\u00e9 \u00e0 l\u2019identit\u00e9 du festival<\/span>.<\/p>\r\n<p data-start=\"637\" data-end=\"717\"><span class=\"relative -mx-px my-[-0.2rem] rounded px-px py-[0.2rem] transition-colors duration-100 ease-in-out\">Le Hellfest contribue \u00e9galement \u00e0 l\u2019\u00e9conomie locale : SNCF intensifie les trains, h\u00f4tels et chambres d\u2019h\u00f4tes font le plein, et les commer\u00e7ants profitent d\u2019un afflux exceptionnel<\/span> .<\/p>\r\n<p data-start=\"719\" data-end=\"1048\">En r\u00e9sum\u00e9, le <strong data-start=\"733\" data-end=\"755\">Hellfest \u00e0 Clisson<\/strong> est un \u00e9v\u00e9nement musical hors norme, m\u00ealant <strong data-start=\"800\" data-end=\"819\">extr\u00eame musical<\/strong>, <strong data-start=\"821\" data-end=\"839\">culture locale<\/strong>, <strong data-start=\"841\" data-end=\"860\">essence festive<\/strong> et <strong data-start=\"864\" data-end=\"891\">retomb\u00e9es territoriales<\/strong> fortes. Chaque ann\u00e9e, le festival transforme cette petite ville lig\u00e9rienne en capitale mondiale du metal, attirant un public passionn\u00e9 venu du monde entier.<\/p>\r\n\r\n<h2 data-start=\"1555\" data-end=\"1592\">Autres Festivals et \u00e9v\u00e9nements culturels<\/h2>\r\n<ul data-start=\"1594\" data-end=\"1761\">\r\n \t<li data-start=\"1679\" data-end=\"1761\">\r\n<p data-start=\"1681\" data-end=\"1761\"><span class=\"relative -mx-px my-[-0.2rem] rounded px-px py-[0.2rem] transition-colors duration-100 ease-in-out\"><strong data-start=\"0\" data-end=\"29\" data-is-only-node=\"\">Les Italiennes de Clisson<\/strong>, <strong data-start=\"31\" data-end=\"55\">Montmartre \u00e0 Clisson<\/strong>, et <strong data-start=\"60\" data-end=\"77\">ClisSonnantes<\/strong> : festivals arts, musique et culture c\u00e9l\u00e9brant l\u2019identit\u00e9 artistique et italienne de la ville<\/span>.<\/p>\r\n<\/li>\r\n<\/ul>\r\n<h3 data-start=\"1768\" data-end=\"1811\">Comment se rendre \u00e0 Clisson et se loger<\/h3>\r\n<p data-start=\"1813\" data-end=\"1933\"><span class=\"relative -mx-px my-[-0.2rem] rounded px-px py-[0.2rem] transition-colors duration-100 ease-in-out\">\u00c0 30\u202fkm au sud-est de Nantes, la ville est facilement accessible en <strong data-start=\"67\" data-end=\"74\">TER<\/strong> ou <strong data-start=\"78\" data-end=\"92\">tram\u2011train<\/strong>, depuis la gare r\u00e9nov\u00e9e qui offre une liaison rapide vers Nantes et Cholet<\/span>. <span class=\"relative -mx-px my-[-0.2rem] rounded px-px py-[0.2rem] transition-colors duration-100 ease-in-out\">Pour se loger, optez pour des h\u00f4tels charmants, chambres d\u2019h\u00f4tes en centre-ville, ou pourquoi pas l\u2019univers romantique d\u2019un domaine viticole.<\/span><\/p>\r\n\r\n<h3 data-start=\"1940\" data-end=\"1984\">Meilleures saisons et conseils pratiques<\/h3>\r\n<p data-start=\"1986\" data-end=\"2106\"><span class=\"relative -mx-px my-[-0.2rem] rounded px-px py-[0.2rem] transition-colors duration-100 ease-in-out\">Les <strong data-start=\"4\" data-end=\"24\">mois de mai-juin<\/strong> et l\u2019<strong data-start=\"30\" data-end=\"60\">automne (octobre\u2013novembre)<\/strong> sont id\u00e9als pour visiter la ville : le climat oc\u00e9anique y est cl\u00e9ment, avec peu de pluie et une lumi\u00e8re douce<\/span> . <span class=\"relative -mx-px my-[-0.2rem] rounded px-px py-[0.2rem] transition-colors duration-100 ease-in-out\">Pour profiter pleinement, comptez <strong data-start=\"34\" data-end=\"49\">1 \u00e0 2 jours<\/strong>, surtout si vous visez le Ch\u00e2teau, la Garenne, une balade le long de la S\u00e8vre et une d\u00e9gustation dans le vignoble.<\/span><\/p>\r\n\r\n<h2 data-start=\"1986\" data-end=\"2106\">Piscine Clisson<\/h2>\r\n<p data-start=\"44\" data-end=\"195\"><span class=\"relative -mx-px my-[-0.2rem] rounded px-px py-[0.2rem] transition-colors duration-100 ease-in-out\">Le <strong data-start=\"3\" data-end=\"42\">centre aquatique Aqua\u2019Val \u00e0 Clisson<\/strong> est l\u2019unique piscine municipale de la commune, situ\u00e9e esplanade Klettgau, \u00e0 deux pas du coll\u00e8ge Cacault<\/span>. <span class=\"relative -mx-px my-[-0.2rem] rounded px-px py-[0.2rem] transition-colors duration-100 ease-in-out\">Accessible toute l\u2019ann\u00e9e, il propose un <strong data-start=\"40\" data-end=\"58\">bassin couvert<\/strong>, des <strong data-start=\"64\" data-end=\"86\">bassins ext\u00e9rieurs<\/strong>, une <strong data-start=\"92\" data-end=\"107\">pataugeoire<\/strong>, un <strong data-start=\"112\" data-end=\"123\">jacuzzi<\/strong> et un espace <strong data-start=\"137\" data-end=\"146\">sauna<\/strong><\/span>.<\/p>\r\n<p data-start=\"197\" data-end=\"348\"><span class=\"relative -mx-px my-[-0.2rem] rounded px-px py-[0.2rem] transition-colors duration-100 ease-in-out\">Les <strong data-start=\"4\" data-end=\"28\">horaires d\u2019ouverture<\/strong> sont g\u00e9n\u00e9reux : ferm\u00e9 le lundi (hors vacances), puis mardi \u00e0 vendredi de 11h \u00e0 13h45 et 15h \u00e0 20h, samedi de 14h30 \u00e0 19h, dimanche de 9h \u00e0 13h puis de 14h30 \u00e0 19h<\/span>. <span class=\"relative -mx-px my-[-0.2rem] rounded px-px py-[0.2rem] transition-colors duration-100 ease-in-out\">En p\u00e9riode scolaire, certaines plages s\u2019adaptent pour les scolaires ou activit\u00e9s sp\u00e9cifiques (aquabike, b\u00e9b\u00e9s nageurs, aquagym). Un cr\u00e9neau est d\u00e9di\u00e9 aux triathl\u00e8tes, avec deux lignes d\u2019eau r\u00e9serv\u00e9es le mardi soir\u202f<\/span>.<\/p>\r\n<p data-start=\"350\" data-end=\"695\"><span class=\"relative -mx-px my-[-0.2rem] rounded px-px py-[0.2rem] transition-colors duration-100 ease-in-out\">Le club propose de <strong data-start=\"19\" data-end=\"40\">cours de natation<\/strong>, <strong data-start=\"42\" data-end=\"62\">perfectionnement<\/strong>, <strong data-start=\"64\" data-end=\"76\">aquabike<\/strong>, <strong data-start=\"78\" data-end=\"95\">b\u00e9b\u00e9s nageurs<\/strong> et stages de vacances<\/span>. <span class=\"relative -mx-px my-[-0.2rem] rounded px-px py-[0.2rem] transition-colors duration-100 ease-in-out\">Avant le d\u00e9part, les bassins sont toujours \u00e9vacu\u00e9s <strong data-start=\"51\" data-end=\"84\">15 minutes avant la fermeture<\/strong><\/span>. <span class=\"relative -mx-px my-[-0.2rem] rounded px-px py-[0.2rem] transition-colors duration-100 ease-in-out\">La piscine est ferm\u00e9e les jours f\u00e9ri\u00e9s sauf le 14 juillet et le 15 ao\u00fbt<\/span>. Les <strong data-start=\"592\" data-end=\"613\">vestiaires mixtes<\/strong>, <strong data-start=\"615\" data-end=\"622\">PMR<\/strong>, <strong data-start=\"624\" data-end=\"637\">automates<\/strong> et zones de d\u00e9tente garantissent une exp\u00e9rience compl\u00e8te.<\/p>\r\n\r\n<h2 data-start=\"1986\" data-end=\"2106\"><span class=\"relative -mx-px my-[-0.2rem] rounded px-px py-[0.2rem] transition-colors duration-100 ease-in-out\">La <strong data-start=\"3\" data-end=\"22\">gare de Clisson<\/strong><\/span><\/h2>\r\n<p data-start=\"1986\" data-end=\"2106\"><span class=\"relative -mx-px my-[-0.2rem] rounded px-px py-[0.2rem] transition-colors duration-100 ease-in-out\">La <strong data-start=\"3\" data-end=\"22\">gare de Clisson<\/strong>, situ\u00e9e rue Ferdinand\u2011Albert (code 87481440), est un n\u0153ud ferroviaire essentiel sur la ligne Nantes\u2013Saintes et le point de d\u00e9part de la ligne Clisson\u2013Cholet<\/span>. <span class=\"relative -mx-px my-[-0.2rem] rounded px-px py-[0.2rem] transition-colors duration-100 ease-in-out\">Inaugur\u00e9e en 1866, elle accueille TER et tram\u2011train T2 (Nantes \u2194 Clisson), desservant 8 gares interm\u00e9diaires<\/span>. <span class=\"relative -mx-px my-[-0.2rem] rounded px-px py-[0.2rem] transition-colors duration-100 ease-in-out\">Accessible aux personnes \u00e0 mobilit\u00e9 r\u00e9duite, elle dispose d\u2019un b\u00e2timent voyageurs, d\u2019automates, ascenseurs, parkings voitures et v\u00e9los<\/span>. <span class=\"relative -mx-px my-[-0.2rem] rounded px-px py-[0.2rem] transition-colors duration-100 ease-in-out\">La gare est ouverte en semaine de 6h30 \u00e0 20h\u202f; horaires \u00e9tendus le week\u2011end selon la saison<\/span>. Parfaitement int\u00e9gr\u00e9e dans le r\u00e9seau r\u00e9gional, elle facilite vos d\u00e9placements vers Nantes, Cholet, Sables\u2011d\u2019Olonne ou <a href=\"https:\/\/cparici.com\/paris\/\">Paris<\/a>.<\/p>\r\n\r\n<h2 data-start=\"42\" data-end=\"79\"><span class=\"relative -mx-px my-[-0.2rem] rounded px-px py-[0.2rem] transition-colors duration-100 ease-in-out\">M\u00e9t\u00e9o Clisson<\/span><\/h2>\r\n<p data-start=\"81\" data-end=\"234\"><span class=\"relative -mx-px my-[-0.2rem] rounded px-px py-[0.2rem] transition-colors duration-100 ease-in-out\">Clisson b\u00e9n\u00e9ficie d\u2019un <strong data-start=\"23\" data-end=\"49\">climat oc\u00e9anique franc<\/strong>, typique de la fa\u00e7ade atlantique, m\u00ealant douceur hivernale, \u00e9t\u00e9 temp\u00e9r\u00e9 et pluies r\u00e9guli\u00e8res<\/span>. <span class=\"relative -mx-px my-[-0.2rem] rounded px-px py-[0.2rem] transition-colors duration-100 ease-in-out\">La temp\u00e9rature moyenne annuelle se situe autour de <strong data-start=\"51\" data-end=\"62\">12,4\u202f\u00b0C<\/strong>, avec des variations journali\u00e8res mod\u00e9r\u00e9es en hiver comme en \u00e9t\u00e9<\/span> .<\/p>\r\n\r\n\r\n<figure id=\"attachment_67827\" aria-describedby=\"caption-attachment-67827\" style=\"width: 1024px\" class=\"wp-caption aligncenter\"><a href=\"https:\/\/cparici.com\/wp-content\/uploads\/2025\/07\/cparici-95.jpg\"><img decoding=\"async\" class=\"wp-image-67827 size-large\" src=\"https:\/\/cparici.com\/wp-content\/uploads\/2025\/07\/cparici-95-1024x362.jpg\" alt=\"M\u00e9t\u00e9o Clisson\" width=\"1024\" height=\"362\" srcset=\"https:\/\/cparici.com\/wp-content\/uploads\/2025\/07\/cparici-95-1024x362.jpg 1024w, https:\/\/cparici.com\/wp-content\/uploads\/2025\/07\/cparici-95-300x106.jpg 300w, https:\/\/cparici.com\/wp-content\/uploads\/2025\/07\/cparici-95-768x271.jpg 768w, https:\/\/cparici.com\/wp-content\/uploads\/2025\/07\/cparici-95-18x6.jpg 18w, https:\/\/cparici.com\/wp-content\/uploads\/2025\/07\/cparici-95-590x208.jpg 590w, https:\/\/cparici.com\/wp-content\/uploads\/2025\/07\/cparici-95-1200x424.jpg 1200w, https:\/\/cparici.com\/wp-content\/uploads\/2025\/07\/cparici-95-577x204.jpg 577w, https:\/\/cparici.com\/wp-content\/uploads\/2025\/07\/cparici-95-600x212.jpg 600w, https:\/\/cparici.com\/wp-content\/uploads\/2025\/07\/cparici-95.jpg 1500w\" sizes=\"(max-width: 1024px) 100vw, 1024px\" \/><\/a><figcaption id=\"caption-attachment-67827\" class=\"wp-caption-text\">M\u00e9t\u00e9o Clisson<\/figcaption><\/figure>\r\n<p data-start=\"236\" data-end=\"595\"><strong data-start=\"236\" data-end=\"266\">Hiver (d\u00e9cembre \u00e0 f\u00e9vrier)<\/strong>\u202f: les mois froids sont frais mais rarement extr\u00eames. En f\u00e9vrier, les maximales avoisinent 10\u202f\u00b0C, les minimales tombent autour de 3\u202f\u00b0C . <span class=\"relative -mx-px my-[-0.2rem] rounded px-px py-[0.2rem] transition-colors duration-100 ease-in-out\">Les pr\u00e9cipitations sont fr\u00e9quentes, plus abondantes en d\u00e9cembre, causant un risque r\u00e9gulier de journ\u00e9es pluvieuses<\/span>. <span class=\"relative -mx-px my-[-0.2rem] rounded px-px py-[0.2rem] transition-colors duration-100 ease-in-out\">Le ciel est le plus charg\u00e9 de nuages, avec un taux de couverture \u00e9lev\u00e9 en hiver<\/span>.<\/p>\r\n\r\n<h3 data-start=\"236\" data-end=\"595\">M\u00e9t\u00e9o Clisson \u2013 un printemps doux<\/h3>\r\n<p data-start=\"597\" data-end=\"861\"><strong data-start=\"597\" data-end=\"623\">Printemps (mars \u00e0 mai)<\/strong>\u202f: p\u00e9riode de transition, le climat devient plus doux d\u00e8s mars, avec des temp\u00e9ratures oscillant entre 13\u202f\u00b0C et 16\u202f\u00b0C en journ\u00e9e. Le mois de mars peut \u00eatre frais et venteux, avec des pluies mod\u00e9r\u00e9es .<\/p>\r\n<p data-start=\"863\" data-end=\"1356\"><strong data-start=\"863\" data-end=\"884\">\u00c9t\u00e9 (juin \u00e0 ao\u00fbt)<\/strong>\u202f: la ville offre des \u00e9t\u00e9s confortables, favorables aux visites en plein air. Les temp\u00e9ratures maximales tournent autour de 24\u201125\u202f\u00b0C en juillet et ao\u00fbt, avec des minimales entre 11 et 14\u202f\u00b0C . <span class=\"relative -mx-px my-[-0.2rem] rounded px-px py-[0.2rem] transition-colors duration-100 ease-in-out\">Les relev\u00e9s indiquent des temp\u00e9ratures rarement en dessous de 16\u202f\u00b0C ou au-dessus de 31\u202f\u00b0C<\/span>. <span class=\"relative -mx-px my-[-0.2rem] rounded px-px py-[0.2rem] transition-colors duration-100 ease-in-out\">Les pr\u00e9cipitations diminuent, avec environ 35\u202fmm mensuels et 4\u202fjours de pluie en juillet<\/span>. <span class=\"relative -mx-px my-[-0.2rem] rounded px-px py-[0.2rem] transition-colors duration-100 ease-in-out\">Le ciel est plus d\u00e9gag\u00e9 entre mai et octobre<\/span> .<\/p>\r\n<p data-start=\"1358\" data-end=\"1612\"><strong data-start=\"1358\" data-end=\"1392\">Automne (septembre \u00e0 novembre)<\/strong>\u202f: la douceur persiste encore en septembre (~20\u201122\u202f\u00b0C en journ\u00e9e), avant le rafra\u00eechissement progressif. La pluie redevient plus fr\u00e9quente, avec un cycle humide amorc\u00e9 d\u00e8s octobre .<\/p>\r\n<p data-start=\"1614\" data-end=\"1897\">En r\u00e9sum\u00e9, le climat dans la ville allie <strong data-start=\"1651\" data-end=\"1672\">douceur oc\u00e9anique<\/strong>, saisons marqu\u00e9es mais sans extr\u00eames, \u00e9t\u00e9s agr\u00e9ables et hivers mod\u00e9r\u00e9s, avec des pr\u00e9cipitations bien r\u00e9parties. C\u2019est un cadre climatique propice aux promenades, aux festivals comme le Hellfest, et aux d\u00e9couvertes viticoles.<\/p>\r\n\r\n<h2 data-start=\"2113\" data-end=\"2135\">Foire aux questions<\/h2>\r\n<h4 data-start=\"2137\" data-end=\"2185\">Pourquoi Clisson s\u2019appelle-t-elle Clisson\u202f?<\/h4>\r\n<p data-start=\"2186\" data-end=\"2265\"><span class=\"relative -mx-px my-[-0.2rem] rounded px-px py-[0.2rem] transition-colors duration-100 ease-in-out\">Le nom viendrait du mot \u00ab\u202fclis\u202f\u00bb, forme ancienne de palissade. La premi\u00e8re enceinte en bois aurait donn\u00e9 son nom au ch\u00e2teau et \u00e0 la ville.<\/span><\/p>\r\n\r\n<h4 data-start=\"2267\" data-end=\"2322\">Quel est le meilleur moment pour visiter Clisson\u202f?<\/h4>\r\n<p data-start=\"2323\" data-end=\"2403\"><span class=\"relative -mx-px my-[-0.2rem] rounded px-px py-[0.2rem] transition-colors duration-100 ease-in-out\">Privil\u00e9giez <strong data-start=\"12\" data-end=\"24\">mai-juin<\/strong> ou <strong data-start=\"28\" data-end=\"48\">octobre-novembre<\/strong>, pour \u00e9viter la foule et profiter du climat mod\u00e9r\u00e9<\/span>.<\/p>\r\n\r\n<h4 data-start=\"2405\" data-end=\"2458\">Combien de temps pr\u00e9voir pour explorer Clisson\u202f?<\/h4>\r\n<p data-start=\"2459\" data-end=\"2498\"><span class=\"relative -mx-px my-[-0.2rem] rounded px-px py-[0.2rem] transition-colors duration-100 ease-in-out\">Comptez <strong data-start=\"8\" data-end=\"23\">une journ\u00e9e<\/strong> pour les principaux sites\u202f: ch\u00e2teau, Garenne, balade le long de la S\u00e8vre, et march\u00e9.<\/span><\/p>\r\n\r\n<h4 data-start=\"2500\" data-end=\"2539\">Peut-on faire du cano\u00eb \u00e0 Clisson\u202f?<\/h4>\r\n<p data-start=\"2540\" data-end=\"2619\"><span class=\"relative -mx-px my-[-0.2rem] rounded px-px py-[0.2rem] transition-colors duration-100 ease-in-out\">Oui, des loueurs proposent cano\u00eb et paddle sur la S\u00e8vre, id\u00e9als pour profiter de la rivi\u00e8re en nature.<\/span><\/p>\r\n\r\n<h4 data-start=\"2621\" data-end=\"2658\">Que visiter \u00e0 la Garenne Lemot\u202f?<\/h4>\r\n<p data-start=\"2659\" data-end=\"2738\"><span class=\"relative -mx-px my-[-0.2rem] rounded px-px py-[0.2rem] transition-colors duration-100 ease-in-out\">Les jardins \u00e0 l\u2019italienne, les fabriques n\u00e9o-palladiennes, la villa, ainsi que des expositions temporaires.<\/span><\/p>\r\n\r\n<h4 data-start=\"2740\" data-end=\"2779\">Quelle vigne d\u00e9couvrir \u00e0 Clisson\u202f?<\/h4>\r\n<p data-start=\"2780\" data-end=\"2859\"><span class=\"relative -mx-px my-[-0.2rem] rounded px-px py-[0.2rem] transition-colors duration-100 ease-in-out\">On peut go\u00fbter le <strong data-start=\"18\" data-end=\"45\">Muscadet-S\u00e8vre-et-Maine<\/strong> local et le <strong data-start=\"58\" data-end=\"76\">Cabernet franc<\/strong> dans les domaines proches.<\/span><\/p>\r\n\r\n<h4 data-start=\"2861\" data-end=\"2902\">Quels festivals ont lieu \u00e0 Clisson\u202f?<\/h4>\r\n<p data-start=\"2903\" data-end=\"2982\"><span class=\"relative -mx-px my-[-0.2rem] rounded px-px py-[0.2rem] transition-colors duration-100 ease-in-out\">Le <strong data-start=\"3\" data-end=\"15\">Hellfest<\/strong> (m\u00e9tal), <strong data-start=\"25\" data-end=\"49\">Montmartre \u00e0 Clisson<\/strong>, <strong data-start=\"51\" data-end=\"69\">Les Italiennes<\/strong>, et <strong data-start=\"74\" data-end=\"91\">ClisSonnantes<\/strong> (musique classique).<\/span><\/p>\r\n\r\n<h2 data-start=\"2989\" data-end=\"3002\">Conclusion<\/h2>\r\n<p data-start=\"3004\" data-end=\"3233\">Clisson est un lieu unique qui r\u00e9sonne avec histoire, <strong data-start=\"3069\" data-end=\"3082\">italienne<\/strong>, culture, nature et <strong data-start=\"3103\" data-end=\"3118\">gastronomie<\/strong>. Que vous veniez en curieux, amateur de patrimoine ou festivalier, Clisson vous s\u00e9duira par son charme intemporel.<\/p>\r\n<p data-start=\"3235\" data-end=\"3393\">Pour en savoir plus sur le contexte historique et administratif de cette belle ville, vous pouvez consulter la page de <strong data-start=\"3354\" data-end=\"3378\">r\u00e9f\u00e9rence culturelle<\/strong> sur Wikipedia.<\/p>\r\n<p data-start=\"3235\" data-end=\"3393\">Site officiel de la ville de Clisson, <a href=\"https:\/\/www.mairie-clisson.fr\/\" target=\"_blank\" rel=\"noopener\">c\u2019est par ici!<\/a><\/p>\t\t\t\t\t\t\t\t<\/div>\n\t\t\t\t\t<\/div>\n\t\t\t\t<\/div>\n\t\t<aside class=\"elementor-element elementor-element-b79dee5 e-flex e-con-boxed e-con e-parent\" data-id=\"b79dee5\" data-element_type=\"container\" data-e-type=\"container\">\n\t\t\t\t\t<div class=\"e-con-inner\">\n\t\t\t\t<div class=\"elementor-element elementor-element-4902128 elementor-widget elementor-widget-listeo-posts-grid\" data-id=\"4902128\" data-element_type=\"widget\" data-e-type=\"widget\" data-widget_type=\"listeo-posts-grid.default\">\n\t\t\t\t<div class=\"elementor-widget-container\">\n\t\t\t\t\t\t\t\n\t\t<div class=\"listeo-post-grid-wrapper\">\n\t\t\t<div class=\"row\">\n\n\t\t\t\n\n\t\t\t\t\t\t\t<div class=\"col-md-4\">\n                <a href=\"https:\/\/cparici.com\/de\/batz-sur-mer\/\" class=\"blog-compact-item-container\">\n                    <div class=\"blog-compact-item\">\n                        <img decoding=\"async\" width=\"577\" height=\"219\" src=\"https:\/\/cparici.com\/wp-content\/uploads\/2024\/06\/batz-sur-mer.jpg\" class=\"attachment-listeo-blog-related-post size-listeo-blog-related-post wp-post-image\" alt=\"batz sur mer\" srcset=\"https:\/\/cparici.com\/wp-content\/uploads\/2024\/06\/batz-sur-mer.jpg 1500w, https:\/\/cparici.com\/wp-content\/uploads\/2024\/06\/batz-sur-mer-600x228.jpg 600w, https:\/\/cparici.com\/wp-content\/uploads\/2024\/06\/batz-sur-mer-300x114.jpg 300w, https:\/\/cparici.com\/wp-content\/uploads\/2024\/06\/batz-sur-mer-1024x389.jpg 1024w, https:\/\/cparici.com\/wp-content\/uploads\/2024\/06\/batz-sur-mer-768x292.jpg 768w\" sizes=\"(max-width: 577px) 100vw, 577px\" \/><span class=\"blog-item-tag\">Batz sur mer<\/span>                        \n                        <div class=\"blog-compact-item-content\">\n                                                        <h3>Batz sur Mer \u2013 guide pour votre s\u00e9jour en 2026<\/h3>\n                                                        <p>Comment profiter de Batz-sur-mer en 2024 ? Suivez notre guide complet pour organiser votre s\u00e9jour...                            <\/p>\n                                                    <\/div>\n                    <\/div>\n                <\/a>\n            <\/div>\n\t\t\t<div class=\"col-md-4\">\n                <a href=\"https:\/\/cparici.com\/de\/loire-atlantique\/\" class=\"blog-compact-item-container\">\n                    <div class=\"blog-compact-item\">\n                        <img decoding=\"async\" width=\"577\" height=\"248\" src=\"https:\/\/cparici.com\/wp-content\/uploads\/2024\/06\/Loire-atlantique.jpg\" class=\"attachment-listeo-blog-related-post size-listeo-blog-related-post wp-post-image\" alt=\"Loire atlantique\" srcset=\"https:\/\/cparici.com\/wp-content\/uploads\/2024\/06\/Loire-atlantique.jpg 1450w, https:\/\/cparici.com\/wp-content\/uploads\/2024\/06\/Loire-atlantique-600x258.jpg 600w, https:\/\/cparici.com\/wp-content\/uploads\/2024\/06\/Loire-atlantique-300x129.jpg 300w, https:\/\/cparici.com\/wp-content\/uploads\/2024\/06\/Loire-atlantique-1024x440.jpg 1024w, https:\/\/cparici.com\/wp-content\/uploads\/2024\/06\/Loire-atlantique-768x330.jpg 768w\" sizes=\"(max-width: 577px) 100vw, 577px\" \/><span class=\"blog-item-tag\">D\u00e9partement de France<\/span>                        \n                        <div class=\"blog-compact-item-content\">\n                                                        <h3>Loire atlantique \u2013 guide des activit\u00e9s touristiques et culturelles<\/h3>\n                                                        <p>Envie de changer d'air ? Partez \u00e0 la d\u00e9couverte de la Loire atlantique, un territoire...                            <\/p>\n                                                    <\/div>\n                    <\/div>\n                <\/a>\n            <\/div>\n\t\t\t<div class=\"col-md-4\">\n                <a href=\"https:\/\/cparici.com\/de\/mesquer\/\" class=\"blog-compact-item-container\">\n                    <div class=\"blog-compact-item\">\n                        <img decoding=\"async\" width=\"577\" height=\"192\" src=\"https:\/\/cparici.com\/wp-content\/uploads\/2024\/07\/mesquer.jpg\" class=\"attachment-listeo-blog-related-post size-listeo-blog-related-post wp-post-image\" alt=\"mesquer\" srcset=\"https:\/\/cparici.com\/wp-content\/uploads\/2024\/07\/mesquer.jpg 1590w, https:\/\/cparici.com\/wp-content\/uploads\/2024\/07\/mesquer-600x200.jpg 600w, https:\/\/cparici.com\/wp-content\/uploads\/2024\/07\/mesquer-300x100.jpg 300w, https:\/\/cparici.com\/wp-content\/uploads\/2024\/07\/mesquer-1024x341.jpg 1024w, https:\/\/cparici.com\/wp-content\/uploads\/2024\/07\/mesquer-768x256.jpg 768w, https:\/\/cparici.com\/wp-content\/uploads\/2024\/07\/mesquer-1536x511.jpg 1536w\" sizes=\"(max-width: 577px) 100vw, 577px\" \/><span class=\"blog-item-tag\">France<\/span>                        \n                        <div class=\"blog-compact-item-content\">\n                                                        <h3>Mesquer \u2013 Guide Complet pour un bon s\u00e9jour<\/h3>\n                                                        <p>Explorez Mesquer, une charmante commune bretonne. D\u00e9couvrez ses plages, son port, ses monuments, ses randonn\u00e9es...                            <\/p>\n                                                    <\/div>\n                    <\/div>\n                <\/a>\n            <\/div>\n  <\/div>\n        <\/div>\n        \t\t\t\t<\/div>\n\t\t\t\t<\/div>\n\t\t\t\t\t<\/div>\n\t\t\t\t<\/aside>\n\t\t\t\t<\/div>\n\t\t","protected":false},"excerpt":{"rendered":"<p>Recherches populaires Categories Pas de r\u00e9sultats Voir tous les r\u00e9sultats Clisson, pass\u00e9 m\u00e9di\u00e9val revisit\u00e9 \u00e0 l\u2019italienne Clisson est une petite cit\u00e9 charg\u00e9e d\u2019histoire, italienne, m\u00e9di\u00e9vale et pittoresque situ\u00e9e dans le Vignoble nantais. D\u00e9couvrez dans ce guide les tr\u00e9sors \u00e0 ne pas manquer, les meilleures p\u00e9riodes pour la visiter, et des conseils pour profiter pleinement de [&hellip;]<\/p>\n","protected":false},"author":97,"featured_media":67821,"comment_status":"closed","ping_status":"closed","sticky":false,"template":"elementor_header_footer","format":"standard","meta":{"ngg_post_thumbnail":0,"footnotes":""},"categories":[2733,477,956,954],"tags":[],"class_list":["post-67818","post","type-post","status-publish","format-standard","has-post-thumbnail","hentry","category-clisson","category-france","category-loire-atlantique","category-pays-de-la-loire"],"_links":{"self":[{"href":"https:\/\/cparici.com\/de\/wp-json\/wp\/v2\/posts\/67818","targetHints":{"allow":["GET"]}}],"collection":[{"href":"https:\/\/cparici.com\/de\/wp-json\/wp\/v2\/posts"}],"about":[{"href":"https:\/\/cparici.com\/de\/wp-json\/wp\/v2\/types\/post"}],"author":[{"embeddable":true,"href":"https:\/\/cparici.com\/de\/wp-json\/wp\/v2\/users\/97"}],"replies":[{"embeddable":true,"href":"https:\/\/cparici.com\/de\/wp-json\/wp\/v2\/comments?post=67818"}],"version-history":[{"count":0,"href":"https:\/\/cparici.com\/de\/wp-json\/wp\/v2\/posts\/67818\/revisions"}],"wp:featuredmedia":[{"embeddable":true,"href":"https:\/\/cparici.com\/de\/wp-json\/wp\/v2\/media\/67821"}],"wp:attachment":[{"href":"https:\/\/cparici.com\/de\/wp-json\/wp\/v2\/media?parent=67818"}],"wp:term":[{"taxonomy":"category","embeddable":true,"href":"https:\/\/cparici.com\/de\/wp-json\/wp\/v2\/categories?post=67818"},{"taxonomy":"post_tag","embeddable":true,"href":"https:\/\/cparici.com\/de\/wp-json\/wp\/v2\/tags?post=67818"}],"curies":[{"name":"wp","href":"https:\/\/api.w.org\/{rel}","templated":true}]}}