{"id":68112,"date":"2025-07-23T10:57:49","date_gmt":"2025-07-23T08:57:49","guid":{"rendered":"https:\/\/cparici.com\/?p=68112"},"modified":"2026-03-03T08:17:57","modified_gmt":"2026-03-03T07:17:57","slug":"saumur-stadt","status":"publish","type":"post","link":"https:\/\/cparici.com\/de\/saumur-ville\/","title":{"rendered":"Saumur, umfassender Stadtf\u00fchrer f\u00fcr das Jahr 2026"},"content":{"rendered":"\t\t<div data-elementor-type=\"wp-post\" data-elementor-id=\"68112\" class=\"elementor elementor-68112\" data-elementor-post-type=\"post\">\n\t\t\t\t<div class=\"elementor-element elementor-element-31cbe13 e-con-full e-flex e-con e-parent\" data-id=\"31cbe13\" data-element_type=\"container\" data-e-type=\"container\">\n\t\t\t\t<div class=\"elementor-element elementor-element-5cb28e0 elementor-widget elementor-widget-image\" data-id=\"5cb28e0\" data-element_type=\"widget\" data-e-type=\"widget\" data-widget_type=\"image.default\">\n\t\t\t\t\t\t\t\t\t\t\t\t\t\t\t<img decoding=\"async\" width=\"1500\" height=\"530\" src=\"https:\/\/cparici.com\/wp-content\/uploads\/2025\/07\/cparici-2025-07-22T092823.542.jpg\" class=\"attachment-full size-full wp-image-68136\" alt=\"Saumur\" srcset=\"https:\/\/cparici.com\/wp-content\/uploads\/2025\/07\/cparici-2025-07-22T092823.542.jpg 1500w, https:\/\/cparici.com\/wp-content\/uploads\/2025\/07\/cparici-2025-07-22T092823.542-300x106.jpg 300w, https:\/\/cparici.com\/wp-content\/uploads\/2025\/07\/cparici-2025-07-22T092823.542-1024x362.jpg 1024w, https:\/\/cparici.com\/wp-content\/uploads\/2025\/07\/cparici-2025-07-22T092823.542-768x271.jpg 768w, https:\/\/cparici.com\/wp-content\/uploads\/2025\/07\/cparici-2025-07-22T092823.542-18x6.jpg 18w, https:\/\/cparici.com\/wp-content\/uploads\/2025\/07\/cparici-2025-07-22T092823.542-590x208.jpg 590w, https:\/\/cparici.com\/wp-content\/uploads\/2025\/07\/cparici-2025-07-22T092823.542-1200x424.jpg 1200w, https:\/\/cparici.com\/wp-content\/uploads\/2025\/07\/cparici-2025-07-22T092823.542-577x204.jpg 577w, https:\/\/cparici.com\/wp-content\/uploads\/2025\/07\/cparici-2025-07-22T092823.542-600x212.jpg 600w\" sizes=\"(max-width: 1500px) 100vw, 1500px\" \/>\t\t\t\t\t\t\t\t\t\t\t\t\t\t\t<\/div>\n\t\t\t\t<\/div>\n\t\t<aside class=\"elementor-element elementor-element-0641c2f e-flex e-con-boxed e-con e-parent\" data-id=\"0641c2f\" data-element_type=\"container\" data-e-type=\"container\">\n\t\t\t\t\t<div class=\"e-con-inner\">\n\t\t\t\t<div class=\"elementor-element elementor-element-3ab3419 elementor-widget elementor-widget-global elementor-global-62046 elementor-widget-eael-advanced-search\" data-id=\"3ab3419\" data-element_type=\"widget\" data-e-type=\"widget\" data-widget_type=\"eael-advanced-search.default\">\n\t\t\t\t\t        <div class=\"eael-adv-search-wrapper\">\n            <div id=\"eael-advanced-search-widget-3ab3419\" class=\"eael-advanced-search-widget\">\n                <form data-settings=\"{&quot;post_per_page&quot;:5,&quot;search_among_taxonomies&quot;:&quot;&quot;,&quot;search_among_sku&quot;:&quot;no&quot;,&quot;show_popular_keyword&quot;:0,&quot;show_category&quot;:0,&quot;show_content_image&quot;:1,&quot;show_search_result_all_results&quot;:0,&quot;result_on_new_tab&quot;:&quot;no&quot;,&quot;show_product_price&quot;:&quot;no&quot;,&quot;include_current_page&quot;:&quot;no&quot;,&quot;current_post_id&quot;:68112,&quot;post_type&quot;:[&quot;post&quot;,&quot;listing&quot;]}\" method=\"POST\" name=\"eael-advanced-search-form-3ab3419\" class=\"eael-advanced-search-form eael-advanced-search-form-style-2\">\n                    <div class=\"eael-advanced-search-wrap\">\n                        <span class=\"eael-adv-search-loader\"><\/span>\n                        <span class=\"eael-adv-search-close\"><i class=\"fas fa-times\"><\/i><\/span>\n                        <span class=\"icon \"><i class=\"fas fa-search\"><\/i><\/span>\n\n                        <input type=\"text\"\n                               placeholder=\"Votre destination\"\n                               class=\"eael-advanced-search\" autocomplete=\"off\" name=\"eael_advanced_search\">\n                    <\/div>\n\t\t\t\t\t                                    <\/form>\n\n\t\t\t\t\n\t\t\t\t        <div class=\"eael-advanced-search-result\">\n            <div class=\"eael-advanced-search-popular-keyword\">\n\t\t\t\t<h4 class=\"eael-advanced-search-popular-keyword-text\">Recherches populaires<\/h4>                <div class=\"eael-popular-keyword-content\"><\/div>\n            <\/div>\n            <div class=\"eael-advanced-search-category\">\n\t\t\t\t<h4 class=\"eael-advanced-search-category-text\">Categories<\/h4>                <div class=\"eael-popular-category-content\"><\/div>\n            <\/div>\n\t\t\t<div class=\"eael-advanced-search-total-results-section\">\n\t\t\t\t\t\t\t<\/div>\n            <div class=\"eael-advanced-search-content eael-item-style-3\">\n            <\/div>\n            <div class=\"eael-advanced-search-not-found\">\n                <p>Pas de r\u00e9sultats<\/p><\/div>\n            <div class=\"eael-advanced-search-load-more\">\n\t\t\t\t<a \tclass=\"eael-advanced-search-load-more-button\"\n                \thref=\"#\">Voir tous les r\u00e9sultats<\/a>\n            <\/div>\n        <\/div>\n\n\t\t            <\/div>\n        <\/div>\n\n\t\t\t\t\t\t<\/div>\n\t\t\t\t\t<\/div>\n\t\t\t\t<\/aside>\n\t\t<div class=\"elementor-element elementor-element-503efead e-flex e-con-boxed e-con e-parent\" data-id=\"503efead\" data-element_type=\"container\" data-e-type=\"container\">\n\t\t\t\t\t<div class=\"e-con-inner\">\n\t\t\t\t<div class=\"elementor-element elementor-element-14709f10 elementor-widget elementor-widget-text-editor\" data-id=\"14709f10\" data-element_type=\"widget\" data-e-type=\"widget\" data-widget_type=\"text-editor.default\">\n\t\t\t\t\t\t\t\t\t<h1 style=\"text-align: center;\" data-start=\"86\" data-end=\"133\">Saumur, guide complet de la ville en 2026<\/h1><p data-start=\"104\" data-end=\"747\">Situ\u00e9e au c\u0153ur du <strong data-start=\"122\" data-end=\"138\">Val de Loire<\/strong>, dans le <a href=\"https:\/\/cparici.com\/departements-francais-carte-de-france\/\">d\u00e9partement<\/a> du <a href=\"https:\/\/cparici.com\/maine-et-loire\/\">Maine-et-Loire<\/a>, <strong data-start=\"140\" data-end=\"150\">Saumur<\/strong> s\u00e9duit par son charme historique, ses paysages enchanteurs et sa douceur de vivre. R\u00e9put\u00e9e pour son imposant <strong data-start=\"260\" data-end=\"280\">ch\u00e2teau m\u00e9di\u00e9val<\/strong>, ses c\u00e9l\u00e8bres <strong data-start=\"295\" data-end=\"319\">caves troglodytiques<\/strong> et son prestigieux <strong data-start=\"339\" data-end=\"353\">Cadre Noir<\/strong>, la ville est un joyau architectural et culturel. Entre la Loire et les vignobles, Saumur offre une exp\u00e9rience unique m\u00ealant patrimoine, gastronomie et nature. Ce guide vous invite \u00e0 d\u00e9couvrir ses incontournables, ses secrets bien gard\u00e9s et ses meilleures adresses pour faire de votre s\u00e9jour une escapade inoubliable. Pr\u00e9parez-vous \u00e0 explorer une ville o\u00f9 chaque ruelle raconte une histoire.<\/p><h2 data-start=\"86\" data-end=\"133\">Panorama et visite du ch\u00e2teau de Saumur<\/h2><p data-start=\"135\" data-end=\"211\"><span class=\"relative -mx-px my-[-0.2rem] rounded px-px py-[0.2rem] transition-colors duration-100 ease-in-out\">Perch\u00e9 sur un promontoire dominant la Loire, le <strong data-start=\"48\" data-end=\"69\">ch\u00e2teau de Saumur<\/strong> est un joyau m\u00e9di\u00e9val et Renaissance. Construit au XI\u1d49 si\u00e8cle par Thibault Ier puis reconstruite par Philippe Auguste, il est notable pour ses tours octogonales \u00e9difi\u00e9es \u00e0 partir de 1368 et ses remparts bastionn\u00e9s initi\u00e9s en 1589 par Duplessis\u2011Mornay<\/span>.<\/p><p data-start=\"86\" data-end=\"239\"><span class=\"relative -mx-px my-[-0.2rem] rounded px-px py-[0.2rem] transition-colors duration-100 ease-in-out\">Le <strong data-start=\"3\" data-end=\"24\">ch\u00e2teau de Saumur<\/strong> est autant un symbole historique qu\u2019un belv\u00e9d\u00e8re naturel : perch\u00e9 sur un \u00e9peron rocheux au confluent de la Loire et du Thouet, il domine majestueusement la ville de Saumur. Les premi\u00e8res fortifications ont \u00e9t\u00e9 \u00e9tablies au Xe\u202fsi\u00e8cle par <strong data-start=\"261\" data-end=\"274\">Thibaud\u202fI<\/strong>, comte de Blois, dans le but de prot\u00e9ger l\u2019abbaye de Saint\u2011Florent des invasions normandes<\/span>. <span class=\"relative -mx-px my-[-0.2rem] rounded px-px py-[0.2rem] transition-colors duration-100 ease-in-out\">Son histoire est une succession de reconstructions majeures, sous <strong data-start=\"66\" data-end=\"84\">Foulques Nerra<\/strong> au XIe si\u00e8cle, puis Henry II d\u2019Angleterre au XIIe si\u00e8cle. \u00c0 partir de 1203, Philippe Auguste int\u00e8gre Saumur au domaine royal et renforce les d\u00e9fenses en \u00e9difiant un donjon barlong et des contreforts adapt\u00e9s \u00e0 la guerre de si\u00e8ge m\u00e9di\u00e9vale<\/span>.<\/p><p data-start=\"241\" data-end=\"394\"><span class=\"relative -mx-px my-[-0.2rem] rounded px-px py-[0.2rem] transition-colors duration-100 ease-in-out\">\u00c0 compter de 1368, le ch\u00e2teau subit une transformation architecturale imposante : <strong data-start=\"82\" data-end=\"103\">Louis\u202fIer d\u2019Anjou<\/strong> fait remplacer les tours rondes par des tours octogonales, reconnaissables aujourd\u2019hui dans la silhouette du monument<\/span>. <span class=\"relative -mx-px my-[-0.2rem] rounded px-px py-[0.2rem] transition-colors duration-100 ease-in-out\"><strong data-start=\"0\" data-end=\"16\" data-is-only-node=\"\">Ren\u00e9 d\u2019Anjou<\/strong>, au XVe si\u00e8cle, m\u00e9tamorphose l\u2019\u00e9difice en r\u00e9sidence princi\u00e8re, lui conf\u00e9rant son surnom de <strong data-start=\"108\" data-end=\"127\">Ch\u00e2teau d\u2019Amour<\/strong>, et embellit les logis tout en conservant un esprit d\u00e9fensif<\/span>.<\/p><p data-start=\"396\" data-end=\"557\"><span class=\"relative -mx-px my-[-0.2rem] rounded px-px py-[0.2rem] transition-colors duration-100 ease-in-out\">\u00c0 la fin du XVIe si\u00e8cle, <strong data-start=\"25\" data-end=\"54\">Philippe Duplessis\u2011Mornay<\/strong>, gouverneur protestant, fait renforcer la forteresse en y ajoutant une <strong data-start=\"126\" data-end=\"163\">enceinte bastionn\u00e9e \u00e0 l\u2019italienne<\/strong> (remparts perc\u00e9s de redans et bastions), formant une ceinture d\u00e9fensive de pr\u00e8s d\u2019un kilom\u00e8tre autour du promontoire<\/span>. <span class=\"relative -mx-px my-[-0.2rem] rounded px-px py-[0.2rem] transition-colors duration-100 ease-in-out\">Ce mur d\u2019enceinte, con\u00e7u pour r\u00e9sister aux canons, est encore en grande partie pr\u00e9serv\u00e9, offrant une promenade riche en histoire et offrant des vues \u00e9poustouflantes sur la vall\u00e9e de la Loire. Le <strong data-start=\"195\" data-end=\"218\">jardin du Belv\u00e9d\u00e8re<\/strong>, accessible librement en contrebas, permet au public de rejoindre ais\u00e9ment les remparts et les tables de pique-nique tout en admirant l\u2019architecture militaire du ch\u00e2teau<\/span>.<\/p><p data-start=\"559\" data-end=\"720\"><span class=\"relative -mx-px my-[-0.2rem] rounded px-px py-[0.2rem] transition-colors duration-100 ease-in-out\">L\u2019int\u00e9rieur de l\u2019\u00e9difice r\u00e9serve de nombreuses surprises architecturales. Au centre, un <strong data-start=\"88\" data-end=\"120\">escalier \u00e0 double r\u00e9volution<\/strong> \u2013 souvent compar\u00e9 \u00e0 celui de L\u00e9onard de Vinci \u2013 permet aux visiteurs et aux serviteurs de monter sans jamais se croiser, preuve du raffinement de la transition entre praticit\u00e9 m\u00e9di\u00e9vale et \u00e9l\u00e9gance Renaissance<\/span>. <span class=\"relative -mx-px my-[-0.2rem] rounded px-px py-[0.2rem] transition-colors duration-100 ease-in-out\">Un <strong data-start=\"3\" data-end=\"16\">belv\u00e9d\u00e8re<\/strong>, accessible avec guide et suppl\u00e9ment, invite les visiteurs \u00e0 s\u2019\u00e9lever dans l\u2019aile sud via un escalier en colima\u00e7on du XIVe\u202fsi\u00e8cle : la vue y est incomparable, embrassant toits de tuffeau, jardins et chutes de la Loire<\/span>.<\/p><p data-start=\"722\" data-end=\"802\"><span class=\"relative -mx-px my-[-0.2rem] rounded px-px py-[0.2rem] transition-colors duration-100 ease-in-out\">Le ch\u00e2teau aujourd\u2019hui abrite deux mus\u00e9es : l\u2019un des <strong data-start=\"53\" data-end=\"72\">arts d\u00e9coratifs<\/strong>, regroupant plus de 1\u202f500 c\u00e9ramiques, tapisseries et pi\u00e8ces de mobilier (notamment issues de la donation du comte Charles Lair) ; l\u2019autre consacr\u00e9 au <strong data-start=\"223\" data-end=\"252\">cheval et au harnachement<\/strong>, rendant hommage \u00e0 l\u2019\u00e2me \u00e9questre de Saumur et li\u00e9e au prestigieux Cadre\u2011Noir<\/span>.<\/p><p data-start=\"804\" data-end=\"884\"><span class=\"relative -mx-px my-[-0.2rem] rounded px-px py-[0.2rem] transition-colors duration-100 ease-in-out\">Les remparts n\u2019ont pas \u00e9t\u00e9 \u00e9pargn\u00e9s par l\u2019histoire r\u00e9cente : en 2001, une portion du rempart nord s\u2019est effondr\u00e9e sur 45\u202fm de long et 35\u202fm de haut, provoquant des d\u00e9g\u00e2ts en contrebas. Un chantier de reconstruction a permis une remise en \u00e9tat fid\u00e8le \u00e0 l\u2019original, achev\u00e9e en 2007, garantissant la s\u00e9curit\u00e9 et la p\u00e9rennit\u00e9 de ce patrimoine<\/span>.<\/p><figure id=\"attachment_68143\" aria-describedby=\"caption-attachment-68143\" style=\"width: 1500px\" class=\"wp-caption aligncenter\"><a href=\"https:\/\/cparici.com\/wp-content\/uploads\/2025\/07\/cparici-2025-07-22T100024.286.jpg\"><img decoding=\"async\" class=\"wp-image-68143 size-full\" src=\"https:\/\/cparici.com\/wp-content\/uploads\/2025\/07\/cparici-2025-07-22T100024.286.jpg\" alt=\"Chateau de Saumur\" width=\"1500\" height=\"530\" srcset=\"https:\/\/cparici.com\/wp-content\/uploads\/2025\/07\/cparici-2025-07-22T100024.286.jpg 1500w, https:\/\/cparici.com\/wp-content\/uploads\/2025\/07\/cparici-2025-07-22T100024.286-300x106.jpg 300w, https:\/\/cparici.com\/wp-content\/uploads\/2025\/07\/cparici-2025-07-22T100024.286-1024x362.jpg 1024w, https:\/\/cparici.com\/wp-content\/uploads\/2025\/07\/cparici-2025-07-22T100024.286-768x271.jpg 768w, https:\/\/cparici.com\/wp-content\/uploads\/2025\/07\/cparici-2025-07-22T100024.286-18x6.jpg 18w, https:\/\/cparici.com\/wp-content\/uploads\/2025\/07\/cparici-2025-07-22T100024.286-590x208.jpg 590w, https:\/\/cparici.com\/wp-content\/uploads\/2025\/07\/cparici-2025-07-22T100024.286-1200x424.jpg 1200w, https:\/\/cparici.com\/wp-content\/uploads\/2025\/07\/cparici-2025-07-22T100024.286-577x204.jpg 577w, https:\/\/cparici.com\/wp-content\/uploads\/2025\/07\/cparici-2025-07-22T100024.286-600x212.jpg 600w\" sizes=\"(max-width: 1500px) 100vw, 1500px\" \/><\/a><figcaption id=\"caption-attachment-68143\" class=\"wp-caption-text\">Chateau de Saumur<\/figcaption><\/figure><h3 data-start=\"213\" data-end=\"240\">Collections et mus\u00e9es au chateau de Saumur<\/h3><p data-start=\"241\" data-end=\"317\"><span class=\"relative -mx-px my-[-0.2rem] rounded px-px py-[0.2rem] transition-colors duration-100 ease-in-out\">Depuis 1906, la ville l\u2019a restaur\u00e9 pour y installer un <strong data-start=\"55\" data-end=\"84\">mus\u00e9e des arts d\u00e9coratifs<\/strong> (c\u00e9ramiques, mobilier), ainsi qu\u2019un <strong data-start=\"121\" data-end=\"159\">mus\u00e9e du harnachement et du cheval<\/strong>\u202f: \u0153uvres issues de la donation du comte Charles Lair<\/span>.<\/p><h3 data-start=\"319\" data-end=\"346\">Panorama sur la Loire<\/h3><p data-start=\"347\" data-end=\"461\"><span class=\"relative -mx-px my-[-0.2rem] rounded px-px py-[0.2rem] transition-colors duration-100 ease-in-out\">Les remparts offrent une <strong data-start=\"25\" data-end=\"59\">vue panoramique exceptionnelle<\/strong> sur le Val de Loire, inscrit au patrimoine mondial de l\u2019UNESCO<\/span>. <span class=\"relative -mx-px my-[-0.2rem] rounded px-px py-[0.2rem] transition-colors duration-100 ease-in-out\">Un incontournable pendant votre visite.<\/span><\/p><h3 data-start=\"463\" data-end=\"487\">Conseils pratiques<\/h3><p data-start=\"488\" data-end=\"525\"><span class=\"relative -mx-px my-[-0.2rem] rounded px-px py-[0.2rem] transition-colors duration-100 ease-in-out\">Ouvert toute l\u2019ann\u00e9e (horaires variables selon saison, autour de 10\u202fh\u201318\u202fh), pr\u00e9voir 1\u202fh\u202f30 \u00e0 2\u202fh pour la visite compl\u00e8te, y compris les expositions et remparts. Des belv\u00e9d\u00e8res sont accessibles gratuitement et offrent des vues exceptionnelles sur la ville et le fleuve.<\/span><\/p><h3 data-start=\"891\" data-end=\"906\">En r\u00e9sum\u00e9 :<\/h3><ul data-start=\"908\" data-end=\"1350\"><li data-start=\"908\" data-end=\"989\"><p data-start=\"910\" data-end=\"989\"><strong data-start=\"910\" data-end=\"933\">Origines d\u00e9fensives<\/strong> au Xe si\u00e8cle, r\u00e9seaux Plantagen\u00eat, royaut\u00e9 cap\u00e9tienne<\/p><\/li><li data-start=\"990\" data-end=\"1069\"><p data-start=\"992\" data-end=\"1069\"><strong data-start=\"992\" data-end=\"1032\">\u00c9volution princesse et r\u00e9sidentielle<\/strong> sous Louis\u202fd\u2019Anjou et Ren\u00e9 d\u2019Anjou<\/p><\/li><li data-start=\"1070\" data-end=\"1127\"><p data-start=\"1072\" data-end=\"1127\"><strong data-start=\"1072\" data-end=\"1095\">Remparts bastionn\u00e9s<\/strong> sculpt\u00e9s par Duplessis\u2011Mornay<\/p><\/li><li data-start=\"1128\" data-end=\"1213\"><p data-start=\"1130\" data-end=\"1213\"><strong data-start=\"1130\" data-end=\"1157\">Sc\u00e9nographie int\u00e9rieure<\/strong> m\u00e9di\u00e9vale et Renaissance : double escalier, belv\u00e9d\u00e8re<\/p><\/li><li data-start=\"1214\" data-end=\"1272\"><p data-start=\"1216\" data-end=\"1272\"><strong data-start=\"1216\" data-end=\"1226\">Mus\u00e9es<\/strong> mus\u00e9ographiques : arts d\u00e9coratifs et cheval<\/p><\/li><li data-start=\"1273\" data-end=\"1350\"><p data-start=\"1275\" data-end=\"1350\"><strong data-start=\"1275\" data-end=\"1299\">Restauration moderne<\/strong> post-effondrement, maintien du monument historique<\/p><\/li><\/ul><p data-start=\"1352\" data-end=\"1651\">Cette fusion d\u2019histoire, d\u2019architecture et de fonction fait du ch\u00e2teau de Saumur un t\u00e9moignage vivant des changements militaires, politiques et culturels de la France. Promenade au sommet, visite des mus\u00e9es, contemplation des remparts : chaque recoin raconte une \u00e9poque et l\u2019\u00e2me de la Loire d\u2019Anjou.<\/p><h2 data-start=\"532\" data-end=\"587\">Patrimoine troglodytique et monuments souterrains<\/h2><p data-start=\"589\" data-end=\"628\"><span class=\"relative -mx-px my-[-0.2rem] rounded px-px py-[0.2rem] transition-colors duration-100 ease-in-out\">Aux alentours de Saumur, la roche de <strong data-start=\"37\" data-end=\"48\">tuffeau<\/strong> a \u00e9t\u00e9 exploit\u00e9e pour cr\u00e9er d\u2019immenses r\u00e9seaux souterrains, utilis\u00e9s comme caves, champignonni\u00e8res et habitations.<\/span><\/p><h3 data-start=\"630\" data-end=\"653\">Le g\u00e9osite troglo<\/h3><p data-start=\"654\" data-end=\"734\"><span class=\"relative -mx-px my-[-0.2rem] rounded px-px py-[0.2rem] transition-colors duration-100 ease-in-out\">La r\u00e9gion rec\u00e8le pr\u00e8s de 300\u202fkm de galeries creus\u00e9es dans le Saumurois, dont la moiti\u00e9 sont aujourd\u2019hui repens\u00e9es (habitations, champignons, caves)<\/span>.<\/p><h3 data-start=\"736\" data-end=\"759\">Lieux \u00e0 d\u00e9couvrir<\/h3><ul data-start=\"760\" data-end=\"889\"><li data-start=\"760\" data-end=\"803\"><p data-start=\"762\" data-end=\"803\"><span class=\"relative -mx-px my-[-0.2rem] rounded px-px py-[0.2rem] transition-colors duration-100 ease-in-out\">Le <strong data-start=\"3\" data-end=\"43\">village troglodytique de Rochemenier<\/strong>\u202f: maisons creus\u00e9es dans le tuffeau.<\/span><\/p><\/li><li data-start=\"804\" data-end=\"847\"><p data-start=\"806\" data-end=\"847\"><span class=\"relative -mx-px my-[-0.2rem] rounded px-px py-[0.2rem] transition-colors duration-100 ease-in-out\">Le <strong data-start=\"3\" data-end=\"19\">Moulin Gour\u00e9<\/strong>, un site souterrain class\u00e9.<\/span><\/p><\/li><li data-start=\"848\" data-end=\"889\"><p data-start=\"850\" data-end=\"889\"><span class=\"relative -mx-px my-[-0.2rem] rounded px-px py-[0.2rem] transition-colors duration-100 ease-in-out\">Les <strong data-start=\"4\" data-end=\"28\">caves troglodytiques<\/strong> autour du ch\u00e2teau, notamment \u00e0 l\u2019occasion d\u2019ateliers et d\u00e9gustations.<\/span><\/p><\/li><\/ul><h3 data-start=\"891\" data-end=\"921\">H\u00e9bergements souterrains<\/h3><p data-start=\"922\" data-end=\"961\"><span class=\"relative -mx-px my-[-0.2rem] rounded px-px py-[0.2rem] transition-colors duration-100 ease-in-out\">Certaines anciennes galeries ont \u00e9t\u00e9 converties en <strong data-start=\"51\" data-end=\"82\">h\u00f4tels ou g\u00eetes troglodytes<\/strong>, offrant une exp\u00e9rience immersive unique.<\/span><\/p><h2 data-start=\"968\" data-end=\"1012\">\u0152notourisme\u202f: Saumur AOC & d\u00e9gustation des <a href=\"https:\/\/cparici.com\/vins-de-france\/\">vins<\/a> du Saumurois<\/h2><p data-start=\"1014\" data-end=\"1094\"><span class=\"relative -mx-px my-[-0.2rem] rounded px-px py-[0.2rem] transition-colors duration-100 ease-in-out\">Le vignoble de <strong data-start=\"15\" data-end=\"29\">Saumur AOC<\/strong>, n\u00e9 en 1936, s\u2019\u00e9tend sur environ 4\u202f000 ha, dont 3\u202f600 ha pour les rouges (Cabernet Franc) et 400\u202fha pour les blancs (Chenin)<\/span>.<\/p><figure id=\"attachment_68146\" aria-describedby=\"caption-attachment-68146\" style=\"width: 1500px\" class=\"wp-caption aligncenter\"><a href=\"https:\/\/cparici.com\/wp-content\/uploads\/2025\/07\/cparici-2025-07-22T101645.067.jpg\"><img decoding=\"async\" class=\"wp-image-68146 size-full\" src=\"https:\/\/cparici.com\/wp-content\/uploads\/2025\/07\/cparici-2025-07-22T101645.067.jpg\" alt=\"Saumur vignobles\" width=\"1500\" height=\"530\" srcset=\"https:\/\/cparici.com\/wp-content\/uploads\/2025\/07\/cparici-2025-07-22T101645.067.jpg 1500w, https:\/\/cparici.com\/wp-content\/uploads\/2025\/07\/cparici-2025-07-22T101645.067-300x106.jpg 300w, https:\/\/cparici.com\/wp-content\/uploads\/2025\/07\/cparici-2025-07-22T101645.067-1024x362.jpg 1024w, https:\/\/cparici.com\/wp-content\/uploads\/2025\/07\/cparici-2025-07-22T101645.067-768x271.jpg 768w, https:\/\/cparici.com\/wp-content\/uploads\/2025\/07\/cparici-2025-07-22T101645.067-18x6.jpg 18w, https:\/\/cparici.com\/wp-content\/uploads\/2025\/07\/cparici-2025-07-22T101645.067-590x208.jpg 590w, https:\/\/cparici.com\/wp-content\/uploads\/2025\/07\/cparici-2025-07-22T101645.067-1200x424.jpg 1200w, https:\/\/cparici.com\/wp-content\/uploads\/2025\/07\/cparici-2025-07-22T101645.067-577x204.jpg 577w, https:\/\/cparici.com\/wp-content\/uploads\/2025\/07\/cparici-2025-07-22T101645.067-600x212.jpg 600w\" sizes=\"(max-width: 1500px) 100vw, 1500px\" \/><\/a><figcaption id=\"caption-attachment-68146\" class=\"wp-caption-text\">Saumur vignobles<\/figcaption><\/figure><h3 data-start=\"1096\" data-end=\"1118\">C\u00e9pages & styles<\/h3><ul data-start=\"1119\" data-end=\"1289\"><li data-start=\"1119\" data-end=\"1162\"><p data-start=\"1121\" data-end=\"1162\"><span class=\"relative -mx-px my-[-0.2rem] rounded px-px py-[0.2rem] transition-colors duration-100 ease-in-out\"><strong data-start=\"0\" data-end=\"10\" data-is-only-node=\"\">Rouges<\/strong>\u202f: Cabernet Franc, parfois accompagn\u00e9 de Cabernet Sauvignon ou Pineau d\u2019Aunis (jusqu\u2019\u00e0 30\u202f%).<\/span><\/p><\/li><li data-start=\"1163\" data-end=\"1206\"><p data-start=\"1165\" data-end=\"1206\"><span class=\"relative -mx-px my-[-0.2rem] rounded px-px py-[0.2rem] transition-colors duration-100 ease-in-out\"><strong data-start=\"0\" data-end=\"10\" data-is-only-node=\"\">Blancs<\/strong>\u202f: Chenin blanc uniquement.<\/span><\/p><\/li><li data-start=\"1207\" data-end=\"1289\"><p data-start=\"1209\" data-end=\"1289\"><span class=\"relative -mx-px my-[-0.2rem] rounded px-px py-[0.2rem] transition-colors duration-100 ease-in-out\"><strong data-start=\"0\" data-end=\"17\" data-is-only-node=\"\">Effervescents<\/strong>\u202f: m\u00e9thode traditionnelle pour cr\u00e9mant de Loire<\/span>.<\/p><\/li><\/ul><h3 data-start=\"1291\" data-end=\"1315\">Domaines \u00e0 visiter<\/h3><ul data-start=\"1316\" data-end=\"1401\"><li data-start=\"1316\" data-end=\"1359\"><p data-start=\"1318\" data-end=\"1359\"><span class=\"relative -mx-px my-[-0.2rem] rounded px-px py-[0.2rem] transition-colors duration-100 ease-in-out\"><strong data-start=\"0\" data-end=\"18\" data-is-only-node=\"\">Bouvet\u2011Ladubay<\/strong>\u202f: r\u00e9put\u00e9 pour son cr\u00e9mant.<\/span><\/p><\/li><li data-start=\"1360\" data-end=\"1401\"><p data-start=\"1362\" data-end=\"1401\"><span class=\"relative -mx-px my-[-0.2rem] rounded px-px py-[0.2rem] transition-colors duration-100 ease-in-out\">Nombre de domaines proposent des visites de caves troglodytiques, suivies de <strong data-start=\"77\" data-end=\"104\">d\u00e9gustations comment\u00e9es<\/strong>.<\/span><\/p><\/li><\/ul><h3 data-start=\"1403\" data-end=\"1427\">Accords & ateliers<\/h3><p data-start=\"1428\" data-end=\"1467\"><span class=\"relative -mx-px my-[-0.2rem] rounded px-px py-[0.2rem] transition-colors duration-100 ease-in-out\">Des <a href=\"https:\/\/cparici.com\/oenotourisme-en-france\/\"><strong data-start=\"4\" data-end=\"28\">ateliers \u0153nologiques<\/strong><\/a> sont organis\u00e9s, o\u00f9 sont propos\u00e9s accords mets-vins, initiations \u00e0 la d\u00e9gustation, et exploration sensorielle des ar\u00f4mes locaux.<\/span><\/p><h2 data-start=\"1474\" data-end=\"1507\">Mus\u00e9es et culture militaire<\/h2><h3 data-start=\"1509\" data-end=\"1532\">Mus\u00e9e des Blind\u00e9s<\/h3><p data-start=\"1533\" data-end=\"1613\"><span class=\"relative -mx-px my-[-0.2rem] rounded px-px py-[0.2rem] transition-colors duration-100 ease-in-out\">Install\u00e9 sur le Montsimpa, il est la <strong data-start=\"37\" data-end=\"83\">plus grande collection de blind\u00e9s d\u2019Europe<\/strong>, avec plus de 200 v\u00e9hicules : chars, canons, v\u00e9hicules militaires<\/span>.<\/p><h3 data-start=\"1615\" data-end=\"1642\">Mus\u00e9e de la Cavalerie<\/h3><p data-start=\"1643\" data-end=\"1682\"><span class=\"relative -mx-px my-[-0.2rem] rounded px-px py-[0.2rem] transition-colors duration-100 ease-in-out\">Au ch\u00e2teau, pr\u00e9sente l\u2019histoire militaire de la r\u00e9gion, harnachements anciens et c\u00e9l\u00e9bration de l\u2019art \u00e9questre.<\/span><\/p><h3 data-start=\"1684\" data-end=\"1705\">Arts d\u00e9coratifs<\/h3><p data-start=\"1706\" data-end=\"1745\"><span class=\"relative -mx-px my-[-0.2rem] rounded px-px py-[0.2rem] transition-colors duration-100 ease-in-out\">Collections permanentes (c\u00e9ramique, mobilier) retracent l\u2019histoire du design et du quotidien aristocratique en Anjou.<\/span><\/p><h2 data-start=\"86\" data-end=\"146\">Le Cadre Noir de Saumur : l\u2019excellence \u00e9questre fran\u00e7aise<\/h2><p><a href=\"https:\/\/cparici.com\/wp-content\/uploads\/2025\/07\/cparici-2025-07-22T103604.211.jpg\"><img decoding=\"async\" class=\"aligncenter wp-image-68157 size-full\" src=\"https:\/\/cparici.com\/wp-content\/uploads\/2025\/07\/cparici-2025-07-22T103604.211.jpg\" alt=\"cadre noir saumur equitation\" width=\"1500\" height=\"530\" srcset=\"https:\/\/cparici.com\/wp-content\/uploads\/2025\/07\/cparici-2025-07-22T103604.211.jpg 1500w, https:\/\/cparici.com\/wp-content\/uploads\/2025\/07\/cparici-2025-07-22T103604.211-300x106.jpg 300w, https:\/\/cparici.com\/wp-content\/uploads\/2025\/07\/cparici-2025-07-22T103604.211-1024x362.jpg 1024w, https:\/\/cparici.com\/wp-content\/uploads\/2025\/07\/cparici-2025-07-22T103604.211-768x271.jpg 768w, https:\/\/cparici.com\/wp-content\/uploads\/2025\/07\/cparici-2025-07-22T103604.211-18x6.jpg 18w, https:\/\/cparici.com\/wp-content\/uploads\/2025\/07\/cparici-2025-07-22T103604.211-590x208.jpg 590w, https:\/\/cparici.com\/wp-content\/uploads\/2025\/07\/cparici-2025-07-22T103604.211-1200x424.jpg 1200w, https:\/\/cparici.com\/wp-content\/uploads\/2025\/07\/cparici-2025-07-22T103604.211-577x204.jpg 577w, https:\/\/cparici.com\/wp-content\/uploads\/2025\/07\/cparici-2025-07-22T103604.211-600x212.jpg 600w\" sizes=\"(max-width: 1500px) 100vw, 1500px\" \/><\/a><\/p><p><span class=\"relative -mx-px my-[-0.2rem] rounded px-px py-[0.2rem] transition-colors duration-100 ease-in-out\">\u00c9cole nationale d\u2019\u00e9quitation situ\u00e9e \u00e0 Saumur, fond\u00e9e au XVIIIe si\u00e8cle, elle forme l\u2019\u00e9lite de la <strong data-start=\"96\" data-end=\"116\">haute \u00e9quitation<\/strong>, inscrite au <a href=\"https:\/\/cparici.com\/patrimoine-mondial-de-l-unesco-en-france\/\">patrimoine immat\u00e9riel de l\u2019UNESCO<\/a><\/span>.<\/p><p data-start=\"148\" data-end=\"545\">Le <strong data-start=\"151\" data-end=\"175\">Cadre Noir de Saumur<\/strong> est l\u2019un des symboles les plus prestigieux de la tradition \u00e9questre fran\u00e7aise. Fond\u00e9 au XIX\u1d49 si\u00e8cle, il fait partie int\u00e9grante de l\u2019<strong data-start=\"308\" data-end=\"340\">\u00c9cole nationale d\u2019\u00e9quitation<\/strong>, qui forme depuis 1972 les \u00e9lites du sport \u00e9questre et perp\u00e9tue l\u2019art de la haute \u00e9cole. Inscrit au patrimoine culturel immat\u00e9riel de l\u2019UNESCO, il attire chaque ann\u00e9e des milliers de visiteurs \u00e0 Saumur.<\/p><h3 data-start=\"547\" data-end=\"595\">Une institution au service de l\u2019art \u00e9questre<\/h3><p data-start=\"597\" data-end=\"1068\">Le Cadre Noir est compos\u00e9 d\u2019environ <strong data-start=\"633\" data-end=\"647\">40 \u00e9cuyers<\/strong> qui transmettent des savoir-faire s\u00e9culaires h\u00e9rit\u00e9s de la cavalerie fran\u00e7aise. Ces ma\u00eetres cavaliers excellent dans la <strong data-start=\"768\" data-end=\"783\">haute \u00e9cole<\/strong> et les disciplines olympiques. Ils sont \u00e9galement ambassadeurs de l\u2019\u00e9l\u00e9gance et du raffinement du dressage fran\u00e7ais. Les \u00e9cuyers entra\u00eenent des chevaux d\u2019exception, notamment des <strong data-start=\"963\" data-end=\"978\">Lusitaniens<\/strong> et des <strong data-start=\"986\" data-end=\"1004\">Selle Fran\u00e7ais<\/strong>, rigoureusement s\u00e9lectionn\u00e9s pour leur gr\u00e2ce et leur agilit\u00e9.<\/p><h3 data-start=\"1070\" data-end=\"1123\">Galas et visites : une exp\u00e9rience unique \u00e0 Saumur<\/h3><p data-start=\"1125\" data-end=\"1611\">Le site de l\u2019<strong data-start=\"1138\" data-end=\"1170\">\u00c9cole nationale d\u2019\u00e9quitation<\/strong>, situ\u00e9 sur la commune de Saumur, propose des <strong data-start=\"1216\" data-end=\"1235\">visites guid\u00e9es<\/strong> des \u00e9curies, des selleries et des man\u00e8ges. Les visiteurs peuvent d\u00e9couvrir le quotidien des \u00e9cuyers et assister \u00e0 des d\u00e9monstrations de dressage. Les <strong data-start=\"1386\" data-end=\"1409\">galas du Cadre Noir<\/strong>, organis\u00e9s plusieurs fois par an, offrent un spectacle \u00e9questre impressionnant, m\u00ealant musique, lumi\u00e8re et figures de haute \u00e9cole. Ces \u00e9v\u00e9nements sont pris\u00e9s par les amateurs comme par les n\u00e9ophytes.<\/p><h3 data-start=\"1613\" data-end=\"1649\">Un patrimoine vivant \u00e0 d\u00e9couvrir<\/h3><p data-start=\"1651\" data-end=\"1896\">V\u00e9ritable fiert\u00e9 du patrimoine saumurois, le Cadre Noir de Saumur incarne l\u2019excellence fran\u00e7aise en mati\u00e8re d\u2019\u00e9quitation. Entre histoire, tradition et performance sportive, il constitue une \u00e9tape incontournable pour tout s\u00e9jour dans la r\u00e9gion.<\/p><h3 data-start=\"1870\" data-end=\"1895\">Histoire & prestige<\/h3><p data-start=\"1896\" data-end=\"1976\"><span class=\"relative -mx-px my-[-0.2rem] rounded px-px py-[0.2rem] transition-colors duration-100 ease-in-out\">Initialement \u00ab\u202f\u00c9cole d\u2019application de la cavalerie\u202f\u00bb, elle devient le <strong data-start=\"70\" data-end=\"84\">Cadre Noir<\/strong> en 1898, c\u00e9l\u00e8bre pour sa robe noire embl\u00e9matique des \u00e9cuyers<\/span>.<\/p><h3 data-start=\"1978\" data-end=\"2003\">Spectacles & tarifs<\/h3><p data-start=\"2004\" data-end=\"2043\"><span class=\"relative -mx-px my-[-0.2rem] rounded px-px py-[0.2rem] transition-colors duration-100 ease-in-out\">Galas \u00e9questres r\u00e9guliers (\u00e9t\u00e9, \u00e9v\u00e9nements sp\u00e9ciaux). Billets disponibles via l\u2019Office de Tourisme ou sur place.<\/span><\/p><h3 data-start=\"2045\" data-end=\"2070\">\u00c9v\u00e9nements associ\u00e9s<\/h3><p data-start=\"2071\" data-end=\"2110\"><span class=\"relative -mx-px my-[-0.2rem] rounded px-px py-[0.2rem] transition-colors duration-100 ease-in-out\">Pr\u00e9sence \u00e0 des foires, festivals \u00e9questres, d\u00e9monstrations en ext\u00e9rieur.<\/span><\/p><h2 data-start=\"2117\" data-end=\"2163\">Itin\u00e9raires & escapades autour de Saumur<\/h2><h3 data-start=\"2165\" data-end=\"2185\">S\u00e9jour de 48\u202fh<\/h3><p data-start=\"2186\" data-end=\"2225\"><span class=\"relative -mx-px my-[-0.2rem] rounded px-px py-[0.2rem] transition-colors duration-100 ease-in-out\">Itin\u00e9raire type\u202f: ch\u00e2teau, troglodytes, mus\u00e9e blind\u00e9s, d\u00e9gustation.<\/span><\/p><h3 data-start=\"2227\" data-end=\"2249\">Villages voisins<\/h3><ul data-start=\"2250\" data-end=\"2335\"><li data-start=\"2250\" data-end=\"2293\"><p data-start=\"2252\" data-end=\"2293\"><span class=\"relative -mx-px my-[-0.2rem] rounded px-px py-[0.2rem] transition-colors duration-100 ease-in-out\"><strong data-start=\"0\" data-end=\"14\" data-is-only-node=\"\">Montsoreau<\/strong> et <strong data-start=\"18\" data-end=\"41\">Candes\u2011Saint\u2011Martin<\/strong>\u202f: p\u00e9pites m\u00e9di\u00e9vales sur la Loire.<\/span><\/p><\/li><li data-start=\"2294\" data-end=\"2335\"><p data-start=\"2296\" data-end=\"2335\"><span class=\"relative -mx-px my-[-0.2rem] rounded px-px py-[0.2rem] transition-colors duration-100 ease-in-out\"><strong data-start=\"0\" data-end=\"15\" data-is-only-node=\"\">Rochemenier<\/strong>\u202f: troglodyte typique.<\/span><\/p><\/li><\/ul><h3 data-start=\"2337\" data-end=\"2368\">Route des vins & circuits<\/h3><p data-start=\"2369\" data-end=\"2449\"><span class=\"relative -mx-px my-[-0.2rem] rounded px-px py-[0.2rem] transition-colors duration-100 ease-in-out\">Boucle de 90\u202fkm : ch\u00e2teaux, caves et troglodytes, avec arr\u00eats d\u00e9gustation\u202fet panoramas<\/span>.<\/p><h3 data-start=\"2451\" data-end=\"2471\">Balades \u00e0 v\u00e9lo<\/h3><p data-start=\"2472\" data-end=\"2564\">Pistes cyclables le long de la Loire, entre vigne et fleuve, avec acc\u00e8s aux domaines locaux.<\/p><h2 data-start=\"44\" data-end=\"83\">7. Patrimoine religieux & historique<\/h2><p data-start=\"85\" data-end=\"122\"><span class=\"relative -mx-px my-[-0.2rem] rounded px-px py-[0.2rem] transition-colors duration-100 ease-in-out\">\u00c0 Saumur, les t\u00e9moins du pass\u00e9 religieux abondent, offrant un voyage spirituel et architectural \u00e0 travers le temps.<\/span><\/p><h3 data-start=\"124\" data-end=\"163\">L\u2019abbaye Saint\u2011Florent\u2011l\u00e8s\u2011Saumur<\/h3><p data-start=\"164\" data-end=\"317\"><span class=\"relative -mx-px my-[-0.2rem] rounded px-px py-[0.2rem] transition-colors duration-100 ease-in-out\">Fond\u00e9e en 1026 comme successeur de l\u2019abbaye de Mont\u2011Glonne, Saint\u2011Florent\u2011l\u00e8s\u2011Saumur se distingue par son style m\u00ealant roman, gothique et classique<\/span>. <span class=\"relative -mx-px my-[-0.2rem] rounded px-px py-[0.2rem] transition-colors duration-100 ease-in-out\">Sa construction refl\u00e8te la volont\u00e9 des comtes d\u2019Anjou de renforcer le rayonnement spirituel et territorial de Saumur. Parmi les vestiges remarquables figure la crypte, l\u2019un des rares tron\u00e7ons subsistants de l\u2019abbatiale inaugur\u00e9e en 1041, et inscrite aux Monuments Historiques depuis les ann\u00e9es 1960-1970<\/span>.<\/p><p data-start=\"319\" data-end=\"472\"><span class=\"relative -mx-px my-[-0.2rem] rounded px-px py-[0.2rem] transition-colors duration-100 ease-in-out\">Historiquement, l\u2019abbaye a connu des heures tumultueuses : pillages durant les guerres de Religion, abandon \u00e0 la R\u00e9volution, transformation en h\u00f4pital militaire et s\u00e9natorerie, puis d\u00e9molition de l\u2019\u00e9glise en 1806. Aujourd\u2019hui, une partie restaur\u00e9e du porche et de la crypte accueille des activit\u00e9s culturelles et spirituelles<\/span>. <span class=\"relative -mx-px my-[-0.2rem] rounded px-px py-[0.2rem] transition-colors duration-100 ease-in-out\">Vous pouvez visiter la crypte, une des mieux conserv\u00e9es de France, qui t\u00e9moigne de l\u2019ancien faste de l\u2019\u00e9difice<\/span>.<\/p><h3 data-start=\"474\" data-end=\"508\">Autres \u00e9difices remarquables<\/h3><p data-start=\"509\" data-end=\"589\"><span class=\"relative -mx-px my-[-0.2rem] rounded px-px py-[0.2rem] transition-colors duration-100 ease-in-out\">En centre-ville, l\u2019<strong data-start=\"19\" data-end=\"52\">\u00e9glise Saint\u2011Pierre\u2011du\u2011Marais<\/strong>, de style roman et gothique, m\u00e9rite une halte pour son architecture et son orgue du XVII\u1d49 si\u00e8cle. Le <strong data-start=\"154\" data-end=\"170\">pont Cessart<\/strong>, construit au XVIII\u1d49 si\u00e8cle, enjambe la Loire et relie la ville \u00e0 l\u2019abbaye : un arc de pierre embl\u00e9matique du patrimoine civil<\/span>.<\/p><h3 data-start=\"591\" data-end=\"619\">Pourquoi les d\u00e9couvrir<\/h3><p data-start=\"620\" data-end=\"659\"><span class=\"relative -mx-px my-[-0.2rem] rounded px-px py-[0.2rem] transition-colors duration-100 ease-in-out\">Ces lieux offrent un contraste avec l\u2019ambiance militaire et viticole de Saumur. Ils t\u00e9moignent de son r\u00f4le strat\u00e9gique et spirituel, souvent li\u00e9 aux familles influentes d\u2019Anjou. Aujourd\u2019hui, ils sont int\u00e9gr\u00e9s dans des itin\u00e9raires culturels et historiques, permettant de prolonger la visite du ch\u00e2teau avec une dimension contemplative et patrimoniale.<\/span><\/p><h2 data-start=\"666\" data-end=\"707\">Gastronomie & sp\u00e9cialit\u00e9s de Saumur<\/h2><p data-start=\"709\" data-end=\"789\"><span class=\"relative -mx-px my-[-0.2rem] rounded px-px py-[0.2rem] transition-colors duration-100 ease-in-out\">La <a href=\"https:\/\/cparici.com\/gastronomie-en-france-cuisine-francaise\/\">gastronomie<\/a> saumuroise est un <strong data-start=\"33\" data-end=\"49\">art de vivre<\/strong> en soi : elle combine traditions, produits locaux et cr\u00e9ativit\u00e9 des restaurateurs<\/span>.<\/p><h3 data-start=\"791\" data-end=\"819\">Produits embl\u00e9matiques<\/h3><ul data-start=\"820\" data-end=\"1317\"><li data-start=\"820\" data-end=\"902\"><p data-start=\"822\" data-end=\"902\"><span class=\"relative -mx-px my-[-0.2rem] rounded px-px py-[0.2rem] transition-colors duration-100 ease-in-out\"><strong data-start=\"0\" data-end=\"10\" data-is-only-node=\"\">Fou\u00e9es<\/strong> : petits pains cuits au feu de bois, garnis de rillettes, mogettes (haricots blancs) ou champignons de Paris. Chaudes, elles offrent une convivialit\u00e9 savoureuse<\/span>.<\/p><\/li><li data-start=\"903\" data-end=\"985\"><p data-start=\"905\" data-end=\"985\"><span class=\"relative -mx-px my-[-0.2rem] rounded px-px py-[0.2rem] transition-colors duration-100 ease-in-out\"><strong data-start=\"0\" data-end=\"15\" data-is-only-node=\"\">Champignons<\/strong> : cultiv\u00e9s dans les troglodytes, ils constituent une sp\u00e9cialit\u00e9 locale, pr\u00e9par\u00e9s po\u00eal\u00e9s ou farcis (galipettes)<\/span>.<\/p><\/li><li data-start=\"986\" data-end=\"1068\"><p data-start=\"988\" data-end=\"1068\"><span class=\"relative -mx-px my-[-0.2rem] rounded px-px py-[0.2rem] transition-colors duration-100 ease-in-out\"><strong data-start=\"0\" data-end=\"18\" data-is-only-node=\"\">Cr\u00eamet d\u2019Anjou<\/strong> : dessert a\u00e9rien m\u00ealant cr\u00e8me fouett\u00e9e et blancs en neige, parfum\u00e9 au citron ou \u00e0 la vanille<\/span>.<\/p><\/li><li data-start=\"1069\" data-end=\"1151\"><p data-start=\"1071\" data-end=\"1151\"><span class=\"relative -mx-px my-[-0.2rem] rounded px-px py-[0.2rem] transition-colors duration-100 ease-in-out\"><strong data-start=\"0\" data-end=\"17\" data-is-only-node=\"\">Pommes tap\u00e9es<\/strong> : pommes s\u00e9ch\u00e9es, aplaties, datant du XVIII\u1d49 si\u00e8cle, accompagn\u00e9es souvent d\u2019alcool ou cuisin\u00e9es en dessert<\/span> .<\/p><\/li><li data-start=\"1152\" data-end=\"1234\"><p data-start=\"1154\" data-end=\"1234\"><span class=\"relative -mx-px my-[-0.2rem] rounded px-px py-[0.2rem] transition-colors duration-100 ease-in-out\"><strong data-start=\"0\" data-end=\"20\" data-is-only-node=\"\">Liqueurs Combier<\/strong> : fond\u00e9es au XIX\u1d49 si\u00e8cle, elles proposent des liqueurs et le c\u00e9l\u00e8bre triple sec, encore distill\u00e9es en centre-ville<\/span>.<\/p><\/li><li data-start=\"1235\" data-end=\"1317\"><p data-start=\"1237\" data-end=\"1317\"><span class=\"relative -mx-px my-[-0.2rem] rounded px-px py-[0.2rem] transition-colors duration-100 ease-in-out\"><strong data-start=\"0\" data-end=\"25\" data-is-only-node=\"\">Huiles La\u202fTourangelle<\/strong> : huilerie traditionnelle depuis 1867, proposant huiles artisanales et mayonnaises locales<\/span>.<\/p><\/li><\/ul><h3 data-start=\"1319\" data-end=\"1345\">Cr\u00e9ations gourmandes<\/h3><ul data-start=\"1346\" data-end=\"1598\"><li data-start=\"1346\" data-end=\"1430\"><p data-start=\"1348\" data-end=\"1430\"><span class=\"relative -mx-px my-[-0.2rem] rounded px-px py-[0.2rem] transition-colors duration-100 ease-in-out\"><strong data-start=\"0\" data-end=\"14\" data-is-only-node=\"\">La Gouline<\/strong> : tourte locale au rillaud, champignons, \u00e9chalotes, tomme d\u2019Anjou et vin blanc<\/span>.<\/p><\/li><li data-start=\"1431\" data-end=\"1515\"><p data-start=\"1433\" data-end=\"1515\"><span class=\"relative -mx-px my-[-0.2rem] rounded px-px py-[0.2rem] transition-colors duration-100 ease-in-out\"><strong data-start=\"0\" data-end=\"16\" data-is-only-node=\"\">Le Vinaillou<\/strong> : biscuit parfum\u00e9 au cabernet d\u2019Anjou, d\u00e9clin\u00e9 en plusieurs variantes sucr\u00e9es<\/span>.<\/p><\/li><li data-start=\"1516\" data-end=\"1598\"><p data-start=\"1518\" data-end=\"1598\"><span class=\"relative -mx-px my-[-0.2rem] rounded px-px py-[0.2rem] transition-colors duration-100 ease-in-out\"><strong data-start=\"0\" data-end=\"20\" data-is-only-node=\"\">L\u2019\u00c9clat de Loire<\/strong> : g\u00e2teau aux amandes et liqueur d\u2019orange, con\u00e7u pour voyager<\/span>.<\/p><\/li><\/ul><h3 data-start=\"1600\" data-end=\"1639\">Plats r\u00e9gionaux & accompagnements<\/h3><p data-start=\"1640\" data-end=\"1801\"><span class=\"relative -mx-px my-[-0.2rem] rounded px-px py-[0.2rem] transition-colors duration-100 ease-in-out\">La cuisine de la Loire propose aussi poissons de rivi\u00e8re (anguille, brochet, sandre) en matelote ou beurre blanc, rillauds (poitrine de porc confite), bottereaux (beignets), p\u00e2t\u00e9 aux prunes, sandre \u00e0 l\u2019angevine\u2026 Une richesse gastronomique r\u00e9gionale reconnue<\/span>. <span class=\"relative -mx-px my-[-0.2rem] rounded px-px py-[0.2rem] transition-colors duration-100 ease-in-out\">Des produits comme le fromage de ch\u00e8vre Sainte\u2011Maure\u2011de\u2011Touraine accompagnent id\u00e9alement ces plats<\/span>.<\/p><h3 data-start=\"1803\" data-end=\"1832\">O\u00f9 savourer ces d\u00e9lices<\/h3><ul data-start=\"1833\" data-end=\"2000\"><li data-start=\"1833\" data-end=\"1917\"><p data-start=\"1835\" data-end=\"1917\"><span class=\"relative -mx-px my-[-0.2rem] rounded px-px py-[0.2rem] transition-colors duration-100 ease-in-out\"><strong data-start=\"0\" data-end=\"23\" data-is-only-node=\"\">Les Caves de Marson<\/strong> : d\u00eener dans une cave troglodyte, fou\u00e9es \u00e0 volont\u00e9 accompagn\u00e9es de champignons et cr\u00e9mant de Loire<\/span> .<\/p><\/li><li data-start=\"1918\" data-end=\"2000\"><p data-start=\"1920\" data-end=\"2000\"><span class=\"relative -mx-px my-[-0.2rem] rounded px-px py-[0.2rem] transition-colors duration-100 ease-in-out\"><strong data-start=\"0\" data-end=\"23\" data-is-only-node=\"\">Bistrot de la Place<\/strong>, <strong data-start=\"25\" data-end=\"44\">Le Pot de Lapin<\/strong>, <strong data-start=\"46\" data-end=\"60\">L\u2019Escargot<\/strong>, <strong data-start=\"62\" data-end=\"77\">L\u2019Essentiel<\/strong> : adresses reconnues \u00e0 Saumur pour une cuisine de saison, raffin\u00e9e et locale, souvent accompagn\u00e9e de vins r\u00e9gionaux (Cr\u00e9mant, Saumur\u2011Champigny)<\/span>.<\/p><\/li><\/ul><h3 data-start=\"2007\" data-end=\"2022\">En r\u00e9sum\u00e9<\/h3><ul data-start=\"2024\" data-end=\"2328\"><li data-start=\"2024\" data-end=\"2184\"><p data-start=\"2026\" data-end=\"2184\"><strong data-start=\"2026\" data-end=\"2050\">Patrimoine religieux<\/strong> : abbaye et \u00e9glise r\u00e9v\u00e8lent le r\u00f4le spirituel et historique de Saumur, avec des vestiges remarquables et des visites passionnantes.<\/p><\/li><li data-start=\"2185\" data-end=\"2328\"><p data-start=\"2187\" data-end=\"2328\"><strong data-start=\"2187\" data-end=\"2202\">Gastronomie<\/strong> : un terroir g\u00e9n\u00e9reux, des sp\u00e9cialit\u00e9s authentiques et des cr\u00e9ations culinaires o\u00f9 se marient traditions, vin et inventivit\u00e9.<\/p><\/li><\/ul><h2 data-start=\"202\" data-end=\"247\">Actualit\u00e9s & \u00e9v\u00e9nements locaux \u00e0 Saumur<\/h2><p data-start=\"249\" data-end=\"433\"><strong data-start=\"249\" data-end=\"259\">Saumur<\/strong> ne se limite pas \u00e0 son riche pass\u00e9 : la ville vit au rythme de nombreuses <strong data-start=\"334\" data-end=\"364\">manifestations culturelles<\/strong>, festivals, expositions et animations qui dynamisent son patrimoine.<\/p><h3 data-start=\"435\" data-end=\"494\">Le D\u00e9fil\u00e9 Fleuri : une tradition populaire centenaire<\/h3><p data-start=\"495\" data-end=\"1141\">Chaque ann\u00e9e au printemps, Saumur se pare de milliers de fleurs pour c\u00e9l\u00e9brer son <strong data-start=\"577\" data-end=\"594\">D\u00e9fil\u00e9 Fleuri<\/strong>, une tradition qui remonte \u00e0 1803. Charrettes d\u00e9cor\u00e9es, fanfares et troupes costum\u00e9es d\u00e9filent dans les rues, offrant un spectacle color\u00e9 qui attire des milliers de visiteurs (<a class=\"\" href=\"https:\/\/fr.wikipedia.org\/wiki\/D%C3%A9fil%C3%A9_fleuri_de_Saumur?utm_source=chatgpt.com\" target=\"_new\" rel=\"noopener\" data-start=\"771\" data-end=\"877\">fr.wikipedia.org<\/a>). Cet \u00e9v\u00e9nement, autrefois destin\u00e9 \u00e0 honorer la venue du pr\u00e9fet, est aujourd\u2019hui une c\u00e9l\u00e9bration de la nature et du savoir-faire horticole local. Il constitue l\u2019un des temps forts du calendrier saumurois, f\u00e9d\u00e9rant habitants et touristes autour d\u2019un esprit festif.<\/p><h3 data-start=\"1143\" data-end=\"1205\">Les galas du Cadre Noir : l\u2019excellence \u00e9questre en sc\u00e8ne<\/h3><p data-start=\"1206\" data-end=\"1790\">\u00c9v\u00e9nement incontournable pour les passionn\u00e9s d\u2019\u00e9quitation, les <strong data-start=\"1269\" data-end=\"1292\">galas du Cadre Noir<\/strong> pr\u00e9sentent l\u2019art \u00e9questre fran\u00e7ais dans toute sa splendeur. Ces spectacles, qui se tiennent dans le prestigieux man\u00e8ge des \u00c9cuyers, m\u00ealent musique, lumi\u00e8re et performances \u00e9questres pour sublimer le travail des cavaliers et de leurs montures. La saison des galas d\u00e9bute g\u00e9n\u00e9ralement en avril et s\u2019\u00e9tend jusqu\u2019\u00e0 l\u2019automne, avec des repr\u00e9sentations r\u00e9guli\u00e8res et des dates sp\u00e9ciales pour les f\u00eates de fin d\u2019ann\u00e9e.<\/p><h3 data-start=\"1792\" data-end=\"1833\">Expositions & culture contemporaine<\/h3><p data-start=\"1834\" data-end=\"2434\">Le <strong data-start=\"1837\" data-end=\"1860\">Mus\u00e9e d\u2019Art Moderne<\/strong> et d\u2019autres lieux culturels accueillent des expositions temporaires tout au long de l\u2019ann\u00e9e. En 2025, Saumur accueille par exemple une exposition du peintre <strong data-start=\"2018\" data-end=\"2036\">Christian Sorg<\/strong>, qui explore les paysages lig\u00e9riens sous un angle po\u00e9tique et contemporain. Ces rendez-vous artistiques permettent de d\u00e9couvrir des cr\u00e9ateurs locaux et internationaux, et d\u2019inscrire la ville dans le circuit culturel du Val de Loire.<\/p><h3 data-start=\"2436\" data-end=\"2473\">Animations estivales et march\u00e9s<\/h3><p data-start=\"2474\" data-end=\"2938\">Pendant les mois d\u2019\u00e9t\u00e9, Saumur s\u2019anime avec des concerts en plein air, des march\u00e9s nocturnes et des visites guid\u00e9es th\u00e9\u00e2tralis\u00e9es qui font revivre l\u2019histoire de la ville. Les <strong data-start=\"2649\" data-end=\"2678\">\u201cRendez-vous aux Jardins\u201d<\/strong> en juin et les journ\u00e9es du patrimoine en septembre sont des occasions id\u00e9ales pour explorer des lieux habituellement ferm\u00e9s au public. Sans oublier le march\u00e9 hebdomadaire du samedi matin, o\u00f9 l\u2019on peut savourer des produits locaux dans une ambiance conviviale.<\/p><h2 data-start=\"2945\" data-end=\"3007\">Conseils pratiques pour organiser votre s\u00e9jour \u00e0 Saumur<\/h2><h3 data-start=\"3009\" data-end=\"3043\">Comment se rendre \u00e0 Saumur ?<\/h3><p data-start=\"3044\" data-end=\"3107\">Situ\u00e9e au c\u0153ur de l\u2019Anjou, Saumur est facilement accessible :<\/p><ul data-start=\"3108\" data-end=\"3640\"><li data-start=\"3108\" data-end=\"3366\"><p data-start=\"3110\" data-end=\"3366\"><strong data-start=\"3113\" data-end=\"3125\">En train<\/strong> : La gare de Saumur dessert Paris en 2h30 via la ligne TGV (via Tours ou Angers). Des liaisons TER r\u00e9guli\u00e8res relient aussi Angers, Tours et Nantes.<\/p><\/li><li data-start=\"3367\" data-end=\"3496\"><p data-start=\"3369\" data-end=\"3496\"><strong data-start=\"3372\" data-end=\"3386\">En voiture<\/strong> : \u00c0 3\u202fh de Paris par l\u2019A11, sortie Saumur via l\u2019A85. Parking disponible en centre-ville et pr\u00e8s du ch\u00e2teau.<\/p><\/li><li data-start=\"3497\" data-end=\"3640\"><p data-start=\"3499\" data-end=\"3640\"><strong data-start=\"3502\" data-end=\"3512\">\u00c0 v\u00e9lo<\/strong> : Saumur est une \u00e9tape majeure de la <strong data-start=\"3550\" data-end=\"3566\">Loire \u00e0 V\u00e9lo<\/strong>, une piste cyclable r\u00e9put\u00e9e pour ses paysages et ses caves troglodytes.<\/p><\/li><\/ul><h3 data-start=\"3642\" data-end=\"3658\">O\u00f9 loger ?<\/h3><p data-start=\"3659\" data-end=\"3708\">Saumur propose une large gamme d\u2019h\u00e9bergements :<\/p><ul data-start=\"3709\" data-end=\"4060\"><li data-start=\"3709\" data-end=\"3813\"><p data-start=\"3711\" data-end=\"3813\"><strong data-start=\"3714\" data-end=\"3734\">H\u00f4tels de charme<\/strong> : Le Saint-Pierre, H\u00f4tel Anne d\u2019Anjou, id\u00e9alement situ\u00e9s au pied du ch\u00e2teau.<\/p><\/li><li data-start=\"3814\" data-end=\"3933\"><p data-start=\"3816\" data-end=\"3933\"><strong data-start=\"3820\" data-end=\"3864\">G\u00eetes et chambres d\u2019h\u00f4tes troglodytiques<\/strong> : une exp\u00e9rience insolite \u00e0 vivre au c\u0153ur des falaises de tuffeau.<\/p><\/li><li data-start=\"3934\" data-end=\"4060\"><p data-start=\"3936\" data-end=\"4060\"><strong data-start=\"3948\" data-end=\"3981\">Campings et villages vacances<\/strong> : pour un s\u00e9jour en famille, souvent \u00e0 proximit\u00e9 de la Loire et des vignobles.<\/p><\/li><\/ul><h3 data-start=\"4062\" data-end=\"4090\">Quand visiter Saumur ?<\/h3><ul data-start=\"4091\" data-end=\"4449\"><li data-start=\"4091\" data-end=\"4170\"><p data-start=\"4093\" data-end=\"4170\"><strong data-start=\"4096\" data-end=\"4122\">Printemps (avril-juin)<\/strong> : floraison, d\u00e9fil\u00e9 fleuri et m\u00e9t\u00e9o cl\u00e9mente.<\/p><\/li><li data-start=\"4171\" data-end=\"4259\"><p data-start=\"4173\" data-end=\"4259\"><strong data-start=\"4176\" data-end=\"4198\">\u00c9t\u00e9 (juillet-ao\u00fbt)<\/strong> : animations, festivals, mais aussi affluence touristique.<\/p><\/li><li data-start=\"4260\" data-end=\"4344\"><p data-start=\"4262\" data-end=\"4344\"><strong data-start=\"4265\" data-end=\"4296\">Automne (septembre-octobre)<\/strong> : couleurs dor\u00e9es des vignes, calme retrouv\u00e9.<\/p><\/li><li data-start=\"4345\" data-end=\"4449\"><p data-start=\"4347\" data-end=\"4449\"><strong data-start=\"4350\" data-end=\"4375\">Hiver (novembre-mars)<\/strong> : visites plus tranquilles, march\u00e9s de No\u00ebl, galas d\u2019hiver du Cadre Noir.<\/p><\/li><\/ul><h3 data-start=\"4451\" data-end=\"4492\">Bonnes adresses pour manger & boire<\/h3><ul data-start=\"4493\" data-end=\"4713\"><li data-start=\"4493\" data-end=\"4616\"><p data-start=\"4495\" data-end=\"4616\"><strong data-start=\"4495\" data-end=\"4510\">Restaurants<\/strong> : L\u2019Essentiel (gastronomique), Le Pot de Lapin (bistronomie), Les Caves de Marson (cuisine troglodyte).<\/p><\/li><li data-start=\"4617\" data-end=\"4713\"><p data-start=\"4619\" data-end=\"4713\"><strong data-start=\"4619\" data-end=\"4635\">Bars & caves<\/strong> : \u00e0 tester pour d\u00e9couvrir le Saumur-Champigny, cr\u00e9mant et autres vins locaux.<\/p><\/li><\/ul><h3 data-start=\"4715\" data-end=\"4753\">Astuces pour profiter pleinement<\/h3><ul data-start=\"4754\" data-end=\"5038\"><li data-start=\"4754\" data-end=\"4854\"><p data-start=\"4756\" data-end=\"4854\">Pensez \u00e0 r\u00e9server en avance vos billets pour les galas du Cadre Noir et les visites guid\u00e9es.<\/p><\/li><li data-start=\"4855\" data-end=\"4935\"><p data-start=\"4857\" data-end=\"4935\">Munissez-vous de la carte interactive disponible \u00e0 l\u2019Office de Tourisme.<\/p><\/li><li data-start=\"4936\" data-end=\"5038\"><p data-start=\"4938\" data-end=\"5038\">T\u00e9l\u00e9chargez l\u2019application \u201cSaumur en poche\u201d pour acc\u00e9der aux horaires, animations et restaurants.<\/p><\/li><\/ul><h2 data-start=\"44\" data-end=\"111\">Cin\u00e9ma \u00e0 Saumur : confort, programmation vari\u00e9e et accessibilit\u00e9<\/h2><p data-start=\"113\" data-end=\"189\"><span class=\"relative -mx-px my-[-0.2rem] rounded px-px py-[0.2rem] transition-colors duration-100 ease-in-out\">\u00c0 Saumur, le cin\u00e9ma de r\u00e9f\u00e9rence est <strong data-start=\"37\" data-end=\"56\">Le Grand Palace<\/strong>, id\u00e9alement situ\u00e9 rue des Petites Granges. Ce <strong data-start=\"103\" data-end=\"125\">multiplexe moderne<\/strong> offre neuf salles \u00e9quip\u00e9es de projecteurs 4K et de son immersive <strong data-start=\"191\" data-end=\"206\">Dolby Atmos<\/strong> sur des \u00e9crans de 10 \u00e0 19\u202fm, garantissant une qualit\u00e9 visuelle et sonore exceptionnelle<\/span>.<\/p><h3 data-start=\"191\" data-end=\"232\">Programmation pour tous les publics<\/h3><p data-start=\"233\" data-end=\"347\"><span class=\"relative -mx-px my-[-0.2rem] rounded px-px py-[0.2rem] transition-colors duration-100 ease-in-out\">La s\u00e9lection de films est large : des <strong data-start=\"38\" data-end=\"54\">blockbusters<\/strong>, des s\u00e9ances <strong data-start=\"68\" data-end=\"84\">jeune public<\/strong>, des films <strong data-start=\"96\" data-end=\"120\">en version originale<\/strong>, des \u00e9v\u00e9nements culturels tels que <strong data-start=\"156\" data-end=\"188\">op\u00e9ras, ballets, conf\u00e9rences<\/strong>, et m\u00eame des <strong data-start=\"202\" data-end=\"220\">cin\u00e9-plein air<\/strong> en \u00e9t\u00e9<\/span>. <span class=\"relative -mx-px my-[-0.2rem] rounded px-px py-[0.2rem] transition-colors duration-100 ease-in-out\">Les avant-premi\u00e8res et projections \u201cConnaissance du Monde\u201d permettent \u00e9galement de varier les types de sortie.<\/span><\/p><h3 data-start=\"349\" data-end=\"390\">Accessibilit\u00e9 et services pratiques<\/h3><p data-start=\"391\" data-end=\"544\"><span class=\"relative -mx-px my-[-0.2rem] rounded px-px py-[0.2rem] transition-colors duration-100 ease-in-out\">Le Grand Palace met un point d\u2019honneur \u00e0 \u00eatre totalement <strong data-start=\"57\" data-end=\"104\">accessible aux personnes \u00e0 mobilit\u00e9 r\u00e9duite<\/strong> : places r\u00e9serv\u00e9es, acc\u00e8s en autonomie, toilettes et bornes adapt\u00e9es<\/span>. <span class=\"relative -mx-px my-[-0.2rem] rounded px-px py-[0.2rem] transition-colors duration-100 ease-in-out\">Les espaces sont climatis\u00e9s (id\u00e9als en p\u00e9riode de canicule) et dot\u00e9s de zones de d\u00e9tente, toilettes et confiserie<\/span>.<\/p><h3 data-start=\"546\" data-end=\"573\">Tarifs et abonnements<\/h3><p data-start=\"574\" data-end=\"653\"><span class=\"relative -mx-px my-[-0.2rem] rounded px-px py-[0.2rem] transition-colors duration-100 ease-in-out\">Les billets adultes sont \u00e0 <strong data-start=\"27\" data-end=\"38\">10,30\u202f\u20ac<\/strong>, adolescents \u00e0 <strong data-start=\"54\" data-end=\"64\">5,80\u202f\u20ac<\/strong>, tarif r\u00e9duit \u00e0 <strong data-start=\"81\" data-end=\"91\">8,30\u202f\u20ac<\/strong>, et \u00e9tudiants \u00e0 <strong data-start=\"108\" data-end=\"118\">7,80\u202f\u20ac<\/strong>. Un suppl\u00e9ment de <strong data-start=\"137\" data-end=\"167\">1,50\u202f\u20ac pour les s\u00e9ances 3D<\/strong> s\u2019applique. Des cartes d\u2019abonnement (6\u202fou\u202f12 places) sont disponibles (45\u202f\u20ac pour 6 s\u00e9ances), avec les moyens de paiement habituels (CB, ch\u00e8que\u2011vacances, esp\u00e8ces, tickets\u2026).<\/span><\/p><h3 data-start=\"655\" data-end=\"677\">Avis et ambiance<\/h3><p data-start=\"678\" data-end=\"840\"><span class=\"relative -mx-px my-[-0.2rem] rounded px-px py-[0.2rem] transition-colors duration-100 ease-in-out\">Les spectateurs saluent le confort, le <strong data-start=\"39\" data-end=\"59\">son exceptionnel<\/strong> et la propret\u00e9 g\u00e9n\u00e9rales, en notant quelques points \u00e0 am\u00e9liorer (qualit\u00e9 des toilettes)<\/span>. Le cin\u00e9ma reste un lieu de sortie appr\u00e9ci\u00e9 des familles et des amateurs de films.<\/p><h3 data-start=\"847\" data-end=\"862\">En r\u00e9sum\u00e9<\/h3><p data-start=\"863\" data-end=\"1163\">Le <strong data-start=\"866\" data-end=\"899\">cin\u00e9ma Grand Palace de Saumur<\/strong> propose une exp\u00e9rience cin\u00e9ma compl\u00e8te : films vari\u00e9s, technologies haut de gamme, accessibilit\u00e9, climatisation, abonnements flexibles et tarifs adapt\u00e9s \u00e0 tous les publics. C\u2019est une \u00e9tape incontournable pour profiter d\u2019une <strong data-start=\"1124\" data-end=\"1147\">sortie cin\u00e9 r\u00e9ussie<\/strong> dans la r\u00e9gion.<\/p><h2>M\u00e9t\u00e9o Saumur<\/h2><h2><a href=\"https:\/\/cparici.com\/wp-content\/uploads\/2025\/07\/cparici-2025-07-22T102345.855.jpg\"><img decoding=\"async\" class=\"aligncenter wp-image-68152 size-full\" src=\"https:\/\/cparici.com\/wp-content\/uploads\/2025\/07\/cparici-2025-07-22T102345.855.jpg\" alt=\"M\u00e9t\u00e9o Saumur\" width=\"1500\" height=\"530\" srcset=\"https:\/\/cparici.com\/wp-content\/uploads\/2025\/07\/cparici-2025-07-22T102345.855.jpg 1500w, https:\/\/cparici.com\/wp-content\/uploads\/2025\/07\/cparici-2025-07-22T102345.855-300x106.jpg 300w, https:\/\/cparici.com\/wp-content\/uploads\/2025\/07\/cparici-2025-07-22T102345.855-1024x362.jpg 1024w, https:\/\/cparici.com\/wp-content\/uploads\/2025\/07\/cparici-2025-07-22T102345.855-768x271.jpg 768w, https:\/\/cparici.com\/wp-content\/uploads\/2025\/07\/cparici-2025-07-22T102345.855-18x6.jpg 18w, https:\/\/cparici.com\/wp-content\/uploads\/2025\/07\/cparici-2025-07-22T102345.855-590x208.jpg 590w, https:\/\/cparici.com\/wp-content\/uploads\/2025\/07\/cparici-2025-07-22T102345.855-1200x424.jpg 1200w, https:\/\/cparici.com\/wp-content\/uploads\/2025\/07\/cparici-2025-07-22T102345.855-577x204.jpg 577w, https:\/\/cparici.com\/wp-content\/uploads\/2025\/07\/cparici-2025-07-22T102345.855-600x212.jpg 600w\" sizes=\"(max-width: 1500px) 100vw, 1500px\" \/><\/a><\/h2><h3 data-start=\"86\" data-end=\"130\">M\u00e9t\u00e9o actuelle et tendances saisonni\u00e8res<\/h3><p data-start=\"132\" data-end=\"208\"><span class=\"relative -mx-px my-[-0.2rem] rounded px-px py-[0.2rem] transition-colors duration-100 ease-in-out\">Situ\u00e9e dans un climat oc\u00e9anique d\u00e9grad\u00e9 typique du Val de Loire, <strong data-start=\"65\" data-end=\"75\">Saumur<\/strong> b\u00e9n\u00e9ficie d\u2019un climat mod\u00e9r\u00e9, avec des hivers doux et des \u00e9t\u00e9s agr\u00e9ablement temp\u00e9r\u00e9s. La temp\u00e9rature annuelle moyenne est d\u2019environ <strong data-start=\"208\" data-end=\"219\">12,5\u202f\u00b0C<\/strong>, avec des pr\u00e9cipitations totales atteignant <strong data-start=\"264\" data-end=\"281\" data-is-last-node=\"\">710\u202fmm par an<\/strong><\/span>.<\/p><p data-start=\"210\" data-end=\"502\"><strong data-start=\"210\" data-end=\"229\">En juillet\u2011ao\u00fbt<\/strong>, p\u00e9riode estivale id\u00e9ale pour une escapade, les temp\u00e9ratures moyennes varient entre <strong data-start=\"314\" data-end=\"332\">20\u202f\u00b0C et 25\u202f\u00b0C<\/strong> en journ\u00e9e, et descendent autour de <strong data-start=\"369\" data-end=\"386\">15\u202f\u00b0C la nuit<\/strong>. <span class=\"relative -mx-px my-[-0.2rem] rounded px-px py-[0.2rem] transition-colors duration-100 ease-in-out\">C\u2019est aussi le mois le plus ensoleill\u00e9 : jusqu\u2019\u00e0 <strong data-start=\"49\" data-end=\"78\">9\u202fh\u202f30 de soleil par jour<\/strong> et en moyenne <strong data-start=\"93\" data-end=\"113\">5 jours de pluie<\/strong>, avec environ <strong data-start=\"128\" data-end=\"166\" data-is-last-node=\"\">38\u202fmm de pr\u00e9cipitations en juillet<\/strong><\/span>.<\/p><p data-start=\"504\" data-end=\"659\"><span class=\"relative -mx-px my-[-0.2rem] rounded px-px py-[0.2rem] transition-colors duration-100 ease-in-out\">\u00c0 l\u2019inverse, <strong data-start=\"13\" data-end=\"25\">en hiver<\/strong>, la ville conna\u00eet des gel\u00e9es rares, avec un minimum moyen en janvier avoisinant <strong data-start=\"106\" data-end=\"114\">6\u202f\u00b0C<\/strong>, et des chutes de neige ponctuelles sur <strong data-start=\"155\" data-end=\"177\">3 \u00e0 4 jours par an<\/strong>, totalisant moins de <strong data-start=\"199\" data-end=\"208\">16\u202fmm<\/strong> de neige<\/span>. <span class=\"relative -mx-px my-[-0.2rem] rounded px-px py-[0.2rem] transition-colors duration-100 ease-in-out\">Les mois les plus pluvieux sont <strong data-start=\"32\" data-end=\"55\">d\u00e9cembre et janvier<\/strong>, avec environ <strong data-start=\"70\" data-end=\"106\">9 jours de pr\u00e9cipitations chacun<\/strong>, totalisant pr\u00e8s de <strong data-start=\"127\" data-end=\"137\">2,1\u202fin<\/strong> (~\u202f53\u202fmm) en d\u00e9cembre<\/span>.<\/p><h3 data-start=\"661\" data-end=\"694\">Climat annuel et saisonnalit\u00e9<\/h3><p data-start=\"696\" data-end=\"816\"><span class=\"relative -mx-px my-[-0.2rem] rounded px-px py-[0.2rem] transition-colors duration-100 ease-in-out\">La pluviom\u00e9trie est relativement bien r\u00e9partie tout au long de l\u2019ann\u00e9e, mais l\u2019hiver est plus humide, avec <strong data-start=\"107\" data-end=\"153\" data-is-last-node=\"\">161 jours de pr\u00e9cipitation signal\u00e9s par an<\/strong><\/span>. <span class=\"relative -mx-px my-[-0.2rem] rounded px-px py-[0.2rem] transition-colors duration-100 ease-in-out\">Les p\u00e9riodes les plus s\u00e8ches s\u2019\u00e9tendent de <strong data-start=\"43\" data-end=\"63\">juin \u00e0 septembre<\/strong>, ce qui en fait la saison id\u00e9ale pour les balades en bord de Loire ou la visite des vignobles troglodytiques.<\/span><\/p><p data-start=\"818\" data-end=\"898\"><span class=\"relative -mx-px my-[-0.2rem] rounded px-px py-[0.2rem] transition-colors duration-100 ease-in-out\">Les \u00e9carts thermiques ne sont pas extr\u00eames : l\u2019amplitude annuelle entre les maximales et minimales reste modeste et le climat reste globalement temp\u00e9r\u00e9, m\u00eame si l\u2019on observe une influence continentale l\u00e9g\u00e8re, \u00e9loign\u00e9e des effets marins directs<\/span>.<\/p><h3 data-start=\"905\" data-end=\"918\">En r\u00e9sum\u00e9<\/h3><ul data-start=\"920\" data-end=\"1396\"><li data-start=\"920\" data-end=\"1074\"><p data-start=\"922\" data-end=\"1074\"><strong data-start=\"922\" data-end=\"958\">Meilleures p\u00e9riodes pour visiter<\/strong> : <strong data-start=\"961\" data-end=\"981\">juin \u00e0 septembre<\/strong>, id\u00e9alement juillet\u2011ao\u00fbt pour profiter du soleil et de temp\u00e9ratures confortables (20\u201325\u202f\u00b0C).<\/p><\/li><li data-start=\"1075\" data-end=\"1179\"><p data-start=\"1077\" data-end=\"1179\"><strong data-start=\"1077\" data-end=\"1103\">P\u00e9riode la plus froide<\/strong> : <strong data-start=\"1106\" data-end=\"1117\">janvier<\/strong>, avec temp\u00e9ratures autour de 6\u202f\u00b0C et quelques jours de neige.<\/p><\/li><li data-start=\"1180\" data-end=\"1271\"><p data-start=\"1182\" data-end=\"1271\"><strong data-start=\"1182\" data-end=\"1212\">Pluies fr\u00e9quentes en hiver<\/strong>, surtout en d\u00e9cembre\u2011janvier, mais mod\u00e9r\u00e9es pendant l\u2019\u00e9t\u00e9.<\/p><\/li><li data-start=\"1272\" data-end=\"1396\"><p data-start=\"1274\" data-end=\"1396\"><strong data-start=\"1274\" data-end=\"1300\">Climat doux et temp\u00e9r\u00e9<\/strong>, parfait pour les d\u00e9couvertes culturelles, \u0153nologiques et touristiques tout au long de l\u2019ann\u00e9e.<\/p><\/li><\/ul><h2 data-start=\"0\" data-end=\"25\">Foire Aux Questions Saumur<\/h2><h3 data-start=\"27\" data-end=\"91\">Que peut-on visiter autour du ch\u00e2teau de Saumur\u202f?<\/h3><p data-start=\"92\" data-end=\"168\"><span class=\"relative -mx-px my-[-0.2rem] rounded px-px py-[0.2rem] transition-colors duration-100 ease-in-out\">Vous pouvez prolonger la visite du ch\u00e2teau avec l\u2019<strong data-start=\"50\" data-end=\"85\">abbaye Saint\u2011Florent-l\u00e8s\u2011Saumur<\/strong>, l\u2019<strong data-start=\"89\" data-end=\"122\">\u00e9glise Saint\u2011Pierre\u2011du\u2011Marais<\/strong> et le <strong data-start=\"129\" data-end=\"145\">pont Cessart<\/strong>, monuments historiques facilement accessibles depuis le centre-ville<\/span>.<\/p><h3 data-start=\"175\" data-end=\"222\">O\u00f9 voir des <strong data-start=\"200\" data-end=\"209\">tanks<\/strong> \u00e0 Saumur\u202f?<\/h3><p data-start=\"223\" data-end=\"299\"><span class=\"relative -mx-px my-[-0.2rem] rounded px-px py-[0.2rem] transition-colors duration-100 ease-in-out\">Le <strong data-start=\"3\" data-end=\"24\">Mus\u00e9e des Blind\u00e9s<\/strong> abrite la plus grande collection europ\u00e9enne de v\u00e9hicules blind\u00e9s (chars, canons\u2026), un incontournable pour les amateurs d\u2019histoire militaire<\/span>.<\/p><h3 data-start=\"306\" data-end=\"369\">Le <strong data-start=\"322\" data-end=\"336\">Cadre-Noir<\/strong> est-il visitable le week-end\u202f?<\/h3><p data-start=\"370\" data-end=\"446\"><span class=\"relative -mx-px my-[-0.2rem] rounded px-px py-[0.2rem] transition-colors duration-100 ease-in-out\">Oui, des visites sont possibles du lundi apr\u00e8s-midi au samedi matin. Le Cadre-Noir ouvre \u00e9galement les samedis apr\u00e8s-midi et dimanches matins lors des week-ends de gala<\/span>.<\/p><h3 data-start=\"453\" data-end=\"515\">Peut-on se <strong data-start=\"477\" data-end=\"488\">baigner<\/strong> dans la Loire \u00e0 Saumur\u202f?<\/h3><p data-start=\"516\" data-end=\"592\"><span class=\"relative -mx-px my-[-0.2rem] rounded px-px py-[0.2rem] transition-colors duration-100 ease-in-out\">Non, la baignade est strictement interdite depuis 1969 en raison de risques forts (courants, sables mouvants, contamination)<\/span>.<\/p><h3 data-start=\"599\" data-end=\"664\">Combien de temps pr\u00e9voir pour visiter le ch\u00e2teau\u202f?<\/h3><p data-start=\"665\" data-end=\"741\"><span class=\"relative -mx-px my-[-0.2rem] rounded px-px py-[0.2rem] transition-colors duration-100 ease-in-out\">Une visite compl\u00e8te, incluant l\u2019int\u00e9rieur, les remparts et les mus\u00e9es, demande g\u00e9n\u00e9ralement <strong data-start=\"92\" data-end=\"105\">1\u202fh \u00e0 2\u202fh<\/strong>, avec un belv\u00e9d\u00e8re accessible pour une vue panoramique<\/span>.<\/p><h3 data-start=\"748\" data-end=\"801\">Comment \u00e9viter la foule et les files\u202f?<\/h3><p data-start=\"802\" data-end=\"882\"><span class=\"relative -mx-px my-[-0.2rem] rounded px-px py-[0.2rem] transition-colors duration-100 ease-in-out\">R\u00e9servez vos billets en ligne, arrivez <strong data-start=\"39\" data-end=\"82\">en d\u00e9but de matin\u00e9e ou fin d\u2019apr\u00e8s-midi<\/strong> et privil\u00e9giez les jours de semaine : ainsi, visites et photo seront plus tranquilles<\/span>.<\/p><h3 data-start=\"889\" data-end=\"973\">Est-il possible de combiner la visite du ch\u00e2teau avec un autre site\u202f?<\/h3><p data-start=\"974\" data-end=\"1054\"><span class=\"relative -mx-px my-[-0.2rem] rounded px-px py-[0.2rem] transition-colors duration-100 ease-in-out\">Oui, associez votre visite \u00e0 une balade en <strong data-start=\"43\" data-end=\"79\">b\u00e2teau traditionnel sur la Loire<\/strong>, une \u00e9tape dans les caves troglodytiques, ou un passage \u00e0 l\u2019<strong data-start=\"140\" data-end=\"164\">abbaye de Fontevraud<\/strong>, facilement accessibles<\/span>.<\/p><h3 data-start=\"1061\" data-end=\"1139\">Le ch\u00e2teau est-il accessible aux personnes \u00e0 mobilit\u00e9 r\u00e9duite\u202f?<\/h3><p data-start=\"1140\" data-end=\"1220\"><span class=\"relative -mx-px my-[-0.2rem] rounded px-px py-[0.2rem] transition-colors duration-100 ease-in-out\">L\u2019acc\u00e8s est <strong data-start=\"12\" data-end=\"38\">partiellement possible<\/strong>, mais certains escaliers et espaces sont difficiles. Il est conseill\u00e9 de contacter l\u2019accueil \u00e0 l\u2019avance pour mieux planifier sa visite<\/span>.<\/p><h3 data-start=\"1227\" data-end=\"1291\">Peut-on visiter le ch\u00e2teau en <strong data-start=\"1270\" data-end=\"1287\">visite guid\u00e9e<\/strong> ?<\/h3><p data-start=\"1292\" data-end=\"1372\"><span class=\"relative -mx-px my-[-0.2rem] rounded px-px py-[0.2rem] transition-colors duration-100 ease-in-out\">Oui, les visites libres sont possibles. Des visites <strong data-start=\"52\" data-end=\"63\">guid\u00e9es<\/strong> sont organis\u00e9es \u00e0 heures fixes, ainsi que des visites nocturnes et hors-saison \u00e0 certaines dates<\/span>.<\/p><h3 data-start=\"1379\" data-end=\"1451\">Y a-t-il des <strong data-start=\"1405\" data-end=\"1428\">aides et r\u00e9ductions<\/strong> pour les visiteurs\u202f?<\/h3><p data-start=\"1452\" data-end=\"1532\"><span class=\"relative -mx-px my-[-0.2rem] rounded px-px py-[0.2rem] transition-colors duration-100 ease-in-out\">Un <strong data-start=\"3\" data-end=\"23\">City Pass Saumur<\/strong> (24\u202fh ou 48\u202fh) offre des r\u00e9ductions sur l\u2019acc\u00e8s au ch\u00e2teau, au Cadre-Noir, \u00e0 des caves et mus\u00e9es locaux. L\u2019Office de Tourisme d\u00e9livre ce pass<\/span>.<\/p>\t\t\t\t\t\t\t\t<\/div>\n\t\t\t\t\t<\/div>\n\t\t\t\t<\/div>\n\t\t<aside class=\"elementor-element elementor-element-0d4c518 e-flex e-con-boxed e-con e-parent\" data-id=\"0d4c518\" data-element_type=\"container\" data-e-type=\"container\">\n\t\t\t\t\t<div class=\"e-con-inner\">\n\t\t\t\t<div class=\"elementor-element elementor-element-1876801 elementor-widget elementor-widget-listeo-posts-grid\" data-id=\"1876801\" data-element_type=\"widget\" data-e-type=\"widget\" data-widget_type=\"listeo-posts-grid.default\">\n\t\t\t\t<div class=\"elementor-widget-container\">\n\t\t\t\t\t\t\t\n\t\t<div class=\"listeo-post-grid-wrapper\">\n\t\t\t<div class=\"row\">\n\n\t\t\t\n\n\t\t\t\t\t\t\t<div class=\"col-md-4\">\n                <a href=\"https:\/\/cparici.com\/de\/aquarium-de-touraine-guide\/\" class=\"blog-compact-item-container\">\n                    <div class=\"blog-compact-item\">\n                        <img decoding=\"async\" width=\"577\" height=\"204\" src=\"https:\/\/cparici.com\/wp-content\/uploads\/2024\/08\/aquarium-de-touraine-bassin-des-piranhas.jpg\" class=\"attachment-listeo-blog-related-post size-listeo-blog-related-post wp-post-image\" alt=\"aquarium de touraine - bassin des piranhas\" srcset=\"https:\/\/cparici.com\/wp-content\/uploads\/2024\/08\/aquarium-de-touraine-bassin-des-piranhas.jpg 1500w, https:\/\/cparici.com\/wp-content\/uploads\/2024\/08\/aquarium-de-touraine-bassin-des-piranhas-600x212.jpg 600w, https:\/\/cparici.com\/wp-content\/uploads\/2024\/08\/aquarium-de-touraine-bassin-des-piranhas-300x106.jpg 300w, https:\/\/cparici.com\/wp-content\/uploads\/2024\/08\/aquarium-de-touraine-bassin-des-piranhas-1024x362.jpg 1024w, https:\/\/cparici.com\/wp-content\/uploads\/2024\/08\/aquarium-de-touraine-bassin-des-piranhas-768x271.jpg 768w\" sizes=\"(max-width: 577px) 100vw, 577px\" \/><span class=\"blog-item-tag\">Centre Val de Loire<\/span>                        \n                        <div class=\"blog-compact-item-content\">\n                                                        <h3>Aquarium de Touraine \u2013 guide complet et horaires<\/h3>\n                                                        <p>D\u00e9couvrez l'Aquarium de Touraine, un lieu magique pour observer la faune aquatique. Consultez notre guide...                            <\/p>\n                                                    <\/div>\n                    <\/div>\n                <\/a>\n            <\/div>\n\t\t\t<div class=\"col-md-4\">\n                <a href=\"https:\/\/cparici.com\/de\/chartres\/\" class=\"blog-compact-item-container\">\n                    <div class=\"blog-compact-item\">\n                        <img decoding=\"async\" width=\"577\" height=\"204\" src=\"https:\/\/cparici.com\/wp-content\/uploads\/2025\/03\/cparici-2025-03-06T172541.500-577x204.jpg\" class=\"attachment-listeo-blog-related-post size-listeo-blog-related-post wp-post-image\" alt=\"Chartres\" srcset=\"https:\/\/cparici.com\/wp-content\/uploads\/2025\/03\/cparici-2025-03-06T172541.500-577x204.jpg 577w, https:\/\/cparici.com\/wp-content\/uploads\/2025\/03\/cparici-2025-03-06T172541.500-300x106.jpg 300w, https:\/\/cparici.com\/wp-content\/uploads\/2025\/03\/cparici-2025-03-06T172541.500-1024x362.jpg 1024w, https:\/\/cparici.com\/wp-content\/uploads\/2025\/03\/cparici-2025-03-06T172541.500-768x271.jpg 768w, https:\/\/cparici.com\/wp-content\/uploads\/2025\/03\/cparici-2025-03-06T172541.500-18x6.jpg 18w, https:\/\/cparici.com\/wp-content\/uploads\/2025\/03\/cparici-2025-03-06T172541.500-590x208.jpg 590w, https:\/\/cparici.com\/wp-content\/uploads\/2025\/03\/cparici-2025-03-06T172541.500-1200x424.jpg 1200w, https:\/\/cparici.com\/wp-content\/uploads\/2025\/03\/cparici-2025-03-06T172541.500-600x212.jpg 600w, https:\/\/cparici.com\/wp-content\/uploads\/2025\/03\/cparici-2025-03-06T172541.500.jpg 1500w\" sizes=\"(max-width: 577px) 100vw, 577px\" \/><span class=\"blog-item-tag\">Centre Val de Loire<\/span>                        \n                        <div class=\"blog-compact-item-content\">\n                                                        <h3>Chartres une ville \u00e0  red\u00e9couvrir<\/h3>\n                                                        <p>Chartres Chartres, situ\u00e9e en r\u00e9gion Centre-Val de Loire, est une ville riche en histoire et...                            <\/p>\n                                                    <\/div>\n                    <\/div>\n                <\/a>\n            <\/div>\n\t\t\t<div class=\"col-md-4\">\n                <a href=\"https:\/\/cparici.com\/de\/chambord-and-alcools-cocktails-a-base-de-liqueur-de-chambord\/\" class=\"blog-compact-item-container\">\n                    <div class=\"blog-compact-item\">\n                        <img decoding=\"async\" width=\"577\" height=\"204\" src=\"https:\/\/cparici.com\/wp-content\/uploads\/2025\/02\/cparici-2025-02-22T182422.152-577x204.jpg\" class=\"attachment-listeo-blog-related-post size-listeo-blog-related-post wp-post-image\" alt=\"Chambord and alcools - cocktails a base de liqueur de Chambord\" srcset=\"https:\/\/cparici.com\/wp-content\/uploads\/2025\/02\/cparici-2025-02-22T182422.152-577x204.jpg 577w, https:\/\/cparici.com\/wp-content\/uploads\/2025\/02\/cparici-2025-02-22T182422.152-300x106.jpg 300w, https:\/\/cparici.com\/wp-content\/uploads\/2025\/02\/cparici-2025-02-22T182422.152-1024x362.jpg 1024w, https:\/\/cparici.com\/wp-content\/uploads\/2025\/02\/cparici-2025-02-22T182422.152-768x271.jpg 768w, https:\/\/cparici.com\/wp-content\/uploads\/2025\/02\/cparici-2025-02-22T182422.152-590x208.jpg 590w, https:\/\/cparici.com\/wp-content\/uploads\/2025\/02\/cparici-2025-02-22T182422.152-1200x424.jpg 1200w, https:\/\/cparici.com\/wp-content\/uploads\/2025\/02\/cparici-2025-02-22T182422.152-600x212.jpg 600w, https:\/\/cparici.com\/wp-content\/uploads\/2025\/02\/cparici-2025-02-22T182422.152.jpg 1500w\" sizes=\"(max-width: 577px) 100vw, 577px\" \/><span class=\"blog-item-tag\">Centre Val de Loire<\/span>                        \n                        <div class=\"blog-compact-item-content\">\n                                                        <h3>Chambord and alcools \u2013 cocktails \u00e0 base de liqueur de Chambord<\/h3>\n                                                        <p>Chambord and alcools \u2013 cocktails \u00e0 base de liqueur de Chambord Cocktails \u00e0 base de...                            <\/p>\n                                                    <\/div>\n                    <\/div>\n                <\/a>\n            <\/div>\n  <\/div>\n        <\/div>\n        \t\t\t\t<\/div>\n\t\t\t\t<\/div>\n\t\t\t\t\t<\/div>\n\t\t\t\t<\/aside>\n\t\t\t\t<\/div>\n\t\t","protected":false},"excerpt":{"rendered":"<p>Recherches populaires Categories Pas de r\u00e9sultats Voir tous les r\u00e9sultats Saumur, guide complet de la ville en 2026 Situ\u00e9e au c\u0153ur du Val de Loire, dans le d\u00e9partement du Maine-et-Loire, Saumur s\u00e9duit par son charme historique, ses paysages enchanteurs et sa douceur de vivre. R\u00e9put\u00e9e pour son imposant ch\u00e2teau m\u00e9di\u00e9val, ses c\u00e9l\u00e8bres caves troglodytiques et [&hellip;]<\/p>\n","protected":false},"author":97,"featured_media":68136,"comment_status":"closed","ping_status":"closed","sticky":false,"template":"elementor_header_footer","format":"standard","meta":{"ngg_post_thumbnail":0,"footnotes":""},"categories":[2740,477,998,954],"tags":[],"class_list":["post-68112","post","type-post","status-publish","format-standard","has-post-thumbnail","hentry","category-saumur","category-france","category-maine-et-loire","category-pays-de-la-loire"],"_links":{"self":[{"href":"https:\/\/cparici.com\/de\/wp-json\/wp\/v2\/posts\/68112","targetHints":{"allow":["GET"]}}],"collection":[{"href":"https:\/\/cparici.com\/de\/wp-json\/wp\/v2\/posts"}],"about":[{"href":"https:\/\/cparici.com\/de\/wp-json\/wp\/v2\/types\/post"}],"author":[{"embeddable":true,"href":"https:\/\/cparici.com\/de\/wp-json\/wp\/v2\/users\/97"}],"replies":[{"embeddable":true,"href":"https:\/\/cparici.com\/de\/wp-json\/wp\/v2\/comments?post=68112"}],"version-history":[{"count":2,"href":"https:\/\/cparici.com\/de\/wp-json\/wp\/v2\/posts\/68112\/revisions"}],"predecessor-version":[{"id":82463,"href":"https:\/\/cparici.com\/de\/wp-json\/wp\/v2\/posts\/68112\/revisions\/82463"}],"wp:featuredmedia":[{"embeddable":true,"href":"https:\/\/cparici.com\/de\/wp-json\/wp\/v2\/media\/68136"}],"wp:attachment":[{"href":"https:\/\/cparici.com\/de\/wp-json\/wp\/v2\/media?parent=68112"}],"wp:term":[{"taxonomy":"category","embeddable":true,"href":"https:\/\/cparici.com\/de\/wp-json\/wp\/v2\/categories?post=68112"},{"taxonomy":"post_tag","embeddable":true,"href":"https:\/\/cparici.com\/de\/wp-json\/wp\/v2\/tags?post=68112"}],"curies":[{"name":"wp","href":"https:\/\/api.w.org\/{rel}","templated":true}]}}