{"id":68415,"date":"2025-08-01T09:17:20","date_gmt":"2025-08-01T07:17:20","guid":{"rendered":"https:\/\/cparici.com\/?p=68415"},"modified":"2026-04-26T22:15:43","modified_gmt":"2026-04-26T20:15:43","slug":"segeln-bei-den-olympischen-spielen","status":"publish","type":"post","link":"https:\/\/cparici.com\/de\/voile-aux-jeux-olympiques\/","title":{"rendered":"Segeln bei den Olympischen Spielen"},"content":{"rendered":"\t\t<div data-elementor-type=\"wp-post\" data-elementor-id=\"68415\" class=\"elementor elementor-68415\" data-elementor-post-type=\"post\">\n\t\t\t\t<div class=\"elementor-element elementor-element-cafd84a e-con-full e-flex e-con e-parent\" data-id=\"cafd84a\" data-element_type=\"container\" data-e-type=\"container\">\n\t\t\t\t<div class=\"elementor-element elementor-element-3bbc69f elementor-widget elementor-widget-image\" data-id=\"3bbc69f\" data-element_type=\"widget\" data-e-type=\"widget\" data-widget_type=\"image.default\">\n\t\t\t\t\t\t\t\t\t\t\t\t\t\t\t<img decoding=\"async\" width=\"1500\" height=\"530\" src=\"https:\/\/cparici.com\/wp-content\/uploads\/2025\/07\/cparici-2025-07-26T064455.043.jpg\" class=\"attachment-full size-full wp-image-68452\" alt=\"Voile aux jeux olympiques\" srcset=\"https:\/\/cparici.com\/wp-content\/uploads\/2025\/07\/cparici-2025-07-26T064455.043.jpg 1500w, https:\/\/cparici.com\/wp-content\/uploads\/2025\/07\/cparici-2025-07-26T064455.043-300x106.jpg 300w, https:\/\/cparici.com\/wp-content\/uploads\/2025\/07\/cparici-2025-07-26T064455.043-1024x362.jpg 1024w, https:\/\/cparici.com\/wp-content\/uploads\/2025\/07\/cparici-2025-07-26T064455.043-768x271.jpg 768w, https:\/\/cparici.com\/wp-content\/uploads\/2025\/07\/cparici-2025-07-26T064455.043-18x6.jpg 18w, https:\/\/cparici.com\/wp-content\/uploads\/2025\/07\/cparici-2025-07-26T064455.043-590x208.jpg 590w, https:\/\/cparici.com\/wp-content\/uploads\/2025\/07\/cparici-2025-07-26T064455.043-1200x424.jpg 1200w, https:\/\/cparici.com\/wp-content\/uploads\/2025\/07\/cparici-2025-07-26T064455.043-577x204.jpg 577w, https:\/\/cparici.com\/wp-content\/uploads\/2025\/07\/cparici-2025-07-26T064455.043-600x212.jpg 600w\" sizes=\"(max-width: 1500px) 100vw, 1500px\" \/>\t\t\t\t\t\t\t\t\t\t\t\t\t\t\t<\/div>\n\t\t\t\t<\/div>\n\t\t<aside class=\"elementor-element elementor-element-c8d4037 e-flex e-con-boxed e-con e-parent\" data-id=\"c8d4037\" data-element_type=\"container\" data-e-type=\"container\">\n\t\t\t\t\t<div class=\"e-con-inner\">\n\t\t\t\t<div class=\"elementor-element elementor-element-9c8dc32 elementor-widget elementor-widget-global elementor-global-62046 elementor-widget-eael-advanced-search\" data-id=\"9c8dc32\" data-element_type=\"widget\" data-e-type=\"widget\" data-widget_type=\"eael-advanced-search.default\">\n\t\t\t\t\t        <div class=\"eael-adv-search-wrapper\">\n            <div id=\"eael-advanced-search-widget-9c8dc32\" class=\"eael-advanced-search-widget\">\n                <form data-settings=\"{&quot;post_per_page&quot;:5,&quot;search_among_taxonomies&quot;:&quot;&quot;,&quot;search_among_sku&quot;:&quot;no&quot;,&quot;show_popular_keyword&quot;:0,&quot;show_category&quot;:0,&quot;show_content_image&quot;:1,&quot;show_search_result_all_results&quot;:0,&quot;result_on_new_tab&quot;:&quot;no&quot;,&quot;show_product_price&quot;:&quot;no&quot;,&quot;include_current_page&quot;:&quot;no&quot;,&quot;current_post_id&quot;:68415,&quot;post_type&quot;:[&quot;post&quot;,&quot;listing&quot;]}\" method=\"POST\" name=\"eael-advanced-search-form-9c8dc32\" class=\"eael-advanced-search-form eael-advanced-search-form-style-2\">\n                    <div class=\"eael-advanced-search-wrap\">\n                        <span class=\"eael-adv-search-loader\"><\/span>\n                        <span class=\"eael-adv-search-close\"><i class=\"fas fa-times\"><\/i><\/span>\n                        <span class=\"icon \"><i class=\"fas fa-search\"><\/i><\/span>\n\n                        <input type=\"text\"\n                               placeholder=\"Votre destination\"\n                               class=\"eael-advanced-search\" autocomplete=\"off\" name=\"eael_advanced_search\">\n                    <\/div>\n\t\t\t\t\t                                    <\/form>\n\n\t\t\t\t\n\t\t\t\t        <div class=\"eael-advanced-search-result\">\n            <div class=\"eael-advanced-search-popular-keyword\">\n\t\t\t\t<h4 class=\"eael-advanced-search-popular-keyword-text\">Recherches populaires<\/h4>                <div class=\"eael-popular-keyword-content\"><\/div>\n            <\/div>\n            <div class=\"eael-advanced-search-category\">\n\t\t\t\t<h4 class=\"eael-advanced-search-category-text\">Categories<\/h4>                <div class=\"eael-popular-category-content\"><\/div>\n            <\/div>\n\t\t\t<div class=\"eael-advanced-search-total-results-section\">\n\t\t\t\t\t\t\t<\/div>\n            <div class=\"eael-advanced-search-content eael-item-style-3\">\n            <\/div>\n            <div class=\"eael-advanced-search-not-found\">\n                <p>Pas de r\u00e9sultats<\/p><\/div>\n            <div class=\"eael-advanced-search-load-more\">\n\t\t\t\t<a \tclass=\"eael-advanced-search-load-more-button\"\n                \thref=\"#\">Voir tous les r\u00e9sultats<\/a>\n            <\/div>\n        <\/div>\n\n\t\t            <\/div>\n        <\/div>\n\n\t\t\t\t\t\t<\/div>\n\t\t\t\t\t<\/div>\n\t\t\t\t<\/aside>\n\t\t<div class=\"elementor-element elementor-element-dd1034f e-flex e-con-boxed e-con e-parent\" data-id=\"dd1034f\" data-element_type=\"container\" data-e-type=\"container\">\n\t\t\t\t\t<div class=\"e-con-inner\">\n\t\t\t\t<div class=\"elementor-element elementor-element-2da31384 elementor-widget elementor-widget-text-editor\" data-id=\"2da31384\" data-element_type=\"widget\" data-e-type=\"widget\" data-widget_type=\"text-editor.default\">\n\t\t\t\t\t\t\t\t\t<h1 style=\"text-align: center;\" data-start=\"274\" data-end=\"372\">Voile aux Jeux Olympiques : histoire, \u00e9preuves et faits marquants<\/h1><h2 data-start=\"374\" data-end=\"447\">\u00a0La voile, une discipline olympique au souffle \u00e9pique<\/h2><p data-start=\"449\" data-end=\"861\">Depuis plus de 120 ans, la voile fait vibrer les Jeux Olympiques. Ce sport exigeant allie technicit\u00e9, strat\u00e9gie et esprit d\u2019\u00e9quipe, dans des environnements o\u00f9 les \u00e9l\u00e9ments dictent leur loi. De Paris 1900, o\u00f9 les premi\u00e8res r\u00e9gates olympiques furent disput\u00e9es, \u00e0 <a href=\"https:\/\/cparici.com\/jo-paris-2024-toutes-les-informations-pratiques\/\">Paris 2024<\/a> qui accueillera les futures \u00e9preuves, la voile a su se r\u00e9inventer au gr\u00e9 des innovations technologiques et des formats de comp\u00e9tition.<\/p><p data-start=\"863\" data-end=\"1169\">En France, nation tourn\u00e9e vers la mer, les marins olympiques ont \u00e9crit des pages d\u2019histoire inoubliables, pla\u00e7ant la voile au c\u0153ur de la culture sportive. Cet article vous invite \u00e0 (re)d\u00e9couvrir l\u2019histoire, les classes olympiques et les grands noms fran\u00e7ais, tout en explorant les enjeux de la voile Paris 2024.<\/p><h2 data-start=\"1176\" data-end=\"1272\">Histoire de la voile aux Jeux Olympiques : des d\u00e9buts incertains \u00e0 l\u2019explosion mondiale<\/h2><h3 data-start=\"1274\" data-end=\"1315\">1896-1900 : Des d\u00e9buts contrari\u00e9s<\/h3><p data-start=\"1317\" data-end=\"1667\">La voile figure au programme des <strong data-start=\"1350\" data-end=\"1405\">premiers Jeux Olympiques modernes en 1896 \u00e0 Ath\u00e8nes<\/strong>, mais des vents violents emp\u00eachent la tenue des r\u00e9gates. C\u2019est finalement lors des <strong data-start=\"1489\" data-end=\"1514\">Jeux de Paris en 1900<\/strong> que les premi\u00e8res courses sont organis\u00e9es. Elles se disputent sur la Seine et dans la baie de Meulan, avec des bateaux mesurant entre 0,5 et 20 tonnes.<\/p><p data-start=\"1669\" data-end=\"1796\">Fun fact : H\u00e9l\u00e8ne de Pourtal\u00e8s devient la <strong data-start=\"1711\" data-end=\"1754\">premi\u00e8re femme m\u00e9daill\u00e9e d\u2019or olympique<\/strong> en participant \u00e0 la course de 1-2 tonnes.<\/p><h3 data-start=\"1803\" data-end=\"1872\">20\u1d49 si\u00e8cle : \u00c9volution des classes et f\u00e9minisation progressive<\/h3><p data-start=\"1874\" data-end=\"2208\">Au fil des \u00e9ditions, la voile se structure. De nouvelles classes apparaissent, comme le Finn (1948) ou le Laser (1996). Les Jeux de 1988 \u00e0 S\u00e9oul marquent l\u2019entr\u00e9e officielle des \u00e9preuves <strong data-start=\"2061\" data-end=\"2074\">f\u00e9minines<\/strong>, notamment en planche \u00e0 voile. L\u2019int\u00e9gration de bateaux rapides et spectaculaires comme le skiff 49er (2000) modernise la discipline.<\/p><h3 data-start=\"2215\" data-end=\"2281\">21\u1d49 si\u00e8cle : R\u00e9volution technologique et formats dynamiques<\/h3><p data-start=\"2283\" data-end=\"2561\">L\u2019arriv\u00e9e des <strong data-start=\"2297\" data-end=\"2306\">foils<\/strong> et des catamarans Nacra 17 \u00e0 foils r\u00e9volutionne les courses, les rendant plus rapides et t\u00e9l\u00e9g\u00e9niques. En 2024, le <strong data-start=\"2422\" data-end=\"2438\">kiteboarding<\/strong> (planche tract\u00e9e par cerf-volant) fait ses d\u00e9buts olympiques, symbole de l\u2019adaptation de la voile aux tendances actuelles.<\/p><figure id=\"attachment_68593\" aria-describedby=\"caption-attachment-68593\" style=\"width: 1024px\" class=\"wp-caption aligncenter\"><a href=\"https:\/\/cparici.com\/wp-content\/uploads\/2025\/08\/Voile-aux-jeux-olympiques-copie-decran-site-officiel.jpg\"><img decoding=\"async\" class=\"wp-image-68593 size-large\" src=\"https:\/\/cparici.com\/wp-content\/uploads\/2025\/08\/Voile-aux-jeux-olympiques-copie-decran-site-officiel-1024x492.jpg\" alt=\"Voile aux jeux olympiques, copie d'\u00e9cran site officiel\" width=\"1024\" height=\"492\" srcset=\"https:\/\/cparici.com\/wp-content\/uploads\/2025\/08\/Voile-aux-jeux-olympiques-copie-decran-site-officiel-1024x492.jpg 1024w, https:\/\/cparici.com\/wp-content\/uploads\/2025\/08\/Voile-aux-jeux-olympiques-copie-decran-site-officiel-300x144.jpg 300w, https:\/\/cparici.com\/wp-content\/uploads\/2025\/08\/Voile-aux-jeux-olympiques-copie-decran-site-officiel-768x369.jpg 768w, https:\/\/cparici.com\/wp-content\/uploads\/2025\/08\/Voile-aux-jeux-olympiques-copie-decran-site-officiel-1536x738.jpg 1536w, https:\/\/cparici.com\/wp-content\/uploads\/2025\/08\/Voile-aux-jeux-olympiques-copie-decran-site-officiel-18x9.jpg 18w, https:\/\/cparici.com\/wp-content\/uploads\/2025\/08\/Voile-aux-jeux-olympiques-copie-decran-site-officiel-590x284.jpg 590w, https:\/\/cparici.com\/wp-content\/uploads\/2025\/08\/Voile-aux-jeux-olympiques-copie-decran-site-officiel-1200x577.jpg 1200w, https:\/\/cparici.com\/wp-content\/uploads\/2025\/08\/Voile-aux-jeux-olympiques-copie-decran-site-officiel-577x277.jpg 577w, https:\/\/cparici.com\/wp-content\/uploads\/2025\/08\/Voile-aux-jeux-olympiques-copie-decran-site-officiel-600x288.jpg 600w, https:\/\/cparici.com\/wp-content\/uploads\/2025\/08\/Voile-aux-jeux-olympiques-copie-decran-site-officiel.jpg 1870w\" sizes=\"(max-width: 1024px) 100vw, 1024px\" \/><\/a><figcaption id=\"caption-attachment-68593\" class=\"wp-caption-text\">Voile aux jeux olympiques, copie d\u2019\u00e9cran site officiel<\/figcaption><\/figure><h2 data-start=\"2568\" data-end=\"2622\">Voile aux jeux olympiques 2024<\/h2><p data-start=\"2624\" data-end=\"2865\">En 2024, dix \u00e9preuves de voile se d\u00e9rouleront \u00e0 Marseille, capitale m\u00e9diterran\u00e9enne et site choisi pour ses conditions de vent id\u00e9ales. Elles mettent en sc\u00e8ne les meilleurs navigateurs du monde dans un m\u00e9lange de traditions et d\u2019innovations.<\/p><h3 data-start=\"2867\" data-end=\"2902\">Les 10 disciplines en d\u00e9tail<\/h3><div class=\"_tableContainer_80l1q_1\"><div class=\"_tableWrapper_80l1q_14 group flex w-fit flex-col-reverse\" tabindex=\"-1\"><table class=\"w-fit min-w-(--thread-content-width)\" data-start=\"2904\" data-end=\"3688\"><thead data-start=\"2904\" data-end=\"2979\"><tr data-start=\"2904\" data-end=\"2979\"><th data-start=\"2904\" data-end=\"2926\" data-col-size=\"sm\">Classe<\/th><th data-start=\"2926\" data-end=\"2953\" data-col-size=\"sm\">Type de bateau<\/th><th data-start=\"2953\" data-end=\"2979\" data-col-size=\"sm\">\u00c9preuve<\/th><\/tr><\/thead><tbody data-start=\"3058\" data-end=\"3688\"><tr data-start=\"3058\" data-end=\"3136\"><td data-start=\"3058\" data-end=\"3081\" data-col-size=\"sm\">ILCA 6 (Laser Radial)<\/td><td data-start=\"3081\" data-end=\"3109\" data-col-size=\"sm\">D\u00e9riveur l\u00e9ger f\u00e9minin<\/td><td data-start=\"3109\" data-end=\"3136\" data-col-size=\"sm\">Solo f\u00e9minin<\/td><\/tr><tr data-start=\"3137\" data-end=\"3215\"><td data-start=\"3137\" data-end=\"3162\" data-col-size=\"sm\">ILCA 7 (Laser Standard)<\/td><td data-start=\"3162\" data-end=\"3188\" data-col-size=\"sm\">D\u00e9riveur l\u00e9ger masculin<\/td><td data-start=\"3188\" data-end=\"3215\" data-col-size=\"sm\">Solo masculin<\/td><\/tr><tr data-start=\"3216\" data-end=\"3293\"><td data-start=\"3216\" data-end=\"3238\" data-col-size=\"sm\">470 Mixte<\/td><td data-start=\"3238\" data-end=\"3266\" data-col-size=\"sm\">D\u00e9riveur double mixte<\/td><td data-start=\"3266\" data-end=\"3293\" data-col-size=\"sm\">Double mixte<\/td><\/tr><tr data-start=\"3294\" data-end=\"3372\"><td data-start=\"3294\" data-end=\"3317\" data-col-size=\"sm\">49er<\/td><td data-start=\"3317\" data-end=\"3345\" data-col-size=\"sm\">Skiff masculin<\/td><td data-start=\"3345\" data-end=\"3372\" data-col-size=\"sm\">Double masculin<\/td><\/tr><tr data-start=\"3373\" data-end=\"3451\"><td data-start=\"3373\" data-end=\"3396\" data-col-size=\"sm\">49er FX<\/td><td data-start=\"3396\" data-end=\"3424\" data-col-size=\"sm\">Skiff f\u00e9minin<\/td><td data-start=\"3424\" data-end=\"3451\" data-col-size=\"sm\">Double f\u00e9minin<\/td><\/tr><tr data-start=\"3452\" data-end=\"3530\"><td data-start=\"3452\" data-end=\"3475\" data-col-size=\"sm\">Nacra 17<\/td><td data-start=\"3475\" data-end=\"3503\" data-col-size=\"sm\">Catamaran \u00e0 foils mixte<\/td><td data-start=\"3503\" data-end=\"3530\" data-col-size=\"sm\">Double mixte<\/td><\/tr><tr data-start=\"3531\" data-end=\"3609\"><td data-start=\"3531\" data-end=\"3554\" data-col-size=\"sm\">iQFOiL<\/td><td data-start=\"3554\" data-end=\"3582\" data-col-size=\"sm\">Planche \u00e0 voile foil<\/td><td data-start=\"3582\" data-end=\"3609\" data-col-size=\"sm\">Solo H\/F<\/td><\/tr><tr data-start=\"3610\" data-end=\"3688\"><td data-start=\"3610\" data-end=\"3633\" data-col-size=\"sm\">Formula Kite<\/td><td data-start=\"3633\" data-end=\"3661\" data-col-size=\"sm\">Planche tract\u00e9e<\/td><td data-start=\"3661\" data-end=\"3688\" data-col-size=\"sm\">Solo H\/F<\/td><\/tr><\/tbody><\/table><div class=\"sticky end-(--thread-content-margin) h-0 self-end select-none\"><div class=\"absolute end-0 flex items-end\">\u00a0<\/div><\/div><\/div><\/div><h3 data-start=\"3695\" data-end=\"3739\">Voile aux jeux olympiques 2024, Marseille: un site d\u2019exception<\/h3><p data-start=\"3741\" data-end=\"4057\">Le plan d\u2019eau marseillais est r\u00e9put\u00e9 pour son mistral et ses eaux turquoise. Les spectateurs pourront suivre les r\u00e9gates depuis les plages du Prado, un avantage rare dans une discipline souvent \u00e9loign\u00e9e du public. Ce cadre devrait offrir un spectacle visuel in\u00e9dit, renforc\u00e9 par la couverture t\u00e9l\u00e9vis\u00e9e et num\u00e9rique.<\/p><h2 data-start=\"4064\" data-end=\"4142\">Les champions fran\u00e7ais de la voile aux jeux olympiques : un h\u00e9ritage glorieux<\/h2><h3 data-start=\"4144\" data-end=\"4177\">Des pionniers aux l\u00e9gendes<\/h3><p data-start=\"4179\" data-end=\"4291\">La France compte <strong data-start=\"4196\" data-end=\"4232\">24 m\u00e9dailles olympiques en voile<\/strong> (dont 7 en or) depuis 1900. Parmi les figures majeures :<\/p><ul data-start=\"4292\" data-end=\"4588\"><li data-start=\"4292\" data-end=\"4374\"><p data-start=\"4294\" data-end=\"4374\"><strong data-start=\"4294\" data-end=\"4313\">Virginie H\u00e9riot<\/strong> (1928) : premi\u00e8re Fran\u00e7aise championne olympique en voile.<\/p><\/li><li data-start=\"4375\" data-end=\"4457\"><p data-start=\"4377\" data-end=\"4457\"><strong data-start=\"4377\" data-end=\"4420\">Jean-Pierre Malinowski et ses \u00e9quipiers<\/strong> (1988) : m\u00e9daill\u00e9s d\u2019or en Soling.<\/p><\/li><li data-start=\"4458\" data-end=\"4588\"><p data-start=\"4460\" data-end=\"4588\"><strong data-start=\"4460\" data-end=\"4478\">Tony Estanguet<\/strong> : bien qu\u2019\u00e9tant c\u00e9iste, il a contribu\u00e9 au d\u00e9veloppement de la voile en tant que pr\u00e9sident du COJO Paris 2024.<\/p><\/li><\/ul><h3 data-start=\"4595\" data-end=\"4650\">L\u2019\u00e8re contemporaine : Picon, Bernaz et la rel\u00e8ve<\/h3><ul data-start=\"4652\" data-end=\"4974\"><li data-start=\"4652\" data-end=\"4799\"><p data-start=\"4654\" data-end=\"4799\"><strong data-start=\"4654\" data-end=\"4672\">Charline Picon<\/strong> : m\u00e9daill\u00e9e d\u2019or en planche RS:X \u00e0 Rio 2016 et d\u2019argent \u00e0 Tokyo 2020, elle vise une nouvelle m\u00e9daille \u00e0 Marseille en iQFOiL.<\/p><\/li><li data-start=\"4800\" data-end=\"4898\"><p data-start=\"4802\" data-end=\"4898\"><strong data-start=\"4802\" data-end=\"4826\">Jean-Baptiste Bernaz<\/strong> : champion du monde ILCA 7 en 2022, outsider s\u00e9rieux pour Paris 2024.<\/p><\/li><li data-start=\"4899\" data-end=\"4974\"><p data-start=\"4901\" data-end=\"4974\"><strong data-start=\"4901\" data-end=\"4933\">Sarah Steyaert & Aude Compan<\/strong> : \u00e9quipage f\u00e9minin redout\u00e9 en 49er FX.<\/p><\/li><\/ul><h2 data-start=\"180\" data-end=\"245\">49er FX aux Jeux Olympiques 2024 : dates, format et favorites<\/h2><p data-start=\"247\" data-end=\"487\">Le <strong data-start=\"250\" data-end=\"261\">49er FX<\/strong> est l\u2019une des \u00e9preuves les plus spectaculaires de la <strong data-start=\"315\" data-end=\"334\">voile olympique<\/strong>. Rapide, technique et physique, ce skiff f\u00e9minin en double sera \u00e0 l\u2019affiche des <strong data-start=\"415\" data-end=\"457\">Jeux Olympiques d\u2019\u00e9t\u00e9 2024 \u00e0 Marseille<\/strong>, du <strong data-start=\"462\" data-end=\"486\">28 juillet au 4 ao\u00fbt<\/strong>.<\/p><h3 data-start=\"489\" data-end=\"529\">Calendrier 49er FX \u2013 JO Paris 2024<\/h3><p data-start=\"531\" data-end=\"652\">Les r\u00e9gates du 49er FX se d\u00e9rouleront sur <strong data-start=\"573\" data-end=\"587\">huit jours<\/strong>, selon le programme suivant (sous r\u00e9serve de conditions m\u00e9t\u00e9o) :<\/p><ul data-start=\"654\" data-end=\"772\"><li data-start=\"654\" data-end=\"730\"><p data-start=\"656\" data-end=\"730\"><strong data-start=\"656\" data-end=\"680\">28 juillet au 3 ao\u00fbt<\/strong> : R\u00e9gates de qualification (12 manches pr\u00e9vues)<\/p><\/li><li data-start=\"731\" data-end=\"772\"><p data-start=\"733\" data-end=\"772\"><strong data-start=\"733\" data-end=\"743\">4 ao\u00fbt<\/strong> : Medal Race (grande finale)<\/p><\/li><\/ul><p data-start=\"774\" data-end=\"879\">La <strong data-start=\"777\" data-end=\"791\">Medal Race<\/strong> oppose les 10 meilleurs \u00e9quipages. Elle compte double et d\u00e9termine le podium olympique.<\/p><h3 data-start=\"881\" data-end=\"917\">Voile aux Jeux Olympiques, 49er FX, un format dynamique et exigeant<\/h3><p data-start=\"919\" data-end=\"1117\">Le <strong data-start=\"922\" data-end=\"933\">49er FX<\/strong> est un d\u00e9riv\u00e9 du skiff masculin 49er, mais avec une voile r\u00e9duite adapt\u00e9e aux \u00e9quipages f\u00e9minins. C\u2019est un bateau tr\u00e8s instable, demandant coordination parfaite et puissance physique.<\/p><p data-start=\"1119\" data-end=\"1318\">Chaque course dure environ <strong data-start=\"1146\" data-end=\"1160\">25 minutes<\/strong>, avec des d\u00e9parts en flotte sur un parcours trapu et rapide. Le classement se fait au cumul des points (1er = 1 point, etc.), le score le plus bas l\u2019emporte.<\/p><h3 data-start=\"191\" data-end=\"248\">Le 49er FX : Skiff F\u00e9minin Olympique de Haute Voltige<\/h3><h3 data-start=\"250\" data-end=\"282\">Qu\u2019est-ce que le 49er FX ?<\/h3><p data-start=\"284\" data-end=\"540\">Le <strong data-start=\"287\" data-end=\"298\">49er FX<\/strong> est un <strong data-start=\"306\" data-end=\"330\">skiff double f\u00e9minin<\/strong>, s\u00e9lectionn\u00e9 pour la voile olympique depuis <strong data-start=\"375\" data-end=\"387\">Rio 2016<\/strong>. Il s\u2019agit d\u2019une version adapt\u00e9e du 49er masculin, avec une voilure r\u00e9duite, mais la m\u00eame coque, afin de conserver ses qualit\u00e9s de vitesse et d\u2019agilit\u00e9.<\/p><p data-start=\"542\" data-end=\"575\"><strong data-start=\"542\" data-end=\"575\">Caract\u00e9ristiques techniques :<\/strong><\/p><ul data-start=\"576\" data-end=\"797\"><li data-start=\"576\" data-end=\"601\"><p data-start=\"578\" data-end=\"601\"><strong data-start=\"578\" data-end=\"590\">Longueur<\/strong> : 4,99 m<\/p><\/li><li data-start=\"602\" data-end=\"642\"><p data-start=\"604\" data-end=\"642\"><strong data-start=\"604\" data-end=\"615\">Largeur<\/strong> : 2,9 m (avec les wings)<\/p><\/li><li data-start=\"643\" data-end=\"670\"><p data-start=\"645\" data-end=\"670\"><strong data-start=\"645\" data-end=\"657\">\u00c9quipage<\/strong> : 2 femmes<\/p><\/li><li data-start=\"671\" data-end=\"770\"><p data-start=\"673\" data-end=\"688\"><strong data-start=\"673\" data-end=\"684\">Voilure<\/strong> :<\/p><ul data-start=\"691\" data-end=\"770\"><li data-start=\"691\" data-end=\"717\"><p data-start=\"693\" data-end=\"717\">Grand-voile : ~13,8 m\u00b2<\/p><\/li><li data-start=\"720\" data-end=\"737\"><p data-start=\"722\" data-end=\"737\">Foc : ~5,8 m\u00b2<\/p><\/li><li data-start=\"740\" data-end=\"770\"><p data-start=\"742\" data-end=\"770\">Spi asym\u00e9trique : ~25,1 m\u00b2<\/p><\/li><\/ul><\/li><li data-start=\"771\" data-end=\"797\"><p data-start=\"773\" data-end=\"797\"><strong data-start=\"773\" data-end=\"788\">Poids total<\/strong> : ~94 kg<\/p><\/li><\/ul><p data-start=\"799\" data-end=\"976\">Con\u00e7u pour la performance, le 49er FX est extr\u00eamement <strong data-start=\"853\" data-end=\"884\">rapide, r\u00e9actif et instable<\/strong>, n\u00e9cessitant une parfaite coordination entre la barreuse et l\u2019\u00e9quipi\u00e8re \u00e0 la voile d\u2019avant.<\/p><h3 data-start=\"983\" data-end=\"1018\">Format des courses olympiques<\/h3><p data-start=\"1020\" data-end=\"1086\">Aux <strong data-start=\"1024\" data-end=\"1043\">Jeux Olympiques<\/strong>, les \u00e9preuves de 49er FX se composent de :<\/p><ol data-start=\"1088\" data-end=\"1246\"><li data-start=\"1088\" data-end=\"1185\"><p data-start=\"1091\" data-end=\"1185\"><strong data-start=\"1091\" data-end=\"1122\">12 manches de qualification<\/strong>, avec des d\u00e9parts en flotte (toutes les \u00e9quipes en m\u00eame temps)<\/p><\/li><li data-start=\"1186\" data-end=\"1246\"><p data-start=\"1189\" data-end=\"1246\"><strong data-start=\"1189\" data-end=\"1205\">1 Medal Race<\/strong>, r\u00e9serv\u00e9e aux <strong data-start=\"1220\" data-end=\"1246\">10 meilleurs \u00e9quipages<\/strong><\/p><\/li><\/ol><p data-start=\"1248\" data-end=\"1394\">Chaque manche dure environ 20 \u00e0 25 minutes. Le classement est bas\u00e9 sur le nombre de points (1er = 1 pt, etc.), le <strong data-start=\"1362\" data-end=\"1383\">total le plus bas<\/strong> l\u2019emporte.<\/p><p data-start=\"1396\" data-end=\"1521\">La <strong data-start=\"1399\" data-end=\"1413\">Medal Race<\/strong> est d\u00e9cisive : elle compte double et ne peut \u00eatre supprim\u00e9e du classement, m\u00eame en cas de disqualification.<\/p><h3 data-start=\"1528\" data-end=\"1573\">Un enjeu fort pour l\u2019\u00e9quipe de France<\/h3><p data-start=\"1575\" data-end=\"1853\">En 2024, le 49er FX repr\u00e9sente une <strong data-start=\"1610\" data-end=\"1652\">opportunit\u00e9 de m\u00e9daille pour la France<\/strong>, avec des \u00e9quipages f\u00e9minins exp\u00e9riment\u00e9s comme <strong data-start=\"1701\" data-end=\"1737\">Sarah Steyaert et Lauriane Nolot<\/strong>. Leurs performances seront \u00e0 suivre de pr\u00e8s dans le <strong data-start=\"1790\" data-end=\"1827\">plan d\u2019eau olympique de Marseille<\/strong>, du 28 juillet au 4 ao\u00fbt.<\/p><figure id=\"attachment_68594\" aria-describedby=\"caption-attachment-68594\" style=\"width: 1024px\" class=\"wp-caption aligncenter\"><a href=\"https:\/\/cparici.com\/wp-content\/uploads\/2025\/08\/cparici-2025-08-01T083913.554.jpg\"><img decoding=\"async\" class=\"wp-image-68594 size-large\" src=\"https:\/\/cparici.com\/wp-content\/uploads\/2025\/08\/cparici-2025-08-01T083913.554-1024x362.jpg\" alt=\"Voile aux Jeux olympiques\" width=\"1024\" height=\"362\" srcset=\"https:\/\/cparici.com\/wp-content\/uploads\/2025\/08\/cparici-2025-08-01T083913.554-1024x362.jpg 1024w, https:\/\/cparici.com\/wp-content\/uploads\/2025\/08\/cparici-2025-08-01T083913.554-300x106.jpg 300w, https:\/\/cparici.com\/wp-content\/uploads\/2025\/08\/cparici-2025-08-01T083913.554-768x271.jpg 768w, https:\/\/cparici.com\/wp-content\/uploads\/2025\/08\/cparici-2025-08-01T083913.554-18x6.jpg 18w, https:\/\/cparici.com\/wp-content\/uploads\/2025\/08\/cparici-2025-08-01T083913.554-590x208.jpg 590w, https:\/\/cparici.com\/wp-content\/uploads\/2025\/08\/cparici-2025-08-01T083913.554-1200x424.jpg 1200w, https:\/\/cparici.com\/wp-content\/uploads\/2025\/08\/cparici-2025-08-01T083913.554-577x204.jpg 577w, https:\/\/cparici.com\/wp-content\/uploads\/2025\/08\/cparici-2025-08-01T083913.554-600x212.jpg 600w, https:\/\/cparici.com\/wp-content\/uploads\/2025\/08\/cparici-2025-08-01T083913.554.jpg 1500w\" sizes=\"(max-width: 1024px) 100vw, 1024px\" \/><\/a><figcaption id=\"caption-attachment-68594\" class=\"wp-caption-text\">Voile aux Jeux olympiques<\/figcaption><\/figure><h2 data-start=\"228\" data-end=\"323\">iQFOiL aux Jeux Olympiques 2024 : la planche \u00e0 foil qui r\u00e9volutionne la voile olympique<\/h2><p data-start=\"325\" data-end=\"599\">L\u2019\u00e9preuve <strong data-start=\"335\" data-end=\"345\">iQFOiL<\/strong> fera ses d\u00e9buts aux <strong data-start=\"366\" data-end=\"405\">Jeux Olympiques d\u2019\u00e9t\u00e9 de Paris 2024<\/strong>, dans un format dynamique et spectaculaire. Discipline mixant vitesse extr\u00eame, tactique et agilit\u00e9, elle remplace l\u2019ancienne planche RS:X, apportant une nouvelle dimension \u00e0 la voile olympique.<\/p><h3 data-start=\"601\" data-end=\"631\">Qu\u2019est-ce que l\u2019iQFOiL ?<\/h3><p data-start=\"633\" data-end=\"878\">L\u2019<strong data-start=\"635\" data-end=\"645\">iQFOiL<\/strong> est une <strong data-start=\"654\" data-end=\"691\">planche \u00e0 voile \u00e9quip\u00e9e d\u2019un foil<\/strong>. Ce dispositif en forme d\u2019aile, fix\u00e9 sous la planche, permet de <strong data-start=\"756\" data-end=\"787\">s\u2019\u00e9lever au-dessus de l\u2019eau<\/strong> \u00e0 partir de 8-10 n\u0153uds de vent. R\u00e9sultat : une glisse ultra fluide, rapide et silencieuse.<\/p><p data-start=\"880\" data-end=\"915\"><strong data-start=\"880\" data-end=\"913\">Caract\u00e9ristiques techniques :<\/strong><\/p><ul data-start=\"916\" data-end=\"1114\"><li data-start=\"916\" data-end=\"949\"><p data-start=\"918\" data-end=\"949\"><strong data-start=\"918\" data-end=\"938\">Longueur planche<\/strong> : 220 cm<\/p><\/li><li data-start=\"950\" data-end=\"973\"><p data-start=\"952\" data-end=\"973\"><strong data-start=\"952\" data-end=\"963\">Largeur<\/strong> : 95 cm<\/p><\/li><li data-start=\"974\" data-end=\"1017\"><p data-start=\"976\" data-end=\"1017\"><strong data-start=\"976\" data-end=\"984\">Foil<\/strong> : m\u00e2t de 95 cm avec aile avant<\/p><\/li><li data-start=\"1018\" data-end=\"1047\"><p data-start=\"1020\" data-end=\"1047\"><strong data-start=\"1020\" data-end=\"1038\">Voile (hommes)<\/strong> : 9 m\u00b2<\/p><\/li><li data-start=\"1048\" data-end=\"1077\"><p data-start=\"1050\" data-end=\"1077\"><strong data-start=\"1050\" data-end=\"1068\">Voile (femmes)<\/strong> : 8 m\u00b2<\/p><\/li><li data-start=\"1078\" data-end=\"1114\"><p data-start=\"1080\" data-end=\"1114\"><strong data-start=\"1080\" data-end=\"1091\">Vitesse<\/strong> : +30 n\u0153uds (\u224855 km\/h)<\/p><\/li><\/ul><p data-start=\"1116\" data-end=\"1244\">La classe iQFOiL a \u00e9t\u00e9 con\u00e7ue pour <strong data-start=\"1151\" data-end=\"1170\">\u00eatre accessible<\/strong>, standardis\u00e9e et durable, tout en offrant des sensations de vol in\u00e9dites.<\/p><h3 data-start=\"1251\" data-end=\"1295\">Format des courses aux Jeux Olympiques<\/h3><p data-start=\"1297\" data-end=\"1384\">L\u2019iQFOiL se distingue par un <strong data-start=\"1326\" data-end=\"1344\">format hybride<\/strong>, combinant plusieurs types de courses :<\/p><ol data-start=\"1386\" data-end=\"1697\"><li data-start=\"1386\" data-end=\"1470\"><p data-start=\"1389\" data-end=\"1470\"><strong data-start=\"1389\" data-end=\"1424\">Course en flotte (Fleet Racing)<\/strong> : parcours classiques avec d\u00e9parts group\u00e9s.<\/p><\/li><li data-start=\"1471\" data-end=\"1538\"><p data-start=\"1474\" data-end=\"1538\"><strong data-start=\"1474\" data-end=\"1484\">Slalom<\/strong> : manches rapides et techniques en plusieurs bords.<\/p><\/li><li data-start=\"1539\" data-end=\"1601\"><p data-start=\"1542\" data-end=\"1601\"><strong data-start=\"1542\" data-end=\"1570\">Marathon (Long Distance)<\/strong> : grande course d\u2019endurance.<\/p><\/li><li data-start=\"1602\" data-end=\"1697\"><p data-start=\"1605\" data-end=\"1697\"><strong data-start=\"1605\" data-end=\"1637\">Finale \u00e0 \u00e9limination directe<\/strong> : syst\u00e8me de quarts, demi-finales et finale (4 riders max).<\/p><\/li><\/ol><p data-start=\"1699\" data-end=\"1858\">Les 10 meilleurs athl\u00e8tes \u00e0 l\u2019issue des qualifications acc\u00e8dent \u00e0 la phase finale. Le format vise \u00e0 r\u00e9compenser la <strong data-start=\"1814\" data-end=\"1829\">polyvalence<\/strong>, la vitesse et la strat\u00e9gie.<\/p><p data-start=\"1860\" data-end=\"1974\">Chaque manche dure environ 15 minutes, avec un encha\u00eenement de courses sur la journ\u00e9e, selon les conditions m\u00e9t\u00e9o.<\/p><h3 data-start=\"1981\" data-end=\"2029\">Programmation iQFOiL \u2013 JO 2024 \u00e0 Marseille<\/h3><p data-start=\"2031\" data-end=\"2162\">Les \u00e9preuves de planche \u00e0 foil auront lieu \u00e0 <strong data-start=\"2076\" data-end=\"2089\">Marseille<\/strong>, du <strong data-start=\"2094\" data-end=\"2123\">28 juillet au 3 ao\u00fbt 2024<\/strong>. Deux comp\u00e9titions sont au programme :<\/p><ul data-start=\"2164\" data-end=\"2205\"><li data-start=\"2164\" data-end=\"2185\"><p data-start=\"2166\" data-end=\"2185\"><strong data-start=\"2166\" data-end=\"2183\">iQFOiL femmes<\/strong><\/p><\/li><li data-start=\"2186\" data-end=\"2205\"><p data-start=\"2188\" data-end=\"2205\"><strong data-start=\"2188\" data-end=\"2205\">iQFOiL hommes<\/strong><\/p><\/li><\/ul><p data-start=\"2207\" data-end=\"2238\"><strong data-start=\"2207\" data-end=\"2236\">Calendrier pr\u00e9visionnel :<\/strong><\/p><ul data-start=\"2239\" data-end=\"2348\"><li data-start=\"2239\" data-end=\"2313\"><p data-start=\"2241\" data-end=\"2313\">28 juillet \u2192 2 ao\u00fbt : courses qualificatives (Fleet, Slalom, Marathon)<\/p><\/li><li data-start=\"2314\" data-end=\"2348\"><p data-start=\"2316\" data-end=\"2348\">3 ao\u00fbt : finales et Medal Series<\/p><\/li><\/ul><p data-start=\"2350\" data-end=\"2507\">Le plan d\u2019eau marseillais est r\u00e9put\u00e9 pour ses <strong data-start=\"2396\" data-end=\"2428\">conditions de vent optimales<\/strong>, id\u00e9ales pour les foils : thermique l\u00e9ger le matin, mistral fort l\u2019apr\u00e8s-midi.<\/p><h3 data-start=\"2514\" data-end=\"2554\">Des espoirs tricolores en iQFOiL<\/h3><p data-start=\"2556\" data-end=\"2610\">La France figure parmi les nations favorites, avec :<\/p><ul data-start=\"2611\" data-end=\"2773\"><li data-start=\"2611\" data-end=\"2684\"><p data-start=\"2613\" data-end=\"2684\"><strong data-start=\"2613\" data-end=\"2632\">H\u00e9l\u00e8ne Noesmoen<\/strong> (championne d\u2019Europe et du monde) chez les femmes<\/p><\/li><li data-start=\"2685\" data-end=\"2773\"><p data-start=\"2687\" data-end=\"2773\"><strong data-start=\"2687\" data-end=\"2708\">Cl\u00e9ment Bourgeois<\/strong> ou <strong data-start=\"2712\" data-end=\"2729\">Thomas Goyard<\/strong> chez les hommes, tous deux issus de la RS:X<\/p><\/li><\/ul><p data-start=\"2775\" data-end=\"2896\">Sur leurs terres, les Fran\u00e7ais b\u00e9n\u00e9ficieront d\u2019un <strong data-start=\"2825\" data-end=\"2849\">avantage strat\u00e9gique<\/strong> sur ce plan d\u2019eau qu\u2019ils connaissent par c\u0153ur.<\/p><p data-start=\"2775\" data-end=\"2896\"><a href=\"https:\/\/cparici.com\/wp-content\/uploads\/2025\/08\/cparici-2025-08-01T083531.520.jpg\"><img decoding=\"async\" class=\"aligncenter wp-image-68595 size-full\" src=\"https:\/\/cparici.com\/wp-content\/uploads\/2025\/08\/cparici-2025-08-01T083531.520.jpg\" alt=\"Voile aux Jeux Olympiques\" width=\"1500\" height=\"530\" srcset=\"https:\/\/cparici.com\/wp-content\/uploads\/2025\/08\/cparici-2025-08-01T083531.520.jpg 1500w, https:\/\/cparici.com\/wp-content\/uploads\/2025\/08\/cparici-2025-08-01T083531.520-300x106.jpg 300w, https:\/\/cparici.com\/wp-content\/uploads\/2025\/08\/cparici-2025-08-01T083531.520-1024x362.jpg 1024w, https:\/\/cparici.com\/wp-content\/uploads\/2025\/08\/cparici-2025-08-01T083531.520-768x271.jpg 768w, https:\/\/cparici.com\/wp-content\/uploads\/2025\/08\/cparici-2025-08-01T083531.520-18x6.jpg 18w, https:\/\/cparici.com\/wp-content\/uploads\/2025\/08\/cparici-2025-08-01T083531.520-590x208.jpg 590w, https:\/\/cparici.com\/wp-content\/uploads\/2025\/08\/cparici-2025-08-01T083531.520-1200x424.jpg 1200w, https:\/\/cparici.com\/wp-content\/uploads\/2025\/08\/cparici-2025-08-01T083531.520-577x204.jpg 577w, https:\/\/cparici.com\/wp-content\/uploads\/2025\/08\/cparici-2025-08-01T083531.520-600x212.jpg 600w\" sizes=\"(max-width: 1500px) 100vw, 1500px\" \/><\/a><\/p><h2 data-start=\"204\" data-end=\"276\">Formula Kite aux JO 2024 : le kitesurf entre dans l\u2019ar\u00e8ne olympique<\/h2><p data-start=\"278\" data-end=\"584\">Grande nouveaut\u00e9 des <strong data-start=\"299\" data-end=\"332\">Jeux Olympiques de Paris 2024<\/strong>, le <strong data-start=\"337\" data-end=\"349\">kitesurf<\/strong> fera son entr\u00e9e officielle dans le programme olympique sous le nom de <strong data-start=\"420\" data-end=\"436\">Formula Kite<\/strong>. Cette discipline spectaculaire allie <strong data-start=\"475\" data-end=\"494\">vitesse extr\u00eame<\/strong>, <strong data-start=\"496\" data-end=\"509\">strat\u00e9gie<\/strong> et <strong data-start=\"513\" data-end=\"535\">ma\u00eetrise technique<\/strong>, le tout au-dessus de l\u2019eau gr\u00e2ce \u00e0 un <strong data-start=\"575\" data-end=\"583\">foil<\/strong>.<\/p><h3 data-start=\"586\" data-end=\"619\">Une discipline ultra rapide<\/h3><p data-start=\"621\" data-end=\"847\">Le <strong data-start=\"624\" data-end=\"640\">Formula Kite<\/strong> est une forme de kitesurf utilisant une <strong data-start=\"681\" data-end=\"708\">aile de traction (kite)<\/strong> et une <strong data-start=\"716\" data-end=\"734\">planche \u00e0 foil<\/strong>. Ce combo permet aux riders de <strong data-start=\"766\" data-end=\"796\">\u201cvoler\u201d au-dessus de l\u2019eau<\/strong> \u00e0 plus de <strong data-start=\"807\" data-end=\"818\">60 km\/h<\/strong>, m\u00eame dans des vents l\u00e9gers.<\/p><p data-start=\"849\" data-end=\"878\"><strong data-start=\"849\" data-end=\"876\">Caract\u00e9ristiques cl\u00e9s :<\/strong><\/p><ul data-start=\"879\" data-end=\"1031\"><li data-start=\"879\" data-end=\"925\"><p data-start=\"881\" data-end=\"925\">Ailes de kitesurf gonflables ou \u00e0 caissons<\/p><\/li><li data-start=\"926\" data-end=\"954\"><p data-start=\"928\" data-end=\"954\">Planche l\u00e9g\u00e8re avec foil<\/p><\/li><li data-start=\"955\" data-end=\"986\"><p data-start=\"957\" data-end=\"986\">Vitesses d\u00e9passant 30 n\u0153uds<\/p><\/li><li data-start=\"987\" data-end=\"1031\"><p data-start=\"989\" data-end=\"1031\">Navigation en position debout avec harnais<\/p><\/li><\/ul><p data-start=\"1033\" data-end=\"1118\">C\u2019est une discipline exigeante, spectaculaire et tr\u00e8s visuelle, id\u00e9ale pour les Jeux.<\/p><h3 data-start=\"1125\" data-end=\"1169\">Programme Formula Kite \u2013 JO Paris 2024<\/h3><p data-start=\"1171\" data-end=\"1297\">Les \u00e9preuves de <strong data-start=\"1187\" data-end=\"1203\">Formula Kite<\/strong> se d\u00e9rouleront \u00e0 <strong data-start=\"1221\" data-end=\"1234\">Marseille<\/strong> du <strong data-start=\"1238\" data-end=\"1258\">4 au 8 ao\u00fbt 2024<\/strong>, avec deux comp\u00e9titions distinctes :<\/p><ul data-start=\"1298\" data-end=\"1343\"><li data-start=\"1298\" data-end=\"1321\"><p data-start=\"1300\" data-end=\"1321\">Formula Kite Hommes<\/p><\/li><li data-start=\"1322\" data-end=\"1343\"><p data-start=\"1324\" data-end=\"1343\">Formula Kite Femmes<\/p><\/li><\/ul><p data-start=\"1345\" data-end=\"1366\">Le format pr\u00e9voit :<\/p><ul data-start=\"1367\" data-end=\"1513\"><li data-start=\"1367\" data-end=\"1426\"><p data-start=\"1369\" data-end=\"1426\">Des <strong data-start=\"1373\" data-end=\"1394\">courses en flotte<\/strong> tr\u00e8s courtes (6 \u00e0 10 minutes)<\/p><\/li><li data-start=\"1427\" data-end=\"1513\"><p data-start=\"1429\" data-end=\"1513\">Un <strong data-start=\"1432\" data-end=\"1476\">syst\u00e8me de finales \u00e0 \u00e9limination directe<\/strong> avec quarts, demies et grande finale<\/p><\/li><\/ul><h3 data-start=\"1520\" data-end=\"1548\">Une chance pour l\u2019or<\/h3><p data-start=\"1550\" data-end=\"1737\">La France est une des nations fortes du kite, avec notamment <strong data-start=\"1611\" data-end=\"1627\">Axel Mazella<\/strong> et <strong data-start=\"1631\" data-end=\"1649\">Lauriane Nolot<\/strong>, tous deux champions du monde. Ils seront <strong data-start=\"1692\" data-end=\"1725\">s\u00e9rieux pr\u00e9tendants au podium<\/strong> \u00e0 domicile.<\/p><p data-start=\"1550\" data-end=\"1737\"><a href=\"https:\/\/cparici.com\/wp-content\/uploads\/2025\/08\/cparici-2025-08-01T084959.601.jpg\"><img decoding=\"async\" class=\"aligncenter wp-image-68596 size-full\" src=\"https:\/\/cparici.com\/wp-content\/uploads\/2025\/08\/cparici-2025-08-01T084959.601.jpg\" alt=\"programmation de voile aux jeux olympiques d'\u00e9t\u00e9 - formula kite\u200b \" width=\"1500\" height=\"530\" srcset=\"https:\/\/cparici.com\/wp-content\/uploads\/2025\/08\/cparici-2025-08-01T084959.601.jpg 1500w, https:\/\/cparici.com\/wp-content\/uploads\/2025\/08\/cparici-2025-08-01T084959.601-300x106.jpg 300w, https:\/\/cparici.com\/wp-content\/uploads\/2025\/08\/cparici-2025-08-01T084959.601-1024x362.jpg 1024w, https:\/\/cparici.com\/wp-content\/uploads\/2025\/08\/cparici-2025-08-01T084959.601-768x271.jpg 768w, https:\/\/cparici.com\/wp-content\/uploads\/2025\/08\/cparici-2025-08-01T084959.601-18x6.jpg 18w, https:\/\/cparici.com\/wp-content\/uploads\/2025\/08\/cparici-2025-08-01T084959.601-590x208.jpg 590w, https:\/\/cparici.com\/wp-content\/uploads\/2025\/08\/cparici-2025-08-01T084959.601-1200x424.jpg 1200w, https:\/\/cparici.com\/wp-content\/uploads\/2025\/08\/cparici-2025-08-01T084959.601-577x204.jpg 577w, https:\/\/cparici.com\/wp-content\/uploads\/2025\/08\/cparici-2025-08-01T084959.601-600x212.jpg 600w\" sizes=\"(max-width: 1500px) 100vw, 1500px\" \/><\/a><\/p><h2 data-start=\"185\" data-end=\"248\">Nacra 17 aux JO 2024 : le catamaran mixte \u00e0 foils en action<\/h2><p data-start=\"250\" data-end=\"495\">Le <strong data-start=\"253\" data-end=\"265\">Nacra 17<\/strong> est le seul <strong data-start=\"278\" data-end=\"297\">catamaran mixte<\/strong> du programme olympique de voile. Moderne, rapide et spectaculaire, il sera au c\u0153ur des <strong data-start=\"385\" data-end=\"418\">Jeux Olympiques de Paris 2024<\/strong>, avec des r\u00e9gates pr\u00e9vues \u00e0 <strong data-start=\"447\" data-end=\"460\">Marseille<\/strong>, du <strong data-start=\"465\" data-end=\"494\">28 juillet au 4 ao\u00fbt 2024<\/strong>.<\/p><h3 data-start=\"502\" data-end=\"535\">Qu\u2019est-ce que le Nacra 17 ?<\/h3><p data-start=\"537\" data-end=\"751\">Le <strong data-start=\"540\" data-end=\"552\">Nacra 17<\/strong> est un <strong data-start=\"560\" data-end=\"581\">catamaran \u00e0 foils<\/strong> pour \u00e9quipage mixte (un homme et une femme). Gr\u00e2ce \u00e0 ses foils en L, il peut litt\u00e9ralement <strong data-start=\"673\" data-end=\"701\">voler au-dessus de l\u2019eau<\/strong>, atteignant des vitesses de <strong data-start=\"730\" data-end=\"750\">plus de 25 n\u0153uds<\/strong>.<\/p><p data-start=\"753\" data-end=\"788\"><strong data-start=\"753\" data-end=\"786\">Caract\u00e9ristiques techniques :<\/strong><\/p><ul data-start=\"789\" data-end=\"940\"><li data-start=\"789\" data-end=\"810\"><p data-start=\"791\" data-end=\"810\">Longueur : 5,25 m<\/p><\/li><li data-start=\"811\" data-end=\"831\"><p data-start=\"813\" data-end=\"831\">Largeur : 2,59 m<\/p><\/li><li data-start=\"832\" data-end=\"850\"><p data-start=\"834\" data-end=\"850\">Poids : 141 kg<\/p><\/li><li data-start=\"851\" data-end=\"909\"><p data-start=\"853\" data-end=\"909\">Voilure : 21,2 m\u00b2 au pr\u00e8s, 29 m\u00b2 au portant (avec spi)<\/p><\/li><li data-start=\"910\" data-end=\"940\"><p data-start=\"912\" data-end=\"940\">\u00c9quipage : 1 homme + 1 femme<\/p><\/li><\/ul><p data-start=\"942\" data-end=\"1060\">Ce bateau exige une coordination parfaite entre les co\u00e9quipiers, un physique solide et une lecture fine du plan d\u2019eau.<\/p><h3 data-start=\"1067\" data-end=\"1107\">Programme Nacra 17 \u2013 JO Paris 2024<\/h3><p data-start=\"1109\" data-end=\"1158\">Les courses de Nacra 17 auront lieu sur 8 jours :<\/p><ul data-start=\"1160\" data-end=\"1266\"><li data-start=\"1160\" data-end=\"1218\"><p data-start=\"1162\" data-end=\"1218\"><strong data-start=\"1162\" data-end=\"1186\">28 juillet au 3 ao\u00fbt<\/strong> : 12 manches de qualification<\/p><\/li><li data-start=\"1219\" data-end=\"1266\"><p data-start=\"1221\" data-end=\"1266\"><strong data-start=\"1221\" data-end=\"1231\">4 ao\u00fbt<\/strong> : Medal Race entre les 10 premiers<\/p><\/li><\/ul><p data-start=\"1268\" data-end=\"1383\">Le format suit le syst\u00e8me classique de la voile olympique : classement par points, avec une grande finale d\u00e9cisive.<\/p><h3 data-start=\"1390\" data-end=\"1426\">Une \u00e9quipe solide \u00e0 domicile<\/h3><p data-start=\"1428\" data-end=\"1631\">La France sera repr\u00e9sent\u00e9e par le duo <strong data-start=\"1466\" data-end=\"1503\">Camille Lecointre et J\u00e9r\u00e9mie Mion<\/strong>, figures exp\u00e9riment\u00e9es du circuit international. Sur leurs terres, ils visent <strong data-start=\"1582\" data-end=\"1630\">le podium dans cette cat\u00e9gorie tr\u00e8s disput\u00e9e<\/strong>.<\/p><h2 data-start=\"226\" data-end=\"289\">ILCA 6 (Laser Radial) \u2013 Voile f\u00e9minine aux JO de Paris 2024<\/h2><p data-start=\"291\" data-end=\"573\">L\u2019\u00e9preuve f\u00e9minine de <strong data-start=\"313\" data-end=\"329\">Laser Radial<\/strong>, d\u00e9sormais appel\u00e9e <strong data-start=\"349\" data-end=\"359\">ILCA 6<\/strong>, est l\u2019un des formats les plus embl\u00e9matiques de la voile olympique. En <strong data-start=\"431\" data-end=\"439\">2024<\/strong>, elle sera au rendez-vous des <strong data-start=\"470\" data-end=\"498\">Jeux Olympiques de Paris<\/strong>, avec des r\u00e9gates programm\u00e9es \u00e0 <strong data-start=\"531\" data-end=\"544\">Marseille<\/strong> du <strong data-start=\"548\" data-end=\"572\">28 juillet au 4 ao\u00fbt<\/strong>.<\/p><h3 data-start=\"580\" data-end=\"646\">Le Laser Radial \/ ILCA 6 : un d\u00e9riveur technique et exigeant<\/h3><p data-start=\"648\" data-end=\"814\">L\u2019<strong data-start=\"650\" data-end=\"660\">ILCA 6<\/strong> est un d\u00e9riveur en solitaire, utilis\u00e9 uniquement en <strong data-start=\"713\" data-end=\"733\">\u00e9preuve f\u00e9minine<\/strong>. Il est appr\u00e9ci\u00e9 pour sa simplicit\u00e9 apparente mais sa grande exigence technique.<\/p><p data-start=\"816\" data-end=\"852\"><strong data-start=\"816\" data-end=\"850\">Caract\u00e9ristiques principales :<\/strong><\/p><ul data-start=\"853\" data-end=\"954\"><li data-start=\"853\" data-end=\"874\"><p data-start=\"855\" data-end=\"874\">Longueur : 4,23 m<\/p><\/li><li data-start=\"875\" data-end=\"895\"><p data-start=\"877\" data-end=\"895\">Largeur : 1,37 m<\/p><\/li><li data-start=\"896\" data-end=\"913\"><p data-start=\"898\" data-end=\"913\">Poids : 59 kg<\/p><\/li><li data-start=\"914\" data-end=\"933\"><p data-start=\"916\" data-end=\"933\">Voile : 5,76 m\u00b2<\/p><\/li><li data-start=\"934\" data-end=\"954\"><p data-start=\"936\" data-end=\"954\">\u00c9quipage : 1 femme<\/p><\/li><\/ul><p data-start=\"956\" data-end=\"1156\">Ce bateau met \u00e0 l\u2019\u00e9preuve l\u2019<strong data-start=\"984\" data-end=\"1006\">endurance physique<\/strong>, la <strong data-start=\"1011\" data-end=\"1033\">tactique de course<\/strong> et la <strong data-start=\"1040\" data-end=\"1060\">ma\u00eetrise du vent<\/strong>. Tous les bateaux \u00e9tant identiques, seules la <strong data-start=\"1107\" data-end=\"1136\">technique et la strat\u00e9gie<\/strong> font la diff\u00e9rence.<\/p><h3 data-start=\"1163\" data-end=\"1208\">Calendrier Laser Radial \u2013 JO Paris 2024<\/h3><p data-start=\"1210\" data-end=\"1262\">Les r\u00e9gates de l\u2019ILCA 6 se d\u00e9rouleront sur 8 jours :<\/p><ul data-start=\"1264\" data-end=\"1378\"><li data-start=\"1264\" data-end=\"1320\"><p data-start=\"1266\" data-end=\"1320\"><strong data-start=\"1266\" data-end=\"1290\">28 juillet au 3 ao\u00fbt<\/strong> : 10 manches qualificatives<\/p><\/li><li data-start=\"1321\" data-end=\"1378\"><p data-start=\"1323\" data-end=\"1378\"><strong data-start=\"1323\" data-end=\"1333\">4 ao\u00fbt<\/strong> : Medal Race (finale avec les 10 meilleures)<\/p><\/li><\/ul><p data-start=\"1380\" data-end=\"1482\">Le classement est \u00e9tabli par addition de points (1er = 1 point, etc.), et la Medal Race compte double.<\/p><h3 data-start=\"1489\" data-end=\"1519\">Une tricolore \u00e0 suivre<\/h3><p data-start=\"1521\" data-end=\"1704\">La France pourra compter sur <strong data-start=\"1550\" data-end=\"1568\">Lou Berthomieu<\/strong>, jeune talent montante de la voile olympique. Sur un plan d\u2019eau qu\u2019elle conna\u00eet bien, elle tentera de se hisser parmi l\u2019\u00e9lite mondiale.<\/p><h2 data-start=\"205\" data-end=\"275\">Laser (ILCA 7) aux JO 2024 : l\u2019\u00e9preuve masculine reine du d\u00e9riveur<\/h2><p data-start=\"277\" data-end=\"541\">Le <strong data-start=\"280\" data-end=\"298\">Laser Standard<\/strong>, d\u00e9sormais nomm\u00e9 <strong data-start=\"316\" data-end=\"326\">ILCA 7<\/strong>, est la cat\u00e9gorie masculine de r\u00e9f\u00e9rence en <strong data-start=\"371\" data-end=\"393\">d\u00e9riveur solitaire<\/strong> aux <strong data-start=\"398\" data-end=\"417\">Jeux Olympiques<\/strong>. Elle sera de retour pour les <strong data-start=\"448\" data-end=\"468\">JO de Paris 2024<\/strong>, avec des \u00e9preuves pr\u00e9vues \u00e0 <strong data-start=\"498\" data-end=\"511\">Marseille<\/strong>, du <strong data-start=\"516\" data-end=\"540\">28 juillet au 4 ao\u00fbt<\/strong>.<\/p><h3 data-start=\"548\" data-end=\"607\">Le Laser \/ ILCA 7 : un bateau simple, mais redoutable<\/h3><p data-start=\"609\" data-end=\"848\">L\u2019<strong data-start=\"611\" data-end=\"621\">ILCA 7<\/strong> est un bateau monoplace universel, reconnu pour son \u00e9quilibre parfait entre <strong data-start=\"698\" data-end=\"744\">simplicit\u00e9, technique et exigence physique<\/strong>. Il est utilis\u00e9 dans plus de 140 pays et reste une des s\u00e9ries les plus disput\u00e9es de la voile olympique.<\/p><p data-start=\"850\" data-end=\"885\"><strong data-start=\"850\" data-end=\"883\">Caract\u00e9ristiques techniques :<\/strong><\/p><ul data-start=\"886\" data-end=\"987\"><li data-start=\"886\" data-end=\"907\"><p data-start=\"888\" data-end=\"907\">Longueur : 4,23 m<\/p><\/li><li data-start=\"908\" data-end=\"928\"><p data-start=\"910\" data-end=\"928\">Largeur : 1,37 m<\/p><\/li><li data-start=\"929\" data-end=\"946\"><p data-start=\"931\" data-end=\"946\">Poids : 59 kg<\/p><\/li><li data-start=\"947\" data-end=\"966\"><p data-start=\"949\" data-end=\"966\">Voile : 7,06 m\u00b2<\/p><\/li><li data-start=\"967\" data-end=\"987\"><p data-start=\"969\" data-end=\"987\">\u00c9quipage : 1 homme<\/p><\/li><\/ul><p data-start=\"989\" data-end=\"1187\">Le Laser ne pardonne aucune erreur. Tous les bateaux \u00e9tant identiques, ce sont la <strong data-start=\"1071\" data-end=\"1084\">strat\u00e9gie<\/strong>, le <strong data-start=\"1089\" data-end=\"1120\">placement sur le plan d\u2019eau<\/strong>, et l\u2019<strong data-start=\"1127\" data-end=\"1163\">ex\u00e9cution parfaite des man\u0153uvres<\/strong> qui font la diff\u00e9rence.<\/p><h3 data-start=\"1194\" data-end=\"1246\">Calendrier ILCA 7 \u2013 Jeux Olympiques Paris 2024<\/h3><p data-start=\"1248\" data-end=\"1294\">L\u2019\u00e9preuve masculine se d\u00e9roulera sur 8 jours :<\/p><ul data-start=\"1296\" data-end=\"1417\"><li data-start=\"1296\" data-end=\"1354\"><p data-start=\"1298\" data-end=\"1354\"><strong data-start=\"1298\" data-end=\"1322\">28 juillet au 3 ao\u00fbt<\/strong> : 10 manches de qualification<\/p><\/li><li data-start=\"1355\" data-end=\"1417\"><p data-start=\"1357\" data-end=\"1417\"><strong data-start=\"1357\" data-end=\"1367\">4 ao\u00fbt<\/strong> : Medal Race (grande finale avec les 10 premiers)<\/p><\/li><\/ul><p data-start=\"1419\" data-end=\"1512\">Le classement s\u2019effectue par points : moins un athl\u00e8te marque de points, mieux il est class\u00e9.<\/p><h3 data-start=\"1519\" data-end=\"1556\">Un espoir tricolore en ILCA 7<\/h3><p data-start=\"1558\" data-end=\"1744\">La France sera repr\u00e9sent\u00e9e par <strong data-start=\"1589\" data-end=\"1613\">Jean-Baptiste Bernaz<\/strong>, plusieurs fois champion du monde. \u00c0 Marseille, il esp\u00e8re enfin d\u00e9crocher une <strong data-start=\"1692\" data-end=\"1714\">m\u00e9daille olympique<\/strong>, apr\u00e8s quatre participations.<\/p><h2 data-start=\"44\" data-end=\"104\">Classements complets par discipline \u2013 Voile Paris\u202f2024<\/h2><p data-start=\"0\" data-end=\"37\"><span class=\"relative -mx-px my-[-0.2rem] rounded px-px py-[0.2rem] transition-colors duration-100 ease-in-out\">Voici le <strong data-start=\"9\" data-end=\"59\">tableau complet des classements par discipline<\/strong> pour les r\u00e9gates de voile aux <strong data-start=\"90\" data-end=\"123\">Jeux Olympiques de Paris\u202f2024<\/strong>, avec les 10 disciplines et les classements (top\u202f8 si disponibles) :<\/span><\/p><div class=\"_tableContainer_16hzy_1\"><div class=\"_tableWrapper_16hzy_14 group flex w-fit flex-col-reverse\" tabindex=\"-1\"><table class=\"w-fit min-w-(--thread-content-width)\" data-start=\"106\" data-end=\"2703\"><thead data-start=\"106\" data-end=\"262\"><tr data-start=\"106\" data-end=\"262\"><th data-start=\"106\" data-end=\"127\" data-col-size=\"sm\">Discipline<\/th><th data-start=\"127\" data-end=\"162\" data-col-size=\"md\">1er (Or)<\/th><th data-start=\"162\" data-end=\"194\" data-col-size=\"md\">2\u1d49 (Argent)<\/th><th data-start=\"194\" data-end=\"226\" data-col-size=\"md\">3\u1d49 (Bronze)<\/th><th data-start=\"226\" data-end=\"262\" data-col-size=\"md\">4\u1d49 \u00e0 8\u1d49 places (points\/athl\u00e8tes)<\/th><\/tr><\/thead><tbody data-start=\"421\" data-end=\"2703\"><tr data-start=\"421\" data-end=\"671\"><td data-start=\"421\" data-end=\"442\" data-col-size=\"sm\"><strong data-start=\"423\" data-end=\"440\">iQFOiL Hommes<\/strong><\/td><td data-col-size=\"md\" data-start=\"442\" data-end=\"496\"><span class=\"relative -mx-px my-[-0.2rem] rounded px-px py-[0.2rem] transition-colors duration-100 ease-in-out\">Tom Reuveny (ISR)<\/span><\/td><td data-col-size=\"md\" data-start=\"496\" data-end=\"547\"><span class=\"relative -mx-px my-[-0.2rem] rounded px-px py-[0.2rem] transition-colors duration-100 ease-in-out\">Grae Morris (AUS)<\/span><\/td><td data-col-size=\"md\" data-start=\"547\" data-end=\"592\"><span class=\"relative -mx-px my-[-0.2rem] rounded px-px py-[0.2rem] transition-colors duration-100 ease-in-out\">Luuc van Opzeeland (NED)<\/span><\/td><td data-col-size=\"md\" data-start=\"592\" data-end=\"671\"><span class=\"relative -mx-px my-[-0.2rem] rounded px-px py-[0.2rem] transition-colors duration-100 ease-in-out\">4\u1d49 Josh Armit, 5\u1d49 Sam Sills, 6\u1d49 Nicol\u00f2 Renna, etc.<\/span><\/td><\/tr><tr data-start=\"672\" data-end=\"889\"><td data-start=\"672\" data-end=\"693\" data-col-size=\"sm\"><strong data-start=\"674\" data-end=\"692\">Laser (ILCA\u202f7)<\/strong><\/td><td data-start=\"693\" data-end=\"727\" data-col-size=\"md\">Matthew Wearn (AUS, 40 pts)<\/td><td data-col-size=\"md\" data-start=\"727\" data-end=\"758\">Pavlos Kontides (CYP, 56)<\/td><td data-col-size=\"md\" data-start=\"758\" data-end=\"791\">Stefano Peschiera (PER, 80)<\/td><td data-col-size=\"md\" data-start=\"791\" data-end=\"889\">4\u1d49 Jonat\u00e1n Vadnai (84), 5\u1d49 Hermann Tomasgaard (85), etc.<\/td><\/tr><tr data-start=\"890\" data-end=\"1107\"><td data-start=\"890\" data-end=\"916\" data-col-size=\"sm\"><strong data-start=\"892\" data-end=\"915\">Formula Kite Hommes<\/strong><\/td><td data-start=\"916\" data-end=\"944\" data-col-size=\"md\">Valentin Bontus (AUT)<\/td><td data-start=\"944\" data-end=\"975\" data-col-size=\"md\">Toni Vodi\u0161ek (SLO)<\/td><td data-col-size=\"md\" data-start=\"975\" data-end=\"1008\">Maximilian Maeder (SIN)<\/td><td data-col-size=\"md\" data-start=\"1008\" data-end=\"1107\">4\u1d49 Ricardo Pianosi, 5\u1d49 Jannis Maus, 6\u1d49 Axel Mazella, etc.<\/td><\/tr><tr data-start=\"1108\" data-end=\"1322\"><td data-start=\"1108\" data-end=\"1129\" data-col-size=\"sm\"><strong data-start=\"1110\" data-end=\"1125\">49er Hommes<\/strong><\/td><td data-col-size=\"md\" data-start=\"1129\" data-end=\"1179\">Espagne (Diego Bot\u00edn & Flori\u00e1n Trittel, 70 pts)<\/td><td data-col-size=\"md\" data-start=\"1179\" data-end=\"1211\">NZL (McHardie & McKenzie, 82)<\/td><td data-col-size=\"md\" data-start=\"1211\" data-end=\"1242\">USA (Barrows & Henken, 88)<\/td><td data-col-size=\"md\" data-start=\"1242\" data-end=\"1322\">4\u1d49 Irlande, 5\u1d49 Pologne, 6\u1d49 P-Bes, etc.<\/td><\/tr><tr data-start=\"1323\" data-end=\"1528\"><td data-start=\"1323\" data-end=\"1344\" data-col-size=\"sm\"><strong data-start=\"1325\" data-end=\"1342\">iQFOiL Femmes<\/strong><\/td><td data-col-size=\"md\" data-start=\"1344\" data-end=\"1378\">Marta Maggetti (ITA)<\/td><td data-col-size=\"md\" data-start=\"1378\" data-end=\"1409\">Sharon Kantor (ISR)<\/td><td data-col-size=\"md\" data-start=\"1409\" data-end=\"1441\">Emma Wilson (GBR)<\/td><td data-col-size=\"md\" data-start=\"1441\" data-end=\"1528\">4\u1d49 Mar\u00eda Bel\u00e9n Bazo, 7\u1d49 H\u00e9l\u00e8ne Noesmoen, etc.<\/td><\/tr><tr data-start=\"1529\" data-end=\"1748\"><td data-start=\"1529\" data-end=\"1557\" data-col-size=\"sm\"><strong data-start=\"1531\" data-end=\"1556\">Laser Radial (ILCA\u202f6)<\/strong><\/td><td data-start=\"1557\" data-end=\"1591\" data-col-size=\"md\">Marit Bouwmeester (NED, 38 pts)<\/td><td data-start=\"1591\" data-end=\"1621\" data-col-size=\"md\">Anne\u2011Marie Rindom (DEN, 61)<\/td><td data-col-size=\"md\" data-start=\"1621\" data-end=\"1648\">Line Flem H\u00f8st (NOR, 75)<\/td><td data-col-size=\"md\" data-start=\"1648\" data-end=\"1748\">4\u1d49 Maud Jayet (90), 5\u1d49 Chiara Benini Floriani (91), etc.<\/td><\/tr><tr data-start=\"1749\" data-end=\"1952\"><td data-start=\"1749\" data-end=\"1775\" data-col-size=\"sm\"><strong data-start=\"1751\" data-end=\"1774\">Formula Kite Femmes<\/strong><\/td><td data-start=\"1775\" data-end=\"1805\" data-col-size=\"md\">Eleanor Aldridge (GBR)<\/td><td data-start=\"1805\" data-end=\"1836\" data-col-size=\"md\">Lauriane Nolot (FRA)<\/td><td data-col-size=\"md\" data-start=\"1836\" data-end=\"1869\">Annelous Lammerts (NED)<\/td><td data-col-size=\"md\" data-start=\"1869\" data-end=\"1952\">4\u1d49 Daniela Moroz, 5\u1d49 Leonie Meyer, etc.<\/td><\/tr><tr data-start=\"1953\" data-end=\"2198\"><td data-start=\"1953\" data-end=\"1974\" data-col-size=\"sm\"><strong data-start=\"1955\" data-end=\"1973\">49er FX Femmes<\/strong><\/td><td data-start=\"1974\" data-end=\"2024\" data-col-size=\"md\">Odile van Aanholt \/ Annette Duetz (NED, 74 pts)<\/td><td data-col-size=\"md\" data-start=\"2024\" data-end=\"2067\">Vilma Bobeck \/ Rebecca Netzler (SWE, 76)<\/td><td data-col-size=\"md\" data-start=\"2067\" data-end=\"2111\">Sarah\u202fSteyaert \/ Charline Picon (FRA, 79)<\/td><td data-col-size=\"md\" data-start=\"2111\" data-end=\"2198\">4\u1d49 Helene N\u00e6ss \/ Marie R\u00f8nningen (92), etc.<\/td><\/tr><tr data-start=\"2199\" data-end=\"2438\"><td data-start=\"2199\" data-end=\"2220\" data-col-size=\"sm\"><strong data-start=\"2201\" data-end=\"2219\">Nacra\u202f17 Mixte<\/strong><\/td><td data-col-size=\"md\" data-start=\"2220\" data-end=\"2266\">Caterina Banti \/ Ruggero Tita (ITA, 31 pts)<\/td><td data-col-size=\"md\" data-start=\"2266\" data-end=\"2310\">Eugenia Bosco \/ Mateo Majdalani (ARG, 55)<\/td><td data-col-size=\"md\" data-start=\"2310\" data-end=\"2353\">Erica Dawson \/ Micah Wilkinson (NZL, 63)<\/td><td data-col-size=\"md\" data-start=\"2353\" data-end=\"2438\">5\u1d49 Lou Berthomieu\/Tim Mourniac (74), etc.<\/td><\/tr><tr data-start=\"2439\" data-end=\"2703\"><td data-start=\"2439\" data-end=\"2460\" data-col-size=\"sm\"><strong data-start=\"2441\" data-end=\"2454\">470 Mixte<\/strong><\/td><td data-start=\"2460\" data-end=\"2501\" data-col-size=\"md\">Lara Vadlau \/ Lukas M\u00e4hr (AUT, 38 pts)<\/td><td data-col-size=\"md\" data-start=\"2501\" data-end=\"2541\">Keiju Okada \/ Miho Yoshioka (JPN, 41)<\/td><td data-col-size=\"md\" data-start=\"2541\" data-end=\"2586\">Lovisa Karlsson \/ Anton Dahlberg (SWE, 47)<\/td><td data-col-size=\"md\" data-start=\"2586\" data-end=\"2703\">4\u1d49 Espagne (Xammar\/Brugman, 49), 6\u1d49 Camille Lecointre \/ J\u00e9r\u00e9mie Mion (56)<\/td><\/tr><\/tbody><\/table><div class=\"sticky end-(--thread-content-margin) h-0 self-end select-none\"><div class=\"absolute end-0 flex items-end\">\u00a0<\/div><\/div><\/div><\/div><h3 data-start=\"2710\" data-end=\"2728\">Points cl\u00e9s<\/h3><ul data-start=\"2730\" data-end=\"2970\"><li data-start=\"2730\" data-end=\"2788\"><p data-start=\"2732\" data-end=\"2788\">Les <strong data-start=\"2736\" data-end=\"2745\">top\u202f3<\/strong> sont les m\u00e9daill\u00e9s\u202f: or, argent, bronze.<\/p><\/li><li data-start=\"2789\" data-end=\"2893\"><p data-start=\"2791\" data-end=\"2893\">Les classements <strong data-start=\"2807\" data-end=\"2825\">4\u1d49 \u00e0 8\u1d49 places<\/strong> sont donn\u00e9s avec points ou \u00e9quipes mentionn\u00e9es quand disponibles.<\/p><\/li><li data-start=\"2894\" data-end=\"2970\"><p data-start=\"2896\" data-end=\"2970\">Les formats utilis\u00e9s : <strong data-start=\"2919\" data-end=\"2946\">12 r\u00e9gates + Medal Race<\/strong>, classement par points.<\/p><\/li><\/ul><h3 data-start=\"2042\" data-end=\"2065\">A noter<\/h3><ul data-start=\"2067\" data-end=\"2278\"><li data-start=\"2067\" data-end=\"2150\"><p data-start=\"2069\" data-end=\"2150\"><span class=\"relative -mx-px my-[-0.2rem] rounded px-px py-[0.2rem] transition-colors duration-100 ease-in-out\">La <strong data-start=\"3\" data-end=\"39\">France a remport\u00e9 deux m\u00e9dailles<\/strong> en voile\u202f: <strong data-start=\"51\" data-end=\"103\">argent en Formula Kite (Labbeine Lauriane Nolot)<\/strong> et <strong data-start=\"107\" data-end=\"165\">bronze en 49er FX avec Charline Picon & Sarah Steyaert<\/strong>.<\/span><\/p><\/li><li data-start=\"2151\" data-end=\"2194\"><p data-start=\"2153\" data-end=\"2194\"><span class=\"relative -mx-px my-[-0.2rem] rounded px-px py-[0.2rem] transition-colors duration-100 ease-in-out\">Le tableau global des m\u00e9dailles voile : <strong data-start=\"40\" data-end=\"52\">Pays-Bas<\/strong> (4 m\u00e9dailles), <strong data-start=\"68\" data-end=\"88\">Autriche, Italie<\/strong> (2 m\u00e9dailles chacun), <strong data-start=\"111\" data-end=\"149\">Australie, Isra\u00ebl, Grande-Bretagne<\/strong> (2 chacun).<\/span><\/p><\/li><li data-start=\"2195\" data-end=\"2278\"><p data-start=\"2197\" data-end=\"2278\"><span class=\"relative -mx-px my-[-0.2rem] rounded px-px py-[0.2rem] transition-colors duration-100 ease-in-out\">L\u2019<strong data-start=\"2\" data-end=\"41\">Italie gagne l\u2019or en Nacra\u202f17 mixte<\/strong>, l\u2019<strong data-start=\"45\" data-end=\"57\">Autriche<\/strong> en 470 mixte. Les autres podiums des disciplines foil ou planches \u00e0 voile n\u2019\u00e9taient pas encore disponibles dans les sources accessibles.<\/span><\/p><\/li><\/ul><h3 data-start=\"2285\" data-end=\"2301\">En r\u00e9sum\u00e9<\/h3><ul data-start=\"2303\" data-end=\"2712\"><li data-start=\"2303\" data-end=\"2449\"><p data-start=\"2305\" data-end=\"2333\"><strong data-start=\"2305\" data-end=\"2329\">M\u00e9dailles fran\u00e7aises<\/strong> :<\/p><ul data-start=\"2336\" data-end=\"2449\"><li data-start=\"2336\" data-end=\"2395\"><p data-start=\"2338\" data-end=\"2395\"><strong data-start=\"2338\" data-end=\"2348\">Bronze<\/strong> en 49er\u202fFX (Charline Picon \/ Sarah Steyaert)<\/p><\/li><li data-start=\"2398\" data-end=\"2449\"><p data-start=\"2400\" data-end=\"2449\"><strong data-start=\"2400\" data-end=\"2410\">Argent<\/strong> en Formula Kite femme (Lauriane Nolot)<\/p><\/li><\/ul><\/li><li data-start=\"2451\" data-end=\"2712\"><p data-start=\"2453\" data-end=\"2483\"><strong data-start=\"2453\" data-end=\"2479\">Podiums internationaux<\/strong> :<\/p><ul data-start=\"2486\" data-end=\"2712\"><li data-start=\"2486\" data-end=\"2523\"><p data-start=\"2488\" data-end=\"2523\"><strong data-start=\"2488\" data-end=\"2499\">Laser H<\/strong> : Matthew Wearn (AUS)<\/p><\/li><li data-start=\"2526\" data-end=\"2574\"><p data-start=\"2528\" data-end=\"2574\"><strong data-start=\"2528\" data-end=\"2546\">Laser Radial F<\/strong> : Marit Bouwmeester (NED)<\/p><\/li><li data-start=\"2577\" data-end=\"2606\"><p data-start=\"2579\" data-end=\"2606\"><strong data-start=\"2579\" data-end=\"2594\">49er hommes<\/strong> : Espagne<\/p><\/li><li data-start=\"2609\" data-end=\"2640\"><p data-start=\"2611\" data-end=\"2640\"><strong data-start=\"2611\" data-end=\"2629\">Nacra\u202f17 mixte<\/strong> : Italie<\/p><\/li><li data-start=\"2643\" data-end=\"2671\"><p data-start=\"2645\" data-end=\"2671\"><strong data-start=\"2645\" data-end=\"2658\">470 mixte<\/strong> : Autriche<\/p><\/li><li data-start=\"2674\" data-end=\"2712\"><p data-start=\"2676\" data-end=\"2712\"><strong data-start=\"2676\" data-end=\"2699\">Formula Kite femmes<\/strong> : GBR or \u2013<\/p><\/li><\/ul><\/li><\/ul><h2 data-start=\"4981\" data-end=\"5073\">La voile aux jeux Olympiques \u00e0 l\u2019\u00e8re du num\u00e9rique : comment suivre votre contenu<\/h2><h3 data-start=\"5478\" data-end=\"5515\">Formats num\u00e9riques pl\u00e9biscit\u00e9s<\/h3><ul data-start=\"5516\" data-end=\"5650\"><li data-start=\"5516\" data-end=\"5562\"><p data-start=\"5518\" data-end=\"5562\"><strong data-start=\"5518\" data-end=\"5527\">Lives<\/strong> et r\u00e9sum\u00e9s sur Instagram\/TikTok.<\/p><\/li><li data-start=\"5563\" data-end=\"5605\"><p data-start=\"5565\" data-end=\"5605\"><strong data-start=\"5565\" data-end=\"5588\">Cartes interactives<\/strong> du plan d\u2019eau.<\/p><\/li><li data-start=\"5606\" data-end=\"5650\"><p data-start=\"5608\" data-end=\"5650\"><strong data-start=\"5608\" data-end=\"5622\">Interviews<\/strong> des navigateurs en stories.<\/p><\/li><\/ul><h2 data-start=\"5877\" data-end=\"5949\">Conclusion : voile aux jeux Olympiques<\/h2><p data-start=\"5951\" data-end=\"6318\">La voile aux Jeux Olympiques est une aventure humaine et technologique qui traverse les g\u00e9n\u00e9rations. Marseille 2024 sera une \u00e9tape cl\u00e9 o\u00f9 les champions fran\u00e7ais tenteront d\u2019\u00e9crire une nouvelle page de gloire. Qu\u2019il s\u2019agisse de suivre les \u00e9preuves ou d\u2019enrichir vos contenus, la voile olympique offre une opportunit\u00e9 unique de vibrer au rythme des vents et des vagues.<\/p><p>Le site officiel des jeux Olympiques, <a href=\"https:\/\/www.olympics.com\/fr\/olympic-games\/paris-2024\/results\/voile\" target=\"_blank\" rel=\"noopener\">c\u2019est par ici!<\/a><\/p>\t\t\t\t\t\t\t\t<\/div>\n\t\t\t\t\t<\/div>\n\t\t\t\t<\/div>\n\t\t<aside class=\"elementor-element elementor-element-367f83f e-flex e-con-boxed e-con e-parent\" data-id=\"367f83f\" data-element_type=\"container\" data-e-type=\"container\">\n\t\t\t\t\t<div class=\"e-con-inner\">\n\t\t\t\t<div class=\"elementor-element elementor-element-a360890 elementor-widget elementor-widget-listeo-posts-grid\" data-id=\"a360890\" data-element_type=\"widget\" data-e-type=\"widget\" data-widget_type=\"listeo-posts-grid.default\">\n\t\t\t\t<div class=\"elementor-widget-container\">\n\t\t\t\t\t\t\t\n\t\t<div class=\"listeo-post-grid-wrapper\">\n\t\t\t<div class=\"row\">\n\n\t\t\t\n\n\t\t\t\t\t\t\t<div class=\"col-md-4\">\n                <a href=\"https:\/\/cparici.com\/de\/le-canal-du-midi\/\" class=\"blog-compact-item-container\">\n                    <div class=\"blog-compact-item\">\n                        <img decoding=\"async\" width=\"577\" height=\"204\" src=\"https:\/\/cparici.com\/wp-content\/uploads\/2025\/04\/cparici-2025-04-13T154436.384-577x204.jpg\" class=\"attachment-listeo-blog-related-post size-listeo-blog-related-post wp-post-image\" alt=\"Canal du Midi en bateau\" srcset=\"https:\/\/cparici.com\/wp-content\/uploads\/2025\/04\/cparici-2025-04-13T154436.384-577x204.jpg 577w, https:\/\/cparici.com\/wp-content\/uploads\/2025\/04\/cparici-2025-04-13T154436.384-300x106.jpg 300w, https:\/\/cparici.com\/wp-content\/uploads\/2025\/04\/cparici-2025-04-13T154436.384-1024x362.jpg 1024w, https:\/\/cparici.com\/wp-content\/uploads\/2025\/04\/cparici-2025-04-13T154436.384-768x271.jpg 768w, https:\/\/cparici.com\/wp-content\/uploads\/2025\/04\/cparici-2025-04-13T154436.384-18x6.jpg 18w, https:\/\/cparici.com\/wp-content\/uploads\/2025\/04\/cparici-2025-04-13T154436.384-590x208.jpg 590w, https:\/\/cparici.com\/wp-content\/uploads\/2025\/04\/cparici-2025-04-13T154436.384-1200x424.jpg 1200w, https:\/\/cparici.com\/wp-content\/uploads\/2025\/04\/cparici-2025-04-13T154436.384-600x212.jpg 600w, https:\/\/cparici.com\/wp-content\/uploads\/2025\/04\/cparici-2025-04-13T154436.384.jpg 1500w\" sizes=\"(max-width: 577px) 100vw, 577px\" \/><span class=\"blog-item-tag\">Aude<\/span>                        \n                        <div class=\"blog-compact-item-content\">\n                                                        <h3>Le Canal du Midi<\/h3>\n                                                        <p>Recherches populaires Categories Pas de r\u00e9sultats Voir tous les r\u00e9sultats Le Canal du Midi Le...                            <\/p>\n                                                    <\/div>\n                    <\/div>\n                <\/a>\n            <\/div>\n\t\t\t<div class=\"col-md-4\">\n                <a href=\"https:\/\/cparici.com\/de\/le-croisic\/\" class=\"blog-compact-item-container\">\n                    <div class=\"blog-compact-item\">\n                        <img decoding=\"async\" width=\"577\" height=\"221\" src=\"https:\/\/cparici.com\/wp-content\/uploads\/2024\/06\/le-croisic.jpg\" class=\"attachment-listeo-blog-related-post size-listeo-blog-related-post wp-post-image\" alt=\"le croisic\" srcset=\"https:\/\/cparici.com\/wp-content\/uploads\/2024\/06\/le-croisic.jpg 1499w, https:\/\/cparici.com\/wp-content\/uploads\/2024\/06\/le-croisic-600x230.jpg 600w, https:\/\/cparici.com\/wp-content\/uploads\/2024\/06\/le-croisic-300x115.jpg 300w, https:\/\/cparici.com\/wp-content\/uploads\/2024\/06\/le-croisic-1024x393.jpg 1024w, https:\/\/cparici.com\/wp-content\/uploads\/2024\/06\/le-croisic-768x295.jpg 768w\" sizes=\"(max-width: 577px) 100vw, 577px\" \/><span class=\"blog-item-tag\">France<\/span>                        \n                        <div class=\"blog-compact-item-content\">\n                                                        <h3>Le Croisic \u2013 d\u00e9couvrez les secrets de la ville<\/h3>\n                                                        <p>Partez \u00e0 la d\u00e9couverte de Le Croisic, une perle de la Bretagne. Vous serez s\u00e9duit...                            <\/p>\n                                                    <\/div>\n                    <\/div>\n                <\/a>\n            <\/div>\n\t\t\t<div class=\"col-md-4\">\n                <a href=\"https:\/\/cparici.com\/de\/le-rhone-departement-a-decouvrir\/\" class=\"blog-compact-item-container\">\n                    <div class=\"blog-compact-item\">\n                        <img decoding=\"async\" width=\"577\" height=\"204\" src=\"https:\/\/cparici.com\/wp-content\/uploads\/2025\/03\/cparici-2025-03-03T081221.504-577x204.jpg\" class=\"attachment-listeo-blog-related-post size-listeo-blog-related-post wp-post-image\" alt=\"Rh\u00f4ne d\u00e9partement\" srcset=\"https:\/\/cparici.com\/wp-content\/uploads\/2025\/03\/cparici-2025-03-03T081221.504-577x204.jpg 577w, https:\/\/cparici.com\/wp-content\/uploads\/2025\/03\/cparici-2025-03-03T081221.504-300x106.jpg 300w, https:\/\/cparici.com\/wp-content\/uploads\/2025\/03\/cparici-2025-03-03T081221.504-1024x362.jpg 1024w, https:\/\/cparici.com\/wp-content\/uploads\/2025\/03\/cparici-2025-03-03T081221.504-768x271.jpg 768w, https:\/\/cparici.com\/wp-content\/uploads\/2025\/03\/cparici-2025-03-03T081221.504-18x6.jpg 18w, https:\/\/cparici.com\/wp-content\/uploads\/2025\/03\/cparici-2025-03-03T081221.504-590x208.jpg 590w, https:\/\/cparici.com\/wp-content\/uploads\/2025\/03\/cparici-2025-03-03T081221.504-1200x424.jpg 1200w, https:\/\/cparici.com\/wp-content\/uploads\/2025\/03\/cparici-2025-03-03T081221.504-600x212.jpg 600w, https:\/\/cparici.com\/wp-content\/uploads\/2025\/03\/cparici-2025-03-03T081221.504.jpg 1500w\" sizes=\"(max-width: 577px) 100vw, 577px\" \/><span class=\"blog-item-tag\">Auvergne Rh\u00f4ne Alpes<\/span>                        \n                        <div class=\"blog-compact-item-content\">\n                                                        <h3>Le Rh\u00f4ne d\u00e9partement \u00e0 d\u00e9couvrir<\/h3>\n                                                        <p>Recherches populaires Categories Pas de r\u00e9sultats Voir tous les r\u00e9sultats Le Rh\u00f4ne d\u00e9partement \u00e0 d\u00e9couvrir...                            <\/p>\n                                                    <\/div>\n                    <\/div>\n                <\/a>\n            <\/div>\n  <\/div>\n        <\/div>\n        \t\t\t\t<\/div>\n\t\t\t\t<\/div>\n\t\t\t\t\t<\/div>\n\t\t\t\t<\/aside>\n\t\t\t\t<\/div>\n\t\t","protected":false},"excerpt":{"rendered":"<p>Recherches populaires Categories Pas de r\u00e9sultats Voir tous les r\u00e9sultats Voile aux Jeux Olympiques : histoire, \u00e9preuves et faits marquants \u00a0La voile, une discipline olympique au souffle \u00e9pique Depuis plus de 120 ans, la voile fait vibrer les Jeux Olympiques. Ce sport exigeant allie technicit\u00e9, strat\u00e9gie et esprit d\u2019\u00e9quipe, dans des environnements o\u00f9 les \u00e9l\u00e9ments [&hellip;]<\/p>\n","protected":false},"author":97,"featured_media":68452,"comment_status":"closed","ping_status":"closed","sticky":false,"template":"elementor_header_footer","format":"standard","meta":{"ngg_post_thumbnail":0,"footnotes":""},"categories":[2743,477,2686],"tags":[],"class_list":["post-68415","post","type-post","status-publish","format-standard","has-post-thumbnail","hentry","category-voile","category-france","category-sport"],"_links":{"self":[{"href":"https:\/\/cparici.com\/de\/wp-json\/wp\/v2\/posts\/68415","targetHints":{"allow":["GET"]}}],"collection":[{"href":"https:\/\/cparici.com\/de\/wp-json\/wp\/v2\/posts"}],"about":[{"href":"https:\/\/cparici.com\/de\/wp-json\/wp\/v2\/types\/post"}],"author":[{"embeddable":true,"href":"https:\/\/cparici.com\/de\/wp-json\/wp\/v2\/users\/97"}],"replies":[{"embeddable":true,"href":"https:\/\/cparici.com\/de\/wp-json\/wp\/v2\/comments?post=68415"}],"version-history":[{"count":2,"href":"https:\/\/cparici.com\/de\/wp-json\/wp\/v2\/posts\/68415\/revisions"}],"predecessor-version":[{"id":89647,"href":"https:\/\/cparici.com\/de\/wp-json\/wp\/v2\/posts\/68415\/revisions\/89647"}],"wp:featuredmedia":[{"embeddable":true,"href":"https:\/\/cparici.com\/de\/wp-json\/wp\/v2\/media\/68452"}],"wp:attachment":[{"href":"https:\/\/cparici.com\/de\/wp-json\/wp\/v2\/media?parent=68415"}],"wp:term":[{"taxonomy":"category","embeddable":true,"href":"https:\/\/cparici.com\/de\/wp-json\/wp\/v2\/categories?post=68415"},{"taxonomy":"post_tag","embeddable":true,"href":"https:\/\/cparici.com\/de\/wp-json\/wp\/v2\/tags?post=68415"}],"curies":[{"name":"wp","href":"https:\/\/api.w.org\/{rel}","templated":true}]}}