{"id":69021,"date":"2025-08-07T07:39:23","date_gmt":"2025-08-07T05:39:23","guid":{"rendered":"https:\/\/cparici.com\/?p=69021"},"modified":"2026-01-05T19:20:09","modified_gmt":"2026-01-05T18:20:09","slug":"schloss-von-chantilly","status":"publish","type":"post","link":"https:\/\/cparici.com\/de\/chateau-de-chantilly\/","title":{"rendered":"Schloss Chantilly"},"content":{"rendered":"\t\t<div data-elementor-type=\"wp-post\" data-elementor-id=\"69021\" class=\"elementor elementor-69021\" data-elementor-post-type=\"post\">\n\t\t\t\t<div class=\"elementor-element elementor-element-e78d01c e-con-full e-flex e-con e-parent\" data-id=\"e78d01c\" data-element_type=\"container\" data-e-type=\"container\">\n\t\t\t\t<div class=\"elementor-element elementor-element-f1be95f elementor-widget elementor-widget-image\" data-id=\"f1be95f\" data-element_type=\"widget\" data-e-type=\"widget\" data-widget_type=\"image.default\">\n\t\t\t\t\t\t\t\t\t\t\t\t\t\t\t<img decoding=\"async\" width=\"1500\" height=\"530\" src=\"https:\/\/cparici.com\/wp-content\/uploads\/2025\/08\/cparici-2025-08-07T072013.660.jpg\" class=\"attachment-full size-full wp-image-69022\" alt=\"Ch\u00e2teau de Chantilly\" srcset=\"https:\/\/cparici.com\/wp-content\/uploads\/2025\/08\/cparici-2025-08-07T072013.660.jpg 1500w, https:\/\/cparici.com\/wp-content\/uploads\/2025\/08\/cparici-2025-08-07T072013.660-300x106.jpg 300w, https:\/\/cparici.com\/wp-content\/uploads\/2025\/08\/cparici-2025-08-07T072013.660-1024x362.jpg 1024w, https:\/\/cparici.com\/wp-content\/uploads\/2025\/08\/cparici-2025-08-07T072013.660-768x271.jpg 768w, https:\/\/cparici.com\/wp-content\/uploads\/2025\/08\/cparici-2025-08-07T072013.660-18x6.jpg 18w, https:\/\/cparici.com\/wp-content\/uploads\/2025\/08\/cparici-2025-08-07T072013.660-590x208.jpg 590w, https:\/\/cparici.com\/wp-content\/uploads\/2025\/08\/cparici-2025-08-07T072013.660-1200x424.jpg 1200w, https:\/\/cparici.com\/wp-content\/uploads\/2025\/08\/cparici-2025-08-07T072013.660-577x204.jpg 577w, https:\/\/cparici.com\/wp-content\/uploads\/2025\/08\/cparici-2025-08-07T072013.660-600x212.jpg 600w\" sizes=\"(max-width: 1500px) 100vw, 1500px\" \/>\t\t\t\t\t\t\t\t\t\t\t\t\t\t\t<\/div>\n\t\t\t\t<\/div>\n\t\t<aside class=\"elementor-element elementor-element-2235a3e e-flex e-con-boxed e-con e-parent\" data-id=\"2235a3e\" data-element_type=\"container\" data-e-type=\"container\">\n\t\t\t\t\t<div class=\"e-con-inner\">\n\t\t\t\t<div class=\"elementor-element elementor-element-9c448e6 elementor-widget elementor-widget-global elementor-global-62046 elementor-widget-eael-advanced-search\" data-id=\"9c448e6\" data-element_type=\"widget\" data-e-type=\"widget\" data-widget_type=\"eael-advanced-search.default\">\n\t\t\t\t\t        <div class=\"eael-adv-search-wrapper\">\n            <div id=\"eael-advanced-search-widget-9c448e6\" class=\"eael-advanced-search-widget\">\n                <form data-settings=\"{&quot;post_per_page&quot;:5,&quot;search_among_taxonomies&quot;:&quot;&quot;,&quot;search_among_sku&quot;:&quot;no&quot;,&quot;show_popular_keyword&quot;:0,&quot;show_category&quot;:0,&quot;show_content_image&quot;:1,&quot;show_search_result_all_results&quot;:0,&quot;result_on_new_tab&quot;:&quot;no&quot;,&quot;show_product_price&quot;:&quot;no&quot;,&quot;include_current_page&quot;:&quot;no&quot;,&quot;current_post_id&quot;:69021,&quot;post_type&quot;:[&quot;post&quot;,&quot;listing&quot;]}\" method=\"POST\" name=\"eael-advanced-search-form-9c448e6\" class=\"eael-advanced-search-form eael-advanced-search-form-style-2\">\n                    <div class=\"eael-advanced-search-wrap\">\n                        <span class=\"eael-adv-search-loader\"><\/span>\n                        <span class=\"eael-adv-search-close\"><i class=\"fas fa-times\"><\/i><\/span>\n                        <span class=\"icon \"><i class=\"fas fa-search\"><\/i><\/span>\n\n                        <input type=\"text\"\n                               placeholder=\"Votre destination\"\n                               class=\"eael-advanced-search\" autocomplete=\"off\" name=\"eael_advanced_search\">\n                    <\/div>\n\t\t\t\t\t                                    <\/form>\n\n\t\t\t\t\n\t\t\t\t        <div class=\"eael-advanced-search-result\">\n            <div class=\"eael-advanced-search-popular-keyword\">\n\t\t\t\t<h4 class=\"eael-advanced-search-popular-keyword-text\">Recherches populaires<\/h4>                <div class=\"eael-popular-keyword-content\"><\/div>\n            <\/div>\n            <div class=\"eael-advanced-search-category\">\n\t\t\t\t<h4 class=\"eael-advanced-search-category-text\">Categories<\/h4>                <div class=\"eael-popular-category-content\"><\/div>\n            <\/div>\n\t\t\t<div class=\"eael-advanced-search-total-results-section\">\n\t\t\t\t\t\t\t<\/div>\n            <div class=\"eael-advanced-search-content eael-item-style-3\">\n            <\/div>\n            <div class=\"eael-advanced-search-not-found\">\n                <p>Pas de r\u00e9sultats<\/p><\/div>\n            <div class=\"eael-advanced-search-load-more\">\n\t\t\t\t<a \tclass=\"eael-advanced-search-load-more-button\"\n                \thref=\"#\">Voir tous les r\u00e9sultats<\/a>\n            <\/div>\n        <\/div>\n\n\t\t            <\/div>\n        <\/div>\n\n\t\t\t\t\t\t<\/div>\n\t\t\t\t\t<\/div>\n\t\t\t\t<\/aside>\n\t\t<div class=\"elementor-element elementor-element-1a306066 e-flex e-con-boxed e-con e-parent\" data-id=\"1a306066\" data-element_type=\"container\" data-e-type=\"container\">\n\t\t\t\t\t<div class=\"e-con-inner\">\n\t\t\t\t<div class=\"elementor-element elementor-element-44a5dceb elementor-widget elementor-widget-text-editor\" data-id=\"44a5dceb\" data-element_type=\"widget\" data-e-type=\"widget\" data-widget_type=\"text-editor.default\">\n\t\t\t\t\t\t\t\t\t<h1 style=\"text-align: center;\" data-start=\"208\" data-end=\"666\"><strong data-start=\"211\" data-end=\"235\">Ch\u00e2teau de Chantilly<\/strong><\/h1>\r\n<p data-start=\"208\" data-end=\"666\">Le <strong data-start=\"211\" data-end=\"235\">Ch\u00e2teau de Chantilly<\/strong> est l\u2019un des plus beaux exemples de l\u2019<a href=\"https:\/\/cparici.com\/histoire-de-larchitecture-en-france\/\">architecture<\/a> et de l\u2019art de vivre \u00e0 la fran\u00e7aise. Situ\u00e9 dans l\u2019<a href=\"https:\/\/cparici.com\/oise\/\">Oise<\/a>, \u00e0 une cinquantaine de kilom\u00e8tres au nord de <a href=\"https:\/\/cparici.com\/paris\/\">Paris<\/a>, ce domaine majestueux s\u00e9duit chaque ann\u00e9e des centaines de milliers de visiteurs. Entre son histoire riche, son mus\u00e9e exceptionnel, ses <strong data-start=\"530\" data-end=\"556\">jardins \u00e0 la fran\u00e7aise<\/strong>, et ses \u00e9curies monumentales, le site offre une immersion dans plusieurs si\u00e8cles de patrimoine et de culture.<\/p>\r\n<p data-start=\"668\" data-end=\"1170\">Appartenant aujourd\u2019hui \u00e0 l\u2019Institut de France, le <strong data-start=\"719\" data-end=\"743\">Ch\u00e2teau de Chantilly<\/strong> t\u00e9moigne du go\u00fbt raffin\u00e9 de ses propri\u00e9taires successifs, notamment les princes de Cond\u00e9 et le duc d\u2019Aumale. Il abrite aujourd\u2019hui l\u2019un des <a href=\"https:\/\/cparici.com\/musees-en-france\/\">plus beaux mus\u00e9es de France<\/a>, rivalisant avec les plus grandes institutions parisiennes, mais dans un cadre paisible et verdoyant. L\u2019ensemble du domaine est entour\u00e9 par un vaste parc, ponctu\u00e9 de plans d\u2019eau, de sculptures, de pavillons et de jardins th\u00e9matiques, con\u00e7us pour \u00e9merveiller.<\/p>\r\n<p data-start=\"1172\" data-end=\"1576\">En le visitant, on explore non seulement un monument unique, mais aussi tout un pan <strong data-start=\"1256\" data-end=\"1267\">du pays<\/strong> \u00e0 travers son patrimoine artistique, paysager et \u00e9questre. Ce joyau m\u00e9connu en dehors des circuits touristiques classiques m\u00e9rite toute votre attention. Que vous soyez passionn\u00e9 d\u2019histoire, amateur d\u2019art ou amoureux de la nature, le <strong data-start=\"1501\" data-end=\"1525\">Ch\u00e2teau de Chantilly<\/strong> vous offre une exp\u00e9rience compl\u00e8te et inoubliable.<\/p>\r\n\r\n<h2 data-start=\"71\" data-end=\"129\">Le Ch\u00e2teau de Chantilly : un monument charg\u00e9 d\u2019histoire<\/h2>\r\n<p data-start=\"131\" data-end=\"527\">Le <strong data-start=\"134\" data-end=\"158\">Ch\u00e2teau de Chantilly<\/strong> ne se r\u00e9sume pas \u00e0 sa beaut\u00e9 architecturale : il est aussi le t\u00e9moin de pr\u00e8s de 800 ans d\u2019histoire. De ses origines f\u00e9odales \u00e0 sa reconstruction au XIX\u1d49 si\u00e8cle, le site a \u00e9t\u00e9 fa\u00e7onn\u00e9 par les plus grandes familles aristocratiques de France. Chaque \u00e9poque y a laiss\u00e9 une empreinte forte, contribuant \u00e0 faire de ce domaine un v\u00e9ritable symbole du <strong data-start=\"503\" data-end=\"526\">patrimoine fran\u00e7ais<\/strong>.<\/p>\r\n<p data-start=\"131\" data-end=\"527\"><a href=\"https:\/\/cparici.com\/wp-content\/uploads\/2025\/08\/cparici-2025-08-07T072612.689.jpg\"><img decoding=\"async\" class=\"aligncenter wp-image-69023 size-full\" src=\"https:\/\/cparici.com\/wp-content\/uploads\/2025\/08\/cparici-2025-08-07T072612.689.jpg\" alt=\"Ch\u00e2teau de Chantilly\" width=\"1500\" height=\"530\" srcset=\"https:\/\/cparici.com\/wp-content\/uploads\/2025\/08\/cparici-2025-08-07T072612.689.jpg 1500w, https:\/\/cparici.com\/wp-content\/uploads\/2025\/08\/cparici-2025-08-07T072612.689-300x106.jpg 300w, https:\/\/cparici.com\/wp-content\/uploads\/2025\/08\/cparici-2025-08-07T072612.689-1024x362.jpg 1024w, https:\/\/cparici.com\/wp-content\/uploads\/2025\/08\/cparici-2025-08-07T072612.689-768x271.jpg 768w, https:\/\/cparici.com\/wp-content\/uploads\/2025\/08\/cparici-2025-08-07T072612.689-18x6.jpg 18w, https:\/\/cparici.com\/wp-content\/uploads\/2025\/08\/cparici-2025-08-07T072612.689-590x208.jpg 590w, https:\/\/cparici.com\/wp-content\/uploads\/2025\/08\/cparici-2025-08-07T072612.689-1200x424.jpg 1200w, https:\/\/cparici.com\/wp-content\/uploads\/2025\/08\/cparici-2025-08-07T072612.689-577x204.jpg 577w, https:\/\/cparici.com\/wp-content\/uploads\/2025\/08\/cparici-2025-08-07T072612.689-600x212.jpg 600w\" sizes=\"(max-width: 1500px) 100vw, 1500px\" \/><\/a><\/p>\r\n\r\n<h3 data-start=\"529\" data-end=\"578\">Origines m\u00e9di\u00e9vales et familles fondatrices<\/h3>\r\n<p data-start=\"579\" data-end=\"1022\">Le premier ch\u00e2teau fort de Chantilly est construit au Moyen \u00c2ge, au XIII\u1d49 si\u00e8cle, par la famille des Bouteiller de Senlis. Il est mentionn\u00e9 pour la premi\u00e8re fois en 1221. Cette structure d\u00e9fensive est ensuite remplac\u00e9e par un manoir plus raffin\u00e9 au XIV\u1d49 si\u00e8cle, sous l\u2019\u00e9gide de Pierre d\u2019Orgemont, chancelier de France sous Charles V. Ce dernier fit \u00e9riger un ch\u00e2teau sur une \u00eele entour\u00e9e de douves, pr\u00e9figurant l\u2019implantation actuelle du site.<\/p>\r\n\r\n<h3 data-start=\"1024\" data-end=\"1088\">La p\u00e9riode des Montmorency et la cr\u00e9ation du Petit Ch\u00e2teau<\/h3>\r\n<p data-start=\"1089\" data-end=\"1551\">Au XVI\u1d49 si\u00e8cle, la prestigieuse famille de Montmorency h\u00e9rite du domaine. Anne de Montmorency, compagnon d\u2019armes de Fran\u00e7ois Ier et conn\u00e9table de France, transforme Chantilly en une demeure de plaisance. Il commande la construction du <strong data-start=\"1324\" data-end=\"1341\">Petit Ch\u00e2teau<\/strong>, \u00e9difi\u00e9 entre 1538 et 1551 par l\u2019architecte Jean Bullant dans le style Renaissance. Ce b\u00e2timent est encore visible aujourd\u2019hui et constitue l\u2019un des rares t\u00e9moignages de cette \u00e9poque conserv\u00e9s dans le domaine.<\/p>\r\n\r\n<h3 data-start=\"1553\" data-end=\"1595\">L\u2019\u00e2ge d\u2019or sous les princes de Cond\u00e9<\/h3>\r\n<p data-start=\"1596\" data-end=\"2181\">\u00c0 la fin du XVI\u1d49 si\u00e8cle, le <strong data-start=\"1624\" data-end=\"1648\">Ch\u00e2teau de Chantilly<\/strong> passe par alliance aux mains des princes de Cond\u00e9, branche cadette des Bourbons. C\u2019est surtout au XVII\u1d49 si\u00e8cle, sous le r\u00e8gne du <strong data-start=\"1778\" data-end=\"1793\">Grand Cond\u00e9<\/strong>, que le ch\u00e2teau conna\u00eet son apog\u00e9e. C\u00e9l\u00e8bre chef militaire et m\u00e9c\u00e8ne, il transforme Chantilly en un haut lieu de la vie culturelle et intellectuelle. Il fait appel \u00e0 <strong data-start=\"1960\" data-end=\"1978\">Andr\u00e9 Le N\u00f4tre<\/strong>, le jardinier de Louis XIV, pour concevoir un parc somptueux, et \u00e0 des artistes renomm\u00e9s pour d\u00e9corer le ch\u00e2teau. Moli\u00e8re, La Fontaine ou encore Bossuet fr\u00e9quentent alors la cour fastueuse de Chantilly.<\/p>\r\n\r\n<h3 data-start=\"2183\" data-end=\"2238\">Reconstruction par le duc d\u2019Aumale au XIX\u1d49 si\u00e8cle<\/h3>\r\n<p data-start=\"2239\" data-end=\"2801\">Au fil des si\u00e8cles, le ch\u00e2teau subit les affres de l\u2019histoire. Pendant la R\u00e9volution fran\u00e7aise, il est en grande partie d\u00e9truit. Il faut attendre le XIX\u1d49 si\u00e8cle pour qu\u2019il renaisse de ses cendres gr\u00e2ce \u00e0 Henri d\u2019Orl\u00e9ans, <strong data-start=\"2460\" data-end=\"2476\">duc d\u2019Aumale<\/strong>, h\u00e9ritier des Cond\u00e9. Exil\u00e9 sous la Monarchie de Juillet, il d\u00e9die sa vie \u00e0 restaurer le domaine. Entre 1875 et 1882, il fait reconstruire le Grand Ch\u00e2teau dans un style n\u00e9o-Renaissance, confiant les travaux \u00e0 l\u2019architecte Honor\u00e9 Daumet. Passionn\u00e9 d\u2019art, il y installe sa prodigieuse collection, qui deviendra le mus\u00e9e Cond\u00e9.<\/p>\r\n<p data-start=\"2803\" data-end=\"3189\">Avant sa mort, le duc d\u2019Aumale l\u00e8gue le <strong data-start=\"2843\" data-end=\"2867\">Ch\u00e2teau de Chantilly<\/strong> \u00e0 l\u2019Institut de France, \u00e0 condition que le site reste ouvert au public et que ses collections ne puissent jamais \u00eatre pr\u00eat\u00e9es. Gr\u00e2ce \u00e0 cette donation, le domaine est aujourd\u2019hui l\u2019un des rares mus\u00e9es fran\u00e7ais dont l\u2019organisation est rest\u00e9e inchang\u00e9e depuis le XIX\u1d49 si\u00e8cle, conservant ainsi son charme et son authenticit\u00e9.<\/p>\r\n\r\n<h2 data-start=\"54\" data-end=\"108\">Le mus\u00e9e Cond\u00e9 : tr\u00e9sor artistique unique en France<\/h2>\r\n<p data-start=\"110\" data-end=\"574\">Le <strong data-start=\"113\" data-end=\"137\">Ch\u00e2teau de Chantilly<\/strong> abrite le <strong data-start=\"148\" data-end=\"163\">mus\u00e9e Cond\u00e9<\/strong>, consid\u00e9r\u00e9 comme l\u2019une des plus importantes collections d\u2019art en France, juste apr\u00e8s le Louvre pour les peintures anciennes. Cr\u00e9\u00e9 par le duc d\u2019Aumale, ce mus\u00e9e est un joyau en soi, aussi bien pour la richesse de ses \u0153uvres que pour sa pr\u00e9sentation rest\u00e9e inchang\u00e9e depuis le XIX\u1d49 si\u00e8cle. Chaque salle raconte une histoire, et le mus\u00e9e constitue une plong\u00e9e fascinante dans l\u2019univers des grands collectionneurs.<\/p>\r\n\r\n<h3 data-start=\"576\" data-end=\"628\">Peintures : chefs-d\u2019\u0153uvre italiens et fran\u00e7ais<\/h3>\r\n<p data-start=\"629\" data-end=\"1157\">Le c\u0153ur du <strong data-start=\"640\" data-end=\"655\">mus\u00e9e Cond\u00e9<\/strong> est constitu\u00e9 d\u2019une exceptionnelle galerie de peintures. On y trouve des toiles majeures de la <strong data-start=\"751\" data-end=\"776\">Renaissance italienne<\/strong>, comme celles de <strong data-start=\"794\" data-end=\"805\">Rapha\u00ebl<\/strong>, <strong data-start=\"807\" data-end=\"823\">Fra Angelico<\/strong>, <strong data-start=\"825\" data-end=\"839\">Botticelli<\/strong>, ou encore <strong data-start=\"851\" data-end=\"870\">Filippino Lippi<\/strong>. L\u2019\u00e9cole fran\u00e7aise est \u00e9galement \u00e0 l\u2019honneur avec des \u0153uvres de <strong data-start=\"935\" data-end=\"954\">Nicolas Poussin<\/strong>, <strong data-start=\"956\" data-end=\"975\">Antoine Watteau<\/strong>, <strong data-start=\"977\" data-end=\"987\">Ingres<\/strong>, <strong data-start=\"989\" data-end=\"1002\">Delacroix<\/strong> et bien d\u2019autres. La mise en sc\u00e8ne d\u2019\u00e9poque, dans de luxueuses galeries et salons tapiss\u00e9s de rouge, permet une immersion totale dans l\u2019art et l\u2019histoire.<\/p>\r\n<p data-start=\"1159\" data-end=\"1535\">Ce qui distingue le mus\u00e9e Cond\u00e9 des autres institutions, c\u2019est la densit\u00e9 et la qualit\u00e9 exceptionnelle de ses \u0153uvres, r\u00e9unies par un seul homme, le duc d\u2019Aumale, reconnu comme l\u2019un des plus grands collectionneurs du XIX\u1d49 si\u00e8cle. Chaque tableau est pr\u00e9sent\u00e9 dans son cadre d\u2019origine, tel que le souhaitait le fondateur, dans un respect absolu de la mus\u00e9ographie du XIX\u1d49 si\u00e8cle.<\/p>\r\n\r\n<h3 data-start=\"1537\" data-end=\"1580\">Manuscrits et tr\u00e9sors bibliophiliques<\/h3>\r\n<p data-start=\"1581\" data-end=\"2019\">Au-del\u00e0 des tableaux, le mus\u00e9e poss\u00e8de une collection exceptionnelle de <strong data-start=\"1653\" data-end=\"1675\">manuscrits anciens<\/strong> et d\u2019ouvrages rares. Parmi les 1\u202f500 manuscrits recens\u00e9s, les <strong data-start=\"1738\" data-end=\"1776\">Tr\u00e8s Riches Heures du duc de Berry<\/strong> occupent une place centrale. Ce livre d\u2019heures enlumin\u00e9, r\u00e9alis\u00e9 au XVe si\u00e8cle par les fr\u00e8res de Limbourg, est consid\u00e9r\u00e9 comme l\u2019un des plus beaux manuscrits m\u00e9di\u00e9vaux au monde. Il attire chaque ann\u00e9e de nombreux chercheurs et amateurs d\u2019art.<\/p>\r\n<p data-start=\"2021\" data-end=\"2323\">La biblioth\u00e8que du ch\u00e2teau compte \u00e9galement environ <strong data-start=\"2073\" data-end=\"2101\">17\u202f500 ouvrages imprim\u00e9s<\/strong>, dont certains exemplaires uniques, comme des \u00e9ditions rares de classiques litt\u00e9raires ou des trait\u00e9s scientifiques anciens. Ces collections font du <strong data-start=\"2251\" data-end=\"2275\">Ch\u00e2teau de Chantilly<\/strong> un haut lieu de la <strong data-start=\"2295\" data-end=\"2311\">bibliophilie<\/strong> europ\u00e9enne.<\/p>\r\n\r\n<h3 data-start=\"2325\" data-end=\"2364\">Un mus\u00e9e rest\u00e9 fig\u00e9 dans le temps<\/h3>\r\n<p data-start=\"2365\" data-end=\"2845\">L\u2019unicit\u00e9 du mus\u00e9e Cond\u00e9 au Ch\u00e2teau de Chantilly tient aussi \u00e0 son <strong data-start=\"2408\" data-end=\"2440\">statut juridique particulier<\/strong> : le legs du duc d\u2019Aumale \u00e0 l\u2019Institut de France interdit tout pr\u00eat d\u2019\u0153uvres ou r\u00e9am\u00e9nagement des salles. Cela signifie que le mus\u00e9e est fig\u00e9 tel qu\u2019il l\u2019\u00e9tait en 1898, offrant une exp\u00e9rience historique unique. Contrairement aux mus\u00e9es modernes, les visiteurs ne verront ni \u00e9crans ni installations num\u00e9riques : tout est con\u00e7u pour respecter l\u2019authenticit\u00e9 de la pr\u00e9sentation voulue par le collectionneur.<\/p>\r\n\r\n<h2 data-start=\"62\" data-end=\"127\">Les jardins du Ch\u00e2teau de Chantilly : chef-d\u2019\u0153uvre de Le N\u00f4tre<\/h2>\r\n<p data-start=\"129\" data-end=\"587\">Les jardins du <strong data-start=\"144\" data-end=\"168\">Ch\u00e2teau de Chantilly<\/strong> comptent parmi les plus beaux exemples du <strong data-start=\"211\" data-end=\"236\">jardin \u00e0 la fran\u00e7aise<\/strong>. Con\u00e7us au XVII\u1d49 si\u00e8cle par <strong data-start=\"265\" data-end=\"283\">Andr\u00e9 Le N\u00f4tre<\/strong>, le c\u00e9l\u00e8bre jardinier du roi Louis XIV, ils illustrent \u00e0 merveille l\u2019art de modeler la nature selon des principes g\u00e9om\u00e9triques, esth\u00e9tiques et symboliques. Le parc de Chantilly, qui s\u2019\u00e9tend sur plus de 115 hectares, est un v\u00e9ritable mus\u00e9e \u00e0 ciel ouvert o\u00f9 se m\u00ealent nature, architecture et art paysager.<\/p>\r\n\r\n\r\n<figure id=\"attachment_69025\" aria-describedby=\"caption-attachment-69025\" style=\"width: 1500px\" class=\"wp-caption aligncenter\"><a href=\"https:\/\/cparici.com\/wp-content\/uploads\/2025\/08\/cparici-2025-08-07T073416.401.jpg\"><img decoding=\"async\" class=\"wp-image-69025 size-full\" src=\"https:\/\/cparici.com\/wp-content\/uploads\/2025\/08\/cparici-2025-08-07T073416.401.jpg\" alt=\"Jardins du Ch\u00e2teau de Chantilly\" width=\"1500\" height=\"530\" srcset=\"https:\/\/cparici.com\/wp-content\/uploads\/2025\/08\/cparici-2025-08-07T073416.401.jpg 1500w, https:\/\/cparici.com\/wp-content\/uploads\/2025\/08\/cparici-2025-08-07T073416.401-300x106.jpg 300w, https:\/\/cparici.com\/wp-content\/uploads\/2025\/08\/cparici-2025-08-07T073416.401-1024x362.jpg 1024w, https:\/\/cparici.com\/wp-content\/uploads\/2025\/08\/cparici-2025-08-07T073416.401-768x271.jpg 768w, https:\/\/cparici.com\/wp-content\/uploads\/2025\/08\/cparici-2025-08-07T073416.401-18x6.jpg 18w, https:\/\/cparici.com\/wp-content\/uploads\/2025\/08\/cparici-2025-08-07T073416.401-590x208.jpg 590w, https:\/\/cparici.com\/wp-content\/uploads\/2025\/08\/cparici-2025-08-07T073416.401-1200x424.jpg 1200w, https:\/\/cparici.com\/wp-content\/uploads\/2025\/08\/cparici-2025-08-07T073416.401-577x204.jpg 577w, https:\/\/cparici.com\/wp-content\/uploads\/2025\/08\/cparici-2025-08-07T073416.401-600x212.jpg 600w\" sizes=\"(max-width: 1500px) 100vw, 1500px\" \/><\/a><figcaption id=\"caption-attachment-69025\" class=\"wp-caption-text\">Jardins du Ch\u00e2teau de Chantilly<\/figcaption><\/figure>\r\n<h3 data-start=\"589\" data-end=\"645\">Composition classique et perspectives majestueuses<\/h3>\r\n<p data-start=\"646\" data-end=\"976\">Le jardin imagin\u00e9 par <strong data-start=\"668\" data-end=\"680\">Le N\u00f4tre<\/strong> pour le Grand Cond\u00e9 respecte les codes du classicisme : sym\u00e9trie parfaite, all\u00e9es rectilignes, grands axes de perspective, bassins miroitants et parterres fleuris. Depuis la terrasse du ch\u00e2teau, le regard s\u2019\u00e9tend sur un paysage grandiose, structur\u00e9 autour d\u2019un axe central menant vers l\u2019horizon.<\/p>\r\n\r\n<h3 data-start=\"1291\" data-end=\"1341\">Parterres, miroirs d\u2019eau et effets d\u2019optique<\/h3>\r\n<p data-start=\"1342\" data-end=\"1770\">Le <strong data-start=\"1345\" data-end=\"1369\">Ch\u00e2teau de Chantilly<\/strong> se distingue aussi par la richesse de ses <strong data-start=\"1412\" data-end=\"1436\">parterres d\u00e9coratifs<\/strong>, orn\u00e9s de motifs complexes r\u00e9alis\u00e9s avec des buis, des fleurs et du sable color\u00e9. Ces compositions sont typiques des jardins de Le N\u00f4tre, qui jouait sur les contrastes de textures et les effets d\u2019optique pour impressionner les visiteurs. Les grands miroirs d\u2019eau refl\u00e8tent les fa\u00e7ades du ch\u00e2teau et accentuent la sym\u00e9trie du paysage.<\/p>\r\n\r\n<h3 data-start=\"2029\" data-end=\"2090\">Le Hameau de Chantilly : entre rusticit\u00e9 et raffinement<\/h3>\r\n<p data-start=\"2091\" data-end=\"2523\">Cr\u00e9\u00e9 en 1774 pour Louis Joseph de Bourbon, le <strong data-start=\"2137\" data-end=\"2160\">Hameau de Chantilly<\/strong> s\u2019inspire du go\u00fbt du XVIII\u1d49 si\u00e8cle pour les constructions rustiques \u00e0 l\u2019apparence champ\u00eatre. Compos\u00e9 de plusieurs chaumi\u00e8res, il \u00e9voque un village pastoral mais cache en r\u00e9alit\u00e9 des int\u00e9rieurs luxueusement d\u00e9cor\u00e9s. Ce contraste entre simplicit\u00e9 ext\u00e9rieure et sophistication int\u00e9rieure refl\u00e8te l\u2019esth\u00e9tique de l\u2019\u00e9poque, sensible \u00e0 l\u2019<strong data-start=\"2493\" data-end=\"2522\">id\u00e9al de nature ma\u00eetris\u00e9e<\/strong>.<\/p>\r\n\r\n<h3 data-start=\"2814\" data-end=\"2849\">Un parc aux multiples visages<\/h3>\r\n<p data-start=\"2850\" data-end=\"3237\">Outre les jardins \u00e0 la fran\u00e7aise, le <strong data-start=\"3411\" data-end=\"3435\">Ch\u00e2teau de Chantilly<\/strong> comprend \u00e9galement des <strong data-start=\"2918\" data-end=\"2943\">jardins anglo-chinois<\/strong> et des <strong data-start=\"2951\" data-end=\"2972\">jardins paysagers<\/strong> ajout\u00e9s aux XVIII\u1d49 et XIX\u1d49 si\u00e8cles. Ces espaces plus libres contrastent avec la rigueur du trac\u00e9 classique, offrant un \u00e9quilibre entre ordre et romantisme. For\u00eats, prairies, \u00eelots bois\u00e9s, canaux secondaires et petits ponts compl\u00e8tent ce tableau vivant et po\u00e9tique.<\/p>\r\n\r\n<h2 data-start=\"82\" data-end=\"146\">Les Grandes \u00c9curies : majest\u00e9 \u00e9questre et traditions vivantes<\/h2>\r\n<p data-start=\"148\" data-end=\"623\">Les <strong data-start=\"152\" data-end=\"195\">Grandes \u00c9curies du Ch\u00e2teau de Chantilly<\/strong> sont bien plus qu\u2019un simple b\u00e2timent pour chevaux : elles incarnent l\u2019\u00e9l\u00e9gance, la puissance et le prestige de la tradition \u00e9questre fran\u00e7aise. Construites au XVIII\u1d49 si\u00e8cle pour les princes de Cond\u00e9, elles forment un ensemble architectural spectaculaire, unique en Europe, o\u00f9 se m\u00ealent art, histoire et passion du cheval. Aujourd\u2019hui, elles accueillent le <strong data-start=\"552\" data-end=\"578\">mus\u00e9e vivant du cheval<\/strong>, v\u00e9ritable r\u00e9f\u00e9rence dans le monde \u00e9questre.<\/p>\r\n\r\n\r\n<figure id=\"attachment_69024\" aria-describedby=\"caption-attachment-69024\" style=\"width: 1500px\" class=\"wp-caption aligncenter\"><a href=\"https:\/\/cparici.com\/wp-content\/uploads\/2025\/08\/cparici-2025-08-07T072955.583.jpg\"><img decoding=\"async\" class=\"wp-image-69024 size-full\" src=\"https:\/\/cparici.com\/wp-content\/uploads\/2025\/08\/cparici-2025-08-07T072955.583.jpg\" alt=\"Grandes \u00e9curies Ch\u00e2teau de Chantilly\" width=\"1500\" height=\"530\" srcset=\"https:\/\/cparici.com\/wp-content\/uploads\/2025\/08\/cparici-2025-08-07T072955.583.jpg 1500w, https:\/\/cparici.com\/wp-content\/uploads\/2025\/08\/cparici-2025-08-07T072955.583-300x106.jpg 300w, https:\/\/cparici.com\/wp-content\/uploads\/2025\/08\/cparici-2025-08-07T072955.583-1024x362.jpg 1024w, https:\/\/cparici.com\/wp-content\/uploads\/2025\/08\/cparici-2025-08-07T072955.583-768x271.jpg 768w, https:\/\/cparici.com\/wp-content\/uploads\/2025\/08\/cparici-2025-08-07T072955.583-18x6.jpg 18w, https:\/\/cparici.com\/wp-content\/uploads\/2025\/08\/cparici-2025-08-07T072955.583-590x208.jpg 590w, https:\/\/cparici.com\/wp-content\/uploads\/2025\/08\/cparici-2025-08-07T072955.583-1200x424.jpg 1200w, https:\/\/cparici.com\/wp-content\/uploads\/2025\/08\/cparici-2025-08-07T072955.583-577x204.jpg 577w, https:\/\/cparici.com\/wp-content\/uploads\/2025\/08\/cparici-2025-08-07T072955.583-600x212.jpg 600w\" sizes=\"(max-width: 1500px) 100vw, 1500px\" \/><\/a><figcaption id=\"caption-attachment-69024\" class=\"wp-caption-text\">Grandes \u00e9curies Ch\u00e2teau de Chantilly<\/figcaption><\/figure>\r\n<h3 data-start=\"625\" data-end=\"676\">Une architecture monumentale pour les princes<\/h3>\r\n<p data-start=\"677\" data-end=\"1080\">\u00c9difi\u00e9es entre 1719 et 1740 par <strong data-start=\"709\" data-end=\"724\">Jean Aubert<\/strong>, architecte de renom, les Grandes \u00c9curies sont con\u00e7ues \u00e0 la mesure de la grandeur princi\u00e8re. Longues de 186 m\u00e8tres, elles s\u2019organisent autour d\u2019une majestueuse rotonde surmont\u00e9e d\u2019un d\u00f4me de 28 m\u00e8tres de haut. Leur construction repose sur une l\u00e9gende : le prince de Cond\u00e9, convaincu de se r\u00e9incarner en cheval, aurait exig\u00e9 des \u00e9curies dignes d\u2019un palais. Enti\u00e8rement construites en pierre de taille, les \u00e9curies pouvaient accueillir jusqu\u2019\u00e0 <strong data-start=\"1168\" data-end=\"1183\">240 chevaux<\/strong> et <strong data-start=\"1187\" data-end=\"1211\">500 chiens de chasse<\/strong>, destin\u00e9s \u00e0 la v\u00e9nerie.<\/p>\r\n\r\n<h3 data-start=\"1409\" data-end=\"1472\">Le mus\u00e9e vivant du cheval : patrimoine \u00e9questre en action<\/h3>\r\n<p data-start=\"1473\" data-end=\"1911\">Depuis 1982, les \u00e9curies abritent le <strong data-start=\"1510\" data-end=\"1536\">mus\u00e9e vivant du cheval<\/strong>, un espace consacr\u00e9 \u00e0 la culture \u00e9questre dans toutes ses dimensions. R\u00e9nov\u00e9 en 2013, ce mus\u00e9e pr\u00e9sente une collection d\u2019objets li\u00e9s au cheval : selles, harnais, costumes, portraits, gravures, outils v\u00e9t\u00e9rinaires, et documents historiques. L\u2019accent est mis sur l\u2019histoire du cheval \u00e0 travers les civilisations, ses usages militaires, agricoles, et bien s\u00fbr, aristocratiques.<\/p>\r\n<p data-start=\"1913\" data-end=\"2275\">Mais le <strong data-start=\"1921\" data-end=\"1945\">Ch\u00e2teau de Chantilly<\/strong> se distingue surtout par le caract\u00e8re <strong data-start=\"1984\" data-end=\"1994\">vivant<\/strong> du mus\u00e9e : des chevaux y sont install\u00e9s en permanence, et les visiteurs peuvent les voir \u00e9voluer dans les man\u00e8ges, les boxes et les paddocks.<\/p>\r\n\r\n<h3 data-start=\"2277\" data-end=\"2317\">Spectacles \u00e9questres et animations<\/h3>\r\n<p data-start=\"2318\" data-end=\"2715\">L\u2019un des moments forts de la visite est sans conteste le <strong data-start=\"2375\" data-end=\"2397\">spectacle \u00e9questre au Ch\u00e2teau de Chantilly<\/strong>, pr\u00e9sent\u00e9 r\u00e9guli\u00e8rement dans le grand d\u00f4me des \u00e9curies. M\u00ealant art \u00e9questre, musique, danse et costumes historiques, ces spectacles mettent en sc\u00e8ne des cavali\u00e8res professionnelles dans des tableaux po\u00e9tiques et \u00e9ducatifs. I<\/p>\r\n\r\n<h3 data-start=\"3052\" data-end=\"3104\">Une immersion compl\u00e8te dans l\u2019univers \u00e9questre<\/h3>\r\n<p data-start=\"3105\" data-end=\"3494\">L\u2019ensemble des activit\u00e9s propos\u00e9es aux <strong data-start=\"3582\" data-end=\"3625\">Grandes \u00c9curies du Ch\u00e2teau de Chantilly <\/strong>permet une <strong data-start=\"3151\" data-end=\"3195\">immersion totale dans le monde du cheval<\/strong>. En famille, en groupe ou en solo, on peut participer \u00e0 des ateliers p\u00e9dagogiques, visiter les \u00e9curies, assister aux r\u00e9p\u00e9titions, et m\u00eame dialoguer avec les soigneurs. Cette interaction fait du domaine un lieu vivant et accessible, loin de l\u2019image fig\u00e9e que l\u2019on peut parfois associer aux ch\u00e2teaux.<\/p>\r\n\r\n<h2 data-start=\"45\" data-end=\"99\">Les expositions et \u00e9v\u00e9nements culturels \u00e0 Chantilly<\/h2>\r\n<p data-start=\"101\" data-end=\"559\">Le <strong data-start=\"104\" data-end=\"128\">Ch\u00e2teau de Chantilly<\/strong> ne se limite pas \u00e0 son patrimoine historique : il s\u2019impose aussi comme un lieu culturel dynamique, en accueillant tout au long de l\u2019ann\u00e9e des <strong data-start=\"271\" data-end=\"298\">expositions temporaires<\/strong>, des <strong data-start=\"304\" data-end=\"330\">\u00e9v\u00e9nements artistiques<\/strong>, des concerts et des manifestations prestigieuses.<\/p>\r\n\r\n<h3 data-start=\"561\" data-end=\"621\">Des expositions prestigieuses dans un cadre historique<\/h3>\r\n<p data-start=\"622\" data-end=\"951\">Chaque ann\u00e9e, les galeries du ch\u00e2teau accueillent des <strong data-start=\"676\" data-end=\"703\">expositions d\u2019envergure.<\/strong><\/p>\r\n<p data-start=\"953\" data-end=\"1562\">En 2024, l\u2019exposition phare est <strong data-start=\"985\" data-end=\"1009\">\u201cBoulle \u00e0 Chantilly\u201d<\/strong>, consacr\u00e9e \u00e0 <strong data-start=\"1023\" data-end=\"1047\">Andr\u00e9-Charles Boulle<\/strong>, \u00e9b\u00e9niste du roi Louis XIV. Cette r\u00e9trospective exceptionnelle r\u00e9unit une cinquantaine de meubles, coffres, pendules et pi\u00e8ces d\u00e9coratives sign\u00e9s de l\u2019artiste, r\u00e9partis dans les <strong data-start=\"1226\" data-end=\"1249\">Grands Appartements<\/strong> du ch\u00e2teau. L\u2019exposition met en lumi\u00e8re la technique de la <strong data-start=\"1309\" data-end=\"1331\">marqueterie Boulle<\/strong>, alliant \u00e9caille de tortue, laiton et bois pr\u00e9cieux, dans un cadre qui \u00e9voque les fastes de la cour de Versailles. Le <strong data-start=\"1450\" data-end=\"1474\">Ch\u00e2teau de Chantilly<\/strong> se positionne ainsi comme un haut lieu de la red\u00e9couverte des arts d\u00e9coratifs fran\u00e7ais.<\/p>\r\n\r\n<h3 data-start=\"1564\" data-end=\"1618\">Un lieu de tournages, d\u00e9fil\u00e9s et culture vivante<\/h3>\r\n<p data-start=\"1619\" data-end=\"1982\">Gr\u00e2ce \u00e0 la richesse de ses d\u00e9cors, le <strong data-start=\"1657\" data-end=\"1681\">Ch\u00e2teau de Chantilly<\/strong> attire aussi le monde du cin\u00e9ma, de la mode et des m\u00e9dias. Plusieurs films et s\u00e9ries y ont \u00e9t\u00e9 tourn\u00e9s, dont <strong data-start=\"1791\" data-end=\"1828\">James Bond : Dangereusement v\u00f4tre<\/strong>, <strong data-start=\"1830\" data-end=\"1858\">L\u2019Homme au masque de fer<\/strong> et, plus r\u00e9cemment, <strong data-start=\"1879\" data-end=\"1895\">The Gray Man<\/strong> sur Netflix. Ces apparitions \u00e0 l\u2019\u00e9cran renforcent la notori\u00e9t\u00e9 internationale du site.<\/p>\r\n<p data-start=\"1984\" data-end=\"2266\">Le domaine a \u00e9galement accueilli des <strong data-start=\"2021\" data-end=\"2049\">d\u00e9fil\u00e9s de haute couture<\/strong>, comme celui de la maison Valentino en 2023, qui a utilis\u00e9 les jardins comme podium naturel. Ces collaborations entre patrimoine et cr\u00e9ation contemporaine participent \u00e0 faire vivre le ch\u00e2teau au rythme de son \u00e9poque.<\/p>\r\n\r\n<h3 data-start=\"2268\" data-end=\"2323\">Festivals, concerts et manifestations artistiques<\/h3>\r\n<p data-start=\"2324\" data-end=\"2665\">Tout au long de l\u2019ann\u00e9e, le domaine organise \u00e9galement des <strong data-start=\"2383\" data-end=\"2416\">concerts de musique classique<\/strong>, des <strong data-start=\"2422\" data-end=\"2446\">festivals de jardins<\/strong>, des <strong data-start=\"2452\" data-end=\"2476\">ateliers artistiques<\/strong> pour enfants, et des rencontres culturelles.<\/p>\r\n\r\n<h3 data-start=\"2954\" data-end=\"3006\">Une programmation pens\u00e9e pour tous les publics<\/h3>\r\n<p data-start=\"3007\" data-end=\"3325\">Le <strong data-start=\"3010\" data-end=\"3034\">Ch\u00e2teau de Chantilly<\/strong> soigne sa m\u00e9diation culturelle en proposant des <strong data-start=\"3083\" data-end=\"3114\">visites guid\u00e9es th\u00e9matiques<\/strong>, des conf\u00e9rences, et des <strong data-start=\"3140\" data-end=\"3168\">audioguides multilingues<\/strong>. Les familles peuvent profiter d\u2019activit\u00e9s ludiques comme les <strong data-start=\"3231\" data-end=\"3252\">chasses au tr\u00e9sor<\/strong>, les <strong data-start=\"3258\" data-end=\"3278\">parcours enfants<\/strong> dans les jardins, ou les ateliers de cr\u00e9ation.<\/p>\r\n\r\n<h2 data-start=\"73\" data-end=\"119\">Organiser sa visite au Ch\u00e2teau de Chantilly<\/h2>\r\n<p data-start=\"121\" data-end=\"507\">Pr\u00e9parer une visite au <strong data-start=\"144\" data-end=\"168\">Ch\u00e2teau de Chantilly<\/strong> est l\u2019assurance de vivre une journ\u00e9e riche en d\u00e9couvertes, entre art, nature et patrimoine \u00e9questre. Que vous soyez en famille, entre amis ou en couple, le site propose une exp\u00e9rience immersive dans l\u2019un des plus beaux domaines de France.<\/p>\r\n\r\n<h3 data-start=\"509\" data-end=\"540\">Acc\u00e8s facile depuis Paris<\/h3>\r\n<p data-start=\"541\" data-end=\"945\">Le <strong data-start=\"544\" data-end=\"568\">Ch\u00e2teau de Chantilly<\/strong> est situ\u00e9 \u00e0 environ 50 kilom\u00e8tres au nord de Paris, ce qui en fait une excellente id\u00e9e de <strong data-start=\"659\" data-end=\"682\">sortie \u00e0 la journ\u00e9e<\/strong> depuis la capitale. Il est facilement accessible en <strong data-start=\"735\" data-end=\"744\">train<\/strong> depuis la gare de Paris-Nord jusqu\u2019\u00e0 la gare de <strong data-start=\"793\" data-end=\"815\">Chantilly-Gouvieux<\/strong> (environ 25 minutes de trajet). Depuis la gare, une navette ou une promenade de 20 minutes \u00e0 pied permet de rejoindre le ch\u00e2teau.<\/p>\r\n<p data-start=\"947\" data-end=\"1270\">Pour les automobilistes, l\u2019acc\u00e8s est direct via l\u2019A1 (sortie Senlis ou Chantilly), avec un grand parking \u00e0 disposition \u00e0 proximit\u00e9 du domaine.<\/p>\r\n\r\n<h3 data-start=\"1272\" data-end=\"1308\">Horaires d\u2019ouverture et tarifs<\/h3>\r\n<p data-start=\"1309\" data-end=\"1537\">Le ch\u00e2teau est ouvert tous les jours sauf le mardi. Les horaires varient l\u00e9g\u00e8rement selon la saison, mais le domaine est g\u00e9n\u00e9ralement accessible entre 10h et 18h. Les jardins peuvent parfois rester ouverts plus longtemps en \u00e9t\u00e9.<\/p>\r\n<p data-start=\"1539\" data-end=\"1596\"><strong data-start=\"1539\" data-end=\"1560\">Tarifs indicatifs<\/strong> (\u00e0 v\u00e9rifier sur le site officiel) :<\/p>\r\n\r\n<ul data-start=\"1597\" data-end=\"1797\">\r\n \t<li data-start=\"1597\" data-end=\"1662\">\r\n<p data-start=\"1599\" data-end=\"1662\">Billet complet (ch\u00e2teau + parc + \u00e9curies) : environ 17 \u00e0 20 \u20ac<\/p>\r\n<\/li>\r\n \t<li data-start=\"1663\" data-end=\"1705\">\r\n<p data-start=\"1665\" data-end=\"1705\">Billet parc uniquement : autour de 9 \u20ac<\/p>\r\n<\/li>\r\n \t<li data-start=\"1706\" data-end=\"1797\">\r\n<p data-start=\"1708\" data-end=\"1797\">Gratuit\u00e9 pour les moins de 7 ans et r\u00e9ductions pour les \u00e9tudiants, seniors, groupes, etc.<\/p>\r\n<\/li>\r\n<\/ul>\r\n<p data-start=\"1799\" data-end=\"2067\">Des <strong data-start=\"1803\" data-end=\"1819\">pass famille<\/strong>, des <strong data-start=\"1825\" data-end=\"1847\">cartes de fid\u00e9lit\u00e9<\/strong>, et des <strong data-start=\"1856\" data-end=\"1875\">visites guid\u00e9es<\/strong> (avec ou sans audioguide) sont disponibles \u00e0 la billetterie ou en ligne. Il est recommand\u00e9 de r\u00e9server \u00e0 l\u2019avance, notamment en p\u00e9riode de forte affluence ou lors des expositions temporaires.<\/p>\r\n\r\n<h3 data-start=\"2069\" data-end=\"2093\">Services sur place<\/h3>\r\n<p data-start=\"2094\" data-end=\"2194\">Le <strong data-start=\"2097\" data-end=\"2121\">Ch\u00e2teau de Chantilly<\/strong> dispose de nombreux services pour am\u00e9liorer le confort des visiteurs :<\/p>\r\n\r\n<ul data-start=\"2195\" data-end=\"2605\">\r\n \t<li data-start=\"2195\" data-end=\"2319\">\r\n<p data-start=\"2197\" data-end=\"2319\"><strong data-start=\"2197\" data-end=\"2229\">Restaurants et salons de th\u00e9<\/strong> dans le parc et pr\u00e8s du Hameau, dont certains proposent la fameuse <strong data-start=\"2297\" data-end=\"2316\">cr\u00e8me Chantilly<\/strong>.<\/p>\r\n<\/li>\r\n \t<li data-start=\"2320\" data-end=\"2404\">\r\n<p data-start=\"2322\" data-end=\"2404\"><strong data-start=\"2322\" data-end=\"2343\">Boutique souvenir<\/strong> avec livres, objets d\u2019art, produits gastronomiques locaux.<\/p>\r\n<\/li>\r\n \t<li data-start=\"2451\" data-end=\"2529\">\r\n<p data-start=\"2453\" data-end=\"2529\"><strong data-start=\"2453\" data-end=\"2492\">Location de voiturettes \u00e9lectriques<\/strong>, v\u00e9los, ou barques sur les canaux.<\/p>\r\n<\/li>\r\n \t<li data-start=\"2530\" data-end=\"2605\">\r\n<p data-start=\"2532\" data-end=\"2605\"><strong data-start=\"2532\" data-end=\"2571\">Applications mobiles et audioguides<\/strong> disponibles en plusieurs langues.<\/p>\r\n<\/li>\r\n<\/ul>\r\n<p data-start=\"2607\" data-end=\"2773\">Le domaine est <strong data-start=\"2622\" data-end=\"2669\">accessible aux personnes \u00e0 mobilit\u00e9 r\u00e9duite<\/strong>, bien que certaines zones (jardins historiques, escaliers anciens) puissent poser quelques contraintes.<\/p>\r\n\r\n<h3 data-start=\"2775\" data-end=\"2814\">Conseils pour optimiser la visite<\/h3>\r\n<p data-start=\"2815\" data-end=\"2889\">Pour tirer le meilleur parti de votre visite, voici quelques suggestions :<\/p>\r\n\r\n<ul data-start=\"2890\" data-end=\"3512\">\r\n \t<li data-start=\"2890\" data-end=\"2977\">\r\n<p data-start=\"2892\" data-end=\"2977\"><strong data-start=\"2892\" data-end=\"2909\">Commencez t\u00f4t<\/strong> la journ\u00e9e pour avoir le temps de tout explorer sans pr\u00e9cipitation.<\/p>\r\n<\/li>\r\n \t<li data-start=\"3075\" data-end=\"3173\">\r\n<p data-start=\"3077\" data-end=\"3173\">Combinez la <strong data-start=\"3089\" data-end=\"3114\">visite du mus\u00e9e Cond\u00e9<\/strong> avec un <strong data-start=\"3123\" data-end=\"3145\">spectacle \u00e9questre<\/strong> dans les Grandes \u00c9curies.<\/p>\r\n<\/li>\r\n \t<li data-start=\"3262\" data-end=\"3386\">\r\n<p data-start=\"3264\" data-end=\"3386\">Consultez le programme culturel : des <strong data-start=\"3302\" data-end=\"3353\">animations, concerts ou expositions temporaires<\/strong> peuvent enrichir votre visite.<\/p>\r\n<\/li>\r\n<\/ul>\r\n<p data-start=\"3514\" data-end=\"3730\">Gr\u00e2ce \u00e0 cette organisation bien pens\u00e9e, le <strong data-start=\"3557\" data-end=\"3581\">Ch\u00e2teau de Chantilly<\/strong> devient bien plus qu\u2019une visite de ch\u00e2teau : c\u2019est une <strong data-start=\"3637\" data-end=\"3661\">exp\u00e9rience immersive<\/strong>, m\u00ealant patrimoine, nature, art et loisirs dans un cadre majestueux.<\/p>\r\n\r\n<h2 data-start=\"54\" data-end=\"85\">Que voir autour du domaine ?<\/h2>\r\n<p data-start=\"87\" data-end=\"424\">Si le <strong data-start=\"93\" data-end=\"117\">Ch\u00e2teau de Chantilly<\/strong> constitue \u00e0 lui seul une destination incontournable, ses environs regorgent \u00e9galement de tr\u00e9sors \u00e0 d\u00e9couvrir. La ville de Chantilly et sa r\u00e9gion offrent de nombreuses activit\u00e9s culturelles, naturelles et gastronomiques, id\u00e9ales pour prolonger votre escapade et explorer davantage le patrimoine <strong data-start=\"412\" data-end=\"423\">du pays<\/strong>.<\/p>\r\n\r\n<h3 data-start=\"426\" data-end=\"477\">Le Potager des Princes : nature et traditions<\/h3>\r\n<p data-start=\"478\" data-end=\"765\">Situ\u00e9 \u00e0 quelques pas du ch\u00e2teau, le <strong data-start=\"514\" data-end=\"537\">Potager des Princes<\/strong> est un jardin remarquable, \u00e0 la fois historique et ludique. Cr\u00e9\u00e9 sur l\u2019ancien potager du Grand Cond\u00e9, il a \u00e9t\u00e9 enti\u00e8rement r\u00e9habilit\u00e9 pour devenir un espace d\u00e9di\u00e9 \u00e0 la biodiversit\u00e9, \u00e0 la p\u00e9dagogie et au divertissement familial.<\/p>\r\n<p data-start=\"767\" data-end=\"1088\">On y d\u00e9couvre plus de <strong data-start=\"789\" data-end=\"815\">25 jardins th\u00e9matiques<\/strong>, une <strong data-start=\"821\" data-end=\"841\">ferme animali\u00e8re<\/strong>, un <strong data-start=\"846\" data-end=\"868\">th\u00e9\u00e2tre de verdure<\/strong> ainsi qu\u2019un <strong data-start=\"881\" data-end=\"907\">mus\u00e9e de la basse-cour<\/strong>. C\u2019est l\u2019endroit id\u00e9al pour une promenade relaxante apr\u00e8s la visite du ch\u00e2teau, notamment avec des enfants. Des concerts et animations y sont \u00e9galement organis\u00e9s \u00e0 la belle saison.<\/p>\r\n\r\n<h3 data-start=\"1090\" data-end=\"1139\">La for\u00eat de Chantilly : un \u00e9crin de verdure<\/h3>\r\n<p data-start=\"1140\" data-end=\"1459\">La <strong data-start=\"1143\" data-end=\"1165\">for\u00eat de Chantilly<\/strong>, qui s\u2019\u00e9tend sur plus de 6\u202f000 hectares, entoure le domaine et offre un cadre id\u00e9al pour des <strong data-start=\"1259\" data-end=\"1273\">randonn\u00e9es<\/strong>, balades \u00e0 cheval, \u00e0 v\u00e9lo ou en cal\u00e8che. Ce massif forestier abrite une faune et une flore riches, des \u00e9tangs, des all\u00e9es cavali\u00e8res historiques et plusieurs points de vue pittoresques.<\/p>\r\n<p data-start=\"1461\" data-end=\"1677\">Les amateurs de plein air y trouveront un v\u00e9ritable havre de paix, accessible \u00e0 tous les niveaux. C\u2019est aussi un haut lieu de <strong data-start=\"1587\" data-end=\"1606\">chasse \u00e0 courre<\/strong> et de traditions \u00e9questres, en lien direct avec l\u2019histoire du ch\u00e2teau.<\/p>\r\n\r\n<h3 data-start=\"1679\" data-end=\"1725\">Les \u00e9curies priv\u00e9es et le monde hippique<\/h3>\r\n<p data-start=\"1726\" data-end=\"1979\">Chantilly est souvent surnomm\u00e9e la <strong data-start=\"1761\" data-end=\"1783\">capitale du cheval<\/strong>. En dehors des Grandes \u00c9curies, la ville compte plus de <strong data-start=\"1840\" data-end=\"1867\">2\u202f500 chevaux de course<\/strong> et une cinquantaine d\u2019\u00e9curies priv\u00e9es. Le centre d\u2019entra\u00eenement hippique est l\u2019un des plus importants d\u2019Europe.<\/p>\r\n<p data-start=\"1981\" data-end=\"2290\">Pour les passionn\u00e9s, il est possible de visiter certains \u00e9tablissements, d\u2019assister \u00e0 des <strong data-start=\"2071\" data-end=\"2092\">courses hippiques<\/strong> \u00e0 l\u2019hippodrome de Chantilly, ou m\u00eame de r\u00e9server une initiation \u00e0 l\u2019\u00e9quitation aupr\u00e8s de clubs locaux. Ce lien profond entre la ville et le cheval donne \u00e0 Chantilly une atmosph\u00e8re unique en France.<\/p>\r\n\r\n<h3 data-start=\"2292\" data-end=\"2335\">Ch\u00e2teau de Chantilly, H\u00e9bergements et restaurants de charme<\/h3>\r\n<p data-start=\"2336\" data-end=\"2652\">Apr\u00e8s une journ\u00e9e bien remplie, Chantilly propose une gamme vari\u00e9e d\u2019h\u00e9bergements, allant des h\u00f4tels de luxe comme le <strong data-start=\"2454\" data-end=\"2482\">Grand Pavillon Chantilly<\/strong>, aux chambres d\u2019h\u00f4tes plus intimistes. Certains \u00e9tablissements offrent des <strong data-start=\"2558\" data-end=\"2600\">forfaits incluant la visite du ch\u00e2teau<\/strong>, des soins bien-\u00eatre, ou des d\u00eeners gastronomiques.<\/p>\r\n<p data-start=\"2654\" data-end=\"2911\">C\u00f4t\u00e9 gastronomie, plusieurs restaurants valorisent les produits du terroir, la <strong data-start=\"2733\" data-end=\"2769\">cuisine fran\u00e7aise traditionnelle<\/strong>, et bien s\u00fbr la <strong data-start=\"2786\" data-end=\"2805\">cr\u00e8me Chantilly<\/strong>. On y trouve aussi des adresses plus contemporaines, offrant une cuisine inventive dans un cadre \u00e9l\u00e9gant.<\/p>\r\n\r\n<h2 data-start=\"75\" data-end=\"125\">Foire aux questions sur le Ch\u00e2teau de Chantilly<\/h2>\r\n<h3 data-start=\"127\" data-end=\"173\">Pourquoi visiter le Ch\u00e2teau de Chantilly ?<\/h3>\r\n<p data-start=\"174\" data-end=\"459\">Le <strong data-start=\"177\" data-end=\"201\">Ch\u00e2teau de Chantilly<\/strong> est l\u2019un des sites les plus complets de France, r\u00e9unissant un <strong data-start=\"264\" data-end=\"286\">ch\u00e2teau historique<\/strong>, un <strong data-start=\"291\" data-end=\"319\">mus\u00e9e d\u2019art exceptionnel<\/strong>, des <strong data-start=\"325\" data-end=\"344\">jardins class\u00e9s<\/strong>, et un <strong data-start=\"352\" data-end=\"378\">mus\u00e9e vivant du cheval<\/strong>. C\u2019est une exp\u00e9rience culturelle et naturelle unique \u00e0 seulement 50 km de Paris.<\/p>\r\n\r\n<h3 data-start=\"461\" data-end=\"519\">Quel est le lien entre le duc d\u2019Aumale et le ch\u00e2teau ?<\/h3>\r\n<p data-start=\"520\" data-end=\"793\">Henri d\u2019Orl\u00e9ans, duc d\u2019Aumale, h\u00e9rita du domaine au XIX\u1d49 si\u00e8cle. Il fit reconstruire le <strong data-start=\"608\" data-end=\"625\">Grand Ch\u00e2teau<\/strong>, y installa ses collections d\u2019art, et l\u00e9gua l\u2019ensemble \u00e0 l\u2019Institut de France. Sans lui, le <strong data-start=\"718\" data-end=\"742\">Ch\u00e2teau de Chantilly<\/strong> n\u2019existerait pas tel qu\u2019on le conna\u00eet aujourd\u2019hui.<\/p>\r\n\r\n<h3 data-start=\"795\" data-end=\"832\">Que peut-on voir au mus\u00e9e Cond\u00e9 ?<\/h3>\r\n<p data-start=\"833\" data-end=\"1112\">Le <strong data-start=\"836\" data-end=\"851\">mus\u00e9e Cond\u00e9<\/strong>, situ\u00e9 dans le ch\u00e2teau, pr\u00e9sente des \u0153uvres majeures de <strong data-start=\"908\" data-end=\"919\">Rapha\u00ebl<\/strong>, <strong data-start=\"921\" data-end=\"932\">Watteau<\/strong>, <strong data-start=\"934\" data-end=\"945\">Poussin<\/strong>, ainsi que des <strong data-start=\"961\" data-end=\"984\">manuscrits pr\u00e9cieux<\/strong> comme les Tr\u00e8s Riches Heures du duc de Berry. C\u2019est une collection unique, conserv\u00e9e dans sa disposition d\u2019origine depuis 1898.<\/p>\r\n\r\n<h3 data-start=\"1114\" data-end=\"1155\">Peut-on visiter les Grandes \u00c9curies du Ch\u00e2teau de Chantilly?<\/h3>\r\n<p data-start=\"1156\" data-end=\"1409\">Oui, les <strong data-start=\"1165\" data-end=\"1184\">Grandes \u00c9curies<\/strong> abritent le <strong data-start=\"1197\" data-end=\"1223\">mus\u00e9e vivant du cheval<\/strong>. On peut y voir des expositions, des spectacles \u00e9questres, et observer les chevaux dans leurs \u00e9curies. C\u2019est une visite incontournable pour les passionn\u00e9s d\u2019\u00e9quitation et de patrimoine.<\/p>\r\n\r\n<h3 data-start=\"1411\" data-end=\"1453\">Le domaine est-il adapt\u00e9 aux enfants ?<\/h3>\r\n<p data-start=\"1454\" data-end=\"1670\">Absolument. Le <strong data-start=\"1469\" data-end=\"1493\">Ch\u00e2teau de Chantilly<\/strong> propose des <strong data-start=\"1506\" data-end=\"1526\">parcours enfants<\/strong>, des <strong data-start=\"1532\" data-end=\"1563\">animations dans les jardins<\/strong>, des spectacles pour toute la famille, ainsi que la visite ludique du <strong data-start=\"1634\" data-end=\"1657\">Potager des Princes<\/strong> tout proche.<\/p>\r\n\r\n<h3 data-start=\"1672\" data-end=\"1726\">Combien de temps faut-il pour visiter le Ch\u00e2teau de Chantilly ?<\/h3>\r\n<p data-start=\"1727\" data-end=\"1946\">Pr\u00e9voyez une journ\u00e9e compl\u00e8te pour profiter pleinement du ch\u00e2teau, du mus\u00e9e Cond\u00e9, des \u00e9curies, des jardins et des animations. Les amateurs de photographie, d\u2019art ou de promenades pourront y passer encore plus de temps.<\/p>\r\n\r\n<h3 data-start=\"1948\" data-end=\"1988\">Y a-t-il des restaurants sur place ?<\/h3>\r\n<p data-start=\"1989\" data-end=\"2209\">Oui, plusieurs restaurants et salons de th\u00e9 sont pr\u00e9sents dans l\u2019enceinte du domaine, notamment dans le <strong data-start=\"2093\" data-end=\"2116\">Hameau de Chantilly<\/strong>. C\u2019est l\u2019endroit id\u00e9al pour d\u00e9guster la fameuse <strong data-start=\"2165\" data-end=\"2184\">cr\u00e8me Chantilly<\/strong> dans son lieu d\u2019origine.<\/p>\r\n\r\n<h3 data-start=\"2211\" data-end=\"2268\">Le Ch\u00e2teau de Chantilly est-il ouvert toute l\u2019ann\u00e9e ?<\/h3>\r\n<p data-start=\"2269\" data-end=\"2436\">Oui, mais les horaires peuvent varier selon les saisons. Il est conseill\u00e9 de consulter le site officiel avant votre visite. Le ch\u00e2teau est g\u00e9n\u00e9ralement ferm\u00e9 le mardi.<\/p>\r\n\r\n<h3 data-start=\"2438\" data-end=\"2497\">Est-il possible d\u2019assister \u00e0 des \u00e9v\u00e9nements culturels ?<\/h3>\r\n<p data-start=\"2498\" data-end=\"2748\">Oui, de nombreuses <strong data-start=\"2517\" data-end=\"2544\">expositions temporaires<\/strong>, <strong data-start=\"2546\" data-end=\"2558\">concerts<\/strong>, <strong data-start=\"2560\" data-end=\"2584\">spectacles \u00e9questres<\/strong> et \u00e9v\u00e9nements artistiques sont organis\u00e9s toute l\u2019ann\u00e9e. Le <strong data-start=\"2644\" data-end=\"2668\">Ch\u00e2teau de Chantilly<\/strong> est un lieu vivant, au carrefour de l\u2019histoire et de la cr\u00e9ation contemporaine.<\/p>\r\n\r\n<h3 data-start=\"2750\" data-end=\"2795\">Peut-on acc\u00e9der au domaine sans voiture ?<\/h3>\r\n<p data-start=\"2796\" data-end=\"3013\">Oui. Le ch\u00e2teau est accessible en <strong data-start=\"2830\" data-end=\"2852\">train depuis Paris<\/strong> (25 minutes depuis la gare du Nord jusqu\u2019\u00e0 Chantilly-Gouvieux), puis \u00e0 pied, \u00e0 v\u00e9lo, ou en navette. C\u2019est une destination id\u00e9ale pour une escapade sans voiture.<\/p>\r\n\r\n<h2 data-start=\"50\" data-end=\"63\">Conclusion<\/h2>\r\n<p data-start=\"65\" data-end=\"522\">Le <strong data-start=\"68\" data-end=\"92\">Ch\u00e2teau de Chantilly<\/strong> est bien plus qu\u2019un simple monument historique : c\u2019est un concentr\u00e9 d\u2019art, de culture, de nature et de traditions. Entre son mus\u00e9e aux \u0153uvres inestimables, ses jardins dessin\u00e9s par Le N\u00f4tre, ses \u00e9curies spectaculaires et ses \u00e9v\u00e9nements prestigieux, il offre une immersion totale dans l\u2019\u00e9l\u00e9gance \u00e0 la fran\u00e7aise. Accessible facilement depuis Paris, il constitue une destination id\u00e9ale pour une journ\u00e9e ou un week-end hors du temps.<\/p>\r\n<p data-start=\"65\" data-end=\"522\">Que vous soyez amateur d\u2019art, passionn\u00e9 d\u2019histoire, amoureux de chevaux ou curieux de nature, le <strong data-start=\"791\" data-end=\"815\">Ch\u00e2teau de Chantilly<\/strong> saura vous s\u00e9duire et vous offrir une exp\u00e9rience inoubliable.<\/p>\r\n<p data-start=\"879\" data-end=\"1092\">Le site officiel du Ch\u00e2teau de Chantilly, <a href=\"https:\/\/chateaudechantilly.fr\/\" target=\"_blank\" rel=\"noopener\">c\u2019est par ici!\u00a0<\/a><\/p>\t\t\t\t\t\t\t\t<\/div>\n\t\t\t\t\t<\/div>\n\t\t\t\t<\/div>\n\t\t<div class=\"elementor-element elementor-element-42157fb6 e-flex e-con-boxed e-con e-parent\" data-id=\"42157fb6\" data-element_type=\"container\" data-e-type=\"container\">\n\t\t\t\t\t<div class=\"e-con-inner\">\n\t\t<div class=\"elementor-element elementor-element-4736f4de e-con-full e-flex e-con e-child\" data-id=\"4736f4de\" data-element_type=\"container\" data-e-type=\"container\">\n\t\t\t\t<div class=\"elementor-element elementor-element-769fae36 elementor-widget elementor-widget-text-editor\" data-id=\"769fae36\" data-element_type=\"widget\" data-e-type=\"widget\" data-widget_type=\"text-editor.default\">\n\t\t\t\t\t\t\t\t\t<p>Cet article a \u00e9t\u00e9 r\u00e9dig\u00e9 par Alex Arts,\u00a0<a href=\"https:\/\/alexantoine-photos.weebly.com\/\" target=\"_blank\" rel=\"noopener\">photographe<\/a>,\u00a0<a href=\"https:\/\/www.linkedin.com\/in\/alex-b-arts\/\" target=\"_blank\" rel=\"noopener\">cr\u00e9ateur de contenu<\/a>, et guide local.<\/p>\t\t\t\t\t\t\t\t<\/div>\n\t\t\t\t<div class=\"elementor-element elementor-element-6df2a692 elementor-widget elementor-widget-author-box\" data-id=\"6df2a692\" data-element_type=\"widget\" data-e-type=\"widget\" data-widget_type=\"author-box.default\">\n\t\t\t\t\t\t\t<div class=\"elementor-author-box\">\n\t\t\t\t\t\t\t<a href=\"https:\/\/www.linkedin.com\/in\/alex-b-arts\/\" class=\"elementor-author-box__avatar\" target=\"_blank\" rel=\"noopener\">\n\t\t\t\t\t<img decoding=\"async\" src=\"https:\/\/cparici.com\/wp-content\/uploads\/2024\/09\/photo-alex-arts-300x300.jpeg\" alt=\"Bild von Alex Arts\" loading=\"lazy\">\n\t\t\t\t<\/a>\n\t\t\t\n\t\t\t<div class=\"elementor-author-box__text\">\n\t\t\t\t\t\t\t\t\t<a href=\"https:\/\/www.linkedin.com\/in\/alex-b-arts\/\" target=\"_blank\" rel=\"noopener\">\n\t\t\t\t\t\t<h4 class=\"elementor-author-box__name\">\n\t\t\t\t\t\t\tAlex Arts\t\t\t\t\t\t<\/h4>\n\t\t\t\t\t<\/a>\n\t\t\t\t\n\t\t\t\t\t\t\t\t\t<div class=\"elementor-author-box__bio\">\n\t\t\t\t\t\t<p>Photographe, cr\u00e9ateur de contenu et local guide<\/p>\n\t\t\t\t\t<\/div>\n\t\t\t\t\n\t\t\t\t\t\t\t<\/div>\n\t\t<\/div>\n\t\t\t\t\t\t<\/div>\n\t\t\t\t<\/div>\n\t\t\t\t\t<\/div>\n\t\t\t\t<\/div>\n\t\t<aside class=\"elementor-element elementor-element-a7538db e-flex e-con-boxed e-con e-parent\" data-id=\"a7538db\" data-element_type=\"container\" data-e-type=\"container\">\n\t\t\t\t\t<div class=\"e-con-inner\">\n\t\t\t\t<div class=\"elementor-element elementor-element-13e9368 elementor-widget elementor-widget-listeo-posts-grid\" data-id=\"13e9368\" data-element_type=\"widget\" data-e-type=\"widget\" data-widget_type=\"listeo-posts-grid.default\">\n\t\t\t\t<div class=\"elementor-widget-container\">\n\t\t\t\t\t\t\t\n\t\t<div class=\"listeo-post-grid-wrapper\">\n\t\t\t<div class=\"row\">\n\n\t\t\t\n\n\t\t\t\t\t\t\t<div class=\"col-md-4\">\n                <a href=\"https:\/\/cparici.com\/de\/hourtin-plage\/\" class=\"blog-compact-item-container\">\n                    <div class=\"blog-compact-item\">\n                        <img decoding=\"async\" width=\"577\" height=\"217\" src=\"https:\/\/cparici.com\/wp-content\/uploads\/2024\/06\/Hourtin-plage.jpg\" class=\"attachment-listeo-blog-related-post size-listeo-blog-related-post wp-post-image\" alt=\"hourtin plage paysages de France\" srcset=\"https:\/\/cparici.com\/wp-content\/uploads\/2024\/06\/Hourtin-plage.jpg 1500w, https:\/\/cparici.com\/wp-content\/uploads\/2024\/06\/Hourtin-plage-600x225.jpg 600w, https:\/\/cparici.com\/wp-content\/uploads\/2024\/06\/Hourtin-plage-300x113.jpg 300w, https:\/\/cparici.com\/wp-content\/uploads\/2024\/06\/Hourtin-plage-1024x384.jpg 1024w, https:\/\/cparici.com\/wp-content\/uploads\/2024\/06\/Hourtin-plage-768x288.jpg 768w\" sizes=\"(max-width: 577px) 100vw, 577px\" \/><span class=\"blog-item-tag\">France<\/span>                        \n                        <div class=\"blog-compact-item-content\">\n                                                        <h3>Hourtin plage \u2013 les secrets de cette commune du littoral<\/h3>\n                                                        <p>Comment profiter au mieux de Hourtin plage, ce joyau du littoral girondin ? Cet article...                            <\/p>\n                                                    <\/div>\n                    <\/div>\n                <\/a>\n            <\/div>\n\t\t\t<div class=\"col-md-4\">\n                <a href=\"https:\/\/cparici.com\/de\/mirambeau\/\" class=\"blog-compact-item-container\">\n                    <div class=\"blog-compact-item\">\n                        <img decoding=\"async\" width=\"577\" height=\"172\" src=\"https:\/\/cparici.com\/wp-content\/uploads\/2024\/06\/mirambeau.jpg\" class=\"attachment-listeo-blog-related-post size-listeo-blog-related-post wp-post-image\" alt=\"mirambeau\" srcset=\"https:\/\/cparici.com\/wp-content\/uploads\/2024\/06\/mirambeau.jpg 1700w, https:\/\/cparici.com\/wp-content\/uploads\/2024\/06\/mirambeau-600x179.jpg 600w, https:\/\/cparici.com\/wp-content\/uploads\/2024\/06\/mirambeau-300x90.jpg 300w, https:\/\/cparici.com\/wp-content\/uploads\/2024\/06\/mirambeau-1024x306.jpg 1024w, https:\/\/cparici.com\/wp-content\/uploads\/2024\/06\/mirambeau-768x229.jpg 768w, https:\/\/cparici.com\/wp-content\/uploads\/2024\/06\/mirambeau-1536x459.jpg 1536w\" sizes=\"(max-width: 577px) 100vw, 577px\" \/><span class=\"blog-item-tag\">Charente maritime<\/span>                        \n                        <div class=\"blog-compact-item-content\">\n                                                        <h3>Mirambeau en Charente-Maritime \u2013 Guide complet<\/h3>\n                                                        <p>D\u00e9couvrez Mirambeau en Charente-Maritime, ses sites historiques, ses activit\u00e9s culturelles, ses restaurants et bien plus...                            <\/p>\n                                                    <\/div>\n                    <\/div>\n                <\/a>\n            <\/div>\n\t\t\t<div class=\"col-md-4\">\n                <a href=\"https:\/\/cparici.com\/de\/meteo-france-previsions-et-enjeux-meteorologiques-2025\/\" class=\"blog-compact-item-container\">\n                    <div class=\"blog-compact-item\">\n                        <img decoding=\"async\" width=\"577\" height=\"204\" src=\"https:\/\/cparici.com\/wp-content\/uploads\/2025\/04\/cparici-2025-04-13T084323.157-577x204.jpg\" class=\"attachment-listeo-blog-related-post size-listeo-blog-related-post wp-post-image\" alt=\"M\u00e9t\u00e9o France\" srcset=\"https:\/\/cparici.com\/wp-content\/uploads\/2025\/04\/cparici-2025-04-13T084323.157-577x204.jpg 577w, https:\/\/cparici.com\/wp-content\/uploads\/2025\/04\/cparici-2025-04-13T084323.157-300x106.jpg 300w, https:\/\/cparici.com\/wp-content\/uploads\/2025\/04\/cparici-2025-04-13T084323.157-1024x362.jpg 1024w, https:\/\/cparici.com\/wp-content\/uploads\/2025\/04\/cparici-2025-04-13T084323.157-768x271.jpg 768w, https:\/\/cparici.com\/wp-content\/uploads\/2025\/04\/cparici-2025-04-13T084323.157-18x6.jpg 18w, https:\/\/cparici.com\/wp-content\/uploads\/2025\/04\/cparici-2025-04-13T084323.157-590x208.jpg 590w, https:\/\/cparici.com\/wp-content\/uploads\/2025\/04\/cparici-2025-04-13T084323.157-1200x424.jpg 1200w, https:\/\/cparici.com\/wp-content\/uploads\/2025\/04\/cparici-2025-04-13T084323.157-600x212.jpg 600w, https:\/\/cparici.com\/wp-content\/uploads\/2025\/04\/cparici-2025-04-13T084323.157.jpg 1500w\" sizes=\"(max-width: 577px) 100vw, 577px\" \/><span class=\"blog-item-tag\">France<\/span>                        \n                        <div class=\"blog-compact-item-content\">\n                                                        <h3>M\u00e9t\u00e9o France : Pr\u00e9visions et enjeux m\u00e9t\u00e9orologiques 2025<\/h3>\n                                                        <p>Recherches populaires Categories Pas de r\u00e9sultats Voir tous les r\u00e9sultats M\u00e9t\u00e9o-France :\u00a0 Enjeux M\u00e9t\u00e9orologiques et...                            <\/p>\n                                                    <\/div>\n                    <\/div>\n                <\/a>\n            <\/div>\n  <\/div>\n        <\/div>\n        \t\t\t\t<\/div>\n\t\t\t\t<\/div>\n\t\t\t\t\t<\/div>\n\t\t\t\t<\/aside>\n\t\t\t\t<\/div>\n\t\t","protected":false},"excerpt":{"rendered":"<p>Recherches populaires Categories Pas de r\u00e9sultats Voir tous les r\u00e9sultats Ch\u00e2teau de Chantilly Le Ch\u00e2teau de Chantilly est l\u2019un des plus beaux exemples de l\u2019architecture et de l\u2019art de vivre \u00e0 la fran\u00e7aise. Situ\u00e9 dans l\u2019Oise, \u00e0 une cinquantaine de kilom\u00e8tres au nord de Paris, ce domaine majestueux s\u00e9duit chaque ann\u00e9e des centaines de milliers [&hellip;]<\/p>\n","protected":false},"author":97,"featured_media":69022,"comment_status":"closed","ping_status":"closed","sticky":false,"template":"","format":"standard","meta":{"ngg_post_thumbnail":0,"footnotes":""},"categories":[2765,314,522,477,2526,302],"tags":[],"class_list":["post-69021","post","type-post","status-publish","format-standard","has-post-thumbnail","hentry","category-chantilly-ville","category-architecture","category-chateau","category-france","category-oise-departement","category-patrimoine"],"_links":{"self":[{"href":"https:\/\/cparici.com\/de\/wp-json\/wp\/v2\/posts\/69021","targetHints":{"allow":["GET"]}}],"collection":[{"href":"https:\/\/cparici.com\/de\/wp-json\/wp\/v2\/posts"}],"about":[{"href":"https:\/\/cparici.com\/de\/wp-json\/wp\/v2\/types\/post"}],"author":[{"embeddable":true,"href":"https:\/\/cparici.com\/de\/wp-json\/wp\/v2\/users\/97"}],"replies":[{"embeddable":true,"href":"https:\/\/cparici.com\/de\/wp-json\/wp\/v2\/comments?post=69021"}],"version-history":[{"count":0,"href":"https:\/\/cparici.com\/de\/wp-json\/wp\/v2\/posts\/69021\/revisions"}],"wp:featuredmedia":[{"embeddable":true,"href":"https:\/\/cparici.com\/de\/wp-json\/wp\/v2\/media\/69022"}],"wp:attachment":[{"href":"https:\/\/cparici.com\/de\/wp-json\/wp\/v2\/media?parent=69021"}],"wp:term":[{"taxonomy":"category","embeddable":true,"href":"https:\/\/cparici.com\/de\/wp-json\/wp\/v2\/categories?post=69021"},{"taxonomy":"post_tag","embeddable":true,"href":"https:\/\/cparici.com\/de\/wp-json\/wp\/v2\/tags?post=69021"}],"curies":[{"name":"wp","href":"https:\/\/api.w.org\/{rel}","templated":true}]}}