{"id":69077,"date":"2025-07-27T12:54:01","date_gmt":"2025-07-27T10:54:01","guid":{"rendered":"https:\/\/cparici.com\/?p=69077"},"modified":"2025-08-11T13:02:57","modified_gmt":"2025-08-11T11:02:57","slug":"allaire","status":"publish","type":"post","link":"https:\/\/cparici.com\/de\/allaire\/","title":{"rendered":"allaire"},"content":{"rendered":"\t\t<div data-elementor-type=\"wp-post\" data-elementor-id=\"69077\" class=\"elementor elementor-69077\" data-elementor-post-type=\"post\">\n\t\t\t\t<div class=\"elementor-element elementor-element-405be5c e-flex e-con-boxed e-con e-parent\" data-id=\"405be5c\" data-element_type=\"container\" data-e-type=\"container\">\n\t\t\t\t\t<div class=\"e-con-inner\">\n\t\t\t\t<div class=\"elementor-element elementor-element-181b17c8 elementor-widget elementor-widget-text-editor\" data-id=\"181b17c8\" data-element_type=\"widget\" data-e-type=\"widget\" data-widget_type=\"text-editor.default\">\n\t\t\t\t\t\t\t\t\t<h1 style=\"text-align: center;\" data-start=\"431\" data-end=\"917\">Allaire<\/h1><p data-start=\"431\" data-end=\"917\">Situ\u00e9e au c\u0153ur du <a href=\"https:\/\/cparici.com\/visiter-le-morbihan-guide-des-sites-et-activites-a-ne-pas-manquer\/\"><strong data-start=\"449\" data-end=\"461\">Morbihan<\/strong><\/a> en <strong data-start=\"465\" data-end=\"477\">Bretagne<\/strong>, <strong data-start=\"479\" data-end=\"490\">Allaire<\/strong> est une commune \u00e0 l\u2019identit\u00e9 marqu\u00e9e par la richesse de son patrimoine et la beaut\u00e9 de ses paysages. Situ\u00e9e \u00e0 seulement quelques kilom\u00e8tres de Redon, elle se trouve dans un triangle strat\u00e9gique reliant Rennes, Nantes et Vannes. Cette localisation en fait un point de d\u00e9part id\u00e9al pour explorer la diversit\u00e9 <strong data-start=\"798\" data-end=\"809\">du pays<\/strong> <a class=\"\" href=\"https:\/\/cparici.com\/fr\/visiter-la-france-guide-des-regions-et-sites-touristiques\" target=\"_new\" rel=\"noopener\" data-start=\"810\" data-end=\"914\">(voir guide complet)<\/a>.<\/p><p data-start=\"919\" data-end=\"1245\">Connue pour son <strong data-start=\"935\" data-end=\"952\">cadre naturel<\/strong> pr\u00e9serv\u00e9, son <strong data-start=\"967\" data-end=\"992\">patrimoine historique<\/strong> et son dynamisme local, <strong data-start=\"1017\" data-end=\"1028\">Allaire<\/strong> s\u00e9duit aussi bien les habitants que les visiteurs. Avec ses rivi\u00e8res, ses sentiers de randonn\u00e9e et ses b\u00e2tisses anciennes, la commune offre un m\u00e9lange harmonieux entre <strong data-start=\"1197\" data-end=\"1215\">qualit\u00e9 de vie<\/strong> et <strong data-start=\"1219\" data-end=\"1244\">authenticit\u00e9 bretonne<\/strong>.<\/p>\t\t\t\t\t\t\t\t<\/div>\n\t\t\t\t\t<\/div>\n\t\t\t\t<\/div>\n\t\t<aside class=\"elementor-element elementor-element-2d1c2d5a e-flex e-con-boxed e-con e-parent\" data-id=\"2d1c2d5a\" data-element_type=\"container\" data-e-type=\"container\" data-settings=\"{&quot;background_background&quot;:&quot;classic&quot;}\">\n\t\t\t\t\t<div class=\"e-con-inner\">\n\t\t\t\t<div class=\"elementor-element elementor-element-1f49935c elementor-widget elementor-widget-spacer\" data-id=\"1f49935c\" data-element_type=\"widget\" data-e-type=\"widget\" data-widget_type=\"spacer.default\">\n\t\t\t\t\t\t\t<div class=\"elementor-spacer\">\n\t\t\t<div class=\"elementor-spacer-inner\"><\/div>\n\t\t<\/div>\n\t\t\t\t\t\t<\/div>\n\t\t\t\t<div class=\"elementor-element elementor-element-949fbd3 elementor-widget elementor-widget-heading\" data-id=\"949fbd3\" data-element_type=\"widget\" data-e-type=\"widget\" data-widget_type=\"heading.default\">\n\t\t\t\t\t<p class=\"elementor-heading-title elementor-size-default\">H\u00e9bergements de Vacances en direct<\/p>\t\t\t\t<\/div>\n\t\t\t\t<div class=\"elementor-element elementor-element-78d302fb elementor-widget elementor-widget-listeo-listings-carousel\" data-id=\"78d302fb\" data-element_type=\"widget\" data-e-type=\"widget\" data-widget_type=\"listeo-listings-carousel.default\">\n\t\t\t\t<div class=\"elementor-widget-container\">\n\t\t\t\t\t        <!-- Carousel \/ Start -->\n        \t<div class=\"simple-slick-carousel dots-nav\" data-slick='{&quot;autoplay&quot;:true,&quot;autoplaySpeed&quot;:3000,&quot;slidesToShow&quot;:3,&quot;slidesToScroll&quot;:1,&quot;responsive&quot;:[{&quot;breakpoint&quot;:1024,&quot;settings&quot;:{&quot;slidesToShow&quot;:2,&quot;slidesToScroll&quot;:1}},{&quot;breakpoint&quot;:768,&quot;settings&quot;:{&quot;slidesToShow&quot;:1,&quot;slidesToScroll&quot;:1}}]}'>\n                            <div class=\"fw-carousel-item\">                    \n                        <!-- Listing Item -->\r\n            <div class=\"col-lg-6 col-md-12\">\r\n                <a href=\"https:\/\/cparici.com\/de\/annonce\/le-tigite-bb-entree-privee-petit-dejeuner-linge-menage-inclus-1-a-4pers-options-diner-brunch-pique-nique-gouter\/\"  class=\"listing-item-container listing-geo-data compact\" \r\n\t\tdata-title=\"Le Tig\u00eete B&B entr\u00e9e priv\u00e9e, petit d\u00e9jeuner, linge, m\u00e9nage inclus \u2013 1 \u00e0 4pers \u2013 options d\u00eener\/brunch\/pique nique\/go\u00fbter\"\r\n\t\tdata-listing-type=\"rental\"\r\n\t\tdata-classifieds-price=\"\u20ac\"\r\n\t\tdata-friendly-address=\"205 La ville Garel, 56350 Allaire, France\"\r\n\t\tdata-address=\"205 La ville Garel, 56350 Allaire, France\"\r\n\t\tdata-image=\"https:\/\/cparici.com\/wp-content\/uploads\/2026\/04\/1000031734-520x397.jpg\"\r\n\t\tdata-longitude=\"-2.1477306\"\r\n\t\tdata-latitude=\"47.6333833\"\r\n\t\t\t\t\tdata-rating=\"4.9\"\r\n\t\t\tdata-reviews=\"37\"\r\n\t\t\t\tdata-icon=\"<svg xmlns=&quot;http:\/\/www.w3.org\/2000\/svg&quot; width=&quot;800px&quot; height=&quot;800px&quot; viewBox=&quot;0 0 45 45&quot; fill=&quot;none&quot;>\n<path d=&quot;M24.155 8.78099L24.33 8.94499L37.402 21.787L36 23.213L34.2 21.445L34.201 35C34.201 36.054 33.385 36.918 32.35 36.994L32.201 37H12.201C11.147 37 10.283 36.184 10.206 35.149L10.201 35L10.2 21.446L8.402 23.213L7 21.787L20.058 8.95799C21.171 7.82199 22.966 7.75899 24.155 8.78099ZM21.569 10.285L21.473 10.372L12.2 19.481L12.201 35L17.2 34.999L17.201 25C17.201 23.946 18.017 23.082 19.052 23.005L19.201 23H25.201C26.255 23 27.119 23.816 27.196 24.851L27.201 25L27.2 34.999L32.201 35L32.2 19.48L22.901 10.344C22.537 9.98699 21.969 9.96499 21.569 10.285ZM25.201 25H19.201L19.2 34.999H25.2L25.201 25Z&quot; fill=&quot;#3C3C3C&quot;\/>\n<\/svg>\"\r\n\r\n\t>\r\n            <div class=\"listing-item  \">\r\n                <div class=\"listing-small-badges-container\">\r\n                                                                <div class=\"listing-small-badge pricing-badge\"><i class=\"fa fa-tag\"><\/i>70,00\u20ac - 135,00\u20ac<\/div>\r\n                                                            \r\n                                        \r\n                                        \r\n                <\/div>\r\n                <img decoding=\"async\" src=\"https:\/\/cparici.com\/wp-content\/uploads\/2026\/04\/1000031734-520x397.jpg\" alt=\"Le Tig\u00eete B&B entr\u00e9e priv\u00e9e, petit d\u00e9jeuner, linge, m\u00e9nage inclus \u2013 1 \u00e0 4pers \u2013 options d\u00eener\/brunch\/pique nique\/go\u00fbter\" class=\"listing-thumbnail\">\r\n                                        <div class=\"listing-badge now-open\">Now Open<\/div>\r\n                        \r\n\r\n                <div class=\"listing-item-content\">\r\n                                                <div class=\"numerical-rating\" data-rating=\"4.9\"><\/div>\r\n                    \r\n                    <h3> Le Tig\u00eete B&B entr\u00e9e priv\u00e9e, petit d\u00e9jeuner, linge, m\u00e9nage inclus \u2013 1 \u00e0 4pers \u2013 options d\u00eener\/brunch\/pique nique\/go\u00fbter <\/h3>\r\n                    <span>205 La ville Garel, 56350 Allaire, France<\/span>\r\n                <\/div>\r\n                                        <span class=\"save like-icon tooltip left\" title=\"Login To Bookmark Items\"><\/span>\r\n                                                <\/div>\r\n        <\/a>\r\n                    <\/div>\r\n        \r\n\r\n        <!-- Listing Item \/ End -->\n                    <\/div>\n                          <\/div>\n        \t\t\t\t<\/div>\n\t\t\t\t<\/div>\n\t\t\t\t\t<\/div>\n\t\t\t\t<\/aside>\n\t\t<div class=\"elementor-element elementor-element-d214fb1 e-flex e-con-boxed e-con e-parent\" data-id=\"d214fb1\" data-element_type=\"container\" data-e-type=\"container\">\n\t\t\t\t\t<div class=\"e-con-inner\">\n\t\t\t\t<div class=\"elementor-element elementor-element-c239792 elementor-widget elementor-widget-text-editor\" data-id=\"c239792\" data-element_type=\"widget\" data-e-type=\"widget\" data-widget_type=\"text-editor.default\">\n\t\t\t\t\t\t\t\t\t<h2 style=\"text-align: left;\" data-start=\"431\" data-end=\"917\"><strong style=\"font-size: 34px; text-align: start;\" data-start=\"1255\" data-end=\"1293\">Donn\u00e9es g\u00e9n\u00e9rales et g\u00e9ographie<\/strong><\/h2><h3 data-start=\"1295\" data-end=\"1326\">Localisation administrative<\/h3><p data-start=\"1327\" data-end=\"1750\"><strong data-start=\"1327\" data-end=\"1338\">Allaire<\/strong> se situe dans l\u2019<strong data-start=\"1355\" data-end=\"1383\">arrondissement de Vannes<\/strong> et le <strong data-start=\"1390\" data-end=\"1408\">canton de Guer<\/strong>, int\u00e9gr\u00e9e \u00e0 <strong data-start=\"1421\" data-end=\"1444\">Redon Agglom\u00e9ration<\/strong>. Identifi\u00e9e par le <strong data-start=\"1464\" data-end=\"1484\">code INSEE 56001<\/strong> et le <strong data-start=\"1491\" data-end=\"1512\">code postal 56350<\/strong>, la commune s\u2019\u00e9tend sur <strong data-start=\"1537\" data-end=\"1550\">41,74 km\u00b2<\/strong>. Ses habitants, appel\u00e9s <em data-start=\"1575\" data-end=\"1587\">Allairiens<\/em> et <em data-start=\"1591\" data-end=\"1605\">Allairiennes<\/em>, profitent d\u2019une densit\u00e9 de population d\u2019environ <strong data-start=\"1655\" data-end=\"1679\">94 habitants par km\u00b2<\/strong>, garantissant un \u00e9quilibre entre zones habit\u00e9es et espaces naturels.<\/p><blockquote data-start=\"1752\" data-end=\"1855\"><p data-start=\"1754\" data-end=\"1855\"><strong data-start=\"1754\" data-end=\"1768\">D\u00e9finition<\/strong> : <em data-start=\"1771\" data-end=\"1783\">Code INSEE<\/em> \u2192 identifiant administratif unique attribu\u00e9 \u00e0 chaque commune en France.<\/p><\/blockquote><h3 data-start=\"1857\" data-end=\"1888\">Toponymie et origine du nom<\/h3><p data-start=\"1889\" data-end=\"2052\">Le nom <strong data-start=\"1896\" data-end=\"1907\">Allaire<\/strong>, issu du breton <em data-start=\"1924\" data-end=\"1931\">Alaer<\/em>, pourrait signifier \u00ab lieu \u00e9lev\u00e9 \u00bb ou \u00ab terrain d\u00e9frich\u00e9 \u00bb, \u00e9voquant l\u2019histoire rurale et le relief vallonn\u00e9 du secteur.<\/p><h3 data-start=\"2054\" data-end=\"2080\">Relief et hydrographie<\/h3><p data-start=\"2081\" data-end=\"2406\">La commune s\u2019\u00e9tend sur une altitude variant de <strong data-start=\"2128\" data-end=\"2145\">1 \u00e0 88 m\u00e8tres<\/strong>. Plusieurs cours d\u2019eau la traversent, dont la <strong data-start=\"2192\" data-end=\"2203\">Vilaine<\/strong>, l\u2019<strong data-start=\"2207\" data-end=\"2214\">Arz<\/strong> et le <strong data-start=\"2221\" data-end=\"2229\">Quip<\/strong>, qui fa\u00e7onnent le paysage et favorisent une riche biodiversit\u00e9. Ces \u00e9l\u00e9ments font d\u2019<strong data-start=\"2314\" data-end=\"2325\">Allaire<\/strong> un lieu pris\u00e9 pour la <strong data-start=\"2348\" data-end=\"2357\">p\u00eache<\/strong>, le <strong data-start=\"2362\" data-end=\"2371\">cano\u00eb<\/strong> et les promenades au fil de l\u2019eau.<\/p><h2 data-start=\"2413\" data-end=\"2445\"><strong data-start=\"2416\" data-end=\"2445\">Histoire et patrimoine<\/strong><\/h2><h3 data-start=\"2447\" data-end=\"2468\">Origines antiques<\/h3><p data-start=\"2469\" data-end=\"2718\">Les traces les plus anciennes d\u2019occupation remontent \u00e0 l\u2019\u00e9poque gallo-romaine. Le <strong data-start=\"2551\" data-end=\"2570\">fanum de L\u00e9h\u00e9ro<\/strong> (petit temple) et des vestiges de <strong data-start=\"2605\" data-end=\"2621\">voie romaine<\/strong> t\u00e9moignent de l\u2019importance strat\u00e9gique d\u2019<strong data-start=\"2663\" data-end=\"2674\">Allaire<\/strong> dans les \u00e9changes commerciaux et religieux.<\/p><blockquote data-start=\"2720\" data-end=\"2819\"><p data-start=\"2722\" data-end=\"2819\"><strong data-start=\"2722\" data-end=\"2736\">D\u00e9finition<\/strong> : <em data-start=\"2739\" data-end=\"2746\">Fanum<\/em> \u2192 sanctuaire ou temple de tradition gallo-romaine, souvent \u00e0 plan carr\u00e9.<\/p><\/blockquote><h3 data-start=\"2821\" data-end=\"2845\">Patrimoine religieux<\/h3><p data-start=\"2846\" data-end=\"3090\">L\u2019<strong data-start=\"2848\" data-end=\"2872\">\u00e9glise Saint-Gaudens<\/strong>, de style n\u00e9o-gothique, domine le bourg. Plusieurs chapelles ponctuent le territoire : <strong data-start=\"2960\" data-end=\"2977\">Saint-\u00c9tienne<\/strong>, <strong data-start=\"2979\" data-end=\"2993\">Saint-Marc<\/strong>, <strong data-start=\"2995\" data-end=\"3012\">Saint-Eutrope<\/strong> et <strong data-start=\"3016\" data-end=\"3032\">Sainte-Barbe<\/strong>, chacune associ\u00e9e \u00e0 des traditions et p\u00e8lerinages locaux.<\/p><h3 data-start=\"3092\" data-end=\"3128\">Manoirs et architectures civiles<\/h3><p data-start=\"3129\" data-end=\"3367\">Le <strong data-start=\"3132\" data-end=\"3150\">manoir de Deil<\/strong> (XVe si\u00e8cle), avec son pavillon <strong data-start=\"3183\" data-end=\"3197\">Louis XIII<\/strong> et son colombier octogonal, est inscrit au titre des monuments historiques. Le <strong data-start=\"3277\" data-end=\"3302\">manoir du Vau de Quip<\/strong>, \u00e9galement class\u00e9, t\u00e9moigne de l\u2019histoire noble de la commune.<\/p><p data-start=\"3369\" data-end=\"3551\">Ces sites font partie des incontournables pour les passionn\u00e9s de <strong data-start=\"3434\" data-end=\"3455\">patrimoine breton.<\/strong><\/p><h2 data-start=\"3558\" data-end=\"3601\"><strong data-start=\"3561\" data-end=\"3601\">Environnement, nature et tourisme<\/strong><\/h2><h3 data-start=\"3603\" data-end=\"3621\">Sites naturels<\/h3><p data-start=\"3622\" data-end=\"3790\">La <strong data-start=\"3625\" data-end=\"3645\">Ferme de Couesl\u00e9<\/strong> est l\u2019un des lieux embl\u00e9matiques d\u2019<strong data-start=\"3681\" data-end=\"3692\">Allaire<\/strong> : verger conservatoire, \u00e9tangs, aires de jeux, parcours accrobranches et sentiers p\u00e9dagogiques.<\/p><p data-start=\"3792\" data-end=\"3969\">Les rives de la <strong data-start=\"3808\" data-end=\"3819\">Vilaine<\/strong> et les chemins de randonn\u00e9e, comme le <strong data-start=\"3858\" data-end=\"3877\">circuit du Quip<\/strong>, permettent d\u2019explorer les paysages bucoliques qui font la r\u00e9putation du <strong data-start=\"3951\" data-end=\"3968\">Pays de Redon<\/strong>.<\/p><h3 data-start=\"3971\" data-end=\"3997\">Labels et distinctions<\/h3><p data-start=\"3998\" data-end=\"4144\"><strong data-start=\"3998\" data-end=\"4009\">Allaire<\/strong> est labellis\u00e9e <strong data-start=\"4025\" data-end=\"4055\">Villes et Villages Fleuris<\/strong>, gage d\u2019un environnement soign\u00e9 et d\u2019initiatives locales pour pr\u00e9server le cadre de vie.<\/p><h3 data-start=\"0\" data-end=\"49\">H\u00e9bergements \u00e0 Allaire \u2014 200 mots optimis\u00e9s<\/h3><p data-start=\"51\" data-end=\"511\"><strong data-start=\"51\" data-end=\"62\">Allaire<\/strong>, charmante commune du <strong data-start=\"85\" data-end=\"97\">Morbihan<\/strong>, propose une offre vari\u00e9e d\u2019h\u00e9bergements adapt\u00e9s \u00e0 tous les types de s\u00e9jours, que vous soyez en vacances, en d\u00e9placement professionnel ou en escapade nature. On y trouve des <strong data-start=\"272\" data-end=\"288\">g\u00eetes ruraux<\/strong> nich\u00e9s dans le bocage breton, parfaits pour profiter du calme et de l\u2019authenticit\u00e9. Plusieurs <strong data-start=\"383\" data-end=\"403\">chambres d\u2019h\u00f4tes<\/strong> accueillent les visiteurs avec chaleur, offrant souvent des petits-d\u00e9jeuners compos\u00e9s de produits locaux.<\/p><p data-start=\"513\" data-end=\"851\">Pour les amateurs de plein air, <strong data-start=\"545\" data-end=\"556\">Allaire<\/strong> et ses alentours comptent des <strong data-start=\"587\" data-end=\"599\">campings<\/strong> et <strong data-start=\"603\" data-end=\"623\">aires naturelles<\/strong> proches des sentiers de randonn\u00e9e et des rives de la Vilaine. Certains \u00e9tablissements proposent \u00e9galement des <strong data-start=\"734\" data-end=\"760\">locations saisonni\u00e8res<\/strong> \u00e9quip\u00e9es pour un s\u00e9jour en toute autonomie, id\u00e9ales pour les familles ou groupes d\u2019amis, comme par exemple <a href=\"https:\/\/cparici.com\/listing\/le-tigite-bb-entree-privee-petit-dej-queen-size\/\">le\u00a0 Tig\u00eete B&B<\/a>, dans une long\u00e8re traditionnelle du 18e si\u00e8cle, enti\u00e8rement r\u00e9nov\u00e9e.<\/p><p data-start=\"853\" data-end=\"1322\">La proximit\u00e9 d\u2019<strong data-start=\"868\" data-end=\"879\">Allaire<\/strong> avec Redon et Rochefort-en-Terre \u00e9largit encore les possibilit\u00e9s, avec des h\u00f4tels confortables et des h\u00e9bergements insolites comme des cabanes ou roulottes. Que vous recherchiez la convivialit\u00e9 d\u2019une maison d\u2019h\u00f4tes, le confort d\u2019un h\u00f4tel ou l\u2019aventure du camping, vous trouverez \u00e0 <strong data-start=\"1161\" data-end=\"1172\">Allaire<\/strong> une solution adapt\u00e9e \u00e0 vos envies, tout en profitant d\u2019un environnement pr\u00e9serv\u00e9 et d\u2019une localisation centrale pour d\u00e9couvrir la <strong data-start=\"1303\" data-end=\"1319\">Bretagne sud<\/strong>.<\/p><h2 data-start=\"135\" data-end=\"192\">\u00c0 visiter autour de Allaire\u00a0<\/h2><p data-start=\"194\" data-end=\"394\">En s\u00e9journant \u00e0 <strong data-start=\"210\" data-end=\"221\">Allaire<\/strong>, vous \u00eates id\u00e9alement positionn\u00e9 pour explorer un territoire riche en patrimoine, nature et culture. Voici une s\u00e9lection des lieux incontournables \u00e0 d\u00e9couvrir \u00e0 proximit\u00e9 :<\/p><h3 data-start=\"396\" data-end=\"417\">1. <strong data-start=\"403\" data-end=\"417\">La Gacilly<\/strong><\/h3><p data-start=\"418\" data-end=\"722\">\u00c0 quelques kilom\u00e8tres au nord-est, <strong data-start=\"453\" data-end=\"467\">La Gacilly<\/strong> est un <strong data-start=\"475\" data-end=\"500\">village fleuri vivant<\/strong>, connu pour son <strong data-start=\"517\" data-end=\"562\">festival international de la photographie<\/strong> (juin\u2013octobre) et ses rues d\u00e9cor\u00e9es d\u2019\u0153uvres d\u2019art en plein air. Le cadre <strong data-start=\"637\" data-end=\"663\">paysager et artistique<\/strong> en fait une escapade id\u00e9ale pour les amateurs de culture.<\/p><h3 data-start=\"724\" data-end=\"783\">2. <strong data-start=\"731\" data-end=\"760\">Le Parc de la Pr\u00e9histoire<\/strong> (Saint-Jacut-les-Pins)<\/h3><p data-start=\"784\" data-end=\"1060\">Un espace ludique et p\u00e9dagogique parfait pour les familles. Il propose un voyage dans le temps avec <strong data-start=\"884\" data-end=\"915\">reconstitutions historiques<\/strong>, <strong data-start=\"917\" data-end=\"946\">dinosaures animatroniques<\/strong>, et sentiers th\u00e9matiques. Une immersion dans un univers fascinant accessible en quelques minutes depuis Allaire.<\/p><h3 data-start=\"1062\" data-end=\"1091\">3. <strong data-start=\"1069\" data-end=\"1091\">Rochefort-en-Terre<\/strong><\/h3><p data-start=\"1092\" data-end=\"1340\">Class\u00e9 parmi les <strong data-start=\"1109\" data-end=\"1142\">plus beaux villages de France<\/strong>, <strong data-start=\"1144\" data-end=\"1166\">Rochefort-en-Terre<\/strong> s\u00e9duit par ses ruelles pav\u00e9es, ses maisons \u00e0 colombages orn\u00e9es de fleurs, et son ambiance m\u00e9di\u00e9vale charmante. Un incontournable pour d\u00e9couvrir l\u2019<strong data-start=\"1313\" data-end=\"1338\">authenticit\u00e9 bretonne<\/strong>.<\/p><figure id=\"attachment_69078\" aria-describedby=\"caption-attachment-69078\" style=\"width: 1500px\" class=\"wp-caption aligncenter\"><a href=\"https:\/\/cparici.com\/wp-content\/uploads\/2025\/08\/cparici-2025-08-11T123404.715.jpg\"><img decoding=\"async\" class=\"wp-image-69078 size-full\" src=\"https:\/\/cparici.com\/wp-content\/uploads\/2025\/08\/cparici-2025-08-11T123404.715.jpg\" alt=\"Allaire\" width=\"1500\" height=\"530\" srcset=\"https:\/\/cparici.com\/wp-content\/uploads\/2025\/08\/cparici-2025-08-11T123404.715.jpg 1500w, https:\/\/cparici.com\/wp-content\/uploads\/2025\/08\/cparici-2025-08-11T123404.715-300x106.jpg 300w, https:\/\/cparici.com\/wp-content\/uploads\/2025\/08\/cparici-2025-08-11T123404.715-1024x362.jpg 1024w, https:\/\/cparici.com\/wp-content\/uploads\/2025\/08\/cparici-2025-08-11T123404.715-768x271.jpg 768w, https:\/\/cparici.com\/wp-content\/uploads\/2025\/08\/cparici-2025-08-11T123404.715-18x6.jpg 18w, https:\/\/cparici.com\/wp-content\/uploads\/2025\/08\/cparici-2025-08-11T123404.715-590x208.jpg 590w, https:\/\/cparici.com\/wp-content\/uploads\/2025\/08\/cparici-2025-08-11T123404.715-1200x424.jpg 1200w, https:\/\/cparici.com\/wp-content\/uploads\/2025\/08\/cparici-2025-08-11T123404.715-577x204.jpg 577w, https:\/\/cparici.com\/wp-content\/uploads\/2025\/08\/cparici-2025-08-11T123404.715-600x212.jpg 600w\" sizes=\"(max-width: 1500px) 100vw, 1500px\" \/><\/a><figcaption id=\"caption-attachment-69078\" class=\"wp-caption-text\">Non loin d\u2019Allaire Rochefort en Terre<\/figcaption><\/figure><h3 data-start=\"1342\" data-end=\"1385\">4. <strong data-start=\"1349\" data-end=\"1385\">\u00cele-aux-Pies et vall\u00e9e de l\u2019Oust<\/strong><\/h3><p data-start=\"1386\" data-end=\"1619\">Ce <strong data-start=\"1389\" data-end=\"1411\">Grand site naturel<\/strong>, \u00e0 proximit\u00e9, est parfait pour les amoureux de la <strong data-start=\"1462\" data-end=\"1486\">nature et l\u2019aventure<\/strong>. L\u2019\u00cele-aux-Pies et ses abords offrent <strong data-start=\"1525\" data-end=\"1562\">randonn\u00e9es, cano\u00eb-kayak, escalade<\/strong>, ainsi qu\u2019un paysage <strong data-start=\"1584\" data-end=\"1608\">fluvial et forestier<\/strong> \u00e9tonnant.<\/p><h3 data-start=\"1621\" data-end=\"1663\">5. <strong data-start=\"1628\" data-end=\"1663\">Le Golfe du Morbihan & ses \u00eeles<\/strong><\/h3><p data-start=\"1664\" data-end=\"1927\">\u00c0 proximit\u00e9, le <strong data-start=\"1680\" data-end=\"1701\">Golfe du Morbihan<\/strong> est un paradis naturel : <strong data-start=\"1727\" data-end=\"1752\">croisi\u00e8res comment\u00e9es<\/strong>, balades \u00e0 v\u00e9lo et plages. Les \u00eeles comme l\u2019<strong data-start=\"1797\" data-end=\"1815\">\u00cele-aux-Moines<\/strong> ou l\u2019<strong data-start=\"1821\" data-end=\"1834\">\u00cele d\u2019Arz<\/strong> offrent des panoramas c\u00f4tiers \u00e0 couper le souffle, avec des sentiers littoraux enchanteurs.<\/p><h3 data-start=\"1929\" data-end=\"1946\">6. <strong data-start=\"1936\" data-end=\"1946\">Vannes<\/strong><\/h3><p data-start=\"1947\" data-end=\"2211\">Ville historique incontournable \u00e0 une trentaine de minutes en voiture, <strong data-start=\"2018\" data-end=\"2028\">Vannes<\/strong> charme avec sa <strong data-start=\"2044\" data-end=\"2071\">cath\u00e9drale Saint-Pierre<\/strong>, ses maisons \u00e0 pans de bois color\u00e9es, ses remparts et son <strong data-start=\"2130\" data-end=\"2146\">march\u00e9 anim\u00e9<\/strong> (mercredis et samedis). Une immersion culturelle enrichissante.<\/p><h3 data-start=\"2213\" data-end=\"2261\">7. <strong data-start=\"2220\" data-end=\"2261\">Ch\u00e2teau de Suscinio et parc animalier<\/strong><\/h3><p data-start=\"2262\" data-end=\"2559\">Suivez les pas mentionn\u00e9s dans un r\u00e9cit de voyage inspirant : <strong data-start=\"2324\" data-end=\"2347\">Domaine de Suscinio<\/strong>, un ch\u00e2teau m\u00e9di\u00e9val dominant une nature pr\u00e9serv\u00e9e avec ses <strong data-start=\"2408\" data-end=\"2419\">jardins<\/strong>, <strong data-start=\"2421\" data-end=\"2449\">expositions interactives<\/strong>, et <strong data-start=\"2454\" data-end=\"2480\">activit\u00e9s pour enfants<\/strong>. Combinez-le avec la visite du <strong data-start=\"2512\" data-end=\"2539\">parc animalier Branf\u00e9r\u00e9<\/strong>, id\u00e9al en famille.<\/p><h3 data-start=\"2561\" data-end=\"2595\">8. <strong data-start=\"2568\" data-end=\"2595\">Ch\u00e2teau de Kergu\u00e9hennec<\/strong><\/h3><p data-start=\"2596\" data-end=\"2843\">Au nord, ce <strong data-start=\"2608\" data-end=\"2633\">\u00ab Versailles breton \u00bb<\/strong> offre une exp\u00e9rience artistique unique : un domaine baroque du XVIII\u1d49 si\u00e8cle class\u00e9, transform\u00e9 en <strong data-start=\"2733\" data-end=\"2762\">centre d\u2019art contemporain<\/strong>, avec un <strong data-start=\"2772\" data-end=\"2809\">jardin de sculptures en plein air<\/strong> et des r\u00e9sidences pour artistes.<\/p><h3 data-start=\"2845\" data-end=\"2907\">9. <strong data-start=\"2852\" data-end=\"2907\">Le canal de Nantes \u00e0 Brest et ses chemins de halage<\/strong><\/h3><p data-start=\"2908\" data-end=\"3084\">Parfait pour les balades \u00e0 pied ou \u00e0 v\u00e9lo, le <strong data-start=\"2954\" data-end=\"2979\">divertissement nature<\/strong> est \u00e0 port\u00e9e de tous avec ses <strong data-start=\"3010\" data-end=\"3032\">sentiers paisibles<\/strong>, id\u00e9als pour une escapade active proche d\u2019Allaire.<\/p><h3 data-start=\"2908\" data-end=\"3084\">10. Redon\u00a0<\/h3><p data-start=\"34\" data-end=\"698\" data-is-last-node=\"\" data-is-only-node=\"\">\u00c0 seulement 5 km d\u2019<strong data-start=\"53\" data-end=\"64\">Allaire<\/strong>, <strong data-start=\"66\" data-end=\"75\">Redon<\/strong> est une ville historique au carrefour de la <strong data-start=\"120\" data-end=\"132\">Bretagne<\/strong>, de la <strong data-start=\"140\" data-end=\"160\">Loire-Atlantique<\/strong> et de l\u2019<strong data-start=\"169\" data-end=\"188\">Ille-et-Vilaine<\/strong>. Fond\u00e9e autour de son abbaye b\u00e9n\u00e9dictine du IX\u1d49 si\u00e8cle, elle conserve un <strong data-start=\"262\" data-end=\"290\">patrimoine architectural<\/strong> remarquable, avec ses maisons \u00e0 pans de bois et ses quais bordant la Vilaine. <strong data-start=\"369\" data-end=\"378\">Redon<\/strong> s\u00e9duit par son <strong data-start=\"394\" data-end=\"410\">port fluvial<\/strong>, ses march\u00e9s anim\u00e9s et ses festivals culturels. Situ\u00e9e sur le <strong data-start=\"473\" data-end=\"500\">canal de Nantes \u00e0 Brest<\/strong>, c\u2019est aussi un point de d\u00e9part id\u00e9al pour la randonn\u00e9e, le v\u00e9lo ou les balades nautiques. Proche d\u2019<strong data-start=\"601\" data-end=\"612\">Allaire<\/strong>, elle compl\u00e8te parfaitement un s\u00e9jour alliant <strong data-start=\"659\" data-end=\"670\">culture<\/strong>, <strong data-start=\"672\" data-end=\"682\">nature<\/strong> et <strong data-start=\"686\" data-end=\"697\">d\u00e9tente<\/strong>.<\/p><figure id=\"attachment_69079\" aria-describedby=\"caption-attachment-69079\" style=\"width: 1500px\" class=\"wp-caption aligncenter\"><a href=\"https:\/\/cparici.com\/wp-content\/uploads\/2025\/08\/cparici-2025-08-11T124442.329.jpg\"><img decoding=\"async\" class=\"wp-image-69079 size-full\" src=\"https:\/\/cparici.com\/wp-content\/uploads\/2025\/08\/cparici-2025-08-11T124442.329.jpg\" alt=\"Allaire\" width=\"1500\" height=\"530\" srcset=\"https:\/\/cparici.com\/wp-content\/uploads\/2025\/08\/cparici-2025-08-11T124442.329.jpg 1500w, https:\/\/cparici.com\/wp-content\/uploads\/2025\/08\/cparici-2025-08-11T124442.329-300x106.jpg 300w, https:\/\/cparici.com\/wp-content\/uploads\/2025\/08\/cparici-2025-08-11T124442.329-1024x362.jpg 1024w, https:\/\/cparici.com\/wp-content\/uploads\/2025\/08\/cparici-2025-08-11T124442.329-768x271.jpg 768w, https:\/\/cparici.com\/wp-content\/uploads\/2025\/08\/cparici-2025-08-11T124442.329-18x6.jpg 18w, https:\/\/cparici.com\/wp-content\/uploads\/2025\/08\/cparici-2025-08-11T124442.329-590x208.jpg 590w, https:\/\/cparici.com\/wp-content\/uploads\/2025\/08\/cparici-2025-08-11T124442.329-1200x424.jpg 1200w, https:\/\/cparici.com\/wp-content\/uploads\/2025\/08\/cparici-2025-08-11T124442.329-577x204.jpg 577w, https:\/\/cparici.com\/wp-content\/uploads\/2025\/08\/cparici-2025-08-11T124442.329-600x212.jpg 600w\" sizes=\"(max-width: 1500px) 100vw, 1500px\" \/><\/a><figcaption id=\"caption-attachment-69079\" class=\"wp-caption-text\">A 5 km d\u2019Allaire, Redon<\/figcaption><\/figure><h2 data-start=\"4151\" data-end=\"4183\"><strong data-start=\"4154\" data-end=\"4183\">Vie locale et services<\/strong><\/h2><h3 data-start=\"4185\" data-end=\"4210\">\u00c9quipements \u00e9ducatifs<\/h3><p data-start=\"4211\" data-end=\"4390\">La commune poss\u00e8de plusieurs \u00e9coles, un coll\u00e8ge, et des structures p\u00e9riscolaires modernes. Cet environnement \u00e9ducatif attire de nombreuses familles en qu\u00eate de <strong data-start=\"4371\" data-end=\"4389\">qualit\u00e9 de vie<\/strong>.<\/p><h3 data-start=\"4392\" data-end=\"4412\">Services publics<\/h3><p data-start=\"4413\" data-end=\"4607\">La mairie met \u00e0 disposition <strong data-start=\"4441\" data-end=\"4460\">France Services<\/strong>, une m\u00e9diath\u00e8que, une ludoth\u00e8que et divers \u00e9quipements culturels. L\u2019application <strong data-start=\"4541\" data-end=\"4555\">Intramuros<\/strong> diffuse les informations municipales en temps r\u00e9el.<\/p><p data-start=\"4413\" data-end=\"4607\"><a href=\"https:\/\/cparici.com\/wp-content\/uploads\/2025\/08\/Site-officiel-mairie-Allaire.jpg\"><img decoding=\"async\" class=\"aligncenter wp-image-69080 size-full\" src=\"https:\/\/cparici.com\/wp-content\/uploads\/2025\/08\/Site-officiel-mairie-Allaire.jpg\" alt=\"Site officiel mairie Allaire\" width=\"1630\" height=\"896\" srcset=\"https:\/\/cparici.com\/wp-content\/uploads\/2025\/08\/Site-officiel-mairie-Allaire.jpg 1630w, https:\/\/cparici.com\/wp-content\/uploads\/2025\/08\/Site-officiel-mairie-Allaire-300x165.jpg 300w, https:\/\/cparici.com\/wp-content\/uploads\/2025\/08\/Site-officiel-mairie-Allaire-1024x563.jpg 1024w, https:\/\/cparici.com\/wp-content\/uploads\/2025\/08\/Site-officiel-mairie-Allaire-768x422.jpg 768w, https:\/\/cparici.com\/wp-content\/uploads\/2025\/08\/Site-officiel-mairie-Allaire-1536x844.jpg 1536w, https:\/\/cparici.com\/wp-content\/uploads\/2025\/08\/Site-officiel-mairie-Allaire-18x10.jpg 18w, https:\/\/cparici.com\/wp-content\/uploads\/2025\/08\/Site-officiel-mairie-Allaire-590x324.jpg 590w, https:\/\/cparici.com\/wp-content\/uploads\/2025\/08\/Site-officiel-mairie-Allaire-1200x660.jpg 1200w, https:\/\/cparici.com\/wp-content\/uploads\/2025\/08\/Site-officiel-mairie-Allaire-577x317.jpg 577w, https:\/\/cparici.com\/wp-content\/uploads\/2025\/08\/Site-officiel-mairie-Allaire-600x330.jpg 600w\" sizes=\"(max-width: 1630px) 100vw, 1630px\" \/><\/a><\/p><h3 data-start=\"4609\" data-end=\"4635\">Transports et mobilit\u00e9<\/h3><p data-start=\"4636\" data-end=\"4829\">Gr\u00e2ce au r\u00e9seau <strong data-start=\"4652\" data-end=\"4675\">Redon Agglom\u00e9ration<\/strong>, <strong data-start=\"4677\" data-end=\"4688\">Allaire<\/strong> est reli\u00e9e \u00e0 Redon, Vannes et Rennes par des lignes r\u00e9guli\u00e8res. Des services scolaires assurent la desserte des \u00e9tablissements environnants.<\/p><h3 data-start=\"4831\" data-end=\"4865\">Accueil des nouveaux arrivants<\/h3><p data-start=\"4866\" data-end=\"4983\">Chaque ann\u00e9e, un \u00e9v\u00e9nement convivial est organis\u00e9 pour pr\u00e9senter la commune, ses infrastructures et ses associations.<\/p><h2 data-start=\"4990\" data-end=\"5016\"><strong data-start=\"4993\" data-end=\"5016\">Politique locale<\/strong><\/h2><p data-start=\"5018\" data-end=\"5187\">Le maire, <strong data-start=\"5028\" data-end=\"5050\">Jean-Fran\u00e7ois Mary<\/strong>, en poste depuis 2020, m\u00e8ne un mandat ax\u00e9 sur la valorisation du patrimoine, la transition \u00e9cologique et le soutien au tissu associatif.<\/p><h2 data-start=\"5194\" data-end=\"5226\"><strong data-start=\"5197\" data-end=\"5226\">Climat et cadre de vie<\/strong><\/h2><p data-start=\"5228\" data-end=\"5432\">Avec un <strong data-start=\"5236\" data-end=\"5256\">climat oc\u00e9anique<\/strong> temp\u00e9r\u00e9, <strong data-start=\"5266\" data-end=\"5277\">Allaire<\/strong> conna\u00eet des hivers doux, des \u00e9t\u00e9s mod\u00e9r\u00e9s et une pluviom\u00e9trie r\u00e9guli\u00e8re qui pr\u00e9serve la v\u00e9g\u00e9tation. Ce climat contribue au charme verdoyant du territoire.<\/p><h2 data-start=\"5439\" data-end=\"5468\"><strong data-start=\"5442\" data-end=\"5468\">Foire aux questions<\/strong><\/h2><p data-start=\"5470\" data-end=\"5533\"><strong data-start=\"5470\" data-end=\"5510\">Quelle est la population d\u2019Allaire ?<\/strong><br data-start=\"5510\" data-end=\"5513\" \/>\u2248 3 900 habitants.<\/p><p data-start=\"5535\" data-end=\"5600\"><strong data-start=\"5535\" data-end=\"5561\">O\u00f9 se trouve Allaire ?<\/strong><br data-start=\"5561\" data-end=\"5564\" \/>Dans le Morbihan, \u00e0 5 km de Redon.<\/p><p data-start=\"5602\" data-end=\"5691\"><strong data-start=\"5602\" data-end=\"5631\">Quels monuments visiter ?<\/strong><br data-start=\"5631\" data-end=\"5634\" \/>Manoir de Deil, \u00e9glise Saint-Gaudens, Ferme de Couesl\u00e9.<\/p><p data-start=\"5693\" data-end=\"5770\"><strong data-start=\"5693\" data-end=\"5729\">La commune est-elle labellis\u00e9e ?<\/strong><br data-start=\"5729\" data-end=\"5732\" \/>Oui, \u00ab Villes et Villages Fleuris \u00bb.<\/p><p data-start=\"5772\" data-end=\"5850\"><strong data-start=\"5772\" data-end=\"5811\">Y a-t-il des randonn\u00e9es \u00e0 Allaire ?<\/strong><br data-start=\"5811\" data-end=\"5814\" \/>Oui, notamment le circuit du Quip.<\/p><h2 data-start=\"5857\" data-end=\"5874\"><strong data-start=\"5860\" data-end=\"5874\">Conclusion<\/strong><\/h2><p data-start=\"5876\" data-end=\"6096\">M\u00ealant <strong data-start=\"5883\" data-end=\"5893\">nature<\/strong>, <strong data-start=\"5895\" data-end=\"5909\">patrimoine<\/strong> et <strong data-start=\"5913\" data-end=\"5929\">convivialit\u00e9<\/strong>, <strong data-start=\"5931\" data-end=\"5942\">Allaire<\/strong> est l\u2019une des perles du Morbihan. Que ce soit pour s\u2019y installer ou simplement y passer, la commune offre un cadre de vie \u00e9quilibr\u00e9 et plein de charme.<\/p><p data-start=\"6098\" data-end=\"6221\">Le site Officiel de la Mairie d\u2019Allaire, <a href=\"https:\/\/www.allaire.bzh\/\" target=\"_blank\" rel=\"noopener\">c\u2019est par ici!<\/a><\/p>\t\t\t\t\t\t\t\t<\/div>\n\t\t\t\t\t<\/div>\n\t\t\t\t<\/div>\n\t\t\t\t<\/div>\n\t\t","protected":false},"excerpt":{"rendered":"<p>Allaire Situ\u00e9e au c\u0153ur du Morbihan en Bretagne, Allaire est une commune \u00e0 l\u2019identit\u00e9 marqu\u00e9e par la richesse de son patrimoine et la beaut\u00e9 de ses paysages. Situ\u00e9e \u00e0 seulement quelques kilom\u00e8tres de Redon, elle se trouve dans un triangle strat\u00e9gique reliant Rennes, Nantes et Vannes. Cette localisation en fait un point de d\u00e9part id\u00e9al [&hellip;]<\/p>\n","protected":false},"author":97,"featured_media":0,"comment_status":"closed","ping_status":"closed","sticky":false,"template":"","format":"standard","meta":{"ngg_post_thumbnail":0,"footnotes":""},"categories":[477,2769,478,529],"tags":[],"class_list":["post-69077","post","type-post","status-publish","format-standard","hentry","category-france","category-allaire","category-bretagne","category-morbihan"],"_links":{"self":[{"href":"https:\/\/cparici.com\/de\/wp-json\/wp\/v2\/posts\/69077","targetHints":{"allow":["GET"]}}],"collection":[{"href":"https:\/\/cparici.com\/de\/wp-json\/wp\/v2\/posts"}],"about":[{"href":"https:\/\/cparici.com\/de\/wp-json\/wp\/v2\/types\/post"}],"author":[{"embeddable":true,"href":"https:\/\/cparici.com\/de\/wp-json\/wp\/v2\/users\/97"}],"replies":[{"embeddable":true,"href":"https:\/\/cparici.com\/de\/wp-json\/wp\/v2\/comments?post=69077"}],"version-history":[{"count":0,"href":"https:\/\/cparici.com\/de\/wp-json\/wp\/v2\/posts\/69077\/revisions"}],"wp:attachment":[{"href":"https:\/\/cparici.com\/de\/wp-json\/wp\/v2\/media?parent=69077"}],"wp:term":[{"taxonomy":"category","embeddable":true,"href":"https:\/\/cparici.com\/de\/wp-json\/wp\/v2\/categories?post=69077"},{"taxonomy":"post_tag","embeddable":true,"href":"https:\/\/cparici.com\/de\/wp-json\/wp\/v2\/tags?post=69077"}],"curies":[{"name":"wp","href":"https:\/\/api.w.org\/{rel}","templated":true}]}}