{"id":69178,"date":"2025-08-16T07:43:27","date_gmt":"2025-08-16T05:43:27","guid":{"rendered":"https:\/\/cparici.com\/?p=69178"},"modified":"2025-08-16T08:08:34","modified_gmt":"2025-08-16T06:08:34","slug":"fest-am-14-juli","status":"publish","type":"post","link":"https:\/\/cparici.com\/de\/fete-du-14-juillet\/","title":{"rendered":"Fest am 14. Juli"},"content":{"rendered":"\t\t<div data-elementor-type=\"wp-post\" data-elementor-id=\"69178\" class=\"elementor elementor-69178\" data-elementor-post-type=\"post\">\n\t\t\t\t<div class=\"elementor-element elementor-element-2d084cf e-con-full e-flex e-con e-parent\" data-id=\"2d084cf\" data-element_type=\"container\" data-e-type=\"container\">\n\t\t\t\t<div class=\"elementor-element elementor-element-1f79d83 elementor-widget elementor-widget-image\" data-id=\"1f79d83\" data-element_type=\"widget\" data-e-type=\"widget\" data-widget_type=\"image.default\">\n\t\t\t\t\t\t\t\t\t\t\t\t\t\t\t<img decoding=\"async\" width=\"1500\" height=\"530\" src=\"https:\/\/cparici.com\/wp-content\/uploads\/2025\/08\/cparici-2025-08-16T074805.338.jpg\" class=\"attachment-full size-full wp-image-69200\" alt=\"F\u00eate du 14 juillet\" srcset=\"https:\/\/cparici.com\/wp-content\/uploads\/2025\/08\/cparici-2025-08-16T074805.338.jpg 1500w, https:\/\/cparici.com\/wp-content\/uploads\/2025\/08\/cparici-2025-08-16T074805.338-300x106.jpg 300w, https:\/\/cparici.com\/wp-content\/uploads\/2025\/08\/cparici-2025-08-16T074805.338-1024x362.jpg 1024w, https:\/\/cparici.com\/wp-content\/uploads\/2025\/08\/cparici-2025-08-16T074805.338-768x271.jpg 768w, https:\/\/cparici.com\/wp-content\/uploads\/2025\/08\/cparici-2025-08-16T074805.338-18x6.jpg 18w, https:\/\/cparici.com\/wp-content\/uploads\/2025\/08\/cparici-2025-08-16T074805.338-590x208.jpg 590w, https:\/\/cparici.com\/wp-content\/uploads\/2025\/08\/cparici-2025-08-16T074805.338-1200x424.jpg 1200w, https:\/\/cparici.com\/wp-content\/uploads\/2025\/08\/cparici-2025-08-16T074805.338-577x204.jpg 577w, https:\/\/cparici.com\/wp-content\/uploads\/2025\/08\/cparici-2025-08-16T074805.338-600x212.jpg 600w\" sizes=\"(max-width: 1500px) 100vw, 1500px\" \/>\t\t\t\t\t\t\t\t\t\t\t\t\t\t\t<\/div>\n\t\t\t\t<\/div>\n\t\t<aside class=\"elementor-element elementor-element-b265574 e-flex e-con-boxed e-con e-parent\" data-id=\"b265574\" data-element_type=\"container\" data-e-type=\"container\">\n\t\t\t\t\t<div class=\"e-con-inner\">\n\t\t\t\t<div class=\"elementor-element elementor-element-5f299c1 elementor-widget elementor-widget-global elementor-global-62046 elementor-widget-eael-advanced-search\" data-id=\"5f299c1\" data-element_type=\"widget\" data-e-type=\"widget\" data-widget_type=\"eael-advanced-search.default\">\n\t\t\t\t\t        <div class=\"eael-adv-search-wrapper\">\n            <div id=\"eael-advanced-search-widget-5f299c1\" class=\"eael-advanced-search-widget\">\n                <form data-settings=\"{&quot;post_per_page&quot;:5,&quot;search_among_taxonomies&quot;:&quot;&quot;,&quot;search_among_sku&quot;:&quot;no&quot;,&quot;show_popular_keyword&quot;:0,&quot;show_category&quot;:0,&quot;show_content_image&quot;:1,&quot;show_search_result_all_results&quot;:0,&quot;result_on_new_tab&quot;:&quot;no&quot;,&quot;show_product_price&quot;:&quot;no&quot;,&quot;include_current_page&quot;:&quot;no&quot;,&quot;current_post_id&quot;:69178,&quot;post_type&quot;:[&quot;post&quot;,&quot;listing&quot;]}\" method=\"POST\" name=\"eael-advanced-search-form-5f299c1\" class=\"eael-advanced-search-form eael-advanced-search-form-style-2\">\n                    <div class=\"eael-advanced-search-wrap\">\n                        <span class=\"eael-adv-search-loader\"><\/span>\n                        <span class=\"eael-adv-search-close\"><i class=\"fas fa-times\"><\/i><\/span>\n                        <span class=\"icon \"><i class=\"fas fa-search\"><\/i><\/span>\n\n                        <input type=\"text\"\n                               placeholder=\"Votre destination\"\n                               class=\"eael-advanced-search\" autocomplete=\"off\" name=\"eael_advanced_search\">\n                    <\/div>\n\t\t\t\t\t                                    <\/form>\n\n\t\t\t\t\n\t\t\t\t        <div class=\"eael-advanced-search-result\">\n            <div class=\"eael-advanced-search-popular-keyword\">\n\t\t\t\t<h4 class=\"eael-advanced-search-popular-keyword-text\">Recherches populaires<\/h4>                <div class=\"eael-popular-keyword-content\"><\/div>\n            <\/div>\n            <div class=\"eael-advanced-search-category\">\n\t\t\t\t<h4 class=\"eael-advanced-search-category-text\">Categories<\/h4>                <div class=\"eael-popular-category-content\"><\/div>\n            <\/div>\n\t\t\t<div class=\"eael-advanced-search-total-results-section\">\n\t\t\t\t\t\t\t<\/div>\n            <div class=\"eael-advanced-search-content eael-item-style-3\">\n            <\/div>\n            <div class=\"eael-advanced-search-not-found\">\n                <p>Pas de r\u00e9sultats<\/p><div id=\"ez-toc-container\" class=\"ez-toc-v2_0_82_2 counter-hierarchy ez-toc-counter ez-toc-custom ez-toc-container-direction\">\n<div class=\"ez-toc-title-container\">\n<p class=\"ez-toc-title\" style=\"cursor:inherit\">Dans cet article<\/p>\n<span class=\"ez-toc-title-toggle\"><\/span><\/div>\n<nav><ul class='ez-toc-list ez-toc-list-level-1 ' ><li class='ez-toc-page-1 ez-toc-heading-level-2'><a class=\"ez-toc-link ez-toc-heading-1\" href=\"https:\/\/cparici.com\/de\/lacanau-plage\/#Lacanau_Plage_Un_Joyau_de_la_Cote_Atlantique\" >Lacanau Plage : Un Joyau de la C\u00f4te Atlantique<\/a><\/li><li class='ez-toc-page-1 ez-toc-heading-level-2'><a class=\"ez-toc-link ez-toc-heading-2\" href=\"https:\/\/cparici.com\/de\/lacanau-plage\/#Les_Plages_de_Lacanau\" >Les Plages de Lacanau<\/a><\/li><li class='ez-toc-page-1 ez-toc-heading-level-2'><a class=\"ez-toc-link ez-toc-heading-3\" href=\"https:\/\/cparici.com\/de\/lacanau-plage\/#Activites_a_Lacanau_Plage\" >Activit\u00e9s \u00e0 Lacanau Plage<\/a><\/li><li class='ez-toc-page-1 ez-toc-heading-level-2'><a class=\"ez-toc-link ez-toc-heading-4\" href=\"https:\/\/cparici.com\/de\/lacanau-plage\/#Camping_Lacanau_%E2%80%93_les_offres_dhebergement\" >Camping Lacanau \u2013 les offres d\u2019h\u00e9bergement<\/a><\/li><li class='ez-toc-page-1 ez-toc-heading-level-2'><a class=\"ez-toc-link ez-toc-heading-5\" href=\"https:\/\/cparici.com\/de\/lacanau-plage\/#Autour_de_Lacanau\" >Autour de Lacanau<\/a><\/li><li class='ez-toc-page-1 ez-toc-heading-level-2'><a class=\"ez-toc-link ez-toc-heading-6\" href=\"https:\/\/cparici.com\/de\/lacanau-plage\/#Evenements_sportifs_et_culturels_a_Lacanau-Ocean\" >\u00c9v\u00e9nements sportifs et culturels \u00e0 Lacanau-Oc\u00e9an<\/a><\/li><li class='ez-toc-page-1 ez-toc-heading-level-2'><a class=\"ez-toc-link ez-toc-heading-7\" href=\"https:\/\/cparici.com\/de\/lacanau-plage\/#Meteo_a_Lacanau_un_climat_oceanique_doux_et_agreable\" >M\u00e9t\u00e9o \u00e0 Lacanau : un climat oc\u00e9anique doux et agr\u00e9able<\/a><\/li><li class='ez-toc-page-1 ez-toc-heading-level-2'><a class=\"ez-toc-link ez-toc-heading-8\" href=\"https:\/\/cparici.com\/de\/lacanau-plage\/#Lacanau_Surf_Info_%E2%80%93_tout_savoir_pour_une_seance_de_surf_inoubliable\" >Lacanau Surf Info \u2013 tout savoir pour une s\u00e9ance de surf inoubliable<\/a><\/li><li class='ez-toc-page-1 ez-toc-heading-level-2'><a class=\"ez-toc-link ez-toc-heading-9\" href=\"https:\/\/cparici.com\/de\/lacanau-plage\/#%E2%80%8BWebcam_Lacanau_observez_la_plage_en_direct%E2%80%8B\" >\u200bWebcam Lacanau : observez la plage en direct\u200b<\/a><\/li><li class='ez-toc-page-1 ez-toc-heading-level-2'><a class=\"ez-toc-link ez-toc-heading-10\" href=\"https:\/\/cparici.com\/de\/lacanau-plage\/#FAQ_sur_Lacanau_Plage\" >FAQ sur Lacanau Plage<\/a><\/li><\/ul><\/nav><\/div>\n<\/div>\n            <div class=\"eael-advanced-search-load-more\">\n\t\t\t\t<a \tclass=\"eael-advanced-search-load-more-button\"\n                \thref=\"#\">Voir tous les r\u00e9sultats<\/a>\n            <\/div>\n        <\/div>\n\n\t\t            <\/div>\n        <\/div>\n\n\t\t\t\t\t\t<\/div>\n\t\t\t\t\t<\/div>\n\t\t\t\t<\/aside>\n\t\t<div class=\"elementor-element elementor-element-e28864a e-flex e-con-boxed e-con e-parent\" data-id=\"e28864a\" data-element_type=\"container\" data-e-type=\"container\">\n\t\t\t\t\t<div class=\"e-con-inner\">\n\t\t\t\t<div class=\"elementor-element elementor-element-1c6a4289 elementor-widget elementor-widget-text-editor\" data-id=\"1c6a4289\" data-element_type=\"widget\" data-e-type=\"widget\" data-widget_type=\"text-editor.default\">\n\t\t\t\t\t\t\t\t\t<h1 style=\"text-align: center;\" data-start=\"284\" data-end=\"329\">F\u00eate du 14 juillet<\/h1><h3 data-start=\"284\" data-end=\"329\">Origines historiques et double symbolique<\/h3><p data-start=\"331\" data-end=\"714\">La <strong data-start=\"334\" data-end=\"356\">f\u00eate du 14 juillet<\/strong> trouve ses racines dans deux \u00e9v\u00e9nements majeurs de la R\u00e9volution fran\u00e7aise qui, bien que distincts dans leur nature, sont aujourd\u2019hui r\u00e9unis pour former la c\u00e9l\u00e9bration nationale fran\u00e7aise. Cette <strong data-start=\"552\" data-end=\"573\">double symbolique<\/strong>, \u00e0 la fois r\u00e9volutionnaire et f\u00e9d\u00e9rative, constitue l\u2019un des fondements historiques les plus puissants de l\u2019identit\u00e9 r\u00e9publicaine fran\u00e7aise.<\/p><h4 data-start=\"716\" data-end=\"762\">La prise de la Bastille (14 juillet 1789)<\/h4><p data-start=\"764\" data-end=\"1620\">Le 14 juillet 1789, le peuple de <a href=\"https:\/\/cparici.com\/paris\/\">Paris<\/a> prend d\u2019assaut la prison de la Bastille, symbole de l\u2019autorit\u00e9 monarchique arbitraire. \u00c0 cette \u00e9poque, la Bastille \u00e9tait per\u00e7ue comme une forteresse oppressante, incarnant les d\u00e9rives du pouvoir absolu. Cette journ\u00e9e marque le d\u00e9but de la R\u00e9volution fran\u00e7aise et la chute de l\u2019Ancien R\u00e9gime. Ce soul\u00e8vement, motiv\u00e9 par la famine, les in\u00e9galit\u00e9s sociales, et la crise politique du royaume, ouvre la voie \u00e0 une refonte compl\u00e8te de la soci\u00e9t\u00e9 fran\u00e7aise.<br data-start=\"1253\" data-end=\"1256\" \/>La <strong data-start=\"1259\" data-end=\"1283\">prise de la Bastille<\/strong> devient rapidement un symbole fort : celui de la libert\u00e9 conquise par le peuple. Elle cristallise les <strong data-start=\"1386\" data-end=\"1414\">valeurs de la R\u00e9volution<\/strong> \u2013 libert\u00e9, \u00e9galit\u00e9, souverainet\u00e9 populaire \u2013 et s\u2019impose dans l\u2019imaginaire collectif comme un acte fondateur de la <strong data-start=\"1530\" data-end=\"1554\">R\u00e9publique fran\u00e7aise<\/strong>. Elle marque aussi une rupture radicale avec l\u2019absolutisme royal.<\/p><h4 data-start=\"1622\" data-end=\"1669\">La F\u00eate de la F\u00e9d\u00e9ration (14 juillet 1790)<\/h4><p data-start=\"1671\" data-end=\"2530\">Un an plus tard, le 14 juillet 1790, la France c\u00e9l\u00e8bre un autre moment fort : la <strong data-start=\"1752\" data-end=\"1777\">F\u00eate de la F\u00e9d\u00e9ration<\/strong>, organis\u00e9e au Champ-de-Mars \u00e0 Paris. Contrairement \u00e0 l\u2019\u00e9pisode violent de l\u2019ann\u00e9e pr\u00e9c\u00e9dente, cette c\u00e9l\u00e9bration est plac\u00e9e sous le signe de la paix, de l\u2019unit\u00e9 et de la r\u00e9conciliation nationale. Pr\u00e8s de 100 000 citoyens et repr\u00e9sentants venus de toutes les r\u00e9gions du pays, appel\u00e9es alors d\u00e9partements, se r\u00e9unissent pour affirmer leur adh\u00e9sion aux principes de la Constitution en cours d\u2019\u00e9laboration.<br data-start=\"2179\" data-end=\"2182\" \/>Le roi Louis XVI y pr\u00eate serment \u00e0 la Nation, acceptant de devenir un <strong data-start=\"2252\" data-end=\"2280\">monarque constitutionnel<\/strong>. Cette f\u00eate est donc marqu\u00e9e par une volont\u00e9 d\u2019unification entre le peuple, l\u2019arm\u00e9e, les autorit\u00e9s civiles et le roi. Elle incarne l\u2019espoir d\u2019un <strong data-start=\"2426\" data-end=\"2449\">nouvel ordre social<\/strong> fond\u00e9 sur des principes r\u00e9publicains, bien que cette union se r\u00e9v\u00e9lera \u00e9ph\u00e9m\u00e8re.<\/p><figure id=\"attachment_69183\" aria-describedby=\"caption-attachment-69183\" style=\"width: 1500px\" class=\"wp-caption aligncenter\"><a href=\"https:\/\/cparici.com\/wp-content\/uploads\/2025\/08\/cparici-2025-08-14T083240.196.jpg\"><img decoding=\"async\" class=\"wp-image-69183 size-full\" src=\"https:\/\/cparici.com\/wp-content\/uploads\/2025\/08\/cparici-2025-08-14T083240.196.jpg\" alt=\"f\u00eate du 14 juilllet\" width=\"1500\" height=\"530\" srcset=\"https:\/\/cparici.com\/wp-content\/uploads\/2025\/08\/cparici-2025-08-14T083240.196.jpg 1500w, https:\/\/cparici.com\/wp-content\/uploads\/2025\/08\/cparici-2025-08-14T083240.196-300x106.jpg 300w, https:\/\/cparici.com\/wp-content\/uploads\/2025\/08\/cparici-2025-08-14T083240.196-1024x362.jpg 1024w, https:\/\/cparici.com\/wp-content\/uploads\/2025\/08\/cparici-2025-08-14T083240.196-768x271.jpg 768w, https:\/\/cparici.com\/wp-content\/uploads\/2025\/08\/cparici-2025-08-14T083240.196-18x6.jpg 18w, https:\/\/cparici.com\/wp-content\/uploads\/2025\/08\/cparici-2025-08-14T083240.196-590x208.jpg 590w, https:\/\/cparici.com\/wp-content\/uploads\/2025\/08\/cparici-2025-08-14T083240.196-1200x424.jpg 1200w, https:\/\/cparici.com\/wp-content\/uploads\/2025\/08\/cparici-2025-08-14T083240.196-577x204.jpg 577w, https:\/\/cparici.com\/wp-content\/uploads\/2025\/08\/cparici-2025-08-14T083240.196-600x212.jpg 600w\" sizes=\"(max-width: 1500px) 100vw, 1500px\" \/><\/a><figcaption id=\"caption-attachment-69183\" class=\"wp-caption-text\">f\u00eate du 14 juilllet<\/figcaption><\/figure><h4 data-start=\"2532\" data-end=\"2583\">La loi du 6 juillet 1880 : un choix symbolique<\/h4><p data-start=\"2585\" data-end=\"3317\">C\u2019est en 1880, sous la Troisi\u00e8me R\u00e9publique, que la <strong data-start=\"2637\" data-end=\"2659\">f\u00eate du 14 juillet<\/strong> devient officiellement la <strong data-start=\"2686\" data-end=\"2714\">f\u00eate nationale fran\u00e7aise<\/strong>, gr\u00e2ce \u00e0 une loi port\u00e9e par le d\u00e9put\u00e9 radical Benjamin Raspail. Fait notable, cette loi ne pr\u00e9cise pas si elle comm\u00e9more la Bastille ou la F\u00e9d\u00e9ration. Ce flou volontaire permet de <strong data-start=\"2895\" data-end=\"2940\">rassembler les sensibilit\u00e9s r\u00e9publicaines<\/strong>, en conciliant l\u2019h\u00e9ritage de la lutte r\u00e9volutionnaire et celui d\u2019une unit\u00e9 nationale pacifi\u00e9e.<br data-start=\"3035\" data-end=\"3038\" \/>Ce choix juridique et symbolique refl\u00e8te la strat\u00e9gie des r\u00e9publicains de la Troisi\u00e8me R\u00e9publique : asseoir la l\u00e9gitimit\u00e9 du r\u00e9gime r\u00e9publicain en le reliant \u00e0 l\u2019imaginaire fondateur de la R\u00e9volution, tout en apaisant les tensions politiques encore vives \u00e0 la fin du XIXe si\u00e8cle.<\/p><h4 data-start=\"3319\" data-end=\"3349\">La f\u00eate du 14 juillet, une f\u00eate \u00e0 double lecture<\/h4><p data-start=\"3351\" data-end=\"4058\">Cette double r\u00e9f\u00e9rence fait de la <strong data-start=\"3385\" data-end=\"3407\">f\u00eate du 14 juillet<\/strong> une c\u00e9l\u00e9bration unique dans l\u2019histoire des nations. Elle permet \u00e0 chacun d\u2019y trouver un sens : pour certains, c\u2019est une f\u00eate de la libert\u00e9 et de l\u2019\u00e9mancipation populaire ; pour d\u2019autres, une c\u00e9l\u00e9bration de la fraternit\u00e9 et de la concorde nationale. Cette richesse de sens renforce la puissance symbolique de la date, en en faisant <strong data-start=\"3739\" data-end=\"3777\">le socle m\u00e9moriel de la R\u00e9publique<\/strong>.<br data-start=\"3778\" data-end=\"3781\" \/>Aujourd\u2019hui encore, cette dualit\u00e9 se refl\u00e8te dans les c\u00e9l\u00e9brations m\u00ealant <strong data-start=\"3855\" data-end=\"3877\">hommages officiels<\/strong> (d\u00e9fil\u00e9 militaire, allocutions pr\u00e9sidentielles) et <strong data-start=\"3929\" data-end=\"3954\">festivit\u00e9s populaires<\/strong> (feux d\u2019artifice, bals des pompiers), illustrant la <strong data-start=\"4007\" data-end=\"4046\">profondeur historique et culturelle<\/strong> de la f\u00eate.<\/p><h3 data-start=\"140\" data-end=\"182\">\u00c9volution des c\u00e9l\u00e9brations officielles de la\u00a0f\u00eate du 14 juillet<\/h3><p data-start=\"184\" data-end=\"521\">Au fil des d\u00e9cennies, la <strong data-start=\"209\" data-end=\"231\">f\u00eate du 14 juillet<\/strong> a connu de nombreuses \u00e9volutions dans la mani\u00e8re dont elle est c\u00e9l\u00e9br\u00e9e par les institutions fran\u00e7aises. D\u2019une c\u00e9l\u00e9bration militaire formelle \u00e0 un \u00e9v\u00e9nement t\u00e9l\u00e9vis\u00e9 suivi dans le monde entier, cette f\u00eate est devenue un rendez-vous symbolique et m\u00e9diatique incontournable de la R\u00e9publique.<\/p><h4 data-start=\"523\" data-end=\"573\">Les premi\u00e8res c\u00e9l\u00e9brations officielles (1880)<\/h4><p data-start=\"575\" data-end=\"1260\">D\u00e8s son adoption comme <strong data-start=\"598\" data-end=\"616\">f\u00eate nationale<\/strong> en 1880, le gouvernement r\u00e9publicain met en place une s\u00e9rie de rituels destin\u00e9s \u00e0 ancrer la nouvelle R\u00e9publique dans les esprits. Le 14 juillet de cette ann\u00e9e-l\u00e0, un <strong data-start=\"783\" data-end=\"809\">grand d\u00e9fil\u00e9 militaire<\/strong> est organis\u00e9 \u00e0 l\u2019hippodrome de Longchamp, en pr\u00e9sence du pr\u00e9sident Jules Gr\u00e9vy. Ce d\u00e9fil\u00e9, accompagn\u00e9 de c\u00e9r\u00e9monies patriotiques et de festivit\u00e9s populaires, marque le d\u00e9but d\u2019une tradition destin\u00e9e \u00e0 glorifier l\u2019arm\u00e9e fran\u00e7aise tout en affirmant les valeurs de la R\u00e9publique.<br data-start=\"1086\" data-end=\"1089\" \/>L\u2019objectif est clair : d\u00e9montrer la <strong data-start=\"1125\" data-end=\"1147\">force r\u00e9publicaine<\/strong>, renforcer la coh\u00e9sion nationale et l\u00e9gitimer le r\u00e9gime face aux monarchistes et bonapartistes encore influents.<\/p><h4 data-start=\"1262\" data-end=\"1314\">L\u2019installation du d\u00e9fil\u00e9 sur les Champs\u2011\u00c9lys\u00e9es<\/h4><p data-start=\"1316\" data-end=\"1785\">Le c\u00e9l\u00e8bre <strong data-start=\"1327\" data-end=\"1347\">d\u00e9fil\u00e9 militaire<\/strong> du 14 juillet tel qu\u2019on le conna\u00eet aujourd\u2019hui s\u2019installe sur les <strong data-start=\"1414\" data-end=\"1432\">Champs-\u00c9lys\u00e9es<\/strong> en 1919, au lendemain de la Premi\u00e8re Guerre mondiale. Cette d\u00e9cision est hautement symbolique : il s\u2019agit de rendre hommage aux soldats de la Grande Guerre et de montrer la puissance retrouv\u00e9e de la France.<br data-start=\"1639\" data-end=\"1642\" \/>Depuis lors, ce lieu prestigieux reste le cadre r\u00e9gulier des d\u00e9fil\u00e9s, avec des exceptions notables en p\u00e9riode de crise ou d\u2019\u00e9v\u00e9nements majeurs.<\/p><h4 data-start=\"1787\" data-end=\"1844\">Des interruptions pendant la Seconde Guerre mondiale<\/h4><p data-start=\"1846\" data-end=\"2349\">Entre 1940 et 1944, sous l\u2019Occupation allemande, les c\u00e9l\u00e9brations officielles de la <strong data-start=\"1930\" data-end=\"1952\">f\u00eate du 14 juillet<\/strong> sont interdites. Cependant, des <strong data-start=\"1985\" data-end=\"2016\">manifestations clandestines<\/strong> ont lieu, notamment en 1942 \u00e0 Paris, o\u00f9 les r\u00e9sistants organisent des d\u00e9p\u00f4ts de gerbes et des actions symboliques en m\u00e9moire de la R\u00e9publique.<br data-start=\"2159\" data-end=\"2162\" \/>En 1945, apr\u00e8s la Lib\u00e9ration, le d\u00e9fil\u00e9 reprend dans la liesse g\u00e9n\u00e9rale, avec un cort\u00e8ge sur la place de la Bastille marquant la victoire des valeurs r\u00e9publicaines sur l\u2019oppression nazie.<\/p><h4 data-start=\"2351\" data-end=\"2394\">Une f\u00eate r\u00e9invent\u00e9e au fil des \u00e9poques<\/h4><p data-start=\"2396\" data-end=\"3127\">Durant les ann\u00e9es suivantes, le d\u00e9fil\u00e9 militaire devient une institution ancr\u00e9e dans la vie politique et symbolique fran\u00e7aise. Chaque pr\u00e9sident y appose sa touche : Charles de Gaulle en fait un outil de rayonnement diplomatique, Fran\u00e7ois Mitterrand met l\u2019accent sur les liens europ\u00e9ens, Jacques Chirac fait participer des troupes \u00e9trang\u00e8res, et Emmanuel Macron y introduit en 2017 un hommage aux forces sp\u00e9ciales.<br data-start=\"2809\" data-end=\"2812\" \/>L\u2019ann\u00e9e 2024 marque une exception : en raison des <strong data-start=\"2862\" data-end=\"2890\">Jeux Olympiques de Paris<\/strong>, le d\u00e9fil\u00e9 se tient sur l\u2019avenue Foch, au lieu des Champs-\u00c9lys\u00e9es, pour permettre les travaux sur les tribunes olympiques. En 2025, il retrouve son trac\u00e9 habituel, avec une participation exceptionnelle de l\u2019Indon\u00e9sie, invit\u00e9e d\u2019honneur.<\/p><p data-start=\"2396\" data-end=\"3127\"><a href=\"https:\/\/cparici.com\/wp-content\/uploads\/2025\/08\/cparici-2025-08-14T083127.183.jpg\"><img decoding=\"async\" class=\"aligncenter wp-image-69185 size-full\" src=\"https:\/\/cparici.com\/wp-content\/uploads\/2025\/08\/cparici-2025-08-14T083127.183.jpg\" alt=\"14 juillet\" width=\"1500\" height=\"530\" srcset=\"https:\/\/cparici.com\/wp-content\/uploads\/2025\/08\/cparici-2025-08-14T083127.183.jpg 1500w, https:\/\/cparici.com\/wp-content\/uploads\/2025\/08\/cparici-2025-08-14T083127.183-300x106.jpg 300w, https:\/\/cparici.com\/wp-content\/uploads\/2025\/08\/cparici-2025-08-14T083127.183-1024x362.jpg 1024w, https:\/\/cparici.com\/wp-content\/uploads\/2025\/08\/cparici-2025-08-14T083127.183-768x271.jpg 768w, https:\/\/cparici.com\/wp-content\/uploads\/2025\/08\/cparici-2025-08-14T083127.183-18x6.jpg 18w, https:\/\/cparici.com\/wp-content\/uploads\/2025\/08\/cparici-2025-08-14T083127.183-590x208.jpg 590w, https:\/\/cparici.com\/wp-content\/uploads\/2025\/08\/cparici-2025-08-14T083127.183-1200x424.jpg 1200w, https:\/\/cparici.com\/wp-content\/uploads\/2025\/08\/cparici-2025-08-14T083127.183-577x204.jpg 577w, https:\/\/cparici.com\/wp-content\/uploads\/2025\/08\/cparici-2025-08-14T083127.183-600x212.jpg 600w\" sizes=\"(max-width: 1500px) 100vw, 1500px\" \/><\/a><\/p><h4 data-start=\"3129\" data-end=\"3187\">Une mise en sc\u00e8ne de la puissance et de la fraternit\u00e9<\/h4><p data-start=\"3189\" data-end=\"3703\">Aujourd\u2019hui, la <strong data-start=\"3205\" data-end=\"3227\">f\u00eate du 14 juillet<\/strong> est l\u2019occasion pour la France de mettre en sc\u00e8ne sa puissance militaire, sa diversit\u00e9 r\u00e9publicaine, mais aussi sa fraternit\u00e9 avec d\u2019autres nations. Les d\u00e9fil\u00e9s incluent souvent des contingents \u00e9trangers, notamment ceux de pays francophones ou partenaires strat\u00e9giques.<br data-start=\"3496\" data-end=\"3499\" \/>La c\u00e9r\u00e9monie est suivie par des millions de t\u00e9l\u00e9spectateurs en France et \u00e0 l\u2019\u00e9tranger, et les images de la Patrouille de France colorant le ciel parisien en bleu, blanc, rouge sont devenues embl\u00e9matiques.<\/p><h3 data-start=\"185\" data-end=\"241\">Le 14 juillet aujourd\u2019hui : c\u00e9r\u00e9monies et animations<\/h3><p data-start=\"243\" data-end=\"565\">La <strong data-start=\"246\" data-end=\"268\">f\u00eate du 14 juillet<\/strong> moderne est bien plus qu\u2019un hommage militaire : c\u2019est une journ\u00e9e marqu\u00e9e par une multitude de <strong data-start=\"364\" data-end=\"390\">c\u00e9r\u00e9monies officielles<\/strong> et <strong data-start=\"394\" data-end=\"419\">animations populaires<\/strong> \u00e0 travers toute la France. Ce jour f\u00e9ri\u00e9 incarne la vitalit\u00e9 de la R\u00e9publique dans sa diversit\u00e9, m\u00ealant rigueur protocolaire et ambiance festive.<\/p><h4 data-start=\"567\" data-end=\"599\">Le d\u00e9fil\u00e9 militaire \u00e0 Paris<\/h4><p data-start=\"601\" data-end=\"1502\">Le point culminant des festivit\u00e9s nationales reste le <strong data-start=\"655\" data-end=\"675\">d\u00e9fil\u00e9 militaire<\/strong> qui se d\u00e9roule chaque ann\u00e9e sur les <strong data-start=\"712\" data-end=\"730\">Champs-\u00c9lys\u00e9es<\/strong>, \u00e0 Paris. Il d\u00e9bute g\u00e9n\u00e9ralement \u00e0 10 heures et rassemble pr\u00e8s de 4 000 soldats, accompagn\u00e9s de v\u00e9hicules blind\u00e9s, chars, avions de chasse et h\u00e9licopt\u00e8res de l\u2019arm\u00e9e fran\u00e7aise.<br data-start=\"907\" data-end=\"910\" \/>Les forces arm\u00e9es y d\u00e9filent devant le pr\u00e9sident de la R\u00e9publique, les membres du gouvernement, des ambassadeurs et des d\u00e9l\u00e9gations \u00e9trang\u00e8res. Cette c\u00e9r\u00e9monie met en avant le <strong data-start=\"1086\" data-end=\"1132\">r\u00f4le central de l\u2019arm\u00e9e dans la R\u00e9publique<\/strong>, ainsi que l\u2019importance de la d\u00e9fense nationale.<\/p><p data-start=\"601\" data-end=\"1502\">La c\u00e9l\u00e8bre <strong data-start=\"1195\" data-end=\"1219\">Patrouille de France<\/strong> ouvre le d\u00e9fil\u00e9 a\u00e9rien avec ses fumig\u00e8nes tricolores, survolant l\u2019avenue dans un spectacle \u00e0 la fois solennel et spectaculaire. Chaque ann\u00e9e, une ou plusieurs nations sont invit\u00e9es \u00e0 d\u00e9filer, renfor\u00e7ant les liens diplomatiques et symbolisant la coop\u00e9ration militaire internationale.<\/p><h4 data-start=\"1504\" data-end=\"1544\">Le feu d\u2019artifice de la tour Eiffel<\/h4><p data-start=\"1546\" data-end=\"2163\">En soir\u00e9e, c\u2019est un tout autre d\u00e9cor qui prend le relais : le <strong data-start=\"1608\" data-end=\"1640\">feu d\u2019artifice du 14 juillet<\/strong>, tir\u00e9 depuis la tour Eiffel et les jardins du Trocad\u00e9ro, attire des centaines de milliers de spectateurs. Le spectacle pyrotechnique dure environ 30 minutes et est souvent accompagn\u00e9 de musique, th\u00e8me visuel et effets sp\u00e9ciaux synchronis\u00e9s, cr\u00e9ant une atmosph\u00e8re magique et conviviale.<br data-start=\"1926\" data-end=\"1929\" \/>Ce feu d\u2019artifice, gratuit et accessible \u00e0 tous, est devenu une tradition incontournable, retransmise \u00e0 la t\u00e9l\u00e9vision et sur les r\u00e9seaux sociaux, consolidant l\u2019image de la <strong data-start=\"2101\" data-end=\"2123\">f\u00eate du 14 juillet<\/strong> comme moment de rassemblement national.<\/p><h4 data-start=\"2165\" data-end=\"2201\">Les bals populaires et concerts<\/h4><p data-start=\"2203\" data-end=\"2751\">Autre moment fort de la journ\u00e9e : les <strong data-start=\"2241\" data-end=\"2260\">bals populaires<\/strong> organis\u00e9s dans les villes, villages et casernes de pompiers. Le plus embl\u00e9matique est le <strong data-start=\"2350\" data-end=\"2370\">bal des pompiers<\/strong>, qui se tient g\u00e9n\u00e9ralement dans la nuit du 13 au 14 juillet, ou celle du 14 au 15, selon les localit\u00e9s.<br data-start=\"2474\" data-end=\"2477\" \/>Ces \u00e9v\u00e9nements festifs, souvent gratuits, rassemblent toutes les g\u00e9n\u00e9rations autour de la musique, de la danse et de la convivialit\u00e9. L\u2019ambiance y est bon enfant, et les recettes des ventes sont g\u00e9n\u00e9ralement revers\u00e9es \u00e0 des \u0153uvres caritatives ou \u00e0 l\u2019\u00e9quipement des casernes.<\/p><h4 data-start=\"2753\" data-end=\"2798\">Les festivit\u00e9s locales dans tout le pays<\/h4><p data-start=\"2800\" data-end=\"3400\">Au-del\u00e0 de la capitale, la <strong data-start=\"2827\" data-end=\"2849\">f\u00eate du 14 juillet<\/strong> est aussi tr\u00e8s vivante dans les r\u00e9gions, avec des <strong data-start=\"2900\" data-end=\"2926\">feux d\u2019artifice locaux<\/strong>, <strong data-start=\"2928\" data-end=\"2950\">repas r\u00e9publicains<\/strong>, animations pour enfants, <strong data-start=\"2977\" data-end=\"3002\">concerts en plein air<\/strong>, concours de p\u00e9tanque et autres manifestations.<br data-start=\"3050\" data-end=\"3053\" \/>Chaque commune propose ses propres festivit\u00e9s, renfor\u00e7ant l\u2019identit\u00e9 locale tout en s\u2019inscrivant dans une dynamique nationale. Le site <a class=\"\" href=\"https:\/\/cparici.com\/fr\/visiter-la-france-guide-des-regions-et-sites-touristiques\" target=\"_new\" rel=\"noopener\" data-start=\"3188\" data-end=\"3279\">du pays<\/a> recense plusieurs de ces \u00e9v\u00e9nements, utiles pour les visiteurs et r\u00e9sidents souhaitant vivre la f\u00eate en dehors de Paris.<\/p><h4 data-start=\"3402\" data-end=\"3447\">Une f\u00eate moderne, accessible et partag\u00e9e<\/h4><p data-start=\"3449\" data-end=\"3928\">Gr\u00e2ce \u00e0 la t\u00e9l\u00e9vision, aux plateformes de streaming et aux r\u00e9seaux sociaux, la <strong data-start=\"3528\" data-end=\"3550\">f\u00eate du 14 juillet<\/strong> s\u2019exporte au-del\u00e0 des fronti\u00e8res fran\u00e7aises. Les Fran\u00e7ais de l\u2019\u00e9tranger suivent souvent les c\u00e9l\u00e9brations en ligne ou participent \u00e0 des r\u00e9ceptions organis\u00e9es par les ambassades.<br data-start=\"3727\" data-end=\"3730\" \/>La f\u00eate est ainsi devenue une <strong data-start=\"3760\" data-end=\"3798\">vitrine de la France contemporaine<\/strong>, de ses traditions et de sa culture populaire, c\u00e9l\u00e9br\u00e9e aussi bien dans les grandes m\u00e9tropoles que dans les plus petits villages.<\/p><h3 data-start=\"227\" data-end=\"264\">Symboles et embl\u00e8mes r\u00e9publicains<\/h3><p data-start=\"266\" data-end=\"671\">La <strong data-start=\"269\" data-end=\"291\">f\u00eate du 14 juillet<\/strong> est bien plus qu\u2019un jour de d\u00e9fil\u00e9 et de festivit\u00e9s\u202f: elle est aussi l\u2019occasion de mettre \u00e0 l\u2019honneur les <strong data-start=\"398\" data-end=\"448\">symboles fondateurs de la R\u00e9publique fran\u00e7aise<\/strong>, qui incarnent ses valeurs fondamentales. Ces embl\u00e8mes sont omnipr\u00e9sents dans les c\u00e9r\u00e9monies officielles, les d\u00e9corations urbaines et les discours politiques, consolidant la m\u00e9moire collective et l\u2019attachement \u00e0 la nation.<\/p><h4 data-start=\"673\" data-end=\"698\">Le drapeau tricolore<\/h4><p data-start=\"700\" data-end=\"1229\">Le <strong data-start=\"703\" data-end=\"731\">drapeau bleu-blanc-rouge<\/strong>, n\u00e9 sous la R\u00e9volution fran\u00e7aise, est l\u2019un des plus puissants symboles de la R\u00e9publique. Il associe le blanc, couleur traditionnelle de la monarchie, aux bleu et rouge, couleurs de la ville de Paris.<br data-start=\"931\" data-end=\"934\" \/>Durant la <strong data-start=\"944\" data-end=\"966\">f\u00eate du 14 juillet<\/strong>, ce drapeau est d\u00e9ploy\u00e9 partout\u202f: sur les balcons, dans les rues, en t\u00eate des cort\u00e8ges militaires, et sur tous les b\u00e2timents publics. Il est aussi pr\u00e9sent lors du passage a\u00e9rien de la Patrouille de France, qui trace les couleurs du drapeau dans le ciel parisien.<\/p><h4 data-start=\"1231\" data-end=\"1274\">Marianne, incarnation de la R\u00e9publique<\/h4><p data-start=\"1276\" data-end=\"1777\"><strong data-start=\"1276\" data-end=\"1288\">Marianne<\/strong> repr\u00e9sente l\u2019all\u00e9gorie de la R\u00e9publique et de la libert\u00e9. Pr\u00e9sente dans toutes les mairies et symboliquement sur les timbres et pi\u00e8ces de monnaie, elle porte souvent le bonnet phrygien, signe d\u2019\u00e9mancipation.<br data-start=\"1496\" data-end=\"1499\" \/>Le 14 juillet, son image est parfois reprise dans les spectacles pyrotechniques ou les d\u00e9corations festives, rappelant son r\u00f4le de <strong data-start=\"1630\" data-end=\"1683\">figure maternelle et protectrice de la R\u00e9publique<\/strong>. Elle est aussi \u00e9voqu\u00e9e dans les discours officiels comme personnification de la nation unie.<\/p><h4 data-start=\"1779\" data-end=\"1837\">La devise r\u00e9publicaine : Libert\u00e9, \u00c9galit\u00e9, Fraternit\u00e9<\/h4><p data-start=\"1839\" data-end=\"2316\">Appos\u00e9e sur tous les b\u00e2timents de l\u2019\u00c9tat, la <strong data-start=\"1884\" data-end=\"1907\">devise r\u00e9publicaine<\/strong> est au c\u0153ur de la signification de la <strong data-start=\"1946\" data-end=\"1968\">f\u00eate du 14 juillet<\/strong>. H\u00e9rit\u00e9e des Lumi\u00e8res et de la R\u00e9volution, cette trilogie est prononc\u00e9e dans les allocutions pr\u00e9sidentielles, reprise dans les documents officiels et inscrite symboliquement sur les affiches des festivit\u00e9s.<br data-start=\"2175\" data-end=\"2178\" \/>Elle rappelle les fondements id\u00e9ologiques de la R\u00e9publique fran\u00e7aise, que cette f\u00eate vient pr\u00e9cis\u00e9ment comm\u00e9morer et raviver chaque ann\u00e9e.<\/p><h4 data-start=\"2318\" data-end=\"2357\">L\u2019hymne national : La Marseillaise<\/h4><p data-start=\"2359\" data-end=\"2890\">Entonn\u00e9e solennellement au d\u00e9but et \u00e0 la fin des c\u00e9r\u00e9monies militaires, <strong data-start=\"2431\" data-end=\"2450\">La Marseillaise<\/strong> est l\u2019hymne incontournable de la <strong data-start=\"2484\" data-end=\"2506\">f\u00eate du 14 juillet<\/strong>. Compos\u00e9e en 1792 par Rouget de Lisle, elle galvanise les troupes r\u00e9publicaines pendant la R\u00e9volution fran\u00e7aise.<br data-start=\"2619\" data-end=\"2622\" \/>Chant\u00e9e par les chorales lors du concert de Paris, diffus\u00e9e dans les bals et m\u00eame utilis\u00e9e dans les feux d\u2019artifice, elle marque l\u2019unit\u00e9 du peuple autour de ses id\u00e9aux fondateurs. Les paroles r\u00e9sonnent avec force \u00e0 chaque c\u00e9l\u00e9bration, port\u00e9es par l\u2019\u00e9motion collective.<\/p><h4 data-start=\"2892\" data-end=\"2916\">Le Bleuet de France<\/h4><p data-start=\"2918\" data-end=\"3540\">Moins connu que le coquelicot britannique, le <strong data-start=\"2964\" data-end=\"2984\">Bleuet de France<\/strong> est un symbole officiel du souvenir et de la solidarit\u00e9 envers les anciens combattants, victimes de guerre et veuves. Il est port\u00e9 en boutonni\u00e8re par les personnalit\u00e9s politiques et militaires lors de la <strong data-start=\"3189\" data-end=\"3211\">f\u00eate du 14 juillet<\/strong>, et vendu pour soutenir les \u0153uvres caritatives.<br data-start=\"3259\" data-end=\"3262\" \/>Cr\u00e9\u00e9 apr\u00e8s la Premi\u00e8re Guerre mondiale, le bleuet c\u00e9l\u00e8bre son centenaire en 2025, faisant l\u2019objet d\u2019une campagne nationale de reconnaissance et de valorisation. Il incarne la <strong data-start=\"3437\" data-end=\"3494\">m\u00e9moire vivante de ceux qui ont d\u00e9fendu la R\u00e9publique<\/strong>, ajoutant une dimension \u00e9motive \u00e0 cette f\u00eate.<\/p><h3 data-start=\"201\" data-end=\"235\">Traditions festives populaires<\/h3><p data-start=\"237\" data-end=\"713\">Si les c\u00e9r\u00e9monies officielles du matin donnent \u00e0 la <strong data-start=\"289\" data-end=\"311\">f\u00eate du 14 juillet<\/strong> sa solennit\u00e9 r\u00e9publicaine, c\u2019est dans la nuit tomb\u00e9e que les Fran\u00e7ais c\u00e9l\u00e8brent sa <strong data-start=\"395\" data-end=\"430\">dimension festive et conviviale<\/strong>. Depuis plus d\u2019un si\u00e8cle, des traditions populaires se sont impos\u00e9es dans tout le pays, transformant cette journ\u00e9e en une v\u00e9ritable f\u00eate du peuple. Ces c\u00e9l\u00e9brations sont l\u2019expression directe de l\u2019adh\u00e9sion collective aux valeurs de la R\u00e9publique dans un esprit de joie et de partage.<\/p><h4 data-start=\"715\" data-end=\"763\">Le bal des pompiers : une tradition vivante<\/h4><p data-start=\"765\" data-end=\"1588\">L\u2019une des traditions les plus embl\u00e9matiques de la <strong data-start=\"815\" data-end=\"837\">f\u00eate du 14 juillet<\/strong> est le <strong data-start=\"845\" data-end=\"865\">bal des pompiers<\/strong>. N\u00e9 en 1937 \u00e0 Montmartre, \u00e0 Paris, lorsqu\u2019un groupe de passants a \u00e9t\u00e9 invit\u00e9 spontan\u00e9ment \u00e0 c\u00e9l\u00e9brer la f\u00eate dans la caserne, il s\u2019est ensuite g\u00e9n\u00e9ralis\u00e9 dans toute la France.<br data-start=\"1041\" data-end=\"1044\" \/>Aujourd\u2019hui, les casernes de pompiers ouvrent leurs portes au public dans la nuit du 13 au 14 juillet ou celle du 14 au 15, selon les localit\u00e9s.<\/p><p data-start=\"765\" data-end=\"1588\">Ces bals attirent une foule interg\u00e9n\u00e9rationnelle venue danser, \u00e9couter de la musique live ou DJ, et soutenir leurs soldats du feu. Les recettes issues de la vente de boissons ou de repas sont souvent destin\u00e9es \u00e0 financer du mat\u00e9riel ou des actions caritatives.<br data-start=\"1449\" data-end=\"1452\" \/>Le bal des pompiers symbolise l\u2019union entre la population et ses <strong data-start=\"1517\" data-end=\"1539\">forces de s\u00e9curit\u00e9<\/strong>, dans un cadre festif, solidaire et d\u00e9contract\u00e9.<\/p><p data-start=\"765\" data-end=\"1588\"><a href=\"https:\/\/cparici.com\/wp-content\/uploads\/2025\/08\/cparici-2025-08-14T082922.530.jpg\"><img decoding=\"async\" class=\"aligncenter wp-image-69184 size-full\" src=\"https:\/\/cparici.com\/wp-content\/uploads\/2025\/08\/cparici-2025-08-14T082922.530.jpg\" alt=\"F\u00eate du 14 juillet feu d'artifice\" width=\"1500\" height=\"530\" srcset=\"https:\/\/cparici.com\/wp-content\/uploads\/2025\/08\/cparici-2025-08-14T082922.530.jpg 1500w, https:\/\/cparici.com\/wp-content\/uploads\/2025\/08\/cparici-2025-08-14T082922.530-300x106.jpg 300w, https:\/\/cparici.com\/wp-content\/uploads\/2025\/08\/cparici-2025-08-14T082922.530-1024x362.jpg 1024w, https:\/\/cparici.com\/wp-content\/uploads\/2025\/08\/cparici-2025-08-14T082922.530-768x271.jpg 768w, https:\/\/cparici.com\/wp-content\/uploads\/2025\/08\/cparici-2025-08-14T082922.530-18x6.jpg 18w, https:\/\/cparici.com\/wp-content\/uploads\/2025\/08\/cparici-2025-08-14T082922.530-590x208.jpg 590w, https:\/\/cparici.com\/wp-content\/uploads\/2025\/08\/cparici-2025-08-14T082922.530-1200x424.jpg 1200w, https:\/\/cparici.com\/wp-content\/uploads\/2025\/08\/cparici-2025-08-14T082922.530-577x204.jpg 577w, https:\/\/cparici.com\/wp-content\/uploads\/2025\/08\/cparici-2025-08-14T082922.530-600x212.jpg 600w\" sizes=\"(max-width: 1500px) 100vw, 1500px\" \/><\/a><\/p><h4 data-start=\"1590\" data-end=\"1624\">Les feux d\u2019artifice r\u00e9gionaux<\/h4><p data-start=\"1626\" data-end=\"2226\">Si celui de la tour Eiffel reste le plus c\u00e9l\u00e8bre, chaque commune ou presque organise son propre <strong data-start=\"1722\" data-end=\"1740\">feu d\u2019artifice<\/strong> pour marquer la <strong data-start=\"1757\" data-end=\"1779\">f\u00eate du 14 juillet<\/strong>. Tir\u00e9s depuis les stades municipaux, les collines, les places de village ou les bords de rivi\u00e8re, ces spectacles attirent des foules nombreuses.<br data-start=\"1924\" data-end=\"1927\" \/>Les feux sont souvent accompagn\u00e9s de <strong data-start=\"1964\" data-end=\"1975\">musique<\/strong>, parfois th\u00e9matiques (films, vari\u00e9t\u00e9s fran\u00e7aises, morceaux classiques), et certains int\u00e8grent m\u00eame des effets sp\u00e9ciaux ou jeux de lumi\u00e8re. Ils sont le point d\u2019orgue des festivit\u00e9s locales et un moment de partage familial attendu par petits et grands.<\/p><h4 data-start=\"2228\" data-end=\"2273\">Concerts, animations et f\u00eates de village<\/h4><p data-start=\"2275\" data-end=\"2895\">Au-del\u00e0 des bals et des feux, la <strong data-start=\"2308\" data-end=\"2330\">f\u00eate du 14 juillet<\/strong> est aussi l\u2019occasion d\u2019un vaste programme d\u2019animations populaires. De nombreux villages organisent des <strong data-start=\"2434\" data-end=\"2455\">concerts gratuits<\/strong>, des jeux pour enfants, des repas r\u00e9publicains sur les places publiques, ou encore des comp\u00e9titions sportives (p\u00e9tanque, football, randonn\u00e9e).<br data-start=\"2598\" data-end=\"2601\" \/>Dans les grandes villes, des festivals de musique, soir\u00e9es DJ, spectacles en plein air et animations culturelles rythment la journ\u00e9e et la soir\u00e9e. La dimension <strong data-start=\"2761\" data-end=\"2788\">inclusive et accessible<\/strong> de ces manifestations permet \u00e0 chacun de s\u2019approprier la f\u00eate, quel que soit son \u00e2ge ou son milieu social.<\/p><h4 data-start=\"2897\" data-end=\"2938\">Une c\u00e9l\u00e9bration interg\u00e9n\u00e9rationnelle<\/h4><p data-start=\"2940\" data-end=\"3505\">La <strong data-start=\"2943\" data-end=\"2965\">f\u00eate du 14 juillet<\/strong> est l\u2019un des rares moments de l\u2019ann\u00e9e o\u00f9 toutes les g\u00e9n\u00e9rations se retrouvent pour partager un m\u00eame \u00e9v\u00e9nement, que ce soit autour d\u2019un barbecue entre voisins, sur une piste de danse, ou dans un parc \u00e0 admirer les feux.<br data-start=\"3184\" data-end=\"3187\" \/>Elle renforce les <strong data-start=\"3205\" data-end=\"3229\">liens communautaires<\/strong>, favorise la transmission des traditions, et ravive le sentiment d\u2019appartenance \u00e0 une nation commune. Dans de nombreuses communes, les \u00e9lus locaux prononcent un discours ou organisent une remise de m\u00e9dailles, rappelant que cette f\u00eate est aussi un moment d\u2019engagement civique.<\/p><h3 data-start=\"219\" data-end=\"262\">Pourquoi le 14 juillet est-il c\u00e9l\u00e9br\u00e9 ?<\/h3><p data-start=\"264\" data-end=\"608\">Chaque ann\u00e9e, la <strong data-start=\"281\" data-end=\"303\">f\u00eate du 14 juillet<\/strong> donne lieu \u00e0 une c\u00e9l\u00e9bration nationale m\u00ealant faste, m\u00e9moire et convivialit\u00e9. Mais que c\u00e9l\u00e8bre-t-on exactement\u202f? Derri\u00e8re les feux d\u2019artifice et les d\u00e9fil\u00e9s militaires se cache une <strong data-start=\"485\" data-end=\"506\">histoire complexe<\/strong>, \u00e0 la fois r\u00e9volutionnaire et consensuelle, qui fait du 14 juillet bien plus qu\u2019un simple jour f\u00e9ri\u00e9.<\/p><h4 data-start=\"610\" data-end=\"651\">Une f\u00eate \u00e0 double ancrage historique<\/h4><p data-start=\"653\" data-end=\"1289\">Le 14 juillet a \u00e9t\u00e9 choisi comme <strong data-start=\"686\" data-end=\"704\">f\u00eate nationale<\/strong> parce qu\u2019il renvoie \u00e0 deux \u00e9v\u00e9nements majeurs de la R\u00e9volution fran\u00e7aise : la <strong data-start=\"783\" data-end=\"807\">prise de la Bastille<\/strong> en 1789, qui marque le soul\u00e8vement du peuple contre l\u2019absolutisme, et la <strong data-start=\"881\" data-end=\"906\">F\u00eate de la F\u00e9d\u00e9ration<\/strong> en 1790, symbole de l\u2019unit\u00e9 retrouv\u00e9e entre la nation et la monarchie constitutionnelle.<br data-start=\"995\" data-end=\"998\" \/>Ce <strong data-start=\"1001\" data-end=\"1019\">double ancrage<\/strong> permet d\u2019associer \u00e0 la fois la violence lib\u00e9ratrice du peuple insurg\u00e9 et l\u2019id\u00e9alisme d\u2019un rassemblement pacifique. Il refl\u00e8te l\u2019identit\u00e9 ambivalente de la R\u00e9publique, fond\u00e9e sur la rupture avec l\u2019Ancien R\u00e9gime mais aussi sur la volont\u00e9 de b\u00e2tir une soci\u00e9t\u00e9 fraternelle.<\/p><h4 data-start=\"1291\" data-end=\"1328\">Une date choisie pour rassembler<\/h4><p data-start=\"1330\" data-end=\"1965\">En 1880, la III\u1d49 R\u00e9publique choisit cette date pour <strong data-start=\"1382\" data-end=\"1418\">institutionnaliser la R\u00e9publique<\/strong> face aux menaces monarchistes. Le d\u00e9put\u00e9 Benjamin Raspail fait adopter la loi instaurant le 14 juillet comme <strong data-start=\"1528\" data-end=\"1546\">f\u00eate nationale<\/strong>. Ce choix est strat\u00e9gique : il \u00e9voque la R\u00e9volution sans faire l\u2019\u00e9loge explicite de la violence, en valorisant surtout la F\u00eate de la F\u00e9d\u00e9ration comme mod\u00e8le d\u2019unit\u00e9.<br data-start=\"1712\" data-end=\"1715\" \/>La loi reste volontairement vague, ne pr\u00e9cisant pas quel \u00e9v\u00e9nement est comm\u00e9mor\u00e9, afin de ne froisser aucune sensibilit\u00e9. Elle permet ainsi de <strong data-start=\"1858\" data-end=\"1897\">construire un consensus r\u00e9publicain<\/strong> en f\u00e9d\u00e9rant tous les courants politiques autour d\u2019une date commune.<\/p><h4 data-start=\"1967\" data-end=\"2021\">L a f\u00eate du 14 juillet, un symbole de libert\u00e9, d\u2019\u00e9galit\u00e9 et de fraternit\u00e9<\/h4><p data-start=\"2023\" data-end=\"2512\">Aujourd\u2019hui encore, la <strong data-start=\"2046\" data-end=\"2068\">f\u00eate du 14 juillet<\/strong> reste un puissant <strong data-start=\"2087\" data-end=\"2138\">rappel des valeurs fondatrices de la R\u00e9publique<\/strong> : <strong data-start=\"2141\" data-end=\"2152\">libert\u00e9<\/strong>, <strong data-start=\"2154\" data-end=\"2165\">\u00e9galit\u00e9<\/strong> et <strong data-start=\"2169\" data-end=\"2183\">fraternit\u00e9<\/strong>. Ces principes, h\u00e9rit\u00e9s des Lumi\u00e8res et de la D\u00e9claration des Droits de l\u2019Homme et du Citoyen de 1789, sont au c\u0153ur de l\u2019identit\u00e9 r\u00e9publicaine.<br data-start=\"2327\" data-end=\"2330\" \/>En les c\u00e9l\u00e9brant chaque ann\u00e9e, la nation r\u00e9affirme son engagement d\u00e9mocratique et rend hommage \u00e0 celles et ceux qui ont combattu pour ces id\u00e9aux, dans le pass\u00e9 comme dans le pr\u00e9sent.<\/p><h4 data-start=\"2514\" data-end=\"2558\">Une f\u00eate nationale tourn\u00e9e vers l\u2019unit\u00e9<\/h4><p data-start=\"2560\" data-end=\"3127\">Au-del\u00e0 des r\u00e9f\u00e9rences historiques, la <strong data-start=\"2599\" data-end=\"2621\">f\u00eate du 14 juillet<\/strong> est aussi une c\u00e9l\u00e9bration de la coh\u00e9sion nationale. Elle rassemble citoyens, \u00e9lus, institutions et forces arm\u00e9es dans un moment de partage et de reconnaissance mutuelle.<br data-start=\"2791\" data-end=\"2794\" \/>Les c\u00e9r\u00e9monies militaires honorent les soldats et les services publics, tandis que les festivit\u00e9s populaires donnent \u00e0 chaque Fran\u00e7ais la possibilit\u00e9 de participer \u00e0 la vie collective. Elle agit ainsi comme un <strong data-start=\"3004\" data-end=\"3052\">rituel de r\u00e9affirmation de l\u2019unit\u00e9 nationale<\/strong>, dans un contexte o\u00f9 les fractures sociales et politiques peuvent diviser.<\/p><h4 data-start=\"3129\" data-end=\"3169\">Un miroir de l\u2019\u00e9poque contemporaine<\/h4><p data-start=\"3171\" data-end=\"3632\">Enfin, la mani\u00e8re dont la <strong data-start=\"3197\" data-end=\"3219\">f\u00eate du 14 juillet<\/strong> est c\u00e9l\u00e9br\u00e9e refl\u00e8te les \u00e9volutions de la soci\u00e9t\u00e9 fran\u00e7aise. Les th\u00e9matiques mises en avant dans les discours, les invit\u00e9s internationaux du d\u00e9fil\u00e9, ou encore les formes artistiques des feux d\u2019artifice t\u00e9moignent des <strong data-start=\"3437\" data-end=\"3465\">pr\u00e9occupations actuelles<\/strong> : environnement, diversit\u00e9, solidarit\u00e9, m\u00e9moire.<br data-start=\"3514\" data-end=\"3517\" \/>Ainsi, la f\u00eate se r\u00e9invente chaque ann\u00e9e pour rester fid\u00e8le \u00e0 son essence tout en s\u2019adaptant aux enjeux du pr\u00e9sent.<\/p><h3 data-start=\"205\" data-end=\"247\">Conseils pour vivre pleinement la\u00a0f\u00eate du 14 juillet<\/h3><p data-start=\"249\" data-end=\"640\">La <strong data-start=\"252\" data-end=\"274\">f\u00eate du 14 juillet<\/strong> offre de nombreuses occasions de c\u00e9l\u00e9brer dans toute la France. Que vous soyez \u00e0 Paris ou en r\u00e9gion, en famille ou entre amis, voici quelques conseils pour profiter pleinement de cette journ\u00e9e unique m\u00ealant \u00e9motions patriotiques et plaisir populaire. Anticipez bien vos d\u00e9placements, rep\u00e9rez les meilleurs emplacements et laissez-vous porter par l\u2019ambiance festive.<\/p><h4 data-start=\"642\" data-end=\"683\">Assister au d\u00e9fil\u00e9 militaire \u00e0 Paris<\/h4><p data-start=\"685\" data-end=\"1404\">Si vous \u00eates \u00e0 Paris le matin du 14 juillet, ne manquez pas le <strong data-start=\"748\" data-end=\"768\">d\u00e9fil\u00e9 militaire<\/strong> sur les <strong data-start=\"777\" data-end=\"795\">Champs-\u00c9lys\u00e9es<\/strong>. Ce spectacle impressionnant commence g\u00e9n\u00e9ralement \u00e0 10h, mais il est recommand\u00e9 d\u2019arriver au moins deux heures \u00e0 l\u2019avance pour esp\u00e9rer une bonne place. Les meilleures vues se situent entre la place de l\u2019\u00c9toile et le rond-point des Champs.<br data-start=\"1035\" data-end=\"1038\" \/>Pensez \u00e0 prendre de l\u2019eau, un chapeau et de quoi vous asseoir. Vous pourrez y admirer la <strong data-start=\"1127\" data-end=\"1151\">Patrouille de France<\/strong>, les troupes \u00e0 pied, les v\u00e9hicules blind\u00e9s, ainsi que les formations invit\u00e9es des pays partenaires de la France. L\u2019ambiance est \u00e0 la fois solennelle et charg\u00e9e d\u2019\u00e9motion, notamment lors de la mont\u00e9e des couleurs et de l\u2019hommage aux anciens combattants.<\/p><h4 data-start=\"1406\" data-end=\"1465\">Trouver le meilleur emplacement pour le feu d\u2019artifice<\/h4><p data-start=\"1467\" data-end=\"2078\">Le <strong data-start=\"1470\" data-end=\"1502\">feu d\u2019artifice du 14 juillet<\/strong> tir\u00e9 depuis la tour Eiffel est l\u2019un des plus spectaculaires au monde. Il d\u00e9bute vers 23h et attire des milliers de spectateurs. Les meilleurs emplacements pour l\u2019observer sont le <strong data-start=\"1682\" data-end=\"1699\">Champ-de-Mars<\/strong>, le <strong data-start=\"1704\" data-end=\"1717\">Trocad\u00e9ro<\/strong> ou encore les hauteurs de Belleville et Montmartre.<br data-start=\"1769\" data-end=\"1772\" \/>Pour les familles, arriver d\u00e8s la fin d\u2019apr\u00e8s-midi permet de pique-niquer tout en r\u00e9servant un bon spot. De nombreux Parisiens viennent avec des plaids, des en-cas et m\u00eame des lampions. L\u2019ambiance est bon enfant, malgr\u00e9 la foule. Les transports en commun sont souvent modifi\u00e9s, alors anticipez vos trajets.<\/p><h4 data-start=\"2080\" data-end=\"2117\">La f\u00eate du 14 juillet, participer \u00e0 un bal des pompiers<\/h4><p data-start=\"2119\" data-end=\"2737\">Dans la nuit du 13 au 14 juillet ou du 14 au 15 selon les villes, les <strong data-start=\"2189\" data-end=\"2213\">casernes de pompiers<\/strong> organisent leur <strong data-start=\"2230\" data-end=\"2250\">bal traditionnel<\/strong>, un incontournable de la f\u00eate populaire fran\u00e7aise. Ces bals se d\u00e9roulent dans une ambiance conviviale avec DJ, groupes de musique live, et bars en plein air.<br data-start=\"2408\" data-end=\"2411\" \/>Renseignez-vous sur les horaires et adresses locales via les sites municipaux. Certains bals sont tr\u00e8s populaires et se remplissent vite, il peut \u00eatre utile d\u2019y aller t\u00f4t ou d\u2019acheter une entr\u00e9e \u00e0 l\u2019avance si n\u00e9cessaire.<\/p><h4 data-start=\"2739\" data-end=\"2774\">Vivre la f\u00eate dans les r\u00e9gions<\/h4><p data-start=\"2776\" data-end=\"3426\">La <strong data-start=\"2779\" data-end=\"2801\">f\u00eate du 14 juillet<\/strong> ne se limite pas \u00e0 Paris. Partout en France, des <strong data-start=\"2851\" data-end=\"2873\">festivit\u00e9s locales<\/strong> sont organis\u00e9es avec des <strong data-start=\"2899\" data-end=\"2918\">feux d\u2019artifice<\/strong>, <strong data-start=\"2920\" data-end=\"2940\">f\u00eates de village<\/strong>, <strong data-start=\"2942\" data-end=\"2963\">march\u00e9s nocturnes<\/strong>, <strong data-start=\"2965\" data-end=\"2986\">bals en plein air<\/strong>, ou encore <strong data-start=\"2998\" data-end=\"3019\">concerts gratuits<\/strong>.<br data-start=\"3020\" data-end=\"3023\" \/>Dans les villes c\u00f4ti\u00e8res, des spectacles sont souvent tir\u00e9s depuis la mer. \u00c0 la campagne, les bals populaires dans les salles des f\u00eates ou sur les places du village donnent une ambiance chaleureuse et authentique.<br data-start=\"3236\" data-end=\"3239\" \/>Consultez votre mairie ou notre guide r\u00e9gional <a class=\"\" href=\"https:\/\/cparici.com\/fr\/visiter-la-france-guide-des-regions-et-sites-touristiques\" target=\"_new\" rel=\"noopener\" data-start=\"3286\" data-end=\"3377\">du pays<\/a> pour conna\u00eetre les animations pr\u00e8s de chez vous.<\/p><h4 data-start=\"3428\" data-end=\"3459\">Profiter en toute s\u00e9curit\u00e9<\/h4><p data-start=\"3461\" data-end=\"3941\">Comme pour tout grand \u00e9v\u00e9nement, la <strong data-start=\"3497\" data-end=\"3519\">f\u00eate du 14 juillet<\/strong> n\u00e9cessite un minimum de vigilance. \u00c9vitez les grands sacs \u00e0 dos, suivez les consignes des forces de l\u2019ordre, et gardez un \u0153il sur vos effets personnels.<br data-start=\"3672\" data-end=\"3675\" \/>Les transports peuvent \u00eatre satur\u00e9s, donc pr\u00e9voyez des marges. De nombreuses villes mettent en place des p\u00e9rim\u00e8tres de s\u00e9curit\u00e9, avec des contr\u00f4les \u00e0 l\u2019entr\u00e9e des zones de festivit\u00e9. Pour les familles avec enfants, fixez un point de rendez-vous en cas de s\u00e9paration.<\/p><h2 data-start=\"202\" data-end=\"224\">Foire aux questions \u2013 la\u00a0<strong data-start=\"191\" data-end=\"213\">f\u00eate du 14 juillet<\/strong><\/h2><h3 data-start=\"226\" data-end=\"304\">Pourquoi la f\u00eate du 14 juillet c\u00e9l\u00e8bre-t-elle deux \u00e9v\u00e9nements diff\u00e9rents ?<\/h3><p data-start=\"305\" data-end=\"638\">La <strong data-start=\"308\" data-end=\"330\">f\u00eate du 14 juillet<\/strong> comm\u00e9more \u00e0 la fois la <strong data-start=\"354\" data-end=\"378\">prise de la Bastille<\/strong> (14 juillet 1789), acte fondateur de la R\u00e9volution fran\u00e7aise, et la <strong data-start=\"447\" data-end=\"472\">F\u00eate de la F\u00e9d\u00e9ration<\/strong> (14 juillet 1790), symbole de r\u00e9conciliation nationale. Cette double signification permet de rassembler toutes les sensibilit\u00e9s r\u00e9publicaines autour d\u2019une m\u00eame date.<\/p><h3 data-start=\"640\" data-end=\"728\">Quelle est la diff\u00e9rence entre la prise de la Bastille et la F\u00eate de la F\u00e9d\u00e9ration ?<\/h3><p data-start=\"729\" data-end=\"1008\">La <strong data-start=\"732\" data-end=\"756\">prise de la Bastille<\/strong> fut un acte r\u00e9volutionnaire violent, tandis que la <strong data-start=\"808\" data-end=\"833\">F\u00eate de la F\u00e9d\u00e9ration<\/strong> fut une c\u00e9r\u00e9monie pacifique pr\u00f4nant l\u2019unit\u00e9 entre le roi, l\u2019arm\u00e9e et le peuple. Ensemble, elles incarnent la rupture avec l\u2019absolutisme et l\u2019\u00e9mergence d\u2019un ordre r\u00e9publicain.<\/p><h3 data-start=\"1010\" data-end=\"1083\">Depuis quand la f\u00eate du 14 juillet est-elle un jour f\u00e9ri\u00e9 en France ?<\/h3><p data-start=\"1084\" data-end=\"1352\">La <strong data-start=\"1087\" data-end=\"1109\">f\u00eate du 14 juillet<\/strong> est officiellement devenue un jour f\u00e9ri\u00e9 et la <strong data-start=\"1157\" data-end=\"1185\">f\u00eate nationale fran\u00e7aise<\/strong> en 1880, gr\u00e2ce \u00e0 une loi port\u00e9e par le d\u00e9put\u00e9 Benjamin Raspail. Cette loi a \u00e9t\u00e9 con\u00e7ue pour c\u00e9l\u00e9brer l\u2019identit\u00e9 r\u00e9publicaine tout en apaisant les tensions politiques.<\/p><h3 data-start=\"1354\" data-end=\"1411\">Pourquoi y a-t-il un d\u00e9fil\u00e9 militaire la\u00a0<strong data-start=\"191\" data-end=\"213\">f\u00eate du 14 juillet<\/strong> ?<\/h3><p data-start=\"1412\" data-end=\"1649\">Le <strong data-start=\"1415\" data-end=\"1435\">d\u00e9fil\u00e9 militaire<\/strong> est un hommage aux forces arm\u00e9es et une d\u00e9monstration de la puissance r\u00e9publicaine. Il est organis\u00e9 depuis 1880, et se d\u00e9roule aujourd\u2019hui sur les Champs\u2011\u00c9lys\u00e9es \u00e0 Paris, en pr\u00e9sence du pr\u00e9sident de la R\u00e9publique.<\/p><h3 data-start=\"1651\" data-end=\"1705\">Qui choisit les pays invit\u00e9s au d\u00e9fil\u00e9 militaire ?<\/h3><p data-start=\"1706\" data-end=\"1955\">Le pr\u00e9sident de la R\u00e9publique fran\u00e7aise choisit les <strong data-start=\"1758\" data-end=\"1794\">invit\u00e9s d\u2019honneur internationaux<\/strong> selon les enjeux diplomatiques ou comm\u00e9moratifs. En 2025, par exemple, l\u2019Indon\u00e9sie a \u00e9t\u00e9 invit\u00e9e pour c\u00e9l\u00e9brer 75 ans de relations diplomatiques avec la France.<\/p><h3 data-start=\"1957\" data-end=\"2012\">Le bal des pompiers a-t-il lieu partout en France ?<\/h3><p data-start=\"2013\" data-end=\"2261\">Oui, de nombreuses <strong data-start=\"2032\" data-end=\"2056\">casernes de pompiers<\/strong> organisent un <strong data-start=\"2071\" data-end=\"2088\">bal populaire<\/strong> ouvert au public autour de la <strong data-start=\"2119\" data-end=\"2141\">f\u00eate du 14 juillet<\/strong>, surtout dans les grandes villes et les communes rurales. Il est devenu une tradition ancr\u00e9e dans le c\u0153ur des Fran\u00e7ais.<\/p><h3 data-start=\"2263\" data-end=\"2334\">Peut-on assister au feu d\u2019artifice de la Tour Eiffel gratuitement ?<\/h3><p data-start=\"2335\" data-end=\"2579\">Oui, le <strong data-start=\"2343\" data-end=\"2375\">feu d\u2019artifice du 14 juillet<\/strong> \u00e0 Paris est enti\u00e8rement gratuit. Il suffit de se rendre au <strong data-start=\"2435\" data-end=\"2452\">Champ-de-Mars<\/strong> ou aux alentours de la <strong data-start=\"2476\" data-end=\"2491\">Tour Eiffel<\/strong> pour l\u2019admirer. Cependant, il est conseill\u00e9 d\u2019arriver t\u00f4t pour obtenir une bonne place.<\/p><h3 data-start=\"2581\" data-end=\"2629\">Y a-t-il des festivit\u00e9s en dehors de Paris ?<\/h3><p data-start=\"2630\" data-end=\"2872\">Absolument. La <strong data-start=\"2645\" data-end=\"2667\">f\u00eate du 14 juillet<\/strong> est c\u00e9l\u00e9br\u00e9e dans toute la France avec des <strong data-start=\"2711\" data-end=\"2730\">feux d\u2019artifice<\/strong>, <strong data-start=\"2732\" data-end=\"2740\">bals<\/strong>, <strong data-start=\"2742\" data-end=\"2754\">concerts<\/strong>, <strong data-start=\"2756\" data-end=\"2775\">march\u00e9s festifs<\/strong> et <strong data-start=\"2779\" data-end=\"2802\">festivals r\u00e9gionaux<\/strong>. Chaque commune adapte ses c\u00e9l\u00e9brations selon ses traditions locales.<\/p><h3 data-start=\"3174\" data-end=\"3225\">Peut-on participer aux c\u00e9r\u00e9monies officielles ?<\/h3><p data-start=\"3226\" data-end=\"3478\">Oui, le public peut assister librement au <strong data-start=\"3268\" data-end=\"3288\">d\u00e9fil\u00e9 militaire<\/strong>, aux <strong data-start=\"3294\" data-end=\"3316\">discours officiels<\/strong>, ou aux <strong data-start=\"3325\" data-end=\"3354\">c\u00e9r\u00e9monies comm\u00e9moratives<\/strong> dans sa ville. \u00c0 Paris, certaines zones n\u00e9cessitent d\u2019arriver t\u00f4t ou de se soumettre \u00e0 des contr\u00f4les de s\u00e9curit\u00e9 renforc\u00e9s.<\/p><h3 data-start=\"172\" data-end=\"186\">Conclusion \u2013 f\u00eate du 14 juillet<\/h3><p data-start=\"188\" data-end=\"619\">La <strong data-start=\"191\" data-end=\"213\">f\u00eate du 14 juillet<\/strong> est bien plus qu\u2019un simple jour f\u00e9ri\u00e9 : elle incarne la <strong data-start=\"270\" data-end=\"292\">m\u00e9moire historique<\/strong>, les <strong data-start=\"298\" data-end=\"323\">valeurs r\u00e9publicaines<\/strong>, et l\u2019attachement profond des Fran\u00e7ais \u00e0 leur identit\u00e9 collective. Entre les <strong data-start=\"401\" data-end=\"424\">hommages militaires<\/strong>, les <strong data-start=\"430\" data-end=\"455\">festivit\u00e9s populaires<\/strong>, les <strong data-start=\"461\" data-end=\"480\">feux d\u2019artifice<\/strong> spectaculaires et les <strong data-start=\"503\" data-end=\"525\">traditions locales<\/strong>, elle f\u00e9d\u00e8re toutes les g\u00e9n\u00e9rations autour de la libert\u00e9, de l\u2019\u00e9galit\u00e9 et de la fraternit\u00e9.<\/p><p data-start=\"621\" data-end=\"923\">C\u00e9l\u00e9br\u00e9e dans toute la France, dans les grandes villes comme dans les villages, la <strong data-start=\"704\" data-end=\"726\">f\u00eate du 14 juillet<\/strong> refl\u00e8te la richesse et la diversit\u00e9 du pays. Elle permet aussi de rappeler que l\u2019histoire de la R\u00e9publique s\u2019\u00e9crit chaque jour, dans l\u2019engagement des citoyens, des institutions et des territoires.<\/p><p data-start=\"925\" data-end=\"1113\">Pour prolonger cette immersion dans la culture et les traditions fran\u00e7aises, d\u00e9couvrez notre guide r\u00e9gional sur <strong data-start=\"1037\" data-end=\"1048\">du pays<\/strong>, qui vous invite \u00e0 explorer les richesses des r\u00e9gions de France.<\/p><p data-start=\"1115\" data-end=\"1343\">Enfin, pour mieux comprendre les origines, les symboles et l\u2019\u00e9volution de cette c\u00e9l\u00e9bration, vous pouvez consulter l\u2019<a class=\"cursor-pointer\" target=\"_new\" rel=\"noopener\" data-start=\"1232\" data-end=\"1342\">article de Wikip\u00e9dia d\u00e9di\u00e9 \u00e0 cette journ\u00e9e nationale<\/a>.<\/p><p data-start=\"1115\" data-end=\"1343\">Pour en savoir plus sur le 14 juillet, <a href=\"https:\/\/www.info.gouv.fr\/actualite\/pourquoi-le-14-juillet-est-il-notre-fete-nationale\" target=\"_blank\" rel=\"noopener\">c\u2019est par ici!<\/a><\/p>\t\t\t\t\t\t\t\t<\/div>\n\t\t\t\t\t<\/div>\n\t\t\t\t<\/div>\n\t\t<aside class=\"elementor-element elementor-element-5ebfbb9 e-flex e-con-boxed e-con e-parent\" data-id=\"5ebfbb9\" data-element_type=\"container\" data-e-type=\"container\">\n\t\t\t\t\t<div class=\"e-con-inner\">\n\t\t\t\t<div class=\"elementor-element elementor-element-7076898 elementor-widget elementor-widget-listeo-posts-grid\" data-id=\"7076898\" data-element_type=\"widget\" data-e-type=\"widget\" data-widget_type=\"listeo-posts-grid.default\">\n\t\t\t\t<div class=\"elementor-widget-container\">\n\t\t\t\t\t\t\t\n\t\t<div class=\"listeo-post-grid-wrapper\">\n\t\t\t<div class=\"row\">\n\n\t\t\t\n\n\t\t\t\t\t\t\t<div class=\"col-md-4\">\n                <a href=\"https:\/\/cparici.com\/de\/stations-de-ski-en-france-guide\/\" class=\"blog-compact-item-container\">\n                    <div class=\"blog-compact-item\">\n                        <img decoding=\"async\" width=\"577\" height=\"204\" src=\"https:\/\/cparici.com\/wp-content\/uploads\/2024\/08\/stations-de-ski-en-France-Courchevel-au-pied-des-pistes.jpg\" class=\"attachment-listeo-blog-related-post size-listeo-blog-related-post wp-post-image\" alt=\"stations de ski en France - Courchevel au pied des pistes\" srcset=\"https:\/\/cparici.com\/wp-content\/uploads\/2024\/08\/stations-de-ski-en-France-Courchevel-au-pied-des-pistes.jpg 1500w, https:\/\/cparici.com\/wp-content\/uploads\/2024\/08\/stations-de-ski-en-France-Courchevel-au-pied-des-pistes-600x212.jpg 600w, https:\/\/cparici.com\/wp-content\/uploads\/2024\/08\/stations-de-ski-en-France-Courchevel-au-pied-des-pistes-300x106.jpg 300w, https:\/\/cparici.com\/wp-content\/uploads\/2024\/08\/stations-de-ski-en-France-Courchevel-au-pied-des-pistes-1024x362.jpg 1024w, https:\/\/cparici.com\/wp-content\/uploads\/2024\/08\/stations-de-ski-en-France-Courchevel-au-pied-des-pistes-768x271.jpg 768w\" sizes=\"(max-width: 577px) 100vw, 577px\" \/><span class=\"blog-item-tag\">France<\/span>                        \n                        <div class=\"blog-compact-item-content\">\n                                                        <h3>Stations de Ski en France \u2013 Guide Complet<\/h3>\n                                                        <p>D\u00e9couvrez les meilleures stations de ski en France, des Alpes aux Pyr\u00e9n\u00e9es, avec des activit\u00e9s...                            <\/p>\n                                                    <\/div>\n                    <\/div>\n                <\/a>\n            <\/div>\n\t\t\t<div class=\"col-md-4\">\n                <a href=\"https:\/\/cparici.com\/de\/hotel-morzine\/\" class=\"blog-compact-item-container\">\n                    <div class=\"blog-compact-item\">\n                        <img decoding=\"async\" width=\"577\" height=\"204\" src=\"https:\/\/cparici.com\/wp-content\/uploads\/2025\/01\/cparici-2025-01-31T173928.571-577x204.jpg\" class=\"attachment-listeo-blog-related-post size-listeo-blog-related-post wp-post-image\" alt=\"hotel Morzine\" srcset=\"https:\/\/cparici.com\/wp-content\/uploads\/2025\/01\/cparici-2025-01-31T173928.571-577x204.jpg 577w, https:\/\/cparici.com\/wp-content\/uploads\/2025\/01\/cparici-2025-01-31T173928.571-300x106.jpg 300w, https:\/\/cparici.com\/wp-content\/uploads\/2025\/01\/cparici-2025-01-31T173928.571-1024x362.jpg 1024w, https:\/\/cparici.com\/wp-content\/uploads\/2025\/01\/cparici-2025-01-31T173928.571-768x271.jpg 768w, https:\/\/cparici.com\/wp-content\/uploads\/2025\/01\/cparici-2025-01-31T173928.571-590x208.jpg 590w, https:\/\/cparici.com\/wp-content\/uploads\/2025\/01\/cparici-2025-01-31T173928.571-1200x424.jpg 1200w, https:\/\/cparici.com\/wp-content\/uploads\/2025\/01\/cparici-2025-01-31T173928.571-600x212.jpg 600w, https:\/\/cparici.com\/wp-content\/uploads\/2025\/01\/cparici-2025-01-31T173928.571.jpg 1500w\" sizes=\"(max-width: 577px) 100vw, 577px\" \/><span class=\"blog-item-tag\">Alpes<\/span>                        \n                        <div class=\"blog-compact-item-content\">\n                                                        <h3>Hotel Morzine<\/h3>\n                                                        <p>Hotel Morzine\u00a0 Vous pr\u00e9voyez un s\u00e9jour \u00e0 Morzine en hotel, l\u2019une des stations phares des...                            <\/p>\n                                                    <\/div>\n                    <\/div>\n                <\/a>\n            <\/div>\n\t\t\t<div class=\"col-md-4\">\n                <a href=\"https:\/\/cparici.com\/de\/lacanau-plage\/\" class=\"blog-compact-item-container\">\n                    <div class=\"blog-compact-item\">\n                        <img decoding=\"async\" width=\"577\" height=\"235\" src=\"https:\/\/cparici.com\/wp-content\/uploads\/2024\/06\/lacanau-plage.jpg\" class=\"attachment-listeo-blog-related-post size-listeo-blog-related-post wp-post-image\" alt=\"lacanau plage\" srcset=\"https:\/\/cparici.com\/wp-content\/uploads\/2024\/06\/lacanau-plage.jpg 1500w, https:\/\/cparici.com\/wp-content\/uploads\/2024\/06\/lacanau-plage-600x245.jpg 600w, https:\/\/cparici.com\/wp-content\/uploads\/2024\/06\/lacanau-plage-300x122.jpg 300w, https:\/\/cparici.com\/wp-content\/uploads\/2024\/06\/lacanau-plage-1024x418.jpg 1024w, https:\/\/cparici.com\/wp-content\/uploads\/2024\/06\/lacanau-plage-768x313.jpg 768w\" sizes=\"(max-width: 577px) 100vw, 577px\" \/><span class=\"blog-item-tag\">France<\/span>                        \n                        <div class=\"blog-compact-item-content\">\n                                                        <h3>Lacanau Plage \u2013 Une Destination Incontournable en Gironde<\/h3>\n                                                        <p>Lacanau Plage, situ\u00e9e en Gironde, est une destination incontournable pour les amateurs de plage, de...                            <\/p>\n                                                    <\/div>\n                    <\/div>\n                <\/a>\n            <\/div>\n  <\/div>\n        <\/div>\n        \t\t\t\t<\/div>\n\t\t\t\t<\/div>\n\t\t\t\t\t<\/div>\n\t\t\t\t<\/aside>\n\t\t\t\t<\/div>\n\t\t","protected":false},"excerpt":{"rendered":"<p>Recherches populaires Categories Pas de r\u00e9sultats Voir tous les r\u00e9sultats F\u00eate du 14 juillet Origines historiques et double symbolique La f\u00eate du 14 juillet trouve ses racines dans deux \u00e9v\u00e9nements majeurs de la R\u00e9volution fran\u00e7aise qui, bien que distincts dans leur nature, sont aujourd\u2019hui r\u00e9unis pour former la c\u00e9l\u00e9bration nationale fran\u00e7aise. Cette double symbolique, \u00e0 [&hellip;]<\/p>\n","protected":false},"author":97,"featured_media":69200,"comment_status":"closed","ping_status":"closed","sticky":false,"template":"elementor_header_footer","format":"standard","meta":{"ngg_post_thumbnail":0,"footnotes":""},"categories":[477],"tags":[],"class_list":["post-69178","post","type-post","status-publish","format-standard","has-post-thumbnail","hentry","category-france"],"_links":{"self":[{"href":"https:\/\/cparici.com\/de\/wp-json\/wp\/v2\/posts\/69178","targetHints":{"allow":["GET"]}}],"collection":[{"href":"https:\/\/cparici.com\/de\/wp-json\/wp\/v2\/posts"}],"about":[{"href":"https:\/\/cparici.com\/de\/wp-json\/wp\/v2\/types\/post"}],"author":[{"embeddable":true,"href":"https:\/\/cparici.com\/de\/wp-json\/wp\/v2\/users\/97"}],"replies":[{"embeddable":true,"href":"https:\/\/cparici.com\/de\/wp-json\/wp\/v2\/comments?post=69178"}],"version-history":[{"count":0,"href":"https:\/\/cparici.com\/de\/wp-json\/wp\/v2\/posts\/69178\/revisions"}],"wp:featuredmedia":[{"embeddable":true,"href":"https:\/\/cparici.com\/de\/wp-json\/wp\/v2\/media\/69200"}],"wp:attachment":[{"href":"https:\/\/cparici.com\/de\/wp-json\/wp\/v2\/media?parent=69178"}],"wp:term":[{"taxonomy":"category","embeddable":true,"href":"https:\/\/cparici.com\/de\/wp-json\/wp\/v2\/categories?post=69178"},{"taxonomy":"post_tag","embeddable":true,"href":"https:\/\/cparici.com\/de\/wp-json\/wp\/v2\/tags?post=69178"}],"curies":[{"name":"wp","href":"https:\/\/api.w.org\/{rel}","templated":true}]}}