{"id":69266,"date":"2025-08-19T08:20:33","date_gmt":"2025-08-19T06:20:33","guid":{"rendered":"https:\/\/cparici.com\/?p=69266"},"modified":"2025-12-22T10:38:06","modified_gmt":"2025-12-22T09:38:06","slug":"pantheon","status":"publish","type":"post","link":"https:\/\/cparici.com\/de\/pantheon\/","title":{"rendered":"Pantheon: Ein neoklassisches Meisterwerk in Paris"},"content":{"rendered":"\t\t<div data-elementor-type=\"wp-post\" data-elementor-id=\"69266\" class=\"elementor elementor-69266\" data-elementor-post-type=\"post\">\n\t\t\t\t<div class=\"elementor-element elementor-element-8b2bff7 e-con-full e-flex e-con e-parent\" data-id=\"8b2bff7\" data-element_type=\"container\" data-e-type=\"container\">\n\t\t\t\t<div class=\"elementor-element elementor-element-84442b5 elementor-widget elementor-widget-image\" data-id=\"84442b5\" data-element_type=\"widget\" data-e-type=\"widget\" data-widget_type=\"image.default\">\n\t\t\t\t\t\t\t\t\t\t\t\t\t\t\t<img decoding=\"async\" width=\"1500\" height=\"530\" src=\"https:\/\/cparici.com\/wp-content\/uploads\/2025\/08\/cparici-2025-08-18T082226.053.jpg\" class=\"attachment-full size-full wp-image-69267\" alt=\"Panth\u00e9on\" srcset=\"https:\/\/cparici.com\/wp-content\/uploads\/2025\/08\/cparici-2025-08-18T082226.053.jpg 1500w, https:\/\/cparici.com\/wp-content\/uploads\/2025\/08\/cparici-2025-08-18T082226.053-300x106.jpg 300w, https:\/\/cparici.com\/wp-content\/uploads\/2025\/08\/cparici-2025-08-18T082226.053-1024x362.jpg 1024w, https:\/\/cparici.com\/wp-content\/uploads\/2025\/08\/cparici-2025-08-18T082226.053-768x271.jpg 768w, https:\/\/cparici.com\/wp-content\/uploads\/2025\/08\/cparici-2025-08-18T082226.053-18x6.jpg 18w, https:\/\/cparici.com\/wp-content\/uploads\/2025\/08\/cparici-2025-08-18T082226.053-590x208.jpg 590w, https:\/\/cparici.com\/wp-content\/uploads\/2025\/08\/cparici-2025-08-18T082226.053-1200x424.jpg 1200w, https:\/\/cparici.com\/wp-content\/uploads\/2025\/08\/cparici-2025-08-18T082226.053-577x204.jpg 577w, https:\/\/cparici.com\/wp-content\/uploads\/2025\/08\/cparici-2025-08-18T082226.053-600x212.jpg 600w\" sizes=\"(max-width: 1500px) 100vw, 1500px\" \/>\t\t\t\t\t\t\t\t\t\t\t\t\t\t\t<\/div>\n\t\t\t\t<\/div>\n\t\t<aside class=\"elementor-element elementor-element-421f062 e-flex e-con-boxed e-con e-parent\" data-id=\"421f062\" data-element_type=\"container\" data-e-type=\"container\">\n\t\t\t\t\t<div class=\"e-con-inner\">\n\t\t\t\t<div class=\"elementor-element elementor-element-67aab61 elementor-widget elementor-widget-global elementor-global-62046 elementor-widget-eael-advanced-search\" data-id=\"67aab61\" data-element_type=\"widget\" data-e-type=\"widget\" data-widget_type=\"eael-advanced-search.default\">\n\t\t\t\t\t        <div class=\"eael-adv-search-wrapper\">\n            <div id=\"eael-advanced-search-widget-67aab61\" class=\"eael-advanced-search-widget\">\n                <form data-settings=\"{&quot;post_per_page&quot;:5,&quot;search_among_taxonomies&quot;:&quot;&quot;,&quot;search_among_sku&quot;:&quot;no&quot;,&quot;show_popular_keyword&quot;:0,&quot;show_category&quot;:0,&quot;show_content_image&quot;:1,&quot;show_search_result_all_results&quot;:0,&quot;result_on_new_tab&quot;:&quot;no&quot;,&quot;show_product_price&quot;:&quot;no&quot;,&quot;include_current_page&quot;:&quot;no&quot;,&quot;current_post_id&quot;:69266,&quot;post_type&quot;:[&quot;post&quot;,&quot;listing&quot;]}\" method=\"POST\" name=\"eael-advanced-search-form-67aab61\" class=\"eael-advanced-search-form eael-advanced-search-form-style-2\">\n                    <div class=\"eael-advanced-search-wrap\">\n                        <span class=\"eael-adv-search-loader\"><\/span>\n                        <span class=\"eael-adv-search-close\"><i class=\"fas fa-times\"><\/i><\/span>\n                        <span class=\"icon \"><i class=\"fas fa-search\"><\/i><\/span>\n\n                        <input type=\"text\"\n                               placeholder=\"Votre destination\"\n                               class=\"eael-advanced-search\" autocomplete=\"off\" name=\"eael_advanced_search\">\n                    <\/div>\n\t\t\t\t\t                                    <\/form>\n\n\t\t\t\t\n\t\t\t\t        <div class=\"eael-advanced-search-result\">\n            <div class=\"eael-advanced-search-popular-keyword\">\n\t\t\t\t<h4 class=\"eael-advanced-search-popular-keyword-text\">Recherches populaires<\/h4>                <div class=\"eael-popular-keyword-content\"><\/div>\n            <\/div>\n            <div class=\"eael-advanced-search-category\">\n\t\t\t\t<h4 class=\"eael-advanced-search-category-text\">Categories<\/h4>                <div class=\"eael-popular-category-content\"><\/div>\n            <\/div>\n\t\t\t<div class=\"eael-advanced-search-total-results-section\">\n\t\t\t\t\t\t\t<\/div>\n            <div class=\"eael-advanced-search-content eael-item-style-3\">\n            <\/div>\n            <div class=\"eael-advanced-search-not-found\">\n                <p>Pas de r\u00e9sultats<\/p><\/div>\n            <div class=\"eael-advanced-search-load-more\">\n\t\t\t\t<a \tclass=\"eael-advanced-search-load-more-button\"\n                \thref=\"#\">Voir tous les r\u00e9sultats<\/a>\n            <\/div>\n        <\/div>\n\n\t\t            <\/div>\n        <\/div>\n\n\t\t\t\t\t\t<\/div>\n\t\t\t\t\t<\/div>\n\t\t\t\t<\/aside>\n\t\t<div class=\"elementor-element elementor-element-1ff447f7 e-flex e-con-boxed e-con e-parent\" data-id=\"1ff447f7\" data-element_type=\"container\" data-e-type=\"container\">\n\t\t\t\t\t<div class=\"e-con-inner\">\n\t\t\t\t<div class=\"elementor-element elementor-element-791a1cff elementor-widget elementor-widget-text-editor\" data-id=\"791a1cff\" data-element_type=\"widget\" data-e-type=\"widget\" data-widget_type=\"text-editor.default\">\n\t\t\t\t\t\t\t\t\t<h1 style=\"text-align: center;\" data-start=\"63\" data-end=\"216\">Panth\u00e9on : un chef-d\u2019\u0153uvre n\u00e9o-classique \u00e0 Paris<\/h1>\r\n<p data-start=\"63\" data-end=\"216\"><span class=\"relative -mx-px my-[-0.2rem] rounded px-px py-[0.2rem] transition-colors duration-100 ease-in-out\">Le <strong data-start=\"3\" data-end=\"15\">panth\u00e9on<\/strong> est l\u2019un des monuments les plus embl\u00e9matiques de la m\u00e9moire nationale fran\u00e7aise. Situ\u00e9 sur la <strong data-start=\"110\" data-end=\"139\">montagne Sainte\u2011Genevi\u00e8ve<\/strong> dans le <strong data-start=\"148\" data-end=\"178\">5\u1d49 arrondissement de <a href=\"https:\/\/cparici.com\/paris\/\">Paris<\/a><\/strong>, il incarne \u00e0 la fois une prouesse architecturale et un symbole r\u00e9publicain majeur<\/span>. <span class=\"relative -mx-px my-[-0.2rem] rounded px-px py-[0.2rem] transition-colors duration-100 ease-in-out\">\u00c0 l\u2019origine con\u00e7u comme une \u00e9glise d\u00e9di\u00e9e \u00e0 sainte Genevi\u00e8ve, sa vocation a \u00e9volu\u00e9 pour devenir, d\u00e8s la R\u00e9volution fran\u00e7aise, un <strong data-start=\"129\" data-end=\"159\">lieu de m\u00e9moire collective<\/strong> consacr\u00e9 aux personnalit\u00e9s qui ont marqu\u00e9 l\u2019histoire<\/span>.<\/p>\r\n<p data-start=\"218\" data-end=\"569\">Ainsi commence l\u2019histoire du <strong data-start=\"247\" data-end=\"259\">panth\u00e9on<\/strong> : un \u00e9difice \u00e0 la fois sacr\u00e9 et la\u00efque, qui s\u2019\u00e9l\u00e8ve <a href=\"https:\/\/cparici.com\/visiter-la-france-guide-des-regions-et-sites-touristiques\/\">au c\u0153ur du <strong data-start=\"323\" data-end=\"331\">pays<\/strong><\/a> \u2014 ce terme ancre naturellement ce lieu dans le parcours de d\u00e9couvertes patrimoniales sur ce blog. Suivez le guide, et envisageons ensemble comment l\u2019architecture, l\u2019histoire et le symbolisme s\u2019entrelacent dans ce monument phare de Paris.<\/p>\r\n\r\n<h2 data-start=\"54\" data-end=\"94\">Naissance et construction du Panth\u00e9on<\/h2>\r\n<p data-start=\"96\" data-end=\"618\">Le <strong data-start=\"99\" data-end=\"111\">panth\u00e9on<\/strong> trouve son origine dans un v\u0153u royal formul\u00e9 par <strong data-start=\"161\" data-end=\"173\">Louis\u202fXV<\/strong> en 1744. Gravement malade \u00e0 Metz, le roi promet, s\u2019il gu\u00e9rit, de faire \u00e9riger une \u00e9glise en l\u2019honneur de <strong data-start=\"279\" data-end=\"299\">sainte Genevi\u00e8ve<\/strong>, la sainte patronne de Paris. Gu\u00e9ri, il respecte sa promesse en commandant un \u00e9difice majestueux au sommet de la <strong data-start=\"413\" data-end=\"442\">montagne Sainte\u2011Genevi\u00e8ve<\/strong>, un site symbolique surplombant la Seine, dans le c\u0153ur intellectuel de Paris.<\/p>\r\n<p data-start=\"620\" data-end=\"1109\">Le chantier d\u00e9bute en <strong data-start=\"642\" data-end=\"650\">1757<\/strong> sous la direction de l\u2019architecte <strong data-start=\"685\" data-end=\"713\">Jacques-Germain Soufflot<\/strong>, fervent d\u00e9fenseur du style <strong data-start=\"742\" data-end=\"759\">n\u00e9o\u2011classique<\/strong>. Soufflot souhaite r\u00e9unir la <strong data-start=\"789\" data-end=\"809\">lumi\u00e8re gothique<\/strong> et la rigueur de l\u2019<strong data-start=\"829\" data-end=\"850\">Antiquit\u00e9 grecque<\/strong> dans un projet grandiose, inspir\u00e9 notamment par le <strong data-start=\"902\" data-end=\"922\">Panth\u00e9on de Rome<\/strong>. L\u2019\u00e9difice adopte une <strong data-start=\"945\" data-end=\"971\">forme en croix grecque<\/strong>, surmont\u00e9e d\u2019un immense <strong data-start=\"996\" data-end=\"1021\">d\u00f4me \u00e0 triple calotte<\/strong>, soutenu par un syst\u00e8me complexe de <strong data-start=\"1058\" data-end=\"1072\">m\u00e9tal arm\u00e9<\/strong>, v\u00e9ritable innovation pour l\u2019\u00e9poque.<\/p>\r\n<p data-start=\"1111\" data-end=\"1447\">La construction du <strong data-start=\"1130\" data-end=\"1142\">panth\u00e9on<\/strong> s\u2019\u00e9tale sur plus de 30 ans. Apr\u00e8s la mort de Soufflot en 1780, son \u00e9l\u00e8ve <strong data-start=\"1216\" data-end=\"1242\">Jean-Baptiste Rondelet<\/strong> reprend les travaux et les ach\u00e8ve en <strong data-start=\"1280\" data-end=\"1288\">1790<\/strong>, \u00e0 la veille de la R\u00e9volution fran\u00e7aise. Le b\u00e2timent, encore \u00e9glise, sera tr\u00e8s vite r\u00e9affect\u00e9 \u00e0 une toute autre fonction, devenant un symbole r\u00e9volutionnaire.<\/p>\r\n<p data-start=\"1111\" data-end=\"1447\"><a href=\"https:\/\/cparici.com\/wp-content\/uploads\/2025\/08\/cparici-2025-08-18T083429.258.jpg\"><img decoding=\"async\" class=\"aligncenter wp-image-69269 size-full\" src=\"https:\/\/cparici.com\/wp-content\/uploads\/2025\/08\/cparici-2025-08-18T083429.258.jpg\" alt=\"Panth\u00e9on Paris\" width=\"1500\" height=\"530\" srcset=\"https:\/\/cparici.com\/wp-content\/uploads\/2025\/08\/cparici-2025-08-18T083429.258.jpg 1500w, https:\/\/cparici.com\/wp-content\/uploads\/2025\/08\/cparici-2025-08-18T083429.258-300x106.jpg 300w, https:\/\/cparici.com\/wp-content\/uploads\/2025\/08\/cparici-2025-08-18T083429.258-1024x362.jpg 1024w, https:\/\/cparici.com\/wp-content\/uploads\/2025\/08\/cparici-2025-08-18T083429.258-768x271.jpg 768w, https:\/\/cparici.com\/wp-content\/uploads\/2025\/08\/cparici-2025-08-18T083429.258-18x6.jpg 18w, https:\/\/cparici.com\/wp-content\/uploads\/2025\/08\/cparici-2025-08-18T083429.258-590x208.jpg 590w, https:\/\/cparici.com\/wp-content\/uploads\/2025\/08\/cparici-2025-08-18T083429.258-1200x424.jpg 1200w, https:\/\/cparici.com\/wp-content\/uploads\/2025\/08\/cparici-2025-08-18T083429.258-577x204.jpg 577w, https:\/\/cparici.com\/wp-content\/uploads\/2025\/08\/cparici-2025-08-18T083429.258-600x212.jpg 600w\" sizes=\"(max-width: 1500px) 100vw, 1500px\" \/><\/a><\/p>\r\n<p data-start=\"1449\" data-end=\"1794\">En associant la majest\u00e9 de l\u2019architecture antique aux ambitions politiques de la monarchie finissante, la construction du <strong data-start=\"1571\" data-end=\"1583\">panth\u00e9on<\/strong> ouvre une nouvelle page de l\u2019histoire parisienne. C\u2019est un \u00e9difice pens\u00e9 non seulement pour \u00e9lever les regards vers le ciel, mais aussi pour incarner la grandeur du <strong data-start=\"1749\" data-end=\"1757\">pays<\/strong> \u00e0 travers ses formes et proportions.<\/p>\r\n\r\n<h2 data-start=\"46\" data-end=\"85\">Architecture : fa\u00e7ades, d\u00f4me et plan<\/h2>\r\n<p data-start=\"87\" data-end=\"726\">L\u2019architecture du <strong data-start=\"105\" data-end=\"117\">panth\u00e9on<\/strong> constitue un chef\u2011d\u2019\u0153uvre du <strong data-start=\"147\" data-end=\"175\">n\u00e9o\u2011classicisme fran\u00e7ais<\/strong>, inspir\u00e9 des canons antiques tout en int\u00e9grant des innovations techniques remarquables. Pens\u00e9 pour impressionner autant par sa sym\u00e9trie que par sa monumentalit\u00e9, le b\u00e2timent d\u00e9ploie une <strong data-start=\"362\" data-end=\"388\">forme en croix grecque<\/strong>, c\u2019est-\u00e0-dire avec des bras de longueur \u00e9gale, centr\u00e9s autour d\u2019un imposant <strong data-start=\"465\" data-end=\"490\">d\u00f4me \u00e0 triple calotte<\/strong>. Cette structure en trois couches, reposant sur une <strong data-start=\"543\" data-end=\"567\">colonnade circulaire<\/strong>, culmine \u00e0 83 m\u00e8tres de hauteur, dominant le paysage urbain parisien.<\/p>\r\n<p data-start=\"728\" data-end=\"1214\">L\u2019entr\u00e9e principale du <strong data-start=\"751\" data-end=\"763\">panth\u00e9on<\/strong> est marqu\u00e9e par un <strong data-start=\"783\" data-end=\"820\">portique \u00e0 colonnes corinthiennes<\/strong>, directement inspir\u00e9 du <strong data-start=\"845\" data-end=\"865\">Panth\u00e9on de Rome<\/strong>. Cette fa\u00e7ade \u00e9voque un <strong data-start=\"890\" data-end=\"913\">temple gr\u00e9co-romain<\/strong>, avec son fronton triangulaire orn\u00e9 d\u2019un <strong data-start=\"955\" data-end=\"969\">bas-relief<\/strong> monumental. R\u00e9alis\u00e9 par <strong data-start=\"994\" data-end=\"1012\">David d\u2019Angers<\/strong>, ce fronton repr\u00e9sente la patrie distribuant des couronnes aux grandes figures fran\u00e7aises, encadr\u00e9e par des all\u00e9gories de la Justice et de la Libert\u00e9 \u2014 un <strong data-start=\"1168\" data-end=\"1194\">message politique fort<\/strong> d\u00e8s le XIX\u1d49 si\u00e8cle.<\/p>\r\n<p data-start=\"1216\" data-end=\"1745\">\u00c0 l\u2019int\u00e9rieur, le visiteur d\u00e9couvre un vaste espace orn\u00e9 de <strong data-start=\"1276\" data-end=\"1297\">peintures murales<\/strong> retra\u00e7ant des sc\u00e8nes historiques et religieuses, comme la vie de sainte Genevi\u00e8ve ou le bapt\u00eame de Clovis. L\u2019\u00e9l\u00e9ment central reste le d\u00f4me, orn\u00e9 de fresques et soutenu par des piliers massifs, permettant une grande \u00e9l\u00e9vation sans compromettre la stabilit\u00e9 \u2014 une <strong data-start=\"1560\" data-end=\"1585\">performance technique<\/strong> exceptionnelle \u00e0 l\u2019\u00e9poque. Le c\u00e9l\u00e8bre <strong data-start=\"1624\" data-end=\"1647\">pendule de Foucault<\/strong>, install\u00e9 en 1851 pour d\u00e9montrer la rotation de la Terre, renforce l\u2019aspect scientifique du lieu.<\/p>\r\n<p data-start=\"1747\" data-end=\"2073\">L\u2019architecture du <strong data-start=\"1765\" data-end=\"1777\">panth\u00e9on<\/strong> n\u2019est donc pas uniquement d\u00e9corative : elle incarne une <strong data-start=\"1834\" data-end=\"1885\">vision du savoir, de la foi et de la R\u00e9publique<\/strong>. Chaque d\u00e9tail \u2014 du fronton au d\u00f4me, des colonnes aux fresques \u2014 concourt \u00e0 faire de ce lieu un symbole de la <strong data-start=\"1996\" data-end=\"2016\">grandeur du pays<\/strong>, autant sur le plan artistique que spirituel et civique.<\/p>\r\n\r\n<h2 data-start=\"46\" data-end=\"88\">De l\u2019\u00e9glise \u00e0 la n\u00e9cropole r\u00e9publicaine<\/h2>\r\n<p data-start=\"90\" data-end=\"699\">Le <strong data-start=\"93\" data-end=\"105\">panth\u00e9on<\/strong>, \u00e0 l\u2019origine \u00e9glise d\u00e9di\u00e9e \u00e0 sainte Genevi\u00e8ve, voit son destin radicalement transform\u00e9 par la <strong data-start=\"200\" data-end=\"224\">R\u00e9volution fran\u00e7aise<\/strong>. D\u00e8s <strong data-start=\"230\" data-end=\"238\">1791<\/strong>, l\u2019Assembl\u00e9e constituante d\u00e9cide de la <strong data-start=\"278\" data-end=\"296\">s\u00e9cularisation<\/strong> du b\u00e2timent, qui devient un lieu destin\u00e9 \u00e0 accueillir les d\u00e9pouilles des grands hommes de la nation. Cette transformation marque un tournant symbolique : de sanctuaire religieux, le monument devient <strong data-start=\"496\" data-end=\"523\">temple de la R\u00e9publique<\/strong>, d\u00e9di\u00e9 \u00e0 la m\u00e9moire la\u00efque des figures marquantes de l\u2019histoire nationale.<\/p>\r\n<p data-start=\"701\" data-end=\"1050\">Le premier \u00e0 y \u00eatre inhum\u00e9 est <strong data-start=\"732\" data-end=\"777\">Honor\u00e9 Gabriel Riqueti, comte de Mirabeau<\/strong>, en avril 1791. Cependant, son corps sera retir\u00e9 peu apr\u00e8s suite \u00e0 des r\u00e9v\u00e9lations sur ses intrigues contre-r\u00e9volutionnaires. Ce va-et-vient fun\u00e9raire est embl\u00e9matique du <strong data-start=\"949\" data-end=\"972\">caract\u00e8re politique<\/strong> de l\u2019institution, qui changera plusieurs fois de vocation au fil des r\u00e9gimes.<\/p>\r\n<p data-start=\"1052\" data-end=\"1455\">Sous <strong data-start=\"1057\" data-end=\"1079\">Napol\u00e9on Bonaparte<\/strong>, l\u2019\u00e9difice retrouve bri\u00e8vement sa fonction religieuse. Ce n\u2019est qu\u2019en <strong data-start=\"1150\" data-end=\"1158\">1885<\/strong>, \u00e0 l\u2019occasion des fun\u00e9railles nationales de <strong data-start=\"1203\" data-end=\"1218\">Victor Hugo<\/strong>, que le <strong data-start=\"1227\" data-end=\"1239\">panth\u00e9on<\/strong> est d\u00e9finitivement consacr\u00e9 comme <strong data-start=\"1274\" data-end=\"1300\">n\u00e9cropole r\u00e9publicaine<\/strong>. Depuis, plus de <strong data-start=\"1318\" data-end=\"1338\">70 personnalit\u00e9s<\/strong> y ont \u00e9t\u00e9 inhum\u00e9es, chacune repr\u00e9sentant un pan de l\u2019histoire intellectuelle, scientifique ou politique du <strong data-start=\"1446\" data-end=\"1454\">pays<\/strong>.<\/p>\r\n<p data-start=\"1457\" data-end=\"1771\">La devise grav\u00e9e sur le fronton, <strong data-start=\"1490\" data-end=\"1539\">\u201cAux grands hommes, la patrie reconnaissante\u201d<\/strong>, symbolise ce changement de paradigme. Elle affirme une <strong data-start=\"1596\" data-end=\"1647\">m\u00e9moire collective construite par la R\u00e9publique<\/strong>, o\u00f9 la grandeur se mesure non plus par la naissance ou la religion, mais par le <strong data-start=\"1728\" data-end=\"1738\">m\u00e9rite<\/strong> et le service rendu \u00e0 la nation.<\/p>\r\n<p data-start=\"1773\" data-end=\"2073\">Ainsi, le <strong data-start=\"1783\" data-end=\"1795\">panth\u00e9on<\/strong> incarne la tension permanente entre tradition religieuse et id\u00e9al r\u00e9publicain. Il t\u00e9moigne d\u2019une \u00e9poque o\u00f9 l\u2019on cherchait \u00e0 forger une identit\u00e9 nationale autour de figures exemplaires, un lieu o\u00f9 <strong data-start=\"1992\" data-end=\"2014\">l\u2019histoire du pays<\/strong> se grave dans la pierre, au service d\u2019une m\u00e9moire civique.<\/p>\r\n<p data-start=\"1773\" data-end=\"2073\"><a href=\"https:\/\/cparici.com\/wp-content\/uploads\/2025\/08\/cparici-2025-08-18T083501.880.jpg\"><img decoding=\"async\" class=\"aligncenter wp-image-69270 size-full\" src=\"https:\/\/cparici.com\/wp-content\/uploads\/2025\/08\/cparici-2025-08-18T083501.880.jpg\" alt=\"Panth\u00e9on convention nationale\" width=\"1500\" height=\"530\" srcset=\"https:\/\/cparici.com\/wp-content\/uploads\/2025\/08\/cparici-2025-08-18T083501.880.jpg 1500w, https:\/\/cparici.com\/wp-content\/uploads\/2025\/08\/cparici-2025-08-18T083501.880-300x106.jpg 300w, https:\/\/cparici.com\/wp-content\/uploads\/2025\/08\/cparici-2025-08-18T083501.880-1024x362.jpg 1024w, https:\/\/cparici.com\/wp-content\/uploads\/2025\/08\/cparici-2025-08-18T083501.880-768x271.jpg 768w, https:\/\/cparici.com\/wp-content\/uploads\/2025\/08\/cparici-2025-08-18T083501.880-18x6.jpg 18w, https:\/\/cparici.com\/wp-content\/uploads\/2025\/08\/cparici-2025-08-18T083501.880-590x208.jpg 590w, https:\/\/cparici.com\/wp-content\/uploads\/2025\/08\/cparici-2025-08-18T083501.880-1200x424.jpg 1200w, https:\/\/cparici.com\/wp-content\/uploads\/2025\/08\/cparici-2025-08-18T083501.880-577x204.jpg 577w, https:\/\/cparici.com\/wp-content\/uploads\/2025\/08\/cparici-2025-08-18T083501.880-600x212.jpg 600w\" sizes=\"(max-width: 1500px) 100vw, 1500px\" \/><\/a><\/p>\r\n\r\n<h2 data-start=\"46\" data-end=\"89\">Hommages, figures inhum\u00e9es et symbolique<\/h2>\r\n<p data-start=\"91\" data-end=\"437\">Le <strong data-start=\"94\" data-end=\"106\">panth\u00e9on<\/strong> est bien plus qu\u2019un monument : il est un <strong data-start=\"148\" data-end=\"167\">lieu de m\u00e9moire<\/strong> consacr\u00e9 \u00e0 ceux et celles qui ont marqu\u00e9 l\u2019histoire du <strong data-start=\"223\" data-end=\"231\">pays<\/strong> par leurs engagements, leurs \u0153uvres ou leurs actions h\u00e9ro\u00efques. En tant que n\u00e9cropole r\u00e9publicaine, il accueille les <strong data-start=\"349\" data-end=\"377\">cendres de personnalit\u00e9s<\/strong> choisies pour leur contribution exceptionnelle \u00e0 la nation.<\/p>\r\n<p data-start=\"439\" data-end=\"1060\">Parmi les plus c\u00e9l\u00e8bres figures inhum\u00e9es, on retrouve les <strong data-start=\"497\" data-end=\"525\">philosophes des Lumi\u00e8res<\/strong> <strong data-start=\"526\" data-end=\"538\">Voltaire<\/strong> et <strong data-start=\"542\" data-end=\"554\">Rousseau<\/strong>, les <strong data-start=\"560\" data-end=\"573\">\u00e9crivains<\/strong> <strong data-start=\"574\" data-end=\"589\">Victor Hugo<\/strong> et <strong data-start=\"593\" data-end=\"607\">\u00c9mile Zola<\/strong>, le <strong data-start=\"612\" data-end=\"628\">scientifique<\/strong> <strong data-start=\"629\" data-end=\"646\">Louis Braille<\/strong>, les <strong data-start=\"652\" data-end=\"666\">r\u00e9sistants<\/strong> <strong data-start=\"667\" data-end=\"682\">Jean Moulin<\/strong> et <strong data-start=\"686\" data-end=\"705\">Germain Tillion<\/strong>, ou encore les <strong data-start=\"721\" data-end=\"738\">scientifiques<\/strong> <strong data-start=\"739\" data-end=\"764\">Marie et Pierre Curie<\/strong>. Ce dernier couple est d\u2019ailleurs \u00e0 l\u2019origine d\u2019un moment historique : <strong data-start=\"836\" data-end=\"851\">Marie Curie<\/strong> fut la premi\u00e8re femme <strong data-start=\"874\" data-end=\"890\">panth\u00e9onis\u00e9e<\/strong> en raison de ses propres m\u00e9rites, et non en tant qu\u2019\u00e9pouse, en 1995.<\/p>\r\n<p data-start=\"1062\" data-end=\"1511\">Jusqu\u2019\u00e0 aujourd\u2019hui, seules <strong data-start=\"1090\" data-end=\"1104\">six femmes<\/strong> y reposent pour leur \u0153uvre personnelle, un chiffre qui alimente r\u00e9guli\u00e8rement les d\u00e9bats sur la <strong data-start=\"1201\" data-end=\"1228\">repr\u00e9sentation f\u00e9minine<\/strong> dans ce lieu de m\u00e9moire. Parmi elles : <strong data-start=\"1268\" data-end=\"1283\">Simone Veil<\/strong>, survivante de la Shoah et figure politique majeure, et <strong data-start=\"1340\" data-end=\"1359\">Jos\u00e9phine Baker<\/strong>, artiste et r\u00e9sistante naturalis\u00e9e fran\u00e7aise, dont l\u2019entr\u00e9e au <strong data-start=\"1423\" data-end=\"1435\">panth\u00e9on<\/strong> en 2021 fut salu\u00e9e comme un symbole fort de diversit\u00e9 et de reconnaissance.<\/p>\r\n<p data-start=\"1513\" data-end=\"1798\">Le processus de s\u00e9lection repose sur une <strong data-start=\"1554\" data-end=\"1581\">d\u00e9cision pr\u00e9sidentielle<\/strong>, souvent apr\u00e8s d\u00e9bat public ou p\u00e9titions citoyennes. Il n\u2019existe pas de crit\u00e8res fixes : l\u2019admission repose sur la <strong data-start=\"1697\" data-end=\"1714\">valeur morale<\/strong>, la <strong data-start=\"1719\" data-end=\"1751\">contribution \u00e0 la R\u00e9publique<\/strong>, et parfois sur des consid\u00e9rations politiques.<\/p>\r\n<p data-start=\"1800\" data-end=\"2176\">Le <strong data-start=\"1803\" data-end=\"1815\">panth\u00e9on<\/strong> devient alors un <strong data-start=\"1833\" data-end=\"1863\">miroir des valeurs du pays<\/strong> \u00e0 un moment donn\u00e9. Le choix des figures inhum\u00e9es refl\u00e8te les priorit\u00e9s, les consensus, mais aussi les tensions de la soci\u00e9t\u00e9 fran\u00e7aise. En ce sens, chaque panth\u00e9onisation est \u00e0 la fois un hommage et un <strong data-start=\"2066\" data-end=\"2084\">acte politique<\/strong>, portant un message sur l\u2019identit\u00e9 collective et la reconnaissance des engagements humains.<\/p>\r\n\r\n<h2 data-start=\"44\" data-end=\"78\">Visiter le Panth\u00e9on aujourd\u2019hui<\/h2>\r\n<p data-start=\"80\" data-end=\"563\">Aujourd\u2019hui, le <strong data-start=\"96\" data-end=\"108\">panth\u00e9on<\/strong> est un <strong data-start=\"116\" data-end=\"153\">haut lieu touristique et culturel<\/strong> au c\u0153ur du Quartier latin \u00e0 Paris. Accessible au public, il attire chaque ann\u00e9e des milliers de visiteurs venus admirer son architecture, d\u00e9couvrir son histoire et se recueillir devant les tombes des grandes figures nationales. Sa position dominante sur la <strong data-start=\"411\" data-end=\"440\">montagne Sainte-Genevi\u00e8ve<\/strong>, entour\u00e9 d\u2019institutions acad\u00e9miques prestigieuses comme la Sorbonne, en fait un site embl\u00e9matique de la culture fran\u00e7aise.<\/p>\r\n<p data-start=\"565\" data-end=\"970\">Le parcours de visite du <strong data-start=\"590\" data-end=\"602\">panth\u00e9on<\/strong> propose une exploration de ses diff\u00e9rents espaces : la <strong data-start=\"658\" data-end=\"674\">nef centrale<\/strong>, les <strong data-start=\"680\" data-end=\"711\">galeries orn\u00e9es de fresques<\/strong>, le <strong data-start=\"716\" data-end=\"724\">d\u00f4me<\/strong>, les <strong data-start=\"730\" data-end=\"741\">cryptes<\/strong> o\u00f9 reposent les personnalit\u00e9s inhum\u00e9es, et le c\u00e9l\u00e8bre <strong data-start=\"796\" data-end=\"819\">pendule de Foucault<\/strong> suspendu sous la coupole. Ce dernier permet encore aujourd\u2019hui de <strong data-start=\"886\" data-end=\"924\">visualiser la rotation de la Terre<\/strong>, ajoutant une dimension scientifique au site.<\/p>\r\n<p data-start=\"972\" data-end=\"1442\">Le monument est g\u00e9r\u00e9 par le <strong data-start=\"1000\" data-end=\"1034\">Centre des monuments nationaux<\/strong>, qui en assure l\u2019entretien, la mise en valeur et l\u2019accessibilit\u00e9. Le prix d\u2019entr\u00e9e standard est d\u2019environ <strong data-start=\"1141\" data-end=\"1153\">16 euros<\/strong>, avec la gratuit\u00e9 pour les <strong data-start=\"1181\" data-end=\"1237\">moins de 26 ans ressortissants de l\u2019Union europ\u00e9enne<\/strong>, ce qui en fait une destination privil\u00e9gi\u00e9e pour les <strong data-start=\"1291\" data-end=\"1311\">jeunes voyageurs<\/strong> ou \u00e9tudiants. Des visites guid\u00e9es, ateliers p\u00e9dagogiques et expositions temporaires enrichissent r\u00e9guli\u00e8rement l\u2019offre culturelle.<\/p>\r\n<p data-start=\"1444\" data-end=\"1815\">L\u2019exp\u00e9rience ne se limite pas \u00e0 l\u2019int\u00e9rieur : l\u2019acc\u00e8s au sommet du d\u00f4me, ouvert \u00e0 certaines p\u00e9riodes, offre une <strong data-start=\"1556\" data-end=\"1599\">vue panoramique spectaculaire sur Paris<\/strong>, rivalisant avec celles de la Tour Eiffel ou de Montmartre. Ce point de vue unique permet aussi de prendre conscience de la place centrale qu\u2019occupe le <strong data-start=\"1752\" data-end=\"1764\">panth\u00e9on<\/strong> dans le tissu urbain et historique de la capitale.<\/p>\r\n<p data-start=\"1817\" data-end=\"2086\">Visiter le <strong data-start=\"1828\" data-end=\"1840\">panth\u00e9on<\/strong>, c\u2019est donc <strong data-start=\"1853\" data-end=\"1891\">s\u2019immerger dans l\u2019histoire du pays<\/strong> \u00e0 travers ses pierres, ses fresques, ses voix. C\u2019est ressentir, au sein de cette architecture solennelle, le poids des id\u00e9es, des luttes et des victoires qui ont fa\u00e7onn\u00e9 la R\u00e9publique fran\u00e7aise.<\/p>\r\n\r\n<h2 data-start=\"45\" data-end=\"81\">Symbolisme et patrimoine culturel<\/h2>\r\n<p data-start=\"83\" data-end=\"507\">Le <strong data-start=\"86\" data-end=\"98\">panth\u00e9on<\/strong> n\u2019est pas seulement un monument architectural ou un lieu de s\u00e9pulture : il est une <strong data-start=\"182\" data-end=\"242\">incarnation symbolique de l\u2019identit\u00e9 nationale fran\u00e7aise<\/strong>. \u00c0 travers sa devise grav\u00e9e dans la pierre \u2014 <em data-start=\"288\" data-end=\"337\">\u00ab\u202fAux grands hommes, la patrie reconnaissante\u202f\u00bb<\/em> \u2014 il repr\u00e9sente un <strong data-start=\"357\" data-end=\"378\">id\u00e9al r\u00e9publicain<\/strong>, celui qui honore les citoyens ayant consacr\u00e9 leur vie \u00e0 la <strong data-start=\"439\" data-end=\"506\">justice, au progr\u00e8s, \u00e0 la science, \u00e0 la culture ou \u00e0 la libert\u00e9<\/strong>.<\/p>\r\n<p data-start=\"509\" data-end=\"863\">Ce symbolisme s\u2019exprime d\u2019abord par son emplacement : situ\u00e9 au sommet de la <strong data-start=\"585\" data-end=\"614\">montagne Sainte\u2011Genevi\u00e8ve<\/strong>, dans un quartier historiquement intellectuel et universitaire, le <strong data-start=\"682\" data-end=\"694\">panth\u00e9on<\/strong> domine Paris comme une <strong data-start=\"718\" data-end=\"738\">citadelle morale<\/strong>. Il devient ainsi un point de convergence entre <strong data-start=\"787\" data-end=\"809\">m\u00e9moire collective<\/strong>, <strong data-start=\"811\" data-end=\"833\">histoire politique<\/strong>, et <strong data-start=\"838\" data-end=\"862\">valeurs universelles<\/strong>.<\/p>\r\n<p data-start=\"865\" data-end=\"1252\">Chaque d\u00e9tail architectural a \u00e9t\u00e9 con\u00e7u pour renforcer ce message. Le style <strong data-start=\"941\" data-end=\"958\">n\u00e9o\u2011classique<\/strong> rappelle les temples de la d\u00e9mocratie antique. Les fresques et sculptures \u00e9voquent la grandeur du pass\u00e9, mais aussi les engagements modernes. Le pendule de Foucault, install\u00e9 au c\u0153ur de l\u2019\u00e9difice, mat\u00e9rialise la <strong data-start=\"1171\" data-end=\"1210\">poursuite du savoir et de la v\u00e9rit\u00e9<\/strong>, autre pilier de l\u2019identit\u00e9 r\u00e9publicaine.<\/p>\r\n<p data-start=\"1254\" data-end=\"1611\">En tant que <strong data-start=\"1266\" data-end=\"1289\">patrimoine culturel<\/strong>, le <strong data-start=\"1294\" data-end=\"1306\">panth\u00e9on<\/strong> joue un r\u00f4le central dans la <strong data-start=\"1336\" data-end=\"1364\">transmission des valeurs<\/strong>. Il est \u00e0 la fois <strong data-start=\"1383\" data-end=\"1430\">mus\u00e9e, m\u00e9morial, et manifeste architectural<\/strong>. Il c\u00e9l\u00e8bre l\u2019histoire non pas comme une simple chronologie d\u2019\u00e9v\u00e9nements, mais comme un <strong data-start=\"1519\" data-end=\"1561\">horizon d\u2019id\u00e9es et de combats partag\u00e9s<\/strong>, de figures qui continuent d\u2019inspirer la soci\u00e9t\u00e9.<\/p>\r\n<p data-start=\"1613\" data-end=\"2047\">Ce r\u00f4le symbolique s\u2019actualise \u00e9galement dans les d\u00e9bats publics sur les prochaines personnalit\u00e9s \u00e0 panth\u00e9oniser. \u00c0 chaque nouvelle entr\u00e9e, le pays s\u2019interroge sur ce qu\u2019il veut honorer, sur ce qui m\u00e9rite d\u2019\u00eatre grav\u00e9 dans la m\u00e9moire nationale. Faut-il plus de femmes\u202f? Des artistes, des ouvriers, des militants \u00e9cologistes\u202f? Le <strong data-start=\"1942\" data-end=\"1954\">panth\u00e9on<\/strong>, loin d\u2019\u00eatre fig\u00e9, reste <strong data-start=\"1980\" data-end=\"2002\">vivant et \u00e9volutif<\/strong>, fid\u00e8le \u00e0 sa fonction de miroir r\u00e9publicain.<\/p>\r\n<p data-start=\"2049\" data-end=\"2271\">\u00c0 travers lui, la France affirme non seulement son pass\u00e9, mais aussi ses aspirations futures. Le <strong data-start=\"2146\" data-end=\"2158\">panth\u00e9on<\/strong> devient ainsi une <strong data-start=\"2177\" data-end=\"2200\">boussole culturelle<\/strong>, o\u00f9 se rencontrent les pierres du souvenir et les promesses de demain.<\/p>\r\n\r\n<h2 data-start=\"2049\" data-end=\"2271\">Panth\u00e9on Sorbonne<\/h2>\r\n<p data-start=\"130\" data-end=\"670\">L\u2019universit\u00e9 <strong data-start=\"143\" data-end=\"164\">Panth\u00e9on-Sorbonne<\/strong>, officiellement Paris 1, est l\u2019un des \u00e9tablissements les plus prestigieux du paysage universitaire fran\u00e7ais. Situ\u00e9e entre le <strong data-start=\"290\" data-end=\"311\">Panth\u00e9on de Paris<\/strong> et la <strong data-start=\"318\" data-end=\"341\">Sorbonne historique<\/strong>, elle incarne l\u2019excellence acad\u00e9mique dans les domaines du <strong data-start=\"401\" data-end=\"410\">droit<\/strong>, des <strong data-start=\"416\" data-end=\"437\">sciences humaines<\/strong>, de l\u2019<strong data-start=\"444\" data-end=\"456\">\u00e9conomie<\/strong> et des <strong data-start=\"464\" data-end=\"485\">sciences sociales<\/strong>. H\u00e9riti\u00e8re directe de l\u2019Universit\u00e9 de Paris fond\u00e9e au XIII\u1d49 si\u00e8cle, <strong data-start=\"554\" data-end=\"575\">Panth\u00e9on-Sorbonne<\/strong> tire son nom de deux b\u00e2timents embl\u00e9matiques du <strong data-start=\"624\" data-end=\"642\">Quartier Latin<\/strong>, c\u0153ur intellectuel du pays.<\/p>\r\n<p data-start=\"130\" data-end=\"670\"><a href=\"https:\/\/cparici.com\/wp-content\/uploads\/2025\/08\/cparici-2025-08-18T083910.203.jpg\"><img decoding=\"async\" class=\"aligncenter wp-image-69271 size-full\" src=\"https:\/\/cparici.com\/wp-content\/uploads\/2025\/08\/cparici-2025-08-18T083910.203.jpg\" alt=\"Panth\u00e9on Sorbonne\" width=\"1500\" height=\"530\" srcset=\"https:\/\/cparici.com\/wp-content\/uploads\/2025\/08\/cparici-2025-08-18T083910.203.jpg 1500w, https:\/\/cparici.com\/wp-content\/uploads\/2025\/08\/cparici-2025-08-18T083910.203-300x106.jpg 300w, https:\/\/cparici.com\/wp-content\/uploads\/2025\/08\/cparici-2025-08-18T083910.203-1024x362.jpg 1024w, https:\/\/cparici.com\/wp-content\/uploads\/2025\/08\/cparici-2025-08-18T083910.203-768x271.jpg 768w, https:\/\/cparici.com\/wp-content\/uploads\/2025\/08\/cparici-2025-08-18T083910.203-18x6.jpg 18w, https:\/\/cparici.com\/wp-content\/uploads\/2025\/08\/cparici-2025-08-18T083910.203-590x208.jpg 590w, https:\/\/cparici.com\/wp-content\/uploads\/2025\/08\/cparici-2025-08-18T083910.203-1200x424.jpg 1200w, https:\/\/cparici.com\/wp-content\/uploads\/2025\/08\/cparici-2025-08-18T083910.203-577x204.jpg 577w, https:\/\/cparici.com\/wp-content\/uploads\/2025\/08\/cparici-2025-08-18T083910.203-600x212.jpg 600w\" sizes=\"(max-width: 1500px) 100vw, 1500px\" \/><\/a><\/p>\r\n<p data-start=\"672\" data-end=\"1022\">Reconnue pour la qualit\u00e9 de son enseignement et sa dimension internationale, l\u2019universit\u00e9 accueille chaque ann\u00e9e des dizaines de milliers d\u2019\u00e9tudiants venus du monde entier. Elle abrite de nombreux laboratoires de recherche, participe activement aux d\u00e9bats soci\u00e9taux, et se distingue par sa formation exigeante, en lien avec les enjeux contemporains.<\/p>\r\n<p data-start=\"1024\" data-end=\"1328\">Proche du <strong data-start=\"1034\" data-end=\"1046\">Panth\u00e9on<\/strong>, symbole de la m\u00e9moire nationale, <strong data-start=\"1081\" data-end=\"1102\">Panth\u00e9on-Sorbonne<\/strong> refl\u00e8te une tradition de <strong data-start=\"1128\" data-end=\"1150\">savoir r\u00e9publicain<\/strong>, de libert\u00e9 de pens\u00e9e et d\u2019innovation intellectuelle. C\u2019est un lieu d\u2019\u00e9tude prestigieux, mais aussi un <strong data-start=\"1254\" data-end=\"1280\">espace de transmission<\/strong>, ancr\u00e9 dans l\u2019histoire et tourn\u00e9 vers l\u2019avenir.<\/p>\r\n\r\n<h2 data-start=\"40\" data-end=\"78\">Foire aux questions sur le panth\u00e9on<\/h2>\r\n<h3 data-start=\"80\" data-end=\"120\">Qu\u2019est-ce que le panth\u00e9on de Paris ?<\/h3>\r\n<p data-start=\"122\" data-end=\"532\">Le <strong data-start=\"125\" data-end=\"137\">panth\u00e9on<\/strong> est un monument situ\u00e9 dans le 5\u1d49 arrondissement de Paris, con\u00e7u \u00e0 l\u2019origine comme une \u00e9glise d\u00e9di\u00e9e \u00e0 sainte Genevi\u00e8ve. Il a \u00e9t\u00e9 transform\u00e9 en mausol\u00e9e r\u00e9publicain pendant la R\u00e9volution fran\u00e7aise et abrite aujourd\u2019hui les d\u00e9pouilles de personnalit\u00e9s ayant marqu\u00e9 l\u2019histoire de la France. C\u2019est \u00e0 la fois un site touristique, un lieu de m\u00e9moire nationale et un symbole des valeurs r\u00e9publicaines.<\/p>\r\n\r\n\r\n<hr data-start=\"534\" data-end=\"537\">\r\n\r\n<h3 data-start=\"539\" data-end=\"583\">Quand et pourquoi a-t-il \u00e9t\u00e9 construit ?<\/h3>\r\n<p data-start=\"585\" data-end=\"901\">La construction du <strong data-start=\"604\" data-end=\"616\">panth\u00e9on<\/strong> a d\u00e9but\u00e9 en 1757 \u00e0 la suite d\u2019un v\u0153u de <strong data-start=\"657\" data-end=\"669\">Louis\u202fXV<\/strong>, qui avait promis d\u2019\u00e9riger une \u00e9glise en l\u2019honneur de sainte Genevi\u00e8ve s\u2019il gu\u00e9rissait d\u2019une grave maladie. Achev\u00e9 en 1790, l\u2019\u00e9difice a \u00e9t\u00e9 rapidement converti en temple la\u00efque pour honorer les grands hommes de la nation fran\u00e7aise.<\/p>\r\n\r\n\r\n<hr data-start=\"903\" data-end=\"906\">\r\n\r\n<h3 data-start=\"908\" data-end=\"950\">Qui sont les architectes du panth\u00e9on ?<\/h3>\r\n<p data-start=\"952\" data-end=\"1280\">Le principal architecte du <strong data-start=\"979\" data-end=\"991\">panth\u00e9on<\/strong> est <strong data-start=\"996\" data-end=\"1024\">Jacques-Germain Soufflot<\/strong>, un repr\u00e9sentant du style n\u00e9o\u2011classique. Apr\u00e8s sa mort en 1780, son \u00e9l\u00e8ve <strong data-start=\"1099\" data-end=\"1125\">Jean-Baptiste Rondelet<\/strong> a achev\u00e9 les travaux. Soufflot avait pour ambition de combiner la l\u00e9g\u00e8ret\u00e9 de l\u2019architecture gothique avec la clart\u00e9 et la rigueur de l\u2019Antiquit\u00e9 grecque.<\/p>\r\n\r\n\r\n<hr data-start=\"1282\" data-end=\"1285\">\r\n\r\n<h3 data-start=\"1287\" data-end=\"1327\">Pourquoi a-t-il chang\u00e9 de fonction ?<\/h3>\r\n<p data-start=\"1329\" data-end=\"1698\">Le <strong data-start=\"1332\" data-end=\"1344\">panth\u00e9on<\/strong> a chang\u00e9 plusieurs fois de statut en fonction des r\u00e9gimes politiques : de l\u2019\u00e9glise \u00e0 la n\u00e9cropole la\u00efque sous la R\u00e9volution, retour au culte sous Napol\u00e9on, puis red\u00e9fini d\u00e9finitivement en temple r\u00e9publicain en 1885 avec l\u2019inhumation de <strong data-start=\"1581\" data-end=\"1596\">Victor Hugo<\/strong>. Ces transformations refl\u00e8tent les tensions historiques entre tradition religieuse et pouvoir la\u00efque.<\/p>\r\n\r\n\r\n<hr data-start=\"1700\" data-end=\"1703\">\r\n\r\n<h3 data-start=\"1705\" data-end=\"1766\">Quelle est la signification de la devise sur le fronton ?<\/h3>\r\n<p data-start=\"1768\" data-end=\"2047\">La phrase <em data-start=\"1778\" data-end=\"1827\">\u00ab\u202fAux grands hommes, la patrie reconnaissante\u202f\u00bb<\/em> est grav\u00e9e sur la fa\u00e7ade du <strong data-start=\"1856\" data-end=\"1868\">panth\u00e9on<\/strong>. Elle exprime la gratitude de la nation envers ceux qui ont \u0153uvr\u00e9 pour son bien. Elle incarne l\u2019esprit r\u00e9publicain : honorer le m\u00e9rite individuel au service de l\u2019int\u00e9r\u00eat g\u00e9n\u00e9ral.<\/p>\r\n\r\n\r\n<hr data-start=\"2049\" data-end=\"2052\">\r\n\r\n<h3 data-start=\"2054\" data-end=\"2089\">Qui est inhum\u00e9(e) au panth\u00e9on ?<\/h3>\r\n<p data-start=\"2091\" data-end=\"2485\">Plus de <strong data-start=\"2099\" data-end=\"2119\">70 personnalit\u00e9s<\/strong> reposent dans le <strong data-start=\"2137\" data-end=\"2149\">panth\u00e9on<\/strong>, parmi lesquelles <strong data-start=\"2168\" data-end=\"2180\">Voltaire<\/strong>, <strong data-start=\"2182\" data-end=\"2194\">Rousseau<\/strong>, <strong data-start=\"2196\" data-end=\"2211\">Victor Hugo<\/strong>, <strong data-start=\"2213\" data-end=\"2227\">\u00c9mile Zola<\/strong>, <strong data-start=\"2229\" data-end=\"2254\">Marie et Pierre Curie<\/strong>, <strong data-start=\"2256\" data-end=\"2271\">Jean Moulin<\/strong>, <strong data-start=\"2273\" data-end=\"2288\">Simone Veil<\/strong>, et <strong data-start=\"2293\" data-end=\"2312\">Jos\u00e9phine Baker<\/strong>. Ces figures viennent du monde des lettres, des sciences, de la politique, ou de la r\u00e9sistance. Leurs s\u00e9pultures symbolisent leur apport fondamental \u00e0 la soci\u00e9t\u00e9 fran\u00e7aise.<\/p>\r\n\r\n\r\n<hr data-start=\"2487\" data-end=\"2490\">\r\n\r\n<h3 data-start=\"2492\" data-end=\"2545\">Comment peut-on visiter le panth\u00e9on aujourd\u2019hui ?<\/h3>\r\n<p data-start=\"2547\" data-end=\"2961\">Le <strong data-start=\"2550\" data-end=\"2562\">panth\u00e9on<\/strong> est ouvert au public toute l\u2019ann\u00e9e, avec un billet d\u2019entr\u00e9e \u00e0 environ <strong data-start=\"2633\" data-end=\"2641\">16\u202f\u20ac<\/strong>, gratuit pour les <strong data-start=\"2660\" data-end=\"2716\">moins de 26 ans ressortissants de l\u2019Union europ\u00e9enne<\/strong>. Des visites libres, guid\u00e9es ou th\u00e9matiques sont propos\u00e9es. Il est \u00e9galement possible, \u00e0 certaines p\u00e9riodes, de monter au sommet du d\u00f4me pour admirer <strong data-start=\"2867\" data-end=\"2900\">une vue panoramique sur Paris<\/strong>. Le site est g\u00e9r\u00e9 par le <strong data-start=\"2926\" data-end=\"2960\">Centre des monuments nationaux<\/strong>.<\/p>\r\n\r\n<h2 data-start=\"45\" data-end=\"58\">Conclusion<\/h2>\r\n<p data-start=\"60\" data-end=\"577\">Le <strong data-start=\"63\" data-end=\"75\">panth\u00e9on<\/strong> est bien plus qu\u2019un monument parisien : c\u2019est une <strong data-start=\"126\" data-end=\"164\">v\u00e9ritable institution r\u00e9publicaine<\/strong>, un symbole de la <strong data-start=\"183\" data-end=\"204\">m\u00e9moire nationale<\/strong> et de la reconnaissance de la <strong data-start=\"235\" data-end=\"272\">patrie envers ses grandes figures<\/strong>. Depuis sa cr\u00e9ation au XVIII\u1d49 si\u00e8cle comme \u00e9glise d\u00e9di\u00e9e \u00e0 sainte Genevi\u00e8ve, jusqu\u2019\u00e0 sa reconversion en <strong data-start=\"377\" data-end=\"418\">n\u00e9cropole des grands hommes et femmes<\/strong>, le b\u00e2timent a suivi les soubresauts de l\u2019histoire de France, en incarnant tour \u00e0 tour la foi monarchique, la passion r\u00e9volutionnaire et l\u2019esprit r\u00e9publicain.<\/p>\r\n<p data-start=\"579\" data-end=\"897\">Son architecture monumentale, ses fresques, son d\u00f4me imposant et ses cryptes en font un lieu de recueillement autant que de contemplation. Mais le <strong data-start=\"726\" data-end=\"738\">panth\u00e9on<\/strong> est aussi un espace vivant, o\u00f9 chaque nouvelle panth\u00e9onisation ouvre un d\u00e9bat sur les <strong data-start=\"825\" data-end=\"836\">valeurs<\/strong> que la soci\u00e9t\u00e9 souhaite transmettre aux g\u00e9n\u00e9rations futures.<\/p>\r\n<p data-start=\"899\" data-end=\"1392\">En le visitant, on ne fait pas qu\u2019admirer un \u00e9difice majestueux : on entre dans une <strong data-start=\"983\" data-end=\"1007\">m\u00e9moire en mouvement<\/strong>, un r\u00e9cit collectif o\u00f9 se rencontrent science, litt\u00e9rature, politique, et engagement. Que l\u2019on y vienne pour d\u00e9couvrir son <strong data-start=\"1131\" data-end=\"1161\">architecture n\u00e9o-classique<\/strong>, pour rendre hommage \u00e0 <strong data-start=\"1185\" data-end=\"1200\">Marie Curie<\/strong> ou <strong data-start=\"1204\" data-end=\"1219\">Jean Moulin<\/strong>, ou simplement pour comprendre l\u2019histoire du <strong data-start=\"1265\" data-end=\"1273\">pays<\/strong>, le <strong data-start=\"1278\" data-end=\"1290\">panth\u00e9on<\/strong> reste un lieu essentiel du patrimoine fran\u00e7ais, profond\u00e9ment ancr\u00e9 dans les <strong data-start=\"1367\" data-end=\"1391\">valeurs universelles<\/strong>.<\/p>\r\n<p data-start=\"899\" data-end=\"1392\">Pour consulter le site officiel du Panth\u00e9on, <a href=\"https:\/\/www.paris-pantheon.fr\/\" target=\"_blank\" rel=\"noopener\">c\u2019est par ici!<\/a><\/p>\t\t\t\t\t\t\t\t<\/div>\n\t\t\t\t\t<\/div>\n\t\t\t\t<\/div>\n\t\t<div class=\"elementor-element elementor-element-7a0b0dd e-flex e-con-boxed e-con e-parent\" data-id=\"7a0b0dd\" data-element_type=\"container\" data-e-type=\"container\">\n\t\t\t\t\t<div class=\"e-con-inner\">\n\t\t<div class=\"elementor-element elementor-element-4264e544 e-con-full e-flex e-con e-child\" data-id=\"4264e544\" data-element_type=\"container\" data-e-type=\"container\">\n\t\t\t\t<div class=\"elementor-element elementor-element-3819c566 elementor-widget elementor-widget-text-editor\" data-id=\"3819c566\" data-element_type=\"widget\" data-e-type=\"widget\" data-widget_type=\"text-editor.default\">\n\t\t\t\t\t\t\t\t\t<p>Cet article a \u00e9t\u00e9 r\u00e9dig\u00e9 par Alex Arts,\u00a0<a href=\"https:\/\/alexantoine-photos.weebly.com\/\" target=\"_blank\" rel=\"noopener\">photographe<\/a>,\u00a0<a href=\"https:\/\/www.linkedin.com\/in\/alex-b-arts\/\" target=\"_blank\" rel=\"noopener\">cr\u00e9ateur de contenu<\/a>, et guide local.<\/p>\t\t\t\t\t\t\t\t<\/div>\n\t\t\t\t<div class=\"elementor-element elementor-element-4b96de8c elementor-widget elementor-widget-author-box\" data-id=\"4b96de8c\" data-element_type=\"widget\" data-e-type=\"widget\" data-widget_type=\"author-box.default\">\n\t\t\t\t\t\t\t<div class=\"elementor-author-box\">\n\t\t\t\t\t\t\t<a href=\"https:\/\/www.linkedin.com\/in\/alex-b-arts\/\" class=\"elementor-author-box__avatar\" target=\"_blank\" rel=\"noopener\">\n\t\t\t\t\t<img decoding=\"async\" src=\"https:\/\/cparici.com\/wp-content\/uploads\/2024\/09\/photo-alex-arts-300x300.jpeg\" alt=\"Bild von Alex Arts\" loading=\"lazy\">\n\t\t\t\t<\/a>\n\t\t\t\n\t\t\t<div class=\"elementor-author-box__text\">\n\t\t\t\t\t\t\t\t\t<a href=\"https:\/\/www.linkedin.com\/in\/alex-b-arts\/\" target=\"_blank\" rel=\"noopener\">\n\t\t\t\t\t\t<h4 class=\"elementor-author-box__name\">\n\t\t\t\t\t\t\tAlex Arts\t\t\t\t\t\t<\/h4>\n\t\t\t\t\t<\/a>\n\t\t\t\t\n\t\t\t\t\t\t\t\t\t<div class=\"elementor-author-box__bio\">\n\t\t\t\t\t\t<p>Photographe, cr\u00e9ateur de contenu et local guide<\/p>\n\t\t\t\t\t<\/div>\n\t\t\t\t\n\t\t\t\t\t\t\t<\/div>\n\t\t<\/div>\n\t\t\t\t\t\t<\/div>\n\t\t\t\t<\/div>\n\t\t\t\t\t<\/div>\n\t\t\t\t<\/div>\n\t\t<aside class=\"elementor-element elementor-element-05db671 e-flex e-con-boxed e-con e-parent\" data-id=\"05db671\" data-element_type=\"container\" data-e-type=\"container\">\n\t\t\t\t\t<div class=\"e-con-inner\">\n\t\t\t\t<div class=\"elementor-element elementor-element-72d5329 elementor-widget elementor-widget-listeo-posts-grid\" data-id=\"72d5329\" data-element_type=\"widget\" data-e-type=\"widget\" data-widget_type=\"listeo-posts-grid.default\">\n\t\t\t\t<div class=\"elementor-widget-container\">\n\t\t\t\t\t\t\t\n\t\t<div class=\"listeo-post-grid-wrapper\">\n\t\t\t<div class=\"row\">\n\n\t\t\t\n\n\t\t\t\t\t\t\t<div class=\"col-md-4\">\n                <a href=\"https:\/\/cparici.com\/de\/roland-garros-tournoi-tennis\/\" class=\"blog-compact-item-container\">\n                    <div class=\"blog-compact-item\">\n                        <img decoding=\"async\" width=\"577\" height=\"207\" src=\"https:\/\/cparici.com\/wp-content\/uploads\/2024\/07\/roland-Garros.jpg\" class=\"attachment-listeo-blog-related-post size-listeo-blog-related-post wp-post-image\" alt=\"patrimoine de france roland Garros\" srcset=\"https:\/\/cparici.com\/wp-content\/uploads\/2024\/07\/roland-Garros.jpg 1500w, https:\/\/cparici.com\/wp-content\/uploads\/2024\/07\/roland-Garros-600x216.jpg 600w, https:\/\/cparici.com\/wp-content\/uploads\/2024\/07\/roland-Garros-300x108.jpg 300w, https:\/\/cparici.com\/wp-content\/uploads\/2024\/07\/roland-Garros-1024x368.jpg 1024w, https:\/\/cparici.com\/wp-content\/uploads\/2024\/07\/roland-Garros-768x276.jpg 768w\" sizes=\"(max-width: 577px) 100vw, 577px\" \/><span class=\"blog-item-tag\">France<\/span>                        \n                        <div class=\"blog-compact-item-content\">\n                                                        <h3>Roland Garros \u2013 tournoi de tennis international<\/h3>\n                                                        <p>Plongez dans l'univers de Roland-Garros 2025 \u00e0 Paris. D\u00e9couvrez l'histoire, les vainqueurs, le programme et...                            <\/p>\n                                                    <\/div>\n                    <\/div>\n                <\/a>\n            <\/div>\n\t\t\t<div class=\"col-md-4\">\n                <a href=\"https:\/\/cparici.com\/de\/jean-francois-champollion\/\" class=\"blog-compact-item-container\">\n                    <div class=\"blog-compact-item\">\n                        <img decoding=\"async\" width=\"577\" height=\"204\" src=\"https:\/\/cparici.com\/wp-content\/uploads\/2026\/02\/cparici-2026-02-18T193247.076-577x204.jpg\" class=\"attachment-listeo-blog-related-post size-listeo-blog-related-post wp-post-image\" alt=\"Champollion\" srcset=\"https:\/\/cparici.com\/wp-content\/uploads\/2026\/02\/cparici-2026-02-18T193247.076-577x204.jpg 577w, https:\/\/cparici.com\/wp-content\/uploads\/2026\/02\/cparici-2026-02-18T193247.076-300x106.jpg 300w, https:\/\/cparici.com\/wp-content\/uploads\/2026\/02\/cparici-2026-02-18T193247.076-1024x362.jpg 1024w, https:\/\/cparici.com\/wp-content\/uploads\/2026\/02\/cparici-2026-02-18T193247.076-768x271.jpg 768w, https:\/\/cparici.com\/wp-content\/uploads\/2026\/02\/cparici-2026-02-18T193247.076-18x6.jpg 18w, https:\/\/cparici.com\/wp-content\/uploads\/2026\/02\/cparici-2026-02-18T193247.076-590x208.jpg 590w, https:\/\/cparici.com\/wp-content\/uploads\/2026\/02\/cparici-2026-02-18T193247.076-1200x424.jpg 1200w, https:\/\/cparici.com\/wp-content\/uploads\/2026\/02\/cparici-2026-02-18T193247.076-600x212.jpg 600w, https:\/\/cparici.com\/wp-content\/uploads\/2026\/02\/cparici-2026-02-18T193247.076.jpg 1500w\" sizes=\"(max-width: 577px) 100vw, 577px\" \/><span class=\"blog-item-tag\">Figeac<\/span>                        \n                        <div class=\"blog-compact-item-content\">\n                                                        <h3>Jean-Fran\u00e7ois Champollion : h\u00e9ritage et lieux en France<\/h3>\n                                                        <p>Recherches populaires Categories Pas de r\u00e9sultats Voir tous les r\u00e9sultats Jean-Fran\u00e7ois Champollion : h\u00e9ritage et...                            <\/p>\n                                                    <\/div>\n                    <\/div>\n                <\/a>\n            <\/div>\n\t\t\t<div class=\"col-md-4\">\n                <a href=\"https:\/\/cparici.com\/de\/arc-de-triomphe-paris\/\" class=\"blog-compact-item-container\">\n                    <div class=\"blog-compact-item\">\n                        <img decoding=\"async\" width=\"577\" height=\"208\" src=\"https:\/\/cparici.com\/wp-content\/uploads\/2024\/07\/arc-de-triomphe-paris.jpg\" class=\"attachment-listeo-blog-related-post size-listeo-blog-related-post wp-post-image\" alt=\"arc de triomphe paris\" srcset=\"https:\/\/cparici.com\/wp-content\/uploads\/2024\/07\/arc-de-triomphe-paris.jpg 1500w, https:\/\/cparici.com\/wp-content\/uploads\/2024\/07\/arc-de-triomphe-paris-600x216.jpg 600w, https:\/\/cparici.com\/wp-content\/uploads\/2024\/07\/arc-de-triomphe-paris-300x108.jpg 300w, https:\/\/cparici.com\/wp-content\/uploads\/2024\/07\/arc-de-triomphe-paris-1024x369.jpg 1024w, https:\/\/cparici.com\/wp-content\/uploads\/2024\/07\/arc-de-triomphe-paris-768x276.jpg 768w\" sizes=\"(max-width: 577px) 100vw, 577px\" \/><span class=\"blog-item-tag\">France<\/span>                        \n                        <div class=\"blog-compact-item-content\">\n                                                        <h3>Arc de triomphe : guide complet pour votre visite et billetterie<\/h3>\n                                                        <p>Recherches populaires Categories Pas de r\u00e9sultats Voir tous les r\u00e9sultats L\u2019Arc de Triomphe L\u2019Arc de...                            <\/p>\n                                                    <\/div>\n                    <\/div>\n                <\/a>\n            <\/div>\n  <\/div>\n        <\/div>\n        \t\t\t\t<\/div>\n\t\t\t\t<\/div>\n\t\t\t\t\t<\/div>\n\t\t\t\t<\/aside>\n\t\t\t\t<\/div>\n\t\t","protected":false},"excerpt":{"rendered":"<p>Recherches populaires Categories Pas de r\u00e9sultats Voir tous les r\u00e9sultats Panth\u00e9on : un chef-d\u2019\u0153uvre n\u00e9o-classique \u00e0 Paris Le panth\u00e9on est l\u2019un des monuments les plus embl\u00e9matiques de la m\u00e9moire nationale fran\u00e7aise. Situ\u00e9 sur la montagne Sainte\u2011Genevi\u00e8ve dans le 5\u1d49 arrondissement de Paris, il incarne \u00e0 la fois une prouesse architecturale et un symbole r\u00e9publicain majeur. [&hellip;]<\/p>\n","protected":false},"author":97,"featured_media":69267,"comment_status":"closed","ping_status":"closed","sticky":false,"template":"","format":"standard","meta":{"ngg_post_thumbnail":0,"footnotes":""},"categories":[1803,477,1021,1022],"tags":[],"class_list":["post-69266","post","type-post","status-publish","format-standard","has-post-thumbnail","hentry","category-5eme-arrondissement","category-france","category-ile-de-france","category-paris"],"_links":{"self":[{"href":"https:\/\/cparici.com\/de\/wp-json\/wp\/v2\/posts\/69266","targetHints":{"allow":["GET"]}}],"collection":[{"href":"https:\/\/cparici.com\/de\/wp-json\/wp\/v2\/posts"}],"about":[{"href":"https:\/\/cparici.com\/de\/wp-json\/wp\/v2\/types\/post"}],"author":[{"embeddable":true,"href":"https:\/\/cparici.com\/de\/wp-json\/wp\/v2\/users\/97"}],"replies":[{"embeddable":true,"href":"https:\/\/cparici.com\/de\/wp-json\/wp\/v2\/comments?post=69266"}],"version-history":[{"count":0,"href":"https:\/\/cparici.com\/de\/wp-json\/wp\/v2\/posts\/69266\/revisions"}],"wp:featuredmedia":[{"embeddable":true,"href":"https:\/\/cparici.com\/de\/wp-json\/wp\/v2\/media\/69267"}],"wp:attachment":[{"href":"https:\/\/cparici.com\/de\/wp-json\/wp\/v2\/media?parent=69266"}],"wp:term":[{"taxonomy":"category","embeddable":true,"href":"https:\/\/cparici.com\/de\/wp-json\/wp\/v2\/categories?post=69266"},{"taxonomy":"post_tag","embeddable":true,"href":"https:\/\/cparici.com\/de\/wp-json\/wp\/v2\/tags?post=69266"}],"curies":[{"name":"wp","href":"https:\/\/api.w.org\/{rel}","templated":true}]}}