{"id":69689,"date":"2025-08-27T08:58:33","date_gmt":"2025-08-27T06:58:33","guid":{"rendered":"https:\/\/cparici.com\/?p=69689"},"modified":"2026-03-26T17:13:01","modified_gmt":"2026-03-26T16:13:01","slug":"vermietung-von-ferien-ardeche","status":"publish","type":"post","link":"https:\/\/cparici.com\/de\/location-de-vacances-en-ardeche\/","title":{"rendered":"Ferienunterk\u00fcnfte in Ard\u00e8che"},"content":{"rendered":"\t\t<div data-elementor-type=\"wp-post\" data-elementor-id=\"69689\" class=\"elementor elementor-69689\" data-elementor-post-type=\"post\">\n\t\t\t\t<div class=\"elementor-element elementor-element-8184d47 e-con-full e-flex e-con e-parent\" data-id=\"8184d47\" data-element_type=\"container\" data-e-type=\"container\">\n\t\t\t\t<div class=\"elementor-element elementor-element-c6a2505 elementor-widget elementor-widget-image\" data-id=\"c6a2505\" data-element_type=\"widget\" data-e-type=\"widget\" data-widget_type=\"image.default\">\n\t\t\t\t\t\t\t\t\t\t\t\t\t\t\t<img decoding=\"async\" width=\"1500\" height=\"530\" src=\"https:\/\/cparici.com\/wp-content\/uploads\/2025\/08\/cparici-2025-08-26T161150.990.jpg\" class=\"attachment-full size-full wp-image-69695\" alt=\"location de vacances en Ard\u00e8che\" srcset=\"https:\/\/cparici.com\/wp-content\/uploads\/2025\/08\/cparici-2025-08-26T161150.990.jpg 1500w, https:\/\/cparici.com\/wp-content\/uploads\/2025\/08\/cparici-2025-08-26T161150.990-300x106.jpg 300w, https:\/\/cparici.com\/wp-content\/uploads\/2025\/08\/cparici-2025-08-26T161150.990-1024x362.jpg 1024w, https:\/\/cparici.com\/wp-content\/uploads\/2025\/08\/cparici-2025-08-26T161150.990-768x271.jpg 768w, https:\/\/cparici.com\/wp-content\/uploads\/2025\/08\/cparici-2025-08-26T161150.990-18x6.jpg 18w, https:\/\/cparici.com\/wp-content\/uploads\/2025\/08\/cparici-2025-08-26T161150.990-590x208.jpg 590w, https:\/\/cparici.com\/wp-content\/uploads\/2025\/08\/cparici-2025-08-26T161150.990-1200x424.jpg 1200w, https:\/\/cparici.com\/wp-content\/uploads\/2025\/08\/cparici-2025-08-26T161150.990-577x204.jpg 577w, https:\/\/cparici.com\/wp-content\/uploads\/2025\/08\/cparici-2025-08-26T161150.990-600x212.jpg 600w\" sizes=\"(max-width: 1500px) 100vw, 1500px\" \/>\t\t\t\t\t\t\t\t\t\t\t\t\t\t\t<\/div>\n\t\t\t\t<\/div>\n\t\t<aside class=\"elementor-element elementor-element-27d7859 e-flex e-con-boxed e-con e-parent\" data-id=\"27d7859\" data-element_type=\"container\" data-e-type=\"container\">\n\t\t\t\t\t<div class=\"e-con-inner\">\n\t\t\t\t<div class=\"elementor-element elementor-element-bf93ff2 elementor-widget elementor-widget-global elementor-global-62046 elementor-widget-eael-advanced-search\" data-id=\"bf93ff2\" data-element_type=\"widget\" data-e-type=\"widget\" data-widget_type=\"eael-advanced-search.default\">\n\t\t\t\t\t        <div class=\"eael-adv-search-wrapper\">\n            <div id=\"eael-advanced-search-widget-bf93ff2\" class=\"eael-advanced-search-widget\">\n                <form data-settings=\"{&quot;post_per_page&quot;:5,&quot;search_among_taxonomies&quot;:&quot;&quot;,&quot;search_among_sku&quot;:&quot;no&quot;,&quot;show_popular_keyword&quot;:0,&quot;show_category&quot;:0,&quot;show_content_image&quot;:1,&quot;show_search_result_all_results&quot;:0,&quot;result_on_new_tab&quot;:&quot;no&quot;,&quot;show_product_price&quot;:&quot;no&quot;,&quot;include_current_page&quot;:&quot;no&quot;,&quot;current_post_id&quot;:69689,&quot;post_type&quot;:[&quot;post&quot;,&quot;listing&quot;]}\" method=\"POST\" name=\"eael-advanced-search-form-bf93ff2\" class=\"eael-advanced-search-form eael-advanced-search-form-style-2\">\n                    <div class=\"eael-advanced-search-wrap\">\n                        <span class=\"eael-adv-search-loader\"><\/span>\n                        <span class=\"eael-adv-search-close\"><i class=\"fas fa-times\"><\/i><\/span>\n                        <span class=\"icon \"><i class=\"fas fa-search\"><\/i><\/span>\n\n                        <input type=\"text\"\n                               placeholder=\"Votre destination\"\n                               class=\"eael-advanced-search\" autocomplete=\"off\" name=\"eael_advanced_search\">\n                    <\/div>\n\t\t\t\t\t                                    <\/form>\n\n\t\t\t\t\n\t\t\t\t        <div class=\"eael-advanced-search-result\">\n            <div class=\"eael-advanced-search-popular-keyword\">\n\t\t\t\t<h4 class=\"eael-advanced-search-popular-keyword-text\">Recherches populaires<\/h4>                <div class=\"eael-popular-keyword-content\"><\/div>\n            <\/div>\n            <div class=\"eael-advanced-search-category\">\n\t\t\t\t<h4 class=\"eael-advanced-search-category-text\">Categories<\/h4>                <div class=\"eael-popular-category-content\"><\/div>\n            <\/div>\n\t\t\t<div class=\"eael-advanced-search-total-results-section\">\n\t\t\t\t\t\t\t<\/div>\n            <div class=\"eael-advanced-search-content eael-item-style-3\">\n            <\/div>\n            <div class=\"eael-advanced-search-not-found\">\n                <p>Pas de r\u00e9sultats<\/p><\/div>\n            <div class=\"eael-advanced-search-load-more\">\n\t\t\t\t<a \tclass=\"eael-advanced-search-load-more-button\"\n                \thref=\"#\">Voir tous les r\u00e9sultats<\/a>\n            <\/div>\n        <\/div>\n\n\t\t            <\/div>\n        <\/div>\n\n\t\t\t\t\t\t<\/div>\n\t\t\t\t\t<\/div>\n\t\t\t\t<\/aside>\n\t\t<div class=\"elementor-element elementor-element-6e1ce153 e-flex e-con-boxed e-con e-parent\" data-id=\"6e1ce153\" data-element_type=\"container\" data-e-type=\"container\">\n\t\t\t\t\t<div class=\"e-con-inner\">\n\t\t\t\t<div class=\"elementor-element elementor-element-579e733c elementor-widget elementor-widget-text-editor\" data-id=\"579e733c\" data-element_type=\"widget\" data-e-type=\"widget\" data-widget_type=\"text-editor.default\">\n\t\t\t\t\t\t\t\t\t<h1 style=\"text-align: center;\">Location de vacances en Ard\u00e8che<\/h1><p>Trouver une <strong data-start=\"695\" data-end=\"724\">location de vacances en Ard\u00e8che<\/strong> est une excellente id\u00e9e pour quiconque souhaite allier d\u00e9tente, d\u00e9couvertes culturelles et immersion en pleine nature. Ce d\u00e9partement du sud-est de la France, riche en paysages contrast\u00e9s, attire chaque ann\u00e9e des milliers de voyageurs en qu\u00eate d\u2019authenticit\u00e9. Entre les majestueuses <strong data-start=\"1008\" data-end=\"1031\">Gorges de l\u2019Ard\u00e8che<\/strong>, les villages m\u00e9di\u00e9vaux perch\u00e9s et les activit\u00e9s de plein air comme le cano\u00eb ou la randonn\u00e9e, les visiteurs profitent d\u2019un cadre unique. Si vous souhaitez explorer davantage les richesses <strong data-start=\"1220\" data-end=\"1231\">du pays<\/strong>, vous pouvez d\u00e9couvrir <a class=\"decorated-link\" href=\"https:\/\/cparici.com\/fr\/visiter-la-france-guide-des-regions-et-sites-touristiques\" target=\"_new\" rel=\"noopener\" data-start=\"1255\" data-end=\"1381\">ce guide des r\u00e9gions et sites touristiques<\/a>. Que vous voyagiez en couple, en famille ou entre amis, ce guide complet vous aidera \u00e0 choisir l\u2019h\u00e9bergement id\u00e9al et \u00e0 r\u00e9ussir vos vacances.<\/p>\t\t\t\t\t\t\t\t<\/div>\n\t\t\t\t\t<\/div>\n\t\t\t\t<\/div>\n\t\t<aside class=\"elementor-element elementor-element-2d76dffb e-flex e-con-boxed e-con e-parent\" data-id=\"2d76dffb\" data-element_type=\"container\" data-e-type=\"container\" data-settings=\"{&quot;background_background&quot;:&quot;classic&quot;}\">\n\t\t\t\t\t<div class=\"e-con-inner\">\n\t\t\t\t<div class=\"elementor-element elementor-element-4e232747 elementor-widget elementor-widget-spacer\" data-id=\"4e232747\" data-element_type=\"widget\" data-e-type=\"widget\" data-widget_type=\"spacer.default\">\n\t\t\t\t\t\t\t<div class=\"elementor-spacer\">\n\t\t\t<div class=\"elementor-spacer-inner\"><\/div>\n\t\t<\/div>\n\t\t\t\t\t\t<\/div>\n\t\t\t\t<div class=\"elementor-element elementor-element-1841dc38 elementor-widget elementor-widget-heading\" data-id=\"1841dc38\" data-element_type=\"widget\" data-e-type=\"widget\" data-widget_type=\"heading.default\">\n\t\t\t\t\t<h2 class=\"elementor-heading-title elementor-size-default\">Location de Vacances Ard\u00e8che en direct<\/h2>\t\t\t\t<\/div>\n\t\t\t\t<div class=\"elementor-element elementor-element-7ddc2341 elementor-widget elementor-widget-listeo-listings-carousel\" data-id=\"7ddc2341\" data-element_type=\"widget\" data-e-type=\"widget\" data-widget_type=\"listeo-listings-carousel.default\">\n\t\t\t\t<div class=\"elementor-widget-container\">\n\t\t\t\t\t        <!-- Carousel \/ Start -->\n        \t<div class=\"simple-slick-carousel dots-nav\" data-slick='{&quot;autoplay&quot;:true,&quot;autoplaySpeed&quot;:3000,&quot;slidesToShow&quot;:3,&quot;slidesToScroll&quot;:1,&quot;responsive&quot;:[{&quot;breakpoint&quot;:1024,&quot;settings&quot;:{&quot;slidesToShow&quot;:2,&quot;slidesToScroll&quot;:1}},{&quot;breakpoint&quot;:768,&quot;settings&quot;:{&quot;slidesToShow&quot;:1,&quot;slidesToScroll&quot;:1}}]}'>\n                            <div class=\"fw-carousel-item\">                    \n                        <!-- Listing Item -->\r\n            <div class=\"col-lg-6 col-md-12\">\r\n                <a href=\"https:\/\/cparici.com\/de\/annonce\/villa-font-vive-maison-dhotes-ecocertifiee\/\" class=\"listing-item-container listing-geo-data compact\" data-title=\"Villa Font Vive : maison d\u2019h\u00f4tes \u00e9cocertifi\u00e9e\" data-listing-type=\"rental\" data-classifieds-price=\"\u20ac\" data-friendly-address=\"285 Rte de Font-Vive, Grospierres, France\" data-address=\"285 Rte de Font-Vive, Grospierres, France\" data-image=\"https:\/\/cparici.com\/wp-content\/uploads\/2025\/08\/photo-principale-520x397.jpg\" data-longitude=\"4.283054496237901\" data-latitude=\"44.39032803839849\" data-rating=\"4.8\" data-reviews=\"188\" data-icon=\"<svg xmlns=&quot;http:\/\/www.w3.org\/2000\/svg&quot; width=&quot;800px&quot; height=&quot;800px&quot; viewBox=&quot;0 0 45 45&quot; fill=&quot;none&quot;>\n<path d=&quot;M24.155 8.78099L24.33 8.94499L37.402 21.787L36 23.213L34.2 21.445L34.201 35C34.201 36.054 33.385 36.918 32.35 36.994L32.201 37H12.201C11.147 37 10.283 36.184 10.206 35.149L10.201 35L10.2 21.446L8.402 23.213L7 21.787L20.058 8.95799C21.171 7.82199 22.966 7.75899 24.155 8.78099ZM21.569 10.285L21.473 10.372L12.2 19.481L12.201 35L17.2 34.999L17.201 25C17.201 23.946 18.017 23.082 19.052 23.005L19.201 23H25.201C26.255 23 27.119 23.816 27.196 24.851L27.201 25L27.2 34.999L32.201 35L32.2 19.48L22.901 10.344C22.537 9.98699 21.969 9.96499 21.569 10.285ZM25.201 25H19.201L19.2 34.999H25.2L25.201 25Z&quot; fill=&quot;#3C3C3C&quot;\/>\n<\/svg>\">\r\n            <div class=\"listing-item  featured-listing\">\r\n                <div class=\"listing-small-badges-container\">\r\n                                            <div class=\"listing-small-badge featured-badge\"><i class=\"fa fa-star\"><\/i> Featured<\/div>\r\n                                                                <div class=\"listing-small-badge pricing-badge\"><i class=\"fa fa-tag\"><\/i>80,00\u20ac - 120,00\u20ac<\/div>\r\n                                                            \r\n                                        \r\n                                        \r\n                <\/div>\r\n                <img decoding=\"async\" src=\"https:\/\/cparici.com\/wp-content\/uploads\/2025\/08\/photo-principale-520x397.jpg\" alt=\"Villa Font Vive : maison d\u2019h\u00f4tes \u00e9cocertifi\u00e9e\" class=\"listing-thumbnail\">\r\n                                            <div class=\"listing-badge now-closed\">Now Closed<\/div>\r\n                                        \r\n\r\n                <div class=\"listing-item-content\">\r\n                                                <div class=\"numerical-rating\" data-rating=\"4.8\"><\/div>\r\n                    \r\n                    <h3> Villa Font Vive : maison d\u2019h\u00f4tes \u00e9cocertifi\u00e9e <\/h3>\r\n                    <span>285 Rte de Font-Vive, Grospierres, France<\/span>\r\n                <\/div>\r\n                                        <span class=\"save like-icon tooltip left\" title=\"Login To Bookmark Items\"><\/span>\r\n                                                <\/div>\r\n        <\/a>\r\n                    <\/div>\r\n        \r\n\r\n        <!-- Listing Item \/ End -->\n                    <\/div>\n                                      <div class=\"fw-carousel-item\">                    \n                        <!-- Listing Item -->\r\n            <div class=\"col-lg-6 col-md-12\">\r\n                <a href=\"https:\/\/cparici.com\/de\/annonce\/roulotte-proche-des-gorges-de-lardeche\/\" class=\"listing-item-container listing-geo-data compact\" data-title=\"Roulotte proche des Gorges de l\u2019Ard\u00e8che\" data-listing-type=\"rental\" data-classifieds-price=\"\u20ac\" data-friendly-address=\"285 route de font vive\" data-address=\"285 route de font vive\" data-image=\"https:\/\/cparici.com\/wp-content\/uploads\/2025\/08\/IMG_20220426_140130-520x397.jpg\" data-longitude=\"4.2830926\" data-latitude=\"44.3903825\" data-rating=\"0\" data-reviews=\"0\" data-icon=\"<svg xmlns=&quot;http:\/\/www.w3.org\/2000\/svg&quot; width=&quot;800px&quot; height=&quot;800px&quot; viewBox=&quot;0 0 45 45&quot; fill=&quot;none&quot;>\n<path d=&quot;M24.155 8.78099L24.33 8.94499L37.402 21.787L36 23.213L34.2 21.445L34.201 35C34.201 36.054 33.385 36.918 32.35 36.994L32.201 37H12.201C11.147 37 10.283 36.184 10.206 35.149L10.201 35L10.2 21.446L8.402 23.213L7 21.787L20.058 8.95799C21.171 7.82199 22.966 7.75899 24.155 8.78099ZM21.569 10.285L21.473 10.372L12.2 19.481L12.201 35L17.2 34.999L17.201 25C17.201 23.946 18.017 23.082 19.052 23.005L19.201 23H25.201C26.255 23 27.119 23.816 27.196 24.851L27.201 25L27.2 34.999L32.201 35L32.2 19.48L22.901 10.344C22.537 9.98699 21.969 9.96499 21.569 10.285ZM25.201 25H19.201L19.2 34.999H25.2L25.201 25Z&quot; fill=&quot;#3C3C3C&quot;\/>\n<\/svg>\">\r\n            <div class=\"listing-item  featured-listing\">\r\n                <div class=\"listing-small-badges-container\">\r\n                                            <div class=\"listing-small-badge featured-badge\"><i class=\"fa fa-star\"><\/i> Featured<\/div>\r\n                                                                <div class=\"listing-small-badge pricing-badge\"><i class=\"fa fa-tag\"><\/i>75,00\u20ac - 110,00\u20ac<\/div>\r\n                                                            \r\n                                        \r\n                                        \r\n                <\/div>\r\n                <img decoding=\"async\" src=\"https:\/\/cparici.com\/wp-content\/uploads\/2025\/08\/IMG_20220426_140130-520x397.jpg\" alt=\"Roulotte proche des Gorges de l\u2019Ard\u00e8che\" class=\"listing-thumbnail\">\r\n                                            <div class=\"listing-badge now-closed\">Now Closed<\/div>\r\n                                        \r\n\r\n                <div class=\"listing-item-content\">\r\n                    \r\n                    <h3> Roulotte proche des Gorges de l\u2019Ard\u00e8che <\/h3>\r\n                    <span>285 route de font vive<\/span>\r\n                <\/div>\r\n                                        <span class=\"save like-icon tooltip left\" title=\"Login To Bookmark Items\"><\/span>\r\n                                                <\/div>\r\n        <\/a>\r\n                    <\/div>\r\n        \r\n\r\n        <!-- Listing Item \/ End -->\n                    <\/div>\n                                      <div class=\"fw-carousel-item\">                    \n                        <!-- Listing Item -->\r\n            <div class=\"col-lg-6 col-md-12\">\r\n                <a href=\"https:\/\/cparici.com\/de\/annonce\/maison-de-vacances-la-tourelle-piscine-privee-grand-jardin\/\" class=\"listing-item-container listing-geo-data compact\" data-title=\"Maison de vacances La Tourelle | piscine priv\u00e9e & grand jardin\" data-listing-type=\"rental\" data-classifieds-price=\"\u20ac\" data-friendly-address=\"Ranc de Fig\u00e8re, Labeaume\" data-address=\"Ranc de Fig\u00e8re, Labeaume\" data-image=\"https:\/\/cparici.com\/wp-content\/uploads\/2026\/02\/DJI_0064-520x397.jpg\" data-longitude=\"4.3256629\" data-latitude=\"44.461516\" data-rating=\"0\" data-reviews=\"0\" data-icon=\"<svg xmlns=&quot;http:\/\/www.w3.org\/2000\/svg&quot; width=&quot;800px&quot; height=&quot;800px&quot; viewBox=&quot;0 0 45 45&quot; fill=&quot;none&quot;>\n<path d=&quot;M24.155 8.78099L24.33 8.94499L37.402 21.787L36 23.213L34.2 21.445L34.201 35C34.201 36.054 33.385 36.918 32.35 36.994L32.201 37H12.201C11.147 37 10.283 36.184 10.206 35.149L10.201 35L10.2 21.446L8.402 23.213L7 21.787L20.058 8.95799C21.171 7.82199 22.966 7.75899 24.155 8.78099ZM21.569 10.285L21.473 10.372L12.2 19.481L12.201 35L17.2 34.999L17.201 25C17.201 23.946 18.017 23.082 19.052 23.005L19.201 23H25.201C26.255 23 27.119 23.816 27.196 24.851L27.201 25L27.2 34.999L32.201 35L32.2 19.48L22.901 10.344C22.537 9.98699 21.969 9.96499 21.569 10.285ZM25.201 25H19.201L19.2 34.999H25.2L25.201 25Z&quot; fill=&quot;#3C3C3C&quot;\/>\n<\/svg>\">\r\n            <div class=\"listing-item  \">\r\n                <div class=\"listing-small-badges-container\">\r\n                                                                <div class=\"listing-small-badge pricing-badge\"><i class=\"fa fa-tag\"><\/i>350,00\u20ac - 450,00\u20ac<\/div>\r\n                                                            \r\n                                        \r\n                                        \r\n                <\/div>\r\n                <img decoding=\"async\" src=\"https:\/\/cparici.com\/wp-content\/uploads\/2026\/02\/DJI_0064-520x397.jpg\" alt=\"Maison de vacances La Tourelle | piscine priv\u00e9e & grand jardin\" class=\"listing-thumbnail\">\r\n                                            <div class=\"listing-badge now-closed\">Now Closed<\/div>\r\n                                        \r\n\r\n                <div class=\"listing-item-content\">\r\n                    \r\n                    <h3> Maison de vacances La Tourelle | piscine priv\u00e9e & grand jardin <\/h3>\r\n                    <span>Ranc de Fig\u00e8re, Labeaume<\/span>\r\n                <\/div>\r\n                                        <span class=\"save like-icon tooltip left\" title=\"Login To Bookmark Items\"><\/span>\r\n                                                <\/div>\r\n        <\/a>\r\n                    <\/div>\r\n        \r\n\r\n        <!-- Listing Item \/ End -->\n                    <\/div>\n                          <\/div>\n        \t\t\t\t<\/div>\n\t\t\t\t<\/div>\n\t\t\t\t\t<\/div>\n\t\t\t\t<\/aside>\n\t\t<div class=\"elementor-element elementor-element-ef001c1 e-flex e-con-boxed e-con e-parent\" data-id=\"ef001c1\" data-element_type=\"container\" data-e-type=\"container\">\n\t\t\t\t\t<div class=\"e-con-inner\">\n\t\t\t\t<div class=\"elementor-element elementor-element-33b9141 elementor-widget elementor-widget-text-editor\" data-id=\"33b9141\" data-element_type=\"widget\" data-e-type=\"widget\" data-widget_type=\"text-editor.default\">\n\t\t\t\t\t\t\t\t\t<h2 data-start=\"1530\" data-end=\"1591\">Location de vacances en Ard\u00e8che: Pourquoi choisir l\u2019Ard\u00e8che pour vos vacances ?<\/h2><p data-start=\"1593\" data-end=\"1956\">L\u2019Ard\u00e8che est aujourd\u2019hui l\u2019une des destinations pr\u00e9f\u00e9r\u00e9es pour une <strong data-start=\"1661\" data-end=\"1690\">location de vacances en Ard\u00e8che<\/strong>, car elle r\u00e9unit \u00e0 la fois <strong data-start=\"1718\" data-end=\"1787\">nature pr\u00e9serv\u00e9e, patrimoine historique et vari\u00e9t\u00e9 d\u2019h\u00e9bergements<\/strong>. Sa situation g\u00e9ographique, entre Auvergne et Provence, lui conf\u00e8re un climat agr\u00e9able, avec des \u00e9t\u00e9s ensoleill\u00e9s et des printemps doux, id\u00e9als pour explorer la r\u00e9gion.<\/p><h3 data-start=\"1958\" data-end=\"1986\">Une nature spectaculaire<\/h3><p data-start=\"1987\" data-end=\"2450\">Au c\u0153ur de l\u2019exp\u00e9rience, les <strong data-start=\"2016\" data-end=\"2039\">Gorges de l\u2019Ard\u00e8che<\/strong> constituent un site incontournable : un canyon de pr\u00e8s de 30 km class\u00e9 r\u00e9serve naturelle depuis 1980. C\u2019est un paradis pour les amateurs de <a href=\"https:\/\/cparici.com\/kayak-canoe-kayak\/\"><strong data-start=\"2180\" data-end=\"2195\">cano\u00eb-kayak<\/strong><\/a>, d\u2019escalade et de randonn\u00e9e. Louer un g\u00eete ou un camping \u00e0 proximit\u00e9 permet de profiter d\u2019un acc\u00e8s direct \u00e0 la rivi\u00e8re et \u00e0 ses plages naturelles. Les panoramas spectaculaires, notamment au <a href=\"https:\/\/cparici.com\/vallon%e2%80%91pont%e2%80%91darc-la-merveille-naturelle-de-lardeche\/\">Pont d\u2019Arc<\/a>, font partie des images embl\u00e9matiques du d\u00e9partement.<a href=\"https:\/\/cparici.com\/wp-content\/uploads\/2025\/08\/cparici-2025-08-26T161937.297.jpg\"><img decoding=\"async\" class=\"aligncenter wp-image-69702 size-full\" src=\"https:\/\/cparici.com\/wp-content\/uploads\/2025\/08\/cparici-2025-08-26T161937.297.jpg\" alt=\"location de vacances en Ard\u00e8che\" width=\"1500\" height=\"530\" srcset=\"https:\/\/cparici.com\/wp-content\/uploads\/2025\/08\/cparici-2025-08-26T161937.297.jpg 1500w, https:\/\/cparici.com\/wp-content\/uploads\/2025\/08\/cparici-2025-08-26T161937.297-300x106.jpg 300w, https:\/\/cparici.com\/wp-content\/uploads\/2025\/08\/cparici-2025-08-26T161937.297-1024x362.jpg 1024w, https:\/\/cparici.com\/wp-content\/uploads\/2025\/08\/cparici-2025-08-26T161937.297-768x271.jpg 768w, https:\/\/cparici.com\/wp-content\/uploads\/2025\/08\/cparici-2025-08-26T161937.297-18x6.jpg 18w, https:\/\/cparici.com\/wp-content\/uploads\/2025\/08\/cparici-2025-08-26T161937.297-590x208.jpg 590w, https:\/\/cparici.com\/wp-content\/uploads\/2025\/08\/cparici-2025-08-26T161937.297-1200x424.jpg 1200w, https:\/\/cparici.com\/wp-content\/uploads\/2025\/08\/cparici-2025-08-26T161937.297-577x204.jpg 577w, https:\/\/cparici.com\/wp-content\/uploads\/2025\/08\/cparici-2025-08-26T161937.297-600x212.jpg 600w\" sizes=\"(max-width: 1500px) 100vw, 1500px\" \/><\/a><\/p><h3 data-start=\"2452\" data-end=\"2481\">Des villages de caract\u00e8re<\/h3><p data-start=\"2482\" data-end=\"2894\">Choisir une <strong data-start=\"2494\" data-end=\"2523\">location de vacances en Ard\u00e8che<\/strong>, c\u2019est aussi profiter de l\u2019authenticit\u00e9 des <strong data-start=\"2568\" data-end=\"2590\">villages m\u00e9di\u00e9vaux<\/strong>. Desaignes, Jaujac, Balazuc ou encore Thueyts sont class\u00e9s parmi les plus beaux villages de France. Fl\u00e2ner dans leurs ruelles pav\u00e9es, d\u00e9couvrir les march\u00e9s de producteurs et d\u00e9guster les sp\u00e9cialit\u00e9s locales (comme la cr\u00e8me de marrons ou le picodon, un fromage de ch\u00e8vre AOP) fait partie de l\u2019exp\u00e9rience.<\/p><h3 data-start=\"2896\" data-end=\"2936\">Une culture et un patrimoine vivants<\/h3><p data-start=\"2937\" data-end=\"3302\">En plus de la nature et des villages, l\u2019Ard\u00e8che offre un patrimoine historique riche : dolmens pr\u00e9historiques, ch\u00e2teaux m\u00e9di\u00e9vaux, \u00e9glises romanes. La <strong data-start=\"3088\" data-end=\"3108\">grotte Chauvet 2<\/strong>, r\u00e9plique fid\u00e8le d\u2019une grotte orn\u00e9e datant de plus de 30 000 ans, attire de nombreux visiteurs. Cette diversit\u00e9 culturelle enrichit l\u2019exp\u00e9rience de tout s\u00e9jour en location de vacances en Ard\u00e8che.<\/p><h2 data-start=\"318\" data-end=\"365\">Types d\u2019h\u00e9bergements disponibles<\/h2><p data-start=\"367\" data-end=\"810\">Choisir une <strong data-start=\"379\" data-end=\"408\">location\u00a0 de vacances en Ard\u00e8che<\/strong> signifie avant tout s\u00e9lectionner le type d\u2019h\u00e9bergement qui correspond le mieux \u00e0 vos envies et \u00e0 votre budget. La r\u00e9gion propose une palette tr\u00e8s large allant du <strong data-start=\"571\" data-end=\"592\">g\u00eete traditionnel<\/strong> au <strong data-start=\"596\" data-end=\"616\">camping familial<\/strong>, en passant par des <strong data-start=\"637\" data-end=\"664\">r\u00e9sidences tout confort<\/strong> ou encore des <strong data-start=\"679\" data-end=\"710\">locations de charme uniques<\/strong>. Cette diversit\u00e9 fait partie de l\u2019attrait du d\u00e9partement : chacun peut y trouver la formule id\u00e9ale.<\/p><h3 data-start=\"817\" data-end=\"858\">G\u00eetes, chambres d\u2019h\u00f4tes et r\u00e9sidences<\/h3><p data-start=\"860\" data-end=\"1425\">Les <strong data-start=\"864\" data-end=\"873\">g\u00eetes<\/strong> sont sans doute la solution la plus populaire pour une <strong data-start=\"929\" data-end=\"958\">location\u00a0 de vacances en Ard\u00e8che<\/strong>. Souvent situ\u00e9s en pleine campagne ou dans des villages pittoresques, ils permettent de profiter de la tranquillit\u00e9 et de l\u2019authenticit\u00e9 locale. Avec <strong data-start=\"1109\" data-end=\"1136\">G\u00eetes de France Ard\u00e8che<\/strong>, on trouve une grande vari\u00e9t\u00e9 d\u2019h\u00e9bergements allant du g\u00eete rural aux chambres d\u2019h\u00f4tes conviviales, en passant par des h\u00e9bergements insolites comme les cabanes perch\u00e9es ou les \u00e9cog\u00eetes respectueux de l\u2019environnement. Beaucoup disposent d\u2019une piscine priv\u00e9e ou partag\u00e9e, id\u00e9ale pour l\u2019\u00e9t\u00e9.<\/p><p data-start=\"1427\" data-end=\"1804\">Les <strong data-start=\"1431\" data-end=\"1457\">r\u00e9sidences de vacances<\/strong> propos\u00e9es par des acteurs comme Odalys compl\u00e8tent cette offre. Elles s\u00e9duisent les familles et groupes d\u2019amis recherchant confort, espaces communs, animations et proximit\u00e9 des sites touristiques majeurs. Une telle location de vacances en Ard\u00e8che\u00a0garantit souvent piscine, terrains de jeux et un acc\u00e8s rapide aux Gorges ou aux villages de caract\u00e8re.<\/p><p data-start=\"1806\" data-end=\"2072\">Enfin, les <strong data-start=\"1817\" data-end=\"1837\">chambres d\u2019h\u00f4tes<\/strong> permettent un s\u00e9jour plus personnalis\u00e9. L\u2019accueil chaleureux des habitants et la d\u00e9couverte du terroir (produits locaux, petits-d\u00e9jeuners faits maison) enrichissent l\u2019exp\u00e9rience, tout en conservant le confort d\u2019un logement bien situ\u00e9.<\/p><figure id=\"attachment_69703\" aria-describedby=\"caption-attachment-69703\" style=\"width: 1500px\" class=\"wp-caption aligncenter\"><a href=\"https:\/\/cparici.com\/wp-content\/uploads\/2025\/08\/cparici-2025-08-26T162256.984.jpg\"><img decoding=\"async\" class=\"wp-image-69703 size-full\" src=\"https:\/\/cparici.com\/wp-content\/uploads\/2025\/08\/cparici-2025-08-26T162256.984.jpg\" alt=\"vacance en ardeche location\u200b\" width=\"1500\" height=\"530\" srcset=\"https:\/\/cparici.com\/wp-content\/uploads\/2025\/08\/cparici-2025-08-26T162256.984.jpg 1500w, https:\/\/cparici.com\/wp-content\/uploads\/2025\/08\/cparici-2025-08-26T162256.984-300x106.jpg 300w, https:\/\/cparici.com\/wp-content\/uploads\/2025\/08\/cparici-2025-08-26T162256.984-1024x362.jpg 1024w, https:\/\/cparici.com\/wp-content\/uploads\/2025\/08\/cparici-2025-08-26T162256.984-768x271.jpg 768w, https:\/\/cparici.com\/wp-content\/uploads\/2025\/08\/cparici-2025-08-26T162256.984-18x6.jpg 18w, https:\/\/cparici.com\/wp-content\/uploads\/2025\/08\/cparici-2025-08-26T162256.984-590x208.jpg 590w, https:\/\/cparici.com\/wp-content\/uploads\/2025\/08\/cparici-2025-08-26T162256.984-1200x424.jpg 1200w, https:\/\/cparici.com\/wp-content\/uploads\/2025\/08\/cparici-2025-08-26T162256.984-577x204.jpg 577w, https:\/\/cparici.com\/wp-content\/uploads\/2025\/08\/cparici-2025-08-26T162256.984-600x212.jpg 600w\" sizes=\"(max-width: 1500px) 100vw, 1500px\" \/><\/a><figcaption id=\"caption-attachment-69703\" class=\"wp-caption-text\">Vacances \u00e0 Labeaume<\/figcaption><\/figure><h3 data-start=\"2079\" data-end=\"2107\">Campings et emplacements<\/h3><p data-start=\"2109\" data-end=\"2472\">Le <strong data-start=\"2112\" data-end=\"2123\">camping<\/strong> est une v\u00e9ritable institution pour une <strong data-start=\"2163\" data-end=\"2192\">location de vacances en Ard\u00e8che<\/strong>. Le d\u00e9partement compte plus de 300 campings, allant de petits \u00e9tablissements familiaux \u00e0 de vastes complexes 4 ou 5 \u00e9toiles. Install\u00e9s le plus souvent en bord de rivi\u00e8re, ces campings offrent un acc\u00e8s privil\u00e9gi\u00e9 aux activit\u00e9s de plein air comme le cano\u00eb, la baignade ou la p\u00eache.<\/p><ul data-start=\"2474\" data-end=\"2985\"><li data-start=\"2474\" data-end=\"2651\"><p data-start=\"2476\" data-end=\"2651\">Les campings haut de gamme, tels que <strong data-start=\"2513\" data-end=\"2527\">Le Pommier<\/strong> ou <strong data-start=\"2531\" data-end=\"2549\">La Grand\u2019Terre<\/strong>, proposent piscines chauff\u00e9es, espaces aquatiques, restaurants et animations pour petits et grands.<\/p><\/li><li data-start=\"2652\" data-end=\"2809\"><p data-start=\"2654\" data-end=\"2809\">Les campings familiaux comme <strong data-start=\"2683\" data-end=\"2701\">Les Coudoulets<\/strong> ou <strong data-start=\"2705\" data-end=\"2715\">Capfun<\/strong> offrent un excellent compromis entre convivialit\u00e9, confort et proximit\u00e9 des sites naturels.<\/p><\/li><li data-start=\"2810\" data-end=\"2985\"><p data-start=\"2812\" data-end=\"2985\">Enfin, pour un retour \u00e0 la nature, de nombreux campings proposent des emplacements nus pour tentes et caravanes, permettant une immersion totale dans les paysages ard\u00e9chois.<\/p><\/li><\/ul><p data-start=\"2987\" data-end=\"3181\">L\u2019avantage du <strong data-start=\"3001\" data-end=\"3041\">camping en location vacances Ard\u00e8che<\/strong>, c\u2019est sa capacit\u00e9 \u00e0 r\u00e9pondre \u00e0 tous les profils : familles avec enfants, couples en qu\u00eate de d\u00e9tente, ou groupes d\u2019amis avides d\u2019aventure.<\/p><h3 data-start=\"3188\" data-end=\"3237\">Locations de charme et h\u00e9bergements insolites<\/h3><p data-start=\"3239\" data-end=\"3595\">Pour un s\u00e9jour unique, certains choisissent une <strong data-start=\"3287\" data-end=\"3316\">location\u00a0 de vacances en Ard\u00e8che<\/strong> plus atypique. Les maisons en pierre r\u00e9nov\u00e9es avec go\u00fbt, comme \u00ab L\u2019Heure vide \u00bb \u00e0 Berrias-et-Casteljau, offrent un cadre intimiste et design avec piscine priv\u00e9e. Ces adresses exclusives s\u00e9duisent les amateurs de confort haut de gamme alli\u00e9 \u00e0 une immersion totale dans la nature.<\/p><p data-start=\"3597\" data-end=\"3928\">Les <strong data-start=\"3601\" data-end=\"3627\">h\u00e9bergements <a href=\"https:\/\/cparici.com\/nuit-insolite\/\">insolites<\/a><\/strong> (<a href=\"https:\/\/cparici.com\/yourte-guide-complet-2025\/\">yourtes<\/a>, <a href=\"https:\/\/cparici.com\/cabane-dans-les-arbres\/\">roulottes<\/a>, cabanes dans les arbres) se d\u00e9veloppent aussi. Ils permettent de vivre une exp\u00e9rience diff\u00e9rente, souvent au c\u0153ur de paysages sauvages, tout en conservant le confort n\u00e9cessaire. C\u2019est un choix appr\u00e9ci\u00e9 des couples et des familles \u00e0 la recherche d\u2019originalit\u00e9 pour leurs vacances.<\/p><h2 data-start=\"292\" data-end=\"339\">Localisation et caract\u00e9ristiques<\/h2><p data-start=\"341\" data-end=\"656\">Lorsqu\u2019on choisit une <strong data-start=\"363\" data-end=\"392\">location de vacances en Ard\u00e8che<\/strong>, la localisation est un crit\u00e8re essentiel. Le d\u00e9partement est vaste et propose des paysages tr\u00e8s contrast\u00e9s selon la zone : rivi\u00e8res spectaculaires, villages perch\u00e9s, montagnes bois\u00e9es ou plaines ensoleill\u00e9es. Voici un aper\u00e7u des principaux secteurs o\u00f9 s\u00e9journer.<\/p><h3 data-start=\"663\" data-end=\"709\">Les Gorges de l\u2019Ard\u00e8che : le joyau naturel<\/h3><p data-start=\"711\" data-end=\"1051\">Impossible de parler de location de vacances en Ard\u00e8che\u00a0sans \u00e9voquer les c\u00e9l\u00e8bres <strong data-start=\"791\" data-end=\"814\">Gorges de l\u2019Ard\u00e8che<\/strong>. S\u2019\u00e9tendant sur pr\u00e8s de 30 kilom\u00e8tres, elles forment un canyon impressionnant, creus\u00e9 par la rivi\u00e8re. Class\u00e9es <strong data-start=\"926\" data-end=\"947\">R\u00e9serve naturelle<\/strong> depuis 1980, elles sont un paradis pour les amateurs de <strong data-start=\"1004\" data-end=\"1019\">cano\u00eb-kayak<\/strong>, de baignade et de randonn\u00e9e.<\/p><p data-start=\"1053\" data-end=\"1387\">Louer un g\u00eete ou un camping \u00e0 proximit\u00e9 du <strong data-start=\"1096\" data-end=\"1110\">Pont d\u2019Arc<\/strong> permet un acc\u00e8s rapide \u00e0 ce site embl\u00e9matique, v\u00e9ritable porte d\u2019entr\u00e9e des gorges. Beaucoup d\u2019h\u00e9bergements proposent des services adapt\u00e9s : location de mat\u00e9riel nautique, navettes pour descendre la rivi\u00e8re, ou encore piscines pour se d\u00e9tendre apr\u00e8s une journ\u00e9e d\u2019activit\u00e9s.<\/p><p data-start=\"1389\" data-end=\"1622\">Pour les familles, une location de vacances en Ard\u00e8che\u00a0autour de Vallon-Pont-d\u2019Arc ou Ruoms est id\u00e9ale, car on y trouve \u00e0 la fois une grande vari\u00e9t\u00e9 de campings, de r\u00e9sidences de vacances, ainsi que des commerces et restaurants anim\u00e9s.<\/p><h3 data-start=\"1629\" data-end=\"1668\">Villages de caract\u00e8re et patrimoine<\/h3><p data-start=\"1670\" data-end=\"1898\">Une autre option consiste \u00e0 privil\u00e9gier une <strong data-start=\"1714\" data-end=\"1743\">llocation de vacances en Ard\u00e8che<\/strong>\u00a0dans l\u2019un des nombreux <strong data-start=\"1767\" data-end=\"1792\">villages de caract\u00e8re<\/strong> du d\u00e9partement. Ces bourgs authentiques s\u00e9duisent par leur charme m\u00e9di\u00e9val et leur atmosph\u00e8re paisible.<\/p><p data-start=\"1900\" data-end=\"1926\">Parmi les plus r\u00e9put\u00e9s :<\/p><ul data-start=\"1927\" data-end=\"2288\"><li data-start=\"1927\" data-end=\"2038\"><p data-start=\"1929\" data-end=\"2038\"><strong data-start=\"1929\" data-end=\"1940\">Balazuc<\/strong>, perch\u00e9 sur une falaise au-dessus de l\u2019Ard\u00e8che, class\u00e9 parmi les plus beaux villages de France.<\/p><\/li><li data-start=\"2039\" data-end=\"2119\"><p data-start=\"2041\" data-end=\"2119\"><strong data-start=\"2041\" data-end=\"2050\">Vog\u00fc\u00e9<\/strong>, avec son ch\u00e2teau dominant la rivi\u00e8re et ses ruelles pittoresques.<\/p><\/li><li data-start=\"2120\" data-end=\"2195\"><p data-start=\"2122\" data-end=\"2195\"><strong data-start=\"2122\" data-end=\"2133\">Thueyts<\/strong>, connu pour son pont du Diable et ses paysages volcaniques.<\/p><\/li><li data-start=\"2196\" data-end=\"2288\"><p data-start=\"2198\" data-end=\"2288\"><strong data-start=\"2198\" data-end=\"2208\">Jaujac<\/strong>, village au pied des C\u00e9vennes, entour\u00e9 de coul\u00e9es basaltiques spectaculaires.<\/p><\/li><\/ul><p data-start=\"2290\" data-end=\"2626\">Louer un g\u00eete ou une maison dans l\u2019un de ces villages permet d\u2019\u00eatre au c\u0153ur du patrimoine ard\u00e9chois, avec un acc\u00e8s direct aux march\u00e9s locaux, aux artisans et aux sp\u00e9cialit\u00e9s du terroir. Une telle location de vacances en Ard\u00e8che\u00a0offre un cadre plus calme que les zones tr\u00e8s touristiques des gorges, tout en restant proche des grands sites.<\/p><h3 data-start=\"2633\" data-end=\"2671\">Nord, Sud et Montagnes ard\u00e9choises<\/h3><p data-start=\"2673\" data-end=\"2787\">Selon vos envies, vous pouvez aussi adapter votre location de vacances en Ard\u00e8che\u00a0\u00e0 la g\u00e9ographie du d\u00e9partement :<\/p><ul data-start=\"2789\" data-end=\"3510\"><li data-start=\"2789\" data-end=\"3005\"><p data-start=\"2791\" data-end=\"3005\"><strong data-start=\"2791\" data-end=\"2809\">Le Sud Ard\u00e8che<\/strong> (Vallon-Pont-d\u2019Arc, Ruoms, Sampzon, Joyeuse) : r\u00e9gion la plus touristique, id\u00e9ale pour les amateurs de soleil, de baignades et d\u2019activit\u00e9s nautiques. Les campings et r\u00e9sidences y sont nombreux.<\/p><\/li><li data-start=\"3006\" data-end=\"3205\"><p data-start=\"3008\" data-end=\"3205\"><strong data-start=\"3008\" data-end=\"3027\">Le Nord Ard\u00e8che<\/strong> (Annonay, Tournon-sur-Rh\u00f4ne) : moins fr\u00e9quent\u00e9, mais riche en vignobles et en patrimoine industriel, parfait pour ceux qui veulent une exp\u00e9rience plus discr\u00e8te et authentique.<\/p><\/li><li data-start=\"3206\" data-end=\"3510\"><p data-start=\"3208\" data-end=\"3510\"><strong data-start=\"3208\" data-end=\"3237\">Les Montagnes ard\u00e9choises<\/strong> (Le Mont Gerbier-de-Jonc, M\u00e9zenc, la Haute Ard\u00e8che) : paysages volcaniques, for\u00eats denses, stations de ski de fond l\u2019hiver, randonn\u00e9es et air pur l\u2019\u00e9t\u00e9. Ici, la location de vacances en Ard\u00e8che\u00a0prend la forme de g\u00eetes de montagne, chalets rustiques et auberges conviviales.<\/p><\/li><\/ul><p data-start=\"3517\" data-end=\"3764\">En r\u00e9sum\u00e9, la <strong data-start=\"3534\" data-end=\"3563\">location de vacances en Ard\u00e8che<\/strong> peut se vivre de mille mani\u00e8res : au bord de la rivi\u00e8re pour les amateurs de sport et baignade, dans un village class\u00e9 pour un s\u00e9jour authentique, ou en montagne pour les amoureux de nature sauvage.<\/p><h2 data-start=\"229\" data-end=\"262\">Conseils pratiques<\/h2><p data-start=\"264\" data-end=\"518\">Une location de vacances en Ard\u00e8che\u00a0peut prendre des formes tr\u00e8s diff\u00e9rentes selon vos besoins et vos envies. Pour bien pr\u00e9parer votre s\u00e9jour, il est important d\u2019anticiper certains aspects pratiques comme le budget, la p\u00e9riode id\u00e9ale et les moyens d\u2019acc\u00e8s.<\/p><h3 data-start=\"525\" data-end=\"550\">Quel budget pr\u00e9voir ?<\/h3><p data-start=\"552\" data-end=\"655\">Le prix d\u2019une <strong data-start=\"566\" data-end=\"595\">location vacances Ard\u00e8che<\/strong> varie fortement selon le type d\u2019h\u00e9bergement et la saison.<\/p><ul data-start=\"657\" data-end=\"1520\"><li data-start=\"657\" data-end=\"987\"><p data-start=\"659\" data-end=\"987\"><strong data-start=\"659\" data-end=\"691\">Locations entre particuliers<\/strong> : sur des plateformes comme PAP Vacances ou Amivac, on trouve des maisons, appartements ou bungalows d\u00e8s <strong data-start=\"797\" data-end=\"810\">21 \u20ac\/nuit<\/strong> pour les plus petits logements, et autour de <strong data-start=\"856\" data-end=\"869\">45 \u20ac\/nuit<\/strong> pour un h\u00e9bergement familial classique. Une villa ind\u00e9pendante avec piscine priv\u00e9e co\u00fbte environ <strong data-start=\"967\" data-end=\"984\">500 \u20ac\/semaine<\/strong>.<\/p><\/li><li data-start=\"988\" data-end=\"1181\"><p data-start=\"990\" data-end=\"1181\"><strong data-start=\"990\" data-end=\"1019\">G\u00eetes et chambres d\u2019h\u00f4tes<\/strong> : les tarifs se situent en moyenne entre <strong data-start=\"1061\" data-end=\"1090\">300 \u20ac et 700 \u20ac la semaine<\/strong> selon le confort et la localisation (proximit\u00e9 des Gorges ou des villages touristiques).<\/p><\/li><li data-start=\"1182\" data-end=\"1363\"><p data-start=\"1184\" data-end=\"1363\"><strong data-start=\"1184\" data-end=\"1196\">Campings<\/strong> : comptez <strong data-start=\"1207\" data-end=\"1225\">15 \u00e0 30 \u20ac\/nuit<\/strong> pour un emplacement nu, et <strong data-start=\"1253\" data-end=\"1281\">400 \u00e0 1 200 \u20ac la semaine<\/strong> pour un mobil-home ou un chalet en haute saison dans un camping 4 ou 5 \u00e9toiles.<\/p><\/li><li data-start=\"1364\" data-end=\"1520\"><p data-start=\"1366\" data-end=\"1520\"><strong data-start=\"1366\" data-end=\"1393\">Locations haut de gamme<\/strong> : une maison de charme avec piscine chauff\u00e9e ou un h\u00e9bergement insolite peut aller de <strong data-start=\"1480\" data-end=\"1510\">1 000 \u00e0 2 000 \u20ac la semaine<\/strong> en \u00e9t\u00e9.<\/p><\/li><\/ul><p data-start=\"1522\" data-end=\"1639\">Une <strong data-start=\"1526\" data-end=\"1555\">location vacances Ard\u00e8che<\/strong> reste donc accessible \u00e0 tous les budgets, du camping \u00e9conomique \u00e0 la villa de luxe.<\/p><h3 data-start=\"1646\" data-end=\"1673\">Quelle saison choisir ?<\/h3><p data-start=\"1675\" data-end=\"1770\">Le choix de la p\u00e9riode influe beaucoup sur votre exp\u00e9rience en <strong data-start=\"1738\" data-end=\"1767\">location vacances Ard\u00e8che<\/strong>.<\/p><ul data-start=\"1772\" data-end=\"2546\"><li data-start=\"1772\" data-end=\"1959\"><p data-start=\"1774\" data-end=\"1959\"><strong data-start=\"1774\" data-end=\"1802\">Printemps (avril \u00e0 juin)<\/strong> : temp\u00e9ratures douces, nature verdoyante, peu de foule. C\u2019est id\u00e9al pour les randonneurs et ceux qui veulent d\u00e9couvrir les villages en toute tranquillit\u00e9.<\/p><\/li><li data-start=\"1960\" data-end=\"2143\"><p data-start=\"1962\" data-end=\"2143\"><strong data-start=\"1962\" data-end=\"1984\">\u00c9t\u00e9 (juillet-ao\u00fbt)<\/strong> : saison la plus touristique, avec une m\u00e9t\u00e9o chaude et ensoleill\u00e9e. Les campings et g\u00eetes sont tr\u00e8s anim\u00e9s, mais il faut r\u00e9server plusieurs mois \u00e0 l\u2019avance.<\/p><\/li><li data-start=\"2144\" data-end=\"2299\"><p data-start=\"2146\" data-end=\"2299\"><strong data-start=\"2146\" data-end=\"2177\">Automne (septembre-octobre)<\/strong> : p\u00e9riode agr\u00e9able pour profiter de la nature, des vendanges et des march\u00e9s locaux, avec des tarifs plus bas qu\u2019en \u00e9t\u00e9.<\/p><\/li><li data-start=\"2300\" data-end=\"2546\"><p data-start=\"2302\" data-end=\"2546\"><strong data-start=\"2302\" data-end=\"2327\">Hiver (novembre-mars)<\/strong> : plus calme, avec la possibilit\u00e9 de pratiquer le ski de fond ou la raquette dans les Montagnes ard\u00e9choises. Certaines <strong data-start=\"2447\" data-end=\"2477\">locations vacances Ard\u00e8che<\/strong> restent ouvertes, souvent sous forme de g\u00eetes ou chambres d\u2019h\u00f4tes.<\/p><\/li><\/ul><h3 data-start=\"2553\" data-end=\"2586\">Comment acc\u00e9der \u00e0 l\u2019Ard\u00e8che ?<\/h3><p data-start=\"2588\" data-end=\"2786\">L\u2019Ard\u00e8che n\u2019a pas de gare TGV ni d\u2019a\u00e9roport sur son territoire, ce qui renforce son image de destination pr\u00e9serv\u00e9e. Pour rejoindre votre <strong data-start=\"2725\" data-end=\"2754\">location vacances Ard\u00e8che<\/strong>, plusieurs options existent :<\/p><ul data-start=\"2788\" data-end=\"3362\"><li data-start=\"2788\" data-end=\"3035\"><p data-start=\"2790\" data-end=\"3035\"><strong data-start=\"2790\" data-end=\"2804\">En voiture<\/strong> : c\u2019est le moyen le plus pratique. L\u2019autoroute A7 longe la vall\u00e9e du Rh\u00f4ne et permet d\u2019acc\u00e9der aux principales entr\u00e9es (Mont\u00e9limar, Valence). De l\u00e0, il faut compter 30 \u00e0 60 minutes de route pour rejoindre les zones touristiques.<\/p><\/li><li data-start=\"3036\" data-end=\"3193\"><p data-start=\"3038\" data-end=\"3193\"><strong data-start=\"3038\" data-end=\"3050\">En train<\/strong> : les gares TGV les plus proches sont Valence et Mont\u00e9limar. Des liaisons TER et bus permettent ensuite de rejoindre les villes ard\u00e9choises.<\/p><\/li><li data-start=\"3194\" data-end=\"3362\"><p data-start=\"3196\" data-end=\"3362\"><strong data-start=\"3196\" data-end=\"3208\">En avion<\/strong> : les a\u00e9roports de Lyon, N\u00eemes, Avignon et Marseille sont les plus proches. Ils n\u00e9cessitent ensuite une correspondance en train ou voiture de location.<\/p><\/li><\/ul><p data-start=\"3364\" data-end=\"3552\">Une fois sur place, une voiture est presque indispensable pour profiter pleinement de votre <strong data-start=\"3456\" data-end=\"3485\">location vacances Ard\u00e8che<\/strong>, car les transports en commun sont limit\u00e9s dans les zones rurales.<\/p><p data-start=\"3559\" data-end=\"3750\">Ces \u00e9l\u00e9ments pratiques permettent de mieux organiser votre s\u00e9jour en <strong data-start=\"3631\" data-end=\"3660\">location vacances Ard\u00e8che<\/strong>, d\u2019optimiser votre budget et de choisir la meilleure saison pour profiter de la r\u00e9gion.<\/p><h2 data-start=\"246\" data-end=\"286\">Exemples de s\u00e9jours types<\/h2><p data-start=\"288\" data-end=\"527\">Une <strong data-start=\"292\" data-end=\"321\">location vacances Ard\u00e8che<\/strong> ne se vit pas de la m\u00eame fa\u00e7on selon que l\u2019on voyage en famille, en couple ou entre amis. Le d\u00e9partement offre une vari\u00e9t\u00e9 de formules adapt\u00e9es \u00e0 chaque profil. Voici quelques exemples concrets de s\u00e9jours.<\/p><h3 data-start=\"534\" data-end=\"570\">S\u00e9jour famille nature et d\u00e9tente<\/h3><p data-start=\"572\" data-end=\"893\">Pour une famille avec enfants, une <strong data-start=\"607\" data-end=\"636\">location de vacances en Ard\u00e8che<\/strong> en <strong data-start=\"640\" data-end=\"666\">camping 4 ou 5 \u00e9toiles<\/strong> est souvent le meilleur choix. Ces \u00e9tablissements, comme <strong data-start=\"724\" data-end=\"738\">Le Pommier<\/strong> ou <strong data-start=\"742\" data-end=\"760\">La Grand\u2019Terre<\/strong>, proposent des infrastructures id\u00e9ales : parc aquatique, piscine chauff\u00e9e, animations, clubs enfants et acc\u00e8s direct \u00e0 la rivi\u00e8re.<\/p><p data-start=\"895\" data-end=\"1183\">Les parents appr\u00e9cient le confort des mobil-homes modernes, \u00e9quip\u00e9s de climatisation et de terrasses ombrag\u00e9es, tandis que les enfants profitent des espaces de jeux. Un tel s\u00e9jour combine <strong data-start=\"1083\" data-end=\"1120\">nature, activit\u00e9s et convivialit\u00e9<\/strong>, le tout \u00e0 un prix raisonnable compar\u00e9 \u00e0 un h\u00f4tel classique.<\/p><h3 data-start=\"1190\" data-end=\"1238\">S\u00e9jour randonneurs et amateurs de patrimoine<\/h3><p data-start=\"1240\" data-end=\"1594\">Les voyageurs en qu\u00eate de <strong data-start=\"1266\" data-end=\"1296\">randonn\u00e9e et de patrimoine<\/strong> privil\u00e9gient souvent une <strong data-start=\"1322\" data-end=\"1351\">location de vacances en Ard\u00e8che<\/strong> dans un <strong data-start=\"1360\" data-end=\"1397\">g\u00eete rural ou une chambre d\u2019h\u00f4tes<\/strong>. S\u00e9journer \u00e0 proximit\u00e9 des <strong data-start=\"1425\" data-end=\"1450\">villages de caract\u00e8re<\/strong> comme Balazuc, Jaujac ou Vog\u00fc\u00e9 permet de profiter \u00e0 la fois de superbes randonn\u00e9es et d\u2019un acc\u00e8s rapide aux march\u00e9s et monuments historiques.<\/p><p data-start=\"1596\" data-end=\"1885\">Un g\u00eete situ\u00e9 pr\u00e8s des <strong data-start=\"1619\" data-end=\"1642\">Gorges de l\u2019Ard\u00e8che<\/strong> ou des <strong data-start=\"1650\" data-end=\"1674\">C\u00e9vennes ard\u00e9choises<\/strong> offre des possibilit\u00e9s infinies de balades : ponts m\u00e9di\u00e9vaux, coul\u00e9es basaltiques, panoramas sur la rivi\u00e8re. Ces s\u00e9jours s\u2019adressent aux voyageurs qui aiment la nature, la marche et les d\u00e9couvertes culturelles.<\/p><h3 data-start=\"1892\" data-end=\"1926\">S\u00e9jour haut de gamme ou design<\/h3><p data-start=\"1928\" data-end=\"2230\">Pour un s\u00e9jour luxueux, une <strong data-start=\"1956\" data-end=\"1985\">location de vacances en Ard\u00e8che<\/strong> dans une <strong data-start=\"1995\" data-end=\"2015\">maison de charme<\/strong> est id\u00e9ale. Des villas avec piscine chauff\u00e9e, des demeures en pierre r\u00e9nov\u00e9es avec go\u00fbt ou encore des h\u00e9bergements atypiques comme des cabanes de luxe s\u00e9duisent les voyageurs en qu\u00eate de confort et d\u2019originalit\u00e9.<\/p><p data-start=\"2232\" data-end=\"2480\">Un exemple est la maison <strong data-start=\"2257\" data-end=\"2277\">\u00ab L\u2019Heure vide \u00bb<\/strong> \u00e0 Berrias-et-Casteljau, au design minimaliste et nich\u00e9e dans la nature, avec piscine priv\u00e9e. Ce type de s\u00e9jour offre <strong data-start=\"2395\" data-end=\"2429\">intimit\u00e9, calme et raffinement<\/strong>, parfait pour un couple ou un petit groupe d\u2019amis.<\/p><h3 data-start=\"2487\" data-end=\"2510\">S\u00e9jour petit budget<\/h3><p data-start=\"2512\" data-end=\"2733\">Une <strong data-start=\"2516\" data-end=\"2545\">location de vacances en Ard\u00e8che<\/strong> peut aussi \u00eatre tr\u00e8s \u00e9conomique. Les campeurs trouveront des emplacements nus d\u00e8s <strong data-start=\"2628\" data-end=\"2641\">15 \u20ac\/nuit<\/strong> pour installer leur tente ou caravane, tout en profitant d\u2019un cadre naturel exceptionnel.<\/p><p data-start=\"2735\" data-end=\"2949\">Pour ceux qui recherchent un logement fixe \u00e0 petit prix, des plateformes comme Amivac ou PAP Vacances proposent des appartements et studios autour de <strong data-start=\"2885\" data-end=\"2903\">21 \u00e0 45 \u20ac\/nuit<\/strong>, souvent situ\u00e9s dans des villages typiques.<\/p><p data-start=\"2951\" data-end=\"3143\">Cette formule permet de d\u00e9couvrir l\u2019Ard\u00e8che sans se ruiner, tout en b\u00e9n\u00e9ficiant de la richesse de ses paysages et de ses activit\u00e9s gratuites, comme la randonn\u00e9e ou la baignade dans la rivi\u00e8re.<\/p><p data-start=\"3150\" data-end=\"3298\">Que vous soyez en famille, en couple ou entre amis, la <strong data-start=\"3208\" data-end=\"3237\">location de vacances en Ard\u00e8che<\/strong> offre toujours une option adapt\u00e9e \u00e0 votre style de voyage.<\/p><h2 data-start=\"227\" data-end=\"264\">Comment bien choisir votre location de vacances en Ard\u00e8che ?<\/h2><p data-start=\"266\" data-end=\"498\">Avec la diversit\u00e9 d\u2019offres disponibles, trouver la <strong data-start=\"317\" data-end=\"346\">location de vacances en Ard\u00e8che<\/strong> parfaite peut sembler compliqu\u00e9. Pour ne pas se tromper, il est essentiel de d\u00e9finir ses priorit\u00e9s et de comparer plusieurs crit\u00e8res avant de r\u00e9server.<\/p><h3 data-start=\"505\" data-end=\"527\">Type d\u2019h\u00e9bergement<\/h3><p data-start=\"529\" data-end=\"579\">Le premier choix concerne la formule de s\u00e9jour :<\/p><ul data-start=\"580\" data-end=\"982\"><li data-start=\"580\" data-end=\"674\"><p data-start=\"582\" data-end=\"674\"><strong data-start=\"582\" data-end=\"593\">Camping<\/strong> si vous cherchez convivialit\u00e9, activit\u00e9s familiales et proximit\u00e9 de la nature.<\/p><\/li><li data-start=\"675\" data-end=\"766\"><p data-start=\"677\" data-end=\"766\"><strong data-start=\"677\" data-end=\"685\">G\u00eete<\/strong> si vous pr\u00e9f\u00e9rez l\u2019ind\u00e9pendance et l\u2019authenticit\u00e9 d\u2019une maison traditionnelle.<\/p><\/li><li data-start=\"767\" data-end=\"872\"><p data-start=\"769\" data-end=\"872\"><strong data-start=\"769\" data-end=\"794\">R\u00e9sidence de vacances<\/strong> si vous recherchez confort moderne, infrastructures communes et animations.<\/p><\/li><li data-start=\"873\" data-end=\"982\"><p data-start=\"875\" data-end=\"982\"><strong data-start=\"875\" data-end=\"895\">Maison de charme<\/strong> ou <strong data-start=\"899\" data-end=\"923\">h\u00e9bergement insolite<\/strong> si vous voulez vivre une exp\u00e9rience unique et m\u00e9morable.<\/p><\/li><\/ul><p data-start=\"984\" data-end=\"1112\">Chaque type de location de vacances en Ard\u00e8che\u00a0correspond \u00e0 un mode de voyage diff\u00e9rent, du plus \u00e9conomique au plus haut de gamme.<\/p><h3 data-start=\"1119\" data-end=\"1135\">Localisation<\/h3><p data-start=\"1137\" data-end=\"1199\">La situation g\u00e9ographique influence fortement l\u2019exp\u00e9rience :<\/p><ul data-start=\"1200\" data-end=\"1653\"><li data-start=\"1200\" data-end=\"1305\"><p data-start=\"1202\" data-end=\"1305\">Pr\u00e8s des <strong data-start=\"1211\" data-end=\"1234\">Gorges de l\u2019Ard\u00e8che<\/strong> pour profiter des activit\u00e9s nautiques et de la nature spectaculaire.<\/p><\/li><li data-start=\"1306\" data-end=\"1424\"><p data-start=\"1308\" data-end=\"1424\">Dans les <strong data-start=\"1317\" data-end=\"1342\">villages de caract\u00e8re<\/strong> pour privil\u00e9gier le patrimoine, l\u2019ambiance locale et les march\u00e9s traditionnels.<\/p><\/li><li data-start=\"1425\" data-end=\"1516\"><p data-start=\"1427\" data-end=\"1516\">En <strong data-start=\"1430\" data-end=\"1445\">sud Ard\u00e8che<\/strong> pour le climat plus chaud, les baignades et l\u2019animation touristique.<\/p><\/li><li data-start=\"1517\" data-end=\"1653\"><p data-start=\"1519\" data-end=\"1653\">En <strong data-start=\"1522\" data-end=\"1553\">nord ou montagne ard\u00e9choise<\/strong> pour la tranquillit\u00e9, les paysages volcaniques et les s\u00e9jours sportifs (randonn\u00e9es, ski de fond).<\/p><\/li><\/ul><p data-start=\"1655\" data-end=\"1768\">La localisation de votre location de vacances en Ard\u00e8che\u00a0doit donc \u00eatre en coh\u00e9rence avec vos attentes principales.<\/p><h3 data-start=\"1775\" data-end=\"1785\">Budget<\/h3><p data-start=\"1787\" data-end=\"1905\">D\u00e9finir \u00e0 l\u2019avance une fourchette de prix permet de filtrer efficacement les offres. Les options sont tr\u00e8s vari\u00e9es :<\/p><ul data-start=\"1906\" data-end=\"2079\"><li data-start=\"1906\" data-end=\"1956\"><p data-start=\"1908\" data-end=\"1956\">Campings et studios : pour les petits budgets.<\/p><\/li><li data-start=\"1957\" data-end=\"2018\"><p data-start=\"1959\" data-end=\"2018\">G\u00eetes et r\u00e9sidences : pour un bon \u00e9quilibre confort\/prix.<\/p><\/li><li data-start=\"2019\" data-end=\"2079\"><p data-start=\"2021\" data-end=\"2079\">Villas et maisons design : pour un s\u00e9jour haut de gamme.<\/p><\/li><\/ul><p data-start=\"2081\" data-end=\"2226\">En moyenne, une semaine de location de vacances en Ard\u00e8che\u00a0co\u00fbte entre <strong data-start=\"2150\" data-end=\"2168\">300 et 1 200 \u20ac<\/strong>, mais les \u00e9carts peuvent \u00eatre importants selon la saison.<\/p><h3 data-start=\"2233\" data-end=\"2260\">Services et \u00e9quipements<\/h3><p data-start=\"2262\" data-end=\"2362\">Certains voyageurs privil\u00e9gient des services sp\u00e9cifiques dans leur <strong data-start=\"2329\" data-end=\"2358\">location vacances Ard\u00e8che<\/strong> :<\/p><ul data-start=\"2363\" data-end=\"2661\"><li data-start=\"2363\" data-end=\"2427\"><p data-start=\"2365\" data-end=\"2427\"><strong data-start=\"2365\" data-end=\"2376\">Piscine<\/strong> ou acc\u00e8s rivi\u00e8re pour les familles avec enfants.<\/p><\/li><li data-start=\"2428\" data-end=\"2497\"><p data-start=\"2430\" data-end=\"2497\"><strong data-start=\"2430\" data-end=\"2447\">Climatisation<\/strong> et <strong data-start=\"2451\" data-end=\"2470\">connexion Wi-Fi<\/strong> pour le confort moderne.<\/p><\/li><li data-start=\"2498\" data-end=\"2572\"><p data-start=\"2500\" data-end=\"2572\"><strong data-start=\"2500\" data-end=\"2520\">Animaux accept\u00e9s<\/strong> pour voyager avec ses compagnons \u00e0 quatre pattes.<\/p><\/li><li data-start=\"2573\" data-end=\"2661\"><p data-start=\"2575\" data-end=\"2661\"><strong data-start=\"2575\" data-end=\"2599\">\u00c9quipements sportifs<\/strong> (cano\u00ebs, v\u00e9los) pour les amateurs d\u2019activit\u00e9s de plein air.<\/p><\/li><\/ul><p data-start=\"2663\" data-end=\"2741\">V\u00e9rifier ces points avant de r\u00e9server permet d\u2019\u00e9viter les mauvaises surprises.<\/p><h3 data-start=\"2748\" data-end=\"2784\">Saison et p\u00e9riode de r\u00e9servation<\/h3><p data-start=\"2786\" data-end=\"3078\">Enfin, le moment de la r\u00e9servation est capital. L\u2019\u00e9t\u00e9 est la haute saison et les meilleures <strong data-start=\"2878\" data-end=\"2908\">locations vacances Ard\u00e8che<\/strong> se r\u00e9servent parfois <strong data-start=\"2930\" data-end=\"2955\">6 \u00e0 9 mois \u00e0 l\u2019avance<\/strong>. Pour voyager \u00e0 moindre co\u00fbt, privil\u00e9giez le printemps ou l\u2019automne, qui offrent une m\u00e9t\u00e9o agr\u00e9able et des tarifs r\u00e9duits.<\/p><p data-start=\"3085\" data-end=\"3258\">En r\u00e9sum\u00e9, bien choisir sa location de vacances en Ard\u00e8che, c\u2019est \u00e9quilibrer <strong data-start=\"3163\" data-end=\"3219\">type d\u2019h\u00e9bergement, localisation, budget et services<\/strong>, en fonction de son style de voyage.<\/p><h2 data-start=\"246\" data-end=\"274\">Foire Aux Questions (FAQ)<\/h2><h3 data-start=\"281\" data-end=\"327\">O\u00f9 dormir pr\u00e8s des Gorges de l\u2019Ard\u00e8che ?<\/h3><p data-start=\"328\" data-end=\"674\">Pour profiter au maximum des <strong data-start=\"357\" data-end=\"380\">Gorges de l\u2019Ard\u00e8che<\/strong>, l\u2019id\u00e9al est de r\u00e9server une <strong data-start=\"410\" data-end=\"439\">location vacances Ard\u00e8che<\/strong> \u00e0 Vallon-Pont-d\u2019Arc, Ruoms ou Sampzon. Ces zones offrent de nombreux campings en bord de rivi\u00e8re, des g\u00eetes ruraux et m\u00eame des r\u00e9sidences de vacances avec piscines. On y trouve aussi des locations insolites comme des cabanes perch\u00e9es.<\/p><h3 data-start=\"681\" data-end=\"734\">Combien co\u00fbte une location typique en Ard\u00e8che ?<\/h3><p data-start=\"735\" data-end=\"1082\">Le prix d\u2019une location de vacances en Ard\u00e8che\u00a0d\u00e9pend du type d\u2019h\u00e9bergement : \u00e0 partir de <strong data-start=\"822\" data-end=\"835\">21 \u20ac\/nuit<\/strong> pour un studio ou un petit bungalow, entre <strong data-start=\"879\" data-end=\"906\">300 et 700 \u20ac la semaine<\/strong> pour un g\u00eete familial, et jusqu\u2019\u00e0 <strong data-start=\"941\" data-end=\"952\">2 000 \u20ac<\/strong> pour une maison haut de gamme avec piscine priv\u00e9e en \u00e9t\u00e9. Les campings offrent des alternatives \u00e9conomiques, surtout hors saison.<\/p><h3 data-start=\"1089\" data-end=\"1147\">Quels campings en bord de rivi\u00e8re sont recommand\u00e9s ?<\/h3><p data-start=\"1148\" data-end=\"1483\">Parmi les campings r\u00e9put\u00e9s pour une <strong data-start=\"1184\" data-end=\"1213\">location vacances Ard\u00e8che<\/strong>, on retrouve <strong data-start=\"1227\" data-end=\"1241\">Le Pommier<\/strong> (5 \u00e9toiles), <strong data-start=\"1255\" data-end=\"1273\">La Grand\u2019Terre<\/strong> (4 \u00e9toiles) \u00e0 Ruoms, <strong data-start=\"1295\" data-end=\"1313\">Les Coudoulets<\/strong> (pr\u00e8s de Vallon-Pont-d\u2019Arc) et le <strong data-start=\"1348\" data-end=\"1367\">Soleil Vivarais<\/strong> (Sandaya). Tous proposent un acc\u00e8s direct \u00e0 la rivi\u00e8re, ainsi que des piscines et animations pour toute la famille.<\/p><h3 data-start=\"1490\" data-end=\"1548\">Existe-t-il des h\u00e9bergements avec piscine chauff\u00e9e ?<\/h3><p data-start=\"1549\" data-end=\"1864\">Oui, de nombreuses <strong data-start=\"1568\" data-end=\"1598\">locations vacances Ard\u00e8che<\/strong> incluent une piscine chauff\u00e9e. C\u2019est fr\u00e9quent dans les campings haut de gamme et certaines r\u00e9sidences de vacances. On en trouve aussi dans les maisons de charme et villas priv\u00e9es, comme \u00ab L\u2019Heure vide \u00bb \u00e0 Berrias-et-Casteljau, qui associe design moderne et confort.<\/p><h3 data-start=\"1871\" data-end=\"1915\">Peut-on louer hors saison en Ard\u00e8che ?<\/h3><p data-start=\"1916\" data-end=\"2248\">Absolument ! Une location de vacances en Ard\u00e8che\u00a0est possible toute l\u2019ann\u00e9e. Hors saison, les prix baissent et l\u2019affluence touristique diminue. Le printemps et l\u2019automne sont parfaits pour les randonn\u00e9es et la d\u00e9couverte des villages, tandis que l\u2019hiver permet de profiter des montagnes ard\u00e9choises pour le ski de fond ou la raquette.<\/p><h3 data-start=\"2255\" data-end=\"2305\">Quels villages typiques visiter en Ard\u00e8che ?<\/h3><p data-start=\"2306\" data-end=\"2625\">Si vous r\u00e9servez une location de vacances en Ard\u00e8che\u00a0pr\u00e8s des villages class\u00e9s, vous pourrez d\u00e9couvrir Balazuc, Vog\u00fc\u00e9, Thueyts, Jaujac et D\u00e9saignes. Ces villages offrent des ruelles pittoresques, des march\u00e9s locaux et un patrimoine architectural remarquable. C\u2019est une belle alternative aux zones touristiques des gorges.<\/p><h3 data-start=\"2632\" data-end=\"2696\">Quel logement choisir pour un s\u00e9jour nature et randonn\u00e9e ?<\/h3><p data-start=\"2697\" data-end=\"3000\">Pour un s\u00e9jour orient\u00e9 randonn\u00e9e, une <strong data-start=\"2735\" data-end=\"2764\">location vacances Ard\u00e8che<\/strong> dans un <strong data-start=\"2773\" data-end=\"2787\">g\u00eete rural<\/strong> ou une <strong data-start=\"2795\" data-end=\"2814\">chambre d\u2019h\u00f4tes<\/strong> est id\u00e9ale. Les secteurs proches des C\u00e9vennes ard\u00e9choises et des Montagnes du Vivarais offrent des paysages volcaniques, des for\u00eats pr\u00e9serv\u00e9es et un acc\u00e8s direct aux sentiers balis\u00e9s.<\/p><h2 data-start=\"87\" data-end=\"100\">Conclusion<\/h2><p data-start=\"102\" data-end=\"485\">Opter pour une location de vacances en Ard\u00e8che, c\u2019est s\u2019assurer un s\u00e9jour riche en d\u00e9couvertes, entre <strong data-start=\"202\" data-end=\"274\">nature grandiose, patrimoine authentique et diversit\u00e9 d\u2019h\u00e9bergements<\/strong>. Que vous pr\u00e9f\u00e9riez la convivialit\u00e9 d\u2019un camping en bord de rivi\u00e8re, le charme d\u2019un g\u00eete dans un village m\u00e9di\u00e9val, ou le confort d\u2019une villa avec piscine priv\u00e9e, l\u2019Ard\u00e8che a de quoi combler toutes les envies.<\/p><p data-start=\"487\" data-end=\"773\">Avec ses <strong data-start=\"496\" data-end=\"521\">Gorges spectaculaires<\/strong>, ses <strong data-start=\"527\" data-end=\"552\">villages de caract\u00e8re<\/strong> et ses <strong data-start=\"560\" data-end=\"586\">activit\u00e9s de plein air<\/strong>, la r\u00e9gion s\u00e9duit aussi bien les familles, les couples que les groupes d\u2019amis. Accessible, authentique et vari\u00e9e, elle s\u2019impose comme une destination id\u00e9ale pour des vacances r\u00e9ussies.<\/p><p data-start=\"487\" data-end=\"773\">Pour en savoir plus sur l\u2019Ard\u00e8che, <a href=\"https:\/\/www.ardeche.fr\/\" target=\"_blank\" rel=\"noopener\">c\u2019est par ici!<\/a><\/p>\t\t\t\t\t\t\t\t<\/div>\n\t\t\t\t\t<\/div>\n\t\t\t\t<\/div>\n\t\t<aside class=\"elementor-element elementor-element-3709681 e-flex e-con-boxed e-con e-parent\" data-id=\"3709681\" data-element_type=\"container\" data-e-type=\"container\">\n\t\t\t\t\t<div class=\"e-con-inner\">\n\t\t\t\t<div class=\"elementor-element elementor-element-fdecb3e elementor-widget elementor-widget-listeo-posts-grid\" data-id=\"fdecb3e\" data-element_type=\"widget\" data-e-type=\"widget\" data-widget_type=\"listeo-posts-grid.default\">\n\t\t\t\t<div class=\"elementor-widget-container\">\n\t\t\t\t\t\t\t\n\t\t<div class=\"listeo-post-grid-wrapper\">\n\t\t\t<div class=\"row\">\n\n\t\t\t\n\n\t\t\t\t\t\t\t<div class=\"col-md-4\">\n                <a href=\"https:\/\/cparici.com\/de\/chartreuse-liqueur-histoire-fabrication\/\" class=\"blog-compact-item-container\">\n                    <div class=\"blog-compact-item\">\n                        <img decoding=\"async\" width=\"577\" height=\"204\" src=\"https:\/\/cparici.com\/wp-content\/uploads\/2026\/03\/Chartreuse-577x204.jpg\" class=\"attachment-listeo-blog-related-post size-listeo-blog-related-post wp-post-image\" alt=\"Chartreuse\" srcset=\"https:\/\/cparici.com\/wp-content\/uploads\/2026\/03\/Chartreuse-577x204.jpg 577w, https:\/\/cparici.com\/wp-content\/uploads\/2026\/03\/Chartreuse-300x106.jpg 300w, https:\/\/cparici.com\/wp-content\/uploads\/2026\/03\/Chartreuse-1024x362.jpg 1024w, https:\/\/cparici.com\/wp-content\/uploads\/2026\/03\/Chartreuse-768x271.jpg 768w, https:\/\/cparici.com\/wp-content\/uploads\/2026\/03\/Chartreuse-18x6.jpg 18w, https:\/\/cparici.com\/wp-content\/uploads\/2026\/03\/Chartreuse-590x208.jpg 590w, https:\/\/cparici.com\/wp-content\/uploads\/2026\/03\/Chartreuse-1200x424.jpg 1200w, https:\/\/cparici.com\/wp-content\/uploads\/2026\/03\/Chartreuse-1320x466.jpg 1320w, https:\/\/cparici.com\/wp-content\/uploads\/2026\/03\/Chartreuse-600x212.jpg 600w, https:\/\/cparici.com\/wp-content\/uploads\/2026\/03\/Chartreuse.jpg 1500w\" sizes=\"(max-width: 577px) 100vw, 577px\" \/><span class=\"blog-item-tag\">Auvergne Rh\u00f4ne Alpes<\/span>                        \n                        <div class=\"blog-compact-item-content\">\n                                                        <h3>Chartreuse : histoire, fabrication et secrets d\u2019une liqueur unique<\/h3>\n                                                        <p>Recherches populaires Categories Pas de r\u00e9sultats Voir tous les r\u00e9sultats Chartreuse : histoire, fabrication et...                            <\/p>\n                                                    <\/div>\n                    <\/div>\n                <\/a>\n            <\/div>\n\t\t\t<div class=\"col-md-4\">\n                <a href=\"https:\/\/cparici.com\/de\/savoie\/\" class=\"blog-compact-item-container\">\n                    <div class=\"blog-compact-item\">\n                        <img decoding=\"async\" width=\"577\" height=\"204\" src=\"https:\/\/cparici.com\/wp-content\/uploads\/2025\/02\/cparici-2025-02-11T211837.387-577x204.jpg\" class=\"attachment-listeo-blog-related-post size-listeo-blog-related-post wp-post-image\" alt=\"Savoie\" srcset=\"https:\/\/cparici.com\/wp-content\/uploads\/2025\/02\/cparici-2025-02-11T211837.387-577x204.jpg 577w, https:\/\/cparici.com\/wp-content\/uploads\/2025\/02\/cparici-2025-02-11T211837.387-300x106.jpg 300w, https:\/\/cparici.com\/wp-content\/uploads\/2025\/02\/cparici-2025-02-11T211837.387-1024x362.jpg 1024w, https:\/\/cparici.com\/wp-content\/uploads\/2025\/02\/cparici-2025-02-11T211837.387-768x271.jpg 768w, https:\/\/cparici.com\/wp-content\/uploads\/2025\/02\/cparici-2025-02-11T211837.387-590x208.jpg 590w, https:\/\/cparici.com\/wp-content\/uploads\/2025\/02\/cparici-2025-02-11T211837.387-1200x424.jpg 1200w, https:\/\/cparici.com\/wp-content\/uploads\/2025\/02\/cparici-2025-02-11T211837.387-600x212.jpg 600w, https:\/\/cparici.com\/wp-content\/uploads\/2025\/02\/cparici-2025-02-11T211837.387.jpg 1500w\" sizes=\"(max-width: 577px) 100vw, 577px\" \/><span class=\"blog-item-tag\">Alpes<\/span>                        \n                        <div class=\"blog-compact-item-content\">\n                                                        <h3>Savoie d\u00e9couverte : explorez Chamb\u00e9ry, vins et patrimoine culturel<\/h3>\n                                                        <p>Recherches populaires Categories Pas de r\u00e9sultats Voir tous les r\u00e9sultats Savoie,\u00a0 le guide complet pour...                            <\/p>\n                                                    <\/div>\n                    <\/div>\n                <\/a>\n            <\/div>\n\t\t\t<div class=\"col-md-4\">\n                <a href=\"https:\/\/cparici.com\/de\/cantal\/\" class=\"blog-compact-item-container\">\n                    <div class=\"blog-compact-item\">\n                        <img decoding=\"async\" width=\"577\" height=\"204\" src=\"https:\/\/cparici.com\/wp-content\/uploads\/2025\/02\/cparici-12-577x204.png\" class=\"attachment-listeo-blog-related-post size-listeo-blog-related-post wp-post-image\" alt=\"Cantal paysages\" srcset=\"https:\/\/cparici.com\/wp-content\/uploads\/2025\/02\/cparici-12-577x204.png 577w, https:\/\/cparici.com\/wp-content\/uploads\/2025\/02\/cparici-12-300x106.png 300w, https:\/\/cparici.com\/wp-content\/uploads\/2025\/02\/cparici-12-1024x362.png 1024w, https:\/\/cparici.com\/wp-content\/uploads\/2025\/02\/cparici-12-768x271.png 768w, https:\/\/cparici.com\/wp-content\/uploads\/2025\/02\/cparici-12-590x208.png 590w, https:\/\/cparici.com\/wp-content\/uploads\/2025\/02\/cparici-12-1200x424.png 1200w, https:\/\/cparici.com\/wp-content\/uploads\/2025\/02\/cparici-12-600x212.png 600w, https:\/\/cparici.com\/wp-content\/uploads\/2025\/02\/cparici-12.png 1500w\" sizes=\"(max-width: 577px) 100vw, 577px\" \/><span class=\"blog-item-tag\">Auvergne Rh\u00f4ne Alpes<\/span>                        \n                        <div class=\"blog-compact-item-content\">\n                                                        <h3>Le Cantal<\/h3>\n                                                        <p>Recherches populaires Categories Pas de r\u00e9sultats Voir tous les r\u00e9sultats Le Cantal Le d\u00e9partement du...                            <\/p>\n                                                    <\/div>\n                    <\/div>\n                <\/a>\n            <\/div>\n  <\/div>\n        <\/div>\n        \t\t\t\t<\/div>\n\t\t\t\t<\/div>\n\t\t\t\t\t<\/div>\n\t\t\t\t<\/aside>\n\t\t\t\t<\/div>\n\t\t","protected":false},"excerpt":{"rendered":"<p>Recherches populaires Categories Pas de r\u00e9sultats Voir tous les r\u00e9sultats Location de vacances en Ard\u00e8che Trouver une location de vacances en Ard\u00e8che est une excellente id\u00e9e pour quiconque souhaite allier d\u00e9tente, d\u00e9couvertes culturelles et immersion en pleine nature. Ce d\u00e9partement du sud-est de la France, riche en paysages contrast\u00e9s, attire chaque ann\u00e9e des milliers de [&hellip;]<\/p>\n","protected":false},"author":97,"featured_media":69695,"comment_status":"closed","ping_status":"closed","sticky":false,"template":"","format":"standard","meta":{"ngg_post_thumbnail":0,"footnotes":""},"categories":[1505,1167,477],"tags":[],"class_list":["post-69689","post","type-post","status-publish","format-standard","has-post-thumbnail","hentry","category-ardeche-departement","category-auvergne-rhone-alpes","category-france"],"_links":{"self":[{"href":"https:\/\/cparici.com\/de\/wp-json\/wp\/v2\/posts\/69689","targetHints":{"allow":["GET"]}}],"collection":[{"href":"https:\/\/cparici.com\/de\/wp-json\/wp\/v2\/posts"}],"about":[{"href":"https:\/\/cparici.com\/de\/wp-json\/wp\/v2\/types\/post"}],"author":[{"embeddable":true,"href":"https:\/\/cparici.com\/de\/wp-json\/wp\/v2\/users\/97"}],"replies":[{"embeddable":true,"href":"https:\/\/cparici.com\/de\/wp-json\/wp\/v2\/comments?post=69689"}],"version-history":[{"count":2,"href":"https:\/\/cparici.com\/de\/wp-json\/wp\/v2\/posts\/69689\/revisions"}],"predecessor-version":[{"id":84680,"href":"https:\/\/cparici.com\/de\/wp-json\/wp\/v2\/posts\/69689\/revisions\/84680"}],"wp:featuredmedia":[{"embeddable":true,"href":"https:\/\/cparici.com\/de\/wp-json\/wp\/v2\/media\/69695"}],"wp:attachment":[{"href":"https:\/\/cparici.com\/de\/wp-json\/wp\/v2\/media?parent=69689"}],"wp:term":[{"taxonomy":"category","embeddable":true,"href":"https:\/\/cparici.com\/de\/wp-json\/wp\/v2\/categories?post=69689"},{"taxonomy":"post_tag","embeddable":true,"href":"https:\/\/cparici.com\/de\/wp-json\/wp\/v2\/tags?post=69689"}],"curies":[{"name":"wp","href":"https:\/\/api.w.org\/{rel}","templated":true}]}}