{"id":69705,"date":"2025-08-27T09:04:41","date_gmt":"2025-08-27T07:04:41","guid":{"rendered":"https:\/\/cparici.com\/?p=69705"},"modified":"2026-02-24T09:46:14","modified_gmt":"2026-02-24T08:46:14","slug":"labeaume","status":"publish","type":"post","link":"https:\/\/cparici.com\/de\/labeaume\/","title":{"rendered":"Labeaume: Charme, Natur und Kulturerbe im Herzen der Ard\u00e8che"},"content":{"rendered":"\t\t<div data-elementor-type=\"wp-post\" data-elementor-id=\"69705\" class=\"elementor elementor-69705\" data-elementor-post-type=\"post\">\n\t\t\t\t<div class=\"elementor-element elementor-element-bbcfeb7 e-con-full e-flex e-con e-parent\" data-id=\"bbcfeb7\" data-element_type=\"container\" data-e-type=\"container\">\n\t\t\t\t<div class=\"elementor-element elementor-element-aaa79e7 elementor-widget elementor-widget-image\" data-id=\"aaa79e7\" data-element_type=\"widget\" data-e-type=\"widget\" data-widget_type=\"image.default\">\n\t\t\t\t\t\t\t\t\t\t\t\t\t\t\t<img decoding=\"async\" width=\"1500\" height=\"530\" src=\"https:\/\/cparici.com\/wp-content\/uploads\/2025\/08\/cparici-2025-08-26T162936.371.jpg\" class=\"attachment-full size-full wp-image-69707\" alt=\"Labeaume\" srcset=\"https:\/\/cparici.com\/wp-content\/uploads\/2025\/08\/cparici-2025-08-26T162936.371.jpg 1500w, https:\/\/cparici.com\/wp-content\/uploads\/2025\/08\/cparici-2025-08-26T162936.371-300x106.jpg 300w, https:\/\/cparici.com\/wp-content\/uploads\/2025\/08\/cparici-2025-08-26T162936.371-1024x362.jpg 1024w, https:\/\/cparici.com\/wp-content\/uploads\/2025\/08\/cparici-2025-08-26T162936.371-768x271.jpg 768w, https:\/\/cparici.com\/wp-content\/uploads\/2025\/08\/cparici-2025-08-26T162936.371-18x6.jpg 18w, https:\/\/cparici.com\/wp-content\/uploads\/2025\/08\/cparici-2025-08-26T162936.371-590x208.jpg 590w, https:\/\/cparici.com\/wp-content\/uploads\/2025\/08\/cparici-2025-08-26T162936.371-1200x424.jpg 1200w, https:\/\/cparici.com\/wp-content\/uploads\/2025\/08\/cparici-2025-08-26T162936.371-577x204.jpg 577w, https:\/\/cparici.com\/wp-content\/uploads\/2025\/08\/cparici-2025-08-26T162936.371-600x212.jpg 600w\" sizes=\"(max-width: 1500px) 100vw, 1500px\" \/>\t\t\t\t\t\t\t\t\t\t\t\t\t\t\t<\/div>\n\t\t\t\t<\/div>\n\t\t<aside class=\"elementor-element elementor-element-de4b78c e-flex e-con-boxed e-con e-parent\" data-id=\"de4b78c\" data-element_type=\"container\" data-e-type=\"container\">\n\t\t\t\t\t<div class=\"e-con-inner\">\n\t\t\t\t<div class=\"elementor-element elementor-element-411dfdb elementor-widget elementor-widget-global elementor-global-62046 elementor-widget-eael-advanced-search\" data-id=\"411dfdb\" data-element_type=\"widget\" data-e-type=\"widget\" data-widget_type=\"eael-advanced-search.default\">\n\t\t\t\t\t        <div class=\"eael-adv-search-wrapper\">\n            <div id=\"eael-advanced-search-widget-411dfdb\" class=\"eael-advanced-search-widget\">\n                <form data-settings=\"{&quot;post_per_page&quot;:5,&quot;search_among_taxonomies&quot;:&quot;&quot;,&quot;search_among_sku&quot;:&quot;no&quot;,&quot;show_popular_keyword&quot;:0,&quot;show_category&quot;:0,&quot;show_content_image&quot;:1,&quot;show_search_result_all_results&quot;:0,&quot;result_on_new_tab&quot;:&quot;no&quot;,&quot;show_product_price&quot;:&quot;no&quot;,&quot;include_current_page&quot;:&quot;no&quot;,&quot;current_post_id&quot;:69705,&quot;post_type&quot;:[&quot;post&quot;,&quot;listing&quot;]}\" method=\"POST\" name=\"eael-advanced-search-form-411dfdb\" class=\"eael-advanced-search-form eael-advanced-search-form-style-2\">\n                    <div class=\"eael-advanced-search-wrap\">\n                        <span class=\"eael-adv-search-loader\"><\/span>\n                        <span class=\"eael-adv-search-close\"><i class=\"fas fa-times\"><\/i><\/span>\n                        <span class=\"icon \"><i class=\"fas fa-search\"><\/i><\/span>\n\n                        <input type=\"text\"\n                               placeholder=\"Votre destination\"\n                               class=\"eael-advanced-search\" autocomplete=\"off\" name=\"eael_advanced_search\">\n                    <\/div>\n\t\t\t\t\t                                    <\/form>\n\n\t\t\t\t\n\t\t\t\t        <div class=\"eael-advanced-search-result\">\n            <div class=\"eael-advanced-search-popular-keyword\">\n\t\t\t\t<h4 class=\"eael-advanced-search-popular-keyword-text\">Recherches populaires<\/h4>                <div class=\"eael-popular-keyword-content\"><\/div>\n            <\/div>\n            <div class=\"eael-advanced-search-category\">\n\t\t\t\t<h4 class=\"eael-advanced-search-category-text\">Categories<\/h4>                <div class=\"eael-popular-category-content\"><\/div>\n            <\/div>\n\t\t\t<div class=\"eael-advanced-search-total-results-section\">\n\t\t\t\t\t\t\t<\/div>\n            <div class=\"eael-advanced-search-content eael-item-style-3\">\n            <\/div>\n            <div class=\"eael-advanced-search-not-found\">\n                <p>Pas de r\u00e9sultats<\/p><\/div>\n            <div class=\"eael-advanced-search-load-more\">\n\t\t\t\t<a \tclass=\"eael-advanced-search-load-more-button\"\n                \thref=\"#\">Voir tous les r\u00e9sultats<\/a>\n            <\/div>\n        <\/div>\n\n\t\t            <\/div>\n        <\/div>\n\n\t\t\t\t\t\t<\/div>\n\t\t\t\t\t<\/div>\n\t\t\t\t<\/aside>\n\t\t<div class=\"elementor-element elementor-element-247ef1df e-flex e-con-boxed e-con e-parent\" data-id=\"247ef1df\" data-element_type=\"container\" data-e-type=\"container\">\n\t\t\t\t\t<div class=\"e-con-inner\">\n\t\t\t\t<div class=\"elementor-element elementor-element-7e00ce72 elementor-widget elementor-widget-text-editor\" data-id=\"7e00ce72\" data-element_type=\"widget\" data-e-type=\"widget\" data-widget_type=\"text-editor.default\">\n\t\t\t\t\t\t\t\t\t<h1 style=\"text-align: center;\">Labeaume : charme, nature et patrimoine au c\u0153ur de l\u2019Ard\u00e8che<\/h1><p data-start=\"136\" data-end=\"557\"><strong data-start=\"136\" data-end=\"148\">Labeaume<\/strong>, ce charmant village de <a href=\"https:\/\/cparici.com\/ardeche-departement\/\">l\u2019Ard\u00e8che<\/a>, vous accueille avec son ambiance typique du <strong data-start=\"228\" data-end=\"236\">pays<\/strong> ard\u00e9chois, entre falaises calcaires et ruelles m\u00e9di\u00e9vales pleines de caract\u00e8re. Situ\u00e9 au c\u0153ur d\u2019un environnement naturel remarquable, <strong data-start=\"371\" data-end=\"383\">Labeaume<\/strong> \u00e9voque une harmonie entre patrimoine ancien, nature pr\u00e9serv\u00e9e et vie culturelle vibrante. Cet article vous invite \u00e0 explorer chacune de ses facettes pour mieux le d\u00e9couvrir.<\/p>\t\t\t\t\t\t\t\t<\/div>\n\t\t\t\t\t<\/div>\n\t\t\t\t<\/div>\n\t\t<aside class=\"elementor-element elementor-element-5acb564c e-flex e-con-boxed e-con e-parent\" data-id=\"5acb564c\" data-element_type=\"container\" data-e-type=\"container\" data-settings=\"{&quot;background_background&quot;:&quot;classic&quot;}\">\n\t\t\t\t\t<div class=\"e-con-inner\">\n\t\t\t\t<div class=\"elementor-element elementor-element-5fcc4ed6 elementor-widget elementor-widget-spacer\" data-id=\"5fcc4ed6\" data-element_type=\"widget\" data-e-type=\"widget\" data-widget_type=\"spacer.default\">\n\t\t\t\t\t\t\t<div class=\"elementor-spacer\">\n\t\t\t<div class=\"elementor-spacer-inner\"><\/div>\n\t\t<\/div>\n\t\t\t\t\t\t<\/div>\n\t\t\t\t<div class=\"elementor-element elementor-element-6d734068 elementor-widget elementor-widget-heading\" data-id=\"6d734068\" data-element_type=\"widget\" data-e-type=\"widget\" data-widget_type=\"heading.default\">\n\t\t\t\t\t<h2 class=\"elementor-heading-title elementor-size-default\">H\u00e9bergements de Vacances Labeaume en direct<\/h2>\t\t\t\t<\/div>\n\t\t\t\t<div class=\"elementor-element elementor-element-24871324 elementor-widget elementor-widget-listeo-listings-carousel\" data-id=\"24871324\" data-element_type=\"widget\" data-e-type=\"widget\" data-widget_type=\"listeo-listings-carousel.default\">\n\t\t\t\t<div class=\"elementor-widget-container\">\n\t\t\t\t\t        <!-- Carousel \/ Start -->\n        \t<div class=\"simple-slick-carousel dots-nav\" data-slick='{&quot;autoplay&quot;:true,&quot;autoplaySpeed&quot;:3000,&quot;slidesToShow&quot;:3,&quot;slidesToScroll&quot;:1,&quot;responsive&quot;:[{&quot;breakpoint&quot;:1024,&quot;settings&quot;:{&quot;slidesToShow&quot;:2,&quot;slidesToScroll&quot;:1}},{&quot;breakpoint&quot;:768,&quot;settings&quot;:{&quot;slidesToShow&quot;:1,&quot;slidesToScroll&quot;:1}}]}'>\n                <\/div>\n        \t\t\t\t<\/div>\n\t\t\t\t<\/div>\n\t\t\t\t\t<\/div>\n\t\t\t\t<\/aside>\n\t\t<div class=\"elementor-element elementor-element-d1f961c e-flex e-con-boxed e-con e-parent\" data-id=\"d1f961c\" data-element_type=\"container\" data-e-type=\"container\">\n\t\t\t\t\t<div class=\"e-con-inner\">\n\t\t\t\t<div class=\"elementor-element elementor-element-f9b432d elementor-widget elementor-widget-text-editor\" data-id=\"f9b432d\" data-element_type=\"widget\" data-e-type=\"widget\" data-widget_type=\"text-editor.default\">\n\t\t\t\t\t\t\t\t\t<h2 data-start=\"564\" data-end=\"601\">Pr\u00e9sentation g\u00e9n\u00e9rale de Labeaume<\/h2><h4 data-start=\"603\" data-end=\"643\">G\u00e9ographie et administration locale<\/h4><p data-start=\"645\" data-end=\"798\"><span class=\"relative -mx-px my-[-0.2rem] rounded px-px py-[0.2rem] transition-colors duration-100 ease-in-out\">Situ\u00e9e dans le d\u00e9partement de l\u2019Ard\u00e8che, en r\u00e9gion <a href=\"https:\/\/cparici.com\/auvergne-rhone-alpes\/\">Auvergne\u2011Rh\u00f4ne\u2011Alpes<\/a>, <strong data-start=\"73\" data-end=\"85\">Labeaume<\/strong> fait partie de la Communaut\u00e9 de communes des Gorges de l\u2019Ard\u00e8che, dans un territoire \u00e0 l\u2019allure essentiellement rurale<\/span>. <span class=\"relative -mx-px my-[-0.2rem] rounded px-px py-[0.2rem] transition-colors duration-100 ease-in-out\">La commune s\u2019\u00e9tend sur <strong data-start=\"23\" data-end=\"36\">17,76\u202fkm\u00b2<\/strong> (1\u202f776 hectares), avec une densit\u00e9 de population d\u2019environ <strong data-start=\"96\" data-end=\"113\" data-is-last-node=\"\">37,8 hab.\/km\u00b2<\/strong><\/span>.<\/p><h4 data-start=\"800\" data-end=\"830\">D\u00e9mographie et population<\/h4><p data-start=\"832\" data-end=\"985\"><span class=\"relative -mx-px my-[-0.2rem] rounded px-px py-[0.2rem] transition-colors duration-100 ease-in-out\">Le nombre d\u2019habitants a r\u00e9guli\u00e8rement augment\u00e9 au fil des ann\u00e9es, passant d\u2019environ <strong data-start=\"84\" data-end=\"99\">493 en 1999<\/strong> \u00e0 <strong data-start=\"102\" data-end=\"117\" data-is-last-node=\"\">674 en 2020<\/strong><\/span>. <span class=\"relative -mx-px my-[-0.2rem] rounded px-px py-[0.2rem] transition-colors duration-100 ease-in-out\">En 2022, on d\u00e9nombrait environ <strong data-start=\"31\" data-end=\"65\" data-is-last-node=\"\">684 Labeaumois et Labeaumoises<\/strong><\/span>.<\/p><h4 data-start=\"987\" data-end=\"1015\">Maire et vie municipale<\/h4><p data-start=\"1017\" data-end=\"1095\"><span class=\"relative -mx-px my-[-0.2rem] rounded px-px py-[0.2rem] transition-colors duration-100 ease-in-out\">Le maire actuel, <strong data-start=\"17\" data-end=\"34\">G\u00e9rard Marron<\/strong>, exerce son mandat de 2020 \u00e0 2026, pilotant les affaires locales dans un esprit d\u2019authenticit\u00e9 et de pr\u00e9servation du patrimoine<\/span>.<a href=\"https:\/\/cparici.com\/wp-content\/uploads\/2025\/08\/cparici-2025-08-26T163757.945.jpg\"><img decoding=\"async\" class=\"aligncenter wp-image-69714 size-full\" src=\"https:\/\/cparici.com\/wp-content\/uploads\/2025\/08\/cparici-2025-08-26T163757.945.jpg\" alt=\"Labeaume Village\" width=\"1500\" height=\"530\" srcset=\"https:\/\/cparici.com\/wp-content\/uploads\/2025\/08\/cparici-2025-08-26T163757.945.jpg 1500w, https:\/\/cparici.com\/wp-content\/uploads\/2025\/08\/cparici-2025-08-26T163757.945-300x106.jpg 300w, https:\/\/cparici.com\/wp-content\/uploads\/2025\/08\/cparici-2025-08-26T163757.945-1024x362.jpg 1024w, https:\/\/cparici.com\/wp-content\/uploads\/2025\/08\/cparici-2025-08-26T163757.945-768x271.jpg 768w, https:\/\/cparici.com\/wp-content\/uploads\/2025\/08\/cparici-2025-08-26T163757.945-18x6.jpg 18w, https:\/\/cparici.com\/wp-content\/uploads\/2025\/08\/cparici-2025-08-26T163757.945-590x208.jpg 590w, https:\/\/cparici.com\/wp-content\/uploads\/2025\/08\/cparici-2025-08-26T163757.945-1200x424.jpg 1200w, https:\/\/cparici.com\/wp-content\/uploads\/2025\/08\/cparici-2025-08-26T163757.945-577x204.jpg 577w, https:\/\/cparici.com\/wp-content\/uploads\/2025\/08\/cparici-2025-08-26T163757.945-600x212.jpg 600w\" sizes=\"(max-width: 1500px) 100vw, 1500px\" \/><\/a><\/p><h2 data-start=\"1102\" data-end=\"1132\">G\u00e9ologie, relief et climat<\/h2><h4 data-start=\"1134\" data-end=\"1178\">Le relief et les formations g\u00e9ologiques<\/h4><p data-start=\"1180\" data-end=\"1455\"><strong data-start=\"1180\" data-end=\"1192\">Labeaume<\/strong> est nich\u00e9e sur le <strong data-start=\"1211\" data-end=\"1240\">plateau calcaire des Gras<\/strong>, dont les falaises abruptes surplombent la rivi\u00e8re Beaume. On y d\u00e9couvre des \u201cfa\u00efsses\u201d : terrasses plant\u00e9es de jardins suspendus, typiques de l\u2019habitat troglodyte du village.<\/p><h4 data-start=\"1457\" data-end=\"1474\">Climat local<\/h4><p data-start=\"1476\" data-end=\"1556\"><span class=\"relative -mx-px my-[-0.2rem] rounded px-px py-[0.2rem] transition-colors duration-100 ease-in-out\">Le climat est de type m\u00e9diterran\u00e9en alt\u00e9r\u00e9, caract\u00e9ris\u00e9 par des \u00e9t\u00e9s chauds et secs et des hivers doux, typique de la r\u00e9gion m\u00e9ridionale de l\u2019Ard\u00e8che<\/span>.<\/p><h2 data-start=\"1563\" data-end=\"1598\">Nature prot\u00e9g\u00e9e et biodiversit\u00e9<\/h2><h4 data-start=\"1600\" data-end=\"1644\">Statuts environnementaux et Natura 2000<\/h4><p data-start=\"1646\" data-end=\"2141\"><strong data-start=\"1646\" data-end=\"1658\">Labeaume<\/strong> est int\u00e9gr\u00e9e \u00e0 des zones naturelles prot\u00e9g\u00e9es d\u2019ampleur : les <strong data-start=\"1721\" data-end=\"1744\">Gorges de la Beaume<\/strong> (ZNIEFF de type I) couvrent 136,7 hectares et font partie d\u2019un ensemble fonctionnel plus grand (22 630 ha, ZNIEFF II) ainsi que d\u2019un site Natura 2000 ; la zone \u201cMoyenne vall\u00e9e de l\u2019Ard\u00e8che et ses affluents\u201d inclut <strong data-start=\"1959\" data-end=\"1971\">Labeaume<\/strong> dans un p\u00e9rim\u00e8tre de conservation communautaire. <span class=\"relative -mx-px my-[-0.2rem] rounded px-px py-[0.2rem] transition-colors duration-100 ease-in-out\">Un arr\u00eat\u00e9 de 2016 officialise ce classement Natura\u202f2000 dans le Plateau des Gras (site FR8201657)<\/span> .<\/p><h4 data-start=\"2143\" data-end=\"2166\">Faune embl\u00e9matique<\/h4><p data-start=\"2168\" data-end=\"2248\"><span class=\"relative -mx-px my-[-0.2rem] rounded px-px py-[0.2rem] transition-colors duration-100 ease-in-out\">Parmi les esp\u00e8ces notables dans les Gorges de la Beaume : le <strong data-start=\"61\" data-end=\"71\">castor<\/strong>, la <strong data-start=\"76\" data-end=\"86\">loutre<\/strong>, des chauves\u2011souris (Oreillard gris, Rhinolophe euryale), des oiseaux prot\u00e9g\u00e9s comme le <strong data-start=\"175\" data-end=\"197\">Grand\u2011duc d\u2019Europe<\/strong>, le <strong data-start=\"202\" data-end=\"220\">faucon p\u00e8lerin<\/strong>, le <strong data-start=\"225\" data-end=\"239\">milan noir<\/strong>, et d\u2019innombrables libellules et papillons rares comme la <strong data-start=\"298\" data-end=\"320\">Cordulie splendide<\/strong>, la <strong data-start=\"325\" data-end=\"334\">Diane<\/strong>, ou encore l\u2019<strong data-start=\"348\" data-end=\"366\" data-is-last-node=\"\">Apron du Rh\u00f4ne<\/strong><\/span>.<\/p><p data-start=\"2168\" data-end=\"2248\"><a href=\"https:\/\/cparici.com\/wp-content\/uploads\/2025\/08\/cparici-2025-08-26T163937.203.jpg\"><img decoding=\"async\" class=\"aligncenter wp-image-69716 size-full\" src=\"https:\/\/cparici.com\/wp-content\/uploads\/2025\/08\/cparici-2025-08-26T163937.203.jpg\" alt=\"Statue \u00e0 Labeaume\" width=\"1500\" height=\"530\" srcset=\"https:\/\/cparici.com\/wp-content\/uploads\/2025\/08\/cparici-2025-08-26T163937.203.jpg 1500w, https:\/\/cparici.com\/wp-content\/uploads\/2025\/08\/cparici-2025-08-26T163937.203-300x106.jpg 300w, https:\/\/cparici.com\/wp-content\/uploads\/2025\/08\/cparici-2025-08-26T163937.203-1024x362.jpg 1024w, https:\/\/cparici.com\/wp-content\/uploads\/2025\/08\/cparici-2025-08-26T163937.203-768x271.jpg 768w, https:\/\/cparici.com\/wp-content\/uploads\/2025\/08\/cparici-2025-08-26T163937.203-18x6.jpg 18w, https:\/\/cparici.com\/wp-content\/uploads\/2025\/08\/cparici-2025-08-26T163937.203-590x208.jpg 590w, https:\/\/cparici.com\/wp-content\/uploads\/2025\/08\/cparici-2025-08-26T163937.203-1200x424.jpg 1200w, https:\/\/cparici.com\/wp-content\/uploads\/2025\/08\/cparici-2025-08-26T163937.203-577x204.jpg 577w, https:\/\/cparici.com\/wp-content\/uploads\/2025\/08\/cparici-2025-08-26T163937.203-600x212.jpg 600w\" sizes=\"(max-width: 1500px) 100vw, 1500px\" \/><\/a><\/p><h2 data-start=\"264\" data-end=\"306\">Patrimoine architectural et historique<\/h2><h4 data-start=\"308\" data-end=\"344\">L\u2019\u00e9glise Saint-Pierre-aux-Liens<\/h4><p data-start=\"346\" data-end=\"822\">L\u2019un des monuments majeurs de <strong data-start=\"376\" data-end=\"388\">Labeaume<\/strong> est l\u2019<strong data-start=\"395\" data-end=\"428\">\u00e9glise Saint-Pierre-aux-Liens<\/strong>, \u00e9difice roman cit\u00e9 d\u00e8s 1262 dans les archives eccl\u00e9siastiques. Son histoire est intimement li\u00e9e \u00e0 l\u2019\u00e9volution religieuse et sociale du village. La pr\u00e9sence d\u2019une <strong data-start=\"592\" data-end=\"617\">pierre grav\u00e9e de 1340<\/strong>, encore visible dans la structure, atteste de l\u2019anciennet\u00e9 du lieu. L\u2019\u00e9glise a connu plusieurs remaniements, notamment au XIXe si\u00e8cle, o\u00f9 elle a \u00e9t\u00e9 agrandie pour accueillir une population grandissante.<\/p><p data-start=\"824\" data-end=\"1001\">\u00c0 l\u2019int\u00e9rieur, les visiteurs d\u00e9couvrent une atmosph\u00e8re sobre et authentique, marqu\u00e9e par la pierre nue et la fra\u00eecheur des vo\u00fbtes. Parmi les \u00e9l\u00e9ments remarquables, on trouve :<\/p><ul data-start=\"1002\" data-end=\"1232\"><li data-start=\"1002\" data-end=\"1086\"><p data-start=\"1004\" data-end=\"1086\">un <strong data-start=\"1007\" data-end=\"1035\">tableau du XVIIIe si\u00e8cle<\/strong> repr\u00e9sentant la lapidation de <strong data-start=\"1066\" data-end=\"1083\">saint \u00c9tienne<\/strong>,<\/p><\/li><li data-start=\"1087\" data-end=\"1149\"><p data-start=\"1089\" data-end=\"1149\">une <strong data-start=\"1093\" data-end=\"1119\">statue de saint Pierre<\/strong> tenant les cl\u00e9s du paradis,<\/p><\/li><li data-start=\"1150\" data-end=\"1232\"><p data-start=\"1152\" data-end=\"1232\">un <strong data-start=\"1155\" data-end=\"1173\">cadran solaire<\/strong> ext\u00e9rieur, t\u00e9moignant de la vie quotidienne d\u2019autrefois.<\/p><\/li><\/ul><p data-start=\"1234\" data-end=\"1388\">L\u2019\u00e9glise reste aujourd\u2019hui un lieu de culte actif, mais aussi un site appr\u00e9ci\u00e9 pour sa valeur patrimoniale et sa situation pittoresque au c\u0153ur du village.<\/p><h4 data-start=\"1395\" data-end=\"1433\">Le pont submersible sur la Beaume<\/h4><p data-start=\"1435\" data-end=\"1816\">Construit en <strong data-start=\"1448\" data-end=\"1456\">1875<\/strong>, le <strong data-start=\"1461\" data-end=\"1481\">pont submersible<\/strong> de <strong data-start=\"1485\" data-end=\"1497\">Labeaume<\/strong> est un ouvrage typique de l\u2019ing\u00e9nierie rurale ard\u00e9choise. Il relie les deux rives de la rivi\u00e8re Beaume, mais comme son nom l\u2019indique, il est volontairement con\u00e7u pour \u00eatre recouvert par les eaux lors des crues saisonni\u00e8res. Cet ouvrage insolite illustre l\u2019adaptation des habitants aux r\u00e9alit\u00e9s hydrologiques locales.<\/p><p data-start=\"1818\" data-end=\"2058\">Encore utilis\u00e9 aujourd\u2019hui, ce pont offre une entr\u00e9e spectaculaire vers le village. Il est l\u2019un des spots les plus photographi\u00e9s de <strong data-start=\"1950\" data-end=\"1962\">Labeaume<\/strong>, notamment en \u00e9t\u00e9, quand la rivi\u00e8re est calme et que les promeneurs y passent \u00e0 pied ou \u00e0 v\u00e9lo.<\/p><h4 data-start=\"2065\" data-end=\"2121\">Les ruelles anciennes et les maisons troglodytiques<\/h4><p data-start=\"2123\" data-end=\"2493\">En se promenant dans <strong data-start=\"2144\" data-end=\"2156\">Labeaume<\/strong>, on d\u00e9couvre un enchev\u00eatrement de <strong data-start=\"2191\" data-end=\"2209\">ruelles pav\u00e9es<\/strong>, de passages vo\u00fbt\u00e9s et de petites places ombrag\u00e9es. Les maisons en pierre, parfois troglodytiques, semblent surgir de la falaise elle-m\u00eame. Certaines habitations sont creus\u00e9es directement dans le rocher calcaire, offrant une architecture unique et parfaitement int\u00e9gr\u00e9e au paysage.<\/p><p data-start=\"2495\" data-end=\"2851\">Ces <strong data-start=\"2499\" data-end=\"2520\">maisons anciennes<\/strong> r\u00e9v\u00e8lent l\u2019ing\u00e9niosit\u00e9 des habitants, qui utilisaient les ressources locales pour se prot\u00e9ger des fortes chaleurs estivales et conserver la fra\u00eecheur en toute saison. Les linteaux sculpt\u00e9s, les escaliers \u00e9troits et les cours int\u00e9rieures ajoutent au charme de l\u2019ensemble, donnant \u00e0 <strong data-start=\"2802\" data-end=\"2814\">Labeaume<\/strong> l\u2019aspect d\u2019un village hors du temps.<\/p><h4 data-start=\"2858\" data-end=\"2894\">Les jardins suspendus (fa\u00efsses)<\/h4><p data-start=\"2896\" data-end=\"3312\">Autre \u00e9l\u00e9ment typique du patrimoine de <strong data-start=\"2935\" data-end=\"2947\">Labeaume<\/strong> : les <strong data-start=\"2954\" data-end=\"2965\">fa\u00efsses<\/strong>, ces terrasses agricoles am\u00e9nag\u00e9es \u00e0 flanc de falaise. Construites avec des murets en pierres s\u00e8ches, elles servaient autrefois \u00e0 cultiver la vigne, les oliviers, les figuiers ou encore les amandiers. Aujourd\u2019hui, ces jardins suspendus t\u00e9moignent du lien fort entre l\u2019homme et son environnement, ainsi que du savoir-faire agricole traditionnel.<\/p><p data-start=\"3314\" data-end=\"3626\">Certains de ces espaces sont encore entretenus, tandis que d\u2019autres ont \u00e9t\u00e9 r\u00e9habilit\u00e9s en <strong data-start=\"3405\" data-end=\"3426\">jardins paysagers<\/strong>, accessibles lors de visites guid\u00e9es ou d\u2019\u00e9v\u00e9nements culturels. Leur position dominante offre des vues spectaculaires sur la rivi\u00e8re et les falaises, renfor\u00e7ant l\u2019attrait touristique de <strong data-start=\"3613\" data-end=\"3625\">Labeaume<\/strong>.<\/p><h4 data-start=\"3633\" data-end=\"3666\">Autres \u00e9l\u00e9ments patrimoniaux<\/h4><p data-start=\"3668\" data-end=\"3761\">Outre ses monuments embl\u00e9matiques, <strong data-start=\"3703\" data-end=\"3715\">Labeaume<\/strong> conserve un riche patrimoine vernaculaire :<\/p><ul data-start=\"3762\" data-end=\"4083\"><li data-start=\"3762\" data-end=\"3822\"><p data-start=\"3764\" data-end=\"3822\">des <strong data-start=\"3768\" data-end=\"3791\">fontaines anciennes<\/strong> diss\u00e9min\u00e9es dans le village,<\/p><\/li><li data-start=\"3823\" data-end=\"3898\"><p data-start=\"3825\" data-end=\"3898\">des <strong data-start=\"3829\" data-end=\"3854\">lavoirs traditionnels<\/strong> rappelant la vie quotidienne d\u2019autrefois,<\/p><\/li><li data-start=\"3899\" data-end=\"3977\"><p data-start=\"3901\" data-end=\"3977\">des <strong data-start=\"3905\" data-end=\"3918\">calvaires<\/strong> et croix de chemin, t\u00e9moins de la religiosit\u00e9 populaire,<\/p><\/li><li data-start=\"3978\" data-end=\"4083\"><p data-start=\"3980\" data-end=\"4083\">ainsi que plusieurs <strong data-start=\"4000\" data-end=\"4011\">dolmens<\/strong> dans les environs, inscrits dans un paysage m\u00e9galithique remarquable.<\/p><\/li><\/ul><p data-start=\"4085\" data-end=\"4343\">Cette diversit\u00e9 patrimoniale contribue \u00e0 l\u2019attrait de <strong data-start=\"4139\" data-end=\"4151\">Labeaume<\/strong>, qui est class\u00e9 parmi les <a href=\"https:\/\/cparici.com\/petites-cites-de-caractere\/\"><strong data-start=\"4178\" data-end=\"4203\">Villages de caract\u00e8re<\/strong><\/a> de l\u2019Ard\u00e8che. Chaque pierre raconte une histoire, et chaque recoin invite \u00e0 ralentir le pas pour savourer l\u2019authenticit\u00e9 de ce lieu unique.<\/p><h2 data-start=\"276\" data-end=\"300\">Vie locale et culture<\/h2><h4 data-start=\"302\" data-end=\"339\">Le festival Labeaume en Musiques<\/h4><p data-start=\"341\" data-end=\"703\">Chaque \u00e9t\u00e9, <strong data-start=\"353\" data-end=\"365\">Labeaume<\/strong> devient une v\u00e9ritable sc\u00e8ne \u00e0 ciel ouvert gr\u00e2ce au festival <strong data-start=\"426\" data-end=\"450\">Labeaume en Musiques<\/strong>. Cr\u00e9\u00e9 dans les ann\u00e9es 1990, ce rendez-vous est devenu un incontournable de la vie culturelle ard\u00e9choise. Les concerts se d\u00e9roulent dans des cadres spectaculaires : au pied des falaises calcaires, dans les jardins suspendus ou sur la place du village.<\/p><p data-start=\"705\" data-end=\"1056\">La programmation associe <strong data-start=\"730\" data-end=\"751\">musique classique<\/strong>, cr\u00e9ations contemporaines et musiques du monde. De nombreux artistes internationaux y ont jou\u00e9, contribuant \u00e0 la renomm\u00e9e du festival bien au-del\u00e0 de l\u2019Ard\u00e8che. Pour les habitants, c\u2019est un moment fort qui rassemble visiteurs, b\u00e9n\u00e9voles et passionn\u00e9s de musique dans une ambiance conviviale et festive.<\/p><p data-start=\"1058\" data-end=\"1207\">Le festival refl\u00e8te bien l\u2019esprit de <strong data-start=\"1095\" data-end=\"1107\">Labeaume<\/strong> : une rencontre harmonieuse entre patrimoine naturel, h\u00e9ritage historique et expression artistique.<\/p><h4 data-start=\"1214\" data-end=\"1257\">Le Mas Daudet et la m\u00e9moire litt\u00e9raire<\/h4><p data-start=\"1259\" data-end=\"1594\">\u00c0 quelques kilom\u00e8tres de <strong data-start=\"1284\" data-end=\"1296\">Labeaume<\/strong>, le <strong data-start=\"1301\" data-end=\"1315\">Mas Daudet<\/strong> est un lieu culturel unique. Ancienne maison familiale d\u2019Alphonse Daudet, \u00e9crivain du XIXe si\u00e8cle, elle a \u00e9t\u00e9 transform\u00e9e en <strong data-start=\"1441\" data-end=\"1479\">mus\u00e9e litt\u00e9raire et ethnographique<\/strong>. Le site propose une immersion dans la vie rurale ard\u00e9choise \u00e0 l\u2019\u00e9poque de l\u2019auteur des <em data-start=\"1568\" data-end=\"1591\">Lettres de mon moulin<\/em>.<\/p><p data-start=\"1596\" data-end=\"1894\">Le mus\u00e9e pr\u00e9sente des objets agricoles, des archives, et des espaces consacr\u00e9s \u00e0 la m\u00e9moire de l\u2019\u00e9crivain. Les visiteurs d\u00e9couvrent non seulement l\u2019histoire d\u2019Alphonse Daudet, mais aussi celle des habitants de la r\u00e9gion, de leurs m\u00e9tiers, de leurs traditions et de leur lien intime avec la terre.<\/p><p data-start=\"1896\" data-end=\"2060\">Le <strong data-start=\"1899\" data-end=\"1913\">Mas Daudet<\/strong> constitue ainsi une extension culturelle de <strong data-start=\"1958\" data-end=\"1970\">Labeaume<\/strong>, renfor\u00e7ant le rayonnement du territoire \u00e0 travers la litt\u00e9rature et le patrimoine rural.<\/p><h4 data-start=\"2067\" data-end=\"2131\">Les associations locales et la mise en valeur du patrimoine<\/h4><p data-start=\"2133\" data-end=\"2521\">La vie culturelle de <strong data-start=\"2154\" data-end=\"2166\">Labeaume<\/strong> repose aussi sur l\u2019engagement associatif. L\u2019association <strong data-start=\"2223\" data-end=\"2248\">Dolmens et Patrimoine<\/strong> m\u00e8ne depuis plusieurs ann\u00e9es des actions de sauvegarde et de valorisation des m\u00e9galithes, t\u00e9moins d\u2019un pass\u00e9 pr\u00e9historique particuli\u00e8rement riche dans la r\u00e9gion. Gr\u00e2ce \u00e0 ces initiatives, plusieurs <strong data-start=\"2446\" data-end=\"2457\">dolmens<\/strong> ont \u00e9t\u00e9 r\u00e9habilit\u00e9s et int\u00e9gr\u00e9s \u00e0 des circuits de d\u00e9couverte.<\/p><p data-start=\"2523\" data-end=\"2755\">D\u2019autres associations locales organisent des expositions, des ateliers artistiques et des \u00e9v\u00e9nements interg\u00e9n\u00e9rationnels. Ces initiatives contribuent \u00e0 maintenir le dynamisme de <strong data-start=\"2701\" data-end=\"2713\">Labeaume<\/strong>, o\u00f9 culture et convivialit\u00e9 vont de pair.<\/p><h4 data-start=\"2762\" data-end=\"2796\">Traditions et vie quotidienne<\/h4><p data-start=\"2798\" data-end=\"3115\">Au-del\u00e0 des grands \u00e9v\u00e9nements, la vie culturelle de <strong data-start=\"2850\" data-end=\"2862\">Labeaume<\/strong> se nourrit des traditions locales. Les f\u00eates de village, les march\u00e9s estivaux et les rencontres autour des produits du terroir (vins ard\u00e9chois, ch\u00e2taignes, fromages de ch\u00e8vre) permettent aux habitants de partager leur savoir-faire avec les visiteurs.<\/p><p data-start=\"3117\" data-end=\"3349\">Les soir\u00e9es d\u2019\u00e9t\u00e9 sont souvent anim\u00e9es par des spectacles de rue, des bals et des repas collectifs. Ces moments renforcent le sentiment d\u2019appartenance \u00e0 la communaut\u00e9 et illustrent l\u2019authenticit\u00e9 de la vie dans ce village ard\u00e9chois.<\/p><h2 data-start=\"300\" data-end=\"337\">Tourisme et activit\u00e9s en plein air<\/h2><h4 data-start=\"339\" data-end=\"381\">La d\u00e9couverte du village de caract\u00e8re<\/h4><p data-start=\"383\" data-end=\"786\">Class\u00e9 parmi les <strong data-start=\"400\" data-end=\"425\">Villages de caract\u00e8re<\/strong> de l\u2019Ard\u00e8che, <strong data-start=\"440\" data-end=\"452\">Labeaume<\/strong> s\u00e9duit imm\u00e9diatement par son authenticit\u00e9. Ses <strong data-start=\"500\" data-end=\"518\">ruelles pav\u00e9es<\/strong>, ses <strong data-start=\"524\" data-end=\"545\">maisons en pierre<\/strong> et ses <strong data-start=\"553\" data-end=\"572\">passages vo\u00fbt\u00e9s<\/strong> donnent l\u2019impression de remonter le temps. Les visiteurs appr\u00e9cient particuli\u00e8rement les petites places ombrag\u00e9es, o\u00f9 l\u2019on peut s\u2019arr\u00eater pour admirer l\u2019architecture locale et profiter d\u2019une atmosph\u00e8re paisible.<\/p><p data-start=\"788\" data-end=\"1033\">Autour du village, les falaises calcaires et les terrasses suspendues (fa\u00efsses) cr\u00e9ent un d\u00e9cor unique. Cette harmonie entre nature et b\u00e2ti fait de <strong data-start=\"936\" data-end=\"948\">Labeaume<\/strong> une <a href=\"https:\/\/cparici.com\/location-de-vacances-en-ardeche\/\">\u00e9tape incontournable<\/a> pour les voyageurs en qu\u00eate de patrimoine et de s\u00e9r\u00e9nit\u00e9.<\/p><p data-start=\"1035\" data-end=\"1253\">\u00c0 proximit\u00e9, les villages de <strong data-start=\"1064\" data-end=\"1075\">Balazuc<\/strong> et <strong data-start=\"1079\" data-end=\"1088\">Vog\u00fc\u00e9<\/strong>, \u00e9galement class\u00e9s, compl\u00e8tent id\u00e9alement une visite de la r\u00e9gion, comme le recommande <a class=\"decorated-link\" href=\"https:\/\/cparici.com\/en\/ardeche-department\/?utm_source=chatgpt.com\" target=\"_new\" rel=\"noopener\" data-start=\"1176\" data-end=\"1252\">Cparici<\/a>.<\/p><h4 data-start=\"1260\" data-end=\"1286\">La plage de la Beaume<\/h4><p data-start=\"1288\" data-end=\"1548\">Au pied du village, la rivi\u00e8re Beaume offre une <strong data-start=\"1336\" data-end=\"1355\">plage naturelle<\/strong> tr\u00e8s appr\u00e9ci\u00e9e des familles et des amateurs de nature. Cette plage, faite de <strong data-start=\"1433\" data-end=\"1455\">sable et de galets<\/strong>, est accessible librement, m\u00eame si une partie des berges appartient \u00e0 des terrains priv\u00e9s.<\/p><p data-start=\"1550\" data-end=\"2008\">Bien que non surveill\u00e9e, elle reste l\u2019un des lieux les plus pris\u00e9s de <strong data-start=\"1620\" data-end=\"1632\">Labeaume<\/strong> en \u00e9t\u00e9. Les visiteurs viennent s\u2019y rafra\u00eechir, pique-niquer ou simplement admirer les falaises qui se refl\u00e8tent dans l\u2019eau. La <strong data-start=\"1760\" data-end=\"1780\">qualit\u00e9 de l\u2019eau<\/strong>, analys\u00e9e r\u00e9guli\u00e8rement, est g\u00e9n\u00e9ralement class\u00e9e comme bonne, ce qui en fait un site de baignade agr\u00e9able et r\u00e9put\u00e9.<\/p><h4 data-start=\"2015\" data-end=\"2064\">Les randonn\u00e9es et les sentiers de d\u00e9couverte<\/h4><p data-start=\"2066\" data-end=\"2359\"><strong data-start=\"2066\" data-end=\"2078\">Labeaume<\/strong> est entour\u00e9e d\u2019un r\u00e9seau de <strong data-start=\"2107\" data-end=\"2132\">sentiers de randonn\u00e9e<\/strong> qui permettent d\u2019explorer la diversit\u00e9 des paysages ard\u00e9chois. On peut suivre des itin\u00e9raires balis\u00e9s vers les <strong data-start=\"2244\" data-end=\"2267\">gorges de la Beaume<\/strong>, longer la rivi\u00e8re ou grimper sur les falaises pour profiter de panoramas spectaculaires.<\/p><p data-start=\"2361\" data-end=\"2609\">Certains circuits m\u00e8nent \u00e9galement \u00e0 la d\u00e9couverte de <strong data-start=\"2415\" data-end=\"2426\">dolmens<\/strong> et d\u2019anciens sites agricoles, t\u00e9moins de la vie paysanne pass\u00e9e. Ces randonn\u00e9es offrent une immersion dans un territoire o\u00f9 nature, culture et histoire s\u2019entrelacent harmonieusement.<\/p><h4 data-start=\"2616\" data-end=\"2660\">Les activit\u00e9s sportives et de plein air<\/h4><p data-start=\"2662\" data-end=\"2771\">Au-del\u00e0 de la randonn\u00e9e, <strong data-start=\"2687\" data-end=\"2699\">Labeaume<\/strong> est un point de d\u00e9part id\u00e9al pour de nombreuses activit\u00e9s sportives :<\/p><ul data-start=\"2772\" data-end=\"3104\"><li data-start=\"2772\" data-end=\"2869\"><p data-start=\"2774\" data-end=\"2869\"><strong data-start=\"2774\" data-end=\"2792\">le <a href=\"https:\/\/cparici.com\/kayak-canoe-kayak\/\">cano\u00eb-kayak<\/a><\/strong>, pratiqu\u00e9 sur la rivi\u00e8re Beaume ou dans les gorges de l\u2019Ard\u00e8che voisines ;<\/p><\/li><li data-start=\"2870\" data-end=\"2932\"><p data-start=\"2872\" data-end=\"2932\"><strong data-start=\"2872\" data-end=\"2886\">l\u2019escalade<\/strong>, sur les falaises calcaires environnantes ;<\/p><\/li><li data-start=\"2933\" data-end=\"3020\"><p data-start=\"2935\" data-end=\"3020\"><strong data-start=\"2935\" data-end=\"2953\">la sp\u00e9l\u00e9ologie<\/strong>, dans les grottes karstiques qui pars\u00e8ment le plateau des Gras ;<\/p><\/li><li data-start=\"3021\" data-end=\"3104\"><p data-start=\"3023\" data-end=\"3104\"><strong data-start=\"3023\" data-end=\"3033\">le VTT<\/strong>, gr\u00e2ce aux nombreux chemins balis\u00e9s qui serpentent dans la garrigue.<\/p><\/li><\/ul><p data-start=\"3106\" data-end=\"3226\">Ces activit\u00e9s permettent de d\u00e9couvrir <strong data-start=\"3144\" data-end=\"3156\">Labeaume<\/strong> sous un autre angle, en alliant aventure et immersion dans la nature.<\/p><h4 data-start=\"3233\" data-end=\"3273\">Le tourisme nature et l\u2019\u00e9cotourisme<\/h4><p data-start=\"3275\" data-end=\"3564\">Gr\u00e2ce \u00e0 son int\u00e9gration dans le r\u00e9seau <strong data-start=\"3314\" data-end=\"3329\">Natura 2000<\/strong>, <strong data-start=\"3331\" data-end=\"3343\">Labeaume<\/strong> attire aussi les passionn\u00e9s de biodiversit\u00e9. L\u2019observation des oiseaux (faucon p\u00e8lerin, milan noir, grand-duc d\u2019Europe) et des mammif\u00e8res (castor, loutre) constitue une activit\u00e9 privil\u00e9gi\u00e9e pour les amateurs de nature.<\/p><p data-start=\"3566\" data-end=\"3814\">De plus en plus de visiteurs choisissent des s\u00e9jours ax\u00e9s sur l\u2019<strong data-start=\"3630\" data-end=\"3645\">\u00e9cotourisme<\/strong>, privil\u00e9giant les h\u00e9bergements respectueux de l\u2019environnement, la d\u00e9couverte des producteurs locaux et les activit\u00e9s douces comme la marche ou le yoga en pleine nature.<\/p><h2 data-start=\"230\" data-end=\"297\">Que faire aux environs de Labeaume : 7 incontournables d\u00e9taill\u00e9s<\/h2><p data-start=\"299\" data-end=\"476\">Situ\u00e9 dans le sud de l\u2019Ard\u00e8che, <strong data-start=\"331\" data-end=\"343\">Labeaume<\/strong> est entour\u00e9 de sites exceptionnels qui m\u00e9ritent une visite. Voici les 7 incontournables \u00e0 d\u00e9couvrir absolument lors de votre s\u00e9jour.<\/p><h3 data-start=\"483\" data-end=\"513\">1. Balazuc, joyau m\u00e9di\u00e9val<\/h3><p data-start=\"515\" data-end=\"891\">\u00c0 seulement 10 minutes de <strong data-start=\"541\" data-end=\"553\">Labeaume<\/strong>, le village de <strong data-start=\"569\" data-end=\"580\">Balazuc<\/strong> figure parmi les <strong data-start=\"598\" data-end=\"631\">Plus Beaux Villages de France<\/strong>. Ses maisons de pierre accroch\u00e9es \u00e0 la falaise, son ch\u00e2teau m\u00e9di\u00e9val et son \u00e9glise romane offrent un d\u00e9cor pittoresque. En contrebas, une plage fluviale permet de se baigner dans l\u2019Ard\u00e8che, offrant une pause rafra\u00eechissante apr\u00e8s la visite des ruelles pav\u00e9es.<\/p><h3 data-start=\"898\" data-end=\"925\">2. Vog\u00fc\u00e9 et son ch\u00e2teau<\/h3><p data-start=\"927\" data-end=\"1295\">\u00c0 une vingtaine de minutes de <strong data-start=\"957\" data-end=\"969\">Labeaume<\/strong>, <strong data-start=\"971\" data-end=\"980\">Vog\u00fc\u00e9<\/strong> s\u00e9duit par son imposant ch\u00e2teau m\u00e9di\u00e9val qui surplombe la rivi\u00e8re. Ce monument, partiellement ouvert au public, propose des expositions artistiques et des vues imprenables sur la vall\u00e9e. Le village, class\u00e9 parmi les plus beaux de l\u2019Ard\u00e8che, est aussi r\u00e9put\u00e9 pour sa plage fluviale id\u00e9ale pour la baignade estivale.<\/p><h3 data-start=\"1302\" data-end=\"1332\">3. Les gorges de l\u2019Ard\u00e8che<\/h3><p data-start=\"1334\" data-end=\"1727\">V\u00e9ritable paradis naturel, les <a href=\"https:\/\/cparici.com\/les-gorges-de-lardeche\/\"><strong data-start=\"1365\" data-end=\"1388\">gorges de l\u2019Ard\u00e8che<\/strong><\/a> commencent \u00e0 quelques kilom\u00e8tres de <strong data-start=\"1425\" data-end=\"1437\">Labeaume<\/strong>. Avec leurs falaises vertigineuses, leurs grottes et leurs belv\u00e9d\u00e8res spectaculaires, elles attirent randonneurs, grimpeurs et amateurs de cano\u00eb-kayak. Parcourir la route touristique des gorges est une exp\u00e9rience inoubliable, offrant des panoramas parmi les plus impressionnants de France.<\/p><h3 data-start=\"1734\" data-end=\"1754\">4. Le Pont d\u2019Arc<\/h3><p data-start=\"1756\" data-end=\"2078\">Situ\u00e9 pr\u00e8s de Vallon-Pont-d\u2019Arc, \u00e0 20 minutes de <strong data-start=\"1805\" data-end=\"1817\">Labeaume<\/strong>, le <a href=\"https:\/\/cparici.com\/vallon%e2%80%91pont%e2%80%91darc-la-merveille-naturelle-de-lardeche\/\"><strong data-start=\"1822\" data-end=\"1836\">Pont d\u2019Arc<\/strong><\/a> est une arche naturelle de 54 m\u00e8tres de haut creus\u00e9e par la rivi\u00e8re. Ce site embl\u00e9matique est un point de d\u00e9part privil\u00e9gi\u00e9 pour les descentes en cano\u00eb. C\u2019est aussi un lieu de baignade et de pique-nique appr\u00e9ci\u00e9 des familles, surtout en \u00e9t\u00e9.<\/p><h3 data-start=\"2085\" data-end=\"2111\">5. La grotte Chauvet 2<\/h3><p data-start=\"2113\" data-end=\"2489\">\u00c0 proximit\u00e9 du Pont d\u2019Arc, la <strong data-start=\"2143\" data-end=\"2163\">grotte Chauvet 2<\/strong> est la reproduction fid\u00e8le de la grotte Chauvet originale, inscrite au patrimoine mondial de l\u2019UNESCO. Elle pr\u00e9sente des peintures rupestres vieilles de 36 000 ans. Cette visite permet de comprendre l\u2019importance de l\u2019art pr\u00e9historique dans la r\u00e9gion et compl\u00e8te parfaitement la d\u00e9couverte culturelle commenc\u00e9e \u00e0 <strong data-start=\"2476\" data-end=\"2488\">Labeaume<\/strong>.<\/p><h3 data-start=\"2496\" data-end=\"2531\">6. Ruoms, cit\u00e9 m\u00e9di\u00e9vale anim\u00e9e<\/h3><p data-start=\"2533\" data-end=\"2901\">\u00c0 seulement 4 km de <strong data-start=\"2553\" data-end=\"2565\">Labeaume<\/strong>, <strong data-start=\"2567\" data-end=\"2576\">Ruoms<\/strong> est un bourg historique fond\u00e9 par des moines au Xe si\u00e8cle. Ses remparts, ses ruelles m\u00e9di\u00e9vales et ses caves troglodytiques en font une \u00e9tape pleine de charme. Chaque \u00e9t\u00e9, les march\u00e9s de producteurs et les soir\u00e9es anim\u00e9es attirent les visiteurs. C\u2019est aussi un point de d\u00e9part pratique pour explorer les gorges de l\u2019Ard\u00e8che.<\/p><h3 data-start=\"2908\" data-end=\"2936\">7. Les dolmens ard\u00e9chois<\/h3><p data-start=\"2938\" data-end=\"3297\">Les environs de <strong data-start=\"2954\" data-end=\"2966\">Labeaume<\/strong> abritent l\u2019une des plus fortes concentrations de <strong data-start=\"3016\" data-end=\"3027\">dolmens<\/strong> en France. Ces monuments m\u00e9galithiques, vieux de plusieurs mill\u00e9naires, sont accessibles par diff\u00e9rents sentiers balis\u00e9s. Une randonn\u00e9e autour de ces sites pr\u00e9historiques permet de plonger dans l\u2019histoire ancienne de l\u2019Ard\u00e8che, tout en profitant de paysages grandioses.<\/p><p data-start=\"3304\" data-end=\"3569\">Entre villages m\u00e9di\u00e9vaux, paysages spectaculaires et tr\u00e9sors pr\u00e9historiques, les alentours de <strong data-start=\"3401\" data-end=\"3413\">Labeaume<\/strong> offrent une diversit\u00e9 incomparable. Que vous soyez amateur de patrimoine, passionn\u00e9 de nature ou curieux d\u2019histoire, cette r\u00e9gion saura vous \u00e9merveiller.<\/p><h2 data-start=\"226\" data-end=\"261\">Foire aux Questions sur Labeaume<\/h2><h4 data-start=\"263\" data-end=\"290\">O\u00f9 se situe Labeaume ?<\/h4><p data-start=\"291\" data-end=\"474\"><strong data-start=\"291\" data-end=\"303\">Labeaume<\/strong> est un village du d\u00e9partement de l\u2019Ard\u00e8che, en r\u00e9gion Auvergne-Rh\u00f4ne-Alpes. Il se trouve \u00e0 quelques kilom\u00e8tres de Ruoms, dans la vall\u00e9e de la Beaume, au sud de la France.<\/p><h4 data-start=\"476\" data-end=\"511\">Comment se rendre \u00e0 Labeaume ?<\/h4><p data-start=\"512\" data-end=\"716\">On acc\u00e8de \u00e0 <strong data-start=\"524\" data-end=\"536\">Labeaume<\/strong> principalement en voiture, par la route d\u00e9partementale D111 depuis Ruoms. La gare la plus proche est \u00e0 Aubenas, et les a\u00e9roports de N\u00eemes et Montpellier sont les plus accessibles.<\/p><h4 data-start=\"718\" data-end=\"744\">Que voir \u00e0 Labeaume ?<\/h4><p data-start=\"745\" data-end=\"990\">Parmi les incontournables de <strong data-start=\"774\" data-end=\"786\">Labeaume<\/strong>, citons l\u2019\u00e9glise Saint-Pierre-aux-Liens, le pont submersible, les ruelles anciennes, les maisons troglodytiques et les jardins suspendus. Le festival Labeaume en Musiques est aussi une exp\u00e9rience unique.<\/p><h4 data-start=\"992\" data-end=\"1028\">Peut-on se baigner \u00e0 Labeaume ?<\/h4><p data-start=\"1029\" data-end=\"1204\">Oui, la rivi\u00e8re offre une <strong data-start=\"1055\" data-end=\"1074\">plage naturelle<\/strong> de sable et de galets. Bien que non surveill\u00e9e, elle est tr\u00e8s appr\u00e9ci\u00e9e en \u00e9t\u00e9. La qualit\u00e9 de l\u2019eau est g\u00e9n\u00e9ralement jug\u00e9e bonne.<\/p><h4 data-start=\"1206\" data-end=\"1258\">Quand a lieu le festival Labeaume en Musiques ?<\/h4><p data-start=\"1259\" data-end=\"1444\">Le festival <strong data-start=\"1271\" data-end=\"1295\">Labeaume en Musiques<\/strong> a lieu chaque \u00e9t\u00e9, g\u00e9n\u00e9ralement en juillet et ao\u00fbt, et propose une programmation vari\u00e9e allant de la musique classique aux cr\u00e9ations contemporaines.<\/p><h4 data-start=\"1446\" data-end=\"1504\">Quels sont les sites Natura 2000 autour de Labeaume ?<\/h4><p data-start=\"1505\" data-end=\"1705\"><strong data-start=\"1505\" data-end=\"1517\">Labeaume<\/strong> fait partie du site Natura 2000 \u201cMoyenne vall\u00e9e de l\u2019Ard\u00e8che et ses affluents\u201d, qui inclut les gorges de la Beaume et le plateau des Gras. Ces zones abritent une biodiversit\u00e9 remarquable.<\/p><h4 data-start=\"1707\" data-end=\"1750\">Y a-t-il des h\u00e9bergements \u00e0 Labeaume ?<\/h4><p data-start=\"1751\" data-end=\"1969\">Oui, on trouve \u00e0 <strong data-start=\"1768\" data-end=\"1780\">Labeaume<\/strong> et dans ses alentours de nombreux h\u00e9bergements : g\u00eetes, chambres d\u2019h\u00f4tes, campings et locations saisonni\u00e8res. Certains mettent en avant l\u2019\u00e9cotourisme et la pr\u00e9servation de l\u2019environnement.<\/p><h4 data-start=\"1971\" data-end=\"2031\">Quelle est la meilleure p\u00e9riode pour visiter Labeaume ?<\/h4><p data-start=\"2032\" data-end=\"2207\">Le printemps et l\u2019\u00e9t\u00e9 sont les saisons id\u00e9ales pour visiter <strong data-start=\"2092\" data-end=\"2104\">Labeaume<\/strong>. Le climat m\u00e9diterran\u00e9en permet de profiter des randonn\u00e9es, de la baignade et des festivals culturels.<\/p><h2 data-start=\"2214\" data-end=\"2227\">Conclusion<\/h2><p data-start=\"2229\" data-end=\"2697\">Entre patrimoine historique, nature pr\u00e9serv\u00e9e et vie culturelle intense, <strong data-start=\"2302\" data-end=\"2314\">Labeaume<\/strong> est un village ard\u00e9chois qui ne laisse personne indiff\u00e9rent. Ses ruelles m\u00e9di\u00e9vales, son pont submersible, ses jardins suspendus et sa plage au bord de la Beaume en font une destination \u00e0 la fois pittoresque et vivante. Le festival Labeaume en Musiques, le Mas Daudet et les sentiers de randonn\u00e9e compl\u00e8tent cette exp\u00e9rience unique, o\u00f9 authenticit\u00e9 et convivialit\u00e9 se rencontrent.<\/p><p data-start=\"2699\" data-end=\"3005\">Que vous soyez passionn\u00e9 d\u2019histoire, amateur de nature ou m\u00e9lomane, <strong data-start=\"2767\" data-end=\"2779\">Labeaume<\/strong> saura vous s\u00e9duire par son charme intemporel et son \u00e9nergie culturelle. Pour approfondir vos connaissances, vous pouvez en savoir plus <a class=\"decorated-link\" href=\"https:\/\/fr.wikipedia.org\/wiki\/Labeaume_%28Ard%C3%A8che%29?utm_source=chatgpt.com\" target=\"_new\" rel=\"noopener\" data-start=\"2915\" data-end=\"3002\">ici<\/a>.<\/p>\t\t\t\t\t\t\t\t<\/div>\n\t\t\t\t\t<\/div>\n\t\t\t\t<\/div>\n\t\t<aside class=\"elementor-element elementor-element-5ea88cb e-flex e-con-boxed e-con e-parent\" data-id=\"5ea88cb\" data-element_type=\"container\" data-e-type=\"container\">\n\t\t\t\t\t<div class=\"e-con-inner\">\n\t\t\t\t<div class=\"elementor-element elementor-element-a8fc1e6 elementor-widget elementor-widget-listeo-posts-grid\" data-id=\"a8fc1e6\" data-element_type=\"widget\" data-e-type=\"widget\" data-widget_type=\"listeo-posts-grid.default\">\n\t\t\t\t<div class=\"elementor-widget-container\">\n\t\t\t\t\t\t\t\n\t\t<div class=\"listeo-post-grid-wrapper\">\n\t\t\t<div class=\"row\">\n\n\t\t\t\n\n\t\t\t\t\t\t\t<div class=\"col-md-4\">\n                <a href=\"https:\/\/cparici.com\/de\/location-de-vacances-en-ardeche\/\" class=\"blog-compact-item-container\">\n                    <div class=\"blog-compact-item\">\n                        <img decoding=\"async\" width=\"577\" height=\"204\" src=\"https:\/\/cparici.com\/wp-content\/uploads\/2025\/08\/cparici-2025-08-26T161150.990-577x204.jpg\" class=\"attachment-listeo-blog-related-post size-listeo-blog-related-post wp-post-image\" alt=\"location de vacances en Ard\u00e8che\" srcset=\"https:\/\/cparici.com\/wp-content\/uploads\/2025\/08\/cparici-2025-08-26T161150.990-577x204.jpg 577w, https:\/\/cparici.com\/wp-content\/uploads\/2025\/08\/cparici-2025-08-26T161150.990-300x106.jpg 300w, https:\/\/cparici.com\/wp-content\/uploads\/2025\/08\/cparici-2025-08-26T161150.990-1024x362.jpg 1024w, https:\/\/cparici.com\/wp-content\/uploads\/2025\/08\/cparici-2025-08-26T161150.990-768x271.jpg 768w, https:\/\/cparici.com\/wp-content\/uploads\/2025\/08\/cparici-2025-08-26T161150.990-18x6.jpg 18w, https:\/\/cparici.com\/wp-content\/uploads\/2025\/08\/cparici-2025-08-26T161150.990-590x208.jpg 590w, https:\/\/cparici.com\/wp-content\/uploads\/2025\/08\/cparici-2025-08-26T161150.990-1200x424.jpg 1200w, https:\/\/cparici.com\/wp-content\/uploads\/2025\/08\/cparici-2025-08-26T161150.990-600x212.jpg 600w, https:\/\/cparici.com\/wp-content\/uploads\/2025\/08\/cparici-2025-08-26T161150.990.jpg 1500w\" sizes=\"(max-width: 577px) 100vw, 577px\" \/><span class=\"blog-item-tag\">Ard\u00e8che ( d\u00e9partement)<\/span>                        \n                        <div class=\"blog-compact-item-content\">\n                                                        <h3>Location de vacances en Ard\u00e8che<\/h3>\n                                                        <p>Recherches populaires Categories Pas de r\u00e9sultats Voir tous les r\u00e9sultats Location de vacances en Ard\u00e8che...                            <\/p>\n                                                    <\/div>\n                    <\/div>\n                <\/a>\n            <\/div>\n\t\t\t<div class=\"col-md-4\">\n                <a href=\"https:\/\/cparici.com\/de\/grospierres\/\" class=\"blog-compact-item-container\">\n                    <div class=\"blog-compact-item\">\n                        <img decoding=\"async\" width=\"577\" height=\"204\" src=\"https:\/\/cparici.com\/wp-content\/uploads\/2025\/08\/cparici-2025-08-28T144724.263-577x204.jpg\" class=\"attachment-listeo-blog-related-post size-listeo-blog-related-post wp-post-image\" alt=\"Grospierres vall\u00e9e Chassezac\" srcset=\"https:\/\/cparici.com\/wp-content\/uploads\/2025\/08\/cparici-2025-08-28T144724.263-577x204.jpg 577w, https:\/\/cparici.com\/wp-content\/uploads\/2025\/08\/cparici-2025-08-28T144724.263-300x106.jpg 300w, https:\/\/cparici.com\/wp-content\/uploads\/2025\/08\/cparici-2025-08-28T144724.263-1024x362.jpg 1024w, https:\/\/cparici.com\/wp-content\/uploads\/2025\/08\/cparici-2025-08-28T144724.263-768x271.jpg 768w, https:\/\/cparici.com\/wp-content\/uploads\/2025\/08\/cparici-2025-08-28T144724.263-18x6.jpg 18w, https:\/\/cparici.com\/wp-content\/uploads\/2025\/08\/cparici-2025-08-28T144724.263-590x208.jpg 590w, https:\/\/cparici.com\/wp-content\/uploads\/2025\/08\/cparici-2025-08-28T144724.263-1200x424.jpg 1200w, https:\/\/cparici.com\/wp-content\/uploads\/2025\/08\/cparici-2025-08-28T144724.263-600x212.jpg 600w, https:\/\/cparici.com\/wp-content\/uploads\/2025\/08\/cparici-2025-08-28T144724.263.jpg 1500w\" sizes=\"(max-width: 577px) 100vw, 577px\" \/><span class=\"blog-item-tag\">Ard\u00e8che ( d\u00e9partement)<\/span>                        \n                        <div class=\"blog-compact-item-content\">\n                                                        <h3>Grospierres, village ard\u00e9chois entre nature et patrimoine<\/h3>\n                                                        <p>Recherches populaires Categories Pas de r\u00e9sultats Voir tous les r\u00e9sultats Grospierres, village ard\u00e9chois entre nature...                            <\/p>\n                                                    <\/div>\n                    <\/div>\n                <\/a>\n            <\/div>\n\t\t\t<div class=\"col-md-4\">\n                <a href=\"https:\/\/cparici.com\/de\/gorges-de-la-beaume\/\" class=\"blog-compact-item-container\">\n                    <div class=\"blog-compact-item\">\n                        <img decoding=\"async\" width=\"577\" height=\"204\" src=\"https:\/\/cparici.com\/wp-content\/uploads\/2026\/02\/gorges-de-la-beaume-577x204.jpg\" class=\"attachment-listeo-blog-related-post size-listeo-blog-related-post wp-post-image\" alt=\"Gorges de la Beaume\" srcset=\"https:\/\/cparici.com\/wp-content\/uploads\/2026\/02\/gorges-de-la-beaume-577x204.jpg 577w, https:\/\/cparici.com\/wp-content\/uploads\/2026\/02\/gorges-de-la-beaume-300x106.jpg 300w, https:\/\/cparici.com\/wp-content\/uploads\/2026\/02\/gorges-de-la-beaume-1024x362.jpg 1024w, https:\/\/cparici.com\/wp-content\/uploads\/2026\/02\/gorges-de-la-beaume-768x271.jpg 768w, https:\/\/cparici.com\/wp-content\/uploads\/2026\/02\/gorges-de-la-beaume-18x6.jpg 18w, https:\/\/cparici.com\/wp-content\/uploads\/2026\/02\/gorges-de-la-beaume-590x208.jpg 590w, https:\/\/cparici.com\/wp-content\/uploads\/2026\/02\/gorges-de-la-beaume-1200x424.jpg 1200w, https:\/\/cparici.com\/wp-content\/uploads\/2026\/02\/gorges-de-la-beaume-600x212.jpg 600w, https:\/\/cparici.com\/wp-content\/uploads\/2026\/02\/gorges-de-la-beaume.jpg 1500w\" sizes=\"(max-width: 577px) 100vw, 577px\" \/><span class=\"blog-item-tag\">Ard\u00e8che ( d\u00e9partement)<\/span>                        \n                        <div class=\"blog-compact-item-content\">\n                                                        <h3>Gorges de la Beaume : tr\u00e9sor sauvage en Ard\u00e8che<\/h3>\n                                                        <p>Recherches populaires Categories Pas de r\u00e9sultats Voir tous les r\u00e9sultats Gorges de la Beaume :...                            <\/p>\n                                                    <\/div>\n                    <\/div>\n                <\/a>\n            <\/div>\n  <\/div>\n        <\/div>\n        \t\t\t\t<\/div>\n\t\t\t\t<\/div>\n\t\t\t\t\t<\/div>\n\t\t\t\t<\/aside>\n\t\t\t\t<\/div>\n\t\t","protected":false},"excerpt":{"rendered":"<p>Recherches populaires Categories Pas de r\u00e9sultats Voir tous les r\u00e9sultats Labeaume : charme, nature et patrimoine au c\u0153ur de l\u2019Ard\u00e8che Labeaume, ce charmant village de l\u2019Ard\u00e8che, vous accueille avec son ambiance typique du pays ard\u00e9chois, entre falaises calcaires et ruelles m\u00e9di\u00e9vales pleines de caract\u00e8re. Situ\u00e9 au c\u0153ur d\u2019un environnement naturel remarquable, Labeaume \u00e9voque une harmonie [&hellip;]<\/p>\n","protected":false},"author":97,"featured_media":69707,"comment_status":"closed","ping_status":"closed","sticky":false,"template":"","format":"standard","meta":{"ngg_post_thumbnail":0,"footnotes":""},"categories":[2787,1505,1167,477],"tags":[],"class_list":["post-69705","post","type-post","status-publish","format-standard","has-post-thumbnail","hentry","category-labeaume","category-ardeche-departement","category-auvergne-rhone-alpes","category-france"],"_links":{"self":[{"href":"https:\/\/cparici.com\/de\/wp-json\/wp\/v2\/posts\/69705","targetHints":{"allow":["GET"]}}],"collection":[{"href":"https:\/\/cparici.com\/de\/wp-json\/wp\/v2\/posts"}],"about":[{"href":"https:\/\/cparici.com\/de\/wp-json\/wp\/v2\/types\/post"}],"author":[{"embeddable":true,"href":"https:\/\/cparici.com\/de\/wp-json\/wp\/v2\/users\/97"}],"replies":[{"embeddable":true,"href":"https:\/\/cparici.com\/de\/wp-json\/wp\/v2\/comments?post=69705"}],"version-history":[{"count":0,"href":"https:\/\/cparici.com\/de\/wp-json\/wp\/v2\/posts\/69705\/revisions"}],"wp:featuredmedia":[{"embeddable":true,"href":"https:\/\/cparici.com\/de\/wp-json\/wp\/v2\/media\/69707"}],"wp:attachment":[{"href":"https:\/\/cparici.com\/de\/wp-json\/wp\/v2\/media?parent=69705"}],"wp:term":[{"taxonomy":"category","embeddable":true,"href":"https:\/\/cparici.com\/de\/wp-json\/wp\/v2\/categories?post=69705"},{"taxonomy":"post_tag","embeddable":true,"href":"https:\/\/cparici.com\/de\/wp-json\/wp\/v2\/tags?post=69705"}],"curies":[{"name":"wp","href":"https:\/\/api.w.org\/{rel}","templated":true}]}}