{"id":69774,"date":"2025-08-28T14:07:04","date_gmt":"2025-08-28T12:07:04","guid":{"rendered":"https:\/\/cparici.com\/?p=69774"},"modified":"2026-04-26T22:06:34","modified_gmt":"2026-04-26T20:06:34","slug":"balazuc","status":"publish","type":"post","link":"https:\/\/cparici.com\/de\/balazuc\/","title":{"rendered":"Balazuc: hoch gelegenes Dorf und sch\u00f6nstes Dorf Frankreichs"},"content":{"rendered":"\t\t<div data-elementor-type=\"wp-post\" data-elementor-id=\"69774\" class=\"elementor elementor-69774\" data-elementor-post-type=\"post\">\n\t\t\t\t<div class=\"elementor-element elementor-element-9ad1401 e-con-full e-flex e-con e-parent\" data-id=\"9ad1401\" data-element_type=\"container\" data-e-type=\"container\">\n\t\t\t\t<div class=\"elementor-element elementor-element-8c7957b elementor-widget elementor-widget-image\" data-id=\"8c7957b\" data-element_type=\"widget\" data-e-type=\"widget\" data-widget_type=\"image.default\">\n\t\t\t\t\t\t\t\t\t\t\t\t\t\t\t<img decoding=\"async\" width=\"1500\" height=\"530\" src=\"https:\/\/cparici.com\/wp-content\/uploads\/2025\/08\/cparici-2025-08-27T180431.971.jpg\" class=\"attachment-full size-full wp-image-69775\" alt=\"Balazuc\" srcset=\"https:\/\/cparici.com\/wp-content\/uploads\/2025\/08\/cparici-2025-08-27T180431.971.jpg 1500w, https:\/\/cparici.com\/wp-content\/uploads\/2025\/08\/cparici-2025-08-27T180431.971-300x106.jpg 300w, https:\/\/cparici.com\/wp-content\/uploads\/2025\/08\/cparici-2025-08-27T180431.971-1024x362.jpg 1024w, https:\/\/cparici.com\/wp-content\/uploads\/2025\/08\/cparici-2025-08-27T180431.971-768x271.jpg 768w, https:\/\/cparici.com\/wp-content\/uploads\/2025\/08\/cparici-2025-08-27T180431.971-18x6.jpg 18w, https:\/\/cparici.com\/wp-content\/uploads\/2025\/08\/cparici-2025-08-27T180431.971-590x208.jpg 590w, https:\/\/cparici.com\/wp-content\/uploads\/2025\/08\/cparici-2025-08-27T180431.971-1200x424.jpg 1200w, https:\/\/cparici.com\/wp-content\/uploads\/2025\/08\/cparici-2025-08-27T180431.971-577x204.jpg 577w, https:\/\/cparici.com\/wp-content\/uploads\/2025\/08\/cparici-2025-08-27T180431.971-600x212.jpg 600w\" sizes=\"(max-width: 1500px) 100vw, 1500px\" \/>\t\t\t\t\t\t\t\t\t\t\t\t\t\t\t<\/div>\n\t\t\t\t<\/div>\n\t\t<aside class=\"elementor-element elementor-element-c08d06b e-flex e-con-boxed e-con e-parent\" data-id=\"c08d06b\" data-element_type=\"container\" data-e-type=\"container\">\n\t\t\t\t\t<div class=\"e-con-inner\">\n\t\t\t\t<div class=\"elementor-element elementor-element-c88dddf elementor-widget elementor-widget-global elementor-global-62046 elementor-widget-eael-advanced-search\" data-id=\"c88dddf\" data-element_type=\"widget\" data-e-type=\"widget\" data-widget_type=\"eael-advanced-search.default\">\n\t\t\t\t\t        <div class=\"eael-adv-search-wrapper\">\n            <div id=\"eael-advanced-search-widget-c88dddf\" class=\"eael-advanced-search-widget\">\n                <form data-settings=\"{&quot;post_per_page&quot;:5,&quot;search_among_taxonomies&quot;:&quot;&quot;,&quot;search_among_sku&quot;:&quot;no&quot;,&quot;show_popular_keyword&quot;:0,&quot;show_category&quot;:0,&quot;show_content_image&quot;:1,&quot;show_search_result_all_results&quot;:0,&quot;result_on_new_tab&quot;:&quot;no&quot;,&quot;show_product_price&quot;:&quot;no&quot;,&quot;include_current_page&quot;:&quot;no&quot;,&quot;current_post_id&quot;:69774,&quot;post_type&quot;:[&quot;post&quot;,&quot;listing&quot;]}\" method=\"POST\" name=\"eael-advanced-search-form-c88dddf\" class=\"eael-advanced-search-form eael-advanced-search-form-style-2\">\n                    <div class=\"eael-advanced-search-wrap\">\n                        <span class=\"eael-adv-search-loader\"><\/span>\n                        <span class=\"eael-adv-search-close\"><i class=\"fas fa-times\"><\/i><\/span>\n                        <span class=\"icon \"><i class=\"fas fa-search\"><\/i><\/span>\n\n                        <input type=\"text\"\n                               placeholder=\"Votre destination\"\n                               class=\"eael-advanced-search\" autocomplete=\"off\" name=\"eael_advanced_search\">\n                    <\/div>\n\t\t\t\t\t                                    <\/form>\n\n\t\t\t\t\n\t\t\t\t        <div class=\"eael-advanced-search-result\">\n            <div class=\"eael-advanced-search-popular-keyword\">\n\t\t\t\t<h4 class=\"eael-advanced-search-popular-keyword-text\">Recherches populaires<\/h4>                <div class=\"eael-popular-keyword-content\"><\/div>\n            <\/div>\n            <div class=\"eael-advanced-search-category\">\n\t\t\t\t<h4 class=\"eael-advanced-search-category-text\">Categories<\/h4>                <div class=\"eael-popular-category-content\"><\/div>\n            <\/div>\n\t\t\t<div class=\"eael-advanced-search-total-results-section\">\n\t\t\t\t\t\t\t<\/div>\n            <div class=\"eael-advanced-search-content eael-item-style-3\">\n            <\/div>\n            <div class=\"eael-advanced-search-not-found\">\n                <p>Pas de r\u00e9sultats<\/p><\/div>\n            <div class=\"eael-advanced-search-load-more\">\n\t\t\t\t<a \tclass=\"eael-advanced-search-load-more-button\"\n                \thref=\"#\">Voir tous les r\u00e9sultats<\/a>\n            <\/div>\n        <\/div>\n\n\t\t            <\/div>\n        <\/div>\n\n\t\t\t\t\t\t<\/div>\n\t\t\t\t\t<\/div>\n\t\t\t\t<\/aside>\n\t\t<div class=\"elementor-element elementor-element-3f89a e-flex e-con-boxed e-con e-parent\" data-id=\"3f89a\" data-element_type=\"container\" data-e-type=\"container\">\n\t\t\t\t\t<div class=\"e-con-inner\">\n\t\t\t\t<div class=\"elementor-element elementor-element-f8fbbd1 elementor-widget elementor-widget-text-editor\" data-id=\"f8fbbd1\" data-element_type=\"widget\" data-e-type=\"widget\" data-widget_type=\"text-editor.default\">\n\t\t\t\t\t\t\t\t\t<h1 style=\"text-align: center;\">Balazuc : village perch\u00e9 et plus beau village de France<\/h1><p><strong data-start=\"317\" data-end=\"328\">Balazuc<\/strong> est un village m\u00e9di\u00e9val perch\u00e9 sur une falaise au-dessus de la rivi\u00e8re <a href=\"https:\/\/cparici.com\/ardeche-departement\/\">Ard\u00e8che<\/a>, class\u00e9 parmi <em data-start=\"422\" data-end=\"457\">Les Plus Beaux Villages de France<\/em>. Situ\u00e9 au c\u0153ur du d\u00e9partement, ce joyau architectural et naturel attire chaque ann\u00e9e de nombreux visiteurs en qu\u00eate d\u2019authenticit\u00e9. Ce bourg pittoresque s\u00e9duit par ses ruelles pav\u00e9es, son patrimoine pr\u00e9serv\u00e9 et son cadre exceptionnel qui r\u00e9sume toute la richesse <strong data-start=\"721\" data-end=\"732\">du pays<\/strong> ard\u00e9chois (<a class=\"decorated-link\" href=\"https:\/\/cparici.com\/fr\/visiter-la-france-guide-des-regions-et-sites-touristiques\" target=\"_new\" rel=\"noopener\" data-start=\"744\" data-end=\"858\">voir guide touristique complet<\/a>).<\/p><h2 data-start=\"869\" data-end=\"895\">Contexte et g\u00e9ographie<\/h2><h3 data-start=\"897\" data-end=\"932\">Localisation et cadre naturel<\/h3><p data-start=\"933\" data-end=\"1484\"><strong data-start=\"933\" data-end=\"944\">Balazuc<\/strong> se trouve en Ard\u00e8che m\u00e9ridionale, dans la r\u00e9gion <a href=\"https:\/\/cparici.com\/auvergne-rhone-alpes\/\">Auvergne-Rh\u00f4ne-Alpes<\/a>. Perch\u00e9 sur une falaise calcaire dominant la rivi\u00e8re Ard\u00e8che, il offre une vue spectaculaire sur la vall\u00e9e. Sa situation en bord de rivi\u00e8re en fait une \u00e9tape pris\u00e9e pour les amateurs de baignade, de cano\u00eb et de randonn\u00e9es. Le village appartient \u00e0 la communaut\u00e9 de communes des Gorges de l\u2019Ard\u00e8che, renfor\u00e7ant son r\u00f4le de carrefour touristique. Ce site est \u00e9galement int\u00e9gr\u00e9 dans le r\u00e9seau <strong data-start=\"1404\" data-end=\"1419\">Natura 2000<\/strong>, garantissant la pr\u00e9servation de sa biodiversit\u00e9 exceptionnelle.<\/p><h3 data-start=\"1486\" data-end=\"1510\">Relief et paysages<\/h3><p data-start=\"1511\" data-end=\"1977\">Le relief de <strong data-start=\"1524\" data-end=\"1535\">Balazuc<\/strong> varie entre 113 et 379 m d\u2019altitude, ce qui cr\u00e9e des panoramas contrast\u00e9s. Les falaises abruptes alternent avec des terrasses agricoles, des bois m\u00e9diterran\u00e9ens et des plaines alluviales. Les <strong data-start=\"1728\" data-end=\"1754\">for\u00eats de ch\u00eanes verts<\/strong>, les garrigues et les prairies constituent une grande partie du paysage. Cette diversit\u00e9 de milieux naturels attire de nombreuses esp\u00e8ces animales, notamment la loutre et le castor, embl\u00e9matiques de la vall\u00e9e de l\u2019Ard\u00e8che.<\/p><h3 data-start=\"1979\" data-end=\"2008\">Climat et environnement<\/h3><p data-start=\"2009\" data-end=\"2558\">Le climat de <strong data-start=\"2022\" data-end=\"2033\">Balazuc<\/strong> est de type m\u00e9diterran\u00e9en montagnard, caract\u00e9ris\u00e9 par des \u00e9t\u00e9s chauds et secs et des hivers doux. Le mistral souffle parfois avec intensit\u00e9, rendant l\u2019air plus sec et clair. Cette m\u00e9t\u00e9o particuli\u00e8re favorise une flore adapt\u00e9e, compos\u00e9e d\u2019oliviers, de vignes et de lavande. Le village b\u00e9n\u00e9ficie d\u2019un ensoleillement g\u00e9n\u00e9reux, propice aux activit\u00e9s de plein air. Les paysages environnants sont class\u00e9s comme \u00ab Zone naturelle d\u2019int\u00e9r\u00eat \u00e9cologique, faunistique et floristique (ZNIEFF) \u00bb, t\u00e9moignant de leur importance \u00e9cologique.<\/p><h2 data-start=\"86\" data-end=\"134\">Top 10 des incontournables autour de Balazuc<\/h2><h3 data-start=\"136\" data-end=\"167\">1. Le Mus\u00e9um de l\u2019Ard\u00e8che<\/h3><p data-start=\"168\" data-end=\"242\"><span class=\"relative -mx-px my-[-0.2rem] rounded px-px py-[0.2rem] transition-colors duration-100 ease-in-out\">Un mus\u00e9e de pal\u00e9ontologie exceptionnel o\u00f9 pr\u00e8s de <strong data-start=\"50\" data-end=\"71\">80\u202f% des fossiles<\/strong> viennent de l\u2019Ard\u00e8che. Il propose des expositions, ateliers de fouilles, balades g\u00e9ologiques et soir\u00e9es astronomiques.<\/span><\/p><h3 data-start=\"244\" data-end=\"271\">2. Le pont de Balazuc<\/h3><p data-start=\"272\" data-end=\"346\"><span class=\"relative -mx-px my-[-0.2rem] rounded px-px py-[0.2rem] transition-colors duration-100 ease-in-out\">Construit \u00e0 la fin du XIX\u1d49 si\u00e8cle, il relie le village \u00e0 la rive oppos\u00e9e et offre un <strong data-start=\"85\" data-end=\"111\">panorama spectaculaire<\/strong> sur les gorges.<\/span><a href=\"https:\/\/cparici.com\/wp-content\/uploads\/2025\/08\/cparici-2025-08-28T135455.257.jpg\"><img decoding=\"async\" class=\"aligncenter wp-image-69777 size-full\" src=\"https:\/\/cparici.com\/wp-content\/uploads\/2025\/08\/cparici-2025-08-28T135455.257.jpg\" alt=\"Pont de Balazuc\" width=\"1500\" height=\"530\" srcset=\"https:\/\/cparici.com\/wp-content\/uploads\/2025\/08\/cparici-2025-08-28T135455.257.jpg 1500w, https:\/\/cparici.com\/wp-content\/uploads\/2025\/08\/cparici-2025-08-28T135455.257-300x106.jpg 300w, https:\/\/cparici.com\/wp-content\/uploads\/2025\/08\/cparici-2025-08-28T135455.257-1024x362.jpg 1024w, https:\/\/cparici.com\/wp-content\/uploads\/2025\/08\/cparici-2025-08-28T135455.257-768x271.jpg 768w, https:\/\/cparici.com\/wp-content\/uploads\/2025\/08\/cparici-2025-08-28T135455.257-18x6.jpg 18w, https:\/\/cparici.com\/wp-content\/uploads\/2025\/08\/cparici-2025-08-28T135455.257-590x208.jpg 590w, https:\/\/cparici.com\/wp-content\/uploads\/2025\/08\/cparici-2025-08-28T135455.257-1200x424.jpg 1200w, https:\/\/cparici.com\/wp-content\/uploads\/2025\/08\/cparici-2025-08-28T135455.257-577x204.jpg 577w, https:\/\/cparici.com\/wp-content\/uploads\/2025\/08\/cparici-2025-08-28T135455.257-600x212.jpg 600w\" sizes=\"(max-width: 1500px) 100vw, 1500px\" \/><\/a><\/p><h3 data-start=\"348\" data-end=\"381\">3. Le hameau du Vieil-Audon<\/h3><p data-start=\"382\" data-end=\"456\"><span class=\"relative -mx-px my-[-0.2rem] rounded px-px py-[0.2rem] transition-colors duration-100 ease-in-out\">Un lieu unique accessible uniquement \u00e0 pied depuis Balazuc. Ce <strong data-start=\"63\" data-end=\"99\">village \u00e9cologique et coop\u00e9ratif<\/strong> restaur\u00e9 depuis les ann\u00e9es 1970 incarne un mode de vie alternatif inspirant.<\/span><\/p><h3 data-start=\"458\" data-end=\"489\">4. La Maison des Artisans<\/h3><p data-start=\"490\" data-end=\"564\"><span class=\"relative -mx-px my-[-0.2rem] rounded px-px py-[0.2rem] transition-colors duration-100 ease-in-out\">Offrant artisanat local (poterie, sp\u00e9cialit\u00e9s gourmandes\u2026), ce lieu convivial est parfait pour se rafra\u00eechir tout en d\u00e9couvrant les talents du terroir.<\/span><\/p><h3 data-start=\"566\" data-end=\"609\">5. Promenade dans le village m\u00e9di\u00e9val<\/h3><p data-start=\"610\" data-end=\"688\"><span class=\"relative -mx-px my-[-0.2rem] rounded px-px py-[0.2rem] transition-colors duration-100 ease-in-out\">Fl\u00e2nez dans les <strong data-start=\"16\" data-end=\"34\">ruelles pav\u00e9es<\/strong>, d\u00e9couvrez les vestiges fortifi\u00e9s, les passages vo\u00fbt\u00e9s, l\u2019\u00e9glise romane\u2026 Balazuc est un v\u00e9ritable voyage dans le temps.<\/span><\/p><h3 data-start=\"690\" data-end=\"724\">6. Cano\u00eb-kayak sur l\u2019Ard\u00e8che<\/h3><p data-start=\"725\" data-end=\"803\"><span class=\"relative -mx-px my-[-0.2rem] rounded px-px py-[0.2rem] transition-colors duration-100 ease-in-out\">Tr\u00e8s pris\u00e9e, la <strong data-start=\"16\" data-end=\"46\">descente en cano\u00eb ou <a href=\"https:\/\/cparici.com\/kayak-canoe-kayak\/\">kayak<\/a><\/strong> vous permet d\u2019admirer les falaises vertigineuses des gorges depuis la rivi\u00e8re, en toute libert\u00e9.<\/span><\/p><h3 data-start=\"805\" data-end=\"842\">7. Visiter les villages voisins<\/h3><p data-start=\"843\" data-end=\"921\"><span class=\"relative -mx-px my-[-0.2rem] rounded px-px py-[0.2rem] transition-colors duration-100 ease-in-out\">Partez \u00e0 la d\u00e9couverte de <a href=\"https:\/\/cparici.com\/labeaume\/\"><strong data-start=\"26\" data-end=\"38\">Labeaume<\/strong><\/a>, <a href=\"https:\/\/cparici.com\/vallon%e2%80%91pont%e2%80%91darc-la-merveille-naturelle-de-lardeche\/\"><strong data-start=\"40\" data-end=\"61\">Vallon-Pont-d\u2019Arc<\/strong><\/a>, <strong data-start=\"63\" data-end=\"79\">Saint\u2011Montan<\/strong>, <strong data-start=\"81\" data-end=\"90\">Ruoms<\/strong>, <strong data-start=\"92\" data-end=\"118\">Saint\u2011Martin\u2011d\u2019Ard\u00e8che<\/strong>, <strong data-start=\"120\" data-end=\"131\">Viviers<\/strong>\u2026 tous proches et tr\u00e8s typiques de la r\u00e9gion.<\/span><\/p><h3 data-start=\"923\" data-end=\"960\">8. La Grotte Chauvet-Pont d\u2019Arc<\/h3><p data-start=\"961\" data-end=\"1039\"><span class=\"relative -mx-px my-[-0.2rem] rounded px-px py-[0.2rem] transition-colors duration-100 ease-in-out\">\u00c0 environ 12\u202fkm, <a href=\"https:\/\/cparici.com\/grotte-chauvet\/\">ce chef\u2011d\u2019\u0153uvre de l\u2019art pari\u00e9tal<\/a> pr\u00e9historique est un site sensationnel, parmi les plus c\u00e9l\u00e8bres de l\u2019Ard\u00e8che.<\/span><\/p><h3 data-start=\"1041\" data-end=\"1085\">9. Le Parc naturel des Monts d\u2019Ard\u00e8che<\/h3><p data-start=\"1086\" data-end=\"1164\"><span class=\"relative -mx-px my-[-0.2rem] rounded px-px py-[0.2rem] transition-colors duration-100 ease-in-out\">Un espace sauvage \u00e0 explorer \u00e0 pied ou \u00e0 v\u00e9lo, riche en patrimoine naturel et b\u00e2ti, \u00e0 moins de 20 km de Balazuc.<\/span><\/p><h3 data-start=\"1166\" data-end=\"1214\">10. L\u2019Aven d\u2019Orgnac et le Bois de Pa\u00efolive<\/h3><p data-start=\"1215\" data-end=\"1374\"><span class=\"relative -mx-px my-[-0.2rem] rounded px-px py-[0.2rem] transition-colors duration-100 ease-in-out\">\u2014 <strong data-start=\"2\" data-end=\"21\">L\u2019Aven d\u2019Orgnac<\/strong> (\u00e0 21 km) : une grotte grandiose orn\u00e9e de concr\u00e9tions f\u00e9\u00e9riques<\/span><br data-start=\"1293\" data-end=\"1296\" \/><span class=\"relative -mx-px my-[-0.2rem] rounded px-px py-[0.2rem] transition-colors duration-100 ease-in-out\">\u2014 <strong data-start=\"2\" data-end=\"25\">Le bois de Pa\u00efolive<\/strong> (\u00e0 ~20 km) : une for\u00eat aux sculptures naturelles \u00e9tonnantes, id\u00e9ale pour les randonn\u00e9es.<\/span><\/p><h2 data-start=\"1381\" data-end=\"1411\">R\u00e9sum\u00e9 des incontournables<\/h2><div class=\"_tableContainer_sk2ct_1\"><div class=\"_tableWrapper_sk2ct_13 group flex w-fit flex-col-reverse\" tabindex=\"-1\"><table class=\"w-fit min-w-(--thread-content-width)\" data-start=\"1413\" data-end=\"2611\"><thead data-start=\"1413\" data-end=\"1512\"><tr data-start=\"1413\" data-end=\"1512\"><th data-start=\"1413\" data-end=\"1417\" data-col-size=\"sm\">#<\/th><th data-start=\"1417\" data-end=\"1459\" data-col-size=\"sm\">Activit\u00e9 \/ Lieu<\/th><th data-start=\"1459\" data-end=\"1512\" data-col-size=\"md\">Pourquoi y aller<\/th><\/tr><\/thead><tbody data-start=\"1613\" data-end=\"2611\"><tr data-start=\"1613\" data-end=\"1712\"><td data-start=\"1613\" data-end=\"1617\" data-col-size=\"sm\">1<\/td><td data-start=\"1617\" data-end=\"1659\" data-col-size=\"sm\">Mus\u00e9um de l\u2019Ard\u00e8che<\/td><td data-start=\"1659\" data-end=\"1712\" data-col-size=\"md\">Fossiles, ateliers, balades &amp; astronomie<\/td><\/tr><tr data-start=\"1713\" data-end=\"1812\"><td data-start=\"1713\" data-end=\"1717\" data-col-size=\"sm\">2<\/td><td data-start=\"1717\" data-end=\"1759\" data-col-size=\"sm\">Pont de Balazuc<\/td><td data-start=\"1759\" data-end=\"1812\" data-col-size=\"md\">Vue spectaculaire sur les gorges<\/td><\/tr><tr data-start=\"1813\" data-end=\"1912\"><td data-start=\"1813\" data-end=\"1817\" data-col-size=\"sm\">3<\/td><td data-start=\"1817\" data-end=\"1859\" data-col-size=\"sm\">Vieil-Audon<\/td><td data-start=\"1859\" data-end=\"1912\" data-col-size=\"md\">Hameau \u00e9cologique et restaur\u00e9<\/td><\/tr><tr data-start=\"1913\" data-end=\"2012\"><td data-start=\"1913\" data-end=\"1917\" data-col-size=\"sm\">4<\/td><td data-start=\"1917\" data-end=\"1959\" data-col-size=\"sm\">Maison des Artisans<\/td><td data-start=\"1959\" data-end=\"2012\" data-col-size=\"md\">Artisanat local et d\u00e9tente<\/td><\/tr><tr data-start=\"2013\" data-end=\"2112\"><td data-start=\"2013\" data-end=\"2017\" data-col-size=\"sm\">5<\/td><td data-start=\"2017\" data-end=\"2059\" data-col-size=\"sm\">Village m\u00e9di\u00e9val<\/td><td data-start=\"2059\" data-end=\"2112\" data-col-size=\"md\">Charme historique des ruelles et monuments<\/td><\/tr><tr data-start=\"2113\" data-end=\"2211\"><td data-start=\"2113\" data-end=\"2117\" data-col-size=\"sm\">6<\/td><td data-start=\"2117\" data-end=\"2158\" data-col-size=\"sm\">Cano\u00eb-Kayak<\/td><td data-start=\"2158\" data-end=\"2211\" data-col-size=\"md\">Descente de rivi\u00e8re dans les gorges<\/td><\/tr><tr data-start=\"2212\" data-end=\"2311\"><td data-start=\"2212\" data-end=\"2216\" data-col-size=\"sm\">7<\/td><td data-start=\"2216\" data-end=\"2258\" data-col-size=\"sm\">Villages voisins<\/td><td data-start=\"2258\" data-end=\"2311\" data-col-size=\"md\">D\u00e9couverte culturelle et architecturale<\/td><\/tr><tr data-start=\"2312\" data-end=\"2411\"><td data-start=\"2312\" data-end=\"2316\" data-col-size=\"sm\">8<\/td><td data-start=\"2316\" data-end=\"2358\" data-col-size=\"sm\">Grotte Chauvet-Pont d\u2019Arc<\/td><td data-col-size=\"md\" data-start=\"2358\" data-end=\"2411\">Art pr\u00e9historique exceptionnel<\/td><\/tr><tr data-start=\"2412\" data-end=\"2511\"><td data-start=\"2412\" data-end=\"2416\" data-col-size=\"sm\">9<\/td><td data-start=\"2416\" data-end=\"2458\" data-col-size=\"sm\">Parc des Monts d\u2019Ard\u00e8che<\/td><td data-start=\"2458\" data-end=\"2511\" data-col-size=\"md\">Nature sauvage et paysage \u00e0 explorer<\/td><\/tr><tr data-start=\"2512\" data-end=\"2611\"><td data-start=\"2512\" data-end=\"2516\" data-col-size=\"sm\">10<\/td><td data-start=\"2516\" data-end=\"2558\" data-col-size=\"sm\">Aven d\u2019Orgnac &amp; Bois de Pa\u00efolive<\/td><td data-start=\"2558\" data-end=\"2611\" data-col-size=\"md\">Grottes f\u00e9\u00e9riques et for\u00eat myst\u00e9rieuse<\/td><\/tr><\/tbody><\/table><div>\u00a0<\/div><figure id=\"attachment_69778\" aria-describedby=\"caption-attachment-69778\" style=\"width: 1500px\" class=\"wp-caption aligncenter\"><a href=\"https:\/\/cparici.com\/wp-content\/uploads\/2025\/08\/cparici-2025-08-28T135815.133.jpg\"><img decoding=\"async\" class=\"wp-image-69778 size-full\" src=\"https:\/\/cparici.com\/wp-content\/uploads\/2025\/08\/cparici-2025-08-28T135815.133.jpg\" alt=\"Vue sur le village de Balzazuc\" width=\"1500\" height=\"530\" srcset=\"https:\/\/cparici.com\/wp-content\/uploads\/2025\/08\/cparici-2025-08-28T135815.133.jpg 1500w, https:\/\/cparici.com\/wp-content\/uploads\/2025\/08\/cparici-2025-08-28T135815.133-300x106.jpg 300w, https:\/\/cparici.com\/wp-content\/uploads\/2025\/08\/cparici-2025-08-28T135815.133-1024x362.jpg 1024w, https:\/\/cparici.com\/wp-content\/uploads\/2025\/08\/cparici-2025-08-28T135815.133-768x271.jpg 768w, https:\/\/cparici.com\/wp-content\/uploads\/2025\/08\/cparici-2025-08-28T135815.133-18x6.jpg 18w, https:\/\/cparici.com\/wp-content\/uploads\/2025\/08\/cparici-2025-08-28T135815.133-590x208.jpg 590w, https:\/\/cparici.com\/wp-content\/uploads\/2025\/08\/cparici-2025-08-28T135815.133-1200x424.jpg 1200w, https:\/\/cparici.com\/wp-content\/uploads\/2025\/08\/cparici-2025-08-28T135815.133-577x204.jpg 577w, https:\/\/cparici.com\/wp-content\/uploads\/2025\/08\/cparici-2025-08-28T135815.133-600x212.jpg 600w\" sizes=\"(max-width: 1500px) 100vw, 1500px\" \/><\/a><figcaption id=\"caption-attachment-69778\" class=\"wp-caption-text\">Vue sur le village de Balzazuc<\/figcaption><\/figure><\/div><\/div><h2 data-start=\"121\" data-end=\"147\">Histoire et patrimoine<\/h2><h3 data-start=\"149\" data-end=\"196\">Des origines pr\u00e9historiques \u00e0 l\u2019Antiquit\u00e9<\/h3><p data-start=\"197\" data-end=\"832\">L\u2019histoire de <strong data-start=\"211\" data-end=\"222\">Balazuc<\/strong> remonte \u00e0 la <strong data-start=\"236\" data-end=\"251\">pr\u00e9histoire<\/strong>. Des traces d\u2019occupation humaine y ont \u00e9t\u00e9 retrouv\u00e9es d\u00e8s le <strong data-start=\"313\" data-end=\"330\">Pal\u00e9olithique<\/strong>, notamment des vestiges attribu\u00e9s \u00e0 l\u2019homme de N\u00e9andertal. Plus tard, au <strong data-start=\"404\" data-end=\"419\">N\u00e9olithique<\/strong>, les premi\u00e8res communaut\u00e9s agricoles se sont install\u00e9es sur ces terres fertiles, profitant de la proximit\u00e9 de la rivi\u00e8re Ard\u00e8che. Le nom \u00ab Balazuc \u00bb viendrait du mot gaulois <em data-start=\"594\" data-end=\"605\">Baladunum<\/em>, qui signifie \u00ab forteresse sur le rocher \u00bb, preuve de l\u2019importance strat\u00e9gique du site d\u00e8s l\u2019Antiquit\u00e9. \u00c0 l\u2019\u00e9poque gallo-romaine, une voie traversait d\u00e9j\u00e0 le territoire, facilitant les \u00e9changes commerciaux entre les vall\u00e9es.<\/p><p data-start=\"834\" data-end=\"985\">Parmi les t\u00e9moignages anciens, un <strong data-start=\"868\" data-end=\"896\">sarcophage pal\u00e9ochr\u00e9tien<\/strong> est encore visible sous la mairie, rappelant la christianisation pr\u00e9coce de la r\u00e9gion.<\/p><h3 data-start=\"992\" data-end=\"1032\">Le Moyen \u00c2ge et les fortifications<\/h3><p data-start=\"1033\" data-end=\"1460\">Au <strong data-start=\"1036\" data-end=\"1049\">Moyen \u00c2ge<\/strong>, <strong data-start=\"1051\" data-end=\"1062\">Balazuc<\/strong> devient une v\u00e9ritable <strong data-start=\"1085\" data-end=\"1100\">place forte<\/strong>. Perch\u00e9 sur son \u00e9peron rocheux, le village se prot\u00e8ge derri\u00e8re de puissants remparts. Le <strong data-start=\"1190\" data-end=\"1212\">ch\u00e2teau de Balazuc<\/strong>, dont le donjon carr\u00e9 date du XII\u1d49 si\u00e8cle, domine toujours les ruelles. Ses extensions successives aux XIV\u1d49 et XV\u1d49 si\u00e8cles t\u00e9moignent de la prosp\u00e9rit\u00e9 de l\u2019\u00e9poque. Aujourd\u2019hui, il est class\u00e9 monument historique et transform\u00e9 en r\u00e9sidence priv\u00e9e.<\/p><p data-start=\"1462\" data-end=\"1918\">Les ruelles pav\u00e9es, appel\u00e9es <strong data-start=\"1491\" data-end=\"1502\">calades<\/strong>, serpentent autour de maisons m\u00e9di\u00e9vales en pierre, reli\u00e9es par des passages vo\u00fbt\u00e9s. La <strong data-start=\"1591\" data-end=\"1615\">Porte de la Sabli\u00e8re<\/strong>, vestige des anciennes murailles, rappelle le r\u00f4le d\u00e9fensif du bourg. \u00c0 l\u2019int\u00e9rieur, l\u2019<strong data-start=\"1703\" data-end=\"1730\">\u00e9glise Sainte-Madeleine<\/strong>, d\u2019origine romane (XI\u1d49 si\u00e8cle), conserve son ch\u0153ur ancien et abrite d\u00e9sormais des vitraux contemporains r\u00e9alis\u00e9s par l\u2019artiste <strong data-start=\"1858\" data-end=\"1868\">Yankel<\/strong>, mariant patrimoine ancien et cr\u00e9ation moderne.<\/p><h3 data-start=\"1925\" data-end=\"1974\">Monuments embl\u00e9matiques et lieux de m\u00e9moire<\/h3><p data-start=\"1975\" data-end=\"2035\">Parmi les \u00e9difices marquants de <strong data-start=\"2007\" data-end=\"2018\">Balazuc<\/strong>, on retrouve :<\/p><ul data-start=\"2036\" data-end=\"2391\"><li data-start=\"2036\" data-end=\"2108\"><p data-start=\"2038\" data-end=\"2108\"><strong data-start=\"2038\" data-end=\"2068\">La Tour de la Reine Jeanne<\/strong>, vestige d\u00e9fensif dominant la vall\u00e9e.<\/p><\/li><li data-start=\"2109\" data-end=\"2254\"><p data-start=\"2111\" data-end=\"2254\"><strong data-start=\"2111\" data-end=\"2129\">Le Vieil-Audon<\/strong>, hameau accessible uniquement \u00e0 pied, restaur\u00e9 par des b\u00e9n\u00e9voles depuis les ann\u00e9es 1970 et symbole d\u2019un patrimoine vivant.<\/p><\/li><li data-start=\"2255\" data-end=\"2391\"><p data-start=\"2257\" data-end=\"2391\">Des <strong data-start=\"2261\" data-end=\"2285\">chapelles fun\u00e9raires<\/strong> et croix de pierre, \u00e9parpill\u00e9es autour du village, qui t\u00e9moignent de la ferveur religieuse d\u2019autrefois.<\/p><\/li><\/ul><p data-start=\"2393\" data-end=\"2607\">Ce patrimoine architectural exceptionnel, associ\u00e9 \u00e0 la beaut\u00e9 naturelle du site, a valu \u00e0 <strong data-start=\"2483\" data-end=\"2494\">Balazuc<\/strong> son classement parmi <a href=\"https:\/\/cparici.com\/plus-beau-village-de-france\/\"><em data-start=\"2516\" data-end=\"2551\">Les Plus Beaux Villages de France<\/em><\/a> et son inscription au label \u00ab Village de caract\u00e8re \u00bb.<\/p><figure id=\"attachment_69780\" aria-describedby=\"caption-attachment-69780\" style=\"width: 1500px\" class=\"wp-caption aligncenter\"><a href=\"https:\/\/cparici.com\/wp-content\/uploads\/2025\/08\/cparici-2025-08-28T140245.268.jpg\"><img decoding=\"async\" class=\"wp-image-69780 size-full\" src=\"https:\/\/cparici.com\/wp-content\/uploads\/2025\/08\/cparici-2025-08-28T140245.268.jpg\" alt=\"La rivi\u00e8re pr\u00e8s de Balazuc\" width=\"1500\" height=\"530\" srcset=\"https:\/\/cparici.com\/wp-content\/uploads\/2025\/08\/cparici-2025-08-28T140245.268.jpg 1500w, https:\/\/cparici.com\/wp-content\/uploads\/2025\/08\/cparici-2025-08-28T140245.268-300x106.jpg 300w, https:\/\/cparici.com\/wp-content\/uploads\/2025\/08\/cparici-2025-08-28T140245.268-1024x362.jpg 1024w, https:\/\/cparici.com\/wp-content\/uploads\/2025\/08\/cparici-2025-08-28T140245.268-768x271.jpg 768w, https:\/\/cparici.com\/wp-content\/uploads\/2025\/08\/cparici-2025-08-28T140245.268-18x6.jpg 18w, https:\/\/cparici.com\/wp-content\/uploads\/2025\/08\/cparici-2025-08-28T140245.268-590x208.jpg 590w, https:\/\/cparici.com\/wp-content\/uploads\/2025\/08\/cparici-2025-08-28T140245.268-1200x424.jpg 1200w, https:\/\/cparici.com\/wp-content\/uploads\/2025\/08\/cparici-2025-08-28T140245.268-577x204.jpg 577w, https:\/\/cparici.com\/wp-content\/uploads\/2025\/08\/cparici-2025-08-28T140245.268-600x212.jpg 600w\" sizes=\"(max-width: 1500px) 100vw, 1500px\" \/><\/a><figcaption id=\"caption-attachment-69780\" class=\"wp-caption-text\">La rivi\u00e8re pr\u00e8s de Balazuc<\/figcaption><\/figure><h2 data-start=\"116\" data-end=\"144\">Mus\u00e9es &amp; visites guid\u00e9es<\/h2><h3 data-start=\"146\" data-end=\"174\">Le Mus\u00e9um de l\u2019Ard\u00e8che<\/h3><p data-start=\"175\" data-end=\"639\">Situ\u00e9 \u00e0 l\u2019entr\u00e9e de <strong data-start=\"195\" data-end=\"206\">Balazuc<\/strong>, le <strong data-start=\"211\" data-end=\"234\">Mus\u00e9um de l\u2019Ard\u00e8che<\/strong> est une \u00e9tape incontournable pour les passionn\u00e9s de sciences et de nature. Ce mus\u00e9e de <strong data-start=\"322\" data-end=\"339\">pal\u00e9ontologie<\/strong> abrite une collection impressionnante de fossiles, dont pr\u00e8s de <strong data-start=\"404\" data-end=\"448\">80 % proviennent du territoire ard\u00e9chois<\/strong>. On y d\u00e9couvre des pi\u00e8ces uniques retra\u00e7ant plus de <strong data-start=\"501\" data-end=\"537\">500 millions d\u2019ann\u00e9es d\u2019histoire<\/strong> : ammonites, crocodiles marins fossilis\u00e9s, poissons, insectes et m\u00eame des empreintes de dinosaures.<\/p><p data-start=\"641\" data-end=\"1004\">En plus de ses expositions permanentes, le Mus\u00e9um propose des <strong data-start=\"703\" data-end=\"728\">ateliers p\u00e9dagogiques<\/strong> et des <strong data-start=\"736\" data-end=\"759\">balades g\u00e9ologiques<\/strong> dans les environs de <strong data-start=\"781\" data-end=\"792\">Balazuc<\/strong>, permettant aux visiteurs de comprendre la richesse des sols calcaires et la formation des paysages. Ces activit\u00e9s lient \u00e9troitement science et d\u00e9couverte touristique, renfor\u00e7ant l\u2019attrait \u00e9ducatif du village.<\/p><h3 data-start=\"1011\" data-end=\"1062\">Visites guid\u00e9es historiques et arch\u00e9ologiques<\/h3><p data-start=\"1063\" data-end=\"1514\">Outre son mus\u00e9e, <strong data-start=\"1080\" data-end=\"1091\">Balazuc<\/strong> offre des <strong data-start=\"1102\" data-end=\"1121\">visites guid\u00e9es<\/strong> de son centre historique. Ces parcours, organis\u00e9s par des guides passionn\u00e9s, retracent l\u2019\u00e9volution du village depuis les temps pr\u00e9historiques jusqu\u2019\u00e0 son essor m\u00e9di\u00e9val. Les visiteurs parcourent les <strong data-start=\"1321\" data-end=\"1339\">ruelles pav\u00e9es<\/strong>, d\u00e9couvrent les <strong data-start=\"1356\" data-end=\"1368\">remparts<\/strong>, les <strong data-start=\"1374\" data-end=\"1396\">maisons m\u00e9di\u00e9vales<\/strong>, le <strong data-start=\"1401\" data-end=\"1412\">ch\u00e2teau<\/strong> et l\u2019<strong data-start=\"1418\" data-end=\"1435\">\u00e9glise romane<\/strong> tout en \u00e9coutant des r\u00e9cits fascinants sur la vie des habitants d\u2019autrefois.<\/p><p data-start=\"1516\" data-end=\"1822\">Certains circuits mettent aussi en valeur le <strong data-start=\"1561\" data-end=\"1576\">Vieil-Audon<\/strong>, hameau isol\u00e9 accessible uniquement par un sentier. Restaur\u00e9 dans les ann\u00e9es 1970 par une communaut\u00e9 de b\u00e9n\u00e9voles, ce lieu incarne l\u2019id\u00e9e d\u2019un patrimoine vivant et participatif, o\u00f9 l\u2019histoire se m\u00eale \u00e0 l\u2019\u00e9cologie et \u00e0 l\u2019agriculture biologique.<\/p><h3 data-start=\"1829\" data-end=\"1869\">Un patrimoine vivant et interactif<\/h3><p data-start=\"1870\" data-end=\"2243\">Les <strong data-start=\"1874\" data-end=\"1897\">visites culturelles<\/strong> de <strong data-start=\"1901\" data-end=\"1912\">Balazuc<\/strong> se distinguent par leur dimension <strong data-start=\"1947\" data-end=\"1960\">immersive<\/strong>. Contrairement \u00e0 de simples balades, elles plongent le visiteur dans une v\u00e9ritable exp\u00e9rience o\u00f9 l\u2019histoire, l\u2019architecture et la nature se conjuguent. Elles permettent de comprendre comment un petit village perch\u00e9 a su r\u00e9sister aux si\u00e8cles tout en s\u2019adaptant au tourisme moderne.<\/p><h2 data-start=\"115\" data-end=\"140\">Activit\u00e9s et tourisme<\/h2><h3 data-start=\"142\" data-end=\"167\">Randonn\u00e9e et nature<\/h3><p data-start=\"168\" data-end=\"581\"><strong data-start=\"168\" data-end=\"179\">Balazuc<\/strong> est un point de d\u00e9part id\u00e9al pour les amateurs de <strong data-start=\"230\" data-end=\"243\">randonn\u00e9e<\/strong>. Les sentiers balis\u00e9s longent la rivi\u00e8re Ard\u00e8che, grimpent sur les plateaux calcaires et offrent des panoramas spectaculaires sur les falaises. Parmi les parcours les plus pris\u00e9s, on retrouve la balade menant au <strong data-start=\"456\" data-end=\"471\">Vieil-Audon<\/strong>, un hameau isol\u00e9 accessible uniquement \u00e0 pied, o\u00f9 l\u2019on d\u00e9couvre un mode de vie \u00e9cologique et communautaire.<\/p><p data-start=\"583\" data-end=\"986\">La vall\u00e9e autour de <strong data-start=\"603\" data-end=\"614\">Balazuc<\/strong> est class\u00e9e <strong data-start=\"627\" data-end=\"637\">ZNIEFF<\/strong> (Zone Naturelle d\u2019Int\u00e9r\u00eat \u00c9cologique, Faunistique et Floristique). Elle abrite une biodiversit\u00e9 remarquable : la <strong data-start=\"751\" data-end=\"770\">loutre d\u2019Europe<\/strong>, le <strong data-start=\"775\" data-end=\"785\">castor<\/strong>, plusieurs esp\u00e8ces de rapaces, mais aussi des insectes rares comme certaines <strong data-start=\"863\" data-end=\"877\">libellules<\/strong>. Les passionn\u00e9s de faune et de flore y trouvent un cadre privil\u00e9gi\u00e9 pour l\u2019observation et la photographie.<\/p><h3 data-start=\"993\" data-end=\"1028\">Sports nautiques et baignades<\/h3><p data-start=\"1029\" data-end=\"1413\">Dominant la rivi\u00e8re, <strong data-start=\"1050\" data-end=\"1061\">Balazuc<\/strong> attire chaque \u00e9t\u00e9 des visiteurs venus profiter de ses plages naturelles. La rivi\u00e8re Ard\u00e8che offre des coins propices \u00e0 la <strong data-start=\"1184\" data-end=\"1196\">baignade<\/strong> dans une eau claire et rafra\u00eechissante. Les amateurs de sensations fortes peuvent opter pour le <strong data-start=\"1293\" data-end=\"1308\">cano\u00eb-kayak<\/strong>, sport phare de la r\u00e9gion, qui permet de descendre les gorges en admirant les falaises spectaculaires.<\/p><p data-start=\"1415\" data-end=\"1720\">La proximit\u00e9 des gorges de l\u2019Ard\u00e8che en fait \u00e9galement une destination pris\u00e9e pour la <strong data-start=\"1501\" data-end=\"1524\">descente en rafting<\/strong>, l\u2019<strong data-start=\"1528\" data-end=\"1540\">escalade<\/strong> sur les parois calcaires et la <strong data-start=\"1572\" data-end=\"1587\">sp\u00e9l\u00e9ologie<\/strong> dans les grottes environnantes. Ces activit\u00e9s renforcent l\u2019image de <strong data-start=\"1656\" data-end=\"1667\">Balazuc<\/strong> comme un lieu o\u00f9 nature et aventure se rejoignent.<\/p><h3 data-start=\"1727\" data-end=\"1763\">Artisanat et patrimoine vivant<\/h3><p data-start=\"1764\" data-end=\"2108\">Au-del\u00e0 de la nature, <strong data-start=\"1786\" data-end=\"1797\">Balazuc<\/strong> conserve une forte tradition artisanale. Dans ses ruelles, les visiteurs d\u00e9couvrent des ateliers de <strong data-start=\"1898\" data-end=\"1909\">potiers<\/strong>, <strong data-start=\"1911\" data-end=\"1925\">sculpteurs<\/strong> et <strong data-start=\"1929\" data-end=\"1949\">artisans du cuir<\/strong> qui perp\u00e9tuent un savoir-faire ancestral. Des march\u00e9s d\u2019artisans locaux animent r\u00e9guli\u00e8rement le village, permettant de repartir avec des cr\u00e9ations uniques.<\/p><p data-start=\"2110\" data-end=\"2410\">L\u2019association locale organise aussi des <strong data-start=\"2150\" data-end=\"2176\">animations culturelles<\/strong> et des <strong data-start=\"2184\" data-end=\"2206\">festivals musicaux<\/strong> dans l\u2019\u00e9glise romane, donnant une dimension vivante au patrimoine historique. Ainsi, <strong data-start=\"2292\" data-end=\"2303\">Balazuc<\/strong> ne se limite pas \u00e0 un d\u00e9cor m\u00e9di\u00e9val fig\u00e9 : c\u2019est un village actif o\u00f9 la culture continue de s\u2019exprimer.<\/p><h3 data-start=\"2417\" data-end=\"2445\">Balades et d\u00e9couvertes<\/h3><p data-start=\"2446\" data-end=\"2832\">Pour les visiteurs en qu\u00eate de calme, les <strong data-start=\"2488\" data-end=\"2506\">ruelles pav\u00e9es<\/strong> du centre historique offrent un voyage hors du temps. On se perd dans les <strong data-start=\"2581\" data-end=\"2602\">calades ombrag\u00e9es<\/strong>, on admire les <strong data-start=\"2618\" data-end=\"2639\">maisons de pierre<\/strong> aux toits de lauzes, et l\u2019on s\u2019arr\u00eate sur le <strong data-start=\"2685\" data-end=\"2700\">pont ancien<\/strong> qui enjambe la rivi\u00e8re. Chaque coin r\u00e9v\u00e8le une perspective nouvelle sur le patrimoine m\u00e9di\u00e9val et le paysage naturel environnant.<\/p><h2 data-start=\"125\" data-end=\"154\">H\u00e9bergements et commerces<\/h2><h3 data-start=\"156\" data-end=\"187\">G\u00eetes et chambres d\u2019h\u00f4tes<\/h3><p data-start=\"188\" data-end=\"629\"><strong data-start=\"188\" data-end=\"199\">Balazuc<\/strong> propose <a href=\"https:\/\/cparici.com\/location-de-vacances-en-ardeche\/\">une offre vari\u00e9e d\u2019<strong data-start=\"227\" data-end=\"256\">h\u00e9bergements touristiques<\/strong> adapt\u00e9s<\/a> \u00e0 tous les budgets. Les <strong data-start=\"289\" data-end=\"305\">g\u00eetes ruraux<\/strong> sont particuli\u00e8rement appr\u00e9ci\u00e9s : souvent am\u00e9nag\u00e9s dans d\u2019anciennes maisons en pierre, ils permettent de profiter d\u2019un cadre authentique tout en b\u00e9n\u00e9ficiant du confort moderne. Les <strong data-start=\"487\" data-end=\"507\">chambres d\u2019h\u00f4tes<\/strong>, quant \u00e0 elles, offrent un accueil chaleureux et personnalis\u00e9, id\u00e9al pour les voyageurs \u00e0 la recherche de convivialit\u00e9.<\/p><p data-start=\"631\" data-end=\"898\">De nombreux h\u00e9bergements mettent en valeur l\u2019architecture locale : murs en calcaire, vo\u00fbtes m\u00e9di\u00e9vales et toits de lauze. S\u00e9journer dans un g\u00eete \u00e0 <strong data-start=\"778\" data-end=\"789\">Balazuc<\/strong>, c\u2019est vivre une exp\u00e9rience qui allie immersion dans le patrimoine et contact avec la nature environnante.<\/p><h3 data-start=\"905\" data-end=\"939\">Camping au bord de l\u2019Ard\u00e8che<\/h3><p data-start=\"940\" data-end=\"1315\">Pour les amateurs de plein air, <strong data-start=\"972\" data-end=\"983\">Balazuc<\/strong> dispose de plusieurs <strong data-start=\"1005\" data-end=\"1027\">campings familiaux<\/strong> en bord de rivi\u00e8re. Ces \u00e9tablissements permettent de profiter d\u2019un acc\u00e8s direct \u00e0 la baignade et aux activit\u00e9s nautiques. Ils proposent g\u00e9n\u00e9ralement des emplacements pour tentes, caravanes et camping-cars, mais aussi des <strong data-start=\"1249\" data-end=\"1277\">locations de mobil-homes<\/strong> et de chalets pour plus de confort.<\/p><p data-start=\"1317\" data-end=\"1597\">Certains campings offrent des services suppl\u00e9mentaires comme la <strong data-start=\"1381\" data-end=\"1403\">location de cano\u00ebs<\/strong>, des <strong data-start=\"1409\" data-end=\"1439\">aires de jeux pour enfants<\/strong> et des <strong data-start=\"1447\" data-end=\"1471\">animations estivales<\/strong>. C\u2019est une solution id\u00e9ale pour les familles et les groupes qui souhaitent combiner d\u00e9tente, nature et activit\u00e9s sportives.<\/p><h3 data-start=\"1604\" data-end=\"1630\">Restaurants et caf\u00e9s<\/h3><p data-start=\"1631\" data-end=\"1983\">L\u2019exp\u00e9rience touristique de <strong data-start=\"1659\" data-end=\"1670\">Balazuc<\/strong> ne serait pas compl\u00e8te sans sa <strong data-start=\"1702\" data-end=\"1724\">gastronomie locale<\/strong>. Plusieurs petits restaurants et auberges install\u00e9s dans les ruelles du village proposent des plats ard\u00e9chois traditionnels : <strong data-start=\"1851\" data-end=\"1864\">caillette<\/strong>, <strong data-start=\"1866\" data-end=\"1877\">picodon<\/strong> (fromage de ch\u00e8vre AOP), <strong data-start=\"1903\" data-end=\"1926\">ch\u00e2taignes grill\u00e9es<\/strong>, mais aussi des sp\u00e9cialit\u00e9s de charcuterie et de miel.<\/p><p data-start=\"1985\" data-end=\"2249\">Les terrasses surplombant la vall\u00e9e de l\u2019Ard\u00e8che offrent un cadre idyllique pour savourer un repas tout en admirant la vue. Les caf\u00e9s et glaciers, quant \u00e0 eux, constituent des haltes parfaites apr\u00e8s une promenade dans les calades ou une baignade dans la rivi\u00e8re.<\/p><h3 data-start=\"2256\" data-end=\"2296\">Services et commerces de proximit\u00e9<\/h3><p data-start=\"2297\" data-end=\"2649\">Malgr\u00e9 sa taille modeste, <strong data-start=\"2323\" data-end=\"2334\">Balazuc<\/strong> dispose de quelques <strong data-start=\"2355\" data-end=\"2381\">commerces de proximit\u00e9<\/strong> : boulangerie, petite \u00e9picerie et boutiques d\u2019artisans. Les march\u00e9s hebdomadaires rassemblent producteurs locaux et artisans, permettant aux visiteurs de repartir avec des produits typiques comme le vin d\u2019Ard\u00e8che, l\u2019huile d\u2019olive ou encore des cr\u00e9ations en poterie.<\/p><p data-start=\"2651\" data-end=\"2918\">Le village est \u00e9galement <strong data-start=\"2676\" data-end=\"2725\">accueillant pour les cyclistes et randonneurs<\/strong>, avec des parkings am\u00e9nag\u00e9s en p\u00e9riph\u00e9rie et des points d\u2019information touristique. L\u2019organisation du stationnement hors du centre contribue \u00e0 pr\u00e9server l\u2019authenticit\u00e9 des ruelles m\u00e9di\u00e9vales.<\/p><h2 data-start=\"132\" data-end=\"176\">Patrimoine vivant &amp; \u00e9v\u00e9nements culturels<\/h2><h3 data-start=\"178\" data-end=\"224\">Une culture enracin\u00e9e dans le patrimoine<\/h3><p data-start=\"225\" data-end=\"676\">Au-del\u00e0 de son architecture m\u00e9di\u00e9vale fig\u00e9e dans le temps, <strong data-start=\"284\" data-end=\"295\">Balazuc<\/strong> se distingue par un <strong data-start=\"316\" data-end=\"337\">patrimoine vivant<\/strong>. Ce village, class\u00e9 parmi <em data-start=\"364\" data-end=\"399\">Les Plus Beaux Villages de France<\/em>, ne se limite pas \u00e0 \u00eatre un mus\u00e9e \u00e0 ciel ouvert. Il continue de vibrer au rythme d\u2019animations culturelles et d\u2019\u00e9v\u00e9nements qui renforcent son identit\u00e9. Les associations locales jouent un r\u00f4le essentiel dans cette dynamique, en valorisant \u00e0 la fois l\u2019histoire et la modernit\u00e9.<\/p><h3 data-start=\"683\" data-end=\"733\">Concerts et expositions dans l\u2019\u00e9glise romane<\/h3><p data-start=\"734\" data-end=\"1175\">L\u2019<strong data-start=\"736\" data-end=\"763\">\u00e9glise Sainte-Madeleine<\/strong>, datant du XI\u1d49 si\u00e8cle, est aujourd\u2019hui un lieu de rencontres culturelles. Depuis 1982, l\u2019association <strong data-start=\"865\" data-end=\"880\">Roche-Haute<\/strong> y organise r\u00e9guli\u00e8rement des <strong data-start=\"910\" data-end=\"969\">concerts de musique classique, chorale ou contemporaine<\/strong>, ainsi que des <strong data-start=\"985\" data-end=\"1012\">expositions artistiques<\/strong>. L\u2019acoustique exceptionnelle de cet \u00e9difice roman offre une atmosph\u00e8re unique qui attire autant les amateurs de musique que les curieux venus d\u00e9couvrir le lieu.<\/p><p data-start=\"1177\" data-end=\"1424\">Cette initiative illustre parfaitement la volont\u00e9 de <strong data-start=\"1230\" data-end=\"1241\">Balazuc<\/strong> de conjuguer <strong data-start=\"1255\" data-end=\"1276\">patrimoine ancien<\/strong> et <strong data-start=\"1280\" data-end=\"1306\">cr\u00e9ation contemporaine<\/strong>. Les vitraux modernes r\u00e9alis\u00e9s par l\u2019artiste <strong data-start=\"1352\" data-end=\"1362\">Yankel<\/strong> en sont un exemple concret, m\u00ealant tradition et innovation.<\/p><h3 data-start=\"1431\" data-end=\"1469\">Animations et festivit\u00e9s locales<\/h3><p data-start=\"1470\" data-end=\"1819\">L\u2019\u00e9t\u00e9, <strong data-start=\"1477\" data-end=\"1488\">Balazuc<\/strong> s\u2019anime avec des <strong data-start=\"1506\" data-end=\"1527\">march\u00e9s nocturnes<\/strong>, o\u00f9 producteurs et artisans exposent leurs cr\u00e9ations. C\u2019est l\u2019occasion de go\u00fbter aux produits locaux \u2013 miel, vins, fromages \u2013 et de rencontrer des cr\u00e9ateurs passionn\u00e9s. Les ruelles pav\u00e9es se transforment alors en un v\u00e9ritable th\u00e9\u00e2tre vivant, rythm\u00e9 par la musique et les spectacles de rue.<\/p><p data-start=\"1821\" data-end=\"2087\">Le village accueille aussi des <strong data-start=\"1852\" data-end=\"1877\">ateliers p\u00e9dagogiques<\/strong> pour enfants et familles, organis\u00e9s en partenariat avec le <strong data-start=\"1937\" data-end=\"1960\">Mus\u00e9um de l\u2019Ard\u00e8che<\/strong>. Ces activit\u00e9s permettent d\u2019aborder de mani\u00e8re ludique des th\u00e8mes tels que la pr\u00e9histoire, la g\u00e9ologie ou encore l\u2019\u00e9cologie.<\/p><h3 data-start=\"2094\" data-end=\"2126\">Le patrimoine en mouvement<\/h3><p data-start=\"2127\" data-end=\"2553\">Gr\u00e2ce \u00e0 ces \u00e9v\u00e9nements, <strong data-start=\"2151\" data-end=\"2162\">Balazuc<\/strong> ne se contente pas de pr\u00e9server son pass\u00e9 : il <strong data-start=\"2210\" data-end=\"2221\">l\u2019anime<\/strong> et le rend accessible \u00e0 tous. Le hameau du <strong data-start=\"2265\" data-end=\"2280\">Vieil-Audon<\/strong>, restaur\u00e9 par une communaut\u00e9 de b\u00e9n\u00e9voles, en est une parfaite illustration. Transform\u00e9 en lieu de vie \u00e9cologique et \u00e9ducatif, il accueille chaque ann\u00e9e des <strong data-start=\"2438\" data-end=\"2494\">stages, chantiers participatifs et s\u00e9jours scolaires<\/strong>, renfor\u00e7ant le lien entre patrimoine, nature et soci\u00e9t\u00e9.<\/p><p data-start=\"2555\" data-end=\"2706\">Ainsi, <strong data-start=\"2562\" data-end=\"2573\">Balazuc<\/strong> est bien plus qu\u2019un village m\u00e9di\u00e9val : c\u2019est un espace culturel actif, o\u00f9 l\u2019histoire, l\u2019art et la vie communautaire s\u2019entrelacent.<\/p><h2 data-start=\"123\" data-end=\"158\">Foire aux questions sur Balazuc<\/h2><h3 data-start=\"160\" data-end=\"209\">Qu\u2019est-ce qui fait la renomm\u00e9e de Balazuc ?<\/h3><p data-start=\"210\" data-end=\"417\"><strong data-start=\"210\" data-end=\"221\">Balazuc<\/strong> est c\u00e9l\u00e8bre pour son <strong data-start=\"243\" data-end=\"266\">patrimoine m\u00e9di\u00e9val<\/strong>, ses <strong data-start=\"272\" data-end=\"290\">ruelles pav\u00e9es<\/strong>, son <strong data-start=\"296\" data-end=\"307\">ch\u00e2teau<\/strong> et sa position spectaculaire au bord de l\u2019Ard\u00e8che. Il est class\u00e9 parmi <em data-start=\"379\" data-end=\"414\">Les Plus Beaux Villages de France<\/em>.<\/p><h3 data-start=\"419\" data-end=\"455\">Peut-on se baigner \u00e0 Balazuc ?<\/h3><p data-start=\"456\" data-end=\"605\">Oui, la rivi\u00e8re Ard\u00e8che au pied de <strong data-start=\"491\" data-end=\"502\">Balazuc<\/strong> offre plusieurs plages naturelles propices \u00e0 la <strong data-start=\"551\" data-end=\"563\">baignade<\/strong>. L\u2019eau y est claire et agr\u00e9able en \u00e9t\u00e9.<\/p><h3 data-start=\"607\" data-end=\"652\">Quelles activit\u00e9s pratiquer \u00e0 Balazuc ?<\/h3><p data-start=\"653\" data-end=\"829\">\u00c0 <strong data-start=\"655\" data-end=\"666\">Balazuc<\/strong>, on peut faire du <strong data-start=\"685\" data-end=\"700\">cano\u00eb-kayak<\/strong>, de la <strong data-start=\"708\" data-end=\"721\">randonn\u00e9e<\/strong>, de l\u2019<strong data-start=\"728\" data-end=\"740\">escalade<\/strong>, mais aussi visiter le <strong data-start=\"764\" data-end=\"787\">Mus\u00e9um de l\u2019Ard\u00e8che<\/strong> ou profiter des <strong data-start=\"804\" data-end=\"826\">march\u00e9s artisanaux<\/strong>.<\/p><h3 data-start=\"831\" data-end=\"884\">Combien de temps faut-il pour visiter Balazuc ?<\/h3><p data-start=\"885\" data-end=\"1087\">Une demi-journ\u00e9e suffit pour parcourir les ruelles et monuments de <strong data-start=\"952\" data-end=\"963\">Balazuc<\/strong>, mais une journ\u00e9e enti\u00e8re est recommand\u00e9e pour combiner la d\u00e9couverte du village, la baignade et les visites culturelles.<\/p><h3 data-start=\"1089\" data-end=\"1131\">Balazuc est-il adapt\u00e9 aux familles ?<\/h3><p data-start=\"1132\" data-end=\"1288\">Absolument. Avec ses plages, ses <strong data-start=\"1165\" data-end=\"1184\">visites guid\u00e9es<\/strong> et ses <strong data-start=\"1192\" data-end=\"1214\">campings familiaux<\/strong>, <strong data-start=\"1216\" data-end=\"1227\">Balazuc<\/strong> est une destination id\u00e9ale pour les familles avec enfants.<\/p><h3 data-start=\"1290\" data-end=\"1316\">O\u00f9 loger \u00e0 Balazuc ?<\/h3><p data-start=\"1317\" data-end=\"1466\">Les visiteurs peuvent choisir entre <strong data-start=\"1353\" data-end=\"1372\">g\u00eetes en pierre<\/strong>, <strong data-start=\"1374\" data-end=\"1394\">chambres d\u2019h\u00f4tes<\/strong>, <strong data-start=\"1396\" data-end=\"1408\">campings<\/strong> en bord de rivi\u00e8re et petites auberges traditionnelles.<\/p><h3 data-start=\"1468\" data-end=\"1537\">Le village est-il accessible aux personnes \u00e0 mobilit\u00e9 r\u00e9duite ?<\/h3><p data-start=\"1538\" data-end=\"1753\">Les ruelles m\u00e9di\u00e9vales de <strong data-start=\"1564\" data-end=\"1575\">Balazuc<\/strong> sont pav\u00e9es et parfois pentues, ce qui peut repr\u00e9senter une difficult\u00e9. Toutefois, certains points comme la place principale et les abords de la rivi\u00e8re sont plus accessibles.<\/p><h3 data-start=\"1755\" data-end=\"1784\">Quand visiter Balazuc ?<\/h3><p data-start=\"1785\" data-end=\"1963\">La meilleure p\u00e9riode pour d\u00e9couvrir <strong data-start=\"1821\" data-end=\"1832\">Balazuc<\/strong> s\u2019\u00e9tend de <strong data-start=\"1844\" data-end=\"1863\">mai \u00e0 septembre<\/strong>, lorsque le climat m\u00e9diterran\u00e9en est agr\u00e9able et que les animations estivales battent leur plein.<\/p><h2 data-start=\"1970\" data-end=\"1984\">Conclusion<\/h2><p data-start=\"1986\" data-end=\"2434\"><strong data-start=\"1986\" data-end=\"1997\">Balazuc<\/strong> est bien plus qu\u2019un simple village m\u00e9di\u00e9val : c\u2019est un lieu o\u00f9 <strong data-start=\"2061\" data-end=\"2073\">histoire<\/strong>, <strong data-start=\"2075\" data-end=\"2085\">nature<\/strong> et <strong data-start=\"2089\" data-end=\"2108\">culture vivante<\/strong> se rencontrent. Entre son ch\u00e2teau, ses calades, son <strong data-start=\"2161\" data-end=\"2184\">Mus\u00e9um de l\u2019Ard\u00e8che<\/strong>, ses plages et ses march\u00e9s artisanaux, il offre une exp\u00e9rience compl\u00e8te et authentique. Que l\u2019on soit amateur de patrimoine, passionn\u00e9 de plein air ou simple voyageur curieux, <strong data-start=\"2361\" data-end=\"2372\">Balazuc<\/strong> s\u00e9duit par son charme intemporel et son dynamisme culturel.<\/p><p data-start=\"2436\" data-end=\"2597\">Pour en savoir davantage sur ce village unique et son histoire, vous pouvez consulter la page <a class=\"decorated-link cursor-pointer\" target=\"_new\" rel=\"noopener\" data-start=\"2530\" data-end=\"2594\">encyclop\u00e9dique en ligne<\/a>.<\/p><p data-start=\"2436\" data-end=\"2597\">Pour en savoir plus sur Balazuc, <a href=\"https:\/\/www.balazuc.fr\/\" target=\"_blank\" rel=\"noopener\">c&#8217;est par ici!<\/a><\/p>\t\t\t\t\t\t\t\t<\/div>\n\t\t\t\t\t<\/div>\n\t\t\t\t<\/div>\n\t\t<aside class=\"elementor-element elementor-element-fddf2c5 e-flex e-con-boxed e-con e-parent\" data-id=\"fddf2c5\" data-element_type=\"container\" data-e-type=\"container\">\n\t\t\t\t\t<div class=\"e-con-inner\">\n\t\t\t\t<div class=\"elementor-element elementor-element-e5169fc elementor-widget elementor-widget-listeo-posts-grid\" data-id=\"e5169fc\" data-element_type=\"widget\" data-e-type=\"widget\" data-widget_type=\"listeo-posts-grid.default\">\n\t\t\t\t<div class=\"elementor-widget-container\">\n\t\t\t\t\t\t\t\n\t\t<div class=\"listeo-post-grid-wrapper\">\n\t\t\t<div class=\"row\">\n\n\t\t\t\n\n\t\t\t\t\t\t\t<div class=\"col-md-4\">\n                <a href=\"https:\/\/cparici.com\/de\/ruoms\/\" class=\"blog-compact-item-container\">\n                    <div class=\"blog-compact-item\">\n                        <img decoding=\"async\" width=\"577\" height=\"204\" src=\"https:\/\/cparici.com\/wp-content\/uploads\/2026\/02\/Ruoms-577x204.jpg\" class=\"attachment-listeo-blog-related-post size-listeo-blog-related-post wp-post-image\" alt=\"Ruoms\" srcset=\"https:\/\/cparici.com\/wp-content\/uploads\/2026\/02\/Ruoms-577x204.jpg 577w, https:\/\/cparici.com\/wp-content\/uploads\/2026\/02\/Ruoms-300x106.jpg 300w, https:\/\/cparici.com\/wp-content\/uploads\/2026\/02\/Ruoms-1024x362.jpg 1024w, https:\/\/cparici.com\/wp-content\/uploads\/2026\/02\/Ruoms-768x271.jpg 768w, https:\/\/cparici.com\/wp-content\/uploads\/2026\/02\/Ruoms-18x6.jpg 18w, https:\/\/cparici.com\/wp-content\/uploads\/2026\/02\/Ruoms-590x208.jpg 590w, https:\/\/cparici.com\/wp-content\/uploads\/2026\/02\/Ruoms-1200x424.jpg 1200w, https:\/\/cparici.com\/wp-content\/uploads\/2026\/02\/Ruoms-600x212.jpg 600w, https:\/\/cparici.com\/wp-content\/uploads\/2026\/02\/Ruoms.jpg 1500w\" sizes=\"(max-width: 577px) 100vw, 577px\" \/><span class=\"blog-item-tag\">Ard\u00e8che ( d\u00e9partement)<\/span>                        \n                        <div class=\"blog-compact-item-content\">\n                                                        <h3>Ruoms, une village m\u00e9di\u00e9val de l\u2019Ard\u00e8che<\/h3>\n                                                        <p>Recherches populaires Categories Pas de r\u00e9sultats Voir tous les r\u00e9sultats Ruoms, une village m\u00e9di\u00e9val de...                            <\/p>\n                                                    <\/div>\n                    <\/div>\n                <\/a>\n            <\/div>\n\t\t\t<div class=\"col-md-4\">\n                <a href=\"https:\/\/cparici.com\/de\/rochemaure\/\" class=\"blog-compact-item-container\">\n                    <div class=\"blog-compact-item\">\n                        <img decoding=\"async\" width=\"577\" height=\"204\" src=\"https:\/\/cparici.com\/wp-content\/uploads\/2025\/08\/cparici-2025-08-26T154344.966-577x204.jpg\" class=\"attachment-listeo-blog-related-post size-listeo-blog-related-post wp-post-image\" alt=\"Rochemaure\" srcset=\"https:\/\/cparici.com\/wp-content\/uploads\/2025\/08\/cparici-2025-08-26T154344.966-577x204.jpg 577w, https:\/\/cparici.com\/wp-content\/uploads\/2025\/08\/cparici-2025-08-26T154344.966-300x106.jpg 300w, https:\/\/cparici.com\/wp-content\/uploads\/2025\/08\/cparici-2025-08-26T154344.966-1024x362.jpg 1024w, https:\/\/cparici.com\/wp-content\/uploads\/2025\/08\/cparici-2025-08-26T154344.966-768x271.jpg 768w, https:\/\/cparici.com\/wp-content\/uploads\/2025\/08\/cparici-2025-08-26T154344.966-18x6.jpg 18w, https:\/\/cparici.com\/wp-content\/uploads\/2025\/08\/cparici-2025-08-26T154344.966-590x208.jpg 590w, https:\/\/cparici.com\/wp-content\/uploads\/2025\/08\/cparici-2025-08-26T154344.966-1200x424.jpg 1200w, https:\/\/cparici.com\/wp-content\/uploads\/2025\/08\/cparici-2025-08-26T154344.966-600x212.jpg 600w, https:\/\/cparici.com\/wp-content\/uploads\/2025\/08\/cparici-2025-08-26T154344.966.jpg 1500w\" sizes=\"(max-width: 577px) 100vw, 577px\" \/><span class=\"blog-item-tag\">Ard\u00e8che ( d\u00e9partement)<\/span>                        \n                        <div class=\"blog-compact-item-content\">\n                                                        <h3>Rochemaure, joyau m\u00e9di\u00e9val\u202f: village, patrimoine et l\u00e9gendes<\/h3>\n                                                        <p>Recherches populaires Categories Pas de r\u00e9sultats Voir tous les r\u00e9sultats Rochemaure, joyau m\u00e9di\u00e9val : village,...                            <\/p>\n                                                    <\/div>\n                    <\/div>\n                <\/a>\n            <\/div>\n\t\t\t<div class=\"col-md-4\">\n                <a href=\"https:\/\/cparici.com\/de\/location-de-vacances-en-ardeche\/\" class=\"blog-compact-item-container\">\n                    <div class=\"blog-compact-item\">\n                        <img decoding=\"async\" width=\"577\" height=\"204\" src=\"https:\/\/cparici.com\/wp-content\/uploads\/2025\/08\/cparici-2025-08-26T161150.990-577x204.jpg\" class=\"attachment-listeo-blog-related-post size-listeo-blog-related-post wp-post-image\" alt=\"location de vacances en Ard\u00e8che\" srcset=\"https:\/\/cparici.com\/wp-content\/uploads\/2025\/08\/cparici-2025-08-26T161150.990-577x204.jpg 577w, https:\/\/cparici.com\/wp-content\/uploads\/2025\/08\/cparici-2025-08-26T161150.990-300x106.jpg 300w, https:\/\/cparici.com\/wp-content\/uploads\/2025\/08\/cparici-2025-08-26T161150.990-1024x362.jpg 1024w, https:\/\/cparici.com\/wp-content\/uploads\/2025\/08\/cparici-2025-08-26T161150.990-768x271.jpg 768w, https:\/\/cparici.com\/wp-content\/uploads\/2025\/08\/cparici-2025-08-26T161150.990-18x6.jpg 18w, https:\/\/cparici.com\/wp-content\/uploads\/2025\/08\/cparici-2025-08-26T161150.990-590x208.jpg 590w, https:\/\/cparici.com\/wp-content\/uploads\/2025\/08\/cparici-2025-08-26T161150.990-1200x424.jpg 1200w, https:\/\/cparici.com\/wp-content\/uploads\/2025\/08\/cparici-2025-08-26T161150.990-600x212.jpg 600w, https:\/\/cparici.com\/wp-content\/uploads\/2025\/08\/cparici-2025-08-26T161150.990.jpg 1500w\" sizes=\"(max-width: 577px) 100vw, 577px\" \/><span class=\"blog-item-tag\">Ard\u00e8che ( d\u00e9partement)<\/span>                        \n                        <div class=\"blog-compact-item-content\">\n                                                        <h3>Location de vacances en Ard\u00e8che<\/h3>\n                                                        <p>Recherches populaires Categories Pas de r\u00e9sultats Voir tous les r\u00e9sultats Location de vacances en Ard\u00e8che...                            <\/p>\n                                                    <\/div>\n                    <\/div>\n                <\/a>\n            <\/div>\n  <\/div>\n        <\/div>\n        \t\t\t\t<\/div>\n\t\t\t\t<\/div>\n\t\t\t\t\t<\/div>\n\t\t\t\t<\/aside>\n\t\t\t\t<\/div>\n\t\t","protected":false},"excerpt":{"rendered":"<p>Recherches populaires Categories Pas de r\u00e9sultats Voir tous les r\u00e9sultats Balazuc : village perch\u00e9 et plus beau village de France Balazuc est un village m\u00e9di\u00e9val perch\u00e9 sur une falaise au-dessus de la rivi\u00e8re Ard\u00e8che, class\u00e9 parmi Les Plus Beaux Villages de France. Situ\u00e9 au c\u0153ur du d\u00e9partement, ce joyau architectural et naturel attire chaque ann\u00e9e [&hellip;]<\/p>\n","protected":false},"author":97,"featured_media":69775,"comment_status":"closed","ping_status":"closed","sticky":false,"template":"elementor_header_footer","format":"standard","meta":{"ngg_post_thumbnail":0,"footnotes":""},"categories":[1505,1167,2790,477],"tags":[],"class_list":["post-69774","post","type-post","status-publish","format-standard","has-post-thumbnail","hentry","category-ardeche-departement","category-auvergne-rhone-alpes","category-balazuc","category-france"],"_links":{"self":[{"href":"https:\/\/cparici.com\/de\/wp-json\/wp\/v2\/posts\/69774","targetHints":{"allow":["GET"]}}],"collection":[{"href":"https:\/\/cparici.com\/de\/wp-json\/wp\/v2\/posts"}],"about":[{"href":"https:\/\/cparici.com\/de\/wp-json\/wp\/v2\/types\/post"}],"author":[{"embeddable":true,"href":"https:\/\/cparici.com\/de\/wp-json\/wp\/v2\/users\/97"}],"replies":[{"embeddable":true,"href":"https:\/\/cparici.com\/de\/wp-json\/wp\/v2\/comments?post=69774"}],"version-history":[{"count":3,"href":"https:\/\/cparici.com\/de\/wp-json\/wp\/v2\/posts\/69774\/revisions"}],"predecessor-version":[{"id":89544,"href":"https:\/\/cparici.com\/de\/wp-json\/wp\/v2\/posts\/69774\/revisions\/89544"}],"wp:featuredmedia":[{"embeddable":true,"href":"https:\/\/cparici.com\/de\/wp-json\/wp\/v2\/media\/69775"}],"wp:attachment":[{"href":"https:\/\/cparici.com\/de\/wp-json\/wp\/v2\/media?parent=69774"}],"wp:term":[{"taxonomy":"category","embeddable":true,"href":"https:\/\/cparici.com\/de\/wp-json\/wp\/v2\/categories?post=69774"},{"taxonomy":"post_tag","embeddable":true,"href":"https:\/\/cparici.com\/de\/wp-json\/wp\/v2\/tags?post=69774"}],"curies":[{"name":"wp","href":"https:\/\/api.w.org\/{rel}","templated":true}]}}