{"id":69845,"date":"2025-08-30T08:58:24","date_gmt":"2025-08-30T06:58:24","guid":{"rendered":"https:\/\/cparici.com\/?p=69845"},"modified":"2026-04-26T20:51:13","modified_gmt":"2026-04-26T18:51:13","slug":"la-gacilly","status":"publish","type":"post","link":"https:\/\/cparici.com\/de\/la-gacilly\/","title":{"rendered":"La Gacilly"},"content":{"rendered":"\t\t<div data-elementor-type=\"wp-post\" data-elementor-id=\"69845\" class=\"elementor elementor-69845\" data-elementor-post-type=\"post\">\n\t\t\t\t<div class=\"elementor-element elementor-element-e64d963 e-con-full e-flex e-con e-parent\" data-id=\"e64d963\" data-element_type=\"container\" data-e-type=\"container\">\n\t\t\t\t<div class=\"elementor-element elementor-element-4a493dd elementor-widget elementor-widget-image\" data-id=\"4a493dd\" data-element_type=\"widget\" data-e-type=\"widget\" data-widget_type=\"image.default\">\n\t\t\t\t\t\t\t\t\t\t\t\t\t\t\t<img decoding=\"async\" width=\"1500\" height=\"530\" src=\"https:\/\/cparici.com\/wp-content\/uploads\/2025\/08\/cparici-2025-08-29T173326.988.jpg\" class=\"attachment-full size-full wp-image-69846\" alt=\"La Gacilly\" srcset=\"https:\/\/cparici.com\/wp-content\/uploads\/2025\/08\/cparici-2025-08-29T173326.988.jpg 1500w, https:\/\/cparici.com\/wp-content\/uploads\/2025\/08\/cparici-2025-08-29T173326.988-300x106.jpg 300w, https:\/\/cparici.com\/wp-content\/uploads\/2025\/08\/cparici-2025-08-29T173326.988-1024x362.jpg 1024w, https:\/\/cparici.com\/wp-content\/uploads\/2025\/08\/cparici-2025-08-29T173326.988-768x271.jpg 768w, https:\/\/cparici.com\/wp-content\/uploads\/2025\/08\/cparici-2025-08-29T173326.988-18x6.jpg 18w, https:\/\/cparici.com\/wp-content\/uploads\/2025\/08\/cparici-2025-08-29T173326.988-590x208.jpg 590w, https:\/\/cparici.com\/wp-content\/uploads\/2025\/08\/cparici-2025-08-29T173326.988-1200x424.jpg 1200w, https:\/\/cparici.com\/wp-content\/uploads\/2025\/08\/cparici-2025-08-29T173326.988-577x204.jpg 577w, https:\/\/cparici.com\/wp-content\/uploads\/2025\/08\/cparici-2025-08-29T173326.988-600x212.jpg 600w\" sizes=\"(max-width: 1500px) 100vw, 1500px\" \/>\t\t\t\t\t\t\t\t\t\t\t\t\t\t\t<\/div>\n\t\t\t\t<\/div>\n\t\t<aside class=\"elementor-element elementor-element-f2f1c62 e-flex e-con-boxed e-con e-parent\" data-id=\"f2f1c62\" data-element_type=\"container\" data-e-type=\"container\">\n\t\t\t\t\t<div class=\"e-con-inner\">\n\t\t\t\t<div class=\"elementor-element elementor-element-92616ae elementor-widget elementor-widget-global elementor-global-62046 elementor-widget-eael-advanced-search\" data-id=\"92616ae\" data-element_type=\"widget\" data-e-type=\"widget\" data-widget_type=\"eael-advanced-search.default\">\n\t\t\t\t\t        <div class=\"eael-adv-search-wrapper\">\n            <div id=\"eael-advanced-search-widget-92616ae\" class=\"eael-advanced-search-widget\">\n                <form data-settings=\"{&quot;post_per_page&quot;:5,&quot;search_among_taxonomies&quot;:&quot;&quot;,&quot;search_among_sku&quot;:&quot;no&quot;,&quot;show_popular_keyword&quot;:0,&quot;show_category&quot;:0,&quot;show_content_image&quot;:1,&quot;show_search_result_all_results&quot;:0,&quot;result_on_new_tab&quot;:&quot;no&quot;,&quot;show_product_price&quot;:&quot;no&quot;,&quot;include_current_page&quot;:&quot;no&quot;,&quot;current_post_id&quot;:69845,&quot;post_type&quot;:[&quot;post&quot;,&quot;listing&quot;]}\" method=\"POST\" name=\"eael-advanced-search-form-92616ae\" class=\"eael-advanced-search-form eael-advanced-search-form-style-2\">\n                    <div class=\"eael-advanced-search-wrap\">\n                        <span class=\"eael-adv-search-loader\"><\/span>\n                        <span class=\"eael-adv-search-close\"><i class=\"fas fa-times\"><\/i><\/span>\n                        <span class=\"icon \"><i class=\"fas fa-search\"><\/i><\/span>\n\n                        <input type=\"text\"\n                               placeholder=\"Votre destination\"\n                               class=\"eael-advanced-search\" autocomplete=\"off\" name=\"eael_advanced_search\">\n                    <\/div>\n\t\t\t\t\t                                    <\/form>\n\n\t\t\t\t\n\t\t\t\t        <div class=\"eael-advanced-search-result\">\n            <div class=\"eael-advanced-search-popular-keyword\">\n\t\t\t\t<h4 class=\"eael-advanced-search-popular-keyword-text\">Recherches populaires<\/h4>                <div class=\"eael-popular-keyword-content\"><\/div>\n            <\/div>\n            <div class=\"eael-advanced-search-category\">\n\t\t\t\t<h4 class=\"eael-advanced-search-category-text\">Categories<\/h4>                <div class=\"eael-popular-category-content\"><\/div>\n            <\/div>\n\t\t\t<div class=\"eael-advanced-search-total-results-section\">\n\t\t\t\t\t\t\t<\/div>\n            <div class=\"eael-advanced-search-content eael-item-style-3\">\n            <\/div>\n            <div class=\"eael-advanced-search-not-found\">\n                <p>Pas de r\u00e9sultats<\/p><\/div>\n            <div class=\"eael-advanced-search-load-more\">\n\t\t\t\t<a \tclass=\"eael-advanced-search-load-more-button\"\n                \thref=\"#\">Voir tous les r\u00e9sultats<\/a>\n            <\/div>\n        <\/div>\n\n\t\t            <\/div>\n        <\/div>\n\n\t\t\t\t\t\t<\/div>\n\t\t\t\t\t<\/div>\n\t\t\t\t<\/aside>\n\t\t<div class=\"elementor-element elementor-element-33fa13d8 e-flex e-con-boxed e-con e-parent\" data-id=\"33fa13d8\" data-element_type=\"container\" data-e-type=\"container\">\n\t\t\t\t\t<div class=\"e-con-inner\">\n\t\t\t\t<div class=\"elementor-element elementor-element-417b213b elementor-widget elementor-widget-text-editor\" data-id=\"417b213b\" data-element_type=\"widget\" data-e-type=\"widget\" data-widget_type=\"text-editor.default\">\n\t\t\t\t\t\t\t\t\t<h1 style=\"text-align: center;\" data-start=\"612\" data-end=\"1328\">La Gacilly<\/h1><p data-start=\"612\" data-end=\"1328\">Situ\u00e9e au c\u0153ur du <a href=\"https:\/\/cparici.com\/visiter-le-morbihan-guide-des-sites-et-activites-a-ne-pas-manquer\/\">Morbihan<\/a>, <strong data-start=\"640\" data-end=\"654\">La Gacilly<\/strong> est un village breton o\u00f9 la nature, la culture et l\u2019histoire se rencontrent dans une harmonie rare. Ce lieu embl\u00e9matique, rendu c\u00e9l\u00e8bre comme berceau d\u2019<strong data-start=\"807\" data-end=\"822\">Yves Rocher<\/strong>, attire chaque ann\u00e9e des milliers de visiteurs en qu\u00eate d\u2019authenticit\u00e9. Entre son <strong data-start=\"905\" data-end=\"937\">festival photo \u00e0 ciel ouvert<\/strong>, son <strong data-start=\"943\" data-end=\"970\">jardin botanique unique<\/strong> et son patrimoine b\u00e2ti, ce village fleuri s\u00e9duit autant les passionn\u00e9s de culture que les amoureux de la nature. V\u00e9ritable point de rencontre entre traditions et modernit\u00e9, il s\u2019inscrit pleinement dans l\u2019identit\u00e9 du pays <a class=\"decorated-link\" href=\"https:\/\/cparici.com\/fr\/visiter-la-france-guide-des-regions-et-sites-touristiques\" target=\"_new\" rel=\"noopener\" data-start=\"1192\" data-end=\"1283\">du pays<\/a>, tout en rayonnant au-del\u00e0 de la Bretagne.<\/p>\t\t\t\t\t\t\t\t<\/div>\n\t\t\t\t\t<\/div>\n\t\t\t\t<\/div>\n\t\t<aside class=\"elementor-element elementor-element-15aa60e1 e-flex e-con-boxed e-con e-parent\" data-id=\"15aa60e1\" data-element_type=\"container\" data-e-type=\"container\" data-settings=\"{&quot;background_background&quot;:&quot;classic&quot;}\">\n\t\t\t\t\t<div class=\"e-con-inner\">\n\t\t\t\t<div class=\"elementor-element elementor-element-7b4c7fa elementor-widget elementor-widget-spacer\" data-id=\"7b4c7fa\" data-element_type=\"widget\" data-e-type=\"widget\" data-widget_type=\"spacer.default\">\n\t\t\t\t\t\t\t<div class=\"elementor-spacer\">\n\t\t\t<div class=\"elementor-spacer-inner\"><\/div>\n\t\t<\/div>\n\t\t\t\t\t\t<\/div>\n\t\t\t\t<div class=\"elementor-element elementor-element-58e5c70 elementor-widget elementor-widget-heading\" data-id=\"58e5c70\" data-element_type=\"widget\" data-e-type=\"widget\" data-widget_type=\"heading.default\">\n\t\t\t\t\t<h2 class=\"elementor-heading-title elementor-size-default\">H\u00e9bergements de Vacances La Gacilly en direct<\/h2>\t\t\t\t<\/div>\n\t\t\t\t<div class=\"elementor-element elementor-element-ccdf2e8 elementor-widget elementor-widget-listeo-listings-carousel\" data-id=\"ccdf2e8\" data-element_type=\"widget\" data-e-type=\"widget\" data-widget_type=\"listeo-listings-carousel.default\">\n\t\t\t\t<div class=\"elementor-widget-container\">\n\t\t\t\t\t        <!-- Carousel \/ Start -->\n        \t<div class=\"simple-slick-carousel dots-nav\" data-slick='{&quot;autoplay&quot;:true,&quot;autoplaySpeed&quot;:3000,&quot;slidesToShow&quot;:3,&quot;slidesToScroll&quot;:1,&quot;responsive&quot;:[{&quot;breakpoint&quot;:1024,&quot;settings&quot;:{&quot;slidesToShow&quot;:2,&quot;slidesToScroll&quot;:1}},{&quot;breakpoint&quot;:768,&quot;settings&quot;:{&quot;slidesToShow&quot;:1,&quot;slidesToScroll&quot;:1}}]}'>\n                            <div class=\"fw-carousel-item\">                    \n                        <!-- Listing Item -->\r\n            <div class=\"col-lg-6 col-md-12\">\r\n                <a href=\"https:\/\/cparici.com\/de\/annonce\/le-tigite-bb-entree-privee-petit-dejeuner-linge-menage-inclus-1-a-4pers-options-diner-brunch-pique-nique-gouter\/\" class=\"listing-item-container listing-geo-data compact\" data-title=\"Le Tig\u00eete B&B entr\u00e9e priv\u00e9e, petit d\u00e9jeuner, linge, m\u00e9nage inclus \u2013 1 \u00e0 4pers \u2013 options d\u00eener\/brunch\/pique nique\/go\u00fbter\" data-listing-type=\"rental\" data-classifieds-price=\"\u20ac\" data-friendly-address=\"205 La ville Garel, 56350 Allaire, France\" data-address=\"205 La ville Garel, 56350 Allaire, France\" data-image=\"https:\/\/cparici.com\/wp-content\/uploads\/2026\/04\/1000031734-520x397.jpg\" data-longitude=\"-2.1477306\" data-latitude=\"47.6333833\" data-rating=\"4.9\" data-reviews=\"37\" data-icon=\"<svg xmlns=&quot;http:\/\/www.w3.org\/2000\/svg&quot; width=&quot;800px&quot; height=&quot;800px&quot; viewBox=&quot;0 0 45 45&quot; fill=&quot;none&quot;>\n<path d=&quot;M24.155 8.78099L24.33 8.94499L37.402 21.787L36 23.213L34.2 21.445L34.201 35C34.201 36.054 33.385 36.918 32.35 36.994L32.201 37H12.201C11.147 37 10.283 36.184 10.206 35.149L10.201 35L10.2 21.446L8.402 23.213L7 21.787L20.058 8.95799C21.171 7.82199 22.966 7.75899 24.155 8.78099ZM21.569 10.285L21.473 10.372L12.2 19.481L12.201 35L17.2 34.999L17.201 25C17.201 23.946 18.017 23.082 19.052 23.005L19.201 23H25.201C26.255 23 27.119 23.816 27.196 24.851L27.201 25L27.2 34.999L32.201 35L32.2 19.48L22.901 10.344C22.537 9.98699 21.969 9.96499 21.569 10.285ZM25.201 25H19.201L19.2 34.999H25.2L25.201 25Z&quot; fill=&quot;#3C3C3C&quot;\/>\n<\/svg>\">\r\n            <div class=\"listing-item  \">\r\n                <div class=\"listing-small-badges-container\">\r\n                                                                <div class=\"listing-small-badge pricing-badge\"><i class=\"fa fa-tag\"><\/i>70,00\u20ac - 135,00\u20ac<\/div>\r\n                                                            \r\n                                        \r\n                                        \r\n                <\/div>\r\n                <img decoding=\"async\" src=\"https:\/\/cparici.com\/wp-content\/uploads\/2026\/04\/1000031734-520x397.jpg\" alt=\"Le Tig\u00eete B&B entr\u00e9e priv\u00e9e, petit d\u00e9jeuner, linge, m\u00e9nage inclus \u2013 1 \u00e0 4pers \u2013 options d\u00eener\/brunch\/pique nique\/go\u00fbter\" class=\"listing-thumbnail\">\r\n                                        <div class=\"listing-badge now-open\">Now Open<\/div>\r\n                        \r\n\r\n                <div class=\"listing-item-content\">\r\n                                                <div class=\"numerical-rating\" data-rating=\"4.9\"><\/div>\r\n                    \r\n                    <h3> Le Tig\u00eete B&B entr\u00e9e priv\u00e9e, petit d\u00e9jeuner, linge, m\u00e9nage inclus \u2013 1 \u00e0 4pers \u2013 options d\u00eener\/brunch\/pique nique\/go\u00fbter <\/h3>\r\n                    <span>205 La ville Garel, 56350 Allaire, France<\/span>\r\n                <\/div>\r\n                                        <span class=\"save like-icon tooltip left\" title=\"Login To Bookmark Items\"><\/span>\r\n                                                <\/div>\r\n        <\/a>\r\n                    <\/div>\r\n        \r\n\r\n        <!-- Listing Item \/ End -->\n                    <\/div>\n                          <\/div>\n        \t\t\t\t<\/div>\n\t\t\t\t<\/div>\n\t\t\t\t\t<\/div>\n\t\t\t\t<\/aside>\n\t\t<div class=\"elementor-element elementor-element-ec76870 e-flex e-con-boxed e-con e-parent\" data-id=\"ec76870\" data-element_type=\"container\" data-e-type=\"container\">\n\t\t\t\t\t<div class=\"e-con-inner\">\n\t\t\t\t<div class=\"elementor-element elementor-element-f0eb4c9 elementor-widget elementor-widget-text-editor\" data-id=\"f0eb4c9\" data-element_type=\"widget\" data-e-type=\"widget\" data-widget_type=\"text-editor.default\">\n\t\t\t\t\t\t\t\t\t<h2 data-start=\"1335\" data-end=\"1367\">Un \u00e9crin de charme verdoyant<\/h2><h3 data-start=\"1369\" data-end=\"1404\">Le charme fleuri de La Gacilly<\/h3><p data-start=\"1406\" data-end=\"2017\">D\u00e8s l\u2019arriv\u00e9e, <strong data-start=\"1421\" data-end=\"1435\">La Gacilly<\/strong> enchante par son atmosph\u00e8re bucolique. Ses <strong data-start=\"1479\" data-end=\"1497\">ruelles pav\u00e9es<\/strong>, bord\u00e9es de maisons en schiste aux toits d\u2019ardoise, sont orn\u00e9es de cascades de fleurs qui lui ont valu le label de \u00ab Village fleuri \u00bb. Les fa\u00e7ades color\u00e9es, souvent d\u00e9cor\u00e9es de glycines, de g\u00e9raniums et d\u2019hortensias, refl\u00e8tent l\u2019\u00e2me vivante de la Bretagne. Le village s\u2019\u00e9tend le long de la <strong data-start=\"1788\" data-end=\"1807\">vall\u00e9e de l\u2019Aff<\/strong>, un affluent de l\u2019Oust, qui lui conf\u00e8re un cadre naturel d\u2019exception. Les berges fleuries et les sentiers de randonn\u00e9e offrent une immersion imm\u00e9diate dans une nature pr\u00e9serv\u00e9e, tr\u00e8s appr\u00e9ci\u00e9e des visiteurs.<\/p><p data-start=\"2019\" data-end=\"2322\">\u00c0 la diff\u00e9rence d\u2019autres villages bretons, <strong data-start=\"2062\" data-end=\"2076\">La Gacilly<\/strong> a su marier son patrimoine b\u00e2ti et son environnement naturel de mani\u00e8re harmonieuse. Cette alchimie s\u00e9duit les touristes en qu\u00eate de tranquillit\u00e9, mais aussi les amateurs de photographie qui trouvent ici des paysages dignes de cartes postales.<\/p><h3 data-start=\"2329\" data-end=\"2370\">Un village enracin\u00e9 dans son terroir<\/h3><p data-start=\"2372\" data-end=\"2744\">Au-del\u00e0 de sa beaut\u00e9, <strong data-start=\"2394\" data-end=\"2408\">La Gacilly<\/strong> porte une identit\u00e9 profond\u00e9ment enracin\u00e9e dans son territoire. Le nom du village provient d\u2019anciennes formes toponymiques bretonnes, t\u00e9moignant d\u2019une histoire mill\u00e9naire. En 2017, la commune a fusionn\u00e9 avec <strong data-start=\"2616\" data-end=\"2640\">La Chapelle-Gaceline<\/strong> et <strong data-start=\"2644\" data-end=\"2654\">Gl\u00e9nac<\/strong> pour former une nouvelle entit\u00e9 administrative tout en gardant son prestige historique.<\/p><p data-start=\"2746\" data-end=\"3019\">La position g\u00e9ographique de <strong data-start=\"2774\" data-end=\"2788\">La Gacilly<\/strong>, entre Rennes et Vannes, en fait une escale id\u00e9ale pour explorer le <strong data-start=\"2857\" data-end=\"2869\">Morbihan<\/strong>. Travers\u00e9e par des rivi\u00e8res et entour\u00e9e de collines verdoyantes, elle offre un cadre propice aux balades, \u00e0 la p\u00eache et aux activit\u00e9s de plein air.<\/p><p data-start=\"3021\" data-end=\"3198\">C\u2019est cette dimension profond\u00e9ment locale, mais ouverte sur le monde gr\u00e2ce \u00e0 ses \u00e9v\u00e9nements et \u00e0 son patrimoine, qui fait de <strong data-start=\"3146\" data-end=\"3160\">La Gacilly<\/strong> un lieu incontournable de Bretagne.<\/p><p data-start=\"3021\" data-end=\"3198\"><a href=\"https:\/\/cparici.com\/wp-content\/uploads\/2025\/08\/cparici-2025-08-29T175838.311.jpg\"><img decoding=\"async\" class=\"aligncenter wp-image-69848 size-full\" src=\"https:\/\/cparici.com\/wp-content\/uploads\/2025\/08\/cparici-2025-08-29T175838.311.jpg\" alt=\"La Gacilly, vue du village\" width=\"1500\" height=\"530\" srcset=\"https:\/\/cparici.com\/wp-content\/uploads\/2025\/08\/cparici-2025-08-29T175838.311.jpg 1500w, https:\/\/cparici.com\/wp-content\/uploads\/2025\/08\/cparici-2025-08-29T175838.311-300x106.jpg 300w, https:\/\/cparici.com\/wp-content\/uploads\/2025\/08\/cparici-2025-08-29T175838.311-1024x362.jpg 1024w, https:\/\/cparici.com\/wp-content\/uploads\/2025\/08\/cparici-2025-08-29T175838.311-768x271.jpg 768w, https:\/\/cparici.com\/wp-content\/uploads\/2025\/08\/cparici-2025-08-29T175838.311-18x6.jpg 18w, https:\/\/cparici.com\/wp-content\/uploads\/2025\/08\/cparici-2025-08-29T175838.311-590x208.jpg 590w, https:\/\/cparici.com\/wp-content\/uploads\/2025\/08\/cparici-2025-08-29T175838.311-1200x424.jpg 1200w, https:\/\/cparici.com\/wp-content\/uploads\/2025\/08\/cparici-2025-08-29T175838.311-577x204.jpg 577w, https:\/\/cparici.com\/wp-content\/uploads\/2025\/08\/cparici-2025-08-29T175838.311-600x212.jpg 600w\" sizes=\"(max-width: 1500px) 100vw, 1500px\" \/><\/a><\/p><h2 data-start=\"251\" data-end=\"279\">L\u2019h\u00e9ritage d\u2019Yves Rocher<\/h2><h3 data-start=\"281\" data-end=\"309\">Le berceau d\u2019une marque<\/h3><p data-start=\"311\" data-end=\"782\">Impossible d\u2019\u00e9voquer <strong data-start=\"332\" data-end=\"346\">La Gacilly<\/strong> sans parler d\u2019<strong data-start=\"361\" data-end=\"376\">Yves Rocher<\/strong>, figure embl\u00e9matique qui a profond\u00e9ment marqu\u00e9 l\u2019histoire du village. C\u2019est ici, en 1959, que le jeune entrepreneur breton lan\u00e7a sa premi\u00e8re gamme de cosm\u00e9tiques \u00e0 base de plantes, en fabriquant lui-m\u00eame ses produits dans le grenier familial. Ce choix visionnaire allait r\u00e9volutionner l\u2019univers de la beaut\u00e9 en d\u00e9mocratisant la <strong data-start=\"705\" data-end=\"728\">cosm\u00e9tique v\u00e9g\u00e9tale<\/strong>, un concept aujourd\u2019hui reconnu \u00e0 travers le monde.<\/p><p data-start=\"784\" data-end=\"1136\">L\u2019installation de son entreprise \u00e0 <strong data-start=\"819\" data-end=\"833\">La Gacilly<\/strong> n\u2019est pas anodine. Yves Rocher voulait pr\u00e9server le lien entre la nature, les plantes locales et la cr\u00e9ation de soins accessibles \u00e0 tous. Cette fid\u00e9lit\u00e9 \u00e0 son terroir a contribu\u00e9 \u00e0 donner une identit\u00e9 unique au village, qui est d\u00e9sormais connu dans le monde entier comme le <strong data-start=\"1108\" data-end=\"1133\">berceau d\u2019Yves Rocher<\/strong>.<\/p><p data-start=\"1138\" data-end=\"1569\">Aujourd\u2019hui, le site historique accueille encore des visiteurs, notamment dans la <strong data-start=\"1220\" data-end=\"1242\">Maison Yves Rocher<\/strong>, un espace mus\u00e9al immersif qui retrace l\u2019histoire de la marque et de son fondateur. V\u00e9ritable hommage \u00e0 l\u2019esprit visionnaire d\u2019Yves Rocher, ce lieu attire chaque ann\u00e9e des milliers de curieux venus d\u00e9couvrir comment une petite entreprise artisanale de <strong data-start=\"1495\" data-end=\"1509\">La Gacilly<\/strong> s\u2019est transform\u00e9e en un g\u00e9ant de la cosm\u00e9tique naturelle.<\/p><h3 data-start=\"1576\" data-end=\"1611\">Un engagement \u00e9cologique local<\/h3><p data-start=\"1613\" data-end=\"2013\">Si <strong data-start=\"1616\" data-end=\"1630\">La Gacilly<\/strong> est aujourd\u2019hui reconnue comme un haut lieu du <strong data-start=\"1678\" data-end=\"1698\">tourisme durable<\/strong>, c\u2019est en grande partie gr\u00e2ce \u00e0 l\u2019engagement d\u2019Yves Rocher et de sa fondation. Fid\u00e8le \u00e0 ses valeurs, il a voulu ancrer ses projets dans une d\u00e9marche respectueuse de l\u2019environnement. L\u2019exemple le plus marquant est sans doute l\u2019<strong data-start=\"1925\" data-end=\"1961\">\u00c9co-H\u00f4tel Spa La Gr\u00e9e des Landes<\/strong>, un \u00e9tablissement pionnier en mati\u00e8re d\u2019\u00e9cologie.<\/p><p data-start=\"2015\" data-end=\"2351\">Construit en harmonie avec la nature environnante, cet h\u00f4tel utilise des <strong data-start=\"2088\" data-end=\"2108\">mat\u00e9riaux locaux<\/strong>, favorise les \u00e9nergies renouvelables et propose une restauration bio et de saison. Les chambres, ouvertes sur la vall\u00e9e, offrent une vue panoramique sur les collines bois\u00e9es de <strong data-start=\"2286\" data-end=\"2300\">La Gacilly<\/strong>, invitant \u00e0 une immersion totale dans la nature.<\/p><p data-start=\"2353\" data-end=\"2692\">Au-del\u00e0 de l\u2019h\u00f4tellerie, la <strong data-start=\"2381\" data-end=\"2427\">Fondation Yves Rocher \u2013 Institut de France<\/strong> agit depuis <strong data-start=\"2440\" data-end=\"2454\">La Gacilly<\/strong> pour la reforestation, la protection de la biodiversit\u00e9 et le soutien aux femmes engag\u00e9es pour l\u2019environnement. Ces initiatives renforcent l\u2019image de la commune comme un territoire o\u00f9 l\u2019innovation se conjugue avec le respect du vivant.<\/p><p data-start=\"2694\" data-end=\"2889\">Ainsi, en choisissant de rester fid\u00e8le \u00e0 son village natal, Yves Rocher a permis \u00e0 <strong data-start=\"2777\" data-end=\"2791\">La Gacilly<\/strong> de devenir une r\u00e9f\u00e9rence mondiale en mati\u00e8re d\u2019<strong data-start=\"2839\" data-end=\"2854\">\u00e9cotourisme<\/strong> et de <strong data-start=\"2861\" data-end=\"2886\">d\u00e9veloppement durable<\/strong>.<\/p><h2 data-start=\"282\" data-end=\"317\">Le jardin botanique Yves Rocher<\/h2><h3 data-start=\"319\" data-end=\"355\">Un conservatoire v\u00e9g\u00e9tal unique<\/h3><p data-start=\"357\" data-end=\"764\">Au c\u0153ur de <strong data-start=\"368\" data-end=\"382\">La Gacilly<\/strong>, le <strong data-start=\"387\" data-end=\"419\">Jardin botanique Yves Rocher<\/strong> est un lieu incontournable pour comprendre la richesse du monde v\u00e9g\u00e9tal. Cr\u00e9\u00e9 en 1975, ce jardin s\u2019\u00e9tend sur plusieurs hectares et abrite plus de <strong data-start=\"566\" data-end=\"594\">1 100 esp\u00e8ces de plantes<\/strong> utilis\u00e9es en cosm\u00e9tique, en m\u00e9decine ou en alimentation. V\u00e9ritable laboratoire \u00e0 ciel ouvert, il a pour mission de pr\u00e9server, \u00e9tudier et valoriser la <strong data-start=\"745\" data-end=\"761\">biodiversit\u00e9<\/strong>.<\/p><p data-start=\"766\" data-end=\"1184\">Le jardin est reconnu comme <strong data-start=\"794\" data-end=\"821\">conservatoire botanique<\/strong> et constitue une r\u00e9f\u00e9rence internationale gr\u00e2ce \u00e0 ses collections sp\u00e9cialis\u00e9es, notamment autour des <strong data-start=\"923\" data-end=\"936\">Artemisia<\/strong>, plantes m\u00e9dicinales utilis\u00e9es depuis des si\u00e8cles dans les pharmacop\u00e9es traditionnelles. Pour les visiteurs, c\u2019est une occasion unique d\u2019explorer l\u2019immense diversit\u00e9 du monde v\u00e9g\u00e9tal tout en d\u00e9couvrant les secrets de la <strong data-start=\"1157\" data-end=\"1181\">cosm\u00e9tique naturelle<\/strong>.<\/p><p data-start=\"1186\" data-end=\"1415\">Cette richesse botanique contribue \u00e0 faire de <strong data-start=\"1232\" data-end=\"1246\">La Gacilly<\/strong> bien plus qu\u2019un simple village touristique : c\u2019est un lieu de <strong data-start=\"1309\" data-end=\"1347\">transmission et de sensibilisation<\/strong> o\u00f9 la nature se r\u00e9v\u00e8le comme une source in\u00e9puisable d\u2019innovation.<\/p><h3 data-start=\"1422\" data-end=\"1462\">Lieu d\u2019inspiration et de d\u00e9couverte<\/h3><p data-start=\"1464\" data-end=\"1955\">Le <strong data-start=\"1467\" data-end=\"1513\">Jardin botanique Yves Rocher de La Gacilly<\/strong> ne se limite pas \u00e0 une collection de plantes. C\u2019est un espace ouvert \u00e0 tous, gratuit et con\u00e7u comme un parcours p\u00e9dagogique. On y d\u00e9couvre non seulement l\u2019utilisation traditionnelle des plantes, mais aussi leur r\u00f4le dans les <strong data-start=\"1739\" data-end=\"1767\">recherches scientifiques<\/strong> de la marque Yves Rocher. Les visiteurs peuvent ainsi comprendre comment certaines esp\u00e8ces deviennent des ingr\u00e9dients phares dans la formulation de soins respectueux de l\u2019environnement.<\/p><p data-start=\"1957\" data-end=\"2288\">Ce jardin est aussi une source d\u2019<strong data-start=\"1990\" data-end=\"2030\">inspiration artistique et culturelle<\/strong>. Son am\u00e9nagement m\u00eale paysages sauvages, zones th\u00e9matiques et espaces de contemplation, invitant \u00e0 une v\u00e9ritable immersion sensorielle. L\u2019exp\u00e9rience s\u00e9duit autant les passionn\u00e9s de botanique que les familles en qu\u00eate d\u2019une visite enrichissante et ludique.<\/p><p data-start=\"2290\" data-end=\"2534\">Gr\u00e2ce \u00e0 ce lieu, <strong data-start=\"2307\" data-end=\"2321\">La Gacilly<\/strong> illustre parfaitement sa philosophie : unir <strong data-start=\"2366\" data-end=\"2398\">nature, science et bien-\u00eatre<\/strong>. Le jardin t\u00e9moigne d\u2019une volont\u00e9 de prot\u00e9ger l\u2019environnement tout en offrant au grand public une exp\u00e9rience \u00e9ducative et d\u00e9paysante.<\/p><h2 data-start=\"242\" data-end=\"296\">Festival Photo La Gacilly : art au c\u0153ur du village<\/h2><h3 data-start=\"298\" data-end=\"328\">Un festival \u00e0 ciel ouvert<\/h3><p data-start=\"330\" data-end=\"820\">Chaque \u00e9t\u00e9, <strong data-start=\"342\" data-end=\"356\">La Gacilly<\/strong> se transforme en immense galerie d\u2019art \u00e0 ciel ouvert gr\u00e2ce \u00e0 son c\u00e9l\u00e8bre <strong data-start=\"430\" data-end=\"448\">Festival Photo<\/strong>. Cr\u00e9\u00e9 en 2004 par Jacques Rocher, fils d\u2019Yves Rocher, cet \u00e9v\u00e9nement est rapidement devenu l\u2019un des plus grands rendez-vous europ\u00e9ens consacr\u00e9s \u00e0 la <strong data-start=\"597\" data-end=\"641\">photographie environnementale et sociale<\/strong>. Pendant plusieurs mois, les ruelles pav\u00e9es, les fa\u00e7ades des maisons, les jardins et les berges de la rivi\u00e8re accueillent des expositions monumentales accessibles gratuitement.<\/p><p data-start=\"822\" data-end=\"1134\">Le concept est unique : permettre \u00e0 tous, habitants comme visiteurs, d\u2019acc\u00e9der \u00e0 l\u2019art sans barri\u00e8re ni billet d\u2019entr\u00e9e. En d\u00e9ambulant dans <strong data-start=\"962\" data-end=\"976\">La Gacilly<\/strong>, on croise ainsi des clich\u00e9s g\u00e9ants de photographes renomm\u00e9s, dont certains sont projet\u00e9s sur des b\u00e2timents ou install\u00e9s au c\u0153ur de la nature environnante.<\/p><p data-start=\"1136\" data-end=\"1432\">Le succ\u00e8s est consid\u00e9rable : le festival attire chaque ann\u00e9e plus de <strong data-start=\"1205\" data-end=\"1226\">300 000 visiteurs<\/strong>, ce qui en fait le plus grand \u00e9v\u00e9nement culturel du <strong data-start=\"1279\" data-end=\"1291\">Morbihan<\/strong>. Gr\u00e2ce \u00e0 cette fr\u00e9quentation, <strong data-start=\"1322\" data-end=\"1336\">La Gacilly<\/strong> est d\u00e9sormais connue bien au-del\u00e0 de la Bretagne comme un haut lieu du <strong data-start=\"1408\" data-end=\"1429\">tourisme culturel<\/strong>.<\/p><h3 data-start=\"1439\" data-end=\"1485\">Un \u00e9v\u00e9nement international et responsable<\/h3><p data-start=\"1487\" data-end=\"1830\">Le <strong data-start=\"1490\" data-end=\"1522\">Festival Photo de La Gacilly<\/strong> se distingue par son engagement en faveur de la plan\u00e8te. Chaque \u00e9dition met \u00e0 l\u2019honneur une th\u00e9matique li\u00e9e \u00e0 l\u2019<strong data-start=\"1635\" data-end=\"1647\">\u00e9cologie<\/strong>, au <strong data-start=\"1652\" data-end=\"1677\">d\u00e9veloppement durable<\/strong> ou aux enjeux humains contemporains : la biodiversit\u00e9 menac\u00e9e, le changement climatique, les peuples autochtones ou encore la pr\u00e9servation des oc\u00e9ans.<\/p><p data-start=\"1832\" data-end=\"2109\">Cette approche militante donne au festival une port\u00e9e universelle et attire de nombreux photographes venus du monde entier. De grands noms comme <strong data-start=\"1977\" data-end=\"1998\">Sebasti\u00e3o Salgado<\/strong> ou <strong data-start=\"2002\" data-end=\"2019\">Steve McCurry<\/strong> y ont expos\u00e9 leurs \u0153uvres, faisant rayonner <strong data-start=\"2064\" data-end=\"2078\">La Gacilly<\/strong> sur la sc\u00e8ne internationale.<\/p><p data-start=\"2111\" data-end=\"2493\">Au-del\u00e0 de l\u2019art, les retomb\u00e9es \u00e9conomiques sont consid\u00e9rables : en 2021, on estimait que le festival avait g\u00e9n\u00e9r\u00e9 plus de <strong data-start=\"2234\" data-end=\"2256\">7 millions d\u2019euros<\/strong> pour le territoire local. Mais l\u2019impact le plus pr\u00e9cieux reste sans doute la sensibilisation du public. En parcourant les expositions, chacun prend conscience de l\u2019urgence environnementale et du r\u00f4le que l\u2019on peut jouer \u00e0 son \u00e9chelle.<\/p><p data-start=\"2495\" data-end=\"2644\">Ainsi, gr\u00e2ce \u00e0 ce festival, <strong data-start=\"2523\" data-end=\"2537\">La Gacilly<\/strong> est devenue une vitrine mondiale o\u00f9 l\u2019art et l\u2019\u00e9cologie dialoguent pour inspirer un avenir plus durable.<\/p><p data-start=\"2495\" data-end=\"2644\"><a href=\"https:\/\/cparici.com\/wp-content\/uploads\/2025\/08\/cparici-2025-08-29T180005.839.jpg\"><img decoding=\"async\" class=\"aligncenter wp-image-69849 size-full\" src=\"https:\/\/cparici.com\/wp-content\/uploads\/2025\/08\/cparici-2025-08-29T180005.839.jpg\" alt=\"Rivi\u00e8re La Gacilly\" width=\"1500\" height=\"530\" srcset=\"https:\/\/cparici.com\/wp-content\/uploads\/2025\/08\/cparici-2025-08-29T180005.839.jpg 1500w, https:\/\/cparici.com\/wp-content\/uploads\/2025\/08\/cparici-2025-08-29T180005.839-300x106.jpg 300w, https:\/\/cparici.com\/wp-content\/uploads\/2025\/08\/cparici-2025-08-29T180005.839-1024x362.jpg 1024w, https:\/\/cparici.com\/wp-content\/uploads\/2025\/08\/cparici-2025-08-29T180005.839-768x271.jpg 768w, https:\/\/cparici.com\/wp-content\/uploads\/2025\/08\/cparici-2025-08-29T180005.839-18x6.jpg 18w, https:\/\/cparici.com\/wp-content\/uploads\/2025\/08\/cparici-2025-08-29T180005.839-590x208.jpg 590w, https:\/\/cparici.com\/wp-content\/uploads\/2025\/08\/cparici-2025-08-29T180005.839-1200x424.jpg 1200w, https:\/\/cparici.com\/wp-content\/uploads\/2025\/08\/cparici-2025-08-29T180005.839-577x204.jpg 577w, https:\/\/cparici.com\/wp-content\/uploads\/2025\/08\/cparici-2025-08-29T180005.839-600x212.jpg 600w\" sizes=\"(max-width: 1500px) 100vw, 1500px\" \/><\/a><\/p><h2 data-start=\"297\" data-end=\"346\">Patrimoine culturel et naturel compl\u00e9mentaire<\/h2><h3 data-start=\"348\" data-end=\"381\">Le ch\u00e2teau de la For\u00eat Neuve<\/h3><p data-start=\"383\" data-end=\"774\">Situ\u00e9 \u00e0 proximit\u00e9 du centre de <strong data-start=\"414\" data-end=\"428\">La Gacilly<\/strong>, le <strong data-start=\"433\" data-end=\"462\">Ch\u00e2teau de la For\u00eat Neuve<\/strong> est un monument embl\u00e9matique de la commune. Construit au XIX\u1d49 si\u00e8cle, il t\u00e9moigne de l\u2019architecture bourgeoise de l\u2019\u00e9poque, avec ses fa\u00e7ades \u00e9l\u00e9gantes et son parc paysager. Le domaine, acquis par Yves Rocher, est aujourd\u2019hui utilis\u00e9 pour des s\u00e9minaires et \u00e9v\u00e9nements, tout en conservant son charme historique.<\/p><p data-start=\"776\" data-end=\"1090\">Entour\u00e9 d\u2019un parc arbor\u00e9, le ch\u00e2teau s\u2019int\u00e8gre parfaitement dans le paysage vallonn\u00e9 de <strong data-start=\"864\" data-end=\"878\">La Gacilly<\/strong>. M\u00eame si l\u2019int\u00e9rieur n\u2019est pas toujours accessible au public, les promeneurs appr\u00e9cient d\u2019admirer son architecture et de d\u00e9couvrir l\u2019histoire qui lie ce lieu au d\u00e9veloppement \u00e9conomique et culturel du village.<\/p><h3 data-start=\"1097\" data-end=\"1130\">Le menhir de la Roche Piqu\u00e9e<\/h3><p data-start=\"1132\" data-end=\"1444\">Bien avant l\u2019essor moderne, le territoire de <strong data-start=\"1177\" data-end=\"1191\">La Gacilly<\/strong> \u00e9tait d\u00e9j\u00e0 habit\u00e9 par les populations pr\u00e9historiques, comme en t\u00e9moigne le <strong data-start=\"1267\" data-end=\"1296\">menhir de la Roche Piqu\u00e9e<\/strong>. Class\u00e9 monument historique, ce m\u00e9galithe de plus de trois m\u00e8tres de hauteur est l\u2019un des vestiges n\u00e9olithiques les plus remarquables du secteur.<\/p><p data-start=\"1446\" data-end=\"1720\">Sa pr\u00e9sence rappelle que <strong data-start=\"1471\" data-end=\"1485\">La Gacilly<\/strong> s\u2019inscrit dans une histoire mill\u00e9naire, \u00e0 l\u2019image des autres sites m\u00e9galithiques c\u00e9l\u00e8bres de Bretagne comme Carnac. Pour les amateurs de patrimoine ancien, ce menhir est une halte incontournable, \u00e0 la fois myst\u00e9rieuse et fascinante.<\/p><h3 data-start=\"1727\" data-end=\"1758\">L\u2019\u00e9tang de la Rocquennerie<\/h3><p data-start=\"1760\" data-end=\"2114\">Lieu de d\u00e9tente et de loisirs, l\u2019<strong data-start=\"1793\" data-end=\"1821\">\u00e9tang de la Rocquennerie<\/strong> compl\u00e8te l\u2019offre touristique de <strong data-start=\"1854\" data-end=\"1868\">La Gacilly<\/strong>. Nich\u00e9 dans un cadre verdoyant, il attire les amateurs de p\u00eache, de pique-niques et de promenades. Sa biodiversit\u00e9 riche en fait \u00e9galement un petit refuge naturel o\u00f9 il n\u2019est pas rare d\u2019observer des oiseaux et des plantes aquatiques prot\u00e9g\u00e9es.<\/p><p data-start=\"2116\" data-end=\"2400\">Les rives de l\u2019\u00e9tang offrent un espace id\u00e9al pour les familles et les promeneurs souhaitant profiter d\u2019un moment de calme, loin de l\u2019effervescence des grandes villes. C\u2019est aussi un lieu pris\u00e9 par les photographes amateurs, qui y trouvent des paysages inspirants au fil des saisons.<\/p><h2 data-start=\"2407\" data-end=\"2447\">Un patrimoine vivant et authentique<\/h2><p data-start=\"2449\" data-end=\"2711\">Ce qui rend <strong data-start=\"2461\" data-end=\"2475\">La Gacilly<\/strong> unique, c\u2019est sa capacit\u00e9 \u00e0 conjuguer patrimoine historique et richesses naturelles. Entre son <strong data-start=\"2571\" data-end=\"2582\">ch\u00e2teau<\/strong>, ses vestiges pr\u00e9historiques et ses espaces verts, le village propose une v\u00e9ritable immersion dans le temps et dans la nature.<\/p><p data-start=\"2713\" data-end=\"2978\">\u00c0 travers ces lieux, on comprend que <strong data-start=\"2750\" data-end=\"2764\">La Gacilly<\/strong> n\u2019est pas seulement un village marqu\u00e9 par Yves Rocher et son festival, mais bien une destination compl\u00e8te o\u00f9 culture, histoire et environnement se rejoignent pour offrir aux visiteurs une exp\u00e9rience inoubliable.<\/p><h2 data-start=\"243\" data-end=\"285\">La Gacilly \u2013 S\u2019y rendre et se nourrir\u00a0<\/h2><h3 data-start=\"287\" data-end=\"322\">Acc\u00e8s et position g\u00e9ographique<\/h3><p data-start=\"324\" data-end=\"712\">Id\u00e9alement situ\u00e9 dans le <strong data-start=\"349\" data-end=\"361\">Morbihan<\/strong>, <strong data-start=\"363\" data-end=\"377\">La Gacilly<\/strong> est facilement accessible depuis les grandes villes de Bretagne. Depuis <strong data-start=\"450\" data-end=\"460\">Rennes<\/strong>, il faut environ 1h15 en voiture, et depuis <strong data-start=\"505\" data-end=\"515\">Vannes<\/strong>, comptez une petite heure de route. Les voyageurs peuvent \u00e9galement rejoindre le village en train jusqu\u2019\u00e0 Redon, puis emprunter un bus ou un taxi pour parcourir les quelques kilom\u00e8tres restants.<\/p><p data-start=\"714\" data-end=\"1168\">Cette position strat\u00e9gique, \u00e0 mi-chemin entre la c\u00f4te et l\u2019int\u00e9rieur des terres, fait de <strong data-start=\"803\" data-end=\"817\">La Gacilly<\/strong> une \u00e9tape incontournable pour un circuit touristique en <strong data-start=\"874\" data-end=\"886\">Bretagne<\/strong>. Beaucoup de visiteurs int\u00e8grent la d\u00e9couverte du village \u00e0 un itin\u00e9raire incluant <strong data-start=\"970\" data-end=\"992\">Rochefort-en-Terre<\/strong>, <strong data-start=\"994\" data-end=\"1009\">Broc\u00e9liande<\/strong> ou encore la c\u00f4te du <strong data-start=\"1031\" data-end=\"1052\">Golfe du Morbihan<\/strong>. \ud83d\udc49 (voir <a class=\"decorated-link\" href=\"https:\/\/cparici.com\/fr\/visiter-la-france-guide-des-regions-et-sites-touristiques\" target=\"_new\" rel=\"noopener\" data-start=\"1063\" data-end=\"1164\">guide du Morbihan<\/a>).<\/p><h2 data-start=\"1175\" data-end=\"1203\">Vie locale et commerces<\/h2><p data-start=\"1205\" data-end=\"1684\">Au-del\u00e0 de ses monuments et \u00e9v\u00e9nements, <strong data-start=\"1245\" data-end=\"1259\">La Gacilly<\/strong> est aussi un village o\u00f9 il fait bon vivre. Son centre regorge de <strong data-start=\"1325\" data-end=\"1345\">petits commerces<\/strong>, de galeries d\u2019art et d\u2019ateliers d\u2019artisans. De nombreux cr\u00e9ateurs s\u2019y sont install\u00e9s, s\u00e9duits par le cadre inspirant et l\u2019afflux de visiteurs. On y trouve des <strong data-start=\"1506\" data-end=\"1520\">c\u00e9ramistes<\/strong>, des <strong data-start=\"1526\" data-end=\"1549\">sculpteurs sur bois<\/strong>, des <strong data-start=\"1555\" data-end=\"1569\">bijoutiers<\/strong> et m\u00eame des <strong data-start=\"1582\" data-end=\"1605\">souffleurs de verre<\/strong>, qui ouvrent volontiers leurs portes pour faire d\u00e9couvrir leur savoir-faire.<\/p><p data-start=\"1686\" data-end=\"2027\">Chaque samedi, le march\u00e9 hebdomadaire anime les rues de <strong data-start=\"1742\" data-end=\"1756\">La Gacilly<\/strong>. On y trouve des produits locaux comme le miel, le cidre, les galettes bretonnes ou encore les l\u00e9gumes cultiv\u00e9s dans les fermes environnantes. Cette ambiance chaleureuse refl\u00e8te l\u2019identit\u00e9 conviviale du village, o\u00f9 la tradition artisanale se m\u00eale \u00e0 la vie quotidienne.<\/p><p data-start=\"1686\" data-end=\"2027\"><a href=\"https:\/\/cparici.com\/wp-content\/uploads\/2025\/08\/La-Gacilly-site-officiel.jpg\"><img decoding=\"async\" class=\"aligncenter wp-image-69847 size-large\" src=\"https:\/\/cparici.com\/wp-content\/uploads\/2025\/08\/La-Gacilly-site-officiel-1024x540.jpg\" alt=\"La Gacilly site officiel\" width=\"1024\" height=\"540\" srcset=\"https:\/\/cparici.com\/wp-content\/uploads\/2025\/08\/La-Gacilly-site-officiel-1024x540.jpg 1024w, https:\/\/cparici.com\/wp-content\/uploads\/2025\/08\/La-Gacilly-site-officiel-300x158.jpg 300w, https:\/\/cparici.com\/wp-content\/uploads\/2025\/08\/La-Gacilly-site-officiel-768x405.jpg 768w, https:\/\/cparici.com\/wp-content\/uploads\/2025\/08\/La-Gacilly-site-officiel-1536x811.jpg 1536w, https:\/\/cparici.com\/wp-content\/uploads\/2025\/08\/La-Gacilly-site-officiel-18x10.jpg 18w, https:\/\/cparici.com\/wp-content\/uploads\/2025\/08\/La-Gacilly-site-officiel-590x311.jpg 590w, https:\/\/cparici.com\/wp-content\/uploads\/2025\/08\/La-Gacilly-site-officiel-1200x633.jpg 1200w, https:\/\/cparici.com\/wp-content\/uploads\/2025\/08\/La-Gacilly-site-officiel-577x305.jpg 577w, https:\/\/cparici.com\/wp-content\/uploads\/2025\/08\/La-Gacilly-site-officiel-600x317.jpg 600w, https:\/\/cparici.com\/wp-content\/uploads\/2025\/08\/La-Gacilly-site-officiel.jpg 1673w\" sizes=\"(max-width: 1024px) 100vw, 1024px\" \/><\/a><\/p><h2 data-start=\"2034\" data-end=\"2078\">Saveurs bretonnes et gastronomie locale<\/h2><p data-start=\"2080\" data-end=\"2541\">Visiter <strong data-start=\"2088\" data-end=\"2102\">La Gacilly<\/strong>, c\u2019est aussi d\u00e9couvrir les <strong data-start=\"2130\" data-end=\"2167\">plaisirs gourmands de la Bretagne<\/strong>. Les restaurants et cr\u00eaperies du village mettent \u00e0 l\u2019honneur les sp\u00e9cialit\u00e9s locales : <strong data-start=\"2255\" data-end=\"2287\"><a href=\"https:\/\/cparici.com\/galette-bretonne\/\">galettes<\/a> de sarrasin garnies<\/strong>, <strong data-start=\"2289\" data-end=\"2307\"><a href=\"https:\/\/cparici.com\/recette-crepe\/\">cr\u00eapes<\/a> sucr\u00e9es<\/strong>, <strong data-start=\"2309\" data-end=\"2330\">cidres artisanaux<\/strong> et produits issus de l\u2019agriculture biologique. Certains \u00e9tablissements s\u2019approvisionnent directement aupr\u00e8s des producteurs locaux, renfor\u00e7ant l\u2019image d\u2019un village tourn\u00e9 vers l\u2019authenticit\u00e9 et la durabilit\u00e9.<\/p><p data-start=\"2543\" data-end=\"2848\">L\u2019<strong data-start=\"2545\" data-end=\"2581\">\u00c9co-H\u00f4tel Spa La Gr\u00e9e des Landes<\/strong>, d\u00e9j\u00e0 mentionn\u00e9, propose \u00e9galement une restauration gastronomique bio et locavore, dans le respect de la saisonnalit\u00e9 et des circuits courts. Une exp\u00e9rience culinaire unique qui attire autant les visiteurs de passage que les gourmets en qu\u00eate de nouvelles saveurs.<\/p><h2 data-start=\"2855\" data-end=\"2907\">Une immersion totale dans l\u2019art de vivre breton<\/h2><p data-start=\"2909\" data-end=\"3225\">\u00c0 travers ses march\u00e9s, ses artisans et sa gastronomie, <strong data-start=\"2964\" data-end=\"2978\">La Gacilly<\/strong> illustre parfaitement l\u2019<strong data-start=\"3003\" data-end=\"3026\">art de vivre breton<\/strong>. Ce village ne se visite pas seulement : il se go\u00fbte, il se respire, il se ressent. Chaque rue, chaque boutique, chaque assiette raconte une histoire, celle d\u2019une Bretagne vivante et accueillante.<\/p><p data-start=\"3227\" data-end=\"3432\">En s\u00e9journant \u00e0 <strong data-start=\"3243\" data-end=\"3257\">La Gacilly<\/strong>, les voyageurs d\u00e9couvrent non seulement un patrimoine culturel et naturel unique, mais aussi une communaut\u00e9 chaleureuse et cr\u00e9ative, profond\u00e9ment attach\u00e9e \u00e0 son territoire.<\/p><h2 data-start=\"227\" data-end=\"265\">Foire Aux Questions sur La Gacilly<\/h2><h3 data-start=\"267\" data-end=\"342\">Le festival photo de La Gacilly est-il gratuit et quand a-t-il lieu ?<\/h3><p data-start=\"343\" data-end=\"528\">Oui, le <strong data-start=\"351\" data-end=\"383\">Festival Photo de La Gacilly<\/strong> est enti\u00e8rement gratuit. Il se d\u00e9roule chaque ann\u00e9e de juin \u00e0 octobre, transformant le village en une gigantesque galerie d\u2019art \u00e0 ciel ouvert.<\/p><h3 data-start=\"530\" data-end=\"611\">Quelles sont les collections du Jardin botanique Yves Rocher \u00e0 La Gacilly ?<\/h3><p data-start=\"612\" data-end=\"794\">Le <strong data-start=\"615\" data-end=\"661\">Jardin botanique Yves Rocher de La Gacilly<\/strong> abrite plus de 1 100 esp\u00e8ces v\u00e9g\u00e9tales, dont une collection unique d\u2019Artemisia, utilis\u00e9es en cosm\u00e9tique, m\u00e9decine et alimentation.<\/p><h3 data-start=\"796\" data-end=\"859\">Peut-on s\u00e9journer \u00e0 La Gacilly dans un h\u00f4tel \u00e9cologique ?<\/h3><p data-start=\"860\" data-end=\"1050\">Absolument ! <strong data-start=\"873\" data-end=\"887\">La Gacilly<\/strong> accueille l\u2019<strong data-start=\"900\" data-end=\"936\">\u00c9co-H\u00f4tel Spa La Gr\u00e9e des Landes<\/strong>, un \u00e9tablissement pionnier en \u00e9cotourisme qui propose des chambres \u00e9co-con\u00e7ues, un spa et une restauration bio.<\/p><h3 data-start=\"1052\" data-end=\"1118\">Quels monuments historiques d\u00e9couvrir autour de La Gacilly ?<\/h3><p data-start=\"1119\" data-end=\"1321\">Parmi les lieux embl\u00e9matiques de <strong data-start=\"1152\" data-end=\"1166\">La Gacilly<\/strong>, on trouve le <strong data-start=\"1181\" data-end=\"1210\">Ch\u00e2teau de la For\u00eat Neuve<\/strong>, le <strong data-start=\"1215\" data-end=\"1244\">menhir de la Roche Piqu\u00e9e<\/strong> et l\u2019<strong data-start=\"1250\" data-end=\"1278\">\u00e9tang de la Rocquennerie<\/strong>, parfaits pour allier culture et nature.<\/p><h3 data-start=\"1323\" data-end=\"1385\">Comment se rendre \u00e0 La Gacilly depuis Rennes ou Vannes ?<\/h3><p data-start=\"1386\" data-end=\"1564\">Depuis <strong data-start=\"1393\" data-end=\"1403\">Rennes<\/strong>, comptez environ 1h15 de route pour rejoindre <strong data-start=\"1450\" data-end=\"1464\">La Gacilly<\/strong>. Depuis <strong data-start=\"1473\" data-end=\"1483\">Vannes<\/strong>, le trajet est d\u2019environ une heure. La gare la plus proche est celle de Redon.<\/p><h3 data-start=\"1566\" data-end=\"1623\">Y a-t-il des artisans et des march\u00e9s \u00e0 La Gacilly ?<\/h3><p data-start=\"1624\" data-end=\"1803\">Oui, <strong data-start=\"1629\" data-end=\"1643\">La Gacilly<\/strong> est r\u00e9put\u00e9e pour ses <strong data-start=\"1665\" data-end=\"1683\">artisans d\u2019art<\/strong> : c\u00e9ramistes, verriers, bijoutiers\u2026 Chaque samedi, le march\u00e9 local anime le village avec des produits bretons et bio.<\/p><h3 data-start=\"1805\" data-end=\"1877\">Quelle est la fr\u00e9quentation typique du festival Photo La Gacilly ?<\/h3><p data-start=\"1878\" data-end=\"2024\">Le <strong data-start=\"1881\" data-end=\"1910\">Festival Photo La Gacilly<\/strong> attire chaque ann\u00e9e plus de <strong data-start=\"1939\" data-end=\"1960\">300 000 visiteurs<\/strong>, ce qui en fait le plus grand \u00e9v\u00e9nement culturel du Morbihan.<\/p><h3 data-start=\"2026\" data-end=\"2090\">La Gacilly est-elle une destination adapt\u00e9e aux familles ?<\/h3><p data-start=\"2091\" data-end=\"2277\">Oui, <strong data-start=\"2096\" data-end=\"2110\">La Gacilly<\/strong> s\u00e9duit les familles gr\u00e2ce \u00e0 ses balades dans la vall\u00e9e de l\u2019Aff, son jardin botanique p\u00e9dagogique, son festival photo gratuit et ses espaces naturels comme l\u2019\u00e9tang.<\/p><h2 data-start=\"205\" data-end=\"219\">Conclusion<\/h2><p data-start=\"221\" data-end=\"661\">En parcourant ses ruelles fleuries, en admirant les expositions du <strong data-start=\"288\" data-end=\"306\">Festival Photo<\/strong>, en explorant le <strong data-start=\"324\" data-end=\"356\">Jardin botanique Yves Rocher<\/strong> ou en go\u00fbtant aux saveurs locales, on comprend vite pourquoi <strong data-start=\"418\" data-end=\"432\">La Gacilly<\/strong> est devenue une destination incontournable du <strong data-start=\"479\" data-end=\"491\">Morbihan<\/strong>. Ce village unique a su allier son <strong data-start=\"527\" data-end=\"552\">patrimoine historique<\/strong>, son <strong data-start=\"558\" data-end=\"583\">engagement \u00e9cologique<\/strong> et sa <strong data-start=\"590\" data-end=\"615\">cr\u00e9ativit\u00e9 artistique<\/strong> pour s\u00e9duire les visiteurs du monde entier.<\/p><p data-start=\"663\" data-end=\"849\">Plus qu\u2019un simple lieu touristique, <strong data-start=\"699\" data-end=\"713\">La Gacilly<\/strong> est une v\u00e9ritable exp\u00e9rience de vie : une immersion au c\u0153ur de la Bretagne, o\u00f9 la nature inspire l\u2019art et o\u00f9 l\u2019art sublime la nature.<\/p><p data-start=\"663\" data-end=\"849\">Pour en savoir plus sur La Gacilly, <a href=\"https:\/\/lagacilly.fr\/\" target=\"_blank\" rel=\"noopener\">c\u2019est par ici!<\/a><\/p>\t\t\t\t\t\t\t\t<\/div>\n\t\t\t\t\t<\/div>\n\t\t\t\t<\/div>\n\t\t<aside class=\"elementor-element elementor-element-365e376 e-flex e-con-boxed e-con e-parent\" data-id=\"365e376\" data-element_type=\"container\" data-e-type=\"container\">\n\t\t\t\t\t<div class=\"e-con-inner\">\n\t\t\t\t<div class=\"elementor-element elementor-element-03e965a elementor-widget elementor-widget-listeo-posts-grid\" data-id=\"03e965a\" data-element_type=\"widget\" data-e-type=\"widget\" data-widget_type=\"listeo-posts-grid.default\">\n\t\t\t\t<div class=\"elementor-widget-container\">\n\t\t\t\t\t\t\t\n\t\t<div class=\"listeo-post-grid-wrapper\">\n\t\t\t<div class=\"row\">\n\n\t\t\t\n\n\t\t\t\t\t\t\t<div class=\"col-md-4\">\n                <a href=\"https:\/\/cparici.com\/de\/la-gacilly\/\" class=\"blog-compact-item-container\">\n                    <div class=\"blog-compact-item\">\n                        <img decoding=\"async\" width=\"577\" height=\"204\" src=\"https:\/\/cparici.com\/wp-content\/uploads\/2025\/08\/cparici-2025-08-29T173326.988-577x204.jpg\" class=\"attachment-listeo-blog-related-post size-listeo-blog-related-post wp-post-image\" alt=\"La Gacilly\" srcset=\"https:\/\/cparici.com\/wp-content\/uploads\/2025\/08\/cparici-2025-08-29T173326.988-577x204.jpg 577w, https:\/\/cparici.com\/wp-content\/uploads\/2025\/08\/cparici-2025-08-29T173326.988-300x106.jpg 300w, https:\/\/cparici.com\/wp-content\/uploads\/2025\/08\/cparici-2025-08-29T173326.988-1024x362.jpg 1024w, https:\/\/cparici.com\/wp-content\/uploads\/2025\/08\/cparici-2025-08-29T173326.988-768x271.jpg 768w, https:\/\/cparici.com\/wp-content\/uploads\/2025\/08\/cparici-2025-08-29T173326.988-18x6.jpg 18w, https:\/\/cparici.com\/wp-content\/uploads\/2025\/08\/cparici-2025-08-29T173326.988-590x208.jpg 590w, https:\/\/cparici.com\/wp-content\/uploads\/2025\/08\/cparici-2025-08-29T173326.988-1200x424.jpg 1200w, https:\/\/cparici.com\/wp-content\/uploads\/2025\/08\/cparici-2025-08-29T173326.988-600x212.jpg 600w, https:\/\/cparici.com\/wp-content\/uploads\/2025\/08\/cparici-2025-08-29T173326.988.jpg 1500w\" sizes=\"(max-width: 577px) 100vw, 577px\" \/><span class=\"blog-item-tag\">Bretagne<\/span>                        \n                        <div class=\"blog-compact-item-content\">\n                                                        <h3>La Gacilly<\/h3>\n                                                        <p>Recherches populaires Categories Pas de r\u00e9sultats Voir tous les r\u00e9sultats La Gacilly Situ\u00e9e au c\u0153ur...                            <\/p>\n                                                    <\/div>\n                    <\/div>\n                <\/a>\n            <\/div>\n\t\t\t<div class=\"col-md-4\">\n                <a href=\"https:\/\/cparici.com\/de\/laita\/\" class=\"blog-compact-item-container\">\n                    <div class=\"blog-compact-item\">\n                        <img decoding=\"async\" width=\"577\" height=\"204\" src=\"https:\/\/cparici.com\/wp-content\/uploads\/2025\/03\/cparici-2025-03-03T144030.971-577x204.jpg\" class=\"attachment-listeo-blog-related-post size-listeo-blog-related-post wp-post-image\" alt=\"La La\u00efta\" srcset=\"https:\/\/cparici.com\/wp-content\/uploads\/2025\/03\/cparici-2025-03-03T144030.971-577x204.jpg 577w, https:\/\/cparici.com\/wp-content\/uploads\/2025\/03\/cparici-2025-03-03T144030.971-300x106.jpg 300w, https:\/\/cparici.com\/wp-content\/uploads\/2025\/03\/cparici-2025-03-03T144030.971-1024x362.jpg 1024w, https:\/\/cparici.com\/wp-content\/uploads\/2025\/03\/cparici-2025-03-03T144030.971-768x271.jpg 768w, https:\/\/cparici.com\/wp-content\/uploads\/2025\/03\/cparici-2025-03-03T144030.971-18x6.jpg 18w, https:\/\/cparici.com\/wp-content\/uploads\/2025\/03\/cparici-2025-03-03T144030.971-590x208.jpg 590w, https:\/\/cparici.com\/wp-content\/uploads\/2025\/03\/cparici-2025-03-03T144030.971-1200x424.jpg 1200w, https:\/\/cparici.com\/wp-content\/uploads\/2025\/03\/cparici-2025-03-03T144030.971-600x212.jpg 600w, https:\/\/cparici.com\/wp-content\/uploads\/2025\/03\/cparici-2025-03-03T144030.971.jpg 1500w\" sizes=\"(max-width: 577px) 100vw, 577px\" \/><span class=\"blog-item-tag\">Bretagne<\/span>                        \n                        <div class=\"blog-compact-item-content\">\n                                                        <h3>La La\u00efta<\/h3>\n                                                        <p>La La\u00efta La La\u00efta est une rivi\u00e8re c\u00f4ti\u00e8re bretonne, fruit de la confluence de l\u2019Ell\u00e9...                            <\/p>\n                                                    <\/div>\n                    <\/div>\n                <\/a>\n            <\/div>\n\t\t\t<div class=\"col-md-4\">\n                <a href=\"https:\/\/cparici.com\/de\/la-belle-iloise-la-conserverie\/\" class=\"blog-compact-item-container\">\n                    <div class=\"blog-compact-item\">\n                        <img decoding=\"async\" width=\"577\" height=\"212\" src=\"https:\/\/cparici.com\/wp-content\/uploads\/2024\/07\/la-belle-iloise-conserverie.jpg\" class=\"attachment-listeo-blog-related-post size-listeo-blog-related-post wp-post-image\" alt=\"la belle iloise conserverie\" srcset=\"https:\/\/cparici.com\/wp-content\/uploads\/2024\/07\/la-belle-iloise-conserverie.jpg 1450w, https:\/\/cparici.com\/wp-content\/uploads\/2024\/07\/la-belle-iloise-conserverie-600x221.jpg 600w, https:\/\/cparici.com\/wp-content\/uploads\/2024\/07\/la-belle-iloise-conserverie-300x110.jpg 300w, https:\/\/cparici.com\/wp-content\/uploads\/2024\/07\/la-belle-iloise-conserverie-1024x377.jpg 1024w, https:\/\/cparici.com\/wp-content\/uploads\/2024\/07\/la-belle-iloise-conserverie-768x283.jpg 768w\" sizes=\"(max-width: 577px) 100vw, 577px\" \/><span class=\"blog-item-tag\">Bretagne<\/span>                        \n                        <div class=\"blog-compact-item-content\">\n                                                        <h3>La belle iloise : La Conserverie<\/h3>\n                                                        <p>D\u00e9couvrez La belle iloise, la conserverie fran\u00e7aise de renom. Plongez dans son histoire, ses produits...                            <\/p>\n                                                    <\/div>\n                    <\/div>\n                <\/a>\n            <\/div>\n  <\/div>\n        <\/div>\n        \t\t\t\t<\/div>\n\t\t\t\t<\/div>\n\t\t\t\t\t<\/div>\n\t\t\t\t<\/aside>\n\t\t\t\t<\/div>\n\t\t","protected":false},"excerpt":{"rendered":"<p>Recherches populaires Categories Pas de r\u00e9sultats Voir tous les r\u00e9sultats La Gacilly Situ\u00e9e au c\u0153ur du Morbihan, La Gacilly est un village breton o\u00f9 la nature, la culture et l\u2019histoire se rencontrent dans une harmonie rare. Ce lieu embl\u00e9matique, rendu c\u00e9l\u00e8bre comme berceau d\u2019Yves Rocher, attire chaque ann\u00e9e des milliers de visiteurs en qu\u00eate d\u2019authenticit\u00e9. [&hellip;]<\/p>\n","protected":false},"author":97,"featured_media":69846,"comment_status":"closed","ping_status":"closed","sticky":false,"template":"","format":"standard","meta":{"ngg_post_thumbnail":0,"footnotes":""},"categories":[2792,478,477,529],"tags":[],"class_list":["post-69845","post","type-post","status-publish","format-standard","has-post-thumbnail","hentry","category-la-gacilly","category-bretagne","category-france","category-morbihan"],"_links":{"self":[{"href":"https:\/\/cparici.com\/de\/wp-json\/wp\/v2\/posts\/69845","targetHints":{"allow":["GET"]}}],"collection":[{"href":"https:\/\/cparici.com\/de\/wp-json\/wp\/v2\/posts"}],"about":[{"href":"https:\/\/cparici.com\/de\/wp-json\/wp\/v2\/types\/post"}],"author":[{"embeddable":true,"href":"https:\/\/cparici.com\/de\/wp-json\/wp\/v2\/users\/97"}],"replies":[{"embeddable":true,"href":"https:\/\/cparici.com\/de\/wp-json\/wp\/v2\/comments?post=69845"}],"version-history":[{"count":2,"href":"https:\/\/cparici.com\/de\/wp-json\/wp\/v2\/posts\/69845\/revisions"}],"predecessor-version":[{"id":89176,"href":"https:\/\/cparici.com\/de\/wp-json\/wp\/v2\/posts\/69845\/revisions\/89176"}],"wp:featuredmedia":[{"embeddable":true,"href":"https:\/\/cparici.com\/de\/wp-json\/wp\/v2\/media\/69846"}],"wp:attachment":[{"href":"https:\/\/cparici.com\/de\/wp-json\/wp\/v2\/media?parent=69845"}],"wp:term":[{"taxonomy":"category","embeddable":true,"href":"https:\/\/cparici.com\/de\/wp-json\/wp\/v2\/categories?post=69845"},{"taxonomy":"post_tag","embeddable":true,"href":"https:\/\/cparici.com\/de\/wp-json\/wp\/v2\/tags?post=69845"}],"curies":[{"name":"wp","href":"https:\/\/api.w.org\/{rel}","templated":true}]}}