{"id":70539,"date":"2025-09-16T08:31:30","date_gmt":"2025-09-16T06:31:30","guid":{"rendered":"https:\/\/cparici.com\/?p=70539"},"modified":"2026-04-26T21:17:31","modified_gmt":"2026-04-26T19:17:31","slug":"valenz","status":"publish","type":"post","link":"https:\/\/cparici.com\/de\/valence\/","title":{"rendered":"Valencia: Ein umfassender Reisef\u00fchrer f\u00fcr die Stadt"},"content":{"rendered":"\t\t<div data-elementor-type=\"wp-post\" data-elementor-id=\"70539\" class=\"elementor elementor-70539\" data-elementor-post-type=\"post\">\n\t\t\t\t<div class=\"elementor-element elementor-element-c2569e1 e-con-full e-flex e-con e-parent\" data-id=\"c2569e1\" data-element_type=\"container\" data-e-type=\"container\">\n\t\t\t\t<div class=\"elementor-element elementor-element-1b37e89 elementor-widget elementor-widget-image\" data-id=\"1b37e89\" data-element_type=\"widget\" data-e-type=\"widget\" data-widget_type=\"image.default\">\n\t\t\t\t\t\t\t\t\t\t\t\t\t\t\t<img decoding=\"async\" width=\"1500\" height=\"530\" src=\"https:\/\/cparici.com\/wp-content\/uploads\/2025\/09\/cparici-2025-09-12T120759.298.jpg\" class=\"attachment-full size-full wp-image-70540\" alt=\"Valence dans la Dr\u00f4me\" srcset=\"https:\/\/cparici.com\/wp-content\/uploads\/2025\/09\/cparici-2025-09-12T120759.298.jpg 1500w, https:\/\/cparici.com\/wp-content\/uploads\/2025\/09\/cparici-2025-09-12T120759.298-300x106.jpg 300w, https:\/\/cparici.com\/wp-content\/uploads\/2025\/09\/cparici-2025-09-12T120759.298-1024x362.jpg 1024w, https:\/\/cparici.com\/wp-content\/uploads\/2025\/09\/cparici-2025-09-12T120759.298-768x271.jpg 768w, https:\/\/cparici.com\/wp-content\/uploads\/2025\/09\/cparici-2025-09-12T120759.298-18x6.jpg 18w, https:\/\/cparici.com\/wp-content\/uploads\/2025\/09\/cparici-2025-09-12T120759.298-590x208.jpg 590w, https:\/\/cparici.com\/wp-content\/uploads\/2025\/09\/cparici-2025-09-12T120759.298-1200x424.jpg 1200w, https:\/\/cparici.com\/wp-content\/uploads\/2025\/09\/cparici-2025-09-12T120759.298-577x204.jpg 577w, https:\/\/cparici.com\/wp-content\/uploads\/2025\/09\/cparici-2025-09-12T120759.298-600x212.jpg 600w\" sizes=\"(max-width: 1500px) 100vw, 1500px\" \/>\t\t\t\t\t\t\t\t\t\t\t\t\t\t\t<\/div>\n\t\t\t\t<\/div>\n\t\t<aside class=\"elementor-element elementor-element-8c2ef33 e-flex e-con-boxed e-con e-parent\" data-id=\"8c2ef33\" data-element_type=\"container\" data-e-type=\"container\">\n\t\t\t\t\t<div class=\"e-con-inner\">\n\t\t\t\t<div class=\"elementor-element elementor-element-d220c42 elementor-widget elementor-widget-global elementor-global-62046 elementor-widget-eael-advanced-search\" data-id=\"d220c42\" data-element_type=\"widget\" data-e-type=\"widget\" data-widget_type=\"eael-advanced-search.default\">\n\t\t\t\t\t        <div class=\"eael-adv-search-wrapper\">\n            <div id=\"eael-advanced-search-widget-d220c42\" class=\"eael-advanced-search-widget\">\n                <form data-settings=\"{&quot;post_per_page&quot;:5,&quot;search_among_taxonomies&quot;:&quot;&quot;,&quot;search_among_sku&quot;:&quot;no&quot;,&quot;show_popular_keyword&quot;:0,&quot;show_category&quot;:0,&quot;show_content_image&quot;:1,&quot;show_search_result_all_results&quot;:0,&quot;result_on_new_tab&quot;:&quot;no&quot;,&quot;show_product_price&quot;:&quot;no&quot;,&quot;include_current_page&quot;:&quot;no&quot;,&quot;current_post_id&quot;:70539,&quot;post_type&quot;:[&quot;post&quot;,&quot;listing&quot;]}\" method=\"POST\" name=\"eael-advanced-search-form-d220c42\" class=\"eael-advanced-search-form eael-advanced-search-form-style-2\">\n                    <div class=\"eael-advanced-search-wrap\">\n                        <span class=\"eael-adv-search-loader\"><\/span>\n                        <span class=\"eael-adv-search-close\"><i class=\"fas fa-times\"><\/i><\/span>\n                        <span class=\"icon \"><i class=\"fas fa-search\"><\/i><\/span>\n\n                        <input type=\"text\"\n                               placeholder=\"Votre destination\"\n                               class=\"eael-advanced-search\" autocomplete=\"off\" name=\"eael_advanced_search\">\n                    <\/div>\n\t\t\t\t\t                                    <\/form>\n\n\t\t\t\t\n\t\t\t\t        <div class=\"eael-advanced-search-result\">\n            <div class=\"eael-advanced-search-popular-keyword\">\n\t\t\t\t<h4 class=\"eael-advanced-search-popular-keyword-text\">Recherches populaires<\/h4>                <div class=\"eael-popular-keyword-content\"><\/div>\n            <\/div>\n            <div class=\"eael-advanced-search-category\">\n\t\t\t\t<h4 class=\"eael-advanced-search-category-text\">Categories<\/h4>                <div class=\"eael-popular-category-content\"><\/div>\n            <\/div>\n\t\t\t<div class=\"eael-advanced-search-total-results-section\">\n\t\t\t\t\t\t\t<\/div>\n            <div class=\"eael-advanced-search-content eael-item-style-3\">\n            <\/div>\n            <div class=\"eael-advanced-search-not-found\">\n                <p>Pas de r\u00e9sultats<\/p><\/div>\n            <div class=\"eael-advanced-search-load-more\">\n\t\t\t\t<a \tclass=\"eael-advanced-search-load-more-button\"\n                \thref=\"#\">Voir tous les r\u00e9sultats<\/a>\n            <\/div>\n        <\/div>\n\n\t\t            <\/div>\n        <\/div>\n\n\t\t\t\t\t\t<\/div>\n\t\t\t\t\t<\/div>\n\t\t\t\t<\/aside>\n\t\t<div class=\"elementor-element elementor-element-48ef1ee0 e-flex e-con-boxed e-con e-parent\" data-id=\"48ef1ee0\" data-element_type=\"container\" data-e-type=\"container\">\n\t\t\t\t\t<div class=\"e-con-inner\">\n\t\t\t\t<div class=\"elementor-element elementor-element-279e411c elementor-widget elementor-widget-text-editor\" data-id=\"279e411c\" data-element_type=\"widget\" data-e-type=\"widget\" data-widget_type=\"text-editor.default\">\n\t\t\t\t\t\t\t\t\t<h1 style=\"text-align: center;\" data-start=\"711\" data-end=\"1187\">Valence : guide complet pour d\u00e9couvrir la ville<\/h1><p data-start=\"711\" data-end=\"1187\"><strong data-start=\"749\" data-end=\"760\">Valence<\/strong> est une ville embl\u00e9matique de la <a href=\"https:\/\/cparici.com\/drome\/\">Dr\u00f4me<\/a>, situ\u00e9e au c\u0153ur de la vall\u00e9e du Rh\u00f4ne, souvent qualifi\u00e9e de \u00ab porte du Midi \u00bb gr\u00e2ce \u00e0 son climat doux et \u00e0 son charme m\u00e9ridional. Travers\u00e9e par le Rh\u00f4ne, bord\u00e9e de collines et entour\u00e9e de paysages verdoyants, <strong data-start=\"971\" data-end=\"982\">Valence<\/strong> s\u00e9duit par son \u00e9quilibre unique entre patrimoine, nature et modernit\u00e9. Capitale de la Dr\u00f4me, en <a href=\"https:\/\/cparici.com\/auvergne-rhone-alpes\/\">Auvergne-Rh\u00f4ne-Alpes<\/a>, cette cit\u00e9 est autant un lieu de culture qu\u2019un point de d\u00e9part id\u00e9al pour explorer les richesses <strong data-start=\"1173\" data-end=\"1184\">du pays<\/strong>.<\/p><p data-start=\"1189\" data-end=\"1612\">Que l\u2019on souhaite fl\u00e2ner dans ses ruelles pav\u00e9es, admirer son <strong data-start=\"1251\" data-end=\"1272\">centre historique<\/strong>, profiter de ses <strong data-start=\"1290\" data-end=\"1299\">parcs<\/strong> ou d\u00e9guster ses sp\u00e9cialit\u00e9s locales, visiter <strong data-start=\"1345\" data-end=\"1356\">Valence<\/strong> est une exp\u00e9rience o\u00f9 se conjuguent authenticit\u00e9 et douceur de vivre. Ce guide complet vous fera d\u00e9couvrir la richesse de son pass\u00e9, ses incontournables touristiques, ses saveurs gourmandes et les nombreuses activit\u00e9s qui en font une destination pris\u00e9e.<\/p><h2 data-start=\"185\" data-end=\"256\">Que faire \u00e0 Valence : les 10 incontournables \u00e0 d\u00e9couvrir absolument<\/h2><h3 data-start=\"258\" data-end=\"296\">1. Explorer le centre historique<\/h3><p data-start=\"297\" data-end=\"811\">Le <strong data-start=\"300\" data-end=\"332\">centre historique de Valence<\/strong> est un v\u00e9ritable mus\u00e9e \u00e0 ciel ouvert. Ses ruelles \u00e9troites bord\u00e9es de maisons anciennes invitent \u00e0 la fl\u00e2nerie. On y d\u00e9couvre des fa\u00e7ades m\u00e9di\u00e9vales, des h\u00f4tels particuliers de la Renaissance et des places vivantes o\u00f9 il fait bon s\u2019arr\u00eater. Le quartier conserve une atmosph\u00e8re chaleureuse, typique des villes du Sud. C\u2019est le point de d\u00e9part id\u00e9al pour toute visite de <strong data-start=\"702\" data-end=\"713\">Valence<\/strong>, car il concentre les monuments les plus embl\u00e9matiques et permet de ressentir l\u2019\u00e2me de la cit\u00e9.<\/p><h3 data-start=\"818\" data-end=\"866\">2. Visiter la cath\u00e9drale Saint-Apollinaire<\/h3><p data-start=\"867\" data-end=\"1360\">Datant du XIe si\u00e8cle, la <strong data-start=\"892\" data-end=\"924\">cath\u00e9drale Saint-Apollinaire<\/strong> est un joyau de l\u2019art roman proven\u00e7al. Elle est consacr\u00e9e \u00e0 saint Apollinaire, premier \u00e9v\u00eaque de la ville. Son clocher massif, ses vitraux color\u00e9s et ses chapiteaux sculpt\u00e9s en font un monument impressionnant. Restaur\u00e9e \u00e0 plusieurs reprises, elle t\u00e9moigne de l\u2019importance religieuse de <strong data-start=\"1211\" data-end=\"1222\">Valence<\/strong> au fil des si\u00e8cles. Les visiteurs peuvent admirer son int\u00e9rieur sobre mais majestueux, v\u00e9ritable havre de paix en plein c\u0153ur du centre.<\/p><p data-start=\"867\" data-end=\"1360\"><a href=\"https:\/\/cparici.com\/wp-content\/uploads\/2025\/09\/cparici-2025-09-12T143016.300.jpg\"><img decoding=\"async\" class=\"aligncenter wp-image-70542 size-full\" src=\"https:\/\/cparici.com\/wp-content\/uploads\/2025\/09\/cparici-2025-09-12T143016.300.jpg\" alt=\"Valence cath\u00e9drale Saint-Apollinaire\" width=\"1500\" height=\"530\" srcset=\"https:\/\/cparici.com\/wp-content\/uploads\/2025\/09\/cparici-2025-09-12T143016.300.jpg 1500w, https:\/\/cparici.com\/wp-content\/uploads\/2025\/09\/cparici-2025-09-12T143016.300-300x106.jpg 300w, https:\/\/cparici.com\/wp-content\/uploads\/2025\/09\/cparici-2025-09-12T143016.300-1024x362.jpg 1024w, https:\/\/cparici.com\/wp-content\/uploads\/2025\/09\/cparici-2025-09-12T143016.300-768x271.jpg 768w, https:\/\/cparici.com\/wp-content\/uploads\/2025\/09\/cparici-2025-09-12T143016.300-18x6.jpg 18w, https:\/\/cparici.com\/wp-content\/uploads\/2025\/09\/cparici-2025-09-12T143016.300-590x208.jpg 590w, https:\/\/cparici.com\/wp-content\/uploads\/2025\/09\/cparici-2025-09-12T143016.300-1200x424.jpg 1200w, https:\/\/cparici.com\/wp-content\/uploads\/2025\/09\/cparici-2025-09-12T143016.300-577x204.jpg 577w, https:\/\/cparici.com\/wp-content\/uploads\/2025\/09\/cparici-2025-09-12T143016.300-600x212.jpg 600w\" sizes=\"(max-width: 1500px) 100vw, 1500px\" \/><\/a><\/p><p data-start=\"867\" data-end=\"1360\">\u00a0<\/p><h3 data-start=\"1367\" data-end=\"1405\">3. D\u00e9couvrir la Maison des T\u00eates<\/h3><p data-start=\"1406\" data-end=\"1891\">La <strong data-start=\"1409\" data-end=\"1429\">Maison des T\u00eates<\/strong>, construite en 1530, est l\u2019un des monuments les plus fascinants de <strong data-start=\"1497\" data-end=\"1508\">Valence<\/strong>. Sa fa\u00e7ade Renaissance est d\u00e9cor\u00e9e de sculptures repr\u00e9sentant des t\u00eates humaines et all\u00e9goriques, symbolisant les vents, la fortune ou encore la loi. \u00c0 l\u2019int\u00e9rieur, des plafonds \u00e0 caissons et des d\u00e9cors raffin\u00e9s racontent la richesse pass\u00e9e de la ville. Aujourd\u2019hui, le lieu abrite des expositions temporaires et attire les passionn\u00e9s d\u2019histoire comme les amateurs d\u2019architecture.<\/p><h3 data-start=\"1898\" data-end=\"1933\">4. Se d\u00e9tendre au parc Jouvet<\/h3><p data-start=\"1934\" data-end=\"2436\">Le <strong data-start=\"1937\" data-end=\"1952\">parc Jouvet<\/strong> est le plus grand espace vert de <strong data-start=\"1986\" data-end=\"1997\">Valence<\/strong>. Avec ses 7 hectares de pelouses, ses arbres centenaires et ses parterres fleuris, il constitue un v\u00e9ritable havre de paix. Les Valentinois aiment s\u2019y retrouver pour des pique-niques, des promenades ou des jeux en famille. Le parc abrite \u00e9galement une aire de jeux pour enfants, des sculptures et une vue magnifique sur le Rh\u00f4ne et les collines ard\u00e9choises. C\u2019est un lieu incontournable pour profiter de la douceur de vivre de la ville.<\/p><p data-start=\"1934\" data-end=\"2436\"><a href=\"https:\/\/cparici.com\/wp-content\/uploads\/2025\/09\/cparici-2025-09-12T121147.384.jpg\"><img decoding=\"async\" class=\"aligncenter wp-image-70541 size-full\" src=\"https:\/\/cparici.com\/wp-content\/uploads\/2025\/09\/cparici-2025-09-12T121147.384.jpg\" alt=\"Valence Parc Jouvet\" width=\"1500\" height=\"530\" srcset=\"https:\/\/cparici.com\/wp-content\/uploads\/2025\/09\/cparici-2025-09-12T121147.384.jpg 1500w, https:\/\/cparici.com\/wp-content\/uploads\/2025\/09\/cparici-2025-09-12T121147.384-300x106.jpg 300w, https:\/\/cparici.com\/wp-content\/uploads\/2025\/09\/cparici-2025-09-12T121147.384-1024x362.jpg 1024w, https:\/\/cparici.com\/wp-content\/uploads\/2025\/09\/cparici-2025-09-12T121147.384-768x271.jpg 768w, https:\/\/cparici.com\/wp-content\/uploads\/2025\/09\/cparici-2025-09-12T121147.384-18x6.jpg 18w, https:\/\/cparici.com\/wp-content\/uploads\/2025\/09\/cparici-2025-09-12T121147.384-590x208.jpg 590w, https:\/\/cparici.com\/wp-content\/uploads\/2025\/09\/cparici-2025-09-12T121147.384-1200x424.jpg 1200w, https:\/\/cparici.com\/wp-content\/uploads\/2025\/09\/cparici-2025-09-12T121147.384-577x204.jpg 577w, https:\/\/cparici.com\/wp-content\/uploads\/2025\/09\/cparici-2025-09-12T121147.384-600x212.jpg 600w\" sizes=\"(max-width: 1500px) 100vw, 1500px\" \/><\/a><\/p><h3 data-start=\"2443\" data-end=\"2472\">5. Admirer le Pendentif<\/h3><p data-start=\"2473\" data-end=\"2883\">Monument rare en France, le <strong data-start=\"2501\" data-end=\"2514\">Pendentif<\/strong> est un c\u00e9notaphe construit au XVIe si\u00e8cle. Situ\u00e9 dans le vieux centre, il se distingue par son architecture \u00e9l\u00e9gante et sa vo\u00fbte en arc surbaiss\u00e9 qui repose sur des piliers d\u2019angle. Il symbolise l\u2019art de la Renaissance dans la r\u00e9gion. Bien que petit, ce monument intrigue par son raffinement et fait partie des arr\u00eats obligatoires lors d\u2019une balade dans <strong data-start=\"2869\" data-end=\"2880\">Valence<\/strong>.<\/p><h3 data-start=\"2890\" data-end=\"2929\">6. Fl\u00e2ner sur la Place des Clercs<\/h3><p data-start=\"2930\" data-end=\"3423\">La <strong data-start=\"2933\" data-end=\"2953\">Place des Clercs<\/strong> est le c\u0153ur battant de la ville. Entour\u00e9e de terrasses de caf\u00e9s, de restaurants et de boutiques, elle est toujours anim\u00e9e. C\u2019est ici que se tient le march\u00e9, haut en couleurs et en saveurs, o\u00f9 l\u2019on peut d\u00e9couvrir les produits du terroir dr\u00f4mois. En soir\u00e9e, la place devient un lieu convivial o\u00f9 se retrouvent habitants et visiteurs pour partager un verre ou un repas. V\u00e9ritable vitrine de l\u2019art de vivre valentinois, elle refl\u00e8te l\u2019identit\u00e9 chaleureuse de <strong data-start=\"3409\" data-end=\"3420\">Valence<\/strong>.<\/p><h3 data-start=\"3430\" data-end=\"3481\">7. Go\u00fbter la Suisse de Valence et les drag\u00e9es<\/h3><p data-start=\"3482\" data-end=\"3591\">La gourmandise est indissociable d\u2019un s\u00e9jour \u00e0 <strong data-start=\"3529\" data-end=\"3540\">Valence<\/strong>. Deux sp\u00e9cialit\u00e9s locales sont incontournables :<\/p><ul data-start=\"3592\" data-end=\"3971\"><li data-start=\"3592\" data-end=\"3798\"><p data-start=\"3594\" data-end=\"3798\"><strong data-start=\"3594\" data-end=\"3618\">La Suisse de Valence<\/strong>, biscuit sabl\u00e9 parfum\u00e9 \u00e0 la fleur d\u2019oranger, reconnaissable \u00e0 sa forme de garde suisse. On le trouve dans toutes les boulangeries et il accompagne \u00e0 merveille un caf\u00e9 ou un th\u00e9.<\/p><\/li><li data-start=\"3799\" data-end=\"3971\"><p data-start=\"3801\" data-end=\"3971\"><strong data-start=\"3801\" data-end=\"3827\">Les drag\u00e9es de Valence<\/strong>, r\u00e9put\u00e9es dans toute la France, sont \u00e9labor\u00e9es \u00e0 partir d\u2019amandes de qualit\u00e9. Elles sont associ\u00e9es aux mariages et aux f\u00eates traditionnelles.<\/p><\/li><\/ul><p data-start=\"3973\" data-end=\"4101\">Ces douceurs font partie int\u00e9grante du patrimoine gastronomique valentinois et constituent de d\u00e9licieux souvenirs \u00e0 rapporter.<\/p><h3 data-start=\"4108\" data-end=\"4156\">8. Visiter le Mus\u00e9e d\u2019Art et d\u2019Arch\u00e9ologie<\/h3><p data-start=\"4157\" data-end=\"4657\">Install\u00e9 dans un ancien palais \u00e9piscopal, le <strong data-start=\"4202\" data-end=\"4245\">Mus\u00e9e d\u2019Art et d\u2019Arch\u00e9ologie de Valence<\/strong> offre un voyage \u00e0 travers le temps. Sa collection couvre des p\u00e9riodes allant de l\u2019Antiquit\u00e9 \u00e0 l\u2019\u00e9poque contemporaine. On y trouve des mosa\u00efques romaines, des sculptures m\u00e9di\u00e9vales et des peintures modernes. Des expositions temporaires enrichissent r\u00e9guli\u00e8rement la visite. Situ\u00e9 au c\u0153ur de la ville, le mus\u00e9e est une \u00e9tape incontournable pour mieux comprendre l\u2019histoire culturelle et artistique de la r\u00e9gion.<\/p><h3 data-start=\"4664\" data-end=\"4705\">9. D\u00e9couvrir le port de l\u2019\u00c9pervi\u00e8re<\/h3><p data-start=\"4706\" data-end=\"5187\">En bordure du Rh\u00f4ne, le <strong data-start=\"4730\" data-end=\"4753\">port de l\u2019\u00c9pervi\u00e8re<\/strong> est le plus grand port fluvial de plaisance de France. Avec ses 420 anneaux, il attire plaisanciers et promeneurs. C\u2019est un lieu agr\u00e9able pour une balade en bord de fleuve, pour observer les bateaux ou pour pratiquer des activit\u00e9s nautiques. Le site dispose aussi d\u2019aires de pique-nique et de restaurants offrant une vue imprenable sur le Rh\u00f4ne. \u00c0 deux pas du centre-ville, il symbolise le lien fort de <strong data-start=\"5157\" data-end=\"5168\">Valence<\/strong> avec son fleuve.<\/p><h3 data-start=\"5194\" data-end=\"5242\">10. Partir en excursion dans les vignobles<\/h3><p data-start=\"5243\" data-end=\"5385\">Autour de <strong data-start=\"5253\" data-end=\"5264\">Valence<\/strong>, les vignobles prestigieux des <strong data-start=\"5296\" data-end=\"5330\">C\u00f4tes-du-Rh\u00f4ne septentrionales<\/strong> offrent des exp\u00e9riences uniques aux amateurs de vin.<\/p><ul data-start=\"5386\" data-end=\"5641\"><li data-start=\"5386\" data-end=\"5486\"><p data-start=\"5388\" data-end=\"5486\">\u00c0 <strong data-start=\"5390\" data-end=\"5410\">Tain-l\u2019Hermitage<\/strong>, les vins rouges de l\u2019Hermitage comptent parmi les plus r\u00e9put\u00e9s du monde.<\/p><\/li><li data-start=\"5487\" data-end=\"5555\"><p data-start=\"5489\" data-end=\"5555\"><strong data-start=\"5489\" data-end=\"5509\">Crozes-Hermitage<\/strong> s\u00e9duit par ses vins accessibles et fruit\u00e9s.<\/p><\/li><\/ul><p><a href=\"https:\/\/cparici.com\/wp-content\/uploads\/2025\/09\/cparici-2025-09-12T143653.311.jpg\"><img decoding=\"async\" class=\"aligncenter wp-image-70543 size-full\" src=\"https:\/\/cparici.com\/wp-content\/uploads\/2025\/09\/cparici-2025-09-12T143653.311.jpg\" alt=\"Proche de Valence vignobles de Crozes Hermitage\" width=\"1500\" height=\"530\" srcset=\"https:\/\/cparici.com\/wp-content\/uploads\/2025\/09\/cparici-2025-09-12T143653.311.jpg 1500w, https:\/\/cparici.com\/wp-content\/uploads\/2025\/09\/cparici-2025-09-12T143653.311-300x106.jpg 300w, https:\/\/cparici.com\/wp-content\/uploads\/2025\/09\/cparici-2025-09-12T143653.311-1024x362.jpg 1024w, https:\/\/cparici.com\/wp-content\/uploads\/2025\/09\/cparici-2025-09-12T143653.311-768x271.jpg 768w, https:\/\/cparici.com\/wp-content\/uploads\/2025\/09\/cparici-2025-09-12T143653.311-18x6.jpg 18w, https:\/\/cparici.com\/wp-content\/uploads\/2025\/09\/cparici-2025-09-12T143653.311-590x208.jpg 590w, https:\/\/cparici.com\/wp-content\/uploads\/2025\/09\/cparici-2025-09-12T143653.311-1200x424.jpg 1200w, https:\/\/cparici.com\/wp-content\/uploads\/2025\/09\/cparici-2025-09-12T143653.311-577x204.jpg 577w, https:\/\/cparici.com\/wp-content\/uploads\/2025\/09\/cparici-2025-09-12T143653.311-600x212.jpg 600w\" sizes=\"(max-width: 1500px) 100vw, 1500px\" \/><\/a><\/p><ul data-start=\"5386\" data-end=\"5641\"><li data-start=\"5556\" data-end=\"5641\"><p data-start=\"5558\" data-end=\"5641\"><strong data-start=\"5558\" data-end=\"5574\">Saint-Joseph<\/strong>, sur la rive ard\u00e9choise, compl\u00e8te cette route des vins renomm\u00e9e.<\/p><\/li><\/ul><p data-start=\"5643\" data-end=\"5852\">Des visites de caves, des d\u00e9gustations et des balades dans les vignes permettent de d\u00e9couvrir le savoir-faire ancestral des vignerons locaux. C\u2019est une activit\u00e9 id\u00e9ale pour enrichir son s\u00e9jour \u00e0 <strong data-start=\"5838\" data-end=\"5849\">Valence<\/strong>.<\/p><h2 data-start=\"157\" data-end=\"205\">Origines, histoire et identit\u00e9 de Valence<\/h2><h3 data-start=\"207\" data-end=\"259\">Une cit\u00e9 antique au c\u0153ur de la vall\u00e9e du Rh\u00f4ne<\/h3><p data-start=\"261\" data-end=\"661\">L\u2019histoire de <strong data-start=\"275\" data-end=\"286\">Valence<\/strong> remonte \u00e0 l\u2019\u00e9poque romaine. Fond\u00e9e sous le nom de <em data-start=\"337\" data-end=\"353\">Valentia Julia<\/em> au Ier si\u00e8cle avant J.-C., la ville s\u2019est d\u00e9velopp\u00e9e gr\u00e2ce \u00e0 sa position strat\u00e9gique sur les rives du Rh\u00f4ne et sur la grande voie de communication reliant Lyon \u00e0 la M\u00e9diterran\u00e9e. D\u00e9j\u00e0 \u00e0 cette \u00e9poque, <strong data-start=\"554\" data-end=\"565\">Valence<\/strong> \u00e9tait un carrefour commercial et militaire, o\u00f9 se croisaient voyageurs, marchands et soldats.<\/p><p data-start=\"663\" data-end=\"902\">Aujourd\u2019hui encore, des vestiges rappellent ce pass\u00e9 prestigieux : des fragments de murailles, des pierres antiques int\u00e9gr\u00e9es aux constructions m\u00e9di\u00e9vales, et l\u2019organisation du vieux centre qui conserve l\u2019esprit des cit\u00e9s gallo-romaines.<\/p><h3 data-start=\"909\" data-end=\"962\">Le Moyen \u00c2ge et la Renaissance : l\u2019essor urbain<\/h3><p data-start=\"964\" data-end=\"1271\">Au Moyen \u00c2ge, <strong data-start=\"978\" data-end=\"989\">Valence<\/strong> devient un \u00e9v\u00each\u00e9 important et voit s\u2019\u00e9lever des \u00e9difices religieux embl\u00e9matiques, dont la <strong data-start=\"1081\" data-end=\"1113\">cath\u00e9drale Saint-Apollinaire<\/strong> (XIe si\u00e8cle), joyau de l\u2019art roman. Ses maisons \u00e0 colombages, ses ruelles \u00e9troites et ses h\u00f4tels particuliers t\u00e9moignent de l\u2019\u00e2ge d\u2019or m\u00e9di\u00e9val de la cit\u00e9.<\/p><p data-start=\"1273\" data-end=\"1603\">\u00c0 la Renaissance, <strong data-start=\"1291\" data-end=\"1302\">Valence<\/strong> conna\u00eet un nouvel essor, notamment gr\u00e2ce \u00e0 son universit\u00e9, fond\u00e9e au XVe si\u00e8cle, qui attire des penseurs, des \u00e9crivains et des \u00e9tudiants venus de toute l\u2019Europe. L\u2019une des figures les plus c\u00e9l\u00e8bres associ\u00e9es \u00e0 <strong data-start=\"1513\" data-end=\"1524\">Valence<\/strong> est <strong data-start=\"1529\" data-end=\"1551\">Napol\u00e9on Bonaparte<\/strong>, qui y a s\u00e9journ\u00e9 lors de sa formation militaire.<\/p><h3 data-start=\"1610\" data-end=\"1655\">Une ville moderne tourn\u00e9e vers l\u2019avenir<\/h3><p data-start=\"1657\" data-end=\"1960\">Aujourd\u2019hui, <strong data-start=\"1670\" data-end=\"1681\">Valence<\/strong> est une ville dynamique d\u2019environ 65 000 habitants. Elle est le centre administratif et \u00e9conomique de la Dr\u00f4me et profite d\u2019une localisation strat\u00e9gique entre Lyon, Grenoble et Marseille. Elle est r\u00e9put\u00e9e pour son <strong data-start=\"1896\" data-end=\"1920\">climat m\u00e9diterran\u00e9en<\/strong>, sa qualit\u00e9 de vie et son patrimoine.<\/p><p data-start=\"1962\" data-end=\"2223\"><strong data-start=\"1962\" data-end=\"1973\">Valence<\/strong> a su conjuguer son h\u00e9ritage historique avec une modernit\u00e9 assum\u00e9e : zones pi\u00e9tonnes r\u00e9nov\u00e9es, espaces verts nombreux, infrastructures culturelles et sportives. C\u2019est une ville o\u00f9 il fait bon vivre, autant pour les habitants que pour les visiteurs.<\/p><h2 data-start=\"85\" data-end=\"120\">D\u00e9couvrir le c\u0153ur de Valence<\/h2><h3 data-start=\"122\" data-end=\"185\">2.1 Le centre historique et ses monuments incontournables<\/h3><p data-start=\"187\" data-end=\"500\">Fl\u00e2ner dans le <strong data-start=\"202\" data-end=\"234\">centre historique de Valence<\/strong> est une exp\u00e9rience inoubliable. Ses ruelles pav\u00e9es, bord\u00e9es de maisons anciennes et de fa\u00e7ades color\u00e9es, plongent les visiteurs dans une ambiance typiquement m\u00e9ridionale. On y d\u00e9couvre des monuments embl\u00e9matiques, reflets de l\u2019histoire pluris\u00e9culaire de la ville.<\/p><ul data-start=\"502\" data-end=\"1274\"><li data-start=\"502\" data-end=\"749\"><p data-start=\"504\" data-end=\"749\"><strong data-start=\"504\" data-end=\"539\">La cath\u00e9drale Saint-Apollinaire<\/strong> (XIe si\u00e8cle) est l\u2019un des symboles de la ville. De style roman, elle se distingue par son clocher majestueux et ses chapiteaux sculpt\u00e9s. Elle rappelle l\u2019importance de <strong data-start=\"707\" data-end=\"718\">Valence<\/strong> en tant que cit\u00e9 \u00e9piscopale.<\/p><\/li><li data-start=\"750\" data-end=\"976\"><p data-start=\"752\" data-end=\"976\"><strong data-start=\"752\" data-end=\"775\">La Maison des T\u00eates<\/strong>, b\u00e2tie \u00e0 la Renaissance, est un chef-d\u2019\u0153uvre architectural orn\u00e9 de nombreuses sculptures de personnages all\u00e9goriques. V\u00e9ritable bijou de la ville, elle attire chaque ann\u00e9e des milliers de visiteurs.<\/p><\/li><li data-start=\"977\" data-end=\"1110\"><p data-start=\"979\" data-end=\"1110\"><strong data-start=\"979\" data-end=\"995\">Le Pendentif<\/strong>, \u00e9difice fun\u00e9raire du XVIe si\u00e8cle, est un monument rare et fascinant, t\u00e9moignage de l\u2019art classique en Dauphin\u00e9.<\/p><\/li><li data-start=\"1111\" data-end=\"1274\"><p data-start=\"1113\" data-end=\"1274\"><strong data-start=\"1113\" data-end=\"1133\">Le centre ancien<\/strong> regorge \u00e9galement de places anim\u00e9es comme la <strong data-start=\"1179\" data-end=\"1199\">Place des Clercs<\/strong>, c\u0153ur battant de la ville, o\u00f9 se c\u00f4toient caf\u00e9s, restaurants et march\u00e9s.<\/p><\/li><\/ul><p data-start=\"1276\" data-end=\"1447\">En parcourant ces lieux, on comprend pourquoi <strong data-start=\"1322\" data-end=\"1333\">Valence<\/strong> est surnomm\u00e9e \u00ab la porte du Midi \u00bb : c\u2019est une ville o\u00f9 se m\u00ealent patrimoine, convivialit\u00e9 et douceur de vivre.<\/p><h3 data-start=\"1454\" data-end=\"1491\">2.2 Espaces verts et promenades<\/h3><p data-start=\"1493\" data-end=\"1670\">Si <strong data-start=\"1496\" data-end=\"1507\">Valence<\/strong> est riche en monuments, elle s\u00e9duit aussi par ses nombreux espaces verts. Les habitants comme les visiteurs appr\u00e9cient cette harmonie entre nature et urbanisme.<\/p><ul data-start=\"1672\" data-end=\"2363\"><li data-start=\"1672\" data-end=\"1867\"><p data-start=\"1674\" data-end=\"1867\"><strong data-start=\"1674\" data-end=\"1692\">Le parc Jouvet<\/strong>, v\u00e9ritable poumon vert de la ville, s\u2019\u00e9tend sur 7 hectares en bordure du Rh\u00f4ne. Ses all\u00e9es ombrag\u00e9es, ses fontaines et ses aires de jeux en font un lieu pris\u00e9 des familles.<\/p><\/li><li data-start=\"1868\" data-end=\"2059\"><p data-start=\"1870\" data-end=\"2059\"><strong data-start=\"1870\" data-end=\"1896\">Le parc de l\u2019\u00c9pervi\u00e8re<\/strong> est un espace moderne en bordure du fleuve, id\u00e9al pour se promener, faire du v\u00e9lo ou profiter d\u2019activit\u00e9s nautiques. On y trouve \u00e9galement un port de plaisance.<\/p><\/li><li data-start=\"2060\" data-end=\"2192\"><p data-start=\"2062\" data-end=\"2192\"><strong data-start=\"2062\" data-end=\"2087\">Les canaux de Valence<\/strong>, qui parcourent encore une partie de la ville, ajoutent un charme pittoresque aux promenades urbaines.<\/p><\/li><li data-start=\"2193\" data-end=\"2363\"><p data-start=\"2195\" data-end=\"2363\">Les <strong data-start=\"2199\" data-end=\"2218\">jardins publics<\/strong> (Benjamin-Delessert, Mont\u00e9l\u00e9ger, etc.) compl\u00e8tent cette atmosph\u00e8re verdoyante qui distingue <strong data-start=\"2311\" data-end=\"2322\">Valence<\/strong> des autres villes de taille similaire.<\/p><\/li><\/ul><p data-start=\"2365\" data-end=\"2516\">Cette omnipr\u00e9sence de la nature contribue largement \u00e0 la qualit\u00e9 de vie locale et attire de nombreux visiteurs en qu\u00eate de d\u00e9tente et d\u2019authenticit\u00e9.<\/p><h2 data-start=\"113\" data-end=\"176\">Restaurant Valence : gastronomie, march\u00e9s et produits locaux\u00a0<\/h2><p data-start=\"226\" data-end=\"408\">Impossible de parler de <strong data-start=\"250\" data-end=\"261\">Valence<\/strong> sans \u00e9voquer sa gastronomie. La ville est c\u00e9l\u00e8bre pour plusieurs douceurs et recettes traditionnelles qui refl\u00e8tent son terroir et son histoire.<\/p><ul data-start=\"410\" data-end=\"1186\"><li data-start=\"410\" data-end=\"605\"><p data-start=\"412\" data-end=\"605\"><strong data-start=\"412\" data-end=\"436\">La Suisse de Valence<\/strong> : ce petit biscuit sabl\u00e9 parfum\u00e9 \u00e0 la fleur d\u2019oranger est sans doute la sp\u00e9cialit\u00e9 la plus connue. Sa forme originale, qui rappelle un garde suisse, lui vaut son nom.<\/p><\/li><li data-start=\"606\" data-end=\"844\"><p data-start=\"608\" data-end=\"844\"><strong data-start=\"608\" data-end=\"632\">La drag\u00e9e de Valence<\/strong> : fabriqu\u00e9e \u00e0 base d\u2019amandes locales, elle est r\u00e9put\u00e9e pour sa qualit\u00e9 et son go\u00fbt d\u00e9licat. Symbole des mariages et des grandes c\u00e9l\u00e9brations, elle fait partie int\u00e9grante de l\u2019identit\u00e9 culinaire de <strong data-start=\"830\" data-end=\"841\">Valence<\/strong>.<\/p><\/li><li data-start=\"845\" data-end=\"1038\"><p data-start=\"847\" data-end=\"1038\"><strong data-start=\"847\" data-end=\"878\">Les vins des C\u00f4tes du Rh\u00f4ne<\/strong> : la proximit\u00e9 des vignobles de l\u2019Hermitage, de Crozes-Hermitage et de Saint-Joseph fait de <strong data-start=\"971\" data-end=\"982\">Valence<\/strong> une destination privil\u00e9gi\u00e9e pour les amateurs de vin.<\/p><\/li><li data-start=\"1039\" data-end=\"1186\"><p data-start=\"1041\" data-end=\"1186\"><strong data-start=\"1041\" data-end=\"1068\">Les produits du terroir<\/strong> : charcuteries, fromages de ch\u00e8vre, noix et fruits de la vall\u00e9e du Rh\u00f4ne enrichissent l\u2019offre gastronomique locale.<\/p><\/li><\/ul><h3 data-start=\"1193\" data-end=\"1229\">Les bonnes adresses gourmandes<\/h3><p data-start=\"1231\" data-end=\"1579\"><strong data-start=\"1231\" data-end=\"1242\">Valence<\/strong> est \u00e9galement un haut lieu de la gastronomie gr\u00e2ce \u00e0 ses restaurants de renom et ses tables conviviales. La ville a vu na\u00eetre et grandir l\u2019une des plus grandes cheffes au monde, <strong data-start=\"1421\" data-end=\"1440\">Anne-Sophie Pic<\/strong>, seule femme \u00e0 avoir obtenu trois \u00e9toiles Michelin en France. Son \u00e9tablissement, la <a href=\"https:\/\/anne-sophie-pic.com\/\" rel=\"nofollow noopener\" target=\"_blank\"><strong data-start=\"1525\" data-end=\"1539\">Maison Pic<\/strong><\/a>, attire les gourmets du monde entier.<\/p><p data-start=\"1581\" data-end=\"1877\">Mais au-del\u00e0 de cette institution, <strong data-start=\"1616\" data-end=\"1627\">Valence<\/strong> regorge de bistrots, de bouchons et de brasseries o\u00f9 l\u2019on peut d\u00e9guster une cuisine de saison, g\u00e9n\u00e9reuse et raffin\u00e9e. Les caf\u00e9s anim\u00e9s de la <strong data-start=\"1769\" data-end=\"1789\">Place des Clercs<\/strong> ou de la <strong data-start=\"1799\" data-end=\"1820\">Place des Ormeaux<\/strong> offrent aussi une immersion dans l\u2019art de vivre local.<\/p><h3 data-start=\"1884\" data-end=\"1927\">Les march\u00e9s et la convivialit\u00e9 locale<\/h3><p data-start=\"1929\" data-end=\"2220\">Pour ressentir l\u2019\u00e2me de <strong data-start=\"1953\" data-end=\"1964\">Valence<\/strong>, rien de mieux que ses march\u00e9s. Le <strong data-start=\"2000\" data-end=\"2033\">march\u00e9 de la place des Clercs<\/strong>, qui se tient plusieurs jours par semaine, est une explosion de couleurs et de saveurs. On y trouve fruits, l\u00e9gumes, herbes aromatiques, fromages et charcuteries typiques de la r\u00e9gion.<\/p><p data-start=\"2222\" data-end=\"2531\">Les march\u00e9s de quartier, plus petits mais tout aussi vivants, permettent de rencontrer les producteurs locaux et de go\u00fbter \u00e0 la convivialit\u00e9 dr\u00f4moise. Fl\u00e2ner parmi les \u00e9tals, discuter avec les commer\u00e7ants et remplir son panier de produits frais est une v\u00e9ritable immersion dans le quotidien des Valentinois.<\/p><h2 data-start=\"99\" data-end=\"148\">Environs de Valence : excursions et nature<\/h2><h3 data-start=\"150\" data-end=\"191\">Une ville au carrefour des paysages<\/h3><p data-start=\"193\" data-end=\"540\">Situ\u00e9e entre les montagnes du Vercors, les plaines fertiles de la vall\u00e9e du Rh\u00f4ne et les collines ard\u00e9choises, <strong data-start=\"304\" data-end=\"315\">Valence<\/strong> est un point de d\u00e9part id\u00e9al pour explorer une multitude de paysages. Sa position centrale permet d\u2019organiser des excursions vari\u00e9es, que ce soit pour une balade nature, une visite culturelle ou une escapade gastronomique.<\/p><h3 data-start=\"547\" data-end=\"579\">Les collines et le Vercors<\/h3><p data-start=\"581\" data-end=\"933\">\u00c0 quelques kilom\u00e8tres \u00e0 l\u2019est de <strong data-start=\"614\" data-end=\"625\">Valence<\/strong>, le <strong data-start=\"630\" data-end=\"651\">massif du Vercors<\/strong> se dresse majestueusement. V\u00e9ritable paradis pour les amateurs de randonn\u00e9e, de VTT et d\u2019escalade, il offre des panoramas spectaculaires et une nature pr\u00e9serv\u00e9e. Les villages perch\u00e9s comme <strong data-start=\"841\" data-end=\"868\">Saint-Nazaire-en-Royans<\/strong> ou <strong data-start=\"872\" data-end=\"898\">La Chapelle-en-Vercors<\/strong> s\u00e9duisent par leur authenticit\u00e9.<\/p><p data-start=\"935\" data-end=\"1090\">En hiver, les stations de ski familiales du Vercors accueillent les visiteurs pour des activit\u00e9s nordiques (raquettes, ski de fond, chiens de tra\u00eeneaux).<\/p><h3 data-start=\"1097\" data-end=\"1137\">L\u2019Ard\u00e8che et ses paysages sauvages<\/h3><p data-start=\"1139\" data-end=\"1467\">De l\u2019autre c\u00f4t\u00e9 du Rh\u00f4ne, l\u2019<a href=\"https:\/\/cparici.com\/ardeche-departement\/\"><strong data-start=\"1167\" data-end=\"1178\">Ard\u00e8che<\/strong><\/a> attire les voyageurs en qu\u00eate d\u2019authenticit\u00e9. \u00c0 seulement 20 minutes de route de <strong data-start=\"1260\" data-end=\"1271\">Valence<\/strong>, on peut d\u00e9couvrir ses gorges, ses villages de caract\u00e8re et ses march\u00e9s de terroir. Les amateurs de baignade et de cano\u00eb appr\u00e9cieront les rivi\u00e8res et les petites plages naturelles de la r\u00e9gion.<\/p><p data-start=\"1469\" data-end=\"1613\">L\u2019Ard\u00e8che est aussi r\u00e9put\u00e9e pour son patrimoine pr\u00e9historique et ses grottes, dont certaines sont inscrites au patrimoine mondial de l\u2019UNESCO.<\/p><h3 data-start=\"1620\" data-end=\"1660\">Les vignobles et la route des vins<\/h3><p data-start=\"1662\" data-end=\"1850\">Les environs de <strong data-start=\"1678\" data-end=\"1689\">Valence<\/strong> sont un v\u00e9ritable paradis pour les amateurs de vin. Les c\u00e9l\u00e8bres vignobles des <strong data-start=\"1769\" data-end=\"1803\">C\u00f4tes-du-Rh\u00f4ne septentrionales<\/strong> se trouvent \u00e0 quelques kilom\u00e8tres seulement.<\/p><ul data-start=\"1852\" data-end=\"2202\"><li data-start=\"1852\" data-end=\"1983\"><p data-start=\"1854\" data-end=\"1983\"><strong data-start=\"1854\" data-end=\"1867\">Hermitage<\/strong> : ce terroir mythique, situ\u00e9 \u00e0 Tain-l\u2019Hermitage, produit certains des vins rouges les plus prestigieux de France.<\/p><\/li><li data-start=\"1984\" data-end=\"2087\"><p data-start=\"1986\" data-end=\"2087\"><strong data-start=\"1986\" data-end=\"2006\">Crozes-Hermitage<\/strong> : plus accessible, il s\u00e9duit par ses rouges fruit\u00e9s et ses blancs aromatiques.<\/p><\/li><li data-start=\"2088\" data-end=\"2202\"><p data-start=\"2090\" data-end=\"2202\"><strong data-start=\"2090\" data-end=\"2106\">Saint-Joseph<\/strong> : sur la rive ard\u00e9choise, ces vins \u00e9l\u00e9gants compl\u00e8tent parfaitement la d\u00e9couverte \u0153nologique.<\/p><\/li><\/ul><p data-start=\"2204\" data-end=\"2320\">Une visite des caves ou une balade dans les vignes est une activit\u00e9 incontournable lors d\u2019un s\u00e9jour \u00e0 <strong data-start=\"2306\" data-end=\"2317\">Valence<\/strong>.<\/p><h3 data-start=\"2327\" data-end=\"2373\">Activit\u00e9s de plein air autour de Valence<\/h3><p data-start=\"2375\" data-end=\"2488\">Pour les amoureux de la nature et du sport, les environs\u00a0offrent une multitude de possibilit\u00e9s :<\/p><ul data-start=\"2490\" data-end=\"2852\"><li data-start=\"2490\" data-end=\"2561\"><p data-start=\"2492\" data-end=\"2561\"><strong data-start=\"2492\" data-end=\"2516\">Randonn\u00e9es p\u00e9destres<\/strong> dans les collines dr\u00f4moises et le Vercors.<\/p><\/li><li data-start=\"2562\" data-end=\"2685\"><p data-start=\"2564\" data-end=\"2685\"><strong data-start=\"2564\" data-end=\"2582\">Balades \u00e0 v\u00e9lo<\/strong> le long de la ViaRh\u00f4na, piste cyclable qui relie le lac L\u00e9man \u00e0 la M\u00e9diterran\u00e9e en suivant le Rh\u00f4ne.<\/p><\/li><li data-start=\"2686\" data-end=\"2769\"><p data-start=\"2688\" data-end=\"2769\"><strong data-start=\"2688\" data-end=\"2708\">Sports nautiques<\/strong> au port de l\u2019\u00c9pervi\u00e8re et dans les rivi\u00e8res environnantes.<\/p><\/li><li data-start=\"2770\" data-end=\"2852\"><p data-start=\"2772\" data-end=\"2852\"><strong data-start=\"2772\" data-end=\"2814\">Observation de la faune et de la flore<\/strong> dans des espaces naturels prot\u00e9g\u00e9s.<\/p><\/li><\/ul><p data-start=\"2854\" data-end=\"2963\">Ces activit\u00e9s renforcent l\u2019image de <strong data-start=\"2890\" data-end=\"2901\">Valence<\/strong> comme une ville o\u00f9 la nature est toujours \u00e0 port\u00e9e de main.<\/p><h2 data-start=\"107\" data-end=\"168\">Se d\u00e9placer, se loger, sortir : les conseils pratiques<\/h2><h3 data-start=\"170\" data-end=\"206\">Venir et se d\u00e9placer \u00e0 Valence<\/h3><p data-start=\"208\" data-end=\"358\">Gr\u00e2ce \u00e0 sa situation strat\u00e9gique dans la vall\u00e9e du Rh\u00f4ne, la ville est facilement accessible depuis les grandes villes fran\u00e7aises et europ\u00e9ennes.<\/p><ul data-start=\"360\" data-end=\"1120\"><li data-start=\"360\" data-end=\"627\"><p data-start=\"362\" data-end=\"627\"><strong data-start=\"362\" data-end=\"378\">Par le train<\/strong> : la ville dispose de deux gares. La <strong data-start=\"416\" data-end=\"441\">gare de Valence-Ville<\/strong>, en plein centre, permet des liaisons r\u00e9gionales rapides. La <strong data-start=\"503\" data-end=\"526\">gare TGV de Valence<\/strong> (situ\u00e9e \u00e0 10 km au sud) relie directement Paris en 2 h 15, Lyon en 35 minutes et Marseille en 1 h.<\/p><\/li><li data-start=\"628\" data-end=\"775\"><p data-start=\"630\" data-end=\"775\"><strong data-start=\"630\" data-end=\"646\">Par la route<\/strong> : l\u2019autoroute A7, surnomm\u00e9e \u00ab autoroute du soleil \u00bb, longe la ville et facilite les trajets depuis Lyon, Avignon ou Marseille.<\/p><\/li><li data-start=\"776\" data-end=\"928\"><p data-start=\"778\" data-end=\"928\"><strong data-start=\"778\" data-end=\"790\">En avion<\/strong> : l\u2019a\u00e9roport de Lyon-Saint-Exup\u00e9ry est le plus proche, avec des liaisons internationales. Grenoble et Marseille sont aussi accessibles.<\/p><\/li><li data-start=\"929\" data-end=\"1120\"><p data-start=\"931\" data-end=\"1120\"><strong data-start=\"931\" data-end=\"956\">Se d\u00e9placer sur place<\/strong> : le r\u00e9seau de bus Cit\u00e9a couvre l\u2019ensemble de l\u2019agglom\u00e9ration. Les v\u00e9los en libre-service et les zones pi\u00e9tonnes facilitent les d\u00e9placements doux dans le centre.<\/p><\/li><\/ul><h3 data-start=\"1127\" data-end=\"1166\">H\u00e9bergement : o\u00f9 dormir \u00e0 Valence<\/h3><p data-start=\"1168\" data-end=\"1246\"><strong data-start=\"1168\" data-end=\"1179\">Valence<\/strong> offre une large gamme d\u2019h\u00e9bergements adapt\u00e9s \u00e0 tous les budgets.<\/p><ul data-start=\"1248\" data-end=\"1795\"><li data-start=\"1248\" data-end=\"1388\"><p data-start=\"1250\" data-end=\"1388\"><strong data-start=\"1250\" data-end=\"1274\">Les h\u00f4tels de charme<\/strong> du centre historique permettent de s\u00e9journer au c\u0153ur de la ville, \u00e0 proximit\u00e9 des monuments et des restaurants.<\/p><\/li><li data-start=\"1389\" data-end=\"1500\"><p data-start=\"1391\" data-end=\"1500\"><strong data-start=\"1391\" data-end=\"1424\">Les g\u00eetes et chambres d\u2019h\u00f4tes<\/strong> s\u00e9duisent les voyageurs \u00e0 la recherche d\u2019authenticit\u00e9 et de convivialit\u00e9.<\/p><\/li><li data-start=\"1501\" data-end=\"1659\"><p data-start=\"1503\" data-end=\"1659\"><strong data-start=\"1503\" data-end=\"1541\">Les h\u00f4tels modernes et \u00e9conomiques<\/strong>, proches de la gare TGV ou des zones commerciales, conviennent aux s\u00e9jours rapides et aux voyageurs professionnels.<\/p><\/li><li data-start=\"1660\" data-end=\"1795\"><p data-start=\"1662\" data-end=\"1795\">Pour les amoureux de la nature, <strong data-start=\"1694\" data-end=\"1710\">les campings<\/strong> situ\u00e9s sur les rives du Rh\u00f4ne ou \u00e0 quelques kilom\u00e8tres offrent un cadre verdoyant.<\/p><\/li><\/ul><p data-start=\"1797\" data-end=\"1983\">Chaque quartier de <strong data-start=\"1816\" data-end=\"1827\">Valence<\/strong> a sa propre atmosph\u00e8re : le centre ancien pour l\u2019animation, les bords du Rh\u00f4ne pour la tranquillit\u00e9, et la p\u00e9riph\u00e9rie pour des logements plus abordables.<\/p><h3 data-start=\"1990\" data-end=\"2033\">Sortir \u00e0 Valence : culture et loisirs<\/h3><p data-start=\"2035\" data-end=\"2102\">La vie culturelle et nocturne\u00a0est riche et vari\u00e9e.<\/p><ul data-start=\"2104\" data-end=\"2881\"><li data-start=\"2104\" data-end=\"2319\"><p data-start=\"2106\" data-end=\"2319\"><strong data-start=\"2106\" data-end=\"2120\">Les mus\u00e9es<\/strong> : le Mus\u00e9e d\u2019Art et d\u2019Arch\u00e9ologie de Valence expose une vaste collection allant de l\u2019Antiquit\u00e9 \u00e0 l\u2019art contemporain. On y d\u00e9couvre notamment des pi\u00e8ces romaines, m\u00e9di\u00e9vales et des \u0153uvres modernes.<\/p><\/li><li data-start=\"2320\" data-end=\"2544\"><p data-start=\"2322\" data-end=\"2544\"><strong data-start=\"2322\" data-end=\"2354\">Les spectacles et \u00e9v\u00e9nements<\/strong> : le Th\u00e9\u00e2tre de la Ville et le Lux Sc\u00e8ne Nationale proposent des concerts, des pi\u00e8ces et des expositions. Chaque ann\u00e9e, des festivals comme \u00ab Valence en Gastronomie \u00bb attirent les foules.<\/p><\/li><li data-start=\"2545\" data-end=\"2699\"><p data-start=\"2547\" data-end=\"2699\"><strong data-start=\"2547\" data-end=\"2574\">Les bars et restaurants<\/strong> : la place des Clercs est le c\u0153ur de la vie nocturne, avec ses caf\u00e9s, terrasses et brasseries anim\u00e9es jusque tard le soir.<\/p><\/li><li data-start=\"2700\" data-end=\"2881\"><p data-start=\"2702\" data-end=\"2881\"><strong data-start=\"2702\" data-end=\"2730\">Les loisirs en plein air<\/strong> : promenades en bord du Rh\u00f4ne, croisi\u00e8res fluviales, activit\u00e9s nautiques au port de l\u2019\u00c9pervi\u00e8re, et randonn\u00e9es dans les environs compl\u00e8tent l\u2019offre.<\/p><\/li><\/ul><p data-start=\"2883\" data-end=\"3039\">Que ce soit pour un s\u00e9jour en couple, en famille ou entre amis, <strong data-start=\"2947\" data-end=\"2958\">Valence<\/strong> offre une palette de divertissements qui ravira tous les profils de voyageurs.<\/p><h2 data-start=\"173\" data-end=\"214\">Foire aux Questions (FAQ) sur Valence<\/h2><h3 data-start=\"216\" data-end=\"260\">Que visiter \u00e0 Valence en une journ\u00e9e ?<\/h3><p data-start=\"261\" data-end=\"564\">Si vous disposez d\u2019une seule journ\u00e9e \u00e0 <strong data-start=\"300\" data-end=\"311\">Valence<\/strong>, privil\u00e9giez le <strong data-start=\"328\" data-end=\"349\">centre historique<\/strong> avec la cath\u00e9drale Saint-Apollinaire, la Maison des T\u00eates et la Place des Clercs. Profitez aussi d\u2019une balade au parc Jouvet et terminez par une d\u00e9gustation des sp\u00e9cialit\u00e9s locales comme la Suisse ou les drag\u00e9es.<\/p><h3 data-start=\"571\" data-end=\"631\">Quelle est la meilleure p\u00e9riode pour aller \u00e0 Valence ?<\/h3><p data-start=\"632\" data-end=\"979\">Gr\u00e2ce \u00e0 son climat m\u00e9diterran\u00e9en, <strong data-start=\"666\" data-end=\"677\">Valence<\/strong> se visite toute l\u2019ann\u00e9e. Le printemps et l\u2019automne sont id\u00e9aux pour profiter des balades et des march\u00e9s. L\u2019\u00e9t\u00e9, les temp\u00e9ratures plus chaudes invitent \u00e0 fl\u00e2ner dans les parcs et \u00e0 d\u00e9couvrir les rives du Rh\u00f4ne. L\u2019hiver est agr\u00e9able, surtout pour les amateurs de gastronomie et de visites culturelles.<\/p><h3 data-start=\"986\" data-end=\"1039\">Comment se d\u00e9placer dans Valence sans voiture ?<\/h3><p data-start=\"1040\" data-end=\"1294\"><strong data-start=\"1040\" data-end=\"1051\">La commune<\/strong>\u00a0est une ville \u00e0 taille humaine qui se d\u00e9couvre tr\u00e8s bien \u00e0 pied ou \u00e0 v\u00e9lo. Le r\u00e9seau de bus Cit\u00e9a dessert l\u2019ensemble de l\u2019agglom\u00e9ration. Les v\u00e9los en libre-service sont pratiques pour circuler entre le centre et les quartiers p\u00e9riph\u00e9riques.<\/p><h3 data-start=\"1301\" data-end=\"1355\">Quels sont les plats locaux \u00e0 tester \u00e0 Valence ?<\/h3><p data-start=\"1356\" data-end=\"1685\">Parmi les sp\u00e9cialit\u00e9s incontournables de <strong data-start=\"1397\" data-end=\"1408\">Valence<\/strong>, on trouve la <strong data-start=\"1423\" data-end=\"1444\">Suisse de Valence<\/strong> (biscuit sabl\u00e9), les <strong data-start=\"1466\" data-end=\"1477\">drag\u00e9es<\/strong> r\u00e9put\u00e9es, mais aussi les produits du terroir comme les fromages de ch\u00e8vre, la charcuterie et les vins des C\u00f4tes-du-Rh\u00f4ne. Pour une exp\u00e9rience gastronomique d\u2019exception, un passage \u00e0 la Maison Pic s\u2019impose.<\/p><h3 data-start=\"1692\" data-end=\"1743\">O\u00f9 dormir \u00e0 Valence pour un s\u00e9jour agr\u00e9able ?<\/h3><p data-start=\"1744\" data-end=\"2044\">Le <strong data-start=\"1747\" data-end=\"1768\">centre historique<\/strong> regorge d\u2019h\u00f4tels de charme et de chambres d\u2019h\u00f4tes conviviales. Pour un cadre plus moderne, les abords de la gare TGV proposent des h\u00f4tels confortables et accessibles. Les voyageurs nature pourront opter pour les campings proches du Rh\u00f4ne ou dans les collines environnantes.<\/p><h3 data-start=\"2051\" data-end=\"2114\">Que faire autour de Valence si on reste plusieurs jours ?<\/h3><p data-start=\"2115\" data-end=\"2387\">Les environs de <strong data-start=\"2131\" data-end=\"2142\">Valence<\/strong> regorgent de tr\u00e9sors : les vignobles prestigieux d\u2019Hermitage et de Crozes-Hermitage, le <strong data-start=\"2231\" data-end=\"2242\">Vercors<\/strong> avec ses randonn\u00e9es et ses villages, ainsi que l\u2019<strong data-start=\"2292\" data-end=\"2303\">Ard\u00e8che<\/strong> et ses paysages sauvages. La ViaRh\u00f4na est aussi id\u00e9ale pour les amateurs de v\u00e9lo.<\/p><h3 data-start=\"2394\" data-end=\"2449\">Valence est-elle une ville adapt\u00e9e aux familles ?<\/h3><p data-start=\"2450\" data-end=\"2676\">Oui, la ville est une destination parfaite pour les familles. Ses parcs (notamment le parc Jouvet), ses canaux, ses aires de jeux et ses mus\u00e9es accessibles aux enfants en font une ville accueillante pour petits et grands.<\/p><h3 data-start=\"2683\" data-end=\"2731\">Est-ce que Valence est accessible en TGV ?<\/h3><p data-start=\"2732\" data-end=\"2933\">Absolument. La <strong data-start=\"2747\" data-end=\"2770\">gare TGV de Valence<\/strong> met la ville \u00e0 seulement 2 h 15 de Paris et \u00e0 moins de 40 minutes de Lyon. La gare de <strong data-start=\"2857\" data-end=\"2874\">Valence-Ville<\/strong>, situ\u00e9e en centre-ville, facilite les trajets r\u00e9gionaux.<\/p><h2 data-start=\"79\" data-end=\"93\">Conclusion<\/h2><p data-start=\"95\" data-end=\"537\">Ville d\u2019art et d\u2019histoire, nich\u00e9e au c\u0153ur de la vall\u00e9e du Rh\u00f4ne, <strong data-start=\"160\" data-end=\"171\">Valence<\/strong> s\u00e9duit par son patrimoine, sa gastronomie et son cadre naturel exceptionnel. Que l\u2019on vienne pour une journ\u00e9e ou pour un s\u00e9jour plus long, elle offre une richesse d\u2019exp\u00e9riences uniques : fl\u00e2neries dans le <strong data-start=\"377\" data-end=\"398\">centre historique<\/strong>, d\u00e9couvertes gourmandes, promenades dans les <strong data-start=\"444\" data-end=\"464\">parcs verdoyants<\/strong>, et excursions dans les vignobles ou vers les montagnes environnantes.<\/p><p data-start=\"539\" data-end=\"782\">Gr\u00e2ce \u00e0 son accessibilit\u00e9 en train, en voiture ou \u00e0 v\u00e9lo, <strong data-start=\"597\" data-end=\"608\">Valence<\/strong> est une destination id\u00e9ale pour un city trip comme pour une \u00e9tape plus longue en Dr\u00f4me. Entre traditions et modernit\u00e9, elle incarne parfaitement l\u2019art de vivre m\u00e9ridional.<\/p><p data-start=\"784\" data-end=\"910\">Si vous cherchez une ville o\u00f9 histoire, culture et douceur de vivre se conjuguent, <strong data-start=\"867\" data-end=\"878\">Valence<\/strong> est une \u00e9tape incontournable.<\/p><p data-start=\"784\" data-end=\"910\">Pour en savoir plus sur Valence, <a href=\"https:\/\/www.valence-romans-tourisme.com\/fr\/\" target=\"_blank\" rel=\"noopener\">c&#8217;est par ici!<\/a><\/p>\t\t\t\t\t\t\t\t<\/div>\n\t\t\t\t\t<\/div>\n\t\t\t\t<\/div>\n\t\t<aside class=\"elementor-element elementor-element-d1ac4a9 e-flex e-con-boxed e-con e-parent\" data-id=\"d1ac4a9\" data-element_type=\"container\" data-e-type=\"container\">\n\t\t\t\t\t<div class=\"e-con-inner\">\n\t\t\t\t<div class=\"elementor-element elementor-element-0afb8b6 elementor-widget elementor-widget-listeo-posts-grid\" data-id=\"0afb8b6\" data-element_type=\"widget\" data-e-type=\"widget\" data-widget_type=\"listeo-posts-grid.default\">\n\t\t\t\t<div class=\"elementor-widget-container\">\n\t\t\t\t\t\t\t\n\t\t<div class=\"listeo-post-grid-wrapper\">\n\t\t\t<div class=\"row\">\n\n\t\t\t\n\n\t\t\t\t\t\t\t<div class=\"col-md-4\">\n                <a href=\"https:\/\/cparici.com\/de\/montelimar\/\" class=\"blog-compact-item-container\">\n                    <div class=\"blog-compact-item\">\n                        <img decoding=\"async\" width=\"577\" height=\"204\" src=\"https:\/\/cparici.com\/wp-content\/uploads\/2025\/09\/cparici-2025-09-14T105635.408-577x204.jpg\" class=\"attachment-listeo-blog-related-post size-listeo-blog-related-post wp-post-image\" alt=\"Mont\u00e9limar\" srcset=\"https:\/\/cparici.com\/wp-content\/uploads\/2025\/09\/cparici-2025-09-14T105635.408-577x204.jpg 577w, https:\/\/cparici.com\/wp-content\/uploads\/2025\/09\/cparici-2025-09-14T105635.408-300x106.jpg 300w, https:\/\/cparici.com\/wp-content\/uploads\/2025\/09\/cparici-2025-09-14T105635.408-1024x362.jpg 1024w, https:\/\/cparici.com\/wp-content\/uploads\/2025\/09\/cparici-2025-09-14T105635.408-768x271.jpg 768w, https:\/\/cparici.com\/wp-content\/uploads\/2025\/09\/cparici-2025-09-14T105635.408-18x6.jpg 18w, https:\/\/cparici.com\/wp-content\/uploads\/2025\/09\/cparici-2025-09-14T105635.408-590x208.jpg 590w, https:\/\/cparici.com\/wp-content\/uploads\/2025\/09\/cparici-2025-09-14T105635.408-1200x424.jpg 1200w, https:\/\/cparici.com\/wp-content\/uploads\/2025\/09\/cparici-2025-09-14T105635.408-600x212.jpg 600w, https:\/\/cparici.com\/wp-content\/uploads\/2025\/09\/cparici-2025-09-14T105635.408.jpg 1500w\" sizes=\"(max-width: 577px) 100vw, 577px\" \/><span class=\"blog-item-tag\">Auvergne Rh\u00f4ne Alpes<\/span>                        \n                        <div class=\"blog-compact-item-content\">\n                                                        <h3>Mont\u00e9limar : que voir, que faire dans la capitale du nougat<\/h3>\n                                                        <p>Recherches populaires Categories Pas de r\u00e9sultats Voir tous les r\u00e9sultats Mont\u00e9limar : que voir, que...                            <\/p>\n                                                    <\/div>\n                    <\/div>\n                <\/a>\n            <\/div>\n\t\t\t<div class=\"col-md-4\">\n                <a href=\"https:\/\/cparici.com\/de\/grotte-chauvet\/\" class=\"blog-compact-item-container\">\n                    <div class=\"blog-compact-item\">\n                        <img decoding=\"async\" width=\"577\" height=\"204\" src=\"https:\/\/cparici.com\/wp-content\/uploads\/2025\/08\/cparici-2025-08-27T162216.892-577x204.jpg\" class=\"attachment-listeo-blog-related-post size-listeo-blog-related-post wp-post-image\" alt=\"Grotte Chauvet\" srcset=\"https:\/\/cparici.com\/wp-content\/uploads\/2025\/08\/cparici-2025-08-27T162216.892-577x204.jpg 577w, https:\/\/cparici.com\/wp-content\/uploads\/2025\/08\/cparici-2025-08-27T162216.892-300x106.jpg 300w, https:\/\/cparici.com\/wp-content\/uploads\/2025\/08\/cparici-2025-08-27T162216.892-1024x362.jpg 1024w, https:\/\/cparici.com\/wp-content\/uploads\/2025\/08\/cparici-2025-08-27T162216.892-768x271.jpg 768w, https:\/\/cparici.com\/wp-content\/uploads\/2025\/08\/cparici-2025-08-27T162216.892-18x6.jpg 18w, https:\/\/cparici.com\/wp-content\/uploads\/2025\/08\/cparici-2025-08-27T162216.892-590x208.jpg 590w, https:\/\/cparici.com\/wp-content\/uploads\/2025\/08\/cparici-2025-08-27T162216.892-1200x424.jpg 1200w, https:\/\/cparici.com\/wp-content\/uploads\/2025\/08\/cparici-2025-08-27T162216.892-600x212.jpg 600w, https:\/\/cparici.com\/wp-content\/uploads\/2025\/08\/cparici-2025-08-27T162216.892.jpg 1500w\" sizes=\"(max-width: 577px) 100vw, 577px\" \/><span class=\"blog-item-tag\">Ard\u00e8che ( d\u00e9partement)<\/span>                        \n                        <div class=\"blog-compact-item-content\">\n                                                        <h3>Grotte Chauvet : chef-d\u2019\u0153uvre pr\u00e9historique \u00e0 explorer<\/h3>\n                                                        <p>Recherches populaires Categories Pas de r\u00e9sultats Voir tous les r\u00e9sultats Grotte Chauvet : chef-d\u2019\u0153uvre pr\u00e9historique...                            <\/p>\n                                                    <\/div>\n                    <\/div>\n                <\/a>\n            <\/div>\n\t\t\t<div class=\"col-md-4\">\n                <a href=\"https:\/\/cparici.com\/de\/beaumes-de-venise\/\" class=\"blog-compact-item-container\">\n                    <div class=\"blog-compact-item\">\n                        <img decoding=\"async\" width=\"577\" height=\"204\" src=\"https:\/\/cparici.com\/wp-content\/uploads\/2024\/07\/Beaumes-de-Venise.jpg\" class=\"attachment-listeo-blog-related-post size-listeo-blog-related-post wp-post-image\" alt=\"Beaumes de Venise\" srcset=\"https:\/\/cparici.com\/wp-content\/uploads\/2024\/07\/Beaumes-de-Venise.jpg 1500w, https:\/\/cparici.com\/wp-content\/uploads\/2024\/07\/Beaumes-de-Venise-600x212.jpg 600w, https:\/\/cparici.com\/wp-content\/uploads\/2024\/07\/Beaumes-de-Venise-300x106.jpg 300w, https:\/\/cparici.com\/wp-content\/uploads\/2024\/07\/Beaumes-de-Venise-1024x362.jpg 1024w, https:\/\/cparici.com\/wp-content\/uploads\/2024\/07\/Beaumes-de-Venise-768x271.jpg 768w\" sizes=\"(max-width: 577px) 100vw, 577px\" \/><span class=\"blog-item-tag\">Beaumes de Venise<\/span>                        \n                        <div class=\"blog-compact-item-content\">\n                                                        <h3>Beaumes de venise &#8211; guide de voyage et d\u00e9gustation<\/h3>\n                                                        <p>Comment visiter et d\u00e9guster les beaumes de venise ? Suivez notre guide complet pour explorer...                            <\/p>\n                                                    <\/div>\n                    <\/div>\n                <\/a>\n            <\/div>\n  <\/div>\n        <\/div>\n        \t\t\t\t<\/div>\n\t\t\t\t<\/div>\n\t\t\t\t\t<\/div>\n\t\t\t\t<\/aside>\n\t\t\t\t<\/div>\n\t\t","protected":false},"excerpt":{"rendered":"<p>Recherches populaires Categories Pas de r\u00e9sultats Voir tous les r\u00e9sultats Valence : guide complet pour d\u00e9couvrir la ville Valence est une ville embl\u00e9matique de la Dr\u00f4me, situ\u00e9e au c\u0153ur de la vall\u00e9e du Rh\u00f4ne, souvent qualifi\u00e9e de \u00ab porte du Midi \u00bb gr\u00e2ce \u00e0 son climat doux et \u00e0 son charme m\u00e9ridional. Travers\u00e9e par le [&hellip;]<\/p>\n","protected":false},"author":97,"featured_media":70540,"comment_status":"closed","ping_status":"closed","sticky":false,"template":"elementor_header_footer","format":"standard","meta":{"ngg_post_thumbnail":0,"footnotes":""},"categories":[2816,1167,1521,477],"tags":[],"class_list":["post-70539","post","type-post","status-publish","format-standard","has-post-thumbnail","hentry","category-valence","category-auvergne-rhone-alpes","category-drome-departement","category-france"],"_links":{"self":[{"href":"https:\/\/cparici.com\/de\/wp-json\/wp\/v2\/posts\/70539","targetHints":{"allow":["GET"]}}],"collection":[{"href":"https:\/\/cparici.com\/de\/wp-json\/wp\/v2\/posts"}],"about":[{"href":"https:\/\/cparici.com\/de\/wp-json\/wp\/v2\/types\/post"}],"author":[{"embeddable":true,"href":"https:\/\/cparici.com\/de\/wp-json\/wp\/v2\/users\/97"}],"replies":[{"embeddable":true,"href":"https:\/\/cparici.com\/de\/wp-json\/wp\/v2\/comments?post=70539"}],"version-history":[{"count":3,"href":"https:\/\/cparici.com\/de\/wp-json\/wp\/v2\/posts\/70539\/revisions"}],"predecessor-version":[{"id":89240,"href":"https:\/\/cparici.com\/de\/wp-json\/wp\/v2\/posts\/70539\/revisions\/89240"}],"wp:featuredmedia":[{"embeddable":true,"href":"https:\/\/cparici.com\/de\/wp-json\/wp\/v2\/media\/70540"}],"wp:attachment":[{"href":"https:\/\/cparici.com\/de\/wp-json\/wp\/v2\/media?parent=70539"}],"wp:term":[{"taxonomy":"category","embeddable":true,"href":"https:\/\/cparici.com\/de\/wp-json\/wp\/v2\/categories?post=70539"},{"taxonomy":"post_tag","embeddable":true,"href":"https:\/\/cparici.com\/de\/wp-json\/wp\/v2\/tags?post=70539"}],"curies":[{"name":"wp","href":"https:\/\/api.w.org\/{rel}","templated":true}]}}