{"id":75167,"date":"2026-01-15T18:49:10","date_gmt":"2026-01-15T17:49:10","guid":{"rendered":"https:\/\/cparici.com\/?p=75167"},"modified":"2026-04-26T20:03:03","modified_gmt":"2026-04-26T18:03:03","slug":"meyrals","status":"publish","type":"post","link":"https:\/\/cparici.com\/de\/meyrals\/","title":{"rendered":"Meyrals in der Dordogne: ein Juwel des P\u00e9rigord Noir, das Sie nicht verpassen sollten"},"content":{"rendered":"\t\t<div data-elementor-type=\"wp-post\" data-elementor-id=\"75167\" class=\"elementor elementor-75167\" data-elementor-post-type=\"post\">\n\t\t\t\t<div class=\"elementor-element elementor-element-066a8a7 e-con-full e-flex e-con e-parent\" data-id=\"066a8a7\" data-element_type=\"container\" data-e-type=\"container\">\n\t\t\t\t<div class=\"elementor-element elementor-element-64e1c00 elementor-widget elementor-widget-image\" data-id=\"64e1c00\" data-element_type=\"widget\" data-e-type=\"widget\" data-widget_type=\"image.default\">\n\t\t\t\t\t\t\t\t\t\t\t\t\t\t\t<img decoding=\"async\" width=\"1536\" height=\"587\" src=\"https:\/\/cparici.com\/wp-content\/uploads\/2026\/01\/Meyrals-Dordogne-web.jpg\" class=\"attachment-full size-full wp-image-75185\" alt=\"Meyrals\" srcset=\"https:\/\/cparici.com\/wp-content\/uploads\/2026\/01\/Meyrals-Dordogne-web.jpg 1536w, https:\/\/cparici.com\/wp-content\/uploads\/2026\/01\/Meyrals-Dordogne-web-300x115.jpg 300w, https:\/\/cparici.com\/wp-content\/uploads\/2026\/01\/Meyrals-Dordogne-web-1024x391.jpg 1024w, https:\/\/cparici.com\/wp-content\/uploads\/2026\/01\/Meyrals-Dordogne-web-768x294.jpg 768w, https:\/\/cparici.com\/wp-content\/uploads\/2026\/01\/Meyrals-Dordogne-web-18x7.jpg 18w, https:\/\/cparici.com\/wp-content\/uploads\/2026\/01\/Meyrals-Dordogne-web-590x225.jpg 590w, https:\/\/cparici.com\/wp-content\/uploads\/2026\/01\/Meyrals-Dordogne-web-1200x459.jpg 1200w, https:\/\/cparici.com\/wp-content\/uploads\/2026\/01\/Meyrals-Dordogne-web-577x221.jpg 577w, https:\/\/cparici.com\/wp-content\/uploads\/2026\/01\/Meyrals-Dordogne-web-600x229.jpg 600w\" sizes=\"(max-width: 1536px) 100vw, 1536px\" \/>\t\t\t\t\t\t\t\t\t\t\t\t\t\t\t<\/div>\n\t\t\t\t<\/div>\n\t\t<nav class=\"elementor-element elementor-element-33293a0 e-flex e-con-boxed e-con e-parent\" data-id=\"33293a0\" data-element_type=\"container\" data-e-type=\"container\">\n\t\t\t\t\t<div class=\"e-con-inner\">\n\t\t\t\t<div class=\"elementor-element elementor-element-c80a5e9 elementor-widget elementor-widget-global elementor-global-62046 elementor-widget-eael-advanced-search\" data-id=\"c80a5e9\" data-element_type=\"widget\" data-e-type=\"widget\" data-widget_type=\"eael-advanced-search.default\">\n\t\t\t\t\t        <div class=\"eael-adv-search-wrapper\">\n            <div id=\"eael-advanced-search-widget-c80a5e9\" class=\"eael-advanced-search-widget\">\n                <form data-settings=\"{&quot;post_per_page&quot;:5,&quot;search_among_taxonomies&quot;:&quot;&quot;,&quot;search_among_sku&quot;:&quot;no&quot;,&quot;show_popular_keyword&quot;:0,&quot;show_category&quot;:0,&quot;show_content_image&quot;:1,&quot;show_search_result_all_results&quot;:0,&quot;result_on_new_tab&quot;:&quot;no&quot;,&quot;show_product_price&quot;:&quot;no&quot;,&quot;include_current_page&quot;:&quot;no&quot;,&quot;current_post_id&quot;:75167,&quot;post_type&quot;:[&quot;post&quot;,&quot;listing&quot;]}\" method=\"POST\" name=\"eael-advanced-search-form-c80a5e9\" class=\"eael-advanced-search-form eael-advanced-search-form-style-2\">\n                    <div class=\"eael-advanced-search-wrap\">\n                        <span class=\"eael-adv-search-loader\"><\/span>\n                        <span class=\"eael-adv-search-close\"><i class=\"fas fa-times\"><\/i><\/span>\n                        <span class=\"icon \"><i class=\"fas fa-search\"><\/i><\/span>\n\n                        <input type=\"text\"\n                               placeholder=\"Votre destination\"\n                               class=\"eael-advanced-search\" autocomplete=\"off\" name=\"eael_advanced_search\">\n                    <\/div>\n\t\t\t\t\t                                    <\/form>\n\n\t\t\t\t\n\t\t\t\t        <div class=\"eael-advanced-search-result\">\n            <div class=\"eael-advanced-search-popular-keyword\">\n\t\t\t\t<h4 class=\"eael-advanced-search-popular-keyword-text\">Recherches populaires<\/h4>                <div class=\"eael-popular-keyword-content\"><\/div>\n            <\/div>\n            <div class=\"eael-advanced-search-category\">\n\t\t\t\t<h4 class=\"eael-advanced-search-category-text\">Categories<\/h4>                <div class=\"eael-popular-category-content\"><\/div>\n            <\/div>\n\t\t\t<div class=\"eael-advanced-search-total-results-section\">\n\t\t\t\t\t\t\t<\/div>\n            <div class=\"eael-advanced-search-content eael-item-style-3\">\n            <\/div>\n            <div class=\"eael-advanced-search-not-found\">\n                <p>Pas de r\u00e9sultats<\/p><\/div>\n            <div class=\"eael-advanced-search-load-more\">\n\t\t\t\t<a \tclass=\"eael-advanced-search-load-more-button\"\n                \thref=\"#\">Voir tous les r\u00e9sultats<\/a>\n            <\/div>\n        <\/div>\n\n\t\t            <\/div>\n        <\/div>\n\n\t\t\t\t\t\t<\/div>\n\t\t\t\t\t<\/div>\n\t\t\t\t<\/nav>\n\t\t<div class=\"elementor-element elementor-element-3c10412d e-flex e-con-boxed e-con e-parent\" data-id=\"3c10412d\" data-element_type=\"container\" data-e-type=\"container\">\n\t\t\t\t\t<div class=\"e-con-inner\">\n\t\t\t\t<div class=\"elementor-element elementor-element-5812fa11 elementor-widget elementor-widget-text-editor\" data-id=\"5812fa11\" data-element_type=\"widget\" data-e-type=\"widget\" data-widget_type=\"text-editor.default\">\n\t\t\t\t\t\t\t\t\t<h1 style=\"text-align: center;\" data-start=\"236\" data-end=\"303\">Meyrals en Dordogne : un joyau du P\u00e9rigord Noir \u00e0 ne pas manquer<\/h1><p data-start=\"305\" data-end=\"564\">Nich\u00e9e au c\u0153ur du <strong data-start=\"323\" data-end=\"340\">P\u00e9rigord Noir<\/strong> dans le d\u00e9partement de la <strong data-start=\"367\" data-end=\"400\"><a href=\"https:\/\/cparici.com\/dordogne-departement\/\">Dordogne<\/a> (Nouvelle\u2011Aquitaine)<\/strong>, <strong data-start=\"402\" data-end=\"413\">Meyrals<\/strong> est une petite commune fran\u00e7aise au charme authentique, id\u00e9ale pour des vacances nature, culture et gastronomie.<\/p><h3 data-start=\"566\" data-end=\"599\">Une \u00e9tape typique du P\u00e9rigord<\/h3><p data-start=\"601\" data-end=\"836\">Meyrals s\u00e9duit par son <strong data-start=\"624\" data-end=\"668\">architecture traditionnelle p\u00e9rigourdine<\/strong> avec ses maisons en pierre blonde, ses rues paisibles et l\u2019<strong data-start=\"728\" data-end=\"752\">\u00e9glise Saint\u2011Eutrope<\/strong>, monument historique datant du XII\u1d49 si\u00e8cle.<\/p><p data-start=\"838\" data-end=\"1007\">Aux alentours, les collines bois\u00e9es et les sentiers de randonn\u00e9e invitent \u00e0 la promenade et \u00e0 la d\u00e9couverte de paysages bucoliques.<\/p>\t\t\t\t\t\t\t\t<\/div>\n\t\t\t\t\t<\/div>\n\t\t\t\t<\/div>\n\t\t<aside class=\"elementor-element elementor-element-62b7e07b e-flex e-con-boxed e-con e-parent\" data-id=\"62b7e07b\" data-element_type=\"container\" data-e-type=\"container\" data-settings=\"{&quot;background_background&quot;:&quot;classic&quot;}\">\n\t\t\t\t\t<div class=\"e-con-inner\">\n\t\t\t\t<div class=\"elementor-element elementor-element-320b312a elementor-widget elementor-widget-spacer\" data-id=\"320b312a\" data-element_type=\"widget\" data-e-type=\"widget\" data-widget_type=\"spacer.default\">\n\t\t\t\t\t\t\t<div class=\"elementor-spacer\">\n\t\t\t<div class=\"elementor-spacer-inner\"><\/div>\n\t\t<\/div>\n\t\t\t\t\t\t<\/div>\n\t\t\t\t<div class=\"elementor-element elementor-element-10dbae69 elementor-widget elementor-widget-heading\" data-id=\"10dbae69\" data-element_type=\"widget\" data-e-type=\"widget\" data-widget_type=\"heading.default\">\n\t\t\t\t\t<h2 class=\"elementor-heading-title elementor-size-default\">H\u00e9bergements de Vacances Meyrals en direct<\/h2>\t\t\t\t<\/div>\n\t\t\t\t<div class=\"elementor-element elementor-element-69e26e43 elementor-widget elementor-widget-listeo-listings-carousel\" data-id=\"69e26e43\" data-element_type=\"widget\" data-e-type=\"widget\" data-widget_type=\"listeo-listings-carousel.default\">\n\t\t\t\t<div class=\"elementor-widget-container\">\n\t\t\t\t\t        <!-- Carousel \/ Start -->\n        \t<div class=\"simple-slick-carousel dots-nav\" data-slick='{&quot;autoplay&quot;:true,&quot;autoplaySpeed&quot;:3000,&quot;slidesToShow&quot;:3,&quot;slidesToScroll&quot;:1,&quot;responsive&quot;:[{&quot;breakpoint&quot;:1024,&quot;settings&quot;:{&quot;slidesToShow&quot;:2,&quot;slidesToScroll&quot;:1}},{&quot;breakpoint&quot;:768,&quot;settings&quot;:{&quot;slidesToShow&quot;:1,&quot;slidesToScroll&quot;:1}}]}'>\n                            <div class=\"fw-carousel-item\">                    \n                        <!-- Listing Item -->\r\n            <div class=\"col-lg-6 col-md-12\">\r\n                <a href=\"https:\/\/cparici.com\/de\/annonce\/la-campanule-spacieuse-maison-de-vacances-en-dordogne-pour-6-personnes-avec-jacuzzi-prive\/\" class=\"listing-item-container listing-geo-data compact\" data-title=\"La Campanule \u2013 spacieuse maison de vacances en Dordogne pour 6 personnes avec jacuzzi priv\u00e9\" data-listing-type=\"rental\" data-classifieds-price=\"\u20ac\" data-friendly-address=\"423 Route de la Neille\" data-address=\"423 Route de la Neille\" data-image=\"https:\/\/cparici.com\/wp-content\/uploads\/2026\/02\/IMG_5493-520x397.jpg\" data-longitude=\"1.0653895\" data-latitude=\"44.90213869999999\" data-rating=\"4.8\" data-reviews=\"36\" data-icon=\"<svg xmlns=&quot;http:\/\/www.w3.org\/2000\/svg&quot; width=&quot;800px&quot; height=&quot;800px&quot; viewBox=&quot;0 0 45 45&quot; fill=&quot;none&quot;>\n<path d=&quot;M24.155 8.78099L24.33 8.94499L37.402 21.787L36 23.213L34.2 21.445L34.201 35C34.201 36.054 33.385 36.918 32.35 36.994L32.201 37H12.201C11.147 37 10.283 36.184 10.206 35.149L10.201 35L10.2 21.446L8.402 23.213L7 21.787L20.058 8.95799C21.171 7.82199 22.966 7.75899 24.155 8.78099ZM21.569 10.285L21.473 10.372L12.2 19.481L12.201 35L17.2 34.999L17.201 25C17.201 23.946 18.017 23.082 19.052 23.005L19.201 23H25.201C26.255 23 27.119 23.816 27.196 24.851L27.201 25L27.2 34.999L32.201 35L32.2 19.48L22.901 10.344C22.537 9.98699 21.969 9.96499 21.569 10.285ZM25.201 25H19.201L19.2 34.999H25.2L25.201 25Z&quot; fill=&quot;#3C3C3C&quot;\/>\n<\/svg>\">\r\n            <div class=\"listing-item  featured-listing\">\r\n                <div class=\"listing-small-badges-container\">\r\n                                            <div class=\"listing-small-badge featured-badge\"><i class=\"fa fa-star\"><\/i> Featured<\/div>\r\n                                                                <div class=\"listing-small-badge pricing-badge\"><i class=\"fa fa-tag\"><\/i>167,00\u20ac - 285,00\u20ac<\/div>\r\n                                                            \r\n                                        \r\n                                        \r\n                <\/div>\r\n                <img decoding=\"async\" src=\"https:\/\/cparici.com\/wp-content\/uploads\/2026\/02\/IMG_5493-520x397.jpg\" alt=\"La Campanule \u2013 spacieuse maison de vacances en Dordogne pour 6 personnes avec jacuzzi priv\u00e9\" class=\"listing-thumbnail\">\r\n                \r\n\r\n                <div class=\"listing-item-content\">\r\n                                                <div class=\"numerical-rating\" data-rating=\"4.8\"><\/div>\r\n                    \r\n                    <h3> La Campanule \u2013 spacieuse maison de vacances en Dordogne pour 6 personnes avec jacuzzi priv\u00e9 <\/h3>\r\n                    <span>423 Route de la Neille<\/span>\r\n                <\/div>\r\n                                        <span class=\"save like-icon tooltip left\" title=\"Login To Bookmark Items\"><\/span>\r\n                                                <\/div>\r\n        <\/a>\r\n                    <\/div>\r\n        \r\n\r\n        <!-- Listing Item \/ End -->\n                    <\/div>\n                                      <div class=\"fw-carousel-item\">                    \n                        <!-- Listing Item -->\r\n            <div class=\"col-lg-6 col-md-12\">\r\n                <a href=\"https:\/\/cparici.com\/de\/annonce\/liris-gite-perigourdine-pour-deux\/\" class=\"listing-item-container listing-geo-data compact\" data-title=\"L\u2019Iris gite p\u00e9rigourdine pour deux\" data-listing-type=\"rental\" data-classifieds-price=\"\u20ac\" data-friendly-address=\"423 Route de la Neille\" data-address=\"423 Route de la Neille\" data-image=\"https:\/\/cparici.com\/wp-content\/uploads\/2026\/02\/IMG_5328-520x397.jpg\" data-longitude=\"1.0654562916839598\" data-latitude=\"44.90234659063254\" data-rating=\"0\" data-reviews=\"0\" data-icon=\"<svg xmlns=&quot;http:\/\/www.w3.org\/2000\/svg&quot; width=&quot;800px&quot; height=&quot;800px&quot; viewBox=&quot;0 0 45 45&quot; fill=&quot;none&quot;>\n<path d=&quot;M24.155 8.78099L24.33 8.94499L37.402 21.787L36 23.213L34.2 21.445L34.201 35C34.201 36.054 33.385 36.918 32.35 36.994L32.201 37H12.201C11.147 37 10.283 36.184 10.206 35.149L10.201 35L10.2 21.446L8.402 23.213L7 21.787L20.058 8.95799C21.171 7.82199 22.966 7.75899 24.155 8.78099ZM21.569 10.285L21.473 10.372L12.2 19.481L12.201 35L17.2 34.999L17.201 25C17.201 23.946 18.017 23.082 19.052 23.005L19.201 23H25.201C26.255 23 27.119 23.816 27.196 24.851L27.201 25L27.2 34.999L32.201 35L32.2 19.48L22.901 10.344C22.537 9.98699 21.969 9.96499 21.569 10.285ZM25.201 25H19.201L19.2 34.999H25.2L25.201 25Z&quot; fill=&quot;#3C3C3C&quot;\/>\n<\/svg>\">\r\n            <div class=\"listing-item  featured-listing\">\r\n                <div class=\"listing-small-badges-container\">\r\n                                            <div class=\"listing-small-badge featured-badge\"><i class=\"fa fa-star\"><\/i> Featured<\/div>\r\n                                                                <div class=\"listing-small-badge pricing-badge\"><i class=\"fa fa-tag\"><\/i>88,00\u20ac - 150,00\u20ac<\/div>\r\n                                                            \r\n                                        \r\n                                        \r\n                <\/div>\r\n                <img decoding=\"async\" src=\"https:\/\/cparici.com\/wp-content\/uploads\/2026\/02\/IMG_5328-520x397.jpg\" alt=\"L\u2019Iris gite p\u00e9rigourdine pour deux\" class=\"listing-thumbnail\">\r\n                \r\n\r\n                <div class=\"listing-item-content\">\r\n                    \r\n                    <h3> L\u2019Iris gite p\u00e9rigourdine pour deux <\/h3>\r\n                    <span>423 Route de la Neille<\/span>\r\n                <\/div>\r\n                                        <span class=\"save like-icon tooltip left\" title=\"Login To Bookmark Items\"><\/span>\r\n                                                <\/div>\r\n        <\/a>\r\n                    <\/div>\r\n        \r\n\r\n        <!-- Listing Item \/ End -->\n                    <\/div>\n                                      <div class=\"fw-carousel-item\">                    \n                        <!-- Listing Item -->\r\n            <div class=\"col-lg-6 col-md-12\">\r\n                <a href=\"https:\/\/cparici.com\/de\/annonce\/lanemone-grand-maison-de-vacances-pour-8-personnes\/\" class=\"listing-item-container listing-geo-data compact\" data-title=\"L\u2019An\u00e9mone \u2013 grand maison de vacances pour 8 personnes\" data-listing-type=\"rental\" data-classifieds-price=\"\u20ac\" data-friendly-address=\"423 Route de la Neille\" data-address=\"423 Route de la Neille\" data-image=\"https:\/\/cparici.com\/wp-content\/uploads\/2026\/02\/IMG_5158-520x397.jpg\" data-longitude=\"1.0654562916839598\" data-latitude=\"44.90234659063254\" data-rating=\"0\" data-reviews=\"0\" data-icon=\"<svg xmlns=&quot;http:\/\/www.w3.org\/2000\/svg&quot; width=&quot;800px&quot; height=&quot;800px&quot; viewBox=&quot;0 0 45 45&quot; fill=&quot;none&quot;>\n<path d=&quot;M24.155 8.78099L24.33 8.94499L37.402 21.787L36 23.213L34.2 21.445L34.201 35C34.201 36.054 33.385 36.918 32.35 36.994L32.201 37H12.201C11.147 37 10.283 36.184 10.206 35.149L10.201 35L10.2 21.446L8.402 23.213L7 21.787L20.058 8.95799C21.171 7.82199 22.966 7.75899 24.155 8.78099ZM21.569 10.285L21.473 10.372L12.2 19.481L12.201 35L17.2 34.999L17.201 25C17.201 23.946 18.017 23.082 19.052 23.005L19.201 23H25.201C26.255 23 27.119 23.816 27.196 24.851L27.201 25L27.2 34.999L32.201 35L32.2 19.48L22.901 10.344C22.537 9.98699 21.969 9.96499 21.569 10.285ZM25.201 25H19.201L19.2 34.999H25.2L25.201 25Z&quot; fill=&quot;#3C3C3C&quot;\/>\n<\/svg>\">\r\n            <div class=\"listing-item  featured-listing\">\r\n                <div class=\"listing-small-badges-container\">\r\n                                            <div class=\"listing-small-badge featured-badge\"><i class=\"fa fa-star\"><\/i> Featured<\/div>\r\n                                                                <div class=\"listing-small-badge pricing-badge\"><i class=\"fa fa-tag\"><\/i>180,00\u20ac - 306,00\u20ac<\/div>\r\n                                                            \r\n                                        \r\n                                        \r\n                <\/div>\r\n                <img decoding=\"async\" src=\"https:\/\/cparici.com\/wp-content\/uploads\/2026\/02\/IMG_5158-520x397.jpg\" alt=\"L\u2019An\u00e9mone \u2013 grand maison de vacances pour 8 personnes\" class=\"listing-thumbnail\">\r\n                \r\n\r\n                <div class=\"listing-item-content\">\r\n                    \r\n                    <h3> L\u2019An\u00e9mone \u2013 grand maison de vacances pour 8 personnes <\/h3>\r\n                    <span>423 Route de la Neille<\/span>\r\n                <\/div>\r\n                                        <span class=\"save like-icon tooltip left\" title=\"Login To Bookmark Items\"><\/span>\r\n                                                <\/div>\r\n        <\/a>\r\n                    <\/div>\r\n        \r\n\r\n        <!-- Listing Item \/ End -->\n                    <\/div>\n                                      <div class=\"fw-carousel-item\">                    \n                        <!-- Listing Item -->\r\n            <div class=\"col-lg-6 col-md-12\">\r\n                <a href=\"https:\/\/cparici.com\/de\/annonce\/le-bleuet-charmant-gite-de-caractere-pour-1-a-max-4-personnes-amenage-dans-une-maison-de-plus-de-300-ans\/\" class=\"listing-item-container listing-geo-data compact\" data-title=\"Le Bleuet \u2013 Charmant g\u00eete de caract\u00e8re pour 1 \u00e0 max. 4 personnes, am\u00e9nag\u00e9 dans une maison de plus de 300 ans\" data-listing-type=\"rental\" data-classifieds-price=\"\u20ac\" data-friendly-address=\"423 Route de la Neille\" data-address=\"423 Route de la Neille\" data-image=\"https:\/\/cparici.com\/wp-content\/uploads\/2026\/02\/IMG_5802-520x397.jpg\" data-longitude=\"1.0653895\" data-latitude=\"44.90213869999999\" data-rating=\"4.8\" data-reviews=\"36\" data-icon=\"<svg xmlns=&quot;http:\/\/www.w3.org\/2000\/svg&quot; width=&quot;800px&quot; height=&quot;800px&quot; viewBox=&quot;0 0 45 45&quot; fill=&quot;none&quot;>\n<path d=&quot;M24.155 8.78099L24.33 8.94499L37.402 21.787L36 23.213L34.2 21.445L34.201 35C34.201 36.054 33.385 36.918 32.35 36.994L32.201 37H12.201C11.147 37 10.283 36.184 10.206 35.149L10.201 35L10.2 21.446L8.402 23.213L7 21.787L20.058 8.95799C21.171 7.82199 22.966 7.75899 24.155 8.78099ZM21.569 10.285L21.473 10.372L12.2 19.481L12.201 35L17.2 34.999L17.201 25C17.201 23.946 18.017 23.082 19.052 23.005L19.201 23H25.201C26.255 23 27.119 23.816 27.196 24.851L27.201 25L27.2 34.999L32.201 35L32.2 19.48L22.901 10.344C22.537 9.98699 21.969 9.96499 21.569 10.285ZM25.201 25H19.201L19.2 34.999H25.2L25.201 25Z&quot; fill=&quot;#3C3C3C&quot;\/>\n<\/svg>\">\r\n            <div class=\"listing-item  featured-listing\">\r\n                <div class=\"listing-small-badges-container\">\r\n                                            <div class=\"listing-small-badge featured-badge\"><i class=\"fa fa-star\"><\/i> Featured<\/div>\r\n                                                                <div class=\"listing-small-badge pricing-badge\"><i class=\"fa fa-tag\"><\/i>110,00\u20ac - 187,00\u20ac<\/div>\r\n                                                            \r\n                                        \r\n                                        \r\n                <\/div>\r\n                <img decoding=\"async\" src=\"https:\/\/cparici.com\/wp-content\/uploads\/2026\/02\/IMG_5802-520x397.jpg\" alt=\"Le Bleuet \u2013 Charmant g\u00eete de caract\u00e8re pour 1 \u00e0 max. 4 personnes, am\u00e9nag\u00e9 dans une maison de plus de 300 ans\" class=\"listing-thumbnail\">\r\n                \r\n\r\n                <div class=\"listing-item-content\">\r\n                                                <div class=\"numerical-rating\" data-rating=\"4.8\"><\/div>\r\n                    \r\n                    <h3> Le Bleuet \u2013 Charmant g\u00eete de caract\u00e8re pour 1 \u00e0 max. 4 personnes, am\u00e9nag\u00e9 dans une maison de plus de 300 ans <\/h3>\r\n                    <span>423 Route de la Neille<\/span>\r\n                <\/div>\r\n                                        <span class=\"save like-icon tooltip left\" title=\"Login To Bookmark Items\"><\/span>\r\n                                                <\/div>\r\n        <\/a>\r\n                    <\/div>\r\n        \r\n\r\n        <!-- Listing Item \/ End -->\n                    <\/div>\n                          <\/div>\n        \t\t\t\t<\/div>\n\t\t\t\t<\/div>\n\t\t\t\t\t<\/div>\n\t\t\t\t<\/aside>\n\t\t<div class=\"elementor-element elementor-element-8354244 e-flex e-con-boxed e-con e-parent\" data-id=\"8354244\" data-element_type=\"container\" data-e-type=\"container\">\n\t\t\t\t\t<div class=\"e-con-inner\">\n\t\t\t\t<div class=\"elementor-element elementor-element-30d5eb5 elementor-widget elementor-widget-text-editor\" data-id=\"30d5eb5\" data-element_type=\"widget\" data-e-type=\"widget\" data-widget_type=\"text-editor.default\">\n\t\t\t\t\t\t\t\t\t<h2 data-start=\"1014\" data-end=\"1071\">D\u00e9couvrez le paradis des vacances : Le Jardin des Amis<\/h2><p data-start=\"1073\" data-end=\"1332\"><span class=\"\" data-state=\"closed\"><span class=\"hover:entity-accent entity-underline inline cursor-pointer align-baseline\"><span class=\"whitespace-normal\">Le Jardin des Amis<\/span><\/span><\/span><br data-start=\"1110\" data-end=\"1113\" \/>Situ\u00e9 \u00e0 quelques pas du centre du village, <strong data-start=\"1156\" data-end=\"1178\">Le Jardin des Amis<\/strong> est un domaine de vacances charmant et paisible qui fait partie des lieux incontournables pour s\u00e9journer \u00e0 Meyrals.<\/p><h3 data-start=\"1334\" data-end=\"1373\">Un lieu unique au c\u0153ur de la nature<\/h3><p data-start=\"1375\" data-end=\"1684\">Ce domaine s\u2019\u00e9tend sur pr\u00e8s de <strong data-start=\"1406\" data-end=\"1441\">4 hectares de nature verdoyante<\/strong>, anciennement plantation de tabac, et accueille plusieurs <strong data-start=\"1500\" data-end=\"1522\">g\u00eetes de caract\u00e8re<\/strong> pouvant accueillir familles et groupes \u2014 de petits h\u00e9bergements confortables \u00e0 plus grands cottages pour 6 \u00e0 8 personnes.<\/p><p data-start=\"1686\" data-end=\"1730\">\u00c0 <em data-start=\"1688\" data-end=\"1708\">Le Jardin des Amis<\/em>, vous profiterez de :<\/p><p data-start=\"1732\" data-end=\"2161\">\u2705 Une <strong data-start=\"1738\" data-end=\"1758\">piscine chauff\u00e9e<\/strong> entour\u00e9e d\u2019arbres fruitiers. <br data-start=\"1825\" data-end=\"1828\" \/>\u2705 Un cadre calme et relaxant, parfait pour se d\u00e9tendre loin du tumulte. <br data-start=\"1937\" data-end=\"1940\" \/>\u2705 Des espaces verts o\u00f9 les enfants peuvent jouer librement. <br data-start=\"2037\" data-end=\"2040\" \/>\u2705 Un acc\u00e8s facile aux richesses du P\u00e9rigord Noir pour des excursions d\u2019une journ\u00e9e.<\/p><p data-start=\"2163\" data-end=\"2327\">C\u2019est un h\u00e9bergement tr\u00e8s bien not\u00e9 par les voyageurs, appr\u00e9ci\u00e9 pour son <strong data-start=\"2236\" data-end=\"2258\">accueil chaleureux<\/strong> et son atmosph\u00e8re relaxante.<\/p><h2 data-start=\"2334\" data-end=\"2374\">Que faire et voir autour de Meyrals ?<\/h2><h3 data-start=\"2376\" data-end=\"2402\">\ud83c\udf04 Nature & randonn\u00e9es<\/h3><p data-start=\"2404\" data-end=\"2611\">Les alentours de Meyrals offrent de nombreuses possibilit\u00e9s de balades \u00e0 pied ou \u00e0 v\u00e9lo sur des chemins balis\u00e9s, \u00e0 travers for\u00eats et vallons typiques du P\u00e9rigord Noir.<\/p><h3 data-start=\"2613\" data-end=\"2643\">\ud83c\udfdb\ufe0f Histoire et patrimoine<\/h3><ul data-start=\"2645\" data-end=\"3056\"><li data-start=\"2645\" data-end=\"2777\"><p data-start=\"2647\" data-end=\"2777\"><strong data-start=\"2647\" data-end=\"2671\">\u00c9glise Saint\u2011Eutrope<\/strong> : un \u00e9difice romane prot\u00e9g\u00e9 au titre des monuments historiques.<\/p><\/li><li data-start=\"2778\" data-end=\"2946\"><p data-start=\"2780\" data-end=\"2946\"><strong data-start=\"2780\" data-end=\"2802\">Grotte de Bernifal<\/strong> : grotte orn\u00e9e pr\u00e9historique class\u00e9e, dont les peintures magdal\u00e9niennes datent de plus de 15\u202f000 ans.<\/p><\/li><li data-start=\"2947\" data-end=\"3056\"><p data-start=\"2949\" data-end=\"3056\"><strong data-start=\"2949\" data-end=\"2972\">Ch\u00e2teau de la Roque<\/strong> : ch\u00e2teau m\u00e9di\u00e9val embl\u00e9matique de Meyrals.<\/p><\/li><\/ul><h3 data-start=\"3058\" data-end=\"3083\">\ud83c\udf77 Saveurs du terroir<\/h3><p data-start=\"3085\" data-end=\"3277\">Profitez aussi des <strong data-start=\"3104\" data-end=\"3123\">produits locaux<\/strong> du P\u00e9rigord : foie gras, truffe noire, noix, vin de Bergerac\u2026 Meyrals et sa r\u00e9gion sont un vrai paradis gourmand.<\/p><h2 data-start=\"3284\" data-end=\"3308\">Activit\u00e9s \u00e0 proximit\u00e9<\/h2><ul data-start=\"3310\" data-end=\"3653\"><li data-start=\"3310\" data-end=\"3434\"><p data-start=\"3312\" data-end=\"3434\"><strong data-start=\"3312\" data-end=\"3356\">Cano\u00eb\u2011kayak sur la Dordogne ou la V\u00e9z\u00e8re<\/strong>, accessibles \u00e0 quelques kilom\u00e8tres.<\/p><\/li><li data-start=\"3435\" data-end=\"3552\"><p data-start=\"3437\" data-end=\"3552\"><strong data-start=\"3437\" data-end=\"3471\">D\u00e9couverte de Sarlat\u2011la\u2011Can\u00e9da<\/strong>, charmante cit\u00e9 m\u00e9di\u00e9vale \u00e0 20\u201330\u202fmin.<\/p><\/li><li data-start=\"3553\" data-end=\"3653\"><p data-start=\"3555\" data-end=\"3653\"><strong data-start=\"3555\" data-end=\"3586\">March\u00e9s locaux et artisanat<\/strong> dans les villages voisins.<\/p><\/li><\/ul><h2 data-start=\"232\" data-end=\"298\"><strong data-start=\"239\" data-end=\"298\">Les incontournables autour de Meyrals<\/strong><\/h2><h3 data-start=\"232\" data-end=\"298\"><strong data-start=\"239\" data-end=\"298\">Sites historiques et villages m\u00e9di\u00e9vaux <\/strong><\/h3><h4 data-start=\"300\" data-end=\"325\"><strong data-start=\"304\" data-end=\"325\">Beynac\u2011et\u2011Cazenac<\/strong><\/h4><p data-start=\"326\" data-end=\"640\">Un des plus beaux villages de la vall\u00e9e de la Dordogne, domin\u00e9 par un <strong data-start=\"396\" data-end=\"434\">ch\u00e2teau m\u00e9di\u00e9val perch\u00e9 en falaise<\/strong> avec vue spectaculaire sur la vall\u00e9e et le fleuve. Tu peux te balader dans les ruelles pittoresques et visiter le ch\u00e2teau, t\u00e9moin de l\u2019histoire m\u00e9di\u00e9vale de la r\u00e9gion.<\/p><h4 data-start=\"642\" data-end=\"665\"><strong data-start=\"646\" data-end=\"665\">La Roque\u2011Gageac<\/strong><\/h4><p data-start=\"666\" data-end=\"839\">Village class\u00e9 parmi les plus beaux de France, construit le long de la rivi\u00e8re, avec maisons troglodytiques et paysages spectaculaires.<\/p><h4 data-start=\"841\" data-end=\"854\"><strong data-start=\"845\" data-end=\"854\">Domme<\/strong><\/h4><p data-start=\"855\" data-end=\"1021\">Bastide m\u00e9di\u00e9vale fortifi\u00e9e offrant des points de vue panoramiques impressionnants sur la vall\u00e9e de la Dordogne et ses environs.<\/p><h4 data-start=\"1023\" data-end=\"1059\"><strong data-start=\"1027\" data-end=\"1059\">Monpazier et autres bastides<\/strong><\/h4><p data-start=\"1060\" data-end=\"1267\">\u00c0 un peu plus de route, <em data-start=\"1084\" data-end=\"1095\">Monpazier<\/em> est une bastide parfaitement conserv\u00e9e du XIII\u1d49 si\u00e8cle avec une place centrale \u00e0 arcades, id\u00e9ale pour d\u00e9couvrir l\u2019urbanisme m\u00e9di\u00e9val.<\/p><h3 data-start=\"1274\" data-end=\"1330\"><strong data-start=\"1280\" data-end=\"1330\">Grottes pr\u00e9historiques et sites arch\u00e9ologiques<\/strong><\/h3><h4 data-start=\"1332\" data-end=\"1393\"><strong data-start=\"1336\" data-end=\"1393\">Les Eyzies\u2011de\u2011Tayac\u2011Sireuil et vall\u00e9es pr\u00e9historiques<\/strong><\/h4><p data-start=\"1394\" data-end=\"1643\">La vall\u00e9e de la V\u00e9z\u00e8re est inscrite au <strong data-start=\"1433\" data-end=\"1467\">patrimoine mondial de l\u2019UNESCO<\/strong> et propose des <strong data-start=\"1483\" data-end=\"1521\">sites pr\u00e9historiques exceptionnels<\/strong>, dont Font\u2011de\u2011Gaume, Combarelles et autres grottes orn\u00e9es\u2028de peintures et gravures.<\/p><h4 data-start=\"1645\" data-end=\"1704\"><strong data-start=\"1649\" data-end=\"1704\">Lascaux IV \u2013 Centre International de l\u2019Art Pari\u00e9tal<\/strong><\/h4><p data-start=\"1705\" data-end=\"1880\">Proche de Montignac, c\u2019est une reproduction moderne des c\u00e9l\u00e8bres peintures de Lascaux \u2013 une exp\u00e9rience immersive sur l\u2019art pr\u00e9historique.<\/p><h3 data-start=\"1887\" data-end=\"1935\"><strong data-start=\"1893\" data-end=\"1935\">Ch\u00e2teaux et forteresses de la Dordogne<\/strong><\/h3><p data-start=\"1937\" data-end=\"2083\">La Dordogne est c\u00e9l\u00e8bre pour ses <strong data-start=\"1970\" data-end=\"1998\">ch\u00e2teaux impressionnants<\/strong>, parfaits pour des excursions depuis Meyrals\u202f:<\/p><ul data-start=\"2085\" data-end=\"2495\"><li data-start=\"2085\" data-end=\"2225\"><p data-start=\"2087\" data-end=\"2225\"><strong data-start=\"2087\" data-end=\"2124\">Ch\u00e2teau de Castelnaud\u2011la\u2011Chapelle<\/strong> \u2013 forteresse m\u00e9di\u00e9vale avec mus\u00e9e de la guerre au Moyen\u2011\u00c2ge.<\/p><\/li><li data-start=\"2226\" data-end=\"2355\"><p data-start=\"2228\" data-end=\"2355\"><strong data-start=\"2228\" data-end=\"2252\">Ch\u00e2teau de Puymartin<\/strong> \u2013 beau ch\u00e2teau restaur\u00e9 dans un cadre forestier (vers Sarlat).<\/p><\/li><li data-start=\"2356\" data-end=\"2495\"><p data-start=\"2358\" data-end=\"2495\"><strong data-start=\"2358\" data-end=\"2382\">Ch\u00e2teau des Milandes<\/strong> \u2013 ch\u00e2teau Renaissance li\u00e9 \u00e0 Jos\u00e9phine Baker, avec expositions et jardin.<\/p><\/li><\/ul><h3 data-start=\"2502\" data-end=\"2564\"><strong data-start=\"2509\" data-end=\"2564\">Sarlat\u2011la\u2011Can\u00e9da \u2014 la \u00ab\u202fcapitale\u202f\u00bb du P\u00e9rigord Noir<\/strong><\/h3><p data-start=\"2566\" data-end=\"2692\">\u00c0 environ 15\u202fminutes de Meyrals, <em data-start=\"2599\" data-end=\"2607\">Sarlat<\/em> est une <strong data-start=\"2616\" data-end=\"2650\">ville m\u00e9di\u00e9vale incontournable<\/strong>\u202f:<\/p><p data-start=\"2694\" data-end=\"3168\">\u2705 Se perdre dans le vieux centre historique. <br data-start=\"2778\" data-end=\"2781\" \/>\u2705 Monter au sommet de l\u2019ancienne <strong data-start=\"2814\" data-end=\"2835\">\u00e9glise Saint\u2011Mary<\/strong> pour une vue panoramique. <br data-start=\"2901\" data-end=\"2904\" \/>\u2705 Visiter les march\u00e9s locaux (notamment sur la Place du March\u00e9\u2011aux\u2011Oies). <br data-start=\"3017\" data-end=\"3020\" \/>\u2705 D\u00e9couvrir la <strong data-start=\"3035\" data-end=\"3064\">Cath\u00e9drale Saint\u2011Sacerdos<\/strong>, la <strong data-start=\"3069\" data-end=\"3091\">Lanterne des Morts<\/strong> et des b\u00e2timents historiques vari\u00e9s.<\/p><p data-start=\"3170\" data-end=\"3323\">C\u2019est aussi un tr\u00e8s bon point de d\u00e9part pour explorer les sp\u00e9cialit\u00e9s locales et la gastronomie du P\u00e9rigord Noir.<\/p><h3 data-start=\"3330\" data-end=\"3382\"><strong data-start=\"3336\" data-end=\"3382\">Nature, paysages et activit\u00e9s en plein air<\/strong><\/h3><h4 data-start=\"3384\" data-end=\"3413\"><strong data-start=\"3388\" data-end=\"3413\">Vall\u00e9e de la Dordogne<\/strong><\/h4><p data-start=\"3414\" data-end=\"3542\">La vall\u00e9e offre des paysages magnifiques avec des falaises, des for\u00eats et des rivi\u00e8res\u202f:<\/p><ul data-start=\"3544\" data-end=\"3882\"><li data-start=\"3544\" data-end=\"3660\"><p data-start=\"3546\" data-end=\"3660\">Balades \u00e0 pied ou \u00e0 v\u00e9lo sur des <strong data-start=\"3579\" data-end=\"3599\">sentiers balis\u00e9s<\/strong> autour de Meyrals.<\/p><\/li><li data-start=\"3661\" data-end=\"3767\"><p data-start=\"3663\" data-end=\"3767\"><strong data-start=\"3663\" data-end=\"3695\">Promenades en cano\u00eb ou kayak<\/strong> sur la Dordogne ou la V\u00e9z\u00e8re.<\/p><\/li><li data-start=\"3768\" data-end=\"3882\"><p data-start=\"3770\" data-end=\"3882\">Excursions en gabare traditionnelle pour d\u00e9couvrir la rivi\u00e8re autrement.<\/p><\/li><\/ul><h3 data-start=\"3889\" data-end=\"3919\"><strong data-start=\"3895\" data-end=\"3919\">Jardins remarquables<\/strong><\/h3><h4 data-start=\"3921\" data-end=\"3951\"><strong data-start=\"3925\" data-end=\"3951\">Jardins de Marqueyssac<\/strong><\/h4><p data-start=\"3952\" data-end=\"4146\">Superbes jardins suspendus de buis taill\u00e9s, offrant une vue imprenable sur la vall\u00e9e de la Dordogne \u2014 parfait pour une promenade romantique ou en famille.<\/p><h4 data-start=\"4148\" data-end=\"4184\"><strong data-start=\"4152\" data-end=\"4184\">Jardins du Manoir d\u2019Eyrignac<\/strong><\/h4><p data-start=\"4185\" data-end=\"4327\">Un peu plus loin, ces jardins sculpt\u00e9s \u00e0 la fran\u00e7aise sont c\u00e9l\u00e8bres pour leur \u00e9l\u00e9gance et leur beaut\u00e9.<\/p><h2 data-start=\"3660\" data-end=\"3699\">Meilleurs conseils pour votre s\u00e9jour<\/h2><p data-start=\"3701\" data-end=\"3983\">\u2705 Visitez Meyrals au printemps ou en \u00e9t\u00e9 pour profiter pleinement de la nature et des march\u00e9s locaux. <br data-start=\"3842\" data-end=\"3845\" \/>\u2705 Pr\u00e9f\u00e9rez un s\u00e9jour de plusieurs jours pour explorer les grottes, ch\u00e2teaux et villages alentours.<\/p><h2 data-start=\"3990\" data-end=\"4018\">Foire aux Questions (FAQ)<\/h2><p data-start=\"4020\" data-end=\"4240\"><strong data-start=\"4020\" data-end=\"4078\">Quelle est la meilleure p\u00e9riode pour visiter Meyrals ?<\/strong><br data-start=\"4078\" data-end=\"4081\" \/>La p\u00e9riode de mai \u00e0 septembre offre le meilleur climat pour profiter des balades, des rivi\u00e8res et des march\u00e9s estivaux.<\/p><p data-start=\"4242\" data-end=\"4457\"><strong data-start=\"4242\" data-end=\"4291\">Le Jardin des Amis convient\u2011il aux familles ?<\/strong><br data-start=\"4291\" data-end=\"4294\" \/>Oui \u2014 c\u2019est un endroit id\u00e9al pour les familles avec enfants, avec des espaces de jeux en plein air et des activit\u00e9s nature.<\/p><p data-start=\"4459\" data-end=\"4642\"><strong data-start=\"4459\" data-end=\"4511\">Quelles attractions historiques voir \u00e0 Meyrals ?<\/strong><br data-start=\"4511\" data-end=\"4514\" \/>L\u2019\u00e9glise Saint\u2011Eutrope et le ch\u00e2teau de la Roque sont des sites historiques \u00e0 d\u00e9couvrir.<\/p><p data-start=\"4644\" data-end=\"4838\"><strong data-start=\"4644\" data-end=\"4688\">Peut\u2011on faire du cano\u00eb pr\u00e8s de Meyrals ?<\/strong><br data-start=\"4688\" data-end=\"4691\" \/>Oui, les rivi\u00e8res Dordogne et V\u00e9z\u00e8re offrent de belles opportunit\u00e9s pour le cano\u00eb ou des balades en gabare.<\/p><p data-start=\"4840\" data-end=\"5011\"><strong data-start=\"4840\" data-end=\"4883\">Y a\u2011t\u2011il des march\u00e9s locaux \u00e0 Meyrals ?<\/strong><br data-start=\"4883\" data-end=\"4886\" \/>Un petit march\u00e9 saisonnier a lieu en \u00e9t\u00e9, parfait pour d\u00e9couvrir les produits locaux.<\/p><h2 data-start=\"5018\" data-end=\"5031\">Conclusion<\/h2><p data-start=\"5033\" data-end=\"5400\">Meyrals en Dordogne est une <strong data-start=\"5061\" data-end=\"5100\">destination touristique authentique<\/strong>, id\u00e9ale pour les amateurs de nature, de patrimoine et de bonne cuisine. Que vous choisissiez de vous d\u00e9tendre au <strong data-start=\"5214\" data-end=\"5233\">Jardin des Amis<\/strong> ou de partir explorer les merveilles du P\u00e9rigord Noir, ce village offre un point de d\u00e9part parfait pour un s\u00e9jour inoubliable.<\/p><p data-start=\"5402\" data-end=\"5667\">Pour d\u00e9couvrir plus en d\u00e9tail le riche patrimoine historique autour de Meyrals, consultez la page d\u00e9di\u00e9e de Wikip\u00e9dia <strong data-start=\"5520\" data-end=\"5559\">sans les mots du mot\u2011cl\u00e9 ci\u2011dessous<\/strong> : <em data-start=\"5562\" data-end=\"5626\">\u00c9glise romane m\u00e9morable et grotte pr\u00e9historique exceptionnelle<\/em>.<\/p>\t\t\t\t\t\t\t\t<\/div>\n\t\t\t\t\t<\/div>\n\t\t\t\t<\/div>\n\t\t<div class=\"elementor-element elementor-element-f26f488 e-flex e-con-boxed e-con e-parent\" data-id=\"f26f488\" data-element_type=\"container\" data-e-type=\"container\">\n\t\t\t\t\t<div class=\"e-con-inner\">\n\t\t\t\t<div class=\"elementor-element elementor-element-83b1e26 elementor-widget elementor-widget-listeo-posts-grid\" data-id=\"83b1e26\" data-element_type=\"widget\" data-e-type=\"widget\" data-widget_type=\"listeo-posts-grid.default\">\n\t\t\t\t<div class=\"elementor-widget-container\">\n\t\t\t\t\t\t\t\n\t\t<div class=\"listeo-post-grid-wrapper\">\n\t\t\t<div class=\"row\">\n\n\t\t\t\n\n\t\t\t\t\t\t\t<div class=\"col-md-4\">\n                <a href=\"https:\/\/cparici.com\/de\/sarlat-la-caneda\/\" class=\"blog-compact-item-container\">\n                    <div class=\"blog-compact-item\">\n                        <img decoding=\"async\" width=\"577\" height=\"221\" src=\"https:\/\/cparici.com\/wp-content\/uploads\/2024\/06\/sarlat-la-caneda.jpg\" class=\"attachment-listeo-blog-related-post size-listeo-blog-related-post wp-post-image\" alt=\"Sarlat-la-Caneda\" srcset=\"https:\/\/cparici.com\/wp-content\/uploads\/2024\/06\/sarlat-la-caneda.jpg 1439w, https:\/\/cparici.com\/wp-content\/uploads\/2024\/06\/sarlat-la-caneda-600x230.jpg 600w, https:\/\/cparici.com\/wp-content\/uploads\/2024\/06\/sarlat-la-caneda-300x115.jpg 300w, https:\/\/cparici.com\/wp-content\/uploads\/2024\/06\/sarlat-la-caneda-1024x393.jpg 1024w, https:\/\/cparici.com\/wp-content\/uploads\/2024\/06\/sarlat-la-caneda-768x295.jpg 768w\" sizes=\"(max-width: 577px) 100vw, 577px\" \/><span class=\"blog-item-tag\">Dordogne<\/span>                        \n                        <div class=\"blog-compact-item-content\">\n                                                        <h3>Sarlat-la-Caneda : guide pour explorer le P\u00e9rigord<\/h3>\n                                                        <p>Recherches populaires Categories Pas de r\u00e9sultats Voir tous les r\u00e9sultats Sarlat-la-Caneda Sarlat-la-Caneda, nich\u00e9e au c\u0153ur...                            <\/p>\n                                                    <\/div>\n                    <\/div>\n                <\/a>\n            <\/div>\n\t\t\t<div class=\"col-md-4\">\n                <a href=\"https:\/\/cparici.com\/de\/perigueux\/\" class=\"blog-compact-item-container\">\n                    <div class=\"blog-compact-item\">\n                        <img decoding=\"async\" width=\"577\" height=\"212\" src=\"https:\/\/cparici.com\/wp-content\/uploads\/2024\/06\/Perigueux.jpg\" class=\"attachment-listeo-blog-related-post size-listeo-blog-related-post wp-post-image\" alt=\"P\u00e9rigueux\" srcset=\"https:\/\/cparici.com\/wp-content\/uploads\/2024\/06\/Perigueux.jpg 1500w, https:\/\/cparici.com\/wp-content\/uploads\/2024\/06\/Perigueux-600x221.jpg 600w, https:\/\/cparici.com\/wp-content\/uploads\/2024\/06\/Perigueux-300x110.jpg 300w, https:\/\/cparici.com\/wp-content\/uploads\/2024\/06\/Perigueux-1024x377.jpg 1024w, https:\/\/cparici.com\/wp-content\/uploads\/2024\/06\/Perigueux-768x283.jpg 768w\" sizes=\"(max-width: 577px) 100vw, 577px\" \/><span class=\"blog-item-tag\">Dordogne<\/span>                        \n                        <div class=\"blog-compact-item-content\">\n                                                        <h3>P\u00e9rigueux \u2013 guide complet pour explorer la ville<\/h3>\n                                                        <p>P\u00e9rigueux vous attend avec son patrimoine exceptionnel et sa richesse gastronomique. Suivez notre guide complet...                            <\/p>\n                                                    <\/div>\n                    <\/div>\n                <\/a>\n            <\/div>\n\t\t\t<div class=\"col-md-4\">\n                <a href=\"https:\/\/cparici.com\/de\/la-roque-gageac\/\" class=\"blog-compact-item-container\">\n                    <div class=\"blog-compact-item\">\n                        <img decoding=\"async\" width=\"577\" height=\"204\" src=\"https:\/\/cparici.com\/wp-content\/uploads\/2024\/09\/cparici-577x204.png\" class=\"attachment-listeo-blog-related-post size-listeo-blog-related-post wp-post-image\" alt=\"La Roque-Gageac\" srcset=\"https:\/\/cparici.com\/wp-content\/uploads\/2024\/09\/cparici-577x204.png 577w, https:\/\/cparici.com\/wp-content\/uploads\/2024\/09\/cparici-300x106.png 300w, https:\/\/cparici.com\/wp-content\/uploads\/2024\/09\/cparici-1024x362.png 1024w, https:\/\/cparici.com\/wp-content\/uploads\/2024\/09\/cparici-768x271.png 768w, https:\/\/cparici.com\/wp-content\/uploads\/2024\/09\/cparici-590x208.png 590w, https:\/\/cparici.com\/wp-content\/uploads\/2024\/09\/cparici-1200x424.png 1200w, https:\/\/cparici.com\/wp-content\/uploads\/2024\/09\/cparici-600x212.png 600w, https:\/\/cparici.com\/wp-content\/uploads\/2024\/09\/cparici.png 1500w\" sizes=\"(max-width: 577px) 100vw, 577px\" \/><span class=\"blog-item-tag\">Dordogne<\/span>                        \n                        <div class=\"blog-compact-item-content\">\n                                                        <h3>La Roque-Gageac : Un Joyau de la Dordogne<\/h3>\n                                                        <p>D\u00e9couvrez La Roque-Gageac, charmant village de Dordogne, ses sites, ses randonn\u00e9es, ses activit\u00e9s sur la...                            <\/p>\n                                                    <\/div>\n                    <\/div>\n                <\/a>\n            <\/div>\n  <\/div>\n        <\/div>\n        \t\t\t\t<\/div>\n\t\t\t\t<\/div>\n\t\t\t\t\t<\/div>\n\t\t\t\t<\/div>\n\t\t<div class=\"elementor-element elementor-element-6f6ebd4c e-flex e-con-boxed e-con e-parent\" data-id=\"6f6ebd4c\" data-element_type=\"container\" data-e-type=\"container\">\n\t\t\t\t\t<div class=\"e-con-inner\">\n\t\t<div class=\"elementor-element elementor-element-6d67c7c6 e-con-full e-flex e-con e-child\" data-id=\"6d67c7c6\" data-element_type=\"container\" data-e-type=\"container\">\n\t\t\t\t<div class=\"elementor-element elementor-element-59dce4f6 elementor-widget elementor-widget-text-editor\" data-id=\"59dce4f6\" data-element_type=\"widget\" data-e-type=\"widget\" data-widget_type=\"text-editor.default\">\n\t\t\t\t\t\t\t\t\t<p>Cet article a \u00e9t\u00e9 r\u00e9dig\u00e9 par Alex Arts,\u00a0<a href=\"https:\/\/alexantoine-photos.weebly.com\/\" target=\"_blank\" rel=\"noopener\">photographe<\/a>,\u00a0<a href=\"https:\/\/www.linkedin.com\/in\/alex-b-arts\/\" target=\"_blank\" rel=\"noopener\">cr\u00e9ateur de contenu<\/a>, et <a href=\"https:\/\/www.google.com\/maps\/contrib\/100986619723712834113\/reviews\/@45.8933481,-4.1449199,6z\/data=!4m3!8m2!3m1!1e1?entry=ttu&g_ep=EgoyMDI1MTIwOS4wIKXMDSoKLDEwMDc5MjA2OUgBUAM%3D\" target=\"_blank\" rel=\"noopener\">guide local de niveau 6 sur Google Maps<\/a><\/p>\t\t\t\t\t\t\t\t<\/div>\n\t\t\t\t<div class=\"elementor-element elementor-element-1bebe520 elementor-widget elementor-widget-author-box\" data-id=\"1bebe520\" data-element_type=\"widget\" data-e-type=\"widget\" data-widget_type=\"author-box.default\">\n\t\t\t\t\t\t\t<div class=\"elementor-author-box\">\n\t\t\t\t\t\t\t<a href=\"https:\/\/www.linkedin.com\/in\/alex-b-arts\/\" class=\"elementor-author-box__avatar\" target=\"_blank\" rel=\"noopener\">\n\t\t\t\t\t<img decoding=\"async\" src=\"https:\/\/cparici.com\/wp-content\/uploads\/2024\/09\/photo-alex-arts-300x300.jpeg\" alt=\"Bild von Alex Arts\" loading=\"lazy\">\n\t\t\t\t<\/a>\n\t\t\t\n\t\t\t<div class=\"elementor-author-box__text\">\n\t\t\t\t\t\t\t\t\t<a href=\"https:\/\/www.linkedin.com\/in\/alex-b-arts\/\" target=\"_blank\" rel=\"noopener\">\n\t\t\t\t\t\t<h4 class=\"elementor-author-box__name\">\n\t\t\t\t\t\t\tAlex Arts\t\t\t\t\t\t<\/h4>\n\t\t\t\t\t<\/a>\n\t\t\t\t\n\t\t\t\t\t\t\t\t\t<div class=\"elementor-author-box__bio\">\n\t\t\t\t\t\t<p>Photographe, cr\u00e9ateur de contenu et local guide<\/p>\n\t\t\t\t\t<\/div>\n\t\t\t\t\n\t\t\t\t\t\t\t<\/div>\n\t\t<\/div>\n\t\t\t\t\t\t<\/div>\n\t\t\t\t<\/div>\n\t\t\t\t\t<\/div>\n\t\t\t\t<\/div>\n\t\t\t\t<\/div>\n\t\t","protected":false},"excerpt":{"rendered":"<p>Recherches populaires Categories Pas de r\u00e9sultats Voir tous les r\u00e9sultats Meyrals en Dordogne : un joyau du P\u00e9rigord Noir \u00e0 ne pas manquer Nich\u00e9e au c\u0153ur du P\u00e9rigord Noir dans le d\u00e9partement de la Dordogne (Nouvelle\u2011Aquitaine), Meyrals est une petite commune fran\u00e7aise au charme authentique, id\u00e9ale pour des vacances nature, culture et gastronomie. Une \u00e9tape [&hellip;]<\/p>\n","protected":false},"author":97,"featured_media":75169,"comment_status":"closed","ping_status":"closed","sticky":false,"template":"","format":"standard","meta":{"ngg_post_thumbnail":0,"footnotes":""},"categories":[483,895,2917],"tags":[],"class_list":["post-75167","post","type-post","status-publish","format-standard","has-post-thumbnail","hentry","category-nouvelle-aquitaine","category-dordogne","category-meyrals"],"_links":{"self":[{"href":"https:\/\/cparici.com\/de\/wp-json\/wp\/v2\/posts\/75167","targetHints":{"allow":["GET"]}}],"collection":[{"href":"https:\/\/cparici.com\/de\/wp-json\/wp\/v2\/posts"}],"about":[{"href":"https:\/\/cparici.com\/de\/wp-json\/wp\/v2\/types\/post"}],"author":[{"embeddable":true,"href":"https:\/\/cparici.com\/de\/wp-json\/wp\/v2\/users\/97"}],"replies":[{"embeddable":true,"href":"https:\/\/cparici.com\/de\/wp-json\/wp\/v2\/comments?post=75167"}],"version-history":[{"count":2,"href":"https:\/\/cparici.com\/de\/wp-json\/wp\/v2\/posts\/75167\/revisions"}],"predecessor-version":[{"id":89031,"href":"https:\/\/cparici.com\/de\/wp-json\/wp\/v2\/posts\/75167\/revisions\/89031"}],"wp:featuredmedia":[{"embeddable":true,"href":"https:\/\/cparici.com\/de\/wp-json\/wp\/v2\/media\/75169"}],"wp:attachment":[{"href":"https:\/\/cparici.com\/de\/wp-json\/wp\/v2\/media?parent=75167"}],"wp:term":[{"taxonomy":"category","embeddable":true,"href":"https:\/\/cparici.com\/de\/wp-json\/wp\/v2\/categories?post=75167"},{"taxonomy":"post_tag","embeddable":true,"href":"https:\/\/cparici.com\/de\/wp-json\/wp\/v2\/tags?post=75167"}],"curies":[{"name":"wp","href":"https:\/\/api.w.org\/{rel}","templated":true}]}}