{"id":85648,"date":"2026-05-01T10:09:44","date_gmt":"2026-05-01T08:09:44","guid":{"rendered":"https:\/\/cparici.com\/?p=85648"},"modified":"2026-05-01T10:20:30","modified_gmt":"2026-05-01T08:20:30","slug":"mont-revard","status":"publish","type":"post","link":"https:\/\/cparici.com\/de\/mont-revard\/","title":{"rendered":"Mont Revard: der vollst\u00e4ndige F\u00fchrer, um zu jeder Jahreszeit zu genie\u00dfen"},"content":{"rendered":"\t\t<div data-elementor-type=\"wp-post\" data-elementor-id=\"85648\" class=\"elementor elementor-85648\" data-elementor-post-type=\"post\">\n\t\t\t\t<div class=\"elementor-element elementor-element-e70fd15 e-con-full e-flex e-con e-parent\" data-id=\"e70fd15\" data-element_type=\"container\" data-e-type=\"container\">\n\t\t\t\t<div class=\"elementor-element elementor-element-c8f5acb elementor-widget elementor-widget-image\" data-id=\"c8f5acb\" data-element_type=\"widget\" data-e-type=\"widget\" data-widget_type=\"image.default\">\n\t\t\t\t\t\t\t\t\t\t\t\t\t\t\t<img decoding=\"async\" width=\"1500\" height=\"530\" src=\"https:\/\/cparici.com\/wp-content\/uploads\/2026\/03\/Mont-Revard.jpg\" class=\"attachment-full size-full wp-image-85832\" alt=\"Mont Revard\" srcset=\"https:\/\/cparici.com\/wp-content\/uploads\/2026\/03\/Mont-Revard.jpg 1500w, https:\/\/cparici.com\/wp-content\/uploads\/2026\/03\/Mont-Revard-300x106.jpg 300w, https:\/\/cparici.com\/wp-content\/uploads\/2026\/03\/Mont-Revard-1024x362.jpg 1024w, https:\/\/cparici.com\/wp-content\/uploads\/2026\/03\/Mont-Revard-768x271.jpg 768w, https:\/\/cparici.com\/wp-content\/uploads\/2026\/03\/Mont-Revard-18x6.jpg 18w, https:\/\/cparici.com\/wp-content\/uploads\/2026\/03\/Mont-Revard-590x208.jpg 590w, https:\/\/cparici.com\/wp-content\/uploads\/2026\/03\/Mont-Revard-1200x424.jpg 1200w, https:\/\/cparici.com\/wp-content\/uploads\/2026\/03\/Mont-Revard-577x204.jpg 577w, https:\/\/cparici.com\/wp-content\/uploads\/2026\/03\/Mont-Revard-1320x466.jpg 1320w, https:\/\/cparici.com\/wp-content\/uploads\/2026\/03\/Mont-Revard-600x212.jpg 600w\" sizes=\"(max-width: 1500px) 100vw, 1500px\" \/>\t\t\t\t\t\t\t\t\t\t\t\t\t\t\t<\/div>\n\t\t\t\t<\/div>\n\t\t<aside class=\"elementor-element elementor-element-13447b5 e-flex e-con-boxed e-con e-parent\" data-id=\"13447b5\" data-element_type=\"container\" data-e-type=\"container\">\n\t\t\t\t\t<div class=\"e-con-inner\">\n\t\t\t\t<div class=\"elementor-element elementor-element-1a81b8b elementor-widget elementor-widget-global elementor-global-62046 elementor-widget-eael-advanced-search\" data-id=\"1a81b8b\" data-element_type=\"widget\" data-e-type=\"widget\" data-widget_type=\"eael-advanced-search.default\">\n\t\t\t\t\t        <div class=\"eael-adv-search-wrapper\">\n            <div id=\"eael-advanced-search-widget-1a81b8b\" class=\"eael-advanced-search-widget\">\n                <form data-settings=\"{&quot;post_per_page&quot;:5,&quot;search_among_taxonomies&quot;:&quot;&quot;,&quot;search_among_sku&quot;:&quot;no&quot;,&quot;show_popular_keyword&quot;:0,&quot;show_category&quot;:0,&quot;show_content_image&quot;:1,&quot;show_search_result_all_results&quot;:0,&quot;result_on_new_tab&quot;:&quot;no&quot;,&quot;show_product_price&quot;:&quot;no&quot;,&quot;include_current_page&quot;:&quot;no&quot;,&quot;orderby&quot;:&quot;default&quot;,&quot;order&quot;:&quot;DESC&quot;,&quot;current_post_id&quot;:85648,&quot;post_type&quot;:[&quot;post&quot;,&quot;listing&quot;]}\" method=\"POST\" name=\"eael-advanced-search-form-1a81b8b\" class=\"eael-advanced-search-form eael-advanced-search-form-style-2\">\n                    <div class=\"eael-advanced-search-wrap\">\n                        <span class=\"eael-adv-search-loader\"><\/span>\n                        <span class=\"eael-adv-search-close\"><i class=\"fas fa-times\"><\/i><\/span>\n                        <span class=\"icon \"><i class=\"fas fa-search\"><\/i><\/span>\n\n                        <input type=\"text\"\n                               placeholder=\"Votre destination\"\n                               class=\"eael-advanced-search\" autocomplete=\"off\" name=\"eael_advanced_search\">\n                    <\/div>\n\t\t\t\t\t                                    <\/form>\n\n\t\t\t\t\n\t\t\t\t        <div class=\"eael-advanced-search-result\">\n            <div class=\"eael-advanced-search-popular-keyword\">\n\t\t\t\t<h4 class=\"eael-advanced-search-popular-keyword-text\">Recherches populaires<\/h4>                <div class=\"eael-popular-keyword-content\"><\/div>\n            <\/div>\n            <div class=\"eael-advanced-search-category\">\n\t\t\t\t<h4 class=\"eael-advanced-search-category-text\">Categories<\/h4>                <div class=\"eael-popular-category-content\"><\/div>\n            <\/div>\n\t\t\t<div class=\"eael-advanced-search-total-results-section\">\n\t\t\t\t\t\t\t<\/div>\n            <div class=\"eael-advanced-search-content eael-item-style-3\">\n            <\/div>\n            <div class=\"eael-advanced-search-not-found\">\n                <p>Pas de r\u00e9sultats<\/p><\/div>\n            <div class=\"eael-advanced-search-load-more\">\n\t\t\t\t<a \tclass=\"eael-advanced-search-load-more-button\"\n                \thref=\"#\">Voir tous les r\u00e9sultats<\/a>\n            <\/div>\n        <\/div>\n\n\t\t            <\/div>\n        <\/div>\n\n\t\t\t\t\t\t<\/div>\n\t\t\t\t\t<\/div>\n\t\t\t\t<\/aside>\n\t\t<div class=\"elementor-element elementor-element-3757a7ee e-flex e-con-boxed e-con e-parent\" data-id=\"3757a7ee\" data-element_type=\"container\" data-e-type=\"container\">\n\t\t\t\t\t<div class=\"e-con-inner\">\n\t\t\t\t<div class=\"elementor-element elementor-element-10bddd6c elementor-widget elementor-widget-text-editor\" data-id=\"10bddd6c\" data-element_type=\"widget\" data-e-type=\"widget\" data-widget_type=\"text-editor.default\">\n\t\t\t\t\t\t\t\t\t<h2 style=\"text-align: center;\" data-section-id=\"1kubwwv\" data-start=\"154\" data-end=\"245\">Mont Revard : le guide complet pour profiter en toute saison<\/h2>\r\n<p data-start=\"247\" data-end=\"501\">Situ\u00e9 au c\u0153ur du massif des Bauges, ce sommet embl\u00e9matique de <a href=\"https:\/\/cparici.com\/savoie\/\">Savoie<\/a> offre l\u2019un des plus beaux panoramas de la r\u00e9gion. Dominant le lac du Bourget, il attire chaque ann\u00e9e de nombreux visiteurs venus admirer un paysage spectaculaire entre lac et montagnes.<\/p>\r\n<p data-start=\"503\" data-end=\"870\">Facile d\u2019acc\u00e8s depuis <span class=\"hover:entity-accent entity-underline inline cursor-pointer align-baseline\"><span class=\"whitespace-normal\">Aix-les-Bains<\/span><\/span>, le Mont Revard s\u00e9duit aussi bien les amateurs de randonn\u00e9e que les passionn\u00e9s de photographie ou de sports d\u2019hiver. Son c\u00e9l\u00e8bre belv\u00e9d\u00e8re avec plateforme en verre permet d\u2019observer un panorama exceptionnel, avec une vue d\u00e9gag\u00e9e jusqu\u2019au <span class=\"hover:entity-accent entity-underline inline cursor-pointer align-baseline\"><span class=\"whitespace-normal\">Mont Blanc<\/span><\/span> lorsque la m\u00e9t\u00e9o est favorable.<\/p>\r\n<p data-start=\"872\" data-end=\"1069\">Que vous envisagiez une sortie estivale ou une journ\u00e9e en hiver, ce guide vous accompagne pour d\u00e9couvrir les activit\u00e9s, les acc\u00e8s et les conseils essentiels pour profiter pleinement du Mont Revard.<\/p>\r\n\r\n<h3 style=\"text-align: center;\" data-start=\"872\" data-end=\"1069\"><span style=\"color: #33cccc;\">Pour en savoir plus sur les<\/span> <a href=\"https:\/\/cparici.com\/que-faire-en-savoie-25-idees-incontournables\/\">activit\u00e9s en Savoie, c\u2019est par ici!<\/a><\/h3>\r\n<h2 data-section-id=\"14sfc9t\" data-start=\"1440\" data-end=\"1475\">O\u00f9 se trouve le Mont Revard ?<\/h2>\r\n<p data-start=\"1477\" data-end=\"1713\">Le Mont Revard se situe en Savoie, dans la r\u00e9gion Auvergne-Rh\u00f4ne-Alpes, au c\u0153ur du massif des Bauges. Il surplombe directement le <span class=\"hover:entity-accent entity-underline inline cursor-pointer align-baseline\"><span class=\"whitespace-normal\">Lac du Bourget<\/span><\/span>, ce qui lui conf\u00e8re un panorama exceptionnel entre lac et montagnes.<\/p>\r\n<p data-start=\"1477\" data-end=\"1713\"><a href=\"https:\/\/cparici.com\/wp-content\/uploads\/2026\/03\/Mont-Revard-1.jpg\"><img decoding=\"async\" class=\"aligncenter wp-image-85899 size-full\" src=\"https:\/\/cparici.com\/wp-content\/uploads\/2026\/03\/Mont-Revard-1.jpg\" alt=\"Mont Revard\" width=\"1500\" height=\"530\" srcset=\"https:\/\/cparici.com\/wp-content\/uploads\/2026\/03\/Mont-Revard-1.jpg 1500w, https:\/\/cparici.com\/wp-content\/uploads\/2026\/03\/Mont-Revard-1-300x106.jpg 300w, https:\/\/cparici.com\/wp-content\/uploads\/2026\/03\/Mont-Revard-1-1024x362.jpg 1024w, https:\/\/cparici.com\/wp-content\/uploads\/2026\/03\/Mont-Revard-1-768x271.jpg 768w, https:\/\/cparici.com\/wp-content\/uploads\/2026\/03\/Mont-Revard-1-18x6.jpg 18w, https:\/\/cparici.com\/wp-content\/uploads\/2026\/03\/Mont-Revard-1-590x208.jpg 590w, https:\/\/cparici.com\/wp-content\/uploads\/2026\/03\/Mont-Revard-1-1200x424.jpg 1200w, https:\/\/cparici.com\/wp-content\/uploads\/2026\/03\/Mont-Revard-1-577x204.jpg 577w, https:\/\/cparici.com\/wp-content\/uploads\/2026\/03\/Mont-Revard-1-1320x466.jpg 1320w, https:\/\/cparici.com\/wp-content\/uploads\/2026\/03\/Mont-Revard-1-600x212.jpg 600w\" sizes=\"(max-width: 1500px) 100vw, 1500px\" \/><\/a><\/p>\r\n<p data-start=\"1715\" data-end=\"1959\">\u00c0 quelques kilom\u00e8tres seulement de <span class=\"hover:entity-accent entity-underline inline cursor-pointer align-baseline\"><span class=\"whitespace-normal\">Aix-les-Bains<\/span><\/span>, ce sommet est particuli\u00e8rement facile d\u2019acc\u00e8s. Cette proximit\u00e9 permet d\u2019organiser rapidement une sortie nature, que ce soit pour une demi-journ\u00e9e ou une journ\u00e9e compl\u00e8te.<\/p>\r\n<p data-start=\"1961\" data-end=\"2211\">Avec une altitude de 1 563 m\u00e8tres, ce point culminant accessible attire autant les visiteurs occasionnels que les amateurs de montagne. Il fait partie du domaine de <span class=\"hover:entity-accent entity-underline inline cursor-pointer align-baseline\"><span class=\"whitespace-normal\">Savoie Grand Revard<\/span><\/span>, reconnu pour ses activit\u00e9s nordiques en hiver.<\/p>\r\n<p data-start=\"2213\" data-end=\"2334\">Sa situation g\u00e9ographique en fait un lieu id\u00e9al pour d\u00e9couvrir les paysages alpins sans contrainte logistique importante.<\/p>\r\n\r\n<h2 data-section-id=\"a85yv6\" data-start=\"134\" data-end=\"173\">Pourquoi visiter le Mont Revard ?<\/h2>\r\n<p data-start=\"175\" data-end=\"433\">Le Mont Revard est l\u2019un des rares lieux en France o\u00f9 l\u2019on peut profiter d\u2019un panorama aussi spectaculaire avec un acc\u00e8s aussi simple. Cette combinaison entre facilit\u00e9 et beaut\u00e9 naturelle en fait une destination incontournable pour les visiteurs de la r\u00e9gion.<\/p>\r\n\r\n<h3 data-section-id=\"1859ncp\" data-start=\"435\" data-end=\"476\">Une vue panoramique exceptionnelle<\/h3>\r\n<p data-start=\"478\" data-end=\"754\">Depuis le belv\u00e9d\u00e8re, le regard plonge directement sur le <span class=\"hover:entity-accent entity-underline inline cursor-pointer align-baseline\"><span class=\"whitespace-normal\">Lac du Bourget<\/span><\/span>, entour\u00e9 de reliefs alpins. Par temps clair, il est m\u00eame possible d\u2019apercevoir le <span class=\"hover:entity-accent entity-underline inline cursor-pointer align-baseline\"><span class=\"whitespace-normal\">Mont Blanc<\/span><\/span>, offrant un contraste saisissant entre lac et haute montagne.<\/p>\r\n<p data-start=\"756\" data-end=\"1021\">Ce point de vue est particuli\u00e8rement appr\u00e9ci\u00e9 au lever et au coucher du soleil, lorsque les lumi\u00e8res transforment compl\u00e8tement le paysage. La plateforme en verre ajoute une dimension impressionnante \u00e0 l\u2019exp\u00e9rience, donnant l\u2019impression de flotter au-dessus du vide.<\/p>\r\n\r\n<h3 data-section-id=\"k2qmva\" data-start=\"1023\" data-end=\"1055\">Un site accessible \u00e0 tous<\/h3>\r\n<p data-start=\"1057\" data-end=\"1317\">Contrairement \u00e0 de nombreux sommets alpins, l\u2019acc\u00e8s ne n\u00e9cessite pas d\u2019effort important. Il est possible d\u2019arriver quasiment au sommet en voiture, ce qui permet \u00e0 tous les profils \u2014 familles, personnes \u00e2g\u00e9es ou visiteurs occasionnels \u2014 de profiter du panorama.<\/p>\r\n<p data-start=\"1319\" data-end=\"1422\">Le Mont Revard est donc une excellente alternative pour d\u00e9couvrir la montagne sans randonn\u00e9e technique.<\/p>\r\n\r\n<h3 data-section-id=\"ug76n6\" data-start=\"1424\" data-end=\"1468\">Une destination ouverte toute l\u2019ann\u00e9e<\/h3>\r\n<p data-start=\"1470\" data-end=\"1728\">Chaque saison offre une exp\u00e9rience diff\u00e9rente. En \u00e9t\u00e9, les sentiers permettent de profiter de balades faciles avec vue. En hiver, le secteur devient un espace privil\u00e9gi\u00e9 pour les activit\u00e9s nordiques, notamment autour de <span class=\"hover:entity-accent entity-underline inline cursor-pointer align-baseline\"><span class=\"whitespace-normal\">Savoie Grand Revard<\/span><\/span>.<\/p>\r\n<p data-start=\"1730\" data-end=\"1845\">Cette polyvalence renforce l\u2019int\u00e9r\u00eat du Mont Revard, qui peut se visiter \u00e0 tout moment de l\u2019ann\u00e9e selon les envies.<\/p>\r\n\r\n<h2 data-section-id=\"17337qt\" data-start=\"2879\" data-end=\"2912\">Que faire au Mont Revard ?<\/h2>\r\n<p data-start=\"2914\" data-end=\"3228\">Arriver au Mont Revard, c\u2019est d\u2019abord ressentir un changement imm\u00e9diat. L\u2019air devient plus frais, le silence plus pr\u00e9sent, et le paysage s\u2019ouvre d\u2019un seul coup sur un d\u00e9cor spectaculaire. Mais au-del\u00e0 de la vue, le Mont Revard propose une multitude d\u2019activit\u00e9s accessibles, quel que soit votre niveau ou la saison.<\/p>\r\n\r\n<h3 data-section-id=\"1ss8b5j\" data-start=\"3230\" data-end=\"3260\">Se promener face au lac<\/h3>\r\n<p data-start=\"3262\" data-end=\"3483\">D\u00e8s les premiers pas autour du belv\u00e9d\u00e8re, on comprend pourquoi cet endroit attire autant de visiteurs. Les sentiers sont larges, faciles, et toujours accompagn\u00e9s d\u2019un panorama sur le <span class=\"hover:entity-accent entity-underline inline cursor-pointer align-baseline\"><span class=\"whitespace-normal\">Lac du Bourget<\/span><\/span>.<\/p>\r\n<p data-start=\"3485\" data-end=\"3722\">On marche sans vraiment regarder ses pieds, absorb\u00e9 par la vue. Certains itin\u00e9raires permettent de s\u2019\u00e9loigner l\u00e9g\u00e8rement de la zone principale pour retrouver plus de calme, tout en conservant des points de vue tout aussi impressionnants.<\/p>\r\n<p data-start=\"3724\" data-end=\"3809\">C\u2019est une exp\u00e9rience id\u00e9ale pour une sortie tranquille, sans pression de performance.<\/p>\r\n\r\n<h3 data-section-id=\"1f9qzg8\" data-start=\"3816\" data-end=\"3863\">D\u00e9couvrir la montagne en hiver autrement<\/h3>\r\n<p data-start=\"3865\" data-end=\"4059\">Quand la neige recouvre le plateau, l\u2019ambiance change compl\u00e8tement. Le Mont Revard devient alors un vaste terrain d\u00e9di\u00e9 aux activit\u00e9s nordiques, loin de l\u2019agitation des grandes stations alpines.<\/p>\r\n<p data-start=\"3865\" data-end=\"4059\"><a href=\"https:\/\/cparici.com\/wp-content\/uploads\/2026\/03\/Le-Mont-Revard-en-hiver.jpg\"><img decoding=\"async\" class=\"aligncenter wp-image-85901 size-full\" src=\"https:\/\/cparici.com\/wp-content\/uploads\/2026\/03\/Le-Mont-Revard-en-hiver.jpg\" alt=\"Le Mont Revard en hiver\" width=\"1500\" height=\"530\" srcset=\"https:\/\/cparici.com\/wp-content\/uploads\/2026\/03\/Le-Mont-Revard-en-hiver.jpg 1500w, https:\/\/cparici.com\/wp-content\/uploads\/2026\/03\/Le-Mont-Revard-en-hiver-300x106.jpg 300w, https:\/\/cparici.com\/wp-content\/uploads\/2026\/03\/Le-Mont-Revard-en-hiver-1024x362.jpg 1024w, https:\/\/cparici.com\/wp-content\/uploads\/2026\/03\/Le-Mont-Revard-en-hiver-768x271.jpg 768w, https:\/\/cparici.com\/wp-content\/uploads\/2026\/03\/Le-Mont-Revard-en-hiver-18x6.jpg 18w, https:\/\/cparici.com\/wp-content\/uploads\/2026\/03\/Le-Mont-Revard-en-hiver-590x208.jpg 590w, https:\/\/cparici.com\/wp-content\/uploads\/2026\/03\/Le-Mont-Revard-en-hiver-1200x424.jpg 1200w, https:\/\/cparici.com\/wp-content\/uploads\/2026\/03\/Le-Mont-Revard-en-hiver-577x204.jpg 577w, https:\/\/cparici.com\/wp-content\/uploads\/2026\/03\/Le-Mont-Revard-en-hiver-1320x466.jpg 1320w, https:\/\/cparici.com\/wp-content\/uploads\/2026\/03\/Le-Mont-Revard-en-hiver-600x212.jpg 600w\" sizes=\"(max-width: 1500px) 100vw, 1500px\" \/><\/a><\/p>\r\n<p data-start=\"4061\" data-end=\"4287\">Le domaine de <span class=\"hover:entity-accent entity-underline inline cursor-pointer align-baseline\"><span class=\"whitespace-normal\">Savoie Grand Revard<\/span><\/span> propose des kilom\u00e8tres de pistes de ski de fond, mais aussi des itin\u00e9raires en raquettes pour explorer la for\u00eat enneig\u00e9e. Le silence est encore plus marqu\u00e9, presque apaisant.<\/p>\r\n<p data-start=\"4289\" data-end=\"4376\">M\u00eame sans skier, simplement marcher dans ce d\u00e9cor hivernal reste une exp\u00e9rience \u00e0 part.<\/p>\r\n\r\n<h3 data-section-id=\"si7pzb\" data-start=\"4383\" data-end=\"4412\">Relever le d\u00e9fi \u00e0 v\u00e9lo<\/h3>\r\n<p data-start=\"4414\" data-end=\"4622\">Pour les amateurs de cyclisme, la mont\u00e9e depuis <span class=\"hover:entity-accent entity-underline inline cursor-pointer align-baseline\"><span class=\"whitespace-normal\">Aix-les-Bains<\/span><\/span> est un v\u00e9ritable d\u00e9fi. La route serpente \u00e0 travers la for\u00eat, avec des passages exigeants qui demandent un effort constant.<\/p>\r\n<p data-start=\"4624\" data-end=\"4787\">Mais l\u2019arriv\u00e9e r\u00e9compense largement l\u2019effort. Atteindre ce sommet \u00e0 v\u00e9lo procure une sensation unique, renforc\u00e9e par la vue qui s\u2019ouvre progressivement sur le lac.<\/p>\r\n<p data-start=\"4789\" data-end=\"4859\">C\u2019est une ascension r\u00e9put\u00e9e dans la r\u00e9gion, accessible mais exigeante.<\/p>\r\n\r\n<h3 data-section-id=\"1v8usfg\" data-start=\"4866\" data-end=\"4902\">Capturer des paysages uniques<\/h3>\r\n<p data-start=\"4904\" data-end=\"5084\">Difficile de ne pas sortir son appareil photo ici. Entre la plateforme en verre, les jeux de lumi\u00e8re sur le lac et les reliefs alpins, chaque moment offre une nouvelle composition.<\/p>\r\n<p data-start=\"5086\" data-end=\"5276\">Les conditions changent rapidement : brume matinale, ciel d\u00e9gag\u00e9, coucher de soleil\u2026 Chaque visite donne une ambiance diff\u00e9rente, ce qui explique pourquoi certains reviennent plusieurs fois.<\/p>\r\n\r\n<h2 data-section-id=\"1oyuqgw\" data-start=\"153\" data-end=\"192\">Comment acc\u00e9der au Mont Revard ?<\/h2>\r\n<p data-start=\"194\" data-end=\"446\">L\u2019un des grands avantages du Mont Revard est sa facilit\u00e9 d\u2019acc\u00e8s. Contrairement \u00e0 de nombreux sommets alpins, il est possible d\u2019y monter sans difficult\u00e9 technique, ce qui en fait une destination id\u00e9ale pour une excursion rapide ou une journ\u00e9e compl\u00e8te.<\/p>\r\n\r\n<h3 data-section-id=\"klbg9z\" data-start=\"448\" data-end=\"488\">Acc\u00e8s en voiture (le plus simple)<\/h3>\r\n<p data-start=\"490\" data-end=\"697\">Depuis <span class=\"hover:entity-accent entity-underline inline cursor-pointer align-baseline\"><span class=\"whitespace-normal\">Aix-les-Bains<\/span><\/span>, il faut compter environ 30 minutes pour rejoindre le sommet. La route est bien entretenue et serpente \u00e0 travers la for\u00eat, avec plusieurs points de vue en chemin.<\/p>\r\n<p data-start=\"699\" data-end=\"847\">L\u2019acc\u00e8s principal se fait via la D913. Une fois arriv\u00e9 au Mont Revard, plusieurs parkings permettent de se garer \u00e0 proximit\u00e9 imm\u00e9diate du belv\u00e9d\u00e8re.<\/p>\r\n<p data-start=\"849\" data-end=\"869\">\ud83d\udc49 Infos pratiques :<\/p>\r\n\r\n<ul data-start=\"870\" data-end=\"1021\">\r\n \t<li data-section-id=\"1tun21s\" data-start=\"870\" data-end=\"934\">Route ouverte toute l\u2019ann\u00e9e (sauf conditions m\u00e9t\u00e9o extr\u00eames)<\/li>\r\n \t<li data-section-id=\"1073x3g\" data-start=\"935\" data-end=\"987\">Pneus neige ou \u00e9quipements obligatoires en hiver<\/li>\r\n \t<li data-section-id=\"1uz6qj1\" data-start=\"988\" data-end=\"1021\">Parkings gratuits \u00e0 proximit\u00e9<\/li>\r\n<\/ul>\r\n<h3 data-section-id=\"1aj4e4c\" data-start=\"1028\" data-end=\"1067\">Acc\u00e8s \u00e0 v\u00e9lo (pour les sportifs)<\/h3>\r\n<p data-start=\"1069\" data-end=\"1256\">L\u2019ascension depuis <span class=\"hover:entity-accent entity-underline inline cursor-pointer align-baseline\"><span class=\"whitespace-normal\">Aix-les-Bains<\/span><\/span> est bien connue des cyclistes. La mont\u00e9e vers le Mont Revard offre un d\u00e9nivel\u00e9 cons\u00e9quent avec des passages r\u00e9guliers et soutenus.<\/p>\r\n<p data-start=\"1258\" data-end=\"1275\">\ud83d\udc49 Donn\u00e9es cl\u00e9s :<\/p>\r\n\r\n<ul data-start=\"1276\" data-end=\"1354\">\r\n \t<li data-section-id=\"6amib8\" data-start=\"1276\" data-end=\"1304\">Distance : environ 15 km<\/li>\r\n \t<li data-section-id=\"oshcuz\" data-start=\"1305\" data-end=\"1328\">D\u00e9nivel\u00e9 : ~1 250 m<\/li>\r\n \t<li data-section-id=\"16et0qx\" data-start=\"1329\" data-end=\"1354\">Pente moyenne : 7 \u00e0 8 %<\/li>\r\n<\/ul>\r\n<p data-start=\"1356\" data-end=\"1448\">L\u2019effort est constant, mais la progression en for\u00eat rend la mont\u00e9e agr\u00e9able, surtout en \u00e9t\u00e9.<\/p>\r\n\r\n<h3 data-section-id=\"8erjkr\" data-start=\"1455\" data-end=\"1498\">Acc\u00e8s en transport (selon la saison)<\/h3>\r\n<p data-start=\"1500\" data-end=\"1707\">En p\u00e9riode touristique, des navettes peuvent relier <span class=\"hover:entity-accent entity-underline inline cursor-pointer align-baseline\"><span class=\"whitespace-normal\">Aix-les-Bains<\/span><\/span> au Mont Revard. Elles permettent d\u2019\u00e9viter les probl\u00e8mes de stationnement, notamment les week-ends et en haute saison.<\/p>\r\n<p data-start=\"1709\" data-end=\"1743\">\ud83d\udc49 \u00c0 v\u00e9rifier avant votre visite :<\/p>\r\n\r\n<ul data-start=\"1744\" data-end=\"1818\">\r\n \t<li data-section-id=\"1wal1nf\" data-start=\"1744\" data-end=\"1782\">horaires variables selon la saison<\/li>\r\n \t<li data-section-id=\"1ngurf1\" data-start=\"1783\" data-end=\"1818\">fr\u00e9quence limit\u00e9e hors vacances<\/li>\r\n<\/ul>\r\n<h3 data-section-id=\"1raa3fp\" data-start=\"1825\" data-end=\"1866\">Conseils pratiques avant de monter<\/h3>\r\n<p data-start=\"1868\" data-end=\"1936\">M\u00eame si l\u2019acc\u00e8s est simple, certaines pr\u00e9cautions sont importantes :<\/p>\r\n\r\n<ul data-start=\"1938\" data-end=\"2144\">\r\n \t<li data-section-id=\"1e0snoo\" data-start=\"1938\" data-end=\"2002\">V\u00e9rifier la m\u00e9t\u00e9o (le brouillard peut r\u00e9duire la visibilit\u00e9)<\/li>\r\n \t<li data-section-id=\"yl29s\" data-start=\"2003\" data-end=\"2040\">Anticiper l\u2019affluence le week-end<\/li>\r\n \t<li data-section-id=\"xyaln\" data-start=\"2041\" data-end=\"2086\">Pr\u00e9voir des v\u00eatements chauds, m\u00eame en \u00e9t\u00e9<\/li>\r\n \t<li data-section-id=\"1ihzo61\" data-start=\"2087\" data-end=\"2144\">En hiver, v\u00e9rifier l\u2019\u00e9tat de la route avant de monter<\/li>\r\n<\/ul>\r\n<p data-start=\"2146\" data-end=\"2237\">Le Mont Revard reste un environnement de montagne, avec des conditions parfois changeantes.<\/p>\r\n\r\n<h2 data-section-id=\"ydtuwu\" data-start=\"85\" data-end=\"132\">Quand visiter le Mont Revard ?<\/h2>\r\n<p data-start=\"172\" data-end=\"363\">Il n\u2019existe pas une seule \u201cbonne\u201d p\u00e9riode pour d\u00e9couvrir le Mont Revard. Chaque saison transforme compl\u00e8tement l\u2019exp\u00e9rience, offrant des ambiances tr\u00e8s diff\u00e9rentes selon le moment de l\u2019ann\u00e9e.<\/p>\r\n\r\n<h3 data-section-id=\"5oshi7\" data-start=\"365\" data-end=\"408\">Printemps : le r\u00e9veil de la montagne<\/h3>\r\n<p data-start=\"410\" data-end=\"608\">Au printemps, la neige laisse progressivement place aux premiers sentiers d\u00e9gag\u00e9s. L\u2019atmosph\u00e8re est calme, presque confidentielle. C\u2019est une p\u00e9riode id\u00e9ale pour ceux qui recherchent la tranquillit\u00e9.<\/p>\r\n<p data-start=\"610\" data-end=\"854\">Les paysages oscillent entre fin d\u2019hiver et retour de la v\u00e9g\u00e9tation, avec parfois encore quelques plaques de neige en altitude. Le Mont Revard devient alors un lieu parfait pour profiter d\u2019une nature en transition, loin de l\u2019affluence estivale.<\/p>\r\n\r\n<h3 data-section-id=\"hp45ip\" data-start=\"861\" data-end=\"909\">\u00c9t\u00e9 : la saison id\u00e9ale pour les panoramas<\/h3>\r\n<p data-start=\"911\" data-end=\"1083\">L\u2019\u00e9t\u00e9 est sans doute la p\u00e9riode la plus populaire pour visiter le Mont Revard. Les conditions sont optimales : routes d\u00e9gag\u00e9es, sentiers accessibles et visibilit\u00e9 maximale.<\/p>\r\n<p data-start=\"1085\" data-end=\"1271\">Les journ\u00e9es ensoleill\u00e9es permettent d\u2019admirer pleinement le <span class=\"hover:entity-accent entity-underline inline cursor-pointer align-baseline\"><span class=\"whitespace-normal\">Lac du Bourget<\/span><\/span> et, lorsque l\u2019air est particuli\u00e8rement clair, le <span class=\"hover:entity-accent entity-underline inline cursor-pointer align-baseline\"><span class=\"whitespace-normal\">Mont Blanc<\/span><\/span>.<\/p>\r\n<p data-start=\"1273\" data-end=\"1371\">C\u2019est aussi la meilleure saison pour randonner ou simplement profiter du panorama sans contrainte.<\/p>\r\n\r\n<h3 data-section-id=\"4b7ynv\" data-start=\"1378\" data-end=\"1422\">Automne : des couleurs spectaculaires<\/h3>\r\n<p data-start=\"1424\" data-end=\"1599\">\u00c0 l\u2019automne, les for\u00eats autour du Mont Revard prennent des teintes dor\u00e9es et orang\u00e9es. L\u2019ambiance devient plus douce, avec une lumi\u00e8re souvent tr\u00e8s appr\u00e9ci\u00e9e des photographes.<\/p>\r\n<p data-start=\"1601\" data-end=\"1799\">La fr\u00e9quentation diminue, ce qui permet de red\u00e9couvrir le site dans un cadre plus apais\u00e9. Les contrastes entre le lac et les couleurs de la for\u00eat rendent les paysages particuli\u00e8rement photog\u00e9niques.<\/p>\r\n\r\n<h3 data-section-id=\"ierwuj\" data-start=\"1806\" data-end=\"1849\">Hiver : une ambiance nordique unique<\/h3>\r\n<p data-start=\"1851\" data-end=\"2004\">En hiver, le Mont Revard change compl\u00e8tement de visage. Le plateau se recouvre de neige, transformant la zone en un espace d\u00e9di\u00e9 aux activit\u00e9s nordiques.<\/p>\r\n<p data-start=\"2006\" data-end=\"2194\">Le domaine de <span class=\"hover:entity-accent entity-underline inline cursor-pointer align-baseline\"><span class=\"whitespace-normal\">Savoie Grand Revard<\/span><\/span> devient alors un terrain privil\u00e9gi\u00e9 pour le ski de fond et les balades en raquettes. L\u2019atmosph\u00e8re est plus silencieuse, presque feutr\u00e9e.<\/p>\r\n<p data-start=\"2196\" data-end=\"2314\">M\u00eame sans pratiquer d\u2019activit\u00e9 sportive, venir ici en hiver permet de d\u00e9couvrir une montagne plus calme et diff\u00e9rente.<\/p>\r\n\r\n<h2 data-section-id=\"1tsdmyw\" data-start=\"129\" data-end=\"177\">O\u00f9 manger et dormir pr\u00e8s du Mont Revard ?<\/h2>\r\n<p data-start=\"179\" data-end=\"428\">Apr\u00e8s avoir profit\u00e9 des paysages et des activit\u00e9s, prolonger l\u2019exp\u00e9rience autour du Mont Revard passe souvent par une pause gourmande ou une nuit sur place. Heureusement, les options ne manquent pas, que ce soit en altitude ou \u00e0 proximit\u00e9 imm\u00e9diate.<\/p>\r\n\r\n<h3 data-section-id=\"rnx11n\" data-start=\"435\" data-end=\"457\">Manger avec vue<\/h3>\r\n<p data-start=\"459\" data-end=\"709\">Autour du Mont Revard, plusieurs restaurants et tables d\u2019altitude permettent de d\u00e9jeuner face aux montagnes. Certains \u00e9tablissements offrent une vue directe sur le <span class=\"hover:entity-accent entity-underline inline cursor-pointer align-baseline\"><span class=\"whitespace-normal\">Lac du Bourget<\/span><\/span>, ce qui rend l\u2019exp\u00e9rience encore plus m\u00e9morable.<\/p>\r\n<p data-start=\"711\" data-end=\"739\">On y trouve principalement :<\/p>\r\n\r\n<ul data-start=\"740\" data-end=\"852\">\r\n \t<li data-section-id=\"b7aeja\" data-start=\"740\" data-end=\"786\">cuisine savoyarde (fondue, cro\u00fbtes, diots)<\/li>\r\n \t<li data-section-id=\"1qpp2z4\" data-start=\"787\" data-end=\"818\">plats simples et conviviaux<\/li>\r\n \t<li data-section-id=\"4fhok\" data-start=\"819\" data-end=\"852\">terrasses panoramiques en \u00e9t\u00e9<\/li>\r\n<\/ul>\r\n<p data-start=\"854\" data-end=\"945\">\ud83d\udc49 Conseil : privil\u00e9gier les heures creuses pour \u00e9viter l\u2019affluence, surtout les week-ends.<\/p>\r\n\r\n<h3 data-section-id=\"1lfiouw\" data-start=\"952\" data-end=\"977\">Dormir \u00e0 proximit\u00e9<\/h3>\r\n<p data-start=\"979\" data-end=\"1196\">Le Mont Revard ne propose pas une grande capacit\u00e9 d\u2019h\u00e9bergement directement au sommet. En revanche, la ville de <span class=\"hover:entity-accent entity-underline inline cursor-pointer align-baseline\"><span class=\"whitespace-normal\">Aix-les-Bains<\/span><\/span> offre un large choix d\u2019h\u00f4tels, de locations et de chambres d\u2019h\u00f4tes.<\/p>\r\n<p data-start=\"1198\" data-end=\"1222\">Vous pouvez facilement :<\/p>\r\n\r\n<ul data-start=\"1223\" data-end=\"1327\">\r\n \t<li data-section-id=\"wo9dy6\" data-start=\"1223\" data-end=\"1252\">s\u00e9journer en centre-ville<\/li>\r\n \t<li data-section-id=\"qkx4ko\" data-start=\"1253\" data-end=\"1294\">monter au Mont Revard dans la journ\u00e9e<\/li>\r\n \t<li data-section-id=\"1d8n8p5\" data-start=\"1295\" data-end=\"1327\">redescendre en fin de visite<\/li>\r\n<\/ul>\r\n<p data-start=\"1329\" data-end=\"1405\">Cette organisation permet de combiner confort et acc\u00e8s rapide \u00e0 la montagne.<\/p>\r\n\r\n<h3 data-section-id=\"v84pdt\" data-start=\"1412\" data-end=\"1446\">Exp\u00e9riences plus immersives<\/h3>\r\n<p data-start=\"1448\" data-end=\"1535\">Pour ceux qui souhaitent rester au plus pr\u00e8s de la nature, il est possible de trouver :<\/p>\r\n\r\n<ul data-start=\"1536\" data-end=\"1653\">\r\n \t<li data-section-id=\"mxevrq\" data-start=\"1536\" data-end=\"1575\">des g\u00eetes dans le massif des Bauges<\/li>\r\n \t<li data-section-id=\"mjnp89\" data-start=\"1576\" data-end=\"1612\">des h\u00e9bergements isol\u00e9s avec vue<\/li>\r\n \t<li data-section-id=\"he8xfy\" data-start=\"1613\" data-end=\"1653\">des s\u00e9jours orient\u00e9s nature et calme<\/li>\r\n<\/ul>\r\n<p data-start=\"1655\" data-end=\"1830\">Dormir \u00e0 proximit\u00e9 du Mont Revard permet de profiter des moments les plus calmes, notamment t\u00f4t le matin ou en fin de journ\u00e9e, lorsque la majorit\u00e9 des visiteurs sont repartis.<\/p>\r\n\r\n<h3 data-section-id=\"ua3ech\" data-start=\"1837\" data-end=\"1873\">Bien choisir selon son s\u00e9jour<\/h3>\r\n<p data-start=\"1875\" data-end=\"1923\">Voici quelques rep\u00e8res pour faire le bon choix :<\/p>\r\n\r\n<ul data-start=\"1925\" data-end=\"2096\">\r\n \t<li data-section-id=\"1cm0p5w\" data-start=\"1925\" data-end=\"1995\">s\u00e9jour court \u2192 h\u00e9bergement \u00e0 <span class=\"hover:entity-accent entity-underline inline cursor-pointer align-baseline\"><span class=\"whitespace-normal\">Aix-les-Bains<\/span><\/span><\/li>\r\n \t<li data-section-id=\"ahe6d0\" data-start=\"1996\" data-end=\"2044\">s\u00e9jour nature \u2192 g\u00eete ou logement en montagne<\/li>\r\n \t<li data-section-id=\"1e52brs\" data-start=\"2045\" data-end=\"2096\">exp\u00e9rience panoramique \u2192 restaurant en altitude<\/li>\r\n<\/ul>\r\n<p data-start=\"2098\" data-end=\"2219\">Le Mont Revard s\u2019int\u00e8gre facilement dans un s\u00e9jour plus large en Savoie, que ce soit pour un week-end ou plusieurs jours.<\/p>\r\n\r\n<h2 data-section-id=\"1quc325\" data-start=\"1336\" data-end=\"1388\">Conseils pratiques pour visiter le Mont Revard<\/h2>\r\n<p data-start=\"1390\" data-end=\"1544\">M\u00eame si l\u2019acc\u00e8s est simple, ce site reste un environnement de montagne o\u00f9 certaines pr\u00e9cautions sont n\u00e9cessaires pour profiter pleinement de votre visite.<\/p>\r\n\r\n<ul data-start=\"1546\" data-end=\"2122\">\r\n \t<li data-section-id=\"eacjhx\" data-start=\"1546\" data-end=\"1661\">V\u00e9rifiez la m\u00e9t\u00e9o avant de monter : le brouillard peut rapidement r\u00e9duire la visibilit\u00e9 et masquer le panorama.<\/li>\r\n \t<li data-section-id=\"qcdd6m\" data-start=\"1662\" data-end=\"1768\">Pr\u00e9voyez des v\u00eatements adapt\u00e9s : m\u00eame en \u00e9t\u00e9, les temp\u00e9ratures peuvent \u00eatre plus fra\u00eeches en altitude.<\/li>\r\n \t<li data-section-id=\"wokqt5\" data-start=\"1769\" data-end=\"1870\">Anticipez l\u2019affluence : les week-ends et les p\u00e9riodes de vacances attirent beaucoup de visiteurs.<\/li>\r\n \t<li data-section-id=\"19rbmt1\" data-start=\"1871\" data-end=\"1981\">\u00c9quipez votre v\u00e9hicule en hiver : pneus neige ou cha\u00eenes peuvent \u00eatre indispensables selon les conditions.<\/li>\r\n \t<li data-section-id=\"q3r9az\" data-start=\"1982\" data-end=\"2122\">Restez prudent au belv\u00e9d\u00e8re : la plateforme en verre peut impressionner et n\u00e9cessite une attention particuli\u00e8re, surtout avec des enfants.<\/li>\r\n<\/ul>\r\n<p data-start=\"2124\" data-end=\"2228\">Ces conseils permettent de profiter du Mont Revard dans de bonnes conditions, quelle que soit la saison.<\/p>\r\n\r\n<h2 data-section-id=\"10m8fib\" data-start=\"2789\" data-end=\"2830\">FAQ : tout savoir sur le Mont Revard<\/h2>\r\n<h3 data-section-id=\"109urwl\" data-start=\"2832\" data-end=\"2874\">Quelle est l\u2019altitude du Mont Revard ?<\/h3>\r\n<p data-start=\"2875\" data-end=\"2990\">Ce sommet culmine \u00e0 1 563 m\u00e8tres d\u2019altitude, offrant un panorama remarquable tout en restant facilement accessible.<\/p>\r\n\r\n<h3 data-section-id=\"1aeu085\" data-start=\"2997\" data-end=\"3046\">Peut-on voir le Mont Blanc depuis ce sommet ?<\/h3>\r\n<p data-start=\"3047\" data-end=\"3202\">Oui, par temps clair, il est possible d\u2019apercevoir le <span class=\"hover:entity-accent entity-underline inline cursor-pointer align-baseline\"><span class=\"whitespace-normal\">Mont Blanc<\/span><\/span> depuis le belv\u00e9d\u00e8re. La visibilit\u00e9 d\u00e9pend des conditions m\u00e9t\u00e9o.<\/p>\r\n\r\n<h3 data-section-id=\"164a3jc\" data-start=\"3209\" data-end=\"3232\">Comment y acc\u00e9der ?<\/h3>\r\n<p data-start=\"3233\" data-end=\"3409\">L\u2019acc\u00e8s se fait facilement en voiture depuis <span class=\"hover:entity-accent entity-underline inline cursor-pointer align-baseline\"><span class=\"whitespace-normal\">Aix-les-Bains<\/span><\/span> en environ 30 minutes. Il est aussi possible d\u2019y monter \u00e0 v\u00e9lo ou en navette selon la saison.<\/p>\r\n\r\n<h3 data-section-id=\"1vi2of2\" data-start=\"3416\" data-end=\"3448\">Est-il accessible en hiver ?<\/h3>\r\n<p data-start=\"3449\" data-end=\"3557\">Oui, m\u00eame en hiver, mais des \u00e9quipements sp\u00e9cifiques peuvent \u00eatre n\u00e9cessaires selon les conditions de neige.<\/p>\r\n\r\n<h3 data-section-id=\"1pdo735\" data-start=\"3564\" data-end=\"3601\">Quelles activit\u00e9s peut-on faire ?<\/h3>\r\n<p data-start=\"3602\" data-end=\"3633\">Sur place, il est possible de :<\/p>\r\n\r\n<ul data-start=\"3634\" data-end=\"3744\">\r\n \t<li data-section-id=\"1ey5hoi\" data-start=\"3634\" data-end=\"3649\">se promener<\/li>\r\n \t<li data-section-id=\"3d6bsr\" data-start=\"3650\" data-end=\"3695\">pratiquer le ski de fond ou les raquettes<\/li>\r\n \t<li data-section-id=\"r2rmqk\" data-start=\"3696\" data-end=\"3713\">faire du v\u00e9lo<\/li>\r\n \t<li data-section-id=\"xrdon7\" data-start=\"3714\" data-end=\"3744\">profiter des points de vue<\/li>\r\n<\/ul>\r\n<h3 data-section-id=\"k63wo0\" data-start=\"3751\" data-end=\"3783\">Est-ce adapt\u00e9 aux familles ?<\/h3>\r\n<p data-start=\"3784\" data-end=\"3881\">Oui, gr\u00e2ce \u00e0 l\u2019acc\u00e8s facile et aux sentiers accessibles, le site convient tr\u00e8s bien aux familles.<\/p>\r\n\r\n<h3 data-section-id=\"18xv8cu\" data-start=\"3888\" data-end=\"3933\">Combien de temps pr\u00e9voir pour la visite ?<\/h3>\r\n<p data-start=\"3934\" data-end=\"4060\">Une demi-journ\u00e9e suffit pour d\u00e9couvrir les principaux points de vue, mais une journ\u00e9e compl\u00e8te permet d\u2019en profiter davantage.<\/p>\r\n\r\n<h3 data-section-id=\"1nou9s6\" data-start=\"4067\" data-end=\"4115\">Quelle est la meilleure p\u00e9riode pour venir ?<\/h3>\r\n<p data-start=\"4116\" data-end=\"4237\">Chaque saison offre une exp\u00e9rience diff\u00e9rente : \u00e9t\u00e9 pour la vue, hiver pour la neige, printemps et automne pour le calme.<\/p>\r\n\r\n<h3 data-section-id=\"1pln5do\" data-start=\"4244\" data-end=\"4274\">Peut-on manger sur place ?<\/h3>\r\n<p data-start=\"4275\" data-end=\"4390\">Oui, plusieurs restaurants sont situ\u00e9s \u00e0 proximit\u00e9, certains avec vue sur le <span class=\"hover:entity-accent entity-underline inline cursor-pointer align-baseline\"><span class=\"whitespace-normal\">Lac du Bourget<\/span><\/span>.<\/p>\r\n\r\n<h3 data-section-id=\"g3v7tp\" data-start=\"4397\" data-end=\"4433\">Le stationnement est-il facile ?<\/h3>\r\n<p data-start=\"4434\" data-end=\"4554\">Des parkings sont disponibles pr\u00e8s du belv\u00e9d\u00e8re, mais ils peuvent \u00eatre rapidement remplis en p\u00e9riode de forte affluence.<\/p>\r\n\r\n<h3 data-section-id=\"1umxnfw\" data-start=\"4561\" data-end=\"4600\">Faut-il \u00eatre sportif pour y aller ?<\/h3>\r\n<p data-start=\"4601\" data-end=\"4685\">Non, l\u2019acc\u00e8s principal ne n\u00e9cessite pas d\u2019effort particulier et reste adapt\u00e9 \u00e0 tous.<\/p>\r\n\r\n<h3 data-section-id=\"1r5wtvw\" data-start=\"4692\" data-end=\"4723\">Ce lieu vaut-il le d\u00e9tour ?<\/h3>\r\n<p data-start=\"4724\" data-end=\"4795\">Oui, il est r\u00e9put\u00e9 pour offrir l\u2019un des plus beaux panoramas de Savoie.<\/p>\r\n\r\n<h2 data-section-id=\"muhtt9\" data-start=\"1410\" data-end=\"1469\">Mont Revard : un incontournable \u00e0 d\u00e9couvrir en Savoie<\/h2>\r\n<p data-start=\"1471\" data-end=\"1806\">Accessible, spectaculaire et ouvert toute l\u2019ann\u00e9e, ce sommet s\u2019impose comme une destination incontournable pour d\u00e9couvrir la montagne sans contrainte. Que ce soit pour admirer un panorama unique sur le <span class=\"hover:entity-accent entity-underline inline cursor-pointer align-baseline\"><span class=\"whitespace-normal\">Lac du Bourget<\/span><\/span>, profiter d\u2019une sortie nature ou simplement prendre un bol d\u2019air, l\u2019exp\u00e9rience reste m\u00e9morable.<\/p>\r\n<p data-start=\"1808\" data-end=\"2077\">Ce qui fait la force du Mont Revard, c\u2019est sa capacit\u00e9 \u00e0 s\u2019adapter \u00e0 tous les profils : visiteurs occasionnels, familles, sportifs ou amateurs de paysages. En quelques minutes seulement, il est possible de passer d\u2019un environnement urbain \u00e0 un d\u00e9cor alpin exceptionnel.<\/p>\r\n<p data-start=\"2079\" data-end=\"2260\">Si vous \u00eates de passage en Savoie ou \u00e0 <span class=\"hover:entity-accent entity-underline inline cursor-pointer align-baseline\"><span class=\"whitespace-normal\">Aix-les-Bains<\/span><\/span>, prendre le temps de monter ici permet de profiter d\u2019un point de vue remarquable, facilement accessible.<\/p>\r\n<p data-start=\"2262\" data-end=\"2375\">\ud83d\udc49 Prenez le temps d\u2019y aller au bon moment, d\u2019explorer les alentours et surtout de profiter pleinement de la vue.<\/p>\r\n\r\n<h2 data-section-id=\"1xseipi\" data-start=\"141\" data-end=\"189\">Liens utiles pour visiter le Mont Revard<\/h2>\r\n<h3 data-section-id=\"aq2yzi\" data-start=\"191\" data-end=\"242\">Sites officiels (\u00e0 consulter en priorit\u00e9)<\/h3>\r\n<a class=\"decorated-link\" href=\"https:\/\/www.chamberymontagnes.com\/offres\/belvedere-du-revard-le-revard-fr-5951496\/?utm_source=chatgpt.com\" target=\"_new\" rel=\"noopener\" data-start=\"249\" data-end=\"397\">Belv\u00e9d\u00e8re du Revard \u2013 infos officielles<\/a><br data-start=\"397\" data-end=\"400\">\u27a1\ufe0f Infos essentielles : acc\u00e8s, description, panorama, services<br data-start=\"462\" data-end=\"465\">\ud83d\udccc \u00c0 savoir : acc\u00e8s en voiture direct + bus en saison\r\n\r\n<a class=\"decorated-link\" href=\"https:\/\/www.chamberymontagnes.com\/savoiegrandrevard\/?utm_source=chatgpt.com\" target=\"_new\" rel=\"noopener\" data-start=\"570\" data-end=\"710\">Site officiel Savoie Grand Revard (activit\u00e9s, ski, \u00e9t\u00e9\/hiver)<\/a><br data-start=\"710\" data-end=\"713\">\u27a1\ufe0f Activit\u00e9s toute l\u2019ann\u00e9e : ski, raquettes, VTT, \u00e9v\u00e9nements\r\n\r\n<a class=\"decorated-link\" href=\"https:\/\/forfaits.savoiegrandrevard.com\/?utm_source=chatgpt.com\" target=\"_new\" rel=\"noopener\" data-start=\"787\" data-end=\"898\">Forfaits et infos station Savoie Grand Revard<\/a><br data-start=\"898\" data-end=\"901\">\u27a1\ufe0f Infos ski + forfaits + domaine<br data-start=\"934\" data-end=\"937\">\ud83d\udccc Domaine nordique tr\u00e8s d\u00e9velopp\u00e9 (150 km de pistes)\r\n<h3 data-section-id=\"1log9r6\" data-start=\"1037\" data-end=\"1078\">Conditions m\u00e9t\u00e9o et enneigement<\/h3>\r\n<a class=\"decorated-link\" href=\"https:\/\/www.chamberymontagnes.com\/savoiegrandrevard\/webcam-meteo-pistes\/?utm_source=chatgpt.com\" target=\"_new\" rel=\"noopener\" data-start=\"1085\" data-end=\"1228\">M\u00e9t\u00e9o, webcams et \u00e9tat des pistes (officiel)<\/a><br data-start=\"1228\" data-end=\"1231\">\u27a1\ufe0f \u00c0 v\u00e9rifier avant de monter (tr\u00e8s important en hiver)\r\n<h3 data-section-id=\"169339\" data-start=\"1504\" data-end=\"1545\">Acc\u00e8s et informations pratiques<\/h3>\r\n<a class=\"decorated-link\" href=\"https:\/\/fr.wikipedia.org\/wiki\/Mont_Revard?utm_source=chatgpt.com\" target=\"_new\" rel=\"noopener\" data-start=\"1552\" data-end=\"1668\">Pr\u00e9sentation compl\u00e8te du Mont Revard (Wikip\u00e9dia)<\/a><br data-start=\"1668\" data-end=\"1671\">\u27a1\ufe0f Acc\u00e8s d\u00e9taill\u00e9 via la route D913 depuis Aix-les-Bains\r\n\r\n<a class=\"decorated-link\" href=\"https:\/\/www.explore-savoie.com\/sites-naturels\/belvedere-du-revard-204103\/?utm_source=chatgpt.com\" target=\"_new\" rel=\"noopener\" data-start=\"1779\" data-end=\"1931\">Belv\u00e9d\u00e8re du Revard (autre page officielle tourisme)<\/a><br data-start=\"1931\" data-end=\"1934\">\u27a1\ufe0f Infos compl\u00e9mentaires + acc\u00e8s\t\t\t\t\t\t\t\t<\/div>\n\t\t\t\t\t<\/div>\n\t\t\t\t<\/div>\n\t\t<aside class=\"elementor-element elementor-element-6030316 e-flex e-con-boxed e-con e-parent\" data-id=\"6030316\" data-element_type=\"container\" data-e-type=\"container\">\n\t\t\t\t\t<div class=\"e-con-inner\">\n\t\t\t\t<div class=\"elementor-element elementor-element-934b1d9 elementor-widget elementor-widget-listeo-posts-grid\" data-id=\"934b1d9\" data-element_type=\"widget\" data-e-type=\"widget\" data-widget_type=\"listeo-posts-grid.default\">\n\t\t\t\t<div class=\"elementor-widget-container\">\n\t\t\t\t\t\t\t\n\t\t<div class=\"listeo-post-grid-wrapper\">\n\t\t\t<div class=\"row\">\n\n\t\t\t\n\n\t\t\t\t\t\t\t<div class=\"col-md-4\">\n                <a href=\"https:\/\/cparici.com\/de\/location-de-vacances-savoie\/\" class=\"blog-compact-item-container\">\n                    <div class=\"blog-compact-item\">\n                        <img decoding=\"async\" width=\"577\" height=\"204\" src=\"https:\/\/cparici.com\/wp-content\/uploads\/2026\/03\/location-de-vacances-savoie-577x204.jpg\" class=\"attachment-listeo-blog-related-post size-listeo-blog-related-post wp-post-image\" alt=\"location de vacances savoie\" srcset=\"https:\/\/cparici.com\/wp-content\/uploads\/2026\/03\/location-de-vacances-savoie-577x204.jpg 577w, https:\/\/cparici.com\/wp-content\/uploads\/2026\/03\/location-de-vacances-savoie-300x106.jpg 300w, https:\/\/cparici.com\/wp-content\/uploads\/2026\/03\/location-de-vacances-savoie-1024x362.jpg 1024w, https:\/\/cparici.com\/wp-content\/uploads\/2026\/03\/location-de-vacances-savoie-768x271.jpg 768w, https:\/\/cparici.com\/wp-content\/uploads\/2026\/03\/location-de-vacances-savoie-18x6.jpg 18w, https:\/\/cparici.com\/wp-content\/uploads\/2026\/03\/location-de-vacances-savoie-590x208.jpg 590w, https:\/\/cparici.com\/wp-content\/uploads\/2026\/03\/location-de-vacances-savoie-1200x424.jpg 1200w, https:\/\/cparici.com\/wp-content\/uploads\/2026\/03\/location-de-vacances-savoie-1320x466.jpg 1320w, https:\/\/cparici.com\/wp-content\/uploads\/2026\/03\/location-de-vacances-savoie-600x212.jpg 600w, https:\/\/cparici.com\/wp-content\/uploads\/2026\/03\/location-de-vacances-savoie.jpg 1500w\" sizes=\"(max-width: 577px) 100vw, 577px\" \/><span class=\"blog-item-tag\">Auvergne Rh\u00f4ne Alpes<\/span>                        \n                        <div class=\"blog-compact-item-content\">\n                                                        <h3>Location de vacances Savoie : guide complet pour r\u00e9ussir votre s\u00e9jour<\/h3>\n                                                        <p>Recherches populaires Categories Pas de r\u00e9sultats Voir tous les r\u00e9sultats Location de vacances Savoie :...                            <\/p>\n                                                    <\/div>\n                    <\/div>\n                <\/a>\n            <\/div>\n\t\t\t<div class=\"col-md-4\">\n                <a href=\"https:\/\/cparici.com\/de\/fondue-savoyarde\/\" class=\"blog-compact-item-container\">\n                    <div class=\"blog-compact-item\">\n                        <img decoding=\"async\" width=\"577\" height=\"204\" src=\"https:\/\/cparici.com\/wp-content\/uploads\/2026\/05\/Fondue-savoyarde-recette-et-meilleures-adresses-en-Savoie-577x204.jpg\" class=\"attachment-listeo-blog-related-post size-listeo-blog-related-post wp-post-image\" alt=\"Fondue savoyarde recette et meilleures adresses en Savoie\" srcset=\"https:\/\/cparici.com\/wp-content\/uploads\/2026\/05\/Fondue-savoyarde-recette-et-meilleures-adresses-en-Savoie-577x204.jpg 577w, https:\/\/cparici.com\/wp-content\/uploads\/2026\/05\/Fondue-savoyarde-recette-et-meilleures-adresses-en-Savoie-300x106.jpg 300w, https:\/\/cparici.com\/wp-content\/uploads\/2026\/05\/Fondue-savoyarde-recette-et-meilleures-adresses-en-Savoie-1024x362.jpg 1024w, https:\/\/cparici.com\/wp-content\/uploads\/2026\/05\/Fondue-savoyarde-recette-et-meilleures-adresses-en-Savoie-768x271.jpg 768w, https:\/\/cparici.com\/wp-content\/uploads\/2026\/05\/Fondue-savoyarde-recette-et-meilleures-adresses-en-Savoie-18x6.jpg 18w, https:\/\/cparici.com\/wp-content\/uploads\/2026\/05\/Fondue-savoyarde-recette-et-meilleures-adresses-en-Savoie-590x208.jpg 590w, https:\/\/cparici.com\/wp-content\/uploads\/2026\/05\/Fondue-savoyarde-recette-et-meilleures-adresses-en-Savoie-1200x424.jpg 1200w, https:\/\/cparici.com\/wp-content\/uploads\/2026\/05\/Fondue-savoyarde-recette-et-meilleures-adresses-en-Savoie-1320x466.jpg 1320w, https:\/\/cparici.com\/wp-content\/uploads\/2026\/05\/Fondue-savoyarde-recette-et-meilleures-adresses-en-Savoie-600x212.jpg 600w, https:\/\/cparici.com\/wp-content\/uploads\/2026\/05\/Fondue-savoyarde-recette-et-meilleures-adresses-en-Savoie.jpg 1500w\" sizes=\"(max-width: 577px) 100vw, 577px\" \/><span class=\"blog-item-tag\">Alpes<\/span>                        \n                        <div class=\"blog-compact-item-content\">\n                                                        <h3>Fondue savoyarde : recette et meilleures adresses en Savoie<\/h3>\n                                                        <p>Recherches populaires Categories Pas de r\u00e9sultats Voir tous les r\u00e9sultats Fondue savoyarde : recette et...                            <\/p>\n                                                    <\/div>\n                    <\/div>\n                <\/a>\n            <\/div>\n\t\t\t<div class=\"col-md-4\">\n                <a href=\"https:\/\/cparici.com\/de\/lac-du-bourget\/\" class=\"blog-compact-item-container\">\n                    <div class=\"blog-compact-item\">\n                        <img decoding=\"async\" width=\"577\" height=\"204\" src=\"https:\/\/cparici.com\/wp-content\/uploads\/2026\/03\/lac-du-Bourget-577x204.jpg\" class=\"attachment-listeo-blog-related-post size-listeo-blog-related-post wp-post-image\" alt=\"lac du Bourget\" srcset=\"https:\/\/cparici.com\/wp-content\/uploads\/2026\/03\/lac-du-Bourget-577x204.jpg 577w, https:\/\/cparici.com\/wp-content\/uploads\/2026\/03\/lac-du-Bourget-300x106.jpg 300w, https:\/\/cparici.com\/wp-content\/uploads\/2026\/03\/lac-du-Bourget-1024x362.jpg 1024w, https:\/\/cparici.com\/wp-content\/uploads\/2026\/03\/lac-du-Bourget-768x271.jpg 768w, https:\/\/cparici.com\/wp-content\/uploads\/2026\/03\/lac-du-Bourget-18x6.jpg 18w, https:\/\/cparici.com\/wp-content\/uploads\/2026\/03\/lac-du-Bourget-590x208.jpg 590w, https:\/\/cparici.com\/wp-content\/uploads\/2026\/03\/lac-du-Bourget-1200x424.jpg 1200w, https:\/\/cparici.com\/wp-content\/uploads\/2026\/03\/lac-du-Bourget-1320x466.jpg 1320w, https:\/\/cparici.com\/wp-content\/uploads\/2026\/03\/lac-du-Bourget-600x212.jpg 600w, https:\/\/cparici.com\/wp-content\/uploads\/2026\/03\/lac-du-Bourget.jpg 1500w\" sizes=\"(max-width: 577px) 100vw, 577px\" \/><span class=\"blog-item-tag\">Auvergne Rh\u00f4ne Alpes<\/span>                        \n                        <div class=\"blog-compact-item-content\">\n                                                        <h3>Lac du Bourget, le guide complet<\/h3>\n                                                        <p>Recherches populaires Categories Pas de r\u00e9sultats Voir tous les r\u00e9sultats Lac du Bourget : guide...                            <\/p>\n                                                    <\/div>\n                    <\/div>\n                <\/a>\n            <\/div>\n  <\/div>\n        <\/div>\n        \t\t\t\t<\/div>\n\t\t\t\t<\/div>\n\t\t\t\t\t<\/div>\n\t\t\t\t<\/aside>\n\t\t<div class=\"elementor-element elementor-element-f18069d e-flex e-con-boxed e-con e-parent\" data-id=\"f18069d\" data-element_type=\"container\" data-e-type=\"container\">\n\t\t\t\t\t<div class=\"e-con-inner\">\n\t\t<div class=\"elementor-element elementor-element-6f9e87e2 e-con-full e-flex e-con e-child\" data-id=\"6f9e87e2\" data-element_type=\"container\" data-e-type=\"container\">\n\t\t\t\t<div class=\"elementor-element elementor-element-24fc11d2 elementor-widget elementor-widget-text-editor\" data-id=\"24fc11d2\" data-element_type=\"widget\" data-e-type=\"widget\" data-widget_type=\"text-editor.default\">\n\t\t\t\t\t\t\t\t\t<p>Cet article a \u00e9t\u00e9 r\u00e9dig\u00e9 par Alex Arts,\u00a0<a href=\"https:\/\/alexantoine-photos.weebly.com\/\" target=\"_blank\" rel=\"noopener\">photographe<\/a>,\u00a0<a href=\"https:\/\/www.linkedin.com\/in\/alex-b-arts\/\" target=\"_blank\" rel=\"noopener\">cr\u00e9ateur de contenu<\/a>, et <a href=\"https:\/\/www.google.com\/maps\/contrib\/100986619723712834113\/reviews\/@45.8933481,-4.1449199,6z\/data=!4m3!8m2!3m1!1e1?entry=ttu&g_ep=EgoyMDI1MTIwOS4wIKXMDSoKLDEwMDc5MjA2OUgBUAM%3D\" target=\"_blank\" rel=\"noopener\">guide local de niveau 6 sur Google Maps<\/a><\/p>\t\t\t\t\t\t\t\t<\/div>\n\t\t\t\t<div class=\"elementor-element elementor-element-19052923 elementor-widget elementor-widget-author-box\" data-id=\"19052923\" data-element_type=\"widget\" data-e-type=\"widget\" data-widget_type=\"author-box.default\">\n\t\t\t\t\t\t\t<div class=\"elementor-author-box\">\n\t\t\t\t\t\t\t<a href=\"https:\/\/www.linkedin.com\/in\/alex-b-arts\/\" class=\"elementor-author-box__avatar\" target=\"_blank\" rel=\"noopener\">\n\t\t\t\t\t<img decoding=\"async\" src=\"https:\/\/cparici.com\/wp-content\/uploads\/2024\/09\/photo-alex-arts-300x300.jpeg\" alt=\"Bild von Alex Arts\" loading=\"lazy\">\n\t\t\t\t<\/a>\n\t\t\t\n\t\t\t<div class=\"elementor-author-box__text\">\n\t\t\t\t\t\t\t\t\t<a href=\"https:\/\/www.linkedin.com\/in\/alex-b-arts\/\" target=\"_blank\" rel=\"noopener\">\n\t\t\t\t\t\t<h4 class=\"elementor-author-box__name\">\n\t\t\t\t\t\t\tAlex Arts\t\t\t\t\t\t<\/h4>\n\t\t\t\t\t<\/a>\n\t\t\t\t\n\t\t\t\t\t\t\t\t\t<div class=\"elementor-author-box__bio\">\n\t\t\t\t\t\t<p>Photographe, cr\u00e9ateur de contenu et local guide<\/p>\n\t\t\t\t\t<\/div>\n\t\t\t\t\n\t\t\t\t\t\t\t<\/div>\n\t\t<\/div>\n\t\t\t\t\t\t<\/div>\n\t\t\t\t<\/div>\n\t\t\t\t\t<\/div>\n\t\t\t\t<\/div>\n\t\t<div class=\"elementor-element elementor-element-bd3d0aa e-flex e-con-boxed e-con e-parent\" data-id=\"bd3d0aa\" data-element_type=\"container\" data-e-type=\"container\">\n\t\t\t\t\t<div class=\"e-con-inner\">\n\t\t\t\t<div class=\"elementor-element elementor-element-3121c935 elementor-widget elementor-widget-text-editor\" data-id=\"3121c935\" data-element_type=\"widget\" data-e-type=\"widget\" data-widget_type=\"text-editor.default\">\n\t\t\t\t\t\t\t\t\t<h3 style=\"text-align: center;\"><strong><span style=\"color: #003366;\">Nos autres articles pour d\u00e9couvrir la Savoie<\/span><\/strong><\/h3><hr \/>\t\t\t\t\t\t\t\t<\/div>\n\t\t<div class=\"elementor-element elementor-element-5c041e3b e-grid e-con-full e-con e-child\" data-id=\"5c041e3b\" data-element_type=\"container\" data-e-type=\"container\">\n\t\t\t\t<div class=\"elementor-element elementor-element-16109d13 elementor-widget elementor-widget-text-editor\" data-id=\"16109d13\" data-element_type=\"widget\" data-e-type=\"widget\" data-widget_type=\"text-editor.default\">\n\t\t\t\t\t\t\t\t\t<p><span style=\"color: #003366;\"><a style=\"color: #003366;\" href=\"https:\/\/cparici.com\/fr\/savoie\/\"><span style=\"font-weight: 400;\">Savoie<\/span><\/a><\/span><\/p><p><span style=\"color: #003366;\"><a style=\"color: #003366;\" href=\"https:\/\/cparici.com\/fr\/que-faire-en-savoie-25-idees-incontournables\/\"><span style=\"font-weight: 400;\">Que faire en Savoie<\/span><\/a><\/span><\/p><p><span style=\"color: #003366;\"><a style=\"color: #003366;\" href=\"https:\/\/cparici.com\/fr\/vendanges-en-savoie-la-route-des-vins-jongieux-lac-bourget\/\"><span style=\"font-weight: 400;\">Vendanges en Savoie<\/span><\/a><\/span><\/p><p><span style=\"color: #003366;\"><a style=\"color: #003366;\" href=\"https:\/\/cparici.com\/fr\/location-de-vacances-savoie\/\"><span style=\"font-weight: 400;\">Location de vacances Savoie<\/span><\/a><\/span><\/p><p><span style=\"color: #003366;\"><a style=\"color: #003366;\" href=\"https:\/\/cparici.com\/fr\/annecy-guide\/\"><span style=\"font-weight: 400;\">Annecy<\/span><\/a><\/span><\/p><p><span style=\"color: #003366;\"><a style=\"color: #003366;\" href=\"https:\/\/cparici.com\/fr\/chartreuse-liqueur-histoire-fabrication\/\"><span style=\"font-weight: 400;\">Chartreuse (alcool et massif)\u00a0<\/span><\/a><\/span><\/p><p><span style=\"color: #003366;\"><a style=\"color: #003366;\" href=\"https:\/\/cparici.com\/fr\/areches-beaufort-guide-complet\/\"><span style=\"font-weight: 400;\">Ar\u00eaches Beaufort<\/span><\/a><\/span><\/p>\t\t\t\t\t\t\t\t<\/div>\n\t\t\t\t<div class=\"elementor-element elementor-element-51ebb5a7 elementor-widget elementor-widget-text-editor\" data-id=\"51ebb5a7\" data-element_type=\"widget\" data-e-type=\"widget\" data-widget_type=\"text-editor.default\">\n\t\t\t\t\t\t\t\t\t<p><span style=\"color: #003366;\"><a style=\"color: #003366;\" href=\"https:\/\/cparici.com\/fr\/aix-les-bains\/\"><span style=\"font-weight: 400;\">Visiter Aix-les-Bains<\/span><\/a><\/span><\/p><p><span style=\"color: #003366;\"><a style=\"color: #003366;\" href=\"https:\/\/cparici.com\/fr\/cure-thermale-aix-les-bains-le-guide-complet\/\"><span style=\"font-weight: 400;\">Cure thermale Aix-les-Bains<\/span><\/a><\/span><\/p><p><span style=\"color: #003366;\"><a style=\"color: #003366;\" href=\"https:\/\/cparici.com\/fr\/location-de-vacances-aix-les-bains\/\"><span style=\"font-weight: 400;\">Location de vacances Aix-les-Bains<\/span><\/a><\/span><\/p><p><span style=\"color: #003366;\"><a style=\"color: #003366;\" href=\"https:\/\/cparici.com\/fr\/agenda-aix-les-bains-calendrier-complet-des-evenements\/\"><span style=\"font-weight: 400;\">L\u2019Agenda d\u2019Aix les bains<\/span><\/a><span style=\"font-weight: 400;\">\u200b\u00a0 \u00a0<\/span><\/span><\/p><p><a href=\"https:\/\/cparici.com\/fr\/musilac-festival-aix-les-bains\/\"><span style=\"font-weight: 400;\"><span style=\"color: #003366;\">Musilac, le festival des<\/span> <span style=\"color: #003366;\">musiques actuelles<\/span><\/span><\/a><span style=\"font-weight: 400; color: #003366;\">\u00a0<\/span><\/p><p><span style=\"color: #003366;\"><a style=\"color: #003366;\" href=\"https:\/\/cparici.com\/chambery-guide-complet\/\"><span style=\"font-weight: 400;\">Chamb\u00e9ry<\/span><\/a><\/span><\/p>\t\t\t\t\t\t\t\t<\/div>\n\t\t\t\t<div class=\"elementor-element elementor-element-5d0a1ae2 elementor-widget elementor-widget-text-editor\" data-id=\"5d0a1ae2\" data-element_type=\"widget\" data-e-type=\"widget\" data-widget_type=\"text-editor.default\">\n\t\t\t\t\t\t\t\t\t<p><span style=\"color: #003366;\"><a style=\"color: #003366;\" href=\"https:\/\/cparici.com\/fr\/lac-du-bourget\/\"><span style=\"font-weight: 400;\">Lac du Bourget<\/span><\/a><\/span><\/p><p><span style=\"color: #003366;\"><a style=\"color: #003366;\" href=\"https:\/\/cparici.com\/fr\/meteo-lac-du-bourget-previsions\/\"><span style=\"font-weight: 400;\">M\u00e9t\u00e9o au lac du Bourget<\/span><\/a><\/span><\/p><p><span style=\"color: #003366;\"><a style=\"color: #003366;\" href=\"https:\/\/cparici.com\/fr\/les-plus-beaux-points-de-vue-autour-du-lac-du-bourget\/\"><span style=\"font-weight: 400;\">Les plus beaux points de vue autour du Lac\u00a0<\/span><\/a><\/span><\/p><p><span style=\"color: #003366;\"><a style=\"color: #003366;\" href=\"https:\/\/cparici.com\/fr\/abbaye-de-hautecombe\/\"><span style=\"font-weight: 400;\">Abbaye de hautecombe<\/span><\/a><\/span><\/p><p><span style=\"color: #003366;\"><a style=\"color: #003366;\" href=\"https:\/\/cparici.com\/fr\/chanaz-petite-venise-savoyarde\/\"><span style=\"font-weight: 400;\">Chanaz<\/span><\/a><\/span><\/p><p><span style=\"color: #003366;\"><a style=\"color: #003366;\" href=\"https:\/\/cparici.com\/fr\/lac-daiguebelette-le-guide-complet\/\"><span style=\"font-weight: 400;\">Lac d\u2019Aiguebelette<\/span><\/a><\/span><\/p><p><span style=\"color: #003366;\"><a style=\"color: #003366;\" href=\"https:\/\/cparici.com\/fr\/cyclotourisme-lac-du-bourget\/\"><span style=\"font-weight: 400;\">Cyclotourisme autour du Lac du Bourget\u00a0<\/span><\/a><\/span><\/p>\t\t\t\t\t\t\t\t<\/div>\n\t\t\t\t<\/div>\n\t\t\t\t\t<\/div>\n\t\t\t\t<\/div>\n\t\t\t\t<\/div>\n\t\t","protected":false},"excerpt":{"rendered":"<p>Recherches populaires Categories Pas de r\u00e9sultats Voir tous les r\u00e9sultats Mont Revard : le guide complet pour profiter en toute saison Situ\u00e9 au c\u0153ur du massif des Bauges, ce sommet embl\u00e9matique de Savoie offre l\u2019un des plus beaux panoramas de la r\u00e9gion. Dominant le lac du Bourget, il attire chaque ann\u00e9e de nombreux visiteurs venus [&hellip;]<\/p>\n","protected":false},"author":97,"featured_media":85721,"comment_status":"closed","ping_status":"closed","sticky":false,"template":"elementor_header_footer","format":"standard","meta":{"ngg_post_thumbnail":0,"footnotes":""},"categories":[3029,1167,477,1397],"tags":[],"class_list":["post-85648","post","type-post","status-publish","format-standard","has-post-thumbnail","hentry","category-massif-des-bauges","category-auvergne-rhone-alpes","category-france","category-savoie"],"_links":{"self":[{"href":"https:\/\/cparici.com\/de\/wp-json\/wp\/v2\/posts\/85648","targetHints":{"allow":["GET"]}}],"collection":[{"href":"https:\/\/cparici.com\/de\/wp-json\/wp\/v2\/posts"}],"about":[{"href":"https:\/\/cparici.com\/de\/wp-json\/wp\/v2\/types\/post"}],"author":[{"embeddable":true,"href":"https:\/\/cparici.com\/de\/wp-json\/wp\/v2\/users\/97"}],"replies":[{"embeddable":true,"href":"https:\/\/cparici.com\/de\/wp-json\/wp\/v2\/comments?post=85648"}],"version-history":[{"count":9,"href":"https:\/\/cparici.com\/de\/wp-json\/wp\/v2\/posts\/85648\/revisions"}],"predecessor-version":[{"id":90521,"href":"https:\/\/cparici.com\/de\/wp-json\/wp\/v2\/posts\/85648\/revisions\/90521"}],"wp:featuredmedia":[{"embeddable":true,"href":"https:\/\/cparici.com\/de\/wp-json\/wp\/v2\/media\/85721"}],"wp:attachment":[{"href":"https:\/\/cparici.com\/de\/wp-json\/wp\/v2\/media?parent=85648"}],"wp:term":[{"taxonomy":"category","embeddable":true,"href":"https:\/\/cparici.com\/de\/wp-json\/wp\/v2\/categories?post=85648"},{"taxonomy":"post_tag","embeddable":true,"href":"https:\/\/cparici.com\/de\/wp-json\/wp\/v2\/tags?post=85648"}],"curies":[{"name":"wp","href":"https:\/\/api.w.org\/{rel}","templated":true}]}}