{"id":89895,"date":"2026-04-30T09:03:25","date_gmt":"2026-04-30T07:03:25","guid":{"rendered":"https:\/\/cparici.com\/?p=89895"},"modified":"2026-04-30T09:08:27","modified_gmt":"2026-04-30T07:08:27","slug":"areches-beaufort-guide-complet","status":"publish","type":"post","link":"https:\/\/cparici.com\/de\/areches-beaufort-guide-complet\/","title":{"rendered":"Ar\u00eaches Beaufort : vollst\u00e4ndiger Guide f\u00fcr Ort und Urlaub"},"content":{"rendered":"\t\t<div data-elementor-type=\"wp-post\" data-elementor-id=\"89895\" class=\"elementor elementor-89895\" data-elementor-post-type=\"post\">\n\t\t\t\t<div class=\"elementor-element elementor-element-4049548 e-con-full e-flex e-con e-parent\" data-id=\"4049548\" data-element_type=\"container\" data-e-type=\"container\">\n\t\t\t\t<div class=\"elementor-element elementor-element-36e28fa elementor-widget elementor-widget-image\" data-id=\"36e28fa\" data-element_type=\"widget\" data-e-type=\"widget\" data-widget_type=\"image.default\">\n\t\t\t\t\t\t\t\t\t\t\t\t\t\t\t<img decoding=\"async\" width=\"1500\" height=\"530\" src=\"https:\/\/cparici.com\/wp-content\/uploads\/2026\/04\/Areches-Beaufort.jpg\" class=\"attachment-full size-full wp-image-89906\" alt=\"Ar\u00eaches Beaufort\" srcset=\"https:\/\/cparici.com\/wp-content\/uploads\/2026\/04\/Areches-Beaufort.jpg 1500w, https:\/\/cparici.com\/wp-content\/uploads\/2026\/04\/Areches-Beaufort-300x106.jpg 300w, https:\/\/cparici.com\/wp-content\/uploads\/2026\/04\/Areches-Beaufort-1024x362.jpg 1024w, https:\/\/cparici.com\/wp-content\/uploads\/2026\/04\/Areches-Beaufort-768x271.jpg 768w, https:\/\/cparici.com\/wp-content\/uploads\/2026\/04\/Areches-Beaufort-18x6.jpg 18w, https:\/\/cparici.com\/wp-content\/uploads\/2026\/04\/Areches-Beaufort-590x208.jpg 590w, https:\/\/cparici.com\/wp-content\/uploads\/2026\/04\/Areches-Beaufort-1200x424.jpg 1200w, https:\/\/cparici.com\/wp-content\/uploads\/2026\/04\/Areches-Beaufort-577x204.jpg 577w, https:\/\/cparici.com\/wp-content\/uploads\/2026\/04\/Areches-Beaufort-1320x466.jpg 1320w, https:\/\/cparici.com\/wp-content\/uploads\/2026\/04\/Areches-Beaufort-600x212.jpg 600w\" sizes=\"(max-width: 1500px) 100vw, 1500px\" \/>\t\t\t\t\t\t\t\t\t\t\t\t\t\t\t<\/div>\n\t\t\t\t<\/div>\n\t\t<aside class=\"elementor-element elementor-element-5912682 e-flex e-con-boxed e-con e-parent\" data-id=\"5912682\" data-element_type=\"container\" data-e-type=\"container\">\n\t\t\t\t\t<div class=\"e-con-inner\">\n\t\t\t\t<div class=\"elementor-element elementor-element-76f5039 elementor-widget elementor-widget-global elementor-global-62046 elementor-widget-eael-advanced-search\" data-id=\"76f5039\" data-element_type=\"widget\" data-e-type=\"widget\" data-widget_type=\"eael-advanced-search.default\">\n\t\t\t\t\t        <div class=\"eael-adv-search-wrapper\">\n            <div id=\"eael-advanced-search-widget-76f5039\" class=\"eael-advanced-search-widget\">\n                <form data-settings=\"{&quot;post_per_page&quot;:5,&quot;search_among_taxonomies&quot;:&quot;&quot;,&quot;search_among_sku&quot;:&quot;no&quot;,&quot;show_popular_keyword&quot;:0,&quot;show_category&quot;:0,&quot;show_content_image&quot;:1,&quot;show_search_result_all_results&quot;:0,&quot;result_on_new_tab&quot;:&quot;no&quot;,&quot;show_product_price&quot;:&quot;no&quot;,&quot;include_current_page&quot;:&quot;no&quot;,&quot;current_post_id&quot;:89895,&quot;post_type&quot;:[&quot;post&quot;,&quot;listing&quot;]}\" method=\"POST\" name=\"eael-advanced-search-form-76f5039\" class=\"eael-advanced-search-form eael-advanced-search-form-style-2\">\n                    <div class=\"eael-advanced-search-wrap\">\n                        <span class=\"eael-adv-search-loader\"><\/span>\n                        <span class=\"eael-adv-search-close\"><i class=\"fas fa-times\"><\/i><\/span>\n                        <span class=\"icon \"><i class=\"fas fa-search\"><\/i><\/span>\n\n                        <input type=\"text\"\n                               placeholder=\"Votre destination\"\n                               class=\"eael-advanced-search\" autocomplete=\"off\" name=\"eael_advanced_search\">\n                    <\/div>\n\t\t\t\t\t                                    <\/form>\n\n\t\t\t\t\n\t\t\t\t        <div class=\"eael-advanced-search-result\">\n            <div class=\"eael-advanced-search-popular-keyword\">\n\t\t\t\t<h4 class=\"eael-advanced-search-popular-keyword-text\">Recherches populaires<\/h4>                <div class=\"eael-popular-keyword-content\"><\/div>\n            <\/div>\n            <div class=\"eael-advanced-search-category\">\n\t\t\t\t<h4 class=\"eael-advanced-search-category-text\">Categories<\/h4>                <div class=\"eael-popular-category-content\"><\/div>\n            <\/div>\n\t\t\t<div class=\"eael-advanced-search-total-results-section\">\n\t\t\t\t\t\t\t<\/div>\n            <div class=\"eael-advanced-search-content eael-item-style-3\">\n            <\/div>\n            <div class=\"eael-advanced-search-not-found\">\n                <p>Pas de r\u00e9sultats<\/p><\/div>\n            <div class=\"eael-advanced-search-load-more\">\n\t\t\t\t<a \tclass=\"eael-advanced-search-load-more-button\"\n                \thref=\"#\">Voir tous les r\u00e9sultats<\/a>\n            <\/div>\n        <\/div>\n\n\t\t            <\/div>\n        <\/div>\n\n\t\t\t\t\t\t<\/div>\n\t\t\t\t\t<\/div>\n\t\t\t\t<\/aside>\n\t\t<div class=\"elementor-element elementor-element-4cd1184d e-flex e-con-boxed e-con e-parent\" data-id=\"4cd1184d\" data-element_type=\"container\" data-e-type=\"container\">\n\t\t\t\t\t<div class=\"e-con-inner\">\n\t\t\t\t<div class=\"elementor-element elementor-element-167d6862 elementor-widget elementor-widget-text-editor\" data-id=\"167d6862\" data-element_type=\"widget\" data-e-type=\"widget\" data-widget_type=\"text-editor.default\">\n\t\t\t\t\t\t\t\t\t<h1 style=\"text-align: center;\" data-section-id=\"18i535f\" data-start=\"0\" data-end=\"59\">Ar\u00eaches Beaufort : guide complet station et vacances<\/h1>\r\n<h2 data-section-id=\"18qudt6\" data-start=\"61\" data-end=\"86\">R\u00e9sum\u00e9 <span style=\"color: #ffffff;\">AI Overview<\/span><\/h2>\r\n<p data-start=\"88\" data-end=\"479\"><strong data-start=\"88\" data-end=\"108\">Ar\u00eaches Beaufort<\/strong> est une station de montagne situ\u00e9e en <a href=\"https:\/\/cparici.com\/savoie\/\">Savoie<\/a>, reconnue pour son authenticit\u00e9, son environnement pr\u00e9serv\u00e9 et son positionnement unique autour du ski de randonn\u00e9e. Contrairement aux grandes stations alpines tr\u00e8s fr\u00e9quent\u00e9es, ce village offre une exp\u00e9rience plus humaine et proche de la nature, ce qui attire particuli\u00e8rement les familles et les amateurs de sports outdoor.<\/p>\r\n<p data-start=\"481\" data-end=\"802\">D\u2019un point de vue g\u00e9n\u00e9ral, <strong data-start=\"508\" data-end=\"528\">Ar\u00eaches Beaufort<\/strong> se distingue par un domaine skiable d\u2019environ 50 km, un acc\u00e8s direct au massif du Beaufortain et une forte identit\u00e9 locale li\u00e9e au c\u00e9l\u00e8bre fromage Beaufort. Selon , la station mise sur un tourisme durable et quatre saisons, avec des activit\u00e9s vari\u00e9es en hiver comme en \u00e9t\u00e9.<\/p>\r\n<p data-start=\"804\" data-end=\"1000\">Cette destination est connue pour accueillir la c\u00e9l\u00e8bre course de ski-alpinisme Pierra Menta, ce qui renforce sa r\u00e9putation internationale dans ce domaine sp\u00e9cifique.<\/p>\r\n<p data-start=\"1002\" data-end=\"1062\">En r\u00e9sum\u00e9, choisir <strong data-start=\"1021\" data-end=\"1041\">Ar\u00eaches Beaufort<\/strong>, c\u2019est privil\u00e9gier :<\/p>\r\n\r\n<ul data-start=\"1063\" data-end=\"1206\">\r\n \t<li data-section-id=\"e9kbbc\" data-start=\"1063\" data-end=\"1105\">une station familiale \u00e0 taille humaine<\/li>\r\n \t<li data-section-id=\"zmm83r\" data-start=\"1106\" data-end=\"1139\">un cadre naturel exceptionnel<\/li>\r\n \t<li data-section-id=\"or04so\" data-start=\"1140\" data-end=\"1206\">une sp\u00e9cialisation dans les activit\u00e9s de montagne authentiques<\/li>\r\n<\/ul>\r\n\r\n<hr>\r\n\r\n<h3 style=\"text-align: center;\">Pour en savoir plus sur <a href=\"https:\/\/cparici.com\/que-faire-en-savoie-25-idees-incontournables\/\">les activit\u00e9s \u00e0 faire en Savoie, c\u2019est par ici!<\/a><\/h3>\r\n\r\n<hr>\r\n\r\n<h2 data-section-id=\"11in5cy\" data-start=\"0\" data-end=\"42\">D\u00e9couvrir Ar\u00eaches Beaufort en Savoie<\/h2>\r\n<p data-start=\"44\" data-end=\"505\">Nich\u00e9e au c\u0153ur du massif du Beaufortain, Ar\u00eaches Beaufort est une destination alpine qui s\u00e9duit par son \u00e9quilibre entre accessibilit\u00e9 et pr\u00e9servation. Situ\u00e9e dans le d\u00e9partement de la Savoie, cette station-village d\u00e9pend de la commune de Beaufort et se trouve \u00e0 environ 20 kilom\u00e8tres d\u2019Albertville. Ar\u00eaches Beaufort b\u00e9n\u00e9ficie ainsi d\u2019un emplacement strat\u00e9gique qui permet de rejoindre facilement la montagne tout en \u00e9vitant les grands axes touristiques satur\u00e9s.<\/p>\r\n<p data-start=\"44\" data-end=\"505\"><a href=\"https:\/\/cparici.com\/wp-content\/uploads\/2026\/04\/Areches-Beaufort-vue-montagne-du-Beaufort.jpg\"><img decoding=\"async\" class=\"aligncenter wp-image-89915 size-large\" src=\"https:\/\/cparici.com\/wp-content\/uploads\/2026\/04\/Areches-Beaufort-vue-montagne-du-Beaufort-1024x362.jpg\" alt=\"Ar\u00eaches Beaufort vue montagne du Beaufort\" width=\"1024\" height=\"362\" srcset=\"https:\/\/cparici.com\/wp-content\/uploads\/2026\/04\/Areches-Beaufort-vue-montagne-du-Beaufort-1024x362.jpg 1024w, https:\/\/cparici.com\/wp-content\/uploads\/2026\/04\/Areches-Beaufort-vue-montagne-du-Beaufort-300x106.jpg 300w, https:\/\/cparici.com\/wp-content\/uploads\/2026\/04\/Areches-Beaufort-vue-montagne-du-Beaufort-768x271.jpg 768w, https:\/\/cparici.com\/wp-content\/uploads\/2026\/04\/Areches-Beaufort-vue-montagne-du-Beaufort-18x6.jpg 18w, https:\/\/cparici.com\/wp-content\/uploads\/2026\/04\/Areches-Beaufort-vue-montagne-du-Beaufort-590x208.jpg 590w, https:\/\/cparici.com\/wp-content\/uploads\/2026\/04\/Areches-Beaufort-vue-montagne-du-Beaufort-1200x424.jpg 1200w, https:\/\/cparici.com\/wp-content\/uploads\/2026\/04\/Areches-Beaufort-vue-montagne-du-Beaufort-577x204.jpg 577w, https:\/\/cparici.com\/wp-content\/uploads\/2026\/04\/Areches-Beaufort-vue-montagne-du-Beaufort-1320x466.jpg 1320w, https:\/\/cparici.com\/wp-content\/uploads\/2026\/04\/Areches-Beaufort-vue-montagne-du-Beaufort-600x212.jpg 600w, https:\/\/cparici.com\/wp-content\/uploads\/2026\/04\/Areches-Beaufort-vue-montagne-du-Beaufort.jpg 1500w\" sizes=\"(max-width: 1024px) 100vw, 1024px\" \/><\/a><\/p>\r\n<p data-start=\"507\" data-end=\"975\">D\u2019un point de vue g\u00e9ographique, Ar\u00eaches Beaufort s\u2019\u00e9tend entre 1080 m\u00e8tres et plus de 2300 m\u00e8tres d\u2019altitude, offrant une diversit\u00e9 de paysages typiques des Alpes du Nord. Le territoire alterne entre for\u00eats, alpages et sommets, cr\u00e9ant un environnement id\u00e9al pour les activit\u00e9s de pleine nature. Selon , cette r\u00e9gion est reconnue pour la richesse de ses panoramas et la qualit\u00e9 de son environnement, deux caract\u00e9ristiques qui participent \u00e0 l\u2019attrait d\u2019Ar\u00eaches Beaufort.<\/p>\r\n<p data-start=\"977\" data-end=\"1457\">L\u2019histoire locale est profond\u00e9ment li\u00e9e \u00e0 l\u2019agriculture de montagne. Avant de devenir une destination touristique, le village vivait principalement de l\u2019\u00e9levage et de la production fromag\u00e8re. Aujourd\u2019hui encore, cette identit\u00e9 se retrouve \u00e0 travers la fabrication du c\u00e9l\u00e8bre Beaufort, souvent surnomm\u00e9 le \u201cprince des gruy\u00e8res\u201d. Cette tradition contribue \u00e0 l\u2019authenticit\u00e9 d\u2019Ar\u00eaches Beaufort, qui a su pr\u00e9server son patrimoine tout en d\u00e9veloppant une activit\u00e9 touristique ma\u00eetris\u00e9e.<\/p>\r\n<p data-start=\"1459\" data-end=\"1915\">Ce qui distingue Ar\u00eaches Beaufort des grandes stations alpines, c\u2019est son positionnement r\u00e9solument tourn\u00e9 vers un tourisme \u00e0 taille humaine. Ici, l\u2019urbanisation reste limit\u00e9e et l\u2019architecture respecte les codes traditionnels savoyards. Comme le souligne , les voyageurs recherchent de plus en plus ce type de destination, o\u00f9 la nature et la tranquillit\u00e9 priment sur les infrastructures massives. Ar\u00eaches Beaufort s\u2019inscrit pleinement dans cette tendance.<\/p>\r\n<p data-start=\"1917\" data-end=\"2241\">Enfin, l\u2019ambiance g\u00e9n\u00e9rale repose sur une forte convivialit\u00e9. Les visiteurs appr\u00e9cient la proximit\u00e9 avec les habitants, les commerces locaux et les producteurs. Cette dimension humaine renforce l\u2019exp\u00e9rience globale et participe \u00e0 la fid\u00e9lisation des vacanciers qui reviennent r\u00e9guli\u00e8rement dans cette station du Beaufortain.<\/p>\r\n\r\n<h2 data-section-id=\"1jzaoal\" data-start=\"278\" data-end=\"318\">Domaine skiable d\u2019Ar\u00eaches Beaufort<\/h2>\r\n<p data-start=\"320\" data-end=\"688\">Le domaine skiable d\u2019Ar\u00eaches Beaufort constitue l\u2019un des principaux atouts de cette destination alpine situ\u00e9e dans le massif du Beaufortain. Ici, l\u2019exp\u00e9rience du ski repose avant tout sur un environnement naturel pr\u00e9serv\u00e9, loin des grandes stations sur\u00e9quip\u00e9es. Cette station savoyarde propose ainsi un \u00e9quilibre int\u00e9ressant entre diversit\u00e9 des pistes et authenticit\u00e9.<\/p>\r\n\r\n<h3 data-section-id=\"pv6dtu\" data-start=\"690\" data-end=\"729\">Chiffres cl\u00e9s du domaine skiable<\/h3>\r\n<p data-start=\"731\" data-end=\"1056\">Le domaine d\u2019Ar\u00eaches Beaufort s\u2019\u00e9tend entre environ 1080 m\u00e8tres et 2320 m\u00e8tres d\u2019altitude. Il compte une trentaine de pistes r\u00e9parties sur pr\u00e8s de 50 kilom\u00e8tres skiables. Ces donn\u00e9es, confirm\u00e9es par , placent ce territoire dans la cat\u00e9gorie des stations de taille interm\u00e9diaire, id\u00e9ales pour \u00e9viter la saturation touristique.<\/p>\r\n<p data-start=\"1058\" data-end=\"1073\">On y retrouve :<\/p>\r\n\r\n<ul data-start=\"1074\" data-end=\"1155\">\r\n \t<li data-section-id=\"1hzsmbb\" data-start=\"1074\" data-end=\"1093\">4 pistes vertes<\/li>\r\n \t<li data-section-id=\"1imp1s8\" data-start=\"1094\" data-end=\"1114\">11 pistes bleues<\/li>\r\n \t<li data-section-id=\"9quhuj\" data-start=\"1115\" data-end=\"1135\">13 pistes rouges<\/li>\r\n \t<li data-section-id=\"1xk0hb3\" data-start=\"1136\" data-end=\"1155\">3 pistes noires<\/li>\r\n<\/ul>\r\n<p data-start=\"1157\" data-end=\"1323\">Cette r\u00e9partition permet \u00e0 la station de convenir aussi bien aux d\u00e9butants qu\u2019aux skieurs exp\u00e9riment\u00e9s, avec une progression naturelle dans les niveaux de difficult\u00e9.<\/p>\r\n\r\n<h3 data-section-id=\"2goal1\" data-start=\"1325\" data-end=\"1366\">Organisation et secteurs skiables<\/h3>\r\n<p data-start=\"1368\" data-end=\"1573\">Le domaine skiable est organis\u00e9 autour de deux secteurs principaux : Le Planay et Le Grand Mont. Cette configuration permet une bonne r\u00e9partition des flux de skieurs et limite les zones de forte affluence.<\/p>\r\n<p data-start=\"1575\" data-end=\"1874\">Le secteur du Planay est particuli\u00e8rement adapt\u00e9 aux familles et aux d\u00e9butants, avec des pentes douces et accessibles. \u00c0 l\u2019inverse, Le Grand Mont propose des itin\u00e9raires plus techniques, recherch\u00e9s par les amateurs de sensations fortes. Cette compl\u00e9mentarit\u00e9 renforce l\u2019attractivit\u00e9 globale du site.<\/p>\r\n\r\n<h3 data-section-id=\"1kfoeay\" data-start=\"1876\" data-end=\"1922\">Ski alpin, freeride et ski de randonn\u00e9e<\/h3>\r\n<p data-start=\"1924\" data-end=\"2161\">La station est particuli\u00e8rement r\u00e9put\u00e9e pour le ski de randonn\u00e9e, discipline dans laquelle elle fait figure de r\u00e9f\u00e9rence en France. Elle accueille notamment la c\u00e9l\u00e8bre course de la Pierra Menta, un \u00e9v\u00e9nement international incontournable.<\/p>\r\n<p data-start=\"2163\" data-end=\"2316\">Comme le souligne , ce domaine attire chaque ann\u00e9e de nombreux passionn\u00e9s de ski-alpinisme gr\u00e2ce \u00e0 la qualit\u00e9 de ses itin\u00e9raires et \u00e0 son relief naturel.<\/p>\r\n<p data-start=\"2318\" data-end=\"2521\">Le freeride est \u00e9galement tr\u00e8s pr\u00e9sent, avec de nombreuses zones hors-piste accessibles. Le terrain, peu transform\u00e9, offre une exp\u00e9rience plus authentique et engag\u00e9e que dans les stations tr\u00e8s am\u00e9nag\u00e9es.<\/p>\r\n<p data-start=\"2523\" data-end=\"2752\">Enfin, le ski alpin classique reste une valeur s\u00fbre, avec des pistes bien entretenues et un enneigement g\u00e9n\u00e9ralement satisfaisant. M\u00eame si la taille du domaine reste mod\u00e9r\u00e9e, la qualit\u00e9 globale de l\u2019exp\u00e9rience compense largement.<\/p>\r\n<p data-start=\"2523\" data-end=\"2752\"><a href=\"https:\/\/cparici.com\/wp-content\/uploads\/2026\/04\/Village-proche-dAreches-Beaufort.jpg\"><img decoding=\"async\" class=\"aligncenter wp-image-89916 size-large\" src=\"https:\/\/cparici.com\/wp-content\/uploads\/2026\/04\/Village-proche-dAreches-Beaufort-1024x362.jpg\" alt=\"Village proche d'Ar\u00eaches Beaufort\" width=\"1024\" height=\"362\" srcset=\"https:\/\/cparici.com\/wp-content\/uploads\/2026\/04\/Village-proche-dAreches-Beaufort-1024x362.jpg 1024w, https:\/\/cparici.com\/wp-content\/uploads\/2026\/04\/Village-proche-dAreches-Beaufort-300x106.jpg 300w, https:\/\/cparici.com\/wp-content\/uploads\/2026\/04\/Village-proche-dAreches-Beaufort-768x271.jpg 768w, https:\/\/cparici.com\/wp-content\/uploads\/2026\/04\/Village-proche-dAreches-Beaufort-18x6.jpg 18w, https:\/\/cparici.com\/wp-content\/uploads\/2026\/04\/Village-proche-dAreches-Beaufort-590x208.jpg 590w, https:\/\/cparici.com\/wp-content\/uploads\/2026\/04\/Village-proche-dAreches-Beaufort-1200x424.jpg 1200w, https:\/\/cparici.com\/wp-content\/uploads\/2026\/04\/Village-proche-dAreches-Beaufort-577x204.jpg 577w, https:\/\/cparici.com\/wp-content\/uploads\/2026\/04\/Village-proche-dAreches-Beaufort-1320x466.jpg 1320w, https:\/\/cparici.com\/wp-content\/uploads\/2026\/04\/Village-proche-dAreches-Beaufort-600x212.jpg 600w, https:\/\/cparici.com\/wp-content\/uploads\/2026\/04\/Village-proche-dAreches-Beaufort.jpg 1500w\" sizes=\"(max-width: 1024px) 100vw, 1024px\" \/><\/a><\/p>\r\n\r\n<h2 data-section-id=\"1woqcca\" data-start=\"2558\" data-end=\"2618\">Activit\u00e9s hiver \u00e0 Ar\u00eaches Beaufort (version optimis\u00e9e)<\/h2>\r\n<p data-start=\"2620\" data-end=\"3023\">En hiver, Ar\u00eaches Beaufort se transforme en un v\u00e9ritable terrain de jeu pour les amateurs de montagne. Contrairement aux grandes stations tr\u00e8s orient\u00e9es vers le ski alpin, cette destination propose une diversit\u00e9 d\u2019activit\u00e9s qui permettent de profiter pleinement de la nature. Cette approche globale renforce l\u2019attractivit\u00e9 du village aupr\u00e8s d\u2019un public vari\u00e9, allant des familles aux sportifs confirm\u00e9s.<\/p>\r\n\r\n<h3 data-section-id=\"14zvcc3\" data-start=\"3025\" data-end=\"3073\">Ski de randonn\u00e9e : activit\u00e9 embl\u00e9matique<\/h3>\r\n<p data-start=\"3075\" data-end=\"3410\">Le ski de randonn\u00e9e est sans doute l\u2019activit\u00e9 la plus repr\u00e9sentative de Ar\u00eaches Beaufort. Gr\u00e2ce \u00e0 son relief naturel et \u00e0 ses itin\u00e9raires vari\u00e9s, la station est devenue une r\u00e9f\u00e9rence en France dans cette discipline. Chaque ann\u00e9e, elle accueille la c\u00e9l\u00e8bre Pierra Menta, une comp\u00e9tition internationale qui attire les meilleurs athl\u00e8tes.<\/p>\r\n<p data-start=\"3412\" data-end=\"3645\">Comme l\u2019explique , ce territoire offre des conditions id\u00e9ales pour la pratique du ski-alpinisme, avec des parcours s\u00e9curis\u00e9s et adapt\u00e9s \u00e0 diff\u00e9rents niveaux. Cette sp\u00e9cialisation contribue fortement \u00e0 la renomm\u00e9e de Ar\u00eaches Beaufort.<\/p>\r\n\r\n<h3 data-section-id=\"xxk57y\" data-start=\"3647\" data-end=\"3685\">Activit\u00e9s pour toute la famille<\/h3>\r\n<p data-start=\"3687\" data-end=\"3964\">Au-del\u00e0 du ski, Ar\u00eaches Beaufort propose de nombreuses activit\u00e9s accessibles \u00e0 tous. Les familles peuvent profiter de pistes de luge, de balades en raquettes ou encore de ski nordique. Ces alternatives permettent de d\u00e9couvrir les paysages enneig\u00e9s dans une ambiance plus douce.<\/p>\r\n<p data-start=\"3966\" data-end=\"4136\">Les itin\u00e9raires de raquettes sont particuli\u00e8rement appr\u00e9ci\u00e9s pour leur accessibilit\u00e9. Ils constituent une excellente option pour explorer la r\u00e9gion sans pratiquer le ski.<\/p>\r\n\r\n<h3 data-section-id=\"1osvyfc\" data-start=\"4138\" data-end=\"4166\">Ambiance et apr\u00e8s-ski<\/h3>\r\n<p data-start=\"4168\" data-end=\"4388\">L\u2019ambiance hivernale se distingue par sa convivialit\u00e9. L\u2019apr\u00e8s-ski y est plut\u00f4t calme, ax\u00e9 sur la d\u00e9tente et les plaisirs simples. On y trouve des restaurants typiques, des bars chaleureux et quelques animations locales.<\/p>\r\n<p data-start=\"4390\" data-end=\"4540\">Selon , ce type de station attire de plus en plus de voyageurs en qu\u00eate de tranquillit\u00e9. Ce village savoyard s\u2019inscrit pleinement dans cette tendance.<\/p>\r\n\r\n<h2 data-section-id=\"tds5bp\" data-start=\"0\" data-end=\"41\">Que faire en \u00e9t\u00e9 \u00e0 Ar\u00eaches Beaufort<\/h2>\r\n<p data-start=\"43\" data-end=\"415\">Lorsque la neige dispara\u00eet, Ar\u00eaches Beaufort r\u00e9v\u00e8le un tout autre visage, tourn\u00e9 vers la nature et les activit\u00e9s outdoor. Cette destination de montagne devient alors un lieu privil\u00e9gi\u00e9 pour les amateurs de grands espaces, de calme et d\u2019authenticit\u00e9. En \u00e9t\u00e9, Ar\u00eaches Beaufort attire une client\u00e8le diff\u00e9rente, souvent en qu\u00eate de ressourcement et d\u2019exp\u00e9riences en plein air.<\/p>\r\n\r\n<h3 data-section-id=\"17xsyq4\" data-start=\"417\" data-end=\"444\">Randonn\u00e9es et nature<\/h3>\r\n<p data-start=\"446\" data-end=\"757\">La randonn\u00e9e est l\u2019activit\u00e9 phare durant la saison estivale. Ar\u00eaches Beaufort offre un vaste r\u00e9seau de sentiers balis\u00e9s qui permettent d\u2019explorer les paysages du Beaufortain. Ces itin\u00e9raires traversent des alpages, longent des lacs d\u2019altitude et offrent des panoramas exceptionnels sur les sommets environnants.<\/p>\r\n<p data-start=\"759\" data-end=\"1025\">Selon , la r\u00e9gion est particuli\u00e8rement appr\u00e9ci\u00e9e pour la diversit\u00e9 de ses parcours, accessibles aussi bien aux d\u00e9butants qu\u2019aux randonneurs exp\u00e9riment\u00e9s. Cette richesse naturelle fait de Ar\u00eaches Beaufort un point de d\u00e9part id\u00e9al pour d\u00e9couvrir la montagne autrement.<\/p>\r\n\r\n<h3 data-section-id=\"1h3ke98\" data-start=\"1027\" data-end=\"1065\">Activit\u00e9s outdoor et sensations<\/h3>\r\n<p data-start=\"1067\" data-end=\"1302\">En compl\u00e9ment de la randonn\u00e9e, Ar\u00eaches Beaufort propose de nombreuses activit\u00e9s sportives adapt\u00e9es \u00e0 la saison estivale. Le VTT est tr\u00e8s d\u00e9velopp\u00e9, avec des itin\u00e9raires vari\u00e9s allant des pistes accessibles aux parcours plus techniques.<\/p>\r\n<p data-start=\"1304\" data-end=\"1579\">Le trail et l\u2019alpinisme sont \u00e9galement populaires, notamment gr\u00e2ce au relief du massif du Beaufortain. Ces disciplines permettent d\u2019exploiter pleinement le potentiel naturel du territoire. Ar\u00eaches Beaufort attire ainsi les sportifs en qu\u00eate de d\u00e9fis et de paysages pr\u00e9serv\u00e9s.<\/p>\r\n\r\n<h3 data-section-id=\"1mzqyzg\" data-start=\"1581\" data-end=\"1623\">D\u00e9couverte du terroir et traditions<\/h3>\r\n<p data-start=\"1625\" data-end=\"1942\">L\u2019\u00e9t\u00e9 est aussi une p\u00e9riode id\u00e9ale pour d\u00e9couvrir le patrimoine local. Ar\u00eaches Beaufort est \u00e9troitement li\u00e9e \u00e0 la production du fromage Beaufort, embl\u00e8me de la r\u00e9gion. Les visiteurs peuvent rencontrer des producteurs, visiter des coop\u00e9ratives et en apprendre davantage sur les m\u00e9thodes de fabrication traditionnelles.<\/p>\r\n<p data-start=\"1944\" data-end=\"2182\">Comme le souligne , le tourisme gastronomique joue un r\u00f4le de plus en plus important dans les destinations de montagne. Cette dimension renforce l\u2019attrait de Ar\u00eaches Beaufort, en proposant une exp\u00e9rience compl\u00e8te m\u00ealant nature et culture.<\/p>\r\n\r\n<h2 data-section-id=\"8hdi8i\" data-start=\"0\" data-end=\"45\">Location de vacances \u00e0 Ar\u00eaches Beaufort<\/h2>\r\n<p data-start=\"47\" data-end=\"413\">Trouver un h\u00e9bergement adapt\u00e9 est une \u00e9tape cl\u00e9 pour r\u00e9ussir son s\u00e9jour \u00e0 Ar\u00eaches Beaufort. Contrairement aux grandes stations standardis\u00e9es, cette destination propose une offre vari\u00e9e qui privil\u00e9gie le charme et l\u2019authenticit\u00e9. La location de vacances \u00e0 Ar\u00eaches Beaufort permet ainsi de profiter pleinement de l\u2019ambiance montagnarde, que ce soit en hiver ou en \u00e9t\u00e9.<\/p>\r\n\r\n<h3 data-section-id=\"qq5wn9\" data-start=\"415\" data-end=\"454\">Types d\u2019h\u00e9bergements disponibles<\/h3>\r\n<p data-start=\"456\" data-end=\"753\">\u00c0 Ar\u00eaches Beaufort, les visiteurs ont le choix entre plusieurs types de logements. Les chalets traditionnels restent tr\u00e8s pris\u00e9s pour leur confort et leur cachet typiquement savoyard. On trouve \u00e9galement des appartements en r\u00e9sidence, souvent situ\u00e9s \u00e0 proximit\u00e9 des pistes ou du centre du village.<\/p>\r\n<p data-start=\"755\" data-end=\"1060\">Les r\u00e9sidences de tourisme offrent des prestations plus modernes, avec des services inclus comme le linge de maison ou l\u2019acc\u00e8s \u00e0 des \u00e9quipements collectifs. Cette diversit\u00e9 permet \u00e0 Ar\u00eaches Beaufort de r\u00e9pondre \u00e0 diff\u00e9rents profils de voyageurs, des familles aux couples en passant par les groupes d\u2019amis.<\/p>\r\n\r\n<h3 data-section-id=\"1uj4wu5\" data-start=\"1062\" data-end=\"1103\">Prix des locations selon la saison<\/h3>\r\n<p data-start=\"1105\" data-end=\"1419\">Le prix d\u2019une location \u00e0 Ar\u00eaches Beaufort varie fortement en fonction de la p\u00e9riode. En hiver, notamment pendant les vacances scolaires, les tarifs sont plus \u00e9lev\u00e9s en raison de la forte demande li\u00e9e au ski. \u00c0 l\u2019inverse, la saison estivale propose des prix plus accessibles, ce qui attire une client\u00e8le diff\u00e9rente.<\/p>\r\n<p data-start=\"1421\" data-end=\"1665\">D\u2019apr\u00e8s , le co\u00fbt moyen d\u2019une semaine en appartement peut varier entre 400 \u20ac et 1200 \u20ac selon la capacit\u00e9 et l\u2019emplacement. Cette fourchette positionne Ar\u00eaches Beaufort comme une alternative plus abordable que certaines grandes stations alpines.<\/p>\r\n\r\n<h3 data-section-id=\"12u54xg\" data-start=\"1667\" data-end=\"1706\">O\u00f9 loger : Ar\u00eaches ou Beaufort ?<\/h3>\r\n<p data-start=\"1708\" data-end=\"1980\">Le choix entre Ar\u00eaches et Beaufort d\u00e9pend des attentes des voyageurs. Ar\u00eaches Beaufort c\u00f4t\u00e9 Ar\u00eaches est id\u00e9al pour un acc\u00e8s rapide aux pistes et aux activit\u00e9s de montagne. Le village est plus dynamique en hiver et offre une immersion directe dans l\u2019ambiance de la station.<\/p>\r\n<p data-start=\"1982\" data-end=\"2276\">Beaufort, situ\u00e9 en contrebas, propose un cadre plus calme et plus local. Il est souvent privil\u00e9gi\u00e9 par ceux qui recherchent une atmosph\u00e8re authentique et un acc\u00e8s facilit\u00e9 aux commerces traditionnels. Dans les deux cas, Ar\u00eaches Beaufort garantit une exp\u00e9rience fid\u00e8le \u00e0 l\u2019esprit du Beaufortain.<\/p>\r\n\r\n<h3 data-section-id=\"19s7u16\" data-start=\"2278\" data-end=\"2324\">Conseils pour bien choisir sa location<\/h3>\r\n<p data-start=\"2326\" data-end=\"2565\">Pour optimiser son s\u00e9jour \u00e0 Ar\u00eaches Beaufort, plusieurs crit\u00e8res doivent \u00eatre pris en compte lors de la r\u00e9servation. La proximit\u00e9 des pistes est essentielle en hiver, tandis que l\u2019acc\u00e8s aux sentiers de randonn\u00e9e devient prioritaire en \u00e9t\u00e9.<\/p>\r\n<p data-start=\"2567\" data-end=\"2876\">Il est \u00e9galement recommand\u00e9 de r\u00e9server \u00e0 l\u2019avance, surtout pendant les p\u00e9riodes de forte affluence. Enfin, comparer les offres permet de trouver un bon \u00e9quilibre entre budget et prestations. Comme le souligne , anticiper sa r\u00e9servation est souvent la meilleure strat\u00e9gie pour b\u00e9n\u00e9ficier des meilleurs tarifs.<\/p>\r\n\r\n<h2 data-section-id=\"4rd0b0\" data-start=\"0\" data-end=\"68\">Pourquoi choisir Ar\u00eaches Beaufort pour vos vacances ?<\/h2>\r\n<p data-start=\"70\" data-end=\"416\">Choisir une destination de montagne d\u00e9pend de nombreux crit\u00e8res : ambiance, budget, activit\u00e9s ou encore fr\u00e9quentation. Ar\u00eaches Beaufort se distingue justement par un positionnement unique qui attire un public en qu\u00eate d\u2019authenticit\u00e9. Cette station savoyarde s\u00e9duit autant pour son cadre naturel que pour son approche du tourisme \u00e0 taille humaine.<\/p>\r\n\r\n<h3 data-section-id=\"1yw2w7a\" data-start=\"418\" data-end=\"452\">Les avantages de la station<\/h3>\r\n<p data-start=\"454\" data-end=\"756\">Parmi les principaux atouts, Ar\u00eaches Beaufort offre une exp\u00e9rience loin du tourisme de masse. Le domaine reste accessible sans \u00eatre surcharg\u00e9, ce qui garantit un confort appr\u00e9ciable sur les pistes comme dans le village. Cette tranquillit\u00e9 constitue un avantage majeur face aux grandes stations alpines.<\/p>\r\n<p data-start=\"758\" data-end=\"1037\">L\u2019ambiance familiale est \u00e9galement un point fort. Ar\u00eaches Beaufort propose des infrastructures adapt\u00e9es aux enfants et aux d\u00e9butants, tout en conservant un terrain int\u00e9ressant pour les skieurs exp\u00e9riment\u00e9s. Cette polyvalence permet de satisfaire diff\u00e9rents profils de vacanciers.<\/p>\r\n<p data-start=\"1039\" data-end=\"1302\">Autre avantage important : la connexion avec la nature. Le cadre du Beaufortain, encore pr\u00e9serv\u00e9, favorise les activit\u00e9s en plein air dans un environnement authentique. Selon , ce type de station r\u00e9pond \u00e0 une demande croissante de tourisme durable et responsable.<\/p>\r\n\r\n<h3 data-section-id=\"1pgf4fy\" data-start=\"1304\" data-end=\"1340\">Les inconv\u00e9nients \u00e0 conna\u00eetre<\/h3>\r\n<p data-start=\"1342\" data-end=\"1580\">Malgr\u00e9 ses nombreux atouts, Ar\u00eaches Beaufort pr\u00e9sente aussi quelques limites qu\u2019il est important de prendre en compte. Le domaine skiable reste de taille mod\u00e9r\u00e9e, ce qui peut ne pas convenir aux skieurs recherchant de tr\u00e8s grands espaces.<\/p>\r\n<p data-start=\"1582\" data-end=\"1836\">L\u2019offre d\u2019apr\u00e8s-ski est \u00e9galement plus restreinte. Contrairement aux stations festives, Ar\u00eaches Beaufort privil\u00e9gie le calme et la convivialit\u00e9. Cela peut \u00eatre per\u00e7u comme un inconv\u00e9nient pour certains visiteurs, mais constitue un avantage pour d\u2019autres.<\/p>\r\n<p data-start=\"1838\" data-end=\"2010\">Enfin, certaines p\u00e9riodes de forte affluence, notamment pendant les vacances scolaires, peuvent entra\u00eener une hausse des prix et une disponibilit\u00e9 r\u00e9duite des h\u00e9bergements.<\/p>\r\n\r\n<h3 data-section-id=\"44augl\" data-start=\"2012\" data-end=\"2064\">Comparaison avec d\u2019autres stations savoyardes<\/h3>\r\n<p data-start=\"2066\" data-end=\"2298\">Face \u00e0 d\u2019autres destinations comme Les Saisies ou Meg\u00e8ve, Ar\u00eaches Beaufort se positionne diff\u00e9remment. Elle ne cherche pas \u00e0 rivaliser en termes de taille ou d\u2019infrastructures, mais plut\u00f4t \u00e0 proposer une exp\u00e9rience plus authentique.<\/p>\r\n<p data-start=\"2300\" data-end=\"2544\">Les Saisies offrent un domaine plus vaste et plus accessible aux d\u00e9butants, tandis que Meg\u00e8ve mise sur le prestige et le luxe. \u00c0 l\u2019inverse, Ar\u00eaches Beaufort s\u00e9duit par son \u00e9quilibre entre simplicit\u00e9, nature et qualit\u00e9 des activit\u00e9s de montagne.<\/p>\r\n<p data-start=\"2546\" data-end=\"2688\">Ce positionnement permet \u00e0 la station de se d\u00e9marquer clairement et de fid\u00e9liser une client\u00e8le sp\u00e9cifique, attach\u00e9e \u00e0 ce type d\u2019environnement.<\/p>\r\n\r\n<h2 data-section-id=\"uv7qqf\" data-start=\"0\" data-end=\"37\">Acc\u00e8s et informations pratiques<\/h2>\r\n<p data-start=\"39\" data-end=\"382\">Pr\u00e9parer son s\u00e9jour passe aussi par une bonne organisation du trajet et une connaissance des conditions sur place. Ar\u00eaches Beaufort, bien que situ\u00e9 en montagne, reste relativement accessible compar\u00e9 \u00e0 d\u2019autres destinations alpines plus enclav\u00e9es. Cette accessibilit\u00e9 contribue \u00e0 son attractivit\u00e9 aupr\u00e8s des voyageurs venant de toute la France.<\/p>\r\n\r\n<h3 data-section-id=\"1j56mts\" data-start=\"384\" data-end=\"425\">Comment venir \u00e0 Ar\u00eaches Beaufort ?<\/h3>\r\n<p data-start=\"427\" data-end=\"709\">Pour rejoindre Ar\u00eaches Beaufort, la voiture reste le moyen le plus simple et le plus flexible. Depuis Albertville, il faut compter environ 30 minutes de route pour atteindre la station en passant par Beaufort. L\u2019itin\u00e9raire est bien entretenu, m\u00eame en hiver, ce qui facilite l\u2019acc\u00e8s.<\/p>\r\n<p data-start=\"711\" data-end=\"995\">Pour ceux qui pr\u00e9f\u00e8rent les transports en commun, il est possible de prendre le train jusqu\u2019\u00e0 la gare d\u2019Albertville. Ensuite, des navettes assurent la liaison vers Ar\u00eaches Beaufort. Selon , cette combinaison train + bus est une alternative pratique pour limiter l\u2019usage de la voiture.<\/p>\r\n\r\n<h3 data-section-id=\"jnt946\" data-start=\"997\" data-end=\"1040\">Stationnement et mobilit\u00e9 sur place<\/h3>\r\n<p data-start=\"1042\" data-end=\"1325\">Une fois sur place, Ar\u00eaches Beaufort propose plusieurs solutions de stationnement r\u00e9parties dans le village et \u00e0 proximit\u00e9 des remont\u00e9es m\u00e9caniques. Ces parkings sont g\u00e9n\u00e9ralement gratuits ou peu co\u00fbteux, ce qui constitue un avantage notable par rapport \u00e0 certaines grandes stations.<\/p>\r\n<p data-start=\"1327\" data-end=\"1571\">La circulation dans la station reste fluide, et il est possible de se d\u00e9placer \u00e0 pied dans la plupart des zones. En hiver, des navettes locales facilitent les d\u00e9placements entre les diff\u00e9rents secteurs, ce qui am\u00e9liore le confort des visiteurs.<\/p>\r\n\r\n<h3 data-section-id=\"1j3eop6\" data-start=\"1573\" data-end=\"1610\">Meilleure p\u00e9riode pour visiter<\/h3>\r\n<p data-start=\"1612\" data-end=\"1877\">Le choix de la p\u00e9riode d\u00e9pend des attentes. En hiver, Ar\u00eaches Beaufort est particuli\u00e8rement pris\u00e9 pour le ski et les activit\u00e9s de montagne. Les mois de janvier et mars sont souvent recommand\u00e9s pour profiter d\u2019un bon enneigement tout en \u00e9vitant les pics d\u2019affluence.<\/p>\r\n<p data-start=\"1879\" data-end=\"2140\">En \u00e9t\u00e9, la station attire les amateurs de randonn\u00e9e et de nature. Les conditions climatiques sont g\u00e9n\u00e9ralement agr\u00e9ables, avec des temp\u00e9ratures mod\u00e9r\u00e9es. Comme le souligne , la p\u00e9riode de juin \u00e0 septembre offre des conditions id\u00e9ales pour les activit\u00e9s outdoor.<\/p>\r\n\r\n<h2 data-section-id=\"si7ndb\" data-start=\"0\" data-end=\"27\">Tableau r\u00e9capitulatif<\/h2>\r\n<p data-start=\"29\" data-end=\"259\">Voici un aper\u00e7u synth\u00e9tique pour mieux comprendre les caract\u00e9ristiques principales de Ar\u00eaches Beaufort. Ce tableau permet d\u2019avoir une vision rapide des \u00e9l\u00e9ments essentiels avant de pr\u00e9parer son s\u00e9jour dans cette station savoyarde.<\/p>\r\n\r\n<div class=\"TyagGW_tableContainer\">\r\n<div class=\"group TyagGW_tableWrapper flex flex-col-reverse w-fit\" tabindex=\"-1\">\r\n<table class=\"w-fit min-w-(--thread-content-width)\" data-start=\"261\" data-end=\"611\">\r\n<thead data-start=\"261\" data-end=\"282\">\r\n<tr data-start=\"261\" data-end=\"282\">\r\n<th class=\"\" data-start=\"261\" data-end=\"271\" data-col-size=\"sm\">Crit\u00e8re<\/th>\r\n<th class=\"\" data-start=\"271\" data-end=\"282\" data-col-size=\"sm\">Donn\u00e9es<\/th>\r\n<\/tr>\r\n<\/thead>\r\n<tbody data-start=\"303\" data-end=\"611\">\r\n<tr data-start=\"303\" data-end=\"352\">\r\n<td data-start=\"303\" data-end=\"318\" data-col-size=\"sm\">Localisation<\/td>\r\n<td data-start=\"318\" data-end=\"352\" data-col-size=\"sm\">Savoie (massif du Beaufortain)<\/td>\r\n<\/tr>\r\n<tr data-start=\"353\" data-end=\"383\">\r\n<td data-start=\"353\" data-end=\"364\" data-col-size=\"sm\">Altitude<\/td>\r\n<td data-start=\"364\" data-end=\"383\" data-col-size=\"sm\">1080 m \u00e0 2320 m<\/td>\r\n<\/tr>\r\n<tr data-start=\"384\" data-end=\"419\">\r\n<td data-start=\"384\" data-end=\"402\" data-col-size=\"sm\">Domaine skiable<\/td>\r\n<td data-start=\"402\" data-end=\"419\" data-col-size=\"sm\">Environ 50 km<\/td>\r\n<\/tr>\r\n<tr data-start=\"420\" data-end=\"446\">\r\n<td data-start=\"420\" data-end=\"439\" data-col-size=\"sm\">Nombre de pistes<\/td>\r\n<td data-start=\"439\" data-end=\"446\" data-col-size=\"sm\">~30<\/td>\r\n<\/tr>\r\n<tr data-start=\"447\" data-end=\"493\">\r\n<td data-start=\"447\" data-end=\"465\" data-col-size=\"sm\">Type de station<\/td>\r\n<td data-start=\"465\" data-end=\"493\" data-col-size=\"sm\">Familiale et authentique<\/td>\r\n<\/tr>\r\n<tr data-start=\"494\" data-end=\"555\">\r\n<td data-start=\"494\" data-end=\"513\" data-col-size=\"sm\">Activit\u00e9s phares<\/td>\r\n<td data-start=\"513\" data-end=\"555\" data-col-size=\"sm\">Ski de randonn\u00e9e, ski alpin, randonn\u00e9e<\/td>\r\n<\/tr>\r\n<tr data-start=\"556\" data-end=\"611\">\r\n<td data-start=\"556\" data-end=\"573\" data-col-size=\"sm\">P\u00e9riode id\u00e9ale<\/td>\r\n<td data-start=\"573\" data-end=\"611\" data-col-size=\"sm\">D\u00e9cembre \u00e0 mars \/ juin \u00e0 septembre<\/td>\r\n<\/tr>\r\n<\/tbody>\r\n<\/table>\r\n<\/div>\r\n<\/div>\r\n<p data-start=\"613\" data-end=\"767\">Selon , ces donn\u00e9es confirment le positionnement de Ar\u00eaches Beaufort comme une station \u00e0 taille humaine, orient\u00e9e vers la nature et les activit\u00e9s outdoor.<\/p>\r\n\r\n\r\n<hr data-start=\"769\" data-end=\"772\">\r\n\r\n<h2 data-section-id=\"ph43bk\" data-start=\"774\" data-end=\"809\">\ud83e\uddf3 \u00c9tude de cas : un s\u00e9jour type<\/h2>\r\n<p data-start=\"811\" data-end=\"1017\">Pour mieux se projeter, voici un exemple concret d\u2019organisation de vacances \u00e0 Ar\u00eaches Beaufort sur une semaine en hiver. Cette approche permet de visualiser l\u2019exp\u00e9rience globale propos\u00e9e par la destination.<\/p>\r\n\r\n<h3 data-section-id=\"17dur9o\" data-start=\"1019\" data-end=\"1053\">\ud83d\udcc5 Exemple de s\u00e9jour (7 jours)<\/h3>\r\n<ul data-start=\"1055\" data-end=\"1344\">\r\n \t<li data-section-id=\"2uolym\" data-start=\"1055\" data-end=\"1131\"><strong data-start=\"1057\" data-end=\"1067\">Jour 1<\/strong> : arriv\u00e9e et installation dans la location \u00e0 Ar\u00eaches Beaufort<\/li>\r\n \t<li data-section-id=\"r8odk\" data-start=\"1132\" data-end=\"1203\"><strong data-start=\"1134\" data-end=\"1148\">Jour 2 \u00e0 4<\/strong> : ski alpin sur le domaine + d\u00e9couverte des secteurs<\/li>\r\n \t<li data-section-id=\"1wy43bp\" data-start=\"1204\" data-end=\"1251\"><strong data-start=\"1206\" data-end=\"1216\">Jour 5<\/strong> : initiation au ski de randonn\u00e9e<\/li>\r\n \t<li data-section-id=\"1616c0g\" data-start=\"1252\" data-end=\"1309\"><strong data-start=\"1254\" data-end=\"1264\">Jour 6<\/strong> : activit\u00e9 alternative (raquettes ou luge)<\/li>\r\n \t<li data-section-id=\"5anj3j\" data-start=\"1310\" data-end=\"1344\"><strong data-start=\"1312\" data-end=\"1322\">Jour 7<\/strong> : d\u00e9tente et d\u00e9part<\/li>\r\n<\/ul>\r\n<p data-start=\"1346\" data-end=\"1460\">Ce type de s\u00e9jour permet de varier les plaisirs tout en profitant pleinement du cadre naturel de Ar\u00eaches Beaufort.<\/p>\r\n\r\n<h3 data-section-id=\"u84p0y\" data-start=\"1462\" data-end=\"1485\">\ud83d\udcb0 Budget estimatif<\/h3>\r\n<p data-start=\"1487\" data-end=\"1589\">Le co\u00fbt d\u2019un s\u00e9jour d\u00e9pend de plusieurs facteurs, mais voici une estimation moyenne pour une semaine :<\/p>\r\n\r\n<ul data-start=\"1591\" data-end=\"1717\">\r\n \t<li data-section-id=\"15xtm2o\" data-start=\"1591\" data-end=\"1623\">H\u00e9bergement : 500 \u20ac \u00e0 1200 \u20ac<\/li>\r\n \t<li data-section-id=\"hrs0ou\" data-start=\"1624\" data-end=\"1655\">Forfait ski : environ 250 \u20ac<\/li>\r\n \t<li data-section-id=\"1k2mkhr\" data-start=\"1656\" data-end=\"1688\">Restauration : 200 \u20ac \u00e0 400 \u20ac<\/li>\r\n \t<li data-section-id=\"1j7924t\" data-start=\"1689\" data-end=\"1717\">Activit\u00e9s : 50 \u20ac \u00e0 150 \u20ac<\/li>\r\n<\/ul>\r\n<p data-start=\"1719\" data-end=\"1870\">D\u2019apr\u00e8s , Ar\u00eaches Beaufort reste globalement plus abordable que les grandes stations alpines, ce qui en fait une option int\u00e9ressante pour les familles.<\/p>\r\n\r\n<h2 data-section-id=\"e8pebg\" data-start=\"1877\" data-end=\"1922\">Foire Aux Questions sur Ar\u00eaches Beaufort<\/h2>\r\n<h3 data-section-id=\"1uwil0b\" data-start=\"1924\" data-end=\"1979\">\u2753 Ar\u00eaches Beaufort est-elle adapt\u00e9e aux d\u00e9butants ?<\/h3>\r\n<p data-start=\"1980\" data-end=\"2097\">Oui, la station propose des pistes vertes et bleues ainsi que des zones d\u2019apprentissage adapt\u00e9es aux skieurs novices.<\/p>\r\n\r\n<h3 data-section-id=\"luo3g5\" data-start=\"2099\" data-end=\"2151\">\u2753 Quelle est la meilleure p\u00e9riode pour visiter ?<\/h3>\r\n<p data-start=\"2152\" data-end=\"2258\">L\u2019hiver est id\u00e9al pour le ski, tandis que l\u2019\u00e9t\u00e9 convient parfaitement aux randonn\u00e9es et activit\u00e9s outdoor.<\/p>\r\n\r\n<h3 data-section-id=\"jg0uw6\" data-start=\"2260\" data-end=\"2312\">\u2753 Peut-on faire du ski de randonn\u00e9e facilement ?<\/h3>\r\n<p data-start=\"2313\" data-end=\"2407\">Oui, Ar\u00eaches Beaufort est m\u00eame une r\u00e9f\u00e9rence dans ce domaine gr\u00e2ce \u00e0 ses nombreux itin\u00e9raires.<\/p>\r\n\r\n<h3 data-section-id=\"ny9d2\" data-start=\"2409\" data-end=\"2442\">\u2753 La station est-elle ch\u00e8re ?<\/h3>\r\n<p data-start=\"2443\" data-end=\"2547\">Globalement, les prix sont plus accessibles que dans les grandes stations, notamment pour l\u2019h\u00e9bergement.<\/p>\r\n\r\n<h3 data-section-id=\"atfx4n\" data-start=\"2549\" data-end=\"2593\">\u2753 Y a-t-il beaucoup de monde en saison ?<\/h3>\r\n<p data-start=\"2594\" data-end=\"2662\">La fr\u00e9quentation reste mod\u00e9r\u00e9e, sauf pendant les vacances scolaires.<\/p>\r\n\r\n<h3 data-section-id=\"24wzvf\" data-start=\"2664\" data-end=\"2692\">\u2753 Que faire sans skier ?<\/h3>\r\n<p data-start=\"2693\" data-end=\"2776\">Raquettes, luge, balades et d\u00e9couverte du terroir sont des alternatives populaires.<\/p>\r\n\r\n<h3 data-section-id=\"1tp4ghg\" data-start=\"2778\" data-end=\"2829\">\u2753 Quelle diff\u00e9rence entre Ar\u00eaches et Beaufort ?<\/h3>\r\n<p data-start=\"2830\" data-end=\"2921\">Ar\u00eaches est plus proche des pistes, tandis que Beaufort offre un cadre plus calme et local.<\/p>\r\n\r\n<h2 data-section-id=\"20nd6j\" data-start=\"2928\" data-end=\"2944\">Conclusion<\/h2>\r\n<p data-start=\"2946\" data-end=\"3228\">Ar\u00eaches Beaufort s\u2019impose comme une destination id\u00e9ale pour les voyageurs \u00e0 la recherche d\u2019authenticit\u00e9 et de nature. Gr\u00e2ce \u00e0 son domaine skiable vari\u00e9, ses nombreuses activit\u00e9s et son ambiance conviviale, la station offre une exp\u00e9rience diff\u00e9rente des grandes destinations alpines.<\/p>\r\n<p data-start=\"3230\" data-end=\"3540\">Que ce soit pour un s\u00e9jour en hiver ou en \u00e9t\u00e9, Ar\u00eaches Beaufort permet de profiter pleinement de la montagne dans un cadre pr\u00e9serv\u00e9. Son positionnement \u00e0 taille humaine, associ\u00e9 \u00e0 des tarifs plus accessibles, en fait une option particuli\u00e8rement int\u00e9ressante pour les familles et les amateurs de sports outdoor.<\/p>\r\n<p data-start=\"3547\" data-end=\"3677\">Pour en savoir plus sur l\u2019histoire et les caract\u00e9ristiques de cette destination, vous pouvez consulter cet lien : <a href=\"https:\/\/www.areches-beaufort.com\/\" target=\"_blank\" rel=\"noopener\">https:\/\/www.areches-beaufort.com\/\u00a0<\/a><\/p>\t\t\t\t\t\t\t\t<\/div>\n\t\t\t\t\t<\/div>\n\t\t\t\t<\/div>\n\t\t<aside class=\"elementor-element elementor-element-6b47dca e-flex e-con-boxed e-con e-parent\" data-id=\"6b47dca\" data-element_type=\"container\" data-e-type=\"container\">\n\t\t\t\t\t<div class=\"e-con-inner\">\n\t\t\t\t<div class=\"elementor-element elementor-element-f4838ad elementor-widget elementor-widget-listeo-posts-grid\" data-id=\"f4838ad\" data-element_type=\"widget\" data-e-type=\"widget\" data-widget_type=\"listeo-posts-grid.default\">\n\t\t\t\t<div class=\"elementor-widget-container\">\n\t\t\t\t\t\t\t\n\t\t<div class=\"listeo-post-grid-wrapper\">\n\t\t\t<div class=\"row\">\n\n\t\t\t\n\n\t\t\t\t\t\t\t<div class=\"col-md-4\">\n                <a href=\"https:\/\/cparici.com\/de\/aix-les-bains\/\" class=\"blog-compact-item-container\">\n                    <div class=\"blog-compact-item\">\n                        <img decoding=\"async\" width=\"577\" height=\"204\" src=\"https:\/\/cparici.com\/wp-content\/uploads\/2024\/08\/aix-les-bains.jpg\" class=\"attachment-listeo-blog-related-post size-listeo-blog-related-post wp-post-image\" alt=\"aix les bains\" srcset=\"https:\/\/cparici.com\/wp-content\/uploads\/2024\/08\/aix-les-bains.jpg 1500w, https:\/\/cparici.com\/wp-content\/uploads\/2024\/08\/aix-les-bains-600x212.jpg 600w, https:\/\/cparici.com\/wp-content\/uploads\/2024\/08\/aix-les-bains-300x106.jpg 300w, https:\/\/cparici.com\/wp-content\/uploads\/2024\/08\/aix-les-bains-1024x362.jpg 1024w, https:\/\/cparici.com\/wp-content\/uploads\/2024\/08\/aix-les-bains-768x271.jpg 768w\" sizes=\"(max-width: 577px) 100vw, 577px\" \/><span class=\"blog-item-tag\">Aix les Bains<\/span>                        \n                        <div class=\"blog-compact-item-content\">\n                                                        <h3>Aix les bains \u2013 guide pour tourisme et loisirs<\/h3>\n                                                        <p>Aix les bains : d\u00e9couvrez la perle des Alpes. Ce guide complet vous offre des...                            <\/p>\n                                                    <\/div>\n                    <\/div>\n                <\/a>\n            <\/div>\n\t\t\t<div class=\"col-md-4\">\n                <a href=\"https:\/\/cparici.com\/de\/chambery-guide-complet\/\" class=\"blog-compact-item-container\">\n                    <div class=\"blog-compact-item\">\n                        <img decoding=\"async\" width=\"577\" height=\"204\" src=\"https:\/\/cparici.com\/wp-content\/uploads\/2026\/03\/Chambery-577x204.jpg\" class=\"attachment-listeo-blog-related-post size-listeo-blog-related-post wp-post-image\" alt=\"Chamb\u00e9ry\" srcset=\"https:\/\/cparici.com\/wp-content\/uploads\/2026\/03\/Chambery-577x204.jpg 577w, https:\/\/cparici.com\/wp-content\/uploads\/2026\/03\/Chambery-300x106.jpg 300w, https:\/\/cparici.com\/wp-content\/uploads\/2026\/03\/Chambery-1024x362.jpg 1024w, https:\/\/cparici.com\/wp-content\/uploads\/2026\/03\/Chambery-768x271.jpg 768w, https:\/\/cparici.com\/wp-content\/uploads\/2026\/03\/Chambery-18x6.jpg 18w, https:\/\/cparici.com\/wp-content\/uploads\/2026\/03\/Chambery-590x208.jpg 590w, https:\/\/cparici.com\/wp-content\/uploads\/2026\/03\/Chambery-1200x424.jpg 1200w, https:\/\/cparici.com\/wp-content\/uploads\/2026\/03\/Chambery-1320x466.jpg 1320w, https:\/\/cparici.com\/wp-content\/uploads\/2026\/03\/Chambery-600x212.jpg 600w, https:\/\/cparici.com\/wp-content\/uploads\/2026\/03\/Chambery.jpg 1500w\" sizes=\"(max-width: 577px) 100vw, 577px\" \/><span class=\"blog-item-tag\">Auvergne Rh\u00f4ne Alpes<\/span>                        \n                        <div class=\"blog-compact-item-content\">\n                                                        <h3>Chamb\u00e9ry : guide complet pour visiter la capitale savoyarde<\/h3>\n                                                        <p>Recherches populaires Categories Pas de r\u00e9sultats Voir tous les r\u00e9sultats Chamb\u00e9ry : guide complet pour...                            <\/p>\n                                                    <\/div>\n                    <\/div>\n                <\/a>\n            <\/div>\n\t\t\t<div class=\"col-md-4\">\n                <a href=\"https:\/\/cparici.com\/de\/location-de-vacances-savoie\/\" class=\"blog-compact-item-container\">\n                    <div class=\"blog-compact-item\">\n                        <img decoding=\"async\" width=\"577\" height=\"204\" src=\"https:\/\/cparici.com\/wp-content\/uploads\/2026\/03\/location-de-vacances-savoie-577x204.jpg\" class=\"attachment-listeo-blog-related-post size-listeo-blog-related-post wp-post-image\" alt=\"location de vacances savoie\" srcset=\"https:\/\/cparici.com\/wp-content\/uploads\/2026\/03\/location-de-vacances-savoie-577x204.jpg 577w, https:\/\/cparici.com\/wp-content\/uploads\/2026\/03\/location-de-vacances-savoie-300x106.jpg 300w, https:\/\/cparici.com\/wp-content\/uploads\/2026\/03\/location-de-vacances-savoie-1024x362.jpg 1024w, https:\/\/cparici.com\/wp-content\/uploads\/2026\/03\/location-de-vacances-savoie-768x271.jpg 768w, https:\/\/cparici.com\/wp-content\/uploads\/2026\/03\/location-de-vacances-savoie-18x6.jpg 18w, https:\/\/cparici.com\/wp-content\/uploads\/2026\/03\/location-de-vacances-savoie-590x208.jpg 590w, https:\/\/cparici.com\/wp-content\/uploads\/2026\/03\/location-de-vacances-savoie-1200x424.jpg 1200w, https:\/\/cparici.com\/wp-content\/uploads\/2026\/03\/location-de-vacances-savoie-1320x466.jpg 1320w, https:\/\/cparici.com\/wp-content\/uploads\/2026\/03\/location-de-vacances-savoie-600x212.jpg 600w, https:\/\/cparici.com\/wp-content\/uploads\/2026\/03\/location-de-vacances-savoie.jpg 1500w\" sizes=\"(max-width: 577px) 100vw, 577px\" \/><span class=\"blog-item-tag\">Auvergne Rh\u00f4ne Alpes<\/span>                        \n                        <div class=\"blog-compact-item-content\">\n                                                        <h3>Location de vacances Savoie : guide complet pour r\u00e9ussir votre s\u00e9jour<\/h3>\n                                                        <p>Recherches populaires Categories Pas de r\u00e9sultats Voir tous les r\u00e9sultats Location de vacances Savoie :...                            <\/p>\n                                                    <\/div>\n                    <\/div>\n                <\/a>\n            <\/div>\n  <\/div>\n        <\/div>\n        \t\t\t\t<\/div>\n\t\t\t\t<\/div>\n\t\t\t\t\t<\/div>\n\t\t\t\t<\/aside>\n\t\t<div class=\"elementor-element elementor-element-79d20ceb e-flex e-con-boxed e-con e-parent\" data-id=\"79d20ceb\" data-element_type=\"container\" data-e-type=\"container\">\n\t\t\t\t\t<div class=\"e-con-inner\">\n\t\t<div class=\"elementor-element elementor-element-2f986134 e-con-full e-flex e-con e-child\" data-id=\"2f986134\" data-element_type=\"container\" data-e-type=\"container\">\n\t\t\t\t<div class=\"elementor-element elementor-element-5de41e1 elementor-widget elementor-widget-text-editor\" data-id=\"5de41e1\" data-element_type=\"widget\" data-e-type=\"widget\" data-widget_type=\"text-editor.default\">\n\t\t\t\t\t\t\t\t\t<p>Cet article a \u00e9t\u00e9 r\u00e9dig\u00e9 par Alex Arts,\u00a0<a href=\"https:\/\/alexantoine-photos.weebly.com\/\" target=\"_blank\" rel=\"noopener\">photographe<\/a>,\u00a0<a href=\"https:\/\/www.linkedin.com\/in\/alex-b-arts\/\" target=\"_blank\" rel=\"noopener\">cr\u00e9ateur de contenu<\/a>, et <a href=\"https:\/\/www.google.com\/maps\/contrib\/100986619723712834113\/reviews\/@45.8933481,-4.1449199,6z\/data=!4m3!8m2!3m1!1e1?entry=ttu&g_ep=EgoyMDI1MTIwOS4wIKXMDSoKLDEwMDc5MjA2OUgBUAM%3D\" target=\"_blank\" rel=\"noopener\">guide local de niveau 6 sur Google Maps<\/a><\/p>\t\t\t\t\t\t\t\t<\/div>\n\t\t\t\t<div class=\"elementor-element elementor-element-37e28ab0 elementor-widget elementor-widget-author-box\" data-id=\"37e28ab0\" data-element_type=\"widget\" data-e-type=\"widget\" data-widget_type=\"author-box.default\">\n\t\t\t\t\t\t\t<div class=\"elementor-author-box\">\n\t\t\t\t\t\t\t<a href=\"https:\/\/www.linkedin.com\/in\/alex-b-arts\/\" class=\"elementor-author-box__avatar\" target=\"_blank\" rel=\"noopener\">\n\t\t\t\t\t<img decoding=\"async\" src=\"https:\/\/cparici.com\/wp-content\/uploads\/2024\/09\/photo-alex-arts-300x300.jpeg\" alt=\"Bild von Alex Arts\" loading=\"lazy\">\n\t\t\t\t<\/a>\n\t\t\t\n\t\t\t<div class=\"elementor-author-box__text\">\n\t\t\t\t\t\t\t\t\t<a href=\"https:\/\/www.linkedin.com\/in\/alex-b-arts\/\" target=\"_blank\" rel=\"noopener\">\n\t\t\t\t\t\t<h4 class=\"elementor-author-box__name\">\n\t\t\t\t\t\t\tAlex Arts\t\t\t\t\t\t<\/h4>\n\t\t\t\t\t<\/a>\n\t\t\t\t\n\t\t\t\t\t\t\t\t\t<div class=\"elementor-author-box__bio\">\n\t\t\t\t\t\t<p>Photographe, cr\u00e9ateur de contenu et local guide<\/p>\n\t\t\t\t\t<\/div>\n\t\t\t\t\n\t\t\t\t\t\t\t<\/div>\n\t\t<\/div>\n\t\t\t\t\t\t<\/div>\n\t\t\t\t<\/div>\n\t\t\t\t\t<\/div>\n\t\t\t\t<\/div>\n\t\t\t\t<\/div>\n\t\t","protected":false},"excerpt":{"rendered":"<p>Recherches populaires Categories Pas de r\u00e9sultats Voir tous les r\u00e9sultats Ar\u00eaches Beaufort : guide complet station et vacances R\u00e9sum\u00e9 AI Overview Ar\u00eaches Beaufort est une station de montagne situ\u00e9e en Savoie, reconnue pour son authenticit\u00e9, son environnement pr\u00e9serv\u00e9 et son positionnement unique autour du ski de randonn\u00e9e. Contrairement aux grandes stations alpines tr\u00e8s fr\u00e9quent\u00e9es, ce [&hellip;]<\/p>\n","protected":false},"author":97,"featured_media":89906,"comment_status":"closed","ping_status":"closed","sticky":false,"template":"elementor_header_footer","format":"standard","meta":{"ngg_post_thumbnail":0,"footnotes":""},"categories":[3042,1359,1167,477,1397],"tags":[],"class_list":["post-89895","post","type-post","status-publish","format-standard","has-post-thumbnail","hentry","category-areches-beaufort","category-alpes","category-auvergne-rhone-alpes","category-france","category-savoie"],"_links":{"self":[{"href":"https:\/\/cparici.com\/de\/wp-json\/wp\/v2\/posts\/89895","targetHints":{"allow":["GET"]}}],"collection":[{"href":"https:\/\/cparici.com\/de\/wp-json\/wp\/v2\/posts"}],"about":[{"href":"https:\/\/cparici.com\/de\/wp-json\/wp\/v2\/types\/post"}],"author":[{"embeddable":true,"href":"https:\/\/cparici.com\/de\/wp-json\/wp\/v2\/users\/97"}],"replies":[{"embeddable":true,"href":"https:\/\/cparici.com\/de\/wp-json\/wp\/v2\/comments?post=89895"}],"version-history":[{"count":6,"href":"https:\/\/cparici.com\/de\/wp-json\/wp\/v2\/posts\/89895\/revisions"}],"predecessor-version":[{"id":89926,"href":"https:\/\/cparici.com\/de\/wp-json\/wp\/v2\/posts\/89895\/revisions\/89926"}],"wp:featuredmedia":[{"embeddable":true,"href":"https:\/\/cparici.com\/de\/wp-json\/wp\/v2\/media\/89906"}],"wp:attachment":[{"href":"https:\/\/cparici.com\/de\/wp-json\/wp\/v2\/media?parent=89895"}],"wp:term":[{"taxonomy":"category","embeddable":true,"href":"https:\/\/cparici.com\/de\/wp-json\/wp\/v2\/categories?post=89895"},{"taxonomy":"post_tag","embeddable":true,"href":"https:\/\/cparici.com\/de\/wp-json\/wp\/v2\/tags?post=89895"}],"curies":[{"name":"wp","href":"https:\/\/api.w.org\/{rel}","templated":true}]}}