{"id":89904,"date":"2026-04-30T18:21:28","date_gmt":"2026-04-30T16:21:28","guid":{"rendered":"https:\/\/cparici.com\/?p=89904"},"modified":"2026-04-30T18:24:34","modified_gmt":"2026-04-30T16:24:34","slug":"agenda-aix-les-bains-calendrier-complet-des-evenements","status":"publish","type":"post","link":"https:\/\/cparici.com\/de\/agenda-aix-les-bains-calendrier-complet-des-evenements\/","title":{"rendered":"Agenda Aix-les-Bains: Vollst\u00e4ndiger Veranstaltungskalender"},"content":{"rendered":"\t\t<div data-elementor-type=\"wp-post\" data-elementor-id=\"89904\" class=\"elementor elementor-89904\" data-elementor-post-type=\"post\">\n\t\t\t\t<div class=\"elementor-element elementor-element-e5ef557 e-con-full e-flex e-con e-parent\" data-id=\"e5ef557\" data-element_type=\"container\" data-e-type=\"container\">\n\t\t\t\t<div class=\"elementor-element elementor-element-73b2d6e elementor-widget elementor-widget-image\" data-id=\"73b2d6e\" data-element_type=\"widget\" data-e-type=\"widget\" data-widget_type=\"image.default\">\n\t\t\t\t\t\t\t\t\t\t\t\t\t\t\t<img decoding=\"async\" width=\"1670\" height=\"598\" src=\"https:\/\/cparici.com\/wp-content\/uploads\/2026\/04\/Agenda-Aix-les-Bains-1.jpg\" class=\"attachment-full size-full wp-image-89983\" alt=\"Agenda Aix-les-Bains\" srcset=\"https:\/\/cparici.com\/wp-content\/uploads\/2026\/04\/Agenda-Aix-les-Bains-1.jpg 1670w, https:\/\/cparici.com\/wp-content\/uploads\/2026\/04\/Agenda-Aix-les-Bains-1-300x107.jpg 300w, https:\/\/cparici.com\/wp-content\/uploads\/2026\/04\/Agenda-Aix-les-Bains-1-1024x367.jpg 1024w, https:\/\/cparici.com\/wp-content\/uploads\/2026\/04\/Agenda-Aix-les-Bains-1-768x275.jpg 768w, https:\/\/cparici.com\/wp-content\/uploads\/2026\/04\/Agenda-Aix-les-Bains-1-1536x550.jpg 1536w, https:\/\/cparici.com\/wp-content\/uploads\/2026\/04\/Agenda-Aix-les-Bains-1-18x6.jpg 18w, https:\/\/cparici.com\/wp-content\/uploads\/2026\/04\/Agenda-Aix-les-Bains-1-590x211.jpg 590w, https:\/\/cparici.com\/wp-content\/uploads\/2026\/04\/Agenda-Aix-les-Bains-1-1200x430.jpg 1200w, https:\/\/cparici.com\/wp-content\/uploads\/2026\/04\/Agenda-Aix-les-Bains-1-577x207.jpg 577w, https:\/\/cparici.com\/wp-content\/uploads\/2026\/04\/Agenda-Aix-les-Bains-1-1320x473.jpg 1320w, https:\/\/cparici.com\/wp-content\/uploads\/2026\/04\/Agenda-Aix-les-Bains-1-600x215.jpg 600w\" sizes=\"(max-width: 1670px) 100vw, 1670px\" \/>\t\t\t\t\t\t\t\t\t\t\t\t\t\t\t<\/div>\n\t\t\t\t<\/div>\n\t\t<aside class=\"elementor-element elementor-element-fb0057a e-flex e-con-boxed e-con e-parent\" data-id=\"fb0057a\" data-element_type=\"container\" data-e-type=\"container\">\n\t\t\t\t\t<div class=\"e-con-inner\">\n\t\t\t\t<div class=\"elementor-element elementor-element-51b89af elementor-widget elementor-widget-global elementor-global-62046 elementor-widget-eael-advanced-search\" data-id=\"51b89af\" data-element_type=\"widget\" data-e-type=\"widget\" data-widget_type=\"eael-advanced-search.default\">\n\t\t\t\t\t        <div class=\"eael-adv-search-wrapper\">\n            <div id=\"eael-advanced-search-widget-51b89af\" class=\"eael-advanced-search-widget\">\n                <form data-settings=\"{&quot;post_per_page&quot;:5,&quot;search_among_taxonomies&quot;:&quot;&quot;,&quot;search_among_sku&quot;:&quot;no&quot;,&quot;show_popular_keyword&quot;:0,&quot;show_category&quot;:0,&quot;show_content_image&quot;:1,&quot;show_search_result_all_results&quot;:0,&quot;result_on_new_tab&quot;:&quot;no&quot;,&quot;show_product_price&quot;:&quot;no&quot;,&quot;include_current_page&quot;:&quot;no&quot;,&quot;orderby&quot;:&quot;default&quot;,&quot;order&quot;:&quot;DESC&quot;,&quot;current_post_id&quot;:89904,&quot;post_type&quot;:[&quot;post&quot;,&quot;listing&quot;]}\" method=\"POST\" name=\"eael-advanced-search-form-51b89af\" class=\"eael-advanced-search-form eael-advanced-search-form-style-2\">\n                    <div class=\"eael-advanced-search-wrap\">\n                        <span class=\"eael-adv-search-loader\"><\/span>\n                        <span class=\"eael-adv-search-close\"><i class=\"fas fa-times\"><\/i><\/span>\n                        <span class=\"icon \"><i class=\"fas fa-search\"><\/i><\/span>\n\n                        <input type=\"text\"\n                               placeholder=\"Votre destination\"\n                               class=\"eael-advanced-search\" autocomplete=\"off\" name=\"eael_advanced_search\">\n                    <\/div>\n\t\t\t\t\t                                    <\/form>\n\n\t\t\t\t\n\t\t\t\t        <div class=\"eael-advanced-search-result\">\n            <div class=\"eael-advanced-search-popular-keyword\">\n\t\t\t\t<h4 class=\"eael-advanced-search-popular-keyword-text\">Recherches populaires<\/h4>                <div class=\"eael-popular-keyword-content\"><\/div>\n            <\/div>\n            <div class=\"eael-advanced-search-category\">\n\t\t\t\t<h4 class=\"eael-advanced-search-category-text\">Categories<\/h4>                <div class=\"eael-popular-category-content\"><\/div>\n            <\/div>\n\t\t\t<div class=\"eael-advanced-search-total-results-section\">\n\t\t\t\t\t\t\t<\/div>\n            <div class=\"eael-advanced-search-content eael-item-style-3\">\n            <\/div>\n            <div class=\"eael-advanced-search-not-found\">\n                <p>Pas de r\u00e9sultats<\/p><\/div>\n            <div class=\"eael-advanced-search-load-more\">\n\t\t\t\t<a \tclass=\"eael-advanced-search-load-more-button\"\n                \thref=\"#\">Voir tous les r\u00e9sultats<\/a>\n            <\/div>\n        <\/div>\n\n\t\t            <\/div>\n        <\/div>\n\n\t\t\t\t\t\t<\/div>\n\t\t\t\t\t<\/div>\n\t\t\t\t<\/aside>\n\t\t<div class=\"elementor-element elementor-element-759e39ce e-flex e-con-boxed e-con e-parent\" data-id=\"759e39ce\" data-element_type=\"container\" data-e-type=\"container\">\n\t\t\t\t\t<div class=\"e-con-inner\">\n\t\t\t\t<div class=\"elementor-element elementor-element-62d41b52 elementor-widget elementor-widget-text-editor\" data-id=\"62d41b52\" data-element_type=\"widget\" data-e-type=\"widget\" data-widget_type=\"text-editor.default\">\n\t\t\t\t\t\t\t\t\t<h1 style=\"text-align: center;\" data-section-id=\"1kmfpeo\" data-start=\"197\" data-end=\"260\">Agenda Aix-les-Bains 2026 : calendrier complet des \u00e9v\u00e9nements<\/h1>\r\n<h2 data-section-id=\"12xe6g4\" data-start=\"262\" data-end=\"286\">R\u00e9sum\u00e9<\/h2>\r\n<p data-start=\"287\" data-end=\"643\">L\u2019agenda Aix-les-Bains 2026 regroupe tous les \u00e9v\u00e9nements majeurs organis\u00e9s \u00e0 <span class=\"hover:entity-accent entity-underline inline cursor-pointer align-baseline\"><span class=\"whitespace-normal\">Aix-les-Bains<\/span><\/span> : festivals, spectacles, comp\u00e9titions sportives et animations locales. Gr\u00e2ce \u00e0 sa situation au bord du <a href=\"https:\/\/cparici.com\/lac-du-bourget\/\"><span class=\"hover:entity-accent entity-underline inline cursor-pointer align-baseline\"><span class=\"whitespace-normal\">Lac du Bourget<\/span><\/span><\/a>, la ville propose une programmation riche toute l\u2019ann\u00e9e, avec un pic d\u2019activit\u00e9 entre avril et ao\u00fbt.<\/p>\r\n\r\n<h2 data-section-id=\"14nxu85\" data-start=\"650\" data-end=\"667\">Introduction<\/h2>\r\n<p data-start=\"669\" data-end=\"1195\">L\u2019agenda Aix-les-Bains est l\u2019outil indispensable pour planifier un s\u00e9jour dans cette destination touristique majeure du pays. Entre \u00e9v\u00e9nements culturels, sportifs et festifs, l\u2019agenda Aix-les-Bains permet de d\u00e9couvrir une ville dynamique en toute saison. En 2026, la programmation confirme la tendance observ\u00e9e dans les meilleurs r\u00e9sultats Google : une forte saisonnalit\u00e9 avec un pic estival autour des festivals internationaux.<\/p>\r\n\r\n\r\n<hr>\r\n\r\n<h3 style=\"text-align: center;\" data-start=\"669\" data-end=\"1195\">Pour en savoir plus sur Aix-les Bains, <a href=\"https:\/\/cparici.com\/aix-les-bains\/\">c\u2019est par ici!<\/a><\/h3>\r\n\r\n<hr>\r\n\r\n<h2 data-section-id=\"10sksbq\" data-start=\"1202\" data-end=\"1248\">Janvier 2026 : fin des festivit\u00e9s d\u2019hiver<\/h2>\r\n<h3 data-section-id=\"b66mtv\" data-start=\"1250\" data-end=\"1296\">Jusqu\u2019au 3 janvier 2026 \u2013 March\u00e9 de No\u00ebl<\/h3>\r\n<p data-start=\"1297\" data-end=\"1396\">Install\u00e9 autour du <span class=\"hover:entity-accent entity-underline inline cursor-pointer align-baseline\"><span class=\"whitespace-normal\">Casino Grand Cercle<\/span><\/span>, cet \u00e9v\u00e9nement cl\u00f4ture l\u2019ann\u00e9e pr\u00e9c\u00e9dente.<\/p>\r\n<p data-start=\"1398\" data-end=\"1647\"><strong data-start=\"1398\" data-end=\"1415\">Description :<\/strong><br data-start=\"1415\" data-end=\"1418\">Le march\u00e9 propose une trentaine de chalets avec artisans locaux, produits r\u00e9gionaux et animations hivernales (spectacles, illuminations, musique). Ce type d\u2019\u00e9v\u00e9nement attire plusieurs milliers de visiteurs chaque ann\u00e9e en Savoie.<\/p>\r\n<p data-start=\"1649\" data-end=\"1695\"><strong data-start=\"1649\" data-end=\"1661\">Source :<\/strong> programmation touristique locale.<\/p>\r\n\r\n<h3 data-section-id=\"tycmkd\" data-start=\"1702\" data-end=\"1745\">Toute l\u2019ann\u00e9e \u2013 March\u00e9s hebdomadaires<\/h3>\r\n<p data-start=\"1746\" data-end=\"1813\">Lieu : Place Cl\u00e9menceau<br data-start=\"1769\" data-end=\"1772\">Dates : chaque mercredi et samedi matin<\/p>\r\n<p data-start=\"1815\" data-end=\"1980\"><strong data-start=\"1815\" data-end=\"1832\">Description :<\/strong><br data-start=\"1832\" data-end=\"1835\">Ces march\u00e9s traditionnels sont un pilier de l\u2019agenda Aix-les-Bains. On y retrouve produits du terroir, fromages savoyards et sp\u00e9cialit\u00e9s locales.<\/p>\r\n\r\n<h2 data-section-id=\"xuoe6s\" data-start=\"1987\" data-end=\"2034\">F\u00e9vrier 2026<\/h2>\r\n<h3 data-section-id=\"11jd4ss\" data-start=\"2036\" data-end=\"2074\">14 f\u00e9vrier 2026 \u2013 Saint-Valentin<\/h3>\r\n<p data-start=\"2075\" data-end=\"2120\">Animations dans les restaurants et au casino.<\/p>\r\n<p data-start=\"2122\" data-end=\"2357\"><strong data-start=\"2122\" data-end=\"2139\">Description :<\/strong><br data-start=\"2139\" data-end=\"2142\">Les \u00e9tablissements proposent des menus sp\u00e9ciaux, concerts intimistes et soir\u00e9es \u00e0 th\u00e8me. Cette p\u00e9riode est consid\u00e9r\u00e9e comme une \u201cbasse saison \u00e9v\u00e9nementielle\u201d, confirm\u00e9e par les analyses SEO des agendas touristiques.<\/p>\r\n\r\n<h2 data-section-id=\"81hs9m\" data-start=\"2364\" data-end=\"2398\">Mars 2026<\/h2>\r\n<h3 data-section-id=\"1ipqr6a\" data-start=\"2400\" data-end=\"2459\">6 au 8 mars 2026 \u2013 Challenge national U15 de biathlon<\/h3>\r\n<p data-start=\"2460\" data-end=\"2506\">Lieu : <span class=\"hover:entity-accent entity-underline inline cursor-pointer align-baseline\"><span class=\"whitespace-normal\">Le Revard<\/span><\/span><\/p>\r\n<p data-start=\"2508\" data-end=\"2657\"><strong data-start=\"2508\" data-end=\"2525\">Description :<\/strong><br data-start=\"2525\" data-end=\"2528\">Comp\u00e9tition nationale regroupant de jeunes athl\u00e8tes. Le biathlon combine ski de fond et tir, discipline tr\u00e8s populaire en France.<\/p>\r\n<p data-start=\"2659\" data-end=\"2740\"><strong data-start=\"2659\" data-end=\"2676\">Chiffre cl\u00e9 :<\/strong> plusieurs centaines de participants sur ce type de comp\u00e9tition.<\/p>\r\n\r\n<h2 data-section-id=\"3a8krf\" data-start=\"2747\" data-end=\"2795\">Avril 2026\u00a0<\/h2>\r\n<h3 data-section-id=\"z7h5c5\" data-start=\"2797\" data-end=\"2845\">4 au 12 avril 2026 \u2013 Braderie de printemps<\/h3>\r\n<p data-start=\"2846\" data-end=\"2860\">Centre-ville<\/p>\r\n<p data-start=\"2862\" data-end=\"3039\"><strong data-start=\"2862\" data-end=\"2879\">Description :<\/strong><br data-start=\"2879\" data-end=\"2882\">\u00c9v\u00e9nement commercial majeur avec promotions, stands ext\u00e9rieurs et animations. Les braderies g\u00e9n\u00e8rent une forte fr\u00e9quentation et dynamisent le commerce local.<\/p>\r\n\r\n<h3 data-section-id=\"ns81wd\" data-start=\"3046\" data-end=\"3085\">4 avril au 10 mai 2026 \u2013 M\u00e9gapark<\/h3>\r\n<p data-start=\"3086\" data-end=\"3104\">Esplanade du lac<\/p>\r\n<p data-start=\"3106\" data-end=\"3276\"><strong data-start=\"3106\" data-end=\"3123\">Description :<\/strong><br data-start=\"3123\" data-end=\"3126\">Grande f\u00eate foraine avec attractions, man\u00e8ges et stands. Ce type d\u2019\u00e9v\u00e9nement familial s\u2019\u00e9tend sur plusieurs semaines, attirant touristes et habitants.<\/p>\r\n\r\n<h3 data-section-id=\"q31n04\" data-start=\"3283\" data-end=\"3340\">23 avril 2026 \u2013 Spectacle \u201cC\u2019est si simple l\u2019amour\u201d<\/h3>\r\n<p data-start=\"3342\" data-end=\"3438\"><strong data-start=\"3342\" data-end=\"3359\">Description :<\/strong><br data-start=\"3359\" data-end=\"3362\">Pi\u00e8ce de th\u00e9\u00e2tre humoristique abordant les relations humaines avec l\u00e9g\u00e8ret\u00e9.<\/p>\r\n\r\n<h3 data-section-id=\"1oawdvk\" data-start=\"3445\" data-end=\"3498\">25 avril 2026 \u2013 Les Gorges du Sierroz s\u2019animent<\/h3>\r\n<p data-start=\"3499\" data-end=\"3545\">Lieu : <span class=\"hover:entity-accent entity-underline inline cursor-pointer align-baseline\"><span class=\"whitespace-normal\">Gorges du Sierroz<\/span><\/span><\/p>\r\n<p data-start=\"3547\" data-end=\"3676\"><strong data-start=\"3547\" data-end=\"3564\">Description :<\/strong><br data-start=\"3564\" data-end=\"3567\">Animations nature, ateliers p\u00e9dagogiques et visites guid\u00e9es. L\u2019\u00e9v\u00e9nement met en valeur le patrimoine naturel.<\/p>\r\n\r\n<h3 data-section-id=\"1by52wb\" data-start=\"3683\" data-end=\"3746\">29 au 30 avril 2026 \u2013 Festival Aix Riviera Latina (d\u00e9but)<\/h3>\r\n<h2 data-section-id=\"f4vrqu\" data-start=\"3753\" data-end=\"3791\">Mai 2026 : mois phare de l\u2019agenda<\/h2>\r\n<h3 data-section-id=\"wfi9dc\" data-start=\"3793\" data-end=\"3851\">29 avril au 2 mai 2026 \u2013 Festival Aix Riviera Latina<\/h3>\r\n<p data-start=\"3853\" data-end=\"3987\"><strong data-start=\"3853\" data-end=\"3870\">Description :<\/strong><br data-start=\"3870\" data-end=\"3873\">Festival d\u00e9di\u00e9 aux danses latines avec stages, concerts et soir\u00e9es. Il attire danseurs amateurs et professionnels.<\/p>\r\n\r\n<h3 data-section-id=\"1g86ix\" data-start=\"3994\" data-end=\"4035\">2 au 3 mai 2026 \u2013 Carnaval V\u00e9nitien<\/h3>\r\n<p data-start=\"4036\" data-end=\"4056\">\ud83d\udccd Parc de Verdure<\/p>\r\n<p data-start=\"4058\" data-end=\"4206\"><strong data-start=\"4058\" data-end=\"4085\">Description d\u00e9taill\u00e9e :<\/strong><br data-start=\"4085\" data-end=\"4088\">Inspir\u00e9 du carnaval de Venise, cet \u00e9v\u00e9nement propose d\u00e9ambulations costum\u00e9es, spectacles et pr\u00e9sentation des costumes.<\/p>\r\n<p data-start=\"4208\" data-end=\"4234\"><strong data-start=\"4208\" data-end=\"4232\">Programme officiel :<\/strong><\/p>\r\n\r\n<ul data-start=\"4235\" data-end=\"4344\">\r\n \t<li data-section-id=\"1biqb3s\" data-start=\"4235\" data-end=\"4268\">D\u00e9ambulations \u00e0 partir de 10h<\/li>\r\n \t<li data-section-id=\"13ag42f\" data-start=\"4269\" data-end=\"4344\">Pr\u00e9sentation des costumes \u00e0 15h30<\/li>\r\n<\/ul>\r\n<p data-start=\"4346\" data-end=\"4451\"><strong data-start=\"4346\" data-end=\"4359\">Analyse :<\/strong><br data-start=\"4359\" data-end=\"4362\">C\u2019est l\u2019un des \u00e9v\u00e9nements les plus photog\u00e9niques et populaires de l\u2019agenda Aix-les-Bains.<\/p>\r\n\r\n<h3 data-section-id=\"iadnf5\" data-start=\"4458\" data-end=\"4501\">3 mai 2026 \u2013 Visite guid\u00e9e historique<\/h3>\r\n<p data-start=\"4503\" data-end=\"4605\"><strong data-start=\"4503\" data-end=\"4520\">Description :<\/strong><br data-start=\"4520\" data-end=\"4523\">D\u00e9couverte du patrimoine et de l\u2019histoire li\u00e9e \u00e0 la pr\u00e9sence de la reine Victoria.<\/p>\r\n\r\n<h3 data-section-id=\"1k6qc7\" data-start=\"4612\" data-end=\"4656\">5 mai 2026 \u2013 Nuits c\u00e9lestes savoyardes<\/h3>\r\n<p data-start=\"4658\" data-end=\"4726\"><strong data-start=\"4658\" data-end=\"4675\">Description :<\/strong><br data-start=\"4675\" data-end=\"4678\">Observation du ciel et animations astronomiques.<\/p>\r\n\r\n<h3 data-section-id=\"1ivq7bu\" data-start=\"4733\" data-end=\"4771\">Mai 2026 \u2013 spectacles et th\u00e9\u00e2tre<\/h3>\r\n<ul data-start=\"4773\" data-end=\"4880\">\r\n \t<li data-section-id=\"vrbeus\" data-start=\"4773\" data-end=\"4792\">7 mai : th\u00e9\u00e2tre<\/li>\r\n \t<li data-section-id=\"ram4f8\" data-start=\"4793\" data-end=\"4813\">16 mai : th\u00e9\u00e2tre<\/li>\r\n \t<li data-section-id=\"94zu6a\" data-start=\"4814\" data-end=\"4849\">26 mai : spectacle humoristique<\/li>\r\n \t<li data-section-id=\"rhigpd\" data-start=\"4850\" data-end=\"4880\">31 mai : concert classique<\/li>\r\n<\/ul>\r\n<h2 data-section-id=\"kv8kee\" data-start=\"4887\" data-end=\"4935\">Juin 2026 : lancement de la saison estivale<\/h2>\r\n<h3 data-section-id=\"1glzfr\" data-start=\"4937\" data-end=\"4974\">3 juin 2026 \u2013 Spectacle enfants<\/h3>\r\n<h3 data-section-id=\"147tsvm\" data-start=\"4976\" data-end=\"5027\">12 juin 2026 \u2013 Pr\u00e9sentation saison culturelle<\/h3>\r\n<p data-start=\"5029\" data-end=\"5113\"><strong data-start=\"5029\" data-end=\"5046\">Description :<\/strong><br data-start=\"5046\" data-end=\"5049\">Annonce officielle des \u00e9v\u00e9nements culturels de l\u2019ann\u00e9e suivante.<\/p>\r\n\r\n<h2 data-section-id=\"aglgrd\" data-start=\"5120\" data-end=\"5155\">Juillet 2026 : point culminant<\/h2>\r\n<h3 data-section-id=\"dpqxw6\" data-start=\"5157\" data-end=\"5193\">9 au 12 juillet 2026 \u2013 Musilac<\/h3>\r\n<p data-start=\"5194\" data-end=\"5215\">\ud83d\udccd Esplanade du lac<\/p>\r\n<p data-start=\"5217\" data-end=\"5309\"><strong data-start=\"5217\" data-end=\"5244\">Description d\u00e9taill\u00e9e :<\/strong><br data-start=\"5244\" data-end=\"5247\">Festival de musique majeur r\u00e9unissant artistes internationaux.<\/p>\r\n\r\n<ul data-start=\"5311\" data-end=\"5427\">\r\n \t<li data-section-id=\"1sio9nh\" data-start=\"5311\" data-end=\"5334\">4 jours de concerts<\/li>\r\n \t<li data-section-id=\"ytwlv1\" data-start=\"5335\" data-end=\"5358\">dizaines d\u2019artistes<\/li>\r\n \t<li data-section-id=\"84by80\" data-start=\"5359\" data-end=\"5427\">camping officiel sur place<\/li>\r\n<\/ul>\r\n<p data-start=\"5429\" data-end=\"5514\"><strong data-start=\"5429\" data-end=\"5446\">Analyse SEO :<\/strong><br data-start=\"5446\" data-end=\"5449\">Musilac est le mot-cl\u00e9 dominant associ\u00e9 \u00e0 l\u2019agenda Aix-les-Bains.<\/p>\r\n<p data-start=\"5516\" data-end=\"5603\"><strong data-start=\"5516\" data-end=\"5528\">Source :<\/strong> <a class=\"decorated-link\" href=\"https:\/\/www.musilac.com\/?utm_source=chatgpt.com\" target=\"_new\" rel=\"noopener\" data-start=\"5529\" data-end=\"5601\">Site officiel Musilac<\/a><\/p>\r\n\r\n<h3 data-section-id=\"1dpdn13\" data-start=\"5610\" data-end=\"5648\">14 juillet 2026 \u2013 F\u00eate nationale<\/h3>\r\n<p data-start=\"5650\" data-end=\"5712\"><strong data-start=\"5650\" data-end=\"5667\">Description :<\/strong><br data-start=\"5667\" data-end=\"5670\">Feu d\u2019artifice sur le lac avec animations.<\/p>\r\n\r\n<h3 data-section-id=\"esjq6v\" data-start=\"5719\" data-end=\"5760\">Juillet 2026 \u2013 animations estivales<\/h3>\r\n<ul data-start=\"5762\" data-end=\"5830\">\r\n \t<li data-section-id=\"1le1q3y\" data-start=\"5762\" data-end=\"5783\">march\u00e9s nocturnes<\/li>\r\n \t<li data-section-id=\"z6x27x\" data-start=\"5784\" data-end=\"5806\">concerts plein air<\/li>\r\n \t<li data-section-id=\"15w2wvn\" data-start=\"5807\" data-end=\"5830\">activit\u00e9s nautiques<\/li>\r\n<\/ul>\r\n<h2 data-section-id=\"1w7qhvb\" data-start=\"5837\" data-end=\"5878\">Ao\u00fbt 2026 : dimension internationale<\/h2>\r\n<h3 data-section-id=\"57kvex\" data-start=\"5880\" data-end=\"5926\">27 juillet au 1 ao\u00fbt 2026 \u2013 Gospelcation<\/h3>\r\n<p data-start=\"5928\" data-end=\"6066\"><strong data-start=\"5928\" data-end=\"5945\">Description :<\/strong><br data-start=\"5945\" data-end=\"5948\">Stage musical avec ateliers et concert final.<br data-start=\"5993\" data-end=\"5996\">\ud83d\udc49 m\u00e9lange tourisme et musique<\/p>\r\n\r\n<h3 data-section-id=\"595f98\" data-start=\"6073\" data-end=\"6120\">24 au 30 ao\u00fbt 2026 \u2013 Dragon Boat Festival<\/h3>\r\n<p data-start=\"6122\" data-end=\"6209\"><strong data-start=\"6122\" data-end=\"6149\">Description d\u00e9taill\u00e9e :<\/strong><br data-start=\"6149\" data-end=\"6152\">Comp\u00e9tition internationale de bateaux-dragons sur le lac.<\/p>\r\n\r\n<ul data-start=\"6211\" data-end=\"6334\">\r\n \t<li data-section-id=\"1b2og0d\" data-start=\"6211\" data-end=\"6301\">organis\u00e9 sur le plus grand lac naturel de France<\/li>\r\n \t<li data-section-id=\"lhkmrd\" data-start=\"6302\" data-end=\"6334\">ambiance festive et sportive<\/li>\r\n<\/ul>\r\n<p data-start=\"6336\" data-end=\"6396\"><strong data-start=\"6336\" data-end=\"6349\">Analyse :<\/strong><br data-start=\"6349\" data-end=\"6352\">\u00c9v\u00e9nement unique combinant sport et culture.<\/p>\r\n\r\n<h2 data-section-id=\"1oanca1\" data-start=\"6403\" data-end=\"6444\">Septembre 2026 : transition sportive<\/h2>\r\n<h3 data-section-id=\"1dptf6i\" data-start=\"6446\" data-end=\"6481\">Triathlon (dates \u00e0 confirmer)<\/h3>\r\n<p data-start=\"6483\" data-end=\"6550\"><strong data-start=\"6483\" data-end=\"6500\">Description :<\/strong><br data-start=\"6500\" data-end=\"6503\">Comp\u00e9tition combinant natation, v\u00e9lo et course.<\/p>\r\n\r\n<h2 data-section-id=\"1e3dot2\" data-start=\"6557\" data-end=\"6605\">Octobre 2026 : culture et \u00e9v\u00e9nements locaux<\/h2>\r\n<h3 data-section-id=\"j4lhdg\" data-start=\"6607\" data-end=\"6648\">11 octobre 2026 \u2013 Concert Henri D\u00e8s<\/h3>\r\n<p data-start=\"6650\" data-end=\"6715\"><strong data-start=\"6650\" data-end=\"6667\">Description :<\/strong><br data-start=\"6667\" data-end=\"6670\">Concert familial du c\u00e9l\u00e8bre artiste jeunesse.<\/p>\r\n\r\n<h2 data-section-id=\"i3oy9q\" data-start=\"6722\" data-end=\"6760\">Novembre 2026 : \u00e9v\u00e9nements indoor<\/h2>\r\n<h3 data-section-id=\"309ywr\" data-start=\"6762\" data-end=\"6788\">Festival de Scrabble<\/h3>\r\n<p data-start=\"6790\" data-end=\"6867\"><strong data-start=\"6790\" data-end=\"6807\">Description :<\/strong><br data-start=\"6807\" data-end=\"6810\">Comp\u00e9tition internationale attirant joueurs exp\u00e9riment\u00e9s.<\/p>\r\n\r\n<h2 data-section-id=\"1i2j5je\" data-start=\"6874\" data-end=\"6913\">D\u00e9cembre 2026 : retour de la magie<\/h2>\r\n<h3 data-section-id=\"1jhsbq5\" data-start=\"6915\" data-end=\"6951\">March\u00e9 de No\u00ebl (dates \u00e0 venir)<\/h3>\r\n<p data-start=\"6953\" data-end=\"7019\"><strong data-start=\"6953\" data-end=\"6970\">Description :<\/strong><br data-start=\"6970\" data-end=\"6973\">Illuminations, concerts et chalets artisanaux.<\/p>\r\n\r\n<h2 data-section-id=\"1h7fjqu\" data-start=\"7026\" data-end=\"7061\">Tableau des \u00e9v\u00e9nements majeurs<\/h2>\r\n<div class=\"TyagGW_tableContainer\">\r\n<div class=\"group TyagGW_tableWrapper flex flex-col-reverse w-fit\" tabindex=\"-1\">\r\n<table class=\"w-fit min-w-(--thread-content-width)\" data-start=\"7063\" data-end=\"7403\">\r\n<thead data-start=\"7063\" data-end=\"7091\">\r\n<tr data-start=\"7063\" data-end=\"7091\">\r\n<th class=\"\" data-start=\"7063\" data-end=\"7075\" data-col-size=\"sm\">\u00c9v\u00e9nement<\/th>\r\n<th class=\"\" data-start=\"7075\" data-end=\"7083\" data-col-size=\"sm\">Dates<\/th>\r\n<th class=\"\" data-start=\"7083\" data-end=\"7091\" data-col-size=\"sm\">Type<\/th>\r\n<\/tr>\r\n<\/thead>\r\n<tbody data-start=\"7119\" data-end=\"7403\">\r\n<tr data-start=\"7119\" data-end=\"7156\">\r\n<td data-start=\"7119\" data-end=\"7129\" data-col-size=\"sm\">Musilac<\/td>\r\n<td data-start=\"7129\" data-end=\"7144\" data-col-size=\"sm\">9\u201312 juillet<\/td>\r\n<td data-start=\"7144\" data-end=\"7156\" data-col-size=\"sm\">Festival<\/td>\r\n<\/tr>\r\n<tr data-start=\"7157\" data-end=\"7198\">\r\n<td data-start=\"7157\" data-end=\"7177\" data-col-size=\"sm\">Carnaval V\u00e9nitien<\/td>\r\n<td data-start=\"7177\" data-end=\"7187\" data-col-size=\"sm\">2\u20133 mai<\/td>\r\n<td data-start=\"7187\" data-end=\"7198\" data-col-size=\"sm\">Culture<\/td>\r\n<\/tr>\r\n<tr data-start=\"7199\" data-end=\"7233\">\r\n<td data-start=\"7199\" data-end=\"7210\" data-col-size=\"sm\">M\u00e9gapark<\/td>\r\n<td data-start=\"7210\" data-end=\"7222\" data-col-size=\"sm\">avril\u2013mai<\/td>\r\n<td data-start=\"7222\" data-end=\"7233\" data-col-size=\"sm\">Loisirs<\/td>\r\n<\/tr>\r\n<tr data-start=\"7234\" data-end=\"7265\">\r\n<td data-start=\"7234\" data-end=\"7245\" data-col-size=\"sm\">Braderie<\/td>\r\n<td data-start=\"7245\" data-end=\"7253\" data-col-size=\"sm\">avril<\/td>\r\n<td data-start=\"7253\" data-end=\"7265\" data-col-size=\"sm\">Commerce<\/td>\r\n<\/tr>\r\n<tr data-start=\"7266\" data-end=\"7305\">\r\n<td data-start=\"7266\" data-end=\"7284\" data-col-size=\"sm\">Festival Latina<\/td>\r\n<td data-start=\"7284\" data-end=\"7296\" data-col-size=\"sm\">avril\u2013mai<\/td>\r\n<td data-start=\"7296\" data-end=\"7305\" data-col-size=\"sm\">Danse<\/td>\r\n<\/tr>\r\n<tr data-start=\"7306\" data-end=\"7336\">\r\n<td data-start=\"7306\" data-end=\"7320\" data-col-size=\"sm\">Dragon Boat<\/td>\r\n<td data-start=\"7320\" data-end=\"7327\" data-col-size=\"sm\">ao\u00fbt<\/td>\r\n<td data-start=\"7327\" data-end=\"7336\" data-col-size=\"sm\">Sport<\/td>\r\n<\/tr>\r\n<tr data-start=\"7337\" data-end=\"7364\">\r\n<td data-start=\"7337\" data-end=\"7348\" data-col-size=\"sm\">Biathlon<\/td>\r\n<td data-start=\"7348\" data-end=\"7355\" data-col-size=\"sm\">mars<\/td>\r\n<td data-start=\"7355\" data-end=\"7364\" data-col-size=\"sm\">Sport<\/td>\r\n<\/tr>\r\n<tr data-start=\"7365\" data-end=\"7403\">\r\n<td data-start=\"7365\" data-end=\"7385\" data-col-size=\"sm\">Gorges du Sierroz<\/td>\r\n<td data-start=\"7385\" data-end=\"7393\" data-col-size=\"sm\">avril<\/td>\r\n<td data-start=\"7393\" data-end=\"7403\" data-col-size=\"sm\">Nature<\/td>\r\n<\/tr>\r\n<\/tbody>\r\n<\/table>\r\n<\/div>\r\n<\/div>\r\n<h2 data-section-id=\"1t51gei\" data-start=\"7410\" data-end=\"7437\">\u00c9tude de cas : Musilac<\/h2>\r\n<p data-start=\"7439\" data-end=\"7497\">Musilac est l\u2019\u00e9v\u00e9nement central de l\u2019agenda Aix-les-Bains.<\/p>\r\n\r\n<ul data-start=\"7499\" data-end=\"7594\">\r\n \t<li data-section-id=\"cburtq\" data-start=\"7499\" data-end=\"7529\">plus de 80 000 spectateurs<\/li>\r\n \t<li data-section-id=\"9b9d3n\" data-start=\"7530\" data-end=\"7562\">programmation internationale<\/li>\r\n \t<li data-section-id=\"4ovd65\" data-start=\"7563\" data-end=\"7594\">impact \u00e9conomique important<\/li>\r\n<\/ul>\r\n<p data-start=\"7596\" data-end=\"7691\"><strong data-start=\"7596\" data-end=\"7610\">Citation :<\/strong><br data-start=\"7610\" data-end=\"7613\">\u201cLe festival est un rendez-vous incontournable de l\u2019\u00e9t\u00e9\u201d \u2013 m\u00e9dias sp\u00e9cialis\u00e9s.<\/p>\r\n\r\n<h2 data-section-id=\"1kwdrxo\" data-start=\"7698\" data-end=\"7733\">Comment organiser votre s\u00e9jour<\/h2>\r\n<ol data-start=\"7735\" data-end=\"7859\">\r\n \t<li data-section-id=\"17lafld\" data-start=\"7735\" data-end=\"7772\">Consulter l\u2019agenda Aix-les-Bains<\/li>\r\n \t<li data-section-id=\"sm0ns2\" data-start=\"7773\" data-end=\"7808\">R\u00e9server t\u00f4t pour juillet\/ao\u00fbt<\/li>\r\n \t<li data-section-id=\"1yio9el\" data-start=\"7809\" data-end=\"7859\">Privil\u00e9gier avril \u00e0 juin pour \u00e9viter la foule<\/li>\r\n<\/ol>\r\n<h2 data-section-id=\"x9bttf\" data-start=\"7866\" data-end=\"7874\">FAQ<\/h2>\r\n<h3 data-section-id=\"535fow\" data-start=\"7876\" data-end=\"7917\">Quels sont les \u00e9v\u00e9nements majeurs ?<\/h3>\r\n<p data-start=\"7918\" data-end=\"7958\">Musilac, Carnaval V\u00e9nitien, Dragon Boat.<\/p>\r\n\r\n<h3 data-section-id=\"4437y0\" data-start=\"7960\" data-end=\"7999\">Quelle est la meilleure p\u00e9riode ?<\/h3>\r\n<p data-start=\"8000\" data-end=\"8014\">De mai \u00e0 ao\u00fbt.<\/p>\r\n\r\n<h3 data-section-id=\"juh2fh\" data-start=\"8016\" data-end=\"8073\">L\u2019agenda Aix-les-Bains est-il actif toute l\u2019ann\u00e9e ?<\/h3>\r\n<p data-start=\"8074\" data-end=\"8106\">Oui, avec une activit\u00e9 continue.<\/p>\r\n\r\n<h3 data-section-id=\"6lpu8b\" data-start=\"8108\" data-end=\"8138\">O\u00f9 voir les \u00e9v\u00e9nements ?<\/h3>\r\n<p data-start=\"8139\" data-end=\"8159\">Centre-ville et lac.<\/p>\r\n\r\n<h3 data-section-id=\"10a5r9c\" data-start=\"8161\" data-end=\"8194\">Quels \u00e9v\u00e9nements gratuits ?<\/h3>\r\n<p data-start=\"8195\" data-end=\"8233\">March\u00e9s, animations et feu d\u2019artifice.<\/p>\r\n\r\n<h2 data-section-id=\"14ivhnq\" data-start=\"8240\" data-end=\"8255\">Conclusion<\/h2>\r\n<p data-start=\"8257\" data-end=\"8469\">L\u2019agenda Aix-les-Bains 2026 offre une programmation compl\u00e8te et \u00e9quilibr\u00e9e, entre culture, sport et festivit\u00e9s. Chaque saison propose une exp\u00e9rience diff\u00e9rente, faisant de la ville une destination incontournable.<\/p>\r\n\r\n\r\n<hr data-start=\"8471\" data-end=\"8474\">\r\n<p data-start=\"8476\" data-end=\"8598\">Pour approfondir l\u2019histoire et le patrimoine, consultez cet article <span class=\"hover:entity-accent entity-underline inline cursor-pointer align-baseline\"><span class=\"whitespace-normal\">Aix-les-Bains<\/span><\/span> sur Wikip\u00e9dia.<\/p>\t\t\t\t\t\t\t\t<\/div>\n\t\t\t\t\t<\/div>\n\t\t\t\t<\/div>\n\t\t<aside class=\"elementor-element elementor-element-6bfbaff e-flex e-con-boxed e-con e-parent\" data-id=\"6bfbaff\" data-element_type=\"container\" data-e-type=\"container\">\n\t\t\t\t\t<div class=\"e-con-inner\">\n\t\t\t\t<div class=\"elementor-element elementor-element-47d4198 elementor-widget elementor-widget-listeo-posts-grid\" data-id=\"47d4198\" data-element_type=\"widget\" data-e-type=\"widget\" data-widget_type=\"listeo-posts-grid.default\">\n\t\t\t\t<div class=\"elementor-widget-container\">\n\t\t\t\t\t\t\t\n\t\t<div class=\"listeo-post-grid-wrapper\">\n\t\t\t<div class=\"row\">\n\n\t\t\t\n\n\t\t\t\t\t\t\t<div class=\"col-md-4\">\n                <a href=\"https:\/\/cparici.com\/de\/chambery-guide-complet\/\" class=\"blog-compact-item-container\">\n                    <div class=\"blog-compact-item\">\n                        <img decoding=\"async\" width=\"577\" height=\"204\" src=\"https:\/\/cparici.com\/wp-content\/uploads\/2026\/03\/Chambery-577x204.jpg\" class=\"attachment-listeo-blog-related-post size-listeo-blog-related-post wp-post-image\" alt=\"Chamb\u00e9ry\" srcset=\"https:\/\/cparici.com\/wp-content\/uploads\/2026\/03\/Chambery-577x204.jpg 577w, https:\/\/cparici.com\/wp-content\/uploads\/2026\/03\/Chambery-300x106.jpg 300w, https:\/\/cparici.com\/wp-content\/uploads\/2026\/03\/Chambery-1024x362.jpg 1024w, https:\/\/cparici.com\/wp-content\/uploads\/2026\/03\/Chambery-768x271.jpg 768w, https:\/\/cparici.com\/wp-content\/uploads\/2026\/03\/Chambery-18x6.jpg 18w, https:\/\/cparici.com\/wp-content\/uploads\/2026\/03\/Chambery-590x208.jpg 590w, https:\/\/cparici.com\/wp-content\/uploads\/2026\/03\/Chambery-1200x424.jpg 1200w, https:\/\/cparici.com\/wp-content\/uploads\/2026\/03\/Chambery-1320x466.jpg 1320w, https:\/\/cparici.com\/wp-content\/uploads\/2026\/03\/Chambery-600x212.jpg 600w, https:\/\/cparici.com\/wp-content\/uploads\/2026\/03\/Chambery.jpg 1500w\" sizes=\"(max-width: 577px) 100vw, 577px\" \/><span class=\"blog-item-tag\">Auvergne Rh\u00f4ne Alpes<\/span>                        \n                        <div class=\"blog-compact-item-content\">\n                                                        <h3>Chamb\u00e9ry : guide complet pour visiter la capitale savoyarde<\/h3>\n                                                        <p>Recherches populaires Categories Pas de r\u00e9sultats Voir tous les r\u00e9sultats Chamb\u00e9ry : guide complet pour...                            <\/p>\n                                                    <\/div>\n                    <\/div>\n                <\/a>\n            <\/div>\n\t\t\t<div class=\"col-md-4\">\n                <a href=\"https:\/\/cparici.com\/de\/location-de-vacances-savoie\/\" class=\"blog-compact-item-container\">\n                    <div class=\"blog-compact-item\">\n                        <img decoding=\"async\" width=\"577\" height=\"204\" src=\"https:\/\/cparici.com\/wp-content\/uploads\/2026\/03\/location-de-vacances-savoie-577x204.jpg\" class=\"attachment-listeo-blog-related-post size-listeo-blog-related-post wp-post-image\" alt=\"location de vacances savoie\" srcset=\"https:\/\/cparici.com\/wp-content\/uploads\/2026\/03\/location-de-vacances-savoie-577x204.jpg 577w, https:\/\/cparici.com\/wp-content\/uploads\/2026\/03\/location-de-vacances-savoie-300x106.jpg 300w, https:\/\/cparici.com\/wp-content\/uploads\/2026\/03\/location-de-vacances-savoie-1024x362.jpg 1024w, https:\/\/cparici.com\/wp-content\/uploads\/2026\/03\/location-de-vacances-savoie-768x271.jpg 768w, https:\/\/cparici.com\/wp-content\/uploads\/2026\/03\/location-de-vacances-savoie-18x6.jpg 18w, https:\/\/cparici.com\/wp-content\/uploads\/2026\/03\/location-de-vacances-savoie-590x208.jpg 590w, https:\/\/cparici.com\/wp-content\/uploads\/2026\/03\/location-de-vacances-savoie-1200x424.jpg 1200w, https:\/\/cparici.com\/wp-content\/uploads\/2026\/03\/location-de-vacances-savoie-1320x466.jpg 1320w, https:\/\/cparici.com\/wp-content\/uploads\/2026\/03\/location-de-vacances-savoie-600x212.jpg 600w, https:\/\/cparici.com\/wp-content\/uploads\/2026\/03\/location-de-vacances-savoie.jpg 1500w\" sizes=\"(max-width: 577px) 100vw, 577px\" \/><span class=\"blog-item-tag\">Auvergne Rh\u00f4ne Alpes<\/span>                        \n                        <div class=\"blog-compact-item-content\">\n                                                        <h3>Location de vacances Savoie : guide complet pour r\u00e9ussir votre s\u00e9jour<\/h3>\n                                                        <p>Recherches populaires Categories Pas de r\u00e9sultats Voir tous les r\u00e9sultats Location de vacances Savoie :...                            <\/p>\n                                                    <\/div>\n                    <\/div>\n                <\/a>\n            <\/div>\n\t\t\t<div class=\"col-md-4\">\n                <a href=\"https:\/\/cparici.com\/de\/chanaz-petite-venise-savoyarde\/\" class=\"blog-compact-item-container\">\n                    <div class=\"blog-compact-item\">\n                        <img decoding=\"async\" width=\"577\" height=\"204\" src=\"https:\/\/cparici.com\/wp-content\/uploads\/2026\/03\/Chanaz-la-venise-savoyarde-577x204.jpg\" class=\"attachment-listeo-blog-related-post size-listeo-blog-related-post wp-post-image\" alt=\"Chanaz la petite venise savoyarde\" srcset=\"https:\/\/cparici.com\/wp-content\/uploads\/2026\/03\/Chanaz-la-venise-savoyarde-577x204.jpg 577w, https:\/\/cparici.com\/wp-content\/uploads\/2026\/03\/Chanaz-la-venise-savoyarde-300x106.jpg 300w, https:\/\/cparici.com\/wp-content\/uploads\/2026\/03\/Chanaz-la-venise-savoyarde-1024x362.jpg 1024w, https:\/\/cparici.com\/wp-content\/uploads\/2026\/03\/Chanaz-la-venise-savoyarde-768x271.jpg 768w, https:\/\/cparici.com\/wp-content\/uploads\/2026\/03\/Chanaz-la-venise-savoyarde-18x6.jpg 18w, https:\/\/cparici.com\/wp-content\/uploads\/2026\/03\/Chanaz-la-venise-savoyarde-590x208.jpg 590w, https:\/\/cparici.com\/wp-content\/uploads\/2026\/03\/Chanaz-la-venise-savoyarde-1200x424.jpg 1200w, https:\/\/cparici.com\/wp-content\/uploads\/2026\/03\/Chanaz-la-venise-savoyarde-1320x466.jpg 1320w, https:\/\/cparici.com\/wp-content\/uploads\/2026\/03\/Chanaz-la-venise-savoyarde-600x212.jpg 600w, https:\/\/cparici.com\/wp-content\/uploads\/2026\/03\/Chanaz-la-venise-savoyarde.jpg 1500w\" sizes=\"(max-width: 577px) 100vw, 577px\" \/><span class=\"blog-item-tag\">Chanaz<\/span>                        \n                        <div class=\"blog-compact-item-content\">\n                                                        <h3>Chanaz : guide complet pour visiter la petite Venise savoyarde<\/h3>\n                                                        <p>Recherches populaires Categories Pas de r\u00e9sultats Voir tous les r\u00e9sultats Chanaz : guide complet pour...                            <\/p>\n                                                    <\/div>\n                    <\/div>\n                <\/a>\n            <\/div>\n  <\/div>\n        <\/div>\n        \t\t\t\t<\/div>\n\t\t\t\t<\/div>\n\t\t\t\t\t<\/div>\n\t\t\t\t<\/aside>\n\t\t<div class=\"elementor-element elementor-element-2ea3fef3 e-flex e-con-boxed e-con e-parent\" data-id=\"2ea3fef3\" data-element_type=\"container\" data-e-type=\"container\">\n\t\t\t\t\t<div class=\"e-con-inner\">\n\t\t<div class=\"elementor-element elementor-element-3c29f4e5 e-con-full e-flex e-con e-child\" data-id=\"3c29f4e5\" data-element_type=\"container\" data-e-type=\"container\">\n\t\t\t\t<div class=\"elementor-element elementor-element-5b50043a elementor-widget elementor-widget-text-editor\" data-id=\"5b50043a\" data-element_type=\"widget\" data-e-type=\"widget\" data-widget_type=\"text-editor.default\">\n\t\t\t\t\t\t\t\t\t<p>Cet article a \u00e9t\u00e9 r\u00e9dig\u00e9 par Alex Arts,\u00a0<a href=\"https:\/\/alexantoine-photos.weebly.com\/\" target=\"_blank\" rel=\"noopener\">photographe<\/a>,\u00a0<a href=\"https:\/\/www.linkedin.com\/in\/alex-b-arts\/\" target=\"_blank\" rel=\"noopener\">cr\u00e9ateur de contenu<\/a>, et <a href=\"https:\/\/www.google.com\/maps\/contrib\/100986619723712834113\/reviews\/@45.8933481,-4.1449199,6z\/data=!4m3!8m2!3m1!1e1?entry=ttu&g_ep=EgoyMDI1MTIwOS4wIKXMDSoKLDEwMDc5MjA2OUgBUAM%3D\" target=\"_blank\" rel=\"noopener\">guide local de niveau 6 sur Google Maps<\/a><\/p>\t\t\t\t\t\t\t\t<\/div>\n\t\t\t\t<div class=\"elementor-element elementor-element-254fae0 elementor-widget elementor-widget-author-box\" data-id=\"254fae0\" data-element_type=\"widget\" data-e-type=\"widget\" data-widget_type=\"author-box.default\">\n\t\t\t\t\t\t\t<div class=\"elementor-author-box\">\n\t\t\t\t\t\t\t<a href=\"https:\/\/www.linkedin.com\/in\/alex-b-arts\/\" class=\"elementor-author-box__avatar\" target=\"_blank\" rel=\"noopener\">\n\t\t\t\t\t<img decoding=\"async\" src=\"https:\/\/cparici.com\/wp-content\/uploads\/2024\/09\/photo-alex-arts-300x300.jpeg\" alt=\"Bild von Alex Arts\" loading=\"lazy\">\n\t\t\t\t<\/a>\n\t\t\t\n\t\t\t<div class=\"elementor-author-box__text\">\n\t\t\t\t\t\t\t\t\t<a href=\"https:\/\/www.linkedin.com\/in\/alex-b-arts\/\" target=\"_blank\" rel=\"noopener\">\n\t\t\t\t\t\t<h4 class=\"elementor-author-box__name\">\n\t\t\t\t\t\t\tAlex Arts\t\t\t\t\t\t<\/h4>\n\t\t\t\t\t<\/a>\n\t\t\t\t\n\t\t\t\t\t\t\t\t\t<div class=\"elementor-author-box__bio\">\n\t\t\t\t\t\t<p>Photographe, cr\u00e9ateur de contenu et local guide<\/p>\n\t\t\t\t\t<\/div>\n\t\t\t\t\n\t\t\t\t\t\t\t<\/div>\n\t\t<\/div>\n\t\t\t\t\t\t<\/div>\n\t\t\t\t<\/div>\n\t\t\t\t\t<\/div>\n\t\t\t\t<\/div>\n\t\t\t\t<\/div>\n\t\t","protected":false},"excerpt":{"rendered":"<p>Recherches populaires Categories Pas de r\u00e9sultats Voir tous les r\u00e9sultats Agenda Aix-les-Bains 2026 : calendrier complet des \u00e9v\u00e9nements R\u00e9sum\u00e9 L\u2019agenda Aix-les-Bains 2026 regroupe tous les \u00e9v\u00e9nements majeurs organis\u00e9s \u00e0 Aix-les-Bains : festivals, spectacles, comp\u00e9titions sportives et animations locales. Gr\u00e2ce \u00e0 sa situation au bord du Lac du Bourget, la ville propose une programmation riche toute [&hellip;]<\/p>\n","protected":false},"author":97,"featured_media":89983,"comment_status":"closed","ping_status":"closed","sticky":false,"template":"","format":"standard","meta":{"ngg_post_thumbnail":0,"footnotes":""},"categories":[3043,1398,1167,477,300,1397,2703],"tags":[],"class_list":["post-89904","post","type-post","status-publish","format-standard","has-post-thumbnail","hentry","category-agenda","category-aix-les-bains","category-auvergne-rhone-alpes","category-france","category-loisirs","category-savoie","category-tourisme"],"_links":{"self":[{"href":"https:\/\/cparici.com\/de\/wp-json\/wp\/v2\/posts\/89904","targetHints":{"allow":["GET"]}}],"collection":[{"href":"https:\/\/cparici.com\/de\/wp-json\/wp\/v2\/posts"}],"about":[{"href":"https:\/\/cparici.com\/de\/wp-json\/wp\/v2\/types\/post"}],"author":[{"embeddable":true,"href":"https:\/\/cparici.com\/de\/wp-json\/wp\/v2\/users\/97"}],"replies":[{"embeddable":true,"href":"https:\/\/cparici.com\/de\/wp-json\/wp\/v2\/comments?post=89904"}],"version-history":[{"count":7,"href":"https:\/\/cparici.com\/de\/wp-json\/wp\/v2\/posts\/89904\/revisions"}],"predecessor-version":[{"id":89988,"href":"https:\/\/cparici.com\/de\/wp-json\/wp\/v2\/posts\/89904\/revisions\/89988"}],"wp:featuredmedia":[{"embeddable":true,"href":"https:\/\/cparici.com\/de\/wp-json\/wp\/v2\/media\/89983"}],"wp:attachment":[{"href":"https:\/\/cparici.com\/de\/wp-json\/wp\/v2\/media?parent=89904"}],"wp:term":[{"taxonomy":"category","embeddable":true,"href":"https:\/\/cparici.com\/de\/wp-json\/wp\/v2\/categories?post=89904"},{"taxonomy":"post_tag","embeddable":true,"href":"https:\/\/cparici.com\/de\/wp-json\/wp\/v2\/tags?post=89904"}],"curies":[{"name":"wp","href":"https:\/\/api.w.org\/{rel}","templated":true}]}}