{"id":96111,"date":"2026-07-21T08:20:44","date_gmt":"2026-07-21T06:20:44","guid":{"rendered":"https:\/\/cparici.com\/?p=96111"},"modified":"2026-07-22T12:04:34","modified_gmt":"2026-07-22T10:04:34","slug":"combourg-que-voir-que-faire-et-que-visiter","status":"publish","type":"post","link":"https:\/\/cparici.com\/de\/combourg-que-voir-que-faire-et-que-visiter\/","title":{"rendered":"Combourg: Was gibt es zu sehen, zu unternehmen und zu besichtigen?"},"content":{"rendered":"\t\t<div data-elementor-type=\"wp-post\" data-elementor-id=\"96111\" class=\"elementor elementor-96111\" data-elementor-post-type=\"post\">\n\t\t\t\t<div class=\"elementor-element elementor-element-3ece851 e-con e-atomic-element e-flexbox-base e-f7fd7b4 \" data-id=\"3ece851\" data-element_type=\"e-flexbox\" data-e-type=\"e-flexbox\" data-interaction-id=\"3ece851\" data-e-type=\"e-flexbox\" data-id=\"3ece851\">\n    \t\t\t<img decoding=\"async\" class=\"e-image-base \" data-interaction-id=\"79d4053\" data-e-type=\"widget\" data-id=\"79d4053\" id=\"96114\" src=\"https:\/\/cparici.com\/wp-content\/uploads\/2026\/07\/Combourg-que-voir-que-faire-que-visiter.jpg\" width=\"1500\" height=\"530\" srcset=\"https:\/\/cparici.com\/wp-content\/uploads\/2026\/07\/Combourg-que-voir-que-faire-que-visiter.jpg 1500w, https:\/\/cparici.com\/wp-content\/uploads\/2026\/07\/Combourg-que-voir-que-faire-que-visiter-300x106.jpg 300w, https:\/\/cparici.com\/wp-content\/uploads\/2026\/07\/Combourg-que-voir-que-faire-que-visiter-1024x362.jpg 1024w, https:\/\/cparici.com\/wp-content\/uploads\/2026\/07\/Combourg-que-voir-que-faire-que-visiter-768x271.jpg 768w, https:\/\/cparici.com\/wp-content\/uploads\/2026\/07\/Combourg-que-voir-que-faire-que-visiter-18x6.jpg 18w, https:\/\/cparici.com\/wp-content\/uploads\/2026\/07\/Combourg-que-voir-que-faire-que-visiter-590x208.jpg 590w, https:\/\/cparici.com\/wp-content\/uploads\/2026\/07\/Combourg-que-voir-que-faire-que-visiter-1200x424.jpg 1200w, https:\/\/cparici.com\/wp-content\/uploads\/2026\/07\/Combourg-que-voir-que-faire-que-visiter-577x204.jpg 577w, https:\/\/cparici.com\/wp-content\/uploads\/2026\/07\/Combourg-que-voir-que-faire-que-visiter-1320x466.jpg 1320w, https:\/\/cparici.com\/wp-content\/uploads\/2026\/07\/Combourg-que-voir-que-faire-que-visiter-600x212.jpg 600w\" alt=\"Combourg que voir que faire que visiter\"\/>\t\t\n<\/div>\n<div class=\"elementor-element elementor-element-b8af119 e-con e-atomic-element e-flexbox-base e-89cc7e4 \" data-id=\"b8af119\" data-element_type=\"e-flexbox\" data-e-type=\"e-flexbox\" data-interaction-id=\"b8af119\" data-e-type=\"e-flexbox\" data-id=\"b8af119\">\n    \t\t<div class=\"elementor-element elementor-element-e028d6e elementor-widget elementor-widget-global elementor-global-62046 elementor-widget-eael-advanced-search\" data-id=\"e028d6e\" data-element_type=\"widget\" data-e-type=\"widget\" data-widget_type=\"eael-advanced-search.default\">\n\t\t\t\t\t        <div class=\"eael-adv-search-wrapper\">\n            <div id=\"eael-advanced-search-widget-e028d6e\" class=\"eael-advanced-search-widget\">\n                <form data-settings=\"{&quot;post_per_page&quot;:5,&quot;search_among_taxonomies&quot;:&quot;&quot;,&quot;search_among_sku&quot;:&quot;no&quot;,&quot;show_popular_keyword&quot;:0,&quot;show_category&quot;:0,&quot;show_content_image&quot;:1,&quot;show_search_result_all_results&quot;:0,&quot;result_on_new_tab&quot;:&quot;no&quot;,&quot;show_product_price&quot;:&quot;no&quot;,&quot;include_current_page&quot;:&quot;no&quot;,&quot;orderby&quot;:&quot;default&quot;,&quot;order&quot;:&quot;DESC&quot;,&quot;current_post_id&quot;:96111,&quot;post_type&quot;:[&quot;post&quot;,&quot;listing&quot;]}\" method=\"POST\" name=\"eael-advanced-search-form-e028d6e\" class=\"eael-advanced-search-form eael-advanced-search-form-style-2\">\n                    <div class=\"eael-advanced-search-wrap\">\n                        <span class=\"eael-adv-search-loader\"><\/span>\n                        <span class=\"eael-adv-search-close\"><i class=\"fas fa-times\"><\/i><\/span>\n                        <span class=\"icon \"><i class=\"fas fa-search\"><\/i><\/span>\n\n                        <input type=\"text\"\n                               placeholder=\"Votre destination\"\n                               class=\"eael-advanced-search\" autocomplete=\"off\" name=\"eael_advanced_search\">\n                    <\/div>\n\t\t\t\t\t                                    <\/form>\n\n\t\t\t\t\n\t\t\t\t        <div class=\"eael-advanced-search-result\">\n            <div class=\"eael-advanced-search-popular-keyword\">\n\t\t\t\t<h4 class=\"eael-advanced-search-popular-keyword-text\">Recherches populaires<\/h4>                <div class=\"eael-popular-keyword-content\"><\/div>\n            <\/div>\n            <div class=\"eael-advanced-search-category\">\n\t\t\t\t<h4 class=\"eael-advanced-search-category-text\">Categories<\/h4>                <div class=\"eael-popular-category-content\"><\/div>\n            <\/div>\n\t\t\t<div class=\"eael-advanced-search-total-results-section\">\n\t\t\t\t\t\t\t<\/div>\n            <div class=\"eael-advanced-search-content eael-item-style-3\">\n            <\/div>\n            <div class=\"eael-advanced-search-not-found\">\n                <p>Pas de r\u00e9sultats<\/p><\/div>\n            <div class=\"eael-advanced-search-load-more\">\n\t\t\t\t<a \tclass=\"eael-advanced-search-load-more-button\"\n                \thref=\"#\">Voir tous les r\u00e9sultats<\/a>\n            <\/div>\n        <\/div>\n\n\t\t            <\/div>\n        <\/div>\n\n\t\t\t\t\t\t<\/div>\n\t\t\n<\/div>\n<div class=\"elementor-element elementor-element-7984f09 e-flex e-con-boxed e-con e-parent\" data-id=\"7984f09\" data-element_type=\"container\" data-e-type=\"container\">\n\t\t\t\t\t<div class=\"e-con-inner\">\n\t\t\t\t<div class=\"elementor-element elementor-element-7ca5197c elementor-widget elementor-widget-text-editor\" data-id=\"7ca5197c\" data-element_type=\"widget\" data-e-type=\"widget\" data-widget_type=\"text-editor.default\">\n\t\t\t\t\t\t\t\t\t<h1 style=\"text-align: center;\">Combourg : que voir, que faire et que visiter ?<\/h1><p class=\"PDq2pG_selectionAnchorContainer\" data-start=\"17\" data-end=\"469\">Domin\u00e9e par la silhouette imposante de son ch\u00e2teau m\u00e9di\u00e9val et bord\u00e9e par les eaux paisibles du lac Tranquille, Combourg est l&#8217;une de ces destinations qui s\u00e9duisent d\u00e8s les premiers pas. Class\u00e9e <strong data-start=\"212\" data-end=\"241\">Petite Cit\u00e9 de Caract\u00e8re<\/strong>, cette ville d&#8217;<a href=\"https:\/\/cparici.com\/ille-et-vilaine\/\">Ille-et-Vilaine<\/a> cultive un art de vivre o\u00f9 <a href=\"https:\/\/cparici.com\/fr\/patrimoine-de-france\/\">patrimoine<\/a>, nature et litt\u00e9rature se rencontrent harmonieusement. Ici, chaque ruelle pav\u00e9e, chaque maison de granit et chaque jardin semble raconter une page d&#8217;histoire.<\/p>\t\t\t\t\t\t\t\t<\/div>\n\t\t\t\t\t<\/div>\n\t\t\t\t<\/div>\n\t\t<aside class=\"elementor-element elementor-element-3b03fc4b e-flex e-con-boxed e-con e-parent\" data-id=\"3b03fc4b\" data-element_type=\"container\" data-e-type=\"container\" data-settings=\"{&quot;background_background&quot;:&quot;classic&quot;}\">\n\t\t\t\t\t<div class=\"e-con-inner\">\n\t\t\t\t<div class=\"elementor-element elementor-element-7bba9635 elementor-widget elementor-widget-spacer\" data-id=\"7bba9635\" data-element_type=\"widget\" data-e-type=\"widget\" data-widget_type=\"spacer.default\">\n\t\t\t\t\t\t\t<div class=\"elementor-spacer\">\n\t\t\t<div class=\"elementor-spacer-inner\"><\/div>\n\t\t<\/div>\n\t\t\t\t\t\t<\/div>\n\t\t\t\t<div class=\"elementor-element elementor-element-474edb6 elementor-widget elementor-widget-heading\" data-id=\"474edb6\" data-element_type=\"widget\" data-e-type=\"widget\" data-widget_type=\"heading.default\">\n\t\t\t\t\t<h2 class=\"elementor-heading-title elementor-size-default\">H\u00e9bergements de Vacances Combourg en direct<\/h2>\t\t\t\t<\/div>\n\t\t\t\t<div class=\"elementor-element elementor-element-4024fd0c elementor-widget elementor-widget-listeo-listings-carousel\" data-id=\"4024fd0c\" data-element_type=\"widget\" data-e-type=\"widget\" data-widget_type=\"listeo-listings-carousel.default\">\n\t\t\t\t<div class=\"elementor-widget-container\">\n\t\t\t\t\t        <!-- Carousel \/ Start -->\n        \t<div class=\"simple-slick-carousel dots-nav\" data-slick='{&quot;autoplay&quot;:true,&quot;autoplaySpeed&quot;:3000,&quot;slidesToShow&quot;:3,&quot;slidesToScroll&quot;:1,&quot;responsive&quot;:[{&quot;breakpoint&quot;:1024,&quot;settings&quot;:{&quot;slidesToShow&quot;:2,&quot;slidesToScroll&quot;:1}},{&quot;breakpoint&quot;:768,&quot;settings&quot;:{&quot;slidesToShow&quot;:1,&quot;slidesToScroll&quot;:1}}]}'>\n                            <div class=\"fw-carousel-item\">                    \n                        <!-- Listing Item -->\n            <div class=\"col-lg-6 col-md-12\">\n                <a href=\"https:\/\/cparici.com\/de\/annonce\/baie-du-mont-saint-michel-entre-bretagne-et-normandie\/\" class=\"listing-item-container listing-geo-data compact\" data-title=\"Baie du Mont Saint-Michel\ud83c\udf38Entre Bretagne et Normandie\" data-listing-type=\"rental\" data-classifieds-price=\"\" data-friendly-address=\"Tremblay\" data-address=\"Tremblay\" data-image=\"https:\/\/cparici.com\/wp-content\/uploads\/2026\/06\/IMG_5090-520x397.jpeg\" data-longitude=\"-1.4736413\" data-latitude=\"48.4225532\" data-rating=\"5\" data-reviews=\"129\" data-icon=\"b64:PHN2ZyBjbGFzcz0ibGlzdGVvLXRlcm0tc3ZnLWljb24iIHhtbG5zPSJodHRwOi8vd3d3LnczLm9yZy8yMDAwL3N2ZyIgd2lkdGg9IjgwMHB4IiBoZWlnaHQ9IjgwMHB4IiB2aWV3Qm94PSIwIDAgNDUgNDUiIGZpbGw9Im5vbmUiPgo8cGF0aCBkPSJNMjQuMTU1IDguNzgwOTlMMjQuMzMgOC45NDQ5OUwzNy40MDIgMjEuNzg3TDM2IDIzLjIxM0wzNC4yIDIxLjQ0NUwzNC4yMDEgMzVDMzQuMjAxIDM2LjA1NCAzMy4zODUgMzYuOTE4IDMyLjM1IDM2Ljk5NEwzMi4yMDEgMzdIMTIuMjAxQzExLjE0NyAzNyAxMC4yODMgMzYuMTg0IDEwLjIwNiAzNS4xNDlMMTAuMjAxIDM1TDEwLjIgMjEuNDQ2TDguNDAyIDIzLjIxM0w3IDIxLjc4N0wyMC4wNTggOC45NTc5OUMyMS4xNzEgNy44MjE5OSAyMi45NjYgNy43NTg5OSAyNC4xNTUgOC43ODA5OVpNMjEuNTY5IDEwLjI4NUwyMS40NzMgMTAuMzcyTDEyLjIgMTkuNDgxTDEyLjIwMSAzNUwxNy4yIDM0Ljk5OUwxNy4yMDEgMjVDMTcuMjAxIDIzLjk0NiAxOC4wMTcgMjMuMDgyIDE5LjA1MiAyMy4wMDVMMTkuMjAxIDIzSDI1LjIwMUMyNi4yNTUgMjMgMjcuMTE5IDIzLjgxNiAyNy4xOTYgMjQuODUxTDI3LjIwMSAyNUwyNy4yIDM0Ljk5OUwzMi4yMDEgMzVMMzIuMiAxOS40OEwyMi45MDEgMTAuMzQ0QzIyLjUzNyA5Ljk4Njk5IDIxLjk2OSA5Ljk2NDk5IDIxLjU2OSAxMC4yODVaTTI1LjIwMSAyNUgxOS4yMDFMMTkuMiAzNC45OTlIMjUuMkwyNS4yMDEgMjVaIiBmaWxsPSIjM0MzQzNDIi8+Cjwvc3ZnPg==\">\n            <div class=\"listing-item  \">\n                <div class=\"listing-small-badges-container\">\n                                                                <div class=\"listing-small-badge pricing-badge\"><i class=\"fa fa-tag\"><\/i>70,00&euro; - 150,00&euro;<\/div>\n                                                            \n                                        \n                                        \n                <\/div>\n                <img decoding=\"async\" src=\"https:\/\/cparici.com\/wp-content\/uploads\/2026\/06\/IMG_5090-520x397.jpeg\" alt=\"Baie du Mont Saint-Michel\ud83c\udf38Entre Bretagne et Normandie\" class=\"listing-thumbnail\">\n                \n\n                <div class=\"listing-item-content\">\n                                                <div class=\"numerical-rating\" data-rating=\"5.0\"><\/div>\n                    \n                    <h3> Baie du Mont Saint-Michel\ud83c\udf38Entre Bretagne et Normandie <\/h3>\n                    <span>Tremblay<\/span>\n                <\/div>\n                                        <span class=\"save like-icon tooltip left\" title=\"Login To Bookmark Items\"><\/span>\n                                                <\/div>\n        <\/a>\n                    <\/div>\n        \n\n        <!-- Listing Item \/ End -->\n                    <\/div>\n                                      <div class=\"fw-carousel-item\">                    \n                        <!-- Listing Item -->\n            <div class=\"col-lg-6 col-md-12\">\n                <a href=\"https:\/\/cparici.com\/de\/annonce\/saint-malo-mont-saint-michel-rennes-gite-familial-avec-piscine-jacuzzi-hammam\/\" class=\"listing-item-container listing-geo-data compact\" data-title=\"Saint Malo, Mont Saint Michel, Rennes : G\u00eete familial avec piscine, jacuzzi, hammam\" data-listing-type=\"rental\" data-classifieds-price=\"\" data-friendly-address=\"14-16 lieu dit Tr\u00e9magou\u00ebt, 35190 Qu\u00e9briac\" data-address=\"14-16 lieu dit Tr\u00e9magou\u00ebt, 35190 Qu\u00e9briac\" data-image=\"https:\/\/cparici.com\/wp-content\/uploads\/2026\/07\/Domaine-de-Tremagouet-gite-de-groupe-avec-piscine-15-personnes-le-heron-01-520x397.jpg\" data-longitude=\"-1.8407797\" data-latitude=\"48.3611831\" data-rating=\"4.5\" data-reviews=\"55\" data-icon=\"b64:PHN2ZyBjbGFzcz0ibGlzdGVvLXRlcm0tc3ZnLWljb24iIHhtbG5zPSJodHRwOi8vd3d3LnczLm9yZy8yMDAwL3N2ZyIgd2lkdGg9IjgwMHB4IiBoZWlnaHQ9IjgwMHB4IiB2aWV3Qm94PSIwIDAgNDUgNDUiIGZpbGw9Im5vbmUiPgo8cGF0aCBkPSJNMjQuMTU1IDguNzgwOTlMMjQuMzMgOC45NDQ5OUwzNy40MDIgMjEuNzg3TDM2IDIzLjIxM0wzNC4yIDIxLjQ0NUwzNC4yMDEgMzVDMzQuMjAxIDM2LjA1NCAzMy4zODUgMzYuOTE4IDMyLjM1IDM2Ljk5NEwzMi4yMDEgMzdIMTIuMjAxQzExLjE0NyAzNyAxMC4yODMgMzYuMTg0IDEwLjIwNiAzNS4xNDlMMTAuMjAxIDM1TDEwLjIgMjEuNDQ2TDguNDAyIDIzLjIxM0w3IDIxLjc4N0wyMC4wNTggOC45NTc5OUMyMS4xNzEgNy44MjE5OSAyMi45NjYgNy43NTg5OSAyNC4xNTUgOC43ODA5OVpNMjEuNTY5IDEwLjI4NUwyMS40NzMgMTAuMzcyTDEyLjIgMTkuNDgxTDEyLjIwMSAzNUwxNy4yIDM0Ljk5OUwxNy4yMDEgMjVDMTcuMjAxIDIzLjk0NiAxOC4wMTcgMjMuMDgyIDE5LjA1MiAyMy4wMDVMMTkuMjAxIDIzSDI1LjIwMUMyNi4yNTUgMjMgMjcuMTE5IDIzLjgxNiAyNy4xOTYgMjQuODUxTDI3LjIwMSAyNUwyNy4yIDM0Ljk5OUwzMi4yMDEgMzVMMzIuMiAxOS40OEwyMi45MDEgMTAuMzQ0QzIyLjUzNyA5Ljk4Njk5IDIxLjk2OSA5Ljk2NDk5IDIxLjU2OSAxMC4yODVaTTI1LjIwMSAyNUgxOS4yMDFMMTkuMiAzNC45OTlIMjUuMkwyNS4yMDEgMjVaIiBmaWxsPSIjM0MzQzNDIi8+Cjwvc3ZnPg==\">\n            <div class=\"listing-item  featured-listing\">\n                <div class=\"listing-small-badges-container\">\n                                            <div class=\"listing-small-badge featured-badge\"><i class=\"fa fa-star\"><\/i> Featured<\/div>\n                                                                <div class=\"listing-small-badge pricing-badge\"><i class=\"fa fa-tag\"><\/i>250,00&euro; - 800,00&euro;<\/div>\n                                                            \n                                        \n                                        \n                <\/div>\n                <img decoding=\"async\" src=\"https:\/\/cparici.com\/wp-content\/uploads\/2026\/07\/Domaine-de-Tremagouet-gite-de-groupe-avec-piscine-15-personnes-le-heron-01-520x397.jpg\" alt=\"Saint Malo, Mont Saint Michel, Rennes : G\u00eete familial avec piscine, jacuzzi, hammam\" class=\"listing-thumbnail\">\n                \n\n                <div class=\"listing-item-content\">\n                                                <div class=\"numerical-rating\" data-rating=\"4.5\"><\/div>\n                    \n                    <h3> Saint Malo, Mont Saint Michel, Rennes : G\u00eete familial avec piscine, jacuzzi, hammam <\/h3>\n                    <span>14-16 lieu dit Tr\u00e9magou\u00ebt, 35190 Qu\u00e9briac<\/span>\n                <\/div>\n                                        <span class=\"save like-icon tooltip left\" title=\"Login To Bookmark Items\"><\/span>\n                                                <\/div>\n        <\/a>\n                    <\/div>\n        \n\n        <!-- Listing Item \/ End -->\n                    <\/div>\n                                      <div class=\"fw-carousel-item\">                    \n                        <!-- Listing Item -->\n            <div class=\"col-lg-6 col-md-12\">\n                <a href=\"https:\/\/cparici.com\/de\/annonce\/chambres-dhote-de-charme-2\/\" class=\"listing-item-container listing-geo-data compact\" data-title=\"Chambres d\u2019H\u00f4te de charme\" data-listing-type=\"rental\" data-classifieds-price=\"\" data-friendly-address=\"Le Gray, 22490 Pleslin Trigavou\" data-address=\"Le Gray, 22490 Pleslin Trigavou\" data-image=\"https:\/\/cparici.com\/wp-content\/uploads\/2026\/01\/9DE6BAB5-52E1-486D-AAC6-080CF3E1B4BB-1-520x397.jpeg\" data-longitude=\"-2.0794163\" data-latitude=\"48.5413717\" data-rating=\"4.8\" data-reviews=\"77\" data-icon=\"b64:PHN2ZyBjbGFzcz0ibGlzdGVvLXRlcm0tc3ZnLWljb24iIHhtbG5zPSJodHRwOi8vd3d3LnczLm9yZy8yMDAwL3N2ZyIgd2lkdGg9IjgwMHB4IiBoZWlnaHQ9IjgwMHB4IiB2aWV3Qm94PSIwIDAgNDUgNDUiIGZpbGw9Im5vbmUiPgo8cGF0aCBkPSJNMjQuMTU1IDguNzgwOTlMMjQuMzMgOC45NDQ5OUwzNy40MDIgMjEuNzg3TDM2IDIzLjIxM0wzNC4yIDIxLjQ0NUwzNC4yMDEgMzVDMzQuMjAxIDM2LjA1NCAzMy4zODUgMzYuOTE4IDMyLjM1IDM2Ljk5NEwzMi4yMDEgMzdIMTIuMjAxQzExLjE0NyAzNyAxMC4yODMgMzYuMTg0IDEwLjIwNiAzNS4xNDlMMTAuMjAxIDM1TDEwLjIgMjEuNDQ2TDguNDAyIDIzLjIxM0w3IDIxLjc4N0wyMC4wNTggOC45NTc5OUMyMS4xNzEgNy44MjE5OSAyMi45NjYgNy43NTg5OSAyNC4xNTUgOC43ODA5OVpNMjEuNTY5IDEwLjI4NUwyMS40NzMgMTAuMzcyTDEyLjIgMTkuNDgxTDEyLjIwMSAzNUwxNy4yIDM0Ljk5OUwxNy4yMDEgMjVDMTcuMjAxIDIzLjk0NiAxOC4wMTcgMjMuMDgyIDE5LjA1MiAyMy4wMDVMMTkuMjAxIDIzSDI1LjIwMUMyNi4yNTUgMjMgMjcuMTE5IDIzLjgxNiAyNy4xOTYgMjQuODUxTDI3LjIwMSAyNUwyNy4yIDM0Ljk5OUwzMi4yMDEgMzVMMzIuMiAxOS40OEwyMi45MDEgMTAuMzQ0QzIyLjUzNyA5Ljk4Njk5IDIxLjk2OSA5Ljk2NDk5IDIxLjU2OSAxMC4yODVaTTI1LjIwMSAyNUgxOS4yMDFMMTkuMiAzNC45OTlIMjUuMkwyNS4yMDEgMjVaIiBmaWxsPSIjM0MzQzNDIi8+Cjwvc3ZnPg==\">\n            <div class=\"listing-item  \">\n                <div class=\"listing-small-badges-container\">\n                                                                <div class=\"listing-small-badge pricing-badge\"><i class=\"fa fa-tag\"><\/i>62,00&euro; - 80,00&euro;<\/div>\n                                                            \n                                        \n                                        \n                <\/div>\n                <img decoding=\"async\" src=\"https:\/\/cparici.com\/wp-content\/uploads\/2026\/01\/9DE6BAB5-52E1-486D-AAC6-080CF3E1B4BB-1-520x397.jpeg\" alt=\"Chambres d\u2019H\u00f4te de charme\" class=\"listing-thumbnail\">\n                                        <div class=\"listing-badge now-open\">Now Open<\/div>\n                        \n\n                <div class=\"listing-item-content\">\n                                                <div class=\"numerical-rating\" data-rating=\"4.8\"><\/div>\n                    \n                    <h3> Chambres d\u2019H\u00f4te de charme <\/h3>\n                    <span>Le Gray, 22490 Pleslin Trigavou<\/span>\n                <\/div>\n                                        <span class=\"save like-icon tooltip left\" title=\"Login To Bookmark Items\"><\/span>\n                                                <\/div>\n        <\/a>\n                    <\/div>\n        \n\n        <!-- Listing Item \/ End -->\n                    <\/div>\n                          <\/div>\n        \t\t\t\t<\/div>\n\t\t\t\t<\/div>\n\t\t\t\t\t<\/div>\n\t\t\t\t<\/aside>\n\t\t<div class=\"elementor-element elementor-element-1bb1f4f e-flex e-con-boxed e-con e-parent\" data-id=\"1bb1f4f\" data-element_type=\"container\" data-e-type=\"container\">\n\t\t\t\t\t<div class=\"e-con-inner\">\n\t\t\t\t<div class=\"elementor-element elementor-element-0440edb elementor-widget elementor-widget-text-editor\" data-id=\"0440edb\" data-element_type=\"widget\" data-e-type=\"widget\" data-widget_type=\"text-editor.default\">\n\t\t\t\t\t\t\t\t\t<p data-start=\"851\" data-end=\"1215\">Que vous pr\u00e9voyiez une halte d&#8217;une demi-journ\u00e9e, un <a href=\"https:\/\/cparici.com\/fr\/week-end-en-amoureux\/\">week-end<\/a> en Bretagne romantique ou un s\u00e9jour entre <a href=\"https:\/\/cparici.com\/rennes\/\">Rennes<\/a>, Saint-Malo et le Mont-Saint-Michel, cette commune offre bien plus qu&#8217;une simple visite de ch\u00e2teau. Entre balades au bord du lac, patrimoine m\u00e9di\u00e9val, bonnes adresses gourmandes et d\u00e9couvertes des environs, les occasions de s&#8217;\u00e9merveiller sont nombreuses.<\/p><p data-start=\"1217\" data-end=\"1717\">Dans ce guide complet, d\u00e9couvrez <strong data-start=\"1250\" data-end=\"1299\">que voir, que faire et que visiter \u00e0 Combourg<\/strong>, les sites incontournables, les activit\u00e9s \u00e0 ne pas manquer, nos conseils pratiques ainsi que les plus belles excursions autour de la ville pour profiter pleinement de votre s\u00e9jour. L&#8217;Office de Tourisme est situ\u00e9 <strong data-start=\"1512\" data-end=\"1552\">9 bis rue Notre-Dame, 35270 Combourg<\/strong>, et constitue un excellent point de d\u00e9part pour r\u00e9cup\u00e9rer plans, id\u00e9es de visites et informations sur les animations en cours.<\/p><p data-start=\"1217\" data-end=\"1717\"><\/p><h2 class=\"PDq2pG_selectionAnchorContainer\" data-section-id=\"1m6m675\" data-start=\"0\" data-end=\"44\">Que voir \u00e0 Combourg ? Les incontournables<\/h2><p data-start=\"46\" data-end=\"379\">S&#8217;il ne fallait consacrer qu&#8217;une journ\u00e9e \u00e0 Combourg, certains lieux m\u00e9ritent absolument une halte. Entre patrimoine m\u00e9di\u00e9val, <a href=\"https:\/\/cparici.com\/fr\/paysages-en-france\/\">paysages<\/a> bucoliques et h\u00e9ritage litt\u00e9raire, cette ville bretonne offre un concentr\u00e9 d&#8217;histoire et de nature qui se d\u00e9couvre facilement \u00e0 pied. Voici les incontournables \u00e0 ne pas manquer lors de votre visite.<\/p><h3 data-section-id=\"stsmgn\" data-start=\"381\" data-end=\"428\">Le ch\u00e2teau de Combourg, symbole de la ville<\/h3><p data-start=\"430\" data-end=\"664\">Impossible de visiter Combourg sans franchir les portes de son imposant ch\u00e2teau. \u00c9difi\u00e9 entre les XII\u1d49 et XVe si\u00e8cles, il domine la ville depuis plus de 800 ans et constitue l&#8217;un des <a href=\"https:\/\/cparici.com\/fr\/les-monuments-historiques-en-france\/\">monuments<\/a> les plus embl\u00e9matiques d&#8217;Ille-et-Vilaine.<\/p><p data-start=\"430\" data-end=\"664\"><a href=\"https:\/\/cparici.com\/wp-content\/uploads\/2026\/07\/Chateau-de-Combourg.jpg\"><img decoding=\"async\" class=\"aligncenter wp-image-96120 size-large\" src=\"https:\/\/cparici.com\/wp-content\/uploads\/2026\/07\/Chateau-de-Combourg-1024x362.jpg\" alt=\"Chateau de Combourg\" width=\"1024\" height=\"362\" srcset=\"https:\/\/cparici.com\/wp-content\/uploads\/2026\/07\/Chateau-de-Combourg-1024x362.jpg 1024w, https:\/\/cparici.com\/wp-content\/uploads\/2026\/07\/Chateau-de-Combourg-300x106.jpg 300w, https:\/\/cparici.com\/wp-content\/uploads\/2026\/07\/Chateau-de-Combourg-768x271.jpg 768w, https:\/\/cparici.com\/wp-content\/uploads\/2026\/07\/Chateau-de-Combourg-18x6.jpg 18w, https:\/\/cparici.com\/wp-content\/uploads\/2026\/07\/Chateau-de-Combourg-590x208.jpg 590w, https:\/\/cparici.com\/wp-content\/uploads\/2026\/07\/Chateau-de-Combourg-1200x424.jpg 1200w, https:\/\/cparici.com\/wp-content\/uploads\/2026\/07\/Chateau-de-Combourg-577x204.jpg 577w, https:\/\/cparici.com\/wp-content\/uploads\/2026\/07\/Chateau-de-Combourg-1320x466.jpg 1320w, https:\/\/cparici.com\/wp-content\/uploads\/2026\/07\/Chateau-de-Combourg-600x212.jpg 600w, https:\/\/cparici.com\/wp-content\/uploads\/2026\/07\/Chateau-de-Combourg.jpg 1500w\" sizes=\"(max-width: 1024px) 100vw, 1024px\" \/><\/a><\/p><p data-start=\"666\" data-end=\"1092\">Toujours habit\u00e9 par les descendants de la famille de Chateaubriand, le ch\u00e2teau se visite une grande partie de l&#8217;ann\u00e9e. Le parcours permet de d\u00e9couvrir les salons meubl\u00e9s, les escaliers de pierre, la c\u00e9l\u00e8bre chambre de Fran\u00e7ois-Ren\u00e9 de Chateaubriand ainsi que plusieurs collections d&#8217;\u00e9poque. Les visites sont guid\u00e9es, ce qui permet de mieux comprendre l&#8217;histoire de cette forteresse et les nombreuses anecdotes qui l&#8217;entourent.<\/p><p data-start=\"1094\" data-end=\"1291\">La l\u00e9gende raconte \u00e9galement que le ch\u00e2teau serait hant\u00e9 par le myst\u00e9rieux <strong data-start=\"1169\" data-end=\"1182\">Chat Noir<\/strong> et par le fant\u00f4me du comte de Combourg, des r\u00e9cits qui participent depuis longtemps \u00e0 la r\u00e9putation du lieu.<\/p><p data-start=\"1293\" data-end=\"1321\"><strong data-start=\"1293\" data-end=\"1321\">Informations pratiques :<\/strong><\/p><ul data-start=\"1323\" data-end=\"1525\"><li data-section-id=\"hj2uuy\" data-start=\"1323\" data-end=\"1394\"><strong data-start=\"1325\" data-end=\"1338\">Adresse :<\/strong> Ch\u00e2teau de Combourg, 23 rue des Princes, 35270 Combourg<\/li><li data-section-id=\"cntl1t\" data-start=\"1395\" data-end=\"1434\"><strong data-start=\"1397\" data-end=\"1418\">Dur\u00e9e de visite :<\/strong> environ 1 heure<\/li><li data-section-id=\"1ox9vm8\" data-start=\"1435\" data-end=\"1472\"><strong data-start=\"1437\" data-end=\"1456\">Visites guid\u00e9es<\/strong> selon la saison<\/li><li data-section-id=\"1xvrr6n\" data-start=\"1473\" data-end=\"1525\"><strong data-start=\"1475\" data-end=\"1494\">Parc accessible<\/strong> lors de l&#8217;ouverture du domaine<\/li><\/ul><p data-start=\"1527\" data-end=\"1683\">Avant votre venue, il est recommand\u00e9 de consulter les horaires et les tarifs, qui varient selon la p\u00e9riode de l&#8217;ann\u00e9e. <span class=\"\" data-state=\"closed\"><a class=\"decorated-link\" href=\"https:\/\/www.chateau-combourg.com\/votrevisite?utm_source=chatgpt.com\" target=\"_blank\" rel=\"noopener\">Ch\u00e2teau de Combourg \u2013 Pr\u00e9parer votre visite<\/a><\/span><\/p><h3 data-section-id=\"4adz5w\" data-start=\"1685\" data-end=\"1736\">Le lac Tranquille, une promenade incontournable<\/h3><p data-start=\"1738\" data-end=\"2005\">Au pied du ch\u00e2teau s&#8217;\u00e9tend le lac Tranquille, v\u00e9ritable \u00e9crin de verdure qui participe largement au charme de Combourg. Bord\u00e9 d&#8217;arbres centenaires, il offre de magnifiques perspectives sur les tours de la forteresse, particuli\u00e8rement au lever et au coucher du soleil.<\/p><p data-start=\"2007\" data-end=\"2304\">Une promenade d&#8217;environ deux kilom\u00e8tres permet d&#8217;en faire le tour en une quarantaine de minutes. Le parcours est facile et accessible aux familles comme aux promeneurs occasionnels. Plusieurs bancs invitent \u00e0 faire une pause tandis que les photographes appr\u00e9cient les reflets du ch\u00e2teau sur l&#8217;eau.<\/p><p data-start=\"2306\" data-end=\"2433\">Les amateurs d&#8217;ornithologie pourront \u00e9galement observer diff\u00e9rentes esp\u00e8ces d&#8217;oiseaux qui fr\u00e9quentent r\u00e9guli\u00e8rement les berges.<\/p><h3 data-section-id=\"ocmt6f\" data-start=\"2435\" data-end=\"2459\">Le centre historique<\/h3><p data-start=\"2461\" data-end=\"2690\">Le c\u0153ur historique de Combourg se d\u00e9couvre sans v\u00e9ritable <a href=\"https:\/\/cparici.com\/fr\/itineraire\/\">itin\u00e9raire<\/a>. Il suffit de se laisser guider dans les ruelles pav\u00e9es pour appr\u00e9cier les fa\u00e7ades en granit, les anciennes demeures de marchands et les petites places anim\u00e9es.<\/p><p data-start=\"2461\" data-end=\"2690\"><a href=\"https:\/\/cparici.com\/wp-content\/uploads\/2026\/07\/Copie-de-cparici-21.jpg\"><img decoding=\"async\" class=\"aligncenter wp-image-96121 size-large\" src=\"https:\/\/cparici.com\/wp-content\/uploads\/2026\/07\/Copie-de-cparici-21-1024x362.jpg\" alt=\"centre historique Combourg\" width=\"1024\" height=\"362\" srcset=\"https:\/\/cparici.com\/wp-content\/uploads\/2026\/07\/Copie-de-cparici-21-1024x362.jpg 1024w, https:\/\/cparici.com\/wp-content\/uploads\/2026\/07\/Copie-de-cparici-21-300x106.jpg 300w, https:\/\/cparici.com\/wp-content\/uploads\/2026\/07\/Copie-de-cparici-21-768x271.jpg 768w, https:\/\/cparici.com\/wp-content\/uploads\/2026\/07\/Copie-de-cparici-21-18x6.jpg 18w, https:\/\/cparici.com\/wp-content\/uploads\/2026\/07\/Copie-de-cparici-21-590x208.jpg 590w, https:\/\/cparici.com\/wp-content\/uploads\/2026\/07\/Copie-de-cparici-21-1200x424.jpg 1200w, https:\/\/cparici.com\/wp-content\/uploads\/2026\/07\/Copie-de-cparici-21-577x204.jpg 577w, https:\/\/cparici.com\/wp-content\/uploads\/2026\/07\/Copie-de-cparici-21-1320x466.jpg 1320w, https:\/\/cparici.com\/wp-content\/uploads\/2026\/07\/Copie-de-cparici-21-600x212.jpg 600w, https:\/\/cparici.com\/wp-content\/uploads\/2026\/07\/Copie-de-cparici-21.jpg 1500w\" sizes=\"(max-width: 1024px) 100vw, 1024px\" \/><\/a><\/p><p data-start=\"2692\" data-end=\"2736\">Parmi les rues les plus agr\u00e9ables figurent :<\/p><ul data-start=\"2738\" data-end=\"2836\"><li data-section-id=\"rtjefy\" data-start=\"2738\" data-end=\"2759\">la rue Notre-Dame ;<\/li><li data-section-id=\"1i8fndt\" data-start=\"2760\" data-end=\"2784\">la rue Chateaubriand ;<\/li><li data-section-id=\"dgv7cl\" data-start=\"2785\" data-end=\"2811\">la place Albert Parent ;<\/li><li data-section-id=\"1gbd327\" data-start=\"2812\" data-end=\"2836\">la cour des Templiers.<\/li><\/ul><p data-start=\"2838\" data-end=\"3154\">En levant les yeux, on remarque de nombreux d\u00e9tails architecturaux : portes sculpt\u00e9es, linteaux anciens, colombages et maisons datant parfois du XVI\u1d49 si\u00e8cle. Cette promenade permet aussi de d\u00e9couvrir plusieurs boutiques ind\u00e9pendantes, galeries et commerces de proximit\u00e9 qui participent \u00e0 l&#8217;animation du centre-ville.<\/p><h3 data-section-id=\"97vv3z\" data-start=\"3156\" data-end=\"3191\">L&#8217;<a href=\"https:\/\/cparici.com\/fr\/eglises-dans-les-villes-et-villages-de-france\/\">\u00e9glise<\/a> Notre-Dame de Combourg<\/h3><p data-start=\"3193\" data-end=\"3438\">Construite entre les XIX\u1d49 et XX\u1d49 si\u00e8cles dans un style n\u00e9ogothique, l&#8217;\u00e9glise Notre-Dame surprend par ses volumes et la finesse de ses vitraux. Son clocher domine les toits de la cit\u00e9 et constitue un rep\u00e8re visible depuis plusieurs points de vue.<\/p><p data-start=\"3440\" data-end=\"3610\">\u00c0 l&#8217;int\u00e9rieur, les visiteurs d\u00e9couvrent une nef lumineuse, plusieurs \u0153uvres religieuses ainsi qu&#8217;un mobilier sobre qui contraste avec l&#8217;imposante <a href=\"https:\/\/cparici.com\/fr\/histoire-de-larchitecture-en-france\/\">architecture<\/a> ext\u00e9rieure.<\/p><p data-start=\"3612\" data-end=\"3657\"><strong data-start=\"3612\" data-end=\"3625\">Adresse :<\/strong> Place Piquette, 35270 Combourg.<\/p><h3 data-section-id=\"1yghe6v\" data-start=\"3659\" data-end=\"3710\">Les jardins et les points de vue sur le ch\u00e2teau<\/h3><p data-start=\"3712\" data-end=\"3942\">L&#8217;un des plaisirs d&#8217;une visite consiste \u00e0 admirer le ch\u00e2teau sous diff\u00e9rents angles. Depuis les berges du lac Tranquille, les jardins et certaines rues du centre historique, les panoramas changent constamment au fil de la journ\u00e9e.<\/p><p data-start=\"3944\" data-end=\"4212\">Le meilleur point de vue reste sans doute la promenade situ\u00e9e au sud du lac, o\u00f9 les cinq tours du ch\u00e2teau se refl\u00e8tent dans l&#8217;eau lorsque les conditions sont calmes. Au printemps comme en automne, les couleurs des arbres offrent un d\u00e9cor particuli\u00e8rement photog\u00e9nique.<\/p><h3 data-section-id=\"4oqe4n\" data-start=\"4214\" data-end=\"4262\">Les traces de Fran\u00e7ois-Ren\u00e9 de Chateaubriand<\/h3><p data-start=\"4264\" data-end=\"4484\">Tout au long de votre d\u00e9couverte de Combourg, vous croiserez de nombreuses r\u00e9f\u00e9rences \u00e0 l&#8217;\u00e9crivain. Une statue lui rend hommage dans la ville, tandis que plusieurs plaques rappellent les lieux qui ont marqu\u00e9 son enfance.<\/p><p data-start=\"4486\" data-end=\"4849\">Les passionn\u00e9s de litt\u00e9rature appr\u00e9cieront \u00e9galement de parcourir les espaces \u00e9voqu\u00e9s dans les <em data-start=\"4581\" data-end=\"4605\">M\u00e9moires d&#8217;outre-tombe<\/em>, o\u00f9 Chateaubriand d\u00e9crit avec pr\u00e9cision le ch\u00e2teau, les bois et les <a href=\"https:\/\/cparici.com\/fr\/paysages-en-france\/\">paysages<\/a> environnants. Cette immersion permet de mieux comprendre pourquoi cette commune bretonne est aujourd&#8217;hui consid\u00e9r\u00e9e comme l&#8217;un des hauts lieux du romantisme fran\u00e7ais.<\/p><h2 class=\"PDq2pG_selectionAnchorContainer\" data-section-id=\"tthqa6\" data-start=\"0\" data-end=\"25\">Que faire \u00e0 Combourg ?<\/h2><p data-start=\"27\" data-end=\"376\">Au-del\u00e0 de son patrimoine historique, Combourg se pr\u00eate \u00e0 une multitude d&#8217;activit\u00e9s qui permettent de d\u00e9couvrir la ville sous diff\u00e9rents angles. Que vous soyez amateur de balades, passionn\u00e9 de photographie, curieux de patrimoine ou simplement en qu\u00eate d&#8217;une escapade paisible, cette cit\u00e9 bretonne r\u00e9serve de belles surprises tout au long de l&#8217;ann\u00e9e.<\/p><h3 data-section-id=\"14ek0iw\" data-start=\"378\" data-end=\"426\">Fl\u00e2ner dans les ruelles du centre historique<\/h3><p data-start=\"428\" data-end=\"726\">L&#8217;une des meilleures fa\u00e7ons de d\u00e9couvrir Combourg est tout simplement de prendre son temps. Les rues anciennes invitent \u00e0 la promenade, sans itin\u00e9raire pr\u00e9cis. Derri\u00e8re chaque angle de rue apparaissent une fa\u00e7ade de granit, une maison \u00e0 colombages, une cour discr\u00e8te ou un ancien h\u00f4tel particulier.<\/p><p data-start=\"728\" data-end=\"1027\">Le matin, lorsque les commerces ouvrent leurs portes, l&#8217;ambiance est particuli\u00e8rement agr\u00e9able. Les terrasses commencent \u00e0 s&#8217;animer et les habitants se retrouvent sur les places du centre. C&#8217;est aussi le moment id\u00e9al pour photographier les monuments avec une lumi\u00e8re douce et des rues encore calmes.<\/p><p data-start=\"1029\" data-end=\"1186\">N&#8217;h\u00e9sitez pas \u00e0 pousser les portes des boutiques d&#8217;artisans, des librairies ind\u00e9pendantes ou des petits commerces qui participent au charme de cette commune.<\/p><h3 data-section-id=\"4sqd0\" data-start=\"1188\" data-end=\"1223\">Faire le tour du lac Tranquille<\/h3><p data-start=\"1225\" data-end=\"1440\">Impossible de s\u00e9journer \u00e0 Combourg sans emprunter le sentier qui longe le lac Tranquille. Cette promenade, accessible \u00e0 tous, offre des vues changeantes sur le ch\u00e2teau, les arbres centenaires et les berges fleuries.<\/p><p data-start=\"1442\" data-end=\"1659\">Comptez environ <strong data-start=\"1458\" data-end=\"1477\">40 \u00e0 50 minutes<\/strong> pour effectuer la boucle \u00e0 un rythme tranquille. Plusieurs bancs jalonnent le parcours et permettent d&#8217;observer les canards, les h\u00e9rons ou simplement de profiter du calme des lieux.<\/p><p data-start=\"1661\" data-end=\"1852\">En automne, les couleurs des feuillages se refl\u00e8tent dans l&#8217;eau et offrent l&#8217;un des plus beaux paysages de la ville. Au printemps, les floraisons apportent une atmosph\u00e8re tout aussi agr\u00e9able.<\/p><h3 data-section-id=\"1idubse\" data-start=\"1854\" data-end=\"1907\">S&#8217;installer en terrasse et profiter de l&#8217;ambiance<\/h3><p data-start=\"1909\" data-end=\"2117\">Apr\u00e8s la visite des principaux monuments, prenez le temps de faire une pause dans le centre-ville. Plusieurs caf\u00e9s disposent de terrasses o\u00f9 il est agr\u00e9able de savourer une boisson ou une sp\u00e9cialit\u00e9 bretonne.<\/p><p data-start=\"2119\" data-end=\"2164\">Parmi les adresses appr\u00e9ci\u00e9es des visiteurs :<\/p><ul data-start=\"2166\" data-end=\"2369\"><li data-section-id=\"zsfh78\" data-start=\"2166\" data-end=\"2266\"><strong data-start=\"2168\" data-end=\"2194\">Le Caf\u00e9 de la Lanterne<\/strong> \u2013 Place Albert Parent, 35270 Combourg, id\u00e9al pour une pause en journ\u00e9e.<\/li><li data-section-id=\"oxsbog\" data-start=\"2267\" data-end=\"2369\"><strong data-start=\"2269\" data-end=\"2294\">Le Relais des Princes<\/strong> \u2013 2 rue des Princes, 35270 Combourg, appr\u00e9ci\u00e9 pour son cadre traditionnel.<\/li><\/ul><p data-start=\"2371\" data-end=\"2491\">Ces \u00e9tablissements permettent de profiter de l&#8217;animation du centre historique tout en observant le quotidien de la cit\u00e9.<\/p><h3 data-section-id=\"3vatq2\" data-start=\"2493\" data-end=\"2528\">D\u00e9couvrir les saveurs bretonnes<\/h3><p data-start=\"2530\" data-end=\"2813\">Une visite de Combourg est aussi l&#8217;occasion de go\u00fbter aux sp\u00e9cialit\u00e9s locales. Galettes de sarrasin, cr\u00eapes au beurre sal\u00e9, caramel au beurre sal\u00e9, cidres artisanaux ou encore produits des fermes environnantes sont largement repr\u00e9sent\u00e9s dans les restaurants et commerces de la ville.<\/p><p data-start=\"2815\" data-end=\"2998\">Si vous \u00eates pr\u00e9sent le jour du march\u00e9, profitez-en pour d\u00e9couvrir les producteurs locaux qui proposent fromages, l\u00e9gumes de saison, miel, p\u00e2tisseries et autres sp\u00e9cialit\u00e9s bretonnes.<\/p><h3 data-section-id=\"4is4ov\" data-start=\"3000\" data-end=\"3053\">Participer aux animations tout au long de l&#8217;ann\u00e9e<\/h3><p data-start=\"3055\" data-end=\"3275\">La ville organise r\u00e9guli\u00e8rement des \u00e9v\u00e9nements qui rythment la vie locale. Concerts, expositions, march\u00e9s de cr\u00e9ateurs, animations estivales et rendez-vous culturels permettent de d\u00e9couvrir Combourg sous un autre visage.<\/p><p data-start=\"3277\" data-end=\"3474\">Les amateurs de litt\u00e9rature appr\u00e9cieront les manifestations consacr\u00e9es \u00e0 Fran\u00e7ois-Ren\u00e9 de Chateaubriand, tandis que les familles profiteront des animations propos\u00e9es pendant les vacances scolaires.<\/p><p data-start=\"3476\" data-end=\"3640\">Avant votre s\u00e9jour, consultez l&#8217;agenda officiel de la commune afin de conna\u00eetre les \u00e9v\u00e9nements programm\u00e9s durant votre visite. <span class=\"\" data-state=\"closed\"><a class=\"decorated-link cursor-pointer\" target=\"_blank\" rel=\"noopener\">Agenda de Combourg<\/a><\/span><\/p><h3 data-section-id=\"l21wzz\" data-start=\"3642\" data-end=\"3684\">Photographier les plus beaux panoramas<\/h3><p data-start=\"3686\" data-end=\"3778\">Les passionn\u00e9s de photographie trouveront \u00e0 Combourg de nombreux points de vue remarquables.<\/p><p data-start=\"3780\" data-end=\"3808\">Parmi les plus beaux spots :<\/p><ul data-start=\"3810\" data-end=\"4044\"><li data-section-id=\"1bmud8l\" data-start=\"3810\" data-end=\"3874\">les berges du lac Tranquille avec le ch\u00e2teau en arri\u00e8re-plan ;<\/li><li data-section-id=\"1xnlbo8\" data-start=\"3875\" data-end=\"3907\">le pont qui surplombe le lac ;<\/li><li data-section-id=\"1k3zqjf\" data-start=\"3908\" data-end=\"3949\">les petites rues du centre historique ;<\/li><li data-section-id=\"jh5lfk\" data-start=\"3950\" data-end=\"3994\">les abords du ch\u00e2teau au lever du soleil ;<\/li><li data-section-id=\"xh16yn\" data-start=\"3995\" data-end=\"4044\">les jardins offrant une vue sur les cinq tours.<\/li><\/ul><p data-start=\"4046\" data-end=\"4278\">\u00c0 chaque saison, les paysages changent d&#8217;ambiance. Les brumes matinales de l&#8217;automne, les couleurs du printemps ou les lumi\u00e8res dor\u00e9es des soir\u00e9es d&#8217;\u00e9t\u00e9 donnent au patrimoine de la commune un caract\u00e8re particuli\u00e8rement photog\u00e9nique.<\/p><h2 class=\"PDq2pG_selectionAnchorContainer\" data-section-id=\"6imdpg\" data-start=\"39\" data-end=\"86\">Informations pratiques pour visiter Combourg<\/h2><p data-start=\"88\" data-end=\"422\">Pour profiter pleinement de votre d\u00e9couverte de Combourg, quelques informations pratiques peuvent faire toute la diff\u00e9rence. Acc\u00e8s, stationnement, meilleure p\u00e9riode, dur\u00e9e de visite ou encore bureau d&#8217;information touristique : voici tout ce qu&#8217;il faut savoir pour organiser sereinement votre s\u00e9jour dans cette charmante cit\u00e9 bretonne.<\/p><h3 data-section-id=\"1uqhla8\" data-start=\"424\" data-end=\"454\">Comment venir \u00e0 Combourg ?<\/h3><p data-start=\"456\" data-end=\"577\">Gr\u00e2ce \u00e0 sa position entre <a href=\"https:\/\/cparici.com\/fr\/rennes\/\">Rennes<\/a> et Saint-Malo, Combourg est facilement accessible quel que soit votre mode de transport.<\/p><p data-start=\"579\" data-end=\"593\"><strong data-start=\"579\" data-end=\"593\">En voiture<\/strong><\/p><ul data-start=\"595\" data-end=\"807\"><li data-section-id=\"2ebbit\" data-start=\"595\" data-end=\"652\">Depuis <strong data-start=\"604\" data-end=\"614\"><a href=\"https:\/\/cparici.com\/fr\/rennes\/\">Rennes<\/a><\/strong> : environ <strong data-start=\"625\" data-end=\"639\">40 minutes<\/strong> via la N137.<\/li><li data-section-id=\"1dp77od\" data-start=\"653\" data-end=\"702\">Depuis <strong data-start=\"662\" data-end=\"676\">Saint-Malo<\/strong> : environ <strong data-start=\"687\" data-end=\"701\">35 minutes<\/strong>.<\/li><li data-section-id=\"1lg2qrz\" data-start=\"703\" data-end=\"762\">Depuis <strong data-start=\"712\" data-end=\"736\">le Mont-Saint-Michel<\/strong> : environ <strong data-start=\"747\" data-end=\"761\">45 minutes<\/strong>.<\/li><li data-section-id=\"1wabwky\" data-start=\"763\" data-end=\"807\">Depuis <strong data-start=\"772\" data-end=\"781\">Dinan<\/strong> : environ <strong data-start=\"792\" data-end=\"806\">35 minutes<\/strong>.<\/li><\/ul><p data-start=\"809\" data-end=\"980\">Le ch\u00e2teau est situ\u00e9 au <strong data-start=\"833\" data-end=\"871\">23 rue des Princes, 35270 Combourg<\/strong>, et plusieurs parkings gratuits se trouvent \u00e0 quelques minutes \u00e0 pied.<\/p><p data-start=\"982\" data-end=\"994\"><strong data-start=\"982\" data-end=\"994\">En train<\/strong><\/p><p data-start=\"996\" data-end=\"1283\">La gare SNCF de Combourg est desservie par les trains TER reliant directement Rennes (environ 30 minutes) et Saint-Malo (environ 40 minutes). Depuis la gare, comptez une trentaine de minutes de marche jusqu&#8217;au ch\u00e2teau ou quelques minutes en voiture.<\/p><h3 data-section-id=\"tpcfx6\" data-start=\"1285\" data-end=\"1302\">O\u00f9 se garer ?<\/h3><p data-start=\"1304\" data-end=\"1383\">Le stationnement est relativement simple \u00e0 Combourg, y compris en haute saison.<\/p><p data-start=\"1385\" data-end=\"1421\">Les principaux parkings se situent :<\/p><ul data-start=\"1423\" data-end=\"1598\"><li data-section-id=\"17iek97\" data-start=\"1423\" data-end=\"1453\">\u00e0 proximit\u00e9 du <strong data-start=\"1440\" data-end=\"1451\">ch\u00e2teau<\/strong> ;<\/li><li data-section-id=\"scg2qt\" data-start=\"1454\" data-end=\"1486\">autour du <strong data-start=\"1466\" data-end=\"1484\">lac Tranquille<\/strong> ;<\/li><li data-section-id=\"1pplgr6\" data-start=\"1487\" data-end=\"1550\"><strong data-start=\"1489\" data-end=\"1507\">place Piquette<\/strong>, \u00e0 quelques minutes du centre historique ;<\/li><li data-section-id=\"1s8e1hr\" data-start=\"1551\" data-end=\"1598\">pr\u00e8s du <strong data-start=\"1561\" data-end=\"1597\">Bureau d&#8217;Information Touristique<\/strong>.<\/li><\/ul><p data-start=\"1600\" data-end=\"1861\">La majorit\u00e9 des places sont gratuites, ce qui permet de visiter la ville sans contrainte particuli\u00e8re. Le Bureau d&#8217;Information Touristique dispose \u00e9galement de places de stationnement \u00e0 proximit\u00e9, dont des emplacements PMR.<\/p><h3 data-section-id=\"1t13b3e\" data-start=\"1863\" data-end=\"1922\">Quelle est la meilleure p\u00e9riode pour visiter Combourg ?<\/h3><p data-start=\"1924\" data-end=\"2003\">Combourg se visite toute l&#8217;ann\u00e9e, mais chaque saison poss\u00e8de son propre charme.<\/p><ul data-start=\"2005\" data-end=\"2539\"><li data-section-id=\"47tk3s\" data-start=\"2005\" data-end=\"2130\"><strong data-start=\"2007\" data-end=\"2023\">Au printemps<\/strong>, les jardins et les berges du lac se parent de couleurs, offrant de belles conditions pour les promenades.<\/li><li data-section-id=\"2tlt4k\" data-start=\"2131\" data-end=\"2246\"><strong data-start=\"2133\" data-end=\"2143\">En \u00e9t\u00e9<\/strong>, les journ\u00e9es sont anim\u00e9es par les march\u00e9s, les manifestations culturelles et les terrasses des caf\u00e9s.<\/li><li data-section-id=\"1d92c6c\" data-start=\"2247\" data-end=\"2390\"><strong data-start=\"2249\" data-end=\"2264\">\u00c0 l&#8217;automne<\/strong>, les arbres autour du lac Tranquille offrent un magnifique spectacle de couleurs, particuli\u00e8rement appr\u00e9ci\u00e9 des photographes.<\/li><li data-section-id=\"ewl0w5\" data-start=\"2391\" data-end=\"2539\"><strong data-start=\"2393\" data-end=\"2405\">En hiver<\/strong>, l&#8217;atmosph\u00e8re plus calme met en valeur le caract\u00e8re m\u00e9di\u00e9val de la ville et le ch\u00e2teau prend une allure particuli\u00e8rement myst\u00e9rieuse.<\/li><\/ul><p data-start=\"2541\" data-end=\"2636\">Pour \u00e9viter l&#8217;affluence, privil\u00e9giez une visite en semaine ou en dehors des vacances scolaires.<\/p><h3 data-section-id=\"1lot79r\" data-start=\"2638\" data-end=\"2668\">Combien de temps pr\u00e9voir ?<\/h3><p data-start=\"2670\" data-end=\"2707\">La dur\u00e9e id\u00e9ale d\u00e9pend de vos envies.<\/p><ul data-start=\"2709\" data-end=\"3074\"><li data-section-id=\"2i4qo9\" data-start=\"2709\" data-end=\"2785\"><strong data-start=\"2711\" data-end=\"2727\">2 \u00e0 3 heures<\/strong> permettent de visiter le ch\u00e2teau et le centre historique.<\/li><li data-section-id=\"1m0owdl\" data-start=\"2786\" data-end=\"2915\"><strong data-start=\"2788\" data-end=\"2812\">Une journ\u00e9e compl\u00e8te<\/strong> est recommand\u00e9e pour ajouter le tour du lac, un d\u00e9jeuner en ville et quelques visites compl\u00e9mentaires.<\/li><li data-section-id=\"1iciv3y\" data-start=\"2916\" data-end=\"3074\"><strong data-start=\"2918\" data-end=\"2933\">Un week-end<\/strong> est id\u00e9al pour d\u00e9couvrir \u00e9galement les environs : Dol-de-Bretagne, B\u00e9cherel, Dinan, le canal d&#8217;Ille-et-Rance ou encore le Mont-Saint-Michel.<\/li><\/ul><p data-start=\"3076\" data-end=\"3270\">Si vous souhaitez visiter le ch\u00e2teau et son parc dans leur int\u00e9gralit\u00e9, pr\u00e9voyez environ <strong data-start=\"3165\" data-end=\"3177\">2 heures<\/strong>, dont <strong data-start=\"3184\" data-end=\"3198\">45 minutes<\/strong> pour la visite guid\u00e9e int\u00e9rieure.<\/p><h3 data-section-id=\"tqv9o9\" data-start=\"3272\" data-end=\"3326\">O\u00f9 trouver des informations pendant votre s\u00e9jour ?<\/h3><p data-start=\"3328\" data-end=\"3494\">Pour obtenir des conseils personnalis\u00e9s, r\u00e9cup\u00e9rer un plan de la ville ou conna\u00eetre les animations en cours, rendez-vous au <strong data-start=\"3452\" data-end=\"3493\"><span class=\"\" data-state=\"closed\"><span class=\"hover:entity-accent entity-underline inline cursor-pointer align-baseline\"><span class=\"whitespace-normal\">Bureau d&#8217;Information Touristique de Combourg<\/span><\/span><\/span><\/strong>.<\/p><p data-start=\"3496\" data-end=\"3547\"><strong data-start=\"3496\" data-end=\"3509\">Adresse :<\/strong> 9 bis rue Notre-Dame, 35270 Combourg.<\/p><p data-start=\"3549\" data-end=\"3567\">Vous y trouverez :<\/p><ul data-start=\"3569\" data-end=\"3784\"><li data-section-id=\"1rb48vo\" data-start=\"3569\" data-end=\"3592\">des plans de visite ;<\/li><li data-section-id=\"ttt0my\" data-start=\"3593\" data-end=\"3622\">des circuits de randonn\u00e9e ;<\/li><li data-section-id=\"86qwpe\" data-start=\"3623\" data-end=\"3673\">des informations sur les march\u00e9s et \u00e9v\u00e9nements ;<\/li><li data-section-id=\"16hckd7\" data-start=\"3674\" data-end=\"3728\">des id\u00e9es d&#8217;excursions dans la Bretagne romantique ;<\/li><li data-section-id=\"1h1tlq2\" data-start=\"3729\" data-end=\"3784\">des conseils sur les h\u00e9bergements et les restaurants.<\/li><\/ul><p data-start=\"3786\" data-end=\"3934\">Le bureau est g\u00e9n\u00e9ralement ouvert <strong data-start=\"3820\" data-end=\"3842\">du mardi au samedi<\/strong> hors saison et <strong data-start=\"3858\" data-end=\"3895\">tous les jours en juillet et ao\u00fbt<\/strong>.<\/p><h3 data-section-id=\"p58dh5\" data-start=\"3936\" data-end=\"3976\">Quelques conseils avant votre visite<\/h3><p data-start=\"3978\" data-end=\"4036\">Pour profiter pleinement de votre d\u00e9couverte de Combourg :<\/p><ul data-start=\"4038\" data-end=\"4550\"><li data-section-id=\"6dn16f\" data-start=\"4038\" data-end=\"4119\">portez des chaussures confortables, les rues pav\u00e9es pouvant \u00eatre irr\u00e9guli\u00e8res ;<\/li><li data-section-id=\"13ohuuv\" data-start=\"4120\" data-end=\"4219\">r\u00e9servez votre visite du ch\u00e2teau si vous voyagez en groupe ou lors d&#8217;un <a href=\"https:\/\/cparici.com\/fr\/week-end-en-amoureux\/\">week-end<\/a> tr\u00e8s fr\u00e9quent\u00e9 ;<\/li><li data-section-id=\"1comv8s\" data-start=\"4220\" data-end=\"4331\">pr\u00e9voyez un appareil photo : les points de vue sur le lac et le ch\u00e2teau sont particuli\u00e8rement photog\u00e9niques ;<\/li><li data-section-id=\"1yohxok\" data-start=\"4332\" data-end=\"4424\">arrivez en d\u00e9but de matin\u00e9e pour profiter d&#8217;une ambiance plus paisible, notamment en \u00e9t\u00e9 ;<\/li><li data-section-id=\"17uiezm\" data-start=\"4425\" data-end=\"4550\">si vous \u00eates pr\u00e9sent un mardi, ne manquez pas le march\u00e9 hebdomadaire avant de poursuivre votre visite du centre historique.<\/li><\/ul>\t\t\t\t\t\t\t\t<\/div>\n\t\t\t\t\t<\/div>\n\t\t\t\t<\/div>\n\t\t<div class=\"elementor-element elementor-element-5b979c6 e-con e-atomic-element e-flexbox-base e-4a078a0 \" data-id=\"5b979c6\" data-element_type=\"e-flexbox\" data-e-type=\"e-flexbox\" data-interaction-id=\"5b979c6\" data-e-type=\"e-flexbox\" data-id=\"5b979c6\">\n    \t\t<div class=\"elementor-element elementor-element-f2305ee elementor-widget elementor-widget-listeo-posts-grid\" data-id=\"f2305ee\" data-element_type=\"widget\" data-e-type=\"widget\" data-widget_type=\"listeo-posts-grid.default\">\n\t\t\t\t<div class=\"elementor-widget-container\">\n\t\t\t\t\t\t\t\n\t\t<div class=\"listeo-post-grid-wrapper\">\n\t\t\t<div class=\"row\">\n\n\t\t\t\n\n\t\t\t\t\t\t\t<div class=\"col-md-4\">\n                <a href=\"https:\/\/cparici.com\/de\/cote-d-emeraude\/\" class=\"blog-compact-item-container\">\n                    <div class=\"blog-compact-item\">\n                        <img decoding=\"async\" width=\"577\" height=\"203\" src=\"https:\/\/cparici.com\/wp-content\/uploads\/2024\/06\/saint-malo-1.jpg\" class=\"attachment-listeo-blog-related-post size-listeo-blog-related-post wp-post-image\" alt=\"cote d&#039;emeraude\" srcset=\"https:\/\/cparici.com\/wp-content\/uploads\/2024\/06\/saint-malo-1.jpg 1500w, https:\/\/cparici.com\/wp-content\/uploads\/2024\/06\/saint-malo-1-600x211.jpg 600w, https:\/\/cparici.com\/wp-content\/uploads\/2024\/06\/saint-malo-1-300x106.jpg 300w, https:\/\/cparici.com\/wp-content\/uploads\/2024\/06\/saint-malo-1-1024x360.jpg 1024w, https:\/\/cparici.com\/wp-content\/uploads\/2024\/06\/saint-malo-1-768x270.jpg 768w\" sizes=\"(max-width: 577px) 100vw, 577px\" \/><span class=\"blog-item-tag\">Bretagne<\/span>                        \n                        <div class=\"blog-compact-item-content\">\n                                                        <h3>Cote d&#8217;Emeraude en Ille-et-Vilaine : Un Guide Complet<\/h3>\n                                                        <p>Explorez la C\u00f4te d'\u00c9meraude en Ille-et-Vilaine, ses villes charmantes, plages idylliques, histoire riche et sites...                            <\/p>\n                                                    <\/div>\n                    <\/div>\n                <\/a>\n            <\/div>\n\t\t\t<div class=\"col-md-4\">\n                <a href=\"https:\/\/cparici.com\/de\/dinard\/\" class=\"blog-compact-item-container\">\n                    <div class=\"blog-compact-item\">\n                        <img decoding=\"async\" width=\"577\" height=\"211\" src=\"https:\/\/cparici.com\/wp-content\/uploads\/2024\/06\/dinard.jpg\" class=\"attachment-listeo-blog-related-post size-listeo-blog-related-post wp-post-image\" alt=\"dinard\" srcset=\"https:\/\/cparici.com\/wp-content\/uploads\/2024\/06\/dinard.jpg 1450w, https:\/\/cparici.com\/wp-content\/uploads\/2024\/06\/dinard-600x219.jpg 600w, https:\/\/cparici.com\/wp-content\/uploads\/2024\/06\/dinard-300x110.jpg 300w, https:\/\/cparici.com\/wp-content\/uploads\/2024\/06\/dinard-1024x374.jpg 1024w, https:\/\/cparici.com\/wp-content\/uploads\/2024\/06\/dinard-768x281.jpg 768w\" sizes=\"(max-width: 577px) 100vw, 577px\" \/><span class=\"blog-item-tag\">Bretagne<\/span>                        \n                        <div class=\"blog-compact-item-content\">\n                                                        <h3>Dinard &#8211; d\u00e9couvrez la perle de la C\u00f4te d&#8217;\u00c9meraude<\/h3>\n                                                        <p>Dinard, la perle de la C\u00f4te d'\u00c9meraude, vous r\u00e9serve des surprises. D\u00e9couvrez ses secrets dans...                            <\/p>\n                                                    <\/div>\n                    <\/div>\n                <\/a>\n            <\/div>\n\t\t\t<div class=\"col-md-4\">\n                <a href=\"https:\/\/cparici.com\/de\/broceliande-de-la-foret-a-la-serie\/\" class=\"blog-compact-item-container\">\n                    <div class=\"blog-compact-item\">\n                        <img decoding=\"async\" width=\"577\" height=\"204\" src=\"https:\/\/cparici.com\/wp-content\/uploads\/2025\/07\/cparici-85-577x204.jpg\" class=\"attachment-listeo-blog-related-post size-listeo-blog-related-post wp-post-image\" alt=\"Broc\u00e9liande\" srcset=\"https:\/\/cparici.com\/wp-content\/uploads\/2025\/07\/cparici-85-577x204.jpg 577w, https:\/\/cparici.com\/wp-content\/uploads\/2025\/07\/cparici-85-300x106.jpg 300w, https:\/\/cparici.com\/wp-content\/uploads\/2025\/07\/cparici-85-1024x362.jpg 1024w, https:\/\/cparici.com\/wp-content\/uploads\/2025\/07\/cparici-85-768x271.jpg 768w, https:\/\/cparici.com\/wp-content\/uploads\/2025\/07\/cparici-85-18x6.jpg 18w, https:\/\/cparici.com\/wp-content\/uploads\/2025\/07\/cparici-85-590x208.jpg 590w, https:\/\/cparici.com\/wp-content\/uploads\/2025\/07\/cparici-85-1200x424.jpg 1200w, https:\/\/cparici.com\/wp-content\/uploads\/2025\/07\/cparici-85-600x212.jpg 600w, https:\/\/cparici.com\/wp-content\/uploads\/2025\/07\/cparici-85.jpg 1500w\" sizes=\"(max-width: 577px) 100vw, 577px\" \/><span class=\"blog-item-tag\">Bretagne<\/span>                        \n                        <div class=\"blog-compact-item-content\">\n                                                        <h3>Broc\u00e9liande, de la for\u00eat \u00e0 la s\u00e9rie<\/h3>\n                                                        <p>Recherches populaires Categories Pas de r\u00e9sultats Voir tous les r\u00e9sultats Broc\u00e9liande, de la for\u00eat \u00e0...                            <\/p>\n                                                    <\/div>\n                    <\/div>\n                <\/a>\n            <\/div>\n  <\/div>\n        <\/div>\n        \t\t\t\t<\/div>\n\t\t\t\t<\/div>\n\t\t\n<\/div>\n\t\t<\/div>\n\t\t","protected":false},"excerpt":{"rendered":"<p>Recherches populaires Categories Pas de r\u00e9sultats Voir tous les r\u00e9sultats Combourg : que voir, que faire et que visiter ? Domin\u00e9e par la silhouette imposante de son ch\u00e2teau m\u00e9di\u00e9val et bord\u00e9e par les eaux paisibles du lac Tranquille, Combourg est l&#8217;une de ces destinations qui s\u00e9duisent d\u00e8s les premiers pas. Class\u00e9e Petite Cit\u00e9 de Caract\u00e8re, [&hellip;]<\/p>\n","protected":false},"author":97,"featured_media":96114,"comment_status":"closed","ping_status":"closed","sticky":false,"template":"elementor_header_footer","format":"standard","meta":{"ngg_post_thumbnail":0,"footnotes":"","_members_access_role":[],"_members_access_error":""},"categories":[3150,478,477,1028],"tags":[],"class_list":["post-96111","post","type-post","status-publish","format-standard","has-post-thumbnail","hentry","category-combourg","category-bretagne","category-france","category-ille-et-vilaine"],"_links":{"self":[{"href":"https:\/\/cparici.com\/de\/wp-json\/wp\/v2\/posts\/96111","targetHints":{"allow":["GET"]}}],"collection":[{"href":"https:\/\/cparici.com\/de\/wp-json\/wp\/v2\/posts"}],"about":[{"href":"https:\/\/cparici.com\/de\/wp-json\/wp\/v2\/types\/post"}],"author":[{"embeddable":true,"href":"https:\/\/cparici.com\/de\/wp-json\/wp\/v2\/users\/97"}],"replies":[{"embeddable":true,"href":"https:\/\/cparici.com\/de\/wp-json\/wp\/v2\/comments?post=96111"}],"version-history":[{"count":2,"href":"https:\/\/cparici.com\/de\/wp-json\/wp\/v2\/posts\/96111\/revisions"}],"predecessor-version":[{"id":96138,"href":"https:\/\/cparici.com\/de\/wp-json\/wp\/v2\/posts\/96111\/revisions\/96138"}],"wp:featuredmedia":[{"embeddable":true,"href":"https:\/\/cparici.com\/de\/wp-json\/wp\/v2\/media\/96114"}],"wp:attachment":[{"href":"https:\/\/cparici.com\/de\/wp-json\/wp\/v2\/media?parent=96111"}],"wp:term":[{"taxonomy":"category","embeddable":true,"href":"https:\/\/cparici.com\/de\/wp-json\/wp\/v2\/categories?post=96111"},{"taxonomy":"post_tag","embeddable":true,"href":"https:\/\/cparici.com\/de\/wp-json\/wp\/v2\/tags?post=96111"}],"curies":[{"name":"wp","href":"https:\/\/api.w.org\/{rel}","templated":true}]}}