{"id":11912,"date":"2021-02-19T09:19:55","date_gmt":"2021-02-19T09:19:55","guid":{"rendered":"https:\/\/loclilala-vacances.com\/plage-des-nonnes-a-meschers\/"},"modified":"2026-01-18T11:24:00","modified_gmt":"2026-01-18T10:24:00","slug":"plage-des-nonnes-meschers","status":"publish","type":"post","link":"https:\/\/cparici.com\/en\/plage-des-nonnes-meschers\/","title":{"rendered":"Plage des Nonnes in Meschers"},"content":{"rendered":"\t\t<div data-elementor-type=\"wp-post\" data-elementor-id=\"11912\" class=\"elementor elementor-11912\" data-elementor-post-type=\"post\">\n\t\t\t\t<div class=\"elementor-element elementor-element-f674838 e-con-full e-flex e-con e-parent\" data-id=\"f674838\" data-element_type=\"container\" data-e-type=\"container\">\n\t\t\t\t<div class=\"elementor-element elementor-element-b6271a7 elementor-widget elementor-widget-image\" data-id=\"b6271a7\" data-element_type=\"widget\" data-e-type=\"widget\" data-widget_type=\"image.default\">\n\t\t\t\t\t\t\t\t\t\t\t\t\t\t\t<img decoding=\"async\" width=\"1520\" height=\"468\" src=\"https:\/\/cparici.com\/wp-content\/uploads\/2020\/12\/plage-des-nonnes-banniere.jpg\" class=\"attachment-full size-full wp-image-11858\" alt=\"plage des nonnes meschers sur gironde\" srcset=\"https:\/\/cparici.com\/wp-content\/uploads\/2020\/12\/plage-des-nonnes-banniere.jpg 1520w, https:\/\/cparici.com\/wp-content\/uploads\/2020\/12\/plage-des-nonnes-banniere-600x184.jpg 600w, https:\/\/cparici.com\/wp-content\/uploads\/2020\/12\/plage-des-nonnes-banniere-768x236.jpg 768w\" sizes=\"(max-width: 1520px) 100vw, 1520px\" \/>\t\t\t\t\t\t\t\t\t\t\t\t\t\t\t<\/div>\n\t\t\t\t<\/div>\n\t\t<div class=\"elementor-element elementor-element-33ab491 e-flex e-con-boxed e-con e-parent\" data-id=\"33ab491\" data-element_type=\"container\" data-e-type=\"container\">\n\t\t\t\t\t<div class=\"e-con-inner\">\n\t\t\t\t<div class=\"elementor-element elementor-element-eac9a4a elementor-widget elementor-widget-global elementor-global-62046 elementor-widget-eael-advanced-search\" data-id=\"eac9a4a\" data-element_type=\"widget\" data-e-type=\"widget\" data-widget_type=\"eael-advanced-search.default\">\n\t\t\t\t\t        <div class=\"eael-adv-search-wrapper\">\n            <div id=\"eael-advanced-search-widget-eac9a4a\" class=\"eael-advanced-search-widget\">\n                <form data-settings=\"{&quot;post_per_page&quot;:5,&quot;search_among_taxonomies&quot;:&quot;&quot;,&quot;search_among_sku&quot;:&quot;no&quot;,&quot;show_popular_keyword&quot;:0,&quot;show_category&quot;:0,&quot;show_content_image&quot;:1,&quot;show_search_result_all_results&quot;:0,&quot;result_on_new_tab&quot;:&quot;no&quot;,&quot;show_product_price&quot;:&quot;no&quot;,&quot;include_current_page&quot;:&quot;no&quot;,&quot;current_post_id&quot;:11912,&quot;post_type&quot;:[&quot;post&quot;,&quot;listing&quot;]}\" method=\"POST\" name=\"eael-advanced-search-form-eac9a4a\" class=\"eael-advanced-search-form eael-advanced-search-form-style-2\">\n                    <div class=\"eael-advanced-search-wrap\">\n                        <span class=\"eael-adv-search-loader\"><\/span>\n                        <span class=\"eael-adv-search-close\"><i class=\"fas fa-times\"><\/i><\/span>\n                        <span class=\"icon \"><i class=\"fas fa-search\"><\/i><\/span>\n\n                        <input type=\"text\"\n                               placeholder=\"Votre destination\"\n                               class=\"eael-advanced-search\" autocomplete=\"off\" name=\"eael_advanced_search\">\n                    <\/div>\n\t\t\t\t\t                                    <\/form>\n\n\t\t\t\t\n\t\t\t\t        <div class=\"eael-advanced-search-result\">\n            <div class=\"eael-advanced-search-popular-keyword\">\n\t\t\t\t<h4 class=\"eael-advanced-search-popular-keyword-text\">Recherches populaires<\/h4>                <div class=\"eael-popular-keyword-content\"><\/div>\n            <\/div>\n            <div class=\"eael-advanced-search-category\">\n\t\t\t\t<h4 class=\"eael-advanced-search-category-text\">Categories<\/h4>                <div class=\"eael-popular-category-content\"><\/div>\n            <\/div>\n\t\t\t<div class=\"eael-advanced-search-total-results-section\">\n\t\t\t\t\t\t\t<\/div>\n            <div class=\"eael-advanced-search-content eael-item-style-3\">\n            <\/div>\n            <div class=\"eael-advanced-search-not-found\">\n                <p>Pas de r\u00e9sultats<\/p><\/div>\n            <div class=\"eael-advanced-search-load-more\">\n\t\t\t\t<a \tclass=\"eael-advanced-search-load-more-button\"\n                \thref=\"#\">Voir tous les r\u00e9sultats<\/a>\n            <\/div>\n        <\/div>\n\n\t\t            <\/div>\n        <\/div>\n\n\t\t\t\t\t\t<\/div>\n\t\t\t\t\t<\/div>\n\t\t\t\t<\/div>\n\t\t<div class=\"elementor-element elementor-element-41fb04d e-flex e-con-boxed e-con e-parent\" data-id=\"41fb04d\" data-element_type=\"container\" data-e-type=\"container\">\n\t\t\t\t\t<div class=\"e-con-inner\">\n\t\t\t\t<div class=\"elementor-element elementor-element-3bddfd89 elementor-widget elementor-widget-text-editor\" data-id=\"3bddfd89\" data-element_type=\"widget\" data-e-type=\"widget\" data-widget_type=\"text-editor.default\">\n\t\t\t\t\t\t\t\t\t<h1><span style=\"font-size: 18pt;\">Plage des Nonnes<\/span><\/h1><h2><span style=\"font-size: 14pt;\">D\u00e9couvrir la plage des Nonnes a Meschers sur l\u2019estuaire de la Gironde.<\/span><\/h2>\t\t\t\t\t\t\t\t<\/div>\n\t\t\t\t\t<\/div>\n\t\t\t\t<\/div>\n\t\t<div class=\"elementor-element elementor-element-6c70fa91 e-flex e-con-boxed e-con e-parent\" data-id=\"6c70fa91\" data-element_type=\"container\" data-e-type=\"container\">\n\t\t\t\t\t<div class=\"e-con-inner\">\n\t\t<div class=\"elementor-element elementor-element-7ac92577 e-con-full e-flex e-con e-child\" data-id=\"7ac92577\" data-element_type=\"container\" data-e-type=\"container\">\n\t\t\t\t<div class=\"elementor-element elementor-element-2fa04544 elementor-widget elementor-widget-google_maps\" data-id=\"2fa04544\" data-element_type=\"widget\" data-e-type=\"widget\" data-widget_type=\"google_maps.default\">\n\t\t\t\t\t\t\t<div class=\"elementor-custom-embed\">\n\t\t\t<iframe loading=\"lazy\"\n\t\t\t\t\tsrc=\"https:\/\/maps.google.com\/maps?q=plage%20des%20nonnes&#038;t=m&#038;z=14&#038;output=embed&#038;iwloc=near\"\n\t\t\t\t\ttitle=\"plage des nonnes\"\n\t\t\t\t\taria-label=\"plage des nonnes\"\n\t\t\t><\/iframe>\n\t\t<\/div>\n\t\t\t\t\t\t<\/div>\n\t\t\t\t<\/div>\n\t\t<div class=\"elementor-element elementor-element-6f28a00f e-con-full e-flex e-con e-child\" data-id=\"6f28a00f\" data-element_type=\"container\" data-e-type=\"container\">\n\t\t\t\t<div class=\"elementor-element elementor-element-4c0b0d7 elementor-widget__width-inherit elementor-absolute elementor-widget elementor-widget-image\" data-id=\"4c0b0d7\" data-element_type=\"widget\" data-e-type=\"widget\" data-settings=\"{&quot;_position&quot;:&quot;absolute&quot;}\" data-widget_type=\"image.default\">\n\t\t\t\t\t\t\t\t\t\t\t\t\t\t\t<img decoding=\"async\" width=\"760\" height=\"570\" src=\"https:\/\/cparici.com\/wp-content\/uploads\/2021\/02\/location-vacances-meschers-proche-plage-des-nonnes-1024x768.jpg\" class=\"attachment-large size-large wp-image-38896\" alt=\"plage nonnes avec club mickey\" srcset=\"https:\/\/cparici.com\/wp-content\/uploads\/2021\/02\/location-vacances-meschers-proche-plage-des-nonnes-1024x768.jpg 1024w, https:\/\/cparici.com\/wp-content\/uploads\/2021\/02\/location-vacances-meschers-proche-plage-des-nonnes-600x450.jpg 600w, https:\/\/cparici.com\/wp-content\/uploads\/2021\/02\/location-vacances-meschers-proche-plage-des-nonnes-300x225.jpg 300w, https:\/\/cparici.com\/wp-content\/uploads\/2021\/02\/location-vacances-meschers-proche-plage-des-nonnes-768x576.jpg 768w, https:\/\/cparici.com\/wp-content\/uploads\/2021\/02\/location-vacances-meschers-proche-plage-des-nonnes-1536x1152.jpg 1536w, https:\/\/cparici.com\/wp-content\/uploads\/2021\/02\/location-vacances-meschers-proche-plage-des-nonnes.jpg 1600w\" sizes=\"(max-width: 760px) 100vw, 760px\" \/>\t\t\t\t\t\t\t\t\t\t\t\t\t\t\t<\/div>\n\t\t\t\t<\/div>\n\t\t\t\t\t<\/div>\n\t\t\t\t<\/div>\n\t\t<div class=\"elementor-element elementor-element-7a447308 e-flex e-con-boxed e-con e-parent\" data-id=\"7a447308\" data-element_type=\"container\" data-e-type=\"container\">\n\t\t\t\t\t<div class=\"e-con-inner\">\n\t\t\t\t<div class=\"elementor-element elementor-element-351a70a7 elementor-widget elementor-widget-spacer\" data-id=\"351a70a7\" data-element_type=\"widget\" data-e-type=\"widget\" data-widget_type=\"spacer.default\">\n\t\t\t\t\t\t\t<div class=\"elementor-spacer\">\n\t\t\t<div class=\"elementor-spacer-inner\"><\/div>\n\t\t<\/div>\n\t\t\t\t\t\t<\/div>\n\t\t\t\t<div class=\"elementor-element elementor-element-2a722f76 elementor-widget elementor-widget-text-editor\" data-id=\"2a722f76\" data-element_type=\"widget\" data-e-type=\"widget\" data-widget_type=\"text-editor.default\">\n\t\t\t\t\t\t\t\t\t<p>La plage des Nonnes \u00e0 Meschers-sur-Gironde est une des plages les plus connues de\u00a0<strong><a href=\"https:\/\/cparici.com\/meschers-sur-gironde-guide-complet-pour-explorer-la-region\/\">la ville<\/a> de Meschers sur Gironde<\/strong>. Elle est situ\u00e9e entre la plage des Vergnes et la conche de Cadet, entour\u00e9e des falaises de Meschers, \u00e0 l\u2019entr\u00e9e de l\u2019estuaire de la Gironde.<\/p><p>Il s\u2019agit d\u2019une plage de sable fin, o\u00f9 il est possible de se baigner. L\u2019ambiance est familiale, et il est possible de faire de nombreuses activit\u00e9s, ainsi que de boire un verre ou se restaurer.<br \/>L\u2019\u00e9t\u00e9, la plage est anim\u00e9e, et il est possible de se stationner non loin, sur les avenues environnantes. La plage est surveill\u00e9e en saison (juillet et aout), et en journ\u00e9e. Renseignements sur le site Royan Atlantique.<\/p>\t\t\t\t\t\t\t\t<\/div>\n\t\t\t\t\t<\/div>\n\t\t\t\t<\/div>\n\t\t<aside class=\"elementor-element elementor-element-703b77dc e-flex e-con-boxed e-con e-parent\" data-id=\"703b77dc\" data-element_type=\"container\" data-e-type=\"container\" data-settings=\"{&quot;background_background&quot;:&quot;classic&quot;}\">\n\t\t\t\t\t<div class=\"e-con-inner\">\n\t\t\t\t<div class=\"elementor-element elementor-element-2eff23e elementor-widget elementor-widget-spacer\" data-id=\"2eff23e\" data-element_type=\"widget\" data-e-type=\"widget\" data-widget_type=\"spacer.default\">\n\t\t\t\t\t\t\t<div class=\"elementor-spacer\">\n\t\t\t<div class=\"elementor-spacer-inner\"><\/div>\n\t\t<\/div>\n\t\t\t\t\t\t<\/div>\n\t\t\t\t<div class=\"elementor-element elementor-element-7e9763e8 elementor-widget elementor-widget-heading\" data-id=\"7e9763e8\" data-element_type=\"widget\" data-e-type=\"widget\" data-widget_type=\"heading.default\">\n\t\t\t\t\t<p class=\"elementor-heading-title elementor-size-default\">Locations Vacances Meschers sur Gironde en direct<\/p>\t\t\t\t<\/div>\n\t\t\t\t<div class=\"elementor-element elementor-element-1fe9bf5b elementor-widget elementor-widget-listeo-listings-carousel\" data-id=\"1fe9bf5b\" data-element_type=\"widget\" data-e-type=\"widget\" data-widget_type=\"listeo-listings-carousel.default\">\n\t\t\t\t<div class=\"elementor-widget-container\">\n\t\t\t\t\t        <!-- Carousel \/ Start -->\n        \t<div class=\"simple-slick-carousel dots-nav\" data-slick='{&quot;autoplay&quot;:true,&quot;autoplaySpeed&quot;:3000,&quot;slidesToShow&quot;:3,&quot;slidesToScroll&quot;:1,&quot;responsive&quot;:[{&quot;breakpoint&quot;:1024,&quot;settings&quot;:{&quot;slidesToShow&quot;:2,&quot;slidesToScroll&quot;:1}},{&quot;breakpoint&quot;:768,&quot;settings&quot;:{&quot;slidesToShow&quot;:1,&quot;slidesToScroll&quot;:1}}]}'>\n                            <div class=\"fw-carousel-item\">                    \n                        <!-- Listing Item -->\r\n            <div class=\"col-lg-6 col-md-12\">\r\n                <a href=\"https:\/\/cparici.com\/en\/annonce\/cottage-de-lulu-avec-spa\/\"  class=\"listing-item-container listing-geo-data compact\" \r\n\t\tdata-title=\"Cottage de Lulu avec Spa Meschers sur Gironde\"\r\n\t\tdata-listing-type=\"rental\"\r\n\t\tdata-classifieds-price=\"&euro;\"\r\n\t\tdata-friendly-address=\"300m des Grottes de R\u00e9gulus\"\r\n\t\tdata-address=\"300m des Grottes de R\u00e9gulus\"\r\n\t\tdata-image=\"https:\/\/cparici.com\/wp-content\/uploads\/2025\/12\/spa-du-cottage-de-lulu-location-vacances-meschers-520x397.jpg\"\r\n\t\tdata-longitude=\"-0.9544389999999999\"\r\n\t\tdata-latitude=\"45.554722\"\r\n\t\t\t\t\tdata-rating=\"5\"\r\n\t\t\tdata-reviews=\"12\"\r\n\t\t\t\tdata-icon=\"&lt;svg xmlns=&quot;http:\/\/www.w3.org\/2000\/svg&quot; width=&quot;800px&quot; height=&quot;800px&quot; viewBox=&quot;0 0 45 45&quot; fill=&quot;none&quot;&gt;\n&lt;path d=&quot;M24.155 8.78099L24.33 8.94499L37.402 21.787L36 23.213L34.2 21.445L34.201 35C34.201 36.054 33.385 36.918 32.35 36.994L32.201 37H12.201C11.147 37 10.283 36.184 10.206 35.149L10.201 35L10.2 21.446L8.402 23.213L7 21.787L20.058 8.95799C21.171 7.82199 22.966 7.75899 24.155 8.78099ZM21.569 10.285L21.473 10.372L12.2 19.481L12.201 35L17.2 34.999L17.201 25C17.201 23.946 18.017 23.082 19.052 23.005L19.201 23H25.201C26.255 23 27.119 23.816 27.196 24.851L27.201 25L27.2 34.999L32.201 35L32.2 19.48L22.901 10.344C22.537 9.98699 21.969 9.96499 21.569 10.285ZM25.201 25H19.201L19.2 34.999H25.2L25.201 25Z&quot; fill=&quot;#3C3C3C&quot;\/&gt;\n&lt;\/svg&gt;\"\r\n\r\n\t>\r\n            <div class=\"listing-item  \">\r\n                <div class=\"listing-small-badges-container\">\r\n                                                                <div class=\"listing-small-badge pricing-badge\"><i class=\"fa fa-tag\"><\/i>85.00&euro; - 150.00&euro;<\/div>\r\n                                                            \r\n                                        \r\n                                        \r\n                <\/div>\r\n                <img decoding=\"async\" src=\"https:\/\/cparici.com\/wp-content\/uploads\/2025\/12\/spa-du-cottage-de-lulu-location-vacances-meschers-520x397.jpg\" alt=\"Cottage de Lulu avec Spa Meschers sur Gironde\" class=\"listing-thumbnail\">\r\n                \r\n\r\n                <div class=\"listing-item-content\">\r\n                                                <div class=\"numerical-rating\" data-rating=\"5.0\"><\/div>\r\n                    \r\n                    <h3> Cottage de Lulu avec Spa Meschers sur Gironde <\/h3>\r\n                    <span>300m des Grottes de R\u00e9gulus<\/span>\r\n                <\/div>\r\n                                        <span class=\"save like-icon tooltip left\" title=\"Login To Bookmark Items\"><\/span>\r\n                                                <\/div>\r\n        <\/a>\r\n                    <\/div>\r\n        \r\n\r\n        <!-- Listing Item \/ End -->\n                    <\/div>\n                                      <div class=\"fw-carousel-item\">                    \n                        <!-- Listing Item -->\r\n            <div class=\"col-lg-6 col-md-12\">\r\n                <a href=\"https:\/\/cparici.com\/en\/annonce\/villa-lucas-2-7-piscine-spa\/\"  class=\"listing-item-container listing-geo-data compact\" \r\n\t\tdata-title=\"Villa Lucas 2-7 Piscine-spa, Meschers sur Gironde\"\r\n\t\tdata-listing-type=\"rental\"\r\n\t\tdata-classifieds-price=\"&euro;\"\r\n\t\tdata-friendly-address=\"Boulevard de la Falaise\"\r\n\t\tdata-address=\"Boulevard de la Falaise\"\r\n\t\tdata-image=\"https:\/\/cparici.com\/wp-content\/uploads\/2025\/01\/20200519_141942_01-1-edit-20230321171015-520x397.jpg\"\r\n\t\tdata-longitude=\"-0.9543354999999999\"\r\n\t\tdata-latitude=\"45.5547399\"\r\n\t\t\t\t\tdata-rating=\"5\"\r\n\t\t\tdata-reviews=\"12\"\r\n\t\t\t\tdata-icon=\"&lt;svg xmlns=&quot;http:\/\/www.w3.org\/2000\/svg&quot; width=&quot;800px&quot; height=&quot;800px&quot; viewBox=&quot;0 0 45 45&quot; fill=&quot;none&quot;&gt;\n&lt;path d=&quot;M24.155 8.78099L24.33 8.94499L37.402 21.787L36 23.213L34.2 21.445L34.201 35C34.201 36.054 33.385 36.918 32.35 36.994L32.201 37H12.201C11.147 37 10.283 36.184 10.206 35.149L10.201 35L10.2 21.446L8.402 23.213L7 21.787L20.058 8.95799C21.171 7.82199 22.966 7.75899 24.155 8.78099ZM21.569 10.285L21.473 10.372L12.2 19.481L12.201 35L17.2 34.999L17.201 25C17.201 23.946 18.017 23.082 19.052 23.005L19.201 23H25.201C26.255 23 27.119 23.816 27.196 24.851L27.201 25L27.2 34.999L32.201 35L32.2 19.48L22.901 10.344C22.537 9.98699 21.969 9.96499 21.569 10.285ZM25.201 25H19.201L19.2 34.999H25.2L25.201 25Z&quot; fill=&quot;#3C3C3C&quot;\/&gt;\n&lt;\/svg&gt;\"\r\n\r\n\t>\r\n            <div class=\"listing-item  \">\r\n                <div class=\"listing-small-badges-container\">\r\n                                                                <div class=\"listing-small-badge pricing-badge\"><i class=\"fa fa-tag\"><\/i>370.00&euro; - 370.00&euro;<\/div>\r\n                                                            \r\n                                        \r\n                                        \r\n                <\/div>\r\n                <img decoding=\"async\" src=\"https:\/\/cparici.com\/wp-content\/uploads\/2025\/01\/20200519_141942_01-1-edit-20230321171015-520x397.jpg\" alt=\"Villa Lucas 2-7 Piscine-spa, Meschers sur Gironde\" class=\"listing-thumbnail\">\r\n                \r\n\r\n                <div class=\"listing-item-content\">\r\n                                                <div class=\"numerical-rating\" data-rating=\"5.0\"><\/div>\r\n                    \r\n                    <h3> Villa Lucas 2-7 Piscine-spa, Meschers sur Gironde <\/h3>\r\n                    <span>Boulevard de la Falaise<\/span>\r\n                <\/div>\r\n                                        <span class=\"save like-icon tooltip left\" title=\"Login To Bookmark Items\"><\/span>\r\n                                                <\/div>\r\n        <\/a>\r\n                    <\/div>\r\n        \r\n\r\n        <!-- Listing Item \/ End -->\n                    <\/div>\n                          <\/div>\n        \t\t\t\t<\/div>\n\t\t\t\t<\/div>\n\t\t\t\t\t<\/div>\n\t\t\t\t<\/aside>\n\t\t<div class=\"elementor-element elementor-element-3a5e4ab e-flex e-con-boxed e-con e-parent\" data-id=\"3a5e4ab\" data-element_type=\"container\" data-e-type=\"container\">\n\t\t\t\t\t<div class=\"e-con-inner\">\n\t\t\t\t<div class=\"elementor-element elementor-element-82e93c6 elementor-widget elementor-widget-heading\" data-id=\"82e93c6\" data-element_type=\"widget\" data-e-type=\"widget\" data-widget_type=\"heading.default\">\n\t\t\t\t\t<h2 class=\"elementor-heading-title elementor-size-default\">Informations pratiques sur la plage des Nonnes \u00e0 Meschers<\/h2>\t\t\t\t<\/div>\n\t\t<div class=\"elementor-element elementor-element-f4a5603 e-grid e-con-full e-con e-child\" data-id=\"f4a5603\" data-element_type=\"container\" data-e-type=\"container\">\n\t\t\t\t<div class=\"elementor-element elementor-element-ea37bdb elementor-widget elementor-widget-text-editor\" data-id=\"ea37bdb\" data-element_type=\"widget\" data-e-type=\"widget\" data-widget_type=\"text-editor.default\">\n\t\t\t\t\t\t\t\t\t<h3>Comment acc\u00e9der \u00e0 la plage des Nonnes?<\/h3><p>On peut acc\u00e9der \u00e0 la plage des Nonnes par l\u2019Avenue des Nonnes, ou par la rue du Fief des Sables.<\/p><h3>O\u00f9 se stationner \u00e0 la plage des Nonnes?<\/h3><p>Il est possible de se stationner le long de l\u2019Avenue des Nonnes, ou le long de la rue du Fief des Sables.<\/p>\t\t\t\t\t\t\t\t<\/div>\n\t\t\t\t<div class=\"elementor-element elementor-element-ffff427 elementor-widget elementor-widget-text-editor\" data-id=\"ffff427\" data-element_type=\"widget\" data-e-type=\"widget\" data-widget_type=\"text-editor.default\">\n\t\t\t\t\t\t\t\t\t<h3>Peut-on se baigner \u00e0 la plage des Nonnes?<\/h3><p>Oui, il est possible de se baigner \u00e0 la Plage des Nonnes. La baignade est surveill\u00e9e en juillet et en aout.<\/p>\t\t\t\t\t\t\t\t<\/div>\n\t\t\t\t<\/div>\n\t\t\t\t\t<\/div>\n\t\t\t\t<\/div>\n\t\t<div class=\"elementor-element elementor-element-38bfc5af e-flex e-con-boxed e-con e-parent\" data-id=\"38bfc5af\" data-element_type=\"container\" data-e-type=\"container\">\n\t\t\t\t\t<div class=\"e-con-inner\">\n\t\t<div class=\"elementor-element elementor-element-36d7406c e-con-full e-flex e-con e-child\" data-id=\"36d7406c\" data-element_type=\"container\" data-e-type=\"container\">\n\t\t\t\t<div class=\"elementor-element elementor-element-78afe64 elementor-widget elementor-widget-image\" data-id=\"78afe64\" data-element_type=\"widget\" data-e-type=\"widget\" data-widget_type=\"image.default\">\n\t\t\t\t\t\t\t\t\t\t\t\t\t\t\t<img decoding=\"async\" width=\"760\" height=\"507\" src=\"https:\/\/cparici.com\/wp-content\/uploads\/2024\/06\/gite-meschers-sur-gironde-plage-des-nonnes-1024x683.jpg\" class=\"attachment-large size-large wp-image-36038\" alt=\"Plages des nonnes \u00e0 meschers sur gironde\" srcset=\"https:\/\/cparici.com\/wp-content\/uploads\/2024\/06\/gite-meschers-sur-gironde-plage-des-nonnes-1024x683.jpg 1024w, https:\/\/cparici.com\/wp-content\/uploads\/2024\/06\/gite-meschers-sur-gironde-plage-des-nonnes-600x400.jpg 600w, https:\/\/cparici.com\/wp-content\/uploads\/2024\/06\/gite-meschers-sur-gironde-plage-des-nonnes-300x200.jpg 300w, https:\/\/cparici.com\/wp-content\/uploads\/2024\/06\/gite-meschers-sur-gironde-plage-des-nonnes-768x512.jpg 768w, https:\/\/cparici.com\/wp-content\/uploads\/2024\/06\/gite-meschers-sur-gironde-plage-des-nonnes-240x160.jpg 240w, https:\/\/cparici.com\/wp-content\/uploads\/2024\/06\/gite-meschers-sur-gironde-plage-des-nonnes.jpg 1500w\" sizes=\"(max-width: 760px) 100vw, 760px\" \/>\t\t\t\t\t\t\t\t\t\t\t\t\t\t\t<\/div>\n\t\t\t\t<\/div>\n\t\t<div class=\"elementor-element elementor-element-6805172d e-con-full e-flex e-con e-child\" data-id=\"6805172d\" data-element_type=\"container\" data-e-type=\"container\">\n\t\t\t\t<div class=\"elementor-element elementor-element-1bb9a63f elementor-widget elementor-widget-image\" data-id=\"1bb9a63f\" data-element_type=\"widget\" data-e-type=\"widget\" data-widget_type=\"image.default\">\n\t\t\t\t\t\t\t\t\t\t\t\t\t\t\t<img decoding=\"async\" width=\"760\" height=\"507\" src=\"https:\/\/cparici.com\/wp-content\/uploads\/2021\/02\/location-saisonniere-meschers-proche-plage-des-nonnes-1024x683.jpg\" class=\"attachment-large size-large wp-image-38893\" alt=\"Meschers sur Gironde plage des nonnes\" srcset=\"https:\/\/cparici.com\/wp-content\/uploads\/2021\/02\/location-saisonniere-meschers-proche-plage-des-nonnes-1024x683.jpg 1024w, https:\/\/cparici.com\/wp-content\/uploads\/2021\/02\/location-saisonniere-meschers-proche-plage-des-nonnes-600x400.jpg 600w, https:\/\/cparici.com\/wp-content\/uploads\/2021\/02\/location-saisonniere-meschers-proche-plage-des-nonnes-300x200.jpg 300w, https:\/\/cparici.com\/wp-content\/uploads\/2021\/02\/location-saisonniere-meschers-proche-plage-des-nonnes-768x512.jpg 768w, https:\/\/cparici.com\/wp-content\/uploads\/2021\/02\/location-saisonniere-meschers-proche-plage-des-nonnes-1536x1024.jpg 1536w, https:\/\/cparici.com\/wp-content\/uploads\/2021\/02\/location-saisonniere-meschers-proche-plage-des-nonnes-240x160.jpg 240w, https:\/\/cparici.com\/wp-content\/uploads\/2021\/02\/location-saisonniere-meschers-proche-plage-des-nonnes.jpg 1600w\" sizes=\"(max-width: 760px) 100vw, 760px\" \/>\t\t\t\t\t\t\t\t\t\t\t\t\t\t\t<\/div>\n\t\t\t\t<\/div>\n\t\t\t\t\t<\/div>\n\t\t\t\t<\/div>\n\t\t<div class=\"elementor-element elementor-element-1e13efe2 e-flex e-con-boxed e-con e-parent\" data-id=\"1e13efe2\" data-element_type=\"container\" data-e-type=\"container\">\n\t\t\t\t\t<div class=\"e-con-inner\">\n\t\t\t\t<div class=\"elementor-element elementor-element-9af4f15 elementor-widget elementor-widget-heading\" data-id=\"9af4f15\" data-element_type=\"widget\" data-e-type=\"widget\" data-widget_type=\"heading.default\">\n\t\t\t\t\t<h2 class=\"elementor-heading-title elementor-size-default\">Que peut-on faire \u00e0 la plage des Nonnes?\n<\/h2>\t\t\t\t<\/div>\n\t\t\t\t<div class=\"elementor-element elementor-element-73b1ea36 elementor-widget elementor-widget-text-editor\" data-id=\"73b1ea36\" data-element_type=\"widget\" data-e-type=\"widget\" data-widget_type=\"text-editor.default\">\n\t\t\t\t\t\t\t\t\t<p><strong>La plage des Nonnes<\/strong> est anim\u00e9e en saison, et il est possible, outre la baignade, de s\u2019adonner au plaisir des activit\u00e9s nautiques \u2013 la plage comporte un centre de voile, le\u00a0cercle nautique de Meschers. \u2013 catamaran, paddle, planche \u00e0 voile etc\u2026 \u00a0<br \/>La plage comporte aussi deux bars-restaurants dont le fameux Bikki Beach, auparavant le Tina\u2019s Caf\u00e9, ainsi que le Spot. Id\u00e9al pour boire un verre, d\u00e9guster un plateau de charcuterie, fromages, les pieds dans le sable.<\/p><h3>Le Bikki Beach<\/h3><p>Le Bikki Beach est un bar restaurant situ\u00e9 sur la plage des nonnes. Il s\u2019agit d\u2019une institution \u00e0 Meschers. Auparavant, le bikki beach \u00e9tait appel\u00e9 le Tina\u2019s Caf\u00e9. Le concept a un peu \u00e9volu\u00e9, mais il s\u2019agit toujours d\u2019\u00e9couter de la bonne musique \u2013 voire en faisant un boeuf, la sc\u00e8ne est ouverte aux musiciens -, en sirotant une boisson, les pieds dans le sable. La carte a \u00e9volu\u00e9, le lieu a \u00e9t\u00e9 r\u00e9nov\u00e9, et le bikki a un grand succ\u00e8s, surtout en saison.<br \/>Le Tina\u2019s caf\u00e9\u00a0\u00e9tait un bar-restaurant cr\u00e9\u00e9 par Tina Provenzano, chanteuse de jazz, et n\u00e9e \u00e0 Chicago. Aujourd\u2019hui le Tina\u2019s caf\u00e9 existe toujours, mais a St Fort sur Gironde.<\/p><h3>Quelles sont les plages \u00e0 proximit\u00e9 de la plage des Nonnes?<\/h3><p>Pr\u00e8s de la plage des Nonnes se trouvent\u00a0<a href=\"https:\/\/cparici.com\/plage-des-vergnes-a-meschers\/\"><strong>la plage des Vergnes<\/strong><\/a>\u00a0, la petite\u00a0<a href=\"https:\/\/cparici.com\/plage-de-larneche-a-meschers-en-charente-maritime\/\"><strong>plage de l\u2019Arn\u00e8che<\/strong><\/a>, et la fameuse\u00a0<a href=\"https:\/\/cparici.com\/conche-de-cadet-a-meschers-sur-gironde\/\"><strong>conche des Cadets<\/strong><\/a>, o\u00f9 la l\u00e9gende veut que Cadet, un pirate, attirait les bateaux qui venaient s\u2019\u00e9chouer sur les rochers, pour pouvoir ensuite les piller. De nombreuses autres plages se trouvent sur la <a href=\"https:\/\/fr.wikipedia.org\/wiki\/C%C3%B4te_de_Beaut%C3%A9\" target=\"_blank\" rel=\"noopener\">c\u00f4te de beaut\u00e9<\/a>.<\/p><h3>Que faire \u00e0 proximit\u00e9 de la plage?<\/h3><p>Non loin de la plage, vous pouvez visiter le centre-ville, organis\u00e9 autour de\u00a0<strong><a href=\"https:\/\/cparici.com\/eglise-st-saturnin-meschers-sur-gironde\/\">l\u2019\u00e9glise<\/a> de Meschers,<\/strong>\u00a0o\u00f9 se trouve la place du march\u00e9, quelques magasins, et restaurants, facilement accessibles \u00e0 pied. L\u2019endroit est fr\u00e9quent\u00e9 en haute saison.<\/p>\t\t\t\t\t\t\t\t<\/div>\n\t\t\t\t\t<\/div>\n\t\t\t\t<\/div>\n\t\t<div class=\"elementor-element elementor-element-7925d5a8 e-flex e-con-boxed e-con e-parent\" data-id=\"7925d5a8\" data-element_type=\"container\" data-e-type=\"container\">\n\t\t\t\t\t<div class=\"e-con-inner\">\n\t\t<div class=\"elementor-element elementor-element-7dd232e0 e-con-full e-flex e-con e-child\" data-id=\"7dd232e0\" data-element_type=\"container\" data-e-type=\"container\">\n\t\t\t\t<div class=\"elementor-element elementor-element-3b0ea653 elementor-widget elementor-widget-image\" data-id=\"3b0ea653\" data-element_type=\"widget\" data-e-type=\"widget\" data-widget_type=\"image.default\">\n\t\t\t\t\t\t\t\t\t\t\t\t\t\t\t<img decoding=\"async\" width=\"760\" height=\"760\" src=\"https:\/\/cparici.com\/wp-content\/uploads\/2021\/04\/plage-des-vergnes-4-1024x1024.jpg\" class=\"attachment-large size-large wp-image-14068\" alt=\"plage des vergnes a meschers\" srcset=\"https:\/\/cparici.com\/wp-content\/uploads\/2021\/04\/plage-des-vergnes-4-1024x1024.jpg 1024w, https:\/\/cparici.com\/wp-content\/uploads\/2021\/04\/plage-des-vergnes-4-300x300.jpg 300w, https:\/\/cparici.com\/wp-content\/uploads\/2021\/04\/plage-des-vergnes-4-100x100.jpg 100w, https:\/\/cparici.com\/wp-content\/uploads\/2021\/04\/plage-des-vergnes-4-150x150.jpg 150w, https:\/\/cparici.com\/wp-content\/uploads\/2021\/04\/plage-des-vergnes-4-1536x1536.jpg 1536w, https:\/\/cparici.com\/wp-content\/uploads\/2021\/04\/plage-des-vergnes-4-2048x2048.jpg 2048w\" sizes=\"(max-width: 760px) 100vw, 760px\" \/>\t\t\t\t\t\t\t\t\t\t\t\t\t\t\t<\/div>\n\t\t\t\t<\/div>\n\t\t<div class=\"elementor-element elementor-element-771cd45e e-con-full e-flex e-con e-child\" data-id=\"771cd45e\" data-element_type=\"container\" data-e-type=\"container\">\n\t\t\t\t<div class=\"elementor-element elementor-element-9bb7aec elementor-widget elementor-widget-image\" data-id=\"9bb7aec\" data-element_type=\"widget\" data-e-type=\"widget\" data-widget_type=\"image.default\">\n\t\t\t\t\t\t\t\t\t\t\t\t\t\t\t<img decoding=\"async\" width=\"760\" height=\"760\" src=\"https:\/\/cparici.com\/wp-content\/uploads\/2021\/03\/eglise-meschers-7-1024x1024.jpg\" class=\"attachment-large size-large wp-image-12936\" alt=\"Eglise St Saturnin a Meschers sur Gironde\" srcset=\"https:\/\/cparici.com\/wp-content\/uploads\/2021\/03\/eglise-meschers-7-1024x1024.jpg 1024w, https:\/\/cparici.com\/wp-content\/uploads\/2021\/03\/eglise-meschers-7-300x300.jpg 300w, https:\/\/cparici.com\/wp-content\/uploads\/2021\/03\/eglise-meschers-7-100x100.jpg 100w, https:\/\/cparici.com\/wp-content\/uploads\/2021\/03\/eglise-meschers-7-150x150.jpg 150w, https:\/\/cparici.com\/wp-content\/uploads\/2021\/03\/eglise-meschers-7-1536x1536.jpg 1536w, https:\/\/cparici.com\/wp-content\/uploads\/2021\/03\/eglise-meschers-7-2048x2048.jpg 2048w\" sizes=\"(max-width: 760px) 100vw, 760px\" \/>\t\t\t\t\t\t\t\t\t\t\t\t\t\t\t<\/div>\n\t\t\t\t<\/div>\n\t\t\t\t\t<\/div>\n\t\t\t\t<\/div>\n\t\t<div class=\"elementor-element elementor-element-104743a e-flex e-con-boxed e-con e-parent\" data-id=\"104743a\" data-element_type=\"container\" data-e-type=\"container\">\n\t\t\t\t\t<div class=\"e-con-inner\">\n\t\t\t\t<div class=\"elementor-element elementor-element-5271895 elementor-widget elementor-widget-spacer\" data-id=\"5271895\" data-element_type=\"widget\" data-e-type=\"widget\" data-widget_type=\"spacer.default\">\n\t\t\t\t\t\t\t<div class=\"elementor-spacer\">\n\t\t\t<div class=\"elementor-spacer-inner\"><\/div>\n\t\t<\/div>\n\t\t\t\t\t\t<\/div>\n\t\t\t\t\t<\/div>\n\t\t\t\t<\/div>\n\t\t<aside class=\"elementor-element elementor-element-443df84 e-flex e-con-boxed e-con e-parent\" data-id=\"443df84\" data-element_type=\"container\" data-e-type=\"container\" data-settings=\"{&quot;background_background&quot;:&quot;classic&quot;}\">\n\t\t\t\t\t<div class=\"e-con-inner\">\n\t\t\t\t<div class=\"elementor-element elementor-element-4356b1bd elementor-widget elementor-widget-spacer\" data-id=\"4356b1bd\" data-element_type=\"widget\" data-e-type=\"widget\" data-widget_type=\"spacer.default\">\n\t\t\t\t\t\t\t<div class=\"elementor-spacer\">\n\t\t\t<div class=\"elementor-spacer-inner\"><\/div>\n\t\t<\/div>\n\t\t\t\t\t\t<\/div>\n\t\t\t\t<div class=\"elementor-element elementor-element-4a1816b4 elementor-widget elementor-widget-heading\" data-id=\"4a1816b4\" data-element_type=\"widget\" data-e-type=\"widget\" data-widget_type=\"heading.default\">\n\t\t\t\t\t<span class=\"elementor-heading-title elementor-size-default\">Explorez davantage<\/span>\t\t\t\t<\/div>\n\t\t\t\t<div class=\"elementor-element elementor-element-775ee82d elementor-grid-3 elementor-grid-tablet-2 elementor-grid-mobile-1 elementor-widget elementor-widget-loop-grid\" data-id=\"775ee82d\" data-element_type=\"widget\" data-e-type=\"widget\" data-settings=\"{&quot;template_id&quot;:&quot;44916&quot;,&quot;_skin&quot;:&quot;post&quot;,&quot;columns&quot;:&quot;3&quot;,&quot;columns_tablet&quot;:&quot;2&quot;,&quot;columns_mobile&quot;:&quot;1&quot;,&quot;edit_handle_selector&quot;:&quot;[data-elementor-type=\\&quot;loop-item\\&quot;]&quot;,&quot;row_gap&quot;:{&quot;unit&quot;:&quot;px&quot;,&quot;size&quot;:&quot;&quot;,&quot;sizes&quot;:[]},&quot;row_gap_tablet&quot;:{&quot;unit&quot;:&quot;px&quot;,&quot;size&quot;:&quot;&quot;,&quot;sizes&quot;:[]},&quot;row_gap_mobile&quot;:{&quot;unit&quot;:&quot;px&quot;,&quot;size&quot;:&quot;&quot;,&quot;sizes&quot;:[]}}\" data-widget_type=\"loop-grid.post\">\n\t\t\t\t<div class=\"elementor-widget-container\">\n\t\t\t\t\t\t\t<div class=\"elementor-loop-container elementor-grid\" role=\"list\">\n\t\t<style id=\"loop-44916\">.elementor-44916 .elementor-element.elementor-element-da96272{--display:flex;--flex-direction:column;--container-widget-width:100%;--container-widget-height:initial;--container-widget-flex-grow:0;--container-widget-align-self:initial;--flex-wrap-mobile:wrap;}.elementor-widget-theme-post-featured-image .widget-image-caption{font-family:var( --e-global-typography-text-font-family ), Sans-serif;font-size:var( --e-global-typography-text-font-size );font-weight:var( --e-global-typography-text-font-weight );}.elementor-44916 .elementor-element.elementor-element-42d2d4d img{height:314px;object-fit:cover;object-position:center center;opacity:0.9;border-radius:35px 35px 35px 35px;}.elementor-widget-theme-post-title .elementor-heading-title{font-family:var( --e-global-typography-primary-font-family ), Sans-serif;font-size:var( --e-global-typography-primary-font-size );font-weight:var( --e-global-typography-primary-font-weight );}.elementor-44916 .elementor-element.elementor-element-8374803{text-align:center;}.elementor-44916 .elementor-element.elementor-element-8374803 .elementor-heading-title{font-family:\"Roboto\", Sans-serif;font-size:18px;font-weight:600;color:#222222;}.elementor-widget-button .elementor-button{font-family:var( --e-global-typography-accent-font-family ), Sans-serif;font-weight:var( --e-global-typography-accent-font-weight );}.elementor-44916 .elementor-element.elementor-element-d41992a .elementor-button{background-color:var( --e-global-color-ed6e59d );}.elementor-44916 .elementor-element.elementor-element-ed3a069{--display:flex;}@media(max-width:1024px){.elementor-widget-theme-post-featured-image .widget-image-caption{font-size:var( --e-global-typography-text-font-size );}.elementor-widget-theme-post-title .elementor-heading-title{font-size:var( --e-global-typography-primary-font-size );}}@media(max-width:767px){.elementor-widget-theme-post-featured-image .widget-image-caption{font-size:var( --e-global-typography-text-font-size );}.elementor-widget-theme-post-title .elementor-heading-title{font-size:var( --e-global-typography-primary-font-size );}}<\/style>\t\t<div data-elementor-type=\"loop-item\" data-elementor-id=\"44916\" class=\"elementor elementor-44916 e-loop-item e-loop-item-40790 post-40790 post type-post status-publish format-standard has-post-thumbnail hentry category-royan category-charente-maritime category-france category-gironde category-le-verdon-sur-mer-pointe-de-grave category-nouvelle-aquitaine category-poitou-charentes tag-phare\" data-elementor-post-type=\"elementor_library\" data-custom-edit-handle=\"1\">\n\t\t\t<div class=\"elementor-element elementor-element-da96272 e-flex e-con-boxed e-con e-parent\" data-id=\"da96272\" data-element_type=\"container\" data-e-type=\"container\">\n\t\t\t\t\t<div class=\"e-con-inner\">\n\t\t\t\t<div class=\"elementor-element elementor-element-42d2d4d elementor-widget elementor-widget-theme-post-featured-image elementor-widget-image\" data-id=\"42d2d4d\" data-element_type=\"widget\" data-e-type=\"widget\" data-widget_type=\"theme-post-featured-image.default\">\n\t\t\t\t\t\t\t\t\t\t\t\t\t\t\t<img decoding=\"async\" width=\"760\" height=\"266\" src=\"https:\/\/cparici.com\/wp-content\/uploads\/2024\/07\/phare-de-cordouan-1024x358.jpg\" class=\"attachment-large size-large wp-image-40791\" alt=\"phare de cordouan\" srcset=\"https:\/\/cparici.com\/wp-content\/uploads\/2024\/07\/phare-de-cordouan-1024x358.jpg 1024w, https:\/\/cparici.com\/wp-content\/uploads\/2024\/07\/phare-de-cordouan-600x210.jpg 600w, https:\/\/cparici.com\/wp-content\/uploads\/2024\/07\/phare-de-cordouan-300x105.jpg 300w, https:\/\/cparici.com\/wp-content\/uploads\/2024\/07\/phare-de-cordouan-768x269.jpg 768w, https:\/\/cparici.com\/wp-content\/uploads\/2024\/07\/phare-de-cordouan.jpg 1515w\" sizes=\"(max-width: 760px) 100vw, 760px\" \/>\t\t\t\t\t\t\t\t\t\t\t\t\t\t\t<\/div>\n\t\t\t\t<div class=\"elementor-element elementor-element-8374803 elementor-widget elementor-widget-theme-post-title elementor-page-title elementor-widget-heading\" data-id=\"8374803\" data-element_type=\"widget\" data-e-type=\"widget\" data-widget_type=\"theme-post-title.default\">\n\t\t\t\t\t<p class=\"elementor-heading-title elementor-size-default\">Phare de Cordouan &#8211; guide et photos pour une visite inoubliable<\/p>\t\t\t\t<\/div>\n\t\t\t\t<div class=\"elementor-element elementor-element-d41992a elementor-align-center elementor-widget elementor-widget-button\" data-id=\"d41992a\" data-element_type=\"widget\" data-e-type=\"widget\" data-widget_type=\"button.default\">\n\t\t\t\t\t\t\t\t\t\t<a class=\"elementor-button elementor-button-link elementor-size-sm\" href=\"https:\/\/cparici.com\/en\/phare-de-cordouan\/\">\n\t\t\t\t\t\t<span class=\"elementor-button-content-wrapper\">\n\t\t\t\t\t\t\t\t\t<span class=\"elementor-button-text\">En savoir plus !<\/span>\n\t\t\t\t\t<\/span>\n\t\t\t\t\t<\/a>\n\t\t\t\t\t\t\t\t<\/div>\n\t\t\t\t\t<\/div>\n\t\t\t\t<\/div>\n\t\t<div class=\"elementor-element elementor-element-ed3a069 e-flex e-con-boxed e-con e-parent\" data-id=\"ed3a069\" data-element_type=\"container\" data-e-type=\"container\">\n\t\t\t\t\t<div class=\"e-con-inner\">\n\t\t\t\t\t<\/div>\n\t\t\t\t<\/div>\n\t\t\t\t<\/div>\n\t\t\t\t<div data-elementor-type=\"loop-item\" data-elementor-id=\"44916\" class=\"elementor elementor-44916 e-loop-item e-loop-item-17862 post-17862 post type-post status-publish format-standard has-post-thumbnail hentry category-royan category-charente-maritime category-france category-poitou-charentes tag-cinema\" data-elementor-post-type=\"elementor_library\" data-custom-edit-handle=\"1\">\n\t\t\t<div class=\"elementor-element elementor-element-da96272 e-flex e-con-boxed e-con e-parent\" data-id=\"da96272\" data-element_type=\"container\" data-e-type=\"container\">\n\t\t\t\t\t<div class=\"e-con-inner\">\n\t\t\t\t<div class=\"elementor-element elementor-element-42d2d4d elementor-widget elementor-widget-theme-post-featured-image elementor-widget-image\" data-id=\"42d2d4d\" data-element_type=\"widget\" data-e-type=\"widget\" data-widget_type=\"theme-post-featured-image.default\">\n\t\t\t\t\t\t\t\t\t\t\t\t\t\t\t<img decoding=\"async\" width=\"760\" height=\"285\" src=\"https:\/\/cparici.com\/wp-content\/uploads\/2024\/05\/cinema-royan-1024x384.jpg\" class=\"attachment-large size-large wp-image-17863\" alt=\"cinema royan\" srcset=\"https:\/\/cparici.com\/wp-content\/uploads\/2024\/05\/cinema-royan-1024x384.jpg 1024w, https:\/\/cparici.com\/wp-content\/uploads\/2024\/05\/cinema-royan-600x225.jpg 600w, https:\/\/cparici.com\/wp-content\/uploads\/2024\/05\/cinema-royan-300x112.jpg 300w, https:\/\/cparici.com\/wp-content\/uploads\/2024\/05\/cinema-royan-768x288.jpg 768w, https:\/\/cparici.com\/wp-content\/uploads\/2024\/05\/cinema-royan.jpg 1500w\" sizes=\"(max-width: 760px) 100vw, 760px\" \/>\t\t\t\t\t\t\t\t\t\t\t\t\t\t\t<\/div>\n\t\t\t\t<div class=\"elementor-element elementor-element-8374803 elementor-widget elementor-widget-theme-post-title elementor-page-title elementor-widget-heading\" data-id=\"8374803\" data-element_type=\"widget\" data-e-type=\"widget\" data-widget_type=\"theme-post-title.default\">\n\t\t\t\t\t<p class=\"elementor-heading-title elementor-size-default\">Cinema Royan &#8211; Votre Guide Complet<\/p>\t\t\t\t<\/div>\n\t\t\t\t<div class=\"elementor-element elementor-element-d41992a elementor-align-center elementor-widget elementor-widget-button\" data-id=\"d41992a\" data-element_type=\"widget\" data-e-type=\"widget\" data-widget_type=\"button.default\">\n\t\t\t\t\t\t\t\t\t\t<a class=\"elementor-button elementor-button-link elementor-size-sm\" href=\"https:\/\/cparici.com\/en\/cinema-royan\/\">\n\t\t\t\t\t\t<span class=\"elementor-button-content-wrapper\">\n\t\t\t\t\t\t\t\t\t<span class=\"elementor-button-text\">En savoir plus !<\/span>\n\t\t\t\t\t<\/span>\n\t\t\t\t\t<\/a>\n\t\t\t\t\t\t\t\t<\/div>\n\t\t\t\t\t<\/div>\n\t\t\t\t<\/div>\n\t\t<div class=\"elementor-element elementor-element-ed3a069 e-flex e-con-boxed e-con e-parent\" data-id=\"ed3a069\" data-element_type=\"container\" data-e-type=\"container\">\n\t\t\t\t\t<div class=\"e-con-inner\">\n\t\t\t\t\t<\/div>\n\t\t\t\t<\/div>\n\t\t\t\t<\/div>\n\t\t\t\t<div data-elementor-type=\"loop-item\" data-elementor-id=\"44916\" class=\"elementor elementor-44916 e-loop-item e-loop-item-14190 post-14190 post type-post status-publish format-standard has-post-thumbnail hentry category-plages category-charente-maritime category-famille category-france category-loisirs category-poitou-charentes category-royan tag-charente-maritime tag-cote-de-beaute tag-royan\" data-elementor-post-type=\"elementor_library\" data-custom-edit-handle=\"1\">\n\t\t\t<div class=\"elementor-element elementor-element-da96272 e-flex e-con-boxed e-con e-parent\" data-id=\"da96272\" data-element_type=\"container\" data-e-type=\"container\">\n\t\t\t\t\t<div class=\"e-con-inner\">\n\t\t\t\t<div class=\"elementor-element elementor-element-42d2d4d elementor-widget elementor-widget-theme-post-featured-image elementor-widget-image\" data-id=\"42d2d4d\" data-element_type=\"widget\" data-e-type=\"widget\" data-widget_type=\"theme-post-featured-image.default\">\n\t\t\t\t\t\t\t\t\t\t\t\t\t\t\t<img decoding=\"async\" width=\"760\" height=\"760\" src=\"https:\/\/cparici.com\/wp-content\/uploads\/2021\/05\/plage-de-Foncillon-banniere-1024x1024.jpg\" class=\"attachment-large size-large wp-image-14192\" alt=\"plage de Foncillon\" srcset=\"https:\/\/cparici.com\/wp-content\/uploads\/2021\/05\/plage-de-Foncillon-banniere-1024x1024.jpg 1024w, https:\/\/cparici.com\/wp-content\/uploads\/2021\/05\/plage-de-Foncillon-banniere-300x300.jpg 300w, https:\/\/cparici.com\/wp-content\/uploads\/2021\/05\/plage-de-Foncillon-banniere-100x100.jpg 100w, https:\/\/cparici.com\/wp-content\/uploads\/2021\/05\/plage-de-Foncillon-banniere-150x150.jpg 150w, https:\/\/cparici.com\/wp-content\/uploads\/2021\/05\/plage-de-Foncillon-banniere-1536x1536.jpg 1536w, https:\/\/cparici.com\/wp-content\/uploads\/2021\/05\/plage-de-Foncillon-banniere-2048x2048.jpg 2048w, https:\/\/cparici.com\/wp-content\/uploads\/2021\/05\/plage-de-Foncillon-banniere-266x266.jpg 266w\" sizes=\"(max-width: 760px) 100vw, 760px\" \/>\t\t\t\t\t\t\t\t\t\t\t\t\t\t\t<\/div>\n\t\t\t\t<div class=\"elementor-element elementor-element-8374803 elementor-widget elementor-widget-theme-post-title elementor-page-title elementor-widget-heading\" data-id=\"8374803\" data-element_type=\"widget\" data-e-type=\"widget\" data-widget_type=\"theme-post-title.default\">\n\t\t\t\t\t<p class=\"elementor-heading-title elementor-size-default\">Plage de Foncillon a Royan<\/p>\t\t\t\t<\/div>\n\t\t\t\t<div class=\"elementor-element elementor-element-d41992a elementor-align-center elementor-widget elementor-widget-button\" data-id=\"d41992a\" data-element_type=\"widget\" data-e-type=\"widget\" data-widget_type=\"button.default\">\n\t\t\t\t\t\t\t\t\t\t<a class=\"elementor-button elementor-button-link elementor-size-sm\" href=\"https:\/\/cparici.com\/en\/plage-de-foncillon-a-royan\/\">\n\t\t\t\t\t\t<span class=\"elementor-button-content-wrapper\">\n\t\t\t\t\t\t\t\t\t<span class=\"elementor-button-text\">En savoir plus !<\/span>\n\t\t\t\t\t<\/span>\n\t\t\t\t\t<\/a>\n\t\t\t\t\t\t\t\t<\/div>\n\t\t\t\t\t<\/div>\n\t\t\t\t<\/div>\n\t\t<div class=\"elementor-element elementor-element-ed3a069 e-flex e-con-boxed e-con e-parent\" data-id=\"ed3a069\" data-element_type=\"container\" data-e-type=\"container\">\n\t\t\t\t\t<div class=\"e-con-inner\">\n\t\t\t\t\t<\/div>\n\t\t\t\t<\/div>\n\t\t\t\t<\/div>\n\t\t\t\t<\/div>\n\t\t\n\t\t\t\t\t\t<\/div>\n\t\t\t\t<\/div>\n\t\t\t\t\t<\/div>\n\t\t\t\t<\/aside>\n\t\t\t\t<\/div>\n\t\t","protected":false},"excerpt":{"rendered":"<p>Plage des S\u0153urs \u00e0 Meschers &#8211; D\u00e9couvrez la Plage des S\u0153urs \u00e0 Meschers sur Gironde, et profitez d\u2019activit\u00e9s familiales sur la plage<\/p>","protected":false},"author":1,"featured_media":11858,"comment_status":"closed","ping_status":"closed","sticky":false,"template":"","format":"image","meta":{"ngg_post_thumbnail":0,"footnotes":""},"categories":[459,477],"tags":[202,189,201,159,218,219,190,203],"class_list":["post-11912","post","type-post","status-publish","format-image","has-post-thumbnail","hentry","category-meschers-sur-gironde","category-france","tag-famille","tag-meschers","tag-plage","tag-royan","tag-st-georges-de-didonne","tag-st-palais-sur-mer","tag-talmont","tag-voile","post_format-post-format-image"],"_links":{"self":[{"href":"https:\/\/cparici.com\/en\/wp-json\/wp\/v2\/posts\/11912","targetHints":{"allow":["GET"]}}],"collection":[{"href":"https:\/\/cparici.com\/en\/wp-json\/wp\/v2\/posts"}],"about":[{"href":"https:\/\/cparici.com\/en\/wp-json\/wp\/v2\/types\/post"}],"author":[{"embeddable":true,"href":"https:\/\/cparici.com\/en\/wp-json\/wp\/v2\/users\/1"}],"replies":[{"embeddable":true,"href":"https:\/\/cparici.com\/en\/wp-json\/wp\/v2\/comments?post=11912"}],"version-history":[{"count":0,"href":"https:\/\/cparici.com\/en\/wp-json\/wp\/v2\/posts\/11912\/revisions"}],"wp:featuredmedia":[{"embeddable":true,"href":"https:\/\/cparici.com\/en\/wp-json\/wp\/v2\/media\/11858"}],"wp:attachment":[{"href":"https:\/\/cparici.com\/en\/wp-json\/wp\/v2\/media?parent=11912"}],"wp:term":[{"taxonomy":"category","embeddable":true,"href":"https:\/\/cparici.com\/en\/wp-json\/wp\/v2\/categories?post=11912"},{"taxonomy":"post_tag","embeddable":true,"href":"https:\/\/cparici.com\/en\/wp-json\/wp\/v2\/tags?post=11912"}],"curies":[{"name":"wp","href":"https:\/\/api.w.org\/{rel}","templated":true}]}}