{"id":12600,"date":"2021-02-26T20:37:47","date_gmt":"2021-02-26T20:37:47","guid":{"rendered":"https:\/\/loclilala-vacances.com\/royan-museum\/"},"modified":"2026-04-05T11:28:25","modified_gmt":"2026-04-05T09:28:25","slug":"the-museum-of-royan","status":"publish","type":"post","link":"https:\/\/cparici.com\/en\/le-musee-de-royan\/","title":{"rendered":"Royan Museum"},"content":{"rendered":"\t\t<div data-elementor-type=\"wp-post\" data-elementor-id=\"12600\" class=\"elementor elementor-12600\" data-elementor-post-type=\"post\">\n\t\t\t\t<div class=\"elementor-element elementor-element-5e916f8 e-con-full e-flex e-con e-parent\" data-id=\"5e916f8\" data-element_type=\"container\" data-e-type=\"container\" data-settings=\"{&quot;background_background&quot;:&quot;slideshow&quot;,&quot;background_slideshow_gallery&quot;:[{&quot;id&quot;:49838,&quot;url&quot;:&quot;https:\\\/\\\/cparici.com\\\/wp-content\\\/uploads\\\/2021\\\/02\\\/musee-de-royan-cparici.jpg&quot;}],&quot;background_slideshow_loop&quot;:&quot;yes&quot;,&quot;background_slideshow_slide_duration&quot;:5000,&quot;background_slideshow_slide_transition&quot;:&quot;fade&quot;,&quot;background_slideshow_transition_duration&quot;:500}\">\n\t\t\t\t<\/div>\n\t\t<aside class=\"elementor-element elementor-element-c566fe4 e-flex e-con-boxed e-con e-parent\" data-id=\"c566fe4\" data-element_type=\"container\" data-e-type=\"container\">\n\t\t\t\t\t<div class=\"e-con-inner\">\n\t\t\t\t<div class=\"elementor-element elementor-element-fe2408e elementor-widget elementor-widget-global elementor-global-62046 elementor-widget-eael-advanced-search\" data-id=\"fe2408e\" data-element_type=\"widget\" data-e-type=\"widget\" data-widget_type=\"eael-advanced-search.default\">\n\t\t\t\t\t        <div class=\"eael-adv-search-wrapper\">\n            <div id=\"eael-advanced-search-widget-fe2408e\" class=\"eael-advanced-search-widget\">\n                <form data-settings=\"{&quot;post_per_page&quot;:5,&quot;search_among_taxonomies&quot;:&quot;&quot;,&quot;search_among_sku&quot;:&quot;no&quot;,&quot;show_popular_keyword&quot;:0,&quot;show_category&quot;:0,&quot;show_content_image&quot;:1,&quot;show_search_result_all_results&quot;:0,&quot;result_on_new_tab&quot;:&quot;no&quot;,&quot;show_product_price&quot;:&quot;no&quot;,&quot;include_current_page&quot;:&quot;no&quot;,&quot;current_post_id&quot;:12600,&quot;post_type&quot;:[&quot;post&quot;,&quot;listing&quot;]}\" method=\"POST\" name=\"eael-advanced-search-form-fe2408e\" class=\"eael-advanced-search-form eael-advanced-search-form-style-2\">\n                    <div class=\"eael-advanced-search-wrap\">\n                        <span class=\"eael-adv-search-loader\"><\/span>\n                        <span class=\"eael-adv-search-close\"><i class=\"fas fa-times\"><\/i><\/span>\n                        <span class=\"icon \"><i class=\"fas fa-search\"><\/i><\/span>\n\n                        <input type=\"text\"\n                               placeholder=\"Votre destination\"\n                               class=\"eael-advanced-search\" autocomplete=\"off\" name=\"eael_advanced_search\">\n                    <\/div>\n\t\t\t\t\t                                    <\/form>\n\n\t\t\t\t\n\t\t\t\t        <div class=\"eael-advanced-search-result\">\n            <div class=\"eael-advanced-search-popular-keyword\">\n\t\t\t\t<h4 class=\"eael-advanced-search-popular-keyword-text\">Recherches populaires<\/h4>                <div class=\"eael-popular-keyword-content\"><\/div>\n            <\/div>\n            <div class=\"eael-advanced-search-category\">\n\t\t\t\t<h4 class=\"eael-advanced-search-category-text\">Categories<\/h4>                <div class=\"eael-popular-category-content\"><\/div>\n            <\/div>\n\t\t\t<div class=\"eael-advanced-search-total-results-section\">\n\t\t\t\t\t\t\t<\/div>\n            <div class=\"eael-advanced-search-content eael-item-style-3\">\n            <\/div>\n            <div class=\"eael-advanced-search-not-found\">\n                <p>Pas de r\u00e9sultats<\/p><\/div>\n            <div class=\"eael-advanced-search-load-more\">\n\t\t\t\t<a \tclass=\"eael-advanced-search-load-more-button\"\n                \thref=\"#\">Voir tous les r\u00e9sultats<\/a>\n            <\/div>\n        <\/div>\n\n\t\t            <\/div>\n        <\/div>\n\n\t\t\t\t\t\t<\/div>\n\t\t\t\t\t<\/div>\n\t\t\t\t<\/aside>\n\t\t<div class=\"elementor-element elementor-element-5b9ea547 e-flex e-con-boxed e-con e-parent\" data-id=\"5b9ea547\" data-element_type=\"container\" data-e-type=\"container\">\n\t\t\t\t\t<div class=\"e-con-inner\">\n\t\t\t\t<div class=\"elementor-element elementor-element-730a7410 elementor-widget elementor-widget-text-editor\" data-id=\"730a7410\" data-element_type=\"widget\" data-e-type=\"widget\" data-widget_type=\"text-editor.default\">\n\t\t\t\t\t\t\t\t\t<h1 style=\"text-align: center;\">Le mus\u00e9e de Royan<\/h1><h2 style=\"text-align: center;\"><span style=\"font-size: 14pt;\"><strong><span style=\"color: #003366;\">D\u00e9couvrez le mus\u00e9e de Royan en Charente maritime<\/span><\/strong><\/span><\/h2><p style=\"text-align: left;\"><span style=\"font-size: 12pt;\"><strong><span style=\"color: #003366;\">Le mus\u00e9e de Royan<\/span><\/strong> est situ\u00e9 dans l&#8217;ancien march\u00e9 du <a href=\"https:\/\/cparici.com\/fr\/pontaillac-a-royan\/\">quartier de Pontaillac<\/a>, l&#8217;ancien mus\u00e9e ayant disparu avec le Palais de Foncillon lors du bombardement de 1945. <\/span><\/p><p style=\"text-align: left;\"><span style=\"font-size: 12pt;\">Le Mus\u00e9e reconstitue, \u00e0 travers ses diverses collections l&#8217;histoire du pays royannais : l\u2019\u00e9mergence de la ville, le d\u00e9veloppement du tourisme, la Seconde Guerre mondiale, la reconstruction d&#8217;apr\u00e8s-guerre, ou le fameux s\u00e9jour de Pablo Picasso \u00e0 Royan.<\/span><br \/><span style=\"font-size: 12pt;\">Mais le mus\u00e9e pr\u00e9sente aussi des expositions temporaires et une boutique.<\/span><\/p><p><span style=\"font-size: 12pt;\">Il est tout proche \u00e0 pied de la plage de Pontaillac et du casino de Royan, situ\u00e9 lui aussi sur la plage de Pontaillac. Du mus\u00e9e, <a href=\"https:\/\/cparici.com\/fr\/royan-informations-pratiques-et-decouverte\/\">vous \u00eates \u00e0 quelques minutes en voiture de la ville de Royan et du front de mer<\/a>, mais aussi de la grande roue, ou du ferry traversant la Gironde pour la pointe du Verdon.<\/span><\/p><p><span style=\"font-size: 12pt;\">Vous pouvez aussi vous rendre en quelques minutes seulement \u00e0\u00a0la galerie d&#8217;art Louis Simon, la plage de la Grande Conche, le march\u00e9 de Royan et l&#8217;\u00e9glise Notre dame de Royan. Plus proche, se trouvent la chapelle Notre-Dame-des-Anges.<\/span><\/p><p>Bien s\u00fbr, <a href=\"https:\/\/cparici.com\/fr\/plages-de-royan-cote-de-beaute\/\">la ville de Royan comporte aussi d&#8217;autres plages, toutes \u00e0 d\u00e9couvrir.<\/a><\/p><p style=\"text-align: center; font-size: 16px;\"><em><strong>Royan<\/strong>, est une jolie petite ville du sud ouest de la France qui borde l\u2019atlantique. Elle est situ\u00e9e \u00e0 l\u2019entr\u00e9e de l\u2019estuaire de la Gironde, et entour\u00e9e de stations baln\u00e9aires<\/em><\/p><p>Le mus\u00e9e est aujourd&#8217;hui situ\u00e9 \u00e0 Pontaillac, dans le b\u00e2timent qui servait auparavant de march\u00e9 (les Halles)\u00a0 de Pontaillac, non loin de la plage de Pontaillac et \u00e0 quelques m\u00e8tres seulement de la chapelle Notre-Dame-des-Anges, au 31 de l&#8217;Avenue de Paris.<\/p><p>Vous pouvez en savoir plus en vous rendant <a href=\"https:\/\/www.musee-de-royan.fr\/\" target=\"_blank\" rel=\"nofollow noopener\">sur le site internet officiel du mus\u00e9e<\/a>, ou sur <a href=\"https:\/\/www.ville-royan.fr\/\" target=\"_blank\" rel=\"nofollow noopener\">le site internet de la ville de Royan.<\/a><\/p>\t\t\t\t\t\t\t\t<\/div>\n\t\t\t\t\t<\/div>\n\t\t\t\t<\/div>\n\t\t<div class=\"elementor-element elementor-element-6896bce1 e-flex e-con-boxed e-con e-parent\" data-id=\"6896bce1\" data-element_type=\"container\" data-e-type=\"container\" data-settings=\"{&quot;background_background&quot;:&quot;classic&quot;}\">\n\t\t\t\t\t<div class=\"e-con-inner\">\n\t\t\t\t<div class=\"elementor-element elementor-element-2f56195c elementor-widget elementor-widget-spacer\" data-id=\"2f56195c\" data-element_type=\"widget\" data-e-type=\"widget\" data-widget_type=\"spacer.default\">\n\t\t\t\t\t\t\t<div class=\"elementor-spacer\">\n\t\t\t<div class=\"elementor-spacer-inner\"><\/div>\n\t\t<\/div>\n\t\t\t\t\t\t<\/div>\n\t\t\t\t<div class=\"elementor-element elementor-element-60d1fd5b elementor-widget elementor-widget-heading\" data-id=\"60d1fd5b\" data-element_type=\"widget\" data-e-type=\"widget\" data-widget_type=\"heading.default\">\n\t\t\t\t\t<h2 class=\"elementor-heading-title elementor-size-default\">H\u00e9bergements de Vacances en direct<\/h2>\t\t\t\t<\/div>\n\t\t\t\t<div class=\"elementor-element elementor-element-122012da elementor-widget elementor-widget-listeo-listings-carousel\" data-id=\"122012da\" data-element_type=\"widget\" data-e-type=\"widget\" data-widget_type=\"listeo-listings-carousel.default\">\n\t\t\t\t<div class=\"elementor-widget-container\">\n\t\t\t\t\t        <!-- Carousel \/ Start -->\n        \t<div class=\"simple-slick-carousel dots-nav\" data-slick='{&quot;autoplay&quot;:true,&quot;autoplaySpeed&quot;:3000,&quot;slidesToShow&quot;:3,&quot;slidesToScroll&quot;:1,&quot;responsive&quot;:[{&quot;breakpoint&quot;:1024,&quot;settings&quot;:{&quot;slidesToShow&quot;:2,&quot;slidesToScroll&quot;:1}},{&quot;breakpoint&quot;:768,&quot;settings&quot;:{&quot;slidesToShow&quot;:1,&quot;slidesToScroll&quot;:1}}]}'>\n                            <div class=\"fw-carousel-item\">                    \n                        <!-- Listing Item -->\r\n            <div class=\"col-lg-6 col-md-12\">\r\n                <a href=\"https:\/\/cparici.com\/en\/annonce\/le-douze\/\" class=\"listing-item-container listing-geo-data compact\" data-title=\"LE DOUZE\" data-listing-type=\"rental\" data-classifieds-price=\"&euro;\" data-friendly-address=\"41 ter rue de paradis\" data-address=\"41 ter rue de paradis\" data-image=\"https:\/\/cparici.com\/wp-content\/uploads\/2025\/03\/DSC06292-HDR-520x397.jpg\" data-longitude=\"-1.1430937\" data-latitude=\"45.7162024\" data-rating=\"5\" data-reviews=\"4\" data-icon=\"&lt;svg xmlns=&quot;http:\/\/www.w3.org\/2000\/svg&quot; width=&quot;800px&quot; height=&quot;800px&quot; viewBox=&quot;0 0 45 45&quot; fill=&quot;none&quot;&gt;\n&lt;path d=&quot;M24.155 8.78099L24.33 8.94499L37.402 21.787L36 23.213L34.2 21.445L34.201 35C34.201 36.054 33.385 36.918 32.35 36.994L32.201 37H12.201C11.147 37 10.283 36.184 10.206 35.149L10.201 35L10.2 21.446L8.402 23.213L7 21.787L20.058 8.95799C21.171 7.82199 22.966 7.75899 24.155 8.78099ZM21.569 10.285L21.473 10.372L12.2 19.481L12.201 35L17.2 34.999L17.201 25C17.201 23.946 18.017 23.082 19.052 23.005L19.201 23H25.201C26.255 23 27.119 23.816 27.196 24.851L27.201 25L27.2 34.999L32.201 35L32.2 19.48L22.901 10.344C22.537 9.98699 21.969 9.96499 21.569 10.285ZM25.201 25H19.201L19.2 34.999H25.2L25.201 25Z&quot; fill=&quot;#3C3C3C&quot;\/&gt;\n&lt;\/svg&gt;\">\r\n            <div class=\"listing-item  featured-listing\">\r\n                <div class=\"listing-small-badges-container\">\r\n                                            <div class=\"listing-small-badge featured-badge\"><i class=\"fa fa-star\"><\/i> Featured<\/div>\r\n                                                                <div class=\"listing-small-badge pricing-badge\"><i class=\"fa fa-tag\"><\/i>150.00&euro; - 171.00&euro;<\/div>\r\n                                                            \r\n                                        \r\n                                        \r\n                <\/div>\r\n                <img decoding=\"async\" src=\"https:\/\/cparici.com\/wp-content\/uploads\/2025\/03\/DSC06292-HDR-520x397.jpg\" alt=\"LE DOUZE\" class=\"listing-thumbnail\">\r\n                                \r\n\r\n                <div class=\"listing-item-content\">\r\n                                                <div class=\"numerical-rating\" data-rating=\"5.0\"><\/div>\r\n                    \r\n                    <h3> LE DOUZE <i class=\"verified-icon\"><\/i><\/h3>\r\n                    <span>41 ter rue de paradis<\/span>\r\n                <\/div>\r\n                                        <span class=\"save like-icon tooltip left\" title=\"Login To Bookmark Items\"><\/span>\r\n                                                <\/div>\r\n        <\/a>\r\n                    <\/div>\r\n        \r\n\r\n        <!-- Listing Item \/ End -->\n                    <\/div>\n                                      <div class=\"fw-carousel-item\">                    \n                        <!-- Listing Item -->\r\n            <div class=\"col-lg-6 col-md-12\">\r\n                <a href=\"https:\/\/cparici.com\/en\/annonce\/bicoque-de-sophie\/\" class=\"listing-item-container listing-geo-data compact\" data-title=\"Bicoque de Sophie\" data-listing-type=\"rental\" data-classifieds-price=\"&euro;\" data-friendly-address=\"Hyper centre Saint-Georges-de-Didonne\" data-address=\"Hyper centre Saint-Georges-de-Didonne\" data-image=\"https:\/\/cparici.com\/wp-content\/uploads\/2025\/01\/20220601_133451-edit-20230319213149-520x397.jpg\" data-longitude=\"-0.9977845\" data-latitude=\"45.6029549\" data-rating=\"3.7\" data-reviews=\"3\" data-icon=\"&lt;svg xmlns=&quot;http:\/\/www.w3.org\/2000\/svg&quot; width=&quot;800px&quot; height=&quot;800px&quot; viewBox=&quot;0 0 45 45&quot; fill=&quot;none&quot;&gt;\n&lt;path d=&quot;M24.155 8.78099L24.33 8.94499L37.402 21.787L36 23.213L34.2 21.445L34.201 35C34.201 36.054 33.385 36.918 32.35 36.994L32.201 37H12.201C11.147 37 10.283 36.184 10.206 35.149L10.201 35L10.2 21.446L8.402 23.213L7 21.787L20.058 8.95799C21.171 7.82199 22.966 7.75899 24.155 8.78099ZM21.569 10.285L21.473 10.372L12.2 19.481L12.201 35L17.2 34.999L17.201 25C17.201 23.946 18.017 23.082 19.052 23.005L19.201 23H25.201C26.255 23 27.119 23.816 27.196 24.851L27.201 25L27.2 34.999L32.201 35L32.2 19.48L22.901 10.344C22.537 9.98699 21.969 9.96499 21.569 10.285ZM25.201 25H19.201L19.2 34.999H25.2L25.201 25Z&quot; fill=&quot;#3C3C3C&quot;\/&gt;\n&lt;\/svg&gt;\">\r\n            <div class=\"listing-item  \">\r\n                <div class=\"listing-small-badges-container\">\r\n                                                                <div class=\"listing-small-badge pricing-badge\"><i class=\"fa fa-tag\"><\/i>120.00&euro; - 140.00&euro;<\/div>\r\n                                                            \r\n                                        \r\n                                        \r\n                <\/div>\r\n                <img decoding=\"async\" src=\"https:\/\/cparici.com\/wp-content\/uploads\/2025\/01\/20220601_133451-edit-20230319213149-520x397.jpg\" alt=\"Bicoque de Sophie\" class=\"listing-thumbnail\">\r\n                \r\n\r\n                <div class=\"listing-item-content\">\r\n                                                <div class=\"numerical-rating\" data-rating=\"3.7\"><\/div>\r\n                    \r\n                    <h3> Bicoque de Sophie <\/h3>\r\n                    <span>Hyper centre Saint-Georges-de-Didonne<\/span>\r\n                <\/div>\r\n                                        <span class=\"save like-icon tooltip left\" title=\"Login To Bookmark Items\"><\/span>\r\n                                                <\/div>\r\n        <\/a>\r\n                    <\/div>\r\n        \r\n\r\n        <!-- Listing Item \/ End -->\n                    <\/div>\n                                      <div class=\"fw-carousel-item\">                    \n                        <!-- Listing Item -->\r\n            <div class=\"col-lg-6 col-md-12\">\r\n                <a href=\"https:\/\/cparici.com\/en\/annonce\/appartement-face-mer\/\" class=\"listing-item-container listing-geo-data compact\" data-title=\"La Perrini\u00e8re Appartement face mer Royan\" data-listing-type=\"rental\" data-classifieds-price=\"&euro;\" data-friendly-address=\"royan\" data-address=\"royan\" data-image=\"https:\/\/cparici.com\/wp-content\/uploads\/2025\/05\/366880516.jpg\" data-longitude=\"-1.0197084\" data-latitude=\"45.6217724\" data-rating=\"0\" data-reviews=\"0\" data-icon=\"&lt;svg xmlns=&quot;http:\/\/www.w3.org\/2000\/svg&quot; width=&quot;800px&quot; height=&quot;800px&quot; viewBox=&quot;0 0 45 45&quot; fill=&quot;none&quot;&gt;\n&lt;path d=&quot;M24.155 8.78099L24.33 8.94499L37.402 21.787L36 23.213L34.2 21.445L34.201 35C34.201 36.054 33.385 36.918 32.35 36.994L32.201 37H12.201C11.147 37 10.283 36.184 10.206 35.149L10.201 35L10.2 21.446L8.402 23.213L7 21.787L20.058 8.95799C21.171 7.82199 22.966 7.75899 24.155 8.78099ZM21.569 10.285L21.473 10.372L12.2 19.481L12.201 35L17.2 34.999L17.201 25C17.201 23.946 18.017 23.082 19.052 23.005L19.201 23H25.201C26.255 23 27.119 23.816 27.196 24.851L27.201 25L27.2 34.999L32.201 35L32.2 19.48L22.901 10.344C22.537 9.98699 21.969 9.96499 21.569 10.285ZM25.201 25H19.201L19.2 34.999H25.2L25.201 25Z&quot; fill=&quot;#3C3C3C&quot;\/&gt;\n&lt;\/svg&gt;\">\r\n            <div class=\"listing-item  featured-listing\">\r\n                <div class=\"listing-small-badges-container\">\r\n                                            <div class=\"listing-small-badge featured-badge\"><i class=\"fa fa-star\"><\/i> Featured<\/div>\r\n                                                                <div class=\"listing-small-badge pricing-badge\"><i class=\"fa fa-tag\"><\/i>260.00&euro; - 390.00&euro;<\/div>\r\n                                                            \r\n                                        \r\n                                        \r\n                <\/div>\r\n                <img decoding=\"async\" src=\"https:\/\/cparici.com\/wp-content\/uploads\/2025\/05\/366880516.jpg\" alt=\"La Perrini\u00e8re Appartement face mer Royan\" class=\"listing-thumbnail\">\r\n                                \r\n\r\n                <div class=\"listing-item-content\">\r\n                    \r\n                    <h3> La Perrini\u00e8re Appartement face mer Royan <\/h3>\r\n                    <span>royan<\/span>\r\n                <\/div>\r\n                                        <span class=\"save like-icon tooltip left\" title=\"Login To Bookmark Items\"><\/span>\r\n                                                <\/div>\r\n        <\/a>\r\n                    <\/div>\r\n        \r\n\r\n        <!-- Listing Item \/ End -->\n                    <\/div>\n                                      <div class=\"fw-carousel-item\">                    \n                        <!-- Listing Item -->\r\n            <div class=\"col-lg-6 col-md-12\">\r\n                <a href=\"https:\/\/cparici.com\/en\/annonce\/villa-lucas-2-7-piscine-spa\/\" class=\"listing-item-container listing-geo-data compact\" data-title=\"Villa Lucas 2-7 Piscine-spa, Meschers sur Gironde\" data-listing-type=\"rental\" data-classifieds-price=\"&euro;\" data-friendly-address=\"Boulevard de la Falaise\" data-address=\"Boulevard de la Falaise\" data-image=\"https:\/\/cparici.com\/wp-content\/uploads\/2025\/01\/20200519_141942_01-1-edit-20230321171015-520x397.jpg\" data-longitude=\"-0.9543354999999999\" data-latitude=\"45.5547399\" data-rating=\"5\" data-reviews=\"12\" data-icon=\"&lt;svg xmlns=&quot;http:\/\/www.w3.org\/2000\/svg&quot; width=&quot;800px&quot; height=&quot;800px&quot; viewBox=&quot;0 0 45 45&quot; fill=&quot;none&quot;&gt;\n&lt;path d=&quot;M24.155 8.78099L24.33 8.94499L37.402 21.787L36 23.213L34.2 21.445L34.201 35C34.201 36.054 33.385 36.918 32.35 36.994L32.201 37H12.201C11.147 37 10.283 36.184 10.206 35.149L10.201 35L10.2 21.446L8.402 23.213L7 21.787L20.058 8.95799C21.171 7.82199 22.966 7.75899 24.155 8.78099ZM21.569 10.285L21.473 10.372L12.2 19.481L12.201 35L17.2 34.999L17.201 25C17.201 23.946 18.017 23.082 19.052 23.005L19.201 23H25.201C26.255 23 27.119 23.816 27.196 24.851L27.201 25L27.2 34.999L32.201 35L32.2 19.48L22.901 10.344C22.537 9.98699 21.969 9.96499 21.569 10.285ZM25.201 25H19.201L19.2 34.999H25.2L25.201 25Z&quot; fill=&quot;#3C3C3C&quot;\/&gt;\n&lt;\/svg&gt;\">\r\n            <div class=\"listing-item  \">\r\n                <div class=\"listing-small-badges-container\">\r\n                                                                <div class=\"listing-small-badge pricing-badge\"><i class=\"fa fa-tag\"><\/i>370.00&euro; - 370.00&euro;<\/div>\r\n                                                            \r\n                                        \r\n                                        \r\n                <\/div>\r\n                <img decoding=\"async\" src=\"https:\/\/cparici.com\/wp-content\/uploads\/2025\/01\/20200519_141942_01-1-edit-20230321171015-520x397.jpg\" alt=\"Villa Lucas 2-7 Piscine-spa, Meschers sur Gironde\" class=\"listing-thumbnail\">\r\n                \r\n\r\n                <div class=\"listing-item-content\">\r\n                                                <div class=\"numerical-rating\" data-rating=\"5.0\"><\/div>\r\n                    \r\n                    <h3> Villa Lucas 2-7 Piscine-spa, Meschers sur Gironde <\/h3>\r\n                    <span>Boulevard de la Falaise<\/span>\r\n                <\/div>\r\n                                        <span class=\"save like-icon tooltip left\" title=\"Login To Bookmark Items\"><\/span>\r\n                                                <\/div>\r\n        <\/a>\r\n                    <\/div>\r\n        \r\n\r\n        <!-- Listing Item \/ End -->\n                    <\/div>\n                                      <div class=\"fw-carousel-item\">                    \n                        <!-- Listing Item -->\r\n            <div class=\"col-lg-6 col-md-12\">\r\n                <a href=\"https:\/\/cparici.com\/en\/annonce\/cottage-de-lulu-avec-spa\/\" class=\"listing-item-container listing-geo-data compact\" data-title=\"Cottage de Lulu avec Spa Meschers sur Gironde\" data-listing-type=\"rental\" data-classifieds-price=\"&euro;\" data-friendly-address=\"300m des Grottes de R\u00e9gulus\" data-address=\"300m des Grottes de R\u00e9gulus\" data-image=\"https:\/\/cparici.com\/wp-content\/uploads\/2025\/12\/spa-du-cottage-de-lulu-location-vacances-meschers-520x397.jpg\" data-longitude=\"-0.9544389999999999\" data-latitude=\"45.554722\" data-rating=\"5\" data-reviews=\"12\" data-icon=\"&lt;svg xmlns=&quot;http:\/\/www.w3.org\/2000\/svg&quot; width=&quot;800px&quot; height=&quot;800px&quot; viewBox=&quot;0 0 45 45&quot; fill=&quot;none&quot;&gt;\n&lt;path d=&quot;M24.155 8.78099L24.33 8.94499L37.402 21.787L36 23.213L34.2 21.445L34.201 35C34.201 36.054 33.385 36.918 32.35 36.994L32.201 37H12.201C11.147 37 10.283 36.184 10.206 35.149L10.201 35L10.2 21.446L8.402 23.213L7 21.787L20.058 8.95799C21.171 7.82199 22.966 7.75899 24.155 8.78099ZM21.569 10.285L21.473 10.372L12.2 19.481L12.201 35L17.2 34.999L17.201 25C17.201 23.946 18.017 23.082 19.052 23.005L19.201 23H25.201C26.255 23 27.119 23.816 27.196 24.851L27.201 25L27.2 34.999L32.201 35L32.2 19.48L22.901 10.344C22.537 9.98699 21.969 9.96499 21.569 10.285ZM25.201 25H19.201L19.2 34.999H25.2L25.201 25Z&quot; fill=&quot;#3C3C3C&quot;\/&gt;\n&lt;\/svg&gt;\">\r\n            <div class=\"listing-item  \">\r\n                <div class=\"listing-small-badges-container\">\r\n                                                                <div class=\"listing-small-badge pricing-badge\"><i class=\"fa fa-tag\"><\/i>85.00&euro; - 150.00&euro;<\/div>\r\n                                                            \r\n                                        \r\n                                        \r\n                <\/div>\r\n                <img decoding=\"async\" src=\"https:\/\/cparici.com\/wp-content\/uploads\/2025\/12\/spa-du-cottage-de-lulu-location-vacances-meschers-520x397.jpg\" alt=\"Cottage de Lulu avec Spa Meschers sur Gironde\" class=\"listing-thumbnail\">\r\n                \r\n\r\n                <div class=\"listing-item-content\">\r\n                                                <div class=\"numerical-rating\" data-rating=\"5.0\"><\/div>\r\n                    \r\n                    <h3> Cottage de Lulu avec Spa Meschers sur Gironde <\/h3>\r\n                    <span>300m des Grottes de R\u00e9gulus<\/span>\r\n                <\/div>\r\n                                        <span class=\"save like-icon tooltip left\" title=\"Login To Bookmark Items\"><\/span>\r\n                                                <\/div>\r\n        <\/a>\r\n                    <\/div>\r\n        \r\n\r\n        <!-- Listing Item \/ End -->\n                    <\/div>\n                          <\/div>\n        \t\t\t\t<\/div>\n\t\t\t\t<\/div>\n\t\t\t\t\t<\/div>\n\t\t\t\t<\/div>\n\t\t<div class=\"elementor-element elementor-element-bc7c2ee e-flex e-con-boxed e-con e-parent\" data-id=\"bc7c2ee\" data-element_type=\"container\" data-e-type=\"container\">\n\t\t\t\t\t<div class=\"e-con-inner\">\n\t\t\t\t<div class=\"elementor-element elementor-element-ca7da2e elementor-widget elementor-widget-text-editor\" data-id=\"ca7da2e\" data-element_type=\"widget\" data-e-type=\"widget\" data-widget_type=\"text-editor.default\">\n\t\t\t\t\t\t\t\t\t<p>Le <strong>Mus\u00e9e de Royan<\/strong> est une institution culturelle d\u00e9di\u00e9e \u00e0 l&#8217;histoire de cette station baln\u00e9aire embl\u00e9matique de la c\u00f4te atlantique fran\u00e7aise. Situ\u00e9 dans l&#8217;ancien march\u00e9 de Pontaillac, au c\u0153ur d&#8217;un quartier historique, le mus\u00e9e offre un parcours chronologique riche en artefacts et en informations sur le pass\u00e9 de la ville.<\/p><h2>Le Mus\u00e9e de Royan, description et expositions<\/h2><p data-start=\"46\" data-end=\"199\"><span class=\"relative -mx-px my-[-0.2rem] rounded px-px py-[0.2rem] transition-colors duration-100 ease-in-out\">Le <strong data-start=\"3\" data-end=\"21\">Mus\u00e9e de Royan<\/strong>, install\u00e9 depuis janvier 2004 dans l\u2019ancien march\u00e9 de Pontaillac, offre un parcours permanent <strong data-start=\"116\" data-end=\"133\">chronologique<\/strong> et <strong data-start=\"137\" data-end=\"151\">th\u00e9matique<\/strong>, retra\u00e7ant l\u2019histoire de Royan depuis l\u2019Antiquit\u00e9 jusqu&#8217;\u00e0 la Seconde Guerre mondiale, ainsi que la <strong data-start=\"251\" data-end=\"300\" data-is-last-node=\"\">reconstruction architecturale des ann\u00e9es 1950<\/strong><\/span>. <span class=\"relative -mx-px my-[-0.2rem] rounded px-px py-[0.2rem] transition-colors duration-100 ease-in-out\">Le b\u00e2timent, con\u00e7u par Michel Bancon et Louis Basalo en 1957, a \u00e9t\u00e9 r\u00e9nov\u00e9 pour pr\u00e9senter une sc\u00e9nographie sobre et contemporaine, renforc\u00e9e par des dispositifs <strong data-start=\"161\" data-end=\"186\">festifs et num\u00e9riques<\/strong> pour une visite immersive<\/span>.<\/p><h3 data-start=\"201\" data-end=\"228\">Collections permanentes<\/h3><p data-start=\"230\" data-end=\"267\"><span class=\"relative -mx-px my-[-0.2rem] rounded px-px py-[0.2rem] transition-colors duration-100 ease-in-out\">Le mus\u00e9e d\u00e9cline plusieurs \u00e9tapes historiques majeures :<\/span><\/p><ul data-start=\"269\" data-end=\"760\"><li data-start=\"269\" data-end=\"347\"><p data-start=\"271\" data-end=\"347\"><span class=\"relative -mx-px my-[-0.2rem] rounded px-px py-[0.2rem] transition-colors duration-100 ease-in-out\"><strong data-start=\"0\" data-end=\"21\" data-is-only-node=\"\">Origines de Royan<\/strong> : des vestiges gallo-romains aux Guerres de Religion, retra\u00e7ant l\u2019\u00e9mergence de la cit\u00e9 baln\u00e9aire<\/span>.<\/p><\/li><li data-start=\"348\" data-end=\"428\"><p data-start=\"350\" data-end=\"428\"><span class=\"relative -mx-px my-[-0.2rem] rounded px-px py-[0.2rem] transition-colors duration-100 ease-in-out\"><strong data-start=\"0\" data-end=\"54\" data-is-only-node=\"\">D\u00e9veloppement du tourisme baln\u00e9aire au XIX\u1d49 si\u00e8cle<\/strong> avec affiches, objets souvenirs et photographies illustrant l\u2019\u00e2ge d\u2019or de la &#8220;Perle de l\u2019Oc\u00e9an&#8221;<\/span>.<\/p><\/li><li data-start=\"429\" data-end=\"511\"><p data-start=\"431\" data-end=\"511\"><span class=\"relative -mx-px my-[-0.2rem] rounded px-px py-[0.2rem] transition-colors duration-100 ease-in-out\"><strong data-start=\"0\" data-end=\"41\" data-is-only-node=\"\">S\u00e9jour de Picasso \u00e0 Royan (1939\u20111940)<\/strong> : espace d\u00e9di\u00e9 \u00e0 l\u2019artiste, reproduction du Caf\u00e9 \u00e0 Royan et \u0153uvres inspir\u00e9es de son s\u00e9jour<\/span>.<\/p><\/li><li data-start=\"512\" data-end=\"594\"><p data-start=\"514\" data-end=\"594\"><span class=\"relative -mx-px my-[-0.2rem] rounded px-px py-[0.2rem] transition-colors duration-100 ease-in-out\"><strong data-start=\"0\" data-end=\"30\" data-is-only-node=\"\">La Seconde Guerre mondiale<\/strong> : occupation, R\u00e9sistance, bombardements de 1945 et la &#8220;poche de Royan&#8221;<\/span>.<\/p><\/li><li data-start=\"595\" data-end=\"677\"><p data-start=\"597\" data-end=\"677\"><span class=\"relative -mx-px my-[-0.2rem] rounded px-px py-[0.2rem] transition-colors duration-100 ease-in-out\"><strong data-start=\"0\" data-end=\"21\" data-is-only-node=\"\">La Reconstruction<\/strong> : Royan comme <strong data-start=\"36\" data-end=\"74\">laboratoire d\u2019architecture moderne<\/strong> et \u00e9mergence du Festival international d\u2019art contemporain des Trente Glorieuses<\/span>.<\/p><\/li><li data-start=\"678\" data-end=\"760\"><p data-start=\"680\" data-end=\"760\"><span class=\"relative -mx-px my-[-0.2rem] rounded px-px py-[0.2rem] transition-colors duration-100 ease-in-out\"><strong data-start=\"0\" data-end=\"25\" data-is-only-node=\"\">Cabinet de curiosit\u00e9s<\/strong> : objets rares, sp\u00e9cimens exotiques et la m\u00e9moire arch\u00e9ologique du pays royannais<\/span>.<\/p><\/li><\/ul><h3 data-start=\"762\" data-end=\"789\">Expositions temporaires<\/h3><p data-start=\"791\" data-end=\"1033\"><span class=\"relative -mx-px my-[-0.2rem] rounded px-px py-[0.2rem] transition-colors duration-100 ease-in-out\">Au c\u0153ur du mus\u00e9e, la <strong data-start=\"21\" data-end=\"39\">halle centrale<\/strong> accueille chaque ann\u00e9e une exposition temporaire croisant disciplines vari\u00e9es : histoire, architecture, arts plastiques, musique ou sciences naturelles<\/span>. <span class=\"relative -mx-px my-[-0.2rem] rounded px-px py-[0.2rem] transition-colors duration-100 ease-in-out\">Jusqu\u2019au 31\u202fmai 2025, l\u2019exposition \u00ab\u202fAu c\u0153ur de l\u2019Histoire d\u2019une Cit\u00e9 Baln\u00e9aire\u202f\u00bb explore la naissance, l\u2019estuaire, les bains de mer, Picasso, la guerre de 14\u201118, la Seconde Guerre mondiale et la ville renouvel\u00e9e<\/span>. <span class=\"relative -mx-px my-[-0.2rem] rounded px-px py-[0.2rem] transition-colors duration-100 ease-in-out\">L\u2019\u00e9t\u00e9 2025, une grande exposition photo intitul\u00e9e <strong data-start=\"50\" data-end=\"110\">\u00ab Royan \u201960 \u2013 Les ann\u00e9es \u201960 \u00e0 Royan : un art de vivre \u00bb<\/strong> pr\u00e9sente le quotidien des Trente Glorieuses, captur\u00e9 par Jean-Pierre Boudon, entre caf\u00e9s, plage, casinos et vedettes en terrasse<\/span>.<\/p><div class=\"relative inline-flex items-center\"><a class=\"ml-1 inline-flex h-[22px] items-center rounded-xl bg-[#f4f4f4] px-2 text-[0.5em] font-medium text-token-text-secondary dark:bg-token-main-surface-secondary relative top-[-0.094rem] !text-token-text-secondary uppercase hover:bg-token-text-primary hover:!text-token-main-surface-secondary dark:hover:bg-token-text-primary group\" href=\"https:\/\/www.ville-royan.fr\/culture-patrimoine\/musee.html?utm_source=chatgpt.com\" target=\"_blank\" rel=\"noopener\"><span class=\"truncate\">Accueil<\/span><\/a><\/div><h3>Informations Pratiques<\/h3><ul><li><strong>Adresse<\/strong> : 31 avenue de Paris, 17200 Royan<\/li><li><strong>Horaires<\/strong> :<ul><li>Du mercredi au vendredi : 14h00 &#8211; 18h00<\/li><li>Samedi et dimanche : 10h00 &#8211; 12h30 et 14h00 &#8211; 18h00<\/li><\/ul><\/li><li><strong>Tarifs<\/strong> :<ul><li>Adultes : 4,20 \u20ac<\/li><li>Tarif r\u00e9duit (\u00e9tudiants, demandeurs d\u2019emploi, b\u00e9n\u00e9ficiaires du RSA, personnes handicap\u00e9es) : 2,10 \u20ac<\/li><li>Moins de 18 ans : gratuit<\/li><li>Visite guid\u00e9e adulte : 6,50 \u20ac<\/li><li>Visite guid\u00e9e tarif r\u00e9duit : 4,50 \u20ac<\/li><li>Ateliers jeune public : 4,20 \u20ac \u00e0 6,80 \u20ac selon l&#8217;activit\u00e9<\/li><li>Groupes : tarifs sp\u00e9cifiques disponibles sur demande<\/li><\/ul><\/li><li><strong>Contact<\/strong> : +33 5 46 38 85 96<\/li><\/ul>\t\t\t\t\t\t\t\t<\/div>\n\t\t\t\t\t<\/div>\n\t\t\t\t<\/div>\n\t\t<div class=\"elementor-element elementor-element-776fe95d e-flex e-con-boxed e-con e-parent\" data-id=\"776fe95d\" data-element_type=\"container\" data-e-type=\"container\" data-settings=\"{&quot;background_background&quot;:&quot;classic&quot;}\">\n\t\t\t\t\t<div class=\"e-con-inner\">\n\t\t\t\t<div class=\"elementor-element elementor-element-7018bede elementor-widget elementor-widget-spacer\" data-id=\"7018bede\" data-element_type=\"widget\" data-e-type=\"widget\" data-widget_type=\"spacer.default\">\n\t\t\t\t\t\t\t<div class=\"elementor-spacer\">\n\t\t\t<div class=\"elementor-spacer-inner\"><\/div>\n\t\t<\/div>\n\t\t\t\t\t\t<\/div>\n\t\t\t\t<div class=\"elementor-element elementor-element-1c12520 elementor-widget elementor-widget-heading\" data-id=\"1c12520\" data-element_type=\"widget\" data-e-type=\"widget\" data-widget_type=\"heading.default\">\n\t\t\t\t\t<h2 class=\"elementor-heading-title elementor-size-default\">D\u00e9couverte et Activit\u00e9s<\/h2>\t\t\t\t<\/div>\n\t\t\t\t<div class=\"elementor-element elementor-element-33e26a55 elementor-widget elementor-widget-listeo-listings-carousel\" data-id=\"33e26a55\" data-element_type=\"widget\" data-e-type=\"widget\" data-widget_type=\"listeo-listings-carousel.default\">\n\t\t\t\t<div class=\"elementor-widget-container\">\n\t\t\t\t\t        <!-- Carousel \/ Start -->\n        \t<div class=\"simple-slick-carousel dots-nav\" data-slick='{&quot;autoplay&quot;:true,&quot;autoplaySpeed&quot;:3000,&quot;slidesToShow&quot;:3,&quot;slidesToScroll&quot;:1,&quot;responsive&quot;:[{&quot;breakpoint&quot;:1024,&quot;settings&quot;:{&quot;slidesToShow&quot;:2,&quot;slidesToScroll&quot;:1}},{&quot;breakpoint&quot;:768,&quot;settings&quot;:{&quot;slidesToShow&quot;:1,&quot;slidesToScroll&quot;:1}}]}'>\n                            <div class=\"fw-carousel-item\">                    \n                        <!-- Listing Item -->\r\n            <div class=\"col-lg-6 col-md-12\">\r\n                <a href=\"https:\/\/cparici.com\/en\/annonce\/bicoque-de-sophie\/\" class=\"listing-item-container listing-geo-data compact\" data-title=\"Bicoque de Sophie\" data-listing-type=\"rental\" data-classifieds-price=\"&euro;\" data-friendly-address=\"Hyper centre Saint-Georges-de-Didonne\" data-address=\"Hyper centre Saint-Georges-de-Didonne\" data-image=\"https:\/\/cparici.com\/wp-content\/uploads\/2025\/01\/20220601_133451-edit-20230319213149-520x397.jpg\" data-longitude=\"-0.9977845\" data-latitude=\"45.6029549\" data-rating=\"3.7\" data-reviews=\"3\" data-icon=\"&lt;svg xmlns=&quot;http:\/\/www.w3.org\/2000\/svg&quot; width=&quot;800px&quot; height=&quot;800px&quot; viewBox=&quot;0 0 45 45&quot; fill=&quot;none&quot;&gt;\n&lt;path d=&quot;M24.155 8.78099L24.33 8.94499L37.402 21.787L36 23.213L34.2 21.445L34.201 35C34.201 36.054 33.385 36.918 32.35 36.994L32.201 37H12.201C11.147 37 10.283 36.184 10.206 35.149L10.201 35L10.2 21.446L8.402 23.213L7 21.787L20.058 8.95799C21.171 7.82199 22.966 7.75899 24.155 8.78099ZM21.569 10.285L21.473 10.372L12.2 19.481L12.201 35L17.2 34.999L17.201 25C17.201 23.946 18.017 23.082 19.052 23.005L19.201 23H25.201C26.255 23 27.119 23.816 27.196 24.851L27.201 25L27.2 34.999L32.201 35L32.2 19.48L22.901 10.344C22.537 9.98699 21.969 9.96499 21.569 10.285ZM25.201 25H19.201L19.2 34.999H25.2L25.201 25Z&quot; fill=&quot;#3C3C3C&quot;\/&gt;\n&lt;\/svg&gt;\">\r\n            <div class=\"listing-item  \">\r\n                <div class=\"listing-small-badges-container\">\r\n                                                                <div class=\"listing-small-badge pricing-badge\"><i class=\"fa fa-tag\"><\/i>120.00&euro; - 140.00&euro;<\/div>\r\n                                                            \r\n                                        \r\n                                        \r\n                <\/div>\r\n                <img decoding=\"async\" src=\"https:\/\/cparici.com\/wp-content\/uploads\/2025\/01\/20220601_133451-edit-20230319213149-520x397.jpg\" alt=\"Bicoque de Sophie\" class=\"listing-thumbnail\">\r\n                \r\n\r\n                <div class=\"listing-item-content\">\r\n                                                <div class=\"numerical-rating\" data-rating=\"3.7\"><\/div>\r\n                    \r\n                    <h3> Bicoque de Sophie <\/h3>\r\n                    <span>Hyper centre Saint-Georges-de-Didonne<\/span>\r\n                <\/div>\r\n                                        <span class=\"save like-icon tooltip left\" title=\"Login To Bookmark Items\"><\/span>\r\n                                                <\/div>\r\n        <\/a>\r\n                    <\/div>\r\n        \r\n\r\n        <!-- Listing Item \/ End -->\n                    <\/div>\n                                      <div class=\"fw-carousel-item\">                    \n                        <!-- Listing Item -->\r\n            <div class=\"col-lg-6 col-md-12\">\r\n                <a href=\"https:\/\/cparici.com\/en\/annonce\/appartement-face-mer\/\" class=\"listing-item-container listing-geo-data compact\" data-title=\"La Perrini\u00e8re Appartement face mer Royan\" data-listing-type=\"rental\" data-classifieds-price=\"&euro;\" data-friendly-address=\"royan\" data-address=\"royan\" data-image=\"https:\/\/cparici.com\/wp-content\/uploads\/2025\/05\/366880516.jpg\" data-longitude=\"-1.0197084\" data-latitude=\"45.6217724\" data-rating=\"0\" data-reviews=\"0\" data-icon=\"&lt;svg xmlns=&quot;http:\/\/www.w3.org\/2000\/svg&quot; width=&quot;800px&quot; height=&quot;800px&quot; viewBox=&quot;0 0 45 45&quot; fill=&quot;none&quot;&gt;\n&lt;path d=&quot;M24.155 8.78099L24.33 8.94499L37.402 21.787L36 23.213L34.2 21.445L34.201 35C34.201 36.054 33.385 36.918 32.35 36.994L32.201 37H12.201C11.147 37 10.283 36.184 10.206 35.149L10.201 35L10.2 21.446L8.402 23.213L7 21.787L20.058 8.95799C21.171 7.82199 22.966 7.75899 24.155 8.78099ZM21.569 10.285L21.473 10.372L12.2 19.481L12.201 35L17.2 34.999L17.201 25C17.201 23.946 18.017 23.082 19.052 23.005L19.201 23H25.201C26.255 23 27.119 23.816 27.196 24.851L27.201 25L27.2 34.999L32.201 35L32.2 19.48L22.901 10.344C22.537 9.98699 21.969 9.96499 21.569 10.285ZM25.201 25H19.201L19.2 34.999H25.2L25.201 25Z&quot; fill=&quot;#3C3C3C&quot;\/&gt;\n&lt;\/svg&gt;\">\r\n            <div class=\"listing-item  featured-listing\">\r\n                <div class=\"listing-small-badges-container\">\r\n                                            <div class=\"listing-small-badge featured-badge\"><i class=\"fa fa-star\"><\/i> Featured<\/div>\r\n                                                                <div class=\"listing-small-badge pricing-badge\"><i class=\"fa fa-tag\"><\/i>260.00&euro; - 390.00&euro;<\/div>\r\n                                                            \r\n                                        \r\n                                        \r\n                <\/div>\r\n                <img decoding=\"async\" src=\"https:\/\/cparici.com\/wp-content\/uploads\/2025\/05\/366880516.jpg\" alt=\"La Perrini\u00e8re Appartement face mer Royan\" class=\"listing-thumbnail\">\r\n                                \r\n\r\n                <div class=\"listing-item-content\">\r\n                    \r\n                    <h3> La Perrini\u00e8re Appartement face mer Royan <\/h3>\r\n                    <span>royan<\/span>\r\n                <\/div>\r\n                                        <span class=\"save like-icon tooltip left\" title=\"Login To Bookmark Items\"><\/span>\r\n                                                <\/div>\r\n        <\/a>\r\n                    <\/div>\r\n        \r\n\r\n        <!-- Listing Item \/ End -->\n                    <\/div>\n                                      <div class=\"fw-carousel-item\">                    \n                        <!-- Listing Item -->\r\n            <div class=\"col-lg-6 col-md-12\">\r\n                <a href=\"https:\/\/cparici.com\/en\/annonce\/distillation-de-roses-centifolia\/\" class=\"listing-item-container listing-geo-data compact\" data-title=\"Distillation de roses centifolia\" data-listing-type=\"service\" data-classifieds-price=\"&euro;\" data-friendly-address=\"\" data-address=\"M\u00e9dis, France\" data-image=\"https:\/\/cparici.com\/wp-content\/uploads\/2025\/05\/inbound7346086508658559603-520x397.jpg\" data-longitude=\"-0.964789\" data-latitude=\"45.64248\" data-rating=\"0\" data-reviews=\"0\" data-icon=\"&lt;svg xmlns=&quot;http:\/\/www.w3.org\/2000\/svg&quot; xmlns:xlink=&quot;http:\/\/www.w3.org\/1999\/xlink&quot; fill=&quot;#000000&quot; version=&quot;1.1&quot; id=&quot;Layer_1&quot; viewBox=&quot;0 0 64.004 64.004&quot; xml:space=&quot;preserve&quot;&gt;\n&lt;g&gt;\n\t&lt;g&gt;\n\t\t&lt;path d=&quot;M60.103,38.327c-4.169-7.268-10.669-12.104-16.526-12.319c-0.134-0.01-0.27-0.008-0.407-0.006l-0.18,0.002l-0.157-0.002 c-0.137-0.002-0.274-0.005-0.372,0.004c-5.891,0.217-12.391,5.053-16.559,12.32c-5.624,9.804-5.051,20.771,1.276,24.446 c3.571,2.078,8.299,1.505,12.966-1.563c1.735-1.143,3.979-1.144,5.716,0c2.816,1.852,5.654,2.795,8.247,2.795 c1.705,0,3.303-0.407,4.72-1.231C65.154,59.097,65.727,48.13,60.103,38.327z M57.821,61.044 c-2.892,1.679-6.852,1.132-10.863-1.507c-1.202-0.79-2.579-1.185-3.956-1.185s-2.755,0.395-3.956,1.185 c-4.012,2.638-7.971,3.186-10.863,1.507c-5.379-3.126-5.624-12.87-0.546-21.722c3.775-6.58,9.762-11.129,14.932-11.32 c0.073-0.005,0.147-0.001,0.223,0l0.199,0.002l0.222-0.002c0.074-0.002,0.149-0.004,0.257,0.002 c5.136,0.189,11.123,4.738,14.898,11.318C63.445,48.174,63.2,57.918,57.821,61.044z&quot;\/&gt;\n\t&lt;\/g&gt;\n&lt;\/g&gt;\n&lt;g&gt;\n\t&lt;g&gt;\n\t\t&lt;path d=&quot;M43.002,31c-2.206,0-4,1.794-4,4s1.794,4,4,4s4-1.794,4-4S45.208,31,43.002,31z M43.002,37c-1.103,0-2-0.898-2-2 c0-1.103,0.897-2,2-2s2,0.897,2,2C45.002,36.102,44.105,37,43.002,37z&quot;\/&gt;\n\t&lt;\/g&gt;\n&lt;\/g&gt;\n&lt;g&gt;\n\t&lt;g&gt;\n\t\t&lt;path d=&quot;M43.002,48c-2.206,0-4,1.794-4,4s1.794,4,4,4s4-1.794,4-4S45.208,48,43.002,48z M43.002,54c-1.103,0-2-0.898-2-2 c0-1.103,0.897-2,2-2s2,0.897,2,2C45.002,53.102,44.105,54,43.002,54z&quot;\/&gt;\n\t&lt;\/g&gt;\n&lt;\/g&gt;\n&lt;g&gt;\n\t&lt;g&gt;\n\t\t&lt;path d=&quot;M52.002,38c-2.206,0-4,1.794-4,4s1.794,4,4,4s4-1.794,4-4S54.208,38,52.002,38z M52.002,44c-1.103,0-2-0.898-2-2 c0-1.103,0.897-2,2-2s2,0.897,2,2C54.002,43.102,53.105,44,52.002,44z&quot;\/&gt;\n\t&lt;\/g&gt;\n&lt;\/g&gt;\n&lt;g&gt;\n\t&lt;g&gt;\n\t\t&lt;path d=&quot;M34.002,38c-2.206,0-4,1.794-4,4s1.794,4,4,4s4-1.794,4-4S36.208,38,34.002,38z M34.002,44c-1.103,0-2-0.898-2-2 c0-1.103,0.897-2,2-2s2,0.897,2,2C36.002,43.102,35.105,44,34.002,44z&quot;\/&gt;\n\t&lt;\/g&gt;\n&lt;\/g&gt;\n&lt;g&gt;\n\t&lt;g&gt;\n\t\t&lt;path d=&quot;M31.002,48c-2.206,0-4,1.794-4,4s1.794,4,4,4s4-1.794,4-4S33.208,48,31.002,48z M31.002,54c-1.103,0-2-0.898-2-2 c0-1.103,0.897-2,2-2s2,0.897,2,2C33.002,53.102,32.105,54,31.002,54z&quot;\/&gt;\n\t&lt;\/g&gt;\n&lt;\/g&gt;\n&lt;g&gt;\n\t&lt;g&gt;\n\t\t&lt;path d=&quot;M55.002,48c-2.206,0-4,1.794-4,4s1.794,4,4,4s4-1.794,4-4S57.208,48,55.002,48z M55.002,54c-1.103,0-2-0.898-2-2 c0-1.103,0.897-2,2-2s2,0.897,2,2C57.002,53.102,56.105,54,55.002,54z&quot;\/&gt;\n\t&lt;\/g&gt;\n&lt;\/g&gt;\n&lt;g&gt;\n\t&lt;g&gt;\n\t\t&lt;path d=&quot;M45.915,3.177C45.534,1.365,43.925,0,42.002,0s-3.532,1.365-3.913,3.177C27.686,4.077,20.002,8.503,20.002,14 c0,1.988,1.043,3.909,3,5.589V23c0,0.553,0.448,1.004,1,1.004h36c0.552,0,1-0.451,1-1.004v-3.411c1.957-1.679,3-3.601,3-5.589 C64.002,8.503,56.318,4.077,45.915,3.177z M42.002,2c0.754,0,1.404,0.425,1.745,1.043C43.17,3.021,42.592,3,42.002,3 s-1.168,0.021-1.745,0.043C40.598,2.425,41.248,2,42.002,2z M59.002,22.004h-34v-2h34V22.004z M59.797,18.004h-7.151 c2.044-2,3.356-4,3.356-7h-2c0,4-3.14,7-7,7h-11c-3.86,0-7-3-7-7h-2c0,3,1.312,5,3.356,7h-6.151c-1.087-1-2.205-2.342-2.205-4.002 c0-4.879,9.159-9.002,20-9.002s20,4.123,20,9.002C62.002,15.662,60.884,17.004,59.797,18.004z&quot;\/&gt;\n\t&lt;\/g&gt;\n&lt;\/g&gt;\n&lt;g&gt;\n\t&lt;g&gt;\n\t\t&lt;path d=&quot;M19.002,21c0-3.5-3.052-7.279-4.526-8.902c0.717-0.59,1.461-1.257,2.017-1.987c0.957-1.257,1.643-3.685,0.167-5.149 c-0.552-0.548-1.363-0.798-2.365-0.808c-2.182,0.025-4.196,0.81-6.144,1.57C7.033,6.16,5.979,6.571,4.906,6.843L4.733,6.888 c-0.661,0.17-2.037,0.526-2.356,0.048c0,0-0.048-0.079-0.035-0.357C2.44,4.539,4.486,2.51,5.586,1.42L4.178,0 c-1.293,1.281-3.7,3.667-3.833,6.483C0.314,7.119,0.436,7.632,0.716,8.05C1.821,9.7,4.04,9.13,5.231,8.824l0.166-0.042 c1.192-0.303,2.355-0.756,3.48-1.194c1.863-0.727,3.623-1.412,5.441-1.434c0.456,0.011,0.78,0.076,0.934,0.227 c0.537,0.533,0.145,1.868-0.35,2.518c-0.629,0.826-1.677,1.652-2.519,2.315l0.009,0.012c-0.028,0.022-0.061,0.031-0.087,0.057 c-0.217,0.21-5.303,5.203-5.303,9.717c0,3.318,1.283,5.258,2.969,6.223L9.008,35.89c-0.006,0.048-0.007,0.097-0.006,0.147 l0.926,25.001C9.99,62.699,11.34,64,13.002,64s3.012-1.301,3.074-2.962l0.926-25.001c0.001-0.05,0-0.099-0.006-0.148l-0.963-8.666 C17.719,26.258,19.002,24.318,19.002,21z M13.006,13.447c0.916,1.01,2.156,2.576,3.012,4.227l-1.016,1.523l-1.168-1.752 c-0.371-0.557-1.293-0.557-1.664,0l-1.168,1.752l-1.023-1.535C10.883,15.922,12.205,14.332,13.006,13.447z M14.077,60.964 C14.055,61.545,13.583,62,13.002,62s-1.053-0.455-1.075-1.036l-0.923-24.927l0.903-8.127c0.364,0.061,0.731,0.09,1.095,0.09 s0.731-0.029,1.095-0.09L15,36.037L14.077,60.964z M13.002,26c-2.542,0-4-1.822-4-5c0-0.337,0.041-0.681,0.112-1.029l1.056,1.584 c0.371,0.557,1.293,0.557,1.664,0l1.168-1.752l1.168,1.752C14.356,21.833,14.667,22,15.002,22c0.334,0,0.646-0.167,0.832-0.445 l1.053-1.58c0.074,0.349,0.115,0.692,0.115,1.025C17.002,24.178,15.544,26,13.002,26z&quot;\/&gt;\n\t&lt;\/g&gt;\n&lt;\/g&gt;\n&lt;g&gt;\n\t&lt;g&gt;\n\t\t&lt;rect x=&quot;0.002&quot; y=&quot;54&quot; width=&quot;2&quot; height=&quot;2&quot;\/&gt;\n\t&lt;\/g&gt;\n&lt;\/g&gt;\n&lt;g&gt;\n\t&lt;g&gt;\n\t\t&lt;rect x=&quot;0.002&quot; y=&quot;58&quot; width=&quot;2&quot; height=&quot;2&quot;\/&gt;\n\t&lt;\/g&gt;\n&lt;\/g&gt;\n&lt;g&gt;\n\t&lt;g&gt;\n\t\t&lt;rect x=&quot;0.002&quot; y=&quot;62&quot; width=&quot;2&quot; height=&quot;2&quot;\/&gt;\n\t&lt;\/g&gt;\n&lt;\/g&gt;\n&lt;g&gt;\n\t&lt;g&gt;\n\t\t&lt;rect x=&quot;4.002&quot; y=&quot;54&quot; width=&quot;2&quot; height=&quot;2&quot;\/&gt;\n\t&lt;\/g&gt;\n&lt;\/g&gt;\n&lt;g&gt;\n\t&lt;g&gt;\n\t\t&lt;rect x=&quot;4.002&quot; y=&quot;58&quot; width=&quot;2&quot; height=&quot;2&quot;\/&gt;\n\t&lt;\/g&gt;\n&lt;\/g&gt;\n&lt;g&gt;\n\t&lt;g&gt;\n\t\t&lt;rect x=&quot;4.002&quot; y=&quot;62&quot; width=&quot;2&quot; height=&quot;2&quot;\/&gt;\n\t&lt;\/g&gt;\n&lt;\/g&gt;\n&lt;\/svg&gt;\">\r\n            <div class=\"listing-item  featured-listing\">\r\n                <div class=\"listing-small-badges-container\">\r\n                                            <div class=\"listing-small-badge featured-badge\"><i class=\"fa fa-star\"><\/i> Featured<\/div>\r\n                                                                <div class=\"listing-small-badge pricing-badge\"><i class=\"fa fa-tag\"><\/i>149.00&euro; - 149.00&euro;<\/div>\r\n                                                            \r\n                                        \r\n                                        \r\n                <\/div>\r\n                <img decoding=\"async\" src=\"https:\/\/cparici.com\/wp-content\/uploads\/2025\/05\/inbound7346086508658559603-520x397.jpg\" alt=\"Distillation de roses centifolia\" class=\"listing-thumbnail\">\r\n                \r\n\r\n                <div class=\"listing-item-content\">\r\n                    \r\n                    <h3> Distillation de roses centifolia <\/h3>\r\n                    <span>M\u00e9dis, France<\/span>\r\n                <\/div>\r\n                                        <span class=\"save like-icon tooltip left\" title=\"Login To Bookmark Items\"><\/span>\r\n                                                <\/div>\r\n        <\/a>\r\n                    <\/div>\r\n        \r\n\r\n        <!-- Listing Item \/ End -->\n                    <\/div>\n                                      <div class=\"fw-carousel-item\">                    \n                        <!-- Listing Item -->\r\n            <div class=\"col-lg-6 col-md-12\">\r\n                <a href=\"https:\/\/cparici.com\/en\/annonce\/le-douze\/\" class=\"listing-item-container listing-geo-data compact\" data-title=\"LE DOUZE\" data-listing-type=\"rental\" data-classifieds-price=\"&euro;\" data-friendly-address=\"41 ter rue de paradis\" data-address=\"41 ter rue de paradis\" data-image=\"https:\/\/cparici.com\/wp-content\/uploads\/2025\/03\/DSC06292-HDR-520x397.jpg\" data-longitude=\"-1.1430937\" data-latitude=\"45.7162024\" data-rating=\"5\" data-reviews=\"4\" data-icon=\"&lt;svg xmlns=&quot;http:\/\/www.w3.org\/2000\/svg&quot; width=&quot;800px&quot; height=&quot;800px&quot; viewBox=&quot;0 0 45 45&quot; fill=&quot;none&quot;&gt;\n&lt;path d=&quot;M24.155 8.78099L24.33 8.94499L37.402 21.787L36 23.213L34.2 21.445L34.201 35C34.201 36.054 33.385 36.918 32.35 36.994L32.201 37H12.201C11.147 37 10.283 36.184 10.206 35.149L10.201 35L10.2 21.446L8.402 23.213L7 21.787L20.058 8.95799C21.171 7.82199 22.966 7.75899 24.155 8.78099ZM21.569 10.285L21.473 10.372L12.2 19.481L12.201 35L17.2 34.999L17.201 25C17.201 23.946 18.017 23.082 19.052 23.005L19.201 23H25.201C26.255 23 27.119 23.816 27.196 24.851L27.201 25L27.2 34.999L32.201 35L32.2 19.48L22.901 10.344C22.537 9.98699 21.969 9.96499 21.569 10.285ZM25.201 25H19.201L19.2 34.999H25.2L25.201 25Z&quot; fill=&quot;#3C3C3C&quot;\/&gt;\n&lt;\/svg&gt;\">\r\n            <div class=\"listing-item  featured-listing\">\r\n                <div class=\"listing-small-badges-container\">\r\n                                            <div class=\"listing-small-badge featured-badge\"><i class=\"fa fa-star\"><\/i> Featured<\/div>\r\n                                                                <div class=\"listing-small-badge pricing-badge\"><i class=\"fa fa-tag\"><\/i>150.00&euro; - 171.00&euro;<\/div>\r\n                                                            \r\n                                        \r\n                                        \r\n                <\/div>\r\n                <img decoding=\"async\" src=\"https:\/\/cparici.com\/wp-content\/uploads\/2025\/03\/DSC06292-HDR-520x397.jpg\" alt=\"LE DOUZE\" class=\"listing-thumbnail\">\r\n                                \r\n\r\n                <div class=\"listing-item-content\">\r\n                                                <div class=\"numerical-rating\" data-rating=\"5.0\"><\/div>\r\n                    \r\n                    <h3> LE DOUZE <i class=\"verified-icon\"><\/i><\/h3>\r\n                    <span>41 ter rue de paradis<\/span>\r\n                <\/div>\r\n                                        <span class=\"save like-icon tooltip left\" title=\"Login To Bookmark Items\"><\/span>\r\n                                                <\/div>\r\n        <\/a>\r\n                    <\/div>\r\n        \r\n\r\n        <!-- Listing Item \/ End -->\n                    <\/div>\n                                      <div class=\"fw-carousel-item\">                    \n                        <!-- Listing Item -->\r\n            <div class=\"col-lg-6 col-md-12\">\r\n                <a href=\"https:\/\/cparici.com\/en\/annonce\/cottage-de-lulu-avec-spa\/\" class=\"listing-item-container listing-geo-data compact\" data-title=\"Cottage de Lulu avec Spa Meschers sur Gironde\" data-listing-type=\"rental\" data-classifieds-price=\"&euro;\" data-friendly-address=\"300m des Grottes de R\u00e9gulus\" data-address=\"300m des Grottes de R\u00e9gulus\" data-image=\"https:\/\/cparici.com\/wp-content\/uploads\/2025\/12\/spa-du-cottage-de-lulu-location-vacances-meschers-520x397.jpg\" data-longitude=\"-0.9544389999999999\" data-latitude=\"45.554722\" data-rating=\"5\" data-reviews=\"12\" data-icon=\"&lt;svg xmlns=&quot;http:\/\/www.w3.org\/2000\/svg&quot; width=&quot;800px&quot; height=&quot;800px&quot; viewBox=&quot;0 0 45 45&quot; fill=&quot;none&quot;&gt;\n&lt;path d=&quot;M24.155 8.78099L24.33 8.94499L37.402 21.787L36 23.213L34.2 21.445L34.201 35C34.201 36.054 33.385 36.918 32.35 36.994L32.201 37H12.201C11.147 37 10.283 36.184 10.206 35.149L10.201 35L10.2 21.446L8.402 23.213L7 21.787L20.058 8.95799C21.171 7.82199 22.966 7.75899 24.155 8.78099ZM21.569 10.285L21.473 10.372L12.2 19.481L12.201 35L17.2 34.999L17.201 25C17.201 23.946 18.017 23.082 19.052 23.005L19.201 23H25.201C26.255 23 27.119 23.816 27.196 24.851L27.201 25L27.2 34.999L32.201 35L32.2 19.48L22.901 10.344C22.537 9.98699 21.969 9.96499 21.569 10.285ZM25.201 25H19.201L19.2 34.999H25.2L25.201 25Z&quot; fill=&quot;#3C3C3C&quot;\/&gt;\n&lt;\/svg&gt;\">\r\n            <div class=\"listing-item  \">\r\n                <div class=\"listing-small-badges-container\">\r\n                                                                <div class=\"listing-small-badge pricing-badge\"><i class=\"fa fa-tag\"><\/i>85.00&euro; - 150.00&euro;<\/div>\r\n                                                            \r\n                                        \r\n                                        \r\n                <\/div>\r\n                <img decoding=\"async\" src=\"https:\/\/cparici.com\/wp-content\/uploads\/2025\/12\/spa-du-cottage-de-lulu-location-vacances-meschers-520x397.jpg\" alt=\"Cottage de Lulu avec Spa Meschers sur Gironde\" class=\"listing-thumbnail\">\r\n                \r\n\r\n                <div class=\"listing-item-content\">\r\n                                                <div class=\"numerical-rating\" data-rating=\"5.0\"><\/div>\r\n                    \r\n                    <h3> Cottage de Lulu avec Spa Meschers sur Gironde <\/h3>\r\n                    <span>300m des Grottes de R\u00e9gulus<\/span>\r\n                <\/div>\r\n                                        <span class=\"save like-icon tooltip left\" title=\"Login To Bookmark Items\"><\/span>\r\n                                                <\/div>\r\n        <\/a>\r\n                    <\/div>\r\n        \r\n\r\n        <!-- Listing Item \/ End -->\n                    <\/div>\n                                      <div class=\"fw-carousel-item\">                    \n                        <!-- Listing Item -->\r\n            <div class=\"col-lg-6 col-md-12\">\r\n                <a href=\"https:\/\/cparici.com\/en\/annonce\/villa-lucas-2-7-piscine-spa\/\" class=\"listing-item-container listing-geo-data compact\" data-title=\"Villa Lucas 2-7 Piscine-spa, Meschers sur Gironde\" data-listing-type=\"rental\" data-classifieds-price=\"&euro;\" data-friendly-address=\"Boulevard de la Falaise\" data-address=\"Boulevard de la Falaise\" data-image=\"https:\/\/cparici.com\/wp-content\/uploads\/2025\/01\/20200519_141942_01-1-edit-20230321171015-520x397.jpg\" data-longitude=\"-0.9543354999999999\" data-latitude=\"45.5547399\" data-rating=\"5\" data-reviews=\"12\" data-icon=\"&lt;svg xmlns=&quot;http:\/\/www.w3.org\/2000\/svg&quot; width=&quot;800px&quot; height=&quot;800px&quot; viewBox=&quot;0 0 45 45&quot; fill=&quot;none&quot;&gt;\n&lt;path d=&quot;M24.155 8.78099L24.33 8.94499L37.402 21.787L36 23.213L34.2 21.445L34.201 35C34.201 36.054 33.385 36.918 32.35 36.994L32.201 37H12.201C11.147 37 10.283 36.184 10.206 35.149L10.201 35L10.2 21.446L8.402 23.213L7 21.787L20.058 8.95799C21.171 7.82199 22.966 7.75899 24.155 8.78099ZM21.569 10.285L21.473 10.372L12.2 19.481L12.201 35L17.2 34.999L17.201 25C17.201 23.946 18.017 23.082 19.052 23.005L19.201 23H25.201C26.255 23 27.119 23.816 27.196 24.851L27.201 25L27.2 34.999L32.201 35L32.2 19.48L22.901 10.344C22.537 9.98699 21.969 9.96499 21.569 10.285ZM25.201 25H19.201L19.2 34.999H25.2L25.201 25Z&quot; fill=&quot;#3C3C3C&quot;\/&gt;\n&lt;\/svg&gt;\">\r\n            <div class=\"listing-item  \">\r\n                <div class=\"listing-small-badges-container\">\r\n                                                                <div class=\"listing-small-badge pricing-badge\"><i class=\"fa fa-tag\"><\/i>370.00&euro; - 370.00&euro;<\/div>\r\n                                                            \r\n                                        \r\n                                        \r\n                <\/div>\r\n                <img decoding=\"async\" src=\"https:\/\/cparici.com\/wp-content\/uploads\/2025\/01\/20200519_141942_01-1-edit-20230321171015-520x397.jpg\" alt=\"Villa Lucas 2-7 Piscine-spa, Meschers sur Gironde\" class=\"listing-thumbnail\">\r\n                \r\n\r\n                <div class=\"listing-item-content\">\r\n                                                <div class=\"numerical-rating\" data-rating=\"5.0\"><\/div>\r\n                    \r\n                    <h3> Villa Lucas 2-7 Piscine-spa, Meschers sur Gironde <\/h3>\r\n                    <span>Boulevard de la Falaise<\/span>\r\n                <\/div>\r\n                                        <span class=\"save like-icon tooltip left\" title=\"Login To Bookmark Items\"><\/span>\r\n                                                <\/div>\r\n        <\/a>\r\n                    <\/div>\r\n        \r\n\r\n        <!-- Listing Item \/ End -->\n                    <\/div>\n                          <\/div>\n        \t\t\t\t<\/div>\n\t\t\t\t<\/div>\n\t\t\t\t\t<\/div>\n\t\t\t\t<\/div>\n\t\t<div class=\"elementor-element elementor-element-f65f838 e-flex e-con-boxed e-con e-parent\" data-id=\"f65f838\" data-element_type=\"container\" data-e-type=\"container\">\n\t\t\t\t\t<div class=\"e-con-inner\">\n\t\t\t\t<div class=\"elementor-element elementor-element-d4dae91 elementor-widget elementor-widget-text-editor\" data-id=\"d4dae91\" data-element_type=\"widget\" data-e-type=\"widget\" data-widget_type=\"text-editor.default\">\n\t\t\t\t\t\t\t\t\t<h3>O\u00f9 se Trouve le Mus\u00e9e de Royan ?<\/h3><p>Le Mus\u00e9e de Royan est implant\u00e9 dans le quartier de Pontaillac, \u00e0 proximit\u00e9 de la plage \u00e9ponyme et du casino. Ce quartier est r\u00e9put\u00e9 pour son architecture baln\u00e9aire du XIX\u1d49 si\u00e8cle et son ambiance anim\u00e9e. Le mus\u00e9e est facilement accessible en voiture, avec des possibilit\u00e9s de stationnement \u00e0 proximit\u00e9, ainsi qu&#8217;en transports en commun.<\/p>\t\t\t\t\t\t\t\t<\/div>\n\t\t\t\t\t<\/div>\n\t\t\t\t<\/div>\n\t\t<aside class=\"elementor-element elementor-element-a1a3297 e-flex e-con-boxed e-con e-parent\" data-id=\"a1a3297\" data-element_type=\"container\" data-e-type=\"container\" data-settings=\"{&quot;background_background&quot;:&quot;classic&quot;}\">\n\t\t\t\t\t<div class=\"e-con-inner\">\n\t\t\t\t<div class=\"elementor-element elementor-element-1b84bff4 elementor-widget elementor-widget-spacer\" data-id=\"1b84bff4\" data-element_type=\"widget\" data-e-type=\"widget\" data-widget_type=\"spacer.default\">\n\t\t\t\t\t\t\t<div class=\"elementor-spacer\">\n\t\t\t<div class=\"elementor-spacer-inner\"><\/div>\n\t\t<\/div>\n\t\t\t\t\t\t<\/div>\n\t\t\t\t<div class=\"elementor-element elementor-element-2d2d99be elementor-widget elementor-widget-heading\" data-id=\"2d2d99be\" data-element_type=\"widget\" data-e-type=\"widget\" data-widget_type=\"heading.default\">\n\t\t\t\t\t<span class=\"elementor-heading-title elementor-size-default\">Explorez davantage<\/span>\t\t\t\t<\/div>\n\t\t\t\t<div class=\"elementor-element elementor-element-6fb24410 elementor-grid-3 elementor-grid-tablet-2 elementor-grid-mobile-1 elementor-widget elementor-widget-loop-grid\" data-id=\"6fb24410\" data-element_type=\"widget\" data-e-type=\"widget\" data-settings=\"{&quot;template_id&quot;:&quot;44916&quot;,&quot;_skin&quot;:&quot;post&quot;,&quot;columns&quot;:&quot;3&quot;,&quot;columns_tablet&quot;:&quot;2&quot;,&quot;columns_mobile&quot;:&quot;1&quot;,&quot;edit_handle_selector&quot;:&quot;[data-elementor-type=\\&quot;loop-item\\&quot;]&quot;,&quot;row_gap&quot;:{&quot;unit&quot;:&quot;px&quot;,&quot;size&quot;:&quot;&quot;,&quot;sizes&quot;:[]},&quot;row_gap_tablet&quot;:{&quot;unit&quot;:&quot;px&quot;,&quot;size&quot;:&quot;&quot;,&quot;sizes&quot;:[]},&quot;row_gap_mobile&quot;:{&quot;unit&quot;:&quot;px&quot;,&quot;size&quot;:&quot;&quot;,&quot;sizes&quot;:[]}}\" data-widget_type=\"loop-grid.post\">\n\t\t\t\t<div class=\"elementor-widget-container\">\n\t\t\t\t\t\t\t<div class=\"elementor-loop-container elementor-grid\" role=\"list\">\n\t\t<style id=\"loop-44916\">.elementor-44916 .elementor-element.elementor-element-da96272{--display:flex;--flex-direction:column;--container-widget-width:100%;--container-widget-height:initial;--container-widget-flex-grow:0;--container-widget-align-self:initial;--flex-wrap-mobile:wrap;}.elementor-widget-theme-post-featured-image .widget-image-caption{font-family:var( --e-global-typography-text-font-family ), Sans-serif;font-size:var( --e-global-typography-text-font-size );font-weight:var( --e-global-typography-text-font-weight );}.elementor-44916 .elementor-element.elementor-element-42d2d4d img{height:314px;object-fit:cover;object-position:center center;opacity:0.9;border-radius:35px 35px 35px 35px;}.elementor-widget-theme-post-title .elementor-heading-title{font-family:var( --e-global-typography-primary-font-family ), Sans-serif;font-size:var( --e-global-typography-primary-font-size );font-weight:var( --e-global-typography-primary-font-weight );}.elementor-44916 .elementor-element.elementor-element-8374803{text-align:center;}.elementor-44916 .elementor-element.elementor-element-8374803 .elementor-heading-title{font-family:\"Roboto\", Sans-serif;font-size:18px;font-weight:600;color:#222222;}.elementor-widget-button .elementor-button{font-family:var( --e-global-typography-accent-font-family ), Sans-serif;font-weight:var( --e-global-typography-accent-font-weight );}.elementor-44916 .elementor-element.elementor-element-d41992a .elementor-button{background-color:var( --e-global-color-ed6e59d );}.elementor-44916 .elementor-element.elementor-element-ed3a069{--display:flex;}@media(max-width:1024px){.elementor-widget-theme-post-featured-image .widget-image-caption{font-size:var( --e-global-typography-text-font-size );}.elementor-widget-theme-post-title .elementor-heading-title{font-size:var( --e-global-typography-primary-font-size );}}@media(max-width:767px){.elementor-widget-theme-post-featured-image .widget-image-caption{font-size:var( --e-global-typography-text-font-size );}.elementor-widget-theme-post-title .elementor-heading-title{font-size:var( --e-global-typography-primary-font-size );}}<\/style>\t\t<div data-elementor-type=\"loop-item\" data-elementor-id=\"44916\" class=\"elementor elementor-44916 e-loop-item e-loop-item-13075 post-13075 post type-post status-publish format-standard has-post-thumbnail hentry category-plages category-charente-maritime category-famille category-france category-loisirs category-poitou-charentes category-pontaillac category-royan tag-charente-maritime tag-cote-de-beaute tag-royan\" data-elementor-post-type=\"elementor_library\" data-custom-edit-handle=\"1\">\n\t\t\t<div class=\"elementor-element elementor-element-da96272 e-flex e-con-boxed e-con e-parent\" data-id=\"da96272\" data-element_type=\"container\" data-e-type=\"container\">\n\t\t\t\t\t<div class=\"e-con-inner\">\n\t\t\t\t<div class=\"elementor-element elementor-element-42d2d4d elementor-widget elementor-widget-theme-post-featured-image elementor-widget-image\" data-id=\"42d2d4d\" data-element_type=\"widget\" data-e-type=\"widget\" data-widget_type=\"theme-post-featured-image.default\">\n\t\t\t\t\t\t\t\t\t\t\t\t\t\t\t<img decoding=\"async\" width=\"760\" height=\"760\" src=\"https:\/\/cparici.com\/wp-content\/uploads\/2021\/03\/pontaillac-banniere-1024x1024.jpg\" class=\"attachment-large size-large wp-image-13367\" alt=\"plage de pontaillac a royan\" srcset=\"https:\/\/cparici.com\/wp-content\/uploads\/2021\/03\/pontaillac-banniere-1024x1024.jpg 1024w, https:\/\/cparici.com\/wp-content\/uploads\/2021\/03\/pontaillac-banniere-300x300.jpg 300w, https:\/\/cparici.com\/wp-content\/uploads\/2021\/03\/pontaillac-banniere-100x100.jpg 100w, https:\/\/cparici.com\/wp-content\/uploads\/2021\/03\/pontaillac-banniere-150x150.jpg 150w, https:\/\/cparici.com\/wp-content\/uploads\/2021\/03\/pontaillac-banniere-1536x1536.jpg 1536w, https:\/\/cparici.com\/wp-content\/uploads\/2021\/03\/pontaillac-banniere-2048x2048.jpg 2048w, https:\/\/cparici.com\/wp-content\/uploads\/2021\/03\/pontaillac-banniere-266x266.jpg 266w\" sizes=\"(max-width: 760px) 100vw, 760px\" \/>\t\t\t\t\t\t\t\t\t\t\t\t\t\t\t<\/div>\n\t\t\t\t<div class=\"elementor-element elementor-element-8374803 elementor-widget elementor-widget-theme-post-title elementor-page-title elementor-widget-heading\" data-id=\"8374803\" data-element_type=\"widget\" data-e-type=\"widget\" data-widget_type=\"theme-post-title.default\">\n\t\t\t\t\t<p class=\"elementor-heading-title elementor-size-default\">Plage de Pontaillac a Royan<\/p>\t\t\t\t<\/div>\n\t\t\t\t<div class=\"elementor-element elementor-element-d41992a elementor-align-center elementor-widget elementor-widget-button\" data-id=\"d41992a\" data-element_type=\"widget\" data-e-type=\"widget\" data-widget_type=\"button.default\">\n\t\t\t\t\t\t\t\t\t\t<a class=\"elementor-button elementor-button-link elementor-size-sm\" href=\"https:\/\/cparici.com\/en\/plage-de-pontaillac-a-royan\/\">\n\t\t\t\t\t\t<span class=\"elementor-button-content-wrapper\">\n\t\t\t\t\t\t\t\t\t<span class=\"elementor-button-text\">En savoir plus !<\/span>\n\t\t\t\t\t<\/span>\n\t\t\t\t\t<\/a>\n\t\t\t\t\t\t\t\t<\/div>\n\t\t\t\t\t<\/div>\n\t\t\t\t<\/div>\n\t\t<div class=\"elementor-element elementor-element-ed3a069 e-flex e-con-boxed e-con e-parent\" data-id=\"ed3a069\" data-element_type=\"container\" data-e-type=\"container\">\n\t\t\t\t\t<div class=\"e-con-inner\">\n\t\t\t\t\t<\/div>\n\t\t\t\t<\/div>\n\t\t\t\t<\/div>\n\t\t\t\t<div data-elementor-type=\"loop-item\" data-elementor-id=\"44916\" class=\"elementor elementor-44916 e-loop-item e-loop-item-39121 post-39121 post type-post status-publish format-standard has-post-thumbnail hentry category-royan category-charente-maritime category-france category-poitou-charentes tag-course-automobile tag-rallye\" data-elementor-post-type=\"elementor_library\" data-custom-edit-handle=\"1\">\n\t\t\t<div class=\"elementor-element elementor-element-da96272 e-flex e-con-boxed e-con e-parent\" data-id=\"da96272\" data-element_type=\"container\" data-e-type=\"container\">\n\t\t\t\t\t<div class=\"e-con-inner\">\n\t\t\t\t<div class=\"elementor-element elementor-element-42d2d4d elementor-widget elementor-widget-theme-post-featured-image elementor-widget-image\" data-id=\"42d2d4d\" data-element_type=\"widget\" data-e-type=\"widget\" data-widget_type=\"theme-post-featured-image.default\">\n\t\t\t\t\t\t\t\t\t\t\t\t\t\t\t<img decoding=\"async\" width=\"760\" height=\"274\" src=\"https:\/\/cparici.com\/wp-content\/uploads\/2024\/07\/rallye-dunes-et-marais-1024x369.jpg\" class=\"attachment-large size-large wp-image-39196\" alt=\"rallye dunes et marais\" srcset=\"https:\/\/cparici.com\/wp-content\/uploads\/2024\/07\/rallye-dunes-et-marais-1024x369.jpg 1024w, https:\/\/cparici.com\/wp-content\/uploads\/2024\/07\/rallye-dunes-et-marais-600x216.jpg 600w, https:\/\/cparici.com\/wp-content\/uploads\/2024\/07\/rallye-dunes-et-marais-300x108.jpg 300w, https:\/\/cparici.com\/wp-content\/uploads\/2024\/07\/rallye-dunes-et-marais-768x277.jpg 768w, https:\/\/cparici.com\/wp-content\/uploads\/2024\/07\/rallye-dunes-et-marais.jpg 1480w\" sizes=\"(max-width: 760px) 100vw, 760px\" \/>\t\t\t\t\t\t\t\t\t\t\t\t\t\t\t<\/div>\n\t\t\t\t<div class=\"elementor-element elementor-element-8374803 elementor-widget elementor-widget-theme-post-title elementor-page-title elementor-widget-heading\" data-id=\"8374803\" data-element_type=\"widget\" data-e-type=\"widget\" data-widget_type=\"theme-post-title.default\">\n\t\t\t\t\t<p class=\"elementor-heading-title elementor-size-default\">Rallye Dunes et Marais : Un \u00c9v\u00e9nement Incontournable<\/p>\t\t\t\t<\/div>\n\t\t\t\t<div class=\"elementor-element elementor-element-d41992a elementor-align-center elementor-widget elementor-widget-button\" data-id=\"d41992a\" data-element_type=\"widget\" data-e-type=\"widget\" data-widget_type=\"button.default\">\n\t\t\t\t\t\t\t\t\t\t<a class=\"elementor-button elementor-button-link elementor-size-sm\" href=\"https:\/\/cparici.com\/en\/rallye-dunes-et-marais\/\">\n\t\t\t\t\t\t<span class=\"elementor-button-content-wrapper\">\n\t\t\t\t\t\t\t\t\t<span class=\"elementor-button-text\">En savoir plus !<\/span>\n\t\t\t\t\t<\/span>\n\t\t\t\t\t<\/a>\n\t\t\t\t\t\t\t\t<\/div>\n\t\t\t\t\t<\/div>\n\t\t\t\t<\/div>\n\t\t<div class=\"elementor-element elementor-element-ed3a069 e-flex e-con-boxed e-con e-parent\" data-id=\"ed3a069\" data-element_type=\"container\" data-e-type=\"container\">\n\t\t\t\t\t<div class=\"e-con-inner\">\n\t\t\t\t\t<\/div>\n\t\t\t\t<\/div>\n\t\t\t\t<\/div>\n\t\t\t\t<div data-elementor-type=\"loop-item\" data-elementor-id=\"44916\" class=\"elementor elementor-44916 e-loop-item e-loop-item-13069 post-13069 post type-post status-publish format-standard has-post-thumbnail hentry category-parc-animalier category-charente-maritime category-famille category-france category-loisirs category-poitou-charentes category-royan category-zoo tag-charente-maritime tag-cote-de-beaute tag-royan\" data-elementor-post-type=\"elementor_library\" data-custom-edit-handle=\"1\">\n\t\t\t<div class=\"elementor-element elementor-element-da96272 e-flex e-con-boxed e-con e-parent\" data-id=\"da96272\" data-element_type=\"container\" data-e-type=\"container\">\n\t\t\t\t\t<div class=\"e-con-inner\">\n\t\t\t\t<div class=\"elementor-element elementor-element-42d2d4d elementor-widget elementor-widget-theme-post-featured-image elementor-widget-image\" data-id=\"42d2d4d\" data-element_type=\"widget\" data-e-type=\"widget\" data-widget_type=\"theme-post-featured-image.default\">\n\t\t\t\t\t\t\t\t\t\t\t\t\t\t\t<img decoding=\"async\" width=\"760\" height=\"760\" src=\"https:\/\/cparici.com\/wp-content\/uploads\/2021\/04\/planet-exotica-banniere-1024x1024.jpg\" class=\"attachment-large size-large wp-image-13715\" alt=\"Planet exotica royan\" srcset=\"https:\/\/cparici.com\/wp-content\/uploads\/2021\/04\/planet-exotica-banniere-1024x1024.jpg 1024w, https:\/\/cparici.com\/wp-content\/uploads\/2021\/04\/planet-exotica-banniere-300x300.jpg 300w, https:\/\/cparici.com\/wp-content\/uploads\/2021\/04\/planet-exotica-banniere-100x100.jpg 100w, https:\/\/cparici.com\/wp-content\/uploads\/2021\/04\/planet-exotica-banniere-150x150.jpg 150w, https:\/\/cparici.com\/wp-content\/uploads\/2021\/04\/planet-exotica-banniere-1536x1536.jpg 1536w, https:\/\/cparici.com\/wp-content\/uploads\/2021\/04\/planet-exotica-banniere-2048x2048.jpg 2048w, https:\/\/cparici.com\/wp-content\/uploads\/2021\/04\/planet-exotica-banniere-266x266.jpg 266w\" sizes=\"(max-width: 760px) 100vw, 760px\" \/>\t\t\t\t\t\t\t\t\t\t\t\t\t\t\t<\/div>\n\t\t\t\t<div class=\"elementor-element elementor-element-8374803 elementor-widget elementor-widget-theme-post-title elementor-page-title elementor-widget-heading\" data-id=\"8374803\" data-element_type=\"widget\" data-e-type=\"widget\" data-widget_type=\"theme-post-title.default\">\n\t\t\t\t\t<p class=\"elementor-heading-title elementor-size-default\">Planete Exotica a Royan<\/p>\t\t\t\t<\/div>\n\t\t\t\t<div class=\"elementor-element elementor-element-d41992a elementor-align-center elementor-widget elementor-widget-button\" data-id=\"d41992a\" data-element_type=\"widget\" data-e-type=\"widget\" data-widget_type=\"button.default\">\n\t\t\t\t\t\t\t\t\t\t<a class=\"elementor-button elementor-button-link elementor-size-sm\" href=\"https:\/\/cparici.com\/en\/planete-exotica-a-royan\/\">\n\t\t\t\t\t\t<span class=\"elementor-button-content-wrapper\">\n\t\t\t\t\t\t\t\t\t<span class=\"elementor-button-text\">En savoir plus !<\/span>\n\t\t\t\t\t<\/span>\n\t\t\t\t\t<\/a>\n\t\t\t\t\t\t\t\t<\/div>\n\t\t\t\t\t<\/div>\n\t\t\t\t<\/div>\n\t\t<div class=\"elementor-element elementor-element-ed3a069 e-flex e-con-boxed e-con e-parent\" data-id=\"ed3a069\" data-element_type=\"container\" data-e-type=\"container\">\n\t\t\t\t\t<div class=\"e-con-inner\">\n\t\t\t\t\t<\/div>\n\t\t\t\t<\/div>\n\t\t\t\t<\/div>\n\t\t\t\t<\/div>\n\t\t\n\t\t\t\t\t\t<\/div>\n\t\t\t\t<\/div>\n\t\t\t\t\t<\/div>\n\t\t\t\t<\/aside>\n\t\t\t\t<\/div>\n\t\t","protected":false},"excerpt":{"rendered":"<p>Le mus\u00e9e de Royan est situ\u00e9 dans l&#8217;ancien march\u00e9 du quartier de Pontaillac, l&#8217;ancien mus\u00e9e ayant disparu avec le Palais de Foncillon lors du bombardement de 1945.<\/p>","protected":false},"author":1,"featured_media":12579,"comment_status":"closed","ping_status":"closed","sticky":false,"template":"","format":"standard","meta":{"ngg_post_thumbnail":0,"footnotes":""},"categories":[169],"tags":[191,159],"class_list":["post-12600","post","type-post","status-publish","format-standard","has-post-thumbnail","hentry","category-musees","tag-charente-maritime","tag-royan"],"_links":{"self":[{"href":"https:\/\/cparici.com\/en\/wp-json\/wp\/v2\/posts\/12600","targetHints":{"allow":["GET"]}}],"collection":[{"href":"https:\/\/cparici.com\/en\/wp-json\/wp\/v2\/posts"}],"about":[{"href":"https:\/\/cparici.com\/en\/wp-json\/wp\/v2\/types\/post"}],"author":[{"embeddable":true,"href":"https:\/\/cparici.com\/en\/wp-json\/wp\/v2\/users\/1"}],"replies":[{"embeddable":true,"href":"https:\/\/cparici.com\/en\/wp-json\/wp\/v2\/comments?post=12600"}],"version-history":[{"count":0,"href":"https:\/\/cparici.com\/en\/wp-json\/wp\/v2\/posts\/12600\/revisions"}],"wp:featuredmedia":[{"embeddable":true,"href":"https:\/\/cparici.com\/en\/wp-json\/wp\/v2\/media\/12579"}],"wp:attachment":[{"href":"https:\/\/cparici.com\/en\/wp-json\/wp\/v2\/media?parent=12600"}],"wp:term":[{"taxonomy":"category","embeddable":true,"href":"https:\/\/cparici.com\/en\/wp-json\/wp\/v2\/categories?post=12600"},{"taxonomy":"post_tag","embeddable":true,"href":"https:\/\/cparici.com\/en\/wp-json\/wp\/v2\/tags?post=12600"}],"curies":[{"name":"wp","href":"https:\/\/api.w.org\/{rel}","templated":true}]}}