{"id":12644,"date":"2021-02-26T22:20:31","date_gmt":"2021-02-26T22:20:31","guid":{"rendered":"https:\/\/loclilala-vacances.com\/the-beach-of-saint-georges-de-didonne\/"},"modified":"2026-01-18T14:35:16","modified_gmt":"2026-01-18T13:35:16","slug":"st-georges-de-didonne-beach","status":"publish","type":"post","link":"https:\/\/cparici.com\/en\/plage-de-st-georges-de-didonne\/","title":{"rendered":"Saint Georges de Didonne beach"},"content":{"rendered":"\t\t<div data-elementor-type=\"wp-post\" data-elementor-id=\"12644\" class=\"elementor elementor-12644\" data-elementor-post-type=\"post\">\n\t\t\t\t<div class=\"elementor-element elementor-element-60b66c8 e-con-full e-flex e-con e-parent\" data-id=\"60b66c8\" data-element_type=\"container\" data-e-type=\"container\">\n\t\t\t\t<div class=\"elementor-element elementor-element-6cc5bae elementor-widget elementor-widget-image\" data-id=\"6cc5bae\" data-element_type=\"widget\" data-e-type=\"widget\" data-widget_type=\"image.default\">\n\t\t\t\t\t\t\t\t\t\t\t\t\t\t\t<img decoding=\"async\" width=\"1181\" height=\"787\" src=\"https:\/\/cparici.com\/wp-content\/uploads\/2021\/05\/plage-st-georges.jpg\" class=\"attachment-full size-full wp-image-15142\" alt=\"plage de st georges de didonne\" srcset=\"https:\/\/cparici.com\/wp-content\/uploads\/2021\/05\/plage-st-georges.jpg 1181w, https:\/\/cparici.com\/wp-content\/uploads\/2021\/05\/plage-st-georges-600x400.jpg 600w, https:\/\/cparici.com\/wp-content\/uploads\/2021\/05\/plage-st-georges-768x511.jpg 768w\" sizes=\"(max-width: 1181px) 100vw, 1181px\" \/>\t\t\t\t\t\t\t\t\t\t\t\t\t\t\t<\/div>\n\t\t\t\t<\/div>\n\t\t<aside class=\"elementor-element elementor-element-06fc906 e-flex e-con-boxed e-con e-parent\" data-id=\"06fc906\" data-element_type=\"container\" data-e-type=\"container\">\n\t\t\t\t\t<div class=\"e-con-inner\">\n\t\t\t\t<div class=\"elementor-element elementor-element-f42e6f8 elementor-widget elementor-widget-global elementor-global-62046 elementor-widget-eael-advanced-search\" data-id=\"f42e6f8\" data-element_type=\"widget\" data-e-type=\"widget\" data-widget_type=\"eael-advanced-search.default\">\n\t\t\t\t\t        <div class=\"eael-adv-search-wrapper\">\n            <div id=\"eael-advanced-search-widget-f42e6f8\" class=\"eael-advanced-search-widget\">\n                <form data-settings=\"{&quot;post_per_page&quot;:5,&quot;search_among_taxonomies&quot;:&quot;&quot;,&quot;search_among_sku&quot;:&quot;no&quot;,&quot;show_popular_keyword&quot;:0,&quot;show_category&quot;:0,&quot;show_content_image&quot;:1,&quot;show_search_result_all_results&quot;:0,&quot;result_on_new_tab&quot;:&quot;no&quot;,&quot;show_product_price&quot;:&quot;no&quot;,&quot;include_current_page&quot;:&quot;no&quot;,&quot;current_post_id&quot;:12644,&quot;post_type&quot;:[&quot;post&quot;,&quot;listing&quot;]}\" method=\"POST\" name=\"eael-advanced-search-form-f42e6f8\" class=\"eael-advanced-search-form eael-advanced-search-form-style-2\">\n                    <div class=\"eael-advanced-search-wrap\">\n                        <span class=\"eael-adv-search-loader\"><\/span>\n                        <span class=\"eael-adv-search-close\"><i class=\"fas fa-times\"><\/i><\/span>\n                        <span class=\"icon \"><i class=\"fas fa-search\"><\/i><\/span>\n\n                        <input type=\"text\"\n                               placeholder=\"Votre destination\"\n                               class=\"eael-advanced-search\" autocomplete=\"off\" name=\"eael_advanced_search\">\n                    <\/div>\n\t\t\t\t\t                                    <\/form>\n\n\t\t\t\t\n\t\t\t\t        <div class=\"eael-advanced-search-result\">\n            <div class=\"eael-advanced-search-popular-keyword\">\n\t\t\t\t<h4 class=\"eael-advanced-search-popular-keyword-text\">Recherches populaires<\/h4>                <div class=\"eael-popular-keyword-content\"><\/div>\n            <\/div>\n            <div class=\"eael-advanced-search-category\">\n\t\t\t\t<h4 class=\"eael-advanced-search-category-text\">Categories<\/h4>                <div class=\"eael-popular-category-content\"><\/div>\n            <\/div>\n\t\t\t<div class=\"eael-advanced-search-total-results-section\">\n\t\t\t\t\t\t\t<\/div>\n            <div class=\"eael-advanced-search-content eael-item-style-3\">\n            <\/div>\n            <div class=\"eael-advanced-search-not-found\">\n                <p>Pas de r\u00e9sultats<\/p><\/div>\n            <div class=\"eael-advanced-search-load-more\">\n\t\t\t\t<a \tclass=\"eael-advanced-search-load-more-button\"\n                \thref=\"#\">Voir tous les r\u00e9sultats<\/a>\n            <\/div>\n        <\/div>\n\n\t\t            <\/div>\n        <\/div>\n\n\t\t\t\t\t\t<\/div>\n\t\t\t\t\t<\/div>\n\t\t\t\t<\/aside>\n\t\t<div class=\"elementor-element elementor-element-2230c3e8 e-flex e-con-boxed e-con e-parent\" data-id=\"2230c3e8\" data-element_type=\"container\" data-e-type=\"container\">\n\t\t\t\t\t<div class=\"e-con-inner\">\n\t\t<div class=\"elementor-element elementor-element-1775960c e-con-full e-flex e-con e-child\" data-id=\"1775960c\" data-element_type=\"container\" data-e-type=\"container\">\n\t\t\t\t<div class=\"elementor-element elementor-element-50e662e7 elementor-widget elementor-widget-text-editor\" data-id=\"50e662e7\" data-element_type=\"widget\" data-e-type=\"widget\" data-widget_type=\"text-editor.default\">\n\t\t\t\t\t\t\t\t\t<div class=\"vc_row wpb_row vc_row-fluid box_1 vc_custom_1617137653494 vc_row-has-fill wpestate_row vc_row\"><div class=\"wpb_column vc_column_container vc_col-sm-12 vc_column\"><div class=\"vc_column-inner\"><div class=\"wpb_wrapper\"><div class=\"wpb_text_column wpb_content_element vc_custom_1716065363532 vc_column_text\"><div class=\"wpb_wrapper\"><h1><span style=\"font-size: 18pt;\">Plage de Saint Georges de Didonne<\/span><\/h1><h2><span style=\"font-size: 14pt;\"><b>D\u00e9couvrez la plage de Saint Georges de Didonne en Charente maritime<\/b><\/span><\/h2><p class=\"Standard\"><b>La plage de Saint Georges de Didonne <\/b>est une longue plage de sable fin, <a href=\"https:\/\/cparici.com\/saint-georges-de-didonne-guide-pratique-pour-decouvrir-la-ville\/\">situ\u00e9e dans la ville<\/a> de Saint Georges de Didonne, en Charente maritime, sur la c\u00f4te de beaut\u00e9. Cette plage est id\u00e9ale pour les familles. Il n\u2019y a que rarement des vagues, ce qui est id\u00e9al pour les jeunes enfants. Il est possible de pratiquer les sports de voile, ainsi que des activit\u00e9s nautiques.<\/p><\/div><\/div><\/div><\/div><\/div><\/div>\t\t\t\t\t\t\t\t<\/div>\n\t\t<div class=\"elementor-element elementor-element-a3c9d23 e-grid e-con-full e-con e-child\" data-id=\"a3c9d23\" data-element_type=\"container\" data-e-type=\"container\">\n\t\t\t\t<div class=\"elementor-element elementor-element-139ba42e elementor-widget elementor-widget-google_maps\" data-id=\"139ba42e\" data-element_type=\"widget\" data-e-type=\"widget\" data-widget_type=\"google_maps.default\">\n\t\t\t\t\t\t\t<div class=\"elementor-custom-embed\">\n\t\t\t<iframe loading=\"lazy\"\n\t\t\t\t\tsrc=\"https:\/\/maps.google.com\/maps?q=plage%20de%20saint%20georges%20de%20didonne&#038;t=m&#038;z=11&#038;output=embed&#038;iwloc=near\"\n\t\t\t\t\ttitle=\"plage de saint georges de didonne\"\n\t\t\t\t\taria-label=\"plage de saint georges de didonne\"\n\t\t\t><\/iframe>\n\t\t<\/div>\n\t\t\t\t\t\t<\/div>\n\t\t\t\t<div class=\"elementor-element elementor-element-7da36a39 elementor-widget elementor-widget-image\" data-id=\"7da36a39\" data-element_type=\"widget\" data-e-type=\"widget\" data-widget_type=\"image.default\">\n\t\t\t\t\t\t\t\t\t\t\t\t\t\t\t<img decoding=\"async\" width=\"760\" height=\"760\" src=\"https:\/\/cparici.com\/wp-content\/uploads\/2021\/04\/plage-de-st-georges-4-1024x1024.jpg\" class=\"attachment-large size-large wp-image-13704\" alt=\"estuaire de la gironde charente maritime\" srcset=\"https:\/\/cparici.com\/wp-content\/uploads\/2021\/04\/plage-de-st-georges-4-1024x1024.jpg 1024w, https:\/\/cparici.com\/wp-content\/uploads\/2021\/04\/plage-de-st-georges-4-300x300.jpg 300w, https:\/\/cparici.com\/wp-content\/uploads\/2021\/04\/plage-de-st-georges-4-100x100.jpg 100w, https:\/\/cparici.com\/wp-content\/uploads\/2021\/04\/plage-de-st-georges-4-150x150.jpg 150w, https:\/\/cparici.com\/wp-content\/uploads\/2021\/04\/plage-de-st-georges-4-1536x1536.jpg 1536w, https:\/\/cparici.com\/wp-content\/uploads\/2021\/04\/plage-de-st-georges-4-2048x2048.jpg 2048w\" sizes=\"(max-width: 760px) 100vw, 760px\" \/>\t\t\t\t\t\t\t\t\t\t\t\t\t\t\t<\/div>\n\t\t\t\t<\/div>\n\t\t<div class=\"elementor-element elementor-element-5cb8bcf5 e-con-full e-flex e-con e-child\" data-id=\"5cb8bcf5\" data-element_type=\"container\" data-e-type=\"container\">\n\t\t\t\t<div class=\"elementor-element elementor-element-118ceb8a elementor-widget elementor-widget-text-editor\" data-id=\"118ceb8a\" data-element_type=\"widget\" data-e-type=\"widget\" data-widget_type=\"text-editor.default\">\n\t\t\t\t\t\t\t\t\t<p><strong>St Georges de Didonne\u00a0<\/strong><em>est une petite ville situ\u00e9e \u00e0 l\u2019embouchure de l\u2019estuaire de la Gironde, sur la c\u00f4te de beaut\u00e9, et connue pour sa longue plage de sable fin<\/em><\/p>\t\t\t\t\t\t\t\t<\/div>\n\t\t\t\t<\/div>\n\t\t\t\t<\/div>\n\t\t\t\t\t<\/div>\n\t\t\t\t<\/div>\n\t\t<aside class=\"elementor-element elementor-element-52d4f6e8 e-flex e-con-boxed e-con e-parent\" data-id=\"52d4f6e8\" data-element_type=\"container\" data-e-type=\"container\" data-settings=\"{&quot;background_background&quot;:&quot;classic&quot;}\">\n\t\t\t\t\t<div class=\"e-con-inner\">\n\t\t\t\t<div class=\"elementor-element elementor-element-39fb74f0 elementor-widget elementor-widget-spacer\" data-id=\"39fb74f0\" data-element_type=\"widget\" data-e-type=\"widget\" data-widget_type=\"spacer.default\">\n\t\t\t\t\t\t\t<div class=\"elementor-spacer\">\n\t\t\t<div class=\"elementor-spacer-inner\"><\/div>\n\t\t<\/div>\n\t\t\t\t\t\t<\/div>\n\t\t\t\t<div class=\"elementor-element elementor-element-102e39e3 elementor-widget elementor-widget-heading\" data-id=\"102e39e3\" data-element_type=\"widget\" data-e-type=\"widget\" data-widget_type=\"heading.default\">\n\t\t\t\t\t<h2 class=\"elementor-heading-title elementor-size-default\">H\u00e9bergements de Vacances Saint Georges de Didonne en direct<\/h2>\t\t\t\t<\/div>\n\t\t\t\t<div class=\"elementor-element elementor-element-7f90ed16 elementor-widget elementor-widget-listeo-listings-carousel\" data-id=\"7f90ed16\" data-element_type=\"widget\" data-e-type=\"widget\" data-widget_type=\"listeo-listings-carousel.default\">\n\t\t\t\t<div class=\"elementor-widget-container\">\n\t\t\t\t\t        <!-- Carousel \/ Start -->\n        \t<div class=\"simple-slick-carousel dots-nav\" data-slick='{&quot;autoplay&quot;:true,&quot;autoplaySpeed&quot;:3000,&quot;slidesToShow&quot;:3,&quot;slidesToScroll&quot;:1,&quot;responsive&quot;:[{&quot;breakpoint&quot;:1024,&quot;settings&quot;:{&quot;slidesToShow&quot;:2,&quot;slidesToScroll&quot;:1}},{&quot;breakpoint&quot;:768,&quot;settings&quot;:{&quot;slidesToShow&quot;:1,&quot;slidesToScroll&quot;:1}}]}'>\n                            <div class=\"fw-carousel-item\">                    \n                        <!-- Listing Item -->\r\n            <div class=\"col-lg-6 col-md-12\">\r\n                <a href=\"https:\/\/cparici.com\/en\/annonce\/villa-lucas-2-7-piscine-spa\/\"  class=\"listing-item-container listing-geo-data compact\" \r\n\t\tdata-title=\"Villa Lucas 2-7 Piscine-spa, Meschers sur Gironde\"\r\n\t\tdata-listing-type=\"rental\"\r\n\t\tdata-classifieds-price=\"&euro;\"\r\n\t\tdata-friendly-address=\"Boulevard de la Falaise\"\r\n\t\tdata-address=\"Boulevard de la Falaise\"\r\n\t\tdata-image=\"https:\/\/cparici.com\/wp-content\/uploads\/2025\/01\/20200519_141942_01-1-edit-20230321171015-520x397.jpg\"\r\n\t\tdata-longitude=\"-0.9543354999999999\"\r\n\t\tdata-latitude=\"45.5547399\"\r\n\t\t\t\t\tdata-rating=\"5\"\r\n\t\t\tdata-reviews=\"12\"\r\n\t\t\t\tdata-icon=\"&lt;svg xmlns=&quot;http:\/\/www.w3.org\/2000\/svg&quot; width=&quot;800px&quot; height=&quot;800px&quot; viewBox=&quot;0 0 45 45&quot; fill=&quot;none&quot;&gt;\n&lt;path d=&quot;M24.155 8.78099L24.33 8.94499L37.402 21.787L36 23.213L34.2 21.445L34.201 35C34.201 36.054 33.385 36.918 32.35 36.994L32.201 37H12.201C11.147 37 10.283 36.184 10.206 35.149L10.201 35L10.2 21.446L8.402 23.213L7 21.787L20.058 8.95799C21.171 7.82199 22.966 7.75899 24.155 8.78099ZM21.569 10.285L21.473 10.372L12.2 19.481L12.201 35L17.2 34.999L17.201 25C17.201 23.946 18.017 23.082 19.052 23.005L19.201 23H25.201C26.255 23 27.119 23.816 27.196 24.851L27.201 25L27.2 34.999L32.201 35L32.2 19.48L22.901 10.344C22.537 9.98699 21.969 9.96499 21.569 10.285ZM25.201 25H19.201L19.2 34.999H25.2L25.201 25Z&quot; fill=&quot;#3C3C3C&quot;\/&gt;\n&lt;\/svg&gt;\"\r\n\r\n\t>\r\n            <div class=\"listing-item  \">\r\n                <div class=\"listing-small-badges-container\">\r\n                                                                <div class=\"listing-small-badge pricing-badge\"><i class=\"fa fa-tag\"><\/i>370.00&euro; - 370.00&euro;<\/div>\r\n                                                            \r\n                                        \r\n                                        \r\n                <\/div>\r\n                <img decoding=\"async\" src=\"https:\/\/cparici.com\/wp-content\/uploads\/2025\/01\/20200519_141942_01-1-edit-20230321171015-520x397.jpg\" alt=\"Villa Lucas 2-7 Piscine-spa, Meschers sur Gironde\" class=\"listing-thumbnail\">\r\n                \r\n\r\n                <div class=\"listing-item-content\">\r\n                                                <div class=\"numerical-rating\" data-rating=\"5.0\"><\/div>\r\n                    \r\n                    <h3> Villa Lucas 2-7 Piscine-spa, Meschers sur Gironde <\/h3>\r\n                    <span>Boulevard de la Falaise<\/span>\r\n                <\/div>\r\n                                        <span class=\"save like-icon tooltip left\" title=\"Login To Bookmark Items\"><\/span>\r\n                                                <\/div>\r\n        <\/a>\r\n                    <\/div>\r\n        \r\n\r\n        <!-- Listing Item \/ End -->\n                    <\/div>\n                                      <div class=\"fw-carousel-item\">                    \n                        <!-- Listing Item -->\r\n            <div class=\"col-lg-6 col-md-12\">\r\n                <a href=\"https:\/\/cparici.com\/en\/annonce\/cottage-de-lulu-avec-spa\/\"  class=\"listing-item-container listing-geo-data compact\" \r\n\t\tdata-title=\"Cottage de Lulu avec Spa Meschers sur Gironde\"\r\n\t\tdata-listing-type=\"rental\"\r\n\t\tdata-classifieds-price=\"&euro;\"\r\n\t\tdata-friendly-address=\"300m des Grottes de R\u00e9gulus\"\r\n\t\tdata-address=\"300m des Grottes de R\u00e9gulus\"\r\n\t\tdata-image=\"https:\/\/cparici.com\/wp-content\/uploads\/2025\/12\/spa-du-cottage-de-lulu-location-vacances-meschers-520x397.jpg\"\r\n\t\tdata-longitude=\"-0.9544389999999999\"\r\n\t\tdata-latitude=\"45.554722\"\r\n\t\t\t\t\tdata-rating=\"5\"\r\n\t\t\tdata-reviews=\"12\"\r\n\t\t\t\tdata-icon=\"&lt;svg xmlns=&quot;http:\/\/www.w3.org\/2000\/svg&quot; width=&quot;800px&quot; height=&quot;800px&quot; viewBox=&quot;0 0 45 45&quot; fill=&quot;none&quot;&gt;\n&lt;path d=&quot;M24.155 8.78099L24.33 8.94499L37.402 21.787L36 23.213L34.2 21.445L34.201 35C34.201 36.054 33.385 36.918 32.35 36.994L32.201 37H12.201C11.147 37 10.283 36.184 10.206 35.149L10.201 35L10.2 21.446L8.402 23.213L7 21.787L20.058 8.95799C21.171 7.82199 22.966 7.75899 24.155 8.78099ZM21.569 10.285L21.473 10.372L12.2 19.481L12.201 35L17.2 34.999L17.201 25C17.201 23.946 18.017 23.082 19.052 23.005L19.201 23H25.201C26.255 23 27.119 23.816 27.196 24.851L27.201 25L27.2 34.999L32.201 35L32.2 19.48L22.901 10.344C22.537 9.98699 21.969 9.96499 21.569 10.285ZM25.201 25H19.201L19.2 34.999H25.2L25.201 25Z&quot; fill=&quot;#3C3C3C&quot;\/&gt;\n&lt;\/svg&gt;\"\r\n\r\n\t>\r\n            <div class=\"listing-item  \">\r\n                <div class=\"listing-small-badges-container\">\r\n                                                                <div class=\"listing-small-badge pricing-badge\"><i class=\"fa fa-tag\"><\/i>85.00&euro; - 150.00&euro;<\/div>\r\n                                                            \r\n                                        \r\n                                        \r\n                <\/div>\r\n                <img decoding=\"async\" src=\"https:\/\/cparici.com\/wp-content\/uploads\/2025\/12\/spa-du-cottage-de-lulu-location-vacances-meschers-520x397.jpg\" alt=\"Cottage de Lulu avec Spa Meschers sur Gironde\" class=\"listing-thumbnail\">\r\n                \r\n\r\n                <div class=\"listing-item-content\">\r\n                                                <div class=\"numerical-rating\" data-rating=\"5.0\"><\/div>\r\n                    \r\n                    <h3> Cottage de Lulu avec Spa Meschers sur Gironde <\/h3>\r\n                    <span>300m des Grottes de R\u00e9gulus<\/span>\r\n                <\/div>\r\n                                        <span class=\"save like-icon tooltip left\" title=\"Login To Bookmark Items\"><\/span>\r\n                                                <\/div>\r\n        <\/a>\r\n                    <\/div>\r\n        \r\n\r\n        <!-- Listing Item \/ End -->\n                    <\/div>\n                          <\/div>\n        \t\t\t\t<\/div>\n\t\t\t\t<\/div>\n\t\t\t\t\t<\/div>\n\t\t\t\t<\/aside>\n\t\t<div class=\"elementor-element elementor-element-206003c e-flex e-con-boxed e-con e-parent\" data-id=\"206003c\" data-element_type=\"container\" data-e-type=\"container\">\n\t\t\t\t\t<div class=\"e-con-inner\">\n\t\t<div class=\"elementor-element elementor-element-b9866a7 e-con-full e-flex e-con e-child\" data-id=\"b9866a7\" data-element_type=\"container\" data-e-type=\"container\">\n\t\t<div class=\"elementor-element elementor-element-3ca296e e-con-full e-flex e-con e-child\" data-id=\"3ca296e\" data-element_type=\"container\" data-e-type=\"container\">\n\t\t\t\t<div class=\"elementor-element elementor-element-b98b56a elementor-widget elementor-widget-text-editor\" data-id=\"b98b56a\" data-element_type=\"widget\" data-e-type=\"widget\" data-widget_type=\"text-editor.default\">\n\t\t\t\t\t\t\t\t\t<p class=\"Standard\">La plage de Saint Georges de Didonne s\u2019\u00e9tend de la pointe de Suzac, avec l&#8217;accrobranche et non loin le parc de l&#8217;estuaire, jusqu\u2019au centre nautique, non loin du phare de Valli\u00e8res et du petit port de St Georges.<\/p><h3>St Georges de Didonne &#8211; les alentours de la plage<\/h3><p>De la plage de Saint Georges de Didonne, vous pouvez vous rendre en quelques minutes \u00e0 pied seulement dans le centre de la ville et boire un verre en terrasse sur la place de Verdun en face l&#8217;\u00e9glise ou rue de la R\u00e9publique. De la plage, vous \u00eates aussi \u00e0 quelques minutes en voiture de la\u00a0<a href=\"https:\/\/cparici.com\/plage-de-royan-cote-de-beaute\/\">plage de la Grande Conche \u00e0 Royan<\/a>, ou des petites plages de Meschers Sur Gironde.<\/p><p>Le festival humour et eau sal\u00e9e qui a lieu fin Juillet d\u00e9but Ao\u00fbt est un incontournable \u00e0 la plage de St Georges de Didonne St Georges de Didonne pendant la saison estivale. Il est temps de sourire et de rire, c&#8217;est les vacances&#8230;enfin!<\/p>\t\t\t\t\t\t\t\t<\/div>\n\t\t\t\t<div class=\"elementor-element elementor-element-16e9a1f elementor-widget elementor-widget-text-editor\" data-id=\"16e9a1f\" data-element_type=\"widget\" data-e-type=\"widget\" data-widget_type=\"text-editor.default\">\n\t\t\t\t\t\t\t\t\t<p><strong>St Georges de Didonne\u00a0<\/strong><em>est une petite ville situ\u00e9e \u00e0 l\u2019embouchure de l\u2019estuaire de la Gironde, sur la c\u00f4te de beaut\u00e9, et connue pour sa longue plage de sable fin<\/em><\/p>\t\t\t\t\t\t\t\t<\/div>\n\t\t\t\t<\/div>\n\t\t<div class=\"elementor-element elementor-element-8606e06 e-con-full e-flex e-con e-child\" data-id=\"8606e06\" data-element_type=\"container\" data-e-type=\"container\">\n\t\t<div class=\"elementor-element elementor-element-53c3fc5 e-grid e-con-full e-con e-child\" data-id=\"53c3fc5\" data-element_type=\"container\" data-e-type=\"container\">\n\t\t\t\t<div class=\"elementor-element elementor-element-d473f80 elementor-widget elementor-widget-image\" data-id=\"d473f80\" data-element_type=\"widget\" data-e-type=\"widget\" data-widget_type=\"image.default\">\n\t\t\t\t\t\t\t\t\t\t\t\t\t\t\t<img decoding=\"async\" width=\"760\" height=\"760\" src=\"https:\/\/cparici.com\/wp-content\/uploads\/2020\/11\/st-georges-2-1024x1024.jpg\" class=\"attachment-large size-large wp-image-11592\" alt=\"the beach of saint georges de didonne\" srcset=\"https:\/\/cparici.com\/wp-content\/uploads\/2020\/11\/st-georges-2-1024x1024.jpg 1024w, https:\/\/cparici.com\/wp-content\/uploads\/2020\/11\/st-georges-2-300x300.jpg 300w, https:\/\/cparici.com\/wp-content\/uploads\/2020\/11\/st-georges-2-100x100.jpg 100w, https:\/\/cparici.com\/wp-content\/uploads\/2020\/11\/st-georges-2-150x150.jpg 150w, https:\/\/cparici.com\/wp-content\/uploads\/2020\/11\/st-georges-2-1536x1536.jpg 1536w, https:\/\/cparici.com\/wp-content\/uploads\/2020\/11\/st-georges-2-2048x2048.jpg 2048w\" sizes=\"(max-width: 760px) 100vw, 760px\" \/>\t\t\t\t\t\t\t\t\t\t\t\t\t\t\t<\/div>\n\t\t\t\t<div class=\"elementor-element elementor-element-9d733a3 elementor-widget elementor-widget-image\" data-id=\"9d733a3\" data-element_type=\"widget\" data-e-type=\"widget\" data-widget_type=\"image.default\">\n\t\t\t\t\t\t\t\t\t\t\t\t\t\t\t<img decoding=\"async\" width=\"760\" height=\"760\" src=\"https:\/\/cparici.com\/wp-content\/uploads\/2021\/02\/pointe-de-suzac-banniere-2-1024x1024.jpg\" class=\"attachment-large size-large wp-image-15239\" alt=\"Pointe de Suzac rochers plage de saint georges\" srcset=\"https:\/\/cparici.com\/wp-content\/uploads\/2021\/02\/pointe-de-suzac-banniere-2-1024x1024.jpg 1024w, https:\/\/cparici.com\/wp-content\/uploads\/2021\/02\/pointe-de-suzac-banniere-2-300x300.jpg 300w, https:\/\/cparici.com\/wp-content\/uploads\/2021\/02\/pointe-de-suzac-banniere-2-100x100.jpg 100w, https:\/\/cparici.com\/wp-content\/uploads\/2021\/02\/pointe-de-suzac-banniere-2-150x150.jpg 150w, https:\/\/cparici.com\/wp-content\/uploads\/2021\/02\/pointe-de-suzac-banniere-2-1536x1536.jpg 1536w, https:\/\/cparici.com\/wp-content\/uploads\/2021\/02\/pointe-de-suzac-banniere-2-2048x2048.jpg 2048w, https:\/\/cparici.com\/wp-content\/uploads\/2021\/02\/pointe-de-suzac-banniere-2-266x266.jpg 266w\" sizes=\"(max-width: 760px) 100vw, 760px\" \/>\t\t\t\t\t\t\t\t\t\t\t\t\t\t\t<\/div>\n\t\t\t\t<\/div>\n\t\t\t\t<\/div>\n\t\t\t\t<div class=\"elementor-element elementor-element-56b3e52 elementor-widget elementor-widget-text-editor\" data-id=\"56b3e52\" data-element_type=\"widget\" data-e-type=\"widget\" data-widget_type=\"text-editor.default\">\n\t\t\t\t\t\t\t\t\t<p style=\"text-align: left;\">Situ\u00e9e sur la c\u00f4te atlantique fran\u00e7aise, la plage de Saint Georges de Didonne offre une escapade pour les amoureux de la mer, les familles en qu\u00eate de d\u00e9tente. Avec son histoire riche, ses activit\u00e9s vari\u00e9es et ses paysages spectaculaires, cette destination baln\u00e9aire est un joyau \u00e0 d\u00e9couvrir.<\/p><p style=\"text-align: left;\"><strong>Pour profiter de la plage:<\/strong><\/p><p style=\"text-align: left;\">Pour profiter pleinement de votre journ\u00e9e \u00e0 la plage de Saint Georges de Didonne, voici quelques informations pratiques :<\/p><ul style=\"text-align: left;\"><li style=\"text-align: left;\">Acc\u00e8s : La plage est facilement accessible en voiture, en v\u00e9lo ou \u00e0 pied depuis la ville de Saint-Georges-de-Didonne.<\/li><li style=\"text-align: left;\">Parking : Des parkings payants sont disponibles \u00e0 proximit\u00e9 de la plage.<\/li><li>\u00c9quipements : Des douches, des toilettes et des postes de secours sont disponibles sur la plage.<\/li><li>Restauration : Quelques bars et restaurants bordent la plage, proposant des sp\u00e9cialit\u00e9s locales et des plats internationaux.<\/li><\/ul><p style=\"text-align: left;\"><strong>Activit\u00e9s Possibles :<\/strong><\/p><p style=\"text-align: left;\">Que vous soyez amateur de farniente ou d&#8217;activit\u00e9s sportives, la plage de Saint Georges de Didonne offre une multitude d&#8217;options :<\/p><ul style=\"text-align: left;\"><li>Baignade : Les eaux calmes et peu profondes sont id\u00e9ales pour la baignade en famille.<\/li><li>Sports nautiques : Kayak, paddle, surf, voile&#8230; Les amateurs de sports nautiques trouveront leur bonheur sur la plage.<\/li><li>Promenade : Profitez d&#8217;une agr\u00e9able promenade le long du littoral, offrant des vues imprenables sur l&#8217;oc\u00e9an et les falaises environnantes.<\/li><li>P\u00eache \u00e0 pied : Partez \u00e0 la d\u00e9couverte des tr\u00e9sors de la mer en pratiquant la p\u00eache \u00e0 pied le long des rochers.<\/li><\/ul><p style=\"text-align: left;\"><strong>Les Environs :<\/strong><\/p><p style=\"text-align: left;\">Aux alentours de la plage de Saint Georges de Didonne, de nombreuses attractions valent \u00e9galement le d\u00e9tour :<\/p><ul style=\"text-align: left;\"><li>Phare de Cordouan : Partez en excursion en bateau pour visiter le majestueux phare de Cordouan, class\u00e9 au patrimoine mondial de l&#8217;UNESCO.<\/li><li>Zoo de la Palmyre : Situ\u00e9 \u00e0 quelques kilom\u00e8tres de la plage, le zoo de la Palmyre est l&#8217;un des plus grands parcs animaliers d&#8217;Europe, abritant des centaines d&#8217;esp\u00e8ces animales.<\/li><li>Visite de Royan : Profitez de votre s\u00e9jour pour explorer la ville baln\u00e9aire de Royan, avec son architecture Art d\u00e9co, ses march\u00e9s anim\u00e9s et son ambiance estivale.<\/li><\/ul><p style=\"text-align: left;\">En conclusion, la plage de Saint Georges de Didonne est une destination compl\u00e8te, offrant\u00a0 loisirs et nature \u00e0 ceux qui ont la chance de la d\u00e9couvrir. Que vous soyez en qu\u00eate de d\u00e9tente ou d&#8217;aventure, cette plage saura combler toutes vos attentes pour des vacances inoubliables au bord de l&#8217;oc\u00e9an.<\/p>\t\t\t\t\t\t\t\t<\/div>\n\t\t<div class=\"elementor-element elementor-element-569e0bf e-con-full e-flex e-con e-child\" data-id=\"569e0bf\" data-element_type=\"container\" data-e-type=\"container\">\n\t\t<div class=\"elementor-element elementor-element-bdde35f e-grid e-con-full e-con e-child\" data-id=\"bdde35f\" data-element_type=\"container\" data-e-type=\"container\">\n\t\t\t\t<div class=\"elementor-element elementor-element-efa6780 elementor-widget elementor-widget-image\" data-id=\"efa6780\" data-element_type=\"widget\" data-e-type=\"widget\" data-widget_type=\"image.default\">\n\t\t\t\t\t\t\t\t\t\t\t\t\t\t\t<img decoding=\"async\" width=\"760\" height=\"760\" src=\"https:\/\/cparici.com\/wp-content\/uploads\/2021\/02\/pointe-de-Suzac-2-1024x1024.jpg\" class=\"attachment-large size-large wp-image-12763\" alt=\"Pointe de Suzac at Saint Georges de Didonne\" srcset=\"https:\/\/cparici.com\/wp-content\/uploads\/2021\/02\/pointe-de-Suzac-2-1024x1024.jpg 1024w, https:\/\/cparici.com\/wp-content\/uploads\/2021\/02\/pointe-de-Suzac-2-300x300.jpg 300w, https:\/\/cparici.com\/wp-content\/uploads\/2021\/02\/pointe-de-Suzac-2-100x100.jpg 100w, https:\/\/cparici.com\/wp-content\/uploads\/2021\/02\/pointe-de-Suzac-2-150x150.jpg 150w, https:\/\/cparici.com\/wp-content\/uploads\/2021\/02\/pointe-de-Suzac-2-1536x1536.jpg 1536w, https:\/\/cparici.com\/wp-content\/uploads\/2021\/02\/pointe-de-Suzac-2-2048x2048.jpg 2048w\" sizes=\"(max-width: 760px) 100vw, 760px\" \/>\t\t\t\t\t\t\t\t\t\t\t\t\t\t\t<\/div>\n\t\t\t\t<div class=\"elementor-element elementor-element-2edddaf elementor-widget elementor-widget-image\" data-id=\"2edddaf\" data-element_type=\"widget\" data-e-type=\"widget\" data-widget_type=\"image.default\">\n\t\t\t\t\t\t\t\t\t\t\t\t\t\t\t<img decoding=\"async\" width=\"760\" height=\"501\" src=\"https:\/\/cparici.com\/wp-content\/uploads\/2021\/02\/eglise-st-georges-1024x675.jpg\" class=\"attachment-large size-large wp-image-39828\" alt=\"Eglise de Saint Georges de Didonne\" srcset=\"https:\/\/cparici.com\/wp-content\/uploads\/2021\/02\/eglise-st-georges-1024x675.jpg 1024w, https:\/\/cparici.com\/wp-content\/uploads\/2021\/02\/eglise-st-georges-600x395.jpg 600w, https:\/\/cparici.com\/wp-content\/uploads\/2021\/02\/eglise-st-georges-300x198.jpg 300w, https:\/\/cparici.com\/wp-content\/uploads\/2021\/02\/eglise-st-georges-768x506.jpg 768w, https:\/\/cparici.com\/wp-content\/uploads\/2021\/02\/eglise-st-georges-1536x1012.jpg 1536w, https:\/\/cparici.com\/wp-content\/uploads\/2021\/02\/eglise-st-georges.jpg 1920w\" sizes=\"(max-width: 760px) 100vw, 760px\" \/>\t\t\t\t\t\t\t\t\t\t\t\t\t\t\t<\/div>\n\t\t\t\t<\/div>\n\t\t\t\t<\/div>\n\t\t\t\t<div class=\"elementor-element elementor-element-eccd5b2 elementor-widget elementor-widget-gallery\" data-id=\"eccd5b2\" data-element_type=\"widget\" data-e-type=\"widget\" data-settings=\"{&quot;gallery_layout&quot;:&quot;justified&quot;,&quot;lazyload&quot;:&quot;yes&quot;,&quot;ideal_row_height&quot;:{&quot;unit&quot;:&quot;px&quot;,&quot;size&quot;:200,&quot;sizes&quot;:[]},&quot;ideal_row_height_tablet&quot;:{&quot;unit&quot;:&quot;px&quot;,&quot;size&quot;:150,&quot;sizes&quot;:[]},&quot;ideal_row_height_mobile&quot;:{&quot;unit&quot;:&quot;px&quot;,&quot;size&quot;:150,&quot;sizes&quot;:[]},&quot;gap&quot;:{&quot;unit&quot;:&quot;px&quot;,&quot;size&quot;:10,&quot;sizes&quot;:[]},&quot;gap_tablet&quot;:{&quot;unit&quot;:&quot;px&quot;,&quot;size&quot;:10,&quot;sizes&quot;:[]},&quot;gap_mobile&quot;:{&quot;unit&quot;:&quot;px&quot;,&quot;size&quot;:10,&quot;sizes&quot;:[]},&quot;link_to&quot;:&quot;file&quot;,&quot;overlay_background&quot;:&quot;yes&quot;,&quot;content_hover_animation&quot;:&quot;fade-in&quot;}\" data-widget_type=\"gallery.default\">\n\t\t\t\t\t\t\t<div class=\"elementor-gallery__container\">\n\t\t\t\t\t\t\t<a class=\"e-gallery-item elementor-gallery-item elementor-animated-content\" href=\"https:\/\/cparici.com\/wp-content\/uploads\/2021\/02\/st-georges-hastag.jpg\" data-elementor-open-lightbox=\"yes\" data-elementor-lightbox-slideshow=\"eccd5b2\" data-elementor-lightbox-title=\"st-georges-hastag\" data-e-action-hash=\"#elementor-action%3Aaction%3Dlightbox%26settings%3DeyJpZCI6Mzk4MzcsInVybCI6Imh0dHBzOlwvXC9jcGFyaWNpLmNvbVwvd3AtY29udGVudFwvdXBsb2Fkc1wvMjAyMVwvMDJcL3N0LWdlb3JnZXMtaGFzdGFnLmpwZyIsInNsaWRlc2hvdyI6ImVjY2Q1YjIifQ%3D%3D\">\n\t\t\t\t\t<div class=\"e-gallery-image elementor-gallery-item__image\" data-thumbnail=\"https:\/\/cparici.com\/wp-content\/uploads\/2021\/02\/st-georges-hastag-300x198.jpg\" data-width=\"300\" data-height=\"198\" aria-label=\"st geoges de didonne pointe de suzac\" role=\"img\" ><\/div>\n\t\t\t\t\t\t\t\t\t\t\t<div class=\"elementor-gallery-item__overlay\"><\/div>\n\t\t\t\t\t\t\t\t\t\t\t\t\t\t<\/a>\n\t\t\t\t\t\t\t<a class=\"e-gallery-item elementor-gallery-item elementor-animated-content\" href=\"https:\/\/cparici.com\/wp-content\/uploads\/2021\/02\/parc-foret-de-suzac.jpg\" data-elementor-open-lightbox=\"yes\" data-elementor-lightbox-slideshow=\"eccd5b2\" data-elementor-lightbox-title=\"parc-foret-de-suzac\" data-e-action-hash=\"#elementor-action%3Aaction%3Dlightbox%26settings%3DeyJpZCI6Mzk5NTgsInVybCI6Imh0dHBzOlwvXC9jcGFyaWNpLmNvbVwvd3AtY29udGVudFwvdXBsb2Fkc1wvMjAyMVwvMDJcL3BhcmMtZm9yZXQtZGUtc3V6YWMuanBnIiwic2xpZGVzaG93IjoiZWNjZDViMiJ9\">\n\t\t\t\t\t<div class=\"e-gallery-image elementor-gallery-item__image\" data-thumbnail=\"https:\/\/cparici.com\/wp-content\/uploads\/2021\/02\/parc-foret-de-suzac-200x300.jpg\" data-width=\"200\" data-height=\"300\" aria-label=\"pointe de suzac estuaire de la gironde\" role=\"img\" ><\/div>\n\t\t\t\t\t\t\t\t\t\t\t<div class=\"elementor-gallery-item__overlay\"><\/div>\n\t\t\t\t\t\t\t\t\t\t\t\t\t\t<\/a>\n\t\t\t\t\t\t\t<a class=\"e-gallery-item elementor-gallery-item elementor-animated-content\" href=\"https:\/\/cparici.com\/wp-content\/uploads\/2021\/05\/plage-st-georges.jpg\" data-elementor-open-lightbox=\"yes\" data-elementor-lightbox-slideshow=\"eccd5b2\" data-elementor-lightbox-title=\"plage st georges\" data-elementor-lightbox-description=\"plage de st georges de didonne\" data-e-action-hash=\"#elementor-action%3Aaction%3Dlightbox%26settings%3DeyJpZCI6MTUxNDIsInVybCI6Imh0dHBzOlwvXC9jcGFyaWNpLmNvbVwvd3AtY29udGVudFwvdXBsb2Fkc1wvMjAyMVwvMDVcL3BsYWdlLXN0LWdlb3JnZXMuanBnIiwic2xpZGVzaG93IjoiZWNjZDViMiJ9\">\n\t\t\t\t\t<div class=\"e-gallery-image elementor-gallery-item__image\" data-thumbnail=\"https:\/\/cparici.com\/wp-content\/uploads\/2021\/05\/plage-st-georges-300x300.jpg\" data-width=\"300\" data-height=\"300\" aria-label=\"plage de st georges de didonne\" role=\"img\" ><\/div>\n\t\t\t\t\t\t\t\t\t\t\t<div class=\"elementor-gallery-item__overlay\"><\/div>\n\t\t\t\t\t\t\t\t\t\t\t\t\t\t<\/a>\n\t\t\t\t\t\t\t<a class=\"e-gallery-item elementor-gallery-item elementor-animated-content\" href=\"https:\/\/cparici.com\/wp-content\/uploads\/2021\/02\/vue-panoramique-suzac-st-georges-de-didonne.jpg\" data-elementor-open-lightbox=\"yes\" data-elementor-lightbox-slideshow=\"eccd5b2\" data-elementor-lightbox-title=\"vue-panoramique-suzac-st-georges-de-didonne\" data-e-action-hash=\"#elementor-action%3Aaction%3Dlightbox%26settings%3DeyJpZCI6Mzk4NDMsInVybCI6Imh0dHBzOlwvXC9jcGFyaWNpLmNvbVwvd3AtY29udGVudFwvdXBsb2Fkc1wvMjAyMVwvMDJcL3Z1ZS1wYW5vcmFtaXF1ZS1zdXphYy1zdC1nZW9yZ2VzLWRlLWRpZG9ubmUuanBnIiwic2xpZGVzaG93IjoiZWNjZDViMiJ9\">\n\t\t\t\t\t<div class=\"e-gallery-image elementor-gallery-item__image\" data-thumbnail=\"https:\/\/cparici.com\/wp-content\/uploads\/2021\/02\/vue-panoramique-suzac-st-georges-de-didonne-300x198.jpg\" data-width=\"300\" data-height=\"198\" aria-label=\"\" role=\"img\" ><\/div>\n\t\t\t\t\t\t\t\t\t\t\t<div class=\"elementor-gallery-item__overlay\"><\/div>\n\t\t\t\t\t\t\t\t\t\t\t\t\t\t<\/a>\n\t\t\t\t\t\t\t<a class=\"e-gallery-item elementor-gallery-item elementor-animated-content\" href=\"https:\/\/cparici.com\/wp-content\/uploads\/2020\/11\/st-georges-3.jpg\" data-elementor-open-lightbox=\"yes\" data-elementor-lightbox-slideshow=\"eccd5b2\" data-elementor-lightbox-title=\"st georges 3\" data-e-action-hash=\"#elementor-action%3Aaction%3Dlightbox%26settings%3DeyJpZCI6MTE1OTUsInVybCI6Imh0dHBzOlwvXC9jcGFyaWNpLmNvbVwvd3AtY29udGVudFwvdXBsb2Fkc1wvMjAyMFwvMTFcL3N0LWdlb3JnZXMtMy5qcGciLCJzbGlkZXNob3ciOiJlY2NkNWIyIn0%3D\">\n\t\t\t\t\t<div class=\"e-gallery-image elementor-gallery-item__image\" data-thumbnail=\"https:\/\/cparici.com\/wp-content\/uploads\/2020\/11\/st-georges-3-300x300.jpg\" data-width=\"300\" data-height=\"300\" aria-label=\"Find a Vacation Rental in St Georges de Didonne\" role=\"img\" ><\/div>\n\t\t\t\t\t\t\t\t\t\t\t<div class=\"elementor-gallery-item__overlay\"><\/div>\n\t\t\t\t\t\t\t\t\t\t\t\t\t\t<\/a>\n\t\t\t\t\t\t\t<a class=\"e-gallery-item elementor-gallery-item elementor-animated-content\" href=\"https:\/\/cparici.com\/wp-content\/uploads\/2020\/11\/st-georges-6.jpg\" data-elementor-open-lightbox=\"yes\" data-elementor-lightbox-slideshow=\"eccd5b2\" data-elementor-lightbox-title=\"st georges 6\" data-e-action-hash=\"#elementor-action%3Aaction%3Dlightbox%26settings%3DeyJpZCI6MTE2MDQsInVybCI6Imh0dHBzOlwvXC9jcGFyaWNpLmNvbVwvd3AtY29udGVudFwvdXBsb2Fkc1wvMjAyMFwvMTFcL3N0LWdlb3JnZXMtNi5qcGciLCJzbGlkZXNob3ciOiJlY2NkNWIyIn0%3D\">\n\t\t\t\t\t<div class=\"e-gallery-image elementor-gallery-item__image\" data-thumbnail=\"https:\/\/cparici.com\/wp-content\/uploads\/2020\/11\/st-georges-6-300x300.jpg\" data-width=\"300\" data-height=\"300\" aria-label=\"Find a Vacation Rental in St Georges de Didonne\" role=\"img\" ><\/div>\n\t\t\t\t\t\t\t\t\t\t\t<div class=\"elementor-gallery-item__overlay\"><\/div>\n\t\t\t\t\t\t\t\t\t\t\t\t\t\t<\/a>\n\t\t\t\t\t<\/div>\n\t\t\t\t\t<\/div>\n\t\t\t\t<div class=\"elementor-element elementor-element-011d777 elementor-widget elementor-widget-text-editor\" data-id=\"011d777\" data-element_type=\"widget\" data-e-type=\"widget\" data-widget_type=\"text-editor.default\">\n\t\t\t\t\t\t\t\t\t<p>Sur la plage, vous trouverez des postes de secours et des toilettes, et \u00e0 proximit\u00e9 imm\u00e9diate, le club nautique de St Georges, un man\u00e8ge et des commerces ( bars, glaciers, restaurants, etc&#8230;)<\/p><p>Pour planifier votre sortie \u00e0 la plage et conna\u00eetre la m\u00e9t\u00e9o, vous pouvez\u00a0<strong>voir la webcam St Georges de Didonne<\/strong>\u00a0en direct en cliquant<a href=\"https:\/\/www.royanatlantique.fr\/sur-place\/webcams\/saint-georges-de-didonne-grande-plage\/\" target=\"_blank\" rel=\"nofollow noopener\"> ici.<\/a><\/p>\t\t\t\t\t\t\t\t<\/div>\n\t\t\t\t<div class=\"elementor-element elementor-element-688bd50 elementor-widget elementor-widget-html\" data-id=\"688bd50\" data-element_type=\"widget\" data-e-type=\"widget\" data-widget_type=\"html.default\">\n\t\t\t\t\t<p align=\"center\"><iframe width=\"560\" height=\"315\" src=\"https:\/\/www.youtube.com\/embed\/s61VUk1Bdtw\" title=\"YouTube video player\" frameborder=\"0\" allow=\"accelerometer; autoplay; clipboard-write; encrypted-media; gyroscope; picture-in-picture\" allowfullscreen><\/iframe><\/p>\t\t\t\t<\/div>\n\t\t\t\t<div class=\"elementor-element elementor-element-28045c8 elementor-widget elementor-widget-text-editor\" data-id=\"28045c8\" data-element_type=\"widget\" data-e-type=\"widget\" data-widget_type=\"text-editor.default\">\n\t\t\t\t\t\t\t\t\t<h3><strong>D\u00e9couvrez Saint Georges de Didonne<\/strong><\/h3><p><strong>Sat Georges de Didonne <\/strong>est une petite ville situ\u00e9e \u00e0 l\u2019embouchure de l\u2019estuaire de la Gironde entre les villes de\u00a0Royan\u00a0et\u00a0Meschers sur Gironde, sur la c\u00f4te de beaut\u00e9.\u00a0<\/p><p>De Saint Georges de Didonne, il est facile de se rendre \u00e0 Meschers sur Gironde, ou m\u00eame Talmont sur Gironde et ainsi d\u00e9couvrir les falaises de calcaire et les grottes troglodytes, et les petites plages entour\u00e9es de falaises.<\/p><p>Elle est connue pour\u00a0<strong>sa grande plage de sable fin<\/strong>, id\u00e9ale pour une journ\u00e9e en famille,\u00a0 la pointe de Suzac et la for\u00eat de Suzac, dans laquelle vous pourrez randonner, ou bien faire du VTT.<\/p><p>La ville de Royan est \u00e0 quelques minutes seulement. Plus loin, en longeant la c\u00f4te, vous pourrez d\u00e9couvrir la ville de St Palais Sur Mer, la c\u00f4te sauvage qui vous m\u00e8nera jusqu\u2019\u00e0 La Tremblade, et l\u2019\u00eele d\u2019Ol\u00e9ron.<\/p><h3>Plage de Saint Georges de Didonne &#8211; T\u00e9moignages du pass\u00e9<\/h3><p><em>&#8220;Saint Georges de Didonne, situ\u00e9 \u00e0 quatre kilom\u00e8tres de Royan, est un des plus charmants villages que je connaisse. Ce petit coin de terre \u00e9clectique n\u2019appartient ni au nord, ni au midi ; chacun peut y retrouver quelque chose du pays natal.\u00a0\u00a0\u00a0\u00a0 La c\u00f4te de La Valli\u00e8re, pr\u00e8s de laquelle nous descend\u00eemes en voiture, battue par la lame, trou\u00e9e, fouill\u00e9e en tous sens, nous rappela de suite les c\u00f4tes bretonnes ; les prairies grasses et touffues que nous aper\u00e7\u00fbmes sur la lisi\u00e8re des marais de Chanaunoine, nous firent aussit\u00f4t penser aux beaux p\u00e2turages normands, tandis que, de l\u2019autre c\u00f4t\u00e9 de la plage, \u00e0 la pointe de Suzac, nous devions bient\u00f4t, \u00e0 l\u2019ombre des ch\u00eanes-li\u00e8ges, nous croire transport\u00e9s sur les rivages m\u00e9ridionaux. \u00ab La dune seule appartient en propre \u00e0 Saint-Georges. Interpos\u00e9e, comme transition et comme opposition, entre la terre et la mer, elle donne une flore \u00e0 part dans l\u2019histoire de la botanique. \u00bb Plant\u00e9e d\u2019ajoncs et de pins maritimes et tapiss\u00e9e d\u2019\u0153illets gaulois, on y trouve l\u2019arth\u00e9mise marine et l\u2019immortelle odorante, qui, nous a-t-on-dit, r\u00e9pand au mois de juillet son odeur d\u2019encens \u00e0 un quart de lieue de distance dans la campagne. Tout est r\u00e9uni dans ce d\u00e9licieux coin de terre pour parler aux yeux et plaire \u00e0 l\u2019imagination ; tout y est charme et po\u00e9sie. \u00ab Le ciel y semble plus clair, plus transparent qu\u2019ailleurs, \u00bb a dit une peintre de talent. De charmants chalets s\u2019\u00e9l\u00e8vent sur la plage. Plusieurs, para\u00eet-il, sont habit\u00e9s toute l\u2019ann\u00e9e.&#8221;<\/em><\/p><p><strong>Extrait de les c\u00f4tes de la France. De Saint-Nazaire \u00e0 Biarritz, par Mme de Lalaing<\/strong><\/p><p>Pour en savoir plus sur la plage de Saint Georges de Didonne, <a href=\"https:\/\/www.saintgeorgesdedidonne.fr\/plages\/\" target=\"_blank\" rel=\"noopener\">c&#8217;est par ici!<\/a><\/p>\t\t\t\t\t\t\t\t<\/div>\n\t\t\t\t<\/div>\n\t\t\t\t\t<\/div>\n\t\t\t\t<\/div>\n\t\t<aside class=\"elementor-element elementor-element-7221f17 e-flex e-con-boxed e-con e-parent\" data-id=\"7221f17\" data-element_type=\"container\" data-e-type=\"container\">\n\t\t\t\t\t<div class=\"e-con-inner\">\n\t\t\t\t<div class=\"elementor-element elementor-element-10e0605 elementor-widget elementor-widget-listeo-posts-grid\" data-id=\"10e0605\" data-element_type=\"widget\" data-e-type=\"widget\" data-widget_type=\"listeo-posts-grid.default\">\n\t\t\t\t<div class=\"elementor-widget-container\">\n\t\t\t\t\t\t\t\n\t\t<div class=\"listeo-post-grid-wrapper\">\n\t\t\t<div class=\"row\">\n\n\t\t\t\n\n\t\t\t\t\t\t\t<div class=\"col-md-4\">\n                <a href=\"https:\/\/cparici.com\/en\/parc-de-lestuaire-a-st-georges-de-didonne\/\" class=\"blog-compact-item-container\">\n                    <div class=\"blog-compact-item\">\n                        <img decoding=\"async\" width=\"577\" height=\"205\" src=\"https:\/\/cparici.com\/wp-content\/uploads\/2021\/02\/parc-estuaire-banniere.jpg\" class=\"attachment-listeo-blog-related-post size-listeo-blog-related-post wp-post-image\" alt=\"parc de l&#039;estuaire st georges de didonne\" srcset=\"https:\/\/cparici.com\/wp-content\/uploads\/2021\/02\/parc-estuaire-banniere.jpg 2520w, https:\/\/cparici.com\/wp-content\/uploads\/2021\/02\/parc-estuaire-banniere-600x212.jpg 600w, https:\/\/cparici.com\/wp-content\/uploads\/2021\/02\/parc-estuaire-banniere-768x272.jpg 768w\" sizes=\"(max-width: 577px) 100vw, 577px\" \/><span class=\"blog-item-tag\">Charente maritime<\/span>                        \n                        <div class=\"blog-compact-item-content\">\n                                                        <h3>Parc de l&#8217;Estuaire a St Georges de Didonne<\/h3>\n                                                        <p>Le parc de l'estuaire a St Georges de Didonne est un des p\u00f4les nature du...                            <\/p>\n                                                    <\/div>\n                    <\/div>\n                <\/a>\n            <\/div>\n\t\t\t<div class=\"col-md-4\">\n                <a href=\"https:\/\/cparici.com\/en\/les-carrelets-de-meschers-sur-gironde\/\" class=\"blog-compact-item-container\">\n                    <div class=\"blog-compact-item\">\n                        <img decoding=\"async\" width=\"577\" height=\"257\" src=\"https:\/\/cparici.com\/wp-content\/uploads\/2020\/12\/carrelet-falaise-banniere.jpg\" class=\"attachment-listeo-blog-related-post size-listeo-blog-related-post wp-post-image\" alt=\"les carrelets a meschers sur gironde\" srcset=\"https:\/\/cparici.com\/wp-content\/uploads\/2020\/12\/carrelet-falaise-banniere.jpg 1520w, https:\/\/cparici.com\/wp-content\/uploads\/2020\/12\/carrelet-falaise-banniere-600x267.jpg 600w, https:\/\/cparici.com\/wp-content\/uploads\/2020\/12\/carrelet-falaise-banniere-768x342.jpg 768w\" sizes=\"(max-width: 577px) 100vw, 577px\" \/><span class=\"blog-item-tag\">France<\/span>                        \n                        <div class=\"blog-compact-item-content\">\n                                                        <h3>Les Carrelets de Meschers : Un Tr\u00e9sor du Littoral Atlantique<\/h3>\n                                                        <p>Cabanes de p\u00eacheurs \u00e0 Meschers sur Gironde - D\u00e9couvrez les c\u00e9l\u00e8bres cabanes de p\u00eacheurs \u00e0...                            <\/p>\n                                                    <\/div>\n                    <\/div>\n                <\/a>\n            <\/div>\n\t\t\t<div class=\"col-md-4\">\n                <a href=\"https:\/\/cparici.com\/en\/plage-des-nonnes-meschers\/\" class=\"blog-compact-item-container\">\n                    <div class=\"blog-compact-item\">\n                        <img decoding=\"async\" width=\"577\" height=\"178\" src=\"https:\/\/cparici.com\/wp-content\/uploads\/2020\/12\/plage-des-nonnes-banniere.jpg\" class=\"attachment-listeo-blog-related-post size-listeo-blog-related-post wp-post-image\" alt=\"plage des nonnes meschers sur gironde\" srcset=\"https:\/\/cparici.com\/wp-content\/uploads\/2020\/12\/plage-des-nonnes-banniere.jpg 1520w, https:\/\/cparici.com\/wp-content\/uploads\/2020\/12\/plage-des-nonnes-banniere-600x184.jpg 600w, https:\/\/cparici.com\/wp-content\/uploads\/2020\/12\/plage-des-nonnes-banniere-768x236.jpg 768w\" sizes=\"(max-width: 577px) 100vw, 577px\" \/><span class=\"blog-item-tag\">France<\/span>                        \n                        <div class=\"blog-compact-item-content\">\n                                                        <h3>Plage des Nonnes \u00e0 Meschers<\/h3>\n                                                        <p>Plage des S\u0153urs \u00e0 Meschers - D\u00e9couvrez la Plage des S\u0153urs \u00e0 Meschers sur Gironde,...                            <\/p>\n                                                    <\/div>\n                    <\/div>\n                <\/a>\n            <\/div>\n  <\/div>\n        <\/div>\n        \t\t\t\t<\/div>\n\t\t\t\t<\/div>\n\t\t\t\t\t<\/div>\n\t\t\t\t<\/aside>\n\t\t\t\t<\/div>\n\t\t","protected":false},"excerpt":{"rendered":"<p>St Georges de Didonne beach is a long, sandy beach in Saint Georges de Didonne, Charente Maritime, on the C\u00f4te de Beaut\u00e9. This beach is ideal for families.<\/p>","protected":false},"author":1,"featured_media":12641,"comment_status":"closed","ping_status":"closed","sticky":false,"template":"","format":"standard","meta":{"ngg_post_thumbnail":0,"footnotes":""},"categories":[462,461,477],"tags":[162,189,159,218,219,190],"class_list":["post-12644","post","type-post","status-publish","format-standard","has-post-thumbnail","hentry","category-saint-georges-de-didonne","category-charente-maritime","category-france","tag-culturel","tag-meschers","tag-royan","tag-st-georges-de-didonne","tag-st-palais-sur-mer","tag-talmont"],"_links":{"self":[{"href":"https:\/\/cparici.com\/en\/wp-json\/wp\/v2\/posts\/12644","targetHints":{"allow":["GET"]}}],"collection":[{"href":"https:\/\/cparici.com\/en\/wp-json\/wp\/v2\/posts"}],"about":[{"href":"https:\/\/cparici.com\/en\/wp-json\/wp\/v2\/types\/post"}],"author":[{"embeddable":true,"href":"https:\/\/cparici.com\/en\/wp-json\/wp\/v2\/users\/1"}],"replies":[{"embeddable":true,"href":"https:\/\/cparici.com\/en\/wp-json\/wp\/v2\/comments?post=12644"}],"version-history":[{"count":0,"href":"https:\/\/cparici.com\/en\/wp-json\/wp\/v2\/posts\/12644\/revisions"}],"wp:featuredmedia":[{"embeddable":true,"href":"https:\/\/cparici.com\/en\/wp-json\/wp\/v2\/media\/12641"}],"wp:attachment":[{"href":"https:\/\/cparici.com\/en\/wp-json\/wp\/v2\/media?parent=12644"}],"wp:term":[{"taxonomy":"category","embeddable":true,"href":"https:\/\/cparici.com\/en\/wp-json\/wp\/v2\/categories?post=12644"},{"taxonomy":"post_tag","embeddable":true,"href":"https:\/\/cparici.com\/en\/wp-json\/wp\/v2\/tags?post=12644"}],"curies":[{"name":"wp","href":"https:\/\/api.w.org\/{rel}","templated":true}]}}