{"id":12686,"date":"2021-02-27T12:14:21","date_gmt":"2021-02-27T12:14:21","guid":{"rendered":"https:\/\/loclilala-vacances.com\/?p=12686"},"modified":"2025-08-06T16:59:20","modified_gmt":"2025-08-06T14:59:20","slug":"seudre-bridge-at-la-tremblade-2","status":"publish","type":"post","link":"https:\/\/cparici.com\/en\/pont-de-la-seudre-a-la-tremblade\/","title":{"rendered":"Seudre bridge at La Tremblade"},"content":{"rendered":"\t\t<div data-elementor-type=\"wp-post\" data-elementor-id=\"12686\" class=\"elementor elementor-12686\" data-elementor-post-type=\"post\">\n\t\t\t\t<div class=\"elementor-element elementor-element-01b77d5 e-con-full e-flex e-con e-parent\" data-id=\"01b77d5\" data-element_type=\"container\" data-e-type=\"container\">\n\t\t\t\t<div class=\"elementor-element elementor-element-9a6b3ec elementor-widget elementor-widget-image\" data-id=\"9a6b3ec\" data-element_type=\"widget\" data-e-type=\"widget\" data-widget_type=\"image.default\">\n\t\t\t\t\t\t\t\t\t\t\t\t\t\t\t<img decoding=\"async\" width=\"2521\" height=\"858\" src=\"https:\/\/cparici.com\/wp-content\/uploads\/2021\/02\/pont-de-la-seudre-banniere.jpg\" class=\"attachment-full size-full wp-image-12652\" alt=\"Pont de la Seudre bridge\" srcset=\"https:\/\/cparici.com\/wp-content\/uploads\/2021\/02\/pont-de-la-seudre-banniere.jpg 2521w, https:\/\/cparici.com\/wp-content\/uploads\/2021\/02\/pont-de-la-seudre-banniere-600x204.jpg 600w, https:\/\/cparici.com\/wp-content\/uploads\/2021\/02\/pont-de-la-seudre-banniere-768x261.jpg 768w\" sizes=\"(max-width: 2521px) 100vw, 2521px\" \/>\t\t\t\t\t\t\t\t\t\t\t\t\t\t\t<\/div>\n\t\t\t\t<\/div>\n\t\t<aside class=\"elementor-element elementor-element-0a48bb4 e-flex e-con-boxed e-con e-parent\" data-id=\"0a48bb4\" data-element_type=\"container\" data-e-type=\"container\">\n\t\t\t\t\t<div class=\"e-con-inner\">\n\t\t\t\t<div class=\"elementor-element elementor-element-df4c4d8 elementor-widget elementor-widget-global elementor-global-62046 elementor-widget-eael-advanced-search\" data-id=\"df4c4d8\" data-element_type=\"widget\" data-e-type=\"widget\" data-widget_type=\"eael-advanced-search.default\">\n\t\t\t\t\t        <div class=\"eael-adv-search-wrapper\">\n            <div id=\"eael-advanced-search-widget-df4c4d8\" class=\"eael-advanced-search-widget\">\n                <form data-settings=\"{&quot;post_per_page&quot;:5,&quot;search_among_taxonomies&quot;:&quot;&quot;,&quot;search_among_sku&quot;:&quot;no&quot;,&quot;show_popular_keyword&quot;:0,&quot;show_category&quot;:0,&quot;show_content_image&quot;:1,&quot;show_search_result_all_results&quot;:0,&quot;result_on_new_tab&quot;:&quot;no&quot;,&quot;show_product_price&quot;:&quot;no&quot;,&quot;include_current_page&quot;:&quot;no&quot;,&quot;current_post_id&quot;:12686,&quot;post_type&quot;:[&quot;post&quot;,&quot;listing&quot;]}\" method=\"POST\" name=\"eael-advanced-search-form-df4c4d8\" class=\"eael-advanced-search-form eael-advanced-search-form-style-2\">\n                    <div class=\"eael-advanced-search-wrap\">\n                        <span class=\"eael-adv-search-loader\"><\/span>\n                        <span class=\"eael-adv-search-close\"><i class=\"fas fa-times\"><\/i><\/span>\n                        <span class=\"icon \"><i class=\"fas fa-search\"><\/i><\/span>\n\n                        <input type=\"text\"\n                               placeholder=\"Votre destination\"\n                               class=\"eael-advanced-search\" autocomplete=\"off\" name=\"eael_advanced_search\">\n                    <\/div>\n\t\t\t\t\t                                    <\/form>\n\n\t\t\t\t\n\t\t\t\t        <div class=\"eael-advanced-search-result\">\n            <div class=\"eael-advanced-search-popular-keyword\">\n\t\t\t\t<h4 class=\"eael-advanced-search-popular-keyword-text\">Recherches populaires<\/h4>                <div class=\"eael-popular-keyword-content\"><\/div>\n            <\/div>\n            <div class=\"eael-advanced-search-category\">\n\t\t\t\t<h4 class=\"eael-advanced-search-category-text\">Categories<\/h4>                <div class=\"eael-popular-category-content\"><\/div>\n            <\/div>\n\t\t\t<div class=\"eael-advanced-search-total-results-section\">\n\t\t\t\t\t\t\t<\/div>\n            <div class=\"eael-advanced-search-content eael-item-style-3\">\n            <\/div>\n            <div class=\"eael-advanced-search-not-found\">\n                <p>Pas de r\u00e9sultats<\/p><\/div>\n            <div class=\"eael-advanced-search-load-more\">\n\t\t\t\t<a \tclass=\"eael-advanced-search-load-more-button\"\n                \thref=\"#\">Voir tous les r\u00e9sultats<\/a>\n            <\/div>\n        <\/div>\n\n\t\t            <\/div>\n        <\/div>\n\n\t\t\t\t\t\t<\/div>\n\t\t\t\t\t<\/div>\n\t\t\t\t<\/aside>\n\t\t<div class=\"elementor-element elementor-element-519cc5f3 e-flex e-con-boxed e-con e-parent\" data-id=\"519cc5f3\" data-element_type=\"container\" data-e-type=\"container\">\n\t\t\t\t\t<div class=\"e-con-inner\">\n\t\t\t\t<div class=\"elementor-element elementor-element-2b73064a elementor-widget elementor-widget-text-editor\" data-id=\"2b73064a\" data-element_type=\"widget\" data-e-type=\"widget\" data-widget_type=\"text-editor.default\">\n\t\t\t\t\t\t\t\t\t<h1 style=\"text-align: center;\">Pont de la Seudre<\/h1><h2 style=\"text-align: center;\">D\u00e9couvrez le Pont de la Seudre a La Tremblade en Charente maritime<\/h2><p style=\"text-indent: 35.4pt;\"><b>Le Pont de la Seudre a La Tremblade<\/b> ou viaduc de la Seudre est un pont situ\u00e9 entre les villes de <a href=\"https:\/\/cparici.com\/visiter-la-tremblade\/\">La Tremblade<\/a> et Marennes, qui enjambe l\u2019estuaire de la Seudre et qui fait face \u00e0 <a href=\"https:\/\/cparici.com\/fr\/visiter-ile-doleron\/\">l\u2019\u00eele d\u2019Ol\u00e9ron<\/a>. Il permet de relier Royan \u00e0 l\u2019\u00eele d\u2019Ol\u00e9ron, ou Marennes, et Port des Barques. Il mesure plus de 1000 m de longueur et 20m de hauteur.<\/p><p>Il a \u00e9t\u00e9 construit en 1972, et enjambe La Seudre pr\u00e8s de son embouchure, passant au-dessus du Port-a-sec. Du pont de La Seudre, on peut voir le pont de l\u2019\u00eele d\u2019Ol\u00e9ron, le port de la Gr\u00e8ve, et le clocher de l\u2019\u00e9glise de Marennes. Pour acc\u00e9der au pied du pont, il est utile de suivre les indications port-a-sec.<\/p><h2 data-start=\"46\" data-end=\"89\">Un ouvrage majeur : le Pont de la Seudre<\/h2><p data-start=\"91\" data-end=\"244\"><span class=\"relative -mx-px my-[-0.2rem] rounded px-px py-[0.2rem] transition-colors duration-100 ease-in-out\">Le <strong data-start=\"3\" data-end=\"24\">Pont de la Seudre<\/strong>, ou viaduc de la Seudre, a \u00e9t\u00e9 construit entre <strong data-start=\"72\" data-end=\"88\">1971 et 1972<\/strong> afin de relier <strong data-start=\"104\" data-end=\"131\">La Tremblade \u00e0 Marennes<\/strong>, enjambe l\u2019estuaire de la Seudre et facilite la circulation depuis Royan vers l\u2019\u00eele d\u2019Ol\u00e9ron<\/span>. <span class=\"relative -mx-px my-[-0.2rem] rounded px-px py-[0.2rem] transition-colors duration-100 ease-in-out\">Long de <strong data-start=\"8\" data-end=\"32\">environ 1\u202f024 m\u00e8tres<\/strong>, il s\u2019\u00e9l\u00e8ve jusqu\u2019\u00e0 <strong data-start=\"53\" data-end=\"77\">20 m\u00e8tres de hauteur<\/strong>, offrant une voie navigable sous le tablier principal<\/span>.<\/p><h3 data-start=\"251\" data-end=\"281\">Caract\u00e9ristiques techniques<\/h3><ul data-start=\"283\" data-end=\"606\"><li data-start=\"283\" data-end=\"361\"><p data-start=\"285\" data-end=\"361\"><span class=\"relative -mx-px my-[-0.2rem] rounded px-px py-[0.2rem] transition-colors duration-100 ease-in-out\"><strong data-start=\"0\" data-end=\"13\" data-is-only-node=\"\">Structure<\/strong> : pont-route en b\u00e9ton pr\u00e9contraint, construit avec <strong data-start=\"65\" data-end=\"91\">voussoirs pr\u00e9fabriqu\u00e9s<\/strong> pos\u00e9s en encorbellement<\/span>.<\/p><\/li><li data-start=\"362\" data-end=\"440\"><p data-start=\"364\" data-end=\"440\"><span class=\"relative -mx-px my-[-0.2rem] rounded px-px py-[0.2rem] transition-colors duration-100 ease-in-out\"><strong data-start=\"0\" data-end=\"14\" data-is-only-node=\"\">Dimensions<\/strong> : longueur totale ~1\u202f024\u202fm, largeur ~10,80\u202fm, hauteur libre sous tablier de 20\u202fm, 13 trav\u00e9es (44\u202fm aux extr\u00e9mit\u00e9s, onze trav\u00e9es de 79\u202fm)<\/span>.<\/p><\/li><li data-start=\"441\" data-end=\"523\"><p data-start=\"443\" data-end=\"523\"><span class=\"relative -mx-px my-[-0.2rem] rounded px-px py-[0.2rem] transition-colors duration-100 ease-in-out\"><strong data-start=\"0\" data-end=\"13\" data-is-only-node=\"\">Mat\u00e9riaux<\/strong> : plus de 10\u202f000\u202fm\u00b3 de b\u00e9ton et environ 750\u202ftonnes d\u2019acier, r\u00e9alis\u00e9es par la soci\u00e9t\u00e9 Campenon\u2011Bernard, avec renforcement par pr\u00e9contrainte en 1997 par Freyssinet International<\/span>.<\/p><\/li><li data-start=\"524\" data-end=\"606\"><p data-start=\"526\" data-end=\"606\"><span class=\"relative -mx-px my-[-0.2rem] rounded px-px py-[0.2rem] transition-colors duration-100 ease-in-out\"><strong data-start=\"0\" data-end=\"14\" data-is-only-node=\"\">\u00c9quipement<\/strong> : un tablier \u00e9troit de 10,80\u202fm int\u00e8gre une voie bidirectionnelle et des bandes cyclables de chaque c\u00f4t\u00e9<\/span>.<\/p><\/li><\/ul><h3 data-start=\"613\" data-end=\"632\">R\u00f4le et histoire<\/h3><p data-start=\"634\" data-end=\"795\"><span class=\"relative -mx-px my-[-0.2rem] rounded px-px py-[0.2rem] transition-colors duration-100 ease-in-out\">Avant sa construction, la travers\u00e9e de la Seudre se faisait par bac, document\u00e9e d\u00e8s 1629, devenant un service r\u00e9glement\u00e9 en 1729<\/span>. <span class=\"relative -mx-px my-[-0.2rem] rounded px-px py-[0.2rem] transition-colors duration-100 ease-in-out\">L\u2019\u00e9volution de l\u2019activit\u00e9 ostr\u00e9icole dans la r\u00e9gion et l\u2019essor de Marennes encourag\u00e8rent la construction du pont pour s\u00e9curiser et fluidifier les \u00e9changes entre les deux rives<\/span>.<\/p><p data-start=\"797\" data-end=\"877\"><span class=\"relative -mx-px my-[-0.2rem] rounded px-px py-[0.2rem] transition-colors duration-100 ease-in-out\">L\u2019ouvrage fut inaugur\u00e9 en <strong data-start=\"26\" data-end=\"34\">1972<\/strong>, devenant un point n\u00e9vralgique du r\u00e9seau d\u00e9partemental D728 puis D728E, \u00e9vitant le centre-ville de Marennes et contournant efficacement les embouteillages estivaux<\/span>.<\/p><p data-start=\"914\" data-end=\"1075\"><span class=\"relative -mx-px my-[-0.2rem] rounded px-px py-[0.2rem] transition-colors duration-100 ease-in-out\">Le pont est un axe strat\u00e9gique pour le <strong data-start=\"39\" data-end=\"80\">tourisme et les activit\u00e9s ostr\u00e9icoles<\/strong>. Il relie directement Royan, la presqu\u2019\u00eele d\u2019Arvert et <strong data-start=\"136\" data-end=\"154\">l\u2019\u00eele d\u2019Ol\u00e9ron<\/strong>, notamment via Marennes et Port des Barques<\/span> <span class=\"\" data-state=\"closed\"><span class=\"ms-1 inline-flex max-w-full items-center relative top-[-0.094rem] animate-[show_150ms_ease-in]\"><a class=\"flex h-4.5 overflow-hidden rounded-xl px-2 text-[9px] font-medium text-token-text-secondary! bg-[#F4F4F4]! dark:bg-[#303030]! transition-colors duration-150 ease-in-out\" href=\"https:\/\/cparici.com\/fr\/pont-de-la-seudre-a-la-tremblade\/?utm_source=chatgpt.com\" target=\"_blank\" rel=\"noopener\"><span class=\"relative start-0 bottom-0 flex h-full w-full items-center\"><span class=\"flex h-4 w-full items-center justify-between absolute\"><span class=\"max-w-full grow truncate overflow-hidden text-center\">Wikip\u00e9dia<\/span><span class=\"-me-1 flex h-full items-center rounded-full px-1 text-[#8F8F8F]\">+3<\/span><\/span><span class=\"flex h-4 w-full items-center justify-between\"><span class=\"max-w-full grow truncate overflow-hidden text-center\">Cparici<\/span><span class=\"-me-1 flex h-full items-center rounded-full px-1 text-[#8F8F8F]\">+3<\/span><\/span><span class=\"flex h-4 w-full items-center justify-between absolute\"><span class=\"max-w-full grow truncate overflow-hidden text-center\">Wikip\u00e9dia<\/span><span class=\"-me-1 flex h-full items-center rounded-full px-1 text-[#8F8F8F]\">+3<\/span><\/span><\/span><\/a><\/span><\/span>. <span class=\"relative -mx-px my-[-0.2rem] rounded px-px py-[0.2rem] transition-colors duration-100 ease-in-out\">Depuis le pont, on peut apercevoir l\u2019\u00eele d\u2019Ol\u00e9ron, le port de La Gr\u00e8ve et le clocher de Marennes<\/span>.<\/p><p data-start=\"1077\" data-end=\"1157\"><span class=\"relative -mx-px my-[-0.2rem] rounded px-px py-[0.2rem] transition-colors duration-100 ease-in-out\">Il fait \u00e9galement partie de <strong data-start=\"28\" data-end=\"58\"><a href=\"https:\/\/cparici.com\/velodyssee-guide\/\">La V\u00e9lodyss\u00e9e<\/a> (EuroVelo 1)<\/strong>, offrant une bande cyclable mais parfois jug\u00e9e \u00e9troite et peu s\u00e9curis\u00e9e. En r\u00e9ponse, un <strong data-start=\"147\" data-end=\"165\">bateau-passeur<\/strong> a \u00e9t\u00e9 mis en service l\u2019\u00e9t\u00e9 pour \u00e9vier la travers\u00e9e cycliste pendant la saison touristique (juin\u2011septembre\u202f2025)<\/span>.<\/p><h3 data-start=\"1164\" data-end=\"1202\">Environnement naturel et patrimoine<\/h3><p data-start=\"1204\" data-end=\"1365\"><span class=\"relative -mx-px my-[-0.2rem] rounded px-px py-[0.2rem] transition-colors duration-100 ease-in-out\">Le pont traverse les <strong data-start=\"21\" data-end=\"44\">marais de la Seudre<\/strong>, un espace naturel d\u2019environ 12\u202f000 hectares class\u00e9 Natura\u202f2000, riche en biodiversit\u00e9 (oiseaux migrateurs, loutres, plantes rares\u2026)<\/span>. <span class=\"relative -mx-px my-[-0.2rem] rounded px-px py-[0.2rem] transition-colors duration-100 ease-in-out\">Les <strong data-start=\"4\" data-end=\"28\">Chemins de la Seudre<\/strong> invitent \u00e0 la d\u00e9couverte des marais entre Marennes, La Tremblade et Saujon<\/span>.<\/p><p data-start=\"1367\" data-end=\"1447\"><span class=\"relative -mx-px my-[-0.2rem] rounded px-px py-[0.2rem] transition-colors duration-100 ease-in-out\">De plus, l\u2019estuaire abrite des ports pittoresques comme <strong data-start=\"56\" data-end=\"75\">port de Rib\u00e9rou<\/strong> \u00e0 Saujon (p\u00eache et plaisance), qui s\u2019\u00e9tend juste en aval de l\u2019ouvrage<\/span>.<\/p><h3 data-start=\"1454\" data-end=\"1476\">Un monument \u00e9clair\u00e9<\/h3><p data-start=\"1478\" data-end=\"1558\"><span class=\"relative -mx-px my-[-0.2rem] rounded px-px py-[0.2rem] transition-colors duration-100 ease-in-out\">La nuit, le pont est mis en valeur par un \u00e9clairage aux couleurs vertes et bleues, renfor\u00e7ant son statut de point de rep\u00e8re architectural nocturne sur l\u2019estuaire<\/span>.<\/p><h3 data-start=\"1565\" data-end=\"1607\">Pourquoi visiter le Pont de la Seudre ?<\/h3><ol data-start=\"1609\" data-end=\"2114\"><li data-start=\"1609\" data-end=\"1685\"><p data-start=\"1612\" data-end=\"1685\"><strong data-start=\"1612\" data-end=\"1644\">Point de passage strat\u00e9gique<\/strong> reliant Arvert, l\u2019\u00eele d\u2019Ol\u00e9ron et Royan.<\/p><\/li><li data-start=\"1686\" data-end=\"1782\"><p data-start=\"1689\" data-end=\"1782\"><strong data-start=\"1689\" data-end=\"1710\">Int\u00e9r\u00eat technique<\/strong> : un bel exemple de pont en b\u00e9ton pr\u00e9contraint avec trav\u00e9es r\u00e9guli\u00e8res.<\/p><\/li><li data-start=\"1783\" data-end=\"1886\"><p data-start=\"1786\" data-end=\"1886\"><strong data-start=\"1786\" data-end=\"1811\">Panorama exceptionnel<\/strong> depuis le tablier ou ses abords : vue sur l\u2019estuaire, ports, \u00eele d\u2019Ol\u00e9ron.<\/p><\/li><li data-start=\"1887\" data-end=\"1989\"><p data-start=\"1890\" data-end=\"1989\"><strong data-start=\"1890\" data-end=\"1922\">Acc\u00e8s \u00e0 nature et patrimoine<\/strong> via les marais alentours et les sentiers pi\u00e9tonniers et cyclables.<\/p><\/li><li data-start=\"1990\" data-end=\"2114\"><p data-start=\"1993\" data-end=\"2114\"><strong data-start=\"1993\" data-end=\"2014\">Exp\u00e9rience locale<\/strong> : observation du trafic ostr\u00e9icole, promenades pr\u00e8s du port, ou travers\u00e9e en bateau-passeur en \u00e9t\u00e9.<\/p><\/li><\/ol><h3 data-start=\"2121\" data-end=\"2133\">En r\u00e9sum\u00e9<\/h3><p data-start=\"2135\" data-end=\"2553\">Le <strong data-start=\"2138\" data-end=\"2159\">Pont de la Seudre<\/strong>, construit en <strong data-start=\"2174\" data-end=\"2182\">1972<\/strong>, est un pont viaduc de plus de <strong data-start=\"2214\" data-end=\"2225\">1\u202f000\u202fm<\/strong> d\u2019envergure, <a href=\"https:\/\/la.charente-maritime.fr\/routes-transports\/ponts\/pont-seudre\" target=\"_blank\" rel=\"noopener\">essentiel pour le transit<\/a> entre Marennes et La Tremblade. Il allie une <strong data-start=\"2310\" data-end=\"2334\">architecture robuste<\/strong>, une int\u00e9gration dans le r\u00e9seau cyclable EuroV\u00e9l0 \u00e0 l\u2019\u00e9chelle nationale et un <strong data-start=\"2413\" data-end=\"2450\">environnement naturel remarquable<\/strong>. Que vous soyez passionn\u00e9 d\u2019ing\u00e9nierie, de nature ou de tourisme c\u00f4tier, cet ouvrage m\u00e9rite le d\u00e9tour.<\/p><h3 style=\"text-align: center;\">La Tremblade<\/h3><p><strong>La Tremblade<\/strong>\u00a0est situ\u00e9e sur la presqu\u2019\u00eele d\u2019Arvert, entre l\u2019agglom\u00e9ration de\u00a0Royan\u00a0et\u00a0l\u2019\u00eele d\u2019Ol\u00e9ron. Cette ville typique est connue pour ses cabanes ostr\u00e9icoles, proches de l\u2019\u00eele d\u2019Ol\u00e9ron.<\/p><p>Le paysage est marqu\u00e9 par les marais, les bassins ostr\u00e9icoles. C\u2019est le lieu id\u00e9al pour venir par une belle journ\u00e9e ensoleill\u00e9e d\u00e9guster des hu\u00eetres \u2013 sp\u00e9ciales, fines de claire \u2013 accompagn\u00e9es d\u2019un verre de vin blanc sur une des nombreuses terrasses dans le chenal de La Tremblade, donnant sur La Seudre.<\/p><p><strong>Le pont de la Seudre a la Tremblade<\/strong>\u00a0constitue aussi un bon point de d\u00e9part pour embarquer vers Fort Boyard, et l\u2019\u00eele d\u2019Aix, en louant par exemple un bateau au port \u00e0 sec, situ\u00e9 juste sous le pont de la Seudre.<\/p><p>Enfin, La Tremblade est \u00e0 quelques minutes seulement de la ville de Ronce les Bains, connue pour son animation l\u2019\u00e9t\u00e9 et ses belles plages familiales. De Ronce-les Bains, il n\u2019y a qu\u2019un pas vers les longues plages de la c\u00f4te sauvage, o\u00f9 vous pourrez profiter des vagues, et du sable fin, id\u00e9ale pour une location de vacances a La Tremblade<\/p><h3 style=\"text-align: center;\">\u00a0<\/h3>\t\t\t\t\t\t\t\t<\/div>\n\t\t\t\t\t<\/div>\n\t\t\t\t<\/div>\n\t\t<aside class=\"elementor-element elementor-element-9502a48 e-flex e-con-boxed e-con e-parent\" data-id=\"9502a48\" data-element_type=\"container\" data-e-type=\"container\">\n\t\t\t\t\t<div class=\"e-con-inner\">\n\t\t\t\t<div class=\"elementor-element elementor-element-9131d2f elementor-widget elementor-widget-listeo-posts-grid\" data-id=\"9131d2f\" data-element_type=\"widget\" data-e-type=\"widget\" data-widget_type=\"listeo-posts-grid.default\">\n\t\t\t\t<div class=\"elementor-widget-container\">\n\t\t\t\t\t\t\t\n\t\t<div class=\"listeo-post-grid-wrapper\">\n\t\t\t<div class=\"row\">\n\n\t\t\t\n\n\t\t\t\t\t\t\t<div class=\"col-md-4\">\n                <a href=\"https:\/\/cparici.com\/en\/phare-de-cordouan-royan-charente-maritime\/\" class=\"blog-compact-item-container\">\n                    <div class=\"blog-compact-item\">\n                        <img decoding=\"async\" width=\"577\" height=\"155\" src=\"https:\/\/cparici.com\/wp-content\/uploads\/2021\/05\/phare-de-cordouan-banniere-3.jpg\" class=\"attachment-listeo-blog-related-post size-listeo-blog-related-post wp-post-image\" alt=\"phare de cordouan visite\" srcset=\"https:\/\/cparici.com\/wp-content\/uploads\/2021\/05\/phare-de-cordouan-banniere-3.jpg 1520w, https:\/\/cparici.com\/wp-content\/uploads\/2021\/05\/phare-de-cordouan-banniere-3-600x161.jpg 600w, https:\/\/cparici.com\/wp-content\/uploads\/2021\/05\/phare-de-cordouan-banniere-3-768x206.jpg 768w\" sizes=\"(max-width: 577px) 100vw, 577px\" \/><span class=\"blog-item-tag\">Architecture<\/span>                        \n                        <div class=\"blog-compact-item-content\">\n                                                        <h3>Phare de Cordouan a Royan<\/h3>\n                                                        <p>Le Phare de Cordouan Royan est un phare situ\u00e9 \u00e0 l'embouchure de l'estuaire de la...                            <\/p>\n                                                    <\/div>\n                    <\/div>\n                <\/a>\n            <\/div>\n\t\t\t<div class=\"col-md-4\">\n                <a href=\"https:\/\/cparici.com\/en\/bac-blaye-lamarque-horaires-tarifs-et-infos-pratiques\/\" class=\"blog-compact-item-container\">\n                    <div class=\"blog-compact-item\">\n                        <img decoding=\"async\" width=\"577\" height=\"203\" src=\"https:\/\/cparici.com\/wp-content\/uploads\/2024\/05\/bac-Royan-Soulac-bac-Le-Verdon-Royan-photo-du-bateau-1.jpg\" class=\"attachment-listeo-blog-related-post size-listeo-blog-related-post wp-post-image\" alt=\"bac Blaye Lamarque\" srcset=\"https:\/\/cparici.com\/wp-content\/uploads\/2024\/05\/bac-Royan-Soulac-bac-Le-Verdon-Royan-photo-du-bateau-1.jpg 1500w, https:\/\/cparici.com\/wp-content\/uploads\/2024\/05\/bac-Royan-Soulac-bac-Le-Verdon-Royan-photo-du-bateau-1-600x211.jpg 600w, https:\/\/cparici.com\/wp-content\/uploads\/2024\/05\/bac-Royan-Soulac-bac-Le-Verdon-Royan-photo-du-bateau-1-300x106.jpg 300w, https:\/\/cparici.com\/wp-content\/uploads\/2024\/05\/bac-Royan-Soulac-bac-Le-Verdon-Royan-photo-du-bateau-1-1024x360.jpg 1024w, https:\/\/cparici.com\/wp-content\/uploads\/2024\/05\/bac-Royan-Soulac-bac-Le-Verdon-Royan-photo-du-bateau-1-768x270.jpg 768w\" sizes=\"(max-width: 577px) 100vw, 577px\" \/><span class=\"blog-item-tag\">Charente maritime<\/span>                        \n                        <div class=\"blog-compact-item-content\">\n                                                        <h3>Bac Blaye Lamarque : horaires, tarifs et infos pratiques<\/h3>\n                                                        <p>Le bac Blaye-Lamarque vous permet de relier les deux rives de la Gironde en 20...                            <\/p>\n                                                    <\/div>\n                    <\/div>\n                <\/a>\n            <\/div>\n\t\t\t<div class=\"col-md-4\">\n                <a href=\"https:\/\/cparici.com\/en\/les-mathes\/\" class=\"blog-compact-item-container\">\n                    <div class=\"blog-compact-item\">\n                        <img decoding=\"async\" width=\"577\" height=\"209\" src=\"https:\/\/cparici.com\/wp-content\/uploads\/2024\/05\/les-mathes.jpg\" class=\"attachment-listeo-blog-related-post size-listeo-blog-related-post wp-post-image\" alt=\"les mathes\" srcset=\"https:\/\/cparici.com\/wp-content\/uploads\/2024\/05\/les-mathes.jpg 1500w, https:\/\/cparici.com\/wp-content\/uploads\/2024\/05\/les-mathes-600x217.jpg 600w, https:\/\/cparici.com\/wp-content\/uploads\/2024\/05\/les-mathes-300x109.jpg 300w, https:\/\/cparici.com\/wp-content\/uploads\/2024\/05\/les-mathes-1024x371.jpg 1024w, https:\/\/cparici.com\/wp-content\/uploads\/2024\/05\/les-mathes-768x278.jpg 768w\" sizes=\"(max-width: 577px) 100vw, 577px\" \/><span class=\"blog-item-tag\">Charente maritime<\/span>                        \n                        <div class=\"blog-compact-item-content\">\n                                                        <h3>D\u00e9couvrez les Mathes : Un Tr\u00e9sor Cach\u00e9 en Charente-Maritime<\/h3>\n                                                        <p>Explorez les Mathes en Charente-Maritime : situation, activit\u00e9s, \u00e9v\u00e9nements culturels et restaurants. D\u00e9couvrez ce tr\u00e9sor...                            <\/p>\n                                                    <\/div>\n                    <\/div>\n                <\/a>\n            <\/div>\n  <\/div>\n        <\/div>\n        \t\t\t\t<\/div>\n\t\t\t\t<\/div>\n\t\t\t\t\t<\/div>\n\t\t\t\t<\/aside>\n\t\t\t\t<\/div>\n\t\t","protected":false},"excerpt":{"rendered":"<p>Fort Boyard is a fortified structure located north of the island of Ol\u00e9ron, on a sandbank. Fort Boyard is a fortified structure located north of the island of Ol\u00e9ron, on a sandbank.<\/p>","protected":false},"author":1,"featured_media":12652,"comment_status":"closed","ping_status":"closed","sticky":false,"template":"elementor_header_footer","format":"image","meta":{"ngg_post_thumbnail":0,"footnotes":""},"categories":[161,169],"tags":[162,229,230,206,231,232,163,233,234,207],"class_list":["post-12686","post","type-post","status-publish","format-image","has-post-thumbnail","hentry","category-famille","category-musees","tag-culturel","tag-la-rochelle-fr-2","tag-la-tremblade-fr","tag-meschers-fr","tag-re-island-fr","tag-rochefort-fr","tag-royan-fr","tag-st-georges-de-didonne-2-fr","tag-st-palais-sur-mer-2-fr","tag-talmont-fr","post_format-post-format-image"],"_links":{"self":[{"href":"https:\/\/cparici.com\/en\/wp-json\/wp\/v2\/posts\/12686","targetHints":{"allow":["GET"]}}],"collection":[{"href":"https:\/\/cparici.com\/en\/wp-json\/wp\/v2\/posts"}],"about":[{"href":"https:\/\/cparici.com\/en\/wp-json\/wp\/v2\/types\/post"}],"author":[{"embeddable":true,"href":"https:\/\/cparici.com\/en\/wp-json\/wp\/v2\/users\/1"}],"replies":[{"embeddable":true,"href":"https:\/\/cparici.com\/en\/wp-json\/wp\/v2\/comments?post=12686"}],"version-history":[{"count":0,"href":"https:\/\/cparici.com\/en\/wp-json\/wp\/v2\/posts\/12686\/revisions"}],"wp:featuredmedia":[{"embeddable":true,"href":"https:\/\/cparici.com\/en\/wp-json\/wp\/v2\/media\/12652"}],"wp:attachment":[{"href":"https:\/\/cparici.com\/en\/wp-json\/wp\/v2\/media?parent=12686"}],"wp:term":[{"taxonomy":"category","embeddable":true,"href":"https:\/\/cparici.com\/en\/wp-json\/wp\/v2\/categories?post=12686"},{"taxonomy":"post_tag","embeddable":true,"href":"https:\/\/cparici.com\/en\/wp-json\/wp\/v2\/tags?post=12686"}],"curies":[{"name":"wp","href":"https:\/\/api.w.org\/{rel}","templated":true}]}}