{"id":13080,"date":"2021-04-10T11:10:45","date_gmt":"2021-04-10T11:10:45","guid":{"rendered":"https:\/\/loclilala-vacances.com\/?p=13080"},"modified":"2025-04-21T21:44:50","modified_gmt":"2025-04-21T19:44:50","slug":"the-wild-coast-in-charente-maritime","status":"publish","type":"post","link":"https:\/\/cparici.com\/en\/la-cote-sauvage-en-charente-maritime\/","title":{"rendered":"The wild coast in Charente-Maritime"},"content":{"rendered":"\t\t<div data-elementor-type=\"wp-post\" data-elementor-id=\"13080\" class=\"elementor elementor-13080\" data-elementor-post-type=\"post\">\n\t\t\t\t<div class=\"elementor-element elementor-element-9b18547 e-con-full e-flex e-con e-parent\" data-id=\"9b18547\" data-element_type=\"container\" data-e-type=\"container\">\n\t\t\t\t<div class=\"elementor-element elementor-element-999561d elementor-widget elementor-widget-image\" data-id=\"999561d\" data-element_type=\"widget\" data-e-type=\"widget\" data-widget_type=\"image.default\">\n\t\t\t\t\t\t\t\t\t\t\t\t\t\t\t<img decoding=\"async\" width=\"2520\" height=\"478\" src=\"https:\/\/cparici.com\/wp-content\/uploads\/2021\/04\/foret-de-la-coubre-banniere-2.jpg\" class=\"attachment-full size-full wp-image-13568\" alt=\"cote sauvage charente maritime photo de la for\u00eat et de la longue plage en arri\u00e8re plan\" srcset=\"https:\/\/cparici.com\/wp-content\/uploads\/2021\/04\/foret-de-la-coubre-banniere-2.jpg 2520w, https:\/\/cparici.com\/wp-content\/uploads\/2021\/04\/foret-de-la-coubre-banniere-2-600x113.jpg 600w, https:\/\/cparici.com\/wp-content\/uploads\/2021\/04\/foret-de-la-coubre-banniere-2-768x145.jpg 768w\" sizes=\"(max-width: 2520px) 100vw, 2520px\" \/>\t\t\t\t\t\t\t\t\t\t\t\t\t\t\t<\/div>\n\t\t\t\t<\/div>\n\t\t<div class=\"elementor-element elementor-element-ab3a2f2 e-flex e-con-boxed e-con e-parent\" data-id=\"ab3a2f2\" data-element_type=\"container\" data-e-type=\"container\">\n\t\t\t\t\t<div class=\"e-con-inner\">\n\t\t\t\t<div class=\"elementor-element elementor-element-5aa78a2 elementor-widget elementor-widget-global elementor-global-62046 elementor-widget-eael-advanced-search\" data-id=\"5aa78a2\" data-element_type=\"widget\" data-e-type=\"widget\" data-widget_type=\"eael-advanced-search.default\">\n\t\t\t\t\t        <div class=\"eael-adv-search-wrapper\">\n            <div id=\"eael-advanced-search-widget-5aa78a2\" class=\"eael-advanced-search-widget\">\n                <form data-settings=\"{&quot;post_per_page&quot;:5,&quot;search_among_taxonomies&quot;:&quot;&quot;,&quot;search_among_sku&quot;:&quot;no&quot;,&quot;show_popular_keyword&quot;:0,&quot;show_category&quot;:0,&quot;show_content_image&quot;:1,&quot;show_search_result_all_results&quot;:0,&quot;result_on_new_tab&quot;:&quot;no&quot;,&quot;show_product_price&quot;:&quot;no&quot;,&quot;include_current_page&quot;:&quot;no&quot;,&quot;current_post_id&quot;:13080,&quot;post_type&quot;:[&quot;post&quot;,&quot;listing&quot;]}\" method=\"POST\" name=\"eael-advanced-search-form-5aa78a2\" class=\"eael-advanced-search-form eael-advanced-search-form-style-2\">\n                    <div class=\"eael-advanced-search-wrap\">\n                        <span class=\"eael-adv-search-loader\"><\/span>\n                        <span class=\"eael-adv-search-close\"><i class=\"fas fa-times\"><\/i><\/span>\n                        <span class=\"icon \"><i class=\"fas fa-search\"><\/i><\/span>\n\n                        <input type=\"text\"\n                               placeholder=\"Votre destination\"\n                               class=\"eael-advanced-search\" autocomplete=\"off\" name=\"eael_advanced_search\">\n                    <\/div>\n\t\t\t\t\t                                    <\/form>\n\n\t\t\t\t\n\t\t\t\t        <div class=\"eael-advanced-search-result\">\n            <div class=\"eael-advanced-search-popular-keyword\">\n\t\t\t\t<h4 class=\"eael-advanced-search-popular-keyword-text\">Recherches populaires<\/h4>                <div class=\"eael-popular-keyword-content\"><\/div>\n            <\/div>\n            <div class=\"eael-advanced-search-category\">\n\t\t\t\t<h4 class=\"eael-advanced-search-category-text\">Categories<\/h4>                <div class=\"eael-popular-category-content\"><\/div>\n            <\/div>\n\t\t\t<div class=\"eael-advanced-search-total-results-section\">\n\t\t\t\t\t\t\t<\/div>\n            <div class=\"eael-advanced-search-content eael-item-style-3\">\n            <\/div>\n            <div class=\"eael-advanced-search-not-found\">\n                <p>Pas de r\u00e9sultats<\/p><\/div>\n            <div class=\"eael-advanced-search-load-more\">\n\t\t\t\t<a \tclass=\"eael-advanced-search-load-more-button\"\n                \thref=\"#\">Voir tous les r\u00e9sultats<\/a>\n            <\/div>\n        <\/div>\n\n\t\t            <\/div>\n        <\/div>\n\n\t\t\t\t\t\t<\/div>\n\t\t\t\t\t<\/div>\n\t\t\t\t<\/div>\n\t\t<div class=\"elementor-element elementor-element-76989920 e-con-full e-flex e-con e-parent\" data-id=\"76989920\" data-element_type=\"container\" data-e-type=\"container\">\n\t\t\t\t<div class=\"elementor-element elementor-element-481aa88b elementor-widget elementor-widget-text-editor\" data-id=\"481aa88b\" data-element_type=\"widget\" data-e-type=\"widget\" data-widget_type=\"text-editor.default\">\n\t\t\t\t\t\t\t\t\t<h1 style=\"text-align: center;\"><span style=\"color: #003366; font-size: 18pt;\"><strong>La c\u00f4te sauvage<\/strong><\/span><\/h1><h2 style=\"text-align: left;\"><span style=\"color: #003366; font-size: 14pt;\"><strong>D\u00e9couvrez la c\u00f4te sauvage pr\u00e8s de Royan en Charente Maritime<\/strong><\/span><\/h2><p><span style=\"font-size: 12pt;\"><strong>La cote sauvage <\/strong>est la partie du littoral qui s\u2019\u00e9tend de la pointe de la Coubre , \u00e0 la limite de la commune de Les Mathes-La Palmyre, jusqu\u2019\u00e0 la pointe espagnole, proche de la ville de Ronce les Bains, sur la commune de <a href=\"https:\/\/cparici.com\/fr\/visiter-la-tremblade\/\">La Tremblade<\/a>.<\/span><\/p><p><span style=\"font-size: 12pt;\">Cette cote sauvage est constitu\u00e9e d\u2019une longue plage de sable fin d\u2019une longueur de 20 kilom\u00e8tres, avec en arri\u00e8re-plan de nombreuses dunes, et <a href=\"https:\/\/cparici.com\/fr\/la-foret-de-la-coubre-a-la-tremblade\/\">la vaste for\u00eat de La Coubre<\/a>.<\/span><\/p><h3>Activit\u00e9s<\/h3><p><span style=\"font-size: 12pt;\"><strong>La c\u00f4te sauvage se situe sur l\u2019ouest de la presqu\u2019\u00eele d\u2019Arvert<\/strong> et est donc\u00a0 plus expos\u00e9e aux courants marins et \u00e0 la houle. Cela en fait un site connu pour la pratique du surf, du kite surf et de la planche \u00e0 voile. Cependant, , il est n\u00e9cessaire de pr\u00e9ciser que la c\u00f4te sauvage est un lieu dangereux, aussi bien pour la baignade, d\u00e9conseill\u00e9e, que pour le surf, y compris le spot situ\u00e9 pr\u00e8s du <a href=\"https:\/\/cparici.com\/fr\/le-phare-de-la-coubre-a-la-tremblade\/\">phare de La Coubre<\/a>.<\/span><\/p><figure id=\"attachment_13568\" aria-describedby=\"caption-attachment-13568\" style=\"width: 800px\" class=\"wp-caption aligncenter\"><a href=\"https:\/\/cparici.com\/wp-content\/uploads\/2021\/04\/foret-de-la-coubre-banniere-2.jpg\"><img decoding=\"async\" class=\"wp-image-13568\" title=\"cote sauvage - photo de la for\u00eat et de la longue plage en arri\u00e8re plan\" src=\"https:\/\/cparici.com\/wp-content\/uploads\/2021\/04\/foret-de-la-coubre-banniere-2.jpg\" alt=\"cote sauvage charente maritime photo de la for\u00eat et de la longue plage en arri\u00e8re plan\" width=\"800\" height=\"152\" srcset=\"https:\/\/cparici.com\/wp-content\/uploads\/2021\/04\/foret-de-la-coubre-banniere-2.jpg 2520w, https:\/\/cparici.com\/wp-content\/uploads\/2021\/04\/foret-de-la-coubre-banniere-2-600x113.jpg 600w, https:\/\/cparici.com\/wp-content\/uploads\/2021\/04\/foret-de-la-coubre-banniere-2-768x145.jpg 768w\" sizes=\"(max-width: 800px) 100vw, 800px\" \/><\/a><figcaption id=\"caption-attachment-13568\" class=\"wp-caption-text\">cote sauvage charente maritime photo de la for\u00eat et de la longue plage en arri\u00e8re plan<\/figcaption><\/figure><h3><span style=\"font-size: 16px;\">La c\u00f4te sauvage \u2013 une longue plage de sable fin<\/span><\/h3><p><span style=\"font-size: 12pt;\">La plage de sable fin qui s\u2019\u00e9tend du nord au sud de la c\u00f4te de beaut\u00e9 est divis\u00e9e en sections num\u00e9rot\u00e9es, et se situe \u00e0 peu pr\u00e8s \u00e0 15 kilom\u00e8tres au nord de la ville de Royan. Il est facile de s\u2019y rendre depuis les villes de Ronce les Bains, La Tremblade, mais aussi Saint Palais sur Mer ou Vaux sur Mer. Pour les villes de Meschers sur Gironde, ou Saint Georges de Didonne, la route sera un peu plus longue surtout en haute saison, avec l\u2019affluence touristique.<\/span><\/p><figure id=\"attachment_12394\" aria-describedby=\"caption-attachment-12394\" style=\"width: 533px\" class=\"wp-caption aligncenter\"><a href=\"https:\/\/cparici.com\/wp-content\/uploads\/2021\/02\/foret-de-la-coubre-8.jpg\"><img decoding=\"async\" class=\"wp-image-12394 size-full\" title=\"c\u00f4te sauvage - chemin coupe-feu pr\u00e8s de la pointe espagnole\" src=\"https:\/\/cparici.com\/wp-content\/uploads\/2021\/02\/foret-de-la-coubre-8.jpg\" alt=\"c\u00f4te sauvage - foret de la coubre, chemin coupe-feu pr\u00e8s de la pointe espagnole\" width=\"533\" height=\"800\" srcset=\"https:\/\/cparici.com\/wp-content\/uploads\/2021\/02\/foret-de-la-coubre-8.jpg 533w, https:\/\/cparici.com\/wp-content\/uploads\/2021\/02\/foret-de-la-coubre-8-768x1152.jpg 768w, https:\/\/cparici.com\/wp-content\/uploads\/2021\/02\/foret-de-la-coubre-8-600x900.jpg 600w\" sizes=\"(max-width: 533px) 100vw, 533px\" \/><\/a><figcaption id=\"caption-attachment-12394\" class=\"wp-caption-text\">c\u00f4te sauvage \u2013 foret de la coubre, chemin coupe-feu pr\u00e8s de la pointe espagnole<\/figcaption><\/figure><p><span style=\"font-size: 12pt;\">Pour visiter le littoral sauvage, il est possible de profiter de la piste cyclable qui traverse la for\u00eat de La Coubre et longe le littoral, ou emprunter la route d\u00e9partementale 25, qui offre de nombreux points de vue sur la c\u00f4te.<\/span><\/p><h3>La cote sauvage bretonne<\/h3><p><span style=\"font-size: 12pt;\">\u00a0Elle s\u2019\u00e9tend du village de Portivy, qui se situe sur la commune de Saint-Pierre de Quiberon, jusqu\u2019au Ch\u00e2teau Turpault, sur la commune de Quiberon. C\u2019est \u00e0 dire sur a presqu\u2019\u00eele de Quiberon, dans le d\u00e9partement du morbihan.<\/span><\/p><figure id=\"attachment_15577\" aria-describedby=\"caption-attachment-15577\" style=\"width: 800px\" class=\"wp-caption aligncenter\"><a href=\"https:\/\/cparici.com\/wp-content\/uploads\/2021\/04\/cote-sauvage-quiberon-pix.jpg\"><img decoding=\"async\" class=\"wp-image-15577 size-full\" title=\"cote sauvage en bretagne sur la presqu'ile de quiberon\" src=\"https:\/\/cparici.com\/wp-content\/uploads\/2021\/04\/cote-sauvage-quiberon-pix.jpg\" alt=\"cote sauvage en bretagne sur la presqu'ile de quiberon\" width=\"800\" height=\"535\" srcset=\"https:\/\/cparici.com\/wp-content\/uploads\/2021\/04\/cote-sauvage-quiberon-pix.jpg 800w, https:\/\/cparici.com\/wp-content\/uploads\/2021\/04\/cote-sauvage-quiberon-pix-600x401.jpg 600w, https:\/\/cparici.com\/wp-content\/uploads\/2021\/04\/cote-sauvage-quiberon-pix-768x513.jpg 768w\" sizes=\"(max-width: 800px) 100vw, 800px\" \/><\/a><figcaption id=\"caption-attachment-15577\" class=\"wp-caption-text\">cote sauvage en bretagne sur la presqu\u2019ile de quiberon<\/figcaption><\/figure><p><span style=\"font-size: 12pt;\">C\u2019est une c\u00f4te escarp\u00e9e, et d\u00e9coup\u00e9e, qui se d\u00e9compose en plages entour\u00e9es de falaises, falaises granitiques, et m\u00eame des arches creuses par l\u2019\u00e9rosion et le temps.<\/span><\/p><h3>Les autres c\u00f4tes sauvages en France<\/h3><p><span style=\"font-size: 12pt;\">En France, il existe de nombreuses autres littoraux qui portent cette d\u00e9signation:<\/span><\/p><ol><li><span style=\"font-size: 12pt;\">La presqu\u2019\u00eele de Gu\u00e9rande. Elle s\u2019\u00e9tend\u00a0 du Croisic jusqu\u2019au Pouliguen en Loire-Atlantique.<\/span><\/li><li><span style=\"font-size: 12pt;\">Le Croisic<\/span><\/li><li><span style=\"font-size: 12pt;\">L\u2019\u00eele d\u2019Ouessant<\/span><\/li><li><span style=\"font-size: 12pt;\">Landunvez<\/span><\/li><li><span style=\"font-size: 12pt;\">Belle-\u00cele-en-Mer, elle s\u2019\u00e9tend sur le sud ouest de l\u2019\u00eele de la pointe de Skeul, \u00e0 la pointe des Poulains.<\/span><\/li><li><span style=\"font-size: 12pt;\">La Presqu\u2019\u00eele de Quiberon<\/span><\/li><li><span style=\"font-size: 12pt;\">L\u2019\u00eele d\u2019Yeu<\/span><\/li><li><span style=\"font-size: 12pt;\">L\u2019\u00eele d\u2019Ol\u00e9ron<\/span><\/li><li><span style=\"font-size: 12pt;\">La\u00a0 presqu\u2019\u00eele d\u2019Arvert<\/span><\/li><\/ol><p class=\"Standard\" style=\"text-align: center;\"><span style=\"font-size: 12pt;\"><span style=\"color: #003366;\"><span style=\"color: #003366;\"><b>La c\u00f4te sauvage en Charente\u00a0maritime<\/b><\/span><\/span> <em>est la c\u00f4te qui s\u2019\u00e9tend de la pointe de la Coubre , \u00e0 la limite de la commune de Les Mathes-La Palmyre, jusqu\u2019\u00e0 la pointe espagnole, proche de la ville de Ronce les Bains. Elle <\/em><em>est constitu\u00e9e d\u2019une longue plage de sable fin, avec en arri\u00e8re-plan de nombreuses dunes, et la vaste for\u00eat de La Coubre.<\/em><\/span><\/p>\t\t\t\t\t\t\t\t<\/div>\n\t\t\t\t<\/div>\n\t\t<div class=\"elementor-element elementor-element-59a04fe e-flex e-con-boxed e-con e-parent\" data-id=\"59a04fe\" data-element_type=\"container\" data-e-type=\"container\">\n\t\t\t\t\t<div class=\"e-con-inner\">\n\t\t\t\t<div class=\"elementor-element elementor-element-4d7a0f4 elementor-widget elementor-widget-listeo-posts-grid\" data-id=\"4d7a0f4\" data-element_type=\"widget\" data-e-type=\"widget\" data-widget_type=\"listeo-posts-grid.default\">\n\t\t\t\t<div class=\"elementor-widget-container\">\n\t\t\t\t\t\t\t\n\t\t<div class=\"listeo-post-grid-wrapper\">\n\t\t\t<div class=\"row\">\n\n\t\t\t\n\n\t\t\t\t\t\t\t<div class=\"col-md-4\">\n                <a href=\"https:\/\/cparici.com\/en\/location-vacances-a-la-tremblade\/\" class=\"blog-compact-item-container\">\n                    <div class=\"blog-compact-item\">\n                        <img decoding=\"async\" width=\"577\" height=\"206\" src=\"https:\/\/cparici.com\/wp-content\/uploads\/2024\/07\/location-vacances-la-tremblade.jpg\" class=\"attachment-listeo-blog-related-post size-listeo-blog-related-post wp-post-image\" alt=\"location vacances \u00e0 la tremblade\" srcset=\"https:\/\/cparici.com\/wp-content\/uploads\/2024\/07\/location-vacances-la-tremblade.jpg 1500w, https:\/\/cparici.com\/wp-content\/uploads\/2024\/07\/location-vacances-la-tremblade-600x214.jpg 600w, https:\/\/cparici.com\/wp-content\/uploads\/2024\/07\/location-vacances-la-tremblade-300x107.jpg 300w, https:\/\/cparici.com\/wp-content\/uploads\/2024\/07\/location-vacances-la-tremblade-1024x366.jpg 1024w, https:\/\/cparici.com\/wp-content\/uploads\/2024\/07\/location-vacances-la-tremblade-768x274.jpg 768w\" sizes=\"(max-width: 577px) 100vw, 577px\" \/><span class=\"blog-item-tag\">Charente maritime<\/span>                        \n                        <div class=\"blog-compact-item-content\">\n                                                        <h3>Location vacances \u00e0 La Tremblade \u2013 g\u00eetes et appartements<\/h3>\n                                                        <p>Location vacances \u00e0 La Tremblade : d\u00e9couvrez nos g\u00eetes et appartements confortables et bien situ\u00e9s....                            <\/p>\n                                                    <\/div>\n                    <\/div>\n                <\/a>\n            <\/div>\n\t\t\t<div class=\"col-md-4\">\n                <a href=\"https:\/\/cparici.com\/en\/pontaillac-a-royan\/\" class=\"blog-compact-item-container\">\n                    <div class=\"blog-compact-item\">\n                        <img decoding=\"async\" width=\"577\" height=\"194\" src=\"https:\/\/cparici.com\/wp-content\/uploads\/2021\/02\/pontaillac-banniere-1.jpg\" class=\"attachment-listeo-blog-related-post size-listeo-blog-related-post wp-post-image\" alt=\"pontaillac a royan informations pratiques et d\u00e9couverte\" srcset=\"https:\/\/cparici.com\/wp-content\/uploads\/2021\/02\/pontaillac-banniere-1.jpg 2521w, https:\/\/cparici.com\/wp-content\/uploads\/2021\/02\/pontaillac-banniere-1-600x201.jpg 600w, https:\/\/cparici.com\/wp-content\/uploads\/2021\/02\/pontaillac-banniere-1-768x258.jpg 768w\" sizes=\"(max-width: 577px) 100vw, 577px\" \/><span class=\"blog-item-tag\">Charente maritime<\/span>                        \n                        <div class=\"blog-compact-item-content\">\n                                                        <h3>Pontaillac a Royan<\/h3>\n                                                        <p>Pontaillac a Royan est un quartier de la ville de Royan, situ\u00e9 entre le centre-ville...                            <\/p>\n                                                    <\/div>\n                    <\/div>\n                <\/a>\n            <\/div>\n\t\t\t<div class=\"col-md-4\">\n                <a href=\"https:\/\/cparici.com\/en\/plage-de-la-pointe-espagnole\/\" class=\"blog-compact-item-container\">\n                    <div class=\"blog-compact-item\">\n                        <img decoding=\"async\" width=\"577\" height=\"207\" src=\"https:\/\/cparici.com\/wp-content\/uploads\/2024\/07\/plage-de-la-pointe-espagnole.jpg\" class=\"attachment-listeo-blog-related-post size-listeo-blog-related-post wp-post-image\" alt=\"plage de la pointe espagnole\" srcset=\"https:\/\/cparici.com\/wp-content\/uploads\/2024\/07\/plage-de-la-pointe-espagnole.jpg 1500w, https:\/\/cparici.com\/wp-content\/uploads\/2024\/07\/plage-de-la-pointe-espagnole-600x215.jpg 600w, https:\/\/cparici.com\/wp-content\/uploads\/2024\/07\/plage-de-la-pointe-espagnole-300x107.jpg 300w, https:\/\/cparici.com\/wp-content\/uploads\/2024\/07\/plage-de-la-pointe-espagnole-1024x367.jpg 1024w, https:\/\/cparici.com\/wp-content\/uploads\/2024\/07\/plage-de-la-pointe-espagnole-768x275.jpg 768w\" sizes=\"(max-width: 577px) 100vw, 577px\" \/><span class=\"blog-item-tag\">Charente maritime<\/span>                        \n                        <div class=\"blog-compact-item-content\">\n                                                        <h3>Plage de la Pointe Espagnole \u2013 d\u00e9couvrez la C\u00f4te Sauvage<\/h3>\n                                                        <p>D\u00e9couvrez la plage de la Pointe Espagnole sur la C\u00f4te Sauvage en Charente Maritime, un...                            <\/p>\n                                                    <\/div>\n                    <\/div>\n                <\/a>\n            <\/div>\n  <\/div>\n        <\/div>\n        \t\t\t\t<\/div>\n\t\t\t\t<\/div>\n\t\t\t\t\t<\/div>\n\t\t\t\t<\/div>\n\t\t\t\t<\/div>\n\t\t","protected":false},"excerpt":{"rendered":"<p>The wild coast in Charente Maritime stretches from the pointe de la Coubre, on the edge of the commune of Les Mathes-La Palmyre, to the pointe espagnole, near the town of Ronce les Bains.<\/p>","protected":false},"author":1,"featured_media":13568,"comment_status":"closed","ping_status":"closed","sticky":false,"template":"elementor_header_footer","format":"standard","meta":{"ngg_post_thumbnail":0,"footnotes":""},"categories":[165,461,161,477,466,300,170,480],"tags":[191,310,228,219],"class_list":["post-13080","post","type-post","status-publish","format-standard","has-post-thumbnail","hentry","category-plages","category-charente-maritime","category-famille","category-france","category-la-tremblade","category-loisirs","category-parcs-nature","category-poitou-charentes","tag-charente-maritime","tag-cote-sauvage","tag-la-tremblade","tag-st-palais-sur-mer"],"_links":{"self":[{"href":"https:\/\/cparici.com\/en\/wp-json\/wp\/v2\/posts\/13080","targetHints":{"allow":["GET"]}}],"collection":[{"href":"https:\/\/cparici.com\/en\/wp-json\/wp\/v2\/posts"}],"about":[{"href":"https:\/\/cparici.com\/en\/wp-json\/wp\/v2\/types\/post"}],"author":[{"embeddable":true,"href":"https:\/\/cparici.com\/en\/wp-json\/wp\/v2\/users\/1"}],"replies":[{"embeddable":true,"href":"https:\/\/cparici.com\/en\/wp-json\/wp\/v2\/comments?post=13080"}],"version-history":[{"count":0,"href":"https:\/\/cparici.com\/en\/wp-json\/wp\/v2\/posts\/13080\/revisions"}],"wp:featuredmedia":[{"embeddable":true,"href":"https:\/\/cparici.com\/en\/wp-json\/wp\/v2\/media\/13568"}],"wp:attachment":[{"href":"https:\/\/cparici.com\/en\/wp-json\/wp\/v2\/media?parent=13080"}],"wp:term":[{"taxonomy":"category","embeddable":true,"href":"https:\/\/cparici.com\/en\/wp-json\/wp\/v2\/categories?post=13080"},{"taxonomy":"post_tag","embeddable":true,"href":"https:\/\/cparici.com\/en\/wp-json\/wp\/v2\/tags?post=13080"}],"curies":[{"name":"wp","href":"https:\/\/api.w.org\/{rel}","templated":true}]}}