{"id":14803,"date":"2022-10-20T06:44:09","date_gmt":"2022-10-20T06:44:09","guid":{"rendered":"https:\/\/cparici.com\/?p=14803"},"modified":"2026-01-18T10:18:13","modified_gmt":"2026-01-18T09:18:13","slug":"royan-practical-information-and-discovery","status":"publish","type":"post","link":"https:\/\/cparici.com\/en\/royan-informations-pratiques-et-decouverte\/","title":{"rendered":"Royan - practical information and discovery"},"content":{"rendered":"\t\t<div data-elementor-type=\"wp-post\" data-elementor-id=\"14803\" class=\"elementor elementor-14803\" data-elementor-post-type=\"post\">\n\t\t\t\t<div class=\"elementor-element elementor-element-8f8fd3d e-con-full e-flex e-con e-parent\" data-id=\"8f8fd3d\" data-element_type=\"container\" data-e-type=\"container\" data-settings=\"{&quot;background_background&quot;:&quot;slideshow&quot;,&quot;background_slideshow_gallery&quot;:[{&quot;id&quot;:43024,&quot;url&quot;:&quot;https:\\\/\\\/cparici.com\\\/wp-content\\\/uploads\\\/2024\\\/09\\\/location-saisonniere-royan-plage.jpg&quot;}],&quot;background_slideshow_loop&quot;:&quot;yes&quot;,&quot;background_slideshow_slide_duration&quot;:5000,&quot;background_slideshow_slide_transition&quot;:&quot;fade&quot;,&quot;background_slideshow_transition_duration&quot;:500}\">\n\t\t\t\t<\/div>\n\t\t<div class=\"elementor-element elementor-element-3a7ffcc e-flex e-con-boxed e-con e-parent\" data-id=\"3a7ffcc\" data-element_type=\"container\" data-e-type=\"container\">\n\t\t\t\t\t<div class=\"e-con-inner\">\n\t\t\t\t<div class=\"elementor-element elementor-element-2ba4c76 elementor-widget elementor-widget-global elementor-global-62046 elementor-widget-eael-advanced-search\" data-id=\"2ba4c76\" data-element_type=\"widget\" data-e-type=\"widget\" data-widget_type=\"eael-advanced-search.default\">\n\t\t\t\t\t        <div class=\"eael-adv-search-wrapper\">\n            <div id=\"eael-advanced-search-widget-2ba4c76\" class=\"eael-advanced-search-widget\">\n                <form data-settings=\"{&quot;post_per_page&quot;:5,&quot;search_among_taxonomies&quot;:&quot;&quot;,&quot;search_among_sku&quot;:&quot;no&quot;,&quot;show_popular_keyword&quot;:0,&quot;show_category&quot;:0,&quot;show_content_image&quot;:1,&quot;show_search_result_all_results&quot;:0,&quot;result_on_new_tab&quot;:&quot;no&quot;,&quot;show_product_price&quot;:&quot;no&quot;,&quot;include_current_page&quot;:&quot;no&quot;,&quot;current_post_id&quot;:14803,&quot;post_type&quot;:[&quot;post&quot;,&quot;listing&quot;]}\" method=\"POST\" name=\"eael-advanced-search-form-2ba4c76\" class=\"eael-advanced-search-form eael-advanced-search-form-style-2\">\n                    <div class=\"eael-advanced-search-wrap\">\n                        <span class=\"eael-adv-search-loader\"><\/span>\n                        <span class=\"eael-adv-search-close\"><i class=\"fas fa-times\"><\/i><\/span>\n                        <span class=\"icon \"><i class=\"fas fa-search\"><\/i><\/span>\n\n                        <input type=\"text\"\n                               placeholder=\"Votre destination\"\n                               class=\"eael-advanced-search\" autocomplete=\"off\" name=\"eael_advanced_search\">\n                    <\/div>\n\t\t\t\t\t                                    <\/form>\n\n\t\t\t\t\n\t\t\t\t        <div class=\"eael-advanced-search-result\">\n            <div class=\"eael-advanced-search-popular-keyword\">\n\t\t\t\t<h4 class=\"eael-advanced-search-popular-keyword-text\">Recherches populaires<\/h4>                <div class=\"eael-popular-keyword-content\"><\/div>\n            <\/div>\n            <div class=\"eael-advanced-search-category\">\n\t\t\t\t<h4 class=\"eael-advanced-search-category-text\">Categories<\/h4>                <div class=\"eael-popular-category-content\"><\/div>\n            <\/div>\n\t\t\t<div class=\"eael-advanced-search-total-results-section\">\n\t\t\t\t\t\t\t<\/div>\n            <div class=\"eael-advanced-search-content eael-item-style-3\">\n            <\/div>\n            <div class=\"eael-advanced-search-not-found\">\n                <p>Pas de r\u00e9sultats<\/p><\/div>\n            <div class=\"eael-advanced-search-load-more\">\n\t\t\t\t<a \tclass=\"eael-advanced-search-load-more-button\"\n                \thref=\"#\">Voir tous les r\u00e9sultats<\/a>\n            <\/div>\n        <\/div>\n\n\t\t            <\/div>\n        <\/div>\n\n\t\t\t\t\t\t<\/div>\n\t\t\t\t\t<\/div>\n\t\t\t\t<\/div>\n\t\t<div class=\"elementor-element elementor-element-54acf10 e-flex e-con-boxed e-con e-parent\" data-id=\"54acf10\" data-element_type=\"container\" data-e-type=\"container\">\n\t\t\t\t\t<div class=\"e-con-inner\">\n\t\t\t\t<div class=\"elementor-element elementor-element-cf4a3fc elementor-widget elementor-widget-heading\" data-id=\"cf4a3fc\" data-element_type=\"widget\" data-e-type=\"widget\" data-widget_type=\"heading.default\">\n\t\t\t\t\t<h1 class=\"elementor-heading-title elementor-size-default\">Royan<\/h1>\t\t\t\t<\/div>\n\t\t\t\t\t<\/div>\n\t\t\t\t<\/div>\n\t\t<div class=\"elementor-element elementor-element-7b1db4a e-flex e-con-boxed e-con e-parent\" data-id=\"7b1db4a\" data-element_type=\"container\" data-e-type=\"container\">\n\t\t\t\t\t<div class=\"e-con-inner\">\n\t\t\t\t<div class=\"elementor-element elementor-element-a94f551 elementor-widget elementor-widget-text-editor\" data-id=\"a94f551\" data-element_type=\"widget\" data-e-type=\"widget\" data-widget_type=\"text-editor.default\">\n\t\t\t\t\t\t\t\t\t<h2 style=\"text-align: center;\"><span style=\"font-size: 14pt; color: #003366;\">Royan \u2013 d\u00e9couvrez la principale ville de la c\u00f4te de beaut\u00e9 et profitez de bons moments en famille<\/span><\/h2><p style=\"text-align: center;\">________<\/p><p><span style=\"font-size: 12pt;\"><span style=\"color: #003366;\"><strong>Royan<\/strong><\/span>\u00a0 \u2013 est une jolie ville situ\u00e9e sur la c\u00f4te de beaut\u00e9, en charente maritime. Elle fait partie d\u2019une communaut\u00e9 de communes, est est une station baln\u00e9aire familiale tr\u00e8s connue.<\/span><\/p><p><span style=\"font-size: 12pt;\">La ville\u00a0 est connue pour sa longue plage, la grande conche de Royan, le long de laquelle se trouvent des maisons \u00e0 l\u2019architecture remarquable.\u00a0 Royan se situe \u00e0 l\u2019entr\u00e9e de <strong><a href=\"https:\/\/cparici.com\/fr\/estuaire-de-la-gironde-en-france\/\">l\u2019estuaire de la Gironde<\/a>.<\/strong>\u00a0C\u2019est une station baln\u00e9aire familiale connue.<\/span><\/p><figure id=\"attachment_13834\" aria-describedby=\"caption-attachment-13834\" style=\"width: 800px\" class=\"wp-caption aligncenter\"><a href=\"https:\/\/cparici.com\/wp-content\/uploads\/2020\/09\/carrelet-royan-loclilala.jpg\"><img decoding=\"async\" class=\"size-full wp-image-13834\" src=\"https:\/\/cparici.com\/wp-content\/uploads\/2020\/09\/carrelet-royan-loclilala.jpg\" alt=\"Royan informations pratiques et d\u00e9couverte\" width=\"800\" height=\"533\" srcset=\"https:\/\/cparici.com\/wp-content\/uploads\/2020\/09\/carrelet-royan-loclilala.jpg 800w, https:\/\/cparici.com\/wp-content\/uploads\/2020\/09\/carrelet-royan-loclilala-600x399.jpg 600w, https:\/\/cparici.com\/wp-content\/uploads\/2020\/09\/carrelet-royan-loclilala-768x511.jpg 768w, https:\/\/cparici.com\/wp-content\/uploads\/2020\/09\/carrelet-royan-loclilala-120x80.jpg 120w\" sizes=\"(max-width: 800px) 100vw, 800px\" \/><\/a><figcaption id=\"caption-attachment-13834\" class=\"wp-caption-text\">Royan informations pratiques et d\u00e9couverte<\/figcaption><\/figure><p><span style=\"font-size: 12pt;\">Royan a \u00e9t\u00e9 partiellement d\u00e9truite pendant la seconde guerre mondiale, mais il subsiste encore des maisons int\u00e9ressantes par leur architecture. Les reconstructions des ann\u00e9es 50 sont maintenant connues.<\/span><\/p><p><span style=\"font-size: 12pt;\">Diff\u00e9rents quartiers de Royan sont remarquables:\u00a0 le quartier des halles, et tous les commerces; le<strong>\u00a0front de mer<\/strong>, o\u00f9 vous pourrez trouver de nombreux restaurants; <strong>Le quartier du parc,<\/strong> calme et reposant, avec la grande conche \u00e0 proximit\u00e9, et le <strong>quartier de Pontaillac<\/strong>, tr\u00e8s connu.<\/span><\/p>\t\t\t\t\t\t\t\t<\/div>\n\t\t\t\t\t<\/div>\n\t\t\t\t<\/div>\n\t\t<aside class=\"elementor-element elementor-element-250ec2b0 e-flex e-con-boxed e-con e-parent\" data-id=\"250ec2b0\" data-element_type=\"container\" data-e-type=\"container\" data-settings=\"{&quot;background_background&quot;:&quot;classic&quot;}\">\n\t\t\t\t\t<div class=\"e-con-inner\">\n\t\t\t\t<div class=\"elementor-element elementor-element-5cc9f1b1 elementor-widget elementor-widget-spacer\" data-id=\"5cc9f1b1\" data-element_type=\"widget\" data-e-type=\"widget\" data-widget_type=\"spacer.default\">\n\t\t\t\t\t\t\t<div class=\"elementor-spacer\">\n\t\t\t<div class=\"elementor-spacer-inner\"><\/div>\n\t\t<\/div>\n\t\t\t\t\t\t<\/div>\n\t\t\t\t<div class=\"elementor-element elementor-element-7510958b elementor-widget elementor-widget-heading\" data-id=\"7510958b\" data-element_type=\"widget\" data-e-type=\"widget\" data-widget_type=\"heading.default\">\n\t\t\t\t\t<h2 class=\"elementor-heading-title elementor-size-default\">H\u00e9bergements de Vacances en direct<\/h2>\t\t\t\t<\/div>\n\t\t\t\t<div class=\"elementor-element elementor-element-6fc1ad33 elementor-widget elementor-widget-listeo-listings-carousel\" data-id=\"6fc1ad33\" data-element_type=\"widget\" data-e-type=\"widget\" data-widget_type=\"listeo-listings-carousel.default\">\n\t\t\t\t<div class=\"elementor-widget-container\">\n\t\t\t\t\t        <!-- Carousel \/ Start -->\n        \t<div class=\"simple-slick-carousel dots-nav\" data-slick='{&quot;autoplay&quot;:true,&quot;autoplaySpeed&quot;:3000,&quot;slidesToShow&quot;:3,&quot;slidesToScroll&quot;:1,&quot;responsive&quot;:[{&quot;breakpoint&quot;:1024,&quot;settings&quot;:{&quot;slidesToShow&quot;:2,&quot;slidesToScroll&quot;:1}},{&quot;breakpoint&quot;:768,&quot;settings&quot;:{&quot;slidesToShow&quot;:1,&quot;slidesToScroll&quot;:1}}]}'>\n                            <div class=\"fw-carousel-item\">                    \n                        <!-- Listing Item -->\r\n            <div class=\"col-lg-6 col-md-12\">\r\n                <a href=\"https:\/\/cparici.com\/en\/annonce\/le-douze\/\"  class=\"listing-item-container listing-geo-data compact\" \r\n\t\tdata-title=\"LE DOUZE\"\r\n\t\tdata-listing-type=\"rental\"\r\n\t\tdata-classifieds-price=\"\u20ac\"\r\n\t\tdata-friendly-address=\"41 ter rue de paradis\"\r\n\t\tdata-address=\"41 ter rue de paradis\"\r\n\t\tdata-image=\"https:\/\/cparici.com\/wp-content\/uploads\/2025\/03\/DSC06292-HDR-520x397.jpg\"\r\n\t\tdata-longitude=\"-1.1430937\"\r\n\t\tdata-latitude=\"45.7162024\"\r\n\t\t\t\t\tdata-rating=\"5\"\r\n\t\t\tdata-reviews=\"4\"\r\n\t\t\t\tdata-icon=\"<svg xmlns=&quot;http:\/\/www.w3.org\/2000\/svg&quot; width=&quot;800px&quot; height=&quot;800px&quot; viewBox=&quot;0 0 45 45&quot; fill=&quot;none&quot;>\n<path d=&quot;M24.155 8.78099L24.33 8.94499L37.402 21.787L36 23.213L34.2 21.445L34.201 35C34.201 36.054 33.385 36.918 32.35 36.994L32.201 37H12.201C11.147 37 10.283 36.184 10.206 35.149L10.201 35L10.2 21.446L8.402 23.213L7 21.787L20.058 8.95799C21.171 7.82199 22.966 7.75899 24.155 8.78099ZM21.569 10.285L21.473 10.372L12.2 19.481L12.201 35L17.2 34.999L17.201 25C17.201 23.946 18.017 23.082 19.052 23.005L19.201 23H25.201C26.255 23 27.119 23.816 27.196 24.851L27.201 25L27.2 34.999L32.201 35L32.2 19.48L22.901 10.344C22.537 9.98699 21.969 9.96499 21.569 10.285ZM25.201 25H19.201L19.2 34.999H25.2L25.201 25Z&quot; fill=&quot;#3C3C3C&quot;\/>\n<\/svg>\"\r\n\r\n\t>\r\n            <div class=\"listing-item  featured-listing\">\r\n                <div class=\"listing-small-badges-container\">\r\n                                            <div class=\"listing-small-badge featured-badge\"><i class=\"fa fa-star\"><\/i> Featured<\/div>\r\n                                                                <div class=\"listing-small-badge pricing-badge\"><i class=\"fa fa-tag\"><\/i>150.00\u20ac - 171.00\u20ac<\/div>\r\n                                                            \r\n                                        \r\n                                        \r\n                <\/div>\r\n                <img decoding=\"async\" src=\"https:\/\/cparici.com\/wp-content\/uploads\/2025\/03\/DSC06292-HDR-520x397.jpg\" alt=\"LE DOUZE\" class=\"listing-thumbnail\">\r\n                                \r\n\r\n                <div class=\"listing-item-content\">\r\n                                                <div class=\"numerical-rating\" data-rating=\"5.0\"><\/div>\r\n                    \r\n                    <h3> LE DOUZE <i class=\"verified-icon\"><\/i><\/h3>\r\n                    <span>41 ter rue de paradis<\/span>\r\n                <\/div>\r\n                                        <span class=\"save like-icon tooltip left\" title=\"Login To Bookmark Items\"><\/span>\r\n                                                <\/div>\r\n        <\/a>\r\n                    <\/div>\r\n        \r\n\r\n        <!-- Listing Item \/ End -->\n                    <\/div>\n                                      <div class=\"fw-carousel-item\">                    \n                        <!-- Listing Item -->\r\n            <div class=\"col-lg-6 col-md-12\">\r\n                <a href=\"https:\/\/cparici.com\/en\/annonce\/villa-lucas-2-7-piscine-spa\/\"  class=\"listing-item-container listing-geo-data compact\" \r\n\t\tdata-title=\"Villa Lucas 2-7 Piscine-spa, Meschers sur Gironde\"\r\n\t\tdata-listing-type=\"rental\"\r\n\t\tdata-classifieds-price=\"\u20ac\"\r\n\t\tdata-friendly-address=\"Boulevard de la Falaise\"\r\n\t\tdata-address=\"Boulevard de la Falaise\"\r\n\t\tdata-image=\"https:\/\/cparici.com\/wp-content\/uploads\/2025\/01\/20200519_141942_01-1-edit-20230321171015-520x397.jpg\"\r\n\t\tdata-longitude=\"-0.9543354999999999\"\r\n\t\tdata-latitude=\"45.5547399\"\r\n\t\t\t\t\tdata-rating=\"5\"\r\n\t\t\tdata-reviews=\"12\"\r\n\t\t\t\tdata-icon=\"<svg xmlns=&quot;http:\/\/www.w3.org\/2000\/svg&quot; width=&quot;800px&quot; height=&quot;800px&quot; viewBox=&quot;0 0 45 45&quot; fill=&quot;none&quot;>\n<path d=&quot;M24.155 8.78099L24.33 8.94499L37.402 21.787L36 23.213L34.2 21.445L34.201 35C34.201 36.054 33.385 36.918 32.35 36.994L32.201 37H12.201C11.147 37 10.283 36.184 10.206 35.149L10.201 35L10.2 21.446L8.402 23.213L7 21.787L20.058 8.95799C21.171 7.82199 22.966 7.75899 24.155 8.78099ZM21.569 10.285L21.473 10.372L12.2 19.481L12.201 35L17.2 34.999L17.201 25C17.201 23.946 18.017 23.082 19.052 23.005L19.201 23H25.201C26.255 23 27.119 23.816 27.196 24.851L27.201 25L27.2 34.999L32.201 35L32.2 19.48L22.901 10.344C22.537 9.98699 21.969 9.96499 21.569 10.285ZM25.201 25H19.201L19.2 34.999H25.2L25.201 25Z&quot; fill=&quot;#3C3C3C&quot;\/>\n<\/svg>\"\r\n\r\n\t>\r\n            <div class=\"listing-item  \">\r\n                <div class=\"listing-small-badges-container\">\r\n                                                                <div class=\"listing-small-badge pricing-badge\"><i class=\"fa fa-tag\"><\/i>370.00\u20ac - 370.00\u20ac<\/div>\r\n                                                            \r\n                                        \r\n                                        \r\n                <\/div>\r\n                <img decoding=\"async\" src=\"https:\/\/cparici.com\/wp-content\/uploads\/2025\/01\/20200519_141942_01-1-edit-20230321171015-520x397.jpg\" alt=\"Villa Lucas 2-7 Piscine-spa, Meschers sur Gironde\" class=\"listing-thumbnail\">\r\n                \r\n\r\n                <div class=\"listing-item-content\">\r\n                                                <div class=\"numerical-rating\" data-rating=\"5.0\"><\/div>\r\n                    \r\n                    <h3> Villa Lucas 2-7 Piscine-spa, Meschers sur Gironde <\/h3>\r\n                    <span>Boulevard de la Falaise<\/span>\r\n                <\/div>\r\n                                        <span class=\"save like-icon tooltip left\" title=\"Login To Bookmark Items\"><\/span>\r\n                                                <\/div>\r\n        <\/a>\r\n                    <\/div>\r\n        \r\n\r\n        <!-- Listing Item \/ End -->\n                    <\/div>\n                                      <div class=\"fw-carousel-item\">                    \n                        <!-- Listing Item -->\r\n            <div class=\"col-lg-6 col-md-12\">\r\n                <a href=\"https:\/\/cparici.com\/en\/annonce\/appartement-face-mer\/\"  class=\"listing-item-container listing-geo-data compact\" \r\n\t\tdata-title=\"La Perrini\u00e8re Appartement face mer Royan\"\r\n\t\tdata-listing-type=\"rental\"\r\n\t\tdata-classifieds-price=\"\u20ac\"\r\n\t\tdata-friendly-address=\"royan\"\r\n\t\tdata-address=\"royan\"\r\n\t\tdata-image=\"https:\/\/cparici.com\/wp-content\/uploads\/2025\/05\/366880516.jpg\"\r\n\t\tdata-longitude=\"-1.0197084\"\r\n\t\tdata-latitude=\"45.6217724\"\r\n\t\t\t\t\tdata-rating=\"0\"\r\n\t\t\tdata-reviews=\"0\"\r\n\t\t\t\tdata-icon=\"<svg xmlns=&quot;http:\/\/www.w3.org\/2000\/svg&quot; width=&quot;800px&quot; height=&quot;800px&quot; viewBox=&quot;0 0 45 45&quot; fill=&quot;none&quot;>\n<path d=&quot;M24.155 8.78099L24.33 8.94499L37.402 21.787L36 23.213L34.2 21.445L34.201 35C34.201 36.054 33.385 36.918 32.35 36.994L32.201 37H12.201C11.147 37 10.283 36.184 10.206 35.149L10.201 35L10.2 21.446L8.402 23.213L7 21.787L20.058 8.95799C21.171 7.82199 22.966 7.75899 24.155 8.78099ZM21.569 10.285L21.473 10.372L12.2 19.481L12.201 35L17.2 34.999L17.201 25C17.201 23.946 18.017 23.082 19.052 23.005L19.201 23H25.201C26.255 23 27.119 23.816 27.196 24.851L27.201 25L27.2 34.999L32.201 35L32.2 19.48L22.901 10.344C22.537 9.98699 21.969 9.96499 21.569 10.285ZM25.201 25H19.201L19.2 34.999H25.2L25.201 25Z&quot; fill=&quot;#3C3C3C&quot;\/>\n<\/svg>\"\r\n\r\n\t>\r\n            <div class=\"listing-item  featured-listing\">\r\n                <div class=\"listing-small-badges-container\">\r\n                                            <div class=\"listing-small-badge featured-badge\"><i class=\"fa fa-star\"><\/i> Featured<\/div>\r\n                                                                <div class=\"listing-small-badge pricing-badge\"><i class=\"fa fa-tag\"><\/i>260.00\u20ac - 390.00\u20ac<\/div>\r\n                                                            \r\n                                        \r\n                                        \r\n                <\/div>\r\n                <img decoding=\"async\" src=\"https:\/\/cparici.com\/wp-content\/uploads\/2025\/05\/366880516.jpg\" alt=\"La Perrini\u00e8re Appartement face mer Royan\" class=\"listing-thumbnail\">\r\n                                \r\n\r\n                <div class=\"listing-item-content\">\r\n                    \r\n                    <h3> La Perrini\u00e8re Appartement face mer Royan <\/h3>\r\n                    <span>royan<\/span>\r\n                <\/div>\r\n                                        <span class=\"save like-icon tooltip left\" title=\"Login To Bookmark Items\"><\/span>\r\n                                                <\/div>\r\n        <\/a>\r\n                    <\/div>\r\n        \r\n\r\n        <!-- Listing Item \/ End -->\n                    <\/div>\n                                      <div class=\"fw-carousel-item\">                    \n                        <!-- Listing Item -->\r\n            <div class=\"col-lg-6 col-md-12\">\r\n                <a href=\"https:\/\/cparici.com\/en\/annonce\/cottage-de-lulu-avec-spa\/\"  class=\"listing-item-container listing-geo-data compact\" \r\n\t\tdata-title=\"Cottage de Lulu avec Spa Meschers sur Gironde\"\r\n\t\tdata-listing-type=\"rental\"\r\n\t\tdata-classifieds-price=\"\u20ac\"\r\n\t\tdata-friendly-address=\"300m des Grottes de R\u00e9gulus\"\r\n\t\tdata-address=\"300m des Grottes de R\u00e9gulus\"\r\n\t\tdata-image=\"https:\/\/cparici.com\/wp-content\/uploads\/2025\/12\/spa-du-cottage-de-lulu-location-vacances-meschers-520x397.jpg\"\r\n\t\tdata-longitude=\"-0.9544389999999999\"\r\n\t\tdata-latitude=\"45.554722\"\r\n\t\t\t\t\tdata-rating=\"5\"\r\n\t\t\tdata-reviews=\"12\"\r\n\t\t\t\tdata-icon=\"<svg xmlns=&quot;http:\/\/www.w3.org\/2000\/svg&quot; width=&quot;800px&quot; height=&quot;800px&quot; viewBox=&quot;0 0 45 45&quot; fill=&quot;none&quot;>\n<path d=&quot;M24.155 8.78099L24.33 8.94499L37.402 21.787L36 23.213L34.2 21.445L34.201 35C34.201 36.054 33.385 36.918 32.35 36.994L32.201 37H12.201C11.147 37 10.283 36.184 10.206 35.149L10.201 35L10.2 21.446L8.402 23.213L7 21.787L20.058 8.95799C21.171 7.82199 22.966 7.75899 24.155 8.78099ZM21.569 10.285L21.473 10.372L12.2 19.481L12.201 35L17.2 34.999L17.201 25C17.201 23.946 18.017 23.082 19.052 23.005L19.201 23H25.201C26.255 23 27.119 23.816 27.196 24.851L27.201 25L27.2 34.999L32.201 35L32.2 19.48L22.901 10.344C22.537 9.98699 21.969 9.96499 21.569 10.285ZM25.201 25H19.201L19.2 34.999H25.2L25.201 25Z&quot; fill=&quot;#3C3C3C&quot;\/>\n<\/svg>\"\r\n\r\n\t>\r\n            <div class=\"listing-item  \">\r\n                <div class=\"listing-small-badges-container\">\r\n                                                                <div class=\"listing-small-badge pricing-badge\"><i class=\"fa fa-tag\"><\/i>85.00\u20ac - 150.00\u20ac<\/div>\r\n                                                            \r\n                                        \r\n                                        \r\n                <\/div>\r\n                <img decoding=\"async\" src=\"https:\/\/cparici.com\/wp-content\/uploads\/2025\/12\/spa-du-cottage-de-lulu-location-vacances-meschers-520x397.jpg\" alt=\"Cottage de Lulu avec Spa Meschers sur Gironde\" class=\"listing-thumbnail\">\r\n                \r\n\r\n                <div class=\"listing-item-content\">\r\n                                                <div class=\"numerical-rating\" data-rating=\"5.0\"><\/div>\r\n                    \r\n                    <h3> Cottage de Lulu avec Spa Meschers sur Gironde <\/h3>\r\n                    <span>300m des Grottes de R\u00e9gulus<\/span>\r\n                <\/div>\r\n                                        <span class=\"save like-icon tooltip left\" title=\"Login To Bookmark Items\"><\/span>\r\n                                                <\/div>\r\n        <\/a>\r\n                    <\/div>\r\n        \r\n\r\n        <!-- Listing Item \/ End -->\n                    <\/div>\n                                      <div class=\"fw-carousel-item\">                    \n                        <!-- Listing Item -->\r\n            <div class=\"col-lg-6 col-md-12\">\r\n                <a href=\"https:\/\/cparici.com\/en\/annonce\/bicoque-de-sophie\/\"  class=\"listing-item-container listing-geo-data compact\" \r\n\t\tdata-title=\"Bicoque de Sophie\"\r\n\t\tdata-listing-type=\"rental\"\r\n\t\tdata-classifieds-price=\"\u20ac\"\r\n\t\tdata-friendly-address=\"Hyper centre Saint-Georges-de-Didonne\"\r\n\t\tdata-address=\"Hyper centre Saint-Georges-de-Didonne\"\r\n\t\tdata-image=\"https:\/\/cparici.com\/wp-content\/uploads\/2025\/01\/20220601_133451-edit-20230319213149-520x397.jpg\"\r\n\t\tdata-longitude=\"-0.9977845\"\r\n\t\tdata-latitude=\"45.6029549\"\r\n\t\t\t\t\tdata-rating=\"3.7\"\r\n\t\t\tdata-reviews=\"3\"\r\n\t\t\t\tdata-icon=\"<svg xmlns=&quot;http:\/\/www.w3.org\/2000\/svg&quot; width=&quot;800px&quot; height=&quot;800px&quot; viewBox=&quot;0 0 45 45&quot; fill=&quot;none&quot;>\n<path d=&quot;M24.155 8.78099L24.33 8.94499L37.402 21.787L36 23.213L34.2 21.445L34.201 35C34.201 36.054 33.385 36.918 32.35 36.994L32.201 37H12.201C11.147 37 10.283 36.184 10.206 35.149L10.201 35L10.2 21.446L8.402 23.213L7 21.787L20.058 8.95799C21.171 7.82199 22.966 7.75899 24.155 8.78099ZM21.569 10.285L21.473 10.372L12.2 19.481L12.201 35L17.2 34.999L17.201 25C17.201 23.946 18.017 23.082 19.052 23.005L19.201 23H25.201C26.255 23 27.119 23.816 27.196 24.851L27.201 25L27.2 34.999L32.201 35L32.2 19.48L22.901 10.344C22.537 9.98699 21.969 9.96499 21.569 10.285ZM25.201 25H19.201L19.2 34.999H25.2L25.201 25Z&quot; fill=&quot;#3C3C3C&quot;\/>\n<\/svg>\"\r\n\r\n\t>\r\n            <div class=\"listing-item  \">\r\n                <div class=\"listing-small-badges-container\">\r\n                                                                <div class=\"listing-small-badge pricing-badge\"><i class=\"fa fa-tag\"><\/i>120.00\u20ac - 140.00\u20ac<\/div>\r\n                                                            \r\n                                        \r\n                                        \r\n                <\/div>\r\n                <img decoding=\"async\" src=\"https:\/\/cparici.com\/wp-content\/uploads\/2025\/01\/20220601_133451-edit-20230319213149-520x397.jpg\" alt=\"Bicoque de Sophie\" class=\"listing-thumbnail\">\r\n                \r\n\r\n                <div class=\"listing-item-content\">\r\n                                                <div class=\"numerical-rating\" data-rating=\"3.7\"><\/div>\r\n                    \r\n                    <h3> Bicoque de Sophie <\/h3>\r\n                    <span>Hyper centre Saint-Georges-de-Didonne<\/span>\r\n                <\/div>\r\n                                        <span class=\"save like-icon tooltip left\" title=\"Login To Bookmark Items\"><\/span>\r\n                                                <\/div>\r\n        <\/a>\r\n                    <\/div>\r\n        \r\n\r\n        <!-- Listing Item \/ End -->\n                    <\/div>\n                          <\/div>\n        \t\t\t\t<\/div>\n\t\t\t\t<\/div>\n\t\t\t\t\t<\/div>\n\t\t\t\t<\/aside>\n\t\t<div class=\"elementor-element elementor-element-6bef1cf e-flex e-con-boxed e-con e-parent\" data-id=\"6bef1cf\" data-element_type=\"container\" data-e-type=\"container\">\n\t\t\t\t\t<div class=\"e-con-inner\">\n\t\t\t\t<div class=\"elementor-element elementor-element-f5f822b elementor-widget elementor-widget-text-editor\" data-id=\"f5f822b\" data-element_type=\"widget\" data-e-type=\"widget\" data-widget_type=\"text-editor.default\">\n\t\t\t\t\t\t\t\t\t<h2>Les quartiers et monuments de Royan<\/h2><h3>Le quartier de Pontaillac<\/h3><p><span style=\"font-size: 12pt;\">Pontaillac situ\u00e9 \u00e0 Royan est un des quartiers de la ville de Royan qui se trouve entre la ville centrale de Royan et la ville de Vaux Sur Mer. <\/span><\/p><figure id=\"attachment_13361\" aria-describedby=\"caption-attachment-13361\" style=\"width: 800px\" class=\"wp-caption aligncenter\"><a href=\"https:\/\/cparici.com\/wp-content\/uploads\/2021\/03\/pontaillac-7.jpg\"><img decoding=\"async\" class=\"size-full wp-image-13361\" src=\"https:\/\/cparici.com\/wp-content\/uploads\/2021\/03\/pontaillac-7.jpg\" alt=\"Photo de la plage de Pontaillac, une des plus belles plages de Royan\" width=\"800\" height=\"533\" srcset=\"https:\/\/cparici.com\/wp-content\/uploads\/2021\/03\/pontaillac-7.jpg 800w, https:\/\/cparici.com\/wp-content\/uploads\/2021\/03\/pontaillac-7-600x399.jpg 600w, https:\/\/cparici.com\/wp-content\/uploads\/2021\/03\/pontaillac-7-768x511.jpg 768w, https:\/\/cparici.com\/wp-content\/uploads\/2021\/03\/pontaillac-7-120x80.jpg 120w\" sizes=\"(max-width: 800px) 100vw, 800px\" \/><\/a><figcaption id=\"caption-attachment-13361\" class=\"wp-caption-text\">La plage de Pontaillac, une des plus belles plages de Royan<\/figcaption><\/figure><p><span style=\"font-size: 12pt;\">Dans le quartier, vous aurez les plages de Pontaillac \u00e0 Royan et est consid\u00e9r\u00e9 comme une plage pour les familles qui est aussi une possibilit\u00e9 de faire du surf. Elle fait partie des lieux de surf les plus connus de Royan. Cependant, Pontaillac est \u00e9galement c\u00e9l\u00e8bre pour son casino, qui est situ\u00e9 au milieu de la plage de Pontaillac \u00e0 Royan, les pieds dans le sable. La promenade a \u00e9t\u00e9 r\u00e9nov\u00e9e et des restaurants et bars avec terrasses sont situ\u00e9s \u00e0 proximit\u00e9 de la plage.<\/span><\/p><h3>Le phare de Cordouan<\/h3><p><span style=\"font-size: 12pt;\"><a href=\"https:\/\/cparici.com\/fr\/phare-de-cordouan-royan-charente-maritime\/\">Le phare est situ\u00e9 sur la commune<\/a> de Verdon sur Mer, non loin de Royan, <strong>\u00e0 l\u2019entr\u00e9e de l\u2019estuaire de la Gironde, qui se trouve sur l\u2019oc\u00e9an Atlantique<\/strong>, en Charente Maritime, en face de la belle c\u00f4te sauvage et de la Pointe de Grave. C\u2019est le plus ancien phare de France encore en activit\u00e9, un monument du pass\u00e9 qui fait partie de l\u2019\u00c9tat fran\u00e7ais, qui en confie l\u2019entretien.<\/span><\/p><p><span style=\"font-size: 12pt;\">\u00a0Il est situ\u00e9 sur les falaises de Cordouan Il est situ\u00e9 sur le <strong>plateau accident\u00e9 de Cordouan qui se trouve \u00e0 plus de 6 km du littoral<\/strong> situ\u00e9 sur la propri\u00e9t\u00e9 de la commune de Verdon sur Mer, dans le d\u00e9partement de la Gironde.<\/span><\/p><figure id=\"attachment_14143\" aria-describedby=\"caption-attachment-14143\" style=\"width: 575px\" class=\"wp-caption aligncenter\"><a href=\"https:\/\/cparici.com\/wp-content\/uploads\/2021\/05\/phare-de-cordouan-2.jpg\"><img decoding=\"async\" class=\"wp-image-14143 size-full\" title=\"Royan informations pratiques et d\u00e9couverte phare de cordouan\" src=\"https:\/\/cparici.com\/wp-content\/uploads\/2021\/05\/phare-de-cordouan-2.jpg\" alt=\"Royan informations pratiques et d\u00e9couverte phare de cordouan\" width=\"575\" height=\"800\" srcset=\"https:\/\/cparici.com\/wp-content\/uploads\/2021\/05\/phare-de-cordouan-2.jpg 575w, https:\/\/cparici.com\/wp-content\/uploads\/2021\/05\/phare-de-cordouan-2-768x1068.jpg 768w, https:\/\/cparici.com\/wp-content\/uploads\/2021\/05\/phare-de-cordouan-2-600x834.jpg 600w\" sizes=\"(max-width: 575px) 100vw, 575px\" \/><\/a><figcaption id=\"caption-attachment-14143\" class=\"wp-caption-text\">Royan informations pratiques et d\u00e9couverte phare de cordouan<\/figcaption><\/figure><p><span style=\"font-size: 12pt;\">\u00a0Il mesure aujourd\u2019hui 68 m\u00e8tres de haut et constitue le point de rep\u00e8re le plus visible de l\u2019estuaire de la Gironde. Son diam\u00e8tre est de 16 m\u00e8tres, et il fait partie des dix phares les plus impressionnants du monde. Il est blanc et construit en pierre calcaire. Il est situ\u00e9 en Saintonge et le long de la c\u00f4te charentaise.<\/span><\/p><h3>L\u2019Eglise notre dame de Royan<\/h3><p><span style=\"font-size: 12pt;\"><strong>L\u2019\u00e9glise Notre Dame de Royan est <\/strong>une <a href=\"https:\/\/cparici.com\/fr\/eglise-notre-dame-de-royan\/\">\u00e9glise situ\u00e9e \u00e0 Royan en Charente Maritim<\/a>e, sur la c\u00f4te de beaut\u00e9.<\/span><\/p><p><span style=\"font-size: 12pt;\">\u00a0Elle se distingue par <strong>sa forme en forme d\u2019ellipse<\/strong> de 45 m de long. Elle est facile \u00e0 reconna\u00eetre car elle est compar\u00e9e \u00e0 des <strong>vaisseaux<\/strong>. Elle se distingue \u00e9galement par son style moderne, avec l\u2019utilisation g\u00e9n\u00e9ralis\u00e9e du <strong>b\u00e9ton brut<\/strong>.<\/span><\/p><figure id=\"attachment_12163\" aria-describedby=\"caption-attachment-12163\" style=\"width: 2520px\" class=\"wp-caption aligncenter\"><a href=\"https:\/\/cparici.com\/wp-content\/uploads\/2021\/02\/eglise-notre-dame-de-royan-banniere.jpg\"><img decoding=\"async\" class=\"size-full wp-image-12163\" src=\"https:\/\/cparici.com\/wp-content\/uploads\/2021\/02\/eglise-notre-dame-de-royan-banniere.jpg\" alt=\"eglise royan - eglise notre dame de Royan en charente maritime\" width=\"2520\" height=\"1084\" srcset=\"https:\/\/cparici.com\/wp-content\/uploads\/2021\/02\/eglise-notre-dame-de-royan-banniere.jpg 2048w, https:\/\/cparici.com\/wp-content\/uploads\/2021\/02\/eglise-notre-dame-de-royan-banniere-600x258.jpg 600w, https:\/\/cparici.com\/wp-content\/uploads\/2021\/02\/eglise-notre-dame-de-royan-banniere-768x330.jpg 768w, https:\/\/cparici.com\/wp-content\/uploads\/2021\/02\/eglise-notre-dame-de-royan-banniere-700x300.jpg 700w\" sizes=\"(max-width: 2520px) 100vw, 2520px\" \/><\/a><figcaption id=\"caption-attachment-12163\" class=\"wp-caption-text\">eglise royan \u2013 eglise notre dame de Royan<\/figcaption><\/figure><p><span style=\"font-size: 12pt;\">\u00a0<\/span><\/p><p><span style=\"font-size: 12pt;\">Elle est situ\u00e9e juste \u00e0 c\u00f4t\u00e9 de l\u2019emplacement de l\u2019ancienne \u00e9glise n\u00e9o-gothique Notre-Dame construite en 1874. Elle a \u00e9t\u00e9 d\u00e9truite lors des bombardements de 1945.<\/span><\/p><p><span style=\"font-size: 12pt;\">\u00a0Apr\u00e8s la Seconde Guerre mondiale, l\u2019<strong>architecte Guillaume Gillet<\/strong> est choisi pour construire la nouvelle \u00e9glise avec deux ing\u00e9nieurs, Bernard Lafaille et Ren\u00e9 Sarget.<\/span><\/p><p><strong>Le Palais des Congr\u00e8s de Royan<\/strong><\/p><p><span style=\"font-size: 12pt;\">Le <strong>Palais des Congr\u00e8s de Royan est <\/strong><a href=\"https:\/\/cparici.com\/fr\/palais-des-congres-a-royan\/\">l\u2019un des monuments les plus importants du front de mer<\/a> de Royan. Il est class\u00e9 Monument historique depuis 2011. L\u2019architecte Claude Ferret a con\u00e7u le Palais des Congr\u00e8s. L\u2019architecte a \u00e9t\u00e9 assist\u00e9 par Pierre Marmouget et Andr\u00e9 Courtois.\u00a0<\/span><\/p><p><span style=\"font-size: 12pt;\">Le Palais des Congr\u00e8s est situ\u00e9 sur le front de mer, en plein milieu de la plage de Foncillon situ\u00e9e entre la Pointe du Chay et le port de Royan (plaisance et p\u00eache) \u00e0 proximit\u00e9 du bac de Royan, qui enjambe l\u2019estuaire de la Gironde, qui relie la Pointe de la Grave, et de la grande roue.<\/span><\/p><p><span style=\"font-size: 12pt;\">\u00a0Le Palais des Congr\u00e8s a \u00e9t\u00e9 construit dans les ann\u00e9es 1950, de 1954 \u00e0 1957. Il a \u00e9t\u00e9 r\u00e9nov\u00e9 dans les ann\u00e9es 1970 sous la direction des architectes Marc Quentin et Michel Legrand. La nouvelle fresque de la cage d\u2019escalier a \u00e9t\u00e9 command\u00e9e \u00e0 l\u2019artiste Nadu Marsaudon en 1977.<\/span><\/p><p><span style=\"font-size: 12pt;\">\u00a0Le monument a une forme cubiste en b\u00e9ton arm\u00e9 et poss\u00e8de \u00e9galement des escaliers \u00e0 l\u2019ext\u00e9rieur d\u2019une forme oblique. Le mur de verre en place a \u00e9t\u00e9 construit dans les ann\u00e9es 1970. Un cube \u00e0 la surface transparente a \u00e9t\u00e9 ajout\u00e9 \u00e0 la m\u00eame p\u00e9riode.<\/span><\/p><h3>Le march\u00e9 de Royan<\/h3><p><span style=\"font-size: 12pt;\"><strong>Le march\u00e9 central de Royan <\/strong>est un lieu extr\u00eamement connu \u00e0 Royan en Charente Maritime et <a href=\"https:\/\/cparici.com\/fr\/marche-de-royan\/\">r\u00e9put\u00e9 pour son architecture<\/a>, son pass\u00e9 et les produits frais qu\u2019il propose.\u00a0\u00a0Le march\u00e9 est ouvert toute l\u2019ann\u00e9e et vous pourrez vous laisser surprendre par l\u2019architecture des ann\u00e9es 50.\u00a0<\/span><\/p><figure id=\"attachment_10751\" aria-describedby=\"caption-attachment-10751\" style=\"width: 800px\" class=\"wp-caption aligncenter\"><a href=\"https:\/\/cparici.com\/wp-content\/uploads\/2020\/11\/halles-royan-loclilala-6.jpg\"><img decoding=\"async\" class=\"size-full wp-image-10751\" src=\"https:\/\/cparici.com\/wp-content\/uploads\/2020\/11\/halles-royan-loclilala-6.jpg\" alt=\"Halles royan informations pratiques\" width=\"800\" height=\"533\" srcset=\"https:\/\/cparici.com\/wp-content\/uploads\/2020\/11\/halles-royan-loclilala-6.jpg 800w, https:\/\/cparici.com\/wp-content\/uploads\/2020\/11\/halles-royan-loclilala-6-600x399.jpg 600w, https:\/\/cparici.com\/wp-content\/uploads\/2020\/11\/halles-royan-loclilala-6-768x511.jpg 768w\" sizes=\"(max-width: 800px) 100vw, 800px\" \/><\/a><figcaption id=\"caption-attachment-10751\" class=\"wp-caption-text\">Les Halles de royan<\/figcaption><\/figure><p><span style=\"font-size: 12pt;\">Il est possible de se perdre pendant quelques minutes de marche dans ce quartier anim\u00e9, notamment dans les ruelles, o\u00f9 se trouvent les vendeurs. Vous pouvez prendre un caf\u00e9 dans les environs ou faire du shopping le long du boulevard Aristide Briand. La march\u00e9 central est situ\u00e9 \u00e0 l\u2019adresse 72 rue Pierre Loti,\u00a0 au centre de la ville et \u00e0 proximit\u00e9 du front de mer.<\/span><\/p><h3><strong>Planet Exotica<\/strong><\/h3><p><span style=\"font-size: 12pt;\"><strong>Planet Exotica ou Plan\u00e8te Exotique \u00e0 Royan<\/strong> est un <a href=\"https:\/\/cparici.com\/fr\/planete-exotica-a-royan\/\">jardin zoologique et botanique<\/a>, qui est un parc animalier avec des animaux exotiques, selon le site officiel qui est situ\u00e9 \u00e0 Royan en Charente Maritime, non loin du stade, de la piscine et de la gare. Le parc s\u2019\u00e9tend sur plus de 7 hectares et a \u00e9t\u00e9 cr\u00e9\u00e9 \u00e0 la suite d\u2019un plan d\u2019am\u00e9nagement qui a \u00e9t\u00e9 initi\u00e9 par les marais Pousseau.<\/span><\/p><p><span style=\"font-size: 12pt;\">\u00a0Le parc \u00e9tait autrefois connu sous le nom de \u201cJardins du monde\u201d. Il abrite plus de 250 esp\u00e8ces de reptiles et une grande vari\u00e9t\u00e9 de plantes. Le parc est compos\u00e9 de diff\u00e9rentes zones, chacune ayant son propre th\u00e8me comme la serre des reptiles, le parc des dinosaures et le village indien ainsi que le jardin et les plantes et la mini-ferme. Il y a aussi les espaces ext\u00e9rieurs et int\u00e9rieurs pour les enfants et le mus\u00e9e, les collections, ainsi que le laboratoire et les p\u00e9pini\u00e8res.<\/span><\/p><p><span style=\"font-size: 12pt;\">\u00a0Planet Exotica \u00e0 Royan est le parc id\u00e9al \u00e0 visiter en tant que parents de jeunes enfants. Il constitue une excellente alternative aux longues heures pass\u00e9es sur la plage de la Grande Conche ou sur les plages de la c\u00f4te sauvage. C\u2019est \u00e9galement une bonne alternative au zoo de La Palmyre. Des programmes \u00e9ducatifs sont organis\u00e9s tout au long de la journ\u00e9e, et une zone de restauration rapide permet de manger sur place.<\/span><\/p><p><span style=\"font-size: 12pt;\">\u00a0Pour en savoir plus, n\u2019h\u00e9sitez pas \u00e0 consulter le site du parc ainsi que celui de ses institutions partenaires. Le parc est accessible tous les jours de f\u00e9vrier \u00e0 d\u00e9cembre.<\/span><\/p><p><strong>Les choses \u00e0 voir \u00e0 Planet Exotica<\/strong><\/p><p><span style=\"font-size: 12pt;\">Le parc dispose de trois zones d\u00e9di\u00e9es \u00e0 l\u2019\u00e9tude des animaux dont la zone des amphibiens et reptiles ainsi que les zones des invert\u00e9br\u00e9s et insectes et la zone des mammif\u00e8res.<\/span><\/p><p><span style=\"font-size: 12pt;\">\u00a0Les deux zones se trouvent \u00e0 l\u2019int\u00e9rieur et offrent la possibilit\u00e9 d\u2019observer et de d\u00e9couvrir les animaux les plus connus et les plus \u00e9tranges. La zone des mammif\u00e8res est situ\u00e9e \u00e0 l\u2019ext\u00e9rieur et vous permet d\u2019explorer Planet Exotica sous un jour nouveau.<\/span><\/p><figure id=\"attachment_13732\" aria-describedby=\"caption-attachment-13732\" style=\"width: 800px\" class=\"wp-caption aligncenter\"><a href=\"https:\/\/cparici.com\/wp-content\/uploads\/2021\/04\/planet-exotica-5.jpg\"><img decoding=\"async\" class=\"wp-image-13732 size-full\" src=\"https:\/\/cparici.com\/wp-content\/uploads\/2021\/04\/planet-exotica-5.jpg\" alt=\"Planete Exotica a Royan\" width=\"800\" height=\"533\" srcset=\"https:\/\/cparici.com\/wp-content\/uploads\/2021\/04\/planet-exotica-5.jpg 800w, https:\/\/cparici.com\/wp-content\/uploads\/2021\/04\/planet-exotica-5-600x399.jpg 600w, https:\/\/cparici.com\/wp-content\/uploads\/2021\/04\/planet-exotica-5-768x511.jpg 768w, https:\/\/cparici.com\/wp-content\/uploads\/2021\/04\/planet-exotica-5-120x80.jpg 120w\" sizes=\"(max-width: 800px) 100vw, 800px\" \/><\/a><figcaption id=\"caption-attachment-13732\" class=\"wp-caption-text\">Le zoo parc Planet exotica \u00e0 Royan<\/figcaption><\/figure><p><span style=\"font-size: 12pt;\">Les espaces d\u00e9di\u00e9s aux plantes \u00e0 Planet Exotica sont diversifi\u00e9s. Il y a de nombreux espaces \u00e0 explorer : le jardin japonais ; le jardin du d\u00e9sert ; le labyrinthe de bambous ; la serre tropicale ; etc\u2026 Les amoureux de la nature ne manqueront pas d\u2019explorer !<\/span><\/p><p><span style=\"font-size: 12pt;\">\u00a0 Le parc des dinosaures est situ\u00e9 \u00e0 l\u2019ext\u00e9rieur, pr\u00e8s du parc des animaux et de la zone des plantes (jardin japonais). On y trouve de nombreux faux dinosaures (attention \u00e0 ne pas les griffer) de taille presque r\u00e9elle qui feront le bonheur des grands et des petits. Le village indien est situ\u00e9 \u00e0 l\u2019ext\u00e9rieur, \u00e0 l\u2019oppos\u00e9 des zones r\u00e9serv\u00e9es aux animaux. En plus des tippies, vous pouvez \u00e9galement assister au spectacle de chevaux pendant la saison. Le parc dispose \u00e9galement d\u2019une nurserie dans laquelle on peut observer les animaux qui viennent de na\u00eetre. Un grand plaisir pour les enfants et les adultes aussi.<\/span><\/p><p><span style=\"font-size: 12pt;\">\u00a0Le parc dispose de deux espaces pour enfants : un espace int\u00e9rieur et un espace ext\u00e9rieur. Tous deux sauront divertir les enfants, que ce soit gr\u00e2ce aux jeux int\u00e9rieurs ou au trampoline ext\u00e9rieur.<\/span><\/p>\t\t\t\t\t\t\t\t<\/div>\n\t\t\t\t\t<\/div>\n\t\t\t\t<\/div>\n\t\t<aside class=\"elementor-element elementor-element-4c6c165a e-flex e-con-boxed e-con e-parent\" data-id=\"4c6c165a\" data-element_type=\"container\" data-e-type=\"container\" data-settings=\"{&quot;background_background&quot;:&quot;classic&quot;}\">\n\t\t\t\t\t<div class=\"e-con-inner\">\n\t\t\t\t<div class=\"elementor-element elementor-element-4d55517e elementor-widget elementor-widget-spacer\" data-id=\"4d55517e\" data-element_type=\"widget\" data-e-type=\"widget\" data-widget_type=\"spacer.default\">\n\t\t\t\t\t\t\t<div class=\"elementor-spacer\">\n\t\t\t<div class=\"elementor-spacer-inner\"><\/div>\n\t\t<\/div>\n\t\t\t\t\t\t<\/div>\n\t\t\t\t<div class=\"elementor-element elementor-element-31e3a63b elementor-widget elementor-widget-heading\" data-id=\"31e3a63b\" data-element_type=\"widget\" data-e-type=\"widget\" data-widget_type=\"heading.default\">\n\t\t\t\t\t<span class=\"elementor-heading-title elementor-size-default\">D\u00e9couverte et Activit\u00e9s<\/span>\t\t\t\t<\/div>\n\t\t\t\t<div class=\"elementor-element elementor-element-7f11200c elementor-widget elementor-widget-listeo-listings-carousel\" data-id=\"7f11200c\" data-element_type=\"widget\" data-e-type=\"widget\" data-widget_type=\"listeo-listings-carousel.default\">\n\t\t\t\t<div class=\"elementor-widget-container\">\n\t\t\t\t\t        <!-- Carousel \/ Start -->\n        \t<div class=\"simple-slick-carousel dots-nav\" data-slick='{&quot;autoplay&quot;:true,&quot;autoplaySpeed&quot;:3000,&quot;slidesToShow&quot;:3,&quot;slidesToScroll&quot;:1,&quot;responsive&quot;:[{&quot;breakpoint&quot;:1024,&quot;settings&quot;:{&quot;slidesToShow&quot;:2,&quot;slidesToScroll&quot;:1}},{&quot;breakpoint&quot;:768,&quot;settings&quot;:{&quot;slidesToShow&quot;:1,&quot;slidesToScroll&quot;:1}}]}'>\n                            <div class=\"fw-carousel-item\">                    \n                        <!-- Listing Item -->\r\n            <div class=\"col-lg-6 col-md-12\">\r\n                <a href=\"https:\/\/cparici.com\/en\/annonce\/distillation-de-roses-centifolia\/\"  class=\"listing-item-container listing-geo-data compact\" \r\n\t\tdata-title=\"Distillation de roses centifolia\"\r\n\t\tdata-listing-type=\"service\"\r\n\t\tdata-classifieds-price=\"\u20ac\"\r\n\t\tdata-friendly-address=\"\"\r\n\t\tdata-address=\"M\u00e9dis, France\"\r\n\t\tdata-image=\"https:\/\/cparici.com\/wp-content\/uploads\/2025\/05\/inbound7346086508658559603-520x397.jpg\"\r\n\t\tdata-longitude=\"-0.964789\"\r\n\t\tdata-latitude=\"45.64248\"\r\n\t\t\t\t\tdata-rating=\"0\"\r\n\t\t\tdata-reviews=\"0\"\r\n\t\t\t\tdata-icon=\"<svg xmlns=&quot;http:\/\/www.w3.org\/2000\/svg&quot; xmlns:xlink=&quot;http:\/\/www.w3.org\/1999\/xlink&quot; fill=&quot;#000000&quot; version=&quot;1.1&quot; id=&quot;Layer_1&quot; viewBox=&quot;0 0 64.004 64.004&quot; xml:space=&quot;preserve&quot;>\n<g>\n\t<g>\n\t\t<path d=&quot;M60.103,38.327c-4.169-7.268-10.669-12.104-16.526-12.319c-0.134-0.01-0.27-0.008-0.407-0.006l-0.18,0.002l-0.157-0.002 c-0.137-0.002-0.274-0.005-0.372,0.004c-5.891,0.217-12.391,5.053-16.559,12.32c-5.624,9.804-5.051,20.771,1.276,24.446 c3.571,2.078,8.299,1.505,12.966-1.563c1.735-1.143,3.979-1.144,5.716,0c2.816,1.852,5.654,2.795,8.247,2.795 c1.705,0,3.303-0.407,4.72-1.231C65.154,59.097,65.727,48.13,60.103,38.327z M57.821,61.044 c-2.892,1.679-6.852,1.132-10.863-1.507c-1.202-0.79-2.579-1.185-3.956-1.185s-2.755,0.395-3.956,1.185 c-4.012,2.638-7.971,3.186-10.863,1.507c-5.379-3.126-5.624-12.87-0.546-21.722c3.775-6.58,9.762-11.129,14.932-11.32 c0.073-0.005,0.147-0.001,0.223,0l0.199,0.002l0.222-0.002c0.074-0.002,0.149-0.004,0.257,0.002 c5.136,0.189,11.123,4.738,14.898,11.318C63.445,48.174,63.2,57.918,57.821,61.044z&quot;\/>\n\t<\/g>\n<\/g>\n<g>\n\t<g>\n\t\t<path d=&quot;M43.002,31c-2.206,0-4,1.794-4,4s1.794,4,4,4s4-1.794,4-4S45.208,31,43.002,31z M43.002,37c-1.103,0-2-0.898-2-2 c0-1.103,0.897-2,2-2s2,0.897,2,2C45.002,36.102,44.105,37,43.002,37z&quot;\/>\n\t<\/g>\n<\/g>\n<g>\n\t<g>\n\t\t<path d=&quot;M43.002,48c-2.206,0-4,1.794-4,4s1.794,4,4,4s4-1.794,4-4S45.208,48,43.002,48z M43.002,54c-1.103,0-2-0.898-2-2 c0-1.103,0.897-2,2-2s2,0.897,2,2C45.002,53.102,44.105,54,43.002,54z&quot;\/>\n\t<\/g>\n<\/g>\n<g>\n\t<g>\n\t\t<path d=&quot;M52.002,38c-2.206,0-4,1.794-4,4s1.794,4,4,4s4-1.794,4-4S54.208,38,52.002,38z M52.002,44c-1.103,0-2-0.898-2-2 c0-1.103,0.897-2,2-2s2,0.897,2,2C54.002,43.102,53.105,44,52.002,44z&quot;\/>\n\t<\/g>\n<\/g>\n<g>\n\t<g>\n\t\t<path d=&quot;M34.002,38c-2.206,0-4,1.794-4,4s1.794,4,4,4s4-1.794,4-4S36.208,38,34.002,38z M34.002,44c-1.103,0-2-0.898-2-2 c0-1.103,0.897-2,2-2s2,0.897,2,2C36.002,43.102,35.105,44,34.002,44z&quot;\/>\n\t<\/g>\n<\/g>\n<g>\n\t<g>\n\t\t<path d=&quot;M31.002,48c-2.206,0-4,1.794-4,4s1.794,4,4,4s4-1.794,4-4S33.208,48,31.002,48z M31.002,54c-1.103,0-2-0.898-2-2 c0-1.103,0.897-2,2-2s2,0.897,2,2C33.002,53.102,32.105,54,31.002,54z&quot;\/>\n\t<\/g>\n<\/g>\n<g>\n\t<g>\n\t\t<path d=&quot;M55.002,48c-2.206,0-4,1.794-4,4s1.794,4,4,4s4-1.794,4-4S57.208,48,55.002,48z M55.002,54c-1.103,0-2-0.898-2-2 c0-1.103,0.897-2,2-2s2,0.897,2,2C57.002,53.102,56.105,54,55.002,54z&quot;\/>\n\t<\/g>\n<\/g>\n<g>\n\t<g>\n\t\t<path d=&quot;M45.915,3.177C45.534,1.365,43.925,0,42.002,0s-3.532,1.365-3.913,3.177C27.686,4.077,20.002,8.503,20.002,14 c0,1.988,1.043,3.909,3,5.589V23c0,0.553,0.448,1.004,1,1.004h36c0.552,0,1-0.451,1-1.004v-3.411c1.957-1.679,3-3.601,3-5.589 C64.002,8.503,56.318,4.077,45.915,3.177z M42.002,2c0.754,0,1.404,0.425,1.745,1.043C43.17,3.021,42.592,3,42.002,3 s-1.168,0.021-1.745,0.043C40.598,2.425,41.248,2,42.002,2z M59.002,22.004h-34v-2h34V22.004z M59.797,18.004h-7.151 c2.044-2,3.356-4,3.356-7h-2c0,4-3.14,7-7,7h-11c-3.86,0-7-3-7-7h-2c0,3,1.312,5,3.356,7h-6.151c-1.087-1-2.205-2.342-2.205-4.002 c0-4.879,9.159-9.002,20-9.002s20,4.123,20,9.002C62.002,15.662,60.884,17.004,59.797,18.004z&quot;\/>\n\t<\/g>\n<\/g>\n<g>\n\t<g>\n\t\t<path d=&quot;M19.002,21c0-3.5-3.052-7.279-4.526-8.902c0.717-0.59,1.461-1.257,2.017-1.987c0.957-1.257,1.643-3.685,0.167-5.149 c-0.552-0.548-1.363-0.798-2.365-0.808c-2.182,0.025-4.196,0.81-6.144,1.57C7.033,6.16,5.979,6.571,4.906,6.843L4.733,6.888 c-0.661,0.17-2.037,0.526-2.356,0.048c0,0-0.048-0.079-0.035-0.357C2.44,4.539,4.486,2.51,5.586,1.42L4.178,0 c-1.293,1.281-3.7,3.667-3.833,6.483C0.314,7.119,0.436,7.632,0.716,8.05C1.821,9.7,4.04,9.13,5.231,8.824l0.166-0.042 c1.192-0.303,2.355-0.756,3.48-1.194c1.863-0.727,3.623-1.412,5.441-1.434c0.456,0.011,0.78,0.076,0.934,0.227 c0.537,0.533,0.145,1.868-0.35,2.518c-0.629,0.826-1.677,1.652-2.519,2.315l0.009,0.012c-0.028,0.022-0.061,0.031-0.087,0.057 c-0.217,0.21-5.303,5.203-5.303,9.717c0,3.318,1.283,5.258,2.969,6.223L9.008,35.89c-0.006,0.048-0.007,0.097-0.006,0.147 l0.926,25.001C9.99,62.699,11.34,64,13.002,64s3.012-1.301,3.074-2.962l0.926-25.001c0.001-0.05,0-0.099-0.006-0.148l-0.963-8.666 C17.719,26.258,19.002,24.318,19.002,21z M13.006,13.447c0.916,1.01,2.156,2.576,3.012,4.227l-1.016,1.523l-1.168-1.752 c-0.371-0.557-1.293-0.557-1.664,0l-1.168,1.752l-1.023-1.535C10.883,15.922,12.205,14.332,13.006,13.447z M14.077,60.964 C14.055,61.545,13.583,62,13.002,62s-1.053-0.455-1.075-1.036l-0.923-24.927l0.903-8.127c0.364,0.061,0.731,0.09,1.095,0.09 s0.731-0.029,1.095-0.09L15,36.037L14.077,60.964z M13.002,26c-2.542,0-4-1.822-4-5c0-0.337,0.041-0.681,0.112-1.029l1.056,1.584 c0.371,0.557,1.293,0.557,1.664,0l1.168-1.752l1.168,1.752C14.356,21.833,14.667,22,15.002,22c0.334,0,0.646-0.167,0.832-0.445 l1.053-1.58c0.074,0.349,0.115,0.692,0.115,1.025C17.002,24.178,15.544,26,13.002,26z&quot;\/>\n\t<\/g>\n<\/g>\n<g>\n\t<g>\n\t\t<rect x=&quot;0.002&quot; y=&quot;54&quot; width=&quot;2&quot; height=&quot;2&quot;\/>\n\t<\/g>\n<\/g>\n<g>\n\t<g>\n\t\t<rect x=&quot;0.002&quot; y=&quot;58&quot; width=&quot;2&quot; height=&quot;2&quot;\/>\n\t<\/g>\n<\/g>\n<g>\n\t<g>\n\t\t<rect x=&quot;0.002&quot; y=&quot;62&quot; width=&quot;2&quot; height=&quot;2&quot;\/>\n\t<\/g>\n<\/g>\n<g>\n\t<g>\n\t\t<rect x=&quot;4.002&quot; y=&quot;54&quot; width=&quot;2&quot; height=&quot;2&quot;\/>\n\t<\/g>\n<\/g>\n<g>\n\t<g>\n\t\t<rect x=&quot;4.002&quot; y=&quot;58&quot; width=&quot;2&quot; height=&quot;2&quot;\/>\n\t<\/g>\n<\/g>\n<g>\n\t<g>\n\t\t<rect x=&quot;4.002&quot; y=&quot;62&quot; width=&quot;2&quot; height=&quot;2&quot;\/>\n\t<\/g>\n<\/g>\n<\/svg>\"\r\n\r\n\t>\r\n            <div class=\"listing-item  featured-listing\">\r\n                <div class=\"listing-small-badges-container\">\r\n                                            <div class=\"listing-small-badge featured-badge\"><i class=\"fa fa-star\"><\/i> Featured<\/div>\r\n                                                                <div class=\"listing-small-badge pricing-badge\"><i class=\"fa fa-tag\"><\/i>149.00\u20ac - 149.00\u20ac<\/div>\r\n                                                            \r\n                                        \r\n                                        \r\n                <\/div>\r\n                <img decoding=\"async\" src=\"https:\/\/cparici.com\/wp-content\/uploads\/2025\/05\/inbound7346086508658559603-520x397.jpg\" alt=\"Distillation de roses centifolia\" class=\"listing-thumbnail\">\r\n                \r\n\r\n                <div class=\"listing-item-content\">\r\n                    \r\n                    <h3> Distillation de roses centifolia <\/h3>\r\n                    <span>M\u00e9dis, France<\/span>\r\n                <\/div>\r\n                                        <span class=\"save like-icon tooltip left\" title=\"Login To Bookmark Items\"><\/span>\r\n                                                <\/div>\r\n        <\/a>\r\n                    <\/div>\r\n        \r\n\r\n        <!-- Listing Item \/ End -->\n                    <\/div>\n                                      <div class=\"fw-carousel-item\">                    \n                        <!-- Listing Item -->\r\n            <div class=\"col-lg-6 col-md-12\">\r\n                <a href=\"https:\/\/cparici.com\/en\/annonce\/bicoque-de-sophie\/\"  class=\"listing-item-container listing-geo-data compact\" \r\n\t\tdata-title=\"Bicoque de Sophie\"\r\n\t\tdata-listing-type=\"rental\"\r\n\t\tdata-classifieds-price=\"\u20ac\"\r\n\t\tdata-friendly-address=\"Hyper centre Saint-Georges-de-Didonne\"\r\n\t\tdata-address=\"Hyper centre Saint-Georges-de-Didonne\"\r\n\t\tdata-image=\"https:\/\/cparici.com\/wp-content\/uploads\/2025\/01\/20220601_133451-edit-20230319213149-520x397.jpg\"\r\n\t\tdata-longitude=\"-0.9977845\"\r\n\t\tdata-latitude=\"45.6029549\"\r\n\t\t\t\t\tdata-rating=\"3.7\"\r\n\t\t\tdata-reviews=\"3\"\r\n\t\t\t\tdata-icon=\"<svg xmlns=&quot;http:\/\/www.w3.org\/2000\/svg&quot; width=&quot;800px&quot; height=&quot;800px&quot; viewBox=&quot;0 0 45 45&quot; fill=&quot;none&quot;>\n<path d=&quot;M24.155 8.78099L24.33 8.94499L37.402 21.787L36 23.213L34.2 21.445L34.201 35C34.201 36.054 33.385 36.918 32.35 36.994L32.201 37H12.201C11.147 37 10.283 36.184 10.206 35.149L10.201 35L10.2 21.446L8.402 23.213L7 21.787L20.058 8.95799C21.171 7.82199 22.966 7.75899 24.155 8.78099ZM21.569 10.285L21.473 10.372L12.2 19.481L12.201 35L17.2 34.999L17.201 25C17.201 23.946 18.017 23.082 19.052 23.005L19.201 23H25.201C26.255 23 27.119 23.816 27.196 24.851L27.201 25L27.2 34.999L32.201 35L32.2 19.48L22.901 10.344C22.537 9.98699 21.969 9.96499 21.569 10.285ZM25.201 25H19.201L19.2 34.999H25.2L25.201 25Z&quot; fill=&quot;#3C3C3C&quot;\/>\n<\/svg>\"\r\n\r\n\t>\r\n            <div class=\"listing-item  \">\r\n                <div class=\"listing-small-badges-container\">\r\n                                                                <div class=\"listing-small-badge pricing-badge\"><i class=\"fa fa-tag\"><\/i>120.00\u20ac - 140.00\u20ac<\/div>\r\n                                                            \r\n                                        \r\n                                        \r\n                <\/div>\r\n                <img decoding=\"async\" src=\"https:\/\/cparici.com\/wp-content\/uploads\/2025\/01\/20220601_133451-edit-20230319213149-520x397.jpg\" alt=\"Bicoque de Sophie\" class=\"listing-thumbnail\">\r\n                \r\n\r\n                <div class=\"listing-item-content\">\r\n                                                <div class=\"numerical-rating\" data-rating=\"3.7\"><\/div>\r\n                    \r\n                    <h3> Bicoque de Sophie <\/h3>\r\n                    <span>Hyper centre Saint-Georges-de-Didonne<\/span>\r\n                <\/div>\r\n                                        <span class=\"save like-icon tooltip left\" title=\"Login To Bookmark Items\"><\/span>\r\n                                                <\/div>\r\n        <\/a>\r\n                    <\/div>\r\n        \r\n\r\n        <!-- Listing Item \/ End -->\n                    <\/div>\n                                      <div class=\"fw-carousel-item\">                    \n                        <!-- Listing Item -->\r\n            <div class=\"col-lg-6 col-md-12\">\r\n                <a href=\"https:\/\/cparici.com\/en\/annonce\/appartement-face-mer\/\"  class=\"listing-item-container listing-geo-data compact\" \r\n\t\tdata-title=\"La Perrini\u00e8re Appartement face mer Royan\"\r\n\t\tdata-listing-type=\"rental\"\r\n\t\tdata-classifieds-price=\"\u20ac\"\r\n\t\tdata-friendly-address=\"royan\"\r\n\t\tdata-address=\"royan\"\r\n\t\tdata-image=\"https:\/\/cparici.com\/wp-content\/uploads\/2025\/05\/366880516.jpg\"\r\n\t\tdata-longitude=\"-1.0197084\"\r\n\t\tdata-latitude=\"45.6217724\"\r\n\t\t\t\t\tdata-rating=\"0\"\r\n\t\t\tdata-reviews=\"0\"\r\n\t\t\t\tdata-icon=\"<svg xmlns=&quot;http:\/\/www.w3.org\/2000\/svg&quot; width=&quot;800px&quot; height=&quot;800px&quot; viewBox=&quot;0 0 45 45&quot; fill=&quot;none&quot;>\n<path d=&quot;M24.155 8.78099L24.33 8.94499L37.402 21.787L36 23.213L34.2 21.445L34.201 35C34.201 36.054 33.385 36.918 32.35 36.994L32.201 37H12.201C11.147 37 10.283 36.184 10.206 35.149L10.201 35L10.2 21.446L8.402 23.213L7 21.787L20.058 8.95799C21.171 7.82199 22.966 7.75899 24.155 8.78099ZM21.569 10.285L21.473 10.372L12.2 19.481L12.201 35L17.2 34.999L17.201 25C17.201 23.946 18.017 23.082 19.052 23.005L19.201 23H25.201C26.255 23 27.119 23.816 27.196 24.851L27.201 25L27.2 34.999L32.201 35L32.2 19.48L22.901 10.344C22.537 9.98699 21.969 9.96499 21.569 10.285ZM25.201 25H19.201L19.2 34.999H25.2L25.201 25Z&quot; fill=&quot;#3C3C3C&quot;\/>\n<\/svg>\"\r\n\r\n\t>\r\n            <div class=\"listing-item  featured-listing\">\r\n                <div class=\"listing-small-badges-container\">\r\n                                            <div class=\"listing-small-badge featured-badge\"><i class=\"fa fa-star\"><\/i> Featured<\/div>\r\n                                                                <div class=\"listing-small-badge pricing-badge\"><i class=\"fa fa-tag\"><\/i>260.00\u20ac - 390.00\u20ac<\/div>\r\n                                                            \r\n                                        \r\n                                        \r\n                <\/div>\r\n                <img decoding=\"async\" src=\"https:\/\/cparici.com\/wp-content\/uploads\/2025\/05\/366880516.jpg\" alt=\"La Perrini\u00e8re Appartement face mer Royan\" class=\"listing-thumbnail\">\r\n                                \r\n\r\n                <div class=\"listing-item-content\">\r\n                    \r\n                    <h3> La Perrini\u00e8re Appartement face mer Royan <\/h3>\r\n                    <span>royan<\/span>\r\n                <\/div>\r\n                                        <span class=\"save like-icon tooltip left\" title=\"Login To Bookmark Items\"><\/span>\r\n                                                <\/div>\r\n        <\/a>\r\n                    <\/div>\r\n        \r\n\r\n        <!-- Listing Item \/ End -->\n                    <\/div>\n                                      <div class=\"fw-carousel-item\">                    \n                        <!-- Listing Item -->\r\n            <div class=\"col-lg-6 col-md-12\">\r\n                <a href=\"https:\/\/cparici.com\/en\/annonce\/villa-lucas-2-7-piscine-spa\/\"  class=\"listing-item-container listing-geo-data compact\" \r\n\t\tdata-title=\"Villa Lucas 2-7 Piscine-spa, Meschers sur Gironde\"\r\n\t\tdata-listing-type=\"rental\"\r\n\t\tdata-classifieds-price=\"\u20ac\"\r\n\t\tdata-friendly-address=\"Boulevard de la Falaise\"\r\n\t\tdata-address=\"Boulevard de la Falaise\"\r\n\t\tdata-image=\"https:\/\/cparici.com\/wp-content\/uploads\/2025\/01\/20200519_141942_01-1-edit-20230321171015-520x397.jpg\"\r\n\t\tdata-longitude=\"-0.9543354999999999\"\r\n\t\tdata-latitude=\"45.5547399\"\r\n\t\t\t\t\tdata-rating=\"5\"\r\n\t\t\tdata-reviews=\"12\"\r\n\t\t\t\tdata-icon=\"<svg xmlns=&quot;http:\/\/www.w3.org\/2000\/svg&quot; width=&quot;800px&quot; height=&quot;800px&quot; viewBox=&quot;0 0 45 45&quot; fill=&quot;none&quot;>\n<path d=&quot;M24.155 8.78099L24.33 8.94499L37.402 21.787L36 23.213L34.2 21.445L34.201 35C34.201 36.054 33.385 36.918 32.35 36.994L32.201 37H12.201C11.147 37 10.283 36.184 10.206 35.149L10.201 35L10.2 21.446L8.402 23.213L7 21.787L20.058 8.95799C21.171 7.82199 22.966 7.75899 24.155 8.78099ZM21.569 10.285L21.473 10.372L12.2 19.481L12.201 35L17.2 34.999L17.201 25C17.201 23.946 18.017 23.082 19.052 23.005L19.201 23H25.201C26.255 23 27.119 23.816 27.196 24.851L27.201 25L27.2 34.999L32.201 35L32.2 19.48L22.901 10.344C22.537 9.98699 21.969 9.96499 21.569 10.285ZM25.201 25H19.201L19.2 34.999H25.2L25.201 25Z&quot; fill=&quot;#3C3C3C&quot;\/>\n<\/svg>\"\r\n\r\n\t>\r\n            <div class=\"listing-item  \">\r\n                <div class=\"listing-small-badges-container\">\r\n                                                                <div class=\"listing-small-badge pricing-badge\"><i class=\"fa fa-tag\"><\/i>370.00\u20ac - 370.00\u20ac<\/div>\r\n                                                            \r\n                                        \r\n                                        \r\n                <\/div>\r\n                <img decoding=\"async\" src=\"https:\/\/cparici.com\/wp-content\/uploads\/2025\/01\/20200519_141942_01-1-edit-20230321171015-520x397.jpg\" alt=\"Villa Lucas 2-7 Piscine-spa, Meschers sur Gironde\" class=\"listing-thumbnail\">\r\n                \r\n\r\n                <div class=\"listing-item-content\">\r\n                                                <div class=\"numerical-rating\" data-rating=\"5.0\"><\/div>\r\n                    \r\n                    <h3> Villa Lucas 2-7 Piscine-spa, Meschers sur Gironde <\/h3>\r\n                    <span>Boulevard de la Falaise<\/span>\r\n                <\/div>\r\n                                        <span class=\"save like-icon tooltip left\" title=\"Login To Bookmark Items\"><\/span>\r\n                                                <\/div>\r\n        <\/a>\r\n                    <\/div>\r\n        \r\n\r\n        <!-- Listing Item \/ End -->\n                    <\/div>\n                                      <div class=\"fw-carousel-item\">                    \n                        <!-- Listing Item -->\r\n            <div class=\"col-lg-6 col-md-12\">\r\n                <a href=\"https:\/\/cparici.com\/en\/annonce\/le-douze\/\"  class=\"listing-item-container listing-geo-data compact\" \r\n\t\tdata-title=\"LE DOUZE\"\r\n\t\tdata-listing-type=\"rental\"\r\n\t\tdata-classifieds-price=\"\u20ac\"\r\n\t\tdata-friendly-address=\"41 ter rue de paradis\"\r\n\t\tdata-address=\"41 ter rue de paradis\"\r\n\t\tdata-image=\"https:\/\/cparici.com\/wp-content\/uploads\/2025\/03\/DSC06292-HDR-520x397.jpg\"\r\n\t\tdata-longitude=\"-1.1430937\"\r\n\t\tdata-latitude=\"45.7162024\"\r\n\t\t\t\t\tdata-rating=\"5\"\r\n\t\t\tdata-reviews=\"4\"\r\n\t\t\t\tdata-icon=\"<svg xmlns=&quot;http:\/\/www.w3.org\/2000\/svg&quot; width=&quot;800px&quot; height=&quot;800px&quot; viewBox=&quot;0 0 45 45&quot; fill=&quot;none&quot;>\n<path d=&quot;M24.155 8.78099L24.33 8.94499L37.402 21.787L36 23.213L34.2 21.445L34.201 35C34.201 36.054 33.385 36.918 32.35 36.994L32.201 37H12.201C11.147 37 10.283 36.184 10.206 35.149L10.201 35L10.2 21.446L8.402 23.213L7 21.787L20.058 8.95799C21.171 7.82199 22.966 7.75899 24.155 8.78099ZM21.569 10.285L21.473 10.372L12.2 19.481L12.201 35L17.2 34.999L17.201 25C17.201 23.946 18.017 23.082 19.052 23.005L19.201 23H25.201C26.255 23 27.119 23.816 27.196 24.851L27.201 25L27.2 34.999L32.201 35L32.2 19.48L22.901 10.344C22.537 9.98699 21.969 9.96499 21.569 10.285ZM25.201 25H19.201L19.2 34.999H25.2L25.201 25Z&quot; fill=&quot;#3C3C3C&quot;\/>\n<\/svg>\"\r\n\r\n\t>\r\n            <div class=\"listing-item  featured-listing\">\r\n                <div class=\"listing-small-badges-container\">\r\n                                            <div class=\"listing-small-badge featured-badge\"><i class=\"fa fa-star\"><\/i> Featured<\/div>\r\n                                                                <div class=\"listing-small-badge pricing-badge\"><i class=\"fa fa-tag\"><\/i>150.00\u20ac - 171.00\u20ac<\/div>\r\n                                                            \r\n                                        \r\n                                        \r\n                <\/div>\r\n                <img decoding=\"async\" src=\"https:\/\/cparici.com\/wp-content\/uploads\/2025\/03\/DSC06292-HDR-520x397.jpg\" alt=\"LE DOUZE\" class=\"listing-thumbnail\">\r\n                                \r\n\r\n                <div class=\"listing-item-content\">\r\n                                                <div class=\"numerical-rating\" data-rating=\"5.0\"><\/div>\r\n                    \r\n                    <h3> LE DOUZE <i class=\"verified-icon\"><\/i><\/h3>\r\n                    <span>41 ter rue de paradis<\/span>\r\n                <\/div>\r\n                                        <span class=\"save like-icon tooltip left\" title=\"Login To Bookmark Items\"><\/span>\r\n                                                <\/div>\r\n        <\/a>\r\n                    <\/div>\r\n        \r\n\r\n        <!-- Listing Item \/ End -->\n                    <\/div>\n                                      <div class=\"fw-carousel-item\">                    \n                        <!-- Listing Item -->\r\n            <div class=\"col-lg-6 col-md-12\">\r\n                <a href=\"https:\/\/cparici.com\/en\/annonce\/cottage-de-lulu-avec-spa\/\"  class=\"listing-item-container listing-geo-data compact\" \r\n\t\tdata-title=\"Cottage de Lulu avec Spa Meschers sur Gironde\"\r\n\t\tdata-listing-type=\"rental\"\r\n\t\tdata-classifieds-price=\"\u20ac\"\r\n\t\tdata-friendly-address=\"300m des Grottes de R\u00e9gulus\"\r\n\t\tdata-address=\"300m des Grottes de R\u00e9gulus\"\r\n\t\tdata-image=\"https:\/\/cparici.com\/wp-content\/uploads\/2025\/12\/spa-du-cottage-de-lulu-location-vacances-meschers-520x397.jpg\"\r\n\t\tdata-longitude=\"-0.9544389999999999\"\r\n\t\tdata-latitude=\"45.554722\"\r\n\t\t\t\t\tdata-rating=\"5\"\r\n\t\t\tdata-reviews=\"12\"\r\n\t\t\t\tdata-icon=\"<svg xmlns=&quot;http:\/\/www.w3.org\/2000\/svg&quot; width=&quot;800px&quot; height=&quot;800px&quot; viewBox=&quot;0 0 45 45&quot; fill=&quot;none&quot;>\n<path d=&quot;M24.155 8.78099L24.33 8.94499L37.402 21.787L36 23.213L34.2 21.445L34.201 35C34.201 36.054 33.385 36.918 32.35 36.994L32.201 37H12.201C11.147 37 10.283 36.184 10.206 35.149L10.201 35L10.2 21.446L8.402 23.213L7 21.787L20.058 8.95799C21.171 7.82199 22.966 7.75899 24.155 8.78099ZM21.569 10.285L21.473 10.372L12.2 19.481L12.201 35L17.2 34.999L17.201 25C17.201 23.946 18.017 23.082 19.052 23.005L19.201 23H25.201C26.255 23 27.119 23.816 27.196 24.851L27.201 25L27.2 34.999L32.201 35L32.2 19.48L22.901 10.344C22.537 9.98699 21.969 9.96499 21.569 10.285ZM25.201 25H19.201L19.2 34.999H25.2L25.201 25Z&quot; fill=&quot;#3C3C3C&quot;\/>\n<\/svg>\"\r\n\r\n\t>\r\n            <div class=\"listing-item  \">\r\n                <div class=\"listing-small-badges-container\">\r\n                                                                <div class=\"listing-small-badge pricing-badge\"><i class=\"fa fa-tag\"><\/i>85.00\u20ac - 150.00\u20ac<\/div>\r\n                                                            \r\n                                        \r\n                                        \r\n                <\/div>\r\n                <img decoding=\"async\" src=\"https:\/\/cparici.com\/wp-content\/uploads\/2025\/12\/spa-du-cottage-de-lulu-location-vacances-meschers-520x397.jpg\" alt=\"Cottage de Lulu avec Spa Meschers sur Gironde\" class=\"listing-thumbnail\">\r\n                \r\n\r\n                <div class=\"listing-item-content\">\r\n                                                <div class=\"numerical-rating\" data-rating=\"5.0\"><\/div>\r\n                    \r\n                    <h3> Cottage de Lulu avec Spa Meschers sur Gironde <\/h3>\r\n                    <span>300m des Grottes de R\u00e9gulus<\/span>\r\n                <\/div>\r\n                                        <span class=\"save like-icon tooltip left\" title=\"Login To Bookmark Items\"><\/span>\r\n                                                <\/div>\r\n        <\/a>\r\n                    <\/div>\r\n        \r\n\r\n        <!-- Listing Item \/ End -->\n                    <\/div>\n                          <\/div>\n        \t\t\t\t<\/div>\n\t\t\t\t<\/div>\n\t\t\t\t\t<\/div>\n\t\t\t\t<\/aside>\n\t\t<div class=\"elementor-element elementor-element-f00637a e-flex e-con-boxed e-con e-parent\" data-id=\"f00637a\" data-element_type=\"container\" data-e-type=\"container\">\n\t\t\t\t\t<div class=\"e-con-inner\">\n\t\t\t\t<div class=\"elementor-element elementor-element-a54fb7f elementor-widget elementor-widget-text-editor\" data-id=\"a54fb7f\" data-element_type=\"widget\" data-e-type=\"widget\" data-widget_type=\"text-editor.default\">\n\t\t\t\t\t\t\t\t\t<p>\u00a0<\/p><h2 style=\"text-align: center;\"><span style=\"font-size: 14pt;\">Les Plages de Royan<\/span><\/h2><p><span style=\"font-size: 12pt;\">D\u00e9couvrez les Plages de Royan sur la c\u00f4te de beaut\u00e9 Conches, criques, longues plages de sable, plages cach\u00e9es. Cette section vous fera d\u00e9couvrir les plus belles plages de Royan et de ses environs. Voici ce que vous y trouverez :<\/span><\/p><h3><strong>Les longues plages de sable fin<\/strong><\/h3><p><span style=\"font-size: 12pt;\">La plage la plus connue est celle de <a href=\"https:\/\/cparici.com\/fr\/plage-de-royan-cote-de-beaute\/\">la Grande Conche<\/a> dans la ville de Royan. La plage de St Georges de Didonne est \u00e9galement une longue plage de sable qui convient aux familles.<\/span><\/p><h4>Plage de la Grande Conche<\/h4><p><span style=\"font-size: 12pt;\"><strong>La plage de Royan<\/strong> appel\u00e9e la plage de la Grande conche est situ\u00e9e \u00e0 Royan, en Charente Maritime, et est sans doute l\u2019une des plus belles plages de la ville pour les familles. Il existe de nombreuses activit\u00e9s de plage comme le char \u00e0 voile, par exemple\u2026 La plage de la Grande Conche s\u2019\u00e9tend sur 2600 m\u00e8tres, et en haute saison, il y a de la place pour tout le monde.<\/span><\/p><figure id=\"attachment_14525\" aria-describedby=\"caption-attachment-14525\" style=\"width: 1521px\" class=\"wp-caption aligncenter\"><a href=\"https:\/\/cparici.com\/wp-content\/uploads\/2020\/09\/plage-royan-cote-de-beaute-banniere.jpg\"><img decoding=\"async\" class=\"size-full wp-image-14525\" src=\"https:\/\/cparici.com\/wp-content\/uploads\/2020\/09\/plage-royan-cote-de-beaute-banniere.jpg\" alt=\"royan plage photo de la plage a mar\u00e9e basse\" width=\"1521\" height=\"394\" srcset=\"https:\/\/cparici.com\/wp-content\/uploads\/2020\/09\/plage-royan-cote-de-beaute-banniere.jpg 1521w, https:\/\/cparici.com\/wp-content\/uploads\/2020\/09\/plage-royan-cote-de-beaute-banniere-600x155.jpg 600w, https:\/\/cparici.com\/wp-content\/uploads\/2020\/09\/plage-royan-cote-de-beaute-banniere-768x198.jpg 768w\" sizes=\"(max-width: 1521px) 100vw, 1521px\" \/><\/a><figcaption id=\"caption-attachment-14525\" class=\"wp-caption-text\">royan plage photo de la plage de la grande conche a mar\u00e9e basse<\/figcaption><\/figure><p><span style=\"font-size: 12pt;\">C\u2019est l\u2019endroit id\u00e9al pour se d\u00e9tendre et prendre le soleil, seul ou en famille. Il est facile de s\u2019y rendre dans la ville de Royan en marchant ou en se garant aux nombreux parkings qui se trouvent \u00e0 proximit\u00e9.<\/span><\/p><p><span style=\"font-size: 12pt;\">\u00a0Depuis la plage, vous pouvez vous rendre \u00e0 pied \u00e0 St Georges de Didonne, et vous d\u00e9tendre sur sa plage familiale. Vous pouvez \u00e9galement marcher jusqu\u2019au centre ville de Royan et faire du shopping ou d\u00e9guster une boisson alcoolis\u00e9e. Vous pouvez \u00e9galement aller \u00e0 Meschers sur Gironde.\u00a0<\/span><\/p><h4>La plage de Saint Georges de Didonne<\/h4><p><span style=\"font-size: 12pt;\"><strong>La plage de St Georges de Didonne<\/strong> est une <a href=\"https:\/\/cparici.com\/fr\/plage-de-st-georges-de-didonne\/\">longue plage de sable fin situ\u00e9e \u00e0 Saint Georges de Didonne<\/a>, en Charente Maritime, sur la c\u00f4te de beaut\u00e9. Cette plage est parfaite pour les familles. Il n\u2019y a pas beaucoup de vagues. C\u2019est parfait pour les enfants qui sont jeunes. Il y a la possibilit\u00e9 de pratiquer des sports de voile et des sports nautiques. Sur la plage, vous pouvez disposer de postes de secours et de toilettes. Aussi, \u00e0 proximit\u00e9 imm\u00e9diate, vous trouverez le club nautique de St Georges, un man\u00e8ge et des commerces (bars glaciers, bars restaurants, etc\u2026)<\/span><\/p><p><span style=\"font-size: 12pt;\"><strong>Le rivage de Saint Georges de Didonne<\/strong> s\u2019\u00e9tend de la Pointe de Suzac, avec l\u2019ancienne accrobranche, situ\u00e9e pr\u00e8s des parcs de l\u2019estuaire et au centre de la mer pr\u00e8s du phare de Vallieres et du port de plaisance de Saint Georges.<\/span><\/p><figure id=\"attachment_13704\" aria-describedby=\"caption-attachment-13704\" style=\"width: 800px\" class=\"wp-caption aligncenter\"><a href=\"https:\/\/cparici.com\/wp-content\/uploads\/2021\/04\/plage-de-st-georges-4.jpg\"><img decoding=\"async\" class=\"wp-image-13704 size-full\" src=\"https:\/\/cparici.com\/wp-content\/uploads\/2021\/04\/plage-de-st-georges-4.jpg\" alt=\"estuaire de la gironde charente maritime - grande plage de St Georges de didonne\" width=\"800\" height=\"533\" srcset=\"https:\/\/cparici.com\/wp-content\/uploads\/2021\/04\/plage-de-st-georges-4.jpg 800w, https:\/\/cparici.com\/wp-content\/uploads\/2021\/04\/plage-de-st-georges-4-600x399.jpg 600w, https:\/\/cparici.com\/wp-content\/uploads\/2021\/04\/plage-de-st-georges-4-768x511.jpg 768w, https:\/\/cparici.com\/wp-content\/uploads\/2021\/04\/plage-de-st-georges-4-120x80.jpg 120w\" sizes=\"(max-width: 800px) 100vw, 800px\" \/><\/a><figcaption id=\"caption-attachment-13704\" class=\"wp-caption-text\">La grande plage de Saint Georges de Didonne \u00e0 proximit\u00e9 de Royan<\/figcaption><\/figure><h3>\u00a0<\/h3><h3><strong>Les plages au nord de Royan<\/strong><\/h3><p><span style=\"font-size: 12pt;\">Plus au nord, on trouve de petites conches \u2013 plages encadr\u00e9es par des falaises et des rochers comme la plage de Foncillon, la plage de Chay, la plage de Pontaillac, la plage de Nauzan ainsi que la plage des bureaux situ\u00e9e \u00e0 St Palais sur Mer.<\/span><\/p><h4>La plage de Pontaillac \u00e0 Royan<\/h4><p><span style=\"font-size: 12pt;\"><strong>La plage de Pontaillac <\/strong>\u00a0est une <a href=\"https:\/\/cparici.com\/fr\/plage-de-pontaillac-a-royan\/\">excellente plage de sable fin de 400 m\u00e8tres de long<\/a>. Elle est fr\u00e9quent\u00e9e et admir\u00e9e par les habitants comme par les touristes. Elle est situ\u00e9e sur la commune de Pontaillac situ\u00e9e juste au nord de la ville de Royan et se trouve dans les limites de la commune de Vaux Sur Mer.<\/span><\/p><p><span style=\"font-size: 12pt;\">\u00a0Elle est situ\u00e9e dans une zone urbaine comprenant le Casino de Royan et deux \u00e9tablissements de restauration situ\u00e9s dans sa partie centrale et de part et d\u2019autre des maisons \u00e0 l\u2019architecture impressionnante et des rochers qui forment les falaises.Il est possible de nager dans la zone, la baignade \u00e9tant surveill\u00e9e pendant les mois de juillet et ao\u00fbt. Mais il est \u00e9galement possible de s\u2019essayer au bodyboard ou au surf, l\u2019endroit \u00e9tant reconnu par les surfeurs comme un lieu de repli en cas de grosses vagues. La promenade qui longe la c\u00f4te de Pontaillac a \u00e9t\u00e9 r\u00e9nov\u00e9e et offre une vue spectaculaire sur la r\u00e9gion.<\/span><\/p><figure id=\"attachment_12554\" aria-describedby=\"caption-attachment-12554\" style=\"width: 800px\" class=\"wp-caption aligncenter\"><a href=\"https:\/\/cparici.com\/wp-content\/uploads\/2021\/02\/pontaillac-7.jpg\"><img decoding=\"async\" class=\"wp-image-12554 size-full\" title=\"Plage de Pontaillac a Royan - surf et casino\" src=\"https:\/\/cparici.com\/wp-content\/uploads\/2021\/02\/pontaillac-7.jpg\" alt=\"Plage de Pontaillac a Royan - d\u00e9couverte surf et casino\" width=\"800\" height=\"533\" srcset=\"https:\/\/cparici.com\/wp-content\/uploads\/2021\/02\/pontaillac-7.jpg 800w, https:\/\/cparici.com\/wp-content\/uploads\/2021\/02\/pontaillac-7-600x399.jpg 600w, https:\/\/cparici.com\/wp-content\/uploads\/2021\/02\/pontaillac-7-768x511.jpg 768w, https:\/\/cparici.com\/wp-content\/uploads\/2021\/02\/pontaillac-7-120x80.jpg 120w\" sizes=\"(max-width: 800px) 100vw, 800px\" \/><\/a><figcaption id=\"caption-attachment-12554\" class=\"wp-caption-text\">Plage de Pontaillac a Royan \u2013 surf et casino<\/figcaption><\/figure><p><span style=\"font-size: 12pt;\">\u00a0<\/span><\/p><p><span style=\"font-size: 12pt;\">Il y a \u00e9galement un club pour enfants ainsi qu\u2019un club de voile et de surf, et des transats sont disponibles \u00e0 la location pendant la saison. Il y a \u00e9galement un terrain de p\u00e9tanque \u00e0 l\u2019ouest. De l\u2019autre c\u00f4t\u00e9 de la route se trouve un mini-golf de 18 trous.<\/span><br \/><span style=\"font-size: 12pt;\">\u00a0Sur la partie oppos\u00e9e de la route, qui longe la plage, on peut se promener et profiter des terrasses des restaurants, bars et glaciers. Veuillez noter que les animaux ne sont pas autoris\u00e9s. Il est facile de rejoindre le front de mer de Royan depuis la plage de Pontaillac ou de Vaux Sur Mer.<\/span><\/p><h4>\u00a0Plage de Nauzan<\/h4><p><span style=\"font-size: 12pt;\">La <strong>plage de Nauzan \u00e0 Vaux sur Mer<\/strong> est situ\u00e9e le long du magnifique littoral de la Charente Maritime, aussi appel\u00e9e la plage de Vaux sur Mer est situ\u00e9e sur les communes de Vaux sur Mer et Saint Palais sur Mer. C\u2019est la plage la plus longue et la plus large de la ville de Vaux sur Mer.<\/span><\/p><p><span style=\"font-size: 12pt;\">\u00a0C\u2019est une plage familiale qui est tr\u00e8s populaire pendant les mois d\u2019\u00e9t\u00e9. Il s\u2019agit en fait d\u2019une crique inhabit\u00e9e qui est entour\u00e9e de falaises rocheuses.<\/span><\/p><p><span style=\"font-size: 12pt;\">\u00a0Elle est c\u00e9l\u00e8bre pour ses vagues et les surfeurs sont nombreux lorsque la houle devient trop importante sur cette c\u00f4te sauvage. La plage est surveill\u00e9e pendant la saison et dispose \u00e9galement d\u2019une \u00e9cole de voile. De plus, la partie gauche de la plage est r\u00e9serv\u00e9e aux activit\u00e9s sur l\u2019eau. Une activit\u00e9 pour les enfants est \u00e9galement pr\u00e9vue pendant la haute saison.<\/span><\/p><p><span style=\"font-size: 12pt;\">\u00a0La plage dispose \u00e9galement d\u2019une promenade, o\u00f9 se tiennent des march\u00e9s nocturnes ainsi que des concerts. Sur la plage, vous pourrez d\u00e9couvrir le c\u00e9l\u00e8bre restaurant et bar \u201cla maison blanche\u201d, appr\u00e9ci\u00e9 pour son ambiance festive. Les Conches sont entour\u00e9es d\u2019un sentier de promenade qui \u00e9tait auparavant la route des douanes.<\/span><\/p><h4>\u00a0Plage de Saint Palais sur Mer<\/h4><p><span style=\"font-size: 12pt;\"><strong>Les plages de Saint-Palais sur Mer<\/strong> sur la plage de la splendeur situ\u00e9 en Charente Maritime, \u00e9galement appel\u00e9 <a href=\"https:\/\/cparici.com\/fr\/plage-de-saint-palais-sur-mer\/\"><strong>la plage du bureau<\/strong> est situ\u00e9 dans le centre de la ville<\/a>, il est reconnu pour son endroit parfait pour le shopping, les loisirs et le shopping, mais aussi pour son paysage de falaises, de rochers, et de maisons \u00e9tonnantes, impressionnant par leur architecture, qui remonte \u00e0 la Belle Epoque dans la majorit\u00e9.<\/span><\/p><p><span style=\"font-size: 12pt;\">\u00a0La plage est une belle plage de sable fin qui est surveill\u00e9e pendant les mois d\u2019\u00e9t\u00e9 et offre toutes les commodit\u00e9s accessibles aux handicap\u00e9s : douche, toilettes, piscine et club pour enfants, par exemple\u2026 Cependant, les chiens ne sont pas admis et les sports nautiques ne sont pas autoris\u00e9s.<\/span><\/p><p><span style=\"font-size: 12pt;\">\u00a0A proximit\u00e9 de la plage du bureau se trouvent la plage du Platin et le Pont du Diable, mais aussi la plage de Concie, aussi appel\u00e9e la c\u00f4te immense. Vous passerez un excellent moment en famille \u00e0 la plage de Saint Palais sur Mer.<\/span><\/p><h3><strong>Les plages de la c\u00f4te sauvage\u00a0<\/strong><\/h3><p><span style=\"font-size: 12pt;\">Ensuite, il y a les plages de la Grande Cote : les longues plages, qui sont plus vuln\u00e9rables aux \u00e9l\u00e9ments et \u00e0 la houle. Au nord, se trouvent les rivages de la c\u00f4te sauvage o\u00f9 la baignade peut \u00eatre plus risqu\u00e9e.<\/span><\/p><p><span style=\"font-size: 12pt;\">\u00a0\u00a0 <strong><a href=\"https:\/\/cparici.com\/fr\/la-cote-sauvage-en-charente-maritime\/\">La c\u00f4te sauvage<\/a> est <\/strong>la partie de la c\u00f4te qui part de la Pointe de la Coubre, pr\u00e8s de la limite de la commune Les Mathes La Palmyre et qui s\u2019\u00e9tend et se poursuit jusqu\u2019\u00e0 la pointe d\u2019Espagne, pr\u00e8s de la ville de Ronce les Bains, sur la commune de <a href=\"https:\/\/cparici.com\/fr\/st_location\/vacances-la-tremblade-en-direct\/\">La Tremblade<\/a>.<\/span><\/p><p><span style=\"font-size: 12pt;\">\u00a0Ce littoral est compos\u00e9 d\u2019une plage dont la longueur s\u2019\u00e9tend sur 20 kilom\u00e8tres, et en arri\u00e8re-plan, de nombreuses dunes ainsi que <a href=\"https:\/\/cparici.com\/fr\/la-foret-de-la-coubre-a-la-tremblade\/\">les immenses for\u00eats de La Coubre<\/a>.<\/span><\/p><p><span style=\"font-size: 12pt;\">\u00a0La c\u00f4te sauvage se trouve \u00e0 l\u2019extr\u00e9mit\u00e9 ouest de la presqu\u2019\u00eele d\u2019Arvert, ce qui la rend plus vuln\u00e9rable \u00e0 la houle et aux courants marins. C\u2019est un endroit populaire pour la planche \u00e0 voile et le kite surf. Il est important de mentionner que la c\u00f4te sauvage est une zone dangereuse, notamment pour la baignade qui n\u2019est pas recommand\u00e9e ainsi que pour le surf, comme la plage qui se trouve pr\u00e8s du <a href=\"https:\/\/cparici.com\/fr\/le-phare-de-la-coubre-a-la-tremblade\/\">phare de La Coubre<\/a>.<\/span><\/p><p><span style=\"font-size: 12pt;\">\u00a0La plage de sable qui s\u2019\u00e9tend du nord au sud de la c\u00f4te de beaut\u00e9 est divis\u00e9e en sections num\u00e9rot\u00e9es et est situ\u00e9e \u00e0 environ 15 kilom\u00e8tres au nord de la ville de Royan. Elle est accessible par les villes de Ronce les Bains, La Tremblade et aussi Saint Palais sur Mer ou Vaux sur Mer. Dans les villes de Meschers sur Gironde, ou Saint Georges de Didonne, le trajet sera un peu plus long, surtout en haute saison, quand il y a l\u2019abondance touristique.<\/span><\/p><p><span style=\"font-size: 12pt;\">\u00a0Pour aller \u00e0 la c\u00f4te dans son \u00e9tat sauvage, il est possible d\u2019utiliser la piste cyclable qui traverse la for\u00eat de la Coubre et longe la c\u00f4te, ou de profiter de la route d\u00e9partementale 25, qui offre de nombreuses vues sur la c\u00f4te.<\/span><\/p><h4>La c\u00f4te sauvage<\/h4><p><span style=\"font-size: 12pt;\">En r\u00e9alit\u00e9, on devrait parler de la <strong>plage de la c\u00f4te sauvage<\/strong> car la plage s\u2019\u00e9tend sur plus de 20 kilom\u00e8tres entre la ville de La Palmyre et la ville de Ronce-les-Bains.<\/span><\/p><p><span style=\"font-size: 12pt;\">\u00a0La belle plage est segment\u00e9e en sections, qui sont num\u00e9rot\u00e9es, ce qui la rend facile \u00e0 trouver. Les plages sont bien connues des habitants pour leurs caract\u00e9ristiques distinctes. Par exemple, la plage 46 dispose d\u2019une aire de stationnement et est facilement accessible par la dune. Vous n\u2019avez pas besoin de voyager loin. La 46 est \u00e9galement connue pour \u00eatre un spot de surf populaire, tout comme la 44.<\/span><\/p><p><span style=\"font-size: 12pt;\">\u00a0Vous pouvez rejoindre les plages de la cote sauvage depuis les villes de Ronce les Bains, La Tremblade et Saint Palais sur Mer ou Vaux sur Mer. Si vous partez de la ville de Meschers sur Gironde, ou de Saint Georges de Didonne, vous aurez un peu plus de temps de trajet, et au plus fort de l\u2019\u00e9t\u00e9 avec les touristes, cela peut prendre un peu plus de temps.<\/span><\/p><p><span style=\"font-size: 12pt;\">\u00a0La c\u00f4te sauvage est situ\u00e9e dans l\u2019oc\u00e9an et n\u2019est pas prot\u00e9g\u00e9e par des \u00eeles ou l\u2019entr\u00e9e de l\u2019estuaire comme d\u2019autres plages de Ryan. Elle est donc soumise aux courants et \u00e0 la houle.<\/span><\/p><p><span style=\"font-size: 12pt;\">\u00a0C\u2019est donc un endroit r\u00e9put\u00e9 pour la pratique du windsurf, du kite surf ou de la planche \u00e0 voile (\u00e0 un degr\u00e9 moindre).<\/span><\/p><p><span style=\"font-size: 12pt;\">\u00a0Sachez que la baignade sur les plages sauvages de la c\u00f4te peut \u00eatre risqu\u00e9e en raison du courant et des vagues.<\/span><\/p><h3><strong>Les plages de l\u2019estuaire de la Gironde<\/strong><\/h3><p><span style=\"font-size: 12pt;\">Au sud, les plages de l\u2019estuaire de la Gironde sont \u00e9galement situ\u00e9es entre des grottes troglodytes et des falaises, id\u00e9ales pour les familles.<\/span><\/p><p><span style=\"font-size: 12pt;\"><strong>L\u2019estuaire de la Gironde est <\/strong>un estuaire situ\u00e9 dans le sud-ouest de la France et constitue la ligne de s\u00e9paration entre deux d\u00e9partements que sont la Charente Maritime au nord et la Gironde au sud. L\u2019estuaire de la Gironde partage une fronti\u00e8re commune avec deux rivi\u00e8res qui sont la Garonne ainsi que la Dordogne.\u00a0Les rives de la Gironde ont une histoire riche et vari\u00e9e et constituent un patrimoine important, notamment des b\u00e2timents et sites historiques et des espaces naturels pr\u00e9serv\u00e9s. Cependant, l\u2019estuaire est vivant, gr\u00e2ce aux activit\u00e9s de p\u00eache et au transport des bateaux dans le port de Bordeaux et aux activit\u00e9s touristiques comme les bateaux de plage et de plaisance\u2026<\/span><\/p><h4>La plage des Nonnes<\/h4><p><span style=\"font-size: 12pt;\"><strong>La plage des Nonnes<\/strong> est <a href=\"https:\/\/cparici.com\/fr\/plage-des-nonnes-meschers\/\">l\u2019une des plages les plus connues de Mescher<\/a>s. Elle est situ\u00e9e entre les plages des Vergnes et la conque de Cadet et dispose d\u2019un centre de voile ainsi que de deux bars-restaurants, dont le c\u00e9l\u00e8bre Bikki Beach qui \u00e9tait auparavant le Tina\u2019s Cafe. On y pratique \u00e9galement des activit\u00e9s nautiques, dont le cercle de la mer de Meschers.<\/span><\/p><p><span style=\"font-size: 12pt;\">\u00a0Autour de la plage des Nonnes, on trouve la plage des Vergnes, et la plus petite plage de l\u2019Arneche, ainsi que l\u2019anse de Cadet, o\u00f9 la l\u00e9gende dit que Cadet \u00e9tait un pirate qui \u00e9tait capable d\u2019attirer les navires sur les rochers pour leur voler leurs tr\u00e9sors.<\/span><\/p><p><span style=\"font-size: 12pt;\">\u00a0\u00c0 quelques minutes de la plage, il est \u00e9galement possible de visiter le centre de la ville, qui est centr\u00e9 autour de l\u2019\u00e9glise locale de Meschers dans laquelle vous pouvez trouver le march\u00e9 ainsi que quelques magasins et restaurants accessibles \u00e0 pied. L\u2019endroit est tr\u00e8s anim\u00e9 pendant les mois d\u2019\u00e9t\u00e9.<\/span><\/p><p><span style=\"font-size: 12pt;\">\u00a0Depuis l\u2019\u00e9glise, il est facile de se rendre au port de Meschers et aussi de monter sur les falaises de Meschers pour trouver les fameux carrelets. A proximit\u00e9 se trouve la plage des Nonnes ainsi que la plage des Vergnes et la petite plage de l\u2019Arneche.<\/span><\/p><h4>La plage de l\u2019Arneche<\/h4><p><span style=\"font-size: 12pt;\"><strong>La plage de l\u2019Arneche<\/strong> est situ\u00e9e pr\u00e8s de la route c\u00f4ti\u00e8re qui traverse l\u2019estuaire de la Gironde entre Meschers et Sainte Georges. C\u2019est une petite crique, et l\u2019acc\u00e8s n\u2019est pas facile.<\/span><\/p><p><span style=\"font-size: 12pt;\">\u00a0La plage est une minuscule plage de sable, situ\u00e9e dans une anse qui est entour\u00e9e par les falaises de for\u00eat calcaire qui sont typiques des rives de l\u2019estuaire de la Gironde.<\/span><\/p><p><span style=\"font-size: 12pt;\">\u00a0Elle est situ\u00e9e pr\u00e8s de la plage de Vergnes et de la plage de Suzac, \u00e0 l\u2019extr\u00e9mit\u00e9 de la for\u00eat de Suzac.<\/span><\/p><p><span style=\"font-size: 12pt;\">\u00a0A proximit\u00e9 de cette crique, vous d\u00e9couvrirez la c\u00e9l\u00e8bre plage de Suzac. Si vous vous dirigez vers Meschers, vous trouverez la plage des Nonnes et sa fameuse plage de bikki ainsi que l\u2019anse Cadet qui est litt\u00e9ralement entour\u00e9e par les falaises qui s\u2019\u00e9l\u00e8vent.<\/span><\/p><p><span style=\"font-size: 12pt;\">\u00a0Le chemin qui m\u00e8ne \u00e0 la plage n\u2019est pas facile, mais on peut y arriver par un sentier en mont\u00e9e, et il faut monter les marches pour acc\u00e9der \u00e0 la plage de sable ou aux rochers.<\/span><\/p><h2 style=\"text-align: center;\"><span style=\"font-size: 14pt;\">Autour de Royan<\/span><\/h2><h3>La Palmyre<\/h3><p><span style=\"font-size: 12pt;\"><strong>La Palmyre pr\u00e8s de St Palais sur Mer <\/strong>est une zone touristique qui fait partie de la commune des Mathes- La Palmyre est situ\u00e9e en Charente Maritime, au nord de Royan et \u00e0 l\u2019entr\u00e9e de la for\u00eat de La Coubre.<\/span><\/p><p><span style=\"font-size: 12pt;\">\u00a0En \u00e9t\u00e9, c\u2019est une r\u00e9gion tr\u00e8s anim\u00e9e, qui b\u00e9n\u00e9ficie d\u2019une position id\u00e9ale dans la baie de Bonne Anse, au d\u00e9but de la c\u00f4te sauvage et de ses longues plages de sable r\u00e9put\u00e9es pour leurs vagues. La Palmyre est \u00e9galement l\u2019endroit id\u00e9al pour commencer des randonn\u00e9es en VTT dans les for\u00eats de la Coubre.<\/span><\/p><p><span style=\"font-size: 12pt;\">\u00a0Il est possible de <a href=\"https:\/\/cparici.com\/fr\/zoo-de-la-palmyre-pres-de-royan\/\">visiter le zoo de La Palmyre<\/a>, mais aussi de profiter des infrastructures de loisirs : le golf de La Palmyre, le club nautique, la plage, etc\u2026<\/span><\/p><p><span style=\"font-size: 12pt;\">\u00a0Depuis La Palmyre, vous \u00eates \u00e0 quelques minutes de St Palais sur Mer, Pontaillac, Royan ainsi que des villes de St Georges de Didonne, Meschers sur Gironde, Talmont ainsi que de l\u2019estuaire de la Gironde.<\/span><\/p><p><span style=\"font-size: 12pt;\">\u00a0A proximit\u00e9 se trouve le c\u00e9l\u00e8bre phare de La Coubre, facilement accessible en v\u00e9lo -en empruntant la piste cyclable en direction de Ronce-les-Bains qui traverse la c\u00f4te et la zone foresti\u00e8re de La Coubre-, ou en voiture, avec la possibilit\u00e9 de se garer sur le parking pr\u00e9vu \u00e0 cet effet. Le phare de La Coubre, vous pouvez visiter le mus\u00e9e et ensuite vous d\u00e9tendre sur la plage \u00e0 proximit\u00e9.<\/span><\/p><p><span style=\"font-size: 12pt;\"><strong>Le zoo de La Palmyre pr\u00e8s de Royan<\/strong> est un parc animalier situ\u00e9 en Charente Maritime.<\/span><\/p><p><span style=\"font-size: 12pt;\">\u00a0Le zoo de La Palmyre est situ\u00e9 sur la commune des Mathes, et plus pr\u00e9cis\u00e9ment dans le quartier (la ville) de La Palmyre, entre les communes de Saint Palais sur Mer et la ville de La Tremblade.<\/span><\/p><p><span style=\"font-size: 12pt;\">\u00a0Depuis Royan, vous pouvez emprunter la route c\u00f4ti\u00e8re puis traverser Pontaillac, Vaux sur Mer et Saint Palais sur Mer puis la D25 et choisir la D25 G qui contourne la ville de Royan.<\/span><\/p><p><span style=\"font-size: 12pt;\">\u00a0Lorsque vous arrivez sur l\u2019\u00eele d\u2019Ol\u00e9ron, de La Tremblade, ou de Ronce-les-bains, vous pouvez emprunter la route du littoral qui suit la c\u00f4te sauvage et traverse la for\u00eat de La Coubre.<\/span><\/p><p><span style=\"font-size: 12pt;\">\u00a0Il y a deux grands parkings pr\u00e8s du zoo : le premier est situ\u00e9 du c\u00f4t\u00e9 de La Palmyre et le second du c\u00f4t\u00e9 de Saint Palais sur Mer. Le parking est gratuit.<\/span><\/p><p><span style=\"font-size: 12pt;\">\u00a0Le zoo abrite plus de 1600 animaux de 110 esp\u00e8ces, dont 28 primates. Le zoo s\u2019enorgueillit de plus de 200 naissances par an. Vous pouvez voir des reptiles, des mammif\u00e8res et des oiseaux. Il est difficile de d\u00e9crire toutes les esp\u00e8ces d\u2019animaux que vous pouvez voir, mais nous mentionnerons l\u2019alpaga et le singe du Poitou, le bison d\u2019Am\u00e9rique et le gu\u00e9pard, ainsi que le gorille des plaines de l\u2019Ouest, l\u2019hippopotame, le lynx et le chien sauvage, et ainsi de suite\u2026<\/span><\/p><p><span style=\"font-size: 12pt;\">\u00a0Au sein de l\u2019avifaune n\u2019oublions pas l\u2019ara, l\u2019autruche, le cacato\u00e8s, la cigogne, la grue, le flamant rose l\u2019ibis, le manchot du Cap, etc\u2026<\/span><\/p><p><span style=\"font-size: 12pt;\">\u00a0Dans la section des reptiles nous citerons le boa constrictor ainsi que l\u2019anaconda vert le crocodile du nil l\u2019iguane vert, le python royal\u2026<\/span><\/p><p><span style=\"font-size: 12pt;\">\u00a0La Palmyre un endroit id\u00e9al pour emmener les parents avec de jeunes enfants. C\u2019est une alternative agr\u00e9able pour passer un long moment sur les plages de la Grande Conche ou sur les plages de la c\u00f4te sauvage. C\u2019est aussi un excellent compl\u00e9ment au parc Planet Exotica. Des activit\u00e9s p\u00e9dagogiques sont pr\u00e9vues tout au long de la journ\u00e9e et des \u00e9tablissements de restauration rapide permettent aux clients de se restaurer sur place.<\/span><\/p><p><span style=\"font-size: 12pt;\">\u00a0Pour en savoir plus, n\u2019h\u00e9sitez pas \u00e0 vous rendre sur le site Internet du parc ou chez l\u2019un de ses partenaires de l\u2019\u00e9tablissement.<\/span><\/p><p><span style=\"font-size: 12pt;\">\u00a0Le Zoo de La Palmyre est ouvert tous les jours de 9h00 \u00e0 19h00? le zoo est ouvert toute l\u2019ann\u00e9e, y compris les jours f\u00e9ri\u00e9s.<\/span><\/p><p><span style=\"font-size: 12pt;\">\u00a0En 2022, pour aller au zoo de La Palmyre pr\u00e8s de Royan, le co\u00fbt est de 19 euros pour un adulte et de 15 euros pour les enfants de trois \u00e0 douze ans. Gratuit pour les enfants de moins de trois ans.<\/span><\/p><h3>\u00a0Saint Palais sur Mer<\/h3><p><span style=\"font-size: 12pt;\">St Palais Sur Mer est une charmante ville situ\u00e9e au bord de l\u2019eau, avec une vue sur le c\u00e9l\u00e8bre phare de Cordouan, et id\u00e9alement situ\u00e9e entre Royan, Pontaillac, Vaux-Sur-Mer et La Tremblade, Ronce-les-Bains. De St Palais Sur Mer, vous pouvez facilement acc\u00e9der aux plages sauvages du littoral, et vous d\u00e9tendre sur les plages naturelles ainsi que sur les vagues de l\u2019Oc\u00e9an.<\/span><\/p><p><span style=\"font-size: 12pt;\">La ville de Saint Palais sur Mer se distingue par ses maisons typiques pr\u00e9serv\u00e9es de la seconde guerre mondiale, ainsi que par ses quartiers tranquilles et bois\u00e9s. Elle est dot\u00e9e de petits centres-villes anim\u00e9s en \u00e9t\u00e9 et est situ\u00e9e \u00e0 proximit\u00e9 de la plage qui est l\u2019endroit id\u00e9al pour le bureau.<\/span><\/p><h3>Vaux sur Mer<\/h3><p><span style=\"font-size: 12pt;\"><strong>Vaux sur Mer<\/strong>\u00a0est une petite ville c\u00f4ti\u00e8re situ\u00e9e entre Royan et plus pr\u00e9cis\u00e9ment Pontaillac et St Palais Sur Mer. Elle est situ\u00e9e au bout de l\u2019estuaire de la Gironde, dans la \u201ccote de beaut\u00e9\u201d et poss\u00e8de de nombreuses plages qui sont extr\u00eamement populaires en \u00e9t\u00e9 et certaines d\u2019entre elles sont appr\u00e9ci\u00e9es comme spots de surf.<\/span><\/p><p><span style=\"font-size: 12pt;\">Vous pouvez vous promener le long de la c\u00f4te en empruntant le sentier c\u00f4tier, ou la V\u00e9lodyss\u00e9e. Il y a aussi le march\u00e9, qui se situe sur la place Fran\u00e7ois-Courtot chaque mardi et samedi en basse saison et toute la journ\u00e9e en ao\u00fbt et juillet.<\/span><\/p><h3>Meschers sur Gironde<\/h3><p><span style=\"font-size: 12pt;\"><a href=\"https:\/\/cparici.com\/fr\/meschers-sur-gironde-guide-complet-pour-explorer-la-region\/\">La ville de Meschers est c\u00e9l\u00e8bre<\/a> pour ses falaises spectaculaires et ses grottes troglodytes ; ses petites plages typiques de la r\u00e9gion, et son style de vie pour les familles. Porte d\u2019entr\u00e9e de l\u2019estuaire de la Gironde en France, de la cote de beaut\u00e9, proche de Royan, de St Palais Sur Mer, et id\u00e9alement situ\u00e9e \u00e0 quelques rues de Talmont sur Gironde, et de Saint-Georges-de-Didonne, vous pourrez profiter de ses petites plages encadr\u00e9es par les falaises, de son parc d\u2019attraction familial, de son petit march\u00e9 quotidien en \u00e9t\u00e9\u2026 Mais ne partez pas avant d\u2019avoir visit\u00e9 les carrelets, petites cabanes appos\u00e9es sur les falaises et enjambant l\u2019estuaire de la Gironde, qui servaient autrefois \u00e0 la p\u00eache.<\/span><\/p><h3>Talmont Sur Gironde<\/h3><p><span style=\"font-size: 12pt;\">Talmont sur Gironde est un village situ\u00e9 sur la rive droite de l\u2019estuaire de la Gironde, \u00e0 proximit\u00e9 des villes de Meschers sur Gironde et de St Georges de Didonne. Il est remarquable car il est situ\u00e9 sur une p\u00e9ninsule. C\u2019\u00e9tait autrefois une ville \u201cfortifi\u00e9e\u201d. C\u2019est un plaisir de fl\u00e2ner dans les ruelles bord\u00e9es de roses tr\u00e9mi\u00e8res.<\/span><\/p><p><span style=\"font-size: 12pt;\">\u00a0Vous pourrez profiter du petit port typique qui surplombe la r\u00e9sidence des douaniers mais aussi de l\u2019\u00e9glise Ste Radegonde qui domine l\u2019estuaire de la Gironde et du cimeti\u00e8re qui regorge de roses tr\u00e9mi\u00e8res en saison.<\/span><\/p><p><span style=\"font-size: 12pt;\">\u00a0Talmont sur Gironde est un endroit id\u00e9al pour des vacances reposantes, et aussi un point d\u2019entr\u00e9e pour explorer l\u2019estuaire de la Gironde et d\u00e9couvrir les petits villages comme Mortagne sur Gironde, ou visiter la forteresse de Blaye.<\/span><\/p><h3 data-start=\"0\" data-end=\"45\"><strong data-start=\"4\" data-end=\"43\">Foire Aux Questions (FAQ) sur Royan<\/strong><\/h3><h4 data-start=\"47\" data-end=\"110\"><strong data-start=\"52\" data-end=\"108\">Quelle est la meilleure p\u00e9riode pour visiter Royan ?<\/strong><\/h4><p data-start=\"111\" data-end=\"346\">La meilleure p\u00e9riode pour visiter Royan est de mai \u00e0 septembre. L\u2019\u00e9t\u00e9 est id\u00e9al pour profiter des plages et des activit\u00e9s nautiques, tandis que le printemps et le d\u00e9but de l\u2019automne offrent un climat agr\u00e9able avec moins de touristes.<\/p><h4 data-start=\"348\" data-end=\"408\"><strong data-start=\"353\" data-end=\"406\">Quelles sont les plages incontournables \u00e0 Royan ?<\/strong><\/h4><ul data-start=\"409\" data-end=\"699\"><li data-start=\"409\" data-end=\"485\"><strong data-start=\"411\" data-end=\"440\">Plage de la Grande Conche<\/strong> : id\u00e9ale pour la baignade et les familles.<\/li><li data-start=\"486\" data-end=\"570\"><strong data-start=\"488\" data-end=\"511\">Plage de Pontaillac<\/strong> : parfaite pour les surfeurs et les amateurs de casinos.<\/li><li data-start=\"571\" data-end=\"615\"><strong data-start=\"573\" data-end=\"590\">Plage du Chay<\/strong> : petite et intimiste.<\/li><li data-start=\"616\" data-end=\"699\"><strong data-start=\"618\" data-end=\"655\">Plage de Saint-Georges-de-Didonne<\/strong> : \u00e0 proximit\u00e9, parfaite pour les balades.<\/li><\/ul><h4 data-start=\"701\" data-end=\"772\"><strong data-start=\"706\" data-end=\"770\">Quels sont les sites touristiques \u00e0 ne pas manquer \u00e0 Royan ?<\/strong><\/h4><ul data-start=\"773\" data-end=\"1121\"><li data-start=\"773\" data-end=\"849\"><strong data-start=\"775\" data-end=\"805\">\u00c9glise Notre-Dame de Royan<\/strong> : un chef-d\u2019\u0153uvre d\u2019architecture moderne.<\/li><li data-start=\"850\" data-end=\"934\"><strong data-start=\"852\" data-end=\"873\">Le March\u00e9 Central<\/strong> : un lieu embl\u00e9matique pour d\u00e9couvrir les produits locaux.<\/li><li data-start=\"935\" data-end=\"1011\"><strong data-start=\"937\" data-end=\"955\">Planet Exotica<\/strong> : un parc avec des reptiles et des plantes exotiques.<\/li><li data-start=\"1012\" data-end=\"1121\"><strong data-start=\"1014\" data-end=\"1038\">Le Phare de Cordouan<\/strong> : accessible en bateau, c\u2019est le plus ancien phare de France encore en activit\u00e9.<\/li><\/ul><h4 data-start=\"1123\" data-end=\"1168\"><strong data-start=\"1128\" data-end=\"1166\">Que faire \u00e0 Royan quand il pleut ?<\/strong><\/h4><ul data-start=\"1169\" data-end=\"1420\"><li data-start=\"1169\" data-end=\"1248\">Visiter le <strong data-start=\"1182\" data-end=\"1200\">mus\u00e9e de Royan<\/strong> pour en apprendre plus sur l\u2019histoire locale.<\/li><li data-start=\"1249\" data-end=\"1306\">Explorer <strong data-start=\"1260\" data-end=\"1278\">Planet Exotica<\/strong> et ses serres tropicales.<\/li><li data-start=\"1307\" data-end=\"1361\">Profiter des <strong data-start=\"1322\" data-end=\"1333\">casinos<\/strong> et des bars \u00e0 Pontaillac.<\/li><li data-start=\"1362\" data-end=\"1420\">Se d\u00e9tendre dans un <strong data-start=\"1384\" data-end=\"1391\">spa<\/strong> ou un centre de bien-\u00eatre.<\/li><\/ul><h4 data-start=\"1422\" data-end=\"1483\"><strong data-start=\"1427\" data-end=\"1481\">Quels sont les plats typiques \u00e0 d\u00e9guster \u00e0 Royan ?<\/strong><\/h4><ul data-start=\"1484\" data-end=\"1730\"><li data-start=\"1484\" data-end=\"1523\"><strong data-start=\"1486\" data-end=\"1520\">Les hu\u00eetres de Marennes-Ol\u00e9ron<\/strong>.<\/li><li data-start=\"1524\" data-end=\"1588\"><strong data-start=\"1526\" data-end=\"1553\">La mouclade charentaise<\/strong> (moules \u00e0 la cr\u00e8me et au curry).<\/li><li data-start=\"1589\" data-end=\"1658\"><strong data-start=\"1591\" data-end=\"1616\">Les \u00e9clades de moules<\/strong>, cuites sous un lit d\u2019aiguilles de pin.<\/li><li data-start=\"1659\" data-end=\"1730\"><strong data-start=\"1661\" data-end=\"1688\">Le Pineau des Charentes<\/strong>, un vin doux embl\u00e9matique de la r\u00e9gion.<\/li><\/ul><h4 data-start=\"1732\" data-end=\"1786\"><strong data-start=\"1737\" data-end=\"1784\">Quels sont les \u00e9v\u00e9nements annuels \u00e0 Royan ?<\/strong><\/h4><ul data-start=\"1787\" data-end=\"2013\"><li data-start=\"1787\" data-end=\"1826\"><strong data-start=\"1789\" data-end=\"1812\">Les F\u00eates de la Mer<\/strong> en juillet.<\/li><li data-start=\"1827\" data-end=\"1903\"><strong data-start=\"1829\" data-end=\"1865\">Le Festival Violons sur le Sable<\/strong>, un concert classique sur la plage.<\/li><li data-start=\"1904\" data-end=\"1969\"><strong data-start=\"1906\" data-end=\"1935\">Le Royan Vintage Festival<\/strong>, c\u00e9l\u00e9brant les ann\u00e9es 50 et 60.<\/li><li data-start=\"1970\" data-end=\"2013\"><strong data-start=\"1972\" data-end=\"1997\">Les March\u00e9s nocturnes<\/strong> durant l\u2019\u00e9t\u00e9.<\/li><\/ul><h4 data-start=\"2015\" data-end=\"2062\"><strong data-start=\"2020\" data-end=\"2060\">Peut-on visiter Royan sans voiture ?<\/strong><\/h4><p data-start=\"2063\" data-end=\"2301\">Oui, Royan est <a href=\"https:\/\/www.ville-royan.fr\/\" target=\"_blank\" rel=\"noopener\">une ville bien desservie<\/a> par les transports en commun, et il est facile de se d\u00e9placer \u00e0 pied ou \u00e0 v\u00e9lo. Un r\u00e9seau de bus et des bateaux permettent aussi d\u2019explorer les environs, comme le Verdon-sur-Mer ou l\u2019\u00eele d\u2019Ol\u00e9ron.<\/p><h4 data-start=\"2303\" data-end=\"2373\"><strong data-start=\"2308\" data-end=\"2371\">Quels sont les meilleurs endroits pour une balade \u00e0 Royan ?<\/strong><\/h4><ul data-start=\"2374\" data-end=\"2570\"><li data-start=\"2374\" data-end=\"2426\"><strong data-start=\"2376\" data-end=\"2402\">Le sentier du littoral<\/strong> pour admirer la c\u00f4te.<\/li><li data-start=\"2427\" data-end=\"2497\"><strong data-start=\"2429\" data-end=\"2454\">Le parc de l\u2019Estuaire<\/strong> pour une vue panoramique sur la Gironde.<\/li><li data-start=\"2498\" data-end=\"2570\"><strong data-start=\"2500\" data-end=\"2520\">Le port de Royan<\/strong>, anim\u00e9 et parfait pour une promenade en soir\u00e9e.<\/li><\/ul>\t\t\t\t\t\t\t\t<\/div>\n\t\t\t\t\t<\/div>\n\t\t\t\t<\/div>\n\t\t<aside class=\"elementor-element elementor-element-72b92e7b e-flex e-con-boxed e-con e-parent\" data-id=\"72b92e7b\" data-element_type=\"container\" data-e-type=\"container\" data-settings=\"{&quot;background_background&quot;:&quot;classic&quot;}\">\n\t\t\t\t\t<div class=\"e-con-inner\">\n\t\t\t\t<div class=\"elementor-element elementor-element-2a51c3eb elementor-widget elementor-widget-spacer\" data-id=\"2a51c3eb\" data-element_type=\"widget\" data-e-type=\"widget\" data-widget_type=\"spacer.default\">\n\t\t\t\t\t\t\t<div class=\"elementor-spacer\">\n\t\t\t<div class=\"elementor-spacer-inner\"><\/div>\n\t\t<\/div>\n\t\t\t\t\t\t<\/div>\n\t\t\t\t<div class=\"elementor-element elementor-element-505bd647 elementor-widget elementor-widget-heading\" data-id=\"505bd647\" data-element_type=\"widget\" data-e-type=\"widget\" data-widget_type=\"heading.default\">\n\t\t\t\t\t<span class=\"elementor-heading-title elementor-size-default\">Explorez davantage<\/span>\t\t\t\t<\/div>\n\t\t\t\t<div class=\"elementor-element elementor-element-343b699b elementor-grid-3 elementor-grid-tablet-2 elementor-grid-mobile-1 elementor-widget elementor-widget-loop-grid\" data-id=\"343b699b\" data-element_type=\"widget\" data-e-type=\"widget\" data-settings=\"{&quot;template_id&quot;:&quot;44916&quot;,&quot;_skin&quot;:&quot;post&quot;,&quot;columns&quot;:&quot;3&quot;,&quot;columns_tablet&quot;:&quot;2&quot;,&quot;columns_mobile&quot;:&quot;1&quot;,&quot;edit_handle_selector&quot;:&quot;[data-elementor-type=\\&quot;loop-item\\&quot;]&quot;,&quot;row_gap&quot;:{&quot;unit&quot;:&quot;px&quot;,&quot;size&quot;:&quot;&quot;,&quot;sizes&quot;:[]},&quot;row_gap_tablet&quot;:{&quot;unit&quot;:&quot;px&quot;,&quot;size&quot;:&quot;&quot;,&quot;sizes&quot;:[]},&quot;row_gap_mobile&quot;:{&quot;unit&quot;:&quot;px&quot;,&quot;size&quot;:&quot;&quot;,&quot;sizes&quot;:[]}}\" data-widget_type=\"loop-grid.post\">\n\t\t\t\t<div class=\"elementor-widget-container\">\n\t\t\t\t\t\t\t<div class=\"elementor-loop-container elementor-grid\" role=\"list\">\n\t\t<style id=\"loop-44916\">.elementor-44916 .elementor-element.elementor-element-da96272{--display:flex;--flex-direction:column;--container-widget-width:100%;--container-widget-height:initial;--container-widget-flex-grow:0;--container-widget-align-self:initial;--flex-wrap-mobile:wrap;}.elementor-widget-theme-post-featured-image .widget-image-caption{font-family:var( --e-global-typography-text-font-family ), Sans-serif;font-size:var( --e-global-typography-text-font-size );font-weight:var( --e-global-typography-text-font-weight );}.elementor-44916 .elementor-element.elementor-element-42d2d4d img{height:314px;object-fit:cover;object-position:center center;opacity:0.9;border-radius:35px 35px 35px 35px;}.elementor-widget-theme-post-title .elementor-heading-title{font-family:var( --e-global-typography-primary-font-family ), Sans-serif;font-size:var( --e-global-typography-primary-font-size );font-weight:var( --e-global-typography-primary-font-weight );}.elementor-44916 .elementor-element.elementor-element-8374803{text-align:center;}.elementor-44916 .elementor-element.elementor-element-8374803 .elementor-heading-title{font-family:\"Roboto\", Sans-serif;font-size:18px;font-weight:600;color:#222222;}.elementor-widget-button .elementor-button{font-family:var( --e-global-typography-accent-font-family ), Sans-serif;font-weight:var( --e-global-typography-accent-font-weight );}.elementor-44916 .elementor-element.elementor-element-d41992a .elementor-button{background-color:var( --e-global-color-ed6e59d );}.elementor-44916 .elementor-element.elementor-element-ed3a069{--display:flex;}@media(max-width:1024px){.elementor-widget-theme-post-featured-image .widget-image-caption{font-size:var( --e-global-typography-text-font-size );}.elementor-widget-theme-post-title .elementor-heading-title{font-size:var( --e-global-typography-primary-font-size );}}@media(max-width:767px){.elementor-widget-theme-post-featured-image .widget-image-caption{font-size:var( --e-global-typography-text-font-size );}.elementor-widget-theme-post-title .elementor-heading-title{font-size:var( --e-global-typography-primary-font-size );}}<\/style>\t\t<div data-elementor-type=\"loop-item\" data-elementor-id=\"44916\" class=\"elementor elementor-44916 e-loop-item e-loop-item-14215 post-14215 post type-post status-publish format-standard has-post-thumbnail hentry category-plages category-charente-maritime category-famille category-france category-loisirs category-poitou-charentes category-royan tag-charente-maritime tag-cote-de-beaute tag-royan\" data-elementor-post-type=\"elementor_library\" data-custom-edit-handle=\"1\">\n\t\t\t<div class=\"elementor-element elementor-element-da96272 e-flex e-con-boxed e-con e-parent\" data-id=\"da96272\" data-element_type=\"container\" data-e-type=\"container\">\n\t\t\t\t\t<div class=\"e-con-inner\">\n\t\t\t\t<div class=\"elementor-element elementor-element-42d2d4d elementor-widget elementor-widget-theme-post-featured-image elementor-widget-image\" data-id=\"42d2d4d\" data-element_type=\"widget\" data-e-type=\"widget\" data-widget_type=\"theme-post-featured-image.default\">\n\t\t\t\t\t\t\t\t\t\t\t\t\t\t\t<img decoding=\"async\" width=\"760\" height=\"760\" src=\"https:\/\/cparici.com\/wp-content\/uploads\/2021\/05\/plage-du-chay-royan-banniere-1024x1024.jpg\" class=\"attachment-large size-large wp-image-14304\" alt=\"plage du chay royan\" srcset=\"https:\/\/cparici.com\/wp-content\/uploads\/2021\/05\/plage-du-chay-royan-banniere-1024x1024.jpg 1024w, https:\/\/cparici.com\/wp-content\/uploads\/2021\/05\/plage-du-chay-royan-banniere-300x300.jpg 300w, https:\/\/cparici.com\/wp-content\/uploads\/2021\/05\/plage-du-chay-royan-banniere-100x100.jpg 100w, https:\/\/cparici.com\/wp-content\/uploads\/2021\/05\/plage-du-chay-royan-banniere-150x150.jpg 150w, https:\/\/cparici.com\/wp-content\/uploads\/2021\/05\/plage-du-chay-royan-banniere-1536x1536.jpg 1536w, https:\/\/cparici.com\/wp-content\/uploads\/2021\/05\/plage-du-chay-royan-banniere-2048x2048.jpg 2048w, https:\/\/cparici.com\/wp-content\/uploads\/2021\/05\/plage-du-chay-royan-banniere-266x266.jpg 266w\" sizes=\"(max-width: 760px) 100vw, 760px\" \/>\t\t\t\t\t\t\t\t\t\t\t\t\t\t\t<\/div>\n\t\t\t\t<div class=\"elementor-element elementor-element-8374803 elementor-widget elementor-widget-theme-post-title elementor-page-title elementor-widget-heading\" data-id=\"8374803\" data-element_type=\"widget\" data-e-type=\"widget\" data-widget_type=\"theme-post-title.default\">\n\t\t\t\t\t<p class=\"elementor-heading-title elementor-size-default\">Plage du Chay a Royan<\/p>\t\t\t\t<\/div>\n\t\t\t\t<div class=\"elementor-element elementor-element-d41992a elementor-align-center elementor-widget elementor-widget-button\" data-id=\"d41992a\" data-element_type=\"widget\" data-e-type=\"widget\" data-widget_type=\"button.default\">\n\t\t\t\t\t\t\t\t\t\t<a class=\"elementor-button elementor-button-link elementor-size-sm\" href=\"https:\/\/cparici.com\/en\/plage-du-chay-a-royan\/\">\n\t\t\t\t\t\t<span class=\"elementor-button-content-wrapper\">\n\t\t\t\t\t\t\t\t\t<span class=\"elementor-button-text\">En savoir plus !<\/span>\n\t\t\t\t\t<\/span>\n\t\t\t\t\t<\/a>\n\t\t\t\t\t\t\t\t<\/div>\n\t\t\t\t\t<\/div>\n\t\t\t\t<\/div>\n\t\t<div class=\"elementor-element elementor-element-ed3a069 e-flex e-con-boxed e-con e-parent\" data-id=\"ed3a069\" data-element_type=\"container\" data-e-type=\"container\">\n\t\t\t\t\t<div class=\"e-con-inner\">\n\t\t\t\t\t<\/div>\n\t\t\t\t<\/div>\n\t\t\t\t<\/div>\n\t\t\t\t<div data-elementor-type=\"loop-item\" data-elementor-id=\"44916\" class=\"elementor elementor-44916 e-loop-item e-loop-item-16350 post-16350 post type-post status-publish format-standard has-post-thumbnail hentry category-royan category-charente-maritime category-france\" data-elementor-post-type=\"elementor_library\" data-custom-edit-handle=\"1\">\n\t\t\t<div class=\"elementor-element elementor-element-da96272 e-flex e-con-boxed e-con e-parent\" data-id=\"da96272\" data-element_type=\"container\" data-e-type=\"container\">\n\t\t\t\t\t<div class=\"e-con-inner\">\n\t\t\t\t<div class=\"elementor-element elementor-element-42d2d4d elementor-widget elementor-widget-theme-post-featured-image elementor-widget-image\" data-id=\"42d2d4d\" data-element_type=\"widget\" data-e-type=\"widget\" data-widget_type=\"theme-post-featured-image.default\">\n\t\t\t\t\t\t\t\t\t\t\t\t\t\t\t<img decoding=\"async\" width=\"760\" height=\"281\" src=\"https:\/\/cparici.com\/wp-content\/uploads\/2024\/04\/camping-bordeaux-1024x378.jpg\" class=\"attachment-large size-large wp-image-50359\" alt=\"camping royan\" srcset=\"https:\/\/cparici.com\/wp-content\/uploads\/2024\/04\/camping-bordeaux-1024x378.jpg 1024w, https:\/\/cparici.com\/wp-content\/uploads\/2024\/04\/camping-bordeaux-300x111.jpg 300w, https:\/\/cparici.com\/wp-content\/uploads\/2024\/04\/camping-bordeaux-768x284.jpg 768w, https:\/\/cparici.com\/wp-content\/uploads\/2024\/04\/camping-bordeaux-590x218.jpg 590w, https:\/\/cparici.com\/wp-content\/uploads\/2024\/04\/camping-bordeaux-1200x443.jpg 1200w, https:\/\/cparici.com\/wp-content\/uploads\/2024\/04\/camping-bordeaux-577x213.jpg 577w, https:\/\/cparici.com\/wp-content\/uploads\/2024\/04\/camping-bordeaux-600x222.jpg 600w, https:\/\/cparici.com\/wp-content\/uploads\/2024\/04\/camping-bordeaux.jpg 1500w\" sizes=\"(max-width: 760px) 100vw, 760px\" \/>\t\t\t\t\t\t\t\t\t\t\t\t\t\t\t<\/div>\n\t\t\t\t<div class=\"elementor-element elementor-element-8374803 elementor-widget elementor-widget-theme-post-title elementor-page-title elementor-widget-heading\" data-id=\"8374803\" data-element_type=\"widget\" data-e-type=\"widget\" data-widget_type=\"theme-post-title.default\">\n\t\t\t\t\t<p class=\"elementor-heading-title elementor-size-default\">Camping Royan<\/p>\t\t\t\t<\/div>\n\t\t\t\t<div class=\"elementor-element elementor-element-d41992a elementor-align-center elementor-widget elementor-widget-button\" data-id=\"d41992a\" data-element_type=\"widget\" data-e-type=\"widget\" data-widget_type=\"button.default\">\n\t\t\t\t\t\t\t\t\t\t<a class=\"elementor-button elementor-button-link elementor-size-sm\" href=\"https:\/\/cparici.com\/en\/camping-royan\/\">\n\t\t\t\t\t\t<span class=\"elementor-button-content-wrapper\">\n\t\t\t\t\t\t\t\t\t<span class=\"elementor-button-text\">En savoir plus !<\/span>\n\t\t\t\t\t<\/span>\n\t\t\t\t\t<\/a>\n\t\t\t\t\t\t\t\t<\/div>\n\t\t\t\t\t<\/div>\n\t\t\t\t<\/div>\n\t\t<div class=\"elementor-element elementor-element-ed3a069 e-flex e-con-boxed e-con e-parent\" data-id=\"ed3a069\" data-element_type=\"container\" data-e-type=\"container\">\n\t\t\t\t\t<div class=\"e-con-inner\">\n\t\t\t\t\t<\/div>\n\t\t\t\t<\/div>\n\t\t\t\t<\/div>\n\t\t\t\t<div data-elementor-type=\"loop-item\" data-elementor-id=\"44916\" class=\"elementor elementor-44916 e-loop-item e-loop-item-39121 post-39121 post type-post status-publish format-standard has-post-thumbnail hentry category-royan category-charente-maritime category-france category-poitou-charentes tag-course-automobile tag-rallye\" data-elementor-post-type=\"elementor_library\" data-custom-edit-handle=\"1\">\n\t\t\t<div class=\"elementor-element elementor-element-da96272 e-flex e-con-boxed e-con e-parent\" data-id=\"da96272\" data-element_type=\"container\" data-e-type=\"container\">\n\t\t\t\t\t<div class=\"e-con-inner\">\n\t\t\t\t<div class=\"elementor-element elementor-element-42d2d4d elementor-widget elementor-widget-theme-post-featured-image elementor-widget-image\" data-id=\"42d2d4d\" data-element_type=\"widget\" data-e-type=\"widget\" data-widget_type=\"theme-post-featured-image.default\">\n\t\t\t\t\t\t\t\t\t\t\t\t\t\t\t<img decoding=\"async\" width=\"760\" height=\"274\" src=\"https:\/\/cparici.com\/wp-content\/uploads\/2024\/07\/rallye-dunes-et-marais-1024x369.jpg\" class=\"attachment-large size-large wp-image-39196\" alt=\"rallye dunes et marais\" srcset=\"https:\/\/cparici.com\/wp-content\/uploads\/2024\/07\/rallye-dunes-et-marais-1024x369.jpg 1024w, https:\/\/cparici.com\/wp-content\/uploads\/2024\/07\/rallye-dunes-et-marais-600x216.jpg 600w, https:\/\/cparici.com\/wp-content\/uploads\/2024\/07\/rallye-dunes-et-marais-300x108.jpg 300w, https:\/\/cparici.com\/wp-content\/uploads\/2024\/07\/rallye-dunes-et-marais-768x277.jpg 768w, https:\/\/cparici.com\/wp-content\/uploads\/2024\/07\/rallye-dunes-et-marais.jpg 1480w\" sizes=\"(max-width: 760px) 100vw, 760px\" \/>\t\t\t\t\t\t\t\t\t\t\t\t\t\t\t<\/div>\n\t\t\t\t<div class=\"elementor-element elementor-element-8374803 elementor-widget elementor-widget-theme-post-title elementor-page-title elementor-widget-heading\" data-id=\"8374803\" data-element_type=\"widget\" data-e-type=\"widget\" data-widget_type=\"theme-post-title.default\">\n\t\t\t\t\t<p class=\"elementor-heading-title elementor-size-default\">Rallye Dunes et Marais : Un \u00c9v\u00e9nement Incontournable<\/p>\t\t\t\t<\/div>\n\t\t\t\t<div class=\"elementor-element elementor-element-d41992a elementor-align-center elementor-widget elementor-widget-button\" data-id=\"d41992a\" data-element_type=\"widget\" data-e-type=\"widget\" data-widget_type=\"button.default\">\n\t\t\t\t\t\t\t\t\t\t<a class=\"elementor-button elementor-button-link elementor-size-sm\" href=\"https:\/\/cparici.com\/en\/rallye-dunes-et-marais\/\">\n\t\t\t\t\t\t<span class=\"elementor-button-content-wrapper\">\n\t\t\t\t\t\t\t\t\t<span class=\"elementor-button-text\">En savoir plus !<\/span>\n\t\t\t\t\t<\/span>\n\t\t\t\t\t<\/a>\n\t\t\t\t\t\t\t\t<\/div>\n\t\t\t\t\t<\/div>\n\t\t\t\t<\/div>\n\t\t<div class=\"elementor-element elementor-element-ed3a069 e-flex e-con-boxed e-con e-parent\" data-id=\"ed3a069\" data-element_type=\"container\" data-e-type=\"container\">\n\t\t\t\t\t<div class=\"e-con-inner\">\n\t\t\t\t\t<\/div>\n\t\t\t\t<\/div>\n\t\t\t\t<\/div>\n\t\t\t\t<\/div>\n\t\t\n\t\t\t\t\t\t<\/div>\n\t\t\t\t<\/div>\n\t\t\t\t\t<\/div>\n\t\t\t\t<\/aside>\n\t\t\t\t<\/div>\n\t\t","protected":false},"excerpt":{"rendered":"<p>Royan - discover the town and its main attractions and monuments, and enjoy the seaside resort and its beaches with the whole family.<\/p>","protected":false},"author":1,"featured_media":15644,"comment_status":"closed","ping_status":"closed","sticky":false,"template":"","format":"image","meta":{"ngg_post_thumbnail":0,"footnotes":""},"categories":[460,461,477,480],"tags":[312,159],"class_list":["post-14803","post","type-post","status-publish","format-image","has-post-thumbnail","hentry","category-royan","category-charente-maritime","category-france","category-poitou-charentes","tag-cote-de-beaute","tag-royan","post_format-post-format-image"],"_links":{"self":[{"href":"https:\/\/cparici.com\/en\/wp-json\/wp\/v2\/posts\/14803","targetHints":{"allow":["GET"]}}],"collection":[{"href":"https:\/\/cparici.com\/en\/wp-json\/wp\/v2\/posts"}],"about":[{"href":"https:\/\/cparici.com\/en\/wp-json\/wp\/v2\/types\/post"}],"author":[{"embeddable":true,"href":"https:\/\/cparici.com\/en\/wp-json\/wp\/v2\/users\/1"}],"replies":[{"embeddable":true,"href":"https:\/\/cparici.com\/en\/wp-json\/wp\/v2\/comments?post=14803"}],"version-history":[{"count":0,"href":"https:\/\/cparici.com\/en\/wp-json\/wp\/v2\/posts\/14803\/revisions"}],"wp:featuredmedia":[{"embeddable":true,"href":"https:\/\/cparici.com\/en\/wp-json\/wp\/v2\/media\/15644"}],"wp:attachment":[{"href":"https:\/\/cparici.com\/en\/wp-json\/wp\/v2\/media?parent=14803"}],"wp:term":[{"taxonomy":"category","embeddable":true,"href":"https:\/\/cparici.com\/en\/wp-json\/wp\/v2\/categories?post=14803"},{"taxonomy":"post_tag","embeddable":true,"href":"https:\/\/cparici.com\/en\/wp-json\/wp\/v2\/tags?post=14803"}],"curies":[{"name":"wp","href":"https:\/\/api.w.org\/{rel}","templated":true}]}}