{"id":14811,"date":"2022-09-06T06:59:55","date_gmt":"2022-09-06T06:59:55","guid":{"rendered":"https:\/\/cparici.com\/?p=14811"},"modified":"2026-03-26T14:32:11","modified_gmt":"2026-03-26T13:32:11","slug":"tahiti-beach-raguenez-a-nevez-en-finistere-2","status":"publish","type":"post","link":"https:\/\/cparici.com\/en\/plage-de-tahiti-raguenez-a-nevez-en-finistere-2\/","title":{"rendered":"Tahiti Ragu\u00e9nez beach in N\u00e9vez, Finist\u00e8re"},"content":{"rendered":"\t\t<div data-elementor-type=\"wp-post\" data-elementor-id=\"14811\" class=\"elementor elementor-14811\" data-elementor-post-type=\"post\">\n\t\t\t\t<div class=\"elementor-element elementor-element-edad0a1 e-con-full e-flex e-con e-parent\" data-id=\"edad0a1\" data-element_type=\"container\" data-e-type=\"container\">\n\t\t\t\t<div class=\"elementor-element elementor-element-203d977 elementor-widget elementor-widget-image\" data-id=\"203d977\" data-element_type=\"widget\" data-e-type=\"widget\" data-widget_type=\"image.default\">\n\t\t\t\t\t\t\t\t\t\t\t\t\t\t\t<img decoding=\"async\" width=\"1520\" height=\"448\" src=\"https:\/\/cparici.com\/wp-content\/uploads\/2022\/09\/plage-tahiti-raguenez-nevez-finistere-banniere.jpg\" class=\"attachment-full size-full wp-image-14815\" alt=\"Plage de Tahiti - Ragu\u00e9nez \u00e0 N\u00e9vez en Finist\u00e8re\" srcset=\"https:\/\/cparici.com\/wp-content\/uploads\/2022\/09\/plage-tahiti-raguenez-nevez-finistere-banniere.jpg 1520w, https:\/\/cparici.com\/wp-content\/uploads\/2022\/09\/plage-tahiti-raguenez-nevez-finistere-banniere-600x177.jpg 600w, https:\/\/cparici.com\/wp-content\/uploads\/2022\/09\/plage-tahiti-raguenez-nevez-finistere-banniere-768x226.jpg 768w\" sizes=\"(max-width: 1520px) 100vw, 1520px\" \/>\t\t\t\t\t\t\t\t\t\t\t\t\t\t\t<\/div>\n\t\t\t\t<\/div>\n\t\t<aside class=\"elementor-element elementor-element-fbadab7 e-flex e-con-boxed e-con e-parent\" data-id=\"fbadab7\" data-element_type=\"container\" data-e-type=\"container\">\n\t\t\t\t\t<div class=\"e-con-inner\">\n\t\t\t\t<div class=\"elementor-element elementor-element-338cac4 elementor-widget elementor-widget-global elementor-global-62046 elementor-widget-eael-advanced-search\" data-id=\"338cac4\" data-element_type=\"widget\" data-e-type=\"widget\" data-widget_type=\"eael-advanced-search.default\">\n\t\t\t\t\t        <div class=\"eael-adv-search-wrapper\">\n            <div id=\"eael-advanced-search-widget-338cac4\" class=\"eael-advanced-search-widget\">\n                <form data-settings=\"{&quot;post_per_page&quot;:5,&quot;search_among_taxonomies&quot;:&quot;&quot;,&quot;search_among_sku&quot;:&quot;no&quot;,&quot;show_popular_keyword&quot;:0,&quot;show_category&quot;:0,&quot;show_content_image&quot;:1,&quot;show_search_result_all_results&quot;:0,&quot;result_on_new_tab&quot;:&quot;no&quot;,&quot;show_product_price&quot;:&quot;no&quot;,&quot;include_current_page&quot;:&quot;no&quot;,&quot;current_post_id&quot;:14811,&quot;post_type&quot;:[&quot;post&quot;,&quot;listing&quot;]}\" method=\"POST\" name=\"eael-advanced-search-form-338cac4\" class=\"eael-advanced-search-form eael-advanced-search-form-style-2\">\n                    <div class=\"eael-advanced-search-wrap\">\n                        <span class=\"eael-adv-search-loader\"><\/span>\n                        <span class=\"eael-adv-search-close\"><i class=\"fas fa-times\"><\/i><\/span>\n                        <span class=\"icon \"><i class=\"fas fa-search\"><\/i><\/span>\n\n                        <input type=\"text\"\n                               placeholder=\"Votre destination\"\n                               class=\"eael-advanced-search\" autocomplete=\"off\" name=\"eael_advanced_search\">\n                    <\/div>\n\t\t\t\t\t                                    <\/form>\n\n\t\t\t\t\n\t\t\t\t        <div class=\"eael-advanced-search-result\">\n            <div class=\"eael-advanced-search-popular-keyword\">\n\t\t\t\t<h4 class=\"eael-advanced-search-popular-keyword-text\">Recherches populaires<\/h4>                <div class=\"eael-popular-keyword-content\"><\/div>\n            <\/div>\n            <div class=\"eael-advanced-search-category\">\n\t\t\t\t<h4 class=\"eael-advanced-search-category-text\">Categories<\/h4>                <div class=\"eael-popular-category-content\"><\/div>\n            <\/div>\n\t\t\t<div class=\"eael-advanced-search-total-results-section\">\n\t\t\t\t\t\t\t<\/div>\n            <div class=\"eael-advanced-search-content eael-item-style-3\">\n            <\/div>\n            <div class=\"eael-advanced-search-not-found\">\n                <p>Pas de r\u00e9sultats<\/p><\/div>\n            <div class=\"eael-advanced-search-load-more\">\n\t\t\t\t<a \tclass=\"eael-advanced-search-load-more-button\"\n                \thref=\"#\">Voir tous les r\u00e9sultats<\/a>\n            <\/div>\n        <\/div>\n\n\t\t            <\/div>\n        <\/div>\n\n\t\t\t\t\t\t<\/div>\n\t\t\t\t\t<\/div>\n\t\t\t\t<\/aside>\n\t\t<div class=\"elementor-element elementor-element-1fb44b54 e-flex e-con-boxed e-con e-parent\" data-id=\"1fb44b54\" data-element_type=\"container\" data-e-type=\"container\">\n\t\t\t\t\t<div class=\"e-con-inner\">\n\t\t\t\t<div class=\"elementor-element elementor-element-113e795e elementor-widget elementor-widget-text-editor\" data-id=\"113e795e\" data-element_type=\"widget\" data-e-type=\"widget\" data-widget_type=\"text-editor.default\">\n\t\t\t\t\t\t\t\t\t<h1 style=\"text-align: center;\"><span style=\"font-size: 18pt; color: #003366;\"> Plage de Tahiti &#8211; Ragu\u00e9nez<\/span><\/h1><h2 style=\"text-align: center;\"><span style=\"font-size: 14pt; color: #003366;\">D\u00e9couvrez la Plage de Tahiti &#8211; Ragu\u00e9nez \u00e0 Nevez dans le finist\u00e8re<\/span><\/h2><p><span style=\"font-size: 12pt;\"><span style=\"color: #003366;\"><strong>La plage de Tahiti &#8211; Ragu\u00e9nez \u00e0 N\u00e9vez dans le finist\u00e8re<\/strong><\/span>\u00a0 est situ\u00e9e e<a href=\"https:\/\/cparici.com\/fr\/bretagne-nevez\/\">n Bretagne sud, dans le Finist\u00e8re sur la commune de N\u00e9vez<\/a>, entre les communes de Pont-Aven et Tr\u00e9gunc, et non loin de la ville de Concarneau. Elle est appel\u00e9e plage de Ragu\u00e9nez ou plage de Tahiti par les N\u00e9v\u00e8ziens.<\/span><\/p><p><span style=\"font-size: 12pt;\">Le nom de Tahiti lui viendrait du peintre Gauguin et de ces peintures &#8216;tahitiennes&#8217;. Rappelons que Gauguin a v\u00e9cu \u00e0 Pont-Aven, et a aussi effectu\u00e9 des s\u00e9jours \u00e0 Port Manec&#8217;h pour &#8216;peindre&#8217; des sc\u00e8nes de vie.<\/span><\/p>\t\t\t\t\t\t\t\t<\/div>\n\t\t\t\t\t<\/div>\n\t\t\t\t<\/div>\n\t\t<aside class=\"elementor-element elementor-element-7aaeed5c e-flex e-con-boxed e-con e-parent\" data-id=\"7aaeed5c\" data-element_type=\"container\" data-e-type=\"container\" data-settings=\"{&quot;background_background&quot;:&quot;classic&quot;}\">\n\t\t\t\t\t<div class=\"e-con-inner\">\n\t\t\t\t<div class=\"elementor-element elementor-element-1c53bb78 elementor-widget elementor-widget-spacer\" data-id=\"1c53bb78\" data-element_type=\"widget\" data-e-type=\"widget\" data-widget_type=\"spacer.default\">\n\t\t\t\t\t\t\t<div class=\"elementor-spacer\">\n\t\t\t<div class=\"elementor-spacer-inner\"><\/div>\n\t\t<\/div>\n\t\t\t\t\t\t<\/div>\n\t\t\t\t<div class=\"elementor-element elementor-element-5708eccf elementor-widget elementor-widget-heading\" data-id=\"5708eccf\" data-element_type=\"widget\" data-e-type=\"widget\" data-widget_type=\"heading.default\">\n\t\t\t\t\t<h2 class=\"elementor-heading-title elementor-size-default\">H\u00e9bergements de Vacances N\u00e9vez en direct<\/h2>\t\t\t\t<\/div>\n\t\t\t\t<div class=\"elementor-element elementor-element-4e23022f elementor-widget elementor-widget-listeo-listings-carousel\" data-id=\"4e23022f\" data-element_type=\"widget\" data-e-type=\"widget\" data-widget_type=\"listeo-listings-carousel.default\">\n\t\t\t\t<div class=\"elementor-widget-container\">\n\t\t\t\t\t        <!-- Carousel \/ Start -->\n        \t<div class=\"simple-slick-carousel dots-nav\" data-slick='{&quot;autoplay&quot;:true,&quot;autoplaySpeed&quot;:3000,&quot;slidesToShow&quot;:3,&quot;slidesToScroll&quot;:1,&quot;responsive&quot;:[{&quot;breakpoint&quot;:1024,&quot;settings&quot;:{&quot;slidesToShow&quot;:2,&quot;slidesToScroll&quot;:1}},{&quot;breakpoint&quot;:768,&quot;settings&quot;:{&quot;slidesToShow&quot;:1,&quot;slidesToScroll&quot;:1}}]}'>\n                            <div class=\"fw-carousel-item\">                    \n                        <!-- Listing Item -->\r\n            <div class=\"col-lg-6 col-md-12\">\r\n                <a href=\"https:\/\/cparici.com\/en\/annonce\/le-rospico-appartement-vue-mer-nevez\/\"  class=\"listing-item-container listing-geo-data compact\" \r\n\t\tdata-title=\"Le Rospico, Appartement Vue Mer N\u00e9vez\"\r\n\t\tdata-listing-type=\"rental\"\r\n\t\tdata-classifieds-price=\"&euro;\"\r\n\t\tdata-friendly-address=\"Plage de Rospico, N\u00e9vez\"\r\n\t\tdata-address=\"Plage de Rospico, N\u00e9vez\"\r\n\t\tdata-image=\"https:\/\/cparici.com\/wp-content\/uploads\/2026\/03\/anse-de-rospico-520x397.jpg\"\r\n\t\tdata-longitude=\"-3.765314324812224\"\r\n\t\tdata-latitude=\"47.79152794554884\"\r\n\t\t\t\t\tdata-rating=\"0\"\r\n\t\t\tdata-reviews=\"0\"\r\n\t\t\t\tdata-icon=\"&lt;svg xmlns=&quot;http:\/\/www.w3.org\/2000\/svg&quot; width=&quot;800px&quot; height=&quot;800px&quot; viewBox=&quot;0 0 45 45&quot; fill=&quot;none&quot;&gt;\n&lt;path d=&quot;M24.155 8.78099L24.33 8.94499L37.402 21.787L36 23.213L34.2 21.445L34.201 35C34.201 36.054 33.385 36.918 32.35 36.994L32.201 37H12.201C11.147 37 10.283 36.184 10.206 35.149L10.201 35L10.2 21.446L8.402 23.213L7 21.787L20.058 8.95799C21.171 7.82199 22.966 7.75899 24.155 8.78099ZM21.569 10.285L21.473 10.372L12.2 19.481L12.201 35L17.2 34.999L17.201 25C17.201 23.946 18.017 23.082 19.052 23.005L19.201 23H25.201C26.255 23 27.119 23.816 27.196 24.851L27.201 25L27.2 34.999L32.201 35L32.2 19.48L22.901 10.344C22.537 9.98699 21.969 9.96499 21.569 10.285ZM25.201 25H19.201L19.2 34.999H25.2L25.201 25Z&quot; fill=&quot;#3C3C3C&quot;\/&gt;\n&lt;\/svg&gt;\"\r\n\r\n\t>\r\n            <div class=\"listing-item  \">\r\n                <div class=\"listing-small-badges-container\">\r\n                                                                <div class=\"listing-small-badge pricing-badge\"><i class=\"fa fa-tag\"><\/i>160.00&euro; - 0.00&euro;<\/div>\r\n                                                            \r\n                                        \r\n                                        \r\n                <\/div>\r\n                <img decoding=\"async\" src=\"https:\/\/cparici.com\/wp-content\/uploads\/2026\/03\/anse-de-rospico-520x397.jpg\" alt=\"Le Rospico, Appartement Vue Mer N\u00e9vez\" class=\"listing-thumbnail\">\r\n                \r\n\r\n                <div class=\"listing-item-content\">\r\n                    \r\n                    <h3> Le Rospico, Appartement Vue Mer N\u00e9vez <\/h3>\r\n                    <span>Plage de Rospico, N\u00e9vez<\/span>\r\n                <\/div>\r\n                                        <span class=\"save like-icon tooltip left\" title=\"Login To Bookmark Items\"><\/span>\r\n                                                <\/div>\r\n        <\/a>\r\n                    <\/div>\r\n        \r\n\r\n        <!-- Listing Item \/ End -->\n                    <\/div>\n                          <\/div>\n        \t\t\t\t<\/div>\n\t\t\t\t<\/div>\n\t\t\t\t\t<\/div>\n\t\t\t\t<\/aside>\n\t\t<div class=\"elementor-element elementor-element-cfc87fa e-flex e-con-boxed e-con e-parent\" data-id=\"cfc87fa\" data-element_type=\"container\" data-e-type=\"container\">\n\t\t\t\t\t<div class=\"e-con-inner\">\n\t\t\t\t<div class=\"elementor-element elementor-element-958e3c4 elementor-widget elementor-widget-text-editor\" data-id=\"958e3c4\" data-element_type=\"widget\" data-e-type=\"widget\" data-widget_type=\"text-editor.default\">\n\t\t\t\t\t\t\t\t\t<h2><span style=\"font-size: 14pt;\">Que faire \u00e0 la plage de Tahiti &#8211; Ragu\u00e9nez?<\/span><\/h2><p><span style=\"font-size: 12pt;\">La plage de Tahiti &#8211; Ragu\u00e9nez est certainement la plus belle plage de la commune de N\u00e9vez, non loin devant <a href=\"https:\/\/cparici.com\/fr\/plage-de-port-manech-a-nevez-en-finistere\/\">la plage de Port Manec&#8217;h<\/a>, ou encore celle de <a href=\"https:\/\/cparici.com\/fr\/plage-de-rospico-a-nevez-finistere\/\">Rospico<\/a>. C&#8217;est un\u00a0 endroit id\u00e9al pour\u00a0 <strong>se baigner dans l&#8217;eau turquoise<\/strong>, faire une partie de p\u00eache, ou prendre un bain de soleil en famille. Vos enfants pourront aussi\u00a0 faire des chateaux de sable, jouer au volley&#8230; La plage s&#8217;\u00e9tend sur plus de 1000 m, et m\u00eame en pleine saison, il y a de la place pour tout le monde.<\/span><\/p><h2><span style=\"font-size: 14pt;\">Comment acc\u00e9der \u00e0 la page de Tahiti &#8211; Ragu\u00e9nez?<\/span><\/h2><p><span style=\"font-size: 12pt;\">Vous pouvez y acc\u00e9der facilement depuis la ville de N\u00e9vez, ou du village de Ragu\u00e9nez, ou Kerstalen soit \u00e0 pied, soit en v\u00e9lo, soit en voiture. La plage n&#8217;est pas tr\u00e8s loin du petit village typique de Kercanic, avec ses chaumi\u00e8res. Vous pouvez donc vous y rendre \u00e0 pied, en v\u00e9lo, en bus, en taxi, ou en voiture.<\/span><\/p><p><span style=\"font-size: 12pt;\">Vous pouvez aussi vous y rendre en quelques minutes depuis la pointe de Tr\u00e9vignon, en longeant la c\u00f4te.<\/span><\/p>\t\t\t\t\t\t\t\t<\/div>\n\t\t\t\t\t<\/div>\n\t\t\t\t<\/div>\n\t\t<div class=\"elementor-element elementor-element-447c5c2 e-flex e-con-boxed e-con e-parent\" data-id=\"447c5c2\" data-element_type=\"container\" data-e-type=\"container\">\n\t\t\t\t\t<div class=\"e-con-inner\">\n\t\t\t\t<div class=\"elementor-element elementor-element-04da55d elementor-widget elementor-widget-text-editor\" data-id=\"04da55d\" data-element_type=\"widget\" data-e-type=\"widget\" data-widget_type=\"text-editor.default\">\n\t\t\t\t\t\t\t\t\t<h2 style=\"text-align: center;\"><span style=\"font-size: 14pt;\"><strong>Locations de vacances non loin de la Plage de Tahiti Ragu\u00e9nez<\/strong><\/span><\/h2>\t\t\t\t\t\t\t\t<\/div>\n\t\t\t\t\t<\/div>\n\t\t\t\t<\/div>\n\t\t<aside class=\"elementor-element elementor-element-f4f919d e-flex e-con-boxed e-con e-parent\" data-id=\"f4f919d\" data-element_type=\"container\" data-e-type=\"container\">\n\t\t\t\t\t<div class=\"e-con-inner\">\n\t\t\t\t<div class=\"elementor-element elementor-element-45f4034 elementor-widget elementor-widget-listeo-listings-carousel\" data-id=\"45f4034\" data-element_type=\"widget\" data-e-type=\"widget\" data-widget_type=\"listeo-listings-carousel.default\">\n\t\t\t\t<div class=\"elementor-widget-container\">\n\t\t\t\t\t        <!-- Carousel \/ Start -->\n        \t<div class=\"simple-slick-carousel dots-nav\" data-slick='{&quot;autoplay&quot;:true,&quot;autoplaySpeed&quot;:3000,&quot;slidesToShow&quot;:3,&quot;slidesToScroll&quot;:1,&quot;responsive&quot;:[{&quot;breakpoint&quot;:1024,&quot;settings&quot;:{&quot;slidesToShow&quot;:2,&quot;slidesToScroll&quot;:1}},{&quot;breakpoint&quot;:768,&quot;settings&quot;:{&quot;slidesToShow&quot;:1,&quot;slidesToScroll&quot;:1}}]}'>\n                            <div class=\"fw-carousel-item\">                    \n                        <!-- Listing Item -->\r\n            <div class=\"col-lg-6 col-md-12\">\r\n                <a href=\"https:\/\/cparici.com\/en\/annonce\/ty-kerzont-gite-de-charme-entre-mer-et-campagne-a-15-minutes-de-perros-guirec\/\"  class=\"listing-item-container listing-geo-data compact\" \r\n\t\tdata-title=\"TY KERZONT , g\u00eete de charme , entre mer et campagne, \u00e0 15 minutes de Perros-Guirec\"\r\n\t\tdata-listing-type=\"rental\"\r\n\t\tdata-classifieds-price=\"&euro;\"\r\n\t\tdata-friendly-address=\"1 Kerzont, Coatr\u00e9ven\"\r\n\t\tdata-address=\"1 Kerzont, Coatr\u00e9ven\"\r\n\t\tdata-image=\"https:\/\/cparici.com\/wp-content\/uploads\/2026\/01\/Gite-Ty-Kerzont-520x397.jpg\"\r\n\t\tdata-longitude=\"-3.324334\"\r\n\t\tdata-latitude=\"48.764011\"\r\n\t\t\t\t\tdata-rating=\"4.9\"\r\n\t\t\tdata-reviews=\"29\"\r\n\t\t\t\tdata-icon=\"&lt;svg xmlns=&quot;http:\/\/www.w3.org\/2000\/svg&quot; width=&quot;800px&quot; height=&quot;800px&quot; viewBox=&quot;0 0 45 45&quot; fill=&quot;none&quot;&gt;\n&lt;path d=&quot;M24.155 8.78099L24.33 8.94499L37.402 21.787L36 23.213L34.2 21.445L34.201 35C34.201 36.054 33.385 36.918 32.35 36.994L32.201 37H12.201C11.147 37 10.283 36.184 10.206 35.149L10.201 35L10.2 21.446L8.402 23.213L7 21.787L20.058 8.95799C21.171 7.82199 22.966 7.75899 24.155 8.78099ZM21.569 10.285L21.473 10.372L12.2 19.481L12.201 35L17.2 34.999L17.201 25C17.201 23.946 18.017 23.082 19.052 23.005L19.201 23H25.201C26.255 23 27.119 23.816 27.196 24.851L27.201 25L27.2 34.999L32.201 35L32.2 19.48L22.901 10.344C22.537 9.98699 21.969 9.96499 21.569 10.285ZM25.201 25H19.201L19.2 34.999H25.2L25.201 25Z&quot; fill=&quot;#3C3C3C&quot;\/&gt;\n&lt;\/svg&gt;\"\r\n\r\n\t>\r\n            <div class=\"listing-item  \">\r\n                <div class=\"listing-small-badges-container\">\r\n                                                                <div class=\"listing-small-badge pricing-badge\"><i class=\"fa fa-tag\"><\/i>89.00&euro; - 122.00&euro;<\/div>\r\n                                                            \r\n                                        \r\n                                        \r\n                <\/div>\r\n                <img decoding=\"async\" src=\"https:\/\/cparici.com\/wp-content\/uploads\/2026\/01\/Gite-Ty-Kerzont-520x397.jpg\" alt=\"TY KERZONT , g\u00eete de charme , entre mer et campagne, \u00e0 15 minutes de Perros-Guirec\" class=\"listing-thumbnail\">\r\n                \r\n\r\n                <div class=\"listing-item-content\">\r\n                                                <div class=\"numerical-rating\" data-rating=\"4.9\"><\/div>\r\n                    \r\n                    <h3> TY KERZONT , g\u00eete de charme , entre mer et campagne, \u00e0 15 minutes de Perros-Guirec <\/h3>\r\n                    <span>1 Kerzont, Coatr\u00e9ven<\/span>\r\n                <\/div>\r\n                                        <span class=\"save like-icon tooltip left\" title=\"Login To Bookmark Items\"><\/span>\r\n                                                <\/div>\r\n        <\/a>\r\n                    <\/div>\r\n        \r\n\r\n        <!-- Listing Item \/ End -->\n                    <\/div>\n                                      <div class=\"fw-carousel-item\">                    \n                        <!-- Listing Item -->\r\n            <div class=\"col-lg-6 col-md-12\">\r\n                <a href=\"https:\/\/cparici.com\/en\/annonce\/maison-bretonne-cap-coz-6-personnes\/\"  class=\"listing-item-container listing-geo-data compact\" \r\n\t\tdata-title=\"Maison Bretonne Cap-Coz 6 personnes\"\r\n\t\tdata-listing-type=\"rental\"\r\n\t\tdata-classifieds-price=\"&euro;\"\r\n\t\tdata-friendly-address=\"Cap-Coz, 200m de la plage\"\r\n\t\tdata-address=\"Cap-Coz, 200m de la plage\"\r\n\t\tdata-image=\"https:\/\/cparici.com\/wp-content\/uploads\/2026\/04\/location-vacances-cap-coz-vue-aerienne-520x397.jpg\"\r\n\t\tdata-longitude=\"-3.9920428\"\r\n\t\tdata-latitude=\"47.887895\"\r\n\t\t\t\t\tdata-rating=\"0\"\r\n\t\t\tdata-reviews=\"0\"\r\n\t\t\t\tdata-icon=\"&lt;svg xmlns=&quot;http:\/\/www.w3.org\/2000\/svg&quot; width=&quot;800px&quot; height=&quot;800px&quot; viewBox=&quot;0 0 45 45&quot; fill=&quot;none&quot;&gt;\n&lt;path d=&quot;M24.155 8.78099L24.33 8.94499L37.402 21.787L36 23.213L34.2 21.445L34.201 35C34.201 36.054 33.385 36.918 32.35 36.994L32.201 37H12.201C11.147 37 10.283 36.184 10.206 35.149L10.201 35L10.2 21.446L8.402 23.213L7 21.787L20.058 8.95799C21.171 7.82199 22.966 7.75899 24.155 8.78099ZM21.569 10.285L21.473 10.372L12.2 19.481L12.201 35L17.2 34.999L17.201 25C17.201 23.946 18.017 23.082 19.052 23.005L19.201 23H25.201C26.255 23 27.119 23.816 27.196 24.851L27.201 25L27.2 34.999L32.201 35L32.2 19.48L22.901 10.344C22.537 9.98699 21.969 9.96499 21.569 10.285ZM25.201 25H19.201L19.2 34.999H25.2L25.201 25Z&quot; fill=&quot;#3C3C3C&quot;\/&gt;\n&lt;\/svg&gt;\"\r\n\r\n\t>\r\n            <div class=\"listing-item  \">\r\n                <div class=\"listing-small-badges-container\">\r\n                                                                <div class=\"listing-small-badge pricing-badge\"><i class=\"fa fa-tag\"><\/i>130.00&euro; - 0.00&euro;<\/div>\r\n                                                            \r\n                                        \r\n                                        \r\n                <\/div>\r\n                <img decoding=\"async\" src=\"https:\/\/cparici.com\/wp-content\/uploads\/2026\/04\/location-vacances-cap-coz-vue-aerienne-520x397.jpg\" alt=\"Maison Bretonne Cap-Coz 6 personnes\" class=\"listing-thumbnail\">\r\n                \r\n\r\n                <div class=\"listing-item-content\">\r\n                    \r\n                    <h3> Maison Bretonne Cap-Coz 6 personnes <\/h3>\r\n                    <span>Cap-Coz, 200m de la plage<\/span>\r\n                <\/div>\r\n                                        <span class=\"save like-icon tooltip left\" title=\"Login To Bookmark Items\"><\/span>\r\n                                                <\/div>\r\n        <\/a>\r\n                    <\/div>\r\n        \r\n\r\n        <!-- Listing Item \/ End -->\n                    <\/div>\n                                      <div class=\"fw-carousel-item\">                    \n                        <!-- Listing Item -->\r\n            <div class=\"col-lg-6 col-md-12\">\r\n                <a href=\"https:\/\/cparici.com\/en\/annonce\/appartement-le-phare-2-pers\/\"  class=\"listing-item-container listing-geo-data compact\" \r\n\t\tdata-title=\"Appartement Le Phare, 2 pers\"\r\n\t\tdata-listing-type=\"rental\"\r\n\t\tdata-classifieds-price=\"&euro;\"\r\n\t\tdata-friendly-address=\"Avenue des Sables Blancs\"\r\n\t\tdata-address=\"Avenue des Sables Blancs\"\r\n\t\tdata-image=\"https:\/\/cparici.com\/wp-content\/uploads\/2025\/01\/DSC1538-520x397.jpg\"\r\n\t\tdata-longitude=\"-3.9297422\"\r\n\t\tdata-latitude=\"47.8785418\"\r\n\t\t\t\t\tdata-rating=\"0\"\r\n\t\t\tdata-reviews=\"0\"\r\n\t\t\t\tdata-icon=\"&lt;svg xmlns=&quot;http:\/\/www.w3.org\/2000\/svg&quot; width=&quot;800px&quot; height=&quot;800px&quot; viewBox=&quot;0 0 45 45&quot; fill=&quot;none&quot;&gt;\n&lt;path d=&quot;M24.155 8.78099L24.33 8.94499L37.402 21.787L36 23.213L34.2 21.445L34.201 35C34.201 36.054 33.385 36.918 32.35 36.994L32.201 37H12.201C11.147 37 10.283 36.184 10.206 35.149L10.201 35L10.2 21.446L8.402 23.213L7 21.787L20.058 8.95799C21.171 7.82199 22.966 7.75899 24.155 8.78099ZM21.569 10.285L21.473 10.372L12.2 19.481L12.201 35L17.2 34.999L17.201 25C17.201 23.946 18.017 23.082 19.052 23.005L19.201 23H25.201C26.255 23 27.119 23.816 27.196 24.851L27.201 25L27.2 34.999L32.201 35L32.2 19.48L22.901 10.344C22.537 9.98699 21.969 9.96499 21.569 10.285ZM25.201 25H19.201L19.2 34.999H25.2L25.201 25Z&quot; fill=&quot;#3C3C3C&quot;\/&gt;\n&lt;\/svg&gt;\"\r\n\r\n\t>\r\n            <div class=\"listing-item  \">\r\n                <div class=\"listing-small-badges-container\">\r\n                                                                <div class=\"listing-small-badge pricing-badge\"><i class=\"fa fa-tag\"><\/i>110.00&euro; - 0.00&euro;<\/div>\r\n                                                            \r\n                                        \r\n                                        \r\n                <\/div>\r\n                <img decoding=\"async\" src=\"https:\/\/cparici.com\/wp-content\/uploads\/2025\/01\/DSC1538-520x397.jpg\" alt=\"Appartement Le Phare, 2 pers\" class=\"listing-thumbnail\">\r\n                \r\n\r\n                <div class=\"listing-item-content\">\r\n                    \r\n                    <h3> Appartement Le Phare, 2 pers <i class=\"verified-icon\"><\/i><\/h3>\r\n                    <span>Avenue des Sables Blancs<\/span>\r\n                <\/div>\r\n                                        <span class=\"save like-icon tooltip left\" title=\"Login To Bookmark Items\"><\/span>\r\n                                                <\/div>\r\n        <\/a>\r\n                    <\/div>\r\n        \r\n\r\n        <!-- Listing Item \/ End -->\n                    <\/div>\n                                      <div class=\"fw-carousel-item\">                    \n                        <!-- Listing Item -->\r\n            <div class=\"col-lg-6 col-md-12\">\r\n                <a href=\"https:\/\/cparici.com\/en\/annonce\/maison-le-bonheur-4-pers\/\"  class=\"listing-item-container listing-geo-data compact\" \r\n\t\tdata-title=\"Maison Le Bonheur, 4 pers\"\r\n\t\tdata-listing-type=\"rental\"\r\n\t\tdata-classifieds-price=\"&euro;\"\r\n\t\tdata-friendly-address=\"Concarneau, Le Porzou\"\r\n\t\tdata-address=\"Concarneau, Le Porzou\"\r\n\t\tdata-image=\"https:\/\/cparici.com\/wp-content\/uploads\/2025\/01\/le-bonheur-1-520x397.jpg\"\r\n\t\tdata-longitude=\"-3.9016358\"\r\n\t\tdata-latitude=\"47.8660765\"\r\n\t\t\t\t\tdata-rating=\"0\"\r\n\t\t\tdata-reviews=\"0\"\r\n\t\t\t\tdata-icon=\"&lt;svg xmlns=&quot;http:\/\/www.w3.org\/2000\/svg&quot; width=&quot;800px&quot; height=&quot;800px&quot; viewBox=&quot;0 0 45 45&quot; fill=&quot;none&quot;&gt;\n&lt;path d=&quot;M24.155 8.78099L24.33 8.94499L37.402 21.787L36 23.213L34.2 21.445L34.201 35C34.201 36.054 33.385 36.918 32.35 36.994L32.201 37H12.201C11.147 37 10.283 36.184 10.206 35.149L10.201 35L10.2 21.446L8.402 23.213L7 21.787L20.058 8.95799C21.171 7.82199 22.966 7.75899 24.155 8.78099ZM21.569 10.285L21.473 10.372L12.2 19.481L12.201 35L17.2 34.999L17.201 25C17.201 23.946 18.017 23.082 19.052 23.005L19.201 23H25.201C26.255 23 27.119 23.816 27.196 24.851L27.201 25L27.2 34.999L32.201 35L32.2 19.48L22.901 10.344C22.537 9.98699 21.969 9.96499 21.569 10.285ZM25.201 25H19.201L19.2 34.999H25.2L25.201 25Z&quot; fill=&quot;#3C3C3C&quot;\/&gt;\n&lt;\/svg&gt;\"\r\n\r\n\t>\r\n            <div class=\"listing-item  \">\r\n                <div class=\"listing-small-badges-container\">\r\n                                                                <div class=\"listing-small-badge pricing-badge\"><i class=\"fa fa-tag\"><\/i>117.00&euro; - 0.00&euro;<\/div>\r\n                                                            \r\n                                        \r\n                                        \r\n                <\/div>\r\n                <img decoding=\"async\" src=\"https:\/\/cparici.com\/wp-content\/uploads\/2025\/01\/le-bonheur-1-520x397.jpg\" alt=\"Maison Le Bonheur, 4 pers\" class=\"listing-thumbnail\">\r\n                \r\n\r\n                <div class=\"listing-item-content\">\r\n                    \r\n                    <h3> Maison Le Bonheur, 4 pers <\/h3>\r\n                    <span>Concarneau, Le Porzou<\/span>\r\n                <\/div>\r\n                                        <span class=\"save like-icon tooltip left\" title=\"Login To Bookmark Items\"><\/span>\r\n                                                <\/div>\r\n        <\/a>\r\n                    <\/div>\r\n        \r\n\r\n        <!-- Listing Item \/ End -->\n                    <\/div>\n                                      <div class=\"fw-carousel-item\">                    \n                        <!-- Listing Item -->\r\n            <div class=\"col-lg-6 col-md-12\">\r\n                <a href=\"https:\/\/cparici.com\/en\/annonce\/le-70-sainte-marine-grande-maison-de-vacances-charme-confort-en-finistere-sud-bretagne\/\"  class=\"listing-item-container listing-geo-data compact\" \r\n\t\tdata-title=\"\u00a0Le 70 Sainte Marine \u2013 Grande maison de vacances charme &amp; confort en Finist\u00e8re Sud (Bretagne)\"\r\n\t\tdata-listing-type=\"rental\"\r\n\t\tdata-classifieds-price=\"&euro;\"\r\n\t\tdata-friendly-address=\"Sainte-Marine (Combrit)\"\r\n\t\tdata-address=\"Sainte-Marine (Combrit)\"\r\n\t\tdata-image=\"https:\/\/cparici.com\/wp-content\/uploads\/2025\/07\/Bienvenue-Welcome-Sainte-Marine-Brittany-520x397.jpg\"\r\n\t\tdata-longitude=\"-4.123866599999999\"\r\n\t\tdata-latitude=\"47.874164\"\r\n\t\t\t\t\tdata-rating=\"5\"\r\n\t\t\tdata-reviews=\"8\"\r\n\t\t\t\tdata-icon=\"&lt;svg xmlns=&quot;http:\/\/www.w3.org\/2000\/svg&quot; width=&quot;800px&quot; height=&quot;800px&quot; viewBox=&quot;0 0 45 45&quot; fill=&quot;none&quot;&gt;\n&lt;path d=&quot;M24.155 8.78099L24.33 8.94499L37.402 21.787L36 23.213L34.2 21.445L34.201 35C34.201 36.054 33.385 36.918 32.35 36.994L32.201 37H12.201C11.147 37 10.283 36.184 10.206 35.149L10.201 35L10.2 21.446L8.402 23.213L7 21.787L20.058 8.95799C21.171 7.82199 22.966 7.75899 24.155 8.78099ZM21.569 10.285L21.473 10.372L12.2 19.481L12.201 35L17.2 34.999L17.201 25C17.201 23.946 18.017 23.082 19.052 23.005L19.201 23H25.201C26.255 23 27.119 23.816 27.196 24.851L27.201 25L27.2 34.999L32.201 35L32.2 19.48L22.901 10.344C22.537 9.98699 21.969 9.96499 21.569 10.285ZM25.201 25H19.201L19.2 34.999H25.2L25.201 25Z&quot; fill=&quot;#3C3C3C&quot;\/&gt;\n&lt;\/svg&gt;\"\r\n\r\n\t>\r\n            <div class=\"listing-item  \">\r\n                <div class=\"listing-small-badges-container\">\r\n                                                                <div class=\"listing-small-badge pricing-badge\"><i class=\"fa fa-tag\"><\/i>210.00&euro; - 475.00&euro;<\/div>\r\n                                                            \r\n                                        \r\n                                        \r\n                <\/div>\r\n                <img decoding=\"async\" src=\"https:\/\/cparici.com\/wp-content\/uploads\/2025\/07\/Bienvenue-Welcome-Sainte-Marine-Brittany-520x397.jpg\" alt=\"\u00a0Le 70 Sainte Marine \u2013 Grande maison de vacances charme &amp; confort en Finist\u00e8re Sud (Bretagne)\" class=\"listing-thumbnail\">\r\n                \r\n\r\n                <div class=\"listing-item-content\">\r\n                                                <div class=\"numerical-rating\" data-rating=\"5.0\"><\/div>\r\n                    \r\n                    <h3> \u00a0Le 70 Sainte Marine \u2013 Grande maison de vacances charme &amp; confort en Finist\u00e8re Sud (Bretagne) <\/h3>\r\n                    <span>Sainte-Marine (Combrit)<\/span>\r\n                <\/div>\r\n                                        <span class=\"save like-icon tooltip left\" title=\"Login To Bookmark Items\"><\/span>\r\n                                                <\/div>\r\n        <\/a>\r\n                    <\/div>\r\n        \r\n\r\n        <!-- Listing Item \/ End -->\n                    <\/div>\n                                      <div class=\"fw-carousel-item\">                    \n                        <!-- Listing Item -->\r\n            <div class=\"col-lg-6 col-md-12\">\r\n                <a href=\"https:\/\/cparici.com\/en\/annonce\/villa-lanriec-12-pers-concarneau-proche-plages\/\"  class=\"listing-item-container listing-geo-data compact\" \r\n\t\tdata-title=\"Villa Lanriec 12 Pers Concarneau &#8211; proche plages\"\r\n\t\tdata-listing-type=\"rental\"\r\n\t\tdata-classifieds-price=\"&euro;\"\r\n\t\tdata-friendly-address=\"Concarneau, proche plage et centre\"\r\n\t\tdata-address=\"Concarneau, proche plage et centre\"\r\n\t\tdata-image=\"https:\/\/cparici.com\/wp-content\/uploads\/2025\/12\/Jardin-piscine-520x397.jpg\"\r\n\t\tdata-longitude=\"-3.852305\"\r\n\t\tdata-latitude=\"47.878164\"\r\n\t\t\t\t\tdata-rating=\"0\"\r\n\t\t\tdata-reviews=\"0\"\r\n\t\t\t\tdata-icon=\"&lt;svg xmlns=&quot;http:\/\/www.w3.org\/2000\/svg&quot; width=&quot;800px&quot; height=&quot;800px&quot; viewBox=&quot;0 0 45 45&quot; fill=&quot;none&quot;&gt;\n&lt;path d=&quot;M24.155 8.78099L24.33 8.94499L37.402 21.787L36 23.213L34.2 21.445L34.201 35C34.201 36.054 33.385 36.918 32.35 36.994L32.201 37H12.201C11.147 37 10.283 36.184 10.206 35.149L10.201 35L10.2 21.446L8.402 23.213L7 21.787L20.058 8.95799C21.171 7.82199 22.966 7.75899 24.155 8.78099ZM21.569 10.285L21.473 10.372L12.2 19.481L12.201 35L17.2 34.999L17.201 25C17.201 23.946 18.017 23.082 19.052 23.005L19.201 23H25.201C26.255 23 27.119 23.816 27.196 24.851L27.201 25L27.2 34.999L32.201 35L32.2 19.48L22.901 10.344C22.537 9.98699 21.969 9.96499 21.569 10.285ZM25.201 25H19.201L19.2 34.999H25.2L25.201 25Z&quot; fill=&quot;#3C3C3C&quot;\/&gt;\n&lt;\/svg&gt;\"\r\n\r\n\t>\r\n            <div class=\"listing-item  \">\r\n                <div class=\"listing-small-badges-container\">\r\n                                                                <div class=\"listing-small-badge pricing-badge\"><i class=\"fa fa-tag\"><\/i>440.00&euro; - 410.00&euro;<\/div>\r\n                                                            \r\n                                        \r\n                                        \r\n                <\/div>\r\n                <img decoding=\"async\" src=\"https:\/\/cparici.com\/wp-content\/uploads\/2025\/12\/Jardin-piscine-520x397.jpg\" alt=\"Villa Lanriec 12 Pers Concarneau &#8211; proche plages\" class=\"listing-thumbnail\">\r\n                \r\n\r\n                <div class=\"listing-item-content\">\r\n                    \r\n                    <h3> Villa Lanriec 12 Pers Concarneau &#8211; proche plages <\/h3>\r\n                    <span>Concarneau, proche plage et centre<\/span>\r\n                <\/div>\r\n                                        <span class=\"save like-icon tooltip left\" title=\"Login To Bookmark Items\"><\/span>\r\n                                                <\/div>\r\n        <\/a>\r\n                    <\/div>\r\n        \r\n\r\n        <!-- Listing Item \/ End -->\n                    <\/div>\n                          <\/div>\n        \t\t\t\t<\/div>\n\t\t\t\t<\/div>\n\t\t\t\t\t<\/div>\n\t\t\t\t<\/aside>\n\t\t<div class=\"elementor-element elementor-element-2783e1d e-flex e-con-boxed e-con e-parent\" data-id=\"2783e1d\" data-element_type=\"container\" data-e-type=\"container\">\n\t\t\t\t\t<div class=\"e-con-inner\">\n\t\t\t\t<div class=\"elementor-element elementor-element-3b7845c elementor-widget elementor-widget-text-editor\" data-id=\"3b7845c\" data-element_type=\"widget\" data-e-type=\"widget\" data-widget_type=\"text-editor.default\">\n\t\t\t\t\t\t\t\t\t<h2 style=\"text-align: left;\"><span style=\"font-family: Raleway; font-size: 24px; font-weight: normal; text-align: start;\">O\u00f9 se stationner pr\u00e8s de la plage de Tahiti &#8211; Ragu\u00e9nez?<\/span><\/h2><p><span style=\"font-size: 12pt;\">Vous pouvez vous stationner sur le parking situ\u00e9 au sud de la plaine de Ragu\u00e9nez, au bout d&#8217;une impasse traversant le village de Kerstalen. Le stationnement est gratuit.<\/span><\/p><p><span style=\"font-size: 12pt;\">Vous pouvez aussi vous garer sur le parking situ\u00e9 en face de la presqu&#8217;\u00eele de Ragu\u00e9nez, pr\u00e8s de la cale \u00e0 bateaux. Le parking est gratuit.<\/span><\/p><h3>Quelle est la longueur de la plage de Tahiti &#8211; Ragu\u00e9nez?<\/h3><p><span style=\"font-size: 12pt;\">La plage de Tahiti- Ragu\u00e9nez mesure plus de 1000 m\u00e8tres, et est entour\u00e9e de falaise pour la partie sud, et de la cale \u00e0 bateaux qui fait face \u00e0 la presqu&#8217;\u00eele de Ragu\u00e9nez pour la partie nord&#8230; M\u00eam en pleine saison, il y a donc de la place pour tous, et l&#8217;ambiance reste bon enfant.<\/span><\/p><h2><span style=\"font-size: 14pt;\">Les particularit\u00e9s de la plage de Tahiti &#8211; Ragu\u00e9nez \u00e0 N\u00e9vez dans le finist\u00e8re<\/span><\/h2><p><span style=\"font-size: 12pt;\">Tahiti est une longue plage de sable fin, avec des eaux turquoise et peu de vagues. En effet, la plage est prt\u00e9g\u00e9e de la houle par la presqu&#8217;\u00eele de Ragu\u00e9nez et l&#8217;\u00eele verte.<\/span><\/p><p><span style=\"font-size: 12pt;\">Tahit &#8211; Ragu\u00e9nez est une plage peu profonde, mais tr\u00e8s longue, et elle diff\u00e8re des autres plages de N\u00e9vez par la proximit\u00e9 de la cale \u00e0 bateaux.<\/span><\/p><p><span style=\"font-size: 12pt;\">Conne \u00e0 pour la plage de Rospico, il n&#8217;y a pas de cabines de plages comme par exemple \u00e0 Port-Manec\u2019h, ni de centres de voile, ou de surf, comme \u00e0 la plage de Port Manech, celle de Kersidan, ou bien ecore celle de Dourvei.<\/span><\/p><p><span style=\"font-size: 12pt;\">En revanche, l&#8217; eau est translucide, et la plage reste calme, m\u00eame en pleine saison. Il est aussi possible de profiter de la vue en longeant la plage sur le sentier c\u00f4tier.<\/span><\/p><h3>Peut-on se baigner \u00e0 la plage de Ragu\u00e9nez?<\/h3><p><span style=\"font-size: 12pt;\">Oui, mais il faut faire attention, la baignade n&#8217;est pas surveill\u00e9e, m\u00eame en saison estivale.\u00a0<\/span>[\/vc_column_text][vc_column_text]<\/p><h2><span style=\"font-size: 14pt;\">Que faire \u00e0 proximit\u00e9 de la plage de Tahiti &#8211; Ragu\u00e9nez?<\/span><\/h2><p><span style=\"font-size: 12pt;\">De la plage, vous pouvez vous rendre facilement \u00e0 la pointe de Tr\u00e9vignon, et profiter de ses plages, et de son port de plaisance, o\u00f9 vous pourrez embarquer \u00e0 destination de l&#8217;archipel des Gl\u00e9nan. Vous pouvez aussi facilement vous rendre\u00a0 en quelques minutes en voiture \u00e0 la plage de Dourvei ou bien m\u00eame celle de Kersidan, pour profiter de vents et ainsi faire du Kite surf, par exemple.<\/span><\/p><p><span style=\"font-size: 12pt;\">Non loin de la plage de Ragu\u00e9nez, vous pourrez visiter le village typique de Kercanic ( Village de chaumi\u00e8res), mais aussi celui de Kerascoet.<\/span><\/p><p><span style=\"font-size: 12pt;\">Vous pouvez profiter du sentier c\u00f4tier et faire une balade \u00e0 pied en longeant le sentier c\u00f4tier\u00a0 ( c&#8217;est aussi le GR 34) qui surplombe l&#8217;oc\u00e9an, et vous rendre \u00e0 la plage de Rospico, puis vers port Manec&#8217;h, ou vous pourrez aussi profiter des centres de voile, ou bien boire un verre.<\/span><\/p><p><span style=\"font-size: 12pt;\">Vous pouvez aussi effectuer des promenades \u00e0 v\u00e9lo, en suivant le circuit de la N\u00e9vezienne, qui vous permet de d\u00e9couvrir la commune de N\u00e9vez et ses plus beaux atouts culturels, et paysagers.<\/span><\/p><h2><span style=\"font-size: 14pt;\">R\u00e9d\u00e9couvrir la ville de N\u00e9vez?<\/span><\/h2><p><span style=\"font-size: 12pt;\">La ville de N\u00e9vez est connue pour ses plages de sable fin, et ses eaux bleues pr\u00e9serv\u00e9es. Elle se situe id\u00e9alement entreTr\u00e9gunc et Pont-Aven.<\/span><\/p><p><span style=\"font-size: 12pt;\">De Port Manech ou de la pointe de Tr\u00e9vignon, vous pouvez embarquer pour l&#8217;archipel des Gl\u00e9nan, ou la ville de Pont-Aven, ville des peintres.<\/span><\/p><p><span style=\"font-size: 12pt;\">Bien s\u00fbr, comme expliqu\u00e9 ci-dessus, vous pourrez profiter de ses plages , la plage de Rospico, la plage de Port Manec&#8217;h, ou encore celles de Tahiti, Ragu\u00e9nez, Kersidan, Dourvei, mais aussi de ses nombreuses activit\u00e9s, de son march\u00e9\u2026<\/span><\/p><p><span style=\"font-size: 12pt;\">Mais n\u2019oubliez pas de prendre le temps de (re) d\u00e9couvrir l&#8217;architecture des maisons n\u00e9o-bretonnes, celle des chaumi\u00e8res ( de Kereascoet ou Kercanic), ou encore les \u00e9l\u00e9ments culturels et de patrimoine breton.<\/span><\/p><p>Port Manech<\/p><p><span style=\"font-size: 12pt;\">Port Manec&#8217;h est un village qui fait partie de la commune de N\u00e9vez, et se trouve \u00e0 l&#8217;embouchure de l&#8217;Aven. Il dispose d&#8217;un belle plage, avec une vue imprenable sur l&#8217;embouchure de l&#8217;Aven et du Belon, et d&#8217;un port, qui fut auparavant celui des p\u00eacheurs \u00e0 la sardine. Port Manech connut ses heures de gloire \u00e0 la Belle Epoque, et il reste toujours les cabines de bain en bois pour t\u00e9moigner de ce glorieux pass\u00e9.<\/span><\/p><p><span style=\"font-size: 12pt;\">Ici encore, un peintre tr\u00e8s connu, Paul Gauguin, aimait \u00e0 venir peindre des p\u00eacheurs ou des femmes en coiffe bretonne; lorsqu&#8217;il s\u00e9journait \u00e0 Pont-Aven.<\/span><\/p><p style=\"text-align: center; font-size: 16px;\"><em><span style=\"color: #003366;\"><strong>N\u00e9vez<\/strong><\/span>, est une jolie petite ville de Bretagne Sud en\u00a0 France qui borde l\u2019atlantique. Elle est situ\u00e9e entre les villes de Tr\u00e9gunc et de Pont-Aven.<\/em><\/p><h3 style=\"text-align: center;\">D\u00e9couvrez les alentours de la plage de Tahiti &#8211; Ragu\u00e9nez a N\u00e9vez<\/h3>\t\t\t\t\t\t\t\t<\/div>\n\t\t\t\t\t<\/div>\n\t\t\t\t<\/div>\n\t\t<aside class=\"elementor-element elementor-element-6a43ce4 e-flex e-con-boxed e-con e-parent\" data-id=\"6a43ce4\" data-element_type=\"container\" data-e-type=\"container\">\n\t\t\t\t\t<div class=\"e-con-inner\">\n\t\t\t\t<div class=\"elementor-element elementor-element-6c06dbb elementor-widget elementor-widget-listeo-posts-grid\" data-id=\"6c06dbb\" data-element_type=\"widget\" data-e-type=\"widget\" data-widget_type=\"listeo-posts-grid.default\">\n\t\t\t\t<div class=\"elementor-widget-container\">\n\t\t\t\t\t\t\t\n\t\t<div class=\"listeo-post-grid-wrapper\">\n\t\t\t<div class=\"row\">\n\n\t\t\t\n\n\t\t\t\t\t\t\t<div class=\"col-md-4\">\n                <a href=\"https:\/\/cparici.com\/en\/plage-de-tahiti-raguenez-a-nevez-en-finistere-2\/\" class=\"blog-compact-item-container\">\n                    <div class=\"blog-compact-item\">\n                        <img decoding=\"async\" width=\"577\" height=\"170\" src=\"https:\/\/cparici.com\/wp-content\/uploads\/2022\/09\/plage-tahiti-raguenez-nevez-finistere-banniere.jpg\" class=\"attachment-listeo-blog-related-post size-listeo-blog-related-post wp-post-image\" alt=\"Plage de Tahiti - Ragu\u00e9nez \u00e0 N\u00e9vez en Finist\u00e8re\" srcset=\"https:\/\/cparici.com\/wp-content\/uploads\/2022\/09\/plage-tahiti-raguenez-nevez-finistere-banniere.jpg 1520w, https:\/\/cparici.com\/wp-content\/uploads\/2022\/09\/plage-tahiti-raguenez-nevez-finistere-banniere-600x177.jpg 600w, https:\/\/cparici.com\/wp-content\/uploads\/2022\/09\/plage-tahiti-raguenez-nevez-finistere-banniere-768x226.jpg 768w\" sizes=\"(max-width: 577px) 100vw, 577px\" \/><span class=\"blog-item-tag\">Bretagne<\/span>                        \n                        <div class=\"blog-compact-item-content\">\n                                                        <h3>Plage de Tahiti Ragu\u00e9nez \u00e0 N\u00e9vez en Finist\u00e8re<\/h3>\n                                                        <p>D\u00e9couvrez la Plage de Tahiti - Ragu\u00e9nez \u00e0 N\u00e9vez en Finist\u00e8re. Toutes les inofs pratiques...                            <\/p>\n                                                    <\/div>\n                    <\/div>\n                <\/a>\n            <\/div>\n\t\t\t<div class=\"col-md-4\">\n                <a href=\"https:\/\/cparici.com\/en\/kerascoet-les-chaumieres-de-kerascoet-a-nevez-en-finistere\/\" class=\"blog-compact-item-container\">\n                    <div class=\"blog-compact-item\">\n                        <img decoding=\"async\" width=\"577\" height=\"143\" src=\"https:\/\/cparici.com\/wp-content\/uploads\/2022\/09\/chaumieres-villages-de-chaumieres-en-bretagne-banniere-1.jpg\" class=\"attachment-listeo-blog-related-post size-listeo-blog-related-post wp-post-image\" alt=\"Kerasco\u00ebt - les chaumi\u00e8res de Kerascoet \u00e0 N\u00e9vez en Finist\u00e8re\" srcset=\"https:\/\/cparici.com\/wp-content\/uploads\/2022\/09\/chaumieres-villages-de-chaumieres-en-bretagne-banniere-1.jpg 1520w, https:\/\/cparici.com\/wp-content\/uploads\/2022\/09\/chaumieres-villages-de-chaumieres-en-bretagne-banniere-1-600x148.jpg 600w, https:\/\/cparici.com\/wp-content\/uploads\/2022\/09\/chaumieres-villages-de-chaumieres-en-bretagne-banniere-1-768x189.jpg 768w\" sizes=\"(max-width: 577px) 100vw, 577px\" \/><span class=\"blog-item-tag\">Architecture<\/span>                        \n                        <div class=\"blog-compact-item-content\">\n                                                        <h3>Kerasco\u00ebt &#8211; les chaumi\u00e8res de Kerascoet \u00e0 N\u00e9vez en Finist\u00e8re<\/h3>\n                                                        <p>Kerasco\u00ebt - les chaumi\u00e8res de Kerascoet \u00e0 N\u00e9vez en Finist\u00e8re, d\u00e9couvrez les maisons typiques recouvertes...                            <\/p>\n                                                    <\/div>\n                    <\/div>\n                <\/a>\n            <\/div>\n\t\t\t<div class=\"col-md-4\">\n                <a href=\"https:\/\/cparici.com\/en\/ville-close-de-concarneau-en-finistere\/\" class=\"blog-compact-item-container\">\n                    <div class=\"blog-compact-item\">\n                        <img decoding=\"async\" width=\"577\" height=\"210\" src=\"https:\/\/cparici.com\/wp-content\/uploads\/2022\/09\/concarneau-banniere-1.jpg\" class=\"attachment-listeo-blog-related-post size-listeo-blog-related-post wp-post-image\" alt=\"ville close de concarneau\" srcset=\"https:\/\/cparici.com\/wp-content\/uploads\/2022\/09\/concarneau-banniere-1.jpg 1521w, https:\/\/cparici.com\/wp-content\/uploads\/2022\/09\/concarneau-banniere-1-600x219.jpg 600w, https:\/\/cparici.com\/wp-content\/uploads\/2022\/09\/concarneau-banniere-1-768x279.jpg 768w\" sizes=\"(max-width: 577px) 100vw, 577px\" \/><span class=\"blog-item-tag\">Bretagne<\/span>                        \n                        <div class=\"blog-compact-item-content\">\n                                                        <h3>Ville close de Concarneau en finist\u00e8re<\/h3>\n                                                        <p>Ville close de Concarneau-  Informations pratiques, d\u00e9couvrez ce lieu unique charg\u00e9 d'histoire en Cornouaille...                            <\/p>\n                                                    <\/div>\n                    <\/div>\n                <\/a>\n            <\/div>\n  <\/div>\n        <\/div>\n        \t\t\t\t<\/div>\n\t\t\t\t<\/div>\n\t\t\t\t\t<\/div>\n\t\t\t\t<\/aside>\n\t\t\t\t<\/div>\n\t\t","protected":false},"excerpt":{"rendered":"<p>Discover the Plage de Tahiti - Ragu\u00e9nez at N\u00e9vez in Finist\u00e8re. All the practical information you need to enjoy its blue waters and fine sand.<\/p>","protected":false},"author":1,"featured_media":14815,"comment_status":"closed","ping_status":"closed","sticky":false,"template":"","format":"standard","meta":{"ngg_post_thumbnail":0,"footnotes":""},"categories":[165,478,161,479,477,300,498],"tags":[357,352,353,355,354],"class_list":["post-14811","post","type-post","status-publish","format-standard","has-post-thumbnail","hentry","category-plages","category-bretagne","category-famille","category-finistere","category-france","category-loisirs","category-nevez","tag-bretagne-sud","tag-finistere","tag-nevez","tag-raguenez","tag-tahiti"],"_links":{"self":[{"href":"https:\/\/cparici.com\/en\/wp-json\/wp\/v2\/posts\/14811","targetHints":{"allow":["GET"]}}],"collection":[{"href":"https:\/\/cparici.com\/en\/wp-json\/wp\/v2\/posts"}],"about":[{"href":"https:\/\/cparici.com\/en\/wp-json\/wp\/v2\/types\/post"}],"author":[{"embeddable":true,"href":"https:\/\/cparici.com\/en\/wp-json\/wp\/v2\/users\/1"}],"replies":[{"embeddable":true,"href":"https:\/\/cparici.com\/en\/wp-json\/wp\/v2\/comments?post=14811"}],"version-history":[{"count":3,"href":"https:\/\/cparici.com\/en\/wp-json\/wp\/v2\/posts\/14811\/revisions"}],"predecessor-version":[{"id":85117,"href":"https:\/\/cparici.com\/en\/wp-json\/wp\/v2\/posts\/14811\/revisions\/85117"}],"wp:featuredmedia":[{"embeddable":true,"href":"https:\/\/cparici.com\/en\/wp-json\/wp\/v2\/media\/14815"}],"wp:attachment":[{"href":"https:\/\/cparici.com\/en\/wp-json\/wp\/v2\/media?parent=14811"}],"wp:term":[{"taxonomy":"category","embeddable":true,"href":"https:\/\/cparici.com\/en\/wp-json\/wp\/v2\/categories?post=14811"},{"taxonomy":"post_tag","embeddable":true,"href":"https:\/\/cparici.com\/en\/wp-json\/wp\/v2\/tags?post=14811"}],"curies":[{"name":"wp","href":"https:\/\/api.w.org\/{rel}","templated":true}]}}