{"id":14869,"date":"2022-09-07T06:58:44","date_gmt":"2022-09-07T06:58:44","guid":{"rendered":"https:\/\/cparici.com\/?p=14869"},"modified":"2025-04-22T10:34:36","modified_gmt":"2025-04-22T08:34:36","slug":"les-chaumieres-village-of-chaumieres-in-brittany","status":"publish","type":"post","link":"https:\/\/cparici.com\/en\/les-chaumieres-village-de-chaumieres-en-bretagne\/","title":{"rendered":"les chaumi\u00e8res - Thatched cottage village in brittany"},"content":{"rendered":"\t\t<div data-elementor-type=\"wp-post\" data-elementor-id=\"14869\" class=\"elementor elementor-14869\" data-elementor-post-type=\"post\">\n\t\t\t\t<div class=\"elementor-element elementor-element-0f77d47 e-con-full e-flex e-con e-parent\" data-id=\"0f77d47\" data-element_type=\"container\" data-e-type=\"container\">\n\t\t\t\t<div class=\"elementor-element elementor-element-25bce48 elementor-widget elementor-widget-image\" data-id=\"25bce48\" data-element_type=\"widget\" data-e-type=\"widget\" data-widget_type=\"image.default\">\n\t\t\t\t\t\t\t\t\t\t\t\t\t\t\t<img decoding=\"async\" width=\"1520\" height=\"376\" src=\"https:\/\/cparici.com\/wp-content\/uploads\/2022\/09\/chaumieres-villages-de-chaumieres-en-bretagne-banniere.jpg\" class=\"attachment-full size-full wp-image-14874\" alt=\"chaumieres villages de chaumieres en bretagne\" srcset=\"https:\/\/cparici.com\/wp-content\/uploads\/2022\/09\/chaumieres-villages-de-chaumieres-en-bretagne-banniere.jpg 1520w, https:\/\/cparici.com\/wp-content\/uploads\/2022\/09\/chaumieres-villages-de-chaumieres-en-bretagne-banniere-600x148.jpg 600w, https:\/\/cparici.com\/wp-content\/uploads\/2022\/09\/chaumieres-villages-de-chaumieres-en-bretagne-banniere-768x189.jpg 768w\" sizes=\"(max-width: 1520px) 100vw, 1520px\" \/>\t\t\t\t\t\t\t\t\t\t\t\t\t\t\t<\/div>\n\t\t\t\t<\/div>\n\t\t<div class=\"elementor-element elementor-element-52c745e e-flex e-con-boxed e-con e-parent\" data-id=\"52c745e\" data-element_type=\"container\" data-e-type=\"container\">\n\t\t\t\t\t<div class=\"e-con-inner\">\n\t\t\t\t<div class=\"elementor-element elementor-element-fae1511 elementor-widget elementor-widget-global elementor-global-62046 elementor-widget-eael-advanced-search\" data-id=\"fae1511\" data-element_type=\"widget\" data-e-type=\"widget\" data-widget_type=\"eael-advanced-search.default\">\n\t\t\t\t\t        <div class=\"eael-adv-search-wrapper\">\n            <div id=\"eael-advanced-search-widget-fae1511\" class=\"eael-advanced-search-widget\">\n                <form data-settings=\"{&quot;post_per_page&quot;:5,&quot;search_among_taxonomies&quot;:&quot;&quot;,&quot;search_among_sku&quot;:&quot;no&quot;,&quot;show_popular_keyword&quot;:0,&quot;show_category&quot;:0,&quot;show_content_image&quot;:1,&quot;show_search_result_all_results&quot;:0,&quot;result_on_new_tab&quot;:&quot;no&quot;,&quot;show_product_price&quot;:&quot;no&quot;,&quot;include_current_page&quot;:&quot;no&quot;,&quot;current_post_id&quot;:14869,&quot;post_type&quot;:[&quot;post&quot;,&quot;listing&quot;]}\" method=\"POST\" name=\"eael-advanced-search-form-fae1511\" class=\"eael-advanced-search-form eael-advanced-search-form-style-2\">\n                    <div class=\"eael-advanced-search-wrap\">\n                        <span class=\"eael-adv-search-loader\"><\/span>\n                        <span class=\"eael-adv-search-close\"><i class=\"fas fa-times\"><\/i><\/span>\n                        <span class=\"icon \"><i class=\"fas fa-search\"><\/i><\/span>\n\n                        <input type=\"text\"\n                               placeholder=\"Votre destination\"\n                               class=\"eael-advanced-search\" autocomplete=\"off\" name=\"eael_advanced_search\">\n                    <\/div>\n\t\t\t\t\t                                    <\/form>\n\n\t\t\t\t\n\t\t\t\t        <div class=\"eael-advanced-search-result\">\n            <div class=\"eael-advanced-search-popular-keyword\">\n\t\t\t\t<h4 class=\"eael-advanced-search-popular-keyword-text\">Recherches populaires<\/h4>                <div class=\"eael-popular-keyword-content\"><\/div>\n            <\/div>\n            <div class=\"eael-advanced-search-category\">\n\t\t\t\t<h4 class=\"eael-advanced-search-category-text\">Categories<\/h4>                <div class=\"eael-popular-category-content\"><\/div>\n            <\/div>\n\t\t\t<div class=\"eael-advanced-search-total-results-section\">\n\t\t\t\t\t\t\t<\/div>\n            <div class=\"eael-advanced-search-content eael-item-style-3\">\n            <\/div>\n            <div class=\"eael-advanced-search-not-found\">\n                <p>Pas de r\u00e9sultats<\/p><\/div>\n            <div class=\"eael-advanced-search-load-more\">\n\t\t\t\t<a \tclass=\"eael-advanced-search-load-more-button\"\n                \thref=\"#\">Voir tous les r\u00e9sultats<\/a>\n            <\/div>\n        <\/div>\n\n\t\t            <\/div>\n        <\/div>\n\n\t\t\t\t\t\t<\/div>\n\t\t\t\t\t<\/div>\n\t\t\t\t<\/div>\n\t\t<div class=\"elementor-element elementor-element-46e40938 e-flex e-con-boxed e-con e-parent\" data-id=\"46e40938\" data-element_type=\"container\" data-e-type=\"container\">\n\t\t\t\t\t<div class=\"e-con-inner\">\n\t\t\t\t<div class=\"elementor-element elementor-element-19a956c elementor-widget elementor-widget-text-editor\" data-id=\"19a956c\" data-element_type=\"widget\" data-e-type=\"widget\" data-widget_type=\"text-editor.default\">\n\t\t\t\t\t\t\t\t\t<h1 style=\"text-align: center;\"><span style=\"font-size: 18pt; color: #003366;\"><strong>Les chaumi\u00e8res \u2013 Village de chaumi\u00e8res en bretagne<\/strong>\u00a0<\/span><\/h1><p><span style=\"font-size: 12pt;\"><span style=\"color: #003366;\"><strong>les chaumi\u00e8res \u2013 Village de chaumi\u00e8res en bretagne N\u00e9vez Finist\u00e8re<\/strong><\/span>\u00a0 D\u00e9couvrez les fameux villages en toit de chaume qui font le succ\u00e8s de la Bretagne.<\/span><\/p><h2><span style=\"font-size: 14pt;\"><strong>O\u00f9 trouver un village de chaumi\u00e8res en bretagne?<\/strong><\/span><\/h2><p><span style=\"font-size: 12pt;\">Il existe toujours quelques villages de chaumi\u00e8res en bretagne, principalement en finist\u00e8re, comme <strong>les villages de Kerascoet<\/strong> ou de <strong>Kercanic sur la commune de N\u00e9vez<\/strong>, ou bien en Loire atlantique <strong>Kerhinet<\/strong> <strong>dans le parc naturel r\u00e9gional de Bri\u00e8re<\/strong>. <\/span><\/p><h2><span style=\"font-size: 14pt;\">Quelle est la particularit\u00e9 d\u2019un village de chaumi\u00e8res?<\/span><\/h2><p><span style=\"font-size: 12pt;\">Les villages de chaumi\u00e8re en bretagne sont typiques, et paraissent hors du temps. Il font partie des plus vieux villages de leur r\u00e9gion et sont particuliers par <strong>l\u2019architecture<\/strong> des maisons. En effet, chaque maison est recouverte d\u2019un <strong>toit de chaume. <\/strong>Les murs sont en pierre et la taille des ouvertures \u2013 portes et fen\u00eatres \u2013 est souvent r\u00e9duite.<\/span><\/p><h3>\u00a0<\/h3>\t\t\t\t\t\t\t\t<\/div>\n\t\t\t\t\t<\/div>\n\t\t\t\t<\/div>\n\t\t<div class=\"elementor-element elementor-element-4c9709a e-flex e-con-boxed e-con e-parent\" data-id=\"4c9709a\" data-element_type=\"container\" data-e-type=\"container\">\n\t\t\t\t\t<div class=\"e-con-inner\">\n\t\t\t\t<div class=\"elementor-element elementor-element-636c22a elementor-widget elementor-widget-text-editor\" data-id=\"636c22a\" data-element_type=\"widget\" data-e-type=\"widget\" data-widget_type=\"text-editor.default\">\n\t\t\t\t\t\t\t\t\t<h3 style=\"text-align: center;\">Locations de vacances pour visiter les villages de chaumi\u00e8res<\/h3>\t\t\t\t\t\t\t\t<\/div>\n\t\t\t\t\t<\/div>\n\t\t\t\t<\/div>\n\t\t<div class=\"elementor-element elementor-element-cf18141 e-flex e-con-boxed e-con e-parent\" data-id=\"cf18141\" data-element_type=\"container\" data-e-type=\"container\">\n\t\t\t\t\t<div class=\"e-con-inner\">\n\t\t\t\t<div class=\"elementor-element elementor-element-c9ee57c elementor-widget elementor-widget-listeo-listings-carousel\" data-id=\"c9ee57c\" data-element_type=\"widget\" data-e-type=\"widget\" data-widget_type=\"listeo-listings-carousel.default\">\n\t\t\t\t<div class=\"elementor-widget-container\">\n\t\t\t\t\t        <!-- Carousel \/ Start -->\n        \t<div class=\"simple-slick-carousel dots-nav\" data-slick='{&quot;autoplay&quot;:true,&quot;autoplaySpeed&quot;:3000,&quot;slidesToShow&quot;:3,&quot;slidesToScroll&quot;:1,&quot;responsive&quot;:[{&quot;breakpoint&quot;:1024,&quot;settings&quot;:{&quot;slidesToShow&quot;:2,&quot;slidesToScroll&quot;:1}},{&quot;breakpoint&quot;:768,&quot;settings&quot;:{&quot;slidesToShow&quot;:1,&quot;slidesToScroll&quot;:1}}]}'>\n                            <div class=\"fw-carousel-item\">                    \n                        <!-- Listing Item -->\r\n            <div class=\"col-lg-6 col-md-12\">\r\n                <a href=\"https:\/\/cparici.com\/en\/annonce\/la-plume-appartement-vue-mer-2-adultes-2-enfants-vue-mer-a-concarneau\/\"  class=\"listing-item-container listing-geo-data compact\" \r\n\t\tdata-title=\"La Plume \u2013 Appartement vue mer \u00e0 CONCARNEAU\"\r\n\t\tdata-listing-type=\"rental\"\r\n\t\tdata-classifieds-price=\"\u20ac\"\r\n\t\tdata-friendly-address=\"Centre ville Concarneau, Plages \u00e0 pied\"\r\n\t\tdata-address=\"Centre ville Concarneau, Plages \u00e0 pied\"\r\n\t\tdata-image=\"https:\/\/cparici.com\/wp-content\/uploads\/2026\/04\/appartement-plume-concarneau-balcon-vue-mer-et-phare-520x397.jpg\"\r\n\t\tdata-longitude=\"-3.9175758\"\r\n\t\tdata-latitude=\"47.8690136\"\r\n\t\t\t\t\tdata-rating=\"0\"\r\n\t\t\tdata-reviews=\"0\"\r\n\t\t\t\tdata-icon=\"<svg xmlns=&quot;http:\/\/www.w3.org\/2000\/svg&quot; width=&quot;800px&quot; height=&quot;800px&quot; viewBox=&quot;0 0 45 45&quot; fill=&quot;none&quot;>\n<path d=&quot;M24.155 8.78099L24.33 8.94499L37.402 21.787L36 23.213L34.2 21.445L34.201 35C34.201 36.054 33.385 36.918 32.35 36.994L32.201 37H12.201C11.147 37 10.283 36.184 10.206 35.149L10.201 35L10.2 21.446L8.402 23.213L7 21.787L20.058 8.95799C21.171 7.82199 22.966 7.75899 24.155 8.78099ZM21.569 10.285L21.473 10.372L12.2 19.481L12.201 35L17.2 34.999L17.201 25C17.201 23.946 18.017 23.082 19.052 23.005L19.201 23H25.201C26.255 23 27.119 23.816 27.196 24.851L27.201 25L27.2 34.999L32.201 35L32.2 19.48L22.901 10.344C22.537 9.98699 21.969 9.96499 21.569 10.285ZM25.201 25H19.201L19.2 34.999H25.2L25.201 25Z&quot; fill=&quot;#3C3C3C&quot;\/>\n<\/svg>\"\r\n\r\n\t>\r\n            <div class=\"listing-item  \">\r\n                <div class=\"listing-small-badges-container\">\r\n                                                                <div class=\"listing-small-badge pricing-badge\"><i class=\"fa fa-tag\"><\/i>140.00\u20ac - 0.00\u20ac<\/div>\r\n                                                            \r\n                                        \r\n                                        \r\n                <\/div>\r\n                <img decoding=\"async\" src=\"https:\/\/cparici.com\/wp-content\/uploads\/2026\/04\/appartement-plume-concarneau-balcon-vue-mer-et-phare-520x397.jpg\" alt=\"La Plume \u2013 Appartement vue mer \u00e0 CONCARNEAU\" class=\"listing-thumbnail\">\r\n                \r\n\r\n                <div class=\"listing-item-content\">\r\n                    \r\n                    <h3> La Plume \u2013 Appartement vue mer \u00e0 CONCARNEAU <\/h3>\r\n                    <span>Centre ville Concarneau, Plages \u00e0 pied<\/span>\r\n                <\/div>\r\n                                        <span class=\"save like-icon tooltip left\" title=\"Login To Bookmark Items\"><\/span>\r\n                                                <\/div>\r\n        <\/a>\r\n                    <\/div>\r\n        \r\n\r\n        <!-- Listing Item \/ End -->\n                    <\/div>\n                                      <div class=\"fw-carousel-item\">                    \n                        <!-- Listing Item -->\r\n            <div class=\"col-lg-6 col-md-12\">\r\n                <a href=\"https:\/\/cparici.com\/en\/annonce\/le-belvedere-vue-mer-6pers\/\"  class=\"listing-item-container listing-geo-data compact\" \r\n\t\tdata-title=\"Le Belv\u00e9d\u00e8re, Vue mer 6Pers\"\r\n\t\tdata-listing-type=\"rental\"\r\n\t\tdata-classifieds-price=\"\u20ac\"\r\n\t\tdata-friendly-address=\"Les Sables Blancs\"\r\n\t\tdata-address=\"Les Sables Blancs\"\r\n\t\tdata-image=\"https:\/\/cparici.com\/wp-content\/uploads\/2025\/01\/le-belvedere-3-520x397.jpg\"\r\n\t\tdata-longitude=\"-3.9304455\"\r\n\t\tdata-latitude=\"47.8818643\"\r\n\t\t\t\t\tdata-rating=\"0\"\r\n\t\t\tdata-reviews=\"0\"\r\n\t\t\t\tdata-icon=\"<svg xmlns=&quot;http:\/\/www.w3.org\/2000\/svg&quot; width=&quot;800px&quot; height=&quot;800px&quot; viewBox=&quot;0 0 45 45&quot; fill=&quot;none&quot;>\n<path d=&quot;M24.155 8.78099L24.33 8.94499L37.402 21.787L36 23.213L34.2 21.445L34.201 35C34.201 36.054 33.385 36.918 32.35 36.994L32.201 37H12.201C11.147 37 10.283 36.184 10.206 35.149L10.201 35L10.2 21.446L8.402 23.213L7 21.787L20.058 8.95799C21.171 7.82199 22.966 7.75899 24.155 8.78099ZM21.569 10.285L21.473 10.372L12.2 19.481L12.201 35L17.2 34.999L17.201 25C17.201 23.946 18.017 23.082 19.052 23.005L19.201 23H25.201C26.255 23 27.119 23.816 27.196 24.851L27.201 25L27.2 34.999L32.201 35L32.2 19.48L22.901 10.344C22.537 9.98699 21.969 9.96499 21.569 10.285ZM25.201 25H19.201L19.2 34.999H25.2L25.201 25Z&quot; fill=&quot;#3C3C3C&quot;\/>\n<\/svg>\"\r\n\r\n\t>\r\n            <div class=\"listing-item  \">\r\n                <div class=\"listing-small-badges-container\">\r\n                                                                <div class=\"listing-small-badge pricing-badge\"><i class=\"fa fa-tag\"><\/i>215.00\u20ac - 300.00\u20ac<\/div>\r\n                                                            \r\n                                        \r\n                                        \r\n                <\/div>\r\n                <img decoding=\"async\" src=\"https:\/\/cparici.com\/wp-content\/uploads\/2025\/01\/le-belvedere-3-520x397.jpg\" alt=\"Le Belv\u00e9d\u00e8re, Vue mer 6Pers\" class=\"listing-thumbnail\">\r\n                \r\n\r\n                <div class=\"listing-item-content\">\r\n                    \r\n                    <h3> Le Belv\u00e9d\u00e8re, Vue mer 6Pers <\/h3>\r\n                    <span>Les Sables Blancs<\/span>\r\n                <\/div>\r\n                                        <span class=\"save like-icon tooltip left\" title=\"Login To Bookmark Items\"><\/span>\r\n                                                <\/div>\r\n        <\/a>\r\n                    <\/div>\r\n        \r\n\r\n        <!-- Listing Item \/ End -->\n                    <\/div>\n                                      <div class=\"fw-carousel-item\">                    \n                        <!-- Listing Item -->\r\n            <div class=\"col-lg-6 col-md-12\">\r\n                <a href=\"https:\/\/cparici.com\/en\/annonce\/maison-le-bonheur-4-pers\/\"  class=\"listing-item-container listing-geo-data compact\" \r\n\t\tdata-title=\"Maison Le Bonheur, 4 pers\"\r\n\t\tdata-listing-type=\"rental\"\r\n\t\tdata-classifieds-price=\"\u20ac\"\r\n\t\tdata-friendly-address=\"Concarneau, Le Porzou\"\r\n\t\tdata-address=\"Concarneau, Le Porzou\"\r\n\t\tdata-image=\"https:\/\/cparici.com\/wp-content\/uploads\/2025\/01\/le-bonheur-1-520x397.jpg\"\r\n\t\tdata-longitude=\"-3.9016358\"\r\n\t\tdata-latitude=\"47.8660765\"\r\n\t\t\t\t\tdata-rating=\"0\"\r\n\t\t\tdata-reviews=\"0\"\r\n\t\t\t\tdata-icon=\"<svg xmlns=&quot;http:\/\/www.w3.org\/2000\/svg&quot; width=&quot;800px&quot; height=&quot;800px&quot; viewBox=&quot;0 0 45 45&quot; fill=&quot;none&quot;>\n<path d=&quot;M24.155 8.78099L24.33 8.94499L37.402 21.787L36 23.213L34.2 21.445L34.201 35C34.201 36.054 33.385 36.918 32.35 36.994L32.201 37H12.201C11.147 37 10.283 36.184 10.206 35.149L10.201 35L10.2 21.446L8.402 23.213L7 21.787L20.058 8.95799C21.171 7.82199 22.966 7.75899 24.155 8.78099ZM21.569 10.285L21.473 10.372L12.2 19.481L12.201 35L17.2 34.999L17.201 25C17.201 23.946 18.017 23.082 19.052 23.005L19.201 23H25.201C26.255 23 27.119 23.816 27.196 24.851L27.201 25L27.2 34.999L32.201 35L32.2 19.48L22.901 10.344C22.537 9.98699 21.969 9.96499 21.569 10.285ZM25.201 25H19.201L19.2 34.999H25.2L25.201 25Z&quot; fill=&quot;#3C3C3C&quot;\/>\n<\/svg>\"\r\n\r\n\t>\r\n            <div class=\"listing-item  \">\r\n                <div class=\"listing-small-badges-container\">\r\n                                                                <div class=\"listing-small-badge pricing-badge\"><i class=\"fa fa-tag\"><\/i>117.00\u20ac - 0.00\u20ac<\/div>\r\n                                                            \r\n                                        \r\n                                        \r\n                <\/div>\r\n                <img decoding=\"async\" src=\"https:\/\/cparici.com\/wp-content\/uploads\/2025\/01\/le-bonheur-1-520x397.jpg\" alt=\"Maison Le Bonheur, 4 pers\" class=\"listing-thumbnail\">\r\n                \r\n\r\n                <div class=\"listing-item-content\">\r\n                    \r\n                    <h3> Maison Le Bonheur, 4 pers <\/h3>\r\n                    <span>Concarneau, Le Porzou<\/span>\r\n                <\/div>\r\n                                        <span class=\"save like-icon tooltip left\" title=\"Login To Bookmark Items\"><\/span>\r\n                                                <\/div>\r\n        <\/a>\r\n                    <\/div>\r\n        \r\n\r\n        <!-- Listing Item \/ End -->\n                    <\/div>\n                                      <div class=\"fw-carousel-item\">                    \n                        <!-- Listing Item -->\r\n            <div class=\"col-lg-6 col-md-12\">\r\n                <a href=\"https:\/\/cparici.com\/en\/annonce\/gite-familial-avec-acces-pmr\/\"  class=\"listing-item-container listing-geo-data compact\" \r\n\t\tdata-title=\"G\u00eete Familial avec Acc\u00e8s PMR\"\r\n\t\tdata-listing-type=\"rental\"\r\n\t\tdata-classifieds-price=\"\u20ac\"\r\n\t\tdata-friendly-address=\"149 Rte de Pen An Neac&#039;H, 29650 Plou\u00e9gat-Moysan, France\"\r\n\t\tdata-address=\"149 Rte de Pen An Neac'H, 29650 Plou\u00e9gat-Moysan, France\"\r\n\t\tdata-image=\"https:\/\/cparici.com\/wp-content\/uploads\/2025\/07\/le-puits-de-jeanne-152-520x397.jpg\"\r\n\t\tdata-longitude=\"-3.634414672851563\"\r\n\t\tdata-latitude=\"48.56700919526004\"\r\n\t\t\t\t\tdata-rating=\"4.8\"\r\n\t\t\tdata-reviews=\"621\"\r\n\t\t\t\tdata-icon=\"<svg xmlns=&quot;http:\/\/www.w3.org\/2000\/svg&quot; width=&quot;800px&quot; height=&quot;800px&quot; viewBox=&quot;0 0 45 45&quot; fill=&quot;none&quot;>\n<path d=&quot;M24.155 8.78099L24.33 8.94499L37.402 21.787L36 23.213L34.2 21.445L34.201 35C34.201 36.054 33.385 36.918 32.35 36.994L32.201 37H12.201C11.147 37 10.283 36.184 10.206 35.149L10.201 35L10.2 21.446L8.402 23.213L7 21.787L20.058 8.95799C21.171 7.82199 22.966 7.75899 24.155 8.78099ZM21.569 10.285L21.473 10.372L12.2 19.481L12.201 35L17.2 34.999L17.201 25C17.201 23.946 18.017 23.082 19.052 23.005L19.201 23H25.201C26.255 23 27.119 23.816 27.196 24.851L27.201 25L27.2 34.999L32.201 35L32.2 19.48L22.901 10.344C22.537 9.98699 21.969 9.96499 21.569 10.285ZM25.201 25H19.201L19.2 34.999H25.2L25.201 25Z&quot; fill=&quot;#3C3C3C&quot;\/>\n<\/svg>\"\r\n\r\n\t>\r\n            <div class=\"listing-item  featured-listing\">\r\n                <div class=\"listing-small-badges-container\">\r\n                                            <div class=\"listing-small-badge featured-badge\"><i class=\"fa fa-star\"><\/i> Featured<\/div>\r\n                                                                <div class=\"listing-small-badge pricing-badge\"><i class=\"fa fa-tag\"><\/i>130.00\u20ac - 160.00\u20ac<\/div>\r\n                                                            \r\n                                        \r\n                                        \r\n                <\/div>\r\n                <img decoding=\"async\" src=\"https:\/\/cparici.com\/wp-content\/uploads\/2025\/07\/le-puits-de-jeanne-152-520x397.jpg\" alt=\"G\u00eete Familial avec Acc\u00e8s PMR\" class=\"listing-thumbnail\">\r\n                \r\n\r\n                <div class=\"listing-item-content\">\r\n                                                <div class=\"numerical-rating\" data-rating=\"4.8\"><\/div>\r\n                    \r\n                    <h3> G\u00eete Familial avec Acc\u00e8s PMR <i class=\"verified-icon\"><\/i><\/h3>\r\n                    <span>149 Rte de Pen An Neac'H, 29650 Plou\u00e9gat-Moysan, France<\/span>\r\n                <\/div>\r\n                                        <span class=\"save like-icon tooltip left\" title=\"Login To Bookmark Items\"><\/span>\r\n                                                <\/div>\r\n        <\/a>\r\n                    <\/div>\r\n        \r\n\r\n        <!-- Listing Item \/ End -->\n                    <\/div>\n                                      <div class=\"fw-carousel-item\">                    \n                        <!-- Listing Item -->\r\n            <div class=\"col-lg-6 col-md-12\">\r\n                <a href=\"https:\/\/cparici.com\/en\/annonce\/ty-glaz-maison-en-bois-au-bord-de-la-mer-a-trelevern-terre-a-tribord-cote-de-granit-rose-bretagne\/\"  class=\"listing-item-container listing-geo-data compact\" \r\n\t\tdata-title=\"Ty Glaz \u2013 Maison en bois au bord de la mer \u00e0 Tr\u00e9l\u00e9vern \u2013 Terre \u00e0 Tribord, C\u00f4te de Granit Rose (Bretagne)\"\r\n\t\tdata-listing-type=\"rental\"\r\n\t\tdata-classifieds-price=\"\u20ac\"\r\n\t\tdata-friendly-address=\"16 Le Rhun, Tr\u00e9l\u00e9vern, France\"\r\n\t\tdata-address=\"16 Le Rhun, Tr\u00e9l\u00e9vern, France\"\r\n\t\tdata-image=\"https:\/\/cparici.com\/wp-content\/uploads\/2025\/07\/1-1-520x397.jpg\"\r\n\t\tdata-longitude=\"-3.3808085\"\r\n\t\tdata-latitude=\"48.81022369999999\"\r\n\t\t\t\t\tdata-rating=\"4.9\"\r\n\t\t\tdata-reviews=\"18\"\r\n\t\t\t\tdata-icon=\"<svg xmlns=&quot;http:\/\/www.w3.org\/2000\/svg&quot; width=&quot;800px&quot; height=&quot;800px&quot; viewBox=&quot;0 0 45 45&quot; fill=&quot;none&quot;>\n<path d=&quot;M24.155 8.78099L24.33 8.94499L37.402 21.787L36 23.213L34.2 21.445L34.201 35C34.201 36.054 33.385 36.918 32.35 36.994L32.201 37H12.201C11.147 37 10.283 36.184 10.206 35.149L10.201 35L10.2 21.446L8.402 23.213L7 21.787L20.058 8.95799C21.171 7.82199 22.966 7.75899 24.155 8.78099ZM21.569 10.285L21.473 10.372L12.2 19.481L12.201 35L17.2 34.999L17.201 25C17.201 23.946 18.017 23.082 19.052 23.005L19.201 23H25.201C26.255 23 27.119 23.816 27.196 24.851L27.201 25L27.2 34.999L32.201 35L32.2 19.48L22.901 10.344C22.537 9.98699 21.969 9.96499 21.569 10.285ZM25.201 25H19.201L19.2 34.999H25.2L25.201 25Z&quot; fill=&quot;#3C3C3C&quot;\/>\n<\/svg>\"\r\n\r\n\t>\r\n            <div class=\"listing-item  featured-listing\">\r\n                <div class=\"listing-small-badges-container\">\r\n                                            <div class=\"listing-small-badge featured-badge\"><i class=\"fa fa-star\"><\/i> Featured<\/div>\r\n                                                                <div class=\"listing-small-badge pricing-badge\"><i class=\"fa fa-tag\"><\/i>56.00\u20ac - 128.00\u20ac<\/div>\r\n                                                            \r\n                                        \r\n                                        \r\n                <\/div>\r\n                <img decoding=\"async\" src=\"https:\/\/cparici.com\/wp-content\/uploads\/2025\/07\/1-1-520x397.jpg\" alt=\"Ty Glaz \u2013 Maison en bois au bord de la mer \u00e0 Tr\u00e9l\u00e9vern \u2013 Terre \u00e0 Tribord, C\u00f4te de Granit Rose (Bretagne)\" class=\"listing-thumbnail\">\r\n                \r\n\r\n                <div class=\"listing-item-content\">\r\n                                                <div class=\"numerical-rating\" data-rating=\"4.9\"><\/div>\r\n                    \r\n                    <h3> Ty Glaz \u2013 Maison en bois au bord de la mer \u00e0 Tr\u00e9l\u00e9vern \u2013 Terre \u00e0 Tribord, C\u00f4te de Granit Rose (Bretagne) <\/h3>\r\n                    <span>16 Le Rhun, Tr\u00e9l\u00e9vern, France<\/span>\r\n                <\/div>\r\n                                        <span class=\"save like-icon tooltip left\" title=\"Login To Bookmark Items\"><\/span>\r\n                                                <\/div>\r\n        <\/a>\r\n                    <\/div>\r\n        \r\n\r\n        <!-- Listing Item \/ End -->\n                    <\/div>\n                                      <div class=\"fw-carousel-item\">                    \n                        <!-- Listing Item -->\r\n            <div class=\"col-lg-6 col-md-12\">\r\n                <a href=\"https:\/\/cparici.com\/en\/annonce\/ty-gwenn-maison-vue-mer-a-trelevern-terre-a-tribord-cote-de-granit-rose-bretagne\/\"  class=\"listing-item-container listing-geo-data compact\" \r\n\t\tdata-title=\"Ty Gwenn \u2013 Maison vue mer \u00e0 Tr\u00e9l\u00e9vern \u2013 Terre \u00e0 Tribord, C\u00f4te de Granit Rose (Bretagne)\"\r\n\t\tdata-listing-type=\"rental\"\r\n\t\tdata-classifieds-price=\"\u20ac\"\r\n\t\tdata-friendly-address=\"16 Le Rhun, Tr\u00e9l\u00e9vern, France\"\r\n\t\tdata-address=\"16 Le Rhun, Tr\u00e9l\u00e9vern, France\"\r\n\t\tdata-image=\"https:\/\/cparici.com\/wp-content\/uploads\/2025\/07\/1-520x397.jpg\"\r\n\t\tdata-longitude=\"-3.3808085\"\r\n\t\tdata-latitude=\"48.81022369999999\"\r\n\t\t\t\t\tdata-rating=\"4.9\"\r\n\t\t\tdata-reviews=\"18\"\r\n\t\t\t\tdata-icon=\"<svg xmlns=&quot;http:\/\/www.w3.org\/2000\/svg&quot; width=&quot;800px&quot; height=&quot;800px&quot; viewBox=&quot;0 0 45 45&quot; fill=&quot;none&quot;>\n<path d=&quot;M24.155 8.78099L24.33 8.94499L37.402 21.787L36 23.213L34.2 21.445L34.201 35C34.201 36.054 33.385 36.918 32.35 36.994L32.201 37H12.201C11.147 37 10.283 36.184 10.206 35.149L10.201 35L10.2 21.446L8.402 23.213L7 21.787L20.058 8.95799C21.171 7.82199 22.966 7.75899 24.155 8.78099ZM21.569 10.285L21.473 10.372L12.2 19.481L12.201 35L17.2 34.999L17.201 25C17.201 23.946 18.017 23.082 19.052 23.005L19.201 23H25.201C26.255 23 27.119 23.816 27.196 24.851L27.201 25L27.2 34.999L32.201 35L32.2 19.48L22.901 10.344C22.537 9.98699 21.969 9.96499 21.569 10.285ZM25.201 25H19.201L19.2 34.999H25.2L25.201 25Z&quot; fill=&quot;#3C3C3C&quot;\/>\n<\/svg>\"\r\n\r\n\t>\r\n            <div class=\"listing-item  featured-listing\">\r\n                <div class=\"listing-small-badges-container\">\r\n                                            <div class=\"listing-small-badge featured-badge\"><i class=\"fa fa-star\"><\/i> Featured<\/div>\r\n                                                                <div class=\"listing-small-badge pricing-badge\"><i class=\"fa fa-tag\"><\/i>70.00\u20ac - 192.00\u20ac<\/div>\r\n                                                            \r\n                                        \r\n                                        \r\n                <\/div>\r\n                <img decoding=\"async\" src=\"https:\/\/cparici.com\/wp-content\/uploads\/2025\/07\/1-520x397.jpg\" alt=\"Ty Gwenn \u2013 Maison vue mer \u00e0 Tr\u00e9l\u00e9vern \u2013 Terre \u00e0 Tribord, C\u00f4te de Granit Rose (Bretagne)\" class=\"listing-thumbnail\">\r\n                \r\n\r\n                <div class=\"listing-item-content\">\r\n                                                <div class=\"numerical-rating\" data-rating=\"4.9\"><\/div>\r\n                    \r\n                    <h3> Ty Gwenn \u2013 Maison vue mer \u00e0 Tr\u00e9l\u00e9vern \u2013 Terre \u00e0 Tribord, C\u00f4te de Granit Rose (Bretagne) <\/h3>\r\n                    <span>16 Le Rhun, Tr\u00e9l\u00e9vern, France<\/span>\r\n                <\/div>\r\n                                        <span class=\"save like-icon tooltip left\" title=\"Login To Bookmark Items\"><\/span>\r\n                                                <\/div>\r\n        <\/a>\r\n                    <\/div>\r\n        \r\n\r\n        <!-- Listing Item \/ End -->\n                    <\/div>\n                                      <div class=\"fw-carousel-item\">                    \n                        <!-- Listing Item -->\r\n            <div class=\"col-lg-6 col-md-12\">\r\n                <a href=\"https:\/\/cparici.com\/en\/annonce\/lecrin-2-4-pers\/\"  class=\"listing-item-container listing-geo-data compact\" \r\n\t\tdata-title=\"L\u2019Ecrin, 2-4 Pers\"\r\n\t\tdata-listing-type=\"rental\"\r\n\t\tdata-classifieds-price=\"\u20ac\"\r\n\t\tdata-friendly-address=\"Hyper-centre, Concarneau\"\r\n\t\tdata-address=\"Hyper-centre, Concarneau\"\r\n\t\tdata-image=\"https:\/\/cparici.com\/wp-content\/uploads\/2025\/01\/ecrin-1-520x397.jpg\"\r\n\t\tdata-longitude=\"-3.9195904\"\r\n\t\tdata-latitude=\"47.872971\"\r\n\t\t\t\t\tdata-rating=\"0\"\r\n\t\t\tdata-reviews=\"0\"\r\n\t\t\t\tdata-icon=\"<svg xmlns=&quot;http:\/\/www.w3.org\/2000\/svg&quot; width=&quot;800px&quot; height=&quot;800px&quot; viewBox=&quot;0 0 45 45&quot; fill=&quot;none&quot;>\n<path d=&quot;M24.155 8.78099L24.33 8.94499L37.402 21.787L36 23.213L34.2 21.445L34.201 35C34.201 36.054 33.385 36.918 32.35 36.994L32.201 37H12.201C11.147 37 10.283 36.184 10.206 35.149L10.201 35L10.2 21.446L8.402 23.213L7 21.787L20.058 8.95799C21.171 7.82199 22.966 7.75899 24.155 8.78099ZM21.569 10.285L21.473 10.372L12.2 19.481L12.201 35L17.2 34.999L17.201 25C17.201 23.946 18.017 23.082 19.052 23.005L19.201 23H25.201C26.255 23 27.119 23.816 27.196 24.851L27.201 25L27.2 34.999L32.201 35L32.2 19.48L22.901 10.344C22.537 9.98699 21.969 9.96499 21.569 10.285ZM25.201 25H19.201L19.2 34.999H25.2L25.201 25Z&quot; fill=&quot;#3C3C3C&quot;\/>\n<\/svg>\"\r\n\r\n\t>\r\n            <div class=\"listing-item  \">\r\n                <div class=\"listing-small-badges-container\">\r\n                                                                <div class=\"listing-small-badge pricing-badge\"><i class=\"fa fa-tag\"><\/i>Starts from 140.00\u20ac<\/div>\r\n                                                            \r\n                                        \r\n                                        \r\n                <\/div>\r\n                <img decoding=\"async\" src=\"https:\/\/cparici.com\/wp-content\/uploads\/2025\/01\/ecrin-1-520x397.jpg\" alt=\"L\u2019Ecrin, 2-4 Pers\" class=\"listing-thumbnail\">\r\n                \r\n\r\n                <div class=\"listing-item-content\">\r\n                    \r\n                    <h3> L\u2019Ecrin, 2-4 Pers <\/h3>\r\n                    <span>Hyper-centre, Concarneau<\/span>\r\n                <\/div>\r\n                                        <span class=\"save like-icon tooltip left\" title=\"Login To Bookmark Items\"><\/span>\r\n                                                <\/div>\r\n        <\/a>\r\n                    <\/div>\r\n        \r\n\r\n        <!-- Listing Item \/ End -->\n                    <\/div>\n                                      <div class=\"fw-carousel-item\">                    \n                        <!-- Listing Item -->\r\n            <div class=\"col-lg-6 col-md-12\">\r\n                <a href=\"https:\/\/cparici.com\/en\/annonce\/villa-leonie\/\"  class=\"listing-item-container listing-geo-data compact\" \r\n\t\tdata-title=\"Villa L\u00e9onie\"\r\n\t\tdata-listing-type=\"rental\"\r\n\t\tdata-classifieds-price=\"\u20ac\"\r\n\t\tdata-friendly-address=\"Kerlouan\"\r\n\t\tdata-address=\"Kerlouan\"\r\n\t\tdata-image=\"https:\/\/cparici.com\/wp-content\/uploads\/2025\/03\/1-520x397.jpg\"\r\n\t\tdata-longitude=\"-4.357733\"\r\n\t\tdata-latitude=\"48.651003\"\r\n\t\t\t\t\tdata-rating=\"5\"\r\n\t\t\tdata-reviews=\"31\"\r\n\t\t\t\tdata-icon=\"<svg xmlns=&quot;http:\/\/www.w3.org\/2000\/svg&quot; width=&quot;800px&quot; height=&quot;800px&quot; viewBox=&quot;0 0 45 45&quot; fill=&quot;none&quot;>\n<path d=&quot;M24.155 8.78099L24.33 8.94499L37.402 21.787L36 23.213L34.2 21.445L34.201 35C34.201 36.054 33.385 36.918 32.35 36.994L32.201 37H12.201C11.147 37 10.283 36.184 10.206 35.149L10.201 35L10.2 21.446L8.402 23.213L7 21.787L20.058 8.95799C21.171 7.82199 22.966 7.75899 24.155 8.78099ZM21.569 10.285L21.473 10.372L12.2 19.481L12.201 35L17.2 34.999L17.201 25C17.201 23.946 18.017 23.082 19.052 23.005L19.201 23H25.201C26.255 23 27.119 23.816 27.196 24.851L27.201 25L27.2 34.999L32.201 35L32.2 19.48L22.901 10.344C22.537 9.98699 21.969 9.96499 21.569 10.285ZM25.201 25H19.201L19.2 34.999H25.2L25.201 25Z&quot; fill=&quot;#3C3C3C&quot;\/>\n<\/svg>\"\r\n\r\n\t>\r\n            <div class=\"listing-item  featured-listing\">\r\n                <div class=\"listing-small-badges-container\">\r\n                                            <div class=\"listing-small-badge featured-badge\"><i class=\"fa fa-star\"><\/i> Featured<\/div>\r\n                                                                <div class=\"listing-small-badge pricing-badge\"><i class=\"fa fa-tag\"><\/i>360.00\u20ac - 800.00\u20ac<\/div>\r\n                                                            \r\n                                        \r\n                                        \r\n                <\/div>\r\n                <img decoding=\"async\" src=\"https:\/\/cparici.com\/wp-content\/uploads\/2025\/03\/1-520x397.jpg\" alt=\"Villa L\u00e9onie\" class=\"listing-thumbnail\">\r\n                \r\n\r\n                <div class=\"listing-item-content\">\r\n                                                <div class=\"numerical-rating\" data-rating=\"5.0\"><\/div>\r\n                    \r\n                    <h3> Villa L\u00e9onie <\/h3>\r\n                    <span>Kerlouan<\/span>\r\n                <\/div>\r\n                                        <span class=\"save like-icon tooltip left\" title=\"Login To Bookmark Items\"><\/span>\r\n                                                <\/div>\r\n        <\/a>\r\n                    <\/div>\r\n        \r\n\r\n        <!-- Listing Item \/ End -->\n                    <\/div>\n                                      <div class=\"fw-carousel-item\">                    \n                        <!-- Listing Item -->\r\n            <div class=\"col-lg-6 col-md-12\">\r\n                <a href=\"https:\/\/cparici.com\/en\/annonce\/appartement-le-hublot-4-pers-concarneau\/\"  class=\"listing-item-container listing-geo-data compact\" \r\n\t\tdata-title=\"Appartement Le Hublot 4 Pers \u2013 Concarneau\"\r\n\t\tdata-listing-type=\"rental\"\r\n\t\tdata-classifieds-price=\"\u20ac\"\r\n\t\tdata-friendly-address=\"Thalasso Concarneau\"\r\n\t\tdata-address=\"Thalasso Concarneau\"\r\n\t\tdata-image=\"https:\/\/cparici.com\/wp-content\/uploads\/2026\/04\/appartement-le-hublot-concarneau-cuisine-520x397.jpg\"\r\n\t\tdata-longitude=\"-3.9297274\"\r\n\t\tdata-latitude=\"47.8804838\"\r\n\t\t\t\t\tdata-rating=\"0\"\r\n\t\t\tdata-reviews=\"0\"\r\n\t\t\t\tdata-icon=\"<svg xmlns=&quot;http:\/\/www.w3.org\/2000\/svg&quot; width=&quot;800px&quot; height=&quot;800px&quot; viewBox=&quot;0 0 45 45&quot; fill=&quot;none&quot;>\n<path d=&quot;M24.155 8.78099L24.33 8.94499L37.402 21.787L36 23.213L34.2 21.445L34.201 35C34.201 36.054 33.385 36.918 32.35 36.994L32.201 37H12.201C11.147 37 10.283 36.184 10.206 35.149L10.201 35L10.2 21.446L8.402 23.213L7 21.787L20.058 8.95799C21.171 7.82199 22.966 7.75899 24.155 8.78099ZM21.569 10.285L21.473 10.372L12.2 19.481L12.201 35L17.2 34.999L17.201 25C17.201 23.946 18.017 23.082 19.052 23.005L19.201 23H25.201C26.255 23 27.119 23.816 27.196 24.851L27.201 25L27.2 34.999L32.201 35L32.2 19.48L22.901 10.344C22.537 9.98699 21.969 9.96499 21.569 10.285ZM25.201 25H19.201L19.2 34.999H25.2L25.201 25Z&quot; fill=&quot;#3C3C3C&quot;\/>\n<\/svg>\"\r\n\r\n\t>\r\n            <div class=\"listing-item  \">\r\n                <div class=\"listing-small-badges-container\">\r\n                                                                <div class=\"listing-small-badge pricing-badge\"><i class=\"fa fa-tag\"><\/i>120.00\u20ac - 0.00\u20ac<\/div>\r\n                                                            \r\n                                        \r\n                                        \r\n                <\/div>\r\n                <img decoding=\"async\" src=\"https:\/\/cparici.com\/wp-content\/uploads\/2026\/04\/appartement-le-hublot-concarneau-cuisine-520x397.jpg\" alt=\"Appartement Le Hublot 4 Pers \u2013 Concarneau\" class=\"listing-thumbnail\">\r\n                \r\n\r\n                <div class=\"listing-item-content\">\r\n                    \r\n                    <h3> Appartement Le Hublot 4 Pers \u2013 Concarneau <\/h3>\r\n                    <span>Thalasso Concarneau<\/span>\r\n                <\/div>\r\n                                        <span class=\"save like-icon tooltip left\" title=\"Login To Bookmark Items\"><\/span>\r\n                                                <\/div>\r\n        <\/a>\r\n                    <\/div>\r\n        \r\n\r\n        <!-- Listing Item \/ End -->\n                    <\/div>\n                                      <div class=\"fw-carousel-item\">                    \n                        <!-- Listing Item -->\r\n            <div class=\"col-lg-6 col-md-12\">\r\n                <a href=\"https:\/\/cparici.com\/en\/annonce\/villa-grand-large-12-pers-concarneau-le-cabellou\/\"  class=\"listing-item-container listing-geo-data compact\" \r\n\t\tdata-title=\"Villa Grand large 12 Pers \u2013 Concarneau \u2013 Le Cabellou\"\r\n\t\tdata-listing-type=\"rental\"\r\n\t\tdata-classifieds-price=\"\u20ac\"\r\n\t\tdata-friendly-address=\"Concarneau, proche plage et centre\"\r\n\t\tdata-address=\"Concarneau, proche plage et centre\"\r\n\t\tdata-image=\"https:\/\/cparici.com\/wp-content\/uploads\/2025\/12\/maison-villa-piscine-520x397.jpg\"\r\n\t\tdata-longitude=\"-3.913984\"\r\n\t\tdata-latitude=\"47.857957\"\r\n\t\t\t\t\tdata-rating=\"0\"\r\n\t\t\tdata-reviews=\"0\"\r\n\t\t\t\tdata-icon=\"<svg xmlns=&quot;http:\/\/www.w3.org\/2000\/svg&quot; width=&quot;800px&quot; height=&quot;800px&quot; viewBox=&quot;0 0 45 45&quot; fill=&quot;none&quot;>\n<path d=&quot;M24.155 8.78099L24.33 8.94499L37.402 21.787L36 23.213L34.2 21.445L34.201 35C34.201 36.054 33.385 36.918 32.35 36.994L32.201 37H12.201C11.147 37 10.283 36.184 10.206 35.149L10.201 35L10.2 21.446L8.402 23.213L7 21.787L20.058 8.95799C21.171 7.82199 22.966 7.75899 24.155 8.78099ZM21.569 10.285L21.473 10.372L12.2 19.481L12.201 35L17.2 34.999L17.201 25C17.201 23.946 18.017 23.082 19.052 23.005L19.201 23H25.201C26.255 23 27.119 23.816 27.196 24.851L27.201 25L27.2 34.999L32.201 35L32.2 19.48L22.901 10.344C22.537 9.98699 21.969 9.96499 21.569 10.285ZM25.201 25H19.201L19.2 34.999H25.2L25.201 25Z&quot; fill=&quot;#3C3C3C&quot;\/>\n<\/svg>\"\r\n\r\n\t>\r\n            <div class=\"listing-item  \">\r\n                <div class=\"listing-small-badges-container\">\r\n                                                                <div class=\"listing-small-badge pricing-badge\"><i class=\"fa fa-tag\"><\/i>410.00\u20ac - 450.00\u20ac<\/div>\r\n                                                            \r\n                                        \r\n                                        \r\n                <\/div>\r\n                <img decoding=\"async\" src=\"https:\/\/cparici.com\/wp-content\/uploads\/2025\/12\/maison-villa-piscine-520x397.jpg\" alt=\"Villa Grand large 12 Pers \u2013 Concarneau \u2013 Le Cabellou\" class=\"listing-thumbnail\">\r\n                \r\n\r\n                <div class=\"listing-item-content\">\r\n                    \r\n                    <h3> Villa Grand large 12 Pers \u2013 Concarneau \u2013 Le Cabellou <\/h3>\r\n                    <span>Concarneau, proche plage et centre<\/span>\r\n                <\/div>\r\n                                        <span class=\"save like-icon tooltip left\" title=\"Login To Bookmark Items\"><\/span>\r\n                                                <\/div>\r\n        <\/a>\r\n                    <\/div>\r\n        \r\n\r\n        <!-- Listing Item \/ End -->\n                    <\/div>\n                          <\/div>\n        \t\t\t\t<\/div>\n\t\t\t\t<\/div>\n\t\t\t\t\t<\/div>\n\t\t\t\t<\/div>\n\t\t<div class=\"elementor-element elementor-element-a258c0e e-flex e-con-boxed e-con e-parent\" data-id=\"a258c0e\" data-element_type=\"container\" data-e-type=\"container\">\n\t\t\t\t\t<div class=\"e-con-inner\">\n\t\t\t\t<div class=\"elementor-element elementor-element-65eb8c9 elementor-widget elementor-widget-text-editor\" data-id=\"65eb8c9\" data-element_type=\"widget\" data-e-type=\"widget\" data-widget_type=\"text-editor.default\">\n\t\t\t\t\t\t\t\t\t<h2 style=\"text-align: left;\"><strong style=\"font-family: Raleway; font-size: 24px; text-align: start;\"><span style=\"font-size: 12pt;\">Toit de chaume et chaumi\u00e8res<\/span><\/strong><\/h2><p><span style=\"font-size: 12pt;\"><strong>Les toits de chaume<\/strong> sont diff\u00e9rents des couvertures qu\u2019on retrouve habituellement sur les maisons modernes en bretagne \u2013 souvent des toits en ardoise, puisqu\u2019<strong>ils sont faits de roseau et de jonc<\/strong> qui sont recueillis dans le marais.<\/span><\/p><p><span style=\"font-size: 12pt;\">Les toits de chaume \u00e9taient tr\u00e8s r\u00e9pandus jusqu\u2019\u00e0 la fin du 19\u00e8me si\u00e8cle, leur co\u00fbt \u00e9tait moindre, et l\u2019isolation procur\u00e9e \u00e9tait efficace aussi bien en \u00e9t\u00e9 qu\u2019en hiver: \u201cLe chaume a longtemps servi pour recouvrir les toitures rurales, voire urbaines (de l\u00e0 vient la d\u00e9nomination de \u00ab chaumi\u00e8res \u00bb). Son utilisation \u00e9tait tr\u00e8s r\u00e9pandue jusqu\u2019\u00e0 la fin du xixe si\u00e8cle en raison du faible co\u00fbt du mat\u00e9riau et de l\u2019isolation thermique qu\u2019il procurait (les combles restent chauds en hiver et frais en \u00e9t\u00e9).\u201d Extrait wikip\u00e9dia<\/span><\/p><h2><span style=\"font-size: 14pt;\">Chaumi\u00e8res \u2013 visiter un village de chaumi\u00e8res en bretagne?<\/span><\/h2><p><span style=\"font-size: 12pt;\">Il est bien sur possible de visiter les villages de chaumi\u00e8res en bretagne, que ce soit en finist\u00e8re ou en Loire atlantique. Sur la commune de N\u00e9vez, dans le finist\u00e8re, vous trouverez deux villages de chaumi\u00e8res: Kerascoet et Kercanic.<\/span><\/p><h2><span style=\"font-size: 14pt;\">Village des chaumi\u00e8res dans le finist\u00e8re<\/span><\/h2><h3>Kerascoet<\/h3><p><span style=\"font-size: 12pt;\">Le village de chaumi\u00e8res de <a href=\"https:\/\/cparici.com\/kerascoet-les-chaumieres-de-kerascoet-a-nevez-en-finistere\/\">Kerascoet<\/a> est situ\u00e9 sur la commune de <a href=\"https:\/\/cparici.com\/nevez\/\">N\u00e9vez<\/a>, entre les villages de Kerstalen et le village de Port Manec\u2019h.<\/span><\/p><h4><span style=\"font-size: 12pt;\">Comment acc\u00e9der au village de chaumi\u00e8res de Kerascoet?<\/span><\/h4><p><span style=\"font-size: 12pt;\">Vous pouvez y acc\u00e9der depuis la ville de N\u00e9vez en empruntant la D77 direction Port Manec\u2019h puis tourner \u00e0 droite vers le village de Kerascoet en suivant les indications.<\/span><\/p><h4><span style=\"font-size: 12pt;\">O\u00f9 se stationner pr\u00e8s du village de chaumi\u00e8res de Kerascoet?<\/span><\/h4><p><span style=\"font-size: 12pt;\">Vous pouvez vous stationner sur le parking\u00a0 situ\u00e9 sur la route de <a href=\"https:\/\/cparici.com\/fr\/plage-de-rospico-a-nevez-finistere\/\">la plage de Rospico<\/a>. Attention, il n\u2019est pas possible de traverser le village en voiture, il est obligatoire de se stationner. Le stationnement est gratuit.<\/span><\/p><h4><span style=\"font-size: 12pt;\">Combien de chaumi\u00e8res dans le village de Kerascoet?<\/span><\/h4><p><span style=\"font-size: 12pt;\">Le village de Kerascoet comporte \u00e0 peu pr\u00e8s quinze chaumi\u00e8res.\u00a0 Elles sont regroup\u00e9es le long de l\u2019axe principal, une petite route pi\u00e9tonni\u00e8re accessible depuis le parking gratuit.<\/span><\/p><h3>Kercanic<\/h3><p><span style=\"font-size: 12pt;\">Le village de chaumi\u00e8res de <a href=\"https:\/\/cparici.com\/kercanic-les-chaumieres-de-kercanic-a-nevez-en-finistere\/\">Kercanic<\/a> est situ\u00e9 sur la commune de N\u00e9vez, entre les villages de Ragu\u00e9nez, le lieu-dit de C\u00e9lan et la <a href=\"https:\/\/cparici.com\/fr\/plage-de-dourveil-a-nevez-en-finistere\/\">plage de Dourveil.<\/a><\/span><\/p><h4><span style=\"font-size: 12pt;\">Comment acc\u00e9der au village de chaumi\u00e8res de Kercanic?<\/span><\/h4><p><span style=\"font-size: 12pt;\">Vous pouvez y acc\u00e9der depuis la ville de N\u00e9vez en empruntant la route qui m\u00e8ne au village de Ragu\u00e9nez, puis en tournat \u00e0 droite au lieu-dit C\u00e9lan, en suivant les indications.<\/span><\/p><h4><span style=\"font-size: 12pt;\">O\u00f9 se stationner pr\u00e8s du village de chaumi\u00e8res de Kercanic?<\/span><\/h4><p><span style=\"font-size: 12pt;\">Vous pouvez vous stationner sur la petite place situ\u00e9e au centre du petit village.<\/span><\/p><h4><span style=\"font-size: 12pt;\">Combien de chaumi\u00e8res dans le village de Kercanic?<\/span><\/h4><p><span style=\"font-size: 12pt;\">Le village de Kercanic comporte un peu moins de 10 chaumi\u00e8res.\u00a0 Elles sont regroup\u00e9es le long de l\u2019axe principal, une petite route qui m\u00e8ne \u00e0 la plage de Dourveil et \u00e0 la route\u00a0 de Tr\u00e9vignon.<\/span><\/p><h2><span style=\"font-size: 14pt;\">R\u00e9d\u00e9couvrir la ville de N\u00e9vez?<\/span><\/h2><p><span style=\"font-size: 12pt;\">La ville de N\u00e9vez est connue pour ses plages de sable fin, et ses eaux bleues pr\u00e9serv\u00e9es. Elle se situe id\u00e9alement entre Tr\u00e9gunc et Pont-Aven.<\/span><\/p><p><span style=\"font-size: 12pt;\">De Port Manech ou de la pointe de Tr\u00e9vignon, vous pouvez embarquer pour l\u2019archipel des Gl\u00e9nan, ou la ville de Pont-Aven, ville des peintres.<\/span><\/p><p><span style=\"font-size: 12pt;\">Bien s\u00fbr, comme expliqu\u00e9 ci-dessus, vous pourrez profiter de ses plages , la plage de Rospico, la plage de Port Panech, ou encore celles de Tahiti, Ragu\u00e9nez, Kersidan, Dourvei, mais aussi de ses nombreuses activit\u00e9s, de son march\u00e9\u2026<\/span><\/p><p><span style=\"font-size: 12pt;\">Mais n\u2019oubliez pas de prendre le temps de (re) d\u00e9couvrir l\u2019architecture des maisons n\u00e9o-bretonnes, celle des chaumi\u00e8res ( de Kerascoet ou Kercanic), ou encore les \u00e9l\u00e9ments culturels et de patrimoine breton.<\/span><\/p><p>Port Manech<\/p><p><span style=\"font-size: 12pt;\">Port Manech est un village qui fait partie de la commune de N\u00e9vez, et se trouve \u00e0 l\u2019embouchure de l\u2019Aven. Il dispose d\u2019un belle plage, avec une vue imprenable sur l\u2019embouchure de l\u2019Aven et du Belon, et d\u2019un port, qui fut auparavant celui des p\u00eacheurs \u00e0 la sardine. Port Manech connut ses heures de gloire \u00e0 la Belle Epoque, et il reste toujours les cabines de bain en bois pour t\u00e9moigner de ce glorieux pass\u00e9.<\/span><\/p><p><span style=\"font-size: 12pt;\">Ici encore, un peintre tr\u00e8s connu, Paul Gauguin, aimait \u00e0 venir peindre des p\u00eacheurs ou des femmes en coiffe bretonne; lorsqu\u2019il s\u00e9journait \u00e0 Pont-Aven.<\/span><\/p><h2><span style=\"font-size: 14pt;\">Village des chaumi\u00e8res en Bri\u00e8re<\/span><\/h2><h3>Kerhinet<\/h3><p><span style=\"font-size: 12pt;\">Le village de chaumi\u00e8res de Kerhinet est situ\u00e9 sur la commune de Saint-Lyphard en Loire atlantique, dans le parc naturel de Bri\u00e8re.<\/span><\/p><h4><span style=\"font-size: 12pt;\">Comment acc\u00e9der au village de chaumi\u00e8res de Kerhinet?<\/span><\/h4><p><span style=\"font-size: 12pt;\">Vous pouvez y acc\u00e9der depuis la ville de Gu\u00e9rande en empruntant la D774 direction Herbignac, puis en tournant \u00e0 droite en suivant les indications.<\/span><\/p><h4><span style=\"font-size: 12pt;\">O\u00f9 se stationner pr\u00e8s du village de chaumi\u00e8res de Kerhinet?<\/span><\/h4><p><span style=\"font-size: 12pt;\">Vous pouvez vous stationner sur le grand parking\u00a0 situ\u00e9 au sud du village, puis ensuite vous rendre \u00e0 pied dans le village.<\/span><\/p><h4><span style=\"font-size: 12pt;\">Combien de chaumi\u00e8res dans le village de Kerascoet?<\/span><\/h4><p><span style=\"font-size: 12pt;\">Le village de Kerascoet comporte\u00a0 dix-huit chaumi\u00e8res.\u00a0 Elles sont regroup\u00e9es le long de l\u2019axe principal, une petite route pi\u00e9tonni\u00e8re accessible depuis le grand parking.<\/span><\/p><p style=\"text-align: center; font-size: 16px;\"><em><span style=\"color: #003366;\"><strong>N\u00e9vez<\/strong><\/span>, est une jolie petite ville de Bretagne Sud en\u00a0 France qui borde l\u2019atlantique. Elle est situ\u00e9e entre les villes de Tr\u00e9gunc et de Pont-Aven.<\/em><\/p>\t\t\t\t\t\t\t\t<\/div>\n\t\t\t\t\t<\/div>\n\t\t\t\t<\/div>\n\t\t<div class=\"elementor-element elementor-element-5d40c72 e-flex e-con-boxed e-con e-parent\" data-id=\"5d40c72\" data-element_type=\"container\" data-e-type=\"container\">\n\t\t\t\t\t<div class=\"e-con-inner\">\n\t\t\t\t<div class=\"elementor-element elementor-element-cab6f81 elementor-widget elementor-widget-listeo-posts-grid\" data-id=\"cab6f81\" data-element_type=\"widget\" data-e-type=\"widget\" data-widget_type=\"listeo-posts-grid.default\">\n\t\t\t\t<div class=\"elementor-widget-container\">\n\t\t\t\t\t\t\t\n\t\t<div class=\"listeo-post-grid-wrapper\">\n\t\t\t<div class=\"row\">\n\n\t\t\t\n\n\t\t\t\t\t\t\t<div class=\"col-md-4\">\n                <a href=\"https:\/\/cparici.com\/en\/hoedic\/\" class=\"blog-compact-item-container\">\n                    <div class=\"blog-compact-item\">\n                        <img decoding=\"async\" width=\"577\" height=\"194\" src=\"https:\/\/cparici.com\/wp-content\/uploads\/2024\/06\/Hoedic.jpg\" class=\"attachment-listeo-blog-related-post size-listeo-blog-related-post wp-post-image\" alt=\"Hoedic\" srcset=\"https:\/\/cparici.com\/wp-content\/uploads\/2024\/06\/Hoedic.jpg 1550w, https:\/\/cparici.com\/wp-content\/uploads\/2024\/06\/Hoedic-600x202.jpg 600w, https:\/\/cparici.com\/wp-content\/uploads\/2024\/06\/Hoedic-300x101.jpg 300w, https:\/\/cparici.com\/wp-content\/uploads\/2024\/06\/Hoedic-1024x345.jpg 1024w, https:\/\/cparici.com\/wp-content\/uploads\/2024\/06\/Hoedic-768x259.jpg 768w, https:\/\/cparici.com\/wp-content\/uploads\/2024\/06\/Hoedic-1536x517.jpg 1536w\" sizes=\"(max-width: 577px) 100vw, 577px\" \/><span class=\"blog-item-tag\">Bretagne<\/span>                        \n                        <div class=\"blog-compact-item-content\">\n                                                        <h3>Hoedic \u2013 guide complet pour explorer l\u2019\u00eele<\/h3>\n                                                        <p>Comment visiter Hoedic, l'\u00eele aux mille secrets ? Suivez notre guide complet pour explorer ce...                            <\/p>\n                                                    <\/div>\n                    <\/div>\n                <\/a>\n            <\/div>\n\t\t\t<div class=\"col-md-4\">\n                <a href=\"https:\/\/cparici.com\/en\/benodet-guide-ultime-pour-decouvrir-la-perle-du-finistere\/\" class=\"blog-compact-item-container\">\n                    <div class=\"blog-compact-item\">\n                        <img decoding=\"async\" width=\"577\" height=\"380\" src=\"https:\/\/cparici.com\/wp-content\/uploads\/2024\/04\/port-plaisance-benodet.jpg\" class=\"attachment-listeo-blog-related-post size-listeo-blog-related-post wp-post-image\" alt=\"benodet\" srcset=\"https:\/\/cparici.com\/wp-content\/uploads\/2024\/04\/port-plaisance-benodet.jpg 1920w, https:\/\/cparici.com\/wp-content\/uploads\/2024\/04\/port-plaisance-benodet-600x395.jpg 600w, https:\/\/cparici.com\/wp-content\/uploads\/2024\/04\/port-plaisance-benodet-300x198.jpg 300w, https:\/\/cparici.com\/wp-content\/uploads\/2024\/04\/port-plaisance-benodet-1024x675.jpg 1024w, https:\/\/cparici.com\/wp-content\/uploads\/2024\/04\/port-plaisance-benodet-768x506.jpg 768w, https:\/\/cparici.com\/wp-content\/uploads\/2024\/04\/port-plaisance-benodet-1536x1012.jpg 1536w\" sizes=\"(max-width: 577px) 100vw, 577px\" \/><span class=\"blog-item-tag\">B\u00e9nodet<\/span>                        \n                        <div class=\"blog-compact-item-content\">\n                                                        <h3>B\u00e9nodet \u2013 guide ultime pour d\u00e9couvrir la perle du Finist\u00e8re<\/h3>\n                                                        <p>D\u00e9couvrez B\u00e9nodet, la perle du Finist\u00e8re, avec notre guide ultime pour 2024 - B\u00e9nodet vous...                            <\/p>\n                                                    <\/div>\n                    <\/div>\n                <\/a>\n            <\/div>\n\t\t\t<div class=\"col-md-4\">\n                <a href=\"https:\/\/cparici.com\/en\/marinarium-de-concarneau-guide-pratique\/\" class=\"blog-compact-item-container\">\n                    <div class=\"blog-compact-item\">\n                        <img decoding=\"async\" width=\"577\" height=\"225\" src=\"https:\/\/cparici.com\/wp-content\/uploads\/2024\/04\/marinarium-de-Concarneau.jpg\" class=\"attachment-listeo-blog-related-post size-listeo-blog-related-post wp-post-image\" alt=\"marinarium de Concarneau\" srcset=\"https:\/\/cparici.com\/wp-content\/uploads\/2024\/04\/marinarium-de-Concarneau.jpg 1500w, https:\/\/cparici.com\/wp-content\/uploads\/2024\/04\/marinarium-de-Concarneau-600x234.jpg 600w, https:\/\/cparici.com\/wp-content\/uploads\/2024\/04\/marinarium-de-Concarneau-300x117.jpg 300w, https:\/\/cparici.com\/wp-content\/uploads\/2024\/04\/marinarium-de-Concarneau-1024x399.jpg 1024w, https:\/\/cparici.com\/wp-content\/uploads\/2024\/04\/marinarium-de-Concarneau-768x300.jpg 768w\" sizes=\"(max-width: 577px) 100vw, 577px\" \/><span class=\"blog-item-tag\">Bretagne<\/span>                        \n                        <div class=\"blog-compact-item-content\">\n                                                        <h3>Marinarium de Concarneau \u2013 guide pratique<\/h3>\n                                                        <p>Envie de plonger dans le monde fascinant des oc\u00e9ans ? Visitez le marinarium de Concarneau,...                            <\/p>\n                                                    <\/div>\n                    <\/div>\n                <\/a>\n            <\/div>\n  <\/div>\n        <\/div>\n        \t\t\t\t<\/div>\n\t\t\t\t<\/div>\n\t\t\t\t\t<\/div>\n\t\t\t\t<\/div>\n\t\t\t\t<\/div>\n\t\t","protected":false},"excerpt":{"rendered":"<p>les chaumi\u00e8res &#8211; Village de chaumi\u00e8res en bretagne N\u00e9vez Finist\u00e8re d\u00e9couvrez les maisons typiques recouvertes de toit de chaume<\/p>","protected":false},"author":1,"featured_media":14874,"comment_status":"closed","ping_status":"closed","sticky":false,"template":"elementor_header_footer","format":"image","meta":{"ngg_post_thumbnail":0,"footnotes":""},"categories":[478,314,160,161,477,315],"tags":[357,364,352,362,363,353,361,365],"class_list":["post-14869","post","type-post","status-publish","format-image","has-post-thumbnail","hentry","category-bretagne","category-architecture","category-culture","category-famille","category-france","category-histoire","tag-bretagne-sud","tag-chaumieres","tag-finistere","tag-kerascoet","tag-kercanic","tag-nevez","tag-rospico","tag-village","post_format-post-format-image"],"_links":{"self":[{"href":"https:\/\/cparici.com\/en\/wp-json\/wp\/v2\/posts\/14869","targetHints":{"allow":["GET"]}}],"collection":[{"href":"https:\/\/cparici.com\/en\/wp-json\/wp\/v2\/posts"}],"about":[{"href":"https:\/\/cparici.com\/en\/wp-json\/wp\/v2\/types\/post"}],"author":[{"embeddable":true,"href":"https:\/\/cparici.com\/en\/wp-json\/wp\/v2\/users\/1"}],"replies":[{"embeddable":true,"href":"https:\/\/cparici.com\/en\/wp-json\/wp\/v2\/comments?post=14869"}],"version-history":[{"count":0,"href":"https:\/\/cparici.com\/en\/wp-json\/wp\/v2\/posts\/14869\/revisions"}],"wp:featuredmedia":[{"embeddable":true,"href":"https:\/\/cparici.com\/en\/wp-json\/wp\/v2\/media\/14874"}],"wp:attachment":[{"href":"https:\/\/cparici.com\/en\/wp-json\/wp\/v2\/media?parent=14869"}],"wp:term":[{"taxonomy":"category","embeddable":true,"href":"https:\/\/cparici.com\/en\/wp-json\/wp\/v2\/categories?post=14869"},{"taxonomy":"post_tag","embeddable":true,"href":"https:\/\/cparici.com\/en\/wp-json\/wp\/v2\/tags?post=14869"}],"curies":[{"name":"wp","href":"https:\/\/api.w.org\/{rel}","templated":true}]}}