{"id":14957,"date":"2022-09-10T07:06:49","date_gmt":"2022-09-10T07:06:49","guid":{"rendered":"https:\/\/cparici.com\/?p=14957"},"modified":"2026-02-25T16:20:50","modified_gmt":"2026-02-25T15:20:50","slug":"les-glenans-archipelago-of-the-glenan-islands-in-fouesnant-in-finistere","status":"publish","type":"post","link":"https:\/\/cparici.com\/en\/les-glenans-archipel-des-iles-glenan-a-fouesnant-en-finistere\/","title":{"rendered":"Les Glenans - Archipelago of the Gl\u00e9nan islands in Fouesnant, Finist\u00e8re"},"content":{"rendered":"\t\t<div data-elementor-type=\"wp-post\" data-elementor-id=\"14957\" class=\"elementor elementor-14957\" data-elementor-post-type=\"post\">\n\t\t\t\t<div class=\"elementor-element elementor-element-6a58894 e-con-full e-flex e-con e-parent\" data-id=\"6a58894\" data-element_type=\"container\" data-e-type=\"container\">\n\t\t\t\t<div class=\"elementor-element elementor-element-5b893f4 elementor-widget elementor-widget-image\" data-id=\"5b893f4\" data-element_type=\"widget\" data-e-type=\"widget\" data-widget_type=\"image.default\">\n\t\t\t\t\t\t\t\t\t\t\t\t\t\t\t<img decoding=\"async\" width=\"1520\" height=\"361\" src=\"https:\/\/cparici.com\/wp-content\/uploads\/2024\/04\/Les-Glenan-Archipel-des-Glenan-a-Tregunc-en-finistere-banniere1.jpg\" class=\"attachment-full size-full wp-image-16385\" alt=\"les gl\u00e9nan\" srcset=\"https:\/\/cparici.com\/wp-content\/uploads\/2024\/04\/Les-Glenan-Archipel-des-Glenan-a-Tregunc-en-finistere-banniere1.jpg 1520w, https:\/\/cparici.com\/wp-content\/uploads\/2024\/04\/Les-Glenan-Archipel-des-Glenan-a-Tregunc-en-finistere-banniere1-600x143.jpg 600w, https:\/\/cparici.com\/wp-content\/uploads\/2024\/04\/Les-Glenan-Archipel-des-Glenan-a-Tregunc-en-finistere-banniere1-300x71.jpg 300w, https:\/\/cparici.com\/wp-content\/uploads\/2024\/04\/Les-Glenan-Archipel-des-Glenan-a-Tregunc-en-finistere-banniere1-1024x243.jpg 1024w, https:\/\/cparici.com\/wp-content\/uploads\/2024\/04\/Les-Glenan-Archipel-des-Glenan-a-Tregunc-en-finistere-banniere1-768x182.jpg 768w\" sizes=\"(max-width: 1520px) 100vw, 1520px\" \/>\t\t\t\t\t\t\t\t\t\t\t\t\t\t\t<\/div>\n\t\t\t\t<\/div>\n\t\t<div class=\"elementor-element elementor-element-ed2d3a5 e-flex e-con-boxed e-con e-parent\" data-id=\"ed2d3a5\" data-element_type=\"container\" data-e-type=\"container\">\n\t\t\t\t\t<div class=\"e-con-inner\">\n\t\t\t\t<div class=\"elementor-element elementor-element-72d2e89 elementor-widget elementor-widget-global elementor-global-62046 elementor-widget-eael-advanced-search\" data-id=\"72d2e89\" data-element_type=\"widget\" data-e-type=\"widget\" data-widget_type=\"eael-advanced-search.default\">\n\t\t\t\t\t        <div class=\"eael-adv-search-wrapper\">\n            <div id=\"eael-advanced-search-widget-72d2e89\" class=\"eael-advanced-search-widget\">\n                <form data-settings=\"{&quot;post_per_page&quot;:5,&quot;search_among_taxonomies&quot;:&quot;&quot;,&quot;search_among_sku&quot;:&quot;no&quot;,&quot;show_popular_keyword&quot;:0,&quot;show_category&quot;:0,&quot;show_content_image&quot;:1,&quot;show_search_result_all_results&quot;:0,&quot;result_on_new_tab&quot;:&quot;no&quot;,&quot;show_product_price&quot;:&quot;no&quot;,&quot;include_current_page&quot;:&quot;no&quot;,&quot;current_post_id&quot;:14957,&quot;post_type&quot;:[&quot;post&quot;,&quot;listing&quot;]}\" method=\"POST\" name=\"eael-advanced-search-form-72d2e89\" class=\"eael-advanced-search-form eael-advanced-search-form-style-2\">\n                    <div class=\"eael-advanced-search-wrap\">\n                        <span class=\"eael-adv-search-loader\"><\/span>\n                        <span class=\"eael-adv-search-close\"><i class=\"fas fa-times\"><\/i><\/span>\n                        <span class=\"icon \"><i class=\"fas fa-search\"><\/i><\/span>\n\n                        <input type=\"text\"\n                               placeholder=\"Votre destination\"\n                               class=\"eael-advanced-search\" autocomplete=\"off\" name=\"eael_advanced_search\">\n                    <\/div>\n\t\t\t\t\t                                    <\/form>\n\n\t\t\t\t\n\t\t\t\t        <div class=\"eael-advanced-search-result\">\n            <div class=\"eael-advanced-search-popular-keyword\">\n\t\t\t\t<h4 class=\"eael-advanced-search-popular-keyword-text\">Recherches populaires<\/h4>                <div class=\"eael-popular-keyword-content\"><\/div>\n            <\/div>\n            <div class=\"eael-advanced-search-category\">\n\t\t\t\t<h4 class=\"eael-advanced-search-category-text\">Categories<\/h4>                <div class=\"eael-popular-category-content\"><\/div>\n            <\/div>\n\t\t\t<div class=\"eael-advanced-search-total-results-section\">\n\t\t\t\t\t\t\t<\/div>\n            <div class=\"eael-advanced-search-content eael-item-style-3\">\n            <\/div>\n            <div class=\"eael-advanced-search-not-found\">\n                <p>Pas de r\u00e9sultats<\/p><\/div>\n            <div class=\"eael-advanced-search-load-more\">\n\t\t\t\t<a \tclass=\"eael-advanced-search-load-more-button\"\n                \thref=\"#\">Voir tous les r\u00e9sultats<\/a>\n            <\/div>\n        <\/div>\n\n\t\t            <\/div>\n        <\/div>\n\n\t\t\t\t\t\t<\/div>\n\t\t\t\t\t<\/div>\n\t\t\t\t<\/div>\n\t\t<div class=\"elementor-element elementor-element-4eaceba9 e-flex e-con-boxed e-con e-parent\" data-id=\"4eaceba9\" data-element_type=\"container\" data-e-type=\"container\">\n\t\t\t\t\t<div class=\"e-con-inner\">\n\t\t\t\t<div class=\"elementor-element elementor-element-19c40e6f elementor-widget elementor-widget-text-editor\" data-id=\"19c40e6f\" data-element_type=\"widget\" data-e-type=\"widget\" data-widget_type=\"text-editor.default\">\n\t\t\t\t\t\t\t\t\t<h1 style=\"text-align: center;\"><span style=\"font-size: 18pt;\">Les Glenans &#8211; D\u00e9couvrez l&#8217;Archipel des \u00eeles gl\u00e9nans<\/span><\/h1><h2><span style=\"font-size: 14pt;\"><strong>Les Glenans &#8211; Archipel des \u00eeles gl\u00e9nans a Fouesnant en Finist\u00e8re <\/strong>D\u00e9couvrez ce lieu paradisiaque, et \u00e9vadez-vous pour quelques heures loin de l&#8217;agitation du continent.<\/span><\/h2>\t\t\t\t\t\t\t\t<\/div>\n\t\t\t\t\t<\/div>\n\t\t\t\t<\/div>\n\t\t<aside class=\"elementor-element elementor-element-5e849af8 e-flex e-con-boxed e-con e-parent\" data-id=\"5e849af8\" data-element_type=\"container\" data-e-type=\"container\" data-settings=\"{&quot;background_background&quot;:&quot;classic&quot;}\">\n\t\t\t\t\t<div class=\"e-con-inner\">\n\t\t\t\t<div class=\"elementor-element elementor-element-3d0c7c79 elementor-widget elementor-widget-spacer\" data-id=\"3d0c7c79\" data-element_type=\"widget\" data-e-type=\"widget\" data-widget_type=\"spacer.default\">\n\t\t\t\t\t\t\t<div class=\"elementor-spacer\">\n\t\t\t<div class=\"elementor-spacer-inner\"><\/div>\n\t\t<\/div>\n\t\t\t\t\t\t<\/div>\n\t\t\t\t<div class=\"elementor-element elementor-element-66519a21 elementor-widget elementor-widget-heading\" data-id=\"66519a21\" data-element_type=\"widget\" data-e-type=\"widget\" data-widget_type=\"heading.default\">\n\t\t\t\t\t<h2 class=\"elementor-heading-title elementor-size-default\">H\u00e9bergements de Vacances Fuesnant Les Gl\u00e9nan en direct<\/h2>\t\t\t\t<\/div>\n\t\t\t\t<div class=\"elementor-element elementor-element-1b0a21cc elementor-widget elementor-widget-listeo-listings-carousel\" data-id=\"1b0a21cc\" data-element_type=\"widget\" data-e-type=\"widget\" data-widget_type=\"listeo-listings-carousel.default\">\n\t\t\t\t<div class=\"elementor-widget-container\">\n\t\t\t\t\t        <!-- Carousel \/ Start -->\n        \t<div class=\"simple-slick-carousel dots-nav\" data-slick='{&quot;autoplay&quot;:true,&quot;autoplaySpeed&quot;:3000,&quot;slidesToShow&quot;:3,&quot;slidesToScroll&quot;:1,&quot;responsive&quot;:[{&quot;breakpoint&quot;:1024,&quot;settings&quot;:{&quot;slidesToShow&quot;:2,&quot;slidesToScroll&quot;:1}},{&quot;breakpoint&quot;:768,&quot;settings&quot;:{&quot;slidesToShow&quot;:1,&quot;slidesToScroll&quot;:1}}]}'>\n                <\/div>\n        \t\t\t\t<\/div>\n\t\t\t\t<\/div>\n\t\t\t\t\t<\/div>\n\t\t\t\t<\/aside>\n\t\t<div class=\"elementor-element elementor-element-278e0009 e-flex e-con-boxed e-con e-parent\" data-id=\"278e0009\" data-element_type=\"container\" data-e-type=\"container\">\n\t\t\t\t\t<div class=\"e-con-inner\">\n\t\t<div class=\"elementor-element elementor-element-5a61bb38 e-con-full e-flex e-con e-child\" data-id=\"5a61bb38\" data-element_type=\"container\" data-e-type=\"container\">\n\t\t\t\t<div class=\"elementor-element elementor-element-24cc0ee4 elementor-widget elementor-widget-google_maps\" data-id=\"24cc0ee4\" data-element_type=\"widget\" data-e-type=\"widget\" data-widget_type=\"google_maps.default\">\n\t\t\t\t\t\t\t<div class=\"elementor-custom-embed\">\n\t\t\t<iframe loading=\"lazy\"\n\t\t\t\t\tsrc=\"https:\/\/maps.google.com\/maps?q=les%20glenan&#038;t=m&#038;z=10&#038;output=embed&#038;iwloc=near\"\n\t\t\t\t\ttitle=\"les glenan\"\n\t\t\t\t\taria-label=\"les glenan\"\n\t\t\t><\/iframe>\n\t\t<\/div>\n\t\t\t\t\t\t<\/div>\n\t\t\t\t<\/div>\n\t\t<div class=\"elementor-element elementor-element-9b633c5 e-con-full e-flex e-con e-child\" data-id=\"9b633c5\" data-element_type=\"container\" data-e-type=\"container\">\n\t\t\t\t<div class=\"elementor-element elementor-element-cbf6de5 elementor-widget__width-inherit elementor-absolute elementor-widget elementor-widget-image\" data-id=\"cbf6de5\" data-element_type=\"widget\" data-e-type=\"widget\" data-settings=\"{&quot;_position&quot;:&quot;absolute&quot;}\" data-widget_type=\"image.default\">\n\t\t\t\t\t\t\t\t\t\t\t\t\t\t\t<img decoding=\"async\" width=\"760\" height=\"501\" src=\"https:\/\/cparici.com\/wp-content\/uploads\/2024\/06\/croisiere-les-glenan-1024x675.jpg\" class=\"attachment-large size-large wp-image-38250\" alt=\"navette les glenan\" srcset=\"https:\/\/cparici.com\/wp-content\/uploads\/2024\/06\/croisiere-les-glenan-1024x675.jpg 1024w, https:\/\/cparici.com\/wp-content\/uploads\/2024\/06\/croisiere-les-glenan-600x395.jpg 600w, https:\/\/cparici.com\/wp-content\/uploads\/2024\/06\/croisiere-les-glenan-300x198.jpg 300w, https:\/\/cparici.com\/wp-content\/uploads\/2024\/06\/croisiere-les-glenan-768x506.jpg 768w, https:\/\/cparici.com\/wp-content\/uploads\/2024\/06\/croisiere-les-glenan-1536x1012.jpg 1536w, https:\/\/cparici.com\/wp-content\/uploads\/2024\/06\/croisiere-les-glenan.jpg 1920w\" sizes=\"(max-width: 760px) 100vw, 760px\" \/>\t\t\t\t\t\t\t\t\t\t\t\t\t\t\t<\/div>\n\t\t\t\t<\/div>\n\t\t\t\t\t<\/div>\n\t\t\t\t<\/div>\n\t\t<div class=\"elementor-element elementor-element-42c0f6a9 e-flex e-con-boxed e-con e-parent\" data-id=\"42c0f6a9\" data-element_type=\"container\" data-e-type=\"container\">\n\t\t\t\t\t<div class=\"e-con-inner\">\n\t\t<div class=\"elementor-element elementor-element-7ba7768d e-con-full e-flex e-con e-child\" data-id=\"7ba7768d\" data-element_type=\"container\" data-e-type=\"container\">\n\t\t\t\t<div class=\"elementor-element elementor-element-28a703a elementor-widget elementor-widget-text-editor\" data-id=\"28a703a\" data-element_type=\"widget\" data-e-type=\"widget\" data-widget_type=\"text-editor.default\">\n\t\t\t\t\t\t\t\t\t<h3><strong>O\u00f9 se trouve l&#8217;archipel des \u00eeles Gl\u00e9nans?<\/strong><\/h3><p><strong>Les Glenans<\/strong>\u00a0&#8211; l&#8217;archipel &#8211; se trouve dans l&#8217;oc\u00e9an atlantique au large de la c\u00f4te bretonne, en bretagne sud, dans le d\u00e9partement du Finist\u00e8re. Elle fait partie de la commune de Fouesnant.<\/p><h3>Combien d&#8217;\u00eelots compte l&#8217;archipel des Glenans?<\/h3><p>L&#8217;archipel des Gl\u00e9nan compte sept \u00eelots qui entourent une &#8216;mer int\u00e9rieure&#8217;. Selon wikip\u00e9dia, l&#8217;archipel des Gl\u00e9nan compte\u00a0<strong>neuf \u00eeles principales<\/strong>\u00a0et de\u00a0<strong>nombreux \u00eelots.<\/strong><\/p><p>Voici la liste des \u00eeles principales:<\/p><p>\u00cele Saint-Nicolas<br \/>\u00cele de Bananec<br \/>\u00cele du Loc&#8217;h<br \/>\u00cele de Penfret<br \/>\u00cele Cigogne<br \/>\u00cele de Dr\u00e9nec<br \/>\u00cele de Brunec<br \/>\u00cele de Guiautec<br \/>\u00cele de Quign\u00e9nec<br \/>\u00cele de Guiriden<\/p>\t\t\t\t\t\t\t\t<\/div>\n\t\t\t\t<\/div>\n\t\t<div class=\"elementor-element elementor-element-77c64e9 e-con-full e-flex e-con e-child\" data-id=\"77c64e9\" data-element_type=\"container\" data-e-type=\"container\">\n\t\t\t\t<div class=\"elementor-element elementor-element-65a42912 elementor-widget elementor-widget-text-editor\" data-id=\"65a42912\" data-element_type=\"widget\" data-e-type=\"widget\" data-widget_type=\"text-editor.default\">\n\t\t\t\t\t\t\t\t\t<h3>Les Glenans &#8211; Que voir sur l&#8217;archipel paradisiaque?<\/h3><p>Il n&#8217;est pas besoin d&#8217;aller loin pour avoir l&#8217;impression de voyager dans les tropiques.\u00a0<strong>Il suffit d&#8217;aller sur les Glenans<\/strong>\u00a0; c&#8217;est un lieu unique et pr\u00e9serv\u00e9!<\/p><p>La premi\u00e8re chose \u00e0 remarquer est la couleur de l&#8217;eau et du sable fin. L&#8217;eau est translucide et turquoise, et il est possibe de voir les fonds sableux ou rocheux, ainsi que les poissons. Il est possible de visiter les \u00eeles principales et d&#8217;admirer la nature.<\/p><p>\u00a0<\/p>\t\t\t\t\t\t\t\t<\/div>\n\t\t\t\t<\/div>\n\t\t\t\t\t<\/div>\n\t\t\t\t<\/div>\n\t\t<div class=\"elementor-element elementor-element-17713f01 e-flex e-con-boxed e-con e-parent\" data-id=\"17713f01\" data-element_type=\"container\" data-e-type=\"container\">\n\t\t\t\t\t<div class=\"e-con-inner\">\n\t\t<div class=\"elementor-element elementor-element-52b49851 e-con-full e-flex e-con e-child\" data-id=\"52b49851\" data-element_type=\"container\" data-e-type=\"container\">\n\t\t\t\t<div class=\"elementor-element elementor-element-7abb59b9 elementor-widget elementor-widget-text-editor\" data-id=\"7abb59b9\" data-element_type=\"widget\" data-e-type=\"widget\" data-widget_type=\"text-editor.default\">\n\t\t\t\t\t\t\t\t\t<h2><span style=\"font-size: 14pt;\">Comment venir aux Gl\u00e9nans?<\/span><\/h2><p><span style=\"font-size: 12pt;\">En saison, le plus facile est de prendre un aller-retour sur un des bateaux faisant des navettes entre le continent, et les Glenans. En, saison, et particulierement du mois d\u2019avril au mois de septembre, vous pouvez vous rendre sur les Gl\u00e9nan en prenant un ticket sur une de ces navettes au d\u00e9part de Port-La-For\u00eat, Fouesnant (\u00e0 la cale de Beg Meil), B\u00e9nodet, Concarneau, Loctudy, et aussi <a href=\"https:\/\/cparici.com\/trevignon-pointe-de-trevignon-a-tregunc-en-finistere\/\">Tr\u00e9vignon<\/a>.\u00a0<\/span><\/p><p><span style=\"font-size: 12pt;\">Bien s\u00fbr, si vous avez le permis bateau (c\u00f4tier), vous pouvez aussi louer un bateau pour la journ\u00e9e, et vous rendre par vous-m\u00eame sur l&#8217;archipel et visiter plus facilement les \u00eeles, ou profiter des plages paradisiaques.<\/span><\/p>\t\t\t\t\t\t\t\t<\/div>\n\t\t\t\t<\/div>\n\t\t<div class=\"elementor-element elementor-element-5d94c407 e-con-full e-flex e-con e-child\" data-id=\"5d94c407\" data-element_type=\"container\" data-e-type=\"container\">\n\t\t\t\t<div class=\"elementor-element elementor-element-3f12baef elementor-widget elementor-widget-text-editor\" data-id=\"3f12baef\" data-element_type=\"widget\" data-e-type=\"widget\" data-widget_type=\"text-editor.default\">\n\t\t\t\t\t\t\t\t\t<h2><span style=\"font-size: 14pt;\">O\u00f9 se stationner pour visiter les Glenans?<\/span><\/h2><p><span style=\"font-size: 12pt;\">Tout d\u00e9pend de quel port vous partez. Reportez-vous aux sites internet des compagnies maritimes concern\u00e9es qui vous indiqueront le meilleur moyen de se stationner pour visiter les Gl\u00e9nan.<\/span><\/p><h3>\u00a0<\/h3>\t\t\t\t\t\t\t\t<\/div>\n\t\t\t\t<\/div>\n\t\t\t\t\t<\/div>\n\t\t\t\t<\/div>\n\t\t<div class=\"elementor-element elementor-element-65944e7a e-flex e-con-boxed e-con e-parent\" data-id=\"65944e7a\" data-element_type=\"container\" data-e-type=\"container\">\n\t\t\t\t\t<div class=\"e-con-inner\">\n\t\t<div class=\"elementor-element elementor-element-24be1a2e e-con-full e-flex e-con e-child\" data-id=\"24be1a2e\" data-element_type=\"container\" data-e-type=\"container\">\n\t\t\t\t<div class=\"elementor-element elementor-element-1c726a26 elementor-widget elementor-widget-image\" data-id=\"1c726a26\" data-element_type=\"widget\" data-e-type=\"widget\" data-widget_type=\"image.default\">\n\t\t\t\t\t\t\t\t\t\t\t\t\t\t\t<img decoding=\"async\" width=\"760\" height=\"501\" src=\"https:\/\/cparici.com\/wp-content\/uploads\/2024\/04\/sardines-marinarium-concarneau-1-1024x675.jpg\" class=\"attachment-large size-large wp-image-38118\" alt=\"marinarium concarneau sardines\" srcset=\"https:\/\/cparici.com\/wp-content\/uploads\/2024\/04\/sardines-marinarium-concarneau-1-1024x675.jpg 1024w, https:\/\/cparici.com\/wp-content\/uploads\/2024\/04\/sardines-marinarium-concarneau-1-600x395.jpg 600w, https:\/\/cparici.com\/wp-content\/uploads\/2024\/04\/sardines-marinarium-concarneau-1-300x198.jpg 300w, https:\/\/cparici.com\/wp-content\/uploads\/2024\/04\/sardines-marinarium-concarneau-1-768x506.jpg 768w, https:\/\/cparici.com\/wp-content\/uploads\/2024\/04\/sardines-marinarium-concarneau-1-1536x1012.jpg 1536w, https:\/\/cparici.com\/wp-content\/uploads\/2024\/04\/sardines-marinarium-concarneau-1.jpg 1920w\" sizes=\"(max-width: 760px) 100vw, 760px\" \/>\t\t\t\t\t\t\t\t\t\t\t\t\t\t\t<\/div>\n\t\t\t\t<\/div>\n\t\t<div class=\"elementor-element elementor-element-444d4ab7 e-con-full e-flex e-con e-child\" data-id=\"444d4ab7\" data-element_type=\"container\" data-e-type=\"container\">\n\t\t\t\t<div class=\"elementor-element elementor-element-6929d16b elementor-widget elementor-widget-image\" data-id=\"6929d16b\" data-element_type=\"widget\" data-e-type=\"widget\" data-widget_type=\"image.default\">\n\t\t\t\t\t\t\t\t\t\t\t\t\t\t\t<img decoding=\"async\" width=\"760\" height=\"501\" src=\"https:\/\/cparici.com\/wp-content\/uploads\/2024\/06\/Les-glenan-1024x675.jpg\" class=\"attachment-large size-large wp-image-38256\" alt=\"croisi\u00e8re aux Gl\u00e9nan\" srcset=\"https:\/\/cparici.com\/wp-content\/uploads\/2024\/06\/Les-glenan-1024x675.jpg 1024w, https:\/\/cparici.com\/wp-content\/uploads\/2024\/06\/Les-glenan-600x395.jpg 600w, https:\/\/cparici.com\/wp-content\/uploads\/2024\/06\/Les-glenan-300x198.jpg 300w, https:\/\/cparici.com\/wp-content\/uploads\/2024\/06\/Les-glenan-768x506.jpg 768w, https:\/\/cparici.com\/wp-content\/uploads\/2024\/06\/Les-glenan-1536x1012.jpg 1536w, https:\/\/cparici.com\/wp-content\/uploads\/2024\/06\/Les-glenan.jpg 1920w\" sizes=\"(max-width: 760px) 100vw, 760px\" \/>\t\t\t\t\t\t\t\t\t\t\t\t\t\t\t<\/div>\n\t\t\t\t<\/div>\n\t\t\t\t\t<\/div>\n\t\t\t\t<\/div>\n\t\t<div class=\"elementor-element elementor-element-533c87 e-flex e-con-boxed e-con e-parent\" data-id=\"533c87\" data-element_type=\"container\" data-e-type=\"container\">\n\t\t\t\t\t<div class=\"e-con-inner\">\n\t\t\t\t<div class=\"elementor-element elementor-element-55d6788e elementor-widget elementor-widget-text-editor\" data-id=\"55d6788e\" data-element_type=\"widget\" data-e-type=\"widget\" data-widget_type=\"text-editor.default\">\n\t\t\t\t\t\t\t\t\t<h2><span style=\"font-size: 14pt;\">Les Gl\u00e9nans &#8211; Archipel des \u00eeles gl\u00e9nans a Fouesnant en finist\u00e8re, Choses&nbsp; \u00e0 faire<\/span><\/h2>\n<p><span style=\"font-size: 12pt;\">Voici une liste non exhaustive des <strong>choses \u00e0 faire aux Gl\u00e9nan.<\/strong><\/span><\/p>\n<h3>Se promener sur les \u00eelots et les rochers<\/h3>\n<p><span style=\"font-size: 12pt;\"><strong>Beaucoup de visiteurs viennent sur les Glenans pour profiter des moments de calme<\/strong>. Si vous accostez sur l&#8217;\u00eele Saint Nicolas, il est possible de marcher soit sur le sentier c\u00f4tier, soit en sortant des sentiers pour d\u00e9couvrir les paysages paradisiaques.<\/span><\/p>\n<h3>Boire un verre face \u00e0 la &#8216;mer int\u00e9rieure&#8217;<\/h3>\n<p><span style=\"font-size: 12pt;\">Sur l&#8217;ile Saint Nicolas, il est possible de&nbsp; boire un verre face \u00e0 la &#8220;mer int\u00e9rieure&#8221; et au quai d&#8217;acc\u00e8s des navettes et des bateaux de passage. l&#8217;oc\u00e9an. Prenez le temps d&#8217;observer le passage r\u00e9gulier des bateaux, et des visiteurs.<\/span><\/p>\n<h3>Se baigner aux Glenans<\/h3>\n<p><span style=\"font-size: 12pt;\">Pour se baigner aux Gl\u00e9nans, vous n&#8217;avez que l&#8217;embarras du choix: <strong>Sur l&#8217;\u00eele Saint Nicolas,<\/strong> vous pouvez acc\u00e9der facilement \u00e0 <strong>la plage de Gl\u00e9nan-Bannanec<\/strong>, qui se trouve tout pr\u00e8s de l&#8217;\u00eele Bannanec. A mar\u00e9e basse, il est possible de traverser, et de se baigner sur les plages de l&#8217;\u00eele Bannanec. Vous pouvez aussi vous baigner sur la plage qui fait face \u00e0 l&#8217;oc\u00e9an, la plage de Saint Nicolas.<\/span><\/p>\n<p><span style=\"font-size: 12pt;\"><strong>Sur l&#8217;\u00eele de Bannanec<\/strong>, dont l&#8217;acc\u00e8s est facile \u00e0 mar\u00e9e basse, deux magnifiques plages vous attendent. Il est facile d&#8217;accoster avec un bateau de location ou un petit voilier.<\/span><\/p>\n<p><span style=\"font-size: 12pt;\"><strong>Sur l&#8217;\u00eele de Penfret<\/strong>, vous trouverez aussi une longue plage qui fait face \u00e0 la mer int\u00e9rieure, et une plus petite plage o\u00f9 il est possible de se baigner.<\/span><\/p>\n<p><span style=\"font-size: 12pt;\">Enfin, si vous avez lou\u00e9 un bateau, vous pouvez bien s\u00fbr vous faire une pause au milieu de la &#8216;mer int\u00e9rieure&#8217;, et plonger dans l&#8217;eau turquoise.<\/span><\/p>\n<p>Toutes ces plages ont les eaux translucides, et du sable fin, id\u00e9al pour la famille.<\/p>\n<h3>Faire une partie de p\u00eache&nbsp;<\/h3>\n<p><span style=\"font-size: 12pt;\"><strong>Les Glenans<\/strong> &#8211; l&#8217;archipel qui se situe dans la commune de Fouesnant en finist\u00e8re sud &#8211; est un endroit tr\u00e8s pris\u00e9 pour s&#8217;adonner aux plaisirs de la p\u00eache, que ce soit sur le trajet aller-retour entre le continent et les \u00eeles, autour de l&#8217;archipel, ou dans la &#8216;mer int\u00e9rieure&#8217;.&nbsp; Attention cependant \u00e0 ne pas s&#8217;appprocher des casiers et filets.&nbsp;<\/span><\/p>\n<h3>Observer les oiseaux et la nature<\/h3>\n<p><span style=\"font-size: 12pt;\">L&#8217;archipel des Gl\u00e9nan est aussi un site class\u00e9 et prot\u00e9g\u00e9, id\u00e9al pour se retrouver au calme, et observer la nature. Vous pourrez m\u00eame y observer une fleur unique au monde!<\/span><\/p>\n<h3>Manger un homard \u00e0 Saint Nicolas<\/h3>\n<p><span style=\"font-size: 12pt;\">Saint Nicolas est plut\u00f4t anim\u00e9 en saison, et vous y trouverez&nbsp; un restaurant qui propose du homard frais et cuisin\u00e9. Installez vous en terrasse, et profitez de cet instant pour d\u00e9guster un homard en sauce&#8230; attention en saison il est indsipensable de r\u00e9server en avance!<\/span><\/p>\n<h3>Faire un stage de voile aux Gl\u00e9nan<\/h3>\n<p><span style=\"font-size: 12pt;\">L&#8217;archipel des Gl\u00e9nans est un lieu tr\u00e8s connu pour les stages, formations, ou initiations \u00e0 la voile. Vous y trouverez de quoi satisfaire les d\u00e9butants comme les plus aguerris. N&#8217;h\u00e9sitez pas \u00e0 vous renseigner sur internet.<\/span><\/p>\n<p><span style=\"font-size: 12pt;\">Bien s\u00fbr, cette liste n&#8217;est pas exhaustive, l&#8217;archipel des Gl\u00e9nan est un lieu unique o\u00f9 il est habituel de d\u00e9couvrir \u00e0 chaque visite de nouvelles choses. Pensez par exemple au Fort Cigogne.<\/span><\/p>\n<h2><span style=\"font-size: 14pt;\">Histoire des Glenans<\/span><\/h2>\n<p><span style=\"font-size: 12pt;\">L&#8217;archipel des Gl\u00e9nan fut pendant longtemps un rep\u00e8re de pirates. Ceux-ci trouvaient refuge dans l&#8217;archipel, puis attaquaient les navires de marchands passant \u00e0 proximit\u00e9 ou tentant de relier le continent.<\/span><\/p>\n<p><span style=\"font-size: 12pt;\">Ce n&#8217;est qu&#8217;au XVIII\u00e8me si\u00e8cle, sur la pr\u00e9consiation d&#8217;Emmanuel-Armand de Vignerot du Plessis, nouveau gouverneur de Bretagne,&nbsp; que la construction du Fort Cigogne est envisag\u00e9 pour emp\u00eacher les pirates ou les corsaires de revenir sur l&#8217;archipel. La construction ne fut pas t\u00e2che facile.<\/span><\/p>\n<p><span style=\"font-size: 12pt;\">Au XIX\u00e8me si\u00e8cle, les s\u00e9cheries de poisson voient le jour, et l&#8217;activit\u00e9 \u00e9conomique se d\u00e9ploie sur l&#8217;archipel.<\/span><\/p>\n<h2>&nbsp;<\/h2>\t\t\t\t\t\t\t\t<\/div>\n\t\t<div class=\"elementor-element elementor-element-5cf9014 e-con-full e-flex e-con e-child\" data-id=\"5cf9014\" data-element_type=\"container\" data-e-type=\"container\">\n\t\t\t\t<div class=\"elementor-element elementor-element-dba600f elementor-widget elementor-widget-heading\" data-id=\"dba600f\" data-element_type=\"widget\" data-e-type=\"widget\" data-widget_type=\"heading.default\">\n\t\t\t\t\t<h2 class=\"elementor-heading-title elementor-size-default\">Que faire \u00e0 proximit\u00e9 de Les Gl\u00e9nans - Archipel des \u00eeles gl\u00e9nan a Fouesnant en finist\u00e8re?<\/h2>\t\t\t\t<\/div>\n\t\t\t\t<div class=\"elementor-element elementor-element-566a6aac elementor-widget-divider--view-line_icon elementor-view-default elementor-widget-divider--element-align-center elementor-widget elementor-widget-divider\" data-id=\"566a6aac\" data-element_type=\"widget\" data-e-type=\"widget\" data-widget_type=\"divider.default\">\n\t\t\t\t\t\t\t<div class=\"elementor-divider\">\n\t\t\t<span class=\"elementor-divider-separator\">\n\t\t\t\t\t\t\t<div class=\"elementor-icon elementor-divider__element\">\n\t\t\t\t\t<svg aria-hidden=\"true\" class=\"e-font-icon-svg e-fas-street-view\" viewBox=\"0 0 512 512\" xmlns=\"http:\/\/www.w3.org\/2000\/svg\"><path d=\"M367.9 329.76c-4.62 5.3-9.78 10.1-15.9 13.65v22.94c66.52 9.34 112 28.05 112 49.65 0 30.93-93.12 56-208 56S48 446.93 48 416c0-21.6 45.48-40.3 112-49.65v-22.94c-6.12-3.55-11.28-8.35-15.9-13.65C58.87 345.34 0 378.05 0 416c0 53.02 114.62 96 256 96s256-42.98 256-96c0-37.95-58.87-70.66-144.1-86.24zM256 128c35.35 0 64-28.65 64-64S291.35 0 256 0s-64 28.65-64 64 28.65 64 64 64zm-64 192v96c0 17.67 14.33 32 32 32h64c17.67 0 32-14.33 32-32v-96c17.67 0 32-14.33 32-32v-96c0-26.51-21.49-48-48-48h-11.8c-11.07 5.03-23.26 8-36.2 8s-25.13-2.97-36.2-8H208c-26.51 0-48 21.49-48 48v96c0 17.67 14.33 32 32 32z\"><\/path><\/svg><\/div>\n\t\t\t\t\t\t<\/span>\n\t\t<\/div>\n\t\t\t\t\t\t<\/div>\n\t\t\t\t<\/div>\n\t\t\t\t\t<\/div>\n\t\t\t\t<\/div>\n\t\t<div class=\"elementor-element elementor-element-39a7e758 e-flex e-con-boxed e-con e-parent\" data-id=\"39a7e758\" data-element_type=\"container\" data-e-type=\"container\">\n\t\t\t\t\t<div class=\"e-con-inner\">\n\t\t<div class=\"elementor-element elementor-element-28df4f1 e-con-full e-flex e-con e-child\" data-id=\"28df4f1\" data-element_type=\"container\" data-e-type=\"container\">\n\t\t\t\t<div class=\"elementor-element elementor-element-1109974a elementor-widget elementor-widget-image\" data-id=\"1109974a\" data-element_type=\"widget\" data-e-type=\"widget\" data-widget_type=\"image.default\">\n\t\t\t\t\t\t\t\t\t\t\t\t\t\t\t<img decoding=\"async\" width=\"760\" height=\"507\" src=\"https:\/\/cparici.com\/wp-content\/uploads\/2024\/05\/trevignon-plage-1024x683.jpg\" class=\"attachment-large size-large wp-image-17250\" alt=\"location vacances tr\u00e9gunc\" srcset=\"https:\/\/cparici.com\/wp-content\/uploads\/2024\/05\/trevignon-plage-1024x683.jpg 1024w, https:\/\/cparici.com\/wp-content\/uploads\/2024\/05\/trevignon-plage-600x400.jpg 600w, https:\/\/cparici.com\/wp-content\/uploads\/2024\/05\/trevignon-plage-300x200.jpg 300w, https:\/\/cparici.com\/wp-content\/uploads\/2024\/05\/trevignon-plage-768x512.jpg 768w, https:\/\/cparici.com\/wp-content\/uploads\/2024\/05\/trevignon-plage-1536x1024.jpg 1536w, https:\/\/cparici.com\/wp-content\/uploads\/2024\/05\/trevignon-plage-2048x1366.jpg 2048w, https:\/\/cparici.com\/wp-content\/uploads\/2024\/05\/trevignon-plage-240x160.jpg 240w\" sizes=\"(max-width: 760px) 100vw, 760px\" \/>\t\t\t\t\t\t\t\t\t\t\t\t\t\t\t<\/div>\n\t\t\t\t<\/div>\n\t\t<div class=\"elementor-element elementor-element-197b1db0 e-con-full e-flex e-con e-child\" data-id=\"197b1db0\" data-element_type=\"container\" data-e-type=\"container\">\n\t\t\t\t<div class=\"elementor-element elementor-element-37e528d7 elementor-widget elementor-widget-image\" data-id=\"37e528d7\" data-element_type=\"widget\" data-e-type=\"widget\" data-widget_type=\"image.default\">\n\t\t\t\t\t\t\t\t\t\t\t\t\t\t\t<img decoding=\"async\" width=\"760\" height=\"507\" src=\"https:\/\/cparici.com\/wp-content\/uploads\/2024\/06\/pointe-de-Trevignon-port-2-scaled-1-1024x683.jpg\" class=\"attachment-large size-large wp-image-35768\" alt=\"\" srcset=\"https:\/\/cparici.com\/wp-content\/uploads\/2024\/06\/pointe-de-Trevignon-port-2-scaled-1-1024x683.jpg 1024w, https:\/\/cparici.com\/wp-content\/uploads\/2024\/06\/pointe-de-Trevignon-port-2-scaled-1-600x400.jpg 600w, https:\/\/cparici.com\/wp-content\/uploads\/2024\/06\/pointe-de-Trevignon-port-2-scaled-1-300x200.jpg 300w, https:\/\/cparici.com\/wp-content\/uploads\/2024\/06\/pointe-de-Trevignon-port-2-scaled-1-768x512.jpg 768w, https:\/\/cparici.com\/wp-content\/uploads\/2024\/06\/pointe-de-Trevignon-port-2-scaled-1-1536x1024.jpg 1536w, https:\/\/cparici.com\/wp-content\/uploads\/2024\/06\/pointe-de-Trevignon-port-2-scaled-1-2048x1366.jpg 2048w, https:\/\/cparici.com\/wp-content\/uploads\/2024\/06\/pointe-de-Trevignon-port-2-scaled-1-240x160.jpg 240w\" sizes=\"(max-width: 760px) 100vw, 760px\">\t\t\t\t\t\t\t\t\t\t\t\t\t\t\t<\/div>\n\t\t\t\t<\/div>\n\t\t\t\t\t<\/div>\n\t\t\t\t<\/div>\n\t\t<div class=\"elementor-element elementor-element-649a0fc3 e-flex e-con-boxed e-con e-parent\" data-id=\"649a0fc3\" data-element_type=\"container\" data-e-type=\"container\">\n\t\t\t\t\t<div class=\"e-con-inner\">\n\t\t\t\t<div class=\"elementor-element elementor-element-67e2cc13 elementor-widget elementor-widget-text-editor\" data-id=\"67e2cc13\" data-element_type=\"widget\" data-e-type=\"widget\" data-widget_type=\"text-editor.default\">\n\t\t\t\t\t\t\t\t\t<h3>Les villages de chaumi\u00e8re &#8211; Kercanic<\/h3><p><span style=\"font-size: 12pt;\">Le village de chaumi\u00e8res de Kercanic est situ\u00e9 sur la commune de N\u00e9vez, entre les villages de Ragu\u00e9nez, le lieu-dit de C\u00e9lan et la <a href=\"https:\/\/cparici.com\/plage-de-dourveil-a-nevez-en-finistere\/\">plage de Dourveil<\/a>, \u00e0 quelques kilom\u00e8tres seulement de Trevignon.<\/span><\/p><h3><span style=\"font-size: 14pt;\">La ville de N\u00e9vez<\/span><\/h3><p><span style=\"font-size: 12pt;\">La ville de N\u00e9vez est connue pour ses plages de sable fin, et ses eaux bleues pr\u00e9serv\u00e9es. Elle se situe id\u00e9alement entreTr\u00e9gunc et Pont-Aven.<\/span><\/p><h3>Port Manech<\/h3><p><span style=\"font-size: 12pt;\">Port Manech est un village qui fait partie de la commune de N\u00e9vez, et se trouve \u00e0 l&#8217;embouchure de l&#8217;Aven.<\/span><\/p><h3 style=\"text-align: center;\"><span style=\"color: #003366;\"><strong>Archipel des \u00eeles gl\u00e9nan a Fouesnant en finist\u00e8re<\/strong><\/span><\/h3><p style=\"text-align: center; font-size: 16px;\"><em><span style=\"color: #003366;\"><strong>Fouesnant &#8211; Les Gl\u00e9nans est la premi\u00e8re station baln\u00e9aire du finist\u00e8re<\/strong><\/span> qui borde l\u2019atlantique. Elle est situ\u00e9e entre les villes de Concarneau et de B\u00e9nodet<\/em><\/p><h3 style=\"text-align: center;\">Les Glenan &#8211; Archipel des \u00eeles gl\u00e9nan a Fouesnant en finist\u00e8re ,<\/h3><h3>\u00a0<\/h3>\t\t\t\t\t\t\t\t<\/div>\n\t\t\t\t\t<\/div>\n\t\t\t\t<\/div>\n\t\t<div class=\"elementor-element elementor-element-21fe5fce e-con-full e-flex e-con e-parent\" data-id=\"21fe5fce\" data-element_type=\"container\" data-e-type=\"container\" data-settings=\"{&quot;background_background&quot;:&quot;classic&quot;}\">\n\t\t\t\t<\/div>\n\t\t<div class=\"elementor-element elementor-element-926acc4 e-flex e-con-boxed e-con e-parent\" data-id=\"926acc4\" data-element_type=\"container\" data-e-type=\"container\">\n\t\t\t\t\t<div class=\"e-con-inner\">\n\t\t\t\t<div class=\"elementor-element elementor-element-d4e3d6a elementor-widget elementor-widget-listeo-posts-grid\" data-id=\"d4e3d6a\" data-element_type=\"widget\" data-e-type=\"widget\" data-widget_type=\"listeo-posts-grid.default\">\n\t\t\t\t<div class=\"elementor-widget-container\">\n\t\t\t\t\t\t\t\n\t\t<div class=\"listeo-post-grid-wrapper\">\n\t\t\t<div class=\"row\">\n\n\t\t\t\n\n\t\t\t\t\t\t\t<div class=\"col-md-4\">\n                <a href=\"https:\/\/cparici.com\/en\/fouesnant-plage-guide-des-spots-familiaux-et-des-clubs-nautiques\/\" class=\"blog-compact-item-container\">\n                    <div class=\"blog-compact-item\">\n                        <img decoding=\"async\" width=\"577\" height=\"256\" src=\"https:\/\/cparici.com\/wp-content\/uploads\/2024\/04\/fouesnant-plage-illustration-2-577x256.jpg\" class=\"attachment-listeo-blog-related-post size-listeo-blog-related-post wp-post-image\" alt=\"Fouesnant plage les plus belles plages\" srcset=\"https:\/\/cparici.com\/wp-content\/uploads\/2024\/04\/fouesnant-plage-illustration-2-577x256.jpg 577w, https:\/\/cparici.com\/wp-content\/uploads\/2024\/04\/fouesnant-plage-illustration-2-300x133.jpg 300w, https:\/\/cparici.com\/wp-content\/uploads\/2024\/04\/fouesnant-plage-illustration-2-1024x454.jpg 1024w, https:\/\/cparici.com\/wp-content\/uploads\/2024\/04\/fouesnant-plage-illustration-2-768x341.jpg 768w, https:\/\/cparici.com\/wp-content\/uploads\/2024\/04\/fouesnant-plage-illustration-2-1536x681.jpg 1536w, https:\/\/cparici.com\/wp-content\/uploads\/2024\/04\/fouesnant-plage-illustration-2-590x262.jpg 590w, https:\/\/cparici.com\/wp-content\/uploads\/2024\/04\/fouesnant-plage-illustration-2-1200x532.jpg 1200w, https:\/\/cparici.com\/wp-content\/uploads\/2024\/04\/fouesnant-plage-illustration-2-600x266.jpg 600w, https:\/\/cparici.com\/wp-content\/uploads\/2024\/04\/fouesnant-plage-illustration-2.jpg 1700w\" sizes=\"(max-width: 577px) 100vw, 577px\" \/><span class=\"blog-item-tag\">Bretagne<\/span>                        \n                        <div class=\"blog-compact-item-content\">\n                                                        <h3>Fouesnant plage &#8211; guide des spots familiaux<\/h3>\n                                                        <p>Fouesnant plage : un paradis pour les familles et les amateurs de sports nautiques. D\u00e9couvrez...                            <\/p>\n                                                    <\/div>\n                    <\/div>\n                <\/a>\n            <\/div>\n\t\t\t<div class=\"col-md-4\">\n                <a href=\"https:\/\/cparici.com\/en\/location-vacances-a-concarneau\/\" class=\"blog-compact-item-container\">\n                    <div class=\"blog-compact-item\">\n                        <img decoding=\"async\" width=\"577\" height=\"380\" src=\"https:\/\/cparici.com\/wp-content\/uploads\/2024\/06\/Concarneau-ville-close.jpg\" class=\"attachment-listeo-blog-related-post size-listeo-blog-related-post wp-post-image\" alt=\"Concarneau et sa ville close\" srcset=\"https:\/\/cparici.com\/wp-content\/uploads\/2024\/06\/Concarneau-ville-close.jpg 1920w, https:\/\/cparici.com\/wp-content\/uploads\/2024\/06\/Concarneau-ville-close-600x395.jpg 600w, https:\/\/cparici.com\/wp-content\/uploads\/2024\/06\/Concarneau-ville-close-300x198.jpg 300w, https:\/\/cparici.com\/wp-content\/uploads\/2024\/06\/Concarneau-ville-close-1024x675.jpg 1024w, https:\/\/cparici.com\/wp-content\/uploads\/2024\/06\/Concarneau-ville-close-768x506.jpg 768w, https:\/\/cparici.com\/wp-content\/uploads\/2024\/06\/Concarneau-ville-close-1536x1012.jpg 1536w\" sizes=\"(max-width: 577px) 100vw, 577px\" \/><span class=\"blog-item-tag\">Bretagne<\/span>                        \n                        <div class=\"blog-compact-item-content\">\n                                                        <h3>Location Vacances \u00e0 Concarneau<\/h3>\n                                                        <p>Recherches populaires Categories Pas de r\u00e9sultats Voir tous les r\u00e9sultats Location vacances \u00e0 Concarneau \u00a0...                            <\/p>\n                                                    <\/div>\n                    <\/div>\n                <\/a>\n            <\/div>\n\t\t\t<div class=\"col-md-4\">\n                <a href=\"https:\/\/cparici.com\/en\/bowling-concarneau-guide-complet\/\" class=\"blog-compact-item-container\">\n                    <div class=\"blog-compact-item\">\n                        <img decoding=\"async\" width=\"577\" height=\"205\" src=\"https:\/\/cparici.com\/wp-content\/uploads\/2024\/06\/bowling-concarneau.jpg\" class=\"attachment-listeo-blog-related-post size-listeo-blog-related-post wp-post-image\" alt=\"bowling concarneau\" srcset=\"https:\/\/cparici.com\/wp-content\/uploads\/2024\/06\/bowling-concarneau.jpg 1500w, https:\/\/cparici.com\/wp-content\/uploads\/2024\/06\/bowling-concarneau-600x213.jpg 600w, https:\/\/cparici.com\/wp-content\/uploads\/2024\/06\/bowling-concarneau-300x107.jpg 300w, https:\/\/cparici.com\/wp-content\/uploads\/2024\/06\/bowling-concarneau-1024x364.jpg 1024w, https:\/\/cparici.com\/wp-content\/uploads\/2024\/06\/bowling-concarneau-768x273.jpg 768w\" sizes=\"(max-width: 577px) 100vw, 577px\" \/><span class=\"blog-item-tag\">Bretagne<\/span>                        \n                        <div class=\"blog-compact-item-content\">\n                                                        <h3>Bowling Concarneau : Guide Complet<\/h3>\n                                                        <p>D\u00e9couvrez tout ce qu'il faut savoir sur le Bowling Concarneau dans le Finist\u00e8re : horaires,...                            <\/p>\n                                                    <\/div>\n                    <\/div>\n                <\/a>\n            <\/div>\n  <\/div>\n        <\/div>\n        \t\t\t\t<\/div>\n\t\t\t\t<\/div>\n\t\t\t\t\t<\/div>\n\t\t\t\t<\/div>\n\t\t\t\t<\/div>\n\t\t","protected":false},"excerpt":{"rendered":"<p>Les Glenans &#8211; Archipel des \u00eeles gl\u00e9nan a Fouesnant en finist\u00e8re D\u00e9couvrez ce lieu paradisiaque, et \u00e9vadez-vous pour quelques heures loin de l&#8217;agitation du continent.<\/p>","protected":false},"author":1,"featured_media":14972,"comment_status":"closed","ping_status":"closed","sticky":false,"template":"","format":"image","meta":{"ngg_post_thumbnail":0,"footnotes":""},"categories":[495,478,161,479,763,477,165],"tags":[357,364,352,362,363,353,361,365],"class_list":["post-14957","post","type-post","status-publish","format-image","has-post-thumbnail","hentry","category-archipel-les-glenans","category-bretagne","category-famille","category-finistere","category-fouesnant-finistere","category-france","category-plages","tag-bretagne-sud","tag-chaumieres","tag-finistere","tag-kerascoet","tag-kercanic","tag-nevez","tag-rospico","tag-village","post_format-post-format-image"],"_links":{"self":[{"href":"https:\/\/cparici.com\/en\/wp-json\/wp\/v2\/posts\/14957","targetHints":{"allow":["GET"]}}],"collection":[{"href":"https:\/\/cparici.com\/en\/wp-json\/wp\/v2\/posts"}],"about":[{"href":"https:\/\/cparici.com\/en\/wp-json\/wp\/v2\/types\/post"}],"author":[{"embeddable":true,"href":"https:\/\/cparici.com\/en\/wp-json\/wp\/v2\/users\/1"}],"replies":[{"embeddable":true,"href":"https:\/\/cparici.com\/en\/wp-json\/wp\/v2\/comments?post=14957"}],"version-history":[{"count":2,"href":"https:\/\/cparici.com\/en\/wp-json\/wp\/v2\/posts\/14957\/revisions"}],"predecessor-version":[{"id":82071,"href":"https:\/\/cparici.com\/en\/wp-json\/wp\/v2\/posts\/14957\/revisions\/82071"}],"wp:featuredmedia":[{"embeddable":true,"href":"https:\/\/cparici.com\/en\/wp-json\/wp\/v2\/media\/14972"}],"wp:attachment":[{"href":"https:\/\/cparici.com\/en\/wp-json\/wp\/v2\/media?parent=14957"}],"wp:term":[{"taxonomy":"category","embeddable":true,"href":"https:\/\/cparici.com\/en\/wp-json\/wp\/v2\/categories?post=14957"},{"taxonomy":"post_tag","embeddable":true,"href":"https:\/\/cparici.com\/en\/wp-json\/wp\/v2\/tags?post=14957"}],"curies":[{"name":"wp","href":"https:\/\/api.w.org\/{rel}","templated":true}]}}