{"id":15430,"date":"2022-10-25T15:26:15","date_gmt":"2022-10-25T13:26:15","guid":{"rendered":"https:\/\/cparici.com\/?p=15430"},"modified":"2025-05-29T09:56:21","modified_gmt":"2025-05-29T07:56:21","slug":"aven-bridge","status":"publish","type":"post","link":"https:\/\/cparici.com\/en\/pont-aven\/","title":{"rendered":"Pont Aven"},"content":{"rendered":"\t\t<div data-elementor-type=\"wp-post\" data-elementor-id=\"15430\" class=\"elementor elementor-15430\" data-elementor-post-type=\"post\">\n\t\t\t\t<div class=\"elementor-element elementor-element-d4b69b6 e-con-full e-flex e-con e-parent\" data-id=\"d4b69b6\" data-element_type=\"container\" data-e-type=\"container\">\n\t\t\t\t<div class=\"elementor-element elementor-element-e8846a2 elementor-widget elementor-widget-image\" data-id=\"e8846a2\" data-element_type=\"widget\" data-e-type=\"widget\" data-widget_type=\"image.default\">\n\t\t\t\t\t\t\t\t\t\t\t\t\t\t\t<img decoding=\"async\" width=\"1520\" height=\"409\" src=\"https:\/\/cparici.com\/wp-content\/uploads\/2022\/10\/pont-aven-banniere.jpg\" class=\"attachment-full size-full wp-image-15435\" alt=\"pont aven le port de la cit\u00e9 des peintres \u00e0 mar\u00e9e basse\" srcset=\"https:\/\/cparici.com\/wp-content\/uploads\/2022\/10\/pont-aven-banniere.jpg 1520w, https:\/\/cparici.com\/wp-content\/uploads\/2022\/10\/pont-aven-banniere-600x161.jpg 600w, https:\/\/cparici.com\/wp-content\/uploads\/2022\/10\/pont-aven-banniere-768x206.jpg 768w\" sizes=\"(max-width: 1520px) 100vw, 1520px\" \/>\t\t\t\t\t\t\t\t\t\t\t\t\t\t\t<\/div>\n\t\t\t\t<\/div>\n\t\t<aside class=\"elementor-element elementor-element-407dd85 e-flex e-con-boxed e-con e-parent\" data-id=\"407dd85\" data-element_type=\"container\" data-e-type=\"container\">\n\t\t\t\t\t<div class=\"e-con-inner\">\n\t\t\t\t<div class=\"elementor-element elementor-element-1ad3491 elementor-widget elementor-widget-global elementor-global-62046 elementor-widget-eael-advanced-search\" data-id=\"1ad3491\" data-element_type=\"widget\" data-e-type=\"widget\" data-widget_type=\"eael-advanced-search.default\">\n\t\t\t\t\t        <div class=\"eael-adv-search-wrapper\">\n            <div id=\"eael-advanced-search-widget-1ad3491\" class=\"eael-advanced-search-widget\">\n                <form data-settings=\"{&quot;post_per_page&quot;:5,&quot;search_among_taxonomies&quot;:&quot;&quot;,&quot;search_among_sku&quot;:&quot;no&quot;,&quot;show_popular_keyword&quot;:0,&quot;show_category&quot;:0,&quot;show_content_image&quot;:1,&quot;show_search_result_all_results&quot;:0,&quot;result_on_new_tab&quot;:&quot;no&quot;,&quot;show_product_price&quot;:&quot;no&quot;,&quot;include_current_page&quot;:&quot;no&quot;,&quot;current_post_id&quot;:15430,&quot;post_type&quot;:[&quot;post&quot;,&quot;listing&quot;]}\" method=\"POST\" name=\"eael-advanced-search-form-1ad3491\" class=\"eael-advanced-search-form eael-advanced-search-form-style-2\">\n                    <div class=\"eael-advanced-search-wrap\">\n                        <span class=\"eael-adv-search-loader\"><\/span>\n                        <span class=\"eael-adv-search-close\"><i class=\"fas fa-times\"><\/i><\/span>\n                        <span class=\"icon \"><i class=\"fas fa-search\"><\/i><\/span>\n\n                        <input type=\"text\"\n                               placeholder=\"Votre destination\"\n                               class=\"eael-advanced-search\" autocomplete=\"off\" name=\"eael_advanced_search\">\n                    <\/div>\n\t\t\t\t\t                                    <\/form>\n\n\t\t\t\t\n\t\t\t\t        <div class=\"eael-advanced-search-result\">\n            <div class=\"eael-advanced-search-popular-keyword\">\n\t\t\t\t<h4 class=\"eael-advanced-search-popular-keyword-text\">Recherches populaires<\/h4>                <div class=\"eael-popular-keyword-content\"><\/div>\n            <\/div>\n            <div class=\"eael-advanced-search-category\">\n\t\t\t\t<h4 class=\"eael-advanced-search-category-text\">Categories<\/h4>                <div class=\"eael-popular-category-content\"><\/div>\n            <\/div>\n\t\t\t<div class=\"eael-advanced-search-total-results-section\">\n\t\t\t\t\t\t\t<\/div>\n            <div class=\"eael-advanced-search-content eael-item-style-3\">\n            <\/div>\n            <div class=\"eael-advanced-search-not-found\">\n                <p>Pas de r\u00e9sultats<\/p><\/div>\n            <div class=\"eael-advanced-search-load-more\">\n\t\t\t\t<a \tclass=\"eael-advanced-search-load-more-button\"\n                \thref=\"#\">Voir tous les r\u00e9sultats<\/a>\n            <\/div>\n        <\/div>\n\n\t\t            <\/div>\n        <\/div>\n\n\t\t\t\t\t\t<\/div>\n\t\t\t\t\t<\/div>\n\t\t\t\t<\/aside>\n\t\t<div class=\"elementor-element elementor-element-4e5a2271 e-flex e-con-boxed e-con e-parent\" data-id=\"4e5a2271\" data-element_type=\"container\" data-e-type=\"container\">\n\t\t\t\t\t<div class=\"e-con-inner\">\n\t\t\t\t<div class=\"elementor-element elementor-element-247bcb75 elementor-widget elementor-widget-text-editor\" data-id=\"247bcb75\" data-element_type=\"widget\" data-e-type=\"widget\" data-widget_type=\"text-editor.default\">\n\t\t\t\t\t\t\t\t\t<h2 style=\"text-align: center;\"><span style=\"font-size: 14pt;\">Pont Aven \u2013 Tout ce qu\u2019il faut savoir sur la cit\u00e9 des peintres\u00a0 au bord de l\u2019Aven\u00a0<\/span><\/h2>\r\n<span style=\"font-size: 12pt;\"><strong>Pont Aven est un village situ\u00e9 dans le Finist\u00e8re, en bretagne sud<\/strong>, entre les villes de N\u00e9vez, connue pour ses plages et ses villages de chaumi\u00e8re, et Riec sur Belon. Le village est aussi proche de Concarneau et de sa ville close. <strong>Pont aven est surnomm\u00e9e \u00ab\u00a0la cit\u00e9 des peintres\u00a0\u00bb.<\/strong> En effet de nombreux peintres, dont Gauguin, \u00a0ont s\u00e9journ\u00e9 dans le village et dans les environs.<\/span>\r\n<h3><span style=\"font-size: 12pt;\"><strong>Comment acc\u00e9der \u00e0 Pont Aven ?<\/strong><\/span><\/h3>\r\n<span style=\"font-size: 12pt;\">En venant du nord du Finist\u00e8re, vous pouvez acc\u00e9der \u00e0 Pont Aven en utilisant la N 165, et en sortant \u00e0 K\u00e9rampaou.<\/span>\r\n\r\n<span style=\"font-size: 12pt;\">En venant du Finist\u00e8re sud, vous pouvez aussi utiliser la N 165 \u2013 qui traverse la bretagne du nord au sud, et sortir \u00e0 Quimperl\u00e9 Nord.<\/span>\r\n<h3><span style=\"font-size: 12pt;\"><strong>Pont Aven \u2013 situation<\/strong><\/span><\/h3>\r\n<span style=\"font-size: 12pt;\">La commune est situ\u00e9e non loin de l\u2019Oc\u00e9an Atlantique, quelques kilom\u00e8tres. L\u2019Aven, dont l\u2019embouchure se situe \u00e0 Port Manech, passe en effet \u00e0 Pont Aven, et la cit\u00e9 des peintres est bord\u00e9e par cette rivi\u00e8re. Des canaux et affluents passent au milieu du village.<\/span>\r\n\r\n<span style=\"font-size: 12pt;\">Le c\u0153ur du village se trouve au c\u0153ur d\u2019une vall\u00e9e, entour\u00e9e par des collines bois\u00e9es. C\u2019est pour cela que le village disposait de plusieurs moulins, dont il reste quelques traces aujourd\u2019hui.<\/span>\r\n\r\n<span style=\"font-size: 12pt;\">Le petit port de Pont Aven est d\u00e9pendant des mar\u00e9es et constitue un port de refuge pour les petits bateaux.<\/span>\r\n<h3><span style=\"font-size: 12pt;\"><strong>O\u00f9 se stationner \u00e0 Pont-Aven\u00a0?<\/strong><\/span><\/h3>\r\n<span style=\"font-size: 12pt;\">Il est difficile de se stationner au centre du village. Cependant, plusieurs parkings sont pr\u00e9vus pour se stationner et visiter la ville\u00a0:<\/span>\r\n\r\n<span style=\"font-size: 12pt;\">En venant du nord de Pont Aven, vous trouverez le parking du bel air, rue des Abb\u00e8s Tanguy, et le parking Pontic Malo, 64 rue Emile Bernard.<\/span>\r\n\r\n<span style=\"font-size: 12pt;\">En venant du sud, vous trouverez le parking du bois d\u2019amour, sur la D 4<\/span>\r\n\r\n\u00a0\r\n<h2 style=\"text-align: center;\">10 choses a faire dans le village<\/h2>\r\nManger une cr\u00eape au bord de l\u2019eau\r\n\r\nFl\u00e2ner sur le port\r\n\r\nVisiter les galeries d\u2019art\r\n\r\nVisiter le mus\u00e9e de Pont Aven\r\n\r\nLa f\u00eate des fleurs d\u2019Ajonc\r\n<p style=\"text-align: center;\"><a href=\"https:\/\/cparici.com\/fr\/les-glenans-archipel-des-iles-glenan-a-fouesnant-en-finistere\/\"><strong><span style=\"font-size: 14pt;\">Les Glenans \u2013 D\u00e9couvrez l\u2019archipel des Gl\u00e9nans \u00e0 Fouesnant dans le finist\u00e8re sud<\/span><\/strong><\/a><\/p>\r\n\r\n<h2 style=\"text-align: center;\"><span style=\"font-size: 14pt;\">Paul Gauguin<\/span><\/h2>\r\n<span style=\"font-size: 12pt;\">Paul Gauguin est un peintre post-impressionniste fran\u00e7ais, consid\u00e9r\u00e9 comme un des plus grands peintres fran\u00e7ais au 20\u00e8me si\u00e8cle. Il est n\u00e9 au 19\u00e8me si\u00e8cle, le 7 juin 1848, et d\u00e9c\u00e9d\u00e9 aux Marquises en 1903.<\/span>\r\n\r\n<span style=\"font-size: 12pt;\">Gauguin a un lien avec Pont Aven parce qu\u2019il est consid\u00e9r\u00e9 comme un des membres fondateurs de l\u2019\u00e9cole de Pont Aven.\u00a0<\/span>\r\n\r\n<span style=\"font-size: 12pt;\">Avant d\u2019effectuer des s\u00e9jours \u00e0 Pont Aven, il voyage et s\u2019installe \u00e0 Copenhague, puis \u00e0 Rouen. Il effectue un premier s\u00e9jour \u00e0 Pont Aven en 1886, s\u00e9jour pendant lequel il rencontre un autre peintre, Emile Bernard.<\/span>\r\n\r\n<span style=\"font-size: 12pt;\">Il s\u00e9journe de nouveau \u00e0 Pont Aven \u00e0 partir de 1888, apr\u00e8s un s\u00e9jour en am\u00e9rique du sud, et aux Antilles. Une premire oeuvre connue est le tableau \u2018La Belle Ang\u00e8le\u2019, qui d\u00e9peint une aubergiste bretonne. Cette oeuvre sera pr\u00eat\u00e9e par le mus\u00e9e du Louvre \u00e0 Pont Aven en 1953, et est d\u00e9sormais expos\u00e9e au Mus\u00e9e d\u2019Orsay.<\/span>\r\n\r\n<span style=\"font-size: 12pt;\">Petit \u00e0 petit, son style \u00e9volue vers le synth\u00e9tisme, en t\u00e9moigne le tableau \u2018La vision apr\u00e8s le sermon\u2019, peinture qui marquera d\u2019autres peintres illustres, tel Picaso, ou Matisse.<\/span>\r\n<h2 style=\"text-align: center;\"><span style=\"font-size: 14pt;\">Mus\u00e9e de Pont Aven<\/span><\/h2>\r\n<span style=\"font-size: 12pt;\">Le mus\u00e9e est un mus\u00e9e r\u00e9cent, puisqu\u2019il date de 1985. Il pr\u00e9sente l\u2019histoire de l\u2019art \u00e0 Pont Aven depuis la moiti\u00e8 du 19\u00e8me si\u00e8cle jusque dans le milieu du 20\u00e8me si\u00e8cle.<\/span>\r\n\r\n<span style=\"font-size: 12pt;\">Apr\u00e8s le cinquantenaire de la mort de Paul Gauguin, o\u00f9 <strong>le tableau de la Belle Ang\u00e8le est pr\u00eat\u00e9 \u00e0 Pont Aven<\/strong>, une regain d\u2019int\u00e9r\u00eat se manifeste et des initiatives voient le jour, avec par exemple la cr\u00e9ation d\u2019une association \u2018 l\u2019association des amis de Gauguin\u2019, qui deviendra ensuite la soci\u00e9t\u00e9 de peinture de Pont-Aven dans les ann\u00e9es 70.<\/span>\r\n\r\n<span style=\"font-size: 12pt;\">Le mus\u00e9e fera l\u2019objet de travaux entre 2013 et 2016.<\/span>\r\n<h3>Description du mus\u00e9e<\/h3>\r\n<span style=\"font-size: 12pt;\">Le mus\u00e9e se compose de 3 niveaux.<\/span>\r\n\r\n<span style=\"font-size: 12pt;\"><strong>Le 3\u00e8me niveau pr\u00e9sente les expositions permanentes:\u00a0<\/strong> un film intitul\u00e9 \u2018Du paysage \u00e0 l\u2019oeuvre\u2019, une pr\u00e9sentation des auberges et pensions de artistes \u00e0 Pont Aven, une frise chronologique, le cabinet Paul Gauguin, deux pr\u00e9sentations des peintres de l\u2019\u00e9cole de Pont Aven, un film sur le \u2018synth\u00e9tisme\u2019, et deux pr\u00e9sentations sur le jamonisme, et les techniques de l\u2019estampe.<\/span>\r\n\r\n<span style=\"font-size: 12pt;\">Le 2\u00e8me niveau pr\u00e9sente les expositions temporaires. Le premier niveau comprend l\u2019accueil et les services.<\/span>\r\n\r\n<span style=\"font-size: 12pt;\">Le mus\u00e9e est ouvert de 10h00 \u00e0 18h00 en basse saison, et de 10h00 \u00e0 19h00 en haute saison. Les tarifs varient de 5 euros \u00e0 8 euros pour le plein tarif.\u00a0<\/span>\r\n\r\n<span style=\"font-size: 12pt;\">Des casiers et des vestiaires sont mis \u00e0 disposition des visiteurs, ainsi que des audioguides et visioguides.<\/span>\r\n\r\n<span style=\"font-size: 12pt;\">Le mus\u00e9e permet aussi un accueil des personnes en situation de handicap, et des enfants en bas \u00e2ge.<\/span>\r\n<h2 style=\"text-align: center;\"><span style=\"font-size: 14pt;\">La f\u00eate des fleurs d\u2019Ajonc<\/span><\/h2>\r\n<span style=\"font-size: 12pt;\"><strong>La f\u00eate des fleurs d\u2019Ajonc est une manifestation qui a lieu presque tous les ans \u00e0 Pont Aven depuis 1905.<\/strong> Elle a \u00e9t\u00e9 fond\u00e9e par Th\u00e9odore Botrel.<\/span>\r\n<h3>Description de la f\u00eate des fleurs d\u2019Ajonc<\/h3>\r\n<span style=\"font-size: 12pt;\">Voic la description de la deuxi\u00e8me \u00e9dition de la f\u00eate des fleurs d\u2019Ajonc:<\/span>\r\n\r\n<span style=\"font-size: 12pt;\"><em>\u201cDes drapeaux, des banderolles partout; des inscriptions: Restons chez nous, Vive Botrel. C\u2019est Botrel qui organise cette deuxi\u00e8me f\u00eate des fleurs d\u2019Ajoncs, et vraiment cette fois un magnifique succ\u00e8s est venu couronner ses efforts.\u00a0 Nous sommes au pied de deux collines dans un joli d\u00e9cor. L\u2019Aven\u00a0 roule ses eaux dans la coquette petite ville, nid de verdure sem\u00e9 de gros blocs de roches.<\/em><\/span>\r\n\r\n<span style=\"font-size: 12pt;\"><em>Ce matin, les cort\u00e8ges des deux reines, celle de Dinan et celle de Pont Aven, se rendent \u00e0 la grand\u2019messe solenelle de dix heures, conduites par Botrel. Deux haies de spectateurs se forment: Bretons\u00a0 de haute et basse bretagne, \u00e9trangers aussi, mais \u00e9trangers sympathiques qu\u2019attire l\u2019\u00e9clat d\u2019une jolie f\u00eate bretonne.\u201d<\/em><\/span>\r\n\r\n<span style=\"font-size: 12pt;\">Cette f\u00eate consiste \u00e0 r\u00e9aliser un cort\u00e8ge dans lequel se trouve un char tir\u00e9 par deux boeufs qui \u2018porte\u2019 la reine du village vers le quai o\u00f9 a lieu le couronnement, puis vers l\u2019\u00e9glise o\u00f9 se tient la messe solennelle.<\/span>\r\n<h3>Th\u00e9odore Botrel<\/h3>\r\n<span style=\"font-size: 12pt;\">Th\u00e9odore Botrel est un artiste-compositeur-interpr\u00e8te fran\u00e7ais n\u00e9 \u00e0 Dinan, et venu s\u2019installer \u00e0 Pon-Aven en 1905.\u00a0 Il s\u2019installe dans le ville Castels-Brizeux, puis construit sa propre maison. C\u2019est lui qui cr\u00e9a et donna l\u2019impulsion de la f\u00eate des fleurs d\u2019Ajonc ou pardon des fleurs d\u2019Ajonc:<\/span>\r\n\r\n<span style=\"font-size: 12pt;\"><em>\u201cLa barde Botrel et Madame Botrel doivent jouer Doric et Lena, gracieux appel \u00e0 rester chez nous. \u201c<\/em><\/span>\r\n\r\n<span style=\"font-size: 12pt;\">Cette f\u00eate comprenait aussi des spectacles et des concours de binious:<\/span>\r\n\r\n<span style=\"font-size: 12pt;\"><em>\u2018Le concours de binious met en valeur les talents divers des diff\u00e9rents joueurs. L\u2019un nous enchante par ses trilles savants; tel autre, surtout, par l\u2019originalit\u00e9 et la fra\u00eevheur de ses improvisations; un autre encore, par l\u2019accentuation et la sentimentalit\u00e9 tendre de son chant, ce chant r\u00eaveur si singulier et si caract\u00e9ristique de biniou breton.\u2019<\/em><\/span>\r\n\r\n<span style=\"font-size: 12pt;\">Lors de l deuxi\u00e8me \u00e9dition de la f\u00eate, organis\u00e9e par Botrel, il y avait aussi un concours de costumes:\u00a0<\/span>\r\n\r\n<span style=\"font-size: 12pt;\">\u2018Chacun se presse autour de la cl\u00f4ture et bienheureux sont les fortun\u00e9s qui, comme moi, obtiennent d\u2019entrer dans l\u2019enceinte et d\u2019admirer de pr\u00e8s les merveilleux costumes des Bretonnes qui se pr\u00e9sentent au concours.\u00a0<\/span>\r\n\r\n<span style=\"font-size: 12pt;\">Le concours permet de diff\u00e9rencier les diff\u00e9rentes coiffes:<\/span>\r\n\r\n<span style=\"font-size: 12pt;\"><em>\u201cCelles de Pont-Aven ont la coiffe \u00e0 l\u2019\u00e9troit et haut bandeau roul\u00e9 autour du chignon sur un transparent de couleur, ail\u00e9e, gr\u00e2cieuse et l\u00e9g\u00e8re; elles ont la grande collerette enlev\u00e9e hardiment et endetell\u00e9e de mille mani\u00e8res, le bavolet et le tablier surbrod\u00e9s, la robe si riche, au velours venant jusqu\u2019\u00e0 mi-jupe\u2026\u201d Extrait de Renaissance provinciale de France, soci\u00e9t\u00e9\u2026<\/em><\/span>\t\t\t\t\t\t\t\t<\/div>\n\t\t\t\t\t<\/div>\n\t\t\t\t<\/div>\n\t\t\t\t<\/div>\n\t\t","protected":false},"excerpt":{"rendered":"<p>Pont aven \u2013 Tout ce qu&#8217;il faut savoir sur la cit\u00e9 des peintres\u00a0 au bord de l\u2019Aven &#8211; \u00a0Informations pratiques et d\u00e9couverte<\/p>","protected":false},"author":1,"featured_media":15435,"comment_status":"closed","ping_status":"closed","sticky":false,"template":"elementor_header_footer","format":"image","meta":{"ngg_post_thumbnail":0,"footnotes":""},"categories":[313,314,160,161,315],"tags":[402,404,352,405,403],"class_list":["post-15430","post","type-post","status-publish","format-image","has-post-thumbnail","hentry","category-arts","category-architecture","category-culture","category-famille","category-histoire","tag-bretagne","tag-cite-des-peintres","tag-finistere","tag-gauguin","tag-pont-aven","post_format-post-format-image"],"_links":{"self":[{"href":"https:\/\/cparici.com\/en\/wp-json\/wp\/v2\/posts\/15430","targetHints":{"allow":["GET"]}}],"collection":[{"href":"https:\/\/cparici.com\/en\/wp-json\/wp\/v2\/posts"}],"about":[{"href":"https:\/\/cparici.com\/en\/wp-json\/wp\/v2\/types\/post"}],"author":[{"embeddable":true,"href":"https:\/\/cparici.com\/en\/wp-json\/wp\/v2\/users\/1"}],"replies":[{"embeddable":true,"href":"https:\/\/cparici.com\/en\/wp-json\/wp\/v2\/comments?post=15430"}],"version-history":[{"count":0,"href":"https:\/\/cparici.com\/en\/wp-json\/wp\/v2\/posts\/15430\/revisions"}],"wp:featuredmedia":[{"embeddable":true,"href":"https:\/\/cparici.com\/en\/wp-json\/wp\/v2\/media\/15435"}],"wp:attachment":[{"href":"https:\/\/cparici.com\/en\/wp-json\/wp\/v2\/media?parent=15430"}],"wp:term":[{"taxonomy":"category","embeddable":true,"href":"https:\/\/cparici.com\/en\/wp-json\/wp\/v2\/categories?post=15430"},{"taxonomy":"post_tag","embeddable":true,"href":"https:\/\/cparici.com\/en\/wp-json\/wp\/v2\/tags?post=15430"}],"curies":[{"name":"wp","href":"https:\/\/api.w.org\/{rel}","templated":true}]}}