{"id":16294,"date":"2024-04-01T15:28:30","date_gmt":"2024-04-01T13:28:30","guid":{"rendered":"https:\/\/cparici.com\/?p=16294"},"modified":"2026-02-19T15:51:15","modified_gmt":"2026-02-19T14:51:15","slug":"mont-saint-michel-2","status":"publish","type":"post","link":"https:\/\/cparici.com\/en\/le-mont-saint-michel\/","title":{"rendered":"Mont Saint Michel"},"content":{"rendered":"\t\t<div data-elementor-type=\"wp-post\" data-elementor-id=\"16294\" class=\"elementor elementor-16294\" data-elementor-post-type=\"post\">\n\t\t\t\t<div class=\"elementor-element elementor-element-4dc0fdb e-con-full e-flex e-con e-parent\" data-id=\"4dc0fdb\" data-element_type=\"container\" data-e-type=\"container\">\n\t\t\t\t<div class=\"elementor-element elementor-element-b291226 elementor-widget elementor-widget-image\" data-id=\"b291226\" data-element_type=\"widget\" data-e-type=\"widget\" data-widget_type=\"image.default\">\n\t\t\t\t\t\t\t\t\t\t\t\t\t\t\t<img decoding=\"async\" width=\"1500\" height=\"610\" src=\"https:\/\/cparici.com\/wp-content\/uploads\/2024\/04\/mont-saint-michel-banniere.jpg\" class=\"attachment-full size-full wp-image-16297\" alt=\"mont saint michel\" srcset=\"https:\/\/cparici.com\/wp-content\/uploads\/2024\/04\/mont-saint-michel-banniere.jpg 1500w, https:\/\/cparici.com\/wp-content\/uploads\/2024\/04\/mont-saint-michel-banniere-600x244.jpg 600w, https:\/\/cparici.com\/wp-content\/uploads\/2024\/04\/mont-saint-michel-banniere-300x122.jpg 300w, https:\/\/cparici.com\/wp-content\/uploads\/2024\/04\/mont-saint-michel-banniere-1024x416.jpg 1024w, https:\/\/cparici.com\/wp-content\/uploads\/2024\/04\/mont-saint-michel-banniere-768x312.jpg 768w\" sizes=\"(max-width: 1500px) 100vw, 1500px\" \/>\t\t\t\t\t\t\t\t\t\t\t\t\t\t\t<\/div>\n\t\t\t\t<\/div>\n\t\t<aside class=\"elementor-element elementor-element-98ee54a e-flex e-con-boxed e-con e-parent\" data-id=\"98ee54a\" data-element_type=\"container\" data-e-type=\"container\">\n\t\t\t\t\t<div class=\"e-con-inner\">\n\t\t\t\t<div class=\"elementor-element elementor-element-30fb494 elementor-widget elementor-widget-global elementor-global-62046 elementor-widget-eael-advanced-search\" data-id=\"30fb494\" data-element_type=\"widget\" data-e-type=\"widget\" data-widget_type=\"eael-advanced-search.default\">\n\t\t\t\t\t        <div class=\"eael-adv-search-wrapper\">\n            <div id=\"eael-advanced-search-widget-30fb494\" class=\"eael-advanced-search-widget\">\n                <form data-settings=\"{&quot;post_per_page&quot;:5,&quot;search_among_taxonomies&quot;:&quot;&quot;,&quot;search_among_sku&quot;:&quot;no&quot;,&quot;show_popular_keyword&quot;:0,&quot;show_category&quot;:0,&quot;show_content_image&quot;:1,&quot;show_search_result_all_results&quot;:0,&quot;result_on_new_tab&quot;:&quot;no&quot;,&quot;show_product_price&quot;:&quot;no&quot;,&quot;include_current_page&quot;:&quot;no&quot;,&quot;current_post_id&quot;:16294,&quot;post_type&quot;:[&quot;post&quot;,&quot;listing&quot;]}\" method=\"POST\" name=\"eael-advanced-search-form-30fb494\" class=\"eael-advanced-search-form eael-advanced-search-form-style-2\">\n                    <div class=\"eael-advanced-search-wrap\">\n                        <span class=\"eael-adv-search-loader\"><\/span>\n                        <span class=\"eael-adv-search-close\"><i class=\"fas fa-times\"><\/i><\/span>\n                        <span class=\"icon \"><i class=\"fas fa-search\"><\/i><\/span>\n\n                        <input type=\"text\"\n                               placeholder=\"Votre destination\"\n                               class=\"eael-advanced-search\" autocomplete=\"off\" name=\"eael_advanced_search\">\n                    <\/div>\n\t\t\t\t\t                                    <\/form>\n\n\t\t\t\t\n\t\t\t\t        <div class=\"eael-advanced-search-result\">\n            <div class=\"eael-advanced-search-popular-keyword\">\n\t\t\t\t<h4 class=\"eael-advanced-search-popular-keyword-text\">Recherches populaires<\/h4>                <div class=\"eael-popular-keyword-content\"><\/div>\n            <\/div>\n            <div class=\"eael-advanced-search-category\">\n\t\t\t\t<h4 class=\"eael-advanced-search-category-text\">Categories<\/h4>                <div class=\"eael-popular-category-content\"><\/div>\n            <\/div>\n\t\t\t<div class=\"eael-advanced-search-total-results-section\">\n\t\t\t\t\t\t\t<\/div>\n            <div class=\"eael-advanced-search-content eael-item-style-3\">\n            <\/div>\n            <div class=\"eael-advanced-search-not-found\">\n                <p>Pas de r\u00e9sultats<\/p><\/div>\n            <div class=\"eael-advanced-search-load-more\">\n\t\t\t\t<a \tclass=\"eael-advanced-search-load-more-button\"\n                \thref=\"#\">Voir tous les r\u00e9sultats<\/a>\n            <\/div>\n        <\/div>\n\n\t\t            <\/div>\n        <\/div>\n\n\t\t\t\t\t\t<\/div>\n\t\t\t\t\t<\/div>\n\t\t\t\t<\/aside>\n\t\t\t\t<section class=\"elementor-section elementor-top-section elementor-element elementor-element-7426f2da elementor-section-boxed elementor-section-height-default elementor-section-height-default\" data-id=\"7426f2da\" data-element_type=\"section\" data-e-type=\"section\">\n\t\t\t\t\t\t<div class=\"elementor-container elementor-column-gap-default\">\n\t\t\t\t\t<div class=\"elementor-column elementor-col-100 elementor-top-column elementor-element elementor-element-38ce6ed5\" data-id=\"38ce6ed5\" data-element_type=\"column\" data-e-type=\"column\">\n\t\t\t<div class=\"elementor-widget-wrap elementor-element-populated\">\n\t\t\t\t\t\t<div class=\"elementor-element elementor-element-740929bf elementor-widget elementor-widget-text-editor\" data-id=\"740929bf\" data-element_type=\"widget\" data-e-type=\"widget\" data-widget_type=\"text-editor.default\">\n\t\t\t\t\t\t\t\t\t<h1 style=\"text-align: center;\">\u00a0<span style=\"font-size: 18pt;\">\u00c0 la D\u00e9couverte du Mont Saint-Michel : Une \u00c9pop\u00e9e Historique<\/span><\/h1><p>Depuis des si\u00e8cles, le Mont Saint-Michel se dresse majestueusement au c\u0153ur de la baie \u00e9ponyme, comme un gardien immuable du temps. Son histoire est tiss\u00e9e de l\u00e9gendes et de r\u00e9cits \u00e9piques qui ont captiv\u00e9 l\u2019imaginaire des voyageurs et des chercheurs de v\u00e9rit\u00e9. D\u00e8s que l\u2019on pose le regard sur ses fl\u00e8ches \u00e9lanc\u00e9es et ses murailles s\u00e9culaires, on est transport\u00e9 dans un univers o\u00f9 le myst\u00e8re et la grandeur se conjuguent harmonieusement.<\/p>\t\t\t\t\t\t\t\t<\/div>\n\t\t\t\t\t<\/div>\n\t\t<\/div>\n\t\t\t\t\t<\/div>\n\t\t<\/section>\n\t\t<aside class=\"elementor-element elementor-element-65cd3bdf e-flex e-con-boxed e-con e-parent\" data-id=\"65cd3bdf\" data-element_type=\"container\" data-e-type=\"container\" data-settings=\"{&quot;background_background&quot;:&quot;classic&quot;}\">\n\t\t\t\t\t<div class=\"e-con-inner\">\n\t\t\t\t<div class=\"elementor-element elementor-element-523e6ed9 elementor-widget elementor-widget-spacer\" data-id=\"523e6ed9\" data-element_type=\"widget\" data-e-type=\"widget\" data-widget_type=\"spacer.default\">\n\t\t\t\t\t\t\t<div class=\"elementor-spacer\">\n\t\t\t<div class=\"elementor-spacer-inner\"><\/div>\n\t\t<\/div>\n\t\t\t\t\t\t<\/div>\n\t\t\t\t<div class=\"elementor-element elementor-element-6576961c elementor-widget elementor-widget-heading\" data-id=\"6576961c\" data-element_type=\"widget\" data-e-type=\"widget\" data-widget_type=\"heading.default\">\n\t\t\t\t\t<h2 class=\"elementor-heading-title elementor-size-default\">H\u00e9bergements de Vacances Mont Saint-Michel en direct<\/h2>\t\t\t\t<\/div>\n\t\t\t\t<div class=\"elementor-element elementor-element-7bae3aaa elementor-widget elementor-widget-listeo-listings-carousel\" data-id=\"7bae3aaa\" data-element_type=\"widget\" data-e-type=\"widget\" data-widget_type=\"listeo-listings-carousel.default\">\n\t\t\t\t<div class=\"elementor-widget-container\">\n\t\t\t\t\t        <!-- Carousel \/ Start -->\n        \t<div class=\"simple-slick-carousel dots-nav\" data-slick='{&quot;autoplay&quot;:true,&quot;autoplaySpeed&quot;:3000,&quot;slidesToShow&quot;:3,&quot;slidesToScroll&quot;:1,&quot;responsive&quot;:[{&quot;breakpoint&quot;:1024,&quot;settings&quot;:{&quot;slidesToShow&quot;:2,&quot;slidesToScroll&quot;:1}},{&quot;breakpoint&quot;:768,&quot;settings&quot;:{&quot;slidesToShow&quot;:1,&quot;slidesToScroll&quot;:1}}]}'>\n                            <div class=\"fw-carousel-item\">                    \n                        <!-- Listing Item -->\r\n            <div class=\"col-lg-6 col-md-12\">\r\n                <a href=\"https:\/\/cparici.com\/en\/annonce\/charmant-petit-pod-en-bois-en-normandie-option-bain-nordique-possible\/\" class=\"listing-item-container listing-geo-data compact\" data-title=\"Charmant petit POD en bois en Normandie option bain nordique possible\" data-listing-type=\"rental\" data-classifieds-price=\"\u20ac\" data-friendly-address=\"3 rue du Rey - 50590 Montmartin sur Mer\" data-address=\"3 rue du Rey - 50590 Montmartin sur Mer\" data-image=\"https:\/\/cparici.com\/wp-content\/uploads\/2025\/12\/20250402_180421-2-520x397.jpg\" data-longitude=\"-1.5292969\" data-latitude=\"48.9926858\" data-rating=\"0\" data-reviews=\"0\" data-icon=\"<svg xmlns=&quot;http:\/\/www.w3.org\/2000\/svg&quot; width=&quot;800px&quot; height=&quot;800px&quot; viewBox=&quot;0 0 45 45&quot; fill=&quot;none&quot;>\n<path d=&quot;M24.155 8.78099L24.33 8.94499L37.402 21.787L36 23.213L34.2 21.445L34.201 35C34.201 36.054 33.385 36.918 32.35 36.994L32.201 37H12.201C11.147 37 10.283 36.184 10.206 35.149L10.201 35L10.2 21.446L8.402 23.213L7 21.787L20.058 8.95799C21.171 7.82199 22.966 7.75899 24.155 8.78099ZM21.569 10.285L21.473 10.372L12.2 19.481L12.201 35L17.2 34.999L17.201 25C17.201 23.946 18.017 23.082 19.052 23.005L19.201 23H25.201C26.255 23 27.119 23.816 27.196 24.851L27.201 25L27.2 34.999L32.201 35L32.2 19.48L22.901 10.344C22.537 9.98699 21.969 9.96499 21.569 10.285ZM25.201 25H19.201L19.2 34.999H25.2L25.201 25Z&quot; fill=&quot;#3C3C3C&quot;\/>\n<\/svg>\">\r\n            <div class=\"listing-item  \">\r\n                <div class=\"listing-small-badges-container\">\r\n                                                                <div class=\"listing-small-badge pricing-badge\"><i class=\"fa fa-tag\"><\/i>52.00\u20ac - 72.00\u20ac<\/div>\r\n                                                            \r\n                                        \r\n                                        \r\n                <\/div>\r\n                <img decoding=\"async\" src=\"https:\/\/cparici.com\/wp-content\/uploads\/2025\/12\/20250402_180421-2-520x397.jpg\" alt=\"Charmant petit POD en bois en Normandie option bain nordique possible\" class=\"listing-thumbnail\">\r\n                \r\n\r\n                <div class=\"listing-item-content\">\r\n                    \r\n                    <h3> Charmant petit POD en bois en Normandie option bain nordique possible <\/h3>\r\n                    <span>3 rue du Rey - 50590 Montmartin sur Mer<\/span>\r\n                <\/div>\r\n                                        <span class=\"save like-icon tooltip left\" title=\"Login To Bookmark Items\"><\/span>\r\n                                                <\/div>\r\n        <\/a>\r\n                    <\/div>\r\n        \r\n\r\n        <!-- Listing Item \/ End -->\n                    <\/div>\n                          <\/div>\n        \t\t\t\t<\/div>\n\t\t\t\t<\/div>\n\t\t\t\t\t<\/div>\n\t\t\t\t<\/aside>\n\t\t\t\t<section class=\"elementor-section elementor-top-section elementor-element elementor-element-9597e96 elementor-section-boxed elementor-section-height-default elementor-section-height-default\" data-id=\"9597e96\" data-element_type=\"section\" data-e-type=\"section\">\n\t\t\t\t\t\t<div class=\"elementor-container elementor-column-gap-default\">\n\t\t\t\t\t<div class=\"elementor-column elementor-col-100 elementor-top-column elementor-element elementor-element-9bc38b1\" data-id=\"9bc38b1\" data-element_type=\"column\" data-e-type=\"column\">\n\t\t\t<div class=\"elementor-widget-wrap elementor-element-populated\">\n\t\t\t\t\t\t<div class=\"elementor-element elementor-element-8c40cb0 elementor-widget elementor-widget-text-editor\" data-id=\"8c40cb0\" data-element_type=\"widget\" data-e-type=\"widget\" data-widget_type=\"text-editor.default\">\n\t\t\t\t\t\t\t\t\t<h2>Histoire et \u00c9volution Architecturale du Mont Saint-Michel<\/h2><p>Le Mont Saint-Michel, au fil des \u00e2ges, a connu de multiples transformations qui refl\u00e8tent les \u00e9poques et les cultures qui l\u2019ont fa\u00e7onn\u00e9. Initialement un modeste ermitage au VIIIe si\u00e8cle, il s\u2019est progressivement agrandi pour devenir une abbaye monumentale, m\u00ealant les styles romans et gothiques. Les moines b\u00e9n\u00e9dictins ont consacr\u00e9 des d\u00e9cennies \u00e0 \u00e9riger ce joyau architectural, o\u00f9 la spiritualit\u00e9 et l\u2019art se m\u00ealent dans un \u00e9blouissant ballet de pierre et de lumi\u00e8re.<\/p><h3>La Magie du Mont Saint Michel<\/h3><p>Le Mont Saint-Michel exerce une fascination irr\u00e9sistible sur ceux qui ont la chance de le visiter. Sa silhouette imposante se d\u00e9tache fi\u00e8rement sur l\u2019horizon, d\u00e9fiant les \u00e9l\u00e9ments et les si\u00e8cles. Chaque ruelle pav\u00e9e, chaque escalier abrupt nous plonge dans un pass\u00e9 lointain, o\u00f9 les \u00e9chos des pri\u00e8res et des chants monastiques r\u00e9sonnent encore entre les murs de l\u2019abbaye. Se promener dans ses venelles \u00e9troites, sentir le parfum sal\u00e9 de la mer et contempler le spectacle envo\u00fbtant des mar\u00e9es montantes, c\u2019est vivre une exp\u00e9rience hors du temps, o\u00f9 la r\u00e9alit\u00e9 se m\u00eale \u00e0 la l\u00e9gende.<\/p><p>Le Mont Saint Michel, avec ses remparts imprenables et ses tours imposantes, a \u00e9t\u00e9 le t\u00e9moin silencieux de nombreux \u00e9v\u00e9nements historiques majeurs. Il a r\u00e9sist\u00e9 aux assauts des envahisseurs, a \u00e9t\u00e9 le refuge des p\u00e8lerins en qu\u00eate de spiritualit\u00e9 et a inspir\u00e9 les plus grands artistes et \u00e9crivains de tous les temps. Aujourd\u2019hui encore, il continue de susciter l\u2019admiration et l\u2019\u00e9merveillement, attirant des millions de visiteurs venus des quatre coins du monde pour contempler sa splendeur intemporelle.<\/p><p>Lorsque le soleil se couche sur la baie du Mont Saint-Michel, enveloppant l\u2019abbaye de ses teintes dor\u00e9es, on ne peut s\u2019emp\u00eacher de ressentir une profonde gratitude envers ce lieu magique, o\u00f9 le sacr\u00e9 et le profane se rejoignent dans une parfaite harmonie. Le Mont Saint-Michel, avec son histoire fascinante et sa beaut\u00e9 ind\u00e9niable, restera \u00e0 jamais grav\u00e9 dans nos m\u00e9moires comme un symbole de la grandeur de l\u2019\u00e2me humaine et de la puissance de la foi.<\/p><p>Que l\u2019on soit croyant ou non, le Mont Saint-Michel a le pouvoir de nous transporter dans un univers parall\u00e8le, o\u00f9 le temps semble suspendu et o\u00f9 les miracles semblent possibles. En gravissant ses marches s\u00e9culaires, en contemplant son architecture grandiose et en \u00e9coutant le murmure du vent dans les dunes, on r\u00e9alise que le Mont Saint-Michel n\u2019est pas seulement un monument historique, mais aussi un lieu de paix et de m\u00e9ditation, o\u00f9 l\u2019\u00e2me peut trouver refuge et inspiration. L\u2019abbaye du Mont Saint-Michel, joyau architectural nich\u00e9 au sommet de ce promontoire rocheux, incarne \u00e0 elle seule l\u2019esprit et la grandeur de ce site embl\u00e9matique. Son histoire fascinante remonte au VIIIe si\u00e8cle, lorsqu\u2019un ermite nomm\u00e9 Aubert re\u00e7ut la visite de l\u2019archange Michel en songe, lui demandant de construire un sanctuaire en son honneur sur ce lieu sacr\u00e9. Ainsi naquit le premier \u00e9difice religieux, modeste oratoire d\u00e9di\u00e9 \u00e0 l\u2019archange, qui devint rapidement un lieu de p\u00e8lerinage pris\u00e9 par les fid\u00e8les.<\/p><p>Au fil des si\u00e8cles, l\u2019abbaye fut agrandie et embellie par les moines b\u00e9n\u00e9dictins, qui y consacr\u00e8rent leur vie \u00e0 la pri\u00e8re et \u00e0 l\u2019\u00e9tude. \u00c0 son apog\u00e9e, au Moyen \u00c2ge, l\u2019abbaye du Mont Saint-Michel \u00e9tait l\u2019un des centres spirituels et intellectuels les plus importants d\u2019Europe, attirant des p\u00e8lerins et des savants venus de loin pour s\u2019impr\u00e9gner de sa sagesse et de sa splendeur.<\/p><p>L\u2019architecture de l\u2019abbaye est un m\u00e9lange harmonieux de styles romans et gothiques, refl\u00e9tant les diff\u00e9rentes \u00e9poques de sa construction. Ses tours imposantes, ses vo\u00fbtes \u00e9lanc\u00e9es et ses chapiteaux finement sculpt\u00e9s t\u00e9moignent du savoir-faire et de la cr\u00e9ativit\u00e9 des artisans m\u00e9di\u00e9vaux. \u00c0 l\u2019int\u00e9rieur, les visiteurs peuvent admirer les riches d\u00e9corations, les fresques anciennes et les magnifiques vitraux qui ornent les salles et les chapelles de l\u2019abbaye.<\/p><p>Aujourd\u2019hui, l\u2019abbaye du Mont Saint-Michel est class\u00e9e au patrimoine mondial de l\u2019UNESCO, en reconnaissance de son importance historique et culturelle. Elle continue d\u2019attirer des milliers de visiteurs chaque ann\u00e9e, qui viennent d\u00e9couvrir ce chef-d\u2019\u0153uvre de l\u2019architecture m\u00e9di\u00e9vale et s\u2019impr\u00e9gner de la spiritualit\u00e9 qui impr\u00e8gne encore ses murs s\u00e9culaires. En parcourant ses couloirs majestueux et en contemplant la vue imprenable sur la baie, on ne peut qu\u2019\u00eatre \u00e9merveill\u00e9 par la beaut\u00e9 intemporelle de cette abbaye l\u00e9gendaire. Pour quiconque envisage de visiter le Mont Saint-Michel, il est essentiel d\u2019avoir quelques informations pratiques en t\u00eate pour une exp\u00e9rience sans encombre. Tout d\u2019abord, il est recommand\u00e9 de se garer sur le continent et d\u2019utiliser les navettes gratuites pour acc\u00e9der au site. Plusieurs parkings sont disponibles \u00e0 proximit\u00e9, notamment \u00e0 Beauvoir et \u00e0 Pontorson, d\u2019o\u00f9 partent les navettes r\u00e9guli\u00e8res vers le Mont Saint-Michel. Ces navettes sont une option pratique et \u00e9cologique pour rejoindre le site, offrant une vue panoramique sur la baie pendant le trajet.<\/p><p>Quant aux horaires de visite, le Mont Saint-Michel est ouvert toute l\u2019ann\u00e9e, mais il est conseill\u00e9 de consulter les horaires d\u2019ouverture de l\u2019abbaye et des mus\u00e9es sur le site officiel avant de planifier votre visite. Les horaires des navettes varient \u00e9galement en fonction de la saison, il est donc judicieux de s\u2019informer \u00e0 l\u2019avance pour \u00e9viter toute attente inutile.<\/p><p>En outre, pour profiter pleinement de votre visite, il est recommand\u00e9 d\u2019arriver t\u00f4t le matin ou en fin d\u2019apr\u00e8s-midi, lorsque les foules sont moins nombreuses et que la lumi\u00e8re est plus douce, offrant ainsi des conditions id\u00e9ales pour la photographie et la contemplation.<\/p><p>En suivant ces conseils pratiques, vous pourrez pleinement appr\u00e9cier la beaut\u00e9 et la grandeur du Mont Saint-Michel, tout en \u00e9vitant les tracas logistiques et en profitant d\u2019une exp\u00e9rience m\u00e9morable et enrichissante.<\/p><h2 style=\"text-align: center;\"><span style=\"font-size: 14pt;\">A proximit\u00e9 du mont saint michel<\/span><\/h2><h3 style=\"text-align: left;\"><span style=\"font-size: 14pt;\">Que faire \u00e0 proximit\u00e9 du mont saint michel?<\/span><\/h3><p>Aux alentours du Mont Saint-Michel, une r\u00e9gion riche en histoire et en beaut\u00e9 naturelle s\u2019offre aux visiteurs avides de d\u00e9couvertes. Parmi les villages pittoresques \u00e0 explorer, on trouve notamment Avranches, avec sa cath\u00e9drale imposante et son jardin des plantes, ainsi que Pontorson, charmante bourgade aux maisons traditionnelles et aux ruelles pav\u00e9es. Ces villages offrent un aper\u00e7u authentique de la vie en Normandie, avec leurs march\u00e9s anim\u00e9s, leurs boutiques artisanales et leurs caf\u00e9s accueillants o\u00f9 d\u00e9guster les sp\u00e9cialit\u00e9s locales.<\/p><p>Pour les amateurs de nature, la baie du Mont Saint-Michel offre un paysage spectaculaire \u00e0 d\u00e9couvrir lors de balades \u00e0 pied ou \u00e0 v\u00e9lo. Les marais salants de la baie, o\u00f9 les moutons gambadent en libert\u00e9, et les vastes \u00e9tendues de sable offrent un cadre id\u00e9al pour se ressourcer et se reconnecter avec la nature. Les amateurs d\u2019ornithologie pourront \u00e9galement observer de nombreuses esp\u00e8ces d\u2019oiseaux migrateurs qui font escale dans la baie lors de leur p\u00e9riple annuel.<\/p><p>Enfin, les passionn\u00e9s d\u2019histoire ne manqueront pas de visiter les nombreux sites touristiques qui pars\u00e8ment la r\u00e9gion, tels que le ch\u00e2teau de Foug\u00e8res, l\u2019une des forteresses m\u00e9di\u00e9vales les mieux conserv\u00e9es de France, ou encore les plages du d\u00e9barquement, t\u00e9moins poignants de l\u2019histoire de la Seconde Guerre mondiale. Quel que soit leur int\u00e9r\u00eat, les visiteurs trouveront aux alentours du Mont Saint-Michel une multitude d\u2019activit\u00e9s et de lieux \u00e0 explorer, qui sauront combler toutes leurs envies d\u2019aventure et de d\u00e9couverte.<\/p><h2 style=\"text-align: center;\"><span style=\"font-size: 14pt;\">Description de la baie du mont saint michel<\/span><\/h2><p>La baie du Mont Saint-Michel, v\u00e9ritable joyau naturel de la Normandie, est un lieu d\u2019une beaut\u00e9 exceptionnelle, o\u00f9 se m\u00ealent harmonieusement la terre et la mer. S\u2019\u00e9tendant sur pr\u00e8s de 500 kilom\u00e8tres carr\u00e9s, cette baie est domin\u00e9e par le majestueux Mont Saint-Michel, qui en constitue le point focal et le symbole le plus embl\u00e9matique.<\/p><p>La baie du Mont Saint-Michel est caract\u00e9ris\u00e9e par ses vastes \u00e9tendues de sable, ses marais salants et ses dunes, qui offrent un paysage en perp\u00e9tuelle \u00e9volution au gr\u00e9 des mar\u00e9es. \u00c0 mar\u00e9e basse, le littoral se d\u00e9couvre sur des kilom\u00e8tres, d\u00e9voilant un paysage lunaire o\u00f9 les bancs de sable, les herbus et les vasques marines forment un tableau saisissant. \u00c0 mar\u00e9e haute, les eaux de la mer recouvrent progressivement la baie, cr\u00e9ant un spectacle impressionnant o\u00f9 le Mont Saint-Michel semble flotter sur l\u2019oc\u00e9an, s\u00e9par\u00e9 du continent par un vaste miroir d\u2019eau.<\/p><p>Cette baie est \u00e9galement un \u00e9cosyst\u00e8me d\u2019une grande richesse, abritant une faune et une flore vari\u00e9es. Les marais salants de la baie sont le refuge de nombreuses esp\u00e8ces d\u2019oiseaux migrateurs, tels que les h\u00e9rons, les mouettes et les sternes, qui viennent y trouver nourriture et protection tout au long de l\u2019ann\u00e9e. Les herbiers marins qui tapissent le fond de la baie abritent quant \u00e0 eux une grande diversit\u00e9 de poissons et de crustac\u00e9s, contribuant \u00e0 la biodiversit\u00e9 exceptionnelle de ce milieu naturel pr\u00e9serv\u00e9.<\/p><p>Outre sa beaut\u00e9 naturelle, la baie du Mont Saint-Michel rev\u00eat \u00e9galement une importance historique et culturelle majeure. Class\u00e9e au patrimoine mondial de l\u2019UNESCO, elle est le t\u00e9moin de si\u00e8cles d\u2019histoire et de tradition, depuis les premiers ermites qui vinrent s\u2019installer sur le mont jusqu\u2019aux p\u00e8lerins m\u00e9di\u00e9vaux qui parcouraient les chemins de p\u00e8lerinage pour atteindre le sanctuaire de l\u2019archange Michel. Aujourd\u2019hui encore, la baie du Mont Saint-Michel continue de fasciner et d\u2019inspirer tous ceux qui ont la chance de la d\u00e9couvrir, offrant un spectacle grandiose et intemporel qui laisse une empreinte ind\u00e9l\u00e9bile dans les esprits et les c\u0153urs de ceux qui la contemplent.<\/p>\t\t\t\t\t\t\t\t<\/div>\n\t\t\t\t\t<\/div>\n\t\t<\/div>\n\t\t\t\t\t<\/div>\n\t\t<\/section>\n\t\t<aside class=\"elementor-element elementor-element-370cbb44 e-flex e-con-boxed e-con e-parent\" data-id=\"370cbb44\" data-element_type=\"container\" data-e-type=\"container\">\n\t\t\t\t\t<div class=\"e-con-inner\">\n\t\t\t\t<div class=\"elementor-element elementor-element-1cfa1dc9 elementor-widget elementor-widget-listeo-posts-grid\" data-id=\"1cfa1dc9\" data-element_type=\"widget\" data-e-type=\"widget\" data-widget_type=\"listeo-posts-grid.default\">\n\t\t\t\t<div class=\"elementor-widget-container\">\n\t\t\t\t\t\t\t\n\t\t<div class=\"listeo-post-grid-wrapper\">\n\t\t\t<div class=\"row\">\n\n\t\t\t\n\n\t\t\t\t\t\t\t<div class=\"col-md-4\">\n                <a href=\"https:\/\/cparici.com\/en\/mont-saint-michel\/\" class=\"blog-compact-item-container\">\n                    <div class=\"blog-compact-item\">\n                        <img decoding=\"async\" width=\"577\" height=\"200\" src=\"https:\/\/cparici.com\/wp-content\/uploads\/2024\/07\/mont-saint-michel.jpg\" class=\"attachment-listeo-blog-related-post size-listeo-blog-related-post wp-post-image\" alt=\"mont saint michel littoral fran\u00e7ais\" srcset=\"https:\/\/cparici.com\/wp-content\/uploads\/2024\/07\/mont-saint-michel.jpg 1520w, https:\/\/cparici.com\/wp-content\/uploads\/2024\/07\/mont-saint-michel-600x208.jpg 600w, https:\/\/cparici.com\/wp-content\/uploads\/2024\/07\/mont-saint-michel-300x104.jpg 300w, https:\/\/cparici.com\/wp-content\/uploads\/2024\/07\/mont-saint-michel-1024x356.jpg 1024w, https:\/\/cparici.com\/wp-content\/uploads\/2024\/07\/mont-saint-michel-768x267.jpg 768w\" sizes=\"(max-width: 577px) 100vw, 577px\" \/><span class=\"blog-item-tag\">France<\/span>                        \n                        <div class=\"blog-compact-item-content\">\n                                                        <h3>Mont saint michel : guide, billets et secrets de l\u2019abbaye<\/h3>\n                                                        <p>Envie de visiter le mont saint michel ? Ne manquez pas notre article qui vous...                            <\/p>\n                                                    <\/div>\n                    <\/div>\n                <\/a>\n            <\/div>\n\t\t\t<div class=\"col-md-4\">\n                <a href=\"https:\/\/cparici.com\/en\/granville\/\" class=\"blog-compact-item-container\">\n                    <div class=\"blog-compact-item\">\n                        <img decoding=\"async\" width=\"577\" height=\"204\" src=\"https:\/\/cparici.com\/wp-content\/uploads\/2026\/02\/Granville-577x204.jpg\" class=\"attachment-listeo-blog-related-post size-listeo-blog-related-post wp-post-image\" alt=\"Granville\" srcset=\"https:\/\/cparici.com\/wp-content\/uploads\/2026\/02\/Granville-577x204.jpg 577w, https:\/\/cparici.com\/wp-content\/uploads\/2026\/02\/Granville-300x106.jpg 300w, https:\/\/cparici.com\/wp-content\/uploads\/2026\/02\/Granville-1024x362.jpg 1024w, https:\/\/cparici.com\/wp-content\/uploads\/2026\/02\/Granville-768x271.jpg 768w, https:\/\/cparici.com\/wp-content\/uploads\/2026\/02\/Granville-18x6.jpg 18w, https:\/\/cparici.com\/wp-content\/uploads\/2026\/02\/Granville-590x208.jpg 590w, https:\/\/cparici.com\/wp-content\/uploads\/2026\/02\/Granville-1200x424.jpg 1200w, https:\/\/cparici.com\/wp-content\/uploads\/2026\/02\/Granville-600x212.jpg 600w, https:\/\/cparici.com\/wp-content\/uploads\/2026\/02\/Granville.jpg 1500w\" sizes=\"(max-width: 577px) 100vw, 577px\" \/><span class=\"blog-item-tag\">France<\/span>                        \n                        <div class=\"blog-compact-item-content\">\n                                                        <h3>Granville : guide complet pour visiter la Monaco du Nord<\/h3>\n                                                        <p>Recherches populaires Categories Pas de r\u00e9sultats Voir tous les r\u00e9sultats Granville : guide complet pour...                            <\/p>\n                                                    <\/div>\n                    <\/div>\n                <\/a>\n            <\/div>\n\t\t\t<div class=\"col-md-4\">\n                <a href=\"https:\/\/cparici.com\/en\/alligator-bay\/\" class=\"blog-compact-item-container\">\n                    <div class=\"blog-compact-item\">\n                        <img decoding=\"async\" width=\"577\" height=\"211\" src=\"https:\/\/cparici.com\/wp-content\/uploads\/2024\/07\/alligator-bay.jpg\" class=\"attachment-listeo-blog-related-post size-listeo-blog-related-post wp-post-image\" alt=\"alligator bay\" srcset=\"https:\/\/cparici.com\/wp-content\/uploads\/2024\/07\/alligator-bay.jpg 1450w, https:\/\/cparici.com\/wp-content\/uploads\/2024\/07\/alligator-bay-600x219.jpg 600w, https:\/\/cparici.com\/wp-content\/uploads\/2024\/07\/alligator-bay-300x110.jpg 300w, https:\/\/cparici.com\/wp-content\/uploads\/2024\/07\/alligator-bay-1024x374.jpg 1024w, https:\/\/cparici.com\/wp-content\/uploads\/2024\/07\/alligator-bay-768x281.jpg 768w\" sizes=\"(max-width: 577px) 100vw, 577px\" \/><span class=\"blog-item-tag\">Beauvoir<\/span>                        \n                        <div class=\"blog-compact-item-content\">\n                                                        <h3>Alligator Bay \u2013 le Monde fascinant des Alligators et des Reptiles<\/h3>\n                                                        <p>Visitez Alligator Bay, un parc unique d\u00e9di\u00e9 aux alligators et reptiles, avec des animations, des...                            <\/p>\n                                                    <\/div>\n                    <\/div>\n                <\/a>\n            <\/div>\n  <\/div>\n        <\/div>\n        \t\t\t\t<\/div>\n\t\t\t\t<\/div>\n\t\t\t\t\t<\/div>\n\t\t\t\t<\/aside>\n\t\t\t\t<\/div>\n\t\t","protected":false},"excerpt":{"rendered":"<p>Le Mont Saint Michel en Normandie &#8211; D\u00e9couvrez le mont saint michel et la magnifique baie qui l&#8217;entoure et ses richesses naturelles<\/p>","protected":false},"author":1,"featured_media":16297,"comment_status":"closed","ping_status":"closed","sticky":false,"template":"","format":"standard","meta":{"ngg_post_thumbnail":0,"footnotes":""},"categories":[314,316],"tags":[366,448,447,376],"class_list":["post-16294","post","type-post","status-publish","format-standard","has-post-thumbnail","hentry","category-architecture","category-patrimoine-religieux","tag-abbaye","tag-baie-mont-saint-michel","tag-mont-saint-michel","tag-normandie"],"_links":{"self":[{"href":"https:\/\/cparici.com\/en\/wp-json\/wp\/v2\/posts\/16294","targetHints":{"allow":["GET"]}}],"collection":[{"href":"https:\/\/cparici.com\/en\/wp-json\/wp\/v2\/posts"}],"about":[{"href":"https:\/\/cparici.com\/en\/wp-json\/wp\/v2\/types\/post"}],"author":[{"embeddable":true,"href":"https:\/\/cparici.com\/en\/wp-json\/wp\/v2\/users\/1"}],"replies":[{"embeddable":true,"href":"https:\/\/cparici.com\/en\/wp-json\/wp\/v2\/comments?post=16294"}],"version-history":[{"count":0,"href":"https:\/\/cparici.com\/en\/wp-json\/wp\/v2\/posts\/16294\/revisions"}],"wp:featuredmedia":[{"embeddable":true,"href":"https:\/\/cparici.com\/en\/wp-json\/wp\/v2\/media\/16297"}],"wp:attachment":[{"href":"https:\/\/cparici.com\/en\/wp-json\/wp\/v2\/media?parent=16294"}],"wp:term":[{"taxonomy":"category","embeddable":true,"href":"https:\/\/cparici.com\/en\/wp-json\/wp\/v2\/categories?post=16294"},{"taxonomy":"post_tag","embeddable":true,"href":"https:\/\/cparici.com\/en\/wp-json\/wp\/v2\/tags?post=16294"}],"curies":[{"name":"wp","href":"https:\/\/api.w.org\/{rel}","templated":true}]}}