{"id":16994,"date":"2024-04-25T09:44:13","date_gmt":"2024-04-25T07:44:13","guid":{"rendered":"https:\/\/cparici.com\/?p=16994"},"modified":"2026-04-05T11:28:25","modified_gmt":"2026-04-05T09:28:25","slug":"chateau-de-keriolet-complete-tour-guide","status":"publish","type":"post","link":"https:\/\/cparici.com\/en\/chateau-de-keriolet-guide-complet-pour-votre-visite\/","title":{"rendered":"Ch\u00e2teau de Keriolet - complete guide for your visit"},"content":{"rendered":"\t\t<div data-elementor-type=\"wp-post\" data-elementor-id=\"16994\" class=\"elementor elementor-16994\" data-elementor-post-type=\"post\">\n\t\t\t\t<div class=\"elementor-element elementor-element-95a1016 e-con-full e-flex e-con e-parent\" data-id=\"95a1016\" data-element_type=\"container\" data-e-type=\"container\">\n\t\t\t\t<div class=\"elementor-element elementor-element-94224c6 elementor-widget elementor-widget-image\" data-id=\"94224c6\" data-element_type=\"widget\" data-e-type=\"widget\" data-widget_type=\"image.default\">\n\t\t\t\t\t\t\t\t\t\t\t\t\t\t\t<img decoding=\"async\" width=\"1320\" height=\"456\" src=\"https:\/\/cparici.com\/wp-content\/uploads\/2024\/04\/chateau-de-keriolet-a-concarneau.jpg\" class=\"attachment-full size-full wp-image-16999\" alt=\"chateau de keriolet a concarneau\" srcset=\"https:\/\/cparici.com\/wp-content\/uploads\/2024\/04\/chateau-de-keriolet-a-concarneau.jpg 1320w, https:\/\/cparici.com\/wp-content\/uploads\/2024\/04\/chateau-de-keriolet-a-concarneau-600x207.jpg 600w, https:\/\/cparici.com\/wp-content\/uploads\/2024\/04\/chateau-de-keriolet-a-concarneau-300x104.jpg 300w, https:\/\/cparici.com\/wp-content\/uploads\/2024\/04\/chateau-de-keriolet-a-concarneau-1024x354.jpg 1024w, https:\/\/cparici.com\/wp-content\/uploads\/2024\/04\/chateau-de-keriolet-a-concarneau-768x265.jpg 768w\" sizes=\"(max-width: 1320px) 100vw, 1320px\" \/>\t\t\t\t\t\t\t\t\t\t\t\t\t\t\t<\/div>\n\t\t\t\t<\/div>\n\t\t<div class=\"elementor-element elementor-element-6066d3f2 e-flex e-con-boxed e-con e-parent\" data-id=\"6066d3f2\" data-element_type=\"container\" data-e-type=\"container\">\n\t\t\t\t\t<div class=\"e-con-inner\">\n\t\t\t\t<div class=\"elementor-element elementor-element-47609fc1 elementor-widget elementor-widget-text-editor\" data-id=\"47609fc1\" data-element_type=\"widget\" data-e-type=\"widget\" data-widget_type=\"text-editor.default\">\n\t\t\t\t\t\t\t\t\t<p><span style=\"color: #ffffff;\">___<\/span><\/p><h1 style=\"text-align: center;\"><span style=\"font-size: 18pt; color: #003366;\"><strong>Ch\u00e2teau de Keriolet &#8211; guide complet pour votre visite<\/strong><\/span><\/h1><p><span style=\"color: #ffffff;\">___<\/span><\/p><p>Si votre coeur balance pour une escapade culturelle dans <a href=\"https:\/\/cparici.com\/fr\/visiter-la-bretagne-guide-des-sites-et-villes-a-explorer\/\">le sud de la Bretagne<\/a>, captiv\u00e9 par le charme des demeures historiques, le Ch\u00e2teau de Keriolet est une escale incontournable. Cette p\u00e9pite n\u00e9o-gothique, t\u00e9moignage de la vie excentrique de la princesse Z\u00e9na\u00efde Narischkine Youssoupoff et de son \u00e9poux, le comte Charles de Chauveau, vous attend. Issue de la m\u00e9tamorphose d&#8217;une forteresse du XIIIe si\u00e8cle, cette demeure a \u00e9t\u00e9 \u00e9lev\u00e9e au rang de joyau architectural du XIXe si\u00e8cle, class\u00e9e monument historique.<\/p><p>Au programme de votre visite : une immersion dans l&#8217;histoire et l&#8217;\u00e9l\u00e9gance, gr\u00e2ce \u00e0 des visites guid\u00e9es enrichissantes, des animations captivantes et la possibilit\u00e9 d&#8217;assister \u00e0 des \u00e9v\u00e9nements uniques. Nous vous offrons un guide exhaustif pour pr\u00e9parer au mieux votre incursion au Ch\u00e2teau de Keriolet, en soulignant les exp\u00e9riences immanquables de ce lieu empreint de magie.<\/p><h2>Historique et architecture du Ch\u00e2teau de Keriolet<\/h2><p>Le Ch\u00e2teau de Keriolet a <a href=\"https:\/\/cparici.com\/fr\/ville-close-de-concarneau-en-finistere\/\">Concarneau<\/a> repr\u00e9sente un t\u00e9moignage remarquable de l&#8217;histoire et de l&#8217;architecture, refl\u00e9tant le r\u00eave ambitieux de la princesse Z\u00e9na\u00efde Narischkine Youssoupoff et du comte Charles de Chauveau. Explorez l&#8217;\u00e9volution de cette demeure au cours des si\u00e8cles, d\u00e9couvrez ses caract\u00e9ristiques architecturales uniques et les personnalit\u00e9s embl\u00e9matiques qui ont fa\u00e7onn\u00e9 son histoire.<\/p><h3>L&#8217;histoire fascinante du ch\u00e2teau<\/h3><p>Apparu pour la premi\u00e8re fois dans les chroniques en 1481, le Ch\u00e2teau de Keriolet \u00e9tait \u00e0 l&#8217;origine un manoir fortifi\u00e9 ayant appartenu \u00e0 diverses familles nobles locales. Au XIXe si\u00e8cle, il conna\u00eet une transformation majeure gr\u00e2ce \u00e0 la princesse Z\u00e9na\u00efde, une veuve aristocrate russe de grande richesse. \u00c9prise du comte Charles, un capitaine d&#8217;artillerie fran\u00e7ais, elle lui offre le domaine de Keriolet, qu&#8217;elle fait r\u00e9am\u00e9nager en une splendide r\u00e9sidence n\u00e9o-gothique par l&#8217;architecte Joseph Bigot, inspir\u00e9e par des monuments tels que les ch\u00e2teaux de Blois et de Rust\u00e9phan, ainsi que le prieur\u00e9 de Locamand.<\/p><p>Le couple organise de somptueuses r\u00e9ceptions, fr\u00e9quent\u00e9es par d&#8217;\u00e9minentes personnalit\u00e9s de leur temps. Apr\u00e8s le d\u00e9c\u00e8s du comte en 1889, la princesse se retire du ch\u00e2teau, lequel est l\u00e9gu\u00e9 au d\u00e9partement du Finist\u00e8re pour accueillir un mus\u00e9e. Au XXe si\u00e8cle, le ch\u00e2teau passe par plusieurs propri\u00e9taires, notamment le prince F\u00e9lix Youssoupov, connu pour son implication dans l&#8217;assassinat de Raspoutine, avant d&#8217;\u00eatre acquis par Christophe L\u00e9v\u00e8que qui le restaure et le rend accessible au public.<\/p><h3>Les caract\u00e9ristiques architecturales<\/h3><p>Le ch\u00e2teau offre une fascinante fa\u00e7ade sud, enrichie de statues, de vitraux et de symboles \u00e9voquant la culture bretonne. C\u00f4t\u00e9 nord, il conserve des \u00e9l\u00e9ments de son origine m\u00e9di\u00e9vale. Le domaine compte plusieurs ailes \u2013 m\u00e9di\u00e9vale \u00e0 l&#8217;ouest, Renaissance au nord et n\u00e9o-gothique au sud \u2013 abritant des salles remarquablement d\u00e9cor\u00e9es et garnies de collections de porcelaines, tapisseries et autres objets pr\u00e9cieux. Le parc environnant offre une vue exceptionnelle sur la mer et les \u00eeles Gl\u00e9nan.<\/p><h3>Les personnalit\u00e9s li\u00e9es au ch\u00e2teau<\/h3><p>Le Ch\u00e2teau de Keriolet a \u00e9t\u00e9 le home de personnalit\u00e9s illustres, ayant chacune laiss\u00e9 une empreinte ind\u00e9l\u00e9bile :<\/p><ul><li>La princesse Z\u00e9na\u00efde Narischkine Youssoupoff (1810-1893), belle, g\u00e9n\u00e9reuse et excentrique, tante du tsar Nicolas II et grand-m\u00e8re de F\u00e9lix Youssoupov.<\/li><li>Le comte Charles de Chauveau (1825-1889), dot\u00e9 d&#8217;une passion pour la politique, la litt\u00e9rature et l&#8217;art.<\/li><li>Le prince F\u00e9lix Youssoupov (1887-1967), l&#8217;un des hommes les plus riches de Russie et l&#8217;un des responsables de la mort de Raspoutine.<\/li><li>L&#8217;architecte Joseph Bigot (1807-1894), cr\u00e9ateur influent de nombreux \u00e9difices n\u00e9o-gothiques en Bretagne.<\/li><\/ul>\t\t\t\t\t\t\t\t<\/div>\n\t\t\t\t\t<\/div>\n\t\t\t\t<\/div>\n\t\t<div class=\"elementor-element elementor-element-8fea476 e-flex e-con-boxed e-con e-parent\" data-id=\"8fea476\" data-element_type=\"container\" data-e-type=\"container\">\n\t\t\t\t\t<div class=\"e-con-inner\">\n\t\t\t\t<div class=\"elementor-element elementor-element-6dbba1c elementor-widget elementor-widget-global elementor-global-51519 elementor-widget-listeo-listings-carousel\" data-id=\"6dbba1c\" data-element_type=\"widget\" data-e-type=\"widget\" data-widget_type=\"listeo-listings-carousel.default\">\n\t\t\t\t<div class=\"elementor-widget-container\">\n\t\t\t\t\t        <!-- Carousel \/ Start -->\n        \t<div class=\"simple-slick-carousel dots-nav\" data-slick='{&quot;autoplay&quot;:false,&quot;autoplaySpeed&quot;:3000,&quot;slidesToShow&quot;:3,&quot;slidesToScroll&quot;:1,&quot;responsive&quot;:[{&quot;breakpoint&quot;:1024,&quot;settings&quot;:{&quot;slidesToShow&quot;:2,&quot;slidesToScroll&quot;:1}},{&quot;breakpoint&quot;:768,&quot;settings&quot;:{&quot;slidesToShow&quot;:1,&quot;slidesToScroll&quot;:1}}]}'>\n                            <div class=\"fw-carousel-item\">                    \n                        <div  class=\"listing-card-container-nl listing-geo-data\" \r\n\t\tdata-title=\"\u00a0Le 70 Sainte Marine \u2013 Grande maison de vacances charme &amp; confort en Finist\u00e8re Sud (Bretagne)\"\r\n\t\tdata-listing-type=\"rental\"\r\n\t\tdata-classifieds-price=\"&euro;\"\r\n\t\tdata-friendly-address=\"Sainte-Marine (Combrit)\"\r\n\t\tdata-address=\"Sainte-Marine (Combrit)\"\r\n\t\tdata-image=\"https:\/\/cparici.com\/wp-content\/uploads\/2025\/07\/Bienvenue-Welcome-Sainte-Marine-Brittany-520x397.jpg\"\r\n\t\tdata-longitude=\"-4.123866599999999\"\r\n\t\tdata-latitude=\"47.874164\"\r\n\t\t\t\t\tdata-rating=\"5\"\r\n\t\t\tdata-reviews=\"8\"\r\n\t\t\t\tdata-icon=\"&lt;svg xmlns=&quot;http:\/\/www.w3.org\/2000\/svg&quot; width=&quot;800px&quot; height=&quot;800px&quot; viewBox=&quot;0 0 45 45&quot; fill=&quot;none&quot;&gt;\n&lt;path d=&quot;M24.155 8.78099L24.33 8.94499L37.402 21.787L36 23.213L34.2 21.445L34.201 35C34.201 36.054 33.385 36.918 32.35 36.994L32.201 37H12.201C11.147 37 10.283 36.184 10.206 35.149L10.201 35L10.2 21.446L8.402 23.213L7 21.787L20.058 8.95799C21.171 7.82199 22.966 7.75899 24.155 8.78099ZM21.569 10.285L21.473 10.372L12.2 19.481L12.201 35L17.2 34.999L17.201 25C17.201 23.946 18.017 23.082 19.052 23.005L19.201 23H25.201C26.255 23 27.119 23.816 27.196 24.851L27.201 25L27.2 34.999L32.201 35L32.2 19.48L22.901 10.344C22.537 9.98699 21.969 9.96499 21.569 10.285ZM25.201 25H19.201L19.2 34.999H25.2L25.201 25Z&quot; fill=&quot;#3C3C3C&quot;\/&gt;\n&lt;\/svg&gt;\"\r\n\r\n\t>\r\n    <div class=\"listing-card-nl\">\r\n        <!-- ===== LEFT: IMAGE SLIDER ===== -->\r\n        <div class=\"listing-image-container-nl\">\r\n            <a href=\"https:\/\/cparici.com\/en\/annonce\/le-70-sainte-marine-grande-maison-de-vacances-charme-confort-en-finistere-sud-bretagne\/\">\r\n                <div class=\"slider-wrapper-nl\">\r\n                    \t\t\t\t<img decoding=\"async\" src=\"https:\/\/cparici.com\/wp-content\/uploads\/2025\/07\/Bienvenue-Welcome-Sainte-Marine-Brittany-520x397.jpg\" alt=\"le 70 Sainte Marine Combrit\" class=\"slider-image-nl\">\r\n\t\t\t\t\t\t<img decoding=\"async\" src=\"https:\/\/cparici.com\/wp-content\/uploads\/2025\/07\/Bretagne-Brittany-Bord-de-mer-Walk-to-beach.jpg\" alt=\"Location vacances Benodet -Sainte Marine\" class=\"slider-image-nl\">\r\n\t\t\t\t\t\t<img decoding=\"async\" src=\"https:\/\/cparici.com\/wp-content\/uploads\/2025\/07\/5-suites-parentales-5-salles-de-bain-confort-cosy-500x397.jpg\" alt=\"le 70 Sainte Marine Combrit location vacances\" class=\"slider-image-nl\">\r\n\t\t                <\/div>\r\n            <\/a>\r\n            \r\n            <div class=\"slider-arrow-nl left-nl\" id=\"prevBtn\"><i class=\"fa-solid fa-chevron-left\"><\/i><\/div>\r\n            <div class=\"slider-arrow-nl right-nl\" id=\"nextBtn\"><i class=\"fa-solid fa-chevron-right\"><\/i><\/div>\r\n            <div class=\"image-overlay-top-nl\">\r\n                <span class=\"listing-category-tag-nl\">H\u00e9bergements<\/span>                                    <div class=\"favorite-icon-nl\" id=\"favoriteBtn\">\r\n                        \r\n                                <span class=\"save fa-regular fa-heart tooltip left\" title=\"Login To Bookmark Items\"><\/span>\r\n                                                    \r\n                    <\/div>\r\n                            <\/div>\r\n        <\/div>\r\n\r\n        <!-- ===== RIGHT: LISTING DETAILS (NOW 2-COLUMN) ===== -->\r\n        <a href=\"https:\/\/cparici.com\/en\/annonce\/le-70-sainte-marine-grande-maison-de-vacances-charme-confort-en-finistere-sud-bretagne\/\" class=\"listing-details-nl\">\r\n\r\n            <!-- Main Content Column (Left) -->\r\n            <div class=\"details-main-col-nl\">\r\n                                <h2 class=\"listing-title-nl\">\u00a0Le 70 Sainte Marine \u2013 Grande maison de vacances charme &amp; confort en Finist\u00e8re Sud (Bretagne)                    <div class=\"listing-title-badges-nl\">\r\n                                                                    <\/div>\r\n                <\/h2>\r\n                <p class=\"listing-location-nl\">Sainte-Marine (Combrit)<\/p>\t\r\n                    <div class=\"listing-amenities-nl\">\r\n                        \r\n                    <\/div>\r\n                            <\/div>\r\n\r\n            <!-- Sidebar Column (Right) -->\r\n            <div class=\"details-sidebar-col-nl\">\r\n                <div class=\"details-sidebar-upper-nl\">\r\n                    \r\n                            <div class=\"listing-rating-nl\">\r\n                                        <div class=\"stars-nl\">\r\n                                            <i class=\"fa-solid fa-star\"><\/i>\r\n                                        <\/div>\r\n                                        <div class=\"rating-text-nl\">5.0<\/div>\r\n                                    <\/div>\r\n                                        <\/div>\r\n                            <\/div>\r\n\r\n        <\/a>\r\n\r\n    <\/div>\r\n<\/div>\n                    <\/div>\n                                      <div class=\"fw-carousel-item\">                    \n                        <div  class=\"listing-card-container-nl listing-geo-data\" \r\n\t\tdata-title=\"Villa Grand large 12 Pers &#8211; Concarneau &#8211; Le Cabellou\"\r\n\t\tdata-listing-type=\"rental\"\r\n\t\tdata-classifieds-price=\"&euro;\"\r\n\t\tdata-friendly-address=\"Concarneau, proche plage et centre\"\r\n\t\tdata-address=\"Concarneau, proche plage et centre\"\r\n\t\tdata-image=\"https:\/\/cparici.com\/wp-content\/uploads\/2025\/12\/maison-villa-piscine-520x397.jpg\"\r\n\t\tdata-longitude=\"-3.913984\"\r\n\t\tdata-latitude=\"47.857957\"\r\n\t\t\t\t\tdata-rating=\"0\"\r\n\t\t\tdata-reviews=\"0\"\r\n\t\t\t\tdata-icon=\"&lt;svg xmlns=&quot;http:\/\/www.w3.org\/2000\/svg&quot; width=&quot;800px&quot; height=&quot;800px&quot; viewBox=&quot;0 0 45 45&quot; fill=&quot;none&quot;&gt;\n&lt;path d=&quot;M24.155 8.78099L24.33 8.94499L37.402 21.787L36 23.213L34.2 21.445L34.201 35C34.201 36.054 33.385 36.918 32.35 36.994L32.201 37H12.201C11.147 37 10.283 36.184 10.206 35.149L10.201 35L10.2 21.446L8.402 23.213L7 21.787L20.058 8.95799C21.171 7.82199 22.966 7.75899 24.155 8.78099ZM21.569 10.285L21.473 10.372L12.2 19.481L12.201 35L17.2 34.999L17.201 25C17.201 23.946 18.017 23.082 19.052 23.005L19.201 23H25.201C26.255 23 27.119 23.816 27.196 24.851L27.201 25L27.2 34.999L32.201 35L32.2 19.48L22.901 10.344C22.537 9.98699 21.969 9.96499 21.569 10.285ZM25.201 25H19.201L19.2 34.999H25.2L25.201 25Z&quot; fill=&quot;#3C3C3C&quot;\/&gt;\n&lt;\/svg&gt;\"\r\n\r\n\t>\r\n    <div class=\"listing-card-nl\">\r\n        <!-- ===== LEFT: IMAGE SLIDER ===== -->\r\n        <div class=\"listing-image-container-nl\">\r\n            <a href=\"https:\/\/cparici.com\/en\/annonce\/villa-grand-large-12-pers-concarneau-le-cabellou\/\">\r\n                <div class=\"slider-wrapper-nl\">\r\n                    \t\t\t\t<img decoding=\"async\" src=\"https:\/\/cparici.com\/wp-content\/uploads\/2025\/12\/maison-villa-piscine-520x397.jpg\" alt=\"Villa Grand large 12 Pers &#8211; Concarneau &#8211; Le Cabellou\" class=\"slider-image-nl\">\r\n\t\t\t\t\t\t<img decoding=\"async\" src=\"https:\/\/cparici.com\/wp-content\/uploads\/2025\/12\/grande-villa-piscine-2-520x397.jpg\" alt=\"Villa Grand large 12 Pers &#8211; Concarneau &#8211; Le Cabellou\" class=\"slider-image-nl\">\r\n\t\t\t\t\t\t<img decoding=\"async\" src=\"https:\/\/cparici.com\/wp-content\/uploads\/2025\/12\/grande-villa-piscine-520x397.jpg\" alt=\"Villa Grand large 12 Pers &#8211; Concarneau &#8211; Le Cabellou\" class=\"slider-image-nl\">\r\n\t\t                <\/div>\r\n            <\/a>\r\n            \r\n            <div class=\"slider-arrow-nl left-nl\" id=\"prevBtn\"><i class=\"fa-solid fa-chevron-left\"><\/i><\/div>\r\n            <div class=\"slider-arrow-nl right-nl\" id=\"nextBtn\"><i class=\"fa-solid fa-chevron-right\"><\/i><\/div>\r\n            <div class=\"image-overlay-top-nl\">\r\n                <span class=\"listing-category-tag-nl\">H\u00e9bergements<\/span>                                    <div class=\"favorite-icon-nl\" id=\"favoriteBtn\">\r\n                        \r\n                                <span class=\"save fa-regular fa-heart tooltip left\" title=\"Login To Bookmark Items\"><\/span>\r\n                                                    \r\n                    <\/div>\r\n                            <\/div>\r\n        <\/div>\r\n\r\n        <!-- ===== RIGHT: LISTING DETAILS (NOW 2-COLUMN) ===== -->\r\n        <a href=\"https:\/\/cparici.com\/en\/annonce\/villa-grand-large-12-pers-concarneau-le-cabellou\/\" class=\"listing-details-nl\">\r\n\r\n            <!-- Main Content Column (Left) -->\r\n            <div class=\"details-main-col-nl\">\r\n                                <h2 class=\"listing-title-nl\">Villa Grand large 12 Pers &#8211; Concarneau &#8211; Le Cabellou                    <div class=\"listing-title-badges-nl\">\r\n                                                                    <\/div>\r\n                <\/h2>\r\n                <p class=\"listing-location-nl\">Concarneau, proche plage et centre<\/p>\t\r\n                    <div class=\"listing-amenities-nl\">\r\n                        \r\n                    <\/div>\r\n                            <\/div>\r\n\r\n            <!-- Sidebar Column (Right) -->\r\n            <div class=\"details-sidebar-col-nl\">\r\n                <div class=\"details-sidebar-upper-nl\">\r\n                                                <div class=\"listing-rating-nl\">\r\n                                <div class=\"rating-text-nl no-rating\">No reviews yet<\/div>\r\n                            <\/div>\r\n                                    <\/div>\r\n                            <\/div>\r\n\r\n        <\/a>\r\n\r\n    <\/div>\r\n<\/div>\n                    <\/div>\n                                      <div class=\"fw-carousel-item\">                    \n                        <div  class=\"listing-card-container-nl listing-geo-data\" \r\n\t\tdata-title=\"Evasion Marine, 2-4 pers\"\r\n\t\tdata-listing-type=\"rental\"\r\n\t\tdata-classifieds-price=\"&euro;\"\r\n\t\tdata-friendly-address=\"Les Sables Blancs\"\r\n\t\tdata-address=\"Les Sables Blancs\"\r\n\t\tdata-image=\"https:\/\/cparici.com\/wp-content\/uploads\/2025\/01\/evasion-marine-1-520x397.jpg\"\r\n\t\tdata-longitude=\"-3.930070000000001\"\r\n\t\tdata-latitude=\"47.88204939999999\"\r\n\t\t\t\t\tdata-rating=\"0\"\r\n\t\t\tdata-reviews=\"0\"\r\n\t\t\t\tdata-icon=\"&lt;svg xmlns=&quot;http:\/\/www.w3.org\/2000\/svg&quot; width=&quot;800px&quot; height=&quot;800px&quot; viewBox=&quot;0 0 45 45&quot; fill=&quot;none&quot;&gt;\n&lt;path d=&quot;M24.155 8.78099L24.33 8.94499L37.402 21.787L36 23.213L34.2 21.445L34.201 35C34.201 36.054 33.385 36.918 32.35 36.994L32.201 37H12.201C11.147 37 10.283 36.184 10.206 35.149L10.201 35L10.2 21.446L8.402 23.213L7 21.787L20.058 8.95799C21.171 7.82199 22.966 7.75899 24.155 8.78099ZM21.569 10.285L21.473 10.372L12.2 19.481L12.201 35L17.2 34.999L17.201 25C17.201 23.946 18.017 23.082 19.052 23.005L19.201 23H25.201C26.255 23 27.119 23.816 27.196 24.851L27.201 25L27.2 34.999L32.201 35L32.2 19.48L22.901 10.344C22.537 9.98699 21.969 9.96499 21.569 10.285ZM25.201 25H19.201L19.2 34.999H25.2L25.201 25Z&quot; fill=&quot;#3C3C3C&quot;\/&gt;\n&lt;\/svg&gt;\"\r\n\r\n\t>\r\n    <div class=\"listing-card-nl\">\r\n        <!-- ===== LEFT: IMAGE SLIDER ===== -->\r\n        <div class=\"listing-image-container-nl\">\r\n            <a href=\"https:\/\/cparici.com\/en\/annonce\/evasion-marine-2-4-pers\/\">\r\n                <div class=\"slider-wrapper-nl\">\r\n                    \t\t\t\t<img decoding=\"async\" src=\"https:\/\/cparici.com\/wp-content\/uploads\/2025\/01\/evasion-marine-1-520x397.jpg\" alt=\"Evasion Marine, 2-4 pers\" class=\"slider-image-nl\">\r\n\t\t\t\t\t\t<img decoding=\"async\" src=\"https:\/\/cparici.com\/wp-content\/uploads\/2025\/01\/evasion-marine-2-520x397.jpg\" alt=\"Evasion Marine, 2-4 pers\" class=\"slider-image-nl\">\r\n\t\t\t\t\t\t<img decoding=\"async\" src=\"https:\/\/cparici.com\/wp-content\/uploads\/2025\/01\/evasion-marine-4-520x397.jpg\" alt=\"Evasion Marine, 2-4 pers\" class=\"slider-image-nl\">\r\n\t\t                <\/div>\r\n            <\/a>\r\n            \r\n            <div class=\"slider-arrow-nl left-nl\" id=\"prevBtn\"><i class=\"fa-solid fa-chevron-left\"><\/i><\/div>\r\n            <div class=\"slider-arrow-nl right-nl\" id=\"nextBtn\"><i class=\"fa-solid fa-chevron-right\"><\/i><\/div>\r\n            <div class=\"image-overlay-top-nl\">\r\n                <span class=\"listing-category-tag-nl\">H\u00e9bergements<\/span>                                    <div class=\"favorite-icon-nl\" id=\"favoriteBtn\">\r\n                        \r\n                                <span class=\"save fa-regular fa-heart tooltip left\" title=\"Login To Bookmark Items\"><\/span>\r\n                                                    \r\n                    <\/div>\r\n                            <\/div>\r\n        <\/div>\r\n\r\n        <!-- ===== RIGHT: LISTING DETAILS (NOW 2-COLUMN) ===== -->\r\n        <a href=\"https:\/\/cparici.com\/en\/annonce\/evasion-marine-2-4-pers\/\" class=\"listing-details-nl\">\r\n\r\n            <!-- Main Content Column (Left) -->\r\n            <div class=\"details-main-col-nl\">\r\n                                <h2 class=\"listing-title-nl\">Evasion Marine, 2-4 pers                    <div class=\"listing-title-badges-nl\">\r\n                                                                    <\/div>\r\n                <\/h2>\r\n                <p class=\"listing-location-nl\">Les Sables Blancs<\/p>\t\t\t<div class=\"listing-features-nl\">\r\n\t\t\t\t\t\t\t\t\t\t\t\t<!-- Regular Field Template -->\r\n\t\t\t\t\t<div class=\"feature-tag-nl main-detail-_size\">\r\n\t\t\t\t\t\t<i class=\"fas fa-check\"><\/i>\r\n\t\t\t\t\t\t\t\t\t\t\t\t\t\t\t\t\t\t\t\t<span>53<\/span>\r\n\t\t\t\t\t\t\t\t\t\t\t\t<div class=\"tooltip-nl\">Size<\/div>\r\n\t\t\t\t\t<\/div>\r\n\t\t\t\t\t\t\t\t\t\t\t\t\t\t\t\t<!-- Regular Field Template -->\r\n\t\t\t\t\t<div class=\"feature-tag-nl main-detail-_guests\">\r\n\t\t\t\t\t\t<i class=\"fas fa-check\"><\/i>\r\n\t\t\t\t\t\t\t\t\t\t\t\t\t\t\t\t\t\t\t\t<span>4<\/span>\r\n\t\t\t\t\t\t\t\t\t\t\t\t<div class=\"tooltip-nl\">Guest(s)<\/div>\r\n\t\t\t\t\t<\/div>\r\n\t\t\t\t\t\t\t\t\t\t\t\t\t\t\t\t<!-- Regular Field Template -->\r\n\t\t\t\t\t<div class=\"feature-tag-nl main-detail-_number_of_bedrooms\">\r\n\t\t\t\t\t\t<i class=\"fas fa-check\"><\/i>\r\n\t\t\t\t\t\t\t\t\t\t\t\t\t\t\t\t\t\t\t\t<span>2<\/span>\r\n\t\t\t\t\t\t\t\t\t\t\t\t<div class=\"tooltip-nl\">Bedroom(s)<\/div>\r\n\t\t\t\t\t<\/div>\r\n\t\t\t\t\t\t\t\t\t\t<\/div>\r\n\r\n                    <div class=\"listing-amenities-nl\">\r\n                        \r\n                    <\/div>\r\n                            <\/div>\r\n\r\n            <!-- Sidebar Column (Right) -->\r\n            <div class=\"details-sidebar-col-nl\">\r\n                <div class=\"details-sidebar-upper-nl\">\r\n                                                <div class=\"listing-rating-nl\">\r\n                                <div class=\"rating-text-nl no-rating\">No reviews yet<\/div>\r\n                            <\/div>\r\n                                    <\/div>\r\n                            <\/div>\r\n\r\n        <\/a>\r\n\r\n    <\/div>\r\n<\/div>\n                    <\/div>\n                                      <div class=\"fw-carousel-item\">                    \n                        <div  class=\"listing-card-container-nl listing-geo-data\" \r\n\t\tdata-title=\"TY-NOE Appartement 4 Pers Concarneau\"\r\n\t\tdata-listing-type=\"rental\"\r\n\t\tdata-classifieds-price=\"&euro;\"\r\n\t\tdata-friendly-address=\"Concarneau Centre ville Plage \u00e0 pied\"\r\n\t\tdata-address=\"Concarneau Centre ville Plage \u00e0 pied\"\r\n\t\tdata-image=\"https:\/\/cparici.com\/wp-content\/uploads\/2026\/03\/coin-salon-ty-noe-maison-vacances-concarneau-520x397.jpg\"\r\n\t\tdata-longitude=\"-3.926947116851807\"\r\n\t\tdata-latitude=\"47.87317453571676\"\r\n\t\t\t\t\tdata-rating=\"0\"\r\n\t\t\tdata-reviews=\"0\"\r\n\t\t\t\tdata-icon=\"&lt;svg xmlns=&quot;http:\/\/www.w3.org\/2000\/svg&quot; width=&quot;800px&quot; height=&quot;800px&quot; viewBox=&quot;0 0 45 45&quot; fill=&quot;none&quot;&gt;\n&lt;path d=&quot;M24.155 8.78099L24.33 8.94499L37.402 21.787L36 23.213L34.2 21.445L34.201 35C34.201 36.054 33.385 36.918 32.35 36.994L32.201 37H12.201C11.147 37 10.283 36.184 10.206 35.149L10.201 35L10.2 21.446L8.402 23.213L7 21.787L20.058 8.95799C21.171 7.82199 22.966 7.75899 24.155 8.78099ZM21.569 10.285L21.473 10.372L12.2 19.481L12.201 35L17.2 34.999L17.201 25C17.201 23.946 18.017 23.082 19.052 23.005L19.201 23H25.201C26.255 23 27.119 23.816 27.196 24.851L27.201 25L27.2 34.999L32.201 35L32.2 19.48L22.901 10.344C22.537 9.98699 21.969 9.96499 21.569 10.285ZM25.201 25H19.201L19.2 34.999H25.2L25.201 25Z&quot; fill=&quot;#3C3C3C&quot;\/&gt;\n&lt;\/svg&gt;\"\r\n\r\n\t>\r\n    <div class=\"listing-card-nl\">\r\n        <!-- ===== LEFT: IMAGE SLIDER ===== -->\r\n        <div class=\"listing-image-container-nl\">\r\n            <a href=\"https:\/\/cparici.com\/en\/annonce\/ty-noe-appartement-4-pers-concarneau\/\">\r\n                <div class=\"slider-wrapper-nl\">\r\n                    \t\t\t\t<img decoding=\"async\" src=\"https:\/\/cparici.com\/wp-content\/uploads\/2026\/03\/coin-salon-ty-noe-maison-vacances-concarneau-520x397.jpg\" alt=\"TY-NOE Appartement 4 Pers Concarneau\" class=\"slider-image-nl\">\r\n\t\t\t\t\t\t<img decoding=\"async\" src=\"https:\/\/cparici.com\/wp-content\/uploads\/2026\/03\/salon-ty-noe-maison-vacances-concarneau-520x397.jpg\" alt=\"TY-NOE Appartement 4 Pers Concarneau\" class=\"slider-image-nl\">\r\n\t\t\t\t\t\t<img decoding=\"async\" src=\"https:\/\/cparici.com\/wp-content\/uploads\/2026\/03\/salon-ty-noe-maison-vacances-concarneau-exterieur-520x397.jpeg\" alt=\"TY-NOE Appartement 4 Pers Concarneau\" class=\"slider-image-nl\">\r\n\t\t                <\/div>\r\n            <\/a>\r\n            \r\n            <div class=\"slider-arrow-nl left-nl\" id=\"prevBtn\"><i class=\"fa-solid fa-chevron-left\"><\/i><\/div>\r\n            <div class=\"slider-arrow-nl right-nl\" id=\"nextBtn\"><i class=\"fa-solid fa-chevron-right\"><\/i><\/div>\r\n            <div class=\"image-overlay-top-nl\">\r\n                <span class=\"listing-category-tag-nl\">H\u00e9bergements<\/span>                                    <div class=\"favorite-icon-nl\" id=\"favoriteBtn\">\r\n                        \r\n                                <span class=\"save fa-regular fa-heart tooltip left\" title=\"Login To Bookmark Items\"><\/span>\r\n                                                    \r\n                    <\/div>\r\n                            <\/div>\r\n        <\/div>\r\n\r\n        <!-- ===== RIGHT: LISTING DETAILS (NOW 2-COLUMN) ===== -->\r\n        <a href=\"https:\/\/cparici.com\/en\/annonce\/ty-noe-appartement-4-pers-concarneau\/\" class=\"listing-details-nl\">\r\n\r\n            <!-- Main Content Column (Left) -->\r\n            <div class=\"details-main-col-nl\">\r\n                                <h2 class=\"listing-title-nl\">TY-NOE Appartement 4 Pers Concarneau                    <div class=\"listing-title-badges-nl\">\r\n                                                                    <\/div>\r\n                <\/h2>\r\n                <p class=\"listing-location-nl\">Concarneau Centre ville Plage \u00e0 pied<\/p>\t\r\n                    <div class=\"listing-amenities-nl\">\r\n                        \r\n                    <\/div>\r\n                            <\/div>\r\n\r\n            <!-- Sidebar Column (Right) -->\r\n            <div class=\"details-sidebar-col-nl\">\r\n                <div class=\"details-sidebar-upper-nl\">\r\n                                                <div class=\"listing-rating-nl\">\r\n                                <div class=\"rating-text-nl no-rating\">No reviews yet<\/div>\r\n                            <\/div>\r\n                                    <\/div>\r\n                            <\/div>\r\n\r\n        <\/a>\r\n\r\n    <\/div>\r\n<\/div>\n                    <\/div>\n                                      <div class=\"fw-carousel-item\">                    \n                        <div  class=\"listing-card-container-nl listing-geo-data\" \r\n\t\tdata-title=\"Maison Le Bonheur, 4 pers\"\r\n\t\tdata-listing-type=\"rental\"\r\n\t\tdata-classifieds-price=\"&euro;\"\r\n\t\tdata-friendly-address=\"Concarneau, Le Porzou\"\r\n\t\tdata-address=\"Concarneau, Le Porzou\"\r\n\t\tdata-image=\"https:\/\/cparici.com\/wp-content\/uploads\/2025\/01\/le-bonheur-1-520x397.jpg\"\r\n\t\tdata-longitude=\"-3.9016358\"\r\n\t\tdata-latitude=\"47.8660765\"\r\n\t\t\t\t\tdata-rating=\"0\"\r\n\t\t\tdata-reviews=\"0\"\r\n\t\t\t\tdata-icon=\"&lt;svg xmlns=&quot;http:\/\/www.w3.org\/2000\/svg&quot; width=&quot;800px&quot; height=&quot;800px&quot; viewBox=&quot;0 0 45 45&quot; fill=&quot;none&quot;&gt;\n&lt;path d=&quot;M24.155 8.78099L24.33 8.94499L37.402 21.787L36 23.213L34.2 21.445L34.201 35C34.201 36.054 33.385 36.918 32.35 36.994L32.201 37H12.201C11.147 37 10.283 36.184 10.206 35.149L10.201 35L10.2 21.446L8.402 23.213L7 21.787L20.058 8.95799C21.171 7.82199 22.966 7.75899 24.155 8.78099ZM21.569 10.285L21.473 10.372L12.2 19.481L12.201 35L17.2 34.999L17.201 25C17.201 23.946 18.017 23.082 19.052 23.005L19.201 23H25.201C26.255 23 27.119 23.816 27.196 24.851L27.201 25L27.2 34.999L32.201 35L32.2 19.48L22.901 10.344C22.537 9.98699 21.969 9.96499 21.569 10.285ZM25.201 25H19.201L19.2 34.999H25.2L25.201 25Z&quot; fill=&quot;#3C3C3C&quot;\/&gt;\n&lt;\/svg&gt;\"\r\n\r\n\t>\r\n    <div class=\"listing-card-nl\">\r\n        <!-- ===== LEFT: IMAGE SLIDER ===== -->\r\n        <div class=\"listing-image-container-nl\">\r\n            <a href=\"https:\/\/cparici.com\/en\/annonce\/maison-le-bonheur-4-pers\/\">\r\n                <div class=\"slider-wrapper-nl\">\r\n                    \t\t\t\t<img decoding=\"async\" src=\"https:\/\/cparici.com\/wp-content\/uploads\/2025\/01\/le-bonheur-1-520x397.jpg\" alt=\"Maison Le Bonheur, 4 pers\" class=\"slider-image-nl\">\r\n\t\t\t\t\t\t<img decoding=\"async\" src=\"https:\/\/cparici.com\/wp-content\/uploads\/2025\/01\/le-bonheur-2-520x397.jpg\" alt=\"Maison Le Bonheur, 4 pers\" class=\"slider-image-nl\">\r\n\t\t\t\t\t\t<img decoding=\"async\" src=\"https:\/\/cparici.com\/wp-content\/uploads\/2025\/01\/le-bonheur-3-520x397.jpg\" alt=\"Maison Le Bonheur, 4 pers\" class=\"slider-image-nl\">\r\n\t\t                <\/div>\r\n            <\/a>\r\n            \r\n            <div class=\"slider-arrow-nl left-nl\" id=\"prevBtn\"><i class=\"fa-solid fa-chevron-left\"><\/i><\/div>\r\n            <div class=\"slider-arrow-nl right-nl\" id=\"nextBtn\"><i class=\"fa-solid fa-chevron-right\"><\/i><\/div>\r\n            <div class=\"image-overlay-top-nl\">\r\n                <span class=\"listing-category-tag-nl\">H\u00e9bergements<\/span>                                    <div class=\"favorite-icon-nl\" id=\"favoriteBtn\">\r\n                        \r\n                                <span class=\"save fa-regular fa-heart tooltip left\" title=\"Login To Bookmark Items\"><\/span>\r\n                                                    \r\n                    <\/div>\r\n                            <\/div>\r\n        <\/div>\r\n\r\n        <!-- ===== RIGHT: LISTING DETAILS (NOW 2-COLUMN) ===== -->\r\n        <a href=\"https:\/\/cparici.com\/en\/annonce\/maison-le-bonheur-4-pers\/\" class=\"listing-details-nl\">\r\n\r\n            <!-- Main Content Column (Left) -->\r\n            <div class=\"details-main-col-nl\">\r\n                                <h2 class=\"listing-title-nl\">Maison Le Bonheur, 4 pers                    <div class=\"listing-title-badges-nl\">\r\n                                                                    <\/div>\r\n                <\/h2>\r\n                <p class=\"listing-location-nl\">Concarneau, Le Porzou<\/p>\t\t\t<div class=\"listing-features-nl\">\r\n\t\t\t\t\t\t\t\t\t\t\t\t<!-- Regular Field Template -->\r\n\t\t\t\t\t<div class=\"feature-tag-nl main-detail-_size\">\r\n\t\t\t\t\t\t<i class=\"fas fa-check\"><\/i>\r\n\t\t\t\t\t\t\t\t\t\t\t\t\t\t\t\t\t\t\t\t<span>70<\/span>\r\n\t\t\t\t\t\t\t\t\t\t\t\t<div class=\"tooltip-nl\">Size<\/div>\r\n\t\t\t\t\t<\/div>\r\n\t\t\t\t\t\t\t\t\t\t\t\t\t\t\t\t<!-- Regular Field Template -->\r\n\t\t\t\t\t<div class=\"feature-tag-nl main-detail-_guests\">\r\n\t\t\t\t\t\t<i class=\"fas fa-check\"><\/i>\r\n\t\t\t\t\t\t\t\t\t\t\t\t\t\t\t\t\t\t\t\t<span>4<\/span>\r\n\t\t\t\t\t\t\t\t\t\t\t\t<div class=\"tooltip-nl\">Guest(s)<\/div>\r\n\t\t\t\t\t<\/div>\r\n\t\t\t\t\t\t\t\t\t\t\t\t\t\t\t\t<!-- Regular Field Template -->\r\n\t\t\t\t\t<div class=\"feature-tag-nl main-detail-_number_of_bedrooms\">\r\n\t\t\t\t\t\t<i class=\"fas fa-check\"><\/i>\r\n\t\t\t\t\t\t\t\t\t\t\t\t\t\t\t\t\t\t\t\t<span>2<\/span>\r\n\t\t\t\t\t\t\t\t\t\t\t\t<div class=\"tooltip-nl\">Bedroom(s)<\/div>\r\n\t\t\t\t\t<\/div>\r\n\t\t\t\t\t\t\t\t\t\t<\/div>\r\n\r\n                    <div class=\"listing-amenities-nl\">\r\n                        \r\n                    <\/div>\r\n                            <\/div>\r\n\r\n            <!-- Sidebar Column (Right) -->\r\n            <div class=\"details-sidebar-col-nl\">\r\n                <div class=\"details-sidebar-upper-nl\">\r\n                                                <div class=\"listing-rating-nl\">\r\n                                <div class=\"rating-text-nl no-rating\">No reviews yet<\/div>\r\n                            <\/div>\r\n                                    <\/div>\r\n                            <\/div>\r\n\r\n        <\/a>\r\n\r\n    <\/div>\r\n<\/div>\n                    <\/div>\n                                      <div class=\"fw-carousel-item\">                    \n                        <div  class=\"listing-card-container-nl listing-geo-data\" \r\n\t\tdata-title=\"Appartement Le Phare, 2 pers\"\r\n\t\tdata-listing-type=\"rental\"\r\n\t\tdata-classifieds-price=\"&euro;\"\r\n\t\tdata-friendly-address=\"Avenue des Sables Blancs\"\r\n\t\tdata-address=\"Avenue des Sables Blancs\"\r\n\t\tdata-image=\"https:\/\/cparici.com\/wp-content\/uploads\/2025\/01\/DSC1538-520x397.jpg\"\r\n\t\tdata-longitude=\"-3.9297422\"\r\n\t\tdata-latitude=\"47.8785418\"\r\n\t\t\t\t\tdata-rating=\"0\"\r\n\t\t\tdata-reviews=\"0\"\r\n\t\t\t\tdata-icon=\"&lt;svg xmlns=&quot;http:\/\/www.w3.org\/2000\/svg&quot; width=&quot;800px&quot; height=&quot;800px&quot; viewBox=&quot;0 0 45 45&quot; fill=&quot;none&quot;&gt;\n&lt;path d=&quot;M24.155 8.78099L24.33 8.94499L37.402 21.787L36 23.213L34.2 21.445L34.201 35C34.201 36.054 33.385 36.918 32.35 36.994L32.201 37H12.201C11.147 37 10.283 36.184 10.206 35.149L10.201 35L10.2 21.446L8.402 23.213L7 21.787L20.058 8.95799C21.171 7.82199 22.966 7.75899 24.155 8.78099ZM21.569 10.285L21.473 10.372L12.2 19.481L12.201 35L17.2 34.999L17.201 25C17.201 23.946 18.017 23.082 19.052 23.005L19.201 23H25.201C26.255 23 27.119 23.816 27.196 24.851L27.201 25L27.2 34.999L32.201 35L32.2 19.48L22.901 10.344C22.537 9.98699 21.969 9.96499 21.569 10.285ZM25.201 25H19.201L19.2 34.999H25.2L25.201 25Z&quot; fill=&quot;#3C3C3C&quot;\/&gt;\n&lt;\/svg&gt;\"\r\n\r\n\t>\r\n    <div class=\"listing-card-nl\">\r\n        <!-- ===== LEFT: IMAGE SLIDER ===== -->\r\n        <div class=\"listing-image-container-nl\">\r\n            <a href=\"https:\/\/cparici.com\/en\/annonce\/appartement-le-phare-2-pers\/\">\r\n                <div class=\"slider-wrapper-nl\">\r\n                    \t\t\t\t<img decoding=\"async\" src=\"https:\/\/cparici.com\/wp-content\/uploads\/2025\/01\/DSC1538-520x397.jpg\" alt=\"Appartement Le Phare, 2 pers\" class=\"slider-image-nl\">\r\n\t\t\t\t\t\t<img decoding=\"async\" src=\"https:\/\/cparici.com\/wp-content\/uploads\/2025\/01\/DSC1541-520x397.jpg\" alt=\"Appartement Le Phare, 2 pers\" class=\"slider-image-nl\">\r\n\t\t\t\t\t\t<img decoding=\"async\" src=\"https:\/\/cparici.com\/wp-content\/uploads\/2025\/01\/DSC1531-520x397.jpg\" alt=\"Appartement Le Phare, 2 pers\" class=\"slider-image-nl\">\r\n\t\t                <\/div>\r\n            <\/a>\r\n            \r\n            <div class=\"slider-arrow-nl left-nl\" id=\"prevBtn\"><i class=\"fa-solid fa-chevron-left\"><\/i><\/div>\r\n            <div class=\"slider-arrow-nl right-nl\" id=\"nextBtn\"><i class=\"fa-solid fa-chevron-right\"><\/i><\/div>\r\n            <div class=\"image-overlay-top-nl\">\r\n                <span class=\"listing-category-tag-nl\">H\u00e9bergements<\/span>                                    <div class=\"favorite-icon-nl\" id=\"favoriteBtn\">\r\n                        \r\n                                <span class=\"save fa-regular fa-heart tooltip left\" title=\"Login To Bookmark Items\"><\/span>\r\n                                                    \r\n                    <\/div>\r\n                            <\/div>\r\n        <\/div>\r\n\r\n        <!-- ===== RIGHT: LISTING DETAILS (NOW 2-COLUMN) ===== -->\r\n        <a href=\"https:\/\/cparici.com\/en\/annonce\/appartement-le-phare-2-pers\/\" class=\"listing-details-nl\">\r\n\r\n            <!-- Main Content Column (Left) -->\r\n            <div class=\"details-main-col-nl\">\r\n                                <h2 class=\"listing-title-nl\">Appartement Le Phare, 2 pers                    <div class=\"listing-title-badges-nl\">\r\n                                                    <div class=\"verified-icon-nl title-badge-nl\">\r\n                                <i class=\"fa fa-check\"><\/i>\r\n                                <span class=\"tooltip-nl\">Verified Listing<\/span>\r\n                            <\/div>\r\n                                                                    <\/div>\r\n                <\/h2>\r\n                <p class=\"listing-location-nl\">Avenue des Sables Blancs<\/p>\t\t\t<div class=\"listing-features-nl\">\r\n\t\t\t\t\t\t\t\t\t\t\t\t<!-- Regular Field Template -->\r\n\t\t\t\t\t<div class=\"feature-tag-nl main-detail-_size\">\r\n\t\t\t\t\t\t<i class=\"fas fa-check\"><\/i>\r\n\t\t\t\t\t\t\t\t\t\t\t\t\t\t\t\t\t\t\t\t<span>50<\/span>\r\n\t\t\t\t\t\t\t\t\t\t\t\t<div class=\"tooltip-nl\">Size<\/div>\r\n\t\t\t\t\t<\/div>\r\n\t\t\t\t\t\t\t\t\t\t\t\t\t\t\t\t<!-- Regular Field Template -->\r\n\t\t\t\t\t<div class=\"feature-tag-nl main-detail-_guests\">\r\n\t\t\t\t\t\t<i class=\"fas fa-check\"><\/i>\r\n\t\t\t\t\t\t\t\t\t\t\t\t\t\t\t\t\t\t\t\t<span>2<\/span>\r\n\t\t\t\t\t\t\t\t\t\t\t\t<div class=\"tooltip-nl\">Guest(s)<\/div>\r\n\t\t\t\t\t<\/div>\r\n\t\t\t\t\t\t\t\t\t\t\t\t\t\t\t\t<!-- Regular Field Template -->\r\n\t\t\t\t\t<div class=\"feature-tag-nl main-detail-_number_of_bedrooms\">\r\n\t\t\t\t\t\t<i class=\"fas fa-check\"><\/i>\r\n\t\t\t\t\t\t\t\t\t\t\t\t\t\t\t\t\t\t\t\t<span>1<\/span>\r\n\t\t\t\t\t\t\t\t\t\t\t\t<div class=\"tooltip-nl\">Bedroom(s)<\/div>\r\n\t\t\t\t\t<\/div>\r\n\t\t\t\t\t\t\t\t\t\t<\/div>\r\n\r\n                    <div class=\"listing-amenities-nl\">\r\n                        \r\n                    <\/div>\r\n                            <\/div>\r\n\r\n            <!-- Sidebar Column (Right) -->\r\n            <div class=\"details-sidebar-col-nl\">\r\n                <div class=\"details-sidebar-upper-nl\">\r\n                                                <div class=\"listing-rating-nl\">\r\n                                <div class=\"rating-text-nl no-rating\">No reviews yet<\/div>\r\n                            <\/div>\r\n                                    <\/div>\r\n                            <\/div>\r\n\r\n        <\/a>\r\n\r\n    <\/div>\r\n<\/div>\n                    <\/div>\n                                      <div class=\"fw-carousel-item\">                    \n                        <div  class=\"listing-card-container-nl listing-geo-data\" \r\n\t\tdata-title=\"Le Belv\u00e9d\u00e8re, Vue mer 6Pers\"\r\n\t\tdata-listing-type=\"rental\"\r\n\t\tdata-classifieds-price=\"&euro;\"\r\n\t\tdata-friendly-address=\"Les Sables Blancs\"\r\n\t\tdata-address=\"Les Sables Blancs\"\r\n\t\tdata-image=\"https:\/\/cparici.com\/wp-content\/uploads\/2025\/01\/le-belvedere-3-520x397.jpg\"\r\n\t\tdata-longitude=\"-3.9304455\"\r\n\t\tdata-latitude=\"47.8818643\"\r\n\t\t\t\t\tdata-rating=\"0\"\r\n\t\t\tdata-reviews=\"0\"\r\n\t\t\t\tdata-icon=\"&lt;svg xmlns=&quot;http:\/\/www.w3.org\/2000\/svg&quot; width=&quot;800px&quot; height=&quot;800px&quot; viewBox=&quot;0 0 45 45&quot; fill=&quot;none&quot;&gt;\n&lt;path d=&quot;M24.155 8.78099L24.33 8.94499L37.402 21.787L36 23.213L34.2 21.445L34.201 35C34.201 36.054 33.385 36.918 32.35 36.994L32.201 37H12.201C11.147 37 10.283 36.184 10.206 35.149L10.201 35L10.2 21.446L8.402 23.213L7 21.787L20.058 8.95799C21.171 7.82199 22.966 7.75899 24.155 8.78099ZM21.569 10.285L21.473 10.372L12.2 19.481L12.201 35L17.2 34.999L17.201 25C17.201 23.946 18.017 23.082 19.052 23.005L19.201 23H25.201C26.255 23 27.119 23.816 27.196 24.851L27.201 25L27.2 34.999L32.201 35L32.2 19.48L22.901 10.344C22.537 9.98699 21.969 9.96499 21.569 10.285ZM25.201 25H19.201L19.2 34.999H25.2L25.201 25Z&quot; fill=&quot;#3C3C3C&quot;\/&gt;\n&lt;\/svg&gt;\"\r\n\r\n\t>\r\n    <div class=\"listing-card-nl\">\r\n        <!-- ===== LEFT: IMAGE SLIDER ===== -->\r\n        <div class=\"listing-image-container-nl\">\r\n            <a href=\"https:\/\/cparici.com\/en\/annonce\/le-belvedere-vue-mer-6pers\/\">\r\n                <div class=\"slider-wrapper-nl\">\r\n                    \t\t\t\t<img decoding=\"async\" src=\"https:\/\/cparici.com\/wp-content\/uploads\/2025\/01\/le-belvedere-3-520x397.jpg\" alt=\"Le Belv\u00e9d\u00e8re, Vue mer 6Pers\" class=\"slider-image-nl\">\r\n\t\t\t\t\t\t<img decoding=\"async\" src=\"https:\/\/cparici.com\/wp-content\/uploads\/2025\/01\/le-belvedere-4-520x397.jpg\" alt=\"Le Belv\u00e9d\u00e8re, Vue mer 6Pers\" class=\"slider-image-nl\">\r\n\t\t\t\t\t\t<img decoding=\"async\" src=\"https:\/\/cparici.com\/wp-content\/uploads\/2025\/01\/le-belvedere-5-520x397.jpg\" alt=\"Le Belv\u00e9d\u00e8re, Vue mer 6Pers\" class=\"slider-image-nl\">\r\n\t\t                <\/div>\r\n            <\/a>\r\n            \r\n            <div class=\"slider-arrow-nl left-nl\" id=\"prevBtn\"><i class=\"fa-solid fa-chevron-left\"><\/i><\/div>\r\n            <div class=\"slider-arrow-nl right-nl\" id=\"nextBtn\"><i class=\"fa-solid fa-chevron-right\"><\/i><\/div>\r\n            <div class=\"image-overlay-top-nl\">\r\n                <span class=\"listing-category-tag-nl\">H\u00e9bergements<\/span>                                    <div class=\"favorite-icon-nl\" id=\"favoriteBtn\">\r\n                        \r\n                                <span class=\"save fa-regular fa-heart tooltip left\" title=\"Login To Bookmark Items\"><\/span>\r\n                                                    \r\n                    <\/div>\r\n                            <\/div>\r\n        <\/div>\r\n\r\n        <!-- ===== RIGHT: LISTING DETAILS (NOW 2-COLUMN) ===== -->\r\n        <a href=\"https:\/\/cparici.com\/en\/annonce\/le-belvedere-vue-mer-6pers\/\" class=\"listing-details-nl\">\r\n\r\n            <!-- Main Content Column (Left) -->\r\n            <div class=\"details-main-col-nl\">\r\n                                <h2 class=\"listing-title-nl\">Le Belv\u00e9d\u00e8re, Vue mer 6Pers                    <div class=\"listing-title-badges-nl\">\r\n                                                                    <\/div>\r\n                <\/h2>\r\n                <p class=\"listing-location-nl\">Les Sables Blancs<\/p>\t\t\t<div class=\"listing-features-nl\">\r\n\t\t\t\t\t\t\t\t\t\t\t\t<!-- Regular Field Template -->\r\n\t\t\t\t\t<div class=\"feature-tag-nl main-detail-_size\">\r\n\t\t\t\t\t\t<i class=\"fas fa-check\"><\/i>\r\n\t\t\t\t\t\t\t\t\t\t\t\t\t\t\t\t\t\t\t\t<span>100<\/span>\r\n\t\t\t\t\t\t\t\t\t\t\t\t<div class=\"tooltip-nl\">Size<\/div>\r\n\t\t\t\t\t<\/div>\r\n\t\t\t\t\t\t\t\t\t\t\t\t\t\t\t\t<!-- Regular Field Template -->\r\n\t\t\t\t\t<div class=\"feature-tag-nl main-detail-_guests\">\r\n\t\t\t\t\t\t<i class=\"fas fa-check\"><\/i>\r\n\t\t\t\t\t\t\t\t\t\t\t\t\t\t\t\t\t\t\t\t<span>6<\/span>\r\n\t\t\t\t\t\t\t\t\t\t\t\t<div class=\"tooltip-nl\">Guest(s)<\/div>\r\n\t\t\t\t\t<\/div>\r\n\t\t\t\t\t\t\t\t\t\t\t\t\t\t\t\t<!-- Regular Field Template -->\r\n\t\t\t\t\t<div class=\"feature-tag-nl main-detail-_number_of_bedrooms\">\r\n\t\t\t\t\t\t<i class=\"fas fa-check\"><\/i>\r\n\t\t\t\t\t\t\t\t\t\t\t\t\t\t\t\t\t\t\t\t<span>3<\/span>\r\n\t\t\t\t\t\t\t\t\t\t\t\t<div class=\"tooltip-nl\">Bedroom(s)<\/div>\r\n\t\t\t\t\t<\/div>\r\n\t\t\t\t\t\t\t\t\t\t<\/div>\r\n\r\n                    <div class=\"listing-amenities-nl\">\r\n                        \r\n                    <\/div>\r\n                            <\/div>\r\n\r\n            <!-- Sidebar Column (Right) -->\r\n            <div class=\"details-sidebar-col-nl\">\r\n                <div class=\"details-sidebar-upper-nl\">\r\n                                                <div class=\"listing-rating-nl\">\r\n                                <div class=\"rating-text-nl no-rating\">No reviews yet<\/div>\r\n                            <\/div>\r\n                                    <\/div>\r\n                            <\/div>\r\n\r\n        <\/a>\r\n\r\n    <\/div>\r\n<\/div>\n                    <\/div>\n                                      <div class=\"fw-carousel-item\">                    \n                        <div  class=\"listing-card-container-nl listing-geo-data\" \r\n\t\tdata-title=\"La Plume \u2013 Appartement vue mer \u00e0 CONCARNEAU\"\r\n\t\tdata-listing-type=\"rental\"\r\n\t\tdata-classifieds-price=\"&euro;\"\r\n\t\tdata-friendly-address=\"Centre ville Concarneau, Plages \u00e0 pied\"\r\n\t\tdata-address=\"Centre ville Concarneau, Plages \u00e0 pied\"\r\n\t\tdata-image=\"https:\/\/cparici.com\/wp-content\/uploads\/2026\/04\/appartement-plume-concarneau-balcon-vue-mer-et-phare-520x397.jpg\"\r\n\t\tdata-longitude=\"-3.9175758\"\r\n\t\tdata-latitude=\"47.8690136\"\r\n\t\t\t\t\tdata-rating=\"0\"\r\n\t\t\tdata-reviews=\"0\"\r\n\t\t\t\tdata-icon=\"&lt;svg xmlns=&quot;http:\/\/www.w3.org\/2000\/svg&quot; width=&quot;800px&quot; height=&quot;800px&quot; viewBox=&quot;0 0 45 45&quot; fill=&quot;none&quot;&gt;\n&lt;path d=&quot;M24.155 8.78099L24.33 8.94499L37.402 21.787L36 23.213L34.2 21.445L34.201 35C34.201 36.054 33.385 36.918 32.35 36.994L32.201 37H12.201C11.147 37 10.283 36.184 10.206 35.149L10.201 35L10.2 21.446L8.402 23.213L7 21.787L20.058 8.95799C21.171 7.82199 22.966 7.75899 24.155 8.78099ZM21.569 10.285L21.473 10.372L12.2 19.481L12.201 35L17.2 34.999L17.201 25C17.201 23.946 18.017 23.082 19.052 23.005L19.201 23H25.201C26.255 23 27.119 23.816 27.196 24.851L27.201 25L27.2 34.999L32.201 35L32.2 19.48L22.901 10.344C22.537 9.98699 21.969 9.96499 21.569 10.285ZM25.201 25H19.201L19.2 34.999H25.2L25.201 25Z&quot; fill=&quot;#3C3C3C&quot;\/&gt;\n&lt;\/svg&gt;\"\r\n\r\n\t>\r\n    <div class=\"listing-card-nl\">\r\n        <!-- ===== LEFT: IMAGE SLIDER ===== -->\r\n        <div class=\"listing-image-container-nl\">\r\n            <a href=\"https:\/\/cparici.com\/en\/annonce\/la-plume-appartement-vue-mer-2-adultes-2-enfants-vue-mer-a-concarneau\/\">\r\n                <div class=\"slider-wrapper-nl\">\r\n                    \t\t\t\t<img decoding=\"async\" src=\"https:\/\/cparici.com\/wp-content\/uploads\/2026\/04\/appartement-plume-concarneau-balcon-vue-mer-et-phare-520x397.jpg\" alt=\"La Plume \u2013 Appartement vue mer \u00e0 CONCARNEAU\" class=\"slider-image-nl\">\r\n\t\t\t\t\t\t<img decoding=\"async\" src=\"https:\/\/cparici.com\/wp-content\/uploads\/2026\/04\/appartement-plume-centre-concarneau-balcon-vue-mer-520x397.jpg\" alt=\"La Plume \u2013 Appartement vue mer \u00e0 CONCARNEAU\" class=\"slider-image-nl\">\r\n\t\t\t\t\t\t<img decoding=\"async\" src=\"https:\/\/cparici.com\/wp-content\/uploads\/2026\/04\/appartement-plume-concarneau-cuisine-520x397.jpg\" alt=\"La Plume \u2013 Appartement vue mer \u00e0 CONCARNEAU\" class=\"slider-image-nl\">\r\n\t\t                <\/div>\r\n            <\/a>\r\n            \r\n            <div class=\"slider-arrow-nl left-nl\" id=\"prevBtn\"><i class=\"fa-solid fa-chevron-left\"><\/i><\/div>\r\n            <div class=\"slider-arrow-nl right-nl\" id=\"nextBtn\"><i class=\"fa-solid fa-chevron-right\"><\/i><\/div>\r\n            <div class=\"image-overlay-top-nl\">\r\n                <span class=\"listing-category-tag-nl\">H\u00e9bergements<\/span>                                    <div class=\"favorite-icon-nl\" id=\"favoriteBtn\">\r\n                        \r\n                                <span class=\"save fa-regular fa-heart tooltip left\" title=\"Login To Bookmark Items\"><\/span>\r\n                                                    \r\n                    <\/div>\r\n                            <\/div>\r\n        <\/div>\r\n\r\n        <!-- ===== RIGHT: LISTING DETAILS (NOW 2-COLUMN) ===== -->\r\n        <a href=\"https:\/\/cparici.com\/en\/annonce\/la-plume-appartement-vue-mer-2-adultes-2-enfants-vue-mer-a-concarneau\/\" class=\"listing-details-nl\">\r\n\r\n            <!-- Main Content Column (Left) -->\r\n            <div class=\"details-main-col-nl\">\r\n                                <h2 class=\"listing-title-nl\">La Plume \u2013 Appartement vue mer \u00e0 CONCARNEAU                    <div class=\"listing-title-badges-nl\">\r\n                                                                    <\/div>\r\n                <\/h2>\r\n                <p class=\"listing-location-nl\">Centre ville Concarneau, Plages \u00e0 pied<\/p>\t\r\n                    <div class=\"listing-amenities-nl\">\r\n                        \r\n                    <\/div>\r\n                            <\/div>\r\n\r\n            <!-- Sidebar Column (Right) -->\r\n            <div class=\"details-sidebar-col-nl\">\r\n                <div class=\"details-sidebar-upper-nl\">\r\n                                                <div class=\"listing-rating-nl\">\r\n                                <div class=\"rating-text-nl no-rating\">No reviews yet<\/div>\r\n                            <\/div>\r\n                                    <\/div>\r\n                            <\/div>\r\n\r\n        <\/a>\r\n\r\n    <\/div>\r\n<\/div>\n                    <\/div>\n                                      <div class=\"fw-carousel-item\">                    \n                        <div  class=\"listing-card-container-nl listing-geo-data\" \r\n\t\tdata-title=\"La Villa du Cabellou\"\r\n\t\tdata-listing-type=\"rental\"\r\n\t\tdata-classifieds-price=\"&euro;\"\r\n\t\tdata-friendly-address=\"Le Cabellou\"\r\n\t\tdata-address=\"Le Cabellou\"\r\n\t\tdata-image=\"https:\/\/cparici.com\/wp-content\/uploads\/2025\/01\/villa-le-cabellou-1-520x397.jpg\"\r\n\t\tdata-longitude=\"-3.90582\"\r\n\t\tdata-latitude=\"47.8544208\"\r\n\t\t\t\t\tdata-rating=\"0\"\r\n\t\t\tdata-reviews=\"0\"\r\n\t\t\t\tdata-icon=\"&lt;svg xmlns=&quot;http:\/\/www.w3.org\/2000\/svg&quot; width=&quot;800px&quot; height=&quot;800px&quot; viewBox=&quot;0 0 45 45&quot; fill=&quot;none&quot;&gt;\n&lt;path d=&quot;M24.155 8.78099L24.33 8.94499L37.402 21.787L36 23.213L34.2 21.445L34.201 35C34.201 36.054 33.385 36.918 32.35 36.994L32.201 37H12.201C11.147 37 10.283 36.184 10.206 35.149L10.201 35L10.2 21.446L8.402 23.213L7 21.787L20.058 8.95799C21.171 7.82199 22.966 7.75899 24.155 8.78099ZM21.569 10.285L21.473 10.372L12.2 19.481L12.201 35L17.2 34.999L17.201 25C17.201 23.946 18.017 23.082 19.052 23.005L19.201 23H25.201C26.255 23 27.119 23.816 27.196 24.851L27.201 25L27.2 34.999L32.201 35L32.2 19.48L22.901 10.344C22.537 9.98699 21.969 9.96499 21.569 10.285ZM25.201 25H19.201L19.2 34.999H25.2L25.201 25Z&quot; fill=&quot;#3C3C3C&quot;\/&gt;\n&lt;\/svg&gt;\"\r\n\r\n\t>\r\n    <div class=\"listing-card-nl\">\r\n        <!-- ===== LEFT: IMAGE SLIDER ===== -->\r\n        <div class=\"listing-image-container-nl\">\r\n            <a href=\"https:\/\/cparici.com\/en\/annonce\/la-villa-du-cabellou\/\">\r\n                <div class=\"slider-wrapper-nl\">\r\n                    \t\t\t\t<img decoding=\"async\" src=\"https:\/\/cparici.com\/wp-content\/uploads\/2025\/01\/villa-le-cabellou-1-520x397.jpg\" alt=\"La Villa du Cabellou\" class=\"slider-image-nl\">\r\n\t\t\t\t\t\t<img decoding=\"async\" src=\"https:\/\/cparici.com\/wp-content\/uploads\/2025\/01\/villa-le-cabellou-2-520x397.jpg\" alt=\"La Villa du Cabellou\" class=\"slider-image-nl\">\r\n\t\t\t\t\t\t<img decoding=\"async\" src=\"https:\/\/cparici.com\/wp-content\/uploads\/2025\/01\/villa-le-cabellou-4-520x397.jpg\" alt=\"La Villa du Cabellou\" class=\"slider-image-nl\">\r\n\t\t                <\/div>\r\n            <\/a>\r\n            \r\n            <div class=\"slider-arrow-nl left-nl\" id=\"prevBtn\"><i class=\"fa-solid fa-chevron-left\"><\/i><\/div>\r\n            <div class=\"slider-arrow-nl right-nl\" id=\"nextBtn\"><i class=\"fa-solid fa-chevron-right\"><\/i><\/div>\r\n            <div class=\"image-overlay-top-nl\">\r\n                <span class=\"listing-category-tag-nl\">H\u00e9bergements<\/span>                                    <div class=\"favorite-icon-nl\" id=\"favoriteBtn\">\r\n                        \r\n                                <span class=\"save fa-regular fa-heart tooltip left\" title=\"Login To Bookmark Items\"><\/span>\r\n                                                    \r\n                    <\/div>\r\n                            <\/div>\r\n        <\/div>\r\n\r\n        <!-- ===== RIGHT: LISTING DETAILS (NOW 2-COLUMN) ===== -->\r\n        <a href=\"https:\/\/cparici.com\/en\/annonce\/la-villa-du-cabellou\/\" class=\"listing-details-nl\">\r\n\r\n            <!-- Main Content Column (Left) -->\r\n            <div class=\"details-main-col-nl\">\r\n                                <h2 class=\"listing-title-nl\">La Villa du Cabellou                    <div class=\"listing-title-badges-nl\">\r\n                                                                    <\/div>\r\n                <\/h2>\r\n                <p class=\"listing-location-nl\">Le Cabellou<\/p>\t\t\t<div class=\"listing-features-nl\">\r\n\t\t\t\t\t\t\t\t\t\t\t\t<!-- Regular Field Template -->\r\n\t\t\t\t\t<div class=\"feature-tag-nl main-detail-_size\">\r\n\t\t\t\t\t\t<i class=\"fas fa-check\"><\/i>\r\n\t\t\t\t\t\t\t\t\t\t\t\t\t\t\t\t\t\t\t\t<span>140<\/span>\r\n\t\t\t\t\t\t\t\t\t\t\t\t<div class=\"tooltip-nl\">Size<\/div>\r\n\t\t\t\t\t<\/div>\r\n\t\t\t\t\t\t\t\t\t\t\t\t\t\t\t\t<!-- Regular Field Template -->\r\n\t\t\t\t\t<div class=\"feature-tag-nl main-detail-_guests\">\r\n\t\t\t\t\t\t<i class=\"fas fa-check\"><\/i>\r\n\t\t\t\t\t\t\t\t\t\t\t\t\t\t\t\t\t\t\t\t<span>8<\/span>\r\n\t\t\t\t\t\t\t\t\t\t\t\t<div class=\"tooltip-nl\">Guest(s)<\/div>\r\n\t\t\t\t\t<\/div>\r\n\t\t\t\t\t\t\t\t\t\t\t\t\t\t\t\t<!-- Regular Field Template -->\r\n\t\t\t\t\t<div class=\"feature-tag-nl main-detail-_number_of_bedrooms\">\r\n\t\t\t\t\t\t<i class=\"fas fa-check\"><\/i>\r\n\t\t\t\t\t\t\t\t\t\t\t\t\t\t\t\t\t\t\t\t<span>4<\/span>\r\n\t\t\t\t\t\t\t\t\t\t\t\t<div class=\"tooltip-nl\">Bedroom(s)<\/div>\r\n\t\t\t\t\t<\/div>\r\n\t\t\t\t\t\t\t\t\t\t<\/div>\r\n\r\n                    <div class=\"listing-amenities-nl\">\r\n                        \r\n                    <\/div>\r\n                            <\/div>\r\n\r\n            <!-- Sidebar Column (Right) -->\r\n            <div class=\"details-sidebar-col-nl\">\r\n                <div class=\"details-sidebar-upper-nl\">\r\n                                                <div class=\"listing-rating-nl\">\r\n                                <div class=\"rating-text-nl no-rating\">No reviews yet<\/div>\r\n                            <\/div>\r\n                                    <\/div>\r\n                            <\/div>\r\n\r\n        <\/a>\r\n\r\n    <\/div>\r\n<\/div>\n                    <\/div>\n                                      <div class=\"fw-carousel-item\">                    \n                        <div  class=\"listing-card-container-nl listing-geo-data\" \r\n\t\tdata-title=\"VIKI-Thalasso, 2-4 Pers\"\r\n\t\tdata-listing-type=\"rental\"\r\n\t\tdata-classifieds-price=\"&euro;\"\r\n\t\tdata-friendly-address=\"Les Sables Blancs\"\r\n\t\tdata-address=\"Les Sables Blancs\"\r\n\t\tdata-image=\"https:\/\/cparici.com\/wp-content\/uploads\/2025\/01\/Viki-1-520x397.jpg\"\r\n\t\tdata-longitude=\"-3.9305571\"\r\n\t\tdata-latitude=\"47.8807434\"\r\n\t\t\t\t\tdata-rating=\"0\"\r\n\t\t\tdata-reviews=\"0\"\r\n\t\t\t\tdata-icon=\"&lt;svg xmlns=&quot;http:\/\/www.w3.org\/2000\/svg&quot; width=&quot;800px&quot; height=&quot;800px&quot; viewBox=&quot;0 0 45 45&quot; fill=&quot;none&quot;&gt;\n&lt;path d=&quot;M24.155 8.78099L24.33 8.94499L37.402 21.787L36 23.213L34.2 21.445L34.201 35C34.201 36.054 33.385 36.918 32.35 36.994L32.201 37H12.201C11.147 37 10.283 36.184 10.206 35.149L10.201 35L10.2 21.446L8.402 23.213L7 21.787L20.058 8.95799C21.171 7.82199 22.966 7.75899 24.155 8.78099ZM21.569 10.285L21.473 10.372L12.2 19.481L12.201 35L17.2 34.999L17.201 25C17.201 23.946 18.017 23.082 19.052 23.005L19.201 23H25.201C26.255 23 27.119 23.816 27.196 24.851L27.201 25L27.2 34.999L32.201 35L32.2 19.48L22.901 10.344C22.537 9.98699 21.969 9.96499 21.569 10.285ZM25.201 25H19.201L19.2 34.999H25.2L25.201 25Z&quot; fill=&quot;#3C3C3C&quot;\/&gt;\n&lt;\/svg&gt;\"\r\n\r\n\t>\r\n    <div class=\"listing-card-nl\">\r\n        <!-- ===== LEFT: IMAGE SLIDER ===== -->\r\n        <div class=\"listing-image-container-nl\">\r\n            <a href=\"https:\/\/cparici.com\/en\/annonce\/viki-thalasso-2-4-pers\/\">\r\n                <div class=\"slider-wrapper-nl\">\r\n                    \t\t\t\t<img decoding=\"async\" src=\"https:\/\/cparici.com\/wp-content\/uploads\/2025\/01\/Viki-1-520x397.jpg\" alt=\"VIKI-Thalasso, 2-4 Pers\" class=\"slider-image-nl\">\r\n\t\t\t\t\t\t<img decoding=\"async\" src=\"https:\/\/cparici.com\/wp-content\/uploads\/2025\/01\/Viki-2-520x397.jpg\" alt=\"VIKI-Thalasso, 2-4 Pers\" class=\"slider-image-nl\">\r\n\t\t\t\t\t\t<img decoding=\"async\" src=\"https:\/\/cparici.com\/wp-content\/uploads\/2025\/01\/Viki-3-520x397.jpg\" alt=\"VIKI-Thalasso, 2-4 Pers\" class=\"slider-image-nl\">\r\n\t\t                <\/div>\r\n            <\/a>\r\n            \r\n            <div class=\"slider-arrow-nl left-nl\" id=\"prevBtn\"><i class=\"fa-solid fa-chevron-left\"><\/i><\/div>\r\n            <div class=\"slider-arrow-nl right-nl\" id=\"nextBtn\"><i class=\"fa-solid fa-chevron-right\"><\/i><\/div>\r\n            <div class=\"image-overlay-top-nl\">\r\n                <span class=\"listing-category-tag-nl\">H\u00e9bergements<\/span>                                    <div class=\"favorite-icon-nl\" id=\"favoriteBtn\">\r\n                        \r\n                                <span class=\"save fa-regular fa-heart tooltip left\" title=\"Login To Bookmark Items\"><\/span>\r\n                                                    \r\n                    <\/div>\r\n                            <\/div>\r\n        <\/div>\r\n\r\n        <!-- ===== RIGHT: LISTING DETAILS (NOW 2-COLUMN) ===== -->\r\n        <a href=\"https:\/\/cparici.com\/en\/annonce\/viki-thalasso-2-4-pers\/\" class=\"listing-details-nl\">\r\n\r\n            <!-- Main Content Column (Left) -->\r\n            <div class=\"details-main-col-nl\">\r\n                                <h2 class=\"listing-title-nl\">VIKI-Thalasso, 2-4 Pers                    <div class=\"listing-title-badges-nl\">\r\n                                                                    <\/div>\r\n                <\/h2>\r\n                <p class=\"listing-location-nl\">Les Sables Blancs<\/p>\t\t\t<div class=\"listing-features-nl\">\r\n\t\t\t\t\t\t\t\t\t\t\t\t<!-- Regular Field Template -->\r\n\t\t\t\t\t<div class=\"feature-tag-nl main-detail-_size\">\r\n\t\t\t\t\t\t<i class=\"fas fa-check\"><\/i>\r\n\t\t\t\t\t\t\t\t\t\t\t\t\t\t\t\t\t\t\t\t<span>45<\/span>\r\n\t\t\t\t\t\t\t\t\t\t\t\t<div class=\"tooltip-nl\">Size<\/div>\r\n\t\t\t\t\t<\/div>\r\n\t\t\t\t\t\t\t\t\t\t\t\t\t\t\t\t<!-- Regular Field Template -->\r\n\t\t\t\t\t<div class=\"feature-tag-nl main-detail-_guests\">\r\n\t\t\t\t\t\t<i class=\"fas fa-check\"><\/i>\r\n\t\t\t\t\t\t\t\t\t\t\t\t\t\t\t\t\t\t\t\t<span>4<\/span>\r\n\t\t\t\t\t\t\t\t\t\t\t\t<div class=\"tooltip-nl\">Guest(s)<\/div>\r\n\t\t\t\t\t<\/div>\r\n\t\t\t\t\t\t\t\t\t\t\t\t\t\t\t\t<!-- Regular Field Template -->\r\n\t\t\t\t\t<div class=\"feature-tag-nl main-detail-_number_of_bedrooms\">\r\n\t\t\t\t\t\t<i class=\"fas fa-check\"><\/i>\r\n\t\t\t\t\t\t\t\t\t\t\t\t\t\t\t\t\t\t\t\t<span>1<\/span>\r\n\t\t\t\t\t\t\t\t\t\t\t\t<div class=\"tooltip-nl\">Bedroom(s)<\/div>\r\n\t\t\t\t\t<\/div>\r\n\t\t\t\t\t\t\t\t\t\t<\/div>\r\n\r\n                    <div class=\"listing-amenities-nl\">\r\n                        \r\n                    <\/div>\r\n                            <\/div>\r\n\r\n            <!-- Sidebar Column (Right) -->\r\n            <div class=\"details-sidebar-col-nl\">\r\n                <div class=\"details-sidebar-upper-nl\">\r\n                                                <div class=\"listing-rating-nl\">\r\n                                <div class=\"rating-text-nl no-rating\">No reviews yet<\/div>\r\n                            <\/div>\r\n                                    <\/div>\r\n                            <\/div>\r\n\r\n        <\/a>\r\n\r\n    <\/div>\r\n<\/div>\n                    <\/div>\n                                      <div class=\"fw-carousel-item\">                    \n                        <div  class=\"listing-card-container-nl listing-geo-data\" \r\n\t\tdata-title=\"La Rose des Vents, 8 Pers\"\r\n\t\tdata-listing-type=\"rental\"\r\n\t\tdata-classifieds-price=\"&euro;\"\r\n\t\tdata-friendly-address=\"Le Rouz\"\r\n\t\tdata-address=\"Le Rouz\"\r\n\t\tdata-image=\"https:\/\/cparici.com\/wp-content\/uploads\/2025\/01\/la-rose-des-vents-2-520x397.jpg\"\r\n\t\tdata-longitude=\"-3.9069835\"\r\n\t\tdata-latitude=\"47.8674861\"\r\n\t\t\t\t\tdata-rating=\"0\"\r\n\t\t\tdata-reviews=\"0\"\r\n\t\t\t\tdata-icon=\"&lt;svg xmlns=&quot;http:\/\/www.w3.org\/2000\/svg&quot; width=&quot;800px&quot; height=&quot;800px&quot; viewBox=&quot;0 0 45 45&quot; fill=&quot;none&quot;&gt;\n&lt;path d=&quot;M24.155 8.78099L24.33 8.94499L37.402 21.787L36 23.213L34.2 21.445L34.201 35C34.201 36.054 33.385 36.918 32.35 36.994L32.201 37H12.201C11.147 37 10.283 36.184 10.206 35.149L10.201 35L10.2 21.446L8.402 23.213L7 21.787L20.058 8.95799C21.171 7.82199 22.966 7.75899 24.155 8.78099ZM21.569 10.285L21.473 10.372L12.2 19.481L12.201 35L17.2 34.999L17.201 25C17.201 23.946 18.017 23.082 19.052 23.005L19.201 23H25.201C26.255 23 27.119 23.816 27.196 24.851L27.201 25L27.2 34.999L32.201 35L32.2 19.48L22.901 10.344C22.537 9.98699 21.969 9.96499 21.569 10.285ZM25.201 25H19.201L19.2 34.999H25.2L25.201 25Z&quot; fill=&quot;#3C3C3C&quot;\/&gt;\n&lt;\/svg&gt;\"\r\n\r\n\t>\r\n    <div class=\"listing-card-nl\">\r\n        <!-- ===== LEFT: IMAGE SLIDER ===== -->\r\n        <div class=\"listing-image-container-nl\">\r\n            <a href=\"https:\/\/cparici.com\/en\/annonce\/la-rose-des-vents-8-pers\/\">\r\n                <div class=\"slider-wrapper-nl\">\r\n                    \t\t\t\t<img decoding=\"async\" src=\"https:\/\/cparici.com\/wp-content\/uploads\/2025\/01\/la-rose-des-vents-2-520x397.jpg\" alt=\"La Rose des Vents, 8 Pers\" class=\"slider-image-nl\">\r\n\t\t\t\t\t\t<img decoding=\"async\" src=\"https:\/\/cparici.com\/wp-content\/uploads\/2025\/01\/la-rose-des-vents-3-520x397.jpg\" alt=\"La Rose des Vents, 8 Pers\" class=\"slider-image-nl\">\r\n\t\t\t\t\t\t<img decoding=\"async\" src=\"https:\/\/cparici.com\/wp-content\/uploads\/2025\/01\/la-rose-des-vents-4-520x397.jpg\" alt=\"La Rose des Vents, 8 Pers\" class=\"slider-image-nl\">\r\n\t\t                <\/div>\r\n            <\/a>\r\n            \r\n            <div class=\"slider-arrow-nl left-nl\" id=\"prevBtn\"><i class=\"fa-solid fa-chevron-left\"><\/i><\/div>\r\n            <div class=\"slider-arrow-nl right-nl\" id=\"nextBtn\"><i class=\"fa-solid fa-chevron-right\"><\/i><\/div>\r\n            <div class=\"image-overlay-top-nl\">\r\n                <span class=\"listing-category-tag-nl\">H\u00e9bergements<\/span>                                    <div class=\"favorite-icon-nl\" id=\"favoriteBtn\">\r\n                        \r\n                                <span class=\"save fa-regular fa-heart tooltip left\" title=\"Login To Bookmark Items\"><\/span>\r\n                                                    \r\n                    <\/div>\r\n                            <\/div>\r\n        <\/div>\r\n\r\n        <!-- ===== RIGHT: LISTING DETAILS (NOW 2-COLUMN) ===== -->\r\n        <a href=\"https:\/\/cparici.com\/en\/annonce\/la-rose-des-vents-8-pers\/\" class=\"listing-details-nl\">\r\n\r\n            <!-- Main Content Column (Left) -->\r\n            <div class=\"details-main-col-nl\">\r\n                                <h2 class=\"listing-title-nl\">La Rose des Vents, 8 Pers                    <div class=\"listing-title-badges-nl\">\r\n                                                                    <\/div>\r\n                <\/h2>\r\n                <p class=\"listing-location-nl\">Le Rouz<\/p>\t\t\t<div class=\"listing-features-nl\">\r\n\t\t\t\t\t\t\t\t\t\t\t\t<!-- Regular Field Template -->\r\n\t\t\t\t\t<div class=\"feature-tag-nl main-detail-_size\">\r\n\t\t\t\t\t\t<i class=\"fas fa-check\"><\/i>\r\n\t\t\t\t\t\t\t\t\t\t\t\t\t\t\t\t\t\t\t\t<span>140<\/span>\r\n\t\t\t\t\t\t\t\t\t\t\t\t<div class=\"tooltip-nl\">Size<\/div>\r\n\t\t\t\t\t<\/div>\r\n\t\t\t\t\t\t\t\t\t\t\t\t\t\t\t\t<!-- Regular Field Template -->\r\n\t\t\t\t\t<div class=\"feature-tag-nl main-detail-_guests\">\r\n\t\t\t\t\t\t<i class=\"fas fa-check\"><\/i>\r\n\t\t\t\t\t\t\t\t\t\t\t\t\t\t\t\t\t\t\t\t<span>8<\/span>\r\n\t\t\t\t\t\t\t\t\t\t\t\t<div class=\"tooltip-nl\">Guest(s)<\/div>\r\n\t\t\t\t\t<\/div>\r\n\t\t\t\t\t\t\t\t\t\t\t\t\t\t\t\t<!-- Regular Field Template -->\r\n\t\t\t\t\t<div class=\"feature-tag-nl main-detail-_number_of_bedrooms\">\r\n\t\t\t\t\t\t<i class=\"fas fa-check\"><\/i>\r\n\t\t\t\t\t\t\t\t\t\t\t\t\t\t\t\t\t\t\t\t<span>4<\/span>\r\n\t\t\t\t\t\t\t\t\t\t\t\t<div class=\"tooltip-nl\">Bedroom(s)<\/div>\r\n\t\t\t\t\t<\/div>\r\n\t\t\t\t\t\t\t\t\t\t<\/div>\r\n\r\n                    <div class=\"listing-amenities-nl\">\r\n                        \r\n                    <\/div>\r\n                            <\/div>\r\n\r\n            <!-- Sidebar Column (Right) -->\r\n            <div class=\"details-sidebar-col-nl\">\r\n                <div class=\"details-sidebar-upper-nl\">\r\n                                                <div class=\"listing-rating-nl\">\r\n                                <div class=\"rating-text-nl no-rating\">No reviews yet<\/div>\r\n                            <\/div>\r\n                                    <\/div>\r\n                            <\/div>\r\n\r\n        <\/a>\r\n\r\n    <\/div>\r\n<\/div>\n                    <\/div>\n                                      <div class=\"fw-carousel-item\">                    \n                        <div  class=\"listing-card-container-nl listing-geo-data\" \r\n\t\tdata-title=\"L&#8217;Ecrin, 2-4 Pers\"\r\n\t\tdata-listing-type=\"rental\"\r\n\t\tdata-classifieds-price=\"&euro;\"\r\n\t\tdata-friendly-address=\"Hyper-centre, Concarneau\"\r\n\t\tdata-address=\"Hyper-centre, Concarneau\"\r\n\t\tdata-image=\"https:\/\/cparici.com\/wp-content\/uploads\/2025\/01\/ecrin-1-520x397.jpg\"\r\n\t\tdata-longitude=\"-3.9195904\"\r\n\t\tdata-latitude=\"47.872971\"\r\n\t\t\t\t\tdata-rating=\"0\"\r\n\t\t\tdata-reviews=\"0\"\r\n\t\t\t\tdata-icon=\"&lt;svg xmlns=&quot;http:\/\/www.w3.org\/2000\/svg&quot; width=&quot;800px&quot; height=&quot;800px&quot; viewBox=&quot;0 0 45 45&quot; fill=&quot;none&quot;&gt;\n&lt;path d=&quot;M24.155 8.78099L24.33 8.94499L37.402 21.787L36 23.213L34.2 21.445L34.201 35C34.201 36.054 33.385 36.918 32.35 36.994L32.201 37H12.201C11.147 37 10.283 36.184 10.206 35.149L10.201 35L10.2 21.446L8.402 23.213L7 21.787L20.058 8.95799C21.171 7.82199 22.966 7.75899 24.155 8.78099ZM21.569 10.285L21.473 10.372L12.2 19.481L12.201 35L17.2 34.999L17.201 25C17.201 23.946 18.017 23.082 19.052 23.005L19.201 23H25.201C26.255 23 27.119 23.816 27.196 24.851L27.201 25L27.2 34.999L32.201 35L32.2 19.48L22.901 10.344C22.537 9.98699 21.969 9.96499 21.569 10.285ZM25.201 25H19.201L19.2 34.999H25.2L25.201 25Z&quot; fill=&quot;#3C3C3C&quot;\/&gt;\n&lt;\/svg&gt;\"\r\n\r\n\t>\r\n    <div class=\"listing-card-nl\">\r\n        <!-- ===== LEFT: IMAGE SLIDER ===== -->\r\n        <div class=\"listing-image-container-nl\">\r\n            <a href=\"https:\/\/cparici.com\/en\/annonce\/lecrin-2-4-pers\/\">\r\n                <div class=\"slider-wrapper-nl\">\r\n                    \t\t\t\t<img decoding=\"async\" src=\"https:\/\/cparici.com\/wp-content\/uploads\/2025\/01\/ecrin-1-520x397.jpg\" alt=\"L&#8217;Ecrin, 2-4 Pers\" class=\"slider-image-nl\">\r\n\t\t\t\t\t\t<img decoding=\"async\" src=\"https:\/\/cparici.com\/wp-content\/uploads\/2025\/01\/ecrin-2-520x397.jpg\" alt=\"L&#8217;Ecrin, 2-4 Pers\" class=\"slider-image-nl\">\r\n\t\t\t\t\t\t<img decoding=\"async\" src=\"https:\/\/cparici.com\/wp-content\/uploads\/2025\/01\/ecrin-3-520x397.jpg\" alt=\"L&#8217;Ecrin, 2-4 Pers\" class=\"slider-image-nl\">\r\n\t\t                <\/div>\r\n            <\/a>\r\n            \r\n            <div class=\"slider-arrow-nl left-nl\" id=\"prevBtn\"><i class=\"fa-solid fa-chevron-left\"><\/i><\/div>\r\n            <div class=\"slider-arrow-nl right-nl\" id=\"nextBtn\"><i class=\"fa-solid fa-chevron-right\"><\/i><\/div>\r\n            <div class=\"image-overlay-top-nl\">\r\n                <span class=\"listing-category-tag-nl\">H\u00e9bergements<\/span>                                    <div class=\"favorite-icon-nl\" id=\"favoriteBtn\">\r\n                        \r\n                                <span class=\"save fa-regular fa-heart tooltip left\" title=\"Login To Bookmark Items\"><\/span>\r\n                                                    \r\n                    <\/div>\r\n                            <\/div>\r\n        <\/div>\r\n\r\n        <!-- ===== RIGHT: LISTING DETAILS (NOW 2-COLUMN) ===== -->\r\n        <a href=\"https:\/\/cparici.com\/en\/annonce\/lecrin-2-4-pers\/\" class=\"listing-details-nl\">\r\n\r\n            <!-- Main Content Column (Left) -->\r\n            <div class=\"details-main-col-nl\">\r\n                                <h2 class=\"listing-title-nl\">L&#8217;Ecrin, 2-4 Pers                    <div class=\"listing-title-badges-nl\">\r\n                                                                    <\/div>\r\n                <\/h2>\r\n                <p class=\"listing-location-nl\">Hyper-centre, Concarneau<\/p>\t\t\t<div class=\"listing-features-nl\">\r\n\t\t\t\t\t\t\t\t\t\t\t\t<!-- Regular Field Template -->\r\n\t\t\t\t\t<div class=\"feature-tag-nl main-detail-_size\">\r\n\t\t\t\t\t\t<i class=\"fas fa-check\"><\/i>\r\n\t\t\t\t\t\t\t\t\t\t\t\t\t\t\t\t\t\t\t\t<span>80<\/span>\r\n\t\t\t\t\t\t\t\t\t\t\t\t<div class=\"tooltip-nl\">Size<\/div>\r\n\t\t\t\t\t<\/div>\r\n\t\t\t\t\t\t\t\t\t\t\t\t\t\t\t\t<!-- Regular Field Template -->\r\n\t\t\t\t\t<div class=\"feature-tag-nl main-detail-_guests\">\r\n\t\t\t\t\t\t<i class=\"fas fa-check\"><\/i>\r\n\t\t\t\t\t\t\t\t\t\t\t\t\t\t\t\t\t\t\t\t<span>4<\/span>\r\n\t\t\t\t\t\t\t\t\t\t\t\t<div class=\"tooltip-nl\">Guest(s)<\/div>\r\n\t\t\t\t\t<\/div>\r\n\t\t\t\t\t\t\t\t\t\t\t\t\t\t\t\t<!-- Regular Field Template -->\r\n\t\t\t\t\t<div class=\"feature-tag-nl main-detail-_number_of_bedrooms\">\r\n\t\t\t\t\t\t<i class=\"fas fa-check\"><\/i>\r\n\t\t\t\t\t\t\t\t\t\t\t\t\t\t\t\t\t\t\t\t<span>2<\/span>\r\n\t\t\t\t\t\t\t\t\t\t\t\t<div class=\"tooltip-nl\">Bedroom(s)<\/div>\r\n\t\t\t\t\t<\/div>\r\n\t\t\t\t\t\t\t\t\t\t<\/div>\r\n\r\n                    <div class=\"listing-amenities-nl\">\r\n                        \r\n                    <\/div>\r\n                            <\/div>\r\n\r\n            <!-- Sidebar Column (Right) -->\r\n            <div class=\"details-sidebar-col-nl\">\r\n                <div class=\"details-sidebar-upper-nl\">\r\n                                                <div class=\"listing-rating-nl\">\r\n                                <div class=\"rating-text-nl no-rating\">No reviews yet<\/div>\r\n                            <\/div>\r\n                                    <\/div>\r\n                            <\/div>\r\n\r\n        <\/a>\r\n\r\n    <\/div>\r\n<\/div>\n                    <\/div>\n                                      <div class=\"fw-carousel-item\">                    \n                        <div  class=\"listing-card-container-nl listing-geo-data\" \r\n\t\tdata-title=\"Le Rospico, Appartement Vue Mer N\u00e9vez\"\r\n\t\tdata-listing-type=\"rental\"\r\n\t\tdata-classifieds-price=\"&euro;\"\r\n\t\tdata-friendly-address=\"Plage de Rospico, N\u00e9vez\"\r\n\t\tdata-address=\"Plage de Rospico, N\u00e9vez\"\r\n\t\tdata-image=\"https:\/\/cparici.com\/wp-content\/uploads\/2026\/03\/anse-de-rospico-520x397.jpg\"\r\n\t\tdata-longitude=\"-3.765314324812224\"\r\n\t\tdata-latitude=\"47.79152794554884\"\r\n\t\t\t\t\tdata-rating=\"0\"\r\n\t\t\tdata-reviews=\"0\"\r\n\t\t\t\tdata-icon=\"&lt;svg xmlns=&quot;http:\/\/www.w3.org\/2000\/svg&quot; width=&quot;800px&quot; height=&quot;800px&quot; viewBox=&quot;0 0 45 45&quot; fill=&quot;none&quot;&gt;\n&lt;path d=&quot;M24.155 8.78099L24.33 8.94499L37.402 21.787L36 23.213L34.2 21.445L34.201 35C34.201 36.054 33.385 36.918 32.35 36.994L32.201 37H12.201C11.147 37 10.283 36.184 10.206 35.149L10.201 35L10.2 21.446L8.402 23.213L7 21.787L20.058 8.95799C21.171 7.82199 22.966 7.75899 24.155 8.78099ZM21.569 10.285L21.473 10.372L12.2 19.481L12.201 35L17.2 34.999L17.201 25C17.201 23.946 18.017 23.082 19.052 23.005L19.201 23H25.201C26.255 23 27.119 23.816 27.196 24.851L27.201 25L27.2 34.999L32.201 35L32.2 19.48L22.901 10.344C22.537 9.98699 21.969 9.96499 21.569 10.285ZM25.201 25H19.201L19.2 34.999H25.2L25.201 25Z&quot; fill=&quot;#3C3C3C&quot;\/&gt;\n&lt;\/svg&gt;\"\r\n\r\n\t>\r\n    <div class=\"listing-card-nl\">\r\n        <!-- ===== LEFT: IMAGE SLIDER ===== -->\r\n        <div class=\"listing-image-container-nl\">\r\n            <a href=\"https:\/\/cparici.com\/en\/annonce\/le-rospico-appartement-vue-mer-nevez\/\">\r\n                <div class=\"slider-wrapper-nl\">\r\n                    \t\t\t\t<img decoding=\"async\" src=\"https:\/\/cparici.com\/wp-content\/uploads\/2026\/03\/anse-de-rospico-520x397.jpg\" alt=\"Le Rospico, Appartement Vue Mer N\u00e9vez\" class=\"slider-image-nl\">\r\n\t\t\t\t\t\t<img decoding=\"async\" src=\"https:\/\/cparici.com\/wp-content\/uploads\/2026\/03\/appartement-rospico-plage-520x397.jpg\" alt=\"Le Rospico, Appartement Vue Mer N\u00e9vez\" class=\"slider-image-nl\">\r\n\t\t\t\t\t\t<img decoding=\"async\" src=\"https:\/\/cparici.com\/wp-content\/uploads\/2026\/03\/appartement-rospico-plage-nevez-520x397.jpg\" alt=\"Le Rospico, Appartement Vue Mer N\u00e9vez\" class=\"slider-image-nl\">\r\n\t\t                <\/div>\r\n            <\/a>\r\n            \r\n            <div class=\"slider-arrow-nl left-nl\" id=\"prevBtn\"><i class=\"fa-solid fa-chevron-left\"><\/i><\/div>\r\n            <div class=\"slider-arrow-nl right-nl\" id=\"nextBtn\"><i class=\"fa-solid fa-chevron-right\"><\/i><\/div>\r\n            <div class=\"image-overlay-top-nl\">\r\n                <span class=\"listing-category-tag-nl\">H\u00e9bergements<\/span>                                    <div class=\"favorite-icon-nl\" id=\"favoriteBtn\">\r\n                        \r\n                                <span class=\"save fa-regular fa-heart tooltip left\" title=\"Login To Bookmark Items\"><\/span>\r\n                                                    \r\n                    <\/div>\r\n                            <\/div>\r\n        <\/div>\r\n\r\n        <!-- ===== RIGHT: LISTING DETAILS (NOW 2-COLUMN) ===== -->\r\n        <a href=\"https:\/\/cparici.com\/en\/annonce\/le-rospico-appartement-vue-mer-nevez\/\" class=\"listing-details-nl\">\r\n\r\n            <!-- Main Content Column (Left) -->\r\n            <div class=\"details-main-col-nl\">\r\n                                <h2 class=\"listing-title-nl\">Le Rospico, Appartement Vue Mer N\u00e9vez                    <div class=\"listing-title-badges-nl\">\r\n                                                                    <\/div>\r\n                <\/h2>\r\n                <p class=\"listing-location-nl\">Plage de Rospico, N\u00e9vez<\/p>\t\r\n                    <div class=\"listing-amenities-nl\">\r\n                        \r\n                    <\/div>\r\n                            <\/div>\r\n\r\n            <!-- Sidebar Column (Right) -->\r\n            <div class=\"details-sidebar-col-nl\">\r\n                <div class=\"details-sidebar-upper-nl\">\r\n                                                <div class=\"listing-rating-nl\">\r\n                                <div class=\"rating-text-nl no-rating\">No reviews yet<\/div>\r\n                            <\/div>\r\n                                    <\/div>\r\n                            <\/div>\r\n\r\n        <\/a>\r\n\r\n    <\/div>\r\n<\/div>\n                    <\/div>\n                                      <div class=\"fw-carousel-item\">                    \n                        <div  class=\"listing-card-container-nl listing-geo-data\" \r\n\t\tdata-title=\"Roby, 6 Pers\"\r\n\t\tdata-listing-type=\"rental\"\r\n\t\tdata-classifieds-price=\"&euro;\"\r\n\t\tdata-friendly-address=\"Tr\u00e9gunc\"\r\n\t\tdata-address=\"Tr\u00e9gunc\"\r\n\t\tdata-image=\"https:\/\/cparici.com\/wp-content\/uploads\/2025\/01\/Roby-1-520x397.jpg\"\r\n\t\tdata-longitude=\"-3.841297699999999\"\r\n\t\tdata-latitude=\"47.8522621\"\r\n\t\t\t\t\tdata-rating=\"0\"\r\n\t\t\tdata-reviews=\"0\"\r\n\t\t\t\tdata-icon=\"&lt;svg xmlns=&quot;http:\/\/www.w3.org\/2000\/svg&quot; width=&quot;800px&quot; height=&quot;800px&quot; viewBox=&quot;0 0 45 45&quot; fill=&quot;none&quot;&gt;\n&lt;path d=&quot;M24.155 8.78099L24.33 8.94499L37.402 21.787L36 23.213L34.2 21.445L34.201 35C34.201 36.054 33.385 36.918 32.35 36.994L32.201 37H12.201C11.147 37 10.283 36.184 10.206 35.149L10.201 35L10.2 21.446L8.402 23.213L7 21.787L20.058 8.95799C21.171 7.82199 22.966 7.75899 24.155 8.78099ZM21.569 10.285L21.473 10.372L12.2 19.481L12.201 35L17.2 34.999L17.201 25C17.201 23.946 18.017 23.082 19.052 23.005L19.201 23H25.201C26.255 23 27.119 23.816 27.196 24.851L27.201 25L27.2 34.999L32.201 35L32.2 19.48L22.901 10.344C22.537 9.98699 21.969 9.96499 21.569 10.285ZM25.201 25H19.201L19.2 34.999H25.2L25.201 25Z&quot; fill=&quot;#3C3C3C&quot;\/&gt;\n&lt;\/svg&gt;\"\r\n\r\n\t>\r\n    <div class=\"listing-card-nl\">\r\n        <!-- ===== LEFT: IMAGE SLIDER ===== -->\r\n        <div class=\"listing-image-container-nl\">\r\n            <a href=\"https:\/\/cparici.com\/en\/annonce\/roby-6-pers-2\/\">\r\n                <div class=\"slider-wrapper-nl\">\r\n                    \t\t\t\t<img decoding=\"async\" src=\"https:\/\/cparici.com\/wp-content\/uploads\/2025\/01\/Roby-1-520x397.jpg\" alt=\"Roby, 6 Pers\" class=\"slider-image-nl\">\r\n\t\t\t\t\t\t<img decoding=\"async\" src=\"https:\/\/cparici.com\/wp-content\/uploads\/2025\/01\/Roby-2-520x397.jpg\" alt=\"Roby, 6 Pers\" class=\"slider-image-nl\">\r\n\t\t\t\t\t\t<img decoding=\"async\" src=\"https:\/\/cparici.com\/wp-content\/uploads\/2025\/01\/Roby-3-520x397.jpg\" alt=\"Roby, 6 Pers\" class=\"slider-image-nl\">\r\n\t\t                <\/div>\r\n            <\/a>\r\n            \r\n            <div class=\"slider-arrow-nl left-nl\" id=\"prevBtn\"><i class=\"fa-solid fa-chevron-left\"><\/i><\/div>\r\n            <div class=\"slider-arrow-nl right-nl\" id=\"nextBtn\"><i class=\"fa-solid fa-chevron-right\"><\/i><\/div>\r\n            <div class=\"image-overlay-top-nl\">\r\n                <span class=\"listing-category-tag-nl\">H\u00e9bergements<\/span>                                    <div class=\"favorite-icon-nl\" id=\"favoriteBtn\">\r\n                        \r\n                                <span class=\"save fa-regular fa-heart tooltip left\" title=\"Login To Bookmark Items\"><\/span>\r\n                                                    \r\n                    <\/div>\r\n                            <\/div>\r\n        <\/div>\r\n\r\n        <!-- ===== RIGHT: LISTING DETAILS (NOW 2-COLUMN) ===== -->\r\n        <a href=\"https:\/\/cparici.com\/en\/annonce\/roby-6-pers-2\/\" class=\"listing-details-nl\">\r\n\r\n            <!-- Main Content Column (Left) -->\r\n            <div class=\"details-main-col-nl\">\r\n                                <h2 class=\"listing-title-nl\">Roby, 6 Pers                    <div class=\"listing-title-badges-nl\">\r\n                                                                    <\/div>\r\n                <\/h2>\r\n                <p class=\"listing-location-nl\">Tr\u00e9gunc<\/p>\t\t\t<div class=\"listing-features-nl\">\r\n\t\t\t\t\t\t\t\t\t\t\t\t<!-- Regular Field Template -->\r\n\t\t\t\t\t<div class=\"feature-tag-nl main-detail-_guests\">\r\n\t\t\t\t\t\t<i class=\"fas fa-check\"><\/i>\r\n\t\t\t\t\t\t\t\t\t\t\t\t\t\t\t\t\t\t\t\t<span>6<\/span>\r\n\t\t\t\t\t\t\t\t\t\t\t\t<div class=\"tooltip-nl\">Guest(s)<\/div>\r\n\t\t\t\t\t<\/div>\r\n\t\t\t\t\t\t\t\t\t\t\t\t\t\t\t\t<!-- Regular Field Template -->\r\n\t\t\t\t\t<div class=\"feature-tag-nl main-detail-_number_of_bedrooms\">\r\n\t\t\t\t\t\t<i class=\"fas fa-check\"><\/i>\r\n\t\t\t\t\t\t\t\t\t\t\t\t\t\t\t\t\t\t\t\t<span>3<\/span>\r\n\t\t\t\t\t\t\t\t\t\t\t\t<div class=\"tooltip-nl\">Bedroom(s)<\/div>\r\n\t\t\t\t\t<\/div>\r\n\t\t\t\t\t\t\t\t\t\t<\/div>\r\n\r\n                    <div class=\"listing-amenities-nl\">\r\n                        \r\n                    <\/div>\r\n                            <\/div>\r\n\r\n            <!-- Sidebar Column (Right) -->\r\n            <div class=\"details-sidebar-col-nl\">\r\n                <div class=\"details-sidebar-upper-nl\">\r\n                                                <div class=\"listing-rating-nl\">\r\n                                <div class=\"rating-text-nl no-rating\">No reviews yet<\/div>\r\n                            <\/div>\r\n                                    <\/div>\r\n                            <\/div>\r\n\r\n        <\/a>\r\n\r\n    <\/div>\r\n<\/div>\n                    <\/div>\n                                      <div class=\"fw-carousel-item\">                    \n                        <div  class=\"listing-card-container-nl listing-geo-data\" \r\n\t\tdata-title=\"Appartement R\u00eaverie 2 pers \u2013 Centre-ville et mer \u00e0 pied Concarneau\"\r\n\t\tdata-listing-type=\"rental\"\r\n\t\tdata-classifieds-price=\"&euro;\"\r\n\t\tdata-friendly-address=\"Concarneau Centre ville Plage \u00e0 pied\"\r\n\t\tdata-address=\"Concarneau Centre ville Plage \u00e0 pied\"\r\n\t\tdata-image=\"https:\/\/cparici.com\/wp-content\/uploads\/2026\/03\/appartement-concarneau-reverie-520x397.jpg\"\r\n\t\tdata-longitude=\"-3.9242893\"\r\n\t\tdata-latitude=\"47.8738589\"\r\n\t\t\t\t\tdata-rating=\"0\"\r\n\t\t\tdata-reviews=\"0\"\r\n\t\t\t\tdata-icon=\"&lt;svg xmlns=&quot;http:\/\/www.w3.org\/2000\/svg&quot; width=&quot;800px&quot; height=&quot;800px&quot; viewBox=&quot;0 0 45 45&quot; fill=&quot;none&quot;&gt;\n&lt;path d=&quot;M24.155 8.78099L24.33 8.94499L37.402 21.787L36 23.213L34.2 21.445L34.201 35C34.201 36.054 33.385 36.918 32.35 36.994L32.201 37H12.201C11.147 37 10.283 36.184 10.206 35.149L10.201 35L10.2 21.446L8.402 23.213L7 21.787L20.058 8.95799C21.171 7.82199 22.966 7.75899 24.155 8.78099ZM21.569 10.285L21.473 10.372L12.2 19.481L12.201 35L17.2 34.999L17.201 25C17.201 23.946 18.017 23.082 19.052 23.005L19.201 23H25.201C26.255 23 27.119 23.816 27.196 24.851L27.201 25L27.2 34.999L32.201 35L32.2 19.48L22.901 10.344C22.537 9.98699 21.969 9.96499 21.569 10.285ZM25.201 25H19.201L19.2 34.999H25.2L25.201 25Z&quot; fill=&quot;#3C3C3C&quot;\/&gt;\n&lt;\/svg&gt;\"\r\n\r\n\t>\r\n    <div class=\"listing-card-nl\">\r\n        <!-- ===== LEFT: IMAGE SLIDER ===== -->\r\n        <div class=\"listing-image-container-nl\">\r\n            <a href=\"https:\/\/cparici.com\/en\/annonce\/appartement-reverie-2-pers-centre-ville-et-mer-a-pied-concarneau\/\">\r\n                <div class=\"slider-wrapper-nl\">\r\n                    \t\t\t\t<img decoding=\"async\" src=\"https:\/\/cparici.com\/wp-content\/uploads\/2026\/03\/appartement-concarneau-reverie-520x397.jpg\" alt=\"Appartement R\u00eaverie 2 pers \u2013 Centre-ville et mer \u00e0 pied Concarneau\" class=\"slider-image-nl\">\r\n\t\t\t\t\t\t<img decoding=\"async\" src=\"https:\/\/cparici.com\/wp-content\/uploads\/2026\/03\/appartement-concarneau-reverie-exterieur-520x397.jpg\" alt=\"Appartement R\u00eaverie 2 pers \u2013 Centre-ville et mer \u00e0 pied Concarneau\" class=\"slider-image-nl\">\r\n\t\t\t\t\t\t<img decoding=\"async\" src=\"https:\/\/cparici.com\/wp-content\/uploads\/2026\/03\/appartement-vacances-cpncarneau-reverie-520x397.jpg\" alt=\"Appartement R\u00eaverie 2 pers \u2013 Centre-ville et mer \u00e0 pied Concarneau\" class=\"slider-image-nl\">\r\n\t\t                <\/div>\r\n            <\/a>\r\n            \r\n            <div class=\"slider-arrow-nl left-nl\" id=\"prevBtn\"><i class=\"fa-solid fa-chevron-left\"><\/i><\/div>\r\n            <div class=\"slider-arrow-nl right-nl\" id=\"nextBtn\"><i class=\"fa-solid fa-chevron-right\"><\/i><\/div>\r\n            <div class=\"image-overlay-top-nl\">\r\n                <span class=\"listing-category-tag-nl\">H\u00e9bergements<\/span>                                    <div class=\"favorite-icon-nl\" id=\"favoriteBtn\">\r\n                        \r\n                                <span class=\"save fa-regular fa-heart tooltip left\" title=\"Login To Bookmark Items\"><\/span>\r\n                                                    \r\n                    <\/div>\r\n                            <\/div>\r\n        <\/div>\r\n\r\n        <!-- ===== RIGHT: LISTING DETAILS (NOW 2-COLUMN) ===== -->\r\n        <a href=\"https:\/\/cparici.com\/en\/annonce\/appartement-reverie-2-pers-centre-ville-et-mer-a-pied-concarneau\/\" class=\"listing-details-nl\">\r\n\r\n            <!-- Main Content Column (Left) -->\r\n            <div class=\"details-main-col-nl\">\r\n                                <h2 class=\"listing-title-nl\">Appartement R\u00eaverie 2 pers \u2013 Centre-ville et mer \u00e0 pied Concarneau                    <div class=\"listing-title-badges-nl\">\r\n                                                                    <\/div>\r\n                <\/h2>\r\n                <p class=\"listing-location-nl\">Concarneau Centre ville Plage \u00e0 pied<\/p>\t\r\n                    <div class=\"listing-amenities-nl\">\r\n                        \r\n                    <\/div>\r\n                            <\/div>\r\n\r\n            <!-- Sidebar Column (Right) -->\r\n            <div class=\"details-sidebar-col-nl\">\r\n                <div class=\"details-sidebar-upper-nl\">\r\n                                                <div class=\"listing-rating-nl\">\r\n                                <div class=\"rating-text-nl no-rating\">No reviews yet<\/div>\r\n                            <\/div>\r\n                                    <\/div>\r\n                            <\/div>\r\n\r\n        <\/a>\r\n\r\n    <\/div>\r\n<\/div>\n                    <\/div>\n                                      <div class=\"fw-carousel-item\">                    \n                        <div  class=\"listing-card-container-nl listing-geo-data\" \r\n\t\tdata-title=\"Brise Marine, 4 Pers\"\r\n\t\tdata-listing-type=\"rental\"\r\n\t\tdata-classifieds-price=\"&euro;\"\r\n\t\tdata-friendly-address=\"La Corniche\"\r\n\t\tdata-address=\"La Corniche\"\r\n\t\tdata-image=\"https:\/\/cparici.com\/wp-content\/uploads\/2025\/01\/brise-marine-1-520x397.jpg\"\r\n\t\tdata-longitude=\"-3.9236476\"\r\n\t\tdata-latitude=\"47.8707177\"\r\n\t\t\t\t\tdata-rating=\"0\"\r\n\t\t\tdata-reviews=\"0\"\r\n\t\t\t\tdata-icon=\"&lt;svg xmlns=&quot;http:\/\/www.w3.org\/2000\/svg&quot; width=&quot;800px&quot; height=&quot;800px&quot; viewBox=&quot;0 0 45 45&quot; fill=&quot;none&quot;&gt;\n&lt;path d=&quot;M24.155 8.78099L24.33 8.94499L37.402 21.787L36 23.213L34.2 21.445L34.201 35C34.201 36.054 33.385 36.918 32.35 36.994L32.201 37H12.201C11.147 37 10.283 36.184 10.206 35.149L10.201 35L10.2 21.446L8.402 23.213L7 21.787L20.058 8.95799C21.171 7.82199 22.966 7.75899 24.155 8.78099ZM21.569 10.285L21.473 10.372L12.2 19.481L12.201 35L17.2 34.999L17.201 25C17.201 23.946 18.017 23.082 19.052 23.005L19.201 23H25.201C26.255 23 27.119 23.816 27.196 24.851L27.201 25L27.2 34.999L32.201 35L32.2 19.48L22.901 10.344C22.537 9.98699 21.969 9.96499 21.569 10.285ZM25.201 25H19.201L19.2 34.999H25.2L25.201 25Z&quot; fill=&quot;#3C3C3C&quot;\/&gt;\n&lt;\/svg&gt;\"\r\n\r\n\t>\r\n    <div class=\"listing-card-nl\">\r\n        <!-- ===== LEFT: IMAGE SLIDER ===== -->\r\n        <div class=\"listing-image-container-nl\">\r\n            <a href=\"https:\/\/cparici.com\/en\/annonce\/brise-marine-4-pers-2\/\">\r\n                <div class=\"slider-wrapper-nl\">\r\n                    \t\t\t\t<img decoding=\"async\" src=\"https:\/\/cparici.com\/wp-content\/uploads\/2025\/01\/brise-marine-1-520x397.jpg\" alt=\"Brise Marine, 4 Pers\" class=\"slider-image-nl\">\r\n\t\t\t\t\t\t<img decoding=\"async\" src=\"https:\/\/cparici.com\/wp-content\/uploads\/2025\/01\/brise-marine-2-520x397.jpg\" alt=\"Brise Marine, 4 Pers\" class=\"slider-image-nl\">\r\n\t\t\t\t\t\t<img decoding=\"async\" src=\"https:\/\/cparici.com\/wp-content\/uploads\/2025\/01\/brise-marine-3-520x397.jpg\" alt=\"Brise Marine, 4 Pers\" class=\"slider-image-nl\">\r\n\t\t                <\/div>\r\n            <\/a>\r\n            \r\n            <div class=\"slider-arrow-nl left-nl\" id=\"prevBtn\"><i class=\"fa-solid fa-chevron-left\"><\/i><\/div>\r\n            <div class=\"slider-arrow-nl right-nl\" id=\"nextBtn\"><i class=\"fa-solid fa-chevron-right\"><\/i><\/div>\r\n            <div class=\"image-overlay-top-nl\">\r\n                <span class=\"listing-category-tag-nl\">H\u00e9bergements<\/span>                                    <div class=\"favorite-icon-nl\" id=\"favoriteBtn\">\r\n                        \r\n                                <span class=\"save fa-regular fa-heart tooltip left\" title=\"Login To Bookmark Items\"><\/span>\r\n                                                    \r\n                    <\/div>\r\n                            <\/div>\r\n        <\/div>\r\n\r\n        <!-- ===== RIGHT: LISTING DETAILS (NOW 2-COLUMN) ===== -->\r\n        <a href=\"https:\/\/cparici.com\/en\/annonce\/brise-marine-4-pers-2\/\" class=\"listing-details-nl\">\r\n\r\n            <!-- Main Content Column (Left) -->\r\n            <div class=\"details-main-col-nl\">\r\n                                <h2 class=\"listing-title-nl\">Brise Marine, 4 Pers                    <div class=\"listing-title-badges-nl\">\r\n                                                                    <\/div>\r\n                <\/h2>\r\n                <p class=\"listing-location-nl\">La Corniche<\/p>\t\t\t<div class=\"listing-features-nl\">\r\n\t\t\t\t\t\t\t\t\t\t\t\t<!-- Regular Field Template -->\r\n\t\t\t\t\t<div class=\"feature-tag-nl main-detail-_size\">\r\n\t\t\t\t\t\t<i class=\"fas fa-check\"><\/i>\r\n\t\t\t\t\t\t\t\t\t\t\t\t\t\t\t\t\t\t\t\t<span>66<\/span>\r\n\t\t\t\t\t\t\t\t\t\t\t\t<div class=\"tooltip-nl\">Size<\/div>\r\n\t\t\t\t\t<\/div>\r\n\t\t\t\t\t\t\t\t\t\t\t\t\t\t\t\t<!-- Regular Field Template -->\r\n\t\t\t\t\t<div class=\"feature-tag-nl main-detail-_guests\">\r\n\t\t\t\t\t\t<i class=\"fas fa-check\"><\/i>\r\n\t\t\t\t\t\t\t\t\t\t\t\t\t\t\t\t\t\t\t\t<span>4<\/span>\r\n\t\t\t\t\t\t\t\t\t\t\t\t<div class=\"tooltip-nl\">Guest(s)<\/div>\r\n\t\t\t\t\t<\/div>\r\n\t\t\t\t\t\t\t\t\t\t\t\t\t\t\t\t<!-- Regular Field Template -->\r\n\t\t\t\t\t<div class=\"feature-tag-nl main-detail-_number_of_bedrooms\">\r\n\t\t\t\t\t\t<i class=\"fas fa-check\"><\/i>\r\n\t\t\t\t\t\t\t\t\t\t\t\t\t\t\t\t\t\t\t\t<span>2<\/span>\r\n\t\t\t\t\t\t\t\t\t\t\t\t<div class=\"tooltip-nl\">Bedroom(s)<\/div>\r\n\t\t\t\t\t<\/div>\r\n\t\t\t\t\t\t\t\t\t\t<\/div>\r\n\r\n                    <div class=\"listing-amenities-nl\">\r\n                        \r\n                    <\/div>\r\n                            <\/div>\r\n\r\n            <!-- Sidebar Column (Right) -->\r\n            <div class=\"details-sidebar-col-nl\">\r\n                <div class=\"details-sidebar-upper-nl\">\r\n                                                <div class=\"listing-rating-nl\">\r\n                                <div class=\"rating-text-nl no-rating\">No reviews yet<\/div>\r\n                            <\/div>\r\n                                    <\/div>\r\n                            <\/div>\r\n\r\n        <\/a>\r\n\r\n    <\/div>\r\n<\/div>\n                    <\/div>\n                                      <div class=\"fw-carousel-item\">                    \n                        <div  class=\"listing-card-container-nl listing-geo-data\" \r\n\t\tdata-title=\"Appartement Le Hublot 4 Pers &#8211; Concarneau\"\r\n\t\tdata-listing-type=\"rental\"\r\n\t\tdata-classifieds-price=\"&euro;\"\r\n\t\tdata-friendly-address=\"Thalasso Concarneau\"\r\n\t\tdata-address=\"Thalasso Concarneau\"\r\n\t\tdata-image=\"https:\/\/cparici.com\/wp-content\/uploads\/2026\/04\/appartement-le-hublot-concarneau-cuisine-520x397.jpg\"\r\n\t\tdata-longitude=\"-3.9297274\"\r\n\t\tdata-latitude=\"47.8804838\"\r\n\t\t\t\t\tdata-rating=\"0\"\r\n\t\t\tdata-reviews=\"0\"\r\n\t\t\t\tdata-icon=\"&lt;svg xmlns=&quot;http:\/\/www.w3.org\/2000\/svg&quot; width=&quot;800px&quot; height=&quot;800px&quot; viewBox=&quot;0 0 45 45&quot; fill=&quot;none&quot;&gt;\n&lt;path d=&quot;M24.155 8.78099L24.33 8.94499L37.402 21.787L36 23.213L34.2 21.445L34.201 35C34.201 36.054 33.385 36.918 32.35 36.994L32.201 37H12.201C11.147 37 10.283 36.184 10.206 35.149L10.201 35L10.2 21.446L8.402 23.213L7 21.787L20.058 8.95799C21.171 7.82199 22.966 7.75899 24.155 8.78099ZM21.569 10.285L21.473 10.372L12.2 19.481L12.201 35L17.2 34.999L17.201 25C17.201 23.946 18.017 23.082 19.052 23.005L19.201 23H25.201C26.255 23 27.119 23.816 27.196 24.851L27.201 25L27.2 34.999L32.201 35L32.2 19.48L22.901 10.344C22.537 9.98699 21.969 9.96499 21.569 10.285ZM25.201 25H19.201L19.2 34.999H25.2L25.201 25Z&quot; fill=&quot;#3C3C3C&quot;\/&gt;\n&lt;\/svg&gt;\"\r\n\r\n\t>\r\n    <div class=\"listing-card-nl\">\r\n        <!-- ===== LEFT: IMAGE SLIDER ===== -->\r\n        <div class=\"listing-image-container-nl\">\r\n            <a href=\"https:\/\/cparici.com\/en\/annonce\/appartement-le-hublot-4-pers-concarneau\/\">\r\n                <div class=\"slider-wrapper-nl\">\r\n                    \t\t\t\t<img decoding=\"async\" src=\"https:\/\/cparici.com\/wp-content\/uploads\/2026\/04\/appartement-le-hublot-concarneau-cuisine-520x397.jpg\" alt=\"Appartement Le Hublot 4 Pers &#8211; Concarneau\" class=\"slider-image-nl\">\r\n\t\t\t\t\t\t<img decoding=\"async\" src=\"https:\/\/cparici.com\/wp-content\/uploads\/2026\/04\/appartement-le-hublot-concarneau-thalasso-520x397.jpg\" alt=\"Appartement Le Hublot 4 Pers &#8211; Concarneau\" class=\"slider-image-nl\">\r\n\t\t\t\t\t\t<img decoding=\"async\" src=\"https:\/\/cparici.com\/wp-content\/uploads\/2026\/04\/appartement-le-hublot-concarneau-520x397.jpg\" alt=\"Appartement Le Hublot 4 Pers &#8211; Concarneau\" class=\"slider-image-nl\">\r\n\t\t                <\/div>\r\n            <\/a>\r\n            \r\n            <div class=\"slider-arrow-nl left-nl\" id=\"prevBtn\"><i class=\"fa-solid fa-chevron-left\"><\/i><\/div>\r\n            <div class=\"slider-arrow-nl right-nl\" id=\"nextBtn\"><i class=\"fa-solid fa-chevron-right\"><\/i><\/div>\r\n            <div class=\"image-overlay-top-nl\">\r\n                <span class=\"listing-category-tag-nl\">H\u00e9bergements<\/span>                                    <div class=\"favorite-icon-nl\" id=\"favoriteBtn\">\r\n                        \r\n                                <span class=\"save fa-regular fa-heart tooltip left\" title=\"Login To Bookmark Items\"><\/span>\r\n                                                    \r\n                    <\/div>\r\n                            <\/div>\r\n        <\/div>\r\n\r\n        <!-- ===== RIGHT: LISTING DETAILS (NOW 2-COLUMN) ===== -->\r\n        <a href=\"https:\/\/cparici.com\/en\/annonce\/appartement-le-hublot-4-pers-concarneau\/\" class=\"listing-details-nl\">\r\n\r\n            <!-- Main Content Column (Left) -->\r\n            <div class=\"details-main-col-nl\">\r\n                                <h2 class=\"listing-title-nl\">Appartement Le Hublot 4 Pers &#8211; Concarneau                    <div class=\"listing-title-badges-nl\">\r\n                                                                    <\/div>\r\n                <\/h2>\r\n                <p class=\"listing-location-nl\">Thalasso Concarneau<\/p>\t\r\n                    <div class=\"listing-amenities-nl\">\r\n                        \r\n                    <\/div>\r\n                            <\/div>\r\n\r\n            <!-- Sidebar Column (Right) -->\r\n            <div class=\"details-sidebar-col-nl\">\r\n                <div class=\"details-sidebar-upper-nl\">\r\n                                                <div class=\"listing-rating-nl\">\r\n                                <div class=\"rating-text-nl no-rating\">No reviews yet<\/div>\r\n                            <\/div>\r\n                                    <\/div>\r\n                            <\/div>\r\n\r\n        <\/a>\r\n\r\n    <\/div>\r\n<\/div>\n                    <\/div>\n                                      <div class=\"fw-carousel-item\">                    \n                        <div  class=\"listing-card-container-nl listing-geo-data\" \r\n\t\tdata-title=\"Appartement Le Nassau &#8211; vue mer 2 personnes Concarneau\"\r\n\t\tdata-listing-type=\"rental\"\r\n\t\tdata-classifieds-price=\"&euro;\"\r\n\t\tdata-friendly-address=\"Bd Bougainville, Concarneau\"\r\n\t\tdata-address=\"Bd Bougainville, Concarneau\"\r\n\t\tdata-image=\"https:\/\/cparici.com\/wp-content\/uploads\/2026\/04\/appartement-nassau-concarneau-520x397.jpg\"\r\n\t\tdata-longitude=\"-3.921428087197639\"\r\n\t\tdata-latitude=\"47.86981360330804\"\r\n\t\t\t\t\tdata-rating=\"0\"\r\n\t\t\tdata-reviews=\"0\"\r\n\t\t\t\tdata-icon=\"&lt;svg xmlns=&quot;http:\/\/www.w3.org\/2000\/svg&quot; width=&quot;800px&quot; height=&quot;800px&quot; viewBox=&quot;0 0 45 45&quot; fill=&quot;none&quot;&gt;\n&lt;path d=&quot;M24.155 8.78099L24.33 8.94499L37.402 21.787L36 23.213L34.2 21.445L34.201 35C34.201 36.054 33.385 36.918 32.35 36.994L32.201 37H12.201C11.147 37 10.283 36.184 10.206 35.149L10.201 35L10.2 21.446L8.402 23.213L7 21.787L20.058 8.95799C21.171 7.82199 22.966 7.75899 24.155 8.78099ZM21.569 10.285L21.473 10.372L12.2 19.481L12.201 35L17.2 34.999L17.201 25C17.201 23.946 18.017 23.082 19.052 23.005L19.201 23H25.201C26.255 23 27.119 23.816 27.196 24.851L27.201 25L27.2 34.999L32.201 35L32.2 19.48L22.901 10.344C22.537 9.98699 21.969 9.96499 21.569 10.285ZM25.201 25H19.201L19.2 34.999H25.2L25.201 25Z&quot; fill=&quot;#3C3C3C&quot;\/&gt;\n&lt;\/svg&gt;\"\r\n\r\n\t>\r\n    <div class=\"listing-card-nl\">\r\n        <!-- ===== LEFT: IMAGE SLIDER ===== -->\r\n        <div class=\"listing-image-container-nl\">\r\n            <a href=\"https:\/\/cparici.com\/en\/annonce\/appartement-le-nassau-vue-mer-2-personnes-concarneau\/\">\r\n                <div class=\"slider-wrapper-nl\">\r\n                    \t\t\t\t<img decoding=\"async\" src=\"https:\/\/cparici.com\/wp-content\/uploads\/2026\/04\/appartement-nassau-concarneau-520x397.jpg\" alt=\"Appartement Le Nassau &#8211; vue mer 2 personnes Concarneau\" class=\"slider-image-nl\">\r\n\t\t\t\t\t\t<img decoding=\"async\" src=\"https:\/\/cparici.com\/wp-content\/uploads\/2026\/04\/appartement-nassau-concarneau-balcon-vue-mer-520x397.jpg\" alt=\"Appartement Le Nassau &#8211; vue mer 2 personnes Concarneau\" class=\"slider-image-nl\">\r\n\t\t\t\t\t\t<img decoding=\"async\" src=\"https:\/\/cparici.com\/wp-content\/uploads\/2026\/04\/appartement-nassau-concarneau-chambre-2-520x397.jpg\" alt=\"Appartement Le Nassau &#8211; vue mer 2 personnes Concarneau\" class=\"slider-image-nl\">\r\n\t\t                <\/div>\r\n            <\/a>\r\n            \r\n            <div class=\"slider-arrow-nl left-nl\" id=\"prevBtn\"><i class=\"fa-solid fa-chevron-left\"><\/i><\/div>\r\n            <div class=\"slider-arrow-nl right-nl\" id=\"nextBtn\"><i class=\"fa-solid fa-chevron-right\"><\/i><\/div>\r\n            <div class=\"image-overlay-top-nl\">\r\n                <span class=\"listing-category-tag-nl\">H\u00e9bergements<\/span>                                    <div class=\"favorite-icon-nl\" id=\"favoriteBtn\">\r\n                        \r\n                                <span class=\"save fa-regular fa-heart tooltip left\" title=\"Login To Bookmark Items\"><\/span>\r\n                                                    \r\n                    <\/div>\r\n                            <\/div>\r\n        <\/div>\r\n\r\n        <!-- ===== RIGHT: LISTING DETAILS (NOW 2-COLUMN) ===== -->\r\n        <a href=\"https:\/\/cparici.com\/en\/annonce\/appartement-le-nassau-vue-mer-2-personnes-concarneau\/\" class=\"listing-details-nl\">\r\n\r\n            <!-- Main Content Column (Left) -->\r\n            <div class=\"details-main-col-nl\">\r\n                                <h2 class=\"listing-title-nl\">Appartement Le Nassau &#8211; vue mer 2 personnes Concarneau                    <div class=\"listing-title-badges-nl\">\r\n                                                                    <\/div>\r\n                <\/h2>\r\n                <p class=\"listing-location-nl\">Bd Bougainville, Concarneau<\/p>\t\r\n                    <div class=\"listing-amenities-nl\">\r\n                        \r\n                    <\/div>\r\n                            <\/div>\r\n\r\n            <!-- Sidebar Column (Right) -->\r\n            <div class=\"details-sidebar-col-nl\">\r\n                <div class=\"details-sidebar-upper-nl\">\r\n                                                <div class=\"listing-rating-nl\">\r\n                                <div class=\"rating-text-nl no-rating\">No reviews yet<\/div>\r\n                            <\/div>\r\n                                    <\/div>\r\n                            <\/div>\r\n\r\n        <\/a>\r\n\r\n    <\/div>\r\n<\/div>\n                    <\/div>\n                                      <div class=\"fw-carousel-item\">                    \n                        <div  class=\"listing-card-container-nl listing-geo-data\" \r\n\t\tdata-title=\"Rosemarine, 2-4 Pers\"\r\n\t\tdata-listing-type=\"rental\"\r\n\t\tdata-classifieds-price=\"&euro;\"\r\n\t\tdata-friendly-address=\"La Corniche\"\r\n\t\tdata-address=\"La Corniche\"\r\n\t\tdata-image=\"https:\/\/cparici.com\/wp-content\/uploads\/2025\/01\/Rosemarine-1-520x397.jpg\"\r\n\t\tdata-longitude=\"-3.917989999999999\"\r\n\t\tdata-latitude=\"47.86985079999999\"\r\n\t\t\t\t\tdata-rating=\"0\"\r\n\t\t\tdata-reviews=\"0\"\r\n\t\t\t\tdata-icon=\"&lt;svg xmlns=&quot;http:\/\/www.w3.org\/2000\/svg&quot; width=&quot;800px&quot; height=&quot;800px&quot; viewBox=&quot;0 0 45 45&quot; fill=&quot;none&quot;&gt;\n&lt;path d=&quot;M24.155 8.78099L24.33 8.94499L37.402 21.787L36 23.213L34.2 21.445L34.201 35C34.201 36.054 33.385 36.918 32.35 36.994L32.201 37H12.201C11.147 37 10.283 36.184 10.206 35.149L10.201 35L10.2 21.446L8.402 23.213L7 21.787L20.058 8.95799C21.171 7.82199 22.966 7.75899 24.155 8.78099ZM21.569 10.285L21.473 10.372L12.2 19.481L12.201 35L17.2 34.999L17.201 25C17.201 23.946 18.017 23.082 19.052 23.005L19.201 23H25.201C26.255 23 27.119 23.816 27.196 24.851L27.201 25L27.2 34.999L32.201 35L32.2 19.48L22.901 10.344C22.537 9.98699 21.969 9.96499 21.569 10.285ZM25.201 25H19.201L19.2 34.999H25.2L25.201 25Z&quot; fill=&quot;#3C3C3C&quot;\/&gt;\n&lt;\/svg&gt;\"\r\n\r\n\t>\r\n    <div class=\"listing-card-nl\">\r\n        <!-- ===== LEFT: IMAGE SLIDER ===== -->\r\n        <div class=\"listing-image-container-nl\">\r\n            <a href=\"https:\/\/cparici.com\/en\/annonce\/rosemarine-2-4-pers-3\/\">\r\n                <div class=\"slider-wrapper-nl\">\r\n                    \t\t\t\t<img decoding=\"async\" src=\"https:\/\/cparici.com\/wp-content\/uploads\/2025\/01\/Rosemarine-1-520x397.jpg\" alt=\"Rosemarine, 2-4 Pers\" class=\"slider-image-nl\">\r\n\t\t\t\t\t\t<img decoding=\"async\" src=\"https:\/\/cparici.com\/wp-content\/uploads\/2025\/01\/Rosemarine-2-520x397.jpg\" alt=\"Rosemarine, 2-4 Pers\" class=\"slider-image-nl\">\r\n\t\t\t\t\t\t<img decoding=\"async\" src=\"https:\/\/cparici.com\/wp-content\/uploads\/2025\/01\/Rosemarine-3-520x397.jpg\" alt=\"Rosemarine, 2-4 Pers\" class=\"slider-image-nl\">\r\n\t\t                <\/div>\r\n            <\/a>\r\n            \r\n            <div class=\"slider-arrow-nl left-nl\" id=\"prevBtn\"><i class=\"fa-solid fa-chevron-left\"><\/i><\/div>\r\n            <div class=\"slider-arrow-nl right-nl\" id=\"nextBtn\"><i class=\"fa-solid fa-chevron-right\"><\/i><\/div>\r\n            <div class=\"image-overlay-top-nl\">\r\n                <span class=\"listing-category-tag-nl\">H\u00e9bergements<\/span>                                    <div class=\"favorite-icon-nl\" id=\"favoriteBtn\">\r\n                        \r\n                                <span class=\"save fa-regular fa-heart tooltip left\" title=\"Login To Bookmark Items\"><\/span>\r\n                                                    \r\n                    <\/div>\r\n                            <\/div>\r\n        <\/div>\r\n\r\n        <!-- ===== RIGHT: LISTING DETAILS (NOW 2-COLUMN) ===== -->\r\n        <a href=\"https:\/\/cparici.com\/en\/annonce\/rosemarine-2-4-pers-3\/\" class=\"listing-details-nl\">\r\n\r\n            <!-- Main Content Column (Left) -->\r\n            <div class=\"details-main-col-nl\">\r\n                                <h2 class=\"listing-title-nl\">Rosemarine, 2-4 Pers                    <div class=\"listing-title-badges-nl\">\r\n                                                                    <\/div>\r\n                <\/h2>\r\n                <p class=\"listing-location-nl\">La Corniche<\/p>\t\t\t<div class=\"listing-features-nl\">\r\n\t\t\t\t\t\t\t\t\t\t\t\t<!-- Regular Field Template -->\r\n\t\t\t\t\t<div class=\"feature-tag-nl main-detail-_guests\">\r\n\t\t\t\t\t\t<i class=\"fas fa-check\"><\/i>\r\n\t\t\t\t\t\t\t\t\t\t\t\t\t\t\t\t\t\t\t\t<span>4<\/span>\r\n\t\t\t\t\t\t\t\t\t\t\t\t<div class=\"tooltip-nl\">Guest(s)<\/div>\r\n\t\t\t\t\t<\/div>\r\n\t\t\t\t\t\t\t\t\t\t\t\t\t\t\t\t<!-- Regular Field Template -->\r\n\t\t\t\t\t<div class=\"feature-tag-nl main-detail-_number_of_bedrooms\">\r\n\t\t\t\t\t\t<i class=\"fas fa-check\"><\/i>\r\n\t\t\t\t\t\t\t\t\t\t\t\t\t\t\t\t\t\t\t\t<span>1<\/span>\r\n\t\t\t\t\t\t\t\t\t\t\t\t<div class=\"tooltip-nl\">Bedroom(s)<\/div>\r\n\t\t\t\t\t<\/div>\r\n\t\t\t\t\t\t\t\t\t\t<\/div>\r\n\r\n                    <div class=\"listing-amenities-nl\">\r\n                        <div class=\"amenity-icon-nl\"><i class=\"empty\"><\/i> <span class=\"tooltip-nl\">acc\u00e8s handicap\u00e9<\/span><\/div>\r\n                    <\/div>\r\n                            <\/div>\r\n\r\n            <!-- Sidebar Column (Right) -->\r\n            <div class=\"details-sidebar-col-nl\">\r\n                <div class=\"details-sidebar-upper-nl\">\r\n                                                <div class=\"listing-rating-nl\">\r\n                                <div class=\"rating-text-nl no-rating\">No reviews yet<\/div>\r\n                            <\/div>\r\n                                    <\/div>\r\n                            <\/div>\r\n\r\n        <\/a>\r\n\r\n    <\/div>\r\n<\/div>\n                    <\/div>\n                                      <div class=\"fw-carousel-item\">                    \n                        <div  class=\"listing-card-container-nl listing-geo-data\" \r\n\t\tdata-title=\"L\u2019 Appart Quimp\u00e9rois\"\r\n\t\tdata-listing-type=\"rental\"\r\n\t\tdata-classifieds-price=\"&euro;\"\r\n\t\tdata-friendly-address=\"Quimper, France\"\r\n\t\tdata-address=\"Quimper, France\"\r\n\t\tdata-image=\"https:\/\/cparici.com\/wp-content\/uploads\/2025\/10\/IMG_2378-520x397.jpeg\"\r\n\t\tdata-longitude=\"-4.0996181\"\r\n\t\tdata-latitude=\"48.0000428\"\r\n\t\t\t\t\tdata-rating=\"0\"\r\n\t\t\tdata-reviews=\"0\"\r\n\t\t\t\tdata-icon=\"&lt;svg xmlns=&quot;http:\/\/www.w3.org\/2000\/svg&quot; width=&quot;800px&quot; height=&quot;800px&quot; viewBox=&quot;0 0 45 45&quot; fill=&quot;none&quot;&gt;\n&lt;path d=&quot;M24.155 8.78099L24.33 8.94499L37.402 21.787L36 23.213L34.2 21.445L34.201 35C34.201 36.054 33.385 36.918 32.35 36.994L32.201 37H12.201C11.147 37 10.283 36.184 10.206 35.149L10.201 35L10.2 21.446L8.402 23.213L7 21.787L20.058 8.95799C21.171 7.82199 22.966 7.75899 24.155 8.78099ZM21.569 10.285L21.473 10.372L12.2 19.481L12.201 35L17.2 34.999L17.201 25C17.201 23.946 18.017 23.082 19.052 23.005L19.201 23H25.201C26.255 23 27.119 23.816 27.196 24.851L27.201 25L27.2 34.999L32.201 35L32.2 19.48L22.901 10.344C22.537 9.98699 21.969 9.96499 21.569 10.285ZM25.201 25H19.201L19.2 34.999H25.2L25.201 25Z&quot; fill=&quot;#3C3C3C&quot;\/&gt;\n&lt;\/svg&gt;\"\r\n\r\n\t>\r\n    <div class=\"listing-card-nl\">\r\n        <!-- ===== LEFT: IMAGE SLIDER ===== -->\r\n        <div class=\"listing-image-container-nl\">\r\n            <a href=\"https:\/\/cparici.com\/en\/annonce\/l-appart-quimperois\/\">\r\n                <div class=\"slider-wrapper-nl\">\r\n                    \t\t\t\t<img decoding=\"async\" src=\"https:\/\/cparici.com\/wp-content\/uploads\/2025\/10\/IMG_2378-520x397.jpeg\" alt=\"appart quimperois\" class=\"slider-image-nl\">\r\n\t\t\t\t\t\t<img decoding=\"async\" src=\"https:\/\/cparici.com\/wp-content\/uploads\/2025\/10\/IMG_2380-520x397.jpeg\" alt=\"location appartement quimper\" class=\"slider-image-nl\">\r\n\t\t\t\t\t\t<img decoding=\"async\" src=\"https:\/\/cparici.com\/wp-content\/uploads\/2025\/10\/IMG_2353-520x397.jpeg\" alt=\"air bnb appartement quimper\" class=\"slider-image-nl\">\r\n\t\t                <\/div>\r\n            <\/a>\r\n            \r\n            <div class=\"slider-arrow-nl left-nl\" id=\"prevBtn\"><i class=\"fa-solid fa-chevron-left\"><\/i><\/div>\r\n            <div class=\"slider-arrow-nl right-nl\" id=\"nextBtn\"><i class=\"fa-solid fa-chevron-right\"><\/i><\/div>\r\n            <div class=\"image-overlay-top-nl\">\r\n                <span class=\"listing-category-tag-nl\">H\u00e9bergements<\/span>                                    <div class=\"favorite-icon-nl\" id=\"favoriteBtn\">\r\n                        \r\n                                <span class=\"save fa-regular fa-heart tooltip left\" title=\"Login To Bookmark Items\"><\/span>\r\n                                                    \r\n                    <\/div>\r\n                            <\/div>\r\n        <\/div>\r\n\r\n        <!-- ===== RIGHT: LISTING DETAILS (NOW 2-COLUMN) ===== -->\r\n        <a href=\"https:\/\/cparici.com\/en\/annonce\/l-appart-quimperois\/\" class=\"listing-details-nl\">\r\n\r\n            <!-- Main Content Column (Left) -->\r\n            <div class=\"details-main-col-nl\">\r\n                                    <div class=\"listing-badges-nl\">\r\n                                                <span class=\"badge-nl featured-nl\"><i class=\"fa-solid fa-star\"><\/i> Featured<\/span>                        \r\n                                            <\/div>\r\n                                <h2 class=\"listing-title-nl\">L\u2019 Appart Quimp\u00e9rois                    <div class=\"listing-title-badges-nl\">\r\n                                                                    <\/div>\r\n                <\/h2>\r\n                <p class=\"listing-location-nl\">Quimper, France<\/p>\t\r\n                    <div class=\"listing-amenities-nl\">\r\n                        \r\n                    <\/div>\r\n                            <\/div>\r\n\r\n            <!-- Sidebar Column (Right) -->\r\n            <div class=\"details-sidebar-col-nl\">\r\n                <div class=\"details-sidebar-upper-nl\">\r\n                                                <div class=\"listing-rating-nl\">\r\n                                <div class=\"rating-text-nl no-rating\">No reviews yet<\/div>\r\n                            <\/div>\r\n                                    <\/div>\r\n                            <\/div>\r\n\r\n        <\/a>\r\n\r\n    <\/div>\r\n<\/div>\n                    <\/div>\n                          <\/div>\n        \t\t\t\t<\/div>\n\t\t\t\t<\/div>\n\t\t\t\t\t<\/div>\n\t\t\t\t<\/div>\n\t\t<div class=\"elementor-element elementor-element-4909170 e-flex e-con-boxed e-con e-parent\" data-id=\"4909170\" data-element_type=\"container\" data-e-type=\"container\">\n\t\t\t\t\t<div class=\"e-con-inner\">\n\t\t\t\t<div class=\"elementor-element elementor-element-f6e6dfb elementor-widget elementor-widget-text-editor\" data-id=\"f6e6dfb\" data-element_type=\"widget\" data-e-type=\"widget\" data-widget_type=\"text-editor.default\">\n\t\t\t\t\t\t\t\t\t<p><span style=\"color: #ffffff;\">___<\/span><\/p><h2>Pr\u00e9parer votre visite au Ch\u00e2teau de Keriolet<\/h2><p>D\u00e9couvrez le Ch\u00e2teau de Keriolet et son histoire fascinante en suivant ces informations pratiques pour une visite m\u00e9morable.<\/p><h3>Horaires des visites guid\u00e9es<\/h3><p>Le Ch\u00e2teau de Keriolet propose des visites guid\u00e9es individuelles de juin \u00e0 septembre, chaque jour sauf le samedi, de 10h \u00e0 13h et de 14h \u00e0 18h. La derni\u00e8re visite d\u00e9bute \u00e0 12h20 et 17h20, respectivement. Chaque visite, d&#8217;environ une heure, vous permet de d\u00e9couvrir les espaces principaux du ch\u00e2teau et son parc, sous la conduite de guides experts et enthousiastes. Accessibles aux personnes \u00e0 mobilit\u00e9 r\u00e9duite, ces visites offrent une immersion dans l&#8217;histoire et les d\u00e9tails architecturaux et d\u00e9coratifs du lieu.<\/p><h3>Informations sur les droits d&#8217;entr\u00e9e<\/h3><p>Les adultes sont accueillis au Ch\u00e2teau de Keriolet pour 8\u20ac, les enfants de 7 \u00e0 15 ans pour 4\u20ac, et les offres familiales (2 adultes et enfants) sont \u00e0 19\u20ac. L&#8217;entr\u00e9e est offerte pour les moins de 7 ans. Pour les groupes de plus de 15 personnes, un tarif pr\u00e9f\u00e9rentiel de 6,50\u20ac est appliqu\u00e9. Les paiements peuvent s&#8217;effectuer par ch\u00e8que ou esp\u00e8ces sur place, ou en r\u00e9servant en ligne via Patrivia. Les visites ap\u00e9ritives enrichissent l&#8217;exp\u00e9rience avec un ap\u00e9ritif de produits locaux apr\u00e8s la visite guid\u00e9e, pour 15\u20ac par personne, disponibles les mardis, mercredis et jeudis \u00e0 18h30, entre juin et septembre.<\/p><h3>Conseils pour une visite optimale<\/h3><p>Maximisez votre exp\u00e9rience au Ch\u00e2teau de Keriolet gr\u00e2ce \u00e0 ces suggestions :<\/p><ul><li>Arrivez t\u00f4t pour minimiser les files d&#8217;attente et trouver une place dans le parking gratuit du ch\u00e2teau, qui accueille environ 80 v\u00e9hicules.<\/li><li>Suivez les r\u00e8gles de s\u00e9curit\u00e9 et de pr\u00e9servation : \u00e9vitez de toucher aux pi\u00e8ces expos\u00e9es, de fumer, manger, boire, ou utiliser le flash et filmer dans le ch\u00e2teau.<\/li><li>Enrichissez votre visite en apprenant avant votre arriv\u00e9e sur l&#8217;histoire et l&#8217;architecture du ch\u00e2teau via son site web ou en achetant le guide disponible \u00e0 l&#8217;accueil ou sur Patrivia.<\/li><\/ul><h3>Acc\u00e8s au ch\u00e2teau<\/h3><p>Situ\u00e9 \u00e0 Concarneau, dans le Finist\u00e8re, le Ch\u00e2teau de Keriolet est accessible de diverses mani\u00e8res :<\/p><ul><li>En voiture : Suivez la RN 165 (voie express Lorient\/Quimper), sortie &#8220;Coat Conq&#8221;, puis le fl\u00e9chage vers le ch\u00e2teau d\u00e8s l&#8217;entr\u00e9e de Concarneau.<\/li><li>En train : Depuis la gare de Rosporden, \u00e0 10 km, prenez un taxi ou un bus vers Concarneau, puis au ch\u00e2teau.<\/li><li>En avion : L&#8217;a\u00e9roport Quimper-Cornouaille est le plus proche \u00e0 25 km. Une fois sur place, louez une voiture, ou prenez un taxi ou un bus vers le ch\u00e2teau.<\/li><li>En bateau : Le port de plaisance de Concarneau, \u00e0 5 km, vous permet de rejoindre facilement le ch\u00e2teau par taxi ou bus.<\/li><\/ul><h2>Les incontournables du Ch\u00e2teau de Keriolet<\/h2><p>Le Ch\u00e2teau de Keriolet, chef-d&#8217;\u0153uvre de l&#8217;architecture n\u00e9o-gothique, se dresse fi\u00e8rement \u00e0 Concarneau, dans le Finist\u00e8re. \u00c9rig\u00e9 au XIXe si\u00e8cle par la princesse russe Z\u00e9na\u00efde Narischkine-Ioussoupov pour son \u00e9poux, le comte Charles de Chauveau, ce lieu est impr\u00e9gn\u00e9 d&#8217;histoire et de romantisme. Il promet aux visiteurs une exp\u00e9rience riche en d\u00e9couvertes.<\/p><h3>La fa\u00e7ade sud et ses secrets<\/h3><p>La magnifique fa\u00e7ade sud du ch\u00e2teau offre un panorama spectaculaire sur la mer et les \u00eeles Gl\u00e9nan. Elle est le reflet de l&#8217;admiration de la princesse pour la Bretagne et ses embl\u00e8mes. Vous serez charm\u00e9 par les figures d&#8217;un couple en habits bretons, les pattes d&#8217;hermine, les fleurs de lys, et les statues repr\u00e9sentant la duchesse Anne de Bretagne ainsi que des rois de France. Au-dessus de l&#8217;entr\u00e9e de la salle des Gardes tr\u00f4ne une statue \u00e9questre du roi Louis XII, symbolisant le d\u00e9vouement du comte \u00e0 la monarchie.<\/p><h3>Explorer l&#8217;int\u00e9rieur : la salle des Gardes, la salle d\u2019armes, et le salon<\/h3><p>\u00c0 l&#8217;int\u00e9rieur du ch\u00e2teau, d\u00e9couvrez les merveilles et les collections personnelles de la princesse. La salle des Gardes, ancienne salle de bal, accueillait d&#8217;opulentes r\u00e9ceptions. Son foyer, en pierre de Kersanton et class\u00e9 \u0153uvre d&#8217;art, est orn\u00e9 d&#8217;une repr\u00e9sentation du comte et de son histoire familiale. Les murs sont habill\u00e9s de quatre vitraux d\u00e9peignant des \u00e9pisodes de la vie du comte.<\/p><p>La salle d&#8217;armes, remise au go\u00fbt du jour dans le plus pur style m\u00e9di\u00e9val, contient un banc d&#8217;\u00e9glise du XVIe si\u00e8cle. Quant au salon, favori de la princesse pour son orientation plein sud, il abritait ses pr\u00e9cieuses collections de porcelaines de Chine, de tapisseries et de fa\u00efences.<\/p><h3>La salle \u00e0 manger, la cuisine et la cour int\u00e9rieure<\/h3><p>La salle \u00e0 manger, restaur\u00e9e avec soin, arbore fi\u00e8rement une d\u00e9coration inspir\u00e9e des motifs bretons, avec notamment un plafond par\u00e9 de fleurs de lys et de pattes d&#8217;hermine. Elle est meubl\u00e9e dans un style chinois, preuve de l&#8217;\u00e9clectisme de la princesse.<\/p><p>La cuisine, conserv\u00e9e intacte contre les assauts du temps, est rev\u00eatue de fa\u00efence de Desvres peinte \u00e0 la main et comprend un grand potager, une chemin\u00e9e, ainsi qu&#8217;un petit four \u00e0 pain.<\/p><p>La cour int\u00e9rieure, avec sa vari\u00e9t\u00e9 de styles architecturaux, illustre parfaitement l&#8217;esprit excentrique de la princesse. L&#8217;aile ouest \u00e9voque le Moyen \u00c2ge, l&#8217;aile nord la Renaissance, et pr\u00e8s de la salle des Gardes, le style n\u00e9o-gothique \u00e9clectique est \u00e0 l&#8217;honneur.<\/p><h3>Les surprises cach\u00e9es : la crypte<\/h3><p>Sous le sol du ch\u00e2teau de Keriolet se cachent des merveilles insoup\u00e7onn\u00e9es. La crypte, jadis chaufferie novatrice, permettait de r\u00e9partir la chaleur dans les \u00e9tages par un syst\u00e8me de conduits. Aujourd&#8217;hui salle d&#8217;exposition, elle pr\u00e9sente des \u0153uvres d&#8217;art, et vous y d\u00e9couvrirez le premier microscope offert au jeune Louis Pasteur.<\/p><h2>Conclusion<\/h2><p>Le Ch\u00e2teau de Keriolet, un tr\u00e9sor d&#8217;architecture et d&#8217;histoire, vous ouvre ses portes pour une immersion fascinante. D\u00e9couvrez la romantique histoire de la princesse Z\u00e9na\u00efde et du comte Charles, un r\u00e9cit qui anime les murs de ce ch\u00e2teau. Avec sa combinaison de styles m\u00e9di\u00e9val, Renaissance et n\u00e9o-gothique, il vous promet un voyage captivant \u00e0 travers le temps et l&#8217;art.<\/p><p>Admirez sa somptueuse fa\u00e7ade sud, explorez ses salles somptueusement d\u00e9cor\u00e9es, sa cuisine rest\u00e9e authentique et plongez dans le myst\u00e8re de sa crypte. Lors de votre visite, ne manquez pas de fl\u00e2ner dans son parc luxuriant et de vous laisser charmer par la magnifique vue sur la mer.<\/p><p>Ne tardez pas, planifiez d\u00e8s \u00e0 pr\u00e9sent votre visite guid\u00e9e ou optez pour une visite ap\u00e9ritive au Ch\u00e2teau de Keriolet. Laissez-vous envo\u00fbter par ce joyau du patrimoine breton et vivez une exp\u00e9rience inoubliable.<\/p><h2>FAQ<\/h2><h3>Quelle est l&#8217;histoire du Ch\u00e2teau de Keriolet ?<\/h3><p>Le Ch\u00e2teau de Keriolet, un v\u00e9ritable conte de f\u00e9es moderne, raconte l&#8217;histoire d&#8217;amour entre la princesse russe Z\u00e9na\u00efde Youssoupoff et le comte fran\u00e7ais Charles de Chauveau. Ces derniers ont m\u00e9tamorphos\u00e9, au XIXe si\u00e8cle, un manoir du XIIIe si\u00e8cle en un somptueux ch\u00e2teau n\u00e9o-gothique. Apr\u00e8s leur d\u00e9c\u00e8s, le ch\u00e2teau a travers\u00e9 plusieurs p\u00e9riodes difficiles avant d&#8217;\u00eatre magnifiquement restaur\u00e9 par Christophe L\u00e9v\u00e8que.<\/p><h3>Comment se rendre au Ch\u00e2teau de Keriolet depuis Paris ?<\/h3><p>Depuis Paris, acc\u00e9der au Ch\u00e2teau de Keriolet est un voyage facile et pittoresque. Prenez l&#8217;autoroute A10 en direction de Nantes\/Bordeaux, puis empruntez la sortie 16 en direction de Mer\/Chambord. Suivez ensuite la N24 jusqu&#8217;\u00e0 Concarneau et prenez la sortie Coat Conq. Des indications pour le Ch\u00e2teau de Keriolet seront visibles d\u00e8s l&#8217;entr\u00e9e de Concarneau. Le trajet prend environ 4 heures et demi sur une distance de 550 kilom\u00e8tres.<\/p><h3>Quels sont les horaires et les tarifs de la visite du Ch\u00e2teau de Keriolet ?<\/h3><p>Les visites du Ch\u00e2teau de Keriolet sont possibles du lundi 3 juin 2024 au dimanche 22 septembre 2024, tous les jours sauf le samedi, de 10h \u00e0 13h et de 14h \u00e0 18h. Le d\u00e9part de la derni\u00e8re visite est pr\u00e9vu \u00e0 12h20 et \u00e0 17h20. Pour les tarifs, comptez 8\u20ac pour les adultes, 4\u20ac pour les enfants de 7 \u00e0 15 ans, 19\u20ac pour un billet famille (2 adultes et leurs enfants) et 6,50\u20ac par personne pour un groupe de plus de 15 visiteurs. L&#8217;entr\u00e9e est offerte aux enfants de moins de 7 ans. Les paiements peuvent \u00eatre effectu\u00e9s en ch\u00e8que ou en esp\u00e8ces sur place.<\/p><h3>Quelles sont les activit\u00e9s et les animations propos\u00e9es au Ch\u00e2teau de Keriolet ?<\/h3><p>Le Ch\u00e2teau de Keriolet, datant du XIXe si\u00e8cle et situ\u00e9 \u00e0 Concarneau en Bretagne, offre une immersion dans le pass\u00e9 avec ses visites guid\u00e9es. Explorez les int\u00e9rieurs meubl\u00e9s et le parc ext\u00e9rieur, participez \u00e0 des \u00e9v\u00e9nements culturels comme des festivals, des spectacles, des soir\u00e9es enqu\u00eates ou des visites ap\u00e9ritif. Le ch\u00e2teau est \u00e9galement un lieu id\u00e9al pour c\u00e9l\u00e9brer des \u00e9v\u00e9nements sp\u00e9ciaux tels que des r\u00e9ceptions, des mariages ou des s\u00e9minaires, dans le cadre majestueux de sa salle des gardes.<\/p><p>Site web du chateau de Keriolet: <a href=\"https:\/\/chateaudekeriolet.com\/\" target=\"_blank\" rel=\"noopener\">chateaudekeriolet.com<\/a><\/p>\t\t\t\t\t\t\t\t<\/div>\n\t\t\t\t\t<\/div>\n\t\t\t\t<\/div>\n\t\t<div class=\"elementor-element elementor-element-e95ff08 e-flex e-con-boxed e-con e-parent\" data-id=\"e95ff08\" data-element_type=\"container\" data-e-type=\"container\">\n\t\t\t\t\t<div class=\"e-con-inner\">\n\t\t\t\t\t<\/div>\n\t\t\t\t<\/div>\n\t\t<div class=\"elementor-element elementor-element-f825ca8 e-flex e-con-boxed e-con e-parent\" data-id=\"f825ca8\" data-element_type=\"container\" data-e-type=\"container\">\n\t\t\t\t\t<div class=\"e-con-inner\">\n\t\t\t\t<div class=\"elementor-element elementor-element-82ffbdf elementor-widget elementor-widget-listeo-posts-grid\" data-id=\"82ffbdf\" data-element_type=\"widget\" data-e-type=\"widget\" data-widget_type=\"listeo-posts-grid.default\">\n\t\t\t\t<div class=\"elementor-widget-container\">\n\t\t\t\t\t\t\t\n\t\t<div class=\"listeo-post-grid-wrapper\">\n\t\t\t<div class=\"row\">\n\n\t\t\t\n\n\t\t\t\t\t\t\t<div class=\"col-md-4\">\n                <a href=\"https:\/\/cparici.com\/en\/les-glenans-navette-prix-tarifs-et-horaires-pour-larchipel\/\" class=\"blog-compact-item-container\">\n                    <div class=\"blog-compact-item\">\n                        <img decoding=\"async\" width=\"577\" height=\"217\" src=\"https:\/\/cparici.com\/wp-content\/uploads\/2024\/06\/les-glenans-navette-prix.jpg\" class=\"attachment-listeo-blog-related-post size-listeo-blog-related-post wp-post-image\" alt=\"les gl\u00e9nans navette prix\" srcset=\"https:\/\/cparici.com\/wp-content\/uploads\/2024\/06\/les-glenans-navette-prix.jpg 1500w, https:\/\/cparici.com\/wp-content\/uploads\/2024\/06\/les-glenans-navette-prix-600x225.jpg 600w, https:\/\/cparici.com\/wp-content\/uploads\/2024\/06\/les-glenans-navette-prix-300x113.jpg 300w, https:\/\/cparici.com\/wp-content\/uploads\/2024\/06\/les-glenans-navette-prix-1024x384.jpg 1024w, https:\/\/cparici.com\/wp-content\/uploads\/2024\/06\/les-glenans-navette-prix-768x288.jpg 768w\" sizes=\"(max-width: 577px) 100vw, 577px\" \/><span class=\"blog-item-tag\">Archipel Les Gl\u00e9nans<\/span>                        \n                        <div class=\"blog-compact-item-content\">\n                                                        <h3>Les Gl\u00e9nans navette prix &#8211; tarifs et horaires pour l&#8217;archipel<\/h3>\n                                                        <p>Comment acc\u00e9der aux gl\u00e9nans, le joyau de la Bretagne ? Comparez les prix des navettes...                            <\/p>\n                                                    <\/div>\n                    <\/div>\n                <\/a>\n            <\/div>\n\t\t\t<div class=\"col-md-4\">\n                <a href=\"https:\/\/cparici.com\/en\/plage-du-cabellou-guide-et-informations-pratiques\/\" class=\"blog-compact-item-container\">\n                    <div class=\"blog-compact-item\">\n                        <img decoding=\"async\" width=\"577\" height=\"222\" src=\"https:\/\/cparici.com\/wp-content\/uploads\/2024\/04\/Plage-du-Cabellou.jpg\" class=\"attachment-listeo-blog-related-post size-listeo-blog-related-post wp-post-image\" alt=\"Plage du Cabellou Concarneau\" srcset=\"https:\/\/cparici.com\/wp-content\/uploads\/2024\/04\/Plage-du-Cabellou.jpg 1500w, https:\/\/cparici.com\/wp-content\/uploads\/2024\/04\/Plage-du-Cabellou-600x231.jpg 600w, https:\/\/cparici.com\/wp-content\/uploads\/2024\/04\/Plage-du-Cabellou-300x116.jpg 300w, https:\/\/cparici.com\/wp-content\/uploads\/2024\/04\/Plage-du-Cabellou-1024x395.jpg 1024w, https:\/\/cparici.com\/wp-content\/uploads\/2024\/04\/Plage-du-Cabellou-768x296.jpg 768w\" sizes=\"(max-width: 577px) 100vw, 577px\" \/><span class=\"blog-item-tag\">Bretagne<\/span>                        \n                        <div class=\"blog-compact-item-content\">\n                                                        <h3>Plage du Cabellou &#8211; guide et informations pratiques<\/h3>\n                                                        <p>Plage du Cabellou : tout ce qu'il faut savoir. Suivez nos conseils et informations pour...                            <\/p>\n                                                    <\/div>\n                    <\/div>\n                <\/a>\n            <\/div>\n\t\t\t<div class=\"col-md-4\">\n                <a href=\"https:\/\/cparici.com\/en\/plage-des-sables-blancs-de-concarneau\/\" class=\"blog-compact-item-container\">\n                    <div class=\"blog-compact-item\">\n                        <img decoding=\"async\" width=\"577\" height=\"265\" src=\"https:\/\/cparici.com\/wp-content\/uploads\/2024\/04\/plage-des-sables-blancs-concarneau.jpg\" class=\"attachment-listeo-blog-related-post size-listeo-blog-related-post wp-post-image\" alt=\"plage des sables blancs concarneau\" srcset=\"https:\/\/cparici.com\/wp-content\/uploads\/2024\/04\/plage-des-sables-blancs-concarneau.jpg 1500w, https:\/\/cparici.com\/wp-content\/uploads\/2024\/04\/plage-des-sables-blancs-concarneau-600x276.jpg 600w, https:\/\/cparici.com\/wp-content\/uploads\/2024\/04\/plage-des-sables-blancs-concarneau-300x138.jpg 300w, https:\/\/cparici.com\/wp-content\/uploads\/2024\/04\/plage-des-sables-blancs-concarneau-1024x470.jpg 1024w, https:\/\/cparici.com\/wp-content\/uploads\/2024\/04\/plage-des-sables-blancs-concarneau-768x353.jpg 768w\" sizes=\"(max-width: 577px) 100vw, 577px\" \/><span class=\"blog-item-tag\">Bretagne<\/span>                        \n                        <div class=\"blog-compact-item-content\">\n                                                        <h3>Plage des sables blancs de concarneau &#8211; guide et informations pratiques<\/h3>\n                                                        <p>D\u00e9couvrez la plage des sables blancs concarneau, un lieu id\u00e9al pour se d\u00e9tendre et profiter...                            <\/p>\n                                                    <\/div>\n                    <\/div>\n                <\/a>\n            <\/div>\n  <\/div>\n        <\/div>\n        \t\t\t\t<\/div>\n\t\t\t\t<\/div>\n\t\t\t\t\t<\/div>\n\t\t\t\t<\/div>\n\t\t\t\t<\/div>\n\t\t","protected":false},"excerpt":{"rendered":"<p>Discover the Ch\u00e2teau de Keriolet, a jewel of Breton heritage. Visit its rooms, its park and its fascinating history. Read our full guide!<\/p>","protected":false},"author":1,"featured_media":16999,"comment_status":"closed","ping_status":"open","sticky":false,"template":"elementor_header_footer","format":"standard","meta":{"ngg_post_thumbnail":0,"footnotes":""},"categories":[481,478,479,477],"tags":[2417,199],"class_list":["post-16994","post","type-post","status-publish","format-standard","has-post-thumbnail","hentry","category-concarneau","category-bretagne","category-finistere","category-france","tag-chateau","tag-patrimoine"],"_links":{"self":[{"href":"https:\/\/cparici.com\/en\/wp-json\/wp\/v2\/posts\/16994","targetHints":{"allow":["GET"]}}],"collection":[{"href":"https:\/\/cparici.com\/en\/wp-json\/wp\/v2\/posts"}],"about":[{"href":"https:\/\/cparici.com\/en\/wp-json\/wp\/v2\/types\/post"}],"author":[{"embeddable":true,"href":"https:\/\/cparici.com\/en\/wp-json\/wp\/v2\/users\/1"}],"replies":[{"embeddable":true,"href":"https:\/\/cparici.com\/en\/wp-json\/wp\/v2\/comments?post=16994"}],"version-history":[{"count":0,"href":"https:\/\/cparici.com\/en\/wp-json\/wp\/v2\/posts\/16994\/revisions"}],"wp:featuredmedia":[{"embeddable":true,"href":"https:\/\/cparici.com\/en\/wp-json\/wp\/v2\/media\/16999"}],"wp:attachment":[{"href":"https:\/\/cparici.com\/en\/wp-json\/wp\/v2\/media?parent=16994"}],"wp:term":[{"taxonomy":"category","embeddable":true,"href":"https:\/\/cparici.com\/en\/wp-json\/wp\/v2\/categories?post=16994"},{"taxonomy":"post_tag","embeddable":true,"href":"https:\/\/cparici.com\/en\/wp-json\/wp\/v2\/tags?post=16994"}],"curies":[{"name":"wp","href":"https:\/\/api.w.org\/{rel}","templated":true}]}}