{"id":17892,"date":"2024-05-18T16:52:22","date_gmt":"2024-05-18T14:52:22","guid":{"rendered":"https:\/\/cparici.com\/?p=17892"},"modified":"2025-07-22T18:14:00","modified_gmt":"2025-07-22T16:14:00","slug":"port-manech-maritime-village","status":"publish","type":"post","link":"https:\/\/cparici.com\/en\/port-manech-village-maritime\/","title":{"rendered":"Port Manech - a maritime village"},"content":{"rendered":"\t\t<div data-elementor-type=\"wp-post\" data-elementor-id=\"17892\" class=\"elementor elementor-17892\" data-elementor-post-type=\"post\">\n\t\t\t\t<div class=\"elementor-element elementor-element-87745f6 e-con-full e-flex e-con e-parent\" data-id=\"87745f6\" data-element_type=\"container\" data-e-type=\"container\">\n\t\t\t\t<div class=\"elementor-element elementor-element-c0c5204 elementor-widget elementor-widget-image\" data-id=\"c0c5204\" data-element_type=\"widget\" data-e-type=\"widget\" data-widget_type=\"image.default\">\n\t\t\t\t\t\t\t\t\t\t\t\t\t\t\t<img decoding=\"async\" width=\"1500\" height=\"565\" src=\"https:\/\/cparici.com\/wp-content\/uploads\/2024\/05\/port-manech.jpg\" class=\"attachment-full size-full wp-image-17893\" alt=\"port manech\" srcset=\"https:\/\/cparici.com\/wp-content\/uploads\/2024\/05\/port-manech.jpg 1500w, https:\/\/cparici.com\/wp-content\/uploads\/2024\/05\/port-manech-600x226.jpg 600w, https:\/\/cparici.com\/wp-content\/uploads\/2024\/05\/port-manech-300x113.jpg 300w, https:\/\/cparici.com\/wp-content\/uploads\/2024\/05\/port-manech-1024x386.jpg 1024w, https:\/\/cparici.com\/wp-content\/uploads\/2024\/05\/port-manech-768x289.jpg 768w\" sizes=\"(max-width: 1500px) 100vw, 1500px\" \/>\t\t\t\t\t\t\t\t\t\t\t\t\t\t\t<\/div>\n\t\t\t\t<\/div>\n\t\t<aside class=\"elementor-element elementor-element-049bfb8 e-flex e-con-boxed e-con e-parent\" data-id=\"049bfb8\" data-element_type=\"container\" data-e-type=\"container\">\n\t\t\t\t\t<div class=\"e-con-inner\">\n\t\t\t\t<div class=\"elementor-element elementor-element-5fcd791 elementor-widget elementor-widget-global elementor-global-62046 elementor-widget-eael-advanced-search\" data-id=\"5fcd791\" data-element_type=\"widget\" data-e-type=\"widget\" data-widget_type=\"eael-advanced-search.default\">\n\t\t\t\t\t        <div class=\"eael-adv-search-wrapper\">\n            <div id=\"eael-advanced-search-widget-5fcd791\" class=\"eael-advanced-search-widget\">\n                <form data-settings=\"{&quot;post_per_page&quot;:5,&quot;search_among_taxonomies&quot;:&quot;&quot;,&quot;search_among_sku&quot;:&quot;no&quot;,&quot;show_popular_keyword&quot;:0,&quot;show_category&quot;:0,&quot;show_content_image&quot;:1,&quot;show_search_result_all_results&quot;:0,&quot;result_on_new_tab&quot;:&quot;no&quot;,&quot;show_product_price&quot;:&quot;no&quot;,&quot;include_current_page&quot;:&quot;no&quot;,&quot;current_post_id&quot;:17892,&quot;post_type&quot;:[&quot;post&quot;,&quot;listing&quot;]}\" method=\"POST\" name=\"eael-advanced-search-form-5fcd791\" class=\"eael-advanced-search-form eael-advanced-search-form-style-2\">\n                    <div class=\"eael-advanced-search-wrap\">\n                        <span class=\"eael-adv-search-loader\"><\/span>\n                        <span class=\"eael-adv-search-close\"><i class=\"fas fa-times\"><\/i><\/span>\n                        <span class=\"icon \"><i class=\"fas fa-search\"><\/i><\/span>\n\n                        <input type=\"text\"\n                               placeholder=\"Votre destination\"\n                               class=\"eael-advanced-search\" autocomplete=\"off\" name=\"eael_advanced_search\">\n                    <\/div>\n\t\t\t\t\t                                    <\/form>\n\n\t\t\t\t\n\t\t\t\t        <div class=\"eael-advanced-search-result\">\n            <div class=\"eael-advanced-search-popular-keyword\">\n\t\t\t\t<h4 class=\"eael-advanced-search-popular-keyword-text\">Recherches populaires<\/h4>                <div class=\"eael-popular-keyword-content\"><\/div>\n            <\/div>\n            <div class=\"eael-advanced-search-category\">\n\t\t\t\t<h4 class=\"eael-advanced-search-category-text\">Categories<\/h4>                <div class=\"eael-popular-category-content\"><\/div>\n            <\/div>\n\t\t\t<div class=\"eael-advanced-search-total-results-section\">\n\t\t\t\t\t\t\t<\/div>\n            <div class=\"eael-advanced-search-content eael-item-style-3\">\n            <\/div>\n            <div class=\"eael-advanced-search-not-found\">\n                <p>Pas de r\u00e9sultats<\/p><\/div>\n            <div class=\"eael-advanced-search-load-more\">\n\t\t\t\t<a \tclass=\"eael-advanced-search-load-more-button\"\n                \thref=\"#\">Voir tous les r\u00e9sultats<\/a>\n            <\/div>\n        <\/div>\n\n\t\t            <\/div>\n        <\/div>\n\n\t\t\t\t\t\t<\/div>\n\t\t\t\t\t<\/div>\n\t\t\t\t<\/aside>\n\t\t<div class=\"elementor-element elementor-element-704909b0 e-flex e-con-boxed e-con e-parent\" data-id=\"704909b0\" data-element_type=\"container\" data-e-type=\"container\">\n\t\t\t\t\t<div class=\"e-con-inner\">\n\t\t\t\t<div class=\"elementor-element elementor-element-58f0077c elementor-widget elementor-widget-text-editor\" data-id=\"58f0077c\" data-element_type=\"widget\" data-e-type=\"widget\" data-widget_type=\"text-editor.default\">\n\t\t\t\t\t\t\t\t\t<div class=\"markdown markdown-main-panel\" dir=\"ltr\"><h1 style=\"text-align: center;\" data-sourcepos=\"1:1-1:56\"><span style=\"font-size: 18pt;\"><strong>Port Manech, le village<\/strong><\/span><\/h1><p data-sourcepos=\"1:1-1:56\"><strong>Port Manech est une petite station baln\u00e9aire familiale au charme authentique<\/strong>. Le village est situ\u00e9 dans le <span style=\"font-size: 16px;\">Finist\u00e8re sud, sur la commune de <a href=\"https:\/\/cparici.com\/fr\/bretagne-nevez\/\">N\u00e9vez<\/a>, entre Pont Aven et Concarneau.\u00a0<\/span><\/p><h2 class=\"\" data-sourcepos=\"1:1-1:56\"><span style=\"font-size: 18pt;\">Port Manech : Un village maritime \u00e0 l&#8217;embouchure de l&#8217;Aven<\/span><\/h2><h3 data-sourcepos=\"3:1-3:73\"><strong>Une station baln\u00e9aire authentique au charme breton<\/strong><\/h3><p data-sourcepos=\"5:1-5:103\">Entre ses paysages c\u00f4tiers spectaculaires, ses plages de sable fin et son port anim\u00e9, ce petit village breton offre un cadre idyllique pour un s\u00e9jour inoubliable.<\/p><h3 data-sourcepos=\"7:1-7:51\"><strong>Une plong\u00e9e dans l&#8217;histoire de Port-Manech<\/strong><\/h3><p data-sourcepos=\"9:1-9:25\">L&#8217;histoire du village est intimement li\u00e9e \u00e0 la mer. Ancien port sardinier, le village a connu son essor au 19\u00e8me si\u00e8cle gr\u00e2ce \u00e0 la p\u00eache. Aujourd&#8217;hui, Port-Manech s&#8217;est reconverti en station baln\u00e9aire appr\u00e9ci\u00e9e pour son environnement paisible et sa beaut\u00e9 sauvage.<\/p><h3 data-sourcepos=\"11:1-11:63\"><strong>La plage de Port-Manech : Un paradis pour les familles<\/strong><\/h3><p data-sourcepos=\"13:1-13:169\">Bord\u00e9e par une mer turquoise et des dunes dor\u00e9es, <a href=\"https:\/\/cparici.com\/fr\/plage-de-port-manech-a-nevez-en-finistere\/\">la plage de Port-Manech<\/a> s&#8217;\u00e9tend sur pr\u00e8s de 2 kilom\u00e8tres. Parfaite pour la baignade, le farniente et les jeux de plage, elle offre un cadre id\u00e9al pour les familles. Les enfants appr\u00e9cieront particuli\u00e8rement la pataugeoire naturelle form\u00e9e par les rochers.<\/p><h3 data-sourcepos=\"15:1-15:52\"><strong>Des activit\u00e9s nautiques pour tous les go\u00fbts<\/strong><\/h3><p data-sourcepos=\"17:1-17:326\">Que vous soyez amateur de sensations fortes ou de balades paisibles, le village propose une large palette d&#8217;activit\u00e9s nautiques. Planche \u00e0 voile, kayak, paddle, bateau&#8230; il y en a pour tous les go\u00fbts ! Des clubs de voile et de location de mat\u00e9riel sont pr\u00e9sents sur place pour vous accompagner dans vos envies de d\u00e9couverte.<\/p><p data-sourcepos=\"9:1-9:203\">La plage abrite deux centres nautiques majeurs : Cardinale Sud et CAP SAILING. Chacun d&#8217;entre eux propose une large palette d&#8217;activit\u00e9s et de formations pour tous les niveaux, du d\u00e9butant au confirm\u00e9.<\/p><h4 data-sourcepos=\"11:1-11:68\"><strong>Cardinale Sud : Un centre nautique aux multiples facettes<\/strong><\/h4><p data-sourcepos=\"13:1-13:97\">Cardinale Sud est un centre nautique multidisciplinaire qui offre un \u00e9ventail complet d&#8217;activit\u00e9s nautiques. Planche \u00e0 voile, catamaran, d\u00e9riveur, kayak, stand up paddle&#8230; Vous trouverez forc\u00e9ment l&#8217;activit\u00e9 qui vous correspond ! Le centre propose \u00e9galement des cours particuliers et des stages pour tous les \u00e2ges.<\/p><h4 data-sourcepos=\"15:1-15:63\"><strong>CAP SAILING : Un sp\u00e9cialiste de la voile et du kayak<\/strong><\/h4><p data-sourcepos=\"17:1-17:268\">CAP SAILING est un centre nautique sp\u00e9cialis\u00e9 dans la voile et le kayak. Que vous soyez amateur de sensations fortes ou de balades paisibles, vous trouverez votre bonheur chez CAP SAILING. Le centre propose \u00e9galement des locations de mat\u00e9riel et des sorties encadr\u00e9es.<\/p><p data-sourcepos=\"19:1-19:52\"><strong>Le port : Un spectacle anim\u00e9<\/strong><\/p><p data-sourcepos=\"21:1-21:284\">Le port est souvent anim\u00e9 et offre une vue sur la plage, et le chateau Chaque jour, les bateaux de p\u00eache d\u00e9barquent leurs cargaisons de poissons frais, offrant un spectacle haut en couleurs. Vous pourrez \u00e9galement y d\u00e9guster de d\u00e9licieux produits de la mer dans l&#8217;un des nombreux restaurants du port.<\/p><p data-sourcepos=\"23:1-23:81\"><strong>Une balade sur le sentier c\u00f4tier : A la d\u00e9couverte des paysages sauvages<\/strong><\/p><p data-sourcepos=\"25:1-25:110\">Le sentier c\u00f4tier qui relie Port-Manech \u00e0 Kerdruc offre une promenade magnifique au c\u0153ur de paysages sauvages. Vous pourrez admirer les falaises abruptes, les criques abrit\u00e9es et la mer turquoise qui s&#8217;\u00e9tend \u00e0 perte de vue.<\/p><h2 data-sourcepos=\"27:1-27:63\"><strong>Informations pratiques pour votre s\u00e9jour\u00a0<\/strong><\/h2><h3 data-sourcepos=\"29:1-29:42\"><strong>Se rendre \u00e0 Port Manech<\/strong><\/h3><p data-sourcepos=\"31:1-31:141\">Port-Manech est facilement accessible en voiture, en train ou en bus. L&#8217;a\u00e9roport de Quimper-Bretagne est situ\u00e9 \u00e0 environ 45 minutes de route.<\/p><h3 data-sourcepos=\"33:1-33:36\"><strong>Se loger<\/strong><\/h3><p data-sourcepos=\"35:1-35:210\">Port-Manech propose quelques h\u00e9bergements : h\u00f4tels, campings, g\u00eetes, locations saisonni\u00e8res&#8230; Vous trouverez forc\u00e9ment l&#8217;h\u00e9bergement qui correspond \u00e0 vos besoins et \u00e0 vos envies.<\/p><h3 data-sourcepos=\"37:1-37:55\"><strong>Les activit\u00e9s<\/strong><\/h3><p data-sourcepos=\"39:1-39:101\">En plus des nombreuses activit\u00e9s nautiques et de la d\u00e9couverte du patrimoine local, Port-Manech offre un point de d\u00e9part id\u00e9al pour explorer les environs. Vous pourrez visiter la ville de <a href=\"https:\/\/cparici.com\/fr\/pont-aven-guide-complet-pour-explorer-la-ville-et-ses-musees\/\">Pont-Aven<\/a>, c\u00e9l\u00e8bre pour ses peintres impressionnistes, ou vous promener dans la <strong>ville close de Concarneau.<\/strong><\/p><h2 data-sourcepos=\"41:1-41:12\"><strong>FAQ<\/strong><\/h2><p data-sourcepos=\"43:1-43:67\"><strong>Quelle est la meilleure p\u00e9riode pour visiter Port-Manech ?<\/strong><\/p><p data-sourcepos=\"45:1-45:150\">La meilleure p\u00e9riode pour visiter le village s&#8217;\u00e9tend de mai \u00e0 septembre, lorsque le soleil est au rendez-vous et que les temp\u00e9ratures sont agr\u00e9ables.<\/p><p data-sourcepos=\"47:1-47:51\"><strong>Peut-on pratiquer la p\u00eache \u00e0 Port-Manech ?<\/strong><\/p><p data-sourcepos=\"49:1-49:124\">La p\u00eache \u00e0 pied est autoris\u00e9e sur la plage. Pour la p\u00eache en bateau, il est n\u00e9cessaire de poss\u00e9der un permis. Il est possible de louer un bateau sur le port.<\/p><p data-sourcepos=\"51:1-51:49\"><strong>Y a-t-il des restaurants?<\/strong><\/p><p data-sourcepos=\"53:1-53:124\">Le village compte quelques restaurants proposant une cuisine traditionnelle bretonne \u00e0 base de produits frais de la mer.<\/p><p data-sourcepos=\"55:1-55:59\"><strong>Que peut-on faire avec des enfants \u00e0 Port-Manech ?<\/strong><\/p><p data-sourcepos=\"57:1-57:180\">La plage de Port-Manech est id\u00e9ale pour les enfants. Ils pourront \u00e9galement profiter du club de plage, du centre \u00e9questre ou des nombreuses aires de jeux pr\u00e9sentes dans le village.<\/p><p data-sourcepos=\"59:1-59:14\"><strong>Conclusion<\/strong><\/p><p data-sourcepos=\"61:1-61:221\">Port-Manech est une destination id\u00e9ale pour un s\u00e9jour en famille ou entre amis. Avec ses paysages magnifiques, ses activit\u00e9s nautiques vari\u00e9es et son <a href=\"https:\/\/fr.wikipedia.org\/wiki\/Port_Manec%27h\" target=\"_blank\" rel=\"noopener\">atmosph\u00e8re paisible<\/a>, ce petit village breton a tout pour vous charmer.<\/p><\/div>\t\t\t\t\t\t\t\t<\/div>\n\t\t\t\t\t<\/div>\n\t\t\t\t<\/div>\n\t\t<aside class=\"elementor-element elementor-element-41cfbb9 e-flex e-con-boxed e-con e-parent\" data-id=\"41cfbb9\" data-element_type=\"container\" data-e-type=\"container\">\n\t\t\t\t\t<div class=\"e-con-inner\">\n\t\t\t\t<div class=\"elementor-element elementor-element-517fab8 elementor-widget elementor-widget-listeo-posts-grid\" data-id=\"517fab8\" data-element_type=\"widget\" data-e-type=\"widget\" data-widget_type=\"listeo-posts-grid.default\">\n\t\t\t\t<div class=\"elementor-widget-container\">\n\t\t\t\t\t\t\t\n\t\t<div class=\"listeo-post-grid-wrapper\">\n\t\t\t<div class=\"row\">\n\n\t\t\t\n\n\t\t\t\t\t\t\t<div class=\"col-md-4\">\n                <a href=\"https:\/\/cparici.com\/en\/visiter-quimper-top-des-lieux-incontournables-et-secrets\/\" class=\"blog-compact-item-container\">\n                    <div class=\"blog-compact-item\">\n                        <img decoding=\"async\" width=\"577\" height=\"234\" src=\"https:\/\/cparici.com\/wp-content\/uploads\/2024\/04\/visiter-quimper-dans-le-finistere.jpg\" class=\"attachment-listeo-blog-related-post size-listeo-blog-related-post wp-post-image\" alt=\"visiter quimper dans le finist\u00e8re, bretagne\" srcset=\"https:\/\/cparici.com\/wp-content\/uploads\/2024\/04\/visiter-quimper-dans-le-finistere.jpg 1500w, https:\/\/cparici.com\/wp-content\/uploads\/2024\/04\/visiter-quimper-dans-le-finistere-600x243.jpg 600w, https:\/\/cparici.com\/wp-content\/uploads\/2024\/04\/visiter-quimper-dans-le-finistere-300x122.jpg 300w, https:\/\/cparici.com\/wp-content\/uploads\/2024\/04\/visiter-quimper-dans-le-finistere-1024x415.jpg 1024w, https:\/\/cparici.com\/wp-content\/uploads\/2024\/04\/visiter-quimper-dans-le-finistere-768x311.jpg 768w\" sizes=\"(max-width: 577px) 100vw, 577px\" \/><span class=\"blog-item-tag\">Bretagne<\/span>                        \n                        <div class=\"blog-compact-item-content\">\n                                                        <h3>Visiter Quimper &#8211; top des lieux incontournables et secrets<\/h3>\n                                                        <p>Quimper, une ville pleine de charme et d'histoire. Suivez notre article pour visiter Quimper et...                            <\/p>\n                                                    <\/div>\n                    <\/div>\n                <\/a>\n            <\/div>\n\t\t\t<div class=\"col-md-4\">\n                <a href=\"https:\/\/cparici.com\/en\/le-pouldu\/\" class=\"blog-compact-item-container\">\n                    <div class=\"blog-compact-item\">\n                        <img decoding=\"async\" width=\"577\" height=\"210\" src=\"https:\/\/cparici.com\/wp-content\/uploads\/2024\/05\/le-pouldu.jpg\" class=\"attachment-listeo-blog-related-post size-listeo-blog-related-post wp-post-image\" alt=\"le pouldu\" srcset=\"https:\/\/cparici.com\/wp-content\/uploads\/2024\/05\/le-pouldu.jpg 1500w, https:\/\/cparici.com\/wp-content\/uploads\/2024\/05\/le-pouldu-600x218.jpg 600w, https:\/\/cparici.com\/wp-content\/uploads\/2024\/05\/le-pouldu-300x109.jpg 300w, https:\/\/cparici.com\/wp-content\/uploads\/2024\/05\/le-pouldu-1024x373.jpg 1024w, https:\/\/cparici.com\/wp-content\/uploads\/2024\/05\/le-pouldu-768x280.jpg 768w\" sizes=\"(max-width: 577px) 100vw, 577px\" \/><span class=\"blog-item-tag\">Bretagne<\/span>                        \n                        <div class=\"blog-compact-item-content\">\n                                                        <h3>Le Pouldu &#8211; un village aux portes de Lorient<\/h3>\n                                                        <p>D\u00e9couvrez Le Pouldu, station baln\u00e9aire bretonne authentique, paradis des randonneurs et amateurs d'art, sur les...                            <\/p>\n                                                    <\/div>\n                    <\/div>\n                <\/a>\n            <\/div>\n\t\t\t<div class=\"col-md-4\">\n                <a href=\"https:\/\/cparici.com\/en\/carte-finistere\/\" class=\"blog-compact-item-container\">\n                    <div class=\"blog-compact-item\">\n                        <img decoding=\"async\" width=\"577\" height=\"193\" src=\"https:\/\/cparici.com\/wp-content\/uploads\/2024\/07\/carte-finistere.jpg\" class=\"attachment-listeo-blog-related-post size-listeo-blog-related-post wp-post-image\" alt=\"carte finistere\" srcset=\"https:\/\/cparici.com\/wp-content\/uploads\/2024\/07\/carte-finistere.jpg 1600w, https:\/\/cparici.com\/wp-content\/uploads\/2024\/07\/carte-finistere-600x200.jpg 600w, https:\/\/cparici.com\/wp-content\/uploads\/2024\/07\/carte-finistere-300x100.jpg 300w, https:\/\/cparici.com\/wp-content\/uploads\/2024\/07\/carte-finistere-1024x342.jpg 1024w, https:\/\/cparici.com\/wp-content\/uploads\/2024\/07\/carte-finistere-768x256.jpg 768w, https:\/\/cparici.com\/wp-content\/uploads\/2024\/07\/carte-finistere-1536x513.jpg 1536w\" sizes=\"(max-width: 577px) 100vw, 577px\" \/><span class=\"blog-item-tag\">Bretagne<\/span>                        \n                        <div class=\"blog-compact-item-content\">\n                                                        <h3>Carte Finistere &#8211; Tout Ce Que Vous Devez Savoir<\/h3>\n                                                        <p>D\u00e9couvrez les diff\u00e9rents types de cartes du Finist\u00e8re, leurs tarifs, o\u00f9 les acheter, et les...                            <\/p>\n                                                    <\/div>\n                    <\/div>\n                <\/a>\n            <\/div>\n  <\/div>\n        <\/div>\n        \t\t\t\t<\/div>\n\t\t\t\t<\/div>\n\t\t\t\t\t<\/div>\n\t\t\t\t<\/aside>\n\t\t\t\t<\/div>\n\t\t","protected":false},"excerpt":{"rendered":"<p>Port-Manech: Breton charm, idyllic beach and water sports activities for an unforgettable stay!<\/p>","protected":false},"author":1,"featured_media":17893,"comment_status":"closed","ping_status":"open","sticky":false,"template":"elementor_header_footer","format":"standard","meta":{"ngg_post_thumbnail":0,"footnotes":""},"categories":[756,478,592,479,477,498],"tags":[],"class_list":["post-17892","post","type-post","status-publish","format-standard","has-post-thumbnail","hentry","category-port-manech","category-bretagne","category-bretagne-sud","category-finistere","category-france","category-nevez"],"_links":{"self":[{"href":"https:\/\/cparici.com\/en\/wp-json\/wp\/v2\/posts\/17892","targetHints":{"allow":["GET"]}}],"collection":[{"href":"https:\/\/cparici.com\/en\/wp-json\/wp\/v2\/posts"}],"about":[{"href":"https:\/\/cparici.com\/en\/wp-json\/wp\/v2\/types\/post"}],"author":[{"embeddable":true,"href":"https:\/\/cparici.com\/en\/wp-json\/wp\/v2\/users\/1"}],"replies":[{"embeddable":true,"href":"https:\/\/cparici.com\/en\/wp-json\/wp\/v2\/comments?post=17892"}],"version-history":[{"count":0,"href":"https:\/\/cparici.com\/en\/wp-json\/wp\/v2\/posts\/17892\/revisions"}],"wp:featuredmedia":[{"embeddable":true,"href":"https:\/\/cparici.com\/en\/wp-json\/wp\/v2\/media\/17893"}],"wp:attachment":[{"href":"https:\/\/cparici.com\/en\/wp-json\/wp\/v2\/media?parent=17892"}],"wp:term":[{"taxonomy":"category","embeddable":true,"href":"https:\/\/cparici.com\/en\/wp-json\/wp\/v2\/categories?post=17892"},{"taxonomy":"post_tag","embeddable":true,"href":"https:\/\/cparici.com\/en\/wp-json\/wp\/v2\/tags?post=17892"}],"curies":[{"name":"wp","href":"https:\/\/api.w.org\/{rel}","templated":true}]}}