{"id":17988,"date":"2024-05-19T14:40:20","date_gmt":"2024-05-19T12:40:20","guid":{"rendered":"https:\/\/cparici.com\/?p=17988"},"modified":"2025-03-24T06:54:57","modified_gmt":"2025-03-24T05:54:57","slug":"pont-aven-museum","status":"publish","type":"post","link":"https:\/\/cparici.com\/en\/musee-de-pont-aven\/","title":{"rendered":"Pont Aven Museum"},"content":{"rendered":"<div data-elementor-type=\"wp-post\" data-elementor-id=\"17988\" class=\"elementor elementor-17988\" data-elementor-post-type=\"post\">\n\t\t\t\t<div class=\"elementor-element elementor-element-7779c5e e-flex e-con-boxed e-con e-parent\" data-id=\"7779c5e\" data-element_type=\"container\" data-e-type=\"container\">\n\t\t\t\t\t<div class=\"e-con-inner\">\n\t\t\t\t<div class=\"elementor-element elementor-element-2428952 elementor-widget elementor-widget-image\" data-id=\"2428952\" data-element_type=\"widget\" data-e-type=\"widget\" data-widget_type=\"image.default\">\n\t\t\t\t\t\t\t\t\t\t\t\t\t\t\t<img decoding=\"async\" width=\"1500\" height=\"591\" src=\"https:\/\/cparici.com\/wp-content\/uploads\/2024\/05\/musee-de-pont-aven.jpg\" class=\"attachment-full size-full wp-image-17998\" alt=\"pont aven museum\" srcset=\"https:\/\/cparici.com\/wp-content\/uploads\/2024\/05\/musee-de-pont-aven.jpg 1500w, https:\/\/cparici.com\/wp-content\/uploads\/2024\/05\/musee-de-pont-aven-600x236.jpg 600w, https:\/\/cparici.com\/wp-content\/uploads\/2024\/05\/musee-de-pont-aven-300x118.jpg 300w, https:\/\/cparici.com\/wp-content\/uploads\/2024\/05\/musee-de-pont-aven-1024x403.jpg 1024w, https:\/\/cparici.com\/wp-content\/uploads\/2024\/05\/musee-de-pont-aven-768x303.jpg 768w\" sizes=\"(max-width: 1500px) 100vw, 1500px\" \/>\t\t\t\t\t\t\t\t\t\t\t\t\t\t\t<\/div>\n\t\t\t\t\t<\/div>\n\t\t\t\t<\/div>\n\t\t<div class=\"elementor-element elementor-element-80f3edf e-flex e-con-boxed e-con e-parent\" data-id=\"80f3edf\" data-element_type=\"container\" data-e-type=\"container\">\n\t\t\t\t\t<div class=\"e-con-inner\">\n\t\t\t\t<div class=\"elementor-element elementor-element-7a52d55a elementor-widget elementor-widget-text-editor\" data-id=\"7a52d55a\" data-element_type=\"widget\" data-e-type=\"widget\" data-widget_type=\"text-editor.default\">\n\t\t\t\t\t\t\t\t\t<div class=\"markdown markdown-main-panel\" dir=\"ltr\"><h1 style=\"text-align: center;\" data-sourcepos=\"1:1-1:78\"><span style=\"font-size: 18pt;\">Pont-Aven Museum<\/span><\/h1><p data-sourcepos=\"1:1-1:78\"><span style=\"font-size: 16px;\">Au centre de la pittoresque cit\u00e9 de Pont-Aven, en Bretagne, le Mus\u00e9e de Pont-Aven est un lieu d\u00e9di\u00e9 \u00e0 l\u2019art pictural et \u00e0 l\u2019histoire fascinante de l\u2019\u00c9cole de Pont-Aven.<\/span><span style=\"font-size: 16px;\">\u00a0<\/span><\/p><h2 class=\"\" data-sourcepos=\"1:1-1:78\"><span style=\"font-size: 18pt;\">Le Mus\u00e9e de Pont-Aven : Une Fen\u00eatre sur l\u2019\u00c9cole de Pont-Aven et ses Ma\u00eetres<\/span><\/h2><h3 class=\"\" data-sourcepos=\"3:1-3:51\">Un Plong\u00e9e dans l\u2019\u00c2me Artistique de la Bretagne<\/h3><p data-sourcepos=\"5:1-5:101\">Ce mus\u00e9e invite les visiteurs \u00e0 s\u2019immerger dans l\u2019univers des grands ma\u00eetres tels que<a href=\"https:\/\/cparici.com\/en\/paul-gauguin-in-france\/\"> Paul Gauguin<\/a>, \u00c9mile Bernard et Charles Laval, et Paul S\u00e9rusier, qui ont marqu\u00e9 de leur empreinte ind\u00e9l\u00e9bile le paysage artistique breton. Le mus\u00e9e pr\u00e9sente \u00e9galement des \u0153uvres d\u2019artistes moins connus qui ont contribu\u00e9 \u00e0 l\u2019\u00e9panouissement de ce courant artistique. <strong>The site houses a rich collection of over 500 works of art.<\/strong>including paintings, sculptures, drawings and engravings.<\/p><p data-sourcepos=\"5:1-5:101\"><strong>In addition to its permanent collection, the museum regularly organizes temporary exhibitions.<\/strong> qui mettent en lumi\u00e8re des th\u00e9matiques sp\u00e9cifiques li\u00e9es \u00e0 l\u2019\u00c9cole de Pont-Aven ou \u00e0 l\u2019art breton en g\u00e9n\u00e9ral. Ces expositions sont l\u2019occasion de d\u00e9couvrir de nouvelles perspectives et de se plonger encore plus profond\u00e9ment dans l\u2019univers artistique de la r\u00e9gion.<\/p><h3 class=\"\" data-sourcepos=\"7:1-7:48\">A Journey through Time and Colors<\/h3><p data-sourcepos=\"9:1-9:314\"><strong>L\u2019histoire du mus\u00e9e<\/strong> d\u00e9bute en 1985, lorsque la ville de Pont-Aven d\u00e9cide de rendre hommage \u00e0 ses illustres r\u00e9sidents en cr\u00e9ant un lieu d\u2019exposition permanent. Install\u00e9 dans un ancien moulin \u00e0 papier du 17\u00e8me si\u00e8cle, le mus\u00e9e s\u2019impose rapidement comme une r\u00e9f\u00e9rence incontournable pour les amateurs d\u2019art et les curieux d\u00e9sireux de d\u00e9couvrir les secrets de l\u2019\u00c9cole de Pont-Aven.<\/p><p data-sourcepos=\"11:1-11:328\"><strong>Just a stone's throw from the Aven river<\/strong>, le mus\u00e9e b\u00e9n\u00e9ficie d\u2019un cadre idyllique qui refl\u00e8te parfaitement l\u2019esprit boh\u00e8me et romantique qui a inspir\u00e9 les artistes de l\u2019\u00e9poque. Ses murs en pierre et ses toits d\u2019ardoise lui conf\u00e8rent un charme authentique, tandis que son jardin verdoyant offre un havre de paix aux visiteurs.<\/p><h3 data-sourcepos=\"13:1-13:54\">Practical information for an unforgettable visit<\/h3><p data-sourcepos=\"15:1-15:271\"><strong>The museum is open<\/strong> tous les jours de la semaine, sauf le mardi, de 10h \u00e0 18h30. L\u2019entr\u00e9e est tarif\u00e9e \u00e0 9\u20ac pour les adultes et 6\u20ac pour les enfants de 6 \u00e0 12 ans. Des tarifs r\u00e9duits sont \u00e9galement disponibles pour les groupes et les personnes en situation de handicap.<\/p><p data-sourcepos=\"17:1-17:148\"><strong>How to get to the museum<\/strong>You can take public transport or come by car. Pay parking is available close to the museum.<\/p><p data-sourcepos=\"19:1-19:26\"><strong>Museum website<\/strong> (<a class=\"traceable-link\" href=\"https:\/\/www.museepontaven.fr\/fr\/\" target=\"_blank\" rel=\"noopener noreferrer\">https:\/\/www.museepontaven.fr\/fr\/<\/a>) vous propose de nombreuses informations pratiques, notamment un plan d\u2019acc\u00e8s, des horaires d\u00e9taill\u00e9s et des tarifs actualis\u00e9s. Vous pouvez \u00e9galement y r\u00e9server vos billets en ligne et consulter le programme des expositions temporaires.<\/p><h3 data-sourcepos=\"21:1-21:56\">Un Parcours Immersif au C\u0153ur de l\u2019\u00c9cole de Pont-Aven<\/h3><p data-sourcepos=\"23:1-23:280\"><strong>As soon as you enter the museum<\/strong>, vous serez transport\u00e9s dans l\u2019univers fascinant de l\u2019\u00c9cole de Pont-Aven. Le parcours de visite, jalonn\u00e9 d\u2019\u0153uvres majeures et de supports p\u00e9dagogiques interactifs, vous invite \u00e0 d\u00e9couvrir les diff\u00e9rentes \u00e9tapes de ce mouvement artistique unique.<\/p><p data-sourcepos=\"25:1-25:277\"><strong>Museum spaces<\/strong> sont d\u00e9di\u00e9s aux \u0153uvres des grands ma\u00eetres de l\u2019\u00c9cole de Pont-Aven, ainsi qu\u2019\u00e0 celles d\u2019artistes moins connus qui ont contribu\u00e9 \u00e0 l\u2019\u00e9panouissement de ce courant artistique. Vous pourrez admirer des chefs-d\u2019\u0153uvre tels que \u201cLes Bretonnes au bord de la mer\u201d de Paul Gauguin, \u201cLe Pardon de Pont-Aven\u201d d\u2019\u00c9mile Bernard ou encore \u201cLa Ferme du Grand-Chalumeau\u201d de Charles Laval.<\/p><p data-sourcepos=\"27:1-27:321\"><strong>The museum also offers temporary exhibitions<\/strong> qui mettent en lumi\u00e8re des th\u00e9matiques sp\u00e9cifiques li\u00e9es \u00e0 l\u2019\u00c9cole de Pont-Aven ou \u00e0 l\u2019art breton en g\u00e9n\u00e9ral. Ces expositions sont l\u2019occasion de d\u00e9couvrir de nouvelles perspectives et de se plonger encore plus profond\u00e9ment dans l\u2019univers artistique de la r\u00e9gion.<\/p><h2 data-sourcepos=\"29:1-29:40\">FAQ for an Optimal Experience<\/h2><h3 data-sourcepos=\"31:1-31:69\"><strong>What are the most important works to see at the museum?<\/strong><\/h3><p data-sourcepos=\"33:1-33:287\">Parmi les \u0153uvres les plus importantes du mus\u00e9e, on peut citer \u201cLes Bretonnes au bord de la mer\u201d de Paul Gauguin, \u201cLe Pardon de Pont-Aven\u201d d\u2019\u00c9mile Bernard, \u201cLa Ferme du Grand-Chalumeau\u201d de Charles Laval, \u201cLes Demoiselles de Keraudel\u201d de Paul S\u00e9rusier et \u201cLe Christ jaune\u201d de Paul Gauguin.<\/p><h3 data-sourcepos=\"35:1-35:57\"><strong>Are there any activities for children at the museum?<\/strong><\/h3><p data-sourcepos=\"37:1-37:154\">Oui, le mus\u00e9e propose des ateliers et des animations ponctuelles pour les enfants. Vous pouvez \u00e9galement leur demander un livret-jeu \u00e0 l\u2019accueil du mus\u00e9e.<\/p><h3 data-sourcepos=\"39:1-39:49\"><strong>Can I take photos in the museum?<\/strong><\/h3><p data-sourcepos=\"41:1-41:111\">La prise de photos est autoris\u00e9e dans le mus\u00e9e, \u00e0 l\u2019exception de certaines \u0153uvres signal\u00e9es par un pictogramme.<\/p><h3 data-sourcepos=\"43:1-43:47\"><strong>Where can I eat near the museum?<\/strong><\/h3><p data-sourcepos=\"45:1-45:188\">De nombreux restaurants et caf\u00e9s se trouvent dans les environs du mus\u00e9e. Vous trouverez \u00e9galement une boutique o\u00f9 vous pourrez acheter des souvenirs et des livres sur l\u2019\u00c9cole de Pont-Aven.<\/p><p data-sourcepos=\"47:1-47:2\">\u00a0<\/p><\/div>\t\t\t\t\t\t\t\t<\/div>\n\t\t\t\t\t<\/div>\n\t\t\t\t<\/div>\n\t\t\t\t<\/div>","protected":false},"excerpt":{"rendered":"<p>D\u00e9couvrez le Mus\u00e9e de Pont-Aven et plongez dans l&#8217;univers fascinant de l&#8217;\u00c9cole de Pont-Aven : Gauguin, Bernard, Laval et bien d&#8217;autres !<\/p>","protected":false},"author":1,"featured_media":17998,"comment_status":"closed","ping_status":"open","sticky":false,"template":"elementor_header_footer","format":"standard","meta":{"ngg_post_thumbnail":0,"footnotes":""},"categories":[487,478,479,477],"tags":[766],"class_list":["post-17988","post","type-post","status-publish","format-standard","has-post-thumbnail","hentry","category-pont-aven","category-bretagne","category-finistere","category-france","tag-musee"],"_links":{"self":[{"href":"https:\/\/cparici.com\/en\/wp-json\/wp\/v2\/posts\/17988","targetHints":{"allow":["GET"]}}],"collection":[{"href":"https:\/\/cparici.com\/en\/wp-json\/wp\/v2\/posts"}],"about":[{"href":"https:\/\/cparici.com\/en\/wp-json\/wp\/v2\/types\/post"}],"author":[{"embeddable":true,"href":"https:\/\/cparici.com\/en\/wp-json\/wp\/v2\/users\/1"}],"replies":[{"embeddable":true,"href":"https:\/\/cparici.com\/en\/wp-json\/wp\/v2\/comments?post=17988"}],"version-history":[{"count":0,"href":"https:\/\/cparici.com\/en\/wp-json\/wp\/v2\/posts\/17988\/revisions"}],"wp:featuredmedia":[{"embeddable":true,"href":"https:\/\/cparici.com\/en\/wp-json\/wp\/v2\/media\/17998"}],"wp:attachment":[{"href":"https:\/\/cparici.com\/en\/wp-json\/wp\/v2\/media?parent=17988"}],"wp:term":[{"taxonomy":"category","embeddable":true,"href":"https:\/\/cparici.com\/en\/wp-json\/wp\/v2\/categories?post=17988"},{"taxonomy":"post_tag","embeddable":true,"href":"https:\/\/cparici.com\/en\/wp-json\/wp\/v2\/tags?post=17988"}],"curies":[{"name":"wp","href":"https:\/\/api.w.org\/{rel}","templated":true}]}}