{"id":35238,"date":"2024-05-27T14:14:58","date_gmt":"2024-05-27T12:14:58","guid":{"rendered":"https:\/\/cparici.com\/?p=35238"},"modified":"2026-02-23T18:11:17","modified_gmt":"2026-02-23T17:11:17","slug":"ile-tudy","status":"publish","type":"post","link":"https:\/\/cparici.com\/en\/ile-tudy\/","title":{"rendered":"Ile tudy, a journey from the peninsula to the Breton beach"},"content":{"rendered":"\t\t<div data-elementor-type=\"wp-post\" data-elementor-id=\"35238\" class=\"elementor elementor-35238\" data-elementor-post-type=\"post\">\n\t\t\t\t<div class=\"elementor-element elementor-element-c605727 e-con-full e-flex e-con e-parent\" data-id=\"c605727\" data-element_type=\"container\" data-e-type=\"container\">\n\t\t\t\t<div class=\"elementor-element elementor-element-4143096 elementor-widget elementor-widget-image\" data-id=\"4143096\" data-element_type=\"widget\" data-e-type=\"widget\" data-widget_type=\"image.default\">\n\t\t\t\t\t\t\t\t\t\t\t\t\t\t\t<img decoding=\"async\" width=\"1500\" height=\"477\" src=\"https:\/\/cparici.com\/wp-content\/uploads\/2024\/05\/ile-tudy.jpg\" class=\"attachment-full size-full wp-image-35239\" alt=\"ile tudy\" srcset=\"https:\/\/cparici.com\/wp-content\/uploads\/2024\/05\/ile-tudy.jpg 1500w, https:\/\/cparici.com\/wp-content\/uploads\/2024\/05\/ile-tudy-600x191.jpg 600w, https:\/\/cparici.com\/wp-content\/uploads\/2024\/05\/ile-tudy-300x95.jpg 300w, https:\/\/cparici.com\/wp-content\/uploads\/2024\/05\/ile-tudy-1024x326.jpg 1024w, https:\/\/cparici.com\/wp-content\/uploads\/2024\/05\/ile-tudy-768x244.jpg 768w\" sizes=\"(max-width: 1500px) 100vw, 1500px\" \/>\t\t\t\t\t\t\t\t\t\t\t\t\t\t\t<\/div>\n\t\t\t\t<\/div>\n\t\t<aside class=\"elementor-element elementor-element-0a9216d e-flex e-con-boxed e-con e-parent\" data-id=\"0a9216d\" data-element_type=\"container\" data-e-type=\"container\">\n\t\t\t\t\t<div class=\"e-con-inner\">\n\t\t\t\t<div class=\"elementor-element elementor-element-e5f81f4 elementor-widget elementor-widget-global elementor-global-62046 elementor-widget-eael-advanced-search\" data-id=\"e5f81f4\" data-element_type=\"widget\" data-e-type=\"widget\" data-widget_type=\"eael-advanced-search.default\">\n\t\t\t\t\t        <div class=\"eael-adv-search-wrapper\">\n            <div id=\"eael-advanced-search-widget-e5f81f4\" class=\"eael-advanced-search-widget\">\n                <form data-settings=\"{&quot;post_per_page&quot;:5,&quot;search_among_taxonomies&quot;:&quot;&quot;,&quot;search_among_sku&quot;:&quot;no&quot;,&quot;show_popular_keyword&quot;:0,&quot;show_category&quot;:0,&quot;show_content_image&quot;:1,&quot;show_search_result_all_results&quot;:0,&quot;result_on_new_tab&quot;:&quot;no&quot;,&quot;show_product_price&quot;:&quot;no&quot;,&quot;include_current_page&quot;:&quot;no&quot;,&quot;current_post_id&quot;:35238,&quot;post_type&quot;:[&quot;post&quot;,&quot;listing&quot;]}\" method=\"POST\" name=\"eael-advanced-search-form-e5f81f4\" class=\"eael-advanced-search-form eael-advanced-search-form-style-2\">\n                    <div class=\"eael-advanced-search-wrap\">\n                        <span class=\"eael-adv-search-loader\"><\/span>\n                        <span class=\"eael-adv-search-close\"><i class=\"fas fa-times\"><\/i><\/span>\n                        <span class=\"icon \"><i class=\"fas fa-search\"><\/i><\/span>\n\n                        <input type=\"text\"\n                               placeholder=\"Votre destination\"\n                               class=\"eael-advanced-search\" autocomplete=\"off\" name=\"eael_advanced_search\">\n                    <\/div>\n\t\t\t\t\t                                    <\/form>\n\n\t\t\t\t\n\t\t\t\t        <div class=\"eael-advanced-search-result\">\n            <div class=\"eael-advanced-search-popular-keyword\">\n\t\t\t\t<h4 class=\"eael-advanced-search-popular-keyword-text\">Recherches populaires<\/h4>                <div class=\"eael-popular-keyword-content\"><\/div>\n            <\/div>\n            <div class=\"eael-advanced-search-category\">\n\t\t\t\t<h4 class=\"eael-advanced-search-category-text\">Categories<\/h4>                <div class=\"eael-popular-category-content\"><\/div>\n            <\/div>\n\t\t\t<div class=\"eael-advanced-search-total-results-section\">\n\t\t\t\t\t\t\t<\/div>\n            <div class=\"eael-advanced-search-content eael-item-style-3\">\n            <\/div>\n            <div class=\"eael-advanced-search-not-found\">\n                <p>Pas de r\u00e9sultats<\/p><\/div>\n            <div class=\"eael-advanced-search-load-more\">\n\t\t\t\t<a \tclass=\"eael-advanced-search-load-more-button\"\n                \thref=\"#\">Voir tous les r\u00e9sultats<\/a>\n            <\/div>\n        <\/div>\n\n\t\t            <\/div>\n        <\/div>\n\n\t\t\t\t\t\t<\/div>\n\t\t\t\t\t<\/div>\n\t\t\t\t<\/aside>\n\t\t<div class=\"elementor-element elementor-element-1fad21f e-flex e-con-boxed e-con e-parent\" data-id=\"1fad21f\" data-element_type=\"container\" data-e-type=\"container\">\n\t\t\t\t\t<div class=\"e-con-inner\">\n\t\t\t\t<div class=\"elementor-element elementor-element-4e1c6f3b elementor-widget elementor-widget-text-editor\" data-id=\"4e1c6f3b\" data-element_type=\"widget\" data-e-type=\"widget\" data-widget_type=\"text-editor.default\">\n\t\t\t\t\t\t\t\t\t<h1 style=\"text-align: center;\"><span style=\"font-size: 18pt;\"><strong>L&#8217;Ile Tudy<\/strong><\/span><\/h1><p><strong>L&#8217;Ile Tudy invite \u00e0 une \u00e9vasion pittoresque, de ses paysages de p\u00e9ninsule jusqu&#8217;aux plages bretonnes<\/strong> enchanteresses. Ce charmant village du <a href=\"https:\/\/cparici.com\/fr\/visiter-le-finistere-guide-ultime-des-lieux-a-decouvrir\/\">Finist\u00e8re<\/a>, nich\u00e9 \u00e0 seulement 20 km au sud de <a href=\"https:\/\/cparici.com\/fr\/visiter-quimper-top-des-lieux-incontournables-et-secrets\/\">Quimper<\/a>, d\u00e9voile une richesse culturelle, historique et naturelle exceptionnelle.<\/p>\t\t\t\t\t\t\t\t<\/div>\n\t\t\t\t\t<\/div>\n\t\t\t\t<\/div>\n\t\t<aside class=\"elementor-element elementor-element-4c5b8997 e-flex e-con-boxed e-con e-parent\" data-id=\"4c5b8997\" data-element_type=\"container\" data-e-type=\"container\" data-settings=\"{&quot;background_background&quot;:&quot;classic&quot;}\">\n\t\t\t\t\t<div class=\"e-con-inner\">\n\t\t\t\t<div class=\"elementor-element elementor-element-429fc7d0 elementor-widget elementor-widget-spacer\" data-id=\"429fc7d0\" data-element_type=\"widget\" data-e-type=\"widget\" data-widget_type=\"spacer.default\">\n\t\t\t\t\t\t\t<div class=\"elementor-spacer\">\n\t\t\t<div class=\"elementor-spacer-inner\"><\/div>\n\t\t<\/div>\n\t\t\t\t\t\t<\/div>\n\t\t\t\t<div class=\"elementor-element elementor-element-281790ed elementor-widget elementor-widget-heading\" data-id=\"281790ed\" data-element_type=\"widget\" data-e-type=\"widget\" data-widget_type=\"heading.default\">\n\t\t\t\t\t<h2 class=\"elementor-heading-title elementor-size-default\">H\u00e9bergements de Vacances en direct<\/h2>\t\t\t\t<\/div>\n\t\t\t\t<div class=\"elementor-element elementor-element-3d1b5c4f elementor-widget elementor-widget-listeo-listings-carousel\" data-id=\"3d1b5c4f\" data-element_type=\"widget\" data-e-type=\"widget\" data-widget_type=\"listeo-listings-carousel.default\">\n\t\t\t\t<div class=\"elementor-widget-container\">\n\t\t\t\t\t        <!-- Carousel \/ Start -->\n        \t<div class=\"simple-slick-carousel dots-nav\" data-slick='{&quot;autoplay&quot;:true,&quot;autoplaySpeed&quot;:3000,&quot;slidesToShow&quot;:3,&quot;slidesToScroll&quot;:1,&quot;responsive&quot;:[{&quot;breakpoint&quot;:1024,&quot;settings&quot;:{&quot;slidesToShow&quot;:2,&quot;slidesToScroll&quot;:1}},{&quot;breakpoint&quot;:768,&quot;settings&quot;:{&quot;slidesToShow&quot;:1,&quot;slidesToScroll&quot;:1}}]}'>\n                            <div class=\"fw-carousel-item\">                    \n                        <!-- Listing Item -->\r\n            <div class=\"col-lg-6 col-md-12\">\r\n                <a href=\"https:\/\/cparici.com\/en\/annonce\/l-appart-quimperois\/\"  class=\"listing-item-container listing-geo-data compact\" \r\n\t\tdata-title=\"L\u2019 Appart Quimp\u00e9rois\"\r\n\t\tdata-listing-type=\"rental\"\r\n\t\tdata-classifieds-price=\"&euro;\"\r\n\t\tdata-friendly-address=\"Quimper, France\"\r\n\t\tdata-address=\"Quimper, France\"\r\n\t\tdata-image=\"https:\/\/cparici.com\/wp-content\/uploads\/2025\/10\/IMG_2378-520x397.jpeg\"\r\n\t\tdata-longitude=\"-4.0996181\"\r\n\t\tdata-latitude=\"48.0000428\"\r\n\t\t\t\t\tdata-rating=\"0\"\r\n\t\t\tdata-reviews=\"0\"\r\n\t\t\t\tdata-icon=\"&lt;svg xmlns=&quot;http:\/\/www.w3.org\/2000\/svg&quot; width=&quot;800px&quot; height=&quot;800px&quot; viewBox=&quot;0 0 45 45&quot; fill=&quot;none&quot;&gt;\n&lt;path d=&quot;M24.155 8.78099L24.33 8.94499L37.402 21.787L36 23.213L34.2 21.445L34.201 35C34.201 36.054 33.385 36.918 32.35 36.994L32.201 37H12.201C11.147 37 10.283 36.184 10.206 35.149L10.201 35L10.2 21.446L8.402 23.213L7 21.787L20.058 8.95799C21.171 7.82199 22.966 7.75899 24.155 8.78099ZM21.569 10.285L21.473 10.372L12.2 19.481L12.201 35L17.2 34.999L17.201 25C17.201 23.946 18.017 23.082 19.052 23.005L19.201 23H25.201C26.255 23 27.119 23.816 27.196 24.851L27.201 25L27.2 34.999L32.201 35L32.2 19.48L22.901 10.344C22.537 9.98699 21.969 9.96499 21.569 10.285ZM25.201 25H19.201L19.2 34.999H25.2L25.201 25Z&quot; fill=&quot;#3C3C3C&quot;\/&gt;\n&lt;\/svg&gt;\"\r\n\r\n\t>\r\n            <div class=\"listing-item  featured-listing\">\r\n                <div class=\"listing-small-badges-container\">\r\n                                            <div class=\"listing-small-badge featured-badge\"><i class=\"fa fa-star\"><\/i> Featured<\/div>\r\n                                                                <div class=\"listing-small-badge pricing-badge\"><i class=\"fa fa-tag\"><\/i>85.00&euro; - 140.00&euro;<\/div>\r\n                                                            \r\n                                        \r\n                                        \r\n                <\/div>\r\n                <img decoding=\"async\" src=\"https:\/\/cparici.com\/wp-content\/uploads\/2025\/10\/IMG_2378-520x397.jpeg\" alt=\"L\u2019 Appart Quimp\u00e9rois\" class=\"listing-thumbnail\">\r\n                \r\n\r\n                <div class=\"listing-item-content\">\r\n                    \r\n                    <h3> L\u2019 Appart Quimp\u00e9rois <\/h3>\r\n                    <span>Quimper, France<\/span>\r\n                <\/div>\r\n                                        <span class=\"save like-icon tooltip left\" title=\"Login To Bookmark Items\"><\/span>\r\n                                                <\/div>\r\n        <\/a>\r\n                    <\/div>\r\n        \r\n\r\n        <!-- Listing Item \/ End -->\n                    <\/div>\n                                      <div class=\"fw-carousel-item\">                    \n                        <!-- Listing Item -->\r\n            <div class=\"col-lg-6 col-md-12\">\r\n                <a href=\"https:\/\/cparici.com\/en\/annonce\/le-70-sainte-marine-grande-maison-de-vacances-charme-confort-en-finistere-sud-bretagne\/\"  class=\"listing-item-container listing-geo-data compact\" \r\n\t\tdata-title=\"\u00a0Le 70 Sainte Marine \u2013 Grande maison de vacances charme &amp; confort en Finist\u00e8re Sud (Bretagne)\"\r\n\t\tdata-listing-type=\"rental\"\r\n\t\tdata-classifieds-price=\"&euro;\"\r\n\t\tdata-friendly-address=\"Sainte-Marine (Combrit)\"\r\n\t\tdata-address=\"Sainte-Marine (Combrit)\"\r\n\t\tdata-image=\"https:\/\/cparici.com\/wp-content\/uploads\/2025\/07\/Bienvenue-Welcome-Sainte-Marine-Brittany-520x397.jpg\"\r\n\t\tdata-longitude=\"-4.123866599999999\"\r\n\t\tdata-latitude=\"47.874164\"\r\n\t\t\t\t\tdata-rating=\"5\"\r\n\t\t\tdata-reviews=\"8\"\r\n\t\t\t\tdata-icon=\"&lt;svg xmlns=&quot;http:\/\/www.w3.org\/2000\/svg&quot; width=&quot;800px&quot; height=&quot;800px&quot; viewBox=&quot;0 0 45 45&quot; fill=&quot;none&quot;&gt;\n&lt;path d=&quot;M24.155 8.78099L24.33 8.94499L37.402 21.787L36 23.213L34.2 21.445L34.201 35C34.201 36.054 33.385 36.918 32.35 36.994L32.201 37H12.201C11.147 37 10.283 36.184 10.206 35.149L10.201 35L10.2 21.446L8.402 23.213L7 21.787L20.058 8.95799C21.171 7.82199 22.966 7.75899 24.155 8.78099ZM21.569 10.285L21.473 10.372L12.2 19.481L12.201 35L17.2 34.999L17.201 25C17.201 23.946 18.017 23.082 19.052 23.005L19.201 23H25.201C26.255 23 27.119 23.816 27.196 24.851L27.201 25L27.2 34.999L32.201 35L32.2 19.48L22.901 10.344C22.537 9.98699 21.969 9.96499 21.569 10.285ZM25.201 25H19.201L19.2 34.999H25.2L25.201 25Z&quot; fill=&quot;#3C3C3C&quot;\/&gt;\n&lt;\/svg&gt;\"\r\n\r\n\t>\r\n            <div class=\"listing-item  \">\r\n                <div class=\"listing-small-badges-container\">\r\n                                                                <div class=\"listing-small-badge pricing-badge\"><i class=\"fa fa-tag\"><\/i>210.00&euro; - 475.00&euro;<\/div>\r\n                                                            \r\n                                        \r\n                                        \r\n                <\/div>\r\n                <img decoding=\"async\" src=\"https:\/\/cparici.com\/wp-content\/uploads\/2025\/07\/Bienvenue-Welcome-Sainte-Marine-Brittany-520x397.jpg\" alt=\"\u00a0Le 70 Sainte Marine \u2013 Grande maison de vacances charme &amp; confort en Finist\u00e8re Sud (Bretagne)\" class=\"listing-thumbnail\">\r\n                \r\n\r\n                <div class=\"listing-item-content\">\r\n                                                <div class=\"numerical-rating\" data-rating=\"5.0\"><\/div>\r\n                    \r\n                    <h3> \u00a0Le 70 Sainte Marine \u2013 Grande maison de vacances charme &amp; confort en Finist\u00e8re Sud (Bretagne) <\/h3>\r\n                    <span>Sainte-Marine (Combrit)<\/span>\r\n                <\/div>\r\n                                        <span class=\"save like-icon tooltip left\" title=\"Login To Bookmark Items\"><\/span>\r\n                                                <\/div>\r\n        <\/a>\r\n                    <\/div>\r\n        \r\n\r\n        <!-- Listing Item \/ End -->\n                    <\/div>\n                          <\/div>\n        \t\t\t\t<\/div>\n\t\t\t\t<\/div>\n\t\t\t\t\t<\/div>\n\t\t\t\t<\/aside>\n\t\t<div class=\"elementor-element elementor-element-21d5d0f e-flex e-con-boxed e-con e-parent\" data-id=\"21d5d0f\" data-element_type=\"container\" data-e-type=\"container\">\n\t\t\t\t\t<div class=\"e-con-inner\">\n\t\t\t\t<div class=\"elementor-element elementor-element-6b3940f elementor-widget elementor-widget-text-editor\" data-id=\"6b3940f\" data-element_type=\"widget\" data-e-type=\"widget\" data-widget_type=\"text-editor.default\">\n\t\t\t\t\t\t\t\t\t<p>Ce havre de paix est le lieu id\u00e9al tant pour les \u00e2mes en qu\u00eate de s\u00e9r\u00e9nit\u00e9 que pour les passionn\u00e9s d&#8217;aventures ou de d\u00e9couvertes culturelles. L&#8217;\u00cele-Tudy charme chaque visiteur par son authenticit\u00e9 et son atmosph\u00e8re accueillante.<\/p><p><strong>Cet article vous emm\u00e8ne \u00e0 la d\u00e9couverte de l&#8217;\u00cele-Tudy<\/strong>, explorant aussi bien ses racines historiques que son identit\u00e9 singuli\u00e8re. Nous vous ferons d\u00e9couvrir les tr\u00e9sors de l&#8217;\u00cele-Tudy \u2013 de ses plages immacul\u00e9es \u00e0 sa riche culture et son patrimoine pr\u00e9serv\u00e9.<\/p><p>Vous d\u00e9couvrirez aussi une s\u00e9lection d&#8217;activit\u00e9s et de suggestions pour enrichir votre s\u00e9jour \u00e0 l&#8217;\u00cele-Tudy. Pour finir, nous vous offrirons des conseils avis\u00e9s pour planifier sans accroc votre escapade \u00e0 l&#8217;\u00cele-Tudy. Pr\u00eat pour cette aventure ?<\/p><p>Alors, suivez le guide !<\/p><h2>D\u00e9couvrir l\u2019IleTudy : de ses origines \u00e0 son caract\u00e8re unique<\/h2><h3>Un voyage dans le temps : l\u2019histoire de l\u2019\u00cele-Tudy<\/h3><p>L&#8217;Ile Tudy, nomm\u00e9e d&#8217;apr\u00e8s Saint Tudy, un moine breton qui y \u00e9tablit une chapelle aux V<sup>e<\/sup> ou VI<sup>e<\/sup> si\u00e8cle, a une histoire riche et diverse. Initialement une partie de la paroisse de Combrit, consacr\u00e9e aussi \u00e0 Saint Tudy, elle devint un port florissant du XVI<sup>e<\/sup> au XVIII<sup>e<\/sup> si\u00e8cle, sp\u00e9cialis\u00e9 dans le commerce et la p\u00eache \u00e0 la sardine.<\/p><p>Au XIX<sup>e<\/sup> si\u00e8cle, avec l&#8217;\u00e9mergence des conserveries, l&#8217;\u00eele retrouve son essor \u00e9conomique. Devenant une commune en 1826, l&#8217;\u00cele-Tudy se dote d&#8217;une digue en 1852 la reliant au continent, se m\u00e9tamorphosant en presqu&#8217;\u00eele. En 1897, gr\u00e2ce \u00e0 la comtesse de Palokao, r\u00e9sidente du ch\u00e2teau du Cosquer, l\u2019\u00eele profite enfin de l&#8217;eau potable. Au XX<sup>e<\/sup> si\u00e8cle, le d\u00e9clin de l\u2019activit\u00e9 maritime transforme progressivement l\u2019\u00eele en une station baln\u00e9aire convoit\u00e9e par les artistes et les vacanciers.<\/p><h3>La g\u00e9ographie et l\u2019urbanisme : entre terre et mer<\/h3><p>Situ\u00e9e face \u00e0 Loctudy, sur la rive gauche de l&#8217;embouchure de la rivi\u00e8re de Pont-l\u2019Abb\u00e9 et \u00e0 20 km au sud de Quimper, en Pays Bigouden, l&#8217;\u00cele-Tudy \u00e9tend ses 1,26 km<sup>2<\/sup> dans un cadre enchanteur. La ville, peupl\u00e9e de 737 r\u00e9sidents en 2020, jouit d&#8217;une localisation privil\u00e9gi\u00e9e, entour\u00e9e par la commune de Combrit, la rivi\u00e8re de Pont-l\u2019Abb\u00e9 et l&#8217;anse du Pouldon.<\/p><p>Cette perle bretonne se divise en deux zones principales : le bourg, avec ses ruelles \u00e9troites et ses maisons traditionnelles de p\u00eacheurs, et le hameau de Kermor, plus moderne et r\u00e9sidentiel. L\u2019\u00cele-Tudy pr\u00e9sente une diversit\u00e9 de paysages, m\u00ealant plages, dunes, et zones humides, le tout sous un climat doux favorisant les activit\u00e9s de bord de mer et la d\u00e9tente.\u200b<\/p><h2>Les joyaux de l\u2019Ile Tudy : Plages, culture et patrimoine<\/h2><h3>Les plages incontournables de l\u2019\u00cele-Tudy<\/h3><p>Connue pour ses \u00e9tendues de sable fin sur plus de 5 km le long de la c\u00f4te, l\u2019\u00cele-Tudy se distingue notamment par la plage de T\u00e9ven, c\u00e9l\u00e8bre pour sa vue sur la baie de B\u00e9nodet et l\u2019archipel des Gl\u00e9nan. Parfaite pour la baignade, le bronzage, ou encore pour des activit\u00e9s comme le surf, le kite-surf et la voile. \u00c0 l\u2019ouest, la plage de Kermor se veut plus sauvage et tranquille, avec ses dunes et ses rochers, id\u00e9ale pour la p\u00eache \u00e0 pied, la randonn\u00e9e ou l\u2019observation des oiseaux. Chaque plage de l\u2019\u00cele-Tudy promet une exp\u00e9rience unique par la beaut\u00e9 de ses paysages maritimes.<\/p><h3>La culture et le patrimoine : \u00c9glise Saint-Tudy et la Tourelle des Perdrix<\/h3><p>L\u2019\u00cele-Tudy abrite un riche patrimoine culturel et historique, refl\u00e9tant son histoire maritime et religieuse. L\u2019\u00e9glise Saint-Tudy, \u00e9rig\u00e9e au XVIIe si\u00e8cle et d\u00e9di\u00e9e au saint patron de l\u2019\u00eele, est un monument cl\u00e9. Elle renferme un retable du XVIIIe si\u00e8cle et une statue en bois polychrome de Saint Tudy. Entour\u00e9e d\u2019un cimeti\u00e8re marin, elle constitue un hommage touchant aux marins de l\u2019\u00eele. La Tourelle des Perdrix, un ancien phare de 1845 \u00e0 la pointe sud-est, est devenue un mus\u00e9e qui expose l\u2019histoire locale, la p\u00eache et la tradition de la dentelle, avec des expositions de maquettes de bateaux, d\u2019outils de p\u00eache, de costumes traditionnels et de dentelles fines.<\/p><h3>La vie de village : traditions et modernit\u00e9 se rencontrent<\/h3><p>V\u00e9ritable village vivant et dynamique, l\u2019\u00cele-Tudy marie habilement traditions et modernit\u00e9. Fl\u00e2nez dans ses ruelles \u00e9troites, admirez les maisons de p\u00eacheurs color\u00e9es, explorez le march\u00e9 hebdomadaire ou participez aux f\u00eates locales pour ressentir l\u2019ambiance chaleureuse du village. L\u2019offre culturelle est vari\u00e9e, avec un cin\u00e9ma proposant films d\u2019art et d\u2019essai, documentaires, courts-m\u00e9trages, et un festival annuel \u00ab Si la mer monte \u00bb, c\u00e9l\u00e9brant les cultures insulaires du monde entier avec concerts, spectacles et conf\u00e9rences. L\u2019\u00cele-Tudy est un endroit au caract\u00e8re affirm\u00e9, promesse d\u2019enchantement par sa diversit\u00e9 et sa richesse.<\/p><h2>Activit\u00e9s et d\u00e9tente : Que faire \u00e0 l\u2019\u00cele-Tudy ?<\/h2><h3>Les randonn\u00e9es \u00e0 ne pas manquer sur la p\u00e9ninsule<\/h3><p>Un v\u00e9ritable paradis pour les amateurs de randonn\u00e9es, l\u2019\u00cele-Tudy offre de nombreux sentiers balis\u00e9s permettant d&#8217;explorer ses tr\u00e9sors. \u00c0 ne pas manquer, la boucle de la Pointe de Combrit r\u00e9v\u00e8le le riche patrimoine naturel et historique de la r\u00e9gion, notamment \u00e0 travers ses menhirs, son moulin \u00e0 mar\u00e9e et le phare de Sainte-Marine. La balade autour de l\u2019\u00cele-Tudy elle-m\u00eame offre une d\u00e9couverte de ses plages, de son \u00e9glise, de sa tourelle, et de son port pittoresque.<\/p><p>La boucle du Sillon, quant \u00e0 elle, m\u00e8ne \u00e0 la plage \u00e9ponyme, situ\u00e9e entre la mer et l\u2019\u00e9tang de Kermor, offrant ainsi de magnifiques panoramas sur l\u2019horizon. Ce sont des parcours accessibles \u00e0 tous, id\u00e9aux pour s\u2019impr\u00e9gner de la nature et admirer les paysages \u00e0 couper le souffle.<\/p><h3>Les sports nautiques : entre glisse et voile<\/h3><p>Spot incontournable pour les f\u00e9rus de sports nautiques, l\u2019\u00cele-Tudy promet des moments de pur plaisir sur les eaux de la baie de B\u00e9nodet. Le centre nautique de l\u2019\u00cele-Tudy, install\u00e9 sur la plage de T\u00e9ven, propose un \u00e9ventail d\u2019activit\u00e9s pour tous les niveaux : voile, kayak, paddle, surf, et kite-surf. Encadr\u00e9es par des moniteurs experts, ces disciplines sont accessibles que vous soyez novices ou exp\u00e9riment\u00e9s.<\/p><p>Il est \u00e9galement possible de louer l\u2019\u00e9quipement n\u00e9cessaire ou de participer \u00e0 des stages et des sorties en groupe. Pratiquer un sport nautique est une mani\u00e8re exceptionnelle de d\u00e9couvrir l\u2019\u00cele-Tudy sous un nouvel angle et d\u2019exp\u00e9rimenter le frisson de l\u2019aventure.<\/p><h3>Pause gourmande : Manger local et produits de la mer<\/h3><p>La d\u00e9couverte de l\u2019\u00cele-Tudy ne serait pas compl\u00e8te sans savourer ses sp\u00e9cialit\u00e9s culinaires, qui mettent \u00e0 l\u2019honneur les produits de la mer et les d\u00e9lices bretons. Les fruits de mer frais, comme les hu\u00eetres et les langoustines, sont souvent propos\u00e9s avec un verre de cidre breton pour une exp\u00e9rience gustative authentique.<\/p><p>Les cr\u00eaperies, quant \u00e0 elles, offrent un large choix de galettes et cr\u00eapes gourmandes. Pour ceux qui ont un penchant pour le sucr\u00e9, le kouign-amann, ce g\u00e2teau breton riche en beurre et en sucre, est incontournable. Restaurants, caf\u00e9s, et march\u00e9s de l\u2019\u00eele vous attendent pour d\u00e9guster ces merveilles dans une atmosph\u00e8re des plus chaleureuses.<\/p><h2>Conclusion<\/h2><p><strong>L&#8217;\u00cele-Tudy se r\u00e9v\u00e8le comme <a href=\"https:\/\/fr.wikipedia.org\/wiki\/%C3%8Ele-Tudy\" target=\"_blank\" rel=\"noopener\">une escale id\u00e9ale<\/a> pour ceux passionn\u00e9s par la Bretagne,<\/strong> d\u00e9sireux d&#8217;explorer un village qui a su pr\u00e9server son charme et son authenticit\u00e9, nich\u00e9 entre la terre ferme et l&#8217;oc\u00e9an. Ce lieu vous invite \u00e0 un passionnant voyage \u00e0 travers le temps, marqu\u00e9 par une riche histoire, une culture vibrante et un h\u00e9ritage pr\u00e9serv\u00e9.<\/p><p>Ce n&#8217;est pas seulement un voyage dans le temps que l&#8217;\u00cele-Tudy propose, mais \u00e9galement une escapade \u00e0 travers des paysages diversifi\u00e9s, des plages \u00e0 couper le souffle, et des vues spectaculaires sur la baie de B\u00e9nodet. L&#8217;\u00cele-Tudy est \u00e9galement synonyme de plaisir, gr\u00e2ce \u00e0 ses activit\u00e9s nautiques, ses randonn\u00e9es pittoresques, et sa gastronomie savoureuse. Ne tardez plus, r\u00e9servez sans attendre votre s\u00e9jour \u00e0 l&#8217;\u00cele-Tudy, et succombez au charme de ce merveilleux paradis breton !<\/p><h2>Ile Tudy &#8211; FAQ<\/h2><h3>Comment acc\u00e9der \u00e0 l&#8217;Ile Tudy ?<\/h3><p>Il existe deux mani\u00e8res d&#8217;arriver \u00e0 l&#8217;\u00eele Tudy :<\/p><ul><li>En voiture : <strong>L&#8217;\u00eele Tudy est accessible par la route puisqu&#8217;elle est en r\u00e9alit\u00e9 une presqu&#8217;\u00eele<\/strong>, connect\u00e9e au continent par un pont. Elle est situ\u00e9e en Bretagne, dans le Finist\u00e8re.<\/li><li>En bateau : Vous pouvez emprunter le Passeur, un bateau-navette qui fait la liaison entre Loctudy et l&#8217;\u00eele Tudy. Le Passeur transporte les pi\u00e9tons, les v\u00e9los et les animaux domestiques. La travers\u00e9e ne prend que 5 minutes, permettant d&#8217;\u00e9conomiser 16 km de trajet routier.<\/li><\/ul><h3>Comment s&#8217;appelle les habitants de l&#8217;\u00eele Tudy ?<\/h3><p>Les r\u00e9sidents de l&#8217;\u00eele Tudy sont nomm\u00e9s les \u00cele-Tudistes, en hommage \u00e0 Saint-Tudy, un moine fondateur d&#8217;un ermitage sur l&#8217;\u00eele durant le Ve ou VIe si\u00e8cle.<\/p><h3>O\u00f9 p\u00eacher \u00e0 l&#8217;Ile Tudy ?<\/h3><p>Les amateurs de p\u00eache \u00e0 l&#8217;\u00cele Tudy ont le choix entre des zones rocheuses et des plages de sable. Le port de Loctudy, \u00e0 proximit\u00e9, offre divers magasins et services d\u00e9di\u00e9s \u00e0 la p\u00eache pour r\u00e9pondre \u00e0 vos besoins.<\/p>\t\t\t\t\t\t\t\t<\/div>\n\t\t\t\t\t<\/div>\n\t\t\t\t<\/div>\n\t\t<aside class=\"elementor-element elementor-element-111c42da e-flex e-con-boxed e-con e-parent\" data-id=\"111c42da\" data-element_type=\"container\" data-e-type=\"container\">\n\t\t\t\t\t<div class=\"e-con-inner\">\n\t\t\t\t<div class=\"elementor-element elementor-element-2ab223e7 elementor-widget elementor-widget-listeo-posts-grid\" data-id=\"2ab223e7\" data-element_type=\"widget\" data-e-type=\"widget\" data-widget_type=\"listeo-posts-grid.default\">\n\t\t\t\t<div class=\"elementor-widget-container\">\n\t\t\t\t\t\t\t\n\t\t<div class=\"listeo-post-grid-wrapper\">\n\t\t\t<div class=\"row\">\n\n\t\t\t\n\n\t\t\t\t\t\t\t<div class=\"col-md-4\">\n                <a href=\"https:\/\/cparici.com\/en\/telgruc-sur-mer\/\" class=\"blog-compact-item-container\">\n                    <div class=\"blog-compact-item\">\n                        <img decoding=\"async\" width=\"577\" height=\"171\" src=\"https:\/\/cparici.com\/wp-content\/uploads\/2024\/06\/telgruc-sur-mer.jpg\" class=\"attachment-listeo-blog-related-post size-listeo-blog-related-post wp-post-image\" alt=\"telgruc sur mer\" srcset=\"https:\/\/cparici.com\/wp-content\/uploads\/2024\/06\/telgruc-sur-mer.jpg 1812w, https:\/\/cparici.com\/wp-content\/uploads\/2024\/06\/telgruc-sur-mer-600x177.jpg 600w, https:\/\/cparici.com\/wp-content\/uploads\/2024\/06\/telgruc-sur-mer-300x89.jpg 300w, https:\/\/cparici.com\/wp-content\/uploads\/2024\/06\/telgruc-sur-mer-1024x303.jpg 1024w, https:\/\/cparici.com\/wp-content\/uploads\/2024\/06\/telgruc-sur-mer-768x227.jpg 768w, https:\/\/cparici.com\/wp-content\/uploads\/2024\/06\/telgruc-sur-mer-1536x454.jpg 1536w\" sizes=\"(max-width: 577px) 100vw, 577px\" \/><span class=\"blog-item-tag\">Bretagne<\/span>                        \n                        <div class=\"blog-compact-item-content\">\n                                                        <h3>Telgruc sur Mer &#8211; un village du Finist\u00e8re a d\u00e9couvrir<\/h3>\n                                                        <p>Explorez Telgruc-sur-Mer dans le Finist\u00e8re, ses paysages \u00e9poustouflants, ses sites historiques, ses activit\u00e9s et \u00e9v\u00e9nements...                            <\/p>\n                                                    <\/div>\n                    <\/div>\n                <\/a>\n            <\/div>\n\t\t\t<div class=\"col-md-4\">\n                <a href=\"https:\/\/cparici.com\/en\/bigoudene-bigouden\/\" class=\"blog-compact-item-container\">\n                    <div class=\"blog-compact-item\">\n                        <img decoding=\"async\" width=\"577\" height=\"202\" src=\"https:\/\/cparici.com\/wp-content\/uploads\/2024\/07\/bigoudene-bigouden-pays-de-culture.jpg\" class=\"attachment-listeo-blog-related-post size-listeo-blog-related-post wp-post-image\" alt=\"bigoud\u00e8ne bigouden pays de culture\" srcset=\"https:\/\/cparici.com\/wp-content\/uploads\/2024\/07\/bigoudene-bigouden-pays-de-culture.jpg 1510w, https:\/\/cparici.com\/wp-content\/uploads\/2024\/07\/bigoudene-bigouden-pays-de-culture-600x210.jpg 600w, https:\/\/cparici.com\/wp-content\/uploads\/2024\/07\/bigoudene-bigouden-pays-de-culture-300x105.jpg 300w, https:\/\/cparici.com\/wp-content\/uploads\/2024\/07\/bigoudene-bigouden-pays-de-culture-1024x359.jpg 1024w, https:\/\/cparici.com\/wp-content\/uploads\/2024\/07\/bigoudene-bigouden-pays-de-culture-768x269.jpg 768w\" sizes=\"(max-width: 577px) 100vw, 577px\" \/><span class=\"blog-item-tag\">Bretagne<\/span>                        \n                        <div class=\"blog-compact-item-content\">\n                                                        <h3>Bigoud\u00e8ne, bigouden : Un pays de Culture et de Traditions<\/h3>\n                                                        <p>Bigoud\u00e8ne, Bigouden - d\u00e9couvrez ce petit pays de Bretagne riche en histoire, traditions, villes pittoresques...                            <\/p>\n                                                    <\/div>\n                    <\/div>\n                <\/a>\n            <\/div>\n\t\t\t<div class=\"col-md-4\">\n                <a href=\"https:\/\/cparici.com\/en\/horaires-des-marees-concarneau\/\" class=\"blog-compact-item-container\">\n                    <div class=\"blog-compact-item\">\n                        <span class=\"blog-item-tag\">Bretagne<\/span>                        \n                        <div class=\"blog-compact-item-content\">\n                                                        <h3>Mar\u00e9e Concarneau &#8211; horaires des mar\u00e9es 2024<\/h3>\n                                                        <p>Mar\u00e9e Concarneau Mar\u00e9e Concarneau- Horaires des mar\u00e9es 2024 mis \u00e0 jour quotidiennement...                            <\/p>\n                                                    <\/div>\n                    <\/div>\n                <\/a>\n            <\/div>\n  <\/div>\n        <\/div>\n        \t\t\t\t<\/div>\n\t\t\t\t<\/div>\n\t\t\t\t\t<\/div>\n\t\t\t\t<\/aside>\n\t\t\t\t<\/div>\n\t\t","protected":false},"excerpt":{"rendered":"<p>L&#8217;\u00eele Tudy vous invite \u00e0 un voyage de la p\u00e9ninsule \u00e0 la plage bretonne. Explorez son patrimoine, sa gastronomie et sa nature pr\u00e9serv\u00e9e.<\/p>","protected":false},"author":1,"featured_media":35239,"comment_status":"closed","ping_status":"open","sticky":false,"template":"","format":"standard","meta":{"ngg_post_thumbnail":0,"footnotes":""},"categories":[862,478,479,477],"tags":[],"class_list":["post-35238","post","type-post","status-publish","format-standard","has-post-thumbnail","hentry","category-ile-tudy","category-bretagne","category-finistere","category-france"],"_links":{"self":[{"href":"https:\/\/cparici.com\/en\/wp-json\/wp\/v2\/posts\/35238","targetHints":{"allow":["GET"]}}],"collection":[{"href":"https:\/\/cparici.com\/en\/wp-json\/wp\/v2\/posts"}],"about":[{"href":"https:\/\/cparici.com\/en\/wp-json\/wp\/v2\/types\/post"}],"author":[{"embeddable":true,"href":"https:\/\/cparici.com\/en\/wp-json\/wp\/v2\/users\/1"}],"replies":[{"embeddable":true,"href":"https:\/\/cparici.com\/en\/wp-json\/wp\/v2\/comments?post=35238"}],"version-history":[{"count":0,"href":"https:\/\/cparici.com\/en\/wp-json\/wp\/v2\/posts\/35238\/revisions"}],"wp:featuredmedia":[{"embeddable":true,"href":"https:\/\/cparici.com\/en\/wp-json\/wp\/v2\/media\/35239"}],"wp:attachment":[{"href":"https:\/\/cparici.com\/en\/wp-json\/wp\/v2\/media?parent=35238"}],"wp:term":[{"taxonomy":"category","embeddable":true,"href":"https:\/\/cparici.com\/en\/wp-json\/wp\/v2\/categories?post=35238"},{"taxonomy":"post_tag","embeddable":true,"href":"https:\/\/cparici.com\/en\/wp-json\/wp\/v2\/tags?post=35238"}],"curies":[{"name":"wp","href":"https:\/\/api.w.org\/{rel}","templated":true}]}}