{"id":35320,"date":"2024-05-28T11:06:53","date_gmt":"2024-05-28T09:06:53","guid":{"rendered":"https:\/\/cparici.com\/?p=35320"},"modified":"2026-03-26T14:46:10","modified_gmt":"2026-03-26T13:46:10","slug":"riec-sur-belon-a-commune-to-discover","status":"publish","type":"post","link":"https:\/\/cparici.com\/en\/riec-sur-belon-une-commune-a-decouvrir\/","title":{"rendered":"Riec-sur-Belon - A commune to discover"},"content":{"rendered":"\t\t<div data-elementor-type=\"wp-post\" data-elementor-id=\"35320\" class=\"elementor elementor-35320\" data-elementor-post-type=\"post\">\n\t\t\t\t<div class=\"elementor-element elementor-element-4f8e063 e-con-full e-flex e-con e-parent\" data-id=\"4f8e063\" data-element_type=\"container\" data-e-type=\"container\">\n\t\t\t\t<div class=\"elementor-element elementor-element-81e84ad elementor-widget elementor-widget-image\" data-id=\"81e84ad\" data-element_type=\"widget\" data-e-type=\"widget\" data-widget_type=\"image.default\">\n\t\t\t\t\t\t\t\t\t\t\t\t\t\t\t<img decoding=\"async\" width=\"1600\" height=\"587\" src=\"https:\/\/cparici.com\/wp-content\/uploads\/2024\/05\/Riec-sur-Belon.jpg\" class=\"attachment-full size-full wp-image-54502\" alt=\"Riec sur Belon\" srcset=\"https:\/\/cparici.com\/wp-content\/uploads\/2024\/05\/Riec-sur-Belon.jpg 1600w, https:\/\/cparici.com\/wp-content\/uploads\/2024\/05\/Riec-sur-Belon-300x110.jpg 300w, https:\/\/cparici.com\/wp-content\/uploads\/2024\/05\/Riec-sur-Belon-1024x376.jpg 1024w, https:\/\/cparici.com\/wp-content\/uploads\/2024\/05\/Riec-sur-Belon-768x282.jpg 768w, https:\/\/cparici.com\/wp-content\/uploads\/2024\/05\/Riec-sur-Belon-1536x564.jpg 1536w, https:\/\/cparici.com\/wp-content\/uploads\/2024\/05\/Riec-sur-Belon-590x216.jpg 590w, https:\/\/cparici.com\/wp-content\/uploads\/2024\/05\/Riec-sur-Belon-1200x440.jpg 1200w, https:\/\/cparici.com\/wp-content\/uploads\/2024\/05\/Riec-sur-Belon-577x212.jpg 577w, https:\/\/cparici.com\/wp-content\/uploads\/2024\/05\/Riec-sur-Belon-600x220.jpg 600w\" sizes=\"(max-width: 1600px) 100vw, 1600px\" \/>\t\t\t\t\t\t\t\t\t\t\t\t\t\t\t<\/div>\n\t\t\t\t<\/div>\n\t\t<aside class=\"elementor-element elementor-element-057e0c6 e-flex e-con-boxed e-con e-parent\" data-id=\"057e0c6\" data-element_type=\"container\" data-e-type=\"container\">\n\t\t\t\t\t<div class=\"e-con-inner\">\n\t\t\t\t<div class=\"elementor-element elementor-element-0e465b8 elementor-widget elementor-widget-global elementor-global-62046 elementor-widget-eael-advanced-search\" data-id=\"0e465b8\" data-element_type=\"widget\" data-e-type=\"widget\" data-widget_type=\"eael-advanced-search.default\">\n\t\t\t\t\t        <div class=\"eael-adv-search-wrapper\">\n            <div id=\"eael-advanced-search-widget-0e465b8\" class=\"eael-advanced-search-widget\">\n                <form data-settings=\"{&quot;post_per_page&quot;:5,&quot;search_among_taxonomies&quot;:&quot;&quot;,&quot;search_among_sku&quot;:&quot;no&quot;,&quot;show_popular_keyword&quot;:0,&quot;show_category&quot;:0,&quot;show_content_image&quot;:1,&quot;show_search_result_all_results&quot;:0,&quot;result_on_new_tab&quot;:&quot;no&quot;,&quot;show_product_price&quot;:&quot;no&quot;,&quot;include_current_page&quot;:&quot;no&quot;,&quot;current_post_id&quot;:35320,&quot;post_type&quot;:[&quot;post&quot;,&quot;listing&quot;]}\" method=\"POST\" name=\"eael-advanced-search-form-0e465b8\" class=\"eael-advanced-search-form eael-advanced-search-form-style-2\">\n                    <div class=\"eael-advanced-search-wrap\">\n                        <span class=\"eael-adv-search-loader\"><\/span>\n                        <span class=\"eael-adv-search-close\"><i class=\"fas fa-times\"><\/i><\/span>\n                        <span class=\"icon \"><i class=\"fas fa-search\"><\/i><\/span>\n\n                        <input type=\"text\"\n                               placeholder=\"Votre destination\"\n                               class=\"eael-advanced-search\" autocomplete=\"off\" name=\"eael_advanced_search\">\n                    <\/div>\n\t\t\t\t\t                                    <\/form>\n\n\t\t\t\t\n\t\t\t\t        <div class=\"eael-advanced-search-result\">\n            <div class=\"eael-advanced-search-popular-keyword\">\n\t\t\t\t<h4 class=\"eael-advanced-search-popular-keyword-text\">Recherches populaires<\/h4>                <div class=\"eael-popular-keyword-content\"><\/div>\n            <\/div>\n            <div class=\"eael-advanced-search-category\">\n\t\t\t\t<h4 class=\"eael-advanced-search-category-text\">Categories<\/h4>                <div class=\"eael-popular-category-content\"><\/div>\n            <\/div>\n\t\t\t<div class=\"eael-advanced-search-total-results-section\">\n\t\t\t\t\t\t\t<\/div>\n            <div class=\"eael-advanced-search-content eael-item-style-3\">\n            <\/div>\n            <div class=\"eael-advanced-search-not-found\">\n                <p>Pas de r\u00e9sultats<\/p><\/div>\n            <div class=\"eael-advanced-search-load-more\">\n\t\t\t\t<a \tclass=\"eael-advanced-search-load-more-button\"\n                \thref=\"#\">Voir tous les r\u00e9sultats<\/a>\n            <\/div>\n        <\/div>\n\n\t\t            <\/div>\n        <\/div>\n\n\t\t\t\t\t\t<\/div>\n\t\t\t\t\t<\/div>\n\t\t\t\t<\/aside>\n\t\t<div class=\"elementor-element elementor-element-7e1b83c4 e-flex e-con-boxed e-con e-parent\" data-id=\"7e1b83c4\" data-element_type=\"container\" data-e-type=\"container\">\n\t\t\t\t\t<div class=\"e-con-inner\">\n\t\t\t\t<div class=\"elementor-element elementor-element-6690aee elementor-widget elementor-widget-text-editor\" data-id=\"6690aee\" data-element_type=\"widget\" data-e-type=\"widget\" data-widget_type=\"text-editor.default\">\n\t\t\t\t\t\t\t\t\t<h1 style=\"text-align: center;\"><span style=\"font-size: 18pt;\"><strong>Riec-sur-Belon<\/strong><\/span><\/h1><p><strong>Riec-sur-Belon, nich\u00e9 dans le Finist\u00e8re en Bretagne<\/strong>, est un charmant village connu pour ses hu\u00eetres et ses paysages pittoresques. Que vous soyez un amateur de nature, de gastronomie ou de culture, Riec-sur-B\u00e9lon a quelque chose \u00e0 offrir \u00e0 tout le monde.<\/p>\t\t\t\t\t\t\t\t<\/div>\n\t\t\t\t\t<\/div>\n\t\t\t\t<\/div>\n\t\t<aside class=\"elementor-element elementor-element-2ed7fd4e e-flex e-con-boxed e-con e-parent\" data-id=\"2ed7fd4e\" data-element_type=\"container\" data-e-type=\"container\" data-settings=\"{&quot;background_background&quot;:&quot;classic&quot;}\">\n\t\t\t\t\t<div class=\"e-con-inner\">\n\t\t\t\t<div class=\"elementor-element elementor-element-6012fe03 elementor-widget elementor-widget-spacer\" data-id=\"6012fe03\" data-element_type=\"widget\" data-e-type=\"widget\" data-widget_type=\"spacer.default\">\n\t\t\t\t\t\t\t<div class=\"elementor-spacer\">\n\t\t\t<div class=\"elementor-spacer-inner\"><\/div>\n\t\t<\/div>\n\t\t\t\t\t\t<\/div>\n\t\t\t\t<div class=\"elementor-element elementor-element-34920760 elementor-widget elementor-widget-heading\" data-id=\"34920760\" data-element_type=\"widget\" data-e-type=\"widget\" data-widget_type=\"heading.default\">\n\t\t\t\t\t<h2 class=\"elementor-heading-title elementor-size-default\">H\u00e9bergements de Vacances Riec-sur-Belon en direct<\/h2>\t\t\t\t<\/div>\n\t\t\t\t<div class=\"elementor-element elementor-element-47c5244b elementor-widget elementor-widget-listeo-listings-carousel\" data-id=\"47c5244b\" data-element_type=\"widget\" data-e-type=\"widget\" data-widget_type=\"listeo-listings-carousel.default\">\n\t\t\t\t<div class=\"elementor-widget-container\">\n\t\t\t\t\t        <!-- Carousel \/ Start -->\n        \t<div class=\"simple-slick-carousel dots-nav\" data-slick='{&quot;autoplay&quot;:true,&quot;autoplaySpeed&quot;:3000,&quot;slidesToShow&quot;:3,&quot;slidesToScroll&quot;:1,&quot;responsive&quot;:[{&quot;breakpoint&quot;:1024,&quot;settings&quot;:{&quot;slidesToShow&quot;:2,&quot;slidesToScroll&quot;:1}},{&quot;breakpoint&quot;:768,&quot;settings&quot;:{&quot;slidesToShow&quot;:1,&quot;slidesToScroll&quot;:1}}]}'>\n                            <div class=\"fw-carousel-item\">                    \n                        <!-- Listing Item -->\r\n            <div class=\"col-lg-6 col-md-12\">\r\n                <a href=\"https:\/\/cparici.com\/en\/annonce\/villa-ty-lann-doue-6-pers\/\"  class=\"listing-item-container listing-geo-data compact\" \r\n\t\tdata-title=\"Villa Ty Lann Doue, 6 Pers\"\r\n\t\tdata-listing-type=\"rental\"\r\n\t\tdata-classifieds-price=\"&euro;\"\r\n\t\tdata-friendly-address=\"Clohars-Carnoet Doelan\"\r\n\t\tdata-address=\"Clohars-Carnoet Doelan\"\r\n\t\tdata-image=\"https:\/\/cparici.com\/wp-content\/uploads\/2025\/01\/ty-lann-1-520x397.jpg\"\r\n\t\tdata-longitude=\"-3.6020136\"\r\n\t\tdata-latitude=\"47.7736491\"\r\n\t\t\t\t\tdata-rating=\"0\"\r\n\t\t\tdata-reviews=\"0\"\r\n\t\t\t\tdata-icon=\"&lt;svg xmlns=&quot;http:\/\/www.w3.org\/2000\/svg&quot; width=&quot;800px&quot; height=&quot;800px&quot; viewBox=&quot;0 0 45 45&quot; fill=&quot;none&quot;&gt;\n&lt;path d=&quot;M24.155 8.78099L24.33 8.94499L37.402 21.787L36 23.213L34.2 21.445L34.201 35C34.201 36.054 33.385 36.918 32.35 36.994L32.201 37H12.201C11.147 37 10.283 36.184 10.206 35.149L10.201 35L10.2 21.446L8.402 23.213L7 21.787L20.058 8.95799C21.171 7.82199 22.966 7.75899 24.155 8.78099ZM21.569 10.285L21.473 10.372L12.2 19.481L12.201 35L17.2 34.999L17.201 25C17.201 23.946 18.017 23.082 19.052 23.005L19.201 23H25.201C26.255 23 27.119 23.816 27.196 24.851L27.201 25L27.2 34.999L32.201 35L32.2 19.48L22.901 10.344C22.537 9.98699 21.969 9.96499 21.569 10.285ZM25.201 25H19.201L19.2 34.999H25.2L25.201 25Z&quot; fill=&quot;#3C3C3C&quot;\/&gt;\n&lt;\/svg&gt;\"\r\n\r\n\t>\r\n            <div class=\"listing-item  \">\r\n                <div class=\"listing-small-badges-container\">\r\n                                                                                \r\n                                        \r\n                                        \r\n                <\/div>\r\n                <img decoding=\"async\" src=\"https:\/\/cparici.com\/wp-content\/uploads\/2025\/01\/ty-lann-1-520x397.jpg\" alt=\"Villa Ty Lann Doue, 6 Pers\" class=\"listing-thumbnail\">\r\n                \r\n\r\n                <div class=\"listing-item-content\">\r\n                    \r\n                    <h3> Villa Ty Lann Doue, 6 Pers <\/h3>\r\n                    <span>Clohars-Carnoet Doelan<\/span>\r\n                <\/div>\r\n                                        <span class=\"save like-icon tooltip left\" title=\"Login To Bookmark Items\"><\/span>\r\n                                                <\/div>\r\n        <\/a>\r\n                    <\/div>\r\n        \r\n\r\n        <!-- Listing Item \/ End -->\n                    <\/div>\n                          <\/div>\n        \t\t\t\t<\/div>\n\t\t\t\t<\/div>\n\t\t\t\t\t<\/div>\n\t\t\t\t<\/aside>\n\t\t<div class=\"elementor-element elementor-element-8fa160a e-flex e-con-boxed e-con e-parent\" data-id=\"8fa160a\" data-element_type=\"container\" data-e-type=\"container\">\n\t\t\t\t\t<div class=\"e-con-inner\">\n\t\t\t\t<div class=\"elementor-element elementor-element-47b5e63 elementor-widget elementor-widget-text-editor\" data-id=\"47b5e63\" data-element_type=\"widget\" data-e-type=\"widget\" data-widget_type=\"text-editor.default\">\n\t\t\t\t\t\t\t\t\t<h2><span style=\"font-size: 18pt;\">Situation G\u00e9ographique<\/span><\/h2><h3>Localisation et Acc\u00e8s<\/h3><p>Situ\u00e9 dans le sud du <a href=\"https:\/\/cparici.com\/fr\/visiter-le-finistere-guide-ultime-des-lieux-a-decouvrir\/\">Finist\u00e8re<\/a>, Riec-sur-B\u00e9lon se trouve entre Quimperl\u00e9 et <a href=\"https:\/\/cparici.com\/fr\/pont-aven-guide-complet-pour-explorer-la-ville-et-ses-musees\/\">Pont-Aven<\/a>. Accessible par la route et \u00e0 proximit\u00e9 de la c\u00f4te, ce village offre une escapade parfaite loin de l&#8217;agitation urbaine.<\/p><h3>Climat et Environnement<\/h3><p>Le climat temp\u00e9r\u00e9 oc\u00e9anique de la r\u00e9gion garantit des hivers doux et des \u00e9t\u00e9s agr\u00e9ables, parfait pour des vacances toute l&#8217;ann\u00e9e. Les paysages verdoyants et les rivi\u00e8res ajoutent au charme naturel de Riec-sur-B\u00e9lon.<\/p><h2><span style=\"font-size: 18pt;\">Riec sur Belon &#8211; Activit\u00e9s et \u00c9v\u00e9nements Culturels<\/span><\/h2><h3>Activit\u00e9s de Plein Air<\/h3><h4>Randonn\u00e9e et Cyclisme<\/h4><p>Les sentiers de randonn\u00e9e comme le GR34 offrent des vues imprenables sur la c\u00f4te et les bois environnants. Le cyclisme est \u00e9galement populaire avec des pistes bien entretenues.<\/p><h4>Sports Nautiques<\/h4><p>Les rivi\u00e8res de B\u00e9lon et de l&#8217;Aven offrent des opportunit\u00e9s pour le kayak, la voile, et la p\u00eache. Les amateurs de sports nautiques y trouveront leur bonheur.<\/p><h3>\u00c9v\u00e9nements Culturels<\/h3><ul data-sourcepos=\"3:1-3:55\"><li data-sourcepos=\"3:1-3:55\"><p data-sourcepos=\"3:3-4:46\"><strong>Festival Plein&#8217;R &#8211; F\u00eate bio de Riec<\/strong>: Ce festival a lieu tous les ans au mois d&#8217;avril et propose des concerts, des spectacles, des ateliers et des conf\u00e9rences sur le th\u00e8me de l&#8217;agriculture biologique et du d\u00e9veloppement durable.<\/p><div class=\"attachment-container search-images\">\u00a0<\/div><\/li><li data-sourcepos=\"5:1-6:0\"><p data-sourcepos=\"5:3-5:217\"><strong>F\u00eate de l&#8217;hu\u00eetre<\/strong> : Cette f\u00eate a lieu tous les ans au mois de juillet et met \u00e0 l&#8217;honneur l&#8217;hu\u00eetre de Belon, une sp\u00e9cialit\u00e9 locale. Au programme : d\u00e9gustations, vente d&#8217;hu\u00eetres, animations musicales et spectacles.<\/p><\/li><li data-sourcepos=\"7:1-7:198\"><p data-sourcepos=\"7:3-7:198\"><strong>Les Rias<\/strong>: Ce festival de th\u00e9\u00e2tre de rue a lieu tous les ans au mois d&#8217;ao\u00fbt dans plusieurs communes du Quimperl\u00e9, dont Riec-sur-B\u00e9lon. Au programme : spectacles de rue, animations et ateliers.<\/p><div class=\"attachment-container search-images\">\u00a0<\/div><\/li><li data-sourcepos=\"9:1-10:47\"><p data-sourcepos=\"9:3-10:47\"><strong>Traditions du B\u00e9lon<\/strong>: Cette manifestation a lieu tous les ans au mois de septembre et propose des animations autour des traditions locales, telles que la p\u00eache \u00e0 pied, la vannerie et la musique bretonne.<\/p><div class=\"attachment-container search-images\">\u00a0<\/div><\/li><li data-sourcepos=\"11:1-12:0\"><p data-sourcepos=\"11:3-11:129\"><strong>Cin\u00e9ma en plein air<\/strong> : Des s\u00e9ances de cin\u00e9ma en plein air sont organis\u00e9es tout l&#8217;\u00e9t\u00e9 dans le centre-ville de Riec-sur-B\u00e9lon.<\/p><\/li><li data-sourcepos=\"11:1-12:0\"><strong>Fest-Noz:<\/strong> Participez \u00e0 cette f\u00eate traditionnelle bretonne avec de la musique et des danses folkloriques, offrant une v\u00e9ritable immersion culturelle.<\/li><\/ul><h2 data-sourcepos=\"13:1-13:29\"><span style=\"font-size: 18pt;\">March\u00e9s \u00e0 Riec-sur-B\u00e9lon\u00a0<\/span><\/h2><ul data-sourcepos=\"15:1-17:167\"><li data-sourcepos=\"15:1-16:0\"><p data-sourcepos=\"15:3-15:213\"><strong>March\u00e9 hebdomadaire<\/strong> : Un march\u00e9 a lieu tous les mercredis matins sur la place de la Mairie. Vous y trouverez des produits frais locaux, tels que des fruits, des l\u00e9gumes, des fleurs, du fromage et du poisson.<\/p><\/li><li data-sourcepos=\"17:1-17:167\"><p data-sourcepos=\"17:3-17:167\"><strong>March\u00e9 d&#8217;\u00e9t\u00e9<\/strong> : Un march\u00e9 nocturne a lieu tous les vendredis soirs de juillet et ao\u00fbt sur le port de Riec-sur-B\u00e9lon. Vous y trouverez des produits artisanaux, des bijoux, des v\u00eatements et des produits gastronomiques.<\/p><\/li><\/ul><p data-sourcepos=\"20:1-20:328\"><strong>En plus de ces \u00e9v\u00e9nements et march\u00e9s, de nombreuses autres animations et activit\u00e9s sont propos\u00e9es \u00e0 Riec-sur-B\u00e9lon tout au long de l&#8217;ann\u00e9e. N&#8217;h\u00e9sitez pas \u00e0 consulter le site web de l&#8217;Office de Tourisme de Quimperl\u00e9 Cornouaille pour plus d&#8217;informations :<\/strong> <a class=\"traceable-link\" href=\"https:\/\/www.quimper-tourisme.bzh\/\" target=\"_blank\" rel=\"noopener noreferrer\">https:\/\/www.quimper-tourisme.bzh\/<\/a><\/p><h2><span style=\"font-size: 18pt;\">Sites \u00e0 Visiter<\/span><\/h2><h3>La Rivi\u00e8re de B\u00e9lon<\/h3><p>Connue pour ses hu\u00eetres, la rivi\u00e8re de B\u00e9lon est un lieu idyllique pour une promenade ou une d\u00e9gustation d&#8217;hu\u00eetres directement chez les producteurs locaux.<\/p><h3>Chapelle de Tr\u00e9mor\u00e9<\/h3><p>Cette chapelle du XVIIe si\u00e8cle est un bijou architectural avec son retable en bois sculpt\u00e9 et ses vitraux color\u00e9s.<\/p><h3>Moulin \u00e0 Mar\u00e9e du H\u00e9nan<\/h3><p>Visitez ce moulin \u00e0 mar\u00e9e historique pour en apprendre davantage sur l&#8217;ing\u00e9nierie ancienne et son importance dans la vie locale.<\/p><h2><span style=\"font-size: 18pt;\">Riec sur Belon &#8211; Restaurants et Gastronomie<\/span><\/h2><h3>Les Meilleures Adresses pour D\u00e9guster les Hu\u00eetres<\/h3><h4>Chez Jacky<\/h4><p>Ce restaurant embl\u00e9matique est r\u00e9put\u00e9 pour ses hu\u00eetres fra\u00eeches et son atmosph\u00e8re conviviale. Situ\u00e9 au bord de la rivi\u00e8re, il offre une vue magnifique.<\/p><h4>La Passerelle<\/h4><p>Un autre lieu incontournable pour savourer des fruits de mer locaux, avec une carte qui met en valeur les produits frais de la r\u00e9gion.<\/p><h3>Autres D\u00e9lices Locaux<\/h3><h4>Cr\u00eaperies<\/h4><p>D\u00e9gustez les fameuses galettes bretonnes dans les cr\u00eaperies locales, accompagn\u00e9es d&#8217;un cidre artisanal.<\/p><h4>Boulangeries<\/h4><p>Ne manquez pas les pains et p\u00e2tisseries bretonnes, comme le kouign-amann, une sp\u00e9cialit\u00e9 sucr\u00e9e riche en beurre.<\/p><h2><span style=\"font-size: 18pt;\">Riec sur Belon &#8211; Foire Aux Questions (FAQ)<\/span><\/h2><h3><strong>O\u00f9 se trouve Riec-sur-B\u00e9lon?<\/strong><\/h3><p>Riec-sur-B\u00e9lon est situ\u00e9 dans le sud du Finist\u00e8re, en Bretagne, entre Quimperl\u00e9 et Pont-Aven.<\/p><h3><strong>Quelles activit\u00e9s peut-on faire \u00e0 Riec-sur-B\u00e9lon?<\/strong><\/h3><p>Les activit\u00e9s incluent la randonn\u00e9e, le cyclisme, les sports nautiques comme le kayak, et la p\u00eache.<\/p><h3><strong>Quels \u00e9v\u00e9nements culturels sont organis\u00e9s \u00e0 Riec-sur-Belon?<\/strong><\/h3><p>Les \u00e9v\u00e9nements notables comprennent la F\u00eate des Hu\u00eetres et les Fest-Noz.<\/p><h3><strong>Quels sont les sites \u00e0 ne pas manquer \u00e0 Riec-sur-B\u00e9lon?<\/strong><\/h3><p>Les sites incontournables incluent la Rivi\u00e8re de B\u00e9lon, la Chapelle de Tr\u00e9mor\u00e9, et le Moulin \u00e0 Mar\u00e9e du H\u00e9nan.<\/p><h3><strong>Quels sont les meilleurs restaurants \u00e0 Riec-sur-B\u00e9lon?<\/strong><\/h3><p>Chez Jacky et La Passerelle sont r\u00e9put\u00e9s pour leurs hu\u00eetres et fruits de mer frais.<\/p><h3><strong>Quand est la meilleure p\u00e9riode pour visiter Riec-sur-B\u00e9lon?<\/strong><\/h3><p>Le village peut \u00eatre visit\u00e9 toute l&#8217;ann\u00e9e, mais les mois d&#8217;\u00e9t\u00e9 offrent un climat id\u00e9al pour profiter des activit\u00e9s en plein air et des festivals.<\/p><h2>Conclusion<\/h2><p>Riec-sur-Belon est une <a href=\"https:\/\/fr.wikipedia.org\/wiki\/Riec-sur-B%C3%A9lon\" target=\"_blank\" rel=\"noopener\">destination riche<\/a> en culture, en histoire et en beaut\u00e9 naturelle. Que vous soyez passionn\u00e9 par les activit\u00e9s de plein air, la d\u00e9couverte culturelle ou les plaisirs gastronomiques, ce charmant village breton a de quoi s\u00e9duire tout le monde.<\/p>\t\t\t\t\t\t\t\t<\/div>\n\t\t\t\t\t<\/div>\n\t\t\t\t<\/div>\n\t\t\t\t<\/div>\n\t\t","protected":false},"excerpt":{"rendered":"<p>Explore Riec-sur-B\u00e9lon, a picturesque village in Finist\u00e8re, rich in culture, sights, activities and gastronomic delights.<\/p>","protected":false},"author":1,"featured_media":54502,"comment_status":"closed","ping_status":"open","sticky":false,"template":"","format":"standard","meta":{"ngg_post_thumbnail":0,"footnotes":""},"categories":[767,478,479,477],"tags":[],"class_list":["post-35320","post","type-post","status-publish","format-standard","has-post-thumbnail","hentry","category-riec-sur-belon","category-bretagne","category-finistere","category-france"],"_links":{"self":[{"href":"https:\/\/cparici.com\/en\/wp-json\/wp\/v2\/posts\/35320","targetHints":{"allow":["GET"]}}],"collection":[{"href":"https:\/\/cparici.com\/en\/wp-json\/wp\/v2\/posts"}],"about":[{"href":"https:\/\/cparici.com\/en\/wp-json\/wp\/v2\/types\/post"}],"author":[{"embeddable":true,"href":"https:\/\/cparici.com\/en\/wp-json\/wp\/v2\/users\/1"}],"replies":[{"embeddable":true,"href":"https:\/\/cparici.com\/en\/wp-json\/wp\/v2\/comments?post=35320"}],"version-history":[{"count":9,"href":"https:\/\/cparici.com\/en\/wp-json\/wp\/v2\/posts\/35320\/revisions"}],"predecessor-version":[{"id":85161,"href":"https:\/\/cparici.com\/en\/wp-json\/wp\/v2\/posts\/35320\/revisions\/85161"}],"wp:featuredmedia":[{"embeddable":true,"href":"https:\/\/cparici.com\/en\/wp-json\/wp\/v2\/media\/54502"}],"wp:attachment":[{"href":"https:\/\/cparici.com\/en\/wp-json\/wp\/v2\/media?parent=35320"}],"wp:term":[{"taxonomy":"category","embeddable":true,"href":"https:\/\/cparici.com\/en\/wp-json\/wp\/v2\/categories?post=35320"},{"taxonomy":"post_tag","embeddable":true,"href":"https:\/\/cparici.com\/en\/wp-json\/wp\/v2\/tags?post=35320"}],"curies":[{"name":"wp","href":"https:\/\/api.w.org\/{rel}","templated":true}]}}