{"id":35612,"date":"2024-06-05T22:19:36","date_gmt":"2024-06-05T20:19:36","guid":{"rendered":"https:\/\/www.loclilala.com\/?p=35612"},"modified":"2026-01-20T09:12:28","modified_gmt":"2026-01-20T08:12:28","slug":"fort-la-pree","status":"publish","type":"post","link":"https:\/\/cparici.com\/en\/fort-la-pree\/","title":{"rendered":"Fort La Pr\u00e9e on the \u00cele de R\u00e9: Visits and practical information"},"content":{"rendered":"\t\t<div data-elementor-type=\"wp-post\" data-elementor-id=\"35612\" class=\"elementor elementor-35612\" data-elementor-post-type=\"post\">\n\t\t\t\t<div class=\"elementor-element elementor-element-2637becb e-flex e-con-boxed e-con e-parent\" data-id=\"2637becb\" data-element_type=\"container\" data-e-type=\"container\">\n\t\t\t\t\t<div class=\"e-con-inner\">\n\t\t\t\t<div class=\"elementor-element elementor-element-95ec075 elementor-widget elementor-widget-text-editor\" data-id=\"95ec075\" data-element_type=\"widget\" data-e-type=\"widget\" data-widget_type=\"text-editor.default\">\n\t\t\t\t\t\t\t\t\t<h1 style=\"text-align: center;\"><span style=\"font-size: 18pt;\">Fort La Pr\u00e9e<\/span><\/h1><h2>Histoire de Fort La Pr\u00e9e<\/h2><h3>Origines et Construction<\/h3><p><strong>Fort La Pr\u00e9e, situ\u00e9 sur <a href=\"https:\/\/www.loclilala.com\/fr\/ile-de-re-carte-guide-complet\/\" target=\"_blank\" rel=\"noopener\">l\u2019\u00cele de R\u00e9<\/a>, a \u00e9t\u00e9 construit au XVIIe si\u00e8cle<\/strong>. Il a \u00e9t\u00e9 \u00e9rig\u00e9 par les ing\u00e9nieurs du roi Louis XIII pour prot\u00e9ger l\u2019\u00eele contre les invasions ennemies. Con\u00e7u par les meilleurs architectes militaires de l\u2019\u00e9poque, ce fort est un exemple parfait de l\u2019architecture d\u00e9fensive de l\u2019\u00e9poque.<\/p><h3>Le R\u00f4le pendant les Guerres<\/h3><p>Le fort a jou\u00e9 un r\u00f4le crucial pendant les guerres, notamment pendant le si\u00e8ge de La Rochelle en 1627-1628. Sa position strat\u00e9gique a permis de contr\u00f4ler l\u2019acc\u00e8s \u00e0 l\u2019\u00eele et de prot\u00e9ger les habitants contre les attaques.<\/p><h3>\u00c9volution \u00e0 Travers les Si\u00e8cles<\/h3><p>Au fil des si\u00e8cles, Fort La Pr\u00e9e a subi plusieurs modifications et r\u00e9novations. De la fortification initiale \u00e0 la transformation en site historique, le fort a \u00e9volu\u00e9 tout en conservant son charme et son importance historique.<\/p>\t\t\t\t\t\t\t\t<\/div>\n\t\t\t\t\t<\/div>\n\t\t\t\t<\/div>\n\t\t<aside class=\"elementor-element elementor-element-5f2f1f27 e-flex e-con-boxed e-con e-parent\" data-id=\"5f2f1f27\" data-element_type=\"container\" data-e-type=\"container\" data-settings=\"{&quot;background_background&quot;:&quot;classic&quot;}\">\n\t\t\t\t\t<div class=\"e-con-inner\">\n\t\t\t\t<div class=\"elementor-element elementor-element-4d9db92a elementor-widget elementor-widget-spacer\" data-id=\"4d9db92a\" data-element_type=\"widget\" data-e-type=\"widget\" data-widget_type=\"spacer.default\">\n\t\t\t\t\t\t\t<div class=\"elementor-spacer\">\n\t\t\t<div class=\"elementor-spacer-inner\"><\/div>\n\t\t<\/div>\n\t\t\t\t\t\t<\/div>\n\t\t\t\t<div class=\"elementor-element elementor-element-6f7911de elementor-widget elementor-widget-heading\" data-id=\"6f7911de\" data-element_type=\"widget\" data-e-type=\"widget\" data-widget_type=\"heading.default\">\n\t\t\t\t\t<h2 class=\"elementor-heading-title elementor-size-default\">H\u00e9bergements de Vacances en direct<\/h2>\t\t\t\t<\/div>\n\t\t\t\t<div class=\"elementor-element elementor-element-2bb85cc9 elementor-widget elementor-widget-listeo-listings-carousel\" data-id=\"2bb85cc9\" data-element_type=\"widget\" data-e-type=\"widget\" data-widget_type=\"listeo-listings-carousel.default\">\n\t\t\t\t<div class=\"elementor-widget-container\">\n\t\t\t\t\t        <!-- Carousel \/ Start -->\n        \t<div class=\"simple-slick-carousel dots-nav\" data-slick='{&quot;autoplay&quot;:true,&quot;autoplaySpeed&quot;:3000,&quot;slidesToShow&quot;:3,&quot;slidesToScroll&quot;:1,&quot;responsive&quot;:[{&quot;breakpoint&quot;:1024,&quot;settings&quot;:{&quot;slidesToShow&quot;:2,&quot;slidesToScroll&quot;:1}},{&quot;breakpoint&quot;:768,&quot;settings&quot;:{&quot;slidesToShow&quot;:1,&quot;slidesToScroll&quot;:1}}]}'>\n                            <div class=\"fw-carousel-item\">                    \n                        <!-- Listing Item -->\r\n            <div class=\"col-lg-6 col-md-12\">\r\n                <a href=\"https:\/\/cparici.com\/en\/annonce\/le-36-maison-dhotes-piscinespa\/\" class=\"listing-item-container listing-geo-data compact\" data-title=\"Le 36 Maison d\u2019h\u00f4tes Piscine&Spa\" data-listing-type=\"rental\" data-classifieds-price=\"\u20ac\" data-friendly-address=\"36 Avenue des Vieux Moulins\" data-address=\"36 Avenue des Vieux Moulins\" data-image=\"https:\/\/cparici.com\/wp-content\/uploads\/2025\/12\/8f082204-485e-45a4-b2cf-359a6ea269b0_CkNIFlfL-2-520x397.jpg\" data-longitude=\"-1.3331261\" data-latitude=\"46.1859313\" data-rating=\"5\" data-reviews=\"190\" data-icon=\"<svg xmlns=&quot;http:\/\/www.w3.org\/2000\/svg&quot; width=&quot;800px&quot; height=&quot;800px&quot; viewBox=&quot;0 0 45 45&quot; fill=&quot;none&quot;>\n<path d=&quot;M24.155 8.78099L24.33 8.94499L37.402 21.787L36 23.213L34.2 21.445L34.201 35C34.201 36.054 33.385 36.918 32.35 36.994L32.201 37H12.201C11.147 37 10.283 36.184 10.206 35.149L10.201 35L10.2 21.446L8.402 23.213L7 21.787L20.058 8.95799C21.171 7.82199 22.966 7.75899 24.155 8.78099ZM21.569 10.285L21.473 10.372L12.2 19.481L12.201 35L17.2 34.999L17.201 25C17.201 23.946 18.017 23.082 19.052 23.005L19.201 23H25.201C26.255 23 27.119 23.816 27.196 24.851L27.201 25L27.2 34.999L32.201 35L32.2 19.48L22.901 10.344C22.537 9.98699 21.969 9.96499 21.569 10.285ZM25.201 25H19.201L19.2 34.999H25.2L25.201 25Z&quot; fill=&quot;#3C3C3C&quot;\/>\n<\/svg>\">\r\n            <div class=\"listing-item  \">\r\n                <div class=\"listing-small-badges-container\">\r\n                                                                <div class=\"listing-small-badge pricing-badge\"><i class=\"fa fa-tag\"><\/i>150.00\u20ac - 310.00\u20ac<\/div>\r\n                                                            \r\n                                        \r\n                                        \r\n                <\/div>\r\n                <img decoding=\"async\" src=\"https:\/\/cparici.com\/wp-content\/uploads\/2025\/12\/8f082204-485e-45a4-b2cf-359a6ea269b0_CkNIFlfL-2-520x397.jpg\" alt=\"Le 36 Maison d\u2019h\u00f4tes Piscine&Spa\" class=\"listing-thumbnail\">\r\n                \r\n\r\n                <div class=\"listing-item-content\">\r\n                                                <div class=\"numerical-rating\" data-rating=\"5.0\"><\/div>\r\n                    \r\n                    <h3> Le 36 Maison d\u2019h\u00f4tes Piscine&Spa <\/h3>\r\n                    <span>36 Avenue des Vieux Moulins<\/span>\r\n                <\/div>\r\n                                        <span class=\"save like-icon tooltip left\" title=\"Login To Bookmark Items\"><\/span>\r\n                                                <\/div>\r\n        <\/a>\r\n                    <\/div>\r\n        \r\n\r\n        <!-- Listing Item \/ End -->\n                    <\/div>\n                          <\/div>\n        \t\t\t\t<\/div>\n\t\t\t\t<\/div>\n\t\t\t\t\t<\/div>\n\t\t\t\t<\/aside>\n\t\t<div class=\"elementor-element elementor-element-30577c6 e-flex e-con-boxed e-con e-parent\" data-id=\"30577c6\" data-element_type=\"container\" data-e-type=\"container\">\n\t\t\t\t\t<div class=\"e-con-inner\">\n\t\t\t\t<div class=\"elementor-element elementor-element-1108654 elementor-widget elementor-widget-text-editor\" data-id=\"1108654\" data-element_type=\"widget\" data-e-type=\"widget\" data-widget_type=\"text-editor.default\">\n\t\t\t\t\t\t\t\t\t<h2>Description de Fort La Pr\u00e9e<\/h2><h3>Architecture et Structure<\/h3><p>Le fort se distingue par son architecture robuste et ses structures bien conserv\u00e9es. Les remparts, les bastions et les casemates sont des t\u00e9moins silencieux de son pass\u00e9 militaire. Chaque pierre raconte une histoire, chaque mur murmure les r\u00e9cits d\u2019un temps r\u00e9volu.<\/p><h3>Points d\u2019Int\u00e9r\u00eat<\/h3><p>Parmi les points d\u2019int\u00e9r\u00eat, on trouve la poudri\u00e8re, les anciennes casernes et le donjon. Les visiteurs peuvent \u00e9galement admirer les vues panoramiques sur l\u2019oc\u00e9an depuis les remparts.<\/p><h2>Situation G\u00e9ographique<\/h2><h3>Localisation sur l\u2019\u00cele de R\u00e9<\/h3><p>Fort La Pr\u00e9e est situ\u00e9 sur la c\u00f4te nord-est de l\u2019\u00cele de R\u00e9, pr\u00e8s de la commune de La Flotte. Sa position en bord de mer offre des vues imprenables et un acc\u00e8s facile \u00e0 la plage.<\/p><h3>Acc\u00e8s au Fort<\/h3><p>Le fort est facilement accessible en voiture, \u00e0 v\u00e9lo ou \u00e0 pied. Des panneaux de signalisation indiquent clairement le chemin \u00e0 suivre depuis les principales routes de l\u2019\u00eele.<\/p><h2>Informations Pratiques pour la Visite<\/h2><h3>Horaires d\u2019Ouverture<\/h3><p>Le fort est ouvert au public de mars \u00e0 novembre, avec des horaires sp\u00e9cifiques en fonction de la saison. En haute saison, il est ouvert tous les jours de 10h \u00e0 18h.<\/p><h3>Dur\u00e9e de la Visite<\/h3><p>La visite du fort dure environ 1h30 \u00e0 2h, selon l\u2019int\u00e9r\u00eat des visiteurs pour les diff\u00e9rentes expositions et points d\u2019int\u00e9r\u00eat.<\/p><h2>Tarifs et R\u00e9servation<\/h2><h3>Tarifs d\u2019Entr\u00e9e<\/h3><p>Les tarifs d\u2019entr\u00e9e sont de 8\u20ac pour les adultes, 5\u20ac pour les enfants de 6 \u00e0 12 ans, et gratuit pour les moins de 6 ans. Des tarifs r\u00e9duits sont disponibles pour les groupes et les familles.<\/p><h3>Billetterie et R\u00e9servations<\/h3><p>Les billets peuvent \u00eatre achet\u00e9s sur place ou en ligne. Il est recommand\u00e9 de r\u00e9server \u00e0 l\u2019avance pendant la haute saison pour \u00e9viter les files d\u2019attente.<\/p><h2>Activit\u00e9s et \u00c9v\u00e9nements<\/h2><h3>Visites Guid\u00e9es<\/h3><p>Des visites guid\u00e9es sont organis\u00e9es r\u00e9guli\u00e8rement, offrant une perspective approfondie sur l\u2019histoire et l\u2019architecture du fort. Les guides exp\u00e9riment\u00e9s partagent des anecdotes et des d\u00e9tails fascinants sur le site.<\/p><h3>\u00c9v\u00e9nements Sp\u00e9ciaux<\/h3><p>Le fort accueille \u00e9galement des \u00e9v\u00e9nements sp\u00e9ciaux tout au long de l\u2019ann\u00e9e, comme des reconstitutions historiques, des concerts et des expositions d\u2019art.<\/p><h2>Conseils pour une Visite R\u00e9ussie<\/h2><h3>Meilleure P\u00e9riode pour Visiter<\/h3><p>La meilleure p\u00e9riode pour visiter Fort La Pr\u00e9e est de mai \u00e0 septembre, lorsque le temps est agr\u00e9able et que les journ\u00e9es sont longues. \u00c9vitez les jours de pluie pour profiter pleinement de la visite.<\/p><h3>Ce qu\u2019il Faut Apporter<\/h3><p>Apportez de bonnes chaussures de marche, de l\u2019eau, et un chapeau pour vous prot\u00e9ger du soleil. N\u2019oubliez pas votre appareil photo pour capturer les magnifiques paysages et les d\u00e9tails architecturaux du fort.<\/p><h2>FAQ sur Fort La Pr\u00e9e<\/h2><p><strong>Quelle est l\u2019histoire de Fort La Pr\u00e9e ?<\/strong> Fort La Pr\u00e9e a \u00e9t\u00e9 construit au XVIIe si\u00e8cle pour prot\u00e9ger l\u2019\u00cele de R\u00e9 des invasions ennemies. Il a jou\u00e9 un r\u00f4le important pendant les guerres, notamment lors du si\u00e8ge de La Rochelle.<\/p><p><strong>Quels sont les horaires d\u2019ouverture ?<\/strong> Le fort est ouvert de mars \u00e0 novembre, avec des horaires de 10h \u00e0 18h en haute saison.<\/p><p><strong>Y a-t-il des visites guid\u00e9es ?<\/strong> Oui, des visites guid\u00e9es sont propos\u00e9es r\u00e9guli\u00e8rement pour offrir une perspective d\u00e9taill\u00e9e sur l\u2019histoire et l\u2019architecture du fort.<\/p><p><strong>Combien co\u00fbte l\u2019entr\u00e9e ?<\/strong> L\u2019entr\u00e9e co\u00fbte 8\u20ac pour les adultes, 5\u20ac pour les enfants de 6 \u00e0 12 ans, et est gratuite pour les moins de 6 ans. Des tarifs r\u00e9duits sont disponibles pour les groupes et les familles.<\/p><p><strong>O\u00f9 se situe le fort sur l\u2019\u00cele de R\u00e9 ?<\/strong> Fort La Pr\u00e9e est situ\u00e9 sur la c\u00f4te nord-est de l\u2019\u00cele de R\u00e9, pr\u00e8s de la commune de La Flotte.<\/p><p><strong>Peut-on organiser des \u00e9v\u00e9nements au fort ?<\/strong> Oui, le fort accueille divers \u00e9v\u00e9nements sp\u00e9ciaux tout au long de l\u2019ann\u00e9e, comme des reconstitutions historiques, des concerts et des expositions d\u2019art.<\/p><h3><strong>Fort la pr\u00e9e \u2013 Conclusion<\/strong><\/h3><p>Fort La Pr\u00e9e sur l\u2019\u00cele de R\u00e9 est <a href=\"https:\/\/www.google.fr\/maps\/place\/Fort+La+Pr%C3%A9e\/@46.1806484,-1.2875254,15z\/data=!4m6!3m5!1s0x4803ffbdd7613051:0x52310218553c9307!8m2!3d46.1807005!4d-1.2886948!16s%2Fm%2F05zzzh1?entry=ttu\" target=\"_blank\" rel=\"noopener\">un site historique<\/a> fascinant qui offre une plong\u00e9e dans le pass\u00e9 militaire de la r\u00e9gion. Avec ses remparts imposants, ses vues panoramiques et ses nombreuses activit\u00e9s, c\u2019est une destination incontournable pour les amateurs d\u2019histoire et les curieux. Planifiez votre visite d\u00e8s aujourd\u2019hui et d\u00e9couvrez tous les secrets de ce fort embl\u00e9matique.<\/p>\t\t\t\t\t\t\t\t<\/div>\n\t\t\t\t\t<\/div>\n\t\t\t\t<\/div>\n\t\t\t\t<\/div>\n\t\t","protected":false},"excerpt":{"rendered":"<p>D\u00e9couvrez l&#8217;histoire fascinante du Fort La Pr\u00e9e sur l&#8217;\u00cele de R\u00e9, ainsi que des informations pratiques sur la visite, les tarifs et la situation g\u00e9ographique.<\/p>","protected":false},"author":1,"featured_media":35613,"comment_status":"closed","ping_status":"open","sticky":false,"template":"","format":"standard","meta":{"ngg_post_thumbnail":0,"footnotes":""},"categories":[854,461,477,472,480],"tags":[],"class_list":["post-35612","post","type-post","status-publish","format-standard","has-post-thumbnail","hentry","category-la-flotte-en-re","category-charente-maritime","category-france","category-ile-de-re","category-poitou-charentes"],"_links":{"self":[{"href":"https:\/\/cparici.com\/en\/wp-json\/wp\/v2\/posts\/35612","targetHints":{"allow":["GET"]}}],"collection":[{"href":"https:\/\/cparici.com\/en\/wp-json\/wp\/v2\/posts"}],"about":[{"href":"https:\/\/cparici.com\/en\/wp-json\/wp\/v2\/types\/post"}],"author":[{"embeddable":true,"href":"https:\/\/cparici.com\/en\/wp-json\/wp\/v2\/users\/1"}],"replies":[{"embeddable":true,"href":"https:\/\/cparici.com\/en\/wp-json\/wp\/v2\/comments?post=35612"}],"version-history":[{"count":0,"href":"https:\/\/cparici.com\/en\/wp-json\/wp\/v2\/posts\/35612\/revisions"}],"wp:featuredmedia":[{"embeddable":true,"href":"https:\/\/cparici.com\/en\/wp-json\/wp\/v2\/media\/35613"}],"wp:attachment":[{"href":"https:\/\/cparici.com\/en\/wp-json\/wp\/v2\/media?parent=35612"}],"wp:term":[{"taxonomy":"category","embeddable":true,"href":"https:\/\/cparici.com\/en\/wp-json\/wp\/v2\/categories?post=35612"},{"taxonomy":"post_tag","embeddable":true,"href":"https:\/\/cparici.com\/en\/wp-json\/wp\/v2\/tags?post=35612"}],"curies":[{"name":"wp","href":"https:\/\/api.w.org\/{rel}","templated":true}]}}