{"id":35820,"date":"2024-06-10T08:14:54","date_gmt":"2024-06-10T06:14:54","guid":{"rendered":"https:\/\/www.loclilala.com\/?p=35820"},"modified":"2026-01-08T16:28:37","modified_gmt":"2026-01-08T15:28:37","slug":"marche-concarneau-dans-le-finistere","status":"publish","type":"post","link":"https:\/\/cparici.com\/en\/marche-concarneau-dans-le-finistere\/","title":{"rendered":"Concarneau market in Finist\u00e8re"},"content":{"rendered":"\t\t<div data-elementor-type=\"wp-post\" data-elementor-id=\"35820\" class=\"elementor elementor-35820\" data-elementor-post-type=\"post\">\n\t\t\t\t\t\t<section class=\"elementor-section elementor-top-section elementor-element elementor-element-47c47382 elementor-section-stretched elementor-section-boxed elementor-section-height-default elementor-section-height-default\" data-id=\"47c47382\" data-element_type=\"section\" data-e-type=\"section\" data-settings=\"{&quot;stretch_section&quot;:&quot;section-stretched&quot;,&quot;background_background&quot;:&quot;classic&quot;}\">\n\t\t\t\t\t\t<div class=\"elementor-container elementor-column-gap-default\">\n\t\t\t\t\t<div class=\"elementor-column elementor-col-100 elementor-top-column elementor-element elementor-element-a1d6ca9\" data-id=\"a1d6ca9\" data-element_type=\"column\" data-e-type=\"column\">\n\t\t\t<div class=\"elementor-widget-wrap elementor-element-populated\">\n\t\t\t\t\t\t<div class=\"elementor-element elementor-element-005b274 elementor-widget elementor-widget-text-editor\" data-id=\"005b274\" data-element_type=\"widget\" data-e-type=\"widget\" data-widget_type=\"text-editor.default\">\n\t\t\t\t\t\t\t\t\t<h1 style=\"text-align: center;\"><span style=\"font-size: 18pt;\">Le march\u00e9 de Concarneau<\/span><\/h1>\t\t\t\t\t\t\t\t<\/div>\n\t\t\t\t\t<\/div>\n\t\t<\/div>\n\t\t\t\t\t<\/div>\n\t\t<\/section>\n\t\t<div class=\"elementor-element elementor-element-40c46960 e-flex e-con-boxed e-con e-parent\" data-id=\"40c46960\" data-element_type=\"container\" data-e-type=\"container\">\n\t\t\t\t\t<div class=\"e-con-inner\">\n\t\t\t\t<div class=\"elementor-element elementor-element-79ce57b6 elementor-widget elementor-widget-text-editor\" data-id=\"79ce57b6\" data-element_type=\"widget\" data-e-type=\"widget\" data-widget_type=\"text-editor.default\">\n\t\t\t\t\t\t\t\t\t<p><strong>Le march\u00e9 de Concarneau,<\/strong> situ\u00e9 dans le magnifique d\u00e9partement du Finist\u00e8re, est un v\u00e9ritable joyau pour les amateurs de produits frais et locaux. Ce march\u00e9 vibrant et anim\u00e9 est le c\u0153ur de la vie sociale et \u00e9conomique de la ville, attirant aussi bien les locaux que les touristes. Avec ses stands color\u00e9s, ses odeurs all\u00e9chantes et son ambiance conviviale<strong>, le march\u00e9 de Concarneau est une exp\u00e9rience incontournable.<\/strong><\/p>\t\t\t\t\t\t\t\t<\/div>\n\t\t\t\t\t<\/div>\n\t\t\t\t<\/div>\n\t\t<div class=\"elementor-element elementor-element-375d2870 e-flex e-con-boxed e-con e-parent\" data-id=\"375d2870\" data-element_type=\"container\" data-e-type=\"container\">\n\t\t\t\t\t<div class=\"e-con-inner\">\n\t\t<div class=\"elementor-element elementor-element-113d3f8 e-con-full e-flex e-con e-child\" data-id=\"113d3f8\" data-element_type=\"container\" data-e-type=\"container\">\n\t\t\t\t<div class=\"elementor-element elementor-element-e15d8c7 elementor-widget elementor-widget-google_maps\" data-id=\"e15d8c7\" data-element_type=\"widget\" data-e-type=\"widget\" data-widget_type=\"google_maps.default\">\n\t\t\t\t\t\t\t<div class=\"elementor-custom-embed\">\n\t\t\t<iframe loading=\"lazy\"\n\t\t\t\t\tsrc=\"https:\/\/maps.google.com\/maps?q=les%20halles%20concarneau&#038;t=m&#038;z=15&#038;output=embed&#038;iwloc=near\"\n\t\t\t\t\ttitle=\"les halles concarneau\"\n\t\t\t\t\taria-label=\"les halles concarneau\"\n\t\t\t><\/iframe>\n\t\t<\/div>\n\t\t\t\t\t\t<\/div>\n\t\t\t\t<\/div>\n\t\t<div class=\"elementor-element elementor-element-561be473 e-con-full e-flex e-con e-child\" data-id=\"561be473\" data-element_type=\"container\" data-e-type=\"container\">\n\t\t\t\t<div class=\"elementor-element elementor-element-75275fa elementor-widget__width-inherit elementor-absolute elementor-widget elementor-widget-image\" data-id=\"75275fa\" data-element_type=\"widget\" data-e-type=\"widget\" data-settings=\"{&quot;_position&quot;:&quot;absolute&quot;}\" data-widget_type=\"image.default\">\n\t\t\t\t\t\t\t\t\t\t\t\t\t\t\t<img decoding=\"async\" width=\"760\" height=\"507\" src=\"https:\/\/cparici.com\/wp-content\/uploads\/2024\/06\/shutterstock_151344797-scaled-1-1024x683.jpg\" class=\"attachment-large size-large wp-image-35717\" alt=\"creperie concarneau ville close\" srcset=\"https:\/\/cparici.com\/wp-content\/uploads\/2024\/06\/shutterstock_151344797-scaled-1-1024x683.jpg 1024w, https:\/\/cparici.com\/wp-content\/uploads\/2024\/06\/shutterstock_151344797-scaled-1-600x400.jpg 600w, https:\/\/cparici.com\/wp-content\/uploads\/2024\/06\/shutterstock_151344797-scaled-1-300x200.jpg 300w, https:\/\/cparici.com\/wp-content\/uploads\/2024\/06\/shutterstock_151344797-scaled-1-768x512.jpg 768w, https:\/\/cparici.com\/wp-content\/uploads\/2024\/06\/shutterstock_151344797-scaled-1-1536x1024.jpg 1536w, https:\/\/cparici.com\/wp-content\/uploads\/2024\/06\/shutterstock_151344797-scaled-1-2048x1366.jpg 2048w\" sizes=\"(max-width: 760px) 100vw, 760px\" \/>\t\t\t\t\t\t\t\t\t\t\t\t\t\t\t<\/div>\n\t\t\t\t<\/div>\n\t\t\t\t\t<\/div>\n\t\t\t\t<\/div>\n\t\t<div class=\"elementor-element elementor-element-7988bb14 e-flex e-con-boxed e-con e-parent\" data-id=\"7988bb14\" data-element_type=\"container\" data-e-type=\"container\">\n\t\t\t\t\t<div class=\"e-con-inner\">\n\t\t\t\t<div class=\"elementor-element elementor-element-5e1339ac elementor-widget elementor-widget-text-editor\" data-id=\"5e1339ac\" data-element_type=\"widget\" data-e-type=\"widget\" data-widget_type=\"text-editor.default\">\n\t\t\t\t\t\t\t\t\t<h2><strong>Histoire et Importance Culturelle<\/strong><\/h2>\t\t\t\t\t\t\t\t<\/div>\n\t\t\t\t\t<\/div>\n\t\t\t\t<\/div>\n\t\t<div class=\"elementor-element elementor-element-137bddc0 e-flex e-con-boxed e-con e-parent\" data-id=\"137bddc0\" data-element_type=\"container\" data-e-type=\"container\">\n\t\t\t\t\t<div class=\"e-con-inner\">\n\t\t<div class=\"elementor-element elementor-element-5a982e47 e-con-full e-flex e-con e-child\" data-id=\"5a982e47\" data-element_type=\"container\" data-e-type=\"container\">\n\t\t\t\t<div class=\"elementor-element elementor-element-22d448fa elementor-widget elementor-widget-heading\" data-id=\"22d448fa\" data-element_type=\"widget\" data-e-type=\"widget\" data-widget_type=\"heading.default\">\n\t\t\t\t\t<h3 class=\"elementor-heading-title elementor-size-default\">Origines du March\u00e9<\/h3>\t\t\t\t<\/div>\n\t\t\t\t<div class=\"elementor-element elementor-element-35ddd125 elementor-widget elementor-widget-text-editor\" data-id=\"35ddd125\" data-element_type=\"widget\" data-e-type=\"widget\" data-widget_type=\"text-editor.default\">\n\t\t\t\t\t\t\t\t\t<p>Le march\u00e9 de Concarneau a une histoire riche qui remonte \u00e0 plusieurs si\u00e8cles. Initialement un simple point de rencontre pour les \u00e9changes commerciaux, <strong>il est devenu au fil du temps un lieu central de la vie quotidienne de Concarneau.<\/strong> Les premi\u00e8res traces document\u00e9es du march\u00e9 remontent au Moyen \u00c2ge, o\u00f9 les habitants se r\u00e9unissaient pour acheter et vendre des produits locaux.<\/p>\t\t\t\t\t\t\t\t<\/div>\n\t\t\t\t<\/div>\n\t\t<div class=\"elementor-element elementor-element-5df8702c e-con-full e-flex e-con e-child\" data-id=\"5df8702c\" data-element_type=\"container\" data-e-type=\"container\">\n\t\t\t\t<div class=\"elementor-element elementor-element-ad119ea elementor-widget elementor-widget-heading\" data-id=\"ad119ea\" data-element_type=\"widget\" data-e-type=\"widget\" data-widget_type=\"heading.default\">\n\t\t\t\t\t<h3 class=\"elementor-heading-title elementor-size-default\">\u00c9volution au Fil des Ans<\/h3>\t\t\t\t<\/div>\n\t\t\t\t<div class=\"elementor-element elementor-element-5962cd35 elementor-widget elementor-widget-text-editor\" data-id=\"5962cd35\" data-element_type=\"widget\" data-e-type=\"widget\" data-widget_type=\"text-editor.default\">\n\t\t\t\t\t\t\t\t\t<p>Au cours des si\u00e8cles, le march\u00e9 de Concarneau a \u00e9volu\u00e9 pour r\u00e9pondre aux besoins changeants de la population. Des am\u00e9liorations ont \u00e9t\u00e9 apport\u00e9es aux infrastructures, <strong>et les halles couvertes ont \u00e9t\u00e9 construites pour abriter les commer\u00e7ants et les acheteurs des intemp\u00e9ries.<\/strong> Aujourd\u2019hui, le march\u00e9 est un m\u00e9lange harmonieux de traditions anciennes et de modernit\u00e9, offrant une vari\u00e9t\u00e9 de produits qui refl\u00e8tent la richesse de la r\u00e9gion.<\/p>\t\t\t\t\t\t\t\t<\/div>\n\t\t\t\t<\/div>\n\t\t\t\t\t<\/div>\n\t\t\t\t<\/div>\n\t\t<aside class=\"elementor-element elementor-element-33fe7ea5 e-flex e-con-boxed e-con e-parent\" data-id=\"33fe7ea5\" data-element_type=\"container\" data-e-type=\"container\" data-settings=\"{&quot;background_background&quot;:&quot;classic&quot;}\">\n\t\t\t\t\t<div class=\"e-con-inner\">\n\t\t\t\t<div class=\"elementor-element elementor-element-71873ede elementor-widget elementor-widget-spacer\" data-id=\"71873ede\" data-element_type=\"widget\" data-e-type=\"widget\" data-widget_type=\"spacer.default\">\n\t\t\t\t\t\t\t<div class=\"elementor-spacer\">\n\t\t\t<div class=\"elementor-spacer-inner\"><\/div>\n\t\t<\/div>\n\t\t\t\t\t\t<\/div>\n\t\t\t\t<div class=\"elementor-element elementor-element-5e653515 elementor-widget elementor-widget-heading\" data-id=\"5e653515\" data-element_type=\"widget\" data-e-type=\"widget\" data-widget_type=\"heading.default\">\n\t\t\t\t\t<p class=\"elementor-heading-title elementor-size-default\">H\u00e9bergements de Vacances en direct<\/p>\t\t\t\t<\/div>\n\t\t\t\t<div class=\"elementor-element elementor-element-345f9ae3 elementor-widget elementor-widget-listeo-listings-carousel\" data-id=\"345f9ae3\" data-element_type=\"widget\" data-e-type=\"widget\" data-widget_type=\"listeo-listings-carousel.default\">\n\t\t\t\t<div class=\"elementor-widget-container\">\n\t\t\t\t\t        <!-- Carousel \/ Start -->\n        \t<div class=\"simple-slick-carousel dots-nav\" data-slick='{&quot;autoplay&quot;:true,&quot;autoplaySpeed&quot;:3000,&quot;slidesToShow&quot;:3,&quot;slidesToScroll&quot;:1,&quot;responsive&quot;:[{&quot;breakpoint&quot;:1024,&quot;settings&quot;:{&quot;slidesToShow&quot;:2,&quot;slidesToScroll&quot;:1}},{&quot;breakpoint&quot;:768,&quot;settings&quot;:{&quot;slidesToShow&quot;:1,&quot;slidesToScroll&quot;:1}}]}'>\n                            <div class=\"fw-carousel-item\">                    \n                        <!-- Listing Item -->\r\n            <div class=\"col-lg-6 col-md-12\">\r\n                <a href=\"https:\/\/cparici.com\/en\/annonce\/roby-6-pers-2\/\"  class=\"listing-item-container listing-geo-data compact\" \r\n\t\tdata-title=\"Roby, 6 Pers\"\r\n\t\tdata-listing-type=\"rental\"\r\n\t\tdata-classifieds-price=\"&euro;\"\r\n\t\tdata-friendly-address=\"Tr\u00e9gunc\"\r\n\t\tdata-address=\"Tr\u00e9gunc\"\r\n\t\tdata-image=\"https:\/\/cparici.com\/wp-content\/uploads\/2025\/01\/Roby-1-520x397.jpg\"\r\n\t\tdata-longitude=\"-3.841297699999999\"\r\n\t\tdata-latitude=\"47.8522621\"\r\n\t\t\t\t\tdata-rating=\"0\"\r\n\t\t\tdata-reviews=\"0\"\r\n\t\t\t\tdata-icon=\"&lt;svg xmlns=&quot;http:\/\/www.w3.org\/2000\/svg&quot; width=&quot;800px&quot; height=&quot;800px&quot; viewBox=&quot;0 0 45 45&quot; fill=&quot;none&quot;&gt;\n&lt;path d=&quot;M24.155 8.78099L24.33 8.94499L37.402 21.787L36 23.213L34.2 21.445L34.201 35C34.201 36.054 33.385 36.918 32.35 36.994L32.201 37H12.201C11.147 37 10.283 36.184 10.206 35.149L10.201 35L10.2 21.446L8.402 23.213L7 21.787L20.058 8.95799C21.171 7.82199 22.966 7.75899 24.155 8.78099ZM21.569 10.285L21.473 10.372L12.2 19.481L12.201 35L17.2 34.999L17.201 25C17.201 23.946 18.017 23.082 19.052 23.005L19.201 23H25.201C26.255 23 27.119 23.816 27.196 24.851L27.201 25L27.2 34.999L32.201 35L32.2 19.48L22.901 10.344C22.537 9.98699 21.969 9.96499 21.569 10.285ZM25.201 25H19.201L19.2 34.999H25.2L25.201 25Z&quot; fill=&quot;#3C3C3C&quot;\/&gt;\n&lt;\/svg&gt;\"\r\n\r\n\t>\r\n            <div class=\"listing-item  \">\r\n                <div class=\"listing-small-badges-container\">\r\n                                                                <div class=\"listing-small-badge pricing-badge\"><i class=\"fa fa-tag\"><\/i>Starts from 150.00&euro;<\/div>\r\n                                                            \r\n                                        \r\n                                        \r\n                <\/div>\r\n                <img decoding=\"async\" src=\"https:\/\/cparici.com\/wp-content\/uploads\/2025\/01\/Roby-1-520x397.jpg\" alt=\"Roby, 6 Pers\" class=\"listing-thumbnail\">\r\n                \r\n\r\n                <div class=\"listing-item-content\">\r\n                    \r\n                    <h3> Roby, 6 Pers <\/h3>\r\n                    <span>Tr\u00e9gunc<\/span>\r\n                <\/div>\r\n                                        <span class=\"save like-icon tooltip left\" title=\"Login To Bookmark Items\"><\/span>\r\n                                                <\/div>\r\n        <\/a>\r\n                    <\/div>\r\n        \r\n\r\n        <!-- Listing Item \/ End -->\n                    <\/div>\n                                      <div class=\"fw-carousel-item\">                    \n                        <!-- Listing Item -->\r\n            <div class=\"col-lg-6 col-md-12\">\r\n                <a href=\"https:\/\/cparici.com\/en\/annonce\/appartement-le-hublot-4-pers-concarneau\/\"  class=\"listing-item-container listing-geo-data compact\" \r\n\t\tdata-title=\"Appartement Le Hublot 4 Pers &#8211; Concarneau\"\r\n\t\tdata-listing-type=\"rental\"\r\n\t\tdata-classifieds-price=\"&euro;\"\r\n\t\tdata-friendly-address=\"Thalasso Concarneau\"\r\n\t\tdata-address=\"Thalasso Concarneau\"\r\n\t\tdata-image=\"https:\/\/cparici.com\/wp-content\/uploads\/2026\/04\/appartement-le-hublot-concarneau-cuisine-520x397.jpg\"\r\n\t\tdata-longitude=\"-3.9297274\"\r\n\t\tdata-latitude=\"47.8804838\"\r\n\t\t\t\t\tdata-rating=\"0\"\r\n\t\t\tdata-reviews=\"0\"\r\n\t\t\t\tdata-icon=\"&lt;svg xmlns=&quot;http:\/\/www.w3.org\/2000\/svg&quot; width=&quot;800px&quot; height=&quot;800px&quot; viewBox=&quot;0 0 45 45&quot; fill=&quot;none&quot;&gt;\n&lt;path d=&quot;M24.155 8.78099L24.33 8.94499L37.402 21.787L36 23.213L34.2 21.445L34.201 35C34.201 36.054 33.385 36.918 32.35 36.994L32.201 37H12.201C11.147 37 10.283 36.184 10.206 35.149L10.201 35L10.2 21.446L8.402 23.213L7 21.787L20.058 8.95799C21.171 7.82199 22.966 7.75899 24.155 8.78099ZM21.569 10.285L21.473 10.372L12.2 19.481L12.201 35L17.2 34.999L17.201 25C17.201 23.946 18.017 23.082 19.052 23.005L19.201 23H25.201C26.255 23 27.119 23.816 27.196 24.851L27.201 25L27.2 34.999L32.201 35L32.2 19.48L22.901 10.344C22.537 9.98699 21.969 9.96499 21.569 10.285ZM25.201 25H19.201L19.2 34.999H25.2L25.201 25Z&quot; fill=&quot;#3C3C3C&quot;\/&gt;\n&lt;\/svg&gt;\"\r\n\r\n\t>\r\n            <div class=\"listing-item  \">\r\n                <div class=\"listing-small-badges-container\">\r\n                                                                <div class=\"listing-small-badge pricing-badge\"><i class=\"fa fa-tag\"><\/i>120.00&euro; - 0.00&euro;<\/div>\r\n                                                            \r\n                                        \r\n                                        \r\n                <\/div>\r\n                <img decoding=\"async\" src=\"https:\/\/cparici.com\/wp-content\/uploads\/2026\/04\/appartement-le-hublot-concarneau-cuisine-520x397.jpg\" alt=\"Appartement Le Hublot 4 Pers &#8211; Concarneau\" class=\"listing-thumbnail\">\r\n                \r\n\r\n                <div class=\"listing-item-content\">\r\n                    \r\n                    <h3> Appartement Le Hublot 4 Pers &#8211; Concarneau <\/h3>\r\n                    <span>Thalasso Concarneau<\/span>\r\n                <\/div>\r\n                                        <span class=\"save like-icon tooltip left\" title=\"Login To Bookmark Items\"><\/span>\r\n                                                <\/div>\r\n        <\/a>\r\n                    <\/div>\r\n        \r\n\r\n        <!-- Listing Item \/ End -->\n                    <\/div>\n                                      <div class=\"fw-carousel-item\">                    \n                        <!-- Listing Item -->\r\n            <div class=\"col-lg-6 col-md-12\">\r\n                <a href=\"https:\/\/cparici.com\/en\/annonce\/viki-thalasso-2-4-pers\/\"  class=\"listing-item-container listing-geo-data compact\" \r\n\t\tdata-title=\"VIKI-Thalasso, 2-4 Pers\"\r\n\t\tdata-listing-type=\"rental\"\r\n\t\tdata-classifieds-price=\"&euro;\"\r\n\t\tdata-friendly-address=\"Les Sables Blancs\"\r\n\t\tdata-address=\"Les Sables Blancs\"\r\n\t\tdata-image=\"https:\/\/cparici.com\/wp-content\/uploads\/2025\/01\/Viki-1-520x397.jpg\"\r\n\t\tdata-longitude=\"-3.9305571\"\r\n\t\tdata-latitude=\"47.8807434\"\r\n\t\t\t\t\tdata-rating=\"0\"\r\n\t\t\tdata-reviews=\"0\"\r\n\t\t\t\tdata-icon=\"&lt;svg xmlns=&quot;http:\/\/www.w3.org\/2000\/svg&quot; width=&quot;800px&quot; height=&quot;800px&quot; viewBox=&quot;0 0 45 45&quot; fill=&quot;none&quot;&gt;\n&lt;path d=&quot;M24.155 8.78099L24.33 8.94499L37.402 21.787L36 23.213L34.2 21.445L34.201 35C34.201 36.054 33.385 36.918 32.35 36.994L32.201 37H12.201C11.147 37 10.283 36.184 10.206 35.149L10.201 35L10.2 21.446L8.402 23.213L7 21.787L20.058 8.95799C21.171 7.82199 22.966 7.75899 24.155 8.78099ZM21.569 10.285L21.473 10.372L12.2 19.481L12.201 35L17.2 34.999L17.201 25C17.201 23.946 18.017 23.082 19.052 23.005L19.201 23H25.201C26.255 23 27.119 23.816 27.196 24.851L27.201 25L27.2 34.999L32.201 35L32.2 19.48L22.901 10.344C22.537 9.98699 21.969 9.96499 21.569 10.285ZM25.201 25H19.201L19.2 34.999H25.2L25.201 25Z&quot; fill=&quot;#3C3C3C&quot;\/&gt;\n&lt;\/svg&gt;\"\r\n\r\n\t>\r\n            <div class=\"listing-item  \">\r\n                <div class=\"listing-small-badges-container\">\r\n                                                                <div class=\"listing-small-badge pricing-badge\"><i class=\"fa fa-tag\"><\/i>Starts from 97.00&euro;<\/div>\r\n                                                            \r\n                                        \r\n                                        \r\n                <\/div>\r\n                <img decoding=\"async\" src=\"https:\/\/cparici.com\/wp-content\/uploads\/2025\/01\/Viki-1-520x397.jpg\" alt=\"VIKI-Thalasso, 2-4 Pers\" class=\"listing-thumbnail\">\r\n                \r\n\r\n                <div class=\"listing-item-content\">\r\n                    \r\n                    <h3> VIKI-Thalasso, 2-4 Pers <\/h3>\r\n                    <span>Les Sables Blancs<\/span>\r\n                <\/div>\r\n                                        <span class=\"save like-icon tooltip left\" title=\"Login To Bookmark Items\"><\/span>\r\n                                                <\/div>\r\n        <\/a>\r\n                    <\/div>\r\n        \r\n\r\n        <!-- Listing Item \/ End -->\n                    <\/div>\n                                      <div class=\"fw-carousel-item\">                    \n                        <!-- Listing Item -->\r\n            <div class=\"col-lg-6 col-md-12\">\r\n                <a href=\"https:\/\/cparici.com\/en\/annonce\/l-appart-quimperois\/\"  class=\"listing-item-container listing-geo-data compact\" \r\n\t\tdata-title=\"L\u2019 Appart Quimp\u00e9rois\"\r\n\t\tdata-listing-type=\"rental\"\r\n\t\tdata-classifieds-price=\"&euro;\"\r\n\t\tdata-friendly-address=\"Quimper, France\"\r\n\t\tdata-address=\"Quimper, France\"\r\n\t\tdata-image=\"https:\/\/cparici.com\/wp-content\/uploads\/2025\/10\/IMG_2378-520x397.jpeg\"\r\n\t\tdata-longitude=\"-4.0996181\"\r\n\t\tdata-latitude=\"48.0000428\"\r\n\t\t\t\t\tdata-rating=\"0\"\r\n\t\t\tdata-reviews=\"0\"\r\n\t\t\t\tdata-icon=\"&lt;svg xmlns=&quot;http:\/\/www.w3.org\/2000\/svg&quot; width=&quot;800px&quot; height=&quot;800px&quot; viewBox=&quot;0 0 45 45&quot; fill=&quot;none&quot;&gt;\n&lt;path d=&quot;M24.155 8.78099L24.33 8.94499L37.402 21.787L36 23.213L34.2 21.445L34.201 35C34.201 36.054 33.385 36.918 32.35 36.994L32.201 37H12.201C11.147 37 10.283 36.184 10.206 35.149L10.201 35L10.2 21.446L8.402 23.213L7 21.787L20.058 8.95799C21.171 7.82199 22.966 7.75899 24.155 8.78099ZM21.569 10.285L21.473 10.372L12.2 19.481L12.201 35L17.2 34.999L17.201 25C17.201 23.946 18.017 23.082 19.052 23.005L19.201 23H25.201C26.255 23 27.119 23.816 27.196 24.851L27.201 25L27.2 34.999L32.201 35L32.2 19.48L22.901 10.344C22.537 9.98699 21.969 9.96499 21.569 10.285ZM25.201 25H19.201L19.2 34.999H25.2L25.201 25Z&quot; fill=&quot;#3C3C3C&quot;\/&gt;\n&lt;\/svg&gt;\"\r\n\r\n\t>\r\n            <div class=\"listing-item  featured-listing\">\r\n                <div class=\"listing-small-badges-container\">\r\n                                            <div class=\"listing-small-badge featured-badge\"><i class=\"fa fa-star\"><\/i> Featured<\/div>\r\n                                                                <div class=\"listing-small-badge pricing-badge\"><i class=\"fa fa-tag\"><\/i>85.00&euro; - 140.00&euro;<\/div>\r\n                                                            \r\n                                        \r\n                                        \r\n                <\/div>\r\n                <img decoding=\"async\" src=\"https:\/\/cparici.com\/wp-content\/uploads\/2025\/10\/IMG_2378-520x397.jpeg\" alt=\"L\u2019 Appart Quimp\u00e9rois\" class=\"listing-thumbnail\">\r\n                \r\n\r\n                <div class=\"listing-item-content\">\r\n                    \r\n                    <h3> L\u2019 Appart Quimp\u00e9rois <\/h3>\r\n                    <span>Quimper, France<\/span>\r\n                <\/div>\r\n                                        <span class=\"save like-icon tooltip left\" title=\"Login To Bookmark Items\"><\/span>\r\n                                                <\/div>\r\n        <\/a>\r\n                    <\/div>\r\n        \r\n\r\n        <!-- Listing Item \/ End -->\n                    <\/div>\n                                      <div class=\"fw-carousel-item\">                    \n                        <!-- Listing Item -->\r\n            <div class=\"col-lg-6 col-md-12\">\r\n                <a href=\"https:\/\/cparici.com\/en\/annonce\/appartement-le-nassau-vue-mer-2-personnes-concarneau\/\"  class=\"listing-item-container listing-geo-data compact\" \r\n\t\tdata-title=\"Appartement Le Nassau &#8211; vue mer 2 personnes Concarneau\"\r\n\t\tdata-listing-type=\"rental\"\r\n\t\tdata-classifieds-price=\"&euro;\"\r\n\t\tdata-friendly-address=\"Bd Bougainville, Concarneau\"\r\n\t\tdata-address=\"Bd Bougainville, Concarneau\"\r\n\t\tdata-image=\"https:\/\/cparici.com\/wp-content\/uploads\/2026\/04\/appartement-nassau-concarneau-520x397.jpg\"\r\n\t\tdata-longitude=\"-3.921428087197639\"\r\n\t\tdata-latitude=\"47.86981360330804\"\r\n\t\t\t\t\tdata-rating=\"0\"\r\n\t\t\tdata-reviews=\"0\"\r\n\t\t\t\tdata-icon=\"&lt;svg xmlns=&quot;http:\/\/www.w3.org\/2000\/svg&quot; width=&quot;800px&quot; height=&quot;800px&quot; viewBox=&quot;0 0 45 45&quot; fill=&quot;none&quot;&gt;\n&lt;path d=&quot;M24.155 8.78099L24.33 8.94499L37.402 21.787L36 23.213L34.2 21.445L34.201 35C34.201 36.054 33.385 36.918 32.35 36.994L32.201 37H12.201C11.147 37 10.283 36.184 10.206 35.149L10.201 35L10.2 21.446L8.402 23.213L7 21.787L20.058 8.95799C21.171 7.82199 22.966 7.75899 24.155 8.78099ZM21.569 10.285L21.473 10.372L12.2 19.481L12.201 35L17.2 34.999L17.201 25C17.201 23.946 18.017 23.082 19.052 23.005L19.201 23H25.201C26.255 23 27.119 23.816 27.196 24.851L27.201 25L27.2 34.999L32.201 35L32.2 19.48L22.901 10.344C22.537 9.98699 21.969 9.96499 21.569 10.285ZM25.201 25H19.201L19.2 34.999H25.2L25.201 25Z&quot; fill=&quot;#3C3C3C&quot;\/&gt;\n&lt;\/svg&gt;\"\r\n\r\n\t>\r\n            <div class=\"listing-item  \">\r\n                <div class=\"listing-small-badges-container\">\r\n                                                                <div class=\"listing-small-badge pricing-badge\"><i class=\"fa fa-tag\"><\/i>80.00&euro; - 0.00&euro;<\/div>\r\n                                                            \r\n                                        \r\n                                        \r\n                <\/div>\r\n                <img decoding=\"async\" src=\"https:\/\/cparici.com\/wp-content\/uploads\/2026\/04\/appartement-nassau-concarneau-520x397.jpg\" alt=\"Appartement Le Nassau &#8211; vue mer 2 personnes Concarneau\" class=\"listing-thumbnail\">\r\n                \r\n\r\n                <div class=\"listing-item-content\">\r\n                    \r\n                    <h3> Appartement Le Nassau &#8211; vue mer 2 personnes Concarneau <\/h3>\r\n                    <span>Bd Bougainville, Concarneau<\/span>\r\n                <\/div>\r\n                                        <span class=\"save like-icon tooltip left\" title=\"Login To Bookmark Items\"><\/span>\r\n                                                <\/div>\r\n        <\/a>\r\n                    <\/div>\r\n        \r\n\r\n        <!-- Listing Item \/ End -->\n                    <\/div>\n                                      <div class=\"fw-carousel-item\">                    \n                        <!-- Listing Item -->\r\n            <div class=\"col-lg-6 col-md-12\">\r\n                <a href=\"https:\/\/cparici.com\/en\/annonce\/appartement-reverie-2-pers-centre-ville-et-mer-a-pied-concarneau\/\"  class=\"listing-item-container listing-geo-data compact\" \r\n\t\tdata-title=\"Appartement R\u00eaverie 2 pers \u2013 Centre-ville et mer \u00e0 pied Concarneau\"\r\n\t\tdata-listing-type=\"rental\"\r\n\t\tdata-classifieds-price=\"&euro;\"\r\n\t\tdata-friendly-address=\"Concarneau Centre ville Plage \u00e0 pied\"\r\n\t\tdata-address=\"Concarneau Centre ville Plage \u00e0 pied\"\r\n\t\tdata-image=\"https:\/\/cparici.com\/wp-content\/uploads\/2026\/03\/appartement-concarneau-reverie-520x397.jpg\"\r\n\t\tdata-longitude=\"-3.9242893\"\r\n\t\tdata-latitude=\"47.8738589\"\r\n\t\t\t\t\tdata-rating=\"0\"\r\n\t\t\tdata-reviews=\"0\"\r\n\t\t\t\tdata-icon=\"&lt;svg xmlns=&quot;http:\/\/www.w3.org\/2000\/svg&quot; width=&quot;800px&quot; height=&quot;800px&quot; viewBox=&quot;0 0 45 45&quot; fill=&quot;none&quot;&gt;\n&lt;path d=&quot;M24.155 8.78099L24.33 8.94499L37.402 21.787L36 23.213L34.2 21.445L34.201 35C34.201 36.054 33.385 36.918 32.35 36.994L32.201 37H12.201C11.147 37 10.283 36.184 10.206 35.149L10.201 35L10.2 21.446L8.402 23.213L7 21.787L20.058 8.95799C21.171 7.82199 22.966 7.75899 24.155 8.78099ZM21.569 10.285L21.473 10.372L12.2 19.481L12.201 35L17.2 34.999L17.201 25C17.201 23.946 18.017 23.082 19.052 23.005L19.201 23H25.201C26.255 23 27.119 23.816 27.196 24.851L27.201 25L27.2 34.999L32.201 35L32.2 19.48L22.901 10.344C22.537 9.98699 21.969 9.96499 21.569 10.285ZM25.201 25H19.201L19.2 34.999H25.2L25.201 25Z&quot; fill=&quot;#3C3C3C&quot;\/&gt;\n&lt;\/svg&gt;\"\r\n\r\n\t>\r\n            <div class=\"listing-item  \">\r\n                <div class=\"listing-small-badges-container\">\r\n                                                                <div class=\"listing-small-badge pricing-badge\"><i class=\"fa fa-tag\"><\/i>Starts from 95.00&euro;<\/div>\r\n                                                            \r\n                                        \r\n                                        \r\n                <\/div>\r\n                <img decoding=\"async\" src=\"https:\/\/cparici.com\/wp-content\/uploads\/2026\/03\/appartement-concarneau-reverie-520x397.jpg\" alt=\"Appartement R\u00eaverie 2 pers \u2013 Centre-ville et mer \u00e0 pied Concarneau\" class=\"listing-thumbnail\">\r\n                \r\n\r\n                <div class=\"listing-item-content\">\r\n                    \r\n                    <h3> Appartement R\u00eaverie 2 pers \u2013 Centre-ville et mer \u00e0 pied Concarneau <\/h3>\r\n                    <span>Concarneau Centre ville Plage \u00e0 pied<\/span>\r\n                <\/div>\r\n                                        <span class=\"save like-icon tooltip left\" title=\"Login To Bookmark Items\"><\/span>\r\n                                                <\/div>\r\n        <\/a>\r\n                    <\/div>\r\n        \r\n\r\n        <!-- Listing Item \/ End -->\n                    <\/div>\n                                      <div class=\"fw-carousel-item\">                    \n                        <!-- Listing Item -->\r\n            <div class=\"col-lg-6 col-md-12\">\r\n                <a href=\"https:\/\/cparici.com\/en\/annonce\/la-plume-appartement-vue-mer-2-adultes-2-enfants-vue-mer-a-concarneau\/\"  class=\"listing-item-container listing-geo-data compact\" \r\n\t\tdata-title=\"La Plume \u2013 Appartement vue mer \u00e0 CONCARNEAU\"\r\n\t\tdata-listing-type=\"rental\"\r\n\t\tdata-classifieds-price=\"&euro;\"\r\n\t\tdata-friendly-address=\"Centre ville Concarneau, Plages \u00e0 pied\"\r\n\t\tdata-address=\"Centre ville Concarneau, Plages \u00e0 pied\"\r\n\t\tdata-image=\"https:\/\/cparici.com\/wp-content\/uploads\/2026\/04\/appartement-plume-concarneau-balcon-vue-mer-et-phare-520x397.jpg\"\r\n\t\tdata-longitude=\"-3.9175758\"\r\n\t\tdata-latitude=\"47.8690136\"\r\n\t\t\t\t\tdata-rating=\"0\"\r\n\t\t\tdata-reviews=\"0\"\r\n\t\t\t\tdata-icon=\"&lt;svg xmlns=&quot;http:\/\/www.w3.org\/2000\/svg&quot; width=&quot;800px&quot; height=&quot;800px&quot; viewBox=&quot;0 0 45 45&quot; fill=&quot;none&quot;&gt;\n&lt;path d=&quot;M24.155 8.78099L24.33 8.94499L37.402 21.787L36 23.213L34.2 21.445L34.201 35C34.201 36.054 33.385 36.918 32.35 36.994L32.201 37H12.201C11.147 37 10.283 36.184 10.206 35.149L10.201 35L10.2 21.446L8.402 23.213L7 21.787L20.058 8.95799C21.171 7.82199 22.966 7.75899 24.155 8.78099ZM21.569 10.285L21.473 10.372L12.2 19.481L12.201 35L17.2 34.999L17.201 25C17.201 23.946 18.017 23.082 19.052 23.005L19.201 23H25.201C26.255 23 27.119 23.816 27.196 24.851L27.201 25L27.2 34.999L32.201 35L32.2 19.48L22.901 10.344C22.537 9.98699 21.969 9.96499 21.569 10.285ZM25.201 25H19.201L19.2 34.999H25.2L25.201 25Z&quot; fill=&quot;#3C3C3C&quot;\/&gt;\n&lt;\/svg&gt;\"\r\n\r\n\t>\r\n            <div class=\"listing-item  \">\r\n                <div class=\"listing-small-badges-container\">\r\n                                                                <div class=\"listing-small-badge pricing-badge\"><i class=\"fa fa-tag\"><\/i>140.00&euro; - 0.00&euro;<\/div>\r\n                                                            \r\n                                        \r\n                                        \r\n                <\/div>\r\n                <img decoding=\"async\" src=\"https:\/\/cparici.com\/wp-content\/uploads\/2026\/04\/appartement-plume-concarneau-balcon-vue-mer-et-phare-520x397.jpg\" alt=\"La Plume \u2013 Appartement vue mer \u00e0 CONCARNEAU\" class=\"listing-thumbnail\">\r\n                \r\n\r\n                <div class=\"listing-item-content\">\r\n                    \r\n                    <h3> La Plume \u2013 Appartement vue mer \u00e0 CONCARNEAU <\/h3>\r\n                    <span>Centre ville Concarneau, Plages \u00e0 pied<\/span>\r\n                <\/div>\r\n                                        <span class=\"save like-icon tooltip left\" title=\"Login To Bookmark Items\"><\/span>\r\n                                                <\/div>\r\n        <\/a>\r\n                    <\/div>\r\n        \r\n\r\n        <!-- Listing Item \/ End -->\n                    <\/div>\n                                      <div class=\"fw-carousel-item\">                    \n                        <!-- Listing Item -->\r\n            <div class=\"col-lg-6 col-md-12\">\r\n                <a href=\"https:\/\/cparici.com\/en\/annonce\/villa-grand-large-12-pers-concarneau-le-cabellou\/\"  class=\"listing-item-container listing-geo-data compact\" \r\n\t\tdata-title=\"Villa Grand large 12 Pers &#8211; Concarneau &#8211; Le Cabellou\"\r\n\t\tdata-listing-type=\"rental\"\r\n\t\tdata-classifieds-price=\"&euro;\"\r\n\t\tdata-friendly-address=\"Concarneau, proche plage et centre\"\r\n\t\tdata-address=\"Concarneau, proche plage et centre\"\r\n\t\tdata-image=\"https:\/\/cparici.com\/wp-content\/uploads\/2025\/12\/maison-villa-piscine-520x397.jpg\"\r\n\t\tdata-longitude=\"-3.913984\"\r\n\t\tdata-latitude=\"47.857957\"\r\n\t\t\t\t\tdata-rating=\"0\"\r\n\t\t\tdata-reviews=\"0\"\r\n\t\t\t\tdata-icon=\"&lt;svg xmlns=&quot;http:\/\/www.w3.org\/2000\/svg&quot; width=&quot;800px&quot; height=&quot;800px&quot; viewBox=&quot;0 0 45 45&quot; fill=&quot;none&quot;&gt;\n&lt;path d=&quot;M24.155 8.78099L24.33 8.94499L37.402 21.787L36 23.213L34.2 21.445L34.201 35C34.201 36.054 33.385 36.918 32.35 36.994L32.201 37H12.201C11.147 37 10.283 36.184 10.206 35.149L10.201 35L10.2 21.446L8.402 23.213L7 21.787L20.058 8.95799C21.171 7.82199 22.966 7.75899 24.155 8.78099ZM21.569 10.285L21.473 10.372L12.2 19.481L12.201 35L17.2 34.999L17.201 25C17.201 23.946 18.017 23.082 19.052 23.005L19.201 23H25.201C26.255 23 27.119 23.816 27.196 24.851L27.201 25L27.2 34.999L32.201 35L32.2 19.48L22.901 10.344C22.537 9.98699 21.969 9.96499 21.569 10.285ZM25.201 25H19.201L19.2 34.999H25.2L25.201 25Z&quot; fill=&quot;#3C3C3C&quot;\/&gt;\n&lt;\/svg&gt;\"\r\n\r\n\t>\r\n            <div class=\"listing-item  \">\r\n                <div class=\"listing-small-badges-container\">\r\n                                                                <div class=\"listing-small-badge pricing-badge\"><i class=\"fa fa-tag\"><\/i>410.00&euro; - 450.00&euro;<\/div>\r\n                                                            \r\n                                        \r\n                                        \r\n                <\/div>\r\n                <img decoding=\"async\" src=\"https:\/\/cparici.com\/wp-content\/uploads\/2025\/12\/maison-villa-piscine-520x397.jpg\" alt=\"Villa Grand large 12 Pers &#8211; Concarneau &#8211; Le Cabellou\" class=\"listing-thumbnail\">\r\n                \r\n\r\n                <div class=\"listing-item-content\">\r\n                    \r\n                    <h3> Villa Grand large 12 Pers &#8211; Concarneau &#8211; Le Cabellou <\/h3>\r\n                    <span>Concarneau, proche plage et centre<\/span>\r\n                <\/div>\r\n                                        <span class=\"save like-icon tooltip left\" title=\"Login To Bookmark Items\"><\/span>\r\n                                                <\/div>\r\n        <\/a>\r\n                    <\/div>\r\n        \r\n\r\n        <!-- Listing Item \/ End -->\n                    <\/div>\n                                      <div class=\"fw-carousel-item\">                    \n                        <!-- Listing Item -->\r\n            <div class=\"col-lg-6 col-md-12\">\r\n                <a href=\"https:\/\/cparici.com\/en\/annonce\/le-belvedere-vue-mer-6pers\/\"  class=\"listing-item-container listing-geo-data compact\" \r\n\t\tdata-title=\"Le Belv\u00e9d\u00e8re, Vue mer 6Pers\"\r\n\t\tdata-listing-type=\"rental\"\r\n\t\tdata-classifieds-price=\"&euro;\"\r\n\t\tdata-friendly-address=\"Les Sables Blancs\"\r\n\t\tdata-address=\"Les Sables Blancs\"\r\n\t\tdata-image=\"https:\/\/cparici.com\/wp-content\/uploads\/2025\/01\/le-belvedere-3-520x397.jpg\"\r\n\t\tdata-longitude=\"-3.9304455\"\r\n\t\tdata-latitude=\"47.8818643\"\r\n\t\t\t\t\tdata-rating=\"0\"\r\n\t\t\tdata-reviews=\"0\"\r\n\t\t\t\tdata-icon=\"&lt;svg xmlns=&quot;http:\/\/www.w3.org\/2000\/svg&quot; width=&quot;800px&quot; height=&quot;800px&quot; viewBox=&quot;0 0 45 45&quot; fill=&quot;none&quot;&gt;\n&lt;path d=&quot;M24.155 8.78099L24.33 8.94499L37.402 21.787L36 23.213L34.2 21.445L34.201 35C34.201 36.054 33.385 36.918 32.35 36.994L32.201 37H12.201C11.147 37 10.283 36.184 10.206 35.149L10.201 35L10.2 21.446L8.402 23.213L7 21.787L20.058 8.95799C21.171 7.82199 22.966 7.75899 24.155 8.78099ZM21.569 10.285L21.473 10.372L12.2 19.481L12.201 35L17.2 34.999L17.201 25C17.201 23.946 18.017 23.082 19.052 23.005L19.201 23H25.201C26.255 23 27.119 23.816 27.196 24.851L27.201 25L27.2 34.999L32.201 35L32.2 19.48L22.901 10.344C22.537 9.98699 21.969 9.96499 21.569 10.285ZM25.201 25H19.201L19.2 34.999H25.2L25.201 25Z&quot; fill=&quot;#3C3C3C&quot;\/&gt;\n&lt;\/svg&gt;\"\r\n\r\n\t>\r\n            <div class=\"listing-item  \">\r\n                <div class=\"listing-small-badges-container\">\r\n                                                                <div class=\"listing-small-badge pricing-badge\"><i class=\"fa fa-tag\"><\/i>215.00&euro; - 300.00&euro;<\/div>\r\n                                                            \r\n                                        \r\n                                        \r\n                <\/div>\r\n                <img decoding=\"async\" src=\"https:\/\/cparici.com\/wp-content\/uploads\/2025\/01\/le-belvedere-3-520x397.jpg\" alt=\"Le Belv\u00e9d\u00e8re, Vue mer 6Pers\" class=\"listing-thumbnail\">\r\n                \r\n\r\n                <div class=\"listing-item-content\">\r\n                    \r\n                    <h3> Le Belv\u00e9d\u00e8re, Vue mer 6Pers <\/h3>\r\n                    <span>Les Sables Blancs<\/span>\r\n                <\/div>\r\n                                        <span class=\"save like-icon tooltip left\" title=\"Login To Bookmark Items\"><\/span>\r\n                                                <\/div>\r\n        <\/a>\r\n                    <\/div>\r\n        \r\n\r\n        <!-- Listing Item \/ End -->\n                    <\/div>\n                                      <div class=\"fw-carousel-item\">                    \n                        <!-- Listing Item -->\r\n            <div class=\"col-lg-6 col-md-12\">\r\n                <a href=\"https:\/\/cparici.com\/en\/annonce\/la-villa-du-cabellou\/\"  class=\"listing-item-container listing-geo-data compact\" \r\n\t\tdata-title=\"La Villa du Cabellou\"\r\n\t\tdata-listing-type=\"rental\"\r\n\t\tdata-classifieds-price=\"&euro;\"\r\n\t\tdata-friendly-address=\"Le Cabellou\"\r\n\t\tdata-address=\"Le Cabellou\"\r\n\t\tdata-image=\"https:\/\/cparici.com\/wp-content\/uploads\/2025\/01\/villa-le-cabellou-1-520x397.jpg\"\r\n\t\tdata-longitude=\"-3.90582\"\r\n\t\tdata-latitude=\"47.8544208\"\r\n\t\t\t\t\tdata-rating=\"0\"\r\n\t\t\tdata-reviews=\"0\"\r\n\t\t\t\tdata-icon=\"&lt;svg xmlns=&quot;http:\/\/www.w3.org\/2000\/svg&quot; width=&quot;800px&quot; height=&quot;800px&quot; viewBox=&quot;0 0 45 45&quot; fill=&quot;none&quot;&gt;\n&lt;path d=&quot;M24.155 8.78099L24.33 8.94499L37.402 21.787L36 23.213L34.2 21.445L34.201 35C34.201 36.054 33.385 36.918 32.35 36.994L32.201 37H12.201C11.147 37 10.283 36.184 10.206 35.149L10.201 35L10.2 21.446L8.402 23.213L7 21.787L20.058 8.95799C21.171 7.82199 22.966 7.75899 24.155 8.78099ZM21.569 10.285L21.473 10.372L12.2 19.481L12.201 35L17.2 34.999L17.201 25C17.201 23.946 18.017 23.082 19.052 23.005L19.201 23H25.201C26.255 23 27.119 23.816 27.196 24.851L27.201 25L27.2 34.999L32.201 35L32.2 19.48L22.901 10.344C22.537 9.98699 21.969 9.96499 21.569 10.285ZM25.201 25H19.201L19.2 34.999H25.2L25.201 25Z&quot; fill=&quot;#3C3C3C&quot;\/&gt;\n&lt;\/svg&gt;\"\r\n\r\n\t>\r\n            <div class=\"listing-item  \">\r\n                <div class=\"listing-small-badges-container\">\r\n                                                                                \r\n                                        \r\n                                        \r\n                <\/div>\r\n                <img decoding=\"async\" src=\"https:\/\/cparici.com\/wp-content\/uploads\/2025\/01\/villa-le-cabellou-1-520x397.jpg\" alt=\"La Villa du Cabellou\" class=\"listing-thumbnail\">\r\n                \r\n\r\n                <div class=\"listing-item-content\">\r\n                    \r\n                    <h3> La Villa du Cabellou <\/h3>\r\n                    <span>Le Cabellou<\/span>\r\n                <\/div>\r\n                                        <span class=\"save like-icon tooltip left\" title=\"Login To Bookmark Items\"><\/span>\r\n                                                <\/div>\r\n        <\/a>\r\n                    <\/div>\r\n        \r\n\r\n        <!-- Listing Item \/ End -->\n                    <\/div>\n                                      <div class=\"fw-carousel-item\">                    \n                        <!-- Listing Item -->\r\n            <div class=\"col-lg-6 col-md-12\">\r\n                <a href=\"https:\/\/cparici.com\/en\/annonce\/ty-noe-appartement-4-pers-concarneau\/\"  class=\"listing-item-container listing-geo-data compact\" \r\n\t\tdata-title=\"TY-NOE Appartement 4 Pers Concarneau\"\r\n\t\tdata-listing-type=\"rental\"\r\n\t\tdata-classifieds-price=\"&euro;\"\r\n\t\tdata-friendly-address=\"Concarneau Centre ville Plage \u00e0 pied\"\r\n\t\tdata-address=\"Concarneau Centre ville Plage \u00e0 pied\"\r\n\t\tdata-image=\"https:\/\/cparici.com\/wp-content\/uploads\/2026\/03\/coin-salon-ty-noe-maison-vacances-concarneau-520x397.jpg\"\r\n\t\tdata-longitude=\"-3.926947116851807\"\r\n\t\tdata-latitude=\"47.87317453571676\"\r\n\t\t\t\t\tdata-rating=\"0\"\r\n\t\t\tdata-reviews=\"0\"\r\n\t\t\t\tdata-icon=\"&lt;svg xmlns=&quot;http:\/\/www.w3.org\/2000\/svg&quot; width=&quot;800px&quot; height=&quot;800px&quot; viewBox=&quot;0 0 45 45&quot; fill=&quot;none&quot;&gt;\n&lt;path d=&quot;M24.155 8.78099L24.33 8.94499L37.402 21.787L36 23.213L34.2 21.445L34.201 35C34.201 36.054 33.385 36.918 32.35 36.994L32.201 37H12.201C11.147 37 10.283 36.184 10.206 35.149L10.201 35L10.2 21.446L8.402 23.213L7 21.787L20.058 8.95799C21.171 7.82199 22.966 7.75899 24.155 8.78099ZM21.569 10.285L21.473 10.372L12.2 19.481L12.201 35L17.2 34.999L17.201 25C17.201 23.946 18.017 23.082 19.052 23.005L19.201 23H25.201C26.255 23 27.119 23.816 27.196 24.851L27.201 25L27.2 34.999L32.201 35L32.2 19.48L22.901 10.344C22.537 9.98699 21.969 9.96499 21.569 10.285ZM25.201 25H19.201L19.2 34.999H25.2L25.201 25Z&quot; fill=&quot;#3C3C3C&quot;\/&gt;\n&lt;\/svg&gt;\"\r\n\r\n\t>\r\n            <div class=\"listing-item  \">\r\n                <div class=\"listing-small-badges-container\">\r\n                                                                <div class=\"listing-small-badge pricing-badge\"><i class=\"fa fa-tag\"><\/i>160.00&euro; - 0.00&euro;<\/div>\r\n                                                            \r\n                                        \r\n                                        \r\n                <\/div>\r\n                <img decoding=\"async\" src=\"https:\/\/cparici.com\/wp-content\/uploads\/2026\/03\/coin-salon-ty-noe-maison-vacances-concarneau-520x397.jpg\" alt=\"TY-NOE Appartement 4 Pers Concarneau\" class=\"listing-thumbnail\">\r\n                \r\n\r\n                <div class=\"listing-item-content\">\r\n                    \r\n                    <h3> TY-NOE Appartement 4 Pers Concarneau <\/h3>\r\n                    <span>Concarneau Centre ville Plage \u00e0 pied<\/span>\r\n                <\/div>\r\n                                        <span class=\"save like-icon tooltip left\" title=\"Login To Bookmark Items\"><\/span>\r\n                                                <\/div>\r\n        <\/a>\r\n                    <\/div>\r\n        \r\n\r\n        <!-- Listing Item \/ End -->\n                    <\/div>\n                                      <div class=\"fw-carousel-item\">                    \n                        <!-- Listing Item -->\r\n            <div class=\"col-lg-6 col-md-12\">\r\n                <a href=\"https:\/\/cparici.com\/en\/annonce\/le-rospico-appartement-vue-mer-nevez\/\"  class=\"listing-item-container listing-geo-data compact\" \r\n\t\tdata-title=\"Le Rospico, Appartement Vue Mer N\u00e9vez\"\r\n\t\tdata-listing-type=\"rental\"\r\n\t\tdata-classifieds-price=\"&euro;\"\r\n\t\tdata-friendly-address=\"Plage de Rospico, N\u00e9vez\"\r\n\t\tdata-address=\"Plage de Rospico, N\u00e9vez\"\r\n\t\tdata-image=\"https:\/\/cparici.com\/wp-content\/uploads\/2026\/03\/anse-de-rospico-520x397.jpg\"\r\n\t\tdata-longitude=\"-3.765314324812224\"\r\n\t\tdata-latitude=\"47.79152794554884\"\r\n\t\t\t\t\tdata-rating=\"0\"\r\n\t\t\tdata-reviews=\"0\"\r\n\t\t\t\tdata-icon=\"&lt;svg xmlns=&quot;http:\/\/www.w3.org\/2000\/svg&quot; width=&quot;800px&quot; height=&quot;800px&quot; viewBox=&quot;0 0 45 45&quot; fill=&quot;none&quot;&gt;\n&lt;path d=&quot;M24.155 8.78099L24.33 8.94499L37.402 21.787L36 23.213L34.2 21.445L34.201 35C34.201 36.054 33.385 36.918 32.35 36.994L32.201 37H12.201C11.147 37 10.283 36.184 10.206 35.149L10.201 35L10.2 21.446L8.402 23.213L7 21.787L20.058 8.95799C21.171 7.82199 22.966 7.75899 24.155 8.78099ZM21.569 10.285L21.473 10.372L12.2 19.481L12.201 35L17.2 34.999L17.201 25C17.201 23.946 18.017 23.082 19.052 23.005L19.201 23H25.201C26.255 23 27.119 23.816 27.196 24.851L27.201 25L27.2 34.999L32.201 35L32.2 19.48L22.901 10.344C22.537 9.98699 21.969 9.96499 21.569 10.285ZM25.201 25H19.201L19.2 34.999H25.2L25.201 25Z&quot; fill=&quot;#3C3C3C&quot;\/&gt;\n&lt;\/svg&gt;\"\r\n\r\n\t>\r\n            <div class=\"listing-item  \">\r\n                <div class=\"listing-small-badges-container\">\r\n                                                                <div class=\"listing-small-badge pricing-badge\"><i class=\"fa fa-tag\"><\/i>160.00&euro; - 0.00&euro;<\/div>\r\n                                                            \r\n                                        \r\n                                        \r\n                <\/div>\r\n                <img decoding=\"async\" src=\"https:\/\/cparici.com\/wp-content\/uploads\/2026\/03\/anse-de-rospico-520x397.jpg\" alt=\"Le Rospico, Appartement Vue Mer N\u00e9vez\" class=\"listing-thumbnail\">\r\n                \r\n\r\n                <div class=\"listing-item-content\">\r\n                    \r\n                    <h3> Le Rospico, Appartement Vue Mer N\u00e9vez <\/h3>\r\n                    <span>Plage de Rospico, N\u00e9vez<\/span>\r\n                <\/div>\r\n                                        <span class=\"save like-icon tooltip left\" title=\"Login To Bookmark Items\"><\/span>\r\n                                                <\/div>\r\n        <\/a>\r\n                    <\/div>\r\n        \r\n\r\n        <!-- Listing Item \/ End -->\n                    <\/div>\n                                      <div class=\"fw-carousel-item\">                    \n                        <!-- Listing Item -->\r\n            <div class=\"col-lg-6 col-md-12\">\r\n                <a href=\"https:\/\/cparici.com\/en\/annonce\/perle-maison-6-pers-avec-piscine-couverte-et-vue-mer\/\"  class=\"listing-item-container listing-geo-data compact\" \r\n\t\tdata-title=\"Perle Maison 6 Pers avec Piscine Couverte et Vue Mer\"\r\n\t\tdata-listing-type=\"rental\"\r\n\t\tdata-classifieds-price=\"&euro;\"\r\n\t\tdata-friendly-address=\"Concarneau, Les Sables Blancs\"\r\n\t\tdata-address=\"Concarneau, Les Sables Blancs\"\r\n\t\tdata-image=\"https:\/\/cparici.com\/wp-content\/uploads\/2026\/03\/maison-vacances-perle-concarneau-exterieur-520x397.jpg\"\r\n\t\tdata-longitude=\"-3.934530282209957\"\r\n\t\tdata-latitude=\"47.884541075243035\"\r\n\t\t\t\t\tdata-rating=\"0\"\r\n\t\t\tdata-reviews=\"0\"\r\n\t\t\t\tdata-icon=\"&lt;svg xmlns=&quot;http:\/\/www.w3.org\/2000\/svg&quot; width=&quot;800px&quot; height=&quot;800px&quot; viewBox=&quot;0 0 45 45&quot; fill=&quot;none&quot;&gt;\n&lt;path d=&quot;M24.155 8.78099L24.33 8.94499L37.402 21.787L36 23.213L34.2 21.445L34.201 35C34.201 36.054 33.385 36.918 32.35 36.994L32.201 37H12.201C11.147 37 10.283 36.184 10.206 35.149L10.201 35L10.2 21.446L8.402 23.213L7 21.787L20.058 8.95799C21.171 7.82199 22.966 7.75899 24.155 8.78099ZM21.569 10.285L21.473 10.372L12.2 19.481L12.201 35L17.2 34.999L17.201 25C17.201 23.946 18.017 23.082 19.052 23.005L19.201 23H25.201C26.255 23 27.119 23.816 27.196 24.851L27.201 25L27.2 34.999L32.201 35L32.2 19.48L22.901 10.344C22.537 9.98699 21.969 9.96499 21.569 10.285ZM25.201 25H19.201L19.2 34.999H25.2L25.201 25Z&quot; fill=&quot;#3C3C3C&quot;\/&gt;\n&lt;\/svg&gt;\"\r\n\r\n\t>\r\n            <div class=\"listing-item  \">\r\n                <div class=\"listing-small-badges-container\">\r\n                                                                <div class=\"listing-small-badge pricing-badge\"><i class=\"fa fa-tag\"><\/i>230.00&euro; - 0.00&euro;<\/div>\r\n                                                            \r\n                                        \r\n                                        \r\n                <\/div>\r\n                <img decoding=\"async\" src=\"https:\/\/cparici.com\/wp-content\/uploads\/2026\/03\/maison-vacances-perle-concarneau-exterieur-520x397.jpg\" alt=\"Perle Maison 6 Pers avec Piscine Couverte et Vue Mer\" class=\"listing-thumbnail\">\r\n                \r\n\r\n                <div class=\"listing-item-content\">\r\n                    \r\n                    <h3> Perle Maison 6 Pers avec Piscine Couverte et Vue Mer <\/h3>\r\n                    <span>Concarneau, Les Sables Blancs<\/span>\r\n                <\/div>\r\n                                        <span class=\"save like-icon tooltip left\" title=\"Login To Bookmark Items\"><\/span>\r\n                                                <\/div>\r\n        <\/a>\r\n                    <\/div>\r\n        \r\n\r\n        <!-- Listing Item \/ End -->\n                    <\/div>\n                                      <div class=\"fw-carousel-item\">                    \n                        <!-- Listing Item -->\r\n            <div class=\"col-lg-6 col-md-12\">\r\n                <a href=\"https:\/\/cparici.com\/en\/annonce\/lecrin-2-4-pers\/\"  class=\"listing-item-container listing-geo-data compact\" \r\n\t\tdata-title=\"L&#8217;Ecrin, 2-4 Pers\"\r\n\t\tdata-listing-type=\"rental\"\r\n\t\tdata-classifieds-price=\"&euro;\"\r\n\t\tdata-friendly-address=\"Hyper-centre, Concarneau\"\r\n\t\tdata-address=\"Hyper-centre, Concarneau\"\r\n\t\tdata-image=\"https:\/\/cparici.com\/wp-content\/uploads\/2025\/01\/ecrin-1-520x397.jpg\"\r\n\t\tdata-longitude=\"-3.9195904\"\r\n\t\tdata-latitude=\"47.872971\"\r\n\t\t\t\t\tdata-rating=\"0\"\r\n\t\t\tdata-reviews=\"0\"\r\n\t\t\t\tdata-icon=\"&lt;svg xmlns=&quot;http:\/\/www.w3.org\/2000\/svg&quot; width=&quot;800px&quot; height=&quot;800px&quot; viewBox=&quot;0 0 45 45&quot; fill=&quot;none&quot;&gt;\n&lt;path d=&quot;M24.155 8.78099L24.33 8.94499L37.402 21.787L36 23.213L34.2 21.445L34.201 35C34.201 36.054 33.385 36.918 32.35 36.994L32.201 37H12.201C11.147 37 10.283 36.184 10.206 35.149L10.201 35L10.2 21.446L8.402 23.213L7 21.787L20.058 8.95799C21.171 7.82199 22.966 7.75899 24.155 8.78099ZM21.569 10.285L21.473 10.372L12.2 19.481L12.201 35L17.2 34.999L17.201 25C17.201 23.946 18.017 23.082 19.052 23.005L19.201 23H25.201C26.255 23 27.119 23.816 27.196 24.851L27.201 25L27.2 34.999L32.201 35L32.2 19.48L22.901 10.344C22.537 9.98699 21.969 9.96499 21.569 10.285ZM25.201 25H19.201L19.2 34.999H25.2L25.201 25Z&quot; fill=&quot;#3C3C3C&quot;\/&gt;\n&lt;\/svg&gt;\"\r\n\r\n\t>\r\n            <div class=\"listing-item  \">\r\n                <div class=\"listing-small-badges-container\">\r\n                                                                <div class=\"listing-small-badge pricing-badge\"><i class=\"fa fa-tag\"><\/i>Starts from 140.00&euro;<\/div>\r\n                                                            \r\n                                        \r\n                                        \r\n                <\/div>\r\n                <img decoding=\"async\" src=\"https:\/\/cparici.com\/wp-content\/uploads\/2025\/01\/ecrin-1-520x397.jpg\" alt=\"L&#8217;Ecrin, 2-4 Pers\" class=\"listing-thumbnail\">\r\n                \r\n\r\n                <div class=\"listing-item-content\">\r\n                    \r\n                    <h3> L&#8217;Ecrin, 2-4 Pers <\/h3>\r\n                    <span>Hyper-centre, Concarneau<\/span>\r\n                <\/div>\r\n                                        <span class=\"save like-icon tooltip left\" title=\"Login To Bookmark Items\"><\/span>\r\n                                                <\/div>\r\n        <\/a>\r\n                    <\/div>\r\n        \r\n\r\n        <!-- Listing Item \/ End -->\n                    <\/div>\n                                      <div class=\"fw-carousel-item\">                    \n                        <!-- Listing Item -->\r\n            <div class=\"col-lg-6 col-md-12\">\r\n                <a href=\"https:\/\/cparici.com\/en\/annonce\/appartement-le-phare-2-pers\/\"  class=\"listing-item-container listing-geo-data compact\" \r\n\t\tdata-title=\"Appartement Le Phare, 2 pers\"\r\n\t\tdata-listing-type=\"rental\"\r\n\t\tdata-classifieds-price=\"&euro;\"\r\n\t\tdata-friendly-address=\"Avenue des Sables Blancs\"\r\n\t\tdata-address=\"Avenue des Sables Blancs\"\r\n\t\tdata-image=\"https:\/\/cparici.com\/wp-content\/uploads\/2025\/01\/DSC1538-520x397.jpg\"\r\n\t\tdata-longitude=\"-3.9297422\"\r\n\t\tdata-latitude=\"47.8785418\"\r\n\t\t\t\t\tdata-rating=\"0\"\r\n\t\t\tdata-reviews=\"0\"\r\n\t\t\t\tdata-icon=\"&lt;svg xmlns=&quot;http:\/\/www.w3.org\/2000\/svg&quot; width=&quot;800px&quot; height=&quot;800px&quot; viewBox=&quot;0 0 45 45&quot; fill=&quot;none&quot;&gt;\n&lt;path d=&quot;M24.155 8.78099L24.33 8.94499L37.402 21.787L36 23.213L34.2 21.445L34.201 35C34.201 36.054 33.385 36.918 32.35 36.994L32.201 37H12.201C11.147 37 10.283 36.184 10.206 35.149L10.201 35L10.2 21.446L8.402 23.213L7 21.787L20.058 8.95799C21.171 7.82199 22.966 7.75899 24.155 8.78099ZM21.569 10.285L21.473 10.372L12.2 19.481L12.201 35L17.2 34.999L17.201 25C17.201 23.946 18.017 23.082 19.052 23.005L19.201 23H25.201C26.255 23 27.119 23.816 27.196 24.851L27.201 25L27.2 34.999L32.201 35L32.2 19.48L22.901 10.344C22.537 9.98699 21.969 9.96499 21.569 10.285ZM25.201 25H19.201L19.2 34.999H25.2L25.201 25Z&quot; fill=&quot;#3C3C3C&quot;\/&gt;\n&lt;\/svg&gt;\"\r\n\r\n\t>\r\n            <div class=\"listing-item  \">\r\n                <div class=\"listing-small-badges-container\">\r\n                                                                <div class=\"listing-small-badge pricing-badge\"><i class=\"fa fa-tag\"><\/i>110.00&euro; - 0.00&euro;<\/div>\r\n                                                            \r\n                                        \r\n                                        \r\n                <\/div>\r\n                <img decoding=\"async\" src=\"https:\/\/cparici.com\/wp-content\/uploads\/2025\/01\/DSC1538-520x397.jpg\" alt=\"Appartement Le Phare, 2 pers\" class=\"listing-thumbnail\">\r\n                \r\n\r\n                <div class=\"listing-item-content\">\r\n                    \r\n                    <h3> Appartement Le Phare, 2 pers <i class=\"verified-icon\"><\/i><\/h3>\r\n                    <span>Avenue des Sables Blancs<\/span>\r\n                <\/div>\r\n                                        <span class=\"save like-icon tooltip left\" title=\"Login To Bookmark Items\"><\/span>\r\n                                                <\/div>\r\n        <\/a>\r\n                    <\/div>\r\n        \r\n\r\n        <!-- Listing Item \/ End -->\n                    <\/div>\n                                      <div class=\"fw-carousel-item\">                    \n                        <!-- Listing Item -->\r\n            <div class=\"col-lg-6 col-md-12\">\r\n                <a href=\"https:\/\/cparici.com\/en\/annonce\/le-70-sainte-marine-grande-maison-de-vacances-charme-confort-en-finistere-sud-bretagne\/\"  class=\"listing-item-container listing-geo-data compact\" \r\n\t\tdata-title=\"\u00a0Le 70 Sainte Marine \u2013 Grande maison de vacances charme &amp; confort en Finist\u00e8re Sud (Bretagne)\"\r\n\t\tdata-listing-type=\"rental\"\r\n\t\tdata-classifieds-price=\"&euro;\"\r\n\t\tdata-friendly-address=\"Sainte-Marine (Combrit)\"\r\n\t\tdata-address=\"Sainte-Marine (Combrit)\"\r\n\t\tdata-image=\"https:\/\/cparici.com\/wp-content\/uploads\/2025\/07\/Bienvenue-Welcome-Sainte-Marine-Brittany-520x397.jpg\"\r\n\t\tdata-longitude=\"-4.123866599999999\"\r\n\t\tdata-latitude=\"47.874164\"\r\n\t\t\t\t\tdata-rating=\"5\"\r\n\t\t\tdata-reviews=\"8\"\r\n\t\t\t\tdata-icon=\"&lt;svg xmlns=&quot;http:\/\/www.w3.org\/2000\/svg&quot; width=&quot;800px&quot; height=&quot;800px&quot; viewBox=&quot;0 0 45 45&quot; fill=&quot;none&quot;&gt;\n&lt;path d=&quot;M24.155 8.78099L24.33 8.94499L37.402 21.787L36 23.213L34.2 21.445L34.201 35C34.201 36.054 33.385 36.918 32.35 36.994L32.201 37H12.201C11.147 37 10.283 36.184 10.206 35.149L10.201 35L10.2 21.446L8.402 23.213L7 21.787L20.058 8.95799C21.171 7.82199 22.966 7.75899 24.155 8.78099ZM21.569 10.285L21.473 10.372L12.2 19.481L12.201 35L17.2 34.999L17.201 25C17.201 23.946 18.017 23.082 19.052 23.005L19.201 23H25.201C26.255 23 27.119 23.816 27.196 24.851L27.201 25L27.2 34.999L32.201 35L32.2 19.48L22.901 10.344C22.537 9.98699 21.969 9.96499 21.569 10.285ZM25.201 25H19.201L19.2 34.999H25.2L25.201 25Z&quot; fill=&quot;#3C3C3C&quot;\/&gt;\n&lt;\/svg&gt;\"\r\n\r\n\t>\r\n            <div class=\"listing-item  \">\r\n                <div class=\"listing-small-badges-container\">\r\n                                                                <div class=\"listing-small-badge pricing-badge\"><i class=\"fa fa-tag\"><\/i>210.00&euro; - 475.00&euro;<\/div>\r\n                                                            \r\n                                        \r\n                                        \r\n                <\/div>\r\n                <img decoding=\"async\" src=\"https:\/\/cparici.com\/wp-content\/uploads\/2025\/07\/Bienvenue-Welcome-Sainte-Marine-Brittany-520x397.jpg\" alt=\"\u00a0Le 70 Sainte Marine \u2013 Grande maison de vacances charme &amp; confort en Finist\u00e8re Sud (Bretagne)\" class=\"listing-thumbnail\">\r\n                \r\n\r\n                <div class=\"listing-item-content\">\r\n                                                <div class=\"numerical-rating\" data-rating=\"5.0\"><\/div>\r\n                    \r\n                    <h3> \u00a0Le 70 Sainte Marine \u2013 Grande maison de vacances charme &amp; confort en Finist\u00e8re Sud (Bretagne) <\/h3>\r\n                    <span>Sainte-Marine (Combrit)<\/span>\r\n                <\/div>\r\n                                        <span class=\"save like-icon tooltip left\" title=\"Login To Bookmark Items\"><\/span>\r\n                                                <\/div>\r\n        <\/a>\r\n                    <\/div>\r\n        \r\n\r\n        <!-- Listing Item \/ End -->\n                    <\/div>\n                                      <div class=\"fw-carousel-item\">                    \n                        <!-- Listing Item -->\r\n            <div class=\"col-lg-6 col-md-12\">\r\n                <a href=\"https:\/\/cparici.com\/en\/annonce\/rosemarine-2-4-pers-3\/\"  class=\"listing-item-container listing-geo-data compact\" \r\n\t\tdata-title=\"Rosemarine, 2-4 Pers\"\r\n\t\tdata-listing-type=\"rental\"\r\n\t\tdata-classifieds-price=\"&euro;\"\r\n\t\tdata-friendly-address=\"La Corniche\"\r\n\t\tdata-address=\"La Corniche\"\r\n\t\tdata-image=\"https:\/\/cparici.com\/wp-content\/uploads\/2025\/01\/Rosemarine-1-520x397.jpg\"\r\n\t\tdata-longitude=\"-3.917989999999999\"\r\n\t\tdata-latitude=\"47.86985079999999\"\r\n\t\t\t\t\tdata-rating=\"0\"\r\n\t\t\tdata-reviews=\"0\"\r\n\t\t\t\tdata-icon=\"&lt;svg xmlns=&quot;http:\/\/www.w3.org\/2000\/svg&quot; width=&quot;800px&quot; height=&quot;800px&quot; viewBox=&quot;0 0 45 45&quot; fill=&quot;none&quot;&gt;\n&lt;path d=&quot;M24.155 8.78099L24.33 8.94499L37.402 21.787L36 23.213L34.2 21.445L34.201 35C34.201 36.054 33.385 36.918 32.35 36.994L32.201 37H12.201C11.147 37 10.283 36.184 10.206 35.149L10.201 35L10.2 21.446L8.402 23.213L7 21.787L20.058 8.95799C21.171 7.82199 22.966 7.75899 24.155 8.78099ZM21.569 10.285L21.473 10.372L12.2 19.481L12.201 35L17.2 34.999L17.201 25C17.201 23.946 18.017 23.082 19.052 23.005L19.201 23H25.201C26.255 23 27.119 23.816 27.196 24.851L27.201 25L27.2 34.999L32.201 35L32.2 19.48L22.901 10.344C22.537 9.98699 21.969 9.96499 21.569 10.285ZM25.201 25H19.201L19.2 34.999H25.2L25.201 25Z&quot; fill=&quot;#3C3C3C&quot;\/&gt;\n&lt;\/svg&gt;\"\r\n\r\n\t>\r\n            <div class=\"listing-item  \">\r\n                <div class=\"listing-small-badges-container\">\r\n                                                                <div class=\"listing-small-badge pricing-badge\"><i class=\"fa fa-tag\"><\/i>Starts from 140.00&euro;<\/div>\r\n                                                            \r\n                                        \r\n                                        \r\n                <\/div>\r\n                <img decoding=\"async\" src=\"https:\/\/cparici.com\/wp-content\/uploads\/2025\/01\/Rosemarine-1-520x397.jpg\" alt=\"Rosemarine, 2-4 Pers\" class=\"listing-thumbnail\">\r\n                \r\n\r\n                <div class=\"listing-item-content\">\r\n                    \r\n                    <h3> Rosemarine, 2-4 Pers <\/h3>\r\n                    <span>La Corniche<\/span>\r\n                <\/div>\r\n                                        <span class=\"save like-icon tooltip left\" title=\"Login To Bookmark Items\"><\/span>\r\n                                                <\/div>\r\n        <\/a>\r\n                    <\/div>\r\n        \r\n\r\n        <!-- Listing Item \/ End -->\n                    <\/div>\n                                      <div class=\"fw-carousel-item\">                    \n                        <!-- Listing Item -->\r\n            <div class=\"col-lg-6 col-md-12\">\r\n                <a href=\"https:\/\/cparici.com\/en\/annonce\/la-rose-des-vents-8-pers\/\"  class=\"listing-item-container listing-geo-data compact\" \r\n\t\tdata-title=\"La Rose des Vents, 8 Pers\"\r\n\t\tdata-listing-type=\"rental\"\r\n\t\tdata-classifieds-price=\"&euro;\"\r\n\t\tdata-friendly-address=\"Le Rouz\"\r\n\t\tdata-address=\"Le Rouz\"\r\n\t\tdata-image=\"https:\/\/cparici.com\/wp-content\/uploads\/2025\/01\/la-rose-des-vents-2-520x397.jpg\"\r\n\t\tdata-longitude=\"-3.9069835\"\r\n\t\tdata-latitude=\"47.8674861\"\r\n\t\t\t\t\tdata-rating=\"0\"\r\n\t\t\tdata-reviews=\"0\"\r\n\t\t\t\tdata-icon=\"&lt;svg xmlns=&quot;http:\/\/www.w3.org\/2000\/svg&quot; width=&quot;800px&quot; height=&quot;800px&quot; viewBox=&quot;0 0 45 45&quot; fill=&quot;none&quot;&gt;\n&lt;path d=&quot;M24.155 8.78099L24.33 8.94499L37.402 21.787L36 23.213L34.2 21.445L34.201 35C34.201 36.054 33.385 36.918 32.35 36.994L32.201 37H12.201C11.147 37 10.283 36.184 10.206 35.149L10.201 35L10.2 21.446L8.402 23.213L7 21.787L20.058 8.95799C21.171 7.82199 22.966 7.75899 24.155 8.78099ZM21.569 10.285L21.473 10.372L12.2 19.481L12.201 35L17.2 34.999L17.201 25C17.201 23.946 18.017 23.082 19.052 23.005L19.201 23H25.201C26.255 23 27.119 23.816 27.196 24.851L27.201 25L27.2 34.999L32.201 35L32.2 19.48L22.901 10.344C22.537 9.98699 21.969 9.96499 21.569 10.285ZM25.201 25H19.201L19.2 34.999H25.2L25.201 25Z&quot; fill=&quot;#3C3C3C&quot;\/&gt;\n&lt;\/svg&gt;\"\r\n\r\n\t>\r\n            <div class=\"listing-item  \">\r\n                <div class=\"listing-small-badges-container\">\r\n                                                                <div class=\"listing-small-badge pricing-badge\"><i class=\"fa fa-tag\"><\/i>191.00&euro; - 240.00&euro;<\/div>\r\n                                                            \r\n                                        \r\n                                        \r\n                <\/div>\r\n                <img decoding=\"async\" src=\"https:\/\/cparici.com\/wp-content\/uploads\/2025\/01\/la-rose-des-vents-2-520x397.jpg\" alt=\"La Rose des Vents, 8 Pers\" class=\"listing-thumbnail\">\r\n                \r\n\r\n                <div class=\"listing-item-content\">\r\n                    \r\n                    <h3> La Rose des Vents, 8 Pers <\/h3>\r\n                    <span>Le Rouz<\/span>\r\n                <\/div>\r\n                                        <span class=\"save like-icon tooltip left\" title=\"Login To Bookmark Items\"><\/span>\r\n                                                <\/div>\r\n        <\/a>\r\n                    <\/div>\r\n        \r\n\r\n        <!-- Listing Item \/ End -->\n                    <\/div>\n                                      <div class=\"fw-carousel-item\">                    \n                        <!-- Listing Item -->\r\n            <div class=\"col-lg-6 col-md-12\">\r\n                <a href=\"https:\/\/cparici.com\/en\/annonce\/evasion-marine-2-4-pers\/\"  class=\"listing-item-container listing-geo-data compact\" \r\n\t\tdata-title=\"Evasion Marine, 2-4 pers\"\r\n\t\tdata-listing-type=\"rental\"\r\n\t\tdata-classifieds-price=\"&euro;\"\r\n\t\tdata-friendly-address=\"Les Sables Blancs\"\r\n\t\tdata-address=\"Les Sables Blancs\"\r\n\t\tdata-image=\"https:\/\/cparici.com\/wp-content\/uploads\/2025\/01\/evasion-marine-1-520x397.jpg\"\r\n\t\tdata-longitude=\"-3.930070000000001\"\r\n\t\tdata-latitude=\"47.88204939999999\"\r\n\t\t\t\t\tdata-rating=\"0\"\r\n\t\t\tdata-reviews=\"0\"\r\n\t\t\t\tdata-icon=\"&lt;svg xmlns=&quot;http:\/\/www.w3.org\/2000\/svg&quot; width=&quot;800px&quot; height=&quot;800px&quot; viewBox=&quot;0 0 45 45&quot; fill=&quot;none&quot;&gt;\n&lt;path d=&quot;M24.155 8.78099L24.33 8.94499L37.402 21.787L36 23.213L34.2 21.445L34.201 35C34.201 36.054 33.385 36.918 32.35 36.994L32.201 37H12.201C11.147 37 10.283 36.184 10.206 35.149L10.201 35L10.2 21.446L8.402 23.213L7 21.787L20.058 8.95799C21.171 7.82199 22.966 7.75899 24.155 8.78099ZM21.569 10.285L21.473 10.372L12.2 19.481L12.201 35L17.2 34.999L17.201 25C17.201 23.946 18.017 23.082 19.052 23.005L19.201 23H25.201C26.255 23 27.119 23.816 27.196 24.851L27.201 25L27.2 34.999L32.201 35L32.2 19.48L22.901 10.344C22.537 9.98699 21.969 9.96499 21.569 10.285ZM25.201 25H19.201L19.2 34.999H25.2L25.201 25Z&quot; fill=&quot;#3C3C3C&quot;\/&gt;\n&lt;\/svg&gt;\"\r\n\r\n\t>\r\n            <div class=\"listing-item  \">\r\n                <div class=\"listing-small-badges-container\">\r\n                                                                <div class=\"listing-small-badge pricing-badge\"><i class=\"fa fa-tag\"><\/i>Starts from 85.00&euro;<\/div>\r\n                                                            \r\n                                        \r\n                                        \r\n                <\/div>\r\n                <img decoding=\"async\" src=\"https:\/\/cparici.com\/wp-content\/uploads\/2025\/01\/evasion-marine-1-520x397.jpg\" alt=\"Evasion Marine, 2-4 pers\" class=\"listing-thumbnail\">\r\n                \r\n\r\n                <div class=\"listing-item-content\">\r\n                    \r\n                    <h3> Evasion Marine, 2-4 pers <\/h3>\r\n                    <span>Les Sables Blancs<\/span>\r\n                <\/div>\r\n                                        <span class=\"save like-icon tooltip left\" title=\"Login To Bookmark Items\"><\/span>\r\n                                                <\/div>\r\n        <\/a>\r\n                    <\/div>\r\n        \r\n\r\n        <!-- Listing Item \/ End -->\n                    <\/div>\n                                      <div class=\"fw-carousel-item\">                    \n                        <!-- Listing Item -->\r\n            <div class=\"col-lg-6 col-md-12\">\r\n                <a href=\"https:\/\/cparici.com\/en\/annonce\/brise-marine-4-pers-2\/\"  class=\"listing-item-container listing-geo-data compact\" \r\n\t\tdata-title=\"Brise Marine, 4 Pers\"\r\n\t\tdata-listing-type=\"rental\"\r\n\t\tdata-classifieds-price=\"&euro;\"\r\n\t\tdata-friendly-address=\"La Corniche\"\r\n\t\tdata-address=\"La Corniche\"\r\n\t\tdata-image=\"https:\/\/cparici.com\/wp-content\/uploads\/2025\/01\/brise-marine-1-520x397.jpg\"\r\n\t\tdata-longitude=\"-3.9236476\"\r\n\t\tdata-latitude=\"47.8707177\"\r\n\t\t\t\t\tdata-rating=\"0\"\r\n\t\t\tdata-reviews=\"0\"\r\n\t\t\t\tdata-icon=\"&lt;svg xmlns=&quot;http:\/\/www.w3.org\/2000\/svg&quot; width=&quot;800px&quot; height=&quot;800px&quot; viewBox=&quot;0 0 45 45&quot; fill=&quot;none&quot;&gt;\n&lt;path d=&quot;M24.155 8.78099L24.33 8.94499L37.402 21.787L36 23.213L34.2 21.445L34.201 35C34.201 36.054 33.385 36.918 32.35 36.994L32.201 37H12.201C11.147 37 10.283 36.184 10.206 35.149L10.201 35L10.2 21.446L8.402 23.213L7 21.787L20.058 8.95799C21.171 7.82199 22.966 7.75899 24.155 8.78099ZM21.569 10.285L21.473 10.372L12.2 19.481L12.201 35L17.2 34.999L17.201 25C17.201 23.946 18.017 23.082 19.052 23.005L19.201 23H25.201C26.255 23 27.119 23.816 27.196 24.851L27.201 25L27.2 34.999L32.201 35L32.2 19.48L22.901 10.344C22.537 9.98699 21.969 9.96499 21.569 10.285ZM25.201 25H19.201L19.2 34.999H25.2L25.201 25Z&quot; fill=&quot;#3C3C3C&quot;\/&gt;\n&lt;\/svg&gt;\"\r\n\r\n\t>\r\n            <div class=\"listing-item  \">\r\n                <div class=\"listing-small-badges-container\">\r\n                                                                <div class=\"listing-small-badge pricing-badge\"><i class=\"fa fa-tag\"><\/i>Starts from 180.00&euro;<\/div>\r\n                                                            \r\n                                        \r\n                                        \r\n                <\/div>\r\n                <img decoding=\"async\" src=\"https:\/\/cparici.com\/wp-content\/uploads\/2025\/01\/brise-marine-1-520x397.jpg\" alt=\"Brise Marine, 4 Pers\" class=\"listing-thumbnail\">\r\n                \r\n\r\n                <div class=\"listing-item-content\">\r\n                    \r\n                    <h3> Brise Marine, 4 Pers <\/h3>\r\n                    <span>La Corniche<\/span>\r\n                <\/div>\r\n                                        <span class=\"save like-icon tooltip left\" title=\"Login To Bookmark Items\"><\/span>\r\n                                                <\/div>\r\n        <\/a>\r\n                    <\/div>\r\n        \r\n\r\n        <!-- Listing Item \/ End -->\n                    <\/div>\n                                      <div class=\"fw-carousel-item\">                    \n                        <!-- Listing Item -->\r\n            <div class=\"col-lg-6 col-md-12\">\r\n                <a href=\"https:\/\/cparici.com\/en\/annonce\/maison-le-bonheur-4-pers\/\"  class=\"listing-item-container listing-geo-data compact\" \r\n\t\tdata-title=\"Maison Le Bonheur, 4 pers\"\r\n\t\tdata-listing-type=\"rental\"\r\n\t\tdata-classifieds-price=\"&euro;\"\r\n\t\tdata-friendly-address=\"Concarneau, Le Porzou\"\r\n\t\tdata-address=\"Concarneau, Le Porzou\"\r\n\t\tdata-image=\"https:\/\/cparici.com\/wp-content\/uploads\/2025\/01\/le-bonheur-1-520x397.jpg\"\r\n\t\tdata-longitude=\"-3.9016358\"\r\n\t\tdata-latitude=\"47.8660765\"\r\n\t\t\t\t\tdata-rating=\"0\"\r\n\t\t\tdata-reviews=\"0\"\r\n\t\t\t\tdata-icon=\"&lt;svg xmlns=&quot;http:\/\/www.w3.org\/2000\/svg&quot; width=&quot;800px&quot; height=&quot;800px&quot; viewBox=&quot;0 0 45 45&quot; fill=&quot;none&quot;&gt;\n&lt;path d=&quot;M24.155 8.78099L24.33 8.94499L37.402 21.787L36 23.213L34.2 21.445L34.201 35C34.201 36.054 33.385 36.918 32.35 36.994L32.201 37H12.201C11.147 37 10.283 36.184 10.206 35.149L10.201 35L10.2 21.446L8.402 23.213L7 21.787L20.058 8.95799C21.171 7.82199 22.966 7.75899 24.155 8.78099ZM21.569 10.285L21.473 10.372L12.2 19.481L12.201 35L17.2 34.999L17.201 25C17.201 23.946 18.017 23.082 19.052 23.005L19.201 23H25.201C26.255 23 27.119 23.816 27.196 24.851L27.201 25L27.2 34.999L32.201 35L32.2 19.48L22.901 10.344C22.537 9.98699 21.969 9.96499 21.569 10.285ZM25.201 25H19.201L19.2 34.999H25.2L25.201 25Z&quot; fill=&quot;#3C3C3C&quot;\/&gt;\n&lt;\/svg&gt;\"\r\n\r\n\t>\r\n            <div class=\"listing-item  \">\r\n                <div class=\"listing-small-badges-container\">\r\n                                                                <div class=\"listing-small-badge pricing-badge\"><i class=\"fa fa-tag\"><\/i>117.00&euro; - 0.00&euro;<\/div>\r\n                                                            \r\n                                        \r\n                                        \r\n                <\/div>\r\n                <img decoding=\"async\" src=\"https:\/\/cparici.com\/wp-content\/uploads\/2025\/01\/le-bonheur-1-520x397.jpg\" alt=\"Maison Le Bonheur, 4 pers\" class=\"listing-thumbnail\">\r\n                \r\n\r\n                <div class=\"listing-item-content\">\r\n                    \r\n                    <h3> Maison Le Bonheur, 4 pers <\/h3>\r\n                    <span>Concarneau, Le Porzou<\/span>\r\n                <\/div>\r\n                                        <span class=\"save like-icon tooltip left\" title=\"Login To Bookmark Items\"><\/span>\r\n                                                <\/div>\r\n        <\/a>\r\n                    <\/div>\r\n        \r\n\r\n        <!-- Listing Item \/ End -->\n                    <\/div>\n                          <\/div>\n        \t\t\t\t<\/div>\n\t\t\t\t<\/div>\n\t\t\t\t\t<\/div>\n\t\t\t\t<\/aside>\n\t\t<div class=\"elementor-element elementor-element-00fae02 e-flex e-con-boxed e-con e-parent\" data-id=\"00fae02\" data-element_type=\"container\" data-e-type=\"container\">\n\t\t\t\t\t<div class=\"e-con-inner\">\n\t\t\t\t<div class=\"elementor-element elementor-element-1d7c444 elementor-widget elementor-widget-text-editor\" data-id=\"1d7c444\" data-element_type=\"widget\" data-e-type=\"widget\" data-widget_type=\"text-editor.default\">\n\t\t\t\t\t\t\t\t\t<h2>Situation G\u00e9ographique et Acc\u00e8s<\/h2>\t\t\t\t\t\t\t\t<\/div>\n\t\t\t\t\t<\/div>\n\t\t\t\t<\/div>\n\t\t<div class=\"elementor-element elementor-element-6815fc47 e-flex e-con-boxed e-con e-parent\" data-id=\"6815fc47\" data-element_type=\"container\" data-e-type=\"container\">\n\t\t\t\t\t<div class=\"e-con-inner\">\n\t\t<div class=\"elementor-element elementor-element-7a95a77d e-con-full e-flex e-con e-child\" data-id=\"7a95a77d\" data-element_type=\"container\" data-e-type=\"container\">\n\t\t\t\t<div class=\"elementor-element elementor-element-62e64c52 elementor-widget elementor-widget-heading\" data-id=\"62e64c52\" data-element_type=\"widget\" data-e-type=\"widget\" data-widget_type=\"heading.default\">\n\t\t\t\t\t<h3 class=\"elementor-heading-title elementor-size-default\">Comment Se Rendre au March\u00e9 ?<\/h3>\t\t\t\t<\/div>\n\t\t\t\t<div class=\"elementor-element elementor-element-1e4d0fa5 elementor-widget elementor-widget-text-editor\" data-id=\"1e4d0fa5\" data-element_type=\"widget\" data-e-type=\"widget\" data-widget_type=\"text-editor.default\">\n\t\t\t\t\t\t\t\t\t<p>Le march\u00e9 de Concarneau est id\u00e9alement situ\u00e9 dans le centre-ville, ce qui le rend facilement accessible \u00e0 pied, en voiture ou en transport public. Les visiteurs peuvent profiter d\u2019une agr\u00e9able promenade dans les rues pittoresques de Concarneau pour atteindre le march\u00e9.<\/p>\t\t\t\t\t\t\t\t<\/div>\n\t\t\t\t<\/div>\n\t\t<div class=\"elementor-element elementor-element-283831cc e-con-full e-flex e-con e-child\" data-id=\"283831cc\" data-element_type=\"container\" data-e-type=\"container\">\n\t\t\t\t<div class=\"elementor-element elementor-element-3557983b elementor-widget elementor-widget-heading\" data-id=\"3557983b\" data-element_type=\"widget\" data-e-type=\"widget\" data-widget_type=\"heading.default\">\n\t\t\t\t\t<h3 class=\"elementor-heading-title elementor-size-default\">Stationnement et Transport Public\n<\/h3>\t\t\t\t<\/div>\n\t\t\t\t<div class=\"elementor-element elementor-element-41ba5862 elementor-widget elementor-widget-text-editor\" data-id=\"41ba5862\" data-element_type=\"widget\" data-e-type=\"widget\" data-widget_type=\"text-editor.default\">\n\t\t\t\t\t\t\t\t\t<p>Pour ceux qui se d\u00e9placent en voiture, plusieurs parkings sont disponibles \u00e0 proximit\u00e9 du march\u00e9. Les transports en commun, tels que les bus locaux, desservent \u00e9galement le march\u00e9, offrant une option pratique pour ceux qui pr\u00e9f\u00e8rent \u00e9viter la conduite en centre-ville.<\/p>\t\t\t\t\t\t\t\t<\/div>\n\t\t\t\t<\/div>\n\t\t\t\t\t<\/div>\n\t\t\t\t<\/div>\n\t\t<div class=\"elementor-element elementor-element-78e4abe3 e-flex e-con-boxed e-con e-parent\" data-id=\"78e4abe3\" data-element_type=\"container\" data-e-type=\"container\">\n\t\t\t\t\t<div class=\"e-con-inner\">\n\t\t<div class=\"elementor-element elementor-element-3935387d e-con-full e-flex e-con e-child\" data-id=\"3935387d\" data-element_type=\"container\" data-e-type=\"container\">\n\t\t\t\t<div class=\"elementor-element elementor-element-4f2b9c46 elementor-widget elementor-widget-image\" data-id=\"4f2b9c46\" data-element_type=\"widget\" data-e-type=\"widget\" data-widget_type=\"image.default\">\n\t\t\t\t\t\t\t\t\t\t\t\t\t\t\t<img decoding=\"async\" width=\"760\" height=\"501\" src=\"https:\/\/cparici.com\/wp-content\/uploads\/2024\/06\/Concarneau-corniche-bord-de-mer-1024x675.jpg\" class=\"attachment-large size-large wp-image-35872\" alt=\"concarneau bord de mer corniche\" srcset=\"https:\/\/cparici.com\/wp-content\/uploads\/2024\/06\/Concarneau-corniche-bord-de-mer-1024x675.jpg 1024w, https:\/\/cparici.com\/wp-content\/uploads\/2024\/06\/Concarneau-corniche-bord-de-mer-600x395.jpg 600w, https:\/\/cparici.com\/wp-content\/uploads\/2024\/06\/Concarneau-corniche-bord-de-mer-300x198.jpg 300w, https:\/\/cparici.com\/wp-content\/uploads\/2024\/06\/Concarneau-corniche-bord-de-mer-768x506.jpg 768w, https:\/\/cparici.com\/wp-content\/uploads\/2024\/06\/Concarneau-corniche-bord-de-mer-1536x1012.jpg 1536w, https:\/\/cparici.com\/wp-content\/uploads\/2024\/06\/Concarneau-corniche-bord-de-mer.jpg 1920w\" sizes=\"(max-width: 760px) 100vw, 760px\" \/>\t\t\t\t\t\t\t\t\t\t\t\t\t\t\t<\/div>\n\t\t\t\t<\/div>\n\t\t<div class=\"elementor-element elementor-element-22bdf999 e-con-full e-flex e-con e-child\" data-id=\"22bdf999\" data-element_type=\"container\" data-e-type=\"container\">\n\t\t\t\t<div class=\"elementor-element elementor-element-2176a12a elementor-widget elementor-widget-image\" data-id=\"2176a12a\" data-element_type=\"widget\" data-e-type=\"widget\" data-widget_type=\"image.default\">\n\t\t\t\t\t\t\t\t\t\t\t\t\t\t\t<img decoding=\"async\" width=\"760\" height=\"501\" src=\"https:\/\/cparici.com\/wp-content\/uploads\/2024\/06\/Concarneau-ville-close-vue-aerienne-1024x675.jpg\" class=\"attachment-large size-large wp-image-35905\" alt=\"\" srcset=\"https:\/\/cparici.com\/wp-content\/uploads\/2024\/06\/Concarneau-ville-close-vue-aerienne-1024x675.jpg 1024w, https:\/\/cparici.com\/wp-content\/uploads\/2024\/06\/Concarneau-ville-close-vue-aerienne-600x395.jpg 600w, https:\/\/cparici.com\/wp-content\/uploads\/2024\/06\/Concarneau-ville-close-vue-aerienne-300x198.jpg 300w, https:\/\/cparici.com\/wp-content\/uploads\/2024\/06\/Concarneau-ville-close-vue-aerienne-768x506.jpg 768w, https:\/\/cparici.com\/wp-content\/uploads\/2024\/06\/Concarneau-ville-close-vue-aerienne-1536x1012.jpg 1536w, https:\/\/cparici.com\/wp-content\/uploads\/2024\/06\/Concarneau-ville-close-vue-aerienne.jpg 1920w\" sizes=\"(max-width: 760px) 100vw, 760px\">\t\t\t\t\t\t\t\t\t\t\t\t\t\t\t<\/div>\n\t\t\t\t<\/div>\n\t\t\t\t\t<\/div>\n\t\t\t\t<\/div>\n\t\t<div class=\"elementor-element elementor-element-3175519e e-flex e-con-boxed e-con e-parent\" data-id=\"3175519e\" data-element_type=\"container\" data-e-type=\"container\">\n\t\t\t\t\t<div class=\"e-con-inner\">\n\t\t\t\t<div class=\"elementor-element elementor-element-124e3c7c elementor-widget-divider--view-line_icon elementor-view-default elementor-widget-divider--element-align-center elementor-widget elementor-widget-divider\" data-id=\"124e3c7c\" data-element_type=\"widget\" data-e-type=\"widget\" data-widget_type=\"divider.default\">\n\t\t\t\t\t\t\t<div class=\"elementor-divider\">\n\t\t\t<span class=\"elementor-divider-separator\">\n\t\t\t\t\t\t\t<div class=\"elementor-icon elementor-divider__element\">\n\t\t\t\t\t<svg aria-hidden=\"true\" class=\"e-font-icon-svg e-fas-street-view\" viewBox=\"0 0 512 512\" xmlns=\"http:\/\/www.w3.org\/2000\/svg\"><path d=\"M367.9 329.76c-4.62 5.3-9.78 10.1-15.9 13.65v22.94c66.52 9.34 112 28.05 112 49.65 0 30.93-93.12 56-208 56S48 446.93 48 416c0-21.6 45.48-40.3 112-49.65v-22.94c-6.12-3.55-11.28-8.35-15.9-13.65C58.87 345.34 0 378.05 0 416c0 53.02 114.62 96 256 96s256-42.98 256-96c0-37.95-58.87-70.66-144.1-86.24zM256 128c35.35 0 64-28.65 64-64S291.35 0 256 0s-64 28.65-64 64 28.65 64 64 64zm-64 192v96c0 17.67 14.33 32 32 32h64c17.67 0 32-14.33 32-32v-96c17.67 0 32-14.33 32-32v-96c0-26.51-21.49-48-48-48h-11.8c-11.07 5.03-23.26 8-36.2 8s-25.13-2.97-36.2-8H208c-26.51 0-48 21.49-48 48v96c0 17.67 14.33 32 32 32z\"><\/path><\/svg><\/div>\n\t\t\t\t\t\t<\/span>\n\t\t<\/div>\n\t\t\t\t\t\t<\/div>\n\t\t\t\t<div class=\"elementor-element elementor-element-a06eea elementor-widget elementor-widget-heading\" data-id=\"a06eea\" data-element_type=\"widget\" data-e-type=\"widget\" data-widget_type=\"heading.default\">\n\t\t\t\t\t<h2 class=\"elementor-heading-title elementor-size-default\">Les Halles de Concarneau<\/h2>\t\t\t\t<\/div>\n\t\t\t\t\t<\/div>\n\t\t\t\t<\/div>\n\t\t<div class=\"elementor-element elementor-element-90dff52 e-flex e-con-boxed e-con e-parent\" data-id=\"90dff52\" data-element_type=\"container\" data-e-type=\"container\">\n\t\t\t\t\t<div class=\"e-con-inner\">\n\t\t<div class=\"elementor-element elementor-element-81ed995 e-con-full e-flex e-con e-child\" data-id=\"81ed995\" data-element_type=\"container\" data-e-type=\"container\">\n\t\t\t\t<div class=\"elementor-element elementor-element-642ceae elementor-widget elementor-widget-heading\" data-id=\"642ceae\" data-element_type=\"widget\" data-e-type=\"widget\" data-widget_type=\"heading.default\">\n\t\t\t\t\t<h3 class=\"elementor-heading-title elementor-size-default\">Architecture et Am\u00e9nagement<\/h3>\t\t\t\t<\/div>\n\t\t\t\t<div class=\"elementor-element elementor-element-8d0af6d elementor-widget elementor-widget-text-editor\" data-id=\"8d0af6d\" data-element_type=\"widget\" data-e-type=\"widget\" data-widget_type=\"text-editor.default\">\n\t\t\t\t\t\t\t\t\t<p>Les halles de Concarneau sont un exemple remarquable de l\u2019architecture traditionnelle bretonne. Construites au XIXe si\u00e8cle, elles se caract\u00e9risent par leur structure en fer forg\u00e9 et leurs grandes baies vitr\u00e9es qui laissent entrer la lumi\u00e8re naturelle. L\u2019int\u00e9rieur est spacieux et bien organis\u00e9, permettant aux visiteurs de se d\u00e9placer facilement entre les diff\u00e9rents stands.<\/p>\t\t\t\t\t\t\t\t<\/div>\n\t\t\t\t<\/div>\n\t\t<div class=\"elementor-element elementor-element-615f6d1 e-con-full e-flex e-con e-child\" data-id=\"615f6d1\" data-element_type=\"container\" data-e-type=\"container\">\n\t\t\t\t<div class=\"elementor-element elementor-element-be5a4ea elementor-widget elementor-widget-heading\" data-id=\"be5a4ea\" data-element_type=\"widget\" data-e-type=\"widget\" data-widget_type=\"heading.default\">\n\t\t\t\t\t<h3 class=\"elementor-heading-title elementor-size-default\">Ambiance et Atmosph\u00e8re\n<\/h3>\t\t\t\t<\/div>\n\t\t\t\t<div class=\"elementor-element elementor-element-646ae57 elementor-widget elementor-widget-text-editor\" data-id=\"646ae57\" data-element_type=\"widget\" data-e-type=\"widget\" data-widget_type=\"text-editor.default\">\n\t\t\t\t\t\t\t\t\t<p>L\u2019ambiance des halles de Concarneau est \u00e0 la fois chaleureuse et dynamique. Les marchands accueillants, les discussions anim\u00e9es et les rires des clients cr\u00e9ent une atmosph\u00e8re vivante. Chaque stand offre une explosion de couleurs et de saveurs, invitant les visiteurs \u00e0 d\u00e9couvrir les d\u00e9lices locaux.<\/p>\t\t\t\t\t\t\t\t<\/div>\n\t\t\t\t<\/div>\n\t\t\t\t\t<\/div>\n\t\t\t\t<\/div>\n\t\t<div class=\"elementor-element elementor-element-737f88ec e-flex e-con-boxed e-con e-parent\" data-id=\"737f88ec\" data-element_type=\"container\" data-e-type=\"container\">\n\t\t\t\t\t<div class=\"e-con-inner\">\n\t\t<div class=\"elementor-element elementor-element-28e45608 e-con-full e-flex e-con e-child\" data-id=\"28e45608\" data-element_type=\"container\" data-e-type=\"container\">\n\t\t\t\t<div class=\"elementor-element elementor-element-1d488b5a elementor-widget elementor-widget-image\" data-id=\"1d488b5a\" data-element_type=\"widget\" data-e-type=\"widget\" data-widget_type=\"image.default\">\n\t\t\t\t\t\t\t\t\t\t\t\t\t\t\t<img decoding=\"async\" width=\"760\" height=\"570\" src=\"https:\/\/cparici.com\/wp-content\/uploads\/2024\/06\/ville-close-concarneau-vue-criee-1024x768.jpg\" class=\"attachment-large size-large wp-image-36646\" alt=\"\" srcset=\"https:\/\/cparici.com\/wp-content\/uploads\/2024\/06\/ville-close-concarneau-vue-criee-1024x768.jpg 1024w, https:\/\/cparici.com\/wp-content\/uploads\/2024\/06\/ville-close-concarneau-vue-criee-scaled-600x450.jpg 600w, https:\/\/cparici.com\/wp-content\/uploads\/2024\/06\/ville-close-concarneau-vue-criee-300x225.jpg 300w, https:\/\/cparici.com\/wp-content\/uploads\/2024\/06\/ville-close-concarneau-vue-criee-768x576.jpg 768w, https:\/\/cparici.com\/wp-content\/uploads\/2024\/06\/ville-close-concarneau-vue-criee-1536x1152.jpg 1536w, https:\/\/cparici.com\/wp-content\/uploads\/2024\/06\/ville-close-concarneau-vue-criee-2048x1536.jpg 2048w\" sizes=\"(max-width: 760px) 100vw, 760px\">\t\t\t\t\t\t\t\t\t\t\t\t\t\t\t<\/div>\n\t\t\t\t<\/div>\n\t\t<div class=\"elementor-element elementor-element-76d64474 e-con-full e-flex e-con e-child\" data-id=\"76d64474\" data-element_type=\"container\" data-e-type=\"container\">\n\t\t\t\t<div class=\"elementor-element elementor-element-5478e37d elementor-widget elementor-widget-image\" data-id=\"5478e37d\" data-element_type=\"widget\" data-e-type=\"widget\" data-widget_type=\"image.default\">\n\t\t\t\t\t\t\t\t\t\t\t\t\t\t\t<img decoding=\"async\" width=\"760\" height=\"570\" src=\"https:\/\/cparici.com\/wp-content\/uploads\/2024\/06\/ville-close-pave-1-1024x768.jpg\" class=\"attachment-large size-large wp-image-36652\" alt=\"\" srcset=\"https:\/\/cparici.com\/wp-content\/uploads\/2024\/06\/ville-close-pave-1-1024x768.jpg 1024w, https:\/\/cparici.com\/wp-content\/uploads\/2024\/06\/ville-close-pave-1-scaled-600x450.jpg 600w, https:\/\/cparici.com\/wp-content\/uploads\/2024\/06\/ville-close-pave-1-300x225.jpg 300w, https:\/\/cparici.com\/wp-content\/uploads\/2024\/06\/ville-close-pave-1-768x576.jpg 768w, https:\/\/cparici.com\/wp-content\/uploads\/2024\/06\/ville-close-pave-1-1536x1152.jpg 1536w, https:\/\/cparici.com\/wp-content\/uploads\/2024\/06\/ville-close-pave-1-2048x1536.jpg 2048w\" sizes=\"(max-width: 760px) 100vw, 760px\">\t\t\t\t\t\t\t\t\t\t\t\t\t\t\t<\/div>\n\t\t\t\t<\/div>\n\t\t\t\t\t<\/div>\n\t\t\t\t<\/div>\n\t\t<div class=\"elementor-element elementor-element-e0d222a e-flex e-con-boxed e-con e-parent\" data-id=\"e0d222a\" data-element_type=\"container\" data-e-type=\"container\">\n\t\t\t\t\t<div class=\"e-con-inner\">\n\t\t\t\t<div class=\"elementor-element elementor-element-c2a1840 elementor-widget elementor-widget-heading\" data-id=\"c2a1840\" data-element_type=\"widget\" data-e-type=\"widget\" data-widget_type=\"heading.default\">\n\t\t\t\t\t<h2 class=\"elementor-heading-title elementor-size-default\">Produits Locaux et Sp\u00e9cialit\u00e9s R\u00e9gionales\n<\/h2>\t\t\t\t<\/div>\n\t\t\t\t\t<\/div>\n\t\t\t\t<\/div>\n\t\t<div class=\"elementor-element elementor-element-0045a3a e-flex e-con-boxed e-con e-parent\" data-id=\"0045a3a\" data-element_type=\"container\" data-e-type=\"container\">\n\t\t\t\t\t<div class=\"e-con-inner\">\n\t\t<div class=\"elementor-element elementor-element-880c86f e-con-full e-flex e-con e-child\" data-id=\"880c86f\" data-element_type=\"container\" data-e-type=\"container\">\n\t\t\t\t<div class=\"elementor-element elementor-element-8e81100 elementor-widget elementor-widget-heading\" data-id=\"8e81100\" data-element_type=\"widget\" data-e-type=\"widget\" data-widget_type=\"heading.default\">\n\t\t\t\t\t<h3 class=\"elementor-heading-title elementor-size-default\">Poissons et Fruits de Mer<\/h3>\t\t\t\t<\/div>\n\t\t\t\t<div class=\"elementor-element elementor-element-307cee6 elementor-widget elementor-widget-text-editor\" data-id=\"307cee6\" data-element_type=\"widget\" data-e-type=\"widget\" data-widget_type=\"text-editor.default\">\n\t\t\t\t\t\t\t\t\t<p>\u00c9tant une ville c\u00f4ti\u00e8re, Concarneau est c\u00e9l\u00e8bre pour ses poissons et fruits de mer frais. Les p\u00eacheurs locaux apportent chaque matin leurs prises, garantissant la fra\u00eecheur et la qualit\u00e9 des produits. Les visiteurs peuvent trouver une grande vari\u00e9t\u00e9 de poissons, de crustac\u00e9s et de coquillages, parfaits pour pr\u00e9parer un festin de fruits de me<\/p>\t\t\t\t\t\t\t\t<\/div>\n\t\t\t\t<\/div>\n\t\t<div class=\"elementor-element elementor-element-d1c8b2d e-con-full e-flex e-con e-child\" data-id=\"d1c8b2d\" data-element_type=\"container\" data-e-type=\"container\">\n\t\t\t\t<div class=\"elementor-element elementor-element-47c4854 elementor-widget elementor-widget-heading\" data-id=\"47c4854\" data-element_type=\"widget\" data-e-type=\"widget\" data-widget_type=\"heading.default\">\n\t\t\t\t\t<h3 class=\"elementor-heading-title elementor-size-default\">Ambiance et Atmosph\u00e8re\nProduits Fermiers et Artisanaux<\/h3>\t\t\t\t<\/div>\n\t\t\t\t<div class=\"elementor-element elementor-element-460fb7a elementor-widget elementor-widget-text-editor\" data-id=\"460fb7a\" data-element_type=\"widget\" data-e-type=\"widget\" data-widget_type=\"text-editor.default\">\n\t\t\t\t\t\t\t\t\t<p>Le march\u00e9 de Concarneau est \u00e9galement un excellent endroit pour d\u00e9couvrir les produits fermiers et artisanaux de la r\u00e9gion. Des l\u00e9gumes frais, des fruits de saison, du fromage artisanal, et des viandes de qualit\u00e9 sont disponibles directement des producteurs locaux. Ces produits refl\u00e8tent le savoir-faire et la passion des agriculteurs bretons.<\/p>\t\t\t\t\t\t\t\t<\/div>\n\t\t\t\t<\/div>\n\t\t\t\t\t<\/div>\n\t\t\t\t<\/div>\n\t\t<div class=\"elementor-element elementor-element-21152653 e-flex e-con-boxed e-con e-parent\" data-id=\"21152653\" data-element_type=\"container\" data-e-type=\"container\">\n\t\t\t\t\t<div class=\"e-con-inner\">\n\t\t\t\t<div class=\"elementor-element elementor-element-5990656e elementor-widget elementor-widget-heading\" data-id=\"5990656e\" data-element_type=\"widget\" data-e-type=\"widget\" data-widget_type=\"heading.default\">\n\t\t\t\t\t<h2 class=\"elementor-heading-title elementor-size-default\">Vins et Boissons R\u00e9gionales\n<\/h2>\t\t\t\t<\/div>\n\t\t\t\t<div class=\"elementor-element elementor-element-591080c elementor-widget elementor-widget-text-editor\" data-id=\"591080c\" data-element_type=\"widget\" data-e-type=\"widget\" data-widget_type=\"text-editor.default\">\n\t\t\t\t\t\t\t\t\t<p>Les amateurs de boissons trouveront \u00e9galement leur bonheur au march\u00e9 de Concarneau. Des stands proposent une s\u00e9lection de vins r\u00e9gionaux, de cidres artisanaux, et de bi\u00e8res locales. Ces boissons accompagnent parfaitement les sp\u00e9cialit\u00e9s culinaires bretonnes et offrent une d\u00e9gustation authentique de la r\u00e9gion.<\/p>\t\t\t\t\t\t\t\t<\/div>\n\t\t\t\t\t<\/div>\n\t\t\t\t<\/div>\n\t\t<div class=\"elementor-element elementor-element-c387945 e-flex e-con-boxed e-con e-parent\" data-id=\"c387945\" data-element_type=\"container\" data-e-type=\"container\">\n\t\t\t\t\t<div class=\"e-con-inner\">\n\t\t\t\t<div class=\"elementor-element elementor-element-6e9e780 elementor-widget elementor-widget-heading\" data-id=\"6e9e780\" data-element_type=\"widget\" data-e-type=\"widget\" data-widget_type=\"heading.default\">\n\t\t\t\t\t<h2 class=\"elementor-heading-title elementor-size-default\">Informations Pratiques\n<\/h2>\t\t\t\t<\/div>\n\t\t\t\t<div class=\"elementor-element elementor-element-87202c5 elementor-widget elementor-widget-text-editor\" data-id=\"87202c5\" data-element_type=\"widget\" data-e-type=\"widget\" data-widget_type=\"text-editor.default\">\n\t\t\t\t\t\t\t\t\t<p><strong>Halles de Concarneau:<\/strong><\/p><p>Jours et horaires:<span style=\"color: var( --e-global-color-text ); text-align: var(--text-align);\">Ouvert tous les jours de 8h30 \u00e0 13h00.<\/span><\/p><p>Produits: Produits frais, produits locaux, produits non alimentaires.<br \/>Adresse: Place Jean Jaur\u00e8s, 29900 Concarneau<br \/>Site web: https:\/\/halles-cornouaille.com\/halles-de-cornouaille\/concarneau\/<br \/>Num\u00e9ro de t\u00e9l\u00e9phone: +33 2 98 50 54 55<\/p><p><strong>March\u00e9 alimentaire et non alimentaire:<\/strong><\/p><p>Jours et horaires:<br \/>Lundi de 8h00 \u00e0 14h00.<br \/>Ferm\u00e9 du mardi au dimanche.<br \/>Produits: Produits frais, produits locaux, produits non alimentaires.<br \/>Adresse: Place Jean Jaur\u00e8s, 29900 Concarneau<br \/>Remarques: Ce march\u00e9 est plus petit que les Halles de Concarneau et a une s\u00e9lection plus limit\u00e9e de produits.<\/p><p><br \/><strong>Autres march\u00e9s:<\/strong><\/p><p>March\u00e9 Beuzec-Conq: Vente ambulante de pizzas, le mardi \u00e0 partir de 18h00 sur le parking de la rue de Stang Coulz.<br \/>March\u00e9 du Parvis des Halles: Vente ambulante de pain, le mercredi \u00e0 partir de 16h30.<\/p>\t\t\t\t\t\t\t\t<\/div>\n\t\t\t\t\t<\/div>\n\t\t\t\t<\/div>\n\t\t<div class=\"elementor-element elementor-element-f328d70 e-flex e-con-boxed e-con e-parent\" data-id=\"f328d70\" data-element_type=\"container\" data-e-type=\"container\">\n\t\t\t\t\t<div class=\"e-con-inner\">\n\t\t\t\t<div class=\"elementor-element elementor-element-b3b1181 elementor-widget elementor-widget-heading\" data-id=\"b3b1181\" data-element_type=\"widget\" data-e-type=\"widget\" data-widget_type=\"heading.default\">\n\t\t\t\t\t<h2 class=\"elementor-heading-title elementor-size-default\">Horaires et Jours d\u2019Ouverture\n<\/h2>\t\t\t\t<\/div>\n\t\t\t\t<div class=\"elementor-element elementor-element-56f7fe2 elementor-widget elementor-widget-text-editor\" data-id=\"56f7fe2\" data-element_type=\"widget\" data-e-type=\"widget\" data-widget_type=\"text-editor.default\">\n\t\t\t\t\t\t\t\t\t<p>Le march\u00e9 de Concarneau est ouvert tous les jours, mais les jours les plus anim\u00e9s sont le lundi et le vendredi, o\u00f9 le march\u00e9 prend toute son ampleur avec un plus grand nombre de stands. Les horaires typiques sont de 8h \u00e0 13h, permettant aux visiteurs de profiter des produits frais d\u00e8s le matin.<\/p><h2>Conseils pour les Visiteurs<\/h2><p>Pour profiter pleinement de votre visite au march\u00e9 de Concarneau, il est recommand\u00e9 d\u2019arriver t\u00f4t pour \u00e9viter la foule et obtenir les meilleurs produits. N\u2019h\u00e9sitez pas \u00e0 discuter avec les marchands pour obtenir des conseils sur la pr\u00e9paration des produits et d\u00e9couvrir des recettes locales. Apportez \u00e9galement des sacs r\u00e9utilisables pour transporter vos achats de mani\u00e8re \u00e9cologique.<\/p><h2>Activit\u00e9s et \u00c9v\u00e9nements au March\u00e9<\/h2><p>Animations et D\u00e9gustations<br \/>Le march\u00e9 de Concarneau organise r\u00e9guli\u00e8rement des animations et des d\u00e9gustations pour le plaisir des visiteurs. Ces \u00e9v\u00e9nements permettent de d\u00e9couvrir de nouveaux produits, d\u2019apprendre des techniques culinaires et de rencontrer les producteurs. Les d\u00e9gustations sont une excellente occasion de go\u00fbter avant d\u2019acheter.<\/p><p>Ateliers et Expositions<br \/>En plus des animations, des ateliers et des expositions sont souvent organis\u00e9s au march\u00e9. Ces activit\u00e9s \u00e9ducatives et culturelles offrent une perspective enrichissante sur les traditions locales, les m\u00e9thodes de production et l\u2019artisanat. Que vous soyez int\u00e9ress\u00e9 par la cuisine, l\u2019art ou l\u2019histoire, il y a toujours quelque chose \u00e0 d\u00e9couvrir.<\/p><h2>Impact \u00c9conomique et Social<\/h2><h3><br \/>R\u00f4le dans l\u2019\u00c9conomie Locale<\/h3><p><br \/>Le march\u00e9 de Concarneau joue un r\u00f4le crucial dans l\u2019\u00e9conomie locale. Il soutient les agriculteurs, les p\u00eacheurs et les artisans en leur offrant une plateforme pour vendre leurs produits directement aux consommateurs. Cela favorise une \u00e9conomie circulaire et r\u00e9duit les interm\u00e9diaires, permettant aux producteurs de recevoir une r\u00e9mun\u00e9ration \u00e9quitable.<\/p><h3>Interaction Sociale et Culturelle<\/h3><p><br \/>Au-del\u00e0 de son impact \u00e9conomique, le march\u00e9 de Concarneau est un lieu d\u2019interaction sociale et culturelle. Il favorise les rencontres entre les habitants, les \u00e9changes interg\u00e9n\u00e9rationnels et le partage des traditions. C\u2019est un lieu o\u00f9 les liens communautaires se renforcent et o\u00f9 la culture locale est c\u00e9l\u00e9br\u00e9e.<\/p>\t\t\t\t\t\t\t\t<\/div>\n\t\t\t\t\t<\/div>\n\t\t\t\t<\/div>\n\t\t<div class=\"elementor-element elementor-element-e47228d e-flex e-con-boxed e-con e-parent\" data-id=\"e47228d\" data-element_type=\"container\" data-e-type=\"container\">\n\t\t\t\t\t<div class=\"e-con-inner\">\n\t\t\t\t<div class=\"elementor-element elementor-element-8f7c612 elementor-widget elementor-widget-heading\" data-id=\"8f7c612\" data-element_type=\"widget\" data-e-type=\"widget\" data-widget_type=\"heading.default\">\n\t\t\t\t\t<h2 class=\"elementor-heading-title elementor-size-default\">FAQ sur le March\u00e9 de Concarneau\n<\/h2>\t\t\t\t<\/div>\n\t\t\t\t<div class=\"elementor-element elementor-element-c8a0934 elementor-widget elementor-widget-text-editor\" data-id=\"c8a0934\" data-element_type=\"widget\" data-e-type=\"widget\" data-widget_type=\"text-editor.default\">\n\t\t\t\t\t\t\t\t\t<p><br \/><strong>Quels sont les jours et horaires d\u2019ouverture du march\u00e9 de Concarneau ?<\/strong><\/p><p>Le march\u00e9 de Concarneau est ouvert tous les jours, avec une affluence particuli\u00e8re les lundis et vendredis. Les horaires sont g\u00e9n\u00e9ralement de 8h \u00e0 13h.<\/p><p><strong>Quels types de produits peut-on trouver au march\u00e9 de Concarneau ?<\/strong><\/p><p>On peut trouver une grande vari\u00e9t\u00e9 de produits frais et locaux, y compris des poissons et fruits de mer, des l\u00e9gumes, des fruits, des fromages, des viandes, et des boissons r\u00e9gionales.<\/p><p><strong>O\u00f9 se situe le march\u00e9 de Concarneau ?<\/strong><\/p><p>Le march\u00e9 de Concarneau est situ\u00e9 dans le centre-ville, accessible \u00e0 pied, en voiture ou en transport public.<\/p><p><strong>Comment se rendre au march\u00e9 de Concarneau ?<\/strong><\/p><p>Le march\u00e9 est accessible en voiture avec plusieurs parkings \u00e0 proximit\u00e9, ainsi qu\u2019en transport public gr\u00e2ce aux bus locaux.<\/p><p><strong>Y a-t-il des \u00e9v\u00e9nements sp\u00e9ciaux au march\u00e9 de Concarneau ?<\/strong><\/p><p>Oui, le march\u00e9 de Concarneau organise r\u00e9guli\u00e8rement des animations, des d\u00e9gustations, des ateliers et des expositions pour les visiteurs.<\/p><p><strong>Quelles sont les meilleures p\u00e9riodes pour visiter le march\u00e9 de Concarneau ?<\/strong><\/p><p>Les meilleures p\u00e9riodes pour visiter sont t\u00f4t le matin pour \u00e9viter la foule et les jours de march\u00e9 principaux, comme le lundi et le vendredi.<\/p><h2>March\u00e9 Concarneau \u2013 Conclusion<\/h2><p><br \/>Le march\u00e9 de Concarneau dans le Finist\u00e8re est bien plus qu\u2019un simple lieu de commerce. C\u2019est un lieu vibrant o\u00f9 l\u2019histoire, la culture et la gastronomie se rencontrent pour offrir une exp\u00e9rience unique aux visiteurs. Que vous soyez un habitant ou un touriste, ne manquez pas l\u2019occasion de d\u00e9couvrir les tr\u00e9sors du march\u00e9 de Concarneau. Planifiez votre visite d\u00e8s aujourd\u2019hui et plongez dans l\u2019atmosph\u00e8re chaleureuse et accueillante de ce march\u00e9 embl\u00e9matique.<\/p>\t\t\t\t\t\t\t\t<\/div>\n\t\t\t\t\t<\/div>\n\t\t\t\t<\/div>\n\t\t<div class=\"elementor-element elementor-element-732d43a e-flex e-con-boxed e-con e-parent\" data-id=\"732d43a\" data-element_type=\"container\" data-e-type=\"container\">\n\t\t\t\t\t<div class=\"e-con-inner\">\n\t\t\t\t<div class=\"elementor-element elementor-element-fe3b2bf elementor-widget elementor-widget-listeo-posts-grid\" data-id=\"fe3b2bf\" data-element_type=\"widget\" data-e-type=\"widget\" data-widget_type=\"listeo-posts-grid.default\">\n\t\t\t\t<div class=\"elementor-widget-container\">\n\t\t\t\t\t\t\t\n\t\t<div class=\"listeo-post-grid-wrapper\">\n\t\t\t<div class=\"row\">\n\n\t\t\t\n\n\t\t\t\t\t\t\t<div class=\"col-md-4\">\n                <a href=\"https:\/\/cparici.com\/en\/ville-close-de-concarneau-en-finistere\/\" class=\"blog-compact-item-container\">\n                    <div class=\"blog-compact-item\">\n                        <img decoding=\"async\" width=\"577\" height=\"210\" src=\"https:\/\/cparici.com\/wp-content\/uploads\/2022\/09\/concarneau-banniere-1.jpg\" class=\"attachment-listeo-blog-related-post size-listeo-blog-related-post wp-post-image\" alt=\"ville close de concarneau\" srcset=\"https:\/\/cparici.com\/wp-content\/uploads\/2022\/09\/concarneau-banniere-1.jpg 1521w, https:\/\/cparici.com\/wp-content\/uploads\/2022\/09\/concarneau-banniere-1-600x219.jpg 600w, https:\/\/cparici.com\/wp-content\/uploads\/2022\/09\/concarneau-banniere-1-768x279.jpg 768w\" sizes=\"(max-width: 577px) 100vw, 577px\" \/><span class=\"blog-item-tag\">Bretagne<\/span>                        \n                        <div class=\"blog-compact-item-content\">\n                                                        <h3>Ville close de Concarneau en finist\u00e8re<\/h3>\n                                                        <p>Ville close de Concarneau-  Informations pratiques, d\u00e9couvrez ce lieu unique charg\u00e9 d'histoire en Cornouaille...                            <\/p>\n                                                    <\/div>\n                    <\/div>\n                <\/a>\n            <\/div>\n\t\t\t<div class=\"col-md-4\">\n                <a href=\"https:\/\/cparici.com\/en\/les-glenans-navette-prix-tarifs-et-horaires-pour-larchipel\/\" class=\"blog-compact-item-container\">\n                    <div class=\"blog-compact-item\">\n                        <img decoding=\"async\" width=\"577\" height=\"217\" src=\"https:\/\/cparici.com\/wp-content\/uploads\/2024\/06\/les-glenans-navette-prix.jpg\" class=\"attachment-listeo-blog-related-post size-listeo-blog-related-post wp-post-image\" alt=\"les gl\u00e9nans navette prix\" srcset=\"https:\/\/cparici.com\/wp-content\/uploads\/2024\/06\/les-glenans-navette-prix.jpg 1500w, https:\/\/cparici.com\/wp-content\/uploads\/2024\/06\/les-glenans-navette-prix-600x225.jpg 600w, https:\/\/cparici.com\/wp-content\/uploads\/2024\/06\/les-glenans-navette-prix-300x113.jpg 300w, https:\/\/cparici.com\/wp-content\/uploads\/2024\/06\/les-glenans-navette-prix-1024x384.jpg 1024w, https:\/\/cparici.com\/wp-content\/uploads\/2024\/06\/les-glenans-navette-prix-768x288.jpg 768w\" sizes=\"(max-width: 577px) 100vw, 577px\" \/><span class=\"blog-item-tag\">Archipel Les Gl\u00e9nans<\/span>                        \n                        <div class=\"blog-compact-item-content\">\n                                                        <h3>Les Gl\u00e9nans navette prix &#8211; tarifs et horaires pour l&#8217;archipel<\/h3>\n                                                        <p>Comment acc\u00e9der aux gl\u00e9nans, le joyau de la Bretagne ? Comparez les prix des navettes...                            <\/p>\n                                                    <\/div>\n                    <\/div>\n                <\/a>\n            <\/div>\n\t\t\t<div class=\"col-md-4\">\n                <a href=\"https:\/\/cparici.com\/en\/marche-concarneau-dans-le-finistere\/\" class=\"blog-compact-item-container\">\n                    <div class=\"blog-compact-item\">\n                        <img decoding=\"async\" width=\"577\" height=\"192\" src=\"https:\/\/cparici.com\/wp-content\/uploads\/2024\/06\/marche-concarneau.jpg\" class=\"attachment-listeo-blog-related-post size-listeo-blog-related-post wp-post-image\" alt=\"march\u00e9 concarneau\" srcset=\"https:\/\/cparici.com\/wp-content\/uploads\/2024\/06\/marche-concarneau.jpg 1500w, https:\/\/cparici.com\/wp-content\/uploads\/2024\/06\/marche-concarneau-600x200.jpg 600w, https:\/\/cparici.com\/wp-content\/uploads\/2024\/06\/marche-concarneau-300x100.jpg 300w, https:\/\/cparici.com\/wp-content\/uploads\/2024\/06\/marche-concarneau-1024x341.jpg 1024w, https:\/\/cparici.com\/wp-content\/uploads\/2024\/06\/marche-concarneau-768x256.jpg 768w\" sizes=\"(max-width: 577px) 100vw, 577px\" \/><span class=\"blog-item-tag\">Bretagne<\/span>                        \n                        <div class=\"blog-compact-item-content\">\n                                                        <h3>March\u00e9 Concarneau dans le Finist\u00e8re<\/h3>\n                                                        <p>D\u00e9couvrez le march\u00e9 de Concarneau dans le Finist\u00e8re, son histoire, ses produits locaux, ses horaires,...                            <\/p>\n                                                    <\/div>\n                    <\/div>\n                <\/a>\n            <\/div>\n  <\/div>\n        <\/div>\n        \t\t\t\t<\/div>\n\t\t\t\t<\/div>\n\t\t\t\t\t<\/div>\n\t\t\t\t<\/div>\n\t\t\t\t<\/div>\n\t\t","protected":false},"excerpt":{"rendered":"<p>Discover the Concarneau market in Finist\u00e8re, its history, local products, opening hours and much more. Explore the unique atmosphere of the market halls and enjoy regional specialties.<\/p>","protected":false},"author":1,"featured_media":35821,"comment_status":"closed","ping_status":"open","sticky":false,"template":"","format":"standard","meta":{"ngg_post_thumbnail":0,"footnotes":""},"categories":[481,478,479,477],"tags":[904],"class_list":["post-35820","post","type-post","status-publish","format-standard","has-post-thumbnail","hentry","category-concarneau","category-bretagne","category-finistere","category-france","tag-marche"],"_links":{"self":[{"href":"https:\/\/cparici.com\/en\/wp-json\/wp\/v2\/posts\/35820","targetHints":{"allow":["GET"]}}],"collection":[{"href":"https:\/\/cparici.com\/en\/wp-json\/wp\/v2\/posts"}],"about":[{"href":"https:\/\/cparici.com\/en\/wp-json\/wp\/v2\/types\/post"}],"author":[{"embeddable":true,"href":"https:\/\/cparici.com\/en\/wp-json\/wp\/v2\/users\/1"}],"replies":[{"embeddable":true,"href":"https:\/\/cparici.com\/en\/wp-json\/wp\/v2\/comments?post=35820"}],"version-history":[{"count":0,"href":"https:\/\/cparici.com\/en\/wp-json\/wp\/v2\/posts\/35820\/revisions"}],"wp:featuredmedia":[{"embeddable":true,"href":"https:\/\/cparici.com\/en\/wp-json\/wp\/v2\/media\/35821"}],"wp:attachment":[{"href":"https:\/\/cparici.com\/en\/wp-json\/wp\/v2\/media?parent=35820"}],"wp:term":[{"taxonomy":"category","embeddable":true,"href":"https:\/\/cparici.com\/en\/wp-json\/wp\/v2\/categories?post=35820"},{"taxonomy":"post_tag","embeddable":true,"href":"https:\/\/cparici.com\/en\/wp-json\/wp\/v2\/tags?post=35820"}],"curies":[{"name":"wp","href":"https:\/\/api.w.org\/{rel}","templated":true}]}}