{"id":37295,"date":"2024-06-22T08:28:07","date_gmt":"2024-06-22T06:28:07","guid":{"rendered":"https:\/\/cparici.com\/?p=37295"},"modified":"2026-02-01T18:00:36","modified_gmt":"2026-02-01T17:00:36","slug":"saint-pee-sur-nivelle","status":"publish","type":"post","link":"https:\/\/cparici.com\/en\/saint-pee-sur-nivelle\/","title":{"rendered":"Saint P\u00e9e sur Nivelle: Nature, History and Adventures"},"content":{"rendered":"\t\t<div data-elementor-type=\"wp-post\" data-elementor-id=\"37295\" class=\"elementor elementor-37295\" data-elementor-post-type=\"post\">\n\t\t\t\t<div class=\"elementor-element elementor-element-88be96a e-con-full e-flex e-con e-parent\" data-id=\"88be96a\" data-element_type=\"container\" data-e-type=\"container\">\n\t\t\t\t<div class=\"elementor-element elementor-element-eadce46 elementor-widget elementor-widget-image\" data-id=\"eadce46\" data-element_type=\"widget\" data-e-type=\"widget\" data-widget_type=\"image.default\">\n\t\t\t\t\t\t\t\t\t\t\t\t\t\t\t<img decoding=\"async\" width=\"1439\" height=\"593\" src=\"https:\/\/cparici.com\/wp-content\/uploads\/2024\/06\/saint-pee-sur-nivelle.jpg\" class=\"attachment-full size-full wp-image-37298\" alt=\"saint p\u00e9e sur nivelle\" srcset=\"https:\/\/cparici.com\/wp-content\/uploads\/2024\/06\/saint-pee-sur-nivelle.jpg 1439w, https:\/\/cparici.com\/wp-content\/uploads\/2024\/06\/saint-pee-sur-nivelle-600x247.jpg 600w, https:\/\/cparici.com\/wp-content\/uploads\/2024\/06\/saint-pee-sur-nivelle-300x124.jpg 300w, https:\/\/cparici.com\/wp-content\/uploads\/2024\/06\/saint-pee-sur-nivelle-1024x422.jpg 1024w, https:\/\/cparici.com\/wp-content\/uploads\/2024\/06\/saint-pee-sur-nivelle-768x316.jpg 768w\" sizes=\"(max-width: 1439px) 100vw, 1439px\" \/>\t\t\t\t\t\t\t\t\t\t\t\t\t\t\t<\/div>\n\t\t\t\t<\/div>\n\t\t<aside class=\"elementor-element elementor-element-72e4f66 e-flex e-con-boxed e-con e-parent\" data-id=\"72e4f66\" data-element_type=\"container\" data-e-type=\"container\">\n\t\t\t\t\t<div class=\"e-con-inner\">\n\t\t\t\t<div class=\"elementor-element elementor-element-e2451d1 elementor-widget elementor-widget-global elementor-global-62046 elementor-widget-eael-advanced-search\" data-id=\"e2451d1\" data-element_type=\"widget\" data-e-type=\"widget\" data-widget_type=\"eael-advanced-search.default\">\n\t\t\t\t\t        <div class=\"eael-adv-search-wrapper\">\n            <div id=\"eael-advanced-search-widget-e2451d1\" class=\"eael-advanced-search-widget\">\n                <form data-settings=\"{&quot;post_per_page&quot;:5,&quot;search_among_taxonomies&quot;:&quot;&quot;,&quot;search_among_sku&quot;:&quot;no&quot;,&quot;show_popular_keyword&quot;:0,&quot;show_category&quot;:0,&quot;show_content_image&quot;:1,&quot;show_search_result_all_results&quot;:0,&quot;result_on_new_tab&quot;:&quot;no&quot;,&quot;show_product_price&quot;:&quot;no&quot;,&quot;include_current_page&quot;:&quot;no&quot;,&quot;current_post_id&quot;:37295,&quot;post_type&quot;:[&quot;post&quot;,&quot;listing&quot;]}\" method=\"POST\" name=\"eael-advanced-search-form-e2451d1\" class=\"eael-advanced-search-form eael-advanced-search-form-style-2\">\n                    <div class=\"eael-advanced-search-wrap\">\n                        <span class=\"eael-adv-search-loader\"><\/span>\n                        <span class=\"eael-adv-search-close\"><i class=\"fas fa-times\"><\/i><\/span>\n                        <span class=\"icon \"><i class=\"fas fa-search\"><\/i><\/span>\n\n                        <input type=\"text\"\n                               placeholder=\"Votre destination\"\n                               class=\"eael-advanced-search\" autocomplete=\"off\" name=\"eael_advanced_search\">\n                    <\/div>\n\t\t\t\t\t                                    <\/form>\n\n\t\t\t\t\n\t\t\t\t        <div class=\"eael-advanced-search-result\">\n            <div class=\"eael-advanced-search-popular-keyword\">\n\t\t\t\t<h4 class=\"eael-advanced-search-popular-keyword-text\">Recherches populaires<\/h4>                <div class=\"eael-popular-keyword-content\"><\/div>\n            <\/div>\n            <div class=\"eael-advanced-search-category\">\n\t\t\t\t<h4 class=\"eael-advanced-search-category-text\">Categories<\/h4>                <div class=\"eael-popular-category-content\"><\/div>\n            <\/div>\n\t\t\t<div class=\"eael-advanced-search-total-results-section\">\n\t\t\t\t\t\t\t<\/div>\n            <div class=\"eael-advanced-search-content eael-item-style-3\">\n            <\/div>\n            <div class=\"eael-advanced-search-not-found\">\n                <p>Pas de r\u00e9sultats<\/p><\/div>\n            <div class=\"eael-advanced-search-load-more\">\n\t\t\t\t<a \tclass=\"eael-advanced-search-load-more-button\"\n                \thref=\"#\">Voir tous les r\u00e9sultats<\/a>\n            <\/div>\n        <\/div>\n\n\t\t            <\/div>\n        <\/div>\n\n\t\t\t\t\t\t<\/div>\n\t\t\t\t\t<\/div>\n\t\t\t\t<\/aside>\n\t\t<div class=\"elementor-element elementor-element-17a7da1e e-flex e-con-boxed e-con e-parent\" data-id=\"17a7da1e\" data-element_type=\"container\" data-e-type=\"container\">\n\t\t\t\t\t<div class=\"e-con-inner\">\n\t\t\t\t<div class=\"elementor-element elementor-element-493a00ff elementor-widget elementor-widget-text-editor\" data-id=\"493a00ff\" data-element_type=\"widget\" data-e-type=\"widget\" data-widget_type=\"text-editor.default\">\n\t\t\t\t\t\t\t\t\t<h1 style=\"text-align: center;\"><span style=\"font-size: 18pt;\"><strong>Saint P\u00e9e sur Nivelle<\/strong><\/span><\/h1><p><strong>Saint P\u00e9e sur Nivelle est une commune pittoresque situ\u00e9e dans la r\u00e9gion du <a href=\"https:\/\/cparici.com\/fr\/pays-basque\/\">Pays Basque<\/a>, en France<\/strong>. Ce charmant village offre une riche histoire, des paysages naturels \u00e9poustouflants, et une multitude d&#8217;activit\u00e9s pour les visiteurs. Cet article vous guidera \u00e0 travers les principales attractions, les activit\u00e9s incontournables, et les informations pratiques pour planifier votre visite.<\/p><h2><span style=\"font-size: 18pt;\">Situation G\u00e9ographique de Saint P\u00e9e sur Nivelle<\/span><\/h2><p>Saint P\u00e9e sur Nivelle se trouve dans le d\u00e9partement des <a href=\"http:\/\/pyr\u00e9n\u00e9es atlantiques\">Pyr\u00e9n\u00e9es-Atlantiques<\/a>, au c\u0153ur du Pays Basque. Nich\u00e9e entre mer et montagne, la commune est entour\u00e9e de paysages verdoyants et vallonn\u00e9s, offrant un cadre id\u00e9al pour les amoureux de la nature. Elle est situ\u00e9e \u00e0 proximit\u00e9 de villes embl\u00e9matiques comme Saint-Jean-de-Luz, Bayonne, et Biarritz, facilitant les excursions vers ces destinations populaires.<\/p><h2><span style=\"font-size: 18pt;\">Les Communes Environnantes<\/span><\/h2><p>Les communes voisines incluent Ascain, Sare, Ahetze, et Ustaritz. Chacune de ces communes poss\u00e8de son propre charme et offre des attractions uniques, allant des traditions basques aux sites naturels remarquables.<\/p><h2><span style=\"font-size: 18pt;\">Monuments et Sites \u00e0 Visiter<\/span><\/h2><h3>L\u2019\u00c9glise Saint-Pierre<\/h3><p>L\u2019\u00e9glise Saint-Pierre est un monument historique embl\u00e9matique de la commune. Construite au XVIe si\u00e8cle, elle refl\u00e8te l&#8217;architecture basque traditionnelle avec ses galeries en bois et son clocher typique. L&#8217;int\u00e9rieur de l&#8217;\u00e9glise est d\u00e9cor\u00e9 de magnifiques \u0153uvres d&#8217;art et de vitraux color\u00e9s.<\/p><h3>Le Ch\u00e2teau d\u2019Olce<\/h3><p>Ce ch\u00e2teau du XVIIIe si\u00e8cle est un exemple impressionnant de l\u2019architecture classique basque. Bien qu&#8217;il ne soit pas ouvert au public, sa fa\u00e7ade majestueuse et ses jardins soign\u00e9s m\u00e9ritent une visite.<\/p><h3>Les Grottes de Sare<\/h3><p>\u00c0 quelques kilom\u00e8tres, les Grottes de Sare offrent une immersion fascinante dans la pr\u00e9histoire et la mythologie basque. Des visites guid\u00e9es permettent de d\u00e9couvrir les formations g\u00e9ologiques et l&#8217;histoire des habitants pr\u00e9historiques de la r\u00e9gion.<\/p><h2><span style=\"font-size: 18pt;\">Activit\u00e9s \u00e0 Saint P\u00e9e sur Nivelle<\/span><\/h2><h2 class=\"\" data-sourcepos=\"1:1-1:49\"><span style=\"font-size: 18pt;\">\u00c9v\u00e9nements culturels \u00e0 Saint-P\u00e9e-sur-Nivelle :<\/span><\/h2><ul data-sourcepos=\"3:1-3:40\"><li data-sourcepos=\"3:1-3:40\"><strong>F\u00eate de Saint-P\u00e9e &#8211; Senpereko bestak<\/strong> : Cette f\u00eate traditionnelle basque a lieu du 27 juin au 1er juillet 2024. Au programme : spectacles de pelote basque, concerts, bals, d\u00e9fil\u00e9s, et animations de rue.<br \/><div class=\"attachment-container search-images\"><div class=\"image-container hide-from-message-actions ng-star-inserted\"><div class=\"caption ellipsis gmat-caption ng-star-inserted\" aria-hidden=\"true\">\u00a0<\/div><\/div><\/div><\/li><li data-sourcepos=\"5:1-5:96\"><strong>Concert Tapas dans les jardins d&#8217;Inharria<\/strong> : Ce concert aura lieu le mercredi 24 juillet 2024 \u00e0 20h30.<br \/><div class=\"attachment-container search-images\"><div class=\"image-container hide-from-message-actions ng-star-inserted\"><div class=\"caption ellipsis gmat-caption ng-star-inserted\" aria-hidden=\"true\">\u00a0<\/div><\/div><\/div><\/li><li data-sourcepos=\"7:1-7:98\"><strong>Concert \u00e0 l&#8217;Espace Culturel Larreko<\/strong> : Ce concert aura lieu le mercredi 14 ao\u00fbt 2024 \u00e0 20h00.<\/li><li data-sourcepos=\"8:1-8:118\"><strong>March\u00e9 traditionnel<\/strong> : Ce march\u00e9 a lieu tous les vendredis matins sur la place de la mairie. Vous y trouverez des produits frais locaux, des v\u00eatements, des souvenirs, et de l&#8217;artisanat.<br \/><div class=\"attachment-container search-images\"><div class=\"image-container hide-from-message-actions ng-star-inserted\"><div class=\"caption ellipsis gmat-caption ng-star-inserted\" aria-hidden=\"true\">\u00a0<\/div><\/div><\/div><\/li><\/ul><h2 class=\"\" data-sourcepos=\"11:1-11:38\"><span style=\"font-size: 18pt;\">Festivals \u00e0 Saint-P\u00e9e-sur-Nivelle\u00a0<\/span><\/h2><ul data-sourcepos=\"13:1-17:0\"><li data-sourcepos=\"13:1-14:72\"><strong>Festival international de cin\u00e9ma de Saint-Jean-de-Luz<\/strong> : Ce festival a lieu chaque ann\u00e9e au mois d&#8217;octobre. Il propose une s\u00e9lection de films du monde entier, ainsi que des conf\u00e9rences, des ateliers, et des expositions.https:\/\/www.fifsaintjeandeluz.com\/<\/li><li data-sourcepos=\"15:1-17:0\"><strong>Festival du piment d&#8217;Espelette<\/strong> : Ce festival a lieu chaque ann\u00e9e au mois d&#8217;octobre \u00e0 Espelette. Il met \u00e0 l&#8217;honneur le piment d&#8217;Espelette, un produit du terroir basque AOP. Au programme : d\u00e9gustations, animations, et vente de produits locaux.<br \/><div class=\"attachment-container search-images\"><div class=\"image-container hide-from-message-actions ng-star-inserted\"><div class=\"caption ellipsis gmat-caption ng-star-inserted\" aria-hidden=\"true\">\u00a0<\/div><\/div><\/div><\/li><\/ul><h2 class=\"\" data-sourcepos=\"18:1-18:47\"><span style=\"font-size: 18pt;\">Sites touristiques \u00e0 Saint-P\u00e9e-sur-Nivelle<\/span> :<\/h2><ul data-sourcepos=\"20:1-20:26\"><li data-sourcepos=\"20:1-20:26\"><p data-sourcepos=\"20:3-20:151\"><strong>\u00c9glise Saint-Pierre-d&#8217;Extra<\/strong> : Cette \u00e9glise romane du XIIe si\u00e8cle est class\u00e9e monument historique. Elle abrite un retable gothique du XVIe si\u00e8cle.<\/p><\/li><li data-sourcepos=\"22:1-23:0\"><p data-sourcepos=\"22:3-22:176\"><strong>Ch\u00e2teau d&#8217;Urtubie<\/strong> : Ce ch\u00e2teau du XVe si\u00e8cle est situ\u00e9 sur les hauteurs de Saint-P\u00e9e-sur-Nivelle. Il offre une vue magnifique sur la ville et les montagnes environnantes.<\/p><\/li><li data-sourcepos=\"24:1-26:0\"><p data-sourcepos=\"24:3-24:203\"><strong>Mus\u00e9e du cuir<\/strong> : Ce mus\u00e9e retrace l&#8217;histoire de l&#8217;industrie du cuir \u00e0 Saint-P\u00e9e-sur-Nivelle. Il pr\u00e9sente une collection d&#8217;outils et de machines anciennes, ainsi que des exemples de produits en cuir.<\/p><\/li><\/ul><h2 class=\"\" data-sourcepos=\"27:1-27:48\"><span style=\"font-size: 18pt;\">Office de tourisme de Saint-P\u00e9e-sur-Nivelle<\/span>\u00a0<\/h2><ul data-sourcepos=\"29:1-32:0\"><li data-sourcepos=\"29:1-29:93\"><strong>Site web<\/strong> : https:\/\/www.tourisme64.com\/index.php<\/li><li data-sourcepos=\"30:1-30:63\"><strong>Adresse<\/strong> : Place de la Mairie, 64310 Saint-P\u00e9e-sur-Nivelle<\/li><li data-sourcepos=\"31:1-32:0\"><strong>T\u00e9l\u00e9phone<\/strong> : +33 (0)5 59 93 61 00<\/li><\/ul><h3>Le Lac de Saint P\u00e9e sur Nivelle<\/h3><p>Le lac est un lieu de d\u00e9tente et de loisirs populaire. Vous pouvez y pratiquer des activit\u00e9s nautiques comme le paddle, le cano\u00eb, et la baignade. Des aires de pique-nique et des sentiers de randonn\u00e9e autour du lac en font une destination id\u00e9ale pour les familles.<\/p><h3>La Pelote Basque<\/h3><p>Assister \u00e0 une partie de pelote basque est une exp\u00e9rience culturelle incontournable. Le fronton de Saint de la ville accueille r\u00e9guli\u00e8rement des matchs o\u00f9 vous pourrez d\u00e9couvrir ce sport traditionnel basque.<\/p><h3>Parcours Aventure et Accrobranche<\/h3><p>Pour les amateurs de sensations fortes, le parcours aventure situ\u00e9 pr\u00e8s du lac propose des circuits d&#8217;accrobranche pour tous les \u00e2ges et tous les niveaux. Une activit\u00e9 parfaite pour les familles et les groupes d&#8217;amis en qu\u00eate d&#8217;adr\u00e9naline.<\/p><h2><span style=\"font-size: 18pt;\">Randonn\u00e9es Autour de Saint P\u00e9e sur Nivelle<\/span><\/h2><h3>Sentier du Littoral<\/h3><p>Ce sentier longe la c\u00f4te basque et offre des vues spectaculaires sur l&#8217;oc\u00e9an Atlantique. Bien que le d\u00e9part se trouve \u00e0 quelques kilom\u00e8tres de la commune, il s&#8217;agit d&#8217;une randonn\u00e9e incontournable pour les amateurs de paysages c\u00f4tiers.<\/p><h3>La Rhune<\/h3><p>Le sommet de la Rhune, accessible par un train \u00e0 cr\u00e9maill\u00e8re ou par des sentiers de randonn\u00e9e, offre un panorama exceptionnel sur le Pays Basque. Depuis Saint P\u00e9e sur Nivelle, plusieurs itin\u00e9raires permettent de rejoindre ce point de vue embl\u00e9matique.<\/p><h2><span style=\"font-size: 18pt;\">Informations Pratiques<\/span><\/h2><h3>H\u00e9bergements<\/h3><p>La commune propose une vari\u00e9t\u00e9 d\u2019h\u00e9bergements pour tous les budgets. Des h\u00f4tels confortables, des chambres d&#8217;h\u00f4tes accueillantes, et des campings bien \u00e9quip\u00e9s vous permettront de passer un s\u00e9jour agr\u00e9able.<\/p><h3>Restaurants et Gastronomie<\/h3><p>La commune regorge de restaurants offrant une cuisine basque authentique. Ne manquez pas de d\u00e9guster les sp\u00e9cialit\u00e9s locales telles que le g\u00e2teau basque, le jambon de Bayonne, et les plats \u00e0 base de piments d&#8217;Espelette.<\/p><h3>Acc\u00e8s et Transport<\/h3><p>La ville est facilement accessible en voiture depuis Bayonne et Biarritz. Les a\u00e9roports de Biarritz et de Pau offrent des liaisons nationales et internationales. Des lignes de bus desservent \u00e9galement la commune, facilitant les d\u00e9placements vers les villes voisines.<\/p><h2><span style=\"font-size: 18pt;\">FAQ sur Saint P\u00e9e sur Nivelle<\/span><\/h2><h3>Quels sont les principaux sites historiques de Saint P\u00e9e sur Nivelle?<\/h3><p>Les principaux sites historiques incluent l&#8217;\u00e9glise Saint-Pierre et le Ch\u00e2teau d\u2019Olce.<\/p><p>Quelles activit\u00e9s peut-on pratiquer au lac? Au lac, vous pouvez pratiquer le paddle, le cano\u00eb, la baignade, et profiter des aires de pique-nique et des sentiers de randonn\u00e9e.<\/p><h3>Comment acc\u00e9der \u00e0 La Rhune depuis Saint P\u00e9e sur Nivelle?<\/h3><p>Vous pouvez acc\u00e9der \u00e0 La Rhune en train \u00e0 cr\u00e9maill\u00e8re ou via des sentiers de randonn\u00e9e partant de la commune.<\/p><h3>Y a-t-il des \u00e9v\u00e9nements culturels?<\/h3><p>Oui, la commune organise r\u00e9guli\u00e8rement des \u00e9v\u00e9nements culturels, y compris des matchs de pelote basque et des f\u00eates traditionnelles.<\/p><h3>Quels types d&#8217;h\u00e9bergements sont disponibles \u00e0 Saint P\u00e9e sur Nivelle?<\/h3><p>La commune offre une vari\u00e9t\u00e9 d\u2019h\u00e9bergements, allant des h\u00f4tels et chambres d&#8217;h\u00f4tes aux campings.<\/p><h3>Quels sont les meilleurs restaurants?<\/h3><p>La commune propose plusieurs restaurants o\u00f9 vous pouvez d\u00e9guster des sp\u00e9cialit\u00e9s basques comme le g\u00e2teau basque, le jambon de Bayonne, et les plats \u00e0 base de piments d&#8217;Espelette.<\/p><h2>Conclusion<\/h2><p>Saint P\u00e9e sur Nivelle est une <a href=\"https:\/\/fr.wikipedia.org\/wiki\/Saint-P%C3%A9e-sur-Nivelle#:~:text=Saint%2DP%C3%A9e%2Dsur%2DNivelle%20est%20une%20commune%20rurale%2C,2021%2C%20constituant%20une%20ville%20isol%C3%A9e.\" target=\"_blank\" rel=\"noopener\">destination incontournable<\/a> pour ceux qui souhaitent d\u00e9couvrir le charme et l&#8217;authenticit\u00e9 du Pays Basque. Entre ses monuments historiques, ses activit\u00e9s de plein air, et ses paysages naturels, chaque visiteur trouvera de quoi s&#8217;\u00e9merveiller. Planifiez d\u00e8s maintenant votre voyage \u00e0 Saint P\u00e9e sur Nivelle pour une exp\u00e9rience inoubliable.<\/p>\t\t\t\t\t\t\t\t<\/div>\n\t\t\t\t\t<\/div>\n\t\t\t\t<\/div>\n\t\t<aside class=\"elementor-element elementor-element-0962455 e-flex e-con-boxed e-con e-parent\" data-id=\"0962455\" data-element_type=\"container\" data-e-type=\"container\">\n\t\t\t\t\t<div class=\"e-con-inner\">\n\t\t\t\t<div class=\"elementor-element elementor-element-7c46165 elementor-widget elementor-widget-listeo-posts-grid\" data-id=\"7c46165\" data-element_type=\"widget\" data-e-type=\"widget\" data-widget_type=\"listeo-posts-grid.default\">\n\t\t\t\t<div class=\"elementor-widget-container\">\n\t\t\t\t\t\t\t\n\t\t<div class=\"listeo-post-grid-wrapper\">\n\t\t\t<div class=\"row\">\n\n\t\t\t\n\n\t\t\t\t\t\t\t<div class=\"col-md-4\">\n                <a href=\"https:\/\/cparici.com\/en\/biarritz\/\" class=\"blog-compact-item-container\">\n                    <div class=\"blog-compact-item\">\n                        <img decoding=\"async\" width=\"577\" height=\"219\" src=\"https:\/\/cparici.com\/wp-content\/uploads\/2024\/06\/biarritz.jpg\" class=\"attachment-listeo-blog-related-post size-listeo-blog-related-post wp-post-image\" alt=\"biarritz\" srcset=\"https:\/\/cparici.com\/wp-content\/uploads\/2024\/06\/biarritz.jpg 1500w, https:\/\/cparici.com\/wp-content\/uploads\/2024\/06\/biarritz-600x228.jpg 600w, https:\/\/cparici.com\/wp-content\/uploads\/2024\/06\/biarritz-300x114.jpg 300w, https:\/\/cparici.com\/wp-content\/uploads\/2024\/06\/biarritz-1024x389.jpg 1024w, https:\/\/cparici.com\/wp-content\/uploads\/2024\/06\/biarritz-768x292.jpg 768w\" sizes=\"(max-width: 577px) 100vw, 577px\" \/><span class=\"blog-item-tag\">Biarritz<\/span>                        \n                        <div class=\"blog-compact-item-content\">\n                                                        <h3>Biarritz &#8211; guide ultime pour explorer la ville en 2025<\/h3>\n                                                        <p>Comment profiter de Biarritz en 2024 ? Le guide ultime\r\nBiarritz est une destination de r\u00eave...                            <\/p>\n                                                    <\/div>\n                    <\/div>\n                <\/a>\n            <\/div>\n\t\t\t<div class=\"col-md-4\">\n                <a href=\"https:\/\/cparici.com\/en\/saint-pee-sur-nivelle\/\" class=\"blog-compact-item-container\">\n                    <div class=\"blog-compact-item\">\n                        <img decoding=\"async\" width=\"577\" height=\"238\" src=\"https:\/\/cparici.com\/wp-content\/uploads\/2024\/06\/saint-pee-sur-nivelle.jpg\" class=\"attachment-listeo-blog-related-post size-listeo-blog-related-post wp-post-image\" alt=\"saint p\u00e9e sur nivelle\" srcset=\"https:\/\/cparici.com\/wp-content\/uploads\/2024\/06\/saint-pee-sur-nivelle.jpg 1439w, https:\/\/cparici.com\/wp-content\/uploads\/2024\/06\/saint-pee-sur-nivelle-600x247.jpg 600w, https:\/\/cparici.com\/wp-content\/uploads\/2024\/06\/saint-pee-sur-nivelle-300x124.jpg 300w, https:\/\/cparici.com\/wp-content\/uploads\/2024\/06\/saint-pee-sur-nivelle-1024x422.jpg 1024w, https:\/\/cparici.com\/wp-content\/uploads\/2024\/06\/saint-pee-sur-nivelle-768x316.jpg 768w\" sizes=\"(max-width: 577px) 100vw, 577px\" \/><span class=\"blog-item-tag\">France<\/span>                        \n                        <div class=\"blog-compact-item-content\">\n                                                        <h3>Saint P\u00e9e sur Nivelle : Nature, Histoire et Aventures<\/h3>\n                                                        <p>Explorez Saint P\u00e9e sur Nivelle, un joyau du Pays Basque. D\u00e9couvrez ses monuments, activit\u00e9s, randonn\u00e9es,...                            <\/p>\n                                                    <\/div>\n                    <\/div>\n                <\/a>\n            <\/div>\n\t\t\t<div class=\"col-md-4\">\n                <a href=\"https:\/\/cparici.com\/en\/ainhoa\/\" class=\"blog-compact-item-container\">\n                    <div class=\"blog-compact-item\">\n                        <img decoding=\"async\" width=\"577\" height=\"204\" src=\"https:\/\/cparici.com\/wp-content\/uploads\/2024\/09\/cparici-2-577x204.png\" class=\"attachment-listeo-blog-related-post size-listeo-blog-related-post wp-post-image\" alt=\"Ainhoa\" srcset=\"https:\/\/cparici.com\/wp-content\/uploads\/2024\/09\/cparici-2-577x204.png 577w, https:\/\/cparici.com\/wp-content\/uploads\/2024\/09\/cparici-2-300x106.png 300w, https:\/\/cparici.com\/wp-content\/uploads\/2024\/09\/cparici-2-1024x362.png 1024w, https:\/\/cparici.com\/wp-content\/uploads\/2024\/09\/cparici-2-768x271.png 768w, https:\/\/cparici.com\/wp-content\/uploads\/2024\/09\/cparici-2-590x208.png 590w, https:\/\/cparici.com\/wp-content\/uploads\/2024\/09\/cparici-2-1200x424.png 1200w, https:\/\/cparici.com\/wp-content\/uploads\/2024\/09\/cparici-2-600x212.png 600w, https:\/\/cparici.com\/wp-content\/uploads\/2024\/09\/cparici-2.png 1500w\" sizes=\"(max-width: 577px) 100vw, 577px\" \/><span class=\"blog-item-tag\">Ainhoa<\/span>                        \n                        <div class=\"blog-compact-item-content\">\n                                                        <h3>Ainhoa : Un des Plus Beaux Villages de France<\/h3>\n                                                        <p>D\u00e9couvrez Ainhoa, un des plus beaux villages du Pays Basque : monuments, randonn\u00e9es, artisanat, restaurants...                            <\/p>\n                                                    <\/div>\n                    <\/div>\n                <\/a>\n            <\/div>\n  <\/div>\n        <\/div>\n        \t\t\t\t<\/div>\n\t\t\t\t<\/div>\n\t\t\t\t\t<\/div>\n\t\t\t\t<\/aside>\n\t\t\t\t<\/div>\n\t\t","protected":false},"excerpt":{"rendered":"<p>Explore Saint P\u00e9e sur Nivelle, a jewel in the crown of the Basque Country. Discover its monuments, activities, hikes and practical information for an unforgettable stay.<\/p>","protected":false},"author":1,"featured_media":37298,"comment_status":"closed","ping_status":"open","sticky":false,"template":"elementor_header_footer","format":"standard","meta":{"ngg_post_thumbnail":0,"footnotes":""},"categories":[977,477,483,908,907],"tags":[365],"class_list":["post-37295","post","type-post","status-publish","format-standard","has-post-thumbnail","hentry","category-saint-pee-sur-nivelle","category-france","category-nouvelle-aquitaine","category-pays-basque","category-pyrenees-atlantiques","tag-village"],"_links":{"self":[{"href":"https:\/\/cparici.com\/en\/wp-json\/wp\/v2\/posts\/37295","targetHints":{"allow":["GET"]}}],"collection":[{"href":"https:\/\/cparici.com\/en\/wp-json\/wp\/v2\/posts"}],"about":[{"href":"https:\/\/cparici.com\/en\/wp-json\/wp\/v2\/types\/post"}],"author":[{"embeddable":true,"href":"https:\/\/cparici.com\/en\/wp-json\/wp\/v2\/users\/1"}],"replies":[{"embeddable":true,"href":"https:\/\/cparici.com\/en\/wp-json\/wp\/v2\/comments?post=37295"}],"version-history":[{"count":0,"href":"https:\/\/cparici.com\/en\/wp-json\/wp\/v2\/posts\/37295\/revisions"}],"wp:featuredmedia":[{"embeddable":true,"href":"https:\/\/cparici.com\/en\/wp-json\/wp\/v2\/media\/37298"}],"wp:attachment":[{"href":"https:\/\/cparici.com\/en\/wp-json\/wp\/v2\/media?parent=37295"}],"wp:term":[{"taxonomy":"category","embeddable":true,"href":"https:\/\/cparici.com\/en\/wp-json\/wp\/v2\/categories?post=37295"},{"taxonomy":"post_tag","embeddable":true,"href":"https:\/\/cparici.com\/en\/wp-json\/wp\/v2\/tags?post=37295"}],"curies":[{"name":"wp","href":"https:\/\/api.w.org\/{rel}","templated":true}]}}