{"id":40246,"date":"2024-07-07T18:14:08","date_gmt":"2024-07-07T16:14:08","guid":{"rendered":"https:\/\/cparici.com\/?p=40246"},"modified":"2026-03-15T10:46:42","modified_gmt":"2026-03-15T09:46:42","slug":"calvados-department","status":"publish","type":"post","link":"https:\/\/cparici.com\/en\/calvados-departement\/","title":{"rendered":"D\u00e9partement du Calvados - panorama of sites and landscapes"},"content":{"rendered":"\t\t<div data-elementor-type=\"wp-post\" data-elementor-id=\"40246\" class=\"elementor elementor-40246\" data-elementor-post-type=\"post\">\n\t\t\t\t<div class=\"elementor-element elementor-element-9dc21d1 e-con-full e-flex e-con e-parent\" data-id=\"9dc21d1\" data-element_type=\"container\" data-e-type=\"container\">\n\t\t\t\t<div class=\"elementor-element elementor-element-3d23708 elementor-widget elementor-widget-image\" data-id=\"3d23708\" data-element_type=\"widget\" data-e-type=\"widget\" data-widget_type=\"image.default\">\n\t\t\t\t\t\t\t\t\t\t\t\t\t\t\t<img decoding=\"async\" width=\"1510\" height=\"531\" src=\"https:\/\/cparici.com\/wp-content\/uploads\/2024\/07\/calvados.jpg\" class=\"attachment-full size-full wp-image-40252\" alt=\"calvados d\u00e9partement\" srcset=\"https:\/\/cparici.com\/wp-content\/uploads\/2024\/07\/calvados.jpg 1510w, https:\/\/cparici.com\/wp-content\/uploads\/2024\/07\/calvados-600x211.jpg 600w, https:\/\/cparici.com\/wp-content\/uploads\/2024\/07\/calvados-300x105.jpg 300w, https:\/\/cparici.com\/wp-content\/uploads\/2024\/07\/calvados-1024x360.jpg 1024w, https:\/\/cparici.com\/wp-content\/uploads\/2024\/07\/calvados-768x270.jpg 768w\" sizes=\"(max-width: 1510px) 100vw, 1510px\" \/>\t\t\t\t\t\t\t\t\t\t\t\t\t\t\t<\/div>\n\t\t\t\t<\/div>\n\t\t<div class=\"elementor-element elementor-element-38f0923 e-flex e-con-boxed e-con e-parent\" data-id=\"38f0923\" data-element_type=\"container\" data-e-type=\"container\">\n\t\t\t\t\t<div class=\"e-con-inner\">\n\t\t\t\t<div class=\"elementor-element elementor-element-10a3ba5 elementor-widget elementor-widget-global elementor-global-62046 elementor-widget-eael-advanced-search\" data-id=\"10a3ba5\" data-element_type=\"widget\" data-e-type=\"widget\" data-widget_type=\"eael-advanced-search.default\">\n\t\t\t\t\t        <div class=\"eael-adv-search-wrapper\">\n            <div id=\"eael-advanced-search-widget-10a3ba5\" class=\"eael-advanced-search-widget\">\n                <form data-settings=\"{&quot;post_per_page&quot;:5,&quot;search_among_taxonomies&quot;:&quot;&quot;,&quot;search_among_sku&quot;:&quot;no&quot;,&quot;show_popular_keyword&quot;:0,&quot;show_category&quot;:0,&quot;show_content_image&quot;:1,&quot;show_search_result_all_results&quot;:0,&quot;result_on_new_tab&quot;:&quot;no&quot;,&quot;show_product_price&quot;:&quot;no&quot;,&quot;include_current_page&quot;:&quot;no&quot;,&quot;current_post_id&quot;:40246,&quot;post_type&quot;:[&quot;post&quot;,&quot;listing&quot;]}\" method=\"POST\" name=\"eael-advanced-search-form-10a3ba5\" class=\"eael-advanced-search-form eael-advanced-search-form-style-2\">\n                    <div class=\"eael-advanced-search-wrap\">\n                        <span class=\"eael-adv-search-loader\"><\/span>\n                        <span class=\"eael-adv-search-close\"><i class=\"fas fa-times\"><\/i><\/span>\n                        <span class=\"icon \"><i class=\"fas fa-search\"><\/i><\/span>\n\n                        <input type=\"text\"\n                               placeholder=\"Votre destination\"\n                               class=\"eael-advanced-search\" autocomplete=\"off\" name=\"eael_advanced_search\">\n                    <\/div>\n\t\t\t\t\t                                    <\/form>\n\n\t\t\t\t\n\t\t\t\t        <div class=\"eael-advanced-search-result\">\n            <div class=\"eael-advanced-search-popular-keyword\">\n\t\t\t\t<h4 class=\"eael-advanced-search-popular-keyword-text\">Recherches populaires<\/h4>                <div class=\"eael-popular-keyword-content\"><\/div>\n            <\/div>\n            <div class=\"eael-advanced-search-category\">\n\t\t\t\t<h4 class=\"eael-advanced-search-category-text\">Categories<\/h4>                <div class=\"eael-popular-category-content\"><\/div>\n            <\/div>\n\t\t\t<div class=\"eael-advanced-search-total-results-section\">\n\t\t\t\t\t\t\t<\/div>\n            <div class=\"eael-advanced-search-content eael-item-style-3\">\n            <\/div>\n            <div class=\"eael-advanced-search-not-found\">\n                <p>Pas de r\u00e9sultats<\/p><\/div>\n            <div class=\"eael-advanced-search-load-more\">\n\t\t\t\t<a \tclass=\"eael-advanced-search-load-more-button\"\n                \thref=\"#\">Voir tous les r\u00e9sultats<\/a>\n            <\/div>\n        <\/div>\n\n\t\t            <\/div>\n        <\/div>\n\n\t\t\t\t\t\t<\/div>\n\t\t\t\t\t<\/div>\n\t\t\t\t<\/div>\n\t\t<div class=\"elementor-element elementor-element-29d78dc9 e-flex e-con-boxed e-con e-parent\" data-id=\"29d78dc9\" data-element_type=\"container\" data-e-type=\"container\">\n\t\t\t\t\t<div class=\"e-con-inner\">\n\t\t\t\t<div class=\"elementor-element elementor-element-4432ffc6 elementor-widget elementor-widget-text-editor\" data-id=\"4432ffc6\" data-element_type=\"widget\" data-e-type=\"widget\" data-widget_type=\"text-editor.default\">\n\t\t\t\t\t\t\t\t\t<h1 style=\"text-align: center;\"><span style=\"font-size: 18pt;\">Calvados &#8211; le d\u00e9partement<\/span><\/h1><p>Situ\u00e9 dans la magnifique r\u00e9gion de <a href=\"https:\/\/cparici.com\/fr\/visiter-la-normandie-guide\/\">Normandie<\/a>, au nord-ouest de la France, <strong>le Calvados est un d\u00e9partement riche d&#8217;histoire<\/strong> et de culture. Son nom provient d&#8217;un ensemble de rochers en mer, t\u00e9moignant de la beaut\u00e9 naturelle qui caract\u00e9rise cette zone. N\u00e9 de la R\u00e9volution fran\u00e7aise, le Calvados \u00e9tait autrefois une partie int\u00e9grante de la province historique de Normandie.<\/p><p>Avec une population d&#8217;environ 700 000 habitants r\u00e9partie sur quatre arrondissements, 25 cantons et 528 communes, ce d\u00e9partement offre un aper\u00e7u fascinant de la diversit\u00e9 fran\u00e7aise.<\/p><p>Cet article vous emm\u00e8ne \u00e0 la d\u00e9couverte du Calvados, explorant la vari\u00e9t\u00e9 de ses sites et paysages. De la splendeur des espaces naturels \u00e0 la richesse de son patrimoine culturel, vous d\u00e9couvrirez la beaut\u00e9 des paysages normands, la diversit\u00e9 de sa faune et de sa flore, les efforts de pr\u00e9servation de l&#8217;environnement, ainsi que les lieux incontournables \u00e0 visiter, incluant monuments historiques, mus\u00e9es, parcs et jardins. Pr\u00e9parez-vous \u00e0 un voyage captivant \u00e0 travers le Calvados, un d\u00e9partement qui promet de vous \u00e9merveiller \u00e0 chaque tournant.<\/p>\t\t\t\t\t\t\t\t<\/div>\n\t\t\t\t\t<\/div>\n\t\t\t\t<\/div>\n\t\t<div class=\"elementor-element elementor-element-d181e86 e-flex e-con-boxed e-con e-parent\" data-id=\"d181e86\" data-element_type=\"container\" data-e-type=\"container\">\n\t\t\t\t\t<div class=\"e-con-inner\">\n\t\t\t\t\t<\/div>\n\t\t\t\t<\/div>\n\t\t<aside class=\"elementor-element elementor-element-4768dda e-flex e-con-boxed e-con e-parent\" data-id=\"4768dda\" data-element_type=\"container\" data-e-type=\"container\" data-settings=\"{&quot;background_background&quot;:&quot;classic&quot;}\">\n\t\t\t\t\t<div class=\"e-con-inner\">\n\t\t\t\t<div class=\"elementor-element elementor-element-1a4ccdb6 elementor-widget elementor-widget-spacer\" data-id=\"1a4ccdb6\" data-element_type=\"widget\" data-e-type=\"widget\" data-widget_type=\"spacer.default\">\n\t\t\t\t\t\t\t<div class=\"elementor-spacer\">\n\t\t\t<div class=\"elementor-spacer-inner\"><\/div>\n\t\t<\/div>\n\t\t\t\t\t\t<\/div>\n\t\t\t\t<div class=\"elementor-element elementor-element-7d2d92d7 elementor-widget elementor-widget-heading\" data-id=\"7d2d92d7\" data-element_type=\"widget\" data-e-type=\"widget\" data-widget_type=\"heading.default\">\n\t\t\t\t\t<h2 class=\"elementor-heading-title elementor-size-default\">H\u00e9bergements de Vacances Calvados en direct<\/h2>\t\t\t\t<\/div>\n\t\t\t\t<div class=\"elementor-element elementor-element-23a310ed elementor-widget elementor-widget-listeo-listings-carousel\" data-id=\"23a310ed\" data-element_type=\"widget\" data-e-type=\"widget\" data-widget_type=\"listeo-listings-carousel.default\">\n\t\t\t\t<div class=\"elementor-widget-container\">\n\t\t\t\t\t        <!-- Carousel \/ Start -->\n        \t<div class=\"simple-slick-carousel dots-nav\" data-slick='{&quot;autoplay&quot;:true,&quot;autoplaySpeed&quot;:3000,&quot;slidesToShow&quot;:3,&quot;slidesToScroll&quot;:1,&quot;responsive&quot;:[{&quot;breakpoint&quot;:1024,&quot;settings&quot;:{&quot;slidesToShow&quot;:2,&quot;slidesToScroll&quot;:1}},{&quot;breakpoint&quot;:768,&quot;settings&quot;:{&quot;slidesToShow&quot;:1,&quot;slidesToScroll&quot;:1}}]}'>\n                            <div class=\"fw-carousel-item\">                    \n                        <!-- Listing Item -->\r\n            <div class=\"col-lg-6 col-md-12\">\r\n                <a href=\"https:\/\/cparici.com\/en\/annonce\/chaumiere-de-charme-avec-piscine-et-spa-a-5-minutes-dhonfleur-2\/\" class=\"listing-item-container listing-geo-data compact\" data-title=\"Chaumi\u00e8re de charme avec piscine et spa \u00e0 5 minutes d\u2019Honfleur\" data-listing-type=\"rental\" data-classifieds-price=\"&euro;\" data-friendly-address=\"34 le gros Ch\u00eane 14600 Ablon\" data-address=\"34 le gros Ch\u00eane 14600 Ablon\" data-image=\"https:\/\/cparici.com\/wp-content\/uploads\/2025\/12\/IMG_4720-520x397.jpeg\" data-longitude=\"0.270837\" data-latitude=\"49.38015\" data-rating=\"0\" data-reviews=\"0\" data-icon=\"&lt;svg xmlns=&quot;http:\/\/www.w3.org\/2000\/svg&quot; width=&quot;800px&quot; height=&quot;800px&quot; viewBox=&quot;0 0 45 45&quot; fill=&quot;none&quot;&gt;\n&lt;path d=&quot;M24.155 8.78099L24.33 8.94499L37.402 21.787L36 23.213L34.2 21.445L34.201 35C34.201 36.054 33.385 36.918 32.35 36.994L32.201 37H12.201C11.147 37 10.283 36.184 10.206 35.149L10.201 35L10.2 21.446L8.402 23.213L7 21.787L20.058 8.95799C21.171 7.82199 22.966 7.75899 24.155 8.78099ZM21.569 10.285L21.473 10.372L12.2 19.481L12.201 35L17.2 34.999L17.201 25C17.201 23.946 18.017 23.082 19.052 23.005L19.201 23H25.201C26.255 23 27.119 23.816 27.196 24.851L27.201 25L27.2 34.999L32.201 35L32.2 19.48L22.901 10.344C22.537 9.98699 21.969 9.96499 21.569 10.285ZM25.201 25H19.201L19.2 34.999H25.2L25.201 25Z&quot; fill=&quot;#3C3C3C&quot;\/&gt;\n&lt;\/svg&gt;\">\r\n            <div class=\"listing-item  \">\r\n                <div class=\"listing-small-badges-container\">\r\n                                                                <div class=\"listing-small-badge pricing-badge\"><i class=\"fa fa-tag\"><\/i>400.00&euro; - 900.00&euro;<\/div>\r\n                                                            \r\n                                        \r\n                                        \r\n                <\/div>\r\n                <img decoding=\"async\" src=\"https:\/\/cparici.com\/wp-content\/uploads\/2025\/12\/IMG_4720-520x397.jpeg\" alt=\"Chaumi\u00e8re de charme avec piscine et spa \u00e0 5 minutes d\u2019Honfleur\" class=\"listing-thumbnail\">\r\n                \r\n\r\n                <div class=\"listing-item-content\">\r\n                    \r\n                    <h3> Chaumi\u00e8re de charme avec piscine et spa \u00e0 5 minutes d\u2019Honfleur <\/h3>\r\n                    <span>34 le gros Ch\u00eane 14600 Ablon<\/span>\r\n                <\/div>\r\n                                        <span class=\"save like-icon tooltip left\" title=\"Login To Bookmark Items\"><\/span>\r\n                                                <\/div>\r\n        <\/a>\r\n                    <\/div>\r\n        \r\n\r\n        <!-- Listing Item \/ End -->\n                    <\/div>\n                                      <div class=\"fw-carousel-item\">                    \n                        <!-- Listing Item -->\r\n            <div class=\"col-lg-6 col-md-12\">\r\n                <a href=\"https:\/\/cparici.com\/en\/annonce\/ma-bicoque-gite-cosy-4-pers-a-5-min-des-plages-de-cabourg-et-houlgate\/\" class=\"listing-item-container listing-geo-data compact\" data-title=\"Ma Bicoque &#8211; G\u00eete cosy 4 pers. \u00e0 5 min des plages de Cabourg et Houlgate\" data-listing-type=\"rental\" data-classifieds-price=\"&euro;\" data-friendly-address=\"Ma bicoque entre Cabourg et Houlgate\" data-address=\"Ma bicoque entre Cabourg et Houlgate\" data-image=\"https:\/\/cparici.com\/wp-content\/uploads\/2026\/01\/1R2A6044_HDR-copie-1-520x397.jpg\" data-longitude=\"-0.104756\" data-latitude=\"49.2878888\" data-rating=\"4.9\" data-reviews=\"26\" data-icon=\"&lt;svg xmlns=&quot;http:\/\/www.w3.org\/2000\/svg&quot; width=&quot;800px&quot; height=&quot;800px&quot; viewBox=&quot;0 0 45 45&quot; fill=&quot;none&quot;&gt;\n&lt;path d=&quot;M24.155 8.78099L24.33 8.94499L37.402 21.787L36 23.213L34.2 21.445L34.201 35C34.201 36.054 33.385 36.918 32.35 36.994L32.201 37H12.201C11.147 37 10.283 36.184 10.206 35.149L10.201 35L10.2 21.446L8.402 23.213L7 21.787L20.058 8.95799C21.171 7.82199 22.966 7.75899 24.155 8.78099ZM21.569 10.285L21.473 10.372L12.2 19.481L12.201 35L17.2 34.999L17.201 25C17.201 23.946 18.017 23.082 19.052 23.005L19.201 23H25.201C26.255 23 27.119 23.816 27.196 24.851L27.201 25L27.2 34.999L32.201 35L32.2 19.48L22.901 10.344C22.537 9.98699 21.969 9.96499 21.569 10.285ZM25.201 25H19.201L19.2 34.999H25.2L25.201 25Z&quot; fill=&quot;#3C3C3C&quot;\/&gt;\n&lt;\/svg&gt;\">\r\n            <div class=\"listing-item  featured-listing\">\r\n                <div class=\"listing-small-badges-container\">\r\n                                            <div class=\"listing-small-badge featured-badge\"><i class=\"fa fa-star\"><\/i> Featured<\/div>\r\n                                                                <div class=\"listing-small-badge pricing-badge\"><i class=\"fa fa-tag\"><\/i>100.00&euro; - 160.00&euro;<\/div>\r\n                                                            \r\n                                        \r\n                                        \r\n                <\/div>\r\n                <img decoding=\"async\" src=\"https:\/\/cparici.com\/wp-content\/uploads\/2026\/01\/1R2A6044_HDR-copie-1-520x397.jpg\" alt=\"Ma Bicoque &#8211; G\u00eete cosy 4 pers. \u00e0 5 min des plages de Cabourg et Houlgate\" class=\"listing-thumbnail\">\r\n                \r\n\r\n                <div class=\"listing-item-content\">\r\n                                                <div class=\"numerical-rating\" data-rating=\"4.9\"><\/div>\r\n                    \r\n                    <h3> Ma Bicoque &#8211; G\u00eete cosy 4 pers. \u00e0 5 min des plages de Cabourg et Houlgate <\/h3>\r\n                    <span>Ma bicoque entre Cabourg et Houlgate<\/span>\r\n                <\/div>\r\n                                        <span class=\"save like-icon tooltip left\" title=\"Login To Bookmark Items\"><\/span>\r\n                                                <\/div>\r\n        <\/a>\r\n                    <\/div>\r\n        \r\n\r\n        <!-- Listing Item \/ End -->\n                    <\/div>\n                                      <div class=\"fw-carousel-item\">                    \n                        <!-- Listing Item -->\r\n            <div class=\"col-lg-6 col-md-12\">\r\n                <a href=\"https:\/\/cparici.com\/en\/annonce\/un-air-de-bicoque-gite-cosy-6-pers-a-5-min-des-plages-de-cabourg-et-houlgate\/\" class=\"listing-item-container listing-geo-data compact\" data-title=\"Un air de Bicoque &#8211; G\u00eete cosy 6 pers. \u00e0 5 min des plages de Cabourg et Houlgate\" data-listing-type=\"rental\" data-classifieds-price=\"&euro;\" data-friendly-address=\"32 Rue de la Lib\u00e9ration, Dives-sur-Mer, France\" data-address=\"32 Rue de la Lib\u00e9ration, Dives-sur-Mer, France\" data-image=\"https:\/\/cparici.com\/wp-content\/uploads\/2026\/01\/1R2A5956_HDR-copie-520x397.jpg\" data-longitude=\"-0.104263\" data-latitude=\"49.2881751\" data-rating=\"5\" data-reviews=\"10\" data-icon=\"&lt;svg xmlns=&quot;http:\/\/www.w3.org\/2000\/svg&quot; width=&quot;800px&quot; height=&quot;800px&quot; viewBox=&quot;0 0 45 45&quot; fill=&quot;none&quot;&gt;\n&lt;path d=&quot;M24.155 8.78099L24.33 8.94499L37.402 21.787L36 23.213L34.2 21.445L34.201 35C34.201 36.054 33.385 36.918 32.35 36.994L32.201 37H12.201C11.147 37 10.283 36.184 10.206 35.149L10.201 35L10.2 21.446L8.402 23.213L7 21.787L20.058 8.95799C21.171 7.82199 22.966 7.75899 24.155 8.78099ZM21.569 10.285L21.473 10.372L12.2 19.481L12.201 35L17.2 34.999L17.201 25C17.201 23.946 18.017 23.082 19.052 23.005L19.201 23H25.201C26.255 23 27.119 23.816 27.196 24.851L27.201 25L27.2 34.999L32.201 35L32.2 19.48L22.901 10.344C22.537 9.98699 21.969 9.96499 21.569 10.285ZM25.201 25H19.201L19.2 34.999H25.2L25.201 25Z&quot; fill=&quot;#3C3C3C&quot;\/&gt;\n&lt;\/svg&gt;\">\r\n            <div class=\"listing-item  featured-listing\">\r\n                <div class=\"listing-small-badges-container\">\r\n                                            <div class=\"listing-small-badge featured-badge\"><i class=\"fa fa-star\"><\/i> Featured<\/div>\r\n                                                                <div class=\"listing-small-badge pricing-badge\"><i class=\"fa fa-tag\"><\/i>130.00&euro; - 200.00&euro;<\/div>\r\n                                                            \r\n                                        \r\n                                        \r\n                <\/div>\r\n                <img decoding=\"async\" src=\"https:\/\/cparici.com\/wp-content\/uploads\/2026\/01\/1R2A5956_HDR-copie-520x397.jpg\" alt=\"Un air de Bicoque &#8211; G\u00eete cosy 6 pers. \u00e0 5 min des plages de Cabourg et Houlgate\" class=\"listing-thumbnail\">\r\n                \r\n\r\n                <div class=\"listing-item-content\">\r\n                                                <div class=\"numerical-rating\" data-rating=\"5.0\"><\/div>\r\n                    \r\n                    <h3> Un air de Bicoque &#8211; G\u00eete cosy 6 pers. \u00e0 5 min des plages de Cabourg et Houlgate <\/h3>\r\n                    <span>32 Rue de la Lib\u00e9ration, Dives-sur-Mer, France<\/span>\r\n                <\/div>\r\n                                        <span class=\"save like-icon tooltip left\" title=\"Login To Bookmark Items\"><\/span>\r\n                                                <\/div>\r\n        <\/a>\r\n                    <\/div>\r\n        \r\n\r\n        <!-- Listing Item \/ End -->\n                    <\/div>\n                          <\/div>\n        \t\t\t\t<\/div>\n\t\t\t\t<\/div>\n\t\t\t\t<div class=\"elementor-element elementor-element-bb09d52 elementor-widget elementor-widget-text-editor\" data-id=\"bb09d52\" data-element_type=\"widget\" data-e-type=\"widget\" data-widget_type=\"text-editor.default\">\n\t\t\t\t\t\t\t\t\t<p style=\"text-align: center;\">Voir aussi notre page d\u00e9di\u00e9e sur <a href=\"https:\/\/cparici.com\/location-vacances-normandie\/\">les locations de vacances en Normandie<\/a><\/p>\t\t\t\t\t\t\t\t<\/div>\n\t\t\t\t\t<\/div>\n\t\t\t\t<\/aside>\n\t\t<div class=\"elementor-element elementor-element-111896f e-flex e-con-boxed e-con e-parent\" data-id=\"111896f\" data-element_type=\"container\" data-e-type=\"container\">\n\t\t\t\t\t<div class=\"e-con-inner\">\n\t\t\t\t<div class=\"elementor-element elementor-element-3c33ff3 elementor-widget elementor-widget-text-editor\" data-id=\"3c33ff3\" data-element_type=\"widget\" data-e-type=\"widget\" data-widget_type=\"text-editor.default\">\n\t\t\t\t\t\t\t\t\t<h2>La diversit\u00e9 des paysages normands<\/h2><p>La Normandie se distingue par la richesse et la vari\u00e9t\u00e9 de ses paysages, qui s&#8217;\u00e9tendent des c\u00f4tes jusqu&#8217;aux terres int\u00e9rieures, en passant par les vallons et les collines. Chacun de ces paysages est unique, dot\u00e9 de son propre charme, de son histoire et de ses caract\u00e9ristiques distinctives. Nous vous proposons de d\u00e9couvrir trois paysages embl\u00e9matiques de la Normandie qui mettent en lumi\u00e8re cette diversit\u00e9 : les c\u00e9l\u00e8bres plages du D\u00e9barquement, le pittoresque bocage normand et la surprenante Suisse Normande.<\/p><h3>Les plages du D\u00e9barquement et le littoral<\/h3><p>Le littoral normand, qui s&#8217;\u00e9tire sur plus de 600 km de Tr\u00e9port \u00e0 l&#8217;ouest jusqu&#8217;au Mont Saint-Michel, est marqu\u00e9 par des falaises de craie, des plages de sable ou de galets, ainsi que par de charmants ports de p\u00eache et de plaisance et des stations baln\u00e9aires. Ce littoral est \u00e9galement charg\u00e9 d&#8217;histoire, en particulier les <a href=\"https:\/\/cparici.com\/plages-du-debarquement\/\">plages du D\u00e9barquement<\/a>, th\u00e9\u00e2tres de l&#8217;op\u00e9ration Overlord le 6 juin 1944, qui marqua le d\u00e9but de la lib\u00e9ration de la France de l&#8217;occupation nazie.<\/p><p>Ces plages, baptis\u00e9es Utah, Omaha, Gold, Juno et Sword, sont devenues des hauts lieux de m\u00e9moire et d&#8217;histoire, accueillant mus\u00e9es, cimeti\u00e8res militaires, bunkers et monuments comm\u00e9moratifs.<\/p><h3>Le bocage normand : une mosa\u00efque de prairies et haies<\/h3><p>Caract\u00e9ris\u00e9 par son dense r\u00e9seau de haies entourant prairies, cultures et vergers, le bocage normand est typique des d\u00e9partements du Calvados, de la Manche et de l&#8217;Orne. Ce paysage, fa\u00e7onn\u00e9 par des si\u00e8cles d&#8217;\u00e9levage et de polyculture, est un \u00e9cosyst\u00e8me riche abritant une biodiversit\u00e9 remarquable, avec une vari\u00e9t\u00e9 d&#8217;oiseaux, d&#8217;insectes, de mammif\u00e8res et de plantes.<\/p><p>Il repr\u00e9sente \u00e9galement un aspect important du patrimoine culturel normand, refl\u00e9tant l&#8217;histoire, les savoir-faire et les modes de vie des habitants de la r\u00e9gion.<\/p><h3>La Suisse Normande : un relief surprenant<\/h3><p>Situ\u00e9e au sud du Calvados et \u00e0 l&#8217;ouest de l&#8217;Orne, la Suisse Normande doit son nom \u00e0 sa ressemblance avec le paysage suisse, gr\u00e2ce \u00e0 ses collines et vall\u00e9es escarp\u00e9es, ses gorges profondes et ses falaises abruptes.<\/p><p>Travers\u00e9e par la rivi\u00e8re Orne, qui a fa\u00e7onn\u00e9 son lit dans le massif armoricain, cette r\u00e9gion offre des panoramas spectaculaires, tels que le viaduc de Cl\u00e9cy et les rochers de la Houle et des Parcs. La Suisse Normande est \u00e9galement pris\u00e9e des amateurs de sports de nature, offrant d&#8217;excellentes opportunit\u00e9s pour la randonn\u00e9e, le cano\u00eb, le parapente et l&#8217;escalade.<\/p><h2>Patrimoine naturel et pr\u00e9servation<\/h2><p>Le Calvados, conscient de la richesse et de la fragilit\u00e9 de son patrimoine naturel, a initi\u00e9 des mesures pour prot\u00e9ger et mettre en valeur ses espaces verts. Ces efforts sont le fruit d&#8217;une collaboration \u00e9troite avec les acteurs locaux.<\/p><p>Dans cet article, nous mettrons en lumi\u00e8re deux initiatives significatives : le Parc naturel r\u00e9gional des Marais du Cotentin et du Bessin et les espaces naturels sensibles.<\/p><h3>Le Parc naturel r\u00e9gional des Marais du Cotentin et du Bessin<\/h3><p>S&#8217;\u00e9tendant sur plus de 145 000 hectares et traversant les d\u00e9partements du Calvados, de la Manche et de l&#8217;Orne, le Parc naturel r\u00e9gional des Marais du Cotentin et du Bessin englobe 144 communes et abrite plus de 100 000 r\u00e9sidents. Ce parc se distingue par ses vastes \u00e9tendues de zones humides, essentielles \u00e0 la biodiversit\u00e9.<\/p><p>Avec plus de 2 000 esp\u00e8ces v\u00e9g\u00e9tales et animales recens\u00e9es, dont la loutre, le busard des roseaux ou l&#8217;ang\u00e9lique des estuaires, certaines \u00e9tant rares ou en danger, le parc s&#8217;engage dans la protection et la gestion de ces milieux tout en promouvant le d\u00e9veloppement durable. Il organise des activit\u00e9s de sensibilisation, \u00e9ducatives, de valorisation et d&#8217;animation pour les habitants, les \u00e9coles, les touristes et les professionnels.<\/p><h3>Les espaces naturels sensibles<\/h3><p>Identifi\u00e9s pour leur int\u00e9r\u00eat \u00e9cologique, paysager ou g\u00e9ologique, les espaces naturels sensibles sont acquis, am\u00e9nag\u00e9s et entretenus par le D\u00e9partement du Calvados, visant leur pr\u00e9servation et leur accessibilit\u00e9 au public. Le d\u00e9partement en compte 43, couvrant plus de 2 000 hectares.<\/p><p>Des sites embl\u00e9matiques tels que les plages du D\u00e9barquement, le bocage normand, la Suisse Normande, la br\u00e8che au Diable ou le bois du Caprice illustrent la diversit\u00e9 des paysages et des habitats pour de nombreuses esp\u00e8ces. Ces lieux, ouverts gratuitement au public, offrent des itin\u00e9raires de d\u00e9couverte, des panneaux explicatifs, des activit\u00e9s p\u00e9dagogiques ou des visites guid\u00e9es.<\/p><p>Le D\u00e9partement a aussi d\u00e9velopp\u00e9 un programme facilitant la d\u00e9couverte de ces sites par les \u00e9coles et les centres de loisirs.<\/p><h2>Les sites incontournables \u00e0 visiter<\/h2><p>Le Calvados, d\u00e9partement riche de diversit\u00e9, offre une multitude de sites \u00e0 d\u00e9couvrir pour les passionn\u00e9s d&#8217;architecture, d&#8217;histoire ou encore de nature. Vous y trouverez assur\u00e9ment des lieux qui sauront ravir vos envies de d\u00e9couverte.<\/p><p>Nous vous proposons un voyage \u00e0 travers trois cat\u00e9gories de sites incontournables dans le Calvados : les ch\u00e2teaux et leurs jardins majestueux, les charmantes villes et villages de caract\u00e8re, ainsi que les sites historiques et m\u00e9moriels du D-Day.<\/p><h3>Les ch\u00e2teaux du Calvados et leurs jardins<\/h3><p>Avec plus d&#8217;une centaine de ch\u00e2teaux, le Calvados est un t\u00e9moignage vivant de l&#8217;histoire et de l&#8217;art de vivre en Normandie. Ces ch\u00e2teaux, qu&#8217;ils soient class\u00e9s monuments historiques ou qu&#8217;ils offrent des visites et h\u00e9bergements de charme, sont des must-see.<\/p><p>\u00c0 ne pas manquer : le ch\u00e2teau de Caen, \u00e9rig\u00e9 par Guillaume le Conqu\u00e9rant au XIe si\u00e8cle, abritant le mus\u00e9e de Normandie et le mus\u00e9e des Beaux-Arts ; le ch\u00e2teau de Balleroy, con\u00e7u au XVIIe si\u00e8cle par Mansart, o\u00f9 se trouve le mus\u00e9e des Ballons ; le ch\u00e2teau de Vendeuvre, avec sa collection unique de mobilier miniature et son jardin d&#8217;eau, datant du XVIIIe si\u00e8cle ; et le ch\u00e2teau de Canon, c\u00e9l\u00e8bre pour son parc \u00e0 la fran\u00e7aise et son parc \u00e0 l&#8217;anglaise. Chacun de ces ch\u00e2teaux est entour\u00e9 de jardins somptueux, promesse de balades enrichissantes et de spectacles floraux \u00e9blouissants \u00e0 chaque saison.<\/p><h3>Les villes et villages de caract\u00e8re<\/h3><p>Le Calvados se distingue \u00e9galement par ses villes et villages pittoresques, riches en charme et en authenticit\u00e9. Ces lieux sont un v\u00e9ritable t\u00e9moignage de l&#8217;architecture et de l&#8217;histoire normandes.<\/p><p>Des incontournables incluent <a href=\"https:\/\/cparici.com\/honfleur\/\">Honfleur<\/a>, avec son c\u00e9l\u00e8bre vieux bassin et ses maisons \u00e9troites ; <a href=\"https:\/\/cparici.com\/deauville\/\">Deauville<\/a>, incarnation du chic avec ses planches, son casino et son festival de cin\u00e9ma ; <a href=\"https:\/\/cparici.com\/bayeux-guide-complet-pour-explorer-la-ville\/\">Bayeux<\/a>, ville d&#8217;art et d&#8217;histoire, abritant la tapisserie de la reine Mathilde ; et Beuvron-en-Auge, reconnu comme l&#8217;un des plus beaux villages de France, charmant par son architecture typique du pays d&#8217;Auge, ou bien <a href=\"https:\/\/cparici.com\/ablon-charme-discret-du-calvados\/\">Ablon<\/a>, un village discret.<\/p><h3>Les sites historiques et m\u00e9moriels du D-Day<\/h3><p>Sc\u00e8ne d&#8217;un des \u00e9v\u00e9nements cl\u00e9s de la Seconde Guerre mondiale, le Calvados honore le courage des forces alli\u00e9es lors du D\u00e9barquement du 6 juin 1944, marquant le d\u00e9but de la lib\u00e9ration de la France et de l&#8217;Europe. Plusieurs sites m\u00e9moriels rendent hommage \u00e0 cet h\u00e9ritage.<\/p><p>Explorez les plages du D\u00e9barquement comme Utah Beach, Omaha Beach, Gold Beach, Juno Beach ou Sword Beach ; d\u00e9couvrez les mus\u00e9es d\u00e9di\u00e9s \u00e0 cette bataille, tels que le M\u00e9morial de Caen, le Mus\u00e9e du D\u00e9barquement d&#8217;Arromanches ou le Mus\u00e9e Airborne de Sainte-M\u00e8re-\u00c9glise ; visitez les cimeti\u00e8res militaires, lieux de repos des h\u00e9ros tomb\u00e9s, comme le cimeti\u00e8re am\u00e9ricain de Colleville-sur-Mer, le cimeti\u00e8re britannique de Bayeux ou le cimeti\u00e8re allemand de La Cambe ; et ne manquez pas les sites embl\u00e9matiques comme la Pointe du Hoc, le Pegasus Bridge ou la batterie de Merville.<\/p><h2>Conclusion<\/h2><p>Cet article vous a offert <a href=\"https:\/\/www.calvados.fr\/accueil.html\" target=\"_blank\" rel=\"noopener\">un aper\u00e7u des splendeurs<\/a> du Calvados, un d\u00e9partement riche en diversit\u00e9 de paysages, dot\u00e9 d&#8217;un patrimoine naturel et culturel remarquable, ainsi que de sites historiques et m\u00e9moriaux de premi\u00e8re importance. Que vous soyez en qu\u00eate de relaxation, d&#8217;exploration, de plong\u00e9e dans l&#8217;histoire ou de communion avec la nature, le Calvados saura combler toutes vos aspirations. Pour plus d&#8217;informations, des suggestions de visites, des \u00e9v\u00e9nements et des actualit\u00e9s concernant cette r\u00e9gion fascinante, consultez le site du Conseil d\u00e9partemental du Calvados.<\/p><p>Restez \u00e9galement connect\u00e9s via les r\u00e9seaux sociaux du Conseil d\u00e9partemental pour ne rien manquer des derni\u00e8res nouveaut\u00e9s et des astuces pour profiter pleinement de votre s\u00e9jour. Le Calvados vous invite \u00e0 venir le d\u00e9couvrir : une exp\u00e9rience inoubliable vous y attend !<\/p><h2>FAQ<\/h2><h3>Quelles sont les villes principales du Calvados ?<\/h3><p>Les principales villes du Calvados, d\u00e9finies par leur nombre d&#8217;habitants, sont : Caen avec 107 250 r\u00e9sidents, H\u00e9rouville-Saint-Clair accueillant 22 150 personnes, Lisieux peupl\u00e9e de 19 755 habitants, Vire Normandie qui compte 17 135 r\u00e9sidents, et Bayeux, avec une population de 12 775 habitants, selon les donn\u00e9es de l&#8217;Insee au 1er janvier 2023.<\/p><h3>Quelle est la plus belle ville du Calvados ?<\/h3><p>Choisir la plus belle ville du Calvados est subjectif et varie selon les pr\u00e9f\u00e9rences de chacun. Toutefois, Honfleur, Bayeux et Deauville se distinguent r\u00e9guli\u00e8rement pour leur beaut\u00e9 et leur richesse patrimoniale. Honfleur, avec son caract\u00e8re m\u00e9di\u00e9val, son \u00e9glise en bois unique et son port pittoresque, attire de nombreux visiteurs. Bayeux, c\u00e9l\u00e8bre pour sa tapisserie du XIe si\u00e8cle narrant la conqu\u00eate de l&#8217;Angleterre par Guillaume le Conqu\u00e9rant, est impr\u00e9gn\u00e9e d&#8217;histoire. Deauville, connue pour son \u00e9l\u00e9gance, ses villas luxueuses et ses \u00e9v\u00e9nements culturels et sportifs, symbolise le chic baln\u00e9aire.<\/p><h3>Quelle est l&#8217;origine du nom Calvados ?<\/h3><p>L&#8217;\u00e9tymologie du nom Calvados demeure floue, mais il est g\u00e9n\u00e9ralement admis qu&#8217;il d\u00e9rive du latin &#8220;calvus&#8221; (chauve) et &#8220;dos&#8221; (dos), faisant r\u00e9f\u00e9rence \u00e0 des r\u00e9cifs nus visibles au large de la c\u00f4te normande. Ces r\u00e9cifs, utilis\u00e9s comme points de rep\u00e8re par les navigateurs, ont inspir\u00e9 le nom du d\u00e9partement \u00e9tabli en 1790.<\/p><h3>Comment on appelle les gens du Calvados ?<\/h3><p>Les habitants du Calvados sont appel\u00e9s les Calvadosiens, terme officiel d\u00e9signant les r\u00e9sidents de ce d\u00e9partement normand.<\/p>\t\t\t\t\t\t\t\t<\/div>\n\t\t\t\t\t<\/div>\n\t\t\t\t<\/div>\n\t\t<aside class=\"elementor-element elementor-element-51a32d79 e-flex e-con-boxed e-con e-parent\" data-id=\"51a32d79\" data-element_type=\"container\" data-e-type=\"container\">\n\t\t\t\t\t<div class=\"e-con-inner\">\n\t\t\t\t<div class=\"elementor-element elementor-element-1ace353e elementor-widget elementor-widget-listeo-posts-grid\" data-id=\"1ace353e\" data-element_type=\"widget\" data-e-type=\"widget\" data-widget_type=\"listeo-posts-grid.default\">\n\t\t\t\t<div class=\"elementor-widget-container\">\n\t\t\t\t\t\t\t\n\t\t<div class=\"listeo-post-grid-wrapper\">\n\t\t\t<div class=\"row\">\n\n\t\t\t\n\n\t\t\t\t\t\t\t<div class=\"col-md-4\">\n                <a href=\"https:\/\/cparici.com\/en\/calvados-departement\/\" class=\"blog-compact-item-container\">\n                    <div class=\"blog-compact-item\">\n                        <img decoding=\"async\" width=\"577\" height=\"203\" src=\"https:\/\/cparici.com\/wp-content\/uploads\/2024\/07\/calvados.jpg\" class=\"attachment-listeo-blog-related-post size-listeo-blog-related-post wp-post-image\" alt=\"calvados d\u00e9partement\" srcset=\"https:\/\/cparici.com\/wp-content\/uploads\/2024\/07\/calvados.jpg 1510w, https:\/\/cparici.com\/wp-content\/uploads\/2024\/07\/calvados-600x211.jpg 600w, https:\/\/cparici.com\/wp-content\/uploads\/2024\/07\/calvados-300x105.jpg 300w, https:\/\/cparici.com\/wp-content\/uploads\/2024\/07\/calvados-1024x360.jpg 1024w, https:\/\/cparici.com\/wp-content\/uploads\/2024\/07\/calvados-768x270.jpg 768w\" sizes=\"(max-width: 577px) 100vw, 577px\" \/><span class=\"blog-item-tag\">Calvados - d\u00e9partement<\/span>                        \n                        <div class=\"blog-compact-item-content\">\n                                                        <h3>D\u00e9partement du Calvados &#8211; panorama des sites et paysages<\/h3>\n                                                        <p>D\u00e9couvrez le d\u00e9partement du Calvados, ses sites remarquables et ses paysages vari\u00e9s. Un article qui...                            <\/p>\n                                                    <\/div>\n                    <\/div>\n                <\/a>\n            <\/div>\n\t\t\t<div class=\"col-md-4\">\n                <a href=\"https:\/\/cparici.com\/en\/deauville\/\" class=\"blog-compact-item-container\">\n                    <div class=\"blog-compact-item\">\n                        <img decoding=\"async\" width=\"577\" height=\"204\" src=\"https:\/\/cparici.com\/wp-content\/uploads\/2024\/08\/deauville.jpg\" class=\"attachment-listeo-blog-related-post size-listeo-blog-related-post wp-post-image\" alt=\"deauville\" srcset=\"https:\/\/cparici.com\/wp-content\/uploads\/2024\/08\/deauville.jpg 1500w, https:\/\/cparici.com\/wp-content\/uploads\/2024\/08\/deauville-600x212.jpg 600w, https:\/\/cparici.com\/wp-content\/uploads\/2024\/08\/deauville-300x106.jpg 300w, https:\/\/cparici.com\/wp-content\/uploads\/2024\/08\/deauville-1024x362.jpg 1024w, https:\/\/cparici.com\/wp-content\/uploads\/2024\/08\/deauville-768x271.jpg 768w\" sizes=\"(max-width: 577px) 100vw, 577px\" \/><span class=\"blog-item-tag\">Calvados - d\u00e9partement<\/span>                        \n                        <div class=\"blog-compact-item-content\">\n                                                        <h3>Deauville &#8211; guide ultime pour un week-end de charme et culture<\/h3>\n                                                        <p>Comment passer un week-end inoubliable \u00e0 Deauville ? Suivez notre guide ultime pour d\u00e9couvrir les...                            <\/p>\n                                                    <\/div>\n                    <\/div>\n                <\/a>\n            <\/div>\n\t\t\t<div class=\"col-md-4\">\n                <a href=\"https:\/\/cparici.com\/en\/dives-sur-mer\/\" class=\"blog-compact-item-container\">\n                    <div class=\"blog-compact-item\">\n                        <img decoding=\"async\" width=\"577\" height=\"204\" src=\"https:\/\/cparici.com\/wp-content\/uploads\/2026\/02\/Dives-sur-Mer-577x204.jpg\" class=\"attachment-listeo-blog-related-post size-listeo-blog-related-post wp-post-image\" alt=\"Dives-sur-Mer\" srcset=\"https:\/\/cparici.com\/wp-content\/uploads\/2026\/02\/Dives-sur-Mer-577x204.jpg 577w, https:\/\/cparici.com\/wp-content\/uploads\/2026\/02\/Dives-sur-Mer-300x106.jpg 300w, https:\/\/cparici.com\/wp-content\/uploads\/2026\/02\/Dives-sur-Mer-1024x362.jpg 1024w, https:\/\/cparici.com\/wp-content\/uploads\/2026\/02\/Dives-sur-Mer-768x271.jpg 768w, https:\/\/cparici.com\/wp-content\/uploads\/2026\/02\/Dives-sur-Mer-18x6.jpg 18w, https:\/\/cparici.com\/wp-content\/uploads\/2026\/02\/Dives-sur-Mer-590x208.jpg 590w, https:\/\/cparici.com\/wp-content\/uploads\/2026\/02\/Dives-sur-Mer-1200x424.jpg 1200w, https:\/\/cparici.com\/wp-content\/uploads\/2026\/02\/Dives-sur-Mer-600x212.jpg 600w, https:\/\/cparici.com\/wp-content\/uploads\/2026\/02\/Dives-sur-Mer.jpg 1500w\" sizes=\"(max-width: 577px) 100vw, 577px\" \/><span class=\"blog-item-tag\">Calvados - d\u00e9partement<\/span>                        \n                        <div class=\"blog-compact-item-content\">\n                                                        <h3>Dives-sur-Mer : guide complet pour visiter la perle normande<\/h3>\n                                                        <p>Recherches populaires Categories Pas de r\u00e9sultats Voir tous les r\u00e9sultats Dives-sur-Mer : guide complet pour...                            <\/p>\n                                                    <\/div>\n                    <\/div>\n                <\/a>\n            <\/div>\n  <\/div>\n        <\/div>\n        \t\t\t\t<\/div>\n\t\t\t\t<\/div>\n\t\t\t\t\t<\/div>\n\t\t\t\t<\/aside>\n\t\t\t\t<\/div>\n\t\t","protected":false},"excerpt":{"rendered":"<p>Discover the Calvados department, its remarkable sites and varied landscapes. An article that invites you to travel through Normandy.<\/p>","protected":false},"author":1,"featured_media":40252,"comment_status":"closed","ping_status":"open","sticky":false,"template":"","format":"standard","meta":{"ngg_post_thumbnail":0,"footnotes":""},"categories":[1080,2563,477,600],"tags":[883],"class_list":["post-40246","post","type-post","status-publish","format-standard","has-post-thumbnail","hentry","category-calvados-departement","category-departement-de-france","category-france","category-normandie","tag-departement"],"_links":{"self":[{"href":"https:\/\/cparici.com\/en\/wp-json\/wp\/v2\/posts\/40246","targetHints":{"allow":["GET"]}}],"collection":[{"href":"https:\/\/cparici.com\/en\/wp-json\/wp\/v2\/posts"}],"about":[{"href":"https:\/\/cparici.com\/en\/wp-json\/wp\/v2\/types\/post"}],"author":[{"embeddable":true,"href":"https:\/\/cparici.com\/en\/wp-json\/wp\/v2\/users\/1"}],"replies":[{"embeddable":true,"href":"https:\/\/cparici.com\/en\/wp-json\/wp\/v2\/comments?post=40246"}],"version-history":[{"count":2,"href":"https:\/\/cparici.com\/en\/wp-json\/wp\/v2\/posts\/40246\/revisions"}],"predecessor-version":[{"id":82882,"href":"https:\/\/cparici.com\/en\/wp-json\/wp\/v2\/posts\/40246\/revisions\/82882"}],"wp:featuredmedia":[{"embeddable":true,"href":"https:\/\/cparici.com\/en\/wp-json\/wp\/v2\/media\/40252"}],"wp:attachment":[{"href":"https:\/\/cparici.com\/en\/wp-json\/wp\/v2\/media?parent=40246"}],"wp:term":[{"taxonomy":"category","embeddable":true,"href":"https:\/\/cparici.com\/en\/wp-json\/wp\/v2\/categories?post=40246"},{"taxonomy":"post_tag","embeddable":true,"href":"https:\/\/cparici.com\/en\/wp-json\/wp\/v2\/tags?post=40246"}],"curies":[{"name":"wp","href":"https:\/\/api.w.org\/{rel}","templated":true}]}}