{"id":40673,"date":"2024-07-09T14:36:54","date_gmt":"2024-07-09T12:36:54","guid":{"rendered":"https:\/\/cparici.com\/?p=40673"},"modified":"2025-07-25T06:54:42","modified_gmt":"2025-07-25T04:54:42","slug":"vacation-rentals-in-brittany","status":"publish","type":"post","link":"https:\/\/cparici.com\/en\/location-vacances-en-bretagne\/","title":{"rendered":"Vacation rentals in Brittany"},"content":{"rendered":"\t\t<div data-elementor-type=\"wp-post\" data-elementor-id=\"40673\" class=\"elementor elementor-40673\" data-elementor-post-type=\"post\">\n\t\t\t\t\t\t<section class=\"elementor-section elementor-top-section elementor-element elementor-element-2ffd014f elementor-section-stretched elementor-section-content-middle elementor-section-full_width elementor-section-height-default elementor-section-height-default\" data-id=\"2ffd014f\" data-element_type=\"section\" data-e-type=\"section\" data-settings=\"{&quot;stretch_section&quot;:&quot;section-stretched&quot;,&quot;background_background&quot;:&quot;classic&quot;}\">\n\t\t\t\t\t\t\t<div class=\"elementor-background-overlay\"><\/div>\n\t\t\t\t\t\t\t<div class=\"elementor-container elementor-column-gap-no\">\n\t\t\t\t\t<div class=\"elementor-column elementor-col-50 elementor-top-column elementor-element elementor-element-7ad4d3b4\" data-id=\"7ad4d3b4\" data-element_type=\"column\" data-e-type=\"column\">\n\t\t\t<div class=\"elementor-widget-wrap elementor-element-populated\">\n\t\t\t\t\t\t<div class=\"elementor-element elementor-element-3cb18758 elementor-widget elementor-widget-heading\" data-id=\"3cb18758\" data-element_type=\"widget\" data-e-type=\"widget\" data-widget_type=\"heading.default\">\n\t\t\t\t\t<h1 class=\"elementor-heading-title elementor-size-default\">Location Vacances en Bretagne<\/h1>\t\t\t\t<\/div>\n\t\t\t\t<div class=\"elementor-element elementor-element-5b0949e7 elementor-widget elementor-widget-spacer\" data-id=\"5b0949e7\" data-element_type=\"widget\" data-e-type=\"widget\" data-widget_type=\"spacer.default\">\n\t\t\t\t\t\t\t<div class=\"elementor-spacer\">\n\t\t\t<div class=\"elementor-spacer-inner\"><\/div>\n\t\t<\/div>\n\t\t\t\t\t\t<\/div>\n\t\t\t\t\t<\/div>\n\t\t<\/div>\n\t\t\t\t<div class=\"elementor-column elementor-col-50 elementor-top-column elementor-element elementor-element-fffd560\" data-id=\"fffd560\" data-element_type=\"column\" data-e-type=\"column\">\n\t\t\t<div class=\"elementor-widget-wrap\">\n\t\t\t\t\t\t\t<\/div>\n\t\t<\/div>\n\t\t\t\t\t<\/div>\n\t\t<\/section>\n\t\t<div class=\"elementor-element elementor-element-cc483dc e-flex e-con-boxed e-con e-parent\" data-id=\"cc483dc\" data-element_type=\"container\" data-e-type=\"container\" data-settings=\"{&quot;background_background&quot;:&quot;classic&quot;}\">\n\t\t\t\t\t<div class=\"e-con-inner\">\n\t\t<div class=\"elementor-element elementor-element-c2df404 e-con-full e-flex e-con e-child\" data-id=\"c2df404\" data-element_type=\"container\" data-e-type=\"container\">\n\t\t\t\t<div class=\"elementor-element elementor-element-7f9b42e elementor-widget elementor-widget-heading\" data-id=\"7f9b42e\" data-element_type=\"widget\" data-e-type=\"widget\" data-widget_type=\"heading.default\">\n\t\t\t\t\t<h1 class=\"elementor-heading-title elementor-size-default\">Location Vacances en Bretagne<\/h1>\t\t\t\t<\/div>\n\t\t\t\t<div class=\"elementor-element elementor-element-82ab507 elementor-widget elementor-widget-spacer\" data-id=\"82ab507\" data-element_type=\"widget\" data-e-type=\"widget\" data-widget_type=\"spacer.default\">\n\t\t\t\t\t\t\t<div class=\"elementor-spacer\">\n\t\t\t<div class=\"elementor-spacer-inner\"><\/div>\n\t\t<\/div>\n\t\t\t\t\t\t<\/div>\n\t\t\t\t<\/div>\n\t\t<div class=\"elementor-element elementor-element-7974fb0 e-con-full e-flex e-con e-child\" data-id=\"7974fb0\" data-element_type=\"container\" data-e-type=\"container\">\n\t\t\t\t<\/div>\n\t\t\t\t\t<\/div>\n\t\t\t\t<\/div>\n\t\t\t\t<section class=\"elementor-section elementor-top-section elementor-element elementor-element-408ac8d8 elementor-section-stretched elementor-section-boxed elementor-section-height-default elementor-section-height-default\" data-id=\"408ac8d8\" data-element_type=\"section\" data-e-type=\"section\" data-settings=\"{&quot;stretch_section&quot;:&quot;section-stretched&quot;,&quot;background_background&quot;:&quot;classic&quot;}\">\n\t\t\t\t\t\t<div class=\"elementor-container elementor-column-gap-no\">\n\t\t\t\t\t<div class=\"elementor-column elementor-col-100 elementor-top-column elementor-element elementor-element-12aae470\" data-id=\"12aae470\" data-element_type=\"column\" data-e-type=\"column\">\n\t\t\t<div class=\"elementor-widget-wrap\">\n\t\t\t\t\t\t\t<\/div>\n\t\t<\/div>\n\t\t\t\t\t<\/div>\n\t\t<\/section>\n\t\t\t\t<section class=\"elementor-section elementor-top-section elementor-element elementor-element-5b89d609 elementor-section-stretched elementor-section-boxed elementor-section-height-default elementor-section-height-default\" data-id=\"5b89d609\" data-element_type=\"section\" data-e-type=\"section\" data-settings=\"{&quot;stretch_section&quot;:&quot;section-stretched&quot;,&quot;background_background&quot;:&quot;classic&quot;}\">\n\t\t\t\t\t\t<div class=\"elementor-container elementor-column-gap-default\">\n\t\t\t\t\t<div class=\"elementor-column elementor-col-100 elementor-top-column elementor-element elementor-element-358e7854\" data-id=\"358e7854\" data-element_type=\"column\" data-e-type=\"column\">\n\t\t\t<div class=\"elementor-widget-wrap elementor-element-populated\">\n\t\t\t\t\t\t<section class=\"elementor-section elementor-inner-section elementor-element elementor-element-450a9706 elementor-section-height-min-height elementor-section-content-middle elementor-section-boxed elementor-section-height-default\" data-id=\"450a9706\" data-element_type=\"section\" data-e-type=\"section\" data-settings=\"{&quot;background_background&quot;:&quot;classic&quot;}\">\n\t\t\t\t\t\t<div class=\"elementor-container elementor-column-gap-default\">\n\t\t\t\t\t<div class=\"elementor-column elementor-col-33 elementor-inner-column elementor-element elementor-element-19b713e9\" data-id=\"19b713e9\" data-element_type=\"column\" data-e-type=\"column\" data-settings=\"{&quot;background_background&quot;:&quot;classic&quot;}\">\n\t\t\t<div class=\"elementor-widget-wrap elementor-element-populated\">\n\t\t\t\t\t\t\t<\/div>\n\t\t<\/div>\n\t\t\t\t<div class=\"elementor-column elementor-col-33 elementor-inner-column elementor-element elementor-element-693b99c2 elementor-hidden-mobile\" data-id=\"693b99c2\" data-element_type=\"column\" data-e-type=\"column\" data-settings=\"{&quot;background_background&quot;:&quot;classic&quot;}\">\n\t\t\t<div class=\"elementor-widget-wrap\">\n\t\t\t\t\t\t\t<\/div>\n\t\t<\/div>\n\t\t\t\t<div class=\"elementor-column elementor-col-33 elementor-inner-column elementor-element elementor-element-2589abef\" data-id=\"2589abef\" data-element_type=\"column\" data-e-type=\"column\">\n\t\t\t<div class=\"elementor-widget-wrap elementor-element-populated\">\n\t\t\t\t\t\t<div class=\"elementor-element elementor-element-1893aabc elementor-widget elementor-widget-heading\" data-id=\"1893aabc\" data-element_type=\"widget\" data-e-type=\"widget\" data-widget_type=\"heading.default\">\n\t\t\t\t\t<h2 class=\"elementor-heading-title elementor-size-default\"><h2 style=\"font-family: Abel;margin-bottom: 0.625rem\">Bretagne - Trouver une location vacances en Bretagne<\/h2><\/h2>\t\t\t\t<\/div>\n\t\t\t\t<div class=\"elementor-element elementor-element-3438e740 elementor-widget elementor-widget-heading\" data-id=\"3438e740\" data-element_type=\"widget\" data-e-type=\"widget\" data-widget_type=\"heading.default\">\n\t\t\t\t\t<span class=\"elementor-heading-title elementor-size-default\">D\u00e9nichez votre destination id\u00e9ale pour explorer la Bretagne et profiter du bord de mer.\n\n\n<\/span>\t\t\t\t<\/div>\n\t\t\t\t<div class=\"elementor-element elementor-element-24e1effe elementor-widget elementor-widget-heading\" data-id=\"24e1effe\" data-element_type=\"widget\" data-e-type=\"widget\" data-widget_type=\"heading.default\">\n\t\t\t\t\t<h3 class=\"elementor-heading-title elementor-size-default\">Location Vacances en Bretagne - Destination Tourisme en France<\/h3>\t\t\t\t<\/div>\n\t\t\t\t\t<\/div>\n\t\t<\/div>\n\t\t\t\t\t<\/div>\n\t\t<\/section>\n\t\t\t\t\t<\/div>\n\t\t<\/div>\n\t\t\t\t\t<\/div>\n\t\t<\/section>\n\t\t<div class=\"elementor-element elementor-element-56d6fd2b e-flex e-con-boxed e-con e-parent\" data-id=\"56d6fd2b\" data-element_type=\"container\" data-e-type=\"container\">\n\t\t\t\t\t<div class=\"e-con-inner\">\n\t\t\t\t<div class=\"elementor-element elementor-element-77c27783 elementor-widget elementor-widget-text-editor\" data-id=\"77c27783\" data-element_type=\"widget\" data-e-type=\"widget\" data-widget_type=\"text-editor.default\">\n\t\t\t\t\t\t\t\t\t<p>Imaginez-vous passer vos vacances en Bretagne, cette magnifique r\u00e9gion qui offre la mer, la campagne et l\u2019effervescence urbaine. Vous recherchez un lieu de s\u00e9jour qui r\u00e9ponde \u00e0 vos d\u00e9sirs, budget et besoins de votre famille ?<\/p><p>Vous \u00eates exactement o\u00f9 il faut ! Cet article est con\u00e7u pour vous guider vers la maison de vacances id\u00e9ale en Bretagne, que votre pr\u00e9f\u00e9rence aille vers un g\u00eete, un appartement, une r\u00e9sidence ou m\u00eame un camping. Nous allons \u00e9galement explorer les merveilles de la Bretagne, depuis ses paysages diversifi\u00e9s jusqu\u2019\u00e0 sa culture riche, en passant par sa cuisine d\u00e9licieuse et ses activit\u00e9s \u00e0 ne pas manquer.<\/p><p>Que ce soit pour savourer le temps sur les plages, explorer les \u00eeles, visiter les ports, se promener dans les for\u00eats, d\u00e9couvrir les villes ou visiter les sites historiques, la Bretagne vous promet des moments inoubliables. Alors, venez avec nous pour planifier votre aventure en Bretagne !<\/p>\t\t\t\t\t\t\t\t<\/div>\n\t\t\t\t\t<\/div>\n\t\t\t\t<\/div>\n\t\t<div class=\"elementor-element elementor-element-87e7d4 e-flex e-con-boxed e-con e-parent\" data-id=\"87e7d4\" data-element_type=\"container\" data-e-type=\"container\">\n\t\t\t\t\t<div class=\"e-con-inner\">\n\t\t\t\t<div class=\"elementor-element elementor-element-6502ecc9 elementor-widget elementor-widget-spacer\" data-id=\"6502ecc9\" data-element_type=\"widget\" data-e-type=\"widget\" data-widget_type=\"spacer.default\">\n\t\t\t\t\t\t\t<div class=\"elementor-spacer\">\n\t\t\t<div class=\"elementor-spacer-inner\"><\/div>\n\t\t<\/div>\n\t\t\t\t\t\t<\/div>\n\t\t\t\t<div class=\"elementor-element elementor-element-2b3e599f elementor-widget elementor-widget-heading\" data-id=\"2b3e599f\" data-element_type=\"widget\" data-e-type=\"widget\" data-widget_type=\"heading.default\">\n\t\t\t\t\t<h2 class=\"elementor-heading-title elementor-size-default\">Locations de Vacances - Nos coups de c\u0153ur en Bretagne !<\/h2>\t\t\t\t<\/div>\n\t\t\t\t\t<\/div>\n\t\t\t\t<\/div>\n\t\t<div class=\"elementor-element elementor-element-556042ca e-flex e-con-boxed e-con e-parent\" data-id=\"556042ca\" data-element_type=\"container\" data-e-type=\"container\">\n\t\t\t\t\t<div class=\"e-con-inner\">\n\t\t\t\t<div class=\"elementor-element elementor-element-16f132e elementor-widget elementor-widget-listeo-listings-carousel\" data-id=\"16f132e\" data-element_type=\"widget\" data-e-type=\"widget\" data-widget_type=\"listeo-listings-carousel.default\">\n\t\t\t\t<div class=\"elementor-widget-container\">\n\t\t\t\t\t        <!-- Carousel \/ Start -->\n        \t<div class=\"simple-slick-carousel dots-nav\" data-slick='{&quot;autoplay&quot;:true,&quot;autoplaySpeed&quot;:3000,&quot;slidesToShow&quot;:3,&quot;slidesToScroll&quot;:1,&quot;responsive&quot;:[{&quot;breakpoint&quot;:1024,&quot;settings&quot;:{&quot;slidesToShow&quot;:2,&quot;slidesToScroll&quot;:1}},{&quot;breakpoint&quot;:768,&quot;settings&quot;:{&quot;slidesToShow&quot;:1,&quot;slidesToScroll&quot;:1}}]}'>\n                            <div class=\"fw-carousel-item\">                    \n                        <!-- Listing Item -->\r\n            <div class=\"col-lg-6 col-md-12\">\r\n                <a href=\"https:\/\/cparici.com\/en\/annonce\/maison-bretonne-cap-coz-6-personnes\/\"  class=\"listing-item-container listing-geo-data compact\" \r\n\t\tdata-title=\"Maison Bretonne Cap-Coz 6 personnes\"\r\n\t\tdata-listing-type=\"rental\"\r\n\t\tdata-classifieds-price=\"&euro;\"\r\n\t\tdata-friendly-address=\"Cap-Coz, 200m de la plage\"\r\n\t\tdata-address=\"Cap-Coz, 200m de la plage\"\r\n\t\tdata-image=\"https:\/\/cparici.com\/wp-content\/uploads\/2026\/04\/location-vacances-cap-coz-vue-aerienne-520x397.jpg\"\r\n\t\tdata-longitude=\"-3.9920428\"\r\n\t\tdata-latitude=\"47.887895\"\r\n\t\t\t\t\tdata-rating=\"0\"\r\n\t\t\tdata-reviews=\"0\"\r\n\t\t\t\tdata-icon=\"&lt;svg xmlns=&quot;http:\/\/www.w3.org\/2000\/svg&quot; width=&quot;800px&quot; height=&quot;800px&quot; viewBox=&quot;0 0 45 45&quot; fill=&quot;none&quot;&gt;\n&lt;path d=&quot;M24.155 8.78099L24.33 8.94499L37.402 21.787L36 23.213L34.2 21.445L34.201 35C34.201 36.054 33.385 36.918 32.35 36.994L32.201 37H12.201C11.147 37 10.283 36.184 10.206 35.149L10.201 35L10.2 21.446L8.402 23.213L7 21.787L20.058 8.95799C21.171 7.82199 22.966 7.75899 24.155 8.78099ZM21.569 10.285L21.473 10.372L12.2 19.481L12.201 35L17.2 34.999L17.201 25C17.201 23.946 18.017 23.082 19.052 23.005L19.201 23H25.201C26.255 23 27.119 23.816 27.196 24.851L27.201 25L27.2 34.999L32.201 35L32.2 19.48L22.901 10.344C22.537 9.98699 21.969 9.96499 21.569 10.285ZM25.201 25H19.201L19.2 34.999H25.2L25.201 25Z&quot; fill=&quot;#3C3C3C&quot;\/&gt;\n&lt;\/svg&gt;\"\r\n\r\n\t>\r\n            <div class=\"listing-item  \">\r\n                <div class=\"listing-small-badges-container\">\r\n                                                                <div class=\"listing-small-badge pricing-badge\"><i class=\"fa fa-tag\"><\/i>130.00&euro; - 0.00&euro;<\/div>\r\n                                                            \r\n                                        \r\n                                        \r\n                <\/div>\r\n                <img decoding=\"async\" src=\"https:\/\/cparici.com\/wp-content\/uploads\/2026\/04\/location-vacances-cap-coz-vue-aerienne-520x397.jpg\" alt=\"Maison Bretonne Cap-Coz 6 personnes\" class=\"listing-thumbnail\">\r\n                \r\n\r\n                <div class=\"listing-item-content\">\r\n                    \r\n                    <h3> Maison Bretonne Cap-Coz 6 personnes <\/h3>\r\n                    <span>Cap-Coz, 200m de la plage<\/span>\r\n                <\/div>\r\n                                        <span class=\"save like-icon tooltip left\" title=\"Login To Bookmark Items\"><\/span>\r\n                                                <\/div>\r\n        <\/a>\r\n                    <\/div>\r\n        \r\n\r\n        <!-- Listing Item \/ End -->\n                    <\/div>\n                                      <div class=\"fw-carousel-item\">                    \n                        <!-- Listing Item -->\r\n            <div class=\"col-lg-6 col-md-12\">\r\n                <a href=\"https:\/\/cparici.com\/en\/annonce\/appartement-le-nassau-vue-mer-2-personnes-concarneau\/\"  class=\"listing-item-container listing-geo-data compact\" \r\n\t\tdata-title=\"Appartement Le Nassau &#8211; vue mer 2 personnes Concarneau\"\r\n\t\tdata-listing-type=\"rental\"\r\n\t\tdata-classifieds-price=\"&euro;\"\r\n\t\tdata-friendly-address=\"Bd Bougainville, Concarneau\"\r\n\t\tdata-address=\"Bd Bougainville, Concarneau\"\r\n\t\tdata-image=\"https:\/\/cparici.com\/wp-content\/uploads\/2026\/04\/appartement-nassau-concarneau-520x397.jpg\"\r\n\t\tdata-longitude=\"-3.921428087197639\"\r\n\t\tdata-latitude=\"47.86981360330804\"\r\n\t\t\t\t\tdata-rating=\"0\"\r\n\t\t\tdata-reviews=\"0\"\r\n\t\t\t\tdata-icon=\"&lt;svg xmlns=&quot;http:\/\/www.w3.org\/2000\/svg&quot; width=&quot;800px&quot; height=&quot;800px&quot; viewBox=&quot;0 0 45 45&quot; fill=&quot;none&quot;&gt;\n&lt;path d=&quot;M24.155 8.78099L24.33 8.94499L37.402 21.787L36 23.213L34.2 21.445L34.201 35C34.201 36.054 33.385 36.918 32.35 36.994L32.201 37H12.201C11.147 37 10.283 36.184 10.206 35.149L10.201 35L10.2 21.446L8.402 23.213L7 21.787L20.058 8.95799C21.171 7.82199 22.966 7.75899 24.155 8.78099ZM21.569 10.285L21.473 10.372L12.2 19.481L12.201 35L17.2 34.999L17.201 25C17.201 23.946 18.017 23.082 19.052 23.005L19.201 23H25.201C26.255 23 27.119 23.816 27.196 24.851L27.201 25L27.2 34.999L32.201 35L32.2 19.48L22.901 10.344C22.537 9.98699 21.969 9.96499 21.569 10.285ZM25.201 25H19.201L19.2 34.999H25.2L25.201 25Z&quot; fill=&quot;#3C3C3C&quot;\/&gt;\n&lt;\/svg&gt;\"\r\n\r\n\t>\r\n            <div class=\"listing-item  \">\r\n                <div class=\"listing-small-badges-container\">\r\n                                                                <div class=\"listing-small-badge pricing-badge\"><i class=\"fa fa-tag\"><\/i>80.00&euro; - 0.00&euro;<\/div>\r\n                                                            \r\n                                        \r\n                                        \r\n                <\/div>\r\n                <img decoding=\"async\" src=\"https:\/\/cparici.com\/wp-content\/uploads\/2026\/04\/appartement-nassau-concarneau-520x397.jpg\" alt=\"Appartement Le Nassau &#8211; vue mer 2 personnes Concarneau\" class=\"listing-thumbnail\">\r\n                \r\n\r\n                <div class=\"listing-item-content\">\r\n                    \r\n                    <h3> Appartement Le Nassau &#8211; vue mer 2 personnes Concarneau <\/h3>\r\n                    <span>Bd Bougainville, Concarneau<\/span>\r\n                <\/div>\r\n                                        <span class=\"save like-icon tooltip left\" title=\"Login To Bookmark Items\"><\/span>\r\n                                                <\/div>\r\n        <\/a>\r\n                    <\/div>\r\n        \r\n\r\n        <!-- Listing Item \/ End -->\n                    <\/div>\n                                      <div class=\"fw-carousel-item\">                    \n                        <!-- Listing Item -->\r\n            <div class=\"col-lg-6 col-md-12\">\r\n                <a href=\"https:\/\/cparici.com\/en\/annonce\/appartement-le-hublot-4-pers-concarneau\/\"  class=\"listing-item-container listing-geo-data compact\" \r\n\t\tdata-title=\"Appartement Le Hublot 4 Pers &#8211; Concarneau\"\r\n\t\tdata-listing-type=\"rental\"\r\n\t\tdata-classifieds-price=\"&euro;\"\r\n\t\tdata-friendly-address=\"Thalasso Concarneau\"\r\n\t\tdata-address=\"Thalasso Concarneau\"\r\n\t\tdata-image=\"https:\/\/cparici.com\/wp-content\/uploads\/2026\/04\/appartement-le-hublot-concarneau-cuisine-520x397.jpg\"\r\n\t\tdata-longitude=\"-3.9297274\"\r\n\t\tdata-latitude=\"47.8804838\"\r\n\t\t\t\t\tdata-rating=\"0\"\r\n\t\t\tdata-reviews=\"0\"\r\n\t\t\t\tdata-icon=\"&lt;svg xmlns=&quot;http:\/\/www.w3.org\/2000\/svg&quot; width=&quot;800px&quot; height=&quot;800px&quot; viewBox=&quot;0 0 45 45&quot; fill=&quot;none&quot;&gt;\n&lt;path d=&quot;M24.155 8.78099L24.33 8.94499L37.402 21.787L36 23.213L34.2 21.445L34.201 35C34.201 36.054 33.385 36.918 32.35 36.994L32.201 37H12.201C11.147 37 10.283 36.184 10.206 35.149L10.201 35L10.2 21.446L8.402 23.213L7 21.787L20.058 8.95799C21.171 7.82199 22.966 7.75899 24.155 8.78099ZM21.569 10.285L21.473 10.372L12.2 19.481L12.201 35L17.2 34.999L17.201 25C17.201 23.946 18.017 23.082 19.052 23.005L19.201 23H25.201C26.255 23 27.119 23.816 27.196 24.851L27.201 25L27.2 34.999L32.201 35L32.2 19.48L22.901 10.344C22.537 9.98699 21.969 9.96499 21.569 10.285ZM25.201 25H19.201L19.2 34.999H25.2L25.201 25Z&quot; fill=&quot;#3C3C3C&quot;\/&gt;\n&lt;\/svg&gt;\"\r\n\r\n\t>\r\n            <div class=\"listing-item  \">\r\n                <div class=\"listing-small-badges-container\">\r\n                                                                <div class=\"listing-small-badge pricing-badge\"><i class=\"fa fa-tag\"><\/i>120.00&euro; - 0.00&euro;<\/div>\r\n                                                            \r\n                                        \r\n                                        \r\n                <\/div>\r\n                <img decoding=\"async\" src=\"https:\/\/cparici.com\/wp-content\/uploads\/2026\/04\/appartement-le-hublot-concarneau-cuisine-520x397.jpg\" alt=\"Appartement Le Hublot 4 Pers &#8211; Concarneau\" class=\"listing-thumbnail\">\r\n                \r\n\r\n                <div class=\"listing-item-content\">\r\n                    \r\n                    <h3> Appartement Le Hublot 4 Pers &#8211; Concarneau <\/h3>\r\n                    <span>Thalasso Concarneau<\/span>\r\n                <\/div>\r\n                                        <span class=\"save like-icon tooltip left\" title=\"Login To Bookmark Items\"><\/span>\r\n                                                <\/div>\r\n        <\/a>\r\n                    <\/div>\r\n        \r\n\r\n        <!-- Listing Item \/ End -->\n                    <\/div>\n                                      <div class=\"fw-carousel-item\">                    \n                        <!-- Listing Item -->\r\n            <div class=\"col-lg-6 col-md-12\">\r\n                <a href=\"https:\/\/cparici.com\/en\/annonce\/la-plume-appartement-vue-mer-2-adultes-2-enfants-vue-mer-a-concarneau\/\"  class=\"listing-item-container listing-geo-data compact\" \r\n\t\tdata-title=\"La Plume \u2013 Appartement vue mer \u00e0 CONCARNEAU\"\r\n\t\tdata-listing-type=\"rental\"\r\n\t\tdata-classifieds-price=\"&euro;\"\r\n\t\tdata-friendly-address=\"Centre ville Concarneau, Plages \u00e0 pied\"\r\n\t\tdata-address=\"Centre ville Concarneau, Plages \u00e0 pied\"\r\n\t\tdata-image=\"https:\/\/cparici.com\/wp-content\/uploads\/2026\/04\/appartement-plume-concarneau-balcon-vue-mer-et-phare-520x397.jpg\"\r\n\t\tdata-longitude=\"-3.9175758\"\r\n\t\tdata-latitude=\"47.8690136\"\r\n\t\t\t\t\tdata-rating=\"0\"\r\n\t\t\tdata-reviews=\"0\"\r\n\t\t\t\tdata-icon=\"&lt;svg xmlns=&quot;http:\/\/www.w3.org\/2000\/svg&quot; width=&quot;800px&quot; height=&quot;800px&quot; viewBox=&quot;0 0 45 45&quot; fill=&quot;none&quot;&gt;\n&lt;path d=&quot;M24.155 8.78099L24.33 8.94499L37.402 21.787L36 23.213L34.2 21.445L34.201 35C34.201 36.054 33.385 36.918 32.35 36.994L32.201 37H12.201C11.147 37 10.283 36.184 10.206 35.149L10.201 35L10.2 21.446L8.402 23.213L7 21.787L20.058 8.95799C21.171 7.82199 22.966 7.75899 24.155 8.78099ZM21.569 10.285L21.473 10.372L12.2 19.481L12.201 35L17.2 34.999L17.201 25C17.201 23.946 18.017 23.082 19.052 23.005L19.201 23H25.201C26.255 23 27.119 23.816 27.196 24.851L27.201 25L27.2 34.999L32.201 35L32.2 19.48L22.901 10.344C22.537 9.98699 21.969 9.96499 21.569 10.285ZM25.201 25H19.201L19.2 34.999H25.2L25.201 25Z&quot; fill=&quot;#3C3C3C&quot;\/&gt;\n&lt;\/svg&gt;\"\r\n\r\n\t>\r\n            <div class=\"listing-item  \">\r\n                <div class=\"listing-small-badges-container\">\r\n                                                                <div class=\"listing-small-badge pricing-badge\"><i class=\"fa fa-tag\"><\/i>140.00&euro; - 0.00&euro;<\/div>\r\n                                                            \r\n                                        \r\n                                        \r\n                <\/div>\r\n                <img decoding=\"async\" src=\"https:\/\/cparici.com\/wp-content\/uploads\/2026\/04\/appartement-plume-concarneau-balcon-vue-mer-et-phare-520x397.jpg\" alt=\"La Plume \u2013 Appartement vue mer \u00e0 CONCARNEAU\" class=\"listing-thumbnail\">\r\n                \r\n\r\n                <div class=\"listing-item-content\">\r\n                    \r\n                    <h3> La Plume \u2013 Appartement vue mer \u00e0 CONCARNEAU <\/h3>\r\n                    <span>Centre ville Concarneau, Plages \u00e0 pied<\/span>\r\n                <\/div>\r\n                                        <span class=\"save like-icon tooltip left\" title=\"Login To Bookmark Items\"><\/span>\r\n                                                <\/div>\r\n        <\/a>\r\n                    <\/div>\r\n        \r\n\r\n        <!-- Listing Item \/ End -->\n                    <\/div>\n                                      <div class=\"fw-carousel-item\">                    \n                        <!-- Listing Item -->\r\n            <div class=\"col-lg-6 col-md-12\">\r\n                <a href=\"https:\/\/cparici.com\/en\/annonce\/la-maison-daurelie-2\/\"  class=\"listing-item-container listing-geo-data compact\" \r\n\t\tdata-title=\"la maison d&#8217;Aurelie\"\r\n\t\tdata-listing-type=\"rental\"\r\n\t\tdata-classifieds-price=\"&euro;\"\r\n\t\tdata-friendly-address=\"28 CHEMIN DES FONTANILLES LE CAYROU\"\r\n\t\tdata-address=\"28 CHEMIN DES FONTANILLES LE CAYROU\"\r\n\t\tdata-image=\"https:\/\/cparici.com\/wp-content\/uploads\/2026\/04\/photo-13-520x397.jpg\"\r\n\t\tdata-longitude=\"2.312295\"\r\n\t\tdata-latitude=\"44.44915899999999\"\r\n\t\t\t\t\tdata-rating=\"0\"\r\n\t\t\tdata-reviews=\"0\"\r\n\t\t\t\tdata-icon=\"&lt;svg xmlns=&quot;http:\/\/www.w3.org\/2000\/svg&quot; width=&quot;800px&quot; height=&quot;800px&quot; viewBox=&quot;0 0 45 45&quot; fill=&quot;none&quot;&gt;\n&lt;path d=&quot;M24.155 8.78099L24.33 8.94499L37.402 21.787L36 23.213L34.2 21.445L34.201 35C34.201 36.054 33.385 36.918 32.35 36.994L32.201 37H12.201C11.147 37 10.283 36.184 10.206 35.149L10.201 35L10.2 21.446L8.402 23.213L7 21.787L20.058 8.95799C21.171 7.82199 22.966 7.75899 24.155 8.78099ZM21.569 10.285L21.473 10.372L12.2 19.481L12.201 35L17.2 34.999L17.201 25C17.201 23.946 18.017 23.082 19.052 23.005L19.201 23H25.201C26.255 23 27.119 23.816 27.196 24.851L27.201 25L27.2 34.999L32.201 35L32.2 19.48L22.901 10.344C22.537 9.98699 21.969 9.96499 21.569 10.285ZM25.201 25H19.201L19.2 34.999H25.2L25.201 25Z&quot; fill=&quot;#3C3C3C&quot;\/&gt;\n&lt;\/svg&gt;\"\r\n\r\n\t>\r\n            <div class=\"listing-item  \">\r\n                <div class=\"listing-small-badges-container\">\r\n                                                                <div class=\"listing-small-badge pricing-badge\"><i class=\"fa fa-tag\"><\/i>80.00&euro; - 80.00&euro;<\/div>\r\n                                                            \r\n                                        \r\n                                        \r\n                <\/div>\r\n                <img decoding=\"async\" src=\"https:\/\/cparici.com\/wp-content\/uploads\/2026\/04\/photo-13-520x397.jpg\" alt=\"la maison d&#8217;Aurelie\" class=\"listing-thumbnail\">\r\n                \r\n\r\n                <div class=\"listing-item-content\">\r\n                    \r\n                    <h3> la maison d&#8217;Aurelie <\/h3>\r\n                    <span>28 CHEMIN DES FONTANILLES LE CAYROU<\/span>\r\n                <\/div>\r\n                                        <span class=\"save like-icon tooltip left\" title=\"Login To Bookmark Items\"><\/span>\r\n                                                <\/div>\r\n        <\/a>\r\n                    <\/div>\r\n        \r\n\r\n        <!-- Listing Item \/ End -->\n                    <\/div>\n                                      <div class=\"fw-carousel-item\">                    \n                        <!-- Listing Item -->\r\n            <div class=\"col-lg-6 col-md-12\">\r\n                <a href=\"https:\/\/cparici.com\/en\/annonce\/chambres-dhotes-loreliane-en-provence-spa-oenotourisme\/\"  class=\"listing-item-container listing-geo-data compact\" \r\n\t\tdata-title=\"Chambres d&#8217;h\u00f4tes L&#8217;Or\u00e9liane en Provence SPA &amp; oenotourisme\"\r\n\t\tdata-listing-type=\"rental\"\r\n\t\tdata-classifieds-price=\"&euro;\"\r\n\t\tdata-friendly-address=\"217 RUE DU BARON LEROY 84470 CHATEAUNEUF DE GADAGNE\"\r\n\t\tdata-address=\"217 RUE DU BARON LEROY 84470 CHATEAUNEUF DE GADAGNE\"\r\n\t\tdata-image=\"https:\/\/cparici.com\/wp-content\/uploads\/2026\/04\/XH2S4506-HDR-Modifier-520x397.jpg\"\r\n\t\tdata-longitude=\"4.947011994639\"\r\n\t\tdata-latitude=\"43.927133010666\"\r\n\t\t\t\t\tdata-rating=\"4.9\"\r\n\t\t\tdata-reviews=\"147\"\r\n\t\t\t\tdata-icon=\"&lt;svg xmlns=&quot;http:\/\/www.w3.org\/2000\/svg&quot; width=&quot;800px&quot; height=&quot;800px&quot; viewBox=&quot;0 0 45 45&quot; fill=&quot;none&quot;&gt;\n&lt;path d=&quot;M24.155 8.78099L24.33 8.94499L37.402 21.787L36 23.213L34.2 21.445L34.201 35C34.201 36.054 33.385 36.918 32.35 36.994L32.201 37H12.201C11.147 37 10.283 36.184 10.206 35.149L10.201 35L10.2 21.446L8.402 23.213L7 21.787L20.058 8.95799C21.171 7.82199 22.966 7.75899 24.155 8.78099ZM21.569 10.285L21.473 10.372L12.2 19.481L12.201 35L17.2 34.999L17.201 25C17.201 23.946 18.017 23.082 19.052 23.005L19.201 23H25.201C26.255 23 27.119 23.816 27.196 24.851L27.201 25L27.2 34.999L32.201 35L32.2 19.48L22.901 10.344C22.537 9.98699 21.969 9.96499 21.569 10.285ZM25.201 25H19.201L19.2 34.999H25.2L25.201 25Z&quot; fill=&quot;#3C3C3C&quot;\/&gt;\n&lt;\/svg&gt;\"\r\n\r\n\t>\r\n            <div class=\"listing-item  featured-listing\">\r\n                <div class=\"listing-small-badges-container\">\r\n                                            <div class=\"listing-small-badge featured-badge\"><i class=\"fa fa-star\"><\/i> Featured<\/div>\r\n                                                                <div class=\"listing-small-badge pricing-badge\"><i class=\"fa fa-tag\"><\/i>115.00&euro; - 180.00&euro;<\/div>\r\n                                                            \r\n                                        \r\n                                        \r\n                <\/div>\r\n                <img decoding=\"async\" src=\"https:\/\/cparici.com\/wp-content\/uploads\/2026\/04\/XH2S4506-HDR-Modifier-520x397.jpg\" alt=\"Chambres d&#8217;h\u00f4tes L&#8217;Or\u00e9liane en Provence SPA &amp; oenotourisme\" class=\"listing-thumbnail\">\r\n                \r\n\r\n                <div class=\"listing-item-content\">\r\n                                                <div class=\"numerical-rating\" data-rating=\"4.9\"><\/div>\r\n                    \r\n                    <h3> Chambres d&#8217;h\u00f4tes L&#8217;Or\u00e9liane en Provence SPA &amp; oenotourisme <\/h3>\r\n                    <span>217 RUE DU BARON LEROY 84470 CHATEAUNEUF DE GADAGNE<\/span>\r\n                <\/div>\r\n                                        <span class=\"save like-icon tooltip left\" title=\"Login To Bookmark Items\"><\/span>\r\n                                                <\/div>\r\n        <\/a>\r\n                    <\/div>\r\n        \r\n\r\n        <!-- Listing Item \/ End -->\n                    <\/div>\n                          <\/div>\n        \t\t\t\t<\/div>\n\t\t\t\t<\/div>\n\t\t\t\t\t<\/div>\n\t\t\t\t<\/div>\n\t\t<div class=\"elementor-element elementor-element-daf3daf e-flex e-con-boxed e-con e-parent\" data-id=\"daf3daf\" data-element_type=\"container\" data-e-type=\"container\">\n\t\t\t\t\t<div class=\"e-con-inner\">\n\t\t\t\t<div class=\"elementor-element elementor-element-d1709e8 elementor-widget elementor-widget-spacer\" data-id=\"d1709e8\" data-element_type=\"widget\" data-e-type=\"widget\" data-widget_type=\"spacer.default\">\n\t\t\t\t\t\t\t<div class=\"elementor-spacer\">\n\t\t\t<div class=\"elementor-spacer-inner\"><\/div>\n\t\t<\/div>\n\t\t\t\t\t\t<\/div>\n\t\t\t\t<div class=\"elementor-element elementor-element-60aa7ad elementor-widget elementor-widget-heading\" data-id=\"60aa7ad\" data-element_type=\"widget\" data-e-type=\"widget\" data-widget_type=\"heading.default\">\n\t\t\t\t\t<h2 class=\"elementor-heading-title elementor-size-default\">Localisez votre prochaine location de vacances en Bretagne\n<\/h2>\t\t\t\t<\/div>\n\t\t\t\t\t<\/div>\n\t\t\t\t<\/div>\n\t\t<div class=\"elementor-element elementor-element-46b5f577 e-flex e-con-boxed e-con e-parent\" data-id=\"46b5f577\" data-element_type=\"container\" data-e-type=\"container\">\n\t\t\t\t\t<div class=\"e-con-inner\">\n\t\t\t\t<div class=\"elementor-element elementor-element-5a3ecbf2 elementor-widget elementor-widget-heading\" data-id=\"5a3ecbf2\" data-element_type=\"widget\" data-e-type=\"widget\" data-widget_type=\"heading.default\">\n\t\t\t\t\t<p class=\"elementor-heading-title elementor-size-default\">C'est plus facile !<\/p>\t\t\t\t<\/div>\n\t\t\t\t\t<\/div>\n\t\t\t\t<\/div>\n\t\t<div class=\"elementor-element elementor-element-321fdc2 e-flex e-con-boxed e-con e-parent\" data-id=\"321fdc2\" data-element_type=\"container\" data-e-type=\"container\">\n\t\t\t\t\t<div class=\"e-con-inner\">\n\t\t<div class=\"elementor-element elementor-element-8383179 e-con-full e-flex e-con e-child\" data-id=\"8383179\" data-element_type=\"container\" data-e-type=\"container\">\n\t\t\t\t<div class=\"elementor-element elementor-element-2efbfca elementor-widget elementor-widget-text-editor\" data-id=\"2efbfca\" data-element_type=\"widget\" data-e-type=\"widget\" data-widget_type=\"text-editor.default\">\n\t\t\t\t\t\t\t\t\t<h2 style=\"text-align: center;\">D\u00e9couvrez les charmes de la Bretagne pour vos vacances<\/h2>\t\t\t\t\t\t\t\t<\/div>\n\t\t\t\t<\/div>\n\t\t\t\t\t<\/div>\n\t\t\t\t<\/div>\n\t\t<div class=\"elementor-element elementor-element-5ad93fec e-flex e-con-boxed e-con e-parent\" data-id=\"5ad93fec\" data-element_type=\"container\" data-e-type=\"container\">\n\t\t\t\t\t<div class=\"e-con-inner\">\n\t\t<div class=\"elementor-element elementor-element-142e1bbd e-con-full e-flex e-con e-child\" data-id=\"142e1bbd\" data-element_type=\"container\" data-e-type=\"container\">\n\t\t\t\t<div class=\"elementor-element elementor-element-c80506a elementor-widget elementor-widget-heading\" data-id=\"c80506a\" data-element_type=\"widget\" data-e-type=\"widget\" data-widget_type=\"heading.default\">\n\t\t\t\t\t<h2 class=\"elementor-heading-title elementor-size-default\">Pourquoi choisir la Bretagne comme Destination de Vacances ?<\/h2>\t\t\t\t<\/div>\n\t\t\t\t<div class=\"elementor-element elementor-element-4dda9671 elementor-widget elementor-widget-text-editor\" data-id=\"4dda9671\" data-element_type=\"widget\" data-e-type=\"widget\" data-widget_type=\"text-editor.default\">\n\t\t\t\t\t\t\t\t\t<div class=\"elementor-element elementor-element-780a3fdc elementor-widget elementor-widget-heading\" data-id=\"780a3fdc\" data-element_type=\"widget\" data-widget_type=\"heading.default\"><div class=\"elementor-widget-container\"><h2 class=\"elementor-heading-title elementor-size-default\">\u00a0<\/h2><\/div><\/div><div class=\"elementor-element elementor-element-69b2336b elementor-widget elementor-widget-text-editor\" data-id=\"69b2336b\" data-element_type=\"widget\" data-widget_type=\"text-editor.default\"><div class=\"elementor-widget-container\"><p>La Bretagne, avec sa richesse de paysages, de climats et de cultures, propose une exp\u00e9rience unique pour les vacanciers.<\/p><p>Quels que soient vos go\u00fbts \u2013 mer, campagne, ou ville \u2013 la r\u00e9gion vous promet d\u00e9paysement, d\u00e9tente, et d\u00e9couvertes.<\/p><p>Fi\u00e8re de son patrimoine pr\u00e9serv\u00e9, la Bretagne est r\u00e9solument tourn\u00e9e vers l\u2019avenir, vous invitant \u00e0 explorer ses tr\u00e9sors, partager ses traditions, savourer ses sp\u00e9cialit\u00e9s culinaires, et participer \u00e0 ses festivit\u00e9s.<\/p><p>Elle vous accueille chaleureusement, valorisant la diversit\u00e9 et la libert\u00e9.<\/p><\/div><\/div>\t\t\t\t\t\t\t\t<\/div>\n\t\t\t\t<\/div>\n\t\t<div class=\"elementor-element elementor-element-5d1168a8 e-con-full e-flex e-con e-child\" data-id=\"5d1168a8\" data-element_type=\"container\" data-e-type=\"container\">\n\t\t\t\t<div class=\"elementor-element elementor-element-b2df290 elementor-widget elementor-widget-heading\" data-id=\"b2df290\" data-element_type=\"widget\" data-e-type=\"widget\" data-widget_type=\"heading.default\">\n\t\t\t\t\t<h2 class=\"elementor-heading-title elementor-size-default\">Les diff\u00e9rentes zones d'attrait en Bretagne : Bord de mer, campagne et villes historiques<\/h2>\t\t\t\t<\/div>\n\t\t\t\t<div class=\"elementor-element elementor-element-5eeab6e6 elementor-widget elementor-widget-text-editor\" data-id=\"5eeab6e6\" data-element_type=\"widget\" data-e-type=\"widget\" data-widget_type=\"text-editor.default\">\n\t\t\t\t\t\t\t\t\t<div class=\"elementor-element elementor-element-3c34aa72 elementor-widget elementor-widget-heading\" data-id=\"3c34aa72\" data-element_type=\"widget\" data-widget_type=\"heading.default\"><div class=\"elementor-widget-container\"><h2 class=\"elementor-heading-title elementor-size-default\">\u00a0<\/h2><\/div><\/div><div class=\"elementor-element elementor-element-68010122 elementor-widget elementor-widget-text-editor\" data-id=\"68010122\" data-element_type=\"widget\" data-widget_type=\"text-editor.default\"><div class=\"elementor-widget-container\"><p>Compos\u00e9e des C\u00f4tes-d\u2019Armor, du Finist\u00e8re, de l\u2019Ille-et-Vilaine et du Morbihan, la Bretagne offre des exp\u00e9riences vari\u00e9es. Amoureux du bord de mer, vous serez \u00e9blouis par les magnifiques c\u00f4tes bretonnes, leurs plages, falaises, ports, \u00eeles et phares. Les activit\u00e9s nautiques ne manquent pas : voile, surf, kayak, plong\u00e9e, et p\u00eache.<\/p><p>Pr\u00e9f\u00e9rez-vous la campagne ? Rechargez-vous dans les espaces naturels pr\u00e9serv\u00e9s tels que les for\u00eats, landes, marais, canaux et lacs, et d\u00e9couvrez un riche patrimoine rural comprenant menhirs, dolmens, chapelles et moulins. Si c\u2019est l\u2019ambiance urbaine qui vous attire, les villes historiques comme Rennes, Nantes, Brest, Quimper, Saint-Malo, et Vannes vous ouvrent leurs portes. Laissez-vous \u00e9galement s\u00e9duire par l\u2019effervescence culturelle des cit\u00e9s bretonnes, entre mus\u00e9es, festivals, spectacles, march\u00e9s et boutiques.<\/p><\/div><\/div>\t\t\t\t\t\t\t\t<\/div>\n\t\t\t\t<\/div>\n\t\t\t\t\t<\/div>\n\t\t\t\t<\/div>\n\t\t<div class=\"elementor-element elementor-element-2c4631f3 e-flex e-con-boxed e-con e-parent\" data-id=\"2c4631f3\" data-element_type=\"container\" data-e-type=\"container\">\n\t\t\t\t\t<div class=\"e-con-inner\">\n\t\t<div class=\"elementor-element elementor-element-68b2bd07 e-con-full e-flex e-con e-child\" data-id=\"68b2bd07\" data-element_type=\"container\" data-e-type=\"container\">\n\t\t\t\t<div class=\"elementor-element elementor-element-69307c29 elementor-widget elementor-widget-image\" data-id=\"69307c29\" data-element_type=\"widget\" data-e-type=\"widget\" data-widget_type=\"image.default\">\n\t\t\t\t\t\t\t\t\t\t\t\t\t\t\t<img decoding=\"async\" width=\"760\" height=\"760\" src=\"https:\/\/cparici.com\/wp-content\/uploads\/2022\/09\/concarneau-4-1024x1024.jpg\" class=\"attachment-large size-large wp-image-15027\" alt=\"concarneau ville close remparts\" srcset=\"https:\/\/cparici.com\/wp-content\/uploads\/2022\/09\/concarneau-4-1024x1024.jpg 1024w, https:\/\/cparici.com\/wp-content\/uploads\/2022\/09\/concarneau-4-300x300.jpg 300w, https:\/\/cparici.com\/wp-content\/uploads\/2022\/09\/concarneau-4-100x100.jpg 100w, https:\/\/cparici.com\/wp-content\/uploads\/2022\/09\/concarneau-4-150x150.jpg 150w, https:\/\/cparici.com\/wp-content\/uploads\/2022\/09\/concarneau-4-1536x1536.jpg 1536w, https:\/\/cparici.com\/wp-content\/uploads\/2022\/09\/concarneau-4-2048x2048.jpg 2048w\" sizes=\"(max-width: 760px) 100vw, 760px\" \/>\t\t\t\t\t\t\t\t\t\t\t\t\t\t\t<\/div>\n\t\t\t\t<\/div>\n\t\t<div class=\"elementor-element elementor-element-2937a31a e-con-full e-flex e-con e-child\" data-id=\"2937a31a\" data-element_type=\"container\" data-e-type=\"container\">\n\t\t\t\t<div class=\"elementor-element elementor-element-2e2756e5 elementor-widget elementor-widget-image\" data-id=\"2e2756e5\" data-element_type=\"widget\" data-e-type=\"widget\" data-widget_type=\"image.default\">\n\t\t\t\t\t\t\t\t\t\t\t\t\t\t\t<img decoding=\"async\" width=\"1500\" height=\"629\" src=\"https:\/\/cparici.com\/wp-content\/uploads\/2024\/05\/carnac-plage.jpg\" class=\"attachment-full size-full wp-image-17898\" alt=\"carnac plage\" srcset=\"https:\/\/cparici.com\/wp-content\/uploads\/2024\/05\/carnac-plage.jpg 1500w, https:\/\/cparici.com\/wp-content\/uploads\/2024\/05\/carnac-plage-600x252.jpg 600w, https:\/\/cparici.com\/wp-content\/uploads\/2024\/05\/carnac-plage-300x126.jpg 300w, https:\/\/cparici.com\/wp-content\/uploads\/2024\/05\/carnac-plage-1024x429.jpg 1024w, https:\/\/cparici.com\/wp-content\/uploads\/2024\/05\/carnac-plage-768x322.jpg 768w\" sizes=\"(max-width: 1500px) 100vw, 1500px\" \/>\t\t\t\t\t\t\t\t\t\t\t\t\t\t\t<\/div>\n\t\t\t\t<\/div>\n\t\t\t\t\t<\/div>\n\t\t\t\t<\/div>\n\t\t<div class=\"elementor-element elementor-element-99bfd83 e-flex e-con-boxed e-con e-parent\" data-id=\"99bfd83\" data-element_type=\"container\" data-e-type=\"container\">\n\t\t\t\t\t<div class=\"e-con-inner\">\n\t\t<div class=\"elementor-element elementor-element-0b0d22c e-con-full e-flex e-con e-child\" data-id=\"0b0d22c\" data-element_type=\"container\" data-e-type=\"container\">\n\t\t\t\t<div class=\"elementor-element elementor-element-de9e9cf elementor-widget elementor-widget-text-editor\" data-id=\"de9e9cf\" data-element_type=\"widget\" data-e-type=\"widget\" data-widget_type=\"text-editor.default\">\n\t\t\t\t\t\t\t\t\t<h2 style=\"text-align: center;\">Guide pour trouver la maison de vacances id\u00e9ale en Bretagne<\/h2><h3>Comment choisir sa location : crit\u00e8res \u00e0 consid\u00e9rer<\/h3><p>La s\u00e9lection de votre maison de vacances en Bretagne devrait s&#8217;aligner sur vos besoins et d\u00e9sirs, en consid\u00e9rant plusieurs aspects importants. Commencez par \u00e9tablir votre budget, influenc\u00e9 par la dur\u00e9e et la p\u00e9riode de votre s\u00e9jour, ainsi que par la taille et le niveau de confort souhait\u00e9 de l&#8217;h\u00e9bergement. La prochaine \u00e9tape est de choisir un lieu, qui d\u00e9pendra de vos pr\u00e9f\u00e9rences personnelles : mer, campagne ou ville.<\/p><p>Il est crucial aussi de prendre en compte la proximit\u00e9 de votre h\u00e9bergement aux attractions que vous projetez de visiter et les options de transport disponibles. En choisissant le type d&#8217;h\u00e9bergement \u2013 g\u00eete, appartement, r\u00e9sidence de vacances, camping, etc. \u2013 consid\u00e9rez ce qui vous importe le plus : ind\u00e9pendance, convivialit\u00e9, services ou \u00e9quipements sp\u00e9cifiques.<\/p><p>Chaque option d&#8217;h\u00e9bergement offre des avantages uniques adapt\u00e9s \u00e0 diff\u00e9rents d\u00e9sirs et besoins.<\/p><h3>Nos conseils pour une recherche efficace de maison de vacances<\/h3><p>Voici des conseils pour d\u00e9nicher la parfaite maison de vacances en Bretagne. Commencez par une recherche en ligne sur notre site. Notre site\u00a0 offre la possibilit\u00e9 de r\u00e9server les logements en direct au meilleur tarif, de visualiser des photos et lire des descriptions d\u00e9taill\u00e9es de chaque h\u00e9bergement.<\/p><p>Apr\u00e8s avoir fait votre choix, n&#8217;h\u00e9sitez pas \u00e0 contacter directement le propri\u00e9taire ou la conciergerie par t\u00e9l\u00e9phone ou e-mail pour plus d&#8217;informations, effectuer une r\u00e9servation. Assurez-vous \u00e9galement de bien comprendre les modalit\u00e9s li\u00e9es au paiement, \u00e0 la caution, \u00e0 la remise des cl\u00e9s, au m\u00e9nage et au linge de maison.<\/p><p>Il est \u00e9galement recommand\u00e9 de demander un contrat de location et un \u00e9tat des lieux pour s\u00e9curiser votre s\u00e9jour sans mauvaises surprises.<\/p><h3>Les avantages de la location entre particuliers<\/h3><p>Opter pour une location de maison de vacances entre particuliers en Bretagne sur notre site offre de nombreux b\u00e9n\u00e9fices. Cela vous permet d&#8217;\u00e9tablir un contact direct avec le propri\u00e9taire, qui peut vous fournir des conseils personnalis\u00e9s et vous faire part de ses bons plans locaux. Vous aurez aussi le meilleur tarif garanti sans frais de plateformes en ligne. Vous profiterez d&#8217;un logement qui offre plus d&#8217;authenticit\u00e9, de chaleur et de confort qu&#8217;une option h\u00f4teli\u00e8re classique, vous faisant sentir \u00ab comme \u00e0 la maison \u00bb, avec davantage d&#8217;espace, d&#8217;intimit\u00e9 et de libert\u00e9.<\/p><p>Cette option est souvent plus \u00e9conomique, vous \u00e9vitant les frais d&#8217;agence, les taxes de s\u00e9jour inattendues et les co\u00fbts additionnels pour les services dont vous n&#8217;avez pas besoin. De plus, il est possible de n\u00e9gocier le prix en fonction de la dur\u00e9e de votre s\u00e9jour, de la p\u00e9riode ou du nombre de personnes s\u00e9journant.<\/p>\t\t\t\t\t\t\t\t<\/div>\n\t\t\t\t<\/div>\n\t\t\t\t\t<\/div>\n\t\t\t\t<\/div>\n\t\t<div class=\"elementor-element elementor-element-3856e3e7 e-flex e-con-boxed e-con e-parent\" data-id=\"3856e3e7\" data-element_type=\"container\" data-e-type=\"container\">\n\t\t\t\t\t<div class=\"e-con-inner\">\n\t\t<div class=\"elementor-element elementor-element-30b0ef47 e-con-full e-flex e-con e-child\" data-id=\"30b0ef47\" data-element_type=\"container\" data-e-type=\"container\">\n\t\t\t\t<div class=\"elementor-element elementor-element-8bf5fde elementor-widget elementor-widget-image\" data-id=\"8bf5fde\" data-element_type=\"widget\" data-e-type=\"widget\" data-widget_type=\"image.default\">\n\t\t\t\t\t\t\t\t\t\t\t\t\t\t\t<img decoding=\"async\" width=\"1500\" height=\"606\" src=\"https:\/\/cparici.com\/wp-content\/uploads\/2024\/05\/cotes-darmor-1.jpg\" class=\"attachment-full size-full wp-image-35449\" alt=\"cote de granit rose\" srcset=\"https:\/\/cparici.com\/wp-content\/uploads\/2024\/05\/cotes-darmor-1.jpg 1500w, https:\/\/cparici.com\/wp-content\/uploads\/2024\/05\/cotes-darmor-1-600x242.jpg 600w, https:\/\/cparici.com\/wp-content\/uploads\/2024\/05\/cotes-darmor-1-300x121.jpg 300w, https:\/\/cparici.com\/wp-content\/uploads\/2024\/05\/cotes-darmor-1-1024x414.jpg 1024w, https:\/\/cparici.com\/wp-content\/uploads\/2024\/05\/cotes-darmor-1-768x310.jpg 768w\" sizes=\"(max-width: 1500px) 100vw, 1500px\" \/>\t\t\t\t\t\t\t\t\t\t\t\t\t\t\t<\/div>\n\t\t\t\t<\/div>\n\t\t<div class=\"elementor-element elementor-element-56b8c9a8 e-con-full e-flex e-con e-child\" data-id=\"56b8c9a8\" data-element_type=\"container\" data-e-type=\"container\">\n\t\t\t\t<div class=\"elementor-element elementor-element-408eaeca elementor-widget elementor-widget-image\" data-id=\"408eaeca\" data-element_type=\"widget\" data-e-type=\"widget\" data-widget_type=\"image.default\">\n\t\t\t\t\t\t\t\t\t\t\t\t\t\t\t<img decoding=\"async\" width=\"760\" height=\"501\" src=\"https:\/\/cparici.com\/wp-content\/uploads\/2024\/06\/phare-benodet-maree-basse-1024x675.jpg\" class=\"attachment-large size-large wp-image-35704\" alt=\"\" srcset=\"https:\/\/cparici.com\/wp-content\/uploads\/2024\/06\/phare-benodet-maree-basse-1024x675.jpg 1024w, https:\/\/cparici.com\/wp-content\/uploads\/2024\/06\/phare-benodet-maree-basse-600x395.jpg 600w, https:\/\/cparici.com\/wp-content\/uploads\/2024\/06\/phare-benodet-maree-basse-300x198.jpg 300w, https:\/\/cparici.com\/wp-content\/uploads\/2024\/06\/phare-benodet-maree-basse-768x506.jpg 768w, https:\/\/cparici.com\/wp-content\/uploads\/2024\/06\/phare-benodet-maree-basse-1536x1012.jpg 1536w, https:\/\/cparici.com\/wp-content\/uploads\/2024\/06\/phare-benodet-maree-basse.jpg 1920w\" sizes=\"(max-width: 760px) 100vw, 760px\">\t\t\t\t\t\t\t\t\t\t\t\t\t\t\t<\/div>\n\t\t\t\t<\/div>\n\t\t\t\t\t<\/div>\n\t\t\t\t<\/div>\n\t\t<div class=\"elementor-element elementor-element-a1b5601 e-flex e-con-boxed e-con e-parent\" data-id=\"a1b5601\" data-element_type=\"container\" data-e-type=\"container\">\n\t\t\t\t\t<div class=\"e-con-inner\">\n\t\t<div class=\"elementor-element elementor-element-0022b82 e-con-full e-flex e-con e-child\" data-id=\"0022b82\" data-element_type=\"container\" data-e-type=\"container\">\n\t\t\t\t<div class=\"elementor-element elementor-element-0a64b15 elementor-widget elementor-widget-text-editor\" data-id=\"0a64b15\" data-element_type=\"widget\" data-e-type=\"widget\" data-widget_type=\"text-editor.default\">\n\t\t\t\t\t\t\t\t\t<h2 style=\"text-align: center;\">Pr\u00e9parez votre s\u00e9jour : activit\u00e9s et d\u00e9couvertes \u00e0 ne pas manquer<\/h2><h3 style=\"text-align: center;\">Activit\u00e9s incontournables pour petits et grands<\/h3><p style=\"text-align: center;\">La Bretagne, avec ses 2700 km de c\u00f4tes, est le paradis pour tous, que vous soyez passionn\u00e9 de sports, un explorateur dans l&#8217;\u00e2me, ou \u00e0 la recherche de d\u00e9tente. Vous y trouverez une grande vari\u00e9t\u00e9 d&#8217;activit\u00e9s adapt\u00e9es \u00e0 tous les \u00e2ges.<\/p><p style=\"text-align: center;\">Voici une s\u00e9lection d&#8217;activit\u00e9s \u00e0 ne pas manquer :<\/p><ul style=\"text-align: center;\"><li>Des sports nautiques pour les amateurs de sensations fortes : surf, kitesurf, kayak, voile, plong\u00e9e. Des spots connus vous attendent pour profiter des paysages maritimes tout en pratiquant votre sport pr\u00e9f\u00e9r\u00e9.<\/li><li>Balades en pleine nature gr\u00e2ce aux nombreux sentiers balis\u00e9s de la r\u00e9gion. \u00c0 pied, \u00e0 cheval, ou en v\u00e9lo, d\u00e9couvrez des for\u00eats, landes, marais, canaux, et lacs, tout en observant la faune locale.<\/li><li>Exploration des sites m\u00e9galithiques, ch\u00e2teaux, phares, \u00eeles, et villes historiques. La Bretagne est riche en patrimoine et vous invite \u00e0 un voyage \u00e0 travers le temps pour d\u00e9couvrir ses tr\u00e9sors.<\/li><li>Activit\u00e9s ludiques dans les parcs d&#8217;attractions, parcs animaliers, aquariums, ou escape games. Id\u00e9al pour des moments amusants en famille ou entre amis.<\/li><\/ul><h3 style=\"text-align: center;\">La gastronomie bretonne : une exp\u00e9rience culinaire unique<\/h3><p style=\"text-align: center;\">La Bretagne est fi\u00e8re de sa gastronomie, m\u00e9lange de tradition et d&#8217;inventivit\u00e9, ax\u00e9e sur les produits de la terre et de la mer. Quelques sp\u00e9cialit\u00e9s \u00e0 savourer absolument :<\/p><ul style=\"text-align: center;\"><li>Cr\u00eapes et galettes, les stars de la cuisine bretonne, \u00e0 d\u00e9guster selon vos pr\u00e9f\u00e9rences, sucr\u00e9es ou sal\u00e9es.<\/li><li>Fruits de mer frais, reflet de la diversit\u00e9 et de la qualit\u00e9 des produits bretons. Un r\u00e9gal pour les amateurs de produits de la mer.<\/li><li>Cidre et jus de pomme bretons, boissons traditionnelles \u00e0 d\u00e9couvrir, parfaite harmonie avec les mets locaux.<\/li><li>Le kouign-amann, g\u00e2teau embl\u00e9matique de la r\u00e9gion, \u00e0 la texture unique, pour un moment de pur plaisir sucr\u00e9.<\/li><\/ul><h3 style=\"text-align: center;\">Culture et patrimoine : les visites \u00e0 ne pas manquer<\/h3><p style=\"text-align: center;\">La Bretagne a une culture et un patrimoine riches, se refl\u00e9tant dans son art, sa musique, ses traditions. Pour une immersion culturelle, ne manquez pas :<\/p><ul style=\"text-align: center;\"><li>Les festivals bretons, \u00e9v\u00e9nements culturels incontournables c\u00e9l\u00e9brant la musique, le cin\u00e9ma, et bien plus.<\/li><li>Les mus\u00e9es bretons, offrant un aper\u00e7u de la richesse du patrimoine r\u00e9gional, de l&#8217;histoire \u00e0 l&#8217;art contemporain.<\/li><li>Les sites m\u00e9galithiques, t\u00e9moins captivants de la pr\u00e9histoire europ\u00e9enne, pour un voyage fascinant dans le temps.<\/li><\/ul><h2 style=\"text-align: center;\">Conclusion<\/h2><p style=\"text-align: center;\">Comme vous pouvez le constater, choisir la Bretagne pour vos vacances est une d\u00e9cision judicieuse. Que votre d\u00e9sir soit l&#8217;\u00e9vasion, le repos, la d\u00e9couverte ou simplement le plaisir, la Bretagne a tout pour satisfaire vos besoins.<\/p><p style=\"text-align: center;\">Elle vous \u00e9blouira par sa vari\u00e9t\u00e9 de paysages, sa diversit\u00e9 climatique, son riche patrimoine culturel et ses traditions vivantes, offrant beaut\u00e9 et authenticit\u00e9. La r\u00e9gion promet \u00e9galement une large gamme d&#8217;activit\u00e9s, de visites d\u00e9couvertes, de sp\u00e9cialit\u00e9s culinaires et de festivals captivants, assurant des moments uniques et m\u00e9morables. L&#8217;accueil breton, r\u00e9put\u00e9 pour sa chaleur et sa convivialit\u00e9, vous garantit un s\u00e9jour respectant votre individualit\u00e9 et enrichissant sur tous les plans.<\/p><p style=\"text-align: center;\">Ne tardez donc plus, faites le choix de la Bretagne en r\u00e9servant votre maison de vacances d\u00e8s aujourd&#8217;hui, gr\u00e2ce \u00e0 nos recommandations et conseils. Ce sera une exp\u00e9rience que vous ne serez pas pr\u00e8s d&#8217;oublier !<\/p>\t\t\t\t\t\t\t\t<\/div>\n\t\t\t\t<\/div>\n\t\t\t\t\t<\/div>\n\t\t\t\t<\/div>\n\t\t<div class=\"elementor-element elementor-element-5431823c e-flex e-con-boxed e-con e-parent\" data-id=\"5431823c\" data-element_type=\"container\" data-e-type=\"container\">\n\t\t\t\t\t<div class=\"e-con-inner\">\n\t\t\t\t<div class=\"elementor-element elementor-element-6f60388b elementor-widget elementor-widget-spacer\" data-id=\"6f60388b\" data-element_type=\"widget\" data-e-type=\"widget\" data-widget_type=\"spacer.default\">\n\t\t\t\t\t\t\t<div class=\"elementor-spacer\">\n\t\t\t<div class=\"elementor-spacer-inner\"><\/div>\n\t\t<\/div>\n\t\t\t\t\t\t<\/div>\n\t\t\t\t\t<\/div>\n\t\t\t\t<\/div>\n\t\t<div class=\"elementor-element elementor-element-928c600 e-flex e-con-boxed e-con e-parent\" data-id=\"928c600\" data-element_type=\"container\" data-e-type=\"container\">\n\t\t\t\t\t<div class=\"e-con-inner\">\n\t\t<div class=\"elementor-element elementor-element-e286054 e-con-full e-flex e-con e-child\" data-id=\"e286054\" data-element_type=\"container\" data-e-type=\"container\">\n\t\t\t\t<div class=\"elementor-element elementor-element-944f73c elementor-widget elementor-widget-image\" data-id=\"944f73c\" data-element_type=\"widget\" data-e-type=\"widget\" data-widget_type=\"image.default\">\n\t\t\t\t\t\t\t\t\t\t\t\t\t\t\t<img decoding=\"async\" width=\"1920\" height=\"1265\" src=\"https:\/\/cparici.com\/wp-content\/uploads\/2024\/06\/crepes-sales.jpg\" class=\"attachment-full size-full wp-image-37949\" alt=\"Creperie \u00e0 concarneau\" srcset=\"https:\/\/cparici.com\/wp-content\/uploads\/2024\/06\/crepes-sales.jpg 1920w, https:\/\/cparici.com\/wp-content\/uploads\/2024\/06\/crepes-sales-600x395.jpg 600w, https:\/\/cparici.com\/wp-content\/uploads\/2024\/06\/crepes-sales-300x198.jpg 300w, https:\/\/cparici.com\/wp-content\/uploads\/2024\/06\/crepes-sales-1024x675.jpg 1024w, https:\/\/cparici.com\/wp-content\/uploads\/2024\/06\/crepes-sales-768x506.jpg 768w, https:\/\/cparici.com\/wp-content\/uploads\/2024\/06\/crepes-sales-1536x1012.jpg 1536w\" sizes=\"(max-width: 1920px) 100vw, 1920px\" \/>\t\t\t\t\t\t\t\t\t\t\t\t\t\t\t<\/div>\n\t\t\t\t<\/div>\n\t\t<div class=\"elementor-element elementor-element-57f24c4 e-con-full e-flex e-con e-child\" data-id=\"57f24c4\" data-element_type=\"container\" data-e-type=\"container\">\n\t\t\t\t<div class=\"elementor-element elementor-element-8af2689 elementor-widget elementor-widget-image\" data-id=\"8af2689\" data-element_type=\"widget\" data-e-type=\"widget\" data-widget_type=\"image.default\">\n\t\t\t\t\t\t\t\t\t\t\t\t\t\t\t<img decoding=\"async\" width=\"760\" height=\"501\" src=\"https:\/\/cparici.com\/wp-content\/uploads\/2024\/07\/fest-noz-cornouaille.jpg\" class=\"attachment-large size-large wp-image-40724\" alt=\"\" srcset=\"https:\/\/cparici.com\/wp-content\/uploads\/2024\/07\/fest-noz-cornouaille.jpg 960w, https:\/\/cparici.com\/wp-content\/uploads\/2024\/07\/fest-noz-cornouaille-600x396.jpg 600w, https:\/\/cparici.com\/wp-content\/uploads\/2024\/07\/fest-noz-cornouaille-300x198.jpg 300w, https:\/\/cparici.com\/wp-content\/uploads\/2024\/07\/fest-noz-cornouaille-768x506.jpg 768w\" sizes=\"(max-width: 760px) 100vw, 760px\">\t\t\t\t\t\t\t\t\t\t\t\t\t\t\t<\/div>\n\t\t\t\t<\/div>\n\t\t\t\t\t<\/div>\n\t\t\t\t<\/div>\n\t\t<div class=\"elementor-element elementor-element-1fd1a8b e-flex e-con-boxed e-con e-parent\" data-id=\"1fd1a8b\" data-element_type=\"container\" data-e-type=\"container\">\n\t\t\t\t\t<div class=\"e-con-inner\">\n\t\t<div class=\"elementor-element elementor-element-09add7e e-con-full e-flex e-con e-child\" data-id=\"09add7e\" data-element_type=\"container\" data-e-type=\"container\">\n\t\t\t\t<div class=\"elementor-element elementor-element-1c7ba41 elementor-widget elementor-widget-text-editor\" data-id=\"1c7ba41\" data-element_type=\"widget\" data-e-type=\"widget\" data-widget_type=\"text-editor.default\">\n\t\t\t\t\t\t\t\t\t<h2 style=\"text-align: center;\">FAQ<\/h2><h3 style=\"text-align: center;\">Quels sont les avantages de louer une maison de vacances en Bretagne ?<\/h3><p style=\"text-align: center;\">Opter pour une maison de vacances en Bretagne pr\u00e9sente plusieurs b\u00e9n\u00e9fices. Vous aurez l&#8217;opportunit\u00e9 de d\u00e9couvrir la richesse des paysages bretons, qui oscille entre mer, campagne et for\u00eat, sans oublier le riche patrimoine culturel et historique de la r\u00e9gion. En plus, une maison de vacances offre un confort et une intimit\u00e9 que ni h\u00f4tels ni campings ne peuvent \u00e9galer. Vous pourrez s\u00e9lectionner une habitation qui r\u00e9pond parfaitement \u00e0 vos attentes, qu&#8217;elle dispose d&#8217;une terrasse, d&#8217;un jardin, d&#8217;un barbecue, d&#8217;un spa ou m\u00eame d&#8217;une vue imprenable sur la mer.<\/p><h3 style=\"text-align: center;\">Comment choisir la maison de vacances id\u00e9ale pour votre s\u00e9jour en Bretagne ?<\/h3><p style=\"text-align: center;\">Pour d\u00e9nicher la maison de vacances id\u00e9ale en Bretagne, consid\u00e9rez plusieurs facteurs. La localisation est cruciale : choisissez un lieu pr\u00e8s des plages, au c\u0153ur d&#8217;une ville dynamique, ou nich\u00e9 dans un environnement naturel. Selon le nombre de participants et votre budget, vous avez le choix entre diff\u00e9rents types d&#8217;h\u00e9bergements, allant du studio \u00e0 la maison individuelle, en passant par des options plus originales comme une cabane ou un container. Les \u00e9quipements disponibles sont aussi \u00e0 prendre en compte, que vous recherchiez une piscine, un espace bien-\u00eatre, ou une aire de jeux pour enfants. N&#8217;h\u00e9sitez pas \u00e0 consulter des guides en ligne ou des sites sp\u00e9cialis\u00e9s pour trouver la perle rare en Bretagne.<\/p><h3 style=\"text-align: center;\">Quelles sont les activit\u00e9s et les sites touristiques \u00e0 d\u00e9couvrir en Bretagne ?<\/h3><p style=\"text-align: center;\">La Bretagne, terre de patrimoine, de nature et de culture, offre un large \u00e9ventail d&#8217;activit\u00e9s et de sites touristiques. Vous pourriez visiter des villes historiques comme Saint-Malo et Concarneau, ou encore la citadelle de Belle-\u00cele-en-Mer. Les paysages \u00e9poustouflants de la C\u00f4te de Granit Rose, de la pointe du Raz, ou encore des \u00eeles bretonnes ne manqueront pas de vous charmer. Pour les amateurs d&#8217;activit\u00e9s en plein air, la r\u00e9gion est parfaite pour la randonn\u00e9e, le v\u00e9lo, le kitesurf, la plong\u00e9e ou le surf. La gastronomie locale, les festivals, les l\u00e9gendes et les traditions, telles que le kouign-amann, les fest-noz ou les menhirs de Carnac, enrichiront \u00e9galement votre s\u00e9jour.<\/p><h3 style=\"text-align: center;\">Quelles sont les modalit\u00e9s de r\u00e9servation et de paiement d&#8217;une maison de vacances en Bretagne ?<\/h3><p style=\"text-align: center;\">Pour r\u00e9server et payer une maison de vacances en Bretagne, un contrat \u00e9crit stipulant le prix, la dur\u00e9e du s\u00e9jour, les conditions d&#8217;annulation, ainsi que le montant des arrhes ou de l&#8217;acompte, doit en g\u00e9n\u00e9ral \u00eatre sign\u00e9 avec le propri\u00e9taire ou l&#8217;agence. Les paiements peuvent \u00eatre effectu\u00e9s par virement bancaire, ch\u00e8que, carte bancaire, ou m\u00eame via PayPal.<\/p>\t\t\t\t\t\t\t\t<\/div>\n\t\t\t\t<\/div>\n\t\t\t\t\t<\/div>\n\t\t\t\t<\/div>\n\t\t\t\t<section class=\"elementor-section elementor-top-section elementor-element elementor-element-379f21ba elementor-section-stretched elementor-section-boxed elementor-section-height-default elementor-section-height-default\" data-id=\"379f21ba\" data-element_type=\"section\" data-e-type=\"section\" data-settings=\"{&quot;stretch_section&quot;:&quot;section-stretched&quot;,&quot;background_background&quot;:&quot;classic&quot;}\">\n\t\t\t\t\t\t<div class=\"elementor-container elementor-column-gap-no\">\n\t\t\t\t\t<div class=\"elementor-column elementor-col-100 elementor-top-column elementor-element elementor-element-18587996\" data-id=\"18587996\" data-element_type=\"column\" data-e-type=\"column\">\n\t\t\t<div class=\"elementor-widget-wrap\">\n\t\t\t\t\t\t\t<\/div>\n\t\t<\/div>\n\t\t\t\t\t<\/div>\n\t\t<\/section>\n\t\t<div class=\"elementor-element elementor-element-67018349 e-con-full e-flex e-con e-parent\" data-id=\"67018349\" data-element_type=\"container\" data-e-type=\"container\">\n\t\t\t\t<div class=\"elementor-element elementor-element-5badaa96 elementor-widget elementor-widget-heading\" data-id=\"5badaa96\" data-element_type=\"widget\" data-e-type=\"widget\" data-widget_type=\"heading.default\">\n\t\t\t\t\t<p class=\"elementor-heading-title elementor-size-default\">Destination Bretagne - Tourisme France<\/p>\t\t\t\t<\/div>\n\t\t\t\t<\/div>\n\t\t\t\t<section class=\"elementor-section elementor-top-section elementor-element elementor-element-d3bd6e9 elementor-section-stretched elementor-section-boxed elementor-section-height-default elementor-section-height-default\" data-id=\"d3bd6e9\" data-element_type=\"section\" data-e-type=\"section\" data-settings=\"{&quot;stretch_section&quot;:&quot;section-stretched&quot;,&quot;background_background&quot;:&quot;classic&quot;}\">\n\t\t\t\t\t\t<div class=\"elementor-container elementor-column-gap-no\">\n\t\t\t\t\t<div class=\"elementor-column elementor-col-100 elementor-top-column elementor-element elementor-element-673e1f5c\" data-id=\"673e1f5c\" data-element_type=\"column\" data-e-type=\"column\">\n\t\t\t<div class=\"elementor-widget-wrap\">\n\t\t\t\t\t\t\t<\/div>\n\t\t<\/div>\n\t\t\t\t\t<\/div>\n\t\t<\/section>\n\t\t\t\t<section class=\"elementor-section elementor-top-section elementor-element elementor-element-a13b35f elementor-section-stretched elementor-section-content-middle elementor-section-boxed elementor-section-height-default elementor-section-height-default\" data-id=\"a13b35f\" data-element_type=\"section\" data-e-type=\"section\" data-settings=\"{&quot;stretch_section&quot;:&quot;section-stretched&quot;,&quot;background_background&quot;:&quot;classic&quot;}\">\n\t\t\t\t\t\t\t<div class=\"elementor-background-overlay\"><\/div>\n\t\t\t\t\t\t\t<div class=\"elementor-container elementor-column-gap-no\">\n\t\t\t\t\t<div class=\"elementor-column elementor-col-100 elementor-top-column elementor-element elementor-element-2ca3d65d\" data-id=\"2ca3d65d\" data-element_type=\"column\" data-e-type=\"column\">\n\t\t\t<div class=\"elementor-widget-wrap elementor-element-populated\">\n\t\t\t\t\t\t<div class=\"elementor-element elementor-element-32219055 animated-fast elementor-invisible elementor-widget elementor-widget-heading\" data-id=\"32219055\" data-element_type=\"widget\" data-e-type=\"widget\" data-settings=\"{&quot;_animation&quot;:&quot;fadeIn&quot;}\" data-widget_type=\"heading.default\">\n\t\t\t\t\t<h2 class=\"elementor-heading-title elementor-size-default\">A d\u00e9couvrir en Bretagne<\/h2>\t\t\t\t<\/div>\n\t\t\t\t<div class=\"elementor-element elementor-element-1ef85585 elementor-widget elementor-widget-spacer\" data-id=\"1ef85585\" data-element_type=\"widget\" data-e-type=\"widget\" data-widget_type=\"spacer.default\">\n\t\t\t\t\t\t\t<div class=\"elementor-spacer\">\n\t\t\t<div class=\"elementor-spacer-inner\"><\/div>\n\t\t<\/div>\n\t\t\t\t\t\t<\/div>\n\t\t\t\t\t<\/div>\n\t\t<\/div>\n\t\t\t\t\t<\/div>\n\t\t<\/section>\n\t\t\t\t<section class=\"elementor-section elementor-top-section elementor-element elementor-element-67cf7266 elementor-section-stretched elementor-section-boxed elementor-section-height-default elementor-section-height-default\" data-id=\"67cf7266\" data-element_type=\"section\" data-e-type=\"section\" data-settings=\"{&quot;stretch_section&quot;:&quot;section-stretched&quot;,&quot;background_background&quot;:&quot;classic&quot;}\">\n\t\t\t\t\t\t<div class=\"elementor-container elementor-column-gap-no\">\n\t\t\t\t\t<div class=\"elementor-column elementor-col-100 elementor-top-column elementor-element elementor-element-ddc801d\" data-id=\"ddc801d\" data-element_type=\"column\" data-e-type=\"column\">\n\t\t\t<div class=\"elementor-widget-wrap\">\n\t\t\t\t\t\t\t<\/div>\n\t\t<\/div>\n\t\t\t\t\t<\/div>\n\t\t<\/section>\n\t\t\t\t<section class=\"elementor-section elementor-top-section elementor-element elementor-element-39783ae elementor-section-stretched elementor-section-boxed elementor-section-height-default elementor-section-height-default\" data-id=\"39783ae\" data-element_type=\"section\" data-e-type=\"section\" data-settings=\"{&quot;stretch_section&quot;:&quot;section-stretched&quot;,&quot;background_background&quot;:&quot;classic&quot;}\">\n\t\t\t\t\t\t<div class=\"elementor-container elementor-column-gap-default\">\n\t\t\t\t\t<div class=\"elementor-column elementor-col-100 elementor-top-column elementor-element elementor-element-619f5a05\" data-id=\"619f5a05\" data-element_type=\"column\" data-e-type=\"column\">\n\t\t\t<div class=\"elementor-widget-wrap elementor-element-populated\">\n\t\t\t\t\t\t<section class=\"elementor-section elementor-inner-section elementor-element elementor-element-1ba26547 elementor-section-boxed elementor-section-height-default elementor-section-height-default\" data-id=\"1ba26547\" data-element_type=\"section\" data-e-type=\"section\" data-settings=\"{&quot;background_background&quot;:&quot;classic&quot;}\">\n\t\t\t\t\t\t<div class=\"elementor-container elementor-column-gap-custom\">\n\t\t\t\t\t<div class=\"elementor-column elementor-col-100 elementor-inner-column elementor-element elementor-element-43195f22\" data-id=\"43195f22\" data-element_type=\"column\" data-e-type=\"column\">\n\t\t\t<div class=\"elementor-widget-wrap\">\n\t\t\t\t\t\t\t<\/div>\n\t\t<\/div>\n\t\t\t\t\t<\/div>\n\t\t<\/section>\n\t\t\t\t\t<\/div>\n\t\t<\/div>\n\t\t\t\t\t<\/div>\n\t\t<\/section>\n\t\t\t\t<\/div>\n\t\t","protected":false},"excerpt":{"rendered":"<p>Location Vacances en Bretagne Location Vacances en Bretagne Bretagne &#8211; Trouver une location vacances en Bretagne D\u00e9nichez votre destination id\u00e9ale pour explorer la Bretagne et profiter du bord de mer. Location Vacances en Bretagne &#8211; Destination Tourisme en France Imaginez-vous passer vos vacances en Bretagne, cette magnifique r\u00e9gion qui offre la mer, la campagne et [&hellip;]<\/p>\n","protected":false},"author":4,"featured_media":40724,"comment_status":"closed","ping_status":"open","sticky":false,"template":"","format":"standard","meta":{"ngg_post_thumbnail":0,"footnotes":""},"categories":[478,477],"tags":[],"class_list":["post-40673","post","type-post","status-publish","format-standard","has-post-thumbnail","hentry","category-bretagne","category-france"],"_links":{"self":[{"href":"https:\/\/cparici.com\/en\/wp-json\/wp\/v2\/posts\/40673","targetHints":{"allow":["GET"]}}],"collection":[{"href":"https:\/\/cparici.com\/en\/wp-json\/wp\/v2\/posts"}],"about":[{"href":"https:\/\/cparici.com\/en\/wp-json\/wp\/v2\/types\/post"}],"author":[{"embeddable":true,"href":"https:\/\/cparici.com\/en\/wp-json\/wp\/v2\/users\/4"}],"replies":[{"embeddable":true,"href":"https:\/\/cparici.com\/en\/wp-json\/wp\/v2\/comments?post=40673"}],"version-history":[{"count":0,"href":"https:\/\/cparici.com\/en\/wp-json\/wp\/v2\/posts\/40673\/revisions"}],"wp:featuredmedia":[{"embeddable":true,"href":"https:\/\/cparici.com\/en\/wp-json\/wp\/v2\/media\/40724"}],"wp:attachment":[{"href":"https:\/\/cparici.com\/en\/wp-json\/wp\/v2\/media?parent=40673"}],"wp:term":[{"taxonomy":"category","embeddable":true,"href":"https:\/\/cparici.com\/en\/wp-json\/wp\/v2\/categories?post=40673"},{"taxonomy":"post_tag","embeddable":true,"href":"https:\/\/cparici.com\/en\/wp-json\/wp\/v2\/tags?post=40673"}],"curies":[{"name":"wp","href":"https:\/\/api.w.org\/{rel}","templated":true}]}}