{"id":41261,"date":"2024-07-17T15:34:17","date_gmt":"2024-07-17T13:34:17","guid":{"rendered":"https:\/\/cparici.com\/?p=41261"},"modified":"2026-02-23T17:44:37","modified_gmt":"2026-02-23T16:44:37","slug":"velodyssee-guide","status":"publish","type":"post","link":"https:\/\/cparici.com\/en\/velodyssee-guide\/","title":{"rendered":"Velodyss\u00e9e - The complete guide to a cycling adventure"},"content":{"rendered":"\t\t<div data-elementor-type=\"wp-post\" data-elementor-id=\"41261\" class=\"elementor elementor-41261\" data-elementor-post-type=\"post\">\n\t\t\t\t<div class=\"elementor-element elementor-element-98c424d e-con-full e-flex e-con e-parent\" data-id=\"98c424d\" data-element_type=\"container\" data-e-type=\"container\">\n\t\t\t\t<div class=\"elementor-element elementor-element-2b1fd54 elementor-widget elementor-widget-image\" data-id=\"2b1fd54\" data-element_type=\"widget\" data-e-type=\"widget\" data-widget_type=\"image.default\">\n\t\t\t\t\t\t\t\t\t\t\t\t\t\t\t<img decoding=\"async\" width=\"1510\" height=\"530\" src=\"https:\/\/cparici.com\/wp-content\/uploads\/2024\/07\/velodyssee.jpg\" class=\"attachment-full size-full wp-image-41263\" alt=\"velodyss\u00e9e\" srcset=\"https:\/\/cparici.com\/wp-content\/uploads\/2024\/07\/velodyssee.jpg 1510w, https:\/\/cparici.com\/wp-content\/uploads\/2024\/07\/velodyssee-600x211.jpg 600w, https:\/\/cparici.com\/wp-content\/uploads\/2024\/07\/velodyssee-300x105.jpg 300w, https:\/\/cparici.com\/wp-content\/uploads\/2024\/07\/velodyssee-1024x359.jpg 1024w, https:\/\/cparici.com\/wp-content\/uploads\/2024\/07\/velodyssee-768x270.jpg 768w\" sizes=\"(max-width: 1510px) 100vw, 1510px\" \/>\t\t\t\t\t\t\t\t\t\t\t\t\t\t\t<\/div>\n\t\t\t\t<\/div>\n\t\t<aside class=\"elementor-element elementor-element-0c39f3a e-flex e-con-boxed e-con e-parent\" data-id=\"0c39f3a\" data-element_type=\"container\" data-e-type=\"container\">\n\t\t\t\t\t<div class=\"e-con-inner\">\n\t\t\t\t<div class=\"elementor-element elementor-element-1440a0e elementor-widget elementor-widget-global elementor-global-62046 elementor-widget-eael-advanced-search\" data-id=\"1440a0e\" data-element_type=\"widget\" data-e-type=\"widget\" data-widget_type=\"eael-advanced-search.default\">\n\t\t\t\t\t        <div class=\"eael-adv-search-wrapper\">\n            <div id=\"eael-advanced-search-widget-1440a0e\" class=\"eael-advanced-search-widget\">\n                <form data-settings=\"{&quot;post_per_page&quot;:5,&quot;search_among_taxonomies&quot;:&quot;&quot;,&quot;search_among_sku&quot;:&quot;no&quot;,&quot;show_popular_keyword&quot;:0,&quot;show_category&quot;:0,&quot;show_content_image&quot;:1,&quot;show_search_result_all_results&quot;:0,&quot;result_on_new_tab&quot;:&quot;no&quot;,&quot;show_product_price&quot;:&quot;no&quot;,&quot;include_current_page&quot;:&quot;no&quot;,&quot;current_post_id&quot;:41261,&quot;post_type&quot;:[&quot;post&quot;,&quot;listing&quot;]}\" method=\"POST\" name=\"eael-advanced-search-form-1440a0e\" class=\"eael-advanced-search-form eael-advanced-search-form-style-2\">\n                    <div class=\"eael-advanced-search-wrap\">\n                        <span class=\"eael-adv-search-loader\"><\/span>\n                        <span class=\"eael-adv-search-close\"><i class=\"fas fa-times\"><\/i><\/span>\n                        <span class=\"icon \"><i class=\"fas fa-search\"><\/i><\/span>\n\n                        <input type=\"text\"\n                               placeholder=\"Votre destination\"\n                               class=\"eael-advanced-search\" autocomplete=\"off\" name=\"eael_advanced_search\">\n                    <\/div>\n\t\t\t\t\t                                    <\/form>\n\n\t\t\t\t\n\t\t\t\t        <div class=\"eael-advanced-search-result\">\n            <div class=\"eael-advanced-search-popular-keyword\">\n\t\t\t\t<h4 class=\"eael-advanced-search-popular-keyword-text\">Recherches populaires<\/h4>                <div class=\"eael-popular-keyword-content\"><\/div>\n            <\/div>\n            <div class=\"eael-advanced-search-category\">\n\t\t\t\t<h4 class=\"eael-advanced-search-category-text\">Categories<\/h4>                <div class=\"eael-popular-category-content\"><\/div>\n            <\/div>\n\t\t\t<div class=\"eael-advanced-search-total-results-section\">\n\t\t\t\t\t\t\t<\/div>\n            <div class=\"eael-advanced-search-content eael-item-style-3\">\n            <\/div>\n            <div class=\"eael-advanced-search-not-found\">\n                <p>Pas de r\u00e9sultats<\/p><\/div>\n            <div class=\"eael-advanced-search-load-more\">\n\t\t\t\t<a \tclass=\"eael-advanced-search-load-more-button\"\n                \thref=\"#\">Voir tous les r\u00e9sultats<\/a>\n            <\/div>\n        <\/div>\n\n\t\t            <\/div>\n        <\/div>\n\n\t\t\t\t\t\t<\/div>\n\t\t\t\t\t<\/div>\n\t\t\t\t<\/aside>\n\t\t<div class=\"elementor-element elementor-element-eb1d447 e-flex e-con-boxed e-con e-parent\" data-id=\"eb1d447\" data-element_type=\"container\" data-e-type=\"container\">\n\t\t\t\t\t<div class=\"e-con-inner\">\n\t\t\t\t<div class=\"elementor-element elementor-element-2d0e0daa elementor-widget elementor-widget-text-editor\" data-id=\"2d0e0daa\" data-element_type=\"widget\" data-e-type=\"widget\" data-widget_type=\"text-editor.default\">\n\t\t\t\t\t\t\t\t\t<h1 style=\"text-align: center;\"><strong>V\u00e9lodyss\u00e9e<\/strong><\/h1><p>La <strong data-start=\"3\" data-end=\"17\">V\u00e9lodyss\u00e9e<\/strong>, section fran\u00e7aise de l\u2019EuroVelo\u202f1, est un itin\u00e9raire cyclable embl\u00e9matique qui relie <strong data-start=\"104\" data-end=\"146\">Roscoff \u00e0 Hendaye sur environ 1\u202f294\u202fkm<\/strong>, traversant plusieurs r\u00e9gions fran\u00e7aises bord\u00e9es par l\u2019Atlantique. Accessible, bien balis\u00e9, en grande partie en site propre, il constitue un itin\u00e9raire s\u00e9curis\u00e9 appr\u00e9ci\u00e9 des cyclotouristes de tous niveaux, notamment gr\u00e2ce \u00e0 la <strong data-start=\"374\" data-end=\"400\">certification\u202fEuroVelo<\/strong>, v\u00e9ritable gage de qualit\u00e9 et de fiabilit\u00e9. Ce parcours digne d\u2019un r\u00eave cycliste m\u00e9rite votre attention : il s\u2019int\u00e8gre parfaitement dans un <strong data-start=\"541\" data-end=\"558\">guide du pays<\/strong> riche en d\u00e9couvertes et en paysages vari\u00e9s.<\/p>\t\t\t\t\t\t\t\t<\/div>\n\t\t\t\t\t<\/div>\n\t\t\t\t<\/div>\n\t\t<aside class=\"elementor-element elementor-element-6229f07f e-flex e-con-boxed e-con e-parent\" data-id=\"6229f07f\" data-element_type=\"container\" data-e-type=\"container\" data-settings=\"{&quot;background_background&quot;:&quot;classic&quot;}\">\n\t\t\t\t\t<div class=\"e-con-inner\">\n\t\t\t\t<div class=\"elementor-element elementor-element-30bd72cd elementor-widget elementor-widget-spacer\" data-id=\"30bd72cd\" data-element_type=\"widget\" data-e-type=\"widget\" data-widget_type=\"spacer.default\">\n\t\t\t\t\t\t\t<div class=\"elementor-spacer\">\n\t\t\t<div class=\"elementor-spacer-inner\"><\/div>\n\t\t<\/div>\n\t\t\t\t\t\t<\/div>\n\t\t\t\t<div class=\"elementor-element elementor-element-58537afb elementor-widget elementor-widget-heading\" data-id=\"58537afb\" data-element_type=\"widget\" data-e-type=\"widget\" data-widget_type=\"heading.default\">\n\t\t\t\t\t<h2 class=\"elementor-heading-title elementor-size-default\">H\u00e9bergements de Vacances en direct<\/h2>\t\t\t\t<\/div>\n\t\t\t\t<div class=\"elementor-element elementor-element-3540cb9f elementor-widget elementor-widget-listeo-listings-carousel\" data-id=\"3540cb9f\" data-element_type=\"widget\" data-e-type=\"widget\" data-widget_type=\"listeo-listings-carousel.default\">\n\t\t\t\t<div class=\"elementor-widget-container\">\n\t\t\t\t\t        <!-- Carousel \/ Start -->\n        \t<div class=\"simple-slick-carousel dots-nav\" data-slick='{&quot;autoplay&quot;:true,&quot;autoplaySpeed&quot;:3000,&quot;slidesToShow&quot;:3,&quot;slidesToScroll&quot;:1,&quot;responsive&quot;:[{&quot;breakpoint&quot;:1024,&quot;settings&quot;:{&quot;slidesToShow&quot;:2,&quot;slidesToScroll&quot;:1}},{&quot;breakpoint&quot;:768,&quot;settings&quot;:{&quot;slidesToShow&quot;:1,&quot;slidesToScroll&quot;:1}}]}'>\n                            <div class=\"fw-carousel-item\">                    \n                        <!-- Listing Item -->\r\n            <div class=\"col-lg-6 col-md-12\">\r\n                <a href=\"https:\/\/cparici.com\/en\/annonce\/le-tigite-bb-entree-privee-petit-dejeuner-linge-menage-inclus-1-a-4pers-options-diner-brunch-pique-nique-gouter\/\" class=\"listing-item-container listing-geo-data compact\" data-title=\"Le Tig\u00eete B&amp;B entr\u00e9e priv\u00e9e, petit d\u00e9jeuner, linge, m\u00e9nage inclus &#8211; 1 \u00e0 4pers &#8211; options d\u00eener\/brunch\/pique nique\/go\u00fbter\" data-listing-type=\"rental\" data-classifieds-price=\"&euro;\" data-friendly-address=\"205 La ville Garel, 56350 Allaire, France\" data-address=\"205 La ville Garel, 56350 Allaire, France\" data-image=\"https:\/\/cparici.com\/wp-content\/uploads\/2026\/04\/1000031734-520x397.jpg\" data-longitude=\"-2.1477306\" data-latitude=\"47.6333833\" data-rating=\"4.9\" data-reviews=\"37\" data-icon=\"&lt;svg xmlns=&quot;http:\/\/www.w3.org\/2000\/svg&quot; width=&quot;800px&quot; height=&quot;800px&quot; viewBox=&quot;0 0 45 45&quot; fill=&quot;none&quot;&gt;\n&lt;path d=&quot;M24.155 8.78099L24.33 8.94499L37.402 21.787L36 23.213L34.2 21.445L34.201 35C34.201 36.054 33.385 36.918 32.35 36.994L32.201 37H12.201C11.147 37 10.283 36.184 10.206 35.149L10.201 35L10.2 21.446L8.402 23.213L7 21.787L20.058 8.95799C21.171 7.82199 22.966 7.75899 24.155 8.78099ZM21.569 10.285L21.473 10.372L12.2 19.481L12.201 35L17.2 34.999L17.201 25C17.201 23.946 18.017 23.082 19.052 23.005L19.201 23H25.201C26.255 23 27.119 23.816 27.196 24.851L27.201 25L27.2 34.999L32.201 35L32.2 19.48L22.901 10.344C22.537 9.98699 21.969 9.96499 21.569 10.285ZM25.201 25H19.201L19.2 34.999H25.2L25.201 25Z&quot; fill=&quot;#3C3C3C&quot;\/&gt;\n&lt;\/svg&gt;\">\r\n            <div class=\"listing-item  \">\r\n                <div class=\"listing-small-badges-container\">\r\n                                                                <div class=\"listing-small-badge pricing-badge\"><i class=\"fa fa-tag\"><\/i>70.00&euro; - 135.00&euro;<\/div>\r\n                                                            \r\n                                        \r\n                                        \r\n                <\/div>\r\n                <img decoding=\"async\" src=\"https:\/\/cparici.com\/wp-content\/uploads\/2026\/04\/1000031734-520x397.jpg\" alt=\"Le Tig\u00eete B&amp;B entr\u00e9e priv\u00e9e, petit d\u00e9jeuner, linge, m\u00e9nage inclus &#8211; 1 \u00e0 4pers &#8211; options d\u00eener\/brunch\/pique nique\/go\u00fbter\" class=\"listing-thumbnail\">\r\n                                            <div class=\"listing-badge now-closed\">Now Closed<\/div>\r\n                                        \r\n\r\n                <div class=\"listing-item-content\">\r\n                                                <div class=\"numerical-rating\" data-rating=\"4.9\"><\/div>\r\n                    \r\n                    <h3> Le Tig\u00eete B&amp;B entr\u00e9e priv\u00e9e, petit d\u00e9jeuner, linge, m\u00e9nage inclus &#8211; 1 \u00e0 4pers &#8211; options d\u00eener\/brunch\/pique nique\/go\u00fbter <\/h3>\r\n                    <span>205 La ville Garel, 56350 Allaire, France<\/span>\r\n                <\/div>\r\n                                        <span class=\"save like-icon tooltip left\" title=\"Login To Bookmark Items\"><\/span>\r\n                                                <\/div>\r\n        <\/a>\r\n                    <\/div>\r\n        \r\n\r\n        <!-- Listing Item \/ End -->\n                    <\/div>\n                                      <div class=\"fw-carousel-item\">                    \n                        <!-- Listing Item -->\r\n            <div class=\"col-lg-6 col-md-12\">\r\n                <a href=\"https:\/\/cparici.com\/en\/annonce\/maison-de-vacances-ty-roscoff\/\" class=\"listing-item-container listing-geo-data compact\" data-title=\"Maison de vacances Ty Rosc&#8217;OFF\" data-listing-type=\"rental\" data-classifieds-price=\"&euro;\" data-friendly-address=\"Roscoff 400m du centre historique\" data-address=\"Roscoff 400m du centre historique\" data-image=\"https:\/\/cparici.com\/wp-content\/uploads\/2026\/01\/maison-roscoff-520x397.jpeg\" data-longitude=\"-3.971965312957764\" data-latitude=\"48.72219081931061\" data-rating=\"0\" data-reviews=\"0\" data-icon=\"&lt;svg xmlns=&quot;http:\/\/www.w3.org\/2000\/svg&quot; width=&quot;800px&quot; height=&quot;800px&quot; viewBox=&quot;0 0 45 45&quot; fill=&quot;none&quot;&gt;\n&lt;path d=&quot;M24.155 8.78099L24.33 8.94499L37.402 21.787L36 23.213L34.2 21.445L34.201 35C34.201 36.054 33.385 36.918 32.35 36.994L32.201 37H12.201C11.147 37 10.283 36.184 10.206 35.149L10.201 35L10.2 21.446L8.402 23.213L7 21.787L20.058 8.95799C21.171 7.82199 22.966 7.75899 24.155 8.78099ZM21.569 10.285L21.473 10.372L12.2 19.481L12.201 35L17.2 34.999L17.201 25C17.201 23.946 18.017 23.082 19.052 23.005L19.201 23H25.201C26.255 23 27.119 23.816 27.196 24.851L27.201 25L27.2 34.999L32.201 35L32.2 19.48L22.901 10.344C22.537 9.98699 21.969 9.96499 21.569 10.285ZM25.201 25H19.201L19.2 34.999H25.2L25.201 25Z&quot; fill=&quot;#3C3C3C&quot;\/&gt;\n&lt;\/svg&gt;\">\r\n            <div class=\"listing-item  \">\r\n                <div class=\"listing-small-badges-container\">\r\n                                                                <div class=\"listing-small-badge pricing-badge\"><i class=\"fa fa-tag\"><\/i>140.00&euro; - 280.00&euro;<\/div>\r\n                                                            \r\n                                        \r\n                                        \r\n                <\/div>\r\n                <img decoding=\"async\" src=\"https:\/\/cparici.com\/wp-content\/uploads\/2026\/01\/maison-roscoff-520x397.jpeg\" alt=\"Maison de vacances Ty Rosc&#8217;OFF\" class=\"listing-thumbnail\">\r\n                \r\n\r\n                <div class=\"listing-item-content\">\r\n                    \r\n                    <h3> Maison de vacances Ty Rosc&#8217;OFF <\/h3>\r\n                    <span>Roscoff 400m du centre historique<\/span>\r\n                <\/div>\r\n                                        <span class=\"save like-icon tooltip left\" title=\"Login To Bookmark Items\"><\/span>\r\n                                                <\/div>\r\n        <\/a>\r\n                    <\/div>\r\n        \r\n\r\n        <!-- Listing Item \/ End -->\n                    <\/div>\n                          <\/div>\n        \t\t\t\t<\/div>\n\t\t\t\t<\/div>\n\t\t\t\t\t<\/div>\n\t\t\t\t<\/aside>\n\t\t<div class=\"elementor-element elementor-element-687184e e-flex e-con-boxed e-con e-parent\" data-id=\"687184e\" data-element_type=\"container\" data-e-type=\"container\">\n\t\t\t\t\t<div class=\"e-con-inner\">\n\t\t\t\t<div class=\"elementor-element elementor-element-6f495b3 elementor-widget elementor-widget-text-editor\" data-id=\"6f495b3\" data-element_type=\"widget\" data-e-type=\"widget\" data-widget_type=\"text-editor.default\">\n\t\t\t\t\t\t\t\t\t<h2 data-start=\"141\" data-end=\"176\">1. Qu\u2019est-ce que la V\u00e9lodyss\u00e9e ?<\/h2><p data-start=\"178\" data-end=\"527\">La <strong data-start=\"181\" data-end=\"195\">V\u00e9lodyss\u00e9e<\/strong> est la partie fran\u00e7aise de la <strong data-start=\"226\" data-end=\"246\">route EuroVelo\u202f1<\/strong>, un itin\u00e9raire cyclable europ\u00e9en majeur qui relie la Norv\u00e8ge au Portugal, en longeant les c\u00f4tes atlantiques. Ce parcours de longue distance est int\u00e9gr\u00e9 dans le <strong data-start=\"407\" data-end=\"426\">r\u00e9seau EuroVelo<\/strong>, compos\u00e9 de 17 grands axes cyclables transnationaux totalisant plus de 90\u202f000\u202fkm \u00e0 travers l\u2019Europe.<\/p><p data-start=\"529\" data-end=\"1029\">Inaugur\u00e9e en <strong data-start=\"542\" data-end=\"550\">2012<\/strong>, la V\u00e9lodyss\u00e9e s\u2019\u00e9tend de <strong data-start=\"577\" data-end=\"618\">Roscoff, en Bretagne, jusqu\u2019\u00e0 Hendaye<\/strong>, \u00e0 la fronti\u00e8re espagnole. Elle a \u00e9t\u00e9 \u00e9lue <strong data-start=\"662\" data-end=\"691\">v\u00e9loroute de l\u2019ann\u00e9e 2013<\/strong>, une reconnaissance qui a mis en lumi\u00e8re la qualit\u00e9 de son am\u00e9nagement et de son balisage. Aujourd\u2019hui, le parcours mesure <strong data-start=\"815\" data-end=\"835\">environ 1\u202f294\u202fkm<\/strong>, dont <strong data-start=\"842\" data-end=\"858\">plus de 76\u202f%<\/strong> se fait en <strong data-start=\"870\" data-end=\"885\">site propre<\/strong>, c\u2019est-\u00e0-dire sur des voies cyclables enti\u00e8rement s\u00e9par\u00e9es de la circulation motoris\u00e9e, assurant ainsi <strong data-start=\"989\" data-end=\"1001\">s\u00e9curit\u00e9<\/strong> et <strong data-start=\"1005\" data-end=\"1016\">confort<\/strong> aux usagers.<\/p><p data-start=\"1031\" data-end=\"1462\">Ce qui distingue la V\u00e9lodyss\u00e9e des autres itin\u00e9raires cyclables, c\u2019est la <strong data-start=\"1105\" data-end=\"1141\">diversit\u00e9 des paysages travers\u00e9s<\/strong> : littoraux sauvages, canaux paisibles, villages typiques, for\u00eats profondes et plages oc\u00e9aniques. Elle traverse trois grandes r\u00e9gions fran\u00e7aises : <strong data-start=\"1289\" data-end=\"1304\">la Bretagne<\/strong>, les <strong data-start=\"1310\" data-end=\"1330\">Pays de la Loire<\/strong> et la <strong data-start=\"1337\" data-end=\"1359\">Nouvelle-Aquitaine<\/strong>, et dessert de nombreuses villes embl\u00e9matiques comme Nantes, La Rochelle, Arcachon ou encore Biarritz.<\/p><p data-start=\"1464\" data-end=\"1866\">La <strong data-start=\"1467\" data-end=\"1490\">signal\u00e9tique d\u00e9di\u00e9e<\/strong> rend le parcours facile \u00e0 suivre dans les deux sens, et le label <strong data-start=\"1556\" data-end=\"1568\">EuroVelo<\/strong>, officiellement obtenu fin <strong data-start=\"1596\" data-end=\"1604\">2024<\/strong>, garantit le respect de crit\u00e8res stricts en mati\u00e8re de qualit\u00e9, d\u2019accessibilit\u00e9 et de services. Que vous soyez un cycliste aguerri ou un voyageur du dimanche, la V\u00e9lodyss\u00e9e repr\u00e9sente une formidable occasion de d\u00e9couvrir <strong data-start=\"1826\" data-end=\"1849\">la France autrement<\/strong>, \u00e0 votre rythme.<\/p><p data-start=\"1464\" data-end=\"1866\"><a href=\"https:\/\/cparici.com\/wp-content\/uploads\/2024\/07\/cparici-2025-08-22T091801.028.jpg\"><img decoding=\"async\" class=\"aligncenter wp-image-69371 size-full\" src=\"https:\/\/cparici.com\/wp-content\/uploads\/2024\/07\/cparici-2025-08-22T091801.028.jpg\" alt=\"V\u00e9lodyss\u00e9e\" width=\"1500\" height=\"530\" srcset=\"https:\/\/cparici.com\/wp-content\/uploads\/2024\/07\/cparici-2025-08-22T091801.028.jpg 1500w, https:\/\/cparici.com\/wp-content\/uploads\/2024\/07\/cparici-2025-08-22T091801.028-300x106.jpg 300w, https:\/\/cparici.com\/wp-content\/uploads\/2024\/07\/cparici-2025-08-22T091801.028-1024x362.jpg 1024w, https:\/\/cparici.com\/wp-content\/uploads\/2024\/07\/cparici-2025-08-22T091801.028-768x271.jpg 768w, https:\/\/cparici.com\/wp-content\/uploads\/2024\/07\/cparici-2025-08-22T091801.028-18x6.jpg 18w, https:\/\/cparici.com\/wp-content\/uploads\/2024\/07\/cparici-2025-08-22T091801.028-590x208.jpg 590w, https:\/\/cparici.com\/wp-content\/uploads\/2024\/07\/cparici-2025-08-22T091801.028-1200x424.jpg 1200w, https:\/\/cparici.com\/wp-content\/uploads\/2024\/07\/cparici-2025-08-22T091801.028-577x204.jpg 577w, https:\/\/cparici.com\/wp-content\/uploads\/2024\/07\/cparici-2025-08-22T091801.028-600x212.jpg 600w\" sizes=\"(max-width: 1500px) 100vw, 1500px\" \/><\/a><\/p><h2 data-start=\"148\" data-end=\"178\">2. Le trac\u00e9 et ses paysages<\/h2><h3 data-start=\"180\" data-end=\"204\">2.1 Parcours g\u00e9n\u00e9ral<\/h3><p data-start=\"206\" data-end=\"582\">La <strong data-start=\"209\" data-end=\"223\">V\u00e9lodyss\u00e9e<\/strong> s\u2019\u00e9tend sur <strong data-start=\"236\" data-end=\"248\">1\u202f294 km<\/strong>, de <a href=\"https:\/\/cparici.com\/roscoff-2\/\"><strong data-start=\"253\" data-end=\"264\">Roscoff<\/strong><\/a> en Bretagne \u00e0 <a href=\"https:\/\/cparici.com\/hendaye\/\"><strong data-start=\"279\" data-end=\"290\">Hendaye<\/strong><\/a> au Pays Basque, longeant presque int\u00e9gralement la fa\u00e7ade atlantique fran\u00e7aise. Ce parcours lin\u00e9aire traverse <strong data-start=\"400\" data-end=\"436\">trois grandes r\u00e9gions fran\u00e7aises<\/strong> (Bretagne, Pays de la Loire, Nouvelle-Aquitaine) et plus de <strong data-start=\"497\" data-end=\"516\">10 d\u00e9partements<\/strong>, m\u00ealant littoraux, for\u00eats, marais, plaines et villes portuaires.<\/p><p data-start=\"584\" data-end=\"944\">Plus de <strong data-start=\"592\" data-end=\"600\">76\u202f%<\/strong> du trajet est am\u00e9nag\u00e9 en <strong data-start=\"626\" data-end=\"641\">site propre<\/strong>, sur des pistes cyclables, voies vertes ou chemins de halage, garantissant une <strong data-start=\"721\" data-end=\"742\">s\u00e9curit\u00e9 optimale<\/strong>, en particulier pour les familles et les cyclistes d\u00e9butants. Le <strong data-start=\"808\" data-end=\"839\">relief est globalement plat<\/strong>, mis \u00e0 part la portion basque o\u00f9 les <strong data-start=\"877\" data-end=\"911\">premiers contreforts pyr\u00e9n\u00e9ens<\/strong> introduisent quelques d\u00e9nivel\u00e9s.<\/p><p data-start=\"946\" data-end=\"976\">Le trac\u00e9 suit successivement :<\/p><ul data-start=\"977\" data-end=\"1234\"><li data-start=\"977\" data-end=\"1045\"><p data-start=\"979\" data-end=\"1045\">Les canaux de Bretagne (notamment le <strong data-start=\"1016\" data-end=\"1043\">Canal de Nantes \u00e0 Brest<\/strong>),<\/p><\/li><li data-start=\"1046\" data-end=\"1122\"><p data-start=\"1048\" data-end=\"1122\">Le littoral vend\u00e9en et les plages interminables de la <strong data-start=\"1102\" data-end=\"1121\">C\u00f4te Atlantique<\/strong>,<\/p><\/li><li data-start=\"1123\" data-end=\"1163\"><p data-start=\"1125\" data-end=\"1163\">Les for\u00eats des <strong data-start=\"1140\" data-end=\"1162\">Landes de Gascogne<\/strong>,<\/p><\/li><li data-start=\"1164\" data-end=\"1234\"><p data-start=\"1166\" data-end=\"1234\">Puis les criques et falaises de la <a href=\"https:\/\/cparici.com\/pays-basque\/\"><strong data-start=\"1201\" data-end=\"1216\">C\u00f4te Basque<\/strong><\/a>, jusqu\u2019\u00e0 Hendaye.<\/p><\/li><\/ul><p data-start=\"1236\" data-end=\"1387\">Chaque portion a sa propre identit\u00e9, ce qui rend le parcours non monotone et propice \u00e0 une exp\u00e9rience <strong data-start=\"1338\" data-end=\"1364\">immersive et \u00e9volutive<\/strong> au fil des kilom\u00e8tres.<\/p><h3 data-start=\"1394\" data-end=\"1439\">2.2 \u00c9tapes cl\u00e9s et paysages embl\u00e9matiques<\/h3><p data-start=\"1441\" data-end=\"1605\">L\u2019itin\u00e9raire complet est d\u00e9coup\u00e9 en <strong data-start=\"1477\" data-end=\"1502\">38 \u00e9tapes officielles<\/strong>, chacune d\u2019une distance moyenne de 30 \u00e0 50\u202fkm. Voici quelques tron\u00e7ons particuli\u00e8rement remarquables :<\/p><ul data-start=\"1607\" data-end=\"2431\"><li data-start=\"1607\" data-end=\"1721\"><p data-start=\"1609\" data-end=\"1721\"><strong data-start=\"1609\" data-end=\"1630\">Roscoff \u2013 Carhaix<\/strong> : d\u00e9but breton entre mer et campagne, sur voies vertes. Passage par les <strong data-start=\"1703\" data-end=\"1720\">Monts d\u2019Arr\u00e9e<\/strong>.<\/p><\/li><li data-start=\"1722\" data-end=\"1830\"><p data-start=\"1724\" data-end=\"1830\"><strong data-start=\"1724\" data-end=\"1742\">Redon \u2013 Nantes<\/strong> : navigation fluviale sur le <strong data-start=\"1772\" data-end=\"1799\">Canal de Nantes \u00e0 Brest<\/strong>, atmosph\u00e8re calme et ombrag\u00e9e.<\/p><\/li><li data-start=\"1831\" data-end=\"1937\"><p data-start=\"1833\" data-end=\"1937\"><strong data-start=\"1833\" data-end=\"1880\">Saint-Brevin-les-Pins \u2013 Les Sables-d\u2019Olonne<\/strong> : alternance de marais salants, dunes, villages c\u00f4tiers.<\/p><\/li><li data-start=\"1938\" data-end=\"2080\"><p data-start=\"1940\" data-end=\"2080\"><strong data-start=\"1940\" data-end=\"1963\">La Rochelle \u2013 Royan<\/strong> : l\u2019un des plus touristiques, avec des haltes comme <strong data-start=\"2016\" data-end=\"2026\">Fouras<\/strong>, <strong data-start=\"2028\" data-end=\"2041\">Rochefort<\/strong>, et la travers\u00e9e en bac de l\u2019estuaire.<\/p><\/li><li data-start=\"2081\" data-end=\"2181\"><p data-start=\"2083\" data-end=\"2181\"><strong data-start=\"2083\" data-end=\"2103\">Royan \u2013 Arcachon<\/strong> : for\u00eats landaises, lacs, plages oc\u00e9anes ; grande piste rectiligne et bois\u00e9e.<\/p><\/li><li data-start=\"2182\" data-end=\"2290\"><p data-start=\"2184\" data-end=\"2290\"><strong data-start=\"2184\" data-end=\"2211\">Biscarrosse \u2013 Capbreton<\/strong> : ombre des pins maritimes, chemins sablonneux, ambiance typique du Sud-Ouest.<\/p><\/li><li data-start=\"2291\" data-end=\"2431\"><p data-start=\"2293\" data-end=\"2431\"><strong data-start=\"2293\" data-end=\"2314\">Bayonne \u2013 Hendaye<\/strong> : vue sur la mer et les <strong data-start=\"2339\" data-end=\"2360\">montagnes basques<\/strong>, villages typiques (Gu\u00e9thary, Saint-Jean-de-Luz), route plus sportive.<\/p><\/li><\/ul><p data-start=\"2433\" data-end=\"2683\">Chaque \u00e9tape peut \u00eatre parcourue en <strong data-start=\"2469\" data-end=\"2505\">demi-journ\u00e9e ou journ\u00e9e compl\u00e8te<\/strong>, selon votre rythme. Certaines portions se pr\u00eatent particuli\u00e8rement bien \u00e0 une balade <strong data-start=\"2592\" data-end=\"2605\">familiale<\/strong>, tandis que d&#8217;autres s\u00e9duiront les amateurs de <strong data-start=\"2653\" data-end=\"2682\">cyclotourisme plus engag\u00e9<\/strong>.<\/p><p data-start=\"2433\" data-end=\"2683\"><a href=\"https:\/\/cparici.com\/wp-content\/uploads\/2024\/07\/cparici-2025-08-22T092635.909.jpg\"><img decoding=\"async\" class=\"aligncenter wp-image-69373 size-full\" src=\"https:\/\/cparici.com\/wp-content\/uploads\/2024\/07\/cparici-2025-08-22T092635.909.jpg\" alt=\"V\u00e9lodyss\u00e9e d\u00e9couverte\" width=\"1500\" height=\"530\" srcset=\"https:\/\/cparici.com\/wp-content\/uploads\/2024\/07\/cparici-2025-08-22T092635.909.jpg 1500w, https:\/\/cparici.com\/wp-content\/uploads\/2024\/07\/cparici-2025-08-22T092635.909-300x106.jpg 300w, https:\/\/cparici.com\/wp-content\/uploads\/2024\/07\/cparici-2025-08-22T092635.909-1024x362.jpg 1024w, https:\/\/cparici.com\/wp-content\/uploads\/2024\/07\/cparici-2025-08-22T092635.909-768x271.jpg 768w, https:\/\/cparici.com\/wp-content\/uploads\/2024\/07\/cparici-2025-08-22T092635.909-18x6.jpg 18w, https:\/\/cparici.com\/wp-content\/uploads\/2024\/07\/cparici-2025-08-22T092635.909-590x208.jpg 590w, https:\/\/cparici.com\/wp-content\/uploads\/2024\/07\/cparici-2025-08-22T092635.909-1200x424.jpg 1200w, https:\/\/cparici.com\/wp-content\/uploads\/2024\/07\/cparici-2025-08-22T092635.909-577x204.jpg 577w, https:\/\/cparici.com\/wp-content\/uploads\/2024\/07\/cparici-2025-08-22T092635.909-600x212.jpg 600w\" sizes=\"(max-width: 1500px) 100vw, 1500px\" \/><\/a><\/p><h3 data-start=\"2690\" data-end=\"2730\">2.3 Points d\u2019int\u00e9r\u00eat incontournables<\/h3><p data-start=\"2732\" data-end=\"2846\">Le long de la V\u00e9lodyss\u00e9e, les <strong data-start=\"2762\" data-end=\"2784\">sites remarquables<\/strong> abondent. Voici une s\u00e9lection des plus marquants par r\u00e9gion :<\/p><ul data-start=\"2848\" data-end=\"3592\"><li data-start=\"2848\" data-end=\"3043\"><p data-start=\"2850\" data-end=\"2867\"><strong data-start=\"2850\" data-end=\"2865\">En Bretagne<\/strong> :<\/p><ul data-start=\"2870\" data-end=\"3043\"><li data-start=\"2870\" data-end=\"2922\"><p data-start=\"2872\" data-end=\"2922\"><strong data-start=\"2872\" data-end=\"2883\">Roscoff<\/strong>, son port et ses maisons d\u2019armateurs ;<\/p><\/li><li data-start=\"2925\" data-end=\"2977\"><p data-start=\"2927\" data-end=\"2977\"><strong data-start=\"2927\" data-end=\"2939\">Huelgoat<\/strong>, c\u00e9l\u00e8bre pour ses chaos granitiques ;<\/p><\/li><li data-start=\"2980\" data-end=\"3043\"><p data-start=\"2982\" data-end=\"3043\"><a href=\"https:\/\/cparici.com\/nantes\/\"><strong data-start=\"2982\" data-end=\"2992\">Nantes<\/strong><\/a>, ville d&#8217;art et d&#8217;histoire, Les Machines de l\u2019\u00eele.<\/p><\/li><\/ul><\/li><li data-start=\"3045\" data-end=\"3252\"><p data-start=\"3047\" data-end=\"3072\"><strong data-start=\"3047\" data-end=\"3070\">En Pays de la Loire<\/strong> :<\/p><ul data-start=\"3075\" data-end=\"3252\"><li data-start=\"3075\" data-end=\"3137\"><p data-start=\"3077\" data-end=\"3137\"><strong data-start=\"3077\" data-end=\"3093\">Saint-Brevin<\/strong>, point de d\u00e9part du pont de Saint-Nazaire ;<\/p><\/li><li data-start=\"3140\" data-end=\"3193\"><p data-start=\"3142\" data-end=\"3193\">Les <strong data-start=\"3146\" data-end=\"3174\">marais salants de Vend\u00e9e<\/strong>, riches en faune ;<\/p><\/li><li data-start=\"3196\" data-end=\"3252\"><p data-start=\"3198\" data-end=\"3252\"><strong data-start=\"3198\" data-end=\"3221\">Les Sables-d\u2019Olonne<\/strong>, c\u00e9l\u00e8bre port du Vend\u00e9e Globe.<\/p><\/li><\/ul><\/li><li data-start=\"3254\" data-end=\"3592\"><p data-start=\"3256\" data-end=\"3283\"><strong data-start=\"3256\" data-end=\"3281\">En Nouvelle-Aquitaine<\/strong> :<\/p><ul data-start=\"3286\" data-end=\"3592\"><li data-start=\"3286\" data-end=\"3338\"><p data-start=\"3288\" data-end=\"3338\"><a href=\"https:\/\/cparici.com\/la-rochelle\/\"><strong data-start=\"3288\" data-end=\"3303\">La Rochelle<\/strong><\/a>, cit\u00e9 portuaire pleine de charme ;<\/p><\/li><li data-start=\"3341\" data-end=\"3386\"><p data-start=\"3343\" data-end=\"3386\"><strong data-start=\"3343\" data-end=\"3352\">Royan<\/strong>, station baln\u00e9aire Belle \u00c9poque ;<\/p><\/li><li data-start=\"3389\" data-end=\"3439\"><p data-start=\"3391\" data-end=\"3439\"><strong data-start=\"3391\" data-end=\"3411\">La Dune du Pilat<\/strong>, plus haute dune d\u2019Europe ;<\/p><\/li><li data-start=\"3442\" data-end=\"3483\"><p data-start=\"3444\" data-end=\"3483\"><strong data-start=\"3444\" data-end=\"3456\">Arcachon<\/strong> et son bassin ostr\u00e9icole ;<\/p><\/li><li data-start=\"3486\" data-end=\"3537\"><p data-start=\"3488\" data-end=\"3537\"><strong data-start=\"3488\" data-end=\"3499\">Bayonne<\/strong>, ses remparts et traditions basques ;<\/p><\/li><li data-start=\"3540\" data-end=\"3592\"><p data-start=\"3542\" data-end=\"3592\"><strong data-start=\"3542\" data-end=\"3563\">Saint-Jean-de-Luz<\/strong> et ses maisons \u00e0 colombages.<\/p><\/li><\/ul><\/li><\/ul><p data-start=\"3594\" data-end=\"3753\">Ces arr\u00eats rythment le voyage, enrichissent l\u2019exp\u00e9rience culturelle, et offrent de nombreux <strong data-start=\"3686\" data-end=\"3705\">points de repos<\/strong>, <strong data-start=\"3707\" data-end=\"3723\">h\u00e9bergements<\/strong> et <strong data-start=\"3727\" data-end=\"3752\">services touristiques<\/strong>.<\/p><h2>Les Pistes Cyclables de la Velodyss\u00e9e<\/h2><h3>Sections Principales de la Velodyss\u00e9e<\/h3><p>La V\u00e9lodyss\u00e9e est divis\u00e9e en plusieurs sections, chacune offrant des paysages et des d\u00e9fis diff\u00e9rents.<\/p><h4>Bretagne<\/h4><p>La portion bretonne de la V\u00e9lodyss\u00e9e commence \u00e0 Roscoff et traverse des villes historiques comme Morlaix et Nantes, offrant des vues sur des paysages c\u00f4tiers et des villages pittoresques.<\/p><h4>Pays de la Loire<\/h4><p>En traversant cette r\u00e9gion, les cyclistes pourront d\u00e9couvrir des villes comme <a href=\"https:\/\/cparici.com\/fr\/nantes\/\">Nantes<\/a> et <a href=\"https:\/\/cparici.com\/fr\/que-faire-a-la-rochelle-top-des-activites-incontournables\/\">La Rochelle<\/a>, tout en longeant la Loire et ses vignobles renomm\u00e9s.<\/p><h4>Nouvelle-Aquitaine<\/h4><p>Cette section offre des paysages vari\u00e9s allant des for\u00eats de pins des Landes aux plages de sable fin de la C\u00f4te basque.<\/p><h3>Itin\u00e9raires D\u00e9taill\u00e9s<\/h3><h4>De Roscoff \u00e0 Nantes<\/h4><p>Ce trajet de 384 km est parfait pour ceux qui aiment les paysages c\u00f4tiers et les petites villes charmantes. Les points forts incluent la ville fortifi\u00e9e de Saint-Malo et les marais salants de Gu\u00e9rande.<\/p><h4>De Nantes \u00e0 La Rochelle<\/h4><p>Sur cette section de 224 km, les cyclistes peuvent explorer les vignobles et les sites historiques comme l&#8217;abbaye de Maillezais.<\/p><h4>De La Rochelle \u00e0 Hendaye<\/h4><p>Avec ses 475 km, cette portion est id\u00e9ale pour ceux qui veulent d\u00e9couvrir les plages de la C\u00f4te basque et les for\u00eats des Landes.<\/p><h2>Les Communes Travers\u00e9es par la V\u00e9lodyss\u00e9e<\/h2><p><a href=\"https:\/\/cparici.com\/wp-content\/uploads\/2024\/07\/cparici-2025-08-22T092850.137.jpg\"><img decoding=\"async\" class=\"aligncenter wp-image-69374 size-full\" src=\"https:\/\/cparici.com\/wp-content\/uploads\/2024\/07\/cparici-2025-08-22T092850.137.jpg\" alt=\"V\u00e9los sur la piste\" width=\"1500\" height=\"530\" srcset=\"https:\/\/cparici.com\/wp-content\/uploads\/2024\/07\/cparici-2025-08-22T092850.137.jpg 1500w, https:\/\/cparici.com\/wp-content\/uploads\/2024\/07\/cparici-2025-08-22T092850.137-300x106.jpg 300w, https:\/\/cparici.com\/wp-content\/uploads\/2024\/07\/cparici-2025-08-22T092850.137-1024x362.jpg 1024w, https:\/\/cparici.com\/wp-content\/uploads\/2024\/07\/cparici-2025-08-22T092850.137-768x271.jpg 768w, https:\/\/cparici.com\/wp-content\/uploads\/2024\/07\/cparici-2025-08-22T092850.137-18x6.jpg 18w, https:\/\/cparici.com\/wp-content\/uploads\/2024\/07\/cparici-2025-08-22T092850.137-590x208.jpg 590w, https:\/\/cparici.com\/wp-content\/uploads\/2024\/07\/cparici-2025-08-22T092850.137-1200x424.jpg 1200w, https:\/\/cparici.com\/wp-content\/uploads\/2024\/07\/cparici-2025-08-22T092850.137-577x204.jpg 577w, https:\/\/cparici.com\/wp-content\/uploads\/2024\/07\/cparici-2025-08-22T092850.137-600x212.jpg 600w\" sizes=\"(max-width: 1500px) 100vw, 1500px\" \/><\/a><\/p><h3>Bretagne<\/h3><ul><li><strong>Roscoff<\/strong><\/li><li><strong>Morlaix<\/strong><\/li><li><strong>Saint-Malo<\/strong><\/li><li><strong>Nantes<\/strong><\/li><\/ul><h3>Pays de la Loire<\/h3><ul><li><strong>Nantes<\/strong><\/li><li><strong>Saint-Brevin-les-Pins<\/strong><\/li><li><strong>Pornic<\/strong><\/li><li><strong>La Rochelle<\/strong><\/li><\/ul><h3>Nouvelle-Aquitaine<\/h3><ul><li><a href=\"https:\/\/cparici.com\/fr\/royan-informations-pratiques-et-decouverte\/\"><strong>Royan<\/strong><\/a><\/li><li><strong>Lacanau<\/strong><\/li><li><strong>Arcachon<\/strong><\/li><li><strong>Bayonne<\/strong><\/li><li><strong>Hendaye<\/strong><\/li><\/ul><h2 data-start=\"111\" data-end=\"140\">3. Am\u00e9nagement et services<\/h2><h3 data-start=\"142\" data-end=\"195\">Un itin\u00e9raire con\u00e7u pour le confort des cyclistes<\/h3><p data-start=\"197\" data-end=\"611\">La <strong data-start=\"200\" data-end=\"214\">V\u00e9lodyss\u00e9e<\/strong> a \u00e9t\u00e9 pens\u00e9e pour offrir une <strong data-start=\"244\" data-end=\"278\">exp\u00e9rience fluide et s\u00e9curis\u00e9e<\/strong>, m\u00eame pour les cyclistes occasionnels. Gr\u00e2ce \u00e0 ses <strong data-start=\"330\" data-end=\"361\">plus de 76\u202f% en site propre<\/strong>, elle permet de rouler loin des voitures, sur des <strong data-start=\"412\" data-end=\"440\">pistes cyclables d\u00e9di\u00e9es<\/strong>, des <strong data-start=\"446\" data-end=\"462\">voies vertes<\/strong> ou des chemins de halage. L\u2019entretien de ces infrastructures est r\u00e9gulier, garantissant un <strong data-start=\"554\" data-end=\"585\">rev\u00eatement de bonne qualit\u00e9<\/strong> sur la majorit\u00e9 du trac\u00e9.<\/p><p data-start=\"613\" data-end=\"943\">Chaque portion du parcours est <strong data-start=\"644\" data-end=\"674\">balis\u00e9e dans les deux sens<\/strong>, avec des panneaux sp\u00e9cifiques <strong data-start=\"706\" data-end=\"733\">EuroVelo\u202f1 \/ V\u00e9lodyss\u00e9e<\/strong>, facilitant l\u2019orientation sans n\u00e9cessit\u00e9 de GPS. Des <strong data-start=\"787\" data-end=\"805\">aires de repos<\/strong> et de pique-nique sont disponibles tout au long de l\u2019itin\u00e9raire, souvent situ\u00e9es dans des zones ombrag\u00e9es ou \u00e0 proximit\u00e9 de points d\u2019eau.<\/p><h3 data-start=\"950\" data-end=\"981\">Les services pour cyclistes<\/h3><p data-start=\"983\" data-end=\"1103\">La qualit\u00e9 de l\u2019am\u00e9nagement est compl\u00e9t\u00e9e par une <strong data-start=\"1033\" data-end=\"1061\">offre de services vari\u00e9e<\/strong>, adapt\u00e9e aux besoins des cyclotouristes :<\/p><ul data-start=\"1105\" data-end=\"2319\"><li data-start=\"1105\" data-end=\"1424\"><p data-start=\"1107\" data-end=\"1424\"><strong data-start=\"1107\" data-end=\"1123\">Accueil V\u00e9lo<\/strong> : ce label garantit que les \u00e9tablissements (h\u00e9bergements, restaurants, offices de tourisme, r\u00e9parateurs) sont situ\u00e9s \u00e0 moins de 5\u202fkm d\u2019un itin\u00e9raire cyclable et offrent des services sp\u00e9cifiques aux cyclistes. On en compte des centaines sur la V\u00e9lodyss\u00e9e, permettant une <strong data-start=\"1394\" data-end=\"1423\">planification sans stress<\/strong>.<\/p><\/li><li data-start=\"1426\" data-end=\"1638\"><p data-start=\"1428\" data-end=\"1638\"><strong data-start=\"1428\" data-end=\"1452\">H\u00e9bergements adapt\u00e9s<\/strong> : campings, h\u00f4tels, chambres d\u2019h\u00f4tes, auberges ou g\u00eetes accueillent les voyageurs \u00e0 v\u00e9lo, souvent avec locaux s\u00e9curis\u00e9s pour les v\u00e9los, kits de r\u00e9paration ou petit-d\u00e9jeuner \u00e9nerg\u00e9tique.<\/p><\/li><li data-start=\"1640\" data-end=\"1855\"><p data-start=\"1642\" data-end=\"1855\"><strong data-start=\"1642\" data-end=\"1669\">R\u00e9paration et entretien<\/strong> : de nombreux artisans, magasins sp\u00e9cialis\u00e9s et ateliers participatifs jalonnent le parcours. Les villes de La Rochelle, Nantes, ou encore Bayonne disposent de services v\u00e9los efficaces.<\/p><\/li><li data-start=\"1857\" data-end=\"2319\"><p data-start=\"1859\" data-end=\"1892\"><strong data-start=\"1859\" data-end=\"1890\">Transports et intermodalit\u00e9<\/strong> :<\/p><ul data-start=\"1895\" data-end=\"2319\"><li data-start=\"1895\" data-end=\"2040\"><p data-start=\"1897\" data-end=\"2040\"><strong data-start=\"1897\" data-end=\"1907\">Trains<\/strong> : les lignes <strong data-start=\"1921\" data-end=\"1928\">TER<\/strong> et certains <strong data-start=\"1941\" data-end=\"1948\">TGV<\/strong> acceptent les v\u00e9los (souvent gratuitement), facilitant le retour ou la d\u00e9coupe du parcours.<\/p><\/li><li data-start=\"2043\" data-end=\"2176\"><p data-start=\"2045\" data-end=\"2176\"><strong data-start=\"2045\" data-end=\"2069\">Travers\u00e9es fluviales<\/strong> : notamment le <strong data-start=\"2085\" data-end=\"2118\">bac Royan \u2013 Le Verdon-sur-Mer<\/strong>, \u00e9l\u00e9ment logistique central sur l\u2019estuaire de la Gironde.<\/p><\/li><li data-start=\"2179\" data-end=\"2319\"><p data-start=\"2181\" data-end=\"2319\"><strong data-start=\"2181\" data-end=\"2205\">Transport de bagages<\/strong> : des entreprises sp\u00e9cialis\u00e9es comme <strong data-start=\"2243\" data-end=\"2263\">La Malle Postale<\/strong> ou <strong data-start=\"2267\" data-end=\"2279\">Bicybags<\/strong> transportent vos sacs d\u2019\u00e9tape en \u00e9tape.<\/p><\/li><\/ul><\/li><\/ul><h3 data-start=\"2326\" data-end=\"2367\">Outils num\u00e9riques pour l\u2019organisation<\/h3><p data-start=\"2369\" data-end=\"2463\">Le site officiel de la V\u00e9lodyss\u00e9e (<a class=\"decorated-link\" href=\"https:\/\/www.lavelodyssee.com\" target=\"_new\" rel=\"noopener\" data-start=\"2404\" data-end=\"2452\">lavelodyssee.com<\/a>) propose :<\/p><ul data-start=\"2464\" data-end=\"2812\"><li data-start=\"2464\" data-end=\"2570\"><p data-start=\"2466\" data-end=\"2570\">Une <strong data-start=\"2470\" data-end=\"2491\">carte interactive<\/strong> des \u00e9tapes avec distances, types de routes, h\u00e9bergements et points d\u2019int\u00e9r\u00eat ;<\/p><\/li><li data-start=\"2571\" data-end=\"2629\"><p data-start=\"2573\" data-end=\"2629\">Le <strong data-start=\"2576\" data-end=\"2609\">t\u00e9l\u00e9chargement des traces GPX<\/strong> de chaque tron\u00e7on ;<\/p><\/li><li data-start=\"2630\" data-end=\"2709\"><p data-start=\"2632\" data-end=\"2709\">Des <strong data-start=\"2636\" data-end=\"2658\">conseils pratiques<\/strong> (mat\u00e9riel, s\u00e9curit\u00e9, niveau de difficult\u00e9, etc.) ;<\/p><\/li><li data-start=\"2710\" data-end=\"2812\"><p data-start=\"2712\" data-end=\"2812\">Des suggestions de <strong data-start=\"2731\" data-end=\"2752\">s\u00e9jours organis\u00e9s<\/strong> ou d\u2019itin\u00e9raires par dur\u00e9e (weekend, 1 semaine, 15 jours\u2026).<\/p><\/li><\/ul><p data-start=\"2814\" data-end=\"2947\">Des <strong data-start=\"2818\" data-end=\"2842\">applications mobiles<\/strong> comme Komoot, Geovelo ou Openrunner permettent aussi de planifier, enregistrer et partager ses parcours.<\/p><p data-start=\"2954\" data-end=\"3215\">La <strong data-start=\"2957\" data-end=\"2971\">V\u00e9lodyss\u00e9e<\/strong> se distingue donc non seulement par la beaut\u00e9 de son itin\u00e9raire, mais aussi par la <strong data-start=\"3055\" data-end=\"3102\">richesse de ses infrastructures et services<\/strong>. Tout est pens\u00e9 pour faciliter la pratique du <strong data-start=\"3149\" data-end=\"3166\">cyclotourisme<\/strong>, en autonomie ou via des prestations organis\u00e9es.<\/p><h2 data-start=\"73\" data-end=\"105\">4. Quand partir et pour qui ?<\/h2><h3 data-start=\"107\" data-end=\"153\">Meilleure p\u00e9riode pour faire la V\u00e9lodyss\u00e9e<\/h3><p data-start=\"155\" data-end=\"459\">La <strong data-start=\"158\" data-end=\"172\">V\u00e9lodyss\u00e9e<\/strong> peut se parcourir <strong data-start=\"191\" data-end=\"219\">du printemps \u00e0 l\u2019automne<\/strong>, avec une pr\u00e9f\u00e9rence marqu\u00e9e pour les mois de <strong data-start=\"266\" data-end=\"283\">mai \u00e0 octobre<\/strong>. Cette p\u00e9riode offre les meilleures <strong data-start=\"320\" data-end=\"346\">conditions climatiques<\/strong> : temp\u00e9ratures douces, journ\u00e9es longues et g\u00e9n\u00e9ralement peu de pr\u00e9cipitations, surtout sur la fa\u00e7ade atlantique.<\/p><ul data-start=\"461\" data-end=\"1030\"><li data-start=\"461\" data-end=\"585\"><p data-start=\"463\" data-end=\"585\">En <strong data-start=\"466\" data-end=\"481\">mai et juin<\/strong>, vous b\u00e9n\u00e9ficiez de la douceur du climat, de la floraison printani\u00e8re et d\u2019un itin\u00e9raire peu fr\u00e9quent\u00e9.<\/p><\/li><li data-start=\"586\" data-end=\"791\"><p data-start=\"588\" data-end=\"791\"><strong data-start=\"588\" data-end=\"607\">Juillet et ao\u00fbt<\/strong> sont les mois les plus chauds et les plus anim\u00e9s. Attention toutefois \u00e0 l\u2019<strong data-start=\"682\" data-end=\"707\">affluence touristique<\/strong> sur certaines portions c\u00f4ti\u00e8res tr\u00e8s populaires (La Rochelle, Arcachon, Biarritz\u2026).<\/p><\/li><li data-start=\"792\" data-end=\"909\"><p data-start=\"794\" data-end=\"909\">En <strong data-start=\"797\" data-end=\"810\">septembre<\/strong>, les conditions sont souvent id\u00e9ales : mer encore chaude, m\u00e9t\u00e9o cl\u00e9mente, fr\u00e9quentation en baisse.<\/p><\/li><li data-start=\"910\" data-end=\"1030\"><p data-start=\"912\" data-end=\"1030\"><strong data-start=\"912\" data-end=\"923\">Octobre<\/strong> reste envisageable pour les plus aguerris, notamment dans le Sud, avec des couleurs automnales splendides.<\/p><\/li><\/ul><p data-start=\"1032\" data-end=\"1273\">Certaines zones, comme la <strong data-start=\"1058\" data-end=\"1070\">Bretagne<\/strong> ou le <strong data-start=\"1077\" data-end=\"1092\">Pays Basque<\/strong>, sont connues pour leur m\u00e9t\u00e9o <strong data-start=\"1123\" data-end=\"1137\">changeante<\/strong>. Il est donc recommand\u00e9 de <strong data-start=\"1165\" data-end=\"1203\">pr\u00e9voir des v\u00eatements imperm\u00e9ables<\/strong> et de <strong data-start=\"1210\" data-end=\"1252\">consulter les pr\u00e9visions r\u00e9guli\u00e8rement<\/strong> avant chaque d\u00e9part.<\/p><hr data-start=\"1275\" data-end=\"1278\" \/><h3 data-start=\"1280\" data-end=\"1315\">\u00c0 qui s\u2019adresse la V\u00e9lodyss\u00e9e ?<\/h3><p data-start=\"1317\" data-end=\"1447\">L\u2019itin\u00e9raire est con\u00e7u pour convenir \u00e0 <strong data-start=\"1356\" data-end=\"1389\">tous les profils de cyclistes<\/strong>, du <strong data-start=\"1394\" data-end=\"1414\">d\u00e9butant complet<\/strong> au <strong data-start=\"1418\" data-end=\"1445\">cyclotouriste chevronn\u00e9<\/strong> :<\/p><ul data-start=\"1449\" data-end=\"2274\"><li data-start=\"1449\" data-end=\"1694\"><p data-start=\"1451\" data-end=\"1694\"><strong data-start=\"1451\" data-end=\"1467\">Les familles<\/strong> : gr\u00e2ce \u00e0 l\u2019absence quasi totale de circulation motoris\u00e9e sur la majorit\u00e9 du trac\u00e9, les enfants peuvent p\u00e9daler en toute s\u00e9curit\u00e9. De nombreux campings, aires de repos et petites \u00e9tapes permettent un rythme souple et agr\u00e9able.<\/p><\/li><li data-start=\"1695\" data-end=\"1926\"><p data-start=\"1697\" data-end=\"1926\"><strong data-start=\"1697\" data-end=\"1714\">Les d\u00e9butants<\/strong> : pas besoin d\u2019un entra\u00eenement sportif pour parcourir certaines portions. L\u2019absence de d\u00e9nivel\u00e9 (hors Pays Basque), le balisage clair et la facilit\u00e9 d\u2019acc\u00e8s aux h\u00e9bergements permettent une initiation en douceur.<\/p><\/li><li data-start=\"1927\" data-end=\"2094\"><p data-start=\"1929\" data-end=\"2094\"><strong data-start=\"1929\" data-end=\"1956\">Les cyclistes r\u00e9guliers<\/strong> : ceux qui aiment parcourir 60 \u00e0 100\u202fkm par jour peuvent encha\u00eener les \u00e9tapes \u00e0 bon rythme, en autonomie ou via des services logistiques.<\/p><\/li><li data-start=\"2095\" data-end=\"2274\"><p data-start=\"2097\" data-end=\"2274\"><strong data-start=\"2097\" data-end=\"2128\">Les voyageurs en itin\u00e9rance<\/strong> : pour ceux qui souhaitent tout faire \u00e0 v\u00e9lo, des s\u00e9jours de 2 \u00e0 3 semaines permettent de relier Roscoff \u00e0 Hendaye dans des conditions optimales.<\/p><\/li><\/ul><hr data-start=\"2276\" data-end=\"2279\" \/><h3 data-start=\"2281\" data-end=\"2308\">Un itin\u00e9raire modulable<\/h3><p data-start=\"2310\" data-end=\"2378\">L\u2019un des atouts majeurs de la <strong data-start=\"2340\" data-end=\"2354\">V\u00e9lodyss\u00e9e<\/strong> est sa <strong data-start=\"2362\" data-end=\"2376\">modularit\u00e9<\/strong> :<\/p><ul data-start=\"2379\" data-end=\"2672\"><li data-start=\"2379\" data-end=\"2504\"><p data-start=\"2381\" data-end=\"2504\">Vous pouvez ne parcourir qu\u2019un <strong data-start=\"2412\" data-end=\"2441\">tron\u00e7on de quelques jours<\/strong>, ou planifier une <strong data-start=\"2460\" data-end=\"2503\">aventure compl\u00e8te de plusieurs semaines<\/strong>.<\/p><\/li><li data-start=\"2505\" data-end=\"2672\"><p data-start=\"2507\" data-end=\"2672\">Gr\u00e2ce aux <strong data-start=\"2517\" data-end=\"2542\">liaisons ferroviaires<\/strong> (TER\/TGV), il est facile d\u2019<strong data-start=\"2570\" data-end=\"2594\">ajuster son parcours<\/strong>, de revenir \u00e0 son point de d\u00e9part ou de rejoindre une \u00e9tape pr\u00e9cise en train.<\/p><\/li><\/ul><p data-start=\"2674\" data-end=\"2902\">Que vous ayez <strong data-start=\"2688\" data-end=\"2726\">deux jours, une semaine ou un mois<\/strong>, la V\u00e9lodyss\u00e9e s\u2019adapte \u00e0 vos envies, \u00e0 votre niveau, et \u00e0 vos contraintes. C\u2019est ce qui en fait <strong data-start=\"2824\" data-end=\"2901\">l\u2019un des itin\u00e9raires cyclables les plus accessibles et appr\u00e9ci\u00e9s d\u2019Europe<\/strong>.<\/p><h2 data-start=\"93\" data-end=\"122\">5. Inspirations de voyages<\/h2><p data-start=\"124\" data-end=\"415\">Gr\u00e2ce \u00e0 sa <strong data-start=\"135\" data-end=\"147\">longueur<\/strong> et \u00e0 sa <strong data-start=\"156\" data-end=\"170\">modularit\u00e9<\/strong>, la <strong data-start=\"175\" data-end=\"189\">V\u00e9lodyss\u00e9e<\/strong> se pr\u00eate aussi bien aux <strong data-start=\"214\" data-end=\"245\">escapades de quelques jours<\/strong> qu\u2019aux <strong data-start=\"253\" data-end=\"292\">grandes aventures cyclotouristiques<\/strong>. Voici quelques id\u00e9es concr\u00e8tes pour organiser votre parcours selon <strong data-start=\"361\" data-end=\"414\">vos envies, votre niveau et votre emploi du temps<\/strong>.<\/p><hr data-start=\"417\" data-end=\"420\" \/><h3 data-start=\"422\" data-end=\"464\">Id\u00e9es de parcours courts (2 \u00e0 5 jours)<\/h3><p data-start=\"466\" data-end=\"546\">Parfaits pour un week-end prolong\u00e9 ou une premi\u00e8re exp\u00e9rience de voyage \u00e0 v\u00e9lo :<\/p><ul data-start=\"548\" data-end=\"1114\"><li data-start=\"548\" data-end=\"740\"><p data-start=\"550\" data-end=\"740\"><strong data-start=\"550\" data-end=\"592\">Nantes \u2192 Les Sables-d\u2019Olonne (~130\u202fkm)<\/strong><br data-start=\"592\" data-end=\"595\" \/>Un itin\u00e9raire tr\u00e8s accessible, entre canaux, marais et plages vend\u00e9ennes, avec des \u00e9tapes courtes et de nombreux h\u00e9bergements \u00ab Accueil V\u00e9lo \u00bb.<\/p><\/li><li data-start=\"742\" data-end=\"929\"><p data-start=\"744\" data-end=\"929\"><strong data-start=\"744\" data-end=\"776\">La Rochelle \u2192 Royan (~95\u202fkm)<\/strong><br data-start=\"776\" data-end=\"779\" \/>Une balade c\u00f4ti\u00e8re tr\u00e8s agr\u00e9able \u00e0 travers l\u2019estuaire de la Charente, Rochefort, l\u2019\u00eele d\u2019Aix et le bac de Royan. Tr\u00e8s touristique, id\u00e9al en famille.<\/p><\/li><li data-start=\"931\" data-end=\"1114\"><p data-start=\"933\" data-end=\"1114\"><strong data-start=\"933\" data-end=\"964\">Arcachon \u2192 Mimizan (~90\u202fkm)<\/strong><br data-start=\"964\" data-end=\"967\" \/>Au c\u0153ur des <strong data-start=\"981\" data-end=\"1003\">Landes de Gascogne<\/strong>, c\u2019est l\u2019un des tron\u00e7ons les plus plats et forestiers, entre dunes, lacs et oc\u00e9an. Pistes larges et ombrag\u00e9es.<\/p><\/li><\/ul><hr data-start=\"1116\" data-end=\"1119\" \/><h3 data-start=\"1121\" data-end=\"1165\">Parcours interm\u00e9diaires (1 \u00e0 2 semaines)<\/h3><p data-start=\"1167\" data-end=\"1245\">Pour d\u00e9couvrir une r\u00e9gion en profondeur ou effectuer une <strong data-start=\"1224\" data-end=\"1243\">demi\u2011V\u00e9lodyss\u00e9e<\/strong> :<\/p><ul data-start=\"1247\" data-end=\"1815\"><li data-start=\"1247\" data-end=\"1434\"><p data-start=\"1249\" data-end=\"1434\"><strong data-start=\"1249\" data-end=\"1279\">Roscoff \u2192 Nantes (~400\u202fkm)<\/strong><br data-start=\"1279\" data-end=\"1282\" \/>La <strong data-start=\"1287\" data-end=\"1322\">Bretagne int\u00e9rieure et fluviale<\/strong> : entre voies vertes, canaux paisibles et petites villes charmantes. Le trac\u00e9 est tr\u00e8s nature et peu fr\u00e9quent\u00e9.<\/p><\/li><li data-start=\"1436\" data-end=\"1608\"><p data-start=\"1438\" data-end=\"1608\"><strong data-start=\"1438\" data-end=\"1474\">La Rochelle \u2192 Arcachon (~270\u202fkm)<\/strong><br data-start=\"1474\" data-end=\"1477\" \/>C\u00f4te atlantique par excellence : plages, ports ostr\u00e9icoles, marais, pin\u00e8des. Parfait pour combiner v\u00e9lo, baignade et gastronomie.<\/p><\/li><li data-start=\"1610\" data-end=\"1815\"><p data-start=\"1612\" data-end=\"1815\"><strong data-start=\"1612\" data-end=\"1641\">Royan \u2192 Hendaye (~470\u202fkm)<\/strong><br data-start=\"1641\" data-end=\"1644\" \/>De la Gironde au Pays Basque : for\u00eats landaises, grandes plages oc\u00e9anes, puis reliefs et villages typiques basques. \u00c0 faire dans le sens nord-sud pour le vent favorable.<\/p><\/li><\/ul><hr data-start=\"1817\" data-end=\"1820\" \/><h3 data-start=\"1822\" data-end=\"1870\">Le parcours complet (2 \u00e0 3 semaines ou plus)<\/h3><p data-start=\"1872\" data-end=\"2149\"><strong data-start=\"1872\" data-end=\"1905\">Roscoff \u2192 Hendaye (~1\u202f294\u202fkm)<\/strong><br data-start=\"1905\" data-end=\"1908\" \/>Pour les plus motiv\u00e9s ou les passionn\u00e9s de <strong data-start=\"1951\" data-end=\"1973\">grandes travers\u00e9es<\/strong>, l\u2019int\u00e9gralit\u00e9 de la V\u00e9lodyss\u00e9e peut se faire en <strong data-start=\"2023\" data-end=\"2040\">15 \u00e0 25 jours<\/strong>, selon le rythme. Vous traverserez 3 r\u00e9gions, 10 d\u00e9partements, et une diversit\u00e9 de paysages impressionnante.<\/p><p data-start=\"2151\" data-end=\"2354\">Ce type de parcours demande une <strong data-start=\"2183\" data-end=\"2204\">bonne pr\u00e9paration<\/strong>, une certaine endurance et une organisation logistique (h\u00e9bergement, r\u00e9parations, ravitaillement), mais il repr\u00e9sente <strong data-start=\"2323\" data-end=\"2353\">une exp\u00e9rience inoubliable<\/strong>.<\/p><hr data-start=\"2356\" data-end=\"2359\" \/><h3 data-start=\"2361\" data-end=\"2382\">S\u00e9jours organis\u00e9s<\/h3><p data-start=\"2384\" data-end=\"2491\">Pour ceux qui souhaitent voyager <strong data-start=\"2417\" data-end=\"2447\">sans contrainte logistique<\/strong>, plusieurs agences sp\u00e9cialis\u00e9es proposent :<\/p><ul data-start=\"2492\" data-end=\"2706\"><li data-start=\"2492\" data-end=\"2583\"><p data-start=\"2494\" data-end=\"2583\">Des <strong data-start=\"2498\" data-end=\"2528\">s\u00e9jours \u00e0 v\u00e9lo cl\u00e9 en main<\/strong> (h\u00e9bergement, transport de bagages, location de v\u00e9lo),<\/p><\/li><li data-start=\"2584\" data-end=\"2658\"><p data-start=\"2586\" data-end=\"2658\">Des itin\u00e9raires <strong data-start=\"2602\" data-end=\"2628\">adapt\u00e9s \u00e0 votre niveau<\/strong> (familial, sportif, senior\u2026),<\/p><\/li><li data-start=\"2659\" data-end=\"2706\"><p data-start=\"2661\" data-end=\"2706\">Des formules avec <strong data-start=\"2679\" data-end=\"2705\">guides ou en autonomie<\/strong>.<\/p><\/li><\/ul><p data-start=\"2708\" data-end=\"2926\">Ces prestations peuvent aller de <strong data-start=\"2741\" data-end=\"2757\">2 \u00e0 15 jours<\/strong>, avec des tarifs variables selon les prestations. C\u2019est une excellente option pour les d\u00e9butants ou pour ceux qui veulent simplement <strong data-start=\"2891\" data-end=\"2925\">profiter du voyage sans stress<\/strong>.<\/p><hr data-start=\"2928\" data-end=\"2931\" \/><p data-start=\"2933\" data-end=\"3158\">La <strong data-start=\"2936\" data-end=\"2950\">V\u00e9lodyss\u00e9e<\/strong> s\u2019adapte \u00e0 toutes les formes de voyage. Que vous partiez seul, en couple, entre amis ou en famille, pour deux jours ou trois semaines, vous trouverez toujours une <strong data-start=\"3114\" data-end=\"3157\">version de l\u2019aventure qui vous convient<\/strong>.<\/p><h2>Conseils pour l&#8217;Activit\u00e9 en Famille<\/h2><h3>Planification de l&#8217;Itin\u00e9raire<\/h3><p>Planifier un itin\u00e9raire adapt\u00e9 aux capacit\u00e9s de chacun est crucial. Choisissez des segments plus courts et plus plats pour les jeunes enfants.<\/p><h3>\u00c9quipement et S\u00e9curit\u00e9<\/h3><p>Assurez-vous que chaque membre de la famille dispose d&#8217;un v\u00e9lo en bon \u00e9tat, d&#8217;un casque et de v\u00eatements appropri\u00e9s. Emportez \u00e9galement une trousse de premiers soins et des pi\u00e8ces de rechange pour les v\u00e9los.<\/p><h3>H\u00e9bergement<\/h3><p>Privil\u00e9giez les h\u00e9bergements adapt\u00e9s aux familles, comme les campings ou les chambres d&#8217;h\u00f4tes qui offrent des \u00e9quipements pour enfants.<\/p><h3>Activit\u00e9s le Long de la Route<\/h3><p>Int\u00e9grez des activit\u00e9s divertissantes, comme des visites de parcs, des baignades \u00e0 la plage ou des arr\u00eats dans des parcs de loisirs.<\/p><h2>Parcours Possibles sur la Velodyss\u00e9e<\/h2><h3>Parcours Faciles<\/h3><h4>Nantes \u00e0 La Rochelle<\/h4><p>Cette section relativement plate est id\u00e9ale pour les familles et les d\u00e9butants.<\/p><h3>Parcours Mod\u00e9r\u00e9s<\/h3><h4>La Rochelle \u00e0 Royan<\/h4><p>Ce tron\u00e7on offre un m\u00e9lange de paysages c\u00f4tiers et de for\u00eats, avec des \u00e9tapes moyennes.<\/p><h3>Parcours D\u00e9fis<\/h3><h4>Royan \u00e0 Hendaye<\/h4><p>Pour les cyclistes plus exp\u00e9riment\u00e9s, ce segment offre des mont\u00e9es et des descentes \u00e0 travers les Landes et les Pyr\u00e9n\u00e9es Atlantiques.<\/p><h2>Velodyss\u00e9e &#8211; FAQ<\/h2><h2 data-start=\"207\" data-end=\"229\">Foire aux Questions<\/h2><h3 data-start=\"231\" data-end=\"288\">Qu\u2019est-ce que la V\u00e9lodyss\u00e9e et o\u00f9 commence-t-elle ?<\/h3><p data-start=\"289\" data-end=\"578\">La <strong data-start=\"292\" data-end=\"306\">V\u00e9lodyss\u00e9e<\/strong> est un <strong data-start=\"314\" data-end=\"346\">itin\u00e9raire cyclable fran\u00e7ais<\/strong> de pr\u00e8s de <strong data-start=\"358\" data-end=\"370\">1\u202f300\u202fkm<\/strong>, faisant partie du <strong data-start=\"390\" data-end=\"411\">r\u00e9seau EuroVelo 1<\/strong>. Elle d\u00e9marre \u00e0 <strong data-start=\"428\" data-end=\"439\">Roscoff<\/strong>, en Bretagne, et longe la c\u00f4te Atlantique jusqu\u2019\u00e0 <strong data-start=\"490\" data-end=\"501\">Hendaye<\/strong>, \u00e0 la fronti\u00e8re espagnole. C\u2019est la plus longue v\u00e9loroute balis\u00e9e en France.<\/p><hr data-start=\"580\" data-end=\"583\" \/><h3 data-start=\"585\" data-end=\"624\">Combien de kilom\u00e8tres fait-elle ?<\/h3><p data-start=\"625\" data-end=\"835\">Le parcours complet de la V\u00e9lodyss\u00e9e mesure environ <strong data-start=\"677\" data-end=\"697\">1\u202f294 kilom\u00e8tres<\/strong>, d\u00e9coup\u00e9 en <strong data-start=\"710\" data-end=\"735\">38 \u00e9tapes officielles<\/strong>. Il traverse <strong data-start=\"749\" data-end=\"762\">3 r\u00e9gions<\/strong> fran\u00e7aises : la Bretagne, les Pays de la Loire et la Nouvelle-Aquitaine.<\/p><hr data-start=\"837\" data-end=\"840\" \/><h3 data-start=\"842\" data-end=\"905\">Le parcours est-il accessible aux familles et d\u00e9butants ?<\/h3><p data-start=\"906\" data-end=\"1128\">Oui. La V\u00e9lodyss\u00e9e est tr\u00e8s <strong data-start=\"934\" data-end=\"948\">accessible<\/strong>, avec plus de <strong data-start=\"963\" data-end=\"996\">76\u202f% du trajet en site propre<\/strong>, souvent plat, bien balis\u00e9 et s\u00e9curis\u00e9. Elle convient donc parfaitement aux <strong data-start=\"1073\" data-end=\"1098\">familles avec enfants<\/strong> ou aux <strong data-start=\"1106\" data-end=\"1127\">cyclistes novices<\/strong>.<\/p><hr data-start=\"1130\" data-end=\"1133\" \/><h3 data-start=\"1135\" data-end=\"1199\">Quelle est la meilleure p\u00e9riode pour faire la V\u00e9lodyss\u00e9e ?<\/h3><p data-start=\"1200\" data-end=\"1422\">La meilleure p\u00e9riode s\u2019\u00e9tend de <strong data-start=\"1232\" data-end=\"1249\">mai \u00e0 octobre<\/strong>. Le printemps et l\u2019automne sont appr\u00e9ci\u00e9s pour leur <strong data-start=\"1302\" data-end=\"1317\">climat doux<\/strong> et une <strong data-start=\"1325\" data-end=\"1346\">affluence mod\u00e9r\u00e9e<\/strong>, tandis que l\u2019\u00e9t\u00e9 offre des journ\u00e9es longues et une atmosph\u00e8re plus anim\u00e9e.<\/p><hr data-start=\"1424\" data-end=\"1427\" \/><h3 data-start=\"1429\" data-end=\"1495\">Quels types d\u2019h\u00e9bergement sont disponibles sur le parcours ?<\/h3><p data-start=\"1496\" data-end=\"1750\">On trouve une <strong data-start=\"1510\" data-end=\"1543\">grande vari\u00e9t\u00e9 d\u2019h\u00e9bergements<\/strong> : campings, h\u00f4tels, g\u00eetes, chambres d\u2019h\u00f4tes. Beaucoup sont labellis\u00e9s <strong data-start=\"1614\" data-end=\"1630\">Accueil V\u00e9lo<\/strong>, ce qui garantit des services adapt\u00e9s aux cyclotouristes : abris \u00e0 v\u00e9lo, outils de r\u00e9paration, repas \u00e9nerg\u00e9tiques, etc.<\/p><hr data-start=\"1752\" data-end=\"1755\" \/><h3 data-start=\"1757\" data-end=\"1808\">Comment transporter son v\u00e9lo ou ses bagages ?<\/h3><p data-start=\"1809\" data-end=\"1837\">Plusieurs options existent :<\/p><ul data-start=\"1838\" data-end=\"2079\"><li data-start=\"1838\" data-end=\"1889\"><p data-start=\"1840\" data-end=\"1889\"><strong data-start=\"1840\" data-end=\"1860\">Trains (TER\/TGV)<\/strong> compatibles avec les v\u00e9los ;<\/p><\/li><li data-start=\"1890\" data-end=\"1983\"><p data-start=\"1892\" data-end=\"1983\"><strong data-start=\"1892\" data-end=\"1928\">Services de transport de bagages<\/strong> (ex. : La Malle Postale, Bicybags) pour rouler l\u00e9ger ;<\/p><\/li><li data-start=\"1984\" data-end=\"2079\"><p data-start=\"1986\" data-end=\"2079\">Possibilit\u00e9 de <strong data-start=\"2001\" data-end=\"2021\">location de v\u00e9lo<\/strong> \u00e0 certaines \u00e9tapes avec restitution dans une autre ville.<\/p><\/li><\/ul><h3 data-start=\"2086\" data-end=\"2164\">Existe-t-il des cartes ou outils num\u00e9riques pour pr\u00e9parer l\u2019itin\u00e9raire ?<\/h3><p data-start=\"2165\" data-end=\"2236\">Oui. Le site <a class=\"decorated-link\" href=\"https:\/\/www.lavelodyssee.com\" target=\"_new\" rel=\"noopener\" data-start=\"2178\" data-end=\"2226\">lavelodyssee.com<\/a> propose :<\/p><ul data-start=\"2237\" data-end=\"2474\"><li data-start=\"2237\" data-end=\"2267\"><p data-start=\"2239\" data-end=\"2267\">Des <strong data-start=\"2243\" data-end=\"2266\">cartes interactives<\/strong>,<\/p><\/li><li data-start=\"2268\" data-end=\"2305\"><p data-start=\"2270\" data-end=\"2305\">Des <strong data-start=\"2274\" data-end=\"2288\">traces GPX<\/strong> t\u00e9l\u00e9chargeables,<\/p><\/li><li data-start=\"2306\" data-end=\"2474\"><p data-start=\"2308\" data-end=\"2474\">Des <strong data-start=\"2312\" data-end=\"2332\">guides pratiques<\/strong> selon votre niveau ou la dur\u00e9e de votre s\u00e9jour.<br data-start=\"2380\" data-end=\"2383\" \/>D&#8217;autres applis comme <strong data-start=\"2405\" data-end=\"2415\">Komoot<\/strong>, <strong data-start=\"2417\" data-end=\"2428\">Geovelo<\/strong> ou <strong data-start=\"2432\" data-end=\"2446\">Openrunner<\/strong> sont \u00e9galement tr\u00e8s utiles.<\/p><\/li><\/ul><h2>Velodyss\u00e9e &#8211; Conclusion<\/h2><p data-start=\"81\" data-end=\"534\">La <strong data-start=\"84\" data-end=\"98\">V\u00e9lodyss\u00e9e<\/strong> incarne tout ce que le <strong data-start=\"122\" data-end=\"149\">cyclotourisme en France<\/strong> a de meilleur \u00e0 offrir : un <strong data-start=\"178\" data-end=\"199\">parcours s\u00e9curis\u00e9<\/strong>, <strong data-start=\"201\" data-end=\"229\">des paysages diversifi\u00e9s<\/strong>, <strong data-start=\"231\" data-end=\"261\">une logistique bien pens\u00e9e<\/strong> et une <strong data-start=\"269\" data-end=\"308\">accessibilit\u00e9 pour tous les niveaux<\/strong>. Que vous cherchiez une courte escapade en bord de mer, une aventure de plusieurs jours en for\u00eat ou une travers\u00e9e compl\u00e8te de la c\u00f4te atlantique \u00e0 v\u00e9lo, cet itin\u00e9raire vous offre une <strong data-start=\"492\" data-end=\"510\">libert\u00e9 unique<\/strong>, au rythme des p\u00e9dales.<\/p><p data-start=\"536\" data-end=\"808\">Avec ses <strong data-start=\"545\" data-end=\"564\">services d\u00e9di\u00e9s<\/strong>, ses <strong data-start=\"570\" data-end=\"594\">h\u00e9bergements adapt\u00e9s<\/strong>, et son <strong data-start=\"603\" data-end=\"623\">balisage complet<\/strong>, la V\u00e9lodyss\u00e9e est bien plus qu\u2019un simple itin\u00e9raire cyclable : c\u2019est un <strong data-start=\"697\" data-end=\"749\">voyage immersif \u00e0 travers les r\u00e9gions fran\u00e7aises<\/strong>, une invitation \u00e0 red\u00e9couvrir le pays sous un autre angle.<\/p><p data-start=\"810\" data-end=\"1241\">Pour prolonger votre exp\u00e9rience ou planifier votre prochaine aventure, explorez notre <strong data-start=\"896\" data-end=\"913\">guide du pays<\/strong>, riche en conseils, itin\u00e9raires et d\u00e9couvertes \u00e0 v\u00e9lo dans toutes les r\u00e9gions de France. Et si vous souhaitez en savoir plus sur le cadre europ\u00e9en du projet, n\u2019h\u00e9sitez pas \u00e0 consulter <a class=\"decorated-link\" href=\"https:\/\/fr.wikipedia.org\/wiki\/EuroVelo_1\" target=\"_new\" rel=\"noopener\" data-start=\"1098\" data-end=\"1167\">cette page encyclop\u00e9dique<\/a> pour explorer le r\u00e9seau auquel appartient cette v\u00e9loroute exceptionnelle.<\/p>\t\t\t\t\t\t\t\t<\/div>\n\t\t\t\t\t<\/div>\n\t\t\t\t<\/div>\n\t\t<aside class=\"elementor-element elementor-element-f6949e5 e-flex e-con-boxed e-con e-parent\" data-id=\"f6949e5\" data-element_type=\"container\" data-e-type=\"container\">\n\t\t\t\t\t<div class=\"e-con-inner\">\n\t\t\t\t<div class=\"elementor-element elementor-element-5d84c78 elementor-widget elementor-widget-listeo-posts-grid\" data-id=\"5d84c78\" data-element_type=\"widget\" data-e-type=\"widget\" data-widget_type=\"listeo-posts-grid.default\">\n\t\t\t\t<div class=\"elementor-widget-container\">\n\t\t\t\t\t\t\t\n\t\t<div class=\"listeo-post-grid-wrapper\">\n\t\t\t<div class=\"row\">\n\n\t\t\t\n\n\t\t\t\t\t\t\t<div class=\"col-md-4\">\n                <a href=\"https:\/\/cparici.com\/en\/pointe-de-suzac-saint-georges-de-didonne\/\" class=\"blog-compact-item-container\">\n                    <div class=\"blog-compact-item\">\n                        <img decoding=\"async\" width=\"577\" height=\"184\" src=\"https:\/\/cparici.com\/wp-content\/uploads\/2021\/02\/pointe-de-suzac-banniere-2.jpg\" class=\"attachment-listeo-blog-related-post size-listeo-blog-related-post wp-post-image\" alt=\"Pointe de Suzac rochers plage de saint georges\" srcset=\"https:\/\/cparici.com\/wp-content\/uploads\/2021\/02\/pointe-de-suzac-banniere-2.jpg 1520w, https:\/\/cparici.com\/wp-content\/uploads\/2021\/02\/pointe-de-suzac-banniere-2-600x191.jpg 600w, https:\/\/cparici.com\/wp-content\/uploads\/2021\/02\/pointe-de-suzac-banniere-2-768x244.jpg 768w\" sizes=\"(max-width: 577px) 100vw, 577px\" \/><span class=\"blog-item-tag\">France<\/span>                        \n                        <div class=\"blog-compact-item-content\">\n                                                        <h3>Pointe de Suzac a Saint Georges de Didonne<\/h3>\n                                                        <p>La pointe de Suzac a Saint Georges de Didonne est un cap rocheux dans l\u2019estuaire...                            <\/p>\n                                                    <\/div>\n                    <\/div>\n                <\/a>\n            <\/div>\n\t\t\t<div class=\"col-md-4\">\n                <a href=\"https:\/\/cparici.com\/en\/cherbourg\/\" class=\"blog-compact-item-container\">\n                    <div class=\"blog-compact-item\">\n                        <img decoding=\"async\" width=\"577\" height=\"204\" src=\"https:\/\/cparici.com\/wp-content\/uploads\/2025\/02\/cparici-2025-02-22T083948.597-577x204.jpg\" class=\"attachment-listeo-blog-related-post size-listeo-blog-related-post wp-post-image\" alt=\"Cherbourg Vue sur le port\" srcset=\"https:\/\/cparici.com\/wp-content\/uploads\/2025\/02\/cparici-2025-02-22T083948.597-577x204.jpg 577w, https:\/\/cparici.com\/wp-content\/uploads\/2025\/02\/cparici-2025-02-22T083948.597-300x106.jpg 300w, https:\/\/cparici.com\/wp-content\/uploads\/2025\/02\/cparici-2025-02-22T083948.597-1024x362.jpg 1024w, https:\/\/cparici.com\/wp-content\/uploads\/2025\/02\/cparici-2025-02-22T083948.597-768x271.jpg 768w, https:\/\/cparici.com\/wp-content\/uploads\/2025\/02\/cparici-2025-02-22T083948.597-590x208.jpg 590w, https:\/\/cparici.com\/wp-content\/uploads\/2025\/02\/cparici-2025-02-22T083948.597-1200x424.jpg 1200w, https:\/\/cparici.com\/wp-content\/uploads\/2025\/02\/cparici-2025-02-22T083948.597-600x212.jpg 600w, https:\/\/cparici.com\/wp-content\/uploads\/2025\/02\/cparici-2025-02-22T083948.597.jpg 1500w\" sizes=\"(max-width: 577px) 100vw, 577px\" \/><span class=\"blog-item-tag\">Cherbourg<\/span>                        \n                        <div class=\"blog-compact-item-content\">\n                                                        <h3>Cherbourg &#8211; guide complet pour d\u00e9couvrir attractions et histoire<\/h3>\n                                                        <p>Cherbourg Situ\u00e9e en Normandie, dans le d\u00e9partement de la Manche, Cherbourg est une ville portuaire...                            <\/p>\n                                                    <\/div>\n                    <\/div>\n                <\/a>\n            <\/div>\n\t\t\t<div class=\"col-md-4\">\n                <a href=\"https:\/\/cparici.com\/en\/bain-nordique\/\" class=\"blog-compact-item-container\">\n                    <div class=\"blog-compact-item\">\n                        <img decoding=\"async\" width=\"577\" height=\"204\" src=\"https:\/\/cparici.com\/wp-content\/uploads\/2025\/09\/cparici-2025-09-21T115529.892-577x204.jpg\" class=\"attachment-listeo-blog-related-post size-listeo-blog-related-post wp-post-image\" alt=\"bain nordique bois ou acrylique\" srcset=\"https:\/\/cparici.com\/wp-content\/uploads\/2025\/09\/cparici-2025-09-21T115529.892-577x204.jpg 577w, https:\/\/cparici.com\/wp-content\/uploads\/2025\/09\/cparici-2025-09-21T115529.892-300x106.jpg 300w, https:\/\/cparici.com\/wp-content\/uploads\/2025\/09\/cparici-2025-09-21T115529.892-1024x362.jpg 1024w, https:\/\/cparici.com\/wp-content\/uploads\/2025\/09\/cparici-2025-09-21T115529.892-768x271.jpg 768w, https:\/\/cparici.com\/wp-content\/uploads\/2025\/09\/cparici-2025-09-21T115529.892-18x6.jpg 18w, https:\/\/cparici.com\/wp-content\/uploads\/2025\/09\/cparici-2025-09-21T115529.892-590x208.jpg 590w, https:\/\/cparici.com\/wp-content\/uploads\/2025\/09\/cparici-2025-09-21T115529.892-1200x424.jpg 1200w, https:\/\/cparici.com\/wp-content\/uploads\/2025\/09\/cparici-2025-09-21T115529.892-600x212.jpg 600w, https:\/\/cparici.com\/wp-content\/uploads\/2025\/09\/cparici-2025-09-21T115529.892.jpg 1500w\" sizes=\"(max-width: 577px) 100vw, 577px\" \/><span class=\"blog-item-tag\">Bain nordique<\/span>                        \n                        <div class=\"blog-compact-item-content\">\n                                                        <h3>Bain nordique : guide complet pour bien choisir<\/h3>\n                                                        <p>Recherches populaires Categories Pas de r\u00e9sultats Voir tous les r\u00e9sultats Bain nordique : guide complet...                            <\/p>\n                                                    <\/div>\n                    <\/div>\n                <\/a>\n            <\/div>\n  <\/div>\n        <\/div>\n        \t\t\t\t<\/div>\n\t\t\t\t<\/div>\n\t\t\t\t\t<\/div>\n\t\t\t\t<\/aside>\n\t\t\t\t<\/div>\n\t\t","protected":false},"excerpt":{"rendered":"<p>Explore the Velodyss\u00e9e, its cycle paths, towns and villages and tips for a family adventure. Complete guide and detailed itineraries.<\/p>","protected":false},"author":1,"featured_media":41263,"comment_status":"closed","ping_status":"open","sticky":false,"template":"","format":"standard","meta":{"ngg_post_thumbnail":0,"footnotes":""},"categories":[477],"tags":[1181,991,899],"class_list":["post-41261","post","type-post","status-publish","format-standard","has-post-thumbnail","hentry","category-france","tag-cyclisme","tag-loisirs","tag-velo"],"_links":{"self":[{"href":"https:\/\/cparici.com\/en\/wp-json\/wp\/v2\/posts\/41261","targetHints":{"allow":["GET"]}}],"collection":[{"href":"https:\/\/cparici.com\/en\/wp-json\/wp\/v2\/posts"}],"about":[{"href":"https:\/\/cparici.com\/en\/wp-json\/wp\/v2\/types\/post"}],"author":[{"embeddable":true,"href":"https:\/\/cparici.com\/en\/wp-json\/wp\/v2\/users\/1"}],"replies":[{"embeddable":true,"href":"https:\/\/cparici.com\/en\/wp-json\/wp\/v2\/comments?post=41261"}],"version-history":[{"count":0,"href":"https:\/\/cparici.com\/en\/wp-json\/wp\/v2\/posts\/41261\/revisions"}],"wp:featuredmedia":[{"embeddable":true,"href":"https:\/\/cparici.com\/en\/wp-json\/wp\/v2\/media\/41263"}],"wp:attachment":[{"href":"https:\/\/cparici.com\/en\/wp-json\/wp\/v2\/media?parent=41261"}],"wp:term":[{"taxonomy":"category","embeddable":true,"href":"https:\/\/cparici.com\/en\/wp-json\/wp\/v2\/categories?post=41261"},{"taxonomy":"post_tag","embeddable":true,"href":"https:\/\/cparici.com\/en\/wp-json\/wp\/v2\/tags?post=41261"}],"curies":[{"name":"wp","href":"https:\/\/api.w.org\/{rel}","templated":true}]}}