{"id":41848,"date":"2024-07-26T12:26:57","date_gmt":"2024-07-26T10:26:57","guid":{"rendered":"https:\/\/cparici.com\/?p=41848"},"modified":"2025-06-30T16:46:31","modified_gmt":"2025-06-30T14:46:31","slug":"chateau-le-clos-luce-amboise","status":"publish","type":"post","link":"https:\/\/cparici.com\/en\/chateau-le-clos-luce-amboise\/","title":{"rendered":"Chateau Le clos luc\u00e9 a Amboise : complete guide"},"content":{"rendered":"\t\t<div data-elementor-type=\"wp-post\" data-elementor-id=\"41848\" class=\"elementor elementor-41848\" data-elementor-post-type=\"post\">\n\t\t\t\t<div class=\"elementor-element elementor-element-56f8707 e-con-full e-flex e-con e-parent\" data-id=\"56f8707\" data-element_type=\"container\" data-e-type=\"container\">\n\t\t\t\t<div class=\"elementor-element elementor-element-f9e254b elementor-widget elementor-widget-image\" data-id=\"f9e254b\" data-element_type=\"widget\" data-e-type=\"widget\" data-widget_type=\"image.default\">\n\t\t\t\t\t\t\t\t\t\t\t\t\t\t\t<img decoding=\"async\" width=\"1500\" height=\"530\" src=\"https:\/\/cparici.com\/wp-content\/uploads\/2024\/07\/chateau-Le-Clos-Luce-a-Amboise.jpg\" class=\"attachment-full size-full wp-image-41852\" alt=\"chateau Le Clos Luc\u00e9 a Amboise\" srcset=\"https:\/\/cparici.com\/wp-content\/uploads\/2024\/07\/chateau-Le-Clos-Luce-a-Amboise.jpg 1500w, https:\/\/cparici.com\/wp-content\/uploads\/2024\/07\/chateau-Le-Clos-Luce-a-Amboise-600x212.jpg 600w, https:\/\/cparici.com\/wp-content\/uploads\/2024\/07\/chateau-Le-Clos-Luce-a-Amboise-300x106.jpg 300w, https:\/\/cparici.com\/wp-content\/uploads\/2024\/07\/chateau-Le-Clos-Luce-a-Amboise-1024x362.jpg 1024w, https:\/\/cparici.com\/wp-content\/uploads\/2024\/07\/chateau-Le-Clos-Luce-a-Amboise-768x271.jpg 768w\" sizes=\"(max-width: 1500px) 100vw, 1500px\" \/>\t\t\t\t\t\t\t\t\t\t\t\t\t\t\t<\/div>\n\t\t\t\t<\/div>\n\t\t<aside class=\"elementor-element elementor-element-b8daa50 e-flex e-con-boxed e-con e-parent\" data-id=\"b8daa50\" data-element_type=\"container\" data-e-type=\"container\">\n\t\t\t\t\t<div class=\"e-con-inner\">\n\t\t\t\t<div class=\"elementor-element elementor-element-892ab1d elementor-widget elementor-widget-global elementor-global-62046 elementor-widget-eael-advanced-search\" data-id=\"892ab1d\" data-element_type=\"widget\" data-e-type=\"widget\" data-widget_type=\"eael-advanced-search.default\">\n\t\t\t\t\t        <div class=\"eael-adv-search-wrapper\">\n            <div id=\"eael-advanced-search-widget-892ab1d\" class=\"eael-advanced-search-widget\">\n                <form data-settings=\"{&quot;post_per_page&quot;:5,&quot;search_among_taxonomies&quot;:&quot;&quot;,&quot;search_among_sku&quot;:&quot;no&quot;,&quot;show_popular_keyword&quot;:0,&quot;show_category&quot;:0,&quot;show_content_image&quot;:1,&quot;show_search_result_all_results&quot;:0,&quot;result_on_new_tab&quot;:&quot;no&quot;,&quot;show_product_price&quot;:&quot;no&quot;,&quot;include_current_page&quot;:&quot;no&quot;,&quot;current_post_id&quot;:41848,&quot;post_type&quot;:[&quot;post&quot;,&quot;listing&quot;]}\" method=\"POST\" name=\"eael-advanced-search-form-892ab1d\" class=\"eael-advanced-search-form eael-advanced-search-form-style-2\">\n                    <div class=\"eael-advanced-search-wrap\">\n                        <span class=\"eael-adv-search-loader\"><\/span>\n                        <span class=\"eael-adv-search-close\"><i class=\"fas fa-times\"><\/i><\/span>\n                        <span class=\"icon \"><i class=\"fas fa-search\"><\/i><\/span>\n\n                        <input type=\"text\"\n                               placeholder=\"Votre destination\"\n                               class=\"eael-advanced-search\" autocomplete=\"off\" name=\"eael_advanced_search\">\n                    <\/div>\n\t\t\t\t\t                                    <\/form>\n\n\t\t\t\t\n\t\t\t\t        <div class=\"eael-advanced-search-result\">\n            <div class=\"eael-advanced-search-popular-keyword\">\n\t\t\t\t<h4 class=\"eael-advanced-search-popular-keyword-text\">Recherches populaires<\/h4>                <div class=\"eael-popular-keyword-content\"><\/div>\n            <\/div>\n            <div class=\"eael-advanced-search-category\">\n\t\t\t\t<h4 class=\"eael-advanced-search-category-text\">Categories<\/h4>                <div class=\"eael-popular-category-content\"><\/div>\n            <\/div>\n\t\t\t<div class=\"eael-advanced-search-total-results-section\">\n\t\t\t\t\t\t\t<\/div>\n            <div class=\"eael-advanced-search-content eael-item-style-3\">\n            <\/div>\n            <div class=\"eael-advanced-search-not-found\">\n                <p>Pas de r\u00e9sultats<\/p><\/div>\n            <div class=\"eael-advanced-search-load-more\">\n\t\t\t\t<a \tclass=\"eael-advanced-search-load-more-button\"\n                \thref=\"#\">Voir tous les r\u00e9sultats<\/a>\n            <\/div>\n        <\/div>\n\n\t\t            <\/div>\n        <\/div>\n\n\t\t\t\t\t\t<\/div>\n\t\t\t\t\t<\/div>\n\t\t\t\t<\/aside>\n\t\t<div class=\"elementor-element elementor-element-146a8082 e-flex e-con-boxed e-con e-parent\" data-id=\"146a8082\" data-element_type=\"container\" data-e-type=\"container\">\n\t\t\t\t\t<div class=\"e-con-inner\">\n\t\t\t\t<div class=\"elementor-element elementor-element-259b2f52 elementor-widget elementor-widget-text-editor\" data-id=\"259b2f52\" data-element_type=\"widget\" data-e-type=\"widget\" data-widget_type=\"text-editor.default\">\n\t\t\t\t\t\t\t\t\t<h1 style=\"text-align: center;\"><span style=\"font-size: 18pt;\"><strong>Chateau du Clos Luc\u00e9 a Amboise<\/strong><\/span><\/h1><p><strong>Le Clos Luc\u00e9 a Amboise<\/strong>, nich\u00e9 au c\u0153ur du Val de Loire, en <a href=\"https:\/\/cparici.com\/fr\/indre-et-loire\/\">Indre et Loire<\/a>, est un site embl\u00e9matique o\u00f9 L\u00e9onard de Vinci a v\u00e9cu ses trois derni\u00e8res ann\u00e9es, invit\u00e9 par le roi Fran\u00e7ois Ier. Ce ch\u00e2teau historique, appel\u00e9 le <strong>chateau du Clos Luc\u00e9<\/strong>, est transform\u00e9 en mus\u00e9e, c\u00e9l\u00e8bre le g\u00e9nie de Vinci \u00e0 travers ses \u0153uvres, inventions, et son cadre de vie d&#8217;\u00e9poque incluant sa chambre et chapelle.<\/p><p>Aujourd&#8217;hui, le Clos Luc\u00e9 attire les passionn\u00e9s d&#8217;histoire, d&#8217;art et de science. Son parc offre une exploration grandeur nature des machines de Vinci, entour\u00e9 d&#8217;un jardin botanique et d&#8217;un potager. Cet article vous guidera \u00e0 travers l&#8217;histoire fascinante du Clos Luc\u00e9, de sa fondation au XVe si\u00e8cle jusqu&#8217;\u00e0 l&#8217;\u00e9poque de Vinci, vous invitant \u00e0 d\u00e9couvrir ses richesses, du ch\u00e2teau jusqu&#8217;au parc, pour une immersion totale dans l&#8217;univers de ce grand esprit de la Renaissance.<\/p><h2><span style=\"font-size: 18pt;\">Plong\u00e9e dans l&#8217;histoire du Clos Luc\u00e9<\/span><\/h2><h3>De la forteresse m\u00e9di\u00e9vale \u00e0 la demeure de L\u00e9onard de Vinci<\/h3><figure id=\"attachment_41849\" aria-describedby=\"caption-attachment-41849\" style=\"width: 1500px\" class=\"wp-caption aligncenter\"><a href=\"https:\/\/cparici.com\/wp-content\/uploads\/2024\/07\/En-tete-1500-x-530-px-16-1.jpg\"><img decoding=\"async\" class=\"size-full wp-image-41849\" src=\"https:\/\/cparici.com\/wp-content\/uploads\/2024\/07\/En-tete-1500-x-530-px-16-1.jpg\" alt=\"leonard de vinci clos luc\u00e9 a Amboise\" width=\"1500\" height=\"530\" srcset=\"https:\/\/cparici.com\/wp-content\/uploads\/2024\/07\/En-tete-1500-x-530-px-16-1.jpg 1500w, https:\/\/cparici.com\/wp-content\/uploads\/2024\/07\/En-tete-1500-x-530-px-16-1-600x212.jpg 600w, https:\/\/cparici.com\/wp-content\/uploads\/2024\/07\/En-tete-1500-x-530-px-16-1-300x106.jpg 300w, https:\/\/cparici.com\/wp-content\/uploads\/2024\/07\/En-tete-1500-x-530-px-16-1-1024x362.jpg 1024w, https:\/\/cparici.com\/wp-content\/uploads\/2024\/07\/En-tete-1500-x-530-px-16-1-768x271.jpg 768w\" sizes=\"(max-width: 1500px) 100vw, 1500px\" \/><\/a><figcaption id=\"caption-attachment-41849\" class=\"wp-caption-text\">leonard de vinci clos luc\u00e9 a Amboise<\/figcaption><\/figure><p>Construit en 1471 par \u00c9tienne le Loup, conseiller du roi Louis XI, le Clos Luc\u00e9 repose sur les vestiges d&#8217;une ancienne forteresse gallo-romaine. Initialement, ce domaine, situ\u00e9 \u00e0 seulement 500 m\u00e8tres du ch\u00e2teau d&#8217;Amboise, servait de fief \u00e0 ce dernier.<\/p><p>\u00c0 l&#8217;origine, le Clos Luc\u00e9 arborait fi\u00e8rement les attributs d&#8217;une forteresse m\u00e9di\u00e9vale, avec notamment une tour carr\u00e9e et des fen\u00eatres de style gothique. En 1490, le roi Charles VIII en fit l&#8217;acquisition, transformant le lieu en sa r\u00e9sidence d&#8217;\u00e9t\u00e9 et apportant d&#8217;importantes modifications, dont la construction d&#8217;un oratoire d\u00e9di\u00e9 \u00e0 Anne de Bretagne, sa femme. Sous son \u00e9gide, le Clos Luc\u00e9 se mua en une somptueuse demeure royale, accueillant des figures illustres telles que Louise de Savoie, la m\u00e8re de Fran\u00e7ois Ier, et Marguerite de Navarre, sa s\u0153ur.<\/p>\t\t\t\t\t\t\t\t<\/div>\n\t\t\t\t\t<\/div>\n\t\t\t\t<\/div>\n\t\t<aside class=\"elementor-element elementor-element-1649c134 e-flex e-con-boxed e-con e-parent\" data-id=\"1649c134\" data-element_type=\"container\" data-e-type=\"container\" data-settings=\"{&quot;background_background&quot;:&quot;classic&quot;}\">\n\t\t\t\t\t<div class=\"e-con-inner\">\n\t\t\t\t<div class=\"elementor-element elementor-element-64a67910 elementor-widget elementor-widget-heading\" data-id=\"64a67910\" data-element_type=\"widget\" data-e-type=\"widget\" data-widget_type=\"heading.default\">\n\t\t\t\t\t<p class=\"elementor-heading-title elementor-size-default\">D\u00e9couverte et Activit\u00e9s<\/p>\t\t\t\t<\/div>\n\t\t\t\t<div class=\"elementor-element elementor-element-4f9ef0fc elementor-widget elementor-widget-listeo-listings-carousel\" data-id=\"4f9ef0fc\" data-element_type=\"widget\" data-e-type=\"widget\" data-widget_type=\"listeo-listings-carousel.default\">\n\t\t\t\t<div class=\"elementor-widget-container\">\n\t\t\t\t\t        <!-- Carousel \/ Start -->\n        \t<div class=\"simple-slick-carousel dots-nav\" data-slick='{&quot;autoplay&quot;:true,&quot;autoplaySpeed&quot;:3000,&quot;slidesToShow&quot;:3,&quot;slidesToScroll&quot;:1,&quot;responsive&quot;:[{&quot;breakpoint&quot;:1024,&quot;settings&quot;:{&quot;slidesToShow&quot;:2,&quot;slidesToScroll&quot;:1}},{&quot;breakpoint&quot;:768,&quot;settings&quot;:{&quot;slidesToShow&quot;:1,&quot;slidesToScroll&quot;:1}}]}'>\n                            <div class=\"fw-carousel-item\">                    \n                        <!-- Listing Item -->\r\n            <div class=\"col-lg-6 col-md-12\">\r\n                <a href=\"https:\/\/cparici.com\/en\/annonce\/au-gre-des-vents-vols-en-montgolfiere-chateaux-de-la-loire\/\"  class=\"listing-item-container listing-geo-data compact\" \r\n\t\tdata-title=\"Au gr\u00e9 des vents &#8211; Vols en montgolfi\u00e8re &#8211; Ch\u00e2teaux de la Loire\"\r\n\t\tdata-listing-type=\"service\"\r\n\t\tdata-classifieds-price=\"&euro;\"\r\n\t\tdata-friendly-address=\"\"\r\n\t\tdata-address=\"8 rue du Grand Mont, 41700 Le Controis-en-Sologne, France\"\r\n\t\tdata-image=\"https:\/\/cparici.com\/wp-content\/uploads\/2025\/06\/1-520x397.jpg\"\r\n\t\tdata-longitude=\"1.432089\"\r\n\t\tdata-latitude=\"47.430726\"\r\n\t\t\t\t\tdata-rating=\"0\"\r\n\t\t\tdata-reviews=\"0\"\r\n\t\t\t\tdata-icon=\"&lt;svg xmlns=&quot;http:\/\/www.w3.org\/2000\/svg&quot; xmlns:xlink=&quot;http:\/\/www.w3.org\/1999\/xlink&quot; fill=&quot;#000000&quot; height=&quot;800px&quot; width=&quot;800px&quot; version=&quot;1.1&quot; id=&quot;Layer_1&quot; viewBox=&quot;0 0 512 512&quot; xml:space=&quot;preserve&quot;&gt;\n&lt;g&gt;\n\t&lt;g&gt;\n\t\t&lt;path d=&quot;M510.704,302.195c-19.899-31.901-47.686-58.561-80.359-77.098c-33.706-19.124-72.125-29.231-111.101-29.231 c-2.533,0-5.065,0.048-7.592,0.132c-8.115-20.231-20.448-38.937-35.951-54.405c-30.5-30.422-71.024-47.177-114.106-47.177 c-43.077,0-83.604,16.754-114.118,47.177C16.861,172.13,0,212.761,0,255.999c0,43.239,16.861,83.869,47.478,114.407 c30.512,30.422,71.039,47.174,114.117,47.174c24.962,0,49.749-5.834,71.961-16.885c27.046,11.095,56.206,16.888,85.688,16.888 c38.976,0,77.394-10.109,111.101-29.233c32.672-18.537,60.46-45.197,80.359-77.098 C512.432,308.482,512.432,304.967,510.704,302.195z M293.645,197.351c-18.093,2.064-35.864,6.278-52.878,12.582 c6.156-18.326,15.951-35.22,28.893-49.789C279.495,171.246,287.628,183.867,293.645,197.351z M170.154,111.792 c32.543,1.89,63.056,14.533,87.399,36.219c-18.108,20.127-30.806,44.294-37.042,70.583c-4.185,2.038-8.312,4.202-12.368,6.503 c-11.435,6.488-22.253,13.99-32.362,22.342h-5.627V111.792z M153.036,111.791v135.648h-46.221 c-1.922-37.09-16.318-71.851-41.172-99.442C89.993,126.319,120.502,113.681,153.036,111.791z M53.52,160.127 c21.644,24.33,34.258,54.798,36.145,87.312H17.376C19.262,214.924,31.878,184.456,53.52,160.127z M17.376,264.557h72.289 c-1.886,32.515-14.501,62.983-36.145,87.314C31.877,327.541,19.262,297.071,17.376,264.557z M153.036,400.205 c-32.534-1.89-63.044-14.527-87.393-36.205c24.854-27.589,39.25-62.352,41.172-99.443h46.221v4.453 c-9.399,10.244-17.87,21.352-25.251,33.186c-1.729,2.772-1.729,6.287,0,9.059c7.381,11.833,15.852,22.941,25.251,33.184V400.205z M145.217,306.725c8.461-12.813,18.335-24.635,29.35-35.269v70.539C163.552,331.359,153.677,319.537,145.217,306.725z M170.154,400.205v-39c11.68,10.309,24.404,19.439,37.989,27.148c1.615,0.916,3.25,1.793,4.887,2.668 C199.34,396.22,184.842,399.332,170.154,400.205z M446.804,356.841c-7.886,6.118-16.206,11.686-24.906,16.624 c-31.136,17.666-66.633,27.003-102.654,27.003c-36.021,0-71.518-9.337-102.654-27.003c-8.7-4.937-17.02-10.505-24.905-16.624 v-100.23c7.884-6.119,16.204-11.688,24.905-16.624c31.136-17.664,66.633-27.003,102.654-27.003 c36.02,0,71.518,9.337,102.654,27.003c8.702,4.937,17.021,10.506,24.906,16.625V356.841z M463.921,341.993v-70.538 c11.015,10.635,20.888,22.456,29.35,35.268C484.81,319.537,474.937,331.359,463.921,341.993z&quot;\/&gt;\n\t&lt;\/g&gt;\n&lt;\/g&gt;\n&lt;g&gt;\n\t&lt;g&gt;\n\t\t&lt;path d=&quot;M427.067,298.166h-16.523v-11.905c0-4.727-3.832-8.559-8.559-8.559c-4.727,0-8.559,3.832-8.559,8.559v11.905h-24.254 v-11.905c0-4.727-3.832-8.559-8.559-8.559c-4.727,0-8.559,3.832-8.559,8.559v11.905h-24.252v-11.905 c0-4.727-3.832-8.559-8.559-8.559c-4.727,0-8.559,3.832-8.559,8.559v11.905h-24.252v-11.905c0-4.727-3.832-8.559-8.559-8.559 c-4.727,0-8.559,3.832-8.559,8.559v11.905h-24.254v-11.905c0-4.727-3.832-8.559-8.559-8.559c-4.727,0-8.559,3.832-8.559,8.559 v11.905H211.42c-4.727,0-8.559,3.832-8.559,8.559c0,4.727,3.832,8.559,8.559,8.559h16.523v11.904c0,4.727,3.832,8.559,8.559,8.559 c4.727,0,8.559-3.832,8.559-8.559v-11.904h24.254v11.904c0,4.727,3.832,8.559,8.559,8.559c4.727,0,8.559-3.832,8.559-8.559 v-11.904h24.252v11.904c0,4.727,3.832,8.559,8.559,8.559c4.727,0,8.559-3.832,8.559-8.559v-11.904h24.252v11.904 c0,4.727,3.832,8.559,8.559,8.559c4.727,0,8.559-3.832,8.559-8.559v-11.904h24.253v11.904c0,4.727,3.832,8.559,8.559,8.559 c4.727,0,8.559-3.832,8.559-8.559v-11.904h16.523c4.727,0,8.559-3.832,8.559-8.559 C435.625,301.998,431.795,298.166,427.067,298.166z&quot;\/&gt;\n\t&lt;\/g&gt;\n&lt;\/g&gt;\n&lt;\/svg&gt;\"\r\n\r\n\t>\r\n            <div class=\"listing-item  \">\r\n                <div class=\"listing-small-badges-container\">\r\n                                                                <div class=\"listing-small-badge pricing-badge\"><i class=\"fa fa-tag\"><\/i>165.00&euro; - 220.00&euro;<\/div>\r\n                                                            \r\n                                        \r\n                                        \r\n                <\/div>\r\n                <img decoding=\"async\" src=\"https:\/\/cparici.com\/wp-content\/uploads\/2025\/06\/1-520x397.jpg\" alt=\"Au gr\u00e9 des vents &#8211; Vols en montgolfi\u00e8re &#8211; Ch\u00e2teaux de la Loire\" class=\"listing-thumbnail\">\r\n                \r\n\r\n                <div class=\"listing-item-content\">\r\n                    \r\n                    <h3> Au gr\u00e9 des vents &#8211; Vols en montgolfi\u00e8re &#8211; Ch\u00e2teaux de la Loire <\/h3>\r\n                    <span>8 rue du Grand Mont, 41700 Le Controis-en-Sologne, France<\/span>\r\n                <\/div>\r\n                                        <span class=\"save like-icon tooltip left\" title=\"Login To Bookmark Items\"><\/span>\r\n                                                <\/div>\r\n        <\/a>\r\n                    <\/div>\r\n        \r\n\r\n        <!-- Listing Item \/ End -->\n                    <\/div>\n                          <\/div>\n        \t\t\t\t<\/div>\n\t\t\t\t<\/div>\n\t\t\t\t\t<\/div>\n\t\t\t\t<\/aside>\n\t\t<div class=\"elementor-element elementor-element-f1b62f3 e-flex e-con-boxed e-con e-parent\" data-id=\"f1b62f3\" data-element_type=\"container\" data-e-type=\"container\">\n\t\t\t\t\t<div class=\"e-con-inner\">\n\t\t\t\t<div class=\"elementor-element elementor-element-e20c97e elementor-widget elementor-widget-text-editor\" data-id=\"e20c97e\" data-element_type=\"widget\" data-e-type=\"widget\" data-widget_type=\"text-editor.default\">\n\t\t\t\t\t\t\t\t\t<h2 style=\"text-align: left;\"><span style=\"font-family: Raleway; font-size: 24px; font-weight: normal; text-align: start;\">L&#8217;arriv\u00e9e de L\u00e9onard de Vinci au Clos Luc\u00e9<\/span><\/h2><p>En 1516, une page importante de l&#8217;histoire du Clos Luc\u00e9 s&#8217;\u00e9crit avec l&#8217;invitation de Fran\u00e7ois Ier \u00e0 <a href=\"https:\/\/cparici.com\/fr\/leonard-de-vinci\/\">L\u00e9onard de Vinci,<\/a> lui offrant le titre de \u00ab premier peintre, ing\u00e9nieur et architecte du roi \u00bb ainsi qu&#8217;une g\u00e9n\u00e9reuse pension. L\u00e9onard de Vinci, attir\u00e9 par cette proposition, s&#8217;installe au Clos Luc\u00e9 le 25 septembre 1516, apportant avec lui trois disciples et des \u0153uvres majeures, dont la c\u00e9l\u00e8bre <a href=\"https:\/\/cparici.com\/fr\/la-joconde\/\">Joconde<\/a>.<\/p><p>Pendant les trois ann\u00e9es pass\u00e9es au Clos Luc\u00e9, jusqu&#8217;\u00e0 sa mort en 1519, L\u00e9onard de Vinci se d\u00e9die \u00e0 d&#8217;ambitieux projets pour Fran\u00e7ois Ier, comme la conception d&#8217;un palais et d&#8217;une ville id\u00e9ale \u00e0 Romorantin, et l&#8217;organisation de festivit\u00e9s grandioses au ch\u00e2teau d&#8217;Amboise. Il poursuit \u00e9galement ses recherches dans divers domaines tels que la peinture, la sculpture, l&#8217;architecture, et bien d&#8217;autres, laissant derri\u00e8re lui des milliers de pages de notes et de croquis qui t\u00e9moignent de son esprit visionnaire.<\/p><h2><span style=\"font-size: 18pt;\">\u00c0 la d\u00e9couverte du ch\u00e2teau du Clos Luc\u00e9 aujourd&#8217;hui<\/span><\/h2><h3>Architecture et pi\u00e8ces majeures du ch\u00e2teau<\/h3><p>Le ch\u00e2teau du Clos Luc\u00e9, datant du XVe si\u00e8cle, affiche une \u00e9l\u00e9gante fa\u00e7ade de briques roses et de pierre de tuffeau. Il se distingue par sa tour carr\u00e9e, sa guette, ses fen\u00eatres gothiques, deux ailes formant un angle droit, reli\u00e9es par une galerie couverte, et une tour octogonale contenant un escalier \u00e0 vis.<\/p><figure id=\"attachment_41858\" aria-describedby=\"caption-attachment-41858\" style=\"width: 800px\" class=\"wp-caption aligncenter\"><a href=\"https:\/\/cparici.com\/wp-content\/uploads\/2024\/07\/facade-chateau-le-clos-luce-tuffeau-amboise.jpg\"><img decoding=\"async\" class=\"size-full wp-image-41858\" src=\"https:\/\/cparici.com\/wp-content\/uploads\/2024\/07\/facade-chateau-le-clos-luce-tuffeau-amboise.jpg\" alt=\"facade chateau le clos luc\u00e9 tuffeau amboise\" width=\"800\" height=\"576\" srcset=\"https:\/\/cparici.com\/wp-content\/uploads\/2024\/07\/facade-chateau-le-clos-luce-tuffeau-amboise.jpg 800w, https:\/\/cparici.com\/wp-content\/uploads\/2024\/07\/facade-chateau-le-clos-luce-tuffeau-amboise-600x432.jpg 600w, https:\/\/cparici.com\/wp-content\/uploads\/2024\/07\/facade-chateau-le-clos-luce-tuffeau-amboise-300x216.jpg 300w, https:\/\/cparici.com\/wp-content\/uploads\/2024\/07\/facade-chateau-le-clos-luce-tuffeau-amboise-768x553.jpg 768w\" sizes=\"(max-width: 800px) 100vw, 800px\" \/><\/a><figcaption id=\"caption-attachment-41858\" class=\"wp-caption-text\">facade chateau le clos luc\u00e9 tuffeau amboise<\/figcaption><\/figure><p>Ce ch\u00e2teau compte une quinzaine de pi\u00e8ces, parmi lesquelles la chambre de L\u00e9onard de Vinci, restitu\u00e9e \u00e0 l&#8217;identique, o\u00f9 il rendit son dernier souffle le 2 mai 1519, et la chapelle Saint-Hubert, premi\u00e8re s\u00e9pulture de l&#8217;artiste avant le transfert de ses restes au ch\u00e2teau d&#8217;Amboise. Certaines pi\u00e8ces ont \u00e9t\u00e9 transform\u00e9es en salles d&#8217;exposition, comme la salle du Conseil, o\u00f9 L\u00e9onard de Vinci accueillait Fran\u00e7ois Ier, ou encore la cuisine, \u00e9quip\u00e9e d&#8217;ustensiles d&#8217;\u00e9poque.<\/p><p>Ainsi, le ch\u00e2teau du Clos Luc\u00e9 se r\u00e9v\u00e8le \u00eatre un t\u00e9moignage vivant de la vie de L\u00e9onard de Vinci et de sa relation \u00e9troite avec le roi de France.<\/p><h3>Les expositions permanentes d\u00e9di\u00e9es \u00e0 L\u00e9onard de Vinci<\/h3><p><strong>Le ch\u00e2teau du Clos Luc\u00e9 c\u00e9l\u00e8bre l&#8217;h\u00e9ritage de L\u00e9onard de Vinci<\/strong> \u00e0 travers diverses expositions permanentes. L&#8217;exposition des ateliers de L\u00e9onard de Vinci, notamment, fascine avec une quarantaine de maquettes grandeur nature bas\u00e9es sur ses croquis et notes. Ces r\u00e9alisations, class\u00e9es en quatre cat\u00e9gories (militaire, civil, m\u00e9canique et li\u00e9es \u00e0 la vie), d\u00e9montrent l&#8217;avant-gardisme de Vinci, pr\u00e9curseur de l&#8217;h\u00e9licopt\u00e8re, du char d&#8217;assaut, du parachute et du v\u00e9lo.<\/p><p>Une autre exposition plonge les visiteurs dans le monde artistique et architectural de Vinci, gr\u00e2ce \u00e0 des projections, hologrammes, \u00e9crans tactiles et reproductions de ses \u0153uvres majeures comme la Joconde, le Saint Jean Baptiste, ou la Vierge, l&#8217;Enfant J\u00e9sus et sainte Anne, ainsi que ses projets non aboutis ou perdus, tels que le monument \u00e9questre de Francesco Sforza ou la ville id\u00e9ale de Romorantin. Le ch\u00e2teau du Clos Luc\u00e9 offre ainsi une exp\u00e9rience immersive et interactive dans l&#8217;\u0153uvre de L\u00e9onard de Vinci, \u00e0 la crois\u00e9e de l&#8217;art, de la science et de la technique.<\/p><h3>Les jardins du Clos Luc\u00e9 : un hommage \u00e0 la fascination de Vinci pour la nature<\/h3><p>Entour\u00e9 d&#8217;un parc de 7 hectares, le ch\u00e2teau du Clos Luc\u00e9 propose une escapade bucolique inspir\u00e9e par L\u00e9onard de Vinci. Le \u00ab Parc Leonardo da Vinci \u00bb est une invitation \u00e0 la d\u00e9couverte et \u00e0 la relaxation, mettant en lumi\u00e8re les inventions, pens\u00e9es et r\u00eaves de Vinci.<\/p><p>Le parc expose 20 machines g\u00e9antes bas\u00e9es sur ses dessins, telles que le pont tournant, le canon \u00e0 eau, ou l&#8217;oiseau m\u00e9canique, et offre l&#8217;\u00e9coute de 40 extraits de ses \u00e9crits, r\u00e9v\u00e9lant ses r\u00e9flexions sur la nature, l&#8217;homme, l&#8217;art et la science.<\/p><p>Il comprend aussi un jardin botanique avec plus de 500 esp\u00e8ces de plantes m\u00e9dicinales et aromatiques, ainsi qu&#8217;un potager reproduisant les cultures du XVIe si\u00e8cle. Le parc du Clos Luc\u00e9 est un lieu enchanteur qui rend hommage \u00e0 l&#8217;esprit visionnaire de L\u00e9onard de Vinci et \u00e0 son amour pour la nature.<\/p><h2><span style=\"font-size: 18pt;\">Visiter le parc du Clos Luc\u00e9 : une exp\u00e9rience immersive<\/span><\/h2><h3>Les machines de L\u00e9onard : une exploration interactive<\/h3><p>Le parc du Clos Luc\u00e9 offre un espace ludique pour les passionn\u00e9s et les explorateurs, qui ont l&#8217;opportunit\u00e9 de tester et de manipuler les inventions de L\u00e9onard de Vinci. Ces cr\u00e9ations, fabriqu\u00e9es en bois, en m\u00e9tal ou en toile, sont des reproductions authentiques bas\u00e9es sur les esquisses et les annotations du c\u00e9l\u00e8bre inventeur italien. Elles d\u00e9voilent des m\u00e9canismes avant-gardistes pour l&#8217;\u00e9poque, tels qu&#8217;un pont tournant, un char d&#8217;assaut, un canon \u00e0 eau, un parachute, un h\u00e9licopt\u00e8re, un v\u00e9lo et m\u00eame un oiseau m\u00e9canique.<\/p><p>Les inventions sont organis\u00e9es autour de quatre cat\u00e9gories : le g\u00e9nie militaire, le g\u00e9nie civil, le g\u00e9nie m\u00e9canique et le g\u00e9nie de la vie, chacune accompagn\u00e9e de panneaux descriptifs. Ces derniers d\u00e9taillent les principes scientifiques et techniques employ\u00e9s par L\u00e9onard de Vinci, rendant la visite du parc une exp\u00e9rience unique pour s&#8217;immerger dans l&#8217;esprit d&#8217;un inventeur.<\/p><h3>La promenade culturelle \u00e0 travers le parc<\/h3><p>Le parc du Clos Luc\u00e9 est \u00e9galement un havre de paix et de culture, offrant une balade au c\u0153ur des inspirations et r\u00e9flexions de L\u00e9onard de Vinci. Ponctu\u00e9 de 40 bornes sonores, le parcours invite \u00e0 \u00e9couter des passages des \u00e9crits de Vinci, \u00e9clairant sa vision sur la nature, l&#8217;humanit\u00e9, l&#8217;art et la science.<\/p><p>Cette promenade permet d&#8217;admirer la splendeur et la richesse de la nature, source d&#8217;\u00e9merveillement et d&#8217;inspiration pour Vinci. Le parc abrite aussi un jardin botanique, qui compte plus de 500 vari\u00e9t\u00e9s de plantes m\u00e9dicinales et aromatiques, ainsi qu&#8217;un potager, qui reproduit les cultures du XVIe si\u00e8cle.<\/p><p>Le parc offre une interpr\u00e9tation po\u00e9tique et harmonieuse de la nature, refl\u00e9tant la sensibilit\u00e9 et la curiosit\u00e9 de L\u00e9onard de Vinci.<\/p><h3>\u00c9v\u00e9nements et ateliers : se plonger dans l&#8217;univers de Vinci<\/h3><p>Le parc du Clos Luc\u00e9 propose des \u00e9v\u00e9nements et des ateliers pour une immersion compl\u00e8te dans l&#8217;univers de L\u00e9onard de Vinci. Les Fl\u00e2neries Nocturnes, par exemple, offrent une exp\u00e9rience unique du parc la nuit, agr\u00e9ment\u00e9e de musique, de th\u00e9\u00e2tre et d&#8217;illuminations. L&#8217;exposition &#8220;L\u00e9onard de Vinci et les parfums \u00e0 la Renaissance&#8221; explore le lien de Vinci avec les senteurs et essences \u00e0 travers des cr\u00e9ations olfactives uniques.<\/p><p>Les ateliers, quant \u00e0 eux, vont des constructions de maquettes de machines de Vinci, \u00e0 l&#8217;initiation \u00e0 la peinture \u00e0 l&#8217;huile, en passant par la d\u00e9couverte des plantes du parc et leurs propri\u00e9t\u00e9s. Ces activit\u00e9s, accessibles \u00e0 tous les \u00e2ges, offrent une fa\u00e7on ludique et \u00e9ducative de d\u00e9couvrir le g\u00e9nie de Vinci en famille ou entre amis.<\/p><h2>Conclusion<\/h2><p>Le Clos Luc\u00e9 se pr\u00e9sente comme <a href=\"https:\/\/fr.wikipedia.org\/wiki\/Ch%C3%A2teau_du_Clos_Luc%C3%A9\" target=\"_blank\" rel=\"noopener\">une destination inoubliable,<\/a> ouvrant les portes sur l&#8217;univers fascinant de L\u00e9onard de Vinci, figure embl\u00e9matique de l&#8217;ing\u00e9niosit\u00e9 humaine. En parcourant le domaine du Ch\u00e2teau du Clos Luc\u00e9, les visiteurs ont l&#8217;opportunit\u00e9 unique d&#8217;admirer de pr\u00e8s les inventions novatrices de l&#8217;artiste, ses \u0153uvres d&#8217;art captivantes, ainsi que de visiter sa chambre et sa chapelle, s&#8217;immergeant ainsi pleinement dans l&#8217;ambiance du XVIe si\u00e8cle.<\/p><p>Le parc du Clos Luc\u00e9 compl\u00e8te cette exploration en permettant de vivre une exp\u00e9rience interactive avec les machines con\u00e7ues par Vinci, d&#8217;\u00e9couter ses r\u00e9flexions et de se ressourcer au milieu d&#8217;un cadre naturel exceptionnel.<\/p><p>Destination de choix pour les passionn\u00e9s d&#8217;histoire, d&#8217;art et de science, le Clos Luc\u00e9 promet divertissement et enrichissement culturel. Ne manquez pas cette occasion unique : r\u00e9servez d\u00e8s \u00e0 pr\u00e9sent votre visite pour une plong\u00e9e in\u00e9dite dans le g\u00e9nie de L\u00e9onard de Vinci.<\/p><h2>FAQ<\/h2><h3>Qui est le propri\u00e9taire du Clos Luc\u00e9 ?<\/h3><p>Depuis 1854, le Clos Luc\u00e9 appartient \u00e0 la famille Saint Bris, succ\u00e9dant ainsi \u00e0 la famille d&#8217;Amboise, propri\u00e9taire du domaine depuis le XVIIe si\u00e8cle. Ce lieu est consacr\u00e9 \u00e0 la comm\u00e9moration et \u00e0 l&#8217;\u00e9tude de l&#8217;\u0153uvre de L\u00e9onard de Vinci, qui y a pass\u00e9 les trois derni\u00e8res ann\u00e9es de sa vie.<\/p><h3>O\u00f9 se trouve la tombe de L\u00e9onard de Vinci ?<\/h3><p>La s\u00e9pulture de L\u00e9onard de Vinci est situ\u00e9e dans la chapelle Saint-Hubert du ch\u00e2teau royal d&#8217;Amboise, en France. Toutefois, l&#8217;authenticit\u00e9 des restes qu&#8217;elle renferme est sujet \u00e0 controverse. Initialement, Vinci fut enterr\u00e9 \u00e0 la coll\u00e9giale Saint-Florentin, d\u00e9truite en 1808.<\/p><h3>Quel artiste c\u00e9l\u00e8bre s&#8217;installe au Clos Luc\u00e9 ?<\/h3><p>L\u00e9onard de Vinci est l&#8217;illustre artiste qui s&#8217;est \u00e9tabli au Clos Luc\u00e9. Invit\u00e9 par le roi Fran\u00e7ois Ier en 1516, il y a \u00e9t\u00e9 nomm\u00e9 \u00ab premier peintre, ing\u00e9nieur et architecte du roi \u00bb.<\/p><h3>Quels sont les trois rois li\u00e9s directement ou indirectement \u00e0 l&#8217;histoire du Clos Luc\u00e9 ?<\/h3><p>Charles VIII, Louis XII et Fran\u00e7ois Ier sont les trois monarques directement ou indirectement associ\u00e9s \u00e0 l&#8217;histoire du Clos Luc\u00e9, un ch\u00e2teau embl\u00e9matique situ\u00e9 \u00e0 Amboise, dans le Val de Loire. Ces souverains ont tous s\u00e9journ\u00e9 dans ce lieu et ont entretenu une relation \u00e9troite avec L\u00e9onard de Vinci. Ce dernier y a r\u00e9sid\u00e9 de 1516 jusqu&#8217;\u00e0 son d\u00e9c\u00e8s en 1519, invit\u00e9 par Fran\u00e7ois Ier.<\/p>\t\t\t\t\t\t\t\t<\/div>\n\t\t\t\t\t<\/div>\n\t\t\t\t<\/div>\n\t\t<aside class=\"elementor-element elementor-element-35d14a2 e-flex e-con-boxed e-con e-parent\" data-id=\"35d14a2\" data-element_type=\"container\" data-e-type=\"container\">\n\t\t\t\t\t<div class=\"e-con-inner\">\n\t\t\t\t<div class=\"elementor-element elementor-element-5dd56ee elementor-widget elementor-widget-listeo-posts-grid\" data-id=\"5dd56ee\" data-element_type=\"widget\" data-e-type=\"widget\" data-widget_type=\"listeo-posts-grid.default\">\n\t\t\t\t<div class=\"elementor-widget-container\">\n\t\t\t\t\t\t\t\n\t\t<div class=\"listeo-post-grid-wrapper\">\n\t\t\t<div class=\"row\">\n\n\t\t\t\n\n\t\t\t\t\t\t\t<div class=\"col-md-4\">\n                <a href=\"https:\/\/cparici.com\/en\/eure-et-loir\/\" class=\"blog-compact-item-container\">\n                    <div class=\"blog-compact-item\">\n                        <img decoding=\"async\" width=\"577\" height=\"204\" src=\"https:\/\/cparici.com\/wp-content\/uploads\/2025\/02\/cparici-2025-02-28T181446.343-577x204.jpg\" class=\"attachment-listeo-blog-related-post size-listeo-blog-related-post wp-post-image\" alt=\"Eure et Loir d\u00e9partement\" srcset=\"https:\/\/cparici.com\/wp-content\/uploads\/2025\/02\/cparici-2025-02-28T181446.343-577x204.jpg 577w, https:\/\/cparici.com\/wp-content\/uploads\/2025\/02\/cparici-2025-02-28T181446.343-300x106.jpg 300w, https:\/\/cparici.com\/wp-content\/uploads\/2025\/02\/cparici-2025-02-28T181446.343-1024x362.jpg 1024w, https:\/\/cparici.com\/wp-content\/uploads\/2025\/02\/cparici-2025-02-28T181446.343-768x271.jpg 768w, https:\/\/cparici.com\/wp-content\/uploads\/2025\/02\/cparici-2025-02-28T181446.343-18x6.jpg 18w, https:\/\/cparici.com\/wp-content\/uploads\/2025\/02\/cparici-2025-02-28T181446.343-590x208.jpg 590w, https:\/\/cparici.com\/wp-content\/uploads\/2025\/02\/cparici-2025-02-28T181446.343-1200x424.jpg 1200w, https:\/\/cparici.com\/wp-content\/uploads\/2025\/02\/cparici-2025-02-28T181446.343-600x212.jpg 600w, https:\/\/cparici.com\/wp-content\/uploads\/2025\/02\/cparici-2025-02-28T181446.343.jpg 1500w\" sizes=\"(max-width: 577px) 100vw, 577px\" \/><span class=\"blog-item-tag\">Centre Val de Loire<\/span>                        \n                        <div class=\"blog-compact-item-content\">\n                                                        <h3>Eure-et-Loir d\u00e9partement : Voyage au c\u0153ur de l&#8217;authentique<\/h3>\n                                                        <p>Recherches populaires Categories Pas de r\u00e9sultats Voir tous les r\u00e9sultats Eure-et-Loir d\u00e9partement Situ\u00e9 au c\u0153ur...                            <\/p>\n                                                    <\/div>\n                    <\/div>\n                <\/a>\n            <\/div>\n\t\t\t<div class=\"col-md-4\">\n                <a href=\"https:\/\/cparici.com\/en\/chateau-d-amboise\/\" class=\"blog-compact-item-container\">\n                    <div class=\"blog-compact-item\">\n                        <img decoding=\"async\" width=\"577\" height=\"204\" src=\"https:\/\/cparici.com\/wp-content\/uploads\/2024\/07\/chateau-damboise.jpg\" class=\"attachment-listeo-blog-related-post size-listeo-blog-related-post wp-post-image\" alt=\"chateau d&#039;amboise\" srcset=\"https:\/\/cparici.com\/wp-content\/uploads\/2024\/07\/chateau-damboise.jpg 1500w, https:\/\/cparici.com\/wp-content\/uploads\/2024\/07\/chateau-damboise-600x212.jpg 600w, https:\/\/cparici.com\/wp-content\/uploads\/2024\/07\/chateau-damboise-300x106.jpg 300w, https:\/\/cparici.com\/wp-content\/uploads\/2024\/07\/chateau-damboise-1024x362.jpg 1024w, https:\/\/cparici.com\/wp-content\/uploads\/2024\/07\/chateau-damboise-768x271.jpg 768w\" sizes=\"(max-width: 577px) 100vw, 577px\" \/><span class=\"blog-item-tag\">Amboise<\/span>                        \n                        <div class=\"blog-compact-item-content\">\n                                                        <h3>Chateau d&#8217;Amboise: guide complet, horaires, tarifs, acc\u00e8s<\/h3>\n                                                        <p>Explorez le ch\u00e2teau d'Amboise, un monument historique qui domine la Loire. Suivez notre guide pour...                            <\/p>\n                                                    <\/div>\n                    <\/div>\n                <\/a>\n            <\/div>\n\t\t\t<div class=\"col-md-4\">\n                <a href=\"https:\/\/cparici.com\/en\/loiret\/\" class=\"blog-compact-item-container\">\n                    <div class=\"blog-compact-item\">\n                        <img decoding=\"async\" width=\"577\" height=\"204\" src=\"https:\/\/cparici.com\/wp-content\/uploads\/2025\/02\/cparici-2025-02-28T191037.078-577x204.jpg\" class=\"attachment-listeo-blog-related-post size-listeo-blog-related-post wp-post-image\" alt=\"Loiret d\u00e9partement\" srcset=\"https:\/\/cparici.com\/wp-content\/uploads\/2025\/02\/cparici-2025-02-28T191037.078-577x204.jpg 577w, https:\/\/cparici.com\/wp-content\/uploads\/2025\/02\/cparici-2025-02-28T191037.078-300x106.jpg 300w, https:\/\/cparici.com\/wp-content\/uploads\/2025\/02\/cparici-2025-02-28T191037.078-1024x362.jpg 1024w, https:\/\/cparici.com\/wp-content\/uploads\/2025\/02\/cparici-2025-02-28T191037.078-768x271.jpg 768w, https:\/\/cparici.com\/wp-content\/uploads\/2025\/02\/cparici-2025-02-28T191037.078-18x6.jpg 18w, https:\/\/cparici.com\/wp-content\/uploads\/2025\/02\/cparici-2025-02-28T191037.078-590x208.jpg 590w, https:\/\/cparici.com\/wp-content\/uploads\/2025\/02\/cparici-2025-02-28T191037.078-1200x424.jpg 1200w, https:\/\/cparici.com\/wp-content\/uploads\/2025\/02\/cparici-2025-02-28T191037.078-600x212.jpg 600w, https:\/\/cparici.com\/wp-content\/uploads\/2025\/02\/cparici-2025-02-28T191037.078.jpg 1500w\" sizes=\"(max-width: 577px) 100vw, 577px\" \/><span class=\"blog-item-tag\">Centre Val de Loire<\/span>                        \n                        <div class=\"blog-compact-item-content\">\n                                                        <h3>Loiret &#8211; \u00e0 la d\u00e9couverte du d\u00e9partement<\/h3>\n                                                        <p>Recherches populaires Categories Pas de r\u00e9sultats Voir tous les r\u00e9sultats Loiret &#8211; le d\u00e9partement \u00c0...                            <\/p>\n                                                    <\/div>\n                    <\/div>\n                <\/a>\n            <\/div>\n  <\/div>\n        <\/div>\n        \t\t\t\t<\/div>\n\t\t\t\t<\/div>\n\t\t\t\t\t<\/div>\n\t\t\t\t<\/aside>\n\t\t\t\t<\/div>\n\t\t","protected":false},"excerpt":{"rendered":"<p>Partez sur les traces de L\u00e9onard de Vinci au clos luc\u00e9. Ce guide vous fait d\u00e9couvrir le ch\u00e2teau et son parc, qui abritent des tr\u00e9sors d&#8217;art et de science.<\/p>","protected":false},"author":1,"featured_media":41852,"comment_status":"closed","ping_status":"open","sticky":false,"template":"","format":"standard","meta":{"ngg_post_thumbnail":0,"footnotes":""},"categories":[1241,605,477,997],"tags":[375],"class_list":["post-41848","post","type-post","status-publish","format-standard","has-post-thumbnail","hentry","category-amboise","category-centre-val-de-loire","category-france","category-indre-et-loire","tag-chateaux"],"_links":{"self":[{"href":"https:\/\/cparici.com\/en\/wp-json\/wp\/v2\/posts\/41848","targetHints":{"allow":["GET"]}}],"collection":[{"href":"https:\/\/cparici.com\/en\/wp-json\/wp\/v2\/posts"}],"about":[{"href":"https:\/\/cparici.com\/en\/wp-json\/wp\/v2\/types\/post"}],"author":[{"embeddable":true,"href":"https:\/\/cparici.com\/en\/wp-json\/wp\/v2\/users\/1"}],"replies":[{"embeddable":true,"href":"https:\/\/cparici.com\/en\/wp-json\/wp\/v2\/comments?post=41848"}],"version-history":[{"count":0,"href":"https:\/\/cparici.com\/en\/wp-json\/wp\/v2\/posts\/41848\/revisions"}],"wp:featuredmedia":[{"embeddable":true,"href":"https:\/\/cparici.com\/en\/wp-json\/wp\/v2\/media\/41852"}],"wp:attachment":[{"href":"https:\/\/cparici.com\/en\/wp-json\/wp\/v2\/media?parent=41848"}],"wp:term":[{"taxonomy":"category","embeddable":true,"href":"https:\/\/cparici.com\/en\/wp-json\/wp\/v2\/categories?post=41848"},{"taxonomy":"post_tag","embeddable":true,"href":"https:\/\/cparici.com\/en\/wp-json\/wp\/v2\/tags?post=41848"}],"curies":[{"name":"wp","href":"https:\/\/api.w.org\/{rel}","templated":true}]}}