{"id":41877,"date":"2024-07-27T09:44:48","date_gmt":"2024-07-27T07:44:48","guid":{"rendered":"https:\/\/cparici.com\/?p=41877"},"modified":"2026-01-11T08:50:29","modified_gmt":"2026-01-11T07:50:29","slug":"chateau-dusse","status":"publish","type":"post","link":"https:\/\/cparici.com\/en\/chateau-dusse\/","title":{"rendered":"Chateau d'Uss\u00e9 - The Sleeping Beauty tale"},"content":{"rendered":"\t\t<div data-elementor-type=\"wp-post\" data-elementor-id=\"41877\" class=\"elementor elementor-41877\" data-elementor-post-type=\"post\">\n\t\t\t\t<div class=\"elementor-element elementor-element-81b4532 e-con-full e-flex e-con e-parent\" data-id=\"81b4532\" data-element_type=\"container\" data-e-type=\"container\">\n\t\t\t\t<div class=\"elementor-element elementor-element-7dc254c elementor-widget elementor-widget-image\" data-id=\"7dc254c\" data-element_type=\"widget\" data-e-type=\"widget\" data-widget_type=\"image.default\">\n\t\t\t\t\t\t\t\t\t\t\t\t\t\t\t<img decoding=\"async\" width=\"1526\" height=\"530\" src=\"https:\/\/cparici.com\/wp-content\/uploads\/2024\/07\/chateau-dusse-belle-au-bois-dormant.jpg\" class=\"attachment-full size-full wp-image-41878\" alt=\"chateau d&#039;Uss\u00e9 belle au bois dormant\" srcset=\"https:\/\/cparici.com\/wp-content\/uploads\/2024\/07\/chateau-dusse-belle-au-bois-dormant.jpg 1526w, https:\/\/cparici.com\/wp-content\/uploads\/2024\/07\/chateau-dusse-belle-au-bois-dormant-600x208.jpg 600w, https:\/\/cparici.com\/wp-content\/uploads\/2024\/07\/chateau-dusse-belle-au-bois-dormant-300x104.jpg 300w, https:\/\/cparici.com\/wp-content\/uploads\/2024\/07\/chateau-dusse-belle-au-bois-dormant-1024x356.jpg 1024w, https:\/\/cparici.com\/wp-content\/uploads\/2024\/07\/chateau-dusse-belle-au-bois-dormant-768x267.jpg 768w\" sizes=\"(max-width: 1526px) 100vw, 1526px\" \/>\t\t\t\t\t\t\t\t\t\t\t\t\t\t\t<\/div>\n\t\t\t\t<\/div>\n\t\t<nav class=\"elementor-element elementor-element-fb02762 e-flex e-con-boxed e-con e-parent\" data-id=\"fb02762\" data-element_type=\"container\" data-e-type=\"container\">\n\t\t\t\t\t<div class=\"e-con-inner\">\n\t\t\t\t<div class=\"elementor-element elementor-element-793278e elementor-widget elementor-widget-global elementor-global-62046 elementor-widget-eael-advanced-search\" data-id=\"793278e\" data-element_type=\"widget\" data-e-type=\"widget\" data-widget_type=\"eael-advanced-search.default\">\n\t\t\t\t\t        <div class=\"eael-adv-search-wrapper\">\n            <div id=\"eael-advanced-search-widget-793278e\" class=\"eael-advanced-search-widget\">\n                <form data-settings=\"{&quot;post_per_page&quot;:5,&quot;search_among_taxonomies&quot;:&quot;&quot;,&quot;search_among_sku&quot;:&quot;no&quot;,&quot;show_popular_keyword&quot;:0,&quot;show_category&quot;:0,&quot;show_content_image&quot;:1,&quot;show_search_result_all_results&quot;:0,&quot;result_on_new_tab&quot;:&quot;no&quot;,&quot;show_product_price&quot;:&quot;no&quot;,&quot;include_current_page&quot;:&quot;no&quot;,&quot;current_post_id&quot;:41877,&quot;post_type&quot;:[&quot;post&quot;,&quot;listing&quot;]}\" method=\"POST\" name=\"eael-advanced-search-form-793278e\" class=\"eael-advanced-search-form eael-advanced-search-form-style-2\">\n                    <div class=\"eael-advanced-search-wrap\">\n                        <span class=\"eael-adv-search-loader\"><\/span>\n                        <span class=\"eael-adv-search-close\"><i class=\"fas fa-times\"><\/i><\/span>\n                        <span class=\"icon \"><i class=\"fas fa-search\"><\/i><\/span>\n\n                        <input type=\"text\"\n                               placeholder=\"Votre destination\"\n                               class=\"eael-advanced-search\" autocomplete=\"off\" name=\"eael_advanced_search\">\n                    <\/div>\n\t\t\t\t\t                                    <\/form>\n\n\t\t\t\t\n\t\t\t\t        <div class=\"eael-advanced-search-result\">\n            <div class=\"eael-advanced-search-popular-keyword\">\n\t\t\t\t<h4 class=\"eael-advanced-search-popular-keyword-text\">Recherches populaires<\/h4>                <div class=\"eael-popular-keyword-content\"><\/div>\n            <\/div>\n            <div class=\"eael-advanced-search-category\">\n\t\t\t\t<h4 class=\"eael-advanced-search-category-text\">Categories<\/h4>                <div class=\"eael-popular-category-content\"><\/div>\n            <\/div>\n\t\t\t<div class=\"eael-advanced-search-total-results-section\">\n\t\t\t\t\t\t\t<\/div>\n            <div class=\"eael-advanced-search-content eael-item-style-3\">\n            <\/div>\n            <div class=\"eael-advanced-search-not-found\">\n                <p>Pas de r\u00e9sultats<\/p><\/div>\n            <div class=\"eael-advanced-search-load-more\">\n\t\t\t\t<a \tclass=\"eael-advanced-search-load-more-button\"\n                \thref=\"#\">Voir tous les r\u00e9sultats<\/a>\n            <\/div>\n        <\/div>\n\n\t\t            <\/div>\n        <\/div>\n\n\t\t\t\t\t\t<\/div>\n\t\t\t\t\t<\/div>\n\t\t\t\t<\/nav>\n\t\t<div class=\"elementor-element elementor-element-7c4eb5c1 e-flex e-con-boxed e-con e-parent\" data-id=\"7c4eb5c1\" data-element_type=\"container\" data-e-type=\"container\">\n\t\t\t\t\t<div class=\"e-con-inner\">\n\t\t\t\t<div class=\"elementor-element elementor-element-44e4db8e elementor-widget elementor-widget-text-editor\" data-id=\"44e4db8e\" data-element_type=\"widget\" data-e-type=\"widget\" data-widget_type=\"text-editor.default\">\n\t\t\t\t\t\t\t\t\t<h1 style=\"text-align: center;\"><span style=\"font-size: 18pt;\"><strong>Le Chateau d&#8217;Uss\u00e9<\/strong><\/span><\/h1><p><strong>Le Chateau d&#8217;Uss\u00e9<\/strong>, un joyau des ch\u00e2teaux <a href=\"https:\/\/cparici.com\/fr\/chateau-de-la-loire\/\">de la Loire<\/a> situ\u00e9 a Rigny-Uss\u00e9, en <a href=\"https:\/\/cparici.com\/fr\/indre-et-loire\/\">Indre et Loire<\/a>, dans la r\u00e9gion <a href=\"https:\/\/cparici.com\/fr\/centre-val-de-loire-guide-complet-des-activites-et-sites-a-visiter\/\">Centre-Val de Loire<\/a>, b\u00e9n\u00e9ficie du prestigieux classement au patrimoine mondial de l&#8217;UNESCO. Ce lieu enchanteur est r\u00e9put\u00e9 pour avoir \u00e9t\u00e9 la muse de Charles Perrault pour son c\u00e9l\u00e8bre conte, la Belle au Bois Dormant.<\/p><p>Plongez dans l&#8217;histoire et la l\u00e9gende de ce domaine f\u00e9\u00e9rique, o\u00f9 se rencontrent architecture, art et nature.<\/p><h2>Une immersion dans l&#8217;histoire et la l\u00e9gende du Chateau d&#8217;Uss\u00e9<\/h2><p>Le Chateau d&#8217;Uss\u00e9 transcende son statut de monument historique pour devenir un univers o\u00f9 r\u00eave et imaginaire prennent vie. Il est la source d&#8217;inspiration du c\u00e9l\u00e8bre conte de f\u00e9es, la Belle au Bois Dormant.<\/p><p>Comment le ch\u00e2teau a-t-il inspir\u00e9 une l\u00e9gende ? D\u00e9couvrons son histoire fascinante.<\/p><p>Dans cette section, nous allons explorer l&#8217;origine de cette inspiration l\u00e9gendaire.<\/p><h3>L&#8217;inspiration derri\u00e8re la l\u00e9gende<\/h3><p>\u00c9rig\u00e9 entre le XVe et le XVIIIe si\u00e8cle le long de l&#8217;Indre, dans le Val de Loire, le Chateau d&#8217;Uss\u00e9 est un chef-d&#8217;\u0153uvre architectural combinant les styles gothique, Renaissance et classique. Ses jardins, \u0153uvre du c\u00e9l\u00e8bre Le N\u00f4tre, et ses terrasses, con\u00e7ues par Vauban, ajoutent \u00e0 sa splendeur. Une chapelle Renaissance, richement orn\u00e9e, et un int\u00e9rieur raffin\u00e9, accueillant \u0153uvres d&#8217;art et objets pr\u00e9cieux, compl\u00e8tent son charme.<\/p><p>Ce qui distingue le Ch\u00e2teau d&#8217;Uss\u00e9 et lui conf\u00e8re sa renomm\u00e9e mondiale, c&#8217;est son association avec le conte de la Belle au Bois Dormant. Charles Perrault, s\u00e9duit par la majest\u00e9 du ch\u00e2teau, y aurait trouv\u00e9 l&#8217;inspiration pour son conte. Une tapisserie d&#8217;Endymion, plong\u00e9 dans un sommeil \u00e9ternel, aurait \u00e9galement aliment\u00e9 son imagination. Ainsi, le ch\u00e2teau est entr\u00e9 dans la l\u00e9gende, incarnant le lieu de repos de la princesse enchant\u00e9e.<\/p><h3>La r\u00e9alit\u00e9 historique du Ch\u00e2teau d&#8217;Uss\u00e9<\/h3><p>Le Ch\u00e2teau d&#8217;Uss\u00e9 poss\u00e8de une histoire riche, marqu\u00e9e par les \u00e9poques et les propri\u00e9taires illustres.<\/p><p>Son \u00e9volution historique se d\u00e9taille comme suit :<\/p><ul><li>Au XIe si\u00e8cle, une forteresse en bois et en pierre est \u00e9rig\u00e9e par Gelduin Ier pour se d\u00e9fendre des invasions.<\/li><li>Au XIIIe si\u00e8cle, le comte de Blois transforme le site en une forteresse de pierre de forme carr\u00e9e, avec un donjon et des tours d&#8217;angle.<\/li><li>Au XVe si\u00e8cle, Jean V de Bueil, compagnon de Jeanne d&#8217;Arc, d\u00e9bute la construction du ch\u00e2teau actuel, marquant le d\u00e9but de son histoire riche.<\/li><li>La Renaissance voit le ch\u00e2teau se transformer sous l&#8217;impulsion de Charles d&#8217;Espinay et sa femme Lucr\u00e8ce de Pons, avec la construction du corps central et de la deuxi\u00e8me chapelle.<\/li><li>Au XVIIe si\u00e8cle, le ch\u00e2teau devient une demeure de plaisance et est \u00e9lev\u00e9 au rang de marquisat, accueillant m\u00eame Louis XIV.<\/li><li>Le XVIIIe si\u00e8cle est marqu\u00e9 par des embellissements et modernisations, ajoutant \u00e0 la splendeur du ch\u00e2teau.<\/li><li>Au XIXe si\u00e8cle, le duc de Duras, \u00e9crivain et homme politique, y accueille des invit\u00e9s prestigieux, et Charles Perrault y puise l&#8217;inspiration pour son conte.<\/li><li>Au XXe si\u00e8cle, le ch\u00e2teau, ouvert au public, c\u00e9l\u00e8bre la l\u00e9gende de la Belle au Bois Dormant \u00e0 travers une sc\u00e9nographie d\u00e9di\u00e9e.<\/li><\/ul><p>Le Ch\u00e2teau d&#8217;Uss\u00e9 est ainsi un \u00e9difice embl\u00e9matique, m\u00ealant histoire et l\u00e9gende, et figure parmi les ch\u00e2teaux de la Loire les plus admir\u00e9s et visit\u00e9s.<\/p><h2>La visite du Ch\u00e2teau d&#8217;Uss\u00e9 : entre r\u00eave et r\u00e9alit\u00e9<\/h2><p>Le Ch\u00e2teau d&#8217;Uss\u00e9 est une porte ouverte sur un univers o\u00f9 l&#8217;histoire et la l\u00e9gende se c\u00f4toient, o\u00f9 le r\u00e9el se m\u00eale \u00e0 l&#8217;imaginaire. Cette visite vous transportera dans un monde f\u00e9erique, \u00e0 travers les somptueux int\u00e9rieurs du ch\u00e2teau, ses jardins enchant\u00e9s et des expositions d\u00e9di\u00e9es \u00e0 la Belle au Bois Dormant.<\/p><p>D\u00e9couvrez ce qui vous attend :<\/p><h3>D\u00e9couverte des int\u00e9rieurs : une plong\u00e9e dans un conte de f\u00e9es<\/h3><p>Explorez les int\u00e9rieurs raffin\u00e9s du Ch\u00e2teau d&#8217;Uss\u00e9, o\u00f9 chaque pi\u00e8ce raconte une histoire, refl\u00e9tant l&#8217;histoire et l&#8217;\u00e9volution architecturale du ch\u00e2teau. Parmi les incontournables :<\/p><ul><li>La salle \u00e0 manger du XVIIIe si\u00e8cle, orn\u00e9e de porcelaines de S\u00e8vres et de Chantilly.<\/li><li>Le salon des portraits, avec ses repr\u00e9sentations des illustres propri\u00e9taires du ch\u00e2teau.<\/li><li>La biblioth\u00e8que, abritant plus de 12 000 ouvrages, dont des \u00e9ditions rares.<\/li><li>La chambre du roi, t\u00e9moin de la visite de Louis XIV en 1689, d\u00e9cor\u00e9e de tapisseries des Gobelins.<\/li><li>La chambre de la reine, autrefois occup\u00e9e par Jeanne de Valois, orn\u00e9e de boiseries et de peintures.<\/li><li>La chapelle Renaissance, un joyau architectural avec ses vitraux et sculptures.<\/li><\/ul><p>Vivez le conte de la Belle au Bois Dormant \u00e0 travers une sc\u00e9nographie captivante dans le donjon, o\u00f9 chaque sc\u00e8ne est recr\u00e9\u00e9e avec des personnages de cire et des d\u00e9cors qui \u00e9voquent les moments cl\u00e9s du r\u00e9cit.<\/p><p>Plongez dans un univers magique qui ravira petits et grands.<\/p><h3>Les jardins du Ch\u00e2teau d&#8217;Uss\u00e9 : une promenade enchant\u00e9e<\/h3><p>Entour\u00e9 de jardins class\u00e9s Jardin Remarquable, con\u00e7us par Le N\u00f4tre et Vauban, le Ch\u00e2teau d&#8217;Uss\u00e9 offre des panoramas \u00e9poustouflants sur la vall\u00e9e de l&#8217;Indre et la for\u00eat de Chinon. D\u00e9couvrez :<\/p><ul><li>Les jardins \u00e0 la fran\u00e7aise, avec leurs parterres de fleurs et bassins.<\/li><li>Les terrasses offrant une vue imprenable sur les environs.<\/li><li>Le parc \u00e0 l&#8217;anglaise, un havre de paix avec ses pelouses et arbres majestueux.<\/li><li>Le potager, espace de production o\u00f9 poussent l\u00e9gumes, fruits et plantes aromatiques.<\/li><li>Le parc animalier, accueillant des animaux de la ferme.<\/li><\/ul><p>Ces jardins sont un v\u00e9ritable \u00e9crin de nature, propice \u00e0 la d\u00e9tente et \u00e0 la d\u00e9couverte, et sont le th\u00e9\u00e2tre de nombreuses animations culturelles.<\/p><h3>Les expositions th\u00e9matiques : la Belle au Bois Dormant \u00e0 l&#8217;honneur<\/h3><p>Le Ch\u00e2teau d&#8217;Uss\u00e9 enrichit votre visite avec des expositions th\u00e9matiques autour de la Belle au Bois Dormant, offrant :<\/p><ul><li>&#8220;La Belle au Bois Dormant, de Perrault \u00e0 Disney&#8221;, une exposition qui explore l&#8217;\u00e9volution du conte \u00e0 travers les \u00e2ges.<\/li><li>&#8220;Les robes de la Belle au Bois Dormant&#8221;, pr\u00e9sentant des robes de princesse inspir\u00e9es du conte, cr\u00e9\u00e9es par des designers de renom.<\/li><li>&#8220;Les poup\u00e9es de la Belle au Bois Dormant&#8221;, une collection de poup\u00e9es anciennes repr\u00e9sentant les personnages du conte.<\/li><\/ul><p>Ces expositions sont une invitation \u00e0 d\u00e9couvrir la richesse et la diversit\u00e9 du conte de la Belle au Bois Dormant, qui continue de captiver l&#8217;imaginaire collectif.<\/p><h2>L&#8217;influence culturelle du Chateau d&#8217;Uss\u00e9<\/h2><p>Le Ch\u00e2teau d&#8217;Uss\u00e9, bien plus qu&#8217;un simple monument historique, est une v\u00e9ritable muse pour la litt\u00e9rature et les arts. Il a laiss\u00e9 une empreinte ind\u00e9l\u00e9bile sur de nombreux \u00e9crivains, artistes et cin\u00e9astes, inspirant le c\u00e9l\u00e8bre conte de la Belle au Bois Dormant et d&#8217;autres hommages.<\/p><p>Explorons l&#8217;\u00e9tendue de l&#8217;influence culturelle du Ch\u00e2teau d&#8217;Uss\u00e9 :<\/p><h3>Le Chateau d&#8217;Uss\u00e9 dans la litt\u00e9rature et les arts<\/h3><p>Le Ch\u00e2teau d&#8217;Uss\u00e9 a \u00e9t\u00e9 immortalis\u00e9 dans de nombreuses \u0153uvres litt\u00e9raires et artistiques, contribuant ainsi \u00e0 sa renomm\u00e9e. Citons notamment :<\/p><ul><li>Le conte de la Belle au Bois Dormant de Charles Perrault, \u00e9crit au XVIIe si\u00e8cle. Inspir\u00e9 par le ch\u00e2teau, ce r\u00e9cit est devenu un classique, adapt\u00e9 en ballet par Tcha\u00efkovski, en film par Cocteau et en dessin anim\u00e9 par Disney.<\/li><li>Les M\u00e9moires d&#8217;outre-tombe de Fran\u00e7ois-Ren\u00e9 de Chateaubriand, qui narrent les s\u00e9jours de l&#8217;auteur au ch\u00e2teau, invit\u00e9 par la duchesse de Duras. Chateaubriand a enrichi le parc de c\u00e8dres du Liban, toujours pr\u00e9sents.<\/li><li>La Princesse de Cl\u00e8ves de Madame de La Fayette, un roman du XVIIe si\u00e8cle qui met en sc\u00e8ne une histoire d&#8217;amour tragique \u00e0 la cour d&#8217;Henri II, avec le ch\u00e2teau comme refuge de la princesse veuve.<\/li><li>Le tableau Le Ch\u00e2teau d&#8217;Uss\u00e9 par Hubert Robert, qui capture le ch\u00e2teau dans un d\u00e9cor idyllique. Cette \u0153uvre fait partie d&#8217;une s\u00e9rie sur les ch\u00e2teaux de la Loire, commandit\u00e9e par le duc de Choiseul.<\/li><\/ul><p>Ces cr\u00e9ations soulignent le r\u00f4le du Ch\u00e2teau d&#8217;Uss\u00e9 comme source d&#8217;inspiration et d&#8217;\u00e9merveillement.<\/p><h3>Uss\u00e9 aujourd&#8217;hui : symbole de la culture populaire et du r\u00eave<\/h3><p>De nos jours, le Ch\u00e2teau d&#8217;Uss\u00e9 est un embl\u00e8me de la culture populaire et de l&#8217;imaginaire, attirant des visiteurs des quatre coins du globe. Il sert d&#8217;\u00e9crin \u00e0 de nombreuses manifestations culturelles :<\/p><ul><li>Le festival des roses, c\u00e9l\u00e9br\u00e9 chaque juin, honore la floraison des roses avec des animations et des concerts.<\/li><li>Le spectacle nocturne d&#8217;\u00e9t\u00e9, qui offre une interpr\u00e9tation magique de l&#8217;histoire du ch\u00e2teau et du conte de la Belle au Bois Dormant gr\u00e2ce \u00e0 des jeux de lumi\u00e8re et de son.<\/li><li>Le march\u00e9 de No\u00ebl, transformant le ch\u00e2teau en un village f\u00e9erique, avec des chalets, des animations et des produits r\u00e9gionaux, pour une immersion dans les traditions locales.<\/li><\/ul><p>Le Ch\u00e2teau d&#8217;Uss\u00e9 reste ainsi un lieu de r\u00eave et d&#8217;\u00e9vasion, m\u00ealant culture, nature et enchantement.<\/p><h2>Chateau d&#8217;Uss\u00e9 &#8211; Conclusion<\/h2><p>Le Ch\u00e2teau d&#8217;Uss\u00e9 repr\u00e9sente <a href=\"https:\/\/fr.wikipedia.org\/wiki\/Ch%C3%A2teau_d%27Uss%C3%A9\" target=\"_blank\" rel=\"noopener\">une destination magique<\/a>, offrant une fusion parfaite entre histoire et l\u00e9gende, culture et nature, r\u00eave et r\u00e9alit\u00e9. Ce lieu d&#8217;exception a \u00e9t\u00e9 la source d&#8217;inspiration du c\u00e9l\u00e8bre conte de la Belle au Bois Dormant, captivant \u00e9crivains et artistes \u00e0 travers les \u00e2ges.<\/p><p>Lors de votre visite, vous aurez l&#8217;occasion d&#8217;explorer les somptueux int\u00e9rieurs du ch\u00e2teau, am\u00e9nag\u00e9s avec \u00e9l\u00e9gance et orn\u00e9s de d\u00e9cors qui donnent vie au conte, gr\u00e2ce \u00e0 des personnages de cire saisissants de r\u00e9alisme. Les jardins, classifi\u00e9s comme Jardin Remarquable, vous invitent \u00e0 une promenade m\u00e9morable, offrant des vues spectaculaires sur la vall\u00e9e de l&#8217;Indre et la for\u00eat de Chinon. Ne manquez pas les expositions th\u00e9matiques enrichissantes, c\u00e9l\u00e9brant la Belle au Bois Dormant \u00e0 travers une vari\u00e9t\u00e9 de m\u00e9dias, incluant illustrations, livres, costumes et poup\u00e9es.<\/p><p>Le Ch\u00e2teau d&#8217;Uss\u00e9 est une invitation \u00e0 l&#8217;\u00e9merveillement, un voyage \u00e0 travers le temps et l&#8217;imaginaire. R\u00e9servez sans tarder votre visite et laissez-vous transporter dans l&#8217;univers enchant\u00e9 du ch\u00e2teau de la Belle au Bois Dormant !<\/p><h2>Chateau d&#8217;Uss\u00e9 &#8211; FAQ<\/h2><h3>Qui a r\u00e9sid\u00e9 au chateau d&#8217;Uss\u00e9 ?<\/h3><p>Le ch\u00e2teau d&#8217;Uss\u00e9 a \u00e9t\u00e9 le domicile de nombreux seigneurs et familles illustres au fil des si\u00e8cles. Parmi eux figurent Jean V de Bueil, un compagnon de Jeanne d&#8217;Arc, Charles d&#8217;Espinay et Lucr\u00e8ce de Pons, responsables de l&#8217;\u00e9dification de la chapelle Renaissance. Le Marquis de Valentinay, descendant du contr\u00f4leur des finances de Louis XIV, ainsi que le duc de Blacas et sa famille, qui y r\u00e9sident encore de nos jours, font \u00e9galement partie de cette liste.<\/p><h3>Pourquoi le chateau d&#8217;Uss\u00e9 est-il associ\u00e9 \u00e0 La Belle au bois dormant ?<\/h3><p>Le ch\u00e2teau d&#8217;Uss\u00e9 est c\u00e9l\u00e8bre pour avoir inspir\u00e9 Charles Perrault dans l&#8217;\u00e9criture de son conte embl\u00e9matique, La Belle au bois dormant. La l\u00e9gende raconte que lors de sa visite, Perrault a \u00e9t\u00e9 captiv\u00e9 par le romantisme exceptionnel du ch\u00e2teau.<\/p><h3>O\u00f9 se trouve le ch\u00e2teau de La Belle au bois dormant ?<\/h3><p>Le ch\u00e2teau de La Belle au bois dormant est associ\u00e9 \u00e0 plusieurs lieux. En Allemagne, le ch\u00e2teau de Sababurg est r\u00e9put\u00e9 \u00eatre le cadre du conte original. En France, l<strong>e chateau d&#8217;Uss\u00e9 est celui qui a inspir\u00e9 Charles Perrault pour son \u0153uvre<\/strong>. Quant au ch\u00e2teau de Disneyland \u00e0 Paris, il repr\u00e9sente la version imagin\u00e9e par Disney pour son film d&#8217;animation.<\/p><h3>O\u00f9 a \u00e9t\u00e9 tourn\u00e9 La Belle au bois dormant ?<\/h3><p>La Belle au bois dormant, conte populaire ayant connu de nombreuses adaptations, n&#8217;a pas de lieu de tournage unique. Cependant, certains lieux ont inspir\u00e9 ou servi de d\u00e9cors \u00e0 ces adaptations. Le Ch\u00e2teau d&#8217;Uss\u00e9 est souvent cit\u00e9 comme l&#8217;inspiration pour le conte de Perrault. Le Ch\u00e2teau de Pierrefonds a, quant \u00e0 lui, inspir\u00e9 la version Disney et a accueilli le tournage de divers films et s\u00e9ries. Enfin, le Palais Garnier \u00e0 Paris est c\u00e9l\u00e8bre pour avoir vu Rudolf Noureev incarner le Prince dans le ballet La Belle au bois dormant en 1961.<\/p>\t\t\t\t\t\t\t\t<\/div>\n\t\t\t\t\t<\/div>\n\t\t\t\t<\/div>\n\t\t<div class=\"elementor-element elementor-element-53584638 e-flex e-con-boxed e-con e-parent\" data-id=\"53584638\" data-element_type=\"container\" data-e-type=\"container\">\n\t\t\t\t\t<div class=\"e-con-inner\">\n\t\t<div class=\"elementor-element elementor-element-6392992 e-con-full e-flex e-con e-child\" data-id=\"6392992\" data-element_type=\"container\" data-e-type=\"container\">\n\t\t\t\t<div class=\"elementor-element elementor-element-3689605d elementor-widget elementor-widget-text-editor\" data-id=\"3689605d\" data-element_type=\"widget\" data-e-type=\"widget\" data-widget_type=\"text-editor.default\">\n\t\t\t\t\t\t\t\t\t<p>Cet article a \u00e9t\u00e9 r\u00e9dig\u00e9 par Alex Arts,\u00a0<a href=\"https:\/\/alexantoine-photos.weebly.com\/\" target=\"_blank\" rel=\"noopener\">photographe<\/a>,\u00a0<a href=\"https:\/\/www.linkedin.com\/in\/alex-b-arts\/\" target=\"_blank\" rel=\"noopener\">cr\u00e9ateur de contenu<\/a>, et <a href=\"https:\/\/www.google.com\/maps\/contrib\/100986619723712834113\/reviews\/@45.8933481,-4.1449199,6z\/data=!4m3!8m2!3m1!1e1?entry=ttu&amp;g_ep=EgoyMDI1MTIwOS4wIKXMDSoKLDEwMDc5MjA2OUgBUAM%3D\" target=\"_blank\" rel=\"noopener\">guide local de niveau 5 sur Google Maps<\/a><\/p>\t\t\t\t\t\t\t\t<\/div>\n\t\t\t\t<div class=\"elementor-element elementor-element-e3de203 elementor-widget elementor-widget-author-box\" data-id=\"e3de203\" data-element_type=\"widget\" data-e-type=\"widget\" data-widget_type=\"author-box.default\">\n\t\t\t\t\t\t\t<div class=\"elementor-author-box\">\n\t\t\t\t\t\t\t<a href=\"https:\/\/www.linkedin.com\/in\/alex-b-arts\/\" class=\"elementor-author-box__avatar\" target=\"_blank\" rel=\"noopener\">\n\t\t\t\t\t<img decoding=\"async\" src=\"https:\/\/cparici.com\/wp-content\/uploads\/2024\/09\/photo-alex-arts-300x300.jpeg\" alt=\"Picture of Alex Arts\" loading=\"lazy\">\n\t\t\t\t<\/a>\n\t\t\t\n\t\t\t<div class=\"elementor-author-box__text\">\n\t\t\t\t\t\t\t\t\t<a href=\"https:\/\/www.linkedin.com\/in\/alex-b-arts\/\" target=\"_blank\" rel=\"noopener\">\n\t\t\t\t\t\t<h4 class=\"elementor-author-box__name\">\n\t\t\t\t\t\t\tAlex Arts\t\t\t\t\t\t<\/h4>\n\t\t\t\t\t<\/a>\n\t\t\t\t\n\t\t\t\t\t\t\t\t\t<div class=\"elementor-author-box__bio\">\n\t\t\t\t\t\t<p>Photographe, cr\u00e9ateur de contenu et local guide<\/p>\n\t\t\t\t\t<\/div>\n\t\t\t\t\n\t\t\t\t\t\t\t<\/div>\n\t\t<\/div>\n\t\t\t\t\t\t<\/div>\n\t\t\t\t<\/div>\n\t\t\t\t\t<\/div>\n\t\t\t\t<\/div>\n\t\t<div class=\"elementor-element elementor-element-51219a8 e-flex e-con-boxed e-con e-parent\" data-id=\"51219a8\" data-element_type=\"container\" data-e-type=\"container\">\n\t\t\t\t\t<div class=\"e-con-inner\">\n\t\t\t\t<div class=\"elementor-element elementor-element-7657e25 elementor-widget elementor-widget-listeo-posts-grid\" data-id=\"7657e25\" data-element_type=\"widget\" data-e-type=\"widget\" data-widget_type=\"listeo-posts-grid.default\">\n\t\t\t\t<div class=\"elementor-widget-container\">\n\t\t\t\t\t\t\t\n\t\t<div class=\"listeo-post-grid-wrapper\">\n\t\t\t<div class=\"row\">\n\n\t\t\t\n\n\t\t\t\t\t\t\t<div class=\"col-md-4\">\n                <a href=\"https:\/\/cparici.com\/en\/vins-de-loire\/\" class=\"blog-compact-item-container\">\n                    <div class=\"blog-compact-item\">\n                        <img decoding=\"async\" width=\"577\" height=\"204\" src=\"https:\/\/cparici.com\/wp-content\/uploads\/2024\/09\/vins-de-loire.jpg\" class=\"attachment-listeo-blog-related-post size-listeo-blog-related-post wp-post-image\" alt=\"vins de loire\" srcset=\"https:\/\/cparici.com\/wp-content\/uploads\/2024\/09\/vins-de-loire.jpg 1500w, https:\/\/cparici.com\/wp-content\/uploads\/2024\/09\/vins-de-loire-600x212.jpg 600w, https:\/\/cparici.com\/wp-content\/uploads\/2024\/09\/vins-de-loire-300x106.jpg 300w, https:\/\/cparici.com\/wp-content\/uploads\/2024\/09\/vins-de-loire-1024x362.jpg 1024w, https:\/\/cparici.com\/wp-content\/uploads\/2024\/09\/vins-de-loire-768x271.jpg 768w\" sizes=\"(max-width: 577px) 100vw, 577px\" \/><span class=\"blog-item-tag\">Centre Val de Loire<\/span>                        \n                        <div class=\"blog-compact-item-content\">\n                                                        <h3>Vins de Loire<\/h3>\n                                                        <p>D\u00e9couvrez les vins de Loire, leurs appellations, terroirs, traditions et grands crus. Guide complet sur...                            <\/p>\n                                                    <\/div>\n                    <\/div>\n                <\/a>\n            <\/div>\n\t\t\t<div class=\"col-md-4\">\n                <a href=\"https:\/\/cparici.com\/en\/chateau-d-amboise\/\" class=\"blog-compact-item-container\">\n                    <div class=\"blog-compact-item\">\n                        <img decoding=\"async\" width=\"577\" height=\"204\" src=\"https:\/\/cparici.com\/wp-content\/uploads\/2024\/07\/chateau-damboise.jpg\" class=\"attachment-listeo-blog-related-post size-listeo-blog-related-post wp-post-image\" alt=\"chateau d&#039;amboise\" srcset=\"https:\/\/cparici.com\/wp-content\/uploads\/2024\/07\/chateau-damboise.jpg 1500w, https:\/\/cparici.com\/wp-content\/uploads\/2024\/07\/chateau-damboise-600x212.jpg 600w, https:\/\/cparici.com\/wp-content\/uploads\/2024\/07\/chateau-damboise-300x106.jpg 300w, https:\/\/cparici.com\/wp-content\/uploads\/2024\/07\/chateau-damboise-1024x362.jpg 1024w, https:\/\/cparici.com\/wp-content\/uploads\/2024\/07\/chateau-damboise-768x271.jpg 768w\" sizes=\"(max-width: 577px) 100vw, 577px\" \/><span class=\"blog-item-tag\">Amboise<\/span>                        \n                        <div class=\"blog-compact-item-content\">\n                                                        <h3>Chateau d&#8217;Amboise: guide complet, horaires, tarifs, acc\u00e8s<\/h3>\n                                                        <p>Explorez le ch\u00e2teau d'Amboise, un monument historique qui domine la Loire. Suivez notre guide pour...                            <\/p>\n                                                    <\/div>\n                    <\/div>\n                <\/a>\n            <\/div>\n\t\t\t<div class=\"col-md-4\">\n                <a href=\"https:\/\/cparici.com\/en\/le-loir-et-cher\/\" class=\"blog-compact-item-container\">\n                    <div class=\"blog-compact-item\">\n                        <img decoding=\"async\" width=\"577\" height=\"204\" src=\"https:\/\/cparici.com\/wp-content\/uploads\/2025\/02\/cparici-2025-02-22T191953.659-577x204.jpg\" class=\"attachment-listeo-blog-related-post size-listeo-blog-related-post wp-post-image\" alt=\"Loir et Cher\" srcset=\"https:\/\/cparici.com\/wp-content\/uploads\/2025\/02\/cparici-2025-02-22T191953.659-577x204.jpg 577w, https:\/\/cparici.com\/wp-content\/uploads\/2025\/02\/cparici-2025-02-22T191953.659-300x106.jpg 300w, https:\/\/cparici.com\/wp-content\/uploads\/2025\/02\/cparici-2025-02-22T191953.659-1024x362.jpg 1024w, https:\/\/cparici.com\/wp-content\/uploads\/2025\/02\/cparici-2025-02-22T191953.659-768x271.jpg 768w, https:\/\/cparici.com\/wp-content\/uploads\/2025\/02\/cparici-2025-02-22T191953.659-590x208.jpg 590w, https:\/\/cparici.com\/wp-content\/uploads\/2025\/02\/cparici-2025-02-22T191953.659-1200x424.jpg 1200w, https:\/\/cparici.com\/wp-content\/uploads\/2025\/02\/cparici-2025-02-22T191953.659-600x212.jpg 600w, https:\/\/cparici.com\/wp-content\/uploads\/2025\/02\/cparici-2025-02-22T191953.659.jpg 1500w\" sizes=\"(max-width: 577px) 100vw, 577px\" \/><span class=\"blog-item-tag\">Centre Val de Loire<\/span>                        \n                        <div class=\"blog-compact-item-content\">\n                                                        <h3>Le Loir et Cher<\/h3>\n                                                        <p>Recherches populaires Categories Pas de r\u00e9sultats Voir tous les r\u00e9sultats Le Loir et Cher Le...                            <\/p>\n                                                    <\/div>\n                    <\/div>\n                <\/a>\n            <\/div>\n  <\/div>\n        <\/div>\n        \t\t\t\t<\/div>\n\t\t\t\t<\/div>\n\t\t\t\t\t<\/div>\n\t\t\t\t<\/div>\n\t\t\t\t<\/div>\n\t\t","protected":false},"excerpt":{"rendered":"<p>D\u00e9couvrez le ch\u00e2teau d&#8217;Uss\u00e9, le lieu qui a inspir\u00e9 le c\u00e9l\u00e8bre conte de la Belle au Bois Dormant. Un voyage f\u00e9erique et historique vous attend.<\/p>","protected":false},"author":1,"featured_media":41878,"comment_status":"closed","ping_status":"open","sticky":false,"template":"","format":"standard","meta":{"ngg_post_thumbnail":0,"footnotes":""},"categories":[1245,605,477,997],"tags":[375,1246],"class_list":["post-41877","post","type-post","status-publish","format-standard","has-post-thumbnail","hentry","category-rigny-usse","category-centre-val-de-loire","category-france","category-indre-et-loire","tag-chateaux","tag-conte"],"_links":{"self":[{"href":"https:\/\/cparici.com\/en\/wp-json\/wp\/v2\/posts\/41877","targetHints":{"allow":["GET"]}}],"collection":[{"href":"https:\/\/cparici.com\/en\/wp-json\/wp\/v2\/posts"}],"about":[{"href":"https:\/\/cparici.com\/en\/wp-json\/wp\/v2\/types\/post"}],"author":[{"embeddable":true,"href":"https:\/\/cparici.com\/en\/wp-json\/wp\/v2\/users\/1"}],"replies":[{"embeddable":true,"href":"https:\/\/cparici.com\/en\/wp-json\/wp\/v2\/comments?post=41877"}],"version-history":[{"count":0,"href":"https:\/\/cparici.com\/en\/wp-json\/wp\/v2\/posts\/41877\/revisions"}],"wp:featuredmedia":[{"embeddable":true,"href":"https:\/\/cparici.com\/en\/wp-json\/wp\/v2\/media\/41878"}],"wp:attachment":[{"href":"https:\/\/cparici.com\/en\/wp-json\/wp\/v2\/media?parent=41877"}],"wp:term":[{"taxonomy":"category","embeddable":true,"href":"https:\/\/cparici.com\/en\/wp-json\/wp\/v2\/categories?post=41877"},{"taxonomy":"post_tag","embeddable":true,"href":"https:\/\/cparici.com\/en\/wp-json\/wp\/v2\/tags?post=41877"}],"curies":[{"name":"wp","href":"https:\/\/api.w.org\/{rel}","templated":true}]}}