{"id":42244,"date":"2024-08-05T22:41:52","date_gmt":"2024-08-05T20:41:52","guid":{"rendered":"https:\/\/cparici.com\/?p=42244"},"modified":"2025-06-30T06:58:17","modified_gmt":"2025-06-30T04:58:17","slug":"jazz-in-marciac-festival","status":"publish","type":"post","link":"https:\/\/cparici.com\/en\/jazz-in-marciac-festival\/","title":{"rendered":"Jazz in Marciac festival - Information and Stars"},"content":{"rendered":"\t\t<div data-elementor-type=\"wp-post\" data-elementor-id=\"42244\" class=\"elementor elementor-42244\" data-elementor-post-type=\"post\">\n\t\t\t\t<div class=\"elementor-element elementor-element-747e240 e-con-full e-flex e-con e-parent\" data-id=\"747e240\" data-element_type=\"container\" data-e-type=\"container\">\n\t\t\t\t<div class=\"elementor-element elementor-element-3ff1090 elementor-widget elementor-widget-image\" data-id=\"3ff1090\" data-element_type=\"widget\" data-e-type=\"widget\" data-widget_type=\"image.default\">\n\t\t\t\t\t\t\t\t\t\t\t\t\t\t\t<img decoding=\"async\" width=\"1500\" height=\"530\" src=\"https:\/\/cparici.com\/wp-content\/uploads\/2024\/08\/Jazz-in-Marciac-Festival.jpg\" class=\"attachment-full size-full wp-image-42245\" alt=\"Jazz in Marciac Festival\" srcset=\"https:\/\/cparici.com\/wp-content\/uploads\/2024\/08\/Jazz-in-Marciac-Festival.jpg 1500w, https:\/\/cparici.com\/wp-content\/uploads\/2024\/08\/Jazz-in-Marciac-Festival-600x212.jpg 600w, https:\/\/cparici.com\/wp-content\/uploads\/2024\/08\/Jazz-in-Marciac-Festival-300x106.jpg 300w, https:\/\/cparici.com\/wp-content\/uploads\/2024\/08\/Jazz-in-Marciac-Festival-1024x362.jpg 1024w, https:\/\/cparici.com\/wp-content\/uploads\/2024\/08\/Jazz-in-Marciac-Festival-768x271.jpg 768w\" sizes=\"(max-width: 1500px) 100vw, 1500px\" \/>\t\t\t\t\t\t\t\t\t\t\t\t\t\t\t<\/div>\n\t\t\t\t<\/div>\n\t\t<aside class=\"elementor-element elementor-element-da45558 e-flex e-con-boxed e-con e-parent\" data-id=\"da45558\" data-element_type=\"container\" data-e-type=\"container\">\n\t\t\t\t\t<div class=\"e-con-inner\">\n\t\t\t\t<div class=\"elementor-element elementor-element-23d8165 elementor-widget elementor-widget-global elementor-global-62046 elementor-widget-eael-advanced-search\" data-id=\"23d8165\" data-element_type=\"widget\" data-e-type=\"widget\" data-widget_type=\"eael-advanced-search.default\">\n\t\t\t\t\t        <div class=\"eael-adv-search-wrapper\">\n            <div id=\"eael-advanced-search-widget-23d8165\" class=\"eael-advanced-search-widget\">\n                <form data-settings=\"{&quot;post_per_page&quot;:5,&quot;search_among_taxonomies&quot;:&quot;&quot;,&quot;search_among_sku&quot;:&quot;no&quot;,&quot;show_popular_keyword&quot;:0,&quot;show_category&quot;:0,&quot;show_content_image&quot;:1,&quot;show_search_result_all_results&quot;:0,&quot;result_on_new_tab&quot;:&quot;no&quot;,&quot;show_product_price&quot;:&quot;no&quot;,&quot;include_current_page&quot;:&quot;no&quot;,&quot;current_post_id&quot;:42244,&quot;post_type&quot;:[&quot;post&quot;,&quot;listing&quot;]}\" method=\"POST\" name=\"eael-advanced-search-form-23d8165\" class=\"eael-advanced-search-form eael-advanced-search-form-style-2\">\n                    <div class=\"eael-advanced-search-wrap\">\n                        <span class=\"eael-adv-search-loader\"><\/span>\n                        <span class=\"eael-adv-search-close\"><i class=\"fas fa-times\"><\/i><\/span>\n                        <span class=\"icon \"><i class=\"fas fa-search\"><\/i><\/span>\n\n                        <input type=\"text\"\n                               placeholder=\"Votre destination\"\n                               class=\"eael-advanced-search\" autocomplete=\"off\" name=\"eael_advanced_search\">\n                    <\/div>\n\t\t\t\t\t                                    <\/form>\n\n\t\t\t\t\n\t\t\t\t        <div class=\"eael-advanced-search-result\">\n            <div class=\"eael-advanced-search-popular-keyword\">\n\t\t\t\t<h4 class=\"eael-advanced-search-popular-keyword-text\">Recherches populaires<\/h4>                <div class=\"eael-popular-keyword-content\"><\/div>\n            <\/div>\n            <div class=\"eael-advanced-search-category\">\n\t\t\t\t<h4 class=\"eael-advanced-search-category-text\">Categories<\/h4>                <div class=\"eael-popular-category-content\"><\/div>\n            <\/div>\n\t\t\t<div class=\"eael-advanced-search-total-results-section\">\n\t\t\t\t\t\t\t<\/div>\n            <div class=\"eael-advanced-search-content eael-item-style-3\">\n            <\/div>\n            <div class=\"eael-advanced-search-not-found\">\n                <p>Pas de r\u00e9sultats<\/p><\/div>\n            <div class=\"eael-advanced-search-load-more\">\n\t\t\t\t<a \tclass=\"eael-advanced-search-load-more-button\"\n                \thref=\"#\">Voir tous les r\u00e9sultats<\/a>\n            <\/div>\n        <\/div>\n\n\t\t            <\/div>\n        <\/div>\n\n\t\t\t\t\t\t<\/div>\n\t\t\t\t\t<\/div>\n\t\t\t\t<\/aside>\n\t\t<div class=\"elementor-element elementor-element-5be29ed0 e-con-full e-flex e-con e-parent\" data-id=\"5be29ed0\" data-element_type=\"container\" data-e-type=\"container\">\n\t\t\t\t<div class=\"elementor-element elementor-element-4685f4b2 elementor-widget elementor-widget-text-editor\" data-id=\"4685f4b2\" data-element_type=\"widget\" data-e-type=\"widget\" data-widget_type=\"text-editor.default\">\n\t\t\t\t\t\t\t\t\t<h1 style=\"text-align: center;\"><span style=\"font-size: 18pt;\"><strong>Jazz in Marciac<\/strong><\/span><\/h1><p>Le festival <strong>Jazz in Marciac<\/strong> est un <a href=\"https:\/\/cparici.com\/fr\/festivals-en-france\/\">\u00e9v\u00e9nement majeur<\/a> dans le monde du jazz, attirant des milliers de spectateurs chaque ann\u00e9e. Depuis sa cr\u00e9ation, il a su combiner passion musicale et convivialit\u00e9 dans un cadre charmant. Cet article vous propose une plong\u00e9e au c\u0153ur de cet \u00e9v\u00e9nement incontournable, son histoire, les artistes qui y ont jou\u00e9, ainsi que toutes les informations pratiques pour profiter pleinement du festival.<\/p><h2><span style=\"font-size: 18pt;\">Histoire du Festival Jazz in Marciac<\/span><\/h2><h3>Les D\u00e9buts de Jazz in Marciac<\/h3><p>Le festival a vu le jour en 1978 gr\u00e2ce \u00e0 l&#8217;initiative de quelques passionn\u00e9s de jazz de la petite ville de Marciac, situ\u00e9e dans le <a href=\"https:\/\/cparici.com\/fr\/departements-francais-carte-de-france\/\">d\u00e9partement<\/a> du Gers, en <a href=\"https:\/\/cparici.com\/fr\/13-regions-de-france-le-guide\/\">r\u00e9gion<\/a> <a href=\"https:\/\/cparici.com\/fr\/occitanie\/\">Occitanie<\/a>, dans le sud-ouest de la <a href=\"https:\/\/cparici.com\/fr\/visiter-la-france-guide-des-regions-et-sites-touristiques\/\">France<\/a>. L&#8217;id\u00e9e \u00e9tait de cr\u00e9er un \u00e9v\u00e9nement qui attirerait des amateurs de jazz du monde entier et dynamiserait la r\u00e9gion.<\/p><h3>L&#8217;\u00c9volution et la Croissance du Festival<\/h3><p>Au fil des ann\u00e9es, <strong>Jazz in Marciac<\/strong> a connu une croissance exponentielle, passant de quelques concerts locaux \u00e0 un \u00e9v\u00e9nement de renomm\u00e9e internationale. Aujourd&#8217;hui, il se d\u00e9roule sur trois semaines chaque \u00e9t\u00e9, attirant des artistes et des spectateurs des quatre coins du globe.<\/p><h2><span style=\"font-size: 18pt;\">Les Stars et Musiciens C\u00e9l\u00e8bres \u00e0 Jazz in Marciac<\/span><\/h2><h3>Les L\u00e9gendes du Jazz<\/h3><p>Des l\u00e9gendes du jazz telles que <strong>Miles Davis<\/strong>, <strong>Dizzy Gillespie<\/strong> et <strong>Herbie Hancock<\/strong> ont illumin\u00e9 les sc\u00e8nes de Marciac, apportant leur talent et leur \u00e9nergie unique.<\/p><h3>Les Stars Contemporaines<\/h3><p>Des artistes contemporains comme <strong>Diana Krall<\/strong>, <strong>Wynton Marsalis<\/strong> et <strong>Norah Jones<\/strong> continuent de faire vibrer les spectateurs avec leurs performances envo\u00fbtantes, confirmant la r\u00e9putation du festival comme un lieu de r\u00e9f\u00e9rence pour la musique jazz.<\/p><h2><span style=\"font-size: 18pt;\">Informations Pratiques<\/span><\/h2><h3>Comment Se Rendre \u00e0 Marciac<\/h3><p><strong>Marciac<\/strong> est accessible en voiture, train et avion. Les a\u00e9roports les plus proches sont ceux de Toulouse et Pau, avec des services de navettes disponibles pendant le festival. La gare la plus proche est situ\u00e9e \u00e0 Tarbes, \u00e0 environ 40 km de Marciac.<\/p><h3>Possibilit\u00e9s de Logement<\/h3><p>Pendant le festival, plusieurs options de logement sont disponibles :<\/p><ul><li><strong>H\u00f4tels<\/strong> : Une vari\u00e9t\u00e9 d&#8217;h\u00f4tels sont disponibles dans et autour de Marciac.<\/li><li><strong>Chambres d&#8217;h\u00f4tes<\/strong> : Pour une exp\u00e9rience plus personnelle et locale.<\/li><li><strong>Camping<\/strong> : Plusieurs terrains de camping sont am\u00e9nag\u00e9s pour accueillir les festivaliers.<\/li><\/ul><h2><span style=\"font-size: 14pt;\">Tarifs et Billetterie<\/span><\/h2><h3>Les Tarifs des Concerts<\/h3><p>Les prix des billets varient en fonction des artistes et des dates. Il est recommand\u00e9 de r\u00e9server \u00e0 l&#8217;avance en ligne pour b\u00e9n\u00e9ficier des meilleures places.<\/p><h3>Pass Festival<\/h3><p>Des pass pour plusieurs jours ou pour toute la dur\u00e9e du festival sont \u00e9galement disponibles, offrant une exp\u00e9rience compl\u00e8te \u00e0 un tarif avantageux.<\/p><h3>\u00a0<\/h3><p>Le festival <strong>Jazz in Marciac 2024<\/strong> se tiendra du 25 juillet au 15 ao\u00fbt. R\u00e9servez ces dates pour une exp\u00e9rience musicale inoubliable.<\/p><h2><span style=\"font-size: 14pt;\">Programme Jazz in Marciac 2025 : artistes, dates et temps forts \u00e0 ne pas manquer<\/span><\/h2><p data-start=\"0\" data-end=\"77\"><span class=\"relative -mx-px my-[-0.2rem] rounded px-px py-[0.2rem] transition-colors duration-100 ease-in-out\">Voici le <strong data-start=\"9\" data-end=\"30\">programme complet<\/strong> de la 47\u1d49 \u00e9dition du festival <strong data-start=\"61\" data-end=\"80\">Jazz in Marciac<\/strong>, qui se d\u00e9roulera du <strong data-start=\"102\" data-end=\"143\">lundi\u202f21 juillet au jeudi\u202f7 ao\u00fbt 2025<\/strong> \u00e0 Marciac (Gers, Occitanie)<\/span><\/p><h2 data-start=\"84\" data-end=\"113\"><span style=\"font-size: 14pt;\">Programme jour par jour<\/span><\/h2><h3 data-start=\"115\" data-end=\"135\">Lundi 21 juillet<\/h3><ul data-start=\"136\" data-end=\"253\"><li data-start=\"136\" data-end=\"175\"><p data-start=\"138\" data-end=\"175\"><span class=\"relative -mx-px my-[-0.2rem] rounded px-px py-[0.2rem] transition-colors duration-100 ease-in-out\"><strong data-start=\"0\" data-end=\"16\" data-is-only-node=\"\">Sophie Alour<\/strong> \u2013 <em data-start=\"19\" data-end=\"38\" data-is-last-node=\"\">Le Temps Virtuose<\/em><\/span><\/p><\/li><li data-start=\"176\" data-end=\"253\"><p data-start=\"178\" data-end=\"253\"><span class=\"relative -mx-px my-[-0.2rem] rounded px-px py-[0.2rem] transition-colors duration-100 ease-in-out\"><strong data-start=\"0\" data-end=\"16\" data-is-only-node=\"\">Robert Plant<\/strong> (avec <strong data-start=\"23\" data-end=\"39\">Saving Grace<\/strong>) &amp; <strong data-start=\"43\" data-end=\"56\" data-is-last-node=\"\">Suzi Dian<\/strong><\/span>\u00a0<\/p><\/li><\/ul><h3 data-start=\"255\" data-end=\"275\">Mardi 22 juillet<\/h3><ul data-start=\"276\" data-end=\"357\"><li data-start=\"276\" data-end=\"299\"><p data-start=\"278\" data-end=\"299\"><strong data-start=\"278\" data-end=\"299\">Madeleine Peyroux<\/strong><\/p><\/li><li data-start=\"300\" data-end=\"357\"><p data-start=\"302\" data-end=\"357\"><strong data-start=\"302\" data-end=\"319\">Melody Gardot<\/strong><\/p><\/li><\/ul><h3 data-start=\"359\" data-end=\"382\">Mercredi 23 juillet<\/h3><ul data-start=\"383\" data-end=\"476\"><li data-start=\"383\" data-end=\"398\"><p data-start=\"385\" data-end=\"398\"><strong data-start=\"385\" data-end=\"398\">Casuarina<\/strong><\/p><\/li><li data-start=\"399\" data-end=\"476\"><p data-start=\"401\" data-end=\"476\"><span class=\"relative -mx-px my-[-0.2rem] rounded px-px py-[0.2rem] transition-colors duration-100 ease-in-out\"><strong data-start=\"0\" data-end=\"31\" data-is-last-node=\"\" data-is-only-node=\"\">Andrea Ernest Dias Quarteto<\/strong><\/span>\u00a0<\/p><\/li><\/ul><h3 data-start=\"478\" data-end=\"498\">Jeudi 24 juillet<\/h3><ul data-start=\"499\" data-end=\"596\"><li data-start=\"499\" data-end=\"518\"><p data-start=\"501\" data-end=\"518\"><strong data-start=\"501\" data-end=\"518\">Tyreek McDole<\/strong><\/p><\/li><li data-start=\"519\" data-end=\"596\"><p data-start=\"521\" data-end=\"596\"><span class=\"relative -mx-px my-[-0.2rem] rounded px-px py-[0.2rem] transition-colors duration-100 ease-in-out\"><strong data-start=\"0\" data-end=\"39\" data-is-last-node=\"\" data-is-only-node=\"\">Ben Harper &amp; The Innocent Criminals<\/strong><\/span>\u00a0<\/p><\/li><\/ul><h3 data-start=\"598\" data-end=\"621\">Vendredi 25 juillet<\/h3><ul data-start=\"622\" data-end=\"745\"><li data-start=\"622\" data-end=\"663\"><p data-start=\"624\" data-end=\"663\"><span class=\"relative -mx-px my-[-0.2rem] rounded px-px py-[0.2rem] transition-colors duration-100 ease-in-out\"><strong data-start=\"0\" data-end=\"29\" data-is-last-node=\"\" data-is-only-node=\"\">Kenny Wayne Shepherd Band<\/strong><\/span><\/p><\/li><li data-start=\"664\" data-end=\"745\"><p data-start=\"666\" data-end=\"745\"><span class=\"relative -mx-px my-[-0.2rem] rounded px-px py-[0.2rem] transition-colors duration-100 ease-in-out\"><strong data-start=\"0\" data-end=\"31\" data-is-last-node=\"\" data-is-only-node=\"\">Santana \u2013 Oneness Tour 2025<\/strong><\/span>\u00a0<\/p><\/li><\/ul><h3 data-start=\"747\" data-end=\"768\">Samedi 26 juillet<\/h3><ul data-start=\"769\" data-end=\"850\"><li data-start=\"769\" data-end=\"789\"><p data-start=\"771\" data-end=\"789\"><strong data-start=\"771\" data-end=\"789\">Veronica Swift<\/strong><\/p><\/li><li data-start=\"790\" data-end=\"850\"><p data-start=\"792\" data-end=\"850\"><strong data-start=\"792\" data-end=\"810\">Gregory Porter<\/strong><\/p><\/li><\/ul><h3 data-start=\"852\" data-end=\"875\">Dimanche 27 juillet<\/h3><ul data-start=\"876\" data-end=\"973\"><li data-start=\"876\" data-end=\"891\"><p data-start=\"878\" data-end=\"891\"><strong data-start=\"878\" data-end=\"891\">Casuarina<\/strong><\/p><\/li><li data-start=\"892\" data-end=\"973\"><p data-start=\"894\" data-end=\"973\"><span class=\"relative -mx-px my-[-0.2rem] rounded px-px py-[0.2rem] transition-colors duration-100 ease-in-out\"><strong data-start=\"0\" data-end=\"31\" data-is-last-node=\"\" data-is-only-node=\"\">Carlos Malta &amp; Pife Muderno<\/strong><\/span>\u00a0<\/p><\/li><\/ul><h3 data-start=\"975\" data-end=\"995\">Lundi 28 juillet<\/h3><ul data-start=\"996\" data-end=\"1099\"><li data-start=\"996\" data-end=\"1017\"><p data-start=\"998\" data-end=\"1017\"><strong data-start=\"998\" data-end=\"1017\">Christian Sands<\/strong><\/p><\/li><li data-start=\"1018\" data-end=\"1099\"><p data-start=\"1020\" data-end=\"1099\"><span class=\"relative -mx-px my-[-0.2rem] rounded px-px py-[0.2rem] transition-colors duration-100 ease-in-out\"><strong data-start=\"0\" data-end=\"29\" data-is-last-node=\"\" data-is-only-node=\"\">Wynton Marsalis &amp; Friends<\/strong><\/span>\u00a0<\/p><\/li><\/ul><h3 data-start=\"1101\" data-end=\"1121\">Mardi 29 juillet<\/h3><ul data-start=\"1122\" data-end=\"1224\"><li data-start=\"1122\" data-end=\"1163\"><p data-start=\"1124\" data-end=\"1163\"><span class=\"relative -mx-px my-[-0.2rem] rounded px-px py-[0.2rem] transition-colors duration-100 ease-in-out\"><strong data-start=\"0\" data-end=\"41\" data-is-only-node=\"\">Oscar Peterson Centennial Celebration<\/strong> (Sullivan Fortner, John Clayton, Jeff Hamilton)<\/span><\/p><\/li><li data-start=\"1164\" data-end=\"1224\"><p data-start=\"1166\" data-end=\"1224\"><strong data-start=\"1166\" data-end=\"1184\">Herbie Hancock<\/strong>\u00a0<\/p><\/li><\/ul><h3 data-start=\"1226\" data-end=\"1249\">Mercredi 30 juillet<\/h3><ul data-start=\"1250\" data-end=\"1347\"><li data-start=\"1250\" data-end=\"1265\"><p data-start=\"1252\" data-end=\"1265\"><strong data-start=\"1252\" data-end=\"1265\">Adi Oasis<\/strong><\/p><\/li><li data-start=\"1266\" data-end=\"1347\"><p data-start=\"1268\" data-end=\"1347\"><span class=\"relative -mx-px my-[-0.2rem] rounded px-px py-[0.2rem] transition-colors duration-100 ease-in-out\"><strong data-start=\"0\" data-end=\"19\" data-is-only-node=\"\">Roberto Fonseca<\/strong> \u2013 <em data-start=\"22\" data-end=\"48\" data-is-last-node=\"\">Hommage \u00e0 Ibrahim Ferrer<\/em><\/span>\u00a0<\/p><\/li><\/ul><h3 data-start=\"1349\" data-end=\"1369\">Jeudi 31 juillet<\/h3><ul data-start=\"1370\" data-end=\"1493\"><li data-start=\"1370\" data-end=\"1411\"><p data-start=\"1372\" data-end=\"1411\"><span class=\"relative -mx-px my-[-0.2rem] rounded px-px py-[0.2rem] transition-colors duration-100 ease-in-out\"><strong data-start=\"0\" data-end=\"15\" data-is-only-node=\"\">Salif Ke\u00efta<\/strong> (concert acoustique)<\/span><\/p><\/li><li data-start=\"1412\" data-end=\"1493\"><p data-start=\"1414\" data-end=\"1493\"><span class=\"relative -mx-px my-[-0.2rem] rounded px-px py-[0.2rem] transition-colors duration-100 ease-in-out\"><strong data-start=\"0\" data-end=\"20\" data-is-only-node=\"\">Tiken Jah Fakoly<\/strong> \u2013 <em data-start=\"23\" data-end=\"38\" data-is-last-node=\"\">Acoustic Tour<\/em><\/span>\u00a0<\/p><\/li><\/ul><h3 data-start=\"1495\" data-end=\"1516\">Vendredi 1er ao\u00fbt<\/h3><ul data-start=\"1517\" data-end=\"1640\"><li data-start=\"1517\" data-end=\"1558\"><p data-start=\"1519\" data-end=\"1558\"><span class=\"relative -mx-px my-[-0.2rem] rounded px-px py-[0.2rem] transition-colors duration-100 ease-in-out\"><strong data-start=\"0\" data-end=\"15\" data-is-only-node=\"\">Rhoda Scott<\/strong> \u2013 <em data-start=\"18\" data-end=\"38\" data-is-last-node=\"\">Ladies &amp; Gentlemen<\/em><\/span><\/p><\/li><li data-start=\"1559\" data-end=\"1640\"><p data-start=\"1561\" data-end=\"1640\"><span class=\"relative -mx-px my-[-0.2rem] rounded px-px py-[0.2rem] transition-colors duration-100 ease-in-out\"><strong data-start=\"0\" data-end=\"31\" data-is-only-node=\"\">Dee Dee Bridgewater Quartet<\/strong> \u2013 <em data-start=\"34\" data-end=\"45\" data-is-last-node=\"\">We Exist!<\/em><\/span>\u00a0<\/p><\/li><\/ul><h3 data-start=\"1642\" data-end=\"1659\">Samedi 2 ao\u00fbt<\/h3><ul data-start=\"1660\" data-end=\"1783\"><li data-start=\"1660\" data-end=\"1701\"><p data-start=\"1662\" data-end=\"1701\"><span class=\"relative -mx-px my-[-0.2rem] rounded px-px py-[0.2rem] transition-colors duration-100 ease-in-out\"><strong data-start=\"0\" data-end=\"21\" data-is-last-node=\"\" data-is-only-node=\"\">Dabeull Live Band<\/strong><\/span><\/p><\/li><li data-start=\"1702\" data-end=\"1783\"><p data-start=\"1704\" data-end=\"1783\"><span class=\"relative -mx-px my-[-0.2rem] rounded px-px py-[0.2rem] transition-colors duration-100 ease-in-out\"><strong data-start=\"0\" data-end=\"23\" data-is-last-node=\"\" data-is-only-node=\"\">The Fearless Flyers<\/strong><\/span>\u00a0<\/p><\/li><\/ul><h3 data-start=\"1785\" data-end=\"1804\">Dimanche 3 ao\u00fbt<\/h3><ul data-start=\"1805\" data-end=\"1869\"><li data-start=\"1805\" data-end=\"1817\"><p data-start=\"1807\" data-end=\"1817\"><strong data-start=\"1807\" data-end=\"1817\">Deluxe<\/strong><\/p><\/li><li data-start=\"1818\" data-end=\"1869\"><p data-start=\"1820\" data-end=\"1869\"><strong data-start=\"1820\" data-end=\"1829\">MEUTE<\/strong><\/p><\/li><\/ul><h3 data-start=\"1871\" data-end=\"1887\">Lundi 4 ao\u00fbt<\/h3><ul data-start=\"1888\" data-end=\"2011\"><li data-start=\"1888\" data-end=\"1929\"><p data-start=\"1890\" data-end=\"1929\"><span class=\"relative -mx-px my-[-0.2rem] rounded px-px py-[0.2rem] transition-colors duration-100 ease-in-out\"><strong data-start=\"0\" data-end=\"35\" data-is-only-node=\"\">Stochelo &amp; Mozes Rosenberg Trio<\/strong> \u2013 <em data-start=\"38\" data-end=\"79\" data-is-last-node=\"\">The Songs of Charlie Chaplin\u2026 and more!<\/em><\/span><\/p><\/li><li data-start=\"1930\" data-end=\"2011\"><p data-start=\"1932\" data-end=\"2011\"><span class=\"relative -mx-px my-[-0.2rem] rounded px-px py-[0.2rem] transition-colors duration-100 ease-in-out\"><strong data-start=\"0\" data-end=\"48\" data-is-only-node=\"\">Bir\u00e9li Lagr\u00e8ne, Martin Taylor &amp; Ulf Wakenius<\/strong> \u2013 <em data-start=\"51\" data-end=\"70\" data-is-last-node=\"\">The Great Guitars<\/em><\/span>\u00a0<\/p><\/li><\/ul><h3 data-start=\"2013\" data-end=\"2029\">Mardi 5 ao\u00fbt<\/h3><ul data-start=\"2030\" data-end=\"2153\"><li data-start=\"2030\" data-end=\"2071\"><p data-start=\"2032\" data-end=\"2071\"><span class=\"relative -mx-px my-[-0.2rem] rounded px-px py-[0.2rem] transition-colors duration-100 ease-in-out\"><strong data-start=\"0\" data-end=\"23\" data-is-only-node=\"\">Stefano di Battista<\/strong> \u2013 <em data-start=\"26\" data-end=\"41\" data-is-last-node=\"\">La Dolce Vita<\/em><\/span><\/p><\/li><li data-start=\"2072\" data-end=\"2153\"><p data-start=\"2074\" data-end=\"2153\"><span class=\"relative -mx-px my-[-0.2rem] rounded px-px py-[0.2rem] transition-colors duration-100 ease-in-out\"><strong data-start=\"0\" data-end=\"25\" data-is-last-node=\"\" data-is-only-node=\"\">Joshua Redman Quartet<\/strong><\/span>\u00a0<\/p><\/li><\/ul><h3 data-start=\"2155\" data-end=\"2174\">Mercredi 6 ao\u00fbt<\/h3><ul data-start=\"2175\" data-end=\"2279\"><li data-start=\"2175\" data-end=\"2216\"><p data-start=\"2177\" data-end=\"2216\"><span class=\"relative -mx-px my-[-0.2rem] rounded px-px py-[0.2rem] transition-colors duration-100 ease-in-out\"><strong data-start=\"0\" data-end=\"28\" data-is-last-node=\"\" data-is-only-node=\"\">Hamilton de Holanda Trio<\/strong><\/span><\/p><\/li><li data-start=\"2217\" data-end=\"2279\"><p data-start=\"2219\" data-end=\"2279\"><strong data-start=\"2219\" data-end=\"2239\">Egberto Gismonti<\/strong>\u00a0<\/p><\/li><\/ul><h3 data-start=\"2281\" data-end=\"2297\">Jeudi 7 ao\u00fbt<\/h3><ul data-start=\"2298\" data-end=\"2421\"><li data-start=\"2298\" data-end=\"2339\"><p data-start=\"2300\" data-end=\"2339\"><span class=\"relative -mx-px my-[-0.2rem] rounded px-px py-[0.2rem] transition-colors duration-100 ease-in-out\"><strong data-start=\"0\" data-end=\"22\" data-is-last-node=\"\" data-is-only-node=\"\">Amaro Freitas Trio<\/strong><\/span><\/p><\/li><li data-start=\"2340\" data-end=\"2421\"><p data-start=\"2342\" data-end=\"2421\"><span class=\"relative -mx-px my-[-0.2rem] rounded px-px py-[0.2rem] transition-colors duration-100 ease-in-out\"><strong data-start=\"0\" data-end=\"27\" data-is-last-node=\"\" data-is-only-node=\"\">Hermeto Pascoal &amp; Grupo<\/strong><\/span>\u00a0<\/p><\/li><\/ul><h2 data-start=\"2428\" data-end=\"2449\">Faits marquants<\/h2><ul data-start=\"2451\" data-end=\"2620\"><li data-start=\"2451\" data-end=\"2494\"><p data-start=\"2453\" data-end=\"2494\"><span class=\"relative -mx-px my-[-0.2rem] rounded px-px py-[0.2rem] transition-colors duration-100 ease-in-out\"><strong data-start=\"0\" data-end=\"27\" data-is-only-node=\"\">Inauguration en fanfare<\/strong> avec Robert Plant et Suzi Dian le 21\/07.<\/span><\/p><\/li><li data-start=\"2495\" data-end=\"2538\"><p data-start=\"2497\" data-end=\"2538\"><span class=\"relative -mx-px my-[-0.2rem] rounded px-px py-[0.2rem] transition-colors duration-100 ease-in-out\"><strong data-start=\"0\" data-end=\"19\" data-is-only-node=\"\">Grandes figures<\/strong> : Herbie Hancock (29\/07), Wynton Marsalis (28\/07), Dee Dee Bridgewater (01\/08), Salif Ke\u00efta &amp; Tiken Jah Fakoly (31\/07).<\/span><\/p><\/li><li data-start=\"2539\" data-end=\"2620\"><p data-start=\"2541\" data-end=\"2620\"><span class=\"relative -mx-px my-[-0.2rem] rounded px-px py-[0.2rem] transition-colors duration-100 ease-in-out\"><strong data-start=\"0\" data-end=\"30\" data-is-only-node=\"\">Icones du rock et du blues<\/strong> : Santana (25\/07), Ben Harper (24\/07), Kenny\u202fWayne Shepherd Band (25\/07).<\/span>\u00a0<\/p><\/li><\/ul><h2 data-start=\"2627\" data-end=\"2648\"><span style=\"font-size: 14pt;\">Infos pratiques<\/span><\/h2><ul data-start=\"2650\" data-end=\"2899\"><li data-start=\"2650\" data-end=\"2733\"><p data-start=\"2652\" data-end=\"2733\"><span class=\"relative -mx-px my-[-0.2rem] rounded px-px py-[0.2rem] transition-colors duration-100 ease-in-out\"><strong data-start=\"0\" data-end=\"9\" data-is-only-node=\"\">Dates<\/strong> : 21 juillet \u2013 7 ao\u00fbt 2025<\/span><\/p><\/li><li data-start=\"2734\" data-end=\"2817\"><p data-start=\"2736\" data-end=\"2817\"><span class=\"relative -mx-px my-[-0.2rem] rounded px-px py-[0.2rem] transition-colors duration-100 ease-in-out\"><strong data-start=\"0\" data-end=\"9\" data-is-only-node=\"\">Lieux<\/strong> : Chapiteau principal (~6\u202f000 places), salle de L\u2019Astrada (~500 places), concerts gratuits sur la place centrale.<\/span>\u00a0<\/p><\/li><li data-start=\"2818\" data-end=\"2899\"><p data-start=\"2820\" data-end=\"2899\"><span class=\"relative -mx-px my-[-0.2rem] rounded px-px py-[0.2rem] transition-colors duration-100 ease-in-out\"><strong data-start=\"0\" data-end=\"10\" data-is-only-node=\"\">Format<\/strong> : Un concert sous le chapiteau chaque soir, des animations gratuites en journ\u00e9e dans le village.<\/span>\u00a0<\/p><\/li><\/ul><h2 data-start=\"2906\" data-end=\"2936\"><span style=\"font-size: 14pt;\">Playlist &amp; extrait vid\u00e9o<\/span><\/h2><ul data-start=\"2938\" data-end=\"3105\"><li data-start=\"2938\" data-end=\"3022\"><p data-start=\"2940\" data-end=\"3022\"><span class=\"relative -mx-px my-[-0.2rem] rounded px-px py-[0.2rem] transition-colors duration-100 ease-in-out\">Une <strong data-start=\"4\" data-end=\"35\">playlist officielle Spotify<\/strong> regroupe les artistes de l\u2019\u00e9dition 2025<\/span> .<\/p><\/li><li data-start=\"3023\" data-end=\"3105\"><p data-start=\"3025\" data-end=\"3105\"><span class=\"relative -mx-px my-[-0.2rem] rounded px-px py-[0.2rem] transition-colors duration-100 ease-in-out\">Aper\u00e7u vid\u00e9o avec un extrait de Sophie Alour et Robert Plant sur YouTube<\/span>\u00a0<\/p><\/li><\/ul><h2 class=\"\" data-sourcepos=\"1:1-1:58\"><span style=\"font-size: 14pt;\">Programme Jazz in Marciac 2024 : Une \u00e9dition riche en d\u00e9couvertes<\/span><\/h2><p data-sourcepos=\"3:1-3:159\"><strong>L&#8217;\u00e9dition 2024\u00a0 a \u00e9t\u00e9 un v\u00e9ritable succ\u00e8s, offrant un m\u00e9lange \u00e9clectique de jazz, de musiques du monde et de collaborations inattendues. <\/strong>Le festival Jazz in Marciac 2024 s&#8217;est tenu du 25 juillet au 15 ao\u00fbt.<\/p><p data-sourcepos=\"5:1-5:17\">Si vous souhaitez revivre les moments forts de cette \u00e9dition, vous pouvez consulter la programmation d\u00e9taill\u00e9e sur le site officiel de Jazz in Marciac : <a href=\"https:\/\/jazzinmarciac.com\/programmation-par-date\" target=\"_blank\" rel=\"noopener\">https:\/\/jazzinmarciac.com\/programmation-par-date<\/a><\/p><h3 class=\"\" data-sourcepos=\"7:1-7:44\">Quelques temps forts de l&#8217;\u00e9dition 2024 :<\/h3><ul data-sourcepos=\"9:1-9:23\"><li data-sourcepos=\"9:1-9:23\"><strong>Pink Martini :<\/strong> Le groupe a ouvert le festival avec son m\u00e9lange unique de styles musicaux du monde entier, transportant le public dans un voyage sonore exaltant.<\/li><li data-sourcepos=\"10:1-10:159\"><strong>\u00c9mile Parisien Quartet &amp; L&#8217;Orchestre National du Capitole de Toulouse :<\/strong> Un concert \u00e9v\u00e9nement qui a mis en lumi\u00e8re le talent du saxophoniste fran\u00e7ais.<\/li><li data-sourcepos=\"11:1-11:126\"><strong>Chris Potter, Brad Mehldau, John Patitucci, Johnathan Blake :<\/strong> Un quartet de r\u00eave qui a offert une performance m\u00e9morable.<\/li><li data-sourcepos=\"12:1-12:112\"><strong>Autres temps forts :<\/strong> Ludovico Einaudi, Meshell Ndegeocello, Chris Isaak, Ibrahim Maalouf, Richard Galliano, Chucho Vald\u00e9s&#8230;<\/li><\/ul><h3 class=\"\" data-sourcepos=\"14:1-14:37\">Pourquoi revivre l&#8217;\u00e9dition 2024 ?<\/h3><ul data-sourcepos=\"16:1-19:0\"><li data-sourcepos=\"16:1-16:150\"><strong>Pour se rem\u00e9morer les \u00e9motions v\u00e9cues :<\/strong> Revivre les concerts en vid\u00e9o ou en audio permet de replonger dans l&#8217;ambiance unique du festival.<\/li><li data-sourcepos=\"17:1-17:133\"><strong>Pour d\u00e9couvrir de nouveaux artistes :<\/strong> Si vous avez manqu\u00e9 certains concerts, c&#8217;est l&#8217;occasion de d\u00e9couvrir de nouveaux talents.<\/li><li data-sourcepos=\"18:1-19:0\"><strong>Pour patienter avant la prochaine \u00e9dition :<\/strong> En attendant la programmation 2025, revivre les moments forts de l&#8217;ann\u00e9e pr\u00e9c\u00e9dente permet de patienter avec impatience.<\/li><\/ul><h2 class=\"\" data-sourcepos=\"1:1-1:50\"><span style=\"font-size: 18pt;\">Jazz in Marciac 2023 : Un voyage musical r\u00e9ussi<\/span><\/h2><p data-sourcepos=\"3:1-3:272\"><strong>L&#8217;\u00e9dition 2023 de Jazz in Marciac a marqu\u00e9 les esprits avec une programmation riche et vari\u00e9e.<\/strong> Le festival a c\u00e9l\u00e9br\u00e9 ses 45 ans sous le signe de la libert\u00e9, offrant au public un large \u00e9ventail de styles musicaux, du jazz traditionnel aux sonorit\u00e9s plus contemporaines.<\/p><h3 class=\"\" data-sourcepos=\"5:1-5:31\">Des moments forts \u00e0 retenir<\/h3><p data-sourcepos=\"7:1-7:104\">L&#8217;\u00e9dition 2023 a \u00e9t\u00e9 marqu\u00e9e par la pr\u00e9sence de nombreux artistes de renomm\u00e9e internationale, tels que :<\/p><ul data-sourcepos=\"9:1-11:1\"><li data-sourcepos=\"9:1-9:22\"><strong>Abdullah Ibrahim<\/strong><\/li><li data-sourcepos=\"10:1-10:16\"><strong>Anne Paceo<\/strong><\/li><li data-sourcepos=\"11:1-11:1\"><strong>Ben Harper<\/strong><\/li><li data-sourcepos=\"12:1-12:28\"><strong>C\u00e9cile McLorin Salvant<\/strong><\/li><li data-sourcepos=\"13:1-13:15\"><strong>Cory Wong<\/strong><\/li><li data-sourcepos=\"14:1-14:20\"><strong>Dhafer Youssef<\/strong><\/li><li data-sourcepos=\"15:1-16:0\"><strong>Duttronc Rosenberg Gresse Trio<\/strong><\/li><\/ul><p data-sourcepos=\"17:1-17:160\">Ces artistes, aux univers musicaux tr\u00e8s diff\u00e9rents, ont offert des prestations exceptionnelles, d\u00e9montrant une fois de plus la richesse et la diversit\u00e9 du jazz.<\/p><h2><span style=\"font-size: 18pt;\">Activit\u00e9s et Particularit\u00e9s du Festival de Jazz<\/span><\/h2><h3>Les Concerts en Plein Air<\/h3><p>Outre les concerts en salle, des performances en plein air sont organis\u00e9es, permettant aux visiteurs de profiter de la musique dans une atmosph\u00e8re d\u00e9tendue et festive.<\/p><h3>Ateliers et Masterclasses<\/h3><p>Des ateliers et masterclasses sont propos\u00e9s pour les musiciens amateurs et professionnels, offrant une occasion unique d&#8217;apprendre aupr\u00e8s des meilleurs artistes de jazz.<\/p><h3>L&#8217;Environnement de la Ville<\/h3><h4>D\u00e9couverte de Marciac<\/h4><p>Marciac est une charmante petite ville offrant de nombreux attraits touristiques. Promenez-vous dans ses rues pittoresques, d\u00e9couvrez ses march\u00e9s locaux et profitez de la gastronomie r\u00e9gionale.<\/p><h4>La Gastronomie Locale<\/h4><p>Les visiteurs peuvent d\u00e9guster des sp\u00e9cialit\u00e9s locales comme le foie gras, le confit de canard et les vins du Sud-Ouest, faisant de leur s\u00e9jour une v\u00e9ritable exp\u00e9rience culinaire.<\/p><h2><span style=\"font-size: 18pt;\">Jazz In Marciac festival -FAQ<\/span><\/h2><p><strong>Qu&#8217;est-ce que le festival Jazz in Marciac ?<\/strong><\/p><p>Le festival est un \u00e9v\u00e9nement annuel de jazz qui se d\u00e9roule dans la ville de Marciac, en France, attirant des artistes et spectateurs du monde entier.<\/p><p><strong>Quels artistes c\u00e9l\u00e8bres ont jou\u00e9 \u00e0 Jazz in Marciac ?<\/strong><\/p><p>Des l\u00e9gendes comme <strong>Miles Davis<\/strong>, <strong>Dizzy Gillespie<\/strong>, <strong>Herbie Hancock<\/strong> et des stars contemporaines comme <strong>Diana Krall<\/strong>, <strong>Wynton Marsalis<\/strong> et <strong>Norah Jones<\/strong> ont perform\u00e9 \u00e0 Marciac.<\/p><p><strong>Comment acc\u00e9der au festival Jazz in Marciac ?<\/strong><\/p><p>Marciac est accessible en voiture, train (gare de Tarbes), et avion (a\u00e9roports de Toulouse et Pau). Des navettes sont disponibles pendant le festival.<\/p><p><strong>Quelles sont les options de logement \u00e0 Marciac ?<\/strong><\/p><p>Les options incluent h\u00f4tels, chambres d&#8217;h\u00f4tes et terrains de camping.<\/p><p><strong>Quels sont les tarifs des concerts ?<\/strong><\/p><p>Les tarifs varient selon les artistes et les dates, avec des pass disponibles pour plusieurs jours ou pour toute la dur\u00e9e du festival.<\/p><p><strong>Quelles sont les dates du festival Jazz in Marciac 2024 ?<\/strong><\/p><p>Le festival <strong>Jazz in Marciac 2024<\/strong> s&#8217;est tenu du 25 juillet au 15 ao\u00fbt.<\/p><h2><span style=\"font-size: 18pt;\">Jazz in Marciac festival- Conclusion<\/span><\/h2><p><strong>Jazz in Marciac<\/strong> est bien plus qu&#8217;un simple festival de musique. C&#8217;est une c\u00e9l\u00e9bration de la culture jazz dans <a href=\"https:\/\/fr.wikipedia.org\/wiki\/Marciac\" target=\"_blank\" rel=\"noopener\">un cadre magnifique<\/a>, offrant une exp\u00e9rience unique et m\u00e9morable \u00e0 tous les visiteurs. Que vous soyez un amateur de jazz ou simplement \u00e0 la recherche d&#8217;une exp\u00e9rience estivale exceptionnelle, Marciac vous attend avec son hospitalit\u00e9 chaleureuse et sa programmation musicale exceptionnelle.<\/p>\t\t\t\t\t\t\t\t<\/div>\n\t\t\t\t<\/div>\n\t\t\t\t<\/div>\n\t\t","protected":false},"excerpt":{"rendered":"<p>Explorez le Festival Jazz in Marciac 2024. Retrouvez l&#8217;histoire, les stars, les informations pratiques, logements, tarifs, dates et activit\u00e9s \u00e0 Marciac.<\/p>","protected":false},"author":1,"featured_media":42245,"comment_status":"closed","ping_status":"open","sticky":false,"template":"elementor_header_footer","format":"standard","meta":{"ngg_post_thumbnail":0,"footnotes":""},"categories":[1305,477,1304,1165],"tags":[1298,1306,991,1303],"class_list":["post-42244","post","type-post","status-publish","format-standard","has-post-thumbnail","hentry","category-marciac","category-france","category-gers","category-occitanie","tag-festivals","tag-jazz","tag-loisirs","tag-musique"],"_links":{"self":[{"href":"https:\/\/cparici.com\/en\/wp-json\/wp\/v2\/posts\/42244","targetHints":{"allow":["GET"]}}],"collection":[{"href":"https:\/\/cparici.com\/en\/wp-json\/wp\/v2\/posts"}],"about":[{"href":"https:\/\/cparici.com\/en\/wp-json\/wp\/v2\/types\/post"}],"author":[{"embeddable":true,"href":"https:\/\/cparici.com\/en\/wp-json\/wp\/v2\/users\/1"}],"replies":[{"embeddable":true,"href":"https:\/\/cparici.com\/en\/wp-json\/wp\/v2\/comments?post=42244"}],"version-history":[{"count":0,"href":"https:\/\/cparici.com\/en\/wp-json\/wp\/v2\/posts\/42244\/revisions"}],"wp:featuredmedia":[{"embeddable":true,"href":"https:\/\/cparici.com\/en\/wp-json\/wp\/v2\/media\/42245"}],"wp:attachment":[{"href":"https:\/\/cparici.com\/en\/wp-json\/wp\/v2\/media?parent=42244"}],"wp:term":[{"taxonomy":"category","embeddable":true,"href":"https:\/\/cparici.com\/en\/wp-json\/wp\/v2\/categories?post=42244"},{"taxonomy":"post_tag","embeddable":true,"href":"https:\/\/cparici.com\/en\/wp-json\/wp\/v2\/tags?post=42244"}],"curies":[{"name":"wp","href":"https:\/\/api.w.org\/{rel}","templated":true}]}}