{"id":42626,"date":"2024-08-22T09:10:29","date_gmt":"2024-08-22T07:10:29","guid":{"rendered":"https:\/\/cparici.com\/?p=42626"},"modified":"2025-12-30T09:16:10","modified_gmt":"2025-12-30T08:16:10","slug":"pont-du-gard","status":"publish","type":"post","link":"https:\/\/cparici.com\/en\/pont-du-gard\/","title":{"rendered":"Pont du Gard - engineering marvel and natural treasure"},"content":{"rendered":"\t\t<div data-elementor-type=\"wp-post\" data-elementor-id=\"42626\" class=\"elementor elementor-42626\" data-elementor-post-type=\"post\">\n\t\t\t\t<div class=\"elementor-element elementor-element-e3ad50a e-con-full e-flex e-con e-parent\" data-id=\"e3ad50a\" data-element_type=\"container\" data-e-type=\"container\">\n\t\t\t\t<div class=\"elementor-element elementor-element-9663203 elementor-widget elementor-widget-image\" data-id=\"9663203\" data-element_type=\"widget\" data-e-type=\"widget\" data-widget_type=\"image.default\">\n\t\t\t\t\t\t\t\t\t\t\t\t\t\t\t<img decoding=\"async\" width=\"1500\" height=\"530\" src=\"https:\/\/cparici.com\/wp-content\/uploads\/2024\/08\/pont-du-Gard.jpg\" class=\"attachment-full size-full wp-image-42628\" alt=\"pont du Gard - grand site de france\" srcset=\"https:\/\/cparici.com\/wp-content\/uploads\/2024\/08\/pont-du-Gard.jpg 1500w, https:\/\/cparici.com\/wp-content\/uploads\/2024\/08\/pont-du-Gard-600x212.jpg 600w, https:\/\/cparici.com\/wp-content\/uploads\/2024\/08\/pont-du-Gard-300x106.jpg 300w, https:\/\/cparici.com\/wp-content\/uploads\/2024\/08\/pont-du-Gard-1024x362.jpg 1024w, https:\/\/cparici.com\/wp-content\/uploads\/2024\/08\/pont-du-Gard-768x271.jpg 768w\" sizes=\"(max-width: 1500px) 100vw, 1500px\" \/>\t\t\t\t\t\t\t\t\t\t\t\t\t\t\t<\/div>\n\t\t\t\t<\/div>\n\t\t<aside class=\"elementor-element elementor-element-1082b30 e-flex e-con-boxed e-con e-parent\" data-id=\"1082b30\" data-element_type=\"container\" data-e-type=\"container\">\n\t\t\t\t\t<div class=\"e-con-inner\">\n\t\t\t\t<div class=\"elementor-element elementor-element-ee90df6 elementor-widget elementor-widget-global elementor-global-62046 elementor-widget-eael-advanced-search\" data-id=\"ee90df6\" data-element_type=\"widget\" data-e-type=\"widget\" data-widget_type=\"eael-advanced-search.default\">\n\t\t\t\t\t        <div class=\"eael-adv-search-wrapper\">\n            <div id=\"eael-advanced-search-widget-ee90df6\" class=\"eael-advanced-search-widget\">\n                <form data-settings=\"{&quot;post_per_page&quot;:5,&quot;search_among_taxonomies&quot;:&quot;&quot;,&quot;search_among_sku&quot;:&quot;no&quot;,&quot;show_popular_keyword&quot;:0,&quot;show_category&quot;:0,&quot;show_content_image&quot;:1,&quot;show_search_result_all_results&quot;:0,&quot;result_on_new_tab&quot;:&quot;no&quot;,&quot;show_product_price&quot;:&quot;no&quot;,&quot;include_current_page&quot;:&quot;no&quot;,&quot;current_post_id&quot;:42626,&quot;post_type&quot;:[&quot;post&quot;,&quot;listing&quot;]}\" method=\"POST\" name=\"eael-advanced-search-form-ee90df6\" class=\"eael-advanced-search-form eael-advanced-search-form-style-2\">\n                    <div class=\"eael-advanced-search-wrap\">\n                        <span class=\"eael-adv-search-loader\"><\/span>\n                        <span class=\"eael-adv-search-close\"><i class=\"fas fa-times\"><\/i><\/span>\n                        <span class=\"icon \"><i class=\"fas fa-search\"><\/i><\/span>\n\n                        <input type=\"text\"\n                               placeholder=\"Votre destination\"\n                               class=\"eael-advanced-search\" autocomplete=\"off\" name=\"eael_advanced_search\">\n                    <\/div>\n\t\t\t\t\t                                    <\/form>\n\n\t\t\t\t\n\t\t\t\t        <div class=\"eael-advanced-search-result\">\n            <div class=\"eael-advanced-search-popular-keyword\">\n\t\t\t\t<h4 class=\"eael-advanced-search-popular-keyword-text\">Recherches populaires<\/h4>                <div class=\"eael-popular-keyword-content\"><\/div>\n            <\/div>\n            <div class=\"eael-advanced-search-category\">\n\t\t\t\t<h4 class=\"eael-advanced-search-category-text\">Categories<\/h4>                <div class=\"eael-popular-category-content\"><\/div>\n            <\/div>\n\t\t\t<div class=\"eael-advanced-search-total-results-section\">\n\t\t\t\t\t\t\t<\/div>\n            <div class=\"eael-advanced-search-content eael-item-style-3\">\n            <\/div>\n            <div class=\"eael-advanced-search-not-found\">\n                <p>Pas de r\u00e9sultats<\/p><\/div>\n            <div class=\"eael-advanced-search-load-more\">\n\t\t\t\t<a \tclass=\"eael-advanced-search-load-more-button\"\n                \thref=\"#\">Voir tous les r\u00e9sultats<\/a>\n            <\/div>\n        <\/div>\n\n\t\t            <\/div>\n        <\/div>\n\n\t\t\t\t\t\t<\/div>\n\t\t\t\t\t<\/div>\n\t\t\t\t<\/aside>\n\t\t<div class=\"elementor-element elementor-element-70bd3682 e-flex e-con-boxed e-con e-parent\" data-id=\"70bd3682\" data-element_type=\"container\" data-e-type=\"container\">\n\t\t\t\t\t<div class=\"e-con-inner\">\n\t\t\t\t<div class=\"elementor-element elementor-element-48537c2a elementor-widget elementor-widget-text-editor\" data-id=\"48537c2a\" data-element_type=\"widget\" data-e-type=\"widget\" data-widget_type=\"text-editor.default\">\n\t\t\t\t\t\t\t\t\t<h1 style=\"text-align: center;\"><span style=\"font-size: 18pt;\"><strong>Le Pont du Gard<\/strong><\/span><\/h1><p><strong>Le Pont du Gard<\/strong>, \u00e9difi\u00e9 au Ier si\u00e8cle, est un aqueduc romain monumental destin\u00e9 \u00e0 transporter l&#8217;eau de la fontaine d&#8217;Eure, situ\u00e9e \u00e0 Uz\u00e8s, vers la ville de N\u00eemes. Il d\u00e9tient le record du <strong>plus haut pont-aqueduc de l&#8217;\u00e9poque antique<\/strong>, s&#8217;\u00e9levant \u00e0 48,8 m\u00e8tres pour une longueur de 275 m\u00e8tres.<\/p><p>Cet ouvrage d&#8217;art traverse le Gardon, <a href=\"https:\/\/cparici.com\/fr\/rivieres-et-fleuves-de-france\/\">rivi\u00e8re<\/a> ayant fa\u00e7onn\u00e9 d&#8217;impressionnantes gorges dans le paysage environnant. Reconnu comme monument historique et culturel, le Pont du Gard est inscrit au <a href=\"https:\/\/cparici.com\/fr\/patrimoine-mondial-de-l-unesco-en-france\/\">patrimoine mondial de l&#8217;UNESCO<\/a> depuis 1985. Il illustre le savoir-faire et l&#8217;esth\u00e9tique romaine, parvenant \u00e0 combiner une beaut\u00e9 saisissante avec une ing\u00e9nierie d&#8217;exception.<\/p><p>Plus qu&#8217;une prouesse architecturale, le Pont du Gard est un espace vivant d&#8217;exploration et de loisirs, invitant \u00e0 l&#8217;immersion dans un environnement naturel, culturel et ludique. Il propose une immersion dans l&#8217;histoire et la g\u00e9ographie, offrant une fen\u00eatre ouverte sur un h\u00e9ritage hors du commun.<\/p><h2><span style=\"font-size: 18pt;\">Un exploit d&#8217;ing\u00e9nierie antique<\/span><\/h2><figure id=\"attachment_42631\" aria-describedby=\"caption-attachment-42631\" style=\"width: 1500px\" class=\"wp-caption aligncenter\"><a href=\"https:\/\/cparici.com\/wp-content\/uploads\/2024\/08\/pont-du-gard-photo-au-coucher-du-soleil.jpg\"><img decoding=\"async\" class=\"wp-image-42631 size-full\" title=\"pont du gard - photo au coucher du soleil\" src=\"https:\/\/cparici.com\/wp-content\/uploads\/2024\/08\/pont-du-gard-photo-au-coucher-du-soleil.jpg\" alt=\"pont du gard - photo au coucher du soleil\" width=\"1500\" height=\"530\" srcset=\"https:\/\/cparici.com\/wp-content\/uploads\/2024\/08\/pont-du-gard-photo-au-coucher-du-soleil.jpg 1500w, https:\/\/cparici.com\/wp-content\/uploads\/2024\/08\/pont-du-gard-photo-au-coucher-du-soleil-600x212.jpg 600w, https:\/\/cparici.com\/wp-content\/uploads\/2024\/08\/pont-du-gard-photo-au-coucher-du-soleil-300x106.jpg 300w, https:\/\/cparici.com\/wp-content\/uploads\/2024\/08\/pont-du-gard-photo-au-coucher-du-soleil-1024x362.jpg 1024w, https:\/\/cparici.com\/wp-content\/uploads\/2024\/08\/pont-du-gard-photo-au-coucher-du-soleil-768x271.jpg 768w\" sizes=\"(max-width: 1500px) 100vw, 1500px\" \/><\/a><figcaption id=\"caption-attachment-42631\" class=\"wp-caption-text\">pont du gard &#8211; photo au coucher du soleil<\/figcaption><\/figure><p>Le Pont du Gard est un monument spectaculaire, repr\u00e9sentant un t\u00e9moignage remarquable de l&#8217;ing\u00e9nierie romaine. Cette structure complexe et efficace n\u00e9cessite une exploration de son histoire, de ses techniques de construction et de son r\u00f4le important.<\/p><h3>Historique et contexte de construction<\/h3><p>\u00c9rig\u00e9 \u00e0 la fin du Ier si\u00e8cle avant J.-C. sous l&#8217;empereur Auguste, le Pont du Gard faisait partie d&#8217;un aqueduc de 50 km destin\u00e9 \u00e0 approvisionner N\u00eemes (alors Nemausus) en eau. Cette colonie romaine, \u00e9tablie par des v\u00e9t\u00e9rans de la guerre des Gaules, exigeait un approvisionnement cons\u00e9quent en eau pour ses fontaines, bains publics et r\u00e9sidents, depuis la source d&#8217;Eure pr\u00e8s d&#8217;Uz\u00e8s.<\/p><p>L&#8217;initiative de cet aqueduc revient \u00e0 Marcus Agrippa, proche collaborateur d&#8217;Auguste. Sa construction, qui a dur\u00e9 environ 15 ans, a mobilis\u00e9 des milliers d&#8217;ouvriers, artisans et ing\u00e9nieurs.<\/p><h3>La technique de construction romaine<\/h3><p>Pour construire le Pont du Gard, les Romains ont employ\u00e9 des m\u00e9thodes avanc\u00e9es, notamment en creusant une tranch\u00e9e pour un canal en pierre, recouvert ensuite et remblay\u00e9. Le canal pr\u00e9sentait une pente minime, de 1 cm tous les 182 m, permettant l&#8217;\u00e9coulement de l&#8217;eau par gravit\u00e9. Une grande partie de l&#8217;aqueduc, soit 35 km, \u00e9tait souterraine.<\/p><p>Le Pont du Gard, avec ses trois niveaux d&#8217;arches surplombant le Gardon, est la section la plus impressionnante de l&#8217;aqueduc. Le canal d&#8217;eau, situ\u00e9 au niveau sup\u00e9rieur, mesure 1,2 m de large et 1,8 m de haut. Un pont routier a \u00e9t\u00e9 ajout\u00e9 au XVIIIe si\u00e8cle au niveau inf\u00e9rieur pour am\u00e9liorer la circulation.<\/p><p>Cette structure majestueuse, haute de 48,8 m et longue de 275 m, est constitu\u00e9e de 50 000 tonnes de pierre, assembl\u00e9es sans mortier. Les Romains ont utilis\u00e9 des \u00e9chafaudages, des grues et des chariots pour manipuler ces blocs de pierre.<\/p><h3>L&#8217;importance du Pont du Gard dans l&#8217;acheminement de l&#8217;eau<\/h3><p>Essentiel pour l&#8217;aqueduc de N\u00eemes, le Pont du Gard permettait d&#8217;acheminer environ 40 000 m<sup>3<\/sup> d&#8217;eau par jour \u00e0 la ville, distribu\u00e9e via un r\u00e9seau de fontaines, de bains publics et de canalisations priv\u00e9es. Ce syst\u00e8me t\u00e9moigne du niveau de confort et d&#8217;hygi\u00e8ne des habitants de N\u00eemes \u00e0 l&#8217;\u00e9poque romaine. Bien que l&#8217;aqueduc ait \u00e9t\u00e9 abandonn\u00e9 au VIe si\u00e8cle apr\u00e8s J.-C., le Pont du Gard a continu\u00e9 de servir de pont routier jusqu&#8217;au XXe si\u00e8cle, contribuant \u00e0 sa pr\u00e9servation.<\/p><p>Class\u00e9 monument historique en 1840 et patrimoine mondial de l&#8217;UNESCO en 1985, le Pont du Gard est d\u00e9sormais un site touristique de premier plan, attirant plus d&#8217;un million de visiteurs chaque ann\u00e9e.<\/p><h2><span style=\"font-size: 18pt;\">Le Pont du Gard : un site naturel d&#8217;exception<\/span><\/h2><p>Le Pont du Gard est bien plus qu&#8217;un monument historique ; il repr\u00e9sente \u00e9galement un \u00e9crin de nature exceptionnel, dot\u00e9 d&#8217;une faune et d&#8217;une flore remarquables. \u00c0 chaque saison, le pont se r\u00e9v\u00e8le sous de nouvelles couleurs, offrant des paysages \u00e0 la fois vari\u00e9s et enchanteurs, parfaits pour la d\u00e9couverte et la relaxation. De plus, il constitue un cadre id\u00e9al pour une multitude d&#8217;activit\u00e9s en plein air, permettant ainsi de savourer la beaut\u00e9 de la nature dans le respect de son environnement.<\/p><h3>La faune et la flore autour du pont<\/h3><p>Int\u00e9gr\u00e9 au sein des 165 hectares de nature pr\u00e9serv\u00e9e du r\u00e9seau Natura 2000, le Pont du Gard est entour\u00e9 d&#8217;une biodiversit\u00e9 foisonnante. La r\u00e9gion abrite des esp\u00e8ces v\u00e9g\u00e9tales typiques de la garrigue, telles que le ch\u00eane vert, le pin d&#8217;Alep, le thym et le romarin, ainsi que des fleurs rares comme l&#8217;orchid\u00e9e sauvage, le narcisse douteux et la tulipe australe.<\/p><p>La faune est tout aussi vari\u00e9e, avec la pr\u00e9sence d&#8217;oiseaux tels que le martin-p\u00eacheur, le h\u00e9ron cendr\u00e9 et le faucon p\u00e8lerin, sans oublier les mammif\u00e8res comme le castor, le sanglier ou le renard. Les berges du Gardon sont \u00e9galement peupl\u00e9es de reptiles, d&#8217;amphibiens et d&#8217;insectes, faisant du Pont du Gard un lieu privil\u00e9gi\u00e9 pour les amoureux de la nature d\u00e9sireux d&#8217;observer et de respecter la biodiversit\u00e9 locale.<\/p><h3>Le pont au fil des saisons<\/h3><p>Le Pont du Gard se transforme au gr\u00e9 des saisons, r\u00e9v\u00e9lant \u00e0 chaque fois une facette diff\u00e9rente de sa beaut\u00e9. Au printemps, il s&#8217;habille de couleurs vives, avec l&#8217;\u00e9closion des fleurs et le bourgeonnement des arbres, offrant un cadre id\u00e9al pour profiter du r\u00e9veil de la nature. L&#8217;\u00e9t\u00e9, il devient un havre de fra\u00eecheur gr\u00e2ce \u00e0 la rivi\u00e8re du Gardon, parfaite pour la baignade et les activit\u00e9s nautiques. L&#8217;automne y est marqu\u00e9 par un festival de couleurs changeantes et de saveurs locales, tandis que l&#8217;hiver transforme le pont en un paysage f\u00e9erique, parfois nimb\u00e9 de neige.<\/p><h3>Les activit\u00e9s de plein air au Pont du Gard<\/h3><p>Le Pont du Gard invite \u00e0 une large gamme d&#8217;activit\u00e9s de plein air, con\u00e7ues pour tous les go\u00fbts et tous les \u00e2ges, dans un cadre respectueux de l&#8217;environnement. Les visiteurs peuvent explorer les environs \u00e0 travers des <a href=\"https:\/\/cparici.com\/fr\/les-meilleures-randonnees-en-france-guide\/\">randonn\u00e9es<\/a> p\u00e9destres, cyclistes ou \u00e9questres, d\u00e9couvrant ainsi les paysages et le patrimoine unique de la r\u00e9gion. Pour les amateurs de sensations fortes, des activit\u00e9s telles que la via ferrata, l&#8217;escalade ou le <a href=\"https:\/\/cparici.com\/fr\/kayak-canoe-kayak\/\">cano\u00eb-kayak<\/a> offrent des perspectives in\u00e9dites sur le pont. Enfin, des options plus calmes mais tout aussi enrichissantes, comme les espaces mus\u00e9ographiques, les visites guid\u00e9es ou les animations culturelles, permettent d&#8217;approfondir la connaissance de l&#8217;histoire et de la nature entourant le pont.<\/p><p>Le Pont du Gard est ainsi un lieu o\u00f9 divertissement, culture et d\u00e9tente se rencontrent harmonieusement au c\u0153ur de la nature.<\/p><h3><strong>Le<\/strong> <strong data-start=\"43\" data-end=\"68\">Mus\u00e9e du Pont du Gard<\/strong><\/h3><p data-start=\"40\" data-end=\"394\">Le <strong data-start=\"43\" data-end=\"68\">Mus\u00e9e du Pont du Gard<\/strong> est un espace d\u00e9di\u00e9 \u00e0 l&#8217;histoire et \u00e0 l&#8217;architecture romaine, offrant une immersion dans la construction et l&#8217;utilisation de cet aqueduc antique. Situ\u00e9 sur la rive gauche du site, le mus\u00e9e s&#8217;\u00e9tend sur 2 500 m\u00b2 et propose une sc\u00e9nographie immersive qui vous transporte \u00e0 l&#8217;\u00e9poque romaine.<\/p><p data-start=\"396\" data-end=\"422\"><strong data-start=\"396\" data-end=\"422\">Expositions et Espaces<\/strong><\/p><ul data-start=\"424\" data-end=\"1102\"><li data-start=\"424\" data-end=\"657\"><p data-start=\"426\" data-end=\"657\"><strong data-start=\"426\" data-end=\"449\">Parcours Historique<\/strong> : D\u00e9couvrez l&#8217;importance de l&#8217;eau dans la civilisation romaine \u00e0 travers des sc\u00e8nes de la vie quotidienne et plongez au c\u0153ur du chantier de construction du Pont du Gard.<\/p><\/li><li data-start=\"659\" data-end=\"874\"><p data-start=\"661\" data-end=\"874\"><strong data-start=\"661\" data-end=\"676\">Espace Ludo<\/strong> : Con\u00e7u pour les enfants de 5 \u00e0 12 ans, cet espace interactif permet aux plus jeunes d&#8217;apprendre en s&#8217;amusant sur le th\u00e8me de l&#8217;eau et de l&#8217;ing\u00e9nierie romaine.<\/p><\/li><li data-start=\"876\" data-end=\"1102\"><p data-start=\"878\" data-end=\"1102\"><strong data-start=\"878\" data-end=\"888\">Cin\u00e9ma<\/strong> : Un film de 12 minutes, &#8220;Un Pont traverse le Temps&#8221;, retrace les 2 000 ans d&#8217;histoire du monument, offrant une perspective enrichissante sur son \u00e9volution \u00e0 travers les \u00e2ges.<\/p><\/li><\/ul><p data-start=\"1104\" data-end=\"1130\"><strong data-start=\"1104\" data-end=\"1130\">Informations Pratiques<\/strong><\/p><ul data-start=\"1132\" data-end=\"1740\"><li data-start=\"1132\" data-end=\"1358\"><p data-start=\"1134\" data-end=\"1358\"><strong data-start=\"1134\" data-end=\"1146\">Horaires<\/strong> : Les horaires d&#8217;ouverture varient selon les saisons. Il est recommand\u00e9 de consulter le site officiel avant votre visite. Notez que le mus\u00e9e est ferm\u00e9 tous les lundis matin.<\/p><\/li><li data-start=\"1360\" data-end=\"1553\"><p data-start=\"1362\" data-end=\"1553\"><strong data-start=\"1362\" data-end=\"1372\">Tarifs<\/strong> : L&#8217;acc\u00e8s aux espaces de d\u00e9couverte est inclus dans le billet d&#8217;entr\u00e9e au site. Le stationnement est factur\u00e9 9 \u20ac par v\u00e9hicule pour la journ\u00e9e.<\/p><\/li><li data-start=\"1555\" data-end=\"1740\"><p data-start=\"1557\" data-end=\"1740\"><strong data-start=\"1557\" data-end=\"1566\">Acc\u00e8s<\/strong> : Le site est accessible aux personnes \u00e0 mobilit\u00e9 r\u00e9duite. Les animaux ne sont pas autoris\u00e9s \u00e0 l&#8217;int\u00e9rieur des espaces mus\u00e9ographiques.<\/p><\/li><\/ul><p data-start=\"1742\" data-end=\"2040\">Pour une exp\u00e9rience enrichissante, il est conseill\u00e9 de pr\u00e9voir au moins deux heures pour la visite du mus\u00e9e et des autres espaces culturels du site. N&#8217;h\u00e9sitez pas \u00e0 consulter la billetterie en ligne pour r\u00e9server vos billets et organiser au mieux votre visite.<\/p><h2><span style=\"font-size: 18pt;\">Patrimoine et cultures : le Pont du Gard \u00e0 travers les \u00e2ges<\/span><\/h2><p>Le Pont du Gard se dresse comme un t\u00e9moin majestueux de l&#8217;histoire romaine et un symbole vibrant de la continuit\u00e9 et de la diversit\u00e9 culturelle. Sa trajectoire, de l&#8217;Antiquit\u00e9 \u00e0 l&#8217;\u00e9poque moderne, est marqu\u00e9e par des transformations, des usages vari\u00e9s et des influences diverses qui ont enrichi sa renomm\u00e9e. En outre, il est une source in\u00e9puisable d&#8217;inspiration artistique et culturelle, captivant l&#8217;int\u00e9r\u00eat et l&#8217;admiration de cr\u00e9ateurs et de visiteurs du monde entier.<\/p><p>Il joue \u00e9galement un r\u00f4le essentiel dans le tourisme et l&#8217;\u00e9ducation, offrant un espace unique pour la d\u00e9couverte, la transmission et la valorisation du patrimoine.<\/p><h3>De l&#8217;antiquit\u00e9 \u00e0 nos jours : les diff\u00e9rentes vies du pont<\/h3><p>Construit au Ier si\u00e8cle apr\u00e8s J.-C. sous l&#8217;empereur Auguste, le Pont du Gard faisait partie de l&#8217;aqueduc de N\u00eemes. Con\u00e7u par des ing\u00e9nieurs et architectes romains, il repr\u00e9sente une prouesse technique remarquable. Bien que l&#8217;aqueduc ait \u00e9t\u00e9 abandonn\u00e9 au VIe si\u00e8cle, le pont a continu\u00e9 de servir de voie routi\u00e8re jusqu&#8217;au XXe si\u00e8cle, permettant ainsi sa pr\u00e9servation.<\/p><p>Au cours des si\u00e8cles, le pont a \u00e9t\u00e9 adapt\u00e9 \u00e0 divers usages : fortification au IXe si\u00e8cle, p\u00e9age m\u00e9di\u00e9val, et m\u00eame carri\u00e8re \u00e0 l&#8217;\u00e9poque moderne. D\u00e8s le XVIIIe si\u00e8cle, des mesures de restauration et de protection ont \u00e9t\u00e9 initi\u00e9es par des figures telles que Charles Lepierre et Prosper M\u00e9rim\u00e9e, menant \u00e0 son classement comme monument historique en 1840 et son inscription au patrimoine mondial de l&#8217;UNESCO en 1985. Depuis 2000, le Conseil g\u00e9n\u00e9ral du Gard a entrepris sa valorisation avec la cr\u00e9ation d&#8217;un \u00e9tablissement public et d&#8217;un centre culturel.<\/p><p>Aujourd&#8217;hui, le pont est c\u00e9l\u00e9br\u00e9 comme un symbole de la continuit\u00e9 et de la diversit\u00e9 culturelle.<\/p><h3>Le Pont du Gard, source d&#8217;inspiration artistique et culturelle<\/h3><p>Source d&#8217;inspiration depuis le XVIe si\u00e8cle, le Pont du Gard a attir\u00e9 des artistes illustres tels que Jean-Honor\u00e9 Fragonard, Hubert Robert, J.M.W. Turner et Henri Matisse. \u00c9crivains et po\u00e8tes, parmi lesquels Jean Racine, Jean-Jacques Rousseau, Alexandre Dumas et Andr\u00e9 Gide, ont \u00e9galement c\u00e9l\u00e9br\u00e9 le pont dans leurs \u0153uvres.<\/p><p>Il a servi de d\u00e9cor \u00e0 divers films et documentaires, tels que &#8220;La Fille du puisatier&#8221; de Marcel Pagnol et &#8220;Le Corniaud&#8221; de G\u00e9rard Oury, soulignant sa beaut\u00e9 sous diff\u00e9rents angles. Le site accueille \u00e9galement de nombreuses manifestations culturelles, offrant spectacles, concerts, expositions et festivals, tels que Les F\u00e9eries du Pont ou Les Lives du Pont.<\/p><p>De nos jours, le pont demeure un lieu vibrant de cr\u00e9ation, d&#8217;expression et de partage artistique et culturel.<\/p><h3>Le r\u00f4le du Pont du Gard dans le tourisme et l&#8217;\u00e9ducation<\/h3><p>Le Pont du Gard est un pilier du tourisme et de l&#8217;\u00e9ducation, attirant plus d&#8217;un million de visiteurs annuellement. <strong>Il dispose d&#8217;espaces mus\u00e9ographiques d\u00e9di\u00e9s \u00e0 son histoire, sa technique et son environnement<\/strong>, tels que le <a href=\"https:\/\/cparici.com\/fr\/musees-en-france\/\">Mus\u00e9e<\/a>, le Cin\u00e9, le Ludo ou le M\u00e9moires de Garrigue.<\/p><p>Des visites guid\u00e9es vari\u00e9es sont propos\u00e9es, permettant d&#8217;explorer le pont sous divers aspects, ainsi que des animations ludiques et p\u00e9dagogiques telles que des ateliers et des jeux. Le site est \u00e9galement un centre d&#8217;\u00e9ducation, accueillant \u00e9coles et universit\u00e9s pour des apprentissages approfondis gr\u00e2ce \u00e0 des outils p\u00e9dagogiques adapt\u00e9s. Enfin, il sert de lieu de recherche pour scientifiques et universitaires, enrichissant la connaissance et la diffusion du patrimoine.<\/p><h2><span style=\"font-size: 18pt;\">Conclusion<\/span><\/h2><p>Le Pont du Gard se distingue comme une merveille architecturale du <a href=\"https:\/\/cparici.com\/fr\/patrimoine-de-france\/\">patrimoine<\/a> de la France et de l&#8217;<a href=\"https:\/\/cparici.com\/fr\/occitanie\/\">Occitanie<\/a>, incarnant le savoir-faire et l&#8217;esth\u00e9tisme des Romains. Ce monument, par sa beaut\u00e9 et son ing\u00e9niosit\u00e9 technique, d\u00e9montre une ma\u00eetrise remarquable. En outre, il s&#8217;inscrit dans un cadre naturel d&#8217;exception, peupl\u00e9 d&#8217;une faune et d&#8217;une flore diversifi\u00e9es, offrant ainsi des vues pittoresques et \u00e9clatantes.<\/p><p>Ce site embl\u00e9matique est \u00e9galement un pilier culturel, ayant influenc\u00e9 de nombreux artistes \u00e0 travers l&#8217;histoire, contribuant significativement au secteur touristique et \u00e0 l&#8217;\u00e9ducation. Le Pont du Gard repr\u00e9sente non seulement un exploit d&#8217;ing\u00e9nierie ancienne mais aussi un joyau \u00e9cologique, invitant \u00e0 un p\u00e9riple \u00e0 travers le temps et l&#8217;espace pour explorer un h\u00e9ritage culturel sans pareil.<\/p><p>Ne manquez pas l&#8217;opportunit\u00e9 de d\u00e9couvrir le Pont du Gard et de vivre une aventure m\u00e9morable !<\/p><h2><span style=\"font-size: 18pt;\">FAQ<\/span><\/h2><h3 data-start=\"244\" data-end=\"281\"><span style=\"font-size: 14pt;\"><strong data-start=\"244\" data-end=\"281\">Qui a construit le Pont du Gard ?<\/strong><\/span><\/h3><p data-start=\"283\" data-end=\"547\">Construit il y a plus de 2 000 ans, le Pont du Gard est l&#8217;\u0153uvre des Romains. Il faisait partie d&#8217;un aqueduc de pr\u00e8s de 50 km de long, acheminant l&#8217;eau de la Fontaine d&#8217;Eure, pr\u00e8s d&#8217;Uz\u00e8s, jusqu&#8217;\u00e0 N\u00eemes (alors appel\u00e9e Nemausus).<\/p><h3 data-start=\"549\" data-end=\"602\"><span style=\"font-size: 14pt;\"><strong data-start=\"549\" data-end=\"602\">Combien de temps dure la visite du Pont du Gard ?<\/strong><\/span><\/h3><p data-start=\"604\" data-end=\"821\">La dur\u00e9e de la visite d\u00e9pend de vos int\u00e9r\u00eats. L&#8217;acc\u00e8s au pont est libre, et le stationnement co\u00fbte 9 \u20ac par v\u00e9hicule, quel que soit le nombre de personnes et la dur\u00e9e de la visite.<\/p><h3 data-start=\"823\" data-end=\"864\"><span style=\"font-size: 14pt;\"><strong data-start=\"823\" data-end=\"864\">Peut-on marcher sur le Pont du Gard ?<\/strong><\/span><\/h3><p data-start=\"866\" data-end=\"1081\">Oui, il est possible de traverser le Pont du Gard \u00e0 pied sur le niveau inf\u00e9rieur, qui est accessible aux visiteurs. Cependant, l&#8217;acc\u00e8s aux niveaux sup\u00e9rieurs est g\u00e9n\u00e9ralement r\u00e9serv\u00e9 aux visites guid\u00e9es sp\u00e9cifiques.<\/p><h3 data-start=\"1083\" data-end=\"1119\"><span style=\"font-size: 14pt;\"><strong data-start=\"1083\" data-end=\"1119\">\u00c0 quoi servait le Pont du Gard ?<\/strong><\/span><\/h3><p data-start=\"1121\" data-end=\"1340\">Le Pont du Gard faisait partie d&#8217;un aqueduc romain de pr\u00e8s de 50 km de long, acheminant l&#8217;eau de la Fontaine d&#8217;Eure, pr\u00e8s d&#8217;Uz\u00e8s, jusqu&#8217;\u00e0 la ville de N\u00eemes (alors appel\u00e9e Nemausus).<\/p><h3 data-start=\"1342\" data-end=\"1385\"><span style=\"font-size: 14pt;\"><strong data-start=\"1342\" data-end=\"1385\">Quand a \u00e9t\u00e9 construit le Pont du Gard ?<\/strong><\/span><\/h3><p data-start=\"1387\" data-end=\"1507\">Le Pont du Gard a \u00e9t\u00e9 construit il y a plus de 2 000 ans, durant l&#8217;\u00e9poque romaine.<\/p><h3>Est-ce que le Pont du Gard est payant ?<\/h3><p>Le Pont du Gard est accessible gratuitement pour les randonneurs, cyclistes et cano\u00e9istes. Toutefois, pour les visiteurs arrivant en voiture ou d\u00e9sirant acc\u00e9der aux espaces de d\u00e9couverte et aux visites guid\u00e9es, des frais s&#8217;appliquent. Le stationnement est \u00e0 9\u20ac par v\u00e9hicule, tandis que l&#8217;acc\u00e8s aux espaces de d\u00e9couverte est \u00e0 8\u20ac par personne. Les r\u00e9sidents du d\u00e9partement du Gard b\u00e9n\u00e9ficient de la gratuit\u00e9 du site.<\/p><h3>Pourquoi visiter le Pont du Gard ?<\/h3><p>Visiter le Pont du Gard, c&#8217;est d\u00e9couvrir un chef-d&#8217;\u0153uvre d&#8217;ing\u00e9nierie romaine et plonger dans l&#8217;histoire \u00e0 travers un monument historique. En plus de son importance culturelle, le site offre de magnifiques paysages naturels et propose une vari\u00e9t\u00e9 d&#8217;activit\u00e9s pour tous les go\u00fbts.<\/p><h3>Est-ce qu&#8217;il y a de l&#8217;eau au Pont du Gard ?<\/h3><p>Oui, le Pont du Gard surplombe le Gardon, une rivi\u00e8re qui coule toute l&#8217;ann\u00e9e, offrant un cadre parfait pour se rafra\u00eechir et se baigner. Historiquement, le pont faisait partie d&#8217;un aqueduc romain con\u00e7u pour transporter l&#8217;eau de la Fontaine d&#8217;Eure \u00e0 Uz\u00e8s jusqu&#8217;\u00e0 N\u00eemes.<\/p><h3>Comment voir le Pont du Gard sans payer ?<\/h3><p>Pour admirer le Pont du Gard sans frais, vous pouvez soit parcourir les sentiers de randonn\u00e9e \u00e0 pied ou \u00e0 v\u00e9lo, soit naviguer en cano\u00eb ou kayak sur le Gardon. Ces options permettent de profiter de vues imprenables sur le monument sans passer par l&#8217;entr\u00e9e principale.<\/p><p>Pour en savoir plus sur le Pont du Gard, <a href=\"https:\/\/pontdugard.fr\/fr\" target=\"_blank\" rel=\"noopener\">visitez le site officiel ici.<\/a><\/p>\t\t\t\t\t\t\t\t<\/div>\n\t\t\t\t\t<\/div>\n\t\t\t\t<\/div>\n\t\t<div class=\"elementor-element elementor-element-58f9c781 e-flex e-con-boxed e-con e-parent\" data-id=\"58f9c781\" data-element_type=\"container\" data-e-type=\"container\">\n\t\t\t\t\t<div class=\"e-con-inner\">\n\t\t<div class=\"elementor-element elementor-element-4f5b15a3 e-con-full e-flex e-con e-child\" data-id=\"4f5b15a3\" data-element_type=\"container\" data-e-type=\"container\">\n\t\t\t\t<div class=\"elementor-element elementor-element-45f354ac elementor-widget elementor-widget-text-editor\" data-id=\"45f354ac\" data-element_type=\"widget\" data-e-type=\"widget\" data-widget_type=\"text-editor.default\">\n\t\t\t\t\t\t\t\t\t<p>Cet article a \u00e9t\u00e9 r\u00e9dig\u00e9 par Alex Arts,\u00a0<a href=\"https:\/\/alexantoine-photos.weebly.com\/\" target=\"_blank\" rel=\"noopener\">photographe<\/a>,\u00a0<a href=\"https:\/\/www.linkedin.com\/in\/alex-b-arts\/\" target=\"_blank\" rel=\"noopener\">cr\u00e9ateur de contenu<\/a>, et guide local.<\/p>\t\t\t\t\t\t\t\t<\/div>\n\t\t\t\t<div class=\"elementor-element elementor-element-62397b69 elementor-widget elementor-widget-author-box\" data-id=\"62397b69\" data-element_type=\"widget\" data-e-type=\"widget\" data-widget_type=\"author-box.default\">\n\t\t\t\t\t\t\t<div class=\"elementor-author-box\">\n\t\t\t\t\t\t\t<a href=\"https:\/\/www.linkedin.com\/in\/alex-b-arts\/\" class=\"elementor-author-box__avatar\" target=\"_blank\" rel=\"noopener\">\n\t\t\t\t\t<img decoding=\"async\" src=\"https:\/\/cparici.com\/wp-content\/uploads\/2024\/09\/photo-alex-arts-300x300.jpeg\" alt=\"Picture of Alex Arts\" loading=\"lazy\">\n\t\t\t\t<\/a>\n\t\t\t\n\t\t\t<div class=\"elementor-author-box__text\">\n\t\t\t\t\t\t\t\t\t<a href=\"https:\/\/www.linkedin.com\/in\/alex-b-arts\/\" target=\"_blank\" rel=\"noopener\">\n\t\t\t\t\t\t<h4 class=\"elementor-author-box__name\">\n\t\t\t\t\t\t\tAlex Arts\t\t\t\t\t\t<\/h4>\n\t\t\t\t\t<\/a>\n\t\t\t\t\n\t\t\t\t\t\t\t\t\t<div class=\"elementor-author-box__bio\">\n\t\t\t\t\t\t<p>Photographe, cr\u00e9ateur de contenu et local guide<\/p>\n\t\t\t\t\t<\/div>\n\t\t\t\t\n\t\t\t\t\t\t\t<\/div>\n\t\t<\/div>\n\t\t\t\t\t\t<\/div>\n\t\t\t\t<\/div>\n\t\t\t\t\t<\/div>\n\t\t\t\t<\/div>\n\t\t<aside class=\"elementor-element elementor-element-7615fdd e-flex e-con-boxed e-con e-parent\" data-id=\"7615fdd\" data-element_type=\"container\" data-e-type=\"container\">\n\t\t\t\t\t<div class=\"e-con-inner\">\n\t\t\t\t<div class=\"elementor-element elementor-element-8cc2939 elementor-widget elementor-widget-listeo-posts-grid\" data-id=\"8cc2939\" data-element_type=\"widget\" data-e-type=\"widget\" data-widget_type=\"listeo-posts-grid.default\">\n\t\t\t\t<div class=\"elementor-widget-container\">\n\t\t\t\t\t\t\t\n\t\t<div class=\"listeo-post-grid-wrapper\">\n\t\t\t<div class=\"row\">\n\n\t\t\t\n\n\t\t\t\t\t\t\t<div class=\"col-md-4\">\n                <a href=\"https:\/\/cparici.com\/en\/la-camargue\/\" class=\"blog-compact-item-container\">\n                    <div class=\"blog-compact-item\">\n                        <img decoding=\"async\" width=\"577\" height=\"204\" src=\"https:\/\/cparici.com\/wp-content\/uploads\/2024\/09\/camargue-577x204.jpg\" class=\"attachment-listeo-blog-related-post size-listeo-blog-related-post wp-post-image\" alt=\"camargue\" srcset=\"https:\/\/cparici.com\/wp-content\/uploads\/2024\/09\/camargue-577x204.jpg 577w, https:\/\/cparici.com\/wp-content\/uploads\/2024\/09\/camargue-600x212.jpg 600w, https:\/\/cparici.com\/wp-content\/uploads\/2024\/09\/camargue-300x106.jpg 300w, https:\/\/cparici.com\/wp-content\/uploads\/2024\/09\/camargue-1024x362.jpg 1024w, https:\/\/cparici.com\/wp-content\/uploads\/2024\/09\/camargue-768x271.jpg 768w, https:\/\/cparici.com\/wp-content\/uploads\/2024\/09\/camargue-590x208.jpg 590w, https:\/\/cparici.com\/wp-content\/uploads\/2024\/09\/camargue-1200x424.jpg 1200w, https:\/\/cparici.com\/wp-content\/uploads\/2024\/09\/camargue.jpg 1500w\" sizes=\"(max-width: 577px) 100vw, 577px\" \/><span class=\"blog-item-tag\">Bouches du Rhone<\/span>                        \n                        <div class=\"blog-compact-item-content\">\n                                                        <h3>La Camargue &#8211; entre nature, culture et traditions<\/h3>\n                                                        <p>Explorez la Camargue, r\u00e9gion unique du sud de la France. D\u00e9couvrez sa faune, flore, traditions,...                            <\/p>\n                                                    <\/div>\n                    <\/div>\n                <\/a>\n            <\/div>\n\t\t\t<div class=\"col-md-4\">\n                <a href=\"https:\/\/cparici.com\/en\/cassis-ville\/\" class=\"blog-compact-item-container\">\n                    <div class=\"blog-compact-item\">\n                        <img decoding=\"async\" width=\"577\" height=\"204\" src=\"https:\/\/cparici.com\/wp-content\/uploads\/2024\/08\/cassis-ville-bouches-du-rhone.jpg\" class=\"attachment-listeo-blog-related-post size-listeo-blog-related-post wp-post-image\" alt=\"cassis ville - bouches du rhone\" srcset=\"https:\/\/cparici.com\/wp-content\/uploads\/2024\/08\/cassis-ville-bouches-du-rhone.jpg 1500w, https:\/\/cparici.com\/wp-content\/uploads\/2024\/08\/cassis-ville-bouches-du-rhone-600x212.jpg 600w, https:\/\/cparici.com\/wp-content\/uploads\/2024\/08\/cassis-ville-bouches-du-rhone-300x106.jpg 300w, https:\/\/cparici.com\/wp-content\/uploads\/2024\/08\/cassis-ville-bouches-du-rhone-1024x362.jpg 1024w, https:\/\/cparici.com\/wp-content\/uploads\/2024\/08\/cassis-ville-bouches-du-rhone-768x271.jpg 768w\" sizes=\"(max-width: 577px) 100vw, 577px\" \/><span class=\"blog-item-tag\">Bouches du Rhone<\/span>                        \n                        <div class=\"blog-compact-item-content\">\n                                                        <h3>Cassis, ville embl\u00e9matique- tourisme, calanques et patrimoine<\/h3>\n                                                        <p>Envie de visiter Cassis ville ? Cet article vous fait d\u00e9couvrir ses attraits touristiques, ses...                            <\/p>\n                                                    <\/div>\n                    <\/div>\n                <\/a>\n            <\/div>\n\t\t\t<div class=\"col-md-4\">\n                <a href=\"https:\/\/cparici.com\/en\/var-departement\/\" class=\"blog-compact-item-container\">\n                    <div class=\"blog-compact-item\">\n                        <img decoding=\"async\" width=\"577\" height=\"225\" src=\"https:\/\/cparici.com\/wp-content\/uploads\/2024\/06\/Var-departement.jpg\" class=\"attachment-listeo-blog-related-post size-listeo-blog-related-post wp-post-image\" alt=\"Var D\u00e9partement\" srcset=\"https:\/\/cparici.com\/wp-content\/uploads\/2024\/06\/Var-departement.jpg 1500w, https:\/\/cparici.com\/wp-content\/uploads\/2024\/06\/Var-departement-600x234.jpg 600w, https:\/\/cparici.com\/wp-content\/uploads\/2024\/06\/Var-departement-300x117.jpg 300w, https:\/\/cparici.com\/wp-content\/uploads\/2024\/06\/Var-departement-1024x399.jpg 1024w, https:\/\/cparici.com\/wp-content\/uploads\/2024\/06\/Var-departement-768x299.jpg 768w\" sizes=\"(max-width: 577px) 100vw, 577px\" \/><span class=\"blog-item-tag\">D\u00e9partement de France<\/span>                        \n                        <div class=\"blog-compact-item-content\">\n                                                        <h3>Var &#8211; guide complet pour visiter le d\u00e9partement<\/h3>\n                                                        <p>Le d\u00e9partement Var vous attend avec ses paysages vari\u00e9s, son patrimoine historique et ses sp\u00e9cialit\u00e9s...                            <\/p>\n                                                    <\/div>\n                    <\/div>\n                <\/a>\n            <\/div>\n  <\/div>\n        <\/div>\n        \t\t\t\t<\/div>\n\t\t\t\t<\/div>\n\t\t\t\t\t<\/div>\n\t\t\t\t<\/aside>\n\t\t\t\t<\/div>\n\t\t","protected":false},"excerpt":{"rendered":"<p>Comment le pont du Gard a-t-il travers\u00e9 les si\u00e8cles ? Quelles sont les richesses qu&#8217;il abrite ? Cet article vous invite \u00e0 explorer cette merveille de l&#8217;ing\u00e9nierie et du patrimoine.<\/p>","protected":false},"author":1,"featured_media":42628,"comment_status":"closed","ping_status":"open","sticky":false,"template":"","format":"standard","meta":{"ngg_post_thumbnail":0,"footnotes":""},"categories":[1372,477,1371,1165,1373],"tags":[199,853],"class_list":["post-42626","post","type-post","status-publish","format-standard","has-post-thumbnail","hentry","category-vers-pont-du-gard","category-france","category-gard-occitanie","category-occitanie","category-remoulins","tag-patrimoine","tag-pont"],"_links":{"self":[{"href":"https:\/\/cparici.com\/en\/wp-json\/wp\/v2\/posts\/42626","targetHints":{"allow":["GET"]}}],"collection":[{"href":"https:\/\/cparici.com\/en\/wp-json\/wp\/v2\/posts"}],"about":[{"href":"https:\/\/cparici.com\/en\/wp-json\/wp\/v2\/types\/post"}],"author":[{"embeddable":true,"href":"https:\/\/cparici.com\/en\/wp-json\/wp\/v2\/users\/1"}],"replies":[{"embeddable":true,"href":"https:\/\/cparici.com\/en\/wp-json\/wp\/v2\/comments?post=42626"}],"version-history":[{"count":0,"href":"https:\/\/cparici.com\/en\/wp-json\/wp\/v2\/posts\/42626\/revisions"}],"wp:featuredmedia":[{"embeddable":true,"href":"https:\/\/cparici.com\/en\/wp-json\/wp\/v2\/media\/42628"}],"wp:attachment":[{"href":"https:\/\/cparici.com\/en\/wp-json\/wp\/v2\/media?parent=42626"}],"wp:term":[{"taxonomy":"category","embeddable":true,"href":"https:\/\/cparici.com\/en\/wp-json\/wp\/v2\/categories?post=42626"},{"taxonomy":"post_tag","embeddable":true,"href":"https:\/\/cparici.com\/en\/wp-json\/wp\/v2\/tags?post=42626"}],"curies":[{"name":"wp","href":"https:\/\/api.w.org\/{rel}","templated":true}]}}