{"id":42679,"date":"2024-08-23T10:11:39","date_gmt":"2024-08-23T08:11:39","guid":{"rendered":"https:\/\/cparici.com\/?p=42679"},"modified":"2026-01-07T08:55:24","modified_gmt":"2026-01-07T07:55:24","slug":"carcassonne-medieval-city","status":"publish","type":"post","link":"https:\/\/cparici.com\/en\/carcassonne-cite-medievale\/","title":{"rendered":"Carcassonne: exploration, history and must-do activities"},"content":{"rendered":"\t\t<div data-elementor-type=\"wp-post\" data-elementor-id=\"42679\" class=\"elementor elementor-42679\" data-elementor-post-type=\"post\">\n\t\t\t\t<div class=\"elementor-element elementor-element-62fade1 e-con-full e-flex e-con e-parent\" data-id=\"62fade1\" data-element_type=\"container\" data-e-type=\"container\">\n\t\t\t\t<div class=\"elementor-element elementor-element-545bc15 elementor-widget elementor-widget-image\" data-id=\"545bc15\" data-element_type=\"widget\" data-e-type=\"widget\" data-widget_type=\"image.default\">\n\t\t\t\t\t\t\t\t\t\t\t\t\t\t\t<img decoding=\"async\" width=\"1500\" height=\"530\" src=\"https:\/\/cparici.com\/wp-content\/uploads\/2024\/08\/carcassonne-cite-medievale-dans-laude-occitanie.jpg\" class=\"attachment-full size-full wp-image-42680\" alt=\"carcassonne - cit\u00e9 m\u00e9di\u00e9vale dans l&#039;aude occitanie\" srcset=\"https:\/\/cparici.com\/wp-content\/uploads\/2024\/08\/carcassonne-cite-medievale-dans-laude-occitanie.jpg 1500w, https:\/\/cparici.com\/wp-content\/uploads\/2024\/08\/carcassonne-cite-medievale-dans-laude-occitanie-600x212.jpg 600w, https:\/\/cparici.com\/wp-content\/uploads\/2024\/08\/carcassonne-cite-medievale-dans-laude-occitanie-300x106.jpg 300w, https:\/\/cparici.com\/wp-content\/uploads\/2024\/08\/carcassonne-cite-medievale-dans-laude-occitanie-1024x362.jpg 1024w, https:\/\/cparici.com\/wp-content\/uploads\/2024\/08\/carcassonne-cite-medievale-dans-laude-occitanie-768x271.jpg 768w\" sizes=\"(max-width: 1500px) 100vw, 1500px\" \/>\t\t\t\t\t\t\t\t\t\t\t\t\t\t\t<\/div>\n\t\t\t\t<\/div>\n\t\t<div class=\"elementor-element elementor-element-9b31995 e-flex e-con-boxed e-con e-parent\" data-id=\"9b31995\" data-element_type=\"container\" data-e-type=\"container\">\n\t\t\t\t\t<div class=\"e-con-inner\">\n\t\t\t\t<div class=\"elementor-element elementor-element-ee0c145 elementor-widget elementor-widget-global elementor-global-62046 elementor-widget-eael-advanced-search\" data-id=\"ee0c145\" data-element_type=\"widget\" data-e-type=\"widget\" data-widget_type=\"eael-advanced-search.default\">\n\t\t\t\t\t        <div class=\"eael-adv-search-wrapper\">\n            <div id=\"eael-advanced-search-widget-ee0c145\" class=\"eael-advanced-search-widget\">\n                <form data-settings=\"{&quot;post_per_page&quot;:5,&quot;search_among_taxonomies&quot;:&quot;&quot;,&quot;search_among_sku&quot;:&quot;no&quot;,&quot;show_popular_keyword&quot;:0,&quot;show_category&quot;:0,&quot;show_content_image&quot;:1,&quot;show_search_result_all_results&quot;:0,&quot;result_on_new_tab&quot;:&quot;no&quot;,&quot;show_product_price&quot;:&quot;no&quot;,&quot;include_current_page&quot;:&quot;no&quot;,&quot;orderby&quot;:&quot;default&quot;,&quot;order&quot;:&quot;DESC&quot;,&quot;current_post_id&quot;:42679,&quot;post_type&quot;:[&quot;post&quot;,&quot;listing&quot;]}\" method=\"POST\" name=\"eael-advanced-search-form-ee0c145\" class=\"eael-advanced-search-form eael-advanced-search-form-style-2\">\n                    <div class=\"eael-advanced-search-wrap\">\n                        <span class=\"eael-adv-search-loader\"><\/span>\n                        <span class=\"eael-adv-search-close\"><i class=\"fas fa-times\"><\/i><\/span>\n                        <span class=\"icon \"><i class=\"fas fa-search\"><\/i><\/span>\n\n                        <input type=\"text\"\n                               placeholder=\"Votre destination\"\n                               class=\"eael-advanced-search\" autocomplete=\"off\" name=\"eael_advanced_search\">\n                    <\/div>\n\t\t\t\t\t                                    <\/form>\n\n\t\t\t\t\n\t\t\t\t        <div class=\"eael-advanced-search-result\">\n            <div class=\"eael-advanced-search-popular-keyword\">\n\t\t\t\t<h4 class=\"eael-advanced-search-popular-keyword-text\">Recherches populaires<\/h4>                <div class=\"eael-popular-keyword-content\"><\/div>\n            <\/div>\n            <div class=\"eael-advanced-search-category\">\n\t\t\t\t<h4 class=\"eael-advanced-search-category-text\">Categories<\/h4>                <div class=\"eael-popular-category-content\"><\/div>\n            <\/div>\n\t\t\t<div class=\"eael-advanced-search-total-results-section\">\n\t\t\t\t\t\t\t<\/div>\n            <div class=\"eael-advanced-search-content eael-item-style-3\">\n            <\/div>\n            <div class=\"eael-advanced-search-not-found\">\n                <p>Pas de r\u00e9sultats<\/p><\/div>\n            <div class=\"eael-advanced-search-load-more\">\n\t\t\t\t<a \tclass=\"eael-advanced-search-load-more-button\"\n                \thref=\"#\">Voir tous les r\u00e9sultats<\/a>\n            <\/div>\n        <\/div>\n\n\t\t            <\/div>\n        <\/div>\n\n\t\t\t\t\t\t<\/div>\n\t\t\t\t\t<\/div>\n\t\t\t\t<\/div>\n\t\t<div class=\"elementor-element elementor-element-61501e e-flex e-con-boxed e-con e-parent\" data-id=\"61501e\" data-element_type=\"container\" data-e-type=\"container\">\n\t\t\t\t\t<div class=\"e-con-inner\">\n\t\t\t\t<div class=\"elementor-element elementor-element-21566a25 elementor-widget elementor-widget-text-editor\" data-id=\"21566a25\" data-element_type=\"widget\" data-e-type=\"widget\" data-widget_type=\"text-editor.default\">\n\t\t\t\t\t\t\t\t\t<h1 style=\"text-align: center;\"><span style=\"font-size: 18pt;\"><strong>Carcassonne<\/strong> <\/span><\/h1><p><strong>Carcassonne<\/strong> n\u2019est pas simplement une ville ; c\u2019est une invitation \u00e0 voyager \u00e0 travers le temps. Situ\u00e9e dans le <a href=\"https:\/\/cparici.com\/fr\/departements-francais-carte-de-france\/\">d\u00e9partement<\/a> de l\u2019<a href=\"https:\/\/cparici.com\/aude-guide-departement\/\">Aude<\/a>, au c\u0153ur de la <a href=\"https:\/\/cparici.com\/fr\/13-regions-de-france-le-guide\/\">r\u00e9gion<\/a> <a href=\"https:\/\/cparici.com\/fr\/occitanie\/\">Occitanie<\/a>, cette ville historique vous ouvre les portes de son pass\u00e9 mill\u00e9naire, mettant en lumi\u00e8re ses monuments exceptionnels, ses nombreuses activit\u00e9s, et sa gastronomie d\u00e9lectable.<\/p><p>Que votre passion r\u00e9side dans l\u2019art, la nature, le sport, ou la culture, Carcassonne saura vous captiver et vous divertir.<\/p><p>Cet article se veut votre guide pour explorer Carcassonne, en mettant en avant son histoire riche, ses sites incontournables, ses exp\u00e9riences uniques, et ses meilleures adresses. Accompagnez-nous dans cette d\u00e9couverte de la <a href=\"https:\/\/cparici.com\/moyen-age-en-france-histoire-et-patrimoine\/\">cit\u00e9 m\u00e9di\u00e9vale<\/a> de Carcassonne, la plus vaste d\u2019<a href=\"https:\/\/cparici.com\/fr\/europe\/\">Europe<\/a>, ainsi que de la bastide Saint-Louis, son centre-ville vibrant.<\/p><p>Vous d\u00e9couvrirez que Carcassonne regorge d\u2019activit\u00e9s et de sites \u00e0 explorer, assurant que votre s\u00e9jour sera tout sauf ennuyeux !<\/p><h2><span style=\"font-size: 18pt;\">Plong\u00e9e dans l\u2019histoire mill\u00e9naire de Carcassonne<\/span><\/h2><p>Carcassonne est une ville riche en histoire, ayant travers\u00e9 de multiples p\u00e9riodes depuis l\u2019oppidum gaulois jusqu\u2019\u00e0 la cit\u00e9 m\u00e9di\u00e9vale fortifi\u00e9e, sans oublier son pass\u00e9 de colonie romaine, la vicomt\u00e9 des Trencavel, la croisade contre les Albigeois et sa restauration au XIXe si\u00e8cle. Elle a su conserver et mettre en valeur son <a href=\"https:\/\/cparici.com\/fr\/patrimoine-de-france\/\">patrimoine<\/a> exceptionnel. Cette section vous emm\u00e8ne \u00e0 la d\u00e9couverte des moments cl\u00e9s de l\u2019histoire de Carcassonne, vous offrant une meilleure compr\u00e9hension de sa beaut\u00e9 et de sa richesse.<\/p><h3>Les origines de la Cit\u00e9<\/h3><p>L\u2019histoire de Carcassonne remonte au VIe si\u00e8cle av. J.-C., avec l\u2019\u00e9tablissement des Volques Tectosages, un peuple celte, sur un promontoire rocheux. Ils y \u00e9rigent un oppidum, Carsac, pr\u00e9figuration de la future cit\u00e9. Au IIe si\u00e8cle av. J.-C., les Romains prennent le contr\u00f4le de la r\u00e9gion, transformant l\u2019oppidum en une ville fortifi\u00e9e nomm\u00e9e Carcaso. Sous leur \u00e9gide, Carcassonne devient une colonie romaine prosp\u00e8re, au c\u0153ur de la Narbonnaise. Les vestiges de la muraille gallo-romaine, premi\u00e8re enceinte de la cit\u00e9, sont encore visibles aujourd\u2019hui.<\/p><h3>Les \u00e9poques m\u00e9di\u00e9vales et la Cit\u00e9 fortifi\u00e9e<\/h3><p>Apr\u00e8s la chute de l\u2019Empire romain, Carcassonne conna\u00eet plusieurs dominations avant de devenir une vicomt\u00e9 au IXe si\u00e8cle, s\u2019enrichissant d\u2019un ch\u00e2teau, le ch\u00e2teau comtal. Les Trencavel, vicomtes du XIe au XIIIe si\u00e8cle, marquent la cit\u00e9 de leur empreinte, d\u00e9veloppant le catharisme et renfor\u00e7ant ses d\u00e9fenses avec une double enceinte dot\u00e9e de cinquante-deux tours. Carcassonne devient ainsi la plus grande forteresse d\u2019Europe.<\/p><h3>L\u2019impact de la croisade contre les Albigeois<\/h3><p>La prosp\u00e9rit\u00e9 de Carcassonne est \u00e9branl\u00e9e par la croisade contre les Albigeois en 1209, visant \u00e0 \u00e9liminer l\u2019h\u00e9r\u00e9sie cathare. Raymond Roger Trencavel, protecteur des cathares, est vaincu par les crois\u00e9s de Simon de Montfort. Apr\u00e8s un si\u00e8ge de quinze jours, la cit\u00e9 capitule, Trencavel est emprisonn\u00e9 et d\u00e9c\u00e8de peu apr\u00e8s. Les terres sont confisqu\u00e9es puis int\u00e9gr\u00e9es au royaume de France en 1224, Carcassonne devenant une place forte royale.<\/p><h3>La restauration au XIXe si\u00e8cle et la sauvegarde du <a href=\"https:\/\/cparici.com\/fr\/patrimoine-de-france\/\">patrimoine<\/a><\/h3><p>Avec la perte de son importance strat\u00e9gique, Carcassonne se d\u00e9grade jusqu\u2019\u00e0 \u00eatre menac\u00e9e de destruction. Heureusement, class\u00e9e monument historique en 1849 gr\u00e2ce \u00e0 Jean-Pierre Cros-Mayrevieille et Prosper M\u00e9rim\u00e9e, une restauration est lanc\u00e9e sous Eug\u00e8ne Viollet-le-Duc et Paul Boeswillwald. Ces travaux, bien que controvers\u00e9s, ont permis de pr\u00e9server la cit\u00e9, qui est inscrite au patrimoine mondial de l\u2019UNESCO en 1997, soulignant son importance universelle.<\/p><h2><span style=\"font-size: 18pt;\">\u00c0 la d\u00e9couverte des incontournables de Carcassonne<\/span><\/h2><p>Plongez dans l\u2019histoire fascinante de Carcassonne et explorez ses embl\u00e9matiques lieux charg\u00e9s de patrimoine. Que votre passion soit l\u2019architecture, la culture ou la nature, Carcassonne saura vous captiver et vous offrir des moments inoubliables.<\/p><p>D\u00e9couvrez les sites incontournables \u00e0 ne pas manquer lors de votre visite.<\/p><h3>La majestueuse Cit\u00e9 M\u00e9di\u00e9vale<\/h3><p>La Cit\u00e9 M\u00e9di\u00e9vale, inscrite au patrimoine mondial de l\u2019UNESCO, est le joyau de Carcassonne. Elle repr\u00e9sente la plus grande forteresse d\u2019Europe et se distingue par son excellente conservation. Ses remparts, tours, portes et ruelles vous transportent dans une autre \u00e9poque. Ne manquez pas la basilique Saint-Nazaire, un chef-d\u2019\u0153uvre des styles roman et gothique, ainsi que le ch\u00e2teau comtal, ancienne demeure des vicomtes de Carcassonne, abritant un mus\u00e9e d\u00e9di\u00e9 \u00e0 l\u2019histoire de la cit\u00e9. Une promenade sur les remparts vous offre une vue spectaculaire sur la ville et ses alentours.<\/p><h3>Le ch\u00e2teau comtal et ses remparts<\/h3><p>Le ch\u00e2teau comtal, \u00e9rig\u00e9 sur un site gallo-romain d\u00e8s le XIIe si\u00e8cle, fut la r\u00e9sidence des vicomtes de Carcassonne et des rois de France. Ce monument impressionnant est prot\u00e9g\u00e9 par une double enceinte fortifi\u00e9e de cinquante-deux tours, formant une d\u00e9fense redoutable. Le <a href=\"https:\/\/cparici.com\/fr\/musees-en-france\/\">mus\u00e9e<\/a> qu\u2019il abrite retrace l\u2019\u00e9volution de la cit\u00e9 depuis l\u2019Antiquit\u00e9 jusqu\u2019au XIXe si\u00e8cle. La visite du ch\u00e2teau offre \u00e9galement l\u2019acc\u00e8s \u00e0 une promenade de trois kilom\u00e8tres le long des remparts, d\u2019o\u00f9 vous pouvez admirer des vues magnifiques sur la r\u00e9gion.<\/p><h3>Le Pont Vieux et la Bastide Saint-Louis<\/h3><p>Le Pont Vieux, datant du XIVe si\u00e8cle, est un passage historique reliant la cit\u00e9 m\u00e9di\u00e9vale \u00e0 la Bastide Saint-Louis, le centre-ville historique fond\u00e9 par le roi Saint-Louis au XIIIe si\u00e8cle. Ce pont offre une vue pittoresque sur la cit\u00e9 et l\u2019Aude, agr\u00e9ment\u00e9e de jardins et de bancs. La Bastide Saint-Louis se caract\u00e9rise par son agencement en damier, ses rues perpendiculaires et est ponctu\u00e9e de boulevards \u00e0 la place des anciens remparts. La place Carnot, anim\u00e9e par un march\u00e9 trois fois par semaine et orn\u00e9e de la fontaine de Neptune, ainsi que la <a href=\"https:\/\/cparici.com\/fr\/les-15-plus-belles-cathedrales-en-france\/\">cath\u00e9drale<\/a> Saint-Michel, avec son orgue remarquable et son clocher de 54 m\u00e8tres, sont des visites incontournables.<\/p><h3>Le Canal du Midi : une \u0153uvre d\u2019art ing\u00e9nieuse<\/h3><p>Class\u00e9 au patrimoine mondial de l\u2019UNESCO, le Canal du Midi est une r\u00e9alisation exceptionnelle du XVIIe si\u00e8cle par l\u2019ing\u00e9nieur Pierre-Paul Riquet, reliant la Garonne \u00e0 la <a href=\"https:\/\/cparici.com\/fr\/cote-mediterranee-france\/\">M\u00e9diterran\u00e9e<\/a>. Ce chef-d\u2019\u0153uvre technique et artistique, avec ses \u00e9cluses, ponts, aqueducs et tunnels, serpente sur 240 kilom\u00e8tres \u00e0 travers des paysages enchanteurs. Profitez-en en bateau, \u00e0 v\u00e9lo, en randonn\u00e9e ou lors d\u2019un pique-nique. Admirez l\u2019\u00e9cluse de Saint-Jean, proche de la cit\u00e9 m\u00e9di\u00e9vale, et explorez le port de Carcassonne, point de d\u00e9part id\u00e9al pour des croisi\u00e8res et la location de bateaux.<\/p><p class=\"\" data-start=\"40\" data-end=\"159\"><span class=\"relative -mx-px my-[-0.2rem] rounded px-px py-[0.2rem] transition-colors duration-100 ease-in-out\">Carcassonne, c\u00e9l\u00e8bre pour sa cit\u00e9 m\u00e9di\u00e9vale class\u00e9e au patrimoine mondial de l\u2019UNESCO, est \u00e9galement travers\u00e9e par <a href=\"https:\/\/cparici.com\/le-canal-du-midi\/\">le <strong data-start=\"118\" data-end=\"135\">Canal du Midi<\/strong><\/a>, autre joyau inscrit au patrimoine mondial.<\/span> <span class=\"relative -mx-px my-[-0.2rem] rounded px-px py-[0.2rem] transition-colors duration-100 ease-in-out\">Cette voie d\u2019eau historique, con\u00e7ue au XVIIe si\u00e8cle par Pierre-Paul Riquet, relie Toulouse \u00e0 la M\u00e9diterran\u00e9e sur environ 240 km.<\/span>\u200b<\/p><h4 data-start=\"161\" data-end=\"209\">Une int\u00e9gration tardive mais strat\u00e9gique<\/h4><p class=\"\" data-start=\"211\" data-end=\"406\"><span class=\"relative -mx-px my-[-0.2rem] rounded px-px py-[0.2rem] transition-colors duration-100 ease-in-out\">Initialement, le canal ne passait pas par Carcassonne en raison de d\u00e9saccords financiers entre Riquet et les autorit\u00e9s locales.<\/span> <span class=\"relative -mx-px my-[-0.2rem] rounded px-px py-[0.2rem] transition-colors duration-100 ease-in-out\">Ce n\u2019est qu\u2019en 1810 que le canal fut d\u00e9vi\u00e9 pour traverser la ville, entra\u00eenant la construction d\u2019infrastructures majeures telles que le port fluvial et le pont-canal du Fresquel.<\/span> <span class=\"relative -mx-px my-[-0.2rem] rounded px-px py-[0.2rem] transition-colors duration-100 ease-in-out\">Cette int\u00e9gration a stimul\u00e9 le d\u00e9veloppement \u00e9conomique et urbain de la ville basse.<\/span> \u200b<\/p><h4 data-start=\"408\" data-end=\"462\">Une escale incontournable pour les plaisanciers<\/h4><p class=\"\" data-start=\"464\" data-end=\"667\"><span class=\"relative -mx-px my-[-0.2rem] rounded px-px py-[0.2rem] transition-colors duration-100 ease-in-out\">Aujourd\u2019hui, Carcassonne est une \u00e9tape pris\u00e9e des navigateurs.<\/span> <span class=\"relative -mx-px my-[-0.2rem] rounded px-px py-[0.2rem] transition-colors duration-100 ease-in-out\">Le port de plaisance, situ\u00e9 \u00e0 proximit\u00e9 de la gare SNCF, offre des services aux plaisanciers et constitue un point de d\u00e9part id\u00e9al pour explorer la ville.<\/span> <span class=\"relative -mx-px my-[-0.2rem] rounded px-px py-[0.2rem] transition-colors duration-100 ease-in-out\">Des croisi\u00e8res fluviales permettent \u00e9galement de d\u00e9couvrir le canal et ses environs.<\/span> \u200b<\/p><h4 data-start=\"669\" data-end=\"711\">Des berges propices \u00e0 la d\u00e9tente<\/h4><p class=\"\" data-start=\"713\" data-end=\"878\"><span class=\"relative -mx-px my-[-0.2rem] rounded px-px py-[0.2rem] transition-colors duration-100 ease-in-out\">Les berges du canal, bord\u00e9es de platanes, offrent un cadre agr\u00e9able pour la promenade \u00e0 pied ou \u00e0 v\u00e9lo.<\/span> <span class=\"relative -mx-px my-[-0.2rem] rounded px-px py-[0.2rem] transition-colors duration-100 ease-in-out\">Elles permettent de relier facilement le centre-ville \u00e0 la cit\u00e9 m\u00e9di\u00e9vale et offrent des points de vue pittoresques sur les fortifications et les paysages environnants.<\/span> \u200b<\/p><p class=\"\" data-start=\"880\" data-end=\"965\"><span class=\"relative -mx-px my-[-0.2rem] rounded px-px py-[0.2rem] transition-colors duration-100 ease-in-out\">En somme, le Canal du Midi enrichit le patrimoine de Carcassonne, offrant aux visiteurs une exp\u00e9rience unique m\u00ealant histoire, culture et nature.<\/span><\/p><h2><span style=\"font-size: 18pt;\">Activit\u00e9s et exp\u00e9riences uniques \u00e0 Carcassonne<\/span><\/h2><p>La ville de Carcassonne est un lieu o\u00f9 l\u2019histoire et la culture se m\u00ealent \u00e0 la vie et au plaisir. Peu importe ce que vous recherchez : sensations fortes, d\u00e9tente, d\u00e9lices culinaires ou moments conviviaux, Carcassonne a de quoi r\u00e9pondre \u00e0 toutes vos attentes. D\u00e9couvrez ci-dessous une s\u00e9lection d\u2019activit\u00e9s et d\u2019exp\u00e9riences uniques qui feront de votre s\u00e9jour \u00e0 Carcassonne un souvenir inoubliable.<\/p><h3>Festivit\u00e9s et \u00e9v\u00e9nements culturels<\/h3><p>Tout au long de l\u2019ann\u00e9e, Carcassonne se transforme en une sc\u00e8ne festive, accueillant des \u00e9v\u00e9nements culturels de premier plan qui c\u00e9l\u00e8brent son riche patrimoine et sa cr\u00e9ativit\u00e9. Le Festival de Carcassonne est un moment phare de l\u2019\u00e9t\u00e9, proposant plus de 120 spectacles vari\u00e9s \u2013 musique, th\u00e9\u00e2tre, danse, op\u00e9ra, cirque \u2013 dans des cadres exceptionnels tels que la cit\u00e9 m\u00e9di\u00e9vale, le th\u00e9\u00e2tre Jean-Deschamps ou le ch\u00e2teau comtal. Le 14 juillet, ne manquez pas l\u2019Embrasement de la Cit\u00e9, un feu d\u2019artifice spectaculaire lanc\u00e9 depuis les remparts et attirant plus de 700 000 spectateurs. En automne, le Festival du Jeu de Carcassonne offre des animations ludiques pour tous, inspir\u00e9es du c\u00e9l\u00e8bre jeu de soci\u00e9t\u00e9 \u00e9ponyme.<\/p><h3>D\u00e9gustation de la gastronomie locale<\/h3><p>La ville de Carcassonne est \u00e9galement un paradis pour les gourmets, proposant une gastronomie locale riche et color\u00e9e. Ne partez pas sans avoir go\u00fbt\u00e9 au cassoulet, plat embl\u00e9matique de la r\u00e9gion, ou sans avoir d\u00e9couvert les vins du Languedoc, issus des vignobles locaux et r\u00e9put\u00e9s pour leur diversit\u00e9. Les visites de domaines viticoles, les d\u00e9gustations et les croisi\u00e8res \u0153nologiques sur le canal du Midi sont autant d\u2019occasions de savourer ces tr\u00e9sors. Pour les amateurs de sucr\u00e9, le g\u00e2teau \u00e0 la broche et la croustade, tarte aux pommes et \u00e0 l\u2019armagnac, promettent de doux moments de plaisir.<\/p><h3>Balades nature et d\u00e9tente au Lac de la Cavay\u00e8re<\/h3><p>\u00c0 quelques minutes seulement du centre-ville, Carcassonne offre un havre de paix et de nature au <a href=\"https:\/\/cparici.com\/fr\/lacs-de-france\/\">Lac<\/a> de la Cavay\u00e8re. Ce plan d\u2019eau artificiel est l\u2019endroit id\u00e9al pour nager, se d\u00e9tendre au soleil, se promener ou s\u2019amuser gr\u00e2ce \u00e0 ses trois plages am\u00e9nag\u00e9es, ses <a href=\"https:\/\/cparici.com\/fr\/sport-nautique-activites-nautiques-france\/\">activit\u00e9s nautiques<\/a> (voile, <a href=\"https:\/\/cparici.com\/fr\/kayak-canoe-kayak\/\">kayak<\/a>, <a href=\"https:\/\/cparici.com\/fr\/stand-up-paddle\/\">paddle<\/a>, p\u00e9dalo, ski nautique) et ses loisirs (aires de jeux pour enfants, aires de pique-nique, sentiers de <a href=\"https:\/\/cparici.com\/fr\/les-meilleures-randonnees-en-france-guide\/\">randonn\u00e9e<\/a>, parc acrobatique forestier).<\/p><h3>Jeux et loisirs en famille ou entre amis<\/h3><p>Carcassonne est aussi un terrain de jeu exceptionnel pour des moments ludiques en famille ou entre amis. Plongez dans le Moyen \u00c2ge au Camp M\u00e9di\u00e9val, explorez l\u2019art urbain avec le Street Art Tour ou testez votre esprit d\u2019\u00e9quipe dans des Escape Games captivants. Chaque activit\u00e9 offre une exp\u00e9rience unique, vous permettant de d\u00e9couvrir la ville sous un nouvel angle tout en vous amusant.<\/p><h2><span style=\"font-size: 18pt;\">Conclusion<\/span><\/h2><p>Carcassonne se r\u00e9v\u00e8le \u00eatre <a href=\"https:\/\/fr.wikipedia.org\/wiki\/Carcassonne\" target=\"_blank\" rel=\"noopener\">une destination captivante<\/a>, promettant une immersion sans pareille dans le pass\u00e9. Lors de votre visite, vous serez enchant\u00e9 par son riche h\u00e9ritage historique, son patrimoine remarquable, sa cuisine exquise, et la diversit\u00e9 de ses loisirs.<\/p><p>Que votre qu\u00eate soit culturelle, en pleine nature, pour un moment de relaxation ou de fun, Carcassonne saura r\u00e9pondre \u00e0 toutes vos attentes, en vous offrant des moments d\u2019\u00e9merveillement uniques. Ne tardez pas, planifiez d\u00e8s \u00e0 pr\u00e9sent votre voyage \u00e0 Carcassonne et laissez-vous charmer par son authenticit\u00e9 et sa magie !<\/p><h2><span style=\"font-size: 18pt;\">FAQ<\/span><\/h2><h3>Quel est le meilleur jour pour visiter Carcassonne ?<\/h3><p>Le moment id\u00e9al pour d\u00e9couvrir Carcassonne est en semaine, de juin \u00e0 ao\u00fbt. Durant cette p\u00e9riode, le climat est agr\u00e9able et la ville s\u2019anime de diverses activit\u00e9s culturelles. Il est conseill\u00e9 d\u2019\u00e9viter les weekends, o\u00f9 l\u2019affluence est \u00e0 son comble et les prix grimpent.<\/p><h3>O\u00f9 aller se promener \u00e0 Carcassonne ?<\/h3><p>\u00c0 Carcassonne, les options de promenade sont vari\u00e9es. Voici deux recommandations :<\/p><ul><li>Explorer la cit\u00e9 m\u00e9di\u00e9vale, inscrite au <a href=\"https:\/\/cparici.com\/fr\/patrimoine-mondial-de-l-unesco-en-france\/\">patrimoine mondial de l\u2019UNESCO<\/a>, pour admirer ses remparts, son ch\u00e2teau, sa basilique, et fl\u00e2ner dans ses ruelles charmantes.<\/li><li>Opter pour une croisi\u00e8re sur le canal du Midi, qui serpente \u00e0 travers la ville, pour appr\u00e9cier le paysage, la nature et le patrimoine fluvial.<\/li><\/ul><h3>Pourquoi la ville de Carcassonne s\u2019appelle comme \u00e7a ?<\/h3><p>Le nom de Carcassonne trouve son origine dans une l\u00e9gende. Selon celle-ci, Dame Carcas aurait sauv\u00e9 la ville du si\u00e8ge de Charlemagne en leurrant les assi\u00e9geants avec de faux signes de richesse. \u00c0 leur d\u00e9part, elle fit sonner les cloches, d\u2019o\u00f9 l\u2019exclamation \u201cCarcas sonne !\u201d. Toutefois, cette version est remise en question par les historiens qui sugg\u00e8rent une \u00e9tymologie gauloise \u201ckar cassi\u201d, signifiant \u201cle rocher du guerrier\u201d.<\/p><h3>Est-ce que l\u2019entr\u00e9e de la Cit\u00e9 de Carcassonne est payante ?<\/h3><p>L\u2019acc\u00e8s \u00e0 la majorit\u00e9 des sites de la Cit\u00e9 de Carcassonne est gratuit. Seul le Ch\u00e2teau Comtal et les remparts adjacents requi\u00e8rent un droit d\u2019entr\u00e9e. Les tarifs sont de 9,50\u20ac pour les adultes, 7,50\u20ac \u00e0 tarif r\u00e9duit, et l\u2019entr\u00e9e est gratuite pour les moins de 18 ans, les jeunes Europ\u00e9ens de moins de 25 ans, les demandeurs d\u2019emploi, et les personnes en situation de handicap.<\/p>\t\t\t\t\t\t\t\t<\/div>\n\t\t\t\t\t<\/div>\n\t\t\t\t<\/div>\n\t\t<div class=\"elementor-element elementor-element-4e9fd75a e-flex e-con-boxed e-con e-parent\" data-id=\"4e9fd75a\" data-element_type=\"container\" data-e-type=\"container\">\n\t\t\t\t\t<div class=\"e-con-inner\">\n\t\t<div class=\"elementor-element elementor-element-105256ff e-con-full e-flex e-con e-child\" data-id=\"105256ff\" data-element_type=\"container\" data-e-type=\"container\">\n\t\t\t\t<div class=\"elementor-element elementor-element-125bae39 elementor-widget elementor-widget-text-editor\" data-id=\"125bae39\" data-element_type=\"widget\" data-e-type=\"widget\" data-widget_type=\"text-editor.default\">\n\t\t\t\t\t\t\t\t\t<p>Cet article a \u00e9t\u00e9 r\u00e9dig\u00e9 par Alex Arts,\u00a0<a href=\"https:\/\/alexantoine-photos.weebly.com\/\" target=\"_blank\" rel=\"noopener\">photographe<\/a>,\u00a0<a href=\"https:\/\/www.linkedin.com\/in\/alex-b-arts\/\" target=\"_blank\" rel=\"noopener\">cr\u00e9ateur de contenu<\/a>, et <a href=\"https:\/\/www.google.com\/maps\/contrib\/100986619723712834113\/reviews\/@45.8933481,-4.1449199,6z\/data=!4m3!8m2!3m1!1e1?entry=ttu&g_ep=EgoyMDI1MTIwOS4wIKXMDSoKLDEwMDc5MjA2OUgBUAM%3D\" target=\"_blank\" rel=\"noopener\">guide local de niveau 5 sur Google Maps<\/a><\/p>\t\t\t\t\t\t\t\t<\/div>\n\t\t\t\t<div class=\"elementor-element elementor-element-29bc1219 elementor-widget elementor-widget-author-box\" data-id=\"29bc1219\" data-element_type=\"widget\" data-e-type=\"widget\" data-widget_type=\"author-box.default\">\n\t\t\t\t\t\t\t<div class=\"elementor-author-box\">\n\t\t\t\t\t\t\t<a href=\"https:\/\/www.linkedin.com\/in\/alex-b-arts\/\" class=\"elementor-author-box__avatar\" target=\"_blank\" rel=\"noopener\">\n\t\t\t\t\t<img decoding=\"async\" src=\"https:\/\/cparici.com\/wp-content\/uploads\/2024\/09\/photo-alex-arts-300x300.jpeg\" alt=\"Picture of Alex Arts\" loading=\"lazy\">\n\t\t\t\t<\/a>\n\t\t\t\n\t\t\t<div class=\"elementor-author-box__text\">\n\t\t\t\t\t\t\t\t\t<a href=\"https:\/\/www.linkedin.com\/in\/alex-b-arts\/\" target=\"_blank\" rel=\"noopener\">\n\t\t\t\t\t\t<h4 class=\"elementor-author-box__name\">\n\t\t\t\t\t\t\tAlex Arts\t\t\t\t\t\t<\/h4>\n\t\t\t\t\t<\/a>\n\t\t\t\t\n\t\t\t\t\t\t\t\t\t<div class=\"elementor-author-box__bio\">\n\t\t\t\t\t\t<p>Photographe, cr\u00e9ateur de contenu et local guide<\/p>\n\t\t\t\t\t<\/div>\n\t\t\t\t\n\t\t\t\t\t\t\t<\/div>\n\t\t<\/div>\n\t\t\t\t\t\t<\/div>\n\t\t\t\t<\/div>\n\t\t\t\t\t<\/div>\n\t\t\t\t<\/div>\n\t\t<div class=\"elementor-element elementor-element-5b956b2 e-flex e-con-boxed e-con e-parent\" data-id=\"5b956b2\" data-element_type=\"container\" data-e-type=\"container\">\n\t\t\t\t\t<div class=\"e-con-inner\">\n\t\t\t\t<div class=\"elementor-element elementor-element-c1ae0f7 elementor-widget elementor-widget-listeo-posts-grid\" data-id=\"c1ae0f7\" data-element_type=\"widget\" data-e-type=\"widget\" data-widget_type=\"listeo-posts-grid.default\">\n\t\t\t\t<div class=\"elementor-widget-container\">\n\t\t\t\t\t\t\t\n\t\t<div class=\"listeo-post-grid-wrapper\">\n\t\t\t<div class=\"row\">\n\n\t\t\t\n\n\t\t\t\t\t\t\t<div class=\"col-md-4\">\n                <a href=\"https:\/\/cparici.com\/en\/banyuls-sur-mer\/\" class=\"blog-compact-item-container\">\n                    <div class=\"blog-compact-item\">\n                        <img decoding=\"async\" width=\"577\" height=\"204\" src=\"https:\/\/cparici.com\/wp-content\/uploads\/2025\/02\/cparici-2025-02-16T085049.126-577x204.jpg\" class=\"attachment-listeo-blog-related-post size-listeo-blog-related-post wp-post-image\" alt=\"Banyuls-sur-Mer\" srcset=\"https:\/\/cparici.com\/wp-content\/uploads\/2025\/02\/cparici-2025-02-16T085049.126-577x204.jpg 577w, https:\/\/cparici.com\/wp-content\/uploads\/2025\/02\/cparici-2025-02-16T085049.126-300x106.jpg 300w, https:\/\/cparici.com\/wp-content\/uploads\/2025\/02\/cparici-2025-02-16T085049.126-1024x362.jpg 1024w, https:\/\/cparici.com\/wp-content\/uploads\/2025\/02\/cparici-2025-02-16T085049.126-768x271.jpg 768w, https:\/\/cparici.com\/wp-content\/uploads\/2025\/02\/cparici-2025-02-16T085049.126-590x208.jpg 590w, https:\/\/cparici.com\/wp-content\/uploads\/2025\/02\/cparici-2025-02-16T085049.126-1200x424.jpg 1200w, https:\/\/cparici.com\/wp-content\/uploads\/2025\/02\/cparici-2025-02-16T085049.126-600x212.jpg 600w, https:\/\/cparici.com\/wp-content\/uploads\/2025\/02\/cparici-2025-02-16T085049.126.jpg 1500w\" sizes=\"(max-width: 577px) 100vw, 577px\" \/><span class=\"blog-item-tag\">Banyuls sur mer<\/span>                        \n                        <div class=\"blog-compact-item-content\">\n                                                        <h3>Banyuls-sur-Mer : d\u00e9couvrez le charme de la c\u00f4te catalane<\/h3>\n                                                        <p>Banyuls-sur-Mer Banyuls-sur-Mer, une perle de la C\u00f4te Vermeille dans les Pyr\u00e9n\u00e9es-Orientales, allie patrimoine naturel et...                            <\/p>\n                                                    <\/div>\n                    <\/div>\n                <\/a>\n            <\/div>\n\t\t\t<div class=\"col-md-4\">\n                <a href=\"https:\/\/cparici.com\/en\/gard-departement\/\" class=\"blog-compact-item-container\">\n                    <div class=\"blog-compact-item\">\n                        <img decoding=\"async\" width=\"577\" height=\"204\" src=\"https:\/\/cparici.com\/wp-content\/uploads\/2024\/09\/Gard-departement.jpg\" class=\"attachment-listeo-blog-related-post size-listeo-blog-related-post wp-post-image\" alt=\"Gard - d\u00e9partement\" srcset=\"https:\/\/cparici.com\/wp-content\/uploads\/2024\/09\/Gard-departement.jpg 1500w, https:\/\/cparici.com\/wp-content\/uploads\/2024\/09\/Gard-departement-600x212.jpg 600w, https:\/\/cparici.com\/wp-content\/uploads\/2024\/09\/Gard-departement-300x106.jpg 300w, https:\/\/cparici.com\/wp-content\/uploads\/2024\/09\/Gard-departement-1024x362.jpg 1024w, https:\/\/cparici.com\/wp-content\/uploads\/2024\/09\/Gard-departement-768x271.jpg 768w\" sizes=\"(max-width: 577px) 100vw, 577px\" \/><span class=\"blog-item-tag\">D\u00e9partement de France<\/span>                        \n                        <div class=\"blog-compact-item-content\">\n                                                        <h3>Gard \u2013 un patrimoine exceptionnel<\/h3>\n                                                        <p>Voyagez dans le Gard et d\u00e9couvrez un patrimoine historique unique, un tourisme dynamique et une...                            <\/p>\n                                                    <\/div>\n                    <\/div>\n                <\/a>\n            <\/div>\n\t\t\t<div class=\"col-md-4\">\n                <a href=\"https:\/\/cparici.com\/en\/tarn-et-garonne\/\" class=\"blog-compact-item-container\">\n                    <div class=\"blog-compact-item\">\n                        <img decoding=\"async\" width=\"577\" height=\"204\" src=\"https:\/\/cparici.com\/wp-content\/uploads\/2025\/03\/cparici-2025-03-06T182918.506-577x204.jpg\" class=\"attachment-listeo-blog-related-post size-listeo-blog-related-post wp-post-image\" alt=\"Tarn et Garonne\" srcset=\"https:\/\/cparici.com\/wp-content\/uploads\/2025\/03\/cparici-2025-03-06T182918.506-577x204.jpg 577w, https:\/\/cparici.com\/wp-content\/uploads\/2025\/03\/cparici-2025-03-06T182918.506-300x106.jpg 300w, https:\/\/cparici.com\/wp-content\/uploads\/2025\/03\/cparici-2025-03-06T182918.506-1024x362.jpg 1024w, https:\/\/cparici.com\/wp-content\/uploads\/2025\/03\/cparici-2025-03-06T182918.506-768x271.jpg 768w, https:\/\/cparici.com\/wp-content\/uploads\/2025\/03\/cparici-2025-03-06T182918.506-18x6.jpg 18w, https:\/\/cparici.com\/wp-content\/uploads\/2025\/03\/cparici-2025-03-06T182918.506-590x208.jpg 590w, https:\/\/cparici.com\/wp-content\/uploads\/2025\/03\/cparici-2025-03-06T182918.506-1200x424.jpg 1200w, https:\/\/cparici.com\/wp-content\/uploads\/2025\/03\/cparici-2025-03-06T182918.506-600x212.jpg 600w, https:\/\/cparici.com\/wp-content\/uploads\/2025\/03\/cparici-2025-03-06T182918.506.jpg 1500w\" sizes=\"(max-width: 577px) 100vw, 577px\" \/><span class=\"blog-item-tag\">D\u00e9partement de France<\/span>                        \n                        <div class=\"blog-compact-item-content\">\n                                                        <h3>Tarn et Garonne un d\u00e9partement du sud-ouest<\/h3>\n                                                        <p>Recherches populaires Categories Pas de r\u00e9sultats Voir tous les r\u00e9sultats Le Tarn et Garonne Le...                            <\/p>\n                                                    <\/div>\n                    <\/div>\n                <\/a>\n            <\/div>\n  <\/div>\n        <\/div>\n        \t\t\t\t<\/div>\n\t\t\t\t<\/div>\n\t\t\t\t\t<\/div>\n\t\t\t\t<\/div>\n\t\t\t\t<\/div>\n\t\t","protected":false},"excerpt":{"rendered":"<p>Carcassonne: a journey back in time through its ramparts, castle and legends. Discover the must-do activities in this medieval city.<\/p>","protected":false},"author":1,"featured_media":42680,"comment_status":"closed","ping_status":"open","sticky":false,"template":"","format":"standard","meta":{"ngg_post_thumbnail":0,"footnotes":""},"categories":[1387,1386,477,1165],"tags":[375,1388,828,906],"class_list":["post-42679","post","type-post","status-publish","format-standard","has-post-thumbnail","hentry","category-carcassonne","category-aude","category-france","category-occitanie","tag-chateaux","tag-cite-medievale","tag-fortification","tag-ville"],"_links":{"self":[{"href":"https:\/\/cparici.com\/en\/wp-json\/wp\/v2\/posts\/42679","targetHints":{"allow":["GET"]}}],"collection":[{"href":"https:\/\/cparici.com\/en\/wp-json\/wp\/v2\/posts"}],"about":[{"href":"https:\/\/cparici.com\/en\/wp-json\/wp\/v2\/types\/post"}],"author":[{"embeddable":true,"href":"https:\/\/cparici.com\/en\/wp-json\/wp\/v2\/users\/1"}],"replies":[{"embeddable":true,"href":"https:\/\/cparici.com\/en\/wp-json\/wp\/v2\/comments?post=42679"}],"version-history":[{"count":0,"href":"https:\/\/cparici.com\/en\/wp-json\/wp\/v2\/posts\/42679\/revisions"}],"wp:featuredmedia":[{"embeddable":true,"href":"https:\/\/cparici.com\/en\/wp-json\/wp\/v2\/media\/42680"}],"wp:attachment":[{"href":"https:\/\/cparici.com\/en\/wp-json\/wp\/v2\/media?parent=42679"}],"wp:term":[{"taxonomy":"category","embeddable":true,"href":"https:\/\/cparici.com\/en\/wp-json\/wp\/v2\/categories?post=42679"},{"taxonomy":"post_tag","embeddable":true,"href":"https:\/\/cparici.com\/en\/wp-json\/wp\/v2\/tags?post=42679"}],"curies":[{"name":"wp","href":"https:\/\/api.w.org\/{rel}","templated":true}]}}