{"id":42868,"date":"2024-08-30T22:03:01","date_gmt":"2024-08-30T20:03:01","guid":{"rendered":"https:\/\/cparici.com\/?p=42868"},"modified":"2026-02-19T15:38:19","modified_gmt":"2026-02-19T14:38:19","slug":"landing-beaches","status":"publish","type":"post","link":"https:\/\/cparici.com\/en\/plages-du-debarquement\/","title":{"rendered":"Normandy Landing Beaches - History, Memory"},"content":{"rendered":"\t\t<div data-elementor-type=\"wp-post\" data-elementor-id=\"42868\" class=\"elementor elementor-42868\" data-elementor-post-type=\"post\">\n\t\t\t\t<div class=\"elementor-element elementor-element-10561a1 e-con-full e-flex e-con e-parent\" data-id=\"10561a1\" data-element_type=\"container\" data-e-type=\"container\">\n\t\t\t\t<div class=\"elementor-element elementor-element-dad3752 elementor-widget elementor-widget-image\" data-id=\"dad3752\" data-element_type=\"widget\" data-e-type=\"widget\" data-widget_type=\"image.default\">\n\t\t\t\t\t\t\t\t\t\t\t\t\t\t\t<img decoding=\"async\" width=\"1500\" height=\"530\" src=\"https:\/\/cparici.com\/wp-content\/uploads\/2024\/08\/plages-du-debarquement-en-Normandie-Histoire-et-memoire.jpg\" class=\"attachment-full size-full wp-image-42869\" alt=\"plages du d\u00e9barquement en Normandie - Histoire et m\u00e9moire\" srcset=\"https:\/\/cparici.com\/wp-content\/uploads\/2024\/08\/plages-du-debarquement-en-Normandie-Histoire-et-memoire.jpg 1500w, https:\/\/cparici.com\/wp-content\/uploads\/2024\/08\/plages-du-debarquement-en-Normandie-Histoire-et-memoire-600x212.jpg 600w, https:\/\/cparici.com\/wp-content\/uploads\/2024\/08\/plages-du-debarquement-en-Normandie-Histoire-et-memoire-300x106.jpg 300w, https:\/\/cparici.com\/wp-content\/uploads\/2024\/08\/plages-du-debarquement-en-Normandie-Histoire-et-memoire-1024x362.jpg 1024w, https:\/\/cparici.com\/wp-content\/uploads\/2024\/08\/plages-du-debarquement-en-Normandie-Histoire-et-memoire-768x271.jpg 768w\" sizes=\"(max-width: 1500px) 100vw, 1500px\" \/>\t\t\t\t\t\t\t\t\t\t\t\t\t\t\t<\/div>\n\t\t\t\t<\/div>\n\t\t<aside class=\"elementor-element elementor-element-132db7a e-flex e-con-boxed e-con e-parent\" data-id=\"132db7a\" data-element_type=\"container\" data-e-type=\"container\">\n\t\t\t\t\t<div class=\"e-con-inner\">\n\t\t\t\t<div class=\"elementor-element elementor-element-12374d2 elementor-widget elementor-widget-global elementor-global-62046 elementor-widget-eael-advanced-search\" data-id=\"12374d2\" data-element_type=\"widget\" data-e-type=\"widget\" data-widget_type=\"eael-advanced-search.default\">\n\t\t\t\t\t        <div class=\"eael-adv-search-wrapper\">\n            <div id=\"eael-advanced-search-widget-12374d2\" class=\"eael-advanced-search-widget\">\n                <form data-settings=\"{&quot;post_per_page&quot;:5,&quot;search_among_taxonomies&quot;:&quot;&quot;,&quot;search_among_sku&quot;:&quot;no&quot;,&quot;show_popular_keyword&quot;:0,&quot;show_category&quot;:0,&quot;show_content_image&quot;:1,&quot;show_search_result_all_results&quot;:0,&quot;result_on_new_tab&quot;:&quot;no&quot;,&quot;show_product_price&quot;:&quot;no&quot;,&quot;include_current_page&quot;:&quot;no&quot;,&quot;current_post_id&quot;:42868,&quot;post_type&quot;:[&quot;post&quot;,&quot;listing&quot;]}\" method=\"POST\" name=\"eael-advanced-search-form-12374d2\" class=\"eael-advanced-search-form eael-advanced-search-form-style-2\">\n                    <div class=\"eael-advanced-search-wrap\">\n                        <span class=\"eael-adv-search-loader\"><\/span>\n                        <span class=\"eael-adv-search-close\"><i class=\"fas fa-times\"><\/i><\/span>\n                        <span class=\"icon \"><i class=\"fas fa-search\"><\/i><\/span>\n\n                        <input type=\"text\"\n                               placeholder=\"Votre destination\"\n                               class=\"eael-advanced-search\" autocomplete=\"off\" name=\"eael_advanced_search\">\n                    <\/div>\n\t\t\t\t\t                                    <\/form>\n\n\t\t\t\t\n\t\t\t\t        <div class=\"eael-advanced-search-result\">\n            <div class=\"eael-advanced-search-popular-keyword\">\n\t\t\t\t<h4 class=\"eael-advanced-search-popular-keyword-text\">Recherches populaires<\/h4>                <div class=\"eael-popular-keyword-content\"><\/div>\n            <\/div>\n            <div class=\"eael-advanced-search-category\">\n\t\t\t\t<h4 class=\"eael-advanced-search-category-text\">Categories<\/h4>                <div class=\"eael-popular-category-content\"><\/div>\n            <\/div>\n\t\t\t<div class=\"eael-advanced-search-total-results-section\">\n\t\t\t\t\t\t\t<\/div>\n            <div class=\"eael-advanced-search-content eael-item-style-3\">\n            <\/div>\n            <div class=\"eael-advanced-search-not-found\">\n                <p>Pas de r\u00e9sultats<\/p><\/div>\n            <div class=\"eael-advanced-search-load-more\">\n\t\t\t\t<a \tclass=\"eael-advanced-search-load-more-button\"\n                \thref=\"#\">Voir tous les r\u00e9sultats<\/a>\n            <\/div>\n        <\/div>\n\n\t\t            <\/div>\n        <\/div>\n\n\t\t\t\t\t\t<\/div>\n\t\t\t\t\t<\/div>\n\t\t\t\t<\/aside>\n\t\t<div class=\"elementor-element elementor-element-33495a90 e-flex e-con-boxed e-con e-parent\" data-id=\"33495a90\" data-element_type=\"container\" data-e-type=\"container\">\n\t\t\t\t\t<div class=\"e-con-inner\">\n\t\t\t\t<div class=\"elementor-element elementor-element-6536883f elementor-widget elementor-widget-text-editor\" data-id=\"6536883f\" data-element_type=\"widget\" data-e-type=\"widget\" data-widget_type=\"text-editor.default\">\n\t\t\t\t\t\t\t\t\t<h1 style=\"text-align: center;\"><span style=\"font-size: 18pt;\"><strong>Plages du D\u00e9barquement<\/strong><\/span><\/h1><p><strong>Plages du D\u00e9barquement-<\/strong>\u00a0Un site historique en <a href=\"https:\/\/cparici.com\/fr\/visiter-la-normandie-guide\/\">Normandie<\/a>, marqu\u00e9 par les \u00e9v\u00e9nements de juin 1944, est aujourd\u2019hui un lieu de m\u00e9moire incontournable. Cette r\u00e9gion du pays est \u00e9galement un symbole fort pour les visiteurs du monde entier.<\/p>\t\t\t\t\t\t\t\t<\/div>\n\t\t\t\t\t<\/div>\n\t\t\t\t<\/div>\n\t\t<aside class=\"elementor-element elementor-element-65bf4937 e-flex e-con-boxed e-con e-parent\" data-id=\"65bf4937\" data-element_type=\"container\" data-e-type=\"container\" data-settings=\"{&quot;background_background&quot;:&quot;classic&quot;}\">\n\t\t\t\t\t<div class=\"e-con-inner\">\n\t\t\t\t<div class=\"elementor-element elementor-element-58dad186 elementor-widget elementor-widget-spacer\" data-id=\"58dad186\" data-element_type=\"widget\" data-e-type=\"widget\" data-widget_type=\"spacer.default\">\n\t\t\t\t\t\t\t<div class=\"elementor-spacer\">\n\t\t\t<div class=\"elementor-spacer-inner\"><\/div>\n\t\t<\/div>\n\t\t\t\t\t\t<\/div>\n\t\t\t\t<div class=\"elementor-element elementor-element-139fad49 elementor-widget elementor-widget-heading\" data-id=\"139fad49\" data-element_type=\"widget\" data-e-type=\"widget\" data-widget_type=\"heading.default\">\n\t\t\t\t\t<h2 class=\"elementor-heading-title elementor-size-default\">H\u00e9bergements de Vacances Manche en direct<\/h2>\t\t\t\t<\/div>\n\t\t\t\t<div class=\"elementor-element elementor-element-7d80e35e elementor-widget elementor-widget-listeo-listings-carousel\" data-id=\"7d80e35e\" data-element_type=\"widget\" data-e-type=\"widget\" data-widget_type=\"listeo-listings-carousel.default\">\n\t\t\t\t<div class=\"elementor-widget-container\">\n\t\t\t\t\t        <!-- Carousel \/ Start -->\n        \t<div class=\"simple-slick-carousel dots-nav\" data-slick='{&quot;autoplay&quot;:true,&quot;autoplaySpeed&quot;:3000,&quot;slidesToShow&quot;:3,&quot;slidesToScroll&quot;:1,&quot;responsive&quot;:[{&quot;breakpoint&quot;:1024,&quot;settings&quot;:{&quot;slidesToShow&quot;:2,&quot;slidesToScroll&quot;:1}},{&quot;breakpoint&quot;:768,&quot;settings&quot;:{&quot;slidesToShow&quot;:1,&quot;slidesToScroll&quot;:1}}]}'>\n                            <div class=\"fw-carousel-item\">                    \n                        <!-- Listing Item -->\r\n            <div class=\"col-lg-6 col-md-12\">\r\n                <a href=\"https:\/\/cparici.com\/en\/annonce\/charmant-petit-pod-en-bois-en-normandie-option-bain-nordique-possible\/\" class=\"listing-item-container listing-geo-data compact\" data-title=\"Charmant petit POD en bois en Normandie option bain nordique possible\" data-listing-type=\"rental\" data-classifieds-price=\"\u20ac\" data-friendly-address=\"3 rue du Rey - 50590 Montmartin sur Mer\" data-address=\"3 rue du Rey - 50590 Montmartin sur Mer\" data-image=\"https:\/\/cparici.com\/wp-content\/uploads\/2025\/12\/20250402_180421-2-520x397.jpg\" data-longitude=\"-1.5292969\" data-latitude=\"48.9926858\" data-rating=\"0\" data-reviews=\"0\" data-icon=\"<svg xmlns=&quot;http:\/\/www.w3.org\/2000\/svg&quot; width=&quot;800px&quot; height=&quot;800px&quot; viewBox=&quot;0 0 45 45&quot; fill=&quot;none&quot;>\n<path d=&quot;M24.155 8.78099L24.33 8.94499L37.402 21.787L36 23.213L34.2 21.445L34.201 35C34.201 36.054 33.385 36.918 32.35 36.994L32.201 37H12.201C11.147 37 10.283 36.184 10.206 35.149L10.201 35L10.2 21.446L8.402 23.213L7 21.787L20.058 8.95799C21.171 7.82199 22.966 7.75899 24.155 8.78099ZM21.569 10.285L21.473 10.372L12.2 19.481L12.201 35L17.2 34.999L17.201 25C17.201 23.946 18.017 23.082 19.052 23.005L19.201 23H25.201C26.255 23 27.119 23.816 27.196 24.851L27.201 25L27.2 34.999L32.201 35L32.2 19.48L22.901 10.344C22.537 9.98699 21.969 9.96499 21.569 10.285ZM25.201 25H19.201L19.2 34.999H25.2L25.201 25Z&quot; fill=&quot;#3C3C3C&quot;\/>\n<\/svg>\">\r\n            <div class=\"listing-item  \">\r\n                <div class=\"listing-small-badges-container\">\r\n                                                                <div class=\"listing-small-badge pricing-badge\"><i class=\"fa fa-tag\"><\/i>52.00\u20ac - 72.00\u20ac<\/div>\r\n                                                            \r\n                                        \r\n                                        \r\n                <\/div>\r\n                <img decoding=\"async\" src=\"https:\/\/cparici.com\/wp-content\/uploads\/2025\/12\/20250402_180421-2-520x397.jpg\" alt=\"Charmant petit POD en bois en Normandie option bain nordique possible\" class=\"listing-thumbnail\">\r\n                \r\n\r\n                <div class=\"listing-item-content\">\r\n                    \r\n                    <h3> Charmant petit POD en bois en Normandie option bain nordique possible <\/h3>\r\n                    <span>3 rue du Rey - 50590 Montmartin sur Mer<\/span>\r\n                <\/div>\r\n                                        <span class=\"save like-icon tooltip left\" title=\"Login To Bookmark Items\"><\/span>\r\n                                                <\/div>\r\n        <\/a>\r\n                    <\/div>\r\n        \r\n\r\n        <!-- Listing Item \/ End -->\n                    <\/div>\n                          <\/div>\n        \t\t\t\t<\/div>\n\t\t\t\t<\/div>\n\t\t\t\t\t<\/div>\n\t\t\t\t<\/aside>\n\t\t<div class=\"elementor-element elementor-element-287faa4 e-flex e-con-boxed e-con e-parent\" data-id=\"287faa4\" data-element_type=\"container\" data-e-type=\"container\">\n\t\t\t\t\t<div class=\"e-con-inner\">\n\t\t\t\t<div class=\"elementor-element elementor-element-2f61281 elementor-widget elementor-widget-text-editor\" data-id=\"2f61281\" data-element_type=\"widget\" data-e-type=\"widget\" data-widget_type=\"text-editor.default\">\n\t\t\t\t\t\t\t\t\t<h2><span style=\"font-size: 18pt;\"><strong>Histoire des Plages du D\u00e9barquement<\/strong><\/span><\/h2><h3><strong>Contexte Historique du D\u00e9barquement en 1944<\/strong><\/h3><p>Le <strong>6 juin 1944<\/strong>, \u00e9galement connu sous le nom de <strong>D-Day<\/strong>, marque le d\u00e9but de la lib\u00e9ration de l\u2019<a href=\"https:\/\/cparici.com\/fr\/europe\/\">Europe<\/a> de l\u2019Ouest par les forces alli\u00e9es. Les plages de Normandie, en particulier <strong>Omaha Beach<\/strong>, <strong>Utah Beach<\/strong>, <strong>Juno Beach<\/strong>, <strong>Sword Beach<\/strong>, et <strong>Gold Beach<\/strong>, furent les lieux principaux de ce d\u00e9barquement historique. Cet \u00e9v\u00e9nement est crucial car il repr\u00e9sente le tournant de la Seconde Guerre mondiale, o\u00f9 les forces alli\u00e9es ont pu \u00e9tablir un front occidental solide contre les forces de l\u2019Axe.<\/p><h3><strong>Les Plages du D\u00e9barquement : Un Th\u00e9\u00e2tre de Guerre<\/strong><\/h3><p>Les <a href=\"https:\/\/cparici.com\/fr\/plages-en-france\/\">plages<\/a> de Normandie ont \u00e9t\u00e9 le th\u00e9\u00e2tre d\u2019une des plus grandes op\u00e9rations militaires de l\u2019Histoire. Le matin du 6 juin 1944, plus de 156 000 soldats alli\u00e9s ont pris d\u2019assaut les plages de Normandie. <strong>Omaha Beach<\/strong> fut particuli\u00e8rement meurtri\u00e8re, avec des milliers de pertes parmi les forces am\u00e9ricaines. L\u2019ampleur des combats, les strat\u00e9gies d\u00e9ploy\u00e9es, et la bravoure des soldats ont marqu\u00e9 \u00e0 jamais l\u2019histoire de cette r\u00e9gion.<\/p><h3><strong>Situation G\u00e9ographique des Plages du D\u00e9barquement<\/strong><\/h3><h4><strong>Localisation en Normandie<\/strong><\/h4><p>La <strong>plage du D\u00e9barquement<\/strong> s\u2019\u00e9tend le long de la c\u00f4te normande, couvrant les <a href=\"https:\/\/cparici.com\/fr\/departements-francais-carte-de-france\/\">d\u00e9partements<\/a> du <a href=\"https:\/\/cparici.com\/fr\/calvados-departement\/\">Calvados<\/a> et de la <a href=\"https:\/\/cparici.com\/fr\/la-manche-departement\/\">Manche<\/a>. Ces plages se situent \u00e0 environ 200 kilom\u00e8tres \u00e0 l\u2019ouest de <a href=\"https:\/\/cparici.com\/fr\/paris-la-defense\/\">Paris<\/a>. Les principaux lieux d\u2019int\u00e9r\u00eat sont accessibles depuis les villes de Caen, Bayeux, et Carentan, qui servent souvent de point de d\u00e9part pour les visites guid\u00e9es.<\/p><h2><span style=\"font-size: 18pt;\"><strong>Les Cinq Plages Principales du d\u00e9barquement en Normandie<\/strong><\/span><\/h2><h3><strong>Omaha Beach<\/strong><\/h3><p>Situ\u00e9e pr\u00e8s de Saint-Laurent-sur-Mer, cette plage est connue pour les combats intenses du D-Day.<\/p><p data-sourcepos=\"3:1-3:89\">Affect\u00e9e aux troupes am\u00e9ricaines, elle a \u00e9t\u00e9 le th\u00e9\u00e2tre de combats particuli\u00e8rement violents, lui valant le surnom d\u2019\u00ab Omaha la sanglante \u00bb.<\/p><h4 data-sourcepos=\"5:1-5:49\">Pourquoi Omaha Beach fut-elle si meurtri\u00e8re ?<\/h4><ul data-sourcepos=\"7:1-7:12\"><li data-sourcepos=\"7:1-7:12\"><strong>D\u00e9fenses allemandes redoutables:<\/strong> Les fortifications allemandes \u00e9taient bien plus solides et nombreuses qu\u2019estim\u00e9 par les Alli\u00e9s. Les bunkers, les mitrailleuses et l\u2019artillerie \u00e9taient dissimul\u00e9s et pr\u00eats \u00e0 infliger des pertes consid\u00e9rables.<\/li><li data-sourcepos=\"8:1-8:204\"><strong>Erreur d\u2019appr\u00e9ciation:<\/strong> Les bombardements pr\u00e9liminaires n\u2019ont pas r\u00e9ussi \u00e0 neutraliser efficacement les d\u00e9fenses allemandes, laissant les soldats alli\u00e9s expos\u00e9s \u00e0 un feu nourri d\u00e8s leur d\u00e9barquement.<\/li><li data-sourcepos=\"9:1-9:180\"><strong>Terrain difficile:<\/strong> La plage \u00e9tait escarp\u00e9e, parsem\u00e9e d\u2019obstacles et domin\u00e9e par des falaises, rendant les man\u0153uvres difficiles et exposant les troupes \u00e0 des tirs en enfilade.<\/li><li data-sourcepos=\"10:1-10:77\"><strong>Manque de soutien:<\/strong> Les chars amphibies, cens\u00e9s soutenir les fantassins, ont pour la plupart coul\u00e9 avant d\u2019atteindre la plage, privant ainsi les soldats d\u2019un appui essentiel.<\/li><\/ul><h4 data-sourcepos=\"12:1-12:30\">Le d\u00e9roulement de l\u2019assaut<\/h4><p data-sourcepos=\"14:1-14:347\">Les premi\u00e8res vagues d\u2019assaut ont \u00e9t\u00e9 d\u00e9cim\u00e9es par les tirs ennemis. Les soldats am\u00e9ricains ont d\u00fb se frayer un chemin \u00e0 travers les d\u00e9fenses allemandes, sous un feu intense et constant. Ce n\u2019est qu\u2019au prix de lourdes pertes et d\u2019un courage exceptionnel que les troupes am\u00e9ricaines ont r\u00e9ussi \u00e0 s\u2019emparer de la plage et \u00e0 \u00e9tablir une t\u00eate de pont.<\/p><h4 data-sourcepos=\"16:1-16:28\">L\u2019h\u00e9ritage d\u2019Omaha Beach<\/h4><p data-sourcepos=\"18:1-18:11\">Omaha Beach reste un symbole fort de la Seconde Guerre mondiale et du sacrifice des soldats alli\u00e9s. Le cimeti\u00e8re am\u00e9ricain d\u2019Omaha Beach, qui surplombe la plage, t\u00e9moigne de la violence des combats et de l\u2019importance de cette victoire pour la lib\u00e9ration de l\u2019Europe.<\/p><h3><strong>Utah Beach<\/strong><\/h3><p>Situ\u00e9e au nord de Carentan, cette plage est o\u00f9 les forces am\u00e9ricaines ont d\u00e9barqu\u00e9.<\/p><h4 data-sourcepos=\"3:1-3:22\">Un D\u00e9but Inattendu<\/h4><p data-sourcepos=\"5:1-5:47\"><strong>Utah Beach<\/strong>, situ\u00e9e dans la baie du Cotentin en Normandie, est l\u2019une des cinq plages du D\u00e9barquement alli\u00e9 du 6 juin 1944. Initialement, cette plage ne figurait pas dans les plans originaux. C\u2019est en raison d\u2019une r\u00e9\u00e9valuation logistique, qui a permis d\u2019obtenir plus de chalands de d\u00e9barquement, qu\u2019elle a \u00e9t\u00e9 ajout\u00e9e. Son objectif principal \u00e9tait d\u2019\u00e9tablir une t\u00eate de pont solide dans le Cotentin afin de s\u00e9curiser la r\u00e9gion et, surtout, de s\u2019emparer du port strat\u00e9gique de Cherbourg.<\/p><h4 data-sourcepos=\"7:1-7:29\">Le 6 juin 1944 : L\u2019Assaut<\/h4><p data-sourcepos=\"9:1-9:395\">Le d\u00e9barquement sur Utah Beach a \u00e9t\u00e9 men\u00e9 par la 4e Division d\u2019infanterie am\u00e9ricaine. Les soldats am\u00e9ricains ont fait face \u00e0 une r\u00e9sistance allemande plus faible que pr\u00e9vue, en partie gr\u00e2ce \u00e0 une erreur de navigation qui les a d\u00e9pos\u00e9s \u00e0 quelques kilom\u00e8tres de leur objectif initial. Cette erreur, bien que fortuite, a facilit\u00e9 leur progression en les \u00e9loignant des d\u00e9fenses les plus concentr\u00e9es.<\/p><h4 data-sourcepos=\"11:1-11:44\"><strong>Les principales \u00e9tapes du d\u00e9barquement :<\/strong><\/h4><ul data-sourcepos=\"13:1-13:17\"><li data-sourcepos=\"13:1-13:17\"><strong>Bombardements pr\u00e9alables:<\/strong> Des bombardements a\u00e9riens et navals intenses ont vis\u00e9 les d\u00e9fenses allemandes avant l\u2019assaut.<\/li><li data-sourcepos=\"14:1-14:129\"><strong>D\u00e9barquement des troupes:<\/strong> Les premi\u00e8res vagues ont d\u00e9barqu\u00e9 \u00e0 l\u2019aube, suivies par des chars amphibies et du mat\u00e9riel lourd.<\/li><li data-sourcepos=\"15:1-16:0\"><strong>Progression vers l\u2019int\u00e9rieur:<\/strong> Les troupes am\u00e9ricaines ont rapidement s\u00e9curis\u00e9 la plage et se sont dirig\u00e9es vers l\u2019int\u00e9rieur des terres pour rejoindre les autres forces alli\u00e9es.<\/li><\/ul><h4 data-sourcepos=\"17:1-17:47\">Pourquoi Utah Beach \u00e9tait-elle importante ?<\/h4><ul data-sourcepos=\"19:1-19:69\"><li data-sourcepos=\"19:1-19:69\"><strong>T\u00eate de pont:<\/strong> Elle a permis aux Alli\u00e9s de cr\u00e9er une base solide pour les op\u00e9rations ult\u00e9rieures en Normandie.<\/li><li data-sourcepos=\"20:1-20:131\"><strong>Port de Cherbourg:<\/strong> La prise de Cherbourg \u00e9tait essentielle pour approvisionner les forces alli\u00e9es en mat\u00e9riel et en renforts.<\/li><li data-sourcepos=\"21:1-22:0\"><strong>D\u00e9viation des forces allemandes:<\/strong> En d\u00e9barquant \u00e0 Utah Beach, les Alli\u00e9s ont surpris les Allemands et ont contribu\u00e9 \u00e0 disperser leurs forces.<\/li><\/ul><h3><strong>Gold Beach<\/strong><\/h3><p>Situ\u00e9e pr\u00e8s d\u2019Arromanches, cette plage a \u00e9t\u00e9 un point cl\u00e9 pour les Britanniques.<\/p><p data-sourcepos=\"3:1-3:70\">Situ\u00e9e entre Asnelles et Ver-sur-Mer, cette portion de c\u00f4te a \u00e9t\u00e9 assign\u00e9e aux forces britanniques.<\/p><h4 data-sourcepos=\"5:1-5:25\">Pourquoi Gold Beach ?<\/h4><ul data-sourcepos=\"6:1-6:45\"><li data-sourcepos=\"6:1-6:45\"><strong>Position strat\u00e9gique :<\/strong> Gold Beach \u00e9tait situ\u00e9e \u00e0 proximit\u00e9 de Bayeux, une ville importante sur le plan logistique et historique. Sa capture \u00e9tait donc un objectif majeur pour les Alli\u00e9s.<\/li><li data-sourcepos=\"7:1-8:0\"><strong>Port artificiel d\u2019Arromanches :<\/strong> \u00c0 proximit\u00e9 de Gold Beach, les Alli\u00e9s ont construit un port artificiel, \u00e9l\u00e9ment essentiel pour le ravitaillement des troupes alli\u00e9es en Normandie.<\/li><\/ul><h4 data-sourcepos=\"9:1-9:28\">Le Jour J sur Gold Beach<\/h4><ul data-sourcepos=\"10:1-12:28\"><li data-sourcepos=\"10:1-10:101\"><strong>D\u00e9barquement :<\/strong> Le 6 juin 1944, environ 25 000 soldats britanniques ont d\u00e9barqu\u00e9 sur Gold Beach.<\/li><li data-sourcepos=\"11:1-11:161\"><strong>Objectifs :<\/strong> Les objectifs principaux \u00e9taient de s\u00e9curiser la plage, de s\u2019emparer de Bayeux et de cr\u00e9er une t\u00eate de pont solide pour les op\u00e9rations futures.<\/li><li data-sourcepos=\"12:1-12:28\"><strong>R\u00e9sistance allemande :<\/strong> Bien que les d\u00e9fenses allemandes aient \u00e9t\u00e9 moins fortes que sur certaines autres plages, les soldats alli\u00e9s ont tout de m\u00eame rencontr\u00e9 une r\u00e9sistance farouche.<\/li><li data-sourcepos=\"13:1-14:0\"><strong>Succ\u00e8s relatif :<\/strong> Malgr\u00e9 les pertes, les objectifs du Jour J sur Gold Beach ont \u00e9t\u00e9 globalement atteints.<\/li><\/ul><h3><strong>Juno Beach<\/strong><\/h3><p>Situ\u00e9e pr\u00e8s de Courseulles-sur-Mer, cette plage a vu d\u00e9barquer les forces canadiennes.<\/p><p data-sourcepos=\"3:1-3:75\"><strong>Juno Beach<\/strong>, situ\u00e9e entre les plages de Gold et Sword, fut le th\u00e9\u00e2tre d\u2019une des op\u00e9rations les plus importantes du <strong>D\u00e9barquement de Normandie<\/strong>, le 6 juin 1944. Ce secteur, attribu\u00e9 aux forces canadiennes, a jou\u00e9 un r\u00f4le crucial dans la lib\u00e9ration de la France et la d\u00e9faite de l\u2019Allemagne nazie.<\/p><h4 data-sourcepos=\"5:1-5:28\">Les enjeux de Juno Beach<\/h4><ul data-sourcepos=\"7:1-7:9\"><li data-sourcepos=\"7:1-7:9\"><strong>Objectifs strat\u00e9giques :<\/strong> Les Canadiens avaient pour mission d\u2019\u00e9tablir une t\u00eate de pont solide, de s\u2019emparer de villages cl\u00e9s et de progresser vers l\u2019int\u00e9rieur des terres pour rejoindre les forces alli\u00e9es venant des autres plages.<\/li><li data-sourcepos=\"8:1-8:238\"><strong>Difficult\u00e9s du terrain :<\/strong> La plage \u00e9tait parsem\u00e9e d\u2019obstacles, les d\u00e9fenses allemandes \u00e9taient solides et la mer \u00e9tait particuli\u00e8rement agit\u00e9e ce jour-l\u00e0, rendant le d\u00e9barquement des troupes et du mat\u00e9riel particuli\u00e8rement p\u00e9rilleux.<\/li><li data-sourcepos=\"9:1-10:0\"><strong>Le r\u00f4le du Canada :<\/strong> L\u2019implication canadienne dans ce conflit \u00e9tait totale. Des milliers de soldats canadiens ont combattu et beaucoup ont perdu la vie pour lib\u00e9rer l\u2019Europe.<\/li><\/ul><h4 data-sourcepos=\"11:1-11:33\">Le d\u00e9roulement des op\u00e9rations<\/h4><ul data-sourcepos=\"13:1-13:17\"><li data-sourcepos=\"13:1-13:17\"><strong>Le Jour J :<\/strong> Les troupes canadiennes ont affront\u00e9 des r\u00e9sistances f\u00e9roces de la part des forces allemandes. Malgr\u00e9 les conditions difficiles, elles ont r\u00e9ussi \u00e0 p\u00e9n\u00e9trer les d\u00e9fenses ennemies et \u00e0 s\u2019emparer de certains objectifs.<\/li><li data-sourcepos=\"14:1-15:0\"><strong>Les jours suivants :<\/strong> Les combats se sont poursuivis avec acharnement, les Canadiens progressant lentement mais s\u00fbrement \u00e0 l\u2019int\u00e9rieur des terres.<\/li><\/ul><h4 data-sourcepos=\"16:1-16:28\">L\u2019h\u00e9ritage de Juno Beach<\/h4><ul data-sourcepos=\"18:1-19:66\"><li data-sourcepos=\"18:1-18:113\"><strong>Un symbole de courage :<\/strong> Juno Beach est devenue un symbole du sacrifice et du courage des soldats canadiens.<\/li><li data-sourcepos=\"19:1-19:66\"><strong>Un lieu de m\u00e9moire :<\/strong> De nombreux monuments et mus\u00e9es ont \u00e9t\u00e9 \u00e9rig\u00e9s sur les lieux du d\u00e9barquement pour comm\u00e9morer cet \u00e9v\u00e9nement historique.<\/li><li data-sourcepos=\"20:1-21:0\"><strong>Un lien entre le Canada et la France :<\/strong> Le D\u00e9barquement de Normandie a renforc\u00e9 les liens entre le Canada et la France, scellant une amiti\u00e9 forg\u00e9e dans l\u2019adversit\u00e9.<\/li><\/ul><h3><strong>Sword Beach<\/strong><\/h3><p>Situ\u00e9e pr\u00e8s de Ouistreham, cette plage a \u00e9t\u00e9 attaqu\u00e9e par les forces britanniques et fran\u00e7aises.<\/p><p data-sourcepos=\"3:1-3:73\">Attribu\u00e9e principalement aux forces britanniques, cette plage a \u00e9galement vu d\u00e9barquer les commandos fran\u00e7ais, notamment le c\u00e9l\u00e8bre Commando Kieffer.<\/p><h4 data-sourcepos=\"5:1-5:27\">Les Enjeux Strat\u00e9giques<\/h4><ul data-sourcepos=\"7:1-7:13\"><li data-sourcepos=\"7:1-7:13\"><strong>Objectifs :<\/strong> S\u2019emparer des hauteurs dominant la r\u00e9gion, \u00e9tablir une t\u00eate de pont solide et s\u00e9curiser la route vers Caen, un important carrefour routier.<\/li><li data-sourcepos=\"8:1-8:1\"><strong>Difficult\u00e9s :<\/strong> Les d\u00e9fenses allemandes \u00e9taient solides, notamment les obstacles artificiels (ch\u00e2ssis de chars, pieux) et les bunkers. De plus, les mar\u00e9es importantes compliquaient les op\u00e9rations.<\/li><\/ul><h4 data-sourcepos=\"10:1-10:34\">Le D\u00e9roulement du D\u00e9barquement<\/h4><ul data-sourcepos=\"12:1-13:107\"><li data-sourcepos=\"12:1-12:186\"><strong>Les premi\u00e8res heures :<\/strong> Les bombardements navals et a\u00e9riens ont pr\u00e9c\u00e9d\u00e9 l\u2019assaut amphibie. Les commandos fran\u00e7ais ont \u00e9t\u00e9 parmi les premiers \u00e0 d\u00e9barquer, devant Hermanville-sur-Mer.<\/li><li data-sourcepos=\"13:1-13:107\"><strong>Les combats :<\/strong> Les Alli\u00e9s ont rencontr\u00e9 une r\u00e9sistance acharn\u00e9e, mais ont r\u00e9ussi \u00e0 progresser dans les terres. Les chars ont jou\u00e9 un r\u00f4le essentiel pour d\u00e9truire les obstacles et soutenir l\u2019infanterie.<\/li><li data-sourcepos=\"14:1-15:0\"><strong>La jonction avec les Canadiens :<\/strong> Au cours des jours suivants, les forces britanniques ont \u00e9tabli une t\u00eate de pont solide et ont fait jonction avec les Canadiens, d\u00e9barqu\u00e9s \u00e0 Juno Beach.<\/li><\/ul><h2><span style=\"font-size: 18pt;\"><strong>Comm\u00e9morations et Lieux de M\u00e9moire<\/strong><\/span><\/h2><h3><strong>Les C\u00e9r\u00e9monies Annuelles<\/strong><\/h3><p>Chaque ann\u00e9e, le <strong>6 juin<\/strong>, des milliers de personnes se rassemblent pour honorer les soldats tomb\u00e9s lors du <strong>D\u00e9barquement de Normandie<\/strong>. Les c\u00e9r\u00e9monies incluent des discours officiels, des d\u00e9fil\u00e9s militaires, et des hommages rendus par les v\u00e9t\u00e9rans. Ces \u00e9v\u00e9nements attirent non seulement des familles de v\u00e9t\u00e9rans, mais aussi des visiteurs du monde entier, rendant hommage aux sacrifices faits pour la libert\u00e9.<\/p><h3><strong>Les Mus\u00e9es du D\u00e9barquement<\/strong><\/h3><h4><strong>Mus\u00e9e M\u00e9morial d\u2019Omaha Beach<\/strong><\/h4><p>Situ\u00e9 \u00e0 Saint-Laurent-sur-Mer, ce mus\u00e9e retrace l\u2019histoire des \u00e9v\u00e9nements du D-Day \u00e0 travers des expositions d\u2019artefacts, de v\u00e9hicules, et de t\u00e9moignages.<\/p><h4><strong>Mus\u00e9e du D\u00e9barquement \u00e0 Arromanches<\/strong><\/h4><p>Ce mus\u00e9e se concentre sur l\u2019ing\u00e9nierie et la logistique du d\u00e9barquement, notamment la construction du port artificiel de Mulberry.<\/p><h4><strong>M\u00e9morial de Caen<\/strong><\/h4><p>Un mus\u00e9e incontournable qui propose une plong\u00e9e dans l\u2019histoire du XXe si\u00e8cle, avec un focus particulier sur la Seconde Guerre mondiale et le D\u00e9barquement.<\/p><h2><span style=\"font-size: 18pt;\"><strong>Sites et Plages \u00e0 Visiter aux Alentours<\/strong><\/span><\/h2><h3><strong>Les Cimeti\u00e8res Militaires<\/strong><\/h3><h4><strong>Cimeti\u00e8re Am\u00e9ricain de Colleville-sur-Mer<\/strong><\/h4><p>Situ\u00e9 au-dessus d\u2019Omaha Beach, ce cimeti\u00e8re est l\u2019un des plus embl\u00e9matiques, avec plus de 9 000 tombes.<\/p><h4><strong>Cimeti\u00e8re Britannique de Bayeux<\/strong><\/h4><p>Ce cimeti\u00e8re abrite les tombes de plus de 4 000 soldats britanniques, et est un lieu de recueillement.<\/p><h3><strong>Les Sites Historiques<\/strong><\/h3><h4><strong>Pointe du Hoc<\/strong><\/h4><p>Ce promontoire situ\u00e9 entre Utah Beach et Omaha Beach est c\u00e9l\u00e8bre pour l\u2019assaut des Rangers am\u00e9ricains qui ont escalad\u00e9 les falaises pour neutraliser les canons allemands.<\/p><h4><strong>Arromanches-les-Bains<\/strong><\/h4><p>Connu pour les restes du port artificiel, ce site offre une vue impressionnante sur les vestiges du Mulberry Harbour.<\/p><h4><strong>La Batterie de Longues-sur-Mer<\/strong><\/h4><p>Une batterie d\u2019artillerie allemande bien conserv\u00e9e, qui offre un aper\u00e7u de la puissance d\u00e9fensive mise en place par les forces de l\u2019Axe.<\/p><h3><strong>Les Plages \u00e0 D\u00e9couvrir<\/strong><\/h3><p>Outre les plages principales du d\u00e9barquement, la Normandie abrite \u00e9galement de superbes plages moins connues mais tout aussi belles :<\/p><ul><li><strong>Plage de Deauville<\/strong> :Connue pour son \u00e9l\u00e9gance, avec ses c\u00e9l\u00e8bres planches et ses parasols color\u00e9s.<\/li><li><strong>Plage d\u2019Etretat<\/strong> : R\u00e9put\u00e9e pour ses falaises majestueuses et ses arches naturelles.<\/li><li><strong>Plage de Cabourg<\/strong> : Une longue plage de sable fin, parfaite pour des promenades au bord de la mer.<\/li><\/ul><h2><span style=\"font-size: 18pt;\"><strong>FAQ sur les Plages du D\u00e9barquement<\/strong><\/span><\/h2><h3><strong>Quelle est l\u2019importance historique des plages du D\u00e9barquement en Normandie ?<\/strong><\/h3><p>Les plages du D\u00e9barquement sont le site d\u2019une des plus grandes op\u00e9rations militaires de la Seconde Guerre mondiale, marquant le d\u00e9but de la lib\u00e9ration de l\u2019Europe de l\u2019Ouest.<\/p><h3><strong>Quels sont les principaux mus\u00e9es \u00e0 visiter autour des plages du D\u00e9barquement ?<\/strong><\/h3><p>Parmi les principaux mus\u00e9es, on trouve le Mus\u00e9e M\u00e9morial d\u2019Omaha Beach, le Mus\u00e9e du D\u00e9barquement \u00e0 Arromanches, et le M\u00e9morial de Caen.<\/p><h3><strong>O\u00f9 se trouve la Plage d\u2019Omaha en Normandie ?<\/strong><\/h3><p>La plage d\u2019Omaha se situe pr\u00e8s de Saint-Laurent-sur-Mer, dans le d\u00e9partement du Calvados, en Normandie.<\/p><h3><strong>Quelles sont les meilleures p\u00e9riodes pour visiter les plages du D\u00e9barquement ?<\/strong><\/h3><p>La meilleure p\u00e9riode pour visiter est autour du 6 juin, lors des comm\u00e9morations, bien que le site soit accessible et int\u00e9ressant toute l\u2019ann\u00e9e.<\/p><h3><strong>Quelles autres plages de Normandie sont \u00e0 visiter ?<\/strong><\/h3><p>En plus des plages du D\u00e9barquement, vous pouvez visiter les plages de Deauville, Etretat, et Cabourg.<\/p><h2><strong>Conclusion<\/strong><\/h2><p>Les <strong>Plages du D\u00e9barquement<\/strong> en Normandie est bien plus qu\u2019un simple lieu touristique ; c\u2019est un site historique charg\u00e9 d\u2019\u00e9motion, o\u00f9 l\u2019histoire et la m\u00e9moire se rejoignent. Visiter ces plages, les mus\u00e9es, et les sites comm\u00e9moratifs permet de rendre hommage aux milliers de soldats qui ont sacrifi\u00e9 leur vie pour la libert\u00e9. Pour les amateurs d\u2019histoire ou les simples curieux, une visite en Normandie est une plong\u00e9e inoubliable dans l\u2019histoire mondiale.<\/p><p>Pour plus de d\u00e9tails historiques sur le <strong>D\u00e9barquement en Normandie<\/strong>, vous pouvez consulter la page correspondante sur <strong><a href=\"https:\/\/fr.wikipedia.org\/wiki\/D%C3%A9barquement_de_Normandie\" target=\"_new\" rel=\"noopener\">Wikip\u00e9dia<\/a><\/strong>.<\/p><p>N\u2019oubliez pas d\u2019explorer les autres articles du blog pour d\u00e9couvrir davantage de sites historiques en France.<\/p>\t\t\t\t\t\t\t\t<\/div>\n\t\t\t\t\t<\/div>\n\t\t\t\t<\/div>\n\t\t<aside class=\"elementor-element elementor-element-9f45f65 e-flex e-con-boxed e-con e-parent\" data-id=\"9f45f65\" data-element_type=\"container\" data-e-type=\"container\">\n\t\t\t\t\t<div class=\"e-con-inner\">\n\t\t\t\t<div class=\"elementor-element elementor-element-0a7d79f elementor-widget elementor-widget-listeo-posts-grid\" data-id=\"0a7d79f\" data-element_type=\"widget\" data-e-type=\"widget\" data-widget_type=\"listeo-posts-grid.default\">\n\t\t\t\t<div class=\"elementor-widget-container\">\n\t\t\t\t\t\t\t\n\t\t<div class=\"listeo-post-grid-wrapper\">\n\t\t\t<div class=\"row\">\n\n\t\t\t\n\n\t\t\t\t\t\t\t<div class=\"col-md-4\">\n                <a href=\"https:\/\/cparici.com\/en\/mont-saint-michel\/\" class=\"blog-compact-item-container\">\n                    <div class=\"blog-compact-item\">\n                        <img decoding=\"async\" width=\"577\" height=\"200\" src=\"https:\/\/cparici.com\/wp-content\/uploads\/2024\/07\/mont-saint-michel.jpg\" class=\"attachment-listeo-blog-related-post size-listeo-blog-related-post wp-post-image\" alt=\"mont saint michel littoral fran\u00e7ais\" srcset=\"https:\/\/cparici.com\/wp-content\/uploads\/2024\/07\/mont-saint-michel.jpg 1520w, https:\/\/cparici.com\/wp-content\/uploads\/2024\/07\/mont-saint-michel-600x208.jpg 600w, https:\/\/cparici.com\/wp-content\/uploads\/2024\/07\/mont-saint-michel-300x104.jpg 300w, https:\/\/cparici.com\/wp-content\/uploads\/2024\/07\/mont-saint-michel-1024x356.jpg 1024w, https:\/\/cparici.com\/wp-content\/uploads\/2024\/07\/mont-saint-michel-768x267.jpg 768w\" sizes=\"(max-width: 577px) 100vw, 577px\" \/><span class=\"blog-item-tag\">France<\/span>                        \n                        <div class=\"blog-compact-item-content\">\n                                                        <h3>Mont saint michel : guide, billets et secrets de l\u2019abbaye<\/h3>\n                                                        <p>Envie de visiter le mont saint michel ? Ne manquez pas notre article qui vous...                            <\/p>\n                                                    <\/div>\n                    <\/div>\n                <\/a>\n            <\/div>\n\t\t\t<div class=\"col-md-4\">\n                <a href=\"https:\/\/cparici.com\/en\/la-seine-maritime\/\" class=\"blog-compact-item-container\">\n                    <div class=\"blog-compact-item\">\n                        <img decoding=\"async\" width=\"577\" height=\"204\" src=\"https:\/\/cparici.com\/wp-content\/uploads\/2025\/03\/cparici-2025-03-06T123803.912-577x204.jpg\" class=\"attachment-listeo-blog-related-post size-listeo-blog-related-post wp-post-image\" alt=\"Seine Maritime\" srcset=\"https:\/\/cparici.com\/wp-content\/uploads\/2025\/03\/cparici-2025-03-06T123803.912-577x204.jpg 577w, https:\/\/cparici.com\/wp-content\/uploads\/2025\/03\/cparici-2025-03-06T123803.912-300x106.jpg 300w, https:\/\/cparici.com\/wp-content\/uploads\/2025\/03\/cparici-2025-03-06T123803.912-1024x362.jpg 1024w, https:\/\/cparici.com\/wp-content\/uploads\/2025\/03\/cparici-2025-03-06T123803.912-768x271.jpg 768w, https:\/\/cparici.com\/wp-content\/uploads\/2025\/03\/cparici-2025-03-06T123803.912-18x6.jpg 18w, https:\/\/cparici.com\/wp-content\/uploads\/2025\/03\/cparici-2025-03-06T123803.912-590x208.jpg 590w, https:\/\/cparici.com\/wp-content\/uploads\/2025\/03\/cparici-2025-03-06T123803.912-1200x424.jpg 1200w, https:\/\/cparici.com\/wp-content\/uploads\/2025\/03\/cparici-2025-03-06T123803.912-600x212.jpg 600w, https:\/\/cparici.com\/wp-content\/uploads\/2025\/03\/cparici-2025-03-06T123803.912.jpg 1500w\" sizes=\"(max-width: 577px) 100vw, 577px\" \/><span class=\"blog-item-tag\">D\u00e9partement de France<\/span>                        \n                        <div class=\"blog-compact-item-content\">\n                                                        <h3>La Seine Maritime \u2013 paysages et gastronomie<\/h3>\n                                                        <p>Recherches populaires Categories Pas de r\u00e9sultats Voir tous les r\u00e9sultats La Seine Maritime La Seine-Maritime,...                            <\/p>\n                                                    <\/div>\n                    <\/div>\n                <\/a>\n            <\/div>\n\t\t\t<div class=\"col-md-4\">\n                <a href=\"https:\/\/cparici.com\/en\/rouen-decouvertes-guide-ultime-de-la-ville\/\" class=\"blog-compact-item-container\">\n                    <div class=\"blog-compact-item\">\n                        <img decoding=\"async\" width=\"577\" height=\"204\" src=\"https:\/\/cparici.com\/wp-content\/uploads\/2025\/03\/cparici-29-577x204.jpg\" class=\"attachment-listeo-blog-related-post size-listeo-blog-related-post wp-post-image\" alt=\"Rouen centre ville\" srcset=\"https:\/\/cparici.com\/wp-content\/uploads\/2025\/03\/cparici-29-577x204.jpg 577w, https:\/\/cparici.com\/wp-content\/uploads\/2025\/03\/cparici-29-300x106.jpg 300w, https:\/\/cparici.com\/wp-content\/uploads\/2025\/03\/cparici-29-1024x362.jpg 1024w, https:\/\/cparici.com\/wp-content\/uploads\/2025\/03\/cparici-29-768x271.jpg 768w, https:\/\/cparici.com\/wp-content\/uploads\/2025\/03\/cparici-29-18x6.jpg 18w, https:\/\/cparici.com\/wp-content\/uploads\/2025\/03\/cparici-29-590x208.jpg 590w, https:\/\/cparici.com\/wp-content\/uploads\/2025\/03\/cparici-29-1200x424.jpg 1200w, https:\/\/cparici.com\/wp-content\/uploads\/2025\/03\/cparici-29-600x212.jpg 600w, https:\/\/cparici.com\/wp-content\/uploads\/2025\/03\/cparici-29.jpg 1500w\" sizes=\"(max-width: 577px) 100vw, 577px\" \/><span class=\"blog-item-tag\">France<\/span>                        \n                        <div class=\"blog-compact-item-content\">\n                                                        <h3>Rouen d\u00e9couvertes, guide ultime de la ville<\/h3>\n                                                        <p>Recherches populaires Categories Pas de r\u00e9sultats Voir tous les r\u00e9sultats Rouen Rouen, la capitale historique...                            <\/p>\n                                                    <\/div>\n                    <\/div>\n                <\/a>\n            <\/div>\n  <\/div>\n        <\/div>\n        \t\t\t\t<\/div>\n\t\t\t\t<\/div>\n\t\t\t\t\t<\/div>\n\t\t\t\t<\/aside>\n\t\t<div class=\"elementor-element elementor-element-ce84091 e-flex e-con-boxed e-con e-parent\" data-id=\"ce84091\" data-element_type=\"container\" data-e-type=\"container\">\n\t\t\t\t\t<div class=\"e-con-inner\">\n\t\t\t\t<div class=\"elementor-element elementor-element-0e547ac elementor-widget elementor-widget-text-editor\" data-id=\"0e547ac\" data-element_type=\"widget\" data-e-type=\"widget\" data-widget_type=\"text-editor.default\">\n\t\t\t\t\t\t\t\t\t<p>Lorem ipsum dolor sit amet, consectetur adipiscing elit. Ut elit tellus, luctus nec ullamcorper mattis, pulvinar dapibus leo.<\/p>\t\t\t\t\t\t\t\t<\/div>\n\t\t\t\t\t<\/div>\n\t\t\t\t<\/div>\n\t\t\t\t<\/div>\n\t\t","protected":false},"excerpt":{"rendered":"<p>Discover the D-Day Beaches in Normandy: history of the D-Day, commemorations, museums and must-see sites in the vicinity.<\/p>","protected":false},"author":1,"featured_media":42869,"comment_status":"closed","ping_status":"open","sticky":false,"template":"","format":"standard","meta":{"ngg_post_thumbnail":0,"footnotes":""},"categories":[477,1080,1037,600],"tags":[200,199,1429],"class_list":["post-42868","post","type-post","status-publish","format-standard","has-post-thumbnail","hentry","category-france","category-calvados-departement","category-la-manche","category-normandie","tag-histoire","tag-patrimoine","tag-plages-plages-du-debarquement"],"_links":{"self":[{"href":"https:\/\/cparici.com\/en\/wp-json\/wp\/v2\/posts\/42868","targetHints":{"allow":["GET"]}}],"collection":[{"href":"https:\/\/cparici.com\/en\/wp-json\/wp\/v2\/posts"}],"about":[{"href":"https:\/\/cparici.com\/en\/wp-json\/wp\/v2\/types\/post"}],"author":[{"embeddable":true,"href":"https:\/\/cparici.com\/en\/wp-json\/wp\/v2\/users\/1"}],"replies":[{"embeddable":true,"href":"https:\/\/cparici.com\/en\/wp-json\/wp\/v2\/comments?post=42868"}],"version-history":[{"count":0,"href":"https:\/\/cparici.com\/en\/wp-json\/wp\/v2\/posts\/42868\/revisions"}],"wp:featuredmedia":[{"embeddable":true,"href":"https:\/\/cparici.com\/en\/wp-json\/wp\/v2\/media\/42869"}],"wp:attachment":[{"href":"https:\/\/cparici.com\/en\/wp-json\/wp\/v2\/media?parent=42868"}],"wp:term":[{"taxonomy":"category","embeddable":true,"href":"https:\/\/cparici.com\/en\/wp-json\/wp\/v2\/categories?post=42868"},{"taxonomy":"post_tag","embeddable":true,"href":"https:\/\/cparici.com\/en\/wp-json\/wp\/v2\/tags?post=42868"}],"curies":[{"name":"wp","href":"https:\/\/api.w.org\/{rel}","templated":true}]}}